{"id":547727,"date":"2026-01-21T17:46:02","date_gmt":"2026-01-21T21:46:02","guid":{"rendered":"https:\/\/casadecampoliving.com\/?p=547727"},"modified":"2026-01-21T17:46:03","modified_gmt":"2026-01-21T21:46:03","slug":"la-marina-casa-de-campo-vibrara-al-ritmo-de-dj-lucian-en-plaza-portofino","status":"publish","type":"post","link":"https:\/\/casadecampoliving.com\/es\/la-marina-casa-de-campo-vibrara-al-ritmo-de-dj-lucian-en-plaza-portofino\/","title":{"rendered":"La Marina Casa de Campo vibrar\u00e1 al ritmo de DJ LUCIAN en Plaza Portofino"},"content":{"rendered":"\n<p>La Marina Casa de Campo invita a residentes y visitantes a una noche inolvidable de m\u00fasica y entretenimiento con la presentaci\u00f3n especial de <strong>DJ LUCIAN<\/strong>. El evento tendr\u00e1 lugar el pr\u00f3ximo <strong>domingo 25 de enero<\/strong>.<\/p>\n\n\n\n<p>La velada comenzar\u00e1 a las <strong>9:00 PM<\/strong>, ofreciendo una experiencia sonora \u00fanica en uno de los entornos m\u00e1s exclusivos del resort. Esta presentaci\u00f3n forma parte de la cartelera de eventos de La Marina, dise\u00f1ada para complementar la oferta gastron\u00f3mica y de ocio de la zona.<\/p>\n\n\n\n<p><strong>Detalles del evento:<\/strong><\/p>\n\n\n\n<ul class=\"wp-block-list\">\n<li><strong>Fecha:<\/strong> Domingo 25 de enero de 2026.<\/li>\n\n\n\n<li><strong>Hora:<\/strong> 9:00 PM.<\/li>\n\n\n\n<li><strong>Lugar:<\/strong> Plaza Portofino, Marina Casa de Campo.<\/li>\n<\/ul>\n\n\n\n<p>Se recomienda a los interesados realizar sus reservaciones con tiempo en su restaurante favorito de la Plaza Portofino para asegurar una ubicaci\u00f3n privilegiada durante el set de DJ LUCIAN.<\/p>\n\n\n\n<figure class=\"wp-block-gallery has-nested-images columns-default is-cropped wp-block-gallery-1 is-layout-flex wp-block-gallery-is-layout-flex\">\n<figure class=\"wp-block-image size-large\"><img data-recalc-dims=\"1\" loading=\"lazy\" decoding=\"async\" width=\"1024\" height=\"683\" data-attachment-id=\"547730\" data-permalink=\"https:\/\/casadecampoliving.com\/es\/la-marina-casa-de-campo-vibrara-al-ritmo-de-dj-lucian-en-plaza-portofino\/dj-lucian_600x400\/\" data-orig-file=\"https:\/\/i0.wp.com\/casadecampoliving.com\/wp-content\/uploads\/2026\/01\/DJ-LUCIAN_600X400.jpg?fit=2500%2C1667&amp;ssl=1\" data-orig-size=\"2500,1667\" data-comments-opened=\"0\" data-image-meta=\"{&quot;aperture&quot;:&quot;0&quot;,&quot;credit&quot;:&quot;&quot;,&quot;camera&quot;:&quot;&quot;,&quot;caption&quot;:&quot;&quot;,&quot;created_timestamp&quot;:&quot;0&quot;,&quot;copyright&quot;:&quot;&quot;,&quot;focal_length&quot;:&quot;0&quot;,&quot;iso&quot;:&quot;0&quot;,&quot;shutter_speed&quot;:&quot;0&quot;,&quot;title&quot;:&quot;&quot;,&quot;orientation&quot;:&quot;0&quot;}\" data-image-title=\"DJ LUCIAN_600X400\" data-image-description=\"\" data-image-caption=\"\" data-large-file=\"https:\/\/i0.wp.com\/casadecampoliving.com\/wp-content\/uploads\/2026\/01\/DJ-LUCIAN_600X400.jpg?fit=1024%2C683&amp;ssl=1\" data-id=\"547730\" src=\"https:\/\/i0.wp.com\/casadecampoliving.com\/wp-content\/uploads\/2026\/01\/DJ-LUCIAN_600X400.jpg?resize=1024%2C683&#038;ssl=1\" alt=\"\" class=\"wp-image-547730\" srcset=\"https:\/\/i0.wp.com\/casadecampoliving.com\/wp-content\/uploads\/2026\/01\/DJ-LUCIAN_600X400.jpg?resize=1024%2C683&amp;ssl=1 1024w, https:\/\/i0.wp.com\/casadecampoliving.com\/wp-content\/uploads\/2026\/01\/DJ-LUCIAN_600X400.jpg?resize=300%2C200&amp;ssl=1 300w, https:\/\/i0.wp.com\/casadecampoliving.com\/wp-content\/uploads\/2026\/01\/DJ-LUCIAN_600X400.jpg?resize=768%2C512&amp;ssl=1 768w, https:\/\/i0.wp.com\/casadecampoliving.com\/wp-content\/uploads\/2026\/01\/DJ-LUCIAN_600X400.jpg?resize=1536%2C1024&amp;ssl=1 1536w, https:\/\/i0.wp.com\/casadecampoliving.com\/wp-content\/uploads\/2026\/01\/DJ-LUCIAN_600X400.jpg?resize=2048%2C1366&amp;ssl=1 2048w, https:\/\/i0.wp.com\/casadecampoliving.com\/wp-content\/uploads\/2026\/01\/DJ-LUCIAN_600X400.jpg?resize=1200%2C800&amp;ssl=1 1200w, https:\/\/i0.wp.com\/casadecampoliving.com\/wp-content\/uploads\/2026\/01\/DJ-LUCIAN_600X400.jpg?resize=2000%2C1334&amp;ssl=1 2000w, https:\/\/i0.wp.com\/casadecampoliving.com\/wp-content\/uploads\/2026\/01\/DJ-LUCIAN_600X400.jpg?resize=780%2C520&amp;ssl=1 780w, https:\/\/i0.wp.com\/casadecampoliving.com\/wp-content\/uploads\/2026\/01\/DJ-LUCIAN_600X400.jpg?resize=400%2C267&amp;ssl=1 400w, https:\/\/i0.wp.com\/casadecampoliving.com\/wp-content\/uploads\/2026\/01\/DJ-LUCIAN_600X400.jpg?resize=1320%2C880&amp;ssl=1 1320w, https:\/\/i0.wp.com\/casadecampoliving.com\/wp-content\/uploads\/2026\/01\/DJ-LUCIAN_600X400.jpg?resize=150%2C100&amp;ssl=1 150w, https:\/\/i0.wp.com\/casadecampoliving.com\/wp-content\/uploads\/2026\/01\/DJ-LUCIAN_600X400-1024x683.jpg?w=370&amp;ssl=1 370w\" sizes=\"auto, (max-width: 1000px) 100vw, 1000px\" \/><\/figure>\n<\/figure>\n","protected":false},"excerpt":{"rendered":"<p>La Marina Casa de Campo invita a residentes y visitantes a una noche inolvidable de m\u00fasica y entretenimiento con la presentaci\u00f3n especial de DJ LUCIAN. El evento tendr\u00e1 lugar el pr\u00f3ximo domingo 25 de enero. La velada comenzar\u00e1 a las 9:00 PM, ofreciendo una experiencia sonora \u00fanica en uno de los entornos m\u00e1s exclusivos del [&hellip;]<\/p>\n","protected":false},"author":431,"featured_media":547728,"comment_status":"closed","ping_status":"closed","sticky":false,"template":"","format":"standard","meta":{"newspack_ads_suppress_ads":false,"newspack_popups_has_disabled_popups":false,"newspack_sponsor_sponsorship_scope":"","newspack_sponsor_native_byline_display":"inherit","newspack_sponsor_native_category_display":"inherit","newspack_sponsor_underwriter_style":"inherit","newspack_sponsor_underwriter_placement":"inherit","_newspack_byline_active":false,"_newspack_byline":"","newspack_hide_updated_date":false,"newspack_show_updated_date":false,"newspack_content_restriction_is_exempt":false,"newspack_featured_image_position":"large","newspack_post_subtitle":"Se recomienda a los interesados realizar sus reservaciones con tiempo en su restaurante favorito","newspack_article_summary_title":"Overview:","newspack_article_summary":"","_jetpack_memberships_contains_paid_content":false,"footnotes":"","jetpack_publicize_message":"","jetpack_publicize_feature_enabled":true,"jetpack_social_post_already_shared":true,"jetpack_social_options":{"image_generator_settings":{"template":"highway","default_image_id":0,"font":"","enabled":false},"version":2},"_wpas_customize_per_network":false},"categories":[26392,24554,2518,14627,2501],"tags":[3626,14736,2590],"newspack_spnsrs_tax":[],"class_list":["post-547727","post","type-post","status-publish","format-standard","has-post-thumbnail","hentry","category-casa-de-campo-resort-villas","category-comunidad","category-conciertos-es","category-proximamente","category-vida-nocturna-es","tag-casa-de-campo-es","tag-featured-topview-es","tag-la-marina-casa-de-campo","entry"],"yoast_head":"<!-- This site is optimized with the Yoast SEO plugin v27.5 - https:\/\/yoast.com\/product\/yoast-seo-wordpress\/ -->\n<title>La Marina Casa de Campo vibrar\u00e1 al ritmo de DJ LUCIAN en Plaza Portofino | Casa de Campo Living<\/title>\n<meta name=\"description\" content=\"La Marina Casa de Campo invita a residentes y visitantes a una noche inolvidable de m\u00fasica y entretenimiento con la presentaci\u00f3n especial de DJ LUCIAN. El\" \/>\n<meta name=\"robots\" content=\"index, follow, max-snippet:-1, max-image-preview:large, max-video-preview:-1\" \/>\n<link rel=\"canonical\" href=\"https:\/\/casadecampoliving.com\/es\/la-marina-casa-de-campo-vibrara-al-ritmo-de-dj-lucian-en-plaza-portofino\/\" \/>\n<meta property=\"og:locale\" content=\"es_ES\" \/>\n<meta property=\"og:type\" content=\"article\" \/>\n<meta property=\"og:title\" content=\"La Marina Casa de Campo vibrar\u00e1 al ritmo de DJ LUCIAN en Plaza Portofino | Casa de Campo Living\" \/>\n<meta property=\"og:description\" content=\"La Marina Casa de Campo invita a residentes y visitantes a una noche inolvidable de m\u00fasica y entretenimiento con la presentaci\u00f3n especial de DJ LUCIAN. El\" \/>\n<meta property=\"og:url\" content=\"https:\/\/casadecampoliving.com\/es\/la-marina-casa-de-campo-vibrara-al-ritmo-de-dj-lucian-en-plaza-portofino\/\" \/>\n<meta property=\"og:site_name\" content=\"Casa de Campo Living\" \/>\n<meta property=\"article:publisher\" content=\"https:\/\/www.facebook.com\/casadecampoliving\" \/>\n<meta property=\"article:published_time\" content=\"2026-01-21T21:46:02+00:00\" \/>\n<meta property=\"article:modified_time\" content=\"2026-01-21T21:46:03+00:00\" \/>\n<meta property=\"og:image\" content=\"https:\/\/casadecampoliving.com\/wp-content\/uploads\/2026\/01\/DJ-LUCIAN_620X400-scaled.jpg\" \/>\n\t<meta property=\"og:image:width\" content=\"2560\" \/>\n\t<meta property=\"og:image:height\" content=\"1652\" \/>\n\t<meta property=\"og:image:type\" content=\"image\/jpeg\" \/>\n<meta name=\"author\" content=\"Mairobi Herrera\" \/>\n<meta name=\"twitter:card\" content=\"summary_large_image\" \/>\n<meta name=\"twitter:creator\" content=\"@cdcliving\" \/>\n<meta name=\"twitter:site\" content=\"@cdcliving\" \/>\n<meta name=\"twitter:label1\" content=\"Escrito por\" \/>\n\t<meta name=\"twitter:data1\" content=\"Mairobi Herrera\" \/>\n\t<meta name=\"twitter:label2\" content=\"Tiempo de lectura\" \/>\n\t<meta name=\"twitter:data2\" content=\"1 minuto\" \/>\n<script type=\"application\/ld+json\" class=\"yoast-schema-graph\">{\"@context\":\"https:\\\/\\\/schema.org\",\"@graph\":[{\"@type\":\"Article\",\"@id\":\"https:\\\/\\\/casadecampoliving.com\\\/es\\\/la-marina-casa-de-campo-vibrara-al-ritmo-de-dj-lucian-en-plaza-portofino\\\/#article\",\"isPartOf\":{\"@id\":\"https:\\\/\\\/casadecampoliving.com\\\/es\\\/la-marina-casa-de-campo-vibrara-al-ritmo-de-dj-lucian-en-plaza-portofino\\\/\"},\"author\":{\"name\":\"Mairobi Herrera\",\"@id\":\"https:\\\/\\\/casadecampoliving.com\\\/es\\\/#\\\/schema\\\/person\\\/932e594484c49168ad37fbb9141bf699\"},\"headline\":\"La Marina Casa de Campo vibrar\u00e1 al ritmo de DJ LUCIAN en Plaza Portofino\",\"datePublished\":\"2026-01-21T21:46:02+00:00\",\"dateModified\":\"2026-01-21T21:46:03+00:00\",\"mainEntityOfPage\":{\"@id\":\"https:\\\/\\\/casadecampoliving.com\\\/es\\\/la-marina-casa-de-campo-vibrara-al-ritmo-de-dj-lucian-en-plaza-portofino\\\/\"},\"wordCount\":146,\"publisher\":{\"@id\":\"https:\\\/\\\/casadecampoliving.com\\\/es\\\/#organization\"},\"image\":{\"@id\":\"https:\\\/\\\/casadecampoliving.com\\\/es\\\/la-marina-casa-de-campo-vibrara-al-ritmo-de-dj-lucian-en-plaza-portofino\\\/#primaryimage\"},\"thumbnailUrl\":\"https:\\\/\\\/i0.wp.com\\\/casadecampoliving.com\\\/wp-content\\\/uploads\\\/2026\\\/01\\\/DJ-LUCIAN_620X400-scaled.jpg?fit=2560%2C1652&ssl=1\",\"keywords\":[\"casa de campo @es\",\"Featured-TopView @es\",\"la marina casa de campo\"],\"articleSection\":[\"Casa de Campo Resort &amp; Villas\",\"Comunidad\",\"Conciertos\",\"Proximamente\",\"Vida Nocturna\"],\"inLanguage\":\"es\"},{\"@type\":\"WebPage\",\"@id\":\"https:\\\/\\\/casadecampoliving.com\\\/es\\\/la-marina-casa-de-campo-vibrara-al-ritmo-de-dj-lucian-en-plaza-portofino\\\/\",\"url\":\"https:\\\/\\\/casadecampoliving.com\\\/es\\\/la-marina-casa-de-campo-vibrara-al-ritmo-de-dj-lucian-en-plaza-portofino\\\/\",\"name\":\"La Marina Casa de Campo vibrar\u00e1 al ritmo de DJ LUCIAN en Plaza Portofino | Casa de Campo Living\",\"isPartOf\":{\"@id\":\"https:\\\/\\\/casadecampoliving.com\\\/es\\\/#website\"},\"primaryImageOfPage\":{\"@id\":\"https:\\\/\\\/casadecampoliving.com\\\/es\\\/la-marina-casa-de-campo-vibrara-al-ritmo-de-dj-lucian-en-plaza-portofino\\\/#primaryimage\"},\"image\":{\"@id\":\"https:\\\/\\\/casadecampoliving.com\\\/es\\\/la-marina-casa-de-campo-vibrara-al-ritmo-de-dj-lucian-en-plaza-portofino\\\/#primaryimage\"},\"thumbnailUrl\":\"https:\\\/\\\/i0.wp.com\\\/casadecampoliving.com\\\/wp-content\\\/uploads\\\/2026\\\/01\\\/DJ-LUCIAN_620X400-scaled.jpg?fit=2560%2C1652&ssl=1\",\"datePublished\":\"2026-01-21T21:46:02+00:00\",\"dateModified\":\"2026-01-21T21:46:03+00:00\",\"description\":\"La Marina Casa de Campo invita a residentes y visitantes a una noche inolvidable de m\u00fasica y entretenimiento con la presentaci\u00f3n especial de DJ LUCIAN. El\",\"breadcrumb\":{\"@id\":\"https:\\\/\\\/casadecampoliving.com\\\/es\\\/la-marina-casa-de-campo-vibrara-al-ritmo-de-dj-lucian-en-plaza-portofino\\\/#breadcrumb\"},\"inLanguage\":\"es\",\"potentialAction\":[{\"@type\":\"ReadAction\",\"target\":[\"https:\\\/\\\/casadecampoliving.com\\\/es\\\/la-marina-casa-de-campo-vibrara-al-ritmo-de-dj-lucian-en-plaza-portofino\\\/\"]}]},{\"@type\":\"ImageObject\",\"inLanguage\":\"es\",\"@id\":\"https:\\\/\\\/casadecampoliving.com\\\/es\\\/la-marina-casa-de-campo-vibrara-al-ritmo-de-dj-lucian-en-plaza-portofino\\\/#primaryimage\",\"url\":\"https:\\\/\\\/i0.wp.com\\\/casadecampoliving.com\\\/wp-content\\\/uploads\\\/2026\\\/01\\\/DJ-LUCIAN_620X400-scaled.jpg?fit=2560%2C1652&ssl=1\",\"contentUrl\":\"https:\\\/\\\/i0.wp.com\\\/casadecampoliving.com\\\/wp-content\\\/uploads\\\/2026\\\/01\\\/DJ-LUCIAN_620X400-scaled.jpg?fit=2560%2C1652&ssl=1\",\"width\":2560,\"height\":1652},{\"@type\":\"BreadcrumbList\",\"@id\":\"https:\\\/\\\/casadecampoliving.com\\\/es\\\/la-marina-casa-de-campo-vibrara-al-ritmo-de-dj-lucian-en-plaza-portofino\\\/#breadcrumb\",\"itemListElement\":[{\"@type\":\"ListItem\",\"position\":1,\"name\":\"Home\",\"item\":\"https:\\\/\\\/casadecampoliving.com\\\/es\\\/\"},{\"@type\":\"ListItem\",\"position\":2,\"name\":\"La Marina Casa de Campo vibrar\u00e1 al ritmo de DJ LUCIAN en Plaza Portofino\"}]},{\"@type\":\"WebSite\",\"@id\":\"https:\\\/\\\/casadecampoliving.com\\\/es\\\/#website\",\"url\":\"https:\\\/\\\/casadecampoliving.com\\\/es\\\/\",\"name\":\"Casa de Campo Living\",\"description\":\"Resort community news and resources.\",\"publisher\":{\"@id\":\"https:\\\/\\\/casadecampoliving.com\\\/es\\\/#organization\"},\"potentialAction\":[{\"@type\":\"SearchAction\",\"target\":{\"@type\":\"EntryPoint\",\"urlTemplate\":\"https:\\\/\\\/casadecampoliving.com\\\/es\\\/?s={search_term_string}\"},\"query-input\":{\"@type\":\"PropertyValueSpecification\",\"valueRequired\":true,\"valueName\":\"search_term_string\"}}],\"inLanguage\":\"es\"},{\"@type\":\"Organization\",\"@id\":\"https:\\\/\\\/casadecampoliving.com\\\/es\\\/#organization\",\"name\":\"Casa de Campo Living\",\"url\":\"https:\\\/\\\/casadecampoliving.com\\\/es\\\/\",\"logo\":{\"@type\":\"ImageObject\",\"inLanguage\":\"es\",\"@id\":\"https:\\\/\\\/casadecampoliving.com\\\/es\\\/#\\\/schema\\\/logo\\\/image\\\/\",\"url\":\"https:\\\/\\\/i0.wp.com\\\/casadecampoliving.com\\\/wp-content\\\/uploads\\\/2022\\\/07\\\/CDCLivingLogo_V1-white-sized.png?fit=800%2C214&ssl=1\",\"contentUrl\":\"https:\\\/\\\/i0.wp.com\\\/casadecampoliving.com\\\/wp-content\\\/uploads\\\/2022\\\/07\\\/CDCLivingLogo_V1-white-sized.png?fit=800%2C214&ssl=1\",\"width\":800,\"height\":214,\"caption\":\"Casa de Campo Living\"},\"image\":{\"@id\":\"https:\\\/\\\/casadecampoliving.com\\\/es\\\/#\\\/schema\\\/logo\\\/image\\\/\"},\"sameAs\":[\"https:\\\/\\\/www.facebook.com\\\/casadecampoliving\",\"https:\\\/\\\/x.com\\\/cdcliving\"]},{\"@type\":\"Person\",\"@id\":\"https:\\\/\\\/casadecampoliving.com\\\/es\\\/#\\\/schema\\\/person\\\/932e594484c49168ad37fbb9141bf699\",\"name\":\"Mairobi Herrera\",\"image\":{\"@type\":\"ImageObject\",\"inLanguage\":\"es\",\"@id\":\"https:\\\/\\\/secure.gravatar.com\\\/avatar\\\/d0bf6c19470eb55d83c719e39672f670b2c4412339af1eb8a08f86427ba98ee8?s=96&d=mm&r=g\",\"url\":\"https:\\\/\\\/secure.gravatar.com\\\/avatar\\\/d0bf6c19470eb55d83c719e39672f670b2c4412339af1eb8a08f86427ba98ee8?s=96&d=mm&r=g\",\"contentUrl\":\"https:\\\/\\\/secure.gravatar.com\\\/avatar\\\/d0bf6c19470eb55d83c719e39672f670b2c4412339af1eb8a08f86427ba98ee8?s=96&d=mm&r=g\",\"caption\":\"Mairobi Herrera\"},\"sameAs\":[\"https:\\\/\\\/casadecampoliving.com\\\/\"],\"url\":\"https:\\\/\\\/casadecampoliving.com\\\/es\\\/author\\\/mherrera\\\/\"}]}<\/script>\n<!-- \/ Yoast SEO plugin. -->","yoast_head_json":{"title":"La Marina Casa de Campo vibrar\u00e1 al ritmo de DJ LUCIAN en Plaza Portofino | Casa de Campo Living","description":"La Marina Casa de Campo invita a residentes y visitantes a una noche inolvidable de m\u00fasica y entretenimiento con la presentaci\u00f3n especial de DJ LUCIAN. El","robots":{"index":"index","follow":"follow","max-snippet":"max-snippet:-1","max-image-preview":"max-image-preview:large","max-video-preview":"max-video-preview:-1"},"canonical":"https:\/\/casadecampoliving.com\/es\/la-marina-casa-de-campo-vibrara-al-ritmo-de-dj-lucian-en-plaza-portofino\/","og_locale":"es_ES","og_type":"article","og_title":"La Marina Casa de Campo vibrar\u00e1 al ritmo de DJ LUCIAN en Plaza Portofino | Casa de Campo Living","og_description":"La Marina Casa de Campo invita a residentes y visitantes a una noche inolvidable de m\u00fasica y entretenimiento con la presentaci\u00f3n especial de DJ LUCIAN. El","og_url":"https:\/\/casadecampoliving.com\/es\/la-marina-casa-de-campo-vibrara-al-ritmo-de-dj-lucian-en-plaza-portofino\/","og_site_name":"Casa de Campo Living","article_publisher":"https:\/\/www.facebook.com\/casadecampoliving","article_published_time":"2026-01-21T21:46:02+00:00","article_modified_time":"2026-01-21T21:46:03+00:00","og_image":[{"width":2560,"height":1652,"url":"https:\/\/casadecampoliving.com\/wp-content\/uploads\/2026\/01\/DJ-LUCIAN_620X400-scaled.jpg","type":"image\/jpeg"}],"author":"Mairobi Herrera","twitter_card":"summary_large_image","twitter_creator":"@cdcliving","twitter_site":"@cdcliving","twitter_misc":{"Escrito por":"Mairobi Herrera","Tiempo de lectura":"1 minuto"},"schema":{"@context":"https:\/\/schema.org","@graph":[{"@type":"Article","@id":"https:\/\/casadecampoliving.com\/es\/la-marina-casa-de-campo-vibrara-al-ritmo-de-dj-lucian-en-plaza-portofino\/#article","isPartOf":{"@id":"https:\/\/casadecampoliving.com\/es\/la-marina-casa-de-campo-vibrara-al-ritmo-de-dj-lucian-en-plaza-portofino\/"},"author":{"name":"Mairobi Herrera","@id":"https:\/\/casadecampoliving.com\/es\/#\/schema\/person\/932e594484c49168ad37fbb9141bf699"},"headline":"La Marina Casa de Campo vibrar\u00e1 al ritmo de DJ LUCIAN en Plaza Portofino","datePublished":"2026-01-21T21:46:02+00:00","dateModified":"2026-01-21T21:46:03+00:00","mainEntityOfPage":{"@id":"https:\/\/casadecampoliving.com\/es\/la-marina-casa-de-campo-vibrara-al-ritmo-de-dj-lucian-en-plaza-portofino\/"},"wordCount":146,"publisher":{"@id":"https:\/\/casadecampoliving.com\/es\/#organization"},"image":{"@id":"https:\/\/casadecampoliving.com\/es\/la-marina-casa-de-campo-vibrara-al-ritmo-de-dj-lucian-en-plaza-portofino\/#primaryimage"},"thumbnailUrl":"https:\/\/i0.wp.com\/casadecampoliving.com\/wp-content\/uploads\/2026\/01\/DJ-LUCIAN_620X400-scaled.jpg?fit=2560%2C1652&ssl=1","keywords":["casa de campo @es","Featured-TopView @es","la marina casa de campo"],"articleSection":["Casa de Campo Resort &amp; Villas","Comunidad","Conciertos","Proximamente","Vida Nocturna"],"inLanguage":"es"},{"@type":"WebPage","@id":"https:\/\/casadecampoliving.com\/es\/la-marina-casa-de-campo-vibrara-al-ritmo-de-dj-lucian-en-plaza-portofino\/","url":"https:\/\/casadecampoliving.com\/es\/la-marina-casa-de-campo-vibrara-al-ritmo-de-dj-lucian-en-plaza-portofino\/","name":"La Marina Casa de Campo vibrar\u00e1 al ritmo de DJ LUCIAN en Plaza Portofino | Casa de Campo Living","isPartOf":{"@id":"https:\/\/casadecampoliving.com\/es\/#website"},"primaryImageOfPage":{"@id":"https:\/\/casadecampoliving.com\/es\/la-marina-casa-de-campo-vibrara-al-ritmo-de-dj-lucian-en-plaza-portofino\/#primaryimage"},"image":{"@id":"https:\/\/casadecampoliving.com\/es\/la-marina-casa-de-campo-vibrara-al-ritmo-de-dj-lucian-en-plaza-portofino\/#primaryimage"},"thumbnailUrl":"https:\/\/i0.wp.com\/casadecampoliving.com\/wp-content\/uploads\/2026\/01\/DJ-LUCIAN_620X400-scaled.jpg?fit=2560%2C1652&ssl=1","datePublished":"2026-01-21T21:46:02+00:00","dateModified":"2026-01-21T21:46:03+00:00","description":"La Marina Casa de Campo invita a residentes y visitantes a una noche inolvidable de m\u00fasica y entretenimiento con la presentaci\u00f3n especial de DJ LUCIAN. El","breadcrumb":{"@id":"https:\/\/casadecampoliving.com\/es\/la-marina-casa-de-campo-vibrara-al-ritmo-de-dj-lucian-en-plaza-portofino\/#breadcrumb"},"inLanguage":"es","potentialAction":[{"@type":"ReadAction","target":["https:\/\/casadecampoliving.com\/es\/la-marina-casa-de-campo-vibrara-al-ritmo-de-dj-lucian-en-plaza-portofino\/"]}]},{"@type":"ImageObject","inLanguage":"es","@id":"https:\/\/casadecampoliving.com\/es\/la-marina-casa-de-campo-vibrara-al-ritmo-de-dj-lucian-en-plaza-portofino\/#primaryimage","url":"https:\/\/i0.wp.com\/casadecampoliving.com\/wp-content\/uploads\/2026\/01\/DJ-LUCIAN_620X400-scaled.jpg?fit=2560%2C1652&ssl=1","contentUrl":"https:\/\/i0.wp.com\/casadecampoliving.com\/wp-content\/uploads\/2026\/01\/DJ-LUCIAN_620X400-scaled.jpg?fit=2560%2C1652&ssl=1","width":2560,"height":1652},{"@type":"BreadcrumbList","@id":"https:\/\/casadecampoliving.com\/es\/la-marina-casa-de-campo-vibrara-al-ritmo-de-dj-lucian-en-plaza-portofino\/#breadcrumb","itemListElement":[{"@type":"ListItem","position":1,"name":"Home","item":"https:\/\/casadecampoliving.com\/es\/"},{"@type":"ListItem","position":2,"name":"La Marina Casa de Campo vibrar\u00e1 al ritmo de DJ LUCIAN en Plaza Portofino"}]},{"@type":"WebSite","@id":"https:\/\/casadecampoliving.com\/es\/#website","url":"https:\/\/casadecampoliving.com\/es\/","name":"Casa de Campo Living","description":"Resort community news and resources.","publisher":{"@id":"https:\/\/casadecampoliving.com\/es\/#organization"},"potentialAction":[{"@type":"SearchAction","target":{"@type":"EntryPoint","urlTemplate":"https:\/\/casadecampoliving.com\/es\/?s={search_term_string}"},"query-input":{"@type":"PropertyValueSpecification","valueRequired":true,"valueName":"search_term_string"}}],"inLanguage":"es"},{"@type":"Organization","@id":"https:\/\/casadecampoliving.com\/es\/#organization","name":"Casa de Campo Living","url":"https:\/\/casadecampoliving.com\/es\/","logo":{"@type":"ImageObject","inLanguage":"es","@id":"https:\/\/casadecampoliving.com\/es\/#\/schema\/logo\/image\/","url":"https:\/\/i0.wp.com\/casadecampoliving.com\/wp-content\/uploads\/2022\/07\/CDCLivingLogo_V1-white-sized.png?fit=800%2C214&ssl=1","contentUrl":"https:\/\/i0.wp.com\/casadecampoliving.com\/wp-content\/uploads\/2022\/07\/CDCLivingLogo_V1-white-sized.png?fit=800%2C214&ssl=1","width":800,"height":214,"caption":"Casa de Campo Living"},"image":{"@id":"https:\/\/casadecampoliving.com\/es\/#\/schema\/logo\/image\/"},"sameAs":["https:\/\/www.facebook.com\/casadecampoliving","https:\/\/x.com\/cdcliving"]},{"@type":"Person","@id":"https:\/\/casadecampoliving.com\/es\/#\/schema\/person\/932e594484c49168ad37fbb9141bf699","name":"Mairobi Herrera","image":{"@type":"ImageObject","inLanguage":"es","@id":"https:\/\/secure.gravatar.com\/avatar\/d0bf6c19470eb55d83c719e39672f670b2c4412339af1eb8a08f86427ba98ee8?s=96&d=mm&r=g","url":"https:\/\/secure.gravatar.com\/avatar\/d0bf6c19470eb55d83c719e39672f670b2c4412339af1eb8a08f86427ba98ee8?s=96&d=mm&r=g","contentUrl":"https:\/\/secure.gravatar.com\/avatar\/d0bf6c19470eb55d83c719e39672f670b2c4412339af1eb8a08f86427ba98ee8?s=96&d=mm&r=g","caption":"Mairobi Herrera"},"sameAs":["https:\/\/casadecampoliving.com\/"],"url":"https:\/\/casadecampoliving.com\/es\/author\/mherrera\/"}]}},"parsely":{"version":"1.1.0","canonical_url":"https:\/\/casadecampoliving.com\/es\/la-marina-casa-de-campo-vibrara-al-ritmo-de-dj-lucian-en-plaza-portofino\/","smart_links":{"inbound":0,"outbound":0},"traffic_boost_suggestions_count":0,"meta":{"@context":"https:\/\/schema.org","@type":"NewsArticle","headline":"La Marina Casa de Campo vibrar\u00e1 al ritmo de DJ LUCIAN en Plaza Portofino","url":"http:\/\/casadecampoliving.com\/es\/la-marina-casa-de-campo-vibrara-al-ritmo-de-dj-lucian-en-plaza-portofino\/","mainEntityOfPage":{"@type":"WebPage","@id":"http:\/\/casadecampoliving.com\/es\/la-marina-casa-de-campo-vibrara-al-ritmo-de-dj-lucian-en-plaza-portofino\/"},"thumbnailUrl":"https:\/\/i0.wp.com\/casadecampoliving.com\/wp-content\/uploads\/2026\/01\/DJ-LUCIAN_620X400-scaled.jpg?resize=150%2C150&ssl=1","image":{"@type":"ImageObject","url":"https:\/\/i0.wp.com\/casadecampoliving.com\/wp-content\/uploads\/2026\/01\/DJ-LUCIAN_620X400-scaled.jpg?fit=2560%2C1652&ssl=1"},"articleSection":"Casa de Campo Resort &amp; Villas","author":[{"@type":"Person","name":"Mairobi Herrera"}],"creator":["Mairobi Herrera"],"publisher":{"@type":"Organization","name":"Casa de Campo Living","logo":"https:\/\/casadecampoliving.com\/wp-content\/uploads\/2022\/07\/CDCLivingLogo_V1-white-sized.png"},"keywords":["casa de campo @es","featured-topview @es","la marina casa de campo"],"dateCreated":"2026-01-21T21:46:02Z","datePublished":"2026-01-21T21:46:02Z","dateModified":"2026-01-21T21:46:03Z"},"rendered":"<script type=\"application\/ld+json\" class=\"wp-parsely-metadata\">{\"@context\":\"https:\\\/\\\/schema.org\",\"@type\":\"NewsArticle\",\"headline\":\"La Marina Casa de Campo vibrar\\u00e1 al ritmo de DJ LUCIAN en Plaza Portofino\",\"url\":\"http:\\\/\\\/casadecampoliving.com\\\/es\\\/la-marina-casa-de-campo-vibrara-al-ritmo-de-dj-lucian-en-plaza-portofino\\\/\",\"mainEntityOfPage\":{\"@type\":\"WebPage\",\"@id\":\"http:\\\/\\\/casadecampoliving.com\\\/es\\\/la-marina-casa-de-campo-vibrara-al-ritmo-de-dj-lucian-en-plaza-portofino\\\/\"},\"thumbnailUrl\":\"https:\\\/\\\/i0.wp.com\\\/casadecampoliving.com\\\/wp-content\\\/uploads\\\/2026\\\/01\\\/DJ-LUCIAN_620X400-scaled.jpg?resize=150%2C150&ssl=1\",\"image\":{\"@type\":\"ImageObject\",\"url\":\"https:\\\/\\\/i0.wp.com\\\/casadecampoliving.com\\\/wp-content\\\/uploads\\\/2026\\\/01\\\/DJ-LUCIAN_620X400-scaled.jpg?fit=2560%2C1652&ssl=1\"},\"articleSection\":\"Casa de Campo Resort &amp; Villas\",\"author\":[{\"@type\":\"Person\",\"name\":\"Mairobi Herrera\"}],\"creator\":[\"Mairobi Herrera\"],\"publisher\":{\"@type\":\"Organization\",\"name\":\"Casa de Campo Living\",\"logo\":\"https:\\\/\\\/casadecampoliving.com\\\/wp-content\\\/uploads\\\/2022\\\/07\\\/CDCLivingLogo_V1-white-sized.png\"},\"keywords\":[\"casa de campo @es\",\"featured-topview @es\",\"la marina casa de campo\"],\"dateCreated\":\"2026-01-21T21:46:02Z\",\"datePublished\":\"2026-01-21T21:46:02Z\",\"dateModified\":\"2026-01-21T21:46:03Z\"}<\/script>","tracker_url":"https:\/\/cdn.parsely.com\/keys\/casadecampoliving.com\/p.js"},"jetpack_publicize_connections":[],"jetpack_featured_media_url":"https:\/\/i0.wp.com\/casadecampoliving.com\/wp-content\/uploads\/2026\/01\/DJ-LUCIAN_620X400-scaled.jpg?fit=2560%2C1652&ssl=1","jetpack-related-posts":[{"id":525969,"url":"https:\/\/casadecampoliving.com\/es\/no-te-pierdas-la-presentacion-en-vivo-de-grupo-bonye-en-la-marina-el-27-de-enero\/","url_meta":{"origin":547727,"position":0},"title":"\u00a1No te pierdas la presentaci\u00f3n en vivo de Grupo Bony\u00e9 en La Marina el 27 de enero!","author":"Casa de Campo Living","date":"16 Ene, 2024","format":false,"excerpt":"El s\u00e1bado 27 de enero, la Marina Casa de Campo te invita a disfrutar de una noche de m\u00fasica en vivo con Grupo Bony\u00e9 en la Plaza Portofino. \u00a1Es una excelente oportunidad para visitar La Marina y bailar toda la noche! Grupo Bony\u00e9, una orquesta de 14 m\u00fasicos formada en\u2026","rel":"","context":"En \u00abEventos\u00bb","block_context":{"text":"Eventos","link":"https:\/\/casadecampoliving.com\/es\/category\/eventos-es\/"},"img":{"alt_text":"","src":"https:\/\/i0.wp.com\/casadecampoliving.com\/wp-content\/uploads\/2024\/01\/Grupo-Bonye.webp?fit=1200%2C800&ssl=1&resize=350%2C200","width":350,"height":200,"srcset":"https:\/\/i0.wp.com\/casadecampoliving.com\/wp-content\/uploads\/2024\/01\/Grupo-Bonye.webp?fit=1200%2C800&ssl=1&resize=350%2C200 1x, https:\/\/i0.wp.com\/casadecampoliving.com\/wp-content\/uploads\/2024\/01\/Grupo-Bonye.webp?fit=1200%2C800&ssl=1&resize=525%2C300 1.5x, https:\/\/i0.wp.com\/casadecampoliving.com\/wp-content\/uploads\/2024\/01\/Grupo-Bonye.webp?fit=1200%2C800&ssl=1&resize=700%2C400 2x, https:\/\/i0.wp.com\/casadecampoliving.com\/wp-content\/uploads\/2024\/01\/Grupo-Bonye.webp?fit=1200%2C800&ssl=1&resize=1050%2C600 3x"},"classes":[]},{"id":542141,"url":"https:\/\/casadecampoliving.com\/es\/no-te-lo-pierdas-grupo-bonye-en-la-marina-el-21-de-junio\/","url_meta":{"origin":547727,"position":1},"title":"\u00a1No te lo pierdas! Grupo Bony\u00e9 en La Marina Casa de Campo el 21 de junio","author":"Casa de Campo Living","date":"17 Jun, 2025","format":false,"excerpt":"El s\u00e1bado 21 de enero, la Marina Casa de Campo te invita a disfrutar de una noche de m\u00fasica en vivo con Grupo Bony\u00e9 en la Plaza Portofino. \u00a1Es una excelente oportunidad para visitar La Marina y bailar toda la noche! Grupo Bony\u00e9, una orquesta de 14 m\u00fasicos formada en\u2026","rel":"","context":"En \u00abEstilo de Vida\u00bb","block_context":{"text":"Estilo de Vida","link":"https:\/\/casadecampoliving.com\/es\/category\/estilo-de-vida\/"},"img":{"alt_text":"","src":"https:\/\/i0.wp.com\/casadecampoliving.com\/wp-content\/uploads\/2025\/06\/whatsapp-image-2022-04-18-at-4.40.41-pm-3.jpeg?fit=1200%2C799&ssl=1&resize=350%2C200","width":350,"height":200,"srcset":"https:\/\/i0.wp.com\/casadecampoliving.com\/wp-content\/uploads\/2025\/06\/whatsapp-image-2022-04-18-at-4.40.41-pm-3.jpeg?fit=1200%2C799&ssl=1&resize=350%2C200 1x, https:\/\/i0.wp.com\/casadecampoliving.com\/wp-content\/uploads\/2025\/06\/whatsapp-image-2022-04-18-at-4.40.41-pm-3.jpeg?fit=1200%2C799&ssl=1&resize=525%2C300 1.5x, https:\/\/i0.wp.com\/casadecampoliving.com\/wp-content\/uploads\/2025\/06\/whatsapp-image-2022-04-18-at-4.40.41-pm-3.jpeg?fit=1200%2C799&ssl=1&resize=700%2C400 2x, https:\/\/i0.wp.com\/casadecampoliving.com\/wp-content\/uploads\/2025\/06\/whatsapp-image-2022-04-18-at-4.40.41-pm-3.jpeg?fit=1200%2C799&ssl=1&resize=1050%2C600 3x"},"classes":[]},{"id":354246,"url":"https:\/\/casadecampoliving.com\/es\/grupo-bonye-estara-en-plaza-portofino-la-marina-el-viernes-21-de-enero-no-se-lo-pierda\/","url_meta":{"origin":547727,"position":2},"title":"Grupo Bony\u00e9 estar\u00e1 en Plaza Portofino La Marina el viernes 21 de enero, \u00a1no se lo pierda!","author":"Casa de Campo Living","date":"11 Ene, 2022","format":false,"excerpt":"Este viernes 21 de enero la Marina Casa de Campo te invita a disfrutar de una noche de m\u00fasica en vivo con Grupo Bony\u00e9 en la Plaza Portofino \u2013 \u00a1es una gran oportunidad para visitar La Marina y bailar toda la noche! Grupo Bony\u00e9, una orquesta integrada por 14 m\u00fasicos\u2026","rel":"","context":"En \u00abCasa de Campo Living @es\u00bb","block_context":{"text":"Casa de Campo Living @es","link":"https:\/\/casadecampoliving.com\/category\/casa-de-campo-living-es\/"},"img":{"alt_text":"","src":"https:\/\/i0.wp.com\/casadecampoliving.com\/wp-content\/uploads\/2022\/10\/20374404_1468076263254298_1767102864798499010_n-1.jpg?fit=853%2C599&ssl=1&resize=350%2C200","width":350,"height":200,"srcset":"https:\/\/i0.wp.com\/casadecampoliving.com\/wp-content\/uploads\/2022\/10\/20374404_1468076263254298_1767102864798499010_n-1.jpg?fit=853%2C599&ssl=1&resize=350%2C200 1x, https:\/\/i0.wp.com\/casadecampoliving.com\/wp-content\/uploads\/2022\/10\/20374404_1468076263254298_1767102864798499010_n-1.jpg?fit=853%2C599&ssl=1&resize=525%2C300 1.5x, https:\/\/i0.wp.com\/casadecampoliving.com\/wp-content\/uploads\/2022\/10\/20374404_1468076263254298_1767102864798499010_n-1.jpg?fit=853%2C599&ssl=1&resize=700%2C400 2x"},"classes":[]},{"id":546697,"url":"https:\/\/casadecampoliving.com\/es\/concierto-tributo-a-mana-con-shalim-ortiz-goico-en-marina-casa-de-campo\/","url_meta":{"origin":547727,"position":3},"title":"Concierto Tributo a Man\u00e1 con Shalim Ortiz-Goico en Marina Casa de Campo","author":"Casa de Campo Living","date":"7 Ago, 2025","format":false,"excerpt":"Shalim Ortiz-Goico est\u00e1 listo para llevar la m\u00fasica de una de las bandas m\u00e1s ic\u00f3nicas de Am\u00e9rica Latina, Man\u00e1, a Casa de Campo. El 23 de agosto de 2025, a las 9 p.m., Ortiz-Goico y su banda Dos\/Veintis\u00e9is subir\u00e1n al escenario de Plaza Portofino, en Marina Casa de Campo, para\u2026","rel":"","context":"En \u00abCasa de Campo Resort &amp; Villas\u00bb","block_context":{"text":"Casa de Campo Resort &amp; Villas","link":"https:\/\/casadecampoliving.com\/es\/category\/casa-de-campo-resort-villas\/"},"img":{"alt_text":"","src":"https:\/\/i0.wp.com\/casadecampoliving.com\/wp-content\/uploads\/2025\/08\/DSC04022-scaled.jpg?fit=1200%2C800&ssl=1&resize=350%2C200","width":350,"height":200,"srcset":"https:\/\/i0.wp.com\/casadecampoliving.com\/wp-content\/uploads\/2025\/08\/DSC04022-scaled.jpg?fit=1200%2C800&ssl=1&resize=350%2C200 1x, https:\/\/i0.wp.com\/casadecampoliving.com\/wp-content\/uploads\/2025\/08\/DSC04022-scaled.jpg?fit=1200%2C800&ssl=1&resize=525%2C300 1.5x, https:\/\/i0.wp.com\/casadecampoliving.com\/wp-content\/uploads\/2025\/08\/DSC04022-scaled.jpg?fit=1200%2C800&ssl=1&resize=700%2C400 2x, https:\/\/i0.wp.com\/casadecampoliving.com\/wp-content\/uploads\/2025\/08\/DSC04022-scaled.jpg?fit=1200%2C800&ssl=1&resize=1050%2C600 3x"},"classes":[]},{"id":346675,"url":"https:\/\/casadecampoliving.com\/es\/son-amores-noche-de-romance-en-la-marina-casa-de-campo\/","url_meta":{"origin":547727,"position":4},"title":"\u00abSon Amores\u00bb noche de romance en la Marina Casa de Campo","author":"Perkin Agramonte","date":"7 Feb, 2015","format":false,"excerpt":"Febrero es el mes del amor y este viernes 13 de febrero a partir de las 8pm Casa de Campo les invita a disfrutar junto a su pareja en uno de los lugares m\u00e1s rom\u00e1nticos del resort, la Plaza Portofino en la Marina Casa de Campo. Disfrute de una cena\u2026","rel":"","context":"En \u00abCasa de Campo Living @es\u00bb","block_context":{"text":"Casa de Campo Living @es","link":"https:\/\/casadecampoliving.com\/category\/casa-de-campo-living-es\/"},"img":{"alt_text":"","src":"https:\/\/i0.wp.com\/casadecampoliving.com\/wp-content\/uploads\/2022\/10\/Son_Marina_Casa_de_Campo-1.jpg?fit=650%2C238&ssl=1&resize=350%2C200","width":350,"height":200,"srcset":"https:\/\/i0.wp.com\/casadecampoliving.com\/wp-content\/uploads\/2022\/10\/Son_Marina_Casa_de_Campo-1.jpg?fit=650%2C238&ssl=1&resize=350%2C200 1x, https:\/\/i0.wp.com\/casadecampoliving.com\/wp-content\/uploads\/2022\/10\/Son_Marina_Casa_de_Campo-1.jpg?fit=650%2C238&ssl=1&resize=525%2C300 1.5x"},"classes":[]},{"id":433460,"url":"https:\/\/casadecampoliving.com\/es\/no-se-pierdan-el-increible-tributo-a-frank-sinatra-para-celebrar-el-40-aniversario-del-anfiteatro-altos-de-chavon\/","url_meta":{"origin":547727,"position":5},"title":"No se pierdan el incre\u00edble tributo a Frank Sinatra para celebrar el 40 aniversario del\u00a0Anfiteatro Altos de Chav\u00f3n","author":"Casa de Campo Living","date":"20 Oct, 2022","format":false,"excerpt":"Siendo uno de los escenarios m\u00e1s emblem\u00e1ticos del pa\u00eds, Casa de Campo Resort\u00ae & Villas celebra las cuatro d\u00e9cadas de aniversario de Altos de Chav\u00f3n con un tributo al gran Frank Sinatra, protagonizado por artistas invitados y una big band tal cual la que acompa\u00f1\u00f3 al artista hace 40 a\u00f1os\u2026","rel":"","context":"En \u00abUncategorized @es\u00bb","block_context":{"text":"Uncategorized @es","link":"https:\/\/casadecampoliving.com\/es\/category\/uncategorized-es\/"},"img":{"alt_text":"","src":"https:\/\/i0.wp.com\/casadecampoliving.com\/wp-content\/uploads\/2022\/10\/Tributo-Frank-Sinatra-Foto-Principal-Amaury-Sanchez-Danilo-Ginebra-Andres-Pichardo-y-Jose-Gabriel-Perez-.jpg?fit=1200%2C873&ssl=1&resize=350%2C200","width":350,"height":200,"srcset":"https:\/\/i0.wp.com\/casadecampoliving.com\/wp-content\/uploads\/2022\/10\/Tributo-Frank-Sinatra-Foto-Principal-Amaury-Sanchez-Danilo-Ginebra-Andres-Pichardo-y-Jose-Gabriel-Perez-.jpg?fit=1200%2C873&ssl=1&resize=350%2C200 1x, https:\/\/i0.wp.com\/casadecampoliving.com\/wp-content\/uploads\/2022\/10\/Tributo-Frank-Sinatra-Foto-Principal-Amaury-Sanchez-Danilo-Ginebra-Andres-Pichardo-y-Jose-Gabriel-Perez-.jpg?fit=1200%2C873&ssl=1&resize=525%2C300 1.5x, https:\/\/i0.wp.com\/casadecampoliving.com\/wp-content\/uploads\/2022\/10\/Tributo-Frank-Sinatra-Foto-Principal-Amaury-Sanchez-Danilo-Ginebra-Andres-Pichardo-y-Jose-Gabriel-Perez-.jpg?fit=1200%2C873&ssl=1&resize=700%2C400 2x, https:\/\/i0.wp.com\/casadecampoliving.com\/wp-content\/uploads\/2022\/10\/Tributo-Frank-Sinatra-Foto-Principal-Amaury-Sanchez-Danilo-Ginebra-Andres-Pichardo-y-Jose-Gabriel-Perez-.jpg?fit=1200%2C873&ssl=1&resize=1050%2C600 3x"},"classes":[]}],"jetpack_sharing_enabled":true,"_links":{"self":[{"href":"https:\/\/casadecampoliving.com\/es\/wp-json\/wp\/v2\/posts\/547727","targetHints":{"allow":["GET"]}}],"collection":[{"href":"https:\/\/casadecampoliving.com\/es\/wp-json\/wp\/v2\/posts"}],"about":[{"href":"https:\/\/casadecampoliving.com\/es\/wp-json\/wp\/v2\/types\/post"}],"author":[{"embeddable":true,"href":"https:\/\/casadecampoliving.com\/es\/wp-json\/wp\/v2\/users\/431"}],"replies":[{"embeddable":true,"href":"https:\/\/casadecampoliving.com\/es\/wp-json\/wp\/v2\/comments?post=547727"}],"version-history":[{"count":1,"href":"https:\/\/casadecampoliving.com\/es\/wp-json\/wp\/v2\/posts\/547727\/revisions"}],"predecessor-version":[{"id":547732,"href":"https:\/\/casadecampoliving.com\/es\/wp-json\/wp\/v2\/posts\/547727\/revisions\/547732"}],"wp:featuredmedia":[{"embeddable":true,"href":"https:\/\/casadecampoliving.com\/es\/wp-json\/wp\/v2\/media\/547728"}],"wp:attachment":[{"href":"https:\/\/casadecampoliving.com\/es\/wp-json\/wp\/v2\/media?parent=547727"}],"wp:term":[{"taxonomy":"category","embeddable":true,"href":"https:\/\/casadecampoliving.com\/es\/wp-json\/wp\/v2\/categories?post=547727"},{"taxonomy":"post_tag","embeddable":true,"href":"https:\/\/casadecampoliving.com\/es\/wp-json\/wp\/v2\/tags?post=547727"},{"taxonomy":"newspack_spnsrs_tax","embeddable":true,"href":"https:\/\/casadecampoliving.com\/es\/wp-json\/wp\/v2\/newspack_spnsrs_tax?post=547727"}],"curies":[{"name":"wp","href":"https:\/\/api.w.org\/{rel}","templated":true}]}}