{"id":547071,"date":"2025-09-08T09:00:00","date_gmt":"2025-09-08T13:00:00","guid":{"rendered":"https:\/\/casadecampoliving.com\/?p=547071"},"modified":"2025-12-24T12:31:00","modified_gmt":"2025-12-24T16:31:00","slug":"galeria-de-altos-de-chavon-inaugura-nueva-exposicion-gerardo-labarca","status":"publish","type":"post","link":"https:\/\/casadecampoliving.com\/es\/galeria-de-altos-de-chavon-inaugura-nueva-exposicion-gerardo-labarca\/","title":{"rendered":"La Galer\u00eda de Altos de Chav\u00f3n inaugura \u201cSolo Labarca\u201d, una nueva exposici\u00f3n de Gerardo Labarca"},"content":{"rendered":"\n<p class=\"has-drop-cap\">L<strong>a Galer\u00eda de Altos de Chav\u00f3n<\/strong> inaugur\u00f3 <strong>\u201cSolo Labarca\u201d<\/strong>, una exposici\u00f3n individual del artista Gerardo Labarca que invita a los visitantes a adentrarse en un universo visual profundamente personal, moldeado por la intuici\u00f3n, la emoci\u00f3n y la experiencia vivida. La muestra abri\u00f3 el 5 de septiembre de 2025 y permanecer\u00e1 disponible hasta el 5 de octubre.<\/p>\n\n\n\n<p>La exposici\u00f3n re\u00fane obras que reflejan el crecimiento art\u00edstico de Labarca y su exploraci\u00f3n constante del lenguaje visual como una forma de honestidad y autoexaminaci\u00f3n. Seg\u00fan la galer\u00eda, la colecci\u00f3n destaca el enfoque del artista en la figura humana y animal como herramientas de reflexi\u00f3n y conexi\u00f3n.<\/p>\n\n\n\n<figure class=\"wp-block-image size-large\"><img data-recalc-dims=\"1\" loading=\"lazy\" decoding=\"async\" width=\"1024\" height=\"682\" src=\"https:\/\/i0.wp.com\/casadecampoliving.com\/wp-content\/uploads\/2025\/12\/Gerardo-Labarca-Altos-de-Chavon-Art-Gallery-1.jpg?resize=1024%2C682&#038;ssl=1\" alt=\"\" class=\"wp-image-547013\" srcset=\"https:\/\/i0.wp.com\/casadecampoliving.com\/wp-content\/uploads\/2025\/12\/Gerardo-Labarca-Altos-de-Chavon-Art-Gallery-1.jpg?resize=1024%2C682&amp;ssl=1 1024w, https:\/\/i0.wp.com\/casadecampoliving.com\/wp-content\/uploads\/2025\/12\/Gerardo-Labarca-Altos-de-Chavon-Art-Gallery-1.jpg?resize=300%2C200&amp;ssl=1 300w, https:\/\/i0.wp.com\/casadecampoliving.com\/wp-content\/uploads\/2025\/12\/Gerardo-Labarca-Altos-de-Chavon-Art-Gallery-1.jpg?resize=768%2C512&amp;ssl=1 768w, https:\/\/i0.wp.com\/casadecampoliving.com\/wp-content\/uploads\/2025\/12\/Gerardo-Labarca-Altos-de-Chavon-Art-Gallery-1.jpg?resize=1536%2C1024&amp;ssl=1 1536w, https:\/\/i0.wp.com\/casadecampoliving.com\/wp-content\/uploads\/2025\/12\/Gerardo-Labarca-Altos-de-Chavon-Art-Gallery-1.jpg?resize=1200%2C800&amp;ssl=1 1200w, https:\/\/i0.wp.com\/casadecampoliving.com\/wp-content\/uploads\/2025\/12\/Gerardo-Labarca-Altos-de-Chavon-Art-Gallery-1.jpg?resize=780%2C520&amp;ssl=1 780w, https:\/\/i0.wp.com\/casadecampoliving.com\/wp-content\/uploads\/2025\/12\/Gerardo-Labarca-Altos-de-Chavon-Art-Gallery-1.jpg?resize=400%2C267&amp;ssl=1 400w, https:\/\/i0.wp.com\/casadecampoliving.com\/wp-content\/uploads\/2025\/12\/Gerardo-Labarca-Altos-de-Chavon-Art-Gallery-1.jpg?resize=1320%2C880&amp;ssl=1 1320w, https:\/\/i0.wp.com\/casadecampoliving.com\/wp-content\/uploads\/2025\/12\/Gerardo-Labarca-Altos-de-Chavon-Art-Gallery-1.jpg?resize=150%2C100&amp;ssl=1 150w, https:\/\/i0.wp.com\/casadecampoliving.com\/wp-content\/uploads\/2025\/12\/Gerardo-Labarca-Altos-de-Chavon-Art-Gallery-1.jpg?w=2000&amp;ssl=1 2000w, https:\/\/i0.wp.com\/casadecampoliving.com\/wp-content\/uploads\/2025\/12\/Gerardo-Labarca-Altos-de-Chavon-Art-Gallery-1-1024x682.jpg?w=370&amp;ssl=1 370w\" sizes=\"auto, (max-width: 1000px) 100vw, 1000px\" \/><\/figure>\n\n\n\n<h3 class=\"wp-block-heading\">Un camino art\u00edstico poco convencional<\/h3>\n\n\n\n<p>Labarca es un artista autodidacta, originario de Venezuela, que reside en Montreal desde 1993. Antes de dedicarse por completo al arte, desarroll\u00f3 una exitosa carrera en la gastronom\u00eda, liderando dos restaurantes que figuraron entre los 10 mejores de Canad\u00e1. M\u00e1s adelante, decidi\u00f3 dejar el mundo culinario para seguir lo que describe como un llamado creativo de larga data.<\/p>\n\n\n\n<p>Su obra tiene un tono emocional y experimental, marcado por la experiencia personal m\u00e1s que por la formaci\u00f3n acad\u00e9mica. Las figuras funcionan como veh\u00edculos de di\u00e1logo interior, invitando al espectador a detenerse y mirar hacia adentro.<\/p>\n\n\n\n<h3 class=\"wp-block-heading\">Una conversaci\u00f3n con el artista<\/h3>\n\n\n\n<p>Durante la noche de apertura, los invitados participaron en una conversaci\u00f3n \u00edntima con Labarca, quien comparti\u00f3 detalles sobre su proceso creativo y su visi\u00f3n del arte como un acto de escucha interna.<\/p>\n\n\n\n<p>\u201cLa verdadera expresi\u00f3n del arte radica en la capacidad de escucharte a ti mismo sin dejarte influenciar por opiniones externas\u201d, expres\u00f3 Labarca, una afirmaci\u00f3n que reson\u00f3 a lo largo de la velada.<\/p>\n\n\n\n<p>Los asistentes pudieron interactuar directamente con el artista antes de la inauguraci\u00f3n oficial, generando un ambiente relajado y reflexivo que reflejaba el esp\u00edritu de las obras expuestas.<\/p>\n\n\n\n<div class=\"wp-block-jetpack-slideshow\" data-effect=\"slide\" style=\"--aspect-ratio:calc(1333 \/ 2000)\"><div class=\"wp-block-jetpack-slideshow_container swiper\"><ul class=\"wp-block-jetpack-slideshow_swiper-wrapper swiper-wrapper\"><li class=\"wp-block-jetpack-slideshow_slide swiper-slide\"><figure><img data-recalc-dims=\"1\" loading=\"lazy\" decoding=\"async\" width=\"1333\" height=\"2000\" alt=\"\" class=\"wp-block-jetpack-slideshow_image wp-image-547066\" data-id=\"547066\" data-aspect-ratio=\"1333 \/ 2000\" src=\"https:\/\/i0.wp.com\/casadecampoliving.com\/wp-content\/uploads\/2025\/12\/Gerardo-Labarca-Altos-de-Chavon-Art-Gallery-33.jpg?resize=1333%2C2000&#038;ssl=1\" srcset=\"https:\/\/i0.wp.com\/casadecampoliving.com\/wp-content\/uploads\/2025\/12\/Gerardo-Labarca-Altos-de-Chavon-Art-Gallery-33.jpg?w=1333&amp;ssl=1 1333w, https:\/\/i0.wp.com\/casadecampoliving.com\/wp-content\/uploads\/2025\/12\/Gerardo-Labarca-Altos-de-Chavon-Art-Gallery-33.jpg?resize=200%2C300&amp;ssl=1 200w, https:\/\/i0.wp.com\/casadecampoliving.com\/wp-content\/uploads\/2025\/12\/Gerardo-Labarca-Altos-de-Chavon-Art-Gallery-33.jpg?resize=682%2C1024&amp;ssl=1 682w, https:\/\/i0.wp.com\/casadecampoliving.com\/wp-content\/uploads\/2025\/12\/Gerardo-Labarca-Altos-de-Chavon-Art-Gallery-33.jpg?resize=768%2C1152&amp;ssl=1 768w, https:\/\/i0.wp.com\/casadecampoliving.com\/wp-content\/uploads\/2025\/12\/Gerardo-Labarca-Altos-de-Chavon-Art-Gallery-33.jpg?resize=1024%2C1536&amp;ssl=1 1024w, https:\/\/i0.wp.com\/casadecampoliving.com\/wp-content\/uploads\/2025\/12\/Gerardo-Labarca-Altos-de-Chavon-Art-Gallery-33.jpg?resize=1200%2C1800&amp;ssl=1 1200w, https:\/\/i0.wp.com\/casadecampoliving.com\/wp-content\/uploads\/2025\/12\/Gerardo-Labarca-Altos-de-Chavon-Art-Gallery-33.jpg?resize=780%2C1170&amp;ssl=1 780w, https:\/\/i0.wp.com\/casadecampoliving.com\/wp-content\/uploads\/2025\/12\/Gerardo-Labarca-Altos-de-Chavon-Art-Gallery-33.jpg?resize=400%2C600&amp;ssl=1 400w, https:\/\/i0.wp.com\/casadecampoliving.com\/wp-content\/uploads\/2025\/12\/Gerardo-Labarca-Altos-de-Chavon-Art-Gallery-33.jpg?resize=1320%2C1980&amp;ssl=1 1320w, https:\/\/i0.wp.com\/casadecampoliving.com\/wp-content\/uploads\/2025\/12\/Gerardo-Labarca-Altos-de-Chavon-Art-Gallery-33.jpg?resize=150%2C225&amp;ssl=1 150w, https:\/\/i0.wp.com\/casadecampoliving.com\/wp-content\/uploads\/2025\/12\/Gerardo-Labarca-Altos-de-Chavon-Art-Gallery-33.jpg?w=370&amp;ssl=1 370w\" sizes=\"(max-width: 1000px) 100vw, 1000px\" \/><\/figure><\/li><li class=\"wp-block-jetpack-slideshow_slide swiper-slide\"><figure><img data-recalc-dims=\"1\" loading=\"lazy\" decoding=\"async\" width=\"1333\" height=\"2000\" alt=\"\" class=\"wp-block-jetpack-slideshow_image wp-image-547052\" data-id=\"547052\" data-aspect-ratio=\"1333 \/ 2000\" src=\"https:\/\/i0.wp.com\/casadecampoliving.com\/wp-content\/uploads\/2025\/12\/Gerardo-Labarca-Altos-de-Chavon-Art-Gallery-30.jpg?resize=1333%2C2000&#038;ssl=1\" srcset=\"https:\/\/i0.wp.com\/casadecampoliving.com\/wp-content\/uploads\/2025\/12\/Gerardo-Labarca-Altos-de-Chavon-Art-Gallery-30.jpg?w=1333&amp;ssl=1 1333w, https:\/\/i0.wp.com\/casadecampoliving.com\/wp-content\/uploads\/2025\/12\/Gerardo-Labarca-Altos-de-Chavon-Art-Gallery-30.jpg?resize=200%2C300&amp;ssl=1 200w, https:\/\/i0.wp.com\/casadecampoliving.com\/wp-content\/uploads\/2025\/12\/Gerardo-Labarca-Altos-de-Chavon-Art-Gallery-30.jpg?resize=682%2C1024&amp;ssl=1 682w, https:\/\/i0.wp.com\/casadecampoliving.com\/wp-content\/uploads\/2025\/12\/Gerardo-Labarca-Altos-de-Chavon-Art-Gallery-30.jpg?resize=768%2C1152&amp;ssl=1 768w, https:\/\/i0.wp.com\/casadecampoliving.com\/wp-content\/uploads\/2025\/12\/Gerardo-Labarca-Altos-de-Chavon-Art-Gallery-30.jpg?resize=1024%2C1536&amp;ssl=1 1024w, https:\/\/i0.wp.com\/casadecampoliving.com\/wp-content\/uploads\/2025\/12\/Gerardo-Labarca-Altos-de-Chavon-Art-Gallery-30.jpg?resize=1200%2C1800&amp;ssl=1 1200w, https:\/\/i0.wp.com\/casadecampoliving.com\/wp-content\/uploads\/2025\/12\/Gerardo-Labarca-Altos-de-Chavon-Art-Gallery-30.jpg?resize=780%2C1170&amp;ssl=1 780w, https:\/\/i0.wp.com\/casadecampoliving.com\/wp-content\/uploads\/2025\/12\/Gerardo-Labarca-Altos-de-Chavon-Art-Gallery-30.jpg?resize=400%2C600&amp;ssl=1 400w, https:\/\/i0.wp.com\/casadecampoliving.com\/wp-content\/uploads\/2025\/12\/Gerardo-Labarca-Altos-de-Chavon-Art-Gallery-30.jpg?resize=1320%2C1980&amp;ssl=1 1320w, https:\/\/i0.wp.com\/casadecampoliving.com\/wp-content\/uploads\/2025\/12\/Gerardo-Labarca-Altos-de-Chavon-Art-Gallery-30.jpg?resize=150%2C225&amp;ssl=1 150w, https:\/\/i0.wp.com\/casadecampoliving.com\/wp-content\/uploads\/2025\/12\/Gerardo-Labarca-Altos-de-Chavon-Art-Gallery-30.jpg?w=370&amp;ssl=1 370w\" sizes=\"(max-width: 1000px) 100vw, 1000px\" \/><\/figure><\/li><li class=\"wp-block-jetpack-slideshow_slide swiper-slide\"><figure><img data-recalc-dims=\"1\" loading=\"lazy\" decoding=\"async\" width=\"1333\" height=\"1999\" alt=\"\" class=\"wp-block-jetpack-slideshow_image wp-image-547065\" data-id=\"547065\" data-aspect-ratio=\"1333 \/ 1999\" src=\"https:\/\/i0.wp.com\/casadecampoliving.com\/wp-content\/uploads\/2025\/12\/Gerardo-Labarca-Altos-de-Chavon-Art-Gallery-32.jpg?resize=1333%2C1999&#038;ssl=1\" srcset=\"https:\/\/i0.wp.com\/casadecampoliving.com\/wp-content\/uploads\/2025\/12\/Gerardo-Labarca-Altos-de-Chavon-Art-Gallery-32.jpg?w=1333&amp;ssl=1 1333w, https:\/\/i0.wp.com\/casadecampoliving.com\/wp-content\/uploads\/2025\/12\/Gerardo-Labarca-Altos-de-Chavon-Art-Gallery-32.jpg?resize=200%2C300&amp;ssl=1 200w, https:\/\/i0.wp.com\/casadecampoliving.com\/wp-content\/uploads\/2025\/12\/Gerardo-Labarca-Altos-de-Chavon-Art-Gallery-32.jpg?resize=683%2C1024&amp;ssl=1 683w, https:\/\/i0.wp.com\/casadecampoliving.com\/wp-content\/uploads\/2025\/12\/Gerardo-Labarca-Altos-de-Chavon-Art-Gallery-32.jpg?resize=768%2C1152&amp;ssl=1 768w, https:\/\/i0.wp.com\/casadecampoliving.com\/wp-content\/uploads\/2025\/12\/Gerardo-Labarca-Altos-de-Chavon-Art-Gallery-32.jpg?resize=1024%2C1536&amp;ssl=1 1024w, https:\/\/i0.wp.com\/casadecampoliving.com\/wp-content\/uploads\/2025\/12\/Gerardo-Labarca-Altos-de-Chavon-Art-Gallery-32.jpg?resize=1200%2C1800&amp;ssl=1 1200w, https:\/\/i0.wp.com\/casadecampoliving.com\/wp-content\/uploads\/2025\/12\/Gerardo-Labarca-Altos-de-Chavon-Art-Gallery-32.jpg?resize=780%2C1170&amp;ssl=1 780w, https:\/\/i0.wp.com\/casadecampoliving.com\/wp-content\/uploads\/2025\/12\/Gerardo-Labarca-Altos-de-Chavon-Art-Gallery-32.jpg?resize=400%2C600&amp;ssl=1 400w, https:\/\/i0.wp.com\/casadecampoliving.com\/wp-content\/uploads\/2025\/12\/Gerardo-Labarca-Altos-de-Chavon-Art-Gallery-32.jpg?resize=1320%2C1980&amp;ssl=1 1320w, https:\/\/i0.wp.com\/casadecampoliving.com\/wp-content\/uploads\/2025\/12\/Gerardo-Labarca-Altos-de-Chavon-Art-Gallery-32.jpg?resize=150%2C225&amp;ssl=1 150w, https:\/\/i0.wp.com\/casadecampoliving.com\/wp-content\/uploads\/2025\/12\/Gerardo-Labarca-Altos-de-Chavon-Art-Gallery-32.jpg?w=370&amp;ssl=1 370w\" sizes=\"(max-width: 1000px) 100vw, 1000px\" \/><\/figure><\/li><li class=\"wp-block-jetpack-slideshow_slide swiper-slide\"><figure><img data-recalc-dims=\"1\" loading=\"lazy\" decoding=\"async\" width=\"1333\" height=\"2000\" alt=\"\" class=\"wp-block-jetpack-slideshow_image wp-image-547063\" data-id=\"547063\" data-aspect-ratio=\"1333 \/ 2000\" src=\"https:\/\/i0.wp.com\/casadecampoliving.com\/wp-content\/uploads\/2025\/12\/Gerardo-Labarca-Altos-de-Chavon-Art-Gallery-23.jpg?resize=1333%2C2000&#038;ssl=1\" srcset=\"https:\/\/i0.wp.com\/casadecampoliving.com\/wp-content\/uploads\/2025\/12\/Gerardo-Labarca-Altos-de-Chavon-Art-Gallery-23.jpg?w=1333&amp;ssl=1 1333w, https:\/\/i0.wp.com\/casadecampoliving.com\/wp-content\/uploads\/2025\/12\/Gerardo-Labarca-Altos-de-Chavon-Art-Gallery-23.jpg?resize=200%2C300&amp;ssl=1 200w, https:\/\/i0.wp.com\/casadecampoliving.com\/wp-content\/uploads\/2025\/12\/Gerardo-Labarca-Altos-de-Chavon-Art-Gallery-23.jpg?resize=682%2C1024&amp;ssl=1 682w, https:\/\/i0.wp.com\/casadecampoliving.com\/wp-content\/uploads\/2025\/12\/Gerardo-Labarca-Altos-de-Chavon-Art-Gallery-23.jpg?resize=768%2C1152&amp;ssl=1 768w, https:\/\/i0.wp.com\/casadecampoliving.com\/wp-content\/uploads\/2025\/12\/Gerardo-Labarca-Altos-de-Chavon-Art-Gallery-23.jpg?resize=1024%2C1536&amp;ssl=1 1024w, https:\/\/i0.wp.com\/casadecampoliving.com\/wp-content\/uploads\/2025\/12\/Gerardo-Labarca-Altos-de-Chavon-Art-Gallery-23.jpg?resize=1200%2C1800&amp;ssl=1 1200w, https:\/\/i0.wp.com\/casadecampoliving.com\/wp-content\/uploads\/2025\/12\/Gerardo-Labarca-Altos-de-Chavon-Art-Gallery-23.jpg?resize=780%2C1170&amp;ssl=1 780w, https:\/\/i0.wp.com\/casadecampoliving.com\/wp-content\/uploads\/2025\/12\/Gerardo-Labarca-Altos-de-Chavon-Art-Gallery-23.jpg?resize=400%2C600&amp;ssl=1 400w, https:\/\/i0.wp.com\/casadecampoliving.com\/wp-content\/uploads\/2025\/12\/Gerardo-Labarca-Altos-de-Chavon-Art-Gallery-23.jpg?resize=1320%2C1980&amp;ssl=1 1320w, https:\/\/i0.wp.com\/casadecampoliving.com\/wp-content\/uploads\/2025\/12\/Gerardo-Labarca-Altos-de-Chavon-Art-Gallery-23.jpg?resize=150%2C225&amp;ssl=1 150w, https:\/\/i0.wp.com\/casadecampoliving.com\/wp-content\/uploads\/2025\/12\/Gerardo-Labarca-Altos-de-Chavon-Art-Gallery-23.jpg?w=370&amp;ssl=1 370w\" sizes=\"(max-width: 1000px) 100vw, 1000px\" \/><\/figure><\/li><li class=\"wp-block-jetpack-slideshow_slide swiper-slide\"><figure><img data-recalc-dims=\"1\" loading=\"lazy\" decoding=\"async\" width=\"1333\" height=\"2000\" alt=\"\" class=\"wp-block-jetpack-slideshow_image wp-image-547061\" data-id=\"547061\" data-aspect-ratio=\"1333 \/ 2000\" src=\"https:\/\/i0.wp.com\/casadecampoliving.com\/wp-content\/uploads\/2025\/12\/Gerardo-Labarca-Altos-de-Chavon-Art-Gallery-34.jpg?resize=1333%2C2000&#038;ssl=1\" srcset=\"https:\/\/i0.wp.com\/casadecampoliving.com\/wp-content\/uploads\/2025\/12\/Gerardo-Labarca-Altos-de-Chavon-Art-Gallery-34.jpg?w=1333&amp;ssl=1 1333w, https:\/\/i0.wp.com\/casadecampoliving.com\/wp-content\/uploads\/2025\/12\/Gerardo-Labarca-Altos-de-Chavon-Art-Gallery-34.jpg?resize=200%2C300&amp;ssl=1 200w, https:\/\/i0.wp.com\/casadecampoliving.com\/wp-content\/uploads\/2025\/12\/Gerardo-Labarca-Altos-de-Chavon-Art-Gallery-34.jpg?resize=682%2C1024&amp;ssl=1 682w, https:\/\/i0.wp.com\/casadecampoliving.com\/wp-content\/uploads\/2025\/12\/Gerardo-Labarca-Altos-de-Chavon-Art-Gallery-34.jpg?resize=768%2C1152&amp;ssl=1 768w, https:\/\/i0.wp.com\/casadecampoliving.com\/wp-content\/uploads\/2025\/12\/Gerardo-Labarca-Altos-de-Chavon-Art-Gallery-34.jpg?resize=1024%2C1536&amp;ssl=1 1024w, https:\/\/i0.wp.com\/casadecampoliving.com\/wp-content\/uploads\/2025\/12\/Gerardo-Labarca-Altos-de-Chavon-Art-Gallery-34.jpg?resize=1200%2C1800&amp;ssl=1 1200w, https:\/\/i0.wp.com\/casadecampoliving.com\/wp-content\/uploads\/2025\/12\/Gerardo-Labarca-Altos-de-Chavon-Art-Gallery-34.jpg?resize=780%2C1170&amp;ssl=1 780w, https:\/\/i0.wp.com\/casadecampoliving.com\/wp-content\/uploads\/2025\/12\/Gerardo-Labarca-Altos-de-Chavon-Art-Gallery-34.jpg?resize=400%2C600&amp;ssl=1 400w, https:\/\/i0.wp.com\/casadecampoliving.com\/wp-content\/uploads\/2025\/12\/Gerardo-Labarca-Altos-de-Chavon-Art-Gallery-34.jpg?resize=1320%2C1980&amp;ssl=1 1320w, https:\/\/i0.wp.com\/casadecampoliving.com\/wp-content\/uploads\/2025\/12\/Gerardo-Labarca-Altos-de-Chavon-Art-Gallery-34.jpg?resize=150%2C225&amp;ssl=1 150w, https:\/\/i0.wp.com\/casadecampoliving.com\/wp-content\/uploads\/2025\/12\/Gerardo-Labarca-Altos-de-Chavon-Art-Gallery-34.jpg?w=370&amp;ssl=1 370w\" sizes=\"(max-width: 1000px) 100vw, 1000px\" \/><\/figure><\/li><li class=\"wp-block-jetpack-slideshow_slide swiper-slide\"><figure><img data-recalc-dims=\"1\" loading=\"lazy\" decoding=\"async\" width=\"1333\" height=\"2000\" alt=\"\" class=\"wp-block-jetpack-slideshow_image wp-image-547059\" data-id=\"547059\" data-aspect-ratio=\"1333 \/ 2000\" src=\"https:\/\/i0.wp.com\/casadecampoliving.com\/wp-content\/uploads\/2025\/12\/Gerardo-Labarca-Altos-de-Chavon-Art-Gallery-20.jpg?resize=1333%2C2000&#038;ssl=1\" srcset=\"https:\/\/i0.wp.com\/casadecampoliving.com\/wp-content\/uploads\/2025\/12\/Gerardo-Labarca-Altos-de-Chavon-Art-Gallery-20.jpg?w=1333&amp;ssl=1 1333w, https:\/\/i0.wp.com\/casadecampoliving.com\/wp-content\/uploads\/2025\/12\/Gerardo-Labarca-Altos-de-Chavon-Art-Gallery-20.jpg?resize=200%2C300&amp;ssl=1 200w, https:\/\/i0.wp.com\/casadecampoliving.com\/wp-content\/uploads\/2025\/12\/Gerardo-Labarca-Altos-de-Chavon-Art-Gallery-20.jpg?resize=682%2C1024&amp;ssl=1 682w, https:\/\/i0.wp.com\/casadecampoliving.com\/wp-content\/uploads\/2025\/12\/Gerardo-Labarca-Altos-de-Chavon-Art-Gallery-20.jpg?resize=768%2C1152&amp;ssl=1 768w, https:\/\/i0.wp.com\/casadecampoliving.com\/wp-content\/uploads\/2025\/12\/Gerardo-Labarca-Altos-de-Chavon-Art-Gallery-20.jpg?resize=1024%2C1536&amp;ssl=1 1024w, https:\/\/i0.wp.com\/casadecampoliving.com\/wp-content\/uploads\/2025\/12\/Gerardo-Labarca-Altos-de-Chavon-Art-Gallery-20.jpg?resize=1200%2C1800&amp;ssl=1 1200w, https:\/\/i0.wp.com\/casadecampoliving.com\/wp-content\/uploads\/2025\/12\/Gerardo-Labarca-Altos-de-Chavon-Art-Gallery-20.jpg?resize=780%2C1170&amp;ssl=1 780w, https:\/\/i0.wp.com\/casadecampoliving.com\/wp-content\/uploads\/2025\/12\/Gerardo-Labarca-Altos-de-Chavon-Art-Gallery-20.jpg?resize=400%2C600&amp;ssl=1 400w, https:\/\/i0.wp.com\/casadecampoliving.com\/wp-content\/uploads\/2025\/12\/Gerardo-Labarca-Altos-de-Chavon-Art-Gallery-20.jpg?resize=1320%2C1980&amp;ssl=1 1320w, https:\/\/i0.wp.com\/casadecampoliving.com\/wp-content\/uploads\/2025\/12\/Gerardo-Labarca-Altos-de-Chavon-Art-Gallery-20.jpg?resize=150%2C225&amp;ssl=1 150w, https:\/\/i0.wp.com\/casadecampoliving.com\/wp-content\/uploads\/2025\/12\/Gerardo-Labarca-Altos-de-Chavon-Art-Gallery-20.jpg?w=370&amp;ssl=1 370w\" sizes=\"(max-width: 1000px) 100vw, 1000px\" \/><\/figure><\/li><li class=\"wp-block-jetpack-slideshow_slide swiper-slide\"><figure><img data-recalc-dims=\"1\" loading=\"lazy\" decoding=\"async\" width=\"1333\" height=\"2000\" alt=\"\" class=\"wp-block-jetpack-slideshow_image wp-image-547046\" data-id=\"547046\" data-aspect-ratio=\"1333 \/ 2000\" src=\"https:\/\/i0.wp.com\/casadecampoliving.com\/wp-content\/uploads\/2025\/12\/Gerardo-Labarca-Altos-de-Chavon-Art-Gallery-31.jpg?resize=1333%2C2000&#038;ssl=1\" srcset=\"https:\/\/i0.wp.com\/casadecampoliving.com\/wp-content\/uploads\/2025\/12\/Gerardo-Labarca-Altos-de-Chavon-Art-Gallery-31.jpg?w=1333&amp;ssl=1 1333w, https:\/\/i0.wp.com\/casadecampoliving.com\/wp-content\/uploads\/2025\/12\/Gerardo-Labarca-Altos-de-Chavon-Art-Gallery-31.jpg?resize=200%2C300&amp;ssl=1 200w, https:\/\/i0.wp.com\/casadecampoliving.com\/wp-content\/uploads\/2025\/12\/Gerardo-Labarca-Altos-de-Chavon-Art-Gallery-31.jpg?resize=682%2C1024&amp;ssl=1 682w, https:\/\/i0.wp.com\/casadecampoliving.com\/wp-content\/uploads\/2025\/12\/Gerardo-Labarca-Altos-de-Chavon-Art-Gallery-31.jpg?resize=768%2C1152&amp;ssl=1 768w, https:\/\/i0.wp.com\/casadecampoliving.com\/wp-content\/uploads\/2025\/12\/Gerardo-Labarca-Altos-de-Chavon-Art-Gallery-31.jpg?resize=1024%2C1536&amp;ssl=1 1024w, https:\/\/i0.wp.com\/casadecampoliving.com\/wp-content\/uploads\/2025\/12\/Gerardo-Labarca-Altos-de-Chavon-Art-Gallery-31.jpg?resize=1200%2C1800&amp;ssl=1 1200w, https:\/\/i0.wp.com\/casadecampoliving.com\/wp-content\/uploads\/2025\/12\/Gerardo-Labarca-Altos-de-Chavon-Art-Gallery-31.jpg?resize=780%2C1170&amp;ssl=1 780w, https:\/\/i0.wp.com\/casadecampoliving.com\/wp-content\/uploads\/2025\/12\/Gerardo-Labarca-Altos-de-Chavon-Art-Gallery-31.jpg?resize=400%2C600&amp;ssl=1 400w, https:\/\/i0.wp.com\/casadecampoliving.com\/wp-content\/uploads\/2025\/12\/Gerardo-Labarca-Altos-de-Chavon-Art-Gallery-31.jpg?resize=1320%2C1980&amp;ssl=1 1320w, https:\/\/i0.wp.com\/casadecampoliving.com\/wp-content\/uploads\/2025\/12\/Gerardo-Labarca-Altos-de-Chavon-Art-Gallery-31.jpg?resize=150%2C225&amp;ssl=1 150w, https:\/\/i0.wp.com\/casadecampoliving.com\/wp-content\/uploads\/2025\/12\/Gerardo-Labarca-Altos-de-Chavon-Art-Gallery-31.jpg?w=370&amp;ssl=1 370w\" sizes=\"(max-width: 1000px) 100vw, 1000px\" \/><\/figure><\/li><li class=\"wp-block-jetpack-slideshow_slide swiper-slide\"><figure><img data-recalc-dims=\"1\" loading=\"lazy\" decoding=\"async\" width=\"1334\" height=\"2000\" alt=\"\" class=\"wp-block-jetpack-slideshow_image wp-image-547045\" data-id=\"547045\" data-aspect-ratio=\"1334 \/ 2000\" src=\"https:\/\/i0.wp.com\/casadecampoliving.com\/wp-content\/uploads\/2025\/12\/Gerardo-Labarca-Altos-de-Chavon-Art-Gallery-36.jpg?resize=1334%2C2000&#038;ssl=1\" srcset=\"https:\/\/i0.wp.com\/casadecampoliving.com\/wp-content\/uploads\/2025\/12\/Gerardo-Labarca-Altos-de-Chavon-Art-Gallery-36.jpg?w=1334&amp;ssl=1 1334w, https:\/\/i0.wp.com\/casadecampoliving.com\/wp-content\/uploads\/2025\/12\/Gerardo-Labarca-Altos-de-Chavon-Art-Gallery-36.jpg?resize=200%2C300&amp;ssl=1 200w, https:\/\/i0.wp.com\/casadecampoliving.com\/wp-content\/uploads\/2025\/12\/Gerardo-Labarca-Altos-de-Chavon-Art-Gallery-36.jpg?resize=683%2C1024&amp;ssl=1 683w, https:\/\/i0.wp.com\/casadecampoliving.com\/wp-content\/uploads\/2025\/12\/Gerardo-Labarca-Altos-de-Chavon-Art-Gallery-36.jpg?resize=768%2C1151&amp;ssl=1 768w, https:\/\/i0.wp.com\/casadecampoliving.com\/wp-content\/uploads\/2025\/12\/Gerardo-Labarca-Altos-de-Chavon-Art-Gallery-36.jpg?resize=1025%2C1536&amp;ssl=1 1025w, https:\/\/i0.wp.com\/casadecampoliving.com\/wp-content\/uploads\/2025\/12\/Gerardo-Labarca-Altos-de-Chavon-Art-Gallery-36.jpg?resize=1200%2C1799&amp;ssl=1 1200w, https:\/\/i0.wp.com\/casadecampoliving.com\/wp-content\/uploads\/2025\/12\/Gerardo-Labarca-Altos-de-Chavon-Art-Gallery-36.jpg?resize=780%2C1169&amp;ssl=1 780w, https:\/\/i0.wp.com\/casadecampoliving.com\/wp-content\/uploads\/2025\/12\/Gerardo-Labarca-Altos-de-Chavon-Art-Gallery-36.jpg?resize=400%2C600&amp;ssl=1 400w, https:\/\/i0.wp.com\/casadecampoliving.com\/wp-content\/uploads\/2025\/12\/Gerardo-Labarca-Altos-de-Chavon-Art-Gallery-36.jpg?resize=1320%2C1979&amp;ssl=1 1320w, https:\/\/i0.wp.com\/casadecampoliving.com\/wp-content\/uploads\/2025\/12\/Gerardo-Labarca-Altos-de-Chavon-Art-Gallery-36.jpg?resize=150%2C225&amp;ssl=1 150w, https:\/\/i0.wp.com\/casadecampoliving.com\/wp-content\/uploads\/2025\/12\/Gerardo-Labarca-Altos-de-Chavon-Art-Gallery-36.jpg?w=370&amp;ssl=1 370w\" sizes=\"(max-width: 1000px) 100vw, 1000px\" \/><\/figure><\/li><li class=\"wp-block-jetpack-slideshow_slide swiper-slide\"><figure><img data-recalc-dims=\"1\" loading=\"lazy\" decoding=\"async\" width=\"1333\" height=\"2000\" alt=\"\" class=\"wp-block-jetpack-slideshow_image wp-image-547040\" data-id=\"547040\" data-aspect-ratio=\"1333 \/ 2000\" src=\"https:\/\/i0.wp.com\/casadecampoliving.com\/wp-content\/uploads\/2025\/12\/Gerardo-Labarca-Altos-de-Chavon-Art-Gallery-21.jpg?resize=1333%2C2000&#038;ssl=1\" srcset=\"https:\/\/i0.wp.com\/casadecampoliving.com\/wp-content\/uploads\/2025\/12\/Gerardo-Labarca-Altos-de-Chavon-Art-Gallery-21.jpg?w=1333&amp;ssl=1 1333w, https:\/\/i0.wp.com\/casadecampoliving.com\/wp-content\/uploads\/2025\/12\/Gerardo-Labarca-Altos-de-Chavon-Art-Gallery-21.jpg?resize=200%2C300&amp;ssl=1 200w, https:\/\/i0.wp.com\/casadecampoliving.com\/wp-content\/uploads\/2025\/12\/Gerardo-Labarca-Altos-de-Chavon-Art-Gallery-21.jpg?resize=682%2C1024&amp;ssl=1 682w, https:\/\/i0.wp.com\/casadecampoliving.com\/wp-content\/uploads\/2025\/12\/Gerardo-Labarca-Altos-de-Chavon-Art-Gallery-21.jpg?resize=768%2C1152&amp;ssl=1 768w, https:\/\/i0.wp.com\/casadecampoliving.com\/wp-content\/uploads\/2025\/12\/Gerardo-Labarca-Altos-de-Chavon-Art-Gallery-21.jpg?resize=1024%2C1536&amp;ssl=1 1024w, https:\/\/i0.wp.com\/casadecampoliving.com\/wp-content\/uploads\/2025\/12\/Gerardo-Labarca-Altos-de-Chavon-Art-Gallery-21.jpg?resize=1200%2C1800&amp;ssl=1 1200w, https:\/\/i0.wp.com\/casadecampoliving.com\/wp-content\/uploads\/2025\/12\/Gerardo-Labarca-Altos-de-Chavon-Art-Gallery-21.jpg?resize=780%2C1170&amp;ssl=1 780w, https:\/\/i0.wp.com\/casadecampoliving.com\/wp-content\/uploads\/2025\/12\/Gerardo-Labarca-Altos-de-Chavon-Art-Gallery-21.jpg?resize=400%2C600&amp;ssl=1 400w, https:\/\/i0.wp.com\/casadecampoliving.com\/wp-content\/uploads\/2025\/12\/Gerardo-Labarca-Altos-de-Chavon-Art-Gallery-21.jpg?resize=1320%2C1980&amp;ssl=1 1320w, https:\/\/i0.wp.com\/casadecampoliving.com\/wp-content\/uploads\/2025\/12\/Gerardo-Labarca-Altos-de-Chavon-Art-Gallery-21.jpg?resize=150%2C225&amp;ssl=1 150w, https:\/\/i0.wp.com\/casadecampoliving.com\/wp-content\/uploads\/2025\/12\/Gerardo-Labarca-Altos-de-Chavon-Art-Gallery-21.jpg?w=370&amp;ssl=1 370w\" sizes=\"(max-width: 1000px) 100vw, 1000px\" \/><\/figure><\/li><li class=\"wp-block-jetpack-slideshow_slide swiper-slide\"><figure><img data-recalc-dims=\"1\" loading=\"lazy\" decoding=\"async\" width=\"1333\" height=\"2000\" alt=\"\" class=\"wp-block-jetpack-slideshow_image wp-image-547049\" data-id=\"547049\" data-aspect-ratio=\"1333 \/ 2000\" src=\"https:\/\/i0.wp.com\/casadecampoliving.com\/wp-content\/uploads\/2025\/12\/Gerardo-Labarca-Altos-de-Chavon-Art-Gallery-17.jpg?resize=1333%2C2000&#038;ssl=1\" srcset=\"https:\/\/i0.wp.com\/casadecampoliving.com\/wp-content\/uploads\/2025\/12\/Gerardo-Labarca-Altos-de-Chavon-Art-Gallery-17.jpg?w=1333&amp;ssl=1 1333w, https:\/\/i0.wp.com\/casadecampoliving.com\/wp-content\/uploads\/2025\/12\/Gerardo-Labarca-Altos-de-Chavon-Art-Gallery-17.jpg?resize=200%2C300&amp;ssl=1 200w, https:\/\/i0.wp.com\/casadecampoliving.com\/wp-content\/uploads\/2025\/12\/Gerardo-Labarca-Altos-de-Chavon-Art-Gallery-17.jpg?resize=682%2C1024&amp;ssl=1 682w, https:\/\/i0.wp.com\/casadecampoliving.com\/wp-content\/uploads\/2025\/12\/Gerardo-Labarca-Altos-de-Chavon-Art-Gallery-17.jpg?resize=768%2C1152&amp;ssl=1 768w, https:\/\/i0.wp.com\/casadecampoliving.com\/wp-content\/uploads\/2025\/12\/Gerardo-Labarca-Altos-de-Chavon-Art-Gallery-17.jpg?resize=1024%2C1536&amp;ssl=1 1024w, https:\/\/i0.wp.com\/casadecampoliving.com\/wp-content\/uploads\/2025\/12\/Gerardo-Labarca-Altos-de-Chavon-Art-Gallery-17.jpg?resize=1200%2C1800&amp;ssl=1 1200w, https:\/\/i0.wp.com\/casadecampoliving.com\/wp-content\/uploads\/2025\/12\/Gerardo-Labarca-Altos-de-Chavon-Art-Gallery-17.jpg?resize=780%2C1170&amp;ssl=1 780w, https:\/\/i0.wp.com\/casadecampoliving.com\/wp-content\/uploads\/2025\/12\/Gerardo-Labarca-Altos-de-Chavon-Art-Gallery-17.jpg?resize=400%2C600&amp;ssl=1 400w, https:\/\/i0.wp.com\/casadecampoliving.com\/wp-content\/uploads\/2025\/12\/Gerardo-Labarca-Altos-de-Chavon-Art-Gallery-17.jpg?resize=1320%2C1980&amp;ssl=1 1320w, https:\/\/i0.wp.com\/casadecampoliving.com\/wp-content\/uploads\/2025\/12\/Gerardo-Labarca-Altos-de-Chavon-Art-Gallery-17.jpg?resize=150%2C225&amp;ssl=1 150w, https:\/\/i0.wp.com\/casadecampoliving.com\/wp-content\/uploads\/2025\/12\/Gerardo-Labarca-Altos-de-Chavon-Art-Gallery-17.jpg?w=370&amp;ssl=1 370w\" sizes=\"(max-width: 1000px) 100vw, 1000px\" \/><\/figure><\/li><li class=\"wp-block-jetpack-slideshow_slide swiper-slide\"><figure><img data-recalc-dims=\"1\" loading=\"lazy\" decoding=\"async\" width=\"1333\" height=\"2000\" alt=\"\" class=\"wp-block-jetpack-slideshow_image wp-image-547039\" data-id=\"547039\" data-aspect-ratio=\"1333 \/ 2000\" src=\"https:\/\/i0.wp.com\/casadecampoliving.com\/wp-content\/uploads\/2025\/12\/Gerardo-Labarca-Altos-de-Chavon-Art-Gallery-35.jpg?resize=1333%2C2000&#038;ssl=1\" srcset=\"https:\/\/i0.wp.com\/casadecampoliving.com\/wp-content\/uploads\/2025\/12\/Gerardo-Labarca-Altos-de-Chavon-Art-Gallery-35.jpg?w=1333&amp;ssl=1 1333w, https:\/\/i0.wp.com\/casadecampoliving.com\/wp-content\/uploads\/2025\/12\/Gerardo-Labarca-Altos-de-Chavon-Art-Gallery-35.jpg?resize=200%2C300&amp;ssl=1 200w, https:\/\/i0.wp.com\/casadecampoliving.com\/wp-content\/uploads\/2025\/12\/Gerardo-Labarca-Altos-de-Chavon-Art-Gallery-35.jpg?resize=682%2C1024&amp;ssl=1 682w, https:\/\/i0.wp.com\/casadecampoliving.com\/wp-content\/uploads\/2025\/12\/Gerardo-Labarca-Altos-de-Chavon-Art-Gallery-35.jpg?resize=768%2C1152&amp;ssl=1 768w, https:\/\/i0.wp.com\/casadecampoliving.com\/wp-content\/uploads\/2025\/12\/Gerardo-Labarca-Altos-de-Chavon-Art-Gallery-35.jpg?resize=1024%2C1536&amp;ssl=1 1024w, https:\/\/i0.wp.com\/casadecampoliving.com\/wp-content\/uploads\/2025\/12\/Gerardo-Labarca-Altos-de-Chavon-Art-Gallery-35.jpg?resize=1200%2C1800&amp;ssl=1 1200w, https:\/\/i0.wp.com\/casadecampoliving.com\/wp-content\/uploads\/2025\/12\/Gerardo-Labarca-Altos-de-Chavon-Art-Gallery-35.jpg?resize=780%2C1170&amp;ssl=1 780w, https:\/\/i0.wp.com\/casadecampoliving.com\/wp-content\/uploads\/2025\/12\/Gerardo-Labarca-Altos-de-Chavon-Art-Gallery-35.jpg?resize=400%2C600&amp;ssl=1 400w, https:\/\/i0.wp.com\/casadecampoliving.com\/wp-content\/uploads\/2025\/12\/Gerardo-Labarca-Altos-de-Chavon-Art-Gallery-35.jpg?resize=1320%2C1980&amp;ssl=1 1320w, https:\/\/i0.wp.com\/casadecampoliving.com\/wp-content\/uploads\/2025\/12\/Gerardo-Labarca-Altos-de-Chavon-Art-Gallery-35.jpg?resize=150%2C225&amp;ssl=1 150w, https:\/\/i0.wp.com\/casadecampoliving.com\/wp-content\/uploads\/2025\/12\/Gerardo-Labarca-Altos-de-Chavon-Art-Gallery-35.jpg?w=370&amp;ssl=1 370w\" sizes=\"(max-width: 1000px) 100vw, 1000px\" \/><\/figure><\/li><li class=\"wp-block-jetpack-slideshow_slide swiper-slide\"><figure><img data-recalc-dims=\"1\" loading=\"lazy\" decoding=\"async\" width=\"1999\" height=\"1333\" alt=\"\" class=\"wp-block-jetpack-slideshow_image wp-image-547051\" data-id=\"547051\" data-aspect-ratio=\"1999 \/ 1333\" src=\"https:\/\/i0.wp.com\/casadecampoliving.com\/wp-content\/uploads\/2025\/12\/Gerardo-Labarca-Altos-de-Chavon-Art-Gallery-28.jpg?resize=1999%2C1333&#038;ssl=1\" srcset=\"https:\/\/i0.wp.com\/casadecampoliving.com\/wp-content\/uploads\/2025\/12\/Gerardo-Labarca-Altos-de-Chavon-Art-Gallery-28.jpg?w=1999&amp;ssl=1 1999w, https:\/\/i0.wp.com\/casadecampoliving.com\/wp-content\/uploads\/2025\/12\/Gerardo-Labarca-Altos-de-Chavon-Art-Gallery-28.jpg?resize=300%2C200&amp;ssl=1 300w, https:\/\/i0.wp.com\/casadecampoliving.com\/wp-content\/uploads\/2025\/12\/Gerardo-Labarca-Altos-de-Chavon-Art-Gallery-28.jpg?resize=1024%2C683&amp;ssl=1 1024w, https:\/\/i0.wp.com\/casadecampoliving.com\/wp-content\/uploads\/2025\/12\/Gerardo-Labarca-Altos-de-Chavon-Art-Gallery-28.jpg?resize=768%2C512&amp;ssl=1 768w, https:\/\/i0.wp.com\/casadecampoliving.com\/wp-content\/uploads\/2025\/12\/Gerardo-Labarca-Altos-de-Chavon-Art-Gallery-28.jpg?resize=1536%2C1024&amp;ssl=1 1536w, https:\/\/i0.wp.com\/casadecampoliving.com\/wp-content\/uploads\/2025\/12\/Gerardo-Labarca-Altos-de-Chavon-Art-Gallery-28.jpg?resize=1200%2C800&amp;ssl=1 1200w, https:\/\/i0.wp.com\/casadecampoliving.com\/wp-content\/uploads\/2025\/12\/Gerardo-Labarca-Altos-de-Chavon-Art-Gallery-28.jpg?resize=780%2C520&amp;ssl=1 780w, https:\/\/i0.wp.com\/casadecampoliving.com\/wp-content\/uploads\/2025\/12\/Gerardo-Labarca-Altos-de-Chavon-Art-Gallery-28.jpg?resize=400%2C267&amp;ssl=1 400w, https:\/\/i0.wp.com\/casadecampoliving.com\/wp-content\/uploads\/2025\/12\/Gerardo-Labarca-Altos-de-Chavon-Art-Gallery-28.jpg?resize=1320%2C880&amp;ssl=1 1320w, https:\/\/i0.wp.com\/casadecampoliving.com\/wp-content\/uploads\/2025\/12\/Gerardo-Labarca-Altos-de-Chavon-Art-Gallery-28.jpg?resize=150%2C100&amp;ssl=1 150w, https:\/\/i0.wp.com\/casadecampoliving.com\/wp-content\/uploads\/2025\/12\/Gerardo-Labarca-Altos-de-Chavon-Art-Gallery-28.jpg?w=370&amp;ssl=1 370w\" sizes=\"(max-width: 1000px) 100vw, 1000px\" \/><\/figure><\/li><li class=\"wp-block-jetpack-slideshow_slide swiper-slide\"><figure><img data-recalc-dims=\"1\" loading=\"lazy\" decoding=\"async\" width=\"1333\" height=\"2000\" alt=\"\" class=\"wp-block-jetpack-slideshow_image wp-image-547034\" data-id=\"547034\" data-aspect-ratio=\"1333 \/ 2000\" src=\"https:\/\/i0.wp.com\/casadecampoliving.com\/wp-content\/uploads\/2025\/12\/Gerardo-Labarca-Altos-de-Chavon-Art-Gallery-39.jpg?resize=1333%2C2000&#038;ssl=1\" srcset=\"https:\/\/i0.wp.com\/casadecampoliving.com\/wp-content\/uploads\/2025\/12\/Gerardo-Labarca-Altos-de-Chavon-Art-Gallery-39.jpg?w=1333&amp;ssl=1 1333w, https:\/\/i0.wp.com\/casadecampoliving.com\/wp-content\/uploads\/2025\/12\/Gerardo-Labarca-Altos-de-Chavon-Art-Gallery-39.jpg?resize=200%2C300&amp;ssl=1 200w, https:\/\/i0.wp.com\/casadecampoliving.com\/wp-content\/uploads\/2025\/12\/Gerardo-Labarca-Altos-de-Chavon-Art-Gallery-39.jpg?resize=682%2C1024&amp;ssl=1 682w, https:\/\/i0.wp.com\/casadecampoliving.com\/wp-content\/uploads\/2025\/12\/Gerardo-Labarca-Altos-de-Chavon-Art-Gallery-39.jpg?resize=768%2C1152&amp;ssl=1 768w, https:\/\/i0.wp.com\/casadecampoliving.com\/wp-content\/uploads\/2025\/12\/Gerardo-Labarca-Altos-de-Chavon-Art-Gallery-39.jpg?resize=1024%2C1536&amp;ssl=1 1024w, https:\/\/i0.wp.com\/casadecampoliving.com\/wp-content\/uploads\/2025\/12\/Gerardo-Labarca-Altos-de-Chavon-Art-Gallery-39.jpg?resize=1200%2C1800&amp;ssl=1 1200w, https:\/\/i0.wp.com\/casadecampoliving.com\/wp-content\/uploads\/2025\/12\/Gerardo-Labarca-Altos-de-Chavon-Art-Gallery-39.jpg?resize=780%2C1170&amp;ssl=1 780w, https:\/\/i0.wp.com\/casadecampoliving.com\/wp-content\/uploads\/2025\/12\/Gerardo-Labarca-Altos-de-Chavon-Art-Gallery-39.jpg?resize=400%2C600&amp;ssl=1 400w, https:\/\/i0.wp.com\/casadecampoliving.com\/wp-content\/uploads\/2025\/12\/Gerardo-Labarca-Altos-de-Chavon-Art-Gallery-39.jpg?resize=1320%2C1980&amp;ssl=1 1320w, https:\/\/i0.wp.com\/casadecampoliving.com\/wp-content\/uploads\/2025\/12\/Gerardo-Labarca-Altos-de-Chavon-Art-Gallery-39.jpg?resize=150%2C225&amp;ssl=1 150w, https:\/\/i0.wp.com\/casadecampoliving.com\/wp-content\/uploads\/2025\/12\/Gerardo-Labarca-Altos-de-Chavon-Art-Gallery-39.jpg?w=370&amp;ssl=1 370w\" sizes=\"(max-width: 1000px) 100vw, 1000px\" \/><\/figure><\/li><li class=\"wp-block-jetpack-slideshow_slide swiper-slide\"><figure><img data-recalc-dims=\"1\" loading=\"lazy\" decoding=\"async\" width=\"2000\" height=\"1333\" alt=\"\" class=\"wp-block-jetpack-slideshow_image wp-image-547035\" data-id=\"547035\" data-aspect-ratio=\"2000 \/ 1333\" src=\"https:\/\/i0.wp.com\/casadecampoliving.com\/wp-content\/uploads\/2025\/12\/Gerardo-Labarca-Altos-de-Chavon-Art-Gallery-22.jpg?resize=2000%2C1333&#038;ssl=1\" srcset=\"https:\/\/i0.wp.com\/casadecampoliving.com\/wp-content\/uploads\/2025\/12\/Gerardo-Labarca-Altos-de-Chavon-Art-Gallery-22.jpg?w=2000&amp;ssl=1 2000w, https:\/\/i0.wp.com\/casadecampoliving.com\/wp-content\/uploads\/2025\/12\/Gerardo-Labarca-Altos-de-Chavon-Art-Gallery-22.jpg?resize=300%2C200&amp;ssl=1 300w, https:\/\/i0.wp.com\/casadecampoliving.com\/wp-content\/uploads\/2025\/12\/Gerardo-Labarca-Altos-de-Chavon-Art-Gallery-22.jpg?resize=1024%2C682&amp;ssl=1 1024w, https:\/\/i0.wp.com\/casadecampoliving.com\/wp-content\/uploads\/2025\/12\/Gerardo-Labarca-Altos-de-Chavon-Art-Gallery-22.jpg?resize=768%2C512&amp;ssl=1 768w, https:\/\/i0.wp.com\/casadecampoliving.com\/wp-content\/uploads\/2025\/12\/Gerardo-Labarca-Altos-de-Chavon-Art-Gallery-22.jpg?resize=1536%2C1024&amp;ssl=1 1536w, https:\/\/i0.wp.com\/casadecampoliving.com\/wp-content\/uploads\/2025\/12\/Gerardo-Labarca-Altos-de-Chavon-Art-Gallery-22.jpg?resize=1200%2C800&amp;ssl=1 1200w, https:\/\/i0.wp.com\/casadecampoliving.com\/wp-content\/uploads\/2025\/12\/Gerardo-Labarca-Altos-de-Chavon-Art-Gallery-22.jpg?resize=780%2C520&amp;ssl=1 780w, https:\/\/i0.wp.com\/casadecampoliving.com\/wp-content\/uploads\/2025\/12\/Gerardo-Labarca-Altos-de-Chavon-Art-Gallery-22.jpg?resize=400%2C267&amp;ssl=1 400w, https:\/\/i0.wp.com\/casadecampoliving.com\/wp-content\/uploads\/2025\/12\/Gerardo-Labarca-Altos-de-Chavon-Art-Gallery-22.jpg?resize=1320%2C880&amp;ssl=1 1320w, https:\/\/i0.wp.com\/casadecampoliving.com\/wp-content\/uploads\/2025\/12\/Gerardo-Labarca-Altos-de-Chavon-Art-Gallery-22.jpg?resize=150%2C100&amp;ssl=1 150w, https:\/\/i0.wp.com\/casadecampoliving.com\/wp-content\/uploads\/2025\/12\/Gerardo-Labarca-Altos-de-Chavon-Art-Gallery-22.jpg?w=370&amp;ssl=1 370w\" sizes=\"(max-width: 1000px) 100vw, 1000px\" \/><\/figure><\/li><li class=\"wp-block-jetpack-slideshow_slide swiper-slide\"><figure><img data-recalc-dims=\"1\" loading=\"lazy\" decoding=\"async\" width=\"1333\" height=\"2000\" alt=\"\" class=\"wp-block-jetpack-slideshow_image wp-image-547031\" data-id=\"547031\" data-aspect-ratio=\"1333 \/ 2000\" src=\"https:\/\/i0.wp.com\/casadecampoliving.com\/wp-content\/uploads\/2025\/12\/Gerardo-Labarca-Altos-de-Chavon-Art-Gallery-29.jpg?resize=1333%2C2000&#038;ssl=1\" srcset=\"https:\/\/i0.wp.com\/casadecampoliving.com\/wp-content\/uploads\/2025\/12\/Gerardo-Labarca-Altos-de-Chavon-Art-Gallery-29.jpg?w=1333&amp;ssl=1 1333w, https:\/\/i0.wp.com\/casadecampoliving.com\/wp-content\/uploads\/2025\/12\/Gerardo-Labarca-Altos-de-Chavon-Art-Gallery-29.jpg?resize=200%2C300&amp;ssl=1 200w, https:\/\/i0.wp.com\/casadecampoliving.com\/wp-content\/uploads\/2025\/12\/Gerardo-Labarca-Altos-de-Chavon-Art-Gallery-29.jpg?resize=682%2C1024&amp;ssl=1 682w, https:\/\/i0.wp.com\/casadecampoliving.com\/wp-content\/uploads\/2025\/12\/Gerardo-Labarca-Altos-de-Chavon-Art-Gallery-29.jpg?resize=768%2C1152&amp;ssl=1 768w, https:\/\/i0.wp.com\/casadecampoliving.com\/wp-content\/uploads\/2025\/12\/Gerardo-Labarca-Altos-de-Chavon-Art-Gallery-29.jpg?resize=1024%2C1536&amp;ssl=1 1024w, https:\/\/i0.wp.com\/casadecampoliving.com\/wp-content\/uploads\/2025\/12\/Gerardo-Labarca-Altos-de-Chavon-Art-Gallery-29.jpg?resize=1200%2C1800&amp;ssl=1 1200w, https:\/\/i0.wp.com\/casadecampoliving.com\/wp-content\/uploads\/2025\/12\/Gerardo-Labarca-Altos-de-Chavon-Art-Gallery-29.jpg?resize=780%2C1170&amp;ssl=1 780w, https:\/\/i0.wp.com\/casadecampoliving.com\/wp-content\/uploads\/2025\/12\/Gerardo-Labarca-Altos-de-Chavon-Art-Gallery-29.jpg?resize=400%2C600&amp;ssl=1 400w, https:\/\/i0.wp.com\/casadecampoliving.com\/wp-content\/uploads\/2025\/12\/Gerardo-Labarca-Altos-de-Chavon-Art-Gallery-29.jpg?resize=1320%2C1980&amp;ssl=1 1320w, https:\/\/i0.wp.com\/casadecampoliving.com\/wp-content\/uploads\/2025\/12\/Gerardo-Labarca-Altos-de-Chavon-Art-Gallery-29.jpg?resize=150%2C225&amp;ssl=1 150w, https:\/\/i0.wp.com\/casadecampoliving.com\/wp-content\/uploads\/2025\/12\/Gerardo-Labarca-Altos-de-Chavon-Art-Gallery-29.jpg?w=370&amp;ssl=1 370w\" sizes=\"(max-width: 1000px) 100vw, 1000px\" \/><\/figure><\/li><li class=\"wp-block-jetpack-slideshow_slide swiper-slide\"><figure><img data-recalc-dims=\"1\" loading=\"lazy\" decoding=\"async\" width=\"1999\" height=\"1333\" alt=\"\" class=\"wp-block-jetpack-slideshow_image wp-image-547029\" data-id=\"547029\" data-aspect-ratio=\"1999 \/ 1333\" src=\"https:\/\/i0.wp.com\/casadecampoliving.com\/wp-content\/uploads\/2025\/12\/Gerardo-Labarca-Altos-de-Chavon-Art-Gallery-19.jpg?resize=1999%2C1333&#038;ssl=1\" srcset=\"https:\/\/i0.wp.com\/casadecampoliving.com\/wp-content\/uploads\/2025\/12\/Gerardo-Labarca-Altos-de-Chavon-Art-Gallery-19.jpg?w=1999&amp;ssl=1 1999w, https:\/\/i0.wp.com\/casadecampoliving.com\/wp-content\/uploads\/2025\/12\/Gerardo-Labarca-Altos-de-Chavon-Art-Gallery-19.jpg?resize=300%2C200&amp;ssl=1 300w, https:\/\/i0.wp.com\/casadecampoliving.com\/wp-content\/uploads\/2025\/12\/Gerardo-Labarca-Altos-de-Chavon-Art-Gallery-19.jpg?resize=1024%2C683&amp;ssl=1 1024w, https:\/\/i0.wp.com\/casadecampoliving.com\/wp-content\/uploads\/2025\/12\/Gerardo-Labarca-Altos-de-Chavon-Art-Gallery-19.jpg?resize=768%2C512&amp;ssl=1 768w, https:\/\/i0.wp.com\/casadecampoliving.com\/wp-content\/uploads\/2025\/12\/Gerardo-Labarca-Altos-de-Chavon-Art-Gallery-19.jpg?resize=1536%2C1024&amp;ssl=1 1536w, https:\/\/i0.wp.com\/casadecampoliving.com\/wp-content\/uploads\/2025\/12\/Gerardo-Labarca-Altos-de-Chavon-Art-Gallery-19.jpg?resize=1200%2C800&amp;ssl=1 1200w, https:\/\/i0.wp.com\/casadecampoliving.com\/wp-content\/uploads\/2025\/12\/Gerardo-Labarca-Altos-de-Chavon-Art-Gallery-19.jpg?resize=780%2C520&amp;ssl=1 780w, https:\/\/i0.wp.com\/casadecampoliving.com\/wp-content\/uploads\/2025\/12\/Gerardo-Labarca-Altos-de-Chavon-Art-Gallery-19.jpg?resize=400%2C267&amp;ssl=1 400w, https:\/\/i0.wp.com\/casadecampoliving.com\/wp-content\/uploads\/2025\/12\/Gerardo-Labarca-Altos-de-Chavon-Art-Gallery-19.jpg?resize=1320%2C880&amp;ssl=1 1320w, https:\/\/i0.wp.com\/casadecampoliving.com\/wp-content\/uploads\/2025\/12\/Gerardo-Labarca-Altos-de-Chavon-Art-Gallery-19.jpg?resize=150%2C100&amp;ssl=1 150w, https:\/\/i0.wp.com\/casadecampoliving.com\/wp-content\/uploads\/2025\/12\/Gerardo-Labarca-Altos-de-Chavon-Art-Gallery-19.jpg?w=370&amp;ssl=1 370w\" sizes=\"(max-width: 1000px) 100vw, 1000px\" \/><\/figure><\/li><li class=\"wp-block-jetpack-slideshow_slide swiper-slide\"><figure><img data-recalc-dims=\"1\" loading=\"lazy\" decoding=\"async\" width=\"2000\" height=\"1333\" alt=\"\" class=\"wp-block-jetpack-slideshow_image wp-image-547027\" data-id=\"547027\" data-aspect-ratio=\"2000 \/ 1333\" src=\"https:\/\/i0.wp.com\/casadecampoliving.com\/wp-content\/uploads\/2025\/12\/Gerardo-Labarca-Altos-de-Chavon-Art-Gallery-15.jpg?resize=2000%2C1333&#038;ssl=1\" srcset=\"https:\/\/i0.wp.com\/casadecampoliving.com\/wp-content\/uploads\/2025\/12\/Gerardo-Labarca-Altos-de-Chavon-Art-Gallery-15.jpg?w=2000&amp;ssl=1 2000w, https:\/\/i0.wp.com\/casadecampoliving.com\/wp-content\/uploads\/2025\/12\/Gerardo-Labarca-Altos-de-Chavon-Art-Gallery-15.jpg?resize=300%2C200&amp;ssl=1 300w, https:\/\/i0.wp.com\/casadecampoliving.com\/wp-content\/uploads\/2025\/12\/Gerardo-Labarca-Altos-de-Chavon-Art-Gallery-15.jpg?resize=1024%2C682&amp;ssl=1 1024w, https:\/\/i0.wp.com\/casadecampoliving.com\/wp-content\/uploads\/2025\/12\/Gerardo-Labarca-Altos-de-Chavon-Art-Gallery-15.jpg?resize=768%2C512&amp;ssl=1 768w, https:\/\/i0.wp.com\/casadecampoliving.com\/wp-content\/uploads\/2025\/12\/Gerardo-Labarca-Altos-de-Chavon-Art-Gallery-15.jpg?resize=1536%2C1024&amp;ssl=1 1536w, https:\/\/i0.wp.com\/casadecampoliving.com\/wp-content\/uploads\/2025\/12\/Gerardo-Labarca-Altos-de-Chavon-Art-Gallery-15.jpg?resize=1200%2C800&amp;ssl=1 1200w, https:\/\/i0.wp.com\/casadecampoliving.com\/wp-content\/uploads\/2025\/12\/Gerardo-Labarca-Altos-de-Chavon-Art-Gallery-15.jpg?resize=780%2C520&amp;ssl=1 780w, https:\/\/i0.wp.com\/casadecampoliving.com\/wp-content\/uploads\/2025\/12\/Gerardo-Labarca-Altos-de-Chavon-Art-Gallery-15.jpg?resize=400%2C267&amp;ssl=1 400w, https:\/\/i0.wp.com\/casadecampoliving.com\/wp-content\/uploads\/2025\/12\/Gerardo-Labarca-Altos-de-Chavon-Art-Gallery-15.jpg?resize=1320%2C880&amp;ssl=1 1320w, https:\/\/i0.wp.com\/casadecampoliving.com\/wp-content\/uploads\/2025\/12\/Gerardo-Labarca-Altos-de-Chavon-Art-Gallery-15.jpg?resize=150%2C100&amp;ssl=1 150w, https:\/\/i0.wp.com\/casadecampoliving.com\/wp-content\/uploads\/2025\/12\/Gerardo-Labarca-Altos-de-Chavon-Art-Gallery-15.jpg?w=370&amp;ssl=1 370w\" sizes=\"(max-width: 1000px) 100vw, 1000px\" \/><\/figure><\/li><li class=\"wp-block-jetpack-slideshow_slide swiper-slide\"><figure><img data-recalc-dims=\"1\" loading=\"lazy\" decoding=\"async\" width=\"1333\" height=\"2000\" alt=\"\" class=\"wp-block-jetpack-slideshow_image wp-image-547025\" data-id=\"547025\" data-aspect-ratio=\"1333 \/ 2000\" src=\"https:\/\/i0.wp.com\/casadecampoliving.com\/wp-content\/uploads\/2025\/12\/Gerardo-Labarca-Altos-de-Chavon-Art-Gallery-41.jpg?resize=1333%2C2000&#038;ssl=1\" srcset=\"https:\/\/i0.wp.com\/casadecampoliving.com\/wp-content\/uploads\/2025\/12\/Gerardo-Labarca-Altos-de-Chavon-Art-Gallery-41.jpg?w=1333&amp;ssl=1 1333w, https:\/\/i0.wp.com\/casadecampoliving.com\/wp-content\/uploads\/2025\/12\/Gerardo-Labarca-Altos-de-Chavon-Art-Gallery-41.jpg?resize=200%2C300&amp;ssl=1 200w, https:\/\/i0.wp.com\/casadecampoliving.com\/wp-content\/uploads\/2025\/12\/Gerardo-Labarca-Altos-de-Chavon-Art-Gallery-41.jpg?resize=682%2C1024&amp;ssl=1 682w, https:\/\/i0.wp.com\/casadecampoliving.com\/wp-content\/uploads\/2025\/12\/Gerardo-Labarca-Altos-de-Chavon-Art-Gallery-41.jpg?resize=768%2C1152&amp;ssl=1 768w, https:\/\/i0.wp.com\/casadecampoliving.com\/wp-content\/uploads\/2025\/12\/Gerardo-Labarca-Altos-de-Chavon-Art-Gallery-41.jpg?resize=1024%2C1536&amp;ssl=1 1024w, https:\/\/i0.wp.com\/casadecampoliving.com\/wp-content\/uploads\/2025\/12\/Gerardo-Labarca-Altos-de-Chavon-Art-Gallery-41.jpg?resize=1200%2C1800&amp;ssl=1 1200w, https:\/\/i0.wp.com\/casadecampoliving.com\/wp-content\/uploads\/2025\/12\/Gerardo-Labarca-Altos-de-Chavon-Art-Gallery-41.jpg?resize=780%2C1170&amp;ssl=1 780w, https:\/\/i0.wp.com\/casadecampoliving.com\/wp-content\/uploads\/2025\/12\/Gerardo-Labarca-Altos-de-Chavon-Art-Gallery-41.jpg?resize=400%2C600&amp;ssl=1 400w, https:\/\/i0.wp.com\/casadecampoliving.com\/wp-content\/uploads\/2025\/12\/Gerardo-Labarca-Altos-de-Chavon-Art-Gallery-41.jpg?resize=1320%2C1980&amp;ssl=1 1320w, https:\/\/i0.wp.com\/casadecampoliving.com\/wp-content\/uploads\/2025\/12\/Gerardo-Labarca-Altos-de-Chavon-Art-Gallery-41.jpg?resize=150%2C225&amp;ssl=1 150w, https:\/\/i0.wp.com\/casadecampoliving.com\/wp-content\/uploads\/2025\/12\/Gerardo-Labarca-Altos-de-Chavon-Art-Gallery-41.jpg?w=370&amp;ssl=1 370w\" sizes=\"(max-width: 1000px) 100vw, 1000px\" \/><\/figure><\/li><li class=\"wp-block-jetpack-slideshow_slide swiper-slide\"><figure><img data-recalc-dims=\"1\" loading=\"lazy\" decoding=\"async\" width=\"2000\" height=\"1333\" alt=\"\" class=\"wp-block-jetpack-slideshow_image wp-image-547023\" data-id=\"547023\" data-aspect-ratio=\"2000 \/ 1333\" src=\"https:\/\/i0.wp.com\/casadecampoliving.com\/wp-content\/uploads\/2025\/12\/Gerardo-Labarca-Altos-de-Chavon-Art-Gallery-38.jpg?resize=2000%2C1333&#038;ssl=1\" srcset=\"https:\/\/i0.wp.com\/casadecampoliving.com\/wp-content\/uploads\/2025\/12\/Gerardo-Labarca-Altos-de-Chavon-Art-Gallery-38.jpg?w=2000&amp;ssl=1 2000w, https:\/\/i0.wp.com\/casadecampoliving.com\/wp-content\/uploads\/2025\/12\/Gerardo-Labarca-Altos-de-Chavon-Art-Gallery-38.jpg?resize=300%2C200&amp;ssl=1 300w, https:\/\/i0.wp.com\/casadecampoliving.com\/wp-content\/uploads\/2025\/12\/Gerardo-Labarca-Altos-de-Chavon-Art-Gallery-38.jpg?resize=1024%2C682&amp;ssl=1 1024w, https:\/\/i0.wp.com\/casadecampoliving.com\/wp-content\/uploads\/2025\/12\/Gerardo-Labarca-Altos-de-Chavon-Art-Gallery-38.jpg?resize=768%2C512&amp;ssl=1 768w, https:\/\/i0.wp.com\/casadecampoliving.com\/wp-content\/uploads\/2025\/12\/Gerardo-Labarca-Altos-de-Chavon-Art-Gallery-38.jpg?resize=1536%2C1024&amp;ssl=1 1536w, https:\/\/i0.wp.com\/casadecampoliving.com\/wp-content\/uploads\/2025\/12\/Gerardo-Labarca-Altos-de-Chavon-Art-Gallery-38.jpg?resize=1200%2C800&amp;ssl=1 1200w, https:\/\/i0.wp.com\/casadecampoliving.com\/wp-content\/uploads\/2025\/12\/Gerardo-Labarca-Altos-de-Chavon-Art-Gallery-38.jpg?resize=780%2C520&amp;ssl=1 780w, https:\/\/i0.wp.com\/casadecampoliving.com\/wp-content\/uploads\/2025\/12\/Gerardo-Labarca-Altos-de-Chavon-Art-Gallery-38.jpg?resize=400%2C267&amp;ssl=1 400w, https:\/\/i0.wp.com\/casadecampoliving.com\/wp-content\/uploads\/2025\/12\/Gerardo-Labarca-Altos-de-Chavon-Art-Gallery-38.jpg?resize=1320%2C880&amp;ssl=1 1320w, https:\/\/i0.wp.com\/casadecampoliving.com\/wp-content\/uploads\/2025\/12\/Gerardo-Labarca-Altos-de-Chavon-Art-Gallery-38.jpg?resize=150%2C100&amp;ssl=1 150w, https:\/\/i0.wp.com\/casadecampoliving.com\/wp-content\/uploads\/2025\/12\/Gerardo-Labarca-Altos-de-Chavon-Art-Gallery-38.jpg?w=370&amp;ssl=1 370w\" sizes=\"(max-width: 1000px) 100vw, 1000px\" \/><\/figure><\/li><li class=\"wp-block-jetpack-slideshow_slide swiper-slide\"><figure><img data-recalc-dims=\"1\" loading=\"lazy\" decoding=\"async\" width=\"2000\" height=\"1333\" alt=\"\" class=\"wp-block-jetpack-slideshow_image wp-image-547021\" data-id=\"547021\" data-aspect-ratio=\"2000 \/ 1333\" src=\"https:\/\/i0.wp.com\/casadecampoliving.com\/wp-content\/uploads\/2025\/12\/Gerardo-Labarca-Altos-de-Chavon-Art-Gallery-18.jpg?resize=2000%2C1333&#038;ssl=1\" srcset=\"https:\/\/i0.wp.com\/casadecampoliving.com\/wp-content\/uploads\/2025\/12\/Gerardo-Labarca-Altos-de-Chavon-Art-Gallery-18.jpg?w=2000&amp;ssl=1 2000w, https:\/\/i0.wp.com\/casadecampoliving.com\/wp-content\/uploads\/2025\/12\/Gerardo-Labarca-Altos-de-Chavon-Art-Gallery-18.jpg?resize=300%2C200&amp;ssl=1 300w, https:\/\/i0.wp.com\/casadecampoliving.com\/wp-content\/uploads\/2025\/12\/Gerardo-Labarca-Altos-de-Chavon-Art-Gallery-18.jpg?resize=1024%2C682&amp;ssl=1 1024w, https:\/\/i0.wp.com\/casadecampoliving.com\/wp-content\/uploads\/2025\/12\/Gerardo-Labarca-Altos-de-Chavon-Art-Gallery-18.jpg?resize=768%2C512&amp;ssl=1 768w, https:\/\/i0.wp.com\/casadecampoliving.com\/wp-content\/uploads\/2025\/12\/Gerardo-Labarca-Altos-de-Chavon-Art-Gallery-18.jpg?resize=1536%2C1024&amp;ssl=1 1536w, https:\/\/i0.wp.com\/casadecampoliving.com\/wp-content\/uploads\/2025\/12\/Gerardo-Labarca-Altos-de-Chavon-Art-Gallery-18.jpg?resize=1200%2C800&amp;ssl=1 1200w, https:\/\/i0.wp.com\/casadecampoliving.com\/wp-content\/uploads\/2025\/12\/Gerardo-Labarca-Altos-de-Chavon-Art-Gallery-18.jpg?resize=780%2C520&amp;ssl=1 780w, https:\/\/i0.wp.com\/casadecampoliving.com\/wp-content\/uploads\/2025\/12\/Gerardo-Labarca-Altos-de-Chavon-Art-Gallery-18.jpg?resize=400%2C267&amp;ssl=1 400w, https:\/\/i0.wp.com\/casadecampoliving.com\/wp-content\/uploads\/2025\/12\/Gerardo-Labarca-Altos-de-Chavon-Art-Gallery-18.jpg?resize=1320%2C880&amp;ssl=1 1320w, https:\/\/i0.wp.com\/casadecampoliving.com\/wp-content\/uploads\/2025\/12\/Gerardo-Labarca-Altos-de-Chavon-Art-Gallery-18.jpg?resize=150%2C100&amp;ssl=1 150w, https:\/\/i0.wp.com\/casadecampoliving.com\/wp-content\/uploads\/2025\/12\/Gerardo-Labarca-Altos-de-Chavon-Art-Gallery-18.jpg?w=370&amp;ssl=1 370w\" sizes=\"(max-width: 1000px) 100vw, 1000px\" \/><\/figure><\/li><li class=\"wp-block-jetpack-slideshow_slide swiper-slide\"><figure><img data-recalc-dims=\"1\" loading=\"lazy\" decoding=\"async\" width=\"1333\" height=\"2000\" alt=\"\" class=\"wp-block-jetpack-slideshow_image wp-image-547011\" data-id=\"547011\" data-aspect-ratio=\"1333 \/ 2000\" src=\"https:\/\/i0.wp.com\/casadecampoliving.com\/wp-content\/uploads\/2025\/12\/Gerardo-Labarca-Altos-de-Chavon-Art-Gallery-37.jpg?resize=1333%2C2000&#038;ssl=1\" srcset=\"https:\/\/i0.wp.com\/casadecampoliving.com\/wp-content\/uploads\/2025\/12\/Gerardo-Labarca-Altos-de-Chavon-Art-Gallery-37.jpg?w=1333&amp;ssl=1 1333w, https:\/\/i0.wp.com\/casadecampoliving.com\/wp-content\/uploads\/2025\/12\/Gerardo-Labarca-Altos-de-Chavon-Art-Gallery-37.jpg?resize=200%2C300&amp;ssl=1 200w, https:\/\/i0.wp.com\/casadecampoliving.com\/wp-content\/uploads\/2025\/12\/Gerardo-Labarca-Altos-de-Chavon-Art-Gallery-37.jpg?resize=682%2C1024&amp;ssl=1 682w, https:\/\/i0.wp.com\/casadecampoliving.com\/wp-content\/uploads\/2025\/12\/Gerardo-Labarca-Altos-de-Chavon-Art-Gallery-37.jpg?resize=768%2C1152&amp;ssl=1 768w, https:\/\/i0.wp.com\/casadecampoliving.com\/wp-content\/uploads\/2025\/12\/Gerardo-Labarca-Altos-de-Chavon-Art-Gallery-37.jpg?resize=1024%2C1536&amp;ssl=1 1024w, https:\/\/i0.wp.com\/casadecampoliving.com\/wp-content\/uploads\/2025\/12\/Gerardo-Labarca-Altos-de-Chavon-Art-Gallery-37.jpg?resize=1200%2C1800&amp;ssl=1 1200w, https:\/\/i0.wp.com\/casadecampoliving.com\/wp-content\/uploads\/2025\/12\/Gerardo-Labarca-Altos-de-Chavon-Art-Gallery-37.jpg?resize=780%2C1170&amp;ssl=1 780w, https:\/\/i0.wp.com\/casadecampoliving.com\/wp-content\/uploads\/2025\/12\/Gerardo-Labarca-Altos-de-Chavon-Art-Gallery-37.jpg?resize=400%2C600&amp;ssl=1 400w, https:\/\/i0.wp.com\/casadecampoliving.com\/wp-content\/uploads\/2025\/12\/Gerardo-Labarca-Altos-de-Chavon-Art-Gallery-37.jpg?resize=1320%2C1980&amp;ssl=1 1320w, https:\/\/i0.wp.com\/casadecampoliving.com\/wp-content\/uploads\/2025\/12\/Gerardo-Labarca-Altos-de-Chavon-Art-Gallery-37.jpg?resize=150%2C225&amp;ssl=1 150w, https:\/\/i0.wp.com\/casadecampoliving.com\/wp-content\/uploads\/2025\/12\/Gerardo-Labarca-Altos-de-Chavon-Art-Gallery-37.jpg?w=370&amp;ssl=1 370w\" sizes=\"(max-width: 1000px) 100vw, 1000px\" \/><\/figure><\/li><li class=\"wp-block-jetpack-slideshow_slide swiper-slide\"><figure><img data-recalc-dims=\"1\" loading=\"lazy\" decoding=\"async\" width=\"2000\" height=\"1333\" alt=\"\" class=\"wp-block-jetpack-slideshow_image wp-image-547015\" data-id=\"547015\" data-aspect-ratio=\"2000 \/ 1333\" src=\"https:\/\/i0.wp.com\/casadecampoliving.com\/wp-content\/uploads\/2025\/12\/Gerardo-Labarca-Altos-de-Chavon-Art-Gallery-25.jpg?resize=2000%2C1333&#038;ssl=1\" srcset=\"https:\/\/i0.wp.com\/casadecampoliving.com\/wp-content\/uploads\/2025\/12\/Gerardo-Labarca-Altos-de-Chavon-Art-Gallery-25.jpg?w=2000&amp;ssl=1 2000w, https:\/\/i0.wp.com\/casadecampoliving.com\/wp-content\/uploads\/2025\/12\/Gerardo-Labarca-Altos-de-Chavon-Art-Gallery-25.jpg?resize=300%2C200&amp;ssl=1 300w, https:\/\/i0.wp.com\/casadecampoliving.com\/wp-content\/uploads\/2025\/12\/Gerardo-Labarca-Altos-de-Chavon-Art-Gallery-25.jpg?resize=1024%2C682&amp;ssl=1 1024w, https:\/\/i0.wp.com\/casadecampoliving.com\/wp-content\/uploads\/2025\/12\/Gerardo-Labarca-Altos-de-Chavon-Art-Gallery-25.jpg?resize=768%2C512&amp;ssl=1 768w, https:\/\/i0.wp.com\/casadecampoliving.com\/wp-content\/uploads\/2025\/12\/Gerardo-Labarca-Altos-de-Chavon-Art-Gallery-25.jpg?resize=1536%2C1024&amp;ssl=1 1536w, https:\/\/i0.wp.com\/casadecampoliving.com\/wp-content\/uploads\/2025\/12\/Gerardo-Labarca-Altos-de-Chavon-Art-Gallery-25.jpg?resize=1200%2C800&amp;ssl=1 1200w, https:\/\/i0.wp.com\/casadecampoliving.com\/wp-content\/uploads\/2025\/12\/Gerardo-Labarca-Altos-de-Chavon-Art-Gallery-25.jpg?resize=780%2C520&amp;ssl=1 780w, https:\/\/i0.wp.com\/casadecampoliving.com\/wp-content\/uploads\/2025\/12\/Gerardo-Labarca-Altos-de-Chavon-Art-Gallery-25.jpg?resize=400%2C267&amp;ssl=1 400w, https:\/\/i0.wp.com\/casadecampoliving.com\/wp-content\/uploads\/2025\/12\/Gerardo-Labarca-Altos-de-Chavon-Art-Gallery-25.jpg?resize=1320%2C880&amp;ssl=1 1320w, https:\/\/i0.wp.com\/casadecampoliving.com\/wp-content\/uploads\/2025\/12\/Gerardo-Labarca-Altos-de-Chavon-Art-Gallery-25.jpg?resize=150%2C100&amp;ssl=1 150w, https:\/\/i0.wp.com\/casadecampoliving.com\/wp-content\/uploads\/2025\/12\/Gerardo-Labarca-Altos-de-Chavon-Art-Gallery-25.jpg?w=370&amp;ssl=1 370w\" sizes=\"(max-width: 1000px) 100vw, 1000px\" \/><\/figure><\/li><li class=\"wp-block-jetpack-slideshow_slide swiper-slide\"><figure><img data-recalc-dims=\"1\" loading=\"lazy\" decoding=\"async\" width=\"1333\" height=\"2000\" alt=\"\" class=\"wp-block-jetpack-slideshow_image wp-image-547003\" data-id=\"547003\" data-aspect-ratio=\"1333 \/ 2000\" src=\"https:\/\/i0.wp.com\/casadecampoliving.com\/wp-content\/uploads\/2025\/12\/Gerardo-Labarca-Altos-de-Chavon-Art-Gallery-26.jpg?resize=1333%2C2000&#038;ssl=1\" srcset=\"https:\/\/i0.wp.com\/casadecampoliving.com\/wp-content\/uploads\/2025\/12\/Gerardo-Labarca-Altos-de-Chavon-Art-Gallery-26.jpg?w=1333&amp;ssl=1 1333w, https:\/\/i0.wp.com\/casadecampoliving.com\/wp-content\/uploads\/2025\/12\/Gerardo-Labarca-Altos-de-Chavon-Art-Gallery-26.jpg?resize=200%2C300&amp;ssl=1 200w, https:\/\/i0.wp.com\/casadecampoliving.com\/wp-content\/uploads\/2025\/12\/Gerardo-Labarca-Altos-de-Chavon-Art-Gallery-26.jpg?resize=682%2C1024&amp;ssl=1 682w, https:\/\/i0.wp.com\/casadecampoliving.com\/wp-content\/uploads\/2025\/12\/Gerardo-Labarca-Altos-de-Chavon-Art-Gallery-26.jpg?resize=768%2C1152&amp;ssl=1 768w, https:\/\/i0.wp.com\/casadecampoliving.com\/wp-content\/uploads\/2025\/12\/Gerardo-Labarca-Altos-de-Chavon-Art-Gallery-26.jpg?resize=1024%2C1536&amp;ssl=1 1024w, https:\/\/i0.wp.com\/casadecampoliving.com\/wp-content\/uploads\/2025\/12\/Gerardo-Labarca-Altos-de-Chavon-Art-Gallery-26.jpg?resize=1200%2C1800&amp;ssl=1 1200w, https:\/\/i0.wp.com\/casadecampoliving.com\/wp-content\/uploads\/2025\/12\/Gerardo-Labarca-Altos-de-Chavon-Art-Gallery-26.jpg?resize=780%2C1170&amp;ssl=1 780w, https:\/\/i0.wp.com\/casadecampoliving.com\/wp-content\/uploads\/2025\/12\/Gerardo-Labarca-Altos-de-Chavon-Art-Gallery-26.jpg?resize=400%2C600&amp;ssl=1 400w, https:\/\/i0.wp.com\/casadecampoliving.com\/wp-content\/uploads\/2025\/12\/Gerardo-Labarca-Altos-de-Chavon-Art-Gallery-26.jpg?resize=1320%2C1980&amp;ssl=1 1320w, https:\/\/i0.wp.com\/casadecampoliving.com\/wp-content\/uploads\/2025\/12\/Gerardo-Labarca-Altos-de-Chavon-Art-Gallery-26.jpg?resize=150%2C225&amp;ssl=1 150w, https:\/\/i0.wp.com\/casadecampoliving.com\/wp-content\/uploads\/2025\/12\/Gerardo-Labarca-Altos-de-Chavon-Art-Gallery-26.jpg?w=370&amp;ssl=1 370w\" sizes=\"(max-width: 1000px) 100vw, 1000px\" \/><\/figure><\/li><li class=\"wp-block-jetpack-slideshow_slide swiper-slide\"><figure><img data-recalc-dims=\"1\" loading=\"lazy\" decoding=\"async\" width=\"1999\" height=\"1333\" alt=\"\" class=\"wp-block-jetpack-slideshow_image wp-image-547001\" data-id=\"547001\" data-aspect-ratio=\"1999 \/ 1333\" src=\"https:\/\/i0.wp.com\/casadecampoliving.com\/wp-content\/uploads\/2025\/12\/Gerardo-Labarca-Altos-de-Chavon-Art-Gallery-24.jpg?resize=1999%2C1333&#038;ssl=1\" srcset=\"https:\/\/i0.wp.com\/casadecampoliving.com\/wp-content\/uploads\/2025\/12\/Gerardo-Labarca-Altos-de-Chavon-Art-Gallery-24.jpg?w=1999&amp;ssl=1 1999w, https:\/\/i0.wp.com\/casadecampoliving.com\/wp-content\/uploads\/2025\/12\/Gerardo-Labarca-Altos-de-Chavon-Art-Gallery-24.jpg?resize=300%2C200&amp;ssl=1 300w, https:\/\/i0.wp.com\/casadecampoliving.com\/wp-content\/uploads\/2025\/12\/Gerardo-Labarca-Altos-de-Chavon-Art-Gallery-24.jpg?resize=1024%2C683&amp;ssl=1 1024w, https:\/\/i0.wp.com\/casadecampoliving.com\/wp-content\/uploads\/2025\/12\/Gerardo-Labarca-Altos-de-Chavon-Art-Gallery-24.jpg?resize=768%2C512&amp;ssl=1 768w, https:\/\/i0.wp.com\/casadecampoliving.com\/wp-content\/uploads\/2025\/12\/Gerardo-Labarca-Altos-de-Chavon-Art-Gallery-24.jpg?resize=1536%2C1024&amp;ssl=1 1536w, https:\/\/i0.wp.com\/casadecampoliving.com\/wp-content\/uploads\/2025\/12\/Gerardo-Labarca-Altos-de-Chavon-Art-Gallery-24.jpg?resize=1200%2C800&amp;ssl=1 1200w, https:\/\/i0.wp.com\/casadecampoliving.com\/wp-content\/uploads\/2025\/12\/Gerardo-Labarca-Altos-de-Chavon-Art-Gallery-24.jpg?resize=780%2C520&amp;ssl=1 780w, https:\/\/i0.wp.com\/casadecampoliving.com\/wp-content\/uploads\/2025\/12\/Gerardo-Labarca-Altos-de-Chavon-Art-Gallery-24.jpg?resize=400%2C267&amp;ssl=1 400w, https:\/\/i0.wp.com\/casadecampoliving.com\/wp-content\/uploads\/2025\/12\/Gerardo-Labarca-Altos-de-Chavon-Art-Gallery-24.jpg?resize=1320%2C880&amp;ssl=1 1320w, https:\/\/i0.wp.com\/casadecampoliving.com\/wp-content\/uploads\/2025\/12\/Gerardo-Labarca-Altos-de-Chavon-Art-Gallery-24.jpg?resize=150%2C100&amp;ssl=1 150w, https:\/\/i0.wp.com\/casadecampoliving.com\/wp-content\/uploads\/2025\/12\/Gerardo-Labarca-Altos-de-Chavon-Art-Gallery-24.jpg?w=370&amp;ssl=1 370w\" sizes=\"(max-width: 1000px) 100vw, 1000px\" \/><\/figure><\/li><li class=\"wp-block-jetpack-slideshow_slide swiper-slide\"><figure><img data-recalc-dims=\"1\" loading=\"lazy\" decoding=\"async\" width=\"2000\" height=\"1333\" alt=\"\" class=\"wp-block-jetpack-slideshow_image wp-image-546987\" data-id=\"546987\" data-aspect-ratio=\"2000 \/ 1333\" src=\"https:\/\/i0.wp.com\/casadecampoliving.com\/wp-content\/uploads\/2025\/12\/Gerardo-Labarca-Altos-de-Chavon-Art-Gallery-42.jpg?resize=2000%2C1333&#038;ssl=1\" srcset=\"https:\/\/i0.wp.com\/casadecampoliving.com\/wp-content\/uploads\/2025\/12\/Gerardo-Labarca-Altos-de-Chavon-Art-Gallery-42.jpg?w=2000&amp;ssl=1 2000w, https:\/\/i0.wp.com\/casadecampoliving.com\/wp-content\/uploads\/2025\/12\/Gerardo-Labarca-Altos-de-Chavon-Art-Gallery-42.jpg?resize=300%2C200&amp;ssl=1 300w, https:\/\/i0.wp.com\/casadecampoliving.com\/wp-content\/uploads\/2025\/12\/Gerardo-Labarca-Altos-de-Chavon-Art-Gallery-42.jpg?resize=1024%2C682&amp;ssl=1 1024w, https:\/\/i0.wp.com\/casadecampoliving.com\/wp-content\/uploads\/2025\/12\/Gerardo-Labarca-Altos-de-Chavon-Art-Gallery-42.jpg?resize=768%2C512&amp;ssl=1 768w, https:\/\/i0.wp.com\/casadecampoliving.com\/wp-content\/uploads\/2025\/12\/Gerardo-Labarca-Altos-de-Chavon-Art-Gallery-42.jpg?resize=1536%2C1024&amp;ssl=1 1536w, https:\/\/i0.wp.com\/casadecampoliving.com\/wp-content\/uploads\/2025\/12\/Gerardo-Labarca-Altos-de-Chavon-Art-Gallery-42.jpg?resize=1200%2C800&amp;ssl=1 1200w, https:\/\/i0.wp.com\/casadecampoliving.com\/wp-content\/uploads\/2025\/12\/Gerardo-Labarca-Altos-de-Chavon-Art-Gallery-42.jpg?resize=780%2C520&amp;ssl=1 780w, https:\/\/i0.wp.com\/casadecampoliving.com\/wp-content\/uploads\/2025\/12\/Gerardo-Labarca-Altos-de-Chavon-Art-Gallery-42.jpg?resize=400%2C267&amp;ssl=1 400w, https:\/\/i0.wp.com\/casadecampoliving.com\/wp-content\/uploads\/2025\/12\/Gerardo-Labarca-Altos-de-Chavon-Art-Gallery-42.jpg?resize=1320%2C880&amp;ssl=1 1320w, https:\/\/i0.wp.com\/casadecampoliving.com\/wp-content\/uploads\/2025\/12\/Gerardo-Labarca-Altos-de-Chavon-Art-Gallery-42.jpg?resize=150%2C100&amp;ssl=1 150w, https:\/\/i0.wp.com\/casadecampoliving.com\/wp-content\/uploads\/2025\/12\/Gerardo-Labarca-Altos-de-Chavon-Art-Gallery-42.jpg?w=370&amp;ssl=1 370w\" sizes=\"(max-width: 1000px) 100vw, 1000px\" \/><\/figure><\/li><li class=\"wp-block-jetpack-slideshow_slide swiper-slide\"><figure><img data-recalc-dims=\"1\" loading=\"lazy\" decoding=\"async\" width=\"1333\" height=\"2000\" alt=\"\" class=\"wp-block-jetpack-slideshow_image wp-image-546983\" data-id=\"546983\" data-aspect-ratio=\"1333 \/ 2000\" src=\"https:\/\/i0.wp.com\/casadecampoliving.com\/wp-content\/uploads\/2025\/12\/Gerardo-Labarca-Altos-de-Chavon-Art-Gallery-16.jpg?resize=1333%2C2000&#038;ssl=1\" srcset=\"https:\/\/i0.wp.com\/casadecampoliving.com\/wp-content\/uploads\/2025\/12\/Gerardo-Labarca-Altos-de-Chavon-Art-Gallery-16.jpg?w=1333&amp;ssl=1 1333w, https:\/\/i0.wp.com\/casadecampoliving.com\/wp-content\/uploads\/2025\/12\/Gerardo-Labarca-Altos-de-Chavon-Art-Gallery-16.jpg?resize=200%2C300&amp;ssl=1 200w, https:\/\/i0.wp.com\/casadecampoliving.com\/wp-content\/uploads\/2025\/12\/Gerardo-Labarca-Altos-de-Chavon-Art-Gallery-16.jpg?resize=682%2C1024&amp;ssl=1 682w, https:\/\/i0.wp.com\/casadecampoliving.com\/wp-content\/uploads\/2025\/12\/Gerardo-Labarca-Altos-de-Chavon-Art-Gallery-16.jpg?resize=768%2C1152&amp;ssl=1 768w, https:\/\/i0.wp.com\/casadecampoliving.com\/wp-content\/uploads\/2025\/12\/Gerardo-Labarca-Altos-de-Chavon-Art-Gallery-16.jpg?resize=1024%2C1536&amp;ssl=1 1024w, https:\/\/i0.wp.com\/casadecampoliving.com\/wp-content\/uploads\/2025\/12\/Gerardo-Labarca-Altos-de-Chavon-Art-Gallery-16.jpg?resize=1200%2C1800&amp;ssl=1 1200w, https:\/\/i0.wp.com\/casadecampoliving.com\/wp-content\/uploads\/2025\/12\/Gerardo-Labarca-Altos-de-Chavon-Art-Gallery-16.jpg?resize=780%2C1170&amp;ssl=1 780w, https:\/\/i0.wp.com\/casadecampoliving.com\/wp-content\/uploads\/2025\/12\/Gerardo-Labarca-Altos-de-Chavon-Art-Gallery-16.jpg?resize=400%2C600&amp;ssl=1 400w, https:\/\/i0.wp.com\/casadecampoliving.com\/wp-content\/uploads\/2025\/12\/Gerardo-Labarca-Altos-de-Chavon-Art-Gallery-16.jpg?resize=1320%2C1980&amp;ssl=1 1320w, https:\/\/i0.wp.com\/casadecampoliving.com\/wp-content\/uploads\/2025\/12\/Gerardo-Labarca-Altos-de-Chavon-Art-Gallery-16.jpg?resize=150%2C225&amp;ssl=1 150w, https:\/\/i0.wp.com\/casadecampoliving.com\/wp-content\/uploads\/2025\/12\/Gerardo-Labarca-Altos-de-Chavon-Art-Gallery-16.jpg?w=370&amp;ssl=1 370w\" sizes=\"(max-width: 1000px) 100vw, 1000px\" \/><\/figure><\/li><\/ul><a class=\"wp-block-jetpack-slideshow_button-prev swiper-button-prev swiper-button-white\" role=\"button\"><\/a><a class=\"wp-block-jetpack-slideshow_button-next swiper-button-next swiper-button-white\" role=\"button\"><\/a><a aria-label=\"Pause Slideshow\" class=\"wp-block-jetpack-slideshow_button-pause\" role=\"button\"><\/a><div class=\"wp-block-jetpack-slideshow_pagination swiper-pagination swiper-pagination-white\"><\/div><\/div><\/div>\n\n\n\n<h3 class=\"wp-block-heading\">Noche de apertura en Altos de Chav\u00f3n<\/h3>\n\n\n\n<p>La galer\u00eda recibi\u00f3 a los visitantes con una peque\u00f1a recepci\u00f3n que incluy\u00f3 bebidas y bocadillos ligeros, fomentando la conversaci\u00f3n y una observaci\u00f3n cercana de las piezas. La velada concluy\u00f3 a las 8:30 p.m., dejando a los invitados con una clara impresi\u00f3n de la voz visual y la historia personal del artista.<\/p>\n\n\n\n<h3 class=\"wp-block-heading\">Visite la exposici\u00f3n<\/h3>\n\n\n\n<p>\u201cSolo Labarca\u201d est\u00e1 abierta al p\u00fablico todos los d\u00edas, de 10 a.m. a 9 p.m., en la Galer\u00eda de Altos de Chav\u00f3n, hasta el 5 de octubre. La muestra ofrece a residentes, hu\u00e9spedes y amantes del arte la oportunidad de experimentar el trabajo de un artista que ha transformado su experiencia de vida en un di\u00e1logo visual silencioso pero poderoso.<\/p>\n\n\n\n<p>Para quienes disfrutan del arte que plantea m\u00e1s preguntas que respuestas, esta exposici\u00f3n invita a pausar, observar y escuchar.<\/p>\n\n\n\n<p><em>Fotos cortes\u00eda de Costasur<\/em><\/p>\n\n\n\n<figure class=\"wp-block-gallery has-nested-images columns-5 is-cropped wp-block-gallery-1 is-layout-flex wp-block-gallery-is-layout-flex\">\n<figure class=\"wp-block-image size-large\"><img data-recalc-dims=\"1\" loading=\"lazy\" decoding=\"async\" width=\"1024\" height=\"683\" data-id=\"547017\" src=\"https:\/\/i0.wp.com\/casadecampoliving.com\/wp-content\/uploads\/2025\/12\/Gerardo-Labarca-Altos-de-Chavon-Art-Gallery.jpg?resize=1024%2C683&#038;ssl=1\" alt=\"\" class=\"wp-image-547017\" srcset=\"https:\/\/i0.wp.com\/casadecampoliving.com\/wp-content\/uploads\/2025\/12\/Gerardo-Labarca-Altos-de-Chavon-Art-Gallery.jpg?resize=1024%2C683&amp;ssl=1 1024w, https:\/\/i0.wp.com\/casadecampoliving.com\/wp-content\/uploads\/2025\/12\/Gerardo-Labarca-Altos-de-Chavon-Art-Gallery.jpg?resize=300%2C200&amp;ssl=1 300w, https:\/\/i0.wp.com\/casadecampoliving.com\/wp-content\/uploads\/2025\/12\/Gerardo-Labarca-Altos-de-Chavon-Art-Gallery.jpg?resize=768%2C512&amp;ssl=1 768w, https:\/\/i0.wp.com\/casadecampoliving.com\/wp-content\/uploads\/2025\/12\/Gerardo-Labarca-Altos-de-Chavon-Art-Gallery.jpg?resize=1536%2C1024&amp;ssl=1 1536w, https:\/\/i0.wp.com\/casadecampoliving.com\/wp-content\/uploads\/2025\/12\/Gerardo-Labarca-Altos-de-Chavon-Art-Gallery.jpg?resize=1200%2C800&amp;ssl=1 1200w, https:\/\/i0.wp.com\/casadecampoliving.com\/wp-content\/uploads\/2025\/12\/Gerardo-Labarca-Altos-de-Chavon-Art-Gallery.jpg?resize=780%2C520&amp;ssl=1 780w, https:\/\/i0.wp.com\/casadecampoliving.com\/wp-content\/uploads\/2025\/12\/Gerardo-Labarca-Altos-de-Chavon-Art-Gallery.jpg?resize=400%2C267&amp;ssl=1 400w, https:\/\/i0.wp.com\/casadecampoliving.com\/wp-content\/uploads\/2025\/12\/Gerardo-Labarca-Altos-de-Chavon-Art-Gallery.jpg?resize=1320%2C880&amp;ssl=1 1320w, https:\/\/i0.wp.com\/casadecampoliving.com\/wp-content\/uploads\/2025\/12\/Gerardo-Labarca-Altos-de-Chavon-Art-Gallery.jpg?resize=150%2C100&amp;ssl=1 150w, https:\/\/i0.wp.com\/casadecampoliving.com\/wp-content\/uploads\/2025\/12\/Gerardo-Labarca-Altos-de-Chavon-Art-Gallery.jpg?w=1999&amp;ssl=1 1999w, https:\/\/i0.wp.com\/casadecampoliving.com\/wp-content\/uploads\/2025\/12\/Gerardo-Labarca-Altos-de-Chavon-Art-Gallery-1024x683.jpg?w=370&amp;ssl=1 370w\" sizes=\"auto, (max-width: 1000px) 100vw, 1000px\" \/><\/figure>\n\n\n\n<figure class=\"wp-block-image size-large\"><img data-recalc-dims=\"1\" loading=\"lazy\" decoding=\"async\" width=\"1024\" height=\"682\" data-id=\"546981\" src=\"https:\/\/i0.wp.com\/casadecampoliving.com\/wp-content\/uploads\/2025\/12\/Gerardo-Labarca-Altos-de-Chavon-Art-Gallery-44.jpg?resize=1024%2C682&#038;ssl=1\" alt=\"\" class=\"wp-image-546981\" srcset=\"https:\/\/i0.wp.com\/casadecampoliving.com\/wp-content\/uploads\/2025\/12\/Gerardo-Labarca-Altos-de-Chavon-Art-Gallery-44.jpg?resize=1024%2C682&amp;ssl=1 1024w, https:\/\/i0.wp.com\/casadecampoliving.com\/wp-content\/uploads\/2025\/12\/Gerardo-Labarca-Altos-de-Chavon-Art-Gallery-44.jpg?resize=300%2C200&amp;ssl=1 300w, https:\/\/i0.wp.com\/casadecampoliving.com\/wp-content\/uploads\/2025\/12\/Gerardo-Labarca-Altos-de-Chavon-Art-Gallery-44.jpg?resize=768%2C512&amp;ssl=1 768w, https:\/\/i0.wp.com\/casadecampoliving.com\/wp-content\/uploads\/2025\/12\/Gerardo-Labarca-Altos-de-Chavon-Art-Gallery-44.jpg?resize=1536%2C1024&amp;ssl=1 1536w, https:\/\/i0.wp.com\/casadecampoliving.com\/wp-content\/uploads\/2025\/12\/Gerardo-Labarca-Altos-de-Chavon-Art-Gallery-44.jpg?resize=1200%2C800&amp;ssl=1 1200w, https:\/\/i0.wp.com\/casadecampoliving.com\/wp-content\/uploads\/2025\/12\/Gerardo-Labarca-Altos-de-Chavon-Art-Gallery-44.jpg?resize=780%2C520&amp;ssl=1 780w, https:\/\/i0.wp.com\/casadecampoliving.com\/wp-content\/uploads\/2025\/12\/Gerardo-Labarca-Altos-de-Chavon-Art-Gallery-44.jpg?resize=400%2C267&amp;ssl=1 400w, https:\/\/i0.wp.com\/casadecampoliving.com\/wp-content\/uploads\/2025\/12\/Gerardo-Labarca-Altos-de-Chavon-Art-Gallery-44.jpg?resize=1320%2C880&amp;ssl=1 1320w, https:\/\/i0.wp.com\/casadecampoliving.com\/wp-content\/uploads\/2025\/12\/Gerardo-Labarca-Altos-de-Chavon-Art-Gallery-44.jpg?resize=150%2C100&amp;ssl=1 150w, https:\/\/i0.wp.com\/casadecampoliving.com\/wp-content\/uploads\/2025\/12\/Gerardo-Labarca-Altos-de-Chavon-Art-Gallery-44.jpg?w=2000&amp;ssl=1 2000w, https:\/\/i0.wp.com\/casadecampoliving.com\/wp-content\/uploads\/2025\/12\/Gerardo-Labarca-Altos-de-Chavon-Art-Gallery-44-1024x682.jpg?w=370&amp;ssl=1 370w\" sizes=\"auto, (max-width: 1000px) 100vw, 1000px\" \/><\/figure>\n\n\n\n<figure class=\"wp-block-image size-large\"><img data-recalc-dims=\"1\" loading=\"lazy\" decoding=\"async\" width=\"1024\" height=\"682\" data-id=\"547055\" src=\"https:\/\/i0.wp.com\/casadecampoliving.com\/wp-content\/uploads\/2025\/12\/Gerardo-Labarca-Altos-de-Chavon-Art-Gallery-43.jpg?resize=1024%2C682&#038;ssl=1\" alt=\"\" class=\"wp-image-547055\" srcset=\"https:\/\/i0.wp.com\/casadecampoliving.com\/wp-content\/uploads\/2025\/12\/Gerardo-Labarca-Altos-de-Chavon-Art-Gallery-43.jpg?resize=1024%2C682&amp;ssl=1 1024w, https:\/\/i0.wp.com\/casadecampoliving.com\/wp-content\/uploads\/2025\/12\/Gerardo-Labarca-Altos-de-Chavon-Art-Gallery-43.jpg?resize=300%2C200&amp;ssl=1 300w, https:\/\/i0.wp.com\/casadecampoliving.com\/wp-content\/uploads\/2025\/12\/Gerardo-Labarca-Altos-de-Chavon-Art-Gallery-43.jpg?resize=768%2C512&amp;ssl=1 768w, https:\/\/i0.wp.com\/casadecampoliving.com\/wp-content\/uploads\/2025\/12\/Gerardo-Labarca-Altos-de-Chavon-Art-Gallery-43.jpg?resize=1536%2C1024&amp;ssl=1 1536w, https:\/\/i0.wp.com\/casadecampoliving.com\/wp-content\/uploads\/2025\/12\/Gerardo-Labarca-Altos-de-Chavon-Art-Gallery-43.jpg?resize=1200%2C800&amp;ssl=1 1200w, https:\/\/i0.wp.com\/casadecampoliving.com\/wp-content\/uploads\/2025\/12\/Gerardo-Labarca-Altos-de-Chavon-Art-Gallery-43.jpg?resize=780%2C520&amp;ssl=1 780w, https:\/\/i0.wp.com\/casadecampoliving.com\/wp-content\/uploads\/2025\/12\/Gerardo-Labarca-Altos-de-Chavon-Art-Gallery-43.jpg?resize=400%2C267&amp;ssl=1 400w, https:\/\/i0.wp.com\/casadecampoliving.com\/wp-content\/uploads\/2025\/12\/Gerardo-Labarca-Altos-de-Chavon-Art-Gallery-43.jpg?resize=1320%2C880&amp;ssl=1 1320w, https:\/\/i0.wp.com\/casadecampoliving.com\/wp-content\/uploads\/2025\/12\/Gerardo-Labarca-Altos-de-Chavon-Art-Gallery-43.jpg?resize=150%2C100&amp;ssl=1 150w, https:\/\/i0.wp.com\/casadecampoliving.com\/wp-content\/uploads\/2025\/12\/Gerardo-Labarca-Altos-de-Chavon-Art-Gallery-43.jpg?w=2000&amp;ssl=1 2000w, https:\/\/i0.wp.com\/casadecampoliving.com\/wp-content\/uploads\/2025\/12\/Gerardo-Labarca-Altos-de-Chavon-Art-Gallery-43-1024x682.jpg?w=370&amp;ssl=1 370w\" sizes=\"auto, (max-width: 1000px) 100vw, 1000px\" \/><\/figure>\n\n\n\n<figure class=\"wp-block-image size-large\"><img data-recalc-dims=\"1\" loading=\"lazy\" decoding=\"async\" width=\"1024\" height=\"682\" data-id=\"547005\" src=\"https:\/\/i0.wp.com\/casadecampoliving.com\/wp-content\/uploads\/2025\/12\/Gerardo-Labarca-Altos-de-Chavon-Art-Gallery-40.jpg?resize=1024%2C682&#038;ssl=1\" alt=\"\" class=\"wp-image-547005\" srcset=\"https:\/\/i0.wp.com\/casadecampoliving.com\/wp-content\/uploads\/2025\/12\/Gerardo-Labarca-Altos-de-Chavon-Art-Gallery-40.jpg?resize=1024%2C682&amp;ssl=1 1024w, https:\/\/i0.wp.com\/casadecampoliving.com\/wp-content\/uploads\/2025\/12\/Gerardo-Labarca-Altos-de-Chavon-Art-Gallery-40.jpg?resize=300%2C200&amp;ssl=1 300w, https:\/\/i0.wp.com\/casadecampoliving.com\/wp-content\/uploads\/2025\/12\/Gerardo-Labarca-Altos-de-Chavon-Art-Gallery-40.jpg?resize=768%2C512&amp;ssl=1 768w, https:\/\/i0.wp.com\/casadecampoliving.com\/wp-content\/uploads\/2025\/12\/Gerardo-Labarca-Altos-de-Chavon-Art-Gallery-40.jpg?resize=1536%2C1024&amp;ssl=1 1536w, https:\/\/i0.wp.com\/casadecampoliving.com\/wp-content\/uploads\/2025\/12\/Gerardo-Labarca-Altos-de-Chavon-Art-Gallery-40.jpg?resize=1200%2C800&amp;ssl=1 1200w, https:\/\/i0.wp.com\/casadecampoliving.com\/wp-content\/uploads\/2025\/12\/Gerardo-Labarca-Altos-de-Chavon-Art-Gallery-40.jpg?resize=780%2C520&amp;ssl=1 780w, https:\/\/i0.wp.com\/casadecampoliving.com\/wp-content\/uploads\/2025\/12\/Gerardo-Labarca-Altos-de-Chavon-Art-Gallery-40.jpg?resize=400%2C267&amp;ssl=1 400w, https:\/\/i0.wp.com\/casadecampoliving.com\/wp-content\/uploads\/2025\/12\/Gerardo-Labarca-Altos-de-Chavon-Art-Gallery-40.jpg?resize=1320%2C880&amp;ssl=1 1320w, https:\/\/i0.wp.com\/casadecampoliving.com\/wp-content\/uploads\/2025\/12\/Gerardo-Labarca-Altos-de-Chavon-Art-Gallery-40.jpg?resize=150%2C100&amp;ssl=1 150w, https:\/\/i0.wp.com\/casadecampoliving.com\/wp-content\/uploads\/2025\/12\/Gerardo-Labarca-Altos-de-Chavon-Art-Gallery-40.jpg?w=2000&amp;ssl=1 2000w, https:\/\/i0.wp.com\/casadecampoliving.com\/wp-content\/uploads\/2025\/12\/Gerardo-Labarca-Altos-de-Chavon-Art-Gallery-40-1024x682.jpg?w=370&amp;ssl=1 370w\" sizes=\"auto, (max-width: 1000px) 100vw, 1000px\" \/><\/figure>\n\n\n\n<figure class=\"wp-block-image size-large\"><img data-recalc-dims=\"1\" loading=\"lazy\" decoding=\"async\" width=\"682\" height=\"1024\" data-id=\"546995\" src=\"https:\/\/i0.wp.com\/casadecampoliving.com\/wp-content\/uploads\/2025\/12\/Gerardo-Labarca-Altos-de-Chavon-Art-Gallery-27.jpg?resize=682%2C1024&#038;ssl=1\" alt=\"\" class=\"wp-image-546995\" srcset=\"https:\/\/i0.wp.com\/casadecampoliving.com\/wp-content\/uploads\/2025\/12\/Gerardo-Labarca-Altos-de-Chavon-Art-Gallery-27.jpg?resize=682%2C1024&amp;ssl=1 682w, https:\/\/i0.wp.com\/casadecampoliving.com\/wp-content\/uploads\/2025\/12\/Gerardo-Labarca-Altos-de-Chavon-Art-Gallery-27.jpg?resize=200%2C300&amp;ssl=1 200w, https:\/\/i0.wp.com\/casadecampoliving.com\/wp-content\/uploads\/2025\/12\/Gerardo-Labarca-Altos-de-Chavon-Art-Gallery-27.jpg?resize=768%2C1152&amp;ssl=1 768w, https:\/\/i0.wp.com\/casadecampoliving.com\/wp-content\/uploads\/2025\/12\/Gerardo-Labarca-Altos-de-Chavon-Art-Gallery-27.jpg?resize=1024%2C1536&amp;ssl=1 1024w, https:\/\/i0.wp.com\/casadecampoliving.com\/wp-content\/uploads\/2025\/12\/Gerardo-Labarca-Altos-de-Chavon-Art-Gallery-27.jpg?resize=1200%2C1800&amp;ssl=1 1200w, https:\/\/i0.wp.com\/casadecampoliving.com\/wp-content\/uploads\/2025\/12\/Gerardo-Labarca-Altos-de-Chavon-Art-Gallery-27.jpg?resize=780%2C1170&amp;ssl=1 780w, https:\/\/i0.wp.com\/casadecampoliving.com\/wp-content\/uploads\/2025\/12\/Gerardo-Labarca-Altos-de-Chavon-Art-Gallery-27.jpg?resize=400%2C600&amp;ssl=1 400w, https:\/\/i0.wp.com\/casadecampoliving.com\/wp-content\/uploads\/2025\/12\/Gerardo-Labarca-Altos-de-Chavon-Art-Gallery-27.jpg?resize=1320%2C1980&amp;ssl=1 1320w, https:\/\/i0.wp.com\/casadecampoliving.com\/wp-content\/uploads\/2025\/12\/Gerardo-Labarca-Altos-de-Chavon-Art-Gallery-27.jpg?resize=150%2C225&amp;ssl=1 150w, https:\/\/i0.wp.com\/casadecampoliving.com\/wp-content\/uploads\/2025\/12\/Gerardo-Labarca-Altos-de-Chavon-Art-Gallery-27.jpg?w=1333&amp;ssl=1 1333w, https:\/\/i0.wp.com\/casadecampoliving.com\/wp-content\/uploads\/2025\/12\/Gerardo-Labarca-Altos-de-Chavon-Art-Gallery-27-682x1024.jpg?w=370&amp;ssl=1 370w\" sizes=\"auto, (max-width: 682px) 100vw, 682px\" \/><\/figure>\n\n\n\n<figure class=\"wp-block-image size-large\"><img data-recalc-dims=\"1\" loading=\"lazy\" decoding=\"async\" width=\"1024\" height=\"682\" data-id=\"547033\" src=\"https:\/\/i0.wp.com\/casadecampoliving.com\/wp-content\/uploads\/2025\/12\/Gerardo-Labarca-Altos-de-Chavon-Art-Gallery-14.jpg?resize=1024%2C682&#038;ssl=1\" alt=\"\" class=\"wp-image-547033\" srcset=\"https:\/\/i0.wp.com\/casadecampoliving.com\/wp-content\/uploads\/2025\/12\/Gerardo-Labarca-Altos-de-Chavon-Art-Gallery-14.jpg?resize=1024%2C682&amp;ssl=1 1024w, https:\/\/i0.wp.com\/casadecampoliving.com\/wp-content\/uploads\/2025\/12\/Gerardo-Labarca-Altos-de-Chavon-Art-Gallery-14.jpg?resize=300%2C200&amp;ssl=1 300w, https:\/\/i0.wp.com\/casadecampoliving.com\/wp-content\/uploads\/2025\/12\/Gerardo-Labarca-Altos-de-Chavon-Art-Gallery-14.jpg?resize=768%2C512&amp;ssl=1 768w, https:\/\/i0.wp.com\/casadecampoliving.com\/wp-content\/uploads\/2025\/12\/Gerardo-Labarca-Altos-de-Chavon-Art-Gallery-14.jpg?resize=1536%2C1024&amp;ssl=1 1536w, https:\/\/i0.wp.com\/casadecampoliving.com\/wp-content\/uploads\/2025\/12\/Gerardo-Labarca-Altos-de-Chavon-Art-Gallery-14.jpg?resize=1200%2C800&amp;ssl=1 1200w, https:\/\/i0.wp.com\/casadecampoliving.com\/wp-content\/uploads\/2025\/12\/Gerardo-Labarca-Altos-de-Chavon-Art-Gallery-14.jpg?resize=780%2C520&amp;ssl=1 780w, https:\/\/i0.wp.com\/casadecampoliving.com\/wp-content\/uploads\/2025\/12\/Gerardo-Labarca-Altos-de-Chavon-Art-Gallery-14.jpg?resize=400%2C267&amp;ssl=1 400w, https:\/\/i0.wp.com\/casadecampoliving.com\/wp-content\/uploads\/2025\/12\/Gerardo-Labarca-Altos-de-Chavon-Art-Gallery-14.jpg?resize=1320%2C880&amp;ssl=1 1320w, https:\/\/i0.wp.com\/casadecampoliving.com\/wp-content\/uploads\/2025\/12\/Gerardo-Labarca-Altos-de-Chavon-Art-Gallery-14.jpg?resize=150%2C100&amp;ssl=1 150w, https:\/\/i0.wp.com\/casadecampoliving.com\/wp-content\/uploads\/2025\/12\/Gerardo-Labarca-Altos-de-Chavon-Art-Gallery-14.jpg?w=2000&amp;ssl=1 2000w, https:\/\/i0.wp.com\/casadecampoliving.com\/wp-content\/uploads\/2025\/12\/Gerardo-Labarca-Altos-de-Chavon-Art-Gallery-14-1024x682.jpg?w=370&amp;ssl=1 370w\" sizes=\"auto, (max-width: 1000px) 100vw, 1000px\" \/><\/figure>\n\n\n\n<figure class=\"wp-block-image size-large\"><img data-recalc-dims=\"1\" loading=\"lazy\" decoding=\"async\" width=\"1024\" height=\"682\" data-id=\"546997\" src=\"https:\/\/i0.wp.com\/casadecampoliving.com\/wp-content\/uploads\/2025\/12\/Gerardo-Labarca-Altos-de-Chavon-Art-Gallery-13.jpg?resize=1024%2C682&#038;ssl=1\" alt=\"\" class=\"wp-image-546997\" srcset=\"https:\/\/i0.wp.com\/casadecampoliving.com\/wp-content\/uploads\/2025\/12\/Gerardo-Labarca-Altos-de-Chavon-Art-Gallery-13.jpg?resize=1024%2C682&amp;ssl=1 1024w, https:\/\/i0.wp.com\/casadecampoliving.com\/wp-content\/uploads\/2025\/12\/Gerardo-Labarca-Altos-de-Chavon-Art-Gallery-13.jpg?resize=300%2C200&amp;ssl=1 300w, https:\/\/i0.wp.com\/casadecampoliving.com\/wp-content\/uploads\/2025\/12\/Gerardo-Labarca-Altos-de-Chavon-Art-Gallery-13.jpg?resize=768%2C512&amp;ssl=1 768w, https:\/\/i0.wp.com\/casadecampoliving.com\/wp-content\/uploads\/2025\/12\/Gerardo-Labarca-Altos-de-Chavon-Art-Gallery-13.jpg?resize=1536%2C1024&amp;ssl=1 1536w, https:\/\/i0.wp.com\/casadecampoliving.com\/wp-content\/uploads\/2025\/12\/Gerardo-Labarca-Altos-de-Chavon-Art-Gallery-13.jpg?resize=1200%2C800&amp;ssl=1 1200w, https:\/\/i0.wp.com\/casadecampoliving.com\/wp-content\/uploads\/2025\/12\/Gerardo-Labarca-Altos-de-Chavon-Art-Gallery-13.jpg?resize=780%2C520&amp;ssl=1 780w, https:\/\/i0.wp.com\/casadecampoliving.com\/wp-content\/uploads\/2025\/12\/Gerardo-Labarca-Altos-de-Chavon-Art-Gallery-13.jpg?resize=400%2C267&amp;ssl=1 400w, https:\/\/i0.wp.com\/casadecampoliving.com\/wp-content\/uploads\/2025\/12\/Gerardo-Labarca-Altos-de-Chavon-Art-Gallery-13.jpg?resize=1320%2C880&amp;ssl=1 1320w, https:\/\/i0.wp.com\/casadecampoliving.com\/wp-content\/uploads\/2025\/12\/Gerardo-Labarca-Altos-de-Chavon-Art-Gallery-13.jpg?resize=150%2C100&amp;ssl=1 150w, https:\/\/i0.wp.com\/casadecampoliving.com\/wp-content\/uploads\/2025\/12\/Gerardo-Labarca-Altos-de-Chavon-Art-Gallery-13.jpg?w=2000&amp;ssl=1 2000w, https:\/\/i0.wp.com\/casadecampoliving.com\/wp-content\/uploads\/2025\/12\/Gerardo-Labarca-Altos-de-Chavon-Art-Gallery-13-1024x682.jpg?w=370&amp;ssl=1 370w\" sizes=\"auto, (max-width: 1000px) 100vw, 1000px\" \/><\/figure>\n\n\n\n<figure class=\"wp-block-image size-large\"><img data-recalc-dims=\"1\" loading=\"lazy\" decoding=\"async\" width=\"1024\" height=\"682\" data-id=\"546979\" src=\"https:\/\/i0.wp.com\/casadecampoliving.com\/wp-content\/uploads\/2025\/12\/Gerardo-Labarca-Altos-de-Chavon-Art-Gallery-12.jpg?resize=1024%2C682&#038;ssl=1\" alt=\"\" class=\"wp-image-546979\" srcset=\"https:\/\/i0.wp.com\/casadecampoliving.com\/wp-content\/uploads\/2025\/12\/Gerardo-Labarca-Altos-de-Chavon-Art-Gallery-12.jpg?resize=1024%2C682&amp;ssl=1 1024w, https:\/\/i0.wp.com\/casadecampoliving.com\/wp-content\/uploads\/2025\/12\/Gerardo-Labarca-Altos-de-Chavon-Art-Gallery-12.jpg?resize=300%2C200&amp;ssl=1 300w, https:\/\/i0.wp.com\/casadecampoliving.com\/wp-content\/uploads\/2025\/12\/Gerardo-Labarca-Altos-de-Chavon-Art-Gallery-12.jpg?resize=768%2C512&amp;ssl=1 768w, https:\/\/i0.wp.com\/casadecampoliving.com\/wp-content\/uploads\/2025\/12\/Gerardo-Labarca-Altos-de-Chavon-Art-Gallery-12.jpg?resize=1536%2C1024&amp;ssl=1 1536w, https:\/\/i0.wp.com\/casadecampoliving.com\/wp-content\/uploads\/2025\/12\/Gerardo-Labarca-Altos-de-Chavon-Art-Gallery-12.jpg?resize=1200%2C800&amp;ssl=1 1200w, https:\/\/i0.wp.com\/casadecampoliving.com\/wp-content\/uploads\/2025\/12\/Gerardo-Labarca-Altos-de-Chavon-Art-Gallery-12.jpg?resize=780%2C520&amp;ssl=1 780w, https:\/\/i0.wp.com\/casadecampoliving.com\/wp-content\/uploads\/2025\/12\/Gerardo-Labarca-Altos-de-Chavon-Art-Gallery-12.jpg?resize=400%2C267&amp;ssl=1 400w, https:\/\/i0.wp.com\/casadecampoliving.com\/wp-content\/uploads\/2025\/12\/Gerardo-Labarca-Altos-de-Chavon-Art-Gallery-12.jpg?resize=1320%2C880&amp;ssl=1 1320w, https:\/\/i0.wp.com\/casadecampoliving.com\/wp-content\/uploads\/2025\/12\/Gerardo-Labarca-Altos-de-Chavon-Art-Gallery-12.jpg?resize=150%2C100&amp;ssl=1 150w, https:\/\/i0.wp.com\/casadecampoliving.com\/wp-content\/uploads\/2025\/12\/Gerardo-Labarca-Altos-de-Chavon-Art-Gallery-12.jpg?w=2000&amp;ssl=1 2000w, https:\/\/i0.wp.com\/casadecampoliving.com\/wp-content\/uploads\/2025\/12\/Gerardo-Labarca-Altos-de-Chavon-Art-Gallery-12-1024x682.jpg?w=370&amp;ssl=1 370w\" sizes=\"auto, (max-width: 1000px) 100vw, 1000px\" \/><\/figure>\n\n\n\n<figure class=\"wp-block-image size-large\"><img data-recalc-dims=\"1\" loading=\"lazy\" decoding=\"async\" width=\"1024\" height=\"682\" data-id=\"546985\" src=\"https:\/\/i0.wp.com\/casadecampoliving.com\/wp-content\/uploads\/2025\/12\/Gerardo-Labarca-Altos-de-Chavon-Art-Gallery-11.jpg?resize=1024%2C682&#038;ssl=1\" alt=\"\" class=\"wp-image-546985\" srcset=\"https:\/\/i0.wp.com\/casadecampoliving.com\/wp-content\/uploads\/2025\/12\/Gerardo-Labarca-Altos-de-Chavon-Art-Gallery-11.jpg?resize=1024%2C682&amp;ssl=1 1024w, https:\/\/i0.wp.com\/casadecampoliving.com\/wp-content\/uploads\/2025\/12\/Gerardo-Labarca-Altos-de-Chavon-Art-Gallery-11.jpg?resize=300%2C200&amp;ssl=1 300w, https:\/\/i0.wp.com\/casadecampoliving.com\/wp-content\/uploads\/2025\/12\/Gerardo-Labarca-Altos-de-Chavon-Art-Gallery-11.jpg?resize=768%2C512&amp;ssl=1 768w, https:\/\/i0.wp.com\/casadecampoliving.com\/wp-content\/uploads\/2025\/12\/Gerardo-Labarca-Altos-de-Chavon-Art-Gallery-11.jpg?resize=1536%2C1024&amp;ssl=1 1536w, https:\/\/i0.wp.com\/casadecampoliving.com\/wp-content\/uploads\/2025\/12\/Gerardo-Labarca-Altos-de-Chavon-Art-Gallery-11.jpg?resize=1200%2C800&amp;ssl=1 1200w, https:\/\/i0.wp.com\/casadecampoliving.com\/wp-content\/uploads\/2025\/12\/Gerardo-Labarca-Altos-de-Chavon-Art-Gallery-11.jpg?resize=780%2C520&amp;ssl=1 780w, https:\/\/i0.wp.com\/casadecampoliving.com\/wp-content\/uploads\/2025\/12\/Gerardo-Labarca-Altos-de-Chavon-Art-Gallery-11.jpg?resize=400%2C267&amp;ssl=1 400w, https:\/\/i0.wp.com\/casadecampoliving.com\/wp-content\/uploads\/2025\/12\/Gerardo-Labarca-Altos-de-Chavon-Art-Gallery-11.jpg?resize=1320%2C880&amp;ssl=1 1320w, https:\/\/i0.wp.com\/casadecampoliving.com\/wp-content\/uploads\/2025\/12\/Gerardo-Labarca-Altos-de-Chavon-Art-Gallery-11.jpg?resize=150%2C100&amp;ssl=1 150w, https:\/\/i0.wp.com\/casadecampoliving.com\/wp-content\/uploads\/2025\/12\/Gerardo-Labarca-Altos-de-Chavon-Art-Gallery-11.jpg?w=2000&amp;ssl=1 2000w, https:\/\/i0.wp.com\/casadecampoliving.com\/wp-content\/uploads\/2025\/12\/Gerardo-Labarca-Altos-de-Chavon-Art-Gallery-11-1024x682.jpg?w=370&amp;ssl=1 370w\" sizes=\"auto, (max-width: 1000px) 100vw, 1000px\" \/><\/figure>\n\n\n\n<figure class=\"wp-block-image size-large\"><img data-recalc-dims=\"1\" loading=\"lazy\" decoding=\"async\" width=\"1024\" height=\"682\" data-id=\"546991\" src=\"https:\/\/i0.wp.com\/casadecampoliving.com\/wp-content\/uploads\/2025\/12\/Gerardo-Labarca-Altos-de-Chavon-Art-Gallery-10.jpg?resize=1024%2C682&#038;ssl=1\" alt=\"\" class=\"wp-image-546991\" srcset=\"https:\/\/i0.wp.com\/casadecampoliving.com\/wp-content\/uploads\/2025\/12\/Gerardo-Labarca-Altos-de-Chavon-Art-Gallery-10.jpg?resize=1024%2C682&amp;ssl=1 1024w, https:\/\/i0.wp.com\/casadecampoliving.com\/wp-content\/uploads\/2025\/12\/Gerardo-Labarca-Altos-de-Chavon-Art-Gallery-10.jpg?resize=300%2C200&amp;ssl=1 300w, https:\/\/i0.wp.com\/casadecampoliving.com\/wp-content\/uploads\/2025\/12\/Gerardo-Labarca-Altos-de-Chavon-Art-Gallery-10.jpg?resize=768%2C512&amp;ssl=1 768w, https:\/\/i0.wp.com\/casadecampoliving.com\/wp-content\/uploads\/2025\/12\/Gerardo-Labarca-Altos-de-Chavon-Art-Gallery-10.jpg?resize=1536%2C1024&amp;ssl=1 1536w, https:\/\/i0.wp.com\/casadecampoliving.com\/wp-content\/uploads\/2025\/12\/Gerardo-Labarca-Altos-de-Chavon-Art-Gallery-10.jpg?resize=1200%2C800&amp;ssl=1 1200w, https:\/\/i0.wp.com\/casadecampoliving.com\/wp-content\/uploads\/2025\/12\/Gerardo-Labarca-Altos-de-Chavon-Art-Gallery-10.jpg?resize=780%2C520&amp;ssl=1 780w, https:\/\/i0.wp.com\/casadecampoliving.com\/wp-content\/uploads\/2025\/12\/Gerardo-Labarca-Altos-de-Chavon-Art-Gallery-10.jpg?resize=400%2C267&amp;ssl=1 400w, https:\/\/i0.wp.com\/casadecampoliving.com\/wp-content\/uploads\/2025\/12\/Gerardo-Labarca-Altos-de-Chavon-Art-Gallery-10.jpg?resize=1320%2C880&amp;ssl=1 1320w, https:\/\/i0.wp.com\/casadecampoliving.com\/wp-content\/uploads\/2025\/12\/Gerardo-Labarca-Altos-de-Chavon-Art-Gallery-10.jpg?resize=150%2C100&amp;ssl=1 150w, https:\/\/i0.wp.com\/casadecampoliving.com\/wp-content\/uploads\/2025\/12\/Gerardo-Labarca-Altos-de-Chavon-Art-Gallery-10.jpg?w=2000&amp;ssl=1 2000w, https:\/\/i0.wp.com\/casadecampoliving.com\/wp-content\/uploads\/2025\/12\/Gerardo-Labarca-Altos-de-Chavon-Art-Gallery-10-1024x682.jpg?w=370&amp;ssl=1 370w\" sizes=\"auto, (max-width: 1000px) 100vw, 1000px\" \/><\/figure>\n\n\n\n<figure class=\"wp-block-image size-large\"><img data-recalc-dims=\"1\" loading=\"lazy\" decoding=\"async\" width=\"1024\" height=\"682\" data-id=\"547007\" src=\"https:\/\/i0.wp.com\/casadecampoliving.com\/wp-content\/uploads\/2025\/12\/Gerardo-Labarca-Altos-de-Chavon-Art-Gallery-9.jpg?resize=1024%2C682&#038;ssl=1\" alt=\"\" class=\"wp-image-547007\" srcset=\"https:\/\/i0.wp.com\/casadecampoliving.com\/wp-content\/uploads\/2025\/12\/Gerardo-Labarca-Altos-de-Chavon-Art-Gallery-9.jpg?resize=1024%2C682&amp;ssl=1 1024w, https:\/\/i0.wp.com\/casadecampoliving.com\/wp-content\/uploads\/2025\/12\/Gerardo-Labarca-Altos-de-Chavon-Art-Gallery-9.jpg?resize=300%2C200&amp;ssl=1 300w, https:\/\/i0.wp.com\/casadecampoliving.com\/wp-content\/uploads\/2025\/12\/Gerardo-Labarca-Altos-de-Chavon-Art-Gallery-9.jpg?resize=768%2C512&amp;ssl=1 768w, https:\/\/i0.wp.com\/casadecampoliving.com\/wp-content\/uploads\/2025\/12\/Gerardo-Labarca-Altos-de-Chavon-Art-Gallery-9.jpg?resize=1536%2C1024&amp;ssl=1 1536w, https:\/\/i0.wp.com\/casadecampoliving.com\/wp-content\/uploads\/2025\/12\/Gerardo-Labarca-Altos-de-Chavon-Art-Gallery-9.jpg?resize=1200%2C800&amp;ssl=1 1200w, https:\/\/i0.wp.com\/casadecampoliving.com\/wp-content\/uploads\/2025\/12\/Gerardo-Labarca-Altos-de-Chavon-Art-Gallery-9.jpg?resize=780%2C520&amp;ssl=1 780w, https:\/\/i0.wp.com\/casadecampoliving.com\/wp-content\/uploads\/2025\/12\/Gerardo-Labarca-Altos-de-Chavon-Art-Gallery-9.jpg?resize=400%2C267&amp;ssl=1 400w, https:\/\/i0.wp.com\/casadecampoliving.com\/wp-content\/uploads\/2025\/12\/Gerardo-Labarca-Altos-de-Chavon-Art-Gallery-9.jpg?resize=1320%2C880&amp;ssl=1 1320w, https:\/\/i0.wp.com\/casadecampoliving.com\/wp-content\/uploads\/2025\/12\/Gerardo-Labarca-Altos-de-Chavon-Art-Gallery-9.jpg?resize=150%2C100&amp;ssl=1 150w, https:\/\/i0.wp.com\/casadecampoliving.com\/wp-content\/uploads\/2025\/12\/Gerardo-Labarca-Altos-de-Chavon-Art-Gallery-9.jpg?w=2000&amp;ssl=1 2000w, https:\/\/i0.wp.com\/casadecampoliving.com\/wp-content\/uploads\/2025\/12\/Gerardo-Labarca-Altos-de-Chavon-Art-Gallery-9-1024x682.jpg?w=370&amp;ssl=1 370w\" sizes=\"auto, (max-width: 1000px) 100vw, 1000px\" \/><\/figure>\n\n\n\n<figure class=\"wp-block-image size-large\"><img data-recalc-dims=\"1\" loading=\"lazy\" decoding=\"async\" width=\"1024\" height=\"682\" data-id=\"547009\" src=\"https:\/\/i0.wp.com\/casadecampoliving.com\/wp-content\/uploads\/2025\/12\/Gerardo-Labarca-Altos-de-Chavon-Art-Gallery-8.jpg?resize=1024%2C682&#038;ssl=1\" alt=\"\" class=\"wp-image-547009\" srcset=\"https:\/\/i0.wp.com\/casadecampoliving.com\/wp-content\/uploads\/2025\/12\/Gerardo-Labarca-Altos-de-Chavon-Art-Gallery-8.jpg?resize=1024%2C682&amp;ssl=1 1024w, https:\/\/i0.wp.com\/casadecampoliving.com\/wp-content\/uploads\/2025\/12\/Gerardo-Labarca-Altos-de-Chavon-Art-Gallery-8.jpg?resize=300%2C200&amp;ssl=1 300w, https:\/\/i0.wp.com\/casadecampoliving.com\/wp-content\/uploads\/2025\/12\/Gerardo-Labarca-Altos-de-Chavon-Art-Gallery-8.jpg?resize=768%2C512&amp;ssl=1 768w, https:\/\/i0.wp.com\/casadecampoliving.com\/wp-content\/uploads\/2025\/12\/Gerardo-Labarca-Altos-de-Chavon-Art-Gallery-8.jpg?resize=1536%2C1024&amp;ssl=1 1536w, https:\/\/i0.wp.com\/casadecampoliving.com\/wp-content\/uploads\/2025\/12\/Gerardo-Labarca-Altos-de-Chavon-Art-Gallery-8.jpg?resize=1200%2C800&amp;ssl=1 1200w, https:\/\/i0.wp.com\/casadecampoliving.com\/wp-content\/uploads\/2025\/12\/Gerardo-Labarca-Altos-de-Chavon-Art-Gallery-8.jpg?resize=780%2C520&amp;ssl=1 780w, https:\/\/i0.wp.com\/casadecampoliving.com\/wp-content\/uploads\/2025\/12\/Gerardo-Labarca-Altos-de-Chavon-Art-Gallery-8.jpg?resize=400%2C267&amp;ssl=1 400w, https:\/\/i0.wp.com\/casadecampoliving.com\/wp-content\/uploads\/2025\/12\/Gerardo-Labarca-Altos-de-Chavon-Art-Gallery-8.jpg?resize=1320%2C880&amp;ssl=1 1320w, https:\/\/i0.wp.com\/casadecampoliving.com\/wp-content\/uploads\/2025\/12\/Gerardo-Labarca-Altos-de-Chavon-Art-Gallery-8.jpg?resize=150%2C100&amp;ssl=1 150w, https:\/\/i0.wp.com\/casadecampoliving.com\/wp-content\/uploads\/2025\/12\/Gerardo-Labarca-Altos-de-Chavon-Art-Gallery-8.jpg?w=2000&amp;ssl=1 2000w, https:\/\/i0.wp.com\/casadecampoliving.com\/wp-content\/uploads\/2025\/12\/Gerardo-Labarca-Altos-de-Chavon-Art-Gallery-8-1024x682.jpg?w=370&amp;ssl=1 370w\" sizes=\"auto, (max-width: 1000px) 100vw, 1000px\" \/><\/figure>\n\n\n\n<figure class=\"wp-block-image size-large\"><img data-recalc-dims=\"1\" loading=\"lazy\" decoding=\"async\" width=\"1024\" height=\"682\" data-id=\"547019\" src=\"https:\/\/i0.wp.com\/casadecampoliving.com\/wp-content\/uploads\/2025\/12\/Gerardo-Labarca-Altos-de-Chavon-Art-Gallery-7.jpg?resize=1024%2C682&#038;ssl=1\" alt=\"\" class=\"wp-image-547019\" srcset=\"https:\/\/i0.wp.com\/casadecampoliving.com\/wp-content\/uploads\/2025\/12\/Gerardo-Labarca-Altos-de-Chavon-Art-Gallery-7.jpg?resize=1024%2C682&amp;ssl=1 1024w, https:\/\/i0.wp.com\/casadecampoliving.com\/wp-content\/uploads\/2025\/12\/Gerardo-Labarca-Altos-de-Chavon-Art-Gallery-7.jpg?resize=300%2C200&amp;ssl=1 300w, https:\/\/i0.wp.com\/casadecampoliving.com\/wp-content\/uploads\/2025\/12\/Gerardo-Labarca-Altos-de-Chavon-Art-Gallery-7.jpg?resize=768%2C512&amp;ssl=1 768w, https:\/\/i0.wp.com\/casadecampoliving.com\/wp-content\/uploads\/2025\/12\/Gerardo-Labarca-Altos-de-Chavon-Art-Gallery-7.jpg?resize=1536%2C1024&amp;ssl=1 1536w, https:\/\/i0.wp.com\/casadecampoliving.com\/wp-content\/uploads\/2025\/12\/Gerardo-Labarca-Altos-de-Chavon-Art-Gallery-7.jpg?resize=1200%2C800&amp;ssl=1 1200w, https:\/\/i0.wp.com\/casadecampoliving.com\/wp-content\/uploads\/2025\/12\/Gerardo-Labarca-Altos-de-Chavon-Art-Gallery-7.jpg?resize=780%2C520&amp;ssl=1 780w, https:\/\/i0.wp.com\/casadecampoliving.com\/wp-content\/uploads\/2025\/12\/Gerardo-Labarca-Altos-de-Chavon-Art-Gallery-7.jpg?resize=400%2C267&amp;ssl=1 400w, https:\/\/i0.wp.com\/casadecampoliving.com\/wp-content\/uploads\/2025\/12\/Gerardo-Labarca-Altos-de-Chavon-Art-Gallery-7.jpg?resize=1320%2C880&amp;ssl=1 1320w, https:\/\/i0.wp.com\/casadecampoliving.com\/wp-content\/uploads\/2025\/12\/Gerardo-Labarca-Altos-de-Chavon-Art-Gallery-7.jpg?resize=150%2C100&amp;ssl=1 150w, https:\/\/i0.wp.com\/casadecampoliving.com\/wp-content\/uploads\/2025\/12\/Gerardo-Labarca-Altos-de-Chavon-Art-Gallery-7.jpg?w=2000&amp;ssl=1 2000w, https:\/\/i0.wp.com\/casadecampoliving.com\/wp-content\/uploads\/2025\/12\/Gerardo-Labarca-Altos-de-Chavon-Art-Gallery-7-1024x682.jpg?w=370&amp;ssl=1 370w\" sizes=\"auto, (max-width: 1000px) 100vw, 1000px\" \/><\/figure>\n\n\n\n<figure class=\"wp-block-image size-large\"><img data-recalc-dims=\"1\" loading=\"lazy\" decoding=\"async\" width=\"1024\" height=\"682\" data-id=\"546989\" src=\"https:\/\/i0.wp.com\/casadecampoliving.com\/wp-content\/uploads\/2025\/12\/Gerardo-Labarca-Altos-de-Chavon-Art-Gallery-3.jpg?resize=1024%2C682&#038;ssl=1\" alt=\"\" class=\"wp-image-546989\" srcset=\"https:\/\/i0.wp.com\/casadecampoliving.com\/wp-content\/uploads\/2025\/12\/Gerardo-Labarca-Altos-de-Chavon-Art-Gallery-3.jpg?resize=1024%2C682&amp;ssl=1 1024w, https:\/\/i0.wp.com\/casadecampoliving.com\/wp-content\/uploads\/2025\/12\/Gerardo-Labarca-Altos-de-Chavon-Art-Gallery-3.jpg?resize=300%2C200&amp;ssl=1 300w, https:\/\/i0.wp.com\/casadecampoliving.com\/wp-content\/uploads\/2025\/12\/Gerardo-Labarca-Altos-de-Chavon-Art-Gallery-3.jpg?resize=768%2C512&amp;ssl=1 768w, https:\/\/i0.wp.com\/casadecampoliving.com\/wp-content\/uploads\/2025\/12\/Gerardo-Labarca-Altos-de-Chavon-Art-Gallery-3.jpg?resize=1536%2C1024&amp;ssl=1 1536w, https:\/\/i0.wp.com\/casadecampoliving.com\/wp-content\/uploads\/2025\/12\/Gerardo-Labarca-Altos-de-Chavon-Art-Gallery-3.jpg?resize=1200%2C800&amp;ssl=1 1200w, https:\/\/i0.wp.com\/casadecampoliving.com\/wp-content\/uploads\/2025\/12\/Gerardo-Labarca-Altos-de-Chavon-Art-Gallery-3.jpg?resize=780%2C520&amp;ssl=1 780w, https:\/\/i0.wp.com\/casadecampoliving.com\/wp-content\/uploads\/2025\/12\/Gerardo-Labarca-Altos-de-Chavon-Art-Gallery-3.jpg?resize=400%2C267&amp;ssl=1 400w, https:\/\/i0.wp.com\/casadecampoliving.com\/wp-content\/uploads\/2025\/12\/Gerardo-Labarca-Altos-de-Chavon-Art-Gallery-3.jpg?resize=1320%2C880&amp;ssl=1 1320w, https:\/\/i0.wp.com\/casadecampoliving.com\/wp-content\/uploads\/2025\/12\/Gerardo-Labarca-Altos-de-Chavon-Art-Gallery-3.jpg?resize=150%2C100&amp;ssl=1 150w, https:\/\/i0.wp.com\/casadecampoliving.com\/wp-content\/uploads\/2025\/12\/Gerardo-Labarca-Altos-de-Chavon-Art-Gallery-3.jpg?w=2000&amp;ssl=1 2000w, https:\/\/i0.wp.com\/casadecampoliving.com\/wp-content\/uploads\/2025\/12\/Gerardo-Labarca-Altos-de-Chavon-Art-Gallery-3-1024x682.jpg?w=370&amp;ssl=1 370w\" sizes=\"auto, (max-width: 1000px) 100vw, 1000px\" \/><\/figure>\n\n\n\n<figure class=\"wp-block-image size-large\"><img data-recalc-dims=\"1\" loading=\"lazy\" decoding=\"async\" width=\"682\" height=\"1024\" data-id=\"547043\" src=\"https:\/\/i0.wp.com\/casadecampoliving.com\/wp-content\/uploads\/2025\/12\/Gerardo-Labarca-Altos-de-Chavon-Art-Gallery-6.jpg?resize=682%2C1024&#038;ssl=1\" alt=\"\" class=\"wp-image-547043\" srcset=\"https:\/\/i0.wp.com\/casadecampoliving.com\/wp-content\/uploads\/2025\/12\/Gerardo-Labarca-Altos-de-Chavon-Art-Gallery-6.jpg?resize=682%2C1024&amp;ssl=1 682w, https:\/\/i0.wp.com\/casadecampoliving.com\/wp-content\/uploads\/2025\/12\/Gerardo-Labarca-Altos-de-Chavon-Art-Gallery-6.jpg?resize=200%2C300&amp;ssl=1 200w, https:\/\/i0.wp.com\/casadecampoliving.com\/wp-content\/uploads\/2025\/12\/Gerardo-Labarca-Altos-de-Chavon-Art-Gallery-6.jpg?resize=768%2C1152&amp;ssl=1 768w, https:\/\/i0.wp.com\/casadecampoliving.com\/wp-content\/uploads\/2025\/12\/Gerardo-Labarca-Altos-de-Chavon-Art-Gallery-6.jpg?resize=1024%2C1536&amp;ssl=1 1024w, https:\/\/i0.wp.com\/casadecampoliving.com\/wp-content\/uploads\/2025\/12\/Gerardo-Labarca-Altos-de-Chavon-Art-Gallery-6.jpg?resize=1200%2C1800&amp;ssl=1 1200w, https:\/\/i0.wp.com\/casadecampoliving.com\/wp-content\/uploads\/2025\/12\/Gerardo-Labarca-Altos-de-Chavon-Art-Gallery-6.jpg?resize=780%2C1170&amp;ssl=1 780w, https:\/\/i0.wp.com\/casadecampoliving.com\/wp-content\/uploads\/2025\/12\/Gerardo-Labarca-Altos-de-Chavon-Art-Gallery-6.jpg?resize=400%2C600&amp;ssl=1 400w, https:\/\/i0.wp.com\/casadecampoliving.com\/wp-content\/uploads\/2025\/12\/Gerardo-Labarca-Altos-de-Chavon-Art-Gallery-6.jpg?resize=1320%2C1980&amp;ssl=1 1320w, https:\/\/i0.wp.com\/casadecampoliving.com\/wp-content\/uploads\/2025\/12\/Gerardo-Labarca-Altos-de-Chavon-Art-Gallery-6.jpg?resize=150%2C225&amp;ssl=1 150w, https:\/\/i0.wp.com\/casadecampoliving.com\/wp-content\/uploads\/2025\/12\/Gerardo-Labarca-Altos-de-Chavon-Art-Gallery-6.jpg?w=1333&amp;ssl=1 1333w, https:\/\/i0.wp.com\/casadecampoliving.com\/wp-content\/uploads\/2025\/12\/Gerardo-Labarca-Altos-de-Chavon-Art-Gallery-6-682x1024.jpg?w=370&amp;ssl=1 370w\" sizes=\"auto, (max-width: 682px) 100vw, 682px\" \/><\/figure>\n\n\n\n<figure class=\"wp-block-image size-large\"><img data-recalc-dims=\"1\" loading=\"lazy\" decoding=\"async\" width=\"1024\" height=\"682\" data-id=\"546993\" src=\"https:\/\/i0.wp.com\/casadecampoliving.com\/wp-content\/uploads\/2025\/12\/Gerardo-Labarca-Altos-de-Chavon-Art-Gallery-5.jpg?resize=1024%2C682&#038;ssl=1\" alt=\"\" class=\"wp-image-546993\" srcset=\"https:\/\/i0.wp.com\/casadecampoliving.com\/wp-content\/uploads\/2025\/12\/Gerardo-Labarca-Altos-de-Chavon-Art-Gallery-5.jpg?resize=1024%2C682&amp;ssl=1 1024w, https:\/\/i0.wp.com\/casadecampoliving.com\/wp-content\/uploads\/2025\/12\/Gerardo-Labarca-Altos-de-Chavon-Art-Gallery-5.jpg?resize=300%2C200&amp;ssl=1 300w, https:\/\/i0.wp.com\/casadecampoliving.com\/wp-content\/uploads\/2025\/12\/Gerardo-Labarca-Altos-de-Chavon-Art-Gallery-5.jpg?resize=768%2C512&amp;ssl=1 768w, https:\/\/i0.wp.com\/casadecampoliving.com\/wp-content\/uploads\/2025\/12\/Gerardo-Labarca-Altos-de-Chavon-Art-Gallery-5.jpg?resize=1536%2C1024&amp;ssl=1 1536w, https:\/\/i0.wp.com\/casadecampoliving.com\/wp-content\/uploads\/2025\/12\/Gerardo-Labarca-Altos-de-Chavon-Art-Gallery-5.jpg?resize=1200%2C800&amp;ssl=1 1200w, https:\/\/i0.wp.com\/casadecampoliving.com\/wp-content\/uploads\/2025\/12\/Gerardo-Labarca-Altos-de-Chavon-Art-Gallery-5.jpg?resize=780%2C520&amp;ssl=1 780w, https:\/\/i0.wp.com\/casadecampoliving.com\/wp-content\/uploads\/2025\/12\/Gerardo-Labarca-Altos-de-Chavon-Art-Gallery-5.jpg?resize=400%2C267&amp;ssl=1 400w, https:\/\/i0.wp.com\/casadecampoliving.com\/wp-content\/uploads\/2025\/12\/Gerardo-Labarca-Altos-de-Chavon-Art-Gallery-5.jpg?resize=1320%2C880&amp;ssl=1 1320w, https:\/\/i0.wp.com\/casadecampoliving.com\/wp-content\/uploads\/2025\/12\/Gerardo-Labarca-Altos-de-Chavon-Art-Gallery-5.jpg?resize=150%2C100&amp;ssl=1 150w, https:\/\/i0.wp.com\/casadecampoliving.com\/wp-content\/uploads\/2025\/12\/Gerardo-Labarca-Altos-de-Chavon-Art-Gallery-5.jpg?w=2000&amp;ssl=1 2000w, https:\/\/i0.wp.com\/casadecampoliving.com\/wp-content\/uploads\/2025\/12\/Gerardo-Labarca-Altos-de-Chavon-Art-Gallery-5-1024x682.jpg?w=370&amp;ssl=1 370w\" sizes=\"auto, (max-width: 1000px) 100vw, 1000px\" \/><\/figure>\n\n\n\n<figure class=\"wp-block-image size-large\"><img data-recalc-dims=\"1\" loading=\"lazy\" decoding=\"async\" width=\"1024\" height=\"682\" data-id=\"547056\" src=\"https:\/\/i0.wp.com\/casadecampoliving.com\/wp-content\/uploads\/2025\/12\/Gerardo-Labarca-Altos-de-Chavon-Art-Gallery-4.jpg?resize=1024%2C682&#038;ssl=1\" alt=\"\" class=\"wp-image-547056\" srcset=\"https:\/\/i0.wp.com\/casadecampoliving.com\/wp-content\/uploads\/2025\/12\/Gerardo-Labarca-Altos-de-Chavon-Art-Gallery-4.jpg?resize=1024%2C682&amp;ssl=1 1024w, https:\/\/i0.wp.com\/casadecampoliving.com\/wp-content\/uploads\/2025\/12\/Gerardo-Labarca-Altos-de-Chavon-Art-Gallery-4.jpg?resize=300%2C200&amp;ssl=1 300w, https:\/\/i0.wp.com\/casadecampoliving.com\/wp-content\/uploads\/2025\/12\/Gerardo-Labarca-Altos-de-Chavon-Art-Gallery-4.jpg?resize=768%2C512&amp;ssl=1 768w, https:\/\/i0.wp.com\/casadecampoliving.com\/wp-content\/uploads\/2025\/12\/Gerardo-Labarca-Altos-de-Chavon-Art-Gallery-4.jpg?resize=1536%2C1024&amp;ssl=1 1536w, https:\/\/i0.wp.com\/casadecampoliving.com\/wp-content\/uploads\/2025\/12\/Gerardo-Labarca-Altos-de-Chavon-Art-Gallery-4.jpg?resize=1200%2C800&amp;ssl=1 1200w, https:\/\/i0.wp.com\/casadecampoliving.com\/wp-content\/uploads\/2025\/12\/Gerardo-Labarca-Altos-de-Chavon-Art-Gallery-4.jpg?resize=780%2C520&amp;ssl=1 780w, https:\/\/i0.wp.com\/casadecampoliving.com\/wp-content\/uploads\/2025\/12\/Gerardo-Labarca-Altos-de-Chavon-Art-Gallery-4.jpg?resize=400%2C267&amp;ssl=1 400w, https:\/\/i0.wp.com\/casadecampoliving.com\/wp-content\/uploads\/2025\/12\/Gerardo-Labarca-Altos-de-Chavon-Art-Gallery-4.jpg?resize=1320%2C880&amp;ssl=1 1320w, https:\/\/i0.wp.com\/casadecampoliving.com\/wp-content\/uploads\/2025\/12\/Gerardo-Labarca-Altos-de-Chavon-Art-Gallery-4.jpg?resize=150%2C100&amp;ssl=1 150w, https:\/\/i0.wp.com\/casadecampoliving.com\/wp-content\/uploads\/2025\/12\/Gerardo-Labarca-Altos-de-Chavon-Art-Gallery-4.jpg?w=2000&amp;ssl=1 2000w, https:\/\/i0.wp.com\/casadecampoliving.com\/wp-content\/uploads\/2025\/12\/Gerardo-Labarca-Altos-de-Chavon-Art-Gallery-4-1024x682.jpg?w=370&amp;ssl=1 370w\" sizes=\"auto, (max-width: 1000px) 100vw, 1000px\" \/><\/figure>\n\n\n\n<figure class=\"wp-block-image size-large\"><img data-recalc-dims=\"1\" loading=\"lazy\" decoding=\"async\" width=\"682\" height=\"1024\" data-id=\"546999\" src=\"https:\/\/i0.wp.com\/casadecampoliving.com\/wp-content\/uploads\/2025\/12\/Gerardo-Labarca-Altos-de-Chavon-Art-Gallery-2.jpg?resize=682%2C1024&#038;ssl=1\" alt=\"\" class=\"wp-image-546999\" srcset=\"https:\/\/i0.wp.com\/casadecampoliving.com\/wp-content\/uploads\/2025\/12\/Gerardo-Labarca-Altos-de-Chavon-Art-Gallery-2.jpg?resize=682%2C1024&amp;ssl=1 682w, https:\/\/i0.wp.com\/casadecampoliving.com\/wp-content\/uploads\/2025\/12\/Gerardo-Labarca-Altos-de-Chavon-Art-Gallery-2.jpg?resize=200%2C300&amp;ssl=1 200w, https:\/\/i0.wp.com\/casadecampoliving.com\/wp-content\/uploads\/2025\/12\/Gerardo-Labarca-Altos-de-Chavon-Art-Gallery-2.jpg?resize=768%2C1152&amp;ssl=1 768w, https:\/\/i0.wp.com\/casadecampoliving.com\/wp-content\/uploads\/2025\/12\/Gerardo-Labarca-Altos-de-Chavon-Art-Gallery-2.jpg?resize=1024%2C1536&amp;ssl=1 1024w, https:\/\/i0.wp.com\/casadecampoliving.com\/wp-content\/uploads\/2025\/12\/Gerardo-Labarca-Altos-de-Chavon-Art-Gallery-2.jpg?resize=1200%2C1800&amp;ssl=1 1200w, https:\/\/i0.wp.com\/casadecampoliving.com\/wp-content\/uploads\/2025\/12\/Gerardo-Labarca-Altos-de-Chavon-Art-Gallery-2.jpg?resize=780%2C1170&amp;ssl=1 780w, https:\/\/i0.wp.com\/casadecampoliving.com\/wp-content\/uploads\/2025\/12\/Gerardo-Labarca-Altos-de-Chavon-Art-Gallery-2.jpg?resize=400%2C600&amp;ssl=1 400w, https:\/\/i0.wp.com\/casadecampoliving.com\/wp-content\/uploads\/2025\/12\/Gerardo-Labarca-Altos-de-Chavon-Art-Gallery-2.jpg?resize=1320%2C1980&amp;ssl=1 1320w, https:\/\/i0.wp.com\/casadecampoliving.com\/wp-content\/uploads\/2025\/12\/Gerardo-Labarca-Altos-de-Chavon-Art-Gallery-2.jpg?resize=150%2C225&amp;ssl=1 150w, https:\/\/i0.wp.com\/casadecampoliving.com\/wp-content\/uploads\/2025\/12\/Gerardo-Labarca-Altos-de-Chavon-Art-Gallery-2.jpg?w=1333&amp;ssl=1 1333w, https:\/\/i0.wp.com\/casadecampoliving.com\/wp-content\/uploads\/2025\/12\/Gerardo-Labarca-Altos-de-Chavon-Art-Gallery-2-682x1024.jpg?w=370&amp;ssl=1 370w\" sizes=\"auto, (max-width: 682px) 100vw, 682px\" \/><\/figure>\n<\/figure>\n","protected":false},"excerpt":{"rendered":"<p>La Galer\u00eda de Altos de Chav\u00f3n inaugur\u00f3 \u201cSolo Labarca\u201d, una exposici\u00f3n individual del artista Gerardo Labarca que invita a los visitantes a adentrarse en un universo visual profundamente personal, moldeado por la intuici\u00f3n, la emoci\u00f3n y la experiencia vivida. La muestra abri\u00f3 el 5 de septiembre de 2025 y permanecer\u00e1 disponible hasta el 5 de [&hellip;]<\/p>\n","protected":false},"author":36791,"featured_media":547057,"comment_status":"closed","ping_status":"closed","sticky":false,"template":"","format":"standard","meta":{"newspack_ads_suppress_ads":false,"newspack_popups_has_disabled_popups":false,"newspack_sponsor_sponsorship_scope":"","newspack_sponsor_native_byline_display":"inherit","newspack_sponsor_native_category_display":"inherit","newspack_sponsor_underwriter_style":"inherit","newspack_sponsor_underwriter_placement":"inherit","_newspack_byline_active":false,"_newspack_byline":"","newspack_hide_updated_date":false,"newspack_show_updated_date":false,"newspack_content_restriction_is_exempt":false,"newspack_featured_image_position":"large","newspack_post_subtitle":"Una muestra individual que recorre el viaje personal del artista a trav\u00e9s de la forma humana y animal","newspack_article_summary_title":"Overview:","newspack_article_summary":"","_jetpack_memberships_contains_paid_content":false,"footnotes":"","jetpack_publicize_message":"","jetpack_publicize_feature_enabled":true,"jetpack_social_post_already_shared":false,"jetpack_social_options":{"image_generator_settings":{"template":"highway","default_image_id":0,"font":"","enabled":false},"version":2},"_wpas_customize_per_network":false},"categories":[26577,2522,23889,14625],"tags":[27100,21588,2557,14736,6303],"newspack_spnsrs_tax":[],"class_list":["post-547071","post","type-post","status-publish","format-standard","has-post-thumbnail","hentry","category-altos-de-chavon-6","category-eventos-es","category-lifestyle-2","category-noticias-locales","tag-altos-de-chavon-es-7","tag-coctel-de-apertura","tag-exhibicion-de-arte","tag-featured-topview-es","tag-galeria-altos-de-chavon","entry"],"yoast_head":"<!-- This site is optimized with the Yoast SEO plugin v27.5 - https:\/\/yoast.com\/product\/yoast-seo-wordpress\/ -->\n<title>La Galer\u00eda de Altos de Chav\u00f3n inaugura \u201cSolo Labarca\u201d, una nueva exposici\u00f3n de Gerardo Labarca | Casa de Campo Living<\/title>\n<meta name=\"description\" content=\"La Galer\u00eda de Altos de Chav\u00f3n inaugur\u00f3 \u201cSolo Labarca\u201d, una exposici\u00f3n individual del artista Gerardo Labarca que invita a los visitantes a adentrarse en\" \/>\n<meta name=\"robots\" content=\"index, follow, max-snippet:-1, max-image-preview:large, max-video-preview:-1\" \/>\n<link rel=\"canonical\" href=\"https:\/\/casadecampoliving.com\/es\/galeria-de-altos-de-chavon-inaugura-nueva-exposicion-gerardo-labarca\/\" \/>\n<meta property=\"og:locale\" content=\"es_ES\" \/>\n<meta property=\"og:type\" content=\"article\" \/>\n<meta property=\"og:title\" content=\"La Galer\u00eda de Altos de Chav\u00f3n inaugura \u201cSolo Labarca\u201d, una nueva exposici\u00f3n de Gerardo Labarca | Casa de Campo Living\" \/>\n<meta property=\"og:description\" content=\"La Galer\u00eda de Altos de Chav\u00f3n inaugur\u00f3 \u201cSolo Labarca\u201d, una exposici\u00f3n individual del artista Gerardo Labarca que invita a los visitantes a adentrarse en\" \/>\n<meta property=\"og:url\" content=\"https:\/\/casadecampoliving.com\/es\/galeria-de-altos-de-chavon-inaugura-nueva-exposicion-gerardo-labarca\/\" \/>\n<meta property=\"og:site_name\" content=\"Casa de Campo Living\" \/>\n<meta property=\"article:publisher\" content=\"https:\/\/www.facebook.com\/casadecampoliving\" \/>\n<meta property=\"article:published_time\" content=\"2025-09-08T13:00:00+00:00\" \/>\n<meta property=\"article:modified_time\" content=\"2025-12-24T16:31:00+00:00\" \/>\n<meta property=\"og:image\" content=\"https:\/\/casadecampoliving.com\/wp-content\/uploads\/2025\/12\/Gerardo-Labarca-Altos-de-Chavon-Art-Gallery-43.jpg\" \/>\n\t<meta property=\"og:image:width\" content=\"2000\" \/>\n\t<meta property=\"og:image:height\" content=\"1333\" \/>\n\t<meta property=\"og:image:type\" content=\"image\/jpeg\" \/>\n<meta name=\"author\" content=\"Casa de Campo Living\" \/>\n<meta name=\"twitter:card\" content=\"summary_large_image\" \/>\n<meta name=\"twitter:creator\" content=\"@cdcliving\" \/>\n<meta name=\"twitter:site\" content=\"@cdcliving\" \/>\n<meta name=\"twitter:label1\" content=\"Escrito por\" \/>\n\t<meta name=\"twitter:data1\" content=\"Casa de Campo Living\" \/>\n\t<meta name=\"twitter:label2\" content=\"Tiempo de lectura\" \/>\n\t<meta name=\"twitter:data2\" content=\"12 minutos\" \/>\n<script type=\"application\/ld+json\" class=\"yoast-schema-graph\">{\"@context\":\"https:\\\/\\\/schema.org\",\"@graph\":[{\"@type\":\"Article\",\"@id\":\"https:\\\/\\\/casadecampoliving.com\\\/es\\\/galeria-de-altos-de-chavon-inaugura-nueva-exposicion-gerardo-labarca\\\/#article\",\"isPartOf\":{\"@id\":\"https:\\\/\\\/casadecampoliving.com\\\/es\\\/galeria-de-altos-de-chavon-inaugura-nueva-exposicion-gerardo-labarca\\\/\"},\"author\":{\"name\":\"Casa de Campo Living\",\"@id\":\"https:\\\/\\\/casadecampoliving.com\\\/es\\\/#\\\/schema\\\/person\\\/5d2171637a9d11e0e43ce6b8555f9422\"},\"headline\":\"La Galer\u00eda de Altos de Chav\u00f3n inaugura \u201cSolo Labarca\u201d, una nueva exposici\u00f3n de Gerardo Labarca\",\"datePublished\":\"2025-09-08T13:00:00+00:00\",\"dateModified\":\"2025-12-24T16:31:00+00:00\",\"mainEntityOfPage\":{\"@id\":\"https:\\\/\\\/casadecampoliving.com\\\/es\\\/galeria-de-altos-de-chavon-inaugura-nueva-exposicion-gerardo-labarca\\\/\"},\"wordCount\":501,\"publisher\":{\"@id\":\"https:\\\/\\\/casadecampoliving.com\\\/es\\\/#organization\"},\"image\":{\"@id\":\"https:\\\/\\\/casadecampoliving.com\\\/es\\\/galeria-de-altos-de-chavon-inaugura-nueva-exposicion-gerardo-labarca\\\/#primaryimage\"},\"thumbnailUrl\":\"https:\\\/\\\/i0.wp.com\\\/casadecampoliving.com\\\/wp-content\\\/uploads\\\/2025\\\/12\\\/Gerardo-Labarca-Altos-de-Chavon-Art-Gallery-43.jpg?fit=2000%2C1333&ssl=1\",\"keywords\":[\"Altos de Chav\u00f3n @es\",\"coctel de apertura\",\"exhibicion de arte\",\"Featured-TopView @es\",\"galeria altos de chavon\"],\"articleSection\":[\"Altos de Chav\u00f3n\",\"Eventos\",\"Lifestyle\",\"Noticias Locales\"],\"inLanguage\":\"es\"},{\"@type\":\"WebPage\",\"@id\":\"https:\\\/\\\/casadecampoliving.com\\\/es\\\/galeria-de-altos-de-chavon-inaugura-nueva-exposicion-gerardo-labarca\\\/\",\"url\":\"https:\\\/\\\/casadecampoliving.com\\\/es\\\/galeria-de-altos-de-chavon-inaugura-nueva-exposicion-gerardo-labarca\\\/\",\"name\":\"La Galer\u00eda de Altos de Chav\u00f3n inaugura \u201cSolo Labarca\u201d, una nueva exposici\u00f3n de Gerardo Labarca | Casa de Campo Living\",\"isPartOf\":{\"@id\":\"https:\\\/\\\/casadecampoliving.com\\\/es\\\/#website\"},\"primaryImageOfPage\":{\"@id\":\"https:\\\/\\\/casadecampoliving.com\\\/es\\\/galeria-de-altos-de-chavon-inaugura-nueva-exposicion-gerardo-labarca\\\/#primaryimage\"},\"image\":{\"@id\":\"https:\\\/\\\/casadecampoliving.com\\\/es\\\/galeria-de-altos-de-chavon-inaugura-nueva-exposicion-gerardo-labarca\\\/#primaryimage\"},\"thumbnailUrl\":\"https:\\\/\\\/i0.wp.com\\\/casadecampoliving.com\\\/wp-content\\\/uploads\\\/2025\\\/12\\\/Gerardo-Labarca-Altos-de-Chavon-Art-Gallery-43.jpg?fit=2000%2C1333&ssl=1\",\"datePublished\":\"2025-09-08T13:00:00+00:00\",\"dateModified\":\"2025-12-24T16:31:00+00:00\",\"description\":\"La Galer\u00eda de Altos de Chav\u00f3n inaugur\u00f3 \u201cSolo Labarca\u201d, una exposici\u00f3n individual del artista Gerardo Labarca que invita a los visitantes a adentrarse en\",\"breadcrumb\":{\"@id\":\"https:\\\/\\\/casadecampoliving.com\\\/es\\\/galeria-de-altos-de-chavon-inaugura-nueva-exposicion-gerardo-labarca\\\/#breadcrumb\"},\"inLanguage\":\"es\",\"potentialAction\":[{\"@type\":\"ReadAction\",\"target\":[\"https:\\\/\\\/casadecampoliving.com\\\/es\\\/galeria-de-altos-de-chavon-inaugura-nueva-exposicion-gerardo-labarca\\\/\"]}]},{\"@type\":\"ImageObject\",\"inLanguage\":\"es\",\"@id\":\"https:\\\/\\\/casadecampoliving.com\\\/es\\\/galeria-de-altos-de-chavon-inaugura-nueva-exposicion-gerardo-labarca\\\/#primaryimage\",\"url\":\"https:\\\/\\\/i0.wp.com\\\/casadecampoliving.com\\\/wp-content\\\/uploads\\\/2025\\\/12\\\/Gerardo-Labarca-Altos-de-Chavon-Art-Gallery-43.jpg?fit=2000%2C1333&ssl=1\",\"contentUrl\":\"https:\\\/\\\/i0.wp.com\\\/casadecampoliving.com\\\/wp-content\\\/uploads\\\/2025\\\/12\\\/Gerardo-Labarca-Altos-de-Chavon-Art-Gallery-43.jpg?fit=2000%2C1333&ssl=1\",\"width\":2000,\"height\":1333},{\"@type\":\"BreadcrumbList\",\"@id\":\"https:\\\/\\\/casadecampoliving.com\\\/es\\\/galeria-de-altos-de-chavon-inaugura-nueva-exposicion-gerardo-labarca\\\/#breadcrumb\",\"itemListElement\":[{\"@type\":\"ListItem\",\"position\":1,\"name\":\"Home\",\"item\":\"https:\\\/\\\/casadecampoliving.com\\\/es\\\/\"},{\"@type\":\"ListItem\",\"position\":2,\"name\":\"La Galer\u00eda de Altos de Chav\u00f3n inaugura \u201cSolo Labarca\u201d, una nueva exposici\u00f3n de Gerardo Labarca\"}]},{\"@type\":\"WebSite\",\"@id\":\"https:\\\/\\\/casadecampoliving.com\\\/es\\\/#website\",\"url\":\"https:\\\/\\\/casadecampoliving.com\\\/es\\\/\",\"name\":\"Casa de Campo Living\",\"description\":\"Resort community news and resources.\",\"publisher\":{\"@id\":\"https:\\\/\\\/casadecampoliving.com\\\/es\\\/#organization\"},\"potentialAction\":[{\"@type\":\"SearchAction\",\"target\":{\"@type\":\"EntryPoint\",\"urlTemplate\":\"https:\\\/\\\/casadecampoliving.com\\\/es\\\/?s={search_term_string}\"},\"query-input\":{\"@type\":\"PropertyValueSpecification\",\"valueRequired\":true,\"valueName\":\"search_term_string\"}}],\"inLanguage\":\"es\"},{\"@type\":\"Organization\",\"@id\":\"https:\\\/\\\/casadecampoliving.com\\\/es\\\/#organization\",\"name\":\"Casa de Campo Living\",\"url\":\"https:\\\/\\\/casadecampoliving.com\\\/es\\\/\",\"logo\":{\"@type\":\"ImageObject\",\"inLanguage\":\"es\",\"@id\":\"https:\\\/\\\/casadecampoliving.com\\\/es\\\/#\\\/schema\\\/logo\\\/image\\\/\",\"url\":\"https:\\\/\\\/i0.wp.com\\\/casadecampoliving.com\\\/wp-content\\\/uploads\\\/2022\\\/07\\\/CDCLivingLogo_V1-white-sized.png?fit=800%2C214&ssl=1\",\"contentUrl\":\"https:\\\/\\\/i0.wp.com\\\/casadecampoliving.com\\\/wp-content\\\/uploads\\\/2022\\\/07\\\/CDCLivingLogo_V1-white-sized.png?fit=800%2C214&ssl=1\",\"width\":800,\"height\":214,\"caption\":\"Casa de Campo Living\"},\"image\":{\"@id\":\"https:\\\/\\\/casadecampoliving.com\\\/es\\\/#\\\/schema\\\/logo\\\/image\\\/\"},\"sameAs\":[\"https:\\\/\\\/www.facebook.com\\\/casadecampoliving\",\"https:\\\/\\\/x.com\\\/cdcliving\"]},{\"@type\":\"Person\",\"@id\":\"https:\\\/\\\/casadecampoliving.com\\\/es\\\/#\\\/schema\\\/person\\\/5d2171637a9d11e0e43ce6b8555f9422\",\"name\":\"Casa de Campo Living\",\"image\":{\"@type\":\"ImageObject\",\"inLanguage\":\"es\",\"@id\":\"https:\\\/\\\/secure.gravatar.com\\\/avatar\\\/d04101fa4a9fd431e939953b1500fdc7a73cd35029f86d98712fd8ccdaebaf9a?s=96&d=mm&r=g\",\"url\":\"https:\\\/\\\/secure.gravatar.com\\\/avatar\\\/d04101fa4a9fd431e939953b1500fdc7a73cd35029f86d98712fd8ccdaebaf9a?s=96&d=mm&r=g\",\"contentUrl\":\"https:\\\/\\\/secure.gravatar.com\\\/avatar\\\/d04101fa4a9fd431e939953b1500fdc7a73cd35029f86d98712fd8ccdaebaf9a?s=96&d=mm&r=g\",\"caption\":\"Casa de Campo Living\"},\"url\":\"https:\\\/\\\/casadecampoliving.com\\\/es\\\/author\\\/casa-de-campo-living\\\/\"}]}<\/script>\n<!-- \/ Yoast SEO plugin. -->","yoast_head_json":{"title":"La Galer\u00eda de Altos de Chav\u00f3n inaugura \u201cSolo Labarca\u201d, una nueva exposici\u00f3n de Gerardo Labarca | Casa de Campo Living","description":"La Galer\u00eda de Altos de Chav\u00f3n inaugur\u00f3 \u201cSolo Labarca\u201d, una exposici\u00f3n individual del artista Gerardo Labarca que invita a los visitantes a adentrarse en","robots":{"index":"index","follow":"follow","max-snippet":"max-snippet:-1","max-image-preview":"max-image-preview:large","max-video-preview":"max-video-preview:-1"},"canonical":"https:\/\/casadecampoliving.com\/es\/galeria-de-altos-de-chavon-inaugura-nueva-exposicion-gerardo-labarca\/","og_locale":"es_ES","og_type":"article","og_title":"La Galer\u00eda de Altos de Chav\u00f3n inaugura \u201cSolo Labarca\u201d, una nueva exposici\u00f3n de Gerardo Labarca | Casa de Campo Living","og_description":"La Galer\u00eda de Altos de Chav\u00f3n inaugur\u00f3 \u201cSolo Labarca\u201d, una exposici\u00f3n individual del artista Gerardo Labarca que invita a los visitantes a adentrarse en","og_url":"https:\/\/casadecampoliving.com\/es\/galeria-de-altos-de-chavon-inaugura-nueva-exposicion-gerardo-labarca\/","og_site_name":"Casa de Campo Living","article_publisher":"https:\/\/www.facebook.com\/casadecampoliving","article_published_time":"2025-09-08T13:00:00+00:00","article_modified_time":"2025-12-24T16:31:00+00:00","og_image":[{"width":2000,"height":1333,"url":"https:\/\/casadecampoliving.com\/wp-content\/uploads\/2025\/12\/Gerardo-Labarca-Altos-de-Chavon-Art-Gallery-43.jpg","type":"image\/jpeg"}],"author":"Casa de Campo Living","twitter_card":"summary_large_image","twitter_creator":"@cdcliving","twitter_site":"@cdcliving","twitter_misc":{"Escrito por":"Casa de Campo Living","Tiempo de lectura":"12 minutos"},"schema":{"@context":"https:\/\/schema.org","@graph":[{"@type":"Article","@id":"https:\/\/casadecampoliving.com\/es\/galeria-de-altos-de-chavon-inaugura-nueva-exposicion-gerardo-labarca\/#article","isPartOf":{"@id":"https:\/\/casadecampoliving.com\/es\/galeria-de-altos-de-chavon-inaugura-nueva-exposicion-gerardo-labarca\/"},"author":{"name":"Casa de Campo Living","@id":"https:\/\/casadecampoliving.com\/es\/#\/schema\/person\/5d2171637a9d11e0e43ce6b8555f9422"},"headline":"La Galer\u00eda de Altos de Chav\u00f3n inaugura \u201cSolo Labarca\u201d, una nueva exposici\u00f3n de Gerardo Labarca","datePublished":"2025-09-08T13:00:00+00:00","dateModified":"2025-12-24T16:31:00+00:00","mainEntityOfPage":{"@id":"https:\/\/casadecampoliving.com\/es\/galeria-de-altos-de-chavon-inaugura-nueva-exposicion-gerardo-labarca\/"},"wordCount":501,"publisher":{"@id":"https:\/\/casadecampoliving.com\/es\/#organization"},"image":{"@id":"https:\/\/casadecampoliving.com\/es\/galeria-de-altos-de-chavon-inaugura-nueva-exposicion-gerardo-labarca\/#primaryimage"},"thumbnailUrl":"https:\/\/i0.wp.com\/casadecampoliving.com\/wp-content\/uploads\/2025\/12\/Gerardo-Labarca-Altos-de-Chavon-Art-Gallery-43.jpg?fit=2000%2C1333&ssl=1","keywords":["Altos de Chav\u00f3n @es","coctel de apertura","exhibicion de arte","Featured-TopView @es","galeria altos de chavon"],"articleSection":["Altos de Chav\u00f3n","Eventos","Lifestyle","Noticias Locales"],"inLanguage":"es"},{"@type":"WebPage","@id":"https:\/\/casadecampoliving.com\/es\/galeria-de-altos-de-chavon-inaugura-nueva-exposicion-gerardo-labarca\/","url":"https:\/\/casadecampoliving.com\/es\/galeria-de-altos-de-chavon-inaugura-nueva-exposicion-gerardo-labarca\/","name":"La Galer\u00eda de Altos de Chav\u00f3n inaugura \u201cSolo Labarca\u201d, una nueva exposici\u00f3n de Gerardo Labarca | Casa de Campo Living","isPartOf":{"@id":"https:\/\/casadecampoliving.com\/es\/#website"},"primaryImageOfPage":{"@id":"https:\/\/casadecampoliving.com\/es\/galeria-de-altos-de-chavon-inaugura-nueva-exposicion-gerardo-labarca\/#primaryimage"},"image":{"@id":"https:\/\/casadecampoliving.com\/es\/galeria-de-altos-de-chavon-inaugura-nueva-exposicion-gerardo-labarca\/#primaryimage"},"thumbnailUrl":"https:\/\/i0.wp.com\/casadecampoliving.com\/wp-content\/uploads\/2025\/12\/Gerardo-Labarca-Altos-de-Chavon-Art-Gallery-43.jpg?fit=2000%2C1333&ssl=1","datePublished":"2025-09-08T13:00:00+00:00","dateModified":"2025-12-24T16:31:00+00:00","description":"La Galer\u00eda de Altos de Chav\u00f3n inaugur\u00f3 \u201cSolo Labarca\u201d, una exposici\u00f3n individual del artista Gerardo Labarca que invita a los visitantes a adentrarse en","breadcrumb":{"@id":"https:\/\/casadecampoliving.com\/es\/galeria-de-altos-de-chavon-inaugura-nueva-exposicion-gerardo-labarca\/#breadcrumb"},"inLanguage":"es","potentialAction":[{"@type":"ReadAction","target":["https:\/\/casadecampoliving.com\/es\/galeria-de-altos-de-chavon-inaugura-nueva-exposicion-gerardo-labarca\/"]}]},{"@type":"ImageObject","inLanguage":"es","@id":"https:\/\/casadecampoliving.com\/es\/galeria-de-altos-de-chavon-inaugura-nueva-exposicion-gerardo-labarca\/#primaryimage","url":"https:\/\/i0.wp.com\/casadecampoliving.com\/wp-content\/uploads\/2025\/12\/Gerardo-Labarca-Altos-de-Chavon-Art-Gallery-43.jpg?fit=2000%2C1333&ssl=1","contentUrl":"https:\/\/i0.wp.com\/casadecampoliving.com\/wp-content\/uploads\/2025\/12\/Gerardo-Labarca-Altos-de-Chavon-Art-Gallery-43.jpg?fit=2000%2C1333&ssl=1","width":2000,"height":1333},{"@type":"BreadcrumbList","@id":"https:\/\/casadecampoliving.com\/es\/galeria-de-altos-de-chavon-inaugura-nueva-exposicion-gerardo-labarca\/#breadcrumb","itemListElement":[{"@type":"ListItem","position":1,"name":"Home","item":"https:\/\/casadecampoliving.com\/es\/"},{"@type":"ListItem","position":2,"name":"La Galer\u00eda de Altos de Chav\u00f3n inaugura \u201cSolo Labarca\u201d, una nueva exposici\u00f3n de Gerardo Labarca"}]},{"@type":"WebSite","@id":"https:\/\/casadecampoliving.com\/es\/#website","url":"https:\/\/casadecampoliving.com\/es\/","name":"Casa de Campo Living","description":"Resort community news and resources.","publisher":{"@id":"https:\/\/casadecampoliving.com\/es\/#organization"},"potentialAction":[{"@type":"SearchAction","target":{"@type":"EntryPoint","urlTemplate":"https:\/\/casadecampoliving.com\/es\/?s={search_term_string}"},"query-input":{"@type":"PropertyValueSpecification","valueRequired":true,"valueName":"search_term_string"}}],"inLanguage":"es"},{"@type":"Organization","@id":"https:\/\/casadecampoliving.com\/es\/#organization","name":"Casa de Campo Living","url":"https:\/\/casadecampoliving.com\/es\/","logo":{"@type":"ImageObject","inLanguage":"es","@id":"https:\/\/casadecampoliving.com\/es\/#\/schema\/logo\/image\/","url":"https:\/\/i0.wp.com\/casadecampoliving.com\/wp-content\/uploads\/2022\/07\/CDCLivingLogo_V1-white-sized.png?fit=800%2C214&ssl=1","contentUrl":"https:\/\/i0.wp.com\/casadecampoliving.com\/wp-content\/uploads\/2022\/07\/CDCLivingLogo_V1-white-sized.png?fit=800%2C214&ssl=1","width":800,"height":214,"caption":"Casa de Campo Living"},"image":{"@id":"https:\/\/casadecampoliving.com\/es\/#\/schema\/logo\/image\/"},"sameAs":["https:\/\/www.facebook.com\/casadecampoliving","https:\/\/x.com\/cdcliving"]},{"@type":"Person","@id":"https:\/\/casadecampoliving.com\/es\/#\/schema\/person\/5d2171637a9d11e0e43ce6b8555f9422","name":"Casa de Campo Living","image":{"@type":"ImageObject","inLanguage":"es","@id":"https:\/\/secure.gravatar.com\/avatar\/d04101fa4a9fd431e939953b1500fdc7a73cd35029f86d98712fd8ccdaebaf9a?s=96&d=mm&r=g","url":"https:\/\/secure.gravatar.com\/avatar\/d04101fa4a9fd431e939953b1500fdc7a73cd35029f86d98712fd8ccdaebaf9a?s=96&d=mm&r=g","contentUrl":"https:\/\/secure.gravatar.com\/avatar\/d04101fa4a9fd431e939953b1500fdc7a73cd35029f86d98712fd8ccdaebaf9a?s=96&d=mm&r=g","caption":"Casa de Campo Living"},"url":"https:\/\/casadecampoliving.com\/es\/author\/casa-de-campo-living\/"}]}},"parsely":{"version":"1.1.0","canonical_url":"https:\/\/casadecampoliving.com\/es\/galeria-de-altos-de-chavon-inaugura-nueva-exposicion-gerardo-labarca\/","smart_links":{"inbound":0,"outbound":0},"traffic_boost_suggestions_count":0,"meta":{"@context":"https:\/\/schema.org","@type":"NewsArticle","headline":"La Galer\u00eda de Altos de Chav\u00f3n inaugura \u201cSolo Labarca\u201d, una nueva exposici\u00f3n de Gerardo Labarca","url":"http:\/\/casadecampoliving.com\/es\/galeria-de-altos-de-chavon-inaugura-nueva-exposicion-gerardo-labarca\/","mainEntityOfPage":{"@type":"WebPage","@id":"http:\/\/casadecampoliving.com\/es\/galeria-de-altos-de-chavon-inaugura-nueva-exposicion-gerardo-labarca\/"},"thumbnailUrl":"https:\/\/i0.wp.com\/casadecampoliving.com\/wp-content\/uploads\/2025\/12\/Gerardo-Labarca-Altos-de-Chavon-Art-Gallery-43.jpg?resize=150%2C150&ssl=1","image":{"@type":"ImageObject","url":"https:\/\/i0.wp.com\/casadecampoliving.com\/wp-content\/uploads\/2025\/12\/Gerardo-Labarca-Altos-de-Chavon-Art-Gallery-43.jpg?fit=2000%2C1333&ssl=1"},"articleSection":"Altos de Chav\u00f3n","author":[{"@type":"Person","name":"Casa de Campo Living"}],"creator":["Casa de Campo Living"],"publisher":{"@type":"Organization","name":"Casa de Campo Living","logo":"https:\/\/casadecampoliving.com\/wp-content\/uploads\/2022\/07\/CDCLivingLogo_V1-white-sized.png"},"keywords":["altos de chav\u00f3n @es","coctel de apertura","exhibicion de arte","featured-topview @es","galeria altos de chavon"],"dateCreated":"2025-09-08T13:00:00Z","datePublished":"2025-09-08T13:00:00Z","dateModified":"2025-12-24T16:31:00Z"},"rendered":"<script type=\"application\/ld+json\" class=\"wp-parsely-metadata\">{\"@context\":\"https:\\\/\\\/schema.org\",\"@type\":\"NewsArticle\",\"headline\":\"La Galer\\u00eda de Altos de Chav\\u00f3n inaugura \\u201cSolo Labarca\\u201d, una nueva exposici\\u00f3n de Gerardo Labarca\",\"url\":\"http:\\\/\\\/casadecampoliving.com\\\/es\\\/galeria-de-altos-de-chavon-inaugura-nueva-exposicion-gerardo-labarca\\\/\",\"mainEntityOfPage\":{\"@type\":\"WebPage\",\"@id\":\"http:\\\/\\\/casadecampoliving.com\\\/es\\\/galeria-de-altos-de-chavon-inaugura-nueva-exposicion-gerardo-labarca\\\/\"},\"thumbnailUrl\":\"https:\\\/\\\/i0.wp.com\\\/casadecampoliving.com\\\/wp-content\\\/uploads\\\/2025\\\/12\\\/Gerardo-Labarca-Altos-de-Chavon-Art-Gallery-43.jpg?resize=150%2C150&ssl=1\",\"image\":{\"@type\":\"ImageObject\",\"url\":\"https:\\\/\\\/i0.wp.com\\\/casadecampoliving.com\\\/wp-content\\\/uploads\\\/2025\\\/12\\\/Gerardo-Labarca-Altos-de-Chavon-Art-Gallery-43.jpg?fit=2000%2C1333&ssl=1\"},\"articleSection\":\"Altos de Chav\\u00f3n\",\"author\":[{\"@type\":\"Person\",\"name\":\"Casa de Campo Living\"}],\"creator\":[\"Casa de Campo Living\"],\"publisher\":{\"@type\":\"Organization\",\"name\":\"Casa de Campo Living\",\"logo\":\"https:\\\/\\\/casadecampoliving.com\\\/wp-content\\\/uploads\\\/2022\\\/07\\\/CDCLivingLogo_V1-white-sized.png\"},\"keywords\":[\"altos de chav\\u00f3n @es\",\"coctel de apertura\",\"exhibicion de arte\",\"featured-topview @es\",\"galeria altos de chavon\"],\"dateCreated\":\"2025-09-08T13:00:00Z\",\"datePublished\":\"2025-09-08T13:00:00Z\",\"dateModified\":\"2025-12-24T16:31:00Z\"}<\/script>","tracker_url":"https:\/\/cdn.parsely.com\/keys\/casadecampoliving.com\/p.js"},"jetpack_publicize_connections":[],"jetpack_featured_media_url":"https:\/\/i0.wp.com\/casadecampoliving.com\/wp-content\/uploads\/2025\/12\/Gerardo-Labarca-Altos-de-Chavon-Art-Gallery-43.jpg?fit=2000%2C1333&ssl=1","jetpack-related-posts":[{"id":544202,"url":"https:\/\/casadecampoliving.com\/es\/este-viernes-es-la-clausura-de-la-exposicion-solo-labarca\/","url_meta":{"origin":547071,"position":0},"title":"Este viernes es la clausura de la exposici\u00f3n SOLO LABARCA","author":"Mairobi Herrera","date":"1 Oct, 2025","format":false,"excerpt":"La Galer\u00eda de Arte Altos de Chav\u00f3n anuncia el cierre de la muestra individual SOLO LABARCA, del artista venezolano radicado en Montreal, Gerardo Labarca, el pr\u00f3ximo viernes 3 de octubre de 2025. El evento de clausura, titulado Chill Sunset Finale, se celebrar\u00e1 de 7:00 a 8:30 p.m. en la galer\u00eda,\u2026","rel":"","context":"En \u00abAltos de Chav\u00f3n\u00bb","block_context":{"text":"Altos de Chav\u00f3n","link":"https:\/\/casadecampoliving.com\/es\/category\/altos-de-chavon-6\/"},"img":{"alt_text":"","src":"https:\/\/i0.wp.com\/casadecampoliving.com\/wp-content\/uploads\/2025\/10\/DSC_0063_lw.jpg?fit=800%2C533&ssl=1&resize=350%2C200","width":350,"height":200,"srcset":"https:\/\/i0.wp.com\/casadecampoliving.com\/wp-content\/uploads\/2025\/10\/DSC_0063_lw.jpg?fit=800%2C533&ssl=1&resize=350%2C200 1x, https:\/\/i0.wp.com\/casadecampoliving.com\/wp-content\/uploads\/2025\/10\/DSC_0063_lw.jpg?fit=800%2C533&ssl=1&resize=525%2C300 1.5x, https:\/\/i0.wp.com\/casadecampoliving.com\/wp-content\/uploads\/2025\/10\/DSC_0063_lw.jpg?fit=800%2C533&ssl=1&resize=700%2C400 2x"},"classes":[]},{"id":546977,"url":"https:\/\/casadecampoliving.com\/altos-de-chavon-gallery-opens-new-exhibition-gerardo-labarca\/","url_meta":{"origin":547071,"position":1},"title":"Altos de Chav\u00f3n Gallery Opens \u201cSolo Labarca,\u201d a New Exhibition by Gerardo Labarca","author":"Casa de Campo Living","date":"8 Sep, 2025","format":false,"excerpt":"The Altos de Chav\u00f3n gallery opened \u201cSolo Labarca,\u201d a solo exhibition by artist Gerardo Labarca that invites visitors into a deeply personal visual world shaped by intuition, emotion and lived experience. The exhibition debuted Sept. 5, 2025 and will remain on view through Oct. 5. The show brings together works\u2026","rel":"","context":"En \u00abAltos de Chav\u00f3n\u00bb","block_context":{"text":"Altos de Chav\u00f3n","link":"https:\/\/casadecampoliving.com\/category\/altos-de-chavon-6-2\/"},"img":{"alt_text":"","src":"https:\/\/i0.wp.com\/casadecampoliving.com\/wp-content\/uploads\/2025\/12\/Gerardo-Labarca-Altos-de-Chavon-Art-Gallery-43.jpg?fit=1200%2C800&ssl=1&resize=350%2C200","width":350,"height":200,"srcset":"https:\/\/i0.wp.com\/casadecampoliving.com\/wp-content\/uploads\/2025\/12\/Gerardo-Labarca-Altos-de-Chavon-Art-Gallery-43.jpg?fit=1200%2C800&ssl=1&resize=350%2C200 1x, https:\/\/i0.wp.com\/casadecampoliving.com\/wp-content\/uploads\/2025\/12\/Gerardo-Labarca-Altos-de-Chavon-Art-Gallery-43.jpg?fit=1200%2C800&ssl=1&resize=525%2C300 1.5x, https:\/\/i0.wp.com\/casadecampoliving.com\/wp-content\/uploads\/2025\/12\/Gerardo-Labarca-Altos-de-Chavon-Art-Gallery-43.jpg?fit=1200%2C800&ssl=1&resize=700%2C400 2x, https:\/\/i0.wp.com\/casadecampoliving.com\/wp-content\/uploads\/2025\/12\/Gerardo-Labarca-Altos-de-Chavon-Art-Gallery-43.jpg?fit=1200%2C800&ssl=1&resize=1050%2C600 3x"},"classes":[]},{"id":544216,"url":"https:\/\/casadecampoliving.com\/closing-of-the-solo-labarca-exhibition-at-the-altos-de-chavon-art-gallery\/","url_meta":{"origin":547071,"position":2},"title":"Closing of the SOLO LABARCA Exhibition at the Altos de Chav\u00f3n Art Gallery","author":"Mairobi Herrera","date":"1 Oct, 2025","format":false,"excerpt":"The Altos de Chav\u00f3n Art Gallery announces the closing of the solo exhibition SOLO LABARCA by Venezuelan artist Gerardo Labarca, based in Montreal, on Friday, Oct. 3, 2025. The closing event, titled Chill Sunset Finale, will take place from 7 to 8:30 p.m. at the gallery, featuring a DJ, drinks\u2026","rel":"","context":"En \u00abAltos de Chav\u00f3n\u00bb","block_context":{"text":"Altos de Chav\u00f3n","link":"https:\/\/casadecampoliving.com\/category\/altos-de-chavon-6-2\/"},"img":{"alt_text":"","src":"https:\/\/i0.wp.com\/casadecampoliving.com\/wp-content\/uploads\/2025\/10\/DSC_0063_lw.jpg?fit=800%2C533&ssl=1&resize=350%2C200","width":350,"height":200,"srcset":"https:\/\/i0.wp.com\/casadecampoliving.com\/wp-content\/uploads\/2025\/10\/DSC_0063_lw.jpg?fit=800%2C533&ssl=1&resize=350%2C200 1x, https:\/\/i0.wp.com\/casadecampoliving.com\/wp-content\/uploads\/2025\/10\/DSC_0063_lw.jpg?fit=800%2C533&ssl=1&resize=525%2C300 1.5x, https:\/\/i0.wp.com\/casadecampoliving.com\/wp-content\/uploads\/2025\/10\/DSC_0063_lw.jpg?fit=800%2C533&ssl=1&resize=700%2C400 2x"},"classes":[]},{"id":433460,"url":"https:\/\/casadecampoliving.com\/es\/no-se-pierdan-el-increible-tributo-a-frank-sinatra-para-celebrar-el-40-aniversario-del-anfiteatro-altos-de-chavon\/","url_meta":{"origin":547071,"position":3},"title":"No se pierdan el incre\u00edble tributo a Frank Sinatra para celebrar el 40 aniversario del\u00a0Anfiteatro Altos de Chav\u00f3n","author":"Casa de Campo Living","date":"20 Oct, 2022","format":false,"excerpt":"Siendo uno de los escenarios m\u00e1s emblem\u00e1ticos del pa\u00eds, Casa de Campo Resort\u00ae & Villas celebra las cuatro d\u00e9cadas de aniversario de Altos de Chav\u00f3n con un tributo al gran Frank Sinatra, protagonizado por artistas invitados y una big band tal cual la que acompa\u00f1\u00f3 al artista hace 40 a\u00f1os\u2026","rel":"","context":"En \u00abUncategorized @es\u00bb","block_context":{"text":"Uncategorized @es","link":"https:\/\/casadecampoliving.com\/es\/category\/uncategorized-es\/"},"img":{"alt_text":"","src":"https:\/\/i0.wp.com\/casadecampoliving.com\/wp-content\/uploads\/2022\/10\/Tributo-Frank-Sinatra-Foto-Principal-Amaury-Sanchez-Danilo-Ginebra-Andres-Pichardo-y-Jose-Gabriel-Perez-.jpg?fit=1200%2C873&ssl=1&resize=350%2C200","width":350,"height":200,"srcset":"https:\/\/i0.wp.com\/casadecampoliving.com\/wp-content\/uploads\/2022\/10\/Tributo-Frank-Sinatra-Foto-Principal-Amaury-Sanchez-Danilo-Ginebra-Andres-Pichardo-y-Jose-Gabriel-Perez-.jpg?fit=1200%2C873&ssl=1&resize=350%2C200 1x, https:\/\/i0.wp.com\/casadecampoliving.com\/wp-content\/uploads\/2022\/10\/Tributo-Frank-Sinatra-Foto-Principal-Amaury-Sanchez-Danilo-Ginebra-Andres-Pichardo-y-Jose-Gabriel-Perez-.jpg?fit=1200%2C873&ssl=1&resize=525%2C300 1.5x, https:\/\/i0.wp.com\/casadecampoliving.com\/wp-content\/uploads\/2022\/10\/Tributo-Frank-Sinatra-Foto-Principal-Amaury-Sanchez-Danilo-Ginebra-Andres-Pichardo-y-Jose-Gabriel-Perez-.jpg?fit=1200%2C873&ssl=1&resize=700%2C400 2x, https:\/\/i0.wp.com\/casadecampoliving.com\/wp-content\/uploads\/2022\/10\/Tributo-Frank-Sinatra-Foto-Principal-Amaury-Sanchez-Danilo-Ginebra-Andres-Pichardo-y-Jose-Gabriel-Perez-.jpg?fit=1200%2C873&ssl=1&resize=1050%2C600 3x"},"classes":[]},{"id":354409,"url":"https:\/\/casadecampoliving.com\/es\/wao-galeria-en-altos-de-chavon-presenta-la-exhibicion-caida-del-artista-joaquin-basanta\/","url_meta":{"origin":547071,"position":4},"title":"WAO Galer\u00eda en Altos de Chav\u00f3n presenta la exhibici\u00f3n \u201cCa\u00edda\u201d del artista Joaqu\u00edn Basanta","author":"Casa de Campo Living","date":"11 Jun, 2022","format":false,"excerpt":"Dentro de las exhibiciones del 2022, WAO Galer\u00eda Centro Cultural ubicada en Altos de Chav\u00f3n, contin\u00faa presentando al pa\u00eds y al mundo obras y exposiciones de grandes artistas dominicanos e internacionales, adem\u00e1s de brindar la oportunidad a noveles artistas de mostrar sus obras. El pr\u00f3ximo 17 de junio se inaugurar\u00e1\u2026","rel":"","context":"En \u00abAltos de Chavon @es\u00bb","block_context":{"text":"Altos de Chavon @es","link":"https:\/\/casadecampoliving.com\/category\/altos-de-chavon-es\/"},"img":{"alt_text":"","src":"https:\/\/i0.wp.com\/casadecampoliving.com\/wp-content\/uploads\/2022\/10\/IMG_5363.jpg?fit=1000%2C613&ssl=1&resize=350%2C200","width":350,"height":200,"srcset":"https:\/\/i0.wp.com\/casadecampoliving.com\/wp-content\/uploads\/2022\/10\/IMG_5363.jpg?fit=1000%2C613&ssl=1&resize=350%2C200 1x, https:\/\/i0.wp.com\/casadecampoliving.com\/wp-content\/uploads\/2022\/10\/IMG_5363.jpg?fit=1000%2C613&ssl=1&resize=525%2C300 1.5x, https:\/\/i0.wp.com\/casadecampoliving.com\/wp-content\/uploads\/2022\/10\/IMG_5363.jpg?fit=1000%2C613&ssl=1&resize=700%2C400 2x"},"classes":[]},{"id":348562,"url":"https:\/\/casadecampoliving.com\/es\/exposicion-artistas-en-residencia-altos-de-chavon-otono-2015\/","url_meta":{"origin":547071,"position":5},"title":"Exposici\u00f3n de Artistas en Residencia en La Galer\u00eda de Altos de Chav\u00f3n este jueves","author":"Felix Guerrero","date":"17 Nov, 2015","format":false,"excerpt":"La Galer\u00eda Principal de Altos de Chav\u00f3n anuncia la exposici\u00f3n del\u00a0programa\u00a0\u201cArtistas en Residencia, Oto\u00f1o 2015\u201d, bajo la Fundaci\u00f3n Centro Cultural Altos de Chav\u00f3n, la cual ser\u00e1 oficialmente inaugurada con un coctel de apertura en La Galer\u00eda este jueves, 19 de noviembre, a las 6pm, con los artistas Alma Peguero, Tom\u00e1s\u2026","rel":"","context":"En \u00abAltos de Chavon @es\u00bb","block_context":{"text":"Altos de Chavon @es","link":"https:\/\/casadecampoliving.com\/category\/altos-de-chavon-es\/"},"img":{"alt_text":"AIR Header","src":"https:\/\/i0.wp.com\/casadecampoliving.com\/wp-content\/uploads\/2022\/10\/AIR-Header-1.jpg?fit=650%2C400&ssl=1&resize=350%2C200","width":350,"height":200,"srcset":"https:\/\/i0.wp.com\/casadecampoliving.com\/wp-content\/uploads\/2022\/10\/AIR-Header-1.jpg?fit=650%2C400&ssl=1&resize=350%2C200 1x, https:\/\/i0.wp.com\/casadecampoliving.com\/wp-content\/uploads\/2022\/10\/AIR-Header-1.jpg?fit=650%2C400&ssl=1&resize=525%2C300 1.5x"},"classes":[]}],"jetpack_sharing_enabled":true,"_links":{"self":[{"href":"https:\/\/casadecampoliving.com\/es\/wp-json\/wp\/v2\/posts\/547071","targetHints":{"allow":["GET"]}}],"collection":[{"href":"https:\/\/casadecampoliving.com\/es\/wp-json\/wp\/v2\/posts"}],"about":[{"href":"https:\/\/casadecampoliving.com\/es\/wp-json\/wp\/v2\/types\/post"}],"author":[{"embeddable":true,"href":"https:\/\/casadecampoliving.com\/es\/wp-json\/wp\/v2\/users\/36791"}],"replies":[{"embeddable":true,"href":"https:\/\/casadecampoliving.com\/es\/wp-json\/wp\/v2\/comments?post=547071"}],"version-history":[{"count":1,"href":"https:\/\/casadecampoliving.com\/es\/wp-json\/wp\/v2\/posts\/547071\/revisions"}],"predecessor-version":[{"id":547074,"href":"https:\/\/casadecampoliving.com\/es\/wp-json\/wp\/v2\/posts\/547071\/revisions\/547074"}],"wp:featuredmedia":[{"embeddable":true,"href":"https:\/\/casadecampoliving.com\/es\/wp-json\/wp\/v2\/media\/547057"}],"wp:attachment":[{"href":"https:\/\/casadecampoliving.com\/es\/wp-json\/wp\/v2\/media?parent=547071"}],"wp:term":[{"taxonomy":"category","embeddable":true,"href":"https:\/\/casadecampoliving.com\/es\/wp-json\/wp\/v2\/categories?post=547071"},{"taxonomy":"post_tag","embeddable":true,"href":"https:\/\/casadecampoliving.com\/es\/wp-json\/wp\/v2\/tags?post=547071"},{"taxonomy":"newspack_spnsrs_tax","embeddable":true,"href":"https:\/\/casadecampoliving.com\/es\/wp-json\/wp\/v2\/newspack_spnsrs_tax?post=547071"}],"curies":[{"name":"wp","href":"https:\/\/api.w.org\/{rel}","templated":true}]}}