{"id":546813,"date":"2025-10-13T17:30:00","date_gmt":"2025-10-13T21:30:00","guid":{"rendered":"https:\/\/casadecampoliving.com\/?p=546813"},"modified":"2025-12-23T21:36:15","modified_gmt":"2025-12-24T01:36:15","slug":"centro-medico-central-romana-primera-residencia-medicina-de-emergencias-la-romana","status":"publish","type":"post","link":"https:\/\/casadecampoliving.com\/es\/centro-medico-central-romana-primera-residencia-medicina-de-emergencias-la-romana\/","title":{"rendered":"Centro M\u00e9dico Central Romana Inicia la Primera Residencia en Medicina de Emergencias de La Romana"},"content":{"rendered":"\n<p class=\"has-drop-cap\"><strong>Centro M\u00e9dico Central Romana<\/strong> alcanz\u00f3 un hito largamente esperado para el sector salud en La Romana. El hospital lanz\u00f3 oficialmente su primer programa de residencia m\u00e9dica, convirti\u00e9ndose en el primer hospital docente de la provincia especializado en Medicina de Emergencias y Cuidados Cr\u00edticos.<\/p>\n\n\n\n<p>Aprobado por el Ministerio de Salud P\u00fablica, el programa recibe a cinco m\u00e9dicos residentes y representa un avance significativo en la formaci\u00f3n m\u00e9dica de la regi\u00f3n. Seg\u00fan el comunicado oficial, la residencia otorga t\u00edtulos acreditados a trav\u00e9s de la Universidad Central del Este.<\/p>\n\n\n\n<figure class=\"wp-block-image size-large\"><img data-recalc-dims=\"1\" loading=\"lazy\" decoding=\"async\" width=\"1024\" height=\"682\" src=\"https:\/\/i0.wp.com\/casadecampoliving.com\/wp-content\/uploads\/2025\/12\/Jose-Lopez-Larache-Foto-Centro-Medico-Central-Romana-1.jpeg?resize=1024%2C682&#038;ssl=1\" alt=\"\" class=\"wp-image-546808\" srcset=\"https:\/\/i0.wp.com\/casadecampoliving.com\/wp-content\/uploads\/2025\/12\/Jose-Lopez-Larache-Foto-Centro-Medico-Central-Romana-1.jpeg?resize=1024%2C682&amp;ssl=1 1024w, https:\/\/i0.wp.com\/casadecampoliving.com\/wp-content\/uploads\/2025\/12\/Jose-Lopez-Larache-Foto-Centro-Medico-Central-Romana-1.jpeg?resize=300%2C200&amp;ssl=1 300w, https:\/\/i0.wp.com\/casadecampoliving.com\/wp-content\/uploads\/2025\/12\/Jose-Lopez-Larache-Foto-Centro-Medico-Central-Romana-1.jpeg?resize=768%2C512&amp;ssl=1 768w, https:\/\/i0.wp.com\/casadecampoliving.com\/wp-content\/uploads\/2025\/12\/Jose-Lopez-Larache-Foto-Centro-Medico-Central-Romana-1.jpeg?resize=1536%2C1023&amp;ssl=1 1536w, https:\/\/i0.wp.com\/casadecampoliving.com\/wp-content\/uploads\/2025\/12\/Jose-Lopez-Larache-Foto-Centro-Medico-Central-Romana-1.jpeg?resize=1200%2C800&amp;ssl=1 1200w, https:\/\/i0.wp.com\/casadecampoliving.com\/wp-content\/uploads\/2025\/12\/Jose-Lopez-Larache-Foto-Centro-Medico-Central-Romana-1.jpeg?resize=780%2C520&amp;ssl=1 780w, https:\/\/i0.wp.com\/casadecampoliving.com\/wp-content\/uploads\/2025\/12\/Jose-Lopez-Larache-Foto-Centro-Medico-Central-Romana-1.jpeg?resize=400%2C267&amp;ssl=1 400w, https:\/\/i0.wp.com\/casadecampoliving.com\/wp-content\/uploads\/2025\/12\/Jose-Lopez-Larache-Foto-Centro-Medico-Central-Romana-1.jpeg?resize=1320%2C879&amp;ssl=1 1320w, https:\/\/i0.wp.com\/casadecampoliving.com\/wp-content\/uploads\/2025\/12\/Jose-Lopez-Larache-Foto-Centro-Medico-Central-Romana-1.jpeg?resize=150%2C100&amp;ssl=1 150w, https:\/\/i0.wp.com\/casadecampoliving.com\/wp-content\/uploads\/2025\/12\/Jose-Lopez-Larache-Foto-Centro-Medico-Central-Romana-1.jpeg?w=1600&amp;ssl=1 1600w, https:\/\/i0.wp.com\/casadecampoliving.com\/wp-content\/uploads\/2025\/12\/Jose-Lopez-Larache-Foto-Centro-Medico-Central-Romana-1-1024x682.jpeg?w=370&amp;ssl=1 370w\" sizes=\"auto, (max-width: 1000px) 100vw, 1000px\" \/><\/figure>\n\n\n\n<h3 class=\"wp-block-heading\">Una Primera Promoci\u00f3n Con Una Gran Misi\u00f3n<\/h3>\n\n\n\n<p>El grupo inaugural est\u00e1 integrado por los doctores Juana Rafaela Torres, Liliana Guzm\u00e1n, Francis P\u00e9rez, Mar\u00eda Can\u00f3 y Rayber Mercedes. Durante los pr\u00f3ximos cuatro a\u00f1os, los residentes completar\u00e1n un riguroso proceso de formaci\u00f3n enfocado en la atenci\u00f3n de emergencias, la toma de decisiones cr\u00edticas y el manejo de pacientes en situaciones de alta complejidad.<\/p>\n\n\n\n<p>\u201cDamos la bienvenida a este grupo de j\u00f3venes m\u00e9dicos a un hospital donde la \u00e9tica y la medicina basada en la evidencia gu\u00edan todo lo que hacemos\u201d, expres\u00f3 el doctor Jos\u00e9 L\u00f3pez Larache, vicepresidente de Salud de Central Romana, en un comunicado oficial. \u201cNuestro objetivo es brindar una atenci\u00f3n que sea t\u00e9cnicamente s\u00f3lida y profundamente humana\u201d.<\/p>\n\n\n\n<p>El doctor L\u00f3pez agreg\u00f3 que esta residencia hace realidad una visi\u00f3n planteada hace m\u00e1s de tres d\u00e9cadas por el entonces director m\u00e9dico, el doctor Francisco A. Gonzalvo, y respaldada de manera constante por la direcci\u00f3n de Central Romana.<\/p>\n\n\n\n<figure class=\"wp-block-image size-large\"><img data-recalc-dims=\"1\" loading=\"lazy\" decoding=\"async\" width=\"1024\" height=\"682\" src=\"https:\/\/i0.wp.com\/casadecampoliving.com\/wp-content\/uploads\/2025\/12\/Centro-Medico-Central-Romana-Presentacion-de-programa-de-residencia-medica-Foto-Centro-Medico-Central-Romana-1.jpeg?resize=1024%2C682&#038;ssl=1\" alt=\"\" class=\"wp-image-546804\" srcset=\"https:\/\/i0.wp.com\/casadecampoliving.com\/wp-content\/uploads\/2025\/12\/Centro-Medico-Central-Romana-Presentacion-de-programa-de-residencia-medica-Foto-Centro-Medico-Central-Romana-1.jpeg?resize=1024%2C682&amp;ssl=1 1024w, https:\/\/i0.wp.com\/casadecampoliving.com\/wp-content\/uploads\/2025\/12\/Centro-Medico-Central-Romana-Presentacion-de-programa-de-residencia-medica-Foto-Centro-Medico-Central-Romana-1.jpeg?resize=300%2C200&amp;ssl=1 300w, https:\/\/i0.wp.com\/casadecampoliving.com\/wp-content\/uploads\/2025\/12\/Centro-Medico-Central-Romana-Presentacion-de-programa-de-residencia-medica-Foto-Centro-Medico-Central-Romana-1.jpeg?resize=768%2C512&amp;ssl=1 768w, https:\/\/i0.wp.com\/casadecampoliving.com\/wp-content\/uploads\/2025\/12\/Centro-Medico-Central-Romana-Presentacion-de-programa-de-residencia-medica-Foto-Centro-Medico-Central-Romana-1.jpeg?resize=1536%2C1023&amp;ssl=1 1536w, https:\/\/i0.wp.com\/casadecampoliving.com\/wp-content\/uploads\/2025\/12\/Centro-Medico-Central-Romana-Presentacion-de-programa-de-residencia-medica-Foto-Centro-Medico-Central-Romana-1.jpeg?resize=1200%2C800&amp;ssl=1 1200w, https:\/\/i0.wp.com\/casadecampoliving.com\/wp-content\/uploads\/2025\/12\/Centro-Medico-Central-Romana-Presentacion-de-programa-de-residencia-medica-Foto-Centro-Medico-Central-Romana-1.jpeg?resize=780%2C520&amp;ssl=1 780w, https:\/\/i0.wp.com\/casadecampoliving.com\/wp-content\/uploads\/2025\/12\/Centro-Medico-Central-Romana-Presentacion-de-programa-de-residencia-medica-Foto-Centro-Medico-Central-Romana-1.jpeg?resize=400%2C267&amp;ssl=1 400w, https:\/\/i0.wp.com\/casadecampoliving.com\/wp-content\/uploads\/2025\/12\/Centro-Medico-Central-Romana-Presentacion-de-programa-de-residencia-medica-Foto-Centro-Medico-Central-Romana-1.jpeg?resize=1320%2C879&amp;ssl=1 1320w, https:\/\/i0.wp.com\/casadecampoliving.com\/wp-content\/uploads\/2025\/12\/Centro-Medico-Central-Romana-Presentacion-de-programa-de-residencia-medica-Foto-Centro-Medico-Central-Romana-1.jpeg?resize=150%2C100&amp;ssl=1 150w, https:\/\/i0.wp.com\/casadecampoliving.com\/wp-content\/uploads\/2025\/12\/Centro-Medico-Central-Romana-Presentacion-de-programa-de-residencia-medica-Foto-Centro-Medico-Central-Romana-1.jpeg?w=1600&amp;ssl=1 1600w, https:\/\/i0.wp.com\/casadecampoliving.com\/wp-content\/uploads\/2025\/12\/Centro-Medico-Central-Romana-Presentacion-de-programa-de-residencia-medica-Foto-Centro-Medico-Central-Romana-1-1024x682.jpeg?w=370&amp;ssl=1 370w\" sizes=\"auto, (max-width: 1000px) 100vw, 1000px\" \/><\/figure>\n\n\n\n<h3 class=\"wp-block-heading\">Dise\u00f1ada Para La Formaci\u00f3n En El Mundo Real<\/h3>\n\n\n\n<p>El programa de residencia est\u00e1 liderado por un equipo especializado integrado por el doctor Julio Anglada, jefe de Medicina de Emergencias; el doctor Tom\u00e1s Pacheco, director de Docencia; y la doctora Judith Rodr\u00edguez, coordinadora del programa.<\/p>\n\n\n\n<p>\u201cCentral Romana cuenta con la infraestructura y los recursos necesarios para funcionar como un hospital docente modelo\u201d, se\u00f1al\u00f3 el doctor Pacheco, destacando la tecnolog\u00eda m\u00e9dica avanzada, el personal cl\u00ednico multidisciplinario, el acceso a estudios de im\u00e1genes diagn\u00f3sticas y la cobertura presencial las 24 horas. Estas condiciones permiten que los residentes se formen en entornos hospitalarios reales, con una supervisi\u00f3n acad\u00e9mica constante.<\/p>\n\n\n\n<h3 class=\"wp-block-heading\">Colaboraci\u00f3n M\u00e1s All\u00e1 De Las Fronteras<\/h3>\n\n\n\n<p>Desde hace m\u00e1s de una d\u00e9cada, el Centro M\u00e9dico Central Romana mantiene una relaci\u00f3n de asesor\u00eda profesional con Baptist Hospital, en Florida. De acuerdo con el hospital, esta alianza ha contribuido al fortalecimiento de \u00e1reas clave como los servicios de emergencia, cuidados intensivos y pr\u00e1cticas de enfermer\u00eda.<\/p>\n\n\n\n<p>El nuevo programa de residencia se apoya en esa base, reforzando el papel del hospital como centro de referencia en atenci\u00f3n urgente y cr\u00edtica en la regi\u00f3n Este del pa\u00eds.<\/p>\n\n\n\n<figure class=\"wp-block-image size-large\"><img data-recalc-dims=\"1\" loading=\"lazy\" decoding=\"async\" width=\"1024\" height=\"682\" src=\"https:\/\/i0.wp.com\/casadecampoliving.com\/wp-content\/uploads\/2025\/12\/Centro-Medico-Central-Romana-Persnalidades-al-presentar-programa-de-residencia-medica-Foto-Centro-Medico-Central-Romana-1.jpeg?resize=1024%2C682&#038;ssl=1\" alt=\"\" class=\"wp-image-546806\" srcset=\"https:\/\/i0.wp.com\/casadecampoliving.com\/wp-content\/uploads\/2025\/12\/Centro-Medico-Central-Romana-Persnalidades-al-presentar-programa-de-residencia-medica-Foto-Centro-Medico-Central-Romana-1.jpeg?resize=1024%2C682&amp;ssl=1 1024w, https:\/\/i0.wp.com\/casadecampoliving.com\/wp-content\/uploads\/2025\/12\/Centro-Medico-Central-Romana-Persnalidades-al-presentar-programa-de-residencia-medica-Foto-Centro-Medico-Central-Romana-1.jpeg?resize=300%2C200&amp;ssl=1 300w, https:\/\/i0.wp.com\/casadecampoliving.com\/wp-content\/uploads\/2025\/12\/Centro-Medico-Central-Romana-Persnalidades-al-presentar-programa-de-residencia-medica-Foto-Centro-Medico-Central-Romana-1.jpeg?resize=768%2C512&amp;ssl=1 768w, https:\/\/i0.wp.com\/casadecampoliving.com\/wp-content\/uploads\/2025\/12\/Centro-Medico-Central-Romana-Persnalidades-al-presentar-programa-de-residencia-medica-Foto-Centro-Medico-Central-Romana-1.jpeg?resize=1536%2C1023&amp;ssl=1 1536w, https:\/\/i0.wp.com\/casadecampoliving.com\/wp-content\/uploads\/2025\/12\/Centro-Medico-Central-Romana-Persnalidades-al-presentar-programa-de-residencia-medica-Foto-Centro-Medico-Central-Romana-1.jpeg?resize=1200%2C800&amp;ssl=1 1200w, https:\/\/i0.wp.com\/casadecampoliving.com\/wp-content\/uploads\/2025\/12\/Centro-Medico-Central-Romana-Persnalidades-al-presentar-programa-de-residencia-medica-Foto-Centro-Medico-Central-Romana-1.jpeg?resize=780%2C520&amp;ssl=1 780w, https:\/\/i0.wp.com\/casadecampoliving.com\/wp-content\/uploads\/2025\/12\/Centro-Medico-Central-Romana-Persnalidades-al-presentar-programa-de-residencia-medica-Foto-Centro-Medico-Central-Romana-1.jpeg?resize=400%2C267&amp;ssl=1 400w, https:\/\/i0.wp.com\/casadecampoliving.com\/wp-content\/uploads\/2025\/12\/Centro-Medico-Central-Romana-Persnalidades-al-presentar-programa-de-residencia-medica-Foto-Centro-Medico-Central-Romana-1.jpeg?resize=1320%2C879&amp;ssl=1 1320w, https:\/\/i0.wp.com\/casadecampoliving.com\/wp-content\/uploads\/2025\/12\/Centro-Medico-Central-Romana-Persnalidades-al-presentar-programa-de-residencia-medica-Foto-Centro-Medico-Central-Romana-1.jpeg?resize=150%2C100&amp;ssl=1 150w, https:\/\/i0.wp.com\/casadecampoliving.com\/wp-content\/uploads\/2025\/12\/Centro-Medico-Central-Romana-Persnalidades-al-presentar-programa-de-residencia-medica-Foto-Centro-Medico-Central-Romana-1.jpeg?w=1600&amp;ssl=1 1600w, https:\/\/i0.wp.com\/casadecampoliving.com\/wp-content\/uploads\/2025\/12\/Centro-Medico-Central-Romana-Persnalidades-al-presentar-programa-de-residencia-medica-Foto-Centro-Medico-Central-Romana-1-1024x682.jpeg?w=370&amp;ssl=1 370w\" sizes=\"auto, (max-width: 1000px) 100vw, 1000px\" \/><\/figure>\n\n\n\n<h3 class=\"wp-block-heading\">Un nuevo cap\u00edtulo para una instituci\u00f3n centenaria<\/h3>\n\n\n\n<p>Fundado en 1912, Centro M\u00e9dico Central Romana ha brindado atenci\u00f3n a la comunidad de La Romana por m\u00e1s de 100 a\u00f1os. El hospital alberga el primer quir\u00f3fano inteligente Endo Alpha de la Rep\u00fablica Dominicana y la \u00fanica unidad de cuidados intensivos para pacientes quemados en la regi\u00f3n Este.<\/p>\n\n\n\n<p>Con cobertura m\u00e9dica las 24 horas \u2014que incluye cirujanos, anestesi\u00f3logos, especialistas intervencionistas, m\u00e9dicos familiares y gineco-obstetras\u2014 el hospital ha sido reconocido durante d\u00e9cadas por la calidad de su atenci\u00f3n de emergencias.<\/p>\n\n\n\n<p>Ahora, con su primer programa de residencia en marcha, el Centro M\u00e9dico Central Romana inicia una nueva etapa: la formaci\u00f3n de la pr\u00f3xima generaci\u00f3n de m\u00e9dicos especialistas en emergencias, mientras contin\u00faa cumpliendo su misi\u00f3n de cuidar a la comunidad a la que ha servido durante m\u00e1s de un siglo.<\/p>\n\n\n\n<p>*<em>Fotos y comunicado oficial cortes\u00eda de Central Romana Corporation<\/em><\/p>\n","protected":false},"excerpt":{"rendered":"<p>Centro M\u00e9dico Central Romana alcanz\u00f3 un hito largamente esperado para el sector salud en La Romana. El hospital lanz\u00f3 oficialmente su primer programa de residencia m\u00e9dica, convirti\u00e9ndose en el primer hospital docente de la provincia especializado en Medicina de Emergencias y Cuidados Cr\u00edticos. Aprobado por el Ministerio de Salud P\u00fablica, el programa recibe a cinco [&hellip;]<\/p>\n","protected":false},"author":36791,"featured_media":546811,"comment_status":"closed","ping_status":"closed","sticky":false,"template":"","format":"standard","meta":{"newspack_ads_suppress_ads":false,"newspack_popups_has_disabled_popups":false,"newspack_sponsor_sponsorship_scope":"","newspack_sponsor_native_byline_display":"inherit","newspack_sponsor_native_category_display":"inherit","newspack_sponsor_underwriter_style":"inherit","newspack_sponsor_underwriter_placement":"inherit","_newspack_byline_active":false,"_newspack_byline":"","newspack_hide_updated_date":false,"newspack_show_updated_date":false,"newspack_content_restriction_is_exempt":false,"newspack_featured_image_position":"large","newspack_post_subtitle":"El nuevo programa marca un hito en la formaci\u00f3n m\u00e9dica y fortalece la atenci\u00f3n cr\u00edtica a nivel local","newspack_article_summary_title":"Overview:","newspack_article_summary":"","_jetpack_memberships_contains_paid_content":false,"footnotes":"","jetpack_publicize_message":"","jetpack_publicize_feature_enabled":true,"jetpack_social_post_already_shared":false,"jetpack_social_options":{"image_generator_settings":{"template":"highway","default_image_id":0,"font":"","enabled":false},"version":2},"_wpas_customize_per_network":false},"categories":[2506,14625,2521,2527],"tags":[3862,4892,2717,14736,14542,3891],"newspack_spnsrs_tax":[],"class_list":["post-546813","post","type-post","status-publish","format-standard","has-post-thumbnail","hentry","category-mas-alla-de-casa-es","category-noticias-locales","category-republica-dominicana-2","category-salud","tag-central-romana-es","tag-central-romana-corporation-es","tag-centro-medico-central-romana","tag-featured-topview-es","tag-la-romana-es","tag-salud-2","entry"],"yoast_head":"<!-- This site is optimized with the Yoast SEO plugin v27.4 - https:\/\/yoast.com\/product\/yoast-seo-wordpress\/ -->\n<title>Centro M\u00e9dico Central Romana Inicia la Primera Residencia en Medicina de Emergencias de La Romana | Casa de Campo Living<\/title>\n<meta name=\"description\" content=\"Centro M\u00e9dico Central Romana alcanz\u00f3 un hito largamente esperado para el sector salud en La Romana. El hospital lanz\u00f3 oficialmente su primer programa de\" \/>\n<meta name=\"robots\" content=\"index, follow, max-snippet:-1, max-image-preview:large, max-video-preview:-1\" \/>\n<link rel=\"canonical\" href=\"https:\/\/casadecampoliving.com\/es\/centro-medico-central-romana-primera-residencia-medicina-de-emergencias-la-romana\/\" \/>\n<meta property=\"og:locale\" content=\"es_ES\" \/>\n<meta property=\"og:type\" content=\"article\" \/>\n<meta property=\"og:title\" content=\"Centro M\u00e9dico Central Romana Inicia la Primera Residencia en Medicina de Emergencias de La Romana | Casa de Campo Living\" \/>\n<meta property=\"og:description\" content=\"Centro M\u00e9dico Central Romana alcanz\u00f3 un hito largamente esperado para el sector salud en La Romana. El hospital lanz\u00f3 oficialmente su primer programa de\" \/>\n<meta property=\"og:url\" content=\"https:\/\/casadecampoliving.com\/es\/centro-medico-central-romana-primera-residencia-medicina-de-emergencias-la-romana\/\" \/>\n<meta property=\"og:site_name\" content=\"Casa de Campo Living\" \/>\n<meta property=\"article:publisher\" content=\"https:\/\/www.facebook.com\/casadecampoliving\" \/>\n<meta property=\"article:published_time\" content=\"2025-10-13T21:30:00+00:00\" \/>\n<meta property=\"article:modified_time\" content=\"2025-12-24T01:36:15+00:00\" \/>\n<meta property=\"og:image\" content=\"https:\/\/casadecampoliving.com\/wp-content\/uploads\/2025\/12\/Central-Romana-Centro-Medico-Jose-Lopez-Larache-junto-a-personalidades-Foto-Centro-Medico-Central-Romana-1.webp\" \/>\n\t<meta property=\"og:image:width\" content=\"2560\" \/>\n\t<meta property=\"og:image:height\" content=\"1706\" \/>\n\t<meta property=\"og:image:type\" content=\"image\/webp\" \/>\n<meta name=\"author\" content=\"Casa de Campo Living\" \/>\n<meta name=\"twitter:card\" content=\"summary_large_image\" \/>\n<meta name=\"twitter:creator\" content=\"@cdcliving\" \/>\n<meta name=\"twitter:site\" content=\"@cdcliving\" \/>\n<meta name=\"twitter:label1\" content=\"Escrito por\" \/>\n\t<meta name=\"twitter:data1\" content=\"Casa de Campo Living\" \/>\n\t<meta name=\"twitter:label2\" content=\"Tiempo de lectura\" \/>\n\t<meta name=\"twitter:data2\" content=\"4 minutos\" \/>\n<script type=\"application\/ld+json\" class=\"yoast-schema-graph\">{\"@context\":\"https:\\\/\\\/schema.org\",\"@graph\":[{\"@type\":\"Article\",\"@id\":\"https:\\\/\\\/casadecampoliving.com\\\/es\\\/centro-medico-central-romana-primera-residencia-medicina-de-emergencias-la-romana\\\/#article\",\"isPartOf\":{\"@id\":\"https:\\\/\\\/casadecampoliving.com\\\/es\\\/centro-medico-central-romana-primera-residencia-medicina-de-emergencias-la-romana\\\/\"},\"author\":{\"name\":\"Casa de Campo Living\",\"@id\":\"https:\\\/\\\/casadecampoliving.com\\\/es\\\/#\\\/schema\\\/person\\\/5d2171637a9d11e0e43ce6b8555f9422\"},\"headline\":\"Centro M\u00e9dico Central Romana Inicia la Primera Residencia en Medicina de Emergencias de La Romana\",\"datePublished\":\"2025-10-13T21:30:00+00:00\",\"dateModified\":\"2025-12-24T01:36:15+00:00\",\"mainEntityOfPage\":{\"@id\":\"https:\\\/\\\/casadecampoliving.com\\\/es\\\/centro-medico-central-romana-primera-residencia-medicina-de-emergencias-la-romana\\\/\"},\"wordCount\":669,\"publisher\":{\"@id\":\"https:\\\/\\\/casadecampoliving.com\\\/es\\\/#organization\"},\"image\":{\"@id\":\"https:\\\/\\\/casadecampoliving.com\\\/es\\\/centro-medico-central-romana-primera-residencia-medicina-de-emergencias-la-romana\\\/#primaryimage\"},\"thumbnailUrl\":\"https:\\\/\\\/i0.wp.com\\\/casadecampoliving.com\\\/wp-content\\\/uploads\\\/2025\\\/12\\\/Central-Romana-Centro-Medico-Jose-Lopez-Larache-junto-a-personalidades-Foto-Centro-Medico-Central-Romana-1.webp?fit=2560%2C1706&ssl=1\",\"keywords\":[\"central romana @es\",\"central romana corporation @es\",\"centro medico central romana\",\"Featured-TopView @es\",\"La Romana @es\",\"salud\"],\"articleSection\":[\"M\u00e1s all\u00e1 de Casa\",\"Noticias Locales\",\"Rep\u00fablica Dominicana @es\",\"Salud\"],\"inLanguage\":\"es\"},{\"@type\":\"WebPage\",\"@id\":\"https:\\\/\\\/casadecampoliving.com\\\/es\\\/centro-medico-central-romana-primera-residencia-medicina-de-emergencias-la-romana\\\/\",\"url\":\"https:\\\/\\\/casadecampoliving.com\\\/es\\\/centro-medico-central-romana-primera-residencia-medicina-de-emergencias-la-romana\\\/\",\"name\":\"Centro M\u00e9dico Central Romana Inicia la Primera Residencia en Medicina de Emergencias de La Romana | Casa de Campo Living\",\"isPartOf\":{\"@id\":\"https:\\\/\\\/casadecampoliving.com\\\/es\\\/#website\"},\"primaryImageOfPage\":{\"@id\":\"https:\\\/\\\/casadecampoliving.com\\\/es\\\/centro-medico-central-romana-primera-residencia-medicina-de-emergencias-la-romana\\\/#primaryimage\"},\"image\":{\"@id\":\"https:\\\/\\\/casadecampoliving.com\\\/es\\\/centro-medico-central-romana-primera-residencia-medicina-de-emergencias-la-romana\\\/#primaryimage\"},\"thumbnailUrl\":\"https:\\\/\\\/i0.wp.com\\\/casadecampoliving.com\\\/wp-content\\\/uploads\\\/2025\\\/12\\\/Central-Romana-Centro-Medico-Jose-Lopez-Larache-junto-a-personalidades-Foto-Centro-Medico-Central-Romana-1.webp?fit=2560%2C1706&ssl=1\",\"datePublished\":\"2025-10-13T21:30:00+00:00\",\"dateModified\":\"2025-12-24T01:36:15+00:00\",\"description\":\"Centro M\u00e9dico Central Romana alcanz\u00f3 un hito largamente esperado para el sector salud en La Romana. El hospital lanz\u00f3 oficialmente su primer programa de\",\"breadcrumb\":{\"@id\":\"https:\\\/\\\/casadecampoliving.com\\\/es\\\/centro-medico-central-romana-primera-residencia-medicina-de-emergencias-la-romana\\\/#breadcrumb\"},\"inLanguage\":\"es\",\"potentialAction\":[{\"@type\":\"ReadAction\",\"target\":[\"https:\\\/\\\/casadecampoliving.com\\\/es\\\/centro-medico-central-romana-primera-residencia-medicina-de-emergencias-la-romana\\\/\"]}]},{\"@type\":\"ImageObject\",\"inLanguage\":\"es\",\"@id\":\"https:\\\/\\\/casadecampoliving.com\\\/es\\\/centro-medico-central-romana-primera-residencia-medicina-de-emergencias-la-romana\\\/#primaryimage\",\"url\":\"https:\\\/\\\/i0.wp.com\\\/casadecampoliving.com\\\/wp-content\\\/uploads\\\/2025\\\/12\\\/Central-Romana-Centro-Medico-Jose-Lopez-Larache-junto-a-personalidades-Foto-Centro-Medico-Central-Romana-1.webp?fit=2560%2C1706&ssl=1\",\"contentUrl\":\"https:\\\/\\\/i0.wp.com\\\/casadecampoliving.com\\\/wp-content\\\/uploads\\\/2025\\\/12\\\/Central-Romana-Centro-Medico-Jose-Lopez-Larache-junto-a-personalidades-Foto-Centro-Medico-Central-Romana-1.webp?fit=2560%2C1706&ssl=1\",\"width\":2560,\"height\":1706},{\"@type\":\"BreadcrumbList\",\"@id\":\"https:\\\/\\\/casadecampoliving.com\\\/es\\\/centro-medico-central-romana-primera-residencia-medicina-de-emergencias-la-romana\\\/#breadcrumb\",\"itemListElement\":[{\"@type\":\"ListItem\",\"position\":1,\"name\":\"Home\",\"item\":\"https:\\\/\\\/casadecampoliving.com\\\/es\\\/\"},{\"@type\":\"ListItem\",\"position\":2,\"name\":\"Centro M\u00e9dico Central Romana Inicia la Primera Residencia en Medicina de Emergencias de La Romana\"}]},{\"@type\":\"WebSite\",\"@id\":\"https:\\\/\\\/casadecampoliving.com\\\/es\\\/#website\",\"url\":\"https:\\\/\\\/casadecampoliving.com\\\/es\\\/\",\"name\":\"Casa de Campo Living\",\"description\":\"Resort community news and resources.\",\"publisher\":{\"@id\":\"https:\\\/\\\/casadecampoliving.com\\\/es\\\/#organization\"},\"potentialAction\":[{\"@type\":\"SearchAction\",\"target\":{\"@type\":\"EntryPoint\",\"urlTemplate\":\"https:\\\/\\\/casadecampoliving.com\\\/es\\\/?s={search_term_string}\"},\"query-input\":{\"@type\":\"PropertyValueSpecification\",\"valueRequired\":true,\"valueName\":\"search_term_string\"}}],\"inLanguage\":\"es\"},{\"@type\":\"Organization\",\"@id\":\"https:\\\/\\\/casadecampoliving.com\\\/es\\\/#organization\",\"name\":\"Casa de Campo Living\",\"url\":\"https:\\\/\\\/casadecampoliving.com\\\/es\\\/\",\"logo\":{\"@type\":\"ImageObject\",\"inLanguage\":\"es\",\"@id\":\"https:\\\/\\\/casadecampoliving.com\\\/es\\\/#\\\/schema\\\/logo\\\/image\\\/\",\"url\":\"https:\\\/\\\/i0.wp.com\\\/casadecampoliving.com\\\/wp-content\\\/uploads\\\/2022\\\/07\\\/CDCLivingLogo_V1-white-sized.png?fit=800%2C214&ssl=1\",\"contentUrl\":\"https:\\\/\\\/i0.wp.com\\\/casadecampoliving.com\\\/wp-content\\\/uploads\\\/2022\\\/07\\\/CDCLivingLogo_V1-white-sized.png?fit=800%2C214&ssl=1\",\"width\":800,\"height\":214,\"caption\":\"Casa de Campo Living\"},\"image\":{\"@id\":\"https:\\\/\\\/casadecampoliving.com\\\/es\\\/#\\\/schema\\\/logo\\\/image\\\/\"},\"sameAs\":[\"https:\\\/\\\/www.facebook.com\\\/casadecampoliving\",\"https:\\\/\\\/x.com\\\/cdcliving\"]},{\"@type\":\"Person\",\"@id\":\"https:\\\/\\\/casadecampoliving.com\\\/es\\\/#\\\/schema\\\/person\\\/5d2171637a9d11e0e43ce6b8555f9422\",\"name\":\"Casa de Campo Living\",\"image\":{\"@type\":\"ImageObject\",\"inLanguage\":\"es\",\"@id\":\"https:\\\/\\\/secure.gravatar.com\\\/avatar\\\/d04101fa4a9fd431e939953b1500fdc7a73cd35029f86d98712fd8ccdaebaf9a?s=96&d=mm&r=g\",\"url\":\"https:\\\/\\\/secure.gravatar.com\\\/avatar\\\/d04101fa4a9fd431e939953b1500fdc7a73cd35029f86d98712fd8ccdaebaf9a?s=96&d=mm&r=g\",\"contentUrl\":\"https:\\\/\\\/secure.gravatar.com\\\/avatar\\\/d04101fa4a9fd431e939953b1500fdc7a73cd35029f86d98712fd8ccdaebaf9a?s=96&d=mm&r=g\",\"caption\":\"Casa de Campo Living\"},\"url\":\"https:\\\/\\\/casadecampoliving.com\\\/es\\\/author\\\/casa-de-campo-living\\\/\"}]}<\/script>\n<!-- \/ Yoast SEO plugin. -->","yoast_head_json":{"title":"Centro M\u00e9dico Central Romana Inicia la Primera Residencia en Medicina de Emergencias de La Romana | Casa de Campo Living","description":"Centro M\u00e9dico Central Romana alcanz\u00f3 un hito largamente esperado para el sector salud en La Romana. El hospital lanz\u00f3 oficialmente su primer programa de","robots":{"index":"index","follow":"follow","max-snippet":"max-snippet:-1","max-image-preview":"max-image-preview:large","max-video-preview":"max-video-preview:-1"},"canonical":"https:\/\/casadecampoliving.com\/es\/centro-medico-central-romana-primera-residencia-medicina-de-emergencias-la-romana\/","og_locale":"es_ES","og_type":"article","og_title":"Centro M\u00e9dico Central Romana Inicia la Primera Residencia en Medicina de Emergencias de La Romana | Casa de Campo Living","og_description":"Centro M\u00e9dico Central Romana alcanz\u00f3 un hito largamente esperado para el sector salud en La Romana. El hospital lanz\u00f3 oficialmente su primer programa de","og_url":"https:\/\/casadecampoliving.com\/es\/centro-medico-central-romana-primera-residencia-medicina-de-emergencias-la-romana\/","og_site_name":"Casa de Campo Living","article_publisher":"https:\/\/www.facebook.com\/casadecampoliving","article_published_time":"2025-10-13T21:30:00+00:00","article_modified_time":"2025-12-24T01:36:15+00:00","og_image":[{"width":2560,"height":1706,"url":"https:\/\/casadecampoliving.com\/wp-content\/uploads\/2025\/12\/Central-Romana-Centro-Medico-Jose-Lopez-Larache-junto-a-personalidades-Foto-Centro-Medico-Central-Romana-1.webp","type":"image\/webp"}],"author":"Casa de Campo Living","twitter_card":"summary_large_image","twitter_creator":"@cdcliving","twitter_site":"@cdcliving","twitter_misc":{"Escrito por":"Casa de Campo Living","Tiempo de lectura":"4 minutos"},"schema":{"@context":"https:\/\/schema.org","@graph":[{"@type":"Article","@id":"https:\/\/casadecampoliving.com\/es\/centro-medico-central-romana-primera-residencia-medicina-de-emergencias-la-romana\/#article","isPartOf":{"@id":"https:\/\/casadecampoliving.com\/es\/centro-medico-central-romana-primera-residencia-medicina-de-emergencias-la-romana\/"},"author":{"name":"Casa de Campo Living","@id":"https:\/\/casadecampoliving.com\/es\/#\/schema\/person\/5d2171637a9d11e0e43ce6b8555f9422"},"headline":"Centro M\u00e9dico Central Romana Inicia la Primera Residencia en Medicina de Emergencias de La Romana","datePublished":"2025-10-13T21:30:00+00:00","dateModified":"2025-12-24T01:36:15+00:00","mainEntityOfPage":{"@id":"https:\/\/casadecampoliving.com\/es\/centro-medico-central-romana-primera-residencia-medicina-de-emergencias-la-romana\/"},"wordCount":669,"publisher":{"@id":"https:\/\/casadecampoliving.com\/es\/#organization"},"image":{"@id":"https:\/\/casadecampoliving.com\/es\/centro-medico-central-romana-primera-residencia-medicina-de-emergencias-la-romana\/#primaryimage"},"thumbnailUrl":"https:\/\/i0.wp.com\/casadecampoliving.com\/wp-content\/uploads\/2025\/12\/Central-Romana-Centro-Medico-Jose-Lopez-Larache-junto-a-personalidades-Foto-Centro-Medico-Central-Romana-1.webp?fit=2560%2C1706&ssl=1","keywords":["central romana @es","central romana corporation @es","centro medico central romana","Featured-TopView @es","La Romana @es","salud"],"articleSection":["M\u00e1s all\u00e1 de Casa","Noticias Locales","Rep\u00fablica Dominicana @es","Salud"],"inLanguage":"es"},{"@type":"WebPage","@id":"https:\/\/casadecampoliving.com\/es\/centro-medico-central-romana-primera-residencia-medicina-de-emergencias-la-romana\/","url":"https:\/\/casadecampoliving.com\/es\/centro-medico-central-romana-primera-residencia-medicina-de-emergencias-la-romana\/","name":"Centro M\u00e9dico Central Romana Inicia la Primera Residencia en Medicina de Emergencias de La Romana | Casa de Campo Living","isPartOf":{"@id":"https:\/\/casadecampoliving.com\/es\/#website"},"primaryImageOfPage":{"@id":"https:\/\/casadecampoliving.com\/es\/centro-medico-central-romana-primera-residencia-medicina-de-emergencias-la-romana\/#primaryimage"},"image":{"@id":"https:\/\/casadecampoliving.com\/es\/centro-medico-central-romana-primera-residencia-medicina-de-emergencias-la-romana\/#primaryimage"},"thumbnailUrl":"https:\/\/i0.wp.com\/casadecampoliving.com\/wp-content\/uploads\/2025\/12\/Central-Romana-Centro-Medico-Jose-Lopez-Larache-junto-a-personalidades-Foto-Centro-Medico-Central-Romana-1.webp?fit=2560%2C1706&ssl=1","datePublished":"2025-10-13T21:30:00+00:00","dateModified":"2025-12-24T01:36:15+00:00","description":"Centro M\u00e9dico Central Romana alcanz\u00f3 un hito largamente esperado para el sector salud en La Romana. El hospital lanz\u00f3 oficialmente su primer programa de","breadcrumb":{"@id":"https:\/\/casadecampoliving.com\/es\/centro-medico-central-romana-primera-residencia-medicina-de-emergencias-la-romana\/#breadcrumb"},"inLanguage":"es","potentialAction":[{"@type":"ReadAction","target":["https:\/\/casadecampoliving.com\/es\/centro-medico-central-romana-primera-residencia-medicina-de-emergencias-la-romana\/"]}]},{"@type":"ImageObject","inLanguage":"es","@id":"https:\/\/casadecampoliving.com\/es\/centro-medico-central-romana-primera-residencia-medicina-de-emergencias-la-romana\/#primaryimage","url":"https:\/\/i0.wp.com\/casadecampoliving.com\/wp-content\/uploads\/2025\/12\/Central-Romana-Centro-Medico-Jose-Lopez-Larache-junto-a-personalidades-Foto-Centro-Medico-Central-Romana-1.webp?fit=2560%2C1706&ssl=1","contentUrl":"https:\/\/i0.wp.com\/casadecampoliving.com\/wp-content\/uploads\/2025\/12\/Central-Romana-Centro-Medico-Jose-Lopez-Larache-junto-a-personalidades-Foto-Centro-Medico-Central-Romana-1.webp?fit=2560%2C1706&ssl=1","width":2560,"height":1706},{"@type":"BreadcrumbList","@id":"https:\/\/casadecampoliving.com\/es\/centro-medico-central-romana-primera-residencia-medicina-de-emergencias-la-romana\/#breadcrumb","itemListElement":[{"@type":"ListItem","position":1,"name":"Home","item":"https:\/\/casadecampoliving.com\/es\/"},{"@type":"ListItem","position":2,"name":"Centro M\u00e9dico Central Romana Inicia la Primera Residencia en Medicina de Emergencias de La Romana"}]},{"@type":"WebSite","@id":"https:\/\/casadecampoliving.com\/es\/#website","url":"https:\/\/casadecampoliving.com\/es\/","name":"Casa de Campo Living","description":"Resort community news and resources.","publisher":{"@id":"https:\/\/casadecampoliving.com\/es\/#organization"},"potentialAction":[{"@type":"SearchAction","target":{"@type":"EntryPoint","urlTemplate":"https:\/\/casadecampoliving.com\/es\/?s={search_term_string}"},"query-input":{"@type":"PropertyValueSpecification","valueRequired":true,"valueName":"search_term_string"}}],"inLanguage":"es"},{"@type":"Organization","@id":"https:\/\/casadecampoliving.com\/es\/#organization","name":"Casa de Campo Living","url":"https:\/\/casadecampoliving.com\/es\/","logo":{"@type":"ImageObject","inLanguage":"es","@id":"https:\/\/casadecampoliving.com\/es\/#\/schema\/logo\/image\/","url":"https:\/\/i0.wp.com\/casadecampoliving.com\/wp-content\/uploads\/2022\/07\/CDCLivingLogo_V1-white-sized.png?fit=800%2C214&ssl=1","contentUrl":"https:\/\/i0.wp.com\/casadecampoliving.com\/wp-content\/uploads\/2022\/07\/CDCLivingLogo_V1-white-sized.png?fit=800%2C214&ssl=1","width":800,"height":214,"caption":"Casa de Campo Living"},"image":{"@id":"https:\/\/casadecampoliving.com\/es\/#\/schema\/logo\/image\/"},"sameAs":["https:\/\/www.facebook.com\/casadecampoliving","https:\/\/x.com\/cdcliving"]},{"@type":"Person","@id":"https:\/\/casadecampoliving.com\/es\/#\/schema\/person\/5d2171637a9d11e0e43ce6b8555f9422","name":"Casa de Campo Living","image":{"@type":"ImageObject","inLanguage":"es","@id":"https:\/\/secure.gravatar.com\/avatar\/d04101fa4a9fd431e939953b1500fdc7a73cd35029f86d98712fd8ccdaebaf9a?s=96&d=mm&r=g","url":"https:\/\/secure.gravatar.com\/avatar\/d04101fa4a9fd431e939953b1500fdc7a73cd35029f86d98712fd8ccdaebaf9a?s=96&d=mm&r=g","contentUrl":"https:\/\/secure.gravatar.com\/avatar\/d04101fa4a9fd431e939953b1500fdc7a73cd35029f86d98712fd8ccdaebaf9a?s=96&d=mm&r=g","caption":"Casa de Campo Living"},"url":"https:\/\/casadecampoliving.com\/es\/author\/casa-de-campo-living\/"}]}},"parsely":{"version":"1.1.0","canonical_url":"https:\/\/casadecampoliving.com\/es\/centro-medico-central-romana-primera-residencia-medicina-de-emergencias-la-romana\/","smart_links":{"inbound":0,"outbound":0},"traffic_boost_suggestions_count":0,"meta":{"@context":"https:\/\/schema.org","@type":"NewsArticle","headline":"Centro M\u00e9dico Central Romana Inicia la Primera Residencia en Medicina de Emergencias de La Romana","url":"http:\/\/casadecampoliving.com\/es\/centro-medico-central-romana-primera-residencia-medicina-de-emergencias-la-romana\/","mainEntityOfPage":{"@type":"WebPage","@id":"http:\/\/casadecampoliving.com\/es\/centro-medico-central-romana-primera-residencia-medicina-de-emergencias-la-romana\/"},"thumbnailUrl":"https:\/\/i0.wp.com\/casadecampoliving.com\/wp-content\/uploads\/2025\/12\/Central-Romana-Centro-Medico-Jose-Lopez-Larache-junto-a-personalidades-Foto-Centro-Medico-Central-Romana-1.webp?resize=150%2C150&ssl=1","image":{"@type":"ImageObject","url":"https:\/\/i0.wp.com\/casadecampoliving.com\/wp-content\/uploads\/2025\/12\/Central-Romana-Centro-Medico-Jose-Lopez-Larache-junto-a-personalidades-Foto-Centro-Medico-Central-Romana-1.webp?fit=2560%2C1706&ssl=1"},"articleSection":"M\u00e1s all\u00e1 de Casa","author":[{"@type":"Person","name":"Casa de Campo Living"}],"creator":["Casa de Campo Living"],"publisher":{"@type":"Organization","name":"Casa de Campo Living","logo":"https:\/\/casadecampoliving.com\/wp-content\/uploads\/2022\/07\/CDCLivingLogo_V1-white-sized.png"},"keywords":["central romana @es","central romana corporation @es","centro medico central romana","featured-topview @es","la romana @es","salud"],"dateCreated":"2025-10-13T21:30:00Z","datePublished":"2025-10-13T21:30:00Z","dateModified":"2025-12-24T01:36:15Z"},"rendered":"<script type=\"application\/ld+json\" class=\"wp-parsely-metadata\">{\"@context\":\"https:\\\/\\\/schema.org\",\"@type\":\"NewsArticle\",\"headline\":\"Centro M\\u00e9dico Central Romana Inicia la Primera Residencia en Medicina de Emergencias de La Romana\",\"url\":\"http:\\\/\\\/casadecampoliving.com\\\/es\\\/centro-medico-central-romana-primera-residencia-medicina-de-emergencias-la-romana\\\/\",\"mainEntityOfPage\":{\"@type\":\"WebPage\",\"@id\":\"http:\\\/\\\/casadecampoliving.com\\\/es\\\/centro-medico-central-romana-primera-residencia-medicina-de-emergencias-la-romana\\\/\"},\"thumbnailUrl\":\"https:\\\/\\\/i0.wp.com\\\/casadecampoliving.com\\\/wp-content\\\/uploads\\\/2025\\\/12\\\/Central-Romana-Centro-Medico-Jose-Lopez-Larache-junto-a-personalidades-Foto-Centro-Medico-Central-Romana-1.webp?resize=150%2C150&ssl=1\",\"image\":{\"@type\":\"ImageObject\",\"url\":\"https:\\\/\\\/i0.wp.com\\\/casadecampoliving.com\\\/wp-content\\\/uploads\\\/2025\\\/12\\\/Central-Romana-Centro-Medico-Jose-Lopez-Larache-junto-a-personalidades-Foto-Centro-Medico-Central-Romana-1.webp?fit=2560%2C1706&ssl=1\"},\"articleSection\":\"M\\u00e1s all\\u00e1 de Casa\",\"author\":[{\"@type\":\"Person\",\"name\":\"Casa de Campo Living\"}],\"creator\":[\"Casa de Campo Living\"],\"publisher\":{\"@type\":\"Organization\",\"name\":\"Casa de Campo Living\",\"logo\":\"https:\\\/\\\/casadecampoliving.com\\\/wp-content\\\/uploads\\\/2022\\\/07\\\/CDCLivingLogo_V1-white-sized.png\"},\"keywords\":[\"central romana @es\",\"central romana corporation @es\",\"centro medico central romana\",\"featured-topview @es\",\"la romana @es\",\"salud\"],\"dateCreated\":\"2025-10-13T21:30:00Z\",\"datePublished\":\"2025-10-13T21:30:00Z\",\"dateModified\":\"2025-12-24T01:36:15Z\"}<\/script>","tracker_url":"https:\/\/cdn.parsely.com\/keys\/casadecampoliving.com\/p.js"},"jetpack_publicize_connections":[],"jetpack_featured_media_url":"https:\/\/i0.wp.com\/casadecampoliving.com\/wp-content\/uploads\/2025\/12\/Central-Romana-Centro-Medico-Jose-Lopez-Larache-junto-a-personalidades-Foto-Centro-Medico-Central-Romana-1.webp?fit=2560%2C1706&ssl=1","jetpack-related-posts":[{"id":341325,"url":"https:\/\/casadecampoliving.com\/es\/entrevista-con-dr-jose-lopez-nosotros-somos-pioneros-en-medicina-critica-en-el-pais\/","url_meta":{"origin":546813,"position":0},"title":"Entrevista con Dr. Jos\u00e9 Lopez: \u00abNosotros somos pioneros, en medicina cr\u00edtica en el pa\u00eds.\u00bb","author":"Mairobi Herrera","date":"13 May, 2013","format":false,"excerpt":"Lo que m\u00e1s destaca al Hospital Central Romana es su servicio de emergencias las 24 horas del d\u00eda, los siete d\u00edas a la semana. As\u00ed lo expres\u00f3 en una entrevista a casadecampoliving.do el doctor Jos\u00e9 L\u00f3pez Larache director del hospital. L\u00f3pez resalt\u00f3 que el hospital tiene ambulancias preparadas y debidamente\u2026","rel":"","context":"En \u00abDeportes\u00bb","block_context":{"text":"Deportes","link":"https:\/\/casadecampoliving.com\/es\/category\/golf-deportes-es\/"},"img":{"alt_text":"","src":"https:\/\/i0.wp.com\/casadecampoliving.com\/wp-content\/uploads\/2022\/10\/central_romana_hospital6-1.jpg?fit=650%2C354&ssl=1&resize=350%2C200","width":350,"height":200,"srcset":"https:\/\/i0.wp.com\/casadecampoliving.com\/wp-content\/uploads\/2022\/10\/central_romana_hospital6-1.jpg?fit=650%2C354&ssl=1&resize=350%2C200 1x, https:\/\/i0.wp.com\/casadecampoliving.com\/wp-content\/uploads\/2022\/10\/central_romana_hospital6-1.jpg?fit=650%2C354&ssl=1&resize=525%2C300 1.5x"},"classes":[]},{"id":341483,"url":"https:\/\/casadecampoliving.com\/es\/operativo-medico-del-centro-medico-central-romana-finaliza-con-60-cirugias-de-manos-dirigidas-por-el-dr-edward-shaw-wilgins\/","url_meta":{"origin":546813,"position":1},"title":"Operativo M\u00e9dico del Centro M\u00e9dico Central Romana finaliza con 60 cirug\u00edas de manos dirigidas por el Dr. Edward Shaw Wilgins","author":"Mairobi Herrera","date":"20 May, 2013","format":false,"excerpt":"En el\u00a0 pasado operativo m\u00e9dico del Centro M\u00e9dico Central Romana, del 6 de mayo hasta el d\u00eda 10 de ese mismo mes, se realizaron 60 operaciones enfocadas en las manos a personas de escasos recursos. Dichas cirugias estuvieron encabezadas por por el destacado cirujano ortopeda en los Estados Unidos, el\u2026","rel":"","context":"En \u00abDeportes\u00bb","block_context":{"text":"Deportes","link":"https:\/\/casadecampoliving.com\/es\/category\/golf-deportes-es\/"},"img":{"alt_text":"","src":"https:\/\/i0.wp.com\/casadecampoliving.com\/wp-content\/uploads\/2022\/10\/operativo_medico_cr_doctores1.jpg?fit=650%2C432&ssl=1&resize=350%2C200","width":350,"height":200,"srcset":"https:\/\/i0.wp.com\/casadecampoliving.com\/wp-content\/uploads\/2022\/10\/operativo_medico_cr_doctores1.jpg?fit=650%2C432&ssl=1&resize=350%2C200 1x, https:\/\/i0.wp.com\/casadecampoliving.com\/wp-content\/uploads\/2022\/10\/operativo_medico_cr_doctores1.jpg?fit=650%2C432&ssl=1&resize=525%2C300 1.5x"},"classes":[]},{"id":346283,"url":"https:\/\/casadecampoliving.com\/es\/96-beneficiarios-de-transformadora-cirugia-en-el-centro-medico-central-romana\/","url_meta":{"origin":546813,"position":2},"title":"96 beneficiarios de transformadora cirug\u00eda en el Hospital Central Romana","author":"Rebecca Hughes","date":"15 Dic, 2014","format":false,"excerpt":"Se realiz\u00f3 con \u00e9xito el segundo operativo m\u00e9dico de cirug\u00edas de mano, en el Centro M\u00e9dico Central Romana, beneficiando, en conjunto con los pacientes del primer operativo, a un total de 96 personas de la zona Este y otras partes del pa\u00eds. Este operativo tiene ya m\u00e1s de una d\u00e9cada\u2026","rel":"","context":"En \u00abCasa de Campo Living @es\u00bb","block_context":{"text":"Casa de Campo Living @es","link":"https:\/\/casadecampoliving.com\/category\/casa-de-campo-living-es\/"},"img":{"alt_text":"","src":"https:\/\/i0.wp.com\/casadecampoliving.com\/wp-content\/uploads\/2022\/10\/Un-total-de-45-1.jpg?fit=1200%2C797&ssl=1&resize=350%2C200","width":350,"height":200,"srcset":"https:\/\/i0.wp.com\/casadecampoliving.com\/wp-content\/uploads\/2022\/10\/Un-total-de-45-1.jpg?fit=1200%2C797&ssl=1&resize=350%2C200 1x, https:\/\/i0.wp.com\/casadecampoliving.com\/wp-content\/uploads\/2022\/10\/Un-total-de-45-1.jpg?fit=1200%2C797&ssl=1&resize=525%2C300 1.5x, https:\/\/i0.wp.com\/casadecampoliving.com\/wp-content\/uploads\/2022\/10\/Un-total-de-45-1.jpg?fit=1200%2C797&ssl=1&resize=700%2C400 2x, https:\/\/i0.wp.com\/casadecampoliving.com\/wp-content\/uploads\/2022\/10\/Un-total-de-45-1.jpg?fit=1200%2C797&ssl=1&resize=1050%2C600 3x"},"classes":[]},{"id":343956,"url":"https:\/\/casadecampoliving.com\/es\/premio-nobel\/","url_meta":{"origin":546813,"position":3},"title":"Ganador de Premio Nobel Dr. Jim Rothman visita Casa de Campo","author":"Perkin Agramonte","date":"28 Feb, 2014","format":false,"excerpt":"Recientemente Casa de Campo fue honrado con la visita de un hu\u00e9sped muy especial \u2013 Dr. Jim Rothman \u2013 ganador de un Premio Nobel 2013. El Dr. Jim Rothman gan\u00f3 el Premio Nobel en Fisiolog\u00eda o Medicina 2013 afiliado a la Universidad de Yale. El Premio Nobel lo gan\u00f3 junto\u2026","rel":"","context":"En \u00abCelebridades\u00bb","block_context":{"text":"Celebridades","link":"https:\/\/casadecampoliving.com\/es\/category\/celebridades-es\/"},"img":{"alt_text":"Ramon Menendez Dr. Jim Rothman","src":"https:\/\/i0.wp.com\/casadecampoliving.com\/wp-content\/uploads\/2022\/10\/Ramon_menendez_dr.jim-rothman1-1.jpg?fit=650%2C362&ssl=1&resize=350%2C200","width":350,"height":200,"srcset":"https:\/\/i0.wp.com\/casadecampoliving.com\/wp-content\/uploads\/2022\/10\/Ramon_menendez_dr.jim-rothman1-1.jpg?fit=650%2C362&ssl=1&resize=350%2C200 1x, https:\/\/i0.wp.com\/casadecampoliving.com\/wp-content\/uploads\/2022\/10\/Ramon_menendez_dr.jim-rothman1-1.jpg?fit=650%2C362&ssl=1&resize=525%2C300 1.5x"},"classes":[]},{"id":337451,"url":"https:\/\/casadecampoliving.com\/es\/presidente-leonel-fernandez-inaugura-el-nuevo-y-moderno-centro-medico-de-central-romana\/","url_meta":{"origin":546813,"position":4},"title":"Presidente Leonel Fernandez inaugura el nuevo y moderno Centro M\u00e9dico de Central Romana","author":"Rebecca Silvestri","date":"22 Nov, 2011","format":false,"excerpt":"Ayer, el 21 de noviembre 2011, a un costo superior a los Mil Doscientos Millones de Pesos la empresa Central Romana Corporation inaugur\u00f3 un moderno Centro M\u00e9dico con la presencia del Presidente doctor Leonel Fernandez Reyna. El nuevo edificio\u00a0hospitalario, el Centro M\u00e9dico de Central Romana La actividad estuvo encabezada por\u2026","rel":"","context":"En \u00abDestacados\u00bb","block_context":{"text":"Destacados","link":"https:\/\/casadecampoliving.com\/es\/category\/destacados\/"},"img":{"alt_text":"leonel fernandez centro medico central romana","src":"https:\/\/i0.wp.com\/casadecampoliving.com\/wp-content\/uploads\/2011\/11\/Leonel-Fern%C3%A1ndez_Centro_Medico_Central_Romana.jpg?resize=350%2C200&ssl=1","width":350,"height":200,"srcset":"https:\/\/i0.wp.com\/casadecampoliving.com\/wp-content\/uploads\/2011\/11\/Leonel-Fern%C3%A1ndez_Centro_Medico_Central_Romana.jpg?resize=350%2C200&ssl=1 1x, https:\/\/i0.wp.com\/casadecampoliving.com\/wp-content\/uploads\/2011\/11\/Leonel-Fern%C3%A1ndez_Centro_Medico_Central_Romana.jpg?resize=525%2C300&ssl=1 1.5x"},"classes":[]},{"id":342844,"url":"https:\/\/casadecampoliving.com\/es\/introducing-el-centro-de-salud-global-en-la-clinica-de-familia-la-romana\/","url_meta":{"origin":546813,"position":5},"title":"Conozca el Centro de Salud Global en la Cl\u00ednica de Familia La Romana","author":"Rebecca Silvestri","date":"10 Sep, 2013","format":false,"excerpt":"Dentro del \u00e1rea metropolitana de La Romana, a la cual Casa de Campo pertenece, hay muchas instituciones que trabajan de una manera ardua para la comunidad. Aqu\u00ed te presentamos el Centro de Salud Global, que es parte de Cl\u00ednica de Familia en La Romana. Cl\u00ednica de Familia es una organizaci\u00f3n\u2026","rel":"","context":"En \u00abDeportes\u00bb","block_context":{"text":"Deportes","link":"https:\/\/casadecampoliving.com\/es\/category\/golf-deportes-es\/"},"img":{"alt_text":"Clinica de Familia La Romana","src":"https:\/\/i0.wp.com\/casadecampoliving.com\/wp-content\/uploads\/2022\/10\/clinica_de_familia_la_romana-3.jpg?fit=650%2C411&ssl=1&resize=350%2C200","width":350,"height":200,"srcset":"https:\/\/i0.wp.com\/casadecampoliving.com\/wp-content\/uploads\/2022\/10\/clinica_de_familia_la_romana-3.jpg?fit=650%2C411&ssl=1&resize=350%2C200 1x, https:\/\/i0.wp.com\/casadecampoliving.com\/wp-content\/uploads\/2022\/10\/clinica_de_familia_la_romana-3.jpg?fit=650%2C411&ssl=1&resize=525%2C300 1.5x"},"classes":[]}],"jetpack_sharing_enabled":true,"_links":{"self":[{"href":"https:\/\/casadecampoliving.com\/es\/wp-json\/wp\/v2\/posts\/546813","targetHints":{"allow":["GET"]}}],"collection":[{"href":"https:\/\/casadecampoliving.com\/es\/wp-json\/wp\/v2\/posts"}],"about":[{"href":"https:\/\/casadecampoliving.com\/es\/wp-json\/wp\/v2\/types\/post"}],"author":[{"embeddable":true,"href":"https:\/\/casadecampoliving.com\/es\/wp-json\/wp\/v2\/users\/36791"}],"replies":[{"embeddable":true,"href":"https:\/\/casadecampoliving.com\/es\/wp-json\/wp\/v2\/comments?post=546813"}],"version-history":[{"count":1,"href":"https:\/\/casadecampoliving.com\/es\/wp-json\/wp\/v2\/posts\/546813\/revisions"}],"predecessor-version":[{"id":546814,"href":"https:\/\/casadecampoliving.com\/es\/wp-json\/wp\/v2\/posts\/546813\/revisions\/546814"}],"wp:featuredmedia":[{"embeddable":true,"href":"https:\/\/casadecampoliving.com\/es\/wp-json\/wp\/v2\/media\/546811"}],"wp:attachment":[{"href":"https:\/\/casadecampoliving.com\/es\/wp-json\/wp\/v2\/media?parent=546813"}],"wp:term":[{"taxonomy":"category","embeddable":true,"href":"https:\/\/casadecampoliving.com\/es\/wp-json\/wp\/v2\/categories?post=546813"},{"taxonomy":"post_tag","embeddable":true,"href":"https:\/\/casadecampoliving.com\/es\/wp-json\/wp\/v2\/tags?post=546813"},{"taxonomy":"newspack_spnsrs_tax","embeddable":true,"href":"https:\/\/casadecampoliving.com\/es\/wp-json\/wp\/v2\/newspack_spnsrs_tax?post=546813"}],"curies":[{"name":"wp","href":"https:\/\/api.w.org\/{rel}","templated":true}]}}