{"id":546738,"date":"2025-02-25T11:40:36","date_gmt":"2025-02-25T15:40:36","guid":{"rendered":"https:\/\/casadecampoliving.com\/?p=546738"},"modified":"2025-12-22T17:20:41","modified_gmt":"2025-12-22T21:20:41","slug":"proximamente-magical-splendor-gala-2025","status":"publish","type":"post","link":"https:\/\/casadecampoliving.com\/es\/proximamente-magical-splendor-gala-2025\/","title":{"rendered":"Pr\u00f3ximamente: Magical Splendor Gala 2025"},"content":{"rendered":"\n<p>Casa de Campo vuelve a desplegar la alfombra roja para uno de los eventos m\u00e1s deslumbrantes y filantr\u00f3picos del a\u00f1o: el Magical Splendor Gala 2025. Anfitrionada por Alfy y Raysa Fanjul, en apoyo de la Fundaci\u00f3n MIR, esta velada anual re\u00fane moda, celebraci\u00f3n y recaudaci\u00f3n de fondos en un entorno tan impactante como la causa que respalda. Marca tu calendario para el s\u00e1bado 8 de marzo de 2025: es un evento que no querr\u00e1s perderte.<\/p>\n\n\n\n<figure class=\"wp-block-image size-large\"><img data-recalc-dims=\"1\" loading=\"lazy\" decoding=\"async\" width=\"1024\" height=\"683\" src=\"https:\/\/i0.wp.com\/casadecampoliving.com\/wp-content\/uploads\/2024\/03\/2024-MIR-Splendor-Gala-Golf-9.jpg?resize=1024%2C683&#038;ssl=1\" alt=\"\" class=\"wp-image-528338\" srcset=\"https:\/\/i0.wp.com\/casadecampoliving.com\/wp-content\/uploads\/2024\/03\/2024-MIR-Splendor-Gala-Golf-9.jpg?resize=1024%2C683&amp;ssl=1 1024w, https:\/\/i0.wp.com\/casadecampoliving.com\/wp-content\/uploads\/2024\/03\/2024-MIR-Splendor-Gala-Golf-9.jpg?resize=300%2C200&amp;ssl=1 300w, https:\/\/i0.wp.com\/casadecampoliving.com\/wp-content\/uploads\/2024\/03\/2024-MIR-Splendor-Gala-Golf-9.jpg?resize=768%2C512&amp;ssl=1 768w, https:\/\/i0.wp.com\/casadecampoliving.com\/wp-content\/uploads\/2024\/03\/2024-MIR-Splendor-Gala-Golf-9.jpg?resize=400%2C267&amp;ssl=1 400w, https:\/\/i0.wp.com\/casadecampoliving.com\/wp-content\/uploads\/2024\/03\/2024-MIR-Splendor-Gala-Golf-9.jpg?resize=150%2C100&amp;ssl=1 150w, https:\/\/i0.wp.com\/casadecampoliving.com\/wp-content\/uploads\/2024\/03\/2024-MIR-Splendor-Gala-Golf-9.jpg?w=1200&amp;ssl=1 1200w, https:\/\/i0.wp.com\/casadecampoliving.com\/wp-content\/uploads\/2024\/03\/2024-MIR-Splendor-Gala-Golf-9-1024x683.jpg?w=370&amp;ssl=1 370w\" sizes=\"auto, (max-width: 1000px) 100vw, 1000px\" \/><\/figure>\n\n\n\n<h2 class=\"wp-block-heading\"><strong>Un D\u00eda en el Green<\/strong><\/h2>\n\n\n\n<p>Las actividades comienzan temprano con el <strong>Magical Splendor Golf Tournament<\/strong> en el La Romana Country Club. A partir de las 8:00 a.m., los golfistas saldr\u00e1n al campo para una competencia amistosa en uno de los campos m\u00e1s destacados de Casa de Campo. Ya seas un jugador experimentado o simplemente participes por el buen ambiente y la excelente compa\u00f1\u00eda, el torneo promete una ma\u00f1ana llena de emoci\u00f3n, todo por una causa extraordinaria.<\/p>\n\n\n\n<h2 class=\"wp-block-heading\"><strong>Una Noche de Moda y Filantrop\u00eda<\/strong><\/h2>\n\n\n\n<figure class=\"wp-block-image size-large\"><img data-recalc-dims=\"1\" loading=\"lazy\" decoding=\"async\" width=\"1024\" height=\"683\" src=\"https:\/\/i0.wp.com\/casadecampoliving.com\/wp-content\/uploads\/2024\/03\/Naeem-Khan-MIR-Splendor-Gala-2024-2.jpg?resize=1024%2C683&#038;ssl=1\" alt=\"\" class=\"wp-image-528663\" srcset=\"https:\/\/i0.wp.com\/casadecampoliving.com\/wp-content\/uploads\/2024\/03\/Naeem-Khan-MIR-Splendor-Gala-2024-2.jpg?resize=1024%2C683&amp;ssl=1 1024w, https:\/\/i0.wp.com\/casadecampoliving.com\/wp-content\/uploads\/2024\/03\/Naeem-Khan-MIR-Splendor-Gala-2024-2.jpg?resize=300%2C200&amp;ssl=1 300w, https:\/\/i0.wp.com\/casadecampoliving.com\/wp-content\/uploads\/2024\/03\/Naeem-Khan-MIR-Splendor-Gala-2024-2.jpg?resize=768%2C512&amp;ssl=1 768w, https:\/\/i0.wp.com\/casadecampoliving.com\/wp-content\/uploads\/2024\/03\/Naeem-Khan-MIR-Splendor-Gala-2024-2.jpg?resize=400%2C267&amp;ssl=1 400w, https:\/\/i0.wp.com\/casadecampoliving.com\/wp-content\/uploads\/2024\/03\/Naeem-Khan-MIR-Splendor-Gala-2024-2.jpg?resize=150%2C100&amp;ssl=1 150w, https:\/\/i0.wp.com\/casadecampoliving.com\/wp-content\/uploads\/2024\/03\/Naeem-Khan-MIR-Splendor-Gala-2024-2.jpg?w=1200&amp;ssl=1 1200w, https:\/\/i0.wp.com\/casadecampoliving.com\/wp-content\/uploads\/2024\/03\/Naeem-Khan-MIR-Splendor-Gala-2024-2-1024x683.jpg?w=370&amp;ssl=1 370w\" sizes=\"auto, (max-width: 1000px) 100vw, 1000px\" \/><\/figure>\n\n\n\n<p>Con la puesta del sol, llega el momento de cambiar los palos de golf por el glamour. El evento principal de la noche comienza con un c\u00f3ctel de bienvenida a las 8:00 p.m. en la impresionante <strong>Casa Grande<\/strong>, dando inicio a una velada inolvidable. Este a\u00f1o, la gala contar\u00e1 con el regreso del legendario <strong>Naeem Khan<\/strong>, cuyas creaciones de alta costura han desfilado por pasarelas y alfombras rojas de todo el mundo. Se espera una presentaci\u00f3n impactante, de elegancia y artesan\u00eda, con su colecci\u00f3n m\u00e1s reciente como protagonista.<\/p>\n\n\n\n<p>Pero la noche no gira \u00fanicamente en torno a la moda: se trata de contribuir. Los invitados disfrutar\u00e1n de una exquisita cena, baile animado y m\u00faltiples oportunidades para apoyar la misi\u00f3n de Fundaci\u00f3n MIR de brindar educaci\u00f3n y recursos a ni\u00f1os y familias en situaci\u00f3n de necesidad.<\/p>\n\n\n\n<figure class=\"wp-block-image size-large\"><img data-recalc-dims=\"1\" loading=\"lazy\" decoding=\"async\" width=\"1024\" height=\"682\" src=\"https:\/\/i0.wp.com\/casadecampoliving.com\/wp-content\/uploads\/2024\/03\/2024-Fundacion-MIR-Splendor-Gala-22.jpg?resize=1024%2C682&#038;ssl=1\" alt=\"\" class=\"wp-image-528585\" srcset=\"https:\/\/i0.wp.com\/casadecampoliving.com\/wp-content\/uploads\/2024\/03\/2024-Fundacion-MIR-Splendor-Gala-22.jpg?resize=1024%2C682&amp;ssl=1 1024w, https:\/\/i0.wp.com\/casadecampoliving.com\/wp-content\/uploads\/2024\/03\/2024-Fundacion-MIR-Splendor-Gala-22.jpg?resize=300%2C200&amp;ssl=1 300w, https:\/\/i0.wp.com\/casadecampoliving.com\/wp-content\/uploads\/2024\/03\/2024-Fundacion-MIR-Splendor-Gala-22.jpg?resize=768%2C512&amp;ssl=1 768w, https:\/\/i0.wp.com\/casadecampoliving.com\/wp-content\/uploads\/2024\/03\/2024-Fundacion-MIR-Splendor-Gala-22.jpg?resize=1536%2C1024&amp;ssl=1 1536w, https:\/\/i0.wp.com\/casadecampoliving.com\/wp-content\/uploads\/2024\/03\/2024-Fundacion-MIR-Splendor-Gala-22.jpg?resize=1200%2C800&amp;ssl=1 1200w, https:\/\/i0.wp.com\/casadecampoliving.com\/wp-content\/uploads\/2024\/03\/2024-Fundacion-MIR-Splendor-Gala-22.jpg?resize=1568%2C1045&amp;ssl=1 1568w, https:\/\/i0.wp.com\/casadecampoliving.com\/wp-content\/uploads\/2024\/03\/2024-Fundacion-MIR-Splendor-Gala-22.jpg?resize=400%2C267&amp;ssl=1 400w, https:\/\/i0.wp.com\/casadecampoliving.com\/wp-content\/uploads\/2024\/03\/2024-Fundacion-MIR-Splendor-Gala-22.jpg?resize=1320%2C880&amp;ssl=1 1320w, https:\/\/i0.wp.com\/casadecampoliving.com\/wp-content\/uploads\/2024\/03\/2024-Fundacion-MIR-Splendor-Gala-22.jpg?resize=150%2C100&amp;ssl=1 150w, https:\/\/i0.wp.com\/casadecampoliving.com\/wp-content\/uploads\/2024\/03\/2024-Fundacion-MIR-Splendor-Gala-22.jpg?w=2000&amp;ssl=1 2000w, https:\/\/i0.wp.com\/casadecampoliving.com\/wp-content\/uploads\/2024\/03\/2024-Fundacion-MIR-Splendor-Gala-22-1024x682.jpg?w=370&amp;ssl=1 370w\" sizes=\"auto, (max-width: 1000px) 100vw, 1000px\" \/><\/figure>\n\n\n\n<h2 class=\"wp-block-heading\"><strong><strong>Por Qu\u00e9 No Te Lo Puedes Perder<\/strong><\/strong><\/h2>\n\n\n\n<p>La Magical Splendor Gala no es solo una salida nocturna m\u00e1s: es una experiencia. Es el punto de encuentro entre la moda de clase mundial y la filantrop\u00eda transformadora. Es donde los swings de golf se convierten en becas y los c\u00f3cteles en aulas. Y, seamos sinceros, \u00bfqui\u00e9n no querr\u00eda presenciar un desfile de Naeem Khan mientras brinda con champ\u00e1n bajo las estrellas del Caribe?<\/p>\n\n\n\n<p>As\u00ed que prepara tu mejor atuendo de noche, afina tu swing y al\u00edstate para una velada de estilo, celebraci\u00f3n e impacto social.<\/p>\n\n\n\n<figure class=\"wp-block-image size-large\"><img data-recalc-dims=\"1\" loading=\"lazy\" decoding=\"async\" width=\"1024\" height=\"682\" src=\"https:\/\/i0.wp.com\/casadecampoliving.com\/wp-content\/uploads\/2024\/03\/2024-Fundacion-MIR-Splendor-Gala-51.jpg?resize=1024%2C682&#038;ssl=1\" alt=\"\" class=\"wp-image-528513\" srcset=\"https:\/\/i0.wp.com\/casadecampoliving.com\/wp-content\/uploads\/2024\/03\/2024-Fundacion-MIR-Splendor-Gala-51.jpg?resize=1024%2C682&amp;ssl=1 1024w, https:\/\/i0.wp.com\/casadecampoliving.com\/wp-content\/uploads\/2024\/03\/2024-Fundacion-MIR-Splendor-Gala-51.jpg?resize=300%2C200&amp;ssl=1 300w, https:\/\/i0.wp.com\/casadecampoliving.com\/wp-content\/uploads\/2024\/03\/2024-Fundacion-MIR-Splendor-Gala-51.jpg?resize=768%2C512&amp;ssl=1 768w, https:\/\/i0.wp.com\/casadecampoliving.com\/wp-content\/uploads\/2024\/03\/2024-Fundacion-MIR-Splendor-Gala-51.jpg?resize=1536%2C1024&amp;ssl=1 1536w, https:\/\/i0.wp.com\/casadecampoliving.com\/wp-content\/uploads\/2024\/03\/2024-Fundacion-MIR-Splendor-Gala-51.jpg?resize=1200%2C800&amp;ssl=1 1200w, https:\/\/i0.wp.com\/casadecampoliving.com\/wp-content\/uploads\/2024\/03\/2024-Fundacion-MIR-Splendor-Gala-51.jpg?resize=1568%2C1045&amp;ssl=1 1568w, https:\/\/i0.wp.com\/casadecampoliving.com\/wp-content\/uploads\/2024\/03\/2024-Fundacion-MIR-Splendor-Gala-51.jpg?resize=400%2C267&amp;ssl=1 400w, https:\/\/i0.wp.com\/casadecampoliving.com\/wp-content\/uploads\/2024\/03\/2024-Fundacion-MIR-Splendor-Gala-51.jpg?resize=1320%2C880&amp;ssl=1 1320w, https:\/\/i0.wp.com\/casadecampoliving.com\/wp-content\/uploads\/2024\/03\/2024-Fundacion-MIR-Splendor-Gala-51.jpg?resize=150%2C100&amp;ssl=1 150w, https:\/\/i0.wp.com\/casadecampoliving.com\/wp-content\/uploads\/2024\/03\/2024-Fundacion-MIR-Splendor-Gala-51.jpg?w=2000&amp;ssl=1 2000w, https:\/\/i0.wp.com\/casadecampoliving.com\/wp-content\/uploads\/2024\/03\/2024-Fundacion-MIR-Splendor-Gala-51-1024x682.jpg?w=370&amp;ssl=1 370w\" sizes=\"auto, (max-width: 1000px) 100vw, 1000px\" \/><\/figure>\n\n\n\n<h2 class=\"wp-block-heading\"><strong><strong>C\u00f3mo Unirte a la Magia<\/strong><\/strong><\/h2>\n\n\n\n<p>Para reservar tu lugar en la <strong>Magical Splendor Gala 2025<\/strong>, confirma tu asistencia escribiendo a <strong><a href=\"mailto:info@fundacionmir.org\">info@<\/a><a href=\"mailto:info@fundacionmir.org\" target=\"_blank\" rel=\"noreferrer noopener nofollow\">fundacionmir<\/a><a href=\"mailto:info@fundacionmir.org\">.org<\/a><\/strong> o llamando al <strong>(RD) 809.523.8270 | (EE. UU.) 561.366.5092<\/strong>.<\/p>\n\n\n\n<p>\u00a1Nos vemos en la pasarela\u2026 o en el fairway!<\/p>\n\n\n\n<figure class=\"wp-block-image size-large\"><img data-recalc-dims=\"1\" loading=\"lazy\" decoding=\"async\" width=\"1024\" height=\"1024\" src=\"https:\/\/i0.wp.com\/casadecampoliving.com\/wp-content\/uploads\/2025\/02\/SAVE-THE-DATE-Alfy-Raysa-Fanjul-MAGICAL-SPLENDOR-GALA-2025.jpg?resize=1024%2C1024&#038;ssl=1\" alt=\"\" class=\"wp-image-538235\" srcset=\"https:\/\/i0.wp.com\/casadecampoliving.com\/wp-content\/uploads\/2025\/02\/SAVE-THE-DATE-Alfy-Raysa-Fanjul-MAGICAL-SPLENDOR-GALA-2025.jpg?resize=1024%2C1024&amp;ssl=1 1024w, https:\/\/i0.wp.com\/casadecampoliving.com\/wp-content\/uploads\/2025\/02\/SAVE-THE-DATE-Alfy-Raysa-Fanjul-MAGICAL-SPLENDOR-GALA-2025.jpg?resize=300%2C300&amp;ssl=1 300w, https:\/\/i0.wp.com\/casadecampoliving.com\/wp-content\/uploads\/2025\/02\/SAVE-THE-DATE-Alfy-Raysa-Fanjul-MAGICAL-SPLENDOR-GALA-2025.jpg?resize=150%2C150&amp;ssl=1 150w, https:\/\/i0.wp.com\/casadecampoliving.com\/wp-content\/uploads\/2025\/02\/SAVE-THE-DATE-Alfy-Raysa-Fanjul-MAGICAL-SPLENDOR-GALA-2025.jpg?resize=768%2C768&amp;ssl=1 768w, https:\/\/i0.wp.com\/casadecampoliving.com\/wp-content\/uploads\/2025\/02\/SAVE-THE-DATE-Alfy-Raysa-Fanjul-MAGICAL-SPLENDOR-GALA-2025.jpg?resize=800%2C800&amp;ssl=1 800w, https:\/\/i0.wp.com\/casadecampoliving.com\/wp-content\/uploads\/2025\/02\/SAVE-THE-DATE-Alfy-Raysa-Fanjul-MAGICAL-SPLENDOR-GALA-2025.jpg?resize=600%2C600&amp;ssl=1 600w, https:\/\/i0.wp.com\/casadecampoliving.com\/wp-content\/uploads\/2025\/02\/SAVE-THE-DATE-Alfy-Raysa-Fanjul-MAGICAL-SPLENDOR-GALA-2025.jpg?resize=400%2C400&amp;ssl=1 400w, https:\/\/i0.wp.com\/casadecampoliving.com\/wp-content\/uploads\/2025\/02\/SAVE-THE-DATE-Alfy-Raysa-Fanjul-MAGICAL-SPLENDOR-GALA-2025.jpg?resize=200%2C200&amp;ssl=1 200w, https:\/\/i0.wp.com\/casadecampoliving.com\/wp-content\/uploads\/2025\/02\/SAVE-THE-DATE-Alfy-Raysa-Fanjul-MAGICAL-SPLENDOR-GALA-2025.jpg?resize=96%2C96&amp;ssl=1 96w, https:\/\/i0.wp.com\/casadecampoliving.com\/wp-content\/uploads\/2025\/02\/SAVE-THE-DATE-Alfy-Raysa-Fanjul-MAGICAL-SPLENDOR-GALA-2025.jpg?w=1080&amp;ssl=1 1080w, https:\/\/i0.wp.com\/casadecampoliving.com\/wp-content\/uploads\/2025\/02\/SAVE-THE-DATE-Alfy-Raysa-Fanjul-MAGICAL-SPLENDOR-GALA-2025-1024x1024.jpg?w=370&amp;ssl=1 370w\" sizes=\"auto, (max-width: 1000px) 100vw, 1000px\" \/><\/figure>\n\n\n\n<p><\/p>\n","protected":false},"excerpt":{"rendered":"<p>Casa de Campo vuelve a desplegar la alfombra roja para uno de los eventos m\u00e1s deslumbrantes y filantr\u00f3picos del a\u00f1o: el Magical Splendor Gala 2025. Anfitrionada por Alfy y Raysa Fanjul, en apoyo de la Fundaci\u00f3n MIR, esta velada anual re\u00fane moda, celebraci\u00f3n y recaudaci\u00f3n de fondos en un entorno tan impactante como la causa [&hellip;]<\/p>\n","protected":false},"author":36791,"featured_media":538242,"comment_status":"closed","ping_status":"closed","sticky":false,"template":"","format":"standard","meta":{"newspack_ads_suppress_ads":false,"newspack_popups_has_disabled_popups":false,"newspack_sponsor_sponsorship_scope":"","newspack_sponsor_native_byline_display":"inherit","newspack_sponsor_native_category_display":"inherit","newspack_sponsor_underwriter_style":"inherit","newspack_sponsor_underwriter_placement":"inherit","_newspack_byline_active":false,"_newspack_byline":"","newspack_hide_updated_date":false,"newspack_show_updated_date":false,"newspack_content_restriction_is_exempt":false,"newspack_featured_image_position":"large","newspack_post_subtitle":"Marca tu calendario para el 8 de marzo de 2025 y \u00fanete a una noche de moda y filantrop\u00eda en apoyo a Fundaci\u00f3n MIR","newspack_article_summary_title":"Overview:","newspack_article_summary":"","_jetpack_memberships_contains_paid_content":false,"footnotes":"","jetpack_publicize_message":"","jetpack_publicize_feature_enabled":true,"jetpack_social_post_already_shared":false,"jetpack_social_options":{"image_generator_settings":{"template":"highway","default_image_id":0,"font":"","enabled":false},"version":2},"_wpas_customize_per_network":false},"categories":[26392,14631,2522],"tags":[6217,3626,3227,14736,3577,27885],"newspack_spnsrs_tax":[],"class_list":["post-546738","post","type-post","status-publish","format-standard","has-post-thumbnail","hentry","category-casa-de-campo-resort-villas","category-estilo-de-vida","category-eventos-es","tag-alfy-fanjul-es","tag-casa-de-campo-es","tag-esplendor-magico-por-la-vida","tag-featured-topview-es","tag-fundacion-mir-es-2","tag-magical-splendor-gala-es","entry"],"yoast_head":"<!-- This site is optimized with the Yoast SEO plugin v27.5 - https:\/\/yoast.com\/product\/yoast-seo-wordpress\/ -->\n<title>Pr\u00f3ximamente: Magical Splendor Gala 2025 | Casa de Campo Living<\/title>\n<meta name=\"description\" content=\"Casa de Campo vuelve a desplegar la alfombra roja para uno de los eventos m\u00e1s deslumbrantes y filantr\u00f3picos del a\u00f1o: el Magical Splendor Gala 2025.\" \/>\n<meta name=\"robots\" content=\"index, follow, max-snippet:-1, max-image-preview:large, max-video-preview:-1\" \/>\n<link rel=\"canonical\" href=\"https:\/\/casadecampoliving.com\/es\/proximamente-magical-splendor-gala-2025\/\" \/>\n<meta property=\"og:locale\" content=\"es_ES\" \/>\n<meta property=\"og:type\" content=\"article\" \/>\n<meta property=\"og:title\" content=\"Pr\u00f3ximamente: Magical Splendor Gala 2025 | Casa de Campo Living\" \/>\n<meta property=\"og:description\" content=\"Casa de Campo vuelve a desplegar la alfombra roja para uno de los eventos m\u00e1s deslumbrantes y filantr\u00f3picos del a\u00f1o: el Magical Splendor Gala 2025.\" \/>\n<meta property=\"og:url\" content=\"https:\/\/casadecampoliving.com\/es\/proximamente-magical-splendor-gala-2025\/\" \/>\n<meta property=\"og:site_name\" content=\"Casa de Campo Living\" \/>\n<meta property=\"article:publisher\" content=\"https:\/\/www.facebook.com\/casadecampoliving\" \/>\n<meta property=\"article:published_time\" content=\"2025-02-25T15:40:36+00:00\" \/>\n<meta property=\"article:modified_time\" content=\"2025-12-22T21:20:41+00:00\" \/>\n<meta property=\"og:image\" content=\"https:\/\/casadecampoliving.com\/wp-content\/uploads\/2025\/02\/RaysaHerreraAlfyFanjulRaissaEnisEddieEnis2-1.jpg\" \/>\n\t<meta property=\"og:image:width\" content=\"2000\" \/>\n\t<meta property=\"og:image:height\" content=\"1333\" \/>\n\t<meta property=\"og:image:type\" content=\"image\/jpeg\" \/>\n<meta name=\"author\" content=\"Casa de Campo Living\" \/>\n<meta name=\"twitter:card\" content=\"summary_large_image\" \/>\n<meta name=\"twitter:creator\" content=\"@cdcliving\" \/>\n<meta name=\"twitter:site\" content=\"@cdcliving\" \/>\n<meta name=\"twitter:label1\" content=\"Escrito por\" \/>\n\t<meta name=\"twitter:data1\" content=\"Casa de Campo Living\" \/>\n\t<meta name=\"twitter:label2\" content=\"Tiempo de lectura\" \/>\n\t<meta name=\"twitter:data2\" content=\"4 minutos\" \/>\n<script type=\"application\/ld+json\" class=\"yoast-schema-graph\">{\"@context\":\"https:\\\/\\\/schema.org\",\"@graph\":[{\"@type\":\"Article\",\"@id\":\"https:\\\/\\\/casadecampoliving.com\\\/es\\\/proximamente-magical-splendor-gala-2025\\\/#article\",\"isPartOf\":{\"@id\":\"https:\\\/\\\/casadecampoliving.com\\\/es\\\/proximamente-magical-splendor-gala-2025\\\/\"},\"author\":{\"name\":\"Casa de Campo Living\",\"@id\":\"https:\\\/\\\/casadecampoliving.com\\\/es\\\/#\\\/schema\\\/person\\\/5d2171637a9d11e0e43ce6b8555f9422\"},\"headline\":\"Pr\u00f3ximamente: Magical Splendor Gala 2025\",\"datePublished\":\"2025-02-25T15:40:36+00:00\",\"dateModified\":\"2025-12-22T21:20:41+00:00\",\"mainEntityOfPage\":{\"@id\":\"https:\\\/\\\/casadecampoliving.com\\\/es\\\/proximamente-magical-splendor-gala-2025\\\/\"},\"wordCount\":463,\"publisher\":{\"@id\":\"https:\\\/\\\/casadecampoliving.com\\\/es\\\/#organization\"},\"image\":{\"@id\":\"https:\\\/\\\/casadecampoliving.com\\\/es\\\/proximamente-magical-splendor-gala-2025\\\/#primaryimage\"},\"thumbnailUrl\":\"https:\\\/\\\/i0.wp.com\\\/casadecampoliving.com\\\/wp-content\\\/uploads\\\/2025\\\/02\\\/RaysaHerreraAlfyFanjulRaissaEnisEddieEnis2-1.jpg?fit=2000%2C1333&ssl=1\",\"keywords\":[\"alfy fanjul @es\",\"casa de campo @es\",\"esplendor magico por la vida\",\"Featured-TopView @es\",\"Fundacion MIR @es\",\"Magical Splendor Gala @es\"],\"articleSection\":[\"Casa de Campo Resort &amp; Villas\",\"Estilo de Vida\",\"Eventos\"],\"inLanguage\":\"es\"},{\"@type\":\"WebPage\",\"@id\":\"https:\\\/\\\/casadecampoliving.com\\\/es\\\/proximamente-magical-splendor-gala-2025\\\/\",\"url\":\"https:\\\/\\\/casadecampoliving.com\\\/es\\\/proximamente-magical-splendor-gala-2025\\\/\",\"name\":\"Pr\u00f3ximamente: Magical Splendor Gala 2025 | Casa de Campo Living\",\"isPartOf\":{\"@id\":\"https:\\\/\\\/casadecampoliving.com\\\/es\\\/#website\"},\"primaryImageOfPage\":{\"@id\":\"https:\\\/\\\/casadecampoliving.com\\\/es\\\/proximamente-magical-splendor-gala-2025\\\/#primaryimage\"},\"image\":{\"@id\":\"https:\\\/\\\/casadecampoliving.com\\\/es\\\/proximamente-magical-splendor-gala-2025\\\/#primaryimage\"},\"thumbnailUrl\":\"https:\\\/\\\/i0.wp.com\\\/casadecampoliving.com\\\/wp-content\\\/uploads\\\/2025\\\/02\\\/RaysaHerreraAlfyFanjulRaissaEnisEddieEnis2-1.jpg?fit=2000%2C1333&ssl=1\",\"datePublished\":\"2025-02-25T15:40:36+00:00\",\"dateModified\":\"2025-12-22T21:20:41+00:00\",\"description\":\"Casa de Campo vuelve a desplegar la alfombra roja para uno de los eventos m\u00e1s deslumbrantes y filantr\u00f3picos del a\u00f1o: el Magical Splendor Gala 2025.\",\"breadcrumb\":{\"@id\":\"https:\\\/\\\/casadecampoliving.com\\\/es\\\/proximamente-magical-splendor-gala-2025\\\/#breadcrumb\"},\"inLanguage\":\"es\",\"potentialAction\":[{\"@type\":\"ReadAction\",\"target\":[\"https:\\\/\\\/casadecampoliving.com\\\/es\\\/proximamente-magical-splendor-gala-2025\\\/\"]}]},{\"@type\":\"ImageObject\",\"inLanguage\":\"es\",\"@id\":\"https:\\\/\\\/casadecampoliving.com\\\/es\\\/proximamente-magical-splendor-gala-2025\\\/#primaryimage\",\"url\":\"https:\\\/\\\/i0.wp.com\\\/casadecampoliving.com\\\/wp-content\\\/uploads\\\/2025\\\/02\\\/RaysaHerreraAlfyFanjulRaissaEnisEddieEnis2-1.jpg?fit=2000%2C1333&ssl=1\",\"contentUrl\":\"https:\\\/\\\/i0.wp.com\\\/casadecampoliving.com\\\/wp-content\\\/uploads\\\/2025\\\/02\\\/RaysaHerreraAlfyFanjulRaissaEnisEddieEnis2-1.jpg?fit=2000%2C1333&ssl=1\",\"width\":2000,\"height\":1333},{\"@type\":\"BreadcrumbList\",\"@id\":\"https:\\\/\\\/casadecampoliving.com\\\/es\\\/proximamente-magical-splendor-gala-2025\\\/#breadcrumb\",\"itemListElement\":[{\"@type\":\"ListItem\",\"position\":1,\"name\":\"Home\",\"item\":\"https:\\\/\\\/casadecampoliving.com\\\/es\\\/\"},{\"@type\":\"ListItem\",\"position\":2,\"name\":\"Pr\u00f3ximamente: Magical Splendor Gala 2025\"}]},{\"@type\":\"WebSite\",\"@id\":\"https:\\\/\\\/casadecampoliving.com\\\/es\\\/#website\",\"url\":\"https:\\\/\\\/casadecampoliving.com\\\/es\\\/\",\"name\":\"Casa de Campo Living\",\"description\":\"Resort community news and resources.\",\"publisher\":{\"@id\":\"https:\\\/\\\/casadecampoliving.com\\\/es\\\/#organization\"},\"potentialAction\":[{\"@type\":\"SearchAction\",\"target\":{\"@type\":\"EntryPoint\",\"urlTemplate\":\"https:\\\/\\\/casadecampoliving.com\\\/es\\\/?s={search_term_string}\"},\"query-input\":{\"@type\":\"PropertyValueSpecification\",\"valueRequired\":true,\"valueName\":\"search_term_string\"}}],\"inLanguage\":\"es\"},{\"@type\":\"Organization\",\"@id\":\"https:\\\/\\\/casadecampoliving.com\\\/es\\\/#organization\",\"name\":\"Casa de Campo Living\",\"url\":\"https:\\\/\\\/casadecampoliving.com\\\/es\\\/\",\"logo\":{\"@type\":\"ImageObject\",\"inLanguage\":\"es\",\"@id\":\"https:\\\/\\\/casadecampoliving.com\\\/es\\\/#\\\/schema\\\/logo\\\/image\\\/\",\"url\":\"https:\\\/\\\/i0.wp.com\\\/casadecampoliving.com\\\/wp-content\\\/uploads\\\/2022\\\/07\\\/CDCLivingLogo_V1-white-sized.png?fit=800%2C214&ssl=1\",\"contentUrl\":\"https:\\\/\\\/i0.wp.com\\\/casadecampoliving.com\\\/wp-content\\\/uploads\\\/2022\\\/07\\\/CDCLivingLogo_V1-white-sized.png?fit=800%2C214&ssl=1\",\"width\":800,\"height\":214,\"caption\":\"Casa de Campo Living\"},\"image\":{\"@id\":\"https:\\\/\\\/casadecampoliving.com\\\/es\\\/#\\\/schema\\\/logo\\\/image\\\/\"},\"sameAs\":[\"https:\\\/\\\/www.facebook.com\\\/casadecampoliving\",\"https:\\\/\\\/x.com\\\/cdcliving\"]},{\"@type\":\"Person\",\"@id\":\"https:\\\/\\\/casadecampoliving.com\\\/es\\\/#\\\/schema\\\/person\\\/5d2171637a9d11e0e43ce6b8555f9422\",\"name\":\"Casa de Campo Living\",\"image\":{\"@type\":\"ImageObject\",\"inLanguage\":\"es\",\"@id\":\"https:\\\/\\\/secure.gravatar.com\\\/avatar\\\/d04101fa4a9fd431e939953b1500fdc7a73cd35029f86d98712fd8ccdaebaf9a?s=96&d=mm&r=g\",\"url\":\"https:\\\/\\\/secure.gravatar.com\\\/avatar\\\/d04101fa4a9fd431e939953b1500fdc7a73cd35029f86d98712fd8ccdaebaf9a?s=96&d=mm&r=g\",\"contentUrl\":\"https:\\\/\\\/secure.gravatar.com\\\/avatar\\\/d04101fa4a9fd431e939953b1500fdc7a73cd35029f86d98712fd8ccdaebaf9a?s=96&d=mm&r=g\",\"caption\":\"Casa de Campo Living\"},\"url\":\"https:\\\/\\\/casadecampoliving.com\\\/es\\\/author\\\/casa-de-campo-living\\\/\"}]}<\/script>\n<!-- \/ Yoast SEO plugin. -->","yoast_head_json":{"title":"Pr\u00f3ximamente: Magical Splendor Gala 2025 | Casa de Campo Living","description":"Casa de Campo vuelve a desplegar la alfombra roja para uno de los eventos m\u00e1s deslumbrantes y filantr\u00f3picos del a\u00f1o: el Magical Splendor Gala 2025.","robots":{"index":"index","follow":"follow","max-snippet":"max-snippet:-1","max-image-preview":"max-image-preview:large","max-video-preview":"max-video-preview:-1"},"canonical":"https:\/\/casadecampoliving.com\/es\/proximamente-magical-splendor-gala-2025\/","og_locale":"es_ES","og_type":"article","og_title":"Pr\u00f3ximamente: Magical Splendor Gala 2025 | Casa de Campo Living","og_description":"Casa de Campo vuelve a desplegar la alfombra roja para uno de los eventos m\u00e1s deslumbrantes y filantr\u00f3picos del a\u00f1o: el Magical Splendor Gala 2025.","og_url":"https:\/\/casadecampoliving.com\/es\/proximamente-magical-splendor-gala-2025\/","og_site_name":"Casa de Campo Living","article_publisher":"https:\/\/www.facebook.com\/casadecampoliving","article_published_time":"2025-02-25T15:40:36+00:00","article_modified_time":"2025-12-22T21:20:41+00:00","og_image":[{"width":2000,"height":1333,"url":"https:\/\/casadecampoliving.com\/wp-content\/uploads\/2025\/02\/RaysaHerreraAlfyFanjulRaissaEnisEddieEnis2-1.jpg","type":"image\/jpeg"}],"author":"Casa de Campo Living","twitter_card":"summary_large_image","twitter_creator":"@cdcliving","twitter_site":"@cdcliving","twitter_misc":{"Escrito por":"Casa de Campo Living","Tiempo de lectura":"4 minutos"},"schema":{"@context":"https:\/\/schema.org","@graph":[{"@type":"Article","@id":"https:\/\/casadecampoliving.com\/es\/proximamente-magical-splendor-gala-2025\/#article","isPartOf":{"@id":"https:\/\/casadecampoliving.com\/es\/proximamente-magical-splendor-gala-2025\/"},"author":{"name":"Casa de Campo Living","@id":"https:\/\/casadecampoliving.com\/es\/#\/schema\/person\/5d2171637a9d11e0e43ce6b8555f9422"},"headline":"Pr\u00f3ximamente: Magical Splendor Gala 2025","datePublished":"2025-02-25T15:40:36+00:00","dateModified":"2025-12-22T21:20:41+00:00","mainEntityOfPage":{"@id":"https:\/\/casadecampoliving.com\/es\/proximamente-magical-splendor-gala-2025\/"},"wordCount":463,"publisher":{"@id":"https:\/\/casadecampoliving.com\/es\/#organization"},"image":{"@id":"https:\/\/casadecampoliving.com\/es\/proximamente-magical-splendor-gala-2025\/#primaryimage"},"thumbnailUrl":"https:\/\/i0.wp.com\/casadecampoliving.com\/wp-content\/uploads\/2025\/02\/RaysaHerreraAlfyFanjulRaissaEnisEddieEnis2-1.jpg?fit=2000%2C1333&ssl=1","keywords":["alfy fanjul @es","casa de campo @es","esplendor magico por la vida","Featured-TopView @es","Fundacion MIR @es","Magical Splendor Gala @es"],"articleSection":["Casa de Campo Resort &amp; Villas","Estilo de Vida","Eventos"],"inLanguage":"es"},{"@type":"WebPage","@id":"https:\/\/casadecampoliving.com\/es\/proximamente-magical-splendor-gala-2025\/","url":"https:\/\/casadecampoliving.com\/es\/proximamente-magical-splendor-gala-2025\/","name":"Pr\u00f3ximamente: Magical Splendor Gala 2025 | Casa de Campo Living","isPartOf":{"@id":"https:\/\/casadecampoliving.com\/es\/#website"},"primaryImageOfPage":{"@id":"https:\/\/casadecampoliving.com\/es\/proximamente-magical-splendor-gala-2025\/#primaryimage"},"image":{"@id":"https:\/\/casadecampoliving.com\/es\/proximamente-magical-splendor-gala-2025\/#primaryimage"},"thumbnailUrl":"https:\/\/i0.wp.com\/casadecampoliving.com\/wp-content\/uploads\/2025\/02\/RaysaHerreraAlfyFanjulRaissaEnisEddieEnis2-1.jpg?fit=2000%2C1333&ssl=1","datePublished":"2025-02-25T15:40:36+00:00","dateModified":"2025-12-22T21:20:41+00:00","description":"Casa de Campo vuelve a desplegar la alfombra roja para uno de los eventos m\u00e1s deslumbrantes y filantr\u00f3picos del a\u00f1o: el Magical Splendor Gala 2025.","breadcrumb":{"@id":"https:\/\/casadecampoliving.com\/es\/proximamente-magical-splendor-gala-2025\/#breadcrumb"},"inLanguage":"es","potentialAction":[{"@type":"ReadAction","target":["https:\/\/casadecampoliving.com\/es\/proximamente-magical-splendor-gala-2025\/"]}]},{"@type":"ImageObject","inLanguage":"es","@id":"https:\/\/casadecampoliving.com\/es\/proximamente-magical-splendor-gala-2025\/#primaryimage","url":"https:\/\/i0.wp.com\/casadecampoliving.com\/wp-content\/uploads\/2025\/02\/RaysaHerreraAlfyFanjulRaissaEnisEddieEnis2-1.jpg?fit=2000%2C1333&ssl=1","contentUrl":"https:\/\/i0.wp.com\/casadecampoliving.com\/wp-content\/uploads\/2025\/02\/RaysaHerreraAlfyFanjulRaissaEnisEddieEnis2-1.jpg?fit=2000%2C1333&ssl=1","width":2000,"height":1333},{"@type":"BreadcrumbList","@id":"https:\/\/casadecampoliving.com\/es\/proximamente-magical-splendor-gala-2025\/#breadcrumb","itemListElement":[{"@type":"ListItem","position":1,"name":"Home","item":"https:\/\/casadecampoliving.com\/es\/"},{"@type":"ListItem","position":2,"name":"Pr\u00f3ximamente: Magical Splendor Gala 2025"}]},{"@type":"WebSite","@id":"https:\/\/casadecampoliving.com\/es\/#website","url":"https:\/\/casadecampoliving.com\/es\/","name":"Casa de Campo Living","description":"Resort community news and resources.","publisher":{"@id":"https:\/\/casadecampoliving.com\/es\/#organization"},"potentialAction":[{"@type":"SearchAction","target":{"@type":"EntryPoint","urlTemplate":"https:\/\/casadecampoliving.com\/es\/?s={search_term_string}"},"query-input":{"@type":"PropertyValueSpecification","valueRequired":true,"valueName":"search_term_string"}}],"inLanguage":"es"},{"@type":"Organization","@id":"https:\/\/casadecampoliving.com\/es\/#organization","name":"Casa de Campo Living","url":"https:\/\/casadecampoliving.com\/es\/","logo":{"@type":"ImageObject","inLanguage":"es","@id":"https:\/\/casadecampoliving.com\/es\/#\/schema\/logo\/image\/","url":"https:\/\/i0.wp.com\/casadecampoliving.com\/wp-content\/uploads\/2022\/07\/CDCLivingLogo_V1-white-sized.png?fit=800%2C214&ssl=1","contentUrl":"https:\/\/i0.wp.com\/casadecampoliving.com\/wp-content\/uploads\/2022\/07\/CDCLivingLogo_V1-white-sized.png?fit=800%2C214&ssl=1","width":800,"height":214,"caption":"Casa de Campo Living"},"image":{"@id":"https:\/\/casadecampoliving.com\/es\/#\/schema\/logo\/image\/"},"sameAs":["https:\/\/www.facebook.com\/casadecampoliving","https:\/\/x.com\/cdcliving"]},{"@type":"Person","@id":"https:\/\/casadecampoliving.com\/es\/#\/schema\/person\/5d2171637a9d11e0e43ce6b8555f9422","name":"Casa de Campo Living","image":{"@type":"ImageObject","inLanguage":"es","@id":"https:\/\/secure.gravatar.com\/avatar\/d04101fa4a9fd431e939953b1500fdc7a73cd35029f86d98712fd8ccdaebaf9a?s=96&d=mm&r=g","url":"https:\/\/secure.gravatar.com\/avatar\/d04101fa4a9fd431e939953b1500fdc7a73cd35029f86d98712fd8ccdaebaf9a?s=96&d=mm&r=g","contentUrl":"https:\/\/secure.gravatar.com\/avatar\/d04101fa4a9fd431e939953b1500fdc7a73cd35029f86d98712fd8ccdaebaf9a?s=96&d=mm&r=g","caption":"Casa de Campo Living"},"url":"https:\/\/casadecampoliving.com\/es\/author\/casa-de-campo-living\/"}]}},"parsely":{"version":"1.1.0","canonical_url":"https:\/\/casadecampoliving.com\/es\/proximamente-magical-splendor-gala-2025\/","smart_links":{"inbound":0,"outbound":0},"traffic_boost_suggestions_count":0,"meta":{"@context":"https:\/\/schema.org","@type":"NewsArticle","headline":"Pr\u00f3ximamente: Magical Splendor Gala 2025","url":"http:\/\/casadecampoliving.com\/es\/proximamente-magical-splendor-gala-2025\/","mainEntityOfPage":{"@type":"WebPage","@id":"http:\/\/casadecampoliving.com\/es\/proximamente-magical-splendor-gala-2025\/"},"thumbnailUrl":"https:\/\/i0.wp.com\/casadecampoliving.com\/wp-content\/uploads\/2025\/02\/RaysaHerreraAlfyFanjulRaissaEnisEddieEnis2-1.jpg?resize=150%2C150&ssl=1","image":{"@type":"ImageObject","url":"https:\/\/i0.wp.com\/casadecampoliving.com\/wp-content\/uploads\/2025\/02\/RaysaHerreraAlfyFanjulRaissaEnisEddieEnis2-1.jpg?fit=2000%2C1333&ssl=1"},"articleSection":"Casa de Campo Resort &amp; Villas","author":[{"@type":"Person","name":"Casa de Campo Living"}],"creator":["Casa de Campo Living"],"publisher":{"@type":"Organization","name":"Casa de Campo Living","logo":"https:\/\/casadecampoliving.com\/wp-content\/uploads\/2022\/07\/CDCLivingLogo_V1-white-sized.png"},"keywords":["alfy fanjul @es","casa de campo @es","esplendor magico por la vida","featured-topview @es","fundacion mir @es","magical splendor gala @es"],"dateCreated":"2025-02-25T15:40:36Z","datePublished":"2025-02-25T15:40:36Z","dateModified":"2025-12-22T21:20:41Z"},"rendered":"<script type=\"application\/ld+json\" class=\"wp-parsely-metadata\">{\"@context\":\"https:\\\/\\\/schema.org\",\"@type\":\"NewsArticle\",\"headline\":\"Pr\\u00f3ximamente: Magical Splendor Gala 2025\",\"url\":\"http:\\\/\\\/casadecampoliving.com\\\/es\\\/proximamente-magical-splendor-gala-2025\\\/\",\"mainEntityOfPage\":{\"@type\":\"WebPage\",\"@id\":\"http:\\\/\\\/casadecampoliving.com\\\/es\\\/proximamente-magical-splendor-gala-2025\\\/\"},\"thumbnailUrl\":\"https:\\\/\\\/i0.wp.com\\\/casadecampoliving.com\\\/wp-content\\\/uploads\\\/2025\\\/02\\\/RaysaHerreraAlfyFanjulRaissaEnisEddieEnis2-1.jpg?resize=150%2C150&ssl=1\",\"image\":{\"@type\":\"ImageObject\",\"url\":\"https:\\\/\\\/i0.wp.com\\\/casadecampoliving.com\\\/wp-content\\\/uploads\\\/2025\\\/02\\\/RaysaHerreraAlfyFanjulRaissaEnisEddieEnis2-1.jpg?fit=2000%2C1333&ssl=1\"},\"articleSection\":\"Casa de Campo Resort &amp; Villas\",\"author\":[{\"@type\":\"Person\",\"name\":\"Casa de Campo Living\"}],\"creator\":[\"Casa de Campo Living\"],\"publisher\":{\"@type\":\"Organization\",\"name\":\"Casa de Campo Living\",\"logo\":\"https:\\\/\\\/casadecampoliving.com\\\/wp-content\\\/uploads\\\/2022\\\/07\\\/CDCLivingLogo_V1-white-sized.png\"},\"keywords\":[\"alfy fanjul @es\",\"casa de campo @es\",\"esplendor magico por la vida\",\"featured-topview @es\",\"fundacion mir @es\",\"magical splendor gala @es\"],\"dateCreated\":\"2025-02-25T15:40:36Z\",\"datePublished\":\"2025-02-25T15:40:36Z\",\"dateModified\":\"2025-12-22T21:20:41Z\"}<\/script>","tracker_url":"https:\/\/cdn.parsely.com\/keys\/casadecampoliving.com\/p.js"},"jetpack_publicize_connections":[],"jetpack_featured_media_url":"https:\/\/i0.wp.com\/casadecampoliving.com\/wp-content\/uploads\/2025\/02\/RaysaHerreraAlfyFanjulRaissaEnisEddieEnis2-1.jpg?fit=2000%2C1333&ssl=1","jetpack-related-posts":[{"id":353868,"url":"https:\/\/casadecampoliving.com\/es\/guarde-la-fecha-para-la-gala-de-esplendor-magico-para-la-vida-este-enero-de-2021\/","url_meta":{"origin":546738,"position":0},"title":"\u00a1Guarde la fecha para la Gala de Esplendor M\u00e1gico para la Vida este enero de 2021!","author":"Casa de Campo Living","date":"2 Oct, 2020","format":false,"excerpt":"\u00a1Reserve la fecha! La 31\u00aa edici\u00f3n anual de Magical Splendor for Life de la Fundaci\u00f3n MIR est\u00e1 programada para el s\u00e1bado 16 de enero de 2021. El evento anual de recaudaci\u00f3n de fondos organizado por Alfy y Raysa Fanjul es uno de los eventos m\u00e1s esperados por la comunidad de\u2026","rel":"","context":"En \u00abCasa de Campo Living @es\u00bb","block_context":{"text":"Casa de Campo Living @es","link":"https:\/\/casadecampoliving.com\/category\/casa-de-campo-living-es\/"},"img":{"alt_text":"","src":"https:\/\/i0.wp.com\/casadecampoliving.com\/wp-content\/uploads\/2022\/10\/BDC_3686-1.jpg?fit=1000%2C667&ssl=1&resize=350%2C200","width":350,"height":200,"srcset":"https:\/\/i0.wp.com\/casadecampoliving.com\/wp-content\/uploads\/2022\/10\/BDC_3686-1.jpg?fit=1000%2C667&ssl=1&resize=350%2C200 1x, https:\/\/i0.wp.com\/casadecampoliving.com\/wp-content\/uploads\/2022\/10\/BDC_3686-1.jpg?fit=1000%2C667&ssl=1&resize=525%2C300 1.5x, https:\/\/i0.wp.com\/casadecampoliving.com\/wp-content\/uploads\/2022\/10\/BDC_3686-1.jpg?fit=1000%2C667&ssl=1&resize=700%2C400 2x"},"classes":[]},{"id":350808,"url":"https:\/\/casadecampoliving.com\/es\/gala-esplendor-magico-de-la-fundacion-mir-en-enero\/","url_meta":{"origin":546738,"position":1},"title":"\u00a1Marquen la fecha en su calendario para la Gala Esplendor M\u00e1gico de la Fundaci\u00f3n MIR en enero!","author":"Heather Lincoln","date":"14 Nov, 2016","format":false,"excerpt":"El evento anual de recaudaci\u00f3n de fondos Gala Esplendor M\u00e1gico por la Vida, organizado por Alfy y Raysa Fanjul, atrae a un sin n\u00famero de personas de la comunidad y de las areas cercanas al\u00a0resort de Casa de Campo. Entre las actividades de ese d\u00eda, est\u00e1n\u00a0un torneo de golf que\u2026","rel":"","context":"En \u00abArte y cultura\u00bb","block_context":{"text":"Arte y cultura","link":"https:\/\/casadecampoliving.com\/category\/arte-y-cultura\/"},"img":{"alt_text":"Magical Splendor for Life Gala 2016","src":"https:\/\/i0.wp.com\/casadecampoliving.com\/wp-content\/uploads\/2022\/10\/Raysa_Alfy_Lian_Fanjul-e1479155290644.jpg?fit=1000%2C666&ssl=1&resize=350%2C200","width":350,"height":200,"srcset":"https:\/\/i0.wp.com\/casadecampoliving.com\/wp-content\/uploads\/2022\/10\/Raysa_Alfy_Lian_Fanjul-e1479155290644.jpg?fit=1000%2C666&ssl=1&resize=350%2C200 1x, https:\/\/i0.wp.com\/casadecampoliving.com\/wp-content\/uploads\/2022\/10\/Raysa_Alfy_Lian_Fanjul-e1479155290644.jpg?fit=1000%2C666&ssl=1&resize=525%2C300 1.5x, https:\/\/i0.wp.com\/casadecampoliving.com\/wp-content\/uploads\/2022\/10\/Raysa_Alfy_Lian_Fanjul-e1479155290644.jpg?fit=1000%2C666&ssl=1&resize=700%2C400 2x"},"classes":[]},{"id":343734,"url":"https:\/\/casadecampoliving.com\/es\/golf-moda-filantropia-y-diversion-en-el-magical-splendor-life-de-fundacion-mir\/","url_meta":{"origin":546738,"position":2},"title":"Golf, moda, filantrop\u00eda y diversi\u00f3n en el Magical Splendor for Life de Fundaci\u00f3n MIR","author":"Genesis Perdomo","date":"20 Ene, 2014","format":false,"excerpt":"Cuando se trata de recaudar dinero para m\u00e1s de 1200 ni\u00f1os de las escuelas de Fundaci\u00f3n MIR en La Romana, el Magical Splendor for Life es el m\u00e1s glamuroso de todos. Celebrado el pasado s\u00e1bado 18 de enero con un torneo de golf, una cena y un desfile de modas\u2026","rel":"","context":"En \u00abAltos de Chavon @es\u00bb","block_context":{"text":"Altos de Chavon @es","link":"https:\/\/casadecampoliving.com\/category\/altos-de-chavon-es\/"},"img":{"alt_text":"Alfy Fanjul Casa de Campo","src":"https:\/\/i0.wp.com\/casadecampoliving.com\/wp-content\/uploads\/2022\/10\/alfy_fanjul_casa_de_campo-3.jpg?fit=650%2C431&ssl=1&resize=350%2C200","width":350,"height":200,"srcset":"https:\/\/i0.wp.com\/casadecampoliving.com\/wp-content\/uploads\/2022\/10\/alfy_fanjul_casa_de_campo-3.jpg?fit=650%2C431&ssl=1&resize=350%2C200 1x, https:\/\/i0.wp.com\/casadecampoliving.com\/wp-content\/uploads\/2022\/10\/alfy_fanjul_casa_de_campo-3.jpg?fit=650%2C431&ssl=1&resize=525%2C300 1.5x"},"classes":[]},{"id":348297,"url":"https:\/\/casadecampoliving.com\/es\/reserve-la-fecha-gala-esplendor-magico-fundacion-mir\/","url_meta":{"origin":546738,"position":3},"title":"Reserve la Fecha: Gala Esplendor M\u00e1gico Fundaci\u00f3n MIR","author":"Perkin Agramonte","date":"22 Sep, 2015","format":false,"excerpt":"Reserve la fecha! La\u00a026\u00ba edici\u00f3n del\u00a0Esplendor M\u00e1gico Fundaci\u00f3n MIR est\u00e1 pautado para el s\u00e1bado 23 de enero de 2016. Este a\u00f1o, el Esplendor M\u00e1gico Fundaci\u00f3n MIR, uno de los eventos sociales y ocasiones ben\u00e9ficas de Casa de Campo m\u00e1s elegantes, ser\u00e1 m\u00e1s glamuroso que nunca \u2013 con el principal evento\u2026","rel":"","context":"En \u00abCasa de Campo Living @es\u00bb","block_context":{"text":"Casa de Campo Living @es","link":"https:\/\/casadecampoliving.com\/category\/casa-de-campo-living-es\/"},"img":{"alt_text":"","src":"https:\/\/i0.wp.com\/casadecampoliving.com\/wp-content\/uploads\/2022\/10\/Magical_Splendor-1.png?fit=650%2C450&ssl=1&resize=350%2C200","width":350,"height":200,"srcset":"https:\/\/i0.wp.com\/casadecampoliving.com\/wp-content\/uploads\/2022\/10\/Magical_Splendor-1.png?fit=650%2C450&ssl=1&resize=350%2C200 1x, https:\/\/i0.wp.com\/casadecampoliving.com\/wp-content\/uploads\/2022\/10\/Magical_Splendor-1.png?fit=650%2C450&ssl=1&resize=525%2C300 1.5x"},"classes":[]},{"id":351061,"url":"https:\/\/casadecampoliving.com\/es\/la-gala-esplendor-magico-de-la-fundacion-mir-2017-fue-un-noche-llena-de-color\/","url_meta":{"origin":546738,"position":4},"title":"La Gala Esplendor M\u00e1gico de la Fundaci\u00f3n MIR 2017 fue un noche llena de color","author":"Heather Lincoln","date":"24 Ene, 2017","format":false,"excerpt":"Por segundo a\u00f1o consecutivo, fuimos testigos del extraordinario trabajo de Naeem Khan al celebrar a los ni\u00f1os de la Fundaci\u00f3n MIR en la Gala Esplendor M\u00e1gico, organizada por Alfy y Raysa Fanjul el 14 de enero. En su 27\u00aa edici\u00f3n, la gala anual benefici\u00f3 los proyectos sociales y educativos de\u2026","rel":"","context":"En \u00abCelebridades\u00bb","block_context":{"text":"Celebridades","link":"https:\/\/casadecampoliving.com\/es\/category\/celebridades-es\/"},"img":{"alt_text":"MIR Magical Splendor Gala, 2017","src":"https:\/\/i0.wp.com\/casadecampoliving.com\/wp-content\/uploads\/2022\/10\/IMG_4211-2.jpg?fit=1000%2C667&ssl=1&resize=350%2C200","width":350,"height":200,"srcset":"https:\/\/i0.wp.com\/casadecampoliving.com\/wp-content\/uploads\/2022\/10\/IMG_4211-2.jpg?fit=1000%2C667&ssl=1&resize=350%2C200 1x, https:\/\/i0.wp.com\/casadecampoliving.com\/wp-content\/uploads\/2022\/10\/IMG_4211-2.jpg?fit=1000%2C667&ssl=1&resize=525%2C300 1.5x, https:\/\/i0.wp.com\/casadecampoliving.com\/wp-content\/uploads\/2022\/10\/IMG_4211-2.jpg?fit=1000%2C667&ssl=1&resize=700%2C400 2x"},"classes":[]},{"id":349090,"url":"https:\/\/casadecampoliving.com\/es\/fundacion-mir-torneo-de-golf-gala-esplendor-magico-2016\/","url_meta":{"origin":546738,"position":5},"title":"La Fundaci\u00f3n MIR realiza Torneo de Golf Gala Esplendor M\u00e1gico 2016","author":"Marlenys Guzm\u00e1n Casta\u00f1os","date":"28 Ene, 2016","format":false,"excerpt":"Fundaci\u00f3n MIR present\u00f3 dos eventos incre\u00edbles el fin de semana pasado a favor de los ni\u00f1os de sus escuelas, La Gala Esplendor M\u00e1gico y el Torneo de Golf. Vea nuestra cobertura del evento de la gala aqu\u00ed, \u00a1con nuevas fotos! El Torneo de Golf tuvo lugar el s\u00e1bado por la\u2026","rel":"","context":"En \u00abCasa de Campo Living @es\u00bb","block_context":{"text":"Casa de Campo Living @es","link":"https:\/\/casadecampoliving.com\/category\/casa-de-campo-living-es\/"},"img":{"alt_text":"Fundacio\u0301n MIR Magical Splendor Gala Golf Tournament","src":"https:\/\/i0.wp.com\/casadecampoliving.com\/wp-content\/uploads\/2022\/10\/Fundacio%CC%81n-MIR-Magical-Splendor-Gala-Golf-Tournament-1.jpg?fit=650%2C400&ssl=1&resize=350%2C200","width":350,"height":200,"srcset":"https:\/\/i0.wp.com\/casadecampoliving.com\/wp-content\/uploads\/2022\/10\/Fundacio%CC%81n-MIR-Magical-Splendor-Gala-Golf-Tournament-1.jpg?fit=650%2C400&ssl=1&resize=350%2C200 1x, https:\/\/i0.wp.com\/casadecampoliving.com\/wp-content\/uploads\/2022\/10\/Fundacio%CC%81n-MIR-Magical-Splendor-Gala-Golf-Tournament-1.jpg?fit=650%2C400&ssl=1&resize=525%2C300 1.5x"},"classes":[]}],"jetpack_sharing_enabled":true,"_links":{"self":[{"href":"https:\/\/casadecampoliving.com\/es\/wp-json\/wp\/v2\/posts\/546738","targetHints":{"allow":["GET"]}}],"collection":[{"href":"https:\/\/casadecampoliving.com\/es\/wp-json\/wp\/v2\/posts"}],"about":[{"href":"https:\/\/casadecampoliving.com\/es\/wp-json\/wp\/v2\/types\/post"}],"author":[{"embeddable":true,"href":"https:\/\/casadecampoliving.com\/es\/wp-json\/wp\/v2\/users\/36791"}],"replies":[{"embeddable":true,"href":"https:\/\/casadecampoliving.com\/es\/wp-json\/wp\/v2\/comments?post=546738"}],"version-history":[{"count":2,"href":"https:\/\/casadecampoliving.com\/es\/wp-json\/wp\/v2\/posts\/546738\/revisions"}],"predecessor-version":[{"id":546740,"href":"https:\/\/casadecampoliving.com\/es\/wp-json\/wp\/v2\/posts\/546738\/revisions\/546740"}],"wp:featuredmedia":[{"embeddable":true,"href":"https:\/\/casadecampoliving.com\/es\/wp-json\/wp\/v2\/media\/538242"}],"wp:attachment":[{"href":"https:\/\/casadecampoliving.com\/es\/wp-json\/wp\/v2\/media?parent=546738"}],"wp:term":[{"taxonomy":"category","embeddable":true,"href":"https:\/\/casadecampoliving.com\/es\/wp-json\/wp\/v2\/categories?post=546738"},{"taxonomy":"post_tag","embeddable":true,"href":"https:\/\/casadecampoliving.com\/es\/wp-json\/wp\/v2\/tags?post=546738"},{"taxonomy":"newspack_spnsrs_tax","embeddable":true,"href":"https:\/\/casadecampoliving.com\/es\/wp-json\/wp\/v2\/newspack_spnsrs_tax?post=546738"}],"curies":[{"name":"wp","href":"https:\/\/api.w.org\/{rel}","templated":true}]}}