{"id":546697,"date":"2025-08-07T17:07:48","date_gmt":"2025-08-07T21:07:48","guid":{"rendered":"https:\/\/casadecampoliving.com\/?p=546697"},"modified":"2025-12-21T15:29:50","modified_gmt":"2025-12-21T19:29:50","slug":"concierto-tributo-a-mana-con-shalim-ortiz-goico-en-marina-casa-de-campo","status":"publish","type":"post","link":"https:\/\/casadecampoliving.com\/es\/concierto-tributo-a-mana-con-shalim-ortiz-goico-en-marina-casa-de-campo\/","title":{"rendered":"Concierto Tributo a Man\u00e1 con Shalim Ortiz-Goico en Marina Casa de Campo"},"content":{"rendered":"\n<p>Shalim Ortiz-Goico est\u00e1 listo para llevar la m\u00fasica de una de las bandas m\u00e1s ic\u00f3nicas de Am\u00e9rica Latina, Man\u00e1, a Casa de Campo. El 23 de agosto de 2025, a las 9 p.m., Ortiz-Goico y su banda Dos\/Veintis\u00e9is subir\u00e1n al escenario de Plaza Portofino, en Marina Casa de Campo, para una noche llena de energ\u00eda y m\u00fasica inolvidable.<\/p>\n\n\n\n<h2 class=\"wp-block-heading\"><strong>Una Noche con los Grandes \u00c9xitos de Man\u00e1<\/strong><\/h2>\n\n\n<div class=\"wp-block-image\">\n<figure class=\"alignright size-large\"><img data-recalc-dims=\"1\" loading=\"lazy\" decoding=\"async\" width=\"683\" height=\"1024\" src=\"https:\/\/i0.wp.com\/casadecampoliving.com\/wp-content\/uploads\/2025\/08\/FN3A7733.jpg?resize=683%2C1024&#038;ssl=1\" alt=\"\" class=\"wp-image-543464\" srcset=\"https:\/\/i0.wp.com\/casadecampoliving.com\/wp-content\/uploads\/2025\/08\/FN3A7733-scaled.jpg?resize=683%2C1024&amp;ssl=1 683w, https:\/\/i0.wp.com\/casadecampoliving.com\/wp-content\/uploads\/2025\/08\/FN3A7733-scaled.jpg?resize=200%2C300&amp;ssl=1 200w, https:\/\/i0.wp.com\/casadecampoliving.com\/wp-content\/uploads\/2025\/08\/FN3A7733-scaled.jpg?resize=768%2C1152&amp;ssl=1 768w, https:\/\/i0.wp.com\/casadecampoliving.com\/wp-content\/uploads\/2025\/08\/FN3A7733-scaled.jpg?resize=1024%2C1536&amp;ssl=1 1024w, https:\/\/i0.wp.com\/casadecampoliving.com\/wp-content\/uploads\/2025\/08\/FN3A7733-scaled.jpg?resize=1365%2C2048&amp;ssl=1 1365w, https:\/\/i0.wp.com\/casadecampoliving.com\/wp-content\/uploads\/2025\/08\/FN3A7733-scaled.jpg?resize=1200%2C1800&amp;ssl=1 1200w, https:\/\/i0.wp.com\/casadecampoliving.com\/wp-content\/uploads\/2025\/08\/FN3A7733-scaled.jpg?resize=2000%2C3000&amp;ssl=1 2000w, https:\/\/i0.wp.com\/casadecampoliving.com\/wp-content\/uploads\/2025\/08\/FN3A7733-scaled.jpg?resize=780%2C1170&amp;ssl=1 780w, https:\/\/i0.wp.com\/casadecampoliving.com\/wp-content\/uploads\/2025\/08\/FN3A7733-scaled.jpg?resize=400%2C600&amp;ssl=1 400w, https:\/\/i0.wp.com\/casadecampoliving.com\/wp-content\/uploads\/2025\/08\/FN3A7733-scaled.jpg?resize=1320%2C1980&amp;ssl=1 1320w, https:\/\/i0.wp.com\/casadecampoliving.com\/wp-content\/uploads\/2025\/08\/FN3A7733-scaled.jpg?resize=150%2C225&amp;ssl=1 150w, https:\/\/i0.wp.com\/casadecampoliving.com\/wp-content\/uploads\/2025\/08\/FN3A7733-scaled.jpg?w=1706&amp;ssl=1 1706w, https:\/\/i0.wp.com\/casadecampoliving.com\/wp-content\/uploads\/2025\/08\/FN3A7733-683x1024.jpg?w=370&amp;ssl=1 370w\" sizes=\"auto, (max-width: 683px) 100vw, 683px\" \/><\/figure>\n<\/div>\n\n\n<p>Prep\u00e1rese para una presentaci\u00f3n tributo electrizante que incluir\u00e1 algunos de los mayores \u00e9xitos de Man\u00e1. Con el estilo caracter\u00edstico de Ortiz-Goico y la energ\u00eda vibrante de la banda, el espect\u00e1culo promete cautivar tanto a los fan\u00e1ticos de siempre como a quienes descubren la m\u00fasica del grupo por primera vez. La velada dar\u00e1 vida al ritmo contagioso y la pasi\u00f3n del rock en espa\u00f1ol, todo en el impresionante escenario de Plaza Portofino.<\/p>\n\n\n\n<p>Para una experiencia completa, disfrute del concierto mientras cena en uno de los restaurantes frente al mar que rodean la plaza. Se recomienda hacer reservaciones con antelaci\u00f3n para asegurar un lugar privilegiado con una excelente vista del espect\u00e1culo.<\/p>\n\n\n\n<h2 class=\"wp-block-heading\"><strong>La Presentaci\u00f3n Anterior de Shalim Ortiz-Goico en Casa de Campo<\/strong><\/h2>\n\n\n\n<p>Esta no es la primera vez que Ortiz-Goico se presenta en Casa de Campo. Su participaci\u00f3n durante la celebraci\u00f3n del <a href=\"https:\/\/casadecampoliving.com\/es\/casa-de-campo-celebra-su-50o-aniversario-con-una-espectacular-serie-de-conciertos\/\">50 aniversario del resort el a\u00f1o pasado <\/a>fue uno de los momentos m\u00e1s destacados, cuando ayud\u00f3 a dar inicio a los festejos con un show lleno de energ\u00eda en el Minitas Beach Club. Su regreso este agosto para el concierto tributo suma otro momento memorable a su creciente v\u00ednculo con el resort.<\/p>\n\n\n\n<h2 class=\"wp-block-heading\"><strong>Detalles del Evento:<\/strong><\/h2>\n\n\n\n<ul class=\"wp-block-list\">\n<li>Fecha: S\u00e1bado, 23 de agosto de 2025<\/li>\n\n\n\n<li>Hora: 9 p.m.<\/li>\n\n\n\n<li>Lugar: Plaza Portofino, Marina Casa de Campo<\/li>\n<\/ul>\n\n\n\n<p>Para reservaciones o m\u00e1s informaci\u00f3n, llame al (809) 523-3166. \u00a1No se pierda esta experiencia musical inolvidable!<\/p>\n\n\n\n<p><em>Fotos tomadas durante la fiesta de apertura del <a href=\"https:\/\/casadecampoliving.com\/es\/casa-de-campo-celebra-su-50o-aniversario-con-una-espectacular-serie-de-conciertos\/\">50 aniversario de Casa de Campo, \u201cGolden Party<\/a>\u201d<\/em><\/p>\n\n\n\n<figure class=\"wp-block-image size-large\"><img data-recalc-dims=\"1\" loading=\"lazy\" decoding=\"async\" width=\"819\" height=\"1024\" src=\"https:\/\/i0.wp.com\/casadecampoliving.com\/wp-content\/uploads\/2025\/08\/Plaza-Portofino-recibe-a-Shalim-Ortiz-Goico-y-su-banda-Dos-Veintiseis-con-un-energico-tributo-a-.jpg?resize=819%2C1024&#038;ssl=1\" alt=\"\" class=\"wp-image-543468\" srcset=\"https:\/\/i0.wp.com\/casadecampoliving.com\/wp-content\/uploads\/2025\/08\/Plaza-Portofino-recibe-a-Shalim-Ortiz-Goico-y-su-banda-Dos-Veintiseis-con-un-energico-tributo-a-.jpg?resize=819%2C1024&amp;ssl=1 819w, https:\/\/i0.wp.com\/casadecampoliving.com\/wp-content\/uploads\/2025\/08\/Plaza-Portofino-recibe-a-Shalim-Ortiz-Goico-y-su-banda-Dos-Veintiseis-con-un-energico-tributo-a-.jpg?resize=240%2C300&amp;ssl=1 240w, https:\/\/i0.wp.com\/casadecampoliving.com\/wp-content\/uploads\/2025\/08\/Plaza-Portofino-recibe-a-Shalim-Ortiz-Goico-y-su-banda-Dos-Veintiseis-con-un-energico-tributo-a-.jpg?resize=768%2C960&amp;ssl=1 768w, https:\/\/i0.wp.com\/casadecampoliving.com\/wp-content\/uploads\/2025\/08\/Plaza-Portofino-recibe-a-Shalim-Ortiz-Goico-y-su-banda-Dos-Veintiseis-con-un-energico-tributo-a-.jpg?resize=780%2C975&amp;ssl=1 780w, https:\/\/i0.wp.com\/casadecampoliving.com\/wp-content\/uploads\/2025\/08\/Plaza-Portofino-recibe-a-Shalim-Ortiz-Goico-y-su-banda-Dos-Veintiseis-con-un-energico-tributo-a-.jpg?resize=400%2C500&amp;ssl=1 400w, https:\/\/i0.wp.com\/casadecampoliving.com\/wp-content\/uploads\/2025\/08\/Plaza-Portofino-recibe-a-Shalim-Ortiz-Goico-y-su-banda-Dos-Veintiseis-con-un-energico-tributo-a-.jpg?resize=150%2C188&amp;ssl=1 150w, https:\/\/i0.wp.com\/casadecampoliving.com\/wp-content\/uploads\/2025\/08\/Plaza-Portofino-recibe-a-Shalim-Ortiz-Goico-y-su-banda-Dos-Veintiseis-con-un-energico-tributo-a-.jpg?w=1080&amp;ssl=1 1080w, https:\/\/i0.wp.com\/casadecampoliving.com\/wp-content\/uploads\/2025\/08\/Plaza-Portofino-recibe-a-Shalim-Ortiz-Goico-y-su-banda-Dos-Veintiseis-con-un-energico-tributo-a--819x1024.jpg?w=370&amp;ssl=1 370w\" sizes=\"auto, (max-width: 819px) 100vw, 819px\" \/><\/figure>\n","protected":false},"excerpt":{"rendered":"<p>Shalim Ortiz-Goico est\u00e1 listo para llevar la m\u00fasica de una de las bandas m\u00e1s ic\u00f3nicas de Am\u00e9rica Latina, Man\u00e1, a Casa de Campo. El 23 de agosto de 2025, a las 9 p.m., Ortiz-Goico y su banda Dos\/Veintis\u00e9is subir\u00e1n al escenario de Plaza Portofino, en Marina Casa de Campo, para una noche llena de energ\u00eda [&hellip;]<\/p>\n","protected":false},"author":36791,"featured_media":543467,"comment_status":"closed","ping_status":"closed","sticky":false,"template":"","format":"standard","meta":{"newspack_ads_suppress_ads":false,"newspack_popups_has_disabled_popups":false,"newspack_sponsor_sponsorship_scope":"","newspack_sponsor_native_byline_display":"inherit","newspack_sponsor_native_category_display":"inherit","newspack_sponsor_underwriter_style":"inherit","newspack_sponsor_underwriter_placement":"inherit","_newspack_byline_active":false,"_newspack_byline":"","newspack_hide_updated_date":false,"newspack_show_updated_date":false,"newspack_content_restriction_is_exempt":false,"newspack_featured_image_position":"large","newspack_post_subtitle":"\u00danase a la celebraci\u00f3n musical de los \u00e9xitos atemporales de Man\u00e1 en Plaza Portofino, el 23 de agosto de 2025","newspack_article_summary_title":"Overview:","newspack_article_summary":"","_jetpack_memberships_contains_paid_content":false,"footnotes":"","jetpack_publicize_message":"","jetpack_publicize_feature_enabled":true,"jetpack_social_post_already_shared":false,"jetpack_social_options":{"image_generator_settings":{"template":"highway","default_image_id":0,"font":"","enabled":false},"version":2},"_wpas_customize_per_network":false},"categories":[26392,2522,23889,14627],"tags":[3626,27883,14736,3573],"newspack_spnsrs_tax":[],"class_list":["post-546697","post","type-post","status-publish","format-standard","has-post-thumbnail","hentry","category-casa-de-campo-resort-villas","category-eventos-es","category-lifestyle-2","category-proximamente","tag-casa-de-campo-es","tag-concierto-tributo","tag-featured-topview-es","tag-marina-casa-de-campo-es","entry"],"yoast_head":"<!-- This site is optimized with the Yoast SEO plugin v27.4 - https:\/\/yoast.com\/product\/yoast-seo-wordpress\/ -->\n<title>Concierto Tributo a Man\u00e1 con Shalim Ortiz-Goico en Marina Casa de Campo | Casa de Campo Living<\/title>\n<meta name=\"description\" content=\"Shalim Ortiz-Goico est\u00e1 listo para llevar la m\u00fasica de una de las bandas m\u00e1s ic\u00f3nicas de Am\u00e9rica Latina, Man\u00e1, a Casa de Campo. El 23 de agosto de 2025, a\" \/>\n<meta name=\"robots\" content=\"index, follow, max-snippet:-1, max-image-preview:large, max-video-preview:-1\" \/>\n<link rel=\"canonical\" href=\"https:\/\/casadecampoliving.com\/es\/concierto-tributo-a-mana-con-shalim-ortiz-goico-en-marina-casa-de-campo\/\" \/>\n<meta property=\"og:locale\" content=\"es_ES\" \/>\n<meta property=\"og:type\" content=\"article\" \/>\n<meta property=\"og:title\" content=\"Concierto Tributo a Man\u00e1 con Shalim Ortiz-Goico en Marina Casa de Campo | Casa de Campo Living\" \/>\n<meta property=\"og:description\" content=\"Shalim Ortiz-Goico est\u00e1 listo para llevar la m\u00fasica de una de las bandas m\u00e1s ic\u00f3nicas de Am\u00e9rica Latina, Man\u00e1, a Casa de Campo. El 23 de agosto de 2025, a\" \/>\n<meta property=\"og:url\" content=\"https:\/\/casadecampoliving.com\/es\/concierto-tributo-a-mana-con-shalim-ortiz-goico-en-marina-casa-de-campo\/\" \/>\n<meta property=\"og:site_name\" content=\"Casa de Campo Living\" \/>\n<meta property=\"article:publisher\" content=\"https:\/\/www.facebook.com\/casadecampoliving\" \/>\n<meta property=\"article:published_time\" content=\"2025-08-07T21:07:48+00:00\" \/>\n<meta property=\"article:modified_time\" content=\"2025-12-21T19:29:50+00:00\" \/>\n<meta property=\"og:image\" content=\"https:\/\/casadecampoliving.com\/wp-content\/uploads\/2025\/08\/DSC04022-scaled.jpg\" \/>\n\t<meta property=\"og:image:width\" content=\"2560\" \/>\n\t<meta property=\"og:image:height\" content=\"1707\" \/>\n\t<meta property=\"og:image:type\" content=\"image\/jpeg\" \/>\n<meta name=\"author\" content=\"Casa de Campo Living\" \/>\n<meta name=\"twitter:card\" content=\"summary_large_image\" \/>\n<meta name=\"twitter:creator\" content=\"@cdcliving\" \/>\n<meta name=\"twitter:site\" content=\"@cdcliving\" \/>\n<meta name=\"twitter:label1\" content=\"Escrito por\" \/>\n\t<meta name=\"twitter:data1\" content=\"Casa de Campo Living\" \/>\n\t<meta name=\"twitter:label2\" content=\"Tiempo de lectura\" \/>\n\t<meta name=\"twitter:data2\" content=\"2 minutos\" \/>\n<script type=\"application\/ld+json\" class=\"yoast-schema-graph\">{\"@context\":\"https:\\\/\\\/schema.org\",\"@graph\":[{\"@type\":\"Article\",\"@id\":\"https:\\\/\\\/casadecampoliving.com\\\/es\\\/concierto-tributo-a-mana-con-shalim-ortiz-goico-en-marina-casa-de-campo\\\/#article\",\"isPartOf\":{\"@id\":\"https:\\\/\\\/casadecampoliving.com\\\/es\\\/concierto-tributo-a-mana-con-shalim-ortiz-goico-en-marina-casa-de-campo\\\/\"},\"author\":{\"name\":\"Casa de Campo Living\",\"@id\":\"https:\\\/\\\/casadecampoliving.com\\\/es\\\/#\\\/schema\\\/person\\\/5d2171637a9d11e0e43ce6b8555f9422\"},\"headline\":\"Concierto Tributo a Man\u00e1 con Shalim Ortiz-Goico en Marina Casa de Campo\",\"datePublished\":\"2025-08-07T21:07:48+00:00\",\"dateModified\":\"2025-12-21T19:29:50+00:00\",\"mainEntityOfPage\":{\"@id\":\"https:\\\/\\\/casadecampoliving.com\\\/es\\\/concierto-tributo-a-mana-con-shalim-ortiz-goico-en-marina-casa-de-campo\\\/\"},\"wordCount\":344,\"publisher\":{\"@id\":\"https:\\\/\\\/casadecampoliving.com\\\/es\\\/#organization\"},\"image\":{\"@id\":\"https:\\\/\\\/casadecampoliving.com\\\/es\\\/concierto-tributo-a-mana-con-shalim-ortiz-goico-en-marina-casa-de-campo\\\/#primaryimage\"},\"thumbnailUrl\":\"https:\\\/\\\/i0.wp.com\\\/casadecampoliving.com\\\/wp-content\\\/uploads\\\/2025\\\/08\\\/DSC04022-scaled.jpg?fit=2560%2C1707&ssl=1\",\"keywords\":[\"casa de campo @es\",\"concierto tributo\",\"Featured-TopView @es\",\"Marina Casa de Campo @es\"],\"articleSection\":[\"Casa de Campo Resort &amp; Villas\",\"Eventos\",\"Lifestyle\",\"Proximamente\"],\"inLanguage\":\"es\"},{\"@type\":\"WebPage\",\"@id\":\"https:\\\/\\\/casadecampoliving.com\\\/es\\\/concierto-tributo-a-mana-con-shalim-ortiz-goico-en-marina-casa-de-campo\\\/\",\"url\":\"https:\\\/\\\/casadecampoliving.com\\\/es\\\/concierto-tributo-a-mana-con-shalim-ortiz-goico-en-marina-casa-de-campo\\\/\",\"name\":\"Concierto Tributo a Man\u00e1 con Shalim Ortiz-Goico en Marina Casa de Campo | Casa de Campo Living\",\"isPartOf\":{\"@id\":\"https:\\\/\\\/casadecampoliving.com\\\/es\\\/#website\"},\"primaryImageOfPage\":{\"@id\":\"https:\\\/\\\/casadecampoliving.com\\\/es\\\/concierto-tributo-a-mana-con-shalim-ortiz-goico-en-marina-casa-de-campo\\\/#primaryimage\"},\"image\":{\"@id\":\"https:\\\/\\\/casadecampoliving.com\\\/es\\\/concierto-tributo-a-mana-con-shalim-ortiz-goico-en-marina-casa-de-campo\\\/#primaryimage\"},\"thumbnailUrl\":\"https:\\\/\\\/i0.wp.com\\\/casadecampoliving.com\\\/wp-content\\\/uploads\\\/2025\\\/08\\\/DSC04022-scaled.jpg?fit=2560%2C1707&ssl=1\",\"datePublished\":\"2025-08-07T21:07:48+00:00\",\"dateModified\":\"2025-12-21T19:29:50+00:00\",\"description\":\"Shalim Ortiz-Goico est\u00e1 listo para llevar la m\u00fasica de una de las bandas m\u00e1s ic\u00f3nicas de Am\u00e9rica Latina, Man\u00e1, a Casa de Campo. El 23 de agosto de 2025, a\",\"breadcrumb\":{\"@id\":\"https:\\\/\\\/casadecampoliving.com\\\/es\\\/concierto-tributo-a-mana-con-shalim-ortiz-goico-en-marina-casa-de-campo\\\/#breadcrumb\"},\"inLanguage\":\"es\",\"potentialAction\":[{\"@type\":\"ReadAction\",\"target\":[\"https:\\\/\\\/casadecampoliving.com\\\/es\\\/concierto-tributo-a-mana-con-shalim-ortiz-goico-en-marina-casa-de-campo\\\/\"]}]},{\"@type\":\"ImageObject\",\"inLanguage\":\"es\",\"@id\":\"https:\\\/\\\/casadecampoliving.com\\\/es\\\/concierto-tributo-a-mana-con-shalim-ortiz-goico-en-marina-casa-de-campo\\\/#primaryimage\",\"url\":\"https:\\\/\\\/i0.wp.com\\\/casadecampoliving.com\\\/wp-content\\\/uploads\\\/2025\\\/08\\\/DSC04022-scaled.jpg?fit=2560%2C1707&ssl=1\",\"contentUrl\":\"https:\\\/\\\/i0.wp.com\\\/casadecampoliving.com\\\/wp-content\\\/uploads\\\/2025\\\/08\\\/DSC04022-scaled.jpg?fit=2560%2C1707&ssl=1\",\"width\":2560,\"height\":1707},{\"@type\":\"BreadcrumbList\",\"@id\":\"https:\\\/\\\/casadecampoliving.com\\\/es\\\/concierto-tributo-a-mana-con-shalim-ortiz-goico-en-marina-casa-de-campo\\\/#breadcrumb\",\"itemListElement\":[{\"@type\":\"ListItem\",\"position\":1,\"name\":\"Home\",\"item\":\"https:\\\/\\\/casadecampoliving.com\\\/es\\\/\"},{\"@type\":\"ListItem\",\"position\":2,\"name\":\"Concierto Tributo a Man\u00e1 con Shalim Ortiz-Goico en Marina Casa de Campo\"}]},{\"@type\":\"WebSite\",\"@id\":\"https:\\\/\\\/casadecampoliving.com\\\/es\\\/#website\",\"url\":\"https:\\\/\\\/casadecampoliving.com\\\/es\\\/\",\"name\":\"Casa de Campo Living\",\"description\":\"Resort community news and resources.\",\"publisher\":{\"@id\":\"https:\\\/\\\/casadecampoliving.com\\\/es\\\/#organization\"},\"potentialAction\":[{\"@type\":\"SearchAction\",\"target\":{\"@type\":\"EntryPoint\",\"urlTemplate\":\"https:\\\/\\\/casadecampoliving.com\\\/es\\\/?s={search_term_string}\"},\"query-input\":{\"@type\":\"PropertyValueSpecification\",\"valueRequired\":true,\"valueName\":\"search_term_string\"}}],\"inLanguage\":\"es\"},{\"@type\":\"Organization\",\"@id\":\"https:\\\/\\\/casadecampoliving.com\\\/es\\\/#organization\",\"name\":\"Casa de Campo Living\",\"url\":\"https:\\\/\\\/casadecampoliving.com\\\/es\\\/\",\"logo\":{\"@type\":\"ImageObject\",\"inLanguage\":\"es\",\"@id\":\"https:\\\/\\\/casadecampoliving.com\\\/es\\\/#\\\/schema\\\/logo\\\/image\\\/\",\"url\":\"https:\\\/\\\/i0.wp.com\\\/casadecampoliving.com\\\/wp-content\\\/uploads\\\/2022\\\/07\\\/CDCLivingLogo_V1-white-sized.png?fit=800%2C214&ssl=1\",\"contentUrl\":\"https:\\\/\\\/i0.wp.com\\\/casadecampoliving.com\\\/wp-content\\\/uploads\\\/2022\\\/07\\\/CDCLivingLogo_V1-white-sized.png?fit=800%2C214&ssl=1\",\"width\":800,\"height\":214,\"caption\":\"Casa de Campo Living\"},\"image\":{\"@id\":\"https:\\\/\\\/casadecampoliving.com\\\/es\\\/#\\\/schema\\\/logo\\\/image\\\/\"},\"sameAs\":[\"https:\\\/\\\/www.facebook.com\\\/casadecampoliving\",\"https:\\\/\\\/x.com\\\/cdcliving\"]},{\"@type\":\"Person\",\"@id\":\"https:\\\/\\\/casadecampoliving.com\\\/es\\\/#\\\/schema\\\/person\\\/5d2171637a9d11e0e43ce6b8555f9422\",\"name\":\"Casa de Campo Living\",\"image\":{\"@type\":\"ImageObject\",\"inLanguage\":\"es\",\"@id\":\"https:\\\/\\\/secure.gravatar.com\\\/avatar\\\/d04101fa4a9fd431e939953b1500fdc7a73cd35029f86d98712fd8ccdaebaf9a?s=96&d=mm&r=g\",\"url\":\"https:\\\/\\\/secure.gravatar.com\\\/avatar\\\/d04101fa4a9fd431e939953b1500fdc7a73cd35029f86d98712fd8ccdaebaf9a?s=96&d=mm&r=g\",\"contentUrl\":\"https:\\\/\\\/secure.gravatar.com\\\/avatar\\\/d04101fa4a9fd431e939953b1500fdc7a73cd35029f86d98712fd8ccdaebaf9a?s=96&d=mm&r=g\",\"caption\":\"Casa de Campo Living\"},\"url\":\"https:\\\/\\\/casadecampoliving.com\\\/es\\\/author\\\/casa-de-campo-living\\\/\"}]}<\/script>\n<!-- \/ Yoast SEO plugin. -->","yoast_head_json":{"title":"Concierto Tributo a Man\u00e1 con Shalim Ortiz-Goico en Marina Casa de Campo | Casa de Campo Living","description":"Shalim Ortiz-Goico est\u00e1 listo para llevar la m\u00fasica de una de las bandas m\u00e1s ic\u00f3nicas de Am\u00e9rica Latina, Man\u00e1, a Casa de Campo. El 23 de agosto de 2025, a","robots":{"index":"index","follow":"follow","max-snippet":"max-snippet:-1","max-image-preview":"max-image-preview:large","max-video-preview":"max-video-preview:-1"},"canonical":"https:\/\/casadecampoliving.com\/es\/concierto-tributo-a-mana-con-shalim-ortiz-goico-en-marina-casa-de-campo\/","og_locale":"es_ES","og_type":"article","og_title":"Concierto Tributo a Man\u00e1 con Shalim Ortiz-Goico en Marina Casa de Campo | Casa de Campo Living","og_description":"Shalim Ortiz-Goico est\u00e1 listo para llevar la m\u00fasica de una de las bandas m\u00e1s ic\u00f3nicas de Am\u00e9rica Latina, Man\u00e1, a Casa de Campo. El 23 de agosto de 2025, a","og_url":"https:\/\/casadecampoliving.com\/es\/concierto-tributo-a-mana-con-shalim-ortiz-goico-en-marina-casa-de-campo\/","og_site_name":"Casa de Campo Living","article_publisher":"https:\/\/www.facebook.com\/casadecampoliving","article_published_time":"2025-08-07T21:07:48+00:00","article_modified_time":"2025-12-21T19:29:50+00:00","og_image":[{"width":2560,"height":1707,"url":"https:\/\/casadecampoliving.com\/wp-content\/uploads\/2025\/08\/DSC04022-scaled.jpg","type":"image\/jpeg"}],"author":"Casa de Campo Living","twitter_card":"summary_large_image","twitter_creator":"@cdcliving","twitter_site":"@cdcliving","twitter_misc":{"Escrito por":"Casa de Campo Living","Tiempo de lectura":"2 minutos"},"schema":{"@context":"https:\/\/schema.org","@graph":[{"@type":"Article","@id":"https:\/\/casadecampoliving.com\/es\/concierto-tributo-a-mana-con-shalim-ortiz-goico-en-marina-casa-de-campo\/#article","isPartOf":{"@id":"https:\/\/casadecampoliving.com\/es\/concierto-tributo-a-mana-con-shalim-ortiz-goico-en-marina-casa-de-campo\/"},"author":{"name":"Casa de Campo Living","@id":"https:\/\/casadecampoliving.com\/es\/#\/schema\/person\/5d2171637a9d11e0e43ce6b8555f9422"},"headline":"Concierto Tributo a Man\u00e1 con Shalim Ortiz-Goico en Marina Casa de Campo","datePublished":"2025-08-07T21:07:48+00:00","dateModified":"2025-12-21T19:29:50+00:00","mainEntityOfPage":{"@id":"https:\/\/casadecampoliving.com\/es\/concierto-tributo-a-mana-con-shalim-ortiz-goico-en-marina-casa-de-campo\/"},"wordCount":344,"publisher":{"@id":"https:\/\/casadecampoliving.com\/es\/#organization"},"image":{"@id":"https:\/\/casadecampoliving.com\/es\/concierto-tributo-a-mana-con-shalim-ortiz-goico-en-marina-casa-de-campo\/#primaryimage"},"thumbnailUrl":"https:\/\/i0.wp.com\/casadecampoliving.com\/wp-content\/uploads\/2025\/08\/DSC04022-scaled.jpg?fit=2560%2C1707&ssl=1","keywords":["casa de campo @es","concierto tributo","Featured-TopView @es","Marina Casa de Campo @es"],"articleSection":["Casa de Campo Resort &amp; Villas","Eventos","Lifestyle","Proximamente"],"inLanguage":"es"},{"@type":"WebPage","@id":"https:\/\/casadecampoliving.com\/es\/concierto-tributo-a-mana-con-shalim-ortiz-goico-en-marina-casa-de-campo\/","url":"https:\/\/casadecampoliving.com\/es\/concierto-tributo-a-mana-con-shalim-ortiz-goico-en-marina-casa-de-campo\/","name":"Concierto Tributo a Man\u00e1 con Shalim Ortiz-Goico en Marina Casa de Campo | Casa de Campo Living","isPartOf":{"@id":"https:\/\/casadecampoliving.com\/es\/#website"},"primaryImageOfPage":{"@id":"https:\/\/casadecampoliving.com\/es\/concierto-tributo-a-mana-con-shalim-ortiz-goico-en-marina-casa-de-campo\/#primaryimage"},"image":{"@id":"https:\/\/casadecampoliving.com\/es\/concierto-tributo-a-mana-con-shalim-ortiz-goico-en-marina-casa-de-campo\/#primaryimage"},"thumbnailUrl":"https:\/\/i0.wp.com\/casadecampoliving.com\/wp-content\/uploads\/2025\/08\/DSC04022-scaled.jpg?fit=2560%2C1707&ssl=1","datePublished":"2025-08-07T21:07:48+00:00","dateModified":"2025-12-21T19:29:50+00:00","description":"Shalim Ortiz-Goico est\u00e1 listo para llevar la m\u00fasica de una de las bandas m\u00e1s ic\u00f3nicas de Am\u00e9rica Latina, Man\u00e1, a Casa de Campo. El 23 de agosto de 2025, a","breadcrumb":{"@id":"https:\/\/casadecampoliving.com\/es\/concierto-tributo-a-mana-con-shalim-ortiz-goico-en-marina-casa-de-campo\/#breadcrumb"},"inLanguage":"es","potentialAction":[{"@type":"ReadAction","target":["https:\/\/casadecampoliving.com\/es\/concierto-tributo-a-mana-con-shalim-ortiz-goico-en-marina-casa-de-campo\/"]}]},{"@type":"ImageObject","inLanguage":"es","@id":"https:\/\/casadecampoliving.com\/es\/concierto-tributo-a-mana-con-shalim-ortiz-goico-en-marina-casa-de-campo\/#primaryimage","url":"https:\/\/i0.wp.com\/casadecampoliving.com\/wp-content\/uploads\/2025\/08\/DSC04022-scaled.jpg?fit=2560%2C1707&ssl=1","contentUrl":"https:\/\/i0.wp.com\/casadecampoliving.com\/wp-content\/uploads\/2025\/08\/DSC04022-scaled.jpg?fit=2560%2C1707&ssl=1","width":2560,"height":1707},{"@type":"BreadcrumbList","@id":"https:\/\/casadecampoliving.com\/es\/concierto-tributo-a-mana-con-shalim-ortiz-goico-en-marina-casa-de-campo\/#breadcrumb","itemListElement":[{"@type":"ListItem","position":1,"name":"Home","item":"https:\/\/casadecampoliving.com\/es\/"},{"@type":"ListItem","position":2,"name":"Concierto Tributo a Man\u00e1 con Shalim Ortiz-Goico en Marina Casa de Campo"}]},{"@type":"WebSite","@id":"https:\/\/casadecampoliving.com\/es\/#website","url":"https:\/\/casadecampoliving.com\/es\/","name":"Casa de Campo Living","description":"Resort community news and resources.","publisher":{"@id":"https:\/\/casadecampoliving.com\/es\/#organization"},"potentialAction":[{"@type":"SearchAction","target":{"@type":"EntryPoint","urlTemplate":"https:\/\/casadecampoliving.com\/es\/?s={search_term_string}"},"query-input":{"@type":"PropertyValueSpecification","valueRequired":true,"valueName":"search_term_string"}}],"inLanguage":"es"},{"@type":"Organization","@id":"https:\/\/casadecampoliving.com\/es\/#organization","name":"Casa de Campo Living","url":"https:\/\/casadecampoliving.com\/es\/","logo":{"@type":"ImageObject","inLanguage":"es","@id":"https:\/\/casadecampoliving.com\/es\/#\/schema\/logo\/image\/","url":"https:\/\/i0.wp.com\/casadecampoliving.com\/wp-content\/uploads\/2022\/07\/CDCLivingLogo_V1-white-sized.png?fit=800%2C214&ssl=1","contentUrl":"https:\/\/i0.wp.com\/casadecampoliving.com\/wp-content\/uploads\/2022\/07\/CDCLivingLogo_V1-white-sized.png?fit=800%2C214&ssl=1","width":800,"height":214,"caption":"Casa de Campo Living"},"image":{"@id":"https:\/\/casadecampoliving.com\/es\/#\/schema\/logo\/image\/"},"sameAs":["https:\/\/www.facebook.com\/casadecampoliving","https:\/\/x.com\/cdcliving"]},{"@type":"Person","@id":"https:\/\/casadecampoliving.com\/es\/#\/schema\/person\/5d2171637a9d11e0e43ce6b8555f9422","name":"Casa de Campo Living","image":{"@type":"ImageObject","inLanguage":"es","@id":"https:\/\/secure.gravatar.com\/avatar\/d04101fa4a9fd431e939953b1500fdc7a73cd35029f86d98712fd8ccdaebaf9a?s=96&d=mm&r=g","url":"https:\/\/secure.gravatar.com\/avatar\/d04101fa4a9fd431e939953b1500fdc7a73cd35029f86d98712fd8ccdaebaf9a?s=96&d=mm&r=g","contentUrl":"https:\/\/secure.gravatar.com\/avatar\/d04101fa4a9fd431e939953b1500fdc7a73cd35029f86d98712fd8ccdaebaf9a?s=96&d=mm&r=g","caption":"Casa de Campo Living"},"url":"https:\/\/casadecampoliving.com\/es\/author\/casa-de-campo-living\/"}]}},"parsely":{"version":"1.1.0","canonical_url":"https:\/\/casadecampoliving.com\/es\/concierto-tributo-a-mana-con-shalim-ortiz-goico-en-marina-casa-de-campo\/","smart_links":{"inbound":0,"outbound":0},"traffic_boost_suggestions_count":0,"meta":{"@context":"https:\/\/schema.org","@type":"NewsArticle","headline":"Concierto Tributo a Man\u00e1 con Shalim Ortiz-Goico en Marina Casa de Campo","url":"http:\/\/casadecampoliving.com\/es\/concierto-tributo-a-mana-con-shalim-ortiz-goico-en-marina-casa-de-campo\/","mainEntityOfPage":{"@type":"WebPage","@id":"http:\/\/casadecampoliving.com\/es\/concierto-tributo-a-mana-con-shalim-ortiz-goico-en-marina-casa-de-campo\/"},"thumbnailUrl":"https:\/\/i0.wp.com\/casadecampoliving.com\/wp-content\/uploads\/2025\/08\/DSC04022-scaled.jpg?resize=150%2C150&ssl=1","image":{"@type":"ImageObject","url":"https:\/\/i0.wp.com\/casadecampoliving.com\/wp-content\/uploads\/2025\/08\/DSC04022-scaled.jpg?fit=2560%2C1707&ssl=1"},"articleSection":"Casa de Campo Resort &amp; Villas","author":[{"@type":"Person","name":"Casa de Campo Living"}],"creator":["Casa de Campo Living"],"publisher":{"@type":"Organization","name":"Casa de Campo Living","logo":"https:\/\/casadecampoliving.com\/wp-content\/uploads\/2022\/07\/CDCLivingLogo_V1-white-sized.png"},"keywords":["casa de campo @es","concierto tributo","featured-topview @es","marina casa de campo @es"],"dateCreated":"2025-08-07T21:07:48Z","datePublished":"2025-08-07T21:07:48Z","dateModified":"2025-12-21T19:29:50Z"},"rendered":"<script type=\"application\/ld+json\" class=\"wp-parsely-metadata\">{\"@context\":\"https:\\\/\\\/schema.org\",\"@type\":\"NewsArticle\",\"headline\":\"Concierto Tributo a Man\\u00e1 con Shalim Ortiz-Goico en Marina Casa de Campo\",\"url\":\"http:\\\/\\\/casadecampoliving.com\\\/es\\\/concierto-tributo-a-mana-con-shalim-ortiz-goico-en-marina-casa-de-campo\\\/\",\"mainEntityOfPage\":{\"@type\":\"WebPage\",\"@id\":\"http:\\\/\\\/casadecampoliving.com\\\/es\\\/concierto-tributo-a-mana-con-shalim-ortiz-goico-en-marina-casa-de-campo\\\/\"},\"thumbnailUrl\":\"https:\\\/\\\/i0.wp.com\\\/casadecampoliving.com\\\/wp-content\\\/uploads\\\/2025\\\/08\\\/DSC04022-scaled.jpg?resize=150%2C150&ssl=1\",\"image\":{\"@type\":\"ImageObject\",\"url\":\"https:\\\/\\\/i0.wp.com\\\/casadecampoliving.com\\\/wp-content\\\/uploads\\\/2025\\\/08\\\/DSC04022-scaled.jpg?fit=2560%2C1707&ssl=1\"},\"articleSection\":\"Casa de Campo Resort &amp; Villas\",\"author\":[{\"@type\":\"Person\",\"name\":\"Casa de Campo Living\"}],\"creator\":[\"Casa de Campo Living\"],\"publisher\":{\"@type\":\"Organization\",\"name\":\"Casa de Campo Living\",\"logo\":\"https:\\\/\\\/casadecampoliving.com\\\/wp-content\\\/uploads\\\/2022\\\/07\\\/CDCLivingLogo_V1-white-sized.png\"},\"keywords\":[\"casa de campo @es\",\"concierto tributo\",\"featured-topview @es\",\"marina casa de campo @es\"],\"dateCreated\":\"2025-08-07T21:07:48Z\",\"datePublished\":\"2025-08-07T21:07:48Z\",\"dateModified\":\"2025-12-21T19:29:50Z\"}<\/script>","tracker_url":"https:\/\/cdn.parsely.com\/keys\/casadecampoliving.com\/p.js"},"jetpack_publicize_connections":[],"jetpack_featured_media_url":"https:\/\/i0.wp.com\/casadecampoliving.com\/wp-content\/uploads\/2025\/08\/DSC04022-scaled.jpg?fit=2560%2C1707&ssl=1","jetpack-related-posts":[{"id":543805,"url":"https:\/\/casadecampoliving.com\/es\/shalim-ortiz-y-su-banda-226-rinden-tributo-a-mana-en-la-marina\/","url_meta":{"origin":546697,"position":0},"title":"Shalim Ortiz y su banda 226 rinden \u00a0tributo a Man\u00e1 en La Marina","author":"Mairobi Herrera","date":"29 Ago, 2025","format":false,"excerpt":"El s\u00e1bado 23 de agosto, el m\u00fasico y actor Shalim Ortiz, junto a su banda 226, puso a bailar a todos los comensales en la encantadora Plaza Portofino de La Marina de Casa de Campo. El espect\u00e1culo fue un homenaje a la emblem\u00e1tica banda mexicana Man\u00e1, interpretando sus mayores \u00e9xitos.\u2026","rel":"","context":"En \u00abCasa de Campo Resort &amp; Villas\u00bb","block_context":{"text":"Casa de Campo Resort &amp; Villas","link":"https:\/\/casadecampoliving.com\/es\/category\/casa-de-campo-resort-villas\/"},"img":{"alt_text":"","src":"https:\/\/i0.wp.com\/casadecampoliving.com\/wp-content\/uploads\/2025\/08\/FN3A6490-scaled.jpg?fit=1200%2C800&ssl=1&resize=350%2C200","width":350,"height":200,"srcset":"https:\/\/i0.wp.com\/casadecampoliving.com\/wp-content\/uploads\/2025\/08\/FN3A6490-scaled.jpg?fit=1200%2C800&ssl=1&resize=350%2C200 1x, https:\/\/i0.wp.com\/casadecampoliving.com\/wp-content\/uploads\/2025\/08\/FN3A6490-scaled.jpg?fit=1200%2C800&ssl=1&resize=525%2C300 1.5x, https:\/\/i0.wp.com\/casadecampoliving.com\/wp-content\/uploads\/2025\/08\/FN3A6490-scaled.jpg?fit=1200%2C800&ssl=1&resize=700%2C400 2x, https:\/\/i0.wp.com\/casadecampoliving.com\/wp-content\/uploads\/2025\/08\/FN3A6490-scaled.jpg?fit=1200%2C800&ssl=1&resize=1050%2C600 3x"},"classes":[]},{"id":543460,"url":"https:\/\/casadecampoliving.com\/mana-tribute-concert-with-shalim-ortiz-goico-marina-casa-de-campo\/","url_meta":{"origin":546697,"position":1},"title":"Man\u00e1 Tribute Concert with Shalim Ortiz-Goico at Marina Casa de Campo","author":"Casa de Campo Living","date":"7 Ago, 2025","format":false,"excerpt":"Shalim Ortiz-Goico is set to bring the music of one of Latin America's most iconic bands, Man\u00e1, to Casa de Campo. On Aug. 23, 2025, at 9 p.m., Ortiz-Goico and his band Dos\/Veintis\u00e9is will take the stage at Plaza Portofino in Marina Casa de Campo for a night filled with\u2026","rel":"","context":"En \u00abCasa de Campo Living\u00bb","block_context":{"text":"Casa de Campo Living","link":"https:\/\/casadecampoliving.com\/category\/casa-de-campo-living\/"},"img":{"alt_text":"","src":"https:\/\/i0.wp.com\/casadecampoliving.com\/wp-content\/uploads\/2025\/08\/DSC04022-scaled.jpg?fit=1200%2C800&ssl=1&resize=350%2C200","width":350,"height":200,"srcset":"https:\/\/i0.wp.com\/casadecampoliving.com\/wp-content\/uploads\/2025\/08\/DSC04022-scaled.jpg?fit=1200%2C800&ssl=1&resize=350%2C200 1x, https:\/\/i0.wp.com\/casadecampoliving.com\/wp-content\/uploads\/2025\/08\/DSC04022-scaled.jpg?fit=1200%2C800&ssl=1&resize=525%2C300 1.5x, https:\/\/i0.wp.com\/casadecampoliving.com\/wp-content\/uploads\/2025\/08\/DSC04022-scaled.jpg?fit=1200%2C800&ssl=1&resize=700%2C400 2x, https:\/\/i0.wp.com\/casadecampoliving.com\/wp-content\/uploads\/2025\/08\/DSC04022-scaled.jpg?fit=1200%2C800&ssl=1&resize=1050%2C600 3x"},"classes":[]},{"id":433460,"url":"https:\/\/casadecampoliving.com\/es\/no-se-pierdan-el-increible-tributo-a-frank-sinatra-para-celebrar-el-40-aniversario-del-anfiteatro-altos-de-chavon\/","url_meta":{"origin":546697,"position":2},"title":"No se pierdan el incre\u00edble tributo a Frank Sinatra para celebrar el 40 aniversario del\u00a0Anfiteatro Altos de Chav\u00f3n","author":"Casa de Campo Living","date":"20 Oct, 2022","format":false,"excerpt":"Siendo uno de los escenarios m\u00e1s emblem\u00e1ticos del pa\u00eds, Casa de Campo Resort\u00ae & Villas celebra las cuatro d\u00e9cadas de aniversario de Altos de Chav\u00f3n con un tributo al gran Frank Sinatra, protagonizado por artistas invitados y una big band tal cual la que acompa\u00f1\u00f3 al artista hace 40 a\u00f1os\u2026","rel":"","context":"En \u00abUncategorized @es\u00bb","block_context":{"text":"Uncategorized @es","link":"https:\/\/casadecampoliving.com\/es\/category\/uncategorized-es\/"},"img":{"alt_text":"","src":"https:\/\/i0.wp.com\/casadecampoliving.com\/wp-content\/uploads\/2022\/10\/Tributo-Frank-Sinatra-Foto-Principal-Amaury-Sanchez-Danilo-Ginebra-Andres-Pichardo-y-Jose-Gabriel-Perez-.jpg?fit=1200%2C873&ssl=1&resize=350%2C200","width":350,"height":200,"srcset":"https:\/\/i0.wp.com\/casadecampoliving.com\/wp-content\/uploads\/2022\/10\/Tributo-Frank-Sinatra-Foto-Principal-Amaury-Sanchez-Danilo-Ginebra-Andres-Pichardo-y-Jose-Gabriel-Perez-.jpg?fit=1200%2C873&ssl=1&resize=350%2C200 1x, https:\/\/i0.wp.com\/casadecampoliving.com\/wp-content\/uploads\/2022\/10\/Tributo-Frank-Sinatra-Foto-Principal-Amaury-Sanchez-Danilo-Ginebra-Andres-Pichardo-y-Jose-Gabriel-Perez-.jpg?fit=1200%2C873&ssl=1&resize=525%2C300 1.5x, https:\/\/i0.wp.com\/casadecampoliving.com\/wp-content\/uploads\/2022\/10\/Tributo-Frank-Sinatra-Foto-Principal-Amaury-Sanchez-Danilo-Ginebra-Andres-Pichardo-y-Jose-Gabriel-Perez-.jpg?fit=1200%2C873&ssl=1&resize=700%2C400 2x, https:\/\/i0.wp.com\/casadecampoliving.com\/wp-content\/uploads\/2022\/10\/Tributo-Frank-Sinatra-Foto-Principal-Amaury-Sanchez-Danilo-Ginebra-Andres-Pichardo-y-Jose-Gabriel-Perez-.jpg?fit=1200%2C873&ssl=1&resize=1050%2C600 3x"},"classes":[]},{"id":543902,"url":"https:\/\/casadecampoliving.com\/shalim-ortiz-and-his-band-226-pay-tribute-to-mana-at-the-marina\/","url_meta":{"origin":546697,"position":3},"title":"Shalim Ortiz and his band 226 pay tribute to Man\u00e1 at the Marina","author":"Mairobi Herrera","date":"29 Ago, 2025","format":false,"excerpt":"On Saturday, Aug. 23, Shalim Ortiz and his band 226 got diners on their feet at the charming Plaza Portofino in the Marina of Casa de Campo. The show paid tribute to the iconic Mexican band Man\u00e1, performing some of its greatest hits. Songs like \u201cEn el muelle de San\u2026","rel":"","context":"En \u00abBars and Nightlife\u00bb","block_context":{"text":"Bars and Nightlife","link":"https:\/\/casadecampoliving.com\/category\/bars-and-nightlife\/"},"img":{"alt_text":"","src":"https:\/\/i0.wp.com\/casadecampoliving.com\/wp-content\/uploads\/2025\/08\/FN3A6490-scaled.jpg?fit=1200%2C800&ssl=1&resize=350%2C200","width":350,"height":200,"srcset":"https:\/\/i0.wp.com\/casadecampoliving.com\/wp-content\/uploads\/2025\/08\/FN3A6490-scaled.jpg?fit=1200%2C800&ssl=1&resize=350%2C200 1x, https:\/\/i0.wp.com\/casadecampoliving.com\/wp-content\/uploads\/2025\/08\/FN3A6490-scaled.jpg?fit=1200%2C800&ssl=1&resize=525%2C300 1.5x, https:\/\/i0.wp.com\/casadecampoliving.com\/wp-content\/uploads\/2025\/08\/FN3A6490-scaled.jpg?fit=1200%2C800&ssl=1&resize=700%2C400 2x, https:\/\/i0.wp.com\/casadecampoliving.com\/wp-content\/uploads\/2025\/08\/FN3A6490-scaled.jpg?fit=1200%2C800&ssl=1&resize=1050%2C600 3x"},"classes":[]},{"id":541333,"url":"https:\/\/casadecampoliving.com\/es\/la-marina-de-casa-de-campo-vibrara-con-el-rock-de-4ta-dimension\/","url_meta":{"origin":546697,"position":4},"title":"La Marina de Casa de Campo vibrar\u00e1 con el rock de 4ta Dimensi\u00f3n","author":"Mairobi Herrera","date":"3 Jun, 2025","format":false,"excerpt":"Este s\u00e1bado 7 de junio, la Plaza Portofino de la Marina de Casa de Campo ser\u00e1 el escenario de una noche electrizante con la presentaci\u00f3n en vivo de 4ta Dimensi\u00f3n, una banda dominicana que ha revolucionado la escena del rock nacional con su enfoque profesional, su propuesta est\u00e9tica y una\u2026","rel":"","context":"En \u00abConciertos\u00bb","block_context":{"text":"Conciertos","link":"https:\/\/casadecampoliving.com\/es\/category\/conciertos-es\/"},"img":{"alt_text":"","src":"https:\/\/i0.wp.com\/casadecampoliving.com\/wp-content\/uploads\/2025\/06\/Foto-Grupal-4ta-Dimension-scaled.jpg?fit=1200%2C675&ssl=1&resize=350%2C200","width":350,"height":200,"srcset":"https:\/\/i0.wp.com\/casadecampoliving.com\/wp-content\/uploads\/2025\/06\/Foto-Grupal-4ta-Dimension-scaled.jpg?fit=1200%2C675&ssl=1&resize=350%2C200 1x, https:\/\/i0.wp.com\/casadecampoliving.com\/wp-content\/uploads\/2025\/06\/Foto-Grupal-4ta-Dimension-scaled.jpg?fit=1200%2C675&ssl=1&resize=525%2C300 1.5x, https:\/\/i0.wp.com\/casadecampoliving.com\/wp-content\/uploads\/2025\/06\/Foto-Grupal-4ta-Dimension-scaled.jpg?fit=1200%2C675&ssl=1&resize=700%2C400 2x, https:\/\/i0.wp.com\/casadecampoliving.com\/wp-content\/uploads\/2025\/06\/Foto-Grupal-4ta-Dimension-scaled.jpg?fit=1200%2C675&ssl=1&resize=1050%2C600 3x"},"classes":[]},{"id":351777,"url":"https:\/\/casadecampoliving.com\/es\/concierto-de-verano-en-plaza-portofino-un-tributo-al-buena-vista-social-club\/","url_meta":{"origin":546697,"position":5},"title":"Concierto de Verano en Plaza Portofino: Un tributo al Buena Vista Social Club","author":"Marlenys Guzm\u00e1n Casta\u00f1os","date":"28 Jul, 2017","format":false,"excerpt":"\u00a1La Marina Casa de Campo contin\u00faa organizando divertidos conciertos en la Plaza Portofino! Esta vez han preparado otro tributo al mundialmente famoso club de socios en La Habana Cuba, y la banda de los a\u00f1os 90, el Buena Vista Social Club con el talentoso Juli\u00e1n Fern\u00e1ndez de Uno Nam\u00e1. Entonces,\u2026","rel":"","context":"En \u00abConciertos\u00bb","block_context":{"text":"Conciertos","link":"https:\/\/casadecampoliving.com\/es\/category\/conciertos-es\/"},"img":{"alt_text":"Marina Casa de Campo","src":"https:\/\/i0.wp.com\/casadecampoliving.com\/wp-content\/uploads\/2022\/10\/33605456-H1-Casa-de-Campo-Marina-Plaza-e1472237622122-1.jpg?fit=1000%2C665&ssl=1&resize=350%2C200","width":350,"height":200,"srcset":"https:\/\/i0.wp.com\/casadecampoliving.com\/wp-content\/uploads\/2022\/10\/33605456-H1-Casa-de-Campo-Marina-Plaza-e1472237622122-1.jpg?fit=1000%2C665&ssl=1&resize=350%2C200 1x, https:\/\/i0.wp.com\/casadecampoliving.com\/wp-content\/uploads\/2022\/10\/33605456-H1-Casa-de-Campo-Marina-Plaza-e1472237622122-1.jpg?fit=1000%2C665&ssl=1&resize=525%2C300 1.5x, https:\/\/i0.wp.com\/casadecampoliving.com\/wp-content\/uploads\/2022\/10\/33605456-H1-Casa-de-Campo-Marina-Plaza-e1472237622122-1.jpg?fit=1000%2C665&ssl=1&resize=700%2C400 2x"},"classes":[]}],"jetpack_sharing_enabled":true,"_links":{"self":[{"href":"https:\/\/casadecampoliving.com\/es\/wp-json\/wp\/v2\/posts\/546697","targetHints":{"allow":["GET"]}}],"collection":[{"href":"https:\/\/casadecampoliving.com\/es\/wp-json\/wp\/v2\/posts"}],"about":[{"href":"https:\/\/casadecampoliving.com\/es\/wp-json\/wp\/v2\/types\/post"}],"author":[{"embeddable":true,"href":"https:\/\/casadecampoliving.com\/es\/wp-json\/wp\/v2\/users\/36791"}],"replies":[{"embeddable":true,"href":"https:\/\/casadecampoliving.com\/es\/wp-json\/wp\/v2\/comments?post=546697"}],"version-history":[{"count":1,"href":"https:\/\/casadecampoliving.com\/es\/wp-json\/wp\/v2\/posts\/546697\/revisions"}],"predecessor-version":[{"id":546698,"href":"https:\/\/casadecampoliving.com\/es\/wp-json\/wp\/v2\/posts\/546697\/revisions\/546698"}],"wp:featuredmedia":[{"embeddable":true,"href":"https:\/\/casadecampoliving.com\/es\/wp-json\/wp\/v2\/media\/543467"}],"wp:attachment":[{"href":"https:\/\/casadecampoliving.com\/es\/wp-json\/wp\/v2\/media?parent=546697"}],"wp:term":[{"taxonomy":"category","embeddable":true,"href":"https:\/\/casadecampoliving.com\/es\/wp-json\/wp\/v2\/categories?post=546697"},{"taxonomy":"post_tag","embeddable":true,"href":"https:\/\/casadecampoliving.com\/es\/wp-json\/wp\/v2\/tags?post=546697"},{"taxonomy":"newspack_spnsrs_tax","embeddable":true,"href":"https:\/\/casadecampoliving.com\/es\/wp-json\/wp\/v2\/newspack_spnsrs_tax?post=546697"}],"curies":[{"name":"wp","href":"https:\/\/api.w.org\/{rel}","templated":true}]}}