{"id":546495,"date":"2025-10-08T13:58:33","date_gmt":"2025-10-08T17:58:33","guid":{"rendered":"https:\/\/casadecampoliving.com\/?p=546495"},"modified":"2025-12-16T18:13:44","modified_gmt":"2025-12-16T22:13:44","slug":"diagnostica-social-lanza-iniciativa-por-el-mes-de-concienciacion-sobre-el-cancer-de-mama-en-la-romana","status":"publish","type":"post","link":"https:\/\/casadecampoliving.com\/es\/diagnostica-social-lanza-iniciativa-por-el-mes-de-concienciacion-sobre-el-cancer-de-mama-en-la-romana\/","title":{"rendered":"Diagn\u00f3stica Social Lanza Iniciativa por el Mes de Concienciaci\u00f3n sobre el C\u00e1ncer de Mama en La Romana"},"content":{"rendered":"\n<p>Breast cancer remains the most common cancer among women, but early detection can make treatment safer and more effective. That\u2019s the message behind <strong>Diagn\u00f3stica Social\u2019s Breast Cancer Awareness Month campaign<\/strong>, which runs throughout October at its Central Romana facility.<\/p>\n\n<h3 class=\"wp-block-heading\">Affordable Screenings All Month<\/h3>\n\n<p>The clinic announced that <strong>mammograms and sonomammograms<\/strong> will be offered for <strong>RD$1,000<\/strong> during the month of October. For insured patients, there is no additional cost.<\/p>\n\n<figure class=\"wp-block-image size-large\"><img data-recalc-dims=\"1\" loading=\"lazy\" decoding=\"async\" width=\"1024\" height=\"644\" data-attachment-id=\"544347\" data-permalink=\"https:\/\/casadecampoliving.com\/es\/diagnostica-social-launches-breast-cancer-awareness-month-initiative-in-la-romana\/diagnostica-social-484916092_1178692100591138_761251948008792983_n\/\" data-orig-file=\"https:\/\/i0.wp.com\/casadecampoliving.com\/wp-content\/uploads\/2025\/10\/Diagnostica-Social-484916092_1178692100591138_761251948008792983_n.jpg?fit=1785%2C1123&amp;ssl=1\" data-orig-size=\"1785,1123\" data-comments-opened=\"0\" data-image-meta=\"{&quot;aperture&quot;:&quot;0&quot;,&quot;credit&quot;:&quot;&quot;,&quot;camera&quot;:&quot;&quot;,&quot;caption&quot;:&quot;&quot;,&quot;created_timestamp&quot;:&quot;0&quot;,&quot;copyright&quot;:&quot;&quot;,&quot;focal_length&quot;:&quot;0&quot;,&quot;iso&quot;:&quot;0&quot;,&quot;shutter_speed&quot;:&quot;0&quot;,&quot;title&quot;:&quot;&quot;,&quot;orientation&quot;:&quot;0&quot;}\" data-image-title=\"Diagn\u00f3stica Social 484916092_1178692100591138_761251948008792983_n\" data-image-description=\"\" data-image-caption=\"&lt;p&gt;Photo: Diagn\u00f3stica Social&lt;\/p&gt;\n\" data-large-file=\"https:\/\/i0.wp.com\/casadecampoliving.com\/wp-content\/uploads\/2025\/10\/Diagnostica-Social-484916092_1178692100591138_761251948008792983_n.jpg?fit=1024%2C644&amp;ssl=1\" src=\"https:\/\/i0.wp.com\/casadecampoliving.com\/wp-content\/uploads\/2025\/10\/Diagnostica-Social-484916092_1178692100591138_761251948008792983_n.jpg?resize=1024%2C644&#038;ssl=1\" alt=\"\" class=\"wp-image-544347\" srcset=\"https:\/\/i0.wp.com\/casadecampoliving.com\/wp-content\/uploads\/2025\/10\/Diagnostica-Social-484916092_1178692100591138_761251948008792983_n.jpg?resize=1024%2C644&amp;ssl=1 1024w, https:\/\/i0.wp.com\/casadecampoliving.com\/wp-content\/uploads\/2025\/10\/Diagnostica-Social-484916092_1178692100591138_761251948008792983_n.jpg?resize=300%2C189&amp;ssl=1 300w, https:\/\/i0.wp.com\/casadecampoliving.com\/wp-content\/uploads\/2025\/10\/Diagnostica-Social-484916092_1178692100591138_761251948008792983_n.jpg?resize=768%2C483&amp;ssl=1 768w, https:\/\/i0.wp.com\/casadecampoliving.com\/wp-content\/uploads\/2025\/10\/Diagnostica-Social-484916092_1178692100591138_761251948008792983_n.jpg?resize=1536%2C966&amp;ssl=1 1536w, https:\/\/i0.wp.com\/casadecampoliving.com\/wp-content\/uploads\/2025\/10\/Diagnostica-Social-484916092_1178692100591138_761251948008792983_n.jpg?resize=1200%2C755&amp;ssl=1 1200w, https:\/\/i0.wp.com\/casadecampoliving.com\/wp-content\/uploads\/2025\/10\/Diagnostica-Social-484916092_1178692100591138_761251948008792983_n.jpg?resize=780%2C491&amp;ssl=1 780w, https:\/\/i0.wp.com\/casadecampoliving.com\/wp-content\/uploads\/2025\/10\/Diagnostica-Social-484916092_1178692100591138_761251948008792983_n.jpg?resize=400%2C252&amp;ssl=1 400w, https:\/\/i0.wp.com\/casadecampoliving.com\/wp-content\/uploads\/2025\/10\/Diagnostica-Social-484916092_1178692100591138_761251948008792983_n.jpg?resize=1320%2C830&amp;ssl=1 1320w, https:\/\/i0.wp.com\/casadecampoliving.com\/wp-content\/uploads\/2025\/10\/Diagnostica-Social-484916092_1178692100591138_761251948008792983_n.jpg?resize=150%2C94&amp;ssl=1 150w, https:\/\/i0.wp.com\/casadecampoliving.com\/wp-content\/uploads\/2025\/10\/Diagnostica-Social-484916092_1178692100591138_761251948008792983_n.jpg?w=1785&amp;ssl=1 1785w, https:\/\/i0.wp.com\/casadecampoliving.com\/wp-content\/uploads\/2025\/10\/Diagnostica-Social-484916092_1178692100591138_761251948008792983_n-1024x644.jpg?w=370&amp;ssl=1 370w\" sizes=\"auto, (max-width: 1000px) 100vw, 1000px\" \/><figcaption class=\"wp-element-caption\">Photo: Diagn\u00f3stica Social<\/figcaption><\/figure>\n\n<p>Dr. Mois\u00e9s Williams, a physician at Diagn\u00f3stica Social, emphasized the importance of screenings. \u201cWhen breast cancer is detected early there is much less tissue to remove, and treatment is easier and safer,\u201d he said in a <a href=\"https:\/\/www.instagram.com\/reel\/DPW6-eADieX\/?utm_source=ig_web_copy_link&amp;igsh=MzRlODBiNWFlZA==\" target=\"_blank\" rel=\"noreferrer noopener nofollow\">recent video shared<\/a> by the center.<\/p>\n\n<h3 class=\"wp-block-heading\"><strong><strong>Mammogram and Sonomammogram Explained<\/strong><\/strong><\/h3>\n\n<p>A mammogram is an X-ray of the breast tissue, while a sonomammogram adds ultrasound imaging to improve detection. Together, these tests can provide a clearer picture of breast health, especially for women with dense breast tissue.<\/p>\n\n<p>The exams are available daily throughout October at <strong>Batey Principal #99, Central Romana, La Romana<\/strong>. Appointments can be booked via WhatsApp at <strong>829-452-9145<\/strong> or by calling <strong>809-550-1002 \/ 809-550-8376<\/strong>.<\/p>\n\n<figure class=\"wp-block-image size-large\"><img data-recalc-dims=\"1\" loading=\"lazy\" decoding=\"async\" width=\"1024\" height=\"644\" data-attachment-id=\"544345\" data-permalink=\"https:\/\/casadecampoliving.com\/es\/diagnostica-social-launches-breast-cancer-awareness-month-initiative-in-la-romana\/diagnostica-social-481223081_1169580611502287_6881934336642659404_n\/\" data-orig-file=\"https:\/\/i0.wp.com\/casadecampoliving.com\/wp-content\/uploads\/2025\/10\/Diagnostica-Social-481223081_1169580611502287_6881934336642659404_n.jpg?fit=1785%2C1123&amp;ssl=1\" data-orig-size=\"1785,1123\" data-comments-opened=\"0\" data-image-meta=\"{&quot;aperture&quot;:&quot;0&quot;,&quot;credit&quot;:&quot;&quot;,&quot;camera&quot;:&quot;&quot;,&quot;caption&quot;:&quot;&quot;,&quot;created_timestamp&quot;:&quot;0&quot;,&quot;copyright&quot;:&quot;&quot;,&quot;focal_length&quot;:&quot;0&quot;,&quot;iso&quot;:&quot;0&quot;,&quot;shutter_speed&quot;:&quot;0&quot;,&quot;title&quot;:&quot;&quot;,&quot;orientation&quot;:&quot;0&quot;}\" data-image-title=\"Diagn\u00f3stica Social 481223081_1169580611502287_6881934336642659404_n\" data-image-description=\"\" data-image-caption=\"&lt;p&gt;Photo: Diagn\u00f3stica Social&lt;\/p&gt;\n\" data-large-file=\"https:\/\/i0.wp.com\/casadecampoliving.com\/wp-content\/uploads\/2025\/10\/Diagnostica-Social-481223081_1169580611502287_6881934336642659404_n.jpg?fit=1024%2C644&amp;ssl=1\" src=\"https:\/\/i0.wp.com\/casadecampoliving.com\/wp-content\/uploads\/2025\/10\/Diagnostica-Social-481223081_1169580611502287_6881934336642659404_n.jpg?resize=1024%2C644&#038;ssl=1\" alt=\"\" class=\"wp-image-544345\" srcset=\"https:\/\/i0.wp.com\/casadecampoliving.com\/wp-content\/uploads\/2025\/10\/Diagnostica-Social-481223081_1169580611502287_6881934336642659404_n.jpg?resize=1024%2C644&amp;ssl=1 1024w, https:\/\/i0.wp.com\/casadecampoliving.com\/wp-content\/uploads\/2025\/10\/Diagnostica-Social-481223081_1169580611502287_6881934336642659404_n.jpg?resize=300%2C189&amp;ssl=1 300w, https:\/\/i0.wp.com\/casadecampoliving.com\/wp-content\/uploads\/2025\/10\/Diagnostica-Social-481223081_1169580611502287_6881934336642659404_n.jpg?resize=768%2C483&amp;ssl=1 768w, https:\/\/i0.wp.com\/casadecampoliving.com\/wp-content\/uploads\/2025\/10\/Diagnostica-Social-481223081_1169580611502287_6881934336642659404_n.jpg?resize=1536%2C966&amp;ssl=1 1536w, https:\/\/i0.wp.com\/casadecampoliving.com\/wp-content\/uploads\/2025\/10\/Diagnostica-Social-481223081_1169580611502287_6881934336642659404_n.jpg?resize=1200%2C755&amp;ssl=1 1200w, https:\/\/i0.wp.com\/casadecampoliving.com\/wp-content\/uploads\/2025\/10\/Diagnostica-Social-481223081_1169580611502287_6881934336642659404_n.jpg?resize=780%2C491&amp;ssl=1 780w, https:\/\/i0.wp.com\/casadecampoliving.com\/wp-content\/uploads\/2025\/10\/Diagnostica-Social-481223081_1169580611502287_6881934336642659404_n.jpg?resize=400%2C252&amp;ssl=1 400w, https:\/\/i0.wp.com\/casadecampoliving.com\/wp-content\/uploads\/2025\/10\/Diagnostica-Social-481223081_1169580611502287_6881934336642659404_n.jpg?resize=1320%2C830&amp;ssl=1 1320w, https:\/\/i0.wp.com\/casadecampoliving.com\/wp-content\/uploads\/2025\/10\/Diagnostica-Social-481223081_1169580611502287_6881934336642659404_n.jpg?resize=150%2C94&amp;ssl=1 150w, https:\/\/i0.wp.com\/casadecampoliving.com\/wp-content\/uploads\/2025\/10\/Diagnostica-Social-481223081_1169580611502287_6881934336642659404_n.jpg?w=1785&amp;ssl=1 1785w, https:\/\/i0.wp.com\/casadecampoliving.com\/wp-content\/uploads\/2025\/10\/Diagnostica-Social-481223081_1169580611502287_6881934336642659404_n-1024x644.jpg?w=370&amp;ssl=1 370w\" sizes=\"auto, (max-width: 1000px) 100vw, 1000px\" \/><figcaption class=\"wp-element-caption\">Photo: Diagn\u00f3stica Social<\/figcaption><\/figure>\n\n<h3 class=\"wp-block-heading\">A Regional Health Concern<\/h3>\n\n<p>According to health data cited in previous campaigns, more than 2,400 women are diagnosed with breast cancer annually in the Dominican Republic, with over 1,000 cases detected too late for effective treatment. Regular screenings, especially for women over 40, remain the strongest defense.<\/p>\n\n<p>Diagn\u00f3stica Social\u2019s initiative reflects its ongoing mission to make preventive care accessible. As the center put it in its announcement: <em>\u201cLa detecci\u00f3n temprana puede salvar vidas\u201d<\/em> \u2014 early detection can save lives.<\/p>\n\n<p><strong>For everything in and around\u00a0<em>Casa<\/em>,\u00a0<a href=\"https:\/\/casadecampoliving.com\/subscribe-theweekly\/\" target=\"_blank\" rel=\"noreferrer noopener\">sign up<\/a>\u00a0for our free newsletter.\u00a0<\/strong><\/p>\n\n<figure class=\"wp-block-image size-full\"><img data-recalc-dims=\"1\" loading=\"lazy\" decoding=\"async\" width=\"1000\" height=\"667\" data-attachment-id=\"544339\" data-permalink=\"https:\/\/casadecampoliving.com\/es\/diagnostica-social-launches-breast-cancer-awareness-month-initiative-in-la-romana\/600x400-4\/\" data-orig-file=\"https:\/\/i0.wp.com\/casadecampoliving.com\/wp-content\/uploads\/2025\/10\/600x400-1.jpg?fit=1000%2C667&amp;ssl=1\" data-orig-size=\"1000,667\" data-comments-opened=\"0\" data-image-meta=\"{&quot;aperture&quot;:&quot;0&quot;,&quot;credit&quot;:&quot;&quot;,&quot;camera&quot;:&quot;&quot;,&quot;caption&quot;:&quot;&quot;,&quot;created_timestamp&quot;:&quot;0&quot;,&quot;copyright&quot;:&quot;&quot;,&quot;focal_length&quot;:&quot;0&quot;,&quot;iso&quot;:&quot;0&quot;,&quot;shutter_speed&quot;:&quot;0&quot;,&quot;title&quot;:&quot;&quot;,&quot;orientation&quot;:&quot;0&quot;}\" data-image-title=\"600&amp;#215;400\" data-image-description=\"\" data-image-caption=\"\" data-large-file=\"https:\/\/i0.wp.com\/casadecampoliving.com\/wp-content\/uploads\/2025\/10\/600x400-1.jpg?fit=1000%2C667&amp;ssl=1\" src=\"https:\/\/i0.wp.com\/casadecampoliving.com\/wp-content\/uploads\/2025\/10\/600x400-1.jpg?resize=1000%2C667&#038;ssl=1\" alt=\"\" class=\"wp-image-544339\" srcset=\"https:\/\/i0.wp.com\/casadecampoliving.com\/wp-content\/uploads\/2025\/10\/600x400-1.jpg?w=1000&amp;ssl=1 1000w, https:\/\/i0.wp.com\/casadecampoliving.com\/wp-content\/uploads\/2025\/10\/600x400-1.jpg?resize=300%2C200&amp;ssl=1 300w, https:\/\/i0.wp.com\/casadecampoliving.com\/wp-content\/uploads\/2025\/10\/600x400-1.jpg?resize=768%2C512&amp;ssl=1 768w, https:\/\/i0.wp.com\/casadecampoliving.com\/wp-content\/uploads\/2025\/10\/600x400-1.jpg?resize=780%2C520&amp;ssl=1 780w, https:\/\/i0.wp.com\/casadecampoliving.com\/wp-content\/uploads\/2025\/10\/600x400-1.jpg?resize=400%2C267&amp;ssl=1 400w, https:\/\/i0.wp.com\/casadecampoliving.com\/wp-content\/uploads\/2025\/10\/600x400-1.jpg?resize=150%2C100&amp;ssl=1 150w, https:\/\/i0.wp.com\/casadecampoliving.com\/wp-content\/uploads\/2025\/10\/600x400-1.jpg?w=370&amp;ssl=1 370w\" sizes=\"auto, (max-width: 1000px) 100vw, 1000px\" \/><\/figure>\n","protected":false},"excerpt":{"rendered":"<p>Breast cancer remains the most common cancer among women, but early detection can make treatment safer and more effective. That\u2019s the message behind Diagn\u00f3stica Social\u2019s Breast Cancer Awareness Month campaign, which runs throughout October at its Central Romana facility. Affordable Screenings All Month The clinic announced that mammograms and sonomammograms will be offered for RD$1,000 [&hellip;]<\/p>\n","protected":false},"author":36682,"featured_media":544343,"comment_status":"closed","ping_status":"closed","sticky":false,"template":"","format":"standard","meta":{"newspack_ads_suppress_ads":false,"newspack_popups_has_disabled_popups":false,"newspack_sponsor_sponsorship_scope":"","newspack_sponsor_native_byline_display":"inherit","newspack_sponsor_native_category_display":"inherit","newspack_sponsor_underwriter_style":"inherit","newspack_sponsor_underwriter_placement":"inherit","_newspack_byline_active":false,"_newspack_byline":"","newspack_hide_updated_date":false,"newspack_show_updated_date":false,"newspack_content_restriction_is_exempt":false,"newspack_featured_image_position":"","newspack_post_subtitle":"","newspack_article_summary_title":"Overview:","newspack_article_summary":"","_jetpack_memberships_contains_paid_content":false,"footnotes":"","jetpack_publicize_message":"","jetpack_publicize_feature_enabled":true,"jetpack_social_post_already_shared":false,"jetpack_social_options":{"image_generator_settings":{"template":"highway","default_image_id":0,"font":"","enabled":false},"version":2},"_wpas_customize_per_network":false},"categories":[23889,2527,2498],"tags":[27861,27855,27860,27857,27858,27862,27856,27470],"newspack_spnsrs_tax":[],"class_list":["post-546495","post","type-post","status-publish","format-standard","has-post-thumbnail","hentry","category-lifestyle-2","category-salud","category-uncategorized-es","tag-breast-cancer-awareness-2","tag-cancer-2","tag-diagnostica-social-2","tag-mammogram-2","tag-october-2","tag-sonogram-2","tag-sonomammogram-2","tag-upcoming-2","entry"],"yoast_head":"<!-- This site is optimized with the Yoast SEO plugin v27.4 - https:\/\/yoast.com\/product\/yoast-seo-wordpress\/ -->\n<title>Diagn\u00f3stica Social Lanza Iniciativa por el Mes de Concienciaci\u00f3n sobre el C\u00e1ncer de Mama en La Romana | Casa de Campo Living<\/title>\n<meta name=\"description\" content=\"Breast cancer remains the most common cancer among women, but early detection can make treatment safer and more effective. That\u2019s the message behind\" \/>\n<meta name=\"robots\" content=\"index, follow, max-snippet:-1, max-image-preview:large, max-video-preview:-1\" \/>\n<link rel=\"canonical\" href=\"https:\/\/casadecampoliving.com\/es\/diagnostica-social-lanza-iniciativa-por-el-mes-de-concienciacion-sobre-el-cancer-de-mama-en-la-romana\/\" \/>\n<meta property=\"og:locale\" content=\"es_ES\" \/>\n<meta property=\"og:type\" content=\"article\" \/>\n<meta property=\"og:title\" content=\"Diagn\u00f3stica Social Lanza Iniciativa por el Mes de Concienciaci\u00f3n sobre el C\u00e1ncer de Mama en La Romana | Casa de Campo Living\" \/>\n<meta property=\"og:description\" content=\"Breast cancer remains the most common cancer among women, but early detection can make treatment safer and more effective. That\u2019s the message behind\" \/>\n<meta property=\"og:url\" content=\"https:\/\/casadecampoliving.com\/es\/diagnostica-social-lanza-iniciativa-por-el-mes-de-concienciacion-sobre-el-cancer-de-mama-en-la-romana\/\" \/>\n<meta property=\"og:site_name\" content=\"Casa de Campo Living\" \/>\n<meta property=\"article:publisher\" content=\"https:\/\/www.facebook.com\/casadecampoliving\" \/>\n<meta property=\"article:published_time\" content=\"2025-10-08T17:58:33+00:00\" \/>\n<meta property=\"article:modified_time\" content=\"2025-12-16T22:13:44+00:00\" \/>\n<meta property=\"og:image\" content=\"https:\/\/casadecampoliving.com\/wp-content\/uploads\/2025\/10\/Diagnostica-Social-43079524_1970794386552863_8127104715705024512_n.jpg\" \/>\n\t<meta property=\"og:image:width\" content=\"2048\" \/>\n\t<meta property=\"og:image:height\" content=\"1365\" \/>\n\t<meta property=\"og:image:type\" content=\"image\/jpeg\" \/>\n<meta name=\"author\" content=\"Marlenys Guzm\u00e1n Casta\u00f1os\" \/>\n<meta name=\"twitter:card\" content=\"summary_large_image\" \/>\n<meta name=\"twitter:creator\" content=\"@cdcliving\" \/>\n<meta name=\"twitter:site\" content=\"@cdcliving\" \/>\n<meta name=\"twitter:label1\" content=\"Escrito por\" \/>\n\t<meta name=\"twitter:data1\" content=\"Marlenys Guzm\u00e1n Casta\u00f1os\" \/>\n\t<meta name=\"twitter:label2\" content=\"Tiempo de lectura\" \/>\n\t<meta name=\"twitter:data2\" content=\"1 minuto\" \/>\n<script type=\"application\/ld+json\" class=\"yoast-schema-graph\">{\"@context\":\"https:\\\/\\\/schema.org\",\"@graph\":[{\"@type\":\"Article\",\"@id\":\"https:\\\/\\\/casadecampoliving.com\\\/es\\\/diagnostica-social-lanza-iniciativa-por-el-mes-de-concienciacion-sobre-el-cancer-de-mama-en-la-romana\\\/#article\",\"isPartOf\":{\"@id\":\"https:\\\/\\\/casadecampoliving.com\\\/es\\\/diagnostica-social-lanza-iniciativa-por-el-mes-de-concienciacion-sobre-el-cancer-de-mama-en-la-romana\\\/\"},\"author\":{\"name\":\"Marlenys Guzm\u00e1n Casta\u00f1os\",\"@id\":\"https:\\\/\\\/casadecampoliving.com\\\/es\\\/#\\\/schema\\\/person\\\/b6606bd87f9cec8f5903e2141cafda24\"},\"headline\":\"Diagn\u00f3stica Social Lanza Iniciativa por el Mes de Concienciaci\u00f3n sobre el C\u00e1ncer de Mama en La Romana\",\"datePublished\":\"2025-10-08T17:58:33+00:00\",\"dateModified\":\"2025-12-16T22:13:44+00:00\",\"mainEntityOfPage\":{\"@id\":\"https:\\\/\\\/casadecampoliving.com\\\/es\\\/diagnostica-social-lanza-iniciativa-por-el-mes-de-concienciacion-sobre-el-cancer-de-mama-en-la-romana\\\/\"},\"wordCount\":303,\"publisher\":{\"@id\":\"https:\\\/\\\/casadecampoliving.com\\\/es\\\/#organization\"},\"image\":{\"@id\":\"https:\\\/\\\/casadecampoliving.com\\\/es\\\/diagnostica-social-lanza-iniciativa-por-el-mes-de-concienciacion-sobre-el-cancer-de-mama-en-la-romana\\\/#primaryimage\"},\"thumbnailUrl\":\"https:\\\/\\\/i0.wp.com\\\/casadecampoliving.com\\\/wp-content\\\/uploads\\\/2025\\\/10\\\/Diagnostica-Social-43079524_1970794386552863_8127104715705024512_n.jpg?fit=2048%2C1365&ssl=1\",\"keywords\":[\"breast cancer awareness\",\"cancer\",\"diagn\u00f3stica social\",\"mammogram\",\"October\",\"sonogram\",\"Sonomammogram\",\"upcoming\"],\"articleSection\":[\"Lifestyle\",\"Salud\",\"Uncategorized @es\"],\"inLanguage\":\"es\"},{\"@type\":\"WebPage\",\"@id\":\"https:\\\/\\\/casadecampoliving.com\\\/es\\\/diagnostica-social-lanza-iniciativa-por-el-mes-de-concienciacion-sobre-el-cancer-de-mama-en-la-romana\\\/\",\"url\":\"https:\\\/\\\/casadecampoliving.com\\\/es\\\/diagnostica-social-lanza-iniciativa-por-el-mes-de-concienciacion-sobre-el-cancer-de-mama-en-la-romana\\\/\",\"name\":\"Diagn\u00f3stica Social Lanza Iniciativa por el Mes de Concienciaci\u00f3n sobre el C\u00e1ncer de Mama en La Romana | Casa de Campo Living\",\"isPartOf\":{\"@id\":\"https:\\\/\\\/casadecampoliving.com\\\/es\\\/#website\"},\"primaryImageOfPage\":{\"@id\":\"https:\\\/\\\/casadecampoliving.com\\\/es\\\/diagnostica-social-lanza-iniciativa-por-el-mes-de-concienciacion-sobre-el-cancer-de-mama-en-la-romana\\\/#primaryimage\"},\"image\":{\"@id\":\"https:\\\/\\\/casadecampoliving.com\\\/es\\\/diagnostica-social-lanza-iniciativa-por-el-mes-de-concienciacion-sobre-el-cancer-de-mama-en-la-romana\\\/#primaryimage\"},\"thumbnailUrl\":\"https:\\\/\\\/i0.wp.com\\\/casadecampoliving.com\\\/wp-content\\\/uploads\\\/2025\\\/10\\\/Diagnostica-Social-43079524_1970794386552863_8127104715705024512_n.jpg?fit=2048%2C1365&ssl=1\",\"datePublished\":\"2025-10-08T17:58:33+00:00\",\"dateModified\":\"2025-12-16T22:13:44+00:00\",\"description\":\"Breast cancer remains the most common cancer among women, but early detection can make treatment safer and more effective. That\u2019s the message behind\",\"breadcrumb\":{\"@id\":\"https:\\\/\\\/casadecampoliving.com\\\/es\\\/diagnostica-social-lanza-iniciativa-por-el-mes-de-concienciacion-sobre-el-cancer-de-mama-en-la-romana\\\/#breadcrumb\"},\"inLanguage\":\"es\",\"potentialAction\":[{\"@type\":\"ReadAction\",\"target\":[\"https:\\\/\\\/casadecampoliving.com\\\/es\\\/diagnostica-social-lanza-iniciativa-por-el-mes-de-concienciacion-sobre-el-cancer-de-mama-en-la-romana\\\/\"]}]},{\"@type\":\"ImageObject\",\"inLanguage\":\"es\",\"@id\":\"https:\\\/\\\/casadecampoliving.com\\\/es\\\/diagnostica-social-lanza-iniciativa-por-el-mes-de-concienciacion-sobre-el-cancer-de-mama-en-la-romana\\\/#primaryimage\",\"url\":\"https:\\\/\\\/i0.wp.com\\\/casadecampoliving.com\\\/wp-content\\\/uploads\\\/2025\\\/10\\\/Diagnostica-Social-43079524_1970794386552863_8127104715705024512_n.jpg?fit=2048%2C1365&ssl=1\",\"contentUrl\":\"https:\\\/\\\/i0.wp.com\\\/casadecampoliving.com\\\/wp-content\\\/uploads\\\/2025\\\/10\\\/Diagnostica-Social-43079524_1970794386552863_8127104715705024512_n.jpg?fit=2048%2C1365&ssl=1\",\"width\":2048,\"height\":1365,\"caption\":\"Photo: Diagn\u00f3stica Social\"},{\"@type\":\"BreadcrumbList\",\"@id\":\"https:\\\/\\\/casadecampoliving.com\\\/es\\\/diagnostica-social-lanza-iniciativa-por-el-mes-de-concienciacion-sobre-el-cancer-de-mama-en-la-romana\\\/#breadcrumb\",\"itemListElement\":[{\"@type\":\"ListItem\",\"position\":1,\"name\":\"Home\",\"item\":\"https:\\\/\\\/casadecampoliving.com\\\/es\\\/\"},{\"@type\":\"ListItem\",\"position\":2,\"name\":\"Diagn\u00f3stica Social Lanza Iniciativa por el Mes de Concienciaci\u00f3n sobre el C\u00e1ncer de Mama en La Romana\"}]},{\"@type\":\"WebSite\",\"@id\":\"https:\\\/\\\/casadecampoliving.com\\\/es\\\/#website\",\"url\":\"https:\\\/\\\/casadecampoliving.com\\\/es\\\/\",\"name\":\"Casa de Campo Living\",\"description\":\"Resort community news and resources.\",\"publisher\":{\"@id\":\"https:\\\/\\\/casadecampoliving.com\\\/es\\\/#organization\"},\"potentialAction\":[{\"@type\":\"SearchAction\",\"target\":{\"@type\":\"EntryPoint\",\"urlTemplate\":\"https:\\\/\\\/casadecampoliving.com\\\/es\\\/?s={search_term_string}\"},\"query-input\":{\"@type\":\"PropertyValueSpecification\",\"valueRequired\":true,\"valueName\":\"search_term_string\"}}],\"inLanguage\":\"es\"},{\"@type\":\"Organization\",\"@id\":\"https:\\\/\\\/casadecampoliving.com\\\/es\\\/#organization\",\"name\":\"Casa de Campo Living\",\"url\":\"https:\\\/\\\/casadecampoliving.com\\\/es\\\/\",\"logo\":{\"@type\":\"ImageObject\",\"inLanguage\":\"es\",\"@id\":\"https:\\\/\\\/casadecampoliving.com\\\/es\\\/#\\\/schema\\\/logo\\\/image\\\/\",\"url\":\"https:\\\/\\\/i0.wp.com\\\/casadecampoliving.com\\\/wp-content\\\/uploads\\\/2022\\\/07\\\/CDCLivingLogo_V1-white-sized.png?fit=800%2C214&ssl=1\",\"contentUrl\":\"https:\\\/\\\/i0.wp.com\\\/casadecampoliving.com\\\/wp-content\\\/uploads\\\/2022\\\/07\\\/CDCLivingLogo_V1-white-sized.png?fit=800%2C214&ssl=1\",\"width\":800,\"height\":214,\"caption\":\"Casa de Campo Living\"},\"image\":{\"@id\":\"https:\\\/\\\/casadecampoliving.com\\\/es\\\/#\\\/schema\\\/logo\\\/image\\\/\"},\"sameAs\":[\"https:\\\/\\\/www.facebook.com\\\/casadecampoliving\",\"https:\\\/\\\/x.com\\\/cdcliving\"]},{\"@type\":\"Person\",\"@id\":\"https:\\\/\\\/casadecampoliving.com\\\/es\\\/#\\\/schema\\\/person\\\/b6606bd87f9cec8f5903e2141cafda24\",\"name\":\"Marlenys Guzm\u00e1n Casta\u00f1os\",\"image\":{\"@type\":\"ImageObject\",\"inLanguage\":\"es\",\"@id\":\"https:\\\/\\\/secure.gravatar.com\\\/avatar\\\/72f3f86b8e6b3ec744201aeadf11d4a6055e8af194aecd9ad30ffff4437878ee?s=96&d=mm&r=g\",\"url\":\"https:\\\/\\\/secure.gravatar.com\\\/avatar\\\/72f3f86b8e6b3ec744201aeadf11d4a6055e8af194aecd9ad30ffff4437878ee?s=96&d=mm&r=g\",\"contentUrl\":\"https:\\\/\\\/secure.gravatar.com\\\/avatar\\\/72f3f86b8e6b3ec744201aeadf11d4a6055e8af194aecd9ad30ffff4437878ee?s=96&d=mm&r=g\",\"caption\":\"Marlenys Guzm\u00e1n Casta\u00f1os\"},\"url\":\"https:\\\/\\\/casadecampoliving.com\\\/es\\\/author\\\/mguzman\\\/\"}]}<\/script>\n<!-- \/ Yoast SEO plugin. -->","yoast_head_json":{"title":"Diagn\u00f3stica Social Lanza Iniciativa por el Mes de Concienciaci\u00f3n sobre el C\u00e1ncer de Mama en La Romana | Casa de Campo Living","description":"Breast cancer remains the most common cancer among women, but early detection can make treatment safer and more effective. That\u2019s the message behind","robots":{"index":"index","follow":"follow","max-snippet":"max-snippet:-1","max-image-preview":"max-image-preview:large","max-video-preview":"max-video-preview:-1"},"canonical":"https:\/\/casadecampoliving.com\/es\/diagnostica-social-lanza-iniciativa-por-el-mes-de-concienciacion-sobre-el-cancer-de-mama-en-la-romana\/","og_locale":"es_ES","og_type":"article","og_title":"Diagn\u00f3stica Social Lanza Iniciativa por el Mes de Concienciaci\u00f3n sobre el C\u00e1ncer de Mama en La Romana | Casa de Campo Living","og_description":"Breast cancer remains the most common cancer among women, but early detection can make treatment safer and more effective. That\u2019s the message behind","og_url":"https:\/\/casadecampoliving.com\/es\/diagnostica-social-lanza-iniciativa-por-el-mes-de-concienciacion-sobre-el-cancer-de-mama-en-la-romana\/","og_site_name":"Casa de Campo Living","article_publisher":"https:\/\/www.facebook.com\/casadecampoliving","article_published_time":"2025-10-08T17:58:33+00:00","article_modified_time":"2025-12-16T22:13:44+00:00","og_image":[{"width":2048,"height":1365,"url":"https:\/\/casadecampoliving.com\/wp-content\/uploads\/2025\/10\/Diagnostica-Social-43079524_1970794386552863_8127104715705024512_n.jpg","type":"image\/jpeg"}],"author":"Marlenys Guzm\u00e1n Casta\u00f1os","twitter_card":"summary_large_image","twitter_creator":"@cdcliving","twitter_site":"@cdcliving","twitter_misc":{"Escrito por":"Marlenys Guzm\u00e1n Casta\u00f1os","Tiempo de lectura":"1 minuto"},"schema":{"@context":"https:\/\/schema.org","@graph":[{"@type":"Article","@id":"https:\/\/casadecampoliving.com\/es\/diagnostica-social-lanza-iniciativa-por-el-mes-de-concienciacion-sobre-el-cancer-de-mama-en-la-romana\/#article","isPartOf":{"@id":"https:\/\/casadecampoliving.com\/es\/diagnostica-social-lanza-iniciativa-por-el-mes-de-concienciacion-sobre-el-cancer-de-mama-en-la-romana\/"},"author":{"name":"Marlenys Guzm\u00e1n Casta\u00f1os","@id":"https:\/\/casadecampoliving.com\/es\/#\/schema\/person\/b6606bd87f9cec8f5903e2141cafda24"},"headline":"Diagn\u00f3stica Social Lanza Iniciativa por el Mes de Concienciaci\u00f3n sobre el C\u00e1ncer de Mama en La Romana","datePublished":"2025-10-08T17:58:33+00:00","dateModified":"2025-12-16T22:13:44+00:00","mainEntityOfPage":{"@id":"https:\/\/casadecampoliving.com\/es\/diagnostica-social-lanza-iniciativa-por-el-mes-de-concienciacion-sobre-el-cancer-de-mama-en-la-romana\/"},"wordCount":303,"publisher":{"@id":"https:\/\/casadecampoliving.com\/es\/#organization"},"image":{"@id":"https:\/\/casadecampoliving.com\/es\/diagnostica-social-lanza-iniciativa-por-el-mes-de-concienciacion-sobre-el-cancer-de-mama-en-la-romana\/#primaryimage"},"thumbnailUrl":"https:\/\/i0.wp.com\/casadecampoliving.com\/wp-content\/uploads\/2025\/10\/Diagnostica-Social-43079524_1970794386552863_8127104715705024512_n.jpg?fit=2048%2C1365&ssl=1","keywords":["breast cancer awareness","cancer","diagn\u00f3stica social","mammogram","October","sonogram","Sonomammogram","upcoming"],"articleSection":["Lifestyle","Salud","Uncategorized @es"],"inLanguage":"es"},{"@type":"WebPage","@id":"https:\/\/casadecampoliving.com\/es\/diagnostica-social-lanza-iniciativa-por-el-mes-de-concienciacion-sobre-el-cancer-de-mama-en-la-romana\/","url":"https:\/\/casadecampoliving.com\/es\/diagnostica-social-lanza-iniciativa-por-el-mes-de-concienciacion-sobre-el-cancer-de-mama-en-la-romana\/","name":"Diagn\u00f3stica Social Lanza Iniciativa por el Mes de Concienciaci\u00f3n sobre el C\u00e1ncer de Mama en La Romana | Casa de Campo Living","isPartOf":{"@id":"https:\/\/casadecampoliving.com\/es\/#website"},"primaryImageOfPage":{"@id":"https:\/\/casadecampoliving.com\/es\/diagnostica-social-lanza-iniciativa-por-el-mes-de-concienciacion-sobre-el-cancer-de-mama-en-la-romana\/#primaryimage"},"image":{"@id":"https:\/\/casadecampoliving.com\/es\/diagnostica-social-lanza-iniciativa-por-el-mes-de-concienciacion-sobre-el-cancer-de-mama-en-la-romana\/#primaryimage"},"thumbnailUrl":"https:\/\/i0.wp.com\/casadecampoliving.com\/wp-content\/uploads\/2025\/10\/Diagnostica-Social-43079524_1970794386552863_8127104715705024512_n.jpg?fit=2048%2C1365&ssl=1","datePublished":"2025-10-08T17:58:33+00:00","dateModified":"2025-12-16T22:13:44+00:00","description":"Breast cancer remains the most common cancer among women, but early detection can make treatment safer and more effective. That\u2019s the message behind","breadcrumb":{"@id":"https:\/\/casadecampoliving.com\/es\/diagnostica-social-lanza-iniciativa-por-el-mes-de-concienciacion-sobre-el-cancer-de-mama-en-la-romana\/#breadcrumb"},"inLanguage":"es","potentialAction":[{"@type":"ReadAction","target":["https:\/\/casadecampoliving.com\/es\/diagnostica-social-lanza-iniciativa-por-el-mes-de-concienciacion-sobre-el-cancer-de-mama-en-la-romana\/"]}]},{"@type":"ImageObject","inLanguage":"es","@id":"https:\/\/casadecampoliving.com\/es\/diagnostica-social-lanza-iniciativa-por-el-mes-de-concienciacion-sobre-el-cancer-de-mama-en-la-romana\/#primaryimage","url":"https:\/\/i0.wp.com\/casadecampoliving.com\/wp-content\/uploads\/2025\/10\/Diagnostica-Social-43079524_1970794386552863_8127104715705024512_n.jpg?fit=2048%2C1365&ssl=1","contentUrl":"https:\/\/i0.wp.com\/casadecampoliving.com\/wp-content\/uploads\/2025\/10\/Diagnostica-Social-43079524_1970794386552863_8127104715705024512_n.jpg?fit=2048%2C1365&ssl=1","width":2048,"height":1365,"caption":"Photo: Diagn\u00f3stica Social"},{"@type":"BreadcrumbList","@id":"https:\/\/casadecampoliving.com\/es\/diagnostica-social-lanza-iniciativa-por-el-mes-de-concienciacion-sobre-el-cancer-de-mama-en-la-romana\/#breadcrumb","itemListElement":[{"@type":"ListItem","position":1,"name":"Home","item":"https:\/\/casadecampoliving.com\/es\/"},{"@type":"ListItem","position":2,"name":"Diagn\u00f3stica Social Lanza Iniciativa por el Mes de Concienciaci\u00f3n sobre el C\u00e1ncer de Mama en La Romana"}]},{"@type":"WebSite","@id":"https:\/\/casadecampoliving.com\/es\/#website","url":"https:\/\/casadecampoliving.com\/es\/","name":"Casa de Campo Living","description":"Resort community news and resources.","publisher":{"@id":"https:\/\/casadecampoliving.com\/es\/#organization"},"potentialAction":[{"@type":"SearchAction","target":{"@type":"EntryPoint","urlTemplate":"https:\/\/casadecampoliving.com\/es\/?s={search_term_string}"},"query-input":{"@type":"PropertyValueSpecification","valueRequired":true,"valueName":"search_term_string"}}],"inLanguage":"es"},{"@type":"Organization","@id":"https:\/\/casadecampoliving.com\/es\/#organization","name":"Casa de Campo Living","url":"https:\/\/casadecampoliving.com\/es\/","logo":{"@type":"ImageObject","inLanguage":"es","@id":"https:\/\/casadecampoliving.com\/es\/#\/schema\/logo\/image\/","url":"https:\/\/i0.wp.com\/casadecampoliving.com\/wp-content\/uploads\/2022\/07\/CDCLivingLogo_V1-white-sized.png?fit=800%2C214&ssl=1","contentUrl":"https:\/\/i0.wp.com\/casadecampoliving.com\/wp-content\/uploads\/2022\/07\/CDCLivingLogo_V1-white-sized.png?fit=800%2C214&ssl=1","width":800,"height":214,"caption":"Casa de Campo Living"},"image":{"@id":"https:\/\/casadecampoliving.com\/es\/#\/schema\/logo\/image\/"},"sameAs":["https:\/\/www.facebook.com\/casadecampoliving","https:\/\/x.com\/cdcliving"]},{"@type":"Person","@id":"https:\/\/casadecampoliving.com\/es\/#\/schema\/person\/b6606bd87f9cec8f5903e2141cafda24","name":"Marlenys Guzm\u00e1n Casta\u00f1os","image":{"@type":"ImageObject","inLanguage":"es","@id":"https:\/\/secure.gravatar.com\/avatar\/72f3f86b8e6b3ec744201aeadf11d4a6055e8af194aecd9ad30ffff4437878ee?s=96&d=mm&r=g","url":"https:\/\/secure.gravatar.com\/avatar\/72f3f86b8e6b3ec744201aeadf11d4a6055e8af194aecd9ad30ffff4437878ee?s=96&d=mm&r=g","contentUrl":"https:\/\/secure.gravatar.com\/avatar\/72f3f86b8e6b3ec744201aeadf11d4a6055e8af194aecd9ad30ffff4437878ee?s=96&d=mm&r=g","caption":"Marlenys Guzm\u00e1n Casta\u00f1os"},"url":"https:\/\/casadecampoliving.com\/es\/author\/mguzman\/"}]}},"parsely":{"version":"1.1.0","canonical_url":"https:\/\/casadecampoliving.com\/es\/diagnostica-social-lanza-iniciativa-por-el-mes-de-concienciacion-sobre-el-cancer-de-mama-en-la-romana\/","smart_links":{"inbound":0,"outbound":0},"traffic_boost_suggestions_count":0,"meta":{"@context":"https:\/\/schema.org","@type":"NewsArticle","headline":"Diagn\u00f3stica Social Lanza Iniciativa por el Mes de Concienciaci\u00f3n sobre el C\u00e1ncer de Mama en La Romana","url":"http:\/\/casadecampoliving.com\/es\/diagnostica-social-lanza-iniciativa-por-el-mes-de-concienciacion-sobre-el-cancer-de-mama-en-la-romana\/","mainEntityOfPage":{"@type":"WebPage","@id":"http:\/\/casadecampoliving.com\/es\/diagnostica-social-lanza-iniciativa-por-el-mes-de-concienciacion-sobre-el-cancer-de-mama-en-la-romana\/"},"thumbnailUrl":"https:\/\/i0.wp.com\/casadecampoliving.com\/wp-content\/uploads\/2025\/10\/Diagnostica-Social-43079524_1970794386552863_8127104715705024512_n.jpg?resize=150%2C150&ssl=1","image":{"@type":"ImageObject","url":"https:\/\/i0.wp.com\/casadecampoliving.com\/wp-content\/uploads\/2025\/10\/Diagnostica-Social-43079524_1970794386552863_8127104715705024512_n.jpg?fit=2048%2C1365&ssl=1"},"articleSection":"Lifestyle","author":[{"@type":"Person","name":"Marlenys Guzm\u00e1n Casta\u00f1os"}],"creator":["Marlenys Guzm\u00e1n Casta\u00f1os"],"publisher":{"@type":"Organization","name":"Casa de Campo Living","logo":"https:\/\/casadecampoliving.com\/wp-content\/uploads\/2022\/07\/CDCLivingLogo_V1-white-sized.png"},"keywords":["breast cancer awareness","cancer","diagn\u00f3stica social","mammogram","october","sonogram","sonomammogram","upcoming"],"dateCreated":"2025-10-08T17:58:33Z","datePublished":"2025-10-08T17:58:33Z","dateModified":"2025-12-16T22:13:44Z"},"rendered":"<script type=\"application\/ld+json\" class=\"wp-parsely-metadata\">{\"@context\":\"https:\\\/\\\/schema.org\",\"@type\":\"NewsArticle\",\"headline\":\"Diagn\\u00f3stica Social Lanza Iniciativa por el Mes de Concienciaci\\u00f3n sobre el C\\u00e1ncer de Mama en La Romana\",\"url\":\"http:\\\/\\\/casadecampoliving.com\\\/es\\\/diagnostica-social-lanza-iniciativa-por-el-mes-de-concienciacion-sobre-el-cancer-de-mama-en-la-romana\\\/\",\"mainEntityOfPage\":{\"@type\":\"WebPage\",\"@id\":\"http:\\\/\\\/casadecampoliving.com\\\/es\\\/diagnostica-social-lanza-iniciativa-por-el-mes-de-concienciacion-sobre-el-cancer-de-mama-en-la-romana\\\/\"},\"thumbnailUrl\":\"https:\\\/\\\/i0.wp.com\\\/casadecampoliving.com\\\/wp-content\\\/uploads\\\/2025\\\/10\\\/Diagnostica-Social-43079524_1970794386552863_8127104715705024512_n.jpg?resize=150%2C150&ssl=1\",\"image\":{\"@type\":\"ImageObject\",\"url\":\"https:\\\/\\\/i0.wp.com\\\/casadecampoliving.com\\\/wp-content\\\/uploads\\\/2025\\\/10\\\/Diagnostica-Social-43079524_1970794386552863_8127104715705024512_n.jpg?fit=2048%2C1365&ssl=1\"},\"articleSection\":\"Lifestyle\",\"author\":[{\"@type\":\"Person\",\"name\":\"Marlenys Guzm\\u00e1n Casta\\u00f1os\"}],\"creator\":[\"Marlenys Guzm\\u00e1n Casta\\u00f1os\"],\"publisher\":{\"@type\":\"Organization\",\"name\":\"Casa de Campo Living\",\"logo\":\"https:\\\/\\\/casadecampoliving.com\\\/wp-content\\\/uploads\\\/2022\\\/07\\\/CDCLivingLogo_V1-white-sized.png\"},\"keywords\":[\"breast cancer awareness\",\"cancer\",\"diagn\\u00f3stica social\",\"mammogram\",\"october\",\"sonogram\",\"sonomammogram\",\"upcoming\"],\"dateCreated\":\"2025-10-08T17:58:33Z\",\"datePublished\":\"2025-10-08T17:58:33Z\",\"dateModified\":\"2025-12-16T22:13:44Z\"}<\/script>","tracker_url":"https:\/\/cdn.parsely.com\/keys\/casadecampoliving.com\/p.js"},"jetpack_publicize_connections":[],"jetpack_featured_media_url":"https:\/\/i0.wp.com\/casadecampoliving.com\/wp-content\/uploads\/2025\/10\/Diagnostica-Social-43079524_1970794386552863_8127104715705024512_n.jpg?fit=2048%2C1365&ssl=1","jetpack-related-posts":[{"id":330258,"url":"https:\/\/casadecampoliving.com\/diagnostica-social-clinica-de-la-familia-promote-breast-cancer-awareness-month-2\/","url_meta":{"origin":546495,"position":0},"title":"Diagn\u00f3stica Social promotes Breast Cancer Awareness Month","author":"Marlenys Guzm\u00e1n Casta\u00f1os","date":"25 Sep, 2018","format":false,"excerpt":"October is Breast Cancer Awareness Month, and to raise awareness Diagn\u00f3stica Social has a special offer on Mammograms and Sonomammograms so that all women can afford to get themselves checked. A sonomammogram is a sonogram that is performed in addition to the mammogram (x-ray of breast tissue) for better breast\u2026","rel":"","context":"En \u00abBeyond Casa\u00bb","block_context":{"text":"Beyond Casa","link":"https:\/\/casadecampoliving.com\/category\/beyond-casa\/"},"img":{"alt_text":"","src":"https:\/\/i0.wp.com\/casadecampoliving.com\/wp-content\/uploads\/2018\/09\/diagnostica-social1.jpg?resize=350%2C200&ssl=1","width":350,"height":200,"srcset":"https:\/\/i0.wp.com\/casadecampoliving.com\/wp-content\/uploads\/2018\/09\/diagnostica-social1.jpg?resize=350%2C200&ssl=1 1x, https:\/\/i0.wp.com\/casadecampoliving.com\/wp-content\/uploads\/2018\/09\/diagnostica-social1.jpg?resize=525%2C300&ssl=1 1.5x, https:\/\/i0.wp.com\/casadecampoliving.com\/wp-content\/uploads\/2018\/09\/diagnostica-social1.jpg?resize=700%2C400&ssl=1 2x"},"classes":[]},{"id":329683,"url":"https:\/\/casadecampoliving.com\/diagnostica-social-annual-breast-cancer-awareness-medical-operative\/","url_meta":{"origin":546495,"position":1},"title":"Diagn\u00f3stica Social is holding their annual breast cancer awareness medical operative","author":"Marlenys Guzm\u00e1n Casta\u00f1os","date":"25 Sep, 2017","format":false,"excerpt":"October is Breast Cancer Awareness Month, and to raise awareness Diagn\u00f3stica Social has a special offer on Mammograms and Sonomammograms so that all women can afford to get themselves checked. A sonomammogram is a sonogram that is performed in addition to the mammogram (x-ray of breast tissue) for better breast\u2026","rel":"","context":"En \u00abBeyond Casa\u00bb","block_context":{"text":"Beyond Casa","link":"https:\/\/casadecampoliving.com\/category\/beyond-casa\/"},"img":{"alt_text":"","src":"https:\/\/i0.wp.com\/casadecampoliving.com\/wp-content\/uploads\/2022\/10\/diagnositca.jpg?fit=1000%2C667&ssl=1&resize=350%2C200","width":350,"height":200,"srcset":"https:\/\/i0.wp.com\/casadecampoliving.com\/wp-content\/uploads\/2022\/10\/diagnositca.jpg?fit=1000%2C667&ssl=1&resize=350%2C200 1x, https:\/\/i0.wp.com\/casadecampoliving.com\/wp-content\/uploads\/2022\/10\/diagnositca.jpg?fit=1000%2C667&ssl=1&resize=525%2C300 1.5x, https:\/\/i0.wp.com\/casadecampoliving.com\/wp-content\/uploads\/2022\/10\/diagnositca.jpg?fit=1000%2C667&ssl=1&resize=700%2C400 2x"},"classes":[]},{"id":330690,"url":"https:\/\/casadecampoliving.com\/october-is-breast-cancer-awareness-month-get-checked-at-diagnostica-social\/","url_meta":{"origin":546495,"position":2},"title":"October is Breast Cancer Awareness Month get checked at Diagn\u00f3stica Social","author":"Casa de Campo Living","date":"3 Oct, 2019","format":false,"excerpt":"October is Breast Cancer Awareness Month, and to raise awareness Diagn\u00f3stica Social has a special offer on Mammograms and Sonomammograms so that all women can afford to get themselves checked. A sonomammogram is a sonogram that is performed in addition to the mammogram (x-ray of breast tissue) for better breast\u2026","rel":"","context":"En \u00abBeyond Casa\u00bb","block_context":{"text":"Beyond Casa","link":"https:\/\/casadecampoliving.com\/category\/beyond-casa\/"},"img":{"alt_text":"","src":"https:\/\/i0.wp.com\/casadecampoliving.com\/wp-content\/uploads\/2022\/10\/Diagnostica-Social-Octubre-2019-1.png?fit=960%2C960&ssl=1&resize=350%2C200","width":350,"height":200,"srcset":"https:\/\/i0.wp.com\/casadecampoliving.com\/wp-content\/uploads\/2022\/10\/Diagnostica-Social-Octubre-2019-1.png?fit=960%2C960&ssl=1&resize=350%2C200 1x, https:\/\/i0.wp.com\/casadecampoliving.com\/wp-content\/uploads\/2022\/10\/Diagnostica-Social-Octubre-2019-1.png?fit=960%2C960&ssl=1&resize=525%2C300 1.5x, https:\/\/i0.wp.com\/casadecampoliving.com\/wp-content\/uploads\/2022\/10\/Diagnostica-Social-Octubre-2019-1.png?fit=960%2C960&ssl=1&resize=700%2C400 2x"},"classes":[]},{"id":335782,"url":"https:\/\/casadecampoliving.com\/diagnostica-social-promotes-breast-cancer-awareness-month\/","url_meta":{"origin":546495,"position":3},"title":"Diagn\u00f3stica Social promotes Breast Cancer Awareness Month with medical operative","author":"Casa de Campo Living","date":"23 Sep, 2022","format":false,"excerpt":"October is Breast Cancer Awareness Month, and to raise awareness Diagn\u00f3stica Social has a special offer on Mammograms and Sonomammograms so that all women can afford to get themselves checked. A sonomammogram is a sonogram performed in addition to a mammogram (x-ray of breast tissue) for better breast cancer detection.\u2026","rel":"","context":"En \u00abBeyond Casa\u00bb","block_context":{"text":"Beyond Casa","link":"https:\/\/casadecampoliving.com\/category\/beyond-casa\/"},"img":{"alt_text":"","src":"https:\/\/i0.wp.com\/casadecampoliving.com\/wp-content\/uploads\/2022\/10\/diagnostica-social-mamografia-e1634146785864.jpg?fit=1000%2C667&ssl=1&resize=350%2C200","width":350,"height":200,"srcset":"https:\/\/i0.wp.com\/casadecampoliving.com\/wp-content\/uploads\/2022\/10\/diagnostica-social-mamografia-e1634146785864.jpg?fit=1000%2C667&ssl=1&resize=350%2C200 1x, https:\/\/i0.wp.com\/casadecampoliving.com\/wp-content\/uploads\/2022\/10\/diagnostica-social-mamografia-e1634146785864.jpg?fit=1000%2C667&ssl=1&resize=525%2C300 1.5x, https:\/\/i0.wp.com\/casadecampoliving.com\/wp-content\/uploads\/2022\/10\/diagnostica-social-mamografia-e1634146785864.jpg?fit=1000%2C667&ssl=1&resize=700%2C400 2x"},"classes":[]},{"id":334019,"url":"https:\/\/casadecampoliving.com\/october-is-breast-cancer-awareness-month-get-checked-at-diagnostica-social-2\/","url_meta":{"origin":546495,"position":4},"title":"October is Breast Cancer Awareness Month get checked at Diagn\u00f3stica Social","author":"Casa de Campo Living","date":"13 Oct, 2021","format":false,"excerpt":"October is Breast Cancer Awareness Month, and to raise awareness Diagn\u00f3stica Social has a special offer on Mammograms and Sonomammograms so that all women can afford to get themselves checked. A sonomammogram is a sonogram that is performed in addition to the mammogram (x-ray of breast tissue) for better breast\u2026","rel":"","context":"En \u00abBeyond Casa\u00bb","block_context":{"text":"Beyond Casa","link":"https:\/\/casadecampoliving.com\/category\/beyond-casa\/"},"img":{"alt_text":"","src":"https:\/\/i0.wp.com\/casadecampoliving.com\/wp-content\/uploads\/2022\/10\/diagnostica-social-mamografia-e1634146785864.jpg?fit=1000%2C667&ssl=1&resize=350%2C200","width":350,"height":200,"srcset":"https:\/\/i0.wp.com\/casadecampoliving.com\/wp-content\/uploads\/2022\/10\/diagnostica-social-mamografia-e1634146785864.jpg?fit=1000%2C667&ssl=1&resize=350%2C200 1x, https:\/\/i0.wp.com\/casadecampoliving.com\/wp-content\/uploads\/2022\/10\/diagnostica-social-mamografia-e1634146785864.jpg?fit=1000%2C667&ssl=1&resize=525%2C300 1.5x, https:\/\/i0.wp.com\/casadecampoliving.com\/wp-content\/uploads\/2022\/10\/diagnostica-social-mamografia-e1634146785864.jpg?fit=1000%2C667&ssl=1&resize=700%2C400 2x"},"classes":[]},{"id":544336,"url":"https:\/\/casadecampoliving.com\/diagnostica-social-launches-breast-cancer-awareness-month-initiative-in-la-romana\/","url_meta":{"origin":546495,"position":5},"title":"Diagn\u00f3stica Social Launches Breast Cancer Awareness Month Initiative in La Romana","author":"Casa de Campo Living","date":"8 Oct, 2025","format":false,"excerpt":"Breast cancer remains the most common cancer among women, but early detection can make treatment safer and more effective. That\u2019s the message behind Diagn\u00f3stica Social\u2019s Breast Cancer Awareness Month campaign, which runs throughout October at its Central Romana facility. Affordable Screenings All Month The clinic announced that mammograms and sonomammograms\u2026","rel":"","context":"En \u00abHealth\u00bb","block_context":{"text":"Health","link":"https:\/\/casadecampoliving.com\/category\/health\/"},"img":{"alt_text":"","src":"https:\/\/i0.wp.com\/casadecampoliving.com\/wp-content\/uploads\/2025\/10\/Diagnostica-Social-43079524_1970794386552863_8127104715705024512_n.jpg?fit=1200%2C800&ssl=1&resize=350%2C200","width":350,"height":200,"srcset":"https:\/\/i0.wp.com\/casadecampoliving.com\/wp-content\/uploads\/2025\/10\/Diagnostica-Social-43079524_1970794386552863_8127104715705024512_n.jpg?fit=1200%2C800&ssl=1&resize=350%2C200 1x, https:\/\/i0.wp.com\/casadecampoliving.com\/wp-content\/uploads\/2025\/10\/Diagnostica-Social-43079524_1970794386552863_8127104715705024512_n.jpg?fit=1200%2C800&ssl=1&resize=525%2C300 1.5x, https:\/\/i0.wp.com\/casadecampoliving.com\/wp-content\/uploads\/2025\/10\/Diagnostica-Social-43079524_1970794386552863_8127104715705024512_n.jpg?fit=1200%2C800&ssl=1&resize=700%2C400 2x, https:\/\/i0.wp.com\/casadecampoliving.com\/wp-content\/uploads\/2025\/10\/Diagnostica-Social-43079524_1970794386552863_8127104715705024512_n.jpg?fit=1200%2C800&ssl=1&resize=1050%2C600 3x"},"classes":[]}],"jetpack_sharing_enabled":true,"_links":{"self":[{"href":"https:\/\/casadecampoliving.com\/es\/wp-json\/wp\/v2\/posts\/546495","targetHints":{"allow":["GET"]}}],"collection":[{"href":"https:\/\/casadecampoliving.com\/es\/wp-json\/wp\/v2\/posts"}],"about":[{"href":"https:\/\/casadecampoliving.com\/es\/wp-json\/wp\/v2\/types\/post"}],"author":[{"embeddable":true,"href":"https:\/\/casadecampoliving.com\/es\/wp-json\/wp\/v2\/users\/36682"}],"replies":[{"embeddable":true,"href":"https:\/\/casadecampoliving.com\/es\/wp-json\/wp\/v2\/comments?post=546495"}],"version-history":[{"count":1,"href":"https:\/\/casadecampoliving.com\/es\/wp-json\/wp\/v2\/posts\/546495\/revisions"}],"predecessor-version":[{"id":546602,"href":"https:\/\/casadecampoliving.com\/es\/wp-json\/wp\/v2\/posts\/546495\/revisions\/546602"}],"wp:featuredmedia":[{"embeddable":true,"href":"https:\/\/casadecampoliving.com\/es\/wp-json\/wp\/v2\/media\/544343"}],"wp:attachment":[{"href":"https:\/\/casadecampoliving.com\/es\/wp-json\/wp\/v2\/media?parent=546495"}],"wp:term":[{"taxonomy":"category","embeddable":true,"href":"https:\/\/casadecampoliving.com\/es\/wp-json\/wp\/v2\/categories?post=546495"},{"taxonomy":"post_tag","embeddable":true,"href":"https:\/\/casadecampoliving.com\/es\/wp-json\/wp\/v2\/tags?post=546495"},{"taxonomy":"newspack_spnsrs_tax","embeddable":true,"href":"https:\/\/casadecampoliving.com\/es\/wp-json\/wp\/v2\/newspack_spnsrs_tax?post=546495"}],"curies":[{"name":"wp","href":"https:\/\/api.w.org\/{rel}","templated":true}]}}