{"id":546275,"date":"2025-09-16T16:57:03","date_gmt":"2025-09-16T20:57:03","guid":{"rendered":"https:\/\/casadecampoliving.com\/?p=546275"},"modified":"2025-12-15T22:59:26","modified_gmt":"2025-12-16T02:59:26","slug":"voices-of-our-generation-regresa-a-altos-de-chavon-con-un-cartel-de-estrellas","status":"publish","type":"post","link":"https:\/\/casadecampoliving.com\/es\/voices-of-our-generation-regresa-a-altos-de-chavon-con-un-cartel-de-estrellas\/","title":{"rendered":"Voices of Our Generation Regresa a Altos de Chav\u00f3n con un Cartel de Estrellas"},"content":{"rendered":"\n<p>Casa de Campo Resort &amp; Villas celebra 50 a\u00f1os, y \u00bfqu\u00e9 mejor manera de hacerlo que con Voices of Our Generation, Volumen 3? La ic\u00f3nica serie de conciertos regresa al anfiteatro de Altos de Chav\u00f3n el 1 de noviembre de 2025, reuniendo a leyendas de la m\u00fasica y nuevas estrellas para una noche inolvidable bajo el cielo caribe\u00f1o.<\/p>\n\n\n\n<h2 class=\"wp-block-heading\">Las Leyendas Toman el Escenario<\/h2>\n\n\n\n<p>Prep\u00e1rate para un cartel que cruza generaciones. Milly Quezada, la Reina del Merengue, encabezar\u00e1 el espect\u00e1culo con su orquesta de 14 m\u00fasicos en una presentaci\u00f3n llena de energ\u00eda. A ella se suman el ganador del Latin Grammy Lasso; el ex vocalista principal de Kool &amp; the Gang y ganador del Grammy Skip Martin; el ex vocalista de Boston Tommy DeCarlo; y el \u00edcono del hip-hop Freedom Williams de C&amp;C Music Factory. La poderosa banda The Crashers regresa como banda oficial de acompa\u00f1amiento, garantizando una noche cargada de ritmo y energ\u00eda.<\/p>\n\n\n\n<div class=\"wp-block-jetpack-slideshow aligncenter\" data-effect=\"slide\" style=\"--aspect-ratio:calc(2560 \/ 1706)\"><div class=\"wp-block-jetpack-slideshow_container swiper\"><ul class=\"wp-block-jetpack-slideshow_swiper-wrapper swiper-wrapper\"><li class=\"wp-block-jetpack-slideshow_slide swiper-slide\"><figure><img data-recalc-dims=\"1\" loading=\"lazy\" decoding=\"async\" width=\"2560\" height=\"1706\" alt=\"\" class=\"wp-block-jetpack-slideshow_image wp-image-534272\" data-id=\"534272\" data-aspect-ratio=\"2560 \/ 1706\" src=\"https:\/\/i0.wp.com\/casadecampoliving.com\/wp-content\/uploads\/2024\/11\/Friday-Concert-Casa-de-Campo-50th-Kick-off-22-scaled.jpg?resize=2560%2C1706&#038;ssl=1\" srcset=\"https:\/\/i0.wp.com\/casadecampoliving.com\/wp-content\/uploads\/2024\/11\/Friday-Concert-Casa-de-Campo-50th-Kick-off-22-scaled.jpg?w=2560&amp;ssl=1 2560w, https:\/\/i0.wp.com\/casadecampoliving.com\/wp-content\/uploads\/2024\/11\/Friday-Concert-Casa-de-Campo-50th-Kick-off-22-scaled.jpg?resize=300%2C200&amp;ssl=1 300w, https:\/\/i0.wp.com\/casadecampoliving.com\/wp-content\/uploads\/2024\/11\/Friday-Concert-Casa-de-Campo-50th-Kick-off-22-scaled.jpg?resize=1024%2C683&amp;ssl=1 1024w, https:\/\/i0.wp.com\/casadecampoliving.com\/wp-content\/uploads\/2024\/11\/Friday-Concert-Casa-de-Campo-50th-Kick-off-22-scaled.jpg?resize=768%2C512&amp;ssl=1 768w, https:\/\/i0.wp.com\/casadecampoliving.com\/wp-content\/uploads\/2024\/11\/Friday-Concert-Casa-de-Campo-50th-Kick-off-22-scaled.jpg?resize=1536%2C1024&amp;ssl=1 1536w, https:\/\/i0.wp.com\/casadecampoliving.com\/wp-content\/uploads\/2024\/11\/Friday-Concert-Casa-de-Campo-50th-Kick-off-22-scaled.jpg?resize=2048%2C1365&amp;ssl=1 2048w, https:\/\/i0.wp.com\/casadecampoliving.com\/wp-content\/uploads\/2024\/11\/Friday-Concert-Casa-de-Campo-50th-Kick-off-22-scaled.jpg?resize=1200%2C800&amp;ssl=1 1200w, https:\/\/i0.wp.com\/casadecampoliving.com\/wp-content\/uploads\/2024\/11\/Friday-Concert-Casa-de-Campo-50th-Kick-off-22-scaled.jpg?resize=1568%2C1045&amp;ssl=1 1568w, https:\/\/i0.wp.com\/casadecampoliving.com\/wp-content\/uploads\/2024\/11\/Friday-Concert-Casa-de-Campo-50th-Kick-off-22-scaled.jpg?resize=2000%2C1333&amp;ssl=1 2000w, https:\/\/i0.wp.com\/casadecampoliving.com\/wp-content\/uploads\/2024\/11\/Friday-Concert-Casa-de-Campo-50th-Kick-off-22-scaled.jpg?resize=400%2C267&amp;ssl=1 400w, https:\/\/i0.wp.com\/casadecampoliving.com\/wp-content\/uploads\/2024\/11\/Friday-Concert-Casa-de-Campo-50th-Kick-off-22-scaled.jpg?resize=1320%2C880&amp;ssl=1 1320w, https:\/\/i0.wp.com\/casadecampoliving.com\/wp-content\/uploads\/2024\/11\/Friday-Concert-Casa-de-Campo-50th-Kick-off-22-scaled.jpg?resize=150%2C100&amp;ssl=1 150w, https:\/\/i0.wp.com\/casadecampoliving.com\/wp-content\/uploads\/2024\/11\/Friday-Concert-Casa-de-Campo-50th-Kick-off-22-scaled.jpg?w=370&amp;ssl=1 370w\" sizes=\"(max-width: 1000px) 100vw, 1000px\" \/><figcaption class=\"wp-block-jetpack-slideshow_caption gallery-caption\">Voices of our Generation Vol. 1<\/figcaption><\/figure><\/li><li class=\"wp-block-jetpack-slideshow_slide swiper-slide\"><figure><img data-recalc-dims=\"1\" loading=\"lazy\" decoding=\"async\" width=\"2560\" height=\"1706\" alt=\"\" class=\"wp-block-jetpack-slideshow_image wp-image-534270\" data-id=\"534270\" data-aspect-ratio=\"2560 \/ 1706\" src=\"https:\/\/i0.wp.com\/casadecampoliving.com\/wp-content\/uploads\/2024\/11\/Friday-Concert-Casa-de-Campo-50th-Kick-off-23-scaled.jpg?resize=2560%2C1706&#038;ssl=1\" srcset=\"https:\/\/i0.wp.com\/casadecampoliving.com\/wp-content\/uploads\/2024\/11\/Friday-Concert-Casa-de-Campo-50th-Kick-off-23-scaled.jpg?w=2560&amp;ssl=1 2560w, https:\/\/i0.wp.com\/casadecampoliving.com\/wp-content\/uploads\/2024\/11\/Friday-Concert-Casa-de-Campo-50th-Kick-off-23-scaled.jpg?resize=300%2C200&amp;ssl=1 300w, https:\/\/i0.wp.com\/casadecampoliving.com\/wp-content\/uploads\/2024\/11\/Friday-Concert-Casa-de-Campo-50th-Kick-off-23-scaled.jpg?resize=1024%2C683&amp;ssl=1 1024w, https:\/\/i0.wp.com\/casadecampoliving.com\/wp-content\/uploads\/2024\/11\/Friday-Concert-Casa-de-Campo-50th-Kick-off-23-scaled.jpg?resize=768%2C512&amp;ssl=1 768w, https:\/\/i0.wp.com\/casadecampoliving.com\/wp-content\/uploads\/2024\/11\/Friday-Concert-Casa-de-Campo-50th-Kick-off-23-scaled.jpg?resize=1536%2C1024&amp;ssl=1 1536w, https:\/\/i0.wp.com\/casadecampoliving.com\/wp-content\/uploads\/2024\/11\/Friday-Concert-Casa-de-Campo-50th-Kick-off-23-scaled.jpg?resize=2048%2C1365&amp;ssl=1 2048w, https:\/\/i0.wp.com\/casadecampoliving.com\/wp-content\/uploads\/2024\/11\/Friday-Concert-Casa-de-Campo-50th-Kick-off-23-scaled.jpg?resize=1200%2C800&amp;ssl=1 1200w, https:\/\/i0.wp.com\/casadecampoliving.com\/wp-content\/uploads\/2024\/11\/Friday-Concert-Casa-de-Campo-50th-Kick-off-23-scaled.jpg?resize=1568%2C1045&amp;ssl=1 1568w, https:\/\/i0.wp.com\/casadecampoliving.com\/wp-content\/uploads\/2024\/11\/Friday-Concert-Casa-de-Campo-50th-Kick-off-23-scaled.jpg?resize=2000%2C1333&amp;ssl=1 2000w, https:\/\/i0.wp.com\/casadecampoliving.com\/wp-content\/uploads\/2024\/11\/Friday-Concert-Casa-de-Campo-50th-Kick-off-23-scaled.jpg?resize=400%2C267&amp;ssl=1 400w, https:\/\/i0.wp.com\/casadecampoliving.com\/wp-content\/uploads\/2024\/11\/Friday-Concert-Casa-de-Campo-50th-Kick-off-23-scaled.jpg?resize=1320%2C880&amp;ssl=1 1320w, https:\/\/i0.wp.com\/casadecampoliving.com\/wp-content\/uploads\/2024\/11\/Friday-Concert-Casa-de-Campo-50th-Kick-off-23-scaled.jpg?resize=150%2C100&amp;ssl=1 150w, https:\/\/i0.wp.com\/casadecampoliving.com\/wp-content\/uploads\/2024\/11\/Friday-Concert-Casa-de-Campo-50th-Kick-off-23-scaled.jpg?w=370&amp;ssl=1 370w\" sizes=\"(max-width: 1000px) 100vw, 1000px\" \/><figcaption class=\"wp-block-jetpack-slideshow_caption gallery-caption\">Voices of our Generation Vol. 1<\/figcaption><\/figure><\/li><li class=\"wp-block-jetpack-slideshow_slide swiper-slide\"><figure><img data-recalc-dims=\"1\" loading=\"lazy\" decoding=\"async\" width=\"2560\" height=\"1706\" alt=\"\" class=\"wp-block-jetpack-slideshow_image wp-image-534276\" data-id=\"534276\" data-aspect-ratio=\"2560 \/ 1706\" src=\"https:\/\/i0.wp.com\/casadecampoliving.com\/wp-content\/uploads\/2024\/11\/Friday-Concert-Casa-de-Campo-50th-Kick-off-20-scaled.jpg?resize=2560%2C1706&#038;ssl=1\" srcset=\"https:\/\/i0.wp.com\/casadecampoliving.com\/wp-content\/uploads\/2024\/11\/Friday-Concert-Casa-de-Campo-50th-Kick-off-20-scaled.jpg?w=2560&amp;ssl=1 2560w, https:\/\/i0.wp.com\/casadecampoliving.com\/wp-content\/uploads\/2024\/11\/Friday-Concert-Casa-de-Campo-50th-Kick-off-20-scaled.jpg?resize=300%2C200&amp;ssl=1 300w, https:\/\/i0.wp.com\/casadecampoliving.com\/wp-content\/uploads\/2024\/11\/Friday-Concert-Casa-de-Campo-50th-Kick-off-20-scaled.jpg?resize=1024%2C683&amp;ssl=1 1024w, https:\/\/i0.wp.com\/casadecampoliving.com\/wp-content\/uploads\/2024\/11\/Friday-Concert-Casa-de-Campo-50th-Kick-off-20-scaled.jpg?resize=768%2C512&amp;ssl=1 768w, https:\/\/i0.wp.com\/casadecampoliving.com\/wp-content\/uploads\/2024\/11\/Friday-Concert-Casa-de-Campo-50th-Kick-off-20-scaled.jpg?resize=1536%2C1024&amp;ssl=1 1536w, https:\/\/i0.wp.com\/casadecampoliving.com\/wp-content\/uploads\/2024\/11\/Friday-Concert-Casa-de-Campo-50th-Kick-off-20-scaled.jpg?resize=2048%2C1365&amp;ssl=1 2048w, https:\/\/i0.wp.com\/casadecampoliving.com\/wp-content\/uploads\/2024\/11\/Friday-Concert-Casa-de-Campo-50th-Kick-off-20-scaled.jpg?resize=1200%2C800&amp;ssl=1 1200w, https:\/\/i0.wp.com\/casadecampoliving.com\/wp-content\/uploads\/2024\/11\/Friday-Concert-Casa-de-Campo-50th-Kick-off-20-scaled.jpg?resize=1568%2C1045&amp;ssl=1 1568w, https:\/\/i0.wp.com\/casadecampoliving.com\/wp-content\/uploads\/2024\/11\/Friday-Concert-Casa-de-Campo-50th-Kick-off-20-scaled.jpg?resize=2000%2C1333&amp;ssl=1 2000w, https:\/\/i0.wp.com\/casadecampoliving.com\/wp-content\/uploads\/2024\/11\/Friday-Concert-Casa-de-Campo-50th-Kick-off-20-scaled.jpg?resize=400%2C267&amp;ssl=1 400w, https:\/\/i0.wp.com\/casadecampoliving.com\/wp-content\/uploads\/2024\/11\/Friday-Concert-Casa-de-Campo-50th-Kick-off-20-scaled.jpg?resize=1320%2C880&amp;ssl=1 1320w, https:\/\/i0.wp.com\/casadecampoliving.com\/wp-content\/uploads\/2024\/11\/Friday-Concert-Casa-de-Campo-50th-Kick-off-20-scaled.jpg?resize=150%2C100&amp;ssl=1 150w, https:\/\/i0.wp.com\/casadecampoliving.com\/wp-content\/uploads\/2024\/11\/Friday-Concert-Casa-de-Campo-50th-Kick-off-20-scaled.jpg?w=370&amp;ssl=1 370w\" sizes=\"(max-width: 1000px) 100vw, 1000px\" \/><figcaption class=\"wp-block-jetpack-slideshow_caption gallery-caption\">Voices of our Generation Vol. 1<\/figcaption><\/figure><\/li><li class=\"wp-block-jetpack-slideshow_slide swiper-slide\"><figure><img data-recalc-dims=\"1\" loading=\"lazy\" decoding=\"async\" width=\"2000\" height=\"1333\" alt=\"\" class=\"wp-block-jetpack-slideshow_image wp-image-534225\" data-id=\"534225\" data-aspect-ratio=\"2000 \/ 1333\" src=\"https:\/\/i0.wp.com\/casadecampoliving.com\/wp-content\/uploads\/2024\/11\/Friday-Concert-Casa-de-Campo-50th-Kick-off-7.jpg?resize=2000%2C1333&#038;ssl=1\" srcset=\"https:\/\/i0.wp.com\/casadecampoliving.com\/wp-content\/uploads\/2024\/11\/Friday-Concert-Casa-de-Campo-50th-Kick-off-7.jpg?w=2000&amp;ssl=1 2000w, https:\/\/i0.wp.com\/casadecampoliving.com\/wp-content\/uploads\/2024\/11\/Friday-Concert-Casa-de-Campo-50th-Kick-off-7.jpg?resize=300%2C200&amp;ssl=1 300w, https:\/\/i0.wp.com\/casadecampoliving.com\/wp-content\/uploads\/2024\/11\/Friday-Concert-Casa-de-Campo-50th-Kick-off-7.jpg?resize=1024%2C682&amp;ssl=1 1024w, https:\/\/i0.wp.com\/casadecampoliving.com\/wp-content\/uploads\/2024\/11\/Friday-Concert-Casa-de-Campo-50th-Kick-off-7.jpg?resize=768%2C512&amp;ssl=1 768w, https:\/\/i0.wp.com\/casadecampoliving.com\/wp-content\/uploads\/2024\/11\/Friday-Concert-Casa-de-Campo-50th-Kick-off-7.jpg?resize=1536%2C1024&amp;ssl=1 1536w, https:\/\/i0.wp.com\/casadecampoliving.com\/wp-content\/uploads\/2024\/11\/Friday-Concert-Casa-de-Campo-50th-Kick-off-7.jpg?resize=1200%2C800&amp;ssl=1 1200w, https:\/\/i0.wp.com\/casadecampoliving.com\/wp-content\/uploads\/2024\/11\/Friday-Concert-Casa-de-Campo-50th-Kick-off-7.jpg?resize=1568%2C1045&amp;ssl=1 1568w, https:\/\/i0.wp.com\/casadecampoliving.com\/wp-content\/uploads\/2024\/11\/Friday-Concert-Casa-de-Campo-50th-Kick-off-7.jpg?resize=400%2C267&amp;ssl=1 400w, https:\/\/i0.wp.com\/casadecampoliving.com\/wp-content\/uploads\/2024\/11\/Friday-Concert-Casa-de-Campo-50th-Kick-off-7.jpg?resize=1320%2C880&amp;ssl=1 1320w, https:\/\/i0.wp.com\/casadecampoliving.com\/wp-content\/uploads\/2024\/11\/Friday-Concert-Casa-de-Campo-50th-Kick-off-7.jpg?resize=150%2C100&amp;ssl=1 150w, https:\/\/i0.wp.com\/casadecampoliving.com\/wp-content\/uploads\/2024\/11\/Friday-Concert-Casa-de-Campo-50th-Kick-off-7.jpg?w=370&amp;ssl=1 370w\" sizes=\"(max-width: 1000px) 100vw, 1000px\" \/><figcaption class=\"wp-block-jetpack-slideshow_caption gallery-caption\">Voices of our Generation Vol. 1<\/figcaption><\/figure><\/li><li class=\"wp-block-jetpack-slideshow_slide swiper-slide\"><figure><img data-recalc-dims=\"1\" loading=\"lazy\" decoding=\"async\" width=\"1706\" height=\"2560\" alt=\"\" class=\"wp-block-jetpack-slideshow_image wp-image-534278\" data-id=\"534278\" data-aspect-ratio=\"1706 \/ 2560\" src=\"https:\/\/i0.wp.com\/casadecampoliving.com\/wp-content\/uploads\/2024\/11\/Friday-Concert-Casa-de-Campo-50th-Kick-off-19-scaled.jpg?resize=1706%2C2560&#038;ssl=1\" srcset=\"https:\/\/i0.wp.com\/casadecampoliving.com\/wp-content\/uploads\/2024\/11\/Friday-Concert-Casa-de-Campo-50th-Kick-off-19-scaled.jpg?w=1706&amp;ssl=1 1706w, https:\/\/i0.wp.com\/casadecampoliving.com\/wp-content\/uploads\/2024\/11\/Friday-Concert-Casa-de-Campo-50th-Kick-off-19-scaled.jpg?resize=200%2C300&amp;ssl=1 200w, https:\/\/i0.wp.com\/casadecampoliving.com\/wp-content\/uploads\/2024\/11\/Friday-Concert-Casa-de-Campo-50th-Kick-off-19-scaled.jpg?resize=683%2C1024&amp;ssl=1 683w, https:\/\/i0.wp.com\/casadecampoliving.com\/wp-content\/uploads\/2024\/11\/Friday-Concert-Casa-de-Campo-50th-Kick-off-19-scaled.jpg?resize=768%2C1152&amp;ssl=1 768w, https:\/\/i0.wp.com\/casadecampoliving.com\/wp-content\/uploads\/2024\/11\/Friday-Concert-Casa-de-Campo-50th-Kick-off-19-scaled.jpg?resize=1024%2C1536&amp;ssl=1 1024w, https:\/\/i0.wp.com\/casadecampoliving.com\/wp-content\/uploads\/2024\/11\/Friday-Concert-Casa-de-Campo-50th-Kick-off-19-scaled.jpg?resize=1365%2C2048&amp;ssl=1 1365w, https:\/\/i0.wp.com\/casadecampoliving.com\/wp-content\/uploads\/2024\/11\/Friday-Concert-Casa-de-Campo-50th-Kick-off-19-scaled.jpg?resize=1200%2C1800&amp;ssl=1 1200w, https:\/\/i0.wp.com\/casadecampoliving.com\/wp-content\/uploads\/2024\/11\/Friday-Concert-Casa-de-Campo-50th-Kick-off-19-scaled.jpg?resize=1568%2C2352&amp;ssl=1 1568w, https:\/\/i0.wp.com\/casadecampoliving.com\/wp-content\/uploads\/2024\/11\/Friday-Concert-Casa-de-Campo-50th-Kick-off-19-scaled.jpg?resize=2000%2C3000&amp;ssl=1 2000w, https:\/\/i0.wp.com\/casadecampoliving.com\/wp-content\/uploads\/2024\/11\/Friday-Concert-Casa-de-Campo-50th-Kick-off-19-scaled.jpg?resize=400%2C600&amp;ssl=1 400w, https:\/\/i0.wp.com\/casadecampoliving.com\/wp-content\/uploads\/2024\/11\/Friday-Concert-Casa-de-Campo-50th-Kick-off-19-scaled.jpg?resize=1320%2C1980&amp;ssl=1 1320w, https:\/\/i0.wp.com\/casadecampoliving.com\/wp-content\/uploads\/2024\/11\/Friday-Concert-Casa-de-Campo-50th-Kick-off-19-scaled.jpg?resize=150%2C225&amp;ssl=1 150w, https:\/\/i0.wp.com\/casadecampoliving.com\/wp-content\/uploads\/2024\/11\/Friday-Concert-Casa-de-Campo-50th-Kick-off-19-scaled.jpg?w=370&amp;ssl=1 370w\" sizes=\"(max-width: 1000px) 100vw, 1000px\" \/><figcaption class=\"wp-block-jetpack-slideshow_caption gallery-caption\">Voices of our Generation Vol. 1<\/figcaption><\/figure><\/li><li class=\"wp-block-jetpack-slideshow_slide swiper-slide\"><figure><img data-recalc-dims=\"1\" loading=\"lazy\" decoding=\"async\" width=\"2560\" height=\"1706\" alt=\"\" class=\"wp-block-jetpack-slideshow_image wp-image-534249\" data-id=\"534249\" data-aspect-ratio=\"2560 \/ 1706\" src=\"https:\/\/i0.wp.com\/casadecampoliving.com\/wp-content\/uploads\/2024\/11\/Friday-Concert-Casa-de-Campo-50th-Kick-off-18-scaled.jpg?resize=2560%2C1706&#038;ssl=1\" srcset=\"https:\/\/i0.wp.com\/casadecampoliving.com\/wp-content\/uploads\/2024\/11\/Friday-Concert-Casa-de-Campo-50th-Kick-off-18-scaled.jpg?w=2560&amp;ssl=1 2560w, https:\/\/i0.wp.com\/casadecampoliving.com\/wp-content\/uploads\/2024\/11\/Friday-Concert-Casa-de-Campo-50th-Kick-off-18-scaled.jpg?resize=300%2C200&amp;ssl=1 300w, https:\/\/i0.wp.com\/casadecampoliving.com\/wp-content\/uploads\/2024\/11\/Friday-Concert-Casa-de-Campo-50th-Kick-off-18-scaled.jpg?resize=1024%2C683&amp;ssl=1 1024w, https:\/\/i0.wp.com\/casadecampoliving.com\/wp-content\/uploads\/2024\/11\/Friday-Concert-Casa-de-Campo-50th-Kick-off-18-scaled.jpg?resize=768%2C512&amp;ssl=1 768w, https:\/\/i0.wp.com\/casadecampoliving.com\/wp-content\/uploads\/2024\/11\/Friday-Concert-Casa-de-Campo-50th-Kick-off-18-scaled.jpg?resize=1536%2C1024&amp;ssl=1 1536w, https:\/\/i0.wp.com\/casadecampoliving.com\/wp-content\/uploads\/2024\/11\/Friday-Concert-Casa-de-Campo-50th-Kick-off-18-scaled.jpg?resize=2048%2C1365&amp;ssl=1 2048w, https:\/\/i0.wp.com\/casadecampoliving.com\/wp-content\/uploads\/2024\/11\/Friday-Concert-Casa-de-Campo-50th-Kick-off-18-scaled.jpg?resize=1200%2C800&amp;ssl=1 1200w, https:\/\/i0.wp.com\/casadecampoliving.com\/wp-content\/uploads\/2024\/11\/Friday-Concert-Casa-de-Campo-50th-Kick-off-18-scaled.jpg?resize=1568%2C1045&amp;ssl=1 1568w, https:\/\/i0.wp.com\/casadecampoliving.com\/wp-content\/uploads\/2024\/11\/Friday-Concert-Casa-de-Campo-50th-Kick-off-18-scaled.jpg?resize=2000%2C1333&amp;ssl=1 2000w, https:\/\/i0.wp.com\/casadecampoliving.com\/wp-content\/uploads\/2024\/11\/Friday-Concert-Casa-de-Campo-50th-Kick-off-18-scaled.jpg?resize=400%2C267&amp;ssl=1 400w, https:\/\/i0.wp.com\/casadecampoliving.com\/wp-content\/uploads\/2024\/11\/Friday-Concert-Casa-de-Campo-50th-Kick-off-18-scaled.jpg?resize=1320%2C880&amp;ssl=1 1320w, https:\/\/i0.wp.com\/casadecampoliving.com\/wp-content\/uploads\/2024\/11\/Friday-Concert-Casa-de-Campo-50th-Kick-off-18-scaled.jpg?resize=150%2C100&amp;ssl=1 150w, https:\/\/i0.wp.com\/casadecampoliving.com\/wp-content\/uploads\/2024\/11\/Friday-Concert-Casa-de-Campo-50th-Kick-off-18-scaled.jpg?w=370&amp;ssl=1 370w\" sizes=\"(max-width: 1000px) 100vw, 1000px\" \/><figcaption class=\"wp-block-jetpack-slideshow_caption gallery-caption\">Voices of our Generation Vol. 1<\/figcaption><\/figure><\/li><li class=\"wp-block-jetpack-slideshow_slide swiper-slide\"><figure><img data-recalc-dims=\"1\" loading=\"lazy\" decoding=\"async\" width=\"2560\" height=\"1706\" alt=\"\" class=\"wp-block-jetpack-slideshow_image wp-image-534280\" data-id=\"534280\" data-aspect-ratio=\"2560 \/ 1706\" src=\"https:\/\/i0.wp.com\/casadecampoliving.com\/wp-content\/uploads\/2024\/11\/Friday-Concert-Casa-de-Campo-50th-Kick-off-17-scaled.jpg?resize=2560%2C1706&#038;ssl=1\" srcset=\"https:\/\/i0.wp.com\/casadecampoliving.com\/wp-content\/uploads\/2024\/11\/Friday-Concert-Casa-de-Campo-50th-Kick-off-17-scaled.jpg?w=2560&amp;ssl=1 2560w, https:\/\/i0.wp.com\/casadecampoliving.com\/wp-content\/uploads\/2024\/11\/Friday-Concert-Casa-de-Campo-50th-Kick-off-17-scaled.jpg?resize=300%2C200&amp;ssl=1 300w, https:\/\/i0.wp.com\/casadecampoliving.com\/wp-content\/uploads\/2024\/11\/Friday-Concert-Casa-de-Campo-50th-Kick-off-17-scaled.jpg?resize=1024%2C683&amp;ssl=1 1024w, https:\/\/i0.wp.com\/casadecampoliving.com\/wp-content\/uploads\/2024\/11\/Friday-Concert-Casa-de-Campo-50th-Kick-off-17-scaled.jpg?resize=768%2C512&amp;ssl=1 768w, https:\/\/i0.wp.com\/casadecampoliving.com\/wp-content\/uploads\/2024\/11\/Friday-Concert-Casa-de-Campo-50th-Kick-off-17-scaled.jpg?resize=1536%2C1024&amp;ssl=1 1536w, https:\/\/i0.wp.com\/casadecampoliving.com\/wp-content\/uploads\/2024\/11\/Friday-Concert-Casa-de-Campo-50th-Kick-off-17-scaled.jpg?resize=2048%2C1365&amp;ssl=1 2048w, https:\/\/i0.wp.com\/casadecampoliving.com\/wp-content\/uploads\/2024\/11\/Friday-Concert-Casa-de-Campo-50th-Kick-off-17-scaled.jpg?resize=1200%2C800&amp;ssl=1 1200w, https:\/\/i0.wp.com\/casadecampoliving.com\/wp-content\/uploads\/2024\/11\/Friday-Concert-Casa-de-Campo-50th-Kick-off-17-scaled.jpg?resize=1568%2C1045&amp;ssl=1 1568w, https:\/\/i0.wp.com\/casadecampoliving.com\/wp-content\/uploads\/2024\/11\/Friday-Concert-Casa-de-Campo-50th-Kick-off-17-scaled.jpg?resize=2000%2C1333&amp;ssl=1 2000w, https:\/\/i0.wp.com\/casadecampoliving.com\/wp-content\/uploads\/2024\/11\/Friday-Concert-Casa-de-Campo-50th-Kick-off-17-scaled.jpg?resize=400%2C267&amp;ssl=1 400w, https:\/\/i0.wp.com\/casadecampoliving.com\/wp-content\/uploads\/2024\/11\/Friday-Concert-Casa-de-Campo-50th-Kick-off-17-scaled.jpg?resize=1320%2C880&amp;ssl=1 1320w, https:\/\/i0.wp.com\/casadecampoliving.com\/wp-content\/uploads\/2024\/11\/Friday-Concert-Casa-de-Campo-50th-Kick-off-17-scaled.jpg?resize=150%2C100&amp;ssl=1 150w, https:\/\/i0.wp.com\/casadecampoliving.com\/wp-content\/uploads\/2024\/11\/Friday-Concert-Casa-de-Campo-50th-Kick-off-17-scaled.jpg?w=370&amp;ssl=1 370w\" sizes=\"(max-width: 1000px) 100vw, 1000px\" \/><figcaption class=\"wp-block-jetpack-slideshow_caption gallery-caption\">Voices of our Generation Vol. 1<\/figcaption><\/figure><\/li><li class=\"wp-block-jetpack-slideshow_slide swiper-slide\"><figure><img data-recalc-dims=\"1\" loading=\"lazy\" decoding=\"async\" width=\"2000\" height=\"1333\" alt=\"\" class=\"wp-block-jetpack-slideshow_image wp-image-534237\" data-id=\"534237\" data-aspect-ratio=\"2000 \/ 1333\" src=\"https:\/\/i0.wp.com\/casadecampoliving.com\/wp-content\/uploads\/2024\/11\/Friday-Concert-Casa-de-Campo-50th-Kick-off-16.jpg?resize=2000%2C1333&#038;ssl=1\" srcset=\"https:\/\/i0.wp.com\/casadecampoliving.com\/wp-content\/uploads\/2024\/11\/Friday-Concert-Casa-de-Campo-50th-Kick-off-16.jpg?w=2000&amp;ssl=1 2000w, https:\/\/i0.wp.com\/casadecampoliving.com\/wp-content\/uploads\/2024\/11\/Friday-Concert-Casa-de-Campo-50th-Kick-off-16.jpg?resize=300%2C200&amp;ssl=1 300w, https:\/\/i0.wp.com\/casadecampoliving.com\/wp-content\/uploads\/2024\/11\/Friday-Concert-Casa-de-Campo-50th-Kick-off-16.jpg?resize=1024%2C682&amp;ssl=1 1024w, https:\/\/i0.wp.com\/casadecampoliving.com\/wp-content\/uploads\/2024\/11\/Friday-Concert-Casa-de-Campo-50th-Kick-off-16.jpg?resize=768%2C512&amp;ssl=1 768w, https:\/\/i0.wp.com\/casadecampoliving.com\/wp-content\/uploads\/2024\/11\/Friday-Concert-Casa-de-Campo-50th-Kick-off-16.jpg?resize=1536%2C1024&amp;ssl=1 1536w, https:\/\/i0.wp.com\/casadecampoliving.com\/wp-content\/uploads\/2024\/11\/Friday-Concert-Casa-de-Campo-50th-Kick-off-16.jpg?resize=1200%2C800&amp;ssl=1 1200w, https:\/\/i0.wp.com\/casadecampoliving.com\/wp-content\/uploads\/2024\/11\/Friday-Concert-Casa-de-Campo-50th-Kick-off-16.jpg?resize=1568%2C1045&amp;ssl=1 1568w, https:\/\/i0.wp.com\/casadecampoliving.com\/wp-content\/uploads\/2024\/11\/Friday-Concert-Casa-de-Campo-50th-Kick-off-16.jpg?resize=400%2C267&amp;ssl=1 400w, https:\/\/i0.wp.com\/casadecampoliving.com\/wp-content\/uploads\/2024\/11\/Friday-Concert-Casa-de-Campo-50th-Kick-off-16.jpg?resize=1320%2C880&amp;ssl=1 1320w, https:\/\/i0.wp.com\/casadecampoliving.com\/wp-content\/uploads\/2024\/11\/Friday-Concert-Casa-de-Campo-50th-Kick-off-16.jpg?resize=150%2C100&amp;ssl=1 150w, https:\/\/i0.wp.com\/casadecampoliving.com\/wp-content\/uploads\/2024\/11\/Friday-Concert-Casa-de-Campo-50th-Kick-off-16.jpg?w=370&amp;ssl=1 370w\" sizes=\"(max-width: 1000px) 100vw, 1000px\" \/><figcaption class=\"wp-block-jetpack-slideshow_caption gallery-caption\">Voices of our Generation Vol. 1<\/figcaption><\/figure><\/li><li class=\"wp-block-jetpack-slideshow_slide swiper-slide\"><figure><img data-recalc-dims=\"1\" loading=\"lazy\" decoding=\"async\" width=\"2000\" height=\"1333\" alt=\"\" class=\"wp-block-jetpack-slideshow_image wp-image-534241\" data-id=\"534241\" data-aspect-ratio=\"2000 \/ 1333\" src=\"https:\/\/i0.wp.com\/casadecampoliving.com\/wp-content\/uploads\/2024\/11\/Friday-Concert-Casa-de-Campo-50th-Kick-off-9.jpg?resize=2000%2C1333&#038;ssl=1\" srcset=\"https:\/\/i0.wp.com\/casadecampoliving.com\/wp-content\/uploads\/2024\/11\/Friday-Concert-Casa-de-Campo-50th-Kick-off-9.jpg?w=2000&amp;ssl=1 2000w, https:\/\/i0.wp.com\/casadecampoliving.com\/wp-content\/uploads\/2024\/11\/Friday-Concert-Casa-de-Campo-50th-Kick-off-9.jpg?resize=300%2C200&amp;ssl=1 300w, https:\/\/i0.wp.com\/casadecampoliving.com\/wp-content\/uploads\/2024\/11\/Friday-Concert-Casa-de-Campo-50th-Kick-off-9.jpg?resize=1024%2C682&amp;ssl=1 1024w, https:\/\/i0.wp.com\/casadecampoliving.com\/wp-content\/uploads\/2024\/11\/Friday-Concert-Casa-de-Campo-50th-Kick-off-9.jpg?resize=768%2C512&amp;ssl=1 768w, https:\/\/i0.wp.com\/casadecampoliving.com\/wp-content\/uploads\/2024\/11\/Friday-Concert-Casa-de-Campo-50th-Kick-off-9.jpg?resize=1536%2C1024&amp;ssl=1 1536w, https:\/\/i0.wp.com\/casadecampoliving.com\/wp-content\/uploads\/2024\/11\/Friday-Concert-Casa-de-Campo-50th-Kick-off-9.jpg?resize=1200%2C800&amp;ssl=1 1200w, https:\/\/i0.wp.com\/casadecampoliving.com\/wp-content\/uploads\/2024\/11\/Friday-Concert-Casa-de-Campo-50th-Kick-off-9.jpg?resize=1568%2C1045&amp;ssl=1 1568w, https:\/\/i0.wp.com\/casadecampoliving.com\/wp-content\/uploads\/2024\/11\/Friday-Concert-Casa-de-Campo-50th-Kick-off-9.jpg?resize=400%2C267&amp;ssl=1 400w, https:\/\/i0.wp.com\/casadecampoliving.com\/wp-content\/uploads\/2024\/11\/Friday-Concert-Casa-de-Campo-50th-Kick-off-9.jpg?resize=1320%2C880&amp;ssl=1 1320w, https:\/\/i0.wp.com\/casadecampoliving.com\/wp-content\/uploads\/2024\/11\/Friday-Concert-Casa-de-Campo-50th-Kick-off-9.jpg?resize=150%2C100&amp;ssl=1 150w, https:\/\/i0.wp.com\/casadecampoliving.com\/wp-content\/uploads\/2024\/11\/Friday-Concert-Casa-de-Campo-50th-Kick-off-9.jpg?w=370&amp;ssl=1 370w\" sizes=\"(max-width: 1000px) 100vw, 1000px\" \/><figcaption class=\"wp-block-jetpack-slideshow_caption gallery-caption\">Voices of our Generation Vol. 1<\/figcaption><\/figure><\/li><li class=\"wp-block-jetpack-slideshow_slide swiper-slide\"><figure><img data-recalc-dims=\"1\" loading=\"lazy\" decoding=\"async\" width=\"2000\" height=\"1333\" alt=\"\" class=\"wp-block-jetpack-slideshow_image wp-image-534221\" data-id=\"534221\" data-aspect-ratio=\"2000 \/ 1333\" src=\"https:\/\/i0.wp.com\/casadecampoliving.com\/wp-content\/uploads\/2024\/11\/Friday-Concert-Casa-de-Campo-50th-Kick-off-15.jpg?resize=2000%2C1333&#038;ssl=1\" srcset=\"https:\/\/i0.wp.com\/casadecampoliving.com\/wp-content\/uploads\/2024\/11\/Friday-Concert-Casa-de-Campo-50th-Kick-off-15.jpg?w=2000&amp;ssl=1 2000w, https:\/\/i0.wp.com\/casadecampoliving.com\/wp-content\/uploads\/2024\/11\/Friday-Concert-Casa-de-Campo-50th-Kick-off-15.jpg?resize=300%2C200&amp;ssl=1 300w, https:\/\/i0.wp.com\/casadecampoliving.com\/wp-content\/uploads\/2024\/11\/Friday-Concert-Casa-de-Campo-50th-Kick-off-15.jpg?resize=1024%2C682&amp;ssl=1 1024w, https:\/\/i0.wp.com\/casadecampoliving.com\/wp-content\/uploads\/2024\/11\/Friday-Concert-Casa-de-Campo-50th-Kick-off-15.jpg?resize=768%2C512&amp;ssl=1 768w, https:\/\/i0.wp.com\/casadecampoliving.com\/wp-content\/uploads\/2024\/11\/Friday-Concert-Casa-de-Campo-50th-Kick-off-15.jpg?resize=1536%2C1024&amp;ssl=1 1536w, https:\/\/i0.wp.com\/casadecampoliving.com\/wp-content\/uploads\/2024\/11\/Friday-Concert-Casa-de-Campo-50th-Kick-off-15.jpg?resize=1200%2C800&amp;ssl=1 1200w, https:\/\/i0.wp.com\/casadecampoliving.com\/wp-content\/uploads\/2024\/11\/Friday-Concert-Casa-de-Campo-50th-Kick-off-15.jpg?resize=1568%2C1045&amp;ssl=1 1568w, https:\/\/i0.wp.com\/casadecampoliving.com\/wp-content\/uploads\/2024\/11\/Friday-Concert-Casa-de-Campo-50th-Kick-off-15.jpg?resize=400%2C267&amp;ssl=1 400w, https:\/\/i0.wp.com\/casadecampoliving.com\/wp-content\/uploads\/2024\/11\/Friday-Concert-Casa-de-Campo-50th-Kick-off-15.jpg?resize=1320%2C880&amp;ssl=1 1320w, https:\/\/i0.wp.com\/casadecampoliving.com\/wp-content\/uploads\/2024\/11\/Friday-Concert-Casa-de-Campo-50th-Kick-off-15.jpg?resize=150%2C100&amp;ssl=1 150w, https:\/\/i0.wp.com\/casadecampoliving.com\/wp-content\/uploads\/2024\/11\/Friday-Concert-Casa-de-Campo-50th-Kick-off-15.jpg?w=370&amp;ssl=1 370w\" sizes=\"(max-width: 1000px) 100vw, 1000px\" \/><figcaption class=\"wp-block-jetpack-slideshow_caption gallery-caption\">Voices of our Generation Vol. 1<\/figcaption><\/figure><\/li><li class=\"wp-block-jetpack-slideshow_slide swiper-slide\"><figure><img data-recalc-dims=\"1\" loading=\"lazy\" decoding=\"async\" width=\"1333\" height=\"2000\" alt=\"\" class=\"wp-block-jetpack-slideshow_image wp-image-534233\" data-id=\"534233\" data-aspect-ratio=\"1333 \/ 2000\" src=\"https:\/\/i0.wp.com\/casadecampoliving.com\/wp-content\/uploads\/2024\/11\/Friday-Concert-Casa-de-Campo-50th-Kick-off-14.jpg?resize=1333%2C2000&#038;ssl=1\" srcset=\"https:\/\/i0.wp.com\/casadecampoliving.com\/wp-content\/uploads\/2024\/11\/Friday-Concert-Casa-de-Campo-50th-Kick-off-14.jpg?w=1333&amp;ssl=1 1333w, https:\/\/i0.wp.com\/casadecampoliving.com\/wp-content\/uploads\/2024\/11\/Friday-Concert-Casa-de-Campo-50th-Kick-off-14.jpg?resize=200%2C300&amp;ssl=1 200w, https:\/\/i0.wp.com\/casadecampoliving.com\/wp-content\/uploads\/2024\/11\/Friday-Concert-Casa-de-Campo-50th-Kick-off-14.jpg?resize=682%2C1024&amp;ssl=1 682w, https:\/\/i0.wp.com\/casadecampoliving.com\/wp-content\/uploads\/2024\/11\/Friday-Concert-Casa-de-Campo-50th-Kick-off-14.jpg?resize=768%2C1152&amp;ssl=1 768w, https:\/\/i0.wp.com\/casadecampoliving.com\/wp-content\/uploads\/2024\/11\/Friday-Concert-Casa-de-Campo-50th-Kick-off-14.jpg?resize=1024%2C1536&amp;ssl=1 1024w, https:\/\/i0.wp.com\/casadecampoliving.com\/wp-content\/uploads\/2024\/11\/Friday-Concert-Casa-de-Campo-50th-Kick-off-14.jpg?resize=1200%2C1800&amp;ssl=1 1200w, https:\/\/i0.wp.com\/casadecampoliving.com\/wp-content\/uploads\/2024\/11\/Friday-Concert-Casa-de-Campo-50th-Kick-off-14.jpg?resize=400%2C600&amp;ssl=1 400w, https:\/\/i0.wp.com\/casadecampoliving.com\/wp-content\/uploads\/2024\/11\/Friday-Concert-Casa-de-Campo-50th-Kick-off-14.jpg?resize=1320%2C1980&amp;ssl=1 1320w, https:\/\/i0.wp.com\/casadecampoliving.com\/wp-content\/uploads\/2024\/11\/Friday-Concert-Casa-de-Campo-50th-Kick-off-14.jpg?resize=150%2C225&amp;ssl=1 150w, https:\/\/i0.wp.com\/casadecampoliving.com\/wp-content\/uploads\/2024\/11\/Friday-Concert-Casa-de-Campo-50th-Kick-off-14.jpg?w=370&amp;ssl=1 370w\" sizes=\"(max-width: 1000px) 100vw, 1000px\" \/><figcaption class=\"wp-block-jetpack-slideshow_caption gallery-caption\">Voices of our Generation Vol. 1<\/figcaption><\/figure><\/li><li class=\"wp-block-jetpack-slideshow_slide swiper-slide\"><figure><img data-recalc-dims=\"1\" loading=\"lazy\" decoding=\"async\" width=\"2000\" height=\"1333\" alt=\"\" class=\"wp-block-jetpack-slideshow_image wp-image-534235\" data-id=\"534235\" data-aspect-ratio=\"2000 \/ 1333\" src=\"https:\/\/i0.wp.com\/casadecampoliving.com\/wp-content\/uploads\/2024\/11\/Friday-Concert-Casa-de-Campo-50th-Kick-off-11.jpg?resize=2000%2C1333&#038;ssl=1\" srcset=\"https:\/\/i0.wp.com\/casadecampoliving.com\/wp-content\/uploads\/2024\/11\/Friday-Concert-Casa-de-Campo-50th-Kick-off-11.jpg?w=2000&amp;ssl=1 2000w, https:\/\/i0.wp.com\/casadecampoliving.com\/wp-content\/uploads\/2024\/11\/Friday-Concert-Casa-de-Campo-50th-Kick-off-11.jpg?resize=300%2C200&amp;ssl=1 300w, https:\/\/i0.wp.com\/casadecampoliving.com\/wp-content\/uploads\/2024\/11\/Friday-Concert-Casa-de-Campo-50th-Kick-off-11.jpg?resize=1024%2C682&amp;ssl=1 1024w, https:\/\/i0.wp.com\/casadecampoliving.com\/wp-content\/uploads\/2024\/11\/Friday-Concert-Casa-de-Campo-50th-Kick-off-11.jpg?resize=768%2C512&amp;ssl=1 768w, https:\/\/i0.wp.com\/casadecampoliving.com\/wp-content\/uploads\/2024\/11\/Friday-Concert-Casa-de-Campo-50th-Kick-off-11.jpg?resize=1536%2C1024&amp;ssl=1 1536w, https:\/\/i0.wp.com\/casadecampoliving.com\/wp-content\/uploads\/2024\/11\/Friday-Concert-Casa-de-Campo-50th-Kick-off-11.jpg?resize=1200%2C800&amp;ssl=1 1200w, https:\/\/i0.wp.com\/casadecampoliving.com\/wp-content\/uploads\/2024\/11\/Friday-Concert-Casa-de-Campo-50th-Kick-off-11.jpg?resize=1568%2C1045&amp;ssl=1 1568w, https:\/\/i0.wp.com\/casadecampoliving.com\/wp-content\/uploads\/2024\/11\/Friday-Concert-Casa-de-Campo-50th-Kick-off-11.jpg?resize=400%2C267&amp;ssl=1 400w, https:\/\/i0.wp.com\/casadecampoliving.com\/wp-content\/uploads\/2024\/11\/Friday-Concert-Casa-de-Campo-50th-Kick-off-11.jpg?resize=1320%2C880&amp;ssl=1 1320w, https:\/\/i0.wp.com\/casadecampoliving.com\/wp-content\/uploads\/2024\/11\/Friday-Concert-Casa-de-Campo-50th-Kick-off-11.jpg?resize=150%2C100&amp;ssl=1 150w, https:\/\/i0.wp.com\/casadecampoliving.com\/wp-content\/uploads\/2024\/11\/Friday-Concert-Casa-de-Campo-50th-Kick-off-11.jpg?w=370&amp;ssl=1 370w\" sizes=\"(max-width: 1000px) 100vw, 1000px\" \/><figcaption class=\"wp-block-jetpack-slideshow_caption gallery-caption\">Voices of our Generation Vol. 1<\/figcaption><\/figure><\/li><li class=\"wp-block-jetpack-slideshow_slide swiper-slide\"><figure><img data-recalc-dims=\"1\" loading=\"lazy\" decoding=\"async\" width=\"2000\" height=\"1333\" alt=\"\" class=\"wp-block-jetpack-slideshow_image wp-image-534215\" data-id=\"534215\" data-aspect-ratio=\"2000 \/ 1333\" src=\"https:\/\/i0.wp.com\/casadecampoliving.com\/wp-content\/uploads\/2024\/11\/Friday-Concert-Casa-de-Campo-50th-Kick-off-13.jpg?resize=2000%2C1333&#038;ssl=1\" srcset=\"https:\/\/i0.wp.com\/casadecampoliving.com\/wp-content\/uploads\/2024\/11\/Friday-Concert-Casa-de-Campo-50th-Kick-off-13.jpg?w=2000&amp;ssl=1 2000w, https:\/\/i0.wp.com\/casadecampoliving.com\/wp-content\/uploads\/2024\/11\/Friday-Concert-Casa-de-Campo-50th-Kick-off-13.jpg?resize=300%2C200&amp;ssl=1 300w, https:\/\/i0.wp.com\/casadecampoliving.com\/wp-content\/uploads\/2024\/11\/Friday-Concert-Casa-de-Campo-50th-Kick-off-13.jpg?resize=1024%2C682&amp;ssl=1 1024w, https:\/\/i0.wp.com\/casadecampoliving.com\/wp-content\/uploads\/2024\/11\/Friday-Concert-Casa-de-Campo-50th-Kick-off-13.jpg?resize=768%2C512&amp;ssl=1 768w, https:\/\/i0.wp.com\/casadecampoliving.com\/wp-content\/uploads\/2024\/11\/Friday-Concert-Casa-de-Campo-50th-Kick-off-13.jpg?resize=1536%2C1024&amp;ssl=1 1536w, https:\/\/i0.wp.com\/casadecampoliving.com\/wp-content\/uploads\/2024\/11\/Friday-Concert-Casa-de-Campo-50th-Kick-off-13.jpg?resize=1200%2C800&amp;ssl=1 1200w, https:\/\/i0.wp.com\/casadecampoliving.com\/wp-content\/uploads\/2024\/11\/Friday-Concert-Casa-de-Campo-50th-Kick-off-13.jpg?resize=1568%2C1045&amp;ssl=1 1568w, https:\/\/i0.wp.com\/casadecampoliving.com\/wp-content\/uploads\/2024\/11\/Friday-Concert-Casa-de-Campo-50th-Kick-off-13.jpg?resize=400%2C267&amp;ssl=1 400w, https:\/\/i0.wp.com\/casadecampoliving.com\/wp-content\/uploads\/2024\/11\/Friday-Concert-Casa-de-Campo-50th-Kick-off-13.jpg?resize=1320%2C880&amp;ssl=1 1320w, https:\/\/i0.wp.com\/casadecampoliving.com\/wp-content\/uploads\/2024\/11\/Friday-Concert-Casa-de-Campo-50th-Kick-off-13.jpg?resize=150%2C100&amp;ssl=1 150w, https:\/\/i0.wp.com\/casadecampoliving.com\/wp-content\/uploads\/2024\/11\/Friday-Concert-Casa-de-Campo-50th-Kick-off-13.jpg?w=370&amp;ssl=1 370w\" sizes=\"(max-width: 1000px) 100vw, 1000px\" \/><figcaption class=\"wp-block-jetpack-slideshow_caption gallery-caption\">Voices of our Generation Vol. 1<\/figcaption><\/figure><\/li><li class=\"wp-block-jetpack-slideshow_slide swiper-slide\"><figure><img data-recalc-dims=\"1\" loading=\"lazy\" decoding=\"async\" width=\"2000\" height=\"1333\" alt=\"\" class=\"wp-block-jetpack-slideshow_image wp-image-534239\" data-id=\"534239\" data-aspect-ratio=\"2000 \/ 1333\" src=\"https:\/\/i0.wp.com\/casadecampoliving.com\/wp-content\/uploads\/2024\/11\/Friday-Concert-Casa-de-Campo-50th-Kick-off-12.jpg?resize=2000%2C1333&#038;ssl=1\" srcset=\"https:\/\/i0.wp.com\/casadecampoliving.com\/wp-content\/uploads\/2024\/11\/Friday-Concert-Casa-de-Campo-50th-Kick-off-12.jpg?w=2000&amp;ssl=1 2000w, https:\/\/i0.wp.com\/casadecampoliving.com\/wp-content\/uploads\/2024\/11\/Friday-Concert-Casa-de-Campo-50th-Kick-off-12.jpg?resize=300%2C200&amp;ssl=1 300w, https:\/\/i0.wp.com\/casadecampoliving.com\/wp-content\/uploads\/2024\/11\/Friday-Concert-Casa-de-Campo-50th-Kick-off-12.jpg?resize=1024%2C682&amp;ssl=1 1024w, https:\/\/i0.wp.com\/casadecampoliving.com\/wp-content\/uploads\/2024\/11\/Friday-Concert-Casa-de-Campo-50th-Kick-off-12.jpg?resize=768%2C512&amp;ssl=1 768w, https:\/\/i0.wp.com\/casadecampoliving.com\/wp-content\/uploads\/2024\/11\/Friday-Concert-Casa-de-Campo-50th-Kick-off-12.jpg?resize=1536%2C1024&amp;ssl=1 1536w, https:\/\/i0.wp.com\/casadecampoliving.com\/wp-content\/uploads\/2024\/11\/Friday-Concert-Casa-de-Campo-50th-Kick-off-12.jpg?resize=1200%2C800&amp;ssl=1 1200w, https:\/\/i0.wp.com\/casadecampoliving.com\/wp-content\/uploads\/2024\/11\/Friday-Concert-Casa-de-Campo-50th-Kick-off-12.jpg?resize=1568%2C1045&amp;ssl=1 1568w, https:\/\/i0.wp.com\/casadecampoliving.com\/wp-content\/uploads\/2024\/11\/Friday-Concert-Casa-de-Campo-50th-Kick-off-12.jpg?resize=400%2C267&amp;ssl=1 400w, https:\/\/i0.wp.com\/casadecampoliving.com\/wp-content\/uploads\/2024\/11\/Friday-Concert-Casa-de-Campo-50th-Kick-off-12.jpg?resize=1320%2C880&amp;ssl=1 1320w, https:\/\/i0.wp.com\/casadecampoliving.com\/wp-content\/uploads\/2024\/11\/Friday-Concert-Casa-de-Campo-50th-Kick-off-12.jpg?resize=150%2C100&amp;ssl=1 150w, https:\/\/i0.wp.com\/casadecampoliving.com\/wp-content\/uploads\/2024\/11\/Friday-Concert-Casa-de-Campo-50th-Kick-off-12.jpg?w=370&amp;ssl=1 370w\" sizes=\"(max-width: 1000px) 100vw, 1000px\" \/><figcaption class=\"wp-block-jetpack-slideshow_caption gallery-caption\">Voices of our Generation Vol. 1<\/figcaption><\/figure><\/li><li class=\"wp-block-jetpack-slideshow_slide swiper-slide\"><figure><img data-recalc-dims=\"1\" loading=\"lazy\" decoding=\"async\" width=\"1333\" height=\"2000\" alt=\"\" class=\"wp-block-jetpack-slideshow_image wp-image-534227\" data-id=\"534227\" data-aspect-ratio=\"1333 \/ 2000\" src=\"https:\/\/i0.wp.com\/casadecampoliving.com\/wp-content\/uploads\/2024\/11\/Friday-Concert-Casa-de-Campo-50th-Kick-off-8.jpg?resize=1333%2C2000&#038;ssl=1\" srcset=\"https:\/\/i0.wp.com\/casadecampoliving.com\/wp-content\/uploads\/2024\/11\/Friday-Concert-Casa-de-Campo-50th-Kick-off-8.jpg?w=1333&amp;ssl=1 1333w, https:\/\/i0.wp.com\/casadecampoliving.com\/wp-content\/uploads\/2024\/11\/Friday-Concert-Casa-de-Campo-50th-Kick-off-8.jpg?resize=200%2C300&amp;ssl=1 200w, https:\/\/i0.wp.com\/casadecampoliving.com\/wp-content\/uploads\/2024\/11\/Friday-Concert-Casa-de-Campo-50th-Kick-off-8.jpg?resize=682%2C1024&amp;ssl=1 682w, https:\/\/i0.wp.com\/casadecampoliving.com\/wp-content\/uploads\/2024\/11\/Friday-Concert-Casa-de-Campo-50th-Kick-off-8.jpg?resize=768%2C1152&amp;ssl=1 768w, https:\/\/i0.wp.com\/casadecampoliving.com\/wp-content\/uploads\/2024\/11\/Friday-Concert-Casa-de-Campo-50th-Kick-off-8.jpg?resize=1024%2C1536&amp;ssl=1 1024w, https:\/\/i0.wp.com\/casadecampoliving.com\/wp-content\/uploads\/2024\/11\/Friday-Concert-Casa-de-Campo-50th-Kick-off-8.jpg?resize=1200%2C1800&amp;ssl=1 1200w, https:\/\/i0.wp.com\/casadecampoliving.com\/wp-content\/uploads\/2024\/11\/Friday-Concert-Casa-de-Campo-50th-Kick-off-8.jpg?resize=400%2C600&amp;ssl=1 400w, https:\/\/i0.wp.com\/casadecampoliving.com\/wp-content\/uploads\/2024\/11\/Friday-Concert-Casa-de-Campo-50th-Kick-off-8.jpg?resize=1320%2C1980&amp;ssl=1 1320w, https:\/\/i0.wp.com\/casadecampoliving.com\/wp-content\/uploads\/2024\/11\/Friday-Concert-Casa-de-Campo-50th-Kick-off-8.jpg?resize=150%2C225&amp;ssl=1 150w, https:\/\/i0.wp.com\/casadecampoliving.com\/wp-content\/uploads\/2024\/11\/Friday-Concert-Casa-de-Campo-50th-Kick-off-8.jpg?w=370&amp;ssl=1 370w\" sizes=\"(max-width: 1000px) 100vw, 1000px\" \/><figcaption class=\"wp-block-jetpack-slideshow_caption gallery-caption\">Voices of our Generation Vol. 1<\/figcaption><\/figure><\/li><li class=\"wp-block-jetpack-slideshow_slide swiper-slide\"><figure><img data-recalc-dims=\"1\" loading=\"lazy\" decoding=\"async\" width=\"2000\" height=\"1333\" alt=\"\" class=\"wp-block-jetpack-slideshow_image wp-image-534217\" data-id=\"534217\" data-aspect-ratio=\"2000 \/ 1333\" src=\"https:\/\/i0.wp.com\/casadecampoliving.com\/wp-content\/uploads\/2024\/11\/Friday-Concert-Casa-de-Campo-50th-Kick-off-3.jpg?resize=2000%2C1333&#038;ssl=1\" srcset=\"https:\/\/i0.wp.com\/casadecampoliving.com\/wp-content\/uploads\/2024\/11\/Friday-Concert-Casa-de-Campo-50th-Kick-off-3.jpg?w=2000&amp;ssl=1 2000w, https:\/\/i0.wp.com\/casadecampoliving.com\/wp-content\/uploads\/2024\/11\/Friday-Concert-Casa-de-Campo-50th-Kick-off-3.jpg?resize=300%2C200&amp;ssl=1 300w, https:\/\/i0.wp.com\/casadecampoliving.com\/wp-content\/uploads\/2024\/11\/Friday-Concert-Casa-de-Campo-50th-Kick-off-3.jpg?resize=1024%2C682&amp;ssl=1 1024w, https:\/\/i0.wp.com\/casadecampoliving.com\/wp-content\/uploads\/2024\/11\/Friday-Concert-Casa-de-Campo-50th-Kick-off-3.jpg?resize=768%2C512&amp;ssl=1 768w, https:\/\/i0.wp.com\/casadecampoliving.com\/wp-content\/uploads\/2024\/11\/Friday-Concert-Casa-de-Campo-50th-Kick-off-3.jpg?resize=1536%2C1024&amp;ssl=1 1536w, https:\/\/i0.wp.com\/casadecampoliving.com\/wp-content\/uploads\/2024\/11\/Friday-Concert-Casa-de-Campo-50th-Kick-off-3.jpg?resize=1200%2C800&amp;ssl=1 1200w, https:\/\/i0.wp.com\/casadecampoliving.com\/wp-content\/uploads\/2024\/11\/Friday-Concert-Casa-de-Campo-50th-Kick-off-3.jpg?resize=1568%2C1045&amp;ssl=1 1568w, https:\/\/i0.wp.com\/casadecampoliving.com\/wp-content\/uploads\/2024\/11\/Friday-Concert-Casa-de-Campo-50th-Kick-off-3.jpg?resize=400%2C267&amp;ssl=1 400w, https:\/\/i0.wp.com\/casadecampoliving.com\/wp-content\/uploads\/2024\/11\/Friday-Concert-Casa-de-Campo-50th-Kick-off-3.jpg?resize=1320%2C880&amp;ssl=1 1320w, https:\/\/i0.wp.com\/casadecampoliving.com\/wp-content\/uploads\/2024\/11\/Friday-Concert-Casa-de-Campo-50th-Kick-off-3.jpg?resize=150%2C100&amp;ssl=1 150w, https:\/\/i0.wp.com\/casadecampoliving.com\/wp-content\/uploads\/2024\/11\/Friday-Concert-Casa-de-Campo-50th-Kick-off-3.jpg?w=370&amp;ssl=1 370w\" sizes=\"(max-width: 1000px) 100vw, 1000px\" \/><figcaption class=\"wp-block-jetpack-slideshow_caption gallery-caption\">Voices of our Generation Vol. 1<\/figcaption><\/figure><\/li><li class=\"wp-block-jetpack-slideshow_slide swiper-slide\"><figure><img data-recalc-dims=\"1\" loading=\"lazy\" decoding=\"async\" width=\"2000\" height=\"1333\" alt=\"\" class=\"wp-block-jetpack-slideshow_image wp-image-534247\" data-id=\"534247\" data-aspect-ratio=\"2000 \/ 1333\" src=\"https:\/\/i0.wp.com\/casadecampoliving.com\/wp-content\/uploads\/2024\/11\/Friday-Concert-Casa-de-Campo-50th-Kick-off-10.jpg?resize=2000%2C1333&#038;ssl=1\" srcset=\"https:\/\/i0.wp.com\/casadecampoliving.com\/wp-content\/uploads\/2024\/11\/Friday-Concert-Casa-de-Campo-50th-Kick-off-10.jpg?w=2000&amp;ssl=1 2000w, https:\/\/i0.wp.com\/casadecampoliving.com\/wp-content\/uploads\/2024\/11\/Friday-Concert-Casa-de-Campo-50th-Kick-off-10.jpg?resize=300%2C200&amp;ssl=1 300w, https:\/\/i0.wp.com\/casadecampoliving.com\/wp-content\/uploads\/2024\/11\/Friday-Concert-Casa-de-Campo-50th-Kick-off-10.jpg?resize=1024%2C682&amp;ssl=1 1024w, https:\/\/i0.wp.com\/casadecampoliving.com\/wp-content\/uploads\/2024\/11\/Friday-Concert-Casa-de-Campo-50th-Kick-off-10.jpg?resize=768%2C512&amp;ssl=1 768w, https:\/\/i0.wp.com\/casadecampoliving.com\/wp-content\/uploads\/2024\/11\/Friday-Concert-Casa-de-Campo-50th-Kick-off-10.jpg?resize=1536%2C1024&amp;ssl=1 1536w, https:\/\/i0.wp.com\/casadecampoliving.com\/wp-content\/uploads\/2024\/11\/Friday-Concert-Casa-de-Campo-50th-Kick-off-10.jpg?resize=1200%2C800&amp;ssl=1 1200w, https:\/\/i0.wp.com\/casadecampoliving.com\/wp-content\/uploads\/2024\/11\/Friday-Concert-Casa-de-Campo-50th-Kick-off-10.jpg?resize=1568%2C1045&amp;ssl=1 1568w, https:\/\/i0.wp.com\/casadecampoliving.com\/wp-content\/uploads\/2024\/11\/Friday-Concert-Casa-de-Campo-50th-Kick-off-10.jpg?resize=400%2C267&amp;ssl=1 400w, https:\/\/i0.wp.com\/casadecampoliving.com\/wp-content\/uploads\/2024\/11\/Friday-Concert-Casa-de-Campo-50th-Kick-off-10.jpg?resize=1320%2C880&amp;ssl=1 1320w, https:\/\/i0.wp.com\/casadecampoliving.com\/wp-content\/uploads\/2024\/11\/Friday-Concert-Casa-de-Campo-50th-Kick-off-10.jpg?resize=150%2C100&amp;ssl=1 150w, https:\/\/i0.wp.com\/casadecampoliving.com\/wp-content\/uploads\/2024\/11\/Friday-Concert-Casa-de-Campo-50th-Kick-off-10.jpg?w=370&amp;ssl=1 370w\" sizes=\"(max-width: 1000px) 100vw, 1000px\" \/><figcaption class=\"wp-block-jetpack-slideshow_caption gallery-caption\">Voices of our Generation Vol. 1<\/figcaption><\/figure><\/li><li class=\"wp-block-jetpack-slideshow_slide swiper-slide\"><figure><img data-recalc-dims=\"1\" loading=\"lazy\" decoding=\"async\" width=\"1333\" height=\"2000\" alt=\"\" class=\"wp-block-jetpack-slideshow_image wp-image-534229\" data-id=\"534229\" data-aspect-ratio=\"1333 \/ 2000\" src=\"https:\/\/i0.wp.com\/casadecampoliving.com\/wp-content\/uploads\/2024\/11\/Friday-Concert-Casa-de-Campo-50th-Kick-off-6.jpg?resize=1333%2C2000&#038;ssl=1\" srcset=\"https:\/\/i0.wp.com\/casadecampoliving.com\/wp-content\/uploads\/2024\/11\/Friday-Concert-Casa-de-Campo-50th-Kick-off-6.jpg?w=1333&amp;ssl=1 1333w, https:\/\/i0.wp.com\/casadecampoliving.com\/wp-content\/uploads\/2024\/11\/Friday-Concert-Casa-de-Campo-50th-Kick-off-6.jpg?resize=200%2C300&amp;ssl=1 200w, https:\/\/i0.wp.com\/casadecampoliving.com\/wp-content\/uploads\/2024\/11\/Friday-Concert-Casa-de-Campo-50th-Kick-off-6.jpg?resize=682%2C1024&amp;ssl=1 682w, https:\/\/i0.wp.com\/casadecampoliving.com\/wp-content\/uploads\/2024\/11\/Friday-Concert-Casa-de-Campo-50th-Kick-off-6.jpg?resize=768%2C1152&amp;ssl=1 768w, https:\/\/i0.wp.com\/casadecampoliving.com\/wp-content\/uploads\/2024\/11\/Friday-Concert-Casa-de-Campo-50th-Kick-off-6.jpg?resize=1024%2C1536&amp;ssl=1 1024w, https:\/\/i0.wp.com\/casadecampoliving.com\/wp-content\/uploads\/2024\/11\/Friday-Concert-Casa-de-Campo-50th-Kick-off-6.jpg?resize=1200%2C1800&amp;ssl=1 1200w, https:\/\/i0.wp.com\/casadecampoliving.com\/wp-content\/uploads\/2024\/11\/Friday-Concert-Casa-de-Campo-50th-Kick-off-6.jpg?resize=400%2C600&amp;ssl=1 400w, https:\/\/i0.wp.com\/casadecampoliving.com\/wp-content\/uploads\/2024\/11\/Friday-Concert-Casa-de-Campo-50th-Kick-off-6.jpg?resize=1320%2C1980&amp;ssl=1 1320w, https:\/\/i0.wp.com\/casadecampoliving.com\/wp-content\/uploads\/2024\/11\/Friday-Concert-Casa-de-Campo-50th-Kick-off-6.jpg?resize=150%2C225&amp;ssl=1 150w, https:\/\/i0.wp.com\/casadecampoliving.com\/wp-content\/uploads\/2024\/11\/Friday-Concert-Casa-de-Campo-50th-Kick-off-6.jpg?w=370&amp;ssl=1 370w\" sizes=\"(max-width: 1000px) 100vw, 1000px\" \/><figcaption class=\"wp-block-jetpack-slideshow_caption gallery-caption\">Voices of our Generation Vol. 1<\/figcaption><\/figure><\/li><li class=\"wp-block-jetpack-slideshow_slide swiper-slide\"><figure><img data-recalc-dims=\"1\" loading=\"lazy\" decoding=\"async\" width=\"2000\" height=\"1333\" alt=\"\" class=\"wp-block-jetpack-slideshow_image wp-image-534223\" data-id=\"534223\" data-aspect-ratio=\"2000 \/ 1333\" src=\"https:\/\/i0.wp.com\/casadecampoliving.com\/wp-content\/uploads\/2024\/11\/Friday-Concert-Casa-de-Campo-50th-Kick-off-5.jpg?resize=2000%2C1333&#038;ssl=1\" srcset=\"https:\/\/i0.wp.com\/casadecampoliving.com\/wp-content\/uploads\/2024\/11\/Friday-Concert-Casa-de-Campo-50th-Kick-off-5.jpg?w=2000&amp;ssl=1 2000w, https:\/\/i0.wp.com\/casadecampoliving.com\/wp-content\/uploads\/2024\/11\/Friday-Concert-Casa-de-Campo-50th-Kick-off-5.jpg?resize=300%2C200&amp;ssl=1 300w, https:\/\/i0.wp.com\/casadecampoliving.com\/wp-content\/uploads\/2024\/11\/Friday-Concert-Casa-de-Campo-50th-Kick-off-5.jpg?resize=1024%2C682&amp;ssl=1 1024w, https:\/\/i0.wp.com\/casadecampoliving.com\/wp-content\/uploads\/2024\/11\/Friday-Concert-Casa-de-Campo-50th-Kick-off-5.jpg?resize=768%2C512&amp;ssl=1 768w, https:\/\/i0.wp.com\/casadecampoliving.com\/wp-content\/uploads\/2024\/11\/Friday-Concert-Casa-de-Campo-50th-Kick-off-5.jpg?resize=1536%2C1024&amp;ssl=1 1536w, https:\/\/i0.wp.com\/casadecampoliving.com\/wp-content\/uploads\/2024\/11\/Friday-Concert-Casa-de-Campo-50th-Kick-off-5.jpg?resize=1200%2C800&amp;ssl=1 1200w, https:\/\/i0.wp.com\/casadecampoliving.com\/wp-content\/uploads\/2024\/11\/Friday-Concert-Casa-de-Campo-50th-Kick-off-5.jpg?resize=1568%2C1045&amp;ssl=1 1568w, https:\/\/i0.wp.com\/casadecampoliving.com\/wp-content\/uploads\/2024\/11\/Friday-Concert-Casa-de-Campo-50th-Kick-off-5.jpg?resize=400%2C267&amp;ssl=1 400w, https:\/\/i0.wp.com\/casadecampoliving.com\/wp-content\/uploads\/2024\/11\/Friday-Concert-Casa-de-Campo-50th-Kick-off-5.jpg?resize=1320%2C880&amp;ssl=1 1320w, https:\/\/i0.wp.com\/casadecampoliving.com\/wp-content\/uploads\/2024\/11\/Friday-Concert-Casa-de-Campo-50th-Kick-off-5.jpg?resize=150%2C100&amp;ssl=1 150w, https:\/\/i0.wp.com\/casadecampoliving.com\/wp-content\/uploads\/2024\/11\/Friday-Concert-Casa-de-Campo-50th-Kick-off-5.jpg?w=370&amp;ssl=1 370w\" sizes=\"(max-width: 1000px) 100vw, 1000px\" \/><figcaption class=\"wp-block-jetpack-slideshow_caption gallery-caption\">Voices of our Generation Vol. 1<\/figcaption><\/figure><\/li><li class=\"wp-block-jetpack-slideshow_slide swiper-slide\"><figure><img data-recalc-dims=\"1\" loading=\"lazy\" decoding=\"async\" width=\"2000\" height=\"1333\" alt=\"\" class=\"wp-block-jetpack-slideshow_image wp-image-534231\" data-id=\"534231\" data-aspect-ratio=\"2000 \/ 1333\" src=\"https:\/\/i0.wp.com\/casadecampoliving.com\/wp-content\/uploads\/2024\/11\/Friday-Concert-Casa-de-Campo-50th-Kick-off-4.jpg?resize=2000%2C1333&#038;ssl=1\" srcset=\"https:\/\/i0.wp.com\/casadecampoliving.com\/wp-content\/uploads\/2024\/11\/Friday-Concert-Casa-de-Campo-50th-Kick-off-4.jpg?w=2000&amp;ssl=1 2000w, https:\/\/i0.wp.com\/casadecampoliving.com\/wp-content\/uploads\/2024\/11\/Friday-Concert-Casa-de-Campo-50th-Kick-off-4.jpg?resize=300%2C200&amp;ssl=1 300w, https:\/\/i0.wp.com\/casadecampoliving.com\/wp-content\/uploads\/2024\/11\/Friday-Concert-Casa-de-Campo-50th-Kick-off-4.jpg?resize=1024%2C682&amp;ssl=1 1024w, https:\/\/i0.wp.com\/casadecampoliving.com\/wp-content\/uploads\/2024\/11\/Friday-Concert-Casa-de-Campo-50th-Kick-off-4.jpg?resize=768%2C512&amp;ssl=1 768w, https:\/\/i0.wp.com\/casadecampoliving.com\/wp-content\/uploads\/2024\/11\/Friday-Concert-Casa-de-Campo-50th-Kick-off-4.jpg?resize=1536%2C1024&amp;ssl=1 1536w, https:\/\/i0.wp.com\/casadecampoliving.com\/wp-content\/uploads\/2024\/11\/Friday-Concert-Casa-de-Campo-50th-Kick-off-4.jpg?resize=1200%2C800&amp;ssl=1 1200w, https:\/\/i0.wp.com\/casadecampoliving.com\/wp-content\/uploads\/2024\/11\/Friday-Concert-Casa-de-Campo-50th-Kick-off-4.jpg?resize=1568%2C1045&amp;ssl=1 1568w, https:\/\/i0.wp.com\/casadecampoliving.com\/wp-content\/uploads\/2024\/11\/Friday-Concert-Casa-de-Campo-50th-Kick-off-4.jpg?resize=400%2C267&amp;ssl=1 400w, https:\/\/i0.wp.com\/casadecampoliving.com\/wp-content\/uploads\/2024\/11\/Friday-Concert-Casa-de-Campo-50th-Kick-off-4.jpg?resize=1320%2C880&amp;ssl=1 1320w, https:\/\/i0.wp.com\/casadecampoliving.com\/wp-content\/uploads\/2024\/11\/Friday-Concert-Casa-de-Campo-50th-Kick-off-4.jpg?resize=150%2C100&amp;ssl=1 150w, https:\/\/i0.wp.com\/casadecampoliving.com\/wp-content\/uploads\/2024\/11\/Friday-Concert-Casa-de-Campo-50th-Kick-off-4.jpg?w=370&amp;ssl=1 370w\" sizes=\"(max-width: 1000px) 100vw, 1000px\" \/><figcaption class=\"wp-block-jetpack-slideshow_caption gallery-caption\">Voices of our Generation Vol. 1<\/figcaption><\/figure><\/li><li class=\"wp-block-jetpack-slideshow_slide swiper-slide\"><figure><img data-recalc-dims=\"1\" loading=\"lazy\" decoding=\"async\" width=\"2560\" height=\"1706\" alt=\"\" class=\"wp-block-jetpack-slideshow_image wp-image-534264\" data-id=\"534264\" data-aspect-ratio=\"2560 \/ 1706\" src=\"https:\/\/i0.wp.com\/casadecampoliving.com\/wp-content\/uploads\/2024\/11\/Friday-Concert-Casa-de-Campo-50th-Kick-off-26-scaled.jpg?resize=2560%2C1706&#038;ssl=1\" srcset=\"https:\/\/i0.wp.com\/casadecampoliving.com\/wp-content\/uploads\/2024\/11\/Friday-Concert-Casa-de-Campo-50th-Kick-off-26-scaled.jpg?w=2560&amp;ssl=1 2560w, https:\/\/i0.wp.com\/casadecampoliving.com\/wp-content\/uploads\/2024\/11\/Friday-Concert-Casa-de-Campo-50th-Kick-off-26-scaled.jpg?resize=300%2C200&amp;ssl=1 300w, https:\/\/i0.wp.com\/casadecampoliving.com\/wp-content\/uploads\/2024\/11\/Friday-Concert-Casa-de-Campo-50th-Kick-off-26-scaled.jpg?resize=1024%2C683&amp;ssl=1 1024w, https:\/\/i0.wp.com\/casadecampoliving.com\/wp-content\/uploads\/2024\/11\/Friday-Concert-Casa-de-Campo-50th-Kick-off-26-scaled.jpg?resize=768%2C512&amp;ssl=1 768w, https:\/\/i0.wp.com\/casadecampoliving.com\/wp-content\/uploads\/2024\/11\/Friday-Concert-Casa-de-Campo-50th-Kick-off-26-scaled.jpg?resize=1536%2C1024&amp;ssl=1 1536w, https:\/\/i0.wp.com\/casadecampoliving.com\/wp-content\/uploads\/2024\/11\/Friday-Concert-Casa-de-Campo-50th-Kick-off-26-scaled.jpg?resize=2048%2C1365&amp;ssl=1 2048w, https:\/\/i0.wp.com\/casadecampoliving.com\/wp-content\/uploads\/2024\/11\/Friday-Concert-Casa-de-Campo-50th-Kick-off-26-scaled.jpg?resize=1200%2C800&amp;ssl=1 1200w, https:\/\/i0.wp.com\/casadecampoliving.com\/wp-content\/uploads\/2024\/11\/Friday-Concert-Casa-de-Campo-50th-Kick-off-26-scaled.jpg?resize=1568%2C1045&amp;ssl=1 1568w, https:\/\/i0.wp.com\/casadecampoliving.com\/wp-content\/uploads\/2024\/11\/Friday-Concert-Casa-de-Campo-50th-Kick-off-26-scaled.jpg?resize=2000%2C1333&amp;ssl=1 2000w, https:\/\/i0.wp.com\/casadecampoliving.com\/wp-content\/uploads\/2024\/11\/Friday-Concert-Casa-de-Campo-50th-Kick-off-26-scaled.jpg?resize=400%2C267&amp;ssl=1 400w, https:\/\/i0.wp.com\/casadecampoliving.com\/wp-content\/uploads\/2024\/11\/Friday-Concert-Casa-de-Campo-50th-Kick-off-26-scaled.jpg?resize=1320%2C880&amp;ssl=1 1320w, https:\/\/i0.wp.com\/casadecampoliving.com\/wp-content\/uploads\/2024\/11\/Friday-Concert-Casa-de-Campo-50th-Kick-off-26-scaled.jpg?resize=150%2C100&amp;ssl=1 150w, https:\/\/i0.wp.com\/casadecampoliving.com\/wp-content\/uploads\/2024\/11\/Friday-Concert-Casa-de-Campo-50th-Kick-off-26-scaled.jpg?w=370&amp;ssl=1 370w\" sizes=\"(max-width: 1000px) 100vw, 1000px\" \/><figcaption class=\"wp-block-jetpack-slideshow_caption gallery-caption\">Voices of our Generation Vol. 1<\/figcaption><\/figure><\/li><li class=\"wp-block-jetpack-slideshow_slide swiper-slide\"><figure><img data-recalc-dims=\"1\" loading=\"lazy\" decoding=\"async\" width=\"2560\" height=\"1706\" alt=\"\" class=\"wp-block-jetpack-slideshow_image wp-image-534258\" data-id=\"534258\" data-aspect-ratio=\"2560 \/ 1706\" src=\"https:\/\/i0.wp.com\/casadecampoliving.com\/wp-content\/uploads\/2024\/11\/Friday-Concert-Casa-de-Campo-50th-Kick-off-31-scaled.jpg?resize=2560%2C1706&#038;ssl=1\" srcset=\"https:\/\/i0.wp.com\/casadecampoliving.com\/wp-content\/uploads\/2024\/11\/Friday-Concert-Casa-de-Campo-50th-Kick-off-31-scaled.jpg?w=2560&amp;ssl=1 2560w, https:\/\/i0.wp.com\/casadecampoliving.com\/wp-content\/uploads\/2024\/11\/Friday-Concert-Casa-de-Campo-50th-Kick-off-31-scaled.jpg?resize=300%2C200&amp;ssl=1 300w, https:\/\/i0.wp.com\/casadecampoliving.com\/wp-content\/uploads\/2024\/11\/Friday-Concert-Casa-de-Campo-50th-Kick-off-31-scaled.jpg?resize=1024%2C683&amp;ssl=1 1024w, https:\/\/i0.wp.com\/casadecampoliving.com\/wp-content\/uploads\/2024\/11\/Friday-Concert-Casa-de-Campo-50th-Kick-off-31-scaled.jpg?resize=768%2C512&amp;ssl=1 768w, https:\/\/i0.wp.com\/casadecampoliving.com\/wp-content\/uploads\/2024\/11\/Friday-Concert-Casa-de-Campo-50th-Kick-off-31-scaled.jpg?resize=1536%2C1024&amp;ssl=1 1536w, https:\/\/i0.wp.com\/casadecampoliving.com\/wp-content\/uploads\/2024\/11\/Friday-Concert-Casa-de-Campo-50th-Kick-off-31-scaled.jpg?resize=2048%2C1365&amp;ssl=1 2048w, https:\/\/i0.wp.com\/casadecampoliving.com\/wp-content\/uploads\/2024\/11\/Friday-Concert-Casa-de-Campo-50th-Kick-off-31-scaled.jpg?resize=1200%2C800&amp;ssl=1 1200w, https:\/\/i0.wp.com\/casadecampoliving.com\/wp-content\/uploads\/2024\/11\/Friday-Concert-Casa-de-Campo-50th-Kick-off-31-scaled.jpg?resize=1568%2C1045&amp;ssl=1 1568w, https:\/\/i0.wp.com\/casadecampoliving.com\/wp-content\/uploads\/2024\/11\/Friday-Concert-Casa-de-Campo-50th-Kick-off-31-scaled.jpg?resize=2000%2C1333&amp;ssl=1 2000w, https:\/\/i0.wp.com\/casadecampoliving.com\/wp-content\/uploads\/2024\/11\/Friday-Concert-Casa-de-Campo-50th-Kick-off-31-scaled.jpg?resize=400%2C267&amp;ssl=1 400w, https:\/\/i0.wp.com\/casadecampoliving.com\/wp-content\/uploads\/2024\/11\/Friday-Concert-Casa-de-Campo-50th-Kick-off-31-scaled.jpg?resize=1320%2C880&amp;ssl=1 1320w, https:\/\/i0.wp.com\/casadecampoliving.com\/wp-content\/uploads\/2024\/11\/Friday-Concert-Casa-de-Campo-50th-Kick-off-31-scaled.jpg?resize=150%2C100&amp;ssl=1 150w, https:\/\/i0.wp.com\/casadecampoliving.com\/wp-content\/uploads\/2024\/11\/Friday-Concert-Casa-de-Campo-50th-Kick-off-31-scaled.jpg?w=370&amp;ssl=1 370w\" sizes=\"(max-width: 1000px) 100vw, 1000px\" \/><figcaption class=\"wp-block-jetpack-slideshow_caption gallery-caption\">Voices of our Generation Vol. 1<\/figcaption><\/figure><\/li><li class=\"wp-block-jetpack-slideshow_slide swiper-slide\"><figure><img data-recalc-dims=\"1\" loading=\"lazy\" decoding=\"async\" width=\"2000\" height=\"1333\" alt=\"\" class=\"wp-block-jetpack-slideshow_image wp-image-534245\" data-id=\"534245\" data-aspect-ratio=\"2000 \/ 1333\" src=\"https:\/\/i0.wp.com\/casadecampoliving.com\/wp-content\/uploads\/2024\/11\/Friday-Concert-Casa-de-Campo-50th-Kick-off-2.jpg?resize=2000%2C1333&#038;ssl=1\" srcset=\"https:\/\/i0.wp.com\/casadecampoliving.com\/wp-content\/uploads\/2024\/11\/Friday-Concert-Casa-de-Campo-50th-Kick-off-2.jpg?w=2000&amp;ssl=1 2000w, https:\/\/i0.wp.com\/casadecampoliving.com\/wp-content\/uploads\/2024\/11\/Friday-Concert-Casa-de-Campo-50th-Kick-off-2.jpg?resize=300%2C200&amp;ssl=1 300w, https:\/\/i0.wp.com\/casadecampoliving.com\/wp-content\/uploads\/2024\/11\/Friday-Concert-Casa-de-Campo-50th-Kick-off-2.jpg?resize=1024%2C682&amp;ssl=1 1024w, https:\/\/i0.wp.com\/casadecampoliving.com\/wp-content\/uploads\/2024\/11\/Friday-Concert-Casa-de-Campo-50th-Kick-off-2.jpg?resize=768%2C512&amp;ssl=1 768w, https:\/\/i0.wp.com\/casadecampoliving.com\/wp-content\/uploads\/2024\/11\/Friday-Concert-Casa-de-Campo-50th-Kick-off-2.jpg?resize=1536%2C1024&amp;ssl=1 1536w, https:\/\/i0.wp.com\/casadecampoliving.com\/wp-content\/uploads\/2024\/11\/Friday-Concert-Casa-de-Campo-50th-Kick-off-2.jpg?resize=1200%2C800&amp;ssl=1 1200w, https:\/\/i0.wp.com\/casadecampoliving.com\/wp-content\/uploads\/2024\/11\/Friday-Concert-Casa-de-Campo-50th-Kick-off-2.jpg?resize=1568%2C1045&amp;ssl=1 1568w, https:\/\/i0.wp.com\/casadecampoliving.com\/wp-content\/uploads\/2024\/11\/Friday-Concert-Casa-de-Campo-50th-Kick-off-2.jpg?resize=400%2C267&amp;ssl=1 400w, https:\/\/i0.wp.com\/casadecampoliving.com\/wp-content\/uploads\/2024\/11\/Friday-Concert-Casa-de-Campo-50th-Kick-off-2.jpg?resize=1320%2C880&amp;ssl=1 1320w, https:\/\/i0.wp.com\/casadecampoliving.com\/wp-content\/uploads\/2024\/11\/Friday-Concert-Casa-de-Campo-50th-Kick-off-2.jpg?resize=150%2C100&amp;ssl=1 150w, https:\/\/i0.wp.com\/casadecampoliving.com\/wp-content\/uploads\/2024\/11\/Friday-Concert-Casa-de-Campo-50th-Kick-off-2.jpg?w=370&amp;ssl=1 370w\" sizes=\"(max-width: 1000px) 100vw, 1000px\" \/><figcaption class=\"wp-block-jetpack-slideshow_caption gallery-caption\">Voices of our Generation Vol. 1<\/figcaption><\/figure><\/li><li class=\"wp-block-jetpack-slideshow_slide swiper-slide\"><figure><img data-recalc-dims=\"1\" loading=\"lazy\" decoding=\"async\" width=\"2560\" height=\"1706\" alt=\"\" class=\"wp-block-jetpack-slideshow_image wp-image-534260\" data-id=\"534260\" data-aspect-ratio=\"2560 \/ 1706\" src=\"https:\/\/i0.wp.com\/casadecampoliving.com\/wp-content\/uploads\/2024\/11\/Friday-Concert-Casa-de-Campo-50th-Kick-off-28-scaled.jpg?resize=2560%2C1706&#038;ssl=1\" srcset=\"https:\/\/i0.wp.com\/casadecampoliving.com\/wp-content\/uploads\/2024\/11\/Friday-Concert-Casa-de-Campo-50th-Kick-off-28-scaled.jpg?w=2560&amp;ssl=1 2560w, https:\/\/i0.wp.com\/casadecampoliving.com\/wp-content\/uploads\/2024\/11\/Friday-Concert-Casa-de-Campo-50th-Kick-off-28-scaled.jpg?resize=300%2C200&amp;ssl=1 300w, https:\/\/i0.wp.com\/casadecampoliving.com\/wp-content\/uploads\/2024\/11\/Friday-Concert-Casa-de-Campo-50th-Kick-off-28-scaled.jpg?resize=1024%2C683&amp;ssl=1 1024w, https:\/\/i0.wp.com\/casadecampoliving.com\/wp-content\/uploads\/2024\/11\/Friday-Concert-Casa-de-Campo-50th-Kick-off-28-scaled.jpg?resize=768%2C512&amp;ssl=1 768w, https:\/\/i0.wp.com\/casadecampoliving.com\/wp-content\/uploads\/2024\/11\/Friday-Concert-Casa-de-Campo-50th-Kick-off-28-scaled.jpg?resize=1536%2C1024&amp;ssl=1 1536w, https:\/\/i0.wp.com\/casadecampoliving.com\/wp-content\/uploads\/2024\/11\/Friday-Concert-Casa-de-Campo-50th-Kick-off-28-scaled.jpg?resize=2048%2C1365&amp;ssl=1 2048w, https:\/\/i0.wp.com\/casadecampoliving.com\/wp-content\/uploads\/2024\/11\/Friday-Concert-Casa-de-Campo-50th-Kick-off-28-scaled.jpg?resize=1200%2C800&amp;ssl=1 1200w, https:\/\/i0.wp.com\/casadecampoliving.com\/wp-content\/uploads\/2024\/11\/Friday-Concert-Casa-de-Campo-50th-Kick-off-28-scaled.jpg?resize=1568%2C1045&amp;ssl=1 1568w, https:\/\/i0.wp.com\/casadecampoliving.com\/wp-content\/uploads\/2024\/11\/Friday-Concert-Casa-de-Campo-50th-Kick-off-28-scaled.jpg?resize=2000%2C1333&amp;ssl=1 2000w, https:\/\/i0.wp.com\/casadecampoliving.com\/wp-content\/uploads\/2024\/11\/Friday-Concert-Casa-de-Campo-50th-Kick-off-28-scaled.jpg?resize=400%2C267&amp;ssl=1 400w, https:\/\/i0.wp.com\/casadecampoliving.com\/wp-content\/uploads\/2024\/11\/Friday-Concert-Casa-de-Campo-50th-Kick-off-28-scaled.jpg?resize=1320%2C880&amp;ssl=1 1320w, https:\/\/i0.wp.com\/casadecampoliving.com\/wp-content\/uploads\/2024\/11\/Friday-Concert-Casa-de-Campo-50th-Kick-off-28-scaled.jpg?resize=150%2C100&amp;ssl=1 150w, https:\/\/i0.wp.com\/casadecampoliving.com\/wp-content\/uploads\/2024\/11\/Friday-Concert-Casa-de-Campo-50th-Kick-off-28-scaled.jpg?w=370&amp;ssl=1 370w\" sizes=\"(max-width: 1000px) 100vw, 1000px\" \/><figcaption class=\"wp-block-jetpack-slideshow_caption gallery-caption\">Voices of our Generation Vol. 1<\/figcaption><\/figure><\/li><li class=\"wp-block-jetpack-slideshow_slide swiper-slide\"><figure><img data-recalc-dims=\"1\" loading=\"lazy\" decoding=\"async\" width=\"1708\" height=\"2560\" alt=\"\" class=\"wp-block-jetpack-slideshow_image wp-image-534256\" data-id=\"534256\" data-aspect-ratio=\"1708 \/ 2560\" src=\"https:\/\/i0.wp.com\/casadecampoliving.com\/wp-content\/uploads\/2024\/11\/Friday-Concert-Casa-de-Campo-50th-Kick-off-30-scaled.jpg?resize=1708%2C2560&#038;ssl=1\" srcset=\"https:\/\/i0.wp.com\/casadecampoliving.com\/wp-content\/uploads\/2024\/11\/Friday-Concert-Casa-de-Campo-50th-Kick-off-30-scaled.jpg?w=1708&amp;ssl=1 1708w, https:\/\/i0.wp.com\/casadecampoliving.com\/wp-content\/uploads\/2024\/11\/Friday-Concert-Casa-de-Campo-50th-Kick-off-30-scaled.jpg?resize=200%2C300&amp;ssl=1 200w, https:\/\/i0.wp.com\/casadecampoliving.com\/wp-content\/uploads\/2024\/11\/Friday-Concert-Casa-de-Campo-50th-Kick-off-30-scaled.jpg?resize=683%2C1024&amp;ssl=1 683w, https:\/\/i0.wp.com\/casadecampoliving.com\/wp-content\/uploads\/2024\/11\/Friday-Concert-Casa-de-Campo-50th-Kick-off-30-scaled.jpg?resize=768%2C1151&amp;ssl=1 768w, https:\/\/i0.wp.com\/casadecampoliving.com\/wp-content\/uploads\/2024\/11\/Friday-Concert-Casa-de-Campo-50th-Kick-off-30-scaled.jpg?resize=1025%2C1536&amp;ssl=1 1025w, https:\/\/i0.wp.com\/casadecampoliving.com\/wp-content\/uploads\/2024\/11\/Friday-Concert-Casa-de-Campo-50th-Kick-off-30-scaled.jpg?resize=1366%2C2048&amp;ssl=1 1366w, https:\/\/i0.wp.com\/casadecampoliving.com\/wp-content\/uploads\/2024\/11\/Friday-Concert-Casa-de-Campo-50th-Kick-off-30-scaled.jpg?resize=1200%2C1799&amp;ssl=1 1200w, https:\/\/i0.wp.com\/casadecampoliving.com\/wp-content\/uploads\/2024\/11\/Friday-Concert-Casa-de-Campo-50th-Kick-off-30-scaled.jpg?resize=1568%2C2351&amp;ssl=1 1568w, https:\/\/i0.wp.com\/casadecampoliving.com\/wp-content\/uploads\/2024\/11\/Friday-Concert-Casa-de-Campo-50th-Kick-off-30-scaled.jpg?resize=2000%2C2999&amp;ssl=1 2000w, https:\/\/i0.wp.com\/casadecampoliving.com\/wp-content\/uploads\/2024\/11\/Friday-Concert-Casa-de-Campo-50th-Kick-off-30-scaled.jpg?resize=400%2C600&amp;ssl=1 400w, https:\/\/i0.wp.com\/casadecampoliving.com\/wp-content\/uploads\/2024\/11\/Friday-Concert-Casa-de-Campo-50th-Kick-off-30-scaled.jpg?resize=1320%2C1979&amp;ssl=1 1320w, https:\/\/i0.wp.com\/casadecampoliving.com\/wp-content\/uploads\/2024\/11\/Friday-Concert-Casa-de-Campo-50th-Kick-off-30-scaled.jpg?resize=150%2C225&amp;ssl=1 150w, https:\/\/i0.wp.com\/casadecampoliving.com\/wp-content\/uploads\/2024\/11\/Friday-Concert-Casa-de-Campo-50th-Kick-off-30-scaled.jpg?w=370&amp;ssl=1 370w\" sizes=\"(max-width: 1000px) 100vw, 1000px\" \/><figcaption class=\"wp-block-jetpack-slideshow_caption gallery-caption\">Voices of our Generation Vol. 1<\/figcaption><\/figure><\/li><li class=\"wp-block-jetpack-slideshow_slide swiper-slide\"><figure><img data-recalc-dims=\"1\" loading=\"lazy\" decoding=\"async\" width=\"2560\" height=\"1706\" alt=\"\" class=\"wp-block-jetpack-slideshow_image wp-image-534262\" data-id=\"534262\" data-aspect-ratio=\"2560 \/ 1706\" src=\"https:\/\/i0.wp.com\/casadecampoliving.com\/wp-content\/uploads\/2024\/11\/Friday-Concert-Casa-de-Campo-50th-Kick-off-27-scaled.jpg?resize=2560%2C1706&#038;ssl=1\" srcset=\"https:\/\/i0.wp.com\/casadecampoliving.com\/wp-content\/uploads\/2024\/11\/Friday-Concert-Casa-de-Campo-50th-Kick-off-27-scaled.jpg?w=2560&amp;ssl=1 2560w, https:\/\/i0.wp.com\/casadecampoliving.com\/wp-content\/uploads\/2024\/11\/Friday-Concert-Casa-de-Campo-50th-Kick-off-27-scaled.jpg?resize=300%2C200&amp;ssl=1 300w, https:\/\/i0.wp.com\/casadecampoliving.com\/wp-content\/uploads\/2024\/11\/Friday-Concert-Casa-de-Campo-50th-Kick-off-27-scaled.jpg?resize=1024%2C683&amp;ssl=1 1024w, https:\/\/i0.wp.com\/casadecampoliving.com\/wp-content\/uploads\/2024\/11\/Friday-Concert-Casa-de-Campo-50th-Kick-off-27-scaled.jpg?resize=768%2C512&amp;ssl=1 768w, https:\/\/i0.wp.com\/casadecampoliving.com\/wp-content\/uploads\/2024\/11\/Friday-Concert-Casa-de-Campo-50th-Kick-off-27-scaled.jpg?resize=1536%2C1024&amp;ssl=1 1536w, https:\/\/i0.wp.com\/casadecampoliving.com\/wp-content\/uploads\/2024\/11\/Friday-Concert-Casa-de-Campo-50th-Kick-off-27-scaled.jpg?resize=2048%2C1365&amp;ssl=1 2048w, https:\/\/i0.wp.com\/casadecampoliving.com\/wp-content\/uploads\/2024\/11\/Friday-Concert-Casa-de-Campo-50th-Kick-off-27-scaled.jpg?resize=1200%2C800&amp;ssl=1 1200w, https:\/\/i0.wp.com\/casadecampoliving.com\/wp-content\/uploads\/2024\/11\/Friday-Concert-Casa-de-Campo-50th-Kick-off-27-scaled.jpg?resize=1568%2C1045&amp;ssl=1 1568w, https:\/\/i0.wp.com\/casadecampoliving.com\/wp-content\/uploads\/2024\/11\/Friday-Concert-Casa-de-Campo-50th-Kick-off-27-scaled.jpg?resize=2000%2C1333&amp;ssl=1 2000w, https:\/\/i0.wp.com\/casadecampoliving.com\/wp-content\/uploads\/2024\/11\/Friday-Concert-Casa-de-Campo-50th-Kick-off-27-scaled.jpg?resize=400%2C267&amp;ssl=1 400w, https:\/\/i0.wp.com\/casadecampoliving.com\/wp-content\/uploads\/2024\/11\/Friday-Concert-Casa-de-Campo-50th-Kick-off-27-scaled.jpg?resize=1320%2C880&amp;ssl=1 1320w, https:\/\/i0.wp.com\/casadecampoliving.com\/wp-content\/uploads\/2024\/11\/Friday-Concert-Casa-de-Campo-50th-Kick-off-27-scaled.jpg?resize=150%2C100&amp;ssl=1 150w, https:\/\/i0.wp.com\/casadecampoliving.com\/wp-content\/uploads\/2024\/11\/Friday-Concert-Casa-de-Campo-50th-Kick-off-27-scaled.jpg?w=370&amp;ssl=1 370w\" sizes=\"(max-width: 1000px) 100vw, 1000px\" \/><figcaption class=\"wp-block-jetpack-slideshow_caption gallery-caption\">Voices of our Generation Vol. 1<\/figcaption><\/figure><\/li><li class=\"wp-block-jetpack-slideshow_slide swiper-slide\"><figure><img data-recalc-dims=\"1\" loading=\"lazy\" decoding=\"async\" width=\"2560\" height=\"1706\" alt=\"\" class=\"wp-block-jetpack-slideshow_image wp-image-534268\" data-id=\"534268\" data-aspect-ratio=\"2560 \/ 1706\" src=\"https:\/\/i0.wp.com\/casadecampoliving.com\/wp-content\/uploads\/2024\/11\/Friday-Concert-Casa-de-Campo-50th-Kick-off-24-scaled.jpg?resize=2560%2C1706&#038;ssl=1\" srcset=\"https:\/\/i0.wp.com\/casadecampoliving.com\/wp-content\/uploads\/2024\/11\/Friday-Concert-Casa-de-Campo-50th-Kick-off-24-scaled.jpg?w=2560&amp;ssl=1 2560w, https:\/\/i0.wp.com\/casadecampoliving.com\/wp-content\/uploads\/2024\/11\/Friday-Concert-Casa-de-Campo-50th-Kick-off-24-scaled.jpg?resize=300%2C200&amp;ssl=1 300w, https:\/\/i0.wp.com\/casadecampoliving.com\/wp-content\/uploads\/2024\/11\/Friday-Concert-Casa-de-Campo-50th-Kick-off-24-scaled.jpg?resize=1024%2C683&amp;ssl=1 1024w, https:\/\/i0.wp.com\/casadecampoliving.com\/wp-content\/uploads\/2024\/11\/Friday-Concert-Casa-de-Campo-50th-Kick-off-24-scaled.jpg?resize=768%2C512&amp;ssl=1 768w, https:\/\/i0.wp.com\/casadecampoliving.com\/wp-content\/uploads\/2024\/11\/Friday-Concert-Casa-de-Campo-50th-Kick-off-24-scaled.jpg?resize=1536%2C1024&amp;ssl=1 1536w, https:\/\/i0.wp.com\/casadecampoliving.com\/wp-content\/uploads\/2024\/11\/Friday-Concert-Casa-de-Campo-50th-Kick-off-24-scaled.jpg?resize=2048%2C1365&amp;ssl=1 2048w, https:\/\/i0.wp.com\/casadecampoliving.com\/wp-content\/uploads\/2024\/11\/Friday-Concert-Casa-de-Campo-50th-Kick-off-24-scaled.jpg?resize=1200%2C800&amp;ssl=1 1200w, https:\/\/i0.wp.com\/casadecampoliving.com\/wp-content\/uploads\/2024\/11\/Friday-Concert-Casa-de-Campo-50th-Kick-off-24-scaled.jpg?resize=1568%2C1045&amp;ssl=1 1568w, https:\/\/i0.wp.com\/casadecampoliving.com\/wp-content\/uploads\/2024\/11\/Friday-Concert-Casa-de-Campo-50th-Kick-off-24-scaled.jpg?resize=2000%2C1333&amp;ssl=1 2000w, https:\/\/i0.wp.com\/casadecampoliving.com\/wp-content\/uploads\/2024\/11\/Friday-Concert-Casa-de-Campo-50th-Kick-off-24-scaled.jpg?resize=400%2C267&amp;ssl=1 400w, https:\/\/i0.wp.com\/casadecampoliving.com\/wp-content\/uploads\/2024\/11\/Friday-Concert-Casa-de-Campo-50th-Kick-off-24-scaled.jpg?resize=1320%2C880&amp;ssl=1 1320w, https:\/\/i0.wp.com\/casadecampoliving.com\/wp-content\/uploads\/2024\/11\/Friday-Concert-Casa-de-Campo-50th-Kick-off-24-scaled.jpg?resize=150%2C100&amp;ssl=1 150w, https:\/\/i0.wp.com\/casadecampoliving.com\/wp-content\/uploads\/2024\/11\/Friday-Concert-Casa-de-Campo-50th-Kick-off-24-scaled.jpg?w=370&amp;ssl=1 370w\" sizes=\"(max-width: 1000px) 100vw, 1000px\" \/><figcaption class=\"wp-block-jetpack-slideshow_caption gallery-caption\">Voices of our Generation Vol. 1<\/figcaption><\/figure><\/li><li class=\"wp-block-jetpack-slideshow_slide swiper-slide\"><figure><img data-recalc-dims=\"1\" loading=\"lazy\" decoding=\"async\" width=\"2560\" height=\"1706\" alt=\"\" class=\"wp-block-jetpack-slideshow_image wp-image-534274\" data-id=\"534274\" data-aspect-ratio=\"2560 \/ 1706\" src=\"https:\/\/i0.wp.com\/casadecampoliving.com\/wp-content\/uploads\/2024\/11\/Friday-Concert-Casa-de-Campo-50th-Kick-off-21-scaled.jpg?resize=2560%2C1706&#038;ssl=1\" srcset=\"https:\/\/i0.wp.com\/casadecampoliving.com\/wp-content\/uploads\/2024\/11\/Friday-Concert-Casa-de-Campo-50th-Kick-off-21-scaled.jpg?w=2560&amp;ssl=1 2560w, https:\/\/i0.wp.com\/casadecampoliving.com\/wp-content\/uploads\/2024\/11\/Friday-Concert-Casa-de-Campo-50th-Kick-off-21-scaled.jpg?resize=300%2C200&amp;ssl=1 300w, https:\/\/i0.wp.com\/casadecampoliving.com\/wp-content\/uploads\/2024\/11\/Friday-Concert-Casa-de-Campo-50th-Kick-off-21-scaled.jpg?resize=1024%2C683&amp;ssl=1 1024w, https:\/\/i0.wp.com\/casadecampoliving.com\/wp-content\/uploads\/2024\/11\/Friday-Concert-Casa-de-Campo-50th-Kick-off-21-scaled.jpg?resize=768%2C512&amp;ssl=1 768w, https:\/\/i0.wp.com\/casadecampoliving.com\/wp-content\/uploads\/2024\/11\/Friday-Concert-Casa-de-Campo-50th-Kick-off-21-scaled.jpg?resize=1536%2C1024&amp;ssl=1 1536w, https:\/\/i0.wp.com\/casadecampoliving.com\/wp-content\/uploads\/2024\/11\/Friday-Concert-Casa-de-Campo-50th-Kick-off-21-scaled.jpg?resize=2048%2C1365&amp;ssl=1 2048w, https:\/\/i0.wp.com\/casadecampoliving.com\/wp-content\/uploads\/2024\/11\/Friday-Concert-Casa-de-Campo-50th-Kick-off-21-scaled.jpg?resize=1200%2C800&amp;ssl=1 1200w, https:\/\/i0.wp.com\/casadecampoliving.com\/wp-content\/uploads\/2024\/11\/Friday-Concert-Casa-de-Campo-50th-Kick-off-21-scaled.jpg?resize=1568%2C1045&amp;ssl=1 1568w, https:\/\/i0.wp.com\/casadecampoliving.com\/wp-content\/uploads\/2024\/11\/Friday-Concert-Casa-de-Campo-50th-Kick-off-21-scaled.jpg?resize=2000%2C1333&amp;ssl=1 2000w, https:\/\/i0.wp.com\/casadecampoliving.com\/wp-content\/uploads\/2024\/11\/Friday-Concert-Casa-de-Campo-50th-Kick-off-21-scaled.jpg?resize=400%2C267&amp;ssl=1 400w, https:\/\/i0.wp.com\/casadecampoliving.com\/wp-content\/uploads\/2024\/11\/Friday-Concert-Casa-de-Campo-50th-Kick-off-21-scaled.jpg?resize=1320%2C880&amp;ssl=1 1320w, https:\/\/i0.wp.com\/casadecampoliving.com\/wp-content\/uploads\/2024\/11\/Friday-Concert-Casa-de-Campo-50th-Kick-off-21-scaled.jpg?resize=150%2C100&amp;ssl=1 150w, https:\/\/i0.wp.com\/casadecampoliving.com\/wp-content\/uploads\/2024\/11\/Friday-Concert-Casa-de-Campo-50th-Kick-off-21-scaled.jpg?w=370&amp;ssl=1 370w\" sizes=\"(max-width: 1000px) 100vw, 1000px\" \/><figcaption class=\"wp-block-jetpack-slideshow_caption gallery-caption\">Voices of our Generation Vol. 1<\/figcaption><\/figure><\/li><li class=\"wp-block-jetpack-slideshow_slide swiper-slide\"><figure><img data-recalc-dims=\"1\" loading=\"lazy\" decoding=\"async\" width=\"2000\" height=\"1333\" alt=\"\" class=\"wp-block-jetpack-slideshow_image wp-image-534219\" data-id=\"534219\" data-aspect-ratio=\"2000 \/ 1333\" src=\"https:\/\/i0.wp.com\/casadecampoliving.com\/wp-content\/uploads\/2024\/11\/Friday-Concert-Casa-de-Campo-50th-Kick-off-1.jpg?resize=2000%2C1333&#038;ssl=1\" srcset=\"https:\/\/i0.wp.com\/casadecampoliving.com\/wp-content\/uploads\/2024\/11\/Friday-Concert-Casa-de-Campo-50th-Kick-off-1.jpg?w=2000&amp;ssl=1 2000w, https:\/\/i0.wp.com\/casadecampoliving.com\/wp-content\/uploads\/2024\/11\/Friday-Concert-Casa-de-Campo-50th-Kick-off-1.jpg?resize=300%2C200&amp;ssl=1 300w, https:\/\/i0.wp.com\/casadecampoliving.com\/wp-content\/uploads\/2024\/11\/Friday-Concert-Casa-de-Campo-50th-Kick-off-1.jpg?resize=1024%2C682&amp;ssl=1 1024w, https:\/\/i0.wp.com\/casadecampoliving.com\/wp-content\/uploads\/2024\/11\/Friday-Concert-Casa-de-Campo-50th-Kick-off-1.jpg?resize=768%2C512&amp;ssl=1 768w, https:\/\/i0.wp.com\/casadecampoliving.com\/wp-content\/uploads\/2024\/11\/Friday-Concert-Casa-de-Campo-50th-Kick-off-1.jpg?resize=1536%2C1024&amp;ssl=1 1536w, https:\/\/i0.wp.com\/casadecampoliving.com\/wp-content\/uploads\/2024\/11\/Friday-Concert-Casa-de-Campo-50th-Kick-off-1.jpg?resize=1200%2C800&amp;ssl=1 1200w, https:\/\/i0.wp.com\/casadecampoliving.com\/wp-content\/uploads\/2024\/11\/Friday-Concert-Casa-de-Campo-50th-Kick-off-1.jpg?resize=1568%2C1045&amp;ssl=1 1568w, https:\/\/i0.wp.com\/casadecampoliving.com\/wp-content\/uploads\/2024\/11\/Friday-Concert-Casa-de-Campo-50th-Kick-off-1.jpg?resize=400%2C267&amp;ssl=1 400w, https:\/\/i0.wp.com\/casadecampoliving.com\/wp-content\/uploads\/2024\/11\/Friday-Concert-Casa-de-Campo-50th-Kick-off-1.jpg?resize=1320%2C880&amp;ssl=1 1320w, https:\/\/i0.wp.com\/casadecampoliving.com\/wp-content\/uploads\/2024\/11\/Friday-Concert-Casa-de-Campo-50th-Kick-off-1.jpg?resize=150%2C100&amp;ssl=1 150w, https:\/\/i0.wp.com\/casadecampoliving.com\/wp-content\/uploads\/2024\/11\/Friday-Concert-Casa-de-Campo-50th-Kick-off-1.jpg?w=370&amp;ssl=1 370w\" sizes=\"(max-width: 1000px) 100vw, 1000px\" \/><figcaption class=\"wp-block-jetpack-slideshow_caption gallery-caption\">Voices of our Generation Vol. 1<\/figcaption><\/figure><\/li><li class=\"wp-block-jetpack-slideshow_slide swiper-slide\"><figure><img data-recalc-dims=\"1\" loading=\"lazy\" decoding=\"async\" width=\"2000\" height=\"1333\" alt=\"\" class=\"wp-block-jetpack-slideshow_image wp-image-534243\" data-id=\"534243\" data-aspect-ratio=\"2000 \/ 1333\" src=\"https:\/\/i0.wp.com\/casadecampoliving.com\/wp-content\/uploads\/2024\/11\/Friday-Concert-Casa-de-Campo-50th-Kick-off.jpg?resize=2000%2C1333&#038;ssl=1\" srcset=\"https:\/\/i0.wp.com\/casadecampoliving.com\/wp-content\/uploads\/2024\/11\/Friday-Concert-Casa-de-Campo-50th-Kick-off.jpg?w=2000&amp;ssl=1 2000w, https:\/\/i0.wp.com\/casadecampoliving.com\/wp-content\/uploads\/2024\/11\/Friday-Concert-Casa-de-Campo-50th-Kick-off.jpg?resize=300%2C200&amp;ssl=1 300w, https:\/\/i0.wp.com\/casadecampoliving.com\/wp-content\/uploads\/2024\/11\/Friday-Concert-Casa-de-Campo-50th-Kick-off.jpg?resize=1024%2C682&amp;ssl=1 1024w, https:\/\/i0.wp.com\/casadecampoliving.com\/wp-content\/uploads\/2024\/11\/Friday-Concert-Casa-de-Campo-50th-Kick-off.jpg?resize=768%2C512&amp;ssl=1 768w, https:\/\/i0.wp.com\/casadecampoliving.com\/wp-content\/uploads\/2024\/11\/Friday-Concert-Casa-de-Campo-50th-Kick-off.jpg?resize=1536%2C1024&amp;ssl=1 1536w, https:\/\/i0.wp.com\/casadecampoliving.com\/wp-content\/uploads\/2024\/11\/Friday-Concert-Casa-de-Campo-50th-Kick-off.jpg?resize=1200%2C800&amp;ssl=1 1200w, https:\/\/i0.wp.com\/casadecampoliving.com\/wp-content\/uploads\/2024\/11\/Friday-Concert-Casa-de-Campo-50th-Kick-off.jpg?resize=1568%2C1045&amp;ssl=1 1568w, https:\/\/i0.wp.com\/casadecampoliving.com\/wp-content\/uploads\/2024\/11\/Friday-Concert-Casa-de-Campo-50th-Kick-off.jpg?resize=400%2C267&amp;ssl=1 400w, https:\/\/i0.wp.com\/casadecampoliving.com\/wp-content\/uploads\/2024\/11\/Friday-Concert-Casa-de-Campo-50th-Kick-off.jpg?resize=1320%2C880&amp;ssl=1 1320w, https:\/\/i0.wp.com\/casadecampoliving.com\/wp-content\/uploads\/2024\/11\/Friday-Concert-Casa-de-Campo-50th-Kick-off.jpg?resize=150%2C100&amp;ssl=1 150w, https:\/\/i0.wp.com\/casadecampoliving.com\/wp-content\/uploads\/2024\/11\/Friday-Concert-Casa-de-Campo-50th-Kick-off.jpg?w=370&amp;ssl=1 370w\" sizes=\"(max-width: 1000px) 100vw, 1000px\" \/><figcaption class=\"wp-block-jetpack-slideshow_caption gallery-caption\">Voices of our Generation Vol. 1<\/figcaption><\/figure><\/li><li class=\"wp-block-jetpack-slideshow_slide swiper-slide\"><figure><img data-recalc-dims=\"1\" loading=\"lazy\" decoding=\"async\" width=\"2560\" height=\"1706\" alt=\"\" class=\"wp-block-jetpack-slideshow_image wp-image-534252\" data-id=\"534252\" data-aspect-ratio=\"2560 \/ 1706\" src=\"https:\/\/i0.wp.com\/casadecampoliving.com\/wp-content\/uploads\/2024\/11\/Friday-Concert-Casa-de-Campo-50th-Kick-off-33-scaled.jpg?resize=2560%2C1706&#038;ssl=1\" srcset=\"https:\/\/i0.wp.com\/casadecampoliving.com\/wp-content\/uploads\/2024\/11\/Friday-Concert-Casa-de-Campo-50th-Kick-off-33-scaled.jpg?w=2560&amp;ssl=1 2560w, https:\/\/i0.wp.com\/casadecampoliving.com\/wp-content\/uploads\/2024\/11\/Friday-Concert-Casa-de-Campo-50th-Kick-off-33-scaled.jpg?resize=300%2C200&amp;ssl=1 300w, https:\/\/i0.wp.com\/casadecampoliving.com\/wp-content\/uploads\/2024\/11\/Friday-Concert-Casa-de-Campo-50th-Kick-off-33-scaled.jpg?resize=1024%2C683&amp;ssl=1 1024w, https:\/\/i0.wp.com\/casadecampoliving.com\/wp-content\/uploads\/2024\/11\/Friday-Concert-Casa-de-Campo-50th-Kick-off-33-scaled.jpg?resize=768%2C512&amp;ssl=1 768w, https:\/\/i0.wp.com\/casadecampoliving.com\/wp-content\/uploads\/2024\/11\/Friday-Concert-Casa-de-Campo-50th-Kick-off-33-scaled.jpg?resize=1536%2C1024&amp;ssl=1 1536w, https:\/\/i0.wp.com\/casadecampoliving.com\/wp-content\/uploads\/2024\/11\/Friday-Concert-Casa-de-Campo-50th-Kick-off-33-scaled.jpg?resize=2048%2C1365&amp;ssl=1 2048w, https:\/\/i0.wp.com\/casadecampoliving.com\/wp-content\/uploads\/2024\/11\/Friday-Concert-Casa-de-Campo-50th-Kick-off-33-scaled.jpg?resize=1200%2C800&amp;ssl=1 1200w, https:\/\/i0.wp.com\/casadecampoliving.com\/wp-content\/uploads\/2024\/11\/Friday-Concert-Casa-de-Campo-50th-Kick-off-33-scaled.jpg?resize=1568%2C1045&amp;ssl=1 1568w, https:\/\/i0.wp.com\/casadecampoliving.com\/wp-content\/uploads\/2024\/11\/Friday-Concert-Casa-de-Campo-50th-Kick-off-33-scaled.jpg?resize=2000%2C1333&amp;ssl=1 2000w, https:\/\/i0.wp.com\/casadecampoliving.com\/wp-content\/uploads\/2024\/11\/Friday-Concert-Casa-de-Campo-50th-Kick-off-33-scaled.jpg?resize=400%2C267&amp;ssl=1 400w, https:\/\/i0.wp.com\/casadecampoliving.com\/wp-content\/uploads\/2024\/11\/Friday-Concert-Casa-de-Campo-50th-Kick-off-33-scaled.jpg?resize=1320%2C880&amp;ssl=1 1320w, https:\/\/i0.wp.com\/casadecampoliving.com\/wp-content\/uploads\/2024\/11\/Friday-Concert-Casa-de-Campo-50th-Kick-off-33-scaled.jpg?resize=150%2C100&amp;ssl=1 150w, https:\/\/i0.wp.com\/casadecampoliving.com\/wp-content\/uploads\/2024\/11\/Friday-Concert-Casa-de-Campo-50th-Kick-off-33-scaled.jpg?w=370&amp;ssl=1 370w\" sizes=\"(max-width: 1000px) 100vw, 1000px\" \/><figcaption class=\"wp-block-jetpack-slideshow_caption gallery-caption\">Voices of our Generation Vol. 1<\/figcaption><\/figure><\/li><li class=\"wp-block-jetpack-slideshow_slide swiper-slide\"><figure><img data-recalc-dims=\"1\" loading=\"lazy\" decoding=\"async\" width=\"2560\" height=\"1706\" alt=\"\" class=\"wp-block-jetpack-slideshow_image wp-image-534254\" data-id=\"534254\" data-aspect-ratio=\"2560 \/ 1706\" src=\"https:\/\/i0.wp.com\/casadecampoliving.com\/wp-content\/uploads\/2024\/11\/Friday-Concert-Casa-de-Campo-50th-Kick-off-32-scaled.jpg?resize=2560%2C1706&#038;ssl=1\" srcset=\"https:\/\/i0.wp.com\/casadecampoliving.com\/wp-content\/uploads\/2024\/11\/Friday-Concert-Casa-de-Campo-50th-Kick-off-32-scaled.jpg?w=2560&amp;ssl=1 2560w, https:\/\/i0.wp.com\/casadecampoliving.com\/wp-content\/uploads\/2024\/11\/Friday-Concert-Casa-de-Campo-50th-Kick-off-32-scaled.jpg?resize=300%2C200&amp;ssl=1 300w, https:\/\/i0.wp.com\/casadecampoliving.com\/wp-content\/uploads\/2024\/11\/Friday-Concert-Casa-de-Campo-50th-Kick-off-32-scaled.jpg?resize=1024%2C683&amp;ssl=1 1024w, https:\/\/i0.wp.com\/casadecampoliving.com\/wp-content\/uploads\/2024\/11\/Friday-Concert-Casa-de-Campo-50th-Kick-off-32-scaled.jpg?resize=768%2C512&amp;ssl=1 768w, https:\/\/i0.wp.com\/casadecampoliving.com\/wp-content\/uploads\/2024\/11\/Friday-Concert-Casa-de-Campo-50th-Kick-off-32-scaled.jpg?resize=1536%2C1024&amp;ssl=1 1536w, https:\/\/i0.wp.com\/casadecampoliving.com\/wp-content\/uploads\/2024\/11\/Friday-Concert-Casa-de-Campo-50th-Kick-off-32-scaled.jpg?resize=2048%2C1365&amp;ssl=1 2048w, https:\/\/i0.wp.com\/casadecampoliving.com\/wp-content\/uploads\/2024\/11\/Friday-Concert-Casa-de-Campo-50th-Kick-off-32-scaled.jpg?resize=1200%2C800&amp;ssl=1 1200w, https:\/\/i0.wp.com\/casadecampoliving.com\/wp-content\/uploads\/2024\/11\/Friday-Concert-Casa-de-Campo-50th-Kick-off-32-scaled.jpg?resize=1568%2C1045&amp;ssl=1 1568w, https:\/\/i0.wp.com\/casadecampoliving.com\/wp-content\/uploads\/2024\/11\/Friday-Concert-Casa-de-Campo-50th-Kick-off-32-scaled.jpg?resize=2000%2C1333&amp;ssl=1 2000w, https:\/\/i0.wp.com\/casadecampoliving.com\/wp-content\/uploads\/2024\/11\/Friday-Concert-Casa-de-Campo-50th-Kick-off-32-scaled.jpg?resize=400%2C267&amp;ssl=1 400w, https:\/\/i0.wp.com\/casadecampoliving.com\/wp-content\/uploads\/2024\/11\/Friday-Concert-Casa-de-Campo-50th-Kick-off-32-scaled.jpg?resize=1320%2C880&amp;ssl=1 1320w, https:\/\/i0.wp.com\/casadecampoliving.com\/wp-content\/uploads\/2024\/11\/Friday-Concert-Casa-de-Campo-50th-Kick-off-32-scaled.jpg?resize=150%2C100&amp;ssl=1 150w, https:\/\/i0.wp.com\/casadecampoliving.com\/wp-content\/uploads\/2024\/11\/Friday-Concert-Casa-de-Campo-50th-Kick-off-32-scaled.jpg?w=370&amp;ssl=1 370w\" sizes=\"(max-width: 1000px) 100vw, 1000px\" \/><figcaption class=\"wp-block-jetpack-slideshow_caption gallery-caption\">Voices of our Generation Vol. 1<\/figcaption><\/figure><\/li><li class=\"wp-block-jetpack-slideshow_slide swiper-slide\"><figure><img data-recalc-dims=\"1\" loading=\"lazy\" decoding=\"async\" width=\"2560\" height=\"1706\" alt=\"\" class=\"wp-block-jetpack-slideshow_image wp-image-534266\" data-id=\"534266\" data-aspect-ratio=\"2560 \/ 1706\" src=\"https:\/\/i0.wp.com\/casadecampoliving.com\/wp-content\/uploads\/2024\/11\/Friday-Concert-Casa-de-Campo-50th-Kick-off-25-scaled.jpg?resize=2560%2C1706&#038;ssl=1\" srcset=\"https:\/\/i0.wp.com\/casadecampoliving.com\/wp-content\/uploads\/2024\/11\/Friday-Concert-Casa-de-Campo-50th-Kick-off-25-scaled.jpg?w=2560&amp;ssl=1 2560w, https:\/\/i0.wp.com\/casadecampoliving.com\/wp-content\/uploads\/2024\/11\/Friday-Concert-Casa-de-Campo-50th-Kick-off-25-scaled.jpg?resize=300%2C200&amp;ssl=1 300w, https:\/\/i0.wp.com\/casadecampoliving.com\/wp-content\/uploads\/2024\/11\/Friday-Concert-Casa-de-Campo-50th-Kick-off-25-scaled.jpg?resize=1024%2C683&amp;ssl=1 1024w, https:\/\/i0.wp.com\/casadecampoliving.com\/wp-content\/uploads\/2024\/11\/Friday-Concert-Casa-de-Campo-50th-Kick-off-25-scaled.jpg?resize=768%2C512&amp;ssl=1 768w, https:\/\/i0.wp.com\/casadecampoliving.com\/wp-content\/uploads\/2024\/11\/Friday-Concert-Casa-de-Campo-50th-Kick-off-25-scaled.jpg?resize=1536%2C1024&amp;ssl=1 1536w, https:\/\/i0.wp.com\/casadecampoliving.com\/wp-content\/uploads\/2024\/11\/Friday-Concert-Casa-de-Campo-50th-Kick-off-25-scaled.jpg?resize=2048%2C1365&amp;ssl=1 2048w, https:\/\/i0.wp.com\/casadecampoliving.com\/wp-content\/uploads\/2024\/11\/Friday-Concert-Casa-de-Campo-50th-Kick-off-25-scaled.jpg?resize=1200%2C800&amp;ssl=1 1200w, https:\/\/i0.wp.com\/casadecampoliving.com\/wp-content\/uploads\/2024\/11\/Friday-Concert-Casa-de-Campo-50th-Kick-off-25-scaled.jpg?resize=1568%2C1045&amp;ssl=1 1568w, https:\/\/i0.wp.com\/casadecampoliving.com\/wp-content\/uploads\/2024\/11\/Friday-Concert-Casa-de-Campo-50th-Kick-off-25-scaled.jpg?resize=2000%2C1333&amp;ssl=1 2000w, https:\/\/i0.wp.com\/casadecampoliving.com\/wp-content\/uploads\/2024\/11\/Friday-Concert-Casa-de-Campo-50th-Kick-off-25-scaled.jpg?resize=400%2C267&amp;ssl=1 400w, https:\/\/i0.wp.com\/casadecampoliving.com\/wp-content\/uploads\/2024\/11\/Friday-Concert-Casa-de-Campo-50th-Kick-off-25-scaled.jpg?resize=1320%2C880&amp;ssl=1 1320w, https:\/\/i0.wp.com\/casadecampoliving.com\/wp-content\/uploads\/2024\/11\/Friday-Concert-Casa-de-Campo-50th-Kick-off-25-scaled.jpg?resize=150%2C100&amp;ssl=1 150w, https:\/\/i0.wp.com\/casadecampoliving.com\/wp-content\/uploads\/2024\/11\/Friday-Concert-Casa-de-Campo-50th-Kick-off-25-scaled.jpg?w=370&amp;ssl=1 370w\" sizes=\"(max-width: 1000px) 100vw, 1000px\" \/><figcaption class=\"wp-block-jetpack-slideshow_caption gallery-caption\">Voices of our Generation Vol. 1<\/figcaption><\/figure><\/li><\/ul><a class=\"wp-block-jetpack-slideshow_button-prev swiper-button-prev swiper-button-white\" role=\"button\"><\/a><a class=\"wp-block-jetpack-slideshow_button-next swiper-button-next swiper-button-white\" role=\"button\"><\/a><a aria-label=\"Pause Slideshow\" class=\"wp-block-jetpack-slideshow_button-pause\" role=\"button\"><\/a><div class=\"wp-block-jetpack-slideshow_pagination swiper-pagination swiper-pagination-white\"><\/div><\/div><\/div>\n\n\n\n<p>\u201cEstamos orgullosos de presentar un cartel incre\u00edble para Voices of Our Generation, Volumen 3\u201d, dijo Jason Kycek, director de marketing y vicepresidente senior de Casa de Campo Resort &amp; Villas, en un comunicado oficial. \u201cEsta serie se ha convertido en un evento imperdible en la Rep\u00fablica Dominicana, ofreciendo entretenimiento de clase mundial con algunos de los artistas m\u00e1s importantes de los \u00faltimos 50 a\u00f1os\u201d.<\/p>\n\n\n\n<h2 class=\"wp-block-heading\">Una Tradici\u00f3n de \u00c9xitos<\/h2>\n\n\n\n<p>La serie de conciertos se convirti\u00f3 r\u00e1pidamente en un pilar de las celebraciones de aniversario de Casa de Campo. El a\u00f1o pasado, ganadores del Grammy y leyendas del Rock &amp; Roll Hall of Fame como Richard Marx, Pedro Cap\u00f3, Taylor Dayne, Llane, Jon Secada, Robin Zander y Robin Wilson se presentaron en el escenario. Desde fuegos artificiales hasta fiestas exclusivas en la playa, el resort elev\u00f3 el est\u00e1ndar para celebrar este a\u00f1o tan especial.<\/p>\n\n\n\n<h2 class=\"wp-block-heading\">Entrada al Ritmo<\/h2>\n\n\n\n<p>Ya sea que quieras estar frente al escenario o disfrutar del espect\u00e1culo desde el p\u00fablico, hay una boleta para ti:<\/p>\n\n\n\n<ul class=\"wp-block-list\">\n<li><strong>Frente al Escenario:<\/strong> RD$8,600 \u2013 RD$12,000<\/li>\n\n\n\n<li><strong>Invitado Especial:<\/strong> RD$9,350<\/li>\n\n\n\n<li><strong>VIP:<\/strong> RD$7,550<\/li>\n\n\n\n<li><strong>General 1:<\/strong> RD$5,100<\/li>\n\n\n\n<li><strong>General 2:<\/strong> RD$3,500<\/li>\n<\/ul>\n\n\n\n<p>Producido por Worldmedia Sports &amp; Entertainment y orgullosamente patrocinado por Banreservas, Brugal y Casa de Campo Resort &amp; Villas, Voices of Our Generation, Volumen 3 promete m\u00fasica, cultura y celebraci\u00f3n durante toda la noche.<\/p>\n\n\n\n<div class=\"wp-block-jetpack-slideshow aligncenter\" data-effect=\"slide\" style=\"--aspect-ratio:calc(2000 \/ 1333)\"><div class=\"wp-block-jetpack-slideshow_container swiper\"><ul class=\"wp-block-jetpack-slideshow_swiper-wrapper swiper-wrapper\"><li class=\"wp-block-jetpack-slideshow_slide swiper-slide\"><figure><img data-recalc-dims=\"1\" loading=\"lazy\" decoding=\"async\" width=\"2000\" height=\"1333\" alt=\"\" class=\"wp-block-jetpack-slideshow_image wp-image-534316\" data-id=\"534316\" data-aspect-ratio=\"2000 \/ 1333\" src=\"https:\/\/i0.wp.com\/casadecampoliving.com\/wp-content\/uploads\/2024\/11\/Saturday-Concert-Casa-de-Campo-50th-Kick-off-14.jpg?resize=2000%2C1333&#038;ssl=1\" srcset=\"https:\/\/i0.wp.com\/casadecampoliving.com\/wp-content\/uploads\/2024\/11\/Saturday-Concert-Casa-de-Campo-50th-Kick-off-14.jpg?w=2000&amp;ssl=1 2000w, https:\/\/i0.wp.com\/casadecampoliving.com\/wp-content\/uploads\/2024\/11\/Saturday-Concert-Casa-de-Campo-50th-Kick-off-14.jpg?resize=300%2C200&amp;ssl=1 300w, https:\/\/i0.wp.com\/casadecampoliving.com\/wp-content\/uploads\/2024\/11\/Saturday-Concert-Casa-de-Campo-50th-Kick-off-14.jpg?resize=1024%2C682&amp;ssl=1 1024w, https:\/\/i0.wp.com\/casadecampoliving.com\/wp-content\/uploads\/2024\/11\/Saturday-Concert-Casa-de-Campo-50th-Kick-off-14.jpg?resize=768%2C512&amp;ssl=1 768w, https:\/\/i0.wp.com\/casadecampoliving.com\/wp-content\/uploads\/2024\/11\/Saturday-Concert-Casa-de-Campo-50th-Kick-off-14.jpg?resize=1536%2C1024&amp;ssl=1 1536w, https:\/\/i0.wp.com\/casadecampoliving.com\/wp-content\/uploads\/2024\/11\/Saturday-Concert-Casa-de-Campo-50th-Kick-off-14.jpg?resize=1200%2C800&amp;ssl=1 1200w, https:\/\/i0.wp.com\/casadecampoliving.com\/wp-content\/uploads\/2024\/11\/Saturday-Concert-Casa-de-Campo-50th-Kick-off-14.jpg?resize=1568%2C1045&amp;ssl=1 1568w, https:\/\/i0.wp.com\/casadecampoliving.com\/wp-content\/uploads\/2024\/11\/Saturday-Concert-Casa-de-Campo-50th-Kick-off-14.jpg?resize=400%2C267&amp;ssl=1 400w, https:\/\/i0.wp.com\/casadecampoliving.com\/wp-content\/uploads\/2024\/11\/Saturday-Concert-Casa-de-Campo-50th-Kick-off-14.jpg?resize=1320%2C880&amp;ssl=1 1320w, https:\/\/i0.wp.com\/casadecampoliving.com\/wp-content\/uploads\/2024\/11\/Saturday-Concert-Casa-de-Campo-50th-Kick-off-14.jpg?resize=150%2C100&amp;ssl=1 150w, https:\/\/i0.wp.com\/casadecampoliving.com\/wp-content\/uploads\/2024\/11\/Saturday-Concert-Casa-de-Campo-50th-Kick-off-14.jpg?w=370&amp;ssl=1 370w\" sizes=\"(max-width: 1000px) 100vw, 1000px\" \/><figcaption class=\"wp-block-jetpack-slideshow_caption gallery-caption\">Voices of our Generation Vol. 2<\/figcaption><\/figure><\/li><li class=\"wp-block-jetpack-slideshow_slide swiper-slide\"><figure><img data-recalc-dims=\"1\" loading=\"lazy\" decoding=\"async\" width=\"1333\" height=\"2000\" alt=\"\" class=\"wp-block-jetpack-slideshow_image wp-image-534296\" data-id=\"534296\" data-aspect-ratio=\"1333 \/ 2000\" src=\"https:\/\/i0.wp.com\/casadecampoliving.com\/wp-content\/uploads\/2024\/11\/Saturday-Concert-Casa-de-Campo-50th-Kick-off-16.jpg?resize=1333%2C2000&#038;ssl=1\" srcset=\"https:\/\/i0.wp.com\/casadecampoliving.com\/wp-content\/uploads\/2024\/11\/Saturday-Concert-Casa-de-Campo-50th-Kick-off-16.jpg?w=1333&amp;ssl=1 1333w, https:\/\/i0.wp.com\/casadecampoliving.com\/wp-content\/uploads\/2024\/11\/Saturday-Concert-Casa-de-Campo-50th-Kick-off-16.jpg?resize=200%2C300&amp;ssl=1 200w, https:\/\/i0.wp.com\/casadecampoliving.com\/wp-content\/uploads\/2024\/11\/Saturday-Concert-Casa-de-Campo-50th-Kick-off-16.jpg?resize=682%2C1024&amp;ssl=1 682w, https:\/\/i0.wp.com\/casadecampoliving.com\/wp-content\/uploads\/2024\/11\/Saturday-Concert-Casa-de-Campo-50th-Kick-off-16.jpg?resize=768%2C1152&amp;ssl=1 768w, https:\/\/i0.wp.com\/casadecampoliving.com\/wp-content\/uploads\/2024\/11\/Saturday-Concert-Casa-de-Campo-50th-Kick-off-16.jpg?resize=1024%2C1536&amp;ssl=1 1024w, https:\/\/i0.wp.com\/casadecampoliving.com\/wp-content\/uploads\/2024\/11\/Saturday-Concert-Casa-de-Campo-50th-Kick-off-16.jpg?resize=1200%2C1800&amp;ssl=1 1200w, https:\/\/i0.wp.com\/casadecampoliving.com\/wp-content\/uploads\/2024\/11\/Saturday-Concert-Casa-de-Campo-50th-Kick-off-16.jpg?resize=400%2C600&amp;ssl=1 400w, https:\/\/i0.wp.com\/casadecampoliving.com\/wp-content\/uploads\/2024\/11\/Saturday-Concert-Casa-de-Campo-50th-Kick-off-16.jpg?resize=1320%2C1980&amp;ssl=1 1320w, https:\/\/i0.wp.com\/casadecampoliving.com\/wp-content\/uploads\/2024\/11\/Saturday-Concert-Casa-de-Campo-50th-Kick-off-16.jpg?resize=150%2C225&amp;ssl=1 150w, https:\/\/i0.wp.com\/casadecampoliving.com\/wp-content\/uploads\/2024\/11\/Saturday-Concert-Casa-de-Campo-50th-Kick-off-16.jpg?w=370&amp;ssl=1 370w\" sizes=\"(max-width: 1000px) 100vw, 1000px\" \/><figcaption class=\"wp-block-jetpack-slideshow_caption gallery-caption\">Voices of our Generation Vol. 2<\/figcaption><\/figure><\/li><li class=\"wp-block-jetpack-slideshow_slide swiper-slide\"><figure><img data-recalc-dims=\"1\" loading=\"lazy\" decoding=\"async\" width=\"1333\" height=\"2000\" alt=\"\" class=\"wp-block-jetpack-slideshow_image wp-image-534308\" data-id=\"534308\" data-aspect-ratio=\"1333 \/ 2000\" src=\"https:\/\/i0.wp.com\/casadecampoliving.com\/wp-content\/uploads\/2024\/11\/Saturday-Concert-Casa-de-Campo-50th-Kick-off-15.jpg?resize=1333%2C2000&#038;ssl=1\" srcset=\"https:\/\/i0.wp.com\/casadecampoliving.com\/wp-content\/uploads\/2024\/11\/Saturday-Concert-Casa-de-Campo-50th-Kick-off-15.jpg?w=1333&amp;ssl=1 1333w, https:\/\/i0.wp.com\/casadecampoliving.com\/wp-content\/uploads\/2024\/11\/Saturday-Concert-Casa-de-Campo-50th-Kick-off-15.jpg?resize=200%2C300&amp;ssl=1 200w, https:\/\/i0.wp.com\/casadecampoliving.com\/wp-content\/uploads\/2024\/11\/Saturday-Concert-Casa-de-Campo-50th-Kick-off-15.jpg?resize=682%2C1024&amp;ssl=1 682w, https:\/\/i0.wp.com\/casadecampoliving.com\/wp-content\/uploads\/2024\/11\/Saturday-Concert-Casa-de-Campo-50th-Kick-off-15.jpg?resize=768%2C1152&amp;ssl=1 768w, https:\/\/i0.wp.com\/casadecampoliving.com\/wp-content\/uploads\/2024\/11\/Saturday-Concert-Casa-de-Campo-50th-Kick-off-15.jpg?resize=1024%2C1536&amp;ssl=1 1024w, https:\/\/i0.wp.com\/casadecampoliving.com\/wp-content\/uploads\/2024\/11\/Saturday-Concert-Casa-de-Campo-50th-Kick-off-15.jpg?resize=1200%2C1800&amp;ssl=1 1200w, https:\/\/i0.wp.com\/casadecampoliving.com\/wp-content\/uploads\/2024\/11\/Saturday-Concert-Casa-de-Campo-50th-Kick-off-15.jpg?resize=400%2C600&amp;ssl=1 400w, https:\/\/i0.wp.com\/casadecampoliving.com\/wp-content\/uploads\/2024\/11\/Saturday-Concert-Casa-de-Campo-50th-Kick-off-15.jpg?resize=1320%2C1980&amp;ssl=1 1320w, https:\/\/i0.wp.com\/casadecampoliving.com\/wp-content\/uploads\/2024\/11\/Saturday-Concert-Casa-de-Campo-50th-Kick-off-15.jpg?resize=150%2C225&amp;ssl=1 150w, https:\/\/i0.wp.com\/casadecampoliving.com\/wp-content\/uploads\/2024\/11\/Saturday-Concert-Casa-de-Campo-50th-Kick-off-15.jpg?w=370&amp;ssl=1 370w\" sizes=\"(max-width: 1000px) 100vw, 1000px\" \/><figcaption class=\"wp-block-jetpack-slideshow_caption gallery-caption\">Voices of our Generation Vol. 2<\/figcaption><\/figure><\/li><li class=\"wp-block-jetpack-slideshow_slide swiper-slide\"><figure><img data-recalc-dims=\"1\" loading=\"lazy\" decoding=\"async\" width=\"2000\" height=\"1333\" alt=\"\" class=\"wp-block-jetpack-slideshow_image wp-image-534288\" data-id=\"534288\" data-aspect-ratio=\"2000 \/ 1333\" src=\"https:\/\/i0.wp.com\/casadecampoliving.com\/wp-content\/uploads\/2024\/11\/Saturday-Concert-Casa-de-Campo-50th-Kick-off-13.jpg?resize=2000%2C1333&#038;ssl=1\" srcset=\"https:\/\/i0.wp.com\/casadecampoliving.com\/wp-content\/uploads\/2024\/11\/Saturday-Concert-Casa-de-Campo-50th-Kick-off-13.jpg?w=2000&amp;ssl=1 2000w, https:\/\/i0.wp.com\/casadecampoliving.com\/wp-content\/uploads\/2024\/11\/Saturday-Concert-Casa-de-Campo-50th-Kick-off-13.jpg?resize=300%2C200&amp;ssl=1 300w, https:\/\/i0.wp.com\/casadecampoliving.com\/wp-content\/uploads\/2024\/11\/Saturday-Concert-Casa-de-Campo-50th-Kick-off-13.jpg?resize=1024%2C682&amp;ssl=1 1024w, https:\/\/i0.wp.com\/casadecampoliving.com\/wp-content\/uploads\/2024\/11\/Saturday-Concert-Casa-de-Campo-50th-Kick-off-13.jpg?resize=768%2C512&amp;ssl=1 768w, https:\/\/i0.wp.com\/casadecampoliving.com\/wp-content\/uploads\/2024\/11\/Saturday-Concert-Casa-de-Campo-50th-Kick-off-13.jpg?resize=1536%2C1024&amp;ssl=1 1536w, https:\/\/i0.wp.com\/casadecampoliving.com\/wp-content\/uploads\/2024\/11\/Saturday-Concert-Casa-de-Campo-50th-Kick-off-13.jpg?resize=1200%2C800&amp;ssl=1 1200w, https:\/\/i0.wp.com\/casadecampoliving.com\/wp-content\/uploads\/2024\/11\/Saturday-Concert-Casa-de-Campo-50th-Kick-off-13.jpg?resize=1568%2C1045&amp;ssl=1 1568w, https:\/\/i0.wp.com\/casadecampoliving.com\/wp-content\/uploads\/2024\/11\/Saturday-Concert-Casa-de-Campo-50th-Kick-off-13.jpg?resize=400%2C267&amp;ssl=1 400w, https:\/\/i0.wp.com\/casadecampoliving.com\/wp-content\/uploads\/2024\/11\/Saturday-Concert-Casa-de-Campo-50th-Kick-off-13.jpg?resize=1320%2C880&amp;ssl=1 1320w, https:\/\/i0.wp.com\/casadecampoliving.com\/wp-content\/uploads\/2024\/11\/Saturday-Concert-Casa-de-Campo-50th-Kick-off-13.jpg?resize=150%2C100&amp;ssl=1 150w, https:\/\/i0.wp.com\/casadecampoliving.com\/wp-content\/uploads\/2024\/11\/Saturday-Concert-Casa-de-Campo-50th-Kick-off-13.jpg?w=370&amp;ssl=1 370w\" sizes=\"(max-width: 1000px) 100vw, 1000px\" \/><figcaption class=\"wp-block-jetpack-slideshow_caption gallery-caption\">Voices of our Generation Vol. 2<\/figcaption><\/figure><\/li><li class=\"wp-block-jetpack-slideshow_slide swiper-slide\"><figure><img data-recalc-dims=\"1\" loading=\"lazy\" decoding=\"async\" width=\"2000\" height=\"1333\" alt=\"\" class=\"wp-block-jetpack-slideshow_image wp-image-534336\" data-id=\"534336\" data-aspect-ratio=\"2000 \/ 1333\" src=\"https:\/\/i0.wp.com\/casadecampoliving.com\/wp-content\/uploads\/2024\/11\/Saturday-Concert-Casa-de-Campo-50th-Kick-off-12.jpg?resize=2000%2C1333&#038;ssl=1\" srcset=\"https:\/\/i0.wp.com\/casadecampoliving.com\/wp-content\/uploads\/2024\/11\/Saturday-Concert-Casa-de-Campo-50th-Kick-off-12.jpg?w=2000&amp;ssl=1 2000w, https:\/\/i0.wp.com\/casadecampoliving.com\/wp-content\/uploads\/2024\/11\/Saturday-Concert-Casa-de-Campo-50th-Kick-off-12.jpg?resize=300%2C200&amp;ssl=1 300w, https:\/\/i0.wp.com\/casadecampoliving.com\/wp-content\/uploads\/2024\/11\/Saturday-Concert-Casa-de-Campo-50th-Kick-off-12.jpg?resize=1024%2C682&amp;ssl=1 1024w, https:\/\/i0.wp.com\/casadecampoliving.com\/wp-content\/uploads\/2024\/11\/Saturday-Concert-Casa-de-Campo-50th-Kick-off-12.jpg?resize=768%2C512&amp;ssl=1 768w, https:\/\/i0.wp.com\/casadecampoliving.com\/wp-content\/uploads\/2024\/11\/Saturday-Concert-Casa-de-Campo-50th-Kick-off-12.jpg?resize=1536%2C1024&amp;ssl=1 1536w, https:\/\/i0.wp.com\/casadecampoliving.com\/wp-content\/uploads\/2024\/11\/Saturday-Concert-Casa-de-Campo-50th-Kick-off-12.jpg?resize=1200%2C800&amp;ssl=1 1200w, https:\/\/i0.wp.com\/casadecampoliving.com\/wp-content\/uploads\/2024\/11\/Saturday-Concert-Casa-de-Campo-50th-Kick-off-12.jpg?resize=1568%2C1045&amp;ssl=1 1568w, https:\/\/i0.wp.com\/casadecampoliving.com\/wp-content\/uploads\/2024\/11\/Saturday-Concert-Casa-de-Campo-50th-Kick-off-12.jpg?resize=400%2C267&amp;ssl=1 400w, https:\/\/i0.wp.com\/casadecampoliving.com\/wp-content\/uploads\/2024\/11\/Saturday-Concert-Casa-de-Campo-50th-Kick-off-12.jpg?resize=1320%2C880&amp;ssl=1 1320w, https:\/\/i0.wp.com\/casadecampoliving.com\/wp-content\/uploads\/2024\/11\/Saturday-Concert-Casa-de-Campo-50th-Kick-off-12.jpg?resize=150%2C100&amp;ssl=1 150w, https:\/\/i0.wp.com\/casadecampoliving.com\/wp-content\/uploads\/2024\/11\/Saturday-Concert-Casa-de-Campo-50th-Kick-off-12.jpg?w=370&amp;ssl=1 370w\" sizes=\"(max-width: 1000px) 100vw, 1000px\" \/><figcaption class=\"wp-block-jetpack-slideshow_caption gallery-caption\">Voices of our Generation Vol. 2<\/figcaption><\/figure><\/li><li class=\"wp-block-jetpack-slideshow_slide swiper-slide\"><figure><img data-recalc-dims=\"1\" loading=\"lazy\" decoding=\"async\" width=\"2000\" height=\"1333\" alt=\"\" class=\"wp-block-jetpack-slideshow_image wp-image-534314\" data-id=\"534314\" data-aspect-ratio=\"2000 \/ 1333\" src=\"https:\/\/i0.wp.com\/casadecampoliving.com\/wp-content\/uploads\/2024\/11\/Saturday-Concert-Casa-de-Campo-50th-Kick-off-11.jpg?resize=2000%2C1333&#038;ssl=1\" srcset=\"https:\/\/i0.wp.com\/casadecampoliving.com\/wp-content\/uploads\/2024\/11\/Saturday-Concert-Casa-de-Campo-50th-Kick-off-11.jpg?w=2000&amp;ssl=1 2000w, https:\/\/i0.wp.com\/casadecampoliving.com\/wp-content\/uploads\/2024\/11\/Saturday-Concert-Casa-de-Campo-50th-Kick-off-11.jpg?resize=300%2C200&amp;ssl=1 300w, https:\/\/i0.wp.com\/casadecampoliving.com\/wp-content\/uploads\/2024\/11\/Saturday-Concert-Casa-de-Campo-50th-Kick-off-11.jpg?resize=1024%2C682&amp;ssl=1 1024w, https:\/\/i0.wp.com\/casadecampoliving.com\/wp-content\/uploads\/2024\/11\/Saturday-Concert-Casa-de-Campo-50th-Kick-off-11.jpg?resize=768%2C512&amp;ssl=1 768w, https:\/\/i0.wp.com\/casadecampoliving.com\/wp-content\/uploads\/2024\/11\/Saturday-Concert-Casa-de-Campo-50th-Kick-off-11.jpg?resize=1536%2C1024&amp;ssl=1 1536w, https:\/\/i0.wp.com\/casadecampoliving.com\/wp-content\/uploads\/2024\/11\/Saturday-Concert-Casa-de-Campo-50th-Kick-off-11.jpg?resize=1200%2C800&amp;ssl=1 1200w, https:\/\/i0.wp.com\/casadecampoliving.com\/wp-content\/uploads\/2024\/11\/Saturday-Concert-Casa-de-Campo-50th-Kick-off-11.jpg?resize=1568%2C1045&amp;ssl=1 1568w, https:\/\/i0.wp.com\/casadecampoliving.com\/wp-content\/uploads\/2024\/11\/Saturday-Concert-Casa-de-Campo-50th-Kick-off-11.jpg?resize=400%2C267&amp;ssl=1 400w, https:\/\/i0.wp.com\/casadecampoliving.com\/wp-content\/uploads\/2024\/11\/Saturday-Concert-Casa-de-Campo-50th-Kick-off-11.jpg?resize=1320%2C880&amp;ssl=1 1320w, https:\/\/i0.wp.com\/casadecampoliving.com\/wp-content\/uploads\/2024\/11\/Saturday-Concert-Casa-de-Campo-50th-Kick-off-11.jpg?resize=150%2C100&amp;ssl=1 150w, https:\/\/i0.wp.com\/casadecampoliving.com\/wp-content\/uploads\/2024\/11\/Saturday-Concert-Casa-de-Campo-50th-Kick-off-11.jpg?w=370&amp;ssl=1 370w\" sizes=\"(max-width: 1000px) 100vw, 1000px\" \/><figcaption class=\"wp-block-jetpack-slideshow_caption gallery-caption\">Voices of our Generation Vol. 2<\/figcaption><\/figure><\/li><li class=\"wp-block-jetpack-slideshow_slide swiper-slide\"><figure><img data-recalc-dims=\"1\" loading=\"lazy\" decoding=\"async\" width=\"2000\" height=\"1333\" alt=\"\" class=\"wp-block-jetpack-slideshow_image wp-image-534347\" data-id=\"534347\" data-aspect-ratio=\"2000 \/ 1333\" src=\"https:\/\/i0.wp.com\/casadecampoliving.com\/wp-content\/uploads\/2024\/11\/Saturday-Concert-Casa-de-Campo-50th-Kick-off-26.jpg?resize=2000%2C1333&#038;ssl=1\" srcset=\"https:\/\/i0.wp.com\/casadecampoliving.com\/wp-content\/uploads\/2024\/11\/Saturday-Concert-Casa-de-Campo-50th-Kick-off-26.jpg?w=2000&amp;ssl=1 2000w, https:\/\/i0.wp.com\/casadecampoliving.com\/wp-content\/uploads\/2024\/11\/Saturday-Concert-Casa-de-Campo-50th-Kick-off-26.jpg?resize=300%2C200&amp;ssl=1 300w, https:\/\/i0.wp.com\/casadecampoliving.com\/wp-content\/uploads\/2024\/11\/Saturday-Concert-Casa-de-Campo-50th-Kick-off-26.jpg?resize=1024%2C682&amp;ssl=1 1024w, https:\/\/i0.wp.com\/casadecampoliving.com\/wp-content\/uploads\/2024\/11\/Saturday-Concert-Casa-de-Campo-50th-Kick-off-26.jpg?resize=768%2C512&amp;ssl=1 768w, https:\/\/i0.wp.com\/casadecampoliving.com\/wp-content\/uploads\/2024\/11\/Saturday-Concert-Casa-de-Campo-50th-Kick-off-26.jpg?resize=1536%2C1024&amp;ssl=1 1536w, https:\/\/i0.wp.com\/casadecampoliving.com\/wp-content\/uploads\/2024\/11\/Saturday-Concert-Casa-de-Campo-50th-Kick-off-26.jpg?resize=1200%2C800&amp;ssl=1 1200w, https:\/\/i0.wp.com\/casadecampoliving.com\/wp-content\/uploads\/2024\/11\/Saturday-Concert-Casa-de-Campo-50th-Kick-off-26.jpg?resize=1568%2C1045&amp;ssl=1 1568w, https:\/\/i0.wp.com\/casadecampoliving.com\/wp-content\/uploads\/2024\/11\/Saturday-Concert-Casa-de-Campo-50th-Kick-off-26.jpg?resize=400%2C267&amp;ssl=1 400w, https:\/\/i0.wp.com\/casadecampoliving.com\/wp-content\/uploads\/2024\/11\/Saturday-Concert-Casa-de-Campo-50th-Kick-off-26.jpg?resize=1320%2C880&amp;ssl=1 1320w, https:\/\/i0.wp.com\/casadecampoliving.com\/wp-content\/uploads\/2024\/11\/Saturday-Concert-Casa-de-Campo-50th-Kick-off-26.jpg?resize=150%2C100&amp;ssl=1 150w, https:\/\/i0.wp.com\/casadecampoliving.com\/wp-content\/uploads\/2024\/11\/Saturday-Concert-Casa-de-Campo-50th-Kick-off-26.jpg?w=370&amp;ssl=1 370w\" sizes=\"(max-width: 1000px) 100vw, 1000px\" \/><figcaption class=\"wp-block-jetpack-slideshow_caption gallery-caption\">Voices of our Generation Vol. 2<\/figcaption><\/figure><\/li><li class=\"wp-block-jetpack-slideshow_slide swiper-slide\"><figure><img data-recalc-dims=\"1\" loading=\"lazy\" decoding=\"async\" width=\"2000\" height=\"1333\" alt=\"\" class=\"wp-block-jetpack-slideshow_image wp-image-534302\" data-id=\"534302\" data-aspect-ratio=\"2000 \/ 1333\" src=\"https:\/\/i0.wp.com\/casadecampoliving.com\/wp-content\/uploads\/2024\/11\/Saturday-Concert-Casa-de-Campo-50th-Kick-off-25.jpg?resize=2000%2C1333&#038;ssl=1\" srcset=\"https:\/\/i0.wp.com\/casadecampoliving.com\/wp-content\/uploads\/2024\/11\/Saturday-Concert-Casa-de-Campo-50th-Kick-off-25.jpg?w=2000&amp;ssl=1 2000w, https:\/\/i0.wp.com\/casadecampoliving.com\/wp-content\/uploads\/2024\/11\/Saturday-Concert-Casa-de-Campo-50th-Kick-off-25.jpg?resize=300%2C200&amp;ssl=1 300w, https:\/\/i0.wp.com\/casadecampoliving.com\/wp-content\/uploads\/2024\/11\/Saturday-Concert-Casa-de-Campo-50th-Kick-off-25.jpg?resize=1024%2C682&amp;ssl=1 1024w, https:\/\/i0.wp.com\/casadecampoliving.com\/wp-content\/uploads\/2024\/11\/Saturday-Concert-Casa-de-Campo-50th-Kick-off-25.jpg?resize=768%2C512&amp;ssl=1 768w, https:\/\/i0.wp.com\/casadecampoliving.com\/wp-content\/uploads\/2024\/11\/Saturday-Concert-Casa-de-Campo-50th-Kick-off-25.jpg?resize=1536%2C1024&amp;ssl=1 1536w, https:\/\/i0.wp.com\/casadecampoliving.com\/wp-content\/uploads\/2024\/11\/Saturday-Concert-Casa-de-Campo-50th-Kick-off-25.jpg?resize=1200%2C800&amp;ssl=1 1200w, https:\/\/i0.wp.com\/casadecampoliving.com\/wp-content\/uploads\/2024\/11\/Saturday-Concert-Casa-de-Campo-50th-Kick-off-25.jpg?resize=1568%2C1045&amp;ssl=1 1568w, https:\/\/i0.wp.com\/casadecampoliving.com\/wp-content\/uploads\/2024\/11\/Saturday-Concert-Casa-de-Campo-50th-Kick-off-25.jpg?resize=400%2C267&amp;ssl=1 400w, https:\/\/i0.wp.com\/casadecampoliving.com\/wp-content\/uploads\/2024\/11\/Saturday-Concert-Casa-de-Campo-50th-Kick-off-25.jpg?resize=1320%2C880&amp;ssl=1 1320w, https:\/\/i0.wp.com\/casadecampoliving.com\/wp-content\/uploads\/2024\/11\/Saturday-Concert-Casa-de-Campo-50th-Kick-off-25.jpg?resize=150%2C100&amp;ssl=1 150w, https:\/\/i0.wp.com\/casadecampoliving.com\/wp-content\/uploads\/2024\/11\/Saturday-Concert-Casa-de-Campo-50th-Kick-off-25.jpg?w=370&amp;ssl=1 370w\" sizes=\"(max-width: 1000px) 100vw, 1000px\" \/><figcaption class=\"wp-block-jetpack-slideshow_caption gallery-caption\">Voices of our Generation Vol. 2<\/figcaption><\/figure><\/li><li class=\"wp-block-jetpack-slideshow_slide swiper-slide\"><figure><img data-recalc-dims=\"1\" loading=\"lazy\" decoding=\"async\" width=\"1333\" height=\"2000\" alt=\"\" class=\"wp-block-jetpack-slideshow_image wp-image-534318\" data-id=\"534318\" data-aspect-ratio=\"1333 \/ 2000\" src=\"https:\/\/i0.wp.com\/casadecampoliving.com\/wp-content\/uploads\/2024\/11\/Saturday-Concert-Casa-de-Campo-50th-Kick-off-24.jpg?resize=1333%2C2000&#038;ssl=1\" srcset=\"https:\/\/i0.wp.com\/casadecampoliving.com\/wp-content\/uploads\/2024\/11\/Saturday-Concert-Casa-de-Campo-50th-Kick-off-24.jpg?w=1333&amp;ssl=1 1333w, https:\/\/i0.wp.com\/casadecampoliving.com\/wp-content\/uploads\/2024\/11\/Saturday-Concert-Casa-de-Campo-50th-Kick-off-24.jpg?resize=200%2C300&amp;ssl=1 200w, https:\/\/i0.wp.com\/casadecampoliving.com\/wp-content\/uploads\/2024\/11\/Saturday-Concert-Casa-de-Campo-50th-Kick-off-24.jpg?resize=682%2C1024&amp;ssl=1 682w, https:\/\/i0.wp.com\/casadecampoliving.com\/wp-content\/uploads\/2024\/11\/Saturday-Concert-Casa-de-Campo-50th-Kick-off-24.jpg?resize=768%2C1152&amp;ssl=1 768w, https:\/\/i0.wp.com\/casadecampoliving.com\/wp-content\/uploads\/2024\/11\/Saturday-Concert-Casa-de-Campo-50th-Kick-off-24.jpg?resize=1024%2C1536&amp;ssl=1 1024w, https:\/\/i0.wp.com\/casadecampoliving.com\/wp-content\/uploads\/2024\/11\/Saturday-Concert-Casa-de-Campo-50th-Kick-off-24.jpg?resize=1200%2C1800&amp;ssl=1 1200w, https:\/\/i0.wp.com\/casadecampoliving.com\/wp-content\/uploads\/2024\/11\/Saturday-Concert-Casa-de-Campo-50th-Kick-off-24.jpg?resize=400%2C600&amp;ssl=1 400w, https:\/\/i0.wp.com\/casadecampoliving.com\/wp-content\/uploads\/2024\/11\/Saturday-Concert-Casa-de-Campo-50th-Kick-off-24.jpg?resize=1320%2C1980&amp;ssl=1 1320w, https:\/\/i0.wp.com\/casadecampoliving.com\/wp-content\/uploads\/2024\/11\/Saturday-Concert-Casa-de-Campo-50th-Kick-off-24.jpg?resize=150%2C225&amp;ssl=1 150w, https:\/\/i0.wp.com\/casadecampoliving.com\/wp-content\/uploads\/2024\/11\/Saturday-Concert-Casa-de-Campo-50th-Kick-off-24.jpg?w=370&amp;ssl=1 370w\" sizes=\"(max-width: 1000px) 100vw, 1000px\" \/><figcaption class=\"wp-block-jetpack-slideshow_caption gallery-caption\">Voices of our Generation Vol. 2<\/figcaption><\/figure><\/li><li class=\"wp-block-jetpack-slideshow_slide swiper-slide\"><figure><img data-recalc-dims=\"1\" loading=\"lazy\" decoding=\"async\" width=\"2000\" height=\"1333\" alt=\"\" class=\"wp-block-jetpack-slideshow_image wp-image-534294\" data-id=\"534294\" data-aspect-ratio=\"2000 \/ 1333\" src=\"https:\/\/i0.wp.com\/casadecampoliving.com\/wp-content\/uploads\/2024\/11\/Saturday-Concert-Casa-de-Campo-50th-Kick-off-23.jpg?resize=2000%2C1333&#038;ssl=1\" srcset=\"https:\/\/i0.wp.com\/casadecampoliving.com\/wp-content\/uploads\/2024\/11\/Saturday-Concert-Casa-de-Campo-50th-Kick-off-23.jpg?w=2000&amp;ssl=1 2000w, https:\/\/i0.wp.com\/casadecampoliving.com\/wp-content\/uploads\/2024\/11\/Saturday-Concert-Casa-de-Campo-50th-Kick-off-23.jpg?resize=300%2C200&amp;ssl=1 300w, https:\/\/i0.wp.com\/casadecampoliving.com\/wp-content\/uploads\/2024\/11\/Saturday-Concert-Casa-de-Campo-50th-Kick-off-23.jpg?resize=1024%2C682&amp;ssl=1 1024w, https:\/\/i0.wp.com\/casadecampoliving.com\/wp-content\/uploads\/2024\/11\/Saturday-Concert-Casa-de-Campo-50th-Kick-off-23.jpg?resize=768%2C512&amp;ssl=1 768w, https:\/\/i0.wp.com\/casadecampoliving.com\/wp-content\/uploads\/2024\/11\/Saturday-Concert-Casa-de-Campo-50th-Kick-off-23.jpg?resize=1536%2C1024&amp;ssl=1 1536w, https:\/\/i0.wp.com\/casadecampoliving.com\/wp-content\/uploads\/2024\/11\/Saturday-Concert-Casa-de-Campo-50th-Kick-off-23.jpg?resize=1200%2C800&amp;ssl=1 1200w, https:\/\/i0.wp.com\/casadecampoliving.com\/wp-content\/uploads\/2024\/11\/Saturday-Concert-Casa-de-Campo-50th-Kick-off-23.jpg?resize=1568%2C1045&amp;ssl=1 1568w, https:\/\/i0.wp.com\/casadecampoliving.com\/wp-content\/uploads\/2024\/11\/Saturday-Concert-Casa-de-Campo-50th-Kick-off-23.jpg?resize=400%2C267&amp;ssl=1 400w, https:\/\/i0.wp.com\/casadecampoliving.com\/wp-content\/uploads\/2024\/11\/Saturday-Concert-Casa-de-Campo-50th-Kick-off-23.jpg?resize=1320%2C880&amp;ssl=1 1320w, https:\/\/i0.wp.com\/casadecampoliving.com\/wp-content\/uploads\/2024\/11\/Saturday-Concert-Casa-de-Campo-50th-Kick-off-23.jpg?resize=150%2C100&amp;ssl=1 150w, https:\/\/i0.wp.com\/casadecampoliving.com\/wp-content\/uploads\/2024\/11\/Saturday-Concert-Casa-de-Campo-50th-Kick-off-23.jpg?w=370&amp;ssl=1 370w\" sizes=\"(max-width: 1000px) 100vw, 1000px\" \/><figcaption class=\"wp-block-jetpack-slideshow_caption gallery-caption\">Voices of our Generation Vol. 2<\/figcaption><\/figure><\/li><li class=\"wp-block-jetpack-slideshow_slide swiper-slide\"><figure><img data-recalc-dims=\"1\" loading=\"lazy\" decoding=\"async\" width=\"1333\" height=\"2000\" alt=\"\" class=\"wp-block-jetpack-slideshow_image wp-image-534310\" data-id=\"534310\" data-aspect-ratio=\"1333 \/ 2000\" src=\"https:\/\/i0.wp.com\/casadecampoliving.com\/wp-content\/uploads\/2024\/11\/Saturday-Concert-Casa-de-Campo-50th-Kick-off-22.jpg?resize=1333%2C2000&#038;ssl=1\" srcset=\"https:\/\/i0.wp.com\/casadecampoliving.com\/wp-content\/uploads\/2024\/11\/Saturday-Concert-Casa-de-Campo-50th-Kick-off-22.jpg?w=1333&amp;ssl=1 1333w, https:\/\/i0.wp.com\/casadecampoliving.com\/wp-content\/uploads\/2024\/11\/Saturday-Concert-Casa-de-Campo-50th-Kick-off-22.jpg?resize=200%2C300&amp;ssl=1 200w, https:\/\/i0.wp.com\/casadecampoliving.com\/wp-content\/uploads\/2024\/11\/Saturday-Concert-Casa-de-Campo-50th-Kick-off-22.jpg?resize=682%2C1024&amp;ssl=1 682w, https:\/\/i0.wp.com\/casadecampoliving.com\/wp-content\/uploads\/2024\/11\/Saturday-Concert-Casa-de-Campo-50th-Kick-off-22.jpg?resize=768%2C1152&amp;ssl=1 768w, https:\/\/i0.wp.com\/casadecampoliving.com\/wp-content\/uploads\/2024\/11\/Saturday-Concert-Casa-de-Campo-50th-Kick-off-22.jpg?resize=1024%2C1536&amp;ssl=1 1024w, https:\/\/i0.wp.com\/casadecampoliving.com\/wp-content\/uploads\/2024\/11\/Saturday-Concert-Casa-de-Campo-50th-Kick-off-22.jpg?resize=1200%2C1800&amp;ssl=1 1200w, https:\/\/i0.wp.com\/casadecampoliving.com\/wp-content\/uploads\/2024\/11\/Saturday-Concert-Casa-de-Campo-50th-Kick-off-22.jpg?resize=400%2C600&amp;ssl=1 400w, https:\/\/i0.wp.com\/casadecampoliving.com\/wp-content\/uploads\/2024\/11\/Saturday-Concert-Casa-de-Campo-50th-Kick-off-22.jpg?resize=1320%2C1980&amp;ssl=1 1320w, https:\/\/i0.wp.com\/casadecampoliving.com\/wp-content\/uploads\/2024\/11\/Saturday-Concert-Casa-de-Campo-50th-Kick-off-22.jpg?resize=150%2C225&amp;ssl=1 150w, https:\/\/i0.wp.com\/casadecampoliving.com\/wp-content\/uploads\/2024\/11\/Saturday-Concert-Casa-de-Campo-50th-Kick-off-22.jpg?w=370&amp;ssl=1 370w\" sizes=\"(max-width: 1000px) 100vw, 1000px\" \/><figcaption class=\"wp-block-jetpack-slideshow_caption gallery-caption\">Voices of our Generation Vol. 2<\/figcaption><\/figure><\/li><li class=\"wp-block-jetpack-slideshow_slide swiper-slide\"><figure><img data-recalc-dims=\"1\" loading=\"lazy\" decoding=\"async\" width=\"1333\" height=\"2000\" alt=\"\" class=\"wp-block-jetpack-slideshow_image wp-image-534334\" data-id=\"534334\" data-aspect-ratio=\"1333 \/ 2000\" src=\"https:\/\/i0.wp.com\/casadecampoliving.com\/wp-content\/uploads\/2024\/11\/Saturday-Concert-Casa-de-Campo-50th-Kick-off-20.jpg?resize=1333%2C2000&#038;ssl=1\" srcset=\"https:\/\/i0.wp.com\/casadecampoliving.com\/wp-content\/uploads\/2024\/11\/Saturday-Concert-Casa-de-Campo-50th-Kick-off-20.jpg?w=1333&amp;ssl=1 1333w, https:\/\/i0.wp.com\/casadecampoliving.com\/wp-content\/uploads\/2024\/11\/Saturday-Concert-Casa-de-Campo-50th-Kick-off-20.jpg?resize=200%2C300&amp;ssl=1 200w, https:\/\/i0.wp.com\/casadecampoliving.com\/wp-content\/uploads\/2024\/11\/Saturday-Concert-Casa-de-Campo-50th-Kick-off-20.jpg?resize=682%2C1024&amp;ssl=1 682w, https:\/\/i0.wp.com\/casadecampoliving.com\/wp-content\/uploads\/2024\/11\/Saturday-Concert-Casa-de-Campo-50th-Kick-off-20.jpg?resize=768%2C1152&amp;ssl=1 768w, https:\/\/i0.wp.com\/casadecampoliving.com\/wp-content\/uploads\/2024\/11\/Saturday-Concert-Casa-de-Campo-50th-Kick-off-20.jpg?resize=1024%2C1536&amp;ssl=1 1024w, https:\/\/i0.wp.com\/casadecampoliving.com\/wp-content\/uploads\/2024\/11\/Saturday-Concert-Casa-de-Campo-50th-Kick-off-20.jpg?resize=1200%2C1800&amp;ssl=1 1200w, https:\/\/i0.wp.com\/casadecampoliving.com\/wp-content\/uploads\/2024\/11\/Saturday-Concert-Casa-de-Campo-50th-Kick-off-20.jpg?resize=400%2C600&amp;ssl=1 400w, https:\/\/i0.wp.com\/casadecampoliving.com\/wp-content\/uploads\/2024\/11\/Saturday-Concert-Casa-de-Campo-50th-Kick-off-20.jpg?resize=1320%2C1980&amp;ssl=1 1320w, https:\/\/i0.wp.com\/casadecampoliving.com\/wp-content\/uploads\/2024\/11\/Saturday-Concert-Casa-de-Campo-50th-Kick-off-20.jpg?resize=150%2C225&amp;ssl=1 150w, https:\/\/i0.wp.com\/casadecampoliving.com\/wp-content\/uploads\/2024\/11\/Saturday-Concert-Casa-de-Campo-50th-Kick-off-20.jpg?w=370&amp;ssl=1 370w\" sizes=\"(max-width: 1000px) 100vw, 1000px\" \/><figcaption class=\"wp-block-jetpack-slideshow_caption gallery-caption\">Voices of our Generation Vol. 2<\/figcaption><\/figure><\/li><li class=\"wp-block-jetpack-slideshow_slide swiper-slide\"><figure><img data-recalc-dims=\"1\" loading=\"lazy\" decoding=\"async\" width=\"1333\" height=\"2000\" alt=\"\" class=\"wp-block-jetpack-slideshow_image wp-image-534304\" data-id=\"534304\" data-aspect-ratio=\"1333 \/ 2000\" src=\"https:\/\/i0.wp.com\/casadecampoliving.com\/wp-content\/uploads\/2024\/11\/Saturday-Concert-Casa-de-Campo-50th-Kick-off-19.jpg?resize=1333%2C2000&#038;ssl=1\" srcset=\"https:\/\/i0.wp.com\/casadecampoliving.com\/wp-content\/uploads\/2024\/11\/Saturday-Concert-Casa-de-Campo-50th-Kick-off-19.jpg?w=1333&amp;ssl=1 1333w, https:\/\/i0.wp.com\/casadecampoliving.com\/wp-content\/uploads\/2024\/11\/Saturday-Concert-Casa-de-Campo-50th-Kick-off-19.jpg?resize=200%2C300&amp;ssl=1 200w, https:\/\/i0.wp.com\/casadecampoliving.com\/wp-content\/uploads\/2024\/11\/Saturday-Concert-Casa-de-Campo-50th-Kick-off-19.jpg?resize=682%2C1024&amp;ssl=1 682w, https:\/\/i0.wp.com\/casadecampoliving.com\/wp-content\/uploads\/2024\/11\/Saturday-Concert-Casa-de-Campo-50th-Kick-off-19.jpg?resize=768%2C1152&amp;ssl=1 768w, https:\/\/i0.wp.com\/casadecampoliving.com\/wp-content\/uploads\/2024\/11\/Saturday-Concert-Casa-de-Campo-50th-Kick-off-19.jpg?resize=1024%2C1536&amp;ssl=1 1024w, https:\/\/i0.wp.com\/casadecampoliving.com\/wp-content\/uploads\/2024\/11\/Saturday-Concert-Casa-de-Campo-50th-Kick-off-19.jpg?resize=1200%2C1800&amp;ssl=1 1200w, https:\/\/i0.wp.com\/casadecampoliving.com\/wp-content\/uploads\/2024\/11\/Saturday-Concert-Casa-de-Campo-50th-Kick-off-19.jpg?resize=400%2C600&amp;ssl=1 400w, https:\/\/i0.wp.com\/casadecampoliving.com\/wp-content\/uploads\/2024\/11\/Saturday-Concert-Casa-de-Campo-50th-Kick-off-19.jpg?resize=1320%2C1980&amp;ssl=1 1320w, https:\/\/i0.wp.com\/casadecampoliving.com\/wp-content\/uploads\/2024\/11\/Saturday-Concert-Casa-de-Campo-50th-Kick-off-19.jpg?resize=150%2C225&amp;ssl=1 150w, https:\/\/i0.wp.com\/casadecampoliving.com\/wp-content\/uploads\/2024\/11\/Saturday-Concert-Casa-de-Campo-50th-Kick-off-19.jpg?w=370&amp;ssl=1 370w\" sizes=\"(max-width: 1000px) 100vw, 1000px\" \/><figcaption class=\"wp-block-jetpack-slideshow_caption gallery-caption\">Voices of our Generation Vol. 2<\/figcaption><\/figure><\/li><li class=\"wp-block-jetpack-slideshow_slide swiper-slide\"><figure><img data-recalc-dims=\"1\" loading=\"lazy\" decoding=\"async\" width=\"2000\" height=\"1333\" alt=\"\" class=\"wp-block-jetpack-slideshow_image wp-image-534312\" data-id=\"534312\" data-aspect-ratio=\"2000 \/ 1333\" src=\"https:\/\/i0.wp.com\/casadecampoliving.com\/wp-content\/uploads\/2024\/11\/Saturday-Concert-Casa-de-Campo-50th-Kick-off-18.jpg?resize=2000%2C1333&#038;ssl=1\" srcset=\"https:\/\/i0.wp.com\/casadecampoliving.com\/wp-content\/uploads\/2024\/11\/Saturday-Concert-Casa-de-Campo-50th-Kick-off-18.jpg?w=2000&amp;ssl=1 2000w, https:\/\/i0.wp.com\/casadecampoliving.com\/wp-content\/uploads\/2024\/11\/Saturday-Concert-Casa-de-Campo-50th-Kick-off-18.jpg?resize=300%2C200&amp;ssl=1 300w, https:\/\/i0.wp.com\/casadecampoliving.com\/wp-content\/uploads\/2024\/11\/Saturday-Concert-Casa-de-Campo-50th-Kick-off-18.jpg?resize=1024%2C682&amp;ssl=1 1024w, https:\/\/i0.wp.com\/casadecampoliving.com\/wp-content\/uploads\/2024\/11\/Saturday-Concert-Casa-de-Campo-50th-Kick-off-18.jpg?resize=768%2C512&amp;ssl=1 768w, https:\/\/i0.wp.com\/casadecampoliving.com\/wp-content\/uploads\/2024\/11\/Saturday-Concert-Casa-de-Campo-50th-Kick-off-18.jpg?resize=1536%2C1024&amp;ssl=1 1536w, https:\/\/i0.wp.com\/casadecampoliving.com\/wp-content\/uploads\/2024\/11\/Saturday-Concert-Casa-de-Campo-50th-Kick-off-18.jpg?resize=1200%2C800&amp;ssl=1 1200w, https:\/\/i0.wp.com\/casadecampoliving.com\/wp-content\/uploads\/2024\/11\/Saturday-Concert-Casa-de-Campo-50th-Kick-off-18.jpg?resize=1568%2C1045&amp;ssl=1 1568w, https:\/\/i0.wp.com\/casadecampoliving.com\/wp-content\/uploads\/2024\/11\/Saturday-Concert-Casa-de-Campo-50th-Kick-off-18.jpg?resize=400%2C267&amp;ssl=1 400w, https:\/\/i0.wp.com\/casadecampoliving.com\/wp-content\/uploads\/2024\/11\/Saturday-Concert-Casa-de-Campo-50th-Kick-off-18.jpg?resize=1320%2C880&amp;ssl=1 1320w, https:\/\/i0.wp.com\/casadecampoliving.com\/wp-content\/uploads\/2024\/11\/Saturday-Concert-Casa-de-Campo-50th-Kick-off-18.jpg?resize=150%2C100&amp;ssl=1 150w, https:\/\/i0.wp.com\/casadecampoliving.com\/wp-content\/uploads\/2024\/11\/Saturday-Concert-Casa-de-Campo-50th-Kick-off-18.jpg?w=370&amp;ssl=1 370w\" sizes=\"(max-width: 1000px) 100vw, 1000px\" \/><figcaption class=\"wp-block-jetpack-slideshow_caption gallery-caption\">Voices of our Generation Vol. 2<\/figcaption><\/figure><\/li><li class=\"wp-block-jetpack-slideshow_slide swiper-slide\"><figure><img data-recalc-dims=\"1\" loading=\"lazy\" decoding=\"async\" width=\"2000\" height=\"1333\" alt=\"\" class=\"wp-block-jetpack-slideshow_image wp-image-534320\" data-id=\"534320\" data-aspect-ratio=\"2000 \/ 1333\" src=\"https:\/\/i0.wp.com\/casadecampoliving.com\/wp-content\/uploads\/2024\/11\/Saturday-Concert-Casa-de-Campo-50th-Kick-off-17.jpg?resize=2000%2C1333&#038;ssl=1\" srcset=\"https:\/\/i0.wp.com\/casadecampoliving.com\/wp-content\/uploads\/2024\/11\/Saturday-Concert-Casa-de-Campo-50th-Kick-off-17.jpg?w=2000&amp;ssl=1 2000w, https:\/\/i0.wp.com\/casadecampoliving.com\/wp-content\/uploads\/2024\/11\/Saturday-Concert-Casa-de-Campo-50th-Kick-off-17.jpg?resize=300%2C200&amp;ssl=1 300w, https:\/\/i0.wp.com\/casadecampoliving.com\/wp-content\/uploads\/2024\/11\/Saturday-Concert-Casa-de-Campo-50th-Kick-off-17.jpg?resize=1024%2C682&amp;ssl=1 1024w, https:\/\/i0.wp.com\/casadecampoliving.com\/wp-content\/uploads\/2024\/11\/Saturday-Concert-Casa-de-Campo-50th-Kick-off-17.jpg?resize=768%2C512&amp;ssl=1 768w, https:\/\/i0.wp.com\/casadecampoliving.com\/wp-content\/uploads\/2024\/11\/Saturday-Concert-Casa-de-Campo-50th-Kick-off-17.jpg?resize=1536%2C1024&amp;ssl=1 1536w, https:\/\/i0.wp.com\/casadecampoliving.com\/wp-content\/uploads\/2024\/11\/Saturday-Concert-Casa-de-Campo-50th-Kick-off-17.jpg?resize=1200%2C800&amp;ssl=1 1200w, https:\/\/i0.wp.com\/casadecampoliving.com\/wp-content\/uploads\/2024\/11\/Saturday-Concert-Casa-de-Campo-50th-Kick-off-17.jpg?resize=1568%2C1045&amp;ssl=1 1568w, https:\/\/i0.wp.com\/casadecampoliving.com\/wp-content\/uploads\/2024\/11\/Saturday-Concert-Casa-de-Campo-50th-Kick-off-17.jpg?resize=400%2C267&amp;ssl=1 400w, https:\/\/i0.wp.com\/casadecampoliving.com\/wp-content\/uploads\/2024\/11\/Saturday-Concert-Casa-de-Campo-50th-Kick-off-17.jpg?resize=1320%2C880&amp;ssl=1 1320w, https:\/\/i0.wp.com\/casadecampoliving.com\/wp-content\/uploads\/2024\/11\/Saturday-Concert-Casa-de-Campo-50th-Kick-off-17.jpg?resize=150%2C100&amp;ssl=1 150w, https:\/\/i0.wp.com\/casadecampoliving.com\/wp-content\/uploads\/2024\/11\/Saturday-Concert-Casa-de-Campo-50th-Kick-off-17.jpg?w=370&amp;ssl=1 370w\" sizes=\"(max-width: 1000px) 100vw, 1000px\" \/><figcaption class=\"wp-block-jetpack-slideshow_caption gallery-caption\">Voices of our Generation Vol. 2<\/figcaption><\/figure><\/li><li class=\"wp-block-jetpack-slideshow_slide swiper-slide\"><figure><img data-recalc-dims=\"1\" loading=\"lazy\" decoding=\"async\" width=\"1333\" height=\"2000\" alt=\"\" class=\"wp-block-jetpack-slideshow_image wp-image-534284\" data-id=\"534284\" data-aspect-ratio=\"1333 \/ 2000\" src=\"https:\/\/i0.wp.com\/casadecampoliving.com\/wp-content\/uploads\/2024\/11\/Saturday-Concert-Casa-de-Campo-50th-Kick-off-10.jpg?resize=1333%2C2000&#038;ssl=1\" srcset=\"https:\/\/i0.wp.com\/casadecampoliving.com\/wp-content\/uploads\/2024\/11\/Saturday-Concert-Casa-de-Campo-50th-Kick-off-10.jpg?w=1333&amp;ssl=1 1333w, https:\/\/i0.wp.com\/casadecampoliving.com\/wp-content\/uploads\/2024\/11\/Saturday-Concert-Casa-de-Campo-50th-Kick-off-10.jpg?resize=200%2C300&amp;ssl=1 200w, https:\/\/i0.wp.com\/casadecampoliving.com\/wp-content\/uploads\/2024\/11\/Saturday-Concert-Casa-de-Campo-50th-Kick-off-10.jpg?resize=682%2C1024&amp;ssl=1 682w, https:\/\/i0.wp.com\/casadecampoliving.com\/wp-content\/uploads\/2024\/11\/Saturday-Concert-Casa-de-Campo-50th-Kick-off-10.jpg?resize=768%2C1152&amp;ssl=1 768w, https:\/\/i0.wp.com\/casadecampoliving.com\/wp-content\/uploads\/2024\/11\/Saturday-Concert-Casa-de-Campo-50th-Kick-off-10.jpg?resize=1024%2C1536&amp;ssl=1 1024w, https:\/\/i0.wp.com\/casadecampoliving.com\/wp-content\/uploads\/2024\/11\/Saturday-Concert-Casa-de-Campo-50th-Kick-off-10.jpg?resize=1200%2C1800&amp;ssl=1 1200w, https:\/\/i0.wp.com\/casadecampoliving.com\/wp-content\/uploads\/2024\/11\/Saturday-Concert-Casa-de-Campo-50th-Kick-off-10.jpg?resize=400%2C600&amp;ssl=1 400w, https:\/\/i0.wp.com\/casadecampoliving.com\/wp-content\/uploads\/2024\/11\/Saturday-Concert-Casa-de-Campo-50th-Kick-off-10.jpg?resize=1320%2C1980&amp;ssl=1 1320w, https:\/\/i0.wp.com\/casadecampoliving.com\/wp-content\/uploads\/2024\/11\/Saturday-Concert-Casa-de-Campo-50th-Kick-off-10.jpg?resize=150%2C225&amp;ssl=1 150w, https:\/\/i0.wp.com\/casadecampoliving.com\/wp-content\/uploads\/2024\/11\/Saturday-Concert-Casa-de-Campo-50th-Kick-off-10.jpg?w=370&amp;ssl=1 370w\" sizes=\"(max-width: 1000px) 100vw, 1000px\" \/><figcaption class=\"wp-block-jetpack-slideshow_caption gallery-caption\">Voices of our Generation Vol. 2<\/figcaption><\/figure><\/li><li class=\"wp-block-jetpack-slideshow_slide swiper-slide\"><figure><img data-recalc-dims=\"1\" loading=\"lazy\" decoding=\"async\" width=\"2000\" height=\"1333\" alt=\"\" class=\"wp-block-jetpack-slideshow_image wp-image-534282\" data-id=\"534282\" data-aspect-ratio=\"2000 \/ 1333\" src=\"https:\/\/i0.wp.com\/casadecampoliving.com\/wp-content\/uploads\/2024\/11\/Saturday-Concert-Casa-de-Campo-50th-Kick-off-9.jpg?resize=2000%2C1333&#038;ssl=1\" srcset=\"https:\/\/i0.wp.com\/casadecampoliving.com\/wp-content\/uploads\/2024\/11\/Saturday-Concert-Casa-de-Campo-50th-Kick-off-9.jpg?w=2000&amp;ssl=1 2000w, https:\/\/i0.wp.com\/casadecampoliving.com\/wp-content\/uploads\/2024\/11\/Saturday-Concert-Casa-de-Campo-50th-Kick-off-9.jpg?resize=300%2C200&amp;ssl=1 300w, https:\/\/i0.wp.com\/casadecampoliving.com\/wp-content\/uploads\/2024\/11\/Saturday-Concert-Casa-de-Campo-50th-Kick-off-9.jpg?resize=1024%2C682&amp;ssl=1 1024w, https:\/\/i0.wp.com\/casadecampoliving.com\/wp-content\/uploads\/2024\/11\/Saturday-Concert-Casa-de-Campo-50th-Kick-off-9.jpg?resize=768%2C512&amp;ssl=1 768w, https:\/\/i0.wp.com\/casadecampoliving.com\/wp-content\/uploads\/2024\/11\/Saturday-Concert-Casa-de-Campo-50th-Kick-off-9.jpg?resize=1536%2C1024&amp;ssl=1 1536w, https:\/\/i0.wp.com\/casadecampoliving.com\/wp-content\/uploads\/2024\/11\/Saturday-Concert-Casa-de-Campo-50th-Kick-off-9.jpg?resize=1200%2C800&amp;ssl=1 1200w, https:\/\/i0.wp.com\/casadecampoliving.com\/wp-content\/uploads\/2024\/11\/Saturday-Concert-Casa-de-Campo-50th-Kick-off-9.jpg?resize=1568%2C1045&amp;ssl=1 1568w, https:\/\/i0.wp.com\/casadecampoliving.com\/wp-content\/uploads\/2024\/11\/Saturday-Concert-Casa-de-Campo-50th-Kick-off-9.jpg?resize=400%2C267&amp;ssl=1 400w, https:\/\/i0.wp.com\/casadecampoliving.com\/wp-content\/uploads\/2024\/11\/Saturday-Concert-Casa-de-Campo-50th-Kick-off-9.jpg?resize=1320%2C880&amp;ssl=1 1320w, https:\/\/i0.wp.com\/casadecampoliving.com\/wp-content\/uploads\/2024\/11\/Saturday-Concert-Casa-de-Campo-50th-Kick-off-9.jpg?resize=150%2C100&amp;ssl=1 150w, https:\/\/i0.wp.com\/casadecampoliving.com\/wp-content\/uploads\/2024\/11\/Saturday-Concert-Casa-de-Campo-50th-Kick-off-9.jpg?w=370&amp;ssl=1 370w\" sizes=\"(max-width: 1000px) 100vw, 1000px\" \/><figcaption class=\"wp-block-jetpack-slideshow_caption gallery-caption\">Voices of our Generation Vol. 2<\/figcaption><\/figure><\/li><li class=\"wp-block-jetpack-slideshow_slide swiper-slide\"><figure><img data-recalc-dims=\"1\" loading=\"lazy\" decoding=\"async\" width=\"1333\" height=\"2000\" alt=\"\" class=\"wp-block-jetpack-slideshow_image wp-image-534286\" data-id=\"534286\" data-aspect-ratio=\"1333 \/ 2000\" src=\"https:\/\/i0.wp.com\/casadecampoliving.com\/wp-content\/uploads\/2024\/11\/Saturday-Concert-Casa-de-Campo-50th-Kick-off-8.jpg?resize=1333%2C2000&#038;ssl=1\" srcset=\"https:\/\/i0.wp.com\/casadecampoliving.com\/wp-content\/uploads\/2024\/11\/Saturday-Concert-Casa-de-Campo-50th-Kick-off-8.jpg?w=1333&amp;ssl=1 1333w, https:\/\/i0.wp.com\/casadecampoliving.com\/wp-content\/uploads\/2024\/11\/Saturday-Concert-Casa-de-Campo-50th-Kick-off-8.jpg?resize=200%2C300&amp;ssl=1 200w, https:\/\/i0.wp.com\/casadecampoliving.com\/wp-content\/uploads\/2024\/11\/Saturday-Concert-Casa-de-Campo-50th-Kick-off-8.jpg?resize=682%2C1024&amp;ssl=1 682w, https:\/\/i0.wp.com\/casadecampoliving.com\/wp-content\/uploads\/2024\/11\/Saturday-Concert-Casa-de-Campo-50th-Kick-off-8.jpg?resize=768%2C1152&amp;ssl=1 768w, https:\/\/i0.wp.com\/casadecampoliving.com\/wp-content\/uploads\/2024\/11\/Saturday-Concert-Casa-de-Campo-50th-Kick-off-8.jpg?resize=1024%2C1536&amp;ssl=1 1024w, https:\/\/i0.wp.com\/casadecampoliving.com\/wp-content\/uploads\/2024\/11\/Saturday-Concert-Casa-de-Campo-50th-Kick-off-8.jpg?resize=1200%2C1800&amp;ssl=1 1200w, https:\/\/i0.wp.com\/casadecampoliving.com\/wp-content\/uploads\/2024\/11\/Saturday-Concert-Casa-de-Campo-50th-Kick-off-8.jpg?resize=400%2C600&amp;ssl=1 400w, https:\/\/i0.wp.com\/casadecampoliving.com\/wp-content\/uploads\/2024\/11\/Saturday-Concert-Casa-de-Campo-50th-Kick-off-8.jpg?resize=1320%2C1980&amp;ssl=1 1320w, https:\/\/i0.wp.com\/casadecampoliving.com\/wp-content\/uploads\/2024\/11\/Saturday-Concert-Casa-de-Campo-50th-Kick-off-8.jpg?resize=150%2C225&amp;ssl=1 150w, https:\/\/i0.wp.com\/casadecampoliving.com\/wp-content\/uploads\/2024\/11\/Saturday-Concert-Casa-de-Campo-50th-Kick-off-8.jpg?w=370&amp;ssl=1 370w\" sizes=\"(max-width: 1000px) 100vw, 1000px\" \/><figcaption class=\"wp-block-jetpack-slideshow_caption gallery-caption\">Voices of our Generation Vol. 2<\/figcaption><\/figure><\/li><li class=\"wp-block-jetpack-slideshow_slide swiper-slide\"><figure><img data-recalc-dims=\"1\" loading=\"lazy\" decoding=\"async\" width=\"1333\" height=\"2000\" alt=\"\" class=\"wp-block-jetpack-slideshow_image wp-image-534324\" data-id=\"534324\" data-aspect-ratio=\"1333 \/ 2000\" src=\"https:\/\/i0.wp.com\/casadecampoliving.com\/wp-content\/uploads\/2024\/11\/Saturday-Concert-Casa-de-Campo-50th-Kick-off-7.jpg?resize=1333%2C2000&#038;ssl=1\" srcset=\"https:\/\/i0.wp.com\/casadecampoliving.com\/wp-content\/uploads\/2024\/11\/Saturday-Concert-Casa-de-Campo-50th-Kick-off-7.jpg?w=1333&amp;ssl=1 1333w, https:\/\/i0.wp.com\/casadecampoliving.com\/wp-content\/uploads\/2024\/11\/Saturday-Concert-Casa-de-Campo-50th-Kick-off-7.jpg?resize=200%2C300&amp;ssl=1 200w, https:\/\/i0.wp.com\/casadecampoliving.com\/wp-content\/uploads\/2024\/11\/Saturday-Concert-Casa-de-Campo-50th-Kick-off-7.jpg?resize=682%2C1024&amp;ssl=1 682w, https:\/\/i0.wp.com\/casadecampoliving.com\/wp-content\/uploads\/2024\/11\/Saturday-Concert-Casa-de-Campo-50th-Kick-off-7.jpg?resize=768%2C1152&amp;ssl=1 768w, https:\/\/i0.wp.com\/casadecampoliving.com\/wp-content\/uploads\/2024\/11\/Saturday-Concert-Casa-de-Campo-50th-Kick-off-7.jpg?resize=1024%2C1536&amp;ssl=1 1024w, https:\/\/i0.wp.com\/casadecampoliving.com\/wp-content\/uploads\/2024\/11\/Saturday-Concert-Casa-de-Campo-50th-Kick-off-7.jpg?resize=1200%2C1800&amp;ssl=1 1200w, https:\/\/i0.wp.com\/casadecampoliving.com\/wp-content\/uploads\/2024\/11\/Saturday-Concert-Casa-de-Campo-50th-Kick-off-7.jpg?resize=400%2C600&amp;ssl=1 400w, https:\/\/i0.wp.com\/casadecampoliving.com\/wp-content\/uploads\/2024\/11\/Saturday-Concert-Casa-de-Campo-50th-Kick-off-7.jpg?resize=1320%2C1980&amp;ssl=1 1320w, https:\/\/i0.wp.com\/casadecampoliving.com\/wp-content\/uploads\/2024\/11\/Saturday-Concert-Casa-de-Campo-50th-Kick-off-7.jpg?resize=150%2C225&amp;ssl=1 150w, https:\/\/i0.wp.com\/casadecampoliving.com\/wp-content\/uploads\/2024\/11\/Saturday-Concert-Casa-de-Campo-50th-Kick-off-7.jpg?w=370&amp;ssl=1 370w\" sizes=\"(max-width: 1000px) 100vw, 1000px\" \/><figcaption class=\"wp-block-jetpack-slideshow_caption gallery-caption\">Voices of our Generation Vol. 2<\/figcaption><\/figure><\/li><li class=\"wp-block-jetpack-slideshow_slide swiper-slide\"><figure><img data-recalc-dims=\"1\" loading=\"lazy\" decoding=\"async\" width=\"1333\" height=\"2000\" alt=\"\" class=\"wp-block-jetpack-slideshow_image wp-image-534326\" data-id=\"534326\" data-aspect-ratio=\"1333 \/ 2000\" src=\"https:\/\/i0.wp.com\/casadecampoliving.com\/wp-content\/uploads\/2024\/11\/Saturday-Concert-Casa-de-Campo-50th-Kick-off-30.jpg?resize=1333%2C2000&#038;ssl=1\" srcset=\"https:\/\/i0.wp.com\/casadecampoliving.com\/wp-content\/uploads\/2024\/11\/Saturday-Concert-Casa-de-Campo-50th-Kick-off-30.jpg?w=1333&amp;ssl=1 1333w, https:\/\/i0.wp.com\/casadecampoliving.com\/wp-content\/uploads\/2024\/11\/Saturday-Concert-Casa-de-Campo-50th-Kick-off-30.jpg?resize=200%2C300&amp;ssl=1 200w, https:\/\/i0.wp.com\/casadecampoliving.com\/wp-content\/uploads\/2024\/11\/Saturday-Concert-Casa-de-Campo-50th-Kick-off-30.jpg?resize=682%2C1024&amp;ssl=1 682w, https:\/\/i0.wp.com\/casadecampoliving.com\/wp-content\/uploads\/2024\/11\/Saturday-Concert-Casa-de-Campo-50th-Kick-off-30.jpg?resize=768%2C1152&amp;ssl=1 768w, https:\/\/i0.wp.com\/casadecampoliving.com\/wp-content\/uploads\/2024\/11\/Saturday-Concert-Casa-de-Campo-50th-Kick-off-30.jpg?resize=1024%2C1536&amp;ssl=1 1024w, https:\/\/i0.wp.com\/casadecampoliving.com\/wp-content\/uploads\/2024\/11\/Saturday-Concert-Casa-de-Campo-50th-Kick-off-30.jpg?resize=1200%2C1800&amp;ssl=1 1200w, https:\/\/i0.wp.com\/casadecampoliving.com\/wp-content\/uploads\/2024\/11\/Saturday-Concert-Casa-de-Campo-50th-Kick-off-30.jpg?resize=400%2C600&amp;ssl=1 400w, https:\/\/i0.wp.com\/casadecampoliving.com\/wp-content\/uploads\/2024\/11\/Saturday-Concert-Casa-de-Campo-50th-Kick-off-30.jpg?resize=1320%2C1980&amp;ssl=1 1320w, https:\/\/i0.wp.com\/casadecampoliving.com\/wp-content\/uploads\/2024\/11\/Saturday-Concert-Casa-de-Campo-50th-Kick-off-30.jpg?resize=150%2C225&amp;ssl=1 150w, https:\/\/i0.wp.com\/casadecampoliving.com\/wp-content\/uploads\/2024\/11\/Saturday-Concert-Casa-de-Campo-50th-Kick-off-30.jpg?w=370&amp;ssl=1 370w\" sizes=\"(max-width: 1000px) 100vw, 1000px\" \/><figcaption class=\"wp-block-jetpack-slideshow_caption gallery-caption\">Voices of our Generation Vol. 2<\/figcaption><\/figure><\/li><li class=\"wp-block-jetpack-slideshow_slide swiper-slide\"><figure><img data-recalc-dims=\"1\" loading=\"lazy\" decoding=\"async\" width=\"2000\" height=\"1333\" alt=\"\" class=\"wp-block-jetpack-slideshow_image wp-image-534306\" data-id=\"534306\" data-aspect-ratio=\"2000 \/ 1333\" src=\"https:\/\/i0.wp.com\/casadecampoliving.com\/wp-content\/uploads\/2024\/11\/Saturday-Concert-Casa-de-Campo-50th-Kick-off-6.jpg?resize=2000%2C1333&#038;ssl=1\" srcset=\"https:\/\/i0.wp.com\/casadecampoliving.com\/wp-content\/uploads\/2024\/11\/Saturday-Concert-Casa-de-Campo-50th-Kick-off-6.jpg?w=2000&amp;ssl=1 2000w, https:\/\/i0.wp.com\/casadecampoliving.com\/wp-content\/uploads\/2024\/11\/Saturday-Concert-Casa-de-Campo-50th-Kick-off-6.jpg?resize=300%2C200&amp;ssl=1 300w, https:\/\/i0.wp.com\/casadecampoliving.com\/wp-content\/uploads\/2024\/11\/Saturday-Concert-Casa-de-Campo-50th-Kick-off-6.jpg?resize=1024%2C682&amp;ssl=1 1024w, https:\/\/i0.wp.com\/casadecampoliving.com\/wp-content\/uploads\/2024\/11\/Saturday-Concert-Casa-de-Campo-50th-Kick-off-6.jpg?resize=768%2C512&amp;ssl=1 768w, https:\/\/i0.wp.com\/casadecampoliving.com\/wp-content\/uploads\/2024\/11\/Saturday-Concert-Casa-de-Campo-50th-Kick-off-6.jpg?resize=1536%2C1024&amp;ssl=1 1536w, https:\/\/i0.wp.com\/casadecampoliving.com\/wp-content\/uploads\/2024\/11\/Saturday-Concert-Casa-de-Campo-50th-Kick-off-6.jpg?resize=1200%2C800&amp;ssl=1 1200w, https:\/\/i0.wp.com\/casadecampoliving.com\/wp-content\/uploads\/2024\/11\/Saturday-Concert-Casa-de-Campo-50th-Kick-off-6.jpg?resize=1568%2C1045&amp;ssl=1 1568w, https:\/\/i0.wp.com\/casadecampoliving.com\/wp-content\/uploads\/2024\/11\/Saturday-Concert-Casa-de-Campo-50th-Kick-off-6.jpg?resize=400%2C267&amp;ssl=1 400w, https:\/\/i0.wp.com\/casadecampoliving.com\/wp-content\/uploads\/2024\/11\/Saturday-Concert-Casa-de-Campo-50th-Kick-off-6.jpg?resize=1320%2C880&amp;ssl=1 1320w, https:\/\/i0.wp.com\/casadecampoliving.com\/wp-content\/uploads\/2024\/11\/Saturday-Concert-Casa-de-Campo-50th-Kick-off-6.jpg?resize=150%2C100&amp;ssl=1 150w, https:\/\/i0.wp.com\/casadecampoliving.com\/wp-content\/uploads\/2024\/11\/Saturday-Concert-Casa-de-Campo-50th-Kick-off-6.jpg?w=370&amp;ssl=1 370w\" sizes=\"(max-width: 1000px) 100vw, 1000px\" \/><figcaption class=\"wp-block-jetpack-slideshow_caption gallery-caption\">Voices of our Generation Vol. 2<\/figcaption><\/figure><\/li><li class=\"wp-block-jetpack-slideshow_slide swiper-slide\"><figure><img data-recalc-dims=\"1\" loading=\"lazy\" decoding=\"async\" width=\"2000\" height=\"1333\" alt=\"\" class=\"wp-block-jetpack-slideshow_image wp-image-534332\" data-id=\"534332\" data-aspect-ratio=\"2000 \/ 1333\" src=\"https:\/\/i0.wp.com\/casadecampoliving.com\/wp-content\/uploads\/2024\/11\/Saturday-Concert-Casa-de-Campo-50th-Kick-off.jpg?resize=2000%2C1333&#038;ssl=1\" srcset=\"https:\/\/i0.wp.com\/casadecampoliving.com\/wp-content\/uploads\/2024\/11\/Saturday-Concert-Casa-de-Campo-50th-Kick-off.jpg?w=2000&amp;ssl=1 2000w, https:\/\/i0.wp.com\/casadecampoliving.com\/wp-content\/uploads\/2024\/11\/Saturday-Concert-Casa-de-Campo-50th-Kick-off.jpg?resize=300%2C200&amp;ssl=1 300w, https:\/\/i0.wp.com\/casadecampoliving.com\/wp-content\/uploads\/2024\/11\/Saturday-Concert-Casa-de-Campo-50th-Kick-off.jpg?resize=1024%2C682&amp;ssl=1 1024w, https:\/\/i0.wp.com\/casadecampoliving.com\/wp-content\/uploads\/2024\/11\/Saturday-Concert-Casa-de-Campo-50th-Kick-off.jpg?resize=768%2C512&amp;ssl=1 768w, https:\/\/i0.wp.com\/casadecampoliving.com\/wp-content\/uploads\/2024\/11\/Saturday-Concert-Casa-de-Campo-50th-Kick-off.jpg?resize=1536%2C1024&amp;ssl=1 1536w, https:\/\/i0.wp.com\/casadecampoliving.com\/wp-content\/uploads\/2024\/11\/Saturday-Concert-Casa-de-Campo-50th-Kick-off.jpg?resize=1200%2C800&amp;ssl=1 1200w, https:\/\/i0.wp.com\/casadecampoliving.com\/wp-content\/uploads\/2024\/11\/Saturday-Concert-Casa-de-Campo-50th-Kick-off.jpg?resize=1568%2C1045&amp;ssl=1 1568w, https:\/\/i0.wp.com\/casadecampoliving.com\/wp-content\/uploads\/2024\/11\/Saturday-Concert-Casa-de-Campo-50th-Kick-off.jpg?resize=400%2C267&amp;ssl=1 400w, https:\/\/i0.wp.com\/casadecampoliving.com\/wp-content\/uploads\/2024\/11\/Saturday-Concert-Casa-de-Campo-50th-Kick-off.jpg?resize=1320%2C880&amp;ssl=1 1320w, https:\/\/i0.wp.com\/casadecampoliving.com\/wp-content\/uploads\/2024\/11\/Saturday-Concert-Casa-de-Campo-50th-Kick-off.jpg?resize=150%2C100&amp;ssl=1 150w, https:\/\/i0.wp.com\/casadecampoliving.com\/wp-content\/uploads\/2024\/11\/Saturday-Concert-Casa-de-Campo-50th-Kick-off.jpg?w=370&amp;ssl=1 370w\" sizes=\"(max-width: 1000px) 100vw, 1000px\" \/><figcaption class=\"wp-block-jetpack-slideshow_caption gallery-caption\">Voices of our Generation Vol. 2<\/figcaption><\/figure><\/li><li class=\"wp-block-jetpack-slideshow_slide swiper-slide\"><figure><img data-recalc-dims=\"1\" loading=\"lazy\" decoding=\"async\" width=\"2000\" height=\"1333\" alt=\"\" class=\"wp-block-jetpack-slideshow_image wp-image-534300\" data-id=\"534300\" data-aspect-ratio=\"2000 \/ 1333\" src=\"https:\/\/i0.wp.com\/casadecampoliving.com\/wp-content\/uploads\/2024\/11\/Saturday-Concert-Casa-de-Campo-50th-Kick-off-5.jpg?resize=2000%2C1333&#038;ssl=1\" srcset=\"https:\/\/i0.wp.com\/casadecampoliving.com\/wp-content\/uploads\/2024\/11\/Saturday-Concert-Casa-de-Campo-50th-Kick-off-5.jpg?w=2000&amp;ssl=1 2000w, https:\/\/i0.wp.com\/casadecampoliving.com\/wp-content\/uploads\/2024\/11\/Saturday-Concert-Casa-de-Campo-50th-Kick-off-5.jpg?resize=300%2C200&amp;ssl=1 300w, https:\/\/i0.wp.com\/casadecampoliving.com\/wp-content\/uploads\/2024\/11\/Saturday-Concert-Casa-de-Campo-50th-Kick-off-5.jpg?resize=1024%2C682&amp;ssl=1 1024w, https:\/\/i0.wp.com\/casadecampoliving.com\/wp-content\/uploads\/2024\/11\/Saturday-Concert-Casa-de-Campo-50th-Kick-off-5.jpg?resize=768%2C512&amp;ssl=1 768w, https:\/\/i0.wp.com\/casadecampoliving.com\/wp-content\/uploads\/2024\/11\/Saturday-Concert-Casa-de-Campo-50th-Kick-off-5.jpg?resize=1536%2C1024&amp;ssl=1 1536w, https:\/\/i0.wp.com\/casadecampoliving.com\/wp-content\/uploads\/2024\/11\/Saturday-Concert-Casa-de-Campo-50th-Kick-off-5.jpg?resize=1200%2C800&amp;ssl=1 1200w, https:\/\/i0.wp.com\/casadecampoliving.com\/wp-content\/uploads\/2024\/11\/Saturday-Concert-Casa-de-Campo-50th-Kick-off-5.jpg?resize=1568%2C1045&amp;ssl=1 1568w, https:\/\/i0.wp.com\/casadecampoliving.com\/wp-content\/uploads\/2024\/11\/Saturday-Concert-Casa-de-Campo-50th-Kick-off-5.jpg?resize=400%2C267&amp;ssl=1 400w, https:\/\/i0.wp.com\/casadecampoliving.com\/wp-content\/uploads\/2024\/11\/Saturday-Concert-Casa-de-Campo-50th-Kick-off-5.jpg?resize=1320%2C880&amp;ssl=1 1320w, https:\/\/i0.wp.com\/casadecampoliving.com\/wp-content\/uploads\/2024\/11\/Saturday-Concert-Casa-de-Campo-50th-Kick-off-5.jpg?resize=150%2C100&amp;ssl=1 150w, https:\/\/i0.wp.com\/casadecampoliving.com\/wp-content\/uploads\/2024\/11\/Saturday-Concert-Casa-de-Campo-50th-Kick-off-5.jpg?w=370&amp;ssl=1 370w\" sizes=\"(max-width: 1000px) 100vw, 1000px\" \/><figcaption class=\"wp-block-jetpack-slideshow_caption gallery-caption\">Voices of our Generation Vol. 2<\/figcaption><\/figure><\/li><li class=\"wp-block-jetpack-slideshow_slide swiper-slide\"><figure><img data-recalc-dims=\"1\" loading=\"lazy\" decoding=\"async\" width=\"2000\" height=\"1333\" alt=\"\" class=\"wp-block-jetpack-slideshow_image wp-image-534330\" data-id=\"534330\" data-aspect-ratio=\"2000 \/ 1333\" src=\"https:\/\/i0.wp.com\/casadecampoliving.com\/wp-content\/uploads\/2024\/11\/Saturday-Concert-Casa-de-Campo-50th-Kick-off-32.jpg?resize=2000%2C1333&#038;ssl=1\" srcset=\"https:\/\/i0.wp.com\/casadecampoliving.com\/wp-content\/uploads\/2024\/11\/Saturday-Concert-Casa-de-Campo-50th-Kick-off-32.jpg?w=2000&amp;ssl=1 2000w, https:\/\/i0.wp.com\/casadecampoliving.com\/wp-content\/uploads\/2024\/11\/Saturday-Concert-Casa-de-Campo-50th-Kick-off-32.jpg?resize=300%2C200&amp;ssl=1 300w, https:\/\/i0.wp.com\/casadecampoliving.com\/wp-content\/uploads\/2024\/11\/Saturday-Concert-Casa-de-Campo-50th-Kick-off-32.jpg?resize=1024%2C682&amp;ssl=1 1024w, https:\/\/i0.wp.com\/casadecampoliving.com\/wp-content\/uploads\/2024\/11\/Saturday-Concert-Casa-de-Campo-50th-Kick-off-32.jpg?resize=768%2C512&amp;ssl=1 768w, https:\/\/i0.wp.com\/casadecampoliving.com\/wp-content\/uploads\/2024\/11\/Saturday-Concert-Casa-de-Campo-50th-Kick-off-32.jpg?resize=1536%2C1024&amp;ssl=1 1536w, https:\/\/i0.wp.com\/casadecampoliving.com\/wp-content\/uploads\/2024\/11\/Saturday-Concert-Casa-de-Campo-50th-Kick-off-32.jpg?resize=1200%2C800&amp;ssl=1 1200w, https:\/\/i0.wp.com\/casadecampoliving.com\/wp-content\/uploads\/2024\/11\/Saturday-Concert-Casa-de-Campo-50th-Kick-off-32.jpg?resize=1568%2C1045&amp;ssl=1 1568w, https:\/\/i0.wp.com\/casadecampoliving.com\/wp-content\/uploads\/2024\/11\/Saturday-Concert-Casa-de-Campo-50th-Kick-off-32.jpg?resize=400%2C267&amp;ssl=1 400w, https:\/\/i0.wp.com\/casadecampoliving.com\/wp-content\/uploads\/2024\/11\/Saturday-Concert-Casa-de-Campo-50th-Kick-off-32.jpg?resize=1320%2C880&amp;ssl=1 1320w, https:\/\/i0.wp.com\/casadecampoliving.com\/wp-content\/uploads\/2024\/11\/Saturday-Concert-Casa-de-Campo-50th-Kick-off-32.jpg?resize=150%2C100&amp;ssl=1 150w, https:\/\/i0.wp.com\/casadecampoliving.com\/wp-content\/uploads\/2024\/11\/Saturday-Concert-Casa-de-Campo-50th-Kick-off-32.jpg?w=370&amp;ssl=1 370w\" sizes=\"(max-width: 1000px) 100vw, 1000px\" \/><figcaption class=\"wp-block-jetpack-slideshow_caption gallery-caption\">Voices of our Generation Vol. 2<\/figcaption><\/figure><\/li><li class=\"wp-block-jetpack-slideshow_slide swiper-slide\"><figure><img data-recalc-dims=\"1\" loading=\"lazy\" decoding=\"async\" width=\"2000\" height=\"1333\" alt=\"\" class=\"wp-block-jetpack-slideshow_image wp-image-534298\" data-id=\"534298\" data-aspect-ratio=\"2000 \/ 1333\" src=\"https:\/\/i0.wp.com\/casadecampoliving.com\/wp-content\/uploads\/2024\/11\/Saturday-Concert-Casa-de-Campo-50th-Kick-off-31.jpg?resize=2000%2C1333&#038;ssl=1\" srcset=\"https:\/\/i0.wp.com\/casadecampoliving.com\/wp-content\/uploads\/2024\/11\/Saturday-Concert-Casa-de-Campo-50th-Kick-off-31.jpg?w=2000&amp;ssl=1 2000w, https:\/\/i0.wp.com\/casadecampoliving.com\/wp-content\/uploads\/2024\/11\/Saturday-Concert-Casa-de-Campo-50th-Kick-off-31.jpg?resize=300%2C200&amp;ssl=1 300w, https:\/\/i0.wp.com\/casadecampoliving.com\/wp-content\/uploads\/2024\/11\/Saturday-Concert-Casa-de-Campo-50th-Kick-off-31.jpg?resize=1024%2C682&amp;ssl=1 1024w, https:\/\/i0.wp.com\/casadecampoliving.com\/wp-content\/uploads\/2024\/11\/Saturday-Concert-Casa-de-Campo-50th-Kick-off-31.jpg?resize=768%2C512&amp;ssl=1 768w, https:\/\/i0.wp.com\/casadecampoliving.com\/wp-content\/uploads\/2024\/11\/Saturday-Concert-Casa-de-Campo-50th-Kick-off-31.jpg?resize=1536%2C1024&amp;ssl=1 1536w, https:\/\/i0.wp.com\/casadecampoliving.com\/wp-content\/uploads\/2024\/11\/Saturday-Concert-Casa-de-Campo-50th-Kick-off-31.jpg?resize=1200%2C800&amp;ssl=1 1200w, https:\/\/i0.wp.com\/casadecampoliving.com\/wp-content\/uploads\/2024\/11\/Saturday-Concert-Casa-de-Campo-50th-Kick-off-31.jpg?resize=1568%2C1045&amp;ssl=1 1568w, https:\/\/i0.wp.com\/casadecampoliving.com\/wp-content\/uploads\/2024\/11\/Saturday-Concert-Casa-de-Campo-50th-Kick-off-31.jpg?resize=400%2C267&amp;ssl=1 400w, https:\/\/i0.wp.com\/casadecampoliving.com\/wp-content\/uploads\/2024\/11\/Saturday-Concert-Casa-de-Campo-50th-Kick-off-31.jpg?resize=1320%2C880&amp;ssl=1 1320w, https:\/\/i0.wp.com\/casadecampoliving.com\/wp-content\/uploads\/2024\/11\/Saturday-Concert-Casa-de-Campo-50th-Kick-off-31.jpg?resize=150%2C100&amp;ssl=1 150w, https:\/\/i0.wp.com\/casadecampoliving.com\/wp-content\/uploads\/2024\/11\/Saturday-Concert-Casa-de-Campo-50th-Kick-off-31.jpg?w=370&amp;ssl=1 370w\" sizes=\"(max-width: 1000px) 100vw, 1000px\" \/><figcaption class=\"wp-block-jetpack-slideshow_caption gallery-caption\">Voices of our Generation Vol. 2<\/figcaption><\/figure><\/li><li class=\"wp-block-jetpack-slideshow_slide swiper-slide\"><figure><img data-recalc-dims=\"1\" loading=\"lazy\" decoding=\"async\" width=\"1339\" height=\"2000\" alt=\"\" class=\"wp-block-jetpack-slideshow_image wp-image-534292\" data-id=\"534292\" data-aspect-ratio=\"1339 \/ 2000\" src=\"https:\/\/i0.wp.com\/casadecampoliving.com\/wp-content\/uploads\/2024\/11\/Saturday-Concert-Casa-de-Campo-50th-Kick-off.jpeg?resize=1339%2C2000&#038;ssl=1\" srcset=\"https:\/\/i0.wp.com\/casadecampoliving.com\/wp-content\/uploads\/2024\/11\/Saturday-Concert-Casa-de-Campo-50th-Kick-off.jpeg?w=1339&amp;ssl=1 1339w, https:\/\/i0.wp.com\/casadecampoliving.com\/wp-content\/uploads\/2024\/11\/Saturday-Concert-Casa-de-Campo-50th-Kick-off.jpeg?resize=201%2C300&amp;ssl=1 201w, https:\/\/i0.wp.com\/casadecampoliving.com\/wp-content\/uploads\/2024\/11\/Saturday-Concert-Casa-de-Campo-50th-Kick-off.jpeg?resize=686%2C1024&amp;ssl=1 686w, https:\/\/i0.wp.com\/casadecampoliving.com\/wp-content\/uploads\/2024\/11\/Saturday-Concert-Casa-de-Campo-50th-Kick-off.jpeg?resize=768%2C1147&amp;ssl=1 768w, https:\/\/i0.wp.com\/casadecampoliving.com\/wp-content\/uploads\/2024\/11\/Saturday-Concert-Casa-de-Campo-50th-Kick-off.jpeg?resize=1028%2C1536&amp;ssl=1 1028w, https:\/\/i0.wp.com\/casadecampoliving.com\/wp-content\/uploads\/2024\/11\/Saturday-Concert-Casa-de-Campo-50th-Kick-off.jpeg?resize=1200%2C1792&amp;ssl=1 1200w, https:\/\/i0.wp.com\/casadecampoliving.com\/wp-content\/uploads\/2024\/11\/Saturday-Concert-Casa-de-Campo-50th-Kick-off.jpeg?resize=400%2C597&amp;ssl=1 400w, https:\/\/i0.wp.com\/casadecampoliving.com\/wp-content\/uploads\/2024\/11\/Saturday-Concert-Casa-de-Campo-50th-Kick-off.jpeg?resize=1320%2C1972&amp;ssl=1 1320w, https:\/\/i0.wp.com\/casadecampoliving.com\/wp-content\/uploads\/2024\/11\/Saturday-Concert-Casa-de-Campo-50th-Kick-off.jpeg?resize=150%2C224&amp;ssl=1 150w, https:\/\/i0.wp.com\/casadecampoliving.com\/wp-content\/uploads\/2024\/11\/Saturday-Concert-Casa-de-Campo-50th-Kick-off.jpeg?w=370&amp;ssl=1 370w\" sizes=\"(max-width: 1000px) 100vw, 1000px\" \/><figcaption class=\"wp-block-jetpack-slideshow_caption gallery-caption\">Voices of our Generation Vol. 2<\/figcaption><\/figure><\/li><li class=\"wp-block-jetpack-slideshow_slide swiper-slide\"><figure><img data-recalc-dims=\"1\" loading=\"lazy\" decoding=\"async\" width=\"1333\" height=\"2000\" alt=\"\" class=\"wp-block-jetpack-slideshow_image wp-image-534338\" data-id=\"534338\" data-aspect-ratio=\"1333 \/ 2000\" src=\"https:\/\/i0.wp.com\/casadecampoliving.com\/wp-content\/uploads\/2024\/11\/Saturday-Concert-Casa-de-Campo-50th-Kick-off-29.jpg?resize=1333%2C2000&#038;ssl=1\" srcset=\"https:\/\/i0.wp.com\/casadecampoliving.com\/wp-content\/uploads\/2024\/11\/Saturday-Concert-Casa-de-Campo-50th-Kick-off-29.jpg?w=1333&amp;ssl=1 1333w, https:\/\/i0.wp.com\/casadecampoliving.com\/wp-content\/uploads\/2024\/11\/Saturday-Concert-Casa-de-Campo-50th-Kick-off-29.jpg?resize=200%2C300&amp;ssl=1 200w, https:\/\/i0.wp.com\/casadecampoliving.com\/wp-content\/uploads\/2024\/11\/Saturday-Concert-Casa-de-Campo-50th-Kick-off-29.jpg?resize=682%2C1024&amp;ssl=1 682w, https:\/\/i0.wp.com\/casadecampoliving.com\/wp-content\/uploads\/2024\/11\/Saturday-Concert-Casa-de-Campo-50th-Kick-off-29.jpg?resize=768%2C1152&amp;ssl=1 768w, https:\/\/i0.wp.com\/casadecampoliving.com\/wp-content\/uploads\/2024\/11\/Saturday-Concert-Casa-de-Campo-50th-Kick-off-29.jpg?resize=1024%2C1536&amp;ssl=1 1024w, https:\/\/i0.wp.com\/casadecampoliving.com\/wp-content\/uploads\/2024\/11\/Saturday-Concert-Casa-de-Campo-50th-Kick-off-29.jpg?resize=1200%2C1800&amp;ssl=1 1200w, https:\/\/i0.wp.com\/casadecampoliving.com\/wp-content\/uploads\/2024\/11\/Saturday-Concert-Casa-de-Campo-50th-Kick-off-29.jpg?resize=400%2C600&amp;ssl=1 400w, https:\/\/i0.wp.com\/casadecampoliving.com\/wp-content\/uploads\/2024\/11\/Saturday-Concert-Casa-de-Campo-50th-Kick-off-29.jpg?resize=1320%2C1980&amp;ssl=1 1320w, https:\/\/i0.wp.com\/casadecampoliving.com\/wp-content\/uploads\/2024\/11\/Saturday-Concert-Casa-de-Campo-50th-Kick-off-29.jpg?resize=150%2C225&amp;ssl=1 150w, https:\/\/i0.wp.com\/casadecampoliving.com\/wp-content\/uploads\/2024\/11\/Saturday-Concert-Casa-de-Campo-50th-Kick-off-29.jpg?w=370&amp;ssl=1 370w\" sizes=\"(max-width: 1000px) 100vw, 1000px\" \/><figcaption class=\"wp-block-jetpack-slideshow_caption gallery-caption\">Voices of our Generation Vol. 2<\/figcaption><\/figure><\/li><li class=\"wp-block-jetpack-slideshow_slide swiper-slide\"><figure><img data-recalc-dims=\"1\" loading=\"lazy\" decoding=\"async\" width=\"2000\" height=\"1333\" alt=\"\" class=\"wp-block-jetpack-slideshow_image wp-image-534290\" data-id=\"534290\" data-aspect-ratio=\"2000 \/ 1333\" src=\"https:\/\/i0.wp.com\/casadecampoliving.com\/wp-content\/uploads\/2024\/11\/Saturday-Concert-Casa-de-Campo-50th-Kick-off-28.jpg?resize=2000%2C1333&#038;ssl=1\" srcset=\"https:\/\/i0.wp.com\/casadecampoliving.com\/wp-content\/uploads\/2024\/11\/Saturday-Concert-Casa-de-Campo-50th-Kick-off-28.jpg?w=2000&amp;ssl=1 2000w, https:\/\/i0.wp.com\/casadecampoliving.com\/wp-content\/uploads\/2024\/11\/Saturday-Concert-Casa-de-Campo-50th-Kick-off-28.jpg?resize=300%2C200&amp;ssl=1 300w, https:\/\/i0.wp.com\/casadecampoliving.com\/wp-content\/uploads\/2024\/11\/Saturday-Concert-Casa-de-Campo-50th-Kick-off-28.jpg?resize=1024%2C682&amp;ssl=1 1024w, https:\/\/i0.wp.com\/casadecampoliving.com\/wp-content\/uploads\/2024\/11\/Saturday-Concert-Casa-de-Campo-50th-Kick-off-28.jpg?resize=768%2C512&amp;ssl=1 768w, https:\/\/i0.wp.com\/casadecampoliving.com\/wp-content\/uploads\/2024\/11\/Saturday-Concert-Casa-de-Campo-50th-Kick-off-28.jpg?resize=1536%2C1024&amp;ssl=1 1536w, https:\/\/i0.wp.com\/casadecampoliving.com\/wp-content\/uploads\/2024\/11\/Saturday-Concert-Casa-de-Campo-50th-Kick-off-28.jpg?resize=1200%2C800&amp;ssl=1 1200w, https:\/\/i0.wp.com\/casadecampoliving.com\/wp-content\/uploads\/2024\/11\/Saturday-Concert-Casa-de-Campo-50th-Kick-off-28.jpg?resize=1568%2C1045&amp;ssl=1 1568w, https:\/\/i0.wp.com\/casadecampoliving.com\/wp-content\/uploads\/2024\/11\/Saturday-Concert-Casa-de-Campo-50th-Kick-off-28.jpg?resize=400%2C267&amp;ssl=1 400w, https:\/\/i0.wp.com\/casadecampoliving.com\/wp-content\/uploads\/2024\/11\/Saturday-Concert-Casa-de-Campo-50th-Kick-off-28.jpg?resize=1320%2C880&amp;ssl=1 1320w, https:\/\/i0.wp.com\/casadecampoliving.com\/wp-content\/uploads\/2024\/11\/Saturday-Concert-Casa-de-Campo-50th-Kick-off-28.jpg?resize=150%2C100&amp;ssl=1 150w, https:\/\/i0.wp.com\/casadecampoliving.com\/wp-content\/uploads\/2024\/11\/Saturday-Concert-Casa-de-Campo-50th-Kick-off-28.jpg?w=370&amp;ssl=1 370w\" sizes=\"(max-width: 1000px) 100vw, 1000px\" \/><figcaption class=\"wp-block-jetpack-slideshow_caption gallery-caption\">Voices of our Generation Vol. 2<\/figcaption><\/figure><\/li><li class=\"wp-block-jetpack-slideshow_slide swiper-slide\"><figure><img data-recalc-dims=\"1\" loading=\"lazy\" decoding=\"async\" width=\"2000\" height=\"1333\" alt=\"\" class=\"wp-block-jetpack-slideshow_image wp-image-534345\" data-id=\"534345\" data-aspect-ratio=\"2000 \/ 1333\" src=\"https:\/\/i0.wp.com\/casadecampoliving.com\/wp-content\/uploads\/2024\/11\/Saturday-Concert-Casa-de-Campo-50th-Kick-off-21.jpg?resize=2000%2C1333&#038;ssl=1\" srcset=\"https:\/\/i0.wp.com\/casadecampoliving.com\/wp-content\/uploads\/2024\/11\/Saturday-Concert-Casa-de-Campo-50th-Kick-off-21.jpg?w=2000&amp;ssl=1 2000w, https:\/\/i0.wp.com\/casadecampoliving.com\/wp-content\/uploads\/2024\/11\/Saturday-Concert-Casa-de-Campo-50th-Kick-off-21.jpg?resize=300%2C200&amp;ssl=1 300w, https:\/\/i0.wp.com\/casadecampoliving.com\/wp-content\/uploads\/2024\/11\/Saturday-Concert-Casa-de-Campo-50th-Kick-off-21.jpg?resize=1024%2C682&amp;ssl=1 1024w, https:\/\/i0.wp.com\/casadecampoliving.com\/wp-content\/uploads\/2024\/11\/Saturday-Concert-Casa-de-Campo-50th-Kick-off-21.jpg?resize=768%2C512&amp;ssl=1 768w, https:\/\/i0.wp.com\/casadecampoliving.com\/wp-content\/uploads\/2024\/11\/Saturday-Concert-Casa-de-Campo-50th-Kick-off-21.jpg?resize=1536%2C1024&amp;ssl=1 1536w, https:\/\/i0.wp.com\/casadecampoliving.com\/wp-content\/uploads\/2024\/11\/Saturday-Concert-Casa-de-Campo-50th-Kick-off-21.jpg?resize=1200%2C800&amp;ssl=1 1200w, https:\/\/i0.wp.com\/casadecampoliving.com\/wp-content\/uploads\/2024\/11\/Saturday-Concert-Casa-de-Campo-50th-Kick-off-21.jpg?resize=1568%2C1045&amp;ssl=1 1568w, https:\/\/i0.wp.com\/casadecampoliving.com\/wp-content\/uploads\/2024\/11\/Saturday-Concert-Casa-de-Campo-50th-Kick-off-21.jpg?resize=400%2C267&amp;ssl=1 400w, https:\/\/i0.wp.com\/casadecampoliving.com\/wp-content\/uploads\/2024\/11\/Saturday-Concert-Casa-de-Campo-50th-Kick-off-21.jpg?resize=1320%2C880&amp;ssl=1 1320w, https:\/\/i0.wp.com\/casadecampoliving.com\/wp-content\/uploads\/2024\/11\/Saturday-Concert-Casa-de-Campo-50th-Kick-off-21.jpg?resize=150%2C100&amp;ssl=1 150w, https:\/\/i0.wp.com\/casadecampoliving.com\/wp-content\/uploads\/2024\/11\/Saturday-Concert-Casa-de-Campo-50th-Kick-off-21.jpg?w=370&amp;ssl=1 370w\" sizes=\"(max-width: 1000px) 100vw, 1000px\" \/><figcaption class=\"wp-block-jetpack-slideshow_caption gallery-caption\">Voices of our Generation Vol. 2<\/figcaption><\/figure><\/li><li class=\"wp-block-jetpack-slideshow_slide swiper-slide\"><figure><img data-recalc-dims=\"1\" loading=\"lazy\" decoding=\"async\" width=\"1333\" height=\"2000\" alt=\"\" class=\"wp-block-jetpack-slideshow_image wp-image-534328\" data-id=\"534328\" data-aspect-ratio=\"1333 \/ 2000\" src=\"https:\/\/i0.wp.com\/casadecampoliving.com\/wp-content\/uploads\/2024\/11\/Saturday-Concert-Casa-de-Campo-50th-Kick-off-4.jpg?resize=1333%2C2000&#038;ssl=1\" srcset=\"https:\/\/i0.wp.com\/casadecampoliving.com\/wp-content\/uploads\/2024\/11\/Saturday-Concert-Casa-de-Campo-50th-Kick-off-4.jpg?w=1333&amp;ssl=1 1333w, https:\/\/i0.wp.com\/casadecampoliving.com\/wp-content\/uploads\/2024\/11\/Saturday-Concert-Casa-de-Campo-50th-Kick-off-4.jpg?resize=200%2C300&amp;ssl=1 200w, https:\/\/i0.wp.com\/casadecampoliving.com\/wp-content\/uploads\/2024\/11\/Saturday-Concert-Casa-de-Campo-50th-Kick-off-4.jpg?resize=682%2C1024&amp;ssl=1 682w, https:\/\/i0.wp.com\/casadecampoliving.com\/wp-content\/uploads\/2024\/11\/Saturday-Concert-Casa-de-Campo-50th-Kick-off-4.jpg?resize=768%2C1152&amp;ssl=1 768w, https:\/\/i0.wp.com\/casadecampoliving.com\/wp-content\/uploads\/2024\/11\/Saturday-Concert-Casa-de-Campo-50th-Kick-off-4.jpg?resize=1024%2C1536&amp;ssl=1 1024w, https:\/\/i0.wp.com\/casadecampoliving.com\/wp-content\/uploads\/2024\/11\/Saturday-Concert-Casa-de-Campo-50th-Kick-off-4.jpg?resize=1200%2C1800&amp;ssl=1 1200w, https:\/\/i0.wp.com\/casadecampoliving.com\/wp-content\/uploads\/2024\/11\/Saturday-Concert-Casa-de-Campo-50th-Kick-off-4.jpg?resize=400%2C600&amp;ssl=1 400w, https:\/\/i0.wp.com\/casadecampoliving.com\/wp-content\/uploads\/2024\/11\/Saturday-Concert-Casa-de-Campo-50th-Kick-off-4.jpg?resize=1320%2C1980&amp;ssl=1 1320w, https:\/\/i0.wp.com\/casadecampoliving.com\/wp-content\/uploads\/2024\/11\/Saturday-Concert-Casa-de-Campo-50th-Kick-off-4.jpg?resize=150%2C225&amp;ssl=1 150w, https:\/\/i0.wp.com\/casadecampoliving.com\/wp-content\/uploads\/2024\/11\/Saturday-Concert-Casa-de-Campo-50th-Kick-off-4.jpg?w=370&amp;ssl=1 370w\" sizes=\"(max-width: 1000px) 100vw, 1000px\" \/><figcaption class=\"wp-block-jetpack-slideshow_caption gallery-caption\">Voices of our Generation Vol. 2<\/figcaption><\/figure><\/li><li class=\"wp-block-jetpack-slideshow_slide swiper-slide\"><figure><img data-recalc-dims=\"1\" loading=\"lazy\" decoding=\"async\" width=\"2000\" height=\"1333\" alt=\"\" class=\"wp-block-jetpack-slideshow_image wp-image-534340\" data-id=\"534340\" data-aspect-ratio=\"2000 \/ 1333\" src=\"https:\/\/i0.wp.com\/casadecampoliving.com\/wp-content\/uploads\/2024\/11\/Saturday-Concert-Casa-de-Campo-50th-Kick-off-3.jpg?resize=2000%2C1333&#038;ssl=1\" srcset=\"https:\/\/i0.wp.com\/casadecampoliving.com\/wp-content\/uploads\/2024\/11\/Saturday-Concert-Casa-de-Campo-50th-Kick-off-3.jpg?w=2000&amp;ssl=1 2000w, https:\/\/i0.wp.com\/casadecampoliving.com\/wp-content\/uploads\/2024\/11\/Saturday-Concert-Casa-de-Campo-50th-Kick-off-3.jpg?resize=300%2C200&amp;ssl=1 300w, https:\/\/i0.wp.com\/casadecampoliving.com\/wp-content\/uploads\/2024\/11\/Saturday-Concert-Casa-de-Campo-50th-Kick-off-3.jpg?resize=1024%2C682&amp;ssl=1 1024w, https:\/\/i0.wp.com\/casadecampoliving.com\/wp-content\/uploads\/2024\/11\/Saturday-Concert-Casa-de-Campo-50th-Kick-off-3.jpg?resize=768%2C512&amp;ssl=1 768w, https:\/\/i0.wp.com\/casadecampoliving.com\/wp-content\/uploads\/2024\/11\/Saturday-Concert-Casa-de-Campo-50th-Kick-off-3.jpg?resize=1536%2C1024&amp;ssl=1 1536w, https:\/\/i0.wp.com\/casadecampoliving.com\/wp-content\/uploads\/2024\/11\/Saturday-Concert-Casa-de-Campo-50th-Kick-off-3.jpg?resize=1200%2C800&amp;ssl=1 1200w, https:\/\/i0.wp.com\/casadecampoliving.com\/wp-content\/uploads\/2024\/11\/Saturday-Concert-Casa-de-Campo-50th-Kick-off-3.jpg?resize=1568%2C1045&amp;ssl=1 1568w, https:\/\/i0.wp.com\/casadecampoliving.com\/wp-content\/uploads\/2024\/11\/Saturday-Concert-Casa-de-Campo-50th-Kick-off-3.jpg?resize=400%2C267&amp;ssl=1 400w, https:\/\/i0.wp.com\/casadecampoliving.com\/wp-content\/uploads\/2024\/11\/Saturday-Concert-Casa-de-Campo-50th-Kick-off-3.jpg?resize=1320%2C880&amp;ssl=1 1320w, https:\/\/i0.wp.com\/casadecampoliving.com\/wp-content\/uploads\/2024\/11\/Saturday-Concert-Casa-de-Campo-50th-Kick-off-3.jpg?resize=150%2C100&amp;ssl=1 150w, https:\/\/i0.wp.com\/casadecampoliving.com\/wp-content\/uploads\/2024\/11\/Saturday-Concert-Casa-de-Campo-50th-Kick-off-3.jpg?w=370&amp;ssl=1 370w\" sizes=\"(max-width: 1000px) 100vw, 1000px\" \/><figcaption class=\"wp-block-jetpack-slideshow_caption gallery-caption\">Voices of our Generation Vol. 2<\/figcaption><\/figure><\/li><li class=\"wp-block-jetpack-slideshow_slide swiper-slide\"><figure><img data-recalc-dims=\"1\" loading=\"lazy\" decoding=\"async\" width=\"1333\" height=\"2000\" alt=\"\" class=\"wp-block-jetpack-slideshow_image wp-image-534322\" data-id=\"534322\" data-aspect-ratio=\"1333 \/ 2000\" src=\"https:\/\/i0.wp.com\/casadecampoliving.com\/wp-content\/uploads\/2024\/11\/Saturday-Concert-Casa-de-Campo-50th-Kick-off-2.jpg?resize=1333%2C2000&#038;ssl=1\" srcset=\"https:\/\/i0.wp.com\/casadecampoliving.com\/wp-content\/uploads\/2024\/11\/Saturday-Concert-Casa-de-Campo-50th-Kick-off-2.jpg?w=1333&amp;ssl=1 1333w, https:\/\/i0.wp.com\/casadecampoliving.com\/wp-content\/uploads\/2024\/11\/Saturday-Concert-Casa-de-Campo-50th-Kick-off-2.jpg?resize=200%2C300&amp;ssl=1 200w, https:\/\/i0.wp.com\/casadecampoliving.com\/wp-content\/uploads\/2024\/11\/Saturday-Concert-Casa-de-Campo-50th-Kick-off-2.jpg?resize=682%2C1024&amp;ssl=1 682w, https:\/\/i0.wp.com\/casadecampoliving.com\/wp-content\/uploads\/2024\/11\/Saturday-Concert-Casa-de-Campo-50th-Kick-off-2.jpg?resize=768%2C1152&amp;ssl=1 768w, https:\/\/i0.wp.com\/casadecampoliving.com\/wp-content\/uploads\/2024\/11\/Saturday-Concert-Casa-de-Campo-50th-Kick-off-2.jpg?resize=1024%2C1536&amp;ssl=1 1024w, https:\/\/i0.wp.com\/casadecampoliving.com\/wp-content\/uploads\/2024\/11\/Saturday-Concert-Casa-de-Campo-50th-Kick-off-2.jpg?resize=1200%2C1800&amp;ssl=1 1200w, https:\/\/i0.wp.com\/casadecampoliving.com\/wp-content\/uploads\/2024\/11\/Saturday-Concert-Casa-de-Campo-50th-Kick-off-2.jpg?resize=400%2C600&amp;ssl=1 400w, https:\/\/i0.wp.com\/casadecampoliving.com\/wp-content\/uploads\/2024\/11\/Saturday-Concert-Casa-de-Campo-50th-Kick-off-2.jpg?resize=1320%2C1980&amp;ssl=1 1320w, https:\/\/i0.wp.com\/casadecampoliving.com\/wp-content\/uploads\/2024\/11\/Saturday-Concert-Casa-de-Campo-50th-Kick-off-2.jpg?resize=150%2C225&amp;ssl=1 150w, https:\/\/i0.wp.com\/casadecampoliving.com\/wp-content\/uploads\/2024\/11\/Saturday-Concert-Casa-de-Campo-50th-Kick-off-2.jpg?w=370&amp;ssl=1 370w\" sizes=\"(max-width: 1000px) 100vw, 1000px\" \/><figcaption class=\"wp-block-jetpack-slideshow_caption gallery-caption\">Voices of our Generation Vol. 2<\/figcaption><\/figure><\/li><li class=\"wp-block-jetpack-slideshow_slide swiper-slide\"><figure><img data-recalc-dims=\"1\" loading=\"lazy\" decoding=\"async\" width=\"2000\" height=\"1333\" alt=\"\" class=\"wp-block-jetpack-slideshow_image wp-image-534342\" data-id=\"534342\" data-aspect-ratio=\"2000 \/ 1333\" src=\"https:\/\/i0.wp.com\/casadecampoliving.com\/wp-content\/uploads\/2024\/11\/Saturday-Concert-Casa-de-Campo-50th-Kick-off-1.jpg?resize=2000%2C1333&#038;ssl=1\" srcset=\"https:\/\/i0.wp.com\/casadecampoliving.com\/wp-content\/uploads\/2024\/11\/Saturday-Concert-Casa-de-Campo-50th-Kick-off-1.jpg?w=2000&amp;ssl=1 2000w, https:\/\/i0.wp.com\/casadecampoliving.com\/wp-content\/uploads\/2024\/11\/Saturday-Concert-Casa-de-Campo-50th-Kick-off-1.jpg?resize=300%2C200&amp;ssl=1 300w, https:\/\/i0.wp.com\/casadecampoliving.com\/wp-content\/uploads\/2024\/11\/Saturday-Concert-Casa-de-Campo-50th-Kick-off-1.jpg?resize=1024%2C682&amp;ssl=1 1024w, https:\/\/i0.wp.com\/casadecampoliving.com\/wp-content\/uploads\/2024\/11\/Saturday-Concert-Casa-de-Campo-50th-Kick-off-1.jpg?resize=768%2C512&amp;ssl=1 768w, https:\/\/i0.wp.com\/casadecampoliving.com\/wp-content\/uploads\/2024\/11\/Saturday-Concert-Casa-de-Campo-50th-Kick-off-1.jpg?resize=1536%2C1024&amp;ssl=1 1536w, https:\/\/i0.wp.com\/casadecampoliving.com\/wp-content\/uploads\/2024\/11\/Saturday-Concert-Casa-de-Campo-50th-Kick-off-1.jpg?resize=1200%2C800&amp;ssl=1 1200w, https:\/\/i0.wp.com\/casadecampoliving.com\/wp-content\/uploads\/2024\/11\/Saturday-Concert-Casa-de-Campo-50th-Kick-off-1.jpg?resize=1568%2C1045&amp;ssl=1 1568w, https:\/\/i0.wp.com\/casadecampoliving.com\/wp-content\/uploads\/2024\/11\/Saturday-Concert-Casa-de-Campo-50th-Kick-off-1.jpg?resize=400%2C267&amp;ssl=1 400w, https:\/\/i0.wp.com\/casadecampoliving.com\/wp-content\/uploads\/2024\/11\/Saturday-Concert-Casa-de-Campo-50th-Kick-off-1.jpg?resize=1320%2C880&amp;ssl=1 1320w, https:\/\/i0.wp.com\/casadecampoliving.com\/wp-content\/uploads\/2024\/11\/Saturday-Concert-Casa-de-Campo-50th-Kick-off-1.jpg?resize=150%2C100&amp;ssl=1 150w, https:\/\/i0.wp.com\/casadecampoliving.com\/wp-content\/uploads\/2024\/11\/Saturday-Concert-Casa-de-Campo-50th-Kick-off-1.jpg?w=370&amp;ssl=1 370w\" sizes=\"(max-width: 1000px) 100vw, 1000px\" \/><figcaption class=\"wp-block-jetpack-slideshow_caption gallery-caption\">Voices of our Generation Vol. 2<\/figcaption><\/figure><\/li><\/ul><a class=\"wp-block-jetpack-slideshow_button-prev swiper-button-prev swiper-button-white\" role=\"button\"><\/a><a class=\"wp-block-jetpack-slideshow_button-next swiper-button-next swiper-button-white\" role=\"button\"><\/a><a aria-label=\"Pause Slideshow\" class=\"wp-block-jetpack-slideshow_button-pause\" role=\"button\"><\/a><div class=\"wp-block-jetpack-slideshow_pagination swiper-pagination swiper-pagination-white\"><\/div><\/div><\/div>\n\n\n\n<h2 class=\"wp-block-heading\">Por Qu\u00e9 No Te Lo Puedes Perder<\/h2>\n\n\n\n<p>Esto no es solo un concierto. Es una celebraci\u00f3n de cinco d\u00e9cadas de lujo, cultura y experiencias inolvidables. Desde ritmos latinos hasta rock cl\u00e1sico, este cartel est\u00e1 dise\u00f1ado para poner a todos de pie. El impresionante anfiteatro de Altos de Chav\u00f3n ofrece vistas espectaculares que convierten cada canci\u00f3n en un recuerdo.<\/p>\n\n\n\n<p>Ya sea bailando al ritmo del merengue de Milly Quezada, cantando los \u00e9xitos pop de Lasso o reviviendo momentos nost\u00e1lgicos con Skip Martin y Tommy DeCarlo, la noche promete ser tan memorable como Casa de Campo.<\/p>\n\n\n\n<p>Las entradas est\u00e1n disponibles <a href=\"https:\/\/uepatickets.com\/tickets\/es\/entradas-musica-voices-3\">aqu\u00ed.<\/a><\/p>\n\n\n<div class=\"wp-block-image\">\n<figure class=\"aligncenter size-large\"><img data-recalc-dims=\"1\" loading=\"lazy\" decoding=\"async\" width=\"1024\" height=\"1024\" src=\"https:\/\/i0.wp.com\/casadecampoliving.com\/wp-content\/uploads\/2025\/09\/Voices-of-Our-Generation-Vol.-3-returns-to-Altos-de-ChavonThe-celebration-continues-One-of-the.jpg?resize=1024%2C1024&#038;ssl=1\" alt=\"\" class=\"wp-image-543985\" srcset=\"https:\/\/i0.wp.com\/casadecampoliving.com\/wp-content\/uploads\/2025\/09\/Voices-of-Our-Generation-Vol.-3-returns-to-Altos-de-ChavonThe-celebration-continues-One-of-the.jpg?resize=1024%2C1024&amp;ssl=1 1024w, https:\/\/i0.wp.com\/casadecampoliving.com\/wp-content\/uploads\/2025\/09\/Voices-of-Our-Generation-Vol.-3-returns-to-Altos-de-ChavonThe-celebration-continues-One-of-the.jpg?resize=300%2C300&amp;ssl=1 300w, https:\/\/i0.wp.com\/casadecampoliving.com\/wp-content\/uploads\/2025\/09\/Voices-of-Our-Generation-Vol.-3-returns-to-Altos-de-ChavonThe-celebration-continues-One-of-the.jpg?resize=150%2C150&amp;ssl=1 150w, https:\/\/i0.wp.com\/casadecampoliving.com\/wp-content\/uploads\/2025\/09\/Voices-of-Our-Generation-Vol.-3-returns-to-Altos-de-ChavonThe-celebration-continues-One-of-the.jpg?resize=768%2C768&amp;ssl=1 768w, https:\/\/i0.wp.com\/casadecampoliving.com\/wp-content\/uploads\/2025\/09\/Voices-of-Our-Generation-Vol.-3-returns-to-Altos-de-ChavonThe-celebration-continues-One-of-the.jpg?resize=800%2C800&amp;ssl=1 800w, https:\/\/i0.wp.com\/casadecampoliving.com\/wp-content\/uploads\/2025\/09\/Voices-of-Our-Generation-Vol.-3-returns-to-Altos-de-ChavonThe-celebration-continues-One-of-the.jpg?resize=600%2C600&amp;ssl=1 600w, https:\/\/i0.wp.com\/casadecampoliving.com\/wp-content\/uploads\/2025\/09\/Voices-of-Our-Generation-Vol.-3-returns-to-Altos-de-ChavonThe-celebration-continues-One-of-the.jpg?resize=400%2C400&amp;ssl=1 400w, https:\/\/i0.wp.com\/casadecampoliving.com\/wp-content\/uploads\/2025\/09\/Voices-of-Our-Generation-Vol.-3-returns-to-Altos-de-ChavonThe-celebration-continues-One-of-the.jpg?resize=200%2C200&amp;ssl=1 200w, https:\/\/i0.wp.com\/casadecampoliving.com\/wp-content\/uploads\/2025\/09\/Voices-of-Our-Generation-Vol.-3-returns-to-Altos-de-ChavonThe-celebration-continues-One-of-the.jpg?resize=780%2C780&amp;ssl=1 780w, https:\/\/i0.wp.com\/casadecampoliving.com\/wp-content\/uploads\/2025\/09\/Voices-of-Our-Generation-Vol.-3-returns-to-Altos-de-ChavonThe-celebration-continues-One-of-the.jpg?resize=96%2C96&amp;ssl=1 96w, https:\/\/i0.wp.com\/casadecampoliving.com\/wp-content\/uploads\/2025\/09\/Voices-of-Our-Generation-Vol.-3-returns-to-Altos-de-ChavonThe-celebration-continues-One-of-the.jpg?w=1080&amp;ssl=1 1080w, https:\/\/i0.wp.com\/casadecampoliving.com\/wp-content\/uploads\/2025\/09\/Voices-of-Our-Generation-Vol.-3-returns-to-Altos-de-ChavonThe-celebration-continues-One-of-the-1024x1024.jpg?w=370&amp;ssl=1 370w\" sizes=\"auto, (max-width: 1000px) 100vw, 1000px\" \/><\/figure>\n<\/div>","protected":false},"excerpt":{"rendered":"<p>Casa de Campo Resort &amp; Villas celebra 50 a\u00f1os, y \u00bfqu\u00e9 mejor manera de hacerlo que con Voices of Our Generation, Volumen 3? La ic\u00f3nica serie de conciertos regresa al anfiteatro de Altos de Chav\u00f3n el 1 de noviembre de 2025, reuniendo a leyendas de la m\u00fasica y nuevas estrellas para una noche inolvidable bajo [&hellip;]<\/p>\n","protected":false},"author":36682,"featured_media":534350,"comment_status":"closed","ping_status":"closed","sticky":false,"template":"","format":"standard","meta":{"newspack_ads_suppress_ads":false,"newspack_popups_has_disabled_popups":false,"newspack_sponsor_sponsorship_scope":"","newspack_sponsor_native_byline_display":"inherit","newspack_sponsor_native_category_display":"inherit","newspack_sponsor_underwriter_style":"inherit","newspack_sponsor_underwriter_placement":"inherit","_newspack_byline_active":false,"_newspack_byline":"","newspack_hide_updated_date":false,"newspack_show_updated_date":false,"newspack_content_restriction_is_exempt":false,"newspack_featured_image_position":"large","newspack_post_subtitle":"Del merengue al pop-rock, disfruta de presentaciones ic\u00f3nicas en Casa de Campo el 1 de noviembre de 2025","newspack_article_summary_title":"Overview:","newspack_article_summary":"","_jetpack_memberships_contains_paid_content":false,"footnotes":"","jetpack_publicize_message":"","jetpack_publicize_feature_enabled":true,"jetpack_social_post_already_shared":false,"jetpack_social_options":{"image_generator_settings":{"template":"highway","default_image_id":0,"font":"","enabled":false},"version":2},"_wpas_customize_per_network":false},"categories":[24554,2518,14631],"tags":[3626,27876,2963,14736],"newspack_spnsrs_tax":[],"class_list":["post-546275","post","type-post","status-publish","format-standard","has-post-thumbnail","hentry","category-comunidad","category-conciertos-es","category-estilo-de-vida","tag-casa-de-campo-es","tag-communidad-de-casa-de-campo","tag-concierto","tag-featured-topview-es","entry"],"yoast_head":"<!-- This site is optimized with the Yoast SEO plugin v27.4 - https:\/\/yoast.com\/product\/yoast-seo-wordpress\/ -->\n<title>Voices of Our Generation Regresa a Altos de Chav\u00f3n con un Cartel de Estrellas | Casa de Campo Living<\/title>\n<meta name=\"description\" content=\"Casa de Campo Resort &amp; Villas celebra 50 a\u00f1os, y \u00bfqu\u00e9 mejor manera de hacerlo que con Voices of Our Generation, Volumen 3? La ic\u00f3nica serie de\" \/>\n<meta name=\"robots\" content=\"index, follow, max-snippet:-1, max-image-preview:large, max-video-preview:-1\" \/>\n<link rel=\"canonical\" href=\"https:\/\/casadecampoliving.com\/es\/voices-of-our-generation-regresa-a-altos-de-chavon-con-un-cartel-de-estrellas\/\" \/>\n<meta property=\"og:locale\" content=\"es_ES\" \/>\n<meta property=\"og:type\" content=\"article\" \/>\n<meta property=\"og:title\" content=\"Voices of Our Generation Regresa a Altos de Chav\u00f3n con un Cartel de Estrellas | Casa de Campo Living\" \/>\n<meta property=\"og:description\" content=\"Casa de Campo Resort &amp; Villas celebra 50 a\u00f1os, y \u00bfqu\u00e9 mejor manera de hacerlo que con Voices of Our Generation, Volumen 3? La ic\u00f3nica serie de\" \/>\n<meta property=\"og:url\" content=\"https:\/\/casadecampoliving.com\/es\/voices-of-our-generation-regresa-a-altos-de-chavon-con-un-cartel-de-estrellas\/\" \/>\n<meta property=\"og:site_name\" content=\"Casa de Campo Living\" \/>\n<meta property=\"article:publisher\" content=\"https:\/\/www.facebook.com\/casadecampoliving\" \/>\n<meta property=\"article:published_time\" content=\"2025-09-16T20:57:03+00:00\" \/>\n<meta property=\"article:modified_time\" content=\"2025-12-16T02:59:26+00:00\" \/>\n<meta property=\"og:image\" content=\"https:\/\/casadecampoliving.com\/wp-content\/uploads\/2024\/11\/FN3A0942-scaled.jpg\" \/>\n\t<meta property=\"og:image:width\" content=\"2560\" \/>\n\t<meta property=\"og:image:height\" content=\"1706\" \/>\n\t<meta property=\"og:image:type\" content=\"image\/jpeg\" \/>\n<meta name=\"author\" content=\"Marlenys Guzm\u00e1n Casta\u00f1os\" \/>\n<meta name=\"twitter:card\" content=\"summary_large_image\" \/>\n<meta name=\"twitter:creator\" content=\"@cdcliving\" \/>\n<meta name=\"twitter:site\" content=\"@cdcliving\" \/>\n<meta name=\"twitter:label1\" content=\"Escrito por\" \/>\n\t<meta name=\"twitter:data1\" content=\"Marlenys Guzm\u00e1n Casta\u00f1os\" \/>\n\t<meta name=\"twitter:label2\" content=\"Tiempo de lectura\" \/>\n\t<meta name=\"twitter:data2\" content=\"18 minutos\" \/>\n<script type=\"application\/ld+json\" class=\"yoast-schema-graph\">{\"@context\":\"https:\\\/\\\/schema.org\",\"@graph\":[{\"@type\":\"Article\",\"@id\":\"https:\\\/\\\/casadecampoliving.com\\\/es\\\/voices-of-our-generation-regresa-a-altos-de-chavon-con-un-cartel-de-estrellas\\\/#article\",\"isPartOf\":{\"@id\":\"https:\\\/\\\/casadecampoliving.com\\\/es\\\/voices-of-our-generation-regresa-a-altos-de-chavon-con-un-cartel-de-estrellas\\\/\"},\"author\":{\"name\":\"Marlenys Guzm\u00e1n Casta\u00f1os\",\"@id\":\"https:\\\/\\\/casadecampoliving.com\\\/es\\\/#\\\/schema\\\/person\\\/b6606bd87f9cec8f5903e2141cafda24\"},\"headline\":\"Voices of Our Generation Regresa a Altos de Chav\u00f3n con un Cartel de Estrellas\",\"datePublished\":\"2025-09-16T20:57:03+00:00\",\"dateModified\":\"2025-12-16T02:59:26+00:00\",\"mainEntityOfPage\":{\"@id\":\"https:\\\/\\\/casadecampoliving.com\\\/es\\\/voices-of-our-generation-regresa-a-altos-de-chavon-con-un-cartel-de-estrellas\\\/\"},\"wordCount\":837,\"publisher\":{\"@id\":\"https:\\\/\\\/casadecampoliving.com\\\/es\\\/#organization\"},\"image\":{\"@id\":\"https:\\\/\\\/casadecampoliving.com\\\/es\\\/voices-of-our-generation-regresa-a-altos-de-chavon-con-un-cartel-de-estrellas\\\/#primaryimage\"},\"thumbnailUrl\":\"https:\\\/\\\/i0.wp.com\\\/casadecampoliving.com\\\/wp-content\\\/uploads\\\/2024\\\/11\\\/FN3A0942-scaled.jpg?fit=2560%2C1706&ssl=1\",\"keywords\":[\"casa de campo @es\",\"communidad de casa de campo\",\"concierto\",\"Featured-TopView @es\"],\"articleSection\":[\"Comunidad\",\"Conciertos\",\"Estilo de Vida\"],\"inLanguage\":\"es\"},{\"@type\":\"WebPage\",\"@id\":\"https:\\\/\\\/casadecampoliving.com\\\/es\\\/voices-of-our-generation-regresa-a-altos-de-chavon-con-un-cartel-de-estrellas\\\/\",\"url\":\"https:\\\/\\\/casadecampoliving.com\\\/es\\\/voices-of-our-generation-regresa-a-altos-de-chavon-con-un-cartel-de-estrellas\\\/\",\"name\":\"Voices of Our Generation Regresa a Altos de Chav\u00f3n con un Cartel de Estrellas | Casa de Campo Living\",\"isPartOf\":{\"@id\":\"https:\\\/\\\/casadecampoliving.com\\\/es\\\/#website\"},\"primaryImageOfPage\":{\"@id\":\"https:\\\/\\\/casadecampoliving.com\\\/es\\\/voices-of-our-generation-regresa-a-altos-de-chavon-con-un-cartel-de-estrellas\\\/#primaryimage\"},\"image\":{\"@id\":\"https:\\\/\\\/casadecampoliving.com\\\/es\\\/voices-of-our-generation-regresa-a-altos-de-chavon-con-un-cartel-de-estrellas\\\/#primaryimage\"},\"thumbnailUrl\":\"https:\\\/\\\/i0.wp.com\\\/casadecampoliving.com\\\/wp-content\\\/uploads\\\/2024\\\/11\\\/FN3A0942-scaled.jpg?fit=2560%2C1706&ssl=1\",\"datePublished\":\"2025-09-16T20:57:03+00:00\",\"dateModified\":\"2025-12-16T02:59:26+00:00\",\"description\":\"Casa de Campo Resort &amp; Villas celebra 50 a\u00f1os, y \u00bfqu\u00e9 mejor manera de hacerlo que con Voices of Our Generation, Volumen 3? La ic\u00f3nica serie de\",\"breadcrumb\":{\"@id\":\"https:\\\/\\\/casadecampoliving.com\\\/es\\\/voices-of-our-generation-regresa-a-altos-de-chavon-con-un-cartel-de-estrellas\\\/#breadcrumb\"},\"inLanguage\":\"es\",\"potentialAction\":[{\"@type\":\"ReadAction\",\"target\":[\"https:\\\/\\\/casadecampoliving.com\\\/es\\\/voices-of-our-generation-regresa-a-altos-de-chavon-con-un-cartel-de-estrellas\\\/\"]}]},{\"@type\":\"ImageObject\",\"inLanguage\":\"es\",\"@id\":\"https:\\\/\\\/casadecampoliving.com\\\/es\\\/voices-of-our-generation-regresa-a-altos-de-chavon-con-un-cartel-de-estrellas\\\/#primaryimage\",\"url\":\"https:\\\/\\\/i0.wp.com\\\/casadecampoliving.com\\\/wp-content\\\/uploads\\\/2024\\\/11\\\/FN3A0942-scaled.jpg?fit=2560%2C1706&ssl=1\",\"contentUrl\":\"https:\\\/\\\/i0.wp.com\\\/casadecampoliving.com\\\/wp-content\\\/uploads\\\/2024\\\/11\\\/FN3A0942-scaled.jpg?fit=2560%2C1706&ssl=1\",\"width\":2560,\"height\":1706,\"caption\":\"Voices Of Our Generation 2024\"},{\"@type\":\"BreadcrumbList\",\"@id\":\"https:\\\/\\\/casadecampoliving.com\\\/es\\\/voices-of-our-generation-regresa-a-altos-de-chavon-con-un-cartel-de-estrellas\\\/#breadcrumb\",\"itemListElement\":[{\"@type\":\"ListItem\",\"position\":1,\"name\":\"Home\",\"item\":\"https:\\\/\\\/casadecampoliving.com\\\/es\\\/\"},{\"@type\":\"ListItem\",\"position\":2,\"name\":\"Voices of Our Generation Regresa a Altos de Chav\u00f3n con un Cartel de Estrellas\"}]},{\"@type\":\"WebSite\",\"@id\":\"https:\\\/\\\/casadecampoliving.com\\\/es\\\/#website\",\"url\":\"https:\\\/\\\/casadecampoliving.com\\\/es\\\/\",\"name\":\"Casa de Campo Living\",\"description\":\"Resort community news and resources.\",\"publisher\":{\"@id\":\"https:\\\/\\\/casadecampoliving.com\\\/es\\\/#organization\"},\"potentialAction\":[{\"@type\":\"SearchAction\",\"target\":{\"@type\":\"EntryPoint\",\"urlTemplate\":\"https:\\\/\\\/casadecampoliving.com\\\/es\\\/?s={search_term_string}\"},\"query-input\":{\"@type\":\"PropertyValueSpecification\",\"valueRequired\":true,\"valueName\":\"search_term_string\"}}],\"inLanguage\":\"es\"},{\"@type\":\"Organization\",\"@id\":\"https:\\\/\\\/casadecampoliving.com\\\/es\\\/#organization\",\"name\":\"Casa de Campo Living\",\"url\":\"https:\\\/\\\/casadecampoliving.com\\\/es\\\/\",\"logo\":{\"@type\":\"ImageObject\",\"inLanguage\":\"es\",\"@id\":\"https:\\\/\\\/casadecampoliving.com\\\/es\\\/#\\\/schema\\\/logo\\\/image\\\/\",\"url\":\"https:\\\/\\\/i0.wp.com\\\/casadecampoliving.com\\\/wp-content\\\/uploads\\\/2022\\\/07\\\/CDCLivingLogo_V1-white-sized.png?fit=800%2C214&ssl=1\",\"contentUrl\":\"https:\\\/\\\/i0.wp.com\\\/casadecampoliving.com\\\/wp-content\\\/uploads\\\/2022\\\/07\\\/CDCLivingLogo_V1-white-sized.png?fit=800%2C214&ssl=1\",\"width\":800,\"height\":214,\"caption\":\"Casa de Campo Living\"},\"image\":{\"@id\":\"https:\\\/\\\/casadecampoliving.com\\\/es\\\/#\\\/schema\\\/logo\\\/image\\\/\"},\"sameAs\":[\"https:\\\/\\\/www.facebook.com\\\/casadecampoliving\",\"https:\\\/\\\/x.com\\\/cdcliving\"]},{\"@type\":\"Person\",\"@id\":\"https:\\\/\\\/casadecampoliving.com\\\/es\\\/#\\\/schema\\\/person\\\/b6606bd87f9cec8f5903e2141cafda24\",\"name\":\"Marlenys Guzm\u00e1n Casta\u00f1os\",\"image\":{\"@type\":\"ImageObject\",\"inLanguage\":\"es\",\"@id\":\"https:\\\/\\\/secure.gravatar.com\\\/avatar\\\/72f3f86b8e6b3ec744201aeadf11d4a6055e8af194aecd9ad30ffff4437878ee?s=96&d=mm&r=g\",\"url\":\"https:\\\/\\\/secure.gravatar.com\\\/avatar\\\/72f3f86b8e6b3ec744201aeadf11d4a6055e8af194aecd9ad30ffff4437878ee?s=96&d=mm&r=g\",\"contentUrl\":\"https:\\\/\\\/secure.gravatar.com\\\/avatar\\\/72f3f86b8e6b3ec744201aeadf11d4a6055e8af194aecd9ad30ffff4437878ee?s=96&d=mm&r=g\",\"caption\":\"Marlenys Guzm\u00e1n Casta\u00f1os\"},\"url\":\"https:\\\/\\\/casadecampoliving.com\\\/es\\\/author\\\/mguzman\\\/\"}]}<\/script>\n<!-- \/ Yoast SEO plugin. -->","yoast_head_json":{"title":"Voices of Our Generation Regresa a Altos de Chav\u00f3n con un Cartel de Estrellas | Casa de Campo Living","description":"Casa de Campo Resort &amp; Villas celebra 50 a\u00f1os, y \u00bfqu\u00e9 mejor manera de hacerlo que con Voices of Our Generation, Volumen 3? La ic\u00f3nica serie de","robots":{"index":"index","follow":"follow","max-snippet":"max-snippet:-1","max-image-preview":"max-image-preview:large","max-video-preview":"max-video-preview:-1"},"canonical":"https:\/\/casadecampoliving.com\/es\/voices-of-our-generation-regresa-a-altos-de-chavon-con-un-cartel-de-estrellas\/","og_locale":"es_ES","og_type":"article","og_title":"Voices of Our Generation Regresa a Altos de Chav\u00f3n con un Cartel de Estrellas | Casa de Campo Living","og_description":"Casa de Campo Resort &amp; Villas celebra 50 a\u00f1os, y \u00bfqu\u00e9 mejor manera de hacerlo que con Voices of Our Generation, Volumen 3? La ic\u00f3nica serie de","og_url":"https:\/\/casadecampoliving.com\/es\/voices-of-our-generation-regresa-a-altos-de-chavon-con-un-cartel-de-estrellas\/","og_site_name":"Casa de Campo Living","article_publisher":"https:\/\/www.facebook.com\/casadecampoliving","article_published_time":"2025-09-16T20:57:03+00:00","article_modified_time":"2025-12-16T02:59:26+00:00","og_image":[{"width":2560,"height":1706,"url":"https:\/\/casadecampoliving.com\/wp-content\/uploads\/2024\/11\/FN3A0942-scaled.jpg","type":"image\/jpeg"}],"author":"Marlenys Guzm\u00e1n Casta\u00f1os","twitter_card":"summary_large_image","twitter_creator":"@cdcliving","twitter_site":"@cdcliving","twitter_misc":{"Escrito por":"Marlenys Guzm\u00e1n Casta\u00f1os","Tiempo de lectura":"18 minutos"},"schema":{"@context":"https:\/\/schema.org","@graph":[{"@type":"Article","@id":"https:\/\/casadecampoliving.com\/es\/voices-of-our-generation-regresa-a-altos-de-chavon-con-un-cartel-de-estrellas\/#article","isPartOf":{"@id":"https:\/\/casadecampoliving.com\/es\/voices-of-our-generation-regresa-a-altos-de-chavon-con-un-cartel-de-estrellas\/"},"author":{"name":"Marlenys Guzm\u00e1n Casta\u00f1os","@id":"https:\/\/casadecampoliving.com\/es\/#\/schema\/person\/b6606bd87f9cec8f5903e2141cafda24"},"headline":"Voices of Our Generation Regresa a Altos de Chav\u00f3n con un Cartel de Estrellas","datePublished":"2025-09-16T20:57:03+00:00","dateModified":"2025-12-16T02:59:26+00:00","mainEntityOfPage":{"@id":"https:\/\/casadecampoliving.com\/es\/voices-of-our-generation-regresa-a-altos-de-chavon-con-un-cartel-de-estrellas\/"},"wordCount":837,"publisher":{"@id":"https:\/\/casadecampoliving.com\/es\/#organization"},"image":{"@id":"https:\/\/casadecampoliving.com\/es\/voices-of-our-generation-regresa-a-altos-de-chavon-con-un-cartel-de-estrellas\/#primaryimage"},"thumbnailUrl":"https:\/\/i0.wp.com\/casadecampoliving.com\/wp-content\/uploads\/2024\/11\/FN3A0942-scaled.jpg?fit=2560%2C1706&ssl=1","keywords":["casa de campo @es","communidad de casa de campo","concierto","Featured-TopView @es"],"articleSection":["Comunidad","Conciertos","Estilo de Vida"],"inLanguage":"es"},{"@type":"WebPage","@id":"https:\/\/casadecampoliving.com\/es\/voices-of-our-generation-regresa-a-altos-de-chavon-con-un-cartel-de-estrellas\/","url":"https:\/\/casadecampoliving.com\/es\/voices-of-our-generation-regresa-a-altos-de-chavon-con-un-cartel-de-estrellas\/","name":"Voices of Our Generation Regresa a Altos de Chav\u00f3n con un Cartel de Estrellas | Casa de Campo Living","isPartOf":{"@id":"https:\/\/casadecampoliving.com\/es\/#website"},"primaryImageOfPage":{"@id":"https:\/\/casadecampoliving.com\/es\/voices-of-our-generation-regresa-a-altos-de-chavon-con-un-cartel-de-estrellas\/#primaryimage"},"image":{"@id":"https:\/\/casadecampoliving.com\/es\/voices-of-our-generation-regresa-a-altos-de-chavon-con-un-cartel-de-estrellas\/#primaryimage"},"thumbnailUrl":"https:\/\/i0.wp.com\/casadecampoliving.com\/wp-content\/uploads\/2024\/11\/FN3A0942-scaled.jpg?fit=2560%2C1706&ssl=1","datePublished":"2025-09-16T20:57:03+00:00","dateModified":"2025-12-16T02:59:26+00:00","description":"Casa de Campo Resort &amp; Villas celebra 50 a\u00f1os, y \u00bfqu\u00e9 mejor manera de hacerlo que con Voices of Our Generation, Volumen 3? La ic\u00f3nica serie de","breadcrumb":{"@id":"https:\/\/casadecampoliving.com\/es\/voices-of-our-generation-regresa-a-altos-de-chavon-con-un-cartel-de-estrellas\/#breadcrumb"},"inLanguage":"es","potentialAction":[{"@type":"ReadAction","target":["https:\/\/casadecampoliving.com\/es\/voices-of-our-generation-regresa-a-altos-de-chavon-con-un-cartel-de-estrellas\/"]}]},{"@type":"ImageObject","inLanguage":"es","@id":"https:\/\/casadecampoliving.com\/es\/voices-of-our-generation-regresa-a-altos-de-chavon-con-un-cartel-de-estrellas\/#primaryimage","url":"https:\/\/i0.wp.com\/casadecampoliving.com\/wp-content\/uploads\/2024\/11\/FN3A0942-scaled.jpg?fit=2560%2C1706&ssl=1","contentUrl":"https:\/\/i0.wp.com\/casadecampoliving.com\/wp-content\/uploads\/2024\/11\/FN3A0942-scaled.jpg?fit=2560%2C1706&ssl=1","width":2560,"height":1706,"caption":"Voices Of Our Generation 2024"},{"@type":"BreadcrumbList","@id":"https:\/\/casadecampoliving.com\/es\/voices-of-our-generation-regresa-a-altos-de-chavon-con-un-cartel-de-estrellas\/#breadcrumb","itemListElement":[{"@type":"ListItem","position":1,"name":"Home","item":"https:\/\/casadecampoliving.com\/es\/"},{"@type":"ListItem","position":2,"name":"Voices of Our Generation Regresa a Altos de Chav\u00f3n con un Cartel de Estrellas"}]},{"@type":"WebSite","@id":"https:\/\/casadecampoliving.com\/es\/#website","url":"https:\/\/casadecampoliving.com\/es\/","name":"Casa de Campo Living","description":"Resort community news and resources.","publisher":{"@id":"https:\/\/casadecampoliving.com\/es\/#organization"},"potentialAction":[{"@type":"SearchAction","target":{"@type":"EntryPoint","urlTemplate":"https:\/\/casadecampoliving.com\/es\/?s={search_term_string}"},"query-input":{"@type":"PropertyValueSpecification","valueRequired":true,"valueName":"search_term_string"}}],"inLanguage":"es"},{"@type":"Organization","@id":"https:\/\/casadecampoliving.com\/es\/#organization","name":"Casa de Campo Living","url":"https:\/\/casadecampoliving.com\/es\/","logo":{"@type":"ImageObject","inLanguage":"es","@id":"https:\/\/casadecampoliving.com\/es\/#\/schema\/logo\/image\/","url":"https:\/\/i0.wp.com\/casadecampoliving.com\/wp-content\/uploads\/2022\/07\/CDCLivingLogo_V1-white-sized.png?fit=800%2C214&ssl=1","contentUrl":"https:\/\/i0.wp.com\/casadecampoliving.com\/wp-content\/uploads\/2022\/07\/CDCLivingLogo_V1-white-sized.png?fit=800%2C214&ssl=1","width":800,"height":214,"caption":"Casa de Campo Living"},"image":{"@id":"https:\/\/casadecampoliving.com\/es\/#\/schema\/logo\/image\/"},"sameAs":["https:\/\/www.facebook.com\/casadecampoliving","https:\/\/x.com\/cdcliving"]},{"@type":"Person","@id":"https:\/\/casadecampoliving.com\/es\/#\/schema\/person\/b6606bd87f9cec8f5903e2141cafda24","name":"Marlenys Guzm\u00e1n Casta\u00f1os","image":{"@type":"ImageObject","inLanguage":"es","@id":"https:\/\/secure.gravatar.com\/avatar\/72f3f86b8e6b3ec744201aeadf11d4a6055e8af194aecd9ad30ffff4437878ee?s=96&d=mm&r=g","url":"https:\/\/secure.gravatar.com\/avatar\/72f3f86b8e6b3ec744201aeadf11d4a6055e8af194aecd9ad30ffff4437878ee?s=96&d=mm&r=g","contentUrl":"https:\/\/secure.gravatar.com\/avatar\/72f3f86b8e6b3ec744201aeadf11d4a6055e8af194aecd9ad30ffff4437878ee?s=96&d=mm&r=g","caption":"Marlenys Guzm\u00e1n Casta\u00f1os"},"url":"https:\/\/casadecampoliving.com\/es\/author\/mguzman\/"}]}},"parsely":{"version":"1.1.0","canonical_url":"https:\/\/casadecampoliving.com\/es\/voices-of-our-generation-regresa-a-altos-de-chavon-con-un-cartel-de-estrellas\/","smart_links":{"inbound":0,"outbound":0},"traffic_boost_suggestions_count":0,"meta":{"@context":"https:\/\/schema.org","@type":"NewsArticle","headline":"Voices of Our Generation Regresa a Altos de Chav\u00f3n con un Cartel de Estrellas","url":"http:\/\/casadecampoliving.com\/es\/voices-of-our-generation-regresa-a-altos-de-chavon-con-un-cartel-de-estrellas\/","mainEntityOfPage":{"@type":"WebPage","@id":"http:\/\/casadecampoliving.com\/es\/voices-of-our-generation-regresa-a-altos-de-chavon-con-un-cartel-de-estrellas\/"},"thumbnailUrl":"https:\/\/i0.wp.com\/casadecampoliving.com\/wp-content\/uploads\/2024\/11\/FN3A0942-scaled.jpg?resize=150%2C150&ssl=1","image":{"@type":"ImageObject","url":"https:\/\/i0.wp.com\/casadecampoliving.com\/wp-content\/uploads\/2024\/11\/FN3A0942-scaled.jpg?fit=2560%2C1706&ssl=1"},"articleSection":"Comunidad","author":[{"@type":"Person","name":"Marlenys Guzm\u00e1n Casta\u00f1os"}],"creator":["Marlenys Guzm\u00e1n Casta\u00f1os"],"publisher":{"@type":"Organization","name":"Casa de Campo Living","logo":"https:\/\/casadecampoliving.com\/wp-content\/uploads\/2022\/07\/CDCLivingLogo_V1-white-sized.png"},"keywords":["casa de campo @es","communidad de casa de campo","concierto","featured-topview @es"],"dateCreated":"2025-09-16T20:57:03Z","datePublished":"2025-09-16T20:57:03Z","dateModified":"2025-12-16T02:59:26Z"},"rendered":"<script type=\"application\/ld+json\" class=\"wp-parsely-metadata\">{\"@context\":\"https:\\\/\\\/schema.org\",\"@type\":\"NewsArticle\",\"headline\":\"Voices of Our Generation Regresa a Altos de Chav\\u00f3n con un Cartel de Estrellas\",\"url\":\"http:\\\/\\\/casadecampoliving.com\\\/es\\\/voices-of-our-generation-regresa-a-altos-de-chavon-con-un-cartel-de-estrellas\\\/\",\"mainEntityOfPage\":{\"@type\":\"WebPage\",\"@id\":\"http:\\\/\\\/casadecampoliving.com\\\/es\\\/voices-of-our-generation-regresa-a-altos-de-chavon-con-un-cartel-de-estrellas\\\/\"},\"thumbnailUrl\":\"https:\\\/\\\/i0.wp.com\\\/casadecampoliving.com\\\/wp-content\\\/uploads\\\/2024\\\/11\\\/FN3A0942-scaled.jpg?resize=150%2C150&ssl=1\",\"image\":{\"@type\":\"ImageObject\",\"url\":\"https:\\\/\\\/i0.wp.com\\\/casadecampoliving.com\\\/wp-content\\\/uploads\\\/2024\\\/11\\\/FN3A0942-scaled.jpg?fit=2560%2C1706&ssl=1\"},\"articleSection\":\"Comunidad\",\"author\":[{\"@type\":\"Person\",\"name\":\"Marlenys Guzm\\u00e1n Casta\\u00f1os\"}],\"creator\":[\"Marlenys Guzm\\u00e1n Casta\\u00f1os\"],\"publisher\":{\"@type\":\"Organization\",\"name\":\"Casa de Campo Living\",\"logo\":\"https:\\\/\\\/casadecampoliving.com\\\/wp-content\\\/uploads\\\/2022\\\/07\\\/CDCLivingLogo_V1-white-sized.png\"},\"keywords\":[\"casa de campo @es\",\"communidad de casa de campo\",\"concierto\",\"featured-topview @es\"],\"dateCreated\":\"2025-09-16T20:57:03Z\",\"datePublished\":\"2025-09-16T20:57:03Z\",\"dateModified\":\"2025-12-16T02:59:26Z\"}<\/script>","tracker_url":"https:\/\/cdn.parsely.com\/keys\/casadecampoliving.com\/p.js"},"jetpack_publicize_connections":[],"jetpack_featured_media_url":"https:\/\/i0.wp.com\/casadecampoliving.com\/wp-content\/uploads\/2024\/11\/FN3A0942-scaled.jpg?fit=2560%2C1706&ssl=1","jetpack-related-posts":[{"id":433460,"url":"https:\/\/casadecampoliving.com\/es\/no-se-pierdan-el-increible-tributo-a-frank-sinatra-para-celebrar-el-40-aniversario-del-anfiteatro-altos-de-chavon\/","url_meta":{"origin":546275,"position":0},"title":"No se pierdan el incre\u00edble tributo a Frank Sinatra para celebrar el 40 aniversario del\u00a0Anfiteatro Altos de Chav\u00f3n","author":"Casa de Campo Living","date":"20 Oct, 2022","format":false,"excerpt":"Siendo uno de los escenarios m\u00e1s emblem\u00e1ticos del pa\u00eds, Casa de Campo Resort\u00ae & Villas celebra las cuatro d\u00e9cadas de aniversario de Altos de Chav\u00f3n con un tributo al gran Frank Sinatra, protagonizado por artistas invitados y una big band tal cual la que acompa\u00f1\u00f3 al artista hace 40 a\u00f1os\u2026","rel":"","context":"En \u00abUncategorized @es\u00bb","block_context":{"text":"Uncategorized @es","link":"https:\/\/casadecampoliving.com\/es\/category\/uncategorized-es\/"},"img":{"alt_text":"","src":"https:\/\/i0.wp.com\/casadecampoliving.com\/wp-content\/uploads\/2022\/10\/Tributo-Frank-Sinatra-Foto-Principal-Amaury-Sanchez-Danilo-Ginebra-Andres-Pichardo-y-Jose-Gabriel-Perez-.jpg?fit=1200%2C873&ssl=1&resize=350%2C200","width":350,"height":200,"srcset":"https:\/\/i0.wp.com\/casadecampoliving.com\/wp-content\/uploads\/2022\/10\/Tributo-Frank-Sinatra-Foto-Principal-Amaury-Sanchez-Danilo-Ginebra-Andres-Pichardo-y-Jose-Gabriel-Perez-.jpg?fit=1200%2C873&ssl=1&resize=350%2C200 1x, https:\/\/i0.wp.com\/casadecampoliving.com\/wp-content\/uploads\/2022\/10\/Tributo-Frank-Sinatra-Foto-Principal-Amaury-Sanchez-Danilo-Ginebra-Andres-Pichardo-y-Jose-Gabriel-Perez-.jpg?fit=1200%2C873&ssl=1&resize=525%2C300 1.5x, https:\/\/i0.wp.com\/casadecampoliving.com\/wp-content\/uploads\/2022\/10\/Tributo-Frank-Sinatra-Foto-Principal-Amaury-Sanchez-Danilo-Ginebra-Andres-Pichardo-y-Jose-Gabriel-Perez-.jpg?fit=1200%2C873&ssl=1&resize=700%2C400 2x, https:\/\/i0.wp.com\/casadecampoliving.com\/wp-content\/uploads\/2022\/10\/Tributo-Frank-Sinatra-Foto-Principal-Amaury-Sanchez-Danilo-Ginebra-Andres-Pichardo-y-Jose-Gabriel-Perez-.jpg?fit=1200%2C873&ssl=1&resize=1050%2C600 3x"},"classes":[]},{"id":353543,"url":"https:\/\/casadecampoliving.com\/es\/proximos-conciertos-en-casa-reo-speedwagon-asia-y-dj-steve-aoki\/","url_meta":{"origin":546275,"position":1},"title":"Pr\u00f3ximos conciertos en Casa: REO Speedwagon, Asia y DJ Steve Aoki","author":"Casa de Campo Living","date":"10 Sep, 2019","format":false,"excerpt":"\u00bfYa hab\u00edan escuchado? \u00a1Casa de Campo organizar\u00e1 dos incre\u00edbles conciertos de fin de a\u00f1o! En solo dos meses, el s\u00e1bado 2 de noviembre, los pioneros del rock REO Speedwagon, junto con el supergrupo Asia, actuar\u00e1n en el legendario anfiteatro de Altos de Chav\u00f3n, \u00a1seguido de una muy esperada actuaci\u00f3n de\u2026","rel":"","context":"En \u00abAltos de Chavon @es\u00bb","block_context":{"text":"Altos de Chavon @es","link":"https:\/\/casadecampoliving.com\/category\/altos-de-chavon-es\/"},"img":{"alt_text":"","src":"https:\/\/i0.wp.com\/casadecampoliving.com\/wp-content\/uploads\/2022\/10\/IMG_9841-1-2.jpg?fit=1000%2C603&ssl=1&resize=350%2C200","width":350,"height":200,"srcset":"https:\/\/i0.wp.com\/casadecampoliving.com\/wp-content\/uploads\/2022\/10\/IMG_9841-1-2.jpg?fit=1000%2C603&ssl=1&resize=350%2C200 1x, https:\/\/i0.wp.com\/casadecampoliving.com\/wp-content\/uploads\/2022\/10\/IMG_9841-1-2.jpg?fit=1000%2C603&ssl=1&resize=525%2C300 1.5x, https:\/\/i0.wp.com\/casadecampoliving.com\/wp-content\/uploads\/2022\/10\/IMG_9841-1-2.jpg?fit=1000%2C603&ssl=1&resize=700%2C400 2x"},"classes":[]},{"id":534352,"url":"https:\/\/casadecampoliving.com\/es\/casa-de-campo-celebra-su-50o-aniversario-con-una-espectacular-serie-de-conciertos\/","url_meta":{"origin":546275,"position":2},"title":"Casa de Campo Celebra su 50\u00ba Aniversario con una Espectacular Serie de Conciertos","author":"Casa de Campo Living","date":"28 Oct, 2024","format":false,"excerpt":"Casa de Campo Resort & Villas inaugur\u00f3 las festividades de su 50\u00ba aniversario con una alineaci\u00f3n inolvidable de conciertos y eventos exclusivos del 24 al 27 de octubre de 2024, celebrando cinco d\u00e9cadas de lujo y tradici\u00f3n. La celebraci\u00f3n comenz\u00f3 con la \u201cFiesta Dorada\u201d en Minitas Beach, una fiesta al\u2026","rel":"","context":"En \u00abAltos de Chav\u00f3n\u00bb","block_context":{"text":"Altos de Chav\u00f3n","link":"https:\/\/casadecampoliving.com\/es\/category\/altos-de-chavon-6\/"},"img":{"alt_text":"","src":"https:\/\/i0.wp.com\/casadecampoliving.com\/wp-content\/uploads\/2024\/11\/FN3A0942-scaled.jpg?fit=1200%2C800&ssl=1&resize=350%2C200","width":350,"height":200,"srcset":"https:\/\/i0.wp.com\/casadecampoliving.com\/wp-content\/uploads\/2024\/11\/FN3A0942-scaled.jpg?fit=1200%2C800&ssl=1&resize=350%2C200 1x, https:\/\/i0.wp.com\/casadecampoliving.com\/wp-content\/uploads\/2024\/11\/FN3A0942-scaled.jpg?fit=1200%2C800&ssl=1&resize=525%2C300 1.5x, https:\/\/i0.wp.com\/casadecampoliving.com\/wp-content\/uploads\/2024\/11\/FN3A0942-scaled.jpg?fit=1200%2C800&ssl=1&resize=700%2C400 2x, https:\/\/i0.wp.com\/casadecampoliving.com\/wp-content\/uploads\/2024\/11\/FN3A0942-scaled.jpg?fit=1200%2C800&ssl=1&resize=1050%2C600 3x"},"classes":[]},{"id":533545,"url":"https:\/\/casadecampoliving.com\/es\/star-studded-concert-series-kicks-off-casa-de-campos-50th-anniversary\/","url_meta":{"origin":546275,"position":3},"title":"Serie de Conciertos de Estrellas da Inicio al 50\u00ba Aniversario de Casa de Campo","author":"Casa de Campo Living","date":"30 Sep, 2024","format":false,"excerpt":"Casa de Campo Resort & Villas est\u00e1 listo para dar inicio a su celebraci\u00f3n del 50 aniversario con un emocionante evento de cuatro d\u00edas del 24 al 27 de octubre de 2024. Este gran inicio marca el comienzo de un a\u00f1o de conmemoraci\u00f3n del prestigioso legado del resort como un\u2026","rel":"","context":"En \u00abAltos de Chav\u00f3n\u00bb","block_context":{"text":"Altos de Chav\u00f3n","link":"https:\/\/casadecampoliving.com\/es\/category\/altos-de-chavon-6\/"},"img":{"alt_text":"","src":"https:\/\/i0.wp.com\/casadecampoliving.com\/wp-content\/uploads\/2024\/09\/Melinda-Nagy_concert-crowd_shutterstock_2182949725.jpg?fit=1200%2C855&ssl=1&resize=350%2C200","width":350,"height":200,"srcset":"https:\/\/i0.wp.com\/casadecampoliving.com\/wp-content\/uploads\/2024\/09\/Melinda-Nagy_concert-crowd_shutterstock_2182949725.jpg?fit=1200%2C855&ssl=1&resize=350%2C200 1x, https:\/\/i0.wp.com\/casadecampoliving.com\/wp-content\/uploads\/2024\/09\/Melinda-Nagy_concert-crowd_shutterstock_2182949725.jpg?fit=1200%2C855&ssl=1&resize=525%2C300 1.5x, https:\/\/i0.wp.com\/casadecampoliving.com\/wp-content\/uploads\/2024\/09\/Melinda-Nagy_concert-crowd_shutterstock_2182949725.jpg?fit=1200%2C855&ssl=1&resize=700%2C400 2x, https:\/\/i0.wp.com\/casadecampoliving.com\/wp-content\/uploads\/2024\/09\/Melinda-Nagy_concert-crowd_shutterstock_2182949725.jpg?fit=1200%2C855&ssl=1&resize=1050%2C600 3x"},"classes":[]},{"id":503010,"url":"https:\/\/casadecampoliving.com\/es\/unete-a-la-celebracion-concierto-de-wilfrido-vargas-este-sabado-en-altos-de-chavon\/","url_meta":{"origin":546275,"position":4},"title":"\u00a1\u00danete a la celebraci\u00f3n! \u00a1Concierto de Wilfrido Vargas ESTE s\u00e1bado en Altos de Chav\u00f3n!","author":"Casa de Campo Living","date":"2 Nov, 2022","format":false,"excerpt":"\u00bfEst\u00e1s listo para bailar un merengue realmente bueno? Bueno, si su respuesta es \u201cs\u00ed\u201d, entonces esperamos que pueda despejar sus agendas para este s\u00e1bado 5 de noviembre, los buenos tiempos comienzan en Altos de Chav\u00f3n con una \u201cfiesta del merengue\u201d con un concierto de Wilfrido Vargas celebrando la fiesta del\u2026","rel":"","context":"En \u00abConciertos\u00bb","block_context":{"text":"Conciertos","link":"https:\/\/casadecampoliving.com\/es\/category\/conciertos-es\/"},"img":{"alt_text":"","src":"https:\/\/i0.wp.com\/casadecampoliving.com\/wp-content\/uploads\/2022\/11\/Wilfrido-Vargas-Plaza-Chavon-scaled-e1667425437934.jpg?fit=1200%2C800&ssl=1&resize=350%2C200","width":350,"height":200,"srcset":"https:\/\/i0.wp.com\/casadecampoliving.com\/wp-content\/uploads\/2022\/11\/Wilfrido-Vargas-Plaza-Chavon-scaled-e1667425437934.jpg?fit=1200%2C800&ssl=1&resize=350%2C200 1x, https:\/\/i0.wp.com\/casadecampoliving.com\/wp-content\/uploads\/2022\/11\/Wilfrido-Vargas-Plaza-Chavon-scaled-e1667425437934.jpg?fit=1200%2C800&ssl=1&resize=525%2C300 1.5x, https:\/\/i0.wp.com\/casadecampoliving.com\/wp-content\/uploads\/2022\/11\/Wilfrido-Vargas-Plaza-Chavon-scaled-e1667425437934.jpg?fit=1200%2C800&ssl=1&resize=700%2C400 2x, https:\/\/i0.wp.com\/casadecampoliving.com\/wp-content\/uploads\/2022\/11\/Wilfrido-Vargas-Plaza-Chavon-scaled-e1667425437934.jpg?fit=1200%2C800&ssl=1&resize=1050%2C600 3x"},"classes":[]},{"id":354506,"url":"https:\/\/casadecampoliving.com\/es\/celebremos-el-40-aniversario-del-anfiteatro-altos-de-chavon\/","url_meta":{"origin":546275,"position":5},"title":"\u00a1Celebremos el 40 Aniversario del Anfiteatro Altos de Chav\u00f3n!","author":"Casa de Campo Living","date":"26 Sep, 2022","format":false,"excerpt":"Para honrar 40 a\u00f1os de actuaciones legendarias y eventos hist\u00f3ricos, Altos de Chav\u00f3n celebrar\u00e1 el aniversario de la gran inauguraci\u00f3n del Anfiteatro hace 40 a\u00f1os con una serie de conciertos que recordar\u00e1n a\u00f1os pasados. \u00a1Las celebraciones contar\u00e1n con una banda tributo a Frank Sinatra, una exhibici\u00f3n de arte hist\u00f3rico y\u2026","rel":"","context":"En \u00abAltos de Chavon @es\u00bb","block_context":{"text":"Altos de Chavon @es","link":"https:\/\/casadecampoliving.com\/category\/altos-de-chavon-es\/"},"img":{"alt_text":"","src":"https:\/\/i0.wp.com\/casadecampoliving.com\/wp-content\/uploads\/2022\/10\/AltosdeChavon_Amphitheater-1.jpg?fit=1000%2C636&ssl=1&resize=350%2C200","width":350,"height":200,"srcset":"https:\/\/i0.wp.com\/casadecampoliving.com\/wp-content\/uploads\/2022\/10\/AltosdeChavon_Amphitheater-1.jpg?fit=1000%2C636&ssl=1&resize=350%2C200 1x, https:\/\/i0.wp.com\/casadecampoliving.com\/wp-content\/uploads\/2022\/10\/AltosdeChavon_Amphitheater-1.jpg?fit=1000%2C636&ssl=1&resize=525%2C300 1.5x, https:\/\/i0.wp.com\/casadecampoliving.com\/wp-content\/uploads\/2022\/10\/AltosdeChavon_Amphitheater-1.jpg?fit=1000%2C636&ssl=1&resize=700%2C400 2x"},"classes":[]}],"jetpack_sharing_enabled":true,"_links":{"self":[{"href":"https:\/\/casadecampoliving.com\/es\/wp-json\/wp\/v2\/posts\/546275","targetHints":{"allow":["GET"]}}],"collection":[{"href":"https:\/\/casadecampoliving.com\/es\/wp-json\/wp\/v2\/posts"}],"about":[{"href":"https:\/\/casadecampoliving.com\/es\/wp-json\/wp\/v2\/types\/post"}],"author":[{"embeddable":true,"href":"https:\/\/casadecampoliving.com\/es\/wp-json\/wp\/v2\/users\/36682"}],"replies":[{"embeddable":true,"href":"https:\/\/casadecampoliving.com\/es\/wp-json\/wp\/v2\/comments?post=546275"}],"version-history":[{"count":1,"href":"https:\/\/casadecampoliving.com\/es\/wp-json\/wp\/v2\/posts\/546275\/revisions"}],"predecessor-version":[{"id":546276,"href":"https:\/\/casadecampoliving.com\/es\/wp-json\/wp\/v2\/posts\/546275\/revisions\/546276"}],"wp:featuredmedia":[{"embeddable":true,"href":"https:\/\/casadecampoliving.com\/es\/wp-json\/wp\/v2\/media\/534350"}],"wp:attachment":[{"href":"https:\/\/casadecampoliving.com\/es\/wp-json\/wp\/v2\/media?parent=546275"}],"wp:term":[{"taxonomy":"category","embeddable":true,"href":"https:\/\/casadecampoliving.com\/es\/wp-json\/wp\/v2\/categories?post=546275"},{"taxonomy":"post_tag","embeddable":true,"href":"https:\/\/casadecampoliving.com\/es\/wp-json\/wp\/v2\/tags?post=546275"},{"taxonomy":"newspack_spnsrs_tax","embeddable":true,"href":"https:\/\/casadecampoliving.com\/es\/wp-json\/wp\/v2\/newspack_spnsrs_tax?post=546275"}],"curies":[{"name":"wp","href":"https:\/\/api.w.org\/{rel}","templated":true}]}}