{"id":546017,"date":"2025-12-01T16:39:58","date_gmt":"2025-12-01T20:39:58","guid":{"rendered":"https:\/\/casadecampoliving.com\/?p=546017"},"modified":"2025-12-01T16:40:00","modified_gmt":"2025-12-01T20:40:00","slug":"agenda-semanal-de-eventos-del-01-al-07-de-diciembre","status":"publish","type":"post","link":"https:\/\/casadecampoliving.com\/es\/agenda-semanal-de-eventos-del-01-al-07-de-diciembre\/","title":{"rendered":"Agenda semanal de eventos del 01 al 07 de diciembre"},"content":{"rendered":"\n<p>La primera semana de diciembre en Casa de Campo Resort &amp; Villas arranca con una espectacular agenda de eventos que combinan arte, lujo, solidaridad y tradici\u00f3n festiva. Prep\u00e1rese para un fin de semana lleno de brillo y esp\u00edritu navide\u00f1o.<\/p>\n\n\n\n<p><strong>Viernes 5 de diciembre: Caf\u00e9 de la Leche: Contribuci\u00f3n con alegr\u00eda<\/strong><\/p>\n\n\n<div class=\"wp-block-image\">\n<figure class=\"aligncenter size-full\"><img data-recalc-dims=\"1\" loading=\"lazy\" decoding=\"async\" width=\"600\" height=\"400\" data-attachment-id=\"546020\" data-permalink=\"https:\/\/casadecampoliving.com\/es\/agenda-semanal-de-eventos-del-01-al-07-de-diciembre\/unnamed-6-2\/\" data-orig-file=\"https:\/\/i0.wp.com\/casadecampoliving.com\/wp-content\/uploads\/2025\/12\/unnamed-6.jpg?fit=600%2C400&amp;ssl=1\" data-orig-size=\"600,400\" data-comments-opened=\"0\" data-image-meta=\"{&quot;aperture&quot;:&quot;0&quot;,&quot;credit&quot;:&quot;&quot;,&quot;camera&quot;:&quot;&quot;,&quot;caption&quot;:&quot;&quot;,&quot;created_timestamp&quot;:&quot;0&quot;,&quot;copyright&quot;:&quot;&quot;,&quot;focal_length&quot;:&quot;0&quot;,&quot;iso&quot;:&quot;0&quot;,&quot;shutter_speed&quot;:&quot;0&quot;,&quot;title&quot;:&quot;&quot;,&quot;orientation&quot;:&quot;0&quot;}\" data-image-title=\"unnamed (6)\" data-image-description=\"\" data-image-caption=\"\" data-large-file=\"https:\/\/i0.wp.com\/casadecampoliving.com\/wp-content\/uploads\/2025\/12\/unnamed-6.jpg?fit=600%2C400&amp;ssl=1\" src=\"https:\/\/i0.wp.com\/casadecampoliving.com\/wp-content\/uploads\/2025\/12\/unnamed-6.jpg?resize=600%2C400&#038;ssl=1\" alt=\"\" class=\"wp-image-546020\" srcset=\"https:\/\/i0.wp.com\/casadecampoliving.com\/wp-content\/uploads\/2025\/12\/unnamed-6.jpg?w=600&amp;ssl=1 600w, https:\/\/i0.wp.com\/casadecampoliving.com\/wp-content\/uploads\/2025\/12\/unnamed-6.jpg?resize=300%2C200&amp;ssl=1 300w, https:\/\/i0.wp.com\/casadecampoliving.com\/wp-content\/uploads\/2025\/12\/unnamed-6.jpg?resize=400%2C267&amp;ssl=1 400w, https:\/\/i0.wp.com\/casadecampoliving.com\/wp-content\/uploads\/2025\/12\/unnamed-6.jpg?resize=150%2C100&amp;ssl=1 150w, https:\/\/i0.wp.com\/casadecampoliving.com\/wp-content\/uploads\/2025\/12\/unnamed-6.jpg?w=370&amp;ssl=1 370w\" sizes=\"auto, (max-width: 600px) 100vw, 600px\" \/><\/figure>\n<\/div>\n\n\n<ul class=\"wp-block-list\">\n<li><strong>\u00bfQu\u00e9 es?<\/strong> La tradicional actividad ben\u00e9fica Caf\u00e9 de la Leche, organizada por Xiomara de Men\u00e9ndez.<\/li>\n\n\n\n<li><strong>Cu\u00e1ndo:<\/strong> De 5:00 p.m. a 7:00 p.m.<\/li>\n\n\n\n<li><strong>D\u00f3nde:<\/strong> Bah\u00eda Minitas #5, Casa de Campo.<\/li>\n\n\n\n<li><strong>Contribuci\u00f3n:<\/strong> RD$ 2,000 o su equivalente en dulces y golosinas.<\/li>\n<\/ul>\n\n\n\n<p><strong>Inauguraci\u00f3n: &nbsp;Exposici\u00f3n \u00abCONVERSATIONS WITH THE LAND\u00bb de Fernando Tamburini<\/strong><\/p>\n\n\n\n<figure class=\"wp-block-image size-large\"><img data-recalc-dims=\"1\" loading=\"lazy\" decoding=\"async\" width=\"1024\" height=\"970\" data-attachment-id=\"546022\" data-permalink=\"https:\/\/casadecampoliving.com\/es\/agenda-semanal-de-eventos-del-01-al-07-de-diciembre\/whatsapp-image-2025-12-01-at-4-29-34-pm\/\" data-orig-file=\"https:\/\/i0.wp.com\/casadecampoliving.com\/wp-content\/uploads\/2025\/12\/WhatsApp-Image-2025-12-01-at-4.29.34-PM.jpeg?fit=1080%2C1023&amp;ssl=1\" data-orig-size=\"1080,1023\" data-comments-opened=\"0\" data-image-meta=\"{&quot;aperture&quot;:&quot;0&quot;,&quot;credit&quot;:&quot;&quot;,&quot;camera&quot;:&quot;&quot;,&quot;caption&quot;:&quot;&quot;,&quot;created_timestamp&quot;:&quot;0&quot;,&quot;copyright&quot;:&quot;&quot;,&quot;focal_length&quot;:&quot;0&quot;,&quot;iso&quot;:&quot;0&quot;,&quot;shutter_speed&quot;:&quot;0&quot;,&quot;title&quot;:&quot;&quot;,&quot;orientation&quot;:&quot;0&quot;}\" data-image-title=\"WhatsApp Image 2025-12-01 at 4.29.34 PM\" data-image-description=\"\" data-image-caption=\"\" data-large-file=\"https:\/\/i0.wp.com\/casadecampoliving.com\/wp-content\/uploads\/2025\/12\/WhatsApp-Image-2025-12-01-at-4.29.34-PM.jpeg?fit=1024%2C970&amp;ssl=1\" src=\"https:\/\/i0.wp.com\/casadecampoliving.com\/wp-content\/uploads\/2025\/12\/WhatsApp-Image-2025-12-01-at-4.29.34-PM.jpeg?resize=1024%2C970&#038;ssl=1\" alt=\"\" class=\"wp-image-546022\" srcset=\"https:\/\/i0.wp.com\/casadecampoliving.com\/wp-content\/uploads\/2025\/12\/WhatsApp-Image-2025-12-01-at-4.29.34-PM.jpeg?resize=1024%2C970&amp;ssl=1 1024w, https:\/\/i0.wp.com\/casadecampoliving.com\/wp-content\/uploads\/2025\/12\/WhatsApp-Image-2025-12-01-at-4.29.34-PM.jpeg?resize=300%2C284&amp;ssl=1 300w, https:\/\/i0.wp.com\/casadecampoliving.com\/wp-content\/uploads\/2025\/12\/WhatsApp-Image-2025-12-01-at-4.29.34-PM.jpeg?resize=768%2C727&amp;ssl=1 768w, https:\/\/i0.wp.com\/casadecampoliving.com\/wp-content\/uploads\/2025\/12\/WhatsApp-Image-2025-12-01-at-4.29.34-PM.jpeg?resize=780%2C739&amp;ssl=1 780w, https:\/\/i0.wp.com\/casadecampoliving.com\/wp-content\/uploads\/2025\/12\/WhatsApp-Image-2025-12-01-at-4.29.34-PM.jpeg?resize=400%2C379&amp;ssl=1 400w, https:\/\/i0.wp.com\/casadecampoliving.com\/wp-content\/uploads\/2025\/12\/WhatsApp-Image-2025-12-01-at-4.29.34-PM.jpeg?resize=150%2C142&amp;ssl=1 150w, https:\/\/i0.wp.com\/casadecampoliving.com\/wp-content\/uploads\/2025\/12\/WhatsApp-Image-2025-12-01-at-4.29.34-PM.jpeg?w=1080&amp;ssl=1 1080w, https:\/\/i0.wp.com\/casadecampoliving.com\/wp-content\/uploads\/2025\/12\/WhatsApp-Image-2025-12-01-at-4.29.34-PM-1024x970.jpeg?w=370&amp;ssl=1 370w\" sizes=\"auto, (max-width: 1000px) 100vw, 1000px\" \/><\/figure>\n\n\n\n<ul class=\"wp-block-list\">\n<li><strong>\u00bfQu\u00e9 es?<\/strong> La inauguraci\u00f3n de la nueva colecci\u00f3n de arte de Fernando Tamburini, titulada \u00abCONVERSATIONS WITH THE LAND\u00bb (Conversaciones con la Tierra).<\/li>\n\n\n\n<li><strong>Cu\u00e1ndo:<\/strong> 6:30 p.m.<\/li>\n\n\n\n<li><strong>D\u00f3nde:<\/strong> Galer\u00eda de Arte Altos de Chav\u00f3n.<\/li>\n\n\n\n<li><strong>Detalle:<\/strong> Esta colecci\u00f3n invita a un mundo donde la naturaleza \u00abno solo aparece, nos habla\u00bb. Las obras, tanto pict\u00f3ricas como tridimensionales, surgen de un di\u00e1logo \u00edntimo con los paisajes del Este de la Rep\u00fablica Dominicana. El artista explora una \u00abtopograf\u00eda emocional,\u00bb con paisajes que son conversaciones entre cielo y tierra, borrando la frontera entre el contenedor y la naturaleza.<\/li>\n<\/ul>\n\n\n\n<p><strong>The Grand Champagne Soir\u00e9e (D\u00eda 1)<\/strong><\/p>\n\n\n\n<figure class=\"wp-block-image size-full\"><img data-recalc-dims=\"1\" loading=\"lazy\" decoding=\"async\" width=\"1024\" height=\"512\" data-attachment-id=\"546024\" data-permalink=\"https:\/\/casadecampoliving.com\/es\/agenda-semanal-de-eventos-del-01-al-07-de-diciembre\/x_wine-tasting_champagne-soiree-2\/\" data-orig-file=\"https:\/\/i0.wp.com\/casadecampoliving.com\/wp-content\/uploads\/2025\/12\/X_Wine-Tasting_Champagne-Soiree-1.jpg?fit=1024%2C512&amp;ssl=1\" data-orig-size=\"1024,512\" data-comments-opened=\"0\" data-image-meta=\"{&quot;aperture&quot;:&quot;0&quot;,&quot;credit&quot;:&quot;&quot;,&quot;camera&quot;:&quot;&quot;,&quot;caption&quot;:&quot;&quot;,&quot;created_timestamp&quot;:&quot;0&quot;,&quot;copyright&quot;:&quot;&quot;,&quot;focal_length&quot;:&quot;0&quot;,&quot;iso&quot;:&quot;0&quot;,&quot;shutter_speed&quot;:&quot;0&quot;,&quot;title&quot;:&quot;&quot;,&quot;orientation&quot;:&quot;0&quot;}\" data-image-title=\"X_Wine-Tasting_Champagne-Soiree\" data-image-description=\"\" data-image-caption=\"\" data-large-file=\"https:\/\/i0.wp.com\/casadecampoliving.com\/wp-content\/uploads\/2025\/12\/X_Wine-Tasting_Champagne-Soiree-1.jpg?fit=1024%2C512&amp;ssl=1\" src=\"https:\/\/i0.wp.com\/casadecampoliving.com\/wp-content\/uploads\/2025\/12\/X_Wine-Tasting_Champagne-Soiree-1.jpg?resize=1024%2C512&#038;ssl=1\" alt=\"\" class=\"wp-image-546024\" srcset=\"https:\/\/i0.wp.com\/casadecampoliving.com\/wp-content\/uploads\/2025\/12\/X_Wine-Tasting_Champagne-Soiree-1.jpg?w=1024&amp;ssl=1 1024w, https:\/\/i0.wp.com\/casadecampoliving.com\/wp-content\/uploads\/2025\/12\/X_Wine-Tasting_Champagne-Soiree-1.jpg?resize=300%2C150&amp;ssl=1 300w, https:\/\/i0.wp.com\/casadecampoliving.com\/wp-content\/uploads\/2025\/12\/X_Wine-Tasting_Champagne-Soiree-1.jpg?resize=768%2C384&amp;ssl=1 768w, https:\/\/i0.wp.com\/casadecampoliving.com\/wp-content\/uploads\/2025\/12\/X_Wine-Tasting_Champagne-Soiree-1.jpg?resize=780%2C390&amp;ssl=1 780w, https:\/\/i0.wp.com\/casadecampoliving.com\/wp-content\/uploads\/2025\/12\/X_Wine-Tasting_Champagne-Soiree-1.jpg?resize=400%2C200&amp;ssl=1 400w, https:\/\/i0.wp.com\/casadecampoliving.com\/wp-content\/uploads\/2025\/12\/X_Wine-Tasting_Champagne-Soiree-1.jpg?resize=150%2C75&amp;ssl=1 150w, https:\/\/i0.wp.com\/casadecampoliving.com\/wp-content\/uploads\/2025\/12\/X_Wine-Tasting_Champagne-Soiree-1.jpg?w=370&amp;ssl=1 370w\" sizes=\"auto, (max-width: 1000px) 100vw, 1000px\" \/><\/figure>\n\n\n\n<ul class=\"wp-block-list\">\n<li><strong>\u00bfQu\u00e9 es?<\/strong> El inicio de \u00abThe Grand Champagne Soir\u00e9e: Elegancia y Esplendor en Cada Burbuja\u00bb, parte de la Wine Tasting Series presentada por American Express.<\/li>\n\n\n\n<li><strong>Cu\u00e1ndo:<\/strong> 7 p.m.<\/li>\n\n\n\n<li><strong>D\u00f3nde:<\/strong> La Piazzetta.<\/li>\n\n\n\n<li><strong>Costo:<\/strong> US$ 200 por persona.<\/li>\n<\/ul>\n\n\n\n<p><strong>S\u00e1bado 6 de diciembre: <strong>Tradicional ceremonia de encendido de luces navide\u00f1as<\/strong><\/strong><\/p>\n\n\n\n<figure class=\"wp-block-image size-large\"><img data-recalc-dims=\"1\" loading=\"lazy\" decoding=\"async\" width=\"1024\" height=\"1016\" data-attachment-id=\"546026\" data-permalink=\"https:\/\/casadecampoliving.com\/es\/agenda-semanal-de-eventos-del-01-al-07-de-diciembre\/unnamed-5-2\/\" data-orig-file=\"https:\/\/i0.wp.com\/casadecampoliving.com\/wp-content\/uploads\/2025\/12\/unnamed-5.jpg?fit=1200%2C1191&amp;ssl=1\" data-orig-size=\"1200,1191\" data-comments-opened=\"0\" data-image-meta=\"{&quot;aperture&quot;:&quot;0&quot;,&quot;credit&quot;:&quot;&quot;,&quot;camera&quot;:&quot;&quot;,&quot;caption&quot;:&quot;&quot;,&quot;created_timestamp&quot;:&quot;0&quot;,&quot;copyright&quot;:&quot;&quot;,&quot;focal_length&quot;:&quot;0&quot;,&quot;iso&quot;:&quot;0&quot;,&quot;shutter_speed&quot;:&quot;0&quot;,&quot;title&quot;:&quot;&quot;,&quot;orientation&quot;:&quot;0&quot;}\" data-image-title=\"unnamed (5)\" data-image-description=\"\" data-image-caption=\"\" data-large-file=\"https:\/\/i0.wp.com\/casadecampoliving.com\/wp-content\/uploads\/2025\/12\/unnamed-5.jpg?fit=1024%2C1016&amp;ssl=1\" src=\"https:\/\/i0.wp.com\/casadecampoliving.com\/wp-content\/uploads\/2025\/12\/unnamed-5.jpg?resize=1024%2C1016&#038;ssl=1\" alt=\"\" class=\"wp-image-546026\" srcset=\"https:\/\/i0.wp.com\/casadecampoliving.com\/wp-content\/uploads\/2025\/12\/unnamed-5.jpg?resize=1024%2C1016&amp;ssl=1 1024w, https:\/\/i0.wp.com\/casadecampoliving.com\/wp-content\/uploads\/2025\/12\/unnamed-5.jpg?resize=300%2C298&amp;ssl=1 300w, https:\/\/i0.wp.com\/casadecampoliving.com\/wp-content\/uploads\/2025\/12\/unnamed-5.jpg?resize=150%2C149&amp;ssl=1 150w, https:\/\/i0.wp.com\/casadecampoliving.com\/wp-content\/uploads\/2025\/12\/unnamed-5.jpg?resize=768%2C762&amp;ssl=1 768w, https:\/\/i0.wp.com\/casadecampoliving.com\/wp-content\/uploads\/2025\/12\/unnamed-5.jpg?resize=780%2C774&amp;ssl=1 780w, https:\/\/i0.wp.com\/casadecampoliving.com\/wp-content\/uploads\/2025\/12\/unnamed-5.jpg?resize=400%2C397&amp;ssl=1 400w, https:\/\/i0.wp.com\/casadecampoliving.com\/wp-content\/uploads\/2025\/12\/unnamed-5.jpg?resize=96%2C96&amp;ssl=1 96w, https:\/\/i0.wp.com\/casadecampoliving.com\/wp-content\/uploads\/2025\/12\/unnamed-5.jpg?w=1200&amp;ssl=1 1200w, https:\/\/i0.wp.com\/casadecampoliving.com\/wp-content\/uploads\/2025\/12\/unnamed-5-1024x1016.jpg?w=370&amp;ssl=1 370w\" sizes=\"auto, (max-width: 1000px) 100vw, 1000px\" \/><\/figure>\n\n\n\n<ul class=\"wp-block-list\">\n<li><strong>\u00bfQu\u00e9 es?<\/strong> Una noche de luz y alegr\u00eda para encender la magia de la Navidad.<\/li>\n\n\n\n<li><strong>Cu\u00e1ndo:<\/strong> 7 PM.<\/li>\n\n\n\n<li><strong>D\u00f3nde:<\/strong> Plaza Chav\u00f3n.<\/li>\n\n\n\n<li><strong>Detalle:<\/strong> La ceremonia tradicional incluye la recreaci\u00f3n teatral del Nacimiento Viviente y un concierto con la Orquesta Batuta.<\/li>\n<\/ul>\n\n\n\n<p><strong>The Grand Champagne Soir\u00e9e (D\u00eda 2)<\/strong><\/p>\n\n\n\n<figure class=\"wp-block-image size-full\"><img data-recalc-dims=\"1\" loading=\"lazy\" decoding=\"async\" width=\"1024\" height=\"512\" data-attachment-id=\"546028\" data-permalink=\"https:\/\/casadecampoliving.com\/es\/agenda-semanal-de-eventos-del-01-al-07-de-diciembre\/x_wine-tasting_champagne-soiree-3\/\" data-orig-file=\"https:\/\/i0.wp.com\/casadecampoliving.com\/wp-content\/uploads\/2025\/12\/X_Wine-Tasting_Champagne-Soiree-2.jpg?fit=1024%2C512&amp;ssl=1\" data-orig-size=\"1024,512\" data-comments-opened=\"0\" data-image-meta=\"{&quot;aperture&quot;:&quot;0&quot;,&quot;credit&quot;:&quot;&quot;,&quot;camera&quot;:&quot;&quot;,&quot;caption&quot;:&quot;&quot;,&quot;created_timestamp&quot;:&quot;0&quot;,&quot;copyright&quot;:&quot;&quot;,&quot;focal_length&quot;:&quot;0&quot;,&quot;iso&quot;:&quot;0&quot;,&quot;shutter_speed&quot;:&quot;0&quot;,&quot;title&quot;:&quot;&quot;,&quot;orientation&quot;:&quot;0&quot;}\" data-image-title=\"X_Wine-Tasting_Champagne-Soiree\" data-image-description=\"\" data-image-caption=\"\" data-large-file=\"https:\/\/i0.wp.com\/casadecampoliving.com\/wp-content\/uploads\/2025\/12\/X_Wine-Tasting_Champagne-Soiree-2.jpg?fit=1024%2C512&amp;ssl=1\" src=\"https:\/\/i0.wp.com\/casadecampoliving.com\/wp-content\/uploads\/2025\/12\/X_Wine-Tasting_Champagne-Soiree-2.jpg?resize=1024%2C512&#038;ssl=1\" alt=\"\" class=\"wp-image-546028\" srcset=\"https:\/\/i0.wp.com\/casadecampoliving.com\/wp-content\/uploads\/2025\/12\/X_Wine-Tasting_Champagne-Soiree-2.jpg?w=1024&amp;ssl=1 1024w, https:\/\/i0.wp.com\/casadecampoliving.com\/wp-content\/uploads\/2025\/12\/X_Wine-Tasting_Champagne-Soiree-2.jpg?resize=300%2C150&amp;ssl=1 300w, https:\/\/i0.wp.com\/casadecampoliving.com\/wp-content\/uploads\/2025\/12\/X_Wine-Tasting_Champagne-Soiree-2.jpg?resize=768%2C384&amp;ssl=1 768w, https:\/\/i0.wp.com\/casadecampoliving.com\/wp-content\/uploads\/2025\/12\/X_Wine-Tasting_Champagne-Soiree-2.jpg?resize=780%2C390&amp;ssl=1 780w, https:\/\/i0.wp.com\/casadecampoliving.com\/wp-content\/uploads\/2025\/12\/X_Wine-Tasting_Champagne-Soiree-2.jpg?resize=400%2C200&amp;ssl=1 400w, https:\/\/i0.wp.com\/casadecampoliving.com\/wp-content\/uploads\/2025\/12\/X_Wine-Tasting_Champagne-Soiree-2.jpg?resize=150%2C75&amp;ssl=1 150w, https:\/\/i0.wp.com\/casadecampoliving.com\/wp-content\/uploads\/2025\/12\/X_Wine-Tasting_Champagne-Soiree-2.jpg?w=370&amp;ssl=1 370w\" sizes=\"auto, (max-width: 1000px) 100vw, 1000px\" \/><\/figure>\n\n\n\n<ul class=\"wp-block-list\">\n<li><strong>\u00bfQu\u00e9 es?<\/strong> El segundo y \u00faltimo d\u00eda del exclusivo evento de cata de vinos.<\/li>\n\n\n\n<li><strong>Cu\u00e1ndo:<\/strong> 7 p.m.<\/li>\n\n\n\n<li><strong>D\u00f3nde:<\/strong> La Piazzetta.<\/li>\n\n\n\n<li><strong>Costo:<\/strong> US$ 200 por persona.<\/li>\n<\/ul>\n\n\n\n<p><strong>Domingo 07 de diciembre: Inauguraci\u00f3n Jard\u00edn de Santa<\/strong><\/p>\n\n\n\n<figure class=\"wp-block-image size-large\"><img data-recalc-dims=\"1\" loading=\"lazy\" decoding=\"async\" width=\"1024\" height=\"934\" data-attachment-id=\"546030\" data-permalink=\"https:\/\/casadecampoliving.com\/es\/agenda-semanal-de-eventos-del-01-al-07-de-diciembre\/whatsapp-image-2025-12-01-at-4-29-34-pm-1\/\" data-orig-file=\"https:\/\/i0.wp.com\/casadecampoliving.com\/wp-content\/uploads\/2025\/12\/WhatsApp-Image-2025-12-01-at-4.29.34-PM-1.jpeg?fit=1076%2C981&amp;ssl=1\" data-orig-size=\"1076,981\" data-comments-opened=\"0\" data-image-meta=\"{&quot;aperture&quot;:&quot;0&quot;,&quot;credit&quot;:&quot;&quot;,&quot;camera&quot;:&quot;&quot;,&quot;caption&quot;:&quot;&quot;,&quot;created_timestamp&quot;:&quot;0&quot;,&quot;copyright&quot;:&quot;&quot;,&quot;focal_length&quot;:&quot;0&quot;,&quot;iso&quot;:&quot;0&quot;,&quot;shutter_speed&quot;:&quot;0&quot;,&quot;title&quot;:&quot;&quot;,&quot;orientation&quot;:&quot;0&quot;}\" data-image-title=\"WhatsApp Image 2025-12-01 at 4.29.34 PM (1)\" data-image-description=\"\" data-image-caption=\"\" data-large-file=\"https:\/\/i0.wp.com\/casadecampoliving.com\/wp-content\/uploads\/2025\/12\/WhatsApp-Image-2025-12-01-at-4.29.34-PM-1.jpeg?fit=1024%2C934&amp;ssl=1\" src=\"https:\/\/i0.wp.com\/casadecampoliving.com\/wp-content\/uploads\/2025\/12\/WhatsApp-Image-2025-12-01-at-4.29.34-PM-1.jpeg?resize=1024%2C934&#038;ssl=1\" alt=\"\" class=\"wp-image-546030\" srcset=\"https:\/\/i0.wp.com\/casadecampoliving.com\/wp-content\/uploads\/2025\/12\/WhatsApp-Image-2025-12-01-at-4.29.34-PM-1.jpeg?resize=1024%2C934&amp;ssl=1 1024w, https:\/\/i0.wp.com\/casadecampoliving.com\/wp-content\/uploads\/2025\/12\/WhatsApp-Image-2025-12-01-at-4.29.34-PM-1.jpeg?resize=300%2C274&amp;ssl=1 300w, https:\/\/i0.wp.com\/casadecampoliving.com\/wp-content\/uploads\/2025\/12\/WhatsApp-Image-2025-12-01-at-4.29.34-PM-1.jpeg?resize=768%2C700&amp;ssl=1 768w, https:\/\/i0.wp.com\/casadecampoliving.com\/wp-content\/uploads\/2025\/12\/WhatsApp-Image-2025-12-01-at-4.29.34-PM-1.jpeg?resize=780%2C711&amp;ssl=1 780w, https:\/\/i0.wp.com\/casadecampoliving.com\/wp-content\/uploads\/2025\/12\/WhatsApp-Image-2025-12-01-at-4.29.34-PM-1.jpeg?resize=400%2C365&amp;ssl=1 400w, https:\/\/i0.wp.com\/casadecampoliving.com\/wp-content\/uploads\/2025\/12\/WhatsApp-Image-2025-12-01-at-4.29.34-PM-1.jpeg?resize=150%2C137&amp;ssl=1 150w, https:\/\/i0.wp.com\/casadecampoliving.com\/wp-content\/uploads\/2025\/12\/WhatsApp-Image-2025-12-01-at-4.29.34-PM-1.jpeg?w=1076&amp;ssl=1 1076w, https:\/\/i0.wp.com\/casadecampoliving.com\/wp-content\/uploads\/2025\/12\/WhatsApp-Image-2025-12-01-at-4.29.34-PM-1-1024x934.jpeg?w=370&amp;ssl=1 370w\" sizes=\"auto, (max-width: 1000px) 100vw, 1000px\" \/><\/figure>\n\n\n\n<ul class=\"wp-block-list\">\n<li><strong>\u00bfQu\u00e9 es?<\/strong> \u00a1Santa Claus llega a Chav\u00f3n! Este a\u00f1o, Santa tiene un jard\u00edn muy especial en Altos de Chav\u00f3n e invita a todos los ni\u00f1os a visitarlo.<\/li>\n\n\n\n<li><strong>Cu\u00e1ndo:<\/strong> 5:30 p.m. &#8211; 8:00 p.m.<\/li>\n\n\n\n<li><strong>D\u00f3nde:<\/strong> Jardines principales de Altos de Chav\u00f3n.<\/li>\n<\/ul>\n","protected":false},"excerpt":{"rendered":"<p>La primera semana de diciembre en Casa de Campo Resort &amp; Villas arranca con una espectacular agenda de eventos que combinan arte, lujo, solidaridad y tradici\u00f3n festiva. Prep\u00e1rese para un fin de semana lleno de brillo y esp\u00edritu navide\u00f1o. Viernes 5 de diciembre: Caf\u00e9 de la Leche: Contribuci\u00f3n con alegr\u00eda Inauguraci\u00f3n: &nbsp;Exposici\u00f3n \u00abCONVERSATIONS WITH THE [&hellip;]<\/p>\n","protected":false},"author":431,"featured_media":546032,"comment_status":"closed","ping_status":"closed","sticky":false,"template":"","format":"standard","meta":{"newspack_ads_suppress_ads":false,"newspack_popups_has_disabled_popups":false,"newspack_sponsor_sponsorship_scope":"","newspack_sponsor_native_byline_display":"inherit","newspack_sponsor_native_category_display":"inherit","newspack_sponsor_underwriter_style":"inherit","newspack_sponsor_underwriter_placement":"inherit","_newspack_byline_active":false,"_newspack_byline":"","newspack_hide_updated_date":false,"newspack_show_updated_date":false,"newspack_content_restriction_is_exempt":false,"newspack_featured_image_position":"behind","newspack_post_subtitle":"","newspack_article_summary_title":"Overview:","newspack_article_summary":"","_jetpack_memberships_contains_paid_content":false,"footnotes":"","jetpack_publicize_message":"","jetpack_publicize_feature_enabled":true,"jetpack_social_post_already_shared":false,"jetpack_social_options":{"image_generator_settings":{"template":"highway","default_image_id":0,"font":"","enabled":false},"version":2},"_wpas_customize_per_network":false},"categories":[2509,2522,14627],"tags":[15387,3626,24387,14736],"newspack_spnsrs_tax":[],"class_list":["post-546017","post","type-post","status-publish","format-standard","has-post-thumbnail","hentry","category-ccl-presenta-es","category-eventos-es","category-proximamente","tag-altos-de-chavon-es","tag-casa-de-campo-es","tag-casa-de-campo-living-es","tag-featured-topview-es","entry"],"yoast_head":"<!-- This site is optimized with the Yoast SEO plugin v27.5 - https:\/\/yoast.com\/product\/yoast-seo-wordpress\/ -->\n<title>Agenda semanal de eventos del 01 al 07 de diciembre | Casa de Campo Living<\/title>\n<meta name=\"description\" content=\"La primera semana de diciembre en Casa de Campo Resort &amp; Villas arranca con una espectacular agenda de eventos que combinan arte, lujo, solidaridad y\" \/>\n<meta name=\"robots\" content=\"index, follow, max-snippet:-1, max-image-preview:large, max-video-preview:-1\" \/>\n<link rel=\"canonical\" href=\"https:\/\/casadecampoliving.com\/es\/agenda-semanal-de-eventos-del-01-al-07-de-diciembre\/\" \/>\n<meta property=\"og:locale\" content=\"es_ES\" \/>\n<meta property=\"og:type\" content=\"article\" \/>\n<meta property=\"og:title\" content=\"Agenda semanal de eventos del 01 al 07 de diciembre | Casa de Campo Living\" \/>\n<meta property=\"og:description\" content=\"La primera semana de diciembre en Casa de Campo Resort &amp; Villas arranca con una espectacular agenda de eventos que combinan arte, lujo, solidaridad y\" \/>\n<meta property=\"og:url\" content=\"https:\/\/casadecampoliving.com\/es\/agenda-semanal-de-eventos-del-01-al-07-de-diciembre\/\" \/>\n<meta property=\"og:site_name\" content=\"Casa de Campo Living\" \/>\n<meta property=\"article:publisher\" content=\"https:\/\/www.facebook.com\/casadecampoliving\" \/>\n<meta property=\"article:published_time\" content=\"2025-12-01T20:39:58+00:00\" \/>\n<meta property=\"article:modified_time\" content=\"2025-12-01T20:40:00+00:00\" \/>\n<meta property=\"og:image\" content=\"https:\/\/casadecampoliving.com\/wp-content\/uploads\/2025\/12\/FN3A1054-scaled.jpg\" \/>\n\t<meta property=\"og:image:width\" content=\"2560\" \/>\n\t<meta property=\"og:image:height\" content=\"1706\" \/>\n\t<meta property=\"og:image:type\" content=\"image\/jpeg\" \/>\n<meta name=\"author\" content=\"Mairobi Herrera\" \/>\n<meta name=\"twitter:card\" content=\"summary_large_image\" \/>\n<meta name=\"twitter:creator\" content=\"@cdcliving\" \/>\n<meta name=\"twitter:site\" content=\"@cdcliving\" \/>\n<meta name=\"twitter:label1\" content=\"Escrito por\" \/>\n\t<meta name=\"twitter:data1\" content=\"Mairobi Herrera\" \/>\n\t<meta name=\"twitter:label2\" content=\"Tiempo de lectura\" \/>\n\t<meta name=\"twitter:data2\" content=\"3 minutos\" \/>\n<script type=\"application\/ld+json\" class=\"yoast-schema-graph\">{\"@context\":\"https:\\\/\\\/schema.org\",\"@graph\":[{\"@type\":\"Article\",\"@id\":\"https:\\\/\\\/casadecampoliving.com\\\/es\\\/agenda-semanal-de-eventos-del-01-al-07-de-diciembre\\\/#article\",\"isPartOf\":{\"@id\":\"https:\\\/\\\/casadecampoliving.com\\\/es\\\/agenda-semanal-de-eventos-del-01-al-07-de-diciembre\\\/\"},\"author\":{\"name\":\"Mairobi Herrera\",\"@id\":\"https:\\\/\\\/casadecampoliving.com\\\/es\\\/#\\\/schema\\\/person\\\/932e594484c49168ad37fbb9141bf699\"},\"headline\":\"Agenda semanal de eventos del 01 al 07 de diciembre\",\"datePublished\":\"2025-12-01T20:39:58+00:00\",\"dateModified\":\"2025-12-01T20:40:00+00:00\",\"mainEntityOfPage\":{\"@id\":\"https:\\\/\\\/casadecampoliving.com\\\/es\\\/agenda-semanal-de-eventos-del-01-al-07-de-diciembre\\\/\"},\"wordCount\":411,\"publisher\":{\"@id\":\"https:\\\/\\\/casadecampoliving.com\\\/es\\\/#organization\"},\"image\":{\"@id\":\"https:\\\/\\\/casadecampoliving.com\\\/es\\\/agenda-semanal-de-eventos-del-01-al-07-de-diciembre\\\/#primaryimage\"},\"thumbnailUrl\":\"https:\\\/\\\/i0.wp.com\\\/casadecampoliving.com\\\/wp-content\\\/uploads\\\/2025\\\/12\\\/FN3A1054-scaled.jpg?fit=2560%2C1706&ssl=1\",\"keywords\":[\"Altos de Chavon\",\"casa de campo @es\",\"Casa de Campo Living\",\"Featured-TopView @es\"],\"articleSection\":[\"CCL presenta\",\"Eventos\",\"Proximamente\"],\"inLanguage\":\"es\"},{\"@type\":\"WebPage\",\"@id\":\"https:\\\/\\\/casadecampoliving.com\\\/es\\\/agenda-semanal-de-eventos-del-01-al-07-de-diciembre\\\/\",\"url\":\"https:\\\/\\\/casadecampoliving.com\\\/es\\\/agenda-semanal-de-eventos-del-01-al-07-de-diciembre\\\/\",\"name\":\"Agenda semanal de eventos del 01 al 07 de diciembre | Casa de Campo Living\",\"isPartOf\":{\"@id\":\"https:\\\/\\\/casadecampoliving.com\\\/es\\\/#website\"},\"primaryImageOfPage\":{\"@id\":\"https:\\\/\\\/casadecampoliving.com\\\/es\\\/agenda-semanal-de-eventos-del-01-al-07-de-diciembre\\\/#primaryimage\"},\"image\":{\"@id\":\"https:\\\/\\\/casadecampoliving.com\\\/es\\\/agenda-semanal-de-eventos-del-01-al-07-de-diciembre\\\/#primaryimage\"},\"thumbnailUrl\":\"https:\\\/\\\/i0.wp.com\\\/casadecampoliving.com\\\/wp-content\\\/uploads\\\/2025\\\/12\\\/FN3A1054-scaled.jpg?fit=2560%2C1706&ssl=1\",\"datePublished\":\"2025-12-01T20:39:58+00:00\",\"dateModified\":\"2025-12-01T20:40:00+00:00\",\"description\":\"La primera semana de diciembre en Casa de Campo Resort &amp; Villas arranca con una espectacular agenda de eventos que combinan arte, lujo, solidaridad y\",\"breadcrumb\":{\"@id\":\"https:\\\/\\\/casadecampoliving.com\\\/es\\\/agenda-semanal-de-eventos-del-01-al-07-de-diciembre\\\/#breadcrumb\"},\"inLanguage\":\"es\",\"potentialAction\":[{\"@type\":\"ReadAction\",\"target\":[\"https:\\\/\\\/casadecampoliving.com\\\/es\\\/agenda-semanal-de-eventos-del-01-al-07-de-diciembre\\\/\"]}]},{\"@type\":\"ImageObject\",\"inLanguage\":\"es\",\"@id\":\"https:\\\/\\\/casadecampoliving.com\\\/es\\\/agenda-semanal-de-eventos-del-01-al-07-de-diciembre\\\/#primaryimage\",\"url\":\"https:\\\/\\\/i0.wp.com\\\/casadecampoliving.com\\\/wp-content\\\/uploads\\\/2025\\\/12\\\/FN3A1054-scaled.jpg?fit=2560%2C1706&ssl=1\",\"contentUrl\":\"https:\\\/\\\/i0.wp.com\\\/casadecampoliving.com\\\/wp-content\\\/uploads\\\/2025\\\/12\\\/FN3A1054-scaled.jpg?fit=2560%2C1706&ssl=1\",\"width\":2560,\"height\":1706},{\"@type\":\"BreadcrumbList\",\"@id\":\"https:\\\/\\\/casadecampoliving.com\\\/es\\\/agenda-semanal-de-eventos-del-01-al-07-de-diciembre\\\/#breadcrumb\",\"itemListElement\":[{\"@type\":\"ListItem\",\"position\":1,\"name\":\"Home\",\"item\":\"https:\\\/\\\/casadecampoliving.com\\\/es\\\/\"},{\"@type\":\"ListItem\",\"position\":2,\"name\":\"Agenda semanal de eventos del 01 al 07 de diciembre\"}]},{\"@type\":\"WebSite\",\"@id\":\"https:\\\/\\\/casadecampoliving.com\\\/es\\\/#website\",\"url\":\"https:\\\/\\\/casadecampoliving.com\\\/es\\\/\",\"name\":\"Casa de Campo Living\",\"description\":\"Resort community news and resources.\",\"publisher\":{\"@id\":\"https:\\\/\\\/casadecampoliving.com\\\/es\\\/#organization\"},\"potentialAction\":[{\"@type\":\"SearchAction\",\"target\":{\"@type\":\"EntryPoint\",\"urlTemplate\":\"https:\\\/\\\/casadecampoliving.com\\\/es\\\/?s={search_term_string}\"},\"query-input\":{\"@type\":\"PropertyValueSpecification\",\"valueRequired\":true,\"valueName\":\"search_term_string\"}}],\"inLanguage\":\"es\"},{\"@type\":\"Organization\",\"@id\":\"https:\\\/\\\/casadecampoliving.com\\\/es\\\/#organization\",\"name\":\"Casa de Campo Living\",\"url\":\"https:\\\/\\\/casadecampoliving.com\\\/es\\\/\",\"logo\":{\"@type\":\"ImageObject\",\"inLanguage\":\"es\",\"@id\":\"https:\\\/\\\/casadecampoliving.com\\\/es\\\/#\\\/schema\\\/logo\\\/image\\\/\",\"url\":\"https:\\\/\\\/i0.wp.com\\\/casadecampoliving.com\\\/wp-content\\\/uploads\\\/2022\\\/07\\\/CDCLivingLogo_V1-white-sized.png?fit=800%2C214&ssl=1\",\"contentUrl\":\"https:\\\/\\\/i0.wp.com\\\/casadecampoliving.com\\\/wp-content\\\/uploads\\\/2022\\\/07\\\/CDCLivingLogo_V1-white-sized.png?fit=800%2C214&ssl=1\",\"width\":800,\"height\":214,\"caption\":\"Casa de Campo Living\"},\"image\":{\"@id\":\"https:\\\/\\\/casadecampoliving.com\\\/es\\\/#\\\/schema\\\/logo\\\/image\\\/\"},\"sameAs\":[\"https:\\\/\\\/www.facebook.com\\\/casadecampoliving\",\"https:\\\/\\\/x.com\\\/cdcliving\"]},{\"@type\":\"Person\",\"@id\":\"https:\\\/\\\/casadecampoliving.com\\\/es\\\/#\\\/schema\\\/person\\\/932e594484c49168ad37fbb9141bf699\",\"name\":\"Mairobi Herrera\",\"image\":{\"@type\":\"ImageObject\",\"inLanguage\":\"es\",\"@id\":\"https:\\\/\\\/secure.gravatar.com\\\/avatar\\\/d0bf6c19470eb55d83c719e39672f670b2c4412339af1eb8a08f86427ba98ee8?s=96&d=mm&r=g\",\"url\":\"https:\\\/\\\/secure.gravatar.com\\\/avatar\\\/d0bf6c19470eb55d83c719e39672f670b2c4412339af1eb8a08f86427ba98ee8?s=96&d=mm&r=g\",\"contentUrl\":\"https:\\\/\\\/secure.gravatar.com\\\/avatar\\\/d0bf6c19470eb55d83c719e39672f670b2c4412339af1eb8a08f86427ba98ee8?s=96&d=mm&r=g\",\"caption\":\"Mairobi Herrera\"},\"sameAs\":[\"https:\\\/\\\/casadecampoliving.com\\\/\"],\"url\":\"https:\\\/\\\/casadecampoliving.com\\\/es\\\/author\\\/mherrera\\\/\"}]}<\/script>\n<!-- \/ Yoast SEO plugin. -->","yoast_head_json":{"title":"Agenda semanal de eventos del 01 al 07 de diciembre | Casa de Campo Living","description":"La primera semana de diciembre en Casa de Campo Resort &amp; Villas arranca con una espectacular agenda de eventos que combinan arte, lujo, solidaridad y","robots":{"index":"index","follow":"follow","max-snippet":"max-snippet:-1","max-image-preview":"max-image-preview:large","max-video-preview":"max-video-preview:-1"},"canonical":"https:\/\/casadecampoliving.com\/es\/agenda-semanal-de-eventos-del-01-al-07-de-diciembre\/","og_locale":"es_ES","og_type":"article","og_title":"Agenda semanal de eventos del 01 al 07 de diciembre | Casa de Campo Living","og_description":"La primera semana de diciembre en Casa de Campo Resort &amp; Villas arranca con una espectacular agenda de eventos que combinan arte, lujo, solidaridad y","og_url":"https:\/\/casadecampoliving.com\/es\/agenda-semanal-de-eventos-del-01-al-07-de-diciembre\/","og_site_name":"Casa de Campo Living","article_publisher":"https:\/\/www.facebook.com\/casadecampoliving","article_published_time":"2025-12-01T20:39:58+00:00","article_modified_time":"2025-12-01T20:40:00+00:00","og_image":[{"width":2560,"height":1706,"url":"https:\/\/casadecampoliving.com\/wp-content\/uploads\/2025\/12\/FN3A1054-scaled.jpg","type":"image\/jpeg"}],"author":"Mairobi Herrera","twitter_card":"summary_large_image","twitter_creator":"@cdcliving","twitter_site":"@cdcliving","twitter_misc":{"Escrito por":"Mairobi Herrera","Tiempo de lectura":"3 minutos"},"schema":{"@context":"https:\/\/schema.org","@graph":[{"@type":"Article","@id":"https:\/\/casadecampoliving.com\/es\/agenda-semanal-de-eventos-del-01-al-07-de-diciembre\/#article","isPartOf":{"@id":"https:\/\/casadecampoliving.com\/es\/agenda-semanal-de-eventos-del-01-al-07-de-diciembre\/"},"author":{"name":"Mairobi Herrera","@id":"https:\/\/casadecampoliving.com\/es\/#\/schema\/person\/932e594484c49168ad37fbb9141bf699"},"headline":"Agenda semanal de eventos del 01 al 07 de diciembre","datePublished":"2025-12-01T20:39:58+00:00","dateModified":"2025-12-01T20:40:00+00:00","mainEntityOfPage":{"@id":"https:\/\/casadecampoliving.com\/es\/agenda-semanal-de-eventos-del-01-al-07-de-diciembre\/"},"wordCount":411,"publisher":{"@id":"https:\/\/casadecampoliving.com\/es\/#organization"},"image":{"@id":"https:\/\/casadecampoliving.com\/es\/agenda-semanal-de-eventos-del-01-al-07-de-diciembre\/#primaryimage"},"thumbnailUrl":"https:\/\/i0.wp.com\/casadecampoliving.com\/wp-content\/uploads\/2025\/12\/FN3A1054-scaled.jpg?fit=2560%2C1706&ssl=1","keywords":["Altos de Chavon","casa de campo @es","Casa de Campo Living","Featured-TopView @es"],"articleSection":["CCL presenta","Eventos","Proximamente"],"inLanguage":"es"},{"@type":"WebPage","@id":"https:\/\/casadecampoliving.com\/es\/agenda-semanal-de-eventos-del-01-al-07-de-diciembre\/","url":"https:\/\/casadecampoliving.com\/es\/agenda-semanal-de-eventos-del-01-al-07-de-diciembre\/","name":"Agenda semanal de eventos del 01 al 07 de diciembre | Casa de Campo Living","isPartOf":{"@id":"https:\/\/casadecampoliving.com\/es\/#website"},"primaryImageOfPage":{"@id":"https:\/\/casadecampoliving.com\/es\/agenda-semanal-de-eventos-del-01-al-07-de-diciembre\/#primaryimage"},"image":{"@id":"https:\/\/casadecampoliving.com\/es\/agenda-semanal-de-eventos-del-01-al-07-de-diciembre\/#primaryimage"},"thumbnailUrl":"https:\/\/i0.wp.com\/casadecampoliving.com\/wp-content\/uploads\/2025\/12\/FN3A1054-scaled.jpg?fit=2560%2C1706&ssl=1","datePublished":"2025-12-01T20:39:58+00:00","dateModified":"2025-12-01T20:40:00+00:00","description":"La primera semana de diciembre en Casa de Campo Resort &amp; Villas arranca con una espectacular agenda de eventos que combinan arte, lujo, solidaridad y","breadcrumb":{"@id":"https:\/\/casadecampoliving.com\/es\/agenda-semanal-de-eventos-del-01-al-07-de-diciembre\/#breadcrumb"},"inLanguage":"es","potentialAction":[{"@type":"ReadAction","target":["https:\/\/casadecampoliving.com\/es\/agenda-semanal-de-eventos-del-01-al-07-de-diciembre\/"]}]},{"@type":"ImageObject","inLanguage":"es","@id":"https:\/\/casadecampoliving.com\/es\/agenda-semanal-de-eventos-del-01-al-07-de-diciembre\/#primaryimage","url":"https:\/\/i0.wp.com\/casadecampoliving.com\/wp-content\/uploads\/2025\/12\/FN3A1054-scaled.jpg?fit=2560%2C1706&ssl=1","contentUrl":"https:\/\/i0.wp.com\/casadecampoliving.com\/wp-content\/uploads\/2025\/12\/FN3A1054-scaled.jpg?fit=2560%2C1706&ssl=1","width":2560,"height":1706},{"@type":"BreadcrumbList","@id":"https:\/\/casadecampoliving.com\/es\/agenda-semanal-de-eventos-del-01-al-07-de-diciembre\/#breadcrumb","itemListElement":[{"@type":"ListItem","position":1,"name":"Home","item":"https:\/\/casadecampoliving.com\/es\/"},{"@type":"ListItem","position":2,"name":"Agenda semanal de eventos del 01 al 07 de diciembre"}]},{"@type":"WebSite","@id":"https:\/\/casadecampoliving.com\/es\/#website","url":"https:\/\/casadecampoliving.com\/es\/","name":"Casa de Campo Living","description":"Resort community news and resources.","publisher":{"@id":"https:\/\/casadecampoliving.com\/es\/#organization"},"potentialAction":[{"@type":"SearchAction","target":{"@type":"EntryPoint","urlTemplate":"https:\/\/casadecampoliving.com\/es\/?s={search_term_string}"},"query-input":{"@type":"PropertyValueSpecification","valueRequired":true,"valueName":"search_term_string"}}],"inLanguage":"es"},{"@type":"Organization","@id":"https:\/\/casadecampoliving.com\/es\/#organization","name":"Casa de Campo Living","url":"https:\/\/casadecampoliving.com\/es\/","logo":{"@type":"ImageObject","inLanguage":"es","@id":"https:\/\/casadecampoliving.com\/es\/#\/schema\/logo\/image\/","url":"https:\/\/i0.wp.com\/casadecampoliving.com\/wp-content\/uploads\/2022\/07\/CDCLivingLogo_V1-white-sized.png?fit=800%2C214&ssl=1","contentUrl":"https:\/\/i0.wp.com\/casadecampoliving.com\/wp-content\/uploads\/2022\/07\/CDCLivingLogo_V1-white-sized.png?fit=800%2C214&ssl=1","width":800,"height":214,"caption":"Casa de Campo Living"},"image":{"@id":"https:\/\/casadecampoliving.com\/es\/#\/schema\/logo\/image\/"},"sameAs":["https:\/\/www.facebook.com\/casadecampoliving","https:\/\/x.com\/cdcliving"]},{"@type":"Person","@id":"https:\/\/casadecampoliving.com\/es\/#\/schema\/person\/932e594484c49168ad37fbb9141bf699","name":"Mairobi Herrera","image":{"@type":"ImageObject","inLanguage":"es","@id":"https:\/\/secure.gravatar.com\/avatar\/d0bf6c19470eb55d83c719e39672f670b2c4412339af1eb8a08f86427ba98ee8?s=96&d=mm&r=g","url":"https:\/\/secure.gravatar.com\/avatar\/d0bf6c19470eb55d83c719e39672f670b2c4412339af1eb8a08f86427ba98ee8?s=96&d=mm&r=g","contentUrl":"https:\/\/secure.gravatar.com\/avatar\/d0bf6c19470eb55d83c719e39672f670b2c4412339af1eb8a08f86427ba98ee8?s=96&d=mm&r=g","caption":"Mairobi Herrera"},"sameAs":["https:\/\/casadecampoliving.com\/"],"url":"https:\/\/casadecampoliving.com\/es\/author\/mherrera\/"}]}},"parsely":{"version":"1.1.0","canonical_url":"https:\/\/casadecampoliving.com\/es\/agenda-semanal-de-eventos-del-01-al-07-de-diciembre\/","smart_links":{"inbound":0,"outbound":0},"traffic_boost_suggestions_count":0,"meta":{"@context":"https:\/\/schema.org","@type":"NewsArticle","headline":"Agenda semanal de eventos del 01 al 07 de diciembre","url":"http:\/\/casadecampoliving.com\/es\/agenda-semanal-de-eventos-del-01-al-07-de-diciembre\/","mainEntityOfPage":{"@type":"WebPage","@id":"http:\/\/casadecampoliving.com\/es\/agenda-semanal-de-eventos-del-01-al-07-de-diciembre\/"},"thumbnailUrl":"https:\/\/i0.wp.com\/casadecampoliving.com\/wp-content\/uploads\/2025\/12\/FN3A1054-scaled.jpg?resize=150%2C150&ssl=1","image":{"@type":"ImageObject","url":"https:\/\/i0.wp.com\/casadecampoliving.com\/wp-content\/uploads\/2025\/12\/FN3A1054-scaled.jpg?fit=2560%2C1706&ssl=1"},"articleSection":"CCL presenta","author":[{"@type":"Person","name":"Mairobi Herrera"}],"creator":["Mairobi Herrera"],"publisher":{"@type":"Organization","name":"Casa de Campo Living","logo":"https:\/\/casadecampoliving.com\/wp-content\/uploads\/2022\/07\/CDCLivingLogo_V1-white-sized.png"},"keywords":["altos de chavon","casa de campo @es","casa de campo living","featured-topview @es"],"dateCreated":"2025-12-01T20:39:58Z","datePublished":"2025-12-01T20:39:58Z","dateModified":"2025-12-01T20:40:00Z"},"rendered":"<script type=\"application\/ld+json\" class=\"wp-parsely-metadata\">{\"@context\":\"https:\\\/\\\/schema.org\",\"@type\":\"NewsArticle\",\"headline\":\"Agenda semanal de eventos del 01 al 07 de diciembre\",\"url\":\"http:\\\/\\\/casadecampoliving.com\\\/es\\\/agenda-semanal-de-eventos-del-01-al-07-de-diciembre\\\/\",\"mainEntityOfPage\":{\"@type\":\"WebPage\",\"@id\":\"http:\\\/\\\/casadecampoliving.com\\\/es\\\/agenda-semanal-de-eventos-del-01-al-07-de-diciembre\\\/\"},\"thumbnailUrl\":\"https:\\\/\\\/i0.wp.com\\\/casadecampoliving.com\\\/wp-content\\\/uploads\\\/2025\\\/12\\\/FN3A1054-scaled.jpg?resize=150%2C150&ssl=1\",\"image\":{\"@type\":\"ImageObject\",\"url\":\"https:\\\/\\\/i0.wp.com\\\/casadecampoliving.com\\\/wp-content\\\/uploads\\\/2025\\\/12\\\/FN3A1054-scaled.jpg?fit=2560%2C1706&ssl=1\"},\"articleSection\":\"CCL presenta\",\"author\":[{\"@type\":\"Person\",\"name\":\"Mairobi Herrera\"}],\"creator\":[\"Mairobi Herrera\"],\"publisher\":{\"@type\":\"Organization\",\"name\":\"Casa de Campo Living\",\"logo\":\"https:\\\/\\\/casadecampoliving.com\\\/wp-content\\\/uploads\\\/2022\\\/07\\\/CDCLivingLogo_V1-white-sized.png\"},\"keywords\":[\"altos de chavon\",\"casa de campo @es\",\"casa de campo living\",\"featured-topview @es\"],\"dateCreated\":\"2025-12-01T20:39:58Z\",\"datePublished\":\"2025-12-01T20:39:58Z\",\"dateModified\":\"2025-12-01T20:40:00Z\"}<\/script>","tracker_url":"https:\/\/cdn.parsely.com\/keys\/casadecampoliving.com\/p.js"},"jetpack_publicize_connections":[],"jetpack_featured_media_url":"https:\/\/i0.wp.com\/casadecampoliving.com\/wp-content\/uploads\/2025\/12\/FN3A1054-scaled.jpg?fit=2560%2C1706&ssl=1","jetpack-related-posts":[{"id":511433,"url":"https:\/\/casadecampoliving.com\/es\/no-se-pierda-el-cafe-de-la-leche-de-navidad-de-este-ano-en-la-casita-el-sabado-10-de-diciembre\/","url_meta":{"origin":546017,"position":0},"title":"\u00a1No se pierda el Caf\u00e9 de la Leche de Navidad de este a\u00f1o en La Casita, el s\u00e1bado 10 de diciembre!","author":"Casa de Campo Living","date":"30 Nov, 2022","format":false,"excerpt":"\u00bfEst\u00e1s listo para la \u00e9poca m\u00e1s m\u00e1gica del a\u00f1o? \u00a1Te invitamos a agregar un evento muy tradicional a tu agenda! La edici\u00f3n especial y tradicional de Navidad de este mes del Caf\u00e9 de la Leche estar\u00e1 conducida por Julia Mart\u00ednez y tendr\u00e1 lugar el pr\u00f3ximo s\u00e1bado 10 de diciembre. Un\u2026","rel":"","context":"En \u00abEstilo de Vida\u00bb","block_context":{"text":"Estilo de Vida","link":"https:\/\/casadecampoliving.com\/es\/category\/estilo-de-vida\/"},"img":{"alt_text":"","src":"https:\/\/i0.wp.com\/casadecampoliving.com\/wp-content\/uploads\/2022\/10\/260392598_4406758816099730_2932602545673290362_n-1-1-e1668391390261.jpg?fit=1200%2C757&ssl=1&resize=350%2C200","width":350,"height":200,"srcset":"https:\/\/i0.wp.com\/casadecampoliving.com\/wp-content\/uploads\/2022\/10\/260392598_4406758816099730_2932602545673290362_n-1-1-e1668391390261.jpg?fit=1200%2C757&ssl=1&resize=350%2C200 1x, https:\/\/i0.wp.com\/casadecampoliving.com\/wp-content\/uploads\/2022\/10\/260392598_4406758816099730_2932602545673290362_n-1-1-e1668391390261.jpg?fit=1200%2C757&ssl=1&resize=525%2C300 1.5x, https:\/\/i0.wp.com\/casadecampoliving.com\/wp-content\/uploads\/2022\/10\/260392598_4406758816099730_2932602545673290362_n-1-1-e1668391390261.jpg?fit=1200%2C757&ssl=1&resize=700%2C400 2x, https:\/\/i0.wp.com\/casadecampoliving.com\/wp-content\/uploads\/2022\/10\/260392598_4406758816099730_2932602545673290362_n-1-1-e1668391390261.jpg?fit=1200%2C757&ssl=1&resize=1050%2C600 3x"},"classes":[]},{"id":354217,"url":"https:\/\/casadecampoliving.com\/es\/patronato-benefico-oriental-anuncia-cafe-de-la-leche-navideno-no-se-lo-pierda\/","url_meta":{"origin":546017,"position":1},"title":"Patronato Ben\u00e9fico Oriental anuncia Caf\u00e9 de la Leche Navide\u00f1o \u00a1No se lo pierda!","author":"Casa de Campo Living","date":"6 Dic, 2021","format":false,"excerpt":"\u00bfEst\u00e1s listo para la \u00e9poca m\u00e1s m\u00e1gica del a\u00f1o? Ya est\u00e1 publicado el calendario de eventos preparados por Casa de Campo para esta semana, \u00a1y ahora lo invitamos a agregar otro evento muy tradicional a su agenda! La edici\u00f3n especial y tradicional de Navidad del Caf\u00e9 de la Leche de\u2026","rel":"","context":"En \u00abAltos de Chavon @es\u00bb","block_context":{"text":"Altos de Chavon @es","link":"https:\/\/casadecampoliving.com\/category\/altos-de-chavon-es\/"},"img":{"alt_text":"","src":"https:\/\/i0.wp.com\/casadecampoliving.com\/wp-content\/uploads\/2022\/10\/Gabriella-Reginato-Sandra-Alvarado-Xiomara-Menendez-Alexandra-Avanzini-2-e1630947042301-1.jpg?fit=1000%2C667&ssl=1&resize=350%2C200","width":350,"height":200,"srcset":"https:\/\/i0.wp.com\/casadecampoliving.com\/wp-content\/uploads\/2022\/10\/Gabriella-Reginato-Sandra-Alvarado-Xiomara-Menendez-Alexandra-Avanzini-2-e1630947042301-1.jpg?fit=1000%2C667&ssl=1&resize=350%2C200 1x, https:\/\/i0.wp.com\/casadecampoliving.com\/wp-content\/uploads\/2022\/10\/Gabriella-Reginato-Sandra-Alvarado-Xiomara-Menendez-Alexandra-Avanzini-2-e1630947042301-1.jpg?fit=1000%2C667&ssl=1&resize=525%2C300 1.5x, https:\/\/i0.wp.com\/casadecampoliving.com\/wp-content\/uploads\/2022\/10\/Gabriella-Reginato-Sandra-Alvarado-Xiomara-Menendez-Alexandra-Avanzini-2-e1630947042301-1.jpg?fit=1000%2C667&ssl=1&resize=700%2C400 2x"},"classes":[]},{"id":524872,"url":"https:\/\/casadecampoliving.com\/es\/no-te-pierdas-el-cafe-de-la-leche-navideno-de-este-ano-viernes-8-de-diciembre\/","url_meta":{"origin":546017,"position":2},"title":"\u00a1No te pierdas el Caf\u00e9 de la Leche Navide\u00f1o de este a\u00f1o! Viernes 8 de diciembre","author":"Casa de Campo Living","date":"28 Nov, 2023","format":false,"excerpt":"\u00a1Prep\u00e1rate para una encantadora velada que captura la esencia de la temporada navide\u00f1a! Organizado por Xiomara Men\u00e9ndez, fundadora del Patronato Benefico Oriental, el Caf\u00e9 de la Leche de este a\u00f1o te espera en Bah\u00eda Minitas #5 el viernes 8 de diciembre, de 5:30 pm a 7:30 pm. Como de costumbre\u2026","rel":"","context":"En \u00abEventos\u00bb","block_context":{"text":"Eventos","link":"https:\/\/casadecampoliving.com\/es\/category\/eventos-es\/"},"img":{"alt_text":"","src":"https:\/\/i0.wp.com\/casadecampoliving.com\/wp-content\/uploads\/2023\/12\/JuliaMartinezErikaVilainXiomaraDajerdeMenendez-1.jpg?fit=1200%2C800&ssl=1&resize=350%2C200","width":350,"height":200,"srcset":"https:\/\/i0.wp.com\/casadecampoliving.com\/wp-content\/uploads\/2023\/12\/JuliaMartinezErikaVilainXiomaraDajerdeMenendez-1.jpg?fit=1200%2C800&ssl=1&resize=350%2C200 1x, https:\/\/i0.wp.com\/casadecampoliving.com\/wp-content\/uploads\/2023\/12\/JuliaMartinezErikaVilainXiomaraDajerdeMenendez-1.jpg?fit=1200%2C800&ssl=1&resize=525%2C300 1.5x, https:\/\/i0.wp.com\/casadecampoliving.com\/wp-content\/uploads\/2023\/12\/JuliaMartinezErikaVilainXiomaraDajerdeMenendez-1.jpg?fit=1200%2C800&ssl=1&resize=700%2C400 2x, https:\/\/i0.wp.com\/casadecampoliving.com\/wp-content\/uploads\/2023\/12\/JuliaMartinezErikaVilainXiomaraDajerdeMenendez-1.jpg?fit=1200%2C800&ssl=1&resize=1050%2C600 3x"},"classes":[]},{"id":353023,"url":"https:\/\/casadecampoliving.com\/es\/no-te-pierdas-el-cafe-de-la-leche-navidadeno-de-este-ano-el-martes-11-de-diciembre\/","url_meta":{"origin":546017,"position":3},"title":"\u00a1No te pierdas el Caf\u00e9 de la Leche Navide\u00f1o de este a\u00f1o el martes 11 de diciembre!","author":"Casa de Campo Living","date":"29 Nov, 2018","format":false,"excerpt":"\u00bfEst\u00e1 listo para la \u00e9poca m\u00e1s m\u00e1gica del a\u00f1o? Ya se ha publicado el calendario completo de eventos organizados por Casa de Campo, \u00a1y ahora lo invitamos a agregar otro evento a su agenda! La \u00faltima edici\u00f3n del a\u00f1o del Caf\u00e9 de la Leche, organizada anualmente por la Sra. Xiomara\u2026","rel":"","context":"En \u00abEstilo de Vida\u00bb","block_context":{"text":"Estilo de Vida","link":"https:\/\/casadecampoliving.com\/es\/category\/estilo-de-vida\/"},"img":{"alt_text":"","src":"https:\/\/i0.wp.com\/casadecampoliving.com\/wp-content\/uploads\/2018\/11\/IMG_8613.jpg?resize=350%2C200&ssl=1","width":350,"height":200,"srcset":"https:\/\/i0.wp.com\/casadecampoliving.com\/wp-content\/uploads\/2018\/11\/IMG_8613.jpg?resize=350%2C200&ssl=1 1x, https:\/\/i0.wp.com\/casadecampoliving.com\/wp-content\/uploads\/2018\/11\/IMG_8613.jpg?resize=525%2C300&ssl=1 1.5x, https:\/\/i0.wp.com\/casadecampoliving.com\/wp-content\/uploads\/2018\/11\/IMG_8613.jpg?resize=700%2C400&ssl=1 2x"},"classes":[]},{"id":340222,"url":"https:\/\/casadecampoliving.com\/es\/y-llega-la-navidad-a-cafe-de-la-leche-este-miercoles-12-de-diciembre\/","url_meta":{"origin":546017,"position":4},"title":"Y llega la Navidad a Caf\u00e9 de la leche este mi\u00e9rcoles 12 de diciembre","author":"Tere Garcia","date":"6 Dic, 2012","format":false,"excerpt":"Es posible que no haya \u00a0lugar m\u00e1s navide\u00f1o en Casa de Campo que la hermosa y elegante casa de Xiomara Men\u00e9ndez, fundadora del Patronato Ben\u00e9fico Oriental, la caridad bajo la organizacion del Hogar del Ni\u00f1o y anfitri\u00f3na de este\u201d Caf\u00e9 la Leche \u201c, que tendr\u00e1 lugar este miercoles 12 de\u2026","rel":"","context":"En \u00abCasa de Campo Living @es\u00bb","block_context":{"text":"Casa de Campo Living @es","link":"https:\/\/casadecampoliving.com\/category\/casa-de-campo-living-es\/"},"img":{"alt_text":"casa de campo","src":"https:\/\/i0.wp.com\/casadecampoliving.com\/wp-content\/uploads\/2022\/10\/sunset_casa_de_campo2-1.jpg?fit=650%2C410&ssl=1&resize=350%2C200","width":350,"height":200,"srcset":"https:\/\/i0.wp.com\/casadecampoliving.com\/wp-content\/uploads\/2022\/10\/sunset_casa_de_campo2-1.jpg?fit=650%2C410&ssl=1&resize=350%2C200 1x, https:\/\/i0.wp.com\/casadecampoliving.com\/wp-content\/uploads\/2022\/10\/sunset_casa_de_campo2-1.jpg?fit=650%2C410&ssl=1&resize=525%2C300 1.5x"},"classes":[]},{"id":348759,"url":"https:\/\/casadecampoliving.com\/es\/cafe-de-la-leche-navideno\/","url_meta":{"origin":546017,"position":5},"title":"\u00a1No te pierdas el mejor y m\u00e1s feliz Caf\u00e9 de la Leche del a\u00f1o!","author":"Felix Guerrero","date":"8 Dic, 2015","format":false,"excerpt":"Todos los meses nos reunimos para celebrar el Caf\u00e9 de la Leche en apoyo a los peque\u00f1ines\u00a0del Hogar del Ni\u00f1o, y este viernes, 11 de diciembre, no ser\u00e1 la excepci\u00f3n; siendo \u00e9ste el \u00faltimo del\u00a0a\u00f1o, el\u00a0Caf\u00e9 de la Leche Navide\u00f1o, \u00a1y vaya que ser\u00e1 espectacular! Como de costumbre, la anfitriona\u2026","rel":"","context":"En \u00abCasa de Campo Living @es\u00bb","block_context":{"text":"Casa de Campo Living @es","link":"https:\/\/casadecampoliving.com\/category\/casa-de-campo-living-es\/"},"img":{"alt_text":"Christmas Caf\u00e9 de la Leche","src":"https:\/\/i0.wp.com\/casadecampoliving.com\/wp-content\/uploads\/2022\/10\/Christmas-Cafe-de-la-Leche-1.jpg?fit=650%2C400&ssl=1&resize=350%2C200","width":350,"height":200,"srcset":"https:\/\/i0.wp.com\/casadecampoliving.com\/wp-content\/uploads\/2022\/10\/Christmas-Cafe-de-la-Leche-1.jpg?fit=650%2C400&ssl=1&resize=350%2C200 1x, https:\/\/i0.wp.com\/casadecampoliving.com\/wp-content\/uploads\/2022\/10\/Christmas-Cafe-de-la-Leche-1.jpg?fit=650%2C400&ssl=1&resize=525%2C300 1.5x"},"classes":[]}],"jetpack_sharing_enabled":true,"_links":{"self":[{"href":"https:\/\/casadecampoliving.com\/es\/wp-json\/wp\/v2\/posts\/546017","targetHints":{"allow":["GET"]}}],"collection":[{"href":"https:\/\/casadecampoliving.com\/es\/wp-json\/wp\/v2\/posts"}],"about":[{"href":"https:\/\/casadecampoliving.com\/es\/wp-json\/wp\/v2\/types\/post"}],"author":[{"embeddable":true,"href":"https:\/\/casadecampoliving.com\/es\/wp-json\/wp\/v2\/users\/431"}],"replies":[{"embeddable":true,"href":"https:\/\/casadecampoliving.com\/es\/wp-json\/wp\/v2\/comments?post=546017"}],"version-history":[{"count":2,"href":"https:\/\/casadecampoliving.com\/es\/wp-json\/wp\/v2\/posts\/546017\/revisions"}],"predecessor-version":[{"id":546035,"href":"https:\/\/casadecampoliving.com\/es\/wp-json\/wp\/v2\/posts\/546017\/revisions\/546035"}],"wp:featuredmedia":[{"embeddable":true,"href":"https:\/\/casadecampoliving.com\/es\/wp-json\/wp\/v2\/media\/546032"}],"wp:attachment":[{"href":"https:\/\/casadecampoliving.com\/es\/wp-json\/wp\/v2\/media?parent=546017"}],"wp:term":[{"taxonomy":"category","embeddable":true,"href":"https:\/\/casadecampoliving.com\/es\/wp-json\/wp\/v2\/categories?post=546017"},{"taxonomy":"post_tag","embeddable":true,"href":"https:\/\/casadecampoliving.com\/es\/wp-json\/wp\/v2\/tags?post=546017"},{"taxonomy":"newspack_spnsrs_tax","embeddable":true,"href":"https:\/\/casadecampoliving.com\/es\/wp-json\/wp\/v2\/newspack_spnsrs_tax?post=546017"}],"curies":[{"name":"wp","href":"https:\/\/api.w.org\/{rel}","templated":true}]}}