{"id":545794,"date":"2025-11-24T11:10:26","date_gmt":"2025-11-24T15:10:26","guid":{"rendered":"https:\/\/casadecampoliving.com\/?p=545794"},"modified":"2025-12-10T16:35:21","modified_gmt":"2025-12-10T20:35:21","slug":"concluye-con-exito-tercera-edicion-de-alma-casa-de-campo","status":"publish","type":"post","link":"https:\/\/casadecampoliving.com\/es\/concluye-con-exito-tercera-edicion-de-alma-casa-de-campo\/","title":{"rendered":"Concluye con \u00e9xito tercera edici\u00f3n de ALMA Casa de Campo"},"content":{"rendered":"\n<p>Casa de Campo Resort &amp; Villas clausur\u00f3 con \u00e9xito rotundo la tercera edici\u00f3n de su aclamado evento, \u00abALMA Casa de Campo\u00bb. Este a\u00f1o, la cita reafirm\u00f3 su posici\u00f3n como un punto de encuentro estrat\u00e9gico entre el capital dominicano y espa\u00f1ol. El evento, que tuvo lugar del 20 al 22 de noviembre, fue una experiencia inolvidable que fusion\u00f3 magistralmente la tradici\u00f3n andaluza con la alta cocina y el <em>networking<\/em> empresarial.<\/p>\n\n\n\n<div class=\"wp-block-jetpack-slideshow aligncenter\" data-effect=\"slide\" style=\"--aspect-ratio:calc(1024 \/ 683)\"><div class=\"wp-block-jetpack-slideshow_container swiper\"><ul class=\"wp-block-jetpack-slideshow_swiper-wrapper swiper-wrapper\"><li class=\"wp-block-jetpack-slideshow_slide swiper-slide\"><figure><img data-recalc-dims=\"1\" loading=\"lazy\" decoding=\"async\" width=\"1024\" height=\"683\" alt=\"\" class=\"wp-block-jetpack-slideshow_image wp-image-545809\" data-id=\"545809\" data-aspect-ratio=\"1024 \/ 683\" src=\"https:\/\/i0.wp.com\/casadecampoliving.com\/wp-content\/uploads\/2025\/11\/Javier-Longarte-Cuchy-Perez-Susana-Deleito-Aguie-Lendor-Cesar-Rodriguez-Francisco-Perez-Menendez.jpg?resize=1024%2C683&#038;ssl=1\" srcset=\"https:\/\/i0.wp.com\/casadecampoliving.com\/wp-content\/uploads\/2025\/11\/Javier-Longarte-Cuchy-Perez-Susana-Deleito-Aguie-Lendor-Cesar-Rodriguez-Francisco-Perez-Menendez-scaled.jpg?resize=1024%2C683&amp;ssl=1 1024w, https:\/\/i0.wp.com\/casadecampoliving.com\/wp-content\/uploads\/2025\/11\/Javier-Longarte-Cuchy-Perez-Susana-Deleito-Aguie-Lendor-Cesar-Rodriguez-Francisco-Perez-Menendez-scaled.jpg?resize=300%2C200&amp;ssl=1 300w, https:\/\/i0.wp.com\/casadecampoliving.com\/wp-content\/uploads\/2025\/11\/Javier-Longarte-Cuchy-Perez-Susana-Deleito-Aguie-Lendor-Cesar-Rodriguez-Francisco-Perez-Menendez-scaled.jpg?resize=768%2C512&amp;ssl=1 768w, https:\/\/i0.wp.com\/casadecampoliving.com\/wp-content\/uploads\/2025\/11\/Javier-Longarte-Cuchy-Perez-Susana-Deleito-Aguie-Lendor-Cesar-Rodriguez-Francisco-Perez-Menendez-scaled.jpg?resize=1536%2C1024&amp;ssl=1 1536w, https:\/\/i0.wp.com\/casadecampoliving.com\/wp-content\/uploads\/2025\/11\/Javier-Longarte-Cuchy-Perez-Susana-Deleito-Aguie-Lendor-Cesar-Rodriguez-Francisco-Perez-Menendez-scaled.jpg?resize=2048%2C1365&amp;ssl=1 2048w, https:\/\/i0.wp.com\/casadecampoliving.com\/wp-content\/uploads\/2025\/11\/Javier-Longarte-Cuchy-Perez-Susana-Deleito-Aguie-Lendor-Cesar-Rodriguez-Francisco-Perez-Menendez-scaled.jpg?resize=1200%2C800&amp;ssl=1 1200w, https:\/\/i0.wp.com\/casadecampoliving.com\/wp-content\/uploads\/2025\/11\/Javier-Longarte-Cuchy-Perez-Susana-Deleito-Aguie-Lendor-Cesar-Rodriguez-Francisco-Perez-Menendez-scaled.jpg?resize=2000%2C1333&amp;ssl=1 2000w, https:\/\/i0.wp.com\/casadecampoliving.com\/wp-content\/uploads\/2025\/11\/Javier-Longarte-Cuchy-Perez-Susana-Deleito-Aguie-Lendor-Cesar-Rodriguez-Francisco-Perez-Menendez-scaled.jpg?resize=780%2C520&amp;ssl=1 780w, https:\/\/i0.wp.com\/casadecampoliving.com\/wp-content\/uploads\/2025\/11\/Javier-Longarte-Cuchy-Perez-Susana-Deleito-Aguie-Lendor-Cesar-Rodriguez-Francisco-Perez-Menendez-scaled.jpg?resize=400%2C267&amp;ssl=1 400w, https:\/\/i0.wp.com\/casadecampoliving.com\/wp-content\/uploads\/2025\/11\/Javier-Longarte-Cuchy-Perez-Susana-Deleito-Aguie-Lendor-Cesar-Rodriguez-Francisco-Perez-Menendez-scaled.jpg?resize=1320%2C880&amp;ssl=1 1320w, https:\/\/i0.wp.com\/casadecampoliving.com\/wp-content\/uploads\/2025\/11\/Javier-Longarte-Cuchy-Perez-Susana-Deleito-Aguie-Lendor-Cesar-Rodriguez-Francisco-Perez-Menendez-scaled.jpg?resize=150%2C100&amp;ssl=1 150w, https:\/\/i0.wp.com\/casadecampoliving.com\/wp-content\/uploads\/2025\/11\/Javier-Longarte-Cuchy-Perez-Susana-Deleito-Aguie-Lendor-Cesar-Rodriguez-Francisco-Perez-Menendez-1024x683.jpg?w=370&amp;ssl=1 370w\" sizes=\"(max-width: 1000px) 100vw, 1000px\" \/><figcaption class=\"wp-block-jetpack-slideshow_caption gallery-caption\">El encuentro se realiz\u00f3 en la terraza del Dye Fore, en Altos de Chav\u00f3n.<\/figcaption><\/figure><\/li><li class=\"wp-block-jetpack-slideshow_slide swiper-slide\"><figure><img data-recalc-dims=\"1\" loading=\"lazy\" decoding=\"async\" width=\"1024\" height=\"683\" alt=\"\" class=\"wp-block-jetpack-slideshow_image wp-image-545803\" data-id=\"545803\" data-aspect-ratio=\"1024 \/ 683\" src=\"https:\/\/i0.wp.com\/casadecampoliving.com\/wp-content\/uploads\/2025\/11\/Bolivar-Batista-Nicolina-Landorfo-Rocio-Armenteros-Ilan-Dabara-1.jpg?resize=1024%2C683&#038;ssl=1\" srcset=\"https:\/\/i0.wp.com\/casadecampoliving.com\/wp-content\/uploads\/2025\/11\/Bolivar-Batista-Nicolina-Landorfo-Rocio-Armenteros-Ilan-Dabara-1-scaled.jpg?resize=1024%2C683&amp;ssl=1 1024w, https:\/\/i0.wp.com\/casadecampoliving.com\/wp-content\/uploads\/2025\/11\/Bolivar-Batista-Nicolina-Landorfo-Rocio-Armenteros-Ilan-Dabara-1-scaled.jpg?resize=300%2C200&amp;ssl=1 300w, https:\/\/i0.wp.com\/casadecampoliving.com\/wp-content\/uploads\/2025\/11\/Bolivar-Batista-Nicolina-Landorfo-Rocio-Armenteros-Ilan-Dabara-1-scaled.jpg?resize=768%2C512&amp;ssl=1 768w, https:\/\/i0.wp.com\/casadecampoliving.com\/wp-content\/uploads\/2025\/11\/Bolivar-Batista-Nicolina-Landorfo-Rocio-Armenteros-Ilan-Dabara-1-scaled.jpg?resize=1536%2C1024&amp;ssl=1 1536w, https:\/\/i0.wp.com\/casadecampoliving.com\/wp-content\/uploads\/2025\/11\/Bolivar-Batista-Nicolina-Landorfo-Rocio-Armenteros-Ilan-Dabara-1-scaled.jpg?resize=2048%2C1365&amp;ssl=1 2048w, https:\/\/i0.wp.com\/casadecampoliving.com\/wp-content\/uploads\/2025\/11\/Bolivar-Batista-Nicolina-Landorfo-Rocio-Armenteros-Ilan-Dabara-1-scaled.jpg?resize=1200%2C800&amp;ssl=1 1200w, https:\/\/i0.wp.com\/casadecampoliving.com\/wp-content\/uploads\/2025\/11\/Bolivar-Batista-Nicolina-Landorfo-Rocio-Armenteros-Ilan-Dabara-1-scaled.jpg?resize=2000%2C1333&amp;ssl=1 2000w, https:\/\/i0.wp.com\/casadecampoliving.com\/wp-content\/uploads\/2025\/11\/Bolivar-Batista-Nicolina-Landorfo-Rocio-Armenteros-Ilan-Dabara-1-scaled.jpg?resize=780%2C520&amp;ssl=1 780w, https:\/\/i0.wp.com\/casadecampoliving.com\/wp-content\/uploads\/2025\/11\/Bolivar-Batista-Nicolina-Landorfo-Rocio-Armenteros-Ilan-Dabara-1-scaled.jpg?resize=400%2C267&amp;ssl=1 400w, https:\/\/i0.wp.com\/casadecampoliving.com\/wp-content\/uploads\/2025\/11\/Bolivar-Batista-Nicolina-Landorfo-Rocio-Armenteros-Ilan-Dabara-1-scaled.jpg?resize=1320%2C880&amp;ssl=1 1320w, https:\/\/i0.wp.com\/casadecampoliving.com\/wp-content\/uploads\/2025\/11\/Bolivar-Batista-Nicolina-Landorfo-Rocio-Armenteros-Ilan-Dabara-1-scaled.jpg?resize=150%2C100&amp;ssl=1 150w, https:\/\/i0.wp.com\/casadecampoliving.com\/wp-content\/uploads\/2025\/11\/Bolivar-Batista-Nicolina-Landorfo-Rocio-Armenteros-Ilan-Dabara-1-1024x683.jpg?w=370&amp;ssl=1 370w\" sizes=\"(max-width: 1000px) 100vw, 1000px\" \/><\/figure><\/li><li class=\"wp-block-jetpack-slideshow_slide swiper-slide\"><figure><img data-recalc-dims=\"1\" loading=\"lazy\" decoding=\"async\" width=\"1024\" height=\"683\" alt=\"\" class=\"wp-block-jetpack-slideshow_image wp-image-545799\" data-id=\"545799\" data-aspect-ratio=\"1024 \/ 683\" src=\"https:\/\/i0.wp.com\/casadecampoliving.com\/wp-content\/uploads\/2025\/11\/Carlos-Martin-Enrique-Dura-Humbert-Colom-1.jpg?resize=1024%2C683&#038;ssl=1\" srcset=\"https:\/\/i0.wp.com\/casadecampoliving.com\/wp-content\/uploads\/2025\/11\/Carlos-Martin-Enrique-Dura-Humbert-Colom-1-scaled.jpg?resize=1024%2C683&amp;ssl=1 1024w, https:\/\/i0.wp.com\/casadecampoliving.com\/wp-content\/uploads\/2025\/11\/Carlos-Martin-Enrique-Dura-Humbert-Colom-1-scaled.jpg?resize=300%2C200&amp;ssl=1 300w, https:\/\/i0.wp.com\/casadecampoliving.com\/wp-content\/uploads\/2025\/11\/Carlos-Martin-Enrique-Dura-Humbert-Colom-1-scaled.jpg?resize=768%2C512&amp;ssl=1 768w, https:\/\/i0.wp.com\/casadecampoliving.com\/wp-content\/uploads\/2025\/11\/Carlos-Martin-Enrique-Dura-Humbert-Colom-1-scaled.jpg?resize=1536%2C1024&amp;ssl=1 1536w, https:\/\/i0.wp.com\/casadecampoliving.com\/wp-content\/uploads\/2025\/11\/Carlos-Martin-Enrique-Dura-Humbert-Colom-1-scaled.jpg?resize=2048%2C1365&amp;ssl=1 2048w, https:\/\/i0.wp.com\/casadecampoliving.com\/wp-content\/uploads\/2025\/11\/Carlos-Martin-Enrique-Dura-Humbert-Colom-1-scaled.jpg?resize=1200%2C800&amp;ssl=1 1200w, https:\/\/i0.wp.com\/casadecampoliving.com\/wp-content\/uploads\/2025\/11\/Carlos-Martin-Enrique-Dura-Humbert-Colom-1-scaled.jpg?resize=2000%2C1333&amp;ssl=1 2000w, https:\/\/i0.wp.com\/casadecampoliving.com\/wp-content\/uploads\/2025\/11\/Carlos-Martin-Enrique-Dura-Humbert-Colom-1-scaled.jpg?resize=780%2C520&amp;ssl=1 780w, https:\/\/i0.wp.com\/casadecampoliving.com\/wp-content\/uploads\/2025\/11\/Carlos-Martin-Enrique-Dura-Humbert-Colom-1-scaled.jpg?resize=400%2C267&amp;ssl=1 400w, https:\/\/i0.wp.com\/casadecampoliving.com\/wp-content\/uploads\/2025\/11\/Carlos-Martin-Enrique-Dura-Humbert-Colom-1-scaled.jpg?resize=1320%2C880&amp;ssl=1 1320w, https:\/\/i0.wp.com\/casadecampoliving.com\/wp-content\/uploads\/2025\/11\/Carlos-Martin-Enrique-Dura-Humbert-Colom-1-scaled.jpg?resize=150%2C100&amp;ssl=1 150w, https:\/\/i0.wp.com\/casadecampoliving.com\/wp-content\/uploads\/2025\/11\/Carlos-Martin-Enrique-Dura-Humbert-Colom-1-1024x683.jpg?w=370&amp;ssl=1 370w\" sizes=\"(max-width: 1000px) 100vw, 1000px\" \/><\/figure><\/li><li class=\"wp-block-jetpack-slideshow_slide swiper-slide\"><figure><img data-recalc-dims=\"1\" loading=\"lazy\" decoding=\"async\" width=\"1024\" height=\"683\" alt=\"\" class=\"wp-block-jetpack-slideshow_image wp-image-545805\" data-id=\"545805\" data-aspect-ratio=\"1024 \/ 683\" src=\"https:\/\/i0.wp.com\/casadecampoliving.com\/wp-content\/uploads\/2025\/11\/Mirella-Ruiz-Leon-Juan-Martin-Calero-Ana-Cortina-Ariel-Deniz-Robaina-Laura-Naveiras-1.jpg?resize=1024%2C683&#038;ssl=1\" srcset=\"https:\/\/i0.wp.com\/casadecampoliving.com\/wp-content\/uploads\/2025\/11\/Mirella-Ruiz-Leon-Juan-Martin-Calero-Ana-Cortina-Ariel-Deniz-Robaina-Laura-Naveiras-1-scaled.jpg?resize=1024%2C683&amp;ssl=1 1024w, https:\/\/i0.wp.com\/casadecampoliving.com\/wp-content\/uploads\/2025\/11\/Mirella-Ruiz-Leon-Juan-Martin-Calero-Ana-Cortina-Ariel-Deniz-Robaina-Laura-Naveiras-1-scaled.jpg?resize=300%2C200&amp;ssl=1 300w, https:\/\/i0.wp.com\/casadecampoliving.com\/wp-content\/uploads\/2025\/11\/Mirella-Ruiz-Leon-Juan-Martin-Calero-Ana-Cortina-Ariel-Deniz-Robaina-Laura-Naveiras-1-scaled.jpg?resize=768%2C512&amp;ssl=1 768w, https:\/\/i0.wp.com\/casadecampoliving.com\/wp-content\/uploads\/2025\/11\/Mirella-Ruiz-Leon-Juan-Martin-Calero-Ana-Cortina-Ariel-Deniz-Robaina-Laura-Naveiras-1-scaled.jpg?resize=1536%2C1024&amp;ssl=1 1536w, https:\/\/i0.wp.com\/casadecampoliving.com\/wp-content\/uploads\/2025\/11\/Mirella-Ruiz-Leon-Juan-Martin-Calero-Ana-Cortina-Ariel-Deniz-Robaina-Laura-Naveiras-1-scaled.jpg?resize=2048%2C1365&amp;ssl=1 2048w, https:\/\/i0.wp.com\/casadecampoliving.com\/wp-content\/uploads\/2025\/11\/Mirella-Ruiz-Leon-Juan-Martin-Calero-Ana-Cortina-Ariel-Deniz-Robaina-Laura-Naveiras-1-scaled.jpg?resize=1200%2C800&amp;ssl=1 1200w, https:\/\/i0.wp.com\/casadecampoliving.com\/wp-content\/uploads\/2025\/11\/Mirella-Ruiz-Leon-Juan-Martin-Calero-Ana-Cortina-Ariel-Deniz-Robaina-Laura-Naveiras-1-scaled.jpg?resize=2000%2C1333&amp;ssl=1 2000w, https:\/\/i0.wp.com\/casadecampoliving.com\/wp-content\/uploads\/2025\/11\/Mirella-Ruiz-Leon-Juan-Martin-Calero-Ana-Cortina-Ariel-Deniz-Robaina-Laura-Naveiras-1-scaled.jpg?resize=780%2C520&amp;ssl=1 780w, https:\/\/i0.wp.com\/casadecampoliving.com\/wp-content\/uploads\/2025\/11\/Mirella-Ruiz-Leon-Juan-Martin-Calero-Ana-Cortina-Ariel-Deniz-Robaina-Laura-Naveiras-1-scaled.jpg?resize=400%2C267&amp;ssl=1 400w, https:\/\/i0.wp.com\/casadecampoliving.com\/wp-content\/uploads\/2025\/11\/Mirella-Ruiz-Leon-Juan-Martin-Calero-Ana-Cortina-Ariel-Deniz-Robaina-Laura-Naveiras-1-scaled.jpg?resize=1320%2C880&amp;ssl=1 1320w, https:\/\/i0.wp.com\/casadecampoliving.com\/wp-content\/uploads\/2025\/11\/Mirella-Ruiz-Leon-Juan-Martin-Calero-Ana-Cortina-Ariel-Deniz-Robaina-Laura-Naveiras-1-scaled.jpg?resize=150%2C100&amp;ssl=1 150w, https:\/\/i0.wp.com\/casadecampoliving.com\/wp-content\/uploads\/2025\/11\/Mirella-Ruiz-Leon-Juan-Martin-Calero-Ana-Cortina-Ariel-Deniz-Robaina-Laura-Naveiras-1-1024x683.jpg?w=370&amp;ssl=1 370w\" sizes=\"(max-width: 1000px) 100vw, 1000px\" \/><\/figure><\/li><li class=\"wp-block-jetpack-slideshow_slide swiper-slide\"><figure><img data-recalc-dims=\"1\" loading=\"lazy\" decoding=\"async\" width=\"1024\" height=\"683\" alt=\"\" class=\"wp-block-jetpack-slideshow_image wp-image-545797\" data-id=\"545797\" data-aspect-ratio=\"1024 \/ 683\" src=\"https:\/\/i0.wp.com\/casadecampoliving.com\/wp-content\/uploads\/2025\/11\/Natacha-Quiterio-Raimy-Mejia-Luinna-Rodriguez-Leticia-Pastor-1.jpg?resize=1024%2C683&#038;ssl=1\" srcset=\"https:\/\/i0.wp.com\/casadecampoliving.com\/wp-content\/uploads\/2025\/11\/Natacha-Quiterio-Raimy-Mejia-Luinna-Rodriguez-Leticia-Pastor-1-scaled.jpg?resize=1024%2C683&amp;ssl=1 1024w, https:\/\/i0.wp.com\/casadecampoliving.com\/wp-content\/uploads\/2025\/11\/Natacha-Quiterio-Raimy-Mejia-Luinna-Rodriguez-Leticia-Pastor-1-scaled.jpg?resize=300%2C200&amp;ssl=1 300w, https:\/\/i0.wp.com\/casadecampoliving.com\/wp-content\/uploads\/2025\/11\/Natacha-Quiterio-Raimy-Mejia-Luinna-Rodriguez-Leticia-Pastor-1-scaled.jpg?resize=768%2C512&amp;ssl=1 768w, https:\/\/i0.wp.com\/casadecampoliving.com\/wp-content\/uploads\/2025\/11\/Natacha-Quiterio-Raimy-Mejia-Luinna-Rodriguez-Leticia-Pastor-1-scaled.jpg?resize=1536%2C1024&amp;ssl=1 1536w, https:\/\/i0.wp.com\/casadecampoliving.com\/wp-content\/uploads\/2025\/11\/Natacha-Quiterio-Raimy-Mejia-Luinna-Rodriguez-Leticia-Pastor-1-scaled.jpg?resize=2048%2C1365&amp;ssl=1 2048w, https:\/\/i0.wp.com\/casadecampoliving.com\/wp-content\/uploads\/2025\/11\/Natacha-Quiterio-Raimy-Mejia-Luinna-Rodriguez-Leticia-Pastor-1-scaled.jpg?resize=1200%2C800&amp;ssl=1 1200w, https:\/\/i0.wp.com\/casadecampoliving.com\/wp-content\/uploads\/2025\/11\/Natacha-Quiterio-Raimy-Mejia-Luinna-Rodriguez-Leticia-Pastor-1-scaled.jpg?resize=2000%2C1333&amp;ssl=1 2000w, https:\/\/i0.wp.com\/casadecampoliving.com\/wp-content\/uploads\/2025\/11\/Natacha-Quiterio-Raimy-Mejia-Luinna-Rodriguez-Leticia-Pastor-1-scaled.jpg?resize=780%2C520&amp;ssl=1 780w, https:\/\/i0.wp.com\/casadecampoliving.com\/wp-content\/uploads\/2025\/11\/Natacha-Quiterio-Raimy-Mejia-Luinna-Rodriguez-Leticia-Pastor-1-scaled.jpg?resize=400%2C267&amp;ssl=1 400w, https:\/\/i0.wp.com\/casadecampoliving.com\/wp-content\/uploads\/2025\/11\/Natacha-Quiterio-Raimy-Mejia-Luinna-Rodriguez-Leticia-Pastor-1-scaled.jpg?resize=1320%2C880&amp;ssl=1 1320w, https:\/\/i0.wp.com\/casadecampoliving.com\/wp-content\/uploads\/2025\/11\/Natacha-Quiterio-Raimy-Mejia-Luinna-Rodriguez-Leticia-Pastor-1-scaled.jpg?resize=150%2C100&amp;ssl=1 150w, https:\/\/i0.wp.com\/casadecampoliving.com\/wp-content\/uploads\/2025\/11\/Natacha-Quiterio-Raimy-Mejia-Luinna-Rodriguez-Leticia-Pastor-1-1024x683.jpg?w=370&amp;ssl=1 370w\" sizes=\"(max-width: 1000px) 100vw, 1000px\" \/><\/figure><\/li><li class=\"wp-block-jetpack-slideshow_slide swiper-slide\"><figure><img data-recalc-dims=\"1\" loading=\"lazy\" decoding=\"async\" width=\"1024\" height=\"683\" alt=\"\" class=\"wp-block-jetpack-slideshow_image wp-image-545801\" data-id=\"545801\" data-aspect-ratio=\"1024 \/ 683\" src=\"https:\/\/i0.wp.com\/casadecampoliving.com\/wp-content\/uploads\/2025\/11\/Oliver-Pena-Fenix-Vidal-Cuchy-Perez-Alejandro-Campos-1.jpg?resize=1024%2C683&#038;ssl=1\" srcset=\"https:\/\/i0.wp.com\/casadecampoliving.com\/wp-content\/uploads\/2025\/11\/Oliver-Pena-Fenix-Vidal-Cuchy-Perez-Alejandro-Campos-1-scaled.jpg?resize=1024%2C683&amp;ssl=1 1024w, https:\/\/i0.wp.com\/casadecampoliving.com\/wp-content\/uploads\/2025\/11\/Oliver-Pena-Fenix-Vidal-Cuchy-Perez-Alejandro-Campos-1-scaled.jpg?resize=300%2C200&amp;ssl=1 300w, https:\/\/i0.wp.com\/casadecampoliving.com\/wp-content\/uploads\/2025\/11\/Oliver-Pena-Fenix-Vidal-Cuchy-Perez-Alejandro-Campos-1-scaled.jpg?resize=768%2C512&amp;ssl=1 768w, https:\/\/i0.wp.com\/casadecampoliving.com\/wp-content\/uploads\/2025\/11\/Oliver-Pena-Fenix-Vidal-Cuchy-Perez-Alejandro-Campos-1-scaled.jpg?resize=1536%2C1024&amp;ssl=1 1536w, https:\/\/i0.wp.com\/casadecampoliving.com\/wp-content\/uploads\/2025\/11\/Oliver-Pena-Fenix-Vidal-Cuchy-Perez-Alejandro-Campos-1-scaled.jpg?resize=2048%2C1365&amp;ssl=1 2048w, https:\/\/i0.wp.com\/casadecampoliving.com\/wp-content\/uploads\/2025\/11\/Oliver-Pena-Fenix-Vidal-Cuchy-Perez-Alejandro-Campos-1-scaled.jpg?resize=1200%2C800&amp;ssl=1 1200w, https:\/\/i0.wp.com\/casadecampoliving.com\/wp-content\/uploads\/2025\/11\/Oliver-Pena-Fenix-Vidal-Cuchy-Perez-Alejandro-Campos-1-scaled.jpg?resize=2000%2C1333&amp;ssl=1 2000w, https:\/\/i0.wp.com\/casadecampoliving.com\/wp-content\/uploads\/2025\/11\/Oliver-Pena-Fenix-Vidal-Cuchy-Perez-Alejandro-Campos-1-scaled.jpg?resize=780%2C520&amp;ssl=1 780w, https:\/\/i0.wp.com\/casadecampoliving.com\/wp-content\/uploads\/2025\/11\/Oliver-Pena-Fenix-Vidal-Cuchy-Perez-Alejandro-Campos-1-scaled.jpg?resize=400%2C267&amp;ssl=1 400w, https:\/\/i0.wp.com\/casadecampoliving.com\/wp-content\/uploads\/2025\/11\/Oliver-Pena-Fenix-Vidal-Cuchy-Perez-Alejandro-Campos-1-scaled.jpg?resize=1320%2C880&amp;ssl=1 1320w, https:\/\/i0.wp.com\/casadecampoliving.com\/wp-content\/uploads\/2025\/11\/Oliver-Pena-Fenix-Vidal-Cuchy-Perez-Alejandro-Campos-1-scaled.jpg?resize=150%2C100&amp;ssl=1 150w, https:\/\/i0.wp.com\/casadecampoliving.com\/wp-content\/uploads\/2025\/11\/Oliver-Pena-Fenix-Vidal-Cuchy-Perez-Alejandro-Campos-1-1024x683.jpg?w=370&amp;ssl=1 370w\" sizes=\"(max-width: 1000px) 100vw, 1000px\" \/><\/figure><\/li><li class=\"wp-block-jetpack-slideshow_slide swiper-slide\"><figure><img data-recalc-dims=\"1\" loading=\"lazy\" decoding=\"async\" width=\"1024\" height=\"683\" alt=\"\" class=\"wp-block-jetpack-slideshow_image wp-image-545807\" data-id=\"545807\" data-aspect-ratio=\"1024 \/ 683\" src=\"https:\/\/i0.wp.com\/casadecampoliving.com\/wp-content\/uploads\/2025\/11\/Egoitz-Aguirre-Jose-Antonio-Hidalgo-Carolina-Sequera-Francisco-Perez-Menendez-Julio-Hernandez-1.jpg?resize=1024%2C683&#038;ssl=1\" srcset=\"https:\/\/i0.wp.com\/casadecampoliving.com\/wp-content\/uploads\/2025\/11\/Egoitz-Aguirre-Jose-Antonio-Hidalgo-Carolina-Sequera-Francisco-Perez-Menendez-Julio-Hernandez-1-scaled.jpg?resize=1024%2C683&amp;ssl=1 1024w, https:\/\/i0.wp.com\/casadecampoliving.com\/wp-content\/uploads\/2025\/11\/Egoitz-Aguirre-Jose-Antonio-Hidalgo-Carolina-Sequera-Francisco-Perez-Menendez-Julio-Hernandez-1-scaled.jpg?resize=300%2C200&amp;ssl=1 300w, https:\/\/i0.wp.com\/casadecampoliving.com\/wp-content\/uploads\/2025\/11\/Egoitz-Aguirre-Jose-Antonio-Hidalgo-Carolina-Sequera-Francisco-Perez-Menendez-Julio-Hernandez-1-scaled.jpg?resize=768%2C512&amp;ssl=1 768w, https:\/\/i0.wp.com\/casadecampoliving.com\/wp-content\/uploads\/2025\/11\/Egoitz-Aguirre-Jose-Antonio-Hidalgo-Carolina-Sequera-Francisco-Perez-Menendez-Julio-Hernandez-1-scaled.jpg?resize=1536%2C1024&amp;ssl=1 1536w, https:\/\/i0.wp.com\/casadecampoliving.com\/wp-content\/uploads\/2025\/11\/Egoitz-Aguirre-Jose-Antonio-Hidalgo-Carolina-Sequera-Francisco-Perez-Menendez-Julio-Hernandez-1-scaled.jpg?resize=2048%2C1365&amp;ssl=1 2048w, https:\/\/i0.wp.com\/casadecampoliving.com\/wp-content\/uploads\/2025\/11\/Egoitz-Aguirre-Jose-Antonio-Hidalgo-Carolina-Sequera-Francisco-Perez-Menendez-Julio-Hernandez-1-scaled.jpg?resize=1200%2C800&amp;ssl=1 1200w, https:\/\/i0.wp.com\/casadecampoliving.com\/wp-content\/uploads\/2025\/11\/Egoitz-Aguirre-Jose-Antonio-Hidalgo-Carolina-Sequera-Francisco-Perez-Menendez-Julio-Hernandez-1-scaled.jpg?resize=2000%2C1333&amp;ssl=1 2000w, https:\/\/i0.wp.com\/casadecampoliving.com\/wp-content\/uploads\/2025\/11\/Egoitz-Aguirre-Jose-Antonio-Hidalgo-Carolina-Sequera-Francisco-Perez-Menendez-Julio-Hernandez-1-scaled.jpg?resize=780%2C520&amp;ssl=1 780w, https:\/\/i0.wp.com\/casadecampoliving.com\/wp-content\/uploads\/2025\/11\/Egoitz-Aguirre-Jose-Antonio-Hidalgo-Carolina-Sequera-Francisco-Perez-Menendez-Julio-Hernandez-1-scaled.jpg?resize=400%2C267&amp;ssl=1 400w, https:\/\/i0.wp.com\/casadecampoliving.com\/wp-content\/uploads\/2025\/11\/Egoitz-Aguirre-Jose-Antonio-Hidalgo-Carolina-Sequera-Francisco-Perez-Menendez-Julio-Hernandez-1-scaled.jpg?resize=1320%2C880&amp;ssl=1 1320w, https:\/\/i0.wp.com\/casadecampoliving.com\/wp-content\/uploads\/2025\/11\/Egoitz-Aguirre-Jose-Antonio-Hidalgo-Carolina-Sequera-Francisco-Perez-Menendez-Julio-Hernandez-1-scaled.jpg?resize=150%2C100&amp;ssl=1 150w, https:\/\/i0.wp.com\/casadecampoliving.com\/wp-content\/uploads\/2025\/11\/Egoitz-Aguirre-Jose-Antonio-Hidalgo-Carolina-Sequera-Francisco-Perez-Menendez-Julio-Hernandez-1-1024x683.jpg?w=370&amp;ssl=1 370w\" sizes=\"(max-width: 1000px) 100vw, 1000px\" \/><\/figure><\/li><\/ul><a class=\"wp-block-jetpack-slideshow_button-prev swiper-button-prev swiper-button-white\" role=\"button\"><\/a><a class=\"wp-block-jetpack-slideshow_button-next swiper-button-next swiper-button-white\" role=\"button\"><\/a><a aria-label=\"Pause Slideshow\" class=\"wp-block-jetpack-slideshow_button-pause\" role=\"button\"><\/a><div class=\"wp-block-jetpack-slideshow_pagination swiper-pagination swiper-pagination-white\"><\/div><\/div><\/div>\n\n\n\n<p>El fin de semana comenz\u00f3 el jueves 20 con el c\u00f3ctel exclusivo Networking ALMA, que reuni\u00f3 a una destacada cantidad de empresarios de ambos pa\u00edses. Las fundadoras y empresarias espa\u00f1olas, Cuchy P\u00e9rez y Susana Deleito, enfatizaron la visi\u00f3n del evento: posicionar a la Rep\u00fablica Dominicana como un destino privilegiado y seguro para la inversi\u00f3n espa\u00f1ola, adem\u00e1s de estrechar lazos comerciales entre ambos pa\u00edses.<\/p>\n\n\n\n<p>Los eventos continuaron el viernes 21 en la Marina Riverside con una deslumbrante cena. La noche se visti\u00f3 de etiqueta, donde los asistentes disfrutaron de un men\u00fa y postre dise\u00f1ados personalmente por el prestigioso chef Ram\u00f3n Freixa, poseedor de dos estrellas Michelin. La velada culmin\u00f3 con una espectacular presentaci\u00f3n de flamenco protagonizada por el virtuoso del cante, Miguel Poveda, quien llen\u00f3 el ambiente de pasi\u00f3n desbordante.<\/p>\n\n\n\n<figure class=\"wp-block-image size-large\"><img data-recalc-dims=\"1\" loading=\"lazy\" decoding=\"async\" width=\"1024\" height=\"683\" data-attachment-id=\"545813\" data-permalink=\"https:\/\/casadecampoliving.com\/es\/concluye-con-exito-tercera-edicion-de-alma-casa-de-campo\/fn3a7385-2\/\" data-orig-file=\"https:\/\/i0.wp.com\/casadecampoliving.com\/wp-content\/uploads\/2025\/11\/FN3A7385-1-scaled.jpg?fit=2560%2C1706&amp;ssl=1\" data-orig-size=\"2560,1706\" data-comments-opened=\"0\" data-image-meta=\"{&quot;aperture&quot;:&quot;0&quot;,&quot;credit&quot;:&quot;&quot;,&quot;camera&quot;:&quot;&quot;,&quot;caption&quot;:&quot;&quot;,&quot;created_timestamp&quot;:&quot;0&quot;,&quot;copyright&quot;:&quot;&quot;,&quot;focal_length&quot;:&quot;0&quot;,&quot;iso&quot;:&quot;0&quot;,&quot;shutter_speed&quot;:&quot;0&quot;,&quot;title&quot;:&quot;&quot;,&quot;orientation&quot;:&quot;0&quot;}\" data-image-title=\"FN3A7385\" data-image-description=\"\" data-image-caption=\"\" data-large-file=\"https:\/\/i0.wp.com\/casadecampoliving.com\/wp-content\/uploads\/2025\/11\/FN3A7385-1-scaled.jpg?fit=1024%2C683&amp;ssl=1\" src=\"https:\/\/i0.wp.com\/casadecampoliving.com\/wp-content\/uploads\/2025\/11\/FN3A7385-1.jpg?resize=1024%2C683&#038;ssl=1\" alt=\"\" class=\"wp-image-545813\" srcset=\"https:\/\/i0.wp.com\/casadecampoliving.com\/wp-content\/uploads\/2025\/11\/FN3A7385-1-scaled.jpg?resize=1024%2C683&amp;ssl=1 1024w, https:\/\/i0.wp.com\/casadecampoliving.com\/wp-content\/uploads\/2025\/11\/FN3A7385-1-scaled.jpg?resize=300%2C200&amp;ssl=1 300w, https:\/\/i0.wp.com\/casadecampoliving.com\/wp-content\/uploads\/2025\/11\/FN3A7385-1-scaled.jpg?resize=768%2C512&amp;ssl=1 768w, https:\/\/i0.wp.com\/casadecampoliving.com\/wp-content\/uploads\/2025\/11\/FN3A7385-1-scaled.jpg?resize=1536%2C1024&amp;ssl=1 1536w, https:\/\/i0.wp.com\/casadecampoliving.com\/wp-content\/uploads\/2025\/11\/FN3A7385-1-scaled.jpg?resize=2048%2C1365&amp;ssl=1 2048w, https:\/\/i0.wp.com\/casadecampoliving.com\/wp-content\/uploads\/2025\/11\/FN3A7385-1-scaled.jpg?resize=1200%2C800&amp;ssl=1 1200w, https:\/\/i0.wp.com\/casadecampoliving.com\/wp-content\/uploads\/2025\/11\/FN3A7385-1-scaled.jpg?resize=2000%2C1333&amp;ssl=1 2000w, https:\/\/i0.wp.com\/casadecampoliving.com\/wp-content\/uploads\/2025\/11\/FN3A7385-1-scaled.jpg?resize=780%2C520&amp;ssl=1 780w, https:\/\/i0.wp.com\/casadecampoliving.com\/wp-content\/uploads\/2025\/11\/FN3A7385-1-scaled.jpg?resize=400%2C267&amp;ssl=1 400w, https:\/\/i0.wp.com\/casadecampoliving.com\/wp-content\/uploads\/2025\/11\/FN3A7385-1-scaled.jpg?resize=1320%2C880&amp;ssl=1 1320w, https:\/\/i0.wp.com\/casadecampoliving.com\/wp-content\/uploads\/2025\/11\/FN3A7385-1-scaled.jpg?resize=150%2C100&amp;ssl=1 150w, https:\/\/i0.wp.com\/casadecampoliving.com\/wp-content\/uploads\/2025\/11\/FN3A7385-1-1024x683.jpg?w=370&amp;ssl=1 370w\" sizes=\"auto, (max-width: 1000px) 100vw, 1000px\" \/><\/figure>\n\n\n\n<p><strong>Sabor de Sevilla en La Romana<\/strong><\/p>\n\n\n\n<p>El d\u00eda m\u00e1s esperado fue el s\u00e1bado 22, cuando se recre\u00f3 magistralmente la esencia de la Feria de Abril de Sevilla.<\/p>\n\n\n\n<p>El p\u00fablico fue recibido por una monumental r\u00e9plica de la c\u00e9lebre portada de la Feria de Sevilla, una estructura ef\u00edmera y sim\u00e9trica que, bajo el nombre de \u00abALMA\u00bb, domin\u00f3 la escena con sus colores vibrantes (amarillo, rojo y azul) y su rica arquitectura. Esta Portada no solo sirvi\u00f3 como acceso, sino tambi\u00e9n como un espectacular fondo para un show de luces gracias a sus pantallas traseras.<\/p>\n\n\n\n<figure class=\"wp-block-gallery has-nested-images columns-default is-cropped wp-block-gallery-1 is-layout-flex wp-block-gallery-is-layout-flex\">\n<figure class=\"wp-block-image size-large\"><img data-recalc-dims=\"1\" loading=\"lazy\" decoding=\"async\" width=\"1024\" height=\"683\" data-attachment-id=\"545815\" data-permalink=\"https:\/\/casadecampoliving.com\/es\/concluye-con-exito-tercera-edicion-de-alma-casa-de-campo\/irene-caslini-alice-caslini-de-moriconi\/\" data-orig-file=\"https:\/\/i0.wp.com\/casadecampoliving.com\/wp-content\/uploads\/2025\/11\/Irene-Caslini-Alice-Caslini-de-Moriconi-scaled.jpg?fit=2560%2C1706&amp;ssl=1\" data-orig-size=\"2560,1706\" data-comments-opened=\"0\" data-image-meta=\"{&quot;aperture&quot;:&quot;0&quot;,&quot;credit&quot;:&quot;&quot;,&quot;camera&quot;:&quot;&quot;,&quot;caption&quot;:&quot;&quot;,&quot;created_timestamp&quot;:&quot;0&quot;,&quot;copyright&quot;:&quot;&quot;,&quot;focal_length&quot;:&quot;0&quot;,&quot;iso&quot;:&quot;0&quot;,&quot;shutter_speed&quot;:&quot;0&quot;,&quot;title&quot;:&quot;&quot;,&quot;orientation&quot;:&quot;0&quot;}\" data-image-title=\"Irene Caslini, Alice Caslini de Moriconi\" data-image-description=\"\" data-image-caption=\"\" data-large-file=\"https:\/\/i0.wp.com\/casadecampoliving.com\/wp-content\/uploads\/2025\/11\/Irene-Caslini-Alice-Caslini-de-Moriconi-scaled.jpg?fit=1024%2C683&amp;ssl=1\" data-id=\"545815\" src=\"https:\/\/i0.wp.com\/casadecampoliving.com\/wp-content\/uploads\/2025\/11\/Irene-Caslini-Alice-Caslini-de-Moriconi.jpg?resize=1024%2C683&#038;ssl=1\" alt=\"\" class=\"wp-image-545815\" srcset=\"https:\/\/i0.wp.com\/casadecampoliving.com\/wp-content\/uploads\/2025\/11\/Irene-Caslini-Alice-Caslini-de-Moriconi-scaled.jpg?resize=1024%2C683&amp;ssl=1 1024w, https:\/\/i0.wp.com\/casadecampoliving.com\/wp-content\/uploads\/2025\/11\/Irene-Caslini-Alice-Caslini-de-Moriconi-scaled.jpg?resize=300%2C200&amp;ssl=1 300w, https:\/\/i0.wp.com\/casadecampoliving.com\/wp-content\/uploads\/2025\/11\/Irene-Caslini-Alice-Caslini-de-Moriconi-scaled.jpg?resize=768%2C512&amp;ssl=1 768w, https:\/\/i0.wp.com\/casadecampoliving.com\/wp-content\/uploads\/2025\/11\/Irene-Caslini-Alice-Caslini-de-Moriconi-scaled.jpg?resize=1536%2C1024&amp;ssl=1 1536w, https:\/\/i0.wp.com\/casadecampoliving.com\/wp-content\/uploads\/2025\/11\/Irene-Caslini-Alice-Caslini-de-Moriconi-scaled.jpg?resize=2048%2C1365&amp;ssl=1 2048w, https:\/\/i0.wp.com\/casadecampoliving.com\/wp-content\/uploads\/2025\/11\/Irene-Caslini-Alice-Caslini-de-Moriconi-scaled.jpg?resize=1200%2C800&amp;ssl=1 1200w, https:\/\/i0.wp.com\/casadecampoliving.com\/wp-content\/uploads\/2025\/11\/Irene-Caslini-Alice-Caslini-de-Moriconi-scaled.jpg?resize=2000%2C1333&amp;ssl=1 2000w, https:\/\/i0.wp.com\/casadecampoliving.com\/wp-content\/uploads\/2025\/11\/Irene-Caslini-Alice-Caslini-de-Moriconi-scaled.jpg?resize=780%2C520&amp;ssl=1 780w, https:\/\/i0.wp.com\/casadecampoliving.com\/wp-content\/uploads\/2025\/11\/Irene-Caslini-Alice-Caslini-de-Moriconi-scaled.jpg?resize=400%2C267&amp;ssl=1 400w, https:\/\/i0.wp.com\/casadecampoliving.com\/wp-content\/uploads\/2025\/11\/Irene-Caslini-Alice-Caslini-de-Moriconi-scaled.jpg?resize=1320%2C880&amp;ssl=1 1320w, https:\/\/i0.wp.com\/casadecampoliving.com\/wp-content\/uploads\/2025\/11\/Irene-Caslini-Alice-Caslini-de-Moriconi-scaled.jpg?resize=150%2C100&amp;ssl=1 150w, https:\/\/i0.wp.com\/casadecampoliving.com\/wp-content\/uploads\/2025\/11\/Irene-Caslini-Alice-Caslini-de-Moriconi-1024x683.jpg?w=370&amp;ssl=1 370w\" sizes=\"auto, (max-width: 1000px) 100vw, 1000px\" \/><\/figure>\n<\/figure>\n\n\n\n<p>En el interior, el espacio se transform\u00f3 en un aut\u00e9ntico Real de la Feria compuesto por casetas t\u00edpicas, donde se sirvieron exquisitas tapas espa\u00f1olas acompa\u00f1adas de deliciosos vinos.<\/p>\n\n\n<div class=\"wp-block-image\">\n<figure class=\"alignright size-large\"><img data-recalc-dims=\"1\" loading=\"lazy\" decoding=\"async\" width=\"696\" height=\"1024\" data-attachment-id=\"545817\" data-permalink=\"https:\/\/casadecampoliving.com\/es\/concluye-con-exito-tercera-edicion-de-alma-casa-de-campo\/fn3a8572\/\" data-orig-file=\"https:\/\/i0.wp.com\/casadecampoliving.com\/wp-content\/uploads\/2025\/11\/FN3A8572-scaled.jpg?fit=1741%2C2560&amp;ssl=1\" data-orig-size=\"1741,2560\" data-comments-opened=\"0\" data-image-meta=\"{&quot;aperture&quot;:&quot;0&quot;,&quot;credit&quot;:&quot;&quot;,&quot;camera&quot;:&quot;&quot;,&quot;caption&quot;:&quot;&quot;,&quot;created_timestamp&quot;:&quot;0&quot;,&quot;copyright&quot;:&quot;&quot;,&quot;focal_length&quot;:&quot;0&quot;,&quot;iso&quot;:&quot;0&quot;,&quot;shutter_speed&quot;:&quot;0&quot;,&quot;title&quot;:&quot;&quot;,&quot;orientation&quot;:&quot;0&quot;}\" data-image-title=\"FN3A8572\" data-image-description=\"\" data-image-caption=\"\" data-large-file=\"https:\/\/i0.wp.com\/casadecampoliving.com\/wp-content\/uploads\/2025\/11\/FN3A8572-scaled.jpg?fit=696%2C1024&amp;ssl=1\" src=\"https:\/\/i0.wp.com\/casadecampoliving.com\/wp-content\/uploads\/2025\/11\/FN3A8572.jpg?resize=696%2C1024&#038;ssl=1\" alt=\"\" class=\"wp-image-545817\" srcset=\"https:\/\/i0.wp.com\/casadecampoliving.com\/wp-content\/uploads\/2025\/11\/FN3A8572-scaled.jpg?resize=696%2C1024&amp;ssl=1 696w, https:\/\/i0.wp.com\/casadecampoliving.com\/wp-content\/uploads\/2025\/11\/FN3A8572-scaled.jpg?resize=204%2C300&amp;ssl=1 204w, https:\/\/i0.wp.com\/casadecampoliving.com\/wp-content\/uploads\/2025\/11\/FN3A8572-scaled.jpg?resize=768%2C1129&amp;ssl=1 768w, https:\/\/i0.wp.com\/casadecampoliving.com\/wp-content\/uploads\/2025\/11\/FN3A8572-scaled.jpg?resize=1044%2C1536&amp;ssl=1 1044w, https:\/\/i0.wp.com\/casadecampoliving.com\/wp-content\/uploads\/2025\/11\/FN3A8572-scaled.jpg?resize=1393%2C2048&amp;ssl=1 1393w, https:\/\/i0.wp.com\/casadecampoliving.com\/wp-content\/uploads\/2025\/11\/FN3A8572-scaled.jpg?resize=1200%2C1765&amp;ssl=1 1200w, https:\/\/i0.wp.com\/casadecampoliving.com\/wp-content\/uploads\/2025\/11\/FN3A8572-scaled.jpg?resize=2000%2C2941&amp;ssl=1 2000w, https:\/\/i0.wp.com\/casadecampoliving.com\/wp-content\/uploads\/2025\/11\/FN3A8572-scaled.jpg?resize=780%2C1147&amp;ssl=1 780w, https:\/\/i0.wp.com\/casadecampoliving.com\/wp-content\/uploads\/2025\/11\/FN3A8572-scaled.jpg?resize=400%2C588&amp;ssl=1 400w, https:\/\/i0.wp.com\/casadecampoliving.com\/wp-content\/uploads\/2025\/11\/FN3A8572-scaled.jpg?resize=1320%2C1941&amp;ssl=1 1320w, https:\/\/i0.wp.com\/casadecampoliving.com\/wp-content\/uploads\/2025\/11\/FN3A8572-scaled.jpg?resize=150%2C221&amp;ssl=1 150w, https:\/\/i0.wp.com\/casadecampoliving.com\/wp-content\/uploads\/2025\/11\/FN3A8572-scaled.jpg?w=1741&amp;ssl=1 1741w, https:\/\/i0.wp.com\/casadecampoliving.com\/wp-content\/uploads\/2025\/11\/FN3A8572-696x1024.jpg?w=370&amp;ssl=1 370w\" sizes=\"auto, (max-width: 696px) 100vw, 696px\" \/><\/figure>\n<\/div>\n\n\n<p>La jornada del s\u00e1bado cont\u00f3 con una vibrante muestra de la cultura andaluza. Numerosas damas lucieron sus mejores atuendos flamencos con coloridos vestidos de sevillanas. El punto m\u00e1s emocionante del evento fue la exhibici\u00f3n de Sevillanas Ecuestres, donde las bailaoras ejecutaron los pasos de la sevillana alrededor y junto a majestuosos caballos, en una perfecta sincron\u00eda de danza y maestr\u00eda ecuestre.<\/p>\n\n\n\n<p>Andr\u00e9s Pichardo Rosenberg, presidente de Casa de Campo Resort &amp; Villas, expres\u00f3 su satisfacci\u00f3n por el \u00e9xito del evento:<\/p>\n\n\n\n<p><em>\u00abALMA Casa de Campo no es solo una fiesta; es una declaraci\u00f3n de intenciones. Hemos logrado traer la esencia de una de las celebraciones m\u00e1s importantes de Espa\u00f1a a nuestro resort, y lo hemos convertido en una plataforma de encuentro binacional. La combinaci\u00f3n de la tradici\u00f3n, la alta cocina del chef Freixa y este vibrante networking demuestra la calidad y la visi\u00f3n de los eventos que acoge Casa de Campo, fortaleciendo nuestros lazos culturales y comerciales con Espa\u00f1a.\u00bb<\/em><\/p>\n\n\n\n<p>Fotograf\u00edas tomadas por Mairobi Herrera.<\/p>\n\n\n\n<figure class=\"wp-block-gallery has-nested-images columns-default is-cropped wp-block-gallery-2 is-layout-flex wp-block-gallery-is-layout-flex\">\n<figure class=\"wp-block-image size-large\"><img data-recalc-dims=\"1\" loading=\"lazy\" decoding=\"async\" width=\"683\" height=\"1024\" data-attachment-id=\"545855\" data-permalink=\"https:\/\/casadecampoliving.com\/es\/concluye-con-exito-tercera-edicion-de-alma-casa-de-campo\/aida-nadal-sarah-troncoso\/\" data-orig-file=\"https:\/\/i0.wp.com\/casadecampoliving.com\/wp-content\/uploads\/2025\/11\/Aida-Nadal-Sarah-Troncoso-scaled.jpg?fit=1706%2C2560&amp;ssl=1\" data-orig-size=\"1706,2560\" data-comments-opened=\"0\" data-image-meta=\"{&quot;aperture&quot;:&quot;0&quot;,&quot;credit&quot;:&quot;&quot;,&quot;camera&quot;:&quot;&quot;,&quot;caption&quot;:&quot;&quot;,&quot;created_timestamp&quot;:&quot;0&quot;,&quot;copyright&quot;:&quot;&quot;,&quot;focal_length&quot;:&quot;0&quot;,&quot;iso&quot;:&quot;0&quot;,&quot;shutter_speed&quot;:&quot;0&quot;,&quot;title&quot;:&quot;&quot;,&quot;orientation&quot;:&quot;0&quot;}\" data-image-title=\"Aida Nadal, Sarah Troncoso\" data-image-description=\"\" data-image-caption=\"\" data-large-file=\"https:\/\/i0.wp.com\/casadecampoliving.com\/wp-content\/uploads\/2025\/11\/Aida-Nadal-Sarah-Troncoso-scaled.jpg?fit=683%2C1024&amp;ssl=1\" data-id=\"545855\" src=\"https:\/\/i0.wp.com\/casadecampoliving.com\/wp-content\/uploads\/2025\/11\/Aida-Nadal-Sarah-Troncoso.jpg?resize=683%2C1024&#038;ssl=1\" alt=\"\" class=\"wp-image-545855\" srcset=\"https:\/\/i0.wp.com\/casadecampoliving.com\/wp-content\/uploads\/2025\/11\/Aida-Nadal-Sarah-Troncoso-scaled.jpg?resize=683%2C1024&amp;ssl=1 683w, https:\/\/i0.wp.com\/casadecampoliving.com\/wp-content\/uploads\/2025\/11\/Aida-Nadal-Sarah-Troncoso-scaled.jpg?resize=200%2C300&amp;ssl=1 200w, https:\/\/i0.wp.com\/casadecampoliving.com\/wp-content\/uploads\/2025\/11\/Aida-Nadal-Sarah-Troncoso-scaled.jpg?resize=768%2C1152&amp;ssl=1 768w, https:\/\/i0.wp.com\/casadecampoliving.com\/wp-content\/uploads\/2025\/11\/Aida-Nadal-Sarah-Troncoso-scaled.jpg?resize=1024%2C1536&amp;ssl=1 1024w, https:\/\/i0.wp.com\/casadecampoliving.com\/wp-content\/uploads\/2025\/11\/Aida-Nadal-Sarah-Troncoso-scaled.jpg?resize=1365%2C2048&amp;ssl=1 1365w, https:\/\/i0.wp.com\/casadecampoliving.com\/wp-content\/uploads\/2025\/11\/Aida-Nadal-Sarah-Troncoso-scaled.jpg?resize=1200%2C1800&amp;ssl=1 1200w, https:\/\/i0.wp.com\/casadecampoliving.com\/wp-content\/uploads\/2025\/11\/Aida-Nadal-Sarah-Troncoso-scaled.jpg?resize=2000%2C3000&amp;ssl=1 2000w, https:\/\/i0.wp.com\/casadecampoliving.com\/wp-content\/uploads\/2025\/11\/Aida-Nadal-Sarah-Troncoso-scaled.jpg?resize=780%2C1170&amp;ssl=1 780w, https:\/\/i0.wp.com\/casadecampoliving.com\/wp-content\/uploads\/2025\/11\/Aida-Nadal-Sarah-Troncoso-scaled.jpg?resize=400%2C600&amp;ssl=1 400w, https:\/\/i0.wp.com\/casadecampoliving.com\/wp-content\/uploads\/2025\/11\/Aida-Nadal-Sarah-Troncoso-scaled.jpg?resize=1320%2C1980&amp;ssl=1 1320w, https:\/\/i0.wp.com\/casadecampoliving.com\/wp-content\/uploads\/2025\/11\/Aida-Nadal-Sarah-Troncoso-scaled.jpg?resize=150%2C225&amp;ssl=1 150w, https:\/\/i0.wp.com\/casadecampoliving.com\/wp-content\/uploads\/2025\/11\/Aida-Nadal-Sarah-Troncoso-scaled.jpg?w=1706&amp;ssl=1 1706w, https:\/\/i0.wp.com\/casadecampoliving.com\/wp-content\/uploads\/2025\/11\/Aida-Nadal-Sarah-Troncoso-683x1024.jpg?w=370&amp;ssl=1 370w\" sizes=\"auto, (max-width: 683px) 100vw, 683px\" \/><\/figure>\n\n\n\n<figure class=\"wp-block-image size-large\"><img data-recalc-dims=\"1\" loading=\"lazy\" decoding=\"async\" width=\"683\" height=\"1024\" data-attachment-id=\"545835\" data-permalink=\"https:\/\/casadecampoliving.com\/es\/concluye-con-exito-tercera-edicion-de-alma-casa-de-campo\/alice-caslini-deyanira-papaterra\/\" data-orig-file=\"https:\/\/i0.wp.com\/casadecampoliving.com\/wp-content\/uploads\/2025\/11\/Alice-Caslini-Deyanira-Papaterra-scaled.jpg?fit=1706%2C2560&amp;ssl=1\" data-orig-size=\"1706,2560\" data-comments-opened=\"0\" data-image-meta=\"{&quot;aperture&quot;:&quot;0&quot;,&quot;credit&quot;:&quot;&quot;,&quot;camera&quot;:&quot;&quot;,&quot;caption&quot;:&quot;&quot;,&quot;created_timestamp&quot;:&quot;0&quot;,&quot;copyright&quot;:&quot;&quot;,&quot;focal_length&quot;:&quot;0&quot;,&quot;iso&quot;:&quot;0&quot;,&quot;shutter_speed&quot;:&quot;0&quot;,&quot;title&quot;:&quot;&quot;,&quot;orientation&quot;:&quot;0&quot;}\" data-image-title=\"Alice Caslini, Deyanira Papaterra\" data-image-description=\"\" data-image-caption=\"\" data-large-file=\"https:\/\/i0.wp.com\/casadecampoliving.com\/wp-content\/uploads\/2025\/11\/Alice-Caslini-Deyanira-Papaterra-scaled.jpg?fit=683%2C1024&amp;ssl=1\" data-id=\"545835\" src=\"https:\/\/i0.wp.com\/casadecampoliving.com\/wp-content\/uploads\/2025\/11\/Alice-Caslini-Deyanira-Papaterra.jpg?resize=683%2C1024&#038;ssl=1\" alt=\"\" class=\"wp-image-545835\" srcset=\"https:\/\/i0.wp.com\/casadecampoliving.com\/wp-content\/uploads\/2025\/11\/Alice-Caslini-Deyanira-Papaterra-scaled.jpg?resize=683%2C1024&amp;ssl=1 683w, https:\/\/i0.wp.com\/casadecampoliving.com\/wp-content\/uploads\/2025\/11\/Alice-Caslini-Deyanira-Papaterra-scaled.jpg?resize=200%2C300&amp;ssl=1 200w, https:\/\/i0.wp.com\/casadecampoliving.com\/wp-content\/uploads\/2025\/11\/Alice-Caslini-Deyanira-Papaterra-scaled.jpg?resize=768%2C1152&amp;ssl=1 768w, https:\/\/i0.wp.com\/casadecampoliving.com\/wp-content\/uploads\/2025\/11\/Alice-Caslini-Deyanira-Papaterra-scaled.jpg?resize=1024%2C1536&amp;ssl=1 1024w, https:\/\/i0.wp.com\/casadecampoliving.com\/wp-content\/uploads\/2025\/11\/Alice-Caslini-Deyanira-Papaterra-scaled.jpg?resize=1365%2C2048&amp;ssl=1 1365w, https:\/\/i0.wp.com\/casadecampoliving.com\/wp-content\/uploads\/2025\/11\/Alice-Caslini-Deyanira-Papaterra-scaled.jpg?resize=1200%2C1800&amp;ssl=1 1200w, https:\/\/i0.wp.com\/casadecampoliving.com\/wp-content\/uploads\/2025\/11\/Alice-Caslini-Deyanira-Papaterra-scaled.jpg?resize=2000%2C3000&amp;ssl=1 2000w, https:\/\/i0.wp.com\/casadecampoliving.com\/wp-content\/uploads\/2025\/11\/Alice-Caslini-Deyanira-Papaterra-scaled.jpg?resize=780%2C1170&amp;ssl=1 780w, https:\/\/i0.wp.com\/casadecampoliving.com\/wp-content\/uploads\/2025\/11\/Alice-Caslini-Deyanira-Papaterra-scaled.jpg?resize=400%2C600&amp;ssl=1 400w, https:\/\/i0.wp.com\/casadecampoliving.com\/wp-content\/uploads\/2025\/11\/Alice-Caslini-Deyanira-Papaterra-scaled.jpg?resize=1320%2C1980&amp;ssl=1 1320w, https:\/\/i0.wp.com\/casadecampoliving.com\/wp-content\/uploads\/2025\/11\/Alice-Caslini-Deyanira-Papaterra-scaled.jpg?resize=150%2C225&amp;ssl=1 150w, https:\/\/i0.wp.com\/casadecampoliving.com\/wp-content\/uploads\/2025\/11\/Alice-Caslini-Deyanira-Papaterra-scaled.jpg?w=1706&amp;ssl=1 1706w, https:\/\/i0.wp.com\/casadecampoliving.com\/wp-content\/uploads\/2025\/11\/Alice-Caslini-Deyanira-Papaterra-683x1024.jpg?w=370&amp;ssl=1 370w\" sizes=\"auto, (max-width: 683px) 100vw, 683px\" \/><\/figure>\n\n\n\n<figure class=\"wp-block-image size-large\"><img data-recalc-dims=\"1\" loading=\"lazy\" decoding=\"async\" width=\"683\" height=\"1024\" data-attachment-id=\"545827\" data-permalink=\"https:\/\/casadecampoliving.com\/es\/concluye-con-exito-tercera-edicion-de-alma-casa-de-campo\/alice-caslini-mauro-caslini-irene-de-caslini\/\" data-orig-file=\"https:\/\/i0.wp.com\/casadecampoliving.com\/wp-content\/uploads\/2025\/11\/Alice-Caslini-Mauro-Caslini-Irene-de-Caslini-scaled.jpg?fit=1706%2C2560&amp;ssl=1\" data-orig-size=\"1706,2560\" data-comments-opened=\"0\" data-image-meta=\"{&quot;aperture&quot;:&quot;0&quot;,&quot;credit&quot;:&quot;&quot;,&quot;camera&quot;:&quot;&quot;,&quot;caption&quot;:&quot;&quot;,&quot;created_timestamp&quot;:&quot;0&quot;,&quot;copyright&quot;:&quot;&quot;,&quot;focal_length&quot;:&quot;0&quot;,&quot;iso&quot;:&quot;0&quot;,&quot;shutter_speed&quot;:&quot;0&quot;,&quot;title&quot;:&quot;&quot;,&quot;orientation&quot;:&quot;0&quot;}\" data-image-title=\"Alice Caslini, Mauro Caslini, Irene de Caslini\" data-image-description=\"\" data-image-caption=\"\" data-large-file=\"https:\/\/i0.wp.com\/casadecampoliving.com\/wp-content\/uploads\/2025\/11\/Alice-Caslini-Mauro-Caslini-Irene-de-Caslini-scaled.jpg?fit=683%2C1024&amp;ssl=1\" data-id=\"545827\" src=\"https:\/\/i0.wp.com\/casadecampoliving.com\/wp-content\/uploads\/2025\/11\/Alice-Caslini-Mauro-Caslini-Irene-de-Caslini.jpg?resize=683%2C1024&#038;ssl=1\" alt=\"\" class=\"wp-image-545827\" srcset=\"https:\/\/i0.wp.com\/casadecampoliving.com\/wp-content\/uploads\/2025\/11\/Alice-Caslini-Mauro-Caslini-Irene-de-Caslini-scaled.jpg?resize=683%2C1024&amp;ssl=1 683w, https:\/\/i0.wp.com\/casadecampoliving.com\/wp-content\/uploads\/2025\/11\/Alice-Caslini-Mauro-Caslini-Irene-de-Caslini-scaled.jpg?resize=200%2C300&amp;ssl=1 200w, https:\/\/i0.wp.com\/casadecampoliving.com\/wp-content\/uploads\/2025\/11\/Alice-Caslini-Mauro-Caslini-Irene-de-Caslini-scaled.jpg?resize=768%2C1152&amp;ssl=1 768w, https:\/\/i0.wp.com\/casadecampoliving.com\/wp-content\/uploads\/2025\/11\/Alice-Caslini-Mauro-Caslini-Irene-de-Caslini-scaled.jpg?resize=1024%2C1536&amp;ssl=1 1024w, https:\/\/i0.wp.com\/casadecampoliving.com\/wp-content\/uploads\/2025\/11\/Alice-Caslini-Mauro-Caslini-Irene-de-Caslini-scaled.jpg?resize=1365%2C2048&amp;ssl=1 1365w, https:\/\/i0.wp.com\/casadecampoliving.com\/wp-content\/uploads\/2025\/11\/Alice-Caslini-Mauro-Caslini-Irene-de-Caslini-scaled.jpg?resize=1200%2C1800&amp;ssl=1 1200w, https:\/\/i0.wp.com\/casadecampoliving.com\/wp-content\/uploads\/2025\/11\/Alice-Caslini-Mauro-Caslini-Irene-de-Caslini-scaled.jpg?resize=2000%2C3000&amp;ssl=1 2000w, https:\/\/i0.wp.com\/casadecampoliving.com\/wp-content\/uploads\/2025\/11\/Alice-Caslini-Mauro-Caslini-Irene-de-Caslini-scaled.jpg?resize=780%2C1170&amp;ssl=1 780w, https:\/\/i0.wp.com\/casadecampoliving.com\/wp-content\/uploads\/2025\/11\/Alice-Caslini-Mauro-Caslini-Irene-de-Caslini-scaled.jpg?resize=400%2C600&amp;ssl=1 400w, https:\/\/i0.wp.com\/casadecampoliving.com\/wp-content\/uploads\/2025\/11\/Alice-Caslini-Mauro-Caslini-Irene-de-Caslini-scaled.jpg?resize=1320%2C1980&amp;ssl=1 1320w, https:\/\/i0.wp.com\/casadecampoliving.com\/wp-content\/uploads\/2025\/11\/Alice-Caslini-Mauro-Caslini-Irene-de-Caslini-scaled.jpg?resize=150%2C225&amp;ssl=1 150w, https:\/\/i0.wp.com\/casadecampoliving.com\/wp-content\/uploads\/2025\/11\/Alice-Caslini-Mauro-Caslini-Irene-de-Caslini-scaled.jpg?w=1706&amp;ssl=1 1706w, https:\/\/i0.wp.com\/casadecampoliving.com\/wp-content\/uploads\/2025\/11\/Alice-Caslini-Mauro-Caslini-Irene-de-Caslini-683x1024.jpg?w=370&amp;ssl=1 370w\" sizes=\"auto, (max-width: 683px) 100vw, 683px\" \/><\/figure>\n\n\n\n<figure class=\"wp-block-image size-large\"><img data-recalc-dims=\"1\" loading=\"lazy\" decoding=\"async\" width=\"683\" height=\"1024\" data-attachment-id=\"545851\" data-permalink=\"https:\/\/casadecampoliving.com\/es\/concluye-con-exito-tercera-edicion-de-alma-casa-de-campo\/amaia-olivia-arturo-y-jorien-quezada\/\" data-orig-file=\"https:\/\/i0.wp.com\/casadecampoliving.com\/wp-content\/uploads\/2025\/11\/Amaia-Olivia-Arturo-y-Jorien-Quezada-scaled.jpg?fit=1706%2C2560&amp;ssl=1\" data-orig-size=\"1706,2560\" data-comments-opened=\"0\" data-image-meta=\"{&quot;aperture&quot;:&quot;0&quot;,&quot;credit&quot;:&quot;&quot;,&quot;camera&quot;:&quot;&quot;,&quot;caption&quot;:&quot;&quot;,&quot;created_timestamp&quot;:&quot;0&quot;,&quot;copyright&quot;:&quot;&quot;,&quot;focal_length&quot;:&quot;0&quot;,&quot;iso&quot;:&quot;0&quot;,&quot;shutter_speed&quot;:&quot;0&quot;,&quot;title&quot;:&quot;&quot;,&quot;orientation&quot;:&quot;0&quot;}\" data-image-title=\"Amaia, Olivia, Arturo y Jorien Quezada\" data-image-description=\"\" data-image-caption=\"\" data-large-file=\"https:\/\/i0.wp.com\/casadecampoliving.com\/wp-content\/uploads\/2025\/11\/Amaia-Olivia-Arturo-y-Jorien-Quezada-scaled.jpg?fit=683%2C1024&amp;ssl=1\" data-id=\"545851\" src=\"https:\/\/i0.wp.com\/casadecampoliving.com\/wp-content\/uploads\/2025\/11\/Amaia-Olivia-Arturo-y-Jorien-Quezada.jpg?resize=683%2C1024&#038;ssl=1\" alt=\"\" class=\"wp-image-545851\" srcset=\"https:\/\/i0.wp.com\/casadecampoliving.com\/wp-content\/uploads\/2025\/11\/Amaia-Olivia-Arturo-y-Jorien-Quezada-scaled.jpg?resize=683%2C1024&amp;ssl=1 683w, https:\/\/i0.wp.com\/casadecampoliving.com\/wp-content\/uploads\/2025\/11\/Amaia-Olivia-Arturo-y-Jorien-Quezada-scaled.jpg?resize=200%2C300&amp;ssl=1 200w, https:\/\/i0.wp.com\/casadecampoliving.com\/wp-content\/uploads\/2025\/11\/Amaia-Olivia-Arturo-y-Jorien-Quezada-scaled.jpg?resize=768%2C1152&amp;ssl=1 768w, https:\/\/i0.wp.com\/casadecampoliving.com\/wp-content\/uploads\/2025\/11\/Amaia-Olivia-Arturo-y-Jorien-Quezada-scaled.jpg?resize=1024%2C1536&amp;ssl=1 1024w, https:\/\/i0.wp.com\/casadecampoliving.com\/wp-content\/uploads\/2025\/11\/Amaia-Olivia-Arturo-y-Jorien-Quezada-scaled.jpg?resize=1365%2C2048&amp;ssl=1 1365w, https:\/\/i0.wp.com\/casadecampoliving.com\/wp-content\/uploads\/2025\/11\/Amaia-Olivia-Arturo-y-Jorien-Quezada-scaled.jpg?resize=1200%2C1800&amp;ssl=1 1200w, https:\/\/i0.wp.com\/casadecampoliving.com\/wp-content\/uploads\/2025\/11\/Amaia-Olivia-Arturo-y-Jorien-Quezada-scaled.jpg?resize=2000%2C3000&amp;ssl=1 2000w, https:\/\/i0.wp.com\/casadecampoliving.com\/wp-content\/uploads\/2025\/11\/Amaia-Olivia-Arturo-y-Jorien-Quezada-scaled.jpg?resize=780%2C1170&amp;ssl=1 780w, https:\/\/i0.wp.com\/casadecampoliving.com\/wp-content\/uploads\/2025\/11\/Amaia-Olivia-Arturo-y-Jorien-Quezada-scaled.jpg?resize=400%2C600&amp;ssl=1 400w, https:\/\/i0.wp.com\/casadecampoliving.com\/wp-content\/uploads\/2025\/11\/Amaia-Olivia-Arturo-y-Jorien-Quezada-scaled.jpg?resize=1320%2C1980&amp;ssl=1 1320w, https:\/\/i0.wp.com\/casadecampoliving.com\/wp-content\/uploads\/2025\/11\/Amaia-Olivia-Arturo-y-Jorien-Quezada-scaled.jpg?resize=150%2C225&amp;ssl=1 150w, https:\/\/i0.wp.com\/casadecampoliving.com\/wp-content\/uploads\/2025\/11\/Amaia-Olivia-Arturo-y-Jorien-Quezada-scaled.jpg?w=1706&amp;ssl=1 1706w, https:\/\/i0.wp.com\/casadecampoliving.com\/wp-content\/uploads\/2025\/11\/Amaia-Olivia-Arturo-y-Jorien-Quezada-683x1024.jpg?w=370&amp;ssl=1 370w\" sizes=\"auto, (max-width: 683px) 100vw, 683px\" \/><\/figure>\n\n\n\n<figure class=\"wp-block-image size-large\"><img data-recalc-dims=\"1\" loading=\"lazy\" decoding=\"async\" width=\"683\" height=\"1024\" data-id=\"545860\" src=\"https:\/\/i0.wp.com\/casadecampoliving.com\/wp-content\/uploads\/2025\/11\/Andres-Pichardo-Thea-van-der-Werf-2.jpg?resize=683%2C1024&#038;ssl=1\" alt=\"\" class=\"wp-image-545860\" srcset=\"https:\/\/i0.wp.com\/casadecampoliving.com\/wp-content\/uploads\/2025\/11\/Andres-Pichardo-Thea-van-der-Werf-2-scaled.jpg?resize=683%2C1024&amp;ssl=1 683w, https:\/\/i0.wp.com\/casadecampoliving.com\/wp-content\/uploads\/2025\/11\/Andres-Pichardo-Thea-van-der-Werf-2-scaled.jpg?resize=200%2C300&amp;ssl=1 200w, https:\/\/i0.wp.com\/casadecampoliving.com\/wp-content\/uploads\/2025\/11\/Andres-Pichardo-Thea-van-der-Werf-2-scaled.jpg?resize=768%2C1152&amp;ssl=1 768w, https:\/\/i0.wp.com\/casadecampoliving.com\/wp-content\/uploads\/2025\/11\/Andres-Pichardo-Thea-van-der-Werf-2-scaled.jpg?resize=1024%2C1536&amp;ssl=1 1024w, https:\/\/i0.wp.com\/casadecampoliving.com\/wp-content\/uploads\/2025\/11\/Andres-Pichardo-Thea-van-der-Werf-2-scaled.jpg?resize=1365%2C2048&amp;ssl=1 1365w, https:\/\/i0.wp.com\/casadecampoliving.com\/wp-content\/uploads\/2025\/11\/Andres-Pichardo-Thea-van-der-Werf-2-scaled.jpg?resize=1200%2C1800&amp;ssl=1 1200w, https:\/\/i0.wp.com\/casadecampoliving.com\/wp-content\/uploads\/2025\/11\/Andres-Pichardo-Thea-van-der-Werf-2-scaled.jpg?resize=2000%2C3000&amp;ssl=1 2000w, https:\/\/i0.wp.com\/casadecampoliving.com\/wp-content\/uploads\/2025\/11\/Andres-Pichardo-Thea-van-der-Werf-2-scaled.jpg?resize=780%2C1170&amp;ssl=1 780w, https:\/\/i0.wp.com\/casadecampoliving.com\/wp-content\/uploads\/2025\/11\/Andres-Pichardo-Thea-van-der-Werf-2-scaled.jpg?resize=400%2C600&amp;ssl=1 400w, https:\/\/i0.wp.com\/casadecampoliving.com\/wp-content\/uploads\/2025\/11\/Andres-Pichardo-Thea-van-der-Werf-2-scaled.jpg?resize=1320%2C1980&amp;ssl=1 1320w, https:\/\/i0.wp.com\/casadecampoliving.com\/wp-content\/uploads\/2025\/11\/Andres-Pichardo-Thea-van-der-Werf-2-scaled.jpg?resize=150%2C225&amp;ssl=1 150w, https:\/\/i0.wp.com\/casadecampoliving.com\/wp-content\/uploads\/2025\/11\/Andres-Pichardo-Thea-van-der-Werf-2-scaled.jpg?w=1706&amp;ssl=1 1706w, https:\/\/i0.wp.com\/casadecampoliving.com\/wp-content\/uploads\/2025\/11\/Andres-Pichardo-Thea-van-der-Werf-2-683x1024.jpg?w=370&amp;ssl=1 370w\" sizes=\"auto, (max-width: 683px) 100vw, 683px\" \/><\/figure>\n\n\n\n<figure class=\"wp-block-image size-large\"><img data-recalc-dims=\"1\" loading=\"lazy\" decoding=\"async\" width=\"683\" height=\"1024\" data-attachment-id=\"545891\" data-permalink=\"https:\/\/casadecampoliving.com\/es\/concluye-con-exito-tercera-edicion-de-alma-casa-de-campo\/barbara-nivoloni-alfredo-estirado-gema-martinez-2\/\" data-orig-file=\"https:\/\/i0.wp.com\/casadecampoliving.com\/wp-content\/uploads\/2025\/11\/Barbara-Nivoloni-Alfredo-Estirado-Gema-Martinez-1-scaled.jpg?fit=1706%2C2560&amp;ssl=1\" data-orig-size=\"1706,2560\" data-comments-opened=\"0\" data-image-meta=\"{&quot;aperture&quot;:&quot;0&quot;,&quot;credit&quot;:&quot;&quot;,&quot;camera&quot;:&quot;&quot;,&quot;caption&quot;:&quot;&quot;,&quot;created_timestamp&quot;:&quot;0&quot;,&quot;copyright&quot;:&quot;&quot;,&quot;focal_length&quot;:&quot;0&quot;,&quot;iso&quot;:&quot;0&quot;,&quot;shutter_speed&quot;:&quot;0&quot;,&quot;title&quot;:&quot;&quot;,&quot;orientation&quot;:&quot;0&quot;}\" data-image-title=\"Barbara Nivoloni, Alfredo Estirado, Gema Martinez\" data-image-description=\"\" data-image-caption=\"\" data-large-file=\"https:\/\/i0.wp.com\/casadecampoliving.com\/wp-content\/uploads\/2025\/11\/Barbara-Nivoloni-Alfredo-Estirado-Gema-Martinez-1-scaled.jpg?fit=683%2C1024&amp;ssl=1\" data-id=\"545891\" src=\"https:\/\/i0.wp.com\/casadecampoliving.com\/wp-content\/uploads\/2025\/11\/Barbara-Nivoloni-Alfredo-Estirado-Gema-Martinez-1.jpg?resize=683%2C1024&#038;ssl=1\" alt=\"\" class=\"wp-image-545891\" srcset=\"https:\/\/i0.wp.com\/casadecampoliving.com\/wp-content\/uploads\/2025\/11\/Barbara-Nivoloni-Alfredo-Estirado-Gema-Martinez-1-scaled.jpg?resize=683%2C1024&amp;ssl=1 683w, https:\/\/i0.wp.com\/casadecampoliving.com\/wp-content\/uploads\/2025\/11\/Barbara-Nivoloni-Alfredo-Estirado-Gema-Martinez-1-scaled.jpg?resize=200%2C300&amp;ssl=1 200w, https:\/\/i0.wp.com\/casadecampoliving.com\/wp-content\/uploads\/2025\/11\/Barbara-Nivoloni-Alfredo-Estirado-Gema-Martinez-1-scaled.jpg?resize=768%2C1152&amp;ssl=1 768w, https:\/\/i0.wp.com\/casadecampoliving.com\/wp-content\/uploads\/2025\/11\/Barbara-Nivoloni-Alfredo-Estirado-Gema-Martinez-1-scaled.jpg?resize=1024%2C1536&amp;ssl=1 1024w, https:\/\/i0.wp.com\/casadecampoliving.com\/wp-content\/uploads\/2025\/11\/Barbara-Nivoloni-Alfredo-Estirado-Gema-Martinez-1-scaled.jpg?resize=1365%2C2048&amp;ssl=1 1365w, https:\/\/i0.wp.com\/casadecampoliving.com\/wp-content\/uploads\/2025\/11\/Barbara-Nivoloni-Alfredo-Estirado-Gema-Martinez-1-scaled.jpg?resize=1200%2C1800&amp;ssl=1 1200w, https:\/\/i0.wp.com\/casadecampoliving.com\/wp-content\/uploads\/2025\/11\/Barbara-Nivoloni-Alfredo-Estirado-Gema-Martinez-1-scaled.jpg?resize=2000%2C3000&amp;ssl=1 2000w, https:\/\/i0.wp.com\/casadecampoliving.com\/wp-content\/uploads\/2025\/11\/Barbara-Nivoloni-Alfredo-Estirado-Gema-Martinez-1-scaled.jpg?resize=780%2C1170&amp;ssl=1 780w, https:\/\/i0.wp.com\/casadecampoliving.com\/wp-content\/uploads\/2025\/11\/Barbara-Nivoloni-Alfredo-Estirado-Gema-Martinez-1-scaled.jpg?resize=400%2C600&amp;ssl=1 400w, https:\/\/i0.wp.com\/casadecampoliving.com\/wp-content\/uploads\/2025\/11\/Barbara-Nivoloni-Alfredo-Estirado-Gema-Martinez-1-scaled.jpg?resize=1320%2C1980&amp;ssl=1 1320w, https:\/\/i0.wp.com\/casadecampoliving.com\/wp-content\/uploads\/2025\/11\/Barbara-Nivoloni-Alfredo-Estirado-Gema-Martinez-1-scaled.jpg?resize=150%2C225&amp;ssl=1 150w, https:\/\/i0.wp.com\/casadecampoliving.com\/wp-content\/uploads\/2025\/11\/Barbara-Nivoloni-Alfredo-Estirado-Gema-Martinez-1-scaled.jpg?w=1706&amp;ssl=1 1706w, https:\/\/i0.wp.com\/casadecampoliving.com\/wp-content\/uploads\/2025\/11\/Barbara-Nivoloni-Alfredo-Estirado-Gema-Martinez-1-683x1024.jpg?w=370&amp;ssl=1 370w\" sizes=\"auto, (max-width: 683px) 100vw, 683px\" \/><\/figure>\n\n\n\n<figure class=\"wp-block-image size-large\"><img data-recalc-dims=\"1\" loading=\"lazy\" decoding=\"async\" width=\"683\" height=\"1024\" data-attachment-id=\"545890\" data-permalink=\"https:\/\/casadecampoliving.com\/es\/concluye-con-exito-tercera-edicion-de-alma-casa-de-campo\/belkiss-de-iribar-jon-ander-iribar-nicola-fini\/\" data-orig-file=\"https:\/\/i0.wp.com\/casadecampoliving.com\/wp-content\/uploads\/2025\/11\/Belkiss-de-Iribar-Jon-Ander-Iribar-Nicola-Fini-scaled.jpg?fit=1706%2C2560&amp;ssl=1\" data-orig-size=\"1706,2560\" data-comments-opened=\"0\" data-image-meta=\"{&quot;aperture&quot;:&quot;0&quot;,&quot;credit&quot;:&quot;&quot;,&quot;camera&quot;:&quot;&quot;,&quot;caption&quot;:&quot;&quot;,&quot;created_timestamp&quot;:&quot;0&quot;,&quot;copyright&quot;:&quot;&quot;,&quot;focal_length&quot;:&quot;0&quot;,&quot;iso&quot;:&quot;0&quot;,&quot;shutter_speed&quot;:&quot;0&quot;,&quot;title&quot;:&quot;&quot;,&quot;orientation&quot;:&quot;0&quot;}\" data-image-title=\"Belkiss de Iribar, Jon Ander Iribar, Nicola Fini\" data-image-description=\"\" data-image-caption=\"\" data-large-file=\"https:\/\/i0.wp.com\/casadecampoliving.com\/wp-content\/uploads\/2025\/11\/Belkiss-de-Iribar-Jon-Ander-Iribar-Nicola-Fini-scaled.jpg?fit=683%2C1024&amp;ssl=1\" data-id=\"545890\" src=\"https:\/\/i0.wp.com\/casadecampoliving.com\/wp-content\/uploads\/2025\/11\/Belkiss-de-Iribar-Jon-Ander-Iribar-Nicola-Fini.jpg?resize=683%2C1024&#038;ssl=1\" alt=\"\" class=\"wp-image-545890\" srcset=\"https:\/\/i0.wp.com\/casadecampoliving.com\/wp-content\/uploads\/2025\/11\/Belkiss-de-Iribar-Jon-Ander-Iribar-Nicola-Fini-scaled.jpg?resize=683%2C1024&amp;ssl=1 683w, https:\/\/i0.wp.com\/casadecampoliving.com\/wp-content\/uploads\/2025\/11\/Belkiss-de-Iribar-Jon-Ander-Iribar-Nicola-Fini-scaled.jpg?resize=200%2C300&amp;ssl=1 200w, https:\/\/i0.wp.com\/casadecampoliving.com\/wp-content\/uploads\/2025\/11\/Belkiss-de-Iribar-Jon-Ander-Iribar-Nicola-Fini-scaled.jpg?resize=768%2C1152&amp;ssl=1 768w, https:\/\/i0.wp.com\/casadecampoliving.com\/wp-content\/uploads\/2025\/11\/Belkiss-de-Iribar-Jon-Ander-Iribar-Nicola-Fini-scaled.jpg?resize=1024%2C1536&amp;ssl=1 1024w, https:\/\/i0.wp.com\/casadecampoliving.com\/wp-content\/uploads\/2025\/11\/Belkiss-de-Iribar-Jon-Ander-Iribar-Nicola-Fini-scaled.jpg?resize=1365%2C2048&amp;ssl=1 1365w, https:\/\/i0.wp.com\/casadecampoliving.com\/wp-content\/uploads\/2025\/11\/Belkiss-de-Iribar-Jon-Ander-Iribar-Nicola-Fini-scaled.jpg?resize=1200%2C1800&amp;ssl=1 1200w, https:\/\/i0.wp.com\/casadecampoliving.com\/wp-content\/uploads\/2025\/11\/Belkiss-de-Iribar-Jon-Ander-Iribar-Nicola-Fini-scaled.jpg?resize=2000%2C3000&amp;ssl=1 2000w, https:\/\/i0.wp.com\/casadecampoliving.com\/wp-content\/uploads\/2025\/11\/Belkiss-de-Iribar-Jon-Ander-Iribar-Nicola-Fini-scaled.jpg?resize=780%2C1170&amp;ssl=1 780w, https:\/\/i0.wp.com\/casadecampoliving.com\/wp-content\/uploads\/2025\/11\/Belkiss-de-Iribar-Jon-Ander-Iribar-Nicola-Fini-scaled.jpg?resize=400%2C600&amp;ssl=1 400w, https:\/\/i0.wp.com\/casadecampoliving.com\/wp-content\/uploads\/2025\/11\/Belkiss-de-Iribar-Jon-Ander-Iribar-Nicola-Fini-scaled.jpg?resize=1320%2C1980&amp;ssl=1 1320w, https:\/\/i0.wp.com\/casadecampoliving.com\/wp-content\/uploads\/2025\/11\/Belkiss-de-Iribar-Jon-Ander-Iribar-Nicola-Fini-scaled.jpg?resize=150%2C225&amp;ssl=1 150w, https:\/\/i0.wp.com\/casadecampoliving.com\/wp-content\/uploads\/2025\/11\/Belkiss-de-Iribar-Jon-Ander-Iribar-Nicola-Fini-scaled.jpg?w=1706&amp;ssl=1 1706w, https:\/\/i0.wp.com\/casadecampoliving.com\/wp-content\/uploads\/2025\/11\/Belkiss-de-Iribar-Jon-Ander-Iribar-Nicola-Fini-683x1024.jpg?w=370&amp;ssl=1 370w\" sizes=\"auto, (max-width: 683px) 100vw, 683px\" \/><\/figure>\n\n\n\n<figure class=\"wp-block-image size-large\"><img data-recalc-dims=\"1\" loading=\"lazy\" decoding=\"async\" width=\"1024\" height=\"683\" data-attachment-id=\"545845\" data-permalink=\"https:\/\/casadecampoliving.com\/es\/concluye-con-exito-tercera-edicion-de-alma-casa-de-campo\/belkyss-de-iribar-alice-caslini-deyanira-papaterra-thea-van-der-werf\/\" data-orig-file=\"https:\/\/i0.wp.com\/casadecampoliving.com\/wp-content\/uploads\/2025\/11\/Belkyss-de-Iribar-Alice-Caslini-Deyanira-Papaterra-Thea-van-der-Werf-scaled.jpg?fit=2560%2C1706&amp;ssl=1\" data-orig-size=\"2560,1706\" data-comments-opened=\"0\" data-image-meta=\"{&quot;aperture&quot;:&quot;0&quot;,&quot;credit&quot;:&quot;&quot;,&quot;camera&quot;:&quot;&quot;,&quot;caption&quot;:&quot;&quot;,&quot;created_timestamp&quot;:&quot;0&quot;,&quot;copyright&quot;:&quot;&quot;,&quot;focal_length&quot;:&quot;0&quot;,&quot;iso&quot;:&quot;0&quot;,&quot;shutter_speed&quot;:&quot;0&quot;,&quot;title&quot;:&quot;&quot;,&quot;orientation&quot;:&quot;0&quot;}\" data-image-title=\"Belkyss de Iribar, Alice Caslini, Deyanira Papaterra, Thea van der Werf\" data-image-description=\"\" data-image-caption=\"\" data-large-file=\"https:\/\/i0.wp.com\/casadecampoliving.com\/wp-content\/uploads\/2025\/11\/Belkyss-de-Iribar-Alice-Caslini-Deyanira-Papaterra-Thea-van-der-Werf-scaled.jpg?fit=1024%2C683&amp;ssl=1\" data-id=\"545845\" src=\"https:\/\/i0.wp.com\/casadecampoliving.com\/wp-content\/uploads\/2025\/11\/Belkyss-de-Iribar-Alice-Caslini-Deyanira-Papaterra-Thea-van-der-Werf.jpg?resize=1024%2C683&#038;ssl=1\" alt=\"\" class=\"wp-image-545845\" srcset=\"https:\/\/i0.wp.com\/casadecampoliving.com\/wp-content\/uploads\/2025\/11\/Belkyss-de-Iribar-Alice-Caslini-Deyanira-Papaterra-Thea-van-der-Werf-scaled.jpg?resize=1024%2C683&amp;ssl=1 1024w, https:\/\/i0.wp.com\/casadecampoliving.com\/wp-content\/uploads\/2025\/11\/Belkyss-de-Iribar-Alice-Caslini-Deyanira-Papaterra-Thea-van-der-Werf-scaled.jpg?resize=300%2C200&amp;ssl=1 300w, https:\/\/i0.wp.com\/casadecampoliving.com\/wp-content\/uploads\/2025\/11\/Belkyss-de-Iribar-Alice-Caslini-Deyanira-Papaterra-Thea-van-der-Werf-scaled.jpg?resize=768%2C512&amp;ssl=1 768w, https:\/\/i0.wp.com\/casadecampoliving.com\/wp-content\/uploads\/2025\/11\/Belkyss-de-Iribar-Alice-Caslini-Deyanira-Papaterra-Thea-van-der-Werf-scaled.jpg?resize=1536%2C1024&amp;ssl=1 1536w, https:\/\/i0.wp.com\/casadecampoliving.com\/wp-content\/uploads\/2025\/11\/Belkyss-de-Iribar-Alice-Caslini-Deyanira-Papaterra-Thea-van-der-Werf-scaled.jpg?resize=2048%2C1365&amp;ssl=1 2048w, https:\/\/i0.wp.com\/casadecampoliving.com\/wp-content\/uploads\/2025\/11\/Belkyss-de-Iribar-Alice-Caslini-Deyanira-Papaterra-Thea-van-der-Werf-scaled.jpg?resize=1200%2C800&amp;ssl=1 1200w, https:\/\/i0.wp.com\/casadecampoliving.com\/wp-content\/uploads\/2025\/11\/Belkyss-de-Iribar-Alice-Caslini-Deyanira-Papaterra-Thea-van-der-Werf-scaled.jpg?resize=2000%2C1333&amp;ssl=1 2000w, https:\/\/i0.wp.com\/casadecampoliving.com\/wp-content\/uploads\/2025\/11\/Belkyss-de-Iribar-Alice-Caslini-Deyanira-Papaterra-Thea-van-der-Werf-scaled.jpg?resize=780%2C520&amp;ssl=1 780w, https:\/\/i0.wp.com\/casadecampoliving.com\/wp-content\/uploads\/2025\/11\/Belkyss-de-Iribar-Alice-Caslini-Deyanira-Papaterra-Thea-van-der-Werf-scaled.jpg?resize=400%2C267&amp;ssl=1 400w, https:\/\/i0.wp.com\/casadecampoliving.com\/wp-content\/uploads\/2025\/11\/Belkyss-de-Iribar-Alice-Caslini-Deyanira-Papaterra-Thea-van-der-Werf-scaled.jpg?resize=1320%2C880&amp;ssl=1 1320w, https:\/\/i0.wp.com\/casadecampoliving.com\/wp-content\/uploads\/2025\/11\/Belkyss-de-Iribar-Alice-Caslini-Deyanira-Papaterra-Thea-van-der-Werf-scaled.jpg?resize=150%2C100&amp;ssl=1 150w, https:\/\/i0.wp.com\/casadecampoliving.com\/wp-content\/uploads\/2025\/11\/Belkyss-de-Iribar-Alice-Caslini-Deyanira-Papaterra-Thea-van-der-Werf-1024x683.jpg?w=370&amp;ssl=1 370w\" sizes=\"auto, (max-width: 1000px) 100vw, 1000px\" \/><\/figure>\n\n\n\n<figure class=\"wp-block-image size-large\"><img data-recalc-dims=\"1\" loading=\"lazy\" decoding=\"async\" width=\"683\" height=\"1024\" data-attachment-id=\"545831\" data-permalink=\"https:\/\/casadecampoliving.com\/es\/concluye-con-exito-tercera-edicion-de-alma-casa-de-campo\/belkyss-y-ander-jon-de-iribar\/\" data-orig-file=\"https:\/\/i0.wp.com\/casadecampoliving.com\/wp-content\/uploads\/2025\/11\/Belkyss-y-Ander-Jon-De-Iribar-scaled.jpg?fit=1706%2C2560&amp;ssl=1\" data-orig-size=\"1706,2560\" data-comments-opened=\"0\" data-image-meta=\"{&quot;aperture&quot;:&quot;0&quot;,&quot;credit&quot;:&quot;&quot;,&quot;camera&quot;:&quot;&quot;,&quot;caption&quot;:&quot;&quot;,&quot;created_timestamp&quot;:&quot;0&quot;,&quot;copyright&quot;:&quot;&quot;,&quot;focal_length&quot;:&quot;0&quot;,&quot;iso&quot;:&quot;0&quot;,&quot;shutter_speed&quot;:&quot;0&quot;,&quot;title&quot;:&quot;&quot;,&quot;orientation&quot;:&quot;0&quot;}\" data-image-title=\"Belkyss y Ander Jon De Iribar\" data-image-description=\"\" data-image-caption=\"\" data-large-file=\"https:\/\/i0.wp.com\/casadecampoliving.com\/wp-content\/uploads\/2025\/11\/Belkyss-y-Ander-Jon-De-Iribar-scaled.jpg?fit=683%2C1024&amp;ssl=1\" data-id=\"545831\" src=\"https:\/\/i0.wp.com\/casadecampoliving.com\/wp-content\/uploads\/2025\/11\/Belkyss-y-Ander-Jon-De-Iribar.jpg?resize=683%2C1024&#038;ssl=1\" alt=\"\" class=\"wp-image-545831\" srcset=\"https:\/\/i0.wp.com\/casadecampoliving.com\/wp-content\/uploads\/2025\/11\/Belkyss-y-Ander-Jon-De-Iribar-scaled.jpg?resize=683%2C1024&amp;ssl=1 683w, https:\/\/i0.wp.com\/casadecampoliving.com\/wp-content\/uploads\/2025\/11\/Belkyss-y-Ander-Jon-De-Iribar-scaled.jpg?resize=200%2C300&amp;ssl=1 200w, https:\/\/i0.wp.com\/casadecampoliving.com\/wp-content\/uploads\/2025\/11\/Belkyss-y-Ander-Jon-De-Iribar-scaled.jpg?resize=768%2C1152&amp;ssl=1 768w, https:\/\/i0.wp.com\/casadecampoliving.com\/wp-content\/uploads\/2025\/11\/Belkyss-y-Ander-Jon-De-Iribar-scaled.jpg?resize=1024%2C1536&amp;ssl=1 1024w, https:\/\/i0.wp.com\/casadecampoliving.com\/wp-content\/uploads\/2025\/11\/Belkyss-y-Ander-Jon-De-Iribar-scaled.jpg?resize=1365%2C2048&amp;ssl=1 1365w, https:\/\/i0.wp.com\/casadecampoliving.com\/wp-content\/uploads\/2025\/11\/Belkyss-y-Ander-Jon-De-Iribar-scaled.jpg?resize=1200%2C1800&amp;ssl=1 1200w, https:\/\/i0.wp.com\/casadecampoliving.com\/wp-content\/uploads\/2025\/11\/Belkyss-y-Ander-Jon-De-Iribar-scaled.jpg?resize=2000%2C3000&amp;ssl=1 2000w, https:\/\/i0.wp.com\/casadecampoliving.com\/wp-content\/uploads\/2025\/11\/Belkyss-y-Ander-Jon-De-Iribar-scaled.jpg?resize=780%2C1170&amp;ssl=1 780w, https:\/\/i0.wp.com\/casadecampoliving.com\/wp-content\/uploads\/2025\/11\/Belkyss-y-Ander-Jon-De-Iribar-scaled.jpg?resize=400%2C600&amp;ssl=1 400w, https:\/\/i0.wp.com\/casadecampoliving.com\/wp-content\/uploads\/2025\/11\/Belkyss-y-Ander-Jon-De-Iribar-scaled.jpg?resize=1320%2C1980&amp;ssl=1 1320w, https:\/\/i0.wp.com\/casadecampoliving.com\/wp-content\/uploads\/2025\/11\/Belkyss-y-Ander-Jon-De-Iribar-scaled.jpg?resize=150%2C225&amp;ssl=1 150w, https:\/\/i0.wp.com\/casadecampoliving.com\/wp-content\/uploads\/2025\/11\/Belkyss-y-Ander-Jon-De-Iribar-scaled.jpg?w=1706&amp;ssl=1 1706w, https:\/\/i0.wp.com\/casadecampoliving.com\/wp-content\/uploads\/2025\/11\/Belkyss-y-Ander-Jon-De-Iribar-683x1024.jpg?w=370&amp;ssl=1 370w\" sizes=\"auto, (max-width: 683px) 100vw, 683px\" \/><\/figure>\n\n\n\n<figure class=\"wp-block-image size-large\"><img data-recalc-dims=\"1\" loading=\"lazy\" decoding=\"async\" width=\"683\" height=\"1024\" data-attachment-id=\"545908\" data-permalink=\"https:\/\/casadecampoliving.com\/es\/concluye-con-exito-tercera-edicion-de-alma-casa-de-campo\/carlos-contreras-susana-deleito\/\" data-orig-file=\"https:\/\/i0.wp.com\/casadecampoliving.com\/wp-content\/uploads\/2025\/11\/Carlos-Contreras-Susana-Deleito-scaled.jpg?fit=1706%2C2560&amp;ssl=1\" data-orig-size=\"1706,2560\" data-comments-opened=\"0\" data-image-meta=\"{&quot;aperture&quot;:&quot;0&quot;,&quot;credit&quot;:&quot;&quot;,&quot;camera&quot;:&quot;&quot;,&quot;caption&quot;:&quot;&quot;,&quot;created_timestamp&quot;:&quot;0&quot;,&quot;copyright&quot;:&quot;&quot;,&quot;focal_length&quot;:&quot;0&quot;,&quot;iso&quot;:&quot;0&quot;,&quot;shutter_speed&quot;:&quot;0&quot;,&quot;title&quot;:&quot;&quot;,&quot;orientation&quot;:&quot;0&quot;}\" data-image-title=\"Carlos Contreras, Susana Deleito\" data-image-description=\"\" data-image-caption=\"\" data-large-file=\"https:\/\/i0.wp.com\/casadecampoliving.com\/wp-content\/uploads\/2025\/11\/Carlos-Contreras-Susana-Deleito-scaled.jpg?fit=683%2C1024&amp;ssl=1\" data-id=\"545908\" src=\"https:\/\/i0.wp.com\/casadecampoliving.com\/wp-content\/uploads\/2025\/11\/Carlos-Contreras-Susana-Deleito.jpg?resize=683%2C1024&#038;ssl=1\" alt=\"\" class=\"wp-image-545908\" srcset=\"https:\/\/i0.wp.com\/casadecampoliving.com\/wp-content\/uploads\/2025\/11\/Carlos-Contreras-Susana-Deleito-scaled.jpg?resize=683%2C1024&amp;ssl=1 683w, https:\/\/i0.wp.com\/casadecampoliving.com\/wp-content\/uploads\/2025\/11\/Carlos-Contreras-Susana-Deleito-scaled.jpg?resize=200%2C300&amp;ssl=1 200w, https:\/\/i0.wp.com\/casadecampoliving.com\/wp-content\/uploads\/2025\/11\/Carlos-Contreras-Susana-Deleito-scaled.jpg?resize=768%2C1152&amp;ssl=1 768w, https:\/\/i0.wp.com\/casadecampoliving.com\/wp-content\/uploads\/2025\/11\/Carlos-Contreras-Susana-Deleito-scaled.jpg?resize=1024%2C1536&amp;ssl=1 1024w, https:\/\/i0.wp.com\/casadecampoliving.com\/wp-content\/uploads\/2025\/11\/Carlos-Contreras-Susana-Deleito-scaled.jpg?resize=1365%2C2048&amp;ssl=1 1365w, https:\/\/i0.wp.com\/casadecampoliving.com\/wp-content\/uploads\/2025\/11\/Carlos-Contreras-Susana-Deleito-scaled.jpg?resize=1200%2C1800&amp;ssl=1 1200w, https:\/\/i0.wp.com\/casadecampoliving.com\/wp-content\/uploads\/2025\/11\/Carlos-Contreras-Susana-Deleito-scaled.jpg?resize=2000%2C3000&amp;ssl=1 2000w, https:\/\/i0.wp.com\/casadecampoliving.com\/wp-content\/uploads\/2025\/11\/Carlos-Contreras-Susana-Deleito-scaled.jpg?resize=780%2C1170&amp;ssl=1 780w, https:\/\/i0.wp.com\/casadecampoliving.com\/wp-content\/uploads\/2025\/11\/Carlos-Contreras-Susana-Deleito-scaled.jpg?resize=400%2C600&amp;ssl=1 400w, https:\/\/i0.wp.com\/casadecampoliving.com\/wp-content\/uploads\/2025\/11\/Carlos-Contreras-Susana-Deleito-scaled.jpg?resize=1320%2C1980&amp;ssl=1 1320w, https:\/\/i0.wp.com\/casadecampoliving.com\/wp-content\/uploads\/2025\/11\/Carlos-Contreras-Susana-Deleito-scaled.jpg?resize=150%2C225&amp;ssl=1 150w, https:\/\/i0.wp.com\/casadecampoliving.com\/wp-content\/uploads\/2025\/11\/Carlos-Contreras-Susana-Deleito-scaled.jpg?w=1706&amp;ssl=1 1706w, https:\/\/i0.wp.com\/casadecampoliving.com\/wp-content\/uploads\/2025\/11\/Carlos-Contreras-Susana-Deleito-683x1024.jpg?w=370&amp;ssl=1 370w\" sizes=\"auto, (max-width: 683px) 100vw, 683px\" \/><\/figure>\n\n\n\n<figure class=\"wp-block-image size-large\"><img data-recalc-dims=\"1\" loading=\"lazy\" decoding=\"async\" width=\"683\" height=\"1024\" data-attachment-id=\"545912\" data-permalink=\"https:\/\/casadecampoliving.com\/es\/concluye-con-exito-tercera-edicion-de-alma-casa-de-campo\/caterina-y-eleanor-beauchet\/\" data-orig-file=\"https:\/\/i0.wp.com\/casadecampoliving.com\/wp-content\/uploads\/2025\/11\/Caterina-y-Eleanor-Beauchet-scaled.jpg?fit=1706%2C2560&amp;ssl=1\" data-orig-size=\"1706,2560\" data-comments-opened=\"0\" data-image-meta=\"{&quot;aperture&quot;:&quot;0&quot;,&quot;credit&quot;:&quot;&quot;,&quot;camera&quot;:&quot;&quot;,&quot;caption&quot;:&quot;&quot;,&quot;created_timestamp&quot;:&quot;0&quot;,&quot;copyright&quot;:&quot;&quot;,&quot;focal_length&quot;:&quot;0&quot;,&quot;iso&quot;:&quot;0&quot;,&quot;shutter_speed&quot;:&quot;0&quot;,&quot;title&quot;:&quot;&quot;,&quot;orientation&quot;:&quot;0&quot;}\" data-image-title=\"Caterina y Eleanor Beauchet\" data-image-description=\"\" data-image-caption=\"\" data-large-file=\"https:\/\/i0.wp.com\/casadecampoliving.com\/wp-content\/uploads\/2025\/11\/Caterina-y-Eleanor-Beauchet-scaled.jpg?fit=683%2C1024&amp;ssl=1\" data-id=\"545912\" src=\"https:\/\/i0.wp.com\/casadecampoliving.com\/wp-content\/uploads\/2025\/11\/Caterina-y-Eleanor-Beauchet.jpg?resize=683%2C1024&#038;ssl=1\" alt=\"\" class=\"wp-image-545912\" srcset=\"https:\/\/i0.wp.com\/casadecampoliving.com\/wp-content\/uploads\/2025\/11\/Caterina-y-Eleanor-Beauchet-scaled.jpg?resize=683%2C1024&amp;ssl=1 683w, https:\/\/i0.wp.com\/casadecampoliving.com\/wp-content\/uploads\/2025\/11\/Caterina-y-Eleanor-Beauchet-scaled.jpg?resize=200%2C300&amp;ssl=1 200w, https:\/\/i0.wp.com\/casadecampoliving.com\/wp-content\/uploads\/2025\/11\/Caterina-y-Eleanor-Beauchet-scaled.jpg?resize=768%2C1152&amp;ssl=1 768w, https:\/\/i0.wp.com\/casadecampoliving.com\/wp-content\/uploads\/2025\/11\/Caterina-y-Eleanor-Beauchet-scaled.jpg?resize=1024%2C1536&amp;ssl=1 1024w, https:\/\/i0.wp.com\/casadecampoliving.com\/wp-content\/uploads\/2025\/11\/Caterina-y-Eleanor-Beauchet-scaled.jpg?resize=1365%2C2048&amp;ssl=1 1365w, https:\/\/i0.wp.com\/casadecampoliving.com\/wp-content\/uploads\/2025\/11\/Caterina-y-Eleanor-Beauchet-scaled.jpg?resize=1200%2C1800&amp;ssl=1 1200w, https:\/\/i0.wp.com\/casadecampoliving.com\/wp-content\/uploads\/2025\/11\/Caterina-y-Eleanor-Beauchet-scaled.jpg?resize=2000%2C3000&amp;ssl=1 2000w, https:\/\/i0.wp.com\/casadecampoliving.com\/wp-content\/uploads\/2025\/11\/Caterina-y-Eleanor-Beauchet-scaled.jpg?resize=780%2C1170&amp;ssl=1 780w, https:\/\/i0.wp.com\/casadecampoliving.com\/wp-content\/uploads\/2025\/11\/Caterina-y-Eleanor-Beauchet-scaled.jpg?resize=400%2C600&amp;ssl=1 400w, https:\/\/i0.wp.com\/casadecampoliving.com\/wp-content\/uploads\/2025\/11\/Caterina-y-Eleanor-Beauchet-scaled.jpg?resize=1320%2C1980&amp;ssl=1 1320w, https:\/\/i0.wp.com\/casadecampoliving.com\/wp-content\/uploads\/2025\/11\/Caterina-y-Eleanor-Beauchet-scaled.jpg?resize=150%2C225&amp;ssl=1 150w, https:\/\/i0.wp.com\/casadecampoliving.com\/wp-content\/uploads\/2025\/11\/Caterina-y-Eleanor-Beauchet-scaled.jpg?w=1706&amp;ssl=1 1706w, https:\/\/i0.wp.com\/casadecampoliving.com\/wp-content\/uploads\/2025\/11\/Caterina-y-Eleanor-Beauchet-683x1024.jpg?w=370&amp;ssl=1 370w\" sizes=\"auto, (max-width: 683px) 100vw, 683px\" \/><\/figure>\n\n\n\n<figure class=\"wp-block-image size-large\"><img data-recalc-dims=\"1\" loading=\"lazy\" decoding=\"async\" width=\"683\" height=\"1024\" data-attachment-id=\"545819\" data-permalink=\"https:\/\/casadecampoliving.com\/es\/concluye-con-exito-tercera-edicion-de-alma-casa-de-campo\/cesar-villanueva-marilu-de-villanueva\/\" data-orig-file=\"https:\/\/i0.wp.com\/casadecampoliving.com\/wp-content\/uploads\/2025\/11\/Cesar-Villanueva-Marilu-de-Villanueva-scaled.jpg?fit=1706%2C2560&amp;ssl=1\" data-orig-size=\"1706,2560\" data-comments-opened=\"0\" data-image-meta=\"{&quot;aperture&quot;:&quot;0&quot;,&quot;credit&quot;:&quot;&quot;,&quot;camera&quot;:&quot;&quot;,&quot;caption&quot;:&quot;&quot;,&quot;created_timestamp&quot;:&quot;0&quot;,&quot;copyright&quot;:&quot;&quot;,&quot;focal_length&quot;:&quot;0&quot;,&quot;iso&quot;:&quot;0&quot;,&quot;shutter_speed&quot;:&quot;0&quot;,&quot;title&quot;:&quot;&quot;,&quot;orientation&quot;:&quot;0&quot;}\" data-image-title=\"Cesar Villanueva, Marilu de Villanueva\" data-image-description=\"\" data-image-caption=\"\" data-large-file=\"https:\/\/i0.wp.com\/casadecampoliving.com\/wp-content\/uploads\/2025\/11\/Cesar-Villanueva-Marilu-de-Villanueva-scaled.jpg?fit=683%2C1024&amp;ssl=1\" data-id=\"545819\" src=\"https:\/\/i0.wp.com\/casadecampoliving.com\/wp-content\/uploads\/2025\/11\/Cesar-Villanueva-Marilu-de-Villanueva.jpg?resize=683%2C1024&#038;ssl=1\" alt=\"\" class=\"wp-image-545819\" srcset=\"https:\/\/i0.wp.com\/casadecampoliving.com\/wp-content\/uploads\/2025\/11\/Cesar-Villanueva-Marilu-de-Villanueva-scaled.jpg?resize=683%2C1024&amp;ssl=1 683w, https:\/\/i0.wp.com\/casadecampoliving.com\/wp-content\/uploads\/2025\/11\/Cesar-Villanueva-Marilu-de-Villanueva-scaled.jpg?resize=200%2C300&amp;ssl=1 200w, https:\/\/i0.wp.com\/casadecampoliving.com\/wp-content\/uploads\/2025\/11\/Cesar-Villanueva-Marilu-de-Villanueva-scaled.jpg?resize=768%2C1152&amp;ssl=1 768w, https:\/\/i0.wp.com\/casadecampoliving.com\/wp-content\/uploads\/2025\/11\/Cesar-Villanueva-Marilu-de-Villanueva-scaled.jpg?resize=1024%2C1536&amp;ssl=1 1024w, https:\/\/i0.wp.com\/casadecampoliving.com\/wp-content\/uploads\/2025\/11\/Cesar-Villanueva-Marilu-de-Villanueva-scaled.jpg?resize=1365%2C2048&amp;ssl=1 1365w, https:\/\/i0.wp.com\/casadecampoliving.com\/wp-content\/uploads\/2025\/11\/Cesar-Villanueva-Marilu-de-Villanueva-scaled.jpg?resize=1200%2C1800&amp;ssl=1 1200w, https:\/\/i0.wp.com\/casadecampoliving.com\/wp-content\/uploads\/2025\/11\/Cesar-Villanueva-Marilu-de-Villanueva-scaled.jpg?resize=2000%2C3000&amp;ssl=1 2000w, https:\/\/i0.wp.com\/casadecampoliving.com\/wp-content\/uploads\/2025\/11\/Cesar-Villanueva-Marilu-de-Villanueva-scaled.jpg?resize=780%2C1170&amp;ssl=1 780w, https:\/\/i0.wp.com\/casadecampoliving.com\/wp-content\/uploads\/2025\/11\/Cesar-Villanueva-Marilu-de-Villanueva-scaled.jpg?resize=400%2C600&amp;ssl=1 400w, https:\/\/i0.wp.com\/casadecampoliving.com\/wp-content\/uploads\/2025\/11\/Cesar-Villanueva-Marilu-de-Villanueva-scaled.jpg?resize=1320%2C1980&amp;ssl=1 1320w, https:\/\/i0.wp.com\/casadecampoliving.com\/wp-content\/uploads\/2025\/11\/Cesar-Villanueva-Marilu-de-Villanueva-scaled.jpg?resize=150%2C225&amp;ssl=1 150w, https:\/\/i0.wp.com\/casadecampoliving.com\/wp-content\/uploads\/2025\/11\/Cesar-Villanueva-Marilu-de-Villanueva-scaled.jpg?w=1706&amp;ssl=1 1706w, https:\/\/i0.wp.com\/casadecampoliving.com\/wp-content\/uploads\/2025\/11\/Cesar-Villanueva-Marilu-de-Villanueva-683x1024.jpg?w=370&amp;ssl=1 370w\" sizes=\"auto, (max-width: 683px) 100vw, 683px\" \/><\/figure>\n\n\n\n<figure class=\"wp-block-image size-large\"><img data-recalc-dims=\"1\" loading=\"lazy\" decoding=\"async\" width=\"683\" height=\"1024\" data-attachment-id=\"545843\" data-permalink=\"https:\/\/casadecampoliving.com\/es\/concluye-con-exito-tercera-edicion-de-alma-casa-de-campo\/charles-keusters-fernando-arata\/\" data-orig-file=\"https:\/\/i0.wp.com\/casadecampoliving.com\/wp-content\/uploads\/2025\/11\/Charles-Keusters-Fernando-Arata-scaled.jpg?fit=1706%2C2560&amp;ssl=1\" data-orig-size=\"1706,2560\" data-comments-opened=\"0\" data-image-meta=\"{&quot;aperture&quot;:&quot;0&quot;,&quot;credit&quot;:&quot;&quot;,&quot;camera&quot;:&quot;&quot;,&quot;caption&quot;:&quot;&quot;,&quot;created_timestamp&quot;:&quot;0&quot;,&quot;copyright&quot;:&quot;&quot;,&quot;focal_length&quot;:&quot;0&quot;,&quot;iso&quot;:&quot;0&quot;,&quot;shutter_speed&quot;:&quot;0&quot;,&quot;title&quot;:&quot;&quot;,&quot;orientation&quot;:&quot;0&quot;}\" data-image-title=\"Charles Keusters, Fernando Arata\" data-image-description=\"\" data-image-caption=\"\" data-large-file=\"https:\/\/i0.wp.com\/casadecampoliving.com\/wp-content\/uploads\/2025\/11\/Charles-Keusters-Fernando-Arata-scaled.jpg?fit=683%2C1024&amp;ssl=1\" data-id=\"545843\" src=\"https:\/\/i0.wp.com\/casadecampoliving.com\/wp-content\/uploads\/2025\/11\/Charles-Keusters-Fernando-Arata.jpg?resize=683%2C1024&#038;ssl=1\" alt=\"\" class=\"wp-image-545843\" srcset=\"https:\/\/i0.wp.com\/casadecampoliving.com\/wp-content\/uploads\/2025\/11\/Charles-Keusters-Fernando-Arata-scaled.jpg?resize=683%2C1024&amp;ssl=1 683w, https:\/\/i0.wp.com\/casadecampoliving.com\/wp-content\/uploads\/2025\/11\/Charles-Keusters-Fernando-Arata-scaled.jpg?resize=200%2C300&amp;ssl=1 200w, https:\/\/i0.wp.com\/casadecampoliving.com\/wp-content\/uploads\/2025\/11\/Charles-Keusters-Fernando-Arata-scaled.jpg?resize=768%2C1152&amp;ssl=1 768w, https:\/\/i0.wp.com\/casadecampoliving.com\/wp-content\/uploads\/2025\/11\/Charles-Keusters-Fernando-Arata-scaled.jpg?resize=1024%2C1536&amp;ssl=1 1024w, https:\/\/i0.wp.com\/casadecampoliving.com\/wp-content\/uploads\/2025\/11\/Charles-Keusters-Fernando-Arata-scaled.jpg?resize=1365%2C2048&amp;ssl=1 1365w, https:\/\/i0.wp.com\/casadecampoliving.com\/wp-content\/uploads\/2025\/11\/Charles-Keusters-Fernando-Arata-scaled.jpg?resize=1200%2C1800&amp;ssl=1 1200w, https:\/\/i0.wp.com\/casadecampoliving.com\/wp-content\/uploads\/2025\/11\/Charles-Keusters-Fernando-Arata-scaled.jpg?resize=2000%2C3000&amp;ssl=1 2000w, https:\/\/i0.wp.com\/casadecampoliving.com\/wp-content\/uploads\/2025\/11\/Charles-Keusters-Fernando-Arata-scaled.jpg?resize=780%2C1170&amp;ssl=1 780w, https:\/\/i0.wp.com\/casadecampoliving.com\/wp-content\/uploads\/2025\/11\/Charles-Keusters-Fernando-Arata-scaled.jpg?resize=400%2C600&amp;ssl=1 400w, https:\/\/i0.wp.com\/casadecampoliving.com\/wp-content\/uploads\/2025\/11\/Charles-Keusters-Fernando-Arata-scaled.jpg?resize=1320%2C1980&amp;ssl=1 1320w, https:\/\/i0.wp.com\/casadecampoliving.com\/wp-content\/uploads\/2025\/11\/Charles-Keusters-Fernando-Arata-scaled.jpg?resize=150%2C225&amp;ssl=1 150w, https:\/\/i0.wp.com\/casadecampoliving.com\/wp-content\/uploads\/2025\/11\/Charles-Keusters-Fernando-Arata-scaled.jpg?w=1706&amp;ssl=1 1706w, https:\/\/i0.wp.com\/casadecampoliving.com\/wp-content\/uploads\/2025\/11\/Charles-Keusters-Fernando-Arata-683x1024.jpg?w=370&amp;ssl=1 370w\" sizes=\"auto, (max-width: 683px) 100vw, 683px\" \/><\/figure>\n\n\n\n<figure class=\"wp-block-image size-large\"><img data-recalc-dims=\"1\" loading=\"lazy\" decoding=\"async\" width=\"683\" height=\"1024\" data-attachment-id=\"545862\" data-permalink=\"https:\/\/casadecampoliving.com\/es\/concluye-con-exito-tercera-edicion-de-alma-casa-de-campo\/charles-keusters-nicola-fini\/\" data-orig-file=\"https:\/\/i0.wp.com\/casadecampoliving.com\/wp-content\/uploads\/2025\/11\/Charles-Keusters-Nicola-Fini-scaled.jpg?fit=1706%2C2560&amp;ssl=1\" data-orig-size=\"1706,2560\" data-comments-opened=\"0\" data-image-meta=\"{&quot;aperture&quot;:&quot;0&quot;,&quot;credit&quot;:&quot;&quot;,&quot;camera&quot;:&quot;&quot;,&quot;caption&quot;:&quot;&quot;,&quot;created_timestamp&quot;:&quot;0&quot;,&quot;copyright&quot;:&quot;&quot;,&quot;focal_length&quot;:&quot;0&quot;,&quot;iso&quot;:&quot;0&quot;,&quot;shutter_speed&quot;:&quot;0&quot;,&quot;title&quot;:&quot;&quot;,&quot;orientation&quot;:&quot;0&quot;}\" data-image-title=\"Charles Keusters, Nicola Fini\" data-image-description=\"\" data-image-caption=\"\" data-large-file=\"https:\/\/i0.wp.com\/casadecampoliving.com\/wp-content\/uploads\/2025\/11\/Charles-Keusters-Nicola-Fini-scaled.jpg?fit=683%2C1024&amp;ssl=1\" data-id=\"545862\" src=\"https:\/\/i0.wp.com\/casadecampoliving.com\/wp-content\/uploads\/2025\/11\/Charles-Keusters-Nicola-Fini.jpg?resize=683%2C1024&#038;ssl=1\" alt=\"\" class=\"wp-image-545862\" srcset=\"https:\/\/i0.wp.com\/casadecampoliving.com\/wp-content\/uploads\/2025\/11\/Charles-Keusters-Nicola-Fini-scaled.jpg?resize=683%2C1024&amp;ssl=1 683w, https:\/\/i0.wp.com\/casadecampoliving.com\/wp-content\/uploads\/2025\/11\/Charles-Keusters-Nicola-Fini-scaled.jpg?resize=200%2C300&amp;ssl=1 200w, https:\/\/i0.wp.com\/casadecampoliving.com\/wp-content\/uploads\/2025\/11\/Charles-Keusters-Nicola-Fini-scaled.jpg?resize=768%2C1152&amp;ssl=1 768w, https:\/\/i0.wp.com\/casadecampoliving.com\/wp-content\/uploads\/2025\/11\/Charles-Keusters-Nicola-Fini-scaled.jpg?resize=1024%2C1536&amp;ssl=1 1024w, https:\/\/i0.wp.com\/casadecampoliving.com\/wp-content\/uploads\/2025\/11\/Charles-Keusters-Nicola-Fini-scaled.jpg?resize=1365%2C2048&amp;ssl=1 1365w, https:\/\/i0.wp.com\/casadecampoliving.com\/wp-content\/uploads\/2025\/11\/Charles-Keusters-Nicola-Fini-scaled.jpg?resize=1200%2C1800&amp;ssl=1 1200w, https:\/\/i0.wp.com\/casadecampoliving.com\/wp-content\/uploads\/2025\/11\/Charles-Keusters-Nicola-Fini-scaled.jpg?resize=2000%2C3000&amp;ssl=1 2000w, https:\/\/i0.wp.com\/casadecampoliving.com\/wp-content\/uploads\/2025\/11\/Charles-Keusters-Nicola-Fini-scaled.jpg?resize=780%2C1170&amp;ssl=1 780w, https:\/\/i0.wp.com\/casadecampoliving.com\/wp-content\/uploads\/2025\/11\/Charles-Keusters-Nicola-Fini-scaled.jpg?resize=400%2C600&amp;ssl=1 400w, https:\/\/i0.wp.com\/casadecampoliving.com\/wp-content\/uploads\/2025\/11\/Charles-Keusters-Nicola-Fini-scaled.jpg?resize=1320%2C1980&amp;ssl=1 1320w, https:\/\/i0.wp.com\/casadecampoliving.com\/wp-content\/uploads\/2025\/11\/Charles-Keusters-Nicola-Fini-scaled.jpg?resize=150%2C225&amp;ssl=1 150w, https:\/\/i0.wp.com\/casadecampoliving.com\/wp-content\/uploads\/2025\/11\/Charles-Keusters-Nicola-Fini-scaled.jpg?w=1706&amp;ssl=1 1706w, https:\/\/i0.wp.com\/casadecampoliving.com\/wp-content\/uploads\/2025\/11\/Charles-Keusters-Nicola-Fini-683x1024.jpg?w=370&amp;ssl=1 370w\" sizes=\"auto, (max-width: 683px) 100vw, 683px\" \/><\/figure>\n\n\n\n<figure class=\"wp-block-image size-large\"><img data-recalc-dims=\"1\" loading=\"lazy\" decoding=\"async\" width=\"683\" height=\"1024\" data-attachment-id=\"545869\" data-permalink=\"https:\/\/casadecampoliving.com\/es\/concluye-con-exito-tercera-edicion-de-alma-casa-de-campo\/cuchy-perez-y-aguie-lendor-2\/\" data-orig-file=\"https:\/\/i0.wp.com\/casadecampoliving.com\/wp-content\/uploads\/2025\/11\/Cuchy-Perez-y-Aguie-Lendor-1-scaled.jpg?fit=1706%2C2560&amp;ssl=1\" data-orig-size=\"1706,2560\" data-comments-opened=\"0\" data-image-meta=\"{&quot;aperture&quot;:&quot;0&quot;,&quot;credit&quot;:&quot;&quot;,&quot;camera&quot;:&quot;&quot;,&quot;caption&quot;:&quot;&quot;,&quot;created_timestamp&quot;:&quot;0&quot;,&quot;copyright&quot;:&quot;&quot;,&quot;focal_length&quot;:&quot;0&quot;,&quot;iso&quot;:&quot;0&quot;,&quot;shutter_speed&quot;:&quot;0&quot;,&quot;title&quot;:&quot;&quot;,&quot;orientation&quot;:&quot;0&quot;}\" data-image-title=\"Cuchy Perez y Aguie Lendor\" data-image-description=\"\" data-image-caption=\"\" data-large-file=\"https:\/\/i0.wp.com\/casadecampoliving.com\/wp-content\/uploads\/2025\/11\/Cuchy-Perez-y-Aguie-Lendor-1-scaled.jpg?fit=683%2C1024&amp;ssl=1\" data-id=\"545869\" src=\"https:\/\/i0.wp.com\/casadecampoliving.com\/wp-content\/uploads\/2025\/11\/Cuchy-Perez-y-Aguie-Lendor-1.jpg?resize=683%2C1024&#038;ssl=1\" alt=\"\" class=\"wp-image-545869\" srcset=\"https:\/\/i0.wp.com\/casadecampoliving.com\/wp-content\/uploads\/2025\/11\/Cuchy-Perez-y-Aguie-Lendor-1-scaled.jpg?resize=683%2C1024&amp;ssl=1 683w, https:\/\/i0.wp.com\/casadecampoliving.com\/wp-content\/uploads\/2025\/11\/Cuchy-Perez-y-Aguie-Lendor-1-scaled.jpg?resize=200%2C300&amp;ssl=1 200w, https:\/\/i0.wp.com\/casadecampoliving.com\/wp-content\/uploads\/2025\/11\/Cuchy-Perez-y-Aguie-Lendor-1-scaled.jpg?resize=768%2C1152&amp;ssl=1 768w, https:\/\/i0.wp.com\/casadecampoliving.com\/wp-content\/uploads\/2025\/11\/Cuchy-Perez-y-Aguie-Lendor-1-scaled.jpg?resize=1024%2C1536&amp;ssl=1 1024w, https:\/\/i0.wp.com\/casadecampoliving.com\/wp-content\/uploads\/2025\/11\/Cuchy-Perez-y-Aguie-Lendor-1-scaled.jpg?resize=1365%2C2048&amp;ssl=1 1365w, https:\/\/i0.wp.com\/casadecampoliving.com\/wp-content\/uploads\/2025\/11\/Cuchy-Perez-y-Aguie-Lendor-1-scaled.jpg?resize=1200%2C1800&amp;ssl=1 1200w, https:\/\/i0.wp.com\/casadecampoliving.com\/wp-content\/uploads\/2025\/11\/Cuchy-Perez-y-Aguie-Lendor-1-scaled.jpg?resize=2000%2C3000&amp;ssl=1 2000w, https:\/\/i0.wp.com\/casadecampoliving.com\/wp-content\/uploads\/2025\/11\/Cuchy-Perez-y-Aguie-Lendor-1-scaled.jpg?resize=780%2C1170&amp;ssl=1 780w, https:\/\/i0.wp.com\/casadecampoliving.com\/wp-content\/uploads\/2025\/11\/Cuchy-Perez-y-Aguie-Lendor-1-scaled.jpg?resize=400%2C600&amp;ssl=1 400w, https:\/\/i0.wp.com\/casadecampoliving.com\/wp-content\/uploads\/2025\/11\/Cuchy-Perez-y-Aguie-Lendor-1-scaled.jpg?resize=1320%2C1980&amp;ssl=1 1320w, https:\/\/i0.wp.com\/casadecampoliving.com\/wp-content\/uploads\/2025\/11\/Cuchy-Perez-y-Aguie-Lendor-1-scaled.jpg?resize=150%2C225&amp;ssl=1 150w, https:\/\/i0.wp.com\/casadecampoliving.com\/wp-content\/uploads\/2025\/11\/Cuchy-Perez-y-Aguie-Lendor-1-scaled.jpg?w=1706&amp;ssl=1 1706w, https:\/\/i0.wp.com\/casadecampoliving.com\/wp-content\/uploads\/2025\/11\/Cuchy-Perez-y-Aguie-Lendor-1-683x1024.jpg?w=370&amp;ssl=1 370w\" sizes=\"auto, (max-width: 683px) 100vw, 683px\" \/><\/figure>\n\n\n\n<figure class=\"wp-block-image size-large\"><img data-recalc-dims=\"1\" loading=\"lazy\" decoding=\"async\" width=\"1024\" height=\"683\" data-attachment-id=\"545915\" data-permalink=\"https:\/\/casadecampoliving.com\/es\/concluye-con-exito-tercera-edicion-de-alma-casa-de-campo\/cuchy-perez-andres-pichardo-thea-van-der-werf-susana-deleito-2\/\" data-orig-file=\"https:\/\/i0.wp.com\/casadecampoliving.com\/wp-content\/uploads\/2025\/11\/Cuchy-Perez-Andres-Pichardo-Thea-van-der-Werf-Susana-Deleito-1-scaled.jpg?fit=2560%2C1706&amp;ssl=1\" data-orig-size=\"2560,1706\" data-comments-opened=\"0\" data-image-meta=\"{&quot;aperture&quot;:&quot;0&quot;,&quot;credit&quot;:&quot;&quot;,&quot;camera&quot;:&quot;&quot;,&quot;caption&quot;:&quot;&quot;,&quot;created_timestamp&quot;:&quot;0&quot;,&quot;copyright&quot;:&quot;&quot;,&quot;focal_length&quot;:&quot;0&quot;,&quot;iso&quot;:&quot;0&quot;,&quot;shutter_speed&quot;:&quot;0&quot;,&quot;title&quot;:&quot;&quot;,&quot;orientation&quot;:&quot;0&quot;}\" data-image-title=\"Cuchy Perez, Andres Pichardo, Thea van der Werf, Susana Deleito\" data-image-description=\"\" data-image-caption=\"\" data-large-file=\"https:\/\/i0.wp.com\/casadecampoliving.com\/wp-content\/uploads\/2025\/11\/Cuchy-Perez-Andres-Pichardo-Thea-van-der-Werf-Susana-Deleito-1-scaled.jpg?fit=1024%2C683&amp;ssl=1\" data-id=\"545915\" src=\"https:\/\/i0.wp.com\/casadecampoliving.com\/wp-content\/uploads\/2025\/11\/Cuchy-Perez-Andres-Pichardo-Thea-van-der-Werf-Susana-Deleito-1.jpg?resize=1024%2C683&#038;ssl=1\" alt=\"\" class=\"wp-image-545915\" srcset=\"https:\/\/i0.wp.com\/casadecampoliving.com\/wp-content\/uploads\/2025\/11\/Cuchy-Perez-Andres-Pichardo-Thea-van-der-Werf-Susana-Deleito-1-scaled.jpg?resize=1024%2C683&amp;ssl=1 1024w, https:\/\/i0.wp.com\/casadecampoliving.com\/wp-content\/uploads\/2025\/11\/Cuchy-Perez-Andres-Pichardo-Thea-van-der-Werf-Susana-Deleito-1-scaled.jpg?resize=300%2C200&amp;ssl=1 300w, https:\/\/i0.wp.com\/casadecampoliving.com\/wp-content\/uploads\/2025\/11\/Cuchy-Perez-Andres-Pichardo-Thea-van-der-Werf-Susana-Deleito-1-scaled.jpg?resize=768%2C512&amp;ssl=1 768w, https:\/\/i0.wp.com\/casadecampoliving.com\/wp-content\/uploads\/2025\/11\/Cuchy-Perez-Andres-Pichardo-Thea-van-der-Werf-Susana-Deleito-1-scaled.jpg?resize=1536%2C1024&amp;ssl=1 1536w, https:\/\/i0.wp.com\/casadecampoliving.com\/wp-content\/uploads\/2025\/11\/Cuchy-Perez-Andres-Pichardo-Thea-van-der-Werf-Susana-Deleito-1-scaled.jpg?resize=2048%2C1365&amp;ssl=1 2048w, https:\/\/i0.wp.com\/casadecampoliving.com\/wp-content\/uploads\/2025\/11\/Cuchy-Perez-Andres-Pichardo-Thea-van-der-Werf-Susana-Deleito-1-scaled.jpg?resize=1200%2C800&amp;ssl=1 1200w, https:\/\/i0.wp.com\/casadecampoliving.com\/wp-content\/uploads\/2025\/11\/Cuchy-Perez-Andres-Pichardo-Thea-van-der-Werf-Susana-Deleito-1-scaled.jpg?resize=2000%2C1333&amp;ssl=1 2000w, https:\/\/i0.wp.com\/casadecampoliving.com\/wp-content\/uploads\/2025\/11\/Cuchy-Perez-Andres-Pichardo-Thea-van-der-Werf-Susana-Deleito-1-scaled.jpg?resize=780%2C520&amp;ssl=1 780w, https:\/\/i0.wp.com\/casadecampoliving.com\/wp-content\/uploads\/2025\/11\/Cuchy-Perez-Andres-Pichardo-Thea-van-der-Werf-Susana-Deleito-1-scaled.jpg?resize=400%2C267&amp;ssl=1 400w, https:\/\/i0.wp.com\/casadecampoliving.com\/wp-content\/uploads\/2025\/11\/Cuchy-Perez-Andres-Pichardo-Thea-van-der-Werf-Susana-Deleito-1-scaled.jpg?resize=1320%2C880&amp;ssl=1 1320w, https:\/\/i0.wp.com\/casadecampoliving.com\/wp-content\/uploads\/2025\/11\/Cuchy-Perez-Andres-Pichardo-Thea-van-der-Werf-Susana-Deleito-1-scaled.jpg?resize=150%2C100&amp;ssl=1 150w, https:\/\/i0.wp.com\/casadecampoliving.com\/wp-content\/uploads\/2025\/11\/Cuchy-Perez-Andres-Pichardo-Thea-van-der-Werf-Susana-Deleito-1-1024x683.jpg?w=370&amp;ssl=1 370w\" sizes=\"auto, (max-width: 1000px) 100vw, 1000px\" \/><\/figure>\n\n\n\n<figure class=\"wp-block-image size-large\"><img data-recalc-dims=\"1\" loading=\"lazy\" decoding=\"async\" width=\"683\" height=\"1024\" data-attachment-id=\"545936\" data-permalink=\"https:\/\/casadecampoliving.com\/es\/concluye-con-exito-tercera-edicion-de-alma-casa-de-campo\/cuchy-perez-ariel-deniz-robaina-maria-lopez-maria-zamorano\/\" data-orig-file=\"https:\/\/i0.wp.com\/casadecampoliving.com\/wp-content\/uploads\/2025\/11\/Cuchy-Perez-Ariel-Deniz-Robaina-Maria-Lopez-Maria-Zamorano-scaled.jpg?fit=1706%2C2560&amp;ssl=1\" data-orig-size=\"1706,2560\" data-comments-opened=\"0\" data-image-meta=\"{&quot;aperture&quot;:&quot;0&quot;,&quot;credit&quot;:&quot;&quot;,&quot;camera&quot;:&quot;&quot;,&quot;caption&quot;:&quot;&quot;,&quot;created_timestamp&quot;:&quot;0&quot;,&quot;copyright&quot;:&quot;&quot;,&quot;focal_length&quot;:&quot;0&quot;,&quot;iso&quot;:&quot;0&quot;,&quot;shutter_speed&quot;:&quot;0&quot;,&quot;title&quot;:&quot;&quot;,&quot;orientation&quot;:&quot;0&quot;}\" data-image-title=\"Cuchy Perez, Ariel Deniz- Robaina, Maria Lopez, Maria Zamorano\" data-image-description=\"\" data-image-caption=\"\" data-large-file=\"https:\/\/i0.wp.com\/casadecampoliving.com\/wp-content\/uploads\/2025\/11\/Cuchy-Perez-Ariel-Deniz-Robaina-Maria-Lopez-Maria-Zamorano-scaled.jpg?fit=683%2C1024&amp;ssl=1\" data-id=\"545936\" src=\"https:\/\/i0.wp.com\/casadecampoliving.com\/wp-content\/uploads\/2025\/11\/Cuchy-Perez-Ariel-Deniz-Robaina-Maria-Lopez-Maria-Zamorano.jpg?resize=683%2C1024&#038;ssl=1\" alt=\"\" class=\"wp-image-545936\" srcset=\"https:\/\/i0.wp.com\/casadecampoliving.com\/wp-content\/uploads\/2025\/11\/Cuchy-Perez-Ariel-Deniz-Robaina-Maria-Lopez-Maria-Zamorano-scaled.jpg?resize=683%2C1024&amp;ssl=1 683w, https:\/\/i0.wp.com\/casadecampoliving.com\/wp-content\/uploads\/2025\/11\/Cuchy-Perez-Ariel-Deniz-Robaina-Maria-Lopez-Maria-Zamorano-scaled.jpg?resize=200%2C300&amp;ssl=1 200w, https:\/\/i0.wp.com\/casadecampoliving.com\/wp-content\/uploads\/2025\/11\/Cuchy-Perez-Ariel-Deniz-Robaina-Maria-Lopez-Maria-Zamorano-scaled.jpg?resize=768%2C1152&amp;ssl=1 768w, https:\/\/i0.wp.com\/casadecampoliving.com\/wp-content\/uploads\/2025\/11\/Cuchy-Perez-Ariel-Deniz-Robaina-Maria-Lopez-Maria-Zamorano-scaled.jpg?resize=1024%2C1536&amp;ssl=1 1024w, https:\/\/i0.wp.com\/casadecampoliving.com\/wp-content\/uploads\/2025\/11\/Cuchy-Perez-Ariel-Deniz-Robaina-Maria-Lopez-Maria-Zamorano-scaled.jpg?resize=1365%2C2048&amp;ssl=1 1365w, https:\/\/i0.wp.com\/casadecampoliving.com\/wp-content\/uploads\/2025\/11\/Cuchy-Perez-Ariel-Deniz-Robaina-Maria-Lopez-Maria-Zamorano-scaled.jpg?resize=1200%2C1800&amp;ssl=1 1200w, https:\/\/i0.wp.com\/casadecampoliving.com\/wp-content\/uploads\/2025\/11\/Cuchy-Perez-Ariel-Deniz-Robaina-Maria-Lopez-Maria-Zamorano-scaled.jpg?resize=2000%2C3000&amp;ssl=1 2000w, https:\/\/i0.wp.com\/casadecampoliving.com\/wp-content\/uploads\/2025\/11\/Cuchy-Perez-Ariel-Deniz-Robaina-Maria-Lopez-Maria-Zamorano-scaled.jpg?resize=780%2C1170&amp;ssl=1 780w, https:\/\/i0.wp.com\/casadecampoliving.com\/wp-content\/uploads\/2025\/11\/Cuchy-Perez-Ariel-Deniz-Robaina-Maria-Lopez-Maria-Zamorano-scaled.jpg?resize=400%2C600&amp;ssl=1 400w, https:\/\/i0.wp.com\/casadecampoliving.com\/wp-content\/uploads\/2025\/11\/Cuchy-Perez-Ariel-Deniz-Robaina-Maria-Lopez-Maria-Zamorano-scaled.jpg?resize=1320%2C1980&amp;ssl=1 1320w, https:\/\/i0.wp.com\/casadecampoliving.com\/wp-content\/uploads\/2025\/11\/Cuchy-Perez-Ariel-Deniz-Robaina-Maria-Lopez-Maria-Zamorano-scaled.jpg?resize=150%2C225&amp;ssl=1 150w, https:\/\/i0.wp.com\/casadecampoliving.com\/wp-content\/uploads\/2025\/11\/Cuchy-Perez-Ariel-Deniz-Robaina-Maria-Lopez-Maria-Zamorano-scaled.jpg?w=1706&amp;ssl=1 1706w, https:\/\/i0.wp.com\/casadecampoliving.com\/wp-content\/uploads\/2025\/11\/Cuchy-Perez-Ariel-Deniz-Robaina-Maria-Lopez-Maria-Zamorano-683x1024.jpg?w=370&amp;ssl=1 370w\" sizes=\"auto, (max-width: 683px) 100vw, 683px\" \/><\/figure>\n\n\n\n<figure class=\"wp-block-image size-large\"><img data-recalc-dims=\"1\" loading=\"lazy\" decoding=\"async\" width=\"683\" height=\"1024\" data-attachment-id=\"545930\" data-permalink=\"https:\/\/casadecampoliving.com\/es\/concluye-con-exito-tercera-edicion-de-alma-casa-de-campo\/cuchy-perezmaria-lopez-susana-deleito\/\" data-orig-file=\"https:\/\/i0.wp.com\/casadecampoliving.com\/wp-content\/uploads\/2025\/11\/Cuchy-PerezMaria-Lopez-Susana-Deleito-scaled.jpg?fit=1706%2C2560&amp;ssl=1\" data-orig-size=\"1706,2560\" data-comments-opened=\"0\" data-image-meta=\"{&quot;aperture&quot;:&quot;0&quot;,&quot;credit&quot;:&quot;&quot;,&quot;camera&quot;:&quot;&quot;,&quot;caption&quot;:&quot;&quot;,&quot;created_timestamp&quot;:&quot;0&quot;,&quot;copyright&quot;:&quot;&quot;,&quot;focal_length&quot;:&quot;0&quot;,&quot;iso&quot;:&quot;0&quot;,&quot;shutter_speed&quot;:&quot;0&quot;,&quot;title&quot;:&quot;&quot;,&quot;orientation&quot;:&quot;0&quot;}\" data-image-title=\"Cuchy PerezMaria Lopez, Susana Deleito\" data-image-description=\"\" data-image-caption=\"\" data-large-file=\"https:\/\/i0.wp.com\/casadecampoliving.com\/wp-content\/uploads\/2025\/11\/Cuchy-PerezMaria-Lopez-Susana-Deleito-scaled.jpg?fit=683%2C1024&amp;ssl=1\" data-id=\"545930\" src=\"https:\/\/i0.wp.com\/casadecampoliving.com\/wp-content\/uploads\/2025\/11\/Cuchy-PerezMaria-Lopez-Susana-Deleito.jpg?resize=683%2C1024&#038;ssl=1\" alt=\"\" class=\"wp-image-545930\" srcset=\"https:\/\/i0.wp.com\/casadecampoliving.com\/wp-content\/uploads\/2025\/11\/Cuchy-PerezMaria-Lopez-Susana-Deleito-scaled.jpg?resize=683%2C1024&amp;ssl=1 683w, https:\/\/i0.wp.com\/casadecampoliving.com\/wp-content\/uploads\/2025\/11\/Cuchy-PerezMaria-Lopez-Susana-Deleito-scaled.jpg?resize=200%2C300&amp;ssl=1 200w, https:\/\/i0.wp.com\/casadecampoliving.com\/wp-content\/uploads\/2025\/11\/Cuchy-PerezMaria-Lopez-Susana-Deleito-scaled.jpg?resize=768%2C1152&amp;ssl=1 768w, https:\/\/i0.wp.com\/casadecampoliving.com\/wp-content\/uploads\/2025\/11\/Cuchy-PerezMaria-Lopez-Susana-Deleito-scaled.jpg?resize=1024%2C1536&amp;ssl=1 1024w, https:\/\/i0.wp.com\/casadecampoliving.com\/wp-content\/uploads\/2025\/11\/Cuchy-PerezMaria-Lopez-Susana-Deleito-scaled.jpg?resize=1365%2C2048&amp;ssl=1 1365w, https:\/\/i0.wp.com\/casadecampoliving.com\/wp-content\/uploads\/2025\/11\/Cuchy-PerezMaria-Lopez-Susana-Deleito-scaled.jpg?resize=1200%2C1800&amp;ssl=1 1200w, https:\/\/i0.wp.com\/casadecampoliving.com\/wp-content\/uploads\/2025\/11\/Cuchy-PerezMaria-Lopez-Susana-Deleito-scaled.jpg?resize=2000%2C3000&amp;ssl=1 2000w, https:\/\/i0.wp.com\/casadecampoliving.com\/wp-content\/uploads\/2025\/11\/Cuchy-PerezMaria-Lopez-Susana-Deleito-scaled.jpg?resize=780%2C1170&amp;ssl=1 780w, https:\/\/i0.wp.com\/casadecampoliving.com\/wp-content\/uploads\/2025\/11\/Cuchy-PerezMaria-Lopez-Susana-Deleito-scaled.jpg?resize=400%2C600&amp;ssl=1 400w, https:\/\/i0.wp.com\/casadecampoliving.com\/wp-content\/uploads\/2025\/11\/Cuchy-PerezMaria-Lopez-Susana-Deleito-scaled.jpg?resize=1320%2C1980&amp;ssl=1 1320w, https:\/\/i0.wp.com\/casadecampoliving.com\/wp-content\/uploads\/2025\/11\/Cuchy-PerezMaria-Lopez-Susana-Deleito-scaled.jpg?resize=150%2C225&amp;ssl=1 150w, https:\/\/i0.wp.com\/casadecampoliving.com\/wp-content\/uploads\/2025\/11\/Cuchy-PerezMaria-Lopez-Susana-Deleito-scaled.jpg?w=1706&amp;ssl=1 1706w, https:\/\/i0.wp.com\/casadecampoliving.com\/wp-content\/uploads\/2025\/11\/Cuchy-PerezMaria-Lopez-Susana-Deleito-683x1024.jpg?w=370&amp;ssl=1 370w\" sizes=\"auto, (max-width: 683px) 100vw, 683px\" \/><\/figure>\n\n\n\n<figure class=\"wp-block-image size-large\"><img data-recalc-dims=\"1\" loading=\"lazy\" decoding=\"async\" width=\"683\" height=\"1024\" data-attachment-id=\"545924\" data-permalink=\"https:\/\/casadecampoliving.com\/es\/concluye-con-exito-tercera-edicion-de-alma-casa-de-campo\/daniel-sanchez-lucca-sanchez-lauren-llenas\/\" data-orig-file=\"https:\/\/i0.wp.com\/casadecampoliving.com\/wp-content\/uploads\/2025\/11\/Daniel-Sanchez-Lucca-Sanchez-Lauren-Llenas-scaled.jpg?fit=1706%2C2560&amp;ssl=1\" data-orig-size=\"1706,2560\" data-comments-opened=\"0\" data-image-meta=\"{&quot;aperture&quot;:&quot;0&quot;,&quot;credit&quot;:&quot;&quot;,&quot;camera&quot;:&quot;&quot;,&quot;caption&quot;:&quot;&quot;,&quot;created_timestamp&quot;:&quot;0&quot;,&quot;copyright&quot;:&quot;&quot;,&quot;focal_length&quot;:&quot;0&quot;,&quot;iso&quot;:&quot;0&quot;,&quot;shutter_speed&quot;:&quot;0&quot;,&quot;title&quot;:&quot;&quot;,&quot;orientation&quot;:&quot;0&quot;}\" data-image-title=\"Daniel Sanchez, Lucca Sanchez, Lauren Llenas\" data-image-description=\"\" data-image-caption=\"\" data-large-file=\"https:\/\/i0.wp.com\/casadecampoliving.com\/wp-content\/uploads\/2025\/11\/Daniel-Sanchez-Lucca-Sanchez-Lauren-Llenas-scaled.jpg?fit=683%2C1024&amp;ssl=1\" data-id=\"545924\" src=\"https:\/\/i0.wp.com\/casadecampoliving.com\/wp-content\/uploads\/2025\/11\/Daniel-Sanchez-Lucca-Sanchez-Lauren-Llenas.jpg?resize=683%2C1024&#038;ssl=1\" alt=\"\" class=\"wp-image-545924\" srcset=\"https:\/\/i0.wp.com\/casadecampoliving.com\/wp-content\/uploads\/2025\/11\/Daniel-Sanchez-Lucca-Sanchez-Lauren-Llenas-scaled.jpg?resize=683%2C1024&amp;ssl=1 683w, https:\/\/i0.wp.com\/casadecampoliving.com\/wp-content\/uploads\/2025\/11\/Daniel-Sanchez-Lucca-Sanchez-Lauren-Llenas-scaled.jpg?resize=200%2C300&amp;ssl=1 200w, https:\/\/i0.wp.com\/casadecampoliving.com\/wp-content\/uploads\/2025\/11\/Daniel-Sanchez-Lucca-Sanchez-Lauren-Llenas-scaled.jpg?resize=768%2C1152&amp;ssl=1 768w, https:\/\/i0.wp.com\/casadecampoliving.com\/wp-content\/uploads\/2025\/11\/Daniel-Sanchez-Lucca-Sanchez-Lauren-Llenas-scaled.jpg?resize=1024%2C1536&amp;ssl=1 1024w, https:\/\/i0.wp.com\/casadecampoliving.com\/wp-content\/uploads\/2025\/11\/Daniel-Sanchez-Lucca-Sanchez-Lauren-Llenas-scaled.jpg?resize=1365%2C2048&amp;ssl=1 1365w, https:\/\/i0.wp.com\/casadecampoliving.com\/wp-content\/uploads\/2025\/11\/Daniel-Sanchez-Lucca-Sanchez-Lauren-Llenas-scaled.jpg?resize=1200%2C1800&amp;ssl=1 1200w, https:\/\/i0.wp.com\/casadecampoliving.com\/wp-content\/uploads\/2025\/11\/Daniel-Sanchez-Lucca-Sanchez-Lauren-Llenas-scaled.jpg?resize=2000%2C3000&amp;ssl=1 2000w, https:\/\/i0.wp.com\/casadecampoliving.com\/wp-content\/uploads\/2025\/11\/Daniel-Sanchez-Lucca-Sanchez-Lauren-Llenas-scaled.jpg?resize=780%2C1170&amp;ssl=1 780w, https:\/\/i0.wp.com\/casadecampoliving.com\/wp-content\/uploads\/2025\/11\/Daniel-Sanchez-Lucca-Sanchez-Lauren-Llenas-scaled.jpg?resize=400%2C600&amp;ssl=1 400w, https:\/\/i0.wp.com\/casadecampoliving.com\/wp-content\/uploads\/2025\/11\/Daniel-Sanchez-Lucca-Sanchez-Lauren-Llenas-scaled.jpg?resize=1320%2C1980&amp;ssl=1 1320w, https:\/\/i0.wp.com\/casadecampoliving.com\/wp-content\/uploads\/2025\/11\/Daniel-Sanchez-Lucca-Sanchez-Lauren-Llenas-scaled.jpg?resize=150%2C225&amp;ssl=1 150w, https:\/\/i0.wp.com\/casadecampoliving.com\/wp-content\/uploads\/2025\/11\/Daniel-Sanchez-Lucca-Sanchez-Lauren-Llenas-scaled.jpg?w=1706&amp;ssl=1 1706w, https:\/\/i0.wp.com\/casadecampoliving.com\/wp-content\/uploads\/2025\/11\/Daniel-Sanchez-Lucca-Sanchez-Lauren-Llenas-683x1024.jpg?w=370&amp;ssl=1 370w\" sizes=\"auto, (max-width: 683px) 100vw, 683px\" \/><\/figure>\n\n\n\n<figure class=\"wp-block-image size-large\"><img data-recalc-dims=\"1\" loading=\"lazy\" decoding=\"async\" width=\"683\" height=\"1024\" data-attachment-id=\"545872\" data-permalink=\"https:\/\/casadecampoliving.com\/es\/concluye-con-exito-tercera-edicion-de-alma-casa-de-campo\/daniela-de-moya-gabino-guzman\/\" data-orig-file=\"https:\/\/i0.wp.com\/casadecampoliving.com\/wp-content\/uploads\/2025\/11\/Daniela-De-Moya-Gabino-Guzman-scaled.jpg?fit=1706%2C2560&amp;ssl=1\" data-orig-size=\"1706,2560\" data-comments-opened=\"0\" data-image-meta=\"{&quot;aperture&quot;:&quot;0&quot;,&quot;credit&quot;:&quot;&quot;,&quot;camera&quot;:&quot;&quot;,&quot;caption&quot;:&quot;&quot;,&quot;created_timestamp&quot;:&quot;0&quot;,&quot;copyright&quot;:&quot;&quot;,&quot;focal_length&quot;:&quot;0&quot;,&quot;iso&quot;:&quot;0&quot;,&quot;shutter_speed&quot;:&quot;0&quot;,&quot;title&quot;:&quot;&quot;,&quot;orientation&quot;:&quot;0&quot;}\" data-image-title=\"Daniela De Moya, Gabino Guzman\" data-image-description=\"\" data-image-caption=\"\" data-large-file=\"https:\/\/i0.wp.com\/casadecampoliving.com\/wp-content\/uploads\/2025\/11\/Daniela-De-Moya-Gabino-Guzman-scaled.jpg?fit=683%2C1024&amp;ssl=1\" data-id=\"545872\" src=\"https:\/\/i0.wp.com\/casadecampoliving.com\/wp-content\/uploads\/2025\/11\/Daniela-De-Moya-Gabino-Guzman.jpg?resize=683%2C1024&#038;ssl=1\" alt=\"\" class=\"wp-image-545872\" srcset=\"https:\/\/i0.wp.com\/casadecampoliving.com\/wp-content\/uploads\/2025\/11\/Daniela-De-Moya-Gabino-Guzman-scaled.jpg?resize=683%2C1024&amp;ssl=1 683w, https:\/\/i0.wp.com\/casadecampoliving.com\/wp-content\/uploads\/2025\/11\/Daniela-De-Moya-Gabino-Guzman-scaled.jpg?resize=200%2C300&amp;ssl=1 200w, https:\/\/i0.wp.com\/casadecampoliving.com\/wp-content\/uploads\/2025\/11\/Daniela-De-Moya-Gabino-Guzman-scaled.jpg?resize=768%2C1152&amp;ssl=1 768w, https:\/\/i0.wp.com\/casadecampoliving.com\/wp-content\/uploads\/2025\/11\/Daniela-De-Moya-Gabino-Guzman-scaled.jpg?resize=1024%2C1536&amp;ssl=1 1024w, https:\/\/i0.wp.com\/casadecampoliving.com\/wp-content\/uploads\/2025\/11\/Daniela-De-Moya-Gabino-Guzman-scaled.jpg?resize=1365%2C2048&amp;ssl=1 1365w, https:\/\/i0.wp.com\/casadecampoliving.com\/wp-content\/uploads\/2025\/11\/Daniela-De-Moya-Gabino-Guzman-scaled.jpg?resize=1200%2C1800&amp;ssl=1 1200w, https:\/\/i0.wp.com\/casadecampoliving.com\/wp-content\/uploads\/2025\/11\/Daniela-De-Moya-Gabino-Guzman-scaled.jpg?resize=2000%2C3000&amp;ssl=1 2000w, https:\/\/i0.wp.com\/casadecampoliving.com\/wp-content\/uploads\/2025\/11\/Daniela-De-Moya-Gabino-Guzman-scaled.jpg?resize=780%2C1170&amp;ssl=1 780w, https:\/\/i0.wp.com\/casadecampoliving.com\/wp-content\/uploads\/2025\/11\/Daniela-De-Moya-Gabino-Guzman-scaled.jpg?resize=400%2C600&amp;ssl=1 400w, https:\/\/i0.wp.com\/casadecampoliving.com\/wp-content\/uploads\/2025\/11\/Daniela-De-Moya-Gabino-Guzman-scaled.jpg?resize=1320%2C1980&amp;ssl=1 1320w, https:\/\/i0.wp.com\/casadecampoliving.com\/wp-content\/uploads\/2025\/11\/Daniela-De-Moya-Gabino-Guzman-scaled.jpg?resize=150%2C225&amp;ssl=1 150w, https:\/\/i0.wp.com\/casadecampoliving.com\/wp-content\/uploads\/2025\/11\/Daniela-De-Moya-Gabino-Guzman-scaled.jpg?w=1706&amp;ssl=1 1706w, https:\/\/i0.wp.com\/casadecampoliving.com\/wp-content\/uploads\/2025\/11\/Daniela-De-Moya-Gabino-Guzman-683x1024.jpg?w=370&amp;ssl=1 370w\" sizes=\"auto, (max-width: 683px) 100vw, 683px\" \/><\/figure>\n\n\n\n<figure class=\"wp-block-image size-large\"><img data-recalc-dims=\"1\" loading=\"lazy\" decoding=\"async\" width=\"683\" height=\"1024\" data-attachment-id=\"545821\" data-permalink=\"https:\/\/casadecampoliving.com\/es\/concluye-con-exito-tercera-edicion-de-alma-casa-de-campo\/desire-luiggi-eva-luiggi-deyanira-papaterra-2\/\" data-orig-file=\"https:\/\/i0.wp.com\/casadecampoliving.com\/wp-content\/uploads\/2025\/11\/Desire-Luiggi-Eva-Luiggi-Deyanira-Papaterra-1-scaled.jpg?fit=1706%2C2560&amp;ssl=1\" data-orig-size=\"1706,2560\" data-comments-opened=\"0\" data-image-meta=\"{&quot;aperture&quot;:&quot;0&quot;,&quot;credit&quot;:&quot;&quot;,&quot;camera&quot;:&quot;&quot;,&quot;caption&quot;:&quot;&quot;,&quot;created_timestamp&quot;:&quot;0&quot;,&quot;copyright&quot;:&quot;&quot;,&quot;focal_length&quot;:&quot;0&quot;,&quot;iso&quot;:&quot;0&quot;,&quot;shutter_speed&quot;:&quot;0&quot;,&quot;title&quot;:&quot;&quot;,&quot;orientation&quot;:&quot;0&quot;}\" data-image-title=\"Desire Luiggi, Eva Luiggi, Deyanira Papaterra\" data-image-description=\"\" data-image-caption=\"\" data-large-file=\"https:\/\/i0.wp.com\/casadecampoliving.com\/wp-content\/uploads\/2025\/11\/Desire-Luiggi-Eva-Luiggi-Deyanira-Papaterra-1-scaled.jpg?fit=683%2C1024&amp;ssl=1\" data-id=\"545821\" src=\"https:\/\/i0.wp.com\/casadecampoliving.com\/wp-content\/uploads\/2025\/11\/Desire-Luiggi-Eva-Luiggi-Deyanira-Papaterra-1.jpg?resize=683%2C1024&#038;ssl=1\" alt=\"\" class=\"wp-image-545821\" srcset=\"https:\/\/i0.wp.com\/casadecampoliving.com\/wp-content\/uploads\/2025\/11\/Desire-Luiggi-Eva-Luiggi-Deyanira-Papaterra-1-scaled.jpg?resize=683%2C1024&amp;ssl=1 683w, https:\/\/i0.wp.com\/casadecampoliving.com\/wp-content\/uploads\/2025\/11\/Desire-Luiggi-Eva-Luiggi-Deyanira-Papaterra-1-scaled.jpg?resize=200%2C300&amp;ssl=1 200w, https:\/\/i0.wp.com\/casadecampoliving.com\/wp-content\/uploads\/2025\/11\/Desire-Luiggi-Eva-Luiggi-Deyanira-Papaterra-1-scaled.jpg?resize=768%2C1152&amp;ssl=1 768w, https:\/\/i0.wp.com\/casadecampoliving.com\/wp-content\/uploads\/2025\/11\/Desire-Luiggi-Eva-Luiggi-Deyanira-Papaterra-1-scaled.jpg?resize=1024%2C1536&amp;ssl=1 1024w, https:\/\/i0.wp.com\/casadecampoliving.com\/wp-content\/uploads\/2025\/11\/Desire-Luiggi-Eva-Luiggi-Deyanira-Papaterra-1-scaled.jpg?resize=1365%2C2048&amp;ssl=1 1365w, https:\/\/i0.wp.com\/casadecampoliving.com\/wp-content\/uploads\/2025\/11\/Desire-Luiggi-Eva-Luiggi-Deyanira-Papaterra-1-scaled.jpg?resize=1200%2C1800&amp;ssl=1 1200w, https:\/\/i0.wp.com\/casadecampoliving.com\/wp-content\/uploads\/2025\/11\/Desire-Luiggi-Eva-Luiggi-Deyanira-Papaterra-1-scaled.jpg?resize=2000%2C3000&amp;ssl=1 2000w, https:\/\/i0.wp.com\/casadecampoliving.com\/wp-content\/uploads\/2025\/11\/Desire-Luiggi-Eva-Luiggi-Deyanira-Papaterra-1-scaled.jpg?resize=780%2C1170&amp;ssl=1 780w, https:\/\/i0.wp.com\/casadecampoliving.com\/wp-content\/uploads\/2025\/11\/Desire-Luiggi-Eva-Luiggi-Deyanira-Papaterra-1-scaled.jpg?resize=400%2C600&amp;ssl=1 400w, https:\/\/i0.wp.com\/casadecampoliving.com\/wp-content\/uploads\/2025\/11\/Desire-Luiggi-Eva-Luiggi-Deyanira-Papaterra-1-scaled.jpg?resize=1320%2C1980&amp;ssl=1 1320w, https:\/\/i0.wp.com\/casadecampoliving.com\/wp-content\/uploads\/2025\/11\/Desire-Luiggi-Eva-Luiggi-Deyanira-Papaterra-1-scaled.jpg?resize=150%2C225&amp;ssl=1 150w, https:\/\/i0.wp.com\/casadecampoliving.com\/wp-content\/uploads\/2025\/11\/Desire-Luiggi-Eva-Luiggi-Deyanira-Papaterra-1-scaled.jpg?w=1706&amp;ssl=1 1706w, https:\/\/i0.wp.com\/casadecampoliving.com\/wp-content\/uploads\/2025\/11\/Desire-Luiggi-Eva-Luiggi-Deyanira-Papaterra-1-683x1024.jpg?w=370&amp;ssl=1 370w\" sizes=\"auto, (max-width: 683px) 100vw, 683px\" \/><\/figure>\n\n\n\n<figure class=\"wp-block-image size-large\"><img data-recalc-dims=\"1\" loading=\"lazy\" decoding=\"async\" width=\"1024\" height=\"683\" data-attachment-id=\"545896\" data-permalink=\"https:\/\/casadecampoliving.com\/es\/concluye-con-exito-tercera-edicion-de-alma-casa-de-campo\/egoitz-aguirre-jose-antonio-hidalgo-carolina-sequera-francisco-perez-menendez-julio-hernandez-3\/\" data-orig-file=\"https:\/\/i0.wp.com\/casadecampoliving.com\/wp-content\/uploads\/2025\/11\/Egoitz-Aguirre-Jose-Antonio-Hidalgo-Carolina-Sequera-Francisco-Perez-Menendez-Julio-Hernandez-2-scaled.jpg?fit=2560%2C1706&amp;ssl=1\" data-orig-size=\"2560,1706\" data-comments-opened=\"0\" data-image-meta=\"{&quot;aperture&quot;:&quot;0&quot;,&quot;credit&quot;:&quot;&quot;,&quot;camera&quot;:&quot;&quot;,&quot;caption&quot;:&quot;&quot;,&quot;created_timestamp&quot;:&quot;0&quot;,&quot;copyright&quot;:&quot;&quot;,&quot;focal_length&quot;:&quot;0&quot;,&quot;iso&quot;:&quot;0&quot;,&quot;shutter_speed&quot;:&quot;0&quot;,&quot;title&quot;:&quot;&quot;,&quot;orientation&quot;:&quot;0&quot;}\" data-image-title=\"Egoitz Aguirre, Jose Antonio Hidalgo, Carolina Sequera,  Francisco Pe\u0301rez Mene\u0301ndez, Julio Hernandez\" data-image-description=\"\" data-image-caption=\"\" data-large-file=\"https:\/\/i0.wp.com\/casadecampoliving.com\/wp-content\/uploads\/2025\/11\/Egoitz-Aguirre-Jose-Antonio-Hidalgo-Carolina-Sequera-Francisco-Perez-Menendez-Julio-Hernandez-2-scaled.jpg?fit=1024%2C683&amp;ssl=1\" data-id=\"545896\" src=\"https:\/\/i0.wp.com\/casadecampoliving.com\/wp-content\/uploads\/2025\/11\/Egoitz-Aguirre-Jose-Antonio-Hidalgo-Carolina-Sequera-Francisco-Perez-Menendez-Julio-Hernandez-2.jpg?resize=1024%2C683&#038;ssl=1\" alt=\"\" class=\"wp-image-545896\" srcset=\"https:\/\/i0.wp.com\/casadecampoliving.com\/wp-content\/uploads\/2025\/11\/Egoitz-Aguirre-Jose-Antonio-Hidalgo-Carolina-Sequera-Francisco-Perez-Menendez-Julio-Hernandez-2-scaled.jpg?resize=1024%2C683&amp;ssl=1 1024w, https:\/\/i0.wp.com\/casadecampoliving.com\/wp-content\/uploads\/2025\/11\/Egoitz-Aguirre-Jose-Antonio-Hidalgo-Carolina-Sequera-Francisco-Perez-Menendez-Julio-Hernandez-2-scaled.jpg?resize=300%2C200&amp;ssl=1 300w, https:\/\/i0.wp.com\/casadecampoliving.com\/wp-content\/uploads\/2025\/11\/Egoitz-Aguirre-Jose-Antonio-Hidalgo-Carolina-Sequera-Francisco-Perez-Menendez-Julio-Hernandez-2-scaled.jpg?resize=768%2C512&amp;ssl=1 768w, https:\/\/i0.wp.com\/casadecampoliving.com\/wp-content\/uploads\/2025\/11\/Egoitz-Aguirre-Jose-Antonio-Hidalgo-Carolina-Sequera-Francisco-Perez-Menendez-Julio-Hernandez-2-scaled.jpg?resize=1536%2C1024&amp;ssl=1 1536w, https:\/\/i0.wp.com\/casadecampoliving.com\/wp-content\/uploads\/2025\/11\/Egoitz-Aguirre-Jose-Antonio-Hidalgo-Carolina-Sequera-Francisco-Perez-Menendez-Julio-Hernandez-2-scaled.jpg?resize=2048%2C1365&amp;ssl=1 2048w, https:\/\/i0.wp.com\/casadecampoliving.com\/wp-content\/uploads\/2025\/11\/Egoitz-Aguirre-Jose-Antonio-Hidalgo-Carolina-Sequera-Francisco-Perez-Menendez-Julio-Hernandez-2-scaled.jpg?resize=1200%2C800&amp;ssl=1 1200w, https:\/\/i0.wp.com\/casadecampoliving.com\/wp-content\/uploads\/2025\/11\/Egoitz-Aguirre-Jose-Antonio-Hidalgo-Carolina-Sequera-Francisco-Perez-Menendez-Julio-Hernandez-2-scaled.jpg?resize=2000%2C1333&amp;ssl=1 2000w, https:\/\/i0.wp.com\/casadecampoliving.com\/wp-content\/uploads\/2025\/11\/Egoitz-Aguirre-Jose-Antonio-Hidalgo-Carolina-Sequera-Francisco-Perez-Menendez-Julio-Hernandez-2-scaled.jpg?resize=780%2C520&amp;ssl=1 780w, https:\/\/i0.wp.com\/casadecampoliving.com\/wp-content\/uploads\/2025\/11\/Egoitz-Aguirre-Jose-Antonio-Hidalgo-Carolina-Sequera-Francisco-Perez-Menendez-Julio-Hernandez-2-scaled.jpg?resize=400%2C267&amp;ssl=1 400w, https:\/\/i0.wp.com\/casadecampoliving.com\/wp-content\/uploads\/2025\/11\/Egoitz-Aguirre-Jose-Antonio-Hidalgo-Carolina-Sequera-Francisco-Perez-Menendez-Julio-Hernandez-2-scaled.jpg?resize=1320%2C880&amp;ssl=1 1320w, https:\/\/i0.wp.com\/casadecampoliving.com\/wp-content\/uploads\/2025\/11\/Egoitz-Aguirre-Jose-Antonio-Hidalgo-Carolina-Sequera-Francisco-Perez-Menendez-Julio-Hernandez-2-scaled.jpg?resize=150%2C100&amp;ssl=1 150w, https:\/\/i0.wp.com\/casadecampoliving.com\/wp-content\/uploads\/2025\/11\/Egoitz-Aguirre-Jose-Antonio-Hidalgo-Carolina-Sequera-Francisco-Perez-Menendez-Julio-Hernandez-2-1024x683.jpg?w=370&amp;ssl=1 370w\" sizes=\"auto, (max-width: 1000px) 100vw, 1000px\" \/><\/figure>\n\n\n\n<figure class=\"wp-block-image size-large\"><img data-recalc-dims=\"1\" loading=\"lazy\" decoding=\"async\" width=\"683\" height=\"1024\" data-attachment-id=\"545878\" data-permalink=\"https:\/\/casadecampoliving.com\/es\/concluye-con-exito-tercera-edicion-de-alma-casa-de-campo\/eloy-vasquez-ivonne-zeller\/\" data-orig-file=\"https:\/\/i0.wp.com\/casadecampoliving.com\/wp-content\/uploads\/2025\/11\/Eloy-Vasquez-Ivonne-Zeller-scaled.jpg?fit=1706%2C2560&amp;ssl=1\" data-orig-size=\"1706,2560\" data-comments-opened=\"0\" data-image-meta=\"{&quot;aperture&quot;:&quot;0&quot;,&quot;credit&quot;:&quot;&quot;,&quot;camera&quot;:&quot;&quot;,&quot;caption&quot;:&quot;&quot;,&quot;created_timestamp&quot;:&quot;0&quot;,&quot;copyright&quot;:&quot;&quot;,&quot;focal_length&quot;:&quot;0&quot;,&quot;iso&quot;:&quot;0&quot;,&quot;shutter_speed&quot;:&quot;0&quot;,&quot;title&quot;:&quot;&quot;,&quot;orientation&quot;:&quot;0&quot;}\" data-image-title=\"Eloy Vasquez, Ivonne Zeller\" data-image-description=\"\" data-image-caption=\"\" data-large-file=\"https:\/\/i0.wp.com\/casadecampoliving.com\/wp-content\/uploads\/2025\/11\/Eloy-Vasquez-Ivonne-Zeller-scaled.jpg?fit=683%2C1024&amp;ssl=1\" data-id=\"545878\" src=\"https:\/\/i0.wp.com\/casadecampoliving.com\/wp-content\/uploads\/2025\/11\/Eloy-Vasquez-Ivonne-Zeller.jpg?resize=683%2C1024&#038;ssl=1\" alt=\"\" class=\"wp-image-545878\" srcset=\"https:\/\/i0.wp.com\/casadecampoliving.com\/wp-content\/uploads\/2025\/11\/Eloy-Vasquez-Ivonne-Zeller-scaled.jpg?resize=683%2C1024&amp;ssl=1 683w, https:\/\/i0.wp.com\/casadecampoliving.com\/wp-content\/uploads\/2025\/11\/Eloy-Vasquez-Ivonne-Zeller-scaled.jpg?resize=200%2C300&amp;ssl=1 200w, https:\/\/i0.wp.com\/casadecampoliving.com\/wp-content\/uploads\/2025\/11\/Eloy-Vasquez-Ivonne-Zeller-scaled.jpg?resize=768%2C1152&amp;ssl=1 768w, https:\/\/i0.wp.com\/casadecampoliving.com\/wp-content\/uploads\/2025\/11\/Eloy-Vasquez-Ivonne-Zeller-scaled.jpg?resize=1024%2C1536&amp;ssl=1 1024w, https:\/\/i0.wp.com\/casadecampoliving.com\/wp-content\/uploads\/2025\/11\/Eloy-Vasquez-Ivonne-Zeller-scaled.jpg?resize=1365%2C2048&amp;ssl=1 1365w, https:\/\/i0.wp.com\/casadecampoliving.com\/wp-content\/uploads\/2025\/11\/Eloy-Vasquez-Ivonne-Zeller-scaled.jpg?resize=1200%2C1800&amp;ssl=1 1200w, https:\/\/i0.wp.com\/casadecampoliving.com\/wp-content\/uploads\/2025\/11\/Eloy-Vasquez-Ivonne-Zeller-scaled.jpg?resize=2000%2C3000&amp;ssl=1 2000w, https:\/\/i0.wp.com\/casadecampoliving.com\/wp-content\/uploads\/2025\/11\/Eloy-Vasquez-Ivonne-Zeller-scaled.jpg?resize=780%2C1170&amp;ssl=1 780w, https:\/\/i0.wp.com\/casadecampoliving.com\/wp-content\/uploads\/2025\/11\/Eloy-Vasquez-Ivonne-Zeller-scaled.jpg?resize=400%2C600&amp;ssl=1 400w, https:\/\/i0.wp.com\/casadecampoliving.com\/wp-content\/uploads\/2025\/11\/Eloy-Vasquez-Ivonne-Zeller-scaled.jpg?resize=1320%2C1980&amp;ssl=1 1320w, https:\/\/i0.wp.com\/casadecampoliving.com\/wp-content\/uploads\/2025\/11\/Eloy-Vasquez-Ivonne-Zeller-scaled.jpg?resize=150%2C225&amp;ssl=1 150w, https:\/\/i0.wp.com\/casadecampoliving.com\/wp-content\/uploads\/2025\/11\/Eloy-Vasquez-Ivonne-Zeller-scaled.jpg?w=1706&amp;ssl=1 1706w, https:\/\/i0.wp.com\/casadecampoliving.com\/wp-content\/uploads\/2025\/11\/Eloy-Vasquez-Ivonne-Zeller-683x1024.jpg?w=370&amp;ssl=1 370w\" sizes=\"auto, (max-width: 683px) 100vw, 683px\" \/><\/figure>\n\n\n\n<figure class=\"wp-block-image size-large\"><img data-recalc-dims=\"1\" loading=\"lazy\" decoding=\"async\" width=\"683\" height=\"1024\" data-attachment-id=\"545931\" data-permalink=\"https:\/\/casadecampoliving.com\/es\/concluye-con-exito-tercera-edicion-de-alma-casa-de-campo\/erika-vilain-luis-jorge\/\" data-orig-file=\"https:\/\/i0.wp.com\/casadecampoliving.com\/wp-content\/uploads\/2025\/11\/Erika-Vilain-Luis-Jorge-scaled.jpg?fit=1706%2C2560&amp;ssl=1\" data-orig-size=\"1706,2560\" data-comments-opened=\"0\" data-image-meta=\"{&quot;aperture&quot;:&quot;0&quot;,&quot;credit&quot;:&quot;&quot;,&quot;camera&quot;:&quot;&quot;,&quot;caption&quot;:&quot;&quot;,&quot;created_timestamp&quot;:&quot;0&quot;,&quot;copyright&quot;:&quot;&quot;,&quot;focal_length&quot;:&quot;0&quot;,&quot;iso&quot;:&quot;0&quot;,&quot;shutter_speed&quot;:&quot;0&quot;,&quot;title&quot;:&quot;&quot;,&quot;orientation&quot;:&quot;0&quot;}\" data-image-title=\"Erika Vilain, Luis Jorge\" data-image-description=\"\" data-image-caption=\"\" data-large-file=\"https:\/\/i0.wp.com\/casadecampoliving.com\/wp-content\/uploads\/2025\/11\/Erika-Vilain-Luis-Jorge-scaled.jpg?fit=683%2C1024&amp;ssl=1\" data-id=\"545931\" src=\"https:\/\/i0.wp.com\/casadecampoliving.com\/wp-content\/uploads\/2025\/11\/Erika-Vilain-Luis-Jorge.jpg?resize=683%2C1024&#038;ssl=1\" alt=\"\" class=\"wp-image-545931\" srcset=\"https:\/\/i0.wp.com\/casadecampoliving.com\/wp-content\/uploads\/2025\/11\/Erika-Vilain-Luis-Jorge-scaled.jpg?resize=683%2C1024&amp;ssl=1 683w, https:\/\/i0.wp.com\/casadecampoliving.com\/wp-content\/uploads\/2025\/11\/Erika-Vilain-Luis-Jorge-scaled.jpg?resize=200%2C300&amp;ssl=1 200w, https:\/\/i0.wp.com\/casadecampoliving.com\/wp-content\/uploads\/2025\/11\/Erika-Vilain-Luis-Jorge-scaled.jpg?resize=768%2C1152&amp;ssl=1 768w, https:\/\/i0.wp.com\/casadecampoliving.com\/wp-content\/uploads\/2025\/11\/Erika-Vilain-Luis-Jorge-scaled.jpg?resize=1024%2C1536&amp;ssl=1 1024w, https:\/\/i0.wp.com\/casadecampoliving.com\/wp-content\/uploads\/2025\/11\/Erika-Vilain-Luis-Jorge-scaled.jpg?resize=1365%2C2048&amp;ssl=1 1365w, https:\/\/i0.wp.com\/casadecampoliving.com\/wp-content\/uploads\/2025\/11\/Erika-Vilain-Luis-Jorge-scaled.jpg?resize=1200%2C1800&amp;ssl=1 1200w, https:\/\/i0.wp.com\/casadecampoliving.com\/wp-content\/uploads\/2025\/11\/Erika-Vilain-Luis-Jorge-scaled.jpg?resize=2000%2C3000&amp;ssl=1 2000w, https:\/\/i0.wp.com\/casadecampoliving.com\/wp-content\/uploads\/2025\/11\/Erika-Vilain-Luis-Jorge-scaled.jpg?resize=780%2C1170&amp;ssl=1 780w, https:\/\/i0.wp.com\/casadecampoliving.com\/wp-content\/uploads\/2025\/11\/Erika-Vilain-Luis-Jorge-scaled.jpg?resize=400%2C600&amp;ssl=1 400w, https:\/\/i0.wp.com\/casadecampoliving.com\/wp-content\/uploads\/2025\/11\/Erika-Vilain-Luis-Jorge-scaled.jpg?resize=1320%2C1980&amp;ssl=1 1320w, https:\/\/i0.wp.com\/casadecampoliving.com\/wp-content\/uploads\/2025\/11\/Erika-Vilain-Luis-Jorge-scaled.jpg?resize=150%2C225&amp;ssl=1 150w, https:\/\/i0.wp.com\/casadecampoliving.com\/wp-content\/uploads\/2025\/11\/Erika-Vilain-Luis-Jorge-scaled.jpg?w=1706&amp;ssl=1 1706w, https:\/\/i0.wp.com\/casadecampoliving.com\/wp-content\/uploads\/2025\/11\/Erika-Vilain-Luis-Jorge-683x1024.jpg?w=370&amp;ssl=1 370w\" sizes=\"auto, (max-width: 683px) 100vw, 683px\" \/><\/figure>\n\n\n\n<figure class=\"wp-block-image size-large\"><img data-recalc-dims=\"1\" loading=\"lazy\" decoding=\"async\" width=\"683\" height=\"1024\" data-attachment-id=\"545873\" data-permalink=\"https:\/\/casadecampoliving.com\/es\/concluye-con-exito-tercera-edicion-de-alma-casa-de-campo\/eugenio-y-maria-luis-mendoza\/\" data-orig-file=\"https:\/\/i0.wp.com\/casadecampoliving.com\/wp-content\/uploads\/2025\/11\/Eugenio-y-Maria-Luis-Mendoza-scaled.jpg?fit=1706%2C2560&amp;ssl=1\" data-orig-size=\"1706,2560\" data-comments-opened=\"0\" data-image-meta=\"{&quot;aperture&quot;:&quot;0&quot;,&quot;credit&quot;:&quot;&quot;,&quot;camera&quot;:&quot;&quot;,&quot;caption&quot;:&quot;&quot;,&quot;created_timestamp&quot;:&quot;0&quot;,&quot;copyright&quot;:&quot;&quot;,&quot;focal_length&quot;:&quot;0&quot;,&quot;iso&quot;:&quot;0&quot;,&quot;shutter_speed&quot;:&quot;0&quot;,&quot;title&quot;:&quot;&quot;,&quot;orientation&quot;:&quot;0&quot;}\" data-image-title=\"Eugenio y Maria Luis Mendoza\" data-image-description=\"\" data-image-caption=\"\" data-large-file=\"https:\/\/i0.wp.com\/casadecampoliving.com\/wp-content\/uploads\/2025\/11\/Eugenio-y-Maria-Luis-Mendoza-scaled.jpg?fit=683%2C1024&amp;ssl=1\" data-id=\"545873\" src=\"https:\/\/i0.wp.com\/casadecampoliving.com\/wp-content\/uploads\/2025\/11\/Eugenio-y-Maria-Luis-Mendoza.jpg?resize=683%2C1024&#038;ssl=1\" alt=\"\" class=\"wp-image-545873\" srcset=\"https:\/\/i0.wp.com\/casadecampoliving.com\/wp-content\/uploads\/2025\/11\/Eugenio-y-Maria-Luis-Mendoza-scaled.jpg?resize=683%2C1024&amp;ssl=1 683w, https:\/\/i0.wp.com\/casadecampoliving.com\/wp-content\/uploads\/2025\/11\/Eugenio-y-Maria-Luis-Mendoza-scaled.jpg?resize=200%2C300&amp;ssl=1 200w, https:\/\/i0.wp.com\/casadecampoliving.com\/wp-content\/uploads\/2025\/11\/Eugenio-y-Maria-Luis-Mendoza-scaled.jpg?resize=768%2C1152&amp;ssl=1 768w, https:\/\/i0.wp.com\/casadecampoliving.com\/wp-content\/uploads\/2025\/11\/Eugenio-y-Maria-Luis-Mendoza-scaled.jpg?resize=1024%2C1536&amp;ssl=1 1024w, https:\/\/i0.wp.com\/casadecampoliving.com\/wp-content\/uploads\/2025\/11\/Eugenio-y-Maria-Luis-Mendoza-scaled.jpg?resize=1365%2C2048&amp;ssl=1 1365w, https:\/\/i0.wp.com\/casadecampoliving.com\/wp-content\/uploads\/2025\/11\/Eugenio-y-Maria-Luis-Mendoza-scaled.jpg?resize=1200%2C1800&amp;ssl=1 1200w, https:\/\/i0.wp.com\/casadecampoliving.com\/wp-content\/uploads\/2025\/11\/Eugenio-y-Maria-Luis-Mendoza-scaled.jpg?resize=2000%2C3000&amp;ssl=1 2000w, https:\/\/i0.wp.com\/casadecampoliving.com\/wp-content\/uploads\/2025\/11\/Eugenio-y-Maria-Luis-Mendoza-scaled.jpg?resize=780%2C1170&amp;ssl=1 780w, https:\/\/i0.wp.com\/casadecampoliving.com\/wp-content\/uploads\/2025\/11\/Eugenio-y-Maria-Luis-Mendoza-scaled.jpg?resize=400%2C600&amp;ssl=1 400w, https:\/\/i0.wp.com\/casadecampoliving.com\/wp-content\/uploads\/2025\/11\/Eugenio-y-Maria-Luis-Mendoza-scaled.jpg?resize=1320%2C1980&amp;ssl=1 1320w, https:\/\/i0.wp.com\/casadecampoliving.com\/wp-content\/uploads\/2025\/11\/Eugenio-y-Maria-Luis-Mendoza-scaled.jpg?resize=150%2C225&amp;ssl=1 150w, https:\/\/i0.wp.com\/casadecampoliving.com\/wp-content\/uploads\/2025\/11\/Eugenio-y-Maria-Luis-Mendoza-scaled.jpg?w=1706&amp;ssl=1 1706w, https:\/\/i0.wp.com\/casadecampoliving.com\/wp-content\/uploads\/2025\/11\/Eugenio-y-Maria-Luis-Mendoza-683x1024.jpg?w=370&amp;ssl=1 370w\" sizes=\"auto, (max-width: 683px) 100vw, 683px\" \/><\/figure>\n\n\n\n<figure class=\"wp-block-image size-large\"><img data-recalc-dims=\"1\" loading=\"lazy\" decoding=\"async\" width=\"1024\" height=\"683\" data-attachment-id=\"545839\" data-permalink=\"https:\/\/casadecampoliving.com\/es\/concluye-con-exito-tercera-edicion-de-alma-casa-de-campo\/fabriccio-schettini-marta-schettini-borja-schettini-jovita-de-schettini\/\" data-orig-file=\"https:\/\/i0.wp.com\/casadecampoliving.com\/wp-content\/uploads\/2025\/11\/Fabriccio-Schettini-Marta-Schettini-Borja-Schettini-Jovita-de-Schettini-scaled.jpg?fit=2560%2C1706&amp;ssl=1\" data-orig-size=\"2560,1706\" data-comments-opened=\"0\" data-image-meta=\"{&quot;aperture&quot;:&quot;0&quot;,&quot;credit&quot;:&quot;&quot;,&quot;camera&quot;:&quot;&quot;,&quot;caption&quot;:&quot;&quot;,&quot;created_timestamp&quot;:&quot;0&quot;,&quot;copyright&quot;:&quot;&quot;,&quot;focal_length&quot;:&quot;0&quot;,&quot;iso&quot;:&quot;0&quot;,&quot;shutter_speed&quot;:&quot;0&quot;,&quot;title&quot;:&quot;&quot;,&quot;orientation&quot;:&quot;0&quot;}\" data-image-title=\"Fabriccio Schettini, Marta Schettini, Borja Schettini, Jovita de Schettini\" data-image-description=\"\" data-image-caption=\"\" data-large-file=\"https:\/\/i0.wp.com\/casadecampoliving.com\/wp-content\/uploads\/2025\/11\/Fabriccio-Schettini-Marta-Schettini-Borja-Schettini-Jovita-de-Schettini-scaled.jpg?fit=1024%2C683&amp;ssl=1\" data-id=\"545839\" src=\"https:\/\/i0.wp.com\/casadecampoliving.com\/wp-content\/uploads\/2025\/11\/Fabriccio-Schettini-Marta-Schettini-Borja-Schettini-Jovita-de-Schettini.jpg?resize=1024%2C683&#038;ssl=1\" alt=\"\" class=\"wp-image-545839\" srcset=\"https:\/\/i0.wp.com\/casadecampoliving.com\/wp-content\/uploads\/2025\/11\/Fabriccio-Schettini-Marta-Schettini-Borja-Schettini-Jovita-de-Schettini-scaled.jpg?resize=1024%2C683&amp;ssl=1 1024w, https:\/\/i0.wp.com\/casadecampoliving.com\/wp-content\/uploads\/2025\/11\/Fabriccio-Schettini-Marta-Schettini-Borja-Schettini-Jovita-de-Schettini-scaled.jpg?resize=300%2C200&amp;ssl=1 300w, https:\/\/i0.wp.com\/casadecampoliving.com\/wp-content\/uploads\/2025\/11\/Fabriccio-Schettini-Marta-Schettini-Borja-Schettini-Jovita-de-Schettini-scaled.jpg?resize=768%2C512&amp;ssl=1 768w, https:\/\/i0.wp.com\/casadecampoliving.com\/wp-content\/uploads\/2025\/11\/Fabriccio-Schettini-Marta-Schettini-Borja-Schettini-Jovita-de-Schettini-scaled.jpg?resize=1536%2C1024&amp;ssl=1 1536w, https:\/\/i0.wp.com\/casadecampoliving.com\/wp-content\/uploads\/2025\/11\/Fabriccio-Schettini-Marta-Schettini-Borja-Schettini-Jovita-de-Schettini-scaled.jpg?resize=2048%2C1365&amp;ssl=1 2048w, https:\/\/i0.wp.com\/casadecampoliving.com\/wp-content\/uploads\/2025\/11\/Fabriccio-Schettini-Marta-Schettini-Borja-Schettini-Jovita-de-Schettini-scaled.jpg?resize=1200%2C800&amp;ssl=1 1200w, https:\/\/i0.wp.com\/casadecampoliving.com\/wp-content\/uploads\/2025\/11\/Fabriccio-Schettini-Marta-Schettini-Borja-Schettini-Jovita-de-Schettini-scaled.jpg?resize=2000%2C1333&amp;ssl=1 2000w, https:\/\/i0.wp.com\/casadecampoliving.com\/wp-content\/uploads\/2025\/11\/Fabriccio-Schettini-Marta-Schettini-Borja-Schettini-Jovita-de-Schettini-scaled.jpg?resize=780%2C520&amp;ssl=1 780w, https:\/\/i0.wp.com\/casadecampoliving.com\/wp-content\/uploads\/2025\/11\/Fabriccio-Schettini-Marta-Schettini-Borja-Schettini-Jovita-de-Schettini-scaled.jpg?resize=400%2C267&amp;ssl=1 400w, https:\/\/i0.wp.com\/casadecampoliving.com\/wp-content\/uploads\/2025\/11\/Fabriccio-Schettini-Marta-Schettini-Borja-Schettini-Jovita-de-Schettini-scaled.jpg?resize=1320%2C880&amp;ssl=1 1320w, https:\/\/i0.wp.com\/casadecampoliving.com\/wp-content\/uploads\/2025\/11\/Fabriccio-Schettini-Marta-Schettini-Borja-Schettini-Jovita-de-Schettini-scaled.jpg?resize=150%2C100&amp;ssl=1 150w, https:\/\/i0.wp.com\/casadecampoliving.com\/wp-content\/uploads\/2025\/11\/Fabriccio-Schettini-Marta-Schettini-Borja-Schettini-Jovita-de-Schettini-1024x683.jpg?w=370&amp;ssl=1 370w\" sizes=\"auto, (max-width: 1000px) 100vw, 1000px\" \/><\/figure>\n\n\n\n<figure class=\"wp-block-image size-large\"><img data-recalc-dims=\"1\" loading=\"lazy\" decoding=\"async\" width=\"1024\" height=\"683\" data-attachment-id=\"545902\" data-permalink=\"https:\/\/casadecampoliving.com\/es\/concluye-con-exito-tercera-edicion-de-alma-casa-de-campo\/fn3a5942-4\/\" data-orig-file=\"https:\/\/i0.wp.com\/casadecampoliving.com\/wp-content\/uploads\/2025\/11\/FN3A5942-1-scaled.jpg?fit=2560%2C1706&amp;ssl=1\" data-orig-size=\"2560,1706\" data-comments-opened=\"0\" data-image-meta=\"{&quot;aperture&quot;:&quot;0&quot;,&quot;credit&quot;:&quot;&quot;,&quot;camera&quot;:&quot;&quot;,&quot;caption&quot;:&quot;&quot;,&quot;created_timestamp&quot;:&quot;0&quot;,&quot;copyright&quot;:&quot;&quot;,&quot;focal_length&quot;:&quot;0&quot;,&quot;iso&quot;:&quot;0&quot;,&quot;shutter_speed&quot;:&quot;0&quot;,&quot;title&quot;:&quot;&quot;,&quot;orientation&quot;:&quot;0&quot;}\" data-image-title=\"FN3A5942\" data-image-description=\"\" data-image-caption=\"\" data-large-file=\"https:\/\/i0.wp.com\/casadecampoliving.com\/wp-content\/uploads\/2025\/11\/FN3A5942-1-scaled.jpg?fit=1024%2C683&amp;ssl=1\" data-id=\"545902\" src=\"https:\/\/i0.wp.com\/casadecampoliving.com\/wp-content\/uploads\/2025\/11\/FN3A5942-1.jpg?resize=1024%2C683&#038;ssl=1\" alt=\"\" class=\"wp-image-545902\" srcset=\"https:\/\/i0.wp.com\/casadecampoliving.com\/wp-content\/uploads\/2025\/11\/FN3A5942-1-scaled.jpg?resize=1024%2C683&amp;ssl=1 1024w, https:\/\/i0.wp.com\/casadecampoliving.com\/wp-content\/uploads\/2025\/11\/FN3A5942-1-scaled.jpg?resize=300%2C200&amp;ssl=1 300w, https:\/\/i0.wp.com\/casadecampoliving.com\/wp-content\/uploads\/2025\/11\/FN3A5942-1-scaled.jpg?resize=768%2C512&amp;ssl=1 768w, https:\/\/i0.wp.com\/casadecampoliving.com\/wp-content\/uploads\/2025\/11\/FN3A5942-1-scaled.jpg?resize=1536%2C1024&amp;ssl=1 1536w, https:\/\/i0.wp.com\/casadecampoliving.com\/wp-content\/uploads\/2025\/11\/FN3A5942-1-scaled.jpg?resize=2048%2C1365&amp;ssl=1 2048w, https:\/\/i0.wp.com\/casadecampoliving.com\/wp-content\/uploads\/2025\/11\/FN3A5942-1-scaled.jpg?resize=1200%2C800&amp;ssl=1 1200w, https:\/\/i0.wp.com\/casadecampoliving.com\/wp-content\/uploads\/2025\/11\/FN3A5942-1-scaled.jpg?resize=2000%2C1333&amp;ssl=1 2000w, https:\/\/i0.wp.com\/casadecampoliving.com\/wp-content\/uploads\/2025\/11\/FN3A5942-1-scaled.jpg?resize=780%2C520&amp;ssl=1 780w, https:\/\/i0.wp.com\/casadecampoliving.com\/wp-content\/uploads\/2025\/11\/FN3A5942-1-scaled.jpg?resize=400%2C267&amp;ssl=1 400w, https:\/\/i0.wp.com\/casadecampoliving.com\/wp-content\/uploads\/2025\/11\/FN3A5942-1-scaled.jpg?resize=1320%2C880&amp;ssl=1 1320w, https:\/\/i0.wp.com\/casadecampoliving.com\/wp-content\/uploads\/2025\/11\/FN3A5942-1-scaled.jpg?resize=150%2C100&amp;ssl=1 150w, https:\/\/i0.wp.com\/casadecampoliving.com\/wp-content\/uploads\/2025\/11\/FN3A5942-1-1024x683.jpg?w=370&amp;ssl=1 370w\" sizes=\"auto, (max-width: 1000px) 100vw, 1000px\" \/><\/figure>\n\n\n\n<figure class=\"wp-block-image size-large\"><img data-recalc-dims=\"1\" loading=\"lazy\" decoding=\"async\" width=\"1024\" height=\"683\" data-attachment-id=\"545922\" data-permalink=\"https:\/\/casadecampoliving.com\/es\/concluye-con-exito-tercera-edicion-de-alma-casa-de-campo\/fn3a7299\/\" data-orig-file=\"https:\/\/i0.wp.com\/casadecampoliving.com\/wp-content\/uploads\/2025\/11\/FN3A7299-scaled.jpg?fit=2560%2C1706&amp;ssl=1\" data-orig-size=\"2560,1706\" data-comments-opened=\"0\" data-image-meta=\"{&quot;aperture&quot;:&quot;0&quot;,&quot;credit&quot;:&quot;&quot;,&quot;camera&quot;:&quot;&quot;,&quot;caption&quot;:&quot;&quot;,&quot;created_timestamp&quot;:&quot;0&quot;,&quot;copyright&quot;:&quot;&quot;,&quot;focal_length&quot;:&quot;0&quot;,&quot;iso&quot;:&quot;0&quot;,&quot;shutter_speed&quot;:&quot;0&quot;,&quot;title&quot;:&quot;&quot;,&quot;orientation&quot;:&quot;0&quot;}\" data-image-title=\"FN3A7299\" data-image-description=\"\" data-image-caption=\"\" data-large-file=\"https:\/\/i0.wp.com\/casadecampoliving.com\/wp-content\/uploads\/2025\/11\/FN3A7299-scaled.jpg?fit=1024%2C683&amp;ssl=1\" data-id=\"545922\" src=\"https:\/\/i0.wp.com\/casadecampoliving.com\/wp-content\/uploads\/2025\/11\/FN3A7299.jpg?resize=1024%2C683&#038;ssl=1\" alt=\"\" class=\"wp-image-545922\" srcset=\"https:\/\/i0.wp.com\/casadecampoliving.com\/wp-content\/uploads\/2025\/11\/FN3A7299-scaled.jpg?resize=1024%2C683&amp;ssl=1 1024w, https:\/\/i0.wp.com\/casadecampoliving.com\/wp-content\/uploads\/2025\/11\/FN3A7299-scaled.jpg?resize=300%2C200&amp;ssl=1 300w, https:\/\/i0.wp.com\/casadecampoliving.com\/wp-content\/uploads\/2025\/11\/FN3A7299-scaled.jpg?resize=768%2C512&amp;ssl=1 768w, https:\/\/i0.wp.com\/casadecampoliving.com\/wp-content\/uploads\/2025\/11\/FN3A7299-scaled.jpg?resize=1536%2C1024&amp;ssl=1 1536w, https:\/\/i0.wp.com\/casadecampoliving.com\/wp-content\/uploads\/2025\/11\/FN3A7299-scaled.jpg?resize=2048%2C1365&amp;ssl=1 2048w, https:\/\/i0.wp.com\/casadecampoliving.com\/wp-content\/uploads\/2025\/11\/FN3A7299-scaled.jpg?resize=1200%2C800&amp;ssl=1 1200w, https:\/\/i0.wp.com\/casadecampoliving.com\/wp-content\/uploads\/2025\/11\/FN3A7299-scaled.jpg?resize=2000%2C1333&amp;ssl=1 2000w, https:\/\/i0.wp.com\/casadecampoliving.com\/wp-content\/uploads\/2025\/11\/FN3A7299-scaled.jpg?resize=780%2C520&amp;ssl=1 780w, https:\/\/i0.wp.com\/casadecampoliving.com\/wp-content\/uploads\/2025\/11\/FN3A7299-scaled.jpg?resize=400%2C267&amp;ssl=1 400w, https:\/\/i0.wp.com\/casadecampoliving.com\/wp-content\/uploads\/2025\/11\/FN3A7299-scaled.jpg?resize=1320%2C880&amp;ssl=1 1320w, https:\/\/i0.wp.com\/casadecampoliving.com\/wp-content\/uploads\/2025\/11\/FN3A7299-scaled.jpg?resize=150%2C100&amp;ssl=1 150w, https:\/\/i0.wp.com\/casadecampoliving.com\/wp-content\/uploads\/2025\/11\/FN3A7299-1024x683.jpg?w=370&amp;ssl=1 370w\" sizes=\"auto, (max-width: 1000px) 100vw, 1000px\" \/><\/figure>\n\n\n\n<figure class=\"wp-block-image size-large\"><img data-recalc-dims=\"1\" loading=\"lazy\" decoding=\"async\" width=\"1024\" height=\"683\" data-attachment-id=\"545938\" data-permalink=\"https:\/\/casadecampoliving.com\/es\/concluye-con-exito-tercera-edicion-de-alma-casa-de-campo\/fn3a7314\/\" data-orig-file=\"https:\/\/i0.wp.com\/casadecampoliving.com\/wp-content\/uploads\/2025\/11\/FN3A7314-scaled.jpg?fit=2560%2C1706&amp;ssl=1\" data-orig-size=\"2560,1706\" data-comments-opened=\"0\" data-image-meta=\"{&quot;aperture&quot;:&quot;0&quot;,&quot;credit&quot;:&quot;&quot;,&quot;camera&quot;:&quot;&quot;,&quot;caption&quot;:&quot;&quot;,&quot;created_timestamp&quot;:&quot;0&quot;,&quot;copyright&quot;:&quot;&quot;,&quot;focal_length&quot;:&quot;0&quot;,&quot;iso&quot;:&quot;0&quot;,&quot;shutter_speed&quot;:&quot;0&quot;,&quot;title&quot;:&quot;&quot;,&quot;orientation&quot;:&quot;0&quot;}\" data-image-title=\"FN3A7314\" data-image-description=\"\" data-image-caption=\"\" data-large-file=\"https:\/\/i0.wp.com\/casadecampoliving.com\/wp-content\/uploads\/2025\/11\/FN3A7314-scaled.jpg?fit=1024%2C683&amp;ssl=1\" data-id=\"545938\" src=\"https:\/\/i0.wp.com\/casadecampoliving.com\/wp-content\/uploads\/2025\/11\/FN3A7314.jpg?resize=1024%2C683&#038;ssl=1\" alt=\"\" class=\"wp-image-545938\" srcset=\"https:\/\/i0.wp.com\/casadecampoliving.com\/wp-content\/uploads\/2025\/11\/FN3A7314-scaled.jpg?resize=1024%2C683&amp;ssl=1 1024w, https:\/\/i0.wp.com\/casadecampoliving.com\/wp-content\/uploads\/2025\/11\/FN3A7314-scaled.jpg?resize=300%2C200&amp;ssl=1 300w, https:\/\/i0.wp.com\/casadecampoliving.com\/wp-content\/uploads\/2025\/11\/FN3A7314-scaled.jpg?resize=768%2C512&amp;ssl=1 768w, https:\/\/i0.wp.com\/casadecampoliving.com\/wp-content\/uploads\/2025\/11\/FN3A7314-scaled.jpg?resize=1536%2C1024&amp;ssl=1 1536w, https:\/\/i0.wp.com\/casadecampoliving.com\/wp-content\/uploads\/2025\/11\/FN3A7314-scaled.jpg?resize=2048%2C1365&amp;ssl=1 2048w, https:\/\/i0.wp.com\/casadecampoliving.com\/wp-content\/uploads\/2025\/11\/FN3A7314-scaled.jpg?resize=1200%2C800&amp;ssl=1 1200w, https:\/\/i0.wp.com\/casadecampoliving.com\/wp-content\/uploads\/2025\/11\/FN3A7314-scaled.jpg?resize=2000%2C1333&amp;ssl=1 2000w, https:\/\/i0.wp.com\/casadecampoliving.com\/wp-content\/uploads\/2025\/11\/FN3A7314-scaled.jpg?resize=780%2C520&amp;ssl=1 780w, https:\/\/i0.wp.com\/casadecampoliving.com\/wp-content\/uploads\/2025\/11\/FN3A7314-scaled.jpg?resize=400%2C267&amp;ssl=1 400w, https:\/\/i0.wp.com\/casadecampoliving.com\/wp-content\/uploads\/2025\/11\/FN3A7314-scaled.jpg?resize=1320%2C880&amp;ssl=1 1320w, https:\/\/i0.wp.com\/casadecampoliving.com\/wp-content\/uploads\/2025\/11\/FN3A7314-scaled.jpg?resize=150%2C100&amp;ssl=1 150w, https:\/\/i0.wp.com\/casadecampoliving.com\/wp-content\/uploads\/2025\/11\/FN3A7314-1024x683.jpg?w=370&amp;ssl=1 370w\" sizes=\"auto, (max-width: 1000px) 100vw, 1000px\" \/><\/figure>\n\n\n\n<figure class=\"wp-block-image size-large\"><img data-recalc-dims=\"1\" loading=\"lazy\" decoding=\"async\" width=\"1024\" height=\"683\" data-attachment-id=\"545829\" data-permalink=\"https:\/\/casadecampoliving.com\/es\/concluye-con-exito-tercera-edicion-de-alma-casa-de-campo\/fn3a7332\/\" data-orig-file=\"https:\/\/i0.wp.com\/casadecampoliving.com\/wp-content\/uploads\/2025\/11\/FN3A7332-scaled.jpg?fit=2560%2C1706&amp;ssl=1\" data-orig-size=\"2560,1706\" data-comments-opened=\"0\" data-image-meta=\"{&quot;aperture&quot;:&quot;0&quot;,&quot;credit&quot;:&quot;&quot;,&quot;camera&quot;:&quot;&quot;,&quot;caption&quot;:&quot;&quot;,&quot;created_timestamp&quot;:&quot;0&quot;,&quot;copyright&quot;:&quot;&quot;,&quot;focal_length&quot;:&quot;0&quot;,&quot;iso&quot;:&quot;0&quot;,&quot;shutter_speed&quot;:&quot;0&quot;,&quot;title&quot;:&quot;&quot;,&quot;orientation&quot;:&quot;0&quot;}\" data-image-title=\"FN3A7332\" data-image-description=\"\" data-image-caption=\"\" data-large-file=\"https:\/\/i0.wp.com\/casadecampoliving.com\/wp-content\/uploads\/2025\/11\/FN3A7332-scaled.jpg?fit=1024%2C683&amp;ssl=1\" data-id=\"545829\" src=\"https:\/\/i0.wp.com\/casadecampoliving.com\/wp-content\/uploads\/2025\/11\/FN3A7332.jpg?resize=1024%2C683&#038;ssl=1\" alt=\"\" class=\"wp-image-545829\" srcset=\"https:\/\/i0.wp.com\/casadecampoliving.com\/wp-content\/uploads\/2025\/11\/FN3A7332-scaled.jpg?resize=1024%2C683&amp;ssl=1 1024w, https:\/\/i0.wp.com\/casadecampoliving.com\/wp-content\/uploads\/2025\/11\/FN3A7332-scaled.jpg?resize=300%2C200&amp;ssl=1 300w, https:\/\/i0.wp.com\/casadecampoliving.com\/wp-content\/uploads\/2025\/11\/FN3A7332-scaled.jpg?resize=768%2C512&amp;ssl=1 768w, https:\/\/i0.wp.com\/casadecampoliving.com\/wp-content\/uploads\/2025\/11\/FN3A7332-scaled.jpg?resize=1536%2C1024&amp;ssl=1 1536w, https:\/\/i0.wp.com\/casadecampoliving.com\/wp-content\/uploads\/2025\/11\/FN3A7332-scaled.jpg?resize=2048%2C1365&amp;ssl=1 2048w, https:\/\/i0.wp.com\/casadecampoliving.com\/wp-content\/uploads\/2025\/11\/FN3A7332-scaled.jpg?resize=1200%2C800&amp;ssl=1 1200w, https:\/\/i0.wp.com\/casadecampoliving.com\/wp-content\/uploads\/2025\/11\/FN3A7332-scaled.jpg?resize=2000%2C1333&amp;ssl=1 2000w, https:\/\/i0.wp.com\/casadecampoliving.com\/wp-content\/uploads\/2025\/11\/FN3A7332-scaled.jpg?resize=780%2C520&amp;ssl=1 780w, https:\/\/i0.wp.com\/casadecampoliving.com\/wp-content\/uploads\/2025\/11\/FN3A7332-scaled.jpg?resize=400%2C267&amp;ssl=1 400w, https:\/\/i0.wp.com\/casadecampoliving.com\/wp-content\/uploads\/2025\/11\/FN3A7332-scaled.jpg?resize=1320%2C880&amp;ssl=1 1320w, https:\/\/i0.wp.com\/casadecampoliving.com\/wp-content\/uploads\/2025\/11\/FN3A7332-scaled.jpg?resize=150%2C100&amp;ssl=1 150w, https:\/\/i0.wp.com\/casadecampoliving.com\/wp-content\/uploads\/2025\/11\/FN3A7332-1024x683.jpg?w=370&amp;ssl=1 370w\" sizes=\"auto, (max-width: 1000px) 100vw, 1000px\" \/><\/figure>\n\n\n\n<figure class=\"wp-block-image size-large\"><img data-recalc-dims=\"1\" loading=\"lazy\" decoding=\"async\" width=\"1024\" height=\"683\" data-attachment-id=\"545946\" data-permalink=\"https:\/\/casadecampoliving.com\/es\/concluye-con-exito-tercera-edicion-de-alma-casa-de-campo\/fn3a7338\/\" data-orig-file=\"https:\/\/i0.wp.com\/casadecampoliving.com\/wp-content\/uploads\/2025\/11\/FN3A7338-scaled.jpg?fit=2560%2C1706&amp;ssl=1\" data-orig-size=\"2560,1706\" data-comments-opened=\"0\" data-image-meta=\"{&quot;aperture&quot;:&quot;0&quot;,&quot;credit&quot;:&quot;&quot;,&quot;camera&quot;:&quot;&quot;,&quot;caption&quot;:&quot;&quot;,&quot;created_timestamp&quot;:&quot;0&quot;,&quot;copyright&quot;:&quot;&quot;,&quot;focal_length&quot;:&quot;0&quot;,&quot;iso&quot;:&quot;0&quot;,&quot;shutter_speed&quot;:&quot;0&quot;,&quot;title&quot;:&quot;&quot;,&quot;orientation&quot;:&quot;0&quot;}\" data-image-title=\"FN3A7338\" data-image-description=\"\" data-image-caption=\"\" data-large-file=\"https:\/\/i0.wp.com\/casadecampoliving.com\/wp-content\/uploads\/2025\/11\/FN3A7338-scaled.jpg?fit=1024%2C683&amp;ssl=1\" data-id=\"545946\" src=\"https:\/\/i0.wp.com\/casadecampoliving.com\/wp-content\/uploads\/2025\/11\/FN3A7338.jpg?resize=1024%2C683&#038;ssl=1\" alt=\"\" class=\"wp-image-545946\" srcset=\"https:\/\/i0.wp.com\/casadecampoliving.com\/wp-content\/uploads\/2025\/11\/FN3A7338-scaled.jpg?resize=1024%2C683&amp;ssl=1 1024w, https:\/\/i0.wp.com\/casadecampoliving.com\/wp-content\/uploads\/2025\/11\/FN3A7338-scaled.jpg?resize=300%2C200&amp;ssl=1 300w, https:\/\/i0.wp.com\/casadecampoliving.com\/wp-content\/uploads\/2025\/11\/FN3A7338-scaled.jpg?resize=768%2C512&amp;ssl=1 768w, https:\/\/i0.wp.com\/casadecampoliving.com\/wp-content\/uploads\/2025\/11\/FN3A7338-scaled.jpg?resize=1536%2C1024&amp;ssl=1 1536w, https:\/\/i0.wp.com\/casadecampoliving.com\/wp-content\/uploads\/2025\/11\/FN3A7338-scaled.jpg?resize=2048%2C1365&amp;ssl=1 2048w, https:\/\/i0.wp.com\/casadecampoliving.com\/wp-content\/uploads\/2025\/11\/FN3A7338-scaled.jpg?resize=1200%2C800&amp;ssl=1 1200w, https:\/\/i0.wp.com\/casadecampoliving.com\/wp-content\/uploads\/2025\/11\/FN3A7338-scaled.jpg?resize=2000%2C1333&amp;ssl=1 2000w, https:\/\/i0.wp.com\/casadecampoliving.com\/wp-content\/uploads\/2025\/11\/FN3A7338-scaled.jpg?resize=780%2C520&amp;ssl=1 780w, https:\/\/i0.wp.com\/casadecampoliving.com\/wp-content\/uploads\/2025\/11\/FN3A7338-scaled.jpg?resize=400%2C267&amp;ssl=1 400w, https:\/\/i0.wp.com\/casadecampoliving.com\/wp-content\/uploads\/2025\/11\/FN3A7338-scaled.jpg?resize=1320%2C880&amp;ssl=1 1320w, https:\/\/i0.wp.com\/casadecampoliving.com\/wp-content\/uploads\/2025\/11\/FN3A7338-scaled.jpg?resize=150%2C100&amp;ssl=1 150w, https:\/\/i0.wp.com\/casadecampoliving.com\/wp-content\/uploads\/2025\/11\/FN3A7338-1024x683.jpg?w=370&amp;ssl=1 370w\" sizes=\"auto, (max-width: 1000px) 100vw, 1000px\" \/><\/figure>\n\n\n\n<figure class=\"wp-block-image size-large\"><img data-recalc-dims=\"1\" loading=\"lazy\" decoding=\"async\" width=\"1024\" height=\"683\" data-attachment-id=\"545868\" data-permalink=\"https:\/\/casadecampoliving.com\/es\/concluye-con-exito-tercera-edicion-de-alma-casa-de-campo\/fn3a7368-2\/\" data-orig-file=\"https:\/\/i0.wp.com\/casadecampoliving.com\/wp-content\/uploads\/2025\/11\/FN3A7368-scaled.jpg?fit=2560%2C1706&amp;ssl=1\" data-orig-size=\"2560,1706\" data-comments-opened=\"0\" data-image-meta=\"{&quot;aperture&quot;:&quot;0&quot;,&quot;credit&quot;:&quot;&quot;,&quot;camera&quot;:&quot;&quot;,&quot;caption&quot;:&quot;&quot;,&quot;created_timestamp&quot;:&quot;0&quot;,&quot;copyright&quot;:&quot;&quot;,&quot;focal_length&quot;:&quot;0&quot;,&quot;iso&quot;:&quot;0&quot;,&quot;shutter_speed&quot;:&quot;0&quot;,&quot;title&quot;:&quot;&quot;,&quot;orientation&quot;:&quot;0&quot;}\" data-image-title=\"FN3A7368\" data-image-description=\"\" data-image-caption=\"\" data-large-file=\"https:\/\/i0.wp.com\/casadecampoliving.com\/wp-content\/uploads\/2025\/11\/FN3A7368-scaled.jpg?fit=1024%2C683&amp;ssl=1\" data-id=\"545868\" src=\"https:\/\/i0.wp.com\/casadecampoliving.com\/wp-content\/uploads\/2025\/11\/FN3A7368.jpg?resize=1024%2C683&#038;ssl=1\" alt=\"\" class=\"wp-image-545868\" srcset=\"https:\/\/i0.wp.com\/casadecampoliving.com\/wp-content\/uploads\/2025\/11\/FN3A7368-scaled.jpg?resize=1024%2C683&amp;ssl=1 1024w, https:\/\/i0.wp.com\/casadecampoliving.com\/wp-content\/uploads\/2025\/11\/FN3A7368-scaled.jpg?resize=300%2C200&amp;ssl=1 300w, https:\/\/i0.wp.com\/casadecampoliving.com\/wp-content\/uploads\/2025\/11\/FN3A7368-scaled.jpg?resize=768%2C512&amp;ssl=1 768w, https:\/\/i0.wp.com\/casadecampoliving.com\/wp-content\/uploads\/2025\/11\/FN3A7368-scaled.jpg?resize=1536%2C1024&amp;ssl=1 1536w, https:\/\/i0.wp.com\/casadecampoliving.com\/wp-content\/uploads\/2025\/11\/FN3A7368-scaled.jpg?resize=2048%2C1365&amp;ssl=1 2048w, https:\/\/i0.wp.com\/casadecampoliving.com\/wp-content\/uploads\/2025\/11\/FN3A7368-scaled.jpg?resize=1200%2C800&amp;ssl=1 1200w, https:\/\/i0.wp.com\/casadecampoliving.com\/wp-content\/uploads\/2025\/11\/FN3A7368-scaled.jpg?resize=2000%2C1333&amp;ssl=1 2000w, https:\/\/i0.wp.com\/casadecampoliving.com\/wp-content\/uploads\/2025\/11\/FN3A7368-scaled.jpg?resize=780%2C520&amp;ssl=1 780w, https:\/\/i0.wp.com\/casadecampoliving.com\/wp-content\/uploads\/2025\/11\/FN3A7368-scaled.jpg?resize=400%2C267&amp;ssl=1 400w, https:\/\/i0.wp.com\/casadecampoliving.com\/wp-content\/uploads\/2025\/11\/FN3A7368-scaled.jpg?resize=1320%2C880&amp;ssl=1 1320w, https:\/\/i0.wp.com\/casadecampoliving.com\/wp-content\/uploads\/2025\/11\/FN3A7368-scaled.jpg?resize=150%2C100&amp;ssl=1 150w, https:\/\/i0.wp.com\/casadecampoliving.com\/wp-content\/uploads\/2025\/11\/FN3A7368-1024x683.jpg?w=370&amp;ssl=1 370w\" sizes=\"auto, (max-width: 1000px) 100vw, 1000px\" \/><\/figure>\n\n\n\n<figure class=\"wp-block-image size-large\"><img data-recalc-dims=\"1\" loading=\"lazy\" decoding=\"async\" width=\"1024\" height=\"683\" data-attachment-id=\"545823\" data-permalink=\"https:\/\/casadecampoliving.com\/es\/concluye-con-exito-tercera-edicion-de-alma-casa-de-campo\/fn3a7370\/\" data-orig-file=\"https:\/\/i0.wp.com\/casadecampoliving.com\/wp-content\/uploads\/2025\/11\/FN3A7370-scaled.jpg?fit=2560%2C1706&amp;ssl=1\" data-orig-size=\"2560,1706\" data-comments-opened=\"0\" data-image-meta=\"{&quot;aperture&quot;:&quot;0&quot;,&quot;credit&quot;:&quot;&quot;,&quot;camera&quot;:&quot;&quot;,&quot;caption&quot;:&quot;&quot;,&quot;created_timestamp&quot;:&quot;0&quot;,&quot;copyright&quot;:&quot;&quot;,&quot;focal_length&quot;:&quot;0&quot;,&quot;iso&quot;:&quot;0&quot;,&quot;shutter_speed&quot;:&quot;0&quot;,&quot;title&quot;:&quot;&quot;,&quot;orientation&quot;:&quot;0&quot;}\" data-image-title=\"FN3A7370\" data-image-description=\"\" data-image-caption=\"\" data-large-file=\"https:\/\/i0.wp.com\/casadecampoliving.com\/wp-content\/uploads\/2025\/11\/FN3A7370-scaled.jpg?fit=1024%2C683&amp;ssl=1\" data-id=\"545823\" src=\"https:\/\/i0.wp.com\/casadecampoliving.com\/wp-content\/uploads\/2025\/11\/FN3A7370.jpg?resize=1024%2C683&#038;ssl=1\" alt=\"\" class=\"wp-image-545823\" srcset=\"https:\/\/i0.wp.com\/casadecampoliving.com\/wp-content\/uploads\/2025\/11\/FN3A7370-scaled.jpg?resize=1024%2C683&amp;ssl=1 1024w, https:\/\/i0.wp.com\/casadecampoliving.com\/wp-content\/uploads\/2025\/11\/FN3A7370-scaled.jpg?resize=300%2C200&amp;ssl=1 300w, https:\/\/i0.wp.com\/casadecampoliving.com\/wp-content\/uploads\/2025\/11\/FN3A7370-scaled.jpg?resize=768%2C512&amp;ssl=1 768w, https:\/\/i0.wp.com\/casadecampoliving.com\/wp-content\/uploads\/2025\/11\/FN3A7370-scaled.jpg?resize=1536%2C1024&amp;ssl=1 1536w, https:\/\/i0.wp.com\/casadecampoliving.com\/wp-content\/uploads\/2025\/11\/FN3A7370-scaled.jpg?resize=2048%2C1365&amp;ssl=1 2048w, https:\/\/i0.wp.com\/casadecampoliving.com\/wp-content\/uploads\/2025\/11\/FN3A7370-scaled.jpg?resize=1200%2C800&amp;ssl=1 1200w, https:\/\/i0.wp.com\/casadecampoliving.com\/wp-content\/uploads\/2025\/11\/FN3A7370-scaled.jpg?resize=2000%2C1333&amp;ssl=1 2000w, https:\/\/i0.wp.com\/casadecampoliving.com\/wp-content\/uploads\/2025\/11\/FN3A7370-scaled.jpg?resize=780%2C520&amp;ssl=1 780w, https:\/\/i0.wp.com\/casadecampoliving.com\/wp-content\/uploads\/2025\/11\/FN3A7370-scaled.jpg?resize=400%2C267&amp;ssl=1 400w, https:\/\/i0.wp.com\/casadecampoliving.com\/wp-content\/uploads\/2025\/11\/FN3A7370-scaled.jpg?resize=1320%2C880&amp;ssl=1 1320w, https:\/\/i0.wp.com\/casadecampoliving.com\/wp-content\/uploads\/2025\/11\/FN3A7370-scaled.jpg?resize=150%2C100&amp;ssl=1 150w, https:\/\/i0.wp.com\/casadecampoliving.com\/wp-content\/uploads\/2025\/11\/FN3A7370-1024x683.jpg?w=370&amp;ssl=1 370w\" sizes=\"auto, (max-width: 1000px) 100vw, 1000px\" \/><\/figure>\n\n\n\n<figure class=\"wp-block-image size-large\"><img data-recalc-dims=\"1\" loading=\"lazy\" decoding=\"async\" width=\"1024\" height=\"683\" data-attachment-id=\"545940\" data-permalink=\"https:\/\/casadecampoliving.com\/es\/concluye-con-exito-tercera-edicion-de-alma-casa-de-campo\/fn3a7385-3\/\" data-orig-file=\"https:\/\/i0.wp.com\/casadecampoliving.com\/wp-content\/uploads\/2025\/11\/FN3A7385-2-scaled.jpg?fit=2560%2C1706&amp;ssl=1\" data-orig-size=\"2560,1706\" data-comments-opened=\"0\" data-image-meta=\"{&quot;aperture&quot;:&quot;0&quot;,&quot;credit&quot;:&quot;&quot;,&quot;camera&quot;:&quot;&quot;,&quot;caption&quot;:&quot;&quot;,&quot;created_timestamp&quot;:&quot;0&quot;,&quot;copyright&quot;:&quot;&quot;,&quot;focal_length&quot;:&quot;0&quot;,&quot;iso&quot;:&quot;0&quot;,&quot;shutter_speed&quot;:&quot;0&quot;,&quot;title&quot;:&quot;&quot;,&quot;orientation&quot;:&quot;0&quot;}\" data-image-title=\"FN3A7385\" data-image-description=\"\" data-image-caption=\"\" data-large-file=\"https:\/\/i0.wp.com\/casadecampoliving.com\/wp-content\/uploads\/2025\/11\/FN3A7385-2-scaled.jpg?fit=1024%2C683&amp;ssl=1\" data-id=\"545940\" src=\"https:\/\/i0.wp.com\/casadecampoliving.com\/wp-content\/uploads\/2025\/11\/FN3A7385-2.jpg?resize=1024%2C683&#038;ssl=1\" alt=\"\" class=\"wp-image-545940\" srcset=\"https:\/\/i0.wp.com\/casadecampoliving.com\/wp-content\/uploads\/2025\/11\/FN3A7385-2-scaled.jpg?resize=1024%2C683&amp;ssl=1 1024w, https:\/\/i0.wp.com\/casadecampoliving.com\/wp-content\/uploads\/2025\/11\/FN3A7385-2-scaled.jpg?resize=300%2C200&amp;ssl=1 300w, https:\/\/i0.wp.com\/casadecampoliving.com\/wp-content\/uploads\/2025\/11\/FN3A7385-2-scaled.jpg?resize=768%2C512&amp;ssl=1 768w, https:\/\/i0.wp.com\/casadecampoliving.com\/wp-content\/uploads\/2025\/11\/FN3A7385-2-scaled.jpg?resize=1536%2C1024&amp;ssl=1 1536w, https:\/\/i0.wp.com\/casadecampoliving.com\/wp-content\/uploads\/2025\/11\/FN3A7385-2-scaled.jpg?resize=2048%2C1365&amp;ssl=1 2048w, https:\/\/i0.wp.com\/casadecampoliving.com\/wp-content\/uploads\/2025\/11\/FN3A7385-2-scaled.jpg?resize=1200%2C800&amp;ssl=1 1200w, https:\/\/i0.wp.com\/casadecampoliving.com\/wp-content\/uploads\/2025\/11\/FN3A7385-2-scaled.jpg?resize=2000%2C1333&amp;ssl=1 2000w, https:\/\/i0.wp.com\/casadecampoliving.com\/wp-content\/uploads\/2025\/11\/FN3A7385-2-scaled.jpg?resize=780%2C520&amp;ssl=1 780w, https:\/\/i0.wp.com\/casadecampoliving.com\/wp-content\/uploads\/2025\/11\/FN3A7385-2-scaled.jpg?resize=400%2C267&amp;ssl=1 400w, https:\/\/i0.wp.com\/casadecampoliving.com\/wp-content\/uploads\/2025\/11\/FN3A7385-2-scaled.jpg?resize=1320%2C880&amp;ssl=1 1320w, https:\/\/i0.wp.com\/casadecampoliving.com\/wp-content\/uploads\/2025\/11\/FN3A7385-2-scaled.jpg?resize=150%2C100&amp;ssl=1 150w, https:\/\/i0.wp.com\/casadecampoliving.com\/wp-content\/uploads\/2025\/11\/FN3A7385-2-1024x683.jpg?w=370&amp;ssl=1 370w\" sizes=\"auto, (max-width: 1000px) 100vw, 1000px\" \/><\/figure>\n\n\n\n<figure class=\"wp-block-image size-large\"><img data-recalc-dims=\"1\" loading=\"lazy\" decoding=\"async\" width=\"1024\" height=\"683\" data-attachment-id=\"545857\" data-permalink=\"https:\/\/casadecampoliving.com\/es\/concluye-con-exito-tercera-edicion-de-alma-casa-de-campo\/fn3a8438\/\" data-orig-file=\"https:\/\/i0.wp.com\/casadecampoliving.com\/wp-content\/uploads\/2025\/11\/FN3A8438-scaled.jpg?fit=2560%2C1706&amp;ssl=1\" data-orig-size=\"2560,1706\" data-comments-opened=\"0\" data-image-meta=\"{&quot;aperture&quot;:&quot;0&quot;,&quot;credit&quot;:&quot;&quot;,&quot;camera&quot;:&quot;&quot;,&quot;caption&quot;:&quot;&quot;,&quot;created_timestamp&quot;:&quot;0&quot;,&quot;copyright&quot;:&quot;&quot;,&quot;focal_length&quot;:&quot;0&quot;,&quot;iso&quot;:&quot;0&quot;,&quot;shutter_speed&quot;:&quot;0&quot;,&quot;title&quot;:&quot;&quot;,&quot;orientation&quot;:&quot;0&quot;}\" data-image-title=\"FN3A8438\" data-image-description=\"\" data-image-caption=\"\" data-large-file=\"https:\/\/i0.wp.com\/casadecampoliving.com\/wp-content\/uploads\/2025\/11\/FN3A8438-scaled.jpg?fit=1024%2C683&amp;ssl=1\" data-id=\"545857\" src=\"https:\/\/i0.wp.com\/casadecampoliving.com\/wp-content\/uploads\/2025\/11\/FN3A8438.jpg?resize=1024%2C683&#038;ssl=1\" alt=\"\" class=\"wp-image-545857\" srcset=\"https:\/\/i0.wp.com\/casadecampoliving.com\/wp-content\/uploads\/2025\/11\/FN3A8438-scaled.jpg?resize=1024%2C683&amp;ssl=1 1024w, https:\/\/i0.wp.com\/casadecampoliving.com\/wp-content\/uploads\/2025\/11\/FN3A8438-scaled.jpg?resize=300%2C200&amp;ssl=1 300w, https:\/\/i0.wp.com\/casadecampoliving.com\/wp-content\/uploads\/2025\/11\/FN3A8438-scaled.jpg?resize=768%2C512&amp;ssl=1 768w, https:\/\/i0.wp.com\/casadecampoliving.com\/wp-content\/uploads\/2025\/11\/FN3A8438-scaled.jpg?resize=1536%2C1024&amp;ssl=1 1536w, https:\/\/i0.wp.com\/casadecampoliving.com\/wp-content\/uploads\/2025\/11\/FN3A8438-scaled.jpg?resize=2048%2C1365&amp;ssl=1 2048w, https:\/\/i0.wp.com\/casadecampoliving.com\/wp-content\/uploads\/2025\/11\/FN3A8438-scaled.jpg?resize=1200%2C800&amp;ssl=1 1200w, https:\/\/i0.wp.com\/casadecampoliving.com\/wp-content\/uploads\/2025\/11\/FN3A8438-scaled.jpg?resize=2000%2C1333&amp;ssl=1 2000w, https:\/\/i0.wp.com\/casadecampoliving.com\/wp-content\/uploads\/2025\/11\/FN3A8438-scaled.jpg?resize=780%2C520&amp;ssl=1 780w, https:\/\/i0.wp.com\/casadecampoliving.com\/wp-content\/uploads\/2025\/11\/FN3A8438-scaled.jpg?resize=400%2C267&amp;ssl=1 400w, https:\/\/i0.wp.com\/casadecampoliving.com\/wp-content\/uploads\/2025\/11\/FN3A8438-scaled.jpg?resize=1320%2C880&amp;ssl=1 1320w, https:\/\/i0.wp.com\/casadecampoliving.com\/wp-content\/uploads\/2025\/11\/FN3A8438-scaled.jpg?resize=150%2C100&amp;ssl=1 150w, https:\/\/i0.wp.com\/casadecampoliving.com\/wp-content\/uploads\/2025\/11\/FN3A8438-1024x683.jpg?w=370&amp;ssl=1 370w\" sizes=\"auto, (max-width: 1000px) 100vw, 1000px\" \/><\/figure>\n\n\n\n<figure class=\"wp-block-image size-large\"><img data-recalc-dims=\"1\" loading=\"lazy\" decoding=\"async\" width=\"1024\" height=\"683\" data-attachment-id=\"545909\" data-permalink=\"https:\/\/casadecampoliving.com\/es\/concluye-con-exito-tercera-edicion-de-alma-casa-de-campo\/fn3a8526\/\" data-orig-file=\"https:\/\/i0.wp.com\/casadecampoliving.com\/wp-content\/uploads\/2025\/11\/FN3A8526-scaled.jpg?fit=2560%2C1706&amp;ssl=1\" data-orig-size=\"2560,1706\" data-comments-opened=\"0\" data-image-meta=\"{&quot;aperture&quot;:&quot;0&quot;,&quot;credit&quot;:&quot;&quot;,&quot;camera&quot;:&quot;&quot;,&quot;caption&quot;:&quot;&quot;,&quot;created_timestamp&quot;:&quot;0&quot;,&quot;copyright&quot;:&quot;&quot;,&quot;focal_length&quot;:&quot;0&quot;,&quot;iso&quot;:&quot;0&quot;,&quot;shutter_speed&quot;:&quot;0&quot;,&quot;title&quot;:&quot;&quot;,&quot;orientation&quot;:&quot;0&quot;}\" data-image-title=\"FN3A8526\" data-image-description=\"\" data-image-caption=\"\" data-large-file=\"https:\/\/i0.wp.com\/casadecampoliving.com\/wp-content\/uploads\/2025\/11\/FN3A8526-scaled.jpg?fit=1024%2C683&amp;ssl=1\" data-id=\"545909\" src=\"https:\/\/i0.wp.com\/casadecampoliving.com\/wp-content\/uploads\/2025\/11\/FN3A8526.jpg?resize=1024%2C683&#038;ssl=1\" alt=\"\" class=\"wp-image-545909\" srcset=\"https:\/\/i0.wp.com\/casadecampoliving.com\/wp-content\/uploads\/2025\/11\/FN3A8526-scaled.jpg?resize=1024%2C683&amp;ssl=1 1024w, https:\/\/i0.wp.com\/casadecampoliving.com\/wp-content\/uploads\/2025\/11\/FN3A8526-scaled.jpg?resize=300%2C200&amp;ssl=1 300w, https:\/\/i0.wp.com\/casadecampoliving.com\/wp-content\/uploads\/2025\/11\/FN3A8526-scaled.jpg?resize=768%2C512&amp;ssl=1 768w, https:\/\/i0.wp.com\/casadecampoliving.com\/wp-content\/uploads\/2025\/11\/FN3A8526-scaled.jpg?resize=1536%2C1024&amp;ssl=1 1536w, https:\/\/i0.wp.com\/casadecampoliving.com\/wp-content\/uploads\/2025\/11\/FN3A8526-scaled.jpg?resize=2048%2C1365&amp;ssl=1 2048w, https:\/\/i0.wp.com\/casadecampoliving.com\/wp-content\/uploads\/2025\/11\/FN3A8526-scaled.jpg?resize=1200%2C800&amp;ssl=1 1200w, https:\/\/i0.wp.com\/casadecampoliving.com\/wp-content\/uploads\/2025\/11\/FN3A8526-scaled.jpg?resize=2000%2C1333&amp;ssl=1 2000w, https:\/\/i0.wp.com\/casadecampoliving.com\/wp-content\/uploads\/2025\/11\/FN3A8526-scaled.jpg?resize=780%2C520&amp;ssl=1 780w, https:\/\/i0.wp.com\/casadecampoliving.com\/wp-content\/uploads\/2025\/11\/FN3A8526-scaled.jpg?resize=400%2C267&amp;ssl=1 400w, https:\/\/i0.wp.com\/casadecampoliving.com\/wp-content\/uploads\/2025\/11\/FN3A8526-scaled.jpg?resize=1320%2C880&amp;ssl=1 1320w, https:\/\/i0.wp.com\/casadecampoliving.com\/wp-content\/uploads\/2025\/11\/FN3A8526-scaled.jpg?resize=150%2C100&amp;ssl=1 150w, https:\/\/i0.wp.com\/casadecampoliving.com\/wp-content\/uploads\/2025\/11\/FN3A8526-1024x683.jpg?w=370&amp;ssl=1 370w\" sizes=\"auto, (max-width: 1000px) 100vw, 1000px\" \/><\/figure>\n\n\n\n<figure class=\"wp-block-image size-large\"><img data-recalc-dims=\"1\" loading=\"lazy\" decoding=\"async\" width=\"1024\" height=\"683\" data-attachment-id=\"545934\" data-permalink=\"https:\/\/casadecampoliving.com\/es\/concluye-con-exito-tercera-edicion-de-alma-casa-de-campo\/fn3a8556\/\" data-orig-file=\"https:\/\/i0.wp.com\/casadecampoliving.com\/wp-content\/uploads\/2025\/11\/FN3A8556-scaled.jpg?fit=2560%2C1706&amp;ssl=1\" data-orig-size=\"2560,1706\" data-comments-opened=\"0\" data-image-meta=\"{&quot;aperture&quot;:&quot;0&quot;,&quot;credit&quot;:&quot;&quot;,&quot;camera&quot;:&quot;&quot;,&quot;caption&quot;:&quot;&quot;,&quot;created_timestamp&quot;:&quot;0&quot;,&quot;copyright&quot;:&quot;&quot;,&quot;focal_length&quot;:&quot;0&quot;,&quot;iso&quot;:&quot;0&quot;,&quot;shutter_speed&quot;:&quot;0&quot;,&quot;title&quot;:&quot;&quot;,&quot;orientation&quot;:&quot;0&quot;}\" data-image-title=\"FN3A8556\" data-image-description=\"\" data-image-caption=\"\" data-large-file=\"https:\/\/i0.wp.com\/casadecampoliving.com\/wp-content\/uploads\/2025\/11\/FN3A8556-scaled.jpg?fit=1024%2C683&amp;ssl=1\" data-id=\"545934\" src=\"https:\/\/i0.wp.com\/casadecampoliving.com\/wp-content\/uploads\/2025\/11\/FN3A8556.jpg?resize=1024%2C683&#038;ssl=1\" alt=\"\" class=\"wp-image-545934\" srcset=\"https:\/\/i0.wp.com\/casadecampoliving.com\/wp-content\/uploads\/2025\/11\/FN3A8556-scaled.jpg?resize=1024%2C683&amp;ssl=1 1024w, https:\/\/i0.wp.com\/casadecampoliving.com\/wp-content\/uploads\/2025\/11\/FN3A8556-scaled.jpg?resize=300%2C200&amp;ssl=1 300w, https:\/\/i0.wp.com\/casadecampoliving.com\/wp-content\/uploads\/2025\/11\/FN3A8556-scaled.jpg?resize=768%2C512&amp;ssl=1 768w, https:\/\/i0.wp.com\/casadecampoliving.com\/wp-content\/uploads\/2025\/11\/FN3A8556-scaled.jpg?resize=1536%2C1024&amp;ssl=1 1536w, https:\/\/i0.wp.com\/casadecampoliving.com\/wp-content\/uploads\/2025\/11\/FN3A8556-scaled.jpg?resize=2048%2C1365&amp;ssl=1 2048w, https:\/\/i0.wp.com\/casadecampoliving.com\/wp-content\/uploads\/2025\/11\/FN3A8556-scaled.jpg?resize=1200%2C800&amp;ssl=1 1200w, https:\/\/i0.wp.com\/casadecampoliving.com\/wp-content\/uploads\/2025\/11\/FN3A8556-scaled.jpg?resize=2000%2C1333&amp;ssl=1 2000w, https:\/\/i0.wp.com\/casadecampoliving.com\/wp-content\/uploads\/2025\/11\/FN3A8556-scaled.jpg?resize=780%2C520&amp;ssl=1 780w, https:\/\/i0.wp.com\/casadecampoliving.com\/wp-content\/uploads\/2025\/11\/FN3A8556-scaled.jpg?resize=400%2C267&amp;ssl=1 400w, https:\/\/i0.wp.com\/casadecampoliving.com\/wp-content\/uploads\/2025\/11\/FN3A8556-scaled.jpg?resize=1320%2C880&amp;ssl=1 1320w, https:\/\/i0.wp.com\/casadecampoliving.com\/wp-content\/uploads\/2025\/11\/FN3A8556-scaled.jpg?resize=150%2C100&amp;ssl=1 150w, https:\/\/i0.wp.com\/casadecampoliving.com\/wp-content\/uploads\/2025\/11\/FN3A8556-1024x683.jpg?w=370&amp;ssl=1 370w\" sizes=\"auto, (max-width: 1000px) 100vw, 1000px\" \/><\/figure>\n\n\n\n<figure class=\"wp-block-image size-large\"><img data-recalc-dims=\"1\" loading=\"lazy\" decoding=\"async\" width=\"696\" height=\"1024\" data-attachment-id=\"545837\" data-permalink=\"https:\/\/casadecampoliving.com\/es\/concluye-con-exito-tercera-edicion-de-alma-casa-de-campo\/fn3a8572-2\/\" data-orig-file=\"https:\/\/i0.wp.com\/casadecampoliving.com\/wp-content\/uploads\/2025\/11\/FN3A8572-1-scaled.jpg?fit=1741%2C2560&amp;ssl=1\" data-orig-size=\"1741,2560\" data-comments-opened=\"0\" data-image-meta=\"{&quot;aperture&quot;:&quot;0&quot;,&quot;credit&quot;:&quot;&quot;,&quot;camera&quot;:&quot;&quot;,&quot;caption&quot;:&quot;&quot;,&quot;created_timestamp&quot;:&quot;0&quot;,&quot;copyright&quot;:&quot;&quot;,&quot;focal_length&quot;:&quot;0&quot;,&quot;iso&quot;:&quot;0&quot;,&quot;shutter_speed&quot;:&quot;0&quot;,&quot;title&quot;:&quot;&quot;,&quot;orientation&quot;:&quot;0&quot;}\" data-image-title=\"FN3A8572\" data-image-description=\"\" data-image-caption=\"\" data-large-file=\"https:\/\/i0.wp.com\/casadecampoliving.com\/wp-content\/uploads\/2025\/11\/FN3A8572-1-scaled.jpg?fit=696%2C1024&amp;ssl=1\" data-id=\"545837\" src=\"https:\/\/i0.wp.com\/casadecampoliving.com\/wp-content\/uploads\/2025\/11\/FN3A8572-1.jpg?resize=696%2C1024&#038;ssl=1\" alt=\"\" class=\"wp-image-545837\" srcset=\"https:\/\/i0.wp.com\/casadecampoliving.com\/wp-content\/uploads\/2025\/11\/FN3A8572-1-scaled.jpg?resize=696%2C1024&amp;ssl=1 696w, https:\/\/i0.wp.com\/casadecampoliving.com\/wp-content\/uploads\/2025\/11\/FN3A8572-1-scaled.jpg?resize=204%2C300&amp;ssl=1 204w, https:\/\/i0.wp.com\/casadecampoliving.com\/wp-content\/uploads\/2025\/11\/FN3A8572-1-scaled.jpg?resize=768%2C1129&amp;ssl=1 768w, https:\/\/i0.wp.com\/casadecampoliving.com\/wp-content\/uploads\/2025\/11\/FN3A8572-1-scaled.jpg?resize=1044%2C1536&amp;ssl=1 1044w, https:\/\/i0.wp.com\/casadecampoliving.com\/wp-content\/uploads\/2025\/11\/FN3A8572-1-scaled.jpg?resize=1393%2C2048&amp;ssl=1 1393w, https:\/\/i0.wp.com\/casadecampoliving.com\/wp-content\/uploads\/2025\/11\/FN3A8572-1-scaled.jpg?resize=1200%2C1765&amp;ssl=1 1200w, https:\/\/i0.wp.com\/casadecampoliving.com\/wp-content\/uploads\/2025\/11\/FN3A8572-1-scaled.jpg?resize=2000%2C2941&amp;ssl=1 2000w, https:\/\/i0.wp.com\/casadecampoliving.com\/wp-content\/uploads\/2025\/11\/FN3A8572-1-scaled.jpg?resize=780%2C1147&amp;ssl=1 780w, https:\/\/i0.wp.com\/casadecampoliving.com\/wp-content\/uploads\/2025\/11\/FN3A8572-1-scaled.jpg?resize=400%2C588&amp;ssl=1 400w, https:\/\/i0.wp.com\/casadecampoliving.com\/wp-content\/uploads\/2025\/11\/FN3A8572-1-scaled.jpg?resize=1320%2C1941&amp;ssl=1 1320w, https:\/\/i0.wp.com\/casadecampoliving.com\/wp-content\/uploads\/2025\/11\/FN3A8572-1-scaled.jpg?resize=150%2C221&amp;ssl=1 150w, https:\/\/i0.wp.com\/casadecampoliving.com\/wp-content\/uploads\/2025\/11\/FN3A8572-1-scaled.jpg?w=1741&amp;ssl=1 1741w, https:\/\/i0.wp.com\/casadecampoliving.com\/wp-content\/uploads\/2025\/11\/FN3A8572-1-696x1024.jpg?w=370&amp;ssl=1 370w\" sizes=\"auto, (max-width: 696px) 100vw, 696px\" \/><\/figure>\n\n\n\n<figure class=\"wp-block-image size-large\"><img data-recalc-dims=\"1\" loading=\"lazy\" decoding=\"async\" width=\"683\" height=\"1024\" data-attachment-id=\"545882\" data-permalink=\"https:\/\/casadecampoliving.com\/es\/concluye-con-exito-tercera-edicion-de-alma-casa-de-campo\/fn3a8691\/\" data-orig-file=\"https:\/\/i0.wp.com\/casadecampoliving.com\/wp-content\/uploads\/2025\/11\/FN3A8691-scaled.jpg?fit=1706%2C2560&amp;ssl=1\" data-orig-size=\"1706,2560\" data-comments-opened=\"0\" data-image-meta=\"{&quot;aperture&quot;:&quot;0&quot;,&quot;credit&quot;:&quot;&quot;,&quot;camera&quot;:&quot;&quot;,&quot;caption&quot;:&quot;&quot;,&quot;created_timestamp&quot;:&quot;0&quot;,&quot;copyright&quot;:&quot;&quot;,&quot;focal_length&quot;:&quot;0&quot;,&quot;iso&quot;:&quot;0&quot;,&quot;shutter_speed&quot;:&quot;0&quot;,&quot;title&quot;:&quot;&quot;,&quot;orientation&quot;:&quot;0&quot;}\" data-image-title=\"FN3A8691\" data-image-description=\"\" data-image-caption=\"\" data-large-file=\"https:\/\/i0.wp.com\/casadecampoliving.com\/wp-content\/uploads\/2025\/11\/FN3A8691-scaled.jpg?fit=683%2C1024&amp;ssl=1\" data-id=\"545882\" src=\"https:\/\/i0.wp.com\/casadecampoliving.com\/wp-content\/uploads\/2025\/11\/FN3A8691.jpg?resize=683%2C1024&#038;ssl=1\" alt=\"\" class=\"wp-image-545882\" srcset=\"https:\/\/i0.wp.com\/casadecampoliving.com\/wp-content\/uploads\/2025\/11\/FN3A8691-scaled.jpg?resize=683%2C1024&amp;ssl=1 683w, https:\/\/i0.wp.com\/casadecampoliving.com\/wp-content\/uploads\/2025\/11\/FN3A8691-scaled.jpg?resize=200%2C300&amp;ssl=1 200w, https:\/\/i0.wp.com\/casadecampoliving.com\/wp-content\/uploads\/2025\/11\/FN3A8691-scaled.jpg?resize=768%2C1152&amp;ssl=1 768w, https:\/\/i0.wp.com\/casadecampoliving.com\/wp-content\/uploads\/2025\/11\/FN3A8691-scaled.jpg?resize=1024%2C1536&amp;ssl=1 1024w, https:\/\/i0.wp.com\/casadecampoliving.com\/wp-content\/uploads\/2025\/11\/FN3A8691-scaled.jpg?resize=1365%2C2048&amp;ssl=1 1365w, https:\/\/i0.wp.com\/casadecampoliving.com\/wp-content\/uploads\/2025\/11\/FN3A8691-scaled.jpg?resize=1200%2C1800&amp;ssl=1 1200w, https:\/\/i0.wp.com\/casadecampoliving.com\/wp-content\/uploads\/2025\/11\/FN3A8691-scaled.jpg?resize=2000%2C3000&amp;ssl=1 2000w, https:\/\/i0.wp.com\/casadecampoliving.com\/wp-content\/uploads\/2025\/11\/FN3A8691-scaled.jpg?resize=780%2C1170&amp;ssl=1 780w, https:\/\/i0.wp.com\/casadecampoliving.com\/wp-content\/uploads\/2025\/11\/FN3A8691-scaled.jpg?resize=400%2C600&amp;ssl=1 400w, https:\/\/i0.wp.com\/casadecampoliving.com\/wp-content\/uploads\/2025\/11\/FN3A8691-scaled.jpg?resize=1320%2C1980&amp;ssl=1 1320w, https:\/\/i0.wp.com\/casadecampoliving.com\/wp-content\/uploads\/2025\/11\/FN3A8691-scaled.jpg?resize=150%2C225&amp;ssl=1 150w, https:\/\/i0.wp.com\/casadecampoliving.com\/wp-content\/uploads\/2025\/11\/FN3A8691-scaled.jpg?w=1706&amp;ssl=1 1706w, https:\/\/i0.wp.com\/casadecampoliving.com\/wp-content\/uploads\/2025\/11\/FN3A8691-683x1024.jpg?w=370&amp;ssl=1 370w\" sizes=\"auto, (max-width: 683px) 100vw, 683px\" \/><\/figure>\n\n\n\n<figure class=\"wp-block-image size-large\"><img data-recalc-dims=\"1\" loading=\"lazy\" decoding=\"async\" width=\"1024\" height=\"683\" data-attachment-id=\"545900\" data-permalink=\"https:\/\/casadecampoliving.com\/es\/concluye-con-exito-tercera-edicion-de-alma-casa-de-campo\/fn3a8734\/\" data-orig-file=\"https:\/\/i0.wp.com\/casadecampoliving.com\/wp-content\/uploads\/2025\/11\/FN3A8734-scaled.jpg?fit=2560%2C1706&amp;ssl=1\" data-orig-size=\"2560,1706\" data-comments-opened=\"0\" data-image-meta=\"{&quot;aperture&quot;:&quot;0&quot;,&quot;credit&quot;:&quot;&quot;,&quot;camera&quot;:&quot;&quot;,&quot;caption&quot;:&quot;&quot;,&quot;created_timestamp&quot;:&quot;0&quot;,&quot;copyright&quot;:&quot;&quot;,&quot;focal_length&quot;:&quot;0&quot;,&quot;iso&quot;:&quot;0&quot;,&quot;shutter_speed&quot;:&quot;0&quot;,&quot;title&quot;:&quot;&quot;,&quot;orientation&quot;:&quot;0&quot;}\" data-image-title=\"FN3A8734\" data-image-description=\"\" data-image-caption=\"\" data-large-file=\"https:\/\/i0.wp.com\/casadecampoliving.com\/wp-content\/uploads\/2025\/11\/FN3A8734-scaled.jpg?fit=1024%2C683&amp;ssl=1\" data-id=\"545900\" src=\"https:\/\/i0.wp.com\/casadecampoliving.com\/wp-content\/uploads\/2025\/11\/FN3A8734.jpg?resize=1024%2C683&#038;ssl=1\" alt=\"\" class=\"wp-image-545900\" srcset=\"https:\/\/i0.wp.com\/casadecampoliving.com\/wp-content\/uploads\/2025\/11\/FN3A8734-scaled.jpg?resize=1024%2C683&amp;ssl=1 1024w, https:\/\/i0.wp.com\/casadecampoliving.com\/wp-content\/uploads\/2025\/11\/FN3A8734-scaled.jpg?resize=300%2C200&amp;ssl=1 300w, https:\/\/i0.wp.com\/casadecampoliving.com\/wp-content\/uploads\/2025\/11\/FN3A8734-scaled.jpg?resize=768%2C512&amp;ssl=1 768w, https:\/\/i0.wp.com\/casadecampoliving.com\/wp-content\/uploads\/2025\/11\/FN3A8734-scaled.jpg?resize=1536%2C1024&amp;ssl=1 1536w, https:\/\/i0.wp.com\/casadecampoliving.com\/wp-content\/uploads\/2025\/11\/FN3A8734-scaled.jpg?resize=2048%2C1365&amp;ssl=1 2048w, https:\/\/i0.wp.com\/casadecampoliving.com\/wp-content\/uploads\/2025\/11\/FN3A8734-scaled.jpg?resize=1200%2C800&amp;ssl=1 1200w, https:\/\/i0.wp.com\/casadecampoliving.com\/wp-content\/uploads\/2025\/11\/FN3A8734-scaled.jpg?resize=2000%2C1333&amp;ssl=1 2000w, https:\/\/i0.wp.com\/casadecampoliving.com\/wp-content\/uploads\/2025\/11\/FN3A8734-scaled.jpg?resize=780%2C520&amp;ssl=1 780w, https:\/\/i0.wp.com\/casadecampoliving.com\/wp-content\/uploads\/2025\/11\/FN3A8734-scaled.jpg?resize=400%2C267&amp;ssl=1 400w, https:\/\/i0.wp.com\/casadecampoliving.com\/wp-content\/uploads\/2025\/11\/FN3A8734-scaled.jpg?resize=1320%2C880&amp;ssl=1 1320w, https:\/\/i0.wp.com\/casadecampoliving.com\/wp-content\/uploads\/2025\/11\/FN3A8734-scaled.jpg?resize=150%2C100&amp;ssl=1 150w, https:\/\/i0.wp.com\/casadecampoliving.com\/wp-content\/uploads\/2025\/11\/FN3A8734-1024x683.jpg?w=370&amp;ssl=1 370w\" sizes=\"auto, (max-width: 1000px) 100vw, 1000px\" \/><\/figure>\n\n\n\n<figure class=\"wp-block-image size-large\"><img data-recalc-dims=\"1\" loading=\"lazy\" decoding=\"async\" width=\"1024\" height=\"683\" data-attachment-id=\"545847\" data-permalink=\"https:\/\/casadecampoliving.com\/es\/concluye-con-exito-tercera-edicion-de-alma-casa-de-campo\/fn3a8752\/\" data-orig-file=\"https:\/\/i0.wp.com\/casadecampoliving.com\/wp-content\/uploads\/2025\/11\/FN3A8752-scaled.jpg?fit=2560%2C1706&amp;ssl=1\" data-orig-size=\"2560,1706\" data-comments-opened=\"0\" data-image-meta=\"{&quot;aperture&quot;:&quot;0&quot;,&quot;credit&quot;:&quot;&quot;,&quot;camera&quot;:&quot;&quot;,&quot;caption&quot;:&quot;&quot;,&quot;created_timestamp&quot;:&quot;0&quot;,&quot;copyright&quot;:&quot;&quot;,&quot;focal_length&quot;:&quot;0&quot;,&quot;iso&quot;:&quot;0&quot;,&quot;shutter_speed&quot;:&quot;0&quot;,&quot;title&quot;:&quot;&quot;,&quot;orientation&quot;:&quot;0&quot;}\" data-image-title=\"FN3A8752\" data-image-description=\"\" data-image-caption=\"\" data-large-file=\"https:\/\/i0.wp.com\/casadecampoliving.com\/wp-content\/uploads\/2025\/11\/FN3A8752-scaled.jpg?fit=1024%2C683&amp;ssl=1\" data-id=\"545847\" src=\"https:\/\/i0.wp.com\/casadecampoliving.com\/wp-content\/uploads\/2025\/11\/FN3A8752.jpg?resize=1024%2C683&#038;ssl=1\" alt=\"\" class=\"wp-image-545847\" srcset=\"https:\/\/i0.wp.com\/casadecampoliving.com\/wp-content\/uploads\/2025\/11\/FN3A8752-scaled.jpg?resize=1024%2C683&amp;ssl=1 1024w, https:\/\/i0.wp.com\/casadecampoliving.com\/wp-content\/uploads\/2025\/11\/FN3A8752-scaled.jpg?resize=300%2C200&amp;ssl=1 300w, https:\/\/i0.wp.com\/casadecampoliving.com\/wp-content\/uploads\/2025\/11\/FN3A8752-scaled.jpg?resize=768%2C512&amp;ssl=1 768w, https:\/\/i0.wp.com\/casadecampoliving.com\/wp-content\/uploads\/2025\/11\/FN3A8752-scaled.jpg?resize=1536%2C1024&amp;ssl=1 1536w, https:\/\/i0.wp.com\/casadecampoliving.com\/wp-content\/uploads\/2025\/11\/FN3A8752-scaled.jpg?resize=2048%2C1365&amp;ssl=1 2048w, https:\/\/i0.wp.com\/casadecampoliving.com\/wp-content\/uploads\/2025\/11\/FN3A8752-scaled.jpg?resize=1200%2C800&amp;ssl=1 1200w, https:\/\/i0.wp.com\/casadecampoliving.com\/wp-content\/uploads\/2025\/11\/FN3A8752-scaled.jpg?resize=2000%2C1333&amp;ssl=1 2000w, https:\/\/i0.wp.com\/casadecampoliving.com\/wp-content\/uploads\/2025\/11\/FN3A8752-scaled.jpg?resize=780%2C520&amp;ssl=1 780w, https:\/\/i0.wp.com\/casadecampoliving.com\/wp-content\/uploads\/2025\/11\/FN3A8752-scaled.jpg?resize=400%2C267&amp;ssl=1 400w, https:\/\/i0.wp.com\/casadecampoliving.com\/wp-content\/uploads\/2025\/11\/FN3A8752-scaled.jpg?resize=1320%2C880&amp;ssl=1 1320w, https:\/\/i0.wp.com\/casadecampoliving.com\/wp-content\/uploads\/2025\/11\/FN3A8752-scaled.jpg?resize=150%2C100&amp;ssl=1 150w, https:\/\/i0.wp.com\/casadecampoliving.com\/wp-content\/uploads\/2025\/11\/FN3A8752-1024x683.jpg?w=370&amp;ssl=1 370w\" sizes=\"auto, (max-width: 1000px) 100vw, 1000px\" \/><\/figure>\n\n\n\n<figure class=\"wp-block-image size-large\"><img data-recalc-dims=\"1\" loading=\"lazy\" decoding=\"async\" width=\"1024\" height=\"683\" data-attachment-id=\"545859\" data-permalink=\"https:\/\/casadecampoliving.com\/es\/concluye-con-exito-tercera-edicion-de-alma-casa-de-campo\/fn3a8760\/\" data-orig-file=\"https:\/\/i0.wp.com\/casadecampoliving.com\/wp-content\/uploads\/2025\/11\/FN3A8760-scaled.jpg?fit=2560%2C1706&amp;ssl=1\" data-orig-size=\"2560,1706\" data-comments-opened=\"0\" data-image-meta=\"{&quot;aperture&quot;:&quot;0&quot;,&quot;credit&quot;:&quot;&quot;,&quot;camera&quot;:&quot;&quot;,&quot;caption&quot;:&quot;&quot;,&quot;created_timestamp&quot;:&quot;0&quot;,&quot;copyright&quot;:&quot;&quot;,&quot;focal_length&quot;:&quot;0&quot;,&quot;iso&quot;:&quot;0&quot;,&quot;shutter_speed&quot;:&quot;0&quot;,&quot;title&quot;:&quot;&quot;,&quot;orientation&quot;:&quot;0&quot;}\" data-image-title=\"FN3A8760\" data-image-description=\"\" data-image-caption=\"\" data-large-file=\"https:\/\/i0.wp.com\/casadecampoliving.com\/wp-content\/uploads\/2025\/11\/FN3A8760-scaled.jpg?fit=1024%2C683&amp;ssl=1\" data-id=\"545859\" src=\"https:\/\/i0.wp.com\/casadecampoliving.com\/wp-content\/uploads\/2025\/11\/FN3A8760.jpg?resize=1024%2C683&#038;ssl=1\" alt=\"\" class=\"wp-image-545859\" srcset=\"https:\/\/i0.wp.com\/casadecampoliving.com\/wp-content\/uploads\/2025\/11\/FN3A8760-scaled.jpg?resize=1024%2C683&amp;ssl=1 1024w, https:\/\/i0.wp.com\/casadecampoliving.com\/wp-content\/uploads\/2025\/11\/FN3A8760-scaled.jpg?resize=300%2C200&amp;ssl=1 300w, https:\/\/i0.wp.com\/casadecampoliving.com\/wp-content\/uploads\/2025\/11\/FN3A8760-scaled.jpg?resize=768%2C512&amp;ssl=1 768w, https:\/\/i0.wp.com\/casadecampoliving.com\/wp-content\/uploads\/2025\/11\/FN3A8760-scaled.jpg?resize=1536%2C1024&amp;ssl=1 1536w, https:\/\/i0.wp.com\/casadecampoliving.com\/wp-content\/uploads\/2025\/11\/FN3A8760-scaled.jpg?resize=2048%2C1365&amp;ssl=1 2048w, https:\/\/i0.wp.com\/casadecampoliving.com\/wp-content\/uploads\/2025\/11\/FN3A8760-scaled.jpg?resize=1200%2C800&amp;ssl=1 1200w, https:\/\/i0.wp.com\/casadecampoliving.com\/wp-content\/uploads\/2025\/11\/FN3A8760-scaled.jpg?resize=2000%2C1333&amp;ssl=1 2000w, https:\/\/i0.wp.com\/casadecampoliving.com\/wp-content\/uploads\/2025\/11\/FN3A8760-scaled.jpg?resize=780%2C520&amp;ssl=1 780w, https:\/\/i0.wp.com\/casadecampoliving.com\/wp-content\/uploads\/2025\/11\/FN3A8760-scaled.jpg?resize=400%2C267&amp;ssl=1 400w, https:\/\/i0.wp.com\/casadecampoliving.com\/wp-content\/uploads\/2025\/11\/FN3A8760-scaled.jpg?resize=1320%2C880&amp;ssl=1 1320w, https:\/\/i0.wp.com\/casadecampoliving.com\/wp-content\/uploads\/2025\/11\/FN3A8760-scaled.jpg?resize=150%2C100&amp;ssl=1 150w, https:\/\/i0.wp.com\/casadecampoliving.com\/wp-content\/uploads\/2025\/11\/FN3A8760-1024x683.jpg?w=370&amp;ssl=1 370w\" sizes=\"auto, (max-width: 1000px) 100vw, 1000px\" \/><\/figure>\n\n\n\n<figure class=\"wp-block-image size-large\"><img data-recalc-dims=\"1\" loading=\"lazy\" decoding=\"async\" width=\"683\" height=\"1024\" data-attachment-id=\"545880\" data-permalink=\"https:\/\/casadecampoliving.com\/es\/concluye-con-exito-tercera-edicion-de-alma-casa-de-campo\/francesca-gianfranco-y-nicola-fini\/\" data-orig-file=\"https:\/\/i0.wp.com\/casadecampoliving.com\/wp-content\/uploads\/2025\/11\/Francesca-Gianfranco-y-Nicola-Fini-scaled.jpg?fit=1706%2C2560&amp;ssl=1\" data-orig-size=\"1706,2560\" data-comments-opened=\"0\" data-image-meta=\"{&quot;aperture&quot;:&quot;0&quot;,&quot;credit&quot;:&quot;&quot;,&quot;camera&quot;:&quot;&quot;,&quot;caption&quot;:&quot;&quot;,&quot;created_timestamp&quot;:&quot;0&quot;,&quot;copyright&quot;:&quot;&quot;,&quot;focal_length&quot;:&quot;0&quot;,&quot;iso&quot;:&quot;0&quot;,&quot;shutter_speed&quot;:&quot;0&quot;,&quot;title&quot;:&quot;&quot;,&quot;orientation&quot;:&quot;0&quot;}\" data-image-title=\"Francesca, Gianfranco y Nicola Fini\" data-image-description=\"\" data-image-caption=\"\" data-large-file=\"https:\/\/i0.wp.com\/casadecampoliving.com\/wp-content\/uploads\/2025\/11\/Francesca-Gianfranco-y-Nicola-Fini-scaled.jpg?fit=683%2C1024&amp;ssl=1\" data-id=\"545880\" src=\"https:\/\/i0.wp.com\/casadecampoliving.com\/wp-content\/uploads\/2025\/11\/Francesca-Gianfranco-y-Nicola-Fini.jpg?resize=683%2C1024&#038;ssl=1\" alt=\"\" class=\"wp-image-545880\" srcset=\"https:\/\/i0.wp.com\/casadecampoliving.com\/wp-content\/uploads\/2025\/11\/Francesca-Gianfranco-y-Nicola-Fini-scaled.jpg?resize=683%2C1024&amp;ssl=1 683w, https:\/\/i0.wp.com\/casadecampoliving.com\/wp-content\/uploads\/2025\/11\/Francesca-Gianfranco-y-Nicola-Fini-scaled.jpg?resize=200%2C300&amp;ssl=1 200w, https:\/\/i0.wp.com\/casadecampoliving.com\/wp-content\/uploads\/2025\/11\/Francesca-Gianfranco-y-Nicola-Fini-scaled.jpg?resize=768%2C1152&amp;ssl=1 768w, https:\/\/i0.wp.com\/casadecampoliving.com\/wp-content\/uploads\/2025\/11\/Francesca-Gianfranco-y-Nicola-Fini-scaled.jpg?resize=1024%2C1536&amp;ssl=1 1024w, https:\/\/i0.wp.com\/casadecampoliving.com\/wp-content\/uploads\/2025\/11\/Francesca-Gianfranco-y-Nicola-Fini-scaled.jpg?resize=1365%2C2048&amp;ssl=1 1365w, https:\/\/i0.wp.com\/casadecampoliving.com\/wp-content\/uploads\/2025\/11\/Francesca-Gianfranco-y-Nicola-Fini-scaled.jpg?resize=1200%2C1800&amp;ssl=1 1200w, https:\/\/i0.wp.com\/casadecampoliving.com\/wp-content\/uploads\/2025\/11\/Francesca-Gianfranco-y-Nicola-Fini-scaled.jpg?resize=2000%2C3000&amp;ssl=1 2000w, https:\/\/i0.wp.com\/casadecampoliving.com\/wp-content\/uploads\/2025\/11\/Francesca-Gianfranco-y-Nicola-Fini-scaled.jpg?resize=780%2C1170&amp;ssl=1 780w, https:\/\/i0.wp.com\/casadecampoliving.com\/wp-content\/uploads\/2025\/11\/Francesca-Gianfranco-y-Nicola-Fini-scaled.jpg?resize=400%2C600&amp;ssl=1 400w, https:\/\/i0.wp.com\/casadecampoliving.com\/wp-content\/uploads\/2025\/11\/Francesca-Gianfranco-y-Nicola-Fini-scaled.jpg?resize=1320%2C1980&amp;ssl=1 1320w, https:\/\/i0.wp.com\/casadecampoliving.com\/wp-content\/uploads\/2025\/11\/Francesca-Gianfranco-y-Nicola-Fini-scaled.jpg?resize=150%2C225&amp;ssl=1 150w, https:\/\/i0.wp.com\/casadecampoliving.com\/wp-content\/uploads\/2025\/11\/Francesca-Gianfranco-y-Nicola-Fini-scaled.jpg?w=1706&amp;ssl=1 1706w, https:\/\/i0.wp.com\/casadecampoliving.com\/wp-content\/uploads\/2025\/11\/Francesca-Gianfranco-y-Nicola-Fini-683x1024.jpg?w=370&amp;ssl=1 370w\" sizes=\"auto, (max-width: 683px) 100vw, 683px\" \/><\/figure>\n\n\n\n<figure class=\"wp-block-image size-large\"><img data-recalc-dims=\"1\" loading=\"lazy\" decoding=\"async\" width=\"683\" height=\"1024\" data-attachment-id=\"545841\" data-permalink=\"https:\/\/casadecampoliving.com\/es\/concluye-con-exito-tercera-edicion-de-alma-casa-de-campo\/gabriella-reginato-luis-emilio-rodriguez\/\" data-orig-file=\"https:\/\/i0.wp.com\/casadecampoliving.com\/wp-content\/uploads\/2025\/11\/Gabriella-Reginato-Luis-Emilio-Rodriguez-scaled.jpg?fit=1706%2C2560&amp;ssl=1\" data-orig-size=\"1706,2560\" data-comments-opened=\"0\" data-image-meta=\"{&quot;aperture&quot;:&quot;0&quot;,&quot;credit&quot;:&quot;&quot;,&quot;camera&quot;:&quot;&quot;,&quot;caption&quot;:&quot;&quot;,&quot;created_timestamp&quot;:&quot;0&quot;,&quot;copyright&quot;:&quot;&quot;,&quot;focal_length&quot;:&quot;0&quot;,&quot;iso&quot;:&quot;0&quot;,&quot;shutter_speed&quot;:&quot;0&quot;,&quot;title&quot;:&quot;&quot;,&quot;orientation&quot;:&quot;0&quot;}\" data-image-title=\"Gabriella Reginato, Luis Emilio Rodriguez\" data-image-description=\"\" data-image-caption=\"\" data-large-file=\"https:\/\/i0.wp.com\/casadecampoliving.com\/wp-content\/uploads\/2025\/11\/Gabriella-Reginato-Luis-Emilio-Rodriguez-scaled.jpg?fit=683%2C1024&amp;ssl=1\" data-id=\"545841\" src=\"https:\/\/i0.wp.com\/casadecampoliving.com\/wp-content\/uploads\/2025\/11\/Gabriella-Reginato-Luis-Emilio-Rodriguez.jpg?resize=683%2C1024&#038;ssl=1\" alt=\"\" class=\"wp-image-545841\" srcset=\"https:\/\/i0.wp.com\/casadecampoliving.com\/wp-content\/uploads\/2025\/11\/Gabriella-Reginato-Luis-Emilio-Rodriguez-scaled.jpg?resize=683%2C1024&amp;ssl=1 683w, https:\/\/i0.wp.com\/casadecampoliving.com\/wp-content\/uploads\/2025\/11\/Gabriella-Reginato-Luis-Emilio-Rodriguez-scaled.jpg?resize=200%2C300&amp;ssl=1 200w, https:\/\/i0.wp.com\/casadecampoliving.com\/wp-content\/uploads\/2025\/11\/Gabriella-Reginato-Luis-Emilio-Rodriguez-scaled.jpg?resize=768%2C1152&amp;ssl=1 768w, https:\/\/i0.wp.com\/casadecampoliving.com\/wp-content\/uploads\/2025\/11\/Gabriella-Reginato-Luis-Emilio-Rodriguez-scaled.jpg?resize=1024%2C1536&amp;ssl=1 1024w, https:\/\/i0.wp.com\/casadecampoliving.com\/wp-content\/uploads\/2025\/11\/Gabriella-Reginato-Luis-Emilio-Rodriguez-scaled.jpg?resize=1365%2C2048&amp;ssl=1 1365w, https:\/\/i0.wp.com\/casadecampoliving.com\/wp-content\/uploads\/2025\/11\/Gabriella-Reginato-Luis-Emilio-Rodriguez-scaled.jpg?resize=1200%2C1800&amp;ssl=1 1200w, https:\/\/i0.wp.com\/casadecampoliving.com\/wp-content\/uploads\/2025\/11\/Gabriella-Reginato-Luis-Emilio-Rodriguez-scaled.jpg?resize=2000%2C3000&amp;ssl=1 2000w, https:\/\/i0.wp.com\/casadecampoliving.com\/wp-content\/uploads\/2025\/11\/Gabriella-Reginato-Luis-Emilio-Rodriguez-scaled.jpg?resize=780%2C1170&amp;ssl=1 780w, https:\/\/i0.wp.com\/casadecampoliving.com\/wp-content\/uploads\/2025\/11\/Gabriella-Reginato-Luis-Emilio-Rodriguez-scaled.jpg?resize=400%2C600&amp;ssl=1 400w, https:\/\/i0.wp.com\/casadecampoliving.com\/wp-content\/uploads\/2025\/11\/Gabriella-Reginato-Luis-Emilio-Rodriguez-scaled.jpg?resize=1320%2C1980&amp;ssl=1 1320w, https:\/\/i0.wp.com\/casadecampoliving.com\/wp-content\/uploads\/2025\/11\/Gabriella-Reginato-Luis-Emilio-Rodriguez-scaled.jpg?resize=150%2C225&amp;ssl=1 150w, https:\/\/i0.wp.com\/casadecampoliving.com\/wp-content\/uploads\/2025\/11\/Gabriella-Reginato-Luis-Emilio-Rodriguez-scaled.jpg?w=1706&amp;ssl=1 1706w, https:\/\/i0.wp.com\/casadecampoliving.com\/wp-content\/uploads\/2025\/11\/Gabriella-Reginato-Luis-Emilio-Rodriguez-683x1024.jpg?w=370&amp;ssl=1 370w\" sizes=\"auto, (max-width: 683px) 100vw, 683px\" \/><\/figure>\n\n\n\n<figure class=\"wp-block-image size-large\"><img data-recalc-dims=\"1\" loading=\"lazy\" decoding=\"async\" width=\"683\" height=\"1024\" data-attachment-id=\"545948\" data-permalink=\"https:\/\/casadecampoliving.com\/es\/concluye-con-exito-tercera-edicion-de-alma-casa-de-campo\/guillermo-y-malele-strofer\/\" data-orig-file=\"https:\/\/i0.wp.com\/casadecampoliving.com\/wp-content\/uploads\/2025\/11\/Guillermo-y-Malele-Strofer-scaled.jpg?fit=1706%2C2560&amp;ssl=1\" data-orig-size=\"1706,2560\" data-comments-opened=\"0\" data-image-meta=\"{&quot;aperture&quot;:&quot;0&quot;,&quot;credit&quot;:&quot;&quot;,&quot;camera&quot;:&quot;&quot;,&quot;caption&quot;:&quot;&quot;,&quot;created_timestamp&quot;:&quot;0&quot;,&quot;copyright&quot;:&quot;&quot;,&quot;focal_length&quot;:&quot;0&quot;,&quot;iso&quot;:&quot;0&quot;,&quot;shutter_speed&quot;:&quot;0&quot;,&quot;title&quot;:&quot;&quot;,&quot;orientation&quot;:&quot;0&quot;}\" data-image-title=\"Guillermo y Malele Strofer\" data-image-description=\"\" data-image-caption=\"\" data-large-file=\"https:\/\/i0.wp.com\/casadecampoliving.com\/wp-content\/uploads\/2025\/11\/Guillermo-y-Malele-Strofer-scaled.jpg?fit=683%2C1024&amp;ssl=1\" data-id=\"545948\" src=\"https:\/\/i0.wp.com\/casadecampoliving.com\/wp-content\/uploads\/2025\/11\/Guillermo-y-Malele-Strofer.jpg?resize=683%2C1024&#038;ssl=1\" alt=\"\" class=\"wp-image-545948\" srcset=\"https:\/\/i0.wp.com\/casadecampoliving.com\/wp-content\/uploads\/2025\/11\/Guillermo-y-Malele-Strofer-scaled.jpg?resize=683%2C1024&amp;ssl=1 683w, https:\/\/i0.wp.com\/casadecampoliving.com\/wp-content\/uploads\/2025\/11\/Guillermo-y-Malele-Strofer-scaled.jpg?resize=200%2C300&amp;ssl=1 200w, https:\/\/i0.wp.com\/casadecampoliving.com\/wp-content\/uploads\/2025\/11\/Guillermo-y-Malele-Strofer-scaled.jpg?resize=768%2C1152&amp;ssl=1 768w, https:\/\/i0.wp.com\/casadecampoliving.com\/wp-content\/uploads\/2025\/11\/Guillermo-y-Malele-Strofer-scaled.jpg?resize=1024%2C1536&amp;ssl=1 1024w, https:\/\/i0.wp.com\/casadecampoliving.com\/wp-content\/uploads\/2025\/11\/Guillermo-y-Malele-Strofer-scaled.jpg?resize=1365%2C2048&amp;ssl=1 1365w, https:\/\/i0.wp.com\/casadecampoliving.com\/wp-content\/uploads\/2025\/11\/Guillermo-y-Malele-Strofer-scaled.jpg?resize=1200%2C1800&amp;ssl=1 1200w, https:\/\/i0.wp.com\/casadecampoliving.com\/wp-content\/uploads\/2025\/11\/Guillermo-y-Malele-Strofer-scaled.jpg?resize=2000%2C3000&amp;ssl=1 2000w, https:\/\/i0.wp.com\/casadecampoliving.com\/wp-content\/uploads\/2025\/11\/Guillermo-y-Malele-Strofer-scaled.jpg?resize=780%2C1170&amp;ssl=1 780w, https:\/\/i0.wp.com\/casadecampoliving.com\/wp-content\/uploads\/2025\/11\/Guillermo-y-Malele-Strofer-scaled.jpg?resize=400%2C600&amp;ssl=1 400w, https:\/\/i0.wp.com\/casadecampoliving.com\/wp-content\/uploads\/2025\/11\/Guillermo-y-Malele-Strofer-scaled.jpg?resize=1320%2C1980&amp;ssl=1 1320w, https:\/\/i0.wp.com\/casadecampoliving.com\/wp-content\/uploads\/2025\/11\/Guillermo-y-Malele-Strofer-scaled.jpg?resize=150%2C225&amp;ssl=1 150w, https:\/\/i0.wp.com\/casadecampoliving.com\/wp-content\/uploads\/2025\/11\/Guillermo-y-Malele-Strofer-scaled.jpg?w=1706&amp;ssl=1 1706w, https:\/\/i0.wp.com\/casadecampoliving.com\/wp-content\/uploads\/2025\/11\/Guillermo-y-Malele-Strofer-683x1024.jpg?w=370&amp;ssl=1 370w\" sizes=\"auto, (max-width: 683px) 100vw, 683px\" \/><\/figure>\n\n\n\n<figure class=\"wp-block-image size-large\"><img data-recalc-dims=\"1\" loading=\"lazy\" decoding=\"async\" width=\"683\" height=\"1024\" data-attachment-id=\"545928\" data-permalink=\"https:\/\/casadecampoliving.com\/es\/concluye-con-exito-tercera-edicion-de-alma-casa-de-campo\/hugo-vailanti-cristina-rovira-cesar-sanz\/\" data-orig-file=\"https:\/\/i0.wp.com\/casadecampoliving.com\/wp-content\/uploads\/2025\/11\/Hugo-Vailanti-Cristina-Rovira-Cesar-Sanz-scaled.jpg?fit=1706%2C2560&amp;ssl=1\" data-orig-size=\"1706,2560\" data-comments-opened=\"0\" data-image-meta=\"{&quot;aperture&quot;:&quot;0&quot;,&quot;credit&quot;:&quot;&quot;,&quot;camera&quot;:&quot;&quot;,&quot;caption&quot;:&quot;&quot;,&quot;created_timestamp&quot;:&quot;0&quot;,&quot;copyright&quot;:&quot;&quot;,&quot;focal_length&quot;:&quot;0&quot;,&quot;iso&quot;:&quot;0&quot;,&quot;shutter_speed&quot;:&quot;0&quot;,&quot;title&quot;:&quot;&quot;,&quot;orientation&quot;:&quot;0&quot;}\" data-image-title=\"Hugo Vailanti, Cristina Rovira, Cesar Sanz\" data-image-description=\"\" data-image-caption=\"\" data-large-file=\"https:\/\/i0.wp.com\/casadecampoliving.com\/wp-content\/uploads\/2025\/11\/Hugo-Vailanti-Cristina-Rovira-Cesar-Sanz-scaled.jpg?fit=683%2C1024&amp;ssl=1\" data-id=\"545928\" src=\"https:\/\/i0.wp.com\/casadecampoliving.com\/wp-content\/uploads\/2025\/11\/Hugo-Vailanti-Cristina-Rovira-Cesar-Sanz.jpg?resize=683%2C1024&#038;ssl=1\" alt=\"\" class=\"wp-image-545928\" srcset=\"https:\/\/i0.wp.com\/casadecampoliving.com\/wp-content\/uploads\/2025\/11\/Hugo-Vailanti-Cristina-Rovira-Cesar-Sanz-scaled.jpg?resize=683%2C1024&amp;ssl=1 683w, https:\/\/i0.wp.com\/casadecampoliving.com\/wp-content\/uploads\/2025\/11\/Hugo-Vailanti-Cristina-Rovira-Cesar-Sanz-scaled.jpg?resize=200%2C300&amp;ssl=1 200w, https:\/\/i0.wp.com\/casadecampoliving.com\/wp-content\/uploads\/2025\/11\/Hugo-Vailanti-Cristina-Rovira-Cesar-Sanz-scaled.jpg?resize=768%2C1152&amp;ssl=1 768w, https:\/\/i0.wp.com\/casadecampoliving.com\/wp-content\/uploads\/2025\/11\/Hugo-Vailanti-Cristina-Rovira-Cesar-Sanz-scaled.jpg?resize=1024%2C1536&amp;ssl=1 1024w, https:\/\/i0.wp.com\/casadecampoliving.com\/wp-content\/uploads\/2025\/11\/Hugo-Vailanti-Cristina-Rovira-Cesar-Sanz-scaled.jpg?resize=1365%2C2048&amp;ssl=1 1365w, https:\/\/i0.wp.com\/casadecampoliving.com\/wp-content\/uploads\/2025\/11\/Hugo-Vailanti-Cristina-Rovira-Cesar-Sanz-scaled.jpg?resize=1200%2C1800&amp;ssl=1 1200w, https:\/\/i0.wp.com\/casadecampoliving.com\/wp-content\/uploads\/2025\/11\/Hugo-Vailanti-Cristina-Rovira-Cesar-Sanz-scaled.jpg?resize=2000%2C3000&amp;ssl=1 2000w, https:\/\/i0.wp.com\/casadecampoliving.com\/wp-content\/uploads\/2025\/11\/Hugo-Vailanti-Cristina-Rovira-Cesar-Sanz-scaled.jpg?resize=780%2C1170&amp;ssl=1 780w, https:\/\/i0.wp.com\/casadecampoliving.com\/wp-content\/uploads\/2025\/11\/Hugo-Vailanti-Cristina-Rovira-Cesar-Sanz-scaled.jpg?resize=400%2C600&amp;ssl=1 400w, https:\/\/i0.wp.com\/casadecampoliving.com\/wp-content\/uploads\/2025\/11\/Hugo-Vailanti-Cristina-Rovira-Cesar-Sanz-scaled.jpg?resize=1320%2C1980&amp;ssl=1 1320w, https:\/\/i0.wp.com\/casadecampoliving.com\/wp-content\/uploads\/2025\/11\/Hugo-Vailanti-Cristina-Rovira-Cesar-Sanz-scaled.jpg?resize=150%2C225&amp;ssl=1 150w, https:\/\/i0.wp.com\/casadecampoliving.com\/wp-content\/uploads\/2025\/11\/Hugo-Vailanti-Cristina-Rovira-Cesar-Sanz-scaled.jpg?w=1706&amp;ssl=1 1706w, https:\/\/i0.wp.com\/casadecampoliving.com\/wp-content\/uploads\/2025\/11\/Hugo-Vailanti-Cristina-Rovira-Cesar-Sanz-683x1024.jpg?w=370&amp;ssl=1 370w\" sizes=\"auto, (max-width: 683px) 100vw, 683px\" \/><\/figure>\n\n\n\n<figure class=\"wp-block-image size-large\"><img data-recalc-dims=\"1\" loading=\"lazy\" decoding=\"async\" width=\"683\" height=\"1024\" data-attachment-id=\"545886\" data-permalink=\"https:\/\/casadecampoliving.com\/es\/concluye-con-exito-tercera-edicion-de-alma-casa-de-campo\/idarmis-y-juan-velazquez\/\" data-orig-file=\"https:\/\/i0.wp.com\/casadecampoliving.com\/wp-content\/uploads\/2025\/11\/Idarmis-y-Juan-Velazquez-scaled.jpg?fit=1706%2C2560&amp;ssl=1\" data-orig-size=\"1706,2560\" data-comments-opened=\"0\" data-image-meta=\"{&quot;aperture&quot;:&quot;0&quot;,&quot;credit&quot;:&quot;&quot;,&quot;camera&quot;:&quot;&quot;,&quot;caption&quot;:&quot;&quot;,&quot;created_timestamp&quot;:&quot;0&quot;,&quot;copyright&quot;:&quot;&quot;,&quot;focal_length&quot;:&quot;0&quot;,&quot;iso&quot;:&quot;0&quot;,&quot;shutter_speed&quot;:&quot;0&quot;,&quot;title&quot;:&quot;&quot;,&quot;orientation&quot;:&quot;0&quot;}\" data-image-title=\"Idarmis y Juan Velazquez\" data-image-description=\"\" data-image-caption=\"\" data-large-file=\"https:\/\/i0.wp.com\/casadecampoliving.com\/wp-content\/uploads\/2025\/11\/Idarmis-y-Juan-Velazquez-scaled.jpg?fit=683%2C1024&amp;ssl=1\" data-id=\"545886\" src=\"https:\/\/i0.wp.com\/casadecampoliving.com\/wp-content\/uploads\/2025\/11\/Idarmis-y-Juan-Velazquez.jpg?resize=683%2C1024&#038;ssl=1\" alt=\"\" class=\"wp-image-545886\" srcset=\"https:\/\/i0.wp.com\/casadecampoliving.com\/wp-content\/uploads\/2025\/11\/Idarmis-y-Juan-Velazquez-scaled.jpg?resize=683%2C1024&amp;ssl=1 683w, https:\/\/i0.wp.com\/casadecampoliving.com\/wp-content\/uploads\/2025\/11\/Idarmis-y-Juan-Velazquez-scaled.jpg?resize=200%2C300&amp;ssl=1 200w, https:\/\/i0.wp.com\/casadecampoliving.com\/wp-content\/uploads\/2025\/11\/Idarmis-y-Juan-Velazquez-scaled.jpg?resize=768%2C1152&amp;ssl=1 768w, https:\/\/i0.wp.com\/casadecampoliving.com\/wp-content\/uploads\/2025\/11\/Idarmis-y-Juan-Velazquez-scaled.jpg?resize=1024%2C1536&amp;ssl=1 1024w, https:\/\/i0.wp.com\/casadecampoliving.com\/wp-content\/uploads\/2025\/11\/Idarmis-y-Juan-Velazquez-scaled.jpg?resize=1365%2C2048&amp;ssl=1 1365w, https:\/\/i0.wp.com\/casadecampoliving.com\/wp-content\/uploads\/2025\/11\/Idarmis-y-Juan-Velazquez-scaled.jpg?resize=1200%2C1800&amp;ssl=1 1200w, https:\/\/i0.wp.com\/casadecampoliving.com\/wp-content\/uploads\/2025\/11\/Idarmis-y-Juan-Velazquez-scaled.jpg?resize=2000%2C3000&amp;ssl=1 2000w, https:\/\/i0.wp.com\/casadecampoliving.com\/wp-content\/uploads\/2025\/11\/Idarmis-y-Juan-Velazquez-scaled.jpg?resize=780%2C1170&amp;ssl=1 780w, https:\/\/i0.wp.com\/casadecampoliving.com\/wp-content\/uploads\/2025\/11\/Idarmis-y-Juan-Velazquez-scaled.jpg?resize=400%2C600&amp;ssl=1 400w, https:\/\/i0.wp.com\/casadecampoliving.com\/wp-content\/uploads\/2025\/11\/Idarmis-y-Juan-Velazquez-scaled.jpg?resize=1320%2C1980&amp;ssl=1 1320w, https:\/\/i0.wp.com\/casadecampoliving.com\/wp-content\/uploads\/2025\/11\/Idarmis-y-Juan-Velazquez-scaled.jpg?resize=150%2C225&amp;ssl=1 150w, https:\/\/i0.wp.com\/casadecampoliving.com\/wp-content\/uploads\/2025\/11\/Idarmis-y-Juan-Velazquez-scaled.jpg?w=1706&amp;ssl=1 1706w, https:\/\/i0.wp.com\/casadecampoliving.com\/wp-content\/uploads\/2025\/11\/Idarmis-y-Juan-Velazquez-683x1024.jpg?w=370&amp;ssl=1 370w\" sizes=\"auto, (max-width: 683px) 100vw, 683px\" \/><\/figure>\n\n\n\n<figure class=\"wp-block-image size-large\"><img data-recalc-dims=\"1\" loading=\"lazy\" decoding=\"async\" width=\"683\" height=\"1024\" data-attachment-id=\"545884\" data-permalink=\"https:\/\/casadecampoliving.com\/es\/concluye-con-exito-tercera-edicion-de-alma-casa-de-campo\/ilan-dabara-paula-rivera\/\" data-orig-file=\"https:\/\/i0.wp.com\/casadecampoliving.com\/wp-content\/uploads\/2025\/11\/Ilan-Dabara-Paula-Rivera-scaled.jpg?fit=1706%2C2560&amp;ssl=1\" data-orig-size=\"1706,2560\" data-comments-opened=\"0\" data-image-meta=\"{&quot;aperture&quot;:&quot;0&quot;,&quot;credit&quot;:&quot;&quot;,&quot;camera&quot;:&quot;&quot;,&quot;caption&quot;:&quot;&quot;,&quot;created_timestamp&quot;:&quot;0&quot;,&quot;copyright&quot;:&quot;&quot;,&quot;focal_length&quot;:&quot;0&quot;,&quot;iso&quot;:&quot;0&quot;,&quot;shutter_speed&quot;:&quot;0&quot;,&quot;title&quot;:&quot;&quot;,&quot;orientation&quot;:&quot;0&quot;}\" data-image-title=\"Ilan Dabara, Paula Rivera\" data-image-description=\"\" data-image-caption=\"\" data-large-file=\"https:\/\/i0.wp.com\/casadecampoliving.com\/wp-content\/uploads\/2025\/11\/Ilan-Dabara-Paula-Rivera-scaled.jpg?fit=683%2C1024&amp;ssl=1\" data-id=\"545884\" src=\"https:\/\/i0.wp.com\/casadecampoliving.com\/wp-content\/uploads\/2025\/11\/Ilan-Dabara-Paula-Rivera.jpg?resize=683%2C1024&#038;ssl=1\" alt=\"\" class=\"wp-image-545884\" srcset=\"https:\/\/i0.wp.com\/casadecampoliving.com\/wp-content\/uploads\/2025\/11\/Ilan-Dabara-Paula-Rivera-scaled.jpg?resize=683%2C1024&amp;ssl=1 683w, https:\/\/i0.wp.com\/casadecampoliving.com\/wp-content\/uploads\/2025\/11\/Ilan-Dabara-Paula-Rivera-scaled.jpg?resize=200%2C300&amp;ssl=1 200w, https:\/\/i0.wp.com\/casadecampoliving.com\/wp-content\/uploads\/2025\/11\/Ilan-Dabara-Paula-Rivera-scaled.jpg?resize=768%2C1152&amp;ssl=1 768w, https:\/\/i0.wp.com\/casadecampoliving.com\/wp-content\/uploads\/2025\/11\/Ilan-Dabara-Paula-Rivera-scaled.jpg?resize=1024%2C1536&amp;ssl=1 1024w, https:\/\/i0.wp.com\/casadecampoliving.com\/wp-content\/uploads\/2025\/11\/Ilan-Dabara-Paula-Rivera-scaled.jpg?resize=1365%2C2048&amp;ssl=1 1365w, https:\/\/i0.wp.com\/casadecampoliving.com\/wp-content\/uploads\/2025\/11\/Ilan-Dabara-Paula-Rivera-scaled.jpg?resize=1200%2C1800&amp;ssl=1 1200w, https:\/\/i0.wp.com\/casadecampoliving.com\/wp-content\/uploads\/2025\/11\/Ilan-Dabara-Paula-Rivera-scaled.jpg?resize=2000%2C3000&amp;ssl=1 2000w, https:\/\/i0.wp.com\/casadecampoliving.com\/wp-content\/uploads\/2025\/11\/Ilan-Dabara-Paula-Rivera-scaled.jpg?resize=780%2C1170&amp;ssl=1 780w, https:\/\/i0.wp.com\/casadecampoliving.com\/wp-content\/uploads\/2025\/11\/Ilan-Dabara-Paula-Rivera-scaled.jpg?resize=400%2C600&amp;ssl=1 400w, https:\/\/i0.wp.com\/casadecampoliving.com\/wp-content\/uploads\/2025\/11\/Ilan-Dabara-Paula-Rivera-scaled.jpg?resize=1320%2C1980&amp;ssl=1 1320w, https:\/\/i0.wp.com\/casadecampoliving.com\/wp-content\/uploads\/2025\/11\/Ilan-Dabara-Paula-Rivera-scaled.jpg?resize=150%2C225&amp;ssl=1 150w, https:\/\/i0.wp.com\/casadecampoliving.com\/wp-content\/uploads\/2025\/11\/Ilan-Dabara-Paula-Rivera-scaled.jpg?w=1706&amp;ssl=1 1706w, https:\/\/i0.wp.com\/casadecampoliving.com\/wp-content\/uploads\/2025\/11\/Ilan-Dabara-Paula-Rivera-683x1024.jpg?w=370&amp;ssl=1 370w\" sizes=\"auto, (max-width: 683px) 100vw, 683px\" \/><\/figure>\n\n\n\n<figure class=\"wp-block-image size-large\"><img data-recalc-dims=\"1\" loading=\"lazy\" decoding=\"async\" width=\"683\" height=\"1024\" data-attachment-id=\"545904\" data-permalink=\"https:\/\/casadecampoliving.com\/es\/concluye-con-exito-tercera-edicion-de-alma-casa-de-campo\/ilan-dabara-sara-munoz\/\" data-orig-file=\"https:\/\/i0.wp.com\/casadecampoliving.com\/wp-content\/uploads\/2025\/11\/Ilan-Dabara-Sara-Munoz-scaled.jpg?fit=1706%2C2560&amp;ssl=1\" data-orig-size=\"1706,2560\" data-comments-opened=\"0\" data-image-meta=\"{&quot;aperture&quot;:&quot;0&quot;,&quot;credit&quot;:&quot;&quot;,&quot;camera&quot;:&quot;&quot;,&quot;caption&quot;:&quot;&quot;,&quot;created_timestamp&quot;:&quot;0&quot;,&quot;copyright&quot;:&quot;&quot;,&quot;focal_length&quot;:&quot;0&quot;,&quot;iso&quot;:&quot;0&quot;,&quot;shutter_speed&quot;:&quot;0&quot;,&quot;title&quot;:&quot;&quot;,&quot;orientation&quot;:&quot;0&quot;}\" data-image-title=\"Ilan Dabara, Sara Mu\u00f1oz\" data-image-description=\"\" data-image-caption=\"\" data-large-file=\"https:\/\/i0.wp.com\/casadecampoliving.com\/wp-content\/uploads\/2025\/11\/Ilan-Dabara-Sara-Munoz-scaled.jpg?fit=683%2C1024&amp;ssl=1\" data-id=\"545904\" src=\"https:\/\/i0.wp.com\/casadecampoliving.com\/wp-content\/uploads\/2025\/11\/Ilan-Dabara-Sara-Munoz.jpg?resize=683%2C1024&#038;ssl=1\" alt=\"\" class=\"wp-image-545904\" srcset=\"https:\/\/i0.wp.com\/casadecampoliving.com\/wp-content\/uploads\/2025\/11\/Ilan-Dabara-Sara-Munoz-scaled.jpg?resize=683%2C1024&amp;ssl=1 683w, https:\/\/i0.wp.com\/casadecampoliving.com\/wp-content\/uploads\/2025\/11\/Ilan-Dabara-Sara-Munoz-scaled.jpg?resize=200%2C300&amp;ssl=1 200w, https:\/\/i0.wp.com\/casadecampoliving.com\/wp-content\/uploads\/2025\/11\/Ilan-Dabara-Sara-Munoz-scaled.jpg?resize=768%2C1152&amp;ssl=1 768w, https:\/\/i0.wp.com\/casadecampoliving.com\/wp-content\/uploads\/2025\/11\/Ilan-Dabara-Sara-Munoz-scaled.jpg?resize=1024%2C1536&amp;ssl=1 1024w, https:\/\/i0.wp.com\/casadecampoliving.com\/wp-content\/uploads\/2025\/11\/Ilan-Dabara-Sara-Munoz-scaled.jpg?resize=1365%2C2048&amp;ssl=1 1365w, https:\/\/i0.wp.com\/casadecampoliving.com\/wp-content\/uploads\/2025\/11\/Ilan-Dabara-Sara-Munoz-scaled.jpg?resize=1200%2C1800&amp;ssl=1 1200w, https:\/\/i0.wp.com\/casadecampoliving.com\/wp-content\/uploads\/2025\/11\/Ilan-Dabara-Sara-Munoz-scaled.jpg?resize=2000%2C3000&amp;ssl=1 2000w, https:\/\/i0.wp.com\/casadecampoliving.com\/wp-content\/uploads\/2025\/11\/Ilan-Dabara-Sara-Munoz-scaled.jpg?resize=780%2C1170&amp;ssl=1 780w, https:\/\/i0.wp.com\/casadecampoliving.com\/wp-content\/uploads\/2025\/11\/Ilan-Dabara-Sara-Munoz-scaled.jpg?resize=400%2C600&amp;ssl=1 400w, https:\/\/i0.wp.com\/casadecampoliving.com\/wp-content\/uploads\/2025\/11\/Ilan-Dabara-Sara-Munoz-scaled.jpg?resize=1320%2C1980&amp;ssl=1 1320w, https:\/\/i0.wp.com\/casadecampoliving.com\/wp-content\/uploads\/2025\/11\/Ilan-Dabara-Sara-Munoz-scaled.jpg?resize=150%2C225&amp;ssl=1 150w, https:\/\/i0.wp.com\/casadecampoliving.com\/wp-content\/uploads\/2025\/11\/Ilan-Dabara-Sara-Munoz-scaled.jpg?w=1706&amp;ssl=1 1706w, https:\/\/i0.wp.com\/casadecampoliving.com\/wp-content\/uploads\/2025\/11\/Ilan-Dabara-Sara-Munoz-683x1024.jpg?w=370&amp;ssl=1 370w\" sizes=\"auto, (max-width: 683px) 100vw, 683px\" \/><\/figure>\n\n\n\n<figure class=\"wp-block-image size-large\"><img data-recalc-dims=\"1\" loading=\"lazy\" decoding=\"async\" width=\"1024\" height=\"683\" data-attachment-id=\"545833\" data-permalink=\"https:\/\/casadecampoliving.com\/es\/concluye-con-exito-tercera-edicion-de-alma-casa-de-campo\/irene-caslini-alice-caslini-de-moriconi-2\/\" data-orig-file=\"https:\/\/i0.wp.com\/casadecampoliving.com\/wp-content\/uploads\/2025\/11\/Irene-Caslini-Alice-Caslini-de-Moriconi-1-scaled.jpg?fit=2560%2C1706&amp;ssl=1\" data-orig-size=\"2560,1706\" data-comments-opened=\"0\" data-image-meta=\"{&quot;aperture&quot;:&quot;0&quot;,&quot;credit&quot;:&quot;&quot;,&quot;camera&quot;:&quot;&quot;,&quot;caption&quot;:&quot;&quot;,&quot;created_timestamp&quot;:&quot;0&quot;,&quot;copyright&quot;:&quot;&quot;,&quot;focal_length&quot;:&quot;0&quot;,&quot;iso&quot;:&quot;0&quot;,&quot;shutter_speed&quot;:&quot;0&quot;,&quot;title&quot;:&quot;&quot;,&quot;orientation&quot;:&quot;0&quot;}\" data-image-title=\"Irene Caslini, Alice Caslini de Moriconi\" data-image-description=\"\" data-image-caption=\"\" data-large-file=\"https:\/\/i0.wp.com\/casadecampoliving.com\/wp-content\/uploads\/2025\/11\/Irene-Caslini-Alice-Caslini-de-Moriconi-1-scaled.jpg?fit=1024%2C683&amp;ssl=1\" data-id=\"545833\" src=\"https:\/\/i0.wp.com\/casadecampoliving.com\/wp-content\/uploads\/2025\/11\/Irene-Caslini-Alice-Caslini-de-Moriconi-1.jpg?resize=1024%2C683&#038;ssl=1\" alt=\"\" class=\"wp-image-545833\" srcset=\"https:\/\/i0.wp.com\/casadecampoliving.com\/wp-content\/uploads\/2025\/11\/Irene-Caslini-Alice-Caslini-de-Moriconi-1-scaled.jpg?resize=1024%2C683&amp;ssl=1 1024w, https:\/\/i0.wp.com\/casadecampoliving.com\/wp-content\/uploads\/2025\/11\/Irene-Caslini-Alice-Caslini-de-Moriconi-1-scaled.jpg?resize=300%2C200&amp;ssl=1 300w, https:\/\/i0.wp.com\/casadecampoliving.com\/wp-content\/uploads\/2025\/11\/Irene-Caslini-Alice-Caslini-de-Moriconi-1-scaled.jpg?resize=768%2C512&amp;ssl=1 768w, https:\/\/i0.wp.com\/casadecampoliving.com\/wp-content\/uploads\/2025\/11\/Irene-Caslini-Alice-Caslini-de-Moriconi-1-scaled.jpg?resize=1536%2C1024&amp;ssl=1 1536w, https:\/\/i0.wp.com\/casadecampoliving.com\/wp-content\/uploads\/2025\/11\/Irene-Caslini-Alice-Caslini-de-Moriconi-1-scaled.jpg?resize=2048%2C1365&amp;ssl=1 2048w, https:\/\/i0.wp.com\/casadecampoliving.com\/wp-content\/uploads\/2025\/11\/Irene-Caslini-Alice-Caslini-de-Moriconi-1-scaled.jpg?resize=1200%2C800&amp;ssl=1 1200w, https:\/\/i0.wp.com\/casadecampoliving.com\/wp-content\/uploads\/2025\/11\/Irene-Caslini-Alice-Caslini-de-Moriconi-1-scaled.jpg?resize=2000%2C1333&amp;ssl=1 2000w, https:\/\/i0.wp.com\/casadecampoliving.com\/wp-content\/uploads\/2025\/11\/Irene-Caslini-Alice-Caslini-de-Moriconi-1-scaled.jpg?resize=780%2C520&amp;ssl=1 780w, https:\/\/i0.wp.com\/casadecampoliving.com\/wp-content\/uploads\/2025\/11\/Irene-Caslini-Alice-Caslini-de-Moriconi-1-scaled.jpg?resize=400%2C267&amp;ssl=1 400w, https:\/\/i0.wp.com\/casadecampoliving.com\/wp-content\/uploads\/2025\/11\/Irene-Caslini-Alice-Caslini-de-Moriconi-1-scaled.jpg?resize=1320%2C880&amp;ssl=1 1320w, https:\/\/i0.wp.com\/casadecampoliving.com\/wp-content\/uploads\/2025\/11\/Irene-Caslini-Alice-Caslini-de-Moriconi-1-scaled.jpg?resize=150%2C100&amp;ssl=1 150w, https:\/\/i0.wp.com\/casadecampoliving.com\/wp-content\/uploads\/2025\/11\/Irene-Caslini-Alice-Caslini-de-Moriconi-1-1024x683.jpg?w=370&amp;ssl=1 370w\" sizes=\"auto, (max-width: 1000px) 100vw, 1000px\" \/><\/figure>\n\n\n\n<figure class=\"wp-block-image size-large\"><img data-recalc-dims=\"1\" loading=\"lazy\" decoding=\"async\" width=\"1024\" height=\"683\" data-attachment-id=\"545863\" data-permalink=\"https:\/\/casadecampoliving.com\/es\/concluye-con-exito-tercera-edicion-de-alma-casa-de-campo\/javier-longarte-cuchy-perez-susana-deleito-aguie-lendor-cesar-rodriguez-francisco-perez-menendez-3\/\" data-orig-file=\"https:\/\/i0.wp.com\/casadecampoliving.com\/wp-content\/uploads\/2025\/11\/Javier-Longarte-Cuchy-Perez-Susana-Deleito-Aguie-Lendor-Cesar-Rodriguez-Francisco-Perez-Menendez-1-scaled.jpg?fit=2560%2C1706&amp;ssl=1\" data-orig-size=\"2560,1706\" data-comments-opened=\"0\" data-image-meta=\"{&quot;aperture&quot;:&quot;0&quot;,&quot;credit&quot;:&quot;&quot;,&quot;camera&quot;:&quot;&quot;,&quot;caption&quot;:&quot;&quot;,&quot;created_timestamp&quot;:&quot;0&quot;,&quot;copyright&quot;:&quot;&quot;,&quot;focal_length&quot;:&quot;0&quot;,&quot;iso&quot;:&quot;0&quot;,&quot;shutter_speed&quot;:&quot;0&quot;,&quot;title&quot;:&quot;&quot;,&quot;orientation&quot;:&quot;0&quot;}\" data-image-title=\"Javier Longarte, Cuchy Perez, Susana Deleito, Aguie Lendor, Cesar Rodriguez, Francisco Pe\u0301rez Mene\u0301ndez\" data-image-description=\"\" data-image-caption=\"\" data-large-file=\"https:\/\/i0.wp.com\/casadecampoliving.com\/wp-content\/uploads\/2025\/11\/Javier-Longarte-Cuchy-Perez-Susana-Deleito-Aguie-Lendor-Cesar-Rodriguez-Francisco-Perez-Menendez-1-scaled.jpg?fit=1024%2C683&amp;ssl=1\" data-id=\"545863\" src=\"https:\/\/i0.wp.com\/casadecampoliving.com\/wp-content\/uploads\/2025\/11\/Javier-Longarte-Cuchy-Perez-Susana-Deleito-Aguie-Lendor-Cesar-Rodriguez-Francisco-Perez-Menendez-1.jpg?resize=1024%2C683&#038;ssl=1\" alt=\"\" class=\"wp-image-545863\" srcset=\"https:\/\/i0.wp.com\/casadecampoliving.com\/wp-content\/uploads\/2025\/11\/Javier-Longarte-Cuchy-Perez-Susana-Deleito-Aguie-Lendor-Cesar-Rodriguez-Francisco-Perez-Menendez-1-scaled.jpg?resize=1024%2C683&amp;ssl=1 1024w, https:\/\/i0.wp.com\/casadecampoliving.com\/wp-content\/uploads\/2025\/11\/Javier-Longarte-Cuchy-Perez-Susana-Deleito-Aguie-Lendor-Cesar-Rodriguez-Francisco-Perez-Menendez-1-scaled.jpg?resize=300%2C200&amp;ssl=1 300w, https:\/\/i0.wp.com\/casadecampoliving.com\/wp-content\/uploads\/2025\/11\/Javier-Longarte-Cuchy-Perez-Susana-Deleito-Aguie-Lendor-Cesar-Rodriguez-Francisco-Perez-Menendez-1-scaled.jpg?resize=768%2C512&amp;ssl=1 768w, https:\/\/i0.wp.com\/casadecampoliving.com\/wp-content\/uploads\/2025\/11\/Javier-Longarte-Cuchy-Perez-Susana-Deleito-Aguie-Lendor-Cesar-Rodriguez-Francisco-Perez-Menendez-1-scaled.jpg?resize=1536%2C1024&amp;ssl=1 1536w, https:\/\/i0.wp.com\/casadecampoliving.com\/wp-content\/uploads\/2025\/11\/Javier-Longarte-Cuchy-Perez-Susana-Deleito-Aguie-Lendor-Cesar-Rodriguez-Francisco-Perez-Menendez-1-scaled.jpg?resize=2048%2C1365&amp;ssl=1 2048w, https:\/\/i0.wp.com\/casadecampoliving.com\/wp-content\/uploads\/2025\/11\/Javier-Longarte-Cuchy-Perez-Susana-Deleito-Aguie-Lendor-Cesar-Rodriguez-Francisco-Perez-Menendez-1-scaled.jpg?resize=1200%2C800&amp;ssl=1 1200w, https:\/\/i0.wp.com\/casadecampoliving.com\/wp-content\/uploads\/2025\/11\/Javier-Longarte-Cuchy-Perez-Susana-Deleito-Aguie-Lendor-Cesar-Rodriguez-Francisco-Perez-Menendez-1-scaled.jpg?resize=2000%2C1333&amp;ssl=1 2000w, https:\/\/i0.wp.com\/casadecampoliving.com\/wp-content\/uploads\/2025\/11\/Javier-Longarte-Cuchy-Perez-Susana-Deleito-Aguie-Lendor-Cesar-Rodriguez-Francisco-Perez-Menendez-1-scaled.jpg?resize=780%2C520&amp;ssl=1 780w, https:\/\/i0.wp.com\/casadecampoliving.com\/wp-content\/uploads\/2025\/11\/Javier-Longarte-Cuchy-Perez-Susana-Deleito-Aguie-Lendor-Cesar-Rodriguez-Francisco-Perez-Menendez-1-scaled.jpg?resize=400%2C267&amp;ssl=1 400w, https:\/\/i0.wp.com\/casadecampoliving.com\/wp-content\/uploads\/2025\/11\/Javier-Longarte-Cuchy-Perez-Susana-Deleito-Aguie-Lendor-Cesar-Rodriguez-Francisco-Perez-Menendez-1-scaled.jpg?resize=1320%2C880&amp;ssl=1 1320w, https:\/\/i0.wp.com\/casadecampoliving.com\/wp-content\/uploads\/2025\/11\/Javier-Longarte-Cuchy-Perez-Susana-Deleito-Aguie-Lendor-Cesar-Rodriguez-Francisco-Perez-Menendez-1-scaled.jpg?resize=150%2C100&amp;ssl=1 150w, https:\/\/i0.wp.com\/casadecampoliving.com\/wp-content\/uploads\/2025\/11\/Javier-Longarte-Cuchy-Perez-Susana-Deleito-Aguie-Lendor-Cesar-Rodriguez-Francisco-Perez-Menendez-1-1024x683.jpg?w=370&amp;ssl=1 370w\" sizes=\"auto, (max-width: 1000px) 100vw, 1000px\" \/><\/figure>\n\n\n\n<figure class=\"wp-block-image size-large\"><img data-recalc-dims=\"1\" loading=\"lazy\" decoding=\"async\" width=\"683\" height=\"1024\" data-attachment-id=\"545919\" data-permalink=\"https:\/\/casadecampoliving.com\/es\/concluye-con-exito-tercera-edicion-de-alma-casa-de-campo\/javier-rodriguez-mia-rodriguez-mar-rodriguez-chiara-ieromazzo\/\" data-orig-file=\"https:\/\/i0.wp.com\/casadecampoliving.com\/wp-content\/uploads\/2025\/11\/Javier-Rodriguez-Mia-Rodriguez-Mar-Rodriguez-Chiara-Ieromazzo-scaled.jpg?fit=1706%2C2560&amp;ssl=1\" data-orig-size=\"1706,2560\" data-comments-opened=\"0\" data-image-meta=\"{&quot;aperture&quot;:&quot;0&quot;,&quot;credit&quot;:&quot;&quot;,&quot;camera&quot;:&quot;&quot;,&quot;caption&quot;:&quot;&quot;,&quot;created_timestamp&quot;:&quot;0&quot;,&quot;copyright&quot;:&quot;&quot;,&quot;focal_length&quot;:&quot;0&quot;,&quot;iso&quot;:&quot;0&quot;,&quot;shutter_speed&quot;:&quot;0&quot;,&quot;title&quot;:&quot;&quot;,&quot;orientation&quot;:&quot;0&quot;}\" data-image-title=\"Javier Rodriguez, Mia Rodriguez, Mar Rodriguez, Chiara Ieromazzo\" data-image-description=\"\" data-image-caption=\"\" data-large-file=\"https:\/\/i0.wp.com\/casadecampoliving.com\/wp-content\/uploads\/2025\/11\/Javier-Rodriguez-Mia-Rodriguez-Mar-Rodriguez-Chiara-Ieromazzo-scaled.jpg?fit=683%2C1024&amp;ssl=1\" data-id=\"545919\" src=\"https:\/\/i0.wp.com\/casadecampoliving.com\/wp-content\/uploads\/2025\/11\/Javier-Rodriguez-Mia-Rodriguez-Mar-Rodriguez-Chiara-Ieromazzo.jpg?resize=683%2C1024&#038;ssl=1\" alt=\"\" class=\"wp-image-545919\" srcset=\"https:\/\/i0.wp.com\/casadecampoliving.com\/wp-content\/uploads\/2025\/11\/Javier-Rodriguez-Mia-Rodriguez-Mar-Rodriguez-Chiara-Ieromazzo-scaled.jpg?resize=683%2C1024&amp;ssl=1 683w, https:\/\/i0.wp.com\/casadecampoliving.com\/wp-content\/uploads\/2025\/11\/Javier-Rodriguez-Mia-Rodriguez-Mar-Rodriguez-Chiara-Ieromazzo-scaled.jpg?resize=200%2C300&amp;ssl=1 200w, https:\/\/i0.wp.com\/casadecampoliving.com\/wp-content\/uploads\/2025\/11\/Javier-Rodriguez-Mia-Rodriguez-Mar-Rodriguez-Chiara-Ieromazzo-scaled.jpg?resize=768%2C1152&amp;ssl=1 768w, https:\/\/i0.wp.com\/casadecampoliving.com\/wp-content\/uploads\/2025\/11\/Javier-Rodriguez-Mia-Rodriguez-Mar-Rodriguez-Chiara-Ieromazzo-scaled.jpg?resize=1024%2C1536&amp;ssl=1 1024w, https:\/\/i0.wp.com\/casadecampoliving.com\/wp-content\/uploads\/2025\/11\/Javier-Rodriguez-Mia-Rodriguez-Mar-Rodriguez-Chiara-Ieromazzo-scaled.jpg?resize=1365%2C2048&amp;ssl=1 1365w, https:\/\/i0.wp.com\/casadecampoliving.com\/wp-content\/uploads\/2025\/11\/Javier-Rodriguez-Mia-Rodriguez-Mar-Rodriguez-Chiara-Ieromazzo-scaled.jpg?resize=1200%2C1800&amp;ssl=1 1200w, https:\/\/i0.wp.com\/casadecampoliving.com\/wp-content\/uploads\/2025\/11\/Javier-Rodriguez-Mia-Rodriguez-Mar-Rodriguez-Chiara-Ieromazzo-scaled.jpg?resize=2000%2C3000&amp;ssl=1 2000w, https:\/\/i0.wp.com\/casadecampoliving.com\/wp-content\/uploads\/2025\/11\/Javier-Rodriguez-Mia-Rodriguez-Mar-Rodriguez-Chiara-Ieromazzo-scaled.jpg?resize=780%2C1170&amp;ssl=1 780w, https:\/\/i0.wp.com\/casadecampoliving.com\/wp-content\/uploads\/2025\/11\/Javier-Rodriguez-Mia-Rodriguez-Mar-Rodriguez-Chiara-Ieromazzo-scaled.jpg?resize=400%2C600&amp;ssl=1 400w, https:\/\/i0.wp.com\/casadecampoliving.com\/wp-content\/uploads\/2025\/11\/Javier-Rodriguez-Mia-Rodriguez-Mar-Rodriguez-Chiara-Ieromazzo-scaled.jpg?resize=1320%2C1980&amp;ssl=1 1320w, https:\/\/i0.wp.com\/casadecampoliving.com\/wp-content\/uploads\/2025\/11\/Javier-Rodriguez-Mia-Rodriguez-Mar-Rodriguez-Chiara-Ieromazzo-scaled.jpg?resize=150%2C225&amp;ssl=1 150w, https:\/\/i0.wp.com\/casadecampoliving.com\/wp-content\/uploads\/2025\/11\/Javier-Rodriguez-Mia-Rodriguez-Mar-Rodriguez-Chiara-Ieromazzo-scaled.jpg?w=1706&amp;ssl=1 1706w, https:\/\/i0.wp.com\/casadecampoliving.com\/wp-content\/uploads\/2025\/11\/Javier-Rodriguez-Mia-Rodriguez-Mar-Rodriguez-Chiara-Ieromazzo-683x1024.jpg?w=370&amp;ssl=1 370w\" sizes=\"auto, (max-width: 683px) 100vw, 683px\" \/><\/figure>\n\n\n\n<figure class=\"wp-block-image size-large\"><img data-recalc-dims=\"1\" loading=\"lazy\" decoding=\"async\" width=\"683\" height=\"1024\" data-attachment-id=\"545894\" data-permalink=\"https:\/\/casadecampoliving.com\/es\/concluye-con-exito-tercera-edicion-de-alma-casa-de-campo\/jeannette-y-johanna-martinez-lima\/\" data-orig-file=\"https:\/\/i0.wp.com\/casadecampoliving.com\/wp-content\/uploads\/2025\/11\/Jeannette-y-Johanna-Martinez-Lima-scaled.jpg?fit=1706%2C2560&amp;ssl=1\" data-orig-size=\"1706,2560\" data-comments-opened=\"0\" data-image-meta=\"{&quot;aperture&quot;:&quot;0&quot;,&quot;credit&quot;:&quot;&quot;,&quot;camera&quot;:&quot;&quot;,&quot;caption&quot;:&quot;&quot;,&quot;created_timestamp&quot;:&quot;0&quot;,&quot;copyright&quot;:&quot;&quot;,&quot;focal_length&quot;:&quot;0&quot;,&quot;iso&quot;:&quot;0&quot;,&quot;shutter_speed&quot;:&quot;0&quot;,&quot;title&quot;:&quot;&quot;,&quot;orientation&quot;:&quot;0&quot;}\" data-image-title=\"Jeannette y Johanna Martinez-Lima\" data-image-description=\"\" data-image-caption=\"\" data-large-file=\"https:\/\/i0.wp.com\/casadecampoliving.com\/wp-content\/uploads\/2025\/11\/Jeannette-y-Johanna-Martinez-Lima-scaled.jpg?fit=683%2C1024&amp;ssl=1\" data-id=\"545894\" src=\"https:\/\/i0.wp.com\/casadecampoliving.com\/wp-content\/uploads\/2025\/11\/Jeannette-y-Johanna-Martinez-Lima.jpg?resize=683%2C1024&#038;ssl=1\" alt=\"\" class=\"wp-image-545894\" srcset=\"https:\/\/i0.wp.com\/casadecampoliving.com\/wp-content\/uploads\/2025\/11\/Jeannette-y-Johanna-Martinez-Lima-scaled.jpg?resize=683%2C1024&amp;ssl=1 683w, https:\/\/i0.wp.com\/casadecampoliving.com\/wp-content\/uploads\/2025\/11\/Jeannette-y-Johanna-Martinez-Lima-scaled.jpg?resize=200%2C300&amp;ssl=1 200w, https:\/\/i0.wp.com\/casadecampoliving.com\/wp-content\/uploads\/2025\/11\/Jeannette-y-Johanna-Martinez-Lima-scaled.jpg?resize=768%2C1152&amp;ssl=1 768w, https:\/\/i0.wp.com\/casadecampoliving.com\/wp-content\/uploads\/2025\/11\/Jeannette-y-Johanna-Martinez-Lima-scaled.jpg?resize=1024%2C1536&amp;ssl=1 1024w, https:\/\/i0.wp.com\/casadecampoliving.com\/wp-content\/uploads\/2025\/11\/Jeannette-y-Johanna-Martinez-Lima-scaled.jpg?resize=1365%2C2048&amp;ssl=1 1365w, https:\/\/i0.wp.com\/casadecampoliving.com\/wp-content\/uploads\/2025\/11\/Jeannette-y-Johanna-Martinez-Lima-scaled.jpg?resize=1200%2C1800&amp;ssl=1 1200w, https:\/\/i0.wp.com\/casadecampoliving.com\/wp-content\/uploads\/2025\/11\/Jeannette-y-Johanna-Martinez-Lima-scaled.jpg?resize=2000%2C3000&amp;ssl=1 2000w, https:\/\/i0.wp.com\/casadecampoliving.com\/wp-content\/uploads\/2025\/11\/Jeannette-y-Johanna-Martinez-Lima-scaled.jpg?resize=780%2C1170&amp;ssl=1 780w, https:\/\/i0.wp.com\/casadecampoliving.com\/wp-content\/uploads\/2025\/11\/Jeannette-y-Johanna-Martinez-Lima-scaled.jpg?resize=400%2C600&amp;ssl=1 400w, https:\/\/i0.wp.com\/casadecampoliving.com\/wp-content\/uploads\/2025\/11\/Jeannette-y-Johanna-Martinez-Lima-scaled.jpg?resize=1320%2C1980&amp;ssl=1 1320w, https:\/\/i0.wp.com\/casadecampoliving.com\/wp-content\/uploads\/2025\/11\/Jeannette-y-Johanna-Martinez-Lima-scaled.jpg?resize=150%2C225&amp;ssl=1 150w, https:\/\/i0.wp.com\/casadecampoliving.com\/wp-content\/uploads\/2025\/11\/Jeannette-y-Johanna-Martinez-Lima-scaled.jpg?w=1706&amp;ssl=1 1706w, https:\/\/i0.wp.com\/casadecampoliving.com\/wp-content\/uploads\/2025\/11\/Jeannette-y-Johanna-Martinez-Lima-683x1024.jpg?w=370&amp;ssl=1 370w\" sizes=\"auto, (max-width: 683px) 100vw, 683px\" \/><\/figure>\n\n\n\n<figure class=\"wp-block-image size-large\"><img data-recalc-dims=\"1\" loading=\"lazy\" decoding=\"async\" width=\"683\" height=\"1024\" data-attachment-id=\"545906\" data-permalink=\"https:\/\/casadecampoliving.com\/es\/concluye-con-exito-tercera-edicion-de-alma-casa-de-campo\/jose-sanchez-mangas-patricia-perez\/\" data-orig-file=\"https:\/\/i0.wp.com\/casadecampoliving.com\/wp-content\/uploads\/2025\/11\/Jose-Sanchez-Mangas-Patricia-Perez-scaled.jpg?fit=1706%2C2560&amp;ssl=1\" data-orig-size=\"1706,2560\" data-comments-opened=\"0\" data-image-meta=\"{&quot;aperture&quot;:&quot;0&quot;,&quot;credit&quot;:&quot;&quot;,&quot;camera&quot;:&quot;&quot;,&quot;caption&quot;:&quot;&quot;,&quot;created_timestamp&quot;:&quot;0&quot;,&quot;copyright&quot;:&quot;&quot;,&quot;focal_length&quot;:&quot;0&quot;,&quot;iso&quot;:&quot;0&quot;,&quot;shutter_speed&quot;:&quot;0&quot;,&quot;title&quot;:&quot;&quot;,&quot;orientation&quot;:&quot;0&quot;}\" data-image-title=\"Jose Sanchez-Mangas, Patricia Perez\" data-image-description=\"\" data-image-caption=\"\" data-large-file=\"https:\/\/i0.wp.com\/casadecampoliving.com\/wp-content\/uploads\/2025\/11\/Jose-Sanchez-Mangas-Patricia-Perez-scaled.jpg?fit=683%2C1024&amp;ssl=1\" data-id=\"545906\" src=\"https:\/\/i0.wp.com\/casadecampoliving.com\/wp-content\/uploads\/2025\/11\/Jose-Sanchez-Mangas-Patricia-Perez.jpg?resize=683%2C1024&#038;ssl=1\" alt=\"\" class=\"wp-image-545906\" srcset=\"https:\/\/i0.wp.com\/casadecampoliving.com\/wp-content\/uploads\/2025\/11\/Jose-Sanchez-Mangas-Patricia-Perez-scaled.jpg?resize=683%2C1024&amp;ssl=1 683w, https:\/\/i0.wp.com\/casadecampoliving.com\/wp-content\/uploads\/2025\/11\/Jose-Sanchez-Mangas-Patricia-Perez-scaled.jpg?resize=200%2C300&amp;ssl=1 200w, https:\/\/i0.wp.com\/casadecampoliving.com\/wp-content\/uploads\/2025\/11\/Jose-Sanchez-Mangas-Patricia-Perez-scaled.jpg?resize=768%2C1152&amp;ssl=1 768w, https:\/\/i0.wp.com\/casadecampoliving.com\/wp-content\/uploads\/2025\/11\/Jose-Sanchez-Mangas-Patricia-Perez-scaled.jpg?resize=1024%2C1536&amp;ssl=1 1024w, https:\/\/i0.wp.com\/casadecampoliving.com\/wp-content\/uploads\/2025\/11\/Jose-Sanchez-Mangas-Patricia-Perez-scaled.jpg?resize=1365%2C2048&amp;ssl=1 1365w, https:\/\/i0.wp.com\/casadecampoliving.com\/wp-content\/uploads\/2025\/11\/Jose-Sanchez-Mangas-Patricia-Perez-scaled.jpg?resize=1200%2C1800&amp;ssl=1 1200w, https:\/\/i0.wp.com\/casadecampoliving.com\/wp-content\/uploads\/2025\/11\/Jose-Sanchez-Mangas-Patricia-Perez-scaled.jpg?resize=2000%2C3000&amp;ssl=1 2000w, https:\/\/i0.wp.com\/casadecampoliving.com\/wp-content\/uploads\/2025\/11\/Jose-Sanchez-Mangas-Patricia-Perez-scaled.jpg?resize=780%2C1170&amp;ssl=1 780w, https:\/\/i0.wp.com\/casadecampoliving.com\/wp-content\/uploads\/2025\/11\/Jose-Sanchez-Mangas-Patricia-Perez-scaled.jpg?resize=400%2C600&amp;ssl=1 400w, https:\/\/i0.wp.com\/casadecampoliving.com\/wp-content\/uploads\/2025\/11\/Jose-Sanchez-Mangas-Patricia-Perez-scaled.jpg?resize=1320%2C1980&amp;ssl=1 1320w, https:\/\/i0.wp.com\/casadecampoliving.com\/wp-content\/uploads\/2025\/11\/Jose-Sanchez-Mangas-Patricia-Perez-scaled.jpg?resize=150%2C225&amp;ssl=1 150w, https:\/\/i0.wp.com\/casadecampoliving.com\/wp-content\/uploads\/2025\/11\/Jose-Sanchez-Mangas-Patricia-Perez-scaled.jpg?w=1706&amp;ssl=1 1706w, https:\/\/i0.wp.com\/casadecampoliving.com\/wp-content\/uploads\/2025\/11\/Jose-Sanchez-Mangas-Patricia-Perez-683x1024.jpg?w=370&amp;ssl=1 370w\" sizes=\"auto, (max-width: 683px) 100vw, 683px\" \/><\/figure>\n\n\n\n<figure class=\"wp-block-image size-large\"><img data-recalc-dims=\"1\" loading=\"lazy\" decoding=\"async\" width=\"683\" height=\"1024\" data-attachment-id=\"545876\" data-permalink=\"https:\/\/casadecampoliving.com\/es\/concluye-con-exito-tercera-edicion-de-alma-casa-de-campo\/lorea-arribalzaga-pilar-serret\/\" data-orig-file=\"https:\/\/i0.wp.com\/casadecampoliving.com\/wp-content\/uploads\/2025\/11\/Lorea-Arribalzaga-Pilar-Serret-scaled.jpg?fit=1706%2C2560&amp;ssl=1\" data-orig-size=\"1706,2560\" data-comments-opened=\"0\" data-image-meta=\"{&quot;aperture&quot;:&quot;0&quot;,&quot;credit&quot;:&quot;&quot;,&quot;camera&quot;:&quot;&quot;,&quot;caption&quot;:&quot;&quot;,&quot;created_timestamp&quot;:&quot;0&quot;,&quot;copyright&quot;:&quot;&quot;,&quot;focal_length&quot;:&quot;0&quot;,&quot;iso&quot;:&quot;0&quot;,&quot;shutter_speed&quot;:&quot;0&quot;,&quot;title&quot;:&quot;&quot;,&quot;orientation&quot;:&quot;0&quot;}\" data-image-title=\"Lorea Arribalzaga, Pilar Serret\" data-image-description=\"\" data-image-caption=\"\" data-large-file=\"https:\/\/i0.wp.com\/casadecampoliving.com\/wp-content\/uploads\/2025\/11\/Lorea-Arribalzaga-Pilar-Serret-scaled.jpg?fit=683%2C1024&amp;ssl=1\" data-id=\"545876\" src=\"https:\/\/i0.wp.com\/casadecampoliving.com\/wp-content\/uploads\/2025\/11\/Lorea-Arribalzaga-Pilar-Serret.jpg?resize=683%2C1024&#038;ssl=1\" alt=\"\" class=\"wp-image-545876\" srcset=\"https:\/\/i0.wp.com\/casadecampoliving.com\/wp-content\/uploads\/2025\/11\/Lorea-Arribalzaga-Pilar-Serret-scaled.jpg?resize=683%2C1024&amp;ssl=1 683w, https:\/\/i0.wp.com\/casadecampoliving.com\/wp-content\/uploads\/2025\/11\/Lorea-Arribalzaga-Pilar-Serret-scaled.jpg?resize=200%2C300&amp;ssl=1 200w, https:\/\/i0.wp.com\/casadecampoliving.com\/wp-content\/uploads\/2025\/11\/Lorea-Arribalzaga-Pilar-Serret-scaled.jpg?resize=768%2C1152&amp;ssl=1 768w, https:\/\/i0.wp.com\/casadecampoliving.com\/wp-content\/uploads\/2025\/11\/Lorea-Arribalzaga-Pilar-Serret-scaled.jpg?resize=1024%2C1536&amp;ssl=1 1024w, https:\/\/i0.wp.com\/casadecampoliving.com\/wp-content\/uploads\/2025\/11\/Lorea-Arribalzaga-Pilar-Serret-scaled.jpg?resize=1365%2C2048&amp;ssl=1 1365w, https:\/\/i0.wp.com\/casadecampoliving.com\/wp-content\/uploads\/2025\/11\/Lorea-Arribalzaga-Pilar-Serret-scaled.jpg?resize=1200%2C1800&amp;ssl=1 1200w, https:\/\/i0.wp.com\/casadecampoliving.com\/wp-content\/uploads\/2025\/11\/Lorea-Arribalzaga-Pilar-Serret-scaled.jpg?resize=2000%2C3000&amp;ssl=1 2000w, https:\/\/i0.wp.com\/casadecampoliving.com\/wp-content\/uploads\/2025\/11\/Lorea-Arribalzaga-Pilar-Serret-scaled.jpg?resize=780%2C1170&amp;ssl=1 780w, https:\/\/i0.wp.com\/casadecampoliving.com\/wp-content\/uploads\/2025\/11\/Lorea-Arribalzaga-Pilar-Serret-scaled.jpg?resize=400%2C600&amp;ssl=1 400w, https:\/\/i0.wp.com\/casadecampoliving.com\/wp-content\/uploads\/2025\/11\/Lorea-Arribalzaga-Pilar-Serret-scaled.jpg?resize=1320%2C1980&amp;ssl=1 1320w, https:\/\/i0.wp.com\/casadecampoliving.com\/wp-content\/uploads\/2025\/11\/Lorea-Arribalzaga-Pilar-Serret-scaled.jpg?resize=150%2C225&amp;ssl=1 150w, https:\/\/i0.wp.com\/casadecampoliving.com\/wp-content\/uploads\/2025\/11\/Lorea-Arribalzaga-Pilar-Serret-scaled.jpg?w=1706&amp;ssl=1 1706w, https:\/\/i0.wp.com\/casadecampoliving.com\/wp-content\/uploads\/2025\/11\/Lorea-Arribalzaga-Pilar-Serret-683x1024.jpg?w=370&amp;ssl=1 370w\" sizes=\"auto, (max-width: 683px) 100vw, 683px\" \/><\/figure>\n\n\n\n<figure class=\"wp-block-image size-large\"><img data-recalc-dims=\"1\" loading=\"lazy\" decoding=\"async\" width=\"683\" height=\"1024\" data-attachment-id=\"545825\" data-permalink=\"https:\/\/casadecampoliving.com\/es\/concluye-con-exito-tercera-edicion-de-alma-casa-de-campo\/maria-jose-lavie-jeannette-de-martinez-lima\/\" data-orig-file=\"https:\/\/i0.wp.com\/casadecampoliving.com\/wp-content\/uploads\/2025\/11\/Maria-Jose-Lavie-Jeannette-de-Martinez-Lima-scaled.jpg?fit=1706%2C2560&amp;ssl=1\" data-orig-size=\"1706,2560\" data-comments-opened=\"0\" data-image-meta=\"{&quot;aperture&quot;:&quot;0&quot;,&quot;credit&quot;:&quot;&quot;,&quot;camera&quot;:&quot;&quot;,&quot;caption&quot;:&quot;&quot;,&quot;created_timestamp&quot;:&quot;0&quot;,&quot;copyright&quot;:&quot;&quot;,&quot;focal_length&quot;:&quot;0&quot;,&quot;iso&quot;:&quot;0&quot;,&quot;shutter_speed&quot;:&quot;0&quot;,&quot;title&quot;:&quot;&quot;,&quot;orientation&quot;:&quot;0&quot;}\" data-image-title=\"Maria Jose Lavie, Jeannette de Martinez-Lima\" data-image-description=\"\" data-image-caption=\"\" data-large-file=\"https:\/\/i0.wp.com\/casadecampoliving.com\/wp-content\/uploads\/2025\/11\/Maria-Jose-Lavie-Jeannette-de-Martinez-Lima-scaled.jpg?fit=683%2C1024&amp;ssl=1\" data-id=\"545825\" src=\"https:\/\/i0.wp.com\/casadecampoliving.com\/wp-content\/uploads\/2025\/11\/Maria-Jose-Lavie-Jeannette-de-Martinez-Lima.jpg?resize=683%2C1024&#038;ssl=1\" alt=\"\" class=\"wp-image-545825\" srcset=\"https:\/\/i0.wp.com\/casadecampoliving.com\/wp-content\/uploads\/2025\/11\/Maria-Jose-Lavie-Jeannette-de-Martinez-Lima-scaled.jpg?resize=683%2C1024&amp;ssl=1 683w, https:\/\/i0.wp.com\/casadecampoliving.com\/wp-content\/uploads\/2025\/11\/Maria-Jose-Lavie-Jeannette-de-Martinez-Lima-scaled.jpg?resize=200%2C300&amp;ssl=1 200w, https:\/\/i0.wp.com\/casadecampoliving.com\/wp-content\/uploads\/2025\/11\/Maria-Jose-Lavie-Jeannette-de-Martinez-Lima-scaled.jpg?resize=768%2C1152&amp;ssl=1 768w, https:\/\/i0.wp.com\/casadecampoliving.com\/wp-content\/uploads\/2025\/11\/Maria-Jose-Lavie-Jeannette-de-Martinez-Lima-scaled.jpg?resize=1024%2C1536&amp;ssl=1 1024w, https:\/\/i0.wp.com\/casadecampoliving.com\/wp-content\/uploads\/2025\/11\/Maria-Jose-Lavie-Jeannette-de-Martinez-Lima-scaled.jpg?resize=1365%2C2048&amp;ssl=1 1365w, https:\/\/i0.wp.com\/casadecampoliving.com\/wp-content\/uploads\/2025\/11\/Maria-Jose-Lavie-Jeannette-de-Martinez-Lima-scaled.jpg?resize=1200%2C1800&amp;ssl=1 1200w, https:\/\/i0.wp.com\/casadecampoliving.com\/wp-content\/uploads\/2025\/11\/Maria-Jose-Lavie-Jeannette-de-Martinez-Lima-scaled.jpg?resize=2000%2C3000&amp;ssl=1 2000w, https:\/\/i0.wp.com\/casadecampoliving.com\/wp-content\/uploads\/2025\/11\/Maria-Jose-Lavie-Jeannette-de-Martinez-Lima-scaled.jpg?resize=780%2C1170&amp;ssl=1 780w, https:\/\/i0.wp.com\/casadecampoliving.com\/wp-content\/uploads\/2025\/11\/Maria-Jose-Lavie-Jeannette-de-Martinez-Lima-scaled.jpg?resize=400%2C600&amp;ssl=1 400w, https:\/\/i0.wp.com\/casadecampoliving.com\/wp-content\/uploads\/2025\/11\/Maria-Jose-Lavie-Jeannette-de-Martinez-Lima-scaled.jpg?resize=1320%2C1980&amp;ssl=1 1320w, https:\/\/i0.wp.com\/casadecampoliving.com\/wp-content\/uploads\/2025\/11\/Maria-Jose-Lavie-Jeannette-de-Martinez-Lima-scaled.jpg?resize=150%2C225&amp;ssl=1 150w, https:\/\/i0.wp.com\/casadecampoliving.com\/wp-content\/uploads\/2025\/11\/Maria-Jose-Lavie-Jeannette-de-Martinez-Lima-scaled.jpg?w=1706&amp;ssl=1 1706w, https:\/\/i0.wp.com\/casadecampoliving.com\/wp-content\/uploads\/2025\/11\/Maria-Jose-Lavie-Jeannette-de-Martinez-Lima-683x1024.jpg?w=370&amp;ssl=1 370w\" sizes=\"auto, (max-width: 683px) 100vw, 683px\" \/><\/figure>\n\n\n\n<figure class=\"wp-block-image size-large\"><img data-recalc-dims=\"1\" loading=\"lazy\" decoding=\"async\" width=\"683\" height=\"1024\" data-attachment-id=\"545944\" data-permalink=\"https:\/\/casadecampoliving.com\/es\/concluye-con-exito-tercera-edicion-de-alma-casa-de-campo\/maria-jose-pintor-penelope-gomez\/\" data-orig-file=\"https:\/\/i0.wp.com\/casadecampoliving.com\/wp-content\/uploads\/2025\/11\/Maria-Jose-Pintor-Penelope-Gomez-scaled.jpg?fit=1706%2C2560&amp;ssl=1\" data-orig-size=\"1706,2560\" data-comments-opened=\"0\" data-image-meta=\"{&quot;aperture&quot;:&quot;0&quot;,&quot;credit&quot;:&quot;&quot;,&quot;camera&quot;:&quot;&quot;,&quot;caption&quot;:&quot;&quot;,&quot;created_timestamp&quot;:&quot;0&quot;,&quot;copyright&quot;:&quot;&quot;,&quot;focal_length&quot;:&quot;0&quot;,&quot;iso&quot;:&quot;0&quot;,&quot;shutter_speed&quot;:&quot;0&quot;,&quot;title&quot;:&quot;&quot;,&quot;orientation&quot;:&quot;0&quot;}\" data-image-title=\"Maria Jose Pintor, Penelope Gomez\" data-image-description=\"\" data-image-caption=\"\" data-large-file=\"https:\/\/i0.wp.com\/casadecampoliving.com\/wp-content\/uploads\/2025\/11\/Maria-Jose-Pintor-Penelope-Gomez-scaled.jpg?fit=683%2C1024&amp;ssl=1\" data-id=\"545944\" src=\"https:\/\/i0.wp.com\/casadecampoliving.com\/wp-content\/uploads\/2025\/11\/Maria-Jose-Pintor-Penelope-Gomez.jpg?resize=683%2C1024&#038;ssl=1\" alt=\"\" class=\"wp-image-545944\" srcset=\"https:\/\/i0.wp.com\/casadecampoliving.com\/wp-content\/uploads\/2025\/11\/Maria-Jose-Pintor-Penelope-Gomez-scaled.jpg?resize=683%2C1024&amp;ssl=1 683w, https:\/\/i0.wp.com\/casadecampoliving.com\/wp-content\/uploads\/2025\/11\/Maria-Jose-Pintor-Penelope-Gomez-scaled.jpg?resize=200%2C300&amp;ssl=1 200w, https:\/\/i0.wp.com\/casadecampoliving.com\/wp-content\/uploads\/2025\/11\/Maria-Jose-Pintor-Penelope-Gomez-scaled.jpg?resize=768%2C1152&amp;ssl=1 768w, https:\/\/i0.wp.com\/casadecampoliving.com\/wp-content\/uploads\/2025\/11\/Maria-Jose-Pintor-Penelope-Gomez-scaled.jpg?resize=1024%2C1536&amp;ssl=1 1024w, https:\/\/i0.wp.com\/casadecampoliving.com\/wp-content\/uploads\/2025\/11\/Maria-Jose-Pintor-Penelope-Gomez-scaled.jpg?resize=1365%2C2048&amp;ssl=1 1365w, https:\/\/i0.wp.com\/casadecampoliving.com\/wp-content\/uploads\/2025\/11\/Maria-Jose-Pintor-Penelope-Gomez-scaled.jpg?resize=1200%2C1800&amp;ssl=1 1200w, https:\/\/i0.wp.com\/casadecampoliving.com\/wp-content\/uploads\/2025\/11\/Maria-Jose-Pintor-Penelope-Gomez-scaled.jpg?resize=2000%2C3000&amp;ssl=1 2000w, https:\/\/i0.wp.com\/casadecampoliving.com\/wp-content\/uploads\/2025\/11\/Maria-Jose-Pintor-Penelope-Gomez-scaled.jpg?resize=780%2C1170&amp;ssl=1 780w, https:\/\/i0.wp.com\/casadecampoliving.com\/wp-content\/uploads\/2025\/11\/Maria-Jose-Pintor-Penelope-Gomez-scaled.jpg?resize=400%2C600&amp;ssl=1 400w, https:\/\/i0.wp.com\/casadecampoliving.com\/wp-content\/uploads\/2025\/11\/Maria-Jose-Pintor-Penelope-Gomez-scaled.jpg?resize=1320%2C1980&amp;ssl=1 1320w, https:\/\/i0.wp.com\/casadecampoliving.com\/wp-content\/uploads\/2025\/11\/Maria-Jose-Pintor-Penelope-Gomez-scaled.jpg?resize=150%2C225&amp;ssl=1 150w, https:\/\/i0.wp.com\/casadecampoliving.com\/wp-content\/uploads\/2025\/11\/Maria-Jose-Pintor-Penelope-Gomez-scaled.jpg?w=1706&amp;ssl=1 1706w, https:\/\/i0.wp.com\/casadecampoliving.com\/wp-content\/uploads\/2025\/11\/Maria-Jose-Pintor-Penelope-Gomez-683x1024.jpg?w=370&amp;ssl=1 370w\" sizes=\"auto, (max-width: 683px) 100vw, 683px\" \/><\/figure>\n\n\n\n<figure class=\"wp-block-image size-large\"><img data-recalc-dims=\"1\" loading=\"lazy\" decoding=\"async\" width=\"683\" height=\"1024\" data-attachment-id=\"545914\" data-permalink=\"https:\/\/casadecampoliving.com\/es\/concluye-con-exito-tercera-edicion-de-alma-casa-de-campo\/maria-laura-hazoury-juan-mayol\/\" data-orig-file=\"https:\/\/i0.wp.com\/casadecampoliving.com\/wp-content\/uploads\/2025\/11\/Maria-Laura-Hazoury-Juan-Mayol-scaled.jpg?fit=1706%2C2560&amp;ssl=1\" data-orig-size=\"1706,2560\" data-comments-opened=\"0\" data-image-meta=\"{&quot;aperture&quot;:&quot;0&quot;,&quot;credit&quot;:&quot;&quot;,&quot;camera&quot;:&quot;&quot;,&quot;caption&quot;:&quot;&quot;,&quot;created_timestamp&quot;:&quot;0&quot;,&quot;copyright&quot;:&quot;&quot;,&quot;focal_length&quot;:&quot;0&quot;,&quot;iso&quot;:&quot;0&quot;,&quot;shutter_speed&quot;:&quot;0&quot;,&quot;title&quot;:&quot;&quot;,&quot;orientation&quot;:&quot;0&quot;}\" data-image-title=\"Mar\u00eda Laura Hazoury, Juan Mayol\" data-image-description=\"\" data-image-caption=\"\" data-large-file=\"https:\/\/i0.wp.com\/casadecampoliving.com\/wp-content\/uploads\/2025\/11\/Maria-Laura-Hazoury-Juan-Mayol-scaled.jpg?fit=683%2C1024&amp;ssl=1\" data-id=\"545914\" src=\"https:\/\/i0.wp.com\/casadecampoliving.com\/wp-content\/uploads\/2025\/11\/Maria-Laura-Hazoury-Juan-Mayol.jpg?resize=683%2C1024&#038;ssl=1\" alt=\"\" class=\"wp-image-545914\" srcset=\"https:\/\/i0.wp.com\/casadecampoliving.com\/wp-content\/uploads\/2025\/11\/Maria-Laura-Hazoury-Juan-Mayol-scaled.jpg?resize=683%2C1024&amp;ssl=1 683w, https:\/\/i0.wp.com\/casadecampoliving.com\/wp-content\/uploads\/2025\/11\/Maria-Laura-Hazoury-Juan-Mayol-scaled.jpg?resize=200%2C300&amp;ssl=1 200w, https:\/\/i0.wp.com\/casadecampoliving.com\/wp-content\/uploads\/2025\/11\/Maria-Laura-Hazoury-Juan-Mayol-scaled.jpg?resize=768%2C1152&amp;ssl=1 768w, https:\/\/i0.wp.com\/casadecampoliving.com\/wp-content\/uploads\/2025\/11\/Maria-Laura-Hazoury-Juan-Mayol-scaled.jpg?resize=1024%2C1536&amp;ssl=1 1024w, https:\/\/i0.wp.com\/casadecampoliving.com\/wp-content\/uploads\/2025\/11\/Maria-Laura-Hazoury-Juan-Mayol-scaled.jpg?resize=1365%2C2048&amp;ssl=1 1365w, https:\/\/i0.wp.com\/casadecampoliving.com\/wp-content\/uploads\/2025\/11\/Maria-Laura-Hazoury-Juan-Mayol-scaled.jpg?resize=1200%2C1800&amp;ssl=1 1200w, https:\/\/i0.wp.com\/casadecampoliving.com\/wp-content\/uploads\/2025\/11\/Maria-Laura-Hazoury-Juan-Mayol-scaled.jpg?resize=2000%2C3000&amp;ssl=1 2000w, https:\/\/i0.wp.com\/casadecampoliving.com\/wp-content\/uploads\/2025\/11\/Maria-Laura-Hazoury-Juan-Mayol-scaled.jpg?resize=780%2C1170&amp;ssl=1 780w, https:\/\/i0.wp.com\/casadecampoliving.com\/wp-content\/uploads\/2025\/11\/Maria-Laura-Hazoury-Juan-Mayol-scaled.jpg?resize=400%2C600&amp;ssl=1 400w, https:\/\/i0.wp.com\/casadecampoliving.com\/wp-content\/uploads\/2025\/11\/Maria-Laura-Hazoury-Juan-Mayol-scaled.jpg?resize=1320%2C1980&amp;ssl=1 1320w, https:\/\/i0.wp.com\/casadecampoliving.com\/wp-content\/uploads\/2025\/11\/Maria-Laura-Hazoury-Juan-Mayol-scaled.jpg?resize=150%2C225&amp;ssl=1 150w, https:\/\/i0.wp.com\/casadecampoliving.com\/wp-content\/uploads\/2025\/11\/Maria-Laura-Hazoury-Juan-Mayol-scaled.jpg?w=1706&amp;ssl=1 1706w, https:\/\/i0.wp.com\/casadecampoliving.com\/wp-content\/uploads\/2025\/11\/Maria-Laura-Hazoury-Juan-Mayol-683x1024.jpg?w=370&amp;ssl=1 370w\" sizes=\"auto, (max-width: 683px) 100vw, 683px\" \/><\/figure>\n\n\n\n<figure class=\"wp-block-image size-large\"><img data-recalc-dims=\"1\" loading=\"lazy\" decoding=\"async\" width=\"683\" height=\"1024\" data-attachment-id=\"545918\" data-permalink=\"https:\/\/casadecampoliving.com\/es\/concluye-con-exito-tercera-edicion-de-alma-casa-de-campo\/maria-lopez-susana-deleito-laira-naveiras\/\" data-orig-file=\"https:\/\/i0.wp.com\/casadecampoliving.com\/wp-content\/uploads\/2025\/11\/Maria-Lopez-Susana-Deleito-Laira-Naveiras-scaled.jpg?fit=1706%2C2560&amp;ssl=1\" data-orig-size=\"1706,2560\" data-comments-opened=\"0\" data-image-meta=\"{&quot;aperture&quot;:&quot;0&quot;,&quot;credit&quot;:&quot;&quot;,&quot;camera&quot;:&quot;&quot;,&quot;caption&quot;:&quot;&quot;,&quot;created_timestamp&quot;:&quot;0&quot;,&quot;copyright&quot;:&quot;&quot;,&quot;focal_length&quot;:&quot;0&quot;,&quot;iso&quot;:&quot;0&quot;,&quot;shutter_speed&quot;:&quot;0&quot;,&quot;title&quot;:&quot;&quot;,&quot;orientation&quot;:&quot;0&quot;}\" data-image-title=\"Maria Lopez, Susana Deleito, Laira Naveiras\" data-image-description=\"\" data-image-caption=\"\" data-large-file=\"https:\/\/i0.wp.com\/casadecampoliving.com\/wp-content\/uploads\/2025\/11\/Maria-Lopez-Susana-Deleito-Laira-Naveiras-scaled.jpg?fit=683%2C1024&amp;ssl=1\" data-id=\"545918\" src=\"https:\/\/i0.wp.com\/casadecampoliving.com\/wp-content\/uploads\/2025\/11\/Maria-Lopez-Susana-Deleito-Laira-Naveiras.jpg?resize=683%2C1024&#038;ssl=1\" alt=\"\" class=\"wp-image-545918\" srcset=\"https:\/\/i0.wp.com\/casadecampoliving.com\/wp-content\/uploads\/2025\/11\/Maria-Lopez-Susana-Deleito-Laira-Naveiras-scaled.jpg?resize=683%2C1024&amp;ssl=1 683w, https:\/\/i0.wp.com\/casadecampoliving.com\/wp-content\/uploads\/2025\/11\/Maria-Lopez-Susana-Deleito-Laira-Naveiras-scaled.jpg?resize=200%2C300&amp;ssl=1 200w, https:\/\/i0.wp.com\/casadecampoliving.com\/wp-content\/uploads\/2025\/11\/Maria-Lopez-Susana-Deleito-Laira-Naveiras-scaled.jpg?resize=768%2C1152&amp;ssl=1 768w, https:\/\/i0.wp.com\/casadecampoliving.com\/wp-content\/uploads\/2025\/11\/Maria-Lopez-Susana-Deleito-Laira-Naveiras-scaled.jpg?resize=1024%2C1536&amp;ssl=1 1024w, https:\/\/i0.wp.com\/casadecampoliving.com\/wp-content\/uploads\/2025\/11\/Maria-Lopez-Susana-Deleito-Laira-Naveiras-scaled.jpg?resize=1365%2C2048&amp;ssl=1 1365w, https:\/\/i0.wp.com\/casadecampoliving.com\/wp-content\/uploads\/2025\/11\/Maria-Lopez-Susana-Deleito-Laira-Naveiras-scaled.jpg?resize=1200%2C1800&amp;ssl=1 1200w, https:\/\/i0.wp.com\/casadecampoliving.com\/wp-content\/uploads\/2025\/11\/Maria-Lopez-Susana-Deleito-Laira-Naveiras-scaled.jpg?resize=2000%2C3000&amp;ssl=1 2000w, https:\/\/i0.wp.com\/casadecampoliving.com\/wp-content\/uploads\/2025\/11\/Maria-Lopez-Susana-Deleito-Laira-Naveiras-scaled.jpg?resize=780%2C1170&amp;ssl=1 780w, https:\/\/i0.wp.com\/casadecampoliving.com\/wp-content\/uploads\/2025\/11\/Maria-Lopez-Susana-Deleito-Laira-Naveiras-scaled.jpg?resize=400%2C600&amp;ssl=1 400w, https:\/\/i0.wp.com\/casadecampoliving.com\/wp-content\/uploads\/2025\/11\/Maria-Lopez-Susana-Deleito-Laira-Naveiras-scaled.jpg?resize=1320%2C1980&amp;ssl=1 1320w, https:\/\/i0.wp.com\/casadecampoliving.com\/wp-content\/uploads\/2025\/11\/Maria-Lopez-Susana-Deleito-Laira-Naveiras-scaled.jpg?resize=150%2C225&amp;ssl=1 150w, https:\/\/i0.wp.com\/casadecampoliving.com\/wp-content\/uploads\/2025\/11\/Maria-Lopez-Susana-Deleito-Laira-Naveiras-scaled.jpg?w=1706&amp;ssl=1 1706w, https:\/\/i0.wp.com\/casadecampoliving.com\/wp-content\/uploads\/2025\/11\/Maria-Lopez-Susana-Deleito-Laira-Naveiras-683x1024.jpg?w=370&amp;ssl=1 370w\" sizes=\"auto, (max-width: 683px) 100vw, 683px\" \/><\/figure>\n\n\n\n<figure class=\"wp-block-image size-large\"><img data-recalc-dims=\"1\" loading=\"lazy\" decoding=\"async\" width=\"683\" height=\"1024\" data-attachment-id=\"545941\" data-permalink=\"https:\/\/casadecampoliving.com\/es\/concluye-con-exito-tercera-edicion-de-alma-casa-de-campo\/maria-poveda-alma-galan-david-galan\/\" data-orig-file=\"https:\/\/i0.wp.com\/casadecampoliving.com\/wp-content\/uploads\/2025\/11\/Maria-Poveda-Alma-Galan-David-Galan-scaled.jpg?fit=1706%2C2560&amp;ssl=1\" data-orig-size=\"1706,2560\" data-comments-opened=\"0\" data-image-meta=\"{&quot;aperture&quot;:&quot;0&quot;,&quot;credit&quot;:&quot;&quot;,&quot;camera&quot;:&quot;&quot;,&quot;caption&quot;:&quot;&quot;,&quot;created_timestamp&quot;:&quot;0&quot;,&quot;copyright&quot;:&quot;&quot;,&quot;focal_length&quot;:&quot;0&quot;,&quot;iso&quot;:&quot;0&quot;,&quot;shutter_speed&quot;:&quot;0&quot;,&quot;title&quot;:&quot;&quot;,&quot;orientation&quot;:&quot;0&quot;}\" data-image-title=\"Maria Poveda, Alma Galan, David Galan\" data-image-description=\"\" data-image-caption=\"\" data-large-file=\"https:\/\/i0.wp.com\/casadecampoliving.com\/wp-content\/uploads\/2025\/11\/Maria-Poveda-Alma-Galan-David-Galan-scaled.jpg?fit=683%2C1024&amp;ssl=1\" data-id=\"545941\" src=\"https:\/\/i0.wp.com\/casadecampoliving.com\/wp-content\/uploads\/2025\/11\/Maria-Poveda-Alma-Galan-David-Galan.jpg?resize=683%2C1024&#038;ssl=1\" alt=\"\" class=\"wp-image-545941\" srcset=\"https:\/\/i0.wp.com\/casadecampoliving.com\/wp-content\/uploads\/2025\/11\/Maria-Poveda-Alma-Galan-David-Galan-scaled.jpg?resize=683%2C1024&amp;ssl=1 683w, https:\/\/i0.wp.com\/casadecampoliving.com\/wp-content\/uploads\/2025\/11\/Maria-Poveda-Alma-Galan-David-Galan-scaled.jpg?resize=200%2C300&amp;ssl=1 200w, https:\/\/i0.wp.com\/casadecampoliving.com\/wp-content\/uploads\/2025\/11\/Maria-Poveda-Alma-Galan-David-Galan-scaled.jpg?resize=768%2C1152&amp;ssl=1 768w, https:\/\/i0.wp.com\/casadecampoliving.com\/wp-content\/uploads\/2025\/11\/Maria-Poveda-Alma-Galan-David-Galan-scaled.jpg?resize=1024%2C1536&amp;ssl=1 1024w, https:\/\/i0.wp.com\/casadecampoliving.com\/wp-content\/uploads\/2025\/11\/Maria-Poveda-Alma-Galan-David-Galan-scaled.jpg?resize=1365%2C2048&amp;ssl=1 1365w, https:\/\/i0.wp.com\/casadecampoliving.com\/wp-content\/uploads\/2025\/11\/Maria-Poveda-Alma-Galan-David-Galan-scaled.jpg?resize=1200%2C1800&amp;ssl=1 1200w, https:\/\/i0.wp.com\/casadecampoliving.com\/wp-content\/uploads\/2025\/11\/Maria-Poveda-Alma-Galan-David-Galan-scaled.jpg?resize=2000%2C3000&amp;ssl=1 2000w, https:\/\/i0.wp.com\/casadecampoliving.com\/wp-content\/uploads\/2025\/11\/Maria-Poveda-Alma-Galan-David-Galan-scaled.jpg?resize=780%2C1170&amp;ssl=1 780w, https:\/\/i0.wp.com\/casadecampoliving.com\/wp-content\/uploads\/2025\/11\/Maria-Poveda-Alma-Galan-David-Galan-scaled.jpg?resize=400%2C600&amp;ssl=1 400w, https:\/\/i0.wp.com\/casadecampoliving.com\/wp-content\/uploads\/2025\/11\/Maria-Poveda-Alma-Galan-David-Galan-scaled.jpg?resize=1320%2C1980&amp;ssl=1 1320w, https:\/\/i0.wp.com\/casadecampoliving.com\/wp-content\/uploads\/2025\/11\/Maria-Poveda-Alma-Galan-David-Galan-scaled.jpg?resize=150%2C225&amp;ssl=1 150w, https:\/\/i0.wp.com\/casadecampoliving.com\/wp-content\/uploads\/2025\/11\/Maria-Poveda-Alma-Galan-David-Galan-scaled.jpg?w=1706&amp;ssl=1 1706w, https:\/\/i0.wp.com\/casadecampoliving.com\/wp-content\/uploads\/2025\/11\/Maria-Poveda-Alma-Galan-David-Galan-683x1024.jpg?w=370&amp;ssl=1 370w\" sizes=\"auto, (max-width: 683px) 100vw, 683px\" \/><\/figure>\n\n\n\n<figure class=\"wp-block-image size-large\"><img data-recalc-dims=\"1\" loading=\"lazy\" decoding=\"async\" width=\"683\" height=\"1024\" data-attachment-id=\"545849\" data-permalink=\"https:\/\/casadecampoliving.com\/es\/concluye-con-exito-tercera-edicion-de-alma-casa-de-campo\/mariela-ramos-maria-eugenia-de-beauchet-valeria-rodriguez-susana-kury-de-rodriguez-2\/\" data-orig-file=\"https:\/\/i0.wp.com\/casadecampoliving.com\/wp-content\/uploads\/2025\/11\/Mariela-Ramos-Maria-Eugenia-de-Beauchet-Valeria-Rodriguez-Susana-Kury-de-Rodriguez-2-scaled.jpg?fit=1706%2C2560&amp;ssl=1\" data-orig-size=\"1706,2560\" data-comments-opened=\"0\" data-image-meta=\"{&quot;aperture&quot;:&quot;0&quot;,&quot;credit&quot;:&quot;&quot;,&quot;camera&quot;:&quot;&quot;,&quot;caption&quot;:&quot;&quot;,&quot;created_timestamp&quot;:&quot;0&quot;,&quot;copyright&quot;:&quot;&quot;,&quot;focal_length&quot;:&quot;0&quot;,&quot;iso&quot;:&quot;0&quot;,&quot;shutter_speed&quot;:&quot;0&quot;,&quot;title&quot;:&quot;&quot;,&quot;orientation&quot;:&quot;0&quot;}\" data-image-title=\"Mariela Ramos, Maria Eugenia de Beauchet, Valeria Rodriguez, Susana Kury de Rodriguez (2)\" data-image-description=\"\" data-image-caption=\"\" data-large-file=\"https:\/\/i0.wp.com\/casadecampoliving.com\/wp-content\/uploads\/2025\/11\/Mariela-Ramos-Maria-Eugenia-de-Beauchet-Valeria-Rodriguez-Susana-Kury-de-Rodriguez-2-scaled.jpg?fit=683%2C1024&amp;ssl=1\" data-id=\"545849\" src=\"https:\/\/i0.wp.com\/casadecampoliving.com\/wp-content\/uploads\/2025\/11\/Mariela-Ramos-Maria-Eugenia-de-Beauchet-Valeria-Rodriguez-Susana-Kury-de-Rodriguez-2.jpg?resize=683%2C1024&#038;ssl=1\" alt=\"\" class=\"wp-image-545849\" srcset=\"https:\/\/i0.wp.com\/casadecampoliving.com\/wp-content\/uploads\/2025\/11\/Mariela-Ramos-Maria-Eugenia-de-Beauchet-Valeria-Rodriguez-Susana-Kury-de-Rodriguez-2-scaled.jpg?resize=683%2C1024&amp;ssl=1 683w, https:\/\/i0.wp.com\/casadecampoliving.com\/wp-content\/uploads\/2025\/11\/Mariela-Ramos-Maria-Eugenia-de-Beauchet-Valeria-Rodriguez-Susana-Kury-de-Rodriguez-2-scaled.jpg?resize=200%2C300&amp;ssl=1 200w, https:\/\/i0.wp.com\/casadecampoliving.com\/wp-content\/uploads\/2025\/11\/Mariela-Ramos-Maria-Eugenia-de-Beauchet-Valeria-Rodriguez-Susana-Kury-de-Rodriguez-2-scaled.jpg?resize=768%2C1152&amp;ssl=1 768w, https:\/\/i0.wp.com\/casadecampoliving.com\/wp-content\/uploads\/2025\/11\/Mariela-Ramos-Maria-Eugenia-de-Beauchet-Valeria-Rodriguez-Susana-Kury-de-Rodriguez-2-scaled.jpg?resize=1024%2C1536&amp;ssl=1 1024w, https:\/\/i0.wp.com\/casadecampoliving.com\/wp-content\/uploads\/2025\/11\/Mariela-Ramos-Maria-Eugenia-de-Beauchet-Valeria-Rodriguez-Susana-Kury-de-Rodriguez-2-scaled.jpg?resize=1365%2C2048&amp;ssl=1 1365w, https:\/\/i0.wp.com\/casadecampoliving.com\/wp-content\/uploads\/2025\/11\/Mariela-Ramos-Maria-Eugenia-de-Beauchet-Valeria-Rodriguez-Susana-Kury-de-Rodriguez-2-scaled.jpg?resize=1200%2C1800&amp;ssl=1 1200w, https:\/\/i0.wp.com\/casadecampoliving.com\/wp-content\/uploads\/2025\/11\/Mariela-Ramos-Maria-Eugenia-de-Beauchet-Valeria-Rodriguez-Susana-Kury-de-Rodriguez-2-scaled.jpg?resize=2000%2C3000&amp;ssl=1 2000w, https:\/\/i0.wp.com\/casadecampoliving.com\/wp-content\/uploads\/2025\/11\/Mariela-Ramos-Maria-Eugenia-de-Beauchet-Valeria-Rodriguez-Susana-Kury-de-Rodriguez-2-scaled.jpg?resize=780%2C1170&amp;ssl=1 780w, https:\/\/i0.wp.com\/casadecampoliving.com\/wp-content\/uploads\/2025\/11\/Mariela-Ramos-Maria-Eugenia-de-Beauchet-Valeria-Rodriguez-Susana-Kury-de-Rodriguez-2-scaled.jpg?resize=400%2C600&amp;ssl=1 400w, https:\/\/i0.wp.com\/casadecampoliving.com\/wp-content\/uploads\/2025\/11\/Mariela-Ramos-Maria-Eugenia-de-Beauchet-Valeria-Rodriguez-Susana-Kury-de-Rodriguez-2-scaled.jpg?resize=1320%2C1980&amp;ssl=1 1320w, https:\/\/i0.wp.com\/casadecampoliving.com\/wp-content\/uploads\/2025\/11\/Mariela-Ramos-Maria-Eugenia-de-Beauchet-Valeria-Rodriguez-Susana-Kury-de-Rodriguez-2-scaled.jpg?resize=150%2C225&amp;ssl=1 150w, https:\/\/i0.wp.com\/casadecampoliving.com\/wp-content\/uploads\/2025\/11\/Mariela-Ramos-Maria-Eugenia-de-Beauchet-Valeria-Rodriguez-Susana-Kury-de-Rodriguez-2-scaled.jpg?w=1706&amp;ssl=1 1706w, https:\/\/i0.wp.com\/casadecampoliving.com\/wp-content\/uploads\/2025\/11\/Mariela-Ramos-Maria-Eugenia-de-Beauchet-Valeria-Rodriguez-Susana-Kury-de-Rodriguez-2-683x1024.jpg?w=370&amp;ssl=1 370w\" sizes=\"auto, (max-width: 683px) 100vw, 683px\" \/><\/figure>\n\n\n\n<figure class=\"wp-block-image size-large\"><img data-recalc-dims=\"1\" loading=\"lazy\" decoding=\"async\" width=\"683\" height=\"1024\" data-attachment-id=\"545866\" data-permalink=\"https:\/\/casadecampoliving.com\/es\/concluye-con-exito-tercera-edicion-de-alma-casa-de-campo\/rodrigo-medrano-deyanira-papaterra\/\" data-orig-file=\"https:\/\/i0.wp.com\/casadecampoliving.com\/wp-content\/uploads\/2025\/11\/Rodrigo-Medrano-Deyanira-Papaterra-scaled.jpg?fit=1706%2C2560&amp;ssl=1\" data-orig-size=\"1706,2560\" data-comments-opened=\"0\" data-image-meta=\"{&quot;aperture&quot;:&quot;0&quot;,&quot;credit&quot;:&quot;&quot;,&quot;camera&quot;:&quot;&quot;,&quot;caption&quot;:&quot;&quot;,&quot;created_timestamp&quot;:&quot;0&quot;,&quot;copyright&quot;:&quot;&quot;,&quot;focal_length&quot;:&quot;0&quot;,&quot;iso&quot;:&quot;0&quot;,&quot;shutter_speed&quot;:&quot;0&quot;,&quot;title&quot;:&quot;&quot;,&quot;orientation&quot;:&quot;0&quot;}\" data-image-title=\"Rodrigo Medrano, Deyanira Papaterra\" data-image-description=\"\" data-image-caption=\"\" data-large-file=\"https:\/\/i0.wp.com\/casadecampoliving.com\/wp-content\/uploads\/2025\/11\/Rodrigo-Medrano-Deyanira-Papaterra-scaled.jpg?fit=683%2C1024&amp;ssl=1\" data-id=\"545866\" src=\"https:\/\/i0.wp.com\/casadecampoliving.com\/wp-content\/uploads\/2025\/11\/Rodrigo-Medrano-Deyanira-Papaterra.jpg?resize=683%2C1024&#038;ssl=1\" alt=\"\" class=\"wp-image-545866\" srcset=\"https:\/\/i0.wp.com\/casadecampoliving.com\/wp-content\/uploads\/2025\/11\/Rodrigo-Medrano-Deyanira-Papaterra-scaled.jpg?resize=683%2C1024&amp;ssl=1 683w, https:\/\/i0.wp.com\/casadecampoliving.com\/wp-content\/uploads\/2025\/11\/Rodrigo-Medrano-Deyanira-Papaterra-scaled.jpg?resize=200%2C300&amp;ssl=1 200w, https:\/\/i0.wp.com\/casadecampoliving.com\/wp-content\/uploads\/2025\/11\/Rodrigo-Medrano-Deyanira-Papaterra-scaled.jpg?resize=768%2C1152&amp;ssl=1 768w, https:\/\/i0.wp.com\/casadecampoliving.com\/wp-content\/uploads\/2025\/11\/Rodrigo-Medrano-Deyanira-Papaterra-scaled.jpg?resize=1024%2C1536&amp;ssl=1 1024w, https:\/\/i0.wp.com\/casadecampoliving.com\/wp-content\/uploads\/2025\/11\/Rodrigo-Medrano-Deyanira-Papaterra-scaled.jpg?resize=1365%2C2048&amp;ssl=1 1365w, https:\/\/i0.wp.com\/casadecampoliving.com\/wp-content\/uploads\/2025\/11\/Rodrigo-Medrano-Deyanira-Papaterra-scaled.jpg?resize=1200%2C1800&amp;ssl=1 1200w, https:\/\/i0.wp.com\/casadecampoliving.com\/wp-content\/uploads\/2025\/11\/Rodrigo-Medrano-Deyanira-Papaterra-scaled.jpg?resize=2000%2C3000&amp;ssl=1 2000w, https:\/\/i0.wp.com\/casadecampoliving.com\/wp-content\/uploads\/2025\/11\/Rodrigo-Medrano-Deyanira-Papaterra-scaled.jpg?resize=780%2C1170&amp;ssl=1 780w, https:\/\/i0.wp.com\/casadecampoliving.com\/wp-content\/uploads\/2025\/11\/Rodrigo-Medrano-Deyanira-Papaterra-scaled.jpg?resize=400%2C600&amp;ssl=1 400w, https:\/\/i0.wp.com\/casadecampoliving.com\/wp-content\/uploads\/2025\/11\/Rodrigo-Medrano-Deyanira-Papaterra-scaled.jpg?resize=1320%2C1980&amp;ssl=1 1320w, https:\/\/i0.wp.com\/casadecampoliving.com\/wp-content\/uploads\/2025\/11\/Rodrigo-Medrano-Deyanira-Papaterra-scaled.jpg?resize=150%2C225&amp;ssl=1 150w, https:\/\/i0.wp.com\/casadecampoliving.com\/wp-content\/uploads\/2025\/11\/Rodrigo-Medrano-Deyanira-Papaterra-scaled.jpg?w=1706&amp;ssl=1 1706w, https:\/\/i0.wp.com\/casadecampoliving.com\/wp-content\/uploads\/2025\/11\/Rodrigo-Medrano-Deyanira-Papaterra-683x1024.jpg?w=370&amp;ssl=1 370w\" sizes=\"auto, (max-width: 683px) 100vw, 683px\" \/><\/figure>\n\n\n\n<figure class=\"wp-block-image size-large\"><img data-recalc-dims=\"1\" loading=\"lazy\" decoding=\"async\" width=\"683\" height=\"1024\" data-attachment-id=\"545853\" data-permalink=\"https:\/\/casadecampoliving.com\/es\/concluye-con-exito-tercera-edicion-de-alma-casa-de-campo\/sandra-lighgow-maria-del-mar-de-lightgow-alexander-cabrera\/\" data-orig-file=\"https:\/\/i0.wp.com\/casadecampoliving.com\/wp-content\/uploads\/2025\/11\/Sandra-Lighgow-Maria-Del-Mar-de-Lightgow-Alexander-Cabrera-scaled.jpg?fit=1706%2C2560&amp;ssl=1\" data-orig-size=\"1706,2560\" data-comments-opened=\"0\" data-image-meta=\"{&quot;aperture&quot;:&quot;0&quot;,&quot;credit&quot;:&quot;&quot;,&quot;camera&quot;:&quot;&quot;,&quot;caption&quot;:&quot;&quot;,&quot;created_timestamp&quot;:&quot;0&quot;,&quot;copyright&quot;:&quot;&quot;,&quot;focal_length&quot;:&quot;0&quot;,&quot;iso&quot;:&quot;0&quot;,&quot;shutter_speed&quot;:&quot;0&quot;,&quot;title&quot;:&quot;&quot;,&quot;orientation&quot;:&quot;0&quot;}\" data-image-title=\"Sandra Lighgow, Maria Del Mar de Lightgow, Alexander Cabrera\" data-image-description=\"\" data-image-caption=\"\" data-large-file=\"https:\/\/i0.wp.com\/casadecampoliving.com\/wp-content\/uploads\/2025\/11\/Sandra-Lighgow-Maria-Del-Mar-de-Lightgow-Alexander-Cabrera-scaled.jpg?fit=683%2C1024&amp;ssl=1\" data-id=\"545853\" src=\"https:\/\/i0.wp.com\/casadecampoliving.com\/wp-content\/uploads\/2025\/11\/Sandra-Lighgow-Maria-Del-Mar-de-Lightgow-Alexander-Cabrera.jpg?resize=683%2C1024&#038;ssl=1\" alt=\"\" class=\"wp-image-545853\" srcset=\"https:\/\/i0.wp.com\/casadecampoliving.com\/wp-content\/uploads\/2025\/11\/Sandra-Lighgow-Maria-Del-Mar-de-Lightgow-Alexander-Cabrera-scaled.jpg?resize=683%2C1024&amp;ssl=1 683w, https:\/\/i0.wp.com\/casadecampoliving.com\/wp-content\/uploads\/2025\/11\/Sandra-Lighgow-Maria-Del-Mar-de-Lightgow-Alexander-Cabrera-scaled.jpg?resize=200%2C300&amp;ssl=1 200w, https:\/\/i0.wp.com\/casadecampoliving.com\/wp-content\/uploads\/2025\/11\/Sandra-Lighgow-Maria-Del-Mar-de-Lightgow-Alexander-Cabrera-scaled.jpg?resize=768%2C1152&amp;ssl=1 768w, https:\/\/i0.wp.com\/casadecampoliving.com\/wp-content\/uploads\/2025\/11\/Sandra-Lighgow-Maria-Del-Mar-de-Lightgow-Alexander-Cabrera-scaled.jpg?resize=1024%2C1536&amp;ssl=1 1024w, https:\/\/i0.wp.com\/casadecampoliving.com\/wp-content\/uploads\/2025\/11\/Sandra-Lighgow-Maria-Del-Mar-de-Lightgow-Alexander-Cabrera-scaled.jpg?resize=1365%2C2048&amp;ssl=1 1365w, https:\/\/i0.wp.com\/casadecampoliving.com\/wp-content\/uploads\/2025\/11\/Sandra-Lighgow-Maria-Del-Mar-de-Lightgow-Alexander-Cabrera-scaled.jpg?resize=1200%2C1800&amp;ssl=1 1200w, https:\/\/i0.wp.com\/casadecampoliving.com\/wp-content\/uploads\/2025\/11\/Sandra-Lighgow-Maria-Del-Mar-de-Lightgow-Alexander-Cabrera-scaled.jpg?resize=2000%2C3000&amp;ssl=1 2000w, https:\/\/i0.wp.com\/casadecampoliving.com\/wp-content\/uploads\/2025\/11\/Sandra-Lighgow-Maria-Del-Mar-de-Lightgow-Alexander-Cabrera-scaled.jpg?resize=780%2C1170&amp;ssl=1 780w, https:\/\/i0.wp.com\/casadecampoliving.com\/wp-content\/uploads\/2025\/11\/Sandra-Lighgow-Maria-Del-Mar-de-Lightgow-Alexander-Cabrera-scaled.jpg?resize=400%2C600&amp;ssl=1 400w, https:\/\/i0.wp.com\/casadecampoliving.com\/wp-content\/uploads\/2025\/11\/Sandra-Lighgow-Maria-Del-Mar-de-Lightgow-Alexander-Cabrera-scaled.jpg?resize=1320%2C1980&amp;ssl=1 1320w, https:\/\/i0.wp.com\/casadecampoliving.com\/wp-content\/uploads\/2025\/11\/Sandra-Lighgow-Maria-Del-Mar-de-Lightgow-Alexander-Cabrera-scaled.jpg?resize=150%2C225&amp;ssl=1 150w, https:\/\/i0.wp.com\/casadecampoliving.com\/wp-content\/uploads\/2025\/11\/Sandra-Lighgow-Maria-Del-Mar-de-Lightgow-Alexander-Cabrera-scaled.jpg?w=1706&amp;ssl=1 1706w, https:\/\/i0.wp.com\/casadecampoliving.com\/wp-content\/uploads\/2025\/11\/Sandra-Lighgow-Maria-Del-Mar-de-Lightgow-Alexander-Cabrera-683x1024.jpg?w=370&amp;ssl=1 370w\" sizes=\"auto, (max-width: 683px) 100vw, 683px\" \/><\/figure>\n\n\n\n<figure class=\"wp-block-image size-large\"><img data-recalc-dims=\"1\" loading=\"lazy\" decoding=\"async\" width=\"683\" height=\"1024\" data-attachment-id=\"545897\" data-permalink=\"https:\/\/casadecampoliving.com\/es\/concluye-con-exito-tercera-edicion-de-alma-casa-de-campo\/santiago-rodrigo-sofia-rosy-sebastian-barilla\/\" data-orig-file=\"https:\/\/i0.wp.com\/casadecampoliving.com\/wp-content\/uploads\/2025\/11\/Santiago-Rodrigo-Sofia-Rosy-Sebastian-Barilla-scaled.jpg?fit=1706%2C2560&amp;ssl=1\" data-orig-size=\"1706,2560\" data-comments-opened=\"0\" data-image-meta=\"{&quot;aperture&quot;:&quot;0&quot;,&quot;credit&quot;:&quot;&quot;,&quot;camera&quot;:&quot;&quot;,&quot;caption&quot;:&quot;&quot;,&quot;created_timestamp&quot;:&quot;0&quot;,&quot;copyright&quot;:&quot;&quot;,&quot;focal_length&quot;:&quot;0&quot;,&quot;iso&quot;:&quot;0&quot;,&quot;shutter_speed&quot;:&quot;0&quot;,&quot;title&quot;:&quot;&quot;,&quot;orientation&quot;:&quot;0&quot;}\" data-image-title=\"Santiago, Rodrigo, Sofia, Rosy, Sebastian Barilla\" data-image-description=\"\" data-image-caption=\"\" data-large-file=\"https:\/\/i0.wp.com\/casadecampoliving.com\/wp-content\/uploads\/2025\/11\/Santiago-Rodrigo-Sofia-Rosy-Sebastian-Barilla-scaled.jpg?fit=683%2C1024&amp;ssl=1\" data-id=\"545897\" src=\"https:\/\/i0.wp.com\/casadecampoliving.com\/wp-content\/uploads\/2025\/11\/Santiago-Rodrigo-Sofia-Rosy-Sebastian-Barilla.jpg?resize=683%2C1024&#038;ssl=1\" alt=\"\" class=\"wp-image-545897\" srcset=\"https:\/\/i0.wp.com\/casadecampoliving.com\/wp-content\/uploads\/2025\/11\/Santiago-Rodrigo-Sofia-Rosy-Sebastian-Barilla-scaled.jpg?resize=683%2C1024&amp;ssl=1 683w, https:\/\/i0.wp.com\/casadecampoliving.com\/wp-content\/uploads\/2025\/11\/Santiago-Rodrigo-Sofia-Rosy-Sebastian-Barilla-scaled.jpg?resize=200%2C300&amp;ssl=1 200w, https:\/\/i0.wp.com\/casadecampoliving.com\/wp-content\/uploads\/2025\/11\/Santiago-Rodrigo-Sofia-Rosy-Sebastian-Barilla-scaled.jpg?resize=768%2C1152&amp;ssl=1 768w, https:\/\/i0.wp.com\/casadecampoliving.com\/wp-content\/uploads\/2025\/11\/Santiago-Rodrigo-Sofia-Rosy-Sebastian-Barilla-scaled.jpg?resize=1024%2C1536&amp;ssl=1 1024w, https:\/\/i0.wp.com\/casadecampoliving.com\/wp-content\/uploads\/2025\/11\/Santiago-Rodrigo-Sofia-Rosy-Sebastian-Barilla-scaled.jpg?resize=1365%2C2048&amp;ssl=1 1365w, https:\/\/i0.wp.com\/casadecampoliving.com\/wp-content\/uploads\/2025\/11\/Santiago-Rodrigo-Sofia-Rosy-Sebastian-Barilla-scaled.jpg?resize=1200%2C1800&amp;ssl=1 1200w, https:\/\/i0.wp.com\/casadecampoliving.com\/wp-content\/uploads\/2025\/11\/Santiago-Rodrigo-Sofia-Rosy-Sebastian-Barilla-scaled.jpg?resize=2000%2C3000&amp;ssl=1 2000w, https:\/\/i0.wp.com\/casadecampoliving.com\/wp-content\/uploads\/2025\/11\/Santiago-Rodrigo-Sofia-Rosy-Sebastian-Barilla-scaled.jpg?resize=780%2C1170&amp;ssl=1 780w, https:\/\/i0.wp.com\/casadecampoliving.com\/wp-content\/uploads\/2025\/11\/Santiago-Rodrigo-Sofia-Rosy-Sebastian-Barilla-scaled.jpg?resize=400%2C600&amp;ssl=1 400w, https:\/\/i0.wp.com\/casadecampoliving.com\/wp-content\/uploads\/2025\/11\/Santiago-Rodrigo-Sofia-Rosy-Sebastian-Barilla-scaled.jpg?resize=1320%2C1980&amp;ssl=1 1320w, https:\/\/i0.wp.com\/casadecampoliving.com\/wp-content\/uploads\/2025\/11\/Santiago-Rodrigo-Sofia-Rosy-Sebastian-Barilla-scaled.jpg?resize=150%2C225&amp;ssl=1 150w, https:\/\/i0.wp.com\/casadecampoliving.com\/wp-content\/uploads\/2025\/11\/Santiago-Rodrigo-Sofia-Rosy-Sebastian-Barilla-scaled.jpg?w=1706&amp;ssl=1 1706w, https:\/\/i0.wp.com\/casadecampoliving.com\/wp-content\/uploads\/2025\/11\/Santiago-Rodrigo-Sofia-Rosy-Sebastian-Barilla-683x1024.jpg?w=370&amp;ssl=1 370w\" sizes=\"auto, (max-width: 683px) 100vw, 683px\" \/><\/figure>\n\n\n\n<figure class=\"wp-block-image size-large\"><img data-recalc-dims=\"1\" loading=\"lazy\" decoding=\"async\" width=\"683\" height=\"1024\" data-attachment-id=\"545926\" data-permalink=\"https:\/\/casadecampoliving.com\/es\/concluye-con-exito-tercera-edicion-de-alma-casa-de-campo\/thea-van-der-werf-andres-pichardo\/\" data-orig-file=\"https:\/\/i0.wp.com\/casadecampoliving.com\/wp-content\/uploads\/2025\/11\/Thea-van-der-Werf-Andres-Pichardo-scaled.jpg?fit=1706%2C2560&amp;ssl=1\" data-orig-size=\"1706,2560\" data-comments-opened=\"0\" data-image-meta=\"{&quot;aperture&quot;:&quot;0&quot;,&quot;credit&quot;:&quot;&quot;,&quot;camera&quot;:&quot;&quot;,&quot;caption&quot;:&quot;&quot;,&quot;created_timestamp&quot;:&quot;0&quot;,&quot;copyright&quot;:&quot;&quot;,&quot;focal_length&quot;:&quot;0&quot;,&quot;iso&quot;:&quot;0&quot;,&quot;shutter_speed&quot;:&quot;0&quot;,&quot;title&quot;:&quot;&quot;,&quot;orientation&quot;:&quot;0&quot;}\" data-image-title=\"Thea van der Werf, Andres Pichardo\" data-image-description=\"\" data-image-caption=\"\" data-large-file=\"https:\/\/i0.wp.com\/casadecampoliving.com\/wp-content\/uploads\/2025\/11\/Thea-van-der-Werf-Andres-Pichardo-scaled.jpg?fit=683%2C1024&amp;ssl=1\" data-id=\"545926\" src=\"https:\/\/i0.wp.com\/casadecampoliving.com\/wp-content\/uploads\/2025\/11\/Thea-van-der-Werf-Andres-Pichardo.jpg?resize=683%2C1024&#038;ssl=1\" alt=\"\" class=\"wp-image-545926\" srcset=\"https:\/\/i0.wp.com\/casadecampoliving.com\/wp-content\/uploads\/2025\/11\/Thea-van-der-Werf-Andres-Pichardo-scaled.jpg?resize=683%2C1024&amp;ssl=1 683w, https:\/\/i0.wp.com\/casadecampoliving.com\/wp-content\/uploads\/2025\/11\/Thea-van-der-Werf-Andres-Pichardo-scaled.jpg?resize=200%2C300&amp;ssl=1 200w, https:\/\/i0.wp.com\/casadecampoliving.com\/wp-content\/uploads\/2025\/11\/Thea-van-der-Werf-Andres-Pichardo-scaled.jpg?resize=768%2C1152&amp;ssl=1 768w, https:\/\/i0.wp.com\/casadecampoliving.com\/wp-content\/uploads\/2025\/11\/Thea-van-der-Werf-Andres-Pichardo-scaled.jpg?resize=1024%2C1536&amp;ssl=1 1024w, https:\/\/i0.wp.com\/casadecampoliving.com\/wp-content\/uploads\/2025\/11\/Thea-van-der-Werf-Andres-Pichardo-scaled.jpg?resize=1365%2C2048&amp;ssl=1 1365w, https:\/\/i0.wp.com\/casadecampoliving.com\/wp-content\/uploads\/2025\/11\/Thea-van-der-Werf-Andres-Pichardo-scaled.jpg?resize=1200%2C1800&amp;ssl=1 1200w, https:\/\/i0.wp.com\/casadecampoliving.com\/wp-content\/uploads\/2025\/11\/Thea-van-der-Werf-Andres-Pichardo-scaled.jpg?resize=2000%2C3000&amp;ssl=1 2000w, https:\/\/i0.wp.com\/casadecampoliving.com\/wp-content\/uploads\/2025\/11\/Thea-van-der-Werf-Andres-Pichardo-scaled.jpg?resize=780%2C1170&amp;ssl=1 780w, https:\/\/i0.wp.com\/casadecampoliving.com\/wp-content\/uploads\/2025\/11\/Thea-van-der-Werf-Andres-Pichardo-scaled.jpg?resize=400%2C600&amp;ssl=1 400w, https:\/\/i0.wp.com\/casadecampoliving.com\/wp-content\/uploads\/2025\/11\/Thea-van-der-Werf-Andres-Pichardo-scaled.jpg?resize=1320%2C1980&amp;ssl=1 1320w, https:\/\/i0.wp.com\/casadecampoliving.com\/wp-content\/uploads\/2025\/11\/Thea-van-der-Werf-Andres-Pichardo-scaled.jpg?resize=150%2C225&amp;ssl=1 150w, https:\/\/i0.wp.com\/casadecampoliving.com\/wp-content\/uploads\/2025\/11\/Thea-van-der-Werf-Andres-Pichardo-scaled.jpg?w=1706&amp;ssl=1 1706w, https:\/\/i0.wp.com\/casadecampoliving.com\/wp-content\/uploads\/2025\/11\/Thea-van-der-Werf-Andres-Pichardo-683x1024.jpg?w=370&amp;ssl=1 370w\" sizes=\"auto, (max-width: 683px) 100vw, 683px\" \/><\/figure>\n\n\n\n<figure class=\"wp-block-image size-large\"><img data-recalc-dims=\"1\" loading=\"lazy\" decoding=\"async\" width=\"1024\" height=\"683\" data-attachment-id=\"545888\" data-permalink=\"https:\/\/casadecampoliving.com\/es\/concluye-con-exito-tercera-edicion-de-alma-casa-de-campo\/thea-van-der-werf-jorien-de-quezada-gabriella-reginato-nicola-fini\/\" data-orig-file=\"https:\/\/i0.wp.com\/casadecampoliving.com\/wp-content\/uploads\/2025\/11\/Thea-van-der-Werf-Jorien-de-Quezada-Gabriella-Reginato-Nicola-Fini-scaled.jpg?fit=2560%2C1706&amp;ssl=1\" data-orig-size=\"2560,1706\" data-comments-opened=\"0\" data-image-meta=\"{&quot;aperture&quot;:&quot;0&quot;,&quot;credit&quot;:&quot;&quot;,&quot;camera&quot;:&quot;&quot;,&quot;caption&quot;:&quot;&quot;,&quot;created_timestamp&quot;:&quot;0&quot;,&quot;copyright&quot;:&quot;&quot;,&quot;focal_length&quot;:&quot;0&quot;,&quot;iso&quot;:&quot;0&quot;,&quot;shutter_speed&quot;:&quot;0&quot;,&quot;title&quot;:&quot;&quot;,&quot;orientation&quot;:&quot;0&quot;}\" data-image-title=\"Thea van der Werf, Jorien de Quezada, Gabriella Reginato, Nicola Fini\" data-image-description=\"\" data-image-caption=\"\" data-large-file=\"https:\/\/i0.wp.com\/casadecampoliving.com\/wp-content\/uploads\/2025\/11\/Thea-van-der-Werf-Jorien-de-Quezada-Gabriella-Reginato-Nicola-Fini-scaled.jpg?fit=1024%2C683&amp;ssl=1\" data-id=\"545888\" src=\"https:\/\/i0.wp.com\/casadecampoliving.com\/wp-content\/uploads\/2025\/11\/Thea-van-der-Werf-Jorien-de-Quezada-Gabriella-Reginato-Nicola-Fini.jpg?resize=1024%2C683&#038;ssl=1\" alt=\"\" class=\"wp-image-545888\" srcset=\"https:\/\/i0.wp.com\/casadecampoliving.com\/wp-content\/uploads\/2025\/11\/Thea-van-der-Werf-Jorien-de-Quezada-Gabriella-Reginato-Nicola-Fini-scaled.jpg?resize=1024%2C683&amp;ssl=1 1024w, https:\/\/i0.wp.com\/casadecampoliving.com\/wp-content\/uploads\/2025\/11\/Thea-van-der-Werf-Jorien-de-Quezada-Gabriella-Reginato-Nicola-Fini-scaled.jpg?resize=300%2C200&amp;ssl=1 300w, https:\/\/i0.wp.com\/casadecampoliving.com\/wp-content\/uploads\/2025\/11\/Thea-van-der-Werf-Jorien-de-Quezada-Gabriella-Reginato-Nicola-Fini-scaled.jpg?resize=768%2C512&amp;ssl=1 768w, https:\/\/i0.wp.com\/casadecampoliving.com\/wp-content\/uploads\/2025\/11\/Thea-van-der-Werf-Jorien-de-Quezada-Gabriella-Reginato-Nicola-Fini-scaled.jpg?resize=1536%2C1024&amp;ssl=1 1536w, https:\/\/i0.wp.com\/casadecampoliving.com\/wp-content\/uploads\/2025\/11\/Thea-van-der-Werf-Jorien-de-Quezada-Gabriella-Reginato-Nicola-Fini-scaled.jpg?resize=2048%2C1365&amp;ssl=1 2048w, https:\/\/i0.wp.com\/casadecampoliving.com\/wp-content\/uploads\/2025\/11\/Thea-van-der-Werf-Jorien-de-Quezada-Gabriella-Reginato-Nicola-Fini-scaled.jpg?resize=1200%2C800&amp;ssl=1 1200w, https:\/\/i0.wp.com\/casadecampoliving.com\/wp-content\/uploads\/2025\/11\/Thea-van-der-Werf-Jorien-de-Quezada-Gabriella-Reginato-Nicola-Fini-scaled.jpg?resize=2000%2C1333&amp;ssl=1 2000w, https:\/\/i0.wp.com\/casadecampoliving.com\/wp-content\/uploads\/2025\/11\/Thea-van-der-Werf-Jorien-de-Quezada-Gabriella-Reginato-Nicola-Fini-scaled.jpg?resize=780%2C520&amp;ssl=1 780w, https:\/\/i0.wp.com\/casadecampoliving.com\/wp-content\/uploads\/2025\/11\/Thea-van-der-Werf-Jorien-de-Quezada-Gabriella-Reginato-Nicola-Fini-scaled.jpg?resize=400%2C267&amp;ssl=1 400w, https:\/\/i0.wp.com\/casadecampoliving.com\/wp-content\/uploads\/2025\/11\/Thea-van-der-Werf-Jorien-de-Quezada-Gabriella-Reginato-Nicola-Fini-scaled.jpg?resize=1320%2C880&amp;ssl=1 1320w, https:\/\/i0.wp.com\/casadecampoliving.com\/wp-content\/uploads\/2025\/11\/Thea-van-der-Werf-Jorien-de-Quezada-Gabriella-Reginato-Nicola-Fini-scaled.jpg?resize=150%2C100&amp;ssl=1 150w, https:\/\/i0.wp.com\/casadecampoliving.com\/wp-content\/uploads\/2025\/11\/Thea-van-der-Werf-Jorien-de-Quezada-Gabriella-Reginato-Nicola-Fini-1024x683.jpg?w=370&amp;ssl=1 370w\" sizes=\"auto, (max-width: 1000px) 100vw, 1000px\" \/><\/figure>\n<\/figure>\n","protected":false},"excerpt":{"rendered":"<p>Casa de Campo Resort &amp; Villas clausur\u00f3 con \u00e9xito rotundo la tercera edici\u00f3n de su aclamado evento, \u00abALMA Casa de Campo\u00bb. Este a\u00f1o, la cita reafirm\u00f3 su posici\u00f3n como un punto de encuentro estrat\u00e9gico entre el capital dominicano y espa\u00f1ol. El evento, que tuvo lugar del 20 al 22 de noviembre, fue una experiencia inolvidable [&hellip;]<\/p>\n","protected":false},"author":431,"featured_media":545795,"comment_status":"closed","ping_status":"closed","sticky":false,"template":"","format":"standard","meta":{"newspack_ads_suppress_ads":false,"newspack_popups_has_disabled_popups":false,"newspack_sponsor_sponsorship_scope":"","newspack_sponsor_native_byline_display":"inherit","newspack_sponsor_native_category_display":"inherit","newspack_sponsor_underwriter_style":"inherit","newspack_sponsor_underwriter_placement":"inherit","_newspack_byline_active":false,"_newspack_byline":"","newspack_hide_updated_date":false,"newspack_show_updated_date":false,"newspack_content_restriction_is_exempt":false,"newspack_featured_image_position":"large","newspack_post_subtitle":"El evento tuvo lugar del 20 al 22 de noviembre y fusion\u00f3 la tradici\u00f3n andaluza con la alta cocina y el networking empresarial","newspack_article_summary_title":"Overview:","newspack_article_summary":"","_jetpack_memberships_contains_paid_content":false,"footnotes":"","jetpack_publicize_message":"","jetpack_publicize_feature_enabled":true,"jetpack_social_post_already_shared":true,"jetpack_social_options":{"image_generator_settings":{"template":"highway","default_image_id":0,"font":"","enabled":false},"version":2},"_wpas_customize_per_network":false},"categories":[26392,24554,2522],"tags":[27873,3626,2575,24346],"newspack_spnsrs_tax":[],"class_list":["post-545794","post","type-post","status-publish","format-standard","has-post-thumbnail","hentry","category-casa-de-campo-resort-villas","category-comunidad","category-eventos-es","tag-alma-casa-de-campoes","tag-casa-de-campo-es","tag-comunidad-de-casa-de-campo","tag-featured-es","entry"],"yoast_head":"<!-- This site is optimized with the Yoast SEO plugin v27.5 - https:\/\/yoast.com\/product\/yoast-seo-wordpress\/ -->\n<title>Concluye con \u00e9xito tercera edici\u00f3n de ALMA Casa de Campo | Casa de Campo Living<\/title>\n<meta name=\"description\" content=\"Casa de Campo Resort &amp; Villas clausur\u00f3 con \u00e9xito rotundo la tercera edici\u00f3n de su aclamado evento, \u00abALMA Casa de Campo\u00bb. Este a\u00f1o, la cita reafirm\u00f3 su\" \/>\n<meta name=\"robots\" content=\"index, follow, max-snippet:-1, max-image-preview:large, max-video-preview:-1\" \/>\n<link rel=\"canonical\" href=\"https:\/\/casadecampoliving.com\/es\/concluye-con-exito-tercera-edicion-de-alma-casa-de-campo\/\" \/>\n<meta property=\"og:locale\" content=\"es_ES\" \/>\n<meta property=\"og:type\" content=\"article\" \/>\n<meta property=\"og:title\" content=\"Concluye con \u00e9xito tercera edici\u00f3n de ALMA Casa de Campo | Casa de Campo Living\" \/>\n<meta property=\"og:description\" content=\"Casa de Campo Resort &amp; Villas clausur\u00f3 con \u00e9xito rotundo la tercera edici\u00f3n de su aclamado evento, \u00abALMA Casa de Campo\u00bb. Este a\u00f1o, la cita reafirm\u00f3 su\" \/>\n<meta property=\"og:url\" content=\"https:\/\/casadecampoliving.com\/es\/concluye-con-exito-tercera-edicion-de-alma-casa-de-campo\/\" \/>\n<meta property=\"og:site_name\" content=\"Casa de Campo Living\" \/>\n<meta property=\"article:publisher\" content=\"https:\/\/www.facebook.com\/casadecampoliving\" \/>\n<meta property=\"article:published_time\" content=\"2025-11-24T15:10:26+00:00\" \/>\n<meta property=\"article:modified_time\" content=\"2025-12-10T20:35:21+00:00\" \/>\n<meta property=\"og:image\" content=\"https:\/\/casadecampoliving.com\/wp-content\/uploads\/2025\/11\/Cuchy-Perez-Andres-Pichardo-Thea-van-der-Werf-Susana-Deleito-scaled.jpg\" \/>\n\t<meta property=\"og:image:width\" content=\"2560\" \/>\n\t<meta property=\"og:image:height\" content=\"1706\" \/>\n\t<meta property=\"og:image:type\" content=\"image\/jpeg\" \/>\n<meta name=\"author\" content=\"Mairobi Herrera\" \/>\n<meta name=\"twitter:card\" content=\"summary_large_image\" \/>\n<meta name=\"twitter:creator\" content=\"@cdcliving\" \/>\n<meta name=\"twitter:site\" content=\"@cdcliving\" \/>\n<meta name=\"twitter:label1\" content=\"Escrito por\" \/>\n\t<meta name=\"twitter:data1\" content=\"Mairobi Herrera\" \/>\n\t<meta name=\"twitter:label2\" content=\"Tiempo de lectura\" \/>\n\t<meta name=\"twitter:data2\" content=\"18 minutos\" \/>\n<script type=\"application\/ld+json\" class=\"yoast-schema-graph\">{\"@context\":\"https:\\\/\\\/schema.org\",\"@graph\":[{\"@type\":\"Article\",\"@id\":\"https:\\\/\\\/casadecampoliving.com\\\/es\\\/concluye-con-exito-tercera-edicion-de-alma-casa-de-campo\\\/#article\",\"isPartOf\":{\"@id\":\"https:\\\/\\\/casadecampoliving.com\\\/es\\\/concluye-con-exito-tercera-edicion-de-alma-casa-de-campo\\\/\"},\"author\":{\"name\":\"Mairobi Herrera\",\"@id\":\"https:\\\/\\\/casadecampoliving.com\\\/es\\\/#\\\/schema\\\/person\\\/932e594484c49168ad37fbb9141bf699\"},\"headline\":\"Concluye con \u00e9xito tercera edici\u00f3n de ALMA Casa de Campo\",\"datePublished\":\"2025-11-24T15:10:26+00:00\",\"dateModified\":\"2025-12-10T20:35:21+00:00\",\"mainEntityOfPage\":{\"@id\":\"https:\\\/\\\/casadecampoliving.com\\\/es\\\/concluye-con-exito-tercera-edicion-de-alma-casa-de-campo\\\/\"},\"wordCount\":551,\"publisher\":{\"@id\":\"https:\\\/\\\/casadecampoliving.com\\\/es\\\/#organization\"},\"image\":{\"@id\":\"https:\\\/\\\/casadecampoliving.com\\\/es\\\/concluye-con-exito-tercera-edicion-de-alma-casa-de-campo\\\/#primaryimage\"},\"thumbnailUrl\":\"https:\\\/\\\/i0.wp.com\\\/casadecampoliving.com\\\/wp-content\\\/uploads\\\/2025\\\/11\\\/Cuchy-Perez-Andres-Pichardo-Thea-van-der-Werf-Susana-Deleito-scaled.jpg?fit=2560%2C1706&ssl=1\",\"keywords\":[\"Alma Casa de Campo@es\",\"casa de campo @es\",\"comunidad de casa de campo\",\"Featured\"],\"articleSection\":[\"Casa de Campo Resort &amp; Villas\",\"Comunidad\",\"Eventos\"],\"inLanguage\":\"es\"},{\"@type\":\"WebPage\",\"@id\":\"https:\\\/\\\/casadecampoliving.com\\\/es\\\/concluye-con-exito-tercera-edicion-de-alma-casa-de-campo\\\/\",\"url\":\"https:\\\/\\\/casadecampoliving.com\\\/es\\\/concluye-con-exito-tercera-edicion-de-alma-casa-de-campo\\\/\",\"name\":\"Concluye con \u00e9xito tercera edici\u00f3n de ALMA Casa de Campo | Casa de Campo Living\",\"isPartOf\":{\"@id\":\"https:\\\/\\\/casadecampoliving.com\\\/es\\\/#website\"},\"primaryImageOfPage\":{\"@id\":\"https:\\\/\\\/casadecampoliving.com\\\/es\\\/concluye-con-exito-tercera-edicion-de-alma-casa-de-campo\\\/#primaryimage\"},\"image\":{\"@id\":\"https:\\\/\\\/casadecampoliving.com\\\/es\\\/concluye-con-exito-tercera-edicion-de-alma-casa-de-campo\\\/#primaryimage\"},\"thumbnailUrl\":\"https:\\\/\\\/i0.wp.com\\\/casadecampoliving.com\\\/wp-content\\\/uploads\\\/2025\\\/11\\\/Cuchy-Perez-Andres-Pichardo-Thea-van-der-Werf-Susana-Deleito-scaled.jpg?fit=2560%2C1706&ssl=1\",\"datePublished\":\"2025-11-24T15:10:26+00:00\",\"dateModified\":\"2025-12-10T20:35:21+00:00\",\"description\":\"Casa de Campo Resort &amp; Villas clausur\u00f3 con \u00e9xito rotundo la tercera edici\u00f3n de su aclamado evento, \u00abALMA Casa de Campo\u00bb. Este a\u00f1o, la cita reafirm\u00f3 su\",\"breadcrumb\":{\"@id\":\"https:\\\/\\\/casadecampoliving.com\\\/es\\\/concluye-con-exito-tercera-edicion-de-alma-casa-de-campo\\\/#breadcrumb\"},\"inLanguage\":\"es\",\"potentialAction\":[{\"@type\":\"ReadAction\",\"target\":[\"https:\\\/\\\/casadecampoliving.com\\\/es\\\/concluye-con-exito-tercera-edicion-de-alma-casa-de-campo\\\/\"]}]},{\"@type\":\"ImageObject\",\"inLanguage\":\"es\",\"@id\":\"https:\\\/\\\/casadecampoliving.com\\\/es\\\/concluye-con-exito-tercera-edicion-de-alma-casa-de-campo\\\/#primaryimage\",\"url\":\"https:\\\/\\\/i0.wp.com\\\/casadecampoliving.com\\\/wp-content\\\/uploads\\\/2025\\\/11\\\/Cuchy-Perez-Andres-Pichardo-Thea-van-der-Werf-Susana-Deleito-scaled.jpg?fit=2560%2C1706&ssl=1\",\"contentUrl\":\"https:\\\/\\\/i0.wp.com\\\/casadecampoliving.com\\\/wp-content\\\/uploads\\\/2025\\\/11\\\/Cuchy-Perez-Andres-Pichardo-Thea-van-der-Werf-Susana-Deleito-scaled.jpg?fit=2560%2C1706&ssl=1\",\"width\":2560,\"height\":1706},{\"@type\":\"BreadcrumbList\",\"@id\":\"https:\\\/\\\/casadecampoliving.com\\\/es\\\/concluye-con-exito-tercera-edicion-de-alma-casa-de-campo\\\/#breadcrumb\",\"itemListElement\":[{\"@type\":\"ListItem\",\"position\":1,\"name\":\"Home\",\"item\":\"https:\\\/\\\/casadecampoliving.com\\\/es\\\/\"},{\"@type\":\"ListItem\",\"position\":2,\"name\":\"Concluye con \u00e9xito tercera edici\u00f3n de ALMA Casa de Campo\"}]},{\"@type\":\"WebSite\",\"@id\":\"https:\\\/\\\/casadecampoliving.com\\\/es\\\/#website\",\"url\":\"https:\\\/\\\/casadecampoliving.com\\\/es\\\/\",\"name\":\"Casa de Campo Living\",\"description\":\"Resort community news and resources.\",\"publisher\":{\"@id\":\"https:\\\/\\\/casadecampoliving.com\\\/es\\\/#organization\"},\"potentialAction\":[{\"@type\":\"SearchAction\",\"target\":{\"@type\":\"EntryPoint\",\"urlTemplate\":\"https:\\\/\\\/casadecampoliving.com\\\/es\\\/?s={search_term_string}\"},\"query-input\":{\"@type\":\"PropertyValueSpecification\",\"valueRequired\":true,\"valueName\":\"search_term_string\"}}],\"inLanguage\":\"es\"},{\"@type\":\"Organization\",\"@id\":\"https:\\\/\\\/casadecampoliving.com\\\/es\\\/#organization\",\"name\":\"Casa de Campo Living\",\"url\":\"https:\\\/\\\/casadecampoliving.com\\\/es\\\/\",\"logo\":{\"@type\":\"ImageObject\",\"inLanguage\":\"es\",\"@id\":\"https:\\\/\\\/casadecampoliving.com\\\/es\\\/#\\\/schema\\\/logo\\\/image\\\/\",\"url\":\"https:\\\/\\\/i0.wp.com\\\/casadecampoliving.com\\\/wp-content\\\/uploads\\\/2022\\\/07\\\/CDCLivingLogo_V1-white-sized.png?fit=800%2C214&ssl=1\",\"contentUrl\":\"https:\\\/\\\/i0.wp.com\\\/casadecampoliving.com\\\/wp-content\\\/uploads\\\/2022\\\/07\\\/CDCLivingLogo_V1-white-sized.png?fit=800%2C214&ssl=1\",\"width\":800,\"height\":214,\"caption\":\"Casa de Campo Living\"},\"image\":{\"@id\":\"https:\\\/\\\/casadecampoliving.com\\\/es\\\/#\\\/schema\\\/logo\\\/image\\\/\"},\"sameAs\":[\"https:\\\/\\\/www.facebook.com\\\/casadecampoliving\",\"https:\\\/\\\/x.com\\\/cdcliving\"]},{\"@type\":\"Person\",\"@id\":\"https:\\\/\\\/casadecampoliving.com\\\/es\\\/#\\\/schema\\\/person\\\/932e594484c49168ad37fbb9141bf699\",\"name\":\"Mairobi Herrera\",\"image\":{\"@type\":\"ImageObject\",\"inLanguage\":\"es\",\"@id\":\"https:\\\/\\\/secure.gravatar.com\\\/avatar\\\/d0bf6c19470eb55d83c719e39672f670b2c4412339af1eb8a08f86427ba98ee8?s=96&d=mm&r=g\",\"url\":\"https:\\\/\\\/secure.gravatar.com\\\/avatar\\\/d0bf6c19470eb55d83c719e39672f670b2c4412339af1eb8a08f86427ba98ee8?s=96&d=mm&r=g\",\"contentUrl\":\"https:\\\/\\\/secure.gravatar.com\\\/avatar\\\/d0bf6c19470eb55d83c719e39672f670b2c4412339af1eb8a08f86427ba98ee8?s=96&d=mm&r=g\",\"caption\":\"Mairobi Herrera\"},\"sameAs\":[\"https:\\\/\\\/casadecampoliving.com\\\/\"],\"url\":\"https:\\\/\\\/casadecampoliving.com\\\/es\\\/author\\\/mherrera\\\/\"}]}<\/script>\n<!-- \/ Yoast SEO plugin. -->","yoast_head_json":{"title":"Concluye con \u00e9xito tercera edici\u00f3n de ALMA Casa de Campo | Casa de Campo Living","description":"Casa de Campo Resort &amp; Villas clausur\u00f3 con \u00e9xito rotundo la tercera edici\u00f3n de su aclamado evento, \u00abALMA Casa de Campo\u00bb. Este a\u00f1o, la cita reafirm\u00f3 su","robots":{"index":"index","follow":"follow","max-snippet":"max-snippet:-1","max-image-preview":"max-image-preview:large","max-video-preview":"max-video-preview:-1"},"canonical":"https:\/\/casadecampoliving.com\/es\/concluye-con-exito-tercera-edicion-de-alma-casa-de-campo\/","og_locale":"es_ES","og_type":"article","og_title":"Concluye con \u00e9xito tercera edici\u00f3n de ALMA Casa de Campo | Casa de Campo Living","og_description":"Casa de Campo Resort &amp; Villas clausur\u00f3 con \u00e9xito rotundo la tercera edici\u00f3n de su aclamado evento, \u00abALMA Casa de Campo\u00bb. Este a\u00f1o, la cita reafirm\u00f3 su","og_url":"https:\/\/casadecampoliving.com\/es\/concluye-con-exito-tercera-edicion-de-alma-casa-de-campo\/","og_site_name":"Casa de Campo Living","article_publisher":"https:\/\/www.facebook.com\/casadecampoliving","article_published_time":"2025-11-24T15:10:26+00:00","article_modified_time":"2025-12-10T20:35:21+00:00","og_image":[{"width":2560,"height":1706,"url":"https:\/\/casadecampoliving.com\/wp-content\/uploads\/2025\/11\/Cuchy-Perez-Andres-Pichardo-Thea-van-der-Werf-Susana-Deleito-scaled.jpg","type":"image\/jpeg"}],"author":"Mairobi Herrera","twitter_card":"summary_large_image","twitter_creator":"@cdcliving","twitter_site":"@cdcliving","twitter_misc":{"Escrito por":"Mairobi Herrera","Tiempo de lectura":"18 minutos"},"schema":{"@context":"https:\/\/schema.org","@graph":[{"@type":"Article","@id":"https:\/\/casadecampoliving.com\/es\/concluye-con-exito-tercera-edicion-de-alma-casa-de-campo\/#article","isPartOf":{"@id":"https:\/\/casadecampoliving.com\/es\/concluye-con-exito-tercera-edicion-de-alma-casa-de-campo\/"},"author":{"name":"Mairobi Herrera","@id":"https:\/\/casadecampoliving.com\/es\/#\/schema\/person\/932e594484c49168ad37fbb9141bf699"},"headline":"Concluye con \u00e9xito tercera edici\u00f3n de ALMA Casa de Campo","datePublished":"2025-11-24T15:10:26+00:00","dateModified":"2025-12-10T20:35:21+00:00","mainEntityOfPage":{"@id":"https:\/\/casadecampoliving.com\/es\/concluye-con-exito-tercera-edicion-de-alma-casa-de-campo\/"},"wordCount":551,"publisher":{"@id":"https:\/\/casadecampoliving.com\/es\/#organization"},"image":{"@id":"https:\/\/casadecampoliving.com\/es\/concluye-con-exito-tercera-edicion-de-alma-casa-de-campo\/#primaryimage"},"thumbnailUrl":"https:\/\/i0.wp.com\/casadecampoliving.com\/wp-content\/uploads\/2025\/11\/Cuchy-Perez-Andres-Pichardo-Thea-van-der-Werf-Susana-Deleito-scaled.jpg?fit=2560%2C1706&ssl=1","keywords":["Alma Casa de Campo@es","casa de campo @es","comunidad de casa de campo","Featured"],"articleSection":["Casa de Campo Resort &amp; Villas","Comunidad","Eventos"],"inLanguage":"es"},{"@type":"WebPage","@id":"https:\/\/casadecampoliving.com\/es\/concluye-con-exito-tercera-edicion-de-alma-casa-de-campo\/","url":"https:\/\/casadecampoliving.com\/es\/concluye-con-exito-tercera-edicion-de-alma-casa-de-campo\/","name":"Concluye con \u00e9xito tercera edici\u00f3n de ALMA Casa de Campo | Casa de Campo Living","isPartOf":{"@id":"https:\/\/casadecampoliving.com\/es\/#website"},"primaryImageOfPage":{"@id":"https:\/\/casadecampoliving.com\/es\/concluye-con-exito-tercera-edicion-de-alma-casa-de-campo\/#primaryimage"},"image":{"@id":"https:\/\/casadecampoliving.com\/es\/concluye-con-exito-tercera-edicion-de-alma-casa-de-campo\/#primaryimage"},"thumbnailUrl":"https:\/\/i0.wp.com\/casadecampoliving.com\/wp-content\/uploads\/2025\/11\/Cuchy-Perez-Andres-Pichardo-Thea-van-der-Werf-Susana-Deleito-scaled.jpg?fit=2560%2C1706&ssl=1","datePublished":"2025-11-24T15:10:26+00:00","dateModified":"2025-12-10T20:35:21+00:00","description":"Casa de Campo Resort &amp; Villas clausur\u00f3 con \u00e9xito rotundo la tercera edici\u00f3n de su aclamado evento, \u00abALMA Casa de Campo\u00bb. Este a\u00f1o, la cita reafirm\u00f3 su","breadcrumb":{"@id":"https:\/\/casadecampoliving.com\/es\/concluye-con-exito-tercera-edicion-de-alma-casa-de-campo\/#breadcrumb"},"inLanguage":"es","potentialAction":[{"@type":"ReadAction","target":["https:\/\/casadecampoliving.com\/es\/concluye-con-exito-tercera-edicion-de-alma-casa-de-campo\/"]}]},{"@type":"ImageObject","inLanguage":"es","@id":"https:\/\/casadecampoliving.com\/es\/concluye-con-exito-tercera-edicion-de-alma-casa-de-campo\/#primaryimage","url":"https:\/\/i0.wp.com\/casadecampoliving.com\/wp-content\/uploads\/2025\/11\/Cuchy-Perez-Andres-Pichardo-Thea-van-der-Werf-Susana-Deleito-scaled.jpg?fit=2560%2C1706&ssl=1","contentUrl":"https:\/\/i0.wp.com\/casadecampoliving.com\/wp-content\/uploads\/2025\/11\/Cuchy-Perez-Andres-Pichardo-Thea-van-der-Werf-Susana-Deleito-scaled.jpg?fit=2560%2C1706&ssl=1","width":2560,"height":1706},{"@type":"BreadcrumbList","@id":"https:\/\/casadecampoliving.com\/es\/concluye-con-exito-tercera-edicion-de-alma-casa-de-campo\/#breadcrumb","itemListElement":[{"@type":"ListItem","position":1,"name":"Home","item":"https:\/\/casadecampoliving.com\/es\/"},{"@type":"ListItem","position":2,"name":"Concluye con \u00e9xito tercera edici\u00f3n de ALMA Casa de Campo"}]},{"@type":"WebSite","@id":"https:\/\/casadecampoliving.com\/es\/#website","url":"https:\/\/casadecampoliving.com\/es\/","name":"Casa de Campo Living","description":"Resort community news and resources.","publisher":{"@id":"https:\/\/casadecampoliving.com\/es\/#organization"},"potentialAction":[{"@type":"SearchAction","target":{"@type":"EntryPoint","urlTemplate":"https:\/\/casadecampoliving.com\/es\/?s={search_term_string}"},"query-input":{"@type":"PropertyValueSpecification","valueRequired":true,"valueName":"search_term_string"}}],"inLanguage":"es"},{"@type":"Organization","@id":"https:\/\/casadecampoliving.com\/es\/#organization","name":"Casa de Campo Living","url":"https:\/\/casadecampoliving.com\/es\/","logo":{"@type":"ImageObject","inLanguage":"es","@id":"https:\/\/casadecampoliving.com\/es\/#\/schema\/logo\/image\/","url":"https:\/\/i0.wp.com\/casadecampoliving.com\/wp-content\/uploads\/2022\/07\/CDCLivingLogo_V1-white-sized.png?fit=800%2C214&ssl=1","contentUrl":"https:\/\/i0.wp.com\/casadecampoliving.com\/wp-content\/uploads\/2022\/07\/CDCLivingLogo_V1-white-sized.png?fit=800%2C214&ssl=1","width":800,"height":214,"caption":"Casa de Campo Living"},"image":{"@id":"https:\/\/casadecampoliving.com\/es\/#\/schema\/logo\/image\/"},"sameAs":["https:\/\/www.facebook.com\/casadecampoliving","https:\/\/x.com\/cdcliving"]},{"@type":"Person","@id":"https:\/\/casadecampoliving.com\/es\/#\/schema\/person\/932e594484c49168ad37fbb9141bf699","name":"Mairobi Herrera","image":{"@type":"ImageObject","inLanguage":"es","@id":"https:\/\/secure.gravatar.com\/avatar\/d0bf6c19470eb55d83c719e39672f670b2c4412339af1eb8a08f86427ba98ee8?s=96&d=mm&r=g","url":"https:\/\/secure.gravatar.com\/avatar\/d0bf6c19470eb55d83c719e39672f670b2c4412339af1eb8a08f86427ba98ee8?s=96&d=mm&r=g","contentUrl":"https:\/\/secure.gravatar.com\/avatar\/d0bf6c19470eb55d83c719e39672f670b2c4412339af1eb8a08f86427ba98ee8?s=96&d=mm&r=g","caption":"Mairobi Herrera"},"sameAs":["https:\/\/casadecampoliving.com\/"],"url":"https:\/\/casadecampoliving.com\/es\/author\/mherrera\/"}]}},"parsely":{"version":"1.1.0","canonical_url":"https:\/\/casadecampoliving.com\/es\/concluye-con-exito-tercera-edicion-de-alma-casa-de-campo\/","smart_links":{"inbound":0,"outbound":0},"traffic_boost_suggestions_count":0,"meta":{"@context":"https:\/\/schema.org","@type":"NewsArticle","headline":"Concluye con \u00e9xito tercera edici\u00f3n de ALMA Casa de Campo","url":"http:\/\/casadecampoliving.com\/es\/concluye-con-exito-tercera-edicion-de-alma-casa-de-campo\/","mainEntityOfPage":{"@type":"WebPage","@id":"http:\/\/casadecampoliving.com\/es\/concluye-con-exito-tercera-edicion-de-alma-casa-de-campo\/"},"thumbnailUrl":"https:\/\/i0.wp.com\/casadecampoliving.com\/wp-content\/uploads\/2025\/11\/Cuchy-Perez-Andres-Pichardo-Thea-van-der-Werf-Susana-Deleito-scaled.jpg?resize=150%2C150&ssl=1","image":{"@type":"ImageObject","url":"https:\/\/i0.wp.com\/casadecampoliving.com\/wp-content\/uploads\/2025\/11\/Cuchy-Perez-Andres-Pichardo-Thea-van-der-Werf-Susana-Deleito-scaled.jpg?fit=2560%2C1706&ssl=1"},"articleSection":"Casa de Campo Resort &amp; Villas","author":[{"@type":"Person","name":"Mairobi Herrera"}],"creator":["Mairobi Herrera"],"publisher":{"@type":"Organization","name":"Casa de Campo Living","logo":"https:\/\/casadecampoliving.com\/wp-content\/uploads\/2022\/07\/CDCLivingLogo_V1-white-sized.png"},"keywords":["alma casa de campo@es","casa de campo @es","comunidad de casa de campo","featured"],"dateCreated":"2025-11-24T15:10:26Z","datePublished":"2025-11-24T15:10:26Z","dateModified":"2025-12-10T20:35:21Z"},"rendered":"<script type=\"application\/ld+json\" class=\"wp-parsely-metadata\">{\"@context\":\"https:\\\/\\\/schema.org\",\"@type\":\"NewsArticle\",\"headline\":\"Concluye con \\u00e9xito tercera edici\\u00f3n de ALMA Casa de Campo\",\"url\":\"http:\\\/\\\/casadecampoliving.com\\\/es\\\/concluye-con-exito-tercera-edicion-de-alma-casa-de-campo\\\/\",\"mainEntityOfPage\":{\"@type\":\"WebPage\",\"@id\":\"http:\\\/\\\/casadecampoliving.com\\\/es\\\/concluye-con-exito-tercera-edicion-de-alma-casa-de-campo\\\/\"},\"thumbnailUrl\":\"https:\\\/\\\/i0.wp.com\\\/casadecampoliving.com\\\/wp-content\\\/uploads\\\/2025\\\/11\\\/Cuchy-Perez-Andres-Pichardo-Thea-van-der-Werf-Susana-Deleito-scaled.jpg?resize=150%2C150&ssl=1\",\"image\":{\"@type\":\"ImageObject\",\"url\":\"https:\\\/\\\/i0.wp.com\\\/casadecampoliving.com\\\/wp-content\\\/uploads\\\/2025\\\/11\\\/Cuchy-Perez-Andres-Pichardo-Thea-van-der-Werf-Susana-Deleito-scaled.jpg?fit=2560%2C1706&ssl=1\"},\"articleSection\":\"Casa de Campo Resort &amp; Villas\",\"author\":[{\"@type\":\"Person\",\"name\":\"Mairobi Herrera\"}],\"creator\":[\"Mairobi Herrera\"],\"publisher\":{\"@type\":\"Organization\",\"name\":\"Casa de Campo Living\",\"logo\":\"https:\\\/\\\/casadecampoliving.com\\\/wp-content\\\/uploads\\\/2022\\\/07\\\/CDCLivingLogo_V1-white-sized.png\"},\"keywords\":[\"alma casa de campo@es\",\"casa de campo @es\",\"comunidad de casa de campo\",\"featured\"],\"dateCreated\":\"2025-11-24T15:10:26Z\",\"datePublished\":\"2025-11-24T15:10:26Z\",\"dateModified\":\"2025-12-10T20:35:21Z\"}<\/script>","tracker_url":"https:\/\/cdn.parsely.com\/keys\/casadecampoliving.com\/p.js"},"jetpack_publicize_connections":[],"jetpack_featured_media_url":"https:\/\/i0.wp.com\/casadecampoliving.com\/wp-content\/uploads\/2025\/11\/Cuchy-Perez-Andres-Pichardo-Thea-van-der-Werf-Susana-Deleito-scaled.jpg?fit=2560%2C1706&ssl=1","jetpack-related-posts":[{"id":546277,"url":"https:\/\/casadecampoliving.com\/es\/alma-casa-de-campo-regresa-con-su-tercera-edicion-celebrando-a-espana-en-el-caribe\/","url_meta":{"origin":545794,"position":0},"title":"Alma Casa de Campo Regresa con su Tercera Edici\u00f3n, Celebrando a Espa\u00f1a en el Caribe","author":"Casa de Campo Living","date":"2 Sep, 2025","format":false,"excerpt":"Espa\u00f1a llega al Caribe este noviembre, cuando Casa de Campo Resort & Villas se prepara para la tercera edici\u00f3n de Alma Casa de Campo: Spanish Fair, que se celebrar\u00e1 del 20 al 22 de noviembre de 2025. El evento promete tres d\u00edas de delicias culinarias, m\u00fasica, arte y tradici\u00f3n, todo\u2026","rel":"","context":"En \u00abCasa de Campo Resort &amp; Villas\u00bb","block_context":{"text":"Casa de Campo Resort &amp; Villas","link":"https:\/\/casadecampoliving.com\/es\/category\/casa-de-campo-resort-villas\/"},"img":{"alt_text":"","src":"https:\/\/i0.wp.com\/casadecampoliving.com\/wp-content\/uploads\/2025\/09\/FN3A4772-scaled.jpg?fit=1200%2C800&ssl=1&resize=350%2C200","width":350,"height":200,"srcset":"https:\/\/i0.wp.com\/casadecampoliving.com\/wp-content\/uploads\/2025\/09\/FN3A4772-scaled.jpg?fit=1200%2C800&ssl=1&resize=350%2C200 1x, https:\/\/i0.wp.com\/casadecampoliving.com\/wp-content\/uploads\/2025\/09\/FN3A4772-scaled.jpg?fit=1200%2C800&ssl=1&resize=525%2C300 1.5x, https:\/\/i0.wp.com\/casadecampoliving.com\/wp-content\/uploads\/2025\/09\/FN3A4772-scaled.jpg?fit=1200%2C800&ssl=1&resize=700%2C400 2x, https:\/\/i0.wp.com\/casadecampoliving.com\/wp-content\/uploads\/2025\/09\/FN3A4772-scaled.jpg?fit=1200%2C800&ssl=1&resize=1050%2C600 3x"},"classes":[]},{"id":519450,"url":"https:\/\/casadecampoliving.com\/es\/casa-de-campo-living-celebra-su-edicion-de-verano\/","url_meta":{"origin":545794,"position":1},"title":"Casa de Campo Living celebra su edici\u00f3n de verano","author":"Casa de Campo Living","date":"26 Jun, 2023","format":false,"excerpt":"Casa de Campo Living, en colaboraci\u00f3n con Casa de Campo Resort & Villas, celebr\u00f3 el esperado lanzamiento de su edici\u00f3n de verano con una espectacular fiesta de c\u00f3ctel. El evento tuvo lugar el viernes 23 de junio en la magn\u00edfica piscina principal de Casa de Campo, creando una noche inolvidable\u2026","rel":"","context":"En \u00abCCL presenta\u00bb","block_context":{"text":"CCL presenta","link":"https:\/\/casadecampoliving.com\/es\/category\/casa-de-campo-living-es\/ccl-presenta\/"},"img":{"alt_text":"","src":"https:\/\/i0.wp.com\/casadecampoliving.com\/wp-content\/uploads\/2023\/06\/CCL-Cover-party-35.jpg?fit=1049%2C700&ssl=1&resize=350%2C200","width":350,"height":200,"srcset":"https:\/\/i0.wp.com\/casadecampoliving.com\/wp-content\/uploads\/2023\/06\/CCL-Cover-party-35.jpg?fit=1049%2C700&ssl=1&resize=350%2C200 1x, https:\/\/i0.wp.com\/casadecampoliving.com\/wp-content\/uploads\/2023\/06\/CCL-Cover-party-35.jpg?fit=1049%2C700&ssl=1&resize=525%2C300 1.5x, https:\/\/i0.wp.com\/casadecampoliving.com\/wp-content\/uploads\/2023\/06\/CCL-Cover-party-35.jpg?fit=1049%2C700&ssl=1&resize=700%2C400 2x"},"classes":[]},{"id":534057,"url":"https:\/\/casadecampoliving.com\/es\/casa-de-campo-sera-anfitrion-de-la-segunda-edicion-de-alma-por-the-sphere\/","url_meta":{"origin":545794,"position":2},"title":"Casa de Campo ser\u00e1 Anfitri\u00f3n de la Segunda Edici\u00f3n de ALMA por The Sphere","author":"Casa de Campo Living","date":"23 Oct, 2024","format":false,"excerpt":"Casa de Campo Resort & Villas ser\u00e1 una vez m\u00e1s el punto focal del intercambio cultural al acoger la segunda edici\u00f3n de ALMA by The Sphere del 1 al 3 de noviembre de 2024. Este evento, fundado por los empresarios espa\u00f1oles Cuchy P\u00e9rez y Susana Deleito, trae las ricas tradiciones\u2026","rel":"","context":"En \u00abAltos de Chav\u00f3n\u00bb","block_context":{"text":"Altos de Chav\u00f3n","link":"https:\/\/casadecampoliving.com\/es\/category\/altos-de-chavon-6\/"},"img":{"alt_text":"","src":"https:\/\/i0.wp.com\/casadecampoliving.com\/wp-content\/uploads\/2024\/10\/IMG-20240925-WA0009.jpg?fit=1200%2C878&ssl=1&resize=350%2C200","width":350,"height":200,"srcset":"https:\/\/i0.wp.com\/casadecampoliving.com\/wp-content\/uploads\/2024\/10\/IMG-20240925-WA0009.jpg?fit=1200%2C878&ssl=1&resize=350%2C200 1x, https:\/\/i0.wp.com\/casadecampoliving.com\/wp-content\/uploads\/2024\/10\/IMG-20240925-WA0009.jpg?fit=1200%2C878&ssl=1&resize=525%2C300 1.5x, https:\/\/i0.wp.com\/casadecampoliving.com\/wp-content\/uploads\/2024\/10\/IMG-20240925-WA0009.jpg?fit=1200%2C878&ssl=1&resize=700%2C400 2x, https:\/\/i0.wp.com\/casadecampoliving.com\/wp-content\/uploads\/2024\/10\/IMG-20240925-WA0009.jpg?fit=1200%2C878&ssl=1&resize=1050%2C600 3x"},"classes":[]},{"id":354368,"url":"https:\/\/casadecampoliving.com\/es\/el-fourball-americas-casa-de-campo-ya-tiene-fecha-para-su-segunda-edicion\/","url_meta":{"origin":545794,"position":3},"title":"El Fourball Am\u00e9ricas Casa de Campo ya tiene fecha para su segunda edici\u00f3n","author":"Casa de Campo Living","date":"4 May, 2022","format":false,"excerpt":"A menos de una semana para que comience la 1ra edici\u00f3n del Fourball Am\u00e9ricas Casa de Campo, se espera que el campeonato sea un \u00e9xito total con 112 golfistas inscriptos de ocho pa\u00edses de la regi\u00f3n. El campeonato se origin\u00f3 tras una alianza entre Wegolf y Casa de Campo. El\u2026","rel":"","context":"En \u00abCasa de Campo Living @es\u00bb","block_context":{"text":"Casa de Campo Living @es","link":"https:\/\/casadecampoliving.com\/category\/casa-de-campo-living-es\/"},"img":{"alt_text":"","src":"https:\/\/i0.wp.com\/casadecampoliving.com\/wp-content\/uploads\/2022\/10\/11-Teeth-of-The-Dog-1.jpg?fit=994%2C601&ssl=1&resize=350%2C200","width":350,"height":200,"srcset":"https:\/\/i0.wp.com\/casadecampoliving.com\/wp-content\/uploads\/2022\/10\/11-Teeth-of-The-Dog-1.jpg?fit=994%2C601&ssl=1&resize=350%2C200 1x, https:\/\/i0.wp.com\/casadecampoliving.com\/wp-content\/uploads\/2022\/10\/11-Teeth-of-The-Dog-1.jpg?fit=994%2C601&ssl=1&resize=525%2C300 1.5x, https:\/\/i0.wp.com\/casadecampoliving.com\/wp-content\/uploads\/2022\/10\/11-Teeth-of-The-Dog-1.jpg?fit=994%2C601&ssl=1&resize=700%2C400 2x"},"classes":[]},{"id":544490,"url":"https:\/\/casadecampoliving.com\/es\/tercera-edicion-del-food-wine-festival-conluye-con-rotundo-exito\/","url_meta":{"origin":545794,"position":4},"title":"Tercera edici\u00f3n del Food &amp; Wine Festival conluye con rotundo \u00e9xito","author":"Mairobi Herrera","date":"17 Oct, 2025","format":false,"excerpt":"Casa de Campo Resort & Villas celebr\u00f3 con rotundo \u00e9xito la tercera edici\u00f3n del Casa de Campo Food & Wine Festival 2025, presentado por American Express, reuniendo a reconocidos chefs internacionales, destacadas marcas de bebidas y productos gourmet, y amantes de la gastronom\u00eda de todo el mundo en un fin\u2026","rel":"","context":"En \u00abCasa de Campo Resort &amp; Villas\u00bb","block_context":{"text":"Casa de Campo Resort &amp; Villas","link":"https:\/\/casadecampoliving.com\/es\/category\/casa-de-campo-resort-villas\/"},"img":{"alt_text":"","src":"https:\/\/i0.wp.com\/casadecampoliving.com\/wp-content\/uploads\/2025\/10\/FN3A6202-scaled.jpg?fit=1200%2C800&ssl=1&resize=350%2C200","width":350,"height":200,"srcset":"https:\/\/i0.wp.com\/casadecampoliving.com\/wp-content\/uploads\/2025\/10\/FN3A6202-scaled.jpg?fit=1200%2C800&ssl=1&resize=350%2C200 1x, https:\/\/i0.wp.com\/casadecampoliving.com\/wp-content\/uploads\/2025\/10\/FN3A6202-scaled.jpg?fit=1200%2C800&ssl=1&resize=525%2C300 1.5x, https:\/\/i0.wp.com\/casadecampoliving.com\/wp-content\/uploads\/2025\/10\/FN3A6202-scaled.jpg?fit=1200%2C800&ssl=1&resize=700%2C400 2x, https:\/\/i0.wp.com\/casadecampoliving.com\/wp-content\/uploads\/2025\/10\/FN3A6202-scaled.jpg?fit=1200%2C800&ssl=1&resize=1050%2C600 3x"},"classes":[]},{"id":544795,"url":"https:\/\/casadecampoliving.com\/es\/alma-y-casa-de-campo-fungen-como-puente-cultural-y-de-negocios-entre-espana-y-republica-dominicana\/","url_meta":{"origin":545794,"position":5},"title":"ALMA y Casa de Campo fungen como puente cultural y de negocios entre Espa\u00f1a y Rep\u00fablica Dominicana","author":"Mairobi Herrera","date":"27 Oct, 2025","format":false,"excerpt":"Casa de Campo se prepara para acoger la tercera edici\u00f3n de \"ALMA Casa de Campo: Feria Espa\u00f1ola\" del 20 al 22 de noviembre de 2025, un evento que contribuye con el fortalecimiento de las relaciones culturales y empresariales entre Espa\u00f1a y la Rep\u00fablica Dominicana. Fundado por las empresarias espa\u00f1olas Cuchy\u2026","rel":"","context":"En \u00abCasa de Campo Resort &amp; Villas\u00bb","block_context":{"text":"Casa de Campo Resort &amp; Villas","link":"https:\/\/casadecampoliving.com\/es\/category\/casa-de-campo-resort-villas\/"},"img":{"alt_text":"","src":"https:\/\/i0.wp.com\/casadecampoliving.com\/wp-content\/uploads\/2025\/10\/WhatsApp-Image-2025-10-22-at-10.32.19-AM-1-scaled.jpg?fit=1200%2C900&ssl=1&resize=350%2C200","width":350,"height":200,"srcset":"https:\/\/i0.wp.com\/casadecampoliving.com\/wp-content\/uploads\/2025\/10\/WhatsApp-Image-2025-10-22-at-10.32.19-AM-1-scaled.jpg?fit=1200%2C900&ssl=1&resize=350%2C200 1x, https:\/\/i0.wp.com\/casadecampoliving.com\/wp-content\/uploads\/2025\/10\/WhatsApp-Image-2025-10-22-at-10.32.19-AM-1-scaled.jpg?fit=1200%2C900&ssl=1&resize=525%2C300 1.5x, https:\/\/i0.wp.com\/casadecampoliving.com\/wp-content\/uploads\/2025\/10\/WhatsApp-Image-2025-10-22-at-10.32.19-AM-1-scaled.jpg?fit=1200%2C900&ssl=1&resize=700%2C400 2x, https:\/\/i0.wp.com\/casadecampoliving.com\/wp-content\/uploads\/2025\/10\/WhatsApp-Image-2025-10-22-at-10.32.19-AM-1-scaled.jpg?fit=1200%2C900&ssl=1&resize=1050%2C600 3x"},"classes":[]}],"jetpack_sharing_enabled":true,"_links":{"self":[{"href":"https:\/\/casadecampoliving.com\/es\/wp-json\/wp\/v2\/posts\/545794","targetHints":{"allow":["GET"]}}],"collection":[{"href":"https:\/\/casadecampoliving.com\/es\/wp-json\/wp\/v2\/posts"}],"about":[{"href":"https:\/\/casadecampoliving.com\/es\/wp-json\/wp\/v2\/types\/post"}],"author":[{"embeddable":true,"href":"https:\/\/casadecampoliving.com\/es\/wp-json\/wp\/v2\/users\/431"}],"replies":[{"embeddable":true,"href":"https:\/\/casadecampoliving.com\/es\/wp-json\/wp\/v2\/comments?post=545794"}],"version-history":[{"count":1,"href":"https:\/\/casadecampoliving.com\/es\/wp-json\/wp\/v2\/posts\/545794\/revisions"}],"predecessor-version":[{"id":545950,"href":"https:\/\/casadecampoliving.com\/es\/wp-json\/wp\/v2\/posts\/545794\/revisions\/545950"}],"wp:featuredmedia":[{"embeddable":true,"href":"https:\/\/casadecampoliving.com\/es\/wp-json\/wp\/v2\/media\/545795"}],"wp:attachment":[{"href":"https:\/\/casadecampoliving.com\/es\/wp-json\/wp\/v2\/media?parent=545794"}],"wp:term":[{"taxonomy":"category","embeddable":true,"href":"https:\/\/casadecampoliving.com\/es\/wp-json\/wp\/v2\/categories?post=545794"},{"taxonomy":"post_tag","embeddable":true,"href":"https:\/\/casadecampoliving.com\/es\/wp-json\/wp\/v2\/tags?post=545794"},{"taxonomy":"newspack_spnsrs_tax","embeddable":true,"href":"https:\/\/casadecampoliving.com\/es\/wp-json\/wp\/v2\/newspack_spnsrs_tax?post=545794"}],"curies":[{"name":"wp","href":"https:\/\/api.w.org\/{rel}","templated":true}]}}