{"id":545411,"date":"2025-11-18T07:38:49","date_gmt":"2025-11-18T11:38:49","guid":{"rendered":"https:\/\/casadecampoliving.com\/?p=545411"},"modified":"2025-11-18T14:16:32","modified_gmt":"2025-11-18T18:16:32","slug":"de-antonio-yachts-debuta-en-la-marina-junto-a-bvlgari-en-una-soiree-de-lujo","status":"publish","type":"post","link":"https:\/\/casadecampoliving.com\/es\/de-antonio-yachts-debuta-en-la-marina-junto-a-bvlgari-en-una-soiree-de-lujo\/","title":{"rendered":"De Antonio Yachts debuta en La Marina junto a Bvlgari en una soir\u00e9e de lujo"},"content":{"rendered":"\n<p>IB Nautica Group celebr\u00f3 una velada inolvidable con la <em>premi\u00e8re<\/em> oficial de De Antonio Yachts en la Rep\u00fablica Dominicana, tras integrarse al exclusivo portafolio de IBI Yachts. El evento, titulado <strong>\u201cYachts &amp; Watches\u201d<\/strong>, marc\u00f3 el inicio formal de la presencia de la reconocida firma espa\u00f1ola en el mercado dominicano, en colaboraci\u00f3n con la prestigiosa casa italiana <strong>Bvlgari<\/strong>.<\/p>\n\n\n<div class=\"wp-block-image\">\n<figure class=\"alignright size-large\"><img data-recalc-dims=\"1\" loading=\"lazy\" decoding=\"async\" width=\"683\" height=\"1024\" data-attachment-id=\"545414\" data-permalink=\"https:\/\/casadecampoliving.com\/es\/de-antonio-yachts-debuta-en-la-marina-junto-a-bvlgari-en-una-soiree-de-lujo\/7s1a9020\/\" data-orig-file=\"https:\/\/i0.wp.com\/casadecampoliving.com\/wp-content\/uploads\/2025\/11\/7S1A9020-scaled.jpg?fit=1707%2C2560&amp;ssl=1\" data-orig-size=\"1707,2560\" data-comments-opened=\"0\" data-image-meta=\"{&quot;aperture&quot;:&quot;2.8&quot;,&quot;credit&quot;:&quot;&quot;,&quot;camera&quot;:&quot;Canon EOS R6m2&quot;,&quot;caption&quot;:&quot;&quot;,&quot;created_timestamp&quot;:&quot;1763162754&quot;,&quot;copyright&quot;:&quot;&quot;,&quot;focal_length&quot;:&quot;65&quot;,&quot;iso&quot;:&quot;2500&quot;,&quot;shutter_speed&quot;:&quot;0.00625&quot;,&quot;title&quot;:&quot;&quot;,&quot;orientation&quot;:&quot;0&quot;}\" data-image-title=\"7S1A9020\" data-image-description=\"\" data-image-caption=\"\" data-large-file=\"https:\/\/i0.wp.com\/casadecampoliving.com\/wp-content\/uploads\/2025\/11\/7S1A9020-scaled.jpg?fit=683%2C1024&amp;ssl=1\" src=\"https:\/\/i0.wp.com\/casadecampoliving.com\/wp-content\/uploads\/2025\/11\/7S1A9020.jpg?resize=683%2C1024&#038;ssl=1\" alt=\"\" class=\"wp-image-545414\" srcset=\"https:\/\/i0.wp.com\/casadecampoliving.com\/wp-content\/uploads\/2025\/11\/7S1A9020-scaled.jpg?resize=683%2C1024&amp;ssl=1 683w, https:\/\/i0.wp.com\/casadecampoliving.com\/wp-content\/uploads\/2025\/11\/7S1A9020-scaled.jpg?resize=200%2C300&amp;ssl=1 200w, https:\/\/i0.wp.com\/casadecampoliving.com\/wp-content\/uploads\/2025\/11\/7S1A9020-scaled.jpg?resize=768%2C1152&amp;ssl=1 768w, https:\/\/i0.wp.com\/casadecampoliving.com\/wp-content\/uploads\/2025\/11\/7S1A9020-scaled.jpg?resize=1024%2C1536&amp;ssl=1 1024w, https:\/\/i0.wp.com\/casadecampoliving.com\/wp-content\/uploads\/2025\/11\/7S1A9020-scaled.jpg?resize=1365%2C2048&amp;ssl=1 1365w, https:\/\/i0.wp.com\/casadecampoliving.com\/wp-content\/uploads\/2025\/11\/7S1A9020-scaled.jpg?resize=1200%2C1800&amp;ssl=1 1200w, https:\/\/i0.wp.com\/casadecampoliving.com\/wp-content\/uploads\/2025\/11\/7S1A9020-scaled.jpg?resize=2000%2C3000&amp;ssl=1 2000w, https:\/\/i0.wp.com\/casadecampoliving.com\/wp-content\/uploads\/2025\/11\/7S1A9020-scaled.jpg?resize=780%2C1170&amp;ssl=1 780w, https:\/\/i0.wp.com\/casadecampoliving.com\/wp-content\/uploads\/2025\/11\/7S1A9020-scaled.jpg?resize=400%2C600&amp;ssl=1 400w, https:\/\/i0.wp.com\/casadecampoliving.com\/wp-content\/uploads\/2025\/11\/7S1A9020-scaled.jpg?resize=1320%2C1980&amp;ssl=1 1320w, https:\/\/i0.wp.com\/casadecampoliving.com\/wp-content\/uploads\/2025\/11\/7S1A9020-scaled.jpg?resize=150%2C225&amp;ssl=1 150w, https:\/\/i0.wp.com\/casadecampoliving.com\/wp-content\/uploads\/2025\/11\/7S1A9020-scaled.jpg?w=1707&amp;ssl=1 1707w, https:\/\/i0.wp.com\/casadecampoliving.com\/wp-content\/uploads\/2025\/11\/7S1A9020-683x1024.jpg?w=370&amp;ssl=1 370w\" sizes=\"auto, (max-width: 683px) 100vw, 683px\" \/><\/figure>\n<\/div>\n\n\n<p>La soir\u00e9e tuvo lugar en el Yachts Caf\u00e9 de Marina Casa de Campo, en un ambiente que fusion\u00f3 minimalismo mediterr\u00e1neo, dise\u00f1o contempor\u00e1neo y la elegancia caracter\u00edstica del universo del lujo. Los invitados disfrutaron de una experiencia sensorial \u00fanica que celebr\u00f3 la innovaci\u00f3n tanto en la industria n\u00e1utica como en la relojer\u00eda de alta gama.<\/p>\n\n\n\n<p>Durante la noche, los asistentes pudieron conocer de cerca el modelo en exhibici\u00f3n de De Antonio Yachts, reconocido por su arquitectura n\u00e1utica minimalista, su ingenier\u00eda de alto rendimiento y su est\u00e9tica revolucionaria, que ha redefinido la navegaci\u00f3n contempor\u00e1nea en Europa. La llegada de la marca al pa\u00eds establece un nuevo est\u00e1ndar para el mercado caribe\u00f1o de yates de lujo.<\/p>\n\n\n\n<p>Bvlgari acompa\u00f1\u00f3 la experiencia como casa invitada, presentando una selecci\u00f3n exclusiva de sus piezas de relojer\u00eda m\u00e1s emblem\u00e1ticas. Una exhibici\u00f3n que elev\u00f3 la atm\u00f3sfera del evento y reflej\u00f3 la uni\u00f3n entre precisi\u00f3n, artesan\u00eda y estilo italiano.<\/p>\n\n\n\n<p>El evento cont\u00f3 adem\u00e1s con la participaci\u00f3n de la artista internacional <strong>Ingrid Haubrich<\/strong>, cuyas obras \u2014inspiradas en el movimiento del mar y la relaci\u00f3n humana con el oc\u00e9ano\u2014 adornaron el sal\u00f3n y el yate en exposici\u00f3n. Su presencia a\u00f1adi\u00f3 una dimensi\u00f3n art\u00edstica y emocional a la noche, alineada con la filosof\u00eda de IB Nautica Group de promover la cultura y la sostenibilidad marina.<\/p>\n\n\n\n<h3 class=\"wp-block-heading\"><strong>Apoyo institucional y aliados estrat\u00e9gicos<\/strong><\/h3>\n\n\n\n<figure class=\"wp-block-image size-large\"><img data-recalc-dims=\"1\" loading=\"lazy\" decoding=\"async\" width=\"1024\" height=\"683\" data-attachment-id=\"545418\" data-permalink=\"https:\/\/casadecampoliving.com\/es\/de-antonio-yachts-debuta-en-la-marina-junto-a-bvlgari-en-una-soiree-de-lujo\/7s1a9172\/\" data-orig-file=\"https:\/\/i0.wp.com\/casadecampoliving.com\/wp-content\/uploads\/2025\/11\/7S1A9172-scaled.jpg?fit=2560%2C1707&amp;ssl=1\" data-orig-size=\"2560,1707\" data-comments-opened=\"0\" data-image-meta=\"{&quot;aperture&quot;:&quot;2.8&quot;,&quot;credit&quot;:&quot;&quot;,&quot;camera&quot;:&quot;Canon EOS R6m2&quot;,&quot;caption&quot;:&quot;&quot;,&quot;created_timestamp&quot;:&quot;1763163508&quot;,&quot;copyright&quot;:&quot;&quot;,&quot;focal_length&quot;:&quot;65&quot;,&quot;iso&quot;:&quot;6400&quot;,&quot;shutter_speed&quot;:&quot;0.01&quot;,&quot;title&quot;:&quot;&quot;,&quot;orientation&quot;:&quot;0&quot;}\" data-image-title=\"7S1A9172\" data-image-description=\"\" data-image-caption=\"\" data-large-file=\"https:\/\/i0.wp.com\/casadecampoliving.com\/wp-content\/uploads\/2025\/11\/7S1A9172-scaled.jpg?fit=1024%2C683&amp;ssl=1\" src=\"https:\/\/i0.wp.com\/casadecampoliving.com\/wp-content\/uploads\/2025\/11\/7S1A9172.jpg?resize=1024%2C683&#038;ssl=1\" alt=\"\" class=\"wp-image-545418\" srcset=\"https:\/\/i0.wp.com\/casadecampoliving.com\/wp-content\/uploads\/2025\/11\/7S1A9172-scaled.jpg?resize=1024%2C683&amp;ssl=1 1024w, https:\/\/i0.wp.com\/casadecampoliving.com\/wp-content\/uploads\/2025\/11\/7S1A9172-scaled.jpg?resize=300%2C200&amp;ssl=1 300w, https:\/\/i0.wp.com\/casadecampoliving.com\/wp-content\/uploads\/2025\/11\/7S1A9172-scaled.jpg?resize=768%2C512&amp;ssl=1 768w, https:\/\/i0.wp.com\/casadecampoliving.com\/wp-content\/uploads\/2025\/11\/7S1A9172-scaled.jpg?resize=1536%2C1024&amp;ssl=1 1536w, https:\/\/i0.wp.com\/casadecampoliving.com\/wp-content\/uploads\/2025\/11\/7S1A9172-scaled.jpg?resize=2048%2C1365&amp;ssl=1 2048w, https:\/\/i0.wp.com\/casadecampoliving.com\/wp-content\/uploads\/2025\/11\/7S1A9172-scaled.jpg?resize=1200%2C800&amp;ssl=1 1200w, https:\/\/i0.wp.com\/casadecampoliving.com\/wp-content\/uploads\/2025\/11\/7S1A9172-scaled.jpg?resize=2000%2C1333&amp;ssl=1 2000w, https:\/\/i0.wp.com\/casadecampoliving.com\/wp-content\/uploads\/2025\/11\/7S1A9172-scaled.jpg?resize=780%2C520&amp;ssl=1 780w, https:\/\/i0.wp.com\/casadecampoliving.com\/wp-content\/uploads\/2025\/11\/7S1A9172-scaled.jpg?resize=400%2C267&amp;ssl=1 400w, https:\/\/i0.wp.com\/casadecampoliving.com\/wp-content\/uploads\/2025\/11\/7S1A9172-scaled.jpg?resize=1320%2C880&amp;ssl=1 1320w, https:\/\/i0.wp.com\/casadecampoliving.com\/wp-content\/uploads\/2025\/11\/7S1A9172-scaled.jpg?resize=150%2C100&amp;ssl=1 150w, https:\/\/i0.wp.com\/casadecampoliving.com\/wp-content\/uploads\/2025\/11\/7S1A9172-1024x683.jpg?w=370&amp;ssl=1 370w\" sizes=\"auto, (max-width: 1000px) 100vw, 1000px\" \/><\/figure>\n\n\n\n<p>La velada cont\u00f3 con el valioso auspicio de <strong>Ron Barcel\u00f3<\/strong> y el respaldo de <strong>Casa de Campo Resort &amp; Villas<\/strong>, cuyos equipos aportaron su excelencia en producci\u00f3n, hospitalidad y servicio.<\/p>\n\n\n\n<p>Asimismo, Alice Caslini, directora de marketing de IB Nautica Group, destac\u00f3 el valor estrat\u00e9gico del evento para el fortalecimiento de la industria n\u00e1utica en la regi\u00f3n, se\u00f1alando:<\/p>\n\n\n<div class=\"wp-block-image\">\n<figure class=\"alignright size-large\"><img data-recalc-dims=\"1\" loading=\"lazy\" decoding=\"async\" width=\"683\" height=\"1024\" data-attachment-id=\"545420\" data-permalink=\"https:\/\/casadecampoliving.com\/es\/de-antonio-yachts-debuta-en-la-marina-junto-a-bvlgari-en-una-soiree-de-lujo\/dsc01593\/\" data-orig-file=\"https:\/\/i0.wp.com\/casadecampoliving.com\/wp-content\/uploads\/2025\/11\/DSC01593.jpg?fit=1365%2C2048&amp;ssl=1\" data-orig-size=\"1365,2048\" data-comments-opened=\"0\" data-image-meta=\"{&quot;aperture&quot;:&quot;0&quot;,&quot;credit&quot;:&quot;&quot;,&quot;camera&quot;:&quot;&quot;,&quot;caption&quot;:&quot;&quot;,&quot;created_timestamp&quot;:&quot;0&quot;,&quot;copyright&quot;:&quot;VIDEOMEDIADOMINICANA&quot;,&quot;focal_length&quot;:&quot;0&quot;,&quot;iso&quot;:&quot;0&quot;,&quot;shutter_speed&quot;:&quot;0&quot;,&quot;title&quot;:&quot;&quot;,&quot;orientation&quot;:&quot;0&quot;}\" data-image-title=\"DSC01593\" data-image-description=\"\" data-image-caption=\"\" data-large-file=\"https:\/\/i0.wp.com\/casadecampoliving.com\/wp-content\/uploads\/2025\/11\/DSC01593.jpg?fit=683%2C1024&amp;ssl=1\" src=\"https:\/\/i0.wp.com\/casadecampoliving.com\/wp-content\/uploads\/2025\/11\/DSC01593.jpg?resize=683%2C1024&#038;ssl=1\" alt=\"\" class=\"wp-image-545420\" srcset=\"https:\/\/i0.wp.com\/casadecampoliving.com\/wp-content\/uploads\/2025\/11\/DSC01593.jpg?resize=683%2C1024&amp;ssl=1 683w, https:\/\/i0.wp.com\/casadecampoliving.com\/wp-content\/uploads\/2025\/11\/DSC01593.jpg?resize=200%2C300&amp;ssl=1 200w, https:\/\/i0.wp.com\/casadecampoliving.com\/wp-content\/uploads\/2025\/11\/DSC01593.jpg?resize=768%2C1152&amp;ssl=1 768w, https:\/\/i0.wp.com\/casadecampoliving.com\/wp-content\/uploads\/2025\/11\/DSC01593.jpg?resize=1024%2C1536&amp;ssl=1 1024w, https:\/\/i0.wp.com\/casadecampoliving.com\/wp-content\/uploads\/2025\/11\/DSC01593.jpg?resize=1200%2C1800&amp;ssl=1 1200w, https:\/\/i0.wp.com\/casadecampoliving.com\/wp-content\/uploads\/2025\/11\/DSC01593.jpg?resize=780%2C1170&amp;ssl=1 780w, https:\/\/i0.wp.com\/casadecampoliving.com\/wp-content\/uploads\/2025\/11\/DSC01593.jpg?resize=400%2C600&amp;ssl=1 400w, https:\/\/i0.wp.com\/casadecampoliving.com\/wp-content\/uploads\/2025\/11\/DSC01593.jpg?resize=1320%2C1980&amp;ssl=1 1320w, https:\/\/i0.wp.com\/casadecampoliving.com\/wp-content\/uploads\/2025\/11\/DSC01593.jpg?resize=150%2C225&amp;ssl=1 150w, https:\/\/i0.wp.com\/casadecampoliving.com\/wp-content\/uploads\/2025\/11\/DSC01593.jpg?w=1365&amp;ssl=1 1365w, https:\/\/i0.wp.com\/casadecampoliving.com\/wp-content\/uploads\/2025\/11\/DSC01593-683x1024.jpg?w=370&amp;ssl=1 370w\" sizes=\"auto, (max-width: 683px) 100vw, 683px\" \/><\/figure>\n<\/div>\n\n\n<p>\u201cEl debut de De Antonio Yachts en la Rep\u00fablica Dominicana representa una evoluci\u00f3n natural en un mercado que contin\u00faa consolid\u00e1ndose como referente del lujo en el Caribe. Para IBI Yachts, ser parte del ecosistema que impulsa esta visi\u00f3n es un honor, y celebramos junto a IB Nautica Group su compromiso de elevar los est\u00e1ndares de innovaci\u00f3n y experiencia para los amantes de la navegaci\u00f3n.\u201d<\/p>\n\n\n\n<p>Esta declaraci\u00f3n refuerza la visi\u00f3n compartida entre las principales marcas internacionales que operan en el pa\u00eds, alineadas con la estrategia de IB Nautica Group de posicionar a la Rep\u00fablica Dominicana como un centro n\u00e1utico de clase mundial.<\/p>\n\n\n\n<p>La noche tambi\u00e9n incluy\u00f3 <strong>caricaturistas en vivo<\/strong> de <em>Olena Paints Wedding<\/em>, quienes encantaron a los asistentes con retratos art\u00edsticos y espont\u00e1neos que capturaron la esencia de cada invitado.<\/p>\n\n\n\n<p>Mientras que, la m\u00fasica estuvo a cargo de la banda <strong>Vitrola del Mar<\/strong>, cuyo repertorio envolvi\u00f3 la velada en ritmos de jazz y fusiones caribe\u00f1as, complementando el ambiente elegante y relajado a orillas de la marina.<\/p>\n\n\n\n<p><strong><em>Texto y fotos cortes\u00eda de IB Nautica Group.<\/em><\/strong><\/p>\n\n\n\n<figure class=\"wp-block-gallery has-nested-images columns-default is-cropped wp-block-gallery-1 is-layout-flex wp-block-gallery-is-layout-flex\">\n<figure class=\"wp-block-image size-large\"><img data-recalc-dims=\"1\" loading=\"lazy\" decoding=\"async\" width=\"1024\" height=\"682\" data-attachment-id=\"545422\" data-permalink=\"https:\/\/casadecampoliving.com\/es\/de-antonio-yachts-debuta-en-la-marina-junto-a-bvlgari-en-una-soiree-de-lujo\/whatsapp-image-2025-11-17-at-5-46-27-pm-2\/\" data-orig-file=\"https:\/\/i0.wp.com\/casadecampoliving.com\/wp-content\/uploads\/2025\/11\/WhatsApp-Image-2025-11-17-at-5.46.27-PM-1.jpeg?fit=1600%2C1066&amp;ssl=1\" data-orig-size=\"1600,1066\" data-comments-opened=\"0\" data-image-meta=\"{&quot;aperture&quot;:&quot;0&quot;,&quot;credit&quot;:&quot;&quot;,&quot;camera&quot;:&quot;&quot;,&quot;caption&quot;:&quot;&quot;,&quot;created_timestamp&quot;:&quot;0&quot;,&quot;copyright&quot;:&quot;&quot;,&quot;focal_length&quot;:&quot;0&quot;,&quot;iso&quot;:&quot;0&quot;,&quot;shutter_speed&quot;:&quot;0&quot;,&quot;title&quot;:&quot;&quot;,&quot;orientation&quot;:&quot;0&quot;}\" data-image-title=\"WhatsApp Image 2025-11-17 at 5.46.27 PM\" data-image-description=\"\" data-image-caption=\"\" data-large-file=\"https:\/\/i0.wp.com\/casadecampoliving.com\/wp-content\/uploads\/2025\/11\/WhatsApp-Image-2025-11-17-at-5.46.27-PM-1.jpeg?fit=1024%2C682&amp;ssl=1\" data-id=\"545422\" src=\"https:\/\/i0.wp.com\/casadecampoliving.com\/wp-content\/uploads\/2025\/11\/WhatsApp-Image-2025-11-17-at-5.46.27-PM-1.jpeg?resize=1024%2C682&#038;ssl=1\" alt=\"\" class=\"wp-image-545422\" srcset=\"https:\/\/i0.wp.com\/casadecampoliving.com\/wp-content\/uploads\/2025\/11\/WhatsApp-Image-2025-11-17-at-5.46.27-PM-1.jpeg?resize=1024%2C682&amp;ssl=1 1024w, https:\/\/i0.wp.com\/casadecampoliving.com\/wp-content\/uploads\/2025\/11\/WhatsApp-Image-2025-11-17-at-5.46.27-PM-1.jpeg?resize=300%2C200&amp;ssl=1 300w, https:\/\/i0.wp.com\/casadecampoliving.com\/wp-content\/uploads\/2025\/11\/WhatsApp-Image-2025-11-17-at-5.46.27-PM-1.jpeg?resize=768%2C512&amp;ssl=1 768w, https:\/\/i0.wp.com\/casadecampoliving.com\/wp-content\/uploads\/2025\/11\/WhatsApp-Image-2025-11-17-at-5.46.27-PM-1.jpeg?resize=1536%2C1023&amp;ssl=1 1536w, https:\/\/i0.wp.com\/casadecampoliving.com\/wp-content\/uploads\/2025\/11\/WhatsApp-Image-2025-11-17-at-5.46.27-PM-1.jpeg?resize=1200%2C800&amp;ssl=1 1200w, https:\/\/i0.wp.com\/casadecampoliving.com\/wp-content\/uploads\/2025\/11\/WhatsApp-Image-2025-11-17-at-5.46.27-PM-1.jpeg?resize=780%2C520&amp;ssl=1 780w, https:\/\/i0.wp.com\/casadecampoliving.com\/wp-content\/uploads\/2025\/11\/WhatsApp-Image-2025-11-17-at-5.46.27-PM-1.jpeg?resize=400%2C267&amp;ssl=1 400w, https:\/\/i0.wp.com\/casadecampoliving.com\/wp-content\/uploads\/2025\/11\/WhatsApp-Image-2025-11-17-at-5.46.27-PM-1.jpeg?resize=1320%2C879&amp;ssl=1 1320w, https:\/\/i0.wp.com\/casadecampoliving.com\/wp-content\/uploads\/2025\/11\/WhatsApp-Image-2025-11-17-at-5.46.27-PM-1.jpeg?resize=150%2C100&amp;ssl=1 150w, https:\/\/i0.wp.com\/casadecampoliving.com\/wp-content\/uploads\/2025\/11\/WhatsApp-Image-2025-11-17-at-5.46.27-PM-1.jpeg?w=1600&amp;ssl=1 1600w, https:\/\/i0.wp.com\/casadecampoliving.com\/wp-content\/uploads\/2025\/11\/WhatsApp-Image-2025-11-17-at-5.46.27-PM-1-1024x682.jpeg?w=370&amp;ssl=1 370w\" sizes=\"auto, (max-width: 1000px) 100vw, 1000px\" \/><\/figure>\n\n\n\n<figure class=\"wp-block-image size-large\"><img data-recalc-dims=\"1\" loading=\"lazy\" decoding=\"async\" width=\"683\" height=\"1024\" data-attachment-id=\"545427\" data-permalink=\"https:\/\/casadecampoliving.com\/es\/de-antonio-yachts-debuta-en-la-marina-junto-a-bvlgari-en-una-soiree-de-lujo\/dsc01579\/\" data-orig-file=\"https:\/\/i0.wp.com\/casadecampoliving.com\/wp-content\/uploads\/2025\/11\/DSC01579.jpg?fit=1365%2C2048&amp;ssl=1\" data-orig-size=\"1365,2048\" data-comments-opened=\"0\" data-image-meta=\"{&quot;aperture&quot;:&quot;0&quot;,&quot;credit&quot;:&quot;&quot;,&quot;camera&quot;:&quot;&quot;,&quot;caption&quot;:&quot;&quot;,&quot;created_timestamp&quot;:&quot;0&quot;,&quot;copyright&quot;:&quot;VIDEOMEDIADOMINICANA&quot;,&quot;focal_length&quot;:&quot;0&quot;,&quot;iso&quot;:&quot;0&quot;,&quot;shutter_speed&quot;:&quot;0&quot;,&quot;title&quot;:&quot;&quot;,&quot;orientation&quot;:&quot;0&quot;}\" data-image-title=\"DSC01579\" data-image-description=\"\" data-image-caption=\"\" data-large-file=\"https:\/\/i0.wp.com\/casadecampoliving.com\/wp-content\/uploads\/2025\/11\/DSC01579.jpg?fit=683%2C1024&amp;ssl=1\" data-id=\"545427\" src=\"https:\/\/i0.wp.com\/casadecampoliving.com\/wp-content\/uploads\/2025\/11\/DSC01579.jpg?resize=683%2C1024&#038;ssl=1\" alt=\"\" class=\"wp-image-545427\" srcset=\"https:\/\/i0.wp.com\/casadecampoliving.com\/wp-content\/uploads\/2025\/11\/DSC01579.jpg?resize=683%2C1024&amp;ssl=1 683w, https:\/\/i0.wp.com\/casadecampoliving.com\/wp-content\/uploads\/2025\/11\/DSC01579.jpg?resize=200%2C300&amp;ssl=1 200w, https:\/\/i0.wp.com\/casadecampoliving.com\/wp-content\/uploads\/2025\/11\/DSC01579.jpg?resize=768%2C1152&amp;ssl=1 768w, https:\/\/i0.wp.com\/casadecampoliving.com\/wp-content\/uploads\/2025\/11\/DSC01579.jpg?resize=1024%2C1536&amp;ssl=1 1024w, https:\/\/i0.wp.com\/casadecampoliving.com\/wp-content\/uploads\/2025\/11\/DSC01579.jpg?resize=1200%2C1800&amp;ssl=1 1200w, https:\/\/i0.wp.com\/casadecampoliving.com\/wp-content\/uploads\/2025\/11\/DSC01579.jpg?resize=780%2C1170&amp;ssl=1 780w, https:\/\/i0.wp.com\/casadecampoliving.com\/wp-content\/uploads\/2025\/11\/DSC01579.jpg?resize=400%2C600&amp;ssl=1 400w, https:\/\/i0.wp.com\/casadecampoliving.com\/wp-content\/uploads\/2025\/11\/DSC01579.jpg?resize=1320%2C1980&amp;ssl=1 1320w, https:\/\/i0.wp.com\/casadecampoliving.com\/wp-content\/uploads\/2025\/11\/DSC01579.jpg?resize=150%2C225&amp;ssl=1 150w, https:\/\/i0.wp.com\/casadecampoliving.com\/wp-content\/uploads\/2025\/11\/DSC01579.jpg?w=1365&amp;ssl=1 1365w, https:\/\/i0.wp.com\/casadecampoliving.com\/wp-content\/uploads\/2025\/11\/DSC01579-683x1024.jpg?w=370&amp;ssl=1 370w\" sizes=\"auto, (max-width: 683px) 100vw, 683px\" \/><\/figure>\n\n\n\n<figure class=\"wp-block-image size-large\"><img data-recalc-dims=\"1\" loading=\"lazy\" decoding=\"async\" width=\"683\" height=\"1024\" data-attachment-id=\"545450\" data-permalink=\"https:\/\/casadecampoliving.com\/es\/de-antonio-yachts-debuta-en-la-marina-junto-a-bvlgari-en-una-soiree-de-lujo\/7s1a9020-2\/\" data-orig-file=\"https:\/\/i0.wp.com\/casadecampoliving.com\/wp-content\/uploads\/2025\/11\/7S1A9020-1-scaled.jpg?fit=1707%2C2560&amp;ssl=1\" data-orig-size=\"1707,2560\" data-comments-opened=\"0\" data-image-meta=\"{&quot;aperture&quot;:&quot;2.8&quot;,&quot;credit&quot;:&quot;&quot;,&quot;camera&quot;:&quot;Canon EOS R6m2&quot;,&quot;caption&quot;:&quot;&quot;,&quot;created_timestamp&quot;:&quot;1763162754&quot;,&quot;copyright&quot;:&quot;&quot;,&quot;focal_length&quot;:&quot;65&quot;,&quot;iso&quot;:&quot;2500&quot;,&quot;shutter_speed&quot;:&quot;0.00625&quot;,&quot;title&quot;:&quot;&quot;,&quot;orientation&quot;:&quot;0&quot;}\" data-image-title=\"7S1A9020\" data-image-description=\"\" data-image-caption=\"\" data-large-file=\"https:\/\/i0.wp.com\/casadecampoliving.com\/wp-content\/uploads\/2025\/11\/7S1A9020-1-scaled.jpg?fit=683%2C1024&amp;ssl=1\" data-id=\"545450\" src=\"https:\/\/i0.wp.com\/casadecampoliving.com\/wp-content\/uploads\/2025\/11\/7S1A9020-1.jpg?resize=683%2C1024&#038;ssl=1\" alt=\"\" class=\"wp-image-545450\" srcset=\"https:\/\/i0.wp.com\/casadecampoliving.com\/wp-content\/uploads\/2025\/11\/7S1A9020-1-scaled.jpg?resize=683%2C1024&amp;ssl=1 683w, https:\/\/i0.wp.com\/casadecampoliving.com\/wp-content\/uploads\/2025\/11\/7S1A9020-1-scaled.jpg?resize=200%2C300&amp;ssl=1 200w, https:\/\/i0.wp.com\/casadecampoliving.com\/wp-content\/uploads\/2025\/11\/7S1A9020-1-scaled.jpg?resize=768%2C1152&amp;ssl=1 768w, https:\/\/i0.wp.com\/casadecampoliving.com\/wp-content\/uploads\/2025\/11\/7S1A9020-1-scaled.jpg?resize=1024%2C1536&amp;ssl=1 1024w, https:\/\/i0.wp.com\/casadecampoliving.com\/wp-content\/uploads\/2025\/11\/7S1A9020-1-scaled.jpg?resize=1365%2C2048&amp;ssl=1 1365w, https:\/\/i0.wp.com\/casadecampoliving.com\/wp-content\/uploads\/2025\/11\/7S1A9020-1-scaled.jpg?resize=1200%2C1800&amp;ssl=1 1200w, https:\/\/i0.wp.com\/casadecampoliving.com\/wp-content\/uploads\/2025\/11\/7S1A9020-1-scaled.jpg?resize=2000%2C3000&amp;ssl=1 2000w, https:\/\/i0.wp.com\/casadecampoliving.com\/wp-content\/uploads\/2025\/11\/7S1A9020-1-scaled.jpg?resize=780%2C1170&amp;ssl=1 780w, https:\/\/i0.wp.com\/casadecampoliving.com\/wp-content\/uploads\/2025\/11\/7S1A9020-1-scaled.jpg?resize=400%2C600&amp;ssl=1 400w, https:\/\/i0.wp.com\/casadecampoliving.com\/wp-content\/uploads\/2025\/11\/7S1A9020-1-scaled.jpg?resize=1320%2C1980&amp;ssl=1 1320w, https:\/\/i0.wp.com\/casadecampoliving.com\/wp-content\/uploads\/2025\/11\/7S1A9020-1-scaled.jpg?resize=150%2C225&amp;ssl=1 150w, https:\/\/i0.wp.com\/casadecampoliving.com\/wp-content\/uploads\/2025\/11\/7S1A9020-1-scaled.jpg?w=1707&amp;ssl=1 1707w, https:\/\/i0.wp.com\/casadecampoliving.com\/wp-content\/uploads\/2025\/11\/7S1A9020-1-683x1024.jpg?w=370&amp;ssl=1 370w\" sizes=\"auto, (max-width: 683px) 100vw, 683px\" \/><\/figure>\n\n\n\n<figure class=\"wp-block-image size-large\"><img data-recalc-dims=\"1\" loading=\"lazy\" decoding=\"async\" width=\"1024\" height=\"683\" data-attachment-id=\"545454\" data-permalink=\"https:\/\/casadecampoliving.com\/es\/de-antonio-yachts-debuta-en-la-marina-junto-a-bvlgari-en-una-soiree-de-lujo\/7s1a9204\/\" data-orig-file=\"https:\/\/i0.wp.com\/casadecampoliving.com\/wp-content\/uploads\/2025\/11\/7S1A9204-scaled.jpg?fit=2560%2C1707&amp;ssl=1\" data-orig-size=\"2560,1707\" data-comments-opened=\"0\" data-image-meta=\"{&quot;aperture&quot;:&quot;2.8&quot;,&quot;credit&quot;:&quot;&quot;,&quot;camera&quot;:&quot;Canon EOS R6m2&quot;,&quot;caption&quot;:&quot;&quot;,&quot;created_timestamp&quot;:&quot;1763163698&quot;,&quot;copyright&quot;:&quot;&quot;,&quot;focal_length&quot;:&quot;24&quot;,&quot;iso&quot;:&quot;3200&quot;,&quot;shutter_speed&quot;:&quot;0.005&quot;,&quot;title&quot;:&quot;&quot;,&quot;orientation&quot;:&quot;0&quot;}\" data-image-title=\"7S1A9204\" data-image-description=\"\" data-image-caption=\"\" data-large-file=\"https:\/\/i0.wp.com\/casadecampoliving.com\/wp-content\/uploads\/2025\/11\/7S1A9204-scaled.jpg?fit=1024%2C683&amp;ssl=1\" data-id=\"545454\" src=\"https:\/\/i0.wp.com\/casadecampoliving.com\/wp-content\/uploads\/2025\/11\/7S1A9204.jpg?resize=1024%2C683&#038;ssl=1\" alt=\"\" class=\"wp-image-545454\" srcset=\"https:\/\/i0.wp.com\/casadecampoliving.com\/wp-content\/uploads\/2025\/11\/7S1A9204-scaled.jpg?resize=1024%2C683&amp;ssl=1 1024w, https:\/\/i0.wp.com\/casadecampoliving.com\/wp-content\/uploads\/2025\/11\/7S1A9204-scaled.jpg?resize=300%2C200&amp;ssl=1 300w, https:\/\/i0.wp.com\/casadecampoliving.com\/wp-content\/uploads\/2025\/11\/7S1A9204-scaled.jpg?resize=768%2C512&amp;ssl=1 768w, https:\/\/i0.wp.com\/casadecampoliving.com\/wp-content\/uploads\/2025\/11\/7S1A9204-scaled.jpg?resize=1536%2C1024&amp;ssl=1 1536w, https:\/\/i0.wp.com\/casadecampoliving.com\/wp-content\/uploads\/2025\/11\/7S1A9204-scaled.jpg?resize=2048%2C1365&amp;ssl=1 2048w, https:\/\/i0.wp.com\/casadecampoliving.com\/wp-content\/uploads\/2025\/11\/7S1A9204-scaled.jpg?resize=1200%2C800&amp;ssl=1 1200w, https:\/\/i0.wp.com\/casadecampoliving.com\/wp-content\/uploads\/2025\/11\/7S1A9204-scaled.jpg?resize=2000%2C1333&amp;ssl=1 2000w, https:\/\/i0.wp.com\/casadecampoliving.com\/wp-content\/uploads\/2025\/11\/7S1A9204-scaled.jpg?resize=780%2C520&amp;ssl=1 780w, https:\/\/i0.wp.com\/casadecampoliving.com\/wp-content\/uploads\/2025\/11\/7S1A9204-scaled.jpg?resize=400%2C267&amp;ssl=1 400w, https:\/\/i0.wp.com\/casadecampoliving.com\/wp-content\/uploads\/2025\/11\/7S1A9204-scaled.jpg?resize=1320%2C880&amp;ssl=1 1320w, https:\/\/i0.wp.com\/casadecampoliving.com\/wp-content\/uploads\/2025\/11\/7S1A9204-scaled.jpg?resize=150%2C100&amp;ssl=1 150w, https:\/\/i0.wp.com\/casadecampoliving.com\/wp-content\/uploads\/2025\/11\/7S1A9204-1024x683.jpg?w=370&amp;ssl=1 370w\" sizes=\"auto, (max-width: 1000px) 100vw, 1000px\" \/><\/figure>\n\n\n\n<figure class=\"wp-block-image size-large\"><img data-recalc-dims=\"1\" loading=\"lazy\" decoding=\"async\" width=\"1024\" height=\"683\" data-attachment-id=\"545452\" data-permalink=\"https:\/\/casadecampoliving.com\/es\/de-antonio-yachts-debuta-en-la-marina-junto-a-bvlgari-en-una-soiree-de-lujo\/7s1a9172-2\/\" data-orig-file=\"https:\/\/i0.wp.com\/casadecampoliving.com\/wp-content\/uploads\/2025\/11\/7S1A9172-1-scaled.jpg?fit=2560%2C1707&amp;ssl=1\" data-orig-size=\"2560,1707\" data-comments-opened=\"0\" data-image-meta=\"{&quot;aperture&quot;:&quot;2.8&quot;,&quot;credit&quot;:&quot;&quot;,&quot;camera&quot;:&quot;Canon EOS R6m2&quot;,&quot;caption&quot;:&quot;&quot;,&quot;created_timestamp&quot;:&quot;1763163508&quot;,&quot;copyright&quot;:&quot;&quot;,&quot;focal_length&quot;:&quot;65&quot;,&quot;iso&quot;:&quot;6400&quot;,&quot;shutter_speed&quot;:&quot;0.01&quot;,&quot;title&quot;:&quot;&quot;,&quot;orientation&quot;:&quot;0&quot;}\" data-image-title=\"7S1A9172\" data-image-description=\"\" data-image-caption=\"\" data-large-file=\"https:\/\/i0.wp.com\/casadecampoliving.com\/wp-content\/uploads\/2025\/11\/7S1A9172-1-scaled.jpg?fit=1024%2C683&amp;ssl=1\" data-id=\"545452\" src=\"https:\/\/i0.wp.com\/casadecampoliving.com\/wp-content\/uploads\/2025\/11\/7S1A9172-1.jpg?resize=1024%2C683&#038;ssl=1\" alt=\"\" class=\"wp-image-545452\" srcset=\"https:\/\/i0.wp.com\/casadecampoliving.com\/wp-content\/uploads\/2025\/11\/7S1A9172-1-scaled.jpg?resize=1024%2C683&amp;ssl=1 1024w, https:\/\/i0.wp.com\/casadecampoliving.com\/wp-content\/uploads\/2025\/11\/7S1A9172-1-scaled.jpg?resize=300%2C200&amp;ssl=1 300w, https:\/\/i0.wp.com\/casadecampoliving.com\/wp-content\/uploads\/2025\/11\/7S1A9172-1-scaled.jpg?resize=768%2C512&amp;ssl=1 768w, https:\/\/i0.wp.com\/casadecampoliving.com\/wp-content\/uploads\/2025\/11\/7S1A9172-1-scaled.jpg?resize=1536%2C1024&amp;ssl=1 1536w, https:\/\/i0.wp.com\/casadecampoliving.com\/wp-content\/uploads\/2025\/11\/7S1A9172-1-scaled.jpg?resize=2048%2C1365&amp;ssl=1 2048w, https:\/\/i0.wp.com\/casadecampoliving.com\/wp-content\/uploads\/2025\/11\/7S1A9172-1-scaled.jpg?resize=1200%2C800&amp;ssl=1 1200w, https:\/\/i0.wp.com\/casadecampoliving.com\/wp-content\/uploads\/2025\/11\/7S1A9172-1-scaled.jpg?resize=2000%2C1333&amp;ssl=1 2000w, https:\/\/i0.wp.com\/casadecampoliving.com\/wp-content\/uploads\/2025\/11\/7S1A9172-1-scaled.jpg?resize=780%2C520&amp;ssl=1 780w, https:\/\/i0.wp.com\/casadecampoliving.com\/wp-content\/uploads\/2025\/11\/7S1A9172-1-scaled.jpg?resize=400%2C267&amp;ssl=1 400w, https:\/\/i0.wp.com\/casadecampoliving.com\/wp-content\/uploads\/2025\/11\/7S1A9172-1-scaled.jpg?resize=1320%2C880&amp;ssl=1 1320w, https:\/\/i0.wp.com\/casadecampoliving.com\/wp-content\/uploads\/2025\/11\/7S1A9172-1-scaled.jpg?resize=150%2C100&amp;ssl=1 150w, https:\/\/i0.wp.com\/casadecampoliving.com\/wp-content\/uploads\/2025\/11\/7S1A9172-1-1024x683.jpg?w=370&amp;ssl=1 370w\" sizes=\"auto, (max-width: 1000px) 100vw, 1000px\" \/><\/figure>\n\n\n\n<figure class=\"wp-block-image size-large\"><img data-recalc-dims=\"1\" loading=\"lazy\" decoding=\"async\" width=\"1024\" height=\"768\" data-attachment-id=\"545448\" data-permalink=\"https:\/\/casadecampoliving.com\/es\/de-antonio-yachts-debuta-en-la-marina-junto-a-bvlgari-en-una-soiree-de-lujo\/xspa2851-2\/\" data-orig-file=\"https:\/\/i0.wp.com\/casadecampoliving.com\/wp-content\/uploads\/2025\/11\/XSPA2851-1.jpg?fit=2048%2C1536&amp;ssl=1\" data-orig-size=\"2048,1536\" data-comments-opened=\"0\" data-image-meta=\"{&quot;aperture&quot;:&quot;0&quot;,&quot;credit&quot;:&quot;&quot;,&quot;camera&quot;:&quot;&quot;,&quot;caption&quot;:&quot;&quot;,&quot;created_timestamp&quot;:&quot;0&quot;,&quot;copyright&quot;:&quot;&quot;,&quot;focal_length&quot;:&quot;0&quot;,&quot;iso&quot;:&quot;0&quot;,&quot;shutter_speed&quot;:&quot;0&quot;,&quot;title&quot;:&quot;&quot;,&quot;orientation&quot;:&quot;0&quot;}\" data-image-title=\"XSPA2851\" data-image-description=\"\" data-image-caption=\"\" data-large-file=\"https:\/\/i0.wp.com\/casadecampoliving.com\/wp-content\/uploads\/2025\/11\/XSPA2851-1.jpg?fit=1024%2C768&amp;ssl=1\" data-id=\"545448\" src=\"https:\/\/i0.wp.com\/casadecampoliving.com\/wp-content\/uploads\/2025\/11\/XSPA2851-1.jpg?resize=1024%2C768&#038;ssl=1\" alt=\"\" class=\"wp-image-545448\" srcset=\"https:\/\/i0.wp.com\/casadecampoliving.com\/wp-content\/uploads\/2025\/11\/XSPA2851-1.jpg?resize=1024%2C768&amp;ssl=1 1024w, https:\/\/i0.wp.com\/casadecampoliving.com\/wp-content\/uploads\/2025\/11\/XSPA2851-1.jpg?resize=300%2C225&amp;ssl=1 300w, https:\/\/i0.wp.com\/casadecampoliving.com\/wp-content\/uploads\/2025\/11\/XSPA2851-1.jpg?resize=768%2C576&amp;ssl=1 768w, https:\/\/i0.wp.com\/casadecampoliving.com\/wp-content\/uploads\/2025\/11\/XSPA2851-1.jpg?resize=1536%2C1152&amp;ssl=1 1536w, https:\/\/i0.wp.com\/casadecampoliving.com\/wp-content\/uploads\/2025\/11\/XSPA2851-1.jpg?resize=1200%2C900&amp;ssl=1 1200w, https:\/\/i0.wp.com\/casadecampoliving.com\/wp-content\/uploads\/2025\/11\/XSPA2851-1.jpg?resize=800%2C600&amp;ssl=1 800w, https:\/\/i0.wp.com\/casadecampoliving.com\/wp-content\/uploads\/2025\/11\/XSPA2851-1.jpg?resize=600%2C450&amp;ssl=1 600w, https:\/\/i0.wp.com\/casadecampoliving.com\/wp-content\/uploads\/2025\/11\/XSPA2851-1.jpg?resize=400%2C300&amp;ssl=1 400w, https:\/\/i0.wp.com\/casadecampoliving.com\/wp-content\/uploads\/2025\/11\/XSPA2851-1.jpg?resize=200%2C150&amp;ssl=1 200w, https:\/\/i0.wp.com\/casadecampoliving.com\/wp-content\/uploads\/2025\/11\/XSPA2851-1.jpg?resize=2000%2C1500&amp;ssl=1 2000w, https:\/\/i0.wp.com\/casadecampoliving.com\/wp-content\/uploads\/2025\/11\/XSPA2851-1.jpg?resize=780%2C585&amp;ssl=1 780w, https:\/\/i0.wp.com\/casadecampoliving.com\/wp-content\/uploads\/2025\/11\/XSPA2851-1.jpg?resize=1320%2C990&amp;ssl=1 1320w, https:\/\/i0.wp.com\/casadecampoliving.com\/wp-content\/uploads\/2025\/11\/XSPA2851-1.jpg?resize=150%2C113&amp;ssl=1 150w, https:\/\/i0.wp.com\/casadecampoliving.com\/wp-content\/uploads\/2025\/11\/XSPA2851-1.jpg?w=2048&amp;ssl=1 2048w, https:\/\/i0.wp.com\/casadecampoliving.com\/wp-content\/uploads\/2025\/11\/XSPA2851-1-1024x768.jpg?w=370&amp;ssl=1 370w\" sizes=\"auto, (max-width: 1000px) 100vw, 1000px\" \/><\/figure>\n\n\n\n<figure class=\"wp-block-image size-large\"><img data-recalc-dims=\"1\" loading=\"lazy\" decoding=\"async\" width=\"683\" height=\"1024\" data-attachment-id=\"545436\" data-permalink=\"https:\/\/casadecampoliving.com\/es\/de-antonio-yachts-debuta-en-la-marina-junto-a-bvlgari-en-una-soiree-de-lujo\/dsc01769\/\" data-orig-file=\"https:\/\/i0.wp.com\/casadecampoliving.com\/wp-content\/uploads\/2025\/11\/DSC01769.jpg?fit=1365%2C2048&amp;ssl=1\" data-orig-size=\"1365,2048\" data-comments-opened=\"0\" data-image-meta=\"{&quot;aperture&quot;:&quot;0&quot;,&quot;credit&quot;:&quot;&quot;,&quot;camera&quot;:&quot;&quot;,&quot;caption&quot;:&quot;&quot;,&quot;created_timestamp&quot;:&quot;0&quot;,&quot;copyright&quot;:&quot;VIDEOMEDIADOMINICANA&quot;,&quot;focal_length&quot;:&quot;0&quot;,&quot;iso&quot;:&quot;0&quot;,&quot;shutter_speed&quot;:&quot;0&quot;,&quot;title&quot;:&quot;&quot;,&quot;orientation&quot;:&quot;0&quot;}\" data-image-title=\"DSC01769\" data-image-description=\"\" data-image-caption=\"\" data-large-file=\"https:\/\/i0.wp.com\/casadecampoliving.com\/wp-content\/uploads\/2025\/11\/DSC01769.jpg?fit=683%2C1024&amp;ssl=1\" data-id=\"545436\" src=\"https:\/\/i0.wp.com\/casadecampoliving.com\/wp-content\/uploads\/2025\/11\/DSC01769.jpg?resize=683%2C1024&#038;ssl=1\" alt=\"\" class=\"wp-image-545436\" srcset=\"https:\/\/i0.wp.com\/casadecampoliving.com\/wp-content\/uploads\/2025\/11\/DSC01769.jpg?resize=683%2C1024&amp;ssl=1 683w, https:\/\/i0.wp.com\/casadecampoliving.com\/wp-content\/uploads\/2025\/11\/DSC01769.jpg?resize=200%2C300&amp;ssl=1 200w, https:\/\/i0.wp.com\/casadecampoliving.com\/wp-content\/uploads\/2025\/11\/DSC01769.jpg?resize=768%2C1152&amp;ssl=1 768w, https:\/\/i0.wp.com\/casadecampoliving.com\/wp-content\/uploads\/2025\/11\/DSC01769.jpg?resize=1024%2C1536&amp;ssl=1 1024w, https:\/\/i0.wp.com\/casadecampoliving.com\/wp-content\/uploads\/2025\/11\/DSC01769.jpg?resize=1200%2C1800&amp;ssl=1 1200w, https:\/\/i0.wp.com\/casadecampoliving.com\/wp-content\/uploads\/2025\/11\/DSC01769.jpg?resize=780%2C1170&amp;ssl=1 780w, https:\/\/i0.wp.com\/casadecampoliving.com\/wp-content\/uploads\/2025\/11\/DSC01769.jpg?resize=400%2C600&amp;ssl=1 400w, https:\/\/i0.wp.com\/casadecampoliving.com\/wp-content\/uploads\/2025\/11\/DSC01769.jpg?resize=1320%2C1980&amp;ssl=1 1320w, https:\/\/i0.wp.com\/casadecampoliving.com\/wp-content\/uploads\/2025\/11\/DSC01769.jpg?resize=150%2C225&amp;ssl=1 150w, https:\/\/i0.wp.com\/casadecampoliving.com\/wp-content\/uploads\/2025\/11\/DSC01769.jpg?w=1365&amp;ssl=1 1365w, https:\/\/i0.wp.com\/casadecampoliving.com\/wp-content\/uploads\/2025\/11\/DSC01769-683x1024.jpg?w=370&amp;ssl=1 370w\" sizes=\"auto, (max-width: 683px) 100vw, 683px\" \/><\/figure>\n\n\n\n<figure class=\"wp-block-image size-large\"><img data-recalc-dims=\"1\" loading=\"lazy\" decoding=\"async\" width=\"683\" height=\"1024\" data-attachment-id=\"545446\" data-permalink=\"https:\/\/casadecampoliving.com\/es\/de-antonio-yachts-debuta-en-la-marina-junto-a-bvlgari-en-una-soiree-de-lujo\/dsc01714\/\" data-orig-file=\"https:\/\/i0.wp.com\/casadecampoliving.com\/wp-content\/uploads\/2025\/11\/DSC01714.jpg?fit=1365%2C2048&amp;ssl=1\" data-orig-size=\"1365,2048\" data-comments-opened=\"0\" data-image-meta=\"{&quot;aperture&quot;:&quot;0&quot;,&quot;credit&quot;:&quot;&quot;,&quot;camera&quot;:&quot;&quot;,&quot;caption&quot;:&quot;&quot;,&quot;created_timestamp&quot;:&quot;0&quot;,&quot;copyright&quot;:&quot;VIDEOMEDIADOMINICANA&quot;,&quot;focal_length&quot;:&quot;0&quot;,&quot;iso&quot;:&quot;0&quot;,&quot;shutter_speed&quot;:&quot;0&quot;,&quot;title&quot;:&quot;&quot;,&quot;orientation&quot;:&quot;0&quot;}\" data-image-title=\"DSC01714\" data-image-description=\"\" data-image-caption=\"\" data-large-file=\"https:\/\/i0.wp.com\/casadecampoliving.com\/wp-content\/uploads\/2025\/11\/DSC01714.jpg?fit=683%2C1024&amp;ssl=1\" data-id=\"545446\" src=\"https:\/\/i0.wp.com\/casadecampoliving.com\/wp-content\/uploads\/2025\/11\/DSC01714.jpg?resize=683%2C1024&#038;ssl=1\" alt=\"\" class=\"wp-image-545446\" srcset=\"https:\/\/i0.wp.com\/casadecampoliving.com\/wp-content\/uploads\/2025\/11\/DSC01714.jpg?resize=683%2C1024&amp;ssl=1 683w, https:\/\/i0.wp.com\/casadecampoliving.com\/wp-content\/uploads\/2025\/11\/DSC01714.jpg?resize=200%2C300&amp;ssl=1 200w, https:\/\/i0.wp.com\/casadecampoliving.com\/wp-content\/uploads\/2025\/11\/DSC01714.jpg?resize=768%2C1152&amp;ssl=1 768w, https:\/\/i0.wp.com\/casadecampoliving.com\/wp-content\/uploads\/2025\/11\/DSC01714.jpg?resize=1024%2C1536&amp;ssl=1 1024w, https:\/\/i0.wp.com\/casadecampoliving.com\/wp-content\/uploads\/2025\/11\/DSC01714.jpg?resize=1200%2C1800&amp;ssl=1 1200w, https:\/\/i0.wp.com\/casadecampoliving.com\/wp-content\/uploads\/2025\/11\/DSC01714.jpg?resize=780%2C1170&amp;ssl=1 780w, https:\/\/i0.wp.com\/casadecampoliving.com\/wp-content\/uploads\/2025\/11\/DSC01714.jpg?resize=400%2C600&amp;ssl=1 400w, https:\/\/i0.wp.com\/casadecampoliving.com\/wp-content\/uploads\/2025\/11\/DSC01714.jpg?resize=1320%2C1980&amp;ssl=1 1320w, https:\/\/i0.wp.com\/casadecampoliving.com\/wp-content\/uploads\/2025\/11\/DSC01714.jpg?resize=150%2C225&amp;ssl=1 150w, https:\/\/i0.wp.com\/casadecampoliving.com\/wp-content\/uploads\/2025\/11\/DSC01714.jpg?w=1365&amp;ssl=1 1365w, https:\/\/i0.wp.com\/casadecampoliving.com\/wp-content\/uploads\/2025\/11\/DSC01714-683x1024.jpg?w=370&amp;ssl=1 370w\" sizes=\"auto, (max-width: 683px) 100vw, 683px\" \/><\/figure>\n\n\n\n<figure class=\"wp-block-image size-large\"><img data-recalc-dims=\"1\" loading=\"lazy\" decoding=\"async\" width=\"683\" height=\"1024\" data-attachment-id=\"545438\" data-permalink=\"https:\/\/casadecampoliving.com\/es\/de-antonio-yachts-debuta-en-la-marina-junto-a-bvlgari-en-una-soiree-de-lujo\/dsc01680\/\" data-orig-file=\"https:\/\/i0.wp.com\/casadecampoliving.com\/wp-content\/uploads\/2025\/11\/DSC01680.jpg?fit=1365%2C2048&amp;ssl=1\" data-orig-size=\"1365,2048\" data-comments-opened=\"0\" data-image-meta=\"{&quot;aperture&quot;:&quot;0&quot;,&quot;credit&quot;:&quot;&quot;,&quot;camera&quot;:&quot;&quot;,&quot;caption&quot;:&quot;&quot;,&quot;created_timestamp&quot;:&quot;0&quot;,&quot;copyright&quot;:&quot;VIDEOMEDIADOMINICANA&quot;,&quot;focal_length&quot;:&quot;0&quot;,&quot;iso&quot;:&quot;0&quot;,&quot;shutter_speed&quot;:&quot;0&quot;,&quot;title&quot;:&quot;&quot;,&quot;orientation&quot;:&quot;0&quot;}\" data-image-title=\"DSC01680\" data-image-description=\"\" data-image-caption=\"\" data-large-file=\"https:\/\/i0.wp.com\/casadecampoliving.com\/wp-content\/uploads\/2025\/11\/DSC01680.jpg?fit=683%2C1024&amp;ssl=1\" data-id=\"545438\" src=\"https:\/\/i0.wp.com\/casadecampoliving.com\/wp-content\/uploads\/2025\/11\/DSC01680.jpg?resize=683%2C1024&#038;ssl=1\" alt=\"\" class=\"wp-image-545438\" srcset=\"https:\/\/i0.wp.com\/casadecampoliving.com\/wp-content\/uploads\/2025\/11\/DSC01680.jpg?resize=683%2C1024&amp;ssl=1 683w, https:\/\/i0.wp.com\/casadecampoliving.com\/wp-content\/uploads\/2025\/11\/DSC01680.jpg?resize=200%2C300&amp;ssl=1 200w, https:\/\/i0.wp.com\/casadecampoliving.com\/wp-content\/uploads\/2025\/11\/DSC01680.jpg?resize=768%2C1152&amp;ssl=1 768w, https:\/\/i0.wp.com\/casadecampoliving.com\/wp-content\/uploads\/2025\/11\/DSC01680.jpg?resize=1024%2C1536&amp;ssl=1 1024w, https:\/\/i0.wp.com\/casadecampoliving.com\/wp-content\/uploads\/2025\/11\/DSC01680.jpg?resize=1200%2C1800&amp;ssl=1 1200w, https:\/\/i0.wp.com\/casadecampoliving.com\/wp-content\/uploads\/2025\/11\/DSC01680.jpg?resize=780%2C1170&amp;ssl=1 780w, https:\/\/i0.wp.com\/casadecampoliving.com\/wp-content\/uploads\/2025\/11\/DSC01680.jpg?resize=400%2C600&amp;ssl=1 400w, https:\/\/i0.wp.com\/casadecampoliving.com\/wp-content\/uploads\/2025\/11\/DSC01680.jpg?resize=1320%2C1980&amp;ssl=1 1320w, https:\/\/i0.wp.com\/casadecampoliving.com\/wp-content\/uploads\/2025\/11\/DSC01680.jpg?resize=150%2C225&amp;ssl=1 150w, https:\/\/i0.wp.com\/casadecampoliving.com\/wp-content\/uploads\/2025\/11\/DSC01680.jpg?w=1365&amp;ssl=1 1365w, https:\/\/i0.wp.com\/casadecampoliving.com\/wp-content\/uploads\/2025\/11\/DSC01680-683x1024.jpg?w=370&amp;ssl=1 370w\" sizes=\"auto, (max-width: 683px) 100vw, 683px\" \/><\/figure>\n\n\n\n<figure class=\"wp-block-image size-large\"><img data-recalc-dims=\"1\" loading=\"lazy\" decoding=\"async\" width=\"1024\" height=\"683\" data-attachment-id=\"545434\" data-permalink=\"https:\/\/casadecampoliving.com\/es\/de-antonio-yachts-debuta-en-la-marina-junto-a-bvlgari-en-una-soiree-de-lujo\/dsc01531\/\" data-orig-file=\"https:\/\/i0.wp.com\/casadecampoliving.com\/wp-content\/uploads\/2025\/11\/DSC01531.jpg?fit=2048%2C1365&amp;ssl=1\" data-orig-size=\"2048,1365\" data-comments-opened=\"0\" data-image-meta=\"{&quot;aperture&quot;:&quot;0&quot;,&quot;credit&quot;:&quot;&quot;,&quot;camera&quot;:&quot;&quot;,&quot;caption&quot;:&quot;&quot;,&quot;created_timestamp&quot;:&quot;0&quot;,&quot;copyright&quot;:&quot;VIDEOMEDIADOMINICANA&quot;,&quot;focal_length&quot;:&quot;0&quot;,&quot;iso&quot;:&quot;0&quot;,&quot;shutter_speed&quot;:&quot;0&quot;,&quot;title&quot;:&quot;&quot;,&quot;orientation&quot;:&quot;0&quot;}\" data-image-title=\"DSC01531\" data-image-description=\"\" data-image-caption=\"\" data-large-file=\"https:\/\/i0.wp.com\/casadecampoliving.com\/wp-content\/uploads\/2025\/11\/DSC01531.jpg?fit=1024%2C683&amp;ssl=1\" data-id=\"545434\" src=\"https:\/\/i0.wp.com\/casadecampoliving.com\/wp-content\/uploads\/2025\/11\/DSC01531.jpg?resize=1024%2C683&#038;ssl=1\" alt=\"\" class=\"wp-image-545434\" srcset=\"https:\/\/i0.wp.com\/casadecampoliving.com\/wp-content\/uploads\/2025\/11\/DSC01531.jpg?resize=1024%2C683&amp;ssl=1 1024w, https:\/\/i0.wp.com\/casadecampoliving.com\/wp-content\/uploads\/2025\/11\/DSC01531.jpg?resize=300%2C200&amp;ssl=1 300w, https:\/\/i0.wp.com\/casadecampoliving.com\/wp-content\/uploads\/2025\/11\/DSC01531.jpg?resize=768%2C512&amp;ssl=1 768w, https:\/\/i0.wp.com\/casadecampoliving.com\/wp-content\/uploads\/2025\/11\/DSC01531.jpg?resize=1536%2C1024&amp;ssl=1 1536w, https:\/\/i0.wp.com\/casadecampoliving.com\/wp-content\/uploads\/2025\/11\/DSC01531.jpg?resize=1200%2C800&amp;ssl=1 1200w, https:\/\/i0.wp.com\/casadecampoliving.com\/wp-content\/uploads\/2025\/11\/DSC01531.jpg?resize=2000%2C1333&amp;ssl=1 2000w, https:\/\/i0.wp.com\/casadecampoliving.com\/wp-content\/uploads\/2025\/11\/DSC01531.jpg?resize=780%2C520&amp;ssl=1 780w, https:\/\/i0.wp.com\/casadecampoliving.com\/wp-content\/uploads\/2025\/11\/DSC01531.jpg?resize=400%2C267&amp;ssl=1 400w, https:\/\/i0.wp.com\/casadecampoliving.com\/wp-content\/uploads\/2025\/11\/DSC01531.jpg?resize=1320%2C880&amp;ssl=1 1320w, https:\/\/i0.wp.com\/casadecampoliving.com\/wp-content\/uploads\/2025\/11\/DSC01531.jpg?resize=150%2C100&amp;ssl=1 150w, https:\/\/i0.wp.com\/casadecampoliving.com\/wp-content\/uploads\/2025\/11\/DSC01531.jpg?w=2048&amp;ssl=1 2048w, https:\/\/i0.wp.com\/casadecampoliving.com\/wp-content\/uploads\/2025\/11\/DSC01531-1024x683.jpg?w=370&amp;ssl=1 370w\" sizes=\"auto, (max-width: 1000px) 100vw, 1000px\" \/><\/figure>\n\n\n\n<figure class=\"wp-block-image size-large\"><img data-recalc-dims=\"1\" loading=\"lazy\" decoding=\"async\" width=\"683\" height=\"1024\" data-attachment-id=\"545432\" data-permalink=\"https:\/\/casadecampoliving.com\/es\/de-antonio-yachts-debuta-en-la-marina-junto-a-bvlgari-en-una-soiree-de-lujo\/dsc01495\/\" data-orig-file=\"https:\/\/i0.wp.com\/casadecampoliving.com\/wp-content\/uploads\/2025\/11\/DSC01495.jpg?fit=1365%2C2048&amp;ssl=1\" data-orig-size=\"1365,2048\" data-comments-opened=\"0\" data-image-meta=\"{&quot;aperture&quot;:&quot;0&quot;,&quot;credit&quot;:&quot;&quot;,&quot;camera&quot;:&quot;&quot;,&quot;caption&quot;:&quot;&quot;,&quot;created_timestamp&quot;:&quot;0&quot;,&quot;copyright&quot;:&quot;VIDEOMEDIADOMINICANA&quot;,&quot;focal_length&quot;:&quot;0&quot;,&quot;iso&quot;:&quot;0&quot;,&quot;shutter_speed&quot;:&quot;0&quot;,&quot;title&quot;:&quot;&quot;,&quot;orientation&quot;:&quot;0&quot;}\" data-image-title=\"DSC01495\" data-image-description=\"\" data-image-caption=\"\" data-large-file=\"https:\/\/i0.wp.com\/casadecampoliving.com\/wp-content\/uploads\/2025\/11\/DSC01495.jpg?fit=683%2C1024&amp;ssl=1\" data-id=\"545432\" src=\"https:\/\/i0.wp.com\/casadecampoliving.com\/wp-content\/uploads\/2025\/11\/DSC01495.jpg?resize=683%2C1024&#038;ssl=1\" alt=\"\" class=\"wp-image-545432\" srcset=\"https:\/\/i0.wp.com\/casadecampoliving.com\/wp-content\/uploads\/2025\/11\/DSC01495.jpg?resize=683%2C1024&amp;ssl=1 683w, https:\/\/i0.wp.com\/casadecampoliving.com\/wp-content\/uploads\/2025\/11\/DSC01495.jpg?resize=200%2C300&amp;ssl=1 200w, https:\/\/i0.wp.com\/casadecampoliving.com\/wp-content\/uploads\/2025\/11\/DSC01495.jpg?resize=768%2C1152&amp;ssl=1 768w, https:\/\/i0.wp.com\/casadecampoliving.com\/wp-content\/uploads\/2025\/11\/DSC01495.jpg?resize=1024%2C1536&amp;ssl=1 1024w, https:\/\/i0.wp.com\/casadecampoliving.com\/wp-content\/uploads\/2025\/11\/DSC01495.jpg?resize=1200%2C1800&amp;ssl=1 1200w, https:\/\/i0.wp.com\/casadecampoliving.com\/wp-content\/uploads\/2025\/11\/DSC01495.jpg?resize=780%2C1170&amp;ssl=1 780w, https:\/\/i0.wp.com\/casadecampoliving.com\/wp-content\/uploads\/2025\/11\/DSC01495.jpg?resize=400%2C600&amp;ssl=1 400w, https:\/\/i0.wp.com\/casadecampoliving.com\/wp-content\/uploads\/2025\/11\/DSC01495.jpg?resize=1320%2C1980&amp;ssl=1 1320w, https:\/\/i0.wp.com\/casadecampoliving.com\/wp-content\/uploads\/2025\/11\/DSC01495.jpg?resize=150%2C225&amp;ssl=1 150w, https:\/\/i0.wp.com\/casadecampoliving.com\/wp-content\/uploads\/2025\/11\/DSC01495.jpg?w=1365&amp;ssl=1 1365w, https:\/\/i0.wp.com\/casadecampoliving.com\/wp-content\/uploads\/2025\/11\/DSC01495-683x1024.jpg?w=370&amp;ssl=1 370w\" sizes=\"auto, (max-width: 683px) 100vw, 683px\" \/><\/figure>\n\n\n\n<figure class=\"wp-block-image size-large\"><img data-recalc-dims=\"1\" loading=\"lazy\" decoding=\"async\" width=\"683\" height=\"1024\" data-attachment-id=\"545440\" data-permalink=\"https:\/\/casadecampoliving.com\/es\/de-antonio-yachts-debuta-en-la-marina-junto-a-bvlgari-en-una-soiree-de-lujo\/dsc01515-1\/\" data-orig-file=\"https:\/\/i0.wp.com\/casadecampoliving.com\/wp-content\/uploads\/2025\/11\/DSC01515-1.jpg?fit=1365%2C2048&amp;ssl=1\" data-orig-size=\"1365,2048\" data-comments-opened=\"0\" data-image-meta=\"{&quot;aperture&quot;:&quot;0&quot;,&quot;credit&quot;:&quot;&quot;,&quot;camera&quot;:&quot;&quot;,&quot;caption&quot;:&quot;&quot;,&quot;created_timestamp&quot;:&quot;0&quot;,&quot;copyright&quot;:&quot;VIDEOMEDIADOMINICANA&quot;,&quot;focal_length&quot;:&quot;0&quot;,&quot;iso&quot;:&quot;0&quot;,&quot;shutter_speed&quot;:&quot;0&quot;,&quot;title&quot;:&quot;&quot;,&quot;orientation&quot;:&quot;0&quot;}\" data-image-title=\"DSC01515 (1)\" data-image-description=\"\" data-image-caption=\"\" data-large-file=\"https:\/\/i0.wp.com\/casadecampoliving.com\/wp-content\/uploads\/2025\/11\/DSC01515-1.jpg?fit=683%2C1024&amp;ssl=1\" data-id=\"545440\" src=\"https:\/\/i0.wp.com\/casadecampoliving.com\/wp-content\/uploads\/2025\/11\/DSC01515-1.jpg?resize=683%2C1024&#038;ssl=1\" alt=\"\" class=\"wp-image-545440\" srcset=\"https:\/\/i0.wp.com\/casadecampoliving.com\/wp-content\/uploads\/2025\/11\/DSC01515-1.jpg?resize=683%2C1024&amp;ssl=1 683w, https:\/\/i0.wp.com\/casadecampoliving.com\/wp-content\/uploads\/2025\/11\/DSC01515-1.jpg?resize=200%2C300&amp;ssl=1 200w, https:\/\/i0.wp.com\/casadecampoliving.com\/wp-content\/uploads\/2025\/11\/DSC01515-1.jpg?resize=768%2C1152&amp;ssl=1 768w, https:\/\/i0.wp.com\/casadecampoliving.com\/wp-content\/uploads\/2025\/11\/DSC01515-1.jpg?resize=1024%2C1536&amp;ssl=1 1024w, https:\/\/i0.wp.com\/casadecampoliving.com\/wp-content\/uploads\/2025\/11\/DSC01515-1.jpg?resize=1200%2C1800&amp;ssl=1 1200w, https:\/\/i0.wp.com\/casadecampoliving.com\/wp-content\/uploads\/2025\/11\/DSC01515-1.jpg?resize=780%2C1170&amp;ssl=1 780w, https:\/\/i0.wp.com\/casadecampoliving.com\/wp-content\/uploads\/2025\/11\/DSC01515-1.jpg?resize=400%2C600&amp;ssl=1 400w, https:\/\/i0.wp.com\/casadecampoliving.com\/wp-content\/uploads\/2025\/11\/DSC01515-1.jpg?resize=1320%2C1980&amp;ssl=1 1320w, https:\/\/i0.wp.com\/casadecampoliving.com\/wp-content\/uploads\/2025\/11\/DSC01515-1.jpg?resize=150%2C225&amp;ssl=1 150w, https:\/\/i0.wp.com\/casadecampoliving.com\/wp-content\/uploads\/2025\/11\/DSC01515-1.jpg?w=1365&amp;ssl=1 1365w, https:\/\/i0.wp.com\/casadecampoliving.com\/wp-content\/uploads\/2025\/11\/DSC01515-1-683x1024.jpg?w=370&amp;ssl=1 370w\" sizes=\"auto, (max-width: 683px) 100vw, 683px\" \/><\/figure>\n\n\n\n<figure class=\"wp-block-image size-large\"><img data-recalc-dims=\"1\" loading=\"lazy\" decoding=\"async\" width=\"683\" height=\"1024\" data-attachment-id=\"545426\" data-permalink=\"https:\/\/casadecampoliving.com\/es\/de-antonio-yachts-debuta-en-la-marina-junto-a-bvlgari-en-una-soiree-de-lujo\/dsc01485\/\" data-orig-file=\"https:\/\/i0.wp.com\/casadecampoliving.com\/wp-content\/uploads\/2025\/11\/DSC01485.jpg?fit=1365%2C2048&amp;ssl=1\" data-orig-size=\"1365,2048\" data-comments-opened=\"0\" data-image-meta=\"{&quot;aperture&quot;:&quot;0&quot;,&quot;credit&quot;:&quot;&quot;,&quot;camera&quot;:&quot;&quot;,&quot;caption&quot;:&quot;&quot;,&quot;created_timestamp&quot;:&quot;0&quot;,&quot;copyright&quot;:&quot;VIDEOMEDIADOMINICANA&quot;,&quot;focal_length&quot;:&quot;0&quot;,&quot;iso&quot;:&quot;0&quot;,&quot;shutter_speed&quot;:&quot;0&quot;,&quot;title&quot;:&quot;&quot;,&quot;orientation&quot;:&quot;0&quot;}\" data-image-title=\"DSC01485\" data-image-description=\"\" data-image-caption=\"\" data-large-file=\"https:\/\/i0.wp.com\/casadecampoliving.com\/wp-content\/uploads\/2025\/11\/DSC01485.jpg?fit=683%2C1024&amp;ssl=1\" data-id=\"545426\" src=\"https:\/\/i0.wp.com\/casadecampoliving.com\/wp-content\/uploads\/2025\/11\/DSC01485.jpg?resize=683%2C1024&#038;ssl=1\" alt=\"\" class=\"wp-image-545426\" srcset=\"https:\/\/i0.wp.com\/casadecampoliving.com\/wp-content\/uploads\/2025\/11\/DSC01485.jpg?resize=683%2C1024&amp;ssl=1 683w, https:\/\/i0.wp.com\/casadecampoliving.com\/wp-content\/uploads\/2025\/11\/DSC01485.jpg?resize=200%2C300&amp;ssl=1 200w, https:\/\/i0.wp.com\/casadecampoliving.com\/wp-content\/uploads\/2025\/11\/DSC01485.jpg?resize=768%2C1152&amp;ssl=1 768w, https:\/\/i0.wp.com\/casadecampoliving.com\/wp-content\/uploads\/2025\/11\/DSC01485.jpg?resize=1024%2C1536&amp;ssl=1 1024w, https:\/\/i0.wp.com\/casadecampoliving.com\/wp-content\/uploads\/2025\/11\/DSC01485.jpg?resize=1200%2C1800&amp;ssl=1 1200w, https:\/\/i0.wp.com\/casadecampoliving.com\/wp-content\/uploads\/2025\/11\/DSC01485.jpg?resize=780%2C1170&amp;ssl=1 780w, https:\/\/i0.wp.com\/casadecampoliving.com\/wp-content\/uploads\/2025\/11\/DSC01485.jpg?resize=400%2C600&amp;ssl=1 400w, https:\/\/i0.wp.com\/casadecampoliving.com\/wp-content\/uploads\/2025\/11\/DSC01485.jpg?resize=1320%2C1980&amp;ssl=1 1320w, https:\/\/i0.wp.com\/casadecampoliving.com\/wp-content\/uploads\/2025\/11\/DSC01485.jpg?resize=150%2C225&amp;ssl=1 150w, https:\/\/i0.wp.com\/casadecampoliving.com\/wp-content\/uploads\/2025\/11\/DSC01485.jpg?w=1365&amp;ssl=1 1365w, https:\/\/i0.wp.com\/casadecampoliving.com\/wp-content\/uploads\/2025\/11\/DSC01485-683x1024.jpg?w=370&amp;ssl=1 370w\" sizes=\"auto, (max-width: 683px) 100vw, 683px\" \/><\/figure>\n\n\n\n<figure class=\"wp-block-image size-large\"><img data-recalc-dims=\"1\" loading=\"lazy\" decoding=\"async\" width=\"683\" height=\"1024\" data-attachment-id=\"545424\" data-permalink=\"https:\/\/casadecampoliving.com\/es\/de-antonio-yachts-debuta-en-la-marina-junto-a-bvlgari-en-una-soiree-de-lujo\/dsc01428\/\" data-orig-file=\"https:\/\/i0.wp.com\/casadecampoliving.com\/wp-content\/uploads\/2025\/11\/DSC01428.jpg?fit=1365%2C2048&amp;ssl=1\" data-orig-size=\"1365,2048\" data-comments-opened=\"0\" data-image-meta=\"{&quot;aperture&quot;:&quot;0&quot;,&quot;credit&quot;:&quot;&quot;,&quot;camera&quot;:&quot;&quot;,&quot;caption&quot;:&quot;&quot;,&quot;created_timestamp&quot;:&quot;0&quot;,&quot;copyright&quot;:&quot;VIDEOMEDIADOMINICANA&quot;,&quot;focal_length&quot;:&quot;0&quot;,&quot;iso&quot;:&quot;0&quot;,&quot;shutter_speed&quot;:&quot;0&quot;,&quot;title&quot;:&quot;&quot;,&quot;orientation&quot;:&quot;0&quot;}\" data-image-title=\"DSC01428\" data-image-description=\"\" data-image-caption=\"\" data-large-file=\"https:\/\/i0.wp.com\/casadecampoliving.com\/wp-content\/uploads\/2025\/11\/DSC01428.jpg?fit=683%2C1024&amp;ssl=1\" data-id=\"545424\" src=\"https:\/\/i0.wp.com\/casadecampoliving.com\/wp-content\/uploads\/2025\/11\/DSC01428.jpg?resize=683%2C1024&#038;ssl=1\" alt=\"\" class=\"wp-image-545424\" srcset=\"https:\/\/i0.wp.com\/casadecampoliving.com\/wp-content\/uploads\/2025\/11\/DSC01428.jpg?resize=683%2C1024&amp;ssl=1 683w, https:\/\/i0.wp.com\/casadecampoliving.com\/wp-content\/uploads\/2025\/11\/DSC01428.jpg?resize=200%2C300&amp;ssl=1 200w, https:\/\/i0.wp.com\/casadecampoliving.com\/wp-content\/uploads\/2025\/11\/DSC01428.jpg?resize=768%2C1152&amp;ssl=1 768w, https:\/\/i0.wp.com\/casadecampoliving.com\/wp-content\/uploads\/2025\/11\/DSC01428.jpg?resize=1024%2C1536&amp;ssl=1 1024w, https:\/\/i0.wp.com\/casadecampoliving.com\/wp-content\/uploads\/2025\/11\/DSC01428.jpg?resize=1200%2C1800&amp;ssl=1 1200w, https:\/\/i0.wp.com\/casadecampoliving.com\/wp-content\/uploads\/2025\/11\/DSC01428.jpg?resize=780%2C1170&amp;ssl=1 780w, https:\/\/i0.wp.com\/casadecampoliving.com\/wp-content\/uploads\/2025\/11\/DSC01428.jpg?resize=400%2C600&amp;ssl=1 400w, https:\/\/i0.wp.com\/casadecampoliving.com\/wp-content\/uploads\/2025\/11\/DSC01428.jpg?resize=1320%2C1980&amp;ssl=1 1320w, https:\/\/i0.wp.com\/casadecampoliving.com\/wp-content\/uploads\/2025\/11\/DSC01428.jpg?resize=150%2C225&amp;ssl=1 150w, https:\/\/i0.wp.com\/casadecampoliving.com\/wp-content\/uploads\/2025\/11\/DSC01428.jpg?w=1365&amp;ssl=1 1365w, https:\/\/i0.wp.com\/casadecampoliving.com\/wp-content\/uploads\/2025\/11\/DSC01428-683x1024.jpg?w=370&amp;ssl=1 370w\" sizes=\"auto, (max-width: 683px) 100vw, 683px\" \/><\/figure>\n\n\n\n<figure class=\"wp-block-image size-large\"><img data-recalc-dims=\"1\" loading=\"lazy\" decoding=\"async\" width=\"1024\" height=\"683\" data-attachment-id=\"545442\" data-permalink=\"https:\/\/casadecampoliving.com\/es\/de-antonio-yachts-debuta-en-la-marina-junto-a-bvlgari-en-una-soiree-de-lujo\/dsc01414\/\" data-orig-file=\"https:\/\/i0.wp.com\/casadecampoliving.com\/wp-content\/uploads\/2025\/11\/DSC01414.jpg?fit=2048%2C1365&amp;ssl=1\" data-orig-size=\"2048,1365\" data-comments-opened=\"0\" data-image-meta=\"{&quot;aperture&quot;:&quot;0&quot;,&quot;credit&quot;:&quot;&quot;,&quot;camera&quot;:&quot;&quot;,&quot;caption&quot;:&quot;&quot;,&quot;created_timestamp&quot;:&quot;0&quot;,&quot;copyright&quot;:&quot;VIDEOMEDIADOMINICANA&quot;,&quot;focal_length&quot;:&quot;0&quot;,&quot;iso&quot;:&quot;0&quot;,&quot;shutter_speed&quot;:&quot;0&quot;,&quot;title&quot;:&quot;&quot;,&quot;orientation&quot;:&quot;0&quot;}\" data-image-title=\"DSC01414\" data-image-description=\"\" data-image-caption=\"\" data-large-file=\"https:\/\/i0.wp.com\/casadecampoliving.com\/wp-content\/uploads\/2025\/11\/DSC01414.jpg?fit=1024%2C683&amp;ssl=1\" data-id=\"545442\" src=\"https:\/\/i0.wp.com\/casadecampoliving.com\/wp-content\/uploads\/2025\/11\/DSC01414.jpg?resize=1024%2C683&#038;ssl=1\" alt=\"\" class=\"wp-image-545442\" srcset=\"https:\/\/i0.wp.com\/casadecampoliving.com\/wp-content\/uploads\/2025\/11\/DSC01414.jpg?resize=1024%2C683&amp;ssl=1 1024w, https:\/\/i0.wp.com\/casadecampoliving.com\/wp-content\/uploads\/2025\/11\/DSC01414.jpg?resize=300%2C200&amp;ssl=1 300w, https:\/\/i0.wp.com\/casadecampoliving.com\/wp-content\/uploads\/2025\/11\/DSC01414.jpg?resize=768%2C512&amp;ssl=1 768w, https:\/\/i0.wp.com\/casadecampoliving.com\/wp-content\/uploads\/2025\/11\/DSC01414.jpg?resize=1536%2C1024&amp;ssl=1 1536w, https:\/\/i0.wp.com\/casadecampoliving.com\/wp-content\/uploads\/2025\/11\/DSC01414.jpg?resize=1200%2C800&amp;ssl=1 1200w, https:\/\/i0.wp.com\/casadecampoliving.com\/wp-content\/uploads\/2025\/11\/DSC01414.jpg?resize=2000%2C1333&amp;ssl=1 2000w, https:\/\/i0.wp.com\/casadecampoliving.com\/wp-content\/uploads\/2025\/11\/DSC01414.jpg?resize=780%2C520&amp;ssl=1 780w, https:\/\/i0.wp.com\/casadecampoliving.com\/wp-content\/uploads\/2025\/11\/DSC01414.jpg?resize=400%2C267&amp;ssl=1 400w, https:\/\/i0.wp.com\/casadecampoliving.com\/wp-content\/uploads\/2025\/11\/DSC01414.jpg?resize=1320%2C880&amp;ssl=1 1320w, https:\/\/i0.wp.com\/casadecampoliving.com\/wp-content\/uploads\/2025\/11\/DSC01414.jpg?resize=150%2C100&amp;ssl=1 150w, https:\/\/i0.wp.com\/casadecampoliving.com\/wp-content\/uploads\/2025\/11\/DSC01414.jpg?w=2048&amp;ssl=1 2048w, https:\/\/i0.wp.com\/casadecampoliving.com\/wp-content\/uploads\/2025\/11\/DSC01414-1024x683.jpg?w=370&amp;ssl=1 370w\" sizes=\"auto, (max-width: 1000px) 100vw, 1000px\" \/><\/figure>\n\n\n\n<figure class=\"wp-block-image size-large\"><img data-recalc-dims=\"1\" loading=\"lazy\" decoding=\"async\" width=\"682\" height=\"1024\" data-attachment-id=\"545539\" data-permalink=\"https:\/\/casadecampoliving.com\/es\/de-antonio-yachts-debuta-en-la-marina-junto-a-bvlgari-en-una-soiree-de-lujo\/whatsapp-image-2025-11-18-at-8-06-54-am-3-2\/\" data-orig-file=\"https:\/\/i0.wp.com\/casadecampoliving.com\/wp-content\/uploads\/2025\/11\/WhatsApp-Image-2025-11-18-at-8.06.54-AM-3.jpeg?fit=1066%2C1600&amp;ssl=1\" data-orig-size=\"1066,1600\" data-comments-opened=\"0\" data-image-meta=\"{&quot;aperture&quot;:&quot;0&quot;,&quot;credit&quot;:&quot;&quot;,&quot;camera&quot;:&quot;&quot;,&quot;caption&quot;:&quot;&quot;,&quot;created_timestamp&quot;:&quot;0&quot;,&quot;copyright&quot;:&quot;&quot;,&quot;focal_length&quot;:&quot;0&quot;,&quot;iso&quot;:&quot;0&quot;,&quot;shutter_speed&quot;:&quot;0&quot;,&quot;title&quot;:&quot;&quot;,&quot;orientation&quot;:&quot;0&quot;}\" data-image-title=\"WhatsApp Image 2025-11-18 at 8.06.54 AM (3)\" data-image-description=\"\" data-image-caption=\"\" data-large-file=\"https:\/\/i0.wp.com\/casadecampoliving.com\/wp-content\/uploads\/2025\/11\/WhatsApp-Image-2025-11-18-at-8.06.54-AM-3.jpeg?fit=682%2C1024&amp;ssl=1\" data-id=\"545539\" src=\"https:\/\/i0.wp.com\/casadecampoliving.com\/wp-content\/uploads\/2025\/11\/WhatsApp-Image-2025-11-18-at-8.06.54-AM-3.jpeg?resize=682%2C1024&#038;ssl=1\" alt=\"\" class=\"wp-image-545539\" srcset=\"https:\/\/i0.wp.com\/casadecampoliving.com\/wp-content\/uploads\/2025\/11\/WhatsApp-Image-2025-11-18-at-8.06.54-AM-3.jpeg?resize=682%2C1024&amp;ssl=1 682w, https:\/\/i0.wp.com\/casadecampoliving.com\/wp-content\/uploads\/2025\/11\/WhatsApp-Image-2025-11-18-at-8.06.54-AM-3.jpeg?resize=200%2C300&amp;ssl=1 200w, https:\/\/i0.wp.com\/casadecampoliving.com\/wp-content\/uploads\/2025\/11\/WhatsApp-Image-2025-11-18-at-8.06.54-AM-3.jpeg?resize=768%2C1153&amp;ssl=1 768w, https:\/\/i0.wp.com\/casadecampoliving.com\/wp-content\/uploads\/2025\/11\/WhatsApp-Image-2025-11-18-at-8.06.54-AM-3.jpeg?resize=1023%2C1536&amp;ssl=1 1023w, https:\/\/i0.wp.com\/casadecampoliving.com\/wp-content\/uploads\/2025\/11\/WhatsApp-Image-2025-11-18-at-8.06.54-AM-3.jpeg?resize=780%2C1171&amp;ssl=1 780w, https:\/\/i0.wp.com\/casadecampoliving.com\/wp-content\/uploads\/2025\/11\/WhatsApp-Image-2025-11-18-at-8.06.54-AM-3.jpeg?resize=400%2C600&amp;ssl=1 400w, https:\/\/i0.wp.com\/casadecampoliving.com\/wp-content\/uploads\/2025\/11\/WhatsApp-Image-2025-11-18-at-8.06.54-AM-3.jpeg?resize=150%2C225&amp;ssl=1 150w, https:\/\/i0.wp.com\/casadecampoliving.com\/wp-content\/uploads\/2025\/11\/WhatsApp-Image-2025-11-18-at-8.06.54-AM-3.jpeg?w=1066&amp;ssl=1 1066w, https:\/\/i0.wp.com\/casadecampoliving.com\/wp-content\/uploads\/2025\/11\/WhatsApp-Image-2025-11-18-at-8.06.54-AM-3-682x1024.jpeg?w=370&amp;ssl=1 370w\" sizes=\"auto, (max-width: 682px) 100vw, 682px\" \/><\/figure>\n\n\n\n<figure class=\"wp-block-image size-large\"><img data-recalc-dims=\"1\" loading=\"lazy\" decoding=\"async\" width=\"682\" height=\"1024\" data-attachment-id=\"545537\" data-permalink=\"https:\/\/casadecampoliving.com\/es\/de-antonio-yachts-debuta-en-la-marina-junto-a-bvlgari-en-una-soiree-de-lujo\/whatsapp-image-2025-11-18-at-8-06-54-am-3\/\" data-orig-file=\"https:\/\/i0.wp.com\/casadecampoliving.com\/wp-content\/uploads\/2025\/11\/WhatsApp-Image-2025-11-18-at-8.06.54-AM.jpeg?fit=1066%2C1600&amp;ssl=1\" data-orig-size=\"1066,1600\" data-comments-opened=\"0\" data-image-meta=\"{&quot;aperture&quot;:&quot;0&quot;,&quot;credit&quot;:&quot;&quot;,&quot;camera&quot;:&quot;&quot;,&quot;caption&quot;:&quot;&quot;,&quot;created_timestamp&quot;:&quot;0&quot;,&quot;copyright&quot;:&quot;&quot;,&quot;focal_length&quot;:&quot;0&quot;,&quot;iso&quot;:&quot;0&quot;,&quot;shutter_speed&quot;:&quot;0&quot;,&quot;title&quot;:&quot;&quot;,&quot;orientation&quot;:&quot;0&quot;}\" data-image-title=\"WhatsApp Image 2025-11-18 at 8.06.54 AM\" data-image-description=\"\" data-image-caption=\"\" data-large-file=\"https:\/\/i0.wp.com\/casadecampoliving.com\/wp-content\/uploads\/2025\/11\/WhatsApp-Image-2025-11-18-at-8.06.54-AM.jpeg?fit=682%2C1024&amp;ssl=1\" data-id=\"545537\" src=\"https:\/\/i0.wp.com\/casadecampoliving.com\/wp-content\/uploads\/2025\/11\/WhatsApp-Image-2025-11-18-at-8.06.54-AM.jpeg?resize=682%2C1024&#038;ssl=1\" alt=\"\" class=\"wp-image-545537\" srcset=\"https:\/\/i0.wp.com\/casadecampoliving.com\/wp-content\/uploads\/2025\/11\/WhatsApp-Image-2025-11-18-at-8.06.54-AM.jpeg?resize=682%2C1024&amp;ssl=1 682w, https:\/\/i0.wp.com\/casadecampoliving.com\/wp-content\/uploads\/2025\/11\/WhatsApp-Image-2025-11-18-at-8.06.54-AM.jpeg?resize=200%2C300&amp;ssl=1 200w, https:\/\/i0.wp.com\/casadecampoliving.com\/wp-content\/uploads\/2025\/11\/WhatsApp-Image-2025-11-18-at-8.06.54-AM.jpeg?resize=768%2C1153&amp;ssl=1 768w, https:\/\/i0.wp.com\/casadecampoliving.com\/wp-content\/uploads\/2025\/11\/WhatsApp-Image-2025-11-18-at-8.06.54-AM.jpeg?resize=1023%2C1536&amp;ssl=1 1023w, https:\/\/i0.wp.com\/casadecampoliving.com\/wp-content\/uploads\/2025\/11\/WhatsApp-Image-2025-11-18-at-8.06.54-AM.jpeg?resize=780%2C1171&amp;ssl=1 780w, https:\/\/i0.wp.com\/casadecampoliving.com\/wp-content\/uploads\/2025\/11\/WhatsApp-Image-2025-11-18-at-8.06.54-AM.jpeg?resize=400%2C600&amp;ssl=1 400w, https:\/\/i0.wp.com\/casadecampoliving.com\/wp-content\/uploads\/2025\/11\/WhatsApp-Image-2025-11-18-at-8.06.54-AM.jpeg?resize=150%2C225&amp;ssl=1 150w, https:\/\/i0.wp.com\/casadecampoliving.com\/wp-content\/uploads\/2025\/11\/WhatsApp-Image-2025-11-18-at-8.06.54-AM.jpeg?w=1066&amp;ssl=1 1066w, https:\/\/i0.wp.com\/casadecampoliving.com\/wp-content\/uploads\/2025\/11\/WhatsApp-Image-2025-11-18-at-8.06.54-AM-682x1024.jpeg?w=370&amp;ssl=1 370w\" sizes=\"auto, (max-width: 682px) 100vw, 682px\" \/><\/figure>\n\n\n\n<figure class=\"wp-block-image size-large\"><img data-recalc-dims=\"1\" loading=\"lazy\" decoding=\"async\" width=\"682\" height=\"1024\" data-attachment-id=\"545535\" data-permalink=\"https:\/\/casadecampoliving.com\/es\/de-antonio-yachts-debuta-en-la-marina-junto-a-bvlgari-en-una-soiree-de-lujo\/whatsapp-image-2025-11-18-at-8-06-55-am-2\/\" data-orig-file=\"https:\/\/i0.wp.com\/casadecampoliving.com\/wp-content\/uploads\/2025\/11\/WhatsApp-Image-2025-11-18-at-8.06.55-AM.jpeg?fit=1066%2C1600&amp;ssl=1\" data-orig-size=\"1066,1600\" data-comments-opened=\"0\" data-image-meta=\"{&quot;aperture&quot;:&quot;0&quot;,&quot;credit&quot;:&quot;&quot;,&quot;camera&quot;:&quot;&quot;,&quot;caption&quot;:&quot;&quot;,&quot;created_timestamp&quot;:&quot;0&quot;,&quot;copyright&quot;:&quot;&quot;,&quot;focal_length&quot;:&quot;0&quot;,&quot;iso&quot;:&quot;0&quot;,&quot;shutter_speed&quot;:&quot;0&quot;,&quot;title&quot;:&quot;&quot;,&quot;orientation&quot;:&quot;0&quot;}\" data-image-title=\"WhatsApp Image 2025-11-18 at 8.06.55 AM\" data-image-description=\"\" data-image-caption=\"\" data-large-file=\"https:\/\/i0.wp.com\/casadecampoliving.com\/wp-content\/uploads\/2025\/11\/WhatsApp-Image-2025-11-18-at-8.06.55-AM.jpeg?fit=682%2C1024&amp;ssl=1\" data-id=\"545535\" src=\"https:\/\/i0.wp.com\/casadecampoliving.com\/wp-content\/uploads\/2025\/11\/WhatsApp-Image-2025-11-18-at-8.06.55-AM.jpeg?resize=682%2C1024&#038;ssl=1\" alt=\"\" class=\"wp-image-545535\" srcset=\"https:\/\/i0.wp.com\/casadecampoliving.com\/wp-content\/uploads\/2025\/11\/WhatsApp-Image-2025-11-18-at-8.06.55-AM.jpeg?resize=682%2C1024&amp;ssl=1 682w, https:\/\/i0.wp.com\/casadecampoliving.com\/wp-content\/uploads\/2025\/11\/WhatsApp-Image-2025-11-18-at-8.06.55-AM.jpeg?resize=200%2C300&amp;ssl=1 200w, https:\/\/i0.wp.com\/casadecampoliving.com\/wp-content\/uploads\/2025\/11\/WhatsApp-Image-2025-11-18-at-8.06.55-AM.jpeg?resize=768%2C1153&amp;ssl=1 768w, https:\/\/i0.wp.com\/casadecampoliving.com\/wp-content\/uploads\/2025\/11\/WhatsApp-Image-2025-11-18-at-8.06.55-AM.jpeg?resize=1023%2C1536&amp;ssl=1 1023w, https:\/\/i0.wp.com\/casadecampoliving.com\/wp-content\/uploads\/2025\/11\/WhatsApp-Image-2025-11-18-at-8.06.55-AM.jpeg?resize=780%2C1171&amp;ssl=1 780w, https:\/\/i0.wp.com\/casadecampoliving.com\/wp-content\/uploads\/2025\/11\/WhatsApp-Image-2025-11-18-at-8.06.55-AM.jpeg?resize=400%2C600&amp;ssl=1 400w, https:\/\/i0.wp.com\/casadecampoliving.com\/wp-content\/uploads\/2025\/11\/WhatsApp-Image-2025-11-18-at-8.06.55-AM.jpeg?resize=150%2C225&amp;ssl=1 150w, https:\/\/i0.wp.com\/casadecampoliving.com\/wp-content\/uploads\/2025\/11\/WhatsApp-Image-2025-11-18-at-8.06.55-AM.jpeg?w=1066&amp;ssl=1 1066w, https:\/\/i0.wp.com\/casadecampoliving.com\/wp-content\/uploads\/2025\/11\/WhatsApp-Image-2025-11-18-at-8.06.55-AM-682x1024.jpeg?w=370&amp;ssl=1 370w\" sizes=\"auto, (max-width: 682px) 100vw, 682px\" \/><\/figure>\n\n\n\n<figure class=\"wp-block-image size-large\"><img data-recalc-dims=\"1\" loading=\"lazy\" decoding=\"async\" width=\"682\" height=\"1024\" data-attachment-id=\"545533\" data-permalink=\"https:\/\/casadecampoliving.com\/es\/de-antonio-yachts-debuta-en-la-marina-junto-a-bvlgari-en-una-soiree-de-lujo\/whatsapp-image-2025-11-18-at-8-06-54-am-1-2\/\" data-orig-file=\"https:\/\/i0.wp.com\/casadecampoliving.com\/wp-content\/uploads\/2025\/11\/WhatsApp-Image-2025-11-18-at-8.06.54-AM-1.jpeg?fit=1066%2C1600&amp;ssl=1\" data-orig-size=\"1066,1600\" data-comments-opened=\"0\" data-image-meta=\"{&quot;aperture&quot;:&quot;0&quot;,&quot;credit&quot;:&quot;&quot;,&quot;camera&quot;:&quot;&quot;,&quot;caption&quot;:&quot;&quot;,&quot;created_timestamp&quot;:&quot;0&quot;,&quot;copyright&quot;:&quot;&quot;,&quot;focal_length&quot;:&quot;0&quot;,&quot;iso&quot;:&quot;0&quot;,&quot;shutter_speed&quot;:&quot;0&quot;,&quot;title&quot;:&quot;&quot;,&quot;orientation&quot;:&quot;0&quot;}\" data-image-title=\"WhatsApp Image 2025-11-18 at 8.06.54 AM (1)\" data-image-description=\"\" data-image-caption=\"\" data-large-file=\"https:\/\/i0.wp.com\/casadecampoliving.com\/wp-content\/uploads\/2025\/11\/WhatsApp-Image-2025-11-18-at-8.06.54-AM-1.jpeg?fit=682%2C1024&amp;ssl=1\" data-id=\"545533\" src=\"https:\/\/i0.wp.com\/casadecampoliving.com\/wp-content\/uploads\/2025\/11\/WhatsApp-Image-2025-11-18-at-8.06.54-AM-1.jpeg?resize=682%2C1024&#038;ssl=1\" alt=\"\" class=\"wp-image-545533\" srcset=\"https:\/\/i0.wp.com\/casadecampoliving.com\/wp-content\/uploads\/2025\/11\/WhatsApp-Image-2025-11-18-at-8.06.54-AM-1.jpeg?resize=682%2C1024&amp;ssl=1 682w, https:\/\/i0.wp.com\/casadecampoliving.com\/wp-content\/uploads\/2025\/11\/WhatsApp-Image-2025-11-18-at-8.06.54-AM-1.jpeg?resize=200%2C300&amp;ssl=1 200w, https:\/\/i0.wp.com\/casadecampoliving.com\/wp-content\/uploads\/2025\/11\/WhatsApp-Image-2025-11-18-at-8.06.54-AM-1.jpeg?resize=768%2C1153&amp;ssl=1 768w, https:\/\/i0.wp.com\/casadecampoliving.com\/wp-content\/uploads\/2025\/11\/WhatsApp-Image-2025-11-18-at-8.06.54-AM-1.jpeg?resize=1023%2C1536&amp;ssl=1 1023w, https:\/\/i0.wp.com\/casadecampoliving.com\/wp-content\/uploads\/2025\/11\/WhatsApp-Image-2025-11-18-at-8.06.54-AM-1.jpeg?resize=780%2C1171&amp;ssl=1 780w, https:\/\/i0.wp.com\/casadecampoliving.com\/wp-content\/uploads\/2025\/11\/WhatsApp-Image-2025-11-18-at-8.06.54-AM-1.jpeg?resize=400%2C600&amp;ssl=1 400w, https:\/\/i0.wp.com\/casadecampoliving.com\/wp-content\/uploads\/2025\/11\/WhatsApp-Image-2025-11-18-at-8.06.54-AM-1.jpeg?resize=150%2C225&amp;ssl=1 150w, https:\/\/i0.wp.com\/casadecampoliving.com\/wp-content\/uploads\/2025\/11\/WhatsApp-Image-2025-11-18-at-8.06.54-AM-1.jpeg?w=1066&amp;ssl=1 1066w, https:\/\/i0.wp.com\/casadecampoliving.com\/wp-content\/uploads\/2025\/11\/WhatsApp-Image-2025-11-18-at-8.06.54-AM-1-682x1024.jpeg?w=370&amp;ssl=1 370w\" sizes=\"auto, (max-width: 682px) 100vw, 682px\" \/><\/figure>\n\n\n\n<figure class=\"wp-block-image size-large\"><img data-recalc-dims=\"1\" loading=\"lazy\" decoding=\"async\" width=\"682\" height=\"1024\" data-attachment-id=\"545532\" data-permalink=\"https:\/\/casadecampoliving.com\/es\/de-antonio-yachts-debuta-en-la-marina-junto-a-bvlgari-en-una-soiree-de-lujo\/whatsapp-image-2025-11-18-at-8-06-54-am-2-2\/\" data-orig-file=\"https:\/\/i0.wp.com\/casadecampoliving.com\/wp-content\/uploads\/2025\/11\/WhatsApp-Image-2025-11-18-at-8.06.54-AM-2.jpeg?fit=1066%2C1600&amp;ssl=1\" data-orig-size=\"1066,1600\" data-comments-opened=\"0\" data-image-meta=\"{&quot;aperture&quot;:&quot;0&quot;,&quot;credit&quot;:&quot;&quot;,&quot;camera&quot;:&quot;&quot;,&quot;caption&quot;:&quot;&quot;,&quot;created_timestamp&quot;:&quot;0&quot;,&quot;copyright&quot;:&quot;&quot;,&quot;focal_length&quot;:&quot;0&quot;,&quot;iso&quot;:&quot;0&quot;,&quot;shutter_speed&quot;:&quot;0&quot;,&quot;title&quot;:&quot;&quot;,&quot;orientation&quot;:&quot;0&quot;}\" data-image-title=\"WhatsApp Image 2025-11-18 at 8.06.54 AM (2)\" data-image-description=\"\" data-image-caption=\"\" data-large-file=\"https:\/\/i0.wp.com\/casadecampoliving.com\/wp-content\/uploads\/2025\/11\/WhatsApp-Image-2025-11-18-at-8.06.54-AM-2.jpeg?fit=682%2C1024&amp;ssl=1\" data-id=\"545532\" src=\"https:\/\/i0.wp.com\/casadecampoliving.com\/wp-content\/uploads\/2025\/11\/WhatsApp-Image-2025-11-18-at-8.06.54-AM-2.jpeg?resize=682%2C1024&#038;ssl=1\" alt=\"\" class=\"wp-image-545532\" srcset=\"https:\/\/i0.wp.com\/casadecampoliving.com\/wp-content\/uploads\/2025\/11\/WhatsApp-Image-2025-11-18-at-8.06.54-AM-2.jpeg?resize=682%2C1024&amp;ssl=1 682w, https:\/\/i0.wp.com\/casadecampoliving.com\/wp-content\/uploads\/2025\/11\/WhatsApp-Image-2025-11-18-at-8.06.54-AM-2.jpeg?resize=200%2C300&amp;ssl=1 200w, https:\/\/i0.wp.com\/casadecampoliving.com\/wp-content\/uploads\/2025\/11\/WhatsApp-Image-2025-11-18-at-8.06.54-AM-2.jpeg?resize=768%2C1153&amp;ssl=1 768w, https:\/\/i0.wp.com\/casadecampoliving.com\/wp-content\/uploads\/2025\/11\/WhatsApp-Image-2025-11-18-at-8.06.54-AM-2.jpeg?resize=1023%2C1536&amp;ssl=1 1023w, https:\/\/i0.wp.com\/casadecampoliving.com\/wp-content\/uploads\/2025\/11\/WhatsApp-Image-2025-11-18-at-8.06.54-AM-2.jpeg?resize=780%2C1171&amp;ssl=1 780w, https:\/\/i0.wp.com\/casadecampoliving.com\/wp-content\/uploads\/2025\/11\/WhatsApp-Image-2025-11-18-at-8.06.54-AM-2.jpeg?resize=400%2C600&amp;ssl=1 400w, https:\/\/i0.wp.com\/casadecampoliving.com\/wp-content\/uploads\/2025\/11\/WhatsApp-Image-2025-11-18-at-8.06.54-AM-2.jpeg?resize=150%2C225&amp;ssl=1 150w, https:\/\/i0.wp.com\/casadecampoliving.com\/wp-content\/uploads\/2025\/11\/WhatsApp-Image-2025-11-18-at-8.06.54-AM-2.jpeg?w=1066&amp;ssl=1 1066w, https:\/\/i0.wp.com\/casadecampoliving.com\/wp-content\/uploads\/2025\/11\/WhatsApp-Image-2025-11-18-at-8.06.54-AM-2-682x1024.jpeg?w=370&amp;ssl=1 370w\" sizes=\"auto, (max-width: 682px) 100vw, 682px\" \/><\/figure>\n\n\n\n<figure class=\"wp-block-image size-large\"><img data-recalc-dims=\"1\" loading=\"lazy\" decoding=\"async\" width=\"682\" height=\"1024\" data-attachment-id=\"545529\" data-permalink=\"https:\/\/casadecampoliving.com\/es\/de-antonio-yachts-debuta-en-la-marina-junto-a-bvlgari-en-una-soiree-de-lujo\/whatsapp-image-2025-11-18-at-8-06-55-am-1-2\/\" data-orig-file=\"https:\/\/i0.wp.com\/casadecampoliving.com\/wp-content\/uploads\/2025\/11\/WhatsApp-Image-2025-11-18-at-8.06.55-AM-1.jpeg?fit=1066%2C1600&amp;ssl=1\" data-orig-size=\"1066,1600\" data-comments-opened=\"0\" data-image-meta=\"{&quot;aperture&quot;:&quot;0&quot;,&quot;credit&quot;:&quot;&quot;,&quot;camera&quot;:&quot;&quot;,&quot;caption&quot;:&quot;&quot;,&quot;created_timestamp&quot;:&quot;0&quot;,&quot;copyright&quot;:&quot;&quot;,&quot;focal_length&quot;:&quot;0&quot;,&quot;iso&quot;:&quot;0&quot;,&quot;shutter_speed&quot;:&quot;0&quot;,&quot;title&quot;:&quot;&quot;,&quot;orientation&quot;:&quot;0&quot;}\" data-image-title=\"WhatsApp Image 2025-11-18 at 8.06.55 AM (1)\" data-image-description=\"\" data-image-caption=\"\" data-large-file=\"https:\/\/i0.wp.com\/casadecampoliving.com\/wp-content\/uploads\/2025\/11\/WhatsApp-Image-2025-11-18-at-8.06.55-AM-1.jpeg?fit=682%2C1024&amp;ssl=1\" data-id=\"545529\" src=\"https:\/\/i0.wp.com\/casadecampoliving.com\/wp-content\/uploads\/2025\/11\/WhatsApp-Image-2025-11-18-at-8.06.55-AM-1.jpeg?resize=682%2C1024&#038;ssl=1\" alt=\"\" class=\"wp-image-545529\" srcset=\"https:\/\/i0.wp.com\/casadecampoliving.com\/wp-content\/uploads\/2025\/11\/WhatsApp-Image-2025-11-18-at-8.06.55-AM-1.jpeg?resize=682%2C1024&amp;ssl=1 682w, https:\/\/i0.wp.com\/casadecampoliving.com\/wp-content\/uploads\/2025\/11\/WhatsApp-Image-2025-11-18-at-8.06.55-AM-1.jpeg?resize=200%2C300&amp;ssl=1 200w, https:\/\/i0.wp.com\/casadecampoliving.com\/wp-content\/uploads\/2025\/11\/WhatsApp-Image-2025-11-18-at-8.06.55-AM-1.jpeg?resize=768%2C1153&amp;ssl=1 768w, https:\/\/i0.wp.com\/casadecampoliving.com\/wp-content\/uploads\/2025\/11\/WhatsApp-Image-2025-11-18-at-8.06.55-AM-1.jpeg?resize=1023%2C1536&amp;ssl=1 1023w, https:\/\/i0.wp.com\/casadecampoliving.com\/wp-content\/uploads\/2025\/11\/WhatsApp-Image-2025-11-18-at-8.06.55-AM-1.jpeg?resize=780%2C1171&amp;ssl=1 780w, https:\/\/i0.wp.com\/casadecampoliving.com\/wp-content\/uploads\/2025\/11\/WhatsApp-Image-2025-11-18-at-8.06.55-AM-1.jpeg?resize=400%2C600&amp;ssl=1 400w, https:\/\/i0.wp.com\/casadecampoliving.com\/wp-content\/uploads\/2025\/11\/WhatsApp-Image-2025-11-18-at-8.06.55-AM-1.jpeg?resize=150%2C225&amp;ssl=1 150w, https:\/\/i0.wp.com\/casadecampoliving.com\/wp-content\/uploads\/2025\/11\/WhatsApp-Image-2025-11-18-at-8.06.55-AM-1.jpeg?w=1066&amp;ssl=1 1066w, https:\/\/i0.wp.com\/casadecampoliving.com\/wp-content\/uploads\/2025\/11\/WhatsApp-Image-2025-11-18-at-8.06.55-AM-1-682x1024.jpeg?w=370&amp;ssl=1 370w\" sizes=\"auto, (max-width: 682px) 100vw, 682px\" \/><\/figure>\n<\/figure>\n","protected":false},"excerpt":{"rendered":"<p>IB Nautica Group celebr\u00f3 una velada inolvidable con la premi\u00e8re oficial de De Antonio Yachts en la Rep\u00fablica Dominicana, tras integrarse al exclusivo portafolio de IBI Yachts. El evento, titulado \u201cYachts &amp; Watches\u201d, marc\u00f3 el inicio formal de la presencia de la reconocida firma espa\u00f1ola en el mercado dominicano, en colaboraci\u00f3n con la prestigiosa casa [&hellip;]<\/p>\n","protected":false},"author":431,"featured_media":545412,"comment_status":"closed","ping_status":"closed","sticky":false,"template":"","format":"standard","meta":{"newspack_ads_suppress_ads":false,"newspack_popups_has_disabled_popups":false,"newspack_sponsor_sponsorship_scope":"","newspack_sponsor_native_byline_display":"inherit","newspack_sponsor_native_category_display":"inherit","newspack_sponsor_underwriter_style":"inherit","newspack_sponsor_underwriter_placement":"inherit","_newspack_byline_active":false,"_newspack_byline":"","newspack_hide_updated_date":false,"newspack_show_updated_date":false,"newspack_content_restriction_is_exempt":false,"newspack_featured_image_position":"large","newspack_post_subtitle":"Los invitados disfrutaron de una experiencia sensorial \u00fanica que celebr\u00f3 la innovaci\u00f3n tanto en la industria n\u00e1utica como en la relojer\u00eda de alta gama","newspack_article_summary_title":"Overview:","newspack_article_summary":"","_jetpack_memberships_contains_paid_content":false,"footnotes":"","jetpack_publicize_message":"","jetpack_publicize_feature_enabled":true,"jetpack_social_post_already_shared":true,"jetpack_social_options":{"image_generator_settings":{"template":"highway","default_image_id":0,"font":"","enabled":false},"version":2},"_wpas_customize_per_network":false},"categories":[24554,14631,2522,26581],"tags":[3626,14736,4888,3573],"newspack_spnsrs_tax":[],"class_list":["post-545411","post","type-post","status-publish","format-standard","has-post-thumbnail","hentry","category-comunidad","category-estilo-de-vida","category-eventos-es","category-la-marina-casa-de-campo","tag-casa-de-campo-es","tag-featured-topview-es","tag-ibi-nautica-es","tag-marina-casa-de-campo-es","entry"],"yoast_head":"<!-- This site is optimized with the Yoast SEO plugin v27.4 - https:\/\/yoast.com\/product\/yoast-seo-wordpress\/ -->\n<title>De Antonio Yachts debuta en La Marina junto a Bvlgari en una soir\u00e9e de lujo | Casa de Campo Living<\/title>\n<meta name=\"description\" content=\"IB Nautica Group celebr\u00f3 una velada inolvidable con la premi\u00e8re oficial de De Antonio Yachts en la Rep\u00fablica Dominicana, tras integrarse al exclusivo\" \/>\n<meta name=\"robots\" content=\"index, follow, max-snippet:-1, max-image-preview:large, max-video-preview:-1\" \/>\n<link rel=\"canonical\" href=\"https:\/\/casadecampoliving.com\/es\/de-antonio-yachts-debuta-en-la-marina-junto-a-bvlgari-en-una-soiree-de-lujo\/\" \/>\n<meta property=\"og:locale\" content=\"es_ES\" \/>\n<meta property=\"og:type\" content=\"article\" \/>\n<meta property=\"og:title\" content=\"De Antonio Yachts debuta en La Marina junto a Bvlgari en una soir\u00e9e de lujo | Casa de Campo Living\" \/>\n<meta property=\"og:description\" content=\"IB Nautica Group celebr\u00f3 una velada inolvidable con la premi\u00e8re oficial de De Antonio Yachts en la Rep\u00fablica Dominicana, tras integrarse al exclusivo\" \/>\n<meta property=\"og:url\" content=\"https:\/\/casadecampoliving.com\/es\/de-antonio-yachts-debuta-en-la-marina-junto-a-bvlgari-en-una-soiree-de-lujo\/\" \/>\n<meta property=\"og:site_name\" content=\"Casa de Campo Living\" \/>\n<meta property=\"article:publisher\" content=\"https:\/\/www.facebook.com\/casadecampoliving\" \/>\n<meta property=\"article:published_time\" content=\"2025-11-18T11:38:49+00:00\" \/>\n<meta property=\"article:modified_time\" content=\"2025-11-18T18:16:32+00:00\" \/>\n<meta property=\"og:image\" content=\"https:\/\/casadecampoliving.com\/wp-content\/uploads\/2025\/11\/WhatsApp-Image-2025-11-17-at-5.46.27-PM.jpeg\" \/>\n\t<meta property=\"og:image:width\" content=\"1600\" \/>\n\t<meta property=\"og:image:height\" content=\"1066\" \/>\n\t<meta property=\"og:image:type\" content=\"image\/jpeg\" \/>\n<meta name=\"author\" content=\"Mairobi Herrera\" \/>\n<meta name=\"twitter:card\" content=\"summary_large_image\" \/>\n<meta name=\"twitter:creator\" content=\"@cdcliving\" \/>\n<meta name=\"twitter:site\" content=\"@cdcliving\" \/>\n<meta name=\"twitter:label1\" content=\"Escrito por\" \/>\n\t<meta name=\"twitter:data1\" content=\"Mairobi Herrera\" \/>\n\t<meta name=\"twitter:label2\" content=\"Tiempo de lectura\" \/>\n\t<meta name=\"twitter:data2\" content=\"8 minutos\" \/>\n<script type=\"application\/ld+json\" class=\"yoast-schema-graph\">{\"@context\":\"https:\\\/\\\/schema.org\",\"@graph\":[{\"@type\":\"Article\",\"@id\":\"https:\\\/\\\/casadecampoliving.com\\\/es\\\/de-antonio-yachts-debuta-en-la-marina-junto-a-bvlgari-en-una-soiree-de-lujo\\\/#article\",\"isPartOf\":{\"@id\":\"https:\\\/\\\/casadecampoliving.com\\\/es\\\/de-antonio-yachts-debuta-en-la-marina-junto-a-bvlgari-en-una-soiree-de-lujo\\\/\"},\"author\":{\"name\":\"Mairobi Herrera\",\"@id\":\"https:\\\/\\\/casadecampoliving.com\\\/es\\\/#\\\/schema\\\/person\\\/932e594484c49168ad37fbb9141bf699\"},\"headline\":\"De Antonio Yachts debuta en La Marina junto a Bvlgari en una soir\u00e9e de lujo\",\"datePublished\":\"2025-11-18T11:38:49+00:00\",\"dateModified\":\"2025-11-18T18:16:32+00:00\",\"mainEntityOfPage\":{\"@id\":\"https:\\\/\\\/casadecampoliving.com\\\/es\\\/de-antonio-yachts-debuta-en-la-marina-junto-a-bvlgari-en-una-soiree-de-lujo\\\/\"},\"wordCount\":585,\"publisher\":{\"@id\":\"https:\\\/\\\/casadecampoliving.com\\\/es\\\/#organization\"},\"image\":{\"@id\":\"https:\\\/\\\/casadecampoliving.com\\\/es\\\/de-antonio-yachts-debuta-en-la-marina-junto-a-bvlgari-en-una-soiree-de-lujo\\\/#primaryimage\"},\"thumbnailUrl\":\"https:\\\/\\\/i0.wp.com\\\/casadecampoliving.com\\\/wp-content\\\/uploads\\\/2025\\\/11\\\/WhatsApp-Image-2025-11-17-at-5.46.27-PM.jpeg?fit=1600%2C1066&ssl=1\",\"keywords\":[\"casa de campo @es\",\"Featured-TopView @es\",\"IBI nautica @es\",\"Marina Casa de Campo @es\"],\"articleSection\":[\"Comunidad\",\"Estilo de Vida\",\"Eventos\",\"La Marina Casa de Campo\"],\"inLanguage\":\"es\"},{\"@type\":\"WebPage\",\"@id\":\"https:\\\/\\\/casadecampoliving.com\\\/es\\\/de-antonio-yachts-debuta-en-la-marina-junto-a-bvlgari-en-una-soiree-de-lujo\\\/\",\"url\":\"https:\\\/\\\/casadecampoliving.com\\\/es\\\/de-antonio-yachts-debuta-en-la-marina-junto-a-bvlgari-en-una-soiree-de-lujo\\\/\",\"name\":\"De Antonio Yachts debuta en La Marina junto a Bvlgari en una soir\u00e9e de lujo | Casa de Campo Living\",\"isPartOf\":{\"@id\":\"https:\\\/\\\/casadecampoliving.com\\\/es\\\/#website\"},\"primaryImageOfPage\":{\"@id\":\"https:\\\/\\\/casadecampoliving.com\\\/es\\\/de-antonio-yachts-debuta-en-la-marina-junto-a-bvlgari-en-una-soiree-de-lujo\\\/#primaryimage\"},\"image\":{\"@id\":\"https:\\\/\\\/casadecampoliving.com\\\/es\\\/de-antonio-yachts-debuta-en-la-marina-junto-a-bvlgari-en-una-soiree-de-lujo\\\/#primaryimage\"},\"thumbnailUrl\":\"https:\\\/\\\/i0.wp.com\\\/casadecampoliving.com\\\/wp-content\\\/uploads\\\/2025\\\/11\\\/WhatsApp-Image-2025-11-17-at-5.46.27-PM.jpeg?fit=1600%2C1066&ssl=1\",\"datePublished\":\"2025-11-18T11:38:49+00:00\",\"dateModified\":\"2025-11-18T18:16:32+00:00\",\"description\":\"IB Nautica Group celebr\u00f3 una velada inolvidable con la premi\u00e8re oficial de De Antonio Yachts en la Rep\u00fablica Dominicana, tras integrarse al exclusivo\",\"breadcrumb\":{\"@id\":\"https:\\\/\\\/casadecampoliving.com\\\/es\\\/de-antonio-yachts-debuta-en-la-marina-junto-a-bvlgari-en-una-soiree-de-lujo\\\/#breadcrumb\"},\"inLanguage\":\"es\",\"potentialAction\":[{\"@type\":\"ReadAction\",\"target\":[\"https:\\\/\\\/casadecampoliving.com\\\/es\\\/de-antonio-yachts-debuta-en-la-marina-junto-a-bvlgari-en-una-soiree-de-lujo\\\/\"]}]},{\"@type\":\"ImageObject\",\"inLanguage\":\"es\",\"@id\":\"https:\\\/\\\/casadecampoliving.com\\\/es\\\/de-antonio-yachts-debuta-en-la-marina-junto-a-bvlgari-en-una-soiree-de-lujo\\\/#primaryimage\",\"url\":\"https:\\\/\\\/i0.wp.com\\\/casadecampoliving.com\\\/wp-content\\\/uploads\\\/2025\\\/11\\\/WhatsApp-Image-2025-11-17-at-5.46.27-PM.jpeg?fit=1600%2C1066&ssl=1\",\"contentUrl\":\"https:\\\/\\\/i0.wp.com\\\/casadecampoliving.com\\\/wp-content\\\/uploads\\\/2025\\\/11\\\/WhatsApp-Image-2025-11-17-at-5.46.27-PM.jpeg?fit=1600%2C1066&ssl=1\",\"width\":1600,\"height\":1066},{\"@type\":\"BreadcrumbList\",\"@id\":\"https:\\\/\\\/casadecampoliving.com\\\/es\\\/de-antonio-yachts-debuta-en-la-marina-junto-a-bvlgari-en-una-soiree-de-lujo\\\/#breadcrumb\",\"itemListElement\":[{\"@type\":\"ListItem\",\"position\":1,\"name\":\"Home\",\"item\":\"https:\\\/\\\/casadecampoliving.com\\\/es\\\/\"},{\"@type\":\"ListItem\",\"position\":2,\"name\":\"De Antonio Yachts debuta en La Marina junto a Bvlgari en una soir\u00e9e de lujo\"}]},{\"@type\":\"WebSite\",\"@id\":\"https:\\\/\\\/casadecampoliving.com\\\/es\\\/#website\",\"url\":\"https:\\\/\\\/casadecampoliving.com\\\/es\\\/\",\"name\":\"Casa de Campo Living\",\"description\":\"Resort community news and resources.\",\"publisher\":{\"@id\":\"https:\\\/\\\/casadecampoliving.com\\\/es\\\/#organization\"},\"potentialAction\":[{\"@type\":\"SearchAction\",\"target\":{\"@type\":\"EntryPoint\",\"urlTemplate\":\"https:\\\/\\\/casadecampoliving.com\\\/es\\\/?s={search_term_string}\"},\"query-input\":{\"@type\":\"PropertyValueSpecification\",\"valueRequired\":true,\"valueName\":\"search_term_string\"}}],\"inLanguage\":\"es\"},{\"@type\":\"Organization\",\"@id\":\"https:\\\/\\\/casadecampoliving.com\\\/es\\\/#organization\",\"name\":\"Casa de Campo Living\",\"url\":\"https:\\\/\\\/casadecampoliving.com\\\/es\\\/\",\"logo\":{\"@type\":\"ImageObject\",\"inLanguage\":\"es\",\"@id\":\"https:\\\/\\\/casadecampoliving.com\\\/es\\\/#\\\/schema\\\/logo\\\/image\\\/\",\"url\":\"https:\\\/\\\/i0.wp.com\\\/casadecampoliving.com\\\/wp-content\\\/uploads\\\/2022\\\/07\\\/CDCLivingLogo_V1-white-sized.png?fit=800%2C214&ssl=1\",\"contentUrl\":\"https:\\\/\\\/i0.wp.com\\\/casadecampoliving.com\\\/wp-content\\\/uploads\\\/2022\\\/07\\\/CDCLivingLogo_V1-white-sized.png?fit=800%2C214&ssl=1\",\"width\":800,\"height\":214,\"caption\":\"Casa de Campo Living\"},\"image\":{\"@id\":\"https:\\\/\\\/casadecampoliving.com\\\/es\\\/#\\\/schema\\\/logo\\\/image\\\/\"},\"sameAs\":[\"https:\\\/\\\/www.facebook.com\\\/casadecampoliving\",\"https:\\\/\\\/x.com\\\/cdcliving\"]},{\"@type\":\"Person\",\"@id\":\"https:\\\/\\\/casadecampoliving.com\\\/es\\\/#\\\/schema\\\/person\\\/932e594484c49168ad37fbb9141bf699\",\"name\":\"Mairobi Herrera\",\"image\":{\"@type\":\"ImageObject\",\"inLanguage\":\"es\",\"@id\":\"https:\\\/\\\/secure.gravatar.com\\\/avatar\\\/d0bf6c19470eb55d83c719e39672f670b2c4412339af1eb8a08f86427ba98ee8?s=96&d=mm&r=g\",\"url\":\"https:\\\/\\\/secure.gravatar.com\\\/avatar\\\/d0bf6c19470eb55d83c719e39672f670b2c4412339af1eb8a08f86427ba98ee8?s=96&d=mm&r=g\",\"contentUrl\":\"https:\\\/\\\/secure.gravatar.com\\\/avatar\\\/d0bf6c19470eb55d83c719e39672f670b2c4412339af1eb8a08f86427ba98ee8?s=96&d=mm&r=g\",\"caption\":\"Mairobi Herrera\"},\"sameAs\":[\"https:\\\/\\\/casadecampoliving.com\\\/\"],\"url\":\"https:\\\/\\\/casadecampoliving.com\\\/es\\\/author\\\/mherrera\\\/\"}]}<\/script>\n<!-- \/ Yoast SEO plugin. -->","yoast_head_json":{"title":"De Antonio Yachts debuta en La Marina junto a Bvlgari en una soir\u00e9e de lujo | Casa de Campo Living","description":"IB Nautica Group celebr\u00f3 una velada inolvidable con la premi\u00e8re oficial de De Antonio Yachts en la Rep\u00fablica Dominicana, tras integrarse al exclusivo","robots":{"index":"index","follow":"follow","max-snippet":"max-snippet:-1","max-image-preview":"max-image-preview:large","max-video-preview":"max-video-preview:-1"},"canonical":"https:\/\/casadecampoliving.com\/es\/de-antonio-yachts-debuta-en-la-marina-junto-a-bvlgari-en-una-soiree-de-lujo\/","og_locale":"es_ES","og_type":"article","og_title":"De Antonio Yachts debuta en La Marina junto a Bvlgari en una soir\u00e9e de lujo | Casa de Campo Living","og_description":"IB Nautica Group celebr\u00f3 una velada inolvidable con la premi\u00e8re oficial de De Antonio Yachts en la Rep\u00fablica Dominicana, tras integrarse al exclusivo","og_url":"https:\/\/casadecampoliving.com\/es\/de-antonio-yachts-debuta-en-la-marina-junto-a-bvlgari-en-una-soiree-de-lujo\/","og_site_name":"Casa de Campo Living","article_publisher":"https:\/\/www.facebook.com\/casadecampoliving","article_published_time":"2025-11-18T11:38:49+00:00","article_modified_time":"2025-11-18T18:16:32+00:00","og_image":[{"width":1600,"height":1066,"url":"https:\/\/casadecampoliving.com\/wp-content\/uploads\/2025\/11\/WhatsApp-Image-2025-11-17-at-5.46.27-PM.jpeg","type":"image\/jpeg"}],"author":"Mairobi Herrera","twitter_card":"summary_large_image","twitter_creator":"@cdcliving","twitter_site":"@cdcliving","twitter_misc":{"Escrito por":"Mairobi Herrera","Tiempo de lectura":"8 minutos"},"schema":{"@context":"https:\/\/schema.org","@graph":[{"@type":"Article","@id":"https:\/\/casadecampoliving.com\/es\/de-antonio-yachts-debuta-en-la-marina-junto-a-bvlgari-en-una-soiree-de-lujo\/#article","isPartOf":{"@id":"https:\/\/casadecampoliving.com\/es\/de-antonio-yachts-debuta-en-la-marina-junto-a-bvlgari-en-una-soiree-de-lujo\/"},"author":{"name":"Mairobi Herrera","@id":"https:\/\/casadecampoliving.com\/es\/#\/schema\/person\/932e594484c49168ad37fbb9141bf699"},"headline":"De Antonio Yachts debuta en La Marina junto a Bvlgari en una soir\u00e9e de lujo","datePublished":"2025-11-18T11:38:49+00:00","dateModified":"2025-11-18T18:16:32+00:00","mainEntityOfPage":{"@id":"https:\/\/casadecampoliving.com\/es\/de-antonio-yachts-debuta-en-la-marina-junto-a-bvlgari-en-una-soiree-de-lujo\/"},"wordCount":585,"publisher":{"@id":"https:\/\/casadecampoliving.com\/es\/#organization"},"image":{"@id":"https:\/\/casadecampoliving.com\/es\/de-antonio-yachts-debuta-en-la-marina-junto-a-bvlgari-en-una-soiree-de-lujo\/#primaryimage"},"thumbnailUrl":"https:\/\/i0.wp.com\/casadecampoliving.com\/wp-content\/uploads\/2025\/11\/WhatsApp-Image-2025-11-17-at-5.46.27-PM.jpeg?fit=1600%2C1066&ssl=1","keywords":["casa de campo @es","Featured-TopView @es","IBI nautica @es","Marina Casa de Campo @es"],"articleSection":["Comunidad","Estilo de Vida","Eventos","La Marina Casa de Campo"],"inLanguage":"es"},{"@type":"WebPage","@id":"https:\/\/casadecampoliving.com\/es\/de-antonio-yachts-debuta-en-la-marina-junto-a-bvlgari-en-una-soiree-de-lujo\/","url":"https:\/\/casadecampoliving.com\/es\/de-antonio-yachts-debuta-en-la-marina-junto-a-bvlgari-en-una-soiree-de-lujo\/","name":"De Antonio Yachts debuta en La Marina junto a Bvlgari en una soir\u00e9e de lujo | Casa de Campo Living","isPartOf":{"@id":"https:\/\/casadecampoliving.com\/es\/#website"},"primaryImageOfPage":{"@id":"https:\/\/casadecampoliving.com\/es\/de-antonio-yachts-debuta-en-la-marina-junto-a-bvlgari-en-una-soiree-de-lujo\/#primaryimage"},"image":{"@id":"https:\/\/casadecampoliving.com\/es\/de-antonio-yachts-debuta-en-la-marina-junto-a-bvlgari-en-una-soiree-de-lujo\/#primaryimage"},"thumbnailUrl":"https:\/\/i0.wp.com\/casadecampoliving.com\/wp-content\/uploads\/2025\/11\/WhatsApp-Image-2025-11-17-at-5.46.27-PM.jpeg?fit=1600%2C1066&ssl=1","datePublished":"2025-11-18T11:38:49+00:00","dateModified":"2025-11-18T18:16:32+00:00","description":"IB Nautica Group celebr\u00f3 una velada inolvidable con la premi\u00e8re oficial de De Antonio Yachts en la Rep\u00fablica Dominicana, tras integrarse al exclusivo","breadcrumb":{"@id":"https:\/\/casadecampoliving.com\/es\/de-antonio-yachts-debuta-en-la-marina-junto-a-bvlgari-en-una-soiree-de-lujo\/#breadcrumb"},"inLanguage":"es","potentialAction":[{"@type":"ReadAction","target":["https:\/\/casadecampoliving.com\/es\/de-antonio-yachts-debuta-en-la-marina-junto-a-bvlgari-en-una-soiree-de-lujo\/"]}]},{"@type":"ImageObject","inLanguage":"es","@id":"https:\/\/casadecampoliving.com\/es\/de-antonio-yachts-debuta-en-la-marina-junto-a-bvlgari-en-una-soiree-de-lujo\/#primaryimage","url":"https:\/\/i0.wp.com\/casadecampoliving.com\/wp-content\/uploads\/2025\/11\/WhatsApp-Image-2025-11-17-at-5.46.27-PM.jpeg?fit=1600%2C1066&ssl=1","contentUrl":"https:\/\/i0.wp.com\/casadecampoliving.com\/wp-content\/uploads\/2025\/11\/WhatsApp-Image-2025-11-17-at-5.46.27-PM.jpeg?fit=1600%2C1066&ssl=1","width":1600,"height":1066},{"@type":"BreadcrumbList","@id":"https:\/\/casadecampoliving.com\/es\/de-antonio-yachts-debuta-en-la-marina-junto-a-bvlgari-en-una-soiree-de-lujo\/#breadcrumb","itemListElement":[{"@type":"ListItem","position":1,"name":"Home","item":"https:\/\/casadecampoliving.com\/es\/"},{"@type":"ListItem","position":2,"name":"De Antonio Yachts debuta en La Marina junto a Bvlgari en una soir\u00e9e de lujo"}]},{"@type":"WebSite","@id":"https:\/\/casadecampoliving.com\/es\/#website","url":"https:\/\/casadecampoliving.com\/es\/","name":"Casa de Campo Living","description":"Resort community news and resources.","publisher":{"@id":"https:\/\/casadecampoliving.com\/es\/#organization"},"potentialAction":[{"@type":"SearchAction","target":{"@type":"EntryPoint","urlTemplate":"https:\/\/casadecampoliving.com\/es\/?s={search_term_string}"},"query-input":{"@type":"PropertyValueSpecification","valueRequired":true,"valueName":"search_term_string"}}],"inLanguage":"es"},{"@type":"Organization","@id":"https:\/\/casadecampoliving.com\/es\/#organization","name":"Casa de Campo Living","url":"https:\/\/casadecampoliving.com\/es\/","logo":{"@type":"ImageObject","inLanguage":"es","@id":"https:\/\/casadecampoliving.com\/es\/#\/schema\/logo\/image\/","url":"https:\/\/i0.wp.com\/casadecampoliving.com\/wp-content\/uploads\/2022\/07\/CDCLivingLogo_V1-white-sized.png?fit=800%2C214&ssl=1","contentUrl":"https:\/\/i0.wp.com\/casadecampoliving.com\/wp-content\/uploads\/2022\/07\/CDCLivingLogo_V1-white-sized.png?fit=800%2C214&ssl=1","width":800,"height":214,"caption":"Casa de Campo Living"},"image":{"@id":"https:\/\/casadecampoliving.com\/es\/#\/schema\/logo\/image\/"},"sameAs":["https:\/\/www.facebook.com\/casadecampoliving","https:\/\/x.com\/cdcliving"]},{"@type":"Person","@id":"https:\/\/casadecampoliving.com\/es\/#\/schema\/person\/932e594484c49168ad37fbb9141bf699","name":"Mairobi Herrera","image":{"@type":"ImageObject","inLanguage":"es","@id":"https:\/\/secure.gravatar.com\/avatar\/d0bf6c19470eb55d83c719e39672f670b2c4412339af1eb8a08f86427ba98ee8?s=96&d=mm&r=g","url":"https:\/\/secure.gravatar.com\/avatar\/d0bf6c19470eb55d83c719e39672f670b2c4412339af1eb8a08f86427ba98ee8?s=96&d=mm&r=g","contentUrl":"https:\/\/secure.gravatar.com\/avatar\/d0bf6c19470eb55d83c719e39672f670b2c4412339af1eb8a08f86427ba98ee8?s=96&d=mm&r=g","caption":"Mairobi Herrera"},"sameAs":["https:\/\/casadecampoliving.com\/"],"url":"https:\/\/casadecampoliving.com\/es\/author\/mherrera\/"}]}},"parsely":{"version":"1.1.0","canonical_url":"https:\/\/casadecampoliving.com\/es\/de-antonio-yachts-debuta-en-la-marina-junto-a-bvlgari-en-una-soiree-de-lujo\/","smart_links":{"inbound":0,"outbound":0},"traffic_boost_suggestions_count":0,"meta":{"@context":"https:\/\/schema.org","@type":"NewsArticle","headline":"De Antonio Yachts debuta en La Marina junto a Bvlgari en una soir\u00e9e de lujo","url":"http:\/\/casadecampoliving.com\/es\/de-antonio-yachts-debuta-en-la-marina-junto-a-bvlgari-en-una-soiree-de-lujo\/","mainEntityOfPage":{"@type":"WebPage","@id":"http:\/\/casadecampoliving.com\/es\/de-antonio-yachts-debuta-en-la-marina-junto-a-bvlgari-en-una-soiree-de-lujo\/"},"thumbnailUrl":"https:\/\/i0.wp.com\/casadecampoliving.com\/wp-content\/uploads\/2025\/11\/WhatsApp-Image-2025-11-17-at-5.46.27-PM.jpeg?resize=150%2C150&ssl=1","image":{"@type":"ImageObject","url":"https:\/\/i0.wp.com\/casadecampoliving.com\/wp-content\/uploads\/2025\/11\/WhatsApp-Image-2025-11-17-at-5.46.27-PM.jpeg?fit=1600%2C1066&ssl=1"},"articleSection":"Comunidad","author":[{"@type":"Person","name":"Mairobi Herrera"}],"creator":["Mairobi Herrera"],"publisher":{"@type":"Organization","name":"Casa de Campo Living","logo":"https:\/\/casadecampoliving.com\/wp-content\/uploads\/2022\/07\/CDCLivingLogo_V1-white-sized.png"},"keywords":["casa de campo @es","featured-topview @es","ibi nautica @es","marina casa de campo @es"],"dateCreated":"2025-11-18T11:38:49Z","datePublished":"2025-11-18T11:38:49Z","dateModified":"2025-11-18T18:16:32Z"},"rendered":"<script type=\"application\/ld+json\" class=\"wp-parsely-metadata\">{\"@context\":\"https:\\\/\\\/schema.org\",\"@type\":\"NewsArticle\",\"headline\":\"De Antonio Yachts debuta en La Marina junto a Bvlgari en una soir\\u00e9e de lujo\",\"url\":\"http:\\\/\\\/casadecampoliving.com\\\/es\\\/de-antonio-yachts-debuta-en-la-marina-junto-a-bvlgari-en-una-soiree-de-lujo\\\/\",\"mainEntityOfPage\":{\"@type\":\"WebPage\",\"@id\":\"http:\\\/\\\/casadecampoliving.com\\\/es\\\/de-antonio-yachts-debuta-en-la-marina-junto-a-bvlgari-en-una-soiree-de-lujo\\\/\"},\"thumbnailUrl\":\"https:\\\/\\\/i0.wp.com\\\/casadecampoliving.com\\\/wp-content\\\/uploads\\\/2025\\\/11\\\/WhatsApp-Image-2025-11-17-at-5.46.27-PM.jpeg?resize=150%2C150&ssl=1\",\"image\":{\"@type\":\"ImageObject\",\"url\":\"https:\\\/\\\/i0.wp.com\\\/casadecampoliving.com\\\/wp-content\\\/uploads\\\/2025\\\/11\\\/WhatsApp-Image-2025-11-17-at-5.46.27-PM.jpeg?fit=1600%2C1066&ssl=1\"},\"articleSection\":\"Comunidad\",\"author\":[{\"@type\":\"Person\",\"name\":\"Mairobi Herrera\"}],\"creator\":[\"Mairobi Herrera\"],\"publisher\":{\"@type\":\"Organization\",\"name\":\"Casa de Campo Living\",\"logo\":\"https:\\\/\\\/casadecampoliving.com\\\/wp-content\\\/uploads\\\/2022\\\/07\\\/CDCLivingLogo_V1-white-sized.png\"},\"keywords\":[\"casa de campo @es\",\"featured-topview @es\",\"ibi nautica @es\",\"marina casa de campo @es\"],\"dateCreated\":\"2025-11-18T11:38:49Z\",\"datePublished\":\"2025-11-18T11:38:49Z\",\"dateModified\":\"2025-11-18T18:16:32Z\"}<\/script>","tracker_url":"https:\/\/cdn.parsely.com\/keys\/casadecampoliving.com\/p.js"},"jetpack_publicize_connections":[],"jetpack_featured_media_url":"https:\/\/i0.wp.com\/casadecampoliving.com\/wp-content\/uploads\/2025\/11\/WhatsApp-Image-2025-11-17-at-5.46.27-PM.jpeg?fit=1600%2C1066&ssl=1","jetpack-related-posts":[{"id":545457,"url":"https:\/\/casadecampoliving.com\/de-antonio-yachts-debuts-at-la-marina-alongside-bvlgari-in-a-luxury-soiree\/","url_meta":{"origin":545411,"position":0},"title":"De Antonio Yachts Debuts at La Marina Alongside Bvlgari in a Luxury Soir\u00e9e","author":"Mairobi Herrera","date":"18 Nov, 2025","format":false,"excerpt":"IB Nautica Group hosted an unforgettable evening with the official premiere of De Antonio Yachts in the Dominican Republic, following its integration into the exclusive IBI Yachts portfolio. The event, titled \"Yachts & Watches,\" marked the formal start of the renowned Spanish firm's presence in the Dominican market, in collaboration\u2026","rel":"","context":"En \u00abComunidad\u00bb","block_context":{"text":"Comunidad","link":"https:\/\/casadecampoliving.com\/category\/comunidad-2\/"},"img":{"alt_text":"","src":"https:\/\/i0.wp.com\/casadecampoliving.com\/wp-content\/uploads\/2025\/11\/WhatsApp-Image-2025-11-17-at-5.46.27-PM.jpeg?fit=1200%2C800&ssl=1&resize=350%2C200","width":350,"height":200,"srcset":"https:\/\/i0.wp.com\/casadecampoliving.com\/wp-content\/uploads\/2025\/11\/WhatsApp-Image-2025-11-17-at-5.46.27-PM.jpeg?fit=1200%2C800&ssl=1&resize=350%2C200 1x, https:\/\/i0.wp.com\/casadecampoliving.com\/wp-content\/uploads\/2025\/11\/WhatsApp-Image-2025-11-17-at-5.46.27-PM.jpeg?fit=1200%2C800&ssl=1&resize=525%2C300 1.5x, https:\/\/i0.wp.com\/casadecampoliving.com\/wp-content\/uploads\/2025\/11\/WhatsApp-Image-2025-11-17-at-5.46.27-PM.jpeg?fit=1200%2C800&ssl=1&resize=700%2C400 2x, https:\/\/i0.wp.com\/casadecampoliving.com\/wp-content\/uploads\/2025\/11\/WhatsApp-Image-2025-11-17-at-5.46.27-PM.jpeg?fit=1200%2C800&ssl=1&resize=1050%2C600 3x"},"classes":[]},{"id":546266,"url":"https:\/\/casadecampoliving.com\/es\/yates-relojes-y-arte-zarpan-en-casa-de-campo\/","url_meta":{"origin":545411,"position":1},"title":"Yates, Relojes y Arte Zarpan en Casa de Campo","author":"Casa de Campo Living","date":"13 Nov, 2025","format":false,"excerpt":"El lujo toma el tim\u00f3n este viernes 14 de noviembre, cuando Yachts & Watches transforma la Marina de Casa de Campo en una celebraci\u00f3n de arte, precisi\u00f3n y sofisticaci\u00f3n junto al mar. El evento marca el estreno de De Antonio Yachts en la Rep\u00fablica Dominicana, presentado en colaboraci\u00f3n con BVLGARI,\u2026","rel":"","context":"En \u00abEstilo de Vida\u00bb","block_context":{"text":"Estilo de Vida","link":"https:\/\/casadecampoliving.com\/es\/category\/estilo-de-vida\/"},"img":{"alt_text":"","src":"https:\/\/i0.wp.com\/casadecampoliving.com\/wp-content\/uploads\/2025\/11\/WhatsApp-Image-2025-11-13-at-2.24.35-PM.jpeg?fit=1200%2C800&ssl=1&resize=350%2C200","width":350,"height":200,"srcset":"https:\/\/i0.wp.com\/casadecampoliving.com\/wp-content\/uploads\/2025\/11\/WhatsApp-Image-2025-11-13-at-2.24.35-PM.jpeg?fit=1200%2C800&ssl=1&resize=350%2C200 1x, https:\/\/i0.wp.com\/casadecampoliving.com\/wp-content\/uploads\/2025\/11\/WhatsApp-Image-2025-11-13-at-2.24.35-PM.jpeg?fit=1200%2C800&ssl=1&resize=525%2C300 1.5x, https:\/\/i0.wp.com\/casadecampoliving.com\/wp-content\/uploads\/2025\/11\/WhatsApp-Image-2025-11-13-at-2.24.35-PM.jpeg?fit=1200%2C800&ssl=1&resize=700%2C400 2x, https:\/\/i0.wp.com\/casadecampoliving.com\/wp-content\/uploads\/2025\/11\/WhatsApp-Image-2025-11-13-at-2.24.35-PM.jpeg?fit=1200%2C800&ssl=1&resize=1050%2C600 3x"},"classes":[]},{"id":545159,"url":"https:\/\/casadecampoliving.com\/yachts-watches-and-art-set-sail-in-casa-de-campo\/","url_meta":{"origin":545411,"position":2},"title":"Yachts, Watches and Art Set Sail in Casa de Campo","author":"Casa de Campo Living","date":"13 Nov, 2025","format":false,"excerpt":"Luxury takes the helm this Friday, Nov. 14, as Yachts & Watches transforms Casa de Campo\u2019s Marina into a celebration of artistry, precision and seaside sophistication. The event marks the premi\u00e8re of De Antonio Yachts in the Dominican Republic, presented in collaboration with BVLGARI, the world-renowned Italian house of fine\u2026","rel":"","context":"En \u00abArt and Culture\u00bb","block_context":{"text":"Art and Culture","link":"https:\/\/casadecampoliving.com\/category\/art-and-culture\/"},"img":{"alt_text":"","src":"https:\/\/i0.wp.com\/casadecampoliving.com\/wp-content\/uploads\/2025\/11\/WhatsApp-Image-2025-11-13-at-2.24.35-PM.jpeg?fit=1200%2C800&ssl=1&resize=350%2C200","width":350,"height":200,"srcset":"https:\/\/i0.wp.com\/casadecampoliving.com\/wp-content\/uploads\/2025\/11\/WhatsApp-Image-2025-11-13-at-2.24.35-PM.jpeg?fit=1200%2C800&ssl=1&resize=350%2C200 1x, https:\/\/i0.wp.com\/casadecampoliving.com\/wp-content\/uploads\/2025\/11\/WhatsApp-Image-2025-11-13-at-2.24.35-PM.jpeg?fit=1200%2C800&ssl=1&resize=525%2C300 1.5x, https:\/\/i0.wp.com\/casadecampoliving.com\/wp-content\/uploads\/2025\/11\/WhatsApp-Image-2025-11-13-at-2.24.35-PM.jpeg?fit=1200%2C800&ssl=1&resize=700%2C400 2x, https:\/\/i0.wp.com\/casadecampoliving.com\/wp-content\/uploads\/2025\/11\/WhatsApp-Image-2025-11-13-at-2.24.35-PM.jpeg?fit=1200%2C800&ssl=1&resize=1050%2C600 3x"},"classes":[]},{"id":341937,"url":"https:\/\/casadecampoliving.com\/es\/ib-yachts-ha-sido-nombrado-comerciante-exclusivo-de-chris-craft-yachts-marca-1-en-los-estados-unidos-y-el-mundo\/","url_meta":{"origin":545411,"position":3},"title":"IBI Yachts ha sido nombrado comerciante exclusivo de Chris Craft yachts, \u00a1marca #1 en los Estados Unidos y el mundo!","author":"Rebecca Silvestri","date":"17 Jun, 2013","format":false,"excerpt":"\u00a1Algo nuevo viene para IBI Yachts! IBI Yachts situado en la Marina Casa de Campo, acaba de adherir desde el inicio de junio\u00a0otra marca a su ya impresionante lista de ofertas n\u00e1uticas \u2013 Chris Craft Yachts, marca #1 en su categoria en los Estados Unidos \u00a1y de hecho en el\u2026","rel":"","context":"En \u00abCompras\u00bb","block_context":{"text":"Compras","link":"https:\/\/casadecampoliving.com\/es\/category\/compras-es\/"},"img":{"alt_text":"chris craft yacht","src":"https:\/\/i0.wp.com\/casadecampoliving.com\/wp-content\/uploads\/2022\/10\/chris_craft_yacht-1.jpg?fit=650%2C433&ssl=1&resize=350%2C200","width":350,"height":200,"srcset":"https:\/\/i0.wp.com\/casadecampoliving.com\/wp-content\/uploads\/2022\/10\/chris_craft_yacht-1.jpg?fit=650%2C433&ssl=1&resize=350%2C200 1x, https:\/\/i0.wp.com\/casadecampoliving.com\/wp-content\/uploads\/2022\/10\/chris_craft_yacht-1.jpg?fit=650%2C433&ssl=1&resize=525%2C300 1.5x"},"classes":[]},{"id":354160,"url":"https:\/\/casadecampoliving.com\/es\/ibi-yachts-galardonado-con-el-premio-best-sales-performance-americas-2020\/","url_meta":{"origin":545411,"position":4},"title":"IBI Yachts, galardonado con el premio \u00abBest Sales Performance Americas 2020\u00bb","author":"Casa de Campo Living","date":"20 Sep, 2021","format":false,"excerpt":"IBI Yachts, parte del Grupo IB Nautica con sede en la Marina Casa de Campo desde hace m\u00e1s de 20 a\u00f1os, representante de yates de lujo en Rep\u00fablica Dominicana y el Caribe, ha sido reconocida por su desempe\u00f1o durante el a\u00f1o por uno de sus clientes, Azimut. Yates. El pasado\u2026","rel":"","context":"En \u00abEstilo de Vida\u00bb","block_context":{"text":"Estilo de Vida","link":"https:\/\/casadecampoliving.com\/es\/category\/estilo-de-vida\/"},"img":{"alt_text":"","src":"https:\/\/i0.wp.com\/casadecampoliving.com\/wp-content\/uploads\/2022\/10\/AZIMUT-CANNES-2020__DSC4293-1.jpg?fit=1000%2C667&ssl=1&resize=350%2C200","width":350,"height":200,"srcset":"https:\/\/i0.wp.com\/casadecampoliving.com\/wp-content\/uploads\/2022\/10\/AZIMUT-CANNES-2020__DSC4293-1.jpg?fit=1000%2C667&ssl=1&resize=350%2C200 1x, https:\/\/i0.wp.com\/casadecampoliving.com\/wp-content\/uploads\/2022\/10\/AZIMUT-CANNES-2020__DSC4293-1.jpg?fit=1000%2C667&ssl=1&resize=525%2C300 1.5x, https:\/\/i0.wp.com\/casadecampoliving.com\/wp-content\/uploads\/2022\/10\/AZIMUT-CANNES-2020__DSC4293-1.jpg?fit=1000%2C667&ssl=1&resize=700%2C400 2x"},"classes":[]},{"id":342746,"url":"https:\/\/casadecampoliving.com\/es\/chris-craft-llega-a-republica-dominicana-con-ibi-yachts\/","url_meta":{"origin":545411,"position":5},"title":"Chris Craft llega a Rep\u00fablica Dominicana","author":"Lenny Castillo","date":"22 Ago, 2013","format":false,"excerpt":"El pasado mi\u00e9rcoles 14 de agosto de IBI Yachts, celebr\u00f3 la incorporaci\u00f3n de Chris Craft a su portafolio de marcas con un exquisito c\u00f3ctel\u00a0en el Paseo del Mar de La Marina Casa de Campo. Rodeado por el mar Caribe, y filas y filas de yates de todos los tama\u00f1os y\u2026","rel":"","context":"En \u00abRep\u00fablica Dominicana @es\u00bb","block_context":{"text":"Rep\u00fablica Dominicana @es","link":"https:\/\/casadecampoliving.com\/es\/category\/republica-dominicana-2\/"},"img":{"alt_text":"mauro caslini alice caslini de moriconi","src":"https:\/\/i0.wp.com\/casadecampoliving.com\/wp-content\/uploads\/2022\/10\/mauro_caslini_alice_caslini_moriconi1-1.jpg?fit=650%2C353&ssl=1&resize=350%2C200","width":350,"height":200,"srcset":"https:\/\/i0.wp.com\/casadecampoliving.com\/wp-content\/uploads\/2022\/10\/mauro_caslini_alice_caslini_moriconi1-1.jpg?fit=650%2C353&ssl=1&resize=350%2C200 1x, https:\/\/i0.wp.com\/casadecampoliving.com\/wp-content\/uploads\/2022\/10\/mauro_caslini_alice_caslini_moriconi1-1.jpg?fit=650%2C353&ssl=1&resize=525%2C300 1.5x"},"classes":[]}],"jetpack_sharing_enabled":true,"_links":{"self":[{"href":"https:\/\/casadecampoliving.com\/es\/wp-json\/wp\/v2\/posts\/545411","targetHints":{"allow":["GET"]}}],"collection":[{"href":"https:\/\/casadecampoliving.com\/es\/wp-json\/wp\/v2\/posts"}],"about":[{"href":"https:\/\/casadecampoliving.com\/es\/wp-json\/wp\/v2\/types\/post"}],"author":[{"embeddable":true,"href":"https:\/\/casadecampoliving.com\/es\/wp-json\/wp\/v2\/users\/431"}],"replies":[{"embeddable":true,"href":"https:\/\/casadecampoliving.com\/es\/wp-json\/wp\/v2\/comments?post=545411"}],"version-history":[{"count":3,"href":"https:\/\/casadecampoliving.com\/es\/wp-json\/wp\/v2\/posts\/545411\/revisions"}],"predecessor-version":[{"id":545542,"href":"https:\/\/casadecampoliving.com\/es\/wp-json\/wp\/v2\/posts\/545411\/revisions\/545542"}],"wp:featuredmedia":[{"embeddable":true,"href":"https:\/\/casadecampoliving.com\/es\/wp-json\/wp\/v2\/media\/545412"}],"wp:attachment":[{"href":"https:\/\/casadecampoliving.com\/es\/wp-json\/wp\/v2\/media?parent=545411"}],"wp:term":[{"taxonomy":"category","embeddable":true,"href":"https:\/\/casadecampoliving.com\/es\/wp-json\/wp\/v2\/categories?post=545411"},{"taxonomy":"post_tag","embeddable":true,"href":"https:\/\/casadecampoliving.com\/es\/wp-json\/wp\/v2\/tags?post=545411"},{"taxonomy":"newspack_spnsrs_tax","embeddable":true,"href":"https:\/\/casadecampoliving.com\/es\/wp-json\/wp\/v2\/newspack_spnsrs_tax?post=545411"}],"curies":[{"name":"wp","href":"https:\/\/api.w.org\/{rel}","templated":true}]}}