{"id":544816,"date":"2025-10-29T11:30:54","date_gmt":"2025-10-29T15:30:54","guid":{"rendered":"https:\/\/casadecampoliving.com\/?p=544816"},"modified":"2025-10-29T12:12:36","modified_gmt":"2025-10-29T16:12:36","slug":"lideres-de-los-restaurantes-o-livia-osteria-y-da-vittorio-ofreceran-cena-colaborativa-en-la-piazzeta","status":"publish","type":"post","link":"https:\/\/casadecampoliving.com\/es\/lideres-de-los-restaurantes-o-livia-osteria-y-da-vittorio-ofreceran-cena-colaborativa-en-la-piazzeta\/","title":{"rendered":"L\u00edderes de los restaurantes O.livia Osteria y Da Vittorio ofrecer\u00e1n cena colaborativa en La Piazzeta"},"content":{"rendered":"\n<p>Casa de Campo Resort &amp; Villas anuncia una de las experiencias gastron\u00f3micas m\u00e1s exclusivas del a\u00f1o: la cena colaborativa O.livia Osteria x Da Vittorio, que se llevar\u00e1 a cabo los d\u00edas 31 de octubre y 1 de noviembre de 2025 en La Piazzetta de Altos de Chav\u00f3n.<\/p>\n\n\n\n<p>El evento reunir\u00e1 a dos referentes de la alta cocina internacional: el chef sueco-dominicano Erik Malmsten, creador del reconocido restaurante O.livia Osteria en Santo Domingo, y el chef italiano Enrico \u201cChicco\u201d Cerea, l\u00edder del ic\u00f3nico restaurante Da Vittorio en Italia, galardonado con tres estrellas Michelin.<\/p>\n\n\n<div class=\"wp-block-image\">\n<figure class=\"alignright size-full\"><img data-recalc-dims=\"1\" loading=\"lazy\" decoding=\"async\" width=\"750\" height=\"1000\" data-attachment-id=\"544819\" data-permalink=\"https:\/\/casadecampoliving.com\/es\/lideres-de-los-restaurantes-o-livia-osteria-y-da-vittorio-ofreceran-cena-colaborativa-en-la-piazzeta\/whatsapp-image-2025-10-28-at-11-31-13\/\" data-orig-file=\"https:\/\/i0.wp.com\/casadecampoliving.com\/wp-content\/uploads\/2025\/10\/WhatsApp-Image-2025-10-28-at-11.31.13.jpeg?fit=750%2C1000&amp;ssl=1\" data-orig-size=\"750,1000\" data-comments-opened=\"0\" data-image-meta=\"{&quot;aperture&quot;:&quot;0&quot;,&quot;credit&quot;:&quot;&quot;,&quot;camera&quot;:&quot;&quot;,&quot;caption&quot;:&quot;&quot;,&quot;created_timestamp&quot;:&quot;0&quot;,&quot;copyright&quot;:&quot;&quot;,&quot;focal_length&quot;:&quot;0&quot;,&quot;iso&quot;:&quot;0&quot;,&quot;shutter_speed&quot;:&quot;0&quot;,&quot;title&quot;:&quot;&quot;,&quot;orientation&quot;:&quot;0&quot;}\" data-image-title=\"WhatsApp Image 2025-10-28 at 11.31.13\" data-image-description=\"\" data-image-caption=\"\" data-large-file=\"https:\/\/i0.wp.com\/casadecampoliving.com\/wp-content\/uploads\/2025\/10\/WhatsApp-Image-2025-10-28-at-11.31.13.jpeg?fit=750%2C1000&amp;ssl=1\" src=\"https:\/\/i0.wp.com\/casadecampoliving.com\/wp-content\/uploads\/2025\/10\/WhatsApp-Image-2025-10-28-at-11.31.13.jpeg?resize=750%2C1000&#038;ssl=1\" alt=\"\" class=\"wp-image-544819\" srcset=\"https:\/\/i0.wp.com\/casadecampoliving.com\/wp-content\/uploads\/2025\/10\/WhatsApp-Image-2025-10-28-at-11.31.13.jpeg?w=750&amp;ssl=1 750w, https:\/\/i0.wp.com\/casadecampoliving.com\/wp-content\/uploads\/2025\/10\/WhatsApp-Image-2025-10-28-at-11.31.13.jpeg?resize=225%2C300&amp;ssl=1 225w, https:\/\/i0.wp.com\/casadecampoliving.com\/wp-content\/uploads\/2025\/10\/WhatsApp-Image-2025-10-28-at-11.31.13.jpeg?resize=600%2C800&amp;ssl=1 600w, https:\/\/i0.wp.com\/casadecampoliving.com\/wp-content\/uploads\/2025\/10\/WhatsApp-Image-2025-10-28-at-11.31.13.jpeg?resize=450%2C600&amp;ssl=1 450w, https:\/\/i0.wp.com\/casadecampoliving.com\/wp-content\/uploads\/2025\/10\/WhatsApp-Image-2025-10-28-at-11.31.13.jpeg?resize=300%2C400&amp;ssl=1 300w, https:\/\/i0.wp.com\/casadecampoliving.com\/wp-content\/uploads\/2025\/10\/WhatsApp-Image-2025-10-28-at-11.31.13.jpeg?resize=150%2C200&amp;ssl=1 150w, https:\/\/i0.wp.com\/casadecampoliving.com\/wp-content\/uploads\/2025\/10\/WhatsApp-Image-2025-10-28-at-11.31.13.jpeg?resize=400%2C533&amp;ssl=1 400w, https:\/\/i0.wp.com\/casadecampoliving.com\/wp-content\/uploads\/2025\/10\/WhatsApp-Image-2025-10-28-at-11.31.13.jpeg?resize=640%2C853&amp;ssl=1 640w, https:\/\/i0.wp.com\/casadecampoliving.com\/wp-content\/uploads\/2025\/10\/WhatsApp-Image-2025-10-28-at-11.31.13.jpeg?w=370&amp;ssl=1 370w\" sizes=\"auto, (max-width: 750px) 100vw, 750px\" \/><\/figure>\n<\/div>\n\n\n<p>Bajo el concepto \u201cSupper Club Experience\u201d, los asistentes disfrutar\u00e1n de dos noches donde la gastronom\u00eda, la m\u00fasica, el arte y la mixolog\u00eda se combinan en un entorno \u00edntimo y sofisticado. Cada plato representa una fusi\u00f3n entre la t\u00e9cnica europea y los sabores del Caribe, resaltando ingredientes locales con creatividad y excelencia.<\/p>\n\n\n\n<p>Erik Malmsten aporta m\u00e1s de 26 a\u00f1os de experiencia en cocinas con estrellas Michelin en Europa y Estados Unidos, y es propietario de m\u00e1s de ocho restaurantes en Santo Domingo, Rep\u00fablica Dominicana. Por su parte, Enrico Cerea comparte la tradici\u00f3n y excelencia familiar de Da Vittorio, \u00edcono de la cocina italiana contempor\u00e1nea.<\/p>\n\n\n\n<p>Charles Keusters, director de operaciones de Casa de Campo, coment\u00f3:<\/p>\n\n\n\n<p>\u201cEn los \u00faltimos a\u00f1os, Casa de Campo ha fortalecido su posicionamiento como referente gastron\u00f3mico regional a trav\u00e9s de experiencias \u00fanicas que conectan la alta cocina internacional con el talento local. Hemos recibido chefs invitados de renombre, celebrado festivales como el Food &amp; Wine Festival, impulsado nuevas propuestas como Wine Tasting Series y apostado por la innovaci\u00f3n culinaria como parte esencial de la experiencia Casa de Campo. Esta colaboraci\u00f3n entre O.livia y Da Vittorio refleja perfectamente esa visi\u00f3n: ofrecer a nuestros hu\u00e9spedes lo mejor del mundo gastron\u00f3mico, en un ambiente incomparable.\u201d<\/p>\n\n\n\n<figure class=\"wp-block-image size-large\"><img data-recalc-dims=\"1\" loading=\"lazy\" decoding=\"async\" width=\"1024\" height=\"1024\" data-attachment-id=\"544817\" data-permalink=\"https:\/\/casadecampoliving.com\/es\/lideres-de-los-restaurantes-o-livia-osteria-y-da-vittorio-ofreceran-cena-colaborativa-en-la-piazzeta\/dv_invitacion_facebook\/\" data-orig-file=\"https:\/\/i0.wp.com\/casadecampoliving.com\/wp-content\/uploads\/2025\/10\/DV_invitacion_facebook-scaled.jpg?fit=2560%2C2560&amp;ssl=1\" data-orig-size=\"2560,2560\" data-comments-opened=\"0\" data-image-meta=\"{&quot;aperture&quot;:&quot;0&quot;,&quot;credit&quot;:&quot;&quot;,&quot;camera&quot;:&quot;&quot;,&quot;caption&quot;:&quot;&quot;,&quot;created_timestamp&quot;:&quot;0&quot;,&quot;copyright&quot;:&quot;&quot;,&quot;focal_length&quot;:&quot;0&quot;,&quot;iso&quot;:&quot;0&quot;,&quot;shutter_speed&quot;:&quot;0&quot;,&quot;title&quot;:&quot;&quot;,&quot;orientation&quot;:&quot;0&quot;}\" data-image-title=\"DV_invitacion_facebook\" data-image-description=\"\" data-image-caption=\"\" data-large-file=\"https:\/\/i0.wp.com\/casadecampoliving.com\/wp-content\/uploads\/2025\/10\/DV_invitacion_facebook-scaled.jpg?fit=1024%2C1024&amp;ssl=1\" src=\"https:\/\/i0.wp.com\/casadecampoliving.com\/wp-content\/uploads\/2025\/10\/DV_invitacion_facebook.jpg?resize=1024%2C1024&#038;ssl=1\" alt=\"\" class=\"wp-image-544817\" srcset=\"https:\/\/i0.wp.com\/casadecampoliving.com\/wp-content\/uploads\/2025\/10\/DV_invitacion_facebook-scaled.jpg?resize=1024%2C1024&amp;ssl=1 1024w, https:\/\/i0.wp.com\/casadecampoliving.com\/wp-content\/uploads\/2025\/10\/DV_invitacion_facebook-scaled.jpg?resize=300%2C300&amp;ssl=1 300w, https:\/\/i0.wp.com\/casadecampoliving.com\/wp-content\/uploads\/2025\/10\/DV_invitacion_facebook-scaled.jpg?resize=150%2C150&amp;ssl=1 150w, https:\/\/i0.wp.com\/casadecampoliving.com\/wp-content\/uploads\/2025\/10\/DV_invitacion_facebook-scaled.jpg?resize=768%2C768&amp;ssl=1 768w, https:\/\/i0.wp.com\/casadecampoliving.com\/wp-content\/uploads\/2025\/10\/DV_invitacion_facebook-scaled.jpg?resize=1536%2C1536&amp;ssl=1 1536w, https:\/\/i0.wp.com\/casadecampoliving.com\/wp-content\/uploads\/2025\/10\/DV_invitacion_facebook-scaled.jpg?resize=2048%2C2048&amp;ssl=1 2048w, https:\/\/i0.wp.com\/casadecampoliving.com\/wp-content\/uploads\/2025\/10\/DV_invitacion_facebook-scaled.jpg?resize=1200%2C1200&amp;ssl=1 1200w, https:\/\/i0.wp.com\/casadecampoliving.com\/wp-content\/uploads\/2025\/10\/DV_invitacion_facebook-scaled.jpg?resize=800%2C800&amp;ssl=1 800w, https:\/\/i0.wp.com\/casadecampoliving.com\/wp-content\/uploads\/2025\/10\/DV_invitacion_facebook-scaled.jpg?resize=600%2C600&amp;ssl=1 600w, https:\/\/i0.wp.com\/casadecampoliving.com\/wp-content\/uploads\/2025\/10\/DV_invitacion_facebook-scaled.jpg?resize=400%2C400&amp;ssl=1 400w, https:\/\/i0.wp.com\/casadecampoliving.com\/wp-content\/uploads\/2025\/10\/DV_invitacion_facebook-scaled.jpg?resize=200%2C200&amp;ssl=1 200w, https:\/\/i0.wp.com\/casadecampoliving.com\/wp-content\/uploads\/2025\/10\/DV_invitacion_facebook-scaled.jpg?resize=2000%2C2000&amp;ssl=1 2000w, https:\/\/i0.wp.com\/casadecampoliving.com\/wp-content\/uploads\/2025\/10\/DV_invitacion_facebook-scaled.jpg?resize=780%2C780&amp;ssl=1 780w, https:\/\/i0.wp.com\/casadecampoliving.com\/wp-content\/uploads\/2025\/10\/DV_invitacion_facebook-scaled.jpg?resize=1320%2C1320&amp;ssl=1 1320w, https:\/\/i0.wp.com\/casadecampoliving.com\/wp-content\/uploads\/2025\/10\/DV_invitacion_facebook-scaled.jpg?resize=96%2C96&amp;ssl=1 96w, https:\/\/i0.wp.com\/casadecampoliving.com\/wp-content\/uploads\/2025\/10\/DV_invitacion_facebook-1024x1024.jpg?w=370&amp;ssl=1 370w\" sizes=\"auto, (max-width: 1000px) 100vw, 1000px\" \/><\/figure>\n\n\n\n<p><strong>Detalles del evento:<\/strong><\/p>\n\n\n\n<p>* <strong>Fechas:<\/strong> 31 de octubre y 1 de noviembre de 2025<\/p>\n\n\n\n<p>*<strong> Lugar: <\/strong>La Piazzetta, Altos de Chav\u00f3n \u2013 Casa de Campo Resort &amp; Villas<\/p>\n\n\n\n<p>* <strong>Precio por persona:<\/strong> US$600 + itbis<\/p>\n\n\n\n<p>*<strong> Reservas \/ Informaci\u00f3n:<\/strong> a.concierge@ccampo.com.do<\/p>\n","protected":false},"excerpt":{"rendered":"<p>Casa de Campo Resort &amp; Villas anuncia una de las experiencias gastron\u00f3micas m\u00e1s exclusivas del a\u00f1o: la cena colaborativa O.livia Osteria x Da Vittorio, que se llevar\u00e1 a cabo los d\u00edas 31 de octubre y 1 de noviembre de 2025 en La Piazzetta de Altos de Chav\u00f3n. El evento reunir\u00e1 a dos referentes de la [&hellip;]<\/p>\n","protected":false},"author":431,"featured_media":544833,"comment_status":"closed","ping_status":"closed","sticky":false,"template":"","format":"standard","meta":{"newspack_ads_suppress_ads":false,"newspack_popups_has_disabled_popups":false,"newspack_sponsor_sponsorship_scope":"","newspack_sponsor_native_byline_display":"inherit","newspack_sponsor_native_category_display":"inherit","newspack_sponsor_underwriter_style":"inherit","newspack_sponsor_underwriter_placement":"inherit","_newspack_byline_active":false,"_newspack_byline":"","newspack_hide_updated_date":false,"newspack_show_updated_date":false,"newspack_content_restriction_is_exempt":false,"newspack_featured_image_position":"large","newspack_post_subtitle":"Se trata de dos noches inolvidables donde el chef Erik Malmsten y el reconocido chef italiano Enrico \u201cChicco\u201d Cerea ofrecer\u00e1n un men\u00fa exclusivo que fusiona lo mejor de la cocina internacional","newspack_article_summary_title":"Overview:","newspack_article_summary":"","_jetpack_memberships_contains_paid_content":false,"footnotes":"","jetpack_publicize_message":"","jetpack_publicize_feature_enabled":true,"jetpack_social_post_already_shared":true,"jetpack_social_options":{"image_generator_settings":{"template":"highway","default_image_id":0,"font":"","enabled":false},"version":2},"_wpas_customize_per_network":false},"categories":[2522,14627,2520],"tags":[3626,14736,27722],"newspack_spnsrs_tax":[],"class_list":["post-544816","post","type-post","status-publish","format-standard","has-post-thumbnail","hentry","category-eventos-es","category-proximamente","category-restaurantes-es","tag-casa-de-campo-es","tag-featured-topview-es","tag-la-piazzetaes","entry"],"yoast_head":"<!-- This site is optimized with the Yoast SEO plugin v27.4 - https:\/\/yoast.com\/product\/yoast-seo-wordpress\/ -->\n<title>L\u00edderes de los restaurantes O.livia Osteria y Da Vittorio ofrecer\u00e1n cena colaborativa en La Piazzeta | Casa de Campo Living<\/title>\n<meta name=\"description\" content=\"Casa de Campo Resort &amp; Villas anuncia una de las experiencias gastron\u00f3micas m\u00e1s exclusivas del a\u00f1o: la cena colaborativa O.livia Osteria x Da\" \/>\n<meta name=\"robots\" content=\"index, follow, max-snippet:-1, max-image-preview:large, max-video-preview:-1\" \/>\n<link rel=\"canonical\" href=\"https:\/\/casadecampoliving.com\/es\/lideres-de-los-restaurantes-o-livia-osteria-y-da-vittorio-ofreceran-cena-colaborativa-en-la-piazzeta\/\" \/>\n<meta property=\"og:locale\" content=\"es_ES\" \/>\n<meta property=\"og:type\" content=\"article\" \/>\n<meta property=\"og:title\" content=\"L\u00edderes de los restaurantes O.livia Osteria y Da Vittorio ofrecer\u00e1n cena colaborativa en La Piazzeta | Casa de Campo Living\" \/>\n<meta property=\"og:description\" content=\"Casa de Campo Resort &amp; Villas anuncia una de las experiencias gastron\u00f3micas m\u00e1s exclusivas del a\u00f1o: la cena colaborativa O.livia Osteria x Da\" \/>\n<meta property=\"og:url\" content=\"https:\/\/casadecampoliving.com\/es\/lideres-de-los-restaurantes-o-livia-osteria-y-da-vittorio-ofreceran-cena-colaborativa-en-la-piazzeta\/\" \/>\n<meta property=\"og:site_name\" content=\"Casa de Campo Living\" \/>\n<meta property=\"article:publisher\" content=\"https:\/\/www.facebook.com\/casadecampoliving\" \/>\n<meta property=\"article:published_time\" content=\"2025-10-29T15:30:54+00:00\" \/>\n<meta property=\"article:modified_time\" content=\"2025-10-29T16:12:36+00:00\" \/>\n<meta property=\"og:image\" content=\"https:\/\/casadecampoliving.com\/wp-content\/uploads\/2025\/10\/DV_invitacion_facebook-1-scaled.jpg\" \/>\n\t<meta property=\"og:image:width\" content=\"2560\" \/>\n\t<meta property=\"og:image:height\" content=\"1323\" \/>\n\t<meta property=\"og:image:type\" content=\"image\/jpeg\" \/>\n<meta name=\"author\" content=\"Mairobi Herrera\" \/>\n<meta name=\"twitter:card\" content=\"summary_large_image\" \/>\n<meta name=\"twitter:creator\" content=\"@cdcliving\" \/>\n<meta name=\"twitter:site\" content=\"@cdcliving\" \/>\n<meta name=\"twitter:label1\" content=\"Escrito por\" \/>\n\t<meta name=\"twitter:data1\" content=\"Mairobi Herrera\" \/>\n\t<meta name=\"twitter:label2\" content=\"Tiempo de lectura\" \/>\n\t<meta name=\"twitter:data2\" content=\"3 minutos\" \/>\n<script type=\"application\/ld+json\" class=\"yoast-schema-graph\">{\"@context\":\"https:\\\/\\\/schema.org\",\"@graph\":[{\"@type\":\"Article\",\"@id\":\"https:\\\/\\\/casadecampoliving.com\\\/es\\\/lideres-de-los-restaurantes-o-livia-osteria-y-da-vittorio-ofreceran-cena-colaborativa-en-la-piazzeta\\\/#article\",\"isPartOf\":{\"@id\":\"https:\\\/\\\/casadecampoliving.com\\\/es\\\/lideres-de-los-restaurantes-o-livia-osteria-y-da-vittorio-ofreceran-cena-colaborativa-en-la-piazzeta\\\/\"},\"author\":{\"name\":\"Mairobi Herrera\",\"@id\":\"https:\\\/\\\/casadecampoliving.com\\\/es\\\/#\\\/schema\\\/person\\\/932e594484c49168ad37fbb9141bf699\"},\"headline\":\"L\u00edderes de los restaurantes O.livia Osteria y Da Vittorio ofrecer\u00e1n cena colaborativa en La Piazzeta\",\"datePublished\":\"2025-10-29T15:30:54+00:00\",\"dateModified\":\"2025-10-29T16:12:36+00:00\",\"mainEntityOfPage\":{\"@id\":\"https:\\\/\\\/casadecampoliving.com\\\/es\\\/lideres-de-los-restaurantes-o-livia-osteria-y-da-vittorio-ofreceran-cena-colaborativa-en-la-piazzeta\\\/\"},\"wordCount\":375,\"publisher\":{\"@id\":\"https:\\\/\\\/casadecampoliving.com\\\/es\\\/#organization\"},\"image\":{\"@id\":\"https:\\\/\\\/casadecampoliving.com\\\/es\\\/lideres-de-los-restaurantes-o-livia-osteria-y-da-vittorio-ofreceran-cena-colaborativa-en-la-piazzeta\\\/#primaryimage\"},\"thumbnailUrl\":\"https:\\\/\\\/i0.wp.com\\\/casadecampoliving.com\\\/wp-content\\\/uploads\\\/2025\\\/10\\\/DV_invitacion_facebook-1-scaled.jpg?fit=2560%2C1323&ssl=1\",\"keywords\":[\"casa de campo @es\",\"Featured-TopView @es\",\"La Piazzeta@es\"],\"articleSection\":[\"Eventos\",\"Proximamente\",\"Restaurantes\"],\"inLanguage\":\"es\"},{\"@type\":\"WebPage\",\"@id\":\"https:\\\/\\\/casadecampoliving.com\\\/es\\\/lideres-de-los-restaurantes-o-livia-osteria-y-da-vittorio-ofreceran-cena-colaborativa-en-la-piazzeta\\\/\",\"url\":\"https:\\\/\\\/casadecampoliving.com\\\/es\\\/lideres-de-los-restaurantes-o-livia-osteria-y-da-vittorio-ofreceran-cena-colaborativa-en-la-piazzeta\\\/\",\"name\":\"L\u00edderes de los restaurantes O.livia Osteria y Da Vittorio ofrecer\u00e1n cena colaborativa en La Piazzeta | Casa de Campo Living\",\"isPartOf\":{\"@id\":\"https:\\\/\\\/casadecampoliving.com\\\/es\\\/#website\"},\"primaryImageOfPage\":{\"@id\":\"https:\\\/\\\/casadecampoliving.com\\\/es\\\/lideres-de-los-restaurantes-o-livia-osteria-y-da-vittorio-ofreceran-cena-colaborativa-en-la-piazzeta\\\/#primaryimage\"},\"image\":{\"@id\":\"https:\\\/\\\/casadecampoliving.com\\\/es\\\/lideres-de-los-restaurantes-o-livia-osteria-y-da-vittorio-ofreceran-cena-colaborativa-en-la-piazzeta\\\/#primaryimage\"},\"thumbnailUrl\":\"https:\\\/\\\/i0.wp.com\\\/casadecampoliving.com\\\/wp-content\\\/uploads\\\/2025\\\/10\\\/DV_invitacion_facebook-1-scaled.jpg?fit=2560%2C1323&ssl=1\",\"datePublished\":\"2025-10-29T15:30:54+00:00\",\"dateModified\":\"2025-10-29T16:12:36+00:00\",\"description\":\"Casa de Campo Resort &amp; Villas anuncia una de las experiencias gastron\u00f3micas m\u00e1s exclusivas del a\u00f1o: la cena colaborativa O.livia Osteria x Da\",\"breadcrumb\":{\"@id\":\"https:\\\/\\\/casadecampoliving.com\\\/es\\\/lideres-de-los-restaurantes-o-livia-osteria-y-da-vittorio-ofreceran-cena-colaborativa-en-la-piazzeta\\\/#breadcrumb\"},\"inLanguage\":\"es\",\"potentialAction\":[{\"@type\":\"ReadAction\",\"target\":[\"https:\\\/\\\/casadecampoliving.com\\\/es\\\/lideres-de-los-restaurantes-o-livia-osteria-y-da-vittorio-ofreceran-cena-colaborativa-en-la-piazzeta\\\/\"]}]},{\"@type\":\"ImageObject\",\"inLanguage\":\"es\",\"@id\":\"https:\\\/\\\/casadecampoliving.com\\\/es\\\/lideres-de-los-restaurantes-o-livia-osteria-y-da-vittorio-ofreceran-cena-colaborativa-en-la-piazzeta\\\/#primaryimage\",\"url\":\"https:\\\/\\\/i0.wp.com\\\/casadecampoliving.com\\\/wp-content\\\/uploads\\\/2025\\\/10\\\/DV_invitacion_facebook-1-scaled.jpg?fit=2560%2C1323&ssl=1\",\"contentUrl\":\"https:\\\/\\\/i0.wp.com\\\/casadecampoliving.com\\\/wp-content\\\/uploads\\\/2025\\\/10\\\/DV_invitacion_facebook-1-scaled.jpg?fit=2560%2C1323&ssl=1\",\"width\":2560,\"height\":1323},{\"@type\":\"BreadcrumbList\",\"@id\":\"https:\\\/\\\/casadecampoliving.com\\\/es\\\/lideres-de-los-restaurantes-o-livia-osteria-y-da-vittorio-ofreceran-cena-colaborativa-en-la-piazzeta\\\/#breadcrumb\",\"itemListElement\":[{\"@type\":\"ListItem\",\"position\":1,\"name\":\"Home\",\"item\":\"https:\\\/\\\/casadecampoliving.com\\\/es\\\/\"},{\"@type\":\"ListItem\",\"position\":2,\"name\":\"L\u00edderes de los restaurantes O.livia Osteria y Da Vittorio ofrecer\u00e1n cena colaborativa en La Piazzeta\"}]},{\"@type\":\"WebSite\",\"@id\":\"https:\\\/\\\/casadecampoliving.com\\\/es\\\/#website\",\"url\":\"https:\\\/\\\/casadecampoliving.com\\\/es\\\/\",\"name\":\"Casa de Campo Living\",\"description\":\"Resort community news and resources.\",\"publisher\":{\"@id\":\"https:\\\/\\\/casadecampoliving.com\\\/es\\\/#organization\"},\"potentialAction\":[{\"@type\":\"SearchAction\",\"target\":{\"@type\":\"EntryPoint\",\"urlTemplate\":\"https:\\\/\\\/casadecampoliving.com\\\/es\\\/?s={search_term_string}\"},\"query-input\":{\"@type\":\"PropertyValueSpecification\",\"valueRequired\":true,\"valueName\":\"search_term_string\"}}],\"inLanguage\":\"es\"},{\"@type\":\"Organization\",\"@id\":\"https:\\\/\\\/casadecampoliving.com\\\/es\\\/#organization\",\"name\":\"Casa de Campo Living\",\"url\":\"https:\\\/\\\/casadecampoliving.com\\\/es\\\/\",\"logo\":{\"@type\":\"ImageObject\",\"inLanguage\":\"es\",\"@id\":\"https:\\\/\\\/casadecampoliving.com\\\/es\\\/#\\\/schema\\\/logo\\\/image\\\/\",\"url\":\"https:\\\/\\\/i0.wp.com\\\/casadecampoliving.com\\\/wp-content\\\/uploads\\\/2022\\\/07\\\/CDCLivingLogo_V1-white-sized.png?fit=800%2C214&ssl=1\",\"contentUrl\":\"https:\\\/\\\/i0.wp.com\\\/casadecampoliving.com\\\/wp-content\\\/uploads\\\/2022\\\/07\\\/CDCLivingLogo_V1-white-sized.png?fit=800%2C214&ssl=1\",\"width\":800,\"height\":214,\"caption\":\"Casa de Campo Living\"},\"image\":{\"@id\":\"https:\\\/\\\/casadecampoliving.com\\\/es\\\/#\\\/schema\\\/logo\\\/image\\\/\"},\"sameAs\":[\"https:\\\/\\\/www.facebook.com\\\/casadecampoliving\",\"https:\\\/\\\/x.com\\\/cdcliving\"]},{\"@type\":\"Person\",\"@id\":\"https:\\\/\\\/casadecampoliving.com\\\/es\\\/#\\\/schema\\\/person\\\/932e594484c49168ad37fbb9141bf699\",\"name\":\"Mairobi Herrera\",\"image\":{\"@type\":\"ImageObject\",\"inLanguage\":\"es\",\"@id\":\"https:\\\/\\\/secure.gravatar.com\\\/avatar\\\/d0bf6c19470eb55d83c719e39672f670b2c4412339af1eb8a08f86427ba98ee8?s=96&d=mm&r=g\",\"url\":\"https:\\\/\\\/secure.gravatar.com\\\/avatar\\\/d0bf6c19470eb55d83c719e39672f670b2c4412339af1eb8a08f86427ba98ee8?s=96&d=mm&r=g\",\"contentUrl\":\"https:\\\/\\\/secure.gravatar.com\\\/avatar\\\/d0bf6c19470eb55d83c719e39672f670b2c4412339af1eb8a08f86427ba98ee8?s=96&d=mm&r=g\",\"caption\":\"Mairobi Herrera\"},\"sameAs\":[\"https:\\\/\\\/casadecampoliving.com\\\/\"],\"url\":\"https:\\\/\\\/casadecampoliving.com\\\/es\\\/author\\\/mherrera\\\/\"}]}<\/script>\n<!-- \/ Yoast SEO plugin. -->","yoast_head_json":{"title":"L\u00edderes de los restaurantes O.livia Osteria y Da Vittorio ofrecer\u00e1n cena colaborativa en La Piazzeta | Casa de Campo Living","description":"Casa de Campo Resort &amp; Villas anuncia una de las experiencias gastron\u00f3micas m\u00e1s exclusivas del a\u00f1o: la cena colaborativa O.livia Osteria x Da","robots":{"index":"index","follow":"follow","max-snippet":"max-snippet:-1","max-image-preview":"max-image-preview:large","max-video-preview":"max-video-preview:-1"},"canonical":"https:\/\/casadecampoliving.com\/es\/lideres-de-los-restaurantes-o-livia-osteria-y-da-vittorio-ofreceran-cena-colaborativa-en-la-piazzeta\/","og_locale":"es_ES","og_type":"article","og_title":"L\u00edderes de los restaurantes O.livia Osteria y Da Vittorio ofrecer\u00e1n cena colaborativa en La Piazzeta | Casa de Campo Living","og_description":"Casa de Campo Resort &amp; Villas anuncia una de las experiencias gastron\u00f3micas m\u00e1s exclusivas del a\u00f1o: la cena colaborativa O.livia Osteria x Da","og_url":"https:\/\/casadecampoliving.com\/es\/lideres-de-los-restaurantes-o-livia-osteria-y-da-vittorio-ofreceran-cena-colaborativa-en-la-piazzeta\/","og_site_name":"Casa de Campo Living","article_publisher":"https:\/\/www.facebook.com\/casadecampoliving","article_published_time":"2025-10-29T15:30:54+00:00","article_modified_time":"2025-10-29T16:12:36+00:00","og_image":[{"width":2560,"height":1323,"url":"https:\/\/casadecampoliving.com\/wp-content\/uploads\/2025\/10\/DV_invitacion_facebook-1-scaled.jpg","type":"image\/jpeg"}],"author":"Mairobi Herrera","twitter_card":"summary_large_image","twitter_creator":"@cdcliving","twitter_site":"@cdcliving","twitter_misc":{"Escrito por":"Mairobi Herrera","Tiempo de lectura":"3 minutos"},"schema":{"@context":"https:\/\/schema.org","@graph":[{"@type":"Article","@id":"https:\/\/casadecampoliving.com\/es\/lideres-de-los-restaurantes-o-livia-osteria-y-da-vittorio-ofreceran-cena-colaborativa-en-la-piazzeta\/#article","isPartOf":{"@id":"https:\/\/casadecampoliving.com\/es\/lideres-de-los-restaurantes-o-livia-osteria-y-da-vittorio-ofreceran-cena-colaborativa-en-la-piazzeta\/"},"author":{"name":"Mairobi Herrera","@id":"https:\/\/casadecampoliving.com\/es\/#\/schema\/person\/932e594484c49168ad37fbb9141bf699"},"headline":"L\u00edderes de los restaurantes O.livia Osteria y Da Vittorio ofrecer\u00e1n cena colaborativa en La Piazzeta","datePublished":"2025-10-29T15:30:54+00:00","dateModified":"2025-10-29T16:12:36+00:00","mainEntityOfPage":{"@id":"https:\/\/casadecampoliving.com\/es\/lideres-de-los-restaurantes-o-livia-osteria-y-da-vittorio-ofreceran-cena-colaborativa-en-la-piazzeta\/"},"wordCount":375,"publisher":{"@id":"https:\/\/casadecampoliving.com\/es\/#organization"},"image":{"@id":"https:\/\/casadecampoliving.com\/es\/lideres-de-los-restaurantes-o-livia-osteria-y-da-vittorio-ofreceran-cena-colaborativa-en-la-piazzeta\/#primaryimage"},"thumbnailUrl":"https:\/\/i0.wp.com\/casadecampoliving.com\/wp-content\/uploads\/2025\/10\/DV_invitacion_facebook-1-scaled.jpg?fit=2560%2C1323&ssl=1","keywords":["casa de campo @es","Featured-TopView @es","La Piazzeta@es"],"articleSection":["Eventos","Proximamente","Restaurantes"],"inLanguage":"es"},{"@type":"WebPage","@id":"https:\/\/casadecampoliving.com\/es\/lideres-de-los-restaurantes-o-livia-osteria-y-da-vittorio-ofreceran-cena-colaborativa-en-la-piazzeta\/","url":"https:\/\/casadecampoliving.com\/es\/lideres-de-los-restaurantes-o-livia-osteria-y-da-vittorio-ofreceran-cena-colaborativa-en-la-piazzeta\/","name":"L\u00edderes de los restaurantes O.livia Osteria y Da Vittorio ofrecer\u00e1n cena colaborativa en La Piazzeta | Casa de Campo Living","isPartOf":{"@id":"https:\/\/casadecampoliving.com\/es\/#website"},"primaryImageOfPage":{"@id":"https:\/\/casadecampoliving.com\/es\/lideres-de-los-restaurantes-o-livia-osteria-y-da-vittorio-ofreceran-cena-colaborativa-en-la-piazzeta\/#primaryimage"},"image":{"@id":"https:\/\/casadecampoliving.com\/es\/lideres-de-los-restaurantes-o-livia-osteria-y-da-vittorio-ofreceran-cena-colaborativa-en-la-piazzeta\/#primaryimage"},"thumbnailUrl":"https:\/\/i0.wp.com\/casadecampoliving.com\/wp-content\/uploads\/2025\/10\/DV_invitacion_facebook-1-scaled.jpg?fit=2560%2C1323&ssl=1","datePublished":"2025-10-29T15:30:54+00:00","dateModified":"2025-10-29T16:12:36+00:00","description":"Casa de Campo Resort &amp; Villas anuncia una de las experiencias gastron\u00f3micas m\u00e1s exclusivas del a\u00f1o: la cena colaborativa O.livia Osteria x Da","breadcrumb":{"@id":"https:\/\/casadecampoliving.com\/es\/lideres-de-los-restaurantes-o-livia-osteria-y-da-vittorio-ofreceran-cena-colaborativa-en-la-piazzeta\/#breadcrumb"},"inLanguage":"es","potentialAction":[{"@type":"ReadAction","target":["https:\/\/casadecampoliving.com\/es\/lideres-de-los-restaurantes-o-livia-osteria-y-da-vittorio-ofreceran-cena-colaborativa-en-la-piazzeta\/"]}]},{"@type":"ImageObject","inLanguage":"es","@id":"https:\/\/casadecampoliving.com\/es\/lideres-de-los-restaurantes-o-livia-osteria-y-da-vittorio-ofreceran-cena-colaborativa-en-la-piazzeta\/#primaryimage","url":"https:\/\/i0.wp.com\/casadecampoliving.com\/wp-content\/uploads\/2025\/10\/DV_invitacion_facebook-1-scaled.jpg?fit=2560%2C1323&ssl=1","contentUrl":"https:\/\/i0.wp.com\/casadecampoliving.com\/wp-content\/uploads\/2025\/10\/DV_invitacion_facebook-1-scaled.jpg?fit=2560%2C1323&ssl=1","width":2560,"height":1323},{"@type":"BreadcrumbList","@id":"https:\/\/casadecampoliving.com\/es\/lideres-de-los-restaurantes-o-livia-osteria-y-da-vittorio-ofreceran-cena-colaborativa-en-la-piazzeta\/#breadcrumb","itemListElement":[{"@type":"ListItem","position":1,"name":"Home","item":"https:\/\/casadecampoliving.com\/es\/"},{"@type":"ListItem","position":2,"name":"L\u00edderes de los restaurantes O.livia Osteria y Da Vittorio ofrecer\u00e1n cena colaborativa en La Piazzeta"}]},{"@type":"WebSite","@id":"https:\/\/casadecampoliving.com\/es\/#website","url":"https:\/\/casadecampoliving.com\/es\/","name":"Casa de Campo Living","description":"Resort community news and resources.","publisher":{"@id":"https:\/\/casadecampoliving.com\/es\/#organization"},"potentialAction":[{"@type":"SearchAction","target":{"@type":"EntryPoint","urlTemplate":"https:\/\/casadecampoliving.com\/es\/?s={search_term_string}"},"query-input":{"@type":"PropertyValueSpecification","valueRequired":true,"valueName":"search_term_string"}}],"inLanguage":"es"},{"@type":"Organization","@id":"https:\/\/casadecampoliving.com\/es\/#organization","name":"Casa de Campo Living","url":"https:\/\/casadecampoliving.com\/es\/","logo":{"@type":"ImageObject","inLanguage":"es","@id":"https:\/\/casadecampoliving.com\/es\/#\/schema\/logo\/image\/","url":"https:\/\/i0.wp.com\/casadecampoliving.com\/wp-content\/uploads\/2022\/07\/CDCLivingLogo_V1-white-sized.png?fit=800%2C214&ssl=1","contentUrl":"https:\/\/i0.wp.com\/casadecampoliving.com\/wp-content\/uploads\/2022\/07\/CDCLivingLogo_V1-white-sized.png?fit=800%2C214&ssl=1","width":800,"height":214,"caption":"Casa de Campo Living"},"image":{"@id":"https:\/\/casadecampoliving.com\/es\/#\/schema\/logo\/image\/"},"sameAs":["https:\/\/www.facebook.com\/casadecampoliving","https:\/\/x.com\/cdcliving"]},{"@type":"Person","@id":"https:\/\/casadecampoliving.com\/es\/#\/schema\/person\/932e594484c49168ad37fbb9141bf699","name":"Mairobi Herrera","image":{"@type":"ImageObject","inLanguage":"es","@id":"https:\/\/secure.gravatar.com\/avatar\/d0bf6c19470eb55d83c719e39672f670b2c4412339af1eb8a08f86427ba98ee8?s=96&d=mm&r=g","url":"https:\/\/secure.gravatar.com\/avatar\/d0bf6c19470eb55d83c719e39672f670b2c4412339af1eb8a08f86427ba98ee8?s=96&d=mm&r=g","contentUrl":"https:\/\/secure.gravatar.com\/avatar\/d0bf6c19470eb55d83c719e39672f670b2c4412339af1eb8a08f86427ba98ee8?s=96&d=mm&r=g","caption":"Mairobi Herrera"},"sameAs":["https:\/\/casadecampoliving.com\/"],"url":"https:\/\/casadecampoliving.com\/es\/author\/mherrera\/"}]}},"parsely":{"version":"1.1.0","canonical_url":"https:\/\/casadecampoliving.com\/es\/lideres-de-los-restaurantes-o-livia-osteria-y-da-vittorio-ofreceran-cena-colaborativa-en-la-piazzeta\/","smart_links":{"inbound":0,"outbound":0},"traffic_boost_suggestions_count":0,"meta":{"@context":"https:\/\/schema.org","@type":"NewsArticle","headline":"L\u00edderes de los restaurantes O.livia Osteria y Da Vittorio ofrecer\u00e1n cena colaborativa en La Piazzeta","url":"http:\/\/casadecampoliving.com\/es\/lideres-de-los-restaurantes-o-livia-osteria-y-da-vittorio-ofreceran-cena-colaborativa-en-la-piazzeta\/","mainEntityOfPage":{"@type":"WebPage","@id":"http:\/\/casadecampoliving.com\/es\/lideres-de-los-restaurantes-o-livia-osteria-y-da-vittorio-ofreceran-cena-colaborativa-en-la-piazzeta\/"},"thumbnailUrl":"https:\/\/i0.wp.com\/casadecampoliving.com\/wp-content\/uploads\/2025\/10\/DV_invitacion_facebook-1-scaled.jpg?resize=150%2C150&ssl=1","image":{"@type":"ImageObject","url":"https:\/\/i0.wp.com\/casadecampoliving.com\/wp-content\/uploads\/2025\/10\/DV_invitacion_facebook-1-scaled.jpg?fit=2560%2C1323&ssl=1"},"articleSection":"Eventos","author":[{"@type":"Person","name":"Mairobi Herrera"}],"creator":["Mairobi Herrera"],"publisher":{"@type":"Organization","name":"Casa de Campo Living","logo":"https:\/\/casadecampoliving.com\/wp-content\/uploads\/2022\/07\/CDCLivingLogo_V1-white-sized.png"},"keywords":["casa de campo @es","featured-topview @es","la piazzeta@es"],"dateCreated":"2025-10-29T15:30:54Z","datePublished":"2025-10-29T15:30:54Z","dateModified":"2025-10-29T16:12:36Z"},"rendered":"<script type=\"application\/ld+json\" class=\"wp-parsely-metadata\">{\"@context\":\"https:\\\/\\\/schema.org\",\"@type\":\"NewsArticle\",\"headline\":\"L\\u00edderes de los restaurantes O.livia Osteria y Da Vittorio ofrecer\\u00e1n cena colaborativa en La Piazzeta\",\"url\":\"http:\\\/\\\/casadecampoliving.com\\\/es\\\/lideres-de-los-restaurantes-o-livia-osteria-y-da-vittorio-ofreceran-cena-colaborativa-en-la-piazzeta\\\/\",\"mainEntityOfPage\":{\"@type\":\"WebPage\",\"@id\":\"http:\\\/\\\/casadecampoliving.com\\\/es\\\/lideres-de-los-restaurantes-o-livia-osteria-y-da-vittorio-ofreceran-cena-colaborativa-en-la-piazzeta\\\/\"},\"thumbnailUrl\":\"https:\\\/\\\/i0.wp.com\\\/casadecampoliving.com\\\/wp-content\\\/uploads\\\/2025\\\/10\\\/DV_invitacion_facebook-1-scaled.jpg?resize=150%2C150&ssl=1\",\"image\":{\"@type\":\"ImageObject\",\"url\":\"https:\\\/\\\/i0.wp.com\\\/casadecampoliving.com\\\/wp-content\\\/uploads\\\/2025\\\/10\\\/DV_invitacion_facebook-1-scaled.jpg?fit=2560%2C1323&ssl=1\"},\"articleSection\":\"Eventos\",\"author\":[{\"@type\":\"Person\",\"name\":\"Mairobi Herrera\"}],\"creator\":[\"Mairobi Herrera\"],\"publisher\":{\"@type\":\"Organization\",\"name\":\"Casa de Campo Living\",\"logo\":\"https:\\\/\\\/casadecampoliving.com\\\/wp-content\\\/uploads\\\/2022\\\/07\\\/CDCLivingLogo_V1-white-sized.png\"},\"keywords\":[\"casa de campo @es\",\"featured-topview @es\",\"la piazzeta@es\"],\"dateCreated\":\"2025-10-29T15:30:54Z\",\"datePublished\":\"2025-10-29T15:30:54Z\",\"dateModified\":\"2025-10-29T16:12:36Z\"}<\/script>","tracker_url":"https:\/\/cdn.parsely.com\/keys\/casadecampoliving.com\/p.js"},"jetpack_publicize_connections":[],"jetpack_featured_media_url":"https:\/\/i0.wp.com\/casadecampoliving.com\/wp-content\/uploads\/2025\/10\/DV_invitacion_facebook-1-scaled.jpg?fit=2560%2C1323&ssl=1","jetpack-related-posts":[{"id":544857,"url":"https:\/\/casadecampoliving.com\/es\/da-vittorio-y-o-livia-deslumbran-en-casa-de-campo-con-una-experiencia-de-alta-cocina\/","url_meta":{"origin":544816,"position":0},"title":"Da Vittorio y O.livia deslumbran en Casa de Campo con una experiencia de alta cocina","author":"Mairobi Herrera","date":"4 Nov, 2025","format":false,"excerpt":"Casa de Campo Resort & Villas fue escenario de una de las experiencias gastron\u00f3micas m\u00e1s memorables del a\u00f1o: la cena colaborativa O.livia Osteria x Da Vittorio, celebrada los pasados 31 de octubre y 1 de noviembre en La Piazzetta de Altos de Chav\u00f3n. Durante dos noches, los asistentes vivieron una\u2026","rel":"","context":"En \u00abComidas &amp; Bebidas\u00bb","block_context":{"text":"Comidas &amp; Bebidas","link":"https:\/\/casadecampoliving.com\/es\/category\/comidas-bebidas\/"},"img":{"alt_text":"","src":"https:\/\/i0.wp.com\/casadecampoliving.com\/wp-content\/uploads\/2025\/11\/Erik-Malmsten-Charles-Keusters-Enrico-Chicco-Cerea-2-scaled.jpg?fit=1200%2C800&ssl=1&resize=350%2C200","width":350,"height":200,"srcset":"https:\/\/i0.wp.com\/casadecampoliving.com\/wp-content\/uploads\/2025\/11\/Erik-Malmsten-Charles-Keusters-Enrico-Chicco-Cerea-2-scaled.jpg?fit=1200%2C800&ssl=1&resize=350%2C200 1x, https:\/\/i0.wp.com\/casadecampoliving.com\/wp-content\/uploads\/2025\/11\/Erik-Malmsten-Charles-Keusters-Enrico-Chicco-Cerea-2-scaled.jpg?fit=1200%2C800&ssl=1&resize=525%2C300 1.5x, https:\/\/i0.wp.com\/casadecampoliving.com\/wp-content\/uploads\/2025\/11\/Erik-Malmsten-Charles-Keusters-Enrico-Chicco-Cerea-2-scaled.jpg?fit=1200%2C800&ssl=1&resize=700%2C400 2x, https:\/\/i0.wp.com\/casadecampoliving.com\/wp-content\/uploads\/2025\/11\/Erik-Malmsten-Charles-Keusters-Enrico-Chicco-Cerea-2-scaled.jpg?fit=1200%2C800&ssl=1&resize=1050%2C600 3x"},"classes":[]},{"id":544823,"url":"https:\/\/casadecampoliving.com\/leaders-from-o-livia-osteria-and-da-vittorio-to-host-collaborative-dinner-at-la-piazzeta\/","url_meta":{"origin":544816,"position":1},"title":"Top Chefs From O.livia Osteria and Da Vittorio Team Up for Exclusive Dinner at La Piazzetta","author":"Mairobi Herrera","date":"29 Oct, 2025","format":false,"excerpt":"Casa de Campo Resort & Villas announced one of the season\u2019s most anticipated culinary experiences: the O.livia Osteria x Da Vittorio collaborative dinner, set for Oct. 31 and Nov. 1, 2025, at La Piazzetta in Altos de Chav\u00f3n. The event unites two titans of international fine dining: Swedish-Dominican chef Erik\u2026","rel":"","context":"En \u00abDining\u00bb","block_context":{"text":"Dining","link":"https:\/\/casadecampoliving.com\/category\/dining\/"},"img":{"alt_text":"","src":"https:\/\/i0.wp.com\/casadecampoliving.com\/wp-content\/uploads\/2025\/10\/DV_invitacion_facebook-1-scaled.jpg?fit=1200%2C620&ssl=1&resize=350%2C200","width":350,"height":200,"srcset":"https:\/\/i0.wp.com\/casadecampoliving.com\/wp-content\/uploads\/2025\/10\/DV_invitacion_facebook-1-scaled.jpg?fit=1200%2C620&ssl=1&resize=350%2C200 1x, https:\/\/i0.wp.com\/casadecampoliving.com\/wp-content\/uploads\/2025\/10\/DV_invitacion_facebook-1-scaled.jpg?fit=1200%2C620&ssl=1&resize=525%2C300 1.5x, https:\/\/i0.wp.com\/casadecampoliving.com\/wp-content\/uploads\/2025\/10\/DV_invitacion_facebook-1-scaled.jpg?fit=1200%2C620&ssl=1&resize=700%2C400 2x, https:\/\/i0.wp.com\/casadecampoliving.com\/wp-content\/uploads\/2025\/10\/DV_invitacion_facebook-1-scaled.jpg?fit=1200%2C620&ssl=1&resize=1050%2C600 3x"},"classes":[]},{"id":544932,"url":"https:\/\/casadecampoliving.com\/da-vittorio-and-o-livia-dazzle-casa-de-campo-with-a-high-end-culinary-experience\/","url_meta":{"origin":544816,"position":2},"title":"Da Vittorio and O.livia Dazzle Casa de Campo with a High-End Culinary Experience","author":"Mairobi Herrera","date":"4 Nov, 2025","format":false,"excerpt":"Casa de Campo Resort & Villas was the setting for one of the year\u2019s most memorable gastronomic experiences: the O.livia Osteria x Da Vittorio collaborative dinner, held on Oct. 31 and Nov. 1 at La Piazzetta in Altos de Chav\u00f3n. For two nights, attendees enjoyed an exceptional Italian haute cuisine\u2026","rel":"","context":"En \u00abEvents and Activities\u00bb","block_context":{"text":"Events and Activities","link":"https:\/\/casadecampoliving.com\/category\/events-and-activities\/"},"img":{"alt_text":"","src":"https:\/\/i0.wp.com\/casadecampoliving.com\/wp-content\/uploads\/2025\/11\/Erik-Malmsten-Charles-Keusters-Enrico-Chicco-Cerea-2-1-scaled.jpg?fit=1200%2C800&ssl=1&resize=350%2C200","width":350,"height":200,"srcset":"https:\/\/i0.wp.com\/casadecampoliving.com\/wp-content\/uploads\/2025\/11\/Erik-Malmsten-Charles-Keusters-Enrico-Chicco-Cerea-2-1-scaled.jpg?fit=1200%2C800&ssl=1&resize=350%2C200 1x, https:\/\/i0.wp.com\/casadecampoliving.com\/wp-content\/uploads\/2025\/11\/Erik-Malmsten-Charles-Keusters-Enrico-Chicco-Cerea-2-1-scaled.jpg?fit=1200%2C800&ssl=1&resize=525%2C300 1.5x, https:\/\/i0.wp.com\/casadecampoliving.com\/wp-content\/uploads\/2025\/11\/Erik-Malmsten-Charles-Keusters-Enrico-Chicco-Cerea-2-1-scaled.jpg?fit=1200%2C800&ssl=1&resize=700%2C400 2x, https:\/\/i0.wp.com\/casadecampoliving.com\/wp-content\/uploads\/2025\/11\/Erik-Malmsten-Charles-Keusters-Enrico-Chicco-Cerea-2-1-scaled.jpg?fit=1200%2C800&ssl=1&resize=1050%2C600 3x"},"classes":[]},{"id":347588,"url":"https:\/\/casadecampoliving.com\/es\/cena-cuatro-manos\/","url_meta":{"origin":544816,"position":3},"title":"Chefs Masas y Malmsten le invitan a Cena Cuatro Manos","author":"Carla Campos","date":"23 Jun, 2015","format":false,"excerpt":"Desde que el Chef Anthony Masas fue nombrado Chef Ejecutivo de Casa de Campo en el mes de abril (clic aqu\u00ed para la historia completa), est\u00e1bamos ansiosos de tener la oportunidad de probar su cocina. Nuestra espera ha finalizado y todos tenemos cita (\u00a1usted est\u00e1 incluido!) para asistir a la\u2026","rel":"","context":"En \u00abComidas &amp; Bebidas\u00bb","block_context":{"text":"Comidas &amp; Bebidas","link":"https:\/\/casadecampoliving.com\/es\/category\/comidas-bebidas\/"},"img":{"alt_text":"","src":"https:\/\/i0.wp.com\/casadecampoliving.com\/wp-content\/uploads\/2022\/10\/Masas-and-Malmsten1-1.jpg?fit=935%2C506&ssl=1&resize=350%2C200","width":350,"height":200,"srcset":"https:\/\/i0.wp.com\/casadecampoliving.com\/wp-content\/uploads\/2022\/10\/Masas-and-Malmsten1-1.jpg?fit=935%2C506&ssl=1&resize=350%2C200 1x, https:\/\/i0.wp.com\/casadecampoliving.com\/wp-content\/uploads\/2022\/10\/Masas-and-Malmsten1-1.jpg?fit=935%2C506&ssl=1&resize=525%2C300 1.5x, https:\/\/i0.wp.com\/casadecampoliving.com\/wp-content\/uploads\/2022\/10\/Masas-and-Malmsten1-1.jpg?fit=935%2C506&ssl=1&resize=700%2C400 2x"},"classes":[]},{"id":347710,"url":"https:\/\/casadecampoliving.com\/es\/casa-de-campo-cena-cuatro-manos\/","url_meta":{"origin":544816,"position":4},"title":"Casa de Campo presenta \u00abCena Cuatro Manos\u00bb&#8230; una probada de lo que viene","author":"Felix Guerrero","date":"7 Jul, 2015","format":false,"excerpt":"Dentro del marco de las actividades previas al Casa de Campo Food & Wine Festival, pautado para el mes de\u00a0agosto, el pasado viernes 3 de julio, en La Piazzetta, Altos de Chav\u00f3n, se llev\u00f3 a cabo\u00a0una actividad gastron\u00f3mica diferente, una Cena Cuatro Manos, con dos j\u00f3venes chefs que est\u00e1n revolucionando\u00a0la\u2026","rel":"","context":"En \u00abAltos de Chavon @es\u00bb","block_context":{"text":"Altos de Chavon @es","link":"https:\/\/casadecampoliving.com\/category\/altos-de-chavon-es\/"},"img":{"alt_text":"Halibut con mejillones, chantarelle ahumado, papas y caldo c\u00edtrico","src":"https:\/\/i0.wp.com\/casadecampoliving.com\/wp-content\/uploads\/2022\/10\/Halibut-con-mejillones-chantarelle-ahumado-papas-y-caldo-citrico.-L-1.jpg?fit=800%2C534&ssl=1&resize=350%2C200","width":350,"height":200,"srcset":"https:\/\/i0.wp.com\/casadecampoliving.com\/wp-content\/uploads\/2022\/10\/Halibut-con-mejillones-chantarelle-ahumado-papas-y-caldo-citrico.-L-1.jpg?fit=800%2C534&ssl=1&resize=350%2C200 1x, https:\/\/i0.wp.com\/casadecampoliving.com\/wp-content\/uploads\/2022\/10\/Halibut-con-mejillones-chantarelle-ahumado-papas-y-caldo-citrico.-L-1.jpg?fit=800%2C534&ssl=1&resize=525%2C300 1.5x, https:\/\/i0.wp.com\/casadecampoliving.com\/wp-content\/uploads\/2022\/10\/Halibut-con-mejillones-chantarelle-ahumado-papas-y-caldo-citrico.-L-1.jpg?fit=800%2C534&ssl=1&resize=700%2C400 2x"},"classes":[]},{"id":544381,"url":"https:\/\/casadecampoliving.com\/es\/una-cena-inolvidable-para-cerrar-un-evento-memorable\/","url_meta":{"origin":544816,"position":5},"title":"Una cena inolvidable para cerrar un evento memorable","author":"Mairobi Herrera","date":"9 Oct, 2025","format":false,"excerpt":"El 3er Casa de Campo Food & Wine Festival llega a su gran cierre con una noche verdaderamente excepcional: \u201cDinner Under the Stars\u201d, una experiencia gastron\u00f3mica \u00fanica que se celebrar\u00e1 el s\u00e1bado 11 de octubre en el elegante Minitas Beach Club. Esta gala exclusiva reunir\u00e1 a cuatro reconocidos chefs internacionales,\u2026","rel":"","context":"En \u00abCasa de Campo Resort &amp; Villas\u00bb","block_context":{"text":"Casa de Campo Resort &amp; Villas","link":"https:\/\/casadecampoliving.com\/es\/category\/casa-de-campo-resort-villas\/"},"img":{"alt_text":"","src":"https:\/\/i0.wp.com\/casadecampoliving.com\/wp-content\/uploads\/2025\/10\/Dinner-under-the-stars-Minitas.jpg?fit=600%2C400&ssl=1&resize=350%2C200","width":350,"height":200,"srcset":"https:\/\/i0.wp.com\/casadecampoliving.com\/wp-content\/uploads\/2025\/10\/Dinner-under-the-stars-Minitas.jpg?fit=600%2C400&ssl=1&resize=350%2C200 1x, https:\/\/i0.wp.com\/casadecampoliving.com\/wp-content\/uploads\/2025\/10\/Dinner-under-the-stars-Minitas.jpg?fit=600%2C400&ssl=1&resize=525%2C300 1.5x"},"classes":[]}],"jetpack_sharing_enabled":true,"_links":{"self":[{"href":"https:\/\/casadecampoliving.com\/es\/wp-json\/wp\/v2\/posts\/544816","targetHints":{"allow":["GET"]}}],"collection":[{"href":"https:\/\/casadecampoliving.com\/es\/wp-json\/wp\/v2\/posts"}],"about":[{"href":"https:\/\/casadecampoliving.com\/es\/wp-json\/wp\/v2\/types\/post"}],"author":[{"embeddable":true,"href":"https:\/\/casadecampoliving.com\/es\/wp-json\/wp\/v2\/users\/431"}],"replies":[{"embeddable":true,"href":"https:\/\/casadecampoliving.com\/es\/wp-json\/wp\/v2\/comments?post=544816"}],"version-history":[{"count":2,"href":"https:\/\/casadecampoliving.com\/es\/wp-json\/wp\/v2\/posts\/544816\/revisions"}],"predecessor-version":[{"id":544822,"href":"https:\/\/casadecampoliving.com\/es\/wp-json\/wp\/v2\/posts\/544816\/revisions\/544822"}],"wp:featuredmedia":[{"embeddable":true,"href":"https:\/\/casadecampoliving.com\/es\/wp-json\/wp\/v2\/media\/544833"}],"wp:attachment":[{"href":"https:\/\/casadecampoliving.com\/es\/wp-json\/wp\/v2\/media?parent=544816"}],"wp:term":[{"taxonomy":"category","embeddable":true,"href":"https:\/\/casadecampoliving.com\/es\/wp-json\/wp\/v2\/categories?post=544816"},{"taxonomy":"post_tag","embeddable":true,"href":"https:\/\/casadecampoliving.com\/es\/wp-json\/wp\/v2\/tags?post=544816"},{"taxonomy":"newspack_spnsrs_tax","embeddable":true,"href":"https:\/\/casadecampoliving.com\/es\/wp-json\/wp\/v2\/newspack_spnsrs_tax?post=544816"}],"curies":[{"name":"wp","href":"https:\/\/api.w.org\/{rel}","templated":true}]}}