{"id":544795,"date":"2025-10-27T08:58:39","date_gmt":"2025-10-27T12:58:39","guid":{"rendered":"https:\/\/casadecampoliving.com\/?p=544795"},"modified":"2025-10-27T08:58:40","modified_gmt":"2025-10-27T12:58:40","slug":"alma-y-casa-de-campo-fungen-como-puente-cultural-y-de-negocios-entre-espana-y-republica-dominicana","status":"publish","type":"post","link":"https:\/\/casadecampoliving.com\/es\/alma-y-casa-de-campo-fungen-como-puente-cultural-y-de-negocios-entre-espana-y-republica-dominicana\/","title":{"rendered":"ALMA y Casa de Campo fungen como puente cultural y de negocios entre Espa\u00f1a y Rep\u00fablica Dominicana"},"content":{"rendered":"\n<p>Casa de Campo se prepara para acoger la tercera edici\u00f3n de \u00abALMA Casa de Campo: Feria Espa\u00f1ola\u00bb del 20 al 22 de noviembre de 2025, un evento que contribuye con el fortalecimiento de las relaciones culturales y empresariales entre Espa\u00f1a y la Rep\u00fablica Dominicana. Fundado por las empresarias espa\u00f1olas Cuchy P\u00e9rez y Susana Deleito, ALMA traslada las ricas tradiciones ib\u00e9ricas al coraz\u00f3n del Caribe, reuniendo a l\u00edderes de diversos sectores econ\u00f3micos.<\/p>\n\n\n\n<p><strong>Negocios que florecen<\/strong><\/p>\n\n\n<div class=\"wp-block-image\">\n<figure class=\"alignright size-large\"><img data-recalc-dims=\"1\" loading=\"lazy\" decoding=\"async\" width=\"768\" height=\"1024\" data-attachment-id=\"544798\" data-permalink=\"https:\/\/casadecampoliving.com\/es\/alma-y-casa-de-campo-fungen-como-puente-cultural-y-de-negocios-entre-espana-y-republica-dominicana\/whatsapp-image-2025-10-22-at-10-32-24-am\/\" data-orig-file=\"https:\/\/i0.wp.com\/casadecampoliving.com\/wp-content\/uploads\/2025\/10\/WhatsApp-Image-2025-10-22-at-10.32.24-AM-scaled.jpg?fit=1920%2C2560&amp;ssl=1\" data-orig-size=\"1920,2560\" data-comments-opened=\"0\" data-image-meta=\"{&quot;aperture&quot;:&quot;0&quot;,&quot;credit&quot;:&quot;&quot;,&quot;camera&quot;:&quot;&quot;,&quot;caption&quot;:&quot;&quot;,&quot;created_timestamp&quot;:&quot;0&quot;,&quot;copyright&quot;:&quot;&quot;,&quot;focal_length&quot;:&quot;0&quot;,&quot;iso&quot;:&quot;0&quot;,&quot;shutter_speed&quot;:&quot;0&quot;,&quot;title&quot;:&quot;&quot;,&quot;orientation&quot;:&quot;0&quot;}\" data-image-title=\"WhatsApp Image 2025-10-22 at 10.32.24 AM\" data-image-description=\"\" data-image-caption=\"\" data-medium-file=\"https:\/\/i0.wp.com\/casadecampoliving.com\/wp-content\/uploads\/2025\/10\/WhatsApp-Image-2025-10-22-at-10.32.24-AM-scaled.jpg?fit=225%2C300&amp;ssl=1\" data-large-file=\"https:\/\/i0.wp.com\/casadecampoliving.com\/wp-content\/uploads\/2025\/10\/WhatsApp-Image-2025-10-22-at-10.32.24-AM-scaled.jpg?fit=768%2C1024&amp;ssl=1\" src=\"https:\/\/i0.wp.com\/casadecampoliving.com\/wp-content\/uploads\/2025\/10\/WhatsApp-Image-2025-10-22-at-10.32.24-AM.jpg?resize=768%2C1024&#038;ssl=1\" alt=\"\" class=\"wp-image-544798\" srcset=\"https:\/\/i0.wp.com\/casadecampoliving.com\/wp-content\/uploads\/2025\/10\/WhatsApp-Image-2025-10-22-at-10.32.24-AM-scaled.jpg?resize=768%2C1024&amp;ssl=1 768w, https:\/\/i0.wp.com\/casadecampoliving.com\/wp-content\/uploads\/2025\/10\/WhatsApp-Image-2025-10-22-at-10.32.24-AM-scaled.jpg?resize=225%2C300&amp;ssl=1 225w, https:\/\/i0.wp.com\/casadecampoliving.com\/wp-content\/uploads\/2025\/10\/WhatsApp-Image-2025-10-22-at-10.32.24-AM-scaled.jpg?resize=1152%2C1536&amp;ssl=1 1152w, https:\/\/i0.wp.com\/casadecampoliving.com\/wp-content\/uploads\/2025\/10\/WhatsApp-Image-2025-10-22-at-10.32.24-AM-scaled.jpg?resize=1536%2C2048&amp;ssl=1 1536w, https:\/\/i0.wp.com\/casadecampoliving.com\/wp-content\/uploads\/2025\/10\/WhatsApp-Image-2025-10-22-at-10.32.24-AM-scaled.jpg?resize=900%2C1200&amp;ssl=1 900w, https:\/\/i0.wp.com\/casadecampoliving.com\/wp-content\/uploads\/2025\/10\/WhatsApp-Image-2025-10-22-at-10.32.24-AM-scaled.jpg?resize=600%2C800&amp;ssl=1 600w, https:\/\/i0.wp.com\/casadecampoliving.com\/wp-content\/uploads\/2025\/10\/WhatsApp-Image-2025-10-22-at-10.32.24-AM-scaled.jpg?resize=450%2C600&amp;ssl=1 450w, https:\/\/i0.wp.com\/casadecampoliving.com\/wp-content\/uploads\/2025\/10\/WhatsApp-Image-2025-10-22-at-10.32.24-AM-scaled.jpg?resize=300%2C400&amp;ssl=1 300w, https:\/\/i0.wp.com\/casadecampoliving.com\/wp-content\/uploads\/2025\/10\/WhatsApp-Image-2025-10-22-at-10.32.24-AM-scaled.jpg?resize=150%2C200&amp;ssl=1 150w, https:\/\/i0.wp.com\/casadecampoliving.com\/wp-content\/uploads\/2025\/10\/WhatsApp-Image-2025-10-22-at-10.32.24-AM-scaled.jpg?resize=1200%2C1600&amp;ssl=1 1200w, https:\/\/i0.wp.com\/casadecampoliving.com\/wp-content\/uploads\/2025\/10\/WhatsApp-Image-2025-10-22-at-10.32.24-AM-scaled.jpg?resize=2000%2C2667&amp;ssl=1 2000w, https:\/\/i0.wp.com\/casadecampoliving.com\/wp-content\/uploads\/2025\/10\/WhatsApp-Image-2025-10-22-at-10.32.24-AM-scaled.jpg?resize=780%2C1040&amp;ssl=1 780w, https:\/\/i0.wp.com\/casadecampoliving.com\/wp-content\/uploads\/2025\/10\/WhatsApp-Image-2025-10-22-at-10.32.24-AM-scaled.jpg?resize=400%2C533&amp;ssl=1 400w, https:\/\/i0.wp.com\/casadecampoliving.com\/wp-content\/uploads\/2025\/10\/WhatsApp-Image-2025-10-22-at-10.32.24-AM-scaled.jpg?resize=1320%2C1760&amp;ssl=1 1320w, https:\/\/i0.wp.com\/casadecampoliving.com\/wp-content\/uploads\/2025\/10\/WhatsApp-Image-2025-10-22-at-10.32.24-AM-scaled.jpg?resize=640%2C853&amp;ssl=1 640w, https:\/\/i0.wp.com\/casadecampoliving.com\/wp-content\/uploads\/2025\/10\/WhatsApp-Image-2025-10-22-at-10.32.24-AM-scaled.jpg?w=1920&amp;ssl=1 1920w, https:\/\/i0.wp.com\/casadecampoliving.com\/wp-content\/uploads\/2025\/10\/WhatsApp-Image-2025-10-22-at-10.32.24-AM-768x1024.jpg?w=370&amp;ssl=1 370w\" sizes=\"auto, (max-width: 768px) 100vw, 768px\" \/><\/figure>\n<\/div>\n\n\n<p>El evento no es solo una celebraci\u00f3n cultural, sino un potente motor de desarrollo econ\u00f3mico. Las ediciones anteriores han demostrado ser altamente fruct\u00edferas, con el cierre de importantes acuerdos empresariales y resultados tangibles en el networking.<\/p>\n\n\n\n<p>Este intercambio de contactos y oportunidades est\u00e1 estrat\u00e9gicamente respaldado por la C\u00e1mara de Comercio Espa\u00f1ola en Rep\u00fablica Dominicana (CAMACOES), el Ministerio de Turismo de Rep\u00fablica Dominicana y ASONAHORES. Este evento se alinea con iniciativas bilaterales como la \u00abSemana Dominicana en Espa\u00f1a\u00bb, cuyo objetivo es potenciar el intercambio comercial y la inversi\u00f3n, destacando a la Rep\u00fablica Dominicana como un destino atractivo.<\/p>\n\n\n\n<p>Sectores clave de la econom\u00eda de ambos pa\u00edses, como infraestructuras, finanzas, tecnolog\u00eda y turismo, convergen en ALMA, reflejando el optimismo empresarial que potencia la C\u00e1mara de Comercio de Espa\u00f1a. Adem\u00e1s, el networking de ALMA resalta el potencial de exportaci\u00f3n de productos dominicanos a Espa\u00f1a, incluyendo el ron, tabaco, cacao, pi\u00f1as y aguacates. Los avances dominicanos en transparencia y seguridad jur\u00eddica refuerzan la confianza de los inversores.<\/p>\n\n\n\n<p><strong>Tres d\u00edas de inmersi\u00f3n<\/strong><\/p>\n\n\n\n<p>ALMA es un viaje a las tradiciones espa\u00f1olas, dise\u00f1ado para generar hospitalidad y conexi\u00f3n:<\/p>\n\n\n\n<p>\u2022&nbsp;&nbsp;&nbsp;&nbsp;&nbsp;&nbsp;&nbsp;&nbsp;&nbsp;&nbsp;&nbsp;&nbsp; Jueves 20 de noviembre: Networking y noche de Apertura en Dye Fore. El evento dar\u00e1 inicio con un c\u00f3ctel exclusivo en el campo de golf Dye Fore, donde los invitados podr\u00e1n interactuar con l\u00edderes del mundo empresarial, cultural y tur\u00edstico, en un ambiente ideal para afianzar relaciones.<\/p>\n\n\n\n<p>\u2022&nbsp;&nbsp;&nbsp;&nbsp;&nbsp;&nbsp;&nbsp;&nbsp;&nbsp;&nbsp;&nbsp;&nbsp; Viernes 21 de noviembre: Gala de Estrellas Michelin y Flamenco. La cena de gala oficial contar\u00e1 con la presencia estelar del chef Ram\u00f3n Freixa poseedor de tres estrellas Michelin, quien dise\u00f1ar\u00e1 personalmente el men\u00fa y el postre. La pasi\u00f3n se desbordar\u00e1 con la actuaci\u00f3n del virtuoso del flamenco Miguel Poveda, en una noche de arte culinario y m\u00fasica.<\/p>\n\n\n\n<p>\u2022&nbsp;&nbsp;&nbsp;&nbsp;&nbsp;&nbsp;&nbsp;&nbsp;&nbsp;&nbsp;&nbsp;&nbsp; S\u00e1bado 22 de noviembre: La Feria de Sevilla en Casa de Campo. El fin de semana culmina con una aut\u00e9ntica recreaci\u00f3n de la Feria de Sevilla. El campo de polo se transformar\u00e1 con casetas, trajes t\u00edpicos andaluces, gastronom\u00eda gourmet y las presentaciones en vivo de Los Bomberay y Carretera y Manta, llevando la vitalidad de Andaluc\u00eda al coraz\u00f3n del Caribe.<\/p>\n","protected":false},"excerpt":{"rendered":"<p>Casa de Campo se prepara para acoger la tercera edici\u00f3n de \u00abALMA Casa de Campo: Feria Espa\u00f1ola\u00bb del 20 al 22 de noviembre de 2025, un evento que contribuye con el fortalecimiento de las relaciones culturales y empresariales entre Espa\u00f1a y la Rep\u00fablica Dominicana. Fundado por las empresarias espa\u00f1olas Cuchy P\u00e9rez y Susana Deleito, ALMA [&hellip;]<\/p>\n","protected":false},"author":431,"featured_media":544801,"comment_status":"closed","ping_status":"closed","sticky":false,"template":"","format":"standard","meta":{"newspack_ads_suppress_ads":false,"newspack_popups_has_disabled_popups":false,"newspack_sponsor_sponsorship_scope":"","newspack_sponsor_native_byline_display":"inherit","newspack_sponsor_native_category_display":"inherit","newspack_sponsor_underwriter_style":"inherit","newspack_sponsor_underwriter_placement":"inherit","_newspack_byline_active":false,"_newspack_byline":"","newspack_content_restriction_is_exempt":false,"newspack_featured_image_position":"large","newspack_post_subtitle":"Las ediciones anteriores han demostrado ser altamente fruct\u00edferas, con el cierre de importantes acuerdos empresariales y resultados tangibles en el networking","newspack_article_summary_title":"Overview:","newspack_article_summary":"","newspack_hide_updated_date":false,"newspack_show_updated_date":false,"_jetpack_memberships_contains_paid_content":false,"footnotes":"","jetpack_publicize_message":"","jetpack_publicize_feature_enabled":true,"jetpack_social_post_already_shared":true,"jetpack_social_options":{"image_generator_settings":{"template":"highway","default_image_id":0,"font":"","enabled":false},"version":2},"_wpas_customize_per_network":false},"categories":[26392,2522],"tags":[27865,3626,14736],"newspack_spnsrs_tax":[],"class_list":["post-544795","post","type-post","status-publish","format-standard","has-post-thumbnail","hentry","category-casa-de-campo-resort-villas","category-eventos-es","tag-almaes","tag-casa-de-campo-es","tag-featured-topview-es","entry"],"yoast_head":"<!-- This site is optimized with the Yoast SEO plugin v27.2 - https:\/\/yoast.com\/product\/yoast-seo-wordpress\/ -->\n<title>ALMA y Casa de Campo fungen como puente cultural y de negocios entre Espa\u00f1a y Rep\u00fablica Dominicana | Casa de Campo Living<\/title>\n<meta name=\"description\" content=\"Casa de Campo se prepara para acoger la tercera edici\u00f3n de &quot;ALMA Casa de Campo: Feria Espa\u00f1ola&quot; del 20 al 22 de noviembre de 2025, un evento que\" \/>\n<meta name=\"robots\" content=\"index, follow, max-snippet:-1, max-image-preview:large, max-video-preview:-1\" \/>\n<link rel=\"canonical\" href=\"https:\/\/casadecampoliving.com\/es\/alma-y-casa-de-campo-fungen-como-puente-cultural-y-de-negocios-entre-espana-y-republica-dominicana\/\" \/>\n<meta property=\"og:locale\" content=\"es_ES\" \/>\n<meta property=\"og:type\" content=\"article\" \/>\n<meta property=\"og:title\" content=\"ALMA y Casa de Campo fungen como puente cultural y de negocios entre Espa\u00f1a y Rep\u00fablica Dominicana | Casa de Campo Living\" \/>\n<meta property=\"og:description\" content=\"Casa de Campo se prepara para acoger la tercera edici\u00f3n de &quot;ALMA Casa de Campo: Feria Espa\u00f1ola&quot; del 20 al 22 de noviembre de 2025, un evento que\" \/>\n<meta property=\"og:url\" content=\"https:\/\/casadecampoliving.com\/es\/alma-y-casa-de-campo-fungen-como-puente-cultural-y-de-negocios-entre-espana-y-republica-dominicana\/\" \/>\n<meta property=\"og:site_name\" content=\"Casa de Campo Living\" \/>\n<meta property=\"article:publisher\" content=\"https:\/\/www.facebook.com\/casadecampoliving\" \/>\n<meta property=\"article:published_time\" content=\"2025-10-27T12:58:39+00:00\" \/>\n<meta property=\"article:modified_time\" content=\"2025-10-27T12:58:40+00:00\" \/>\n<meta property=\"og:image\" content=\"https:\/\/casadecampoliving.com\/wp-content\/uploads\/2025\/10\/WhatsApp-Image-2025-10-22-at-10.32.19-AM-1-scaled.jpg\" \/>\n\t<meta property=\"og:image:width\" content=\"2560\" \/>\n\t<meta property=\"og:image:height\" content=\"1920\" \/>\n\t<meta property=\"og:image:type\" content=\"image\/jpeg\" \/>\n<meta name=\"author\" content=\"Mairobi Herrera\" \/>\n<meta name=\"twitter:card\" content=\"summary_large_image\" \/>\n<meta name=\"twitter:creator\" content=\"@cdcliving\" \/>\n<meta name=\"twitter:site\" content=\"@cdcliving\" \/>\n<meta name=\"twitter:label1\" content=\"Escrito por\" \/>\n\t<meta name=\"twitter:data1\" content=\"Mairobi Herrera\" \/>\n\t<meta name=\"twitter:label2\" content=\"Tiempo de lectura\" \/>\n\t<meta name=\"twitter:data2\" content=\"3 minutos\" \/>\n<script type=\"application\/ld+json\" class=\"yoast-schema-graph\">{\"@context\":\"https:\/\/schema.org\",\"@graph\":[{\"@type\":\"Article\",\"@id\":\"https:\/\/casadecampoliving.com\/es\/alma-y-casa-de-campo-fungen-como-puente-cultural-y-de-negocios-entre-espana-y-republica-dominicana\/#article\",\"isPartOf\":{\"@id\":\"https:\/\/casadecampoliving.com\/es\/alma-y-casa-de-campo-fungen-como-puente-cultural-y-de-negocios-entre-espana-y-republica-dominicana\/\"},\"author\":{\"name\":\"Mairobi Herrera\",\"@id\":\"https:\/\/casadecampoliving.com\/es\/#\/schema\/person\/932e594484c49168ad37fbb9141bf699\"},\"headline\":\"ALMA y Casa de Campo fungen como puente cultural y de negocios entre Espa\u00f1a y Rep\u00fablica Dominicana\",\"datePublished\":\"2025-10-27T12:58:39+00:00\",\"dateModified\":\"2025-10-27T12:58:40+00:00\",\"mainEntityOfPage\":{\"@id\":\"https:\/\/casadecampoliving.com\/es\/alma-y-casa-de-campo-fungen-como-puente-cultural-y-de-negocios-entre-espana-y-republica-dominicana\/\"},\"wordCount\":520,\"publisher\":{\"@id\":\"https:\/\/casadecampoliving.com\/es\/#organization\"},\"image\":{\"@id\":\"https:\/\/casadecampoliving.com\/es\/alma-y-casa-de-campo-fungen-como-puente-cultural-y-de-negocios-entre-espana-y-republica-dominicana\/#primaryimage\"},\"thumbnailUrl\":\"https:\/\/i0.wp.com\/casadecampoliving.com\/wp-content\/uploads\/2025\/10\/WhatsApp-Image-2025-10-22-at-10.32.19-AM-1-scaled.jpg?fit=2560%2C1920&ssl=1\",\"keywords\":[\"ALMA@ES\",\"casa de campo @es\",\"Featured-TopView @es\"],\"articleSection\":[\"Casa de Campo Resort &amp; Villas\",\"Eventos\"],\"inLanguage\":\"es\"},{\"@type\":\"WebPage\",\"@id\":\"https:\/\/casadecampoliving.com\/es\/alma-y-casa-de-campo-fungen-como-puente-cultural-y-de-negocios-entre-espana-y-republica-dominicana\/\",\"url\":\"https:\/\/casadecampoliving.com\/es\/alma-y-casa-de-campo-fungen-como-puente-cultural-y-de-negocios-entre-espana-y-republica-dominicana\/\",\"name\":\"ALMA y Casa de Campo fungen como puente cultural y de negocios entre Espa\u00f1a y Rep\u00fablica Dominicana | Casa de Campo Living\",\"isPartOf\":{\"@id\":\"https:\/\/casadecampoliving.com\/es\/#website\"},\"primaryImageOfPage\":{\"@id\":\"https:\/\/casadecampoliving.com\/es\/alma-y-casa-de-campo-fungen-como-puente-cultural-y-de-negocios-entre-espana-y-republica-dominicana\/#primaryimage\"},\"image\":{\"@id\":\"https:\/\/casadecampoliving.com\/es\/alma-y-casa-de-campo-fungen-como-puente-cultural-y-de-negocios-entre-espana-y-republica-dominicana\/#primaryimage\"},\"thumbnailUrl\":\"https:\/\/i0.wp.com\/casadecampoliving.com\/wp-content\/uploads\/2025\/10\/WhatsApp-Image-2025-10-22-at-10.32.19-AM-1-scaled.jpg?fit=2560%2C1920&ssl=1\",\"datePublished\":\"2025-10-27T12:58:39+00:00\",\"dateModified\":\"2025-10-27T12:58:40+00:00\",\"description\":\"Casa de Campo se prepara para acoger la tercera edici\u00f3n de \\\"ALMA Casa de Campo: Feria Espa\u00f1ola\\\" del 20 al 22 de noviembre de 2025, un evento que\",\"breadcrumb\":{\"@id\":\"https:\/\/casadecampoliving.com\/es\/alma-y-casa-de-campo-fungen-como-puente-cultural-y-de-negocios-entre-espana-y-republica-dominicana\/#breadcrumb\"},\"inLanguage\":\"es\",\"potentialAction\":[{\"@type\":\"ReadAction\",\"target\":[\"https:\/\/casadecampoliving.com\/es\/alma-y-casa-de-campo-fungen-como-puente-cultural-y-de-negocios-entre-espana-y-republica-dominicana\/\"]}]},{\"@type\":\"ImageObject\",\"inLanguage\":\"es\",\"@id\":\"https:\/\/casadecampoliving.com\/es\/alma-y-casa-de-campo-fungen-como-puente-cultural-y-de-negocios-entre-espana-y-republica-dominicana\/#primaryimage\",\"url\":\"https:\/\/i0.wp.com\/casadecampoliving.com\/wp-content\/uploads\/2025\/10\/WhatsApp-Image-2025-10-22-at-10.32.19-AM-1-scaled.jpg?fit=2560%2C1920&ssl=1\",\"contentUrl\":\"https:\/\/i0.wp.com\/casadecampoliving.com\/wp-content\/uploads\/2025\/10\/WhatsApp-Image-2025-10-22-at-10.32.19-AM-1-scaled.jpg?fit=2560%2C1920&ssl=1\",\"width\":2560,\"height\":1920},{\"@type\":\"BreadcrumbList\",\"@id\":\"https:\/\/casadecampoliving.com\/es\/alma-y-casa-de-campo-fungen-como-puente-cultural-y-de-negocios-entre-espana-y-republica-dominicana\/#breadcrumb\",\"itemListElement\":[{\"@type\":\"ListItem\",\"position\":1,\"name\":\"Home\",\"item\":\"https:\/\/casadecampoliving.com\/es\/\"},{\"@type\":\"ListItem\",\"position\":2,\"name\":\"ALMA y Casa de Campo fungen como puente cultural y de negocios entre Espa\u00f1a y Rep\u00fablica Dominicana\"}]},{\"@type\":\"WebSite\",\"@id\":\"https:\/\/casadecampoliving.com\/es\/#website\",\"url\":\"https:\/\/casadecampoliving.com\/es\/\",\"name\":\"Casa de Campo Living\",\"description\":\"Resort community news and resources.\",\"publisher\":{\"@id\":\"https:\/\/casadecampoliving.com\/es\/#organization\"},\"potentialAction\":[{\"@type\":\"SearchAction\",\"target\":{\"@type\":\"EntryPoint\",\"urlTemplate\":\"https:\/\/casadecampoliving.com\/es\/?s={search_term_string}\"},\"query-input\":{\"@type\":\"PropertyValueSpecification\",\"valueRequired\":true,\"valueName\":\"search_term_string\"}}],\"inLanguage\":\"es\"},{\"@type\":\"Organization\",\"@id\":\"https:\/\/casadecampoliving.com\/es\/#organization\",\"name\":\"Casa de Campo Living\",\"url\":\"https:\/\/casadecampoliving.com\/es\/\",\"logo\":{\"@type\":\"ImageObject\",\"inLanguage\":\"es\",\"@id\":\"https:\/\/casadecampoliving.com\/es\/#\/schema\/logo\/image\/\",\"url\":\"https:\/\/i0.wp.com\/casadecampoliving.com\/wp-content\/uploads\/2022\/07\/CDCLivingLogo_V1-white-sized.png?fit=800%2C214&ssl=1\",\"contentUrl\":\"https:\/\/i0.wp.com\/casadecampoliving.com\/wp-content\/uploads\/2022\/07\/CDCLivingLogo_V1-white-sized.png?fit=800%2C214&ssl=1\",\"width\":800,\"height\":214,\"caption\":\"Casa de Campo Living\"},\"image\":{\"@id\":\"https:\/\/casadecampoliving.com\/es\/#\/schema\/logo\/image\/\"},\"sameAs\":[\"https:\/\/www.facebook.com\/casadecampoliving\",\"https:\/\/x.com\/cdcliving\"]},{\"@type\":\"Person\",\"@id\":\"https:\/\/casadecampoliving.com\/es\/#\/schema\/person\/932e594484c49168ad37fbb9141bf699\",\"name\":\"Mairobi Herrera\",\"image\":{\"@type\":\"ImageObject\",\"inLanguage\":\"es\",\"@id\":\"https:\/\/secure.gravatar.com\/avatar\/d0bf6c19470eb55d83c719e39672f670b2c4412339af1eb8a08f86427ba98ee8?s=96&d=mm&r=g\",\"url\":\"https:\/\/secure.gravatar.com\/avatar\/d0bf6c19470eb55d83c719e39672f670b2c4412339af1eb8a08f86427ba98ee8?s=96&d=mm&r=g\",\"contentUrl\":\"https:\/\/secure.gravatar.com\/avatar\/d0bf6c19470eb55d83c719e39672f670b2c4412339af1eb8a08f86427ba98ee8?s=96&d=mm&r=g\",\"caption\":\"Mairobi Herrera\"},\"sameAs\":[\"https:\/\/casadecampoliving.com\/\"],\"url\":\"https:\/\/casadecampoliving.com\/es\/author\/mherrera\/\"}]}<\/script>\n<!-- \/ Yoast SEO plugin. -->","yoast_head_json":{"title":"ALMA y Casa de Campo fungen como puente cultural y de negocios entre Espa\u00f1a y Rep\u00fablica Dominicana | Casa de Campo Living","description":"Casa de Campo se prepara para acoger la tercera edici\u00f3n de \"ALMA Casa de Campo: Feria Espa\u00f1ola\" del 20 al 22 de noviembre de 2025, un evento que","robots":{"index":"index","follow":"follow","max-snippet":"max-snippet:-1","max-image-preview":"max-image-preview:large","max-video-preview":"max-video-preview:-1"},"canonical":"https:\/\/casadecampoliving.com\/es\/alma-y-casa-de-campo-fungen-como-puente-cultural-y-de-negocios-entre-espana-y-republica-dominicana\/","og_locale":"es_ES","og_type":"article","og_title":"ALMA y Casa de Campo fungen como puente cultural y de negocios entre Espa\u00f1a y Rep\u00fablica Dominicana | Casa de Campo Living","og_description":"Casa de Campo se prepara para acoger la tercera edici\u00f3n de \"ALMA Casa de Campo: Feria Espa\u00f1ola\" del 20 al 22 de noviembre de 2025, un evento que","og_url":"https:\/\/casadecampoliving.com\/es\/alma-y-casa-de-campo-fungen-como-puente-cultural-y-de-negocios-entre-espana-y-republica-dominicana\/","og_site_name":"Casa de Campo Living","article_publisher":"https:\/\/www.facebook.com\/casadecampoliving","article_published_time":"2025-10-27T12:58:39+00:00","article_modified_time":"2025-10-27T12:58:40+00:00","og_image":[{"width":2560,"height":1920,"url":"https:\/\/casadecampoliving.com\/wp-content\/uploads\/2025\/10\/WhatsApp-Image-2025-10-22-at-10.32.19-AM-1-scaled.jpg","type":"image\/jpeg"}],"author":"Mairobi Herrera","twitter_card":"summary_large_image","twitter_creator":"@cdcliving","twitter_site":"@cdcliving","twitter_misc":{"Escrito por":"Mairobi Herrera","Tiempo de lectura":"3 minutos"},"schema":{"@context":"https:\/\/schema.org","@graph":[{"@type":"Article","@id":"https:\/\/casadecampoliving.com\/es\/alma-y-casa-de-campo-fungen-como-puente-cultural-y-de-negocios-entre-espana-y-republica-dominicana\/#article","isPartOf":{"@id":"https:\/\/casadecampoliving.com\/es\/alma-y-casa-de-campo-fungen-como-puente-cultural-y-de-negocios-entre-espana-y-republica-dominicana\/"},"author":{"name":"Mairobi Herrera","@id":"https:\/\/casadecampoliving.com\/es\/#\/schema\/person\/932e594484c49168ad37fbb9141bf699"},"headline":"ALMA y Casa de Campo fungen como puente cultural y de negocios entre Espa\u00f1a y Rep\u00fablica Dominicana","datePublished":"2025-10-27T12:58:39+00:00","dateModified":"2025-10-27T12:58:40+00:00","mainEntityOfPage":{"@id":"https:\/\/casadecampoliving.com\/es\/alma-y-casa-de-campo-fungen-como-puente-cultural-y-de-negocios-entre-espana-y-republica-dominicana\/"},"wordCount":520,"publisher":{"@id":"https:\/\/casadecampoliving.com\/es\/#organization"},"image":{"@id":"https:\/\/casadecampoliving.com\/es\/alma-y-casa-de-campo-fungen-como-puente-cultural-y-de-negocios-entre-espana-y-republica-dominicana\/#primaryimage"},"thumbnailUrl":"https:\/\/i0.wp.com\/casadecampoliving.com\/wp-content\/uploads\/2025\/10\/WhatsApp-Image-2025-10-22-at-10.32.19-AM-1-scaled.jpg?fit=2560%2C1920&ssl=1","keywords":["ALMA@ES","casa de campo @es","Featured-TopView @es"],"articleSection":["Casa de Campo Resort &amp; Villas","Eventos"],"inLanguage":"es"},{"@type":"WebPage","@id":"https:\/\/casadecampoliving.com\/es\/alma-y-casa-de-campo-fungen-como-puente-cultural-y-de-negocios-entre-espana-y-republica-dominicana\/","url":"https:\/\/casadecampoliving.com\/es\/alma-y-casa-de-campo-fungen-como-puente-cultural-y-de-negocios-entre-espana-y-republica-dominicana\/","name":"ALMA y Casa de Campo fungen como puente cultural y de negocios entre Espa\u00f1a y Rep\u00fablica Dominicana | Casa de Campo Living","isPartOf":{"@id":"https:\/\/casadecampoliving.com\/es\/#website"},"primaryImageOfPage":{"@id":"https:\/\/casadecampoliving.com\/es\/alma-y-casa-de-campo-fungen-como-puente-cultural-y-de-negocios-entre-espana-y-republica-dominicana\/#primaryimage"},"image":{"@id":"https:\/\/casadecampoliving.com\/es\/alma-y-casa-de-campo-fungen-como-puente-cultural-y-de-negocios-entre-espana-y-republica-dominicana\/#primaryimage"},"thumbnailUrl":"https:\/\/i0.wp.com\/casadecampoliving.com\/wp-content\/uploads\/2025\/10\/WhatsApp-Image-2025-10-22-at-10.32.19-AM-1-scaled.jpg?fit=2560%2C1920&ssl=1","datePublished":"2025-10-27T12:58:39+00:00","dateModified":"2025-10-27T12:58:40+00:00","description":"Casa de Campo se prepara para acoger la tercera edici\u00f3n de \"ALMA Casa de Campo: Feria Espa\u00f1ola\" del 20 al 22 de noviembre de 2025, un evento que","breadcrumb":{"@id":"https:\/\/casadecampoliving.com\/es\/alma-y-casa-de-campo-fungen-como-puente-cultural-y-de-negocios-entre-espana-y-republica-dominicana\/#breadcrumb"},"inLanguage":"es","potentialAction":[{"@type":"ReadAction","target":["https:\/\/casadecampoliving.com\/es\/alma-y-casa-de-campo-fungen-como-puente-cultural-y-de-negocios-entre-espana-y-republica-dominicana\/"]}]},{"@type":"ImageObject","inLanguage":"es","@id":"https:\/\/casadecampoliving.com\/es\/alma-y-casa-de-campo-fungen-como-puente-cultural-y-de-negocios-entre-espana-y-republica-dominicana\/#primaryimage","url":"https:\/\/i0.wp.com\/casadecampoliving.com\/wp-content\/uploads\/2025\/10\/WhatsApp-Image-2025-10-22-at-10.32.19-AM-1-scaled.jpg?fit=2560%2C1920&ssl=1","contentUrl":"https:\/\/i0.wp.com\/casadecampoliving.com\/wp-content\/uploads\/2025\/10\/WhatsApp-Image-2025-10-22-at-10.32.19-AM-1-scaled.jpg?fit=2560%2C1920&ssl=1","width":2560,"height":1920},{"@type":"BreadcrumbList","@id":"https:\/\/casadecampoliving.com\/es\/alma-y-casa-de-campo-fungen-como-puente-cultural-y-de-negocios-entre-espana-y-republica-dominicana\/#breadcrumb","itemListElement":[{"@type":"ListItem","position":1,"name":"Home","item":"https:\/\/casadecampoliving.com\/es\/"},{"@type":"ListItem","position":2,"name":"ALMA y Casa de Campo fungen como puente cultural y de negocios entre Espa\u00f1a y Rep\u00fablica Dominicana"}]},{"@type":"WebSite","@id":"https:\/\/casadecampoliving.com\/es\/#website","url":"https:\/\/casadecampoliving.com\/es\/","name":"Casa de Campo Living","description":"Resort community news and resources.","publisher":{"@id":"https:\/\/casadecampoliving.com\/es\/#organization"},"potentialAction":[{"@type":"SearchAction","target":{"@type":"EntryPoint","urlTemplate":"https:\/\/casadecampoliving.com\/es\/?s={search_term_string}"},"query-input":{"@type":"PropertyValueSpecification","valueRequired":true,"valueName":"search_term_string"}}],"inLanguage":"es"},{"@type":"Organization","@id":"https:\/\/casadecampoliving.com\/es\/#organization","name":"Casa de Campo Living","url":"https:\/\/casadecampoliving.com\/es\/","logo":{"@type":"ImageObject","inLanguage":"es","@id":"https:\/\/casadecampoliving.com\/es\/#\/schema\/logo\/image\/","url":"https:\/\/i0.wp.com\/casadecampoliving.com\/wp-content\/uploads\/2022\/07\/CDCLivingLogo_V1-white-sized.png?fit=800%2C214&ssl=1","contentUrl":"https:\/\/i0.wp.com\/casadecampoliving.com\/wp-content\/uploads\/2022\/07\/CDCLivingLogo_V1-white-sized.png?fit=800%2C214&ssl=1","width":800,"height":214,"caption":"Casa de Campo Living"},"image":{"@id":"https:\/\/casadecampoliving.com\/es\/#\/schema\/logo\/image\/"},"sameAs":["https:\/\/www.facebook.com\/casadecampoliving","https:\/\/x.com\/cdcliving"]},{"@type":"Person","@id":"https:\/\/casadecampoliving.com\/es\/#\/schema\/person\/932e594484c49168ad37fbb9141bf699","name":"Mairobi Herrera","image":{"@type":"ImageObject","inLanguage":"es","@id":"https:\/\/secure.gravatar.com\/avatar\/d0bf6c19470eb55d83c719e39672f670b2c4412339af1eb8a08f86427ba98ee8?s=96&d=mm&r=g","url":"https:\/\/secure.gravatar.com\/avatar\/d0bf6c19470eb55d83c719e39672f670b2c4412339af1eb8a08f86427ba98ee8?s=96&d=mm&r=g","contentUrl":"https:\/\/secure.gravatar.com\/avatar\/d0bf6c19470eb55d83c719e39672f670b2c4412339af1eb8a08f86427ba98ee8?s=96&d=mm&r=g","caption":"Mairobi Herrera"},"sameAs":["https:\/\/casadecampoliving.com\/"],"url":"https:\/\/casadecampoliving.com\/es\/author\/mherrera\/"}]}},"parsely":{"version":"1.1.0","canonical_url":"https:\/\/casadecampoliving.com\/es\/alma-y-casa-de-campo-fungen-como-puente-cultural-y-de-negocios-entre-espana-y-republica-dominicana\/","smart_links":{"inbound":0,"outbound":0},"traffic_boost_suggestions_count":0,"meta":{"@context":"https:\/\/schema.org","@type":"NewsArticle","headline":"ALMA y Casa de Campo fungen como puente cultural y de negocios entre Espa\u00f1a y Rep\u00fablica Dominicana","url":"http:\/\/casadecampoliving.com\/es\/alma-y-casa-de-campo-fungen-como-puente-cultural-y-de-negocios-entre-espana-y-republica-dominicana\/","mainEntityOfPage":{"@type":"WebPage","@id":"http:\/\/casadecampoliving.com\/es\/alma-y-casa-de-campo-fungen-como-puente-cultural-y-de-negocios-entre-espana-y-republica-dominicana\/"},"thumbnailUrl":"https:\/\/i0.wp.com\/casadecampoliving.com\/wp-content\/uploads\/2025\/10\/WhatsApp-Image-2025-10-22-at-10.32.19-AM-1-scaled.jpg?resize=150%2C150&ssl=1","image":{"@type":"ImageObject","url":"https:\/\/i0.wp.com\/casadecampoliving.com\/wp-content\/uploads\/2025\/10\/WhatsApp-Image-2025-10-22-at-10.32.19-AM-1-scaled.jpg?fit=2560%2C1920&ssl=1"},"articleSection":"Casa de Campo Resort &amp; Villas","author":[{"@type":"Person","name":"Mairobi Herrera"}],"creator":["Mairobi Herrera"],"publisher":{"@type":"Organization","name":"Casa de Campo Living","logo":"https:\/\/casadecampoliving.com\/wp-content\/uploads\/2022\/07\/CDCLivingLogo_V1-white-sized.png"},"keywords":["alma@es","casa de campo @es","featured-topview @es"],"dateCreated":"2025-10-27T12:58:39Z","datePublished":"2025-10-27T12:58:39Z","dateModified":"2025-10-27T12:58:40Z"},"rendered":"<script type=\"application\/ld+json\" class=\"wp-parsely-metadata\">{\"@context\":\"https:\\\/\\\/schema.org\",\"@type\":\"NewsArticle\",\"headline\":\"ALMA y Casa de Campo fungen como puente cultural y de negocios entre Espa\\u00f1a y Rep\\u00fablica Dominicana\",\"url\":\"http:\\\/\\\/casadecampoliving.com\\\/es\\\/alma-y-casa-de-campo-fungen-como-puente-cultural-y-de-negocios-entre-espana-y-republica-dominicana\\\/\",\"mainEntityOfPage\":{\"@type\":\"WebPage\",\"@id\":\"http:\\\/\\\/casadecampoliving.com\\\/es\\\/alma-y-casa-de-campo-fungen-como-puente-cultural-y-de-negocios-entre-espana-y-republica-dominicana\\\/\"},\"thumbnailUrl\":\"https:\\\/\\\/i0.wp.com\\\/casadecampoliving.com\\\/wp-content\\\/uploads\\\/2025\\\/10\\\/WhatsApp-Image-2025-10-22-at-10.32.19-AM-1-scaled.jpg?resize=150%2C150&ssl=1\",\"image\":{\"@type\":\"ImageObject\",\"url\":\"https:\\\/\\\/i0.wp.com\\\/casadecampoliving.com\\\/wp-content\\\/uploads\\\/2025\\\/10\\\/WhatsApp-Image-2025-10-22-at-10.32.19-AM-1-scaled.jpg?fit=2560%2C1920&ssl=1\"},\"articleSection\":\"Casa de Campo Resort &amp; Villas\",\"author\":[{\"@type\":\"Person\",\"name\":\"Mairobi Herrera\"}],\"creator\":[\"Mairobi Herrera\"],\"publisher\":{\"@type\":\"Organization\",\"name\":\"Casa de Campo Living\",\"logo\":\"https:\\\/\\\/casadecampoliving.com\\\/wp-content\\\/uploads\\\/2022\\\/07\\\/CDCLivingLogo_V1-white-sized.png\"},\"keywords\":[\"alma@es\",\"casa de campo @es\",\"featured-topview @es\"],\"dateCreated\":\"2025-10-27T12:58:39Z\",\"datePublished\":\"2025-10-27T12:58:39Z\",\"dateModified\":\"2025-10-27T12:58:40Z\"}<\/script>","tracker_url":"https:\/\/cdn.parsely.com\/keys\/casadecampoliving.com\/p.js"},"jetpack_publicize_connections":[],"jetpack_featured_media_url":"https:\/\/i0.wp.com\/casadecampoliving.com\/wp-content\/uploads\/2025\/10\/WhatsApp-Image-2025-10-22-at-10.32.19-AM-1-scaled.jpg?fit=2560%2C1920&ssl=1","jetpack-related-posts":[{"id":522482,"url":"https:\/\/casadecampoliving.com\/es\/alma-traera-la-vibrante-cultura-espanola-a-casa-de-campo\/","url_meta":{"origin":544795,"position":0},"title":"ALMA traer\u00e1 la vibrante cultura espa\u00f1ola a Casa de Campo","author":"Casa de Campo Living","date":"25 Sep, 2023","format":false,"excerpt":"El Garden Tent en el Hotel El Embajador fue el escenario de la presentaci\u00f3n de ALMA by The Sphere, un evento dise\u00f1ado para infundir a la Rep\u00fablica Dominicana con un sabor de la cultura espa\u00f1ola. Programado para los d\u00edas 23, 24 y 25 de noviembre en Casa de Campo, ALMA\u2026","rel":"","context":"En \u00abCasa de Campo Resort &amp; Villas\u00bb","block_context":{"text":"Casa de Campo Resort &amp; Villas","link":"https:\/\/casadecampoliving.com\/es\/category\/casa-de-campo-resort-villas\/"},"img":{"alt_text":"","src":"https:\/\/i0.wp.com\/casadecampoliving.com\/wp-content\/uploads\/2023\/09\/ALMA-Presentation-5.jpg?fit=1200%2C800&ssl=1&resize=350%2C200","width":350,"height":200,"srcset":"https:\/\/i0.wp.com\/casadecampoliving.com\/wp-content\/uploads\/2023\/09\/ALMA-Presentation-5.jpg?fit=1200%2C800&ssl=1&resize=350%2C200 1x, https:\/\/i0.wp.com\/casadecampoliving.com\/wp-content\/uploads\/2023\/09\/ALMA-Presentation-5.jpg?fit=1200%2C800&ssl=1&resize=525%2C300 1.5x, https:\/\/i0.wp.com\/casadecampoliving.com\/wp-content\/uploads\/2023\/09\/ALMA-Presentation-5.jpg?fit=1200%2C800&ssl=1&resize=700%2C400 2x, https:\/\/i0.wp.com\/casadecampoliving.com\/wp-content\/uploads\/2023\/09\/ALMA-Presentation-5.jpg?fit=1200%2C800&ssl=1&resize=1050%2C600 3x"},"classes":[]},{"id":535053,"url":"https:\/\/casadecampoliving.com\/es\/casa-de-campo-acoge-la-segunda-edicion-de-alma-by-the-sphere-mostrando-la-cultura-espanola\/","url_meta":{"origin":544795,"position":1},"title":"Casa de Campo Acoge la Segunda Edici\u00f3n de ALMA by The Sphere, Mostrando la Cultura Espa\u00f1ola","author":"Casa de Campo Living","date":"14 Nov, 2024","format":false,"excerpt":"Del 1 al 3 de noviembre de 2024, Casa de Campo se convirti\u00f3 en el epicentro cultural de la Rep\u00fablica Dominicana con la segunda edici\u00f3n de ALMA by The Sphere, un evento \u00fanico que celebr\u00f3 la cultura espa\u00f1ola. Organizado por los empresarios espa\u00f1oles Cuchy P\u00e9rez y Susana Deleito, este evento\u2026","rel":"","context":"En \u00abAltos de Chav\u00f3n\u00bb","block_context":{"text":"Altos de Chav\u00f3n","link":"https:\/\/casadecampoliving.com\/es\/category\/altos-de-chavon-6\/"},"img":{"alt_text":"","src":"https:\/\/i0.wp.com\/casadecampoliving.com\/wp-content\/uploads\/2024\/11\/Alma-by-The-Sphere-Day-3-13.jpg?fit=1000%2C667&ssl=1&resize=350%2C200","width":350,"height":200,"srcset":"https:\/\/i0.wp.com\/casadecampoliving.com\/wp-content\/uploads\/2024\/11\/Alma-by-The-Sphere-Day-3-13.jpg?fit=1000%2C667&ssl=1&resize=350%2C200 1x, https:\/\/i0.wp.com\/casadecampoliving.com\/wp-content\/uploads\/2024\/11\/Alma-by-The-Sphere-Day-3-13.jpg?fit=1000%2C667&ssl=1&resize=525%2C300 1.5x, https:\/\/i0.wp.com\/casadecampoliving.com\/wp-content\/uploads\/2024\/11\/Alma-by-The-Sphere-Day-3-13.jpg?fit=1000%2C667&ssl=1&resize=700%2C400 2x"},"classes":[]},{"id":524687,"url":"https:\/\/casadecampoliving.com\/es\/alma-by-the-sphere-una-fusion-de-cultura-espanola-toma-el-escenario-central-en-casa-de-campo\/","url_meta":{"origin":544795,"position":2},"title":"ALMA by The Sphere: Una fusi\u00f3n de cultura espa\u00f1ola toma el escenario central en Casa de Campo","author":"Casa de Campo Living","date":"27 Nov, 2023","format":false,"excerpt":"Durante tres cautivadores d\u00edas, el 23-25 de noviembre, Casa de Campo se convirti\u00f3 en un centro vibrante, mostrando un notable despliegue de cultura espa\u00f1ola a trav\u00e9s del evento ALMA by The Sphere. Esta iniciativa surge de la visi\u00f3n de dos empresarias espa\u00f1olas, Cuchy P\u00e9rez y Susana Deleito, quienes eligieron la\u2026","rel":"","context":"En \u00abCasa de Campo Resort &amp; Villas\u00bb","block_context":{"text":"Casa de Campo Resort &amp; Villas","link":"https:\/\/casadecampoliving.com\/es\/category\/casa-de-campo-resort-villas\/"},"img":{"alt_text":"","src":"https:\/\/i0.wp.com\/casadecampoliving.com\/wp-content\/uploads\/2023\/11\/Alma-by-The-Sphere-Day-2-19.jpg?fit=1200%2C800&ssl=1&resize=350%2C200","width":350,"height":200,"srcset":"https:\/\/i0.wp.com\/casadecampoliving.com\/wp-content\/uploads\/2023\/11\/Alma-by-The-Sphere-Day-2-19.jpg?fit=1200%2C800&ssl=1&resize=350%2C200 1x, https:\/\/i0.wp.com\/casadecampoliving.com\/wp-content\/uploads\/2023\/11\/Alma-by-The-Sphere-Day-2-19.jpg?fit=1200%2C800&ssl=1&resize=525%2C300 1.5x, https:\/\/i0.wp.com\/casadecampoliving.com\/wp-content\/uploads\/2023\/11\/Alma-by-The-Sphere-Day-2-19.jpg?fit=1200%2C800&ssl=1&resize=700%2C400 2x, https:\/\/i0.wp.com\/casadecampoliving.com\/wp-content\/uploads\/2023\/11\/Alma-by-The-Sphere-Day-2-19.jpg?fit=1200%2C800&ssl=1&resize=1050%2C600 3x"},"classes":[]},{"id":524118,"url":"https:\/\/casadecampoliving.com\/es\/vestidos-de-flamenco-y-la-cultura-espanola-se-encuentran-en-casa-de-campo\/","url_meta":{"origin":544795,"position":3},"title":"Vestidos de flamenco y la cultura espa\u00f1ola se encuentran en Casa de Campo","author":"Casa de Campo Living","date":"7 Nov, 2023","format":false,"excerpt":"Una vibrante celebraci\u00f3n de la cultura espa\u00f1ola descendi\u00f3 sobre Casa de Campo el 5 de noviembre, cuando Susana Deleito organiz\u00f3 un deslumbrante Trunk Show de Flamenco, que dej\u00f3 una impresi\u00f3n duradera con su mezcla de trajes de Flamenco tradicionales e inspirados. Esta encantadora velada sirvi\u00f3 de preludio al pr\u00f3ximo evento\u2026","rel":"","context":"En \u00abComunidad\u00bb","block_context":{"text":"Comunidad","link":"https:\/\/casadecampoliving.com\/es\/category\/comunidad\/"},"img":{"alt_text":"","src":"https:\/\/i0.wp.com\/casadecampoliving.com\/wp-content\/uploads\/2023\/11\/Flamenco-Trunk-Show-2023.jpg?fit=1200%2C800&ssl=1&resize=350%2C200","width":350,"height":200,"srcset":"https:\/\/i0.wp.com\/casadecampoliving.com\/wp-content\/uploads\/2023\/11\/Flamenco-Trunk-Show-2023.jpg?fit=1200%2C800&ssl=1&resize=350%2C200 1x, https:\/\/i0.wp.com\/casadecampoliving.com\/wp-content\/uploads\/2023\/11\/Flamenco-Trunk-Show-2023.jpg?fit=1200%2C800&ssl=1&resize=525%2C300 1.5x, https:\/\/i0.wp.com\/casadecampoliving.com\/wp-content\/uploads\/2023\/11\/Flamenco-Trunk-Show-2023.jpg?fit=1200%2C800&ssl=1&resize=700%2C400 2x, https:\/\/i0.wp.com\/casadecampoliving.com\/wp-content\/uploads\/2023\/11\/Flamenco-Trunk-Show-2023.jpg?fit=1200%2C800&ssl=1&resize=1050%2C600 3x"},"classes":[]},{"id":534057,"url":"https:\/\/casadecampoliving.com\/es\/casa-de-campo-sera-anfitrion-de-la-segunda-edicion-de-alma-por-the-sphere\/","url_meta":{"origin":544795,"position":4},"title":"Casa de Campo ser\u00e1 Anfitri\u00f3n de la Segunda Edici\u00f3n de ALMA por The Sphere","author":"Casa de Campo Living","date":"23 Oct, 2024","format":false,"excerpt":"Casa de Campo Resort & Villas ser\u00e1 una vez m\u00e1s el punto focal del intercambio cultural al acoger la segunda edici\u00f3n de ALMA by The Sphere del 1 al 3 de noviembre de 2024. Este evento, fundado por los empresarios espa\u00f1oles Cuchy P\u00e9rez y Susana Deleito, trae las ricas tradiciones\u2026","rel":"","context":"En \u00abAltos de Chav\u00f3n\u00bb","block_context":{"text":"Altos de Chav\u00f3n","link":"https:\/\/casadecampoliving.com\/es\/category\/altos-de-chavon-6\/"},"img":{"alt_text":"","src":"https:\/\/i0.wp.com\/casadecampoliving.com\/wp-content\/uploads\/2024\/10\/IMG-20240925-WA0009.jpg?fit=1200%2C878&ssl=1&resize=350%2C200","width":350,"height":200,"srcset":"https:\/\/i0.wp.com\/casadecampoliving.com\/wp-content\/uploads\/2024\/10\/IMG-20240925-WA0009.jpg?fit=1200%2C878&ssl=1&resize=350%2C200 1x, https:\/\/i0.wp.com\/casadecampoliving.com\/wp-content\/uploads\/2024\/10\/IMG-20240925-WA0009.jpg?fit=1200%2C878&ssl=1&resize=525%2C300 1.5x, https:\/\/i0.wp.com\/casadecampoliving.com\/wp-content\/uploads\/2024\/10\/IMG-20240925-WA0009.jpg?fit=1200%2C878&ssl=1&resize=700%2C400 2x, https:\/\/i0.wp.com\/casadecampoliving.com\/wp-content\/uploads\/2024\/10\/IMG-20240925-WA0009.jpg?fit=1200%2C878&ssl=1&resize=1050%2C600 3x"},"classes":[]},{"id":546277,"url":"https:\/\/casadecampoliving.com\/es\/alma-casa-de-campo-regresa-con-su-tercera-edicion-celebrando-a-espana-en-el-caribe\/","url_meta":{"origin":544795,"position":5},"title":"Alma Casa de Campo Regresa con su Tercera Edici\u00f3n, Celebrando a Espa\u00f1a en el Caribe","author":"Casa de Campo Living","date":"2 Sep, 2025","format":false,"excerpt":"Espa\u00f1a llega al Caribe este noviembre, cuando Casa de Campo Resort & Villas se prepara para la tercera edici\u00f3n de Alma Casa de Campo: Spanish Fair, que se celebrar\u00e1 del 20 al 22 de noviembre de 2025. El evento promete tres d\u00edas de delicias culinarias, m\u00fasica, arte y tradici\u00f3n, todo\u2026","rel":"","context":"En \u00abCasa de Campo Resort &amp; Villas\u00bb","block_context":{"text":"Casa de Campo Resort &amp; Villas","link":"https:\/\/casadecampoliving.com\/es\/category\/casa-de-campo-resort-villas\/"},"img":{"alt_text":"","src":"https:\/\/i0.wp.com\/casadecampoliving.com\/wp-content\/uploads\/2025\/09\/FN3A4772-scaled.jpg?fit=1200%2C800&ssl=1&resize=350%2C200","width":350,"height":200,"srcset":"https:\/\/i0.wp.com\/casadecampoliving.com\/wp-content\/uploads\/2025\/09\/FN3A4772-scaled.jpg?fit=1200%2C800&ssl=1&resize=350%2C200 1x, https:\/\/i0.wp.com\/casadecampoliving.com\/wp-content\/uploads\/2025\/09\/FN3A4772-scaled.jpg?fit=1200%2C800&ssl=1&resize=525%2C300 1.5x, https:\/\/i0.wp.com\/casadecampoliving.com\/wp-content\/uploads\/2025\/09\/FN3A4772-scaled.jpg?fit=1200%2C800&ssl=1&resize=700%2C400 2x, https:\/\/i0.wp.com\/casadecampoliving.com\/wp-content\/uploads\/2025\/09\/FN3A4772-scaled.jpg?fit=1200%2C800&ssl=1&resize=1050%2C600 3x"},"classes":[]}],"jetpack_sharing_enabled":true,"_links":{"self":[{"href":"https:\/\/casadecampoliving.com\/es\/wp-json\/wp\/v2\/posts\/544795","targetHints":{"allow":["GET"]}}],"collection":[{"href":"https:\/\/casadecampoliving.com\/es\/wp-json\/wp\/v2\/posts"}],"about":[{"href":"https:\/\/casadecampoliving.com\/es\/wp-json\/wp\/v2\/types\/post"}],"author":[{"embeddable":true,"href":"https:\/\/casadecampoliving.com\/es\/wp-json\/wp\/v2\/users\/431"}],"replies":[{"embeddable":true,"href":"https:\/\/casadecampoliving.com\/es\/wp-json\/wp\/v2\/comments?post=544795"}],"version-history":[{"count":1,"href":"https:\/\/casadecampoliving.com\/es\/wp-json\/wp\/v2\/posts\/544795\/revisions"}],"predecessor-version":[{"id":544800,"href":"https:\/\/casadecampoliving.com\/es\/wp-json\/wp\/v2\/posts\/544795\/revisions\/544800"}],"wp:featuredmedia":[{"embeddable":true,"href":"https:\/\/casadecampoliving.com\/es\/wp-json\/wp\/v2\/media\/544801"}],"wp:attachment":[{"href":"https:\/\/casadecampoliving.com\/es\/wp-json\/wp\/v2\/media?parent=544795"}],"wp:term":[{"taxonomy":"category","embeddable":true,"href":"https:\/\/casadecampoliving.com\/es\/wp-json\/wp\/v2\/categories?post=544795"},{"taxonomy":"post_tag","embeddable":true,"href":"https:\/\/casadecampoliving.com\/es\/wp-json\/wp\/v2\/tags?post=544795"},{"taxonomy":"newspack_spnsrs_tax","embeddable":true,"href":"https:\/\/casadecampoliving.com\/es\/wp-json\/wp\/v2\/newspack_spnsrs_tax?post=544795"}],"curies":[{"name":"wp","href":"https:\/\/api.w.org\/{rel}","templated":true}]}}