{"id":543910,"date":"2025-09-02T17:39:30","date_gmt":"2025-09-02T21:39:30","guid":{"rendered":"https:\/\/casadecampoliving.com\/?p=543910"},"modified":"2025-09-02T17:39:31","modified_gmt":"2025-09-02T21:39:31","slug":"inauguran-centro-de-estudios-marinos-fundemar","status":"publish","type":"post","link":"https:\/\/casadecampoliving.com\/es\/inauguran-centro-de-estudios-marinos-fundemar\/","title":{"rendered":"Inauguran Centro de Estudios Marinos Fundemar"},"content":{"rendered":"\n<p>La Fundaci\u00f3n Dominicana de Estudios Marinos (FUNDEMAR) inaugur\u00f3 las instalaciones del Centro Investigativo MARE-DR, un espacio para el estudio cient\u00edfico de los arrecifes de coral y la protecci\u00f3n del h\u00e1bitat marino de la Rep\u00fablica Dominicana.<\/p>\n\n\n\n<p>El centro, ubicado en la zona costera de Bayahibe, fue construido sobre un terreno de m\u00e1s de 2,250 mts2 donados por la empresa Central Romana Corporation, Ltd.<\/p>\n\n\n\n<p>FUNDEMAR es una organizaci\u00f3n dedicada a la conservaci\u00f3n, investigaci\u00f3n y educaci\u00f3n sobre los ecosistemas marinos y su biodiversidad. Bajo la direcci\u00f3n ejecutiva de Rita Sellares, ha sido un centro pionero a nivel internacional en la reproducci\u00f3n asistida de corales marinos con fines de proteger especies de corales caribe\u00f1os y reintegrarlos al mar.<\/p>\n\n\n\n<figure class=\"wp-block-image size-large\"><img data-recalc-dims=\"1\" loading=\"lazy\" decoding=\"async\" width=\"1024\" height=\"683\" data-attachment-id=\"543915\" data-permalink=\"https:\/\/casadecampoliving.com\/es\/inauguran-centro-de-estudios-marinos-fundemar\/el-dr-leo-matos-vicepresidente-ejecutivo-de-central-romana\/\" data-orig-file=\"https:\/\/i0.wp.com\/casadecampoliving.com\/wp-content\/uploads\/2025\/09\/El-Dr.-Leo-Matos-vicepresidente-ejecutivo-de-Central-Romana-scaled.jpg?fit=2560%2C1707&amp;ssl=1\" data-orig-size=\"2560,1707\" data-comments-opened=\"0\" data-image-meta=\"{&quot;aperture&quot;:&quot;2.8&quot;,&quot;credit&quot;:&quot;&quot;,&quot;camera&quot;:&quot;ILCE-7M4&quot;,&quot;caption&quot;:&quot;&quot;,&quot;created_timestamp&quot;:&quot;1756324679&quot;,&quot;copyright&quot;:&quot;&quot;,&quot;focal_length&quot;:&quot;125&quot;,&quot;iso&quot;:&quot;320&quot;,&quot;shutter_speed&quot;:&quot;0.0025&quot;,&quot;title&quot;:&quot;&quot;,&quot;orientation&quot;:&quot;0&quot;}\" data-image-title=\"El Dr. Leo Matos, vicepresidente ejecutivo de Central Romana\" data-image-description=\"\" data-image-caption=\"\" data-large-file=\"https:\/\/i0.wp.com\/casadecampoliving.com\/wp-content\/uploads\/2025\/09\/El-Dr.-Leo-Matos-vicepresidente-ejecutivo-de-Central-Romana-scaled.jpg?fit=1024%2C683&amp;ssl=1\" src=\"https:\/\/i0.wp.com\/casadecampoliving.com\/wp-content\/uploads\/2025\/09\/El-Dr.-Leo-Matos-vicepresidente-ejecutivo-de-Central-Romana.jpg?resize=1024%2C683&#038;ssl=1\" alt=\"\" class=\"wp-image-543915\" srcset=\"https:\/\/i0.wp.com\/casadecampoliving.com\/wp-content\/uploads\/2025\/09\/El-Dr.-Leo-Matos-vicepresidente-ejecutivo-de-Central-Romana-scaled.jpg?resize=1024%2C683&amp;ssl=1 1024w, https:\/\/i0.wp.com\/casadecampoliving.com\/wp-content\/uploads\/2025\/09\/El-Dr.-Leo-Matos-vicepresidente-ejecutivo-de-Central-Romana-scaled.jpg?resize=300%2C200&amp;ssl=1 300w, https:\/\/i0.wp.com\/casadecampoliving.com\/wp-content\/uploads\/2025\/09\/El-Dr.-Leo-Matos-vicepresidente-ejecutivo-de-Central-Romana-scaled.jpg?resize=768%2C512&amp;ssl=1 768w, https:\/\/i0.wp.com\/casadecampoliving.com\/wp-content\/uploads\/2025\/09\/El-Dr.-Leo-Matos-vicepresidente-ejecutivo-de-Central-Romana-scaled.jpg?resize=1536%2C1024&amp;ssl=1 1536w, https:\/\/i0.wp.com\/casadecampoliving.com\/wp-content\/uploads\/2025\/09\/El-Dr.-Leo-Matos-vicepresidente-ejecutivo-de-Central-Romana-scaled.jpg?resize=2048%2C1365&amp;ssl=1 2048w, https:\/\/i0.wp.com\/casadecampoliving.com\/wp-content\/uploads\/2025\/09\/El-Dr.-Leo-Matos-vicepresidente-ejecutivo-de-Central-Romana-scaled.jpg?resize=1200%2C800&amp;ssl=1 1200w, https:\/\/i0.wp.com\/casadecampoliving.com\/wp-content\/uploads\/2025\/09\/El-Dr.-Leo-Matos-vicepresidente-ejecutivo-de-Central-Romana-scaled.jpg?resize=2000%2C1333&amp;ssl=1 2000w, https:\/\/i0.wp.com\/casadecampoliving.com\/wp-content\/uploads\/2025\/09\/El-Dr.-Leo-Matos-vicepresidente-ejecutivo-de-Central-Romana-scaled.jpg?resize=780%2C520&amp;ssl=1 780w, https:\/\/i0.wp.com\/casadecampoliving.com\/wp-content\/uploads\/2025\/09\/El-Dr.-Leo-Matos-vicepresidente-ejecutivo-de-Central-Romana-scaled.jpg?resize=400%2C267&amp;ssl=1 400w, https:\/\/i0.wp.com\/casadecampoliving.com\/wp-content\/uploads\/2025\/09\/El-Dr.-Leo-Matos-vicepresidente-ejecutivo-de-Central-Romana-scaled.jpg?resize=1320%2C880&amp;ssl=1 1320w, https:\/\/i0.wp.com\/casadecampoliving.com\/wp-content\/uploads\/2025\/09\/El-Dr.-Leo-Matos-vicepresidente-ejecutivo-de-Central-Romana-scaled.jpg?resize=150%2C100&amp;ssl=1 150w, https:\/\/i0.wp.com\/casadecampoliving.com\/wp-content\/uploads\/2025\/09\/El-Dr.-Leo-Matos-vicepresidente-ejecutivo-de-Central-Romana-1024x683.jpg?w=370&amp;ssl=1 370w\" sizes=\"auto, (max-width: 1000px) 100vw, 1000px\" \/><\/figure>\n\n\n\n<p>El doctor Leo Matos, vicepresidente ejecutivo de Central Romana, resalt\u00f3 que es un orgullo para nuestra empresa acompa\u00f1ar a FUNDEMAR en este proyecto \u201creafirmando nuestro compromiso com\u00fan con la conservaci\u00f3n de los recursos naturales, porque desde Central Romana creemos que la protecci\u00f3n de nuestros ecosistemas marinos requiere alianzas s\u00f3lidas y visi\u00f3n de largo plazo. Por eso, hemos cedido este terreno con plena confianza en la capacidad t\u00e9cnica y humana de FUNDEMAR\u201d puntualiz\u00f3 Matos.<\/p>\n\n\n\n<p>La nueva edificaci\u00f3n MARE-DR est\u00e1 dedicada a la memoria de la profesora Idelisa Bonnelly, fundadora de dicha la instituci\u00f3n, y quien fuera la primera bi\u00f3loga marina Dominicana.<\/p>\n\n\n\n<p>Durante la actividad participaron tambi\u00e9n representantes del sector privado que han sido parte de una alianza estrat\u00e9gica de cooperaci\u00f3n con FUNDEMAR, como las empresas OceanKind, MSC Foundation, RIU Hotels &amp; Resorts, Cordap y CEPM. Adem\u00e1s cont\u00f3 con la presencia del viceministro de \u00c1reas Protegidas y Biodiversidad del Ministerio de Medio Ambiente Carlos Augusto Batista, entre otros invitados.<\/p>\n\n\n\n<p><strong><em>M\u00e1s sobre el apoyo de Central Romana a FUNDEMAR<\/em><\/strong><\/p>\n\n\n\n<figure class=\"wp-block-image size-large\"><img data-recalc-dims=\"1\" loading=\"lazy\" decoding=\"async\" width=\"1024\" height=\"683\" data-attachment-id=\"543917\" data-permalink=\"https:\/\/casadecampoliving.com\/es\/inauguran-centro-de-estudios-marinos-fundemar\/el-nuevo-centro-investigativo-marerd\/\" data-orig-file=\"https:\/\/i0.wp.com\/casadecampoliving.com\/wp-content\/uploads\/2025\/09\/El-nuevo-Centro-Investigativo-MARERD-scaled.jpg?fit=2560%2C1707&amp;ssl=1\" data-orig-size=\"2560,1707\" data-comments-opened=\"0\" data-image-meta=\"{&quot;aperture&quot;:&quot;2.8&quot;,&quot;credit&quot;:&quot;&quot;,&quot;camera&quot;:&quot;ILCE-7M4&quot;,&quot;caption&quot;:&quot;&quot;,&quot;created_timestamp&quot;:&quot;1756320702&quot;,&quot;copyright&quot;:&quot;&quot;,&quot;focal_length&quot;:&quot;20&quot;,&quot;iso&quot;:&quot;125&quot;,&quot;shutter_speed&quot;:&quot;0.000625&quot;,&quot;title&quot;:&quot;&quot;,&quot;orientation&quot;:&quot;0&quot;}\" data-image-title=\"El nuevo Centro Investigativo MARE~RD\" data-image-description=\"\" data-image-caption=\"\" data-large-file=\"https:\/\/i0.wp.com\/casadecampoliving.com\/wp-content\/uploads\/2025\/09\/El-nuevo-Centro-Investigativo-MARERD-scaled.jpg?fit=1024%2C683&amp;ssl=1\" src=\"https:\/\/i0.wp.com\/casadecampoliving.com\/wp-content\/uploads\/2025\/09\/El-nuevo-Centro-Investigativo-MARERD.jpg?resize=1024%2C683&#038;ssl=1\" alt=\"\" class=\"wp-image-543917\" srcset=\"https:\/\/i0.wp.com\/casadecampoliving.com\/wp-content\/uploads\/2025\/09\/El-nuevo-Centro-Investigativo-MARERD-scaled.jpg?resize=1024%2C683&amp;ssl=1 1024w, https:\/\/i0.wp.com\/casadecampoliving.com\/wp-content\/uploads\/2025\/09\/El-nuevo-Centro-Investigativo-MARERD-scaled.jpg?resize=300%2C200&amp;ssl=1 300w, https:\/\/i0.wp.com\/casadecampoliving.com\/wp-content\/uploads\/2025\/09\/El-nuevo-Centro-Investigativo-MARERD-scaled.jpg?resize=768%2C512&amp;ssl=1 768w, https:\/\/i0.wp.com\/casadecampoliving.com\/wp-content\/uploads\/2025\/09\/El-nuevo-Centro-Investigativo-MARERD-scaled.jpg?resize=1536%2C1024&amp;ssl=1 1536w, https:\/\/i0.wp.com\/casadecampoliving.com\/wp-content\/uploads\/2025\/09\/El-nuevo-Centro-Investigativo-MARERD-scaled.jpg?resize=2048%2C1365&amp;ssl=1 2048w, https:\/\/i0.wp.com\/casadecampoliving.com\/wp-content\/uploads\/2025\/09\/El-nuevo-Centro-Investigativo-MARERD-scaled.jpg?resize=1200%2C800&amp;ssl=1 1200w, https:\/\/i0.wp.com\/casadecampoliving.com\/wp-content\/uploads\/2025\/09\/El-nuevo-Centro-Investigativo-MARERD-scaled.jpg?resize=2000%2C1333&amp;ssl=1 2000w, https:\/\/i0.wp.com\/casadecampoliving.com\/wp-content\/uploads\/2025\/09\/El-nuevo-Centro-Investigativo-MARERD-scaled.jpg?resize=780%2C520&amp;ssl=1 780w, https:\/\/i0.wp.com\/casadecampoliving.com\/wp-content\/uploads\/2025\/09\/El-nuevo-Centro-Investigativo-MARERD-scaled.jpg?resize=400%2C267&amp;ssl=1 400w, https:\/\/i0.wp.com\/casadecampoliving.com\/wp-content\/uploads\/2025\/09\/El-nuevo-Centro-Investigativo-MARERD-scaled.jpg?resize=1320%2C880&amp;ssl=1 1320w, https:\/\/i0.wp.com\/casadecampoliving.com\/wp-content\/uploads\/2025\/09\/El-nuevo-Centro-Investigativo-MARERD-scaled.jpg?resize=150%2C100&amp;ssl=1 150w, https:\/\/i0.wp.com\/casadecampoliving.com\/wp-content\/uploads\/2025\/09\/El-nuevo-Centro-Investigativo-MARERD-1024x683.jpg?w=370&amp;ssl=1 370w\" sizes=\"auto, (max-width: 1000px) 100vw, 1000px\" \/><\/figure>\n\n\n\n<p>Por m\u00e1s de una d\u00e9cada, el soporte y contribuci\u00f3n de Central Romana ha sido clave para la expansi\u00f3n de FUNDEMAR y su investigaci\u00f3n de biodiversidad marina. En a\u00f1os recientes, la empresa respald\u00f3 el proyecto de adecuaci\u00f3n y reinserci\u00f3n de tres ejemplares de manat\u00edes que estaban en cautiverio y fueron liberados exitosamente. Juanita, Pepe y Lupita cumplieron un ciclo de cuarentena en una bah\u00eda natural ubicada en terreno privado de Central Romana, que permiti\u00f3 al equipo de bi\u00f3logos de FUNDEMAR cuidar, alimentar y preparar de manera segura a esos manat\u00edes para su liberaci\u00f3n a las aguas del Mar Caribe.<\/p>\n\n\n\n<p><strong><em>Nota y fotos cortes\u00eda de Central Romana Corporation.<\/em><\/strong><\/p>\n","protected":false},"excerpt":{"rendered":"<p>La Fundaci\u00f3n Dominicana de Estudios Marinos (FUNDEMAR) inaugur\u00f3 las instalaciones del Centro Investigativo MARE-DR, un espacio para el estudio cient\u00edfico de los arrecifes de coral y la protecci\u00f3n del h\u00e1bitat marino de la Rep\u00fablica Dominicana. El centro, ubicado en la zona costera de Bayahibe, fue construido sobre un terreno de m\u00e1s de 2,250 mts2 donados [&hellip;]<\/p>\n","protected":false},"author":431,"featured_media":543911,"comment_status":"closed","ping_status":"closed","sticky":false,"template":"","format":"standard","meta":{"newspack_ads_suppress_ads":false,"newspack_popups_has_disabled_popups":false,"newspack_sponsor_sponsorship_scope":"","newspack_sponsor_native_byline_display":"inherit","newspack_sponsor_native_category_display":"inherit","newspack_sponsor_underwriter_style":"inherit","newspack_sponsor_underwriter_placement":"inherit","_newspack_byline_active":false,"_newspack_byline":"","newspack_hide_updated_date":false,"newspack_show_updated_date":false,"newspack_content_restriction_is_exempt":false,"newspack_featured_image_position":"","newspack_post_subtitle":"El terreno fue donado por el Central Romana Corporation como parte de su contribuci\u00f3n al estudio cient\u00edfico de los arrecifes de coral y la protecci\u00f3n del h\u00e1bitat marino de la Rep\u00fablica Dominicana","newspack_article_summary_title":"Overview:","newspack_article_summary":"","_jetpack_memberships_contains_paid_content":false,"footnotes":"","jetpack_publicize_message":"","jetpack_publicize_feature_enabled":true,"jetpack_social_post_already_shared":true,"jetpack_social_options":{"image_generator_settings":{"template":"highway","default_image_id":0,"font":"","enabled":false},"version":2},"_wpas_customize_per_network":false},"categories":[27733,23888,2514,9719],"tags":[3862,14736,6783],"newspack_spnsrs_tax":[],"class_list":["post-543910","post","type-post","status-publish","format-standard","has-post-thumbnail","hentry","category-central-romana-es","category-dominican-republic-2","category-fundaciones-es","category-naturaleza-y-fauna","tag-central-romana-es","tag-featured-topview-es","tag-fundemares","entry"],"yoast_head":"<!-- This site is optimized with the Yoast SEO plugin v27.4 - https:\/\/yoast.com\/product\/yoast-seo-wordpress\/ -->\n<title>Inauguran Centro de Estudios Marinos Fundemar | Casa de Campo Living<\/title>\n<meta name=\"description\" content=\"La Fundaci\u00f3n Dominicana de Estudios Marinos (FUNDEMAR) inaugur\u00f3 las instalaciones del Centro Investigativo MARE-DR, un espacio para el estudio cient\u00edfico\" \/>\n<meta name=\"robots\" content=\"index, follow, max-snippet:-1, max-image-preview:large, max-video-preview:-1\" \/>\n<link rel=\"canonical\" href=\"https:\/\/casadecampoliving.com\/es\/inauguran-centro-de-estudios-marinos-fundemar\/\" \/>\n<meta property=\"og:locale\" content=\"es_ES\" \/>\n<meta property=\"og:type\" content=\"article\" \/>\n<meta property=\"og:title\" content=\"Inauguran Centro de Estudios Marinos Fundemar | Casa de Campo Living\" \/>\n<meta property=\"og:description\" content=\"La Fundaci\u00f3n Dominicana de Estudios Marinos (FUNDEMAR) inaugur\u00f3 las instalaciones del Centro Investigativo MARE-DR, un espacio para el estudio cient\u00edfico\" \/>\n<meta property=\"og:url\" content=\"https:\/\/casadecampoliving.com\/es\/inauguran-centro-de-estudios-marinos-fundemar\/\" \/>\n<meta property=\"og:site_name\" content=\"Casa de Campo Living\" \/>\n<meta property=\"article:publisher\" content=\"https:\/\/www.facebook.com\/casadecampoliving\" \/>\n<meta property=\"article:published_time\" content=\"2025-09-02T21:39:30+00:00\" \/>\n<meta property=\"article:modified_time\" content=\"2025-09-02T21:39:31+00:00\" \/>\n<meta property=\"og:image\" content=\"https:\/\/casadecampoliving.com\/wp-content\/uploads\/2025\/09\/El-corte-de-cinta-inaugurando-MARERD-scaled.jpg\" \/>\n\t<meta property=\"og:image:width\" content=\"2560\" \/>\n\t<meta property=\"og:image:height\" content=\"1686\" \/>\n\t<meta property=\"og:image:type\" content=\"image\/jpeg\" \/>\n<meta name=\"author\" content=\"Mairobi Herrera\" \/>\n<meta name=\"twitter:card\" content=\"summary_large_image\" \/>\n<meta name=\"twitter:creator\" content=\"@cdcliving\" \/>\n<meta name=\"twitter:site\" content=\"@cdcliving\" \/>\n<meta name=\"twitter:label1\" content=\"Escrito por\" \/>\n\t<meta name=\"twitter:data1\" content=\"Mairobi Herrera\" \/>\n\t<meta name=\"twitter:label2\" content=\"Tiempo de lectura\" \/>\n\t<meta name=\"twitter:data2\" content=\"3 minutos\" \/>\n<script type=\"application\/ld+json\" class=\"yoast-schema-graph\">{\"@context\":\"https:\\\/\\\/schema.org\",\"@graph\":[{\"@type\":\"Article\",\"@id\":\"https:\\\/\\\/casadecampoliving.com\\\/es\\\/inauguran-centro-de-estudios-marinos-fundemar\\\/#article\",\"isPartOf\":{\"@id\":\"https:\\\/\\\/casadecampoliving.com\\\/es\\\/inauguran-centro-de-estudios-marinos-fundemar\\\/\"},\"author\":{\"name\":\"Mairobi Herrera\",\"@id\":\"https:\\\/\\\/casadecampoliving.com\\\/es\\\/#\\\/schema\\\/person\\\/932e594484c49168ad37fbb9141bf699\"},\"headline\":\"Inauguran Centro de Estudios Marinos Fundemar\",\"datePublished\":\"2025-09-02T21:39:30+00:00\",\"dateModified\":\"2025-09-02T21:39:31+00:00\",\"mainEntityOfPage\":{\"@id\":\"https:\\\/\\\/casadecampoliving.com\\\/es\\\/inauguran-centro-de-estudios-marinos-fundemar\\\/\"},\"wordCount\":433,\"publisher\":{\"@id\":\"https:\\\/\\\/casadecampoliving.com\\\/es\\\/#organization\"},\"image\":{\"@id\":\"https:\\\/\\\/casadecampoliving.com\\\/es\\\/inauguran-centro-de-estudios-marinos-fundemar\\\/#primaryimage\"},\"thumbnailUrl\":\"https:\\\/\\\/i0.wp.com\\\/casadecampoliving.com\\\/wp-content\\\/uploads\\\/2025\\\/09\\\/El-corte-de-cinta-inaugurando-MARERD-scaled.jpg?fit=2560%2C1686&ssl=1\",\"keywords\":[\"central romana @es\",\"Featured-TopView @es\",\"FUNDEMAR@es\"],\"articleSection\":[\"Central Romana @es\",\"Dominican Republic\",\"Fundaciones\",\"Naturaleza y Fauna\"],\"inLanguage\":\"es\"},{\"@type\":\"WebPage\",\"@id\":\"https:\\\/\\\/casadecampoliving.com\\\/es\\\/inauguran-centro-de-estudios-marinos-fundemar\\\/\",\"url\":\"https:\\\/\\\/casadecampoliving.com\\\/es\\\/inauguran-centro-de-estudios-marinos-fundemar\\\/\",\"name\":\"Inauguran Centro de Estudios Marinos Fundemar | Casa de Campo Living\",\"isPartOf\":{\"@id\":\"https:\\\/\\\/casadecampoliving.com\\\/es\\\/#website\"},\"primaryImageOfPage\":{\"@id\":\"https:\\\/\\\/casadecampoliving.com\\\/es\\\/inauguran-centro-de-estudios-marinos-fundemar\\\/#primaryimage\"},\"image\":{\"@id\":\"https:\\\/\\\/casadecampoliving.com\\\/es\\\/inauguran-centro-de-estudios-marinos-fundemar\\\/#primaryimage\"},\"thumbnailUrl\":\"https:\\\/\\\/i0.wp.com\\\/casadecampoliving.com\\\/wp-content\\\/uploads\\\/2025\\\/09\\\/El-corte-de-cinta-inaugurando-MARERD-scaled.jpg?fit=2560%2C1686&ssl=1\",\"datePublished\":\"2025-09-02T21:39:30+00:00\",\"dateModified\":\"2025-09-02T21:39:31+00:00\",\"description\":\"La Fundaci\u00f3n Dominicana de Estudios Marinos (FUNDEMAR) inaugur\u00f3 las instalaciones del Centro Investigativo MARE-DR, un espacio para el estudio cient\u00edfico\",\"breadcrumb\":{\"@id\":\"https:\\\/\\\/casadecampoliving.com\\\/es\\\/inauguran-centro-de-estudios-marinos-fundemar\\\/#breadcrumb\"},\"inLanguage\":\"es\",\"potentialAction\":[{\"@type\":\"ReadAction\",\"target\":[\"https:\\\/\\\/casadecampoliving.com\\\/es\\\/inauguran-centro-de-estudios-marinos-fundemar\\\/\"]}]},{\"@type\":\"ImageObject\",\"inLanguage\":\"es\",\"@id\":\"https:\\\/\\\/casadecampoliving.com\\\/es\\\/inauguran-centro-de-estudios-marinos-fundemar\\\/#primaryimage\",\"url\":\"https:\\\/\\\/i0.wp.com\\\/casadecampoliving.com\\\/wp-content\\\/uploads\\\/2025\\\/09\\\/El-corte-de-cinta-inaugurando-MARERD-scaled.jpg?fit=2560%2C1686&ssl=1\",\"contentUrl\":\"https:\\\/\\\/i0.wp.com\\\/casadecampoliving.com\\\/wp-content\\\/uploads\\\/2025\\\/09\\\/El-corte-de-cinta-inaugurando-MARERD-scaled.jpg?fit=2560%2C1686&ssl=1\",\"width\":2560,\"height\":1686},{\"@type\":\"BreadcrumbList\",\"@id\":\"https:\\\/\\\/casadecampoliving.com\\\/es\\\/inauguran-centro-de-estudios-marinos-fundemar\\\/#breadcrumb\",\"itemListElement\":[{\"@type\":\"ListItem\",\"position\":1,\"name\":\"Home\",\"item\":\"https:\\\/\\\/casadecampoliving.com\\\/es\\\/\"},{\"@type\":\"ListItem\",\"position\":2,\"name\":\"Inauguran Centro de Estudios Marinos Fundemar\"}]},{\"@type\":\"WebSite\",\"@id\":\"https:\\\/\\\/casadecampoliving.com\\\/es\\\/#website\",\"url\":\"https:\\\/\\\/casadecampoliving.com\\\/es\\\/\",\"name\":\"Casa de Campo Living\",\"description\":\"Resort community news and resources.\",\"publisher\":{\"@id\":\"https:\\\/\\\/casadecampoliving.com\\\/es\\\/#organization\"},\"potentialAction\":[{\"@type\":\"SearchAction\",\"target\":{\"@type\":\"EntryPoint\",\"urlTemplate\":\"https:\\\/\\\/casadecampoliving.com\\\/es\\\/?s={search_term_string}\"},\"query-input\":{\"@type\":\"PropertyValueSpecification\",\"valueRequired\":true,\"valueName\":\"search_term_string\"}}],\"inLanguage\":\"es\"},{\"@type\":\"Organization\",\"@id\":\"https:\\\/\\\/casadecampoliving.com\\\/es\\\/#organization\",\"name\":\"Casa de Campo Living\",\"url\":\"https:\\\/\\\/casadecampoliving.com\\\/es\\\/\",\"logo\":{\"@type\":\"ImageObject\",\"inLanguage\":\"es\",\"@id\":\"https:\\\/\\\/casadecampoliving.com\\\/es\\\/#\\\/schema\\\/logo\\\/image\\\/\",\"url\":\"https:\\\/\\\/i0.wp.com\\\/casadecampoliving.com\\\/wp-content\\\/uploads\\\/2022\\\/07\\\/CDCLivingLogo_V1-white-sized.png?fit=800%2C214&ssl=1\",\"contentUrl\":\"https:\\\/\\\/i0.wp.com\\\/casadecampoliving.com\\\/wp-content\\\/uploads\\\/2022\\\/07\\\/CDCLivingLogo_V1-white-sized.png?fit=800%2C214&ssl=1\",\"width\":800,\"height\":214,\"caption\":\"Casa de Campo Living\"},\"image\":{\"@id\":\"https:\\\/\\\/casadecampoliving.com\\\/es\\\/#\\\/schema\\\/logo\\\/image\\\/\"},\"sameAs\":[\"https:\\\/\\\/www.facebook.com\\\/casadecampoliving\",\"https:\\\/\\\/x.com\\\/cdcliving\"]},{\"@type\":\"Person\",\"@id\":\"https:\\\/\\\/casadecampoliving.com\\\/es\\\/#\\\/schema\\\/person\\\/932e594484c49168ad37fbb9141bf699\",\"name\":\"Mairobi Herrera\",\"image\":{\"@type\":\"ImageObject\",\"inLanguage\":\"es\",\"@id\":\"https:\\\/\\\/secure.gravatar.com\\\/avatar\\\/d0bf6c19470eb55d83c719e39672f670b2c4412339af1eb8a08f86427ba98ee8?s=96&d=mm&r=g\",\"url\":\"https:\\\/\\\/secure.gravatar.com\\\/avatar\\\/d0bf6c19470eb55d83c719e39672f670b2c4412339af1eb8a08f86427ba98ee8?s=96&d=mm&r=g\",\"contentUrl\":\"https:\\\/\\\/secure.gravatar.com\\\/avatar\\\/d0bf6c19470eb55d83c719e39672f670b2c4412339af1eb8a08f86427ba98ee8?s=96&d=mm&r=g\",\"caption\":\"Mairobi Herrera\"},\"sameAs\":[\"https:\\\/\\\/casadecampoliving.com\\\/\"],\"url\":\"https:\\\/\\\/casadecampoliving.com\\\/es\\\/author\\\/mherrera\\\/\"}]}<\/script>\n<!-- \/ Yoast SEO plugin. -->","yoast_head_json":{"title":"Inauguran Centro de Estudios Marinos Fundemar | Casa de Campo Living","description":"La Fundaci\u00f3n Dominicana de Estudios Marinos (FUNDEMAR) inaugur\u00f3 las instalaciones del Centro Investigativo MARE-DR, un espacio para el estudio cient\u00edfico","robots":{"index":"index","follow":"follow","max-snippet":"max-snippet:-1","max-image-preview":"max-image-preview:large","max-video-preview":"max-video-preview:-1"},"canonical":"https:\/\/casadecampoliving.com\/es\/inauguran-centro-de-estudios-marinos-fundemar\/","og_locale":"es_ES","og_type":"article","og_title":"Inauguran Centro de Estudios Marinos Fundemar | Casa de Campo Living","og_description":"La Fundaci\u00f3n Dominicana de Estudios Marinos (FUNDEMAR) inaugur\u00f3 las instalaciones del Centro Investigativo MARE-DR, un espacio para el estudio cient\u00edfico","og_url":"https:\/\/casadecampoliving.com\/es\/inauguran-centro-de-estudios-marinos-fundemar\/","og_site_name":"Casa de Campo Living","article_publisher":"https:\/\/www.facebook.com\/casadecampoliving","article_published_time":"2025-09-02T21:39:30+00:00","article_modified_time":"2025-09-02T21:39:31+00:00","og_image":[{"width":2560,"height":1686,"url":"https:\/\/casadecampoliving.com\/wp-content\/uploads\/2025\/09\/El-corte-de-cinta-inaugurando-MARERD-scaled.jpg","type":"image\/jpeg"}],"author":"Mairobi Herrera","twitter_card":"summary_large_image","twitter_creator":"@cdcliving","twitter_site":"@cdcliving","twitter_misc":{"Escrito por":"Mairobi Herrera","Tiempo de lectura":"3 minutos"},"schema":{"@context":"https:\/\/schema.org","@graph":[{"@type":"Article","@id":"https:\/\/casadecampoliving.com\/es\/inauguran-centro-de-estudios-marinos-fundemar\/#article","isPartOf":{"@id":"https:\/\/casadecampoliving.com\/es\/inauguran-centro-de-estudios-marinos-fundemar\/"},"author":{"name":"Mairobi Herrera","@id":"https:\/\/casadecampoliving.com\/es\/#\/schema\/person\/932e594484c49168ad37fbb9141bf699"},"headline":"Inauguran Centro de Estudios Marinos Fundemar","datePublished":"2025-09-02T21:39:30+00:00","dateModified":"2025-09-02T21:39:31+00:00","mainEntityOfPage":{"@id":"https:\/\/casadecampoliving.com\/es\/inauguran-centro-de-estudios-marinos-fundemar\/"},"wordCount":433,"publisher":{"@id":"https:\/\/casadecampoliving.com\/es\/#organization"},"image":{"@id":"https:\/\/casadecampoliving.com\/es\/inauguran-centro-de-estudios-marinos-fundemar\/#primaryimage"},"thumbnailUrl":"https:\/\/i0.wp.com\/casadecampoliving.com\/wp-content\/uploads\/2025\/09\/El-corte-de-cinta-inaugurando-MARERD-scaled.jpg?fit=2560%2C1686&ssl=1","keywords":["central romana @es","Featured-TopView @es","FUNDEMAR@es"],"articleSection":["Central Romana @es","Dominican Republic","Fundaciones","Naturaleza y Fauna"],"inLanguage":"es"},{"@type":"WebPage","@id":"https:\/\/casadecampoliving.com\/es\/inauguran-centro-de-estudios-marinos-fundemar\/","url":"https:\/\/casadecampoliving.com\/es\/inauguran-centro-de-estudios-marinos-fundemar\/","name":"Inauguran Centro de Estudios Marinos Fundemar | Casa de Campo Living","isPartOf":{"@id":"https:\/\/casadecampoliving.com\/es\/#website"},"primaryImageOfPage":{"@id":"https:\/\/casadecampoliving.com\/es\/inauguran-centro-de-estudios-marinos-fundemar\/#primaryimage"},"image":{"@id":"https:\/\/casadecampoliving.com\/es\/inauguran-centro-de-estudios-marinos-fundemar\/#primaryimage"},"thumbnailUrl":"https:\/\/i0.wp.com\/casadecampoliving.com\/wp-content\/uploads\/2025\/09\/El-corte-de-cinta-inaugurando-MARERD-scaled.jpg?fit=2560%2C1686&ssl=1","datePublished":"2025-09-02T21:39:30+00:00","dateModified":"2025-09-02T21:39:31+00:00","description":"La Fundaci\u00f3n Dominicana de Estudios Marinos (FUNDEMAR) inaugur\u00f3 las instalaciones del Centro Investigativo MARE-DR, un espacio para el estudio cient\u00edfico","breadcrumb":{"@id":"https:\/\/casadecampoliving.com\/es\/inauguran-centro-de-estudios-marinos-fundemar\/#breadcrumb"},"inLanguage":"es","potentialAction":[{"@type":"ReadAction","target":["https:\/\/casadecampoliving.com\/es\/inauguran-centro-de-estudios-marinos-fundemar\/"]}]},{"@type":"ImageObject","inLanguage":"es","@id":"https:\/\/casadecampoliving.com\/es\/inauguran-centro-de-estudios-marinos-fundemar\/#primaryimage","url":"https:\/\/i0.wp.com\/casadecampoliving.com\/wp-content\/uploads\/2025\/09\/El-corte-de-cinta-inaugurando-MARERD-scaled.jpg?fit=2560%2C1686&ssl=1","contentUrl":"https:\/\/i0.wp.com\/casadecampoliving.com\/wp-content\/uploads\/2025\/09\/El-corte-de-cinta-inaugurando-MARERD-scaled.jpg?fit=2560%2C1686&ssl=1","width":2560,"height":1686},{"@type":"BreadcrumbList","@id":"https:\/\/casadecampoliving.com\/es\/inauguran-centro-de-estudios-marinos-fundemar\/#breadcrumb","itemListElement":[{"@type":"ListItem","position":1,"name":"Home","item":"https:\/\/casadecampoliving.com\/es\/"},{"@type":"ListItem","position":2,"name":"Inauguran Centro de Estudios Marinos Fundemar"}]},{"@type":"WebSite","@id":"https:\/\/casadecampoliving.com\/es\/#website","url":"https:\/\/casadecampoliving.com\/es\/","name":"Casa de Campo Living","description":"Resort community news and resources.","publisher":{"@id":"https:\/\/casadecampoliving.com\/es\/#organization"},"potentialAction":[{"@type":"SearchAction","target":{"@type":"EntryPoint","urlTemplate":"https:\/\/casadecampoliving.com\/es\/?s={search_term_string}"},"query-input":{"@type":"PropertyValueSpecification","valueRequired":true,"valueName":"search_term_string"}}],"inLanguage":"es"},{"@type":"Organization","@id":"https:\/\/casadecampoliving.com\/es\/#organization","name":"Casa de Campo Living","url":"https:\/\/casadecampoliving.com\/es\/","logo":{"@type":"ImageObject","inLanguage":"es","@id":"https:\/\/casadecampoliving.com\/es\/#\/schema\/logo\/image\/","url":"https:\/\/i0.wp.com\/casadecampoliving.com\/wp-content\/uploads\/2022\/07\/CDCLivingLogo_V1-white-sized.png?fit=800%2C214&ssl=1","contentUrl":"https:\/\/i0.wp.com\/casadecampoliving.com\/wp-content\/uploads\/2022\/07\/CDCLivingLogo_V1-white-sized.png?fit=800%2C214&ssl=1","width":800,"height":214,"caption":"Casa de Campo Living"},"image":{"@id":"https:\/\/casadecampoliving.com\/es\/#\/schema\/logo\/image\/"},"sameAs":["https:\/\/www.facebook.com\/casadecampoliving","https:\/\/x.com\/cdcliving"]},{"@type":"Person","@id":"https:\/\/casadecampoliving.com\/es\/#\/schema\/person\/932e594484c49168ad37fbb9141bf699","name":"Mairobi Herrera","image":{"@type":"ImageObject","inLanguage":"es","@id":"https:\/\/secure.gravatar.com\/avatar\/d0bf6c19470eb55d83c719e39672f670b2c4412339af1eb8a08f86427ba98ee8?s=96&d=mm&r=g","url":"https:\/\/secure.gravatar.com\/avatar\/d0bf6c19470eb55d83c719e39672f670b2c4412339af1eb8a08f86427ba98ee8?s=96&d=mm&r=g","contentUrl":"https:\/\/secure.gravatar.com\/avatar\/d0bf6c19470eb55d83c719e39672f670b2c4412339af1eb8a08f86427ba98ee8?s=96&d=mm&r=g","caption":"Mairobi Herrera"},"sameAs":["https:\/\/casadecampoliving.com\/"],"url":"https:\/\/casadecampoliving.com\/es\/author\/mherrera\/"}]}},"parsely":{"version":"1.1.0","canonical_url":"https:\/\/casadecampoliving.com\/es\/inauguran-centro-de-estudios-marinos-fundemar\/","smart_links":{"inbound":0,"outbound":0},"traffic_boost_suggestions_count":0,"meta":{"@context":"https:\/\/schema.org","@type":"NewsArticle","headline":"Inauguran Centro de Estudios Marinos Fundemar","url":"http:\/\/casadecampoliving.com\/es\/inauguran-centro-de-estudios-marinos-fundemar\/","mainEntityOfPage":{"@type":"WebPage","@id":"http:\/\/casadecampoliving.com\/es\/inauguran-centro-de-estudios-marinos-fundemar\/"},"thumbnailUrl":"https:\/\/i0.wp.com\/casadecampoliving.com\/wp-content\/uploads\/2025\/09\/El-corte-de-cinta-inaugurando-MARERD-scaled.jpg?resize=150%2C150&ssl=1","image":{"@type":"ImageObject","url":"https:\/\/i0.wp.com\/casadecampoliving.com\/wp-content\/uploads\/2025\/09\/El-corte-de-cinta-inaugurando-MARERD-scaled.jpg?fit=2560%2C1686&ssl=1"},"articleSection":"Central Romana @es","author":[{"@type":"Person","name":"Mairobi Herrera"}],"creator":["Mairobi Herrera"],"publisher":{"@type":"Organization","name":"Casa de Campo Living","logo":"https:\/\/casadecampoliving.com\/wp-content\/uploads\/2022\/07\/CDCLivingLogo_V1-white-sized.png"},"keywords":["central romana @es","featured-topview @es","fundemar@es"],"dateCreated":"2025-09-02T21:39:30Z","datePublished":"2025-09-02T21:39:30Z","dateModified":"2025-09-02T21:39:31Z"},"rendered":"<script type=\"application\/ld+json\" class=\"wp-parsely-metadata\">{\"@context\":\"https:\\\/\\\/schema.org\",\"@type\":\"NewsArticle\",\"headline\":\"Inauguran Centro de Estudios Marinos Fundemar\",\"url\":\"http:\\\/\\\/casadecampoliving.com\\\/es\\\/inauguran-centro-de-estudios-marinos-fundemar\\\/\",\"mainEntityOfPage\":{\"@type\":\"WebPage\",\"@id\":\"http:\\\/\\\/casadecampoliving.com\\\/es\\\/inauguran-centro-de-estudios-marinos-fundemar\\\/\"},\"thumbnailUrl\":\"https:\\\/\\\/i0.wp.com\\\/casadecampoliving.com\\\/wp-content\\\/uploads\\\/2025\\\/09\\\/El-corte-de-cinta-inaugurando-MARERD-scaled.jpg?resize=150%2C150&ssl=1\",\"image\":{\"@type\":\"ImageObject\",\"url\":\"https:\\\/\\\/i0.wp.com\\\/casadecampoliving.com\\\/wp-content\\\/uploads\\\/2025\\\/09\\\/El-corte-de-cinta-inaugurando-MARERD-scaled.jpg?fit=2560%2C1686&ssl=1\"},\"articleSection\":\"Central Romana @es\",\"author\":[{\"@type\":\"Person\",\"name\":\"Mairobi Herrera\"}],\"creator\":[\"Mairobi Herrera\"],\"publisher\":{\"@type\":\"Organization\",\"name\":\"Casa de Campo Living\",\"logo\":\"https:\\\/\\\/casadecampoliving.com\\\/wp-content\\\/uploads\\\/2022\\\/07\\\/CDCLivingLogo_V1-white-sized.png\"},\"keywords\":[\"central romana @es\",\"featured-topview @es\",\"fundemar@es\"],\"dateCreated\":\"2025-09-02T21:39:30Z\",\"datePublished\":\"2025-09-02T21:39:30Z\",\"dateModified\":\"2025-09-02T21:39:31Z\"}<\/script>","tracker_url":"https:\/\/cdn.parsely.com\/keys\/casadecampoliving.com\/p.js"},"jetpack_publicize_connections":[],"jetpack_featured_media_url":"https:\/\/i0.wp.com\/casadecampoliving.com\/wp-content\/uploads\/2025\/09\/El-corte-de-cinta-inaugurando-MARERD-scaled.jpg?fit=2560%2C1686&ssl=1","jetpack-related-posts":[{"id":345652,"url":"https:\/\/casadecampoliving.com\/es\/fundemar-gana-1-5-millones-de-pesos-en-premios-brugal\/","url_meta":{"origin":543910,"position":0},"title":"FUNDEMAR, gana 1.5 millones de pesos en premios Brugal","author":"Perkin Agramonte","date":"13 Oct, 2014","format":false,"excerpt":"El pasado jueves 9 de octubre, fue celebrada la 23\u00ba edici\u00f3n de los premios Brugal Cree En Su Gente\u00a0en el auditorio Casa San Pablo de la ciudad de Santo Domingo, donde la Fundaci\u00f3n Dominicana de Estudios Marinos (FUNDEMAR) con base en Bayahibe result\u00f3 ganadora 1.5 millones de pesos al recibir\u2026","rel":"","context":"En \u00abCasa de Campo Living @es\u00bb","block_context":{"text":"Casa de Campo Living @es","link":"https:\/\/casadecampoliving.com\/category\/casa-de-campo-living-es\/"},"img":{"alt_text":"","src":"https:\/\/i0.wp.com\/casadecampoliving.com\/wp-content\/uploads\/2022\/10\/FUNDEMAR-1-1.jpg?fit=720%2C480&ssl=1&resize=350%2C200","width":350,"height":200,"srcset":"https:\/\/i0.wp.com\/casadecampoliving.com\/wp-content\/uploads\/2022\/10\/FUNDEMAR-1-1.jpg?fit=720%2C480&ssl=1&resize=350%2C200 1x, https:\/\/i0.wp.com\/casadecampoliving.com\/wp-content\/uploads\/2022\/10\/FUNDEMAR-1-1.jpg?fit=720%2C480&ssl=1&resize=525%2C300 1.5x, https:\/\/i0.wp.com\/casadecampoliving.com\/wp-content\/uploads\/2022\/10\/FUNDEMAR-1-1.jpg?fit=720%2C480&ssl=1&resize=700%2C400 2x"},"classes":[]},{"id":349804,"url":"https:\/\/casadecampoliving.com\/es\/fundemar-conservacion-y-restauracion-de-arrecifes-de-coral\/","url_meta":{"origin":543910,"position":1},"title":"\u00a1Fundemar necesita de nuestra ayuda para la Conservaci\u00f3n y Restauraci\u00f3n de los Arrecifes de Coral!","author":"Felix Guerrero","date":"14 May, 2016","format":false,"excerpt":"Los mares y oc\u00e9anos ocupan alrededor del 71% de la superficie de la Tierra. Aqu\u00ed es donde la vida en nuestro planeta comenz\u00f3 millones de a\u00f1os atr\u00e1s. Nuestro ecosistema marino en es verdaderamente \u00fanico. Los arrecifes de coral y la vida marina han estado atrayendo a turistas y buceadores de\u2026","rel":"","context":"En \u00abM\u00e1s all\u00e1 de Casa\u00bb","block_context":{"text":"M\u00e1s all\u00e1 de Casa","link":"https:\/\/casadecampoliving.com\/es\/category\/mas-alla-de-casa-es\/"},"img":{"alt_text":"Featured Image Fundemar Coral Reef","src":"https:\/\/i0.wp.com\/casadecampoliving.com\/wp-content\/uploads\/2022\/10\/Featured-Image-Fundemar-Coral-Reef-scaled.jpg?fit=1200%2C900&ssl=1&resize=350%2C200","width":350,"height":200,"srcset":"https:\/\/i0.wp.com\/casadecampoliving.com\/wp-content\/uploads\/2022\/10\/Featured-Image-Fundemar-Coral-Reef-scaled.jpg?fit=1200%2C900&ssl=1&resize=350%2C200 1x, https:\/\/i0.wp.com\/casadecampoliving.com\/wp-content\/uploads\/2022\/10\/Featured-Image-Fundemar-Coral-Reef-scaled.jpg?fit=1200%2C900&ssl=1&resize=525%2C300 1.5x, https:\/\/i0.wp.com\/casadecampoliving.com\/wp-content\/uploads\/2022\/10\/Featured-Image-Fundemar-Coral-Reef-scaled.jpg?fit=1200%2C900&ssl=1&resize=700%2C400 2x, https:\/\/i0.wp.com\/casadecampoliving.com\/wp-content\/uploads\/2022\/10\/Featured-Image-Fundemar-Coral-Reef-scaled.jpg?fit=1200%2C900&ssl=1&resize=1050%2C600 3x"},"classes":[]},{"id":342082,"url":"https:\/\/casadecampoliving.com\/es\/transplantan-corales-generadores-de-arrecifes-en-bayahibe\/","url_meta":{"origin":543910,"position":2},"title":"Transplantan corales generadores de arrecifes en Bayah\u00edbe","author":"Mairobi Herrera","date":"25 Jun, 2013","format":false,"excerpt":"Durante este mes de junio fueron trasplantado 121 fragmentos de corales del tipo Acropora Cervicornis en los arrecifes de Bayah\u00edbe, con el fin de incrementar la tasa de supervivencia de estas estructuras subacu\u00e1ticas. La iniciativa es parte de un acuerdo de colaboraci\u00f3n establecido entre la \u00a0Fundaci\u00f3n Ecol\u00f3gica Punta Cana (FEPC)\u2026","rel":"","context":"En \u00abDestacados\u00bb","block_context":{"text":"Destacados","link":"https:\/\/casadecampoliving.com\/es\/category\/destacados\/"},"img":{"alt_text":"coral transplante bayahibe","src":"https:\/\/i0.wp.com\/casadecampoliving.com\/wp-content\/uploads\/2022\/10\/coral_transplante_bayahibe-1.jpg?fit=650%2C488&ssl=1&resize=350%2C200","width":350,"height":200,"srcset":"https:\/\/i0.wp.com\/casadecampoliving.com\/wp-content\/uploads\/2022\/10\/coral_transplante_bayahibe-1.jpg?fit=650%2C488&ssl=1&resize=350%2C200 1x, https:\/\/i0.wp.com\/casadecampoliving.com\/wp-content\/uploads\/2022\/10\/coral_transplante_bayahibe-1.jpg?fit=650%2C488&ssl=1&resize=525%2C300 1.5x"},"classes":[]},{"id":343002,"url":"https:\/\/casadecampoliving.com\/es\/2do-torneo-de-pez-leon-en-bayahibe-oct-20\/","url_meta":{"origin":543910,"position":3},"title":"2do Torneo de Pez Leon en Bayahibe &#8211; oct. 20","author":"Rebecca Silvestri","date":"2 Oct, 2013","format":false,"excerpt":"El Domingo 20 de Octubre, la \u201cFundaci\u00f3n Dominicana de Estudios Marinos\u201d, FUNDEMAR, con el apoyo del Cl\u00faster tur\u00edstico y la Asociaci\u00f3n de Hoteles Romana-Bayahibe, celebrar\u00e1n el 2do Torneo de pesca de Pez Le\u00f3n, con el objetivo de capturar masivamente esta especie, promover su consumo y dar a conocer la amenaza\u2026","rel":"","context":"En \u00abDestacados\u00bb","block_context":{"text":"Destacados","link":"https:\/\/casadecampoliving.com\/es\/category\/destacados\/"},"img":{"alt_text":"Lionfish hunting","src":"https:\/\/i0.wp.com\/casadecampoliving.com\/wp-content\/uploads\/2022\/10\/lionfish_hunting-1.jpg?fit=650%2C414&ssl=1&resize=350%2C200","width":350,"height":200,"srcset":"https:\/\/i0.wp.com\/casadecampoliving.com\/wp-content\/uploads\/2022\/10\/lionfish_hunting-1.jpg?fit=650%2C414&ssl=1&resize=350%2C200 1x, https:\/\/i0.wp.com\/casadecampoliving.com\/wp-content\/uploads\/2022\/10\/lionfish_hunting-1.jpg?fit=650%2C414&ssl=1&resize=525%2C300 1.5x"},"classes":[]},{"id":531001,"url":"https:\/\/casadecampoliving.com\/es\/casa-de-campo-e-ib-nautica-auspician-evento-benefico\/","url_meta":{"origin":543910,"position":4},"title":"Casa de Campo e IB N\u00e1utica auspician evento ben\u00e9fico","author":"Mairobi Herrera","date":"13 May, 2024","format":false,"excerpt":"Casa de Campo Resort and Villas en colaboraci\u00f3n con la empresa IB N\u00e1utica llevaron a cabo el pasado viernes 10 de mayo un evento ben\u00e9fico en el astillero de esta \u00faltima, ubicado en la Marina de Casa de Campo. El prop\u00f3sito principal de esta actividad denominada Gentle to the Sea,\u2026","rel":"","context":"En \u00abCasa de Campo Resort &amp; Villas\u00bb","block_context":{"text":"Casa de Campo Resort &amp; Villas","link":"https:\/\/casadecampoliving.com\/es\/category\/casa-de-campo-resort-villas\/"},"img":{"alt_text":"","src":"https:\/\/i0.wp.com\/casadecampoliving.com\/wp-content\/uploads\/2024\/05\/FN3A1513-Mejorado-NR-scaled.jpg?fit=1200%2C800&ssl=1&resize=350%2C200","width":350,"height":200,"srcset":"https:\/\/i0.wp.com\/casadecampoliving.com\/wp-content\/uploads\/2024\/05\/FN3A1513-Mejorado-NR-scaled.jpg?fit=1200%2C800&ssl=1&resize=350%2C200 1x, https:\/\/i0.wp.com\/casadecampoliving.com\/wp-content\/uploads\/2024\/05\/FN3A1513-Mejorado-NR-scaled.jpg?fit=1200%2C800&ssl=1&resize=525%2C300 1.5x, https:\/\/i0.wp.com\/casadecampoliving.com\/wp-content\/uploads\/2024\/05\/FN3A1513-Mejorado-NR-scaled.jpg?fit=1200%2C800&ssl=1&resize=700%2C400 2x, https:\/\/i0.wp.com\/casadecampoliving.com\/wp-content\/uploads\/2024\/05\/FN3A1513-Mejorado-NR-scaled.jpg?fit=1200%2C800&ssl=1&resize=1050%2C600 3x"},"classes":[]},{"id":344358,"url":"https:\/\/casadecampoliving.com\/es\/bayahibe-coral-cuerno-de-ciervo-en-peligro-de-extincion\/","url_meta":{"origin":543910,"position":5},"title":"Bayah\u00edbe: Coral Cuerno de Ciervo en peligro de extinci\u00f3n","author":"Gerolis Lagrage Zabala","date":"10 May, 2014","format":false,"excerpt":"Desde el 2010 la Fundaci\u00f3n Dominicana de Reservas Marinas (FUNDEMAR) ha estado trabajando con la Fundaci\u00f3n Ecol\u00f3gica de Punta Cana (FEC) en un proyecto de regeneraci\u00f3n de arrecifes de coral en el \u00e1rea de Bayahibe. Hoy en d\u00eda el proyecto ha sido exitoso con una total de 9,745cm de las\u2026","rel":"","context":"En \u00abEstilo de Vida\u00bb","block_context":{"text":"Estilo de Vida","link":"https:\/\/casadecampoliving.com\/es\/category\/estilo-de-vida\/"},"img":{"alt_text":"coral transplant Bayahibe","src":"https:\/\/i0.wp.com\/casadecampoliving.com\/wp-content\/uploads\/2022\/10\/coral_transplant_bayahibe-1.jpg?fit=1200%2C874&ssl=1&resize=350%2C200","width":350,"height":200,"srcset":"https:\/\/i0.wp.com\/casadecampoliving.com\/wp-content\/uploads\/2022\/10\/coral_transplant_bayahibe-1.jpg?fit=1200%2C874&ssl=1&resize=350%2C200 1x, https:\/\/i0.wp.com\/casadecampoliving.com\/wp-content\/uploads\/2022\/10\/coral_transplant_bayahibe-1.jpg?fit=1200%2C874&ssl=1&resize=525%2C300 1.5x, https:\/\/i0.wp.com\/casadecampoliving.com\/wp-content\/uploads\/2022\/10\/coral_transplant_bayahibe-1.jpg?fit=1200%2C874&ssl=1&resize=700%2C400 2x, https:\/\/i0.wp.com\/casadecampoliving.com\/wp-content\/uploads\/2022\/10\/coral_transplant_bayahibe-1.jpg?fit=1200%2C874&ssl=1&resize=1050%2C600 3x"},"classes":[]}],"jetpack_sharing_enabled":true,"_links":{"self":[{"href":"https:\/\/casadecampoliving.com\/es\/wp-json\/wp\/v2\/posts\/543910","targetHints":{"allow":["GET"]}}],"collection":[{"href":"https:\/\/casadecampoliving.com\/es\/wp-json\/wp\/v2\/posts"}],"about":[{"href":"https:\/\/casadecampoliving.com\/es\/wp-json\/wp\/v2\/types\/post"}],"author":[{"embeddable":true,"href":"https:\/\/casadecampoliving.com\/es\/wp-json\/wp\/v2\/users\/431"}],"replies":[{"embeddable":true,"href":"https:\/\/casadecampoliving.com\/es\/wp-json\/wp\/v2\/comments?post=543910"}],"version-history":[{"count":1,"href":"https:\/\/casadecampoliving.com\/es\/wp-json\/wp\/v2\/posts\/543910\/revisions"}],"predecessor-version":[{"id":543921,"href":"https:\/\/casadecampoliving.com\/es\/wp-json\/wp\/v2\/posts\/543910\/revisions\/543921"}],"wp:featuredmedia":[{"embeddable":true,"href":"https:\/\/casadecampoliving.com\/es\/wp-json\/wp\/v2\/media\/543911"}],"wp:attachment":[{"href":"https:\/\/casadecampoliving.com\/es\/wp-json\/wp\/v2\/media?parent=543910"}],"wp:term":[{"taxonomy":"category","embeddable":true,"href":"https:\/\/casadecampoliving.com\/es\/wp-json\/wp\/v2\/categories?post=543910"},{"taxonomy":"post_tag","embeddable":true,"href":"https:\/\/casadecampoliving.com\/es\/wp-json\/wp\/v2\/tags?post=543910"},{"taxonomy":"newspack_spnsrs_tax","embeddable":true,"href":"https:\/\/casadecampoliving.com\/es\/wp-json\/wp\/v2\/newspack_spnsrs_tax?post=543910"}],"curies":[{"name":"wp","href":"https:\/\/api.w.org\/{rel}","templated":true}]}}