{"id":542442,"date":"2025-07-01T12:58:48","date_gmt":"2025-07-01T16:58:48","guid":{"rendered":"https:\/\/casadecampoliving.com\/?p=542442"},"modified":"2025-07-02T14:13:42","modified_gmt":"2025-07-02T18:13:42","slug":"casa-de-campo-inaugura-el-wine-tasting-series-2025-con-un-brindis-a-argentina","status":"publish","type":"post","link":"https:\/\/casadecampoliving.com\/es\/casa-de-campo-inaugura-el-wine-tasting-series-2025-con-un-brindis-a-argentina\/","title":{"rendered":"Casa de Campo inaugura el Wine Tasting Series 2025 con un brindis a Argentina"},"content":{"rendered":"\n<p>Casa de Campo Resort &amp; Villas da inicio a su esperada Wine Tasting Series 2025 este fin de semana con un homenaje especial a Argentina. El evento se celebrar\u00e1 en La Piazzetta los d\u00edas 4 y 5 de julio a las 7:00 p.m., e incluir\u00e1 una cena de siete tiempos maridada con una selecci\u00f3n de vinos de clase mundial y dirigida por el sommelier certificado Eduardo Garc\u00eda.<\/p>\n\n\n<div class=\"wp-block-image\">\n<figure class=\"alignright size-large\"><img data-recalc-dims=\"1\" loading=\"lazy\" decoding=\"async\" width=\"682\" height=\"1024\" src=\"https:\/\/i0.wp.com\/casadecampoliving.com\/wp-content\/uploads\/2024\/09\/Wine-Tasting-Series-June-2024-1.jpg?resize=682%2C1024&#038;ssl=1\" alt=\"\" class=\"wp-image-532846\" srcset=\"https:\/\/i0.wp.com\/casadecampoliving.com\/wp-content\/uploads\/2024\/09\/Wine-Tasting-Series-June-2024-1.jpg?resize=682%2C1024&amp;ssl=1 682w, https:\/\/i0.wp.com\/casadecampoliving.com\/wp-content\/uploads\/2024\/09\/Wine-Tasting-Series-June-2024-1.jpg?resize=200%2C300&amp;ssl=1 200w, https:\/\/i0.wp.com\/casadecampoliving.com\/wp-content\/uploads\/2024\/09\/Wine-Tasting-Series-June-2024-1.jpg?resize=768%2C1152&amp;ssl=1 768w, https:\/\/i0.wp.com\/casadecampoliving.com\/wp-content\/uploads\/2024\/09\/Wine-Tasting-Series-June-2024-1.jpg?resize=1024%2C1536&amp;ssl=1 1024w, https:\/\/i0.wp.com\/casadecampoliving.com\/wp-content\/uploads\/2024\/09\/Wine-Tasting-Series-June-2024-1.jpg?resize=1200%2C1800&amp;ssl=1 1200w, https:\/\/i0.wp.com\/casadecampoliving.com\/wp-content\/uploads\/2024\/09\/Wine-Tasting-Series-June-2024-1.jpg?resize=400%2C600&amp;ssl=1 400w, https:\/\/i0.wp.com\/casadecampoliving.com\/wp-content\/uploads\/2024\/09\/Wine-Tasting-Series-June-2024-1.jpg?resize=1320%2C1980&amp;ssl=1 1320w, https:\/\/i0.wp.com\/casadecampoliving.com\/wp-content\/uploads\/2024\/09\/Wine-Tasting-Series-June-2024-1.jpg?resize=150%2C225&amp;ssl=1 150w, https:\/\/i0.wp.com\/casadecampoliving.com\/wp-content\/uploads\/2024\/09\/Wine-Tasting-Series-June-2024-1.jpg?w=1333&amp;ssl=1 1333w, https:\/\/i0.wp.com\/casadecampoliving.com\/wp-content\/uploads\/2024\/09\/Wine-Tasting-Series-June-2024-1-682x1024.jpg?w=370&amp;ssl=1 370w\" sizes=\"auto, (max-width: 682px) 100vw, 682px\" \/><\/figure>\n<\/div>\n\n\n<p>Ubicada en el coraz\u00f3n de Altos de Chav\u00f3n, la velada invita a sumergirse en las regiones vin\u00edcolas m\u00e1s reconocidas de Argentina. Los asistentes podr\u00e1n explorar una cuidada selecci\u00f3n de vinos tintos intensos y blancos vibrantes, acompa\u00f1ados por platos dise\u00f1ados por el director culinario de Casa de Campo, el chef Rodrigo Men\u00e9ndez. Cada tiempo resalta sabores que reflejan la riqueza y complejidad del terroir argentino.<\/p>\n\n\n\n<p>\u201cLa armon\u00eda entre los vinos y los platos es clave para crear una experiencia sensorial inolvidable,\u201d afirm\u00f3 Men\u00e9ndez.<\/p>\n\n\n\n<p>El evento ofrece m\u00e1s que maridajes excepcionales: es una oportunidad para compartir con otros amantes del vino en un ambiente animado e \u00edntimo, con vista a los encantadores adoquines de Altos de Chav\u00f3n.<\/p>\n\n\n\n<p>El precio es de US$200 por persona, m\u00e1s impuestos. Los cupos son limitados y se requiere reservaci\u00f3n. Para reservar, comun\u00edquese con el concierge a las extensiones 3165 \/ 3166 o escriba a <a href=\"mailto:concierge@ccampo.com.do\">concierge@ccampo.com.do<\/a>.<\/p>\n\n\n\n<figure class=\"wp-block-image size-large\"><img data-recalc-dims=\"1\" loading=\"lazy\" decoding=\"async\" width=\"1024\" height=\"682\" src=\"https:\/\/i0.wp.com\/casadecampoliving.com\/wp-content\/uploads\/2024\/09\/Wine-Tasting-Series-June-2024-5.jpg?resize=1024%2C682&#038;ssl=1\" alt=\"\" class=\"wp-image-532848\" srcset=\"https:\/\/i0.wp.com\/casadecampoliving.com\/wp-content\/uploads\/2024\/09\/Wine-Tasting-Series-June-2024-5.jpg?resize=1024%2C682&amp;ssl=1 1024w, https:\/\/i0.wp.com\/casadecampoliving.com\/wp-content\/uploads\/2024\/09\/Wine-Tasting-Series-June-2024-5.jpg?resize=300%2C200&amp;ssl=1 300w, https:\/\/i0.wp.com\/casadecampoliving.com\/wp-content\/uploads\/2024\/09\/Wine-Tasting-Series-June-2024-5.jpg?resize=768%2C512&amp;ssl=1 768w, https:\/\/i0.wp.com\/casadecampoliving.com\/wp-content\/uploads\/2024\/09\/Wine-Tasting-Series-June-2024-5.jpg?resize=1536%2C1024&amp;ssl=1 1536w, https:\/\/i0.wp.com\/casadecampoliving.com\/wp-content\/uploads\/2024\/09\/Wine-Tasting-Series-June-2024-5.jpg?resize=1200%2C800&amp;ssl=1 1200w, https:\/\/i0.wp.com\/casadecampoliving.com\/wp-content\/uploads\/2024\/09\/Wine-Tasting-Series-June-2024-5.jpg?resize=1568%2C1045&amp;ssl=1 1568w, https:\/\/i0.wp.com\/casadecampoliving.com\/wp-content\/uploads\/2024\/09\/Wine-Tasting-Series-June-2024-5.jpg?resize=400%2C267&amp;ssl=1 400w, https:\/\/i0.wp.com\/casadecampoliving.com\/wp-content\/uploads\/2024\/09\/Wine-Tasting-Series-June-2024-5.jpg?resize=1320%2C880&amp;ssl=1 1320w, https:\/\/i0.wp.com\/casadecampoliving.com\/wp-content\/uploads\/2024\/09\/Wine-Tasting-Series-June-2024-5.jpg?resize=150%2C100&amp;ssl=1 150w, https:\/\/i0.wp.com\/casadecampoliving.com\/wp-content\/uploads\/2024\/09\/Wine-Tasting-Series-June-2024-5.jpg?w=2000&amp;ssl=1 2000w, https:\/\/i0.wp.com\/casadecampoliving.com\/wp-content\/uploads\/2024\/09\/Wine-Tasting-Series-June-2024-5-1024x682.jpg?w=370&amp;ssl=1 370w\" sizes=\"auto, (max-width: 1000px) 100vw, 1000px\" \/><\/figure>\n\n\n\n<p>Esta edici\u00f3n dedicada a Argentina marca el inicio de una serie de catas internacionales programadas durante todo el a\u00f1o. Muy pronto, el Wine Tasting Series 2025 continuar\u00e1 con vinos de distintas partes del mundo.<\/p>\n\n\n\n<p><em>\u00bfQuieres saber lo que te espera? Haz <a href=\"https:\/\/casadecampoliving.com\/tag\/wine-tasting-series\/\">clic <\/a><a href=\"https:\/\/casadecampoliving.com\/tag\/wine-tasting-series\/\" target=\"_blank\" rel=\"noreferrer noopener\">aqu\u00ed<\/a> para ver fotos y res\u00famenes de los eventos del a\u00f1o pasado y descubre por qu\u00e9 esta serie se ha convertido en una cita obligada para los amantes del vino de toda la comunidad.<\/em><\/p>\n\n\n\n<div class=\"wp-block-group\"><div class=\"wp-block-group__inner-container is-layout-constrained wp-block-group-is-layout-constrained\">\n<div class=\"wp-block-group is-style-border has-light-gray-background-color has-background\"><div class=\"wp-block-group__inner-container is-layout-constrained wp-block-group-is-layout-constrained\">\n<h2 class=\"wp-block-heading\">Wine Tasting Series: Argentina<\/h2>\n\n\n\n<figure class=\"wp-block-image size-large\"><img data-recalc-dims=\"1\" loading=\"lazy\" decoding=\"async\" width=\"1024\" height=\"538\" src=\"https:\/\/i0.wp.com\/casadecampoliving.com\/wp-content\/uploads\/2025\/07\/WhatsApp-Image-2025-07-01-at-1.17.47-PM.jpeg?resize=1024%2C538&#038;ssl=1\" alt=\"\" class=\"wp-image-542369\" srcset=\"https:\/\/i0.wp.com\/casadecampoliving.com\/wp-content\/uploads\/2025\/07\/WhatsApp-Image-2025-07-01-at-1.17.47-PM.jpeg?resize=1024%2C538&amp;ssl=1 1024w, https:\/\/i0.wp.com\/casadecampoliving.com\/wp-content\/uploads\/2025\/07\/WhatsApp-Image-2025-07-01-at-1.17.47-PM.jpeg?resize=300%2C158&amp;ssl=1 300w, https:\/\/i0.wp.com\/casadecampoliving.com\/wp-content\/uploads\/2025\/07\/WhatsApp-Image-2025-07-01-at-1.17.47-PM.jpeg?resize=768%2C403&amp;ssl=1 768w, https:\/\/i0.wp.com\/casadecampoliving.com\/wp-content\/uploads\/2025\/07\/WhatsApp-Image-2025-07-01-at-1.17.47-PM.jpeg?resize=780%2C410&amp;ssl=1 780w, https:\/\/i0.wp.com\/casadecampoliving.com\/wp-content\/uploads\/2025\/07\/WhatsApp-Image-2025-07-01-at-1.17.47-PM.jpeg?resize=400%2C210&amp;ssl=1 400w, https:\/\/i0.wp.com\/casadecampoliving.com\/wp-content\/uploads\/2025\/07\/WhatsApp-Image-2025-07-01-at-1.17.47-PM.jpeg?resize=150%2C79&amp;ssl=1 150w, https:\/\/i0.wp.com\/casadecampoliving.com\/wp-content\/uploads\/2025\/07\/WhatsApp-Image-2025-07-01-at-1.17.47-PM.jpeg?w=1200&amp;ssl=1 1200w, https:\/\/i0.wp.com\/casadecampoliving.com\/wp-content\/uploads\/2025\/07\/WhatsApp-Image-2025-07-01-at-1.17.47-PM-1024x538.jpeg?w=370&amp;ssl=1 370w\" sizes=\"auto, (max-width: 1000px) 100vw, 1000px\" \/><\/figure>\n\n\n\n<p><strong>Where:<\/strong> La Piazzetta Restaurant<br><strong>When:<\/strong> July 4 and 5<br><strong>Reservations:<\/strong> Starting at 7 p.m.<br><strong>Price per person:<\/strong> US$200.00 + tax<\/p>\n\n\n\n<p><em>Space is limited. To reserve, please get in touch with the concierge or the restaurant directly.<\/em><\/p>\n<\/div><\/div>\n<\/div><\/div>\n","protected":false},"excerpt":{"rendered":"<p>Casa de Campo Resort &amp; Villas da inicio a su esperada Wine Tasting Series 2025 este fin de semana con un homenaje especial a Argentina. El evento se celebrar\u00e1 en La Piazzetta los d\u00edas 4 y 5 de julio a las 7:00 p.m., e incluir\u00e1 una cena de siete tiempos maridada con una selecci\u00f3n de [&hellip;]<\/p>\n","protected":false},"author":36791,"featured_media":531907,"comment_status":"closed","ping_status":"closed","sticky":false,"template":"","format":"standard","meta":{"newspack_ads_suppress_ads":false,"newspack_popups_has_disabled_popups":false,"newspack_sponsor_sponsorship_scope":"","newspack_sponsor_native_byline_display":"inherit","newspack_sponsor_native_category_display":"inherit","newspack_sponsor_underwriter_style":"inherit","newspack_sponsor_underwriter_placement":"inherit","_newspack_byline_active":false,"_newspack_byline":"","newspack_hide_updated_date":false,"newspack_show_updated_date":false,"newspack_content_restriction_is_exempt":false,"newspack_featured_image_position":"large","newspack_post_subtitle":"Degusta los mejores vinos argentinos con una cena de siete tiempos, del 4 al 5 de julio en La Piazzetta","newspack_article_summary_title":"Overview:","newspack_article_summary":"","_jetpack_memberships_contains_paid_content":false,"footnotes":"","jetpack_publicize_message":"","jetpack_publicize_feature_enabled":true,"jetpack_social_post_already_shared":false,"jetpack_social_options":{"image_generator_settings":{"template":"highway","default_image_id":0,"enabled":false},"version":2},"_wpas_customize_per_network":false},"categories":[26577,26392,14629,2522,23889,14627],"tags":[27100,3626,14736,27841],"newspack_spnsrs_tax":[],"class_list":["post-542442","post","type-post","status-publish","format-standard","has-post-thumbnail","hentry","category-altos-de-chavon-6","category-casa-de-campo-resort-villas","category-comidas-bebidas","category-eventos-es","category-lifestyle-2","category-proximamente","tag-altos-de-chavon-es-7","tag-casa-de-campo-es","tag-featured-topview-es","tag-wine-tasting-series-es","entry"],"yoast_head":"<!-- This site is optimized with the Yoast SEO plugin v27.4 - https:\/\/yoast.com\/product\/yoast-seo-wordpress\/ -->\n<title>Casa de Campo inaugura el Wine Tasting Series 2025 con un brindis a Argentina | Casa de Campo Living<\/title>\n<meta name=\"description\" content=\"Casa de Campo Resort &amp; Villas da inicio a su esperada Wine Tasting Series 2025 este fin de semana con un homenaje especial a Argentina. El evento se\" \/>\n<meta name=\"robots\" content=\"index, follow, max-snippet:-1, max-image-preview:large, max-video-preview:-1\" \/>\n<link rel=\"canonical\" href=\"https:\/\/casadecampoliving.com\/es\/casa-de-campo-inaugura-el-wine-tasting-series-2025-con-un-brindis-a-argentina\/\" \/>\n<meta property=\"og:locale\" content=\"es_ES\" \/>\n<meta property=\"og:type\" content=\"article\" \/>\n<meta property=\"og:title\" content=\"Casa de Campo inaugura el Wine Tasting Series 2025 con un brindis a Argentina | Casa de Campo Living\" \/>\n<meta property=\"og:description\" content=\"Casa de Campo Resort &amp; Villas da inicio a su esperada Wine Tasting Series 2025 este fin de semana con un homenaje especial a Argentina. El evento se\" \/>\n<meta property=\"og:url\" content=\"https:\/\/casadecampoliving.com\/es\/casa-de-campo-inaugura-el-wine-tasting-series-2025-con-un-brindis-a-argentina\/\" \/>\n<meta property=\"og:site_name\" content=\"Casa de Campo Living\" \/>\n<meta property=\"article:publisher\" content=\"https:\/\/www.facebook.com\/casadecampoliving\" \/>\n<meta property=\"article:published_time\" content=\"2025-07-01T16:58:48+00:00\" \/>\n<meta property=\"article:modified_time\" content=\"2025-07-02T18:13:42+00:00\" \/>\n<meta property=\"og:image\" content=\"https:\/\/casadecampoliving.com\/wp-content\/uploads\/2024\/06\/DSC06201-scaled.jpg\" \/>\n\t<meta property=\"og:image:width\" content=\"2560\" \/>\n\t<meta property=\"og:image:height\" content=\"1707\" \/>\n\t<meta property=\"og:image:type\" content=\"image\/jpeg\" \/>\n<meta name=\"author\" content=\"Casa de Campo Living\" \/>\n<meta name=\"twitter:card\" content=\"summary_large_image\" \/>\n<meta name=\"twitter:creator\" content=\"@cdcliving\" \/>\n<meta name=\"twitter:site\" content=\"@cdcliving\" \/>\n<meta name=\"twitter:label1\" content=\"Escrito por\" \/>\n\t<meta name=\"twitter:data1\" content=\"Casa de Campo Living\" \/>\n\t<meta name=\"twitter:label2\" content=\"Tiempo de lectura\" \/>\n\t<meta name=\"twitter:data2\" content=\"3 minutos\" \/>\n<script type=\"application\/ld+json\" class=\"yoast-schema-graph\">{\"@context\":\"https:\\\/\\\/schema.org\",\"@graph\":[{\"@type\":\"Article\",\"@id\":\"https:\\\/\\\/casadecampoliving.com\\\/es\\\/casa-de-campo-inaugura-el-wine-tasting-series-2025-con-un-brindis-a-argentina\\\/#article\",\"isPartOf\":{\"@id\":\"https:\\\/\\\/casadecampoliving.com\\\/es\\\/casa-de-campo-inaugura-el-wine-tasting-series-2025-con-un-brindis-a-argentina\\\/\"},\"author\":{\"name\":\"Casa de Campo Living\",\"@id\":\"https:\\\/\\\/casadecampoliving.com\\\/es\\\/#\\\/schema\\\/person\\\/5d2171637a9d11e0e43ce6b8555f9422\"},\"headline\":\"Casa de Campo inaugura el Wine Tasting Series 2025 con un brindis a Argentina\",\"datePublished\":\"2025-07-01T16:58:48+00:00\",\"dateModified\":\"2025-07-02T18:13:42+00:00\",\"mainEntityOfPage\":{\"@id\":\"https:\\\/\\\/casadecampoliving.com\\\/es\\\/casa-de-campo-inaugura-el-wine-tasting-series-2025-con-un-brindis-a-argentina\\\/\"},\"wordCount\":360,\"publisher\":{\"@id\":\"https:\\\/\\\/casadecampoliving.com\\\/es\\\/#organization\"},\"image\":{\"@id\":\"https:\\\/\\\/casadecampoliving.com\\\/es\\\/casa-de-campo-inaugura-el-wine-tasting-series-2025-con-un-brindis-a-argentina\\\/#primaryimage\"},\"thumbnailUrl\":\"https:\\\/\\\/i0.wp.com\\\/casadecampoliving.com\\\/wp-content\\\/uploads\\\/2024\\\/06\\\/DSC06201-scaled.jpg?fit=2560%2C1707&ssl=1\",\"keywords\":[\"Altos de Chav\u00f3n @es\",\"casa de campo @es\",\"Featured-TopView @es\",\"wine tasting Series @es\"],\"articleSection\":[\"Altos de Chav\u00f3n\",\"Casa de Campo Resort &amp; Villas\",\"Comidas &amp; Bebidas\",\"Eventos\",\"Lifestyle\",\"Proximamente\"],\"inLanguage\":\"es\"},{\"@type\":\"WebPage\",\"@id\":\"https:\\\/\\\/casadecampoliving.com\\\/es\\\/casa-de-campo-inaugura-el-wine-tasting-series-2025-con-un-brindis-a-argentina\\\/\",\"url\":\"https:\\\/\\\/casadecampoliving.com\\\/es\\\/casa-de-campo-inaugura-el-wine-tasting-series-2025-con-un-brindis-a-argentina\\\/\",\"name\":\"Casa de Campo inaugura el Wine Tasting Series 2025 con un brindis a Argentina | Casa de Campo Living\",\"isPartOf\":{\"@id\":\"https:\\\/\\\/casadecampoliving.com\\\/es\\\/#website\"},\"primaryImageOfPage\":{\"@id\":\"https:\\\/\\\/casadecampoliving.com\\\/es\\\/casa-de-campo-inaugura-el-wine-tasting-series-2025-con-un-brindis-a-argentina\\\/#primaryimage\"},\"image\":{\"@id\":\"https:\\\/\\\/casadecampoliving.com\\\/es\\\/casa-de-campo-inaugura-el-wine-tasting-series-2025-con-un-brindis-a-argentina\\\/#primaryimage\"},\"thumbnailUrl\":\"https:\\\/\\\/i0.wp.com\\\/casadecampoliving.com\\\/wp-content\\\/uploads\\\/2024\\\/06\\\/DSC06201-scaled.jpg?fit=2560%2C1707&ssl=1\",\"datePublished\":\"2025-07-01T16:58:48+00:00\",\"dateModified\":\"2025-07-02T18:13:42+00:00\",\"description\":\"Casa de Campo Resort &amp; Villas da inicio a su esperada Wine Tasting Series 2025 este fin de semana con un homenaje especial a Argentina. El evento se\",\"breadcrumb\":{\"@id\":\"https:\\\/\\\/casadecampoliving.com\\\/es\\\/casa-de-campo-inaugura-el-wine-tasting-series-2025-con-un-brindis-a-argentina\\\/#breadcrumb\"},\"inLanguage\":\"es\",\"potentialAction\":[{\"@type\":\"ReadAction\",\"target\":[\"https:\\\/\\\/casadecampoliving.com\\\/es\\\/casa-de-campo-inaugura-el-wine-tasting-series-2025-con-un-brindis-a-argentina\\\/\"]}]},{\"@type\":\"ImageObject\",\"inLanguage\":\"es\",\"@id\":\"https:\\\/\\\/casadecampoliving.com\\\/es\\\/casa-de-campo-inaugura-el-wine-tasting-series-2025-con-un-brindis-a-argentina\\\/#primaryimage\",\"url\":\"https:\\\/\\\/i0.wp.com\\\/casadecampoliving.com\\\/wp-content\\\/uploads\\\/2024\\\/06\\\/DSC06201-scaled.jpg?fit=2560%2C1707&ssl=1\",\"contentUrl\":\"https:\\\/\\\/i0.wp.com\\\/casadecampoliving.com\\\/wp-content\\\/uploads\\\/2024\\\/06\\\/DSC06201-scaled.jpg?fit=2560%2C1707&ssl=1\",\"width\":2560,\"height\":1707,\"caption\":\"Photo courtesy of Casa de Campo\"},{\"@type\":\"BreadcrumbList\",\"@id\":\"https:\\\/\\\/casadecampoliving.com\\\/es\\\/casa-de-campo-inaugura-el-wine-tasting-series-2025-con-un-brindis-a-argentina\\\/#breadcrumb\",\"itemListElement\":[{\"@type\":\"ListItem\",\"position\":1,\"name\":\"Home\",\"item\":\"https:\\\/\\\/casadecampoliving.com\\\/es\\\/\"},{\"@type\":\"ListItem\",\"position\":2,\"name\":\"Casa de Campo inaugura el Wine Tasting Series 2025 con un brindis a Argentina\"}]},{\"@type\":\"WebSite\",\"@id\":\"https:\\\/\\\/casadecampoliving.com\\\/es\\\/#website\",\"url\":\"https:\\\/\\\/casadecampoliving.com\\\/es\\\/\",\"name\":\"Casa de Campo Living\",\"description\":\"Resort community news and resources.\",\"publisher\":{\"@id\":\"https:\\\/\\\/casadecampoliving.com\\\/es\\\/#organization\"},\"potentialAction\":[{\"@type\":\"SearchAction\",\"target\":{\"@type\":\"EntryPoint\",\"urlTemplate\":\"https:\\\/\\\/casadecampoliving.com\\\/es\\\/?s={search_term_string}\"},\"query-input\":{\"@type\":\"PropertyValueSpecification\",\"valueRequired\":true,\"valueName\":\"search_term_string\"}}],\"inLanguage\":\"es\"},{\"@type\":\"Organization\",\"@id\":\"https:\\\/\\\/casadecampoliving.com\\\/es\\\/#organization\",\"name\":\"Casa de Campo Living\",\"url\":\"https:\\\/\\\/casadecampoliving.com\\\/es\\\/\",\"logo\":{\"@type\":\"ImageObject\",\"inLanguage\":\"es\",\"@id\":\"https:\\\/\\\/casadecampoliving.com\\\/es\\\/#\\\/schema\\\/logo\\\/image\\\/\",\"url\":\"https:\\\/\\\/i0.wp.com\\\/casadecampoliving.com\\\/wp-content\\\/uploads\\\/2022\\\/07\\\/CDCLivingLogo_V1-white-sized.png?fit=800%2C214&ssl=1\",\"contentUrl\":\"https:\\\/\\\/i0.wp.com\\\/casadecampoliving.com\\\/wp-content\\\/uploads\\\/2022\\\/07\\\/CDCLivingLogo_V1-white-sized.png?fit=800%2C214&ssl=1\",\"width\":800,\"height\":214,\"caption\":\"Casa de Campo Living\"},\"image\":{\"@id\":\"https:\\\/\\\/casadecampoliving.com\\\/es\\\/#\\\/schema\\\/logo\\\/image\\\/\"},\"sameAs\":[\"https:\\\/\\\/www.facebook.com\\\/casadecampoliving\",\"https:\\\/\\\/x.com\\\/cdcliving\"]},{\"@type\":\"Person\",\"@id\":\"https:\\\/\\\/casadecampoliving.com\\\/es\\\/#\\\/schema\\\/person\\\/5d2171637a9d11e0e43ce6b8555f9422\",\"name\":\"Casa de Campo Living\",\"image\":{\"@type\":\"ImageObject\",\"inLanguage\":\"es\",\"@id\":\"https:\\\/\\\/secure.gravatar.com\\\/avatar\\\/d04101fa4a9fd431e939953b1500fdc7a73cd35029f86d98712fd8ccdaebaf9a?s=96&d=mm&r=g\",\"url\":\"https:\\\/\\\/secure.gravatar.com\\\/avatar\\\/d04101fa4a9fd431e939953b1500fdc7a73cd35029f86d98712fd8ccdaebaf9a?s=96&d=mm&r=g\",\"contentUrl\":\"https:\\\/\\\/secure.gravatar.com\\\/avatar\\\/d04101fa4a9fd431e939953b1500fdc7a73cd35029f86d98712fd8ccdaebaf9a?s=96&d=mm&r=g\",\"caption\":\"Casa de Campo Living\"},\"url\":\"https:\\\/\\\/casadecampoliving.com\\\/es\\\/author\\\/casa-de-campo-living\\\/\"}]}<\/script>\n<!-- \/ Yoast SEO plugin. -->","yoast_head_json":{"title":"Casa de Campo inaugura el Wine Tasting Series 2025 con un brindis a Argentina | Casa de Campo Living","description":"Casa de Campo Resort &amp; Villas da inicio a su esperada Wine Tasting Series 2025 este fin de semana con un homenaje especial a Argentina. El evento se","robots":{"index":"index","follow":"follow","max-snippet":"max-snippet:-1","max-image-preview":"max-image-preview:large","max-video-preview":"max-video-preview:-1"},"canonical":"https:\/\/casadecampoliving.com\/es\/casa-de-campo-inaugura-el-wine-tasting-series-2025-con-un-brindis-a-argentina\/","og_locale":"es_ES","og_type":"article","og_title":"Casa de Campo inaugura el Wine Tasting Series 2025 con un brindis a Argentina | Casa de Campo Living","og_description":"Casa de Campo Resort &amp; Villas da inicio a su esperada Wine Tasting Series 2025 este fin de semana con un homenaje especial a Argentina. El evento se","og_url":"https:\/\/casadecampoliving.com\/es\/casa-de-campo-inaugura-el-wine-tasting-series-2025-con-un-brindis-a-argentina\/","og_site_name":"Casa de Campo Living","article_publisher":"https:\/\/www.facebook.com\/casadecampoliving","article_published_time":"2025-07-01T16:58:48+00:00","article_modified_time":"2025-07-02T18:13:42+00:00","og_image":[{"width":2560,"height":1707,"url":"https:\/\/casadecampoliving.com\/wp-content\/uploads\/2024\/06\/DSC06201-scaled.jpg","type":"image\/jpeg"}],"author":"Casa de Campo Living","twitter_card":"summary_large_image","twitter_creator":"@cdcliving","twitter_site":"@cdcliving","twitter_misc":{"Escrito por":"Casa de Campo Living","Tiempo de lectura":"3 minutos"},"schema":{"@context":"https:\/\/schema.org","@graph":[{"@type":"Article","@id":"https:\/\/casadecampoliving.com\/es\/casa-de-campo-inaugura-el-wine-tasting-series-2025-con-un-brindis-a-argentina\/#article","isPartOf":{"@id":"https:\/\/casadecampoliving.com\/es\/casa-de-campo-inaugura-el-wine-tasting-series-2025-con-un-brindis-a-argentina\/"},"author":{"name":"Casa de Campo Living","@id":"https:\/\/casadecampoliving.com\/es\/#\/schema\/person\/5d2171637a9d11e0e43ce6b8555f9422"},"headline":"Casa de Campo inaugura el Wine Tasting Series 2025 con un brindis a Argentina","datePublished":"2025-07-01T16:58:48+00:00","dateModified":"2025-07-02T18:13:42+00:00","mainEntityOfPage":{"@id":"https:\/\/casadecampoliving.com\/es\/casa-de-campo-inaugura-el-wine-tasting-series-2025-con-un-brindis-a-argentina\/"},"wordCount":360,"publisher":{"@id":"https:\/\/casadecampoliving.com\/es\/#organization"},"image":{"@id":"https:\/\/casadecampoliving.com\/es\/casa-de-campo-inaugura-el-wine-tasting-series-2025-con-un-brindis-a-argentina\/#primaryimage"},"thumbnailUrl":"https:\/\/i0.wp.com\/casadecampoliving.com\/wp-content\/uploads\/2024\/06\/DSC06201-scaled.jpg?fit=2560%2C1707&ssl=1","keywords":["Altos de Chav\u00f3n @es","casa de campo @es","Featured-TopView @es","wine tasting Series @es"],"articleSection":["Altos de Chav\u00f3n","Casa de Campo Resort &amp; Villas","Comidas &amp; Bebidas","Eventos","Lifestyle","Proximamente"],"inLanguage":"es"},{"@type":"WebPage","@id":"https:\/\/casadecampoliving.com\/es\/casa-de-campo-inaugura-el-wine-tasting-series-2025-con-un-brindis-a-argentina\/","url":"https:\/\/casadecampoliving.com\/es\/casa-de-campo-inaugura-el-wine-tasting-series-2025-con-un-brindis-a-argentina\/","name":"Casa de Campo inaugura el Wine Tasting Series 2025 con un brindis a Argentina | Casa de Campo Living","isPartOf":{"@id":"https:\/\/casadecampoliving.com\/es\/#website"},"primaryImageOfPage":{"@id":"https:\/\/casadecampoliving.com\/es\/casa-de-campo-inaugura-el-wine-tasting-series-2025-con-un-brindis-a-argentina\/#primaryimage"},"image":{"@id":"https:\/\/casadecampoliving.com\/es\/casa-de-campo-inaugura-el-wine-tasting-series-2025-con-un-brindis-a-argentina\/#primaryimage"},"thumbnailUrl":"https:\/\/i0.wp.com\/casadecampoliving.com\/wp-content\/uploads\/2024\/06\/DSC06201-scaled.jpg?fit=2560%2C1707&ssl=1","datePublished":"2025-07-01T16:58:48+00:00","dateModified":"2025-07-02T18:13:42+00:00","description":"Casa de Campo Resort &amp; Villas da inicio a su esperada Wine Tasting Series 2025 este fin de semana con un homenaje especial a Argentina. El evento se","breadcrumb":{"@id":"https:\/\/casadecampoliving.com\/es\/casa-de-campo-inaugura-el-wine-tasting-series-2025-con-un-brindis-a-argentina\/#breadcrumb"},"inLanguage":"es","potentialAction":[{"@type":"ReadAction","target":["https:\/\/casadecampoliving.com\/es\/casa-de-campo-inaugura-el-wine-tasting-series-2025-con-un-brindis-a-argentina\/"]}]},{"@type":"ImageObject","inLanguage":"es","@id":"https:\/\/casadecampoliving.com\/es\/casa-de-campo-inaugura-el-wine-tasting-series-2025-con-un-brindis-a-argentina\/#primaryimage","url":"https:\/\/i0.wp.com\/casadecampoliving.com\/wp-content\/uploads\/2024\/06\/DSC06201-scaled.jpg?fit=2560%2C1707&ssl=1","contentUrl":"https:\/\/i0.wp.com\/casadecampoliving.com\/wp-content\/uploads\/2024\/06\/DSC06201-scaled.jpg?fit=2560%2C1707&ssl=1","width":2560,"height":1707,"caption":"Photo courtesy of Casa de Campo"},{"@type":"BreadcrumbList","@id":"https:\/\/casadecampoliving.com\/es\/casa-de-campo-inaugura-el-wine-tasting-series-2025-con-un-brindis-a-argentina\/#breadcrumb","itemListElement":[{"@type":"ListItem","position":1,"name":"Home","item":"https:\/\/casadecampoliving.com\/es\/"},{"@type":"ListItem","position":2,"name":"Casa de Campo inaugura el Wine Tasting Series 2025 con un brindis a Argentina"}]},{"@type":"WebSite","@id":"https:\/\/casadecampoliving.com\/es\/#website","url":"https:\/\/casadecampoliving.com\/es\/","name":"Casa de Campo Living","description":"Resort community news and resources.","publisher":{"@id":"https:\/\/casadecampoliving.com\/es\/#organization"},"potentialAction":[{"@type":"SearchAction","target":{"@type":"EntryPoint","urlTemplate":"https:\/\/casadecampoliving.com\/es\/?s={search_term_string}"},"query-input":{"@type":"PropertyValueSpecification","valueRequired":true,"valueName":"search_term_string"}}],"inLanguage":"es"},{"@type":"Organization","@id":"https:\/\/casadecampoliving.com\/es\/#organization","name":"Casa de Campo Living","url":"https:\/\/casadecampoliving.com\/es\/","logo":{"@type":"ImageObject","inLanguage":"es","@id":"https:\/\/casadecampoliving.com\/es\/#\/schema\/logo\/image\/","url":"https:\/\/i0.wp.com\/casadecampoliving.com\/wp-content\/uploads\/2022\/07\/CDCLivingLogo_V1-white-sized.png?fit=800%2C214&ssl=1","contentUrl":"https:\/\/i0.wp.com\/casadecampoliving.com\/wp-content\/uploads\/2022\/07\/CDCLivingLogo_V1-white-sized.png?fit=800%2C214&ssl=1","width":800,"height":214,"caption":"Casa de Campo Living"},"image":{"@id":"https:\/\/casadecampoliving.com\/es\/#\/schema\/logo\/image\/"},"sameAs":["https:\/\/www.facebook.com\/casadecampoliving","https:\/\/x.com\/cdcliving"]},{"@type":"Person","@id":"https:\/\/casadecampoliving.com\/es\/#\/schema\/person\/5d2171637a9d11e0e43ce6b8555f9422","name":"Casa de Campo Living","image":{"@type":"ImageObject","inLanguage":"es","@id":"https:\/\/secure.gravatar.com\/avatar\/d04101fa4a9fd431e939953b1500fdc7a73cd35029f86d98712fd8ccdaebaf9a?s=96&d=mm&r=g","url":"https:\/\/secure.gravatar.com\/avatar\/d04101fa4a9fd431e939953b1500fdc7a73cd35029f86d98712fd8ccdaebaf9a?s=96&d=mm&r=g","contentUrl":"https:\/\/secure.gravatar.com\/avatar\/d04101fa4a9fd431e939953b1500fdc7a73cd35029f86d98712fd8ccdaebaf9a?s=96&d=mm&r=g","caption":"Casa de Campo Living"},"url":"https:\/\/casadecampoliving.com\/es\/author\/casa-de-campo-living\/"}]}},"parsely":{"version":"1.1.0","canonical_url":"https:\/\/casadecampoliving.com\/es\/casa-de-campo-inaugura-el-wine-tasting-series-2025-con-un-brindis-a-argentina\/","smart_links":{"inbound":0,"outbound":0},"traffic_boost_suggestions_count":0,"meta":{"@context":"https:\/\/schema.org","@type":"NewsArticle","headline":"Casa de Campo inaugura el Wine Tasting Series 2025 con un brindis a Argentina","url":"http:\/\/casadecampoliving.com\/es\/casa-de-campo-inaugura-el-wine-tasting-series-2025-con-un-brindis-a-argentina\/","mainEntityOfPage":{"@type":"WebPage","@id":"http:\/\/casadecampoliving.com\/es\/casa-de-campo-inaugura-el-wine-tasting-series-2025-con-un-brindis-a-argentina\/"},"thumbnailUrl":"https:\/\/i0.wp.com\/casadecampoliving.com\/wp-content\/uploads\/2024\/06\/DSC06201-scaled.jpg?resize=150%2C150&ssl=1","image":{"@type":"ImageObject","url":"https:\/\/i0.wp.com\/casadecampoliving.com\/wp-content\/uploads\/2024\/06\/DSC06201-scaled.jpg?fit=2560%2C1707&ssl=1"},"articleSection":"Altos de Chav\u00f3n","author":[{"@type":"Person","name":"Casa de Campo Living"}],"creator":["Casa de Campo Living"],"publisher":{"@type":"Organization","name":"Casa de Campo Living","logo":"https:\/\/casadecampoliving.com\/wp-content\/uploads\/2022\/07\/CDCLivingLogo_V1-white-sized.png"},"keywords":["altos de chav\u00f3n @es","casa de campo @es","featured-topview @es","wine tasting series @es"],"dateCreated":"2025-07-01T16:58:48Z","datePublished":"2025-07-01T16:58:48Z","dateModified":"2025-07-02T18:13:42Z"},"rendered":"<script type=\"application\/ld+json\" class=\"wp-parsely-metadata\">{\"@context\":\"https:\\\/\\\/schema.org\",\"@type\":\"NewsArticle\",\"headline\":\"Casa de Campo inaugura el Wine Tasting Series 2025 con un brindis a Argentina\",\"url\":\"http:\\\/\\\/casadecampoliving.com\\\/es\\\/casa-de-campo-inaugura-el-wine-tasting-series-2025-con-un-brindis-a-argentina\\\/\",\"mainEntityOfPage\":{\"@type\":\"WebPage\",\"@id\":\"http:\\\/\\\/casadecampoliving.com\\\/es\\\/casa-de-campo-inaugura-el-wine-tasting-series-2025-con-un-brindis-a-argentina\\\/\"},\"thumbnailUrl\":\"https:\\\/\\\/i0.wp.com\\\/casadecampoliving.com\\\/wp-content\\\/uploads\\\/2024\\\/06\\\/DSC06201-scaled.jpg?resize=150%2C150&ssl=1\",\"image\":{\"@type\":\"ImageObject\",\"url\":\"https:\\\/\\\/i0.wp.com\\\/casadecampoliving.com\\\/wp-content\\\/uploads\\\/2024\\\/06\\\/DSC06201-scaled.jpg?fit=2560%2C1707&ssl=1\"},\"articleSection\":\"Altos de Chav\\u00f3n\",\"author\":[{\"@type\":\"Person\",\"name\":\"Casa de Campo Living\"}],\"creator\":[\"Casa de Campo Living\"],\"publisher\":{\"@type\":\"Organization\",\"name\":\"Casa de Campo Living\",\"logo\":\"https:\\\/\\\/casadecampoliving.com\\\/wp-content\\\/uploads\\\/2022\\\/07\\\/CDCLivingLogo_V1-white-sized.png\"},\"keywords\":[\"altos de chav\\u00f3n @es\",\"casa de campo @es\",\"featured-topview @es\",\"wine tasting series @es\"],\"dateCreated\":\"2025-07-01T16:58:48Z\",\"datePublished\":\"2025-07-01T16:58:48Z\",\"dateModified\":\"2025-07-02T18:13:42Z\"}<\/script>","tracker_url":"https:\/\/cdn.parsely.com\/keys\/casadecampoliving.com\/p.js"},"jetpack_publicize_connections":[],"jetpack_featured_media_url":"https:\/\/i0.wp.com\/casadecampoliving.com\/wp-content\/uploads\/2024\/06\/DSC06201-scaled.jpg?fit=2560%2C1707&ssl=1","jetpack-related-posts":[{"id":433460,"url":"https:\/\/casadecampoliving.com\/es\/no-se-pierdan-el-increible-tributo-a-frank-sinatra-para-celebrar-el-40-aniversario-del-anfiteatro-altos-de-chavon\/","url_meta":{"origin":542442,"position":0},"title":"No se pierdan el incre\u00edble tributo a Frank Sinatra para celebrar el 40 aniversario del\u00a0Anfiteatro Altos de Chav\u00f3n","author":"Casa de Campo Living","date":"20 Oct, 2022","format":false,"excerpt":"Siendo uno de los escenarios m\u00e1s emblem\u00e1ticos del pa\u00eds, Casa de Campo Resort\u00ae & Villas celebra las cuatro d\u00e9cadas de aniversario de Altos de Chav\u00f3n con un tributo al gran Frank Sinatra, protagonizado por artistas invitados y una big band tal cual la que acompa\u00f1\u00f3 al artista hace 40 a\u00f1os\u2026","rel":"","context":"En \u00abUncategorized @es\u00bb","block_context":{"text":"Uncategorized @es","link":"https:\/\/casadecampoliving.com\/es\/category\/uncategorized-es\/"},"img":{"alt_text":"","src":"https:\/\/i0.wp.com\/casadecampoliving.com\/wp-content\/uploads\/2022\/10\/Tributo-Frank-Sinatra-Foto-Principal-Amaury-Sanchez-Danilo-Ginebra-Andres-Pichardo-y-Jose-Gabriel-Perez-.jpg?fit=1200%2C873&ssl=1&resize=350%2C200","width":350,"height":200,"srcset":"https:\/\/i0.wp.com\/casadecampoliving.com\/wp-content\/uploads\/2022\/10\/Tributo-Frank-Sinatra-Foto-Principal-Amaury-Sanchez-Danilo-Ginebra-Andres-Pichardo-y-Jose-Gabriel-Perez-.jpg?fit=1200%2C873&ssl=1&resize=350%2C200 1x, https:\/\/i0.wp.com\/casadecampoliving.com\/wp-content\/uploads\/2022\/10\/Tributo-Frank-Sinatra-Foto-Principal-Amaury-Sanchez-Danilo-Ginebra-Andres-Pichardo-y-Jose-Gabriel-Perez-.jpg?fit=1200%2C873&ssl=1&resize=525%2C300 1.5x, https:\/\/i0.wp.com\/casadecampoliving.com\/wp-content\/uploads\/2022\/10\/Tributo-Frank-Sinatra-Foto-Principal-Amaury-Sanchez-Danilo-Ginebra-Andres-Pichardo-y-Jose-Gabriel-Perez-.jpg?fit=1200%2C873&ssl=1&resize=700%2C400 2x, https:\/\/i0.wp.com\/casadecampoliving.com\/wp-content\/uploads\/2022\/10\/Tributo-Frank-Sinatra-Foto-Principal-Amaury-Sanchez-Danilo-Ginebra-Andres-Pichardo-y-Jose-Gabriel-Perez-.jpg?fit=1200%2C873&ssl=1&resize=1050%2C600 3x"},"classes":[]},{"id":543243,"url":"https:\/\/casadecampoliving.com\/es\/casa-de-campo-brinda-por-argentina-en-el-exitoso-inicio-de-la-wine-tasting-series-2025\/","url_meta":{"origin":542442,"position":1},"title":"Casa de Campo brinda por Argentina en el exitoso inicio de la Wine Tasting Series 2025","author":"Mairobi Herrera","date":"17 Jul, 2025","format":false,"excerpt":"El pasado fin de semana,\u00a0Casa de Campo Resort & Villas\u00a0dio inicio con gran \u00e9xito a su esperada\u00a0Wine Tasting Series 2025, con una exquisita velada dedicada a los vinos de\u00a0Argentina, presentada por\u00a0American Express. El evento, que tuvo lugar los d\u00edas\u00a04 y 5 de julio\u00a0en el encantador restaurante\u00a0La Piazzetta, ofreci\u00f3 a los\u2026","rel":"","context":"En \u00abCasa de Campo Resort &amp; Villas\u00bb","block_context":{"text":"Casa de Campo Resort &amp; Villas","link":"https:\/\/casadecampoliving.com\/es\/category\/casa-de-campo-resort-villas\/"},"img":{"alt_text":"","src":"https:\/\/i0.wp.com\/casadecampoliving.com\/wp-content\/uploads\/2025\/07\/DSC00587-scaled.jpg?fit=1200%2C675&ssl=1&resize=350%2C200","width":350,"height":200,"srcset":"https:\/\/i0.wp.com\/casadecampoliving.com\/wp-content\/uploads\/2025\/07\/DSC00587-scaled.jpg?fit=1200%2C675&ssl=1&resize=350%2C200 1x, https:\/\/i0.wp.com\/casadecampoliving.com\/wp-content\/uploads\/2025\/07\/DSC00587-scaled.jpg?fit=1200%2C675&ssl=1&resize=525%2C300 1.5x, https:\/\/i0.wp.com\/casadecampoliving.com\/wp-content\/uploads\/2025\/07\/DSC00587-scaled.jpg?fit=1200%2C675&ssl=1&resize=700%2C400 2x, https:\/\/i0.wp.com\/casadecampoliving.com\/wp-content\/uploads\/2025\/07\/DSC00587-scaled.jpg?fit=1200%2C675&ssl=1&resize=1050%2C600 3x"},"classes":[]},{"id":531909,"url":"https:\/\/casadecampoliving.com\/es\/reserve-la-fecha-segunda-edicion-del-wine-tasting-series-explorara-viejo-mundo-vs-nuevo-mundo\/","url_meta":{"origin":542442,"position":2},"title":"Reserve la Fecha: Segunda edici\u00f3n del Wine Tasting Series explorar\u00e1 Viejo Mundo vs. Nuevo Mundo","author":"Casa de Campo Living","date":"17 Jun, 2024","format":false,"excerpt":"Casa de Campo Resort & Villas est\u00e1 listo para albergar la segunda entrega de su aclamada Wine Tasting Series. Presentado por American Express, este evento promete una exploraci\u00f3n \u00fanica de los vinos del Viejo Mundo frente a los del Nuevo Mundo bajo la experta gu\u00eda del sommelier certificado Eduardo Garc\u00eda.\u2026","rel":"","context":"En \u00abCasa de Campo Resort &amp; Villas\u00bb","block_context":{"text":"Casa de Campo Resort &amp; Villas","link":"https:\/\/casadecampoliving.com\/es\/category\/casa-de-campo-resort-villas\/"},"img":{"alt_text":"","src":"https:\/\/i0.wp.com\/casadecampoliving.com\/wp-content\/uploads\/2024\/06\/DSC06201-scaled.jpg?fit=1200%2C800&ssl=1&resize=350%2C200","width":350,"height":200,"srcset":"https:\/\/i0.wp.com\/casadecampoliving.com\/wp-content\/uploads\/2024\/06\/DSC06201-scaled.jpg?fit=1200%2C800&ssl=1&resize=350%2C200 1x, https:\/\/i0.wp.com\/casadecampoliving.com\/wp-content\/uploads\/2024\/06\/DSC06201-scaled.jpg?fit=1200%2C800&ssl=1&resize=525%2C300 1.5x, https:\/\/i0.wp.com\/casadecampoliving.com\/wp-content\/uploads\/2024\/06\/DSC06201-scaled.jpg?fit=1200%2C800&ssl=1&resize=700%2C400 2x, https:\/\/i0.wp.com\/casadecampoliving.com\/wp-content\/uploads\/2024\/06\/DSC06201-scaled.jpg?fit=1200%2C800&ssl=1&resize=1050%2C600 3x"},"classes":[]},{"id":532865,"url":"https:\/\/casadecampoliving.com\/es\/el-casa-de-campo-wine-tasting-series-regresa-con-la-edicion-mezzogiorno\/","url_meta":{"origin":542442,"position":3},"title":"El Casa de Campo Wine Tasting Series regresa con la edici\u00f3n Mezzogiorno","author":"Casa de Campo Living","date":"3 Sep, 2024","format":false,"excerpt":"Casa de Campo Resort & Villas se prepara para la pr\u00f3xima entrega de su aclamada Serie de Cata de Vinos. Programada para el 6 y 7 de septiembre de 2024 en La Piazzetta en Altos de Chav\u00f3n, esta edici\u00f3n especial destacar\u00e1 los vinos del sur de Italia, conocidos como Mezzogiorno.\u2026","rel":"","context":"En \u00abAltos de Chav\u00f3n\u00bb","block_context":{"text":"Altos de Chav\u00f3n","link":"https:\/\/casadecampoliving.com\/es\/category\/altos-de-chavon-6\/"},"img":{"alt_text":"","src":"https:\/\/i0.wp.com\/casadecampoliving.com\/wp-content\/uploads\/2024\/09\/Wine-Tasting-Series-June-2024-6.jpg?fit=1200%2C800&ssl=1&resize=350%2C200","width":350,"height":200,"srcset":"https:\/\/i0.wp.com\/casadecampoliving.com\/wp-content\/uploads\/2024\/09\/Wine-Tasting-Series-June-2024-6.jpg?fit=1200%2C800&ssl=1&resize=350%2C200 1x, https:\/\/i0.wp.com\/casadecampoliving.com\/wp-content\/uploads\/2024\/09\/Wine-Tasting-Series-June-2024-6.jpg?fit=1200%2C800&ssl=1&resize=525%2C300 1.5x, https:\/\/i0.wp.com\/casadecampoliving.com\/wp-content\/uploads\/2024\/09\/Wine-Tasting-Series-June-2024-6.jpg?fit=1200%2C800&ssl=1&resize=700%2C400 2x, https:\/\/i0.wp.com\/casadecampoliving.com\/wp-content\/uploads\/2024\/09\/Wine-Tasting-Series-June-2024-6.jpg?fit=1200%2C800&ssl=1&resize=1050%2C600 3x"},"classes":[]},{"id":546701,"url":"https:\/\/casadecampoliving.com\/es\/serie-de-catas-de-vino-fire-in-the-vine-traera-vinos-de-origen-volcanico-a-altos-de-chavon\/","url_meta":{"origin":542442,"position":4},"title":"Serie de Catas de Vino: Fire in the Vine Traer\u00e1 Vinos de Origen Volc\u00e1nico a Altos de Chav\u00f3n","author":"Casa de Campo Living","date":"5 Ago, 2025","format":false,"excerpt":"Casa de Campo Resort & Villas se prepara para recibir este fin de semana un evento de cata de vinos inolvidable, llevando el sabor de los terroirs volc\u00e1nicos al coraz\u00f3n de Altos de Chav\u00f3n. La experiencia Fire in the Vine: Terroirs Volc\u00e1nicos, presentada por American Express, se llevar\u00e1 a cabo\u2026","rel":"","context":"En \u00abAltos de Chav\u00f3n\u00bb","block_context":{"text":"Altos de Chav\u00f3n","link":"https:\/\/casadecampoliving.com\/es\/category\/altos-de-chavon-6\/"},"img":{"alt_text":"","src":"https:\/\/i0.wp.com\/casadecampoliving.com\/wp-content\/uploads\/2025\/07\/DSC00587-scaled.jpg?fit=1200%2C675&ssl=1&resize=350%2C200","width":350,"height":200,"srcset":"https:\/\/i0.wp.com\/casadecampoliving.com\/wp-content\/uploads\/2025\/07\/DSC00587-scaled.jpg?fit=1200%2C675&ssl=1&resize=350%2C200 1x, https:\/\/i0.wp.com\/casadecampoliving.com\/wp-content\/uploads\/2025\/07\/DSC00587-scaled.jpg?fit=1200%2C675&ssl=1&resize=525%2C300 1.5x, https:\/\/i0.wp.com\/casadecampoliving.com\/wp-content\/uploads\/2025\/07\/DSC00587-scaled.jpg?fit=1200%2C675&ssl=1&resize=700%2C400 2x, https:\/\/i0.wp.com\/casadecampoliving.com\/wp-content\/uploads\/2025\/07\/DSC00587-scaled.jpg?fit=1200%2C675&ssl=1&resize=1050%2C600 3x"},"classes":[]},{"id":542364,"url":"https:\/\/casadecampoliving.com\/casa-de-campo-kicks-off-2025-wine-tasting-series-argentina\/","url_meta":{"origin":542442,"position":5},"title":"Casa de Campo Kicks Off 2025 Wine Tasting Series With a Toast to Argentina","author":"Casa de Campo Living","date":"1 Jul, 2025","format":false,"excerpt":"Casa de Campo Resort & Villas will uncork the first edition of its 2025 Wine Tasting Series this weekend with a special tribute to Argentina. Hosted at La Piazzetta on July 4 and 5 at 7 p.m., the event features world-class wines, a bespoke seven-course dinner and a guided tasting\u2026","rel":"","context":"En \u00abAltos de Chav\u00f3n\u00bb","block_context":{"text":"Altos de Chav\u00f3n","link":"https:\/\/casadecampoliving.com\/category\/altos-de-chavon-6-2\/"},"img":{"alt_text":"","src":"https:\/\/i0.wp.com\/casadecampoliving.com\/wp-content\/uploads\/2024\/06\/DSC06201-scaled.jpg?fit=1200%2C800&ssl=1&resize=350%2C200","width":350,"height":200,"srcset":"https:\/\/i0.wp.com\/casadecampoliving.com\/wp-content\/uploads\/2024\/06\/DSC06201-scaled.jpg?fit=1200%2C800&ssl=1&resize=350%2C200 1x, https:\/\/i0.wp.com\/casadecampoliving.com\/wp-content\/uploads\/2024\/06\/DSC06201-scaled.jpg?fit=1200%2C800&ssl=1&resize=525%2C300 1.5x, https:\/\/i0.wp.com\/casadecampoliving.com\/wp-content\/uploads\/2024\/06\/DSC06201-scaled.jpg?fit=1200%2C800&ssl=1&resize=700%2C400 2x, https:\/\/i0.wp.com\/casadecampoliving.com\/wp-content\/uploads\/2024\/06\/DSC06201-scaled.jpg?fit=1200%2C800&ssl=1&resize=1050%2C600 3x"},"classes":[]}],"jetpack_sharing_enabled":true,"_links":{"self":[{"href":"https:\/\/casadecampoliving.com\/es\/wp-json\/wp\/v2\/posts\/542442","targetHints":{"allow":["GET"]}}],"collection":[{"href":"https:\/\/casadecampoliving.com\/es\/wp-json\/wp\/v2\/posts"}],"about":[{"href":"https:\/\/casadecampoliving.com\/es\/wp-json\/wp\/v2\/types\/post"}],"author":[{"embeddable":true,"href":"https:\/\/casadecampoliving.com\/es\/wp-json\/wp\/v2\/users\/36791"}],"replies":[{"embeddable":true,"href":"https:\/\/casadecampoliving.com\/es\/wp-json\/wp\/v2\/comments?post=542442"}],"version-history":[{"count":1,"href":"https:\/\/casadecampoliving.com\/es\/wp-json\/wp\/v2\/posts\/542442\/revisions"}],"predecessor-version":[{"id":542445,"href":"https:\/\/casadecampoliving.com\/es\/wp-json\/wp\/v2\/posts\/542442\/revisions\/542445"}],"wp:featuredmedia":[{"embeddable":true,"href":"https:\/\/casadecampoliving.com\/es\/wp-json\/wp\/v2\/media\/531907"}],"wp:attachment":[{"href":"https:\/\/casadecampoliving.com\/es\/wp-json\/wp\/v2\/media?parent=542442"}],"wp:term":[{"taxonomy":"category","embeddable":true,"href":"https:\/\/casadecampoliving.com\/es\/wp-json\/wp\/v2\/categories?post=542442"},{"taxonomy":"post_tag","embeddable":true,"href":"https:\/\/casadecampoliving.com\/es\/wp-json\/wp\/v2\/tags?post=542442"},{"taxonomy":"newspack_spnsrs_tax","embeddable":true,"href":"https:\/\/casadecampoliving.com\/es\/wp-json\/wp\/v2\/newspack_spnsrs_tax?post=542442"}],"curies":[{"name":"wp","href":"https:\/\/api.w.org\/{rel}","templated":true}]}}