{"id":542187,"date":"2025-06-18T15:19:30","date_gmt":"2025-06-18T19:19:30","guid":{"rendered":"https:\/\/casadecampoliving.com\/?p=542187"},"modified":"2025-06-18T17:18:26","modified_gmt":"2025-06-18T21:18:26","slug":"casa-de-campo-se-prepara-para-un-fin-de-semana-rojo-blanco-y-azul","status":"publish","type":"post","link":"https:\/\/casadecampoliving.com\/es\/casa-de-campo-se-prepara-para-un-fin-de-semana-rojo-blanco-y-azul\/","title":{"rendered":"Casa de Campo se Prepara para un Fin de Semana Rojo, Blanco y Azul"},"content":{"rendered":"\n<p>Casa de Campo Resort &amp; Villas trae las estrellas y franjas al Caribe con su tradicional celebraci\u00f3n de la independencia al estilo americano. Del 4 al 5 de julio de 2025, hu\u00e9spedes y residentes est\u00e1n invitados a celebrar las tradiciones estadounidenses \u2014al estilo Casa\u2014 con actividades familiares, decoraci\u00f3n patri\u00f3tica y un espect\u00e1culo de fuegos artificiales que promete iluminar la noche.<\/p>\n\n\n\n<figure class=\"wp-block-image size-large\"><img data-recalc-dims=\"1\" loading=\"lazy\" decoding=\"async\" width=\"1024\" height=\"683\" src=\"https:\/\/i0.wp.com\/casadecampoliving.com\/wp-content\/uploads\/2025\/06\/1er-lugar.jpg?resize=1024%2C683&#038;ssl=1\" alt=\"\" class=\"wp-image-542173\" srcset=\"https:\/\/i0.wp.com\/casadecampoliving.com\/wp-content\/uploads\/2025\/06\/1er-lugar-scaled.jpg?resize=1024%2C683&amp;ssl=1 1024w, https:\/\/i0.wp.com\/casadecampoliving.com\/wp-content\/uploads\/2025\/06\/1er-lugar-scaled.jpg?resize=300%2C200&amp;ssl=1 300w, https:\/\/i0.wp.com\/casadecampoliving.com\/wp-content\/uploads\/2025\/06\/1er-lugar-scaled.jpg?resize=768%2C512&amp;ssl=1 768w, https:\/\/i0.wp.com\/casadecampoliving.com\/wp-content\/uploads\/2025\/06\/1er-lugar-scaled.jpg?resize=1536%2C1024&amp;ssl=1 1536w, https:\/\/i0.wp.com\/casadecampoliving.com\/wp-content\/uploads\/2025\/06\/1er-lugar-scaled.jpg?resize=2048%2C1365&amp;ssl=1 2048w, https:\/\/i0.wp.com\/casadecampoliving.com\/wp-content\/uploads\/2025\/06\/1er-lugar-scaled.jpg?resize=1200%2C800&amp;ssl=1 1200w, https:\/\/i0.wp.com\/casadecampoliving.com\/wp-content\/uploads\/2025\/06\/1er-lugar-scaled.jpg?resize=2000%2C1333&amp;ssl=1 2000w, https:\/\/i0.wp.com\/casadecampoliving.com\/wp-content\/uploads\/2025\/06\/1er-lugar-scaled.jpg?resize=780%2C520&amp;ssl=1 780w, https:\/\/i0.wp.com\/casadecampoliving.com\/wp-content\/uploads\/2025\/06\/1er-lugar-scaled.jpg?resize=400%2C267&amp;ssl=1 400w, https:\/\/i0.wp.com\/casadecampoliving.com\/wp-content\/uploads\/2025\/06\/1er-lugar-scaled.jpg?resize=1320%2C880&amp;ssl=1 1320w, https:\/\/i0.wp.com\/casadecampoliving.com\/wp-content\/uploads\/2025\/06\/1er-lugar-scaled.jpg?resize=150%2C100&amp;ssl=1 150w, https:\/\/i0.wp.com\/casadecampoliving.com\/wp-content\/uploads\/2025\/06\/1er-lugar-1024x683.jpg?w=370&amp;ssl=1 370w\" sizes=\"auto, (max-width: 1000px) 100vw, 1000px\" \/><\/figure>\n\n\n\n<h2 class=\"wp-block-heading\"><strong><strong>Diversi\u00f3n en Familia, Carritos de Golf y Swings Nocturnos<\/strong><\/strong><\/h2>\n\n\n\n<p>La celebraci\u00f3n inicia el viernes 4 de julio a las 7 p.m. con el regreso del Concurso de Decoraci\u00f3n de Carritos de Golf en el \u00e1rea de pr\u00e1ctica de Teeth of the Dog. Los participantes pueden decorar sus carritos con los colores rojo, blanco y azul para tener la oportunidad de ganar premios \u2014y presumir sus creaciones. Es un comienzo colorido para un fin de semana lleno de creatividad y esp\u00edritu comunitario.<\/p>\n\n\n\n<p>El night golf se desarrollar\u00e1 durante toda la noche, ofreciendo una versi\u00f3n brillante y divertida del juego cl\u00e1sico. Los jugadores podr\u00e1n hacer sus tiros bajo las estrellas a su propio ritmo, mientras disfrutan de comida, bebidas y m\u00fasica en un ambiente relajado y familiar.<\/p>\n\n\n\n<figure class=\"wp-block-image size-large\"><img data-recalc-dims=\"1\" loading=\"lazy\" decoding=\"async\" width=\"1024\" height=\"683\" src=\"https:\/\/i0.wp.com\/casadecampoliving.com\/wp-content\/uploads\/2025\/06\/100-DSC07339.jpg?resize=1024%2C683&#038;ssl=1\" alt=\"\" class=\"wp-image-542175\" srcset=\"https:\/\/i0.wp.com\/casadecampoliving.com\/wp-content\/uploads\/2025\/06\/100-DSC07339-scaled.jpg?resize=1024%2C683&amp;ssl=1 1024w, https:\/\/i0.wp.com\/casadecampoliving.com\/wp-content\/uploads\/2025\/06\/100-DSC07339-scaled.jpg?resize=300%2C200&amp;ssl=1 300w, https:\/\/i0.wp.com\/casadecampoliving.com\/wp-content\/uploads\/2025\/06\/100-DSC07339-scaled.jpg?resize=768%2C512&amp;ssl=1 768w, https:\/\/i0.wp.com\/casadecampoliving.com\/wp-content\/uploads\/2025\/06\/100-DSC07339-scaled.jpg?resize=1536%2C1024&amp;ssl=1 1536w, https:\/\/i0.wp.com\/casadecampoliving.com\/wp-content\/uploads\/2025\/06\/100-DSC07339-scaled.jpg?resize=2048%2C1365&amp;ssl=1 2048w, https:\/\/i0.wp.com\/casadecampoliving.com\/wp-content\/uploads\/2025\/06\/100-DSC07339-scaled.jpg?resize=1200%2C800&amp;ssl=1 1200w, https:\/\/i0.wp.com\/casadecampoliving.com\/wp-content\/uploads\/2025\/06\/100-DSC07339-scaled.jpg?resize=2000%2C1333&amp;ssl=1 2000w, https:\/\/i0.wp.com\/casadecampoliving.com\/wp-content\/uploads\/2025\/06\/100-DSC07339-scaled.jpg?resize=780%2C520&amp;ssl=1 780w, https:\/\/i0.wp.com\/casadecampoliving.com\/wp-content\/uploads\/2025\/06\/100-DSC07339-scaled.jpg?resize=400%2C267&amp;ssl=1 400w, https:\/\/i0.wp.com\/casadecampoliving.com\/wp-content\/uploads\/2025\/06\/100-DSC07339-scaled.jpg?resize=1320%2C880&amp;ssl=1 1320w, https:\/\/i0.wp.com\/casadecampoliving.com\/wp-content\/uploads\/2025\/06\/100-DSC07339-scaled.jpg?resize=150%2C100&amp;ssl=1 150w, https:\/\/i0.wp.com\/casadecampoliving.com\/wp-content\/uploads\/2025\/06\/100-DSC07339-1024x683.jpg?w=370&amp;ssl=1 370w\" sizes=\"auto, (max-width: 1000px) 100vw, 1000px\" \/><\/figure>\n\n\n\n<h2 class=\"wp-block-heading\"><strong><strong>Barbacoa, Playa y Fuegos Artificiales<\/strong><\/strong><\/h2>\n\n\n<div class=\"wp-block-image\">\n<figure class=\"alignright size-large\"><img data-recalc-dims=\"1\" loading=\"lazy\" decoding=\"async\" width=\"768\" height=\"1024\" src=\"https:\/\/i0.wp.com\/casadecampoliving.com\/wp-content\/uploads\/2025\/06\/DSC09853.jpg?resize=768%2C1024&#038;ssl=1\" alt=\"\" class=\"wp-image-542169\" srcset=\"https:\/\/i0.wp.com\/casadecampoliving.com\/wp-content\/uploads\/2025\/06\/DSC09853-scaled.jpg?resize=768%2C1024&amp;ssl=1 768w, https:\/\/i0.wp.com\/casadecampoliving.com\/wp-content\/uploads\/2025\/06\/DSC09853-scaled.jpg?resize=225%2C300&amp;ssl=1 225w, https:\/\/i0.wp.com\/casadecampoliving.com\/wp-content\/uploads\/2025\/06\/DSC09853-scaled.jpg?resize=1152%2C1536&amp;ssl=1 1152w, https:\/\/i0.wp.com\/casadecampoliving.com\/wp-content\/uploads\/2025\/06\/DSC09853-scaled.jpg?resize=1536%2C2048&amp;ssl=1 1536w, https:\/\/i0.wp.com\/casadecampoliving.com\/wp-content\/uploads\/2025\/06\/DSC09853-scaled.jpg?resize=900%2C1200&amp;ssl=1 900w, https:\/\/i0.wp.com\/casadecampoliving.com\/wp-content\/uploads\/2025\/06\/DSC09853-scaled.jpg?resize=600%2C800&amp;ssl=1 600w, https:\/\/i0.wp.com\/casadecampoliving.com\/wp-content\/uploads\/2025\/06\/DSC09853-scaled.jpg?resize=450%2C600&amp;ssl=1 450w, https:\/\/i0.wp.com\/casadecampoliving.com\/wp-content\/uploads\/2025\/06\/DSC09853-scaled.jpg?resize=300%2C400&amp;ssl=1 300w, https:\/\/i0.wp.com\/casadecampoliving.com\/wp-content\/uploads\/2025\/06\/DSC09853-scaled.jpg?resize=150%2C200&amp;ssl=1 150w, https:\/\/i0.wp.com\/casadecampoliving.com\/wp-content\/uploads\/2025\/06\/DSC09853-scaled.jpg?resize=1200%2C1600&amp;ssl=1 1200w, https:\/\/i0.wp.com\/casadecampoliving.com\/wp-content\/uploads\/2025\/06\/DSC09853-scaled.jpg?resize=2000%2C2667&amp;ssl=1 2000w, https:\/\/i0.wp.com\/casadecampoliving.com\/wp-content\/uploads\/2025\/06\/DSC09853-scaled.jpg?resize=780%2C1040&amp;ssl=1 780w, https:\/\/i0.wp.com\/casadecampoliving.com\/wp-content\/uploads\/2025\/06\/DSC09853-scaled.jpg?resize=400%2C533&amp;ssl=1 400w, https:\/\/i0.wp.com\/casadecampoliving.com\/wp-content\/uploads\/2025\/06\/DSC09853-scaled.jpg?resize=1320%2C1760&amp;ssl=1 1320w, https:\/\/i0.wp.com\/casadecampoliving.com\/wp-content\/uploads\/2025\/06\/DSC09853-scaled.jpg?resize=640%2C853&amp;ssl=1 640w, https:\/\/i0.wp.com\/casadecampoliving.com\/wp-content\/uploads\/2025\/06\/DSC09853-scaled.jpg?w=1920&amp;ssl=1 1920w, https:\/\/i0.wp.com\/casadecampoliving.com\/wp-content\/uploads\/2025\/06\/DSC09853-768x1024.jpg?w=370&amp;ssl=1 370w\" sizes=\"auto, (max-width: 768px) 100vw, 768px\" \/><\/figure>\n<\/div>\n\n\n<p>La fiesta contin\u00faa el s\u00e1bado 5 de julio en Minitas Beach Club con una barbacoa frente al mar. Los asistentes podr\u00e1n disfrutar de cocteles tem\u00e1ticos, m\u00fasica en vivo y un espect\u00e1culo de acrobacias con fuego, todo a pocos pasos de la orilla. Los ni\u00f1os tambi\u00e9n tendr\u00e1n su espacio con estaciones de pintura facial, manualidades y delicias como palomitas de caramelo y batidas.<\/p>\n\n\n\n<p>La noche culmina con un show de fuegos artificiales sobre la playa de Minitas, iluminando el cielo con una exhibici\u00f3n patri\u00f3tica que cerrar\u00e1 este fin de semana de celebraci\u00f3n.<\/p>\n\n\n\n<h2 class=\"wp-block-heading\"><strong><strong>\u00a1No te lo Pierdas!<\/strong><\/strong><\/h2>\n\n\n\n<p>Ya seas residente de toda la vida o visitante, la celebraci\u00f3n del D\u00eda de la Independencia en Casa de Campo es una oportunidad para compartir con amigos, crear recuerdos y celebrar el verano con estilo.<\/p>\n\n\n\n<p><strong>Para todo lo que ocurre en Casa, <a href=\"https:\/\/casadecampoliving.com\/es\/sucribirsealsemanal\/\" target=\"_blank\" rel=\"noreferrer noopener\">suscr\u00edbete<\/a> a nuestro bolet\u00edn gratuito.<\/strong><\/p>\n\n\n\n<figure class=\"wp-block-image size-full\"><a href=\"https:\/\/casadecampoliving.com\/wp-content\/uploads\/2025\/06\/4th_of_July__Program__ESP.01.pdf\" target=\"_blank\" rel=\" noreferrer noopener\"><img data-recalc-dims=\"1\" loading=\"lazy\" decoding=\"async\" width=\"800\" height=\"533\" data-attachment-id=\"542193\" data-permalink=\"https:\/\/casadecampoliving.com\/es\/casa-de-campo-se-prepara-para-un-fin-de-semana-rojo-blanco-y-azul\/unnamed-17-3\/\" data-orig-file=\"https:\/\/i0.wp.com\/casadecampoliving.com\/wp-content\/uploads\/2025\/06\/unnamed-17.jpg?fit=800%2C533&amp;ssl=1\" data-orig-size=\"800,533\" data-comments-opened=\"0\" data-image-meta=\"{&quot;aperture&quot;:&quot;0&quot;,&quot;credit&quot;:&quot;&quot;,&quot;camera&quot;:&quot;&quot;,&quot;caption&quot;:&quot;&quot;,&quot;created_timestamp&quot;:&quot;0&quot;,&quot;copyright&quot;:&quot;&quot;,&quot;focal_length&quot;:&quot;0&quot;,&quot;iso&quot;:&quot;0&quot;,&quot;shutter_speed&quot;:&quot;0&quot;,&quot;title&quot;:&quot;&quot;,&quot;orientation&quot;:&quot;0&quot;}\" data-image-title=\"unnamed (17)\" data-image-description=\"\" data-image-caption=\"\" data-large-file=\"https:\/\/i0.wp.com\/casadecampoliving.com\/wp-content\/uploads\/2025\/06\/unnamed-17.jpg?fit=800%2C533&amp;ssl=1\" src=\"https:\/\/i0.wp.com\/casadecampoliving.com\/wp-content\/uploads\/2025\/06\/unnamed-17.jpg?resize=800%2C533&#038;ssl=1\" alt=\"\" class=\"wp-image-542193\" srcset=\"https:\/\/i0.wp.com\/casadecampoliving.com\/wp-content\/uploads\/2025\/06\/unnamed-17.jpg?w=800&amp;ssl=1 800w, https:\/\/i0.wp.com\/casadecampoliving.com\/wp-content\/uploads\/2025\/06\/unnamed-17.jpg?resize=300%2C200&amp;ssl=1 300w, https:\/\/i0.wp.com\/casadecampoliving.com\/wp-content\/uploads\/2025\/06\/unnamed-17.jpg?resize=768%2C512&amp;ssl=1 768w, https:\/\/i0.wp.com\/casadecampoliving.com\/wp-content\/uploads\/2025\/06\/unnamed-17.jpg?resize=780%2C520&amp;ssl=1 780w, https:\/\/i0.wp.com\/casadecampoliving.com\/wp-content\/uploads\/2025\/06\/unnamed-17.jpg?resize=400%2C267&amp;ssl=1 400w, https:\/\/i0.wp.com\/casadecampoliving.com\/wp-content\/uploads\/2025\/06\/unnamed-17.jpg?resize=150%2C100&amp;ssl=1 150w, https:\/\/i0.wp.com\/casadecampoliving.com\/wp-content\/uploads\/2025\/06\/unnamed-17.jpg?w=370&amp;ssl=1 370w\" sizes=\"auto, (max-width: 800px) 100vw, 800px\" \/><\/a><\/figure>\n\n\n\n<p><\/p>\n","protected":false},"excerpt":{"rendered":"<p>Casa de Campo Resort &amp; Villas trae las estrellas y franjas al Caribe con su tradicional celebraci\u00f3n de la independencia al estilo americano. Del 4 al 5 de julio de 2025, hu\u00e9spedes y residentes est\u00e1n invitados a celebrar las tradiciones estadounidenses \u2014al estilo Casa\u2014 con actividades familiares, decoraci\u00f3n patri\u00f3tica y un espect\u00e1culo de fuegos artificiales [&hellip;]<\/p>\n","protected":false},"author":36791,"featured_media":542172,"comment_status":"closed","ping_status":"closed","sticky":false,"template":"","format":"standard","meta":{"newspack_ads_suppress_ads":false,"newspack_popups_has_disabled_popups":false,"newspack_sponsor_sponsorship_scope":"","newspack_sponsor_native_byline_display":"inherit","newspack_sponsor_native_category_display":"inherit","newspack_sponsor_underwriter_style":"inherit","newspack_sponsor_underwriter_placement":"inherit","_newspack_byline_active":false,"_newspack_byline":"","newspack_hide_updated_date":false,"newspack_show_updated_date":false,"newspack_content_restriction_is_exempt":false,"newspack_featured_image_position":"large","newspack_post_subtitle":"","newspack_article_summary_title":"Overview:","newspack_article_summary":"","_jetpack_memberships_contains_paid_content":false,"footnotes":"","jetpack_publicize_message":"","jetpack_publicize_feature_enabled":true,"jetpack_social_post_already_shared":false,"jetpack_social_options":{"image_generator_settings":{"template":"highway","default_image_id":0,"enabled":false},"version":2},"_wpas_customize_per_network":false},"categories":[14631,2522,23889,14627],"tags":[23815,3626,2575,3375,14736,2738,15091],"newspack_spnsrs_tax":[],"class_list":["post-542187","post","type-post","status-publish","format-standard","has-post-thumbnail","hentry","category-estilo-de-vida","category-eventos-es","category-lifestyle-2","category-proximamente","tag-casa-de-campo-es-17","tag-casa-de-campo-es","tag-comunidad-de-casa-de-campo","tag-eventos-y-actividades","tag-featured-topview-es","tag-fin-de-semana-familiar","tag-proximamente","entry"],"yoast_head":"<!-- This site is optimized with the Yoast SEO plugin v27.5 - https:\/\/yoast.com\/product\/yoast-seo-wordpress\/ -->\n<title>Casa de Campo se Prepara para un Fin de Semana Rojo, Blanco y Azul | Casa de Campo Living<\/title>\n<meta name=\"description\" content=\"Casa de Campo Resort &amp; Villas trae las estrellas y franjas al Caribe con su tradicional celebraci\u00f3n de la independencia al estilo americano. Del 4 al\" \/>\n<meta name=\"robots\" content=\"index, follow, max-snippet:-1, max-image-preview:large, max-video-preview:-1\" \/>\n<link rel=\"canonical\" href=\"https:\/\/casadecampoliving.com\/es\/casa-de-campo-se-prepara-para-un-fin-de-semana-rojo-blanco-y-azul\/\" \/>\n<meta property=\"og:locale\" content=\"es_ES\" \/>\n<meta property=\"og:type\" content=\"article\" \/>\n<meta property=\"og:title\" content=\"Casa de Campo se Prepara para un Fin de Semana Rojo, Blanco y Azul | Casa de Campo Living\" \/>\n<meta property=\"og:description\" content=\"Casa de Campo Resort &amp; Villas trae las estrellas y franjas al Caribe con su tradicional celebraci\u00f3n de la independencia al estilo americano. Del 4 al\" \/>\n<meta property=\"og:url\" content=\"https:\/\/casadecampoliving.com\/es\/casa-de-campo-se-prepara-para-un-fin-de-semana-rojo-blanco-y-azul\/\" \/>\n<meta property=\"og:site_name\" content=\"Casa de Campo Living\" \/>\n<meta property=\"article:publisher\" content=\"https:\/\/www.facebook.com\/casadecampoliving\" \/>\n<meta property=\"article:published_time\" content=\"2025-06-18T19:19:30+00:00\" \/>\n<meta property=\"article:modified_time\" content=\"2025-06-18T21:18:26+00:00\" \/>\n<meta property=\"og:image\" content=\"https:\/\/casadecampoliving.com\/wp-content\/uploads\/2025\/06\/DSC09446-scaled.jpg\" \/>\n\t<meta property=\"og:image:width\" content=\"2560\" \/>\n\t<meta property=\"og:image:height\" content=\"1920\" \/>\n\t<meta property=\"og:image:type\" content=\"image\/jpeg\" \/>\n<meta name=\"author\" content=\"Casa de Campo Living\" \/>\n<meta name=\"twitter:card\" content=\"summary_large_image\" \/>\n<meta name=\"twitter:creator\" content=\"@cdcliving\" \/>\n<meta name=\"twitter:site\" content=\"@cdcliving\" \/>\n<meta name=\"twitter:label1\" content=\"Escrito por\" \/>\n\t<meta name=\"twitter:data1\" content=\"Casa de Campo Living\" \/>\n\t<meta name=\"twitter:label2\" content=\"Tiempo de lectura\" \/>\n\t<meta name=\"twitter:data2\" content=\"3 minutos\" \/>\n<script type=\"application\/ld+json\" class=\"yoast-schema-graph\">{\"@context\":\"https:\\\/\\\/schema.org\",\"@graph\":[{\"@type\":\"Article\",\"@id\":\"https:\\\/\\\/casadecampoliving.com\\\/es\\\/casa-de-campo-se-prepara-para-un-fin-de-semana-rojo-blanco-y-azul\\\/#article\",\"isPartOf\":{\"@id\":\"https:\\\/\\\/casadecampoliving.com\\\/es\\\/casa-de-campo-se-prepara-para-un-fin-de-semana-rojo-blanco-y-azul\\\/\"},\"author\":{\"name\":\"Casa de Campo Living\",\"@id\":\"https:\\\/\\\/casadecampoliving.com\\\/es\\\/#\\\/schema\\\/person\\\/5d2171637a9d11e0e43ce6b8555f9422\"},\"headline\":\"Casa de Campo se Prepara para un Fin de Semana Rojo, Blanco y Azul\",\"datePublished\":\"2025-06-18T19:19:30+00:00\",\"dateModified\":\"2025-06-18T21:18:26+00:00\",\"mainEntityOfPage\":{\"@id\":\"https:\\\/\\\/casadecampoliving.com\\\/es\\\/casa-de-campo-se-prepara-para-un-fin-de-semana-rojo-blanco-y-azul\\\/\"},\"wordCount\":372,\"publisher\":{\"@id\":\"https:\\\/\\\/casadecampoliving.com\\\/es\\\/#organization\"},\"image\":{\"@id\":\"https:\\\/\\\/casadecampoliving.com\\\/es\\\/casa-de-campo-se-prepara-para-un-fin-de-semana-rojo-blanco-y-azul\\\/#primaryimage\"},\"thumbnailUrl\":\"https:\\\/\\\/i0.wp.com\\\/casadecampoliving.com\\\/wp-content\\\/uploads\\\/2025\\\/06\\\/DSC09446-scaled.jpg?fit=2560%2C1920&ssl=1\",\"keywords\":[\"Casa de Campo\",\"casa de campo @es\",\"comunidad de casa de campo\",\"eventos y actividades\",\"Featured-TopView @es\",\"fin de semana familiar\",\"Proximamente\"],\"articleSection\":[\"Estilo de Vida\",\"Eventos\",\"Lifestyle\",\"Proximamente\"],\"inLanguage\":\"es\"},{\"@type\":\"WebPage\",\"@id\":\"https:\\\/\\\/casadecampoliving.com\\\/es\\\/casa-de-campo-se-prepara-para-un-fin-de-semana-rojo-blanco-y-azul\\\/\",\"url\":\"https:\\\/\\\/casadecampoliving.com\\\/es\\\/casa-de-campo-se-prepara-para-un-fin-de-semana-rojo-blanco-y-azul\\\/\",\"name\":\"Casa de Campo se Prepara para un Fin de Semana Rojo, Blanco y Azul | Casa de Campo Living\",\"isPartOf\":{\"@id\":\"https:\\\/\\\/casadecampoliving.com\\\/es\\\/#website\"},\"primaryImageOfPage\":{\"@id\":\"https:\\\/\\\/casadecampoliving.com\\\/es\\\/casa-de-campo-se-prepara-para-un-fin-de-semana-rojo-blanco-y-azul\\\/#primaryimage\"},\"image\":{\"@id\":\"https:\\\/\\\/casadecampoliving.com\\\/es\\\/casa-de-campo-se-prepara-para-un-fin-de-semana-rojo-blanco-y-azul\\\/#primaryimage\"},\"thumbnailUrl\":\"https:\\\/\\\/i0.wp.com\\\/casadecampoliving.com\\\/wp-content\\\/uploads\\\/2025\\\/06\\\/DSC09446-scaled.jpg?fit=2560%2C1920&ssl=1\",\"datePublished\":\"2025-06-18T19:19:30+00:00\",\"dateModified\":\"2025-06-18T21:18:26+00:00\",\"description\":\"Casa de Campo Resort &amp; Villas trae las estrellas y franjas al Caribe con su tradicional celebraci\u00f3n de la independencia al estilo americano. Del 4 al\",\"breadcrumb\":{\"@id\":\"https:\\\/\\\/casadecampoliving.com\\\/es\\\/casa-de-campo-se-prepara-para-un-fin-de-semana-rojo-blanco-y-azul\\\/#breadcrumb\"},\"inLanguage\":\"es\",\"potentialAction\":[{\"@type\":\"ReadAction\",\"target\":[\"https:\\\/\\\/casadecampoliving.com\\\/es\\\/casa-de-campo-se-prepara-para-un-fin-de-semana-rojo-blanco-y-azul\\\/\"]}]},{\"@type\":\"ImageObject\",\"inLanguage\":\"es\",\"@id\":\"https:\\\/\\\/casadecampoliving.com\\\/es\\\/casa-de-campo-se-prepara-para-un-fin-de-semana-rojo-blanco-y-azul\\\/#primaryimage\",\"url\":\"https:\\\/\\\/i0.wp.com\\\/casadecampoliving.com\\\/wp-content\\\/uploads\\\/2025\\\/06\\\/DSC09446-scaled.jpg?fit=2560%2C1920&ssl=1\",\"contentUrl\":\"https:\\\/\\\/i0.wp.com\\\/casadecampoliving.com\\\/wp-content\\\/uploads\\\/2025\\\/06\\\/DSC09446-scaled.jpg?fit=2560%2C1920&ssl=1\",\"width\":2560,\"height\":1920},{\"@type\":\"BreadcrumbList\",\"@id\":\"https:\\\/\\\/casadecampoliving.com\\\/es\\\/casa-de-campo-se-prepara-para-un-fin-de-semana-rojo-blanco-y-azul\\\/#breadcrumb\",\"itemListElement\":[{\"@type\":\"ListItem\",\"position\":1,\"name\":\"Home\",\"item\":\"https:\\\/\\\/casadecampoliving.com\\\/es\\\/\"},{\"@type\":\"ListItem\",\"position\":2,\"name\":\"Casa de Campo se Prepara para un Fin de Semana Rojo, Blanco y Azul\"}]},{\"@type\":\"WebSite\",\"@id\":\"https:\\\/\\\/casadecampoliving.com\\\/es\\\/#website\",\"url\":\"https:\\\/\\\/casadecampoliving.com\\\/es\\\/\",\"name\":\"Casa de Campo Living\",\"description\":\"Resort community news and resources.\",\"publisher\":{\"@id\":\"https:\\\/\\\/casadecampoliving.com\\\/es\\\/#organization\"},\"potentialAction\":[{\"@type\":\"SearchAction\",\"target\":{\"@type\":\"EntryPoint\",\"urlTemplate\":\"https:\\\/\\\/casadecampoliving.com\\\/es\\\/?s={search_term_string}\"},\"query-input\":{\"@type\":\"PropertyValueSpecification\",\"valueRequired\":true,\"valueName\":\"search_term_string\"}}],\"inLanguage\":\"es\"},{\"@type\":\"Organization\",\"@id\":\"https:\\\/\\\/casadecampoliving.com\\\/es\\\/#organization\",\"name\":\"Casa de Campo Living\",\"url\":\"https:\\\/\\\/casadecampoliving.com\\\/es\\\/\",\"logo\":{\"@type\":\"ImageObject\",\"inLanguage\":\"es\",\"@id\":\"https:\\\/\\\/casadecampoliving.com\\\/es\\\/#\\\/schema\\\/logo\\\/image\\\/\",\"url\":\"https:\\\/\\\/i0.wp.com\\\/casadecampoliving.com\\\/wp-content\\\/uploads\\\/2022\\\/07\\\/CDCLivingLogo_V1-white-sized.png?fit=800%2C214&ssl=1\",\"contentUrl\":\"https:\\\/\\\/i0.wp.com\\\/casadecampoliving.com\\\/wp-content\\\/uploads\\\/2022\\\/07\\\/CDCLivingLogo_V1-white-sized.png?fit=800%2C214&ssl=1\",\"width\":800,\"height\":214,\"caption\":\"Casa de Campo Living\"},\"image\":{\"@id\":\"https:\\\/\\\/casadecampoliving.com\\\/es\\\/#\\\/schema\\\/logo\\\/image\\\/\"},\"sameAs\":[\"https:\\\/\\\/www.facebook.com\\\/casadecampoliving\",\"https:\\\/\\\/x.com\\\/cdcliving\"]},{\"@type\":\"Person\",\"@id\":\"https:\\\/\\\/casadecampoliving.com\\\/es\\\/#\\\/schema\\\/person\\\/5d2171637a9d11e0e43ce6b8555f9422\",\"name\":\"Casa de Campo Living\",\"image\":{\"@type\":\"ImageObject\",\"inLanguage\":\"es\",\"@id\":\"https:\\\/\\\/secure.gravatar.com\\\/avatar\\\/d04101fa4a9fd431e939953b1500fdc7a73cd35029f86d98712fd8ccdaebaf9a?s=96&d=mm&r=g\",\"url\":\"https:\\\/\\\/secure.gravatar.com\\\/avatar\\\/d04101fa4a9fd431e939953b1500fdc7a73cd35029f86d98712fd8ccdaebaf9a?s=96&d=mm&r=g\",\"contentUrl\":\"https:\\\/\\\/secure.gravatar.com\\\/avatar\\\/d04101fa4a9fd431e939953b1500fdc7a73cd35029f86d98712fd8ccdaebaf9a?s=96&d=mm&r=g\",\"caption\":\"Casa de Campo Living\"},\"url\":\"https:\\\/\\\/casadecampoliving.com\\\/es\\\/author\\\/casa-de-campo-living\\\/\"}]}<\/script>\n<!-- \/ Yoast SEO plugin. -->","yoast_head_json":{"title":"Casa de Campo se Prepara para un Fin de Semana Rojo, Blanco y Azul | Casa de Campo Living","description":"Casa de Campo Resort &amp; Villas trae las estrellas y franjas al Caribe con su tradicional celebraci\u00f3n de la independencia al estilo americano. Del 4 al","robots":{"index":"index","follow":"follow","max-snippet":"max-snippet:-1","max-image-preview":"max-image-preview:large","max-video-preview":"max-video-preview:-1"},"canonical":"https:\/\/casadecampoliving.com\/es\/casa-de-campo-se-prepara-para-un-fin-de-semana-rojo-blanco-y-azul\/","og_locale":"es_ES","og_type":"article","og_title":"Casa de Campo se Prepara para un Fin de Semana Rojo, Blanco y Azul | Casa de Campo Living","og_description":"Casa de Campo Resort &amp; Villas trae las estrellas y franjas al Caribe con su tradicional celebraci\u00f3n de la independencia al estilo americano. Del 4 al","og_url":"https:\/\/casadecampoliving.com\/es\/casa-de-campo-se-prepara-para-un-fin-de-semana-rojo-blanco-y-azul\/","og_site_name":"Casa de Campo Living","article_publisher":"https:\/\/www.facebook.com\/casadecampoliving","article_published_time":"2025-06-18T19:19:30+00:00","article_modified_time":"2025-06-18T21:18:26+00:00","og_image":[{"width":2560,"height":1920,"url":"https:\/\/casadecampoliving.com\/wp-content\/uploads\/2025\/06\/DSC09446-scaled.jpg","type":"image\/jpeg"}],"author":"Casa de Campo Living","twitter_card":"summary_large_image","twitter_creator":"@cdcliving","twitter_site":"@cdcliving","twitter_misc":{"Escrito por":"Casa de Campo Living","Tiempo de lectura":"3 minutos"},"schema":{"@context":"https:\/\/schema.org","@graph":[{"@type":"Article","@id":"https:\/\/casadecampoliving.com\/es\/casa-de-campo-se-prepara-para-un-fin-de-semana-rojo-blanco-y-azul\/#article","isPartOf":{"@id":"https:\/\/casadecampoliving.com\/es\/casa-de-campo-se-prepara-para-un-fin-de-semana-rojo-blanco-y-azul\/"},"author":{"name":"Casa de Campo Living","@id":"https:\/\/casadecampoliving.com\/es\/#\/schema\/person\/5d2171637a9d11e0e43ce6b8555f9422"},"headline":"Casa de Campo se Prepara para un Fin de Semana Rojo, Blanco y Azul","datePublished":"2025-06-18T19:19:30+00:00","dateModified":"2025-06-18T21:18:26+00:00","mainEntityOfPage":{"@id":"https:\/\/casadecampoliving.com\/es\/casa-de-campo-se-prepara-para-un-fin-de-semana-rojo-blanco-y-azul\/"},"wordCount":372,"publisher":{"@id":"https:\/\/casadecampoliving.com\/es\/#organization"},"image":{"@id":"https:\/\/casadecampoliving.com\/es\/casa-de-campo-se-prepara-para-un-fin-de-semana-rojo-blanco-y-azul\/#primaryimage"},"thumbnailUrl":"https:\/\/i0.wp.com\/casadecampoliving.com\/wp-content\/uploads\/2025\/06\/DSC09446-scaled.jpg?fit=2560%2C1920&ssl=1","keywords":["Casa de Campo","casa de campo @es","comunidad de casa de campo","eventos y actividades","Featured-TopView @es","fin de semana familiar","Proximamente"],"articleSection":["Estilo de Vida","Eventos","Lifestyle","Proximamente"],"inLanguage":"es"},{"@type":"WebPage","@id":"https:\/\/casadecampoliving.com\/es\/casa-de-campo-se-prepara-para-un-fin-de-semana-rojo-blanco-y-azul\/","url":"https:\/\/casadecampoliving.com\/es\/casa-de-campo-se-prepara-para-un-fin-de-semana-rojo-blanco-y-azul\/","name":"Casa de Campo se Prepara para un Fin de Semana Rojo, Blanco y Azul | Casa de Campo Living","isPartOf":{"@id":"https:\/\/casadecampoliving.com\/es\/#website"},"primaryImageOfPage":{"@id":"https:\/\/casadecampoliving.com\/es\/casa-de-campo-se-prepara-para-un-fin-de-semana-rojo-blanco-y-azul\/#primaryimage"},"image":{"@id":"https:\/\/casadecampoliving.com\/es\/casa-de-campo-se-prepara-para-un-fin-de-semana-rojo-blanco-y-azul\/#primaryimage"},"thumbnailUrl":"https:\/\/i0.wp.com\/casadecampoliving.com\/wp-content\/uploads\/2025\/06\/DSC09446-scaled.jpg?fit=2560%2C1920&ssl=1","datePublished":"2025-06-18T19:19:30+00:00","dateModified":"2025-06-18T21:18:26+00:00","description":"Casa de Campo Resort &amp; Villas trae las estrellas y franjas al Caribe con su tradicional celebraci\u00f3n de la independencia al estilo americano. Del 4 al","breadcrumb":{"@id":"https:\/\/casadecampoliving.com\/es\/casa-de-campo-se-prepara-para-un-fin-de-semana-rojo-blanco-y-azul\/#breadcrumb"},"inLanguage":"es","potentialAction":[{"@type":"ReadAction","target":["https:\/\/casadecampoliving.com\/es\/casa-de-campo-se-prepara-para-un-fin-de-semana-rojo-blanco-y-azul\/"]}]},{"@type":"ImageObject","inLanguage":"es","@id":"https:\/\/casadecampoliving.com\/es\/casa-de-campo-se-prepara-para-un-fin-de-semana-rojo-blanco-y-azul\/#primaryimage","url":"https:\/\/i0.wp.com\/casadecampoliving.com\/wp-content\/uploads\/2025\/06\/DSC09446-scaled.jpg?fit=2560%2C1920&ssl=1","contentUrl":"https:\/\/i0.wp.com\/casadecampoliving.com\/wp-content\/uploads\/2025\/06\/DSC09446-scaled.jpg?fit=2560%2C1920&ssl=1","width":2560,"height":1920},{"@type":"BreadcrumbList","@id":"https:\/\/casadecampoliving.com\/es\/casa-de-campo-se-prepara-para-un-fin-de-semana-rojo-blanco-y-azul\/#breadcrumb","itemListElement":[{"@type":"ListItem","position":1,"name":"Home","item":"https:\/\/casadecampoliving.com\/es\/"},{"@type":"ListItem","position":2,"name":"Casa de Campo se Prepara para un Fin de Semana Rojo, Blanco y Azul"}]},{"@type":"WebSite","@id":"https:\/\/casadecampoliving.com\/es\/#website","url":"https:\/\/casadecampoliving.com\/es\/","name":"Casa de Campo Living","description":"Resort community news and resources.","publisher":{"@id":"https:\/\/casadecampoliving.com\/es\/#organization"},"potentialAction":[{"@type":"SearchAction","target":{"@type":"EntryPoint","urlTemplate":"https:\/\/casadecampoliving.com\/es\/?s={search_term_string}"},"query-input":{"@type":"PropertyValueSpecification","valueRequired":true,"valueName":"search_term_string"}}],"inLanguage":"es"},{"@type":"Organization","@id":"https:\/\/casadecampoliving.com\/es\/#organization","name":"Casa de Campo Living","url":"https:\/\/casadecampoliving.com\/es\/","logo":{"@type":"ImageObject","inLanguage":"es","@id":"https:\/\/casadecampoliving.com\/es\/#\/schema\/logo\/image\/","url":"https:\/\/i0.wp.com\/casadecampoliving.com\/wp-content\/uploads\/2022\/07\/CDCLivingLogo_V1-white-sized.png?fit=800%2C214&ssl=1","contentUrl":"https:\/\/i0.wp.com\/casadecampoliving.com\/wp-content\/uploads\/2022\/07\/CDCLivingLogo_V1-white-sized.png?fit=800%2C214&ssl=1","width":800,"height":214,"caption":"Casa de Campo Living"},"image":{"@id":"https:\/\/casadecampoliving.com\/es\/#\/schema\/logo\/image\/"},"sameAs":["https:\/\/www.facebook.com\/casadecampoliving","https:\/\/x.com\/cdcliving"]},{"@type":"Person","@id":"https:\/\/casadecampoliving.com\/es\/#\/schema\/person\/5d2171637a9d11e0e43ce6b8555f9422","name":"Casa de Campo Living","image":{"@type":"ImageObject","inLanguage":"es","@id":"https:\/\/secure.gravatar.com\/avatar\/d04101fa4a9fd431e939953b1500fdc7a73cd35029f86d98712fd8ccdaebaf9a?s=96&d=mm&r=g","url":"https:\/\/secure.gravatar.com\/avatar\/d04101fa4a9fd431e939953b1500fdc7a73cd35029f86d98712fd8ccdaebaf9a?s=96&d=mm&r=g","contentUrl":"https:\/\/secure.gravatar.com\/avatar\/d04101fa4a9fd431e939953b1500fdc7a73cd35029f86d98712fd8ccdaebaf9a?s=96&d=mm&r=g","caption":"Casa de Campo Living"},"url":"https:\/\/casadecampoliving.com\/es\/author\/casa-de-campo-living\/"}]}},"parsely":{"version":"1.1.0","canonical_url":"https:\/\/casadecampoliving.com\/es\/casa-de-campo-se-prepara-para-un-fin-de-semana-rojo-blanco-y-azul\/","smart_links":{"inbound":0,"outbound":0},"traffic_boost_suggestions_count":0,"meta":{"@context":"https:\/\/schema.org","@type":"NewsArticle","headline":"Casa de Campo se Prepara para un Fin de Semana Rojo, Blanco y Azul","url":"http:\/\/casadecampoliving.com\/es\/casa-de-campo-se-prepara-para-un-fin-de-semana-rojo-blanco-y-azul\/","mainEntityOfPage":{"@type":"WebPage","@id":"http:\/\/casadecampoliving.com\/es\/casa-de-campo-se-prepara-para-un-fin-de-semana-rojo-blanco-y-azul\/"},"thumbnailUrl":"https:\/\/i0.wp.com\/casadecampoliving.com\/wp-content\/uploads\/2025\/06\/DSC09446-scaled.jpg?resize=150%2C150&ssl=1","image":{"@type":"ImageObject","url":"https:\/\/i0.wp.com\/casadecampoliving.com\/wp-content\/uploads\/2025\/06\/DSC09446-scaled.jpg?fit=2560%2C1920&ssl=1"},"articleSection":"Estilo de Vida","author":[{"@type":"Person","name":"Casa de Campo Living"}],"creator":["Casa de Campo Living"],"publisher":{"@type":"Organization","name":"Casa de Campo Living","logo":"https:\/\/casadecampoliving.com\/wp-content\/uploads\/2022\/07\/CDCLivingLogo_V1-white-sized.png"},"keywords":["casa de campo","casa de campo @es","comunidad de casa de campo","eventos y actividades","featured-topview @es","fin de semana familiar","proximamente"],"dateCreated":"2025-06-18T19:19:30Z","datePublished":"2025-06-18T19:19:30Z","dateModified":"2025-06-18T21:18:26Z"},"rendered":"<script type=\"application\/ld+json\" class=\"wp-parsely-metadata\">{\"@context\":\"https:\\\/\\\/schema.org\",\"@type\":\"NewsArticle\",\"headline\":\"Casa de Campo se Prepara para un Fin de Semana Rojo, Blanco y Azul\",\"url\":\"http:\\\/\\\/casadecampoliving.com\\\/es\\\/casa-de-campo-se-prepara-para-un-fin-de-semana-rojo-blanco-y-azul\\\/\",\"mainEntityOfPage\":{\"@type\":\"WebPage\",\"@id\":\"http:\\\/\\\/casadecampoliving.com\\\/es\\\/casa-de-campo-se-prepara-para-un-fin-de-semana-rojo-blanco-y-azul\\\/\"},\"thumbnailUrl\":\"https:\\\/\\\/i0.wp.com\\\/casadecampoliving.com\\\/wp-content\\\/uploads\\\/2025\\\/06\\\/DSC09446-scaled.jpg?resize=150%2C150&ssl=1\",\"image\":{\"@type\":\"ImageObject\",\"url\":\"https:\\\/\\\/i0.wp.com\\\/casadecampoliving.com\\\/wp-content\\\/uploads\\\/2025\\\/06\\\/DSC09446-scaled.jpg?fit=2560%2C1920&ssl=1\"},\"articleSection\":\"Estilo de Vida\",\"author\":[{\"@type\":\"Person\",\"name\":\"Casa de Campo Living\"}],\"creator\":[\"Casa de Campo Living\"],\"publisher\":{\"@type\":\"Organization\",\"name\":\"Casa de Campo Living\",\"logo\":\"https:\\\/\\\/casadecampoliving.com\\\/wp-content\\\/uploads\\\/2022\\\/07\\\/CDCLivingLogo_V1-white-sized.png\"},\"keywords\":[\"casa de campo\",\"casa de campo @es\",\"comunidad de casa de campo\",\"eventos y actividades\",\"featured-topview @es\",\"fin de semana familiar\",\"proximamente\"],\"dateCreated\":\"2025-06-18T19:19:30Z\",\"datePublished\":\"2025-06-18T19:19:30Z\",\"dateModified\":\"2025-06-18T21:18:26Z\"}<\/script>","tracker_url":"https:\/\/cdn.parsely.com\/keys\/casadecampoliving.com\/p.js"},"jetpack_publicize_connections":[],"jetpack_featured_media_url":"https:\/\/i0.wp.com\/casadecampoliving.com\/wp-content\/uploads\/2025\/06\/DSC09446-scaled.jpg?fit=2560%2C1920&ssl=1","jetpack-related-posts":[{"id":433460,"url":"https:\/\/casadecampoliving.com\/es\/no-se-pierdan-el-increible-tributo-a-frank-sinatra-para-celebrar-el-40-aniversario-del-anfiteatro-altos-de-chavon\/","url_meta":{"origin":542187,"position":0},"title":"No se pierdan el incre\u00edble tributo a Frank Sinatra para celebrar el 40 aniversario del\u00a0Anfiteatro Altos de Chav\u00f3n","author":"Casa de Campo Living","date":"20 Oct, 2022","format":false,"excerpt":"Siendo uno de los escenarios m\u00e1s emblem\u00e1ticos del pa\u00eds, Casa de Campo Resort\u00ae & Villas celebra las cuatro d\u00e9cadas de aniversario de Altos de Chav\u00f3n con un tributo al gran Frank Sinatra, protagonizado por artistas invitados y una big band tal cual la que acompa\u00f1\u00f3 al artista hace 40 a\u00f1os\u2026","rel":"","context":"En \u00abUncategorized @es\u00bb","block_context":{"text":"Uncategorized @es","link":"https:\/\/casadecampoliving.com\/es\/category\/uncategorized-es\/"},"img":{"alt_text":"","src":"https:\/\/i0.wp.com\/casadecampoliving.com\/wp-content\/uploads\/2022\/10\/Tributo-Frank-Sinatra-Foto-Principal-Amaury-Sanchez-Danilo-Ginebra-Andres-Pichardo-y-Jose-Gabriel-Perez-.jpg?fit=1200%2C873&ssl=1&resize=350%2C200","width":350,"height":200,"srcset":"https:\/\/i0.wp.com\/casadecampoliving.com\/wp-content\/uploads\/2022\/10\/Tributo-Frank-Sinatra-Foto-Principal-Amaury-Sanchez-Danilo-Ginebra-Andres-Pichardo-y-Jose-Gabriel-Perez-.jpg?fit=1200%2C873&ssl=1&resize=350%2C200 1x, https:\/\/i0.wp.com\/casadecampoliving.com\/wp-content\/uploads\/2022\/10\/Tributo-Frank-Sinatra-Foto-Principal-Amaury-Sanchez-Danilo-Ginebra-Andres-Pichardo-y-Jose-Gabriel-Perez-.jpg?fit=1200%2C873&ssl=1&resize=525%2C300 1.5x, https:\/\/i0.wp.com\/casadecampoliving.com\/wp-content\/uploads\/2022\/10\/Tributo-Frank-Sinatra-Foto-Principal-Amaury-Sanchez-Danilo-Ginebra-Andres-Pichardo-y-Jose-Gabriel-Perez-.jpg?fit=1200%2C873&ssl=1&resize=700%2C400 2x, https:\/\/i0.wp.com\/casadecampoliving.com\/wp-content\/uploads\/2022\/10\/Tributo-Frank-Sinatra-Foto-Principal-Amaury-Sanchez-Danilo-Ginebra-Andres-Pichardo-y-Jose-Gabriel-Perez-.jpg?fit=1200%2C873&ssl=1&resize=1050%2C600 3x"},"classes":[]},{"id":351955,"url":"https:\/\/casadecampoliving.com\/es\/marque-la-fecha-para-el-fin-de-semana-de-duenos-de-este-ano\/","url_meta":{"origin":542187,"position":1},"title":"\u00a1Marque la fecha para el fin de semana de Due\u00f1os de este a\u00f1o!","author":"Marlenys Guzm\u00e1n Casta\u00f1os","date":"8 Sep, 2017","format":false,"excerpt":"\u00a1Estamos emocionados de traerle una excelente noticia despu\u00e9s de todas las preocupaciones del hurac\u00e1n! Las fechas de uno de los eventos anuales favoritos de Casa han sido anunciadas. La celebraci\u00f3n anual de Due\u00f1os en Casa de Campo est\u00e1 a dos meses de distancia. El viernes 17 \u2013 s\u00e1bado 18 de\u2026","rel":"","context":"En \u00abComidas &amp; Bebidas\u00bb","block_context":{"text":"Comidas &amp; Bebidas","link":"https:\/\/casadecampoliving.com\/es\/category\/comidas-bebidas\/"},"img":{"alt_text":"","src":"https:\/\/i0.wp.com\/casadecampoliving.com\/wp-content\/uploads\/2022\/10\/DSC_1333-1.jpg?fit=1000%2C665&ssl=1&resize=350%2C200","width":350,"height":200,"srcset":"https:\/\/i0.wp.com\/casadecampoliving.com\/wp-content\/uploads\/2022\/10\/DSC_1333-1.jpg?fit=1000%2C665&ssl=1&resize=350%2C200 1x, https:\/\/i0.wp.com\/casadecampoliving.com\/wp-content\/uploads\/2022\/10\/DSC_1333-1.jpg?fit=1000%2C665&ssl=1&resize=525%2C300 1.5x, https:\/\/i0.wp.com\/casadecampoliving.com\/wp-content\/uploads\/2022\/10\/DSC_1333-1.jpg?fit=1000%2C665&ssl=1&resize=700%2C400 2x"},"classes":[]},{"id":350569,"url":"https:\/\/casadecampoliving.com\/es\/2016-duenos-fin-de-semana\/","url_meta":{"origin":542187,"position":2},"title":"\u00a1Reserven la fecha para el fin de semana de Due\u00f1os 2016!","author":"Heather Lincoln","date":"30 Sep, 2016","format":false,"excerpt":"La celebraci\u00f3n anual para los due\u00f1os de villas de Casa de Campo ya tiene fecha \u00a1y ser\u00e1 el mes que viene! El viernes 28 de octubre y el s\u00e1bado 29, ser\u00e1 un fin de semana lleno\u00a0de diversi\u00f3n \u00a1que usted no querr\u00e1 perderse! Organizado por Costasur y Casa de Campo, la\u2026","rel":"","context":"En \u00abCostasur Dominicana @es\u00bb","block_context":{"text":"Costasur Dominicana @es","link":"https:\/\/casadecampoliving.com\/es\/category\/costasur-dominicana-es\/"},"img":{"alt_text":"Due\u00f1os Weekend","src":"https:\/\/i0.wp.com\/casadecampoliving.com\/wp-content\/uploads\/2022\/10\/DSC_0355-1-e1475268776538.jpg?fit=1000%2C667&ssl=1&resize=350%2C200","width":350,"height":200,"srcset":"https:\/\/i0.wp.com\/casadecampoliving.com\/wp-content\/uploads\/2022\/10\/DSC_0355-1-e1475268776538.jpg?fit=1000%2C667&ssl=1&resize=350%2C200 1x, https:\/\/i0.wp.com\/casadecampoliving.com\/wp-content\/uploads\/2022\/10\/DSC_0355-1-e1475268776538.jpg?fit=1000%2C667&ssl=1&resize=525%2C300 1.5x, https:\/\/i0.wp.com\/casadecampoliving.com\/wp-content\/uploads\/2022\/10\/DSC_0355-1-e1475268776538.jpg?fit=1000%2C667&ssl=1&resize=700%2C400 2x"},"classes":[]},{"id":348317,"url":"https:\/\/casadecampoliving.com\/es\/reserve-la-fecha-para-duenos-2015\/","url_meta":{"origin":542187,"position":3},"title":"\u00a1Reserve la fecha para Due\u00f1os 2015!","author":"Felix Guerrero","date":"25 Sep, 2015","format":false,"excerpt":"\u00a1Nos emociona traerles una excelente noticia! Uno de nuestros eventos anuales favoritas ya tiene fecha. La celebraci\u00f3n organizada por Costasur y Casa de Campo para los Due\u00f1os\u00a0de la villa de Casa de Campo, \u201cDue\u00f1os 2015\u201d, se llevar\u00e1 a cabo desde el viernes 30 de octubre al Domingo 1ro de noviembre.\u2026","rel":"","context":"En \u00abCasa de Campo Living @es\u00bb","block_context":{"text":"Casa de Campo Living @es","link":"https:\/\/casadecampoliving.com\/category\/casa-de-campo-living-es\/"},"img":{"alt_text":"","src":"https:\/\/i0.wp.com\/casadecampoliving.com\/wp-content\/uploads\/2022\/10\/Casa_de_Campo_Duenos_2014_shooting-1.jpg?fit=800%2C534&ssl=1&resize=350%2C200","width":350,"height":200,"srcset":"https:\/\/i0.wp.com\/casadecampoliving.com\/wp-content\/uploads\/2022\/10\/Casa_de_Campo_Duenos_2014_shooting-1.jpg?fit=800%2C534&ssl=1&resize=350%2C200 1x, https:\/\/i0.wp.com\/casadecampoliving.com\/wp-content\/uploads\/2022\/10\/Casa_de_Campo_Duenos_2014_shooting-1.jpg?fit=800%2C534&ssl=1&resize=525%2C300 1.5x, https:\/\/i0.wp.com\/casadecampoliving.com\/wp-content\/uploads\/2022\/10\/Casa_de_Campo_Duenos_2014_shooting-1.jpg?fit=800%2C534&ssl=1&resize=700%2C400 2x"},"classes":[]},{"id":353576,"url":"https:\/\/casadecampoliving.com\/es\/vea-todas-las-actividades-divertidas-que-duenos-2019-ha-planeado-para-usted-la-proxima-semana\/","url_meta":{"origin":542187,"position":4},"title":"\u00a1Vea todas las actividades divertidas que Due\u00f1os 2019 ha planeado para usted la pr\u00f3xima semana!","author":"Casa de Campo Living","date":"16 Oct, 2019","format":false,"excerpt":"\u00a1Due\u00f1os 2019 es la fiesta del a\u00f1o! Los amigos de toda la vida volver\u00e1n a estar aqu\u00ed en el resort para disfrutar este fin de semana con nosotros. La celebraci\u00f3n anual de Due\u00f1os organizada por Costasur es una reuni\u00f3n fabulosa de todos los propietarios de villas de Casa de Campo,\u2026","rel":"","context":"En \u00abComidas &amp; Bebidas\u00bb","block_context":{"text":"Comidas &amp; Bebidas","link":"https:\/\/casadecampoliving.com\/es\/category\/comidas-bebidas\/"},"img":{"alt_text":"","src":"https:\/\/i0.wp.com\/casadecampoliving.com\/wp-content\/uploads\/2022\/10\/DSC_8566.jpg?fit=1000%2C601&ssl=1&resize=350%2C200","width":350,"height":200,"srcset":"https:\/\/i0.wp.com\/casadecampoliving.com\/wp-content\/uploads\/2022\/10\/DSC_8566.jpg?fit=1000%2C601&ssl=1&resize=350%2C200 1x, https:\/\/i0.wp.com\/casadecampoliving.com\/wp-content\/uploads\/2022\/10\/DSC_8566.jpg?fit=1000%2C601&ssl=1&resize=525%2C300 1.5x, https:\/\/i0.wp.com\/casadecampoliving.com\/wp-content\/uploads\/2022\/10\/DSC_8566.jpg?fit=1000%2C601&ssl=1&resize=700%2C400 2x"},"classes":[]},{"id":352928,"url":"https:\/\/casadecampoliving.com\/es\/esta-listo-para-duenos-2018-este-fin-de-semana\/","url_meta":{"origin":542187,"position":5},"title":"\u00bfEst\u00e1 listo para Due\u00f1os 2018 este fin de semana?","author":"Casa de Campo Living","date":"10 Oct, 2018","format":false,"excerpt":"\u00a1Due\u00f1os 2018 es la fiesta del a\u00f1o! La celebraci\u00f3n anual Due\u00f1os organizado por Costasur\u00a0es un fabuloso encuentro de todos los due\u00f1os de villas de Casa de Campo, para dar gracias por su lealtad\u2026 \u00a1Y para que todos pasen\u00a0un gran tiempo juntos! Este uno de los momentos m\u00e1s esperados del a\u00f1o\u2026","rel":"","context":"En \u00abCostasur Dominicana @es\u00bb","block_context":{"text":"Costasur Dominicana @es","link":"https:\/\/casadecampoliving.com\/es\/category\/costasur-dominicana-es\/"},"img":{"alt_text":"","src":"https:\/\/i0.wp.com\/casadecampoliving.com\/wp-content\/uploads\/2018\/10\/Nicole-Volk-Liz-Dominguez-Andrea-Lopez.jpg?resize=350%2C200&ssl=1","width":350,"height":200,"srcset":"https:\/\/i0.wp.com\/casadecampoliving.com\/wp-content\/uploads\/2018\/10\/Nicole-Volk-Liz-Dominguez-Andrea-Lopez.jpg?resize=350%2C200&ssl=1 1x, https:\/\/i0.wp.com\/casadecampoliving.com\/wp-content\/uploads\/2018\/10\/Nicole-Volk-Liz-Dominguez-Andrea-Lopez.jpg?resize=525%2C300&ssl=1 1.5x, https:\/\/i0.wp.com\/casadecampoliving.com\/wp-content\/uploads\/2018\/10\/Nicole-Volk-Liz-Dominguez-Andrea-Lopez.jpg?resize=700%2C400&ssl=1 2x"},"classes":[]}],"jetpack_sharing_enabled":true,"_links":{"self":[{"href":"https:\/\/casadecampoliving.com\/es\/wp-json\/wp\/v2\/posts\/542187","targetHints":{"allow":["GET"]}}],"collection":[{"href":"https:\/\/casadecampoliving.com\/es\/wp-json\/wp\/v2\/posts"}],"about":[{"href":"https:\/\/casadecampoliving.com\/es\/wp-json\/wp\/v2\/types\/post"}],"author":[{"embeddable":true,"href":"https:\/\/casadecampoliving.com\/es\/wp-json\/wp\/v2\/users\/36791"}],"replies":[{"embeddable":true,"href":"https:\/\/casadecampoliving.com\/es\/wp-json\/wp\/v2\/comments?post=542187"}],"version-history":[{"count":4,"href":"https:\/\/casadecampoliving.com\/es\/wp-json\/wp\/v2\/posts\/542187\/revisions"}],"predecessor-version":[{"id":542198,"href":"https:\/\/casadecampoliving.com\/es\/wp-json\/wp\/v2\/posts\/542187\/revisions\/542198"}],"wp:featuredmedia":[{"embeddable":true,"href":"https:\/\/casadecampoliving.com\/es\/wp-json\/wp\/v2\/media\/542172"}],"wp:attachment":[{"href":"https:\/\/casadecampoliving.com\/es\/wp-json\/wp\/v2\/media?parent=542187"}],"wp:term":[{"taxonomy":"category","embeddable":true,"href":"https:\/\/casadecampoliving.com\/es\/wp-json\/wp\/v2\/categories?post=542187"},{"taxonomy":"post_tag","embeddable":true,"href":"https:\/\/casadecampoliving.com\/es\/wp-json\/wp\/v2\/tags?post=542187"},{"taxonomy":"newspack_spnsrs_tax","embeddable":true,"href":"https:\/\/casadecampoliving.com\/es\/wp-json\/wp\/v2\/newspack_spnsrs_tax?post=542187"}],"curies":[{"name":"wp","href":"https:\/\/api.w.org\/{rel}","templated":true}]}}