{"id":541594,"date":"2025-06-09T14:52:34","date_gmt":"2025-06-09T18:52:34","guid":{"rendered":"https:\/\/casadecampoliving.com\/?p=541594"},"modified":"2025-06-09T15:17:48","modified_gmt":"2025-06-09T19:17:48","slug":"marques-de-murrieta-y-el-catador-presentan-encuentro-exclusivo-en-la-marina","status":"publish","type":"post","link":"https:\/\/casadecampoliving.com\/es\/marques-de-murrieta-y-el-catador-presentan-encuentro-exclusivo-en-la-marina\/","title":{"rendered":"Marqu\u00e9s de Murrieta y El Catador realizar\u00e1n encuentro exclusivo en La Marina"},"content":{"rendered":"\n<p>En el marco del 50 aniversario de Casa de Campo Resort &amp; Villas, El Catador se honra en recibir a Vicente Cebri\u00e1n-Sagarriga, Conde de Creixell y presidente de la prestigiosa bodega Marqu\u00e9s de Murrieta, para un exclusivo encuentro y degustaci\u00f3n de vinos el pr\u00f3ximo viernes 13 de junio en su tienda ubicada en La Marina Casa de Campo.<\/p>\n\n\n\n<p>El evento, en formato Open House, se celebrar\u00e1 de 5:00 p.m. a 8:00 p.m., y ser\u00e1 una oportunidad \u00fanica para compartir con una de las figuras m\u00e1s influyentes del mundo vin\u00edcola. Vicente, reconocido por su visi\u00f3n innovadora y pasi\u00f3n por el vino, ha posicionado a Marqu\u00e9s de Murrieta como un referente internacional de excelencia y legado.<\/p>\n\n\n\n<p>Durante el encuentro, los asistentes podr\u00e1n degustar etiquetas ic\u00f3nicas como Pazo Barrantes y Murrieta Reserva, adquirir sus botellas favoritas y llevarlas firmadas por el propio Vicente. Adem\u00e1s, se ofrecer\u00e1 una promoci\u00f3n especial durante el fin de semana, y una estaci\u00f3n de grabado en vivo permitir\u00e1 personalizar bolsos de Murrieta como recuerdo exclusivo.<\/p>\n\n\n\n<p>El director general de La Marina Casa de Campo Jos\u00e9 Gonzalvo, expres\u00f3 que este tipo de eventos fortalecen el posicionamiento de La Marina como un punto de encuentro para experiencias de lujo y cultura. \u201cEs un privilegio contar con la presencia de una figura como Vicente Cebri\u00e1n-Sagarriga en nuestras instalaciones, coment\u00f3\u201d.<\/p>\n\n\n\n<p>Mientras que, Julio Alfonso, administrador de El Catador La Marina, indic\u00f3 que es un honor recibir a Vicente y presentar junto a Marqu\u00e9s de Murrieta esta velada que celebra la tradici\u00f3n, la innovaci\u00f3n y el arte de hacer vino. \u201cInvitamos a todos los amantes del vino a vivir esta experiencia inolvidable\u201d, a\u00f1adi\u00f3.<\/p>\n\n\n\n<p><strong>Lugar: <\/strong>Tienda El Catador, La Marina Casa de Campo<\/p>\n\n\n\n<p><strong>Fecha:<\/strong> Viernes 13 de junio<\/p>\n\n\n\n<p><strong>Hora:<\/strong> 5:00 p.m. \u2013 8:00 p.m.<\/p>\n\n\n\n<p>Entrada libre para todos los residentes e invitados de Casa de Campo Resort<\/p>\n\n\n\n<p>No pierdas esta experiencia irrepetible de vino, historia y elegancia.<\/p>\n\n\n\n<figure class=\"wp-block-image size-large\"><img data-recalc-dims=\"1\" loading=\"lazy\" decoding=\"async\" width=\"576\" height=\"1024\" data-attachment-id=\"541597\" data-permalink=\"https:\/\/casadecampoliving.com\/es\/marques-de-murrieta-y-el-catador-presentan-encuentro-exclusivo-en-la-marina\/whatsapp-image-2025-06-08-at-10-49-51-am\/\" data-orig-file=\"https:\/\/i0.wp.com\/casadecampoliving.com\/wp-content\/uploads\/2025\/06\/WhatsApp-Image-2025-06-08-at-10.49.51-AM.jpeg?fit=720%2C1280&amp;ssl=1\" data-orig-size=\"720,1280\" data-comments-opened=\"0\" data-image-meta=\"{&quot;aperture&quot;:&quot;0&quot;,&quot;credit&quot;:&quot;&quot;,&quot;camera&quot;:&quot;&quot;,&quot;caption&quot;:&quot;&quot;,&quot;created_timestamp&quot;:&quot;0&quot;,&quot;copyright&quot;:&quot;&quot;,&quot;focal_length&quot;:&quot;0&quot;,&quot;iso&quot;:&quot;0&quot;,&quot;shutter_speed&quot;:&quot;0&quot;,&quot;title&quot;:&quot;&quot;,&quot;orientation&quot;:&quot;0&quot;}\" data-image-title=\"WhatsApp Image 2025-06-08 at 10.49.51 AM\" data-image-description=\"\" data-image-caption=\"\" data-large-file=\"https:\/\/i0.wp.com\/casadecampoliving.com\/wp-content\/uploads\/2025\/06\/WhatsApp-Image-2025-06-08-at-10.49.51-AM.jpeg?fit=576%2C1024&amp;ssl=1\" src=\"https:\/\/i0.wp.com\/casadecampoliving.com\/wp-content\/uploads\/2025\/06\/WhatsApp-Image-2025-06-08-at-10.49.51-AM.jpeg?resize=576%2C1024&#038;ssl=1\" alt=\"\" class=\"wp-image-541597\" srcset=\"https:\/\/i0.wp.com\/casadecampoliving.com\/wp-content\/uploads\/2025\/06\/WhatsApp-Image-2025-06-08-at-10.49.51-AM.jpeg?resize=576%2C1024&amp;ssl=1 576w, https:\/\/i0.wp.com\/casadecampoliving.com\/wp-content\/uploads\/2025\/06\/WhatsApp-Image-2025-06-08-at-10.49.51-AM.jpeg?resize=169%2C300&amp;ssl=1 169w, https:\/\/i0.wp.com\/casadecampoliving.com\/wp-content\/uploads\/2025\/06\/WhatsApp-Image-2025-06-08-at-10.49.51-AM.jpeg?resize=400%2C711&amp;ssl=1 400w, https:\/\/i0.wp.com\/casadecampoliving.com\/wp-content\/uploads\/2025\/06\/WhatsApp-Image-2025-06-08-at-10.49.51-AM.jpeg?resize=150%2C267&amp;ssl=1 150w, https:\/\/i0.wp.com\/casadecampoliving.com\/wp-content\/uploads\/2025\/06\/WhatsApp-Image-2025-06-08-at-10.49.51-AM.jpeg?w=720&amp;ssl=1 720w, https:\/\/i0.wp.com\/casadecampoliving.com\/wp-content\/uploads\/2025\/06\/WhatsApp-Image-2025-06-08-at-10.49.51-AM-576x1024.jpeg?w=370&amp;ssl=1 370w\" sizes=\"auto, (max-width: 576px) 100vw, 576px\" \/><\/figure>\n","protected":false},"excerpt":{"rendered":"<p>En el marco del 50 aniversario de Casa de Campo Resort &amp; Villas, El Catador se honra en recibir a Vicente Cebri\u00e1n-Sagarriga, Conde de Creixell y presidente de la prestigiosa bodega Marqu\u00e9s de Murrieta, para un exclusivo encuentro y degustaci\u00f3n de vinos el pr\u00f3ximo viernes 13 de junio en su tienda ubicada en La Marina [&hellip;]<\/p>\n","protected":false},"author":431,"featured_media":541616,"comment_status":"closed","ping_status":"closed","sticky":false,"template":"","format":"standard","meta":{"newspack_ads_suppress_ads":false,"newspack_popups_has_disabled_popups":false,"newspack_sponsor_sponsorship_scope":"","newspack_sponsor_native_byline_display":"inherit","newspack_sponsor_native_category_display":"inherit","newspack_sponsor_underwriter_style":"inherit","newspack_sponsor_underwriter_placement":"inherit","_newspack_byline_active":false,"_newspack_byline":"","newspack_hide_updated_date":false,"newspack_show_updated_date":false,"newspack_content_restriction_is_exempt":false,"newspack_featured_image_position":"","newspack_post_subtitle":"En el evento estar\u00e1 presente Vicente Cebri\u00e1n-Sagarriga, Conde de Creixell y presidente de la bodega Marqu\u00e9s de Murrieta ","newspack_article_summary_title":"Overview:","newspack_article_summary":"","_jetpack_memberships_contains_paid_content":false,"footnotes":"","jetpack_publicize_message":"","jetpack_publicize_feature_enabled":true,"jetpack_social_post_already_shared":true,"jetpack_social_options":{"image_generator_settings":{"template":"highway","default_image_id":0,"enabled":false},"version":2},"_wpas_customize_per_network":false},"categories":[26392,14629,24554,26581,14627],"tags":[3626,14736,2590],"newspack_spnsrs_tax":[],"class_list":["post-541594","post","type-post","status-publish","format-standard","has-post-thumbnail","hentry","category-casa-de-campo-resort-villas","category-comidas-bebidas","category-comunidad","category-la-marina-casa-de-campo","category-proximamente","tag-casa-de-campo-es","tag-featured-topview-es","tag-la-marina-casa-de-campo","entry"],"yoast_head":"<!-- This site is optimized with the Yoast SEO plugin v27.4 - https:\/\/yoast.com\/product\/yoast-seo-wordpress\/ -->\n<title>Marqu\u00e9s de Murrieta y El Catador realizar\u00e1n encuentro exclusivo en La Marina | Casa de Campo Living<\/title>\n<meta name=\"description\" content=\"En el marco del 50 aniversario de Casa de Campo Resort &amp; Villas, El Catador se honra en recibir a Vicente Cebri\u00e1n-Sagarriga, Conde de Creixell y\" \/>\n<meta name=\"robots\" content=\"index, follow, max-snippet:-1, max-image-preview:large, max-video-preview:-1\" \/>\n<link rel=\"canonical\" href=\"https:\/\/casadecampoliving.com\/es\/marques-de-murrieta-y-el-catador-presentan-encuentro-exclusivo-en-la-marina\/\" \/>\n<meta property=\"og:locale\" content=\"es_ES\" \/>\n<meta property=\"og:type\" content=\"article\" \/>\n<meta property=\"og:title\" content=\"Marqu\u00e9s de Murrieta y El Catador realizar\u00e1n encuentro exclusivo en La Marina | Casa de Campo Living\" \/>\n<meta property=\"og:description\" content=\"En el marco del 50 aniversario de Casa de Campo Resort &amp; Villas, El Catador se honra en recibir a Vicente Cebri\u00e1n-Sagarriga, Conde de Creixell y\" \/>\n<meta property=\"og:url\" content=\"https:\/\/casadecampoliving.com\/es\/marques-de-murrieta-y-el-catador-presentan-encuentro-exclusivo-en-la-marina\/\" \/>\n<meta property=\"og:site_name\" content=\"Casa de Campo Living\" \/>\n<meta property=\"article:publisher\" content=\"https:\/\/www.facebook.com\/casadecampoliving\" \/>\n<meta property=\"article:published_time\" content=\"2025-06-09T18:52:34+00:00\" \/>\n<meta property=\"article:modified_time\" content=\"2025-06-09T19:17:48+00:00\" \/>\n<meta property=\"og:image\" content=\"https:\/\/casadecampoliving.com\/wp-content\/uploads\/2025\/06\/Invite-Murrieta-1-scaled.jpg\" \/>\n\t<meta property=\"og:image:width\" content=\"2481\" \/>\n\t<meta property=\"og:image:height\" content=\"2560\" \/>\n\t<meta property=\"og:image:type\" content=\"image\/jpeg\" \/>\n<meta name=\"author\" content=\"Mairobi Herrera\" \/>\n<meta name=\"twitter:card\" content=\"summary_large_image\" \/>\n<meta name=\"twitter:creator\" content=\"@cdcliving\" \/>\n<meta name=\"twitter:site\" content=\"@cdcliving\" \/>\n<meta name=\"twitter:label1\" content=\"Escrito por\" \/>\n\t<meta name=\"twitter:data1\" content=\"Mairobi Herrera\" \/>\n\t<meta name=\"twitter:label2\" content=\"Tiempo de lectura\" \/>\n\t<meta name=\"twitter:data2\" content=\"2 minutos\" \/>\n<script type=\"application\/ld+json\" class=\"yoast-schema-graph\">{\"@context\":\"https:\\\/\\\/schema.org\",\"@graph\":[{\"@type\":\"Article\",\"@id\":\"https:\\\/\\\/casadecampoliving.com\\\/es\\\/marques-de-murrieta-y-el-catador-presentan-encuentro-exclusivo-en-la-marina\\\/#article\",\"isPartOf\":{\"@id\":\"https:\\\/\\\/casadecampoliving.com\\\/es\\\/marques-de-murrieta-y-el-catador-presentan-encuentro-exclusivo-en-la-marina\\\/\"},\"author\":{\"name\":\"Mairobi Herrera\",\"@id\":\"https:\\\/\\\/casadecampoliving.com\\\/es\\\/#\\\/schema\\\/person\\\/932e594484c49168ad37fbb9141bf699\"},\"headline\":\"Marqu\u00e9s de Murrieta y El Catador realizar\u00e1n encuentro exclusivo en La Marina\",\"datePublished\":\"2025-06-09T18:52:34+00:00\",\"dateModified\":\"2025-06-09T19:17:48+00:00\",\"mainEntityOfPage\":{\"@id\":\"https:\\\/\\\/casadecampoliving.com\\\/es\\\/marques-de-murrieta-y-el-catador-presentan-encuentro-exclusivo-en-la-marina\\\/\"},\"wordCount\":341,\"publisher\":{\"@id\":\"https:\\\/\\\/casadecampoliving.com\\\/es\\\/#organization\"},\"image\":{\"@id\":\"https:\\\/\\\/casadecampoliving.com\\\/es\\\/marques-de-murrieta-y-el-catador-presentan-encuentro-exclusivo-en-la-marina\\\/#primaryimage\"},\"thumbnailUrl\":\"https:\\\/\\\/i0.wp.com\\\/casadecampoliving.com\\\/wp-content\\\/uploads\\\/2025\\\/06\\\/Invite-Murrieta-1-scaled.jpg?fit=2481%2C2560&ssl=1\",\"keywords\":[\"casa de campo @es\",\"Featured-TopView @es\",\"la marina casa de campo\"],\"articleSection\":[\"Casa de Campo Resort &amp; Villas\",\"Comidas &amp; Bebidas\",\"Comunidad\",\"La Marina Casa de Campo\",\"Proximamente\"],\"inLanguage\":\"es\"},{\"@type\":\"WebPage\",\"@id\":\"https:\\\/\\\/casadecampoliving.com\\\/es\\\/marques-de-murrieta-y-el-catador-presentan-encuentro-exclusivo-en-la-marina\\\/\",\"url\":\"https:\\\/\\\/casadecampoliving.com\\\/es\\\/marques-de-murrieta-y-el-catador-presentan-encuentro-exclusivo-en-la-marina\\\/\",\"name\":\"Marqu\u00e9s de Murrieta y El Catador realizar\u00e1n encuentro exclusivo en La Marina | Casa de Campo Living\",\"isPartOf\":{\"@id\":\"https:\\\/\\\/casadecampoliving.com\\\/es\\\/#website\"},\"primaryImageOfPage\":{\"@id\":\"https:\\\/\\\/casadecampoliving.com\\\/es\\\/marques-de-murrieta-y-el-catador-presentan-encuentro-exclusivo-en-la-marina\\\/#primaryimage\"},\"image\":{\"@id\":\"https:\\\/\\\/casadecampoliving.com\\\/es\\\/marques-de-murrieta-y-el-catador-presentan-encuentro-exclusivo-en-la-marina\\\/#primaryimage\"},\"thumbnailUrl\":\"https:\\\/\\\/i0.wp.com\\\/casadecampoliving.com\\\/wp-content\\\/uploads\\\/2025\\\/06\\\/Invite-Murrieta-1-scaled.jpg?fit=2481%2C2560&ssl=1\",\"datePublished\":\"2025-06-09T18:52:34+00:00\",\"dateModified\":\"2025-06-09T19:17:48+00:00\",\"description\":\"En el marco del 50 aniversario de Casa de Campo Resort &amp; Villas, El Catador se honra en recibir a Vicente Cebri\u00e1n-Sagarriga, Conde de Creixell y\",\"breadcrumb\":{\"@id\":\"https:\\\/\\\/casadecampoliving.com\\\/es\\\/marques-de-murrieta-y-el-catador-presentan-encuentro-exclusivo-en-la-marina\\\/#breadcrumb\"},\"inLanguage\":\"es\",\"potentialAction\":[{\"@type\":\"ReadAction\",\"target\":[\"https:\\\/\\\/casadecampoliving.com\\\/es\\\/marques-de-murrieta-y-el-catador-presentan-encuentro-exclusivo-en-la-marina\\\/\"]}]},{\"@type\":\"ImageObject\",\"inLanguage\":\"es\",\"@id\":\"https:\\\/\\\/casadecampoliving.com\\\/es\\\/marques-de-murrieta-y-el-catador-presentan-encuentro-exclusivo-en-la-marina\\\/#primaryimage\",\"url\":\"https:\\\/\\\/i0.wp.com\\\/casadecampoliving.com\\\/wp-content\\\/uploads\\\/2025\\\/06\\\/Invite-Murrieta-1-scaled.jpg?fit=2481%2C2560&ssl=1\",\"contentUrl\":\"https:\\\/\\\/i0.wp.com\\\/casadecampoliving.com\\\/wp-content\\\/uploads\\\/2025\\\/06\\\/Invite-Murrieta-1-scaled.jpg?fit=2481%2C2560&ssl=1\",\"width\":2481,\"height\":2560},{\"@type\":\"BreadcrumbList\",\"@id\":\"https:\\\/\\\/casadecampoliving.com\\\/es\\\/marques-de-murrieta-y-el-catador-presentan-encuentro-exclusivo-en-la-marina\\\/#breadcrumb\",\"itemListElement\":[{\"@type\":\"ListItem\",\"position\":1,\"name\":\"Home\",\"item\":\"https:\\\/\\\/casadecampoliving.com\\\/es\\\/\"},{\"@type\":\"ListItem\",\"position\":2,\"name\":\"Marqu\u00e9s de Murrieta y El Catador realizar\u00e1n encuentro exclusivo en La Marina\"}]},{\"@type\":\"WebSite\",\"@id\":\"https:\\\/\\\/casadecampoliving.com\\\/es\\\/#website\",\"url\":\"https:\\\/\\\/casadecampoliving.com\\\/es\\\/\",\"name\":\"Casa de Campo Living\",\"description\":\"Resort community news and resources.\",\"publisher\":{\"@id\":\"https:\\\/\\\/casadecampoliving.com\\\/es\\\/#organization\"},\"potentialAction\":[{\"@type\":\"SearchAction\",\"target\":{\"@type\":\"EntryPoint\",\"urlTemplate\":\"https:\\\/\\\/casadecampoliving.com\\\/es\\\/?s={search_term_string}\"},\"query-input\":{\"@type\":\"PropertyValueSpecification\",\"valueRequired\":true,\"valueName\":\"search_term_string\"}}],\"inLanguage\":\"es\"},{\"@type\":\"Organization\",\"@id\":\"https:\\\/\\\/casadecampoliving.com\\\/es\\\/#organization\",\"name\":\"Casa de Campo Living\",\"url\":\"https:\\\/\\\/casadecampoliving.com\\\/es\\\/\",\"logo\":{\"@type\":\"ImageObject\",\"inLanguage\":\"es\",\"@id\":\"https:\\\/\\\/casadecampoliving.com\\\/es\\\/#\\\/schema\\\/logo\\\/image\\\/\",\"url\":\"https:\\\/\\\/i0.wp.com\\\/casadecampoliving.com\\\/wp-content\\\/uploads\\\/2022\\\/07\\\/CDCLivingLogo_V1-white-sized.png?fit=800%2C214&ssl=1\",\"contentUrl\":\"https:\\\/\\\/i0.wp.com\\\/casadecampoliving.com\\\/wp-content\\\/uploads\\\/2022\\\/07\\\/CDCLivingLogo_V1-white-sized.png?fit=800%2C214&ssl=1\",\"width\":800,\"height\":214,\"caption\":\"Casa de Campo Living\"},\"image\":{\"@id\":\"https:\\\/\\\/casadecampoliving.com\\\/es\\\/#\\\/schema\\\/logo\\\/image\\\/\"},\"sameAs\":[\"https:\\\/\\\/www.facebook.com\\\/casadecampoliving\",\"https:\\\/\\\/x.com\\\/cdcliving\"]},{\"@type\":\"Person\",\"@id\":\"https:\\\/\\\/casadecampoliving.com\\\/es\\\/#\\\/schema\\\/person\\\/932e594484c49168ad37fbb9141bf699\",\"name\":\"Mairobi Herrera\",\"image\":{\"@type\":\"ImageObject\",\"inLanguage\":\"es\",\"@id\":\"https:\\\/\\\/secure.gravatar.com\\\/avatar\\\/d0bf6c19470eb55d83c719e39672f670b2c4412339af1eb8a08f86427ba98ee8?s=96&d=mm&r=g\",\"url\":\"https:\\\/\\\/secure.gravatar.com\\\/avatar\\\/d0bf6c19470eb55d83c719e39672f670b2c4412339af1eb8a08f86427ba98ee8?s=96&d=mm&r=g\",\"contentUrl\":\"https:\\\/\\\/secure.gravatar.com\\\/avatar\\\/d0bf6c19470eb55d83c719e39672f670b2c4412339af1eb8a08f86427ba98ee8?s=96&d=mm&r=g\",\"caption\":\"Mairobi Herrera\"},\"sameAs\":[\"https:\\\/\\\/casadecampoliving.com\\\/\"],\"url\":\"https:\\\/\\\/casadecampoliving.com\\\/es\\\/author\\\/mherrera\\\/\"}]}<\/script>\n<!-- \/ Yoast SEO plugin. -->","yoast_head_json":{"title":"Marqu\u00e9s de Murrieta y El Catador realizar\u00e1n encuentro exclusivo en La Marina | Casa de Campo Living","description":"En el marco del 50 aniversario de Casa de Campo Resort &amp; Villas, El Catador se honra en recibir a Vicente Cebri\u00e1n-Sagarriga, Conde de Creixell y","robots":{"index":"index","follow":"follow","max-snippet":"max-snippet:-1","max-image-preview":"max-image-preview:large","max-video-preview":"max-video-preview:-1"},"canonical":"https:\/\/casadecampoliving.com\/es\/marques-de-murrieta-y-el-catador-presentan-encuentro-exclusivo-en-la-marina\/","og_locale":"es_ES","og_type":"article","og_title":"Marqu\u00e9s de Murrieta y El Catador realizar\u00e1n encuentro exclusivo en La Marina | Casa de Campo Living","og_description":"En el marco del 50 aniversario de Casa de Campo Resort &amp; Villas, El Catador se honra en recibir a Vicente Cebri\u00e1n-Sagarriga, Conde de Creixell y","og_url":"https:\/\/casadecampoliving.com\/es\/marques-de-murrieta-y-el-catador-presentan-encuentro-exclusivo-en-la-marina\/","og_site_name":"Casa de Campo Living","article_publisher":"https:\/\/www.facebook.com\/casadecampoliving","article_published_time":"2025-06-09T18:52:34+00:00","article_modified_time":"2025-06-09T19:17:48+00:00","og_image":[{"width":2481,"height":2560,"url":"https:\/\/casadecampoliving.com\/wp-content\/uploads\/2025\/06\/Invite-Murrieta-1-scaled.jpg","type":"image\/jpeg"}],"author":"Mairobi Herrera","twitter_card":"summary_large_image","twitter_creator":"@cdcliving","twitter_site":"@cdcliving","twitter_misc":{"Escrito por":"Mairobi Herrera","Tiempo de lectura":"2 minutos"},"schema":{"@context":"https:\/\/schema.org","@graph":[{"@type":"Article","@id":"https:\/\/casadecampoliving.com\/es\/marques-de-murrieta-y-el-catador-presentan-encuentro-exclusivo-en-la-marina\/#article","isPartOf":{"@id":"https:\/\/casadecampoliving.com\/es\/marques-de-murrieta-y-el-catador-presentan-encuentro-exclusivo-en-la-marina\/"},"author":{"name":"Mairobi Herrera","@id":"https:\/\/casadecampoliving.com\/es\/#\/schema\/person\/932e594484c49168ad37fbb9141bf699"},"headline":"Marqu\u00e9s de Murrieta y El Catador realizar\u00e1n encuentro exclusivo en La Marina","datePublished":"2025-06-09T18:52:34+00:00","dateModified":"2025-06-09T19:17:48+00:00","mainEntityOfPage":{"@id":"https:\/\/casadecampoliving.com\/es\/marques-de-murrieta-y-el-catador-presentan-encuentro-exclusivo-en-la-marina\/"},"wordCount":341,"publisher":{"@id":"https:\/\/casadecampoliving.com\/es\/#organization"},"image":{"@id":"https:\/\/casadecampoliving.com\/es\/marques-de-murrieta-y-el-catador-presentan-encuentro-exclusivo-en-la-marina\/#primaryimage"},"thumbnailUrl":"https:\/\/i0.wp.com\/casadecampoliving.com\/wp-content\/uploads\/2025\/06\/Invite-Murrieta-1-scaled.jpg?fit=2481%2C2560&ssl=1","keywords":["casa de campo @es","Featured-TopView @es","la marina casa de campo"],"articleSection":["Casa de Campo Resort &amp; Villas","Comidas &amp; Bebidas","Comunidad","La Marina Casa de Campo","Proximamente"],"inLanguage":"es"},{"@type":"WebPage","@id":"https:\/\/casadecampoliving.com\/es\/marques-de-murrieta-y-el-catador-presentan-encuentro-exclusivo-en-la-marina\/","url":"https:\/\/casadecampoliving.com\/es\/marques-de-murrieta-y-el-catador-presentan-encuentro-exclusivo-en-la-marina\/","name":"Marqu\u00e9s de Murrieta y El Catador realizar\u00e1n encuentro exclusivo en La Marina | Casa de Campo Living","isPartOf":{"@id":"https:\/\/casadecampoliving.com\/es\/#website"},"primaryImageOfPage":{"@id":"https:\/\/casadecampoliving.com\/es\/marques-de-murrieta-y-el-catador-presentan-encuentro-exclusivo-en-la-marina\/#primaryimage"},"image":{"@id":"https:\/\/casadecampoliving.com\/es\/marques-de-murrieta-y-el-catador-presentan-encuentro-exclusivo-en-la-marina\/#primaryimage"},"thumbnailUrl":"https:\/\/i0.wp.com\/casadecampoliving.com\/wp-content\/uploads\/2025\/06\/Invite-Murrieta-1-scaled.jpg?fit=2481%2C2560&ssl=1","datePublished":"2025-06-09T18:52:34+00:00","dateModified":"2025-06-09T19:17:48+00:00","description":"En el marco del 50 aniversario de Casa de Campo Resort &amp; Villas, El Catador se honra en recibir a Vicente Cebri\u00e1n-Sagarriga, Conde de Creixell y","breadcrumb":{"@id":"https:\/\/casadecampoliving.com\/es\/marques-de-murrieta-y-el-catador-presentan-encuentro-exclusivo-en-la-marina\/#breadcrumb"},"inLanguage":"es","potentialAction":[{"@type":"ReadAction","target":["https:\/\/casadecampoliving.com\/es\/marques-de-murrieta-y-el-catador-presentan-encuentro-exclusivo-en-la-marina\/"]}]},{"@type":"ImageObject","inLanguage":"es","@id":"https:\/\/casadecampoliving.com\/es\/marques-de-murrieta-y-el-catador-presentan-encuentro-exclusivo-en-la-marina\/#primaryimage","url":"https:\/\/i0.wp.com\/casadecampoliving.com\/wp-content\/uploads\/2025\/06\/Invite-Murrieta-1-scaled.jpg?fit=2481%2C2560&ssl=1","contentUrl":"https:\/\/i0.wp.com\/casadecampoliving.com\/wp-content\/uploads\/2025\/06\/Invite-Murrieta-1-scaled.jpg?fit=2481%2C2560&ssl=1","width":2481,"height":2560},{"@type":"BreadcrumbList","@id":"https:\/\/casadecampoliving.com\/es\/marques-de-murrieta-y-el-catador-presentan-encuentro-exclusivo-en-la-marina\/#breadcrumb","itemListElement":[{"@type":"ListItem","position":1,"name":"Home","item":"https:\/\/casadecampoliving.com\/es\/"},{"@type":"ListItem","position":2,"name":"Marqu\u00e9s de Murrieta y El Catador realizar\u00e1n encuentro exclusivo en La Marina"}]},{"@type":"WebSite","@id":"https:\/\/casadecampoliving.com\/es\/#website","url":"https:\/\/casadecampoliving.com\/es\/","name":"Casa de Campo Living","description":"Resort community news and resources.","publisher":{"@id":"https:\/\/casadecampoliving.com\/es\/#organization"},"potentialAction":[{"@type":"SearchAction","target":{"@type":"EntryPoint","urlTemplate":"https:\/\/casadecampoliving.com\/es\/?s={search_term_string}"},"query-input":{"@type":"PropertyValueSpecification","valueRequired":true,"valueName":"search_term_string"}}],"inLanguage":"es"},{"@type":"Organization","@id":"https:\/\/casadecampoliving.com\/es\/#organization","name":"Casa de Campo Living","url":"https:\/\/casadecampoliving.com\/es\/","logo":{"@type":"ImageObject","inLanguage":"es","@id":"https:\/\/casadecampoliving.com\/es\/#\/schema\/logo\/image\/","url":"https:\/\/i0.wp.com\/casadecampoliving.com\/wp-content\/uploads\/2022\/07\/CDCLivingLogo_V1-white-sized.png?fit=800%2C214&ssl=1","contentUrl":"https:\/\/i0.wp.com\/casadecampoliving.com\/wp-content\/uploads\/2022\/07\/CDCLivingLogo_V1-white-sized.png?fit=800%2C214&ssl=1","width":800,"height":214,"caption":"Casa de Campo Living"},"image":{"@id":"https:\/\/casadecampoliving.com\/es\/#\/schema\/logo\/image\/"},"sameAs":["https:\/\/www.facebook.com\/casadecampoliving","https:\/\/x.com\/cdcliving"]},{"@type":"Person","@id":"https:\/\/casadecampoliving.com\/es\/#\/schema\/person\/932e594484c49168ad37fbb9141bf699","name":"Mairobi Herrera","image":{"@type":"ImageObject","inLanguage":"es","@id":"https:\/\/secure.gravatar.com\/avatar\/d0bf6c19470eb55d83c719e39672f670b2c4412339af1eb8a08f86427ba98ee8?s=96&d=mm&r=g","url":"https:\/\/secure.gravatar.com\/avatar\/d0bf6c19470eb55d83c719e39672f670b2c4412339af1eb8a08f86427ba98ee8?s=96&d=mm&r=g","contentUrl":"https:\/\/secure.gravatar.com\/avatar\/d0bf6c19470eb55d83c719e39672f670b2c4412339af1eb8a08f86427ba98ee8?s=96&d=mm&r=g","caption":"Mairobi Herrera"},"sameAs":["https:\/\/casadecampoliving.com\/"],"url":"https:\/\/casadecampoliving.com\/es\/author\/mherrera\/"}]}},"parsely":{"version":"1.1.0","canonical_url":"https:\/\/casadecampoliving.com\/es\/marques-de-murrieta-y-el-catador-presentan-encuentro-exclusivo-en-la-marina\/","smart_links":{"inbound":0,"outbound":0},"traffic_boost_suggestions_count":0,"meta":{"@context":"https:\/\/schema.org","@type":"NewsArticle","headline":"Marqu\u00e9s de Murrieta y El Catador realizar\u00e1n encuentro exclusivo en La Marina","url":"http:\/\/casadecampoliving.com\/es\/marques-de-murrieta-y-el-catador-presentan-encuentro-exclusivo-en-la-marina\/","mainEntityOfPage":{"@type":"WebPage","@id":"http:\/\/casadecampoliving.com\/es\/marques-de-murrieta-y-el-catador-presentan-encuentro-exclusivo-en-la-marina\/"},"thumbnailUrl":"https:\/\/i0.wp.com\/casadecampoliving.com\/wp-content\/uploads\/2025\/06\/Invite-Murrieta-1-scaled.jpg?resize=150%2C150&ssl=1","image":{"@type":"ImageObject","url":"https:\/\/i0.wp.com\/casadecampoliving.com\/wp-content\/uploads\/2025\/06\/Invite-Murrieta-1-scaled.jpg?fit=2481%2C2560&ssl=1"},"articleSection":"Casa de Campo Resort &amp; Villas","author":[{"@type":"Person","name":"Mairobi Herrera"}],"creator":["Mairobi Herrera"],"publisher":{"@type":"Organization","name":"Casa de Campo Living","logo":"https:\/\/casadecampoliving.com\/wp-content\/uploads\/2022\/07\/CDCLivingLogo_V1-white-sized.png"},"keywords":["casa de campo @es","featured-topview @es","la marina casa de campo"],"dateCreated":"2025-06-09T18:52:34Z","datePublished":"2025-06-09T18:52:34Z","dateModified":"2025-06-09T19:17:48Z"},"rendered":"<script type=\"application\/ld+json\" class=\"wp-parsely-metadata\">{\"@context\":\"https:\\\/\\\/schema.org\",\"@type\":\"NewsArticle\",\"headline\":\"Marqu\\u00e9s de Murrieta y El Catador realizar\\u00e1n encuentro exclusivo en La Marina\",\"url\":\"http:\\\/\\\/casadecampoliving.com\\\/es\\\/marques-de-murrieta-y-el-catador-presentan-encuentro-exclusivo-en-la-marina\\\/\",\"mainEntityOfPage\":{\"@type\":\"WebPage\",\"@id\":\"http:\\\/\\\/casadecampoliving.com\\\/es\\\/marques-de-murrieta-y-el-catador-presentan-encuentro-exclusivo-en-la-marina\\\/\"},\"thumbnailUrl\":\"https:\\\/\\\/i0.wp.com\\\/casadecampoliving.com\\\/wp-content\\\/uploads\\\/2025\\\/06\\\/Invite-Murrieta-1-scaled.jpg?resize=150%2C150&ssl=1\",\"image\":{\"@type\":\"ImageObject\",\"url\":\"https:\\\/\\\/i0.wp.com\\\/casadecampoliving.com\\\/wp-content\\\/uploads\\\/2025\\\/06\\\/Invite-Murrieta-1-scaled.jpg?fit=2481%2C2560&ssl=1\"},\"articleSection\":\"Casa de Campo Resort &amp; Villas\",\"author\":[{\"@type\":\"Person\",\"name\":\"Mairobi Herrera\"}],\"creator\":[\"Mairobi Herrera\"],\"publisher\":{\"@type\":\"Organization\",\"name\":\"Casa de Campo Living\",\"logo\":\"https:\\\/\\\/casadecampoliving.com\\\/wp-content\\\/uploads\\\/2022\\\/07\\\/CDCLivingLogo_V1-white-sized.png\"},\"keywords\":[\"casa de campo @es\",\"featured-topview @es\",\"la marina casa de campo\"],\"dateCreated\":\"2025-06-09T18:52:34Z\",\"datePublished\":\"2025-06-09T18:52:34Z\",\"dateModified\":\"2025-06-09T19:17:48Z\"}<\/script>","tracker_url":"https:\/\/cdn.parsely.com\/keys\/casadecampoliving.com\/p.js"},"jetpack_publicize_connections":[],"jetpack_featured_media_url":"https:\/\/i0.wp.com\/casadecampoliving.com\/wp-content\/uploads\/2025\/06\/Invite-Murrieta-1-scaled.jpg?fit=2481%2C2560&ssl=1","jetpack-related-posts":[{"id":541633,"url":"https:\/\/casadecampoliving.com\/marques-de-murrieta-and-el-catador-to-host-exclusive-wine-event-at-la-marina\/","url_meta":{"origin":541594,"position":0},"title":"Marqu\u00e9s de Murrieta and El Catador to host exclusive wine event at La Marina","author":"Mairobi Herrera","date":"9 Jun, 2025","format":false,"excerpt":"As part of the 50th anniversary celebration of Casa de Campo Resort & Villas, El Catador is honored to welcome Vicente Cebri\u00e1n-Sagarriga, Count of Creixell and president of the renowned Marqu\u00e9s de Murrieta winery, for an exclusive wine tasting and meet-and-greet on Friday, June 13, at El Catador's boutique in\u2026","rel":"","context":"En \u00abCasa de Campo Resort &amp; Villas\u00bb","block_context":{"text":"Casa de Campo Resort &amp; Villas","link":"https:\/\/casadecampoliving.com\/category\/casa-de-campo-resort-villas-2\/"},"img":{"alt_text":"","src":"https:\/\/i0.wp.com\/casadecampoliving.com\/wp-content\/uploads\/2025\/06\/Invite-Murrieta-1-scaled.jpg?fit=1163%2C1200&ssl=1&resize=350%2C200","width":350,"height":200,"srcset":"https:\/\/i0.wp.com\/casadecampoliving.com\/wp-content\/uploads\/2025\/06\/Invite-Murrieta-1-scaled.jpg?fit=1163%2C1200&ssl=1&resize=350%2C200 1x, https:\/\/i0.wp.com\/casadecampoliving.com\/wp-content\/uploads\/2025\/06\/Invite-Murrieta-1-scaled.jpg?fit=1163%2C1200&ssl=1&resize=525%2C300 1.5x, https:\/\/i0.wp.com\/casadecampoliving.com\/wp-content\/uploads\/2025\/06\/Invite-Murrieta-1-scaled.jpg?fit=1163%2C1200&ssl=1&resize=700%2C400 2x, https:\/\/i0.wp.com\/casadecampoliving.com\/wp-content\/uploads\/2025\/06\/Invite-Murrieta-1-scaled.jpg?fit=1163%2C1200&ssl=1&resize=1050%2C600 3x"},"classes":[]},{"id":542008,"url":"https:\/\/casadecampoliving.com\/es\/un-encuentro-memorable-con-vicente-cebrian-sagarriga-en-la-marina\/","url_meta":{"origin":541594,"position":1},"title":"Un encuentro memorable con Vicente Cebri\u00e1n-Sagarriga en La Marina","author":"Mairobi Herrera","date":"17 Jun, 2025","format":false,"excerpt":"La tarde del viernes 13 de junio combin\u00f3 elegancia y calidez en un exclusivo encuentro con Vicente Cebri\u00e1n-Sagarriga, Conde de Creixell y presidente de la prestigiosa bodega espa\u00f1ola Marqu\u00e9s de Murrieta en La Marina de Casa de Campo. El evento realizado en las instalaciones de El Catador, invit\u00f3 a una\u2026","rel":"","context":"En \u00abComidas &amp; Bebidas\u00bb","block_context":{"text":"Comidas &amp; Bebidas","link":"https:\/\/casadecampoliving.com\/es\/category\/comidas-bebidas\/"},"img":{"alt_text":"","src":"https:\/\/i0.wp.com\/casadecampoliving.com\/wp-content\/uploads\/2025\/06\/Giuseppe-Bonarelli-Vicente-Cebrian-Sagarriga-Piero-Bonarelli-2-scaled.jpg?fit=1200%2C800&ssl=1&resize=350%2C200","width":350,"height":200,"srcset":"https:\/\/i0.wp.com\/casadecampoliving.com\/wp-content\/uploads\/2025\/06\/Giuseppe-Bonarelli-Vicente-Cebrian-Sagarriga-Piero-Bonarelli-2-scaled.jpg?fit=1200%2C800&ssl=1&resize=350%2C200 1x, https:\/\/i0.wp.com\/casadecampoliving.com\/wp-content\/uploads\/2025\/06\/Giuseppe-Bonarelli-Vicente-Cebrian-Sagarriga-Piero-Bonarelli-2-scaled.jpg?fit=1200%2C800&ssl=1&resize=525%2C300 1.5x, https:\/\/i0.wp.com\/casadecampoliving.com\/wp-content\/uploads\/2025\/06\/Giuseppe-Bonarelli-Vicente-Cebrian-Sagarriga-Piero-Bonarelli-2-scaled.jpg?fit=1200%2C800&ssl=1&resize=700%2C400 2x, https:\/\/i0.wp.com\/casadecampoliving.com\/wp-content\/uploads\/2025\/06\/Giuseppe-Bonarelli-Vicente-Cebrian-Sagarriga-Piero-Bonarelli-2-scaled.jpg?fit=1200%2C800&ssl=1&resize=1050%2C600 3x"},"classes":[]},{"id":542154,"url":"https:\/\/casadecampoliving.com\/a-memorable-evening-with-vicente-cebrian-sagarriga-at-marina-casa-de-campo\/","url_meta":{"origin":541594,"position":2},"title":"A memorable evening with Vicente Cebri\u00e1n-Sagarriga at Marina Casa de Campo","author":"Mairobi Herrera","date":"17 Jun, 2025","format":false,"excerpt":"Elegance and warmth defined the evening of Friday, June 13, during an exclusive gathering with Vicente Cebri\u00e1n-Sagarriga, Count of Creixell and president of the prestigious Spanish winery Marqu\u00e9s de Murrieta, at Marina Casa de Campo. Held at El Catador\u2019s boutique in La Marina, the event welcomed an exquisite crowd to\u2026","rel":"","context":"En \u00abComunidad\u00bb","block_context":{"text":"Comunidad","link":"https:\/\/casadecampoliving.com\/category\/comunidad-2\/"},"img":{"alt_text":"","src":"https:\/\/i0.wp.com\/casadecampoliving.com\/wp-content\/uploads\/2025\/06\/Giuseppe-Bonarelli-Vicente-Cebrian-Sagarriga-Piero-Bonarelli-2-scaled.jpg?fit=1200%2C800&ssl=1&resize=350%2C200","width":350,"height":200,"srcset":"https:\/\/i0.wp.com\/casadecampoliving.com\/wp-content\/uploads\/2025\/06\/Giuseppe-Bonarelli-Vicente-Cebrian-Sagarriga-Piero-Bonarelli-2-scaled.jpg?fit=1200%2C800&ssl=1&resize=350%2C200 1x, https:\/\/i0.wp.com\/casadecampoliving.com\/wp-content\/uploads\/2025\/06\/Giuseppe-Bonarelli-Vicente-Cebrian-Sagarriga-Piero-Bonarelli-2-scaled.jpg?fit=1200%2C800&ssl=1&resize=525%2C300 1.5x, https:\/\/i0.wp.com\/casadecampoliving.com\/wp-content\/uploads\/2025\/06\/Giuseppe-Bonarelli-Vicente-Cebrian-Sagarriga-Piero-Bonarelli-2-scaled.jpg?fit=1200%2C800&ssl=1&resize=700%2C400 2x, https:\/\/i0.wp.com\/casadecampoliving.com\/wp-content\/uploads\/2025\/06\/Giuseppe-Bonarelli-Vicente-Cebrian-Sagarriga-Piero-Bonarelli-2-scaled.jpg?fit=1200%2C800&ssl=1&resize=1050%2C600 3x"},"classes":[]},{"id":433460,"url":"https:\/\/casadecampoliving.com\/es\/no-se-pierdan-el-increible-tributo-a-frank-sinatra-para-celebrar-el-40-aniversario-del-anfiteatro-altos-de-chavon\/","url_meta":{"origin":541594,"position":3},"title":"No se pierdan el incre\u00edble tributo a Frank Sinatra para celebrar el 40 aniversario del\u00a0Anfiteatro Altos de Chav\u00f3n","author":"Casa de Campo Living","date":"20 Oct, 2022","format":false,"excerpt":"Siendo uno de los escenarios m\u00e1s emblem\u00e1ticos del pa\u00eds, Casa de Campo Resort\u00ae & Villas celebra las cuatro d\u00e9cadas de aniversario de Altos de Chav\u00f3n con un tributo al gran Frank Sinatra, protagonizado por artistas invitados y una big band tal cual la que acompa\u00f1\u00f3 al artista hace 40 a\u00f1os\u2026","rel":"","context":"En \u00abUncategorized @es\u00bb","block_context":{"text":"Uncategorized @es","link":"https:\/\/casadecampoliving.com\/es\/category\/uncategorized-es\/"},"img":{"alt_text":"","src":"https:\/\/i0.wp.com\/casadecampoliving.com\/wp-content\/uploads\/2022\/10\/Tributo-Frank-Sinatra-Foto-Principal-Amaury-Sanchez-Danilo-Ginebra-Andres-Pichardo-y-Jose-Gabriel-Perez-.jpg?fit=1200%2C873&ssl=1&resize=350%2C200","width":350,"height":200,"srcset":"https:\/\/i0.wp.com\/casadecampoliving.com\/wp-content\/uploads\/2022\/10\/Tributo-Frank-Sinatra-Foto-Principal-Amaury-Sanchez-Danilo-Ginebra-Andres-Pichardo-y-Jose-Gabriel-Perez-.jpg?fit=1200%2C873&ssl=1&resize=350%2C200 1x, https:\/\/i0.wp.com\/casadecampoliving.com\/wp-content\/uploads\/2022\/10\/Tributo-Frank-Sinatra-Foto-Principal-Amaury-Sanchez-Danilo-Ginebra-Andres-Pichardo-y-Jose-Gabriel-Perez-.jpg?fit=1200%2C873&ssl=1&resize=525%2C300 1.5x, https:\/\/i0.wp.com\/casadecampoliving.com\/wp-content\/uploads\/2022\/10\/Tributo-Frank-Sinatra-Foto-Principal-Amaury-Sanchez-Danilo-Ginebra-Andres-Pichardo-y-Jose-Gabriel-Perez-.jpg?fit=1200%2C873&ssl=1&resize=700%2C400 2x, https:\/\/i0.wp.com\/casadecampoliving.com\/wp-content\/uploads\/2022\/10\/Tributo-Frank-Sinatra-Foto-Principal-Amaury-Sanchez-Danilo-Ginebra-Andres-Pichardo-y-Jose-Gabriel-Perez-.jpg?fit=1200%2C873&ssl=1&resize=1050%2C600 3x"},"classes":[]},{"id":340893,"url":"https:\/\/casadecampoliving.com\/es\/degustacion-de-vinos-marques-de-cacere-en-la-enoteca\/","url_meta":{"origin":541594,"position":4},"title":"\u00a1Degustaci\u00f3n de vinos \u00abMarqu\u00e9s de C\u00e1ceres\u00bb en La Enoteca!","author":"lperdomo","date":"29 Mar, 2013","format":false,"excerpt":"\u00a1No hay momentos aburridos en Casa de Campo! En una tarde bastante calmada a mediados de febrero \u2013 nosotros, junto con una selecci\u00f3n de miembros de la comunidad de Casa de Campo, fuimos invitados a una cata de vinos en La Enoteca en la Marina Casa de Campo. La Enoteca\u2026","rel":"","context":"En \u00abVida Nocturna\u00bb","block_context":{"text":"Vida Nocturna","link":"https:\/\/casadecampoliving.com\/es\/category\/vida-nocturna-es\/"},"img":{"alt_text":"wine tasting casa de campo","src":"https:\/\/i0.wp.com\/casadecampoliving.com\/wp-content\/uploads\/2022\/10\/wine_tasting_casa_de_campo-1.jpg?fit=650%2C420&ssl=1&resize=350%2C200","width":350,"height":200,"srcset":"https:\/\/i0.wp.com\/casadecampoliving.com\/wp-content\/uploads\/2022\/10\/wine_tasting_casa_de_campo-1.jpg?fit=650%2C420&ssl=1&resize=350%2C200 1x, https:\/\/i0.wp.com\/casadecampoliving.com\/wp-content\/uploads\/2022\/10\/wine_tasting_casa_de_campo-1.jpg?fit=650%2C420&ssl=1&resize=525%2C300 1.5x"},"classes":[]},{"id":351039,"url":"https:\/\/casadecampoliving.com\/es\/finaliza-el-mes-con-cata-en-casa-por-el-catador-beneficio-de-la-fundacion-mir\/","url_meta":{"origin":541594,"position":5},"title":"Finaliza el mes con Cata en Casa por El Catador a beneficio de la Fundaci\u00f3n MIR","author":"Marlenys Guzm\u00e1n Casta\u00f1os","date":"19 Ene, 2017","format":false,"excerpt":"Por primera vez en Casa de Campo, El Catador celebrar\u00e1\u00a0\u201cCata in Casa\u201d en la Marina, donde participar\u00e1n 40 bodegas y sus mas de 120 vinos de distintos pa\u00edses y 7 restaurantes del complejo. Todos podremos probar vinos de Espa\u00f1a, Italia, Argentina, Francia y Estados Unidos, entre otros. Adem\u00e1s, la noche\u2026","rel":"","context":"En \u00abComidas &amp; Bebidas\u00bb","block_context":{"text":"Comidas &amp; Bebidas","link":"https:\/\/casadecampoliving.com\/es\/category\/comidas-bebidas\/"},"img":{"alt_text":"","src":"https:\/\/i0.wp.com\/casadecampoliving.com\/wp-content\/uploads\/2022\/10\/10631171_1018282324878592_2622136551377690954_o.jpg?fit=1000%2C668&ssl=1&resize=350%2C200","width":350,"height":200,"srcset":"https:\/\/i0.wp.com\/casadecampoliving.com\/wp-content\/uploads\/2022\/10\/10631171_1018282324878592_2622136551377690954_o.jpg?fit=1000%2C668&ssl=1&resize=350%2C200 1x, https:\/\/i0.wp.com\/casadecampoliving.com\/wp-content\/uploads\/2022\/10\/10631171_1018282324878592_2622136551377690954_o.jpg?fit=1000%2C668&ssl=1&resize=525%2C300 1.5x, https:\/\/i0.wp.com\/casadecampoliving.com\/wp-content\/uploads\/2022\/10\/10631171_1018282324878592_2622136551377690954_o.jpg?fit=1000%2C668&ssl=1&resize=700%2C400 2x"},"classes":[]}],"jetpack_sharing_enabled":true,"_links":{"self":[{"href":"https:\/\/casadecampoliving.com\/es\/wp-json\/wp\/v2\/posts\/541594","targetHints":{"allow":["GET"]}}],"collection":[{"href":"https:\/\/casadecampoliving.com\/es\/wp-json\/wp\/v2\/posts"}],"about":[{"href":"https:\/\/casadecampoliving.com\/es\/wp-json\/wp\/v2\/types\/post"}],"author":[{"embeddable":true,"href":"https:\/\/casadecampoliving.com\/es\/wp-json\/wp\/v2\/users\/431"}],"replies":[{"embeddable":true,"href":"https:\/\/casadecampoliving.com\/es\/wp-json\/wp\/v2\/comments?post=541594"}],"version-history":[{"count":4,"href":"https:\/\/casadecampoliving.com\/es\/wp-json\/wp\/v2\/posts\/541594\/revisions"}],"predecessor-version":[{"id":541626,"href":"https:\/\/casadecampoliving.com\/es\/wp-json\/wp\/v2\/posts\/541594\/revisions\/541626"}],"wp:featuredmedia":[{"embeddable":true,"href":"https:\/\/casadecampoliving.com\/es\/wp-json\/wp\/v2\/media\/541616"}],"wp:attachment":[{"href":"https:\/\/casadecampoliving.com\/es\/wp-json\/wp\/v2\/media?parent=541594"}],"wp:term":[{"taxonomy":"category","embeddable":true,"href":"https:\/\/casadecampoliving.com\/es\/wp-json\/wp\/v2\/categories?post=541594"},{"taxonomy":"post_tag","embeddable":true,"href":"https:\/\/casadecampoliving.com\/es\/wp-json\/wp\/v2\/tags?post=541594"},{"taxonomy":"newspack_spnsrs_tax","embeddable":true,"href":"https:\/\/casadecampoliving.com\/es\/wp-json\/wp\/v2\/newspack_spnsrs_tax?post=541594"}],"curies":[{"name":"wp","href":"https:\/\/api.w.org\/{rel}","templated":true}]}}