{"id":541333,"date":"2025-06-03T21:09:46","date_gmt":"2025-06-04T01:09:46","guid":{"rendered":"https:\/\/casadecampoliving.com\/?p=541333"},"modified":"2025-06-03T21:12:36","modified_gmt":"2025-06-04T01:12:36","slug":"la-marina-de-casa-de-campo-vibrara-con-el-rock-de-4ta-dimension","status":"publish","type":"post","link":"https:\/\/casadecampoliving.com\/es\/la-marina-de-casa-de-campo-vibrara-con-el-rock-de-4ta-dimension\/","title":{"rendered":"La Marina de Casa de Campo vibrar\u00e1 con el rock de 4ta Dimensi\u00f3n"},"content":{"rendered":"\n<p>Este s\u00e1bado 7 de junio, la Plaza Portofino de la Marina de Casa de Campo ser\u00e1 el escenario de una noche electrizante con la presentaci\u00f3n en vivo de <strong>4ta Dimensi\u00f3n<\/strong>, una banda dominicana que ha revolucionado la escena del rock nacional con su enfoque profesional, su propuesta est\u00e9tica y una ejecuci\u00f3n impecable. El concierto iniciar\u00e1 a las 9:00 de la noche y promete ser una de las citas musicales m\u00e1s memorables del verano.<\/p>\n\n\n\n<p>Fundada en 2023 por el arquitecto Carlos Echavarr\u00eda \u2014baterista, productor general y alma del proyecto\u2014 4ta Dimensi\u00f3n ha alcanzado un \u00e9xito sin precedentes en el pa\u00eds, logrando m\u00e1s de 25 presentaciones consecutivas completamente vendidas en escenarios emblem\u00e1ticos como el Teatro Nacional, Hard Rock Caf\u00e9, BlueMall Punta Cana y el Gran Teatro del Cibao.<\/p>\n\n\n\n<p>La agrupaci\u00f3n est\u00e1 conformada por m\u00fasicos dominicanos de s\u00f3lida trayectoria, entre ellos:<\/p>\n\n\n\n<ul class=\"wp-block-list\">\n<li><strong>Fernando Rijo<\/strong> (voz principal)<\/li>\n\n\n\n<li><strong>Tomas Simpson<\/strong> (guitarra l\u00edder)<\/li>\n\n\n\n<li><strong>Ian Pimentel<\/strong> (bajo y segundas voces)<\/li>\n\n\n\n<li><strong>Luis Valenzuela<\/strong> (teclados)<\/li>\n\n\n\n<li>y el propio <strong>Carlos Echavarr\u00eda<\/strong> en la bater\u00eda y direcci\u00f3n general<\/li>\n<\/ul>\n\n\n<div class=\"wp-block-image\">\n<figure class=\"alignright size-full\"><img data-recalc-dims=\"1\" loading=\"lazy\" decoding=\"async\" width=\"678\" height=\"836\" src=\"https:\/\/i0.wp.com\/casadecampoliving.com\/wp-content\/uploads\/2025\/06\/WhatsApp-Image-2025-06-02-at-4.25.01-PM.jpeg?resize=678%2C836&#038;ssl=1\" alt=\"\" class=\"wp-image-541330\" srcset=\"https:\/\/i0.wp.com\/casadecampoliving.com\/wp-content\/uploads\/2025\/06\/WhatsApp-Image-2025-06-02-at-4.25.01-PM.jpeg?w=678&amp;ssl=1 678w, https:\/\/i0.wp.com\/casadecampoliving.com\/wp-content\/uploads\/2025\/06\/WhatsApp-Image-2025-06-02-at-4.25.01-PM.jpeg?resize=243%2C300&amp;ssl=1 243w, https:\/\/i0.wp.com\/casadecampoliving.com\/wp-content\/uploads\/2025\/06\/WhatsApp-Image-2025-06-02-at-4.25.01-PM.jpeg?resize=400%2C493&amp;ssl=1 400w, https:\/\/i0.wp.com\/casadecampoliving.com\/wp-content\/uploads\/2025\/06\/WhatsApp-Image-2025-06-02-at-4.25.01-PM.jpeg?resize=150%2C185&amp;ssl=1 150w, https:\/\/i0.wp.com\/casadecampoliving.com\/wp-content\/uploads\/2025\/06\/WhatsApp-Image-2025-06-02-at-4.25.01-PM.jpeg?w=370&amp;ssl=1 370w\" sizes=\"auto, (max-width: 678px) 100vw, 678px\" \/><\/figure>\n<\/div>\n\n\n<p>Con un repertorio cuidadosamente seleccionado que rinde tributo a \u00edconos del rock y pop como Queen, U2, Soda Stereo, The Police, Guns N\u2019 Roses, Depeche Mode, Man\u00e1 y muchos m\u00e1s, el grupo ofrece una propuesta que combina nostalgia, energ\u00eda y excelencia t\u00e9cnica.<\/p>\n\n\n\n<p>Adem\u00e1s de su impecable puesta en escena, cada concierto de 4ta Dimensi\u00f3n es grabado en <strong>formato de realidad virtual (360\u00b0)<\/strong>, lo que brinda una dimensi\u00f3n inmersiva \u00fanica y construye un archivo emocional que trasciende el momento.<\/p>\n\n\n\n<p>Para su debut en Casa de Campo, la banda ha preparado un show exclusivo que contar\u00e1 con:<\/p>\n\n\n\n<ul class=\"wp-block-list\">\n<li>Producci\u00f3n esc\u00e9nica y sonora profesional<\/li>\n\n\n\n<li>Merchandising oficial<\/li>\n\n\n\n<li>Grabaci\u00f3n en video 360\u00b0<\/li>\n\n\n\n<li>Una experiencia musical envolvente y memorable<\/li>\n<\/ul>\n\n\n\n<p>Este concierto en la Marina de Casa de Campo ser\u00e1 una celebraci\u00f3n del talento, el criterio y la m\u00fasica bien hecha. Una cita imperdible para la comunidad y visitantes del resort m\u00e1s emblem\u00e1tico del Caribe.<\/p>\n","protected":false},"excerpt":{"rendered":"<p>Este s\u00e1bado 7 de junio, la Plaza Portofino de la Marina de Casa de Campo ser\u00e1 el escenario de una noche electrizante con la presentaci\u00f3n en vivo de 4ta Dimensi\u00f3n, una banda dominicana que ha revolucionado la escena del rock nacional con su enfoque profesional, su propuesta est\u00e9tica y una ejecuci\u00f3n impecable. El concierto iniciar\u00e1 [&hellip;]<\/p>\n","protected":false},"author":431,"featured_media":541329,"comment_status":"closed","ping_status":"closed","sticky":false,"template":"","format":"standard","meta":{"newspack_ads_suppress_ads":false,"newspack_popups_has_disabled_popups":false,"newspack_sponsor_sponsorship_scope":"","newspack_sponsor_native_byline_display":"inherit","newspack_sponsor_native_category_display":"inherit","newspack_sponsor_underwriter_style":"inherit","newspack_sponsor_underwriter_placement":"inherit","_newspack_byline_active":false,"_newspack_byline":"","newspack_hide_updated_date":false,"newspack_show_updated_date":false,"newspack_content_restriction_is_exempt":false,"newspack_featured_image_position":"","newspack_post_subtitle":"La banda dominicana es una marca cultural dominicana en ascenso, que ha logrado combinar visi\u00f3n empresarial, pasi\u00f3n art\u00edstica y compromiso con la excelencia","newspack_article_summary_title":"Overview:","newspack_article_summary":"","_jetpack_memberships_contains_paid_content":false,"footnotes":"","jetpack_publicize_message":"","jetpack_publicize_feature_enabled":true,"jetpack_social_post_already_shared":true,"jetpack_social_options":{"image_generator_settings":{"template":"highway","default_image_id":0,"enabled":false},"version":2},"_wpas_customize_per_network":false},"categories":[2518,2522],"tags":[23815,14736,3573],"newspack_spnsrs_tax":[],"class_list":["post-541333","post","type-post","status-publish","format-standard","has-post-thumbnail","hentry","category-conciertos-es","category-eventos-es","tag-casa-de-campo-es-17","tag-featured-topview-es","tag-marina-casa-de-campo-es","entry"],"yoast_head":"<!-- This site is optimized with the Yoast SEO plugin v27.4 - https:\/\/yoast.com\/product\/yoast-seo-wordpress\/ -->\n<title>La Marina de Casa de Campo vibrar\u00e1 con el rock de 4ta Dimensi\u00f3n | Casa de Campo Living<\/title>\n<meta name=\"description\" content=\"Este s\u00e1bado 7 de junio, la Plaza Portofino de la Marina de Casa de Campo ser\u00e1 el escenario de una noche electrizante con la presentaci\u00f3n en vivo de 4ta\" \/>\n<meta name=\"robots\" content=\"index, follow, max-snippet:-1, max-image-preview:large, max-video-preview:-1\" \/>\n<link rel=\"canonical\" href=\"https:\/\/casadecampoliving.com\/es\/la-marina-de-casa-de-campo-vibrara-con-el-rock-de-4ta-dimension\/\" \/>\n<meta property=\"og:locale\" content=\"es_ES\" \/>\n<meta property=\"og:type\" content=\"article\" \/>\n<meta property=\"og:title\" content=\"La Marina de Casa de Campo vibrar\u00e1 con el rock de 4ta Dimensi\u00f3n | Casa de Campo Living\" \/>\n<meta property=\"og:description\" content=\"Este s\u00e1bado 7 de junio, la Plaza Portofino de la Marina de Casa de Campo ser\u00e1 el escenario de una noche electrizante con la presentaci\u00f3n en vivo de 4ta\" \/>\n<meta property=\"og:url\" content=\"https:\/\/casadecampoliving.com\/es\/la-marina-de-casa-de-campo-vibrara-con-el-rock-de-4ta-dimension\/\" \/>\n<meta property=\"og:site_name\" content=\"Casa de Campo Living\" \/>\n<meta property=\"article:publisher\" content=\"https:\/\/www.facebook.com\/casadecampoliving\" \/>\n<meta property=\"article:published_time\" content=\"2025-06-04T01:09:46+00:00\" \/>\n<meta property=\"article:modified_time\" content=\"2025-06-04T01:12:36+00:00\" \/>\n<meta property=\"og:image\" content=\"https:\/\/casadecampoliving.com\/wp-content\/uploads\/2025\/06\/Foto-Grupal-4ta-Dimension-scaled.jpg\" \/>\n\t<meta property=\"og:image:width\" content=\"2560\" \/>\n\t<meta property=\"og:image:height\" content=\"1441\" \/>\n\t<meta property=\"og:image:type\" content=\"image\/jpeg\" \/>\n<meta name=\"author\" content=\"Mairobi Herrera\" \/>\n<meta name=\"twitter:card\" content=\"summary_large_image\" \/>\n<meta name=\"twitter:creator\" content=\"@cdcliving\" \/>\n<meta name=\"twitter:site\" content=\"@cdcliving\" \/>\n<meta name=\"twitter:label1\" content=\"Escrito por\" \/>\n\t<meta name=\"twitter:data1\" content=\"Mairobi Herrera\" \/>\n\t<meta name=\"twitter:label2\" content=\"Tiempo de lectura\" \/>\n\t<meta name=\"twitter:data2\" content=\"2 minutos\" \/>\n<script type=\"application\/ld+json\" class=\"yoast-schema-graph\">{\"@context\":\"https:\\\/\\\/schema.org\",\"@graph\":[{\"@type\":\"Article\",\"@id\":\"https:\\\/\\\/casadecampoliving.com\\\/es\\\/la-marina-de-casa-de-campo-vibrara-con-el-rock-de-4ta-dimension\\\/#article\",\"isPartOf\":{\"@id\":\"https:\\\/\\\/casadecampoliving.com\\\/es\\\/la-marina-de-casa-de-campo-vibrara-con-el-rock-de-4ta-dimension\\\/\"},\"author\":{\"name\":\"Mairobi Herrera\",\"@id\":\"https:\\\/\\\/casadecampoliving.com\\\/es\\\/#\\\/schema\\\/person\\\/932e594484c49168ad37fbb9141bf699\"},\"headline\":\"La Marina de Casa de Campo vibrar\u00e1 con el rock de 4ta Dimensi\u00f3n\",\"datePublished\":\"2025-06-04T01:09:46+00:00\",\"dateModified\":\"2025-06-04T01:12:36+00:00\",\"mainEntityOfPage\":{\"@id\":\"https:\\\/\\\/casadecampoliving.com\\\/es\\\/la-marina-de-casa-de-campo-vibrara-con-el-rock-de-4ta-dimension\\\/\"},\"wordCount\":352,\"publisher\":{\"@id\":\"https:\\\/\\\/casadecampoliving.com\\\/es\\\/#organization\"},\"image\":{\"@id\":\"https:\\\/\\\/casadecampoliving.com\\\/es\\\/la-marina-de-casa-de-campo-vibrara-con-el-rock-de-4ta-dimension\\\/#primaryimage\"},\"thumbnailUrl\":\"https:\\\/\\\/i0.wp.com\\\/casadecampoliving.com\\\/wp-content\\\/uploads\\\/2025\\\/06\\\/Foto-Grupal-4ta-Dimension-scaled.jpg?fit=2560%2C1441&ssl=1\",\"keywords\":[\"Casa de Campo\",\"Featured-TopView @es\",\"Marina Casa de Campo @es\"],\"articleSection\":[\"Conciertos\",\"Eventos\"],\"inLanguage\":\"es\"},{\"@type\":\"WebPage\",\"@id\":\"https:\\\/\\\/casadecampoliving.com\\\/es\\\/la-marina-de-casa-de-campo-vibrara-con-el-rock-de-4ta-dimension\\\/\",\"url\":\"https:\\\/\\\/casadecampoliving.com\\\/es\\\/la-marina-de-casa-de-campo-vibrara-con-el-rock-de-4ta-dimension\\\/\",\"name\":\"La Marina de Casa de Campo vibrar\u00e1 con el rock de 4ta Dimensi\u00f3n | Casa de Campo Living\",\"isPartOf\":{\"@id\":\"https:\\\/\\\/casadecampoliving.com\\\/es\\\/#website\"},\"primaryImageOfPage\":{\"@id\":\"https:\\\/\\\/casadecampoliving.com\\\/es\\\/la-marina-de-casa-de-campo-vibrara-con-el-rock-de-4ta-dimension\\\/#primaryimage\"},\"image\":{\"@id\":\"https:\\\/\\\/casadecampoliving.com\\\/es\\\/la-marina-de-casa-de-campo-vibrara-con-el-rock-de-4ta-dimension\\\/#primaryimage\"},\"thumbnailUrl\":\"https:\\\/\\\/i0.wp.com\\\/casadecampoliving.com\\\/wp-content\\\/uploads\\\/2025\\\/06\\\/Foto-Grupal-4ta-Dimension-scaled.jpg?fit=2560%2C1441&ssl=1\",\"datePublished\":\"2025-06-04T01:09:46+00:00\",\"dateModified\":\"2025-06-04T01:12:36+00:00\",\"description\":\"Este s\u00e1bado 7 de junio, la Plaza Portofino de la Marina de Casa de Campo ser\u00e1 el escenario de una noche electrizante con la presentaci\u00f3n en vivo de 4ta\",\"breadcrumb\":{\"@id\":\"https:\\\/\\\/casadecampoliving.com\\\/es\\\/la-marina-de-casa-de-campo-vibrara-con-el-rock-de-4ta-dimension\\\/#breadcrumb\"},\"inLanguage\":\"es\",\"potentialAction\":[{\"@type\":\"ReadAction\",\"target\":[\"https:\\\/\\\/casadecampoliving.com\\\/es\\\/la-marina-de-casa-de-campo-vibrara-con-el-rock-de-4ta-dimension\\\/\"]}]},{\"@type\":\"ImageObject\",\"inLanguage\":\"es\",\"@id\":\"https:\\\/\\\/casadecampoliving.com\\\/es\\\/la-marina-de-casa-de-campo-vibrara-con-el-rock-de-4ta-dimension\\\/#primaryimage\",\"url\":\"https:\\\/\\\/i0.wp.com\\\/casadecampoliving.com\\\/wp-content\\\/uploads\\\/2025\\\/06\\\/Foto-Grupal-4ta-Dimension-scaled.jpg?fit=2560%2C1441&ssl=1\",\"contentUrl\":\"https:\\\/\\\/i0.wp.com\\\/casadecampoliving.com\\\/wp-content\\\/uploads\\\/2025\\\/06\\\/Foto-Grupal-4ta-Dimension-scaled.jpg?fit=2560%2C1441&ssl=1\",\"width\":2560,\"height\":1441},{\"@type\":\"BreadcrumbList\",\"@id\":\"https:\\\/\\\/casadecampoliving.com\\\/es\\\/la-marina-de-casa-de-campo-vibrara-con-el-rock-de-4ta-dimension\\\/#breadcrumb\",\"itemListElement\":[{\"@type\":\"ListItem\",\"position\":1,\"name\":\"Home\",\"item\":\"https:\\\/\\\/casadecampoliving.com\\\/es\\\/\"},{\"@type\":\"ListItem\",\"position\":2,\"name\":\"La Marina de Casa de Campo vibrar\u00e1 con el rock de 4ta Dimensi\u00f3n\"}]},{\"@type\":\"WebSite\",\"@id\":\"https:\\\/\\\/casadecampoliving.com\\\/es\\\/#website\",\"url\":\"https:\\\/\\\/casadecampoliving.com\\\/es\\\/\",\"name\":\"Casa de Campo Living\",\"description\":\"Resort community news and resources.\",\"publisher\":{\"@id\":\"https:\\\/\\\/casadecampoliving.com\\\/es\\\/#organization\"},\"potentialAction\":[{\"@type\":\"SearchAction\",\"target\":{\"@type\":\"EntryPoint\",\"urlTemplate\":\"https:\\\/\\\/casadecampoliving.com\\\/es\\\/?s={search_term_string}\"},\"query-input\":{\"@type\":\"PropertyValueSpecification\",\"valueRequired\":true,\"valueName\":\"search_term_string\"}}],\"inLanguage\":\"es\"},{\"@type\":\"Organization\",\"@id\":\"https:\\\/\\\/casadecampoliving.com\\\/es\\\/#organization\",\"name\":\"Casa de Campo Living\",\"url\":\"https:\\\/\\\/casadecampoliving.com\\\/es\\\/\",\"logo\":{\"@type\":\"ImageObject\",\"inLanguage\":\"es\",\"@id\":\"https:\\\/\\\/casadecampoliving.com\\\/es\\\/#\\\/schema\\\/logo\\\/image\\\/\",\"url\":\"https:\\\/\\\/i0.wp.com\\\/casadecampoliving.com\\\/wp-content\\\/uploads\\\/2022\\\/07\\\/CDCLivingLogo_V1-white-sized.png?fit=800%2C214&ssl=1\",\"contentUrl\":\"https:\\\/\\\/i0.wp.com\\\/casadecampoliving.com\\\/wp-content\\\/uploads\\\/2022\\\/07\\\/CDCLivingLogo_V1-white-sized.png?fit=800%2C214&ssl=1\",\"width\":800,\"height\":214,\"caption\":\"Casa de Campo Living\"},\"image\":{\"@id\":\"https:\\\/\\\/casadecampoliving.com\\\/es\\\/#\\\/schema\\\/logo\\\/image\\\/\"},\"sameAs\":[\"https:\\\/\\\/www.facebook.com\\\/casadecampoliving\",\"https:\\\/\\\/x.com\\\/cdcliving\"]},{\"@type\":\"Person\",\"@id\":\"https:\\\/\\\/casadecampoliving.com\\\/es\\\/#\\\/schema\\\/person\\\/932e594484c49168ad37fbb9141bf699\",\"name\":\"Mairobi Herrera\",\"image\":{\"@type\":\"ImageObject\",\"inLanguage\":\"es\",\"@id\":\"https:\\\/\\\/secure.gravatar.com\\\/avatar\\\/d0bf6c19470eb55d83c719e39672f670b2c4412339af1eb8a08f86427ba98ee8?s=96&d=mm&r=g\",\"url\":\"https:\\\/\\\/secure.gravatar.com\\\/avatar\\\/d0bf6c19470eb55d83c719e39672f670b2c4412339af1eb8a08f86427ba98ee8?s=96&d=mm&r=g\",\"contentUrl\":\"https:\\\/\\\/secure.gravatar.com\\\/avatar\\\/d0bf6c19470eb55d83c719e39672f670b2c4412339af1eb8a08f86427ba98ee8?s=96&d=mm&r=g\",\"caption\":\"Mairobi Herrera\"},\"sameAs\":[\"https:\\\/\\\/casadecampoliving.com\\\/\"],\"url\":\"https:\\\/\\\/casadecampoliving.com\\\/es\\\/author\\\/mherrera\\\/\"}]}<\/script>\n<!-- \/ Yoast SEO plugin. -->","yoast_head_json":{"title":"La Marina de Casa de Campo vibrar\u00e1 con el rock de 4ta Dimensi\u00f3n | Casa de Campo Living","description":"Este s\u00e1bado 7 de junio, la Plaza Portofino de la Marina de Casa de Campo ser\u00e1 el escenario de una noche electrizante con la presentaci\u00f3n en vivo de 4ta","robots":{"index":"index","follow":"follow","max-snippet":"max-snippet:-1","max-image-preview":"max-image-preview:large","max-video-preview":"max-video-preview:-1"},"canonical":"https:\/\/casadecampoliving.com\/es\/la-marina-de-casa-de-campo-vibrara-con-el-rock-de-4ta-dimension\/","og_locale":"es_ES","og_type":"article","og_title":"La Marina de Casa de Campo vibrar\u00e1 con el rock de 4ta Dimensi\u00f3n | Casa de Campo Living","og_description":"Este s\u00e1bado 7 de junio, la Plaza Portofino de la Marina de Casa de Campo ser\u00e1 el escenario de una noche electrizante con la presentaci\u00f3n en vivo de 4ta","og_url":"https:\/\/casadecampoliving.com\/es\/la-marina-de-casa-de-campo-vibrara-con-el-rock-de-4ta-dimension\/","og_site_name":"Casa de Campo Living","article_publisher":"https:\/\/www.facebook.com\/casadecampoliving","article_published_time":"2025-06-04T01:09:46+00:00","article_modified_time":"2025-06-04T01:12:36+00:00","og_image":[{"width":2560,"height":1441,"url":"https:\/\/casadecampoliving.com\/wp-content\/uploads\/2025\/06\/Foto-Grupal-4ta-Dimension-scaled.jpg","type":"image\/jpeg"}],"author":"Mairobi Herrera","twitter_card":"summary_large_image","twitter_creator":"@cdcliving","twitter_site":"@cdcliving","twitter_misc":{"Escrito por":"Mairobi Herrera","Tiempo de lectura":"2 minutos"},"schema":{"@context":"https:\/\/schema.org","@graph":[{"@type":"Article","@id":"https:\/\/casadecampoliving.com\/es\/la-marina-de-casa-de-campo-vibrara-con-el-rock-de-4ta-dimension\/#article","isPartOf":{"@id":"https:\/\/casadecampoliving.com\/es\/la-marina-de-casa-de-campo-vibrara-con-el-rock-de-4ta-dimension\/"},"author":{"name":"Mairobi Herrera","@id":"https:\/\/casadecampoliving.com\/es\/#\/schema\/person\/932e594484c49168ad37fbb9141bf699"},"headline":"La Marina de Casa de Campo vibrar\u00e1 con el rock de 4ta Dimensi\u00f3n","datePublished":"2025-06-04T01:09:46+00:00","dateModified":"2025-06-04T01:12:36+00:00","mainEntityOfPage":{"@id":"https:\/\/casadecampoliving.com\/es\/la-marina-de-casa-de-campo-vibrara-con-el-rock-de-4ta-dimension\/"},"wordCount":352,"publisher":{"@id":"https:\/\/casadecampoliving.com\/es\/#organization"},"image":{"@id":"https:\/\/casadecampoliving.com\/es\/la-marina-de-casa-de-campo-vibrara-con-el-rock-de-4ta-dimension\/#primaryimage"},"thumbnailUrl":"https:\/\/i0.wp.com\/casadecampoliving.com\/wp-content\/uploads\/2025\/06\/Foto-Grupal-4ta-Dimension-scaled.jpg?fit=2560%2C1441&ssl=1","keywords":["Casa de Campo","Featured-TopView @es","Marina Casa de Campo @es"],"articleSection":["Conciertos","Eventos"],"inLanguage":"es"},{"@type":"WebPage","@id":"https:\/\/casadecampoliving.com\/es\/la-marina-de-casa-de-campo-vibrara-con-el-rock-de-4ta-dimension\/","url":"https:\/\/casadecampoliving.com\/es\/la-marina-de-casa-de-campo-vibrara-con-el-rock-de-4ta-dimension\/","name":"La Marina de Casa de Campo vibrar\u00e1 con el rock de 4ta Dimensi\u00f3n | Casa de Campo Living","isPartOf":{"@id":"https:\/\/casadecampoliving.com\/es\/#website"},"primaryImageOfPage":{"@id":"https:\/\/casadecampoliving.com\/es\/la-marina-de-casa-de-campo-vibrara-con-el-rock-de-4ta-dimension\/#primaryimage"},"image":{"@id":"https:\/\/casadecampoliving.com\/es\/la-marina-de-casa-de-campo-vibrara-con-el-rock-de-4ta-dimension\/#primaryimage"},"thumbnailUrl":"https:\/\/i0.wp.com\/casadecampoliving.com\/wp-content\/uploads\/2025\/06\/Foto-Grupal-4ta-Dimension-scaled.jpg?fit=2560%2C1441&ssl=1","datePublished":"2025-06-04T01:09:46+00:00","dateModified":"2025-06-04T01:12:36+00:00","description":"Este s\u00e1bado 7 de junio, la Plaza Portofino de la Marina de Casa de Campo ser\u00e1 el escenario de una noche electrizante con la presentaci\u00f3n en vivo de 4ta","breadcrumb":{"@id":"https:\/\/casadecampoliving.com\/es\/la-marina-de-casa-de-campo-vibrara-con-el-rock-de-4ta-dimension\/#breadcrumb"},"inLanguage":"es","potentialAction":[{"@type":"ReadAction","target":["https:\/\/casadecampoliving.com\/es\/la-marina-de-casa-de-campo-vibrara-con-el-rock-de-4ta-dimension\/"]}]},{"@type":"ImageObject","inLanguage":"es","@id":"https:\/\/casadecampoliving.com\/es\/la-marina-de-casa-de-campo-vibrara-con-el-rock-de-4ta-dimension\/#primaryimage","url":"https:\/\/i0.wp.com\/casadecampoliving.com\/wp-content\/uploads\/2025\/06\/Foto-Grupal-4ta-Dimension-scaled.jpg?fit=2560%2C1441&ssl=1","contentUrl":"https:\/\/i0.wp.com\/casadecampoliving.com\/wp-content\/uploads\/2025\/06\/Foto-Grupal-4ta-Dimension-scaled.jpg?fit=2560%2C1441&ssl=1","width":2560,"height":1441},{"@type":"BreadcrumbList","@id":"https:\/\/casadecampoliving.com\/es\/la-marina-de-casa-de-campo-vibrara-con-el-rock-de-4ta-dimension\/#breadcrumb","itemListElement":[{"@type":"ListItem","position":1,"name":"Home","item":"https:\/\/casadecampoliving.com\/es\/"},{"@type":"ListItem","position":2,"name":"La Marina de Casa de Campo vibrar\u00e1 con el rock de 4ta Dimensi\u00f3n"}]},{"@type":"WebSite","@id":"https:\/\/casadecampoliving.com\/es\/#website","url":"https:\/\/casadecampoliving.com\/es\/","name":"Casa de Campo Living","description":"Resort community news and resources.","publisher":{"@id":"https:\/\/casadecampoliving.com\/es\/#organization"},"potentialAction":[{"@type":"SearchAction","target":{"@type":"EntryPoint","urlTemplate":"https:\/\/casadecampoliving.com\/es\/?s={search_term_string}"},"query-input":{"@type":"PropertyValueSpecification","valueRequired":true,"valueName":"search_term_string"}}],"inLanguage":"es"},{"@type":"Organization","@id":"https:\/\/casadecampoliving.com\/es\/#organization","name":"Casa de Campo Living","url":"https:\/\/casadecampoliving.com\/es\/","logo":{"@type":"ImageObject","inLanguage":"es","@id":"https:\/\/casadecampoliving.com\/es\/#\/schema\/logo\/image\/","url":"https:\/\/i0.wp.com\/casadecampoliving.com\/wp-content\/uploads\/2022\/07\/CDCLivingLogo_V1-white-sized.png?fit=800%2C214&ssl=1","contentUrl":"https:\/\/i0.wp.com\/casadecampoliving.com\/wp-content\/uploads\/2022\/07\/CDCLivingLogo_V1-white-sized.png?fit=800%2C214&ssl=1","width":800,"height":214,"caption":"Casa de Campo Living"},"image":{"@id":"https:\/\/casadecampoliving.com\/es\/#\/schema\/logo\/image\/"},"sameAs":["https:\/\/www.facebook.com\/casadecampoliving","https:\/\/x.com\/cdcliving"]},{"@type":"Person","@id":"https:\/\/casadecampoliving.com\/es\/#\/schema\/person\/932e594484c49168ad37fbb9141bf699","name":"Mairobi Herrera","image":{"@type":"ImageObject","inLanguage":"es","@id":"https:\/\/secure.gravatar.com\/avatar\/d0bf6c19470eb55d83c719e39672f670b2c4412339af1eb8a08f86427ba98ee8?s=96&d=mm&r=g","url":"https:\/\/secure.gravatar.com\/avatar\/d0bf6c19470eb55d83c719e39672f670b2c4412339af1eb8a08f86427ba98ee8?s=96&d=mm&r=g","contentUrl":"https:\/\/secure.gravatar.com\/avatar\/d0bf6c19470eb55d83c719e39672f670b2c4412339af1eb8a08f86427ba98ee8?s=96&d=mm&r=g","caption":"Mairobi Herrera"},"sameAs":["https:\/\/casadecampoliving.com\/"],"url":"https:\/\/casadecampoliving.com\/es\/author\/mherrera\/"}]}},"parsely":{"version":"1.1.0","canonical_url":"https:\/\/casadecampoliving.com\/es\/la-marina-de-casa-de-campo-vibrara-con-el-rock-de-4ta-dimension\/","smart_links":{"inbound":0,"outbound":0},"traffic_boost_suggestions_count":0,"meta":{"@context":"https:\/\/schema.org","@type":"NewsArticle","headline":"La Marina de Casa de Campo vibrar\u00e1 con el rock de 4ta Dimensi\u00f3n","url":"http:\/\/casadecampoliving.com\/es\/la-marina-de-casa-de-campo-vibrara-con-el-rock-de-4ta-dimension\/","mainEntityOfPage":{"@type":"WebPage","@id":"http:\/\/casadecampoliving.com\/es\/la-marina-de-casa-de-campo-vibrara-con-el-rock-de-4ta-dimension\/"},"thumbnailUrl":"https:\/\/i0.wp.com\/casadecampoliving.com\/wp-content\/uploads\/2025\/06\/Foto-Grupal-4ta-Dimension-scaled.jpg?resize=150%2C150&ssl=1","image":{"@type":"ImageObject","url":"https:\/\/i0.wp.com\/casadecampoliving.com\/wp-content\/uploads\/2025\/06\/Foto-Grupal-4ta-Dimension-scaled.jpg?fit=2560%2C1441&ssl=1"},"articleSection":"Conciertos","author":[{"@type":"Person","name":"Mairobi Herrera"}],"creator":["Mairobi Herrera"],"publisher":{"@type":"Organization","name":"Casa de Campo Living","logo":"https:\/\/casadecampoliving.com\/wp-content\/uploads\/2022\/07\/CDCLivingLogo_V1-white-sized.png"},"keywords":["casa de campo","featured-topview @es","marina casa de campo @es"],"dateCreated":"2025-06-04T01:09:46Z","datePublished":"2025-06-04T01:09:46Z","dateModified":"2025-06-04T01:12:36Z"},"rendered":"<script type=\"application\/ld+json\" class=\"wp-parsely-metadata\">{\"@context\":\"https:\\\/\\\/schema.org\",\"@type\":\"NewsArticle\",\"headline\":\"La Marina de Casa de Campo vibrar\\u00e1 con el rock de 4ta Dimensi\\u00f3n\",\"url\":\"http:\\\/\\\/casadecampoliving.com\\\/es\\\/la-marina-de-casa-de-campo-vibrara-con-el-rock-de-4ta-dimension\\\/\",\"mainEntityOfPage\":{\"@type\":\"WebPage\",\"@id\":\"http:\\\/\\\/casadecampoliving.com\\\/es\\\/la-marina-de-casa-de-campo-vibrara-con-el-rock-de-4ta-dimension\\\/\"},\"thumbnailUrl\":\"https:\\\/\\\/i0.wp.com\\\/casadecampoliving.com\\\/wp-content\\\/uploads\\\/2025\\\/06\\\/Foto-Grupal-4ta-Dimension-scaled.jpg?resize=150%2C150&ssl=1\",\"image\":{\"@type\":\"ImageObject\",\"url\":\"https:\\\/\\\/i0.wp.com\\\/casadecampoliving.com\\\/wp-content\\\/uploads\\\/2025\\\/06\\\/Foto-Grupal-4ta-Dimension-scaled.jpg?fit=2560%2C1441&ssl=1\"},\"articleSection\":\"Conciertos\",\"author\":[{\"@type\":\"Person\",\"name\":\"Mairobi Herrera\"}],\"creator\":[\"Mairobi Herrera\"],\"publisher\":{\"@type\":\"Organization\",\"name\":\"Casa de Campo Living\",\"logo\":\"https:\\\/\\\/casadecampoliving.com\\\/wp-content\\\/uploads\\\/2022\\\/07\\\/CDCLivingLogo_V1-white-sized.png\"},\"keywords\":[\"casa de campo\",\"featured-topview @es\",\"marina casa de campo @es\"],\"dateCreated\":\"2025-06-04T01:09:46Z\",\"datePublished\":\"2025-06-04T01:09:46Z\",\"dateModified\":\"2025-06-04T01:12:36Z\"}<\/script>","tracker_url":"https:\/\/cdn.parsely.com\/keys\/casadecampoliving.com\/p.js"},"jetpack_publicize_connections":[],"jetpack_featured_media_url":"https:\/\/i0.wp.com\/casadecampoliving.com\/wp-content\/uploads\/2025\/06\/Foto-Grupal-4ta-Dimension-scaled.jpg?fit=2560%2C1441&ssl=1","jetpack-related-posts":[{"id":433460,"url":"https:\/\/casadecampoliving.com\/es\/no-se-pierdan-el-increible-tributo-a-frank-sinatra-para-celebrar-el-40-aniversario-del-anfiteatro-altos-de-chavon\/","url_meta":{"origin":541333,"position":0},"title":"No se pierdan el incre\u00edble tributo a Frank Sinatra para celebrar el 40 aniversario del\u00a0Anfiteatro Altos de Chav\u00f3n","author":"Casa de Campo Living","date":"20 Oct, 2022","format":false,"excerpt":"Siendo uno de los escenarios m\u00e1s emblem\u00e1ticos del pa\u00eds, Casa de Campo Resort\u00ae & Villas celebra las cuatro d\u00e9cadas de aniversario de Altos de Chav\u00f3n con un tributo al gran Frank Sinatra, protagonizado por artistas invitados y una big band tal cual la que acompa\u00f1\u00f3 al artista hace 40 a\u00f1os\u2026","rel":"","context":"En \u00abUncategorized @es\u00bb","block_context":{"text":"Uncategorized @es","link":"https:\/\/casadecampoliving.com\/es\/category\/uncategorized-es\/"},"img":{"alt_text":"","src":"https:\/\/i0.wp.com\/casadecampoliving.com\/wp-content\/uploads\/2022\/10\/Tributo-Frank-Sinatra-Foto-Principal-Amaury-Sanchez-Danilo-Ginebra-Andres-Pichardo-y-Jose-Gabriel-Perez-.jpg?fit=1200%2C873&ssl=1&resize=350%2C200","width":350,"height":200,"srcset":"https:\/\/i0.wp.com\/casadecampoliving.com\/wp-content\/uploads\/2022\/10\/Tributo-Frank-Sinatra-Foto-Principal-Amaury-Sanchez-Danilo-Ginebra-Andres-Pichardo-y-Jose-Gabriel-Perez-.jpg?fit=1200%2C873&ssl=1&resize=350%2C200 1x, https:\/\/i0.wp.com\/casadecampoliving.com\/wp-content\/uploads\/2022\/10\/Tributo-Frank-Sinatra-Foto-Principal-Amaury-Sanchez-Danilo-Ginebra-Andres-Pichardo-y-Jose-Gabriel-Perez-.jpg?fit=1200%2C873&ssl=1&resize=525%2C300 1.5x, https:\/\/i0.wp.com\/casadecampoliving.com\/wp-content\/uploads\/2022\/10\/Tributo-Frank-Sinatra-Foto-Principal-Amaury-Sanchez-Danilo-Ginebra-Andres-Pichardo-y-Jose-Gabriel-Perez-.jpg?fit=1200%2C873&ssl=1&resize=700%2C400 2x, https:\/\/i0.wp.com\/casadecampoliving.com\/wp-content\/uploads\/2022\/10\/Tributo-Frank-Sinatra-Foto-Principal-Amaury-Sanchez-Danilo-Ginebra-Andres-Pichardo-y-Jose-Gabriel-Perez-.jpg?fit=1200%2C873&ssl=1&resize=1050%2C600 3x"},"classes":[]},{"id":541327,"url":"https:\/\/casadecampoliving.com\/casa-de-campo-marina-to-rock-with-4ta-dimension-this-saturday-june-7\/","url_meta":{"origin":541333,"position":1},"title":"Casa de Campo Marina to Rock with 4ta Dimensi\u00f3n This Saturday, June 7","author":"Mairobi Herrera","date":"3 Jun, 2025","format":false,"excerpt":"This Saturday, June 7, the Plaza Portofino at the Marina of Casa de Campo will host an electrifying evening as Dominican rock band 4ta Dimensi\u00f3n takes the stage at 9:00 p.m. The highly anticipated concert promises to be one of the summer\u2019s most unforgettable musical events. Founded in 2023 by\u2026","rel":"","context":"En \u00abConcerts\u00bb","block_context":{"text":"Concerts","link":"https:\/\/casadecampoliving.com\/category\/concerts\/"},"img":{"alt_text":"","src":"https:\/\/i0.wp.com\/casadecampoliving.com\/wp-content\/uploads\/2025\/06\/Foto-Grupal-4ta-Dimension-scaled.jpg?fit=1200%2C675&ssl=1&resize=350%2C200","width":350,"height":200,"srcset":"https:\/\/i0.wp.com\/casadecampoliving.com\/wp-content\/uploads\/2025\/06\/Foto-Grupal-4ta-Dimension-scaled.jpg?fit=1200%2C675&ssl=1&resize=350%2C200 1x, https:\/\/i0.wp.com\/casadecampoliving.com\/wp-content\/uploads\/2025\/06\/Foto-Grupal-4ta-Dimension-scaled.jpg?fit=1200%2C675&ssl=1&resize=525%2C300 1.5x, https:\/\/i0.wp.com\/casadecampoliving.com\/wp-content\/uploads\/2025\/06\/Foto-Grupal-4ta-Dimension-scaled.jpg?fit=1200%2C675&ssl=1&resize=700%2C400 2x, https:\/\/i0.wp.com\/casadecampoliving.com\/wp-content\/uploads\/2025\/06\/Foto-Grupal-4ta-Dimension-scaled.jpg?fit=1200%2C675&ssl=1&resize=1050%2C600 3x"},"classes":[]},{"id":546697,"url":"https:\/\/casadecampoliving.com\/es\/concierto-tributo-a-mana-con-shalim-ortiz-goico-en-marina-casa-de-campo\/","url_meta":{"origin":541333,"position":2},"title":"Concierto Tributo a Man\u00e1 con Shalim Ortiz-Goico en Marina Casa de Campo","author":"Casa de Campo Living","date":"7 Ago, 2025","format":false,"excerpt":"Shalim Ortiz-Goico est\u00e1 listo para llevar la m\u00fasica de una de las bandas m\u00e1s ic\u00f3nicas de Am\u00e9rica Latina, Man\u00e1, a Casa de Campo. El 23 de agosto de 2025, a las 9 p.m., Ortiz-Goico y su banda Dos\/Veintis\u00e9is subir\u00e1n al escenario de Plaza Portofino, en Marina Casa de Campo, para\u2026","rel":"","context":"En \u00abCasa de Campo Resort &amp; Villas\u00bb","block_context":{"text":"Casa de Campo Resort &amp; Villas","link":"https:\/\/casadecampoliving.com\/es\/category\/casa-de-campo-resort-villas\/"},"img":{"alt_text":"","src":"https:\/\/i0.wp.com\/casadecampoliving.com\/wp-content\/uploads\/2025\/08\/DSC04022-scaled.jpg?fit=1200%2C800&ssl=1&resize=350%2C200","width":350,"height":200,"srcset":"https:\/\/i0.wp.com\/casadecampoliving.com\/wp-content\/uploads\/2025\/08\/DSC04022-scaled.jpg?fit=1200%2C800&ssl=1&resize=350%2C200 1x, https:\/\/i0.wp.com\/casadecampoliving.com\/wp-content\/uploads\/2025\/08\/DSC04022-scaled.jpg?fit=1200%2C800&ssl=1&resize=525%2C300 1.5x, https:\/\/i0.wp.com\/casadecampoliving.com\/wp-content\/uploads\/2025\/08\/DSC04022-scaled.jpg?fit=1200%2C800&ssl=1&resize=700%2C400 2x, https:\/\/i0.wp.com\/casadecampoliving.com\/wp-content\/uploads\/2025\/08\/DSC04022-scaled.jpg?fit=1200%2C800&ssl=1&resize=1050%2C600 3x"},"classes":[]},{"id":536807,"url":"https:\/\/casadecampoliving.com\/es\/carlos-vives-enciende-altos-de-chavon-con-el-rock-de-mi-pueblo-vive\/","url_meta":{"origin":541333,"position":3},"title":"Carlos Vives Enciende Altos de Chav\u00f3n con \u201cEl Rock De Mi Pueblo Vive\u201d","author":"Casa de Campo Living","date":"11 Dic, 2024","format":false,"excerpt":"Altos de Chav\u00f3n vibr\u00f3 con la energ\u00eda de la m\u00fasica colombiana cuando Carlos Vives subi\u00f3 al escenario con su concierto \u201cEl Rock De Mi Pueblo Vive.\u201d El reconocido artista celebr\u00f3 sus 30 a\u00f1os de trayectoria con una presentaci\u00f3n que fusion\u00f3 tradici\u00f3n, emoci\u00f3n y carisma. \u201cBuenas noches, Rep\u00fablica Dominicana. Es un\u2026","rel":"","context":"En \u00abAltos de Chav\u00f3n\u00bb","block_context":{"text":"Altos de Chav\u00f3n","link":"https:\/\/casadecampoliving.com\/es\/category\/altos-de-chavon-6\/"},"img":{"alt_text":"","src":"https:\/\/i0.wp.com\/casadecampoliving.com\/wp-content\/uploads\/2024\/12\/Carlos-Vives-concert-Dec.2024-25.jpg?fit=1200%2C800&ssl=1&resize=350%2C200","width":350,"height":200,"srcset":"https:\/\/i0.wp.com\/casadecampoliving.com\/wp-content\/uploads\/2024\/12\/Carlos-Vives-concert-Dec.2024-25.jpg?fit=1200%2C800&ssl=1&resize=350%2C200 1x, https:\/\/i0.wp.com\/casadecampoliving.com\/wp-content\/uploads\/2024\/12\/Carlos-Vives-concert-Dec.2024-25.jpg?fit=1200%2C800&ssl=1&resize=525%2C300 1.5x, https:\/\/i0.wp.com\/casadecampoliving.com\/wp-content\/uploads\/2024\/12\/Carlos-Vives-concert-Dec.2024-25.jpg?fit=1200%2C800&ssl=1&resize=700%2C400 2x, https:\/\/i0.wp.com\/casadecampoliving.com\/wp-content\/uploads\/2024\/12\/Carlos-Vives-concert-Dec.2024-25.jpg?fit=1200%2C800&ssl=1&resize=1050%2C600 3x"},"classes":[]},{"id":539055,"url":"https:\/\/casadecampoliving.com\/es\/bossa-nova-bajo-las-estrellas-en-marina-casa-de-campo\/","url_meta":{"origin":541333,"position":4},"title":"Bossa Nova Bajo las Estrellas en Marina Casa de Campo","author":"Casa de Campo Living","date":"5 Mar, 2025","format":false,"excerpt":"La suave brisa entre las palmas, el aire salado y las melod\u00edas suaves de la bossa nova crear\u00e1n una velada encantadora en Casa de Campo Resort & Villas. El s\u00e1bado 15 de marzo, a las 8:30 p.m., el Concierto de Bossa Nova transformar\u00e1 la Plaza Portofino en La Marina en\u2026","rel":"","context":"En \u00abEventos\u00bb","block_context":{"text":"Eventos","link":"https:\/\/casadecampoliving.com\/es\/category\/eventos-es\/"},"img":{"alt_text":"","src":"https:\/\/i0.wp.com\/casadecampoliving.com\/wp-content\/uploads\/2025\/03\/Bossa-Nova-sin-tipografia.jpg?fit=1200%2C800&ssl=1&resize=350%2C200","width":350,"height":200,"srcset":"https:\/\/i0.wp.com\/casadecampoliving.com\/wp-content\/uploads\/2025\/03\/Bossa-Nova-sin-tipografia.jpg?fit=1200%2C800&ssl=1&resize=350%2C200 1x, https:\/\/i0.wp.com\/casadecampoliving.com\/wp-content\/uploads\/2025\/03\/Bossa-Nova-sin-tipografia.jpg?fit=1200%2C800&ssl=1&resize=525%2C300 1.5x, https:\/\/i0.wp.com\/casadecampoliving.com\/wp-content\/uploads\/2025\/03\/Bossa-Nova-sin-tipografia.jpg?fit=1200%2C800&ssl=1&resize=700%2C400 2x, https:\/\/i0.wp.com\/casadecampoliving.com\/wp-content\/uploads\/2025\/03\/Bossa-Nova-sin-tipografia.jpg?fit=1200%2C800&ssl=1&resize=1050%2C600 3x"},"classes":[]},{"id":536945,"url":"https:\/\/casadecampoliving.com\/es\/boletos-agotadas-el-concierto-de-kany-garcia-en-altos-de-chavon-esta-agotado\/","url_meta":{"origin":541333,"position":5},"title":"El Concierto de Kany Garc\u00eda en Altos de Chav\u00f3n est\u00e1 AGOTADO!","author":"Casa de Campo Living","date":"28 Ene, 2025","format":false,"excerpt":"\u00a1Prep\u00e1rense para una noche m\u00e1gica! Altos de Chav\u00f3n recibir\u00e1 el 15 de febrero a la cantautora puertorrique\u00f1a Kany Garc\u00eda, quien se presentar\u00e1 por primera vez en este legendario escenario. Como parte de su Garc\u00eda Tour 2025, el esperado concierto ha agotado oficialmente sus entradas generales y VIP, quedando solo unas\u2026","rel":"","context":"En \u00abAltos de Chav\u00f3n\u00bb","block_context":{"text":"Altos de Chav\u00f3n","link":"https:\/\/casadecampoliving.com\/es\/category\/altos-de-chavon-6\/"},"img":{"alt_text":"","src":"https:\/\/i0.wp.com\/casadecampoliving.com\/wp-content\/uploads\/2025\/01\/Kany-Garcia-Foto_Sin-Textura.jpg?fit=1200%2C874&ssl=1&resize=350%2C200","width":350,"height":200,"srcset":"https:\/\/i0.wp.com\/casadecampoliving.com\/wp-content\/uploads\/2025\/01\/Kany-Garcia-Foto_Sin-Textura.jpg?fit=1200%2C874&ssl=1&resize=350%2C200 1x, https:\/\/i0.wp.com\/casadecampoliving.com\/wp-content\/uploads\/2025\/01\/Kany-Garcia-Foto_Sin-Textura.jpg?fit=1200%2C874&ssl=1&resize=525%2C300 1.5x, https:\/\/i0.wp.com\/casadecampoliving.com\/wp-content\/uploads\/2025\/01\/Kany-Garcia-Foto_Sin-Textura.jpg?fit=1200%2C874&ssl=1&resize=700%2C400 2x, https:\/\/i0.wp.com\/casadecampoliving.com\/wp-content\/uploads\/2025\/01\/Kany-Garcia-Foto_Sin-Textura.jpg?fit=1200%2C874&ssl=1&resize=1050%2C600 3x"},"classes":[]}],"jetpack_sharing_enabled":true,"_links":{"self":[{"href":"https:\/\/casadecampoliving.com\/es\/wp-json\/wp\/v2\/posts\/541333","targetHints":{"allow":["GET"]}}],"collection":[{"href":"https:\/\/casadecampoliving.com\/es\/wp-json\/wp\/v2\/posts"}],"about":[{"href":"https:\/\/casadecampoliving.com\/es\/wp-json\/wp\/v2\/types\/post"}],"author":[{"embeddable":true,"href":"https:\/\/casadecampoliving.com\/es\/wp-json\/wp\/v2\/users\/431"}],"replies":[{"embeddable":true,"href":"https:\/\/casadecampoliving.com\/es\/wp-json\/wp\/v2\/comments?post=541333"}],"version-history":[{"count":1,"href":"https:\/\/casadecampoliving.com\/es\/wp-json\/wp\/v2\/posts\/541333\/revisions"}],"predecessor-version":[{"id":541334,"href":"https:\/\/casadecampoliving.com\/es\/wp-json\/wp\/v2\/posts\/541333\/revisions\/541334"}],"wp:featuredmedia":[{"embeddable":true,"href":"https:\/\/casadecampoliving.com\/es\/wp-json\/wp\/v2\/media\/541329"}],"wp:attachment":[{"href":"https:\/\/casadecampoliving.com\/es\/wp-json\/wp\/v2\/media?parent=541333"}],"wp:term":[{"taxonomy":"category","embeddable":true,"href":"https:\/\/casadecampoliving.com\/es\/wp-json\/wp\/v2\/categories?post=541333"},{"taxonomy":"post_tag","embeddable":true,"href":"https:\/\/casadecampoliving.com\/es\/wp-json\/wp\/v2\/tags?post=541333"},{"taxonomy":"newspack_spnsrs_tax","embeddable":true,"href":"https:\/\/casadecampoliving.com\/es\/wp-json\/wp\/v2\/newspack_spnsrs_tax?post=541333"}],"curies":[{"name":"wp","href":"https:\/\/api.w.org\/{rel}","templated":true}]}}