{"id":541281,"date":"2025-06-03T09:26:12","date_gmt":"2025-06-03T13:26:12","guid":{"rendered":"https:\/\/casadecampoliving.com\/?p=541281"},"modified":"2025-06-12T18:24:39","modified_gmt":"2025-06-12T22:24:39","slug":"eladio-carrion-se-presenta-en-altos-de-chavon-a-casa-llena","status":"publish","type":"post","link":"https:\/\/casadecampoliving.com\/es\/eladio-carrion-se-presenta-en-altos-de-chavon-a-casa-llena\/","title":{"rendered":"Eladio Carri\u00f3n se presenta en Altos de Chav\u00f3n a casa llena"},"content":{"rendered":"\n<p>El tan esperado concierto del artista de trap Eladio Carri\u00f3n finalmente se celebr\u00f3 el s\u00e1bado 31 de mayo en el emblem\u00e1tico escenario de Altos de Chav\u00f3n. El concierto, producido por el empresario Gamal Hach\u00e9, inici\u00f3 pasadas las 10 de la noche, poniendo desde el principio al p\u00fablico a corear cada uno de los temas durante una velada que tuvo como fondo una gran \u201cH\u201d utilizada como pantalla principal.<\/p>\n\n\n\n<p>Uno de los elementos m\u00e1s aplaudidos de la noche fue la banda musical que acompa\u00f1\u00f3 a Eladio desde lo alto del escenario. Ubicados en una plataforma sobre el techo esc\u00e9nico, los m\u00fasicos ofrecieron una potente interpretaci\u00f3n en vivo de su repertorio, elevando a\u00fan m\u00e1s la intensidad del show.<\/p>\n\n\n<div class=\"wp-block-image\">\n<figure class=\"aligncenter size-large\"><img data-recalc-dims=\"1\" loading=\"lazy\" decoding=\"async\" width=\"1024\" height=\"858\" data-attachment-id=\"541339\" data-permalink=\"https:\/\/casadecampoliving.com\/es\/eladio-carrion-se-presenta-en-altos-de-chavon-a-casa-llena\/whatsapp-image-2025-06-02-at-11-04-45-am-4-2\/\" data-orig-file=\"https:\/\/i0.wp.com\/casadecampoliving.com\/wp-content\/uploads\/2025\/06\/WhatsApp-Image-2025-06-02-at-11.04.45-AM-4.jpeg?fit=1981%2C1659&amp;ssl=1\" data-orig-size=\"1981,1659\" data-comments-opened=\"0\" data-image-meta=\"{&quot;aperture&quot;:&quot;0&quot;,&quot;credit&quot;:&quot;&quot;,&quot;camera&quot;:&quot;&quot;,&quot;caption&quot;:&quot;&quot;,&quot;created_timestamp&quot;:&quot;0&quot;,&quot;copyright&quot;:&quot;&quot;,&quot;focal_length&quot;:&quot;0&quot;,&quot;iso&quot;:&quot;0&quot;,&quot;shutter_speed&quot;:&quot;0&quot;,&quot;title&quot;:&quot;&quot;,&quot;orientation&quot;:&quot;0&quot;}\" data-image-title=\"WhatsApp Image 2025-06-02 at 11.04.45 AM (4)\" data-image-description=\"\" data-image-caption=\"\" data-large-file=\"https:\/\/i0.wp.com\/casadecampoliving.com\/wp-content\/uploads\/2025\/06\/WhatsApp-Image-2025-06-02-at-11.04.45-AM-4.jpeg?fit=1024%2C858&amp;ssl=1\" src=\"https:\/\/i0.wp.com\/casadecampoliving.com\/wp-content\/uploads\/2025\/06\/WhatsApp-Image-2025-06-02-at-11.04.45-AM-4.jpeg?resize=1024%2C858&#038;ssl=1\" alt=\"\" class=\"wp-image-541339\" srcset=\"https:\/\/i0.wp.com\/casadecampoliving.com\/wp-content\/uploads\/2025\/06\/WhatsApp-Image-2025-06-02-at-11.04.45-AM-4.jpeg?resize=1024%2C858&amp;ssl=1 1024w, https:\/\/i0.wp.com\/casadecampoliving.com\/wp-content\/uploads\/2025\/06\/WhatsApp-Image-2025-06-02-at-11.04.45-AM-4.jpeg?resize=300%2C251&amp;ssl=1 300w, https:\/\/i0.wp.com\/casadecampoliving.com\/wp-content\/uploads\/2025\/06\/WhatsApp-Image-2025-06-02-at-11.04.45-AM-4.jpeg?resize=768%2C643&amp;ssl=1 768w, https:\/\/i0.wp.com\/casadecampoliving.com\/wp-content\/uploads\/2025\/06\/WhatsApp-Image-2025-06-02-at-11.04.45-AM-4.jpeg?resize=1536%2C1286&amp;ssl=1 1536w, https:\/\/i0.wp.com\/casadecampoliving.com\/wp-content\/uploads\/2025\/06\/WhatsApp-Image-2025-06-02-at-11.04.45-AM-4.jpeg?resize=1200%2C1005&amp;ssl=1 1200w, https:\/\/i0.wp.com\/casadecampoliving.com\/wp-content\/uploads\/2025\/06\/WhatsApp-Image-2025-06-02-at-11.04.45-AM-4.jpeg?resize=780%2C653&amp;ssl=1 780w, https:\/\/i0.wp.com\/casadecampoliving.com\/wp-content\/uploads\/2025\/06\/WhatsApp-Image-2025-06-02-at-11.04.45-AM-4.jpeg?resize=400%2C335&amp;ssl=1 400w, https:\/\/i0.wp.com\/casadecampoliving.com\/wp-content\/uploads\/2025\/06\/WhatsApp-Image-2025-06-02-at-11.04.45-AM-4.jpeg?resize=1320%2C1105&amp;ssl=1 1320w, https:\/\/i0.wp.com\/casadecampoliving.com\/wp-content\/uploads\/2025\/06\/WhatsApp-Image-2025-06-02-at-11.04.45-AM-4.jpeg?resize=150%2C126&amp;ssl=1 150w, https:\/\/i0.wp.com\/casadecampoliving.com\/wp-content\/uploads\/2025\/06\/WhatsApp-Image-2025-06-02-at-11.04.45-AM-4.jpeg?w=1981&amp;ssl=1 1981w, https:\/\/i0.wp.com\/casadecampoliving.com\/wp-content\/uploads\/2025\/06\/WhatsApp-Image-2025-06-02-at-11.04.45-AM-4-1024x858.jpeg?w=370&amp;ssl=1 370w\" sizes=\"auto, (max-width: 1000px) 100vw, 1000px\" \/><figcaption class=\"wp-element-caption\"><em>*Foto cortes\u00eda de Casa de Campo<\/em><\/figcaption><\/figure>\n<\/div>\n\n\n<p>Durante m\u00e1s de dos horas, Carri\u00f3n interpret\u00f3 temas como \u201cHugo\u201d, \u201cPadre Tiempo\u201d, \u201cGladiador\u201d, \u201cSin freno\u201d, \u201cSi la calle llama\u201d, \u201cJ\u00f3venes millonarios SBF3\u201d, \u201cGuerrero\u201d, \u201cPaz Mental\u201d, \u201cConexi\u00f3n\u201d, \u201cQuiz\u00e1s Tal Vez\u201d, \u201cPiedras en la Ventana\u201d, \u201cCoco Chanel\u201d y \u201cMbapp\u00e9\u201d, entre otros \u00e9xitos que mantuvieron de pie a todo el p\u00fablico.<\/p>\n\n\n\n<p>Este espect\u00e1culo form\u00f3 parte de la programaci\u00f3n especial por el 50 aniversario de Casa de Campo, lo que le sum\u00f3 un valor hist\u00f3rico y cultural al evento, integrando lo mejor del entretenimiento con uno de los destinos m\u00e1s emblem\u00e1ticos del Caribe.<\/p>\n\n\n\n<p>Durante la velada, el artista pidi\u00f3 un minuto de silencio en memoria de las v\u00edctimas del JET SET, proyectando en pantalla una lista con los m\u00e1s de 300 nombres de personas que estuvieron involucradas en la tragedia. Se recuerda que el espect\u00e1culo inicialmente estaba programado para ser realizado el S\u00e1bado Santo, sin embargo, fue pospuesto debido a la tragedia.<\/p>\n\n\n\n<figure class=\"wp-block-image size-large\"><img data-recalc-dims=\"1\" loading=\"lazy\" decoding=\"async\" width=\"1024\" height=\"576\" data-attachment-id=\"541342\" data-permalink=\"https:\/\/casadecampoliving.com\/es\/eladio-carrion-se-presenta-en-altos-de-chavon-a-casa-llena\/whatsapp-image-2025-05-31-at-11-39-24-pm-2\/\" data-orig-file=\"https:\/\/i0.wp.com\/casadecampoliving.com\/wp-content\/uploads\/2025\/06\/WhatsApp-Image-2025-05-31-at-11.39.24-PM.jpeg?fit=1280%2C720&amp;ssl=1\" data-orig-size=\"1280,720\" data-comments-opened=\"0\" data-image-meta=\"{&quot;aperture&quot;:&quot;0&quot;,&quot;credit&quot;:&quot;&quot;,&quot;camera&quot;:&quot;&quot;,&quot;caption&quot;:&quot;&quot;,&quot;created_timestamp&quot;:&quot;0&quot;,&quot;copyright&quot;:&quot;&quot;,&quot;focal_length&quot;:&quot;0&quot;,&quot;iso&quot;:&quot;0&quot;,&quot;shutter_speed&quot;:&quot;0&quot;,&quot;title&quot;:&quot;&quot;,&quot;orientation&quot;:&quot;0&quot;}\" data-image-title=\"WhatsApp Image 2025-05-31 at 11.39.24 PM\" data-image-description=\"\" data-image-caption=\"\" data-large-file=\"https:\/\/i0.wp.com\/casadecampoliving.com\/wp-content\/uploads\/2025\/06\/WhatsApp-Image-2025-05-31-at-11.39.24-PM.jpeg?fit=1024%2C576&amp;ssl=1\" src=\"https:\/\/i0.wp.com\/casadecampoliving.com\/wp-content\/uploads\/2025\/06\/WhatsApp-Image-2025-05-31-at-11.39.24-PM.jpeg?resize=1024%2C576&#038;ssl=1\" alt=\"\" class=\"wp-image-541342\" srcset=\"https:\/\/i0.wp.com\/casadecampoliving.com\/wp-content\/uploads\/2025\/06\/WhatsApp-Image-2025-05-31-at-11.39.24-PM.jpeg?resize=1024%2C576&amp;ssl=1 1024w, https:\/\/i0.wp.com\/casadecampoliving.com\/wp-content\/uploads\/2025\/06\/WhatsApp-Image-2025-05-31-at-11.39.24-PM.jpeg?resize=300%2C169&amp;ssl=1 300w, https:\/\/i0.wp.com\/casadecampoliving.com\/wp-content\/uploads\/2025\/06\/WhatsApp-Image-2025-05-31-at-11.39.24-PM.jpeg?resize=768%2C432&amp;ssl=1 768w, https:\/\/i0.wp.com\/casadecampoliving.com\/wp-content\/uploads\/2025\/06\/WhatsApp-Image-2025-05-31-at-11.39.24-PM.jpeg?resize=1200%2C675&amp;ssl=1 1200w, https:\/\/i0.wp.com\/casadecampoliving.com\/wp-content\/uploads\/2025\/06\/WhatsApp-Image-2025-05-31-at-11.39.24-PM.jpeg?resize=780%2C439&amp;ssl=1 780w, https:\/\/i0.wp.com\/casadecampoliving.com\/wp-content\/uploads\/2025\/06\/WhatsApp-Image-2025-05-31-at-11.39.24-PM.jpeg?resize=400%2C225&amp;ssl=1 400w, https:\/\/i0.wp.com\/casadecampoliving.com\/wp-content\/uploads\/2025\/06\/WhatsApp-Image-2025-05-31-at-11.39.24-PM.jpeg?resize=150%2C84&amp;ssl=1 150w, https:\/\/i0.wp.com\/casadecampoliving.com\/wp-content\/uploads\/2025\/06\/WhatsApp-Image-2025-05-31-at-11.39.24-PM.jpeg?w=1280&amp;ssl=1 1280w, https:\/\/i0.wp.com\/casadecampoliving.com\/wp-content\/uploads\/2025\/06\/WhatsApp-Image-2025-05-31-at-11.39.24-PM-1024x576.jpeg?w=370&amp;ssl=1 370w\" sizes=\"auto, (max-width: 1000px) 100vw, 1000px\" \/><figcaption class=\"wp-element-caption\">Foto tomada por Antonio Garcia<\/figcaption><\/figure>\n\n\n\n<p>Uno de los momentos m\u00e1s celebrados de la noche fue la participaci\u00f3n especial del artista dominicano Lil Naay, quien subi\u00f3 al escenario como invitado, generando una ovaci\u00f3n entre los presentes y reforzando la conexi\u00f3n local del espect\u00e1culo.<\/p>\n\n\n\n<p>Carri\u00f3n lleg\u00f3 al emblem\u00e1tico escenario de Altos de Chav\u00f3n en uno de los momentos m\u00e1s destacados de su carrera, impulsado por su reciente producci\u00f3n discogr\u00e1fica \u201cDON KBRN\u201d, lanzada el pasado 1 de abril. La presentaci\u00f3n dej\u00f3 claro su crecimiento como artista integral, combinando m\u00fasica, narrativa visual y una puesta en escena con visi\u00f3n cinematogr\u00e1fica.<\/p>\n\n\n\n<p><em>*Fotos cortes\u00eda de Casa de Campo<\/em><\/p>\n\n\n\n<figure class=\"wp-block-gallery has-nested-images columns-4 is-cropped wp-block-gallery-1 is-layout-flex wp-block-gallery-is-layout-flex\">\n<figure class=\"wp-block-image size-large\"><img data-recalc-dims=\"1\" loading=\"lazy\" decoding=\"async\" width=\"576\" height=\"1024\" data-attachment-id=\"541286\" data-permalink=\"https:\/\/casadecampoliving.com\/es\/eladio-carrion-se-presenta-en-altos-de-chavon-a-casa-llena\/whatsapp-image-2025-06-02-at-11-04-48-am\/\" data-orig-file=\"https:\/\/i0.wp.com\/casadecampoliving.com\/wp-content\/uploads\/2025\/06\/WhatsApp-Image-2025-06-02-at-11.04.48-AM-scaled.jpeg?fit=1440%2C2560&amp;ssl=1\" data-orig-size=\"1440,2560\" data-comments-opened=\"0\" data-image-meta=\"{&quot;aperture&quot;:&quot;0&quot;,&quot;credit&quot;:&quot;&quot;,&quot;camera&quot;:&quot;&quot;,&quot;caption&quot;:&quot;&quot;,&quot;created_timestamp&quot;:&quot;0&quot;,&quot;copyright&quot;:&quot;&quot;,&quot;focal_length&quot;:&quot;0&quot;,&quot;iso&quot;:&quot;0&quot;,&quot;shutter_speed&quot;:&quot;0&quot;,&quot;title&quot;:&quot;&quot;,&quot;orientation&quot;:&quot;0&quot;}\" data-image-title=\"WhatsApp Image 2025-06-02 at 11.04.48 AM\" data-image-description=\"\" data-image-caption=\"\" data-large-file=\"https:\/\/i0.wp.com\/casadecampoliving.com\/wp-content\/uploads\/2025\/06\/WhatsApp-Image-2025-06-02-at-11.04.48-AM-scaled.jpeg?fit=576%2C1024&amp;ssl=1\" data-id=\"541286\" src=\"https:\/\/i0.wp.com\/casadecampoliving.com\/wp-content\/uploads\/2025\/06\/WhatsApp-Image-2025-06-02-at-11.04.48-AM.jpeg?resize=576%2C1024&#038;ssl=1\" alt=\"\" class=\"wp-image-541286\" srcset=\"https:\/\/i0.wp.com\/casadecampoliving.com\/wp-content\/uploads\/2025\/06\/WhatsApp-Image-2025-06-02-at-11.04.48-AM-scaled.jpeg?resize=576%2C1024&amp;ssl=1 576w, https:\/\/i0.wp.com\/casadecampoliving.com\/wp-content\/uploads\/2025\/06\/WhatsApp-Image-2025-06-02-at-11.04.48-AM-scaled.jpeg?resize=169%2C300&amp;ssl=1 169w, https:\/\/i0.wp.com\/casadecampoliving.com\/wp-content\/uploads\/2025\/06\/WhatsApp-Image-2025-06-02-at-11.04.48-AM-scaled.jpeg?resize=768%2C1366&amp;ssl=1 768w, https:\/\/i0.wp.com\/casadecampoliving.com\/wp-content\/uploads\/2025\/06\/WhatsApp-Image-2025-06-02-at-11.04.48-AM-scaled.jpeg?resize=864%2C1536&amp;ssl=1 864w, https:\/\/i0.wp.com\/casadecampoliving.com\/wp-content\/uploads\/2025\/06\/WhatsApp-Image-2025-06-02-at-11.04.48-AM-scaled.jpeg?resize=1152%2C2048&amp;ssl=1 1152w, https:\/\/i0.wp.com\/casadecampoliving.com\/wp-content\/uploads\/2025\/06\/WhatsApp-Image-2025-06-02-at-11.04.48-AM-scaled.jpeg?resize=1200%2C2134&amp;ssl=1 1200w, https:\/\/i0.wp.com\/casadecampoliving.com\/wp-content\/uploads\/2025\/06\/WhatsApp-Image-2025-06-02-at-11.04.48-AM-scaled.jpeg?resize=780%2C1387&amp;ssl=1 780w, https:\/\/i0.wp.com\/casadecampoliving.com\/wp-content\/uploads\/2025\/06\/WhatsApp-Image-2025-06-02-at-11.04.48-AM-scaled.jpeg?resize=400%2C711&amp;ssl=1 400w, https:\/\/i0.wp.com\/casadecampoliving.com\/wp-content\/uploads\/2025\/06\/WhatsApp-Image-2025-06-02-at-11.04.48-AM-scaled.jpeg?resize=1320%2C2347&amp;ssl=1 1320w, https:\/\/i0.wp.com\/casadecampoliving.com\/wp-content\/uploads\/2025\/06\/WhatsApp-Image-2025-06-02-at-11.04.48-AM-scaled.jpeg?resize=150%2C267&amp;ssl=1 150w, https:\/\/i0.wp.com\/casadecampoliving.com\/wp-content\/uploads\/2025\/06\/WhatsApp-Image-2025-06-02-at-11.04.48-AM-scaled.jpeg?w=1440&amp;ssl=1 1440w, https:\/\/i0.wp.com\/casadecampoliving.com\/wp-content\/uploads\/2025\/06\/WhatsApp-Image-2025-06-02-at-11.04.48-AM-576x1024.jpeg?w=370&amp;ssl=1 370w\" sizes=\"auto, (max-width: 576px) 100vw, 576px\" \/><\/figure>\n\n\n\n<figure class=\"wp-block-image size-large\"><img data-recalc-dims=\"1\" loading=\"lazy\" decoding=\"async\" width=\"577\" height=\"1024\" data-attachment-id=\"541296\" data-permalink=\"https:\/\/casadecampoliving.com\/es\/eladio-carrion-se-presenta-en-altos-de-chavon-a-casa-llena\/whatsapp-image-2025-06-02-at-11-04-47-am\/\" data-orig-file=\"https:\/\/i0.wp.com\/casadecampoliving.com\/wp-content\/uploads\/2025\/06\/WhatsApp-Image-2025-06-02-at-11.04.47-AM-scaled.jpeg?fit=1442%2C2560&amp;ssl=1\" data-orig-size=\"1442,2560\" data-comments-opened=\"0\" data-image-meta=\"{&quot;aperture&quot;:&quot;0&quot;,&quot;credit&quot;:&quot;&quot;,&quot;camera&quot;:&quot;&quot;,&quot;caption&quot;:&quot;&quot;,&quot;created_timestamp&quot;:&quot;0&quot;,&quot;copyright&quot;:&quot;&quot;,&quot;focal_length&quot;:&quot;0&quot;,&quot;iso&quot;:&quot;0&quot;,&quot;shutter_speed&quot;:&quot;0&quot;,&quot;title&quot;:&quot;&quot;,&quot;orientation&quot;:&quot;0&quot;}\" data-image-title=\"WhatsApp Image 2025-06-02 at 11.04.47 AM\" data-image-description=\"\" data-image-caption=\"\" data-large-file=\"https:\/\/i0.wp.com\/casadecampoliving.com\/wp-content\/uploads\/2025\/06\/WhatsApp-Image-2025-06-02-at-11.04.47-AM-scaled.jpeg?fit=577%2C1024&amp;ssl=1\" data-id=\"541296\" src=\"https:\/\/i0.wp.com\/casadecampoliving.com\/wp-content\/uploads\/2025\/06\/WhatsApp-Image-2025-06-02-at-11.04.47-AM.jpeg?resize=577%2C1024&#038;ssl=1\" alt=\"\" class=\"wp-image-541296\" srcset=\"https:\/\/i0.wp.com\/casadecampoliving.com\/wp-content\/uploads\/2025\/06\/WhatsApp-Image-2025-06-02-at-11.04.47-AM-scaled.jpeg?resize=577%2C1024&amp;ssl=1 577w, https:\/\/i0.wp.com\/casadecampoliving.com\/wp-content\/uploads\/2025\/06\/WhatsApp-Image-2025-06-02-at-11.04.47-AM-scaled.jpeg?resize=169%2C300&amp;ssl=1 169w, https:\/\/i0.wp.com\/casadecampoliving.com\/wp-content\/uploads\/2025\/06\/WhatsApp-Image-2025-06-02-at-11.04.47-AM-scaled.jpeg?resize=768%2C1363&amp;ssl=1 768w, https:\/\/i0.wp.com\/casadecampoliving.com\/wp-content\/uploads\/2025\/06\/WhatsApp-Image-2025-06-02-at-11.04.47-AM-scaled.jpeg?resize=865%2C1536&amp;ssl=1 865w, https:\/\/i0.wp.com\/casadecampoliving.com\/wp-content\/uploads\/2025\/06\/WhatsApp-Image-2025-06-02-at-11.04.47-AM-scaled.jpeg?resize=1154%2C2048&amp;ssl=1 1154w, https:\/\/i0.wp.com\/casadecampoliving.com\/wp-content\/uploads\/2025\/06\/WhatsApp-Image-2025-06-02-at-11.04.47-AM-scaled.jpeg?resize=1200%2C2130&amp;ssl=1 1200w, https:\/\/i0.wp.com\/casadecampoliving.com\/wp-content\/uploads\/2025\/06\/WhatsApp-Image-2025-06-02-at-11.04.47-AM-scaled.jpeg?resize=780%2C1385&amp;ssl=1 780w, https:\/\/i0.wp.com\/casadecampoliving.com\/wp-content\/uploads\/2025\/06\/WhatsApp-Image-2025-06-02-at-11.04.47-AM-scaled.jpeg?resize=400%2C710&amp;ssl=1 400w, https:\/\/i0.wp.com\/casadecampoliving.com\/wp-content\/uploads\/2025\/06\/WhatsApp-Image-2025-06-02-at-11.04.47-AM-scaled.jpeg?resize=1320%2C2343&amp;ssl=1 1320w, https:\/\/i0.wp.com\/casadecampoliving.com\/wp-content\/uploads\/2025\/06\/WhatsApp-Image-2025-06-02-at-11.04.47-AM-scaled.jpeg?resize=150%2C266&amp;ssl=1 150w, https:\/\/i0.wp.com\/casadecampoliving.com\/wp-content\/uploads\/2025\/06\/WhatsApp-Image-2025-06-02-at-11.04.47-AM-scaled.jpeg?w=1442&amp;ssl=1 1442w, https:\/\/i0.wp.com\/casadecampoliving.com\/wp-content\/uploads\/2025\/06\/WhatsApp-Image-2025-06-02-at-11.04.47-AM-577x1024.jpeg?w=370&amp;ssl=1 370w\" sizes=\"auto, (max-width: 577px) 100vw, 577px\" \/><\/figure>\n\n\n\n<figure class=\"wp-block-image size-large\"><img data-recalc-dims=\"1\" loading=\"lazy\" decoding=\"async\" width=\"683\" height=\"1024\" data-attachment-id=\"541290\" data-permalink=\"https:\/\/casadecampoliving.com\/es\/eladio-carrion-se-presenta-en-altos-de-chavon-a-casa-llena\/whatsapp-image-2025-06-02-at-11-04-44-am-2\/\" data-orig-file=\"https:\/\/i0.wp.com\/casadecampoliving.com\/wp-content\/uploads\/2025\/06\/WhatsApp-Image-2025-06-02-at-11.04.44-AM-1-scaled.jpeg?fit=1707%2C2560&amp;ssl=1\" data-orig-size=\"1707,2560\" data-comments-opened=\"0\" data-image-meta=\"{&quot;aperture&quot;:&quot;0&quot;,&quot;credit&quot;:&quot;&quot;,&quot;camera&quot;:&quot;&quot;,&quot;caption&quot;:&quot;&quot;,&quot;created_timestamp&quot;:&quot;0&quot;,&quot;copyright&quot;:&quot;&quot;,&quot;focal_length&quot;:&quot;0&quot;,&quot;iso&quot;:&quot;0&quot;,&quot;shutter_speed&quot;:&quot;0&quot;,&quot;title&quot;:&quot;&quot;,&quot;orientation&quot;:&quot;0&quot;}\" data-image-title=\"WhatsApp Image 2025-06-02 at 11.04.44 AM\" data-image-description=\"\" data-image-caption=\"\" data-large-file=\"https:\/\/i0.wp.com\/casadecampoliving.com\/wp-content\/uploads\/2025\/06\/WhatsApp-Image-2025-06-02-at-11.04.44-AM-1-scaled.jpeg?fit=683%2C1024&amp;ssl=1\" data-id=\"541290\" src=\"https:\/\/i0.wp.com\/casadecampoliving.com\/wp-content\/uploads\/2025\/06\/WhatsApp-Image-2025-06-02-at-11.04.44-AM-1.jpeg?resize=683%2C1024&#038;ssl=1\" alt=\"\" class=\"wp-image-541290\" srcset=\"https:\/\/i0.wp.com\/casadecampoliving.com\/wp-content\/uploads\/2025\/06\/WhatsApp-Image-2025-06-02-at-11.04.44-AM-1-scaled.jpeg?resize=683%2C1024&amp;ssl=1 683w, https:\/\/i0.wp.com\/casadecampoliving.com\/wp-content\/uploads\/2025\/06\/WhatsApp-Image-2025-06-02-at-11.04.44-AM-1-scaled.jpeg?resize=200%2C300&amp;ssl=1 200w, https:\/\/i0.wp.com\/casadecampoliving.com\/wp-content\/uploads\/2025\/06\/WhatsApp-Image-2025-06-02-at-11.04.44-AM-1-scaled.jpeg?resize=768%2C1152&amp;ssl=1 768w, https:\/\/i0.wp.com\/casadecampoliving.com\/wp-content\/uploads\/2025\/06\/WhatsApp-Image-2025-06-02-at-11.04.44-AM-1-scaled.jpeg?resize=1024%2C1536&amp;ssl=1 1024w, https:\/\/i0.wp.com\/casadecampoliving.com\/wp-content\/uploads\/2025\/06\/WhatsApp-Image-2025-06-02-at-11.04.44-AM-1-scaled.jpeg?resize=1366%2C2048&amp;ssl=1 1366w, https:\/\/i0.wp.com\/casadecampoliving.com\/wp-content\/uploads\/2025\/06\/WhatsApp-Image-2025-06-02-at-11.04.44-AM-1-scaled.jpeg?resize=1200%2C1800&amp;ssl=1 1200w, https:\/\/i0.wp.com\/casadecampoliving.com\/wp-content\/uploads\/2025\/06\/WhatsApp-Image-2025-06-02-at-11.04.44-AM-1-scaled.jpeg?resize=2000%2C3000&amp;ssl=1 2000w, https:\/\/i0.wp.com\/casadecampoliving.com\/wp-content\/uploads\/2025\/06\/WhatsApp-Image-2025-06-02-at-11.04.44-AM-1-scaled.jpeg?resize=780%2C1170&amp;ssl=1 780w, https:\/\/i0.wp.com\/casadecampoliving.com\/wp-content\/uploads\/2025\/06\/WhatsApp-Image-2025-06-02-at-11.04.44-AM-1-scaled.jpeg?resize=400%2C600&amp;ssl=1 400w, https:\/\/i0.wp.com\/casadecampoliving.com\/wp-content\/uploads\/2025\/06\/WhatsApp-Image-2025-06-02-at-11.04.44-AM-1-scaled.jpeg?resize=1320%2C1980&amp;ssl=1 1320w, https:\/\/i0.wp.com\/casadecampoliving.com\/wp-content\/uploads\/2025\/06\/WhatsApp-Image-2025-06-02-at-11.04.44-AM-1-scaled.jpeg?resize=150%2C225&amp;ssl=1 150w, https:\/\/i0.wp.com\/casadecampoliving.com\/wp-content\/uploads\/2025\/06\/WhatsApp-Image-2025-06-02-at-11.04.44-AM-1-scaled.jpeg?w=1707&amp;ssl=1 1707w, https:\/\/i0.wp.com\/casadecampoliving.com\/wp-content\/uploads\/2025\/06\/WhatsApp-Image-2025-06-02-at-11.04.44-AM-1-683x1024.jpeg?w=370&amp;ssl=1 370w\" sizes=\"auto, (max-width: 683px) 100vw, 683px\" \/><\/figure>\n\n\n\n<figure class=\"wp-block-image size-large\"><img data-recalc-dims=\"1\" loading=\"lazy\" decoding=\"async\" width=\"683\" height=\"1024\" data-attachment-id=\"541292\" data-permalink=\"https:\/\/casadecampoliving.com\/es\/eladio-carrion-se-presenta-en-altos-de-chavon-a-casa-llena\/whatsapp-image-2025-06-02-at-11-04-43-am-3\/\" data-orig-file=\"https:\/\/i0.wp.com\/casadecampoliving.com\/wp-content\/uploads\/2025\/06\/WhatsApp-Image-2025-06-02-at-11.04.43-AM-3-scaled.jpeg?fit=1707%2C2560&amp;ssl=1\" data-orig-size=\"1707,2560\" data-comments-opened=\"0\" data-image-meta=\"{&quot;aperture&quot;:&quot;0&quot;,&quot;credit&quot;:&quot;&quot;,&quot;camera&quot;:&quot;&quot;,&quot;caption&quot;:&quot;&quot;,&quot;created_timestamp&quot;:&quot;0&quot;,&quot;copyright&quot;:&quot;&quot;,&quot;focal_length&quot;:&quot;0&quot;,&quot;iso&quot;:&quot;0&quot;,&quot;shutter_speed&quot;:&quot;0&quot;,&quot;title&quot;:&quot;&quot;,&quot;orientation&quot;:&quot;0&quot;}\" data-image-title=\"WhatsApp Image 2025-06-02 at 11.04.43 AM (3)\" data-image-description=\"\" data-image-caption=\"\" data-large-file=\"https:\/\/i0.wp.com\/casadecampoliving.com\/wp-content\/uploads\/2025\/06\/WhatsApp-Image-2025-06-02-at-11.04.43-AM-3-scaled.jpeg?fit=683%2C1024&amp;ssl=1\" data-id=\"541292\" src=\"https:\/\/i0.wp.com\/casadecampoliving.com\/wp-content\/uploads\/2025\/06\/WhatsApp-Image-2025-06-02-at-11.04.43-AM-3.jpeg?resize=683%2C1024&#038;ssl=1\" alt=\"\" class=\"wp-image-541292\" srcset=\"https:\/\/i0.wp.com\/casadecampoliving.com\/wp-content\/uploads\/2025\/06\/WhatsApp-Image-2025-06-02-at-11.04.43-AM-3-scaled.jpeg?resize=683%2C1024&amp;ssl=1 683w, https:\/\/i0.wp.com\/casadecampoliving.com\/wp-content\/uploads\/2025\/06\/WhatsApp-Image-2025-06-02-at-11.04.43-AM-3-scaled.jpeg?resize=200%2C300&amp;ssl=1 200w, https:\/\/i0.wp.com\/casadecampoliving.com\/wp-content\/uploads\/2025\/06\/WhatsApp-Image-2025-06-02-at-11.04.43-AM-3-scaled.jpeg?resize=768%2C1152&amp;ssl=1 768w, https:\/\/i0.wp.com\/casadecampoliving.com\/wp-content\/uploads\/2025\/06\/WhatsApp-Image-2025-06-02-at-11.04.43-AM-3-scaled.jpeg?resize=1024%2C1536&amp;ssl=1 1024w, https:\/\/i0.wp.com\/casadecampoliving.com\/wp-content\/uploads\/2025\/06\/WhatsApp-Image-2025-06-02-at-11.04.43-AM-3-scaled.jpeg?resize=1366%2C2048&amp;ssl=1 1366w, https:\/\/i0.wp.com\/casadecampoliving.com\/wp-content\/uploads\/2025\/06\/WhatsApp-Image-2025-06-02-at-11.04.43-AM-3-scaled.jpeg?resize=1200%2C1800&amp;ssl=1 1200w, https:\/\/i0.wp.com\/casadecampoliving.com\/wp-content\/uploads\/2025\/06\/WhatsApp-Image-2025-06-02-at-11.04.43-AM-3-scaled.jpeg?resize=2000%2C3000&amp;ssl=1 2000w, https:\/\/i0.wp.com\/casadecampoliving.com\/wp-content\/uploads\/2025\/06\/WhatsApp-Image-2025-06-02-at-11.04.43-AM-3-scaled.jpeg?resize=780%2C1170&amp;ssl=1 780w, https:\/\/i0.wp.com\/casadecampoliving.com\/wp-content\/uploads\/2025\/06\/WhatsApp-Image-2025-06-02-at-11.04.43-AM-3-scaled.jpeg?resize=400%2C600&amp;ssl=1 400w, https:\/\/i0.wp.com\/casadecampoliving.com\/wp-content\/uploads\/2025\/06\/WhatsApp-Image-2025-06-02-at-11.04.43-AM-3-scaled.jpeg?resize=1320%2C1980&amp;ssl=1 1320w, https:\/\/i0.wp.com\/casadecampoliving.com\/wp-content\/uploads\/2025\/06\/WhatsApp-Image-2025-06-02-at-11.04.43-AM-3-scaled.jpeg?resize=150%2C225&amp;ssl=1 150w, https:\/\/i0.wp.com\/casadecampoliving.com\/wp-content\/uploads\/2025\/06\/WhatsApp-Image-2025-06-02-at-11.04.43-AM-3-scaled.jpeg?w=1707&amp;ssl=1 1707w, https:\/\/i0.wp.com\/casadecampoliving.com\/wp-content\/uploads\/2025\/06\/WhatsApp-Image-2025-06-02-at-11.04.43-AM-3-683x1024.jpeg?w=370&amp;ssl=1 370w\" sizes=\"auto, (max-width: 683px) 100vw, 683px\" \/><\/figure>\n\n\n\n<figure class=\"wp-block-image size-large\"><img data-recalc-dims=\"1\" loading=\"lazy\" decoding=\"async\" width=\"683\" height=\"1024\" data-attachment-id=\"541300\" data-permalink=\"https:\/\/casadecampoliving.com\/es\/eladio-carrion-se-presenta-en-altos-de-chavon-a-casa-llena\/whatsapp-image-2025-06-02-at-11-04-43-am-2-2\/\" data-orig-file=\"https:\/\/i0.wp.com\/casadecampoliving.com\/wp-content\/uploads\/2025\/06\/WhatsApp-Image-2025-06-02-at-11.04.43-AM-2-1-scaled.jpeg?fit=1707%2C2560&amp;ssl=1\" data-orig-size=\"1707,2560\" data-comments-opened=\"0\" data-image-meta=\"{&quot;aperture&quot;:&quot;0&quot;,&quot;credit&quot;:&quot;&quot;,&quot;camera&quot;:&quot;&quot;,&quot;caption&quot;:&quot;&quot;,&quot;created_timestamp&quot;:&quot;0&quot;,&quot;copyright&quot;:&quot;&quot;,&quot;focal_length&quot;:&quot;0&quot;,&quot;iso&quot;:&quot;0&quot;,&quot;shutter_speed&quot;:&quot;0&quot;,&quot;title&quot;:&quot;&quot;,&quot;orientation&quot;:&quot;0&quot;}\" data-image-title=\"WhatsApp Image 2025-06-02 at 11.04.43 AM (2)\" data-image-description=\"\" data-image-caption=\"\" data-large-file=\"https:\/\/i0.wp.com\/casadecampoliving.com\/wp-content\/uploads\/2025\/06\/WhatsApp-Image-2025-06-02-at-11.04.43-AM-2-1-scaled.jpeg?fit=683%2C1024&amp;ssl=1\" data-id=\"541300\" src=\"https:\/\/i0.wp.com\/casadecampoliving.com\/wp-content\/uploads\/2025\/06\/WhatsApp-Image-2025-06-02-at-11.04.43-AM-2-1.jpeg?resize=683%2C1024&#038;ssl=1\" alt=\"\" class=\"wp-image-541300\" srcset=\"https:\/\/i0.wp.com\/casadecampoliving.com\/wp-content\/uploads\/2025\/06\/WhatsApp-Image-2025-06-02-at-11.04.43-AM-2-1-scaled.jpeg?resize=683%2C1024&amp;ssl=1 683w, https:\/\/i0.wp.com\/casadecampoliving.com\/wp-content\/uploads\/2025\/06\/WhatsApp-Image-2025-06-02-at-11.04.43-AM-2-1-scaled.jpeg?resize=200%2C300&amp;ssl=1 200w, https:\/\/i0.wp.com\/casadecampoliving.com\/wp-content\/uploads\/2025\/06\/WhatsApp-Image-2025-06-02-at-11.04.43-AM-2-1-scaled.jpeg?resize=768%2C1152&amp;ssl=1 768w, https:\/\/i0.wp.com\/casadecampoliving.com\/wp-content\/uploads\/2025\/06\/WhatsApp-Image-2025-06-02-at-11.04.43-AM-2-1-scaled.jpeg?resize=1024%2C1536&amp;ssl=1 1024w, https:\/\/i0.wp.com\/casadecampoliving.com\/wp-content\/uploads\/2025\/06\/WhatsApp-Image-2025-06-02-at-11.04.43-AM-2-1-scaled.jpeg?resize=1365%2C2048&amp;ssl=1 1365w, https:\/\/i0.wp.com\/casadecampoliving.com\/wp-content\/uploads\/2025\/06\/WhatsApp-Image-2025-06-02-at-11.04.43-AM-2-1-scaled.jpeg?resize=1200%2C1800&amp;ssl=1 1200w, https:\/\/i0.wp.com\/casadecampoliving.com\/wp-content\/uploads\/2025\/06\/WhatsApp-Image-2025-06-02-at-11.04.43-AM-2-1-scaled.jpeg?resize=2000%2C3000&amp;ssl=1 2000w, https:\/\/i0.wp.com\/casadecampoliving.com\/wp-content\/uploads\/2025\/06\/WhatsApp-Image-2025-06-02-at-11.04.43-AM-2-1-scaled.jpeg?resize=780%2C1170&amp;ssl=1 780w, https:\/\/i0.wp.com\/casadecampoliving.com\/wp-content\/uploads\/2025\/06\/WhatsApp-Image-2025-06-02-at-11.04.43-AM-2-1-scaled.jpeg?resize=400%2C600&amp;ssl=1 400w, https:\/\/i0.wp.com\/casadecampoliving.com\/wp-content\/uploads\/2025\/06\/WhatsApp-Image-2025-06-02-at-11.04.43-AM-2-1-scaled.jpeg?resize=1320%2C1980&amp;ssl=1 1320w, https:\/\/i0.wp.com\/casadecampoliving.com\/wp-content\/uploads\/2025\/06\/WhatsApp-Image-2025-06-02-at-11.04.43-AM-2-1-scaled.jpeg?resize=150%2C225&amp;ssl=1 150w, https:\/\/i0.wp.com\/casadecampoliving.com\/wp-content\/uploads\/2025\/06\/WhatsApp-Image-2025-06-02-at-11.04.43-AM-2-1-scaled.jpeg?w=1707&amp;ssl=1 1707w, https:\/\/i0.wp.com\/casadecampoliving.com\/wp-content\/uploads\/2025\/06\/WhatsApp-Image-2025-06-02-at-11.04.43-AM-2-1-683x1024.jpeg?w=370&amp;ssl=1 370w\" sizes=\"auto, (max-width: 683px) 100vw, 683px\" \/><\/figure>\n\n\n\n<figure class=\"wp-block-image size-large\"><img data-recalc-dims=\"1\" loading=\"lazy\" decoding=\"async\" width=\"683\" height=\"1024\" data-attachment-id=\"541298\" data-permalink=\"https:\/\/casadecampoliving.com\/es\/eladio-carrion-se-presenta-en-altos-de-chavon-a-casa-llena\/whatsapp-image-2025-06-02-at-11-04-43-am-1\/\" data-orig-file=\"https:\/\/i0.wp.com\/casadecampoliving.com\/wp-content\/uploads\/2025\/06\/WhatsApp-Image-2025-06-02-at-11.04.43-AM-1-scaled.jpeg?fit=1707%2C2560&amp;ssl=1\" data-orig-size=\"1707,2560\" data-comments-opened=\"0\" data-image-meta=\"{&quot;aperture&quot;:&quot;0&quot;,&quot;credit&quot;:&quot;&quot;,&quot;camera&quot;:&quot;&quot;,&quot;caption&quot;:&quot;&quot;,&quot;created_timestamp&quot;:&quot;0&quot;,&quot;copyright&quot;:&quot;&quot;,&quot;focal_length&quot;:&quot;0&quot;,&quot;iso&quot;:&quot;0&quot;,&quot;shutter_speed&quot;:&quot;0&quot;,&quot;title&quot;:&quot;&quot;,&quot;orientation&quot;:&quot;0&quot;}\" data-image-title=\"WhatsApp Image 2025-06-02 at 11.04.43 AM (1)\" data-image-description=\"\" data-image-caption=\"\" data-large-file=\"https:\/\/i0.wp.com\/casadecampoliving.com\/wp-content\/uploads\/2025\/06\/WhatsApp-Image-2025-06-02-at-11.04.43-AM-1-scaled.jpeg?fit=683%2C1024&amp;ssl=1\" data-id=\"541298\" src=\"https:\/\/i0.wp.com\/casadecampoliving.com\/wp-content\/uploads\/2025\/06\/WhatsApp-Image-2025-06-02-at-11.04.43-AM-1.jpeg?resize=683%2C1024&#038;ssl=1\" alt=\"\" class=\"wp-image-541298\" srcset=\"https:\/\/i0.wp.com\/casadecampoliving.com\/wp-content\/uploads\/2025\/06\/WhatsApp-Image-2025-06-02-at-11.04.43-AM-1-scaled.jpeg?resize=683%2C1024&amp;ssl=1 683w, https:\/\/i0.wp.com\/casadecampoliving.com\/wp-content\/uploads\/2025\/06\/WhatsApp-Image-2025-06-02-at-11.04.43-AM-1-scaled.jpeg?resize=200%2C300&amp;ssl=1 200w, https:\/\/i0.wp.com\/casadecampoliving.com\/wp-content\/uploads\/2025\/06\/WhatsApp-Image-2025-06-02-at-11.04.43-AM-1-scaled.jpeg?resize=768%2C1152&amp;ssl=1 768w, https:\/\/i0.wp.com\/casadecampoliving.com\/wp-content\/uploads\/2025\/06\/WhatsApp-Image-2025-06-02-at-11.04.43-AM-1-scaled.jpeg?resize=1024%2C1536&amp;ssl=1 1024w, https:\/\/i0.wp.com\/casadecampoliving.com\/wp-content\/uploads\/2025\/06\/WhatsApp-Image-2025-06-02-at-11.04.43-AM-1-scaled.jpeg?resize=1365%2C2048&amp;ssl=1 1365w, https:\/\/i0.wp.com\/casadecampoliving.com\/wp-content\/uploads\/2025\/06\/WhatsApp-Image-2025-06-02-at-11.04.43-AM-1-scaled.jpeg?resize=1200%2C1800&amp;ssl=1 1200w, https:\/\/i0.wp.com\/casadecampoliving.com\/wp-content\/uploads\/2025\/06\/WhatsApp-Image-2025-06-02-at-11.04.43-AM-1-scaled.jpeg?resize=2000%2C3000&amp;ssl=1 2000w, https:\/\/i0.wp.com\/casadecampoliving.com\/wp-content\/uploads\/2025\/06\/WhatsApp-Image-2025-06-02-at-11.04.43-AM-1-scaled.jpeg?resize=780%2C1170&amp;ssl=1 780w, https:\/\/i0.wp.com\/casadecampoliving.com\/wp-content\/uploads\/2025\/06\/WhatsApp-Image-2025-06-02-at-11.04.43-AM-1-scaled.jpeg?resize=400%2C600&amp;ssl=1 400w, https:\/\/i0.wp.com\/casadecampoliving.com\/wp-content\/uploads\/2025\/06\/WhatsApp-Image-2025-06-02-at-11.04.43-AM-1-scaled.jpeg?resize=1320%2C1980&amp;ssl=1 1320w, https:\/\/i0.wp.com\/casadecampoliving.com\/wp-content\/uploads\/2025\/06\/WhatsApp-Image-2025-06-02-at-11.04.43-AM-1-scaled.jpeg?resize=150%2C225&amp;ssl=1 150w, https:\/\/i0.wp.com\/casadecampoliving.com\/wp-content\/uploads\/2025\/06\/WhatsApp-Image-2025-06-02-at-11.04.43-AM-1-scaled.jpeg?w=1707&amp;ssl=1 1707w, https:\/\/i0.wp.com\/casadecampoliving.com\/wp-content\/uploads\/2025\/06\/WhatsApp-Image-2025-06-02-at-11.04.43-AM-1-683x1024.jpeg?w=370&amp;ssl=1 370w\" sizes=\"auto, (max-width: 683px) 100vw, 683px\" \/><\/figure>\n\n\n\n<figure class=\"wp-block-image size-large\"><img data-recalc-dims=\"1\" loading=\"lazy\" decoding=\"async\" width=\"1024\" height=\"858\" data-attachment-id=\"541346\" data-permalink=\"https:\/\/casadecampoliving.com\/es\/eladio-carrion-se-presenta-en-altos-de-chavon-a-casa-llena\/whatsapp-image-2025-06-02-at-11-04-45-am-4\/\" data-orig-file=\"https:\/\/i0.wp.com\/casadecampoliving.com\/wp-content\/uploads\/2025\/06\/WhatsApp-Image-2025-06-02-at-11.04.45-AM-4-1.jpeg?fit=1981%2C1659&amp;ssl=1\" data-orig-size=\"1981,1659\" data-comments-opened=\"0\" data-image-meta=\"{&quot;aperture&quot;:&quot;0&quot;,&quot;credit&quot;:&quot;&quot;,&quot;camera&quot;:&quot;&quot;,&quot;caption&quot;:&quot;&quot;,&quot;created_timestamp&quot;:&quot;0&quot;,&quot;copyright&quot;:&quot;&quot;,&quot;focal_length&quot;:&quot;0&quot;,&quot;iso&quot;:&quot;0&quot;,&quot;shutter_speed&quot;:&quot;0&quot;,&quot;title&quot;:&quot;&quot;,&quot;orientation&quot;:&quot;0&quot;}\" data-image-title=\"WhatsApp Image 2025-06-02 at 11.04.45 AM (4)\" data-image-description=\"\" data-image-caption=\"\" data-large-file=\"https:\/\/i0.wp.com\/casadecampoliving.com\/wp-content\/uploads\/2025\/06\/WhatsApp-Image-2025-06-02-at-11.04.45-AM-4-1.jpeg?fit=1024%2C858&amp;ssl=1\" data-id=\"541346\" src=\"https:\/\/i0.wp.com\/casadecampoliving.com\/wp-content\/uploads\/2025\/06\/WhatsApp-Image-2025-06-02-at-11.04.45-AM-4-1.jpeg?resize=1024%2C858&#038;ssl=1\" alt=\"\" class=\"wp-image-541346\" srcset=\"https:\/\/i0.wp.com\/casadecampoliving.com\/wp-content\/uploads\/2025\/06\/WhatsApp-Image-2025-06-02-at-11.04.45-AM-4-1.jpeg?resize=1024%2C858&amp;ssl=1 1024w, https:\/\/i0.wp.com\/casadecampoliving.com\/wp-content\/uploads\/2025\/06\/WhatsApp-Image-2025-06-02-at-11.04.45-AM-4-1.jpeg?resize=300%2C251&amp;ssl=1 300w, https:\/\/i0.wp.com\/casadecampoliving.com\/wp-content\/uploads\/2025\/06\/WhatsApp-Image-2025-06-02-at-11.04.45-AM-4-1.jpeg?resize=768%2C643&amp;ssl=1 768w, https:\/\/i0.wp.com\/casadecampoliving.com\/wp-content\/uploads\/2025\/06\/WhatsApp-Image-2025-06-02-at-11.04.45-AM-4-1.jpeg?resize=1536%2C1286&amp;ssl=1 1536w, https:\/\/i0.wp.com\/casadecampoliving.com\/wp-content\/uploads\/2025\/06\/WhatsApp-Image-2025-06-02-at-11.04.45-AM-4-1.jpeg?resize=1200%2C1005&amp;ssl=1 1200w, https:\/\/i0.wp.com\/casadecampoliving.com\/wp-content\/uploads\/2025\/06\/WhatsApp-Image-2025-06-02-at-11.04.45-AM-4-1.jpeg?resize=780%2C653&amp;ssl=1 780w, https:\/\/i0.wp.com\/casadecampoliving.com\/wp-content\/uploads\/2025\/06\/WhatsApp-Image-2025-06-02-at-11.04.45-AM-4-1.jpeg?resize=400%2C335&amp;ssl=1 400w, https:\/\/i0.wp.com\/casadecampoliving.com\/wp-content\/uploads\/2025\/06\/WhatsApp-Image-2025-06-02-at-11.04.45-AM-4-1.jpeg?resize=1320%2C1105&amp;ssl=1 1320w, https:\/\/i0.wp.com\/casadecampoliving.com\/wp-content\/uploads\/2025\/06\/WhatsApp-Image-2025-06-02-at-11.04.45-AM-4-1.jpeg?resize=150%2C126&amp;ssl=1 150w, https:\/\/i0.wp.com\/casadecampoliving.com\/wp-content\/uploads\/2025\/06\/WhatsApp-Image-2025-06-02-at-11.04.45-AM-4-1.jpeg?w=1981&amp;ssl=1 1981w, https:\/\/i0.wp.com\/casadecampoliving.com\/wp-content\/uploads\/2025\/06\/WhatsApp-Image-2025-06-02-at-11.04.45-AM-4-1-1024x858.jpeg?w=370&amp;ssl=1 370w\" sizes=\"auto, (max-width: 1000px) 100vw, 1000px\" \/><\/figure>\n\n\n\n<figure class=\"wp-block-image size-large\"><img data-recalc-dims=\"1\" loading=\"lazy\" decoding=\"async\" width=\"683\" height=\"1024\" data-attachment-id=\"541287\" data-permalink=\"https:\/\/casadecampoliving.com\/es\/eladio-carrion-se-presenta-en-altos-de-chavon-a-casa-llena\/whatsapp-image-2025-06-02-at-11-04-43-am\/\" data-orig-file=\"https:\/\/i0.wp.com\/casadecampoliving.com\/wp-content\/uploads\/2025\/06\/WhatsApp-Image-2025-06-02-at-11.04.43-AM-scaled.jpeg?fit=1707%2C2560&amp;ssl=1\" data-orig-size=\"1707,2560\" data-comments-opened=\"0\" data-image-meta=\"{&quot;aperture&quot;:&quot;0&quot;,&quot;credit&quot;:&quot;&quot;,&quot;camera&quot;:&quot;&quot;,&quot;caption&quot;:&quot;&quot;,&quot;created_timestamp&quot;:&quot;0&quot;,&quot;copyright&quot;:&quot;&quot;,&quot;focal_length&quot;:&quot;0&quot;,&quot;iso&quot;:&quot;0&quot;,&quot;shutter_speed&quot;:&quot;0&quot;,&quot;title&quot;:&quot;&quot;,&quot;orientation&quot;:&quot;0&quot;}\" data-image-title=\"WhatsApp Image 2025-06-02 at 11.04.43 AM\" data-image-description=\"\" data-image-caption=\"\" data-large-file=\"https:\/\/i0.wp.com\/casadecampoliving.com\/wp-content\/uploads\/2025\/06\/WhatsApp-Image-2025-06-02-at-11.04.43-AM-scaled.jpeg?fit=683%2C1024&amp;ssl=1\" data-id=\"541287\" src=\"https:\/\/i0.wp.com\/casadecampoliving.com\/wp-content\/uploads\/2025\/06\/WhatsApp-Image-2025-06-02-at-11.04.43-AM.jpeg?resize=683%2C1024&#038;ssl=1\" alt=\"\" class=\"wp-image-541287\" srcset=\"https:\/\/i0.wp.com\/casadecampoliving.com\/wp-content\/uploads\/2025\/06\/WhatsApp-Image-2025-06-02-at-11.04.43-AM-scaled.jpeg?resize=683%2C1024&amp;ssl=1 683w, https:\/\/i0.wp.com\/casadecampoliving.com\/wp-content\/uploads\/2025\/06\/WhatsApp-Image-2025-06-02-at-11.04.43-AM-scaled.jpeg?resize=200%2C300&amp;ssl=1 200w, https:\/\/i0.wp.com\/casadecampoliving.com\/wp-content\/uploads\/2025\/06\/WhatsApp-Image-2025-06-02-at-11.04.43-AM-scaled.jpeg?resize=768%2C1152&amp;ssl=1 768w, https:\/\/i0.wp.com\/casadecampoliving.com\/wp-content\/uploads\/2025\/06\/WhatsApp-Image-2025-06-02-at-11.04.43-AM-scaled.jpeg?resize=1024%2C1536&amp;ssl=1 1024w, https:\/\/i0.wp.com\/casadecampoliving.com\/wp-content\/uploads\/2025\/06\/WhatsApp-Image-2025-06-02-at-11.04.43-AM-scaled.jpeg?resize=1365%2C2048&amp;ssl=1 1365w, https:\/\/i0.wp.com\/casadecampoliving.com\/wp-content\/uploads\/2025\/06\/WhatsApp-Image-2025-06-02-at-11.04.43-AM-scaled.jpeg?resize=1200%2C1800&amp;ssl=1 1200w, https:\/\/i0.wp.com\/casadecampoliving.com\/wp-content\/uploads\/2025\/06\/WhatsApp-Image-2025-06-02-at-11.04.43-AM-scaled.jpeg?resize=2000%2C3000&amp;ssl=1 2000w, https:\/\/i0.wp.com\/casadecampoliving.com\/wp-content\/uploads\/2025\/06\/WhatsApp-Image-2025-06-02-at-11.04.43-AM-scaled.jpeg?resize=780%2C1170&amp;ssl=1 780w, https:\/\/i0.wp.com\/casadecampoliving.com\/wp-content\/uploads\/2025\/06\/WhatsApp-Image-2025-06-02-at-11.04.43-AM-scaled.jpeg?resize=400%2C600&amp;ssl=1 400w, https:\/\/i0.wp.com\/casadecampoliving.com\/wp-content\/uploads\/2025\/06\/WhatsApp-Image-2025-06-02-at-11.04.43-AM-scaled.jpeg?resize=1320%2C1980&amp;ssl=1 1320w, https:\/\/i0.wp.com\/casadecampoliving.com\/wp-content\/uploads\/2025\/06\/WhatsApp-Image-2025-06-02-at-11.04.43-AM-scaled.jpeg?resize=150%2C225&amp;ssl=1 150w, https:\/\/i0.wp.com\/casadecampoliving.com\/wp-content\/uploads\/2025\/06\/WhatsApp-Image-2025-06-02-at-11.04.43-AM-scaled.jpeg?w=1707&amp;ssl=1 1707w, https:\/\/i0.wp.com\/casadecampoliving.com\/wp-content\/uploads\/2025\/06\/WhatsApp-Image-2025-06-02-at-11.04.43-AM-683x1024.jpeg?w=370&amp;ssl=1 370w\" sizes=\"auto, (max-width: 683px) 100vw, 683px\" \/><\/figure>\n<\/figure>\n\n\n\n<p><\/p>\n","protected":false},"excerpt":{"rendered":"<p>El tan esperado concierto del artista de trap Eladio Carri\u00f3n finalmente se celebr\u00f3 el s\u00e1bado 31 de mayo en el emblem\u00e1tico escenario de Altos de Chav\u00f3n. El concierto, producido por el empresario Gamal Hach\u00e9, inici\u00f3 pasadas las 10 de la noche, poniendo desde el principio al p\u00fablico a corear cada uno de los temas durante [&hellip;]<\/p>\n","protected":false},"author":431,"featured_media":541286,"comment_status":"closed","ping_status":"closed","sticky":false,"template":"","format":"standard","meta":{"newspack_ads_suppress_ads":false,"newspack_popups_has_disabled_popups":false,"newspack_sponsor_sponsorship_scope":"","newspack_sponsor_native_byline_display":"inherit","newspack_sponsor_native_category_display":"inherit","newspack_sponsor_underwriter_style":"inherit","newspack_sponsor_underwriter_placement":"inherit","_newspack_byline_active":false,"_newspack_byline":"","newspack_hide_updated_date":false,"newspack_show_updated_date":false,"newspack_content_restriction_is_exempt":false,"newspack_featured_image_position":"beside","newspack_post_subtitle":"Carri\u00f3n lleg\u00f3 al emblem\u00e1tico escenario de Altos de Chav\u00f3n en uno de los momentos m\u00e1s destacados de su carrera, impulsado por su reciente producci\u00f3n discogr\u00e1fica \u201cDON KBRN\u201d","newspack_article_summary_title":"Overview:","newspack_article_summary":"","_jetpack_memberships_contains_paid_content":false,"footnotes":"","jetpack_publicize_message":"","jetpack_publicize_feature_enabled":true,"jetpack_social_post_already_shared":true,"jetpack_social_options":{"image_generator_settings":{"template":"highway","default_image_id":0,"enabled":false},"version":2},"_wpas_customize_per_network":false},"categories":[2518,2501],"tags":[2814,2604,6504,3626,14736],"newspack_spnsrs_tax":[],"class_list":["post-541281","post","type-post","status-publish","format-standard","has-post-thumbnail","hentry","category-conciertos-es","category-vida-nocturna-es","tag-anfiteatro","tag-anfiteatro-altos-de-chavon","tag-anfiteatro-altos-de-chavones","tag-casa-de-campo-es","tag-featured-topview-es","entry"],"yoast_head":"<!-- This site is optimized with the Yoast SEO plugin v27.4 - https:\/\/yoast.com\/product\/yoast-seo-wordpress\/ -->\n<title>Eladio Carri\u00f3n se presenta en Altos de Chav\u00f3n a casa llena | Casa de Campo Living<\/title>\n<meta name=\"description\" content=\"El tan esperado concierto del artista de trap Eladio Carri\u00f3n finalmente se celebr\u00f3 el s\u00e1bado 31 de mayo en el emblem\u00e1tico escenario de Altos de Chav\u00f3n. El\" \/>\n<meta name=\"robots\" content=\"index, follow, max-snippet:-1, max-image-preview:large, max-video-preview:-1\" \/>\n<link rel=\"canonical\" href=\"https:\/\/casadecampoliving.com\/es\/eladio-carrion-se-presenta-en-altos-de-chavon-a-casa-llena\/\" \/>\n<meta property=\"og:locale\" content=\"es_ES\" \/>\n<meta property=\"og:type\" content=\"article\" \/>\n<meta property=\"og:title\" content=\"Eladio Carri\u00f3n se presenta en Altos de Chav\u00f3n a casa llena | Casa de Campo Living\" \/>\n<meta property=\"og:description\" content=\"El tan esperado concierto del artista de trap Eladio Carri\u00f3n finalmente se celebr\u00f3 el s\u00e1bado 31 de mayo en el emblem\u00e1tico escenario de Altos de Chav\u00f3n. El\" \/>\n<meta property=\"og:url\" content=\"https:\/\/casadecampoliving.com\/es\/eladio-carrion-se-presenta-en-altos-de-chavon-a-casa-llena\/\" \/>\n<meta property=\"og:site_name\" content=\"Casa de Campo Living\" \/>\n<meta property=\"article:publisher\" content=\"https:\/\/www.facebook.com\/casadecampoliving\" \/>\n<meta property=\"article:published_time\" content=\"2025-06-03T13:26:12+00:00\" \/>\n<meta property=\"article:modified_time\" content=\"2025-06-12T22:24:39+00:00\" \/>\n<meta property=\"og:image\" content=\"https:\/\/casadecampoliving.com\/wp-content\/uploads\/2025\/06\/WhatsApp-Image-2025-06-02-at-11.04.48-AM-scaled.jpeg\" \/>\n\t<meta property=\"og:image:width\" content=\"1440\" \/>\n\t<meta property=\"og:image:height\" content=\"2560\" \/>\n\t<meta property=\"og:image:type\" content=\"image\/jpeg\" \/>\n<meta name=\"author\" content=\"Mairobi Herrera\" \/>\n<meta name=\"twitter:card\" content=\"summary_large_image\" \/>\n<meta name=\"twitter:creator\" content=\"@cdcliving\" \/>\n<meta name=\"twitter:site\" content=\"@cdcliving\" \/>\n<meta name=\"twitter:label1\" content=\"Escrito por\" \/>\n\t<meta name=\"twitter:data1\" content=\"Mairobi Herrera\" \/>\n\t<meta name=\"twitter:label2\" content=\"Tiempo de lectura\" \/>\n\t<meta name=\"twitter:data2\" content=\"4 minutos\" \/>\n<script type=\"application\/ld+json\" class=\"yoast-schema-graph\">{\"@context\":\"https:\\\/\\\/schema.org\",\"@graph\":[{\"@type\":\"Article\",\"@id\":\"https:\\\/\\\/casadecampoliving.com\\\/es\\\/eladio-carrion-se-presenta-en-altos-de-chavon-a-casa-llena\\\/#article\",\"isPartOf\":{\"@id\":\"https:\\\/\\\/casadecampoliving.com\\\/es\\\/eladio-carrion-se-presenta-en-altos-de-chavon-a-casa-llena\\\/\"},\"author\":{\"name\":\"Mairobi Herrera\",\"@id\":\"https:\\\/\\\/casadecampoliving.com\\\/es\\\/#\\\/schema\\\/person\\\/932e594484c49168ad37fbb9141bf699\"},\"headline\":\"Eladio Carri\u00f3n se presenta en Altos de Chav\u00f3n a casa llena\",\"datePublished\":\"2025-06-03T13:26:12+00:00\",\"dateModified\":\"2025-06-12T22:24:39+00:00\",\"mainEntityOfPage\":{\"@id\":\"https:\\\/\\\/casadecampoliving.com\\\/es\\\/eladio-carrion-se-presenta-en-altos-de-chavon-a-casa-llena\\\/\"},\"wordCount\":423,\"publisher\":{\"@id\":\"https:\\\/\\\/casadecampoliving.com\\\/es\\\/#organization\"},\"image\":{\"@id\":\"https:\\\/\\\/casadecampoliving.com\\\/es\\\/eladio-carrion-se-presenta-en-altos-de-chavon-a-casa-llena\\\/#primaryimage\"},\"thumbnailUrl\":\"https:\\\/\\\/i0.wp.com\\\/casadecampoliving.com\\\/wp-content\\\/uploads\\\/2025\\\/06\\\/WhatsApp-Image-2025-06-02-at-11.04.48-AM-scaled.jpeg?fit=1440%2C2560&ssl=1\",\"keywords\":[\"anfiteatro\",\"anfiteatro altos de chavon\",\"anfiteatro altos de chavon@es\",\"casa de campo @es\",\"Featured-TopView @es\"],\"articleSection\":[\"Conciertos\",\"Vida Nocturna\"],\"inLanguage\":\"es\"},{\"@type\":\"WebPage\",\"@id\":\"https:\\\/\\\/casadecampoliving.com\\\/es\\\/eladio-carrion-se-presenta-en-altos-de-chavon-a-casa-llena\\\/\",\"url\":\"https:\\\/\\\/casadecampoliving.com\\\/es\\\/eladio-carrion-se-presenta-en-altos-de-chavon-a-casa-llena\\\/\",\"name\":\"Eladio Carri\u00f3n se presenta en Altos de Chav\u00f3n a casa llena | Casa de Campo Living\",\"isPartOf\":{\"@id\":\"https:\\\/\\\/casadecampoliving.com\\\/es\\\/#website\"},\"primaryImageOfPage\":{\"@id\":\"https:\\\/\\\/casadecampoliving.com\\\/es\\\/eladio-carrion-se-presenta-en-altos-de-chavon-a-casa-llena\\\/#primaryimage\"},\"image\":{\"@id\":\"https:\\\/\\\/casadecampoliving.com\\\/es\\\/eladio-carrion-se-presenta-en-altos-de-chavon-a-casa-llena\\\/#primaryimage\"},\"thumbnailUrl\":\"https:\\\/\\\/i0.wp.com\\\/casadecampoliving.com\\\/wp-content\\\/uploads\\\/2025\\\/06\\\/WhatsApp-Image-2025-06-02-at-11.04.48-AM-scaled.jpeg?fit=1440%2C2560&ssl=1\",\"datePublished\":\"2025-06-03T13:26:12+00:00\",\"dateModified\":\"2025-06-12T22:24:39+00:00\",\"description\":\"El tan esperado concierto del artista de trap Eladio Carri\u00f3n finalmente se celebr\u00f3 el s\u00e1bado 31 de mayo en el emblem\u00e1tico escenario de Altos de Chav\u00f3n. El\",\"breadcrumb\":{\"@id\":\"https:\\\/\\\/casadecampoliving.com\\\/es\\\/eladio-carrion-se-presenta-en-altos-de-chavon-a-casa-llena\\\/#breadcrumb\"},\"inLanguage\":\"es\",\"potentialAction\":[{\"@type\":\"ReadAction\",\"target\":[\"https:\\\/\\\/casadecampoliving.com\\\/es\\\/eladio-carrion-se-presenta-en-altos-de-chavon-a-casa-llena\\\/\"]}]},{\"@type\":\"ImageObject\",\"inLanguage\":\"es\",\"@id\":\"https:\\\/\\\/casadecampoliving.com\\\/es\\\/eladio-carrion-se-presenta-en-altos-de-chavon-a-casa-llena\\\/#primaryimage\",\"url\":\"https:\\\/\\\/i0.wp.com\\\/casadecampoliving.com\\\/wp-content\\\/uploads\\\/2025\\\/06\\\/WhatsApp-Image-2025-06-02-at-11.04.48-AM-scaled.jpeg?fit=1440%2C2560&ssl=1\",\"contentUrl\":\"https:\\\/\\\/i0.wp.com\\\/casadecampoliving.com\\\/wp-content\\\/uploads\\\/2025\\\/06\\\/WhatsApp-Image-2025-06-02-at-11.04.48-AM-scaled.jpeg?fit=1440%2C2560&ssl=1\",\"width\":1440,\"height\":2560},{\"@type\":\"BreadcrumbList\",\"@id\":\"https:\\\/\\\/casadecampoliving.com\\\/es\\\/eladio-carrion-se-presenta-en-altos-de-chavon-a-casa-llena\\\/#breadcrumb\",\"itemListElement\":[{\"@type\":\"ListItem\",\"position\":1,\"name\":\"Home\",\"item\":\"https:\\\/\\\/casadecampoliving.com\\\/es\\\/\"},{\"@type\":\"ListItem\",\"position\":2,\"name\":\"Eladio Carri\u00f3n se presenta en Altos de Chav\u00f3n a casa llena\"}]},{\"@type\":\"WebSite\",\"@id\":\"https:\\\/\\\/casadecampoliving.com\\\/es\\\/#website\",\"url\":\"https:\\\/\\\/casadecampoliving.com\\\/es\\\/\",\"name\":\"Casa de Campo Living\",\"description\":\"Resort community news and resources.\",\"publisher\":{\"@id\":\"https:\\\/\\\/casadecampoliving.com\\\/es\\\/#organization\"},\"potentialAction\":[{\"@type\":\"SearchAction\",\"target\":{\"@type\":\"EntryPoint\",\"urlTemplate\":\"https:\\\/\\\/casadecampoliving.com\\\/es\\\/?s={search_term_string}\"},\"query-input\":{\"@type\":\"PropertyValueSpecification\",\"valueRequired\":true,\"valueName\":\"search_term_string\"}}],\"inLanguage\":\"es\"},{\"@type\":\"Organization\",\"@id\":\"https:\\\/\\\/casadecampoliving.com\\\/es\\\/#organization\",\"name\":\"Casa de Campo Living\",\"url\":\"https:\\\/\\\/casadecampoliving.com\\\/es\\\/\",\"logo\":{\"@type\":\"ImageObject\",\"inLanguage\":\"es\",\"@id\":\"https:\\\/\\\/casadecampoliving.com\\\/es\\\/#\\\/schema\\\/logo\\\/image\\\/\",\"url\":\"https:\\\/\\\/i0.wp.com\\\/casadecampoliving.com\\\/wp-content\\\/uploads\\\/2022\\\/07\\\/CDCLivingLogo_V1-white-sized.png?fit=800%2C214&ssl=1\",\"contentUrl\":\"https:\\\/\\\/i0.wp.com\\\/casadecampoliving.com\\\/wp-content\\\/uploads\\\/2022\\\/07\\\/CDCLivingLogo_V1-white-sized.png?fit=800%2C214&ssl=1\",\"width\":800,\"height\":214,\"caption\":\"Casa de Campo Living\"},\"image\":{\"@id\":\"https:\\\/\\\/casadecampoliving.com\\\/es\\\/#\\\/schema\\\/logo\\\/image\\\/\"},\"sameAs\":[\"https:\\\/\\\/www.facebook.com\\\/casadecampoliving\",\"https:\\\/\\\/x.com\\\/cdcliving\"]},{\"@type\":\"Person\",\"@id\":\"https:\\\/\\\/casadecampoliving.com\\\/es\\\/#\\\/schema\\\/person\\\/932e594484c49168ad37fbb9141bf699\",\"name\":\"Mairobi Herrera\",\"image\":{\"@type\":\"ImageObject\",\"inLanguage\":\"es\",\"@id\":\"https:\\\/\\\/secure.gravatar.com\\\/avatar\\\/d0bf6c19470eb55d83c719e39672f670b2c4412339af1eb8a08f86427ba98ee8?s=96&d=mm&r=g\",\"url\":\"https:\\\/\\\/secure.gravatar.com\\\/avatar\\\/d0bf6c19470eb55d83c719e39672f670b2c4412339af1eb8a08f86427ba98ee8?s=96&d=mm&r=g\",\"contentUrl\":\"https:\\\/\\\/secure.gravatar.com\\\/avatar\\\/d0bf6c19470eb55d83c719e39672f670b2c4412339af1eb8a08f86427ba98ee8?s=96&d=mm&r=g\",\"caption\":\"Mairobi Herrera\"},\"sameAs\":[\"https:\\\/\\\/casadecampoliving.com\\\/\"],\"url\":\"https:\\\/\\\/casadecampoliving.com\\\/es\\\/author\\\/mherrera\\\/\"}]}<\/script>\n<!-- \/ Yoast SEO plugin. -->","yoast_head_json":{"title":"Eladio Carri\u00f3n se presenta en Altos de Chav\u00f3n a casa llena | Casa de Campo Living","description":"El tan esperado concierto del artista de trap Eladio Carri\u00f3n finalmente se celebr\u00f3 el s\u00e1bado 31 de mayo en el emblem\u00e1tico escenario de Altos de Chav\u00f3n. El","robots":{"index":"index","follow":"follow","max-snippet":"max-snippet:-1","max-image-preview":"max-image-preview:large","max-video-preview":"max-video-preview:-1"},"canonical":"https:\/\/casadecampoliving.com\/es\/eladio-carrion-se-presenta-en-altos-de-chavon-a-casa-llena\/","og_locale":"es_ES","og_type":"article","og_title":"Eladio Carri\u00f3n se presenta en Altos de Chav\u00f3n a casa llena | Casa de Campo Living","og_description":"El tan esperado concierto del artista de trap Eladio Carri\u00f3n finalmente se celebr\u00f3 el s\u00e1bado 31 de mayo en el emblem\u00e1tico escenario de Altos de Chav\u00f3n. El","og_url":"https:\/\/casadecampoliving.com\/es\/eladio-carrion-se-presenta-en-altos-de-chavon-a-casa-llena\/","og_site_name":"Casa de Campo Living","article_publisher":"https:\/\/www.facebook.com\/casadecampoliving","article_published_time":"2025-06-03T13:26:12+00:00","article_modified_time":"2025-06-12T22:24:39+00:00","og_image":[{"width":1440,"height":2560,"url":"https:\/\/casadecampoliving.com\/wp-content\/uploads\/2025\/06\/WhatsApp-Image-2025-06-02-at-11.04.48-AM-scaled.jpeg","type":"image\/jpeg"}],"author":"Mairobi Herrera","twitter_card":"summary_large_image","twitter_creator":"@cdcliving","twitter_site":"@cdcliving","twitter_misc":{"Escrito por":"Mairobi Herrera","Tiempo de lectura":"4 minutos"},"schema":{"@context":"https:\/\/schema.org","@graph":[{"@type":"Article","@id":"https:\/\/casadecampoliving.com\/es\/eladio-carrion-se-presenta-en-altos-de-chavon-a-casa-llena\/#article","isPartOf":{"@id":"https:\/\/casadecampoliving.com\/es\/eladio-carrion-se-presenta-en-altos-de-chavon-a-casa-llena\/"},"author":{"name":"Mairobi Herrera","@id":"https:\/\/casadecampoliving.com\/es\/#\/schema\/person\/932e594484c49168ad37fbb9141bf699"},"headline":"Eladio Carri\u00f3n se presenta en Altos de Chav\u00f3n a casa llena","datePublished":"2025-06-03T13:26:12+00:00","dateModified":"2025-06-12T22:24:39+00:00","mainEntityOfPage":{"@id":"https:\/\/casadecampoliving.com\/es\/eladio-carrion-se-presenta-en-altos-de-chavon-a-casa-llena\/"},"wordCount":423,"publisher":{"@id":"https:\/\/casadecampoliving.com\/es\/#organization"},"image":{"@id":"https:\/\/casadecampoliving.com\/es\/eladio-carrion-se-presenta-en-altos-de-chavon-a-casa-llena\/#primaryimage"},"thumbnailUrl":"https:\/\/i0.wp.com\/casadecampoliving.com\/wp-content\/uploads\/2025\/06\/WhatsApp-Image-2025-06-02-at-11.04.48-AM-scaled.jpeg?fit=1440%2C2560&ssl=1","keywords":["anfiteatro","anfiteatro altos de chavon","anfiteatro altos de chavon@es","casa de campo @es","Featured-TopView @es"],"articleSection":["Conciertos","Vida Nocturna"],"inLanguage":"es"},{"@type":"WebPage","@id":"https:\/\/casadecampoliving.com\/es\/eladio-carrion-se-presenta-en-altos-de-chavon-a-casa-llena\/","url":"https:\/\/casadecampoliving.com\/es\/eladio-carrion-se-presenta-en-altos-de-chavon-a-casa-llena\/","name":"Eladio Carri\u00f3n se presenta en Altos de Chav\u00f3n a casa llena | Casa de Campo Living","isPartOf":{"@id":"https:\/\/casadecampoliving.com\/es\/#website"},"primaryImageOfPage":{"@id":"https:\/\/casadecampoliving.com\/es\/eladio-carrion-se-presenta-en-altos-de-chavon-a-casa-llena\/#primaryimage"},"image":{"@id":"https:\/\/casadecampoliving.com\/es\/eladio-carrion-se-presenta-en-altos-de-chavon-a-casa-llena\/#primaryimage"},"thumbnailUrl":"https:\/\/i0.wp.com\/casadecampoliving.com\/wp-content\/uploads\/2025\/06\/WhatsApp-Image-2025-06-02-at-11.04.48-AM-scaled.jpeg?fit=1440%2C2560&ssl=1","datePublished":"2025-06-03T13:26:12+00:00","dateModified":"2025-06-12T22:24:39+00:00","description":"El tan esperado concierto del artista de trap Eladio Carri\u00f3n finalmente se celebr\u00f3 el s\u00e1bado 31 de mayo en el emblem\u00e1tico escenario de Altos de Chav\u00f3n. El","breadcrumb":{"@id":"https:\/\/casadecampoliving.com\/es\/eladio-carrion-se-presenta-en-altos-de-chavon-a-casa-llena\/#breadcrumb"},"inLanguage":"es","potentialAction":[{"@type":"ReadAction","target":["https:\/\/casadecampoliving.com\/es\/eladio-carrion-se-presenta-en-altos-de-chavon-a-casa-llena\/"]}]},{"@type":"ImageObject","inLanguage":"es","@id":"https:\/\/casadecampoliving.com\/es\/eladio-carrion-se-presenta-en-altos-de-chavon-a-casa-llena\/#primaryimage","url":"https:\/\/i0.wp.com\/casadecampoliving.com\/wp-content\/uploads\/2025\/06\/WhatsApp-Image-2025-06-02-at-11.04.48-AM-scaled.jpeg?fit=1440%2C2560&ssl=1","contentUrl":"https:\/\/i0.wp.com\/casadecampoliving.com\/wp-content\/uploads\/2025\/06\/WhatsApp-Image-2025-06-02-at-11.04.48-AM-scaled.jpeg?fit=1440%2C2560&ssl=1","width":1440,"height":2560},{"@type":"BreadcrumbList","@id":"https:\/\/casadecampoliving.com\/es\/eladio-carrion-se-presenta-en-altos-de-chavon-a-casa-llena\/#breadcrumb","itemListElement":[{"@type":"ListItem","position":1,"name":"Home","item":"https:\/\/casadecampoliving.com\/es\/"},{"@type":"ListItem","position":2,"name":"Eladio Carri\u00f3n se presenta en Altos de Chav\u00f3n a casa llena"}]},{"@type":"WebSite","@id":"https:\/\/casadecampoliving.com\/es\/#website","url":"https:\/\/casadecampoliving.com\/es\/","name":"Casa de Campo Living","description":"Resort community news and resources.","publisher":{"@id":"https:\/\/casadecampoliving.com\/es\/#organization"},"potentialAction":[{"@type":"SearchAction","target":{"@type":"EntryPoint","urlTemplate":"https:\/\/casadecampoliving.com\/es\/?s={search_term_string}"},"query-input":{"@type":"PropertyValueSpecification","valueRequired":true,"valueName":"search_term_string"}}],"inLanguage":"es"},{"@type":"Organization","@id":"https:\/\/casadecampoliving.com\/es\/#organization","name":"Casa de Campo Living","url":"https:\/\/casadecampoliving.com\/es\/","logo":{"@type":"ImageObject","inLanguage":"es","@id":"https:\/\/casadecampoliving.com\/es\/#\/schema\/logo\/image\/","url":"https:\/\/i0.wp.com\/casadecampoliving.com\/wp-content\/uploads\/2022\/07\/CDCLivingLogo_V1-white-sized.png?fit=800%2C214&ssl=1","contentUrl":"https:\/\/i0.wp.com\/casadecampoliving.com\/wp-content\/uploads\/2022\/07\/CDCLivingLogo_V1-white-sized.png?fit=800%2C214&ssl=1","width":800,"height":214,"caption":"Casa de Campo Living"},"image":{"@id":"https:\/\/casadecampoliving.com\/es\/#\/schema\/logo\/image\/"},"sameAs":["https:\/\/www.facebook.com\/casadecampoliving","https:\/\/x.com\/cdcliving"]},{"@type":"Person","@id":"https:\/\/casadecampoliving.com\/es\/#\/schema\/person\/932e594484c49168ad37fbb9141bf699","name":"Mairobi Herrera","image":{"@type":"ImageObject","inLanguage":"es","@id":"https:\/\/secure.gravatar.com\/avatar\/d0bf6c19470eb55d83c719e39672f670b2c4412339af1eb8a08f86427ba98ee8?s=96&d=mm&r=g","url":"https:\/\/secure.gravatar.com\/avatar\/d0bf6c19470eb55d83c719e39672f670b2c4412339af1eb8a08f86427ba98ee8?s=96&d=mm&r=g","contentUrl":"https:\/\/secure.gravatar.com\/avatar\/d0bf6c19470eb55d83c719e39672f670b2c4412339af1eb8a08f86427ba98ee8?s=96&d=mm&r=g","caption":"Mairobi Herrera"},"sameAs":["https:\/\/casadecampoliving.com\/"],"url":"https:\/\/casadecampoliving.com\/es\/author\/mherrera\/"}]}},"parsely":{"version":"1.1.0","canonical_url":"https:\/\/casadecampoliving.com\/es\/eladio-carrion-se-presenta-en-altos-de-chavon-a-casa-llena\/","smart_links":{"inbound":0,"outbound":0},"traffic_boost_suggestions_count":0,"meta":{"@context":"https:\/\/schema.org","@type":"NewsArticle","headline":"Eladio Carri\u00f3n se presenta en Altos de Chav\u00f3n a casa llena","url":"http:\/\/casadecampoliving.com\/es\/eladio-carrion-se-presenta-en-altos-de-chavon-a-casa-llena\/","mainEntityOfPage":{"@type":"WebPage","@id":"http:\/\/casadecampoliving.com\/es\/eladio-carrion-se-presenta-en-altos-de-chavon-a-casa-llena\/"},"thumbnailUrl":"https:\/\/i0.wp.com\/casadecampoliving.com\/wp-content\/uploads\/2025\/06\/WhatsApp-Image-2025-06-02-at-11.04.48-AM-scaled.jpeg?resize=150%2C150&ssl=1","image":{"@type":"ImageObject","url":"https:\/\/i0.wp.com\/casadecampoliving.com\/wp-content\/uploads\/2025\/06\/WhatsApp-Image-2025-06-02-at-11.04.48-AM-scaled.jpeg?fit=1440%2C2560&ssl=1"},"articleSection":"Conciertos","author":[{"@type":"Person","name":"Mairobi Herrera"}],"creator":["Mairobi Herrera"],"publisher":{"@type":"Organization","name":"Casa de Campo Living","logo":"https:\/\/casadecampoliving.com\/wp-content\/uploads\/2022\/07\/CDCLivingLogo_V1-white-sized.png"},"keywords":["anfiteatro","anfiteatro altos de chavon","anfiteatro altos de chavon@es","casa de campo @es","featured-topview @es"],"dateCreated":"2025-06-03T13:26:12Z","datePublished":"2025-06-03T13:26:12Z","dateModified":"2025-06-12T22:24:39Z"},"rendered":"<script type=\"application\/ld+json\" class=\"wp-parsely-metadata\">{\"@context\":\"https:\\\/\\\/schema.org\",\"@type\":\"NewsArticle\",\"headline\":\"Eladio Carri\\u00f3n se presenta en Altos de Chav\\u00f3n a casa llena\",\"url\":\"http:\\\/\\\/casadecampoliving.com\\\/es\\\/eladio-carrion-se-presenta-en-altos-de-chavon-a-casa-llena\\\/\",\"mainEntityOfPage\":{\"@type\":\"WebPage\",\"@id\":\"http:\\\/\\\/casadecampoliving.com\\\/es\\\/eladio-carrion-se-presenta-en-altos-de-chavon-a-casa-llena\\\/\"},\"thumbnailUrl\":\"https:\\\/\\\/i0.wp.com\\\/casadecampoliving.com\\\/wp-content\\\/uploads\\\/2025\\\/06\\\/WhatsApp-Image-2025-06-02-at-11.04.48-AM-scaled.jpeg?resize=150%2C150&ssl=1\",\"image\":{\"@type\":\"ImageObject\",\"url\":\"https:\\\/\\\/i0.wp.com\\\/casadecampoliving.com\\\/wp-content\\\/uploads\\\/2025\\\/06\\\/WhatsApp-Image-2025-06-02-at-11.04.48-AM-scaled.jpeg?fit=1440%2C2560&ssl=1\"},\"articleSection\":\"Conciertos\",\"author\":[{\"@type\":\"Person\",\"name\":\"Mairobi Herrera\"}],\"creator\":[\"Mairobi Herrera\"],\"publisher\":{\"@type\":\"Organization\",\"name\":\"Casa de Campo Living\",\"logo\":\"https:\\\/\\\/casadecampoliving.com\\\/wp-content\\\/uploads\\\/2022\\\/07\\\/CDCLivingLogo_V1-white-sized.png\"},\"keywords\":[\"anfiteatro\",\"anfiteatro altos de chavon\",\"anfiteatro altos de chavon@es\",\"casa de campo @es\",\"featured-topview @es\"],\"dateCreated\":\"2025-06-03T13:26:12Z\",\"datePublished\":\"2025-06-03T13:26:12Z\",\"dateModified\":\"2025-06-12T22:24:39Z\"}<\/script>","tracker_url":"https:\/\/cdn.parsely.com\/keys\/casadecampoliving.com\/p.js"},"jetpack_publicize_connections":[],"jetpack_featured_media_url":"https:\/\/i0.wp.com\/casadecampoliving.com\/wp-content\/uploads\/2025\/06\/WhatsApp-Image-2025-06-02-at-11.04.48-AM-scaled.jpeg?fit=1440%2C2560&ssl=1","jetpack-related-posts":[{"id":433460,"url":"https:\/\/casadecampoliving.com\/es\/no-se-pierdan-el-increible-tributo-a-frank-sinatra-para-celebrar-el-40-aniversario-del-anfiteatro-altos-de-chavon\/","url_meta":{"origin":541281,"position":0},"title":"No se pierdan el incre\u00edble tributo a Frank Sinatra para celebrar el 40 aniversario del\u00a0Anfiteatro Altos de Chav\u00f3n","author":"Casa de Campo Living","date":"20 Oct, 2022","format":false,"excerpt":"Siendo uno de los escenarios m\u00e1s emblem\u00e1ticos del pa\u00eds, Casa de Campo Resort\u00ae & Villas celebra las cuatro d\u00e9cadas de aniversario de Altos de Chav\u00f3n con un tributo al gran Frank Sinatra, protagonizado por artistas invitados y una big band tal cual la que acompa\u00f1\u00f3 al artista hace 40 a\u00f1os\u2026","rel":"","context":"En \u00abUncategorized @es\u00bb","block_context":{"text":"Uncategorized @es","link":"https:\/\/casadecampoliving.com\/es\/category\/uncategorized-es\/"},"img":{"alt_text":"","src":"https:\/\/i0.wp.com\/casadecampoliving.com\/wp-content\/uploads\/2022\/10\/Tributo-Frank-Sinatra-Foto-Principal-Amaury-Sanchez-Danilo-Ginebra-Andres-Pichardo-y-Jose-Gabriel-Perez-.jpg?fit=1200%2C873&ssl=1&resize=350%2C200","width":350,"height":200,"srcset":"https:\/\/i0.wp.com\/casadecampoliving.com\/wp-content\/uploads\/2022\/10\/Tributo-Frank-Sinatra-Foto-Principal-Amaury-Sanchez-Danilo-Ginebra-Andres-Pichardo-y-Jose-Gabriel-Perez-.jpg?fit=1200%2C873&ssl=1&resize=350%2C200 1x, https:\/\/i0.wp.com\/casadecampoliving.com\/wp-content\/uploads\/2022\/10\/Tributo-Frank-Sinatra-Foto-Principal-Amaury-Sanchez-Danilo-Ginebra-Andres-Pichardo-y-Jose-Gabriel-Perez-.jpg?fit=1200%2C873&ssl=1&resize=525%2C300 1.5x, https:\/\/i0.wp.com\/casadecampoliving.com\/wp-content\/uploads\/2022\/10\/Tributo-Frank-Sinatra-Foto-Principal-Amaury-Sanchez-Danilo-Ginebra-Andres-Pichardo-y-Jose-Gabriel-Perez-.jpg?fit=1200%2C873&ssl=1&resize=700%2C400 2x, https:\/\/i0.wp.com\/casadecampoliving.com\/wp-content\/uploads\/2022\/10\/Tributo-Frank-Sinatra-Foto-Principal-Amaury-Sanchez-Danilo-Ginebra-Andres-Pichardo-y-Jose-Gabriel-Perez-.jpg?fit=1200%2C873&ssl=1&resize=1050%2C600 3x"},"classes":[]},{"id":538079,"url":"https:\/\/casadecampoliving.com\/es\/eladio-carrion-se-presentara-en-altos-de-chavon-el-19-de-abril-de-2025\/","url_meta":{"origin":541281,"position":1},"title":"Eladio Carri\u00f3n se presentar\u00e1 en Altos de Chav\u00f3n el 19 de Abril de 2025","author":"Casa de Campo Living","date":"18 Feb, 2025","format":false,"excerpt":"Eladio Carri\u00f3n, la estrella del trap latino, ofrecer\u00e1 un concierto en\u00e9rgico en el anfiteatro de Altos de Chav\u00f3n el 19 de abril de 2025, como parte de la celebraci\u00f3n del 50\u00ba aniversario de Casa de Campo. Producido por Gamal Hach\u00e9, el evento contar\u00e1 con los mayores \u00e9xitos de Carri\u00f3n, incluyendo\u2026","rel":"","context":"En \u00abAltos de Chav\u00f3n\u00bb","block_context":{"text":"Altos de Chav\u00f3n","link":"https:\/\/casadecampoliving.com\/es\/category\/altos-de-chavon-6\/"},"img":{"alt_text":"","src":"https:\/\/i0.wp.com\/casadecampoliving.com\/wp-content\/uploads\/2025\/02\/Eladio_Tokyo1091.jpg?fit=1200%2C889&ssl=1&resize=350%2C200","width":350,"height":200,"srcset":"https:\/\/i0.wp.com\/casadecampoliving.com\/wp-content\/uploads\/2025\/02\/Eladio_Tokyo1091.jpg?fit=1200%2C889&ssl=1&resize=350%2C200 1x, https:\/\/i0.wp.com\/casadecampoliving.com\/wp-content\/uploads\/2025\/02\/Eladio_Tokyo1091.jpg?fit=1200%2C889&ssl=1&resize=525%2C300 1.5x, https:\/\/i0.wp.com\/casadecampoliving.com\/wp-content\/uploads\/2025\/02\/Eladio_Tokyo1091.jpg?fit=1200%2C889&ssl=1&resize=700%2C400 2x, https:\/\/i0.wp.com\/casadecampoliving.com\/wp-content\/uploads\/2025\/02\/Eladio_Tokyo1091.jpg?fit=1200%2C889&ssl=1&resize=1050%2C600 3x"},"classes":[]},{"id":538201,"url":"https:\/\/casadecampoliving.com\/es\/kany-garcia-cautiva-en-altos-de-chavon-con-una-presentacion-inolvidable\/","url_meta":{"origin":541281,"position":2},"title":"Kany Garc\u00eda Cautiva en Altos de Chav\u00f3n con una Presentaci\u00f3n Inolvidable","author":"Casa de Campo Living","date":"18 Feb, 2025","format":false,"excerpt":"Bajo un cielo despejado tras un d\u00eda lluvioso, Kany Garc\u00eda transform\u00f3 el anfiteatro de Altos de Chav\u00f3n en un santuario de emociones. Con una energ\u00eda arrolladora y una voz que atraviesa el alma, la cantautora puertorrique\u00f1a conquist\u00f3 a un p\u00fablico que llen\u00f3 cada rinc\u00f3n del anfiteatro, coreando cada letra de\u2026","rel":"","context":"En \u00abAltos de Chav\u00f3n\u00bb","block_context":{"text":"Altos de Chav\u00f3n","link":"https:\/\/casadecampoliving.com\/es\/category\/altos-de-chavon-6\/"},"img":{"alt_text":"","src":"https:\/\/i0.wp.com\/casadecampoliving.com\/wp-content\/uploads\/2025\/02\/Kany-Garcia-Concert-2025-32.jpg?fit=1200%2C800&ssl=1&resize=350%2C200","width":350,"height":200,"srcset":"https:\/\/i0.wp.com\/casadecampoliving.com\/wp-content\/uploads\/2025\/02\/Kany-Garcia-Concert-2025-32.jpg?fit=1200%2C800&ssl=1&resize=350%2C200 1x, https:\/\/i0.wp.com\/casadecampoliving.com\/wp-content\/uploads\/2025\/02\/Kany-Garcia-Concert-2025-32.jpg?fit=1200%2C800&ssl=1&resize=525%2C300 1.5x, https:\/\/i0.wp.com\/casadecampoliving.com\/wp-content\/uploads\/2025\/02\/Kany-Garcia-Concert-2025-32.jpg?fit=1200%2C800&ssl=1&resize=700%2C400 2x, https:\/\/i0.wp.com\/casadecampoliving.com\/wp-content\/uploads\/2025\/02\/Kany-Garcia-Concert-2025-32.jpg?fit=1200%2C800&ssl=1&resize=1050%2C600 3x"},"classes":[]},{"id":541322,"url":"https:\/\/casadecampoliving.com\/eladio-carrion-performs-to-a-full-house-at-altos-de-chavon\/","url_meta":{"origin":541281,"position":3},"title":"Eladio Carri\u00f3n Performs to a Full House at Altos de Chav\u00f3n","author":"Mairobi Herrera","date":"3 Jun, 2025","format":false,"excerpt":"The highly anticipated concert, produced by promoter Gamal Hach\u00e9, began shortly after 10 p.m., igniting the audience from the start as fans sang along to every track. A large \u201cH,\u201d used as the show\u2019s main visual screen, served as the dramatic backdrop throughout the evening. One of the most acclaimed\u2026","rel":"","context":"En \u00abBars and Nightlife\u00bb","block_context":{"text":"Bars and Nightlife","link":"https:\/\/casadecampoliving.com\/category\/bars-and-nightlife\/"},"img":{"alt_text":"","src":"https:\/\/i0.wp.com\/casadecampoliving.com\/wp-content\/uploads\/2025\/06\/WhatsApp-Image-2025-06-02-at-11.04.48-AM-scaled.jpeg?fit=675%2C1200&ssl=1&resize=350%2C200","width":350,"height":200,"srcset":"https:\/\/i0.wp.com\/casadecampoliving.com\/wp-content\/uploads\/2025\/06\/WhatsApp-Image-2025-06-02-at-11.04.48-AM-scaled.jpeg?fit=675%2C1200&ssl=1&resize=350%2C200 1x, https:\/\/i0.wp.com\/casadecampoliving.com\/wp-content\/uploads\/2025\/06\/WhatsApp-Image-2025-06-02-at-11.04.48-AM-scaled.jpeg?fit=675%2C1200&ssl=1&resize=525%2C300 1.5x"},"classes":[]},{"id":354269,"url":"https:\/\/casadecampoliving.com\/es\/exitoso-primer-concierto-de-karol-g-en-altos-de-chavon\/","url_meta":{"origin":541281,"position":4},"title":"Exitoso primer concierto de Karol G en Altos de Chav\u00f3n","author":"Casa de Campo Living","date":"25 Ene, 2022","format":false,"excerpt":"Las piedras de Altos de Chav\u00f3n recibieron por primera vez a la estrella de la m\u00fasica latina Karol G en un espect\u00e1culo que cautiv\u00f3 a miles de dominicanos y extranjeros que corearon y disfrutaron durante toda una noche inolvidable. El concierto dur\u00f3 cerca de dos horas, iniciando el repertorio con\u2026","rel":"","context":"En \u00abAltos de Chavon @es\u00bb","block_context":{"text":"Altos de Chavon @es","link":"https:\/\/casadecampoliving.com\/category\/altos-de-chavon-es\/"},"img":{"alt_text":"","src":"https:\/\/i0.wp.com\/casadecampoliving.com\/wp-content\/uploads\/2022\/10\/Karol-G-en-Altos-de-Chavo%CC%81n10-2.jpeg?fit=1066%2C687&ssl=1&resize=350%2C200","width":350,"height":200,"srcset":"https:\/\/i0.wp.com\/casadecampoliving.com\/wp-content\/uploads\/2022\/10\/Karol-G-en-Altos-de-Chavo%CC%81n10-2.jpeg?fit=1066%2C687&ssl=1&resize=350%2C200 1x, https:\/\/i0.wp.com\/casadecampoliving.com\/wp-content\/uploads\/2022\/10\/Karol-G-en-Altos-de-Chavo%CC%81n10-2.jpeg?fit=1066%2C687&ssl=1&resize=525%2C300 1.5x, https:\/\/i0.wp.com\/casadecampoliving.com\/wp-content\/uploads\/2022\/10\/Karol-G-en-Altos-de-Chavo%CC%81n10-2.jpeg?fit=1066%2C687&ssl=1&resize=700%2C400 2x, https:\/\/i0.wp.com\/casadecampoliving.com\/wp-content\/uploads\/2022\/10\/Karol-G-en-Altos-de-Chavo%CC%81n10-2.jpeg?fit=1066%2C687&ssl=1&resize=1050%2C600 3x"},"classes":[]},{"id":347421,"url":"https:\/\/casadecampoliving.com\/es\/juan-luis-guerra-en-el-anfiteatro-altos-de-chavon\/","url_meta":{"origin":541281,"position":5},"title":"Juan Luis Guerra en el Anfiteatro Altos de Chav\u00f3n","author":"Perkin Agramonte","date":"21 May, 2015","format":false,"excerpt":"\u00a1Wow, esta si que es una buena noticia para los amantes de la buena m\u00fasica!\u00a0Casa de Campo Resort anuncia la presentaci\u00f3n del legendario cantautor dominicano Juan Luis Guerra en un concierto \u00fanico el s\u00e1bado 27 de Junio, en una producci\u00f3n especial que lo trae de regreso al Anfiteatro de Altos\u2026","rel":"","context":"En \u00abAltos de Chavon @es\u00bb","block_context":{"text":"Altos de Chavon @es","link":"https:\/\/casadecampoliving.com\/category\/altos-de-chavon-es\/"},"img":{"alt_text":"","src":"https:\/\/i0.wp.com\/casadecampoliving.com\/wp-content\/uploads\/2022\/10\/Juan_Luis_Guerra_Altos_de_Chavon-1.jpg?fit=650%2C412&ssl=1&resize=350%2C200","width":350,"height":200,"srcset":"https:\/\/i0.wp.com\/casadecampoliving.com\/wp-content\/uploads\/2022\/10\/Juan_Luis_Guerra_Altos_de_Chavon-1.jpg?fit=650%2C412&ssl=1&resize=350%2C200 1x, https:\/\/i0.wp.com\/casadecampoliving.com\/wp-content\/uploads\/2022\/10\/Juan_Luis_Guerra_Altos_de_Chavon-1.jpg?fit=650%2C412&ssl=1&resize=525%2C300 1.5x"},"classes":[]}],"jetpack_sharing_enabled":true,"_links":{"self":[{"href":"https:\/\/casadecampoliving.com\/es\/wp-json\/wp\/v2\/posts\/541281","targetHints":{"allow":["GET"]}}],"collection":[{"href":"https:\/\/casadecampoliving.com\/es\/wp-json\/wp\/v2\/posts"}],"about":[{"href":"https:\/\/casadecampoliving.com\/es\/wp-json\/wp\/v2\/types\/post"}],"author":[{"embeddable":true,"href":"https:\/\/casadecampoliving.com\/es\/wp-json\/wp\/v2\/users\/431"}],"replies":[{"embeddable":true,"href":"https:\/\/casadecampoliving.com\/es\/wp-json\/wp\/v2\/comments?post=541281"}],"version-history":[{"count":5,"href":"https:\/\/casadecampoliving.com\/es\/wp-json\/wp\/v2\/posts\/541281\/revisions"}],"predecessor-version":[{"id":541348,"href":"https:\/\/casadecampoliving.com\/es\/wp-json\/wp\/v2\/posts\/541281\/revisions\/541348"}],"wp:featuredmedia":[{"embeddable":true,"href":"https:\/\/casadecampoliving.com\/es\/wp-json\/wp\/v2\/media\/541286"}],"wp:attachment":[{"href":"https:\/\/casadecampoliving.com\/es\/wp-json\/wp\/v2\/media?parent=541281"}],"wp:term":[{"taxonomy":"category","embeddable":true,"href":"https:\/\/casadecampoliving.com\/es\/wp-json\/wp\/v2\/categories?post=541281"},{"taxonomy":"post_tag","embeddable":true,"href":"https:\/\/casadecampoliving.com\/es\/wp-json\/wp\/v2\/tags?post=541281"},{"taxonomy":"newspack_spnsrs_tax","embeddable":true,"href":"https:\/\/casadecampoliving.com\/es\/wp-json\/wp\/v2\/newspack_spnsrs_tax?post=541281"}],"curies":[{"name":"wp","href":"https:\/\/api.w.org\/{rel}","templated":true}]}}