{"id":540697,"date":"2025-04-13T13:34:38","date_gmt":"2025-04-13T17:34:38","guid":{"rendered":"https:\/\/casadecampoliving.com\/?p=540697"},"modified":"2025-04-24T17:29:51","modified_gmt":"2025-04-24T21:29:51","slug":"misa-semana-santa-2025-iglesia-san-estanislao-de-altos-de-chavon","status":"publish","type":"post","link":"https:\/\/casadecampoliving.com\/es\/misa-semana-santa-2025-iglesia-san-estanislao-de-altos-de-chavon\/","title":{"rendered":"Horario de Misas de Semana Santa 2025 en la Iglesia San Estanislao de Altos de Chav\u00f3n"},"content":{"rendered":"\n<p>Aunque es uno de los atractivos tur\u00edsticos m\u00e1s visitados de Casa de Campo, la <strong>Iglesia San Estanislao<\/strong> en <strong>Altos de Chav\u00f3n<\/strong> siempre ha sido, ante todo, un espacio de devoci\u00f3n religiosa. Con la <strong>Semana Santa<\/strong> a la vuelta de la esquina, entendemos que adem\u00e1s de ser una \u00e9poca festiva, es tambi\u00e9n un tiempo de recogimiento espiritual. Por ello, compartimos el <strong>horario especial de misas de Pascua<\/strong> para esta semana en Casa de Campo.<\/p>\n\n\n\n<h3 class=\"wp-block-heading\">Horario de Misas de Pascua 2025:<\/h3>\n\n\n\n<ul class=\"wp-block-list\">\n<li><strong>S\u00e1bado, 12 de abril<\/strong> \u2013 Misa del Domingo de Ramos a las 5 p.m.<\/li>\n\n\n\n<li><strong>Domingo, 13 de abril<\/strong> \u2013 Misa del Domingo de Ramos a las 6 p.m.<\/li>\n\n\n\n<li><strong>Mi\u00e9rcoles, 16 de abril<\/strong> \u2013 El sacerdote estar\u00e1 disponible para confesiones a las 4 p.m.<\/li>\n\n\n\n<li><strong>Jueves, 17 de abril \u2013 JUEVES SANTO<\/strong>\n<ul class=\"wp-block-list\">\n<li>Misa a las 5 p.m.<\/li>\n\n\n\n<li>Adoraci\u00f3n del Sant\u00edsimo Sacramento de 7 p.m. a 8 p.m.<\/li>\n<\/ul>\n<\/li>\n\n\n\n<li><strong>Viernes, 18 de abril \u2013 VIERNES SANTO<\/strong>\n<ul class=\"wp-block-list\">\n<li>Adoraci\u00f3n de la Cruz (V\u00eda Crucis) a las 3:30 p.m.<\/li>\n\n\n\n<li>Liturgia del Viernes Santo a las 5 p.m.<\/li>\n<\/ul>\n<\/li>\n\n\n\n<li><strong>S\u00e1bado, 19 de abril \u2013 S\u00c1BADO SANTO<\/strong>\n<ul class=\"wp-block-list\">\n<li>No habr\u00e1 misa<\/li>\n<\/ul>\n<\/li>\n\n\n\n<li><strong>Domingo, 20 de abril \u2013 DOMINGO DE RESURRECCI\u00d3N \/ PASCUA<\/strong>\n<ul class=\"wp-block-list\">\n<li>Misa a las 6 p.m. (frente a la iglesia)<\/li>\n<\/ul>\n<\/li>\n<\/ul>\n\n\n\n<p><strong>Horario regular:<\/strong> s\u00e1bados a las 5 p.m. y domingos a las 6 p.m.<\/p>\n\n\n\n<hr class=\"wp-block-separator has-alpha-channel-opacity\"\/>\n\n\n\n<h3 class=\"wp-block-heading\">\u00bfSab\u00edas que\u2026?<\/h3>\n\n\n\n<p>La Iglesia San Estanislao fue consagrada en <strong>1979<\/strong>, tres a\u00f1os antes de la inauguraci\u00f3n del anfiteatro de Altos de Chav\u00f3n en <strong>1982<\/strong>. Para conmemorar la ocasi\u00f3n, el <strong>Papa Juan Pablo II<\/strong> envi\u00f3 desde Polonia las cenizas del santo patrono <strong>San Estanislao<\/strong>, junto con una estatua tallada a mano en Cracovia.<\/p>\n\n\n\n<hr class=\"wp-block-separator has-alpha-channel-opacity\"\/>\n\n\n\n<h3 class=\"wp-block-heading\">\u00bfPor qu\u00e9 la Pascua cambia de fecha cada a\u00f1o?<\/h3>\n\n\n\n<p>Seg\u00fan la Biblia, la muerte y resurrecci\u00f3n de Jesucristo ocurrieron durante la <strong>Pascua jud\u00eda<\/strong>, que se celebra en la primera luna llena despu\u00e9s del <strong>equinoccio de primavera<\/strong>. Por eso, los cristianos comenzaron a conmemorar la Pascua en distintas fechas, bas\u00e1ndose en el calendario lunar. En el a\u00f1o <strong>325 d.C.<\/strong>, la Iglesia Cat\u00f3lica estableci\u00f3 que la Pascua se celebrar\u00eda el <strong>domingo siguiente a la primera luna llena<\/strong> despu\u00e9s del equinoccio de primavera (21 de marzo seg\u00fan el calendario gregoriano).<\/p>\n\n\n\n<p><strong>La Semana Santa del pr\u00f3ximo a\u00f1o ser\u00e1 del 29 de marzo al 5 de abril.<\/strong><\/p>\n","protected":false},"excerpt":{"rendered":"<p>Aunque es uno de los atractivos tur\u00edsticos m\u00e1s visitados de Casa de Campo, la Iglesia San Estanislao en Altos de Chav\u00f3n siempre ha sido, ante todo, un espacio de devoci\u00f3n religiosa. Con la Semana Santa a la vuelta de la esquina, entendemos que adem\u00e1s de ser una \u00e9poca festiva, es tambi\u00e9n un tiempo de recogimiento [&hellip;]<\/p>\n","protected":false},"author":36791,"featured_media":515789,"comment_status":"closed","ping_status":"closed","sticky":false,"template":"","format":"standard","meta":{"newspack_ads_suppress_ads":false,"newspack_popups_has_disabled_popups":false,"newspack_sponsor_sponsorship_scope":"","newspack_sponsor_native_byline_display":"inherit","newspack_sponsor_native_category_display":"inherit","newspack_sponsor_underwriter_style":"inherit","newspack_sponsor_underwriter_placement":"inherit","_newspack_byline_active":false,"_newspack_byline":"","newspack_hide_updated_date":false,"newspack_show_updated_date":false,"newspack_content_restriction_is_exempt":false,"newspack_featured_image_position":"large","newspack_post_subtitle":"","newspack_article_summary_title":"Overview:","newspack_article_summary":"","_jetpack_memberships_contains_paid_content":false,"footnotes":"","jetpack_publicize_message":"","jetpack_publicize_feature_enabled":true,"jetpack_social_post_already_shared":false,"jetpack_social_options":{"image_generator_settings":{"template":"highway","enabled":false},"version":2},"_wpas_customize_per_network":false},"categories":[26577,14631,14627],"tags":[27100,3626,14736,3382,7839,4005],"newspack_spnsrs_tax":[],"class_list":["post-540697","post","type-post","status-publish","format-standard","has-post-thumbnail","hentry","category-altos-de-chavon-6","category-estilo-de-vida","category-proximamente","tag-altos-de-chavon-es-7","tag-casa-de-campo-es","tag-featured-topview-es","tag-iglesia-san-estanislao","tag-misa","tag-semana-santa-es","entry"],"yoast_head":"<!-- This site is optimized with the Yoast SEO plugin v27.5 - https:\/\/yoast.com\/product\/yoast-seo-wordpress\/ -->\n<title>Horario de Misas de Semana Santa 2025 en la Iglesia San Estanislao de Altos de Chav\u00f3n | Casa de Campo Living<\/title>\n<meta name=\"description\" content=\"Aunque es uno de los atractivos tur\u00edsticos m\u00e1s visitados de Casa de Campo, la Iglesia San Estanislao en Altos de Chav\u00f3n siempre ha sido, ante todo, un\" \/>\n<meta name=\"robots\" content=\"index, follow, max-snippet:-1, max-image-preview:large, max-video-preview:-1\" \/>\n<link rel=\"canonical\" href=\"https:\/\/casadecampoliving.com\/es\/misa-semana-santa-2025-iglesia-san-estanislao-de-altos-de-chavon\/\" \/>\n<meta property=\"og:locale\" content=\"es_ES\" \/>\n<meta property=\"og:type\" content=\"article\" \/>\n<meta property=\"og:title\" content=\"Horario de Misas de Semana Santa 2025 en la Iglesia San Estanislao de Altos de Chav\u00f3n | Casa de Campo Living\" \/>\n<meta property=\"og:description\" content=\"Aunque es uno de los atractivos tur\u00edsticos m\u00e1s visitados de Casa de Campo, la Iglesia San Estanislao en Altos de Chav\u00f3n siempre ha sido, ante todo, un\" \/>\n<meta property=\"og:url\" content=\"https:\/\/casadecampoliving.com\/es\/misa-semana-santa-2025-iglesia-san-estanislao-de-altos-de-chavon\/\" \/>\n<meta property=\"og:site_name\" content=\"Casa de Campo Living\" \/>\n<meta property=\"article:publisher\" content=\"https:\/\/www.facebook.com\/casadecampoliving\" \/>\n<meta property=\"article:published_time\" content=\"2025-04-13T17:34:38+00:00\" \/>\n<meta property=\"article:modified_time\" content=\"2025-04-24T21:29:51+00:00\" \/>\n<meta property=\"og:image\" content=\"https:\/\/casadecampoliving.com\/wp-content\/uploads\/2023\/03\/Altos-de-Chavon-St.-Stanislaus-Church-scaled.jpg\" \/>\n\t<meta property=\"og:image:width\" content=\"2560\" \/>\n\t<meta property=\"og:image:height\" content=\"1669\" \/>\n\t<meta property=\"og:image:type\" content=\"image\/jpeg\" \/>\n<meta name=\"author\" content=\"Casa de Campo Living\" \/>\n<meta name=\"twitter:card\" content=\"summary_large_image\" \/>\n<meta name=\"twitter:creator\" content=\"@cdcliving\" \/>\n<meta name=\"twitter:site\" content=\"@cdcliving\" \/>\n<meta name=\"twitter:label1\" content=\"Escrito por\" \/>\n\t<meta name=\"twitter:data1\" content=\"Casa de Campo Living\" \/>\n\t<meta name=\"twitter:label2\" content=\"Tiempo de lectura\" \/>\n\t<meta name=\"twitter:data2\" content=\"2 minutos\" \/>\n<script type=\"application\/ld+json\" class=\"yoast-schema-graph\">{\"@context\":\"https:\\\/\\\/schema.org\",\"@graph\":[{\"@type\":\"Article\",\"@id\":\"https:\\\/\\\/casadecampoliving.com\\\/es\\\/misa-semana-santa-2025-iglesia-san-estanislao-de-altos-de-chavon\\\/#article\",\"isPartOf\":{\"@id\":\"https:\\\/\\\/casadecampoliving.com\\\/es\\\/misa-semana-santa-2025-iglesia-san-estanislao-de-altos-de-chavon\\\/\"},\"author\":{\"name\":\"Casa de Campo Living\",\"@id\":\"https:\\\/\\\/casadecampoliving.com\\\/es\\\/#\\\/schema\\\/person\\\/5d2171637a9d11e0e43ce6b8555f9422\"},\"headline\":\"Horario de Misas de Semana Santa 2025 en la Iglesia San Estanislao de Altos de Chav\u00f3n\",\"datePublished\":\"2025-04-13T17:34:38+00:00\",\"dateModified\":\"2025-04-24T21:29:51+00:00\",\"mainEntityOfPage\":{\"@id\":\"https:\\\/\\\/casadecampoliving.com\\\/es\\\/misa-semana-santa-2025-iglesia-san-estanislao-de-altos-de-chavon\\\/\"},\"wordCount\":394,\"publisher\":{\"@id\":\"https:\\\/\\\/casadecampoliving.com\\\/es\\\/#organization\"},\"image\":{\"@id\":\"https:\\\/\\\/casadecampoliving.com\\\/es\\\/misa-semana-santa-2025-iglesia-san-estanislao-de-altos-de-chavon\\\/#primaryimage\"},\"thumbnailUrl\":\"https:\\\/\\\/i0.wp.com\\\/casadecampoliving.com\\\/wp-content\\\/uploads\\\/2023\\\/03\\\/Altos-de-Chavon-St.-Stanislaus-Church-scaled.jpg?fit=2560%2C1669&ssl=1\",\"keywords\":[\"Altos de Chav\u00f3n @es\",\"casa de campo @es\",\"Featured-TopView @es\",\"iglesia san estanislao\",\"misa\",\"semana santa @es\"],\"articleSection\":[\"Altos de Chav\u00f3n\",\"Estilo de Vida\",\"Proximamente\"],\"inLanguage\":\"es\"},{\"@type\":\"WebPage\",\"@id\":\"https:\\\/\\\/casadecampoliving.com\\\/es\\\/misa-semana-santa-2025-iglesia-san-estanislao-de-altos-de-chavon\\\/\",\"url\":\"https:\\\/\\\/casadecampoliving.com\\\/es\\\/misa-semana-santa-2025-iglesia-san-estanislao-de-altos-de-chavon\\\/\",\"name\":\"Horario de Misas de Semana Santa 2025 en la Iglesia San Estanislao de Altos de Chav\u00f3n | Casa de Campo Living\",\"isPartOf\":{\"@id\":\"https:\\\/\\\/casadecampoliving.com\\\/es\\\/#website\"},\"primaryImageOfPage\":{\"@id\":\"https:\\\/\\\/casadecampoliving.com\\\/es\\\/misa-semana-santa-2025-iglesia-san-estanislao-de-altos-de-chavon\\\/#primaryimage\"},\"image\":{\"@id\":\"https:\\\/\\\/casadecampoliving.com\\\/es\\\/misa-semana-santa-2025-iglesia-san-estanislao-de-altos-de-chavon\\\/#primaryimage\"},\"thumbnailUrl\":\"https:\\\/\\\/i0.wp.com\\\/casadecampoliving.com\\\/wp-content\\\/uploads\\\/2023\\\/03\\\/Altos-de-Chavon-St.-Stanislaus-Church-scaled.jpg?fit=2560%2C1669&ssl=1\",\"datePublished\":\"2025-04-13T17:34:38+00:00\",\"dateModified\":\"2025-04-24T21:29:51+00:00\",\"description\":\"Aunque es uno de los atractivos tur\u00edsticos m\u00e1s visitados de Casa de Campo, la Iglesia San Estanislao en Altos de Chav\u00f3n siempre ha sido, ante todo, un\",\"breadcrumb\":{\"@id\":\"https:\\\/\\\/casadecampoliving.com\\\/es\\\/misa-semana-santa-2025-iglesia-san-estanislao-de-altos-de-chavon\\\/#breadcrumb\"},\"inLanguage\":\"es\",\"potentialAction\":[{\"@type\":\"ReadAction\",\"target\":[\"https:\\\/\\\/casadecampoliving.com\\\/es\\\/misa-semana-santa-2025-iglesia-san-estanislao-de-altos-de-chavon\\\/\"]}]},{\"@type\":\"ImageObject\",\"inLanguage\":\"es\",\"@id\":\"https:\\\/\\\/casadecampoliving.com\\\/es\\\/misa-semana-santa-2025-iglesia-san-estanislao-de-altos-de-chavon\\\/#primaryimage\",\"url\":\"https:\\\/\\\/i0.wp.com\\\/casadecampoliving.com\\\/wp-content\\\/uploads\\\/2023\\\/03\\\/Altos-de-Chavon-St.-Stanislaus-Church-scaled.jpg?fit=2560%2C1669&ssl=1\",\"contentUrl\":\"https:\\\/\\\/i0.wp.com\\\/casadecampoliving.com\\\/wp-content\\\/uploads\\\/2023\\\/03\\\/Altos-de-Chavon-St.-Stanislaus-Church-scaled.jpg?fit=2560%2C1669&ssl=1\",\"width\":2560,\"height\":1669},{\"@type\":\"BreadcrumbList\",\"@id\":\"https:\\\/\\\/casadecampoliving.com\\\/es\\\/misa-semana-santa-2025-iglesia-san-estanislao-de-altos-de-chavon\\\/#breadcrumb\",\"itemListElement\":[{\"@type\":\"ListItem\",\"position\":1,\"name\":\"Home\",\"item\":\"https:\\\/\\\/casadecampoliving.com\\\/es\\\/\"},{\"@type\":\"ListItem\",\"position\":2,\"name\":\"Horario de Misas de Semana Santa 2025 en la Iglesia San Estanislao de Altos de Chav\u00f3n\"}]},{\"@type\":\"WebSite\",\"@id\":\"https:\\\/\\\/casadecampoliving.com\\\/es\\\/#website\",\"url\":\"https:\\\/\\\/casadecampoliving.com\\\/es\\\/\",\"name\":\"Casa de Campo Living\",\"description\":\"Resort community news and resources.\",\"publisher\":{\"@id\":\"https:\\\/\\\/casadecampoliving.com\\\/es\\\/#organization\"},\"potentialAction\":[{\"@type\":\"SearchAction\",\"target\":{\"@type\":\"EntryPoint\",\"urlTemplate\":\"https:\\\/\\\/casadecampoliving.com\\\/es\\\/?s={search_term_string}\"},\"query-input\":{\"@type\":\"PropertyValueSpecification\",\"valueRequired\":true,\"valueName\":\"search_term_string\"}}],\"inLanguage\":\"es\"},{\"@type\":\"Organization\",\"@id\":\"https:\\\/\\\/casadecampoliving.com\\\/es\\\/#organization\",\"name\":\"Casa de Campo Living\",\"url\":\"https:\\\/\\\/casadecampoliving.com\\\/es\\\/\",\"logo\":{\"@type\":\"ImageObject\",\"inLanguage\":\"es\",\"@id\":\"https:\\\/\\\/casadecampoliving.com\\\/es\\\/#\\\/schema\\\/logo\\\/image\\\/\",\"url\":\"https:\\\/\\\/i0.wp.com\\\/casadecampoliving.com\\\/wp-content\\\/uploads\\\/2022\\\/07\\\/CDCLivingLogo_V1-white-sized.png?fit=800%2C214&ssl=1\",\"contentUrl\":\"https:\\\/\\\/i0.wp.com\\\/casadecampoliving.com\\\/wp-content\\\/uploads\\\/2022\\\/07\\\/CDCLivingLogo_V1-white-sized.png?fit=800%2C214&ssl=1\",\"width\":800,\"height\":214,\"caption\":\"Casa de Campo Living\"},\"image\":{\"@id\":\"https:\\\/\\\/casadecampoliving.com\\\/es\\\/#\\\/schema\\\/logo\\\/image\\\/\"},\"sameAs\":[\"https:\\\/\\\/www.facebook.com\\\/casadecampoliving\",\"https:\\\/\\\/x.com\\\/cdcliving\"]},{\"@type\":\"Person\",\"@id\":\"https:\\\/\\\/casadecampoliving.com\\\/es\\\/#\\\/schema\\\/person\\\/5d2171637a9d11e0e43ce6b8555f9422\",\"name\":\"Casa de Campo Living\",\"image\":{\"@type\":\"ImageObject\",\"inLanguage\":\"es\",\"@id\":\"https:\\\/\\\/secure.gravatar.com\\\/avatar\\\/d04101fa4a9fd431e939953b1500fdc7a73cd35029f86d98712fd8ccdaebaf9a?s=96&d=mm&r=g\",\"url\":\"https:\\\/\\\/secure.gravatar.com\\\/avatar\\\/d04101fa4a9fd431e939953b1500fdc7a73cd35029f86d98712fd8ccdaebaf9a?s=96&d=mm&r=g\",\"contentUrl\":\"https:\\\/\\\/secure.gravatar.com\\\/avatar\\\/d04101fa4a9fd431e939953b1500fdc7a73cd35029f86d98712fd8ccdaebaf9a?s=96&d=mm&r=g\",\"caption\":\"Casa de Campo Living\"},\"url\":\"https:\\\/\\\/casadecampoliving.com\\\/es\\\/author\\\/casa-de-campo-living\\\/\"}]}<\/script>\n<!-- \/ Yoast SEO plugin. -->","yoast_head_json":{"title":"Horario de Misas de Semana Santa 2025 en la Iglesia San Estanislao de Altos de Chav\u00f3n | Casa de Campo Living","description":"Aunque es uno de los atractivos tur\u00edsticos m\u00e1s visitados de Casa de Campo, la Iglesia San Estanislao en Altos de Chav\u00f3n siempre ha sido, ante todo, un","robots":{"index":"index","follow":"follow","max-snippet":"max-snippet:-1","max-image-preview":"max-image-preview:large","max-video-preview":"max-video-preview:-1"},"canonical":"https:\/\/casadecampoliving.com\/es\/misa-semana-santa-2025-iglesia-san-estanislao-de-altos-de-chavon\/","og_locale":"es_ES","og_type":"article","og_title":"Horario de Misas de Semana Santa 2025 en la Iglesia San Estanislao de Altos de Chav\u00f3n | Casa de Campo Living","og_description":"Aunque es uno de los atractivos tur\u00edsticos m\u00e1s visitados de Casa de Campo, la Iglesia San Estanislao en Altos de Chav\u00f3n siempre ha sido, ante todo, un","og_url":"https:\/\/casadecampoliving.com\/es\/misa-semana-santa-2025-iglesia-san-estanislao-de-altos-de-chavon\/","og_site_name":"Casa de Campo Living","article_publisher":"https:\/\/www.facebook.com\/casadecampoliving","article_published_time":"2025-04-13T17:34:38+00:00","article_modified_time":"2025-04-24T21:29:51+00:00","og_image":[{"width":2560,"height":1669,"url":"https:\/\/casadecampoliving.com\/wp-content\/uploads\/2023\/03\/Altos-de-Chavon-St.-Stanislaus-Church-scaled.jpg","type":"image\/jpeg"}],"author":"Casa de Campo Living","twitter_card":"summary_large_image","twitter_creator":"@cdcliving","twitter_site":"@cdcliving","twitter_misc":{"Escrito por":"Casa de Campo Living","Tiempo de lectura":"2 minutos"},"schema":{"@context":"https:\/\/schema.org","@graph":[{"@type":"Article","@id":"https:\/\/casadecampoliving.com\/es\/misa-semana-santa-2025-iglesia-san-estanislao-de-altos-de-chavon\/#article","isPartOf":{"@id":"https:\/\/casadecampoliving.com\/es\/misa-semana-santa-2025-iglesia-san-estanislao-de-altos-de-chavon\/"},"author":{"name":"Casa de Campo Living","@id":"https:\/\/casadecampoliving.com\/es\/#\/schema\/person\/5d2171637a9d11e0e43ce6b8555f9422"},"headline":"Horario de Misas de Semana Santa 2025 en la Iglesia San Estanislao de Altos de Chav\u00f3n","datePublished":"2025-04-13T17:34:38+00:00","dateModified":"2025-04-24T21:29:51+00:00","mainEntityOfPage":{"@id":"https:\/\/casadecampoliving.com\/es\/misa-semana-santa-2025-iglesia-san-estanislao-de-altos-de-chavon\/"},"wordCount":394,"publisher":{"@id":"https:\/\/casadecampoliving.com\/es\/#organization"},"image":{"@id":"https:\/\/casadecampoliving.com\/es\/misa-semana-santa-2025-iglesia-san-estanislao-de-altos-de-chavon\/#primaryimage"},"thumbnailUrl":"https:\/\/i0.wp.com\/casadecampoliving.com\/wp-content\/uploads\/2023\/03\/Altos-de-Chavon-St.-Stanislaus-Church-scaled.jpg?fit=2560%2C1669&ssl=1","keywords":["Altos de Chav\u00f3n @es","casa de campo @es","Featured-TopView @es","iglesia san estanislao","misa","semana santa @es"],"articleSection":["Altos de Chav\u00f3n","Estilo de Vida","Proximamente"],"inLanguage":"es"},{"@type":"WebPage","@id":"https:\/\/casadecampoliving.com\/es\/misa-semana-santa-2025-iglesia-san-estanislao-de-altos-de-chavon\/","url":"https:\/\/casadecampoliving.com\/es\/misa-semana-santa-2025-iglesia-san-estanislao-de-altos-de-chavon\/","name":"Horario de Misas de Semana Santa 2025 en la Iglesia San Estanislao de Altos de Chav\u00f3n | Casa de Campo Living","isPartOf":{"@id":"https:\/\/casadecampoliving.com\/es\/#website"},"primaryImageOfPage":{"@id":"https:\/\/casadecampoliving.com\/es\/misa-semana-santa-2025-iglesia-san-estanislao-de-altos-de-chavon\/#primaryimage"},"image":{"@id":"https:\/\/casadecampoliving.com\/es\/misa-semana-santa-2025-iglesia-san-estanislao-de-altos-de-chavon\/#primaryimage"},"thumbnailUrl":"https:\/\/i0.wp.com\/casadecampoliving.com\/wp-content\/uploads\/2023\/03\/Altos-de-Chavon-St.-Stanislaus-Church-scaled.jpg?fit=2560%2C1669&ssl=1","datePublished":"2025-04-13T17:34:38+00:00","dateModified":"2025-04-24T21:29:51+00:00","description":"Aunque es uno de los atractivos tur\u00edsticos m\u00e1s visitados de Casa de Campo, la Iglesia San Estanislao en Altos de Chav\u00f3n siempre ha sido, ante todo, un","breadcrumb":{"@id":"https:\/\/casadecampoliving.com\/es\/misa-semana-santa-2025-iglesia-san-estanislao-de-altos-de-chavon\/#breadcrumb"},"inLanguage":"es","potentialAction":[{"@type":"ReadAction","target":["https:\/\/casadecampoliving.com\/es\/misa-semana-santa-2025-iglesia-san-estanislao-de-altos-de-chavon\/"]}]},{"@type":"ImageObject","inLanguage":"es","@id":"https:\/\/casadecampoliving.com\/es\/misa-semana-santa-2025-iglesia-san-estanislao-de-altos-de-chavon\/#primaryimage","url":"https:\/\/i0.wp.com\/casadecampoliving.com\/wp-content\/uploads\/2023\/03\/Altos-de-Chavon-St.-Stanislaus-Church-scaled.jpg?fit=2560%2C1669&ssl=1","contentUrl":"https:\/\/i0.wp.com\/casadecampoliving.com\/wp-content\/uploads\/2023\/03\/Altos-de-Chavon-St.-Stanislaus-Church-scaled.jpg?fit=2560%2C1669&ssl=1","width":2560,"height":1669},{"@type":"BreadcrumbList","@id":"https:\/\/casadecampoliving.com\/es\/misa-semana-santa-2025-iglesia-san-estanislao-de-altos-de-chavon\/#breadcrumb","itemListElement":[{"@type":"ListItem","position":1,"name":"Home","item":"https:\/\/casadecampoliving.com\/es\/"},{"@type":"ListItem","position":2,"name":"Horario de Misas de Semana Santa 2025 en la Iglesia San Estanislao de Altos de Chav\u00f3n"}]},{"@type":"WebSite","@id":"https:\/\/casadecampoliving.com\/es\/#website","url":"https:\/\/casadecampoliving.com\/es\/","name":"Casa de Campo Living","description":"Resort community news and resources.","publisher":{"@id":"https:\/\/casadecampoliving.com\/es\/#organization"},"potentialAction":[{"@type":"SearchAction","target":{"@type":"EntryPoint","urlTemplate":"https:\/\/casadecampoliving.com\/es\/?s={search_term_string}"},"query-input":{"@type":"PropertyValueSpecification","valueRequired":true,"valueName":"search_term_string"}}],"inLanguage":"es"},{"@type":"Organization","@id":"https:\/\/casadecampoliving.com\/es\/#organization","name":"Casa de Campo Living","url":"https:\/\/casadecampoliving.com\/es\/","logo":{"@type":"ImageObject","inLanguage":"es","@id":"https:\/\/casadecampoliving.com\/es\/#\/schema\/logo\/image\/","url":"https:\/\/i0.wp.com\/casadecampoliving.com\/wp-content\/uploads\/2022\/07\/CDCLivingLogo_V1-white-sized.png?fit=800%2C214&ssl=1","contentUrl":"https:\/\/i0.wp.com\/casadecampoliving.com\/wp-content\/uploads\/2022\/07\/CDCLivingLogo_V1-white-sized.png?fit=800%2C214&ssl=1","width":800,"height":214,"caption":"Casa de Campo Living"},"image":{"@id":"https:\/\/casadecampoliving.com\/es\/#\/schema\/logo\/image\/"},"sameAs":["https:\/\/www.facebook.com\/casadecampoliving","https:\/\/x.com\/cdcliving"]},{"@type":"Person","@id":"https:\/\/casadecampoliving.com\/es\/#\/schema\/person\/5d2171637a9d11e0e43ce6b8555f9422","name":"Casa de Campo Living","image":{"@type":"ImageObject","inLanguage":"es","@id":"https:\/\/secure.gravatar.com\/avatar\/d04101fa4a9fd431e939953b1500fdc7a73cd35029f86d98712fd8ccdaebaf9a?s=96&d=mm&r=g","url":"https:\/\/secure.gravatar.com\/avatar\/d04101fa4a9fd431e939953b1500fdc7a73cd35029f86d98712fd8ccdaebaf9a?s=96&d=mm&r=g","contentUrl":"https:\/\/secure.gravatar.com\/avatar\/d04101fa4a9fd431e939953b1500fdc7a73cd35029f86d98712fd8ccdaebaf9a?s=96&d=mm&r=g","caption":"Casa de Campo Living"},"url":"https:\/\/casadecampoliving.com\/es\/author\/casa-de-campo-living\/"}]}},"parsely":{"version":"1.1.0","canonical_url":"https:\/\/casadecampoliving.com\/es\/misa-semana-santa-2025-iglesia-san-estanislao-de-altos-de-chavon\/","smart_links":{"inbound":0,"outbound":0},"traffic_boost_suggestions_count":0,"meta":{"@context":"https:\/\/schema.org","@type":"NewsArticle","headline":"Horario de Misas de Semana Santa 2025 en la Iglesia San Estanislao de Altos de Chav\u00f3n","url":"http:\/\/casadecampoliving.com\/es\/misa-semana-santa-2025-iglesia-san-estanislao-de-altos-de-chavon\/","mainEntityOfPage":{"@type":"WebPage","@id":"http:\/\/casadecampoliving.com\/es\/misa-semana-santa-2025-iglesia-san-estanislao-de-altos-de-chavon\/"},"thumbnailUrl":"https:\/\/i0.wp.com\/casadecampoliving.com\/wp-content\/uploads\/2023\/03\/Altos-de-Chavon-St.-Stanislaus-Church-scaled.jpg?resize=150%2C150&ssl=1","image":{"@type":"ImageObject","url":"https:\/\/i0.wp.com\/casadecampoliving.com\/wp-content\/uploads\/2023\/03\/Altos-de-Chavon-St.-Stanislaus-Church-scaled.jpg?fit=2560%2C1669&ssl=1"},"articleSection":"Altos de Chav\u00f3n","author":[{"@type":"Person","name":"Casa de Campo Living"}],"creator":["Casa de Campo Living"],"publisher":{"@type":"Organization","name":"Casa de Campo Living","logo":"https:\/\/casadecampoliving.com\/wp-content\/uploads\/2022\/07\/CDCLivingLogo_V1-white-sized.png"},"keywords":["altos de chav\u00f3n @es","casa de campo @es","featured-topview @es","iglesia san estanislao","misa","semana santa @es"],"dateCreated":"2025-04-13T17:34:38Z","datePublished":"2025-04-13T17:34:38Z","dateModified":"2025-04-24T21:29:51Z"},"rendered":"<script type=\"application\/ld+json\" class=\"wp-parsely-metadata\">{\"@context\":\"https:\\\/\\\/schema.org\",\"@type\":\"NewsArticle\",\"headline\":\"Horario de Misas de Semana Santa 2025 en la Iglesia San Estanislao de Altos de Chav\\u00f3n\",\"url\":\"http:\\\/\\\/casadecampoliving.com\\\/es\\\/misa-semana-santa-2025-iglesia-san-estanislao-de-altos-de-chavon\\\/\",\"mainEntityOfPage\":{\"@type\":\"WebPage\",\"@id\":\"http:\\\/\\\/casadecampoliving.com\\\/es\\\/misa-semana-santa-2025-iglesia-san-estanislao-de-altos-de-chavon\\\/\"},\"thumbnailUrl\":\"https:\\\/\\\/i0.wp.com\\\/casadecampoliving.com\\\/wp-content\\\/uploads\\\/2023\\\/03\\\/Altos-de-Chavon-St.-Stanislaus-Church-scaled.jpg?resize=150%2C150&ssl=1\",\"image\":{\"@type\":\"ImageObject\",\"url\":\"https:\\\/\\\/i0.wp.com\\\/casadecampoliving.com\\\/wp-content\\\/uploads\\\/2023\\\/03\\\/Altos-de-Chavon-St.-Stanislaus-Church-scaled.jpg?fit=2560%2C1669&ssl=1\"},\"articleSection\":\"Altos de Chav\\u00f3n\",\"author\":[{\"@type\":\"Person\",\"name\":\"Casa de Campo Living\"}],\"creator\":[\"Casa de Campo Living\"],\"publisher\":{\"@type\":\"Organization\",\"name\":\"Casa de Campo Living\",\"logo\":\"https:\\\/\\\/casadecampoliving.com\\\/wp-content\\\/uploads\\\/2022\\\/07\\\/CDCLivingLogo_V1-white-sized.png\"},\"keywords\":[\"altos de chav\\u00f3n @es\",\"casa de campo @es\",\"featured-topview @es\",\"iglesia san estanislao\",\"misa\",\"semana santa @es\"],\"dateCreated\":\"2025-04-13T17:34:38Z\",\"datePublished\":\"2025-04-13T17:34:38Z\",\"dateModified\":\"2025-04-24T21:29:51Z\"}<\/script>","tracker_url":"https:\/\/cdn.parsely.com\/keys\/casadecampoliving.com\/p.js"},"jetpack_publicize_connections":[],"jetpack_featured_media_url":"https:\/\/i0.wp.com\/casadecampoliving.com\/wp-content\/uploads\/2023\/03\/Altos-de-Chavon-St.-Stanislaus-Church-scaled.jpg?fit=2560%2C1669&ssl=1","jetpack-related-posts":[{"id":515792,"url":"https:\/\/casadecampoliving.com\/es\/horario-de-misas-de-semana-santa-en-la-iglesia-de-san-estanislao-de-altos-de-chavon-para-2023\/","url_meta":{"origin":540697,"position":0},"title":"Horario de misas de Semana Santa en la Iglesia de San Estanislao de Altos de Chav\u00f3n para 2023","author":"Casa de Campo Living","date":"24 Mar, 2023","format":false,"excerpt":"A pesar de ser una atracci\u00f3n tur\u00edstica popular, la Iglesia de San Estanislao de Altos de Chav\u00f3n siempre ha sido una instituci\u00f3n religiosa. Con la Semana Santa a la vuelta de la esquina, entendemos que aunque es un momento festivo, tambi\u00e9n es una celebraci\u00f3n religiosa. Por lo tanto, queremos informarle\u2026","rel":"","context":"En \u00abNoticias Locales\u00bb","block_context":{"text":"Noticias Locales","link":"https:\/\/casadecampoliving.com\/es\/category\/noticias-locales\/"},"img":{"alt_text":"","src":"https:\/\/i0.wp.com\/casadecampoliving.com\/wp-content\/uploads\/2023\/03\/Altos-de-Chavon-St.-Stanislaus-Church-scaled.jpg?fit=1200%2C782&ssl=1&resize=350%2C200","width":350,"height":200,"srcset":"https:\/\/i0.wp.com\/casadecampoliving.com\/wp-content\/uploads\/2023\/03\/Altos-de-Chavon-St.-Stanislaus-Church-scaled.jpg?fit=1200%2C782&ssl=1&resize=350%2C200 1x, https:\/\/i0.wp.com\/casadecampoliving.com\/wp-content\/uploads\/2023\/03\/Altos-de-Chavon-St.-Stanislaus-Church-scaled.jpg?fit=1200%2C782&ssl=1&resize=525%2C300 1.5x, https:\/\/i0.wp.com\/casadecampoliving.com\/wp-content\/uploads\/2023\/03\/Altos-de-Chavon-St.-Stanislaus-Church-scaled.jpg?fit=1200%2C782&ssl=1&resize=700%2C400 2x, https:\/\/i0.wp.com\/casadecampoliving.com\/wp-content\/uploads\/2023\/03\/Altos-de-Chavon-St.-Stanislaus-Church-scaled.jpg?fit=1200%2C782&ssl=1&resize=1050%2C600 3x"},"classes":[]},{"id":352561,"url":"https:\/\/casadecampoliving.com\/es\/horario-de-misas-de-pascua-en-la-iglesia-san-estanislao-en-altos-de-chavon\/","url_meta":{"origin":540697,"position":1},"title":"Horario de Misas de Pascua en la Iglesia San Estanislao en Altos de Chav\u00f3n","author":"Marlenys Guzm\u00e1n Casta\u00f1os","date":"28 Mar, 2018","format":false,"excerpt":"La iglesia de San Estanislao en Altos de Chav\u00f3n es una de las m\u00e1s bellas atracciones tur\u00edsticas de la \u00e1rea. Pero ante todo, es una iglesia. Y Semana Santa (Pascua), m\u00e1s que una \u00e9poca de fiesta es tambi\u00e9n una celebraci\u00f3n religiosa por lo que pensamos que estar\u00eda interesado en saber\u2026","rel":"","context":"En \u00abAltos de Chavon @es\u00bb","block_context":{"text":"Altos de Chavon @es","link":"https:\/\/casadecampoliving.com\/category\/altos-de-chavon-es\/"},"img":{"alt_text":"St. Stanislaus Church Altos de Chavo\u0301n","src":"https:\/\/i0.wp.com\/casadecampoliving.com\/wp-content\/uploads\/2022\/10\/St.-Stanislaus-Church-Altos-de-Chavo%CC%81n-1.jpg?fit=650%2C434&ssl=1&resize=350%2C200","width":350,"height":200,"srcset":"https:\/\/i0.wp.com\/casadecampoliving.com\/wp-content\/uploads\/2022\/10\/St.-Stanislaus-Church-Altos-de-Chavo%CC%81n-1.jpg?fit=650%2C434&ssl=1&resize=350%2C200 1x, https:\/\/i0.wp.com\/casadecampoliving.com\/wp-content\/uploads\/2022\/10\/St.-Stanislaus-Church-Altos-de-Chavo%CC%81n-1.jpg?fit=650%2C434&ssl=1&resize=525%2C300 1.5x"},"classes":[]},{"id":349447,"url":"https:\/\/casadecampoliving.com\/es\/horario-misas-de-pascua-iglesia-san-estanislao-altos-de-chavon\/","url_meta":{"origin":540697,"position":2},"title":"Horario de Misas de Pascua en la Iglesia San Estanislao en Altos de Chav\u00f3n","author":"Marlenys Guzm\u00e1n Casta\u00f1os","date":"17 Mar, 2016","format":false,"excerpt":"La iglesia de San Estanislao en Altos de Chav\u00f3n es una de las m\u00e1s bellas atracciones tur\u00edsticas de la \u00e1rea. Pero ante todo, es una iglesia. Y Semana Santa (Pascua), m\u00e1s que una \u00e9poca de fiesta es tambi\u00e9n una celebraci\u00f3n religiosa por lo que pensamos que estar\u00eda interesado en saber\u2026","rel":"","context":"En \u00abEstilo de Vida\u00bb","block_context":{"text":"Estilo de Vida","link":"https:\/\/casadecampoliving.com\/es\/category\/estilo-de-vida\/"},"img":{"alt_text":"Featured Image \u2014 Easter mass at St Stanislaus Church 2016","src":"https:\/\/i0.wp.com\/casadecampoliving.com\/wp-content\/uploads\/2022\/10\/Featured-Image-%E2%80%94-Easter-mass-at-St-Stanislaus-Church-2016.jpg?fit=1000%2C600&ssl=1&resize=350%2C200","width":350,"height":200,"srcset":"https:\/\/i0.wp.com\/casadecampoliving.com\/wp-content\/uploads\/2022\/10\/Featured-Image-%E2%80%94-Easter-mass-at-St-Stanislaus-Church-2016.jpg?fit=1000%2C600&ssl=1&resize=350%2C200 1x, https:\/\/i0.wp.com\/casadecampoliving.com\/wp-content\/uploads\/2022\/10\/Featured-Image-%E2%80%94-Easter-mass-at-St-Stanislaus-Church-2016.jpg?fit=1000%2C600&ssl=1&resize=525%2C300 1.5x, https:\/\/i0.wp.com\/casadecampoliving.com\/wp-content\/uploads\/2022\/10\/Featured-Image-%E2%80%94-Easter-mass-at-St-Stanislaus-Church-2016.jpg?fit=1000%2C600&ssl=1&resize=700%2C400 2x"},"classes":[]},{"id":353353,"url":"https:\/\/casadecampoliving.com\/es\/easter-2019-mass-schedule-at-st-stanislaus-church-in-altos-de-chavon\/","url_meta":{"origin":540697,"position":3},"title":"Horario de Misas de Pascua 2019 en la Iglesia San Estanislao en Altos de Chav\u00f3n","author":"Casa de Campo Living","date":"8 Abr, 2019","format":false,"excerpt":"La iglesia de San Estanislao en Altos de Chav\u00f3n es una de las m\u00e1s bellas atracciones tur\u00edsticas de la \u00e1rea. Pero ante todo, es una iglesia. Y Semana Santa (Pascua), m\u00e1s que una \u00e9poca de fiesta es tambi\u00e9n una celebraci\u00f3n religiosa por lo que pensamos que estar\u00eda interesado en saber\u2026","rel":"","context":"En \u00abAltos de Chavon @es\u00bb","block_context":{"text":"Altos de Chavon @es","link":"https:\/\/casadecampoliving.com\/category\/altos-de-chavon-es\/"},"img":{"alt_text":"Featured Image \u2014 Easter mass at St Stanislaus Church 2016","src":"https:\/\/i0.wp.com\/casadecampoliving.com\/wp-content\/uploads\/2022\/10\/Featured-Image-%E2%80%94-Easter-mass-at-St-Stanislaus-Church-2016.jpg?fit=1000%2C600&ssl=1&resize=350%2C200","width":350,"height":200,"srcset":"https:\/\/i0.wp.com\/casadecampoliving.com\/wp-content\/uploads\/2022\/10\/Featured-Image-%E2%80%94-Easter-mass-at-St-Stanislaus-Church-2016.jpg?fit=1000%2C600&ssl=1&resize=350%2C200 1x, https:\/\/i0.wp.com\/casadecampoliving.com\/wp-content\/uploads\/2022\/10\/Featured-Image-%E2%80%94-Easter-mass-at-St-Stanislaus-Church-2016.jpg?fit=1000%2C600&ssl=1&resize=525%2C300 1.5x, https:\/\/i0.wp.com\/casadecampoliving.com\/wp-content\/uploads\/2022\/10\/Featured-Image-%E2%80%94-Easter-mass-at-St-Stanislaus-Church-2016.jpg?fit=1000%2C600&ssl=1&resize=700%2C400 2x"},"classes":[]},{"id":354008,"url":"https:\/\/casadecampoliving.com\/es\/misa-semana-santa-2021-en-la-iglesia-san-estanislao-en-altos-de-chavon\/","url_meta":{"origin":540697,"position":4},"title":"Misa Semana Santa 2021 en la Iglesia San Estanislao en Altos de Chav\u00f3n","author":"Casa de Campo Living","date":"30 Mar, 2021","format":false,"excerpt":"La iglesia de San Estanislao en Altos de Chav\u00f3n es una de las m\u00e1s bellas atracciones tur\u00edsticas de la \u00e1rea. Pero ante todo, es una iglesia. Y Semana Santa (Pascua), m\u00e1s que una \u00e9poca de fiesta es tambi\u00e9n una celebraci\u00f3n religiosa por lo que pensamos que estar\u00eda interesado en saber\u2026","rel":"","context":"En \u00abEstilo de Vida\u00bb","block_context":{"text":"Estilo de Vida","link":"https:\/\/casadecampoliving.com\/es\/category\/estilo-de-vida\/"},"img":{"alt_text":"","src":"https:\/\/i0.wp.com\/casadecampoliving.com\/wp-content\/uploads\/2022\/10\/Stanislaus-Church-Altos-de-Chavo%CC%81n-2.jpg?fit=1000%2C600&ssl=1&resize=350%2C200","width":350,"height":200,"srcset":"https:\/\/i0.wp.com\/casadecampoliving.com\/wp-content\/uploads\/2022\/10\/Stanislaus-Church-Altos-de-Chavo%CC%81n-2.jpg?fit=1000%2C600&ssl=1&resize=350%2C200 1x, https:\/\/i0.wp.com\/casadecampoliving.com\/wp-content\/uploads\/2022\/10\/Stanislaus-Church-Altos-de-Chavo%CC%81n-2.jpg?fit=1000%2C600&ssl=1&resize=525%2C300 1.5x, https:\/\/i0.wp.com\/casadecampoliving.com\/wp-content\/uploads\/2022\/10\/Stanislaus-Church-Altos-de-Chavo%CC%81n-2.jpg?fit=1000%2C600&ssl=1&resize=700%2C400 2x"},"classes":[]},{"id":351349,"url":"https:\/\/casadecampoliving.com\/es\/horario-de-misas-de-pascua-2017-en-la-iglesia-san-estanislao-en-altos-de-chavon\/","url_meta":{"origin":540697,"position":5},"title":"Horario de Misas de Pascua 2017 en la Iglesia San Estanislao en Altos de Chav\u00f3n","author":"Marlenys Guzm\u00e1n Casta\u00f1os","date":"10 Abr, 2017","format":false,"excerpt":"La iglesia de San Estanislao en Altos de Chav\u00f3n es una de las m\u00e1s bellas atracciones tur\u00edsticas de la \u00e1rea. Pero ante todo, es una iglesia. Y Semana Santa (Pascua), m\u00e1s que una \u00e9poca de fiesta es tambi\u00e9n una celebraci\u00f3n religiosa por lo que pensamos que estar\u00eda interesado en saber\u2026","rel":"","context":"En \u00abAltos de Chavon @es\u00bb","block_context":{"text":"Altos de Chavon @es","link":"https:\/\/casadecampoliving.com\/category\/altos-de-chavon-es\/"},"img":{"alt_text":"","src":"https:\/\/i0.wp.com\/casadecampoliving.com\/wp-content\/uploads\/2022\/10\/shutterstock_179993753-e1491792483969.jpg?fit=1000%2C652&ssl=1&resize=350%2C200","width":350,"height":200,"srcset":"https:\/\/i0.wp.com\/casadecampoliving.com\/wp-content\/uploads\/2022\/10\/shutterstock_179993753-e1491792483969.jpg?fit=1000%2C652&ssl=1&resize=350%2C200 1x, https:\/\/i0.wp.com\/casadecampoliving.com\/wp-content\/uploads\/2022\/10\/shutterstock_179993753-e1491792483969.jpg?fit=1000%2C652&ssl=1&resize=525%2C300 1.5x, https:\/\/i0.wp.com\/casadecampoliving.com\/wp-content\/uploads\/2022\/10\/shutterstock_179993753-e1491792483969.jpg?fit=1000%2C652&ssl=1&resize=700%2C400 2x"},"classes":[]}],"jetpack_sharing_enabled":true,"_links":{"self":[{"href":"https:\/\/casadecampoliving.com\/es\/wp-json\/wp\/v2\/posts\/540697","targetHints":{"allow":["GET"]}}],"collection":[{"href":"https:\/\/casadecampoliving.com\/es\/wp-json\/wp\/v2\/posts"}],"about":[{"href":"https:\/\/casadecampoliving.com\/es\/wp-json\/wp\/v2\/types\/post"}],"author":[{"embeddable":true,"href":"https:\/\/casadecampoliving.com\/es\/wp-json\/wp\/v2\/users\/36791"}],"replies":[{"embeddable":true,"href":"https:\/\/casadecampoliving.com\/es\/wp-json\/wp\/v2\/comments?post=540697"}],"version-history":[{"count":1,"href":"https:\/\/casadecampoliving.com\/es\/wp-json\/wp\/v2\/posts\/540697\/revisions"}],"predecessor-version":[{"id":540698,"href":"https:\/\/casadecampoliving.com\/es\/wp-json\/wp\/v2\/posts\/540697\/revisions\/540698"}],"wp:featuredmedia":[{"embeddable":true,"href":"https:\/\/casadecampoliving.com\/es\/wp-json\/wp\/v2\/media\/515789"}],"wp:attachment":[{"href":"https:\/\/casadecampoliving.com\/es\/wp-json\/wp\/v2\/media?parent=540697"}],"wp:term":[{"taxonomy":"category","embeddable":true,"href":"https:\/\/casadecampoliving.com\/es\/wp-json\/wp\/v2\/categories?post=540697"},{"taxonomy":"post_tag","embeddable":true,"href":"https:\/\/casadecampoliving.com\/es\/wp-json\/wp\/v2\/tags?post=540697"},{"taxonomy":"newspack_spnsrs_tax","embeddable":true,"href":"https:\/\/casadecampoliving.com\/es\/wp-json\/wp\/v2\/newspack_spnsrs_tax?post=540697"}],"curies":[{"name":"wp","href":"https:\/\/api.w.org\/{rel}","templated":true}]}}