{"id":537050,"date":"2025-02-03T12:30:31","date_gmt":"2025-02-03T16:30:31","guid":{"rendered":"https:\/\/casadecampoliving.com\/?p=537050"},"modified":"2025-02-04T18:21:01","modified_gmt":"2025-02-04T22:21:01","slug":"entradas-ya-disponibles-para-el-tributo-a-sinatra-en-casa-de-campo","status":"publish","type":"post","link":"https:\/\/casadecampoliving.com\/es\/entradas-ya-disponibles-para-el-tributo-a-sinatra-en-casa-de-campo\/","title":{"rendered":"Entradas Ya Disponibles para el Tributo a Sinatra en Casa de Campo"},"content":{"rendered":"\n<p>Las entradas ya est\u00e1n a la venta para la esperada recreaci\u00f3n del legendario <em>Concert of the Americas<\/em> de Frank Sinatra, en celebraci\u00f3n del 50.\u00ba aniversario de Casa de Campo Resort &amp; Villas. El evento, programado para el 1 de marzo de 2025, contar\u00e1 con la presentaci\u00f3n de <a href=\"https:\/\/www.michaelsingssinatra.com\/\" target=\"_blank\" rel=\"noreferrer noopener nofollow\">Michael Martocci<\/a>, reconocido artista tributo a Sinatra, en el anfiteatro de Altos de Chav\u00f3n.<\/p>\n\n\n\n<h2 class=\"wp-block-heading\">Un Renacer Hist\u00f3rico de la M\u00fasica<\/h2>\n\n\n\n<p>En 1982, Frank Sinatra inaugur\u00f3 el anfiteatro con un concierto que marc\u00f3 la historia de Casa de Campo. Ahora, Martocci revivir\u00e1 ese momento ic\u00f3nico acompa\u00f1ado por una orquesta de 22 m\u00fasicos. El espect\u00e1culo traer\u00e1 de vuelta el jazz, el swing y los cl\u00e1sicos de big band de Sinatra, permitiendo al p\u00fablico disfrutar la m\u00fasica de una de las leyendas m\u00e1s grandes de la historia.<\/p>\n\n\n\n<p>\u201cEstamos emocionados de conmemorar este hito de Casa de Campo reviviendo un momento tan significativo,\u201d expres\u00f3 Jason Kycek, CMO de Central Romana Corporation. \u201cEl incre\u00edble talento de Michael Martocci, combinado con el legado de Sinatra, har\u00e1 de esta una experiencia inolvidable.\u201d<\/p>\n\n\n\n<figure class=\"wp-block-embed is-type-video is-provider-youtube wp-block-embed-youtube wp-embed-aspect-16-9 wp-has-aspect-ratio\"><div class=\"wp-block-embed__wrapper\">\n<iframe loading=\"lazy\" title=\"Frank Sinatra Tribute Show Red Bank 5\/9\/14 Part 3\/4\" width=\"500\" height=\"281\" src=\"https:\/\/www.youtube.com\/embed\/X5hA5JgsV2Q?feature=oembed\" frameborder=\"0\" allow=\"accelerometer; autoplay; clipboard-write; encrypted-media; gyroscope; picture-in-picture; web-share\" referrerpolicy=\"strict-origin-when-cross-origin\" allowfullscreen><\/iframe>\n<\/div><\/figure>\n\n\n\n<h2 class=\"wp-block-heading\">Sinatra en Vivo<\/h2>\n\n\n\n<p>Martocci, reconocido por su impresionante similitud vocal y presencia esc\u00e9nica con Sinatra, ha sido elogiado como uno de los mejores artistas tributo en la actualidad. Eliot Weisman, exm\u00e1nager de Sinatra, lo describi\u00f3 como \u201clo m\u00e1s cercano al Sr. S.\u201d<\/p>\n\n\n\n<p>Martocci estar\u00e1 acompa\u00f1ado por m\u00fasicos dominicanos de gran talento, incluyendo al invitado especial Antonio Gonz\u00e1lez con su proyecto <em>Dominican Bossa<\/em>. La atm\u00f3sfera \u00fanica de Altos de Chav\u00f3n a\u00f1adir\u00e1 un encanto nost\u00e1lgico a la velada.<\/p>\n\n\n\n<p>El evento tambi\u00e9n contar\u00e1 con la presencia de Dick Ayoob, exjefe de seguridad de Sinatra, quien compartir\u00e1 an\u00e9cdotas sobre la leyenda y participar\u00e1 en una sesi\u00f3n de preguntas y respuestas en vivo con el p\u00fablico.<\/p>\n\n\n\n<h2 class=\"wp-block-heading\">Actividades del Fin de Semana<\/h2>\n\n\n\n<ul class=\"wp-block-list\">\n<li><strong>Tributo en Vivo:<\/strong> Michael Martocci y su orquesta recrear\u00e1n el emblem\u00e1tico concierto de 1982.<\/li>\n\n\n\n<li><strong>Sesi\u00f3n de Preguntas y Respuestas:<\/strong> Excolaboradores de Sinatra compartir\u00e1n historias y momentos detr\u00e1s de escena de su carrera.<\/li>\n\n\n\n<li><strong>Exhibici\u00f3n de Coleccionables:<\/strong> Durante todo el fin de semana, se exhibir\u00e1n art\u00edculos raros y de colecci\u00f3n de Sinatra.<\/li>\n\n\n\n<li><strong>Actuaciones Sorpresa:<\/strong> Diferentes espacios del resort rendir\u00e1n homenaje al legado de Sinatra con presentaciones especiales.<\/li>\n<\/ul>\n\n\n\n<p>No te pierdas este tributo a un momento legendario en la historia de la m\u00fasica.<\/p>\n\n\n\n<p><strong><strong>Para todo lo que sucede en\u00a0<em>Casa<\/em>,\u00a0<a href=\"https:\/\/casadecampoliving.com\/es\/sucribirsealsemanal\/\" target=\"_blank\" rel=\"noreferrer noopener\">suscr\u00edbete<\/a>\u00a0a nuestro bolet\u00edn gratuito.<\/strong><\/strong><\/p>\n\n\n\n<div class=\"wp-block-group is-style-border has-light-gray-background-color has-background\"><div class=\"wp-block-group__inner-container is-layout-constrained wp-block-group-is-layout-constrained\">\n<h2 class=\"wp-block-heading\"><strong>Tributo a Sinatra<\/strong><\/h2>\n\n\n<div class=\"wp-block-image\">\n<figure class=\"aligncenter size-full\"><img data-recalc-dims=\"1\" loading=\"lazy\" decoding=\"async\" width=\"800\" height=\"800\" src=\"https:\/\/i0.wp.com\/casadecampoliving.com\/wp-content\/uploads\/2025\/01\/unnamed-6.jpg?resize=800%2C800&#038;ssl=1\" alt=\"\" class=\"wp-image-537042\" srcset=\"https:\/\/i0.wp.com\/casadecampoliving.com\/wp-content\/uploads\/2025\/01\/unnamed-6.jpg?w=800&amp;ssl=1 800w, https:\/\/i0.wp.com\/casadecampoliving.com\/wp-content\/uploads\/2025\/01\/unnamed-6.jpg?resize=300%2C300&amp;ssl=1 300w, https:\/\/i0.wp.com\/casadecampoliving.com\/wp-content\/uploads\/2025\/01\/unnamed-6.jpg?resize=150%2C150&amp;ssl=1 150w, https:\/\/i0.wp.com\/casadecampoliving.com\/wp-content\/uploads\/2025\/01\/unnamed-6.jpg?resize=768%2C768&amp;ssl=1 768w, https:\/\/i0.wp.com\/casadecampoliving.com\/wp-content\/uploads\/2025\/01\/unnamed-6.jpg?resize=600%2C600&amp;ssl=1 600w, https:\/\/i0.wp.com\/casadecampoliving.com\/wp-content\/uploads\/2025\/01\/unnamed-6.jpg?resize=400%2C400&amp;ssl=1 400w, https:\/\/i0.wp.com\/casadecampoliving.com\/wp-content\/uploads\/2025\/01\/unnamed-6.jpg?resize=200%2C200&amp;ssl=1 200w, https:\/\/i0.wp.com\/casadecampoliving.com\/wp-content\/uploads\/2025\/01\/unnamed-6.jpg?resize=96%2C96&amp;ssl=1 96w, https:\/\/i0.wp.com\/casadecampoliving.com\/wp-content\/uploads\/2025\/01\/unnamed-6.jpg?w=370&amp;ssl=1 370w\" sizes=\"auto, (max-width: 800px) 100vw, 800px\" \/><\/figure>\n<\/div>\n\n\n<p><strong>Fecha:<\/strong> 1 de marzo de 2025 | <em>Dominican Bossa<\/em> a las 8 p.m.; Michael Martocci a las 9:30 p.m.<br><strong>Lugar:<\/strong> Anfiteatro de Altos de Chav\u00f3n, Casa de Campo<\/p>\n\n\n\n<p>Las entradas ya est\u00e1n disponibles para su compra en l\u00ednea <a href=\"https:\/\/uepatickets.com\/tickets\/en\/michael-martocci-americas-best-sinatra-tribute\" target=\"_blank\" rel=\"noreferrer noopener nofollow\">aqui<\/a>.<\/p>\n<\/div><\/div>\n","protected":false},"excerpt":{"rendered":"<p>Las entradas ya est\u00e1n a la venta para la esperada recreaci\u00f3n del legendario Concert of the Americas de Frank Sinatra, en celebraci\u00f3n del 50.\u00ba aniversario de Casa de Campo Resort &amp; Villas. El evento, programado para el 1 de marzo de 2025, contar\u00e1 con la presentaci\u00f3n de Michael Martocci, reconocido artista tributo a Sinatra, en [&hellip;]<\/p>\n","protected":false},"author":36791,"featured_media":537047,"comment_status":"closed","ping_status":"closed","sticky":false,"template":"","format":"standard","meta":{"newspack_ads_suppress_ads":false,"newspack_popups_has_disabled_popups":false,"newspack_sponsor_sponsorship_scope":"","newspack_sponsor_native_byline_display":"inherit","newspack_sponsor_native_category_display":"inherit","newspack_sponsor_underwriter_style":"inherit","newspack_sponsor_underwriter_placement":"inherit","_newspack_byline_active":false,"_newspack_byline":"","newspack_hide_updated_date":false,"newspack_show_updated_date":false,"newspack_content_restriction_is_exempt":false,"newspack_featured_image_position":"large","newspack_post_subtitle":"Michael Martocci recrear\u00e1 el ic\u00f3nico concierto de Sinatra de 1982 en Altos de Chav\u00f3n el 1 de marzo de 2025","newspack_article_summary_title":"Overview:","newspack_article_summary":"","_jetpack_memberships_contains_paid_content":false,"footnotes":"","jetpack_publicize_message":"","jetpack_publicize_feature_enabled":true,"jetpack_social_post_already_shared":false,"jetpack_social_options":{"image_generator_settings":{"template":"highway","enabled":false},"version":2},"_wpas_customize_per_network":false},"categories":[26577,2518,2522,14627,19622],"tags":[18836,15091],"newspack_spnsrs_tax":[],"class_list":["post-537050","post","type-post","status-publish","format-standard","has-post-thumbnail","hentry","category-altos-de-chavon-6","category-conciertos-es","category-eventos-es","category-proximamente","category-video-es-2","tag-concert-es-2","tag-proximamente","entry"],"yoast_head":"<!-- This site is optimized with the Yoast SEO plugin v27.4 - https:\/\/yoast.com\/product\/yoast-seo-wordpress\/ -->\n<title>Entradas Ya Disponibles para el Tributo a Sinatra en Casa de Campo | Casa de Campo Living<\/title>\n<meta name=\"description\" content=\"Las entradas ya est\u00e1n a la venta para la esperada recreaci\u00f3n del legendario Concert of the Americas de Frank Sinatra, en celebraci\u00f3n del 50.\u00ba aniversario\" \/>\n<meta name=\"robots\" content=\"index, follow, max-snippet:-1, max-image-preview:large, max-video-preview:-1\" \/>\n<link rel=\"canonical\" href=\"https:\/\/casadecampoliving.com\/es\/entradas-ya-disponibles-para-el-tributo-a-sinatra-en-casa-de-campo\/\" \/>\n<meta property=\"og:locale\" content=\"es_ES\" \/>\n<meta property=\"og:type\" content=\"article\" \/>\n<meta property=\"og:title\" content=\"Entradas Ya Disponibles para el Tributo a Sinatra en Casa de Campo | Casa de Campo Living\" \/>\n<meta property=\"og:description\" content=\"Las entradas ya est\u00e1n a la venta para la esperada recreaci\u00f3n del legendario Concert of the Americas de Frank Sinatra, en celebraci\u00f3n del 50.\u00ba aniversario\" \/>\n<meta property=\"og:url\" content=\"https:\/\/casadecampoliving.com\/es\/entradas-ya-disponibles-para-el-tributo-a-sinatra-en-casa-de-campo\/\" \/>\n<meta property=\"og:site_name\" content=\"Casa de Campo Living\" \/>\n<meta property=\"article:publisher\" content=\"https:\/\/www.facebook.com\/casadecampoliving\" \/>\n<meta property=\"article:published_time\" content=\"2025-02-03T16:30:31+00:00\" \/>\n<meta property=\"article:modified_time\" content=\"2025-02-04T22:21:01+00:00\" \/>\n<meta property=\"og:image\" content=\"https:\/\/casadecampoliving.com\/wp-content\/uploads\/2025\/02\/Michael-Sinatra.webp\" \/>\n\t<meta property=\"og:image:width\" content=\"1164\" \/>\n\t<meta property=\"og:image:height\" content=\"776\" \/>\n\t<meta property=\"og:image:type\" content=\"image\/webp\" \/>\n<meta name=\"author\" content=\"Casa de Campo Living\" \/>\n<meta name=\"twitter:card\" content=\"summary_large_image\" \/>\n<meta name=\"twitter:creator\" content=\"@cdcliving\" \/>\n<meta name=\"twitter:site\" content=\"@cdcliving\" \/>\n<meta name=\"twitter:label1\" content=\"Escrito por\" \/>\n\t<meta name=\"twitter:data1\" content=\"Casa de Campo Living\" \/>\n\t<meta name=\"twitter:label2\" content=\"Tiempo de lectura\" \/>\n\t<meta name=\"twitter:data2\" content=\"3 minutos\" \/>\n<script type=\"application\/ld+json\" class=\"yoast-schema-graph\">{\"@context\":\"https:\\\/\\\/schema.org\",\"@graph\":[{\"@type\":\"Article\",\"@id\":\"https:\\\/\\\/casadecampoliving.com\\\/es\\\/entradas-ya-disponibles-para-el-tributo-a-sinatra-en-casa-de-campo\\\/#article\",\"isPartOf\":{\"@id\":\"https:\\\/\\\/casadecampoliving.com\\\/es\\\/entradas-ya-disponibles-para-el-tributo-a-sinatra-en-casa-de-campo\\\/\"},\"author\":{\"name\":\"Casa de Campo Living\",\"@id\":\"https:\\\/\\\/casadecampoliving.com\\\/es\\\/#\\\/schema\\\/person\\\/5d2171637a9d11e0e43ce6b8555f9422\"},\"headline\":\"Entradas Ya Disponibles para el Tributo a Sinatra en Casa de Campo\",\"datePublished\":\"2025-02-03T16:30:31+00:00\",\"dateModified\":\"2025-02-04T22:21:01+00:00\",\"mainEntityOfPage\":{\"@id\":\"https:\\\/\\\/casadecampoliving.com\\\/es\\\/entradas-ya-disponibles-para-el-tributo-a-sinatra-en-casa-de-campo\\\/\"},\"wordCount\":481,\"publisher\":{\"@id\":\"https:\\\/\\\/casadecampoliving.com\\\/es\\\/#organization\"},\"image\":{\"@id\":\"https:\\\/\\\/casadecampoliving.com\\\/es\\\/entradas-ya-disponibles-para-el-tributo-a-sinatra-en-casa-de-campo\\\/#primaryimage\"},\"thumbnailUrl\":\"https:\\\/\\\/i0.wp.com\\\/casadecampoliving.com\\\/wp-content\\\/uploads\\\/2025\\\/02\\\/Michael-Sinatra.webp?fit=1164%2C776&ssl=1\",\"keywords\":[\"concert\",\"Proximamente\"],\"articleSection\":[\"Altos de Chav\u00f3n\",\"Conciertos\",\"Eventos\",\"Proximamente\",\"Video\"],\"inLanguage\":\"es\"},{\"@type\":\"WebPage\",\"@id\":\"https:\\\/\\\/casadecampoliving.com\\\/es\\\/entradas-ya-disponibles-para-el-tributo-a-sinatra-en-casa-de-campo\\\/\",\"url\":\"https:\\\/\\\/casadecampoliving.com\\\/es\\\/entradas-ya-disponibles-para-el-tributo-a-sinatra-en-casa-de-campo\\\/\",\"name\":\"Entradas Ya Disponibles para el Tributo a Sinatra en Casa de Campo | Casa de Campo Living\",\"isPartOf\":{\"@id\":\"https:\\\/\\\/casadecampoliving.com\\\/es\\\/#website\"},\"primaryImageOfPage\":{\"@id\":\"https:\\\/\\\/casadecampoliving.com\\\/es\\\/entradas-ya-disponibles-para-el-tributo-a-sinatra-en-casa-de-campo\\\/#primaryimage\"},\"image\":{\"@id\":\"https:\\\/\\\/casadecampoliving.com\\\/es\\\/entradas-ya-disponibles-para-el-tributo-a-sinatra-en-casa-de-campo\\\/#primaryimage\"},\"thumbnailUrl\":\"https:\\\/\\\/i0.wp.com\\\/casadecampoliving.com\\\/wp-content\\\/uploads\\\/2025\\\/02\\\/Michael-Sinatra.webp?fit=1164%2C776&ssl=1\",\"datePublished\":\"2025-02-03T16:30:31+00:00\",\"dateModified\":\"2025-02-04T22:21:01+00:00\",\"description\":\"Las entradas ya est\u00e1n a la venta para la esperada recreaci\u00f3n del legendario Concert of the Americas de Frank Sinatra, en celebraci\u00f3n del 50.\u00ba aniversario\",\"breadcrumb\":{\"@id\":\"https:\\\/\\\/casadecampoliving.com\\\/es\\\/entradas-ya-disponibles-para-el-tributo-a-sinatra-en-casa-de-campo\\\/#breadcrumb\"},\"inLanguage\":\"es\",\"potentialAction\":[{\"@type\":\"ReadAction\",\"target\":[\"https:\\\/\\\/casadecampoliving.com\\\/es\\\/entradas-ya-disponibles-para-el-tributo-a-sinatra-en-casa-de-campo\\\/\"]}]},{\"@type\":\"ImageObject\",\"inLanguage\":\"es\",\"@id\":\"https:\\\/\\\/casadecampoliving.com\\\/es\\\/entradas-ya-disponibles-para-el-tributo-a-sinatra-en-casa-de-campo\\\/#primaryimage\",\"url\":\"https:\\\/\\\/i0.wp.com\\\/casadecampoliving.com\\\/wp-content\\\/uploads\\\/2025\\\/02\\\/Michael-Sinatra.webp?fit=1164%2C776&ssl=1\",\"contentUrl\":\"https:\\\/\\\/i0.wp.com\\\/casadecampoliving.com\\\/wp-content\\\/uploads\\\/2025\\\/02\\\/Michael-Sinatra.webp?fit=1164%2C776&ssl=1\",\"width\":1164,\"height\":776,\"caption\":\"Photo:\"},{\"@type\":\"BreadcrumbList\",\"@id\":\"https:\\\/\\\/casadecampoliving.com\\\/es\\\/entradas-ya-disponibles-para-el-tributo-a-sinatra-en-casa-de-campo\\\/#breadcrumb\",\"itemListElement\":[{\"@type\":\"ListItem\",\"position\":1,\"name\":\"Home\",\"item\":\"https:\\\/\\\/casadecampoliving.com\\\/es\\\/\"},{\"@type\":\"ListItem\",\"position\":2,\"name\":\"Entradas Ya Disponibles para el Tributo a Sinatra en Casa de Campo\"}]},{\"@type\":\"WebSite\",\"@id\":\"https:\\\/\\\/casadecampoliving.com\\\/es\\\/#website\",\"url\":\"https:\\\/\\\/casadecampoliving.com\\\/es\\\/\",\"name\":\"Casa de Campo Living\",\"description\":\"Resort community news and resources.\",\"publisher\":{\"@id\":\"https:\\\/\\\/casadecampoliving.com\\\/es\\\/#organization\"},\"potentialAction\":[{\"@type\":\"SearchAction\",\"target\":{\"@type\":\"EntryPoint\",\"urlTemplate\":\"https:\\\/\\\/casadecampoliving.com\\\/es\\\/?s={search_term_string}\"},\"query-input\":{\"@type\":\"PropertyValueSpecification\",\"valueRequired\":true,\"valueName\":\"search_term_string\"}}],\"inLanguage\":\"es\"},{\"@type\":\"Organization\",\"@id\":\"https:\\\/\\\/casadecampoliving.com\\\/es\\\/#organization\",\"name\":\"Casa de Campo Living\",\"url\":\"https:\\\/\\\/casadecampoliving.com\\\/es\\\/\",\"logo\":{\"@type\":\"ImageObject\",\"inLanguage\":\"es\",\"@id\":\"https:\\\/\\\/casadecampoliving.com\\\/es\\\/#\\\/schema\\\/logo\\\/image\\\/\",\"url\":\"https:\\\/\\\/i0.wp.com\\\/casadecampoliving.com\\\/wp-content\\\/uploads\\\/2022\\\/07\\\/CDCLivingLogo_V1-white-sized.png?fit=800%2C214&ssl=1\",\"contentUrl\":\"https:\\\/\\\/i0.wp.com\\\/casadecampoliving.com\\\/wp-content\\\/uploads\\\/2022\\\/07\\\/CDCLivingLogo_V1-white-sized.png?fit=800%2C214&ssl=1\",\"width\":800,\"height\":214,\"caption\":\"Casa de Campo Living\"},\"image\":{\"@id\":\"https:\\\/\\\/casadecampoliving.com\\\/es\\\/#\\\/schema\\\/logo\\\/image\\\/\"},\"sameAs\":[\"https:\\\/\\\/www.facebook.com\\\/casadecampoliving\",\"https:\\\/\\\/x.com\\\/cdcliving\"]},{\"@type\":\"Person\",\"@id\":\"https:\\\/\\\/casadecampoliving.com\\\/es\\\/#\\\/schema\\\/person\\\/5d2171637a9d11e0e43ce6b8555f9422\",\"name\":\"Casa de Campo Living\",\"image\":{\"@type\":\"ImageObject\",\"inLanguage\":\"es\",\"@id\":\"https:\\\/\\\/secure.gravatar.com\\\/avatar\\\/d04101fa4a9fd431e939953b1500fdc7a73cd35029f86d98712fd8ccdaebaf9a?s=96&d=mm&r=g\",\"url\":\"https:\\\/\\\/secure.gravatar.com\\\/avatar\\\/d04101fa4a9fd431e939953b1500fdc7a73cd35029f86d98712fd8ccdaebaf9a?s=96&d=mm&r=g\",\"contentUrl\":\"https:\\\/\\\/secure.gravatar.com\\\/avatar\\\/d04101fa4a9fd431e939953b1500fdc7a73cd35029f86d98712fd8ccdaebaf9a?s=96&d=mm&r=g\",\"caption\":\"Casa de Campo Living\"},\"url\":\"https:\\\/\\\/casadecampoliving.com\\\/es\\\/author\\\/casa-de-campo-living\\\/\"}]}<\/script>\n<!-- \/ Yoast SEO plugin. -->","yoast_head_json":{"title":"Entradas Ya Disponibles para el Tributo a Sinatra en Casa de Campo | Casa de Campo Living","description":"Las entradas ya est\u00e1n a la venta para la esperada recreaci\u00f3n del legendario Concert of the Americas de Frank Sinatra, en celebraci\u00f3n del 50.\u00ba aniversario","robots":{"index":"index","follow":"follow","max-snippet":"max-snippet:-1","max-image-preview":"max-image-preview:large","max-video-preview":"max-video-preview:-1"},"canonical":"https:\/\/casadecampoliving.com\/es\/entradas-ya-disponibles-para-el-tributo-a-sinatra-en-casa-de-campo\/","og_locale":"es_ES","og_type":"article","og_title":"Entradas Ya Disponibles para el Tributo a Sinatra en Casa de Campo | Casa de Campo Living","og_description":"Las entradas ya est\u00e1n a la venta para la esperada recreaci\u00f3n del legendario Concert of the Americas de Frank Sinatra, en celebraci\u00f3n del 50.\u00ba aniversario","og_url":"https:\/\/casadecampoliving.com\/es\/entradas-ya-disponibles-para-el-tributo-a-sinatra-en-casa-de-campo\/","og_site_name":"Casa de Campo Living","article_publisher":"https:\/\/www.facebook.com\/casadecampoliving","article_published_time":"2025-02-03T16:30:31+00:00","article_modified_time":"2025-02-04T22:21:01+00:00","og_image":[{"width":1164,"height":776,"url":"https:\/\/casadecampoliving.com\/wp-content\/uploads\/2025\/02\/Michael-Sinatra.webp","type":"image\/webp"}],"author":"Casa de Campo Living","twitter_card":"summary_large_image","twitter_creator":"@cdcliving","twitter_site":"@cdcliving","twitter_misc":{"Escrito por":"Casa de Campo Living","Tiempo de lectura":"3 minutos"},"schema":{"@context":"https:\/\/schema.org","@graph":[{"@type":"Article","@id":"https:\/\/casadecampoliving.com\/es\/entradas-ya-disponibles-para-el-tributo-a-sinatra-en-casa-de-campo\/#article","isPartOf":{"@id":"https:\/\/casadecampoliving.com\/es\/entradas-ya-disponibles-para-el-tributo-a-sinatra-en-casa-de-campo\/"},"author":{"name":"Casa de Campo Living","@id":"https:\/\/casadecampoliving.com\/es\/#\/schema\/person\/5d2171637a9d11e0e43ce6b8555f9422"},"headline":"Entradas Ya Disponibles para el Tributo a Sinatra en Casa de Campo","datePublished":"2025-02-03T16:30:31+00:00","dateModified":"2025-02-04T22:21:01+00:00","mainEntityOfPage":{"@id":"https:\/\/casadecampoliving.com\/es\/entradas-ya-disponibles-para-el-tributo-a-sinatra-en-casa-de-campo\/"},"wordCount":481,"publisher":{"@id":"https:\/\/casadecampoliving.com\/es\/#organization"},"image":{"@id":"https:\/\/casadecampoliving.com\/es\/entradas-ya-disponibles-para-el-tributo-a-sinatra-en-casa-de-campo\/#primaryimage"},"thumbnailUrl":"https:\/\/i0.wp.com\/casadecampoliving.com\/wp-content\/uploads\/2025\/02\/Michael-Sinatra.webp?fit=1164%2C776&ssl=1","keywords":["concert","Proximamente"],"articleSection":["Altos de Chav\u00f3n","Conciertos","Eventos","Proximamente","Video"],"inLanguage":"es"},{"@type":"WebPage","@id":"https:\/\/casadecampoliving.com\/es\/entradas-ya-disponibles-para-el-tributo-a-sinatra-en-casa-de-campo\/","url":"https:\/\/casadecampoliving.com\/es\/entradas-ya-disponibles-para-el-tributo-a-sinatra-en-casa-de-campo\/","name":"Entradas Ya Disponibles para el Tributo a Sinatra en Casa de Campo | Casa de Campo Living","isPartOf":{"@id":"https:\/\/casadecampoliving.com\/es\/#website"},"primaryImageOfPage":{"@id":"https:\/\/casadecampoliving.com\/es\/entradas-ya-disponibles-para-el-tributo-a-sinatra-en-casa-de-campo\/#primaryimage"},"image":{"@id":"https:\/\/casadecampoliving.com\/es\/entradas-ya-disponibles-para-el-tributo-a-sinatra-en-casa-de-campo\/#primaryimage"},"thumbnailUrl":"https:\/\/i0.wp.com\/casadecampoliving.com\/wp-content\/uploads\/2025\/02\/Michael-Sinatra.webp?fit=1164%2C776&ssl=1","datePublished":"2025-02-03T16:30:31+00:00","dateModified":"2025-02-04T22:21:01+00:00","description":"Las entradas ya est\u00e1n a la venta para la esperada recreaci\u00f3n del legendario Concert of the Americas de Frank Sinatra, en celebraci\u00f3n del 50.\u00ba aniversario","breadcrumb":{"@id":"https:\/\/casadecampoliving.com\/es\/entradas-ya-disponibles-para-el-tributo-a-sinatra-en-casa-de-campo\/#breadcrumb"},"inLanguage":"es","potentialAction":[{"@type":"ReadAction","target":["https:\/\/casadecampoliving.com\/es\/entradas-ya-disponibles-para-el-tributo-a-sinatra-en-casa-de-campo\/"]}]},{"@type":"ImageObject","inLanguage":"es","@id":"https:\/\/casadecampoliving.com\/es\/entradas-ya-disponibles-para-el-tributo-a-sinatra-en-casa-de-campo\/#primaryimage","url":"https:\/\/i0.wp.com\/casadecampoliving.com\/wp-content\/uploads\/2025\/02\/Michael-Sinatra.webp?fit=1164%2C776&ssl=1","contentUrl":"https:\/\/i0.wp.com\/casadecampoliving.com\/wp-content\/uploads\/2025\/02\/Michael-Sinatra.webp?fit=1164%2C776&ssl=1","width":1164,"height":776,"caption":"Photo:"},{"@type":"BreadcrumbList","@id":"https:\/\/casadecampoliving.com\/es\/entradas-ya-disponibles-para-el-tributo-a-sinatra-en-casa-de-campo\/#breadcrumb","itemListElement":[{"@type":"ListItem","position":1,"name":"Home","item":"https:\/\/casadecampoliving.com\/es\/"},{"@type":"ListItem","position":2,"name":"Entradas Ya Disponibles para el Tributo a Sinatra en Casa de Campo"}]},{"@type":"WebSite","@id":"https:\/\/casadecampoliving.com\/es\/#website","url":"https:\/\/casadecampoliving.com\/es\/","name":"Casa de Campo Living","description":"Resort community news and resources.","publisher":{"@id":"https:\/\/casadecampoliving.com\/es\/#organization"},"potentialAction":[{"@type":"SearchAction","target":{"@type":"EntryPoint","urlTemplate":"https:\/\/casadecampoliving.com\/es\/?s={search_term_string}"},"query-input":{"@type":"PropertyValueSpecification","valueRequired":true,"valueName":"search_term_string"}}],"inLanguage":"es"},{"@type":"Organization","@id":"https:\/\/casadecampoliving.com\/es\/#organization","name":"Casa de Campo Living","url":"https:\/\/casadecampoliving.com\/es\/","logo":{"@type":"ImageObject","inLanguage":"es","@id":"https:\/\/casadecampoliving.com\/es\/#\/schema\/logo\/image\/","url":"https:\/\/i0.wp.com\/casadecampoliving.com\/wp-content\/uploads\/2022\/07\/CDCLivingLogo_V1-white-sized.png?fit=800%2C214&ssl=1","contentUrl":"https:\/\/i0.wp.com\/casadecampoliving.com\/wp-content\/uploads\/2022\/07\/CDCLivingLogo_V1-white-sized.png?fit=800%2C214&ssl=1","width":800,"height":214,"caption":"Casa de Campo Living"},"image":{"@id":"https:\/\/casadecampoliving.com\/es\/#\/schema\/logo\/image\/"},"sameAs":["https:\/\/www.facebook.com\/casadecampoliving","https:\/\/x.com\/cdcliving"]},{"@type":"Person","@id":"https:\/\/casadecampoliving.com\/es\/#\/schema\/person\/5d2171637a9d11e0e43ce6b8555f9422","name":"Casa de Campo Living","image":{"@type":"ImageObject","inLanguage":"es","@id":"https:\/\/secure.gravatar.com\/avatar\/d04101fa4a9fd431e939953b1500fdc7a73cd35029f86d98712fd8ccdaebaf9a?s=96&d=mm&r=g","url":"https:\/\/secure.gravatar.com\/avatar\/d04101fa4a9fd431e939953b1500fdc7a73cd35029f86d98712fd8ccdaebaf9a?s=96&d=mm&r=g","contentUrl":"https:\/\/secure.gravatar.com\/avatar\/d04101fa4a9fd431e939953b1500fdc7a73cd35029f86d98712fd8ccdaebaf9a?s=96&d=mm&r=g","caption":"Casa de Campo Living"},"url":"https:\/\/casadecampoliving.com\/es\/author\/casa-de-campo-living\/"}]}},"parsely":{"version":"1.1.0","canonical_url":"https:\/\/casadecampoliving.com\/es\/entradas-ya-disponibles-para-el-tributo-a-sinatra-en-casa-de-campo\/","smart_links":{"inbound":0,"outbound":0},"traffic_boost_suggestions_count":0,"meta":{"@context":"https:\/\/schema.org","@type":"NewsArticle","headline":"Entradas Ya Disponibles para el Tributo a Sinatra en Casa de Campo","url":"http:\/\/casadecampoliving.com\/es\/entradas-ya-disponibles-para-el-tributo-a-sinatra-en-casa-de-campo\/","mainEntityOfPage":{"@type":"WebPage","@id":"http:\/\/casadecampoliving.com\/es\/entradas-ya-disponibles-para-el-tributo-a-sinatra-en-casa-de-campo\/"},"thumbnailUrl":"https:\/\/i0.wp.com\/casadecampoliving.com\/wp-content\/uploads\/2025\/02\/Michael-Sinatra.webp?resize=150%2C150&ssl=1","image":{"@type":"ImageObject","url":"https:\/\/i0.wp.com\/casadecampoliving.com\/wp-content\/uploads\/2025\/02\/Michael-Sinatra.webp?fit=1164%2C776&ssl=1"},"articleSection":"Altos de Chav\u00f3n","author":[{"@type":"Person","name":"Casa de Campo Living"}],"creator":["Casa de Campo Living"],"publisher":{"@type":"Organization","name":"Casa de Campo Living","logo":"https:\/\/casadecampoliving.com\/wp-content\/uploads\/2022\/07\/CDCLivingLogo_V1-white-sized.png"},"keywords":["concert","proximamente"],"dateCreated":"2025-02-03T16:30:31Z","datePublished":"2025-02-03T16:30:31Z","dateModified":"2025-02-04T22:21:01Z"},"rendered":"<script type=\"application\/ld+json\" class=\"wp-parsely-metadata\">{\"@context\":\"https:\\\/\\\/schema.org\",\"@type\":\"NewsArticle\",\"headline\":\"Entradas Ya Disponibles para el Tributo a Sinatra en Casa de Campo\",\"url\":\"http:\\\/\\\/casadecampoliving.com\\\/es\\\/entradas-ya-disponibles-para-el-tributo-a-sinatra-en-casa-de-campo\\\/\",\"mainEntityOfPage\":{\"@type\":\"WebPage\",\"@id\":\"http:\\\/\\\/casadecampoliving.com\\\/es\\\/entradas-ya-disponibles-para-el-tributo-a-sinatra-en-casa-de-campo\\\/\"},\"thumbnailUrl\":\"https:\\\/\\\/i0.wp.com\\\/casadecampoliving.com\\\/wp-content\\\/uploads\\\/2025\\\/02\\\/Michael-Sinatra.webp?resize=150%2C150&ssl=1\",\"image\":{\"@type\":\"ImageObject\",\"url\":\"https:\\\/\\\/i0.wp.com\\\/casadecampoliving.com\\\/wp-content\\\/uploads\\\/2025\\\/02\\\/Michael-Sinatra.webp?fit=1164%2C776&ssl=1\"},\"articleSection\":\"Altos de Chav\\u00f3n\",\"author\":[{\"@type\":\"Person\",\"name\":\"Casa de Campo Living\"}],\"creator\":[\"Casa de Campo Living\"],\"publisher\":{\"@type\":\"Organization\",\"name\":\"Casa de Campo Living\",\"logo\":\"https:\\\/\\\/casadecampoliving.com\\\/wp-content\\\/uploads\\\/2022\\\/07\\\/CDCLivingLogo_V1-white-sized.png\"},\"keywords\":[\"concert\",\"proximamente\"],\"dateCreated\":\"2025-02-03T16:30:31Z\",\"datePublished\":\"2025-02-03T16:30:31Z\",\"dateModified\":\"2025-02-04T22:21:01Z\"}<\/script>","tracker_url":"https:\/\/cdn.parsely.com\/keys\/casadecampoliving.com\/p.js"},"jetpack_publicize_connections":[],"jetpack_featured_media_url":"https:\/\/i0.wp.com\/casadecampoliving.com\/wp-content\/uploads\/2025\/02\/Michael-Sinatra.webp?fit=1164%2C776&ssl=1","jetpack-related-posts":[{"id":433460,"url":"https:\/\/casadecampoliving.com\/es\/no-se-pierdan-el-increible-tributo-a-frank-sinatra-para-celebrar-el-40-aniversario-del-anfiteatro-altos-de-chavon\/","url_meta":{"origin":537050,"position":0},"title":"No se pierdan el incre\u00edble tributo a Frank Sinatra para celebrar el 40 aniversario del\u00a0Anfiteatro Altos de Chav\u00f3n","author":"Casa de Campo Living","date":"20 Oct, 2022","format":false,"excerpt":"Siendo uno de los escenarios m\u00e1s emblem\u00e1ticos del pa\u00eds, Casa de Campo Resort\u00ae & Villas celebra las cuatro d\u00e9cadas de aniversario de Altos de Chav\u00f3n con un tributo al gran Frank Sinatra, protagonizado por artistas invitados y una big band tal cual la que acompa\u00f1\u00f3 al artista hace 40 a\u00f1os\u2026","rel":"","context":"En \u00abUncategorized @es\u00bb","block_context":{"text":"Uncategorized @es","link":"https:\/\/casadecampoliving.com\/es\/category\/uncategorized-es\/"},"img":{"alt_text":"","src":"https:\/\/i0.wp.com\/casadecampoliving.com\/wp-content\/uploads\/2022\/10\/Tributo-Frank-Sinatra-Foto-Principal-Amaury-Sanchez-Danilo-Ginebra-Andres-Pichardo-y-Jose-Gabriel-Perez-.jpg?fit=1200%2C873&ssl=1&resize=350%2C200","width":350,"height":200,"srcset":"https:\/\/i0.wp.com\/casadecampoliving.com\/wp-content\/uploads\/2022\/10\/Tributo-Frank-Sinatra-Foto-Principal-Amaury-Sanchez-Danilo-Ginebra-Andres-Pichardo-y-Jose-Gabriel-Perez-.jpg?fit=1200%2C873&ssl=1&resize=350%2C200 1x, https:\/\/i0.wp.com\/casadecampoliving.com\/wp-content\/uploads\/2022\/10\/Tributo-Frank-Sinatra-Foto-Principal-Amaury-Sanchez-Danilo-Ginebra-Andres-Pichardo-y-Jose-Gabriel-Perez-.jpg?fit=1200%2C873&ssl=1&resize=525%2C300 1.5x, https:\/\/i0.wp.com\/casadecampoliving.com\/wp-content\/uploads\/2022\/10\/Tributo-Frank-Sinatra-Foto-Principal-Amaury-Sanchez-Danilo-Ginebra-Andres-Pichardo-y-Jose-Gabriel-Perez-.jpg?fit=1200%2C873&ssl=1&resize=700%2C400 2x, https:\/\/i0.wp.com\/casadecampoliving.com\/wp-content\/uploads\/2022\/10\/Tributo-Frank-Sinatra-Foto-Principal-Amaury-Sanchez-Danilo-Ginebra-Andres-Pichardo-y-Jose-Gabriel-Perez-.jpg?fit=1200%2C873&ssl=1&resize=1050%2C600 3x"},"classes":[]},{"id":538773,"url":"https:\/\/casadecampoliving.com\/es\/michael-martocci-rinde-tributo-a-frank-sinatra-en-altos-de-chavon\/","url_meta":{"origin":537050,"position":1},"title":"Michael Martocci rinde tributo a Frank Sinatra en Altos de Chav\u00f3n","author":"Mairobi Herrera","date":"11 Mar, 2025","format":false,"excerpt":"El primero de marzo, en el emblem\u00e1tico anfiteatro Altos de Chav\u00f3n, se rindi\u00f3 homenaje a una de las figuras m\u00e1s grandes de la m\u00fasica mundial: Frank Sinatra. A trav\u00e9s de la imponente voz de Michael Martocci, un legendario cantante de Nueva York, el p\u00fablico presente vivi\u00f3 una noche m\u00e1gica llena\u2026","rel":"","context":"En \u00abAltos de Chav\u00f3n\u00bb","block_context":{"text":"Altos de Chav\u00f3n","link":"https:\/\/casadecampoliving.com\/es\/category\/altos-de-chavon-6\/"},"img":{"alt_text":"","src":"https:\/\/i0.wp.com\/casadecampoliving.com\/wp-content\/uploads\/2025\/03\/FN3A1646.jpg?fit=1200%2C800&ssl=1&resize=350%2C200","width":350,"height":200,"srcset":"https:\/\/i0.wp.com\/casadecampoliving.com\/wp-content\/uploads\/2025\/03\/FN3A1646.jpg?fit=1200%2C800&ssl=1&resize=350%2C200 1x, https:\/\/i0.wp.com\/casadecampoliving.com\/wp-content\/uploads\/2025\/03\/FN3A1646.jpg?fit=1200%2C800&ssl=1&resize=525%2C300 1.5x, https:\/\/i0.wp.com\/casadecampoliving.com\/wp-content\/uploads\/2025\/03\/FN3A1646.jpg?fit=1200%2C800&ssl=1&resize=700%2C400 2x, https:\/\/i0.wp.com\/casadecampoliving.com\/wp-content\/uploads\/2025\/03\/FN3A1646.jpg?fit=1200%2C800&ssl=1&resize=1050%2C600 3x"},"classes":[]},{"id":536286,"url":"https:\/\/casadecampoliving.com\/es\/reserve-la-fecha-un-tributo-inolvidable-a-frank-sinatra-en-altos-de-chavon\/","url_meta":{"origin":537050,"position":2},"title":"\u00a1Reserve la fecha! Un Tributo Inolvidable a Frank Sinatra en Altos de Chav\u00f3n","author":"Mairobi Herrera","date":"15 Ene, 2025","format":false,"excerpt":"\u00a1No se pierda una noche \u00fanica llena de m\u00fasica, historia y nostalgia! Michael Martocci y su orquesta de 22 m\u00fasicos traer\u00e1n a la vida el ic\u00f3nico Concierto de las Am\u00e9ricas de Frank Sinatra de 1982, en el mismo escenario donde el legendario artista se present\u00f3. Se recuerda que el 20\u2026","rel":"","context":"En \u00abConciertos\u00bb","block_context":{"text":"Conciertos","link":"https:\/\/casadecampoliving.com\/es\/category\/conciertos-es\/"},"img":{"alt_text":"","src":"https:\/\/i0.wp.com\/casadecampoliving.com\/wp-content\/uploads\/2025\/01\/unnamed.jpg?fit=900%2C862&ssl=1&resize=350%2C200","width":350,"height":200,"srcset":"https:\/\/i0.wp.com\/casadecampoliving.com\/wp-content\/uploads\/2025\/01\/unnamed.jpg?fit=900%2C862&ssl=1&resize=350%2C200 1x, https:\/\/i0.wp.com\/casadecampoliving.com\/wp-content\/uploads\/2025\/01\/unnamed.jpg?fit=900%2C862&ssl=1&resize=525%2C300 1.5x, https:\/\/i0.wp.com\/casadecampoliving.com\/wp-content\/uploads\/2025\/01\/unnamed.jpg?fit=900%2C862&ssl=1&resize=700%2C400 2x"},"classes":[]},{"id":502284,"url":"https:\/\/casadecampoliving.com\/es\/tributo-a-sinatra-celebrando-40-anos-de-musica-del-anfiteatro-altos-de-chavon\/","url_meta":{"origin":537050,"position":3},"title":"Tributo a Sinatra: Celebrando 40 a\u00f1os de m\u00fasica del Anfiteatro Altos de Chav\u00f3n","author":"Casa de Campo Living","date":"25 Oct, 2022","format":false,"excerpt":"Como parte del programa de celebraci\u00f3n de los 40 a\u00f1os del anfiteatro de Altos de Chav\u00f3n, el s\u00e1bado 23 de octubre se llev\u00f3 a cabo un Tributo a Frank Sinatra que rememor\u00f3 la apertura del anfiteatro protagonizada, en ese entonces, por dicho artista \u00a1y que tambi\u00e9n incluy\u00f3 el mismo piano\u2026","rel":"","context":"En \u00abConciertos\u00bb","block_context":{"text":"Conciertos","link":"https:\/\/casadecampoliving.com\/es\/category\/conciertos-es\/"},"img":{"alt_text":"","src":"https:\/\/i0.wp.com\/casadecampoliving.com\/wp-content\/uploads\/2022\/10\/EJ4B8224.jpg?fit=1200%2C800&ssl=1&resize=350%2C200","width":350,"height":200,"srcset":"https:\/\/i0.wp.com\/casadecampoliving.com\/wp-content\/uploads\/2022\/10\/EJ4B8224.jpg?fit=1200%2C800&ssl=1&resize=350%2C200 1x, https:\/\/i0.wp.com\/casadecampoliving.com\/wp-content\/uploads\/2022\/10\/EJ4B8224.jpg?fit=1200%2C800&ssl=1&resize=525%2C300 1.5x, https:\/\/i0.wp.com\/casadecampoliving.com\/wp-content\/uploads\/2022\/10\/EJ4B8224.jpg?fit=1200%2C800&ssl=1&resize=700%2C400 2x, https:\/\/i0.wp.com\/casadecampoliving.com\/wp-content\/uploads\/2022\/10\/EJ4B8224.jpg?fit=1200%2C800&ssl=1&resize=1050%2C600 3x"},"classes":[]},{"id":538843,"url":"https:\/\/casadecampoliving.com\/michael-martocci-pays-tribute-to-frank-sinatra-at-altos-de-chavon\/","url_meta":{"origin":537050,"position":4},"title":"Michael Martocci Pays Tribute to Frank Sinatra at Altos de Chav\u00f3n","author":"Mairobi Herrera","date":"11 Mar, 2025","format":false,"excerpt":"On March 1, 2025, the iconic Altos de Chav\u00f3n amphitheater hosted a tribute to one of the greatest figures in world music: Frank Sinatra. With the powerful voice of Michael Martocci, a legendary New York singer, the audience experienced a magical night filled with nostalgia, rhythm, and emotion. In addition\u2026","rel":"","context":"En \u00abAltos de Chav\u00f3n\u00bb","block_context":{"text":"Altos de Chav\u00f3n","link":"https:\/\/casadecampoliving.com\/category\/altos-de-chavon-6-2\/"},"img":{"alt_text":"","src":"https:\/\/i0.wp.com\/casadecampoliving.com\/wp-content\/uploads\/2025\/03\/FN3A1646.jpg?fit=1200%2C800&ssl=1&resize=350%2C200","width":350,"height":200,"srcset":"https:\/\/i0.wp.com\/casadecampoliving.com\/wp-content\/uploads\/2025\/03\/FN3A1646.jpg?fit=1200%2C800&ssl=1&resize=350%2C200 1x, https:\/\/i0.wp.com\/casadecampoliving.com\/wp-content\/uploads\/2025\/03\/FN3A1646.jpg?fit=1200%2C800&ssl=1&resize=525%2C300 1.5x, https:\/\/i0.wp.com\/casadecampoliving.com\/wp-content\/uploads\/2025\/03\/FN3A1646.jpg?fit=1200%2C800&ssl=1&resize=700%2C400 2x, https:\/\/i0.wp.com\/casadecampoliving.com\/wp-content\/uploads\/2025\/03\/FN3A1646.jpg?fit=1200%2C800&ssl=1&resize=1050%2C600 3x"},"classes":[]},{"id":536998,"url":"https:\/\/casadecampoliving.com\/tickets-now-available-for-sinatra-tribute-at-casa-de-campo\/","url_meta":{"origin":537050,"position":5},"title":"Tickets Now Available for Sinatra Tribute at Casa de Campo","author":"Casa de Campo Living","date":"3 Feb, 2025","format":false,"excerpt":"Tickets are now available for the highly anticipated recreation of Frank Sinatra\u2019s legendary HBO Concert of the Americas, celebrating the 50th anniversary of Casa de Campo Resort & Villas. The event, set for March 1, 2025, will feature Michael Martocci, a world-renowned Frank Sinatra tribute artist, at the Altos de\u2026","rel":"","context":"En \u00abAltos de Chav\u00f3n\u00bb","block_context":{"text":"Altos de Chav\u00f3n","link":"https:\/\/casadecampoliving.com\/category\/altos-de-chavon-6-2\/"},"img":{"alt_text":"","src":"https:\/\/i0.wp.com\/casadecampoliving.com\/wp-content\/uploads\/2025\/02\/Michael-Sinatra.webp?fit=1164%2C776&ssl=1&resize=350%2C200","width":350,"height":200,"srcset":"https:\/\/i0.wp.com\/casadecampoliving.com\/wp-content\/uploads\/2025\/02\/Michael-Sinatra.webp?fit=1164%2C776&ssl=1&resize=350%2C200 1x, https:\/\/i0.wp.com\/casadecampoliving.com\/wp-content\/uploads\/2025\/02\/Michael-Sinatra.webp?fit=1164%2C776&ssl=1&resize=525%2C300 1.5x, https:\/\/i0.wp.com\/casadecampoliving.com\/wp-content\/uploads\/2025\/02\/Michael-Sinatra.webp?fit=1164%2C776&ssl=1&resize=700%2C400 2x, https:\/\/i0.wp.com\/casadecampoliving.com\/wp-content\/uploads\/2025\/02\/Michael-Sinatra.webp?fit=1164%2C776&ssl=1&resize=1050%2C600 3x"},"classes":[]}],"jetpack_sharing_enabled":true,"_links":{"self":[{"href":"https:\/\/casadecampoliving.com\/es\/wp-json\/wp\/v2\/posts\/537050","targetHints":{"allow":["GET"]}}],"collection":[{"href":"https:\/\/casadecampoliving.com\/es\/wp-json\/wp\/v2\/posts"}],"about":[{"href":"https:\/\/casadecampoliving.com\/es\/wp-json\/wp\/v2\/types\/post"}],"author":[{"embeddable":true,"href":"https:\/\/casadecampoliving.com\/es\/wp-json\/wp\/v2\/users\/36791"}],"replies":[{"embeddable":true,"href":"https:\/\/casadecampoliving.com\/es\/wp-json\/wp\/v2\/comments?post=537050"}],"version-history":[{"count":2,"href":"https:\/\/casadecampoliving.com\/es\/wp-json\/wp\/v2\/posts\/537050\/revisions"}],"predecessor-version":[{"id":537052,"href":"https:\/\/casadecampoliving.com\/es\/wp-json\/wp\/v2\/posts\/537050\/revisions\/537052"}],"wp:featuredmedia":[{"embeddable":true,"href":"https:\/\/casadecampoliving.com\/es\/wp-json\/wp\/v2\/media\/537047"}],"wp:attachment":[{"href":"https:\/\/casadecampoliving.com\/es\/wp-json\/wp\/v2\/media?parent=537050"}],"wp:term":[{"taxonomy":"category","embeddable":true,"href":"https:\/\/casadecampoliving.com\/es\/wp-json\/wp\/v2\/categories?post=537050"},{"taxonomy":"post_tag","embeddable":true,"href":"https:\/\/casadecampoliving.com\/es\/wp-json\/wp\/v2\/tags?post=537050"},{"taxonomy":"newspack_spnsrs_tax","embeddable":true,"href":"https:\/\/casadecampoliving.com\/es\/wp-json\/wp\/v2\/newspack_spnsrs_tax?post=537050"}],"curies":[{"name":"wp","href":"https:\/\/api.w.org\/{rel}","templated":true}]}}