{"id":535264,"date":"2024-12-06T11:37:38","date_gmt":"2024-12-06T15:37:38","guid":{"rendered":"https:\/\/casadecampoliving.com\/?p=535264"},"modified":"2024-12-06T11:37:41","modified_gmt":"2024-12-06T15:37:41","slug":"playa-minitas-obtiene-nuevamente-certificacion-bandera-azul","status":"publish","type":"post","link":"https:\/\/casadecampoliving.com\/es\/playa-minitas-obtiene-nuevamente-certificacion-bandera-azul\/","title":{"rendered":"Playa Minitas obtiene nuevamente certificaci\u00f3n Bandera Azul"},"content":{"rendered":"\n<p>El programa internacional de reconocimiento de playas y marinas Bandera Azul, galardon\u00f3 a Playa Minitas de Casa de Campo junto a otros siete segmentos certificados en el destino La Romana.&nbsp;<\/p>\n\n\n\n<p>El programa coordinado a nivel internacional por la Fundaci\u00f3n para la Educaci\u00f3n Ambiental (FEE) y en el pa\u00eds por el Instituto de Derecho Ambiental de&nbsp; Rep\u00fablica Dominicana (IDARD) puso en valor&nbsp; los altos est\u00e1ndares de calidad de estas playas para crear las condiciones necesarias en el desarrollo de un manejo sostenible e integral, as\u00ed como establecer programas de educaci\u00f3n ambiental con visitantes y comunidades que permiten crear conciencia en la preservaci\u00f3n y conservaci\u00f3n de los espacios costero-marinos.<\/p>\n\n\n\n<figure class=\"wp-block-image size-large\"><img data-recalc-dims=\"1\" loading=\"lazy\" decoding=\"async\" width=\"1024\" height=\"683\" data-attachment-id=\"535267\" data-permalink=\"https:\/\/casadecampoliving.com\/es\/playa-minitas-obtiene-nuevamente-certificacion-bandera-azul\/fn3a8507\/\" data-orig-file=\"https:\/\/i0.wp.com\/casadecampoliving.com\/wp-content\/uploads\/2024\/12\/FN3A8507-scaled.jpg?fit=2560%2C1706&amp;ssl=1\" data-orig-size=\"2560,1706\" data-comments-opened=\"0\" data-image-meta=\"{&quot;aperture&quot;:&quot;0&quot;,&quot;credit&quot;:&quot;MairobiHerrera&quot;,&quot;camera&quot;:&quot;&quot;,&quot;caption&quot;:&quot;&quot;,&quot;created_timestamp&quot;:&quot;0&quot;,&quot;copyright&quot;:&quot;&quot;,&quot;focal_length&quot;:&quot;0&quot;,&quot;iso&quot;:&quot;0&quot;,&quot;shutter_speed&quot;:&quot;0&quot;,&quot;title&quot;:&quot;&quot;,&quot;orientation&quot;:&quot;0&quot;}\" data-image-title=\"FN3A8507\" data-image-description=\"\" data-image-caption=\"\" data-large-file=\"https:\/\/i0.wp.com\/casadecampoliving.com\/wp-content\/uploads\/2024\/12\/FN3A8507-scaled.jpg?fit=1024%2C683&amp;ssl=1\" src=\"https:\/\/i0.wp.com\/casadecampoliving.com\/wp-content\/uploads\/2024\/12\/FN3A8507.jpg?resize=1024%2C683&#038;ssl=1\" alt=\"\" class=\"wp-image-535267\" srcset=\"https:\/\/i0.wp.com\/casadecampoliving.com\/wp-content\/uploads\/2024\/12\/FN3A8507-scaled.jpg?resize=1024%2C683&amp;ssl=1 1024w, https:\/\/i0.wp.com\/casadecampoliving.com\/wp-content\/uploads\/2024\/12\/FN3A8507-scaled.jpg?resize=300%2C200&amp;ssl=1 300w, https:\/\/i0.wp.com\/casadecampoliving.com\/wp-content\/uploads\/2024\/12\/FN3A8507-scaled.jpg?resize=768%2C512&amp;ssl=1 768w, https:\/\/i0.wp.com\/casadecampoliving.com\/wp-content\/uploads\/2024\/12\/FN3A8507-scaled.jpg?resize=1536%2C1024&amp;ssl=1 1536w, https:\/\/i0.wp.com\/casadecampoliving.com\/wp-content\/uploads\/2024\/12\/FN3A8507-scaled.jpg?resize=2048%2C1365&amp;ssl=1 2048w, https:\/\/i0.wp.com\/casadecampoliving.com\/wp-content\/uploads\/2024\/12\/FN3A8507-scaled.jpg?resize=1200%2C800&amp;ssl=1 1200w, https:\/\/i0.wp.com\/casadecampoliving.com\/wp-content\/uploads\/2024\/12\/FN3A8507-scaled.jpg?resize=1568%2C1045&amp;ssl=1 1568w, https:\/\/i0.wp.com\/casadecampoliving.com\/wp-content\/uploads\/2024\/12\/FN3A8507-scaled.jpg?resize=2000%2C1333&amp;ssl=1 2000w, https:\/\/i0.wp.com\/casadecampoliving.com\/wp-content\/uploads\/2024\/12\/FN3A8507-scaled.jpg?resize=400%2C267&amp;ssl=1 400w, https:\/\/i0.wp.com\/casadecampoliving.com\/wp-content\/uploads\/2024\/12\/FN3A8507-scaled.jpg?resize=1320%2C880&amp;ssl=1 1320w, https:\/\/i0.wp.com\/casadecampoliving.com\/wp-content\/uploads\/2024\/12\/FN3A8507-scaled.jpg?resize=150%2C100&amp;ssl=1 150w, https:\/\/i0.wp.com\/casadecampoliving.com\/wp-content\/uploads\/2024\/12\/FN3A8507-1024x683.jpg?w=370&amp;ssl=1 370w\" sizes=\"auto, (max-width: 1000px) 100vw, 1000px\" \/><\/figure>\n\n\n\n<p>Miguel Abreu, Gerente Residente de Casa de Campo Resort and Villas, explic\u00f3 que el complejo se siente orgulloso de obtener nuevamente la certificaci\u00f3n Bandera Azul, y record\u00f3 que playa Minitas fue la primera en obtener este galard\u00f3n en el pa\u00eds. Agradeci\u00f3 al equipo de Casa de Campo por su esfuerzo en mantener los est\u00e1ndares de calidad y las buenas pr\u00e1cticas para que la playa sea un referente en el Caribe.<\/p>\n\n\n<div class=\"wp-block-image\">\n<figure class=\"alignright size-large\"><img data-recalc-dims=\"1\" loading=\"lazy\" decoding=\"async\" width=\"683\" height=\"1024\" data-attachment-id=\"535269\" data-permalink=\"https:\/\/casadecampoliving.com\/es\/playa-minitas-obtiene-nuevamente-certificacion-bandera-azul\/fn3a8473\/\" data-orig-file=\"https:\/\/i0.wp.com\/casadecampoliving.com\/wp-content\/uploads\/2024\/12\/FN3A8473-scaled.jpg?fit=1706%2C2560&amp;ssl=1\" data-orig-size=\"1706,2560\" data-comments-opened=\"0\" data-image-meta=\"{&quot;aperture&quot;:&quot;0&quot;,&quot;credit&quot;:&quot;MairobiHerrera&quot;,&quot;camera&quot;:&quot;&quot;,&quot;caption&quot;:&quot;&quot;,&quot;created_timestamp&quot;:&quot;0&quot;,&quot;copyright&quot;:&quot;&quot;,&quot;focal_length&quot;:&quot;0&quot;,&quot;iso&quot;:&quot;0&quot;,&quot;shutter_speed&quot;:&quot;0&quot;,&quot;title&quot;:&quot;&quot;,&quot;orientation&quot;:&quot;0&quot;}\" data-image-title=\"FN3A8473\" data-image-description=\"\" data-image-caption=\"\" data-large-file=\"https:\/\/i0.wp.com\/casadecampoliving.com\/wp-content\/uploads\/2024\/12\/FN3A8473-scaled.jpg?fit=683%2C1024&amp;ssl=1\" src=\"https:\/\/i0.wp.com\/casadecampoliving.com\/wp-content\/uploads\/2024\/12\/FN3A8473.jpg?resize=683%2C1024&#038;ssl=1\" alt=\"\" class=\"wp-image-535269\" srcset=\"https:\/\/i0.wp.com\/casadecampoliving.com\/wp-content\/uploads\/2024\/12\/FN3A8473-scaled.jpg?resize=683%2C1024&amp;ssl=1 683w, https:\/\/i0.wp.com\/casadecampoliving.com\/wp-content\/uploads\/2024\/12\/FN3A8473-scaled.jpg?resize=200%2C300&amp;ssl=1 200w, https:\/\/i0.wp.com\/casadecampoliving.com\/wp-content\/uploads\/2024\/12\/FN3A8473-scaled.jpg?resize=768%2C1152&amp;ssl=1 768w, https:\/\/i0.wp.com\/casadecampoliving.com\/wp-content\/uploads\/2024\/12\/FN3A8473-scaled.jpg?resize=1024%2C1536&amp;ssl=1 1024w, https:\/\/i0.wp.com\/casadecampoliving.com\/wp-content\/uploads\/2024\/12\/FN3A8473-scaled.jpg?resize=1365%2C2048&amp;ssl=1 1365w, https:\/\/i0.wp.com\/casadecampoliving.com\/wp-content\/uploads\/2024\/12\/FN3A8473-scaled.jpg?resize=1200%2C1800&amp;ssl=1 1200w, https:\/\/i0.wp.com\/casadecampoliving.com\/wp-content\/uploads\/2024\/12\/FN3A8473-scaled.jpg?resize=1568%2C2352&amp;ssl=1 1568w, https:\/\/i0.wp.com\/casadecampoliving.com\/wp-content\/uploads\/2024\/12\/FN3A8473-scaled.jpg?resize=2000%2C3000&amp;ssl=1 2000w, https:\/\/i0.wp.com\/casadecampoliving.com\/wp-content\/uploads\/2024\/12\/FN3A8473-scaled.jpg?resize=400%2C600&amp;ssl=1 400w, https:\/\/i0.wp.com\/casadecampoliving.com\/wp-content\/uploads\/2024\/12\/FN3A8473-scaled.jpg?resize=1320%2C1980&amp;ssl=1 1320w, https:\/\/i0.wp.com\/casadecampoliving.com\/wp-content\/uploads\/2024\/12\/FN3A8473-scaled.jpg?resize=150%2C225&amp;ssl=1 150w, https:\/\/i0.wp.com\/casadecampoliving.com\/wp-content\/uploads\/2024\/12\/FN3A8473-scaled.jpg?w=1706&amp;ssl=1 1706w, https:\/\/i0.wp.com\/casadecampoliving.com\/wp-content\/uploads\/2024\/12\/FN3A8473-683x1024.jpg?w=370&amp;ssl=1 370w\" sizes=\"auto, (max-width: 683px) 100vw, 683px\" \/><\/figure>\n<\/div>\n\n\n<p>El destino tur\u00edstico de La Romana ha vuelto a destacarse a nivel internacional al obtener, por s\u00e9ptimo a\u00f1o consecutivo, la certificaci\u00f3n Bandera Azul para siete de sus playas, siendo el polo tur\u00edstico del pa\u00eds&nbsp; con m\u00e1s certificaciones: la playa Bayahibe, en el segmento operado por Hilton La Romana, Dominicus: playa La Laguna, en los segmentos operados por: Viva Dominicus Beach &amp; Palace by Wyndham, Iberostar Selection Hacienda Dominicus, Catalonia Bayahibe &amp; Royal La Romana, Dreams Dominicus La Romana y Sunscape Dominicus La Romana, y playa Minitas, en La Romana, operada por Casa de Campo Resort &amp; Villas.<\/p>\n\n\n\n<p>\u201cEste galard\u00f3n representa los m\u00e1s exigentes est\u00e1ndares de calidad ambiental ya que cada segmento participante del programa cumple con una serie de criterios de gesti\u00f3n responsable, calidad de agua, educaci\u00f3n ambiental, seguridad, servicios y accesibilidad\u201d, se\u00f1al\u00f3 Andr\u00e9s Fern\u00e1ndez, presidente de la Asociaci\u00f3n de Hoteles La Romana-Bayahibe durante el acto de izamiento oficial del destino, que se realiz\u00f3 en el Hotel Casa de Campo Resorts &amp; Villas y en el que se entregaron banderas y reconocimientos Bandera Azul, que acreditan el segmento de cada operador como playa limpia, segura y accesible para el periodo 2024-2025.<\/p>\n\n\n\n<figure class=\"wp-block-image size-large\"><img data-recalc-dims=\"1\" loading=\"lazy\" decoding=\"async\" width=\"1024\" height=\"683\" data-attachment-id=\"535271\" data-permalink=\"https:\/\/casadecampoliving.com\/es\/playa-minitas-obtiene-nuevamente-certificacion-bandera-azul\/fn3a8490\/\" data-orig-file=\"https:\/\/i0.wp.com\/casadecampoliving.com\/wp-content\/uploads\/2024\/12\/FN3A8490-scaled.jpg?fit=2560%2C1706&amp;ssl=1\" data-orig-size=\"2560,1706\" data-comments-opened=\"0\" data-image-meta=\"{&quot;aperture&quot;:&quot;0&quot;,&quot;credit&quot;:&quot;MairobiHerrera&quot;,&quot;camera&quot;:&quot;&quot;,&quot;caption&quot;:&quot;&quot;,&quot;created_timestamp&quot;:&quot;0&quot;,&quot;copyright&quot;:&quot;&quot;,&quot;focal_length&quot;:&quot;0&quot;,&quot;iso&quot;:&quot;0&quot;,&quot;shutter_speed&quot;:&quot;0&quot;,&quot;title&quot;:&quot;&quot;,&quot;orientation&quot;:&quot;0&quot;}\" data-image-title=\"FN3A8490\" data-image-description=\"\" data-image-caption=\"\" data-large-file=\"https:\/\/i0.wp.com\/casadecampoliving.com\/wp-content\/uploads\/2024\/12\/FN3A8490-scaled.jpg?fit=1024%2C683&amp;ssl=1\" src=\"https:\/\/i0.wp.com\/casadecampoliving.com\/wp-content\/uploads\/2024\/12\/FN3A8490.jpg?resize=1024%2C683&#038;ssl=1\" alt=\"\" class=\"wp-image-535271\" srcset=\"https:\/\/i0.wp.com\/casadecampoliving.com\/wp-content\/uploads\/2024\/12\/FN3A8490-scaled.jpg?resize=1024%2C683&amp;ssl=1 1024w, https:\/\/i0.wp.com\/casadecampoliving.com\/wp-content\/uploads\/2024\/12\/FN3A8490-scaled.jpg?resize=300%2C200&amp;ssl=1 300w, https:\/\/i0.wp.com\/casadecampoliving.com\/wp-content\/uploads\/2024\/12\/FN3A8490-scaled.jpg?resize=768%2C512&amp;ssl=1 768w, https:\/\/i0.wp.com\/casadecampoliving.com\/wp-content\/uploads\/2024\/12\/FN3A8490-scaled.jpg?resize=1536%2C1024&amp;ssl=1 1536w, https:\/\/i0.wp.com\/casadecampoliving.com\/wp-content\/uploads\/2024\/12\/FN3A8490-scaled.jpg?resize=2048%2C1365&amp;ssl=1 2048w, https:\/\/i0.wp.com\/casadecampoliving.com\/wp-content\/uploads\/2024\/12\/FN3A8490-scaled.jpg?resize=1200%2C800&amp;ssl=1 1200w, https:\/\/i0.wp.com\/casadecampoliving.com\/wp-content\/uploads\/2024\/12\/FN3A8490-scaled.jpg?resize=1568%2C1045&amp;ssl=1 1568w, https:\/\/i0.wp.com\/casadecampoliving.com\/wp-content\/uploads\/2024\/12\/FN3A8490-scaled.jpg?resize=2000%2C1333&amp;ssl=1 2000w, https:\/\/i0.wp.com\/casadecampoliving.com\/wp-content\/uploads\/2024\/12\/FN3A8490-scaled.jpg?resize=400%2C267&amp;ssl=1 400w, https:\/\/i0.wp.com\/casadecampoliving.com\/wp-content\/uploads\/2024\/12\/FN3A8490-scaled.jpg?resize=1320%2C880&amp;ssl=1 1320w, https:\/\/i0.wp.com\/casadecampoliving.com\/wp-content\/uploads\/2024\/12\/FN3A8490-scaled.jpg?resize=150%2C100&amp;ssl=1 150w, https:\/\/i0.wp.com\/casadecampoliving.com\/wp-content\/uploads\/2024\/12\/FN3A8490-1024x683.jpg?w=370&amp;ssl=1 370w\" sizes=\"auto, (max-width: 1000px) 100vw, 1000px\" \/><\/figure>\n\n\n\n<p>\u00abEste reconocimiento es un testimonio del compromiso de nuestra asociaci\u00f3n y de cada uno de nuestros miembros con la preservaci\u00f3n de nuestros recursos naturales\u00bb, apunt\u00f3 Fern\u00e1ndez,<\/p>\n\n\n\n<p>La evaluaci\u00f3n de los segmentos de playa se llev\u00f3 a cabo por un exigente jurado interdisciplinario, conformado por autoridades de 11 instituciones entre las que figuran: Ministerios de Medio Ambiente y Recursos Naturales, Turismo, Educaci\u00f3n, Consejo Nacional de Competitividad, Acuario Nacional, CONADIS, Defensa Civil, CIBIMA, ASONAHORES Y Fundaci\u00f3n Propagas.<\/p>\n","protected":false},"excerpt":{"rendered":"<p>El programa internacional de reconocimiento de playas y marinas Bandera Azul, galardon\u00f3 a Playa Minitas de Casa de Campo junto a otros siete segmentos certificados en el destino La Romana.&nbsp; El programa coordinado a nivel internacional por la Fundaci\u00f3n para la Educaci\u00f3n Ambiental (FEE) y en el pa\u00eds por el Instituto de Derecho Ambiental de&nbsp; [&hellip;]<\/p>\n","protected":false},"author":431,"featured_media":535265,"comment_status":"closed","ping_status":"closed","sticky":false,"template":"","format":"standard","meta":{"newspack_ads_suppress_ads":false,"newspack_popups_has_disabled_popups":false,"newspack_sponsor_sponsorship_scope":"","newspack_sponsor_native_byline_display":"inherit","newspack_sponsor_native_category_display":"inherit","newspack_sponsor_underwriter_style":"inherit","newspack_sponsor_underwriter_placement":"inherit","_newspack_byline_active":false,"_newspack_byline":"","newspack_hide_updated_date":false,"newspack_show_updated_date":false,"newspack_content_restriction_is_exempt":false,"newspack_featured_image_position":"","newspack_post_subtitle":"El destino Romana-Bayahibe cuenta con siete segmentos certificados con este programa internacional en 2024, lo que lo convierte en el polo tur\u00edstico con m\u00e1s certificaciones del pa\u00eds ","newspack_article_summary_title":"Overview:","newspack_article_summary":"","_jetpack_memberships_contains_paid_content":false,"footnotes":"","jetpack_publicize_message":"","jetpack_publicize_feature_enabled":true,"jetpack_social_post_already_shared":false,"jetpack_social_options":{"image_generator_settings":{"template":"highway","enabled":false},"version":2},"_wpas_customize_per_network":false},"categories":[26392,21634,23856],"tags":[11374,14736,27474],"newspack_spnsrs_tax":[],"class_list":["post-535264","post","type-post","status-publish","format-standard","has-post-thumbnail","hentry","category-casa-de-campo-resort-villas","category-naturaleza","category-nature-es","tag-bandera-azul","tag-featured-topview-es","tag-playa-minitas-2","entry"],"yoast_head":"<!-- This site is optimized with the Yoast SEO plugin v27.4 - https:\/\/yoast.com\/product\/yoast-seo-wordpress\/ -->\n<title>Playa Minitas obtiene nuevamente certificaci\u00f3n Bandera Azul | Casa de Campo Living<\/title>\n<meta name=\"description\" content=\"El programa internacional de reconocimiento de playas y marinas Bandera Azul, galardon\u00f3 a Playa Minitas de Casa de Campo junto a otros siete segmentos\" \/>\n<meta name=\"robots\" content=\"index, follow, max-snippet:-1, max-image-preview:large, max-video-preview:-1\" \/>\n<link rel=\"canonical\" href=\"https:\/\/casadecampoliving.com\/es\/playa-minitas-obtiene-nuevamente-certificacion-bandera-azul\/\" \/>\n<meta property=\"og:locale\" content=\"es_ES\" \/>\n<meta property=\"og:type\" content=\"article\" \/>\n<meta property=\"og:title\" content=\"Playa Minitas obtiene nuevamente certificaci\u00f3n Bandera Azul | Casa de Campo Living\" \/>\n<meta property=\"og:description\" content=\"El programa internacional de reconocimiento de playas y marinas Bandera Azul, galardon\u00f3 a Playa Minitas de Casa de Campo junto a otros siete segmentos\" \/>\n<meta property=\"og:url\" content=\"https:\/\/casadecampoliving.com\/es\/playa-minitas-obtiene-nuevamente-certificacion-bandera-azul\/\" \/>\n<meta property=\"og:site_name\" content=\"Casa de Campo Living\" \/>\n<meta property=\"article:publisher\" content=\"https:\/\/www.facebook.com\/casadecampoliving\" \/>\n<meta property=\"article:published_time\" content=\"2024-12-06T15:37:38+00:00\" \/>\n<meta property=\"article:modified_time\" content=\"2024-12-06T15:37:41+00:00\" \/>\n<meta property=\"og:image\" content=\"https:\/\/casadecampoliving.com\/wp-content\/uploads\/2024\/12\/FN3A8551-scaled.jpg\" \/>\n\t<meta property=\"og:image:width\" content=\"2560\" \/>\n\t<meta property=\"og:image:height\" content=\"1706\" \/>\n\t<meta property=\"og:image:type\" content=\"image\/jpeg\" \/>\n<meta name=\"author\" content=\"Mairobi Herrera\" \/>\n<meta name=\"twitter:card\" content=\"summary_large_image\" \/>\n<meta name=\"twitter:creator\" content=\"@cdcliving\" \/>\n<meta name=\"twitter:site\" content=\"@cdcliving\" \/>\n<meta name=\"twitter:label1\" content=\"Escrito por\" \/>\n\t<meta name=\"twitter:data1\" content=\"Mairobi Herrera\" \/>\n\t<meta name=\"twitter:label2\" content=\"Tiempo de lectura\" \/>\n\t<meta name=\"twitter:data2\" content=\"3 minutos\" \/>\n<script type=\"application\/ld+json\" class=\"yoast-schema-graph\">{\"@context\":\"https:\\\/\\\/schema.org\",\"@graph\":[{\"@type\":\"Article\",\"@id\":\"https:\\\/\\\/casadecampoliving.com\\\/es\\\/playa-minitas-obtiene-nuevamente-certificacion-bandera-azul\\\/#article\",\"isPartOf\":{\"@id\":\"https:\\\/\\\/casadecampoliving.com\\\/es\\\/playa-minitas-obtiene-nuevamente-certificacion-bandera-azul\\\/\"},\"author\":{\"name\":\"Mairobi Herrera\",\"@id\":\"https:\\\/\\\/casadecampoliving.com\\\/es\\\/#\\\/schema\\\/person\\\/932e594484c49168ad37fbb9141bf699\"},\"headline\":\"Playa Minitas obtiene nuevamente certificaci\u00f3n Bandera Azul\",\"datePublished\":\"2024-12-06T15:37:38+00:00\",\"dateModified\":\"2024-12-06T15:37:41+00:00\",\"mainEntityOfPage\":{\"@id\":\"https:\\\/\\\/casadecampoliving.com\\\/es\\\/playa-minitas-obtiene-nuevamente-certificacion-bandera-azul\\\/\"},\"wordCount\":489,\"publisher\":{\"@id\":\"https:\\\/\\\/casadecampoliving.com\\\/es\\\/#organization\"},\"image\":{\"@id\":\"https:\\\/\\\/casadecampoliving.com\\\/es\\\/playa-minitas-obtiene-nuevamente-certificacion-bandera-azul\\\/#primaryimage\"},\"thumbnailUrl\":\"https:\\\/\\\/i0.wp.com\\\/casadecampoliving.com\\\/wp-content\\\/uploads\\\/2024\\\/12\\\/FN3A8551-scaled.jpg?fit=2560%2C1706&ssl=1\",\"keywords\":[\"Bandera Azul\",\"Featured-TopView @es\",\"playa minitas\"],\"articleSection\":[\"Casa de Campo Resort &amp; Villas\",\"Naturaleza\",\"Nature\"],\"inLanguage\":\"es\"},{\"@type\":\"WebPage\",\"@id\":\"https:\\\/\\\/casadecampoliving.com\\\/es\\\/playa-minitas-obtiene-nuevamente-certificacion-bandera-azul\\\/\",\"url\":\"https:\\\/\\\/casadecampoliving.com\\\/es\\\/playa-minitas-obtiene-nuevamente-certificacion-bandera-azul\\\/\",\"name\":\"Playa Minitas obtiene nuevamente certificaci\u00f3n Bandera Azul | Casa de Campo Living\",\"isPartOf\":{\"@id\":\"https:\\\/\\\/casadecampoliving.com\\\/es\\\/#website\"},\"primaryImageOfPage\":{\"@id\":\"https:\\\/\\\/casadecampoliving.com\\\/es\\\/playa-minitas-obtiene-nuevamente-certificacion-bandera-azul\\\/#primaryimage\"},\"image\":{\"@id\":\"https:\\\/\\\/casadecampoliving.com\\\/es\\\/playa-minitas-obtiene-nuevamente-certificacion-bandera-azul\\\/#primaryimage\"},\"thumbnailUrl\":\"https:\\\/\\\/i0.wp.com\\\/casadecampoliving.com\\\/wp-content\\\/uploads\\\/2024\\\/12\\\/FN3A8551-scaled.jpg?fit=2560%2C1706&ssl=1\",\"datePublished\":\"2024-12-06T15:37:38+00:00\",\"dateModified\":\"2024-12-06T15:37:41+00:00\",\"description\":\"El programa internacional de reconocimiento de playas y marinas Bandera Azul, galardon\u00f3 a Playa Minitas de Casa de Campo junto a otros siete segmentos\",\"breadcrumb\":{\"@id\":\"https:\\\/\\\/casadecampoliving.com\\\/es\\\/playa-minitas-obtiene-nuevamente-certificacion-bandera-azul\\\/#breadcrumb\"},\"inLanguage\":\"es\",\"potentialAction\":[{\"@type\":\"ReadAction\",\"target\":[\"https:\\\/\\\/casadecampoliving.com\\\/es\\\/playa-minitas-obtiene-nuevamente-certificacion-bandera-azul\\\/\"]}]},{\"@type\":\"ImageObject\",\"inLanguage\":\"es\",\"@id\":\"https:\\\/\\\/casadecampoliving.com\\\/es\\\/playa-minitas-obtiene-nuevamente-certificacion-bandera-azul\\\/#primaryimage\",\"url\":\"https:\\\/\\\/i0.wp.com\\\/casadecampoliving.com\\\/wp-content\\\/uploads\\\/2024\\\/12\\\/FN3A8551-scaled.jpg?fit=2560%2C1706&ssl=1\",\"contentUrl\":\"https:\\\/\\\/i0.wp.com\\\/casadecampoliving.com\\\/wp-content\\\/uploads\\\/2024\\\/12\\\/FN3A8551-scaled.jpg?fit=2560%2C1706&ssl=1\",\"width\":2560,\"height\":1706},{\"@type\":\"BreadcrumbList\",\"@id\":\"https:\\\/\\\/casadecampoliving.com\\\/es\\\/playa-minitas-obtiene-nuevamente-certificacion-bandera-azul\\\/#breadcrumb\",\"itemListElement\":[{\"@type\":\"ListItem\",\"position\":1,\"name\":\"Home\",\"item\":\"https:\\\/\\\/casadecampoliving.com\\\/es\\\/\"},{\"@type\":\"ListItem\",\"position\":2,\"name\":\"Playa Minitas obtiene nuevamente certificaci\u00f3n Bandera Azul\"}]},{\"@type\":\"WebSite\",\"@id\":\"https:\\\/\\\/casadecampoliving.com\\\/es\\\/#website\",\"url\":\"https:\\\/\\\/casadecampoliving.com\\\/es\\\/\",\"name\":\"Casa de Campo Living\",\"description\":\"Resort community news and resources.\",\"publisher\":{\"@id\":\"https:\\\/\\\/casadecampoliving.com\\\/es\\\/#organization\"},\"potentialAction\":[{\"@type\":\"SearchAction\",\"target\":{\"@type\":\"EntryPoint\",\"urlTemplate\":\"https:\\\/\\\/casadecampoliving.com\\\/es\\\/?s={search_term_string}\"},\"query-input\":{\"@type\":\"PropertyValueSpecification\",\"valueRequired\":true,\"valueName\":\"search_term_string\"}}],\"inLanguage\":\"es\"},{\"@type\":\"Organization\",\"@id\":\"https:\\\/\\\/casadecampoliving.com\\\/es\\\/#organization\",\"name\":\"Casa de Campo Living\",\"url\":\"https:\\\/\\\/casadecampoliving.com\\\/es\\\/\",\"logo\":{\"@type\":\"ImageObject\",\"inLanguage\":\"es\",\"@id\":\"https:\\\/\\\/casadecampoliving.com\\\/es\\\/#\\\/schema\\\/logo\\\/image\\\/\",\"url\":\"https:\\\/\\\/i0.wp.com\\\/casadecampoliving.com\\\/wp-content\\\/uploads\\\/2022\\\/07\\\/CDCLivingLogo_V1-white-sized.png?fit=800%2C214&ssl=1\",\"contentUrl\":\"https:\\\/\\\/i0.wp.com\\\/casadecampoliving.com\\\/wp-content\\\/uploads\\\/2022\\\/07\\\/CDCLivingLogo_V1-white-sized.png?fit=800%2C214&ssl=1\",\"width\":800,\"height\":214,\"caption\":\"Casa de Campo Living\"},\"image\":{\"@id\":\"https:\\\/\\\/casadecampoliving.com\\\/es\\\/#\\\/schema\\\/logo\\\/image\\\/\"},\"sameAs\":[\"https:\\\/\\\/www.facebook.com\\\/casadecampoliving\",\"https:\\\/\\\/x.com\\\/cdcliving\"]},{\"@type\":\"Person\",\"@id\":\"https:\\\/\\\/casadecampoliving.com\\\/es\\\/#\\\/schema\\\/person\\\/932e594484c49168ad37fbb9141bf699\",\"name\":\"Mairobi Herrera\",\"image\":{\"@type\":\"ImageObject\",\"inLanguage\":\"es\",\"@id\":\"https:\\\/\\\/secure.gravatar.com\\\/avatar\\\/d0bf6c19470eb55d83c719e39672f670b2c4412339af1eb8a08f86427ba98ee8?s=96&d=mm&r=g\",\"url\":\"https:\\\/\\\/secure.gravatar.com\\\/avatar\\\/d0bf6c19470eb55d83c719e39672f670b2c4412339af1eb8a08f86427ba98ee8?s=96&d=mm&r=g\",\"contentUrl\":\"https:\\\/\\\/secure.gravatar.com\\\/avatar\\\/d0bf6c19470eb55d83c719e39672f670b2c4412339af1eb8a08f86427ba98ee8?s=96&d=mm&r=g\",\"caption\":\"Mairobi Herrera\"},\"sameAs\":[\"https:\\\/\\\/casadecampoliving.com\\\/\"],\"url\":\"https:\\\/\\\/casadecampoliving.com\\\/es\\\/author\\\/mherrera\\\/\"}]}<\/script>\n<!-- \/ Yoast SEO plugin. -->","yoast_head_json":{"title":"Playa Minitas obtiene nuevamente certificaci\u00f3n Bandera Azul | Casa de Campo Living","description":"El programa internacional de reconocimiento de playas y marinas Bandera Azul, galardon\u00f3 a Playa Minitas de Casa de Campo junto a otros siete segmentos","robots":{"index":"index","follow":"follow","max-snippet":"max-snippet:-1","max-image-preview":"max-image-preview:large","max-video-preview":"max-video-preview:-1"},"canonical":"https:\/\/casadecampoliving.com\/es\/playa-minitas-obtiene-nuevamente-certificacion-bandera-azul\/","og_locale":"es_ES","og_type":"article","og_title":"Playa Minitas obtiene nuevamente certificaci\u00f3n Bandera Azul | Casa de Campo Living","og_description":"El programa internacional de reconocimiento de playas y marinas Bandera Azul, galardon\u00f3 a Playa Minitas de Casa de Campo junto a otros siete segmentos","og_url":"https:\/\/casadecampoliving.com\/es\/playa-minitas-obtiene-nuevamente-certificacion-bandera-azul\/","og_site_name":"Casa de Campo Living","article_publisher":"https:\/\/www.facebook.com\/casadecampoliving","article_published_time":"2024-12-06T15:37:38+00:00","article_modified_time":"2024-12-06T15:37:41+00:00","og_image":[{"width":2560,"height":1706,"url":"https:\/\/casadecampoliving.com\/wp-content\/uploads\/2024\/12\/FN3A8551-scaled.jpg","type":"image\/jpeg"}],"author":"Mairobi Herrera","twitter_card":"summary_large_image","twitter_creator":"@cdcliving","twitter_site":"@cdcliving","twitter_misc":{"Escrito por":"Mairobi Herrera","Tiempo de lectura":"3 minutos"},"schema":{"@context":"https:\/\/schema.org","@graph":[{"@type":"Article","@id":"https:\/\/casadecampoliving.com\/es\/playa-minitas-obtiene-nuevamente-certificacion-bandera-azul\/#article","isPartOf":{"@id":"https:\/\/casadecampoliving.com\/es\/playa-minitas-obtiene-nuevamente-certificacion-bandera-azul\/"},"author":{"name":"Mairobi Herrera","@id":"https:\/\/casadecampoliving.com\/es\/#\/schema\/person\/932e594484c49168ad37fbb9141bf699"},"headline":"Playa Minitas obtiene nuevamente certificaci\u00f3n Bandera Azul","datePublished":"2024-12-06T15:37:38+00:00","dateModified":"2024-12-06T15:37:41+00:00","mainEntityOfPage":{"@id":"https:\/\/casadecampoliving.com\/es\/playa-minitas-obtiene-nuevamente-certificacion-bandera-azul\/"},"wordCount":489,"publisher":{"@id":"https:\/\/casadecampoliving.com\/es\/#organization"},"image":{"@id":"https:\/\/casadecampoliving.com\/es\/playa-minitas-obtiene-nuevamente-certificacion-bandera-azul\/#primaryimage"},"thumbnailUrl":"https:\/\/i0.wp.com\/casadecampoliving.com\/wp-content\/uploads\/2024\/12\/FN3A8551-scaled.jpg?fit=2560%2C1706&ssl=1","keywords":["Bandera Azul","Featured-TopView @es","playa minitas"],"articleSection":["Casa de Campo Resort &amp; Villas","Naturaleza","Nature"],"inLanguage":"es"},{"@type":"WebPage","@id":"https:\/\/casadecampoliving.com\/es\/playa-minitas-obtiene-nuevamente-certificacion-bandera-azul\/","url":"https:\/\/casadecampoliving.com\/es\/playa-minitas-obtiene-nuevamente-certificacion-bandera-azul\/","name":"Playa Minitas obtiene nuevamente certificaci\u00f3n Bandera Azul | Casa de Campo Living","isPartOf":{"@id":"https:\/\/casadecampoliving.com\/es\/#website"},"primaryImageOfPage":{"@id":"https:\/\/casadecampoliving.com\/es\/playa-minitas-obtiene-nuevamente-certificacion-bandera-azul\/#primaryimage"},"image":{"@id":"https:\/\/casadecampoliving.com\/es\/playa-minitas-obtiene-nuevamente-certificacion-bandera-azul\/#primaryimage"},"thumbnailUrl":"https:\/\/i0.wp.com\/casadecampoliving.com\/wp-content\/uploads\/2024\/12\/FN3A8551-scaled.jpg?fit=2560%2C1706&ssl=1","datePublished":"2024-12-06T15:37:38+00:00","dateModified":"2024-12-06T15:37:41+00:00","description":"El programa internacional de reconocimiento de playas y marinas Bandera Azul, galardon\u00f3 a Playa Minitas de Casa de Campo junto a otros siete segmentos","breadcrumb":{"@id":"https:\/\/casadecampoliving.com\/es\/playa-minitas-obtiene-nuevamente-certificacion-bandera-azul\/#breadcrumb"},"inLanguage":"es","potentialAction":[{"@type":"ReadAction","target":["https:\/\/casadecampoliving.com\/es\/playa-minitas-obtiene-nuevamente-certificacion-bandera-azul\/"]}]},{"@type":"ImageObject","inLanguage":"es","@id":"https:\/\/casadecampoliving.com\/es\/playa-minitas-obtiene-nuevamente-certificacion-bandera-azul\/#primaryimage","url":"https:\/\/i0.wp.com\/casadecampoliving.com\/wp-content\/uploads\/2024\/12\/FN3A8551-scaled.jpg?fit=2560%2C1706&ssl=1","contentUrl":"https:\/\/i0.wp.com\/casadecampoliving.com\/wp-content\/uploads\/2024\/12\/FN3A8551-scaled.jpg?fit=2560%2C1706&ssl=1","width":2560,"height":1706},{"@type":"BreadcrumbList","@id":"https:\/\/casadecampoliving.com\/es\/playa-minitas-obtiene-nuevamente-certificacion-bandera-azul\/#breadcrumb","itemListElement":[{"@type":"ListItem","position":1,"name":"Home","item":"https:\/\/casadecampoliving.com\/es\/"},{"@type":"ListItem","position":2,"name":"Playa Minitas obtiene nuevamente certificaci\u00f3n Bandera Azul"}]},{"@type":"WebSite","@id":"https:\/\/casadecampoliving.com\/es\/#website","url":"https:\/\/casadecampoliving.com\/es\/","name":"Casa de Campo Living","description":"Resort community news and resources.","publisher":{"@id":"https:\/\/casadecampoliving.com\/es\/#organization"},"potentialAction":[{"@type":"SearchAction","target":{"@type":"EntryPoint","urlTemplate":"https:\/\/casadecampoliving.com\/es\/?s={search_term_string}"},"query-input":{"@type":"PropertyValueSpecification","valueRequired":true,"valueName":"search_term_string"}}],"inLanguage":"es"},{"@type":"Organization","@id":"https:\/\/casadecampoliving.com\/es\/#organization","name":"Casa de Campo Living","url":"https:\/\/casadecampoliving.com\/es\/","logo":{"@type":"ImageObject","inLanguage":"es","@id":"https:\/\/casadecampoliving.com\/es\/#\/schema\/logo\/image\/","url":"https:\/\/i0.wp.com\/casadecampoliving.com\/wp-content\/uploads\/2022\/07\/CDCLivingLogo_V1-white-sized.png?fit=800%2C214&ssl=1","contentUrl":"https:\/\/i0.wp.com\/casadecampoliving.com\/wp-content\/uploads\/2022\/07\/CDCLivingLogo_V1-white-sized.png?fit=800%2C214&ssl=1","width":800,"height":214,"caption":"Casa de Campo Living"},"image":{"@id":"https:\/\/casadecampoliving.com\/es\/#\/schema\/logo\/image\/"},"sameAs":["https:\/\/www.facebook.com\/casadecampoliving","https:\/\/x.com\/cdcliving"]},{"@type":"Person","@id":"https:\/\/casadecampoliving.com\/es\/#\/schema\/person\/932e594484c49168ad37fbb9141bf699","name":"Mairobi Herrera","image":{"@type":"ImageObject","inLanguage":"es","@id":"https:\/\/secure.gravatar.com\/avatar\/d0bf6c19470eb55d83c719e39672f670b2c4412339af1eb8a08f86427ba98ee8?s=96&d=mm&r=g","url":"https:\/\/secure.gravatar.com\/avatar\/d0bf6c19470eb55d83c719e39672f670b2c4412339af1eb8a08f86427ba98ee8?s=96&d=mm&r=g","contentUrl":"https:\/\/secure.gravatar.com\/avatar\/d0bf6c19470eb55d83c719e39672f670b2c4412339af1eb8a08f86427ba98ee8?s=96&d=mm&r=g","caption":"Mairobi Herrera"},"sameAs":["https:\/\/casadecampoliving.com\/"],"url":"https:\/\/casadecampoliving.com\/es\/author\/mherrera\/"}]}},"parsely":{"version":"1.1.0","canonical_url":"https:\/\/casadecampoliving.com\/es\/playa-minitas-obtiene-nuevamente-certificacion-bandera-azul\/","smart_links":{"inbound":0,"outbound":0},"traffic_boost_suggestions_count":0,"meta":{"@context":"https:\/\/schema.org","@type":"NewsArticle","headline":"Playa Minitas obtiene nuevamente certificaci\u00f3n Bandera Azul","url":"http:\/\/casadecampoliving.com\/es\/playa-minitas-obtiene-nuevamente-certificacion-bandera-azul\/","mainEntityOfPage":{"@type":"WebPage","@id":"http:\/\/casadecampoliving.com\/es\/playa-minitas-obtiene-nuevamente-certificacion-bandera-azul\/"},"thumbnailUrl":"https:\/\/i0.wp.com\/casadecampoliving.com\/wp-content\/uploads\/2024\/12\/FN3A8551-scaled.jpg?resize=150%2C150&ssl=1","image":{"@type":"ImageObject","url":"https:\/\/i0.wp.com\/casadecampoliving.com\/wp-content\/uploads\/2024\/12\/FN3A8551-scaled.jpg?fit=2560%2C1706&ssl=1"},"articleSection":"Casa de Campo Resort &amp; Villas","author":[{"@type":"Person","name":"Mairobi Herrera"}],"creator":["Mairobi Herrera"],"publisher":{"@type":"Organization","name":"Casa de Campo Living","logo":"https:\/\/casadecampoliving.com\/wp-content\/uploads\/2022\/07\/CDCLivingLogo_V1-white-sized.png"},"keywords":["bandera azul","featured-topview @es","playa minitas"],"dateCreated":"2024-12-06T15:37:38Z","datePublished":"2024-12-06T15:37:38Z","dateModified":"2024-12-06T15:37:41Z"},"rendered":"<script type=\"application\/ld+json\" class=\"wp-parsely-metadata\">{\"@context\":\"https:\\\/\\\/schema.org\",\"@type\":\"NewsArticle\",\"headline\":\"Playa Minitas obtiene nuevamente certificaci\\u00f3n Bandera Azul\",\"url\":\"http:\\\/\\\/casadecampoliving.com\\\/es\\\/playa-minitas-obtiene-nuevamente-certificacion-bandera-azul\\\/\",\"mainEntityOfPage\":{\"@type\":\"WebPage\",\"@id\":\"http:\\\/\\\/casadecampoliving.com\\\/es\\\/playa-minitas-obtiene-nuevamente-certificacion-bandera-azul\\\/\"},\"thumbnailUrl\":\"https:\\\/\\\/i0.wp.com\\\/casadecampoliving.com\\\/wp-content\\\/uploads\\\/2024\\\/12\\\/FN3A8551-scaled.jpg?resize=150%2C150&ssl=1\",\"image\":{\"@type\":\"ImageObject\",\"url\":\"https:\\\/\\\/i0.wp.com\\\/casadecampoliving.com\\\/wp-content\\\/uploads\\\/2024\\\/12\\\/FN3A8551-scaled.jpg?fit=2560%2C1706&ssl=1\"},\"articleSection\":\"Casa de Campo Resort &amp; Villas\",\"author\":[{\"@type\":\"Person\",\"name\":\"Mairobi Herrera\"}],\"creator\":[\"Mairobi Herrera\"],\"publisher\":{\"@type\":\"Organization\",\"name\":\"Casa de Campo Living\",\"logo\":\"https:\\\/\\\/casadecampoliving.com\\\/wp-content\\\/uploads\\\/2022\\\/07\\\/CDCLivingLogo_V1-white-sized.png\"},\"keywords\":[\"bandera azul\",\"featured-topview @es\",\"playa minitas\"],\"dateCreated\":\"2024-12-06T15:37:38Z\",\"datePublished\":\"2024-12-06T15:37:38Z\",\"dateModified\":\"2024-12-06T15:37:41Z\"}<\/script>","tracker_url":"https:\/\/cdn.parsely.com\/keys\/casadecampoliving.com\/p.js"},"jetpack_publicize_connections":[],"jetpack_featured_media_url":"https:\/\/i0.wp.com\/casadecampoliving.com\/wp-content\/uploads\/2024\/12\/FN3A8551-scaled.jpg?fit=2560%2C1706&ssl=1","jetpack-related-posts":[{"id":350874,"url":"https:\/\/casadecampoliving.com\/es\/otorgan-bandera-azul-playa-minitas-en-casa-de-campo-resort\/","url_meta":{"origin":535264,"position":0},"title":"Otorgan Bandera Azul a Playa Minitas en Casa de Campo Resort","author":"Casa de Campo Resort","date":"5 Dic, 2016","format":false,"excerpt":"La Bandera Azul es un distintivo que otorga anualmente la Fundaci\u00f3n de Educaci\u00f3n Ambiental a las playas y puertos que cumplen una serie de condiciones ambientales e instalaciones.\u00a0El Instituto de Derecho Ambiental de la Rep\u00fablica Dominicana (IDARD) otorg\u00f3 la certificaci\u00f3n internacional\u00a0 Bandera Azul 2016-2017 al segmento de playa Minitas de\u2026","rel":"","context":"En \u00abNoticias Locales\u00bb","block_context":{"text":"Noticias Locales","link":"https:\/\/casadecampoliving.com\/es\/category\/noticias-locales\/"},"img":{"alt_text":"Minitas Beach - Blue Flag Award","src":"https:\/\/i0.wp.com\/casadecampoliving.com\/wp-content\/uploads\/2022\/10\/DSC_9109-e1480948411355.jpg?fit=1000%2C667&ssl=1&resize=350%2C200","width":350,"height":200,"srcset":"https:\/\/i0.wp.com\/casadecampoliving.com\/wp-content\/uploads\/2022\/10\/DSC_9109-e1480948411355.jpg?fit=1000%2C667&ssl=1&resize=350%2C200 1x, https:\/\/i0.wp.com\/casadecampoliving.com\/wp-content\/uploads\/2022\/10\/DSC_9109-e1480948411355.jpg?fit=1000%2C667&ssl=1&resize=525%2C300 1.5x, https:\/\/i0.wp.com\/casadecampoliving.com\/wp-content\/uploads\/2022\/10\/DSC_9109-e1480948411355.jpg?fit=1000%2C667&ssl=1&resize=700%2C400 2x"},"classes":[]},{"id":353936,"url":"https:\/\/casadecampoliving.com\/es\/playa-minitas-en-casa-de-campo-resort-recibe-la-certificacion-internacional-bandera-azul-2020-2021\/","url_meta":{"origin":535264,"position":1},"title":"Playa Minitas en Casa de Campo Resort recibe la Certificaci\u00f3n Internacional Bandera Azul 2020-2021","author":"Casa de Campo Living","date":"8 Dic, 2020","format":false,"excerpt":"La Bandera Azul es un distintivo que otorga anualmente la Fundaci\u00f3n de Educaci\u00f3n Ambiental a las playas y puertos que cumplen una serie de condiciones ambientales e instalaciones. El Instituto de Derecho Ambiental de la Rep\u00fablica Dominicana (IDARD) otorg\u00f3 la certificaci\u00f3n internacional\u00a0 Bandera Azul 2020-2021 al segmento de playa Minitas\u2026","rel":"","context":"En \u00abCasa de Campo Living @es\u00bb","block_context":{"text":"Casa de Campo Living @es","link":"https:\/\/casadecampoliving.com\/category\/casa-de-campo-living-es\/"},"img":{"alt_text":"","src":"https:\/\/i0.wp.com\/casadecampoliving.com\/wp-content\/uploads\/2022\/10\/bandera2-1.jpg?fit=1000%2C667&ssl=1&resize=350%2C200","width":350,"height":200,"srcset":"https:\/\/i0.wp.com\/casadecampoliving.com\/wp-content\/uploads\/2022\/10\/bandera2-1.jpg?fit=1000%2C667&ssl=1&resize=350%2C200 1x, https:\/\/i0.wp.com\/casadecampoliving.com\/wp-content\/uploads\/2022\/10\/bandera2-1.jpg?fit=1000%2C667&ssl=1&resize=525%2C300 1.5x, https:\/\/i0.wp.com\/casadecampoliving.com\/wp-content\/uploads\/2022\/10\/bandera2-1.jpg?fit=1000%2C667&ssl=1&resize=700%2C400 2x"},"classes":[]},{"id":546263,"url":"https:\/\/casadecampoliving.com\/es\/casa-de-campo-celebra-10-anos-de-certificacion-bandera-azul-en-playa-minitas\/","url_meta":{"origin":535264,"position":2},"title":"Casa de Campo Celebra 10 A\u00f1os de Certificaci\u00f3n Bandera Azul en Playa Minitas","author":"Casa de Campo Living","date":"11 Dic, 2025","format":false,"excerpt":"Casa de Campo Resort & Villas celebr\u00f3 esta semana un importante hito con el izamiento de la Bandera Azul 2025\u20132026 en Playa Minitas. Esta certificaci\u00f3n internacional reconoce a las playas que cumplen con estrictos est\u00e1ndares de calidad ambiental, seguridad, limpieza y accesibilidad. Este a\u00f1o es especialmente significativo: Playa Minitas celebra\u2026","rel":"","context":"En \u00abCasa de Campo Resort &amp; Villas\u00bb","block_context":{"text":"Casa de Campo Resort &amp; Villas","link":"https:\/\/casadecampoliving.com\/es\/category\/casa-de-campo-resort-villas\/"},"img":{"alt_text":"","src":"https:\/\/i0.wp.com\/casadecampoliving.com\/wp-content\/uploads\/2025\/12\/DSC09565.jpg?fit=1200%2C800&ssl=1&resize=350%2C200","width":350,"height":200,"srcset":"https:\/\/i0.wp.com\/casadecampoliving.com\/wp-content\/uploads\/2025\/12\/DSC09565.jpg?fit=1200%2C800&ssl=1&resize=350%2C200 1x, https:\/\/i0.wp.com\/casadecampoliving.com\/wp-content\/uploads\/2025\/12\/DSC09565.jpg?fit=1200%2C800&ssl=1&resize=525%2C300 1.5x, https:\/\/i0.wp.com\/casadecampoliving.com\/wp-content\/uploads\/2025\/12\/DSC09565.jpg?fit=1200%2C800&ssl=1&resize=700%2C400 2x, https:\/\/i0.wp.com\/casadecampoliving.com\/wp-content\/uploads\/2025\/12\/DSC09565.jpg?fit=1200%2C800&ssl=1&resize=1050%2C600 3x"},"classes":[]},{"id":346180,"url":"https:\/\/casadecampoliving.com\/es\/celebran-en-bayahibe-los10-anos-de-certificacion-bandera-azul-la-playa-dominicus\/","url_meta":{"origin":535264,"position":3},"title":"Dominicus celebra 10 a\u00f1os de certificaci\u00f3n Bandera Azul","author":"Rebecca Hughes","date":"10 Dic, 2014","format":false,"excerpt":"Por d\u00e9cimo a\u00f1o consecutivo, \u201cLa Laguna\u201d playa de Dominicus Americanus fue galardonada con la Bandera Azul por el Instituto de Derecho Ambiental y el jurado de la Fundaci\u00f3n Europea de Educaci\u00f3n Ambiental. Para conmemorar este d\u00e9cimo aniversario, el Grupo\u00a0Tur\u00edstico La Romana \u2013 Bayahibe \u00a0y la Asociaci\u00f3n de Hoteles de La\u2026","rel":"","context":"En \u00abCasa de Campo Living @es\u00bb","block_context":{"text":"Casa de Campo Living @es","link":"https:\/\/casadecampoliving.com\/category\/casa-de-campo-living-es\/"},"img":{"alt_text":"","src":"https:\/\/i0.wp.com\/casadecampoliving.com\/wp-content\/uploads\/2022\/10\/mapi-congresso-1.12-187-1-scaled.jpg?fit=1200%2C797&ssl=1&resize=350%2C200","width":350,"height":200,"srcset":"https:\/\/i0.wp.com\/casadecampoliving.com\/wp-content\/uploads\/2022\/10\/mapi-congresso-1.12-187-1-scaled.jpg?fit=1200%2C797&ssl=1&resize=350%2C200 1x, https:\/\/i0.wp.com\/casadecampoliving.com\/wp-content\/uploads\/2022\/10\/mapi-congresso-1.12-187-1-scaled.jpg?fit=1200%2C797&ssl=1&resize=525%2C300 1.5x, https:\/\/i0.wp.com\/casadecampoliving.com\/wp-content\/uploads\/2022\/10\/mapi-congresso-1.12-187-1-scaled.jpg?fit=1200%2C797&ssl=1&resize=700%2C400 2x, https:\/\/i0.wp.com\/casadecampoliving.com\/wp-content\/uploads\/2022\/10\/mapi-congresso-1.12-187-1-scaled.jpg?fit=1200%2C797&ssl=1&resize=1050%2C600 3x"},"classes":[]},{"id":523035,"url":"https:\/\/casadecampoliving.com\/es\/playa-minitas-un-espacio-de-disfrute-durante-todo-el-ano\/","url_meta":{"origin":535264,"position":4},"title":"Playa Minitas: Un espacio de disfrute durante todo el a\u00f1o","author":"Mairobi Herrera","date":"16 Oct, 2023","format":false,"excerpt":"Ubicada en el prestigioso complejo Casa de Campo Resort and Villas, Playa Minitas se erige como una de las m\u00e1ximas atracciones de La Romana. Con su incomparable belleza, aguas cristalinas de un azul turquesa, arena blanca inmaculada y la presencia de exuberantes palmeras, esta joya caribe\u00f1a es un aut\u00e9ntico para\u00edso\u2026","rel":"","context":"En \u00abCCL recomienda\u00bb","block_context":{"text":"CCL recomienda","link":"https:\/\/casadecampoliving.com\/es\/category\/ccl-recomienda-es\/"},"img":{"alt_text":"","src":"https:\/\/i0.wp.com\/casadecampoliving.com\/wp-content\/uploads\/2023\/10\/38-Minitas-Beach-scaled.jpg?fit=1200%2C800&ssl=1&resize=350%2C200","width":350,"height":200,"srcset":"https:\/\/i0.wp.com\/casadecampoliving.com\/wp-content\/uploads\/2023\/10\/38-Minitas-Beach-scaled.jpg?fit=1200%2C800&ssl=1&resize=350%2C200 1x, https:\/\/i0.wp.com\/casadecampoliving.com\/wp-content\/uploads\/2023\/10\/38-Minitas-Beach-scaled.jpg?fit=1200%2C800&ssl=1&resize=525%2C300 1.5x, https:\/\/i0.wp.com\/casadecampoliving.com\/wp-content\/uploads\/2023\/10\/38-Minitas-Beach-scaled.jpg?fit=1200%2C800&ssl=1&resize=700%2C400 2x, https:\/\/i0.wp.com\/casadecampoliving.com\/wp-content\/uploads\/2023\/10\/38-Minitas-Beach-scaled.jpg?fit=1200%2C800&ssl=1&resize=1050%2C600 3x"},"classes":[]},{"id":354095,"url":"https:\/\/casadecampoliving.com\/es\/casa-de-campo-es-verde-conozca-sus-iniciativas-ecologicas-para-un-mundo-mas-verde-y-sostenible\/","url_meta":{"origin":535264,"position":5},"title":"Casa de Campo es Verde: conozca sus iniciativas ecol\u00f3gicas para un mundo mas verde y sostenible","author":"Casa de Campo Living","date":"5 Jul, 2021","format":false,"excerpt":"El mes pasado se celebr\u00f3 el Mes Mundial del Medio Ambiente. Cada a\u00f1o, desde 1974, el D\u00eda Mundial del Medio Ambiente se celebra el 5 de junio con la participaci\u00f3n de gobiernos, empresas y ciudadanos en un esfuerzo por abordar los m\u00e1s apremiantes problemas ambientales. El D\u00eda Mundial del Medio\u2026","rel":"","context":"En \u00abCasa de Campo Living @es\u00bb","block_context":{"text":"Casa de Campo Living @es","link":"https:\/\/casadecampoliving.com\/category\/casa-de-campo-living-es\/"},"img":{"alt_text":"","src":"https:\/\/i0.wp.com\/casadecampoliving.com\/wp-content\/uploads\/2022\/10\/0925181713b_HDR-01-01-1.jpeg?fit=1000%2C685&ssl=1&resize=350%2C200","width":350,"height":200,"srcset":"https:\/\/i0.wp.com\/casadecampoliving.com\/wp-content\/uploads\/2022\/10\/0925181713b_HDR-01-01-1.jpeg?fit=1000%2C685&ssl=1&resize=350%2C200 1x, https:\/\/i0.wp.com\/casadecampoliving.com\/wp-content\/uploads\/2022\/10\/0925181713b_HDR-01-01-1.jpeg?fit=1000%2C685&ssl=1&resize=525%2C300 1.5x, https:\/\/i0.wp.com\/casadecampoliving.com\/wp-content\/uploads\/2022\/10\/0925181713b_HDR-01-01-1.jpeg?fit=1000%2C685&ssl=1&resize=700%2C400 2x"},"classes":[]}],"jetpack_sharing_enabled":true,"_links":{"self":[{"href":"https:\/\/casadecampoliving.com\/es\/wp-json\/wp\/v2\/posts\/535264","targetHints":{"allow":["GET"]}}],"collection":[{"href":"https:\/\/casadecampoliving.com\/es\/wp-json\/wp\/v2\/posts"}],"about":[{"href":"https:\/\/casadecampoliving.com\/es\/wp-json\/wp\/v2\/types\/post"}],"author":[{"embeddable":true,"href":"https:\/\/casadecampoliving.com\/es\/wp-json\/wp\/v2\/users\/431"}],"replies":[{"embeddable":true,"href":"https:\/\/casadecampoliving.com\/es\/wp-json\/wp\/v2\/comments?post=535264"}],"version-history":[{"count":1,"href":"https:\/\/casadecampoliving.com\/es\/wp-json\/wp\/v2\/posts\/535264\/revisions"}],"predecessor-version":[{"id":535273,"href":"https:\/\/casadecampoliving.com\/es\/wp-json\/wp\/v2\/posts\/535264\/revisions\/535273"}],"wp:featuredmedia":[{"embeddable":true,"href":"https:\/\/casadecampoliving.com\/es\/wp-json\/wp\/v2\/media\/535265"}],"wp:attachment":[{"href":"https:\/\/casadecampoliving.com\/es\/wp-json\/wp\/v2\/media?parent=535264"}],"wp:term":[{"taxonomy":"category","embeddable":true,"href":"https:\/\/casadecampoliving.com\/es\/wp-json\/wp\/v2\/categories?post=535264"},{"taxonomy":"post_tag","embeddable":true,"href":"https:\/\/casadecampoliving.com\/es\/wp-json\/wp\/v2\/tags?post=535264"},{"taxonomy":"newspack_spnsrs_tax","embeddable":true,"href":"https:\/\/casadecampoliving.com\/es\/wp-json\/wp\/v2\/newspack_spnsrs_tax?post=535264"}],"curies":[{"name":"wp","href":"https:\/\/api.w.org\/{rel}","templated":true}]}}