{"id":534119,"date":"2024-10-29T13:58:00","date_gmt":"2024-10-29T17:58:00","guid":{"rendered":"https:\/\/casadecampoliving.com\/?p=534119"},"modified":"2024-11-10T14:15:59","modified_gmt":"2024-11-10T18:15:59","slug":"clinica-de-familia-la-romana-celebra-25-anos-e-inicia-construccion-de-nuevas-instalaciones","status":"publish","type":"post","link":"https:\/\/casadecampoliving.com\/es\/clinica-de-familia-la-romana-celebra-25-anos-e-inicia-construccion-de-nuevas-instalaciones\/","title":{"rendered":"Cl\u00ednica de Familia La Romana Celebra 25 A\u00f1os e Inicia Construcci\u00f3n de Nuevas Instalaciones"},"content":{"rendered":"\n<p>Cl\u00ednica de Familia La Romana celebr\u00f3 recientemente su 25\u00ba aniversario con una ceremonia de inicio de obras para nuevas instalaciones que ampliar\u00e1n los servicios de salud en la regi\u00f3n. Este importante evento reafirm\u00f3 el compromiso de la cl\u00ednica con la mejora de la salud y el bienestar de la comunidad de La Romana.<\/p>\n\n\n\n<p>El evento, conducido por Hilda Peguero, secretaria de la junta directiva, comenz\u00f3 con el himno nacional dominicano y una bendici\u00f3n del Padre H\u00e9ctor S\u00e1nchez de la parroquia San Eduardo. Ana Jim\u00e9nez, en representaci\u00f3n de la presidenta de la junta, Martha Victoria, destac\u00f3 el impacto y las aspiraciones de la cl\u00ednica al se\u00f1alar: \u201cCelebramos 25 a\u00f1os de servicio dedicados al bienestar de nuestra comunidad. Este inicio de construcci\u00f3n marca el comienzo de un futuro prometedor para la salud en La Romana. Agradezco a nuestros colaboradores y a todos los que han sido parte de este camino. Esto es solo el comienzo de todo lo que lograremos juntos\u201d.<\/p>\n\n\n\n<figure class=\"wp-block-image size-large\"><img data-recalc-dims=\"1\" loading=\"lazy\" decoding=\"async\" width=\"1024\" height=\"683\" src=\"https:\/\/i0.wp.com\/casadecampoliving.com\/wp-content\/uploads\/2024\/11\/Clinica-de-Familia-La-Romana_IMG_6859.jpg?resize=1024%2C683&#038;ssl=1\" alt=\"\" class=\"wp-image-534116\" srcset=\"https:\/\/i0.wp.com\/casadecampoliving.com\/wp-content\/uploads\/2024\/11\/Clinica-de-Familia-La-Romana_IMG_6859-scaled.jpg?resize=1024%2C683&amp;ssl=1 1024w, https:\/\/i0.wp.com\/casadecampoliving.com\/wp-content\/uploads\/2024\/11\/Clinica-de-Familia-La-Romana_IMG_6859-scaled.jpg?resize=300%2C200&amp;ssl=1 300w, https:\/\/i0.wp.com\/casadecampoliving.com\/wp-content\/uploads\/2024\/11\/Clinica-de-Familia-La-Romana_IMG_6859-scaled.jpg?resize=768%2C512&amp;ssl=1 768w, https:\/\/i0.wp.com\/casadecampoliving.com\/wp-content\/uploads\/2024\/11\/Clinica-de-Familia-La-Romana_IMG_6859-scaled.jpg?resize=1536%2C1024&amp;ssl=1 1536w, https:\/\/i0.wp.com\/casadecampoliving.com\/wp-content\/uploads\/2024\/11\/Clinica-de-Familia-La-Romana_IMG_6859-scaled.jpg?resize=2048%2C1365&amp;ssl=1 2048w, https:\/\/i0.wp.com\/casadecampoliving.com\/wp-content\/uploads\/2024\/11\/Clinica-de-Familia-La-Romana_IMG_6859-scaled.jpg?resize=1200%2C800&amp;ssl=1 1200w, https:\/\/i0.wp.com\/casadecampoliving.com\/wp-content\/uploads\/2024\/11\/Clinica-de-Familia-La-Romana_IMG_6859-scaled.jpg?resize=1568%2C1045&amp;ssl=1 1568w, https:\/\/i0.wp.com\/casadecampoliving.com\/wp-content\/uploads\/2024\/11\/Clinica-de-Familia-La-Romana_IMG_6859-scaled.jpg?resize=2000%2C1333&amp;ssl=1 2000w, https:\/\/i0.wp.com\/casadecampoliving.com\/wp-content\/uploads\/2024\/11\/Clinica-de-Familia-La-Romana_IMG_6859-scaled.jpg?resize=400%2C267&amp;ssl=1 400w, https:\/\/i0.wp.com\/casadecampoliving.com\/wp-content\/uploads\/2024\/11\/Clinica-de-Familia-La-Romana_IMG_6859-scaled.jpg?resize=1320%2C880&amp;ssl=1 1320w, https:\/\/i0.wp.com\/casadecampoliving.com\/wp-content\/uploads\/2024\/11\/Clinica-de-Familia-La-Romana_IMG_6859-scaled.jpg?resize=150%2C100&amp;ssl=1 150w, https:\/\/i0.wp.com\/casadecampoliving.com\/wp-content\/uploads\/2024\/11\/Clinica-de-Familia-La-Romana_IMG_6859-1024x683.jpg?w=370&amp;ssl=1 370w\" sizes=\"auto, (max-width: 1000px) 100vw, 1000px\" \/><\/figure>\n\n\n\n<p>El fundador Dr. Stephen W. Nicholas expres\u00f3 su orgullo por los logros de la cl\u00ednica. A su vez, la directora ejecutiva Mina Halpern Lozada afirm\u00f3: \u201cLa construcci\u00f3n de este edificio representa el pr\u00f3ximo cap\u00edtulo en nuestra misi\u00f3n, donde seguiremos salvando vidas y brindando servicios de calidad\u201d. Tambi\u00e9n agradeci\u00f3 a los principales colaboradores, como el Children\u2019s Global Health Fund y la Fundaci\u00f3n Pincus Family, por su invaluable apoyo.<\/p>\n\n\n\n<p>El evento homenaje\u00f3 el legado de la cl\u00ednica con un video conmemorativo que resalt\u00f3 su impacto positivo en la comunidad. La primera palada ceremonial marc\u00f3 el inicio oficial de la construcci\u00f3n, prometiendo un apoyo continuo a la misi\u00f3n de Cl\u00ednica de Familia para mejorar el acceso a la atenci\u00f3n m\u00e9dica en La Romana.<\/p>\n\n\n\n<figure class=\"wp-block-image size-large\"><img data-recalc-dims=\"1\" loading=\"lazy\" decoding=\"async\" width=\"1024\" height=\"683\" src=\"https:\/\/i0.wp.com\/casadecampoliving.com\/wp-content\/uploads\/2024\/11\/Clinica-de-Familia-La-RomanaIMG_7191.jpg?resize=1024%2C683&#038;ssl=1\" alt=\"\" class=\"wp-image-534112\" srcset=\"https:\/\/i0.wp.com\/casadecampoliving.com\/wp-content\/uploads\/2024\/11\/Clinica-de-Familia-La-RomanaIMG_7191-scaled.jpg?resize=1024%2C683&amp;ssl=1 1024w, https:\/\/i0.wp.com\/casadecampoliving.com\/wp-content\/uploads\/2024\/11\/Clinica-de-Familia-La-RomanaIMG_7191-scaled.jpg?resize=300%2C200&amp;ssl=1 300w, https:\/\/i0.wp.com\/casadecampoliving.com\/wp-content\/uploads\/2024\/11\/Clinica-de-Familia-La-RomanaIMG_7191-scaled.jpg?resize=768%2C512&amp;ssl=1 768w, https:\/\/i0.wp.com\/casadecampoliving.com\/wp-content\/uploads\/2024\/11\/Clinica-de-Familia-La-RomanaIMG_7191-scaled.jpg?resize=1536%2C1024&amp;ssl=1 1536w, https:\/\/i0.wp.com\/casadecampoliving.com\/wp-content\/uploads\/2024\/11\/Clinica-de-Familia-La-RomanaIMG_7191-scaled.jpg?resize=2048%2C1365&amp;ssl=1 2048w, https:\/\/i0.wp.com\/casadecampoliving.com\/wp-content\/uploads\/2024\/11\/Clinica-de-Familia-La-RomanaIMG_7191-scaled.jpg?resize=1200%2C800&amp;ssl=1 1200w, https:\/\/i0.wp.com\/casadecampoliving.com\/wp-content\/uploads\/2024\/11\/Clinica-de-Familia-La-RomanaIMG_7191-scaled.jpg?resize=1568%2C1045&amp;ssl=1 1568w, https:\/\/i0.wp.com\/casadecampoliving.com\/wp-content\/uploads\/2024\/11\/Clinica-de-Familia-La-RomanaIMG_7191-scaled.jpg?resize=2000%2C1333&amp;ssl=1 2000w, https:\/\/i0.wp.com\/casadecampoliving.com\/wp-content\/uploads\/2024\/11\/Clinica-de-Familia-La-RomanaIMG_7191-scaled.jpg?resize=400%2C267&amp;ssl=1 400w, https:\/\/i0.wp.com\/casadecampoliving.com\/wp-content\/uploads\/2024\/11\/Clinica-de-Familia-La-RomanaIMG_7191-scaled.jpg?resize=1320%2C880&amp;ssl=1 1320w, https:\/\/i0.wp.com\/casadecampoliving.com\/wp-content\/uploads\/2024\/11\/Clinica-de-Familia-La-RomanaIMG_7191-scaled.jpg?resize=150%2C100&amp;ssl=1 150w, https:\/\/i0.wp.com\/casadecampoliving.com\/wp-content\/uploads\/2024\/11\/Clinica-de-Familia-La-RomanaIMG_7191-1024x683.jpg?w=370&amp;ssl=1 370w\" sizes=\"auto, (max-width: 1000px) 100vw, 1000px\" \/><\/figure>\n\n\n\n<p>Para m\u00e1s informaci\u00f3n sobre Cl\u00ednica de Familia La Romana, comun\u00edquese al WhatsApp 809-813-2934 o escriba a <a href=\"mailto:info@clinicadefamilia.org.do\" target=\"_blank\" rel=\"noreferrer noopener nofollow\">info@clinicadefamilia.org.do<\/a>.<\/p>\n\n\n\n<p><em>Fotos cortes\u00eda de Cl\u00ednica de Familia La Romana<\/em><\/p>\n","protected":false},"excerpt":{"rendered":"<p>Cl\u00ednica de Familia La Romana celebr\u00f3 recientemente su 25\u00ba aniversario con una ceremonia de inicio de obras para nuevas instalaciones que ampliar\u00e1n los servicios de salud en la regi\u00f3n. Este importante evento reafirm\u00f3 el compromiso de la cl\u00ednica con la mejora de la salud y el bienestar de la comunidad de La Romana. El evento, [&hellip;]<\/p>\n","protected":false},"author":36682,"featured_media":534115,"comment_status":"closed","ping_status":"closed","sticky":false,"template":"","format":"standard","meta":{"newspack_ads_suppress_ads":false,"newspack_popups_has_disabled_popups":false,"newspack_sponsor_sponsorship_scope":"","newspack_sponsor_native_byline_display":"inherit","newspack_sponsor_native_category_display":"inherit","newspack_sponsor_underwriter_style":"inherit","newspack_sponsor_underwriter_placement":"inherit","_newspack_byline_active":false,"_newspack_byline":"","newspack_hide_updated_date":false,"newspack_show_updated_date":false,"newspack_content_restriction_is_exempt":false,"newspack_featured_image_position":"large","newspack_post_subtitle":"La cl\u00ednica en La Romana comienza la construcci\u00f3n de nuevas instalaciones para ampliar los servicios de salud a la comunidad","newspack_article_summary_title":"Overview:","newspack_article_summary":"","_jetpack_memberships_contains_paid_content":false,"footnotes":"","jetpack_publicize_message":"","jetpack_publicize_feature_enabled":true,"jetpack_social_post_already_shared":false,"jetpack_social_options":{"image_generator_settings":{"template":"highway","enabled":false},"version":2},"_wpas_customize_per_network":false},"categories":[2506,2527],"tags":[8478,18932,14542],"newspack_spnsrs_tax":[],"class_list":["post-534119","post","type-post","status-publish","format-standard","has-post-thumbnail","hentry","category-mas-alla-de-casa-es","category-salud","tag-clinica-de-familia-la-romana-es","tag-la-romana-es-4","tag-la-romana-es","entry"],"yoast_head":"<!-- This site is optimized with the Yoast SEO plugin v27.5 - https:\/\/yoast.com\/product\/yoast-seo-wordpress\/ -->\n<title>Cl\u00ednica de Familia La Romana Celebra 25 A\u00f1os e Inicia Construcci\u00f3n de Nuevas Instalaciones | Casa de Campo Living<\/title>\n<meta name=\"description\" content=\"Cl\u00ednica de Familia La Romana celebr\u00f3 recientemente su 25\u00ba aniversario con una ceremonia de inicio de obras para nuevas instalaciones que ampliar\u00e1n los\" \/>\n<meta name=\"robots\" content=\"index, follow, max-snippet:-1, max-image-preview:large, max-video-preview:-1\" \/>\n<link rel=\"canonical\" href=\"https:\/\/casadecampoliving.com\/es\/clinica-de-familia-la-romana-celebra-25-anos-e-inicia-construccion-de-nuevas-instalaciones\/\" \/>\n<meta property=\"og:locale\" content=\"es_ES\" \/>\n<meta property=\"og:type\" content=\"article\" \/>\n<meta property=\"og:title\" content=\"Cl\u00ednica de Familia La Romana Celebra 25 A\u00f1os e Inicia Construcci\u00f3n de Nuevas Instalaciones | Casa de Campo Living\" \/>\n<meta property=\"og:description\" content=\"Cl\u00ednica de Familia La Romana celebr\u00f3 recientemente su 25\u00ba aniversario con una ceremonia de inicio de obras para nuevas instalaciones que ampliar\u00e1n los\" \/>\n<meta property=\"og:url\" content=\"https:\/\/casadecampoliving.com\/es\/clinica-de-familia-la-romana-celebra-25-anos-e-inicia-construccion-de-nuevas-instalaciones\/\" \/>\n<meta property=\"og:site_name\" content=\"Casa de Campo Living\" \/>\n<meta property=\"article:publisher\" content=\"https:\/\/www.facebook.com\/casadecampoliving\" \/>\n<meta property=\"article:published_time\" content=\"2024-10-29T17:58:00+00:00\" \/>\n<meta property=\"article:modified_time\" content=\"2024-11-10T18:15:59+00:00\" \/>\n<meta property=\"og:image\" content=\"https:\/\/casadecampoliving.com\/wp-content\/uploads\/2024\/11\/Clinica-de-Familia-La-Romana_IMG_6960-scaled.jpg\" \/>\n\t<meta property=\"og:image:width\" content=\"2560\" \/>\n\t<meta property=\"og:image:height\" content=\"1707\" \/>\n\t<meta property=\"og:image:type\" content=\"image\/jpeg\" \/>\n<meta name=\"author\" content=\"Marlenys Guzm\u00e1n Casta\u00f1os\" \/>\n<meta name=\"twitter:card\" content=\"summary_large_image\" \/>\n<meta name=\"twitter:creator\" content=\"@cdcliving\" \/>\n<meta name=\"twitter:site\" content=\"@cdcliving\" \/>\n<meta name=\"twitter:label1\" content=\"Escrito por\" \/>\n\t<meta name=\"twitter:data1\" content=\"Marlenys Guzm\u00e1n Casta\u00f1os\" \/>\n\t<meta name=\"twitter:label2\" content=\"Tiempo de lectura\" \/>\n\t<meta name=\"twitter:data2\" content=\"2 minutos\" \/>\n<script type=\"application\/ld+json\" class=\"yoast-schema-graph\">{\"@context\":\"https:\\\/\\\/schema.org\",\"@graph\":[{\"@type\":\"Article\",\"@id\":\"https:\\\/\\\/casadecampoliving.com\\\/es\\\/clinica-de-familia-la-romana-celebra-25-anos-e-inicia-construccion-de-nuevas-instalaciones\\\/#article\",\"isPartOf\":{\"@id\":\"https:\\\/\\\/casadecampoliving.com\\\/es\\\/clinica-de-familia-la-romana-celebra-25-anos-e-inicia-construccion-de-nuevas-instalaciones\\\/\"},\"author\":{\"name\":\"Marlenys Guzm\u00e1n Casta\u00f1os\",\"@id\":\"https:\\\/\\\/casadecampoliving.com\\\/es\\\/#\\\/schema\\\/person\\\/b6606bd87f9cec8f5903e2141cafda24\"},\"headline\":\"Cl\u00ednica de Familia La Romana Celebra 25 A\u00f1os e Inicia Construcci\u00f3n de Nuevas Instalaciones\",\"datePublished\":\"2024-10-29T17:58:00+00:00\",\"dateModified\":\"2024-11-10T18:15:59+00:00\",\"mainEntityOfPage\":{\"@id\":\"https:\\\/\\\/casadecampoliving.com\\\/es\\\/clinica-de-familia-la-romana-celebra-25-anos-e-inicia-construccion-de-nuevas-instalaciones\\\/\"},\"wordCount\":355,\"publisher\":{\"@id\":\"https:\\\/\\\/casadecampoliving.com\\\/es\\\/#organization\"},\"image\":{\"@id\":\"https:\\\/\\\/casadecampoliving.com\\\/es\\\/clinica-de-familia-la-romana-celebra-25-anos-e-inicia-construccion-de-nuevas-instalaciones\\\/#primaryimage\"},\"thumbnailUrl\":\"https:\\\/\\\/i0.wp.com\\\/casadecampoliving.com\\\/wp-content\\\/uploads\\\/2024\\\/11\\\/Clinica-de-Familia-La-Romana_IMG_6960-scaled.jpg?fit=2560%2C1707&ssl=1\",\"keywords\":[\"Clinica de Familia la Romana @es\",\"La Romana\",\"La Romana @es\"],\"articleSection\":[\"M\u00e1s all\u00e1 de Casa\",\"Salud\"],\"inLanguage\":\"es\"},{\"@type\":\"WebPage\",\"@id\":\"https:\\\/\\\/casadecampoliving.com\\\/es\\\/clinica-de-familia-la-romana-celebra-25-anos-e-inicia-construccion-de-nuevas-instalaciones\\\/\",\"url\":\"https:\\\/\\\/casadecampoliving.com\\\/es\\\/clinica-de-familia-la-romana-celebra-25-anos-e-inicia-construccion-de-nuevas-instalaciones\\\/\",\"name\":\"Cl\u00ednica de Familia La Romana Celebra 25 A\u00f1os e Inicia Construcci\u00f3n de Nuevas Instalaciones | Casa de Campo Living\",\"isPartOf\":{\"@id\":\"https:\\\/\\\/casadecampoliving.com\\\/es\\\/#website\"},\"primaryImageOfPage\":{\"@id\":\"https:\\\/\\\/casadecampoliving.com\\\/es\\\/clinica-de-familia-la-romana-celebra-25-anos-e-inicia-construccion-de-nuevas-instalaciones\\\/#primaryimage\"},\"image\":{\"@id\":\"https:\\\/\\\/casadecampoliving.com\\\/es\\\/clinica-de-familia-la-romana-celebra-25-anos-e-inicia-construccion-de-nuevas-instalaciones\\\/#primaryimage\"},\"thumbnailUrl\":\"https:\\\/\\\/i0.wp.com\\\/casadecampoliving.com\\\/wp-content\\\/uploads\\\/2024\\\/11\\\/Clinica-de-Familia-La-Romana_IMG_6960-scaled.jpg?fit=2560%2C1707&ssl=1\",\"datePublished\":\"2024-10-29T17:58:00+00:00\",\"dateModified\":\"2024-11-10T18:15:59+00:00\",\"description\":\"Cl\u00ednica de Familia La Romana celebr\u00f3 recientemente su 25\u00ba aniversario con una ceremonia de inicio de obras para nuevas instalaciones que ampliar\u00e1n los\",\"breadcrumb\":{\"@id\":\"https:\\\/\\\/casadecampoliving.com\\\/es\\\/clinica-de-familia-la-romana-celebra-25-anos-e-inicia-construccion-de-nuevas-instalaciones\\\/#breadcrumb\"},\"inLanguage\":\"es\",\"potentialAction\":[{\"@type\":\"ReadAction\",\"target\":[\"https:\\\/\\\/casadecampoliving.com\\\/es\\\/clinica-de-familia-la-romana-celebra-25-anos-e-inicia-construccion-de-nuevas-instalaciones\\\/\"]}]},{\"@type\":\"ImageObject\",\"inLanguage\":\"es\",\"@id\":\"https:\\\/\\\/casadecampoliving.com\\\/es\\\/clinica-de-familia-la-romana-celebra-25-anos-e-inicia-construccion-de-nuevas-instalaciones\\\/#primaryimage\",\"url\":\"https:\\\/\\\/i0.wp.com\\\/casadecampoliving.com\\\/wp-content\\\/uploads\\\/2024\\\/11\\\/Clinica-de-Familia-La-Romana_IMG_6960-scaled.jpg?fit=2560%2C1707&ssl=1\",\"contentUrl\":\"https:\\\/\\\/i0.wp.com\\\/casadecampoliving.com\\\/wp-content\\\/uploads\\\/2024\\\/11\\\/Clinica-de-Familia-La-Romana_IMG_6960-scaled.jpg?fit=2560%2C1707&ssl=1\",\"width\":2560,\"height\":1707},{\"@type\":\"BreadcrumbList\",\"@id\":\"https:\\\/\\\/casadecampoliving.com\\\/es\\\/clinica-de-familia-la-romana-celebra-25-anos-e-inicia-construccion-de-nuevas-instalaciones\\\/#breadcrumb\",\"itemListElement\":[{\"@type\":\"ListItem\",\"position\":1,\"name\":\"Home\",\"item\":\"https:\\\/\\\/casadecampoliving.com\\\/es\\\/\"},{\"@type\":\"ListItem\",\"position\":2,\"name\":\"Cl\u00ednica de Familia La Romana Celebra 25 A\u00f1os e Inicia Construcci\u00f3n de Nuevas Instalaciones\"}]},{\"@type\":\"WebSite\",\"@id\":\"https:\\\/\\\/casadecampoliving.com\\\/es\\\/#website\",\"url\":\"https:\\\/\\\/casadecampoliving.com\\\/es\\\/\",\"name\":\"Casa de Campo Living\",\"description\":\"Resort community news and resources.\",\"publisher\":{\"@id\":\"https:\\\/\\\/casadecampoliving.com\\\/es\\\/#organization\"},\"potentialAction\":[{\"@type\":\"SearchAction\",\"target\":{\"@type\":\"EntryPoint\",\"urlTemplate\":\"https:\\\/\\\/casadecampoliving.com\\\/es\\\/?s={search_term_string}\"},\"query-input\":{\"@type\":\"PropertyValueSpecification\",\"valueRequired\":true,\"valueName\":\"search_term_string\"}}],\"inLanguage\":\"es\"},{\"@type\":\"Organization\",\"@id\":\"https:\\\/\\\/casadecampoliving.com\\\/es\\\/#organization\",\"name\":\"Casa de Campo Living\",\"url\":\"https:\\\/\\\/casadecampoliving.com\\\/es\\\/\",\"logo\":{\"@type\":\"ImageObject\",\"inLanguage\":\"es\",\"@id\":\"https:\\\/\\\/casadecampoliving.com\\\/es\\\/#\\\/schema\\\/logo\\\/image\\\/\",\"url\":\"https:\\\/\\\/i0.wp.com\\\/casadecampoliving.com\\\/wp-content\\\/uploads\\\/2022\\\/07\\\/CDCLivingLogo_V1-white-sized.png?fit=800%2C214&ssl=1\",\"contentUrl\":\"https:\\\/\\\/i0.wp.com\\\/casadecampoliving.com\\\/wp-content\\\/uploads\\\/2022\\\/07\\\/CDCLivingLogo_V1-white-sized.png?fit=800%2C214&ssl=1\",\"width\":800,\"height\":214,\"caption\":\"Casa de Campo Living\"},\"image\":{\"@id\":\"https:\\\/\\\/casadecampoliving.com\\\/es\\\/#\\\/schema\\\/logo\\\/image\\\/\"},\"sameAs\":[\"https:\\\/\\\/www.facebook.com\\\/casadecampoliving\",\"https:\\\/\\\/x.com\\\/cdcliving\"]},{\"@type\":\"Person\",\"@id\":\"https:\\\/\\\/casadecampoliving.com\\\/es\\\/#\\\/schema\\\/person\\\/b6606bd87f9cec8f5903e2141cafda24\",\"name\":\"Marlenys Guzm\u00e1n Casta\u00f1os\",\"image\":{\"@type\":\"ImageObject\",\"inLanguage\":\"es\",\"@id\":\"https:\\\/\\\/secure.gravatar.com\\\/avatar\\\/72f3f86b8e6b3ec744201aeadf11d4a6055e8af194aecd9ad30ffff4437878ee?s=96&d=mm&r=g\",\"url\":\"https:\\\/\\\/secure.gravatar.com\\\/avatar\\\/72f3f86b8e6b3ec744201aeadf11d4a6055e8af194aecd9ad30ffff4437878ee?s=96&d=mm&r=g\",\"contentUrl\":\"https:\\\/\\\/secure.gravatar.com\\\/avatar\\\/72f3f86b8e6b3ec744201aeadf11d4a6055e8af194aecd9ad30ffff4437878ee?s=96&d=mm&r=g\",\"caption\":\"Marlenys Guzm\u00e1n Casta\u00f1os\"},\"url\":\"https:\\\/\\\/casadecampoliving.com\\\/es\\\/author\\\/mguzman\\\/\"}]}<\/script>\n<!-- \/ Yoast SEO plugin. -->","yoast_head_json":{"title":"Cl\u00ednica de Familia La Romana Celebra 25 A\u00f1os e Inicia Construcci\u00f3n de Nuevas Instalaciones | Casa de Campo Living","description":"Cl\u00ednica de Familia La Romana celebr\u00f3 recientemente su 25\u00ba aniversario con una ceremonia de inicio de obras para nuevas instalaciones que ampliar\u00e1n los","robots":{"index":"index","follow":"follow","max-snippet":"max-snippet:-1","max-image-preview":"max-image-preview:large","max-video-preview":"max-video-preview:-1"},"canonical":"https:\/\/casadecampoliving.com\/es\/clinica-de-familia-la-romana-celebra-25-anos-e-inicia-construccion-de-nuevas-instalaciones\/","og_locale":"es_ES","og_type":"article","og_title":"Cl\u00ednica de Familia La Romana Celebra 25 A\u00f1os e Inicia Construcci\u00f3n de Nuevas Instalaciones | Casa de Campo Living","og_description":"Cl\u00ednica de Familia La Romana celebr\u00f3 recientemente su 25\u00ba aniversario con una ceremonia de inicio de obras para nuevas instalaciones que ampliar\u00e1n los","og_url":"https:\/\/casadecampoliving.com\/es\/clinica-de-familia-la-romana-celebra-25-anos-e-inicia-construccion-de-nuevas-instalaciones\/","og_site_name":"Casa de Campo Living","article_publisher":"https:\/\/www.facebook.com\/casadecampoliving","article_published_time":"2024-10-29T17:58:00+00:00","article_modified_time":"2024-11-10T18:15:59+00:00","og_image":[{"width":2560,"height":1707,"url":"https:\/\/casadecampoliving.com\/wp-content\/uploads\/2024\/11\/Clinica-de-Familia-La-Romana_IMG_6960-scaled.jpg","type":"image\/jpeg"}],"author":"Marlenys Guzm\u00e1n Casta\u00f1os","twitter_card":"summary_large_image","twitter_creator":"@cdcliving","twitter_site":"@cdcliving","twitter_misc":{"Escrito por":"Marlenys Guzm\u00e1n Casta\u00f1os","Tiempo de lectura":"2 minutos"},"schema":{"@context":"https:\/\/schema.org","@graph":[{"@type":"Article","@id":"https:\/\/casadecampoliving.com\/es\/clinica-de-familia-la-romana-celebra-25-anos-e-inicia-construccion-de-nuevas-instalaciones\/#article","isPartOf":{"@id":"https:\/\/casadecampoliving.com\/es\/clinica-de-familia-la-romana-celebra-25-anos-e-inicia-construccion-de-nuevas-instalaciones\/"},"author":{"name":"Marlenys Guzm\u00e1n Casta\u00f1os","@id":"https:\/\/casadecampoliving.com\/es\/#\/schema\/person\/b6606bd87f9cec8f5903e2141cafda24"},"headline":"Cl\u00ednica de Familia La Romana Celebra 25 A\u00f1os e Inicia Construcci\u00f3n de Nuevas Instalaciones","datePublished":"2024-10-29T17:58:00+00:00","dateModified":"2024-11-10T18:15:59+00:00","mainEntityOfPage":{"@id":"https:\/\/casadecampoliving.com\/es\/clinica-de-familia-la-romana-celebra-25-anos-e-inicia-construccion-de-nuevas-instalaciones\/"},"wordCount":355,"publisher":{"@id":"https:\/\/casadecampoliving.com\/es\/#organization"},"image":{"@id":"https:\/\/casadecampoliving.com\/es\/clinica-de-familia-la-romana-celebra-25-anos-e-inicia-construccion-de-nuevas-instalaciones\/#primaryimage"},"thumbnailUrl":"https:\/\/i0.wp.com\/casadecampoliving.com\/wp-content\/uploads\/2024\/11\/Clinica-de-Familia-La-Romana_IMG_6960-scaled.jpg?fit=2560%2C1707&ssl=1","keywords":["Clinica de Familia la Romana @es","La Romana","La Romana @es"],"articleSection":["M\u00e1s all\u00e1 de Casa","Salud"],"inLanguage":"es"},{"@type":"WebPage","@id":"https:\/\/casadecampoliving.com\/es\/clinica-de-familia-la-romana-celebra-25-anos-e-inicia-construccion-de-nuevas-instalaciones\/","url":"https:\/\/casadecampoliving.com\/es\/clinica-de-familia-la-romana-celebra-25-anos-e-inicia-construccion-de-nuevas-instalaciones\/","name":"Cl\u00ednica de Familia La Romana Celebra 25 A\u00f1os e Inicia Construcci\u00f3n de Nuevas Instalaciones | Casa de Campo Living","isPartOf":{"@id":"https:\/\/casadecampoliving.com\/es\/#website"},"primaryImageOfPage":{"@id":"https:\/\/casadecampoliving.com\/es\/clinica-de-familia-la-romana-celebra-25-anos-e-inicia-construccion-de-nuevas-instalaciones\/#primaryimage"},"image":{"@id":"https:\/\/casadecampoliving.com\/es\/clinica-de-familia-la-romana-celebra-25-anos-e-inicia-construccion-de-nuevas-instalaciones\/#primaryimage"},"thumbnailUrl":"https:\/\/i0.wp.com\/casadecampoliving.com\/wp-content\/uploads\/2024\/11\/Clinica-de-Familia-La-Romana_IMG_6960-scaled.jpg?fit=2560%2C1707&ssl=1","datePublished":"2024-10-29T17:58:00+00:00","dateModified":"2024-11-10T18:15:59+00:00","description":"Cl\u00ednica de Familia La Romana celebr\u00f3 recientemente su 25\u00ba aniversario con una ceremonia de inicio de obras para nuevas instalaciones que ampliar\u00e1n los","breadcrumb":{"@id":"https:\/\/casadecampoliving.com\/es\/clinica-de-familia-la-romana-celebra-25-anos-e-inicia-construccion-de-nuevas-instalaciones\/#breadcrumb"},"inLanguage":"es","potentialAction":[{"@type":"ReadAction","target":["https:\/\/casadecampoliving.com\/es\/clinica-de-familia-la-romana-celebra-25-anos-e-inicia-construccion-de-nuevas-instalaciones\/"]}]},{"@type":"ImageObject","inLanguage":"es","@id":"https:\/\/casadecampoliving.com\/es\/clinica-de-familia-la-romana-celebra-25-anos-e-inicia-construccion-de-nuevas-instalaciones\/#primaryimage","url":"https:\/\/i0.wp.com\/casadecampoliving.com\/wp-content\/uploads\/2024\/11\/Clinica-de-Familia-La-Romana_IMG_6960-scaled.jpg?fit=2560%2C1707&ssl=1","contentUrl":"https:\/\/i0.wp.com\/casadecampoliving.com\/wp-content\/uploads\/2024\/11\/Clinica-de-Familia-La-Romana_IMG_6960-scaled.jpg?fit=2560%2C1707&ssl=1","width":2560,"height":1707},{"@type":"BreadcrumbList","@id":"https:\/\/casadecampoliving.com\/es\/clinica-de-familia-la-romana-celebra-25-anos-e-inicia-construccion-de-nuevas-instalaciones\/#breadcrumb","itemListElement":[{"@type":"ListItem","position":1,"name":"Home","item":"https:\/\/casadecampoliving.com\/es\/"},{"@type":"ListItem","position":2,"name":"Cl\u00ednica de Familia La Romana Celebra 25 A\u00f1os e Inicia Construcci\u00f3n de Nuevas Instalaciones"}]},{"@type":"WebSite","@id":"https:\/\/casadecampoliving.com\/es\/#website","url":"https:\/\/casadecampoliving.com\/es\/","name":"Casa de Campo Living","description":"Resort community news and resources.","publisher":{"@id":"https:\/\/casadecampoliving.com\/es\/#organization"},"potentialAction":[{"@type":"SearchAction","target":{"@type":"EntryPoint","urlTemplate":"https:\/\/casadecampoliving.com\/es\/?s={search_term_string}"},"query-input":{"@type":"PropertyValueSpecification","valueRequired":true,"valueName":"search_term_string"}}],"inLanguage":"es"},{"@type":"Organization","@id":"https:\/\/casadecampoliving.com\/es\/#organization","name":"Casa de Campo Living","url":"https:\/\/casadecampoliving.com\/es\/","logo":{"@type":"ImageObject","inLanguage":"es","@id":"https:\/\/casadecampoliving.com\/es\/#\/schema\/logo\/image\/","url":"https:\/\/i0.wp.com\/casadecampoliving.com\/wp-content\/uploads\/2022\/07\/CDCLivingLogo_V1-white-sized.png?fit=800%2C214&ssl=1","contentUrl":"https:\/\/i0.wp.com\/casadecampoliving.com\/wp-content\/uploads\/2022\/07\/CDCLivingLogo_V1-white-sized.png?fit=800%2C214&ssl=1","width":800,"height":214,"caption":"Casa de Campo Living"},"image":{"@id":"https:\/\/casadecampoliving.com\/es\/#\/schema\/logo\/image\/"},"sameAs":["https:\/\/www.facebook.com\/casadecampoliving","https:\/\/x.com\/cdcliving"]},{"@type":"Person","@id":"https:\/\/casadecampoliving.com\/es\/#\/schema\/person\/b6606bd87f9cec8f5903e2141cafda24","name":"Marlenys Guzm\u00e1n Casta\u00f1os","image":{"@type":"ImageObject","inLanguage":"es","@id":"https:\/\/secure.gravatar.com\/avatar\/72f3f86b8e6b3ec744201aeadf11d4a6055e8af194aecd9ad30ffff4437878ee?s=96&d=mm&r=g","url":"https:\/\/secure.gravatar.com\/avatar\/72f3f86b8e6b3ec744201aeadf11d4a6055e8af194aecd9ad30ffff4437878ee?s=96&d=mm&r=g","contentUrl":"https:\/\/secure.gravatar.com\/avatar\/72f3f86b8e6b3ec744201aeadf11d4a6055e8af194aecd9ad30ffff4437878ee?s=96&d=mm&r=g","caption":"Marlenys Guzm\u00e1n Casta\u00f1os"},"url":"https:\/\/casadecampoliving.com\/es\/author\/mguzman\/"}]}},"parsely":{"version":"1.1.0","canonical_url":"https:\/\/casadecampoliving.com\/es\/clinica-de-familia-la-romana-celebra-25-anos-e-inicia-construccion-de-nuevas-instalaciones\/","smart_links":{"inbound":0,"outbound":0},"traffic_boost_suggestions_count":0,"meta":{"@context":"https:\/\/schema.org","@type":"NewsArticle","headline":"Cl\u00ednica de Familia La Romana Celebra 25 A\u00f1os e Inicia Construcci\u00f3n de Nuevas Instalaciones","url":"http:\/\/casadecampoliving.com\/es\/clinica-de-familia-la-romana-celebra-25-anos-e-inicia-construccion-de-nuevas-instalaciones\/","mainEntityOfPage":{"@type":"WebPage","@id":"http:\/\/casadecampoliving.com\/es\/clinica-de-familia-la-romana-celebra-25-anos-e-inicia-construccion-de-nuevas-instalaciones\/"},"thumbnailUrl":"https:\/\/i0.wp.com\/casadecampoliving.com\/wp-content\/uploads\/2024\/11\/Clinica-de-Familia-La-Romana_IMG_6960-scaled.jpg?resize=150%2C150&ssl=1","image":{"@type":"ImageObject","url":"https:\/\/i0.wp.com\/casadecampoliving.com\/wp-content\/uploads\/2024\/11\/Clinica-de-Familia-La-Romana_IMG_6960-scaled.jpg?fit=2560%2C1707&ssl=1"},"articleSection":"M\u00e1s all\u00e1 de Casa","author":[{"@type":"Person","name":"Marlenys Guzm\u00e1n Casta\u00f1os"}],"creator":["Marlenys Guzm\u00e1n Casta\u00f1os"],"publisher":{"@type":"Organization","name":"Casa de Campo Living","logo":"https:\/\/casadecampoliving.com\/wp-content\/uploads\/2022\/07\/CDCLivingLogo_V1-white-sized.png"},"keywords":["clinica de familia la romana @es","la romana","la romana @es"],"dateCreated":"2024-10-29T17:58:00Z","datePublished":"2024-10-29T17:58:00Z","dateModified":"2024-11-10T18:15:59Z"},"rendered":"<script type=\"application\/ld+json\" class=\"wp-parsely-metadata\">{\"@context\":\"https:\\\/\\\/schema.org\",\"@type\":\"NewsArticle\",\"headline\":\"Cl\\u00ednica de Familia La Romana Celebra 25 A\\u00f1os e Inicia Construcci\\u00f3n de Nuevas Instalaciones\",\"url\":\"http:\\\/\\\/casadecampoliving.com\\\/es\\\/clinica-de-familia-la-romana-celebra-25-anos-e-inicia-construccion-de-nuevas-instalaciones\\\/\",\"mainEntityOfPage\":{\"@type\":\"WebPage\",\"@id\":\"http:\\\/\\\/casadecampoliving.com\\\/es\\\/clinica-de-familia-la-romana-celebra-25-anos-e-inicia-construccion-de-nuevas-instalaciones\\\/\"},\"thumbnailUrl\":\"https:\\\/\\\/i0.wp.com\\\/casadecampoliving.com\\\/wp-content\\\/uploads\\\/2024\\\/11\\\/Clinica-de-Familia-La-Romana_IMG_6960-scaled.jpg?resize=150%2C150&ssl=1\",\"image\":{\"@type\":\"ImageObject\",\"url\":\"https:\\\/\\\/i0.wp.com\\\/casadecampoliving.com\\\/wp-content\\\/uploads\\\/2024\\\/11\\\/Clinica-de-Familia-La-Romana_IMG_6960-scaled.jpg?fit=2560%2C1707&ssl=1\"},\"articleSection\":\"M\\u00e1s all\\u00e1 de Casa\",\"author\":[{\"@type\":\"Person\",\"name\":\"Marlenys Guzm\\u00e1n Casta\\u00f1os\"}],\"creator\":[\"Marlenys Guzm\\u00e1n Casta\\u00f1os\"],\"publisher\":{\"@type\":\"Organization\",\"name\":\"Casa de Campo Living\",\"logo\":\"https:\\\/\\\/casadecampoliving.com\\\/wp-content\\\/uploads\\\/2022\\\/07\\\/CDCLivingLogo_V1-white-sized.png\"},\"keywords\":[\"clinica de familia la romana @es\",\"la romana\",\"la romana @es\"],\"dateCreated\":\"2024-10-29T17:58:00Z\",\"datePublished\":\"2024-10-29T17:58:00Z\",\"dateModified\":\"2024-11-10T18:15:59Z\"}<\/script>","tracker_url":"https:\/\/cdn.parsely.com\/keys\/casadecampoliving.com\/p.js"},"jetpack_publicize_connections":[],"jetpack_featured_media_url":"https:\/\/i0.wp.com\/casadecampoliving.com\/wp-content\/uploads\/2024\/11\/Clinica-de-Familia-La-Romana_IMG_6960-scaled.jpg?fit=2560%2C1707&ssl=1","jetpack-related-posts":[{"id":345101,"url":"https:\/\/casadecampoliving.com\/es\/clinicadefamilialaromana\/","url_meta":{"origin":534119,"position":0},"title":"Inaguraci\u00f3n de la Cl\u00ednica de Familia La Romana","author":"Maria Isabel B\u00e1ez","date":"12 Ago, 2014","format":false,"excerpt":"El 1ro de agosto la Cl\u00ednica de Familia La Romana celebr\u00f3 la reinauguraci\u00f3n de su centro. El centro m\u00e9dico fue reinaugurado despu\u00e9s de remodelaciones en su infraestructura e instalaciones de paneles solares como una de sus mejor\u00edas. \u00a1Ahora la Cl\u00ednica de Familia La Romana est\u00e1 devuelta y mejor que nunca!\u2026","rel":"","context":"En \u00abCasa de Campo Living @es\u00bb","block_context":{"text":"Casa de Campo Living @es","link":"https:\/\/casadecampoliving.com\/category\/casa-de-campo-living-es\/"},"img":{"alt_text":"","src":"https:\/\/i0.wp.com\/casadecampoliving.com\/wp-content\/uploads\/2022\/10\/CFLR_Inauguracion_112-1.jpg?fit=1200%2C797&ssl=1&resize=350%2C200","width":350,"height":200,"srcset":"https:\/\/i0.wp.com\/casadecampoliving.com\/wp-content\/uploads\/2022\/10\/CFLR_Inauguracion_112-1.jpg?fit=1200%2C797&ssl=1&resize=350%2C200 1x, https:\/\/i0.wp.com\/casadecampoliving.com\/wp-content\/uploads\/2022\/10\/CFLR_Inauguracion_112-1.jpg?fit=1200%2C797&ssl=1&resize=525%2C300 1.5x, https:\/\/i0.wp.com\/casadecampoliving.com\/wp-content\/uploads\/2022\/10\/CFLR_Inauguracion_112-1.jpg?fit=1200%2C797&ssl=1&resize=700%2C400 2x, https:\/\/i0.wp.com\/casadecampoliving.com\/wp-content\/uploads\/2022\/10\/CFLR_Inauguracion_112-1.jpg?fit=1200%2C797&ssl=1&resize=1050%2C600 3x"},"classes":[]},{"id":353721,"url":"https:\/\/casadecampoliving.com\/es\/inauguracion-nuevo-centro-dermatologico-clinica-de-familia-la-romana-en-villa-hermosa\/","url_meta":{"origin":534119,"position":1},"title":"Inauguraci\u00f3n Nuevo Centro Dermatol\u00f3gico Cl\u00ednica de Familia La Romana en Villa Hermosa","author":"Casa de Campo Living","date":"13 Mar, 2020","format":false,"excerpt":"El pasado 4 de marzo, Cl\u00ednica de Familia inaugur\u00f3 su nuevo Centro Dermatol\u00f3gico Cl\u00ednica de Familia La Romana en el municipio de Villa Hermosa. Es un espacio creado con el objetivo de proveer nuevas opciones para el cuidado de la piel a esa comunidad. El acto inaugural cont\u00f3 con la\u2026","rel":"","context":"En \u00abEstilo de Vida\u00bb","block_context":{"text":"Estilo de Vida","link":"https:\/\/casadecampoliving.com\/es\/category\/estilo-de-vida\/"},"img":{"alt_text":"","src":"https:\/\/i0.wp.com\/casadecampoliving.com\/wp-content\/uploads\/2022\/10\/IMG_5598.jpg?fit=1000%2C667&ssl=1&resize=350%2C200","width":350,"height":200,"srcset":"https:\/\/i0.wp.com\/casadecampoliving.com\/wp-content\/uploads\/2022\/10\/IMG_5598.jpg?fit=1000%2C667&ssl=1&resize=350%2C200 1x, https:\/\/i0.wp.com\/casadecampoliving.com\/wp-content\/uploads\/2022\/10\/IMG_5598.jpg?fit=1000%2C667&ssl=1&resize=525%2C300 1.5x, https:\/\/i0.wp.com\/casadecampoliving.com\/wp-content\/uploads\/2022\/10\/IMG_5598.jpg?fit=1000%2C667&ssl=1&resize=700%2C400 2x"},"classes":[]},{"id":527083,"url":"https:\/\/casadecampoliving.com\/es\/fundacion-familiar-pincus-y-chop-visitan-la-clinica-de-familia-la-romana\/","url_meta":{"origin":534119,"position":2},"title":"Fundaci\u00f3n Familiar Pincus y CHOP Visitan la Cl\u00ednica de Familia La Romana","author":"Casa de Campo Living","date":"21 Feb, 2024","format":false,"excerpt":"El lunes 12 de febrero, la Cl\u00ednica de Familia La Romana recibi\u00f3 a representantes de la Fundaci\u00f3n Familiar Pincus y del Hospital Infantil de Filadelfia (CHOP). Esta visita marc\u00f3 un momento significativo en la asociaci\u00f3n entre instituciones de salud, con el objetivo de mejorar el acceso y la calidad de\u2026","rel":"","context":"En \u00abM\u00e1s all\u00e1 de Casa\u00bb","block_context":{"text":"M\u00e1s all\u00e1 de Casa","link":"https:\/\/casadecampoliving.com\/es\/category\/mas-alla-de-casa-es\/"},"img":{"alt_text":"","src":"https:\/\/i0.wp.com\/casadecampoliving.com\/wp-content\/uploads\/2024\/02\/IMG_5673-scaled.jpeg?fit=1200%2C900&ssl=1&resize=350%2C200","width":350,"height":200,"srcset":"https:\/\/i0.wp.com\/casadecampoliving.com\/wp-content\/uploads\/2024\/02\/IMG_5673-scaled.jpeg?fit=1200%2C900&ssl=1&resize=350%2C200 1x, https:\/\/i0.wp.com\/casadecampoliving.com\/wp-content\/uploads\/2024\/02\/IMG_5673-scaled.jpeg?fit=1200%2C900&ssl=1&resize=525%2C300 1.5x, https:\/\/i0.wp.com\/casadecampoliving.com\/wp-content\/uploads\/2024\/02\/IMG_5673-scaled.jpeg?fit=1200%2C900&ssl=1&resize=700%2C400 2x, https:\/\/i0.wp.com\/casadecampoliving.com\/wp-content\/uploads\/2024\/02\/IMG_5673-scaled.jpeg?fit=1200%2C900&ssl=1&resize=1050%2C600 3x"},"classes":[]},{"id":524233,"url":"https:\/\/casadecampoliving.com\/es\/clinica-de-familia-la-romana-firma-acuerdos-con-organizaciones-locales-para-la-prestacion-de-servicios-de-salud\/","url_meta":{"origin":534119,"position":3},"title":"Cl\u00ednica de Familia La Romana Firma Acuerdos con Organizaciones Locales para la prestaci\u00f3n de Servicios de Salud","author":"Casa de Campo Living","date":"7 Nov, 2023","format":false,"excerpt":"La Cl\u00ednica de Familia La Romana firm\u00f3 recientemente acuerdos inter-institucionales con diferentes organizaciones no gubernamentales en la regi\u00f3n este pa\u00eds. Estas organizaciones incluyen Rotary La Romana Flor del Este, Grupo de Apoyo Este Amor, Trans Este Podemos Avanzar, Fundaci\u00f3n Sol y Luna y Movimiento GLBTI. Estos acuerdos buscan fomentar el\u2026","rel":"","context":"En \u00abUncategorized @es\u00bb","block_context":{"text":"Uncategorized @es","link":"https:\/\/casadecampoliving.com\/es\/category\/uncategorized-es\/"},"img":{"alt_text":"","src":"https:\/\/i0.wp.com\/casadecampoliving.com\/wp-content\/uploads\/2023\/11\/Clinica-de-Familia-La-Romana-Foto-Nota-Acuerdo.jpeg?fit=768%2C1024&ssl=1&resize=350%2C200","width":350,"height":200,"srcset":"https:\/\/i0.wp.com\/casadecampoliving.com\/wp-content\/uploads\/2023\/11\/Clinica-de-Familia-La-Romana-Foto-Nota-Acuerdo.jpeg?fit=768%2C1024&ssl=1&resize=350%2C200 1x, https:\/\/i0.wp.com\/casadecampoliving.com\/wp-content\/uploads\/2023\/11\/Clinica-de-Familia-La-Romana-Foto-Nota-Acuerdo.jpeg?fit=768%2C1024&ssl=1&resize=525%2C300 1.5x, https:\/\/i0.wp.com\/casadecampoliving.com\/wp-content\/uploads\/2023\/11\/Clinica-de-Familia-La-Romana-Foto-Nota-Acuerdo.jpeg?fit=768%2C1024&ssl=1&resize=700%2C400 2x"},"classes":[]},{"id":342844,"url":"https:\/\/casadecampoliving.com\/es\/introducing-el-centro-de-salud-global-en-la-clinica-de-familia-la-romana\/","url_meta":{"origin":534119,"position":4},"title":"Conozca el Centro de Salud Global en la Cl\u00ednica de Familia La Romana","author":"Rebecca Silvestri","date":"10 Sep, 2013","format":false,"excerpt":"Dentro del \u00e1rea metropolitana de La Romana, a la cual Casa de Campo pertenece, hay muchas instituciones que trabajan de una manera ardua para la comunidad. Aqu\u00ed te presentamos el Centro de Salud Global, que es parte de Cl\u00ednica de Familia en La Romana. Cl\u00ednica de Familia es una organizaci\u00f3n\u2026","rel":"","context":"En \u00abDeportes\u00bb","block_context":{"text":"Deportes","link":"https:\/\/casadecampoliving.com\/es\/category\/golf-deportes-es\/"},"img":{"alt_text":"Clinica de Familia La Romana","src":"https:\/\/i0.wp.com\/casadecampoliving.com\/wp-content\/uploads\/2022\/10\/clinica_de_familia_la_romana-3.jpg?fit=650%2C411&ssl=1&resize=350%2C200","width":350,"height":200,"srcset":"https:\/\/i0.wp.com\/casadecampoliving.com\/wp-content\/uploads\/2022\/10\/clinica_de_familia_la_romana-3.jpg?fit=650%2C411&ssl=1&resize=350%2C200 1x, https:\/\/i0.wp.com\/casadecampoliving.com\/wp-content\/uploads\/2022\/10\/clinica_de_familia_la_romana-3.jpg?fit=650%2C411&ssl=1&resize=525%2C300 1.5x"},"classes":[]},{"id":353562,"url":"https:\/\/casadecampoliving.com\/es\/celebracion-de-20-anos-de-clinica-de-familia-la-romana-brindando-servicios-en-la-comunidad\/","url_meta":{"origin":534119,"position":5},"title":"Celebraci\u00f3n de 20 A\u00f1os de Cl\u00ednica de Familia La Romana brindando servicios en la comunidad","author":"Casa de Campo Living","date":"30 Sep, 2019","format":false,"excerpt":"El pasado viernes, 20 de septiembre Cl\u00ednica de Familia La Romana celebr\u00f3 su trayectoria de trabajo de 20 a\u00f1os brindando servicios de salud a la comunidad de La Romana y gran parte de la regi\u00f3n este. Como parte de las festividades, se realiz\u00f3 durante el d\u00eda la celebraci\u00f3n con todos\u2026","rel":"","context":"En \u00abM\u00e1s all\u00e1 de Casa\u00bb","block_context":{"text":"M\u00e1s all\u00e1 de Casa","link":"https:\/\/casadecampoliving.com\/es\/category\/mas-alla-de-casa-es\/"},"img":{"alt_text":"","src":"https:\/\/i0.wp.com\/casadecampoliving.com\/wp-content\/uploads\/2022\/10\/IMG_2542-1.jpg?fit=1000%2C667&ssl=1&resize=350%2C200","width":350,"height":200,"srcset":"https:\/\/i0.wp.com\/casadecampoliving.com\/wp-content\/uploads\/2022\/10\/IMG_2542-1.jpg?fit=1000%2C667&ssl=1&resize=350%2C200 1x, https:\/\/i0.wp.com\/casadecampoliving.com\/wp-content\/uploads\/2022\/10\/IMG_2542-1.jpg?fit=1000%2C667&ssl=1&resize=525%2C300 1.5x, https:\/\/i0.wp.com\/casadecampoliving.com\/wp-content\/uploads\/2022\/10\/IMG_2542-1.jpg?fit=1000%2C667&ssl=1&resize=700%2C400 2x"},"classes":[]}],"jetpack_sharing_enabled":true,"_links":{"self":[{"href":"https:\/\/casadecampoliving.com\/es\/wp-json\/wp\/v2\/posts\/534119","targetHints":{"allow":["GET"]}}],"collection":[{"href":"https:\/\/casadecampoliving.com\/es\/wp-json\/wp\/v2\/posts"}],"about":[{"href":"https:\/\/casadecampoliving.com\/es\/wp-json\/wp\/v2\/types\/post"}],"author":[{"embeddable":true,"href":"https:\/\/casadecampoliving.com\/es\/wp-json\/wp\/v2\/users\/36682"}],"replies":[{"embeddable":true,"href":"https:\/\/casadecampoliving.com\/es\/wp-json\/wp\/v2\/comments?post=534119"}],"version-history":[{"count":1,"href":"https:\/\/casadecampoliving.com\/es\/wp-json\/wp\/v2\/posts\/534119\/revisions"}],"predecessor-version":[{"id":534120,"href":"https:\/\/casadecampoliving.com\/es\/wp-json\/wp\/v2\/posts\/534119\/revisions\/534120"}],"wp:featuredmedia":[{"embeddable":true,"href":"https:\/\/casadecampoliving.com\/es\/wp-json\/wp\/v2\/media\/534115"}],"wp:attachment":[{"href":"https:\/\/casadecampoliving.com\/es\/wp-json\/wp\/v2\/media?parent=534119"}],"wp:term":[{"taxonomy":"category","embeddable":true,"href":"https:\/\/casadecampoliving.com\/es\/wp-json\/wp\/v2\/categories?post=534119"},{"taxonomy":"post_tag","embeddable":true,"href":"https:\/\/casadecampoliving.com\/es\/wp-json\/wp\/v2\/tags?post=534119"},{"taxonomy":"newspack_spnsrs_tax","embeddable":true,"href":"https:\/\/casadecampoliving.com\/es\/wp-json\/wp\/v2\/newspack_spnsrs_tax?post=534119"}],"curies":[{"name":"wp","href":"https:\/\/api.w.org\/{rel}","templated":true}]}}