{"id":533380,"date":"2024-09-17T07:55:06","date_gmt":"2024-09-17T11:55:06","guid":{"rendered":"https:\/\/casadecampoliving.com\/?p=533380"},"modified":"2024-09-17T07:55:09","modified_gmt":"2024-09-17T11:55:09","slug":"jovenes-de-comunidades-agricolas-del-cr-reciben-clinicas-de-baloncesto-con-al-horford","status":"publish","type":"post","link":"https:\/\/casadecampoliving.com\/es\/jovenes-de-comunidades-agricolas-del-cr-reciben-clinicas-de-baloncesto-con-al-horford\/","title":{"rendered":"J\u00f3venes de comunidades agr\u00edcolas del CR reciben cl\u00ednicas de baloncesto con Al Horford"},"content":{"rendered":"\n<p>Un grupo de j\u00f3venes de las comunidades agr\u00edcolas de Central Romana participaron en el \u201cCampamento Tribu\u201d, una iniciativa deportiva encabezada por el baloncelista de categor\u00eda mundial Al Horford, que consisti\u00f3 en impartir cl\u00ednicas de baloncesto a decenas de ni\u00f1os y j\u00f3venes de La Romana.<\/p>\n\n\n\n<p>Anthony G\u00f3mez, Vialfre de la Cruz, Richardson San\u00f3, Hamilton Sacar\u00edas y Enmanuel Castillo, de las divisiones de Guaymate e Hig\u00fceral y la comunidad ca\u00f1era de Guerrero, tuvieron la oportunidad de recibir entrenamientos sobre los fundamentos b\u00e1sicos del baloncesto, as\u00ed como la estimulaci\u00f3n de aspectos psicosociales que ayudan a complementar su formaci\u00f3n como atletas.<\/p>\n\n\n\n<figure class=\"wp-block-image size-large\"><img data-recalc-dims=\"1\" loading=\"lazy\" decoding=\"async\" width=\"1024\" height=\"683\" data-attachment-id=\"533383\" data-permalink=\"https:\/\/casadecampoliving.com\/es\/jovenes-de-comunidades-agricolas-del-cr-reciben-clinicas-de-baloncesto-con-al-horford\/4-2\/\" data-orig-file=\"https:\/\/i0.wp.com\/casadecampoliving.com\/wp-content\/uploads\/2024\/09\/4.jpg?fit=2048%2C1365&amp;ssl=1\" data-orig-size=\"2048,1365\" data-comments-opened=\"0\" data-image-meta=\"{&quot;aperture&quot;:&quot;0&quot;,&quot;credit&quot;:&quot;&quot;,&quot;camera&quot;:&quot;&quot;,&quot;caption&quot;:&quot;&quot;,&quot;created_timestamp&quot;:&quot;0&quot;,&quot;copyright&quot;:&quot;&quot;,&quot;focal_length&quot;:&quot;0&quot;,&quot;iso&quot;:&quot;0&quot;,&quot;shutter_speed&quot;:&quot;0&quot;,&quot;title&quot;:&quot;&quot;,&quot;orientation&quot;:&quot;0&quot;}\" data-image-title=\"4\" data-image-description=\"\" data-image-caption=\"\" data-large-file=\"https:\/\/i0.wp.com\/casadecampoliving.com\/wp-content\/uploads\/2024\/09\/4.jpg?fit=1024%2C683&amp;ssl=1\" src=\"https:\/\/i0.wp.com\/casadecampoliving.com\/wp-content\/uploads\/2024\/09\/4.jpg?resize=1024%2C683&#038;ssl=1\" alt=\"\" class=\"wp-image-533383\" srcset=\"https:\/\/i0.wp.com\/casadecampoliving.com\/wp-content\/uploads\/2024\/09\/4.jpg?resize=1024%2C683&amp;ssl=1 1024w, https:\/\/i0.wp.com\/casadecampoliving.com\/wp-content\/uploads\/2024\/09\/4.jpg?resize=300%2C200&amp;ssl=1 300w, https:\/\/i0.wp.com\/casadecampoliving.com\/wp-content\/uploads\/2024\/09\/4.jpg?resize=768%2C512&amp;ssl=1 768w, https:\/\/i0.wp.com\/casadecampoliving.com\/wp-content\/uploads\/2024\/09\/4.jpg?resize=1536%2C1024&amp;ssl=1 1536w, https:\/\/i0.wp.com\/casadecampoliving.com\/wp-content\/uploads\/2024\/09\/4.jpg?resize=1200%2C800&amp;ssl=1 1200w, https:\/\/i0.wp.com\/casadecampoliving.com\/wp-content\/uploads\/2024\/09\/4.jpg?resize=1568%2C1045&amp;ssl=1 1568w, https:\/\/i0.wp.com\/casadecampoliving.com\/wp-content\/uploads\/2024\/09\/4.jpg?resize=2000%2C1333&amp;ssl=1 2000w, https:\/\/i0.wp.com\/casadecampoliving.com\/wp-content\/uploads\/2024\/09\/4.jpg?resize=400%2C267&amp;ssl=1 400w, https:\/\/i0.wp.com\/casadecampoliving.com\/wp-content\/uploads\/2024\/09\/4.jpg?resize=1320%2C880&amp;ssl=1 1320w, https:\/\/i0.wp.com\/casadecampoliving.com\/wp-content\/uploads\/2024\/09\/4.jpg?resize=150%2C100&amp;ssl=1 150w, https:\/\/i0.wp.com\/casadecampoliving.com\/wp-content\/uploads\/2024\/09\/4.jpg?w=2048&amp;ssl=1 2048w, https:\/\/i0.wp.com\/casadecampoliving.com\/wp-content\/uploads\/2024\/09\/4-1024x683.jpg?w=370&amp;ssl=1 370w\" sizes=\"auto, (max-width: 1000px) 100vw, 1000px\" \/><\/figure>\n\n\n\n<p>Durante el encuentro deportivo que se desarroll\u00f3 en el Polideportivo Deportivo Eleoncio Mercedes y cont\u00f3 con el respaldo de nuestra empresa, reconocimos la trayectoria, el talento, la disciplina y los aportes al deporte nacional del actual campe\u00f3n de la NBA, Al Horford, quien estuvo acompa\u00f1ado de su padre Tito Horford.<\/p>\n\n\n\n<p>\u201cPara Central Romana siempre ser\u00e1 prioridad apoyar a la juventud dominicana a trav\u00e9s de los programas deportivos que desarrollamos en nuestras comunidades agr\u00edcolas. Estos j\u00f3venes ven en ti un paradigma y un ejemplo a seguir. Por tal raz\u00f3n, nos llena de orgullo reconocer todos sus logros como deportista y por tus valores humanos y familiares que te caracterizan\u201d, dijo Jorge Sturla, ejecutivo de Central Romana.<\/p>\n\n\n\n<p><strong><em>Fuente y cr\u00e9ditos de im\u00e1genes: Central Romana Corporation<\/em><\/strong><\/p>\n","protected":false},"excerpt":{"rendered":"<p>Un grupo de j\u00f3venes de las comunidades agr\u00edcolas de Central Romana participaron en el \u201cCampamento Tribu\u201d, una iniciativa deportiva encabezada por el baloncelista de categor\u00eda mundial Al Horford, que consisti\u00f3 en impartir cl\u00ednicas de baloncesto a decenas de ni\u00f1os y j\u00f3venes de La Romana. Anthony G\u00f3mez, Vialfre de la Cruz, Richardson San\u00f3, Hamilton Sacar\u00edas y [&hellip;]<\/p>\n","protected":false},"author":431,"featured_media":533381,"comment_status":"closed","ping_status":"closed","sticky":false,"template":"","format":"standard","meta":{"newspack_ads_suppress_ads":false,"newspack_popups_has_disabled_popups":false,"newspack_sponsor_sponsorship_scope":"","newspack_sponsor_native_byline_display":"inherit","newspack_sponsor_native_category_display":"inherit","newspack_sponsor_underwriter_style":"inherit","newspack_sponsor_underwriter_placement":"inherit","_newspack_byline_active":false,"_newspack_byline":"","newspack_hide_updated_date":false,"newspack_show_updated_date":false,"newspack_content_restriction_is_exempt":false,"newspack_featured_image_position":"","newspack_post_subtitle":"La empresa mantiene un apoyo constante a la juventud de La Romana a trav\u00e9s de diversos programas deportivos","newspack_article_summary_title":"Overview:","newspack_article_summary":"","_jetpack_memberships_contains_paid_content":false,"footnotes":"","jetpack_publicize_message":"","jetpack_publicize_feature_enabled":true,"jetpack_social_post_already_shared":true,"jetpack_social_options":{"image_generator_settings":{"template":"highway","enabled":false},"version":2},"_wpas_customize_per_network":false},"categories":[2525,2507,2506],"tags":[27727,27726,18932],"newspack_spnsrs_tax":[],"class_list":["post-533380","post","type-post","status-publish","format-standard","has-post-thumbnail","hentry","category-golf-deportes-es","category-la-romana-es","category-mas-alla-de-casa-es","tag-al-horford","tag-centran-romana","tag-la-romana-es-4","entry"],"yoast_head":"<!-- This site is optimized with the Yoast SEO plugin v27.4 - https:\/\/yoast.com\/product\/yoast-seo-wordpress\/ -->\n<title>J\u00f3venes de comunidades agr\u00edcolas del CR reciben cl\u00ednicas de baloncesto con Al Horford | Casa de Campo Living<\/title>\n<meta name=\"description\" content=\"Un grupo de j\u00f3venes de las comunidades agr\u00edcolas de Central Romana participaron en el \u201cCampamento Tribu\u201d, una iniciativa deportiva encabezada por el\" \/>\n<meta name=\"robots\" content=\"index, follow, max-snippet:-1, max-image-preview:large, max-video-preview:-1\" \/>\n<link rel=\"canonical\" href=\"https:\/\/casadecampoliving.com\/es\/jovenes-de-comunidades-agricolas-del-cr-reciben-clinicas-de-baloncesto-con-al-horford\/\" \/>\n<meta property=\"og:locale\" content=\"es_ES\" \/>\n<meta property=\"og:type\" content=\"article\" \/>\n<meta property=\"og:title\" content=\"J\u00f3venes de comunidades agr\u00edcolas del CR reciben cl\u00ednicas de baloncesto con Al Horford | Casa de Campo Living\" \/>\n<meta property=\"og:description\" content=\"Un grupo de j\u00f3venes de las comunidades agr\u00edcolas de Central Romana participaron en el \u201cCampamento Tribu\u201d, una iniciativa deportiva encabezada por el\" \/>\n<meta property=\"og:url\" content=\"https:\/\/casadecampoliving.com\/es\/jovenes-de-comunidades-agricolas-del-cr-reciben-clinicas-de-baloncesto-con-al-horford\/\" \/>\n<meta property=\"og:site_name\" content=\"Casa de Campo Living\" \/>\n<meta property=\"article:publisher\" content=\"https:\/\/www.facebook.com\/casadecampoliving\" \/>\n<meta property=\"article:published_time\" content=\"2024-09-17T11:55:06+00:00\" \/>\n<meta property=\"article:modified_time\" content=\"2024-09-17T11:55:09+00:00\" \/>\n<meta property=\"og:image\" content=\"https:\/\/casadecampoliving.com\/wp-content\/uploads\/2024\/09\/5.jpg\" \/>\n\t<meta property=\"og:image:width\" content=\"2048\" \/>\n\t<meta property=\"og:image:height\" content=\"1365\" \/>\n\t<meta property=\"og:image:type\" content=\"image\/jpeg\" \/>\n<meta name=\"author\" content=\"Mairobi Herrera\" \/>\n<meta name=\"twitter:card\" content=\"summary_large_image\" \/>\n<meta name=\"twitter:creator\" content=\"@cdcliving\" \/>\n<meta name=\"twitter:site\" content=\"@cdcliving\" \/>\n<meta name=\"twitter:label1\" content=\"Escrito por\" \/>\n\t<meta name=\"twitter:data1\" content=\"Mairobi Herrera\" \/>\n\t<meta name=\"twitter:label2\" content=\"Tiempo de lectura\" \/>\n\t<meta name=\"twitter:data2\" content=\"2 minutos\" \/>\n<script type=\"application\/ld+json\" class=\"yoast-schema-graph\">{\"@context\":\"https:\\\/\\\/schema.org\",\"@graph\":[{\"@type\":\"Article\",\"@id\":\"https:\\\/\\\/casadecampoliving.com\\\/es\\\/jovenes-de-comunidades-agricolas-del-cr-reciben-clinicas-de-baloncesto-con-al-horford\\\/#article\",\"isPartOf\":{\"@id\":\"https:\\\/\\\/casadecampoliving.com\\\/es\\\/jovenes-de-comunidades-agricolas-del-cr-reciben-clinicas-de-baloncesto-con-al-horford\\\/\"},\"author\":{\"name\":\"Mairobi Herrera\",\"@id\":\"https:\\\/\\\/casadecampoliving.com\\\/es\\\/#\\\/schema\\\/person\\\/932e594484c49168ad37fbb9141bf699\"},\"headline\":\"J\u00f3venes de comunidades agr\u00edcolas del CR reciben cl\u00ednicas de baloncesto con Al Horford\",\"datePublished\":\"2024-09-17T11:55:06+00:00\",\"dateModified\":\"2024-09-17T11:55:09+00:00\",\"mainEntityOfPage\":{\"@id\":\"https:\\\/\\\/casadecampoliving.com\\\/es\\\/jovenes-de-comunidades-agricolas-del-cr-reciben-clinicas-de-baloncesto-con-al-horford\\\/\"},\"wordCount\":257,\"publisher\":{\"@id\":\"https:\\\/\\\/casadecampoliving.com\\\/es\\\/#organization\"},\"image\":{\"@id\":\"https:\\\/\\\/casadecampoliving.com\\\/es\\\/jovenes-de-comunidades-agricolas-del-cr-reciben-clinicas-de-baloncesto-con-al-horford\\\/#primaryimage\"},\"thumbnailUrl\":\"https:\\\/\\\/i0.wp.com\\\/casadecampoliving.com\\\/wp-content\\\/uploads\\\/2024\\\/09\\\/5.jpg?fit=2048%2C1365&ssl=1\",\"keywords\":[\"Al Horford\",\"Centran Romana\",\"La Romana\"],\"articleSection\":[\"Deportes\",\"La Romana @es\",\"M\u00e1s all\u00e1 de Casa\"],\"inLanguage\":\"es\"},{\"@type\":\"WebPage\",\"@id\":\"https:\\\/\\\/casadecampoliving.com\\\/es\\\/jovenes-de-comunidades-agricolas-del-cr-reciben-clinicas-de-baloncesto-con-al-horford\\\/\",\"url\":\"https:\\\/\\\/casadecampoliving.com\\\/es\\\/jovenes-de-comunidades-agricolas-del-cr-reciben-clinicas-de-baloncesto-con-al-horford\\\/\",\"name\":\"J\u00f3venes de comunidades agr\u00edcolas del CR reciben cl\u00ednicas de baloncesto con Al Horford | Casa de Campo Living\",\"isPartOf\":{\"@id\":\"https:\\\/\\\/casadecampoliving.com\\\/es\\\/#website\"},\"primaryImageOfPage\":{\"@id\":\"https:\\\/\\\/casadecampoliving.com\\\/es\\\/jovenes-de-comunidades-agricolas-del-cr-reciben-clinicas-de-baloncesto-con-al-horford\\\/#primaryimage\"},\"image\":{\"@id\":\"https:\\\/\\\/casadecampoliving.com\\\/es\\\/jovenes-de-comunidades-agricolas-del-cr-reciben-clinicas-de-baloncesto-con-al-horford\\\/#primaryimage\"},\"thumbnailUrl\":\"https:\\\/\\\/i0.wp.com\\\/casadecampoliving.com\\\/wp-content\\\/uploads\\\/2024\\\/09\\\/5.jpg?fit=2048%2C1365&ssl=1\",\"datePublished\":\"2024-09-17T11:55:06+00:00\",\"dateModified\":\"2024-09-17T11:55:09+00:00\",\"description\":\"Un grupo de j\u00f3venes de las comunidades agr\u00edcolas de Central Romana participaron en el \u201cCampamento Tribu\u201d, una iniciativa deportiva encabezada por el\",\"breadcrumb\":{\"@id\":\"https:\\\/\\\/casadecampoliving.com\\\/es\\\/jovenes-de-comunidades-agricolas-del-cr-reciben-clinicas-de-baloncesto-con-al-horford\\\/#breadcrumb\"},\"inLanguage\":\"es\",\"potentialAction\":[{\"@type\":\"ReadAction\",\"target\":[\"https:\\\/\\\/casadecampoliving.com\\\/es\\\/jovenes-de-comunidades-agricolas-del-cr-reciben-clinicas-de-baloncesto-con-al-horford\\\/\"]}]},{\"@type\":\"ImageObject\",\"inLanguage\":\"es\",\"@id\":\"https:\\\/\\\/casadecampoliving.com\\\/es\\\/jovenes-de-comunidades-agricolas-del-cr-reciben-clinicas-de-baloncesto-con-al-horford\\\/#primaryimage\",\"url\":\"https:\\\/\\\/i0.wp.com\\\/casadecampoliving.com\\\/wp-content\\\/uploads\\\/2024\\\/09\\\/5.jpg?fit=2048%2C1365&ssl=1\",\"contentUrl\":\"https:\\\/\\\/i0.wp.com\\\/casadecampoliving.com\\\/wp-content\\\/uploads\\\/2024\\\/09\\\/5.jpg?fit=2048%2C1365&ssl=1\",\"width\":2048,\"height\":1365},{\"@type\":\"BreadcrumbList\",\"@id\":\"https:\\\/\\\/casadecampoliving.com\\\/es\\\/jovenes-de-comunidades-agricolas-del-cr-reciben-clinicas-de-baloncesto-con-al-horford\\\/#breadcrumb\",\"itemListElement\":[{\"@type\":\"ListItem\",\"position\":1,\"name\":\"Home\",\"item\":\"https:\\\/\\\/casadecampoliving.com\\\/es\\\/\"},{\"@type\":\"ListItem\",\"position\":2,\"name\":\"J\u00f3venes de comunidades agr\u00edcolas del CR reciben cl\u00ednicas de baloncesto con Al Horford\"}]},{\"@type\":\"WebSite\",\"@id\":\"https:\\\/\\\/casadecampoliving.com\\\/es\\\/#website\",\"url\":\"https:\\\/\\\/casadecampoliving.com\\\/es\\\/\",\"name\":\"Casa de Campo Living\",\"description\":\"Resort community news and resources.\",\"publisher\":{\"@id\":\"https:\\\/\\\/casadecampoliving.com\\\/es\\\/#organization\"},\"potentialAction\":[{\"@type\":\"SearchAction\",\"target\":{\"@type\":\"EntryPoint\",\"urlTemplate\":\"https:\\\/\\\/casadecampoliving.com\\\/es\\\/?s={search_term_string}\"},\"query-input\":{\"@type\":\"PropertyValueSpecification\",\"valueRequired\":true,\"valueName\":\"search_term_string\"}}],\"inLanguage\":\"es\"},{\"@type\":\"Organization\",\"@id\":\"https:\\\/\\\/casadecampoliving.com\\\/es\\\/#organization\",\"name\":\"Casa de Campo Living\",\"url\":\"https:\\\/\\\/casadecampoliving.com\\\/es\\\/\",\"logo\":{\"@type\":\"ImageObject\",\"inLanguage\":\"es\",\"@id\":\"https:\\\/\\\/casadecampoliving.com\\\/es\\\/#\\\/schema\\\/logo\\\/image\\\/\",\"url\":\"https:\\\/\\\/i0.wp.com\\\/casadecampoliving.com\\\/wp-content\\\/uploads\\\/2022\\\/07\\\/CDCLivingLogo_V1-white-sized.png?fit=800%2C214&ssl=1\",\"contentUrl\":\"https:\\\/\\\/i0.wp.com\\\/casadecampoliving.com\\\/wp-content\\\/uploads\\\/2022\\\/07\\\/CDCLivingLogo_V1-white-sized.png?fit=800%2C214&ssl=1\",\"width\":800,\"height\":214,\"caption\":\"Casa de Campo Living\"},\"image\":{\"@id\":\"https:\\\/\\\/casadecampoliving.com\\\/es\\\/#\\\/schema\\\/logo\\\/image\\\/\"},\"sameAs\":[\"https:\\\/\\\/www.facebook.com\\\/casadecampoliving\",\"https:\\\/\\\/x.com\\\/cdcliving\"]},{\"@type\":\"Person\",\"@id\":\"https:\\\/\\\/casadecampoliving.com\\\/es\\\/#\\\/schema\\\/person\\\/932e594484c49168ad37fbb9141bf699\",\"name\":\"Mairobi Herrera\",\"image\":{\"@type\":\"ImageObject\",\"inLanguage\":\"es\",\"@id\":\"https:\\\/\\\/secure.gravatar.com\\\/avatar\\\/d0bf6c19470eb55d83c719e39672f670b2c4412339af1eb8a08f86427ba98ee8?s=96&d=mm&r=g\",\"url\":\"https:\\\/\\\/secure.gravatar.com\\\/avatar\\\/d0bf6c19470eb55d83c719e39672f670b2c4412339af1eb8a08f86427ba98ee8?s=96&d=mm&r=g\",\"contentUrl\":\"https:\\\/\\\/secure.gravatar.com\\\/avatar\\\/d0bf6c19470eb55d83c719e39672f670b2c4412339af1eb8a08f86427ba98ee8?s=96&d=mm&r=g\",\"caption\":\"Mairobi Herrera\"},\"sameAs\":[\"https:\\\/\\\/casadecampoliving.com\\\/\"],\"url\":\"https:\\\/\\\/casadecampoliving.com\\\/es\\\/author\\\/mherrera\\\/\"}]}<\/script>\n<!-- \/ Yoast SEO plugin. -->","yoast_head_json":{"title":"J\u00f3venes de comunidades agr\u00edcolas del CR reciben cl\u00ednicas de baloncesto con Al Horford | Casa de Campo Living","description":"Un grupo de j\u00f3venes de las comunidades agr\u00edcolas de Central Romana participaron en el \u201cCampamento Tribu\u201d, una iniciativa deportiva encabezada por el","robots":{"index":"index","follow":"follow","max-snippet":"max-snippet:-1","max-image-preview":"max-image-preview:large","max-video-preview":"max-video-preview:-1"},"canonical":"https:\/\/casadecampoliving.com\/es\/jovenes-de-comunidades-agricolas-del-cr-reciben-clinicas-de-baloncesto-con-al-horford\/","og_locale":"es_ES","og_type":"article","og_title":"J\u00f3venes de comunidades agr\u00edcolas del CR reciben cl\u00ednicas de baloncesto con Al Horford | Casa de Campo Living","og_description":"Un grupo de j\u00f3venes de las comunidades agr\u00edcolas de Central Romana participaron en el \u201cCampamento Tribu\u201d, una iniciativa deportiva encabezada por el","og_url":"https:\/\/casadecampoliving.com\/es\/jovenes-de-comunidades-agricolas-del-cr-reciben-clinicas-de-baloncesto-con-al-horford\/","og_site_name":"Casa de Campo Living","article_publisher":"https:\/\/www.facebook.com\/casadecampoliving","article_published_time":"2024-09-17T11:55:06+00:00","article_modified_time":"2024-09-17T11:55:09+00:00","og_image":[{"width":2048,"height":1365,"url":"https:\/\/casadecampoliving.com\/wp-content\/uploads\/2024\/09\/5.jpg","type":"image\/jpeg"}],"author":"Mairobi Herrera","twitter_card":"summary_large_image","twitter_creator":"@cdcliving","twitter_site":"@cdcliving","twitter_misc":{"Escrito por":"Mairobi Herrera","Tiempo de lectura":"2 minutos"},"schema":{"@context":"https:\/\/schema.org","@graph":[{"@type":"Article","@id":"https:\/\/casadecampoliving.com\/es\/jovenes-de-comunidades-agricolas-del-cr-reciben-clinicas-de-baloncesto-con-al-horford\/#article","isPartOf":{"@id":"https:\/\/casadecampoliving.com\/es\/jovenes-de-comunidades-agricolas-del-cr-reciben-clinicas-de-baloncesto-con-al-horford\/"},"author":{"name":"Mairobi Herrera","@id":"https:\/\/casadecampoliving.com\/es\/#\/schema\/person\/932e594484c49168ad37fbb9141bf699"},"headline":"J\u00f3venes de comunidades agr\u00edcolas del CR reciben cl\u00ednicas de baloncesto con Al Horford","datePublished":"2024-09-17T11:55:06+00:00","dateModified":"2024-09-17T11:55:09+00:00","mainEntityOfPage":{"@id":"https:\/\/casadecampoliving.com\/es\/jovenes-de-comunidades-agricolas-del-cr-reciben-clinicas-de-baloncesto-con-al-horford\/"},"wordCount":257,"publisher":{"@id":"https:\/\/casadecampoliving.com\/es\/#organization"},"image":{"@id":"https:\/\/casadecampoliving.com\/es\/jovenes-de-comunidades-agricolas-del-cr-reciben-clinicas-de-baloncesto-con-al-horford\/#primaryimage"},"thumbnailUrl":"https:\/\/i0.wp.com\/casadecampoliving.com\/wp-content\/uploads\/2024\/09\/5.jpg?fit=2048%2C1365&ssl=1","keywords":["Al Horford","Centran Romana","La Romana"],"articleSection":["Deportes","La Romana @es","M\u00e1s all\u00e1 de Casa"],"inLanguage":"es"},{"@type":"WebPage","@id":"https:\/\/casadecampoliving.com\/es\/jovenes-de-comunidades-agricolas-del-cr-reciben-clinicas-de-baloncesto-con-al-horford\/","url":"https:\/\/casadecampoliving.com\/es\/jovenes-de-comunidades-agricolas-del-cr-reciben-clinicas-de-baloncesto-con-al-horford\/","name":"J\u00f3venes de comunidades agr\u00edcolas del CR reciben cl\u00ednicas de baloncesto con Al Horford | Casa de Campo Living","isPartOf":{"@id":"https:\/\/casadecampoliving.com\/es\/#website"},"primaryImageOfPage":{"@id":"https:\/\/casadecampoliving.com\/es\/jovenes-de-comunidades-agricolas-del-cr-reciben-clinicas-de-baloncesto-con-al-horford\/#primaryimage"},"image":{"@id":"https:\/\/casadecampoliving.com\/es\/jovenes-de-comunidades-agricolas-del-cr-reciben-clinicas-de-baloncesto-con-al-horford\/#primaryimage"},"thumbnailUrl":"https:\/\/i0.wp.com\/casadecampoliving.com\/wp-content\/uploads\/2024\/09\/5.jpg?fit=2048%2C1365&ssl=1","datePublished":"2024-09-17T11:55:06+00:00","dateModified":"2024-09-17T11:55:09+00:00","description":"Un grupo de j\u00f3venes de las comunidades agr\u00edcolas de Central Romana participaron en el \u201cCampamento Tribu\u201d, una iniciativa deportiva encabezada por el","breadcrumb":{"@id":"https:\/\/casadecampoliving.com\/es\/jovenes-de-comunidades-agricolas-del-cr-reciben-clinicas-de-baloncesto-con-al-horford\/#breadcrumb"},"inLanguage":"es","potentialAction":[{"@type":"ReadAction","target":["https:\/\/casadecampoliving.com\/es\/jovenes-de-comunidades-agricolas-del-cr-reciben-clinicas-de-baloncesto-con-al-horford\/"]}]},{"@type":"ImageObject","inLanguage":"es","@id":"https:\/\/casadecampoliving.com\/es\/jovenes-de-comunidades-agricolas-del-cr-reciben-clinicas-de-baloncesto-con-al-horford\/#primaryimage","url":"https:\/\/i0.wp.com\/casadecampoliving.com\/wp-content\/uploads\/2024\/09\/5.jpg?fit=2048%2C1365&ssl=1","contentUrl":"https:\/\/i0.wp.com\/casadecampoliving.com\/wp-content\/uploads\/2024\/09\/5.jpg?fit=2048%2C1365&ssl=1","width":2048,"height":1365},{"@type":"BreadcrumbList","@id":"https:\/\/casadecampoliving.com\/es\/jovenes-de-comunidades-agricolas-del-cr-reciben-clinicas-de-baloncesto-con-al-horford\/#breadcrumb","itemListElement":[{"@type":"ListItem","position":1,"name":"Home","item":"https:\/\/casadecampoliving.com\/es\/"},{"@type":"ListItem","position":2,"name":"J\u00f3venes de comunidades agr\u00edcolas del CR reciben cl\u00ednicas de baloncesto con Al Horford"}]},{"@type":"WebSite","@id":"https:\/\/casadecampoliving.com\/es\/#website","url":"https:\/\/casadecampoliving.com\/es\/","name":"Casa de Campo Living","description":"Resort community news and resources.","publisher":{"@id":"https:\/\/casadecampoliving.com\/es\/#organization"},"potentialAction":[{"@type":"SearchAction","target":{"@type":"EntryPoint","urlTemplate":"https:\/\/casadecampoliving.com\/es\/?s={search_term_string}"},"query-input":{"@type":"PropertyValueSpecification","valueRequired":true,"valueName":"search_term_string"}}],"inLanguage":"es"},{"@type":"Organization","@id":"https:\/\/casadecampoliving.com\/es\/#organization","name":"Casa de Campo Living","url":"https:\/\/casadecampoliving.com\/es\/","logo":{"@type":"ImageObject","inLanguage":"es","@id":"https:\/\/casadecampoliving.com\/es\/#\/schema\/logo\/image\/","url":"https:\/\/i0.wp.com\/casadecampoliving.com\/wp-content\/uploads\/2022\/07\/CDCLivingLogo_V1-white-sized.png?fit=800%2C214&ssl=1","contentUrl":"https:\/\/i0.wp.com\/casadecampoliving.com\/wp-content\/uploads\/2022\/07\/CDCLivingLogo_V1-white-sized.png?fit=800%2C214&ssl=1","width":800,"height":214,"caption":"Casa de Campo Living"},"image":{"@id":"https:\/\/casadecampoliving.com\/es\/#\/schema\/logo\/image\/"},"sameAs":["https:\/\/www.facebook.com\/casadecampoliving","https:\/\/x.com\/cdcliving"]},{"@type":"Person","@id":"https:\/\/casadecampoliving.com\/es\/#\/schema\/person\/932e594484c49168ad37fbb9141bf699","name":"Mairobi Herrera","image":{"@type":"ImageObject","inLanguage":"es","@id":"https:\/\/secure.gravatar.com\/avatar\/d0bf6c19470eb55d83c719e39672f670b2c4412339af1eb8a08f86427ba98ee8?s=96&d=mm&r=g","url":"https:\/\/secure.gravatar.com\/avatar\/d0bf6c19470eb55d83c719e39672f670b2c4412339af1eb8a08f86427ba98ee8?s=96&d=mm&r=g","contentUrl":"https:\/\/secure.gravatar.com\/avatar\/d0bf6c19470eb55d83c719e39672f670b2c4412339af1eb8a08f86427ba98ee8?s=96&d=mm&r=g","caption":"Mairobi Herrera"},"sameAs":["https:\/\/casadecampoliving.com\/"],"url":"https:\/\/casadecampoliving.com\/es\/author\/mherrera\/"}]}},"parsely":{"version":"1.1.0","canonical_url":"https:\/\/casadecampoliving.com\/es\/jovenes-de-comunidades-agricolas-del-cr-reciben-clinicas-de-baloncesto-con-al-horford\/","smart_links":{"inbound":0,"outbound":0},"traffic_boost_suggestions_count":0,"meta":{"@context":"https:\/\/schema.org","@type":"NewsArticle","headline":"J\u00f3venes de comunidades agr\u00edcolas del CR reciben cl\u00ednicas de baloncesto con Al Horford","url":"http:\/\/casadecampoliving.com\/es\/jovenes-de-comunidades-agricolas-del-cr-reciben-clinicas-de-baloncesto-con-al-horford\/","mainEntityOfPage":{"@type":"WebPage","@id":"http:\/\/casadecampoliving.com\/es\/jovenes-de-comunidades-agricolas-del-cr-reciben-clinicas-de-baloncesto-con-al-horford\/"},"thumbnailUrl":"https:\/\/i0.wp.com\/casadecampoliving.com\/wp-content\/uploads\/2024\/09\/5.jpg?resize=150%2C150&ssl=1","image":{"@type":"ImageObject","url":"https:\/\/i0.wp.com\/casadecampoliving.com\/wp-content\/uploads\/2024\/09\/5.jpg?fit=2048%2C1365&ssl=1"},"articleSection":"Deportes","author":[{"@type":"Person","name":"Mairobi Herrera"}],"creator":["Mairobi Herrera"],"publisher":{"@type":"Organization","name":"Casa de Campo Living","logo":"https:\/\/casadecampoliving.com\/wp-content\/uploads\/2022\/07\/CDCLivingLogo_V1-white-sized.png"},"keywords":["al horford","centran romana","la romana"],"dateCreated":"2024-09-17T11:55:06Z","datePublished":"2024-09-17T11:55:06Z","dateModified":"2024-09-17T11:55:09Z"},"rendered":"<script type=\"application\/ld+json\" class=\"wp-parsely-metadata\">{\"@context\":\"https:\\\/\\\/schema.org\",\"@type\":\"NewsArticle\",\"headline\":\"J\\u00f3venes de comunidades agr\\u00edcolas del CR reciben cl\\u00ednicas de baloncesto con Al Horford\",\"url\":\"http:\\\/\\\/casadecampoliving.com\\\/es\\\/jovenes-de-comunidades-agricolas-del-cr-reciben-clinicas-de-baloncesto-con-al-horford\\\/\",\"mainEntityOfPage\":{\"@type\":\"WebPage\",\"@id\":\"http:\\\/\\\/casadecampoliving.com\\\/es\\\/jovenes-de-comunidades-agricolas-del-cr-reciben-clinicas-de-baloncesto-con-al-horford\\\/\"},\"thumbnailUrl\":\"https:\\\/\\\/i0.wp.com\\\/casadecampoliving.com\\\/wp-content\\\/uploads\\\/2024\\\/09\\\/5.jpg?resize=150%2C150&ssl=1\",\"image\":{\"@type\":\"ImageObject\",\"url\":\"https:\\\/\\\/i0.wp.com\\\/casadecampoliving.com\\\/wp-content\\\/uploads\\\/2024\\\/09\\\/5.jpg?fit=2048%2C1365&ssl=1\"},\"articleSection\":\"Deportes\",\"author\":[{\"@type\":\"Person\",\"name\":\"Mairobi Herrera\"}],\"creator\":[\"Mairobi Herrera\"],\"publisher\":{\"@type\":\"Organization\",\"name\":\"Casa de Campo Living\",\"logo\":\"https:\\\/\\\/casadecampoliving.com\\\/wp-content\\\/uploads\\\/2022\\\/07\\\/CDCLivingLogo_V1-white-sized.png\"},\"keywords\":[\"al horford\",\"centran romana\",\"la romana\"],\"dateCreated\":\"2024-09-17T11:55:06Z\",\"datePublished\":\"2024-09-17T11:55:06Z\",\"dateModified\":\"2024-09-17T11:55:09Z\"}<\/script>","tracker_url":"https:\/\/cdn.parsely.com\/keys\/casadecampoliving.com\/p.js"},"jetpack_publicize_connections":[],"jetpack_featured_media_url":"https:\/\/i0.wp.com\/casadecampoliving.com\/wp-content\/uploads\/2024\/09\/5.jpg?fit=2048%2C1365&ssl=1","jetpack-related-posts":[{"id":342027,"url":"https:\/\/casadecampoliving.com\/es\/caneros-vs-titanes-de-licey-un-juego-benefico\/","url_meta":{"origin":533380,"position":0},"title":"Ca\u00f1eros VS Titanes de Licey: Un juego ben\u00e9fico","author":"Mairobi Herrera","date":"20 Jun, 2013","format":false,"excerpt":"Los campeones nacionales y equipo de baloncesto de La Romana, Los ca\u00f1eros jugar\u00e1n el domingo 23 de junio contra el equipo los Titanes de Licey, en el Polideportivo de La Romana a las 6:00 de la tarde. Se trata de un juego pre-temporada a beneficio de la Cl\u00ednica de Familia\u2026","rel":"","context":"En \u00abDeportes\u00bb","block_context":{"text":"Deportes","link":"https:\/\/casadecampoliving.com\/es\/category\/golf-deportes-es\/"},"img":{"alt_text":"","src":"https:\/\/i0.wp.com\/casadecampoliving.com\/wp-content\/uploads\/2022\/10\/juego_baloncesto_polideportivo-1.jpg?fit=650%2C590&ssl=1&resize=350%2C200","width":350,"height":200,"srcset":"https:\/\/i0.wp.com\/casadecampoliving.com\/wp-content\/uploads\/2022\/10\/juego_baloncesto_polideportivo-1.jpg?fit=650%2C590&ssl=1&resize=350%2C200 1x, https:\/\/i0.wp.com\/casadecampoliving.com\/wp-content\/uploads\/2022\/10\/juego_baloncesto_polideportivo-1.jpg?fit=650%2C590&ssl=1&resize=525%2C300 1.5x"},"classes":[]},{"id":345293,"url":"https:\/\/casadecampoliving.com\/es\/top-10-avistamientos-de-celebridades-estrellas-del-deporte\/","url_meta":{"origin":533380,"position":1},"title":"Los diez mejores momentos de celebridades en Casa de Campo &#8211; estrellas del deporte","author":"Daniela Medina","date":"9 Sep, 2014","format":false,"excerpt":"Es un hecho bien conocido de que Casa de Campo es un im\u00e1n para los ricos y famosos, y con esto en mente, aqu\u00ed le traemos los diez mejores momentos de celebridades en Casa de Campo\u00a0\u2013 \u00a1de la categor\u00eda \u201cestrellas del deporte\u201d! 1. Michael Jordan Michael Jeffrey Jordan, considerado como\u2026","rel":"","context":"En \u00abCasa de Campo Living @es\u00bb","block_context":{"text":"Casa de Campo Living @es","link":"https:\/\/casadecampoliving.com\/category\/casa-de-campo-living-es\/"},"img":{"alt_text":"","src":"https:\/\/i0.wp.com\/casadecampoliving.com\/wp-content\/uploads\/2022\/10\/michael_jordan_casa_de_campo1.jpg?fit=650%2C338&ssl=1&resize=350%2C200","width":350,"height":200,"srcset":"https:\/\/i0.wp.com\/casadecampoliving.com\/wp-content\/uploads\/2022\/10\/michael_jordan_casa_de_campo1.jpg?fit=650%2C338&ssl=1&resize=350%2C200 1x, https:\/\/i0.wp.com\/casadecampoliving.com\/wp-content\/uploads\/2022\/10\/michael_jordan_casa_de_campo1.jpg?fit=650%2C338&ssl=1&resize=525%2C300 1.5x"},"classes":[]},{"id":533386,"url":"https:\/\/casadecampoliving.com\/youngsters-from-agricultural-communities-in-central-romana-receive-basketball-clinics-from-al-horford\/","url_meta":{"origin":533380,"position":2},"title":"Youngsters from Agricultural Communities in Central Romana Receive Basketball Clinics from Al Horford","author":"Mairobi Herrera","date":"17 Sep, 2024","format":false,"excerpt":"A group of young people from the agricultural communities of Central Romana participated in the \"Tribe Camp,\" a sports initiative led by world-class basketball player Al Horford. The camp involved basketball clinics for dozens of children and teenagers from La Romana. Anthony G\u00f3mez, Vialfre de la Cruz, Richardson San\u00f3, Hamilton\u2026","rel":"","context":"En \u00abBeyond Casa\u00bb","block_context":{"text":"Beyond Casa","link":"https:\/\/casadecampoliving.com\/category\/beyond-casa\/"},"img":{"alt_text":"","src":"https:\/\/i0.wp.com\/casadecampoliving.com\/wp-content\/uploads\/2024\/09\/5.jpg?fit=1200%2C800&ssl=1&resize=350%2C200","width":350,"height":200,"srcset":"https:\/\/i0.wp.com\/casadecampoliving.com\/wp-content\/uploads\/2024\/09\/5.jpg?fit=1200%2C800&ssl=1&resize=350%2C200 1x, https:\/\/i0.wp.com\/casadecampoliving.com\/wp-content\/uploads\/2024\/09\/5.jpg?fit=1200%2C800&ssl=1&resize=525%2C300 1.5x, https:\/\/i0.wp.com\/casadecampoliving.com\/wp-content\/uploads\/2024\/09\/5.jpg?fit=1200%2C800&ssl=1&resize=700%2C400 2x, https:\/\/i0.wp.com\/casadecampoliving.com\/wp-content\/uploads\/2024\/09\/5.jpg?fit=1200%2C800&ssl=1&resize=1050%2C600 3x"},"classes":[]},{"id":345884,"url":"https:\/\/casadecampoliving.com\/es\/walkabout-foundation-trae-integracion-la-romana\/","url_meta":{"origin":533380,"position":3},"title":"Walkabout Foundation trae integraci\u00f3n a La Romana","author":"Daniela Medina","date":"9 Nov, 2014","format":false,"excerpt":"Ciertamente no hay nada m\u00e1s hermoso que ver a lo imposible volverse posible. Una vez m\u00e1s, la Fundaci\u00f3n Walkabout aporta nada m\u00e1s que alegr\u00eda y esperanza para j\u00f3venes discapacitados, miembros de la comunidad de La Romana, entre ellos muchos que pensaban que sus sue\u00f1os de jugar algun deporte era imposible.\u2026","rel":"","context":"En \u00abCasa de Campo Living @es\u00bb","block_context":{"text":"Casa de Campo Living @es","link":"https:\/\/casadecampoliving.com\/category\/casa-de-campo-living-es\/"},"img":{"alt_text":"","src":"https:\/\/i0.wp.com\/casadecampoliving.com\/wp-content\/uploads\/2022\/10\/walkabout-5.jpg?fit=640%2C386&ssl=1&resize=350%2C200","width":350,"height":200,"srcset":"https:\/\/i0.wp.com\/casadecampoliving.com\/wp-content\/uploads\/2022\/10\/walkabout-5.jpg?fit=640%2C386&ssl=1&resize=350%2C200 1x, https:\/\/i0.wp.com\/casadecampoliving.com\/wp-content\/uploads\/2022\/10\/walkabout-5.jpg?fit=640%2C386&ssl=1&resize=525%2C300 1.5x"},"classes":[]},{"id":337618,"url":"https:\/\/casadecampoliving.com\/es\/al-horford-disfruta-de-una-cena-en-el-beach-club-by-le-cirque\/","url_meta":{"origin":533380,"position":4},"title":"Al Horford disfruta de una cena en el Beach Club by Le Cirque","author":"","date":"30 May, 2010","format":false,"excerpt":"El fin de semana pasado, Casa de Campo parec\u00eda estar lleno de celebridades - mientras Casa de Campo Living estuvo disfrutando en Palmilla de las Cheerleaders de Miami Dolphin,\u00a0Al Horford, un famoso jugador americano de basketball estaba en Casa de Campo. Al Horford, un jugador de la NBA que juega\u2026","rel":"","context":"En \u00abBars and Nightlife\u00bb","block_context":{"text":"Bars and Nightlife","link":"https:\/\/casadecampoliving.com\/category\/bars-and-nightlife\/"},"img":{"alt_text":"","src":"https:\/\/i0.wp.com\/casadecampoliving.com\/wp-content\/uploads\/2022\/10\/Al-Horford-NBA-player-at-the-BeachClub-by-Le-Cirque-1.jpg?fit=575%2C324&ssl=1&resize=350%2C200","width":350,"height":200,"srcset":"https:\/\/i0.wp.com\/casadecampoliving.com\/wp-content\/uploads\/2022\/10\/Al-Horford-NBA-player-at-the-BeachClub-by-Le-Cirque-1.jpg?fit=575%2C324&ssl=1&resize=350%2C200 1x, https:\/\/i0.wp.com\/casadecampoliving.com\/wp-content\/uploads\/2022\/10\/Al-Horford-NBA-player-at-the-BeachClub-by-Le-Cirque-1.jpg?fit=575%2C324&ssl=1&resize=525%2C300 1.5x"},"classes":[]},{"id":345406,"url":"https:\/\/casadecampoliving.com\/es\/jugadores-de-la-nba-en-la-cana\/","url_meta":{"origin":533380,"position":5},"title":"\u00a1Jugadores de la NBA en La Ca\u00f1a!","author":"Daniela Medina","date":"21 Sep, 2014","format":false,"excerpt":"\u00a1M\u00e1s caras famosas vistas en Casa de Campo! Esta vez se trata de un mont\u00f3n de jugadores de baloncesto de la NBA que fueron avistados relajandose en La Ca\u00f1a by Il Circo restaurant and lounge en el coraz\u00f3n del hotel Casa de Campo. En los \u00faltimos meses, Miguel, que enrrolla\u2026","rel":"","context":"En \u00abCasa de Campo Living @es\u00bb","block_context":{"text":"Casa de Campo Living @es","link":"https:\/\/casadecampoliving.com\/category\/casa-de-campo-living-es\/"},"img":{"alt_text":"Alonzo Mourning","src":"https:\/\/i0.wp.com\/casadecampoliving.com\/wp-content\/uploads\/2022\/10\/Alonzo_Mourning-1.jpg?fit=720%2C587&ssl=1&resize=350%2C200","width":350,"height":200,"srcset":"https:\/\/i0.wp.com\/casadecampoliving.com\/wp-content\/uploads\/2022\/10\/Alonzo_Mourning-1.jpg?fit=720%2C587&ssl=1&resize=350%2C200 1x, https:\/\/i0.wp.com\/casadecampoliving.com\/wp-content\/uploads\/2022\/10\/Alonzo_Mourning-1.jpg?fit=720%2C587&ssl=1&resize=525%2C300 1.5x, https:\/\/i0.wp.com\/casadecampoliving.com\/wp-content\/uploads\/2022\/10\/Alonzo_Mourning-1.jpg?fit=720%2C587&ssl=1&resize=700%2C400 2x"},"classes":[]}],"jetpack_sharing_enabled":true,"_links":{"self":[{"href":"https:\/\/casadecampoliving.com\/es\/wp-json\/wp\/v2\/posts\/533380","targetHints":{"allow":["GET"]}}],"collection":[{"href":"https:\/\/casadecampoliving.com\/es\/wp-json\/wp\/v2\/posts"}],"about":[{"href":"https:\/\/casadecampoliving.com\/es\/wp-json\/wp\/v2\/types\/post"}],"author":[{"embeddable":true,"href":"https:\/\/casadecampoliving.com\/es\/wp-json\/wp\/v2\/users\/431"}],"replies":[{"embeddable":true,"href":"https:\/\/casadecampoliving.com\/es\/wp-json\/wp\/v2\/comments?post=533380"}],"version-history":[{"count":1,"href":"https:\/\/casadecampoliving.com\/es\/wp-json\/wp\/v2\/posts\/533380\/revisions"}],"predecessor-version":[{"id":533385,"href":"https:\/\/casadecampoliving.com\/es\/wp-json\/wp\/v2\/posts\/533380\/revisions\/533385"}],"wp:featuredmedia":[{"embeddable":true,"href":"https:\/\/casadecampoliving.com\/es\/wp-json\/wp\/v2\/media\/533381"}],"wp:attachment":[{"href":"https:\/\/casadecampoliving.com\/es\/wp-json\/wp\/v2\/media?parent=533380"}],"wp:term":[{"taxonomy":"category","embeddable":true,"href":"https:\/\/casadecampoliving.com\/es\/wp-json\/wp\/v2\/categories?post=533380"},{"taxonomy":"post_tag","embeddable":true,"href":"https:\/\/casadecampoliving.com\/es\/wp-json\/wp\/v2\/tags?post=533380"},{"taxonomy":"newspack_spnsrs_tax","embeddable":true,"href":"https:\/\/casadecampoliving.com\/es\/wp-json\/wp\/v2\/newspack_spnsrs_tax?post=533380"}],"curies":[{"name":"wp","href":"https:\/\/api.w.org\/{rel}","templated":true}]}}