{"id":533093,"date":"2024-09-09T18:20:36","date_gmt":"2024-09-09T22:20:36","guid":{"rendered":"https:\/\/casadecampoliving.com\/?p=533093"},"modified":"2024-09-16T20:26:49","modified_gmt":"2024-09-17T00:26:49","slug":"43a-edicion-del-casa-de-campo-open-del-11-al-15-de-septiembre-de-2024","status":"publish","type":"post","link":"https:\/\/casadecampoliving.com\/es\/43a-edicion-del-casa-de-campo-open-del-11-al-15-de-septiembre-de-2024\/","title":{"rendered":"43\u00aa Edici\u00f3n del Casa de Campo Open Del 11 al 15 de Septiembre de 2024"},"content":{"rendered":"\n<p>El Casa de Campo Open, uno de los torneos de golf m\u00e1s destacados del Caribe, celebrar\u00e1 su 43\u00aa edici\u00f3n del 11 al 15 de septiembre de 2024. El evento se llevar\u00e1 a cabo en Casa de Campo Resort &amp; Villas, reuniendo a m\u00e1s de 200 golfistas para competir en campos mundialmente reconocidos.<\/p>\n\n\n\n<p>Los participantes jugar\u00e1n en los ic\u00f3nicos campos Teeth of the Dog, Dye Fore y The Links, dise\u00f1ados por el renombrado Pete Dye. \u201cEl Casa de Campo Open es nuestro torneo m\u00e1s importante,\u201d afirma Manuel Relancio, head pro de Casa de Campo. \u201cQueremos ofrecer a los jugadores y a sus acompa\u00f1antes una experiencia inolvidable, destacando la belleza y exclusividad de nuestro resort.\u201d<\/p>\n\n\n\n<p>El torneo, que se disputar\u00e1 bajo el formato stableford modificado a lo largo de 54 hoyos, tambi\u00e9n contar\u00e1 con la <em>Copa de Pa\u00edses<\/em>, en la que los equipos compiten con al menos dos jugadores de la misma naci\u00f3n. Se entregar\u00e1n premios en diversas categor\u00edas, incluyendo senior y elite senior.<\/p>\n\n\n\n<p>Con el patrocinio de Ron Barcel\u00f3 y Titleist, el Casa de Campo Open mantiene su tradici\u00f3n de excelencia.<\/p>\n\n\n\n<p>Para m\u00e1s informaci\u00f3n, visita el sitio web del <a href=\"https:\/\/www.casadecampo.com.do\/es\/golf\/tournaments\/casa-de-campo-open\/\" target=\"_blank\" rel=\"noreferrer noopener nofollow\">Casa de Campo Open 2024<\/a> o contacta a Casa de Campo Resort &amp; Villas en <a>golf@ccampo.com.do<\/a>.<\/p>\n\n\n\n<p><strong>Para todo lo relacionado con <em>Casa<\/em>,\u00a0<a href=\"https:\/\/casadecampoliving.com\/es\/sucribirsealsemanal\/\" target=\"_blank\" rel=\"noreferrer noopener\">suscr\u00edbase<\/a>\u00a0a nuestro bolet\u00edn gratuito<\/strong><\/p>\n","protected":false},"excerpt":{"rendered":"<p>El Casa de Campo Open, uno de los torneos de golf m\u00e1s destacados del Caribe, celebrar\u00e1 su 43\u00aa edici\u00f3n del 11 al 15 de septiembre de 2024. El evento se llevar\u00e1 a cabo en Casa de Campo Resort &amp; Villas, reuniendo a m\u00e1s de 200 golfistas para competir en campos mundialmente reconocidos. Los participantes jugar\u00e1n [&hellip;]<\/p>\n","protected":false},"author":36791,"featured_media":533091,"comment_status":"closed","ping_status":"closed","sticky":false,"template":"","format":"standard","meta":{"newspack_ads_suppress_ads":false,"newspack_popups_has_disabled_popups":false,"newspack_sponsor_sponsorship_scope":"","newspack_sponsor_native_byline_display":"inherit","newspack_sponsor_native_category_display":"inherit","newspack_sponsor_underwriter_style":"inherit","newspack_sponsor_underwriter_placement":"inherit","_newspack_byline_active":false,"_newspack_byline":"","newspack_hide_updated_date":false,"newspack_show_updated_date":false,"newspack_content_restriction_is_exempt":false,"newspack_featured_image_position":"large","newspack_post_subtitle":"Con m\u00e1s de 200 golfistas compitiendo en los renombrados campos de Pete Dye, el evento combina golf con diversi\u00f3n","newspack_article_summary_title":"Overview:","newspack_article_summary":"","_jetpack_memberships_contains_paid_content":false,"footnotes":"","jetpack_publicize_message":"","jetpack_publicize_feature_enabled":true,"jetpack_social_post_already_shared":false,"jetpack_social_options":{"image_generator_settings":{"template":"highway","enabled":false},"version":2},"_wpas_customize_per_network":false},"categories":[26392,2525,2522,23889],"tags":[15387,27100,23815,3626,7406,3375,3680,15091],"newspack_spnsrs_tax":[],"class_list":["post-533093","post","type-post","status-publish","format-standard","has-post-thumbnail","hentry","category-casa-de-campo-resort-villas","category-golf-deportes-es","category-eventos-es","category-lifestyle-2","tag-altos-de-chavon-es","tag-altos-de-chavon-es-7","tag-casa-de-campo-es-17","tag-casa-de-campo-es","tag-comunidad-casa-de-campo","tag-eventos-y-actividades","tag-golf-es","tag-proximamente","entry"],"yoast_head":"<!-- This site is optimized with the Yoast SEO plugin v27.4 - https:\/\/yoast.com\/product\/yoast-seo-wordpress\/ -->\n<title>43\u00aa Edici\u00f3n del Casa de Campo Open Del 11 al 15 de Septiembre de 2024 | Casa de Campo Living<\/title>\n<meta name=\"description\" content=\"El Casa de Campo Open, uno de los torneos de golf m\u00e1s destacados del Caribe, celebrar\u00e1 su 43\u00aa edici\u00f3n del 11 al 15 de septiembre de 2024. El evento se\" \/>\n<meta name=\"robots\" content=\"index, follow, max-snippet:-1, max-image-preview:large, max-video-preview:-1\" \/>\n<link rel=\"canonical\" href=\"https:\/\/casadecampoliving.com\/es\/43a-edicion-del-casa-de-campo-open-del-11-al-15-de-septiembre-de-2024\/\" \/>\n<meta property=\"og:locale\" content=\"es_ES\" \/>\n<meta property=\"og:type\" content=\"article\" \/>\n<meta property=\"og:title\" content=\"43\u00aa Edici\u00f3n del Casa de Campo Open Del 11 al 15 de Septiembre de 2024 | Casa de Campo Living\" \/>\n<meta property=\"og:description\" content=\"El Casa de Campo Open, uno de los torneos de golf m\u00e1s destacados del Caribe, celebrar\u00e1 su 43\u00aa edici\u00f3n del 11 al 15 de septiembre de 2024. El evento se\" \/>\n<meta property=\"og:url\" content=\"https:\/\/casadecampoliving.com\/es\/43a-edicion-del-casa-de-campo-open-del-11-al-15-de-septiembre-de-2024\/\" \/>\n<meta property=\"og:site_name\" content=\"Casa de Campo Living\" \/>\n<meta property=\"article:publisher\" content=\"https:\/\/www.facebook.com\/casadecampoliving\" \/>\n<meta property=\"article:published_time\" content=\"2024-09-09T22:20:36+00:00\" \/>\n<meta property=\"article:modified_time\" content=\"2024-09-17T00:26:49+00:00\" \/>\n<meta property=\"og:image\" content=\"https:\/\/casadecampoliving.com\/wp-content\/uploads\/2024\/09\/The-Links-3559872TheLinks01c.jpg\" \/>\n\t<meta property=\"og:image:width\" content=\"800\" \/>\n\t<meta property=\"og:image:height\" content=\"600\" \/>\n\t<meta property=\"og:image:type\" content=\"image\/jpeg\" \/>\n<meta name=\"author\" content=\"Casa de Campo Living\" \/>\n<meta name=\"twitter:card\" content=\"summary_large_image\" \/>\n<meta name=\"twitter:creator\" content=\"@cdcliving\" \/>\n<meta name=\"twitter:site\" content=\"@cdcliving\" \/>\n<meta name=\"twitter:label1\" content=\"Escrito por\" \/>\n\t<meta name=\"twitter:data1\" content=\"Casa de Campo Living\" \/>\n\t<meta name=\"twitter:label2\" content=\"Tiempo de lectura\" \/>\n\t<meta name=\"twitter:data2\" content=\"2 minutos\" \/>\n<script type=\"application\/ld+json\" class=\"yoast-schema-graph\">{\"@context\":\"https:\\\/\\\/schema.org\",\"@graph\":[{\"@type\":\"Article\",\"@id\":\"https:\\\/\\\/casadecampoliving.com\\\/es\\\/43a-edicion-del-casa-de-campo-open-del-11-al-15-de-septiembre-de-2024\\\/#article\",\"isPartOf\":{\"@id\":\"https:\\\/\\\/casadecampoliving.com\\\/es\\\/43a-edicion-del-casa-de-campo-open-del-11-al-15-de-septiembre-de-2024\\\/\"},\"author\":{\"name\":\"Casa de Campo Living\",\"@id\":\"https:\\\/\\\/casadecampoliving.com\\\/es\\\/#\\\/schema\\\/person\\\/5d2171637a9d11e0e43ce6b8555f9422\"},\"headline\":\"43\u00aa Edici\u00f3n del Casa de Campo Open Del 11 al 15 de Septiembre de 2024\",\"datePublished\":\"2024-09-09T22:20:36+00:00\",\"dateModified\":\"2024-09-17T00:26:49+00:00\",\"mainEntityOfPage\":{\"@id\":\"https:\\\/\\\/casadecampoliving.com\\\/es\\\/43a-edicion-del-casa-de-campo-open-del-11-al-15-de-septiembre-de-2024\\\/\"},\"wordCount\":241,\"publisher\":{\"@id\":\"https:\\\/\\\/casadecampoliving.com\\\/es\\\/#organization\"},\"image\":{\"@id\":\"https:\\\/\\\/casadecampoliving.com\\\/es\\\/43a-edicion-del-casa-de-campo-open-del-11-al-15-de-septiembre-de-2024\\\/#primaryimage\"},\"thumbnailUrl\":\"https:\\\/\\\/i0.wp.com\\\/casadecampoliving.com\\\/wp-content\\\/uploads\\\/2024\\\/09\\\/The-Links-3559872TheLinks01c.jpg?fit=800%2C600&ssl=1\",\"keywords\":[\"Altos de Chavon\",\"Altos de Chav\u00f3n @es\",\"Casa de Campo\",\"casa de campo @es\",\"comunidad casa de campo\",\"eventos y actividades\",\"golf @es\",\"Proximamente\"],\"articleSection\":[\"Casa de Campo Resort &amp; Villas\",\"Deportes\",\"Eventos\",\"Lifestyle\"],\"inLanguage\":\"es\"},{\"@type\":\"WebPage\",\"@id\":\"https:\\\/\\\/casadecampoliving.com\\\/es\\\/43a-edicion-del-casa-de-campo-open-del-11-al-15-de-septiembre-de-2024\\\/\",\"url\":\"https:\\\/\\\/casadecampoliving.com\\\/es\\\/43a-edicion-del-casa-de-campo-open-del-11-al-15-de-septiembre-de-2024\\\/\",\"name\":\"43\u00aa Edici\u00f3n del Casa de Campo Open Del 11 al 15 de Septiembre de 2024 | Casa de Campo Living\",\"isPartOf\":{\"@id\":\"https:\\\/\\\/casadecampoliving.com\\\/es\\\/#website\"},\"primaryImageOfPage\":{\"@id\":\"https:\\\/\\\/casadecampoliving.com\\\/es\\\/43a-edicion-del-casa-de-campo-open-del-11-al-15-de-septiembre-de-2024\\\/#primaryimage\"},\"image\":{\"@id\":\"https:\\\/\\\/casadecampoliving.com\\\/es\\\/43a-edicion-del-casa-de-campo-open-del-11-al-15-de-septiembre-de-2024\\\/#primaryimage\"},\"thumbnailUrl\":\"https:\\\/\\\/i0.wp.com\\\/casadecampoliving.com\\\/wp-content\\\/uploads\\\/2024\\\/09\\\/The-Links-3559872TheLinks01c.jpg?fit=800%2C600&ssl=1\",\"datePublished\":\"2024-09-09T22:20:36+00:00\",\"dateModified\":\"2024-09-17T00:26:49+00:00\",\"description\":\"El Casa de Campo Open, uno de los torneos de golf m\u00e1s destacados del Caribe, celebrar\u00e1 su 43\u00aa edici\u00f3n del 11 al 15 de septiembre de 2024. El evento se\",\"breadcrumb\":{\"@id\":\"https:\\\/\\\/casadecampoliving.com\\\/es\\\/43a-edicion-del-casa-de-campo-open-del-11-al-15-de-septiembre-de-2024\\\/#breadcrumb\"},\"inLanguage\":\"es\",\"potentialAction\":[{\"@type\":\"ReadAction\",\"target\":[\"https:\\\/\\\/casadecampoliving.com\\\/es\\\/43a-edicion-del-casa-de-campo-open-del-11-al-15-de-septiembre-de-2024\\\/\"]}]},{\"@type\":\"ImageObject\",\"inLanguage\":\"es\",\"@id\":\"https:\\\/\\\/casadecampoliving.com\\\/es\\\/43a-edicion-del-casa-de-campo-open-del-11-al-15-de-septiembre-de-2024\\\/#primaryimage\",\"url\":\"https:\\\/\\\/i0.wp.com\\\/casadecampoliving.com\\\/wp-content\\\/uploads\\\/2024\\\/09\\\/The-Links-3559872TheLinks01c.jpg?fit=800%2C600&ssl=1\",\"contentUrl\":\"https:\\\/\\\/i0.wp.com\\\/casadecampoliving.com\\\/wp-content\\\/uploads\\\/2024\\\/09\\\/The-Links-3559872TheLinks01c.jpg?fit=800%2C600&ssl=1\",\"width\":800,\"height\":600},{\"@type\":\"BreadcrumbList\",\"@id\":\"https:\\\/\\\/casadecampoliving.com\\\/es\\\/43a-edicion-del-casa-de-campo-open-del-11-al-15-de-septiembre-de-2024\\\/#breadcrumb\",\"itemListElement\":[{\"@type\":\"ListItem\",\"position\":1,\"name\":\"Home\",\"item\":\"https:\\\/\\\/casadecampoliving.com\\\/es\\\/\"},{\"@type\":\"ListItem\",\"position\":2,\"name\":\"43\u00aa Edici\u00f3n del Casa de Campo Open Del 11 al 15 de Septiembre de 2024\"}]},{\"@type\":\"WebSite\",\"@id\":\"https:\\\/\\\/casadecampoliving.com\\\/es\\\/#website\",\"url\":\"https:\\\/\\\/casadecampoliving.com\\\/es\\\/\",\"name\":\"Casa de Campo Living\",\"description\":\"Resort community news and resources.\",\"publisher\":{\"@id\":\"https:\\\/\\\/casadecampoliving.com\\\/es\\\/#organization\"},\"potentialAction\":[{\"@type\":\"SearchAction\",\"target\":{\"@type\":\"EntryPoint\",\"urlTemplate\":\"https:\\\/\\\/casadecampoliving.com\\\/es\\\/?s={search_term_string}\"},\"query-input\":{\"@type\":\"PropertyValueSpecification\",\"valueRequired\":true,\"valueName\":\"search_term_string\"}}],\"inLanguage\":\"es\"},{\"@type\":\"Organization\",\"@id\":\"https:\\\/\\\/casadecampoliving.com\\\/es\\\/#organization\",\"name\":\"Casa de Campo Living\",\"url\":\"https:\\\/\\\/casadecampoliving.com\\\/es\\\/\",\"logo\":{\"@type\":\"ImageObject\",\"inLanguage\":\"es\",\"@id\":\"https:\\\/\\\/casadecampoliving.com\\\/es\\\/#\\\/schema\\\/logo\\\/image\\\/\",\"url\":\"https:\\\/\\\/i0.wp.com\\\/casadecampoliving.com\\\/wp-content\\\/uploads\\\/2022\\\/07\\\/CDCLivingLogo_V1-white-sized.png?fit=800%2C214&ssl=1\",\"contentUrl\":\"https:\\\/\\\/i0.wp.com\\\/casadecampoliving.com\\\/wp-content\\\/uploads\\\/2022\\\/07\\\/CDCLivingLogo_V1-white-sized.png?fit=800%2C214&ssl=1\",\"width\":800,\"height\":214,\"caption\":\"Casa de Campo Living\"},\"image\":{\"@id\":\"https:\\\/\\\/casadecampoliving.com\\\/es\\\/#\\\/schema\\\/logo\\\/image\\\/\"},\"sameAs\":[\"https:\\\/\\\/www.facebook.com\\\/casadecampoliving\",\"https:\\\/\\\/x.com\\\/cdcliving\"]},{\"@type\":\"Person\",\"@id\":\"https:\\\/\\\/casadecampoliving.com\\\/es\\\/#\\\/schema\\\/person\\\/5d2171637a9d11e0e43ce6b8555f9422\",\"name\":\"Casa de Campo Living\",\"image\":{\"@type\":\"ImageObject\",\"inLanguage\":\"es\",\"@id\":\"https:\\\/\\\/secure.gravatar.com\\\/avatar\\\/d04101fa4a9fd431e939953b1500fdc7a73cd35029f86d98712fd8ccdaebaf9a?s=96&d=mm&r=g\",\"url\":\"https:\\\/\\\/secure.gravatar.com\\\/avatar\\\/d04101fa4a9fd431e939953b1500fdc7a73cd35029f86d98712fd8ccdaebaf9a?s=96&d=mm&r=g\",\"contentUrl\":\"https:\\\/\\\/secure.gravatar.com\\\/avatar\\\/d04101fa4a9fd431e939953b1500fdc7a73cd35029f86d98712fd8ccdaebaf9a?s=96&d=mm&r=g\",\"caption\":\"Casa de Campo Living\"},\"url\":\"https:\\\/\\\/casadecampoliving.com\\\/es\\\/author\\\/casa-de-campo-living\\\/\"}]}<\/script>\n<!-- \/ Yoast SEO plugin. -->","yoast_head_json":{"title":"43\u00aa Edici\u00f3n del Casa de Campo Open Del 11 al 15 de Septiembre de 2024 | Casa de Campo Living","description":"El Casa de Campo Open, uno de los torneos de golf m\u00e1s destacados del Caribe, celebrar\u00e1 su 43\u00aa edici\u00f3n del 11 al 15 de septiembre de 2024. El evento se","robots":{"index":"index","follow":"follow","max-snippet":"max-snippet:-1","max-image-preview":"max-image-preview:large","max-video-preview":"max-video-preview:-1"},"canonical":"https:\/\/casadecampoliving.com\/es\/43a-edicion-del-casa-de-campo-open-del-11-al-15-de-septiembre-de-2024\/","og_locale":"es_ES","og_type":"article","og_title":"43\u00aa Edici\u00f3n del Casa de Campo Open Del 11 al 15 de Septiembre de 2024 | Casa de Campo Living","og_description":"El Casa de Campo Open, uno de los torneos de golf m\u00e1s destacados del Caribe, celebrar\u00e1 su 43\u00aa edici\u00f3n del 11 al 15 de septiembre de 2024. El evento se","og_url":"https:\/\/casadecampoliving.com\/es\/43a-edicion-del-casa-de-campo-open-del-11-al-15-de-septiembre-de-2024\/","og_site_name":"Casa de Campo Living","article_publisher":"https:\/\/www.facebook.com\/casadecampoliving","article_published_time":"2024-09-09T22:20:36+00:00","article_modified_time":"2024-09-17T00:26:49+00:00","og_image":[{"width":800,"height":600,"url":"https:\/\/casadecampoliving.com\/wp-content\/uploads\/2024\/09\/The-Links-3559872TheLinks01c.jpg","type":"image\/jpeg"}],"author":"Casa de Campo Living","twitter_card":"summary_large_image","twitter_creator":"@cdcliving","twitter_site":"@cdcliving","twitter_misc":{"Escrito por":"Casa de Campo Living","Tiempo de lectura":"2 minutos"},"schema":{"@context":"https:\/\/schema.org","@graph":[{"@type":"Article","@id":"https:\/\/casadecampoliving.com\/es\/43a-edicion-del-casa-de-campo-open-del-11-al-15-de-septiembre-de-2024\/#article","isPartOf":{"@id":"https:\/\/casadecampoliving.com\/es\/43a-edicion-del-casa-de-campo-open-del-11-al-15-de-septiembre-de-2024\/"},"author":{"name":"Casa de Campo Living","@id":"https:\/\/casadecampoliving.com\/es\/#\/schema\/person\/5d2171637a9d11e0e43ce6b8555f9422"},"headline":"43\u00aa Edici\u00f3n del Casa de Campo Open Del 11 al 15 de Septiembre de 2024","datePublished":"2024-09-09T22:20:36+00:00","dateModified":"2024-09-17T00:26:49+00:00","mainEntityOfPage":{"@id":"https:\/\/casadecampoliving.com\/es\/43a-edicion-del-casa-de-campo-open-del-11-al-15-de-septiembre-de-2024\/"},"wordCount":241,"publisher":{"@id":"https:\/\/casadecampoliving.com\/es\/#organization"},"image":{"@id":"https:\/\/casadecampoliving.com\/es\/43a-edicion-del-casa-de-campo-open-del-11-al-15-de-septiembre-de-2024\/#primaryimage"},"thumbnailUrl":"https:\/\/i0.wp.com\/casadecampoliving.com\/wp-content\/uploads\/2024\/09\/The-Links-3559872TheLinks01c.jpg?fit=800%2C600&ssl=1","keywords":["Altos de Chavon","Altos de Chav\u00f3n @es","Casa de Campo","casa de campo @es","comunidad casa de campo","eventos y actividades","golf @es","Proximamente"],"articleSection":["Casa de Campo Resort &amp; Villas","Deportes","Eventos","Lifestyle"],"inLanguage":"es"},{"@type":"WebPage","@id":"https:\/\/casadecampoliving.com\/es\/43a-edicion-del-casa-de-campo-open-del-11-al-15-de-septiembre-de-2024\/","url":"https:\/\/casadecampoliving.com\/es\/43a-edicion-del-casa-de-campo-open-del-11-al-15-de-septiembre-de-2024\/","name":"43\u00aa Edici\u00f3n del Casa de Campo Open Del 11 al 15 de Septiembre de 2024 | Casa de Campo Living","isPartOf":{"@id":"https:\/\/casadecampoliving.com\/es\/#website"},"primaryImageOfPage":{"@id":"https:\/\/casadecampoliving.com\/es\/43a-edicion-del-casa-de-campo-open-del-11-al-15-de-septiembre-de-2024\/#primaryimage"},"image":{"@id":"https:\/\/casadecampoliving.com\/es\/43a-edicion-del-casa-de-campo-open-del-11-al-15-de-septiembre-de-2024\/#primaryimage"},"thumbnailUrl":"https:\/\/i0.wp.com\/casadecampoliving.com\/wp-content\/uploads\/2024\/09\/The-Links-3559872TheLinks01c.jpg?fit=800%2C600&ssl=1","datePublished":"2024-09-09T22:20:36+00:00","dateModified":"2024-09-17T00:26:49+00:00","description":"El Casa de Campo Open, uno de los torneos de golf m\u00e1s destacados del Caribe, celebrar\u00e1 su 43\u00aa edici\u00f3n del 11 al 15 de septiembre de 2024. El evento se","breadcrumb":{"@id":"https:\/\/casadecampoliving.com\/es\/43a-edicion-del-casa-de-campo-open-del-11-al-15-de-septiembre-de-2024\/#breadcrumb"},"inLanguage":"es","potentialAction":[{"@type":"ReadAction","target":["https:\/\/casadecampoliving.com\/es\/43a-edicion-del-casa-de-campo-open-del-11-al-15-de-septiembre-de-2024\/"]}]},{"@type":"ImageObject","inLanguage":"es","@id":"https:\/\/casadecampoliving.com\/es\/43a-edicion-del-casa-de-campo-open-del-11-al-15-de-septiembre-de-2024\/#primaryimage","url":"https:\/\/i0.wp.com\/casadecampoliving.com\/wp-content\/uploads\/2024\/09\/The-Links-3559872TheLinks01c.jpg?fit=800%2C600&ssl=1","contentUrl":"https:\/\/i0.wp.com\/casadecampoliving.com\/wp-content\/uploads\/2024\/09\/The-Links-3559872TheLinks01c.jpg?fit=800%2C600&ssl=1","width":800,"height":600},{"@type":"BreadcrumbList","@id":"https:\/\/casadecampoliving.com\/es\/43a-edicion-del-casa-de-campo-open-del-11-al-15-de-septiembre-de-2024\/#breadcrumb","itemListElement":[{"@type":"ListItem","position":1,"name":"Home","item":"https:\/\/casadecampoliving.com\/es\/"},{"@type":"ListItem","position":2,"name":"43\u00aa Edici\u00f3n del Casa de Campo Open Del 11 al 15 de Septiembre de 2024"}]},{"@type":"WebSite","@id":"https:\/\/casadecampoliving.com\/es\/#website","url":"https:\/\/casadecampoliving.com\/es\/","name":"Casa de Campo Living","description":"Resort community news and resources.","publisher":{"@id":"https:\/\/casadecampoliving.com\/es\/#organization"},"potentialAction":[{"@type":"SearchAction","target":{"@type":"EntryPoint","urlTemplate":"https:\/\/casadecampoliving.com\/es\/?s={search_term_string}"},"query-input":{"@type":"PropertyValueSpecification","valueRequired":true,"valueName":"search_term_string"}}],"inLanguage":"es"},{"@type":"Organization","@id":"https:\/\/casadecampoliving.com\/es\/#organization","name":"Casa de Campo Living","url":"https:\/\/casadecampoliving.com\/es\/","logo":{"@type":"ImageObject","inLanguage":"es","@id":"https:\/\/casadecampoliving.com\/es\/#\/schema\/logo\/image\/","url":"https:\/\/i0.wp.com\/casadecampoliving.com\/wp-content\/uploads\/2022\/07\/CDCLivingLogo_V1-white-sized.png?fit=800%2C214&ssl=1","contentUrl":"https:\/\/i0.wp.com\/casadecampoliving.com\/wp-content\/uploads\/2022\/07\/CDCLivingLogo_V1-white-sized.png?fit=800%2C214&ssl=1","width":800,"height":214,"caption":"Casa de Campo Living"},"image":{"@id":"https:\/\/casadecampoliving.com\/es\/#\/schema\/logo\/image\/"},"sameAs":["https:\/\/www.facebook.com\/casadecampoliving","https:\/\/x.com\/cdcliving"]},{"@type":"Person","@id":"https:\/\/casadecampoliving.com\/es\/#\/schema\/person\/5d2171637a9d11e0e43ce6b8555f9422","name":"Casa de Campo Living","image":{"@type":"ImageObject","inLanguage":"es","@id":"https:\/\/secure.gravatar.com\/avatar\/d04101fa4a9fd431e939953b1500fdc7a73cd35029f86d98712fd8ccdaebaf9a?s=96&d=mm&r=g","url":"https:\/\/secure.gravatar.com\/avatar\/d04101fa4a9fd431e939953b1500fdc7a73cd35029f86d98712fd8ccdaebaf9a?s=96&d=mm&r=g","contentUrl":"https:\/\/secure.gravatar.com\/avatar\/d04101fa4a9fd431e939953b1500fdc7a73cd35029f86d98712fd8ccdaebaf9a?s=96&d=mm&r=g","caption":"Casa de Campo Living"},"url":"https:\/\/casadecampoliving.com\/es\/author\/casa-de-campo-living\/"}]}},"parsely":{"version":"1.1.0","canonical_url":"https:\/\/casadecampoliving.com\/es\/43a-edicion-del-casa-de-campo-open-del-11-al-15-de-septiembre-de-2024\/","smart_links":{"inbound":0,"outbound":0},"traffic_boost_suggestions_count":0,"meta":{"@context":"https:\/\/schema.org","@type":"NewsArticle","headline":"43\u00aa Edici\u00f3n del Casa de Campo Open Del 11 al 15 de Septiembre de 2024","url":"http:\/\/casadecampoliving.com\/es\/43a-edicion-del-casa-de-campo-open-del-11-al-15-de-septiembre-de-2024\/","mainEntityOfPage":{"@type":"WebPage","@id":"http:\/\/casadecampoliving.com\/es\/43a-edicion-del-casa-de-campo-open-del-11-al-15-de-septiembre-de-2024\/"},"thumbnailUrl":"https:\/\/i0.wp.com\/casadecampoliving.com\/wp-content\/uploads\/2024\/09\/The-Links-3559872TheLinks01c.jpg?resize=150%2C150&ssl=1","image":{"@type":"ImageObject","url":"https:\/\/i0.wp.com\/casadecampoliving.com\/wp-content\/uploads\/2024\/09\/The-Links-3559872TheLinks01c.jpg?fit=800%2C600&ssl=1"},"articleSection":"Casa de Campo Resort &amp; Villas","author":[{"@type":"Person","name":"Casa de Campo Living"}],"creator":["Casa de Campo Living"],"publisher":{"@type":"Organization","name":"Casa de Campo Living","logo":"https:\/\/casadecampoliving.com\/wp-content\/uploads\/2022\/07\/CDCLivingLogo_V1-white-sized.png"},"keywords":["altos de chavon","altos de chav\u00f3n @es","casa de campo","casa de campo @es","comunidad casa de campo","eventos y actividades","golf @es","proximamente"],"dateCreated":"2024-09-09T22:20:36Z","datePublished":"2024-09-09T22:20:36Z","dateModified":"2024-09-17T00:26:49Z"},"rendered":"<script type=\"application\/ld+json\" class=\"wp-parsely-metadata\">{\"@context\":\"https:\\\/\\\/schema.org\",\"@type\":\"NewsArticle\",\"headline\":\"43\\u00aa Edici\\u00f3n del Casa de Campo Open Del 11 al 15 de Septiembre de 2024\",\"url\":\"http:\\\/\\\/casadecampoliving.com\\\/es\\\/43a-edicion-del-casa-de-campo-open-del-11-al-15-de-septiembre-de-2024\\\/\",\"mainEntityOfPage\":{\"@type\":\"WebPage\",\"@id\":\"http:\\\/\\\/casadecampoliving.com\\\/es\\\/43a-edicion-del-casa-de-campo-open-del-11-al-15-de-septiembre-de-2024\\\/\"},\"thumbnailUrl\":\"https:\\\/\\\/i0.wp.com\\\/casadecampoliving.com\\\/wp-content\\\/uploads\\\/2024\\\/09\\\/The-Links-3559872TheLinks01c.jpg?resize=150%2C150&ssl=1\",\"image\":{\"@type\":\"ImageObject\",\"url\":\"https:\\\/\\\/i0.wp.com\\\/casadecampoliving.com\\\/wp-content\\\/uploads\\\/2024\\\/09\\\/The-Links-3559872TheLinks01c.jpg?fit=800%2C600&ssl=1\"},\"articleSection\":\"Casa de Campo Resort &amp; Villas\",\"author\":[{\"@type\":\"Person\",\"name\":\"Casa de Campo Living\"}],\"creator\":[\"Casa de Campo Living\"],\"publisher\":{\"@type\":\"Organization\",\"name\":\"Casa de Campo Living\",\"logo\":\"https:\\\/\\\/casadecampoliving.com\\\/wp-content\\\/uploads\\\/2022\\\/07\\\/CDCLivingLogo_V1-white-sized.png\"},\"keywords\":[\"altos de chavon\",\"altos de chav\\u00f3n @es\",\"casa de campo\",\"casa de campo @es\",\"comunidad casa de campo\",\"eventos y actividades\",\"golf @es\",\"proximamente\"],\"dateCreated\":\"2024-09-09T22:20:36Z\",\"datePublished\":\"2024-09-09T22:20:36Z\",\"dateModified\":\"2024-09-17T00:26:49Z\"}<\/script>","tracker_url":"https:\/\/cdn.parsely.com\/keys\/casadecampoliving.com\/p.js"},"jetpack_publicize_connections":[],"jetpack_featured_media_url":"https:\/\/i0.wp.com\/casadecampoliving.com\/wp-content\/uploads\/2024\/09\/The-Links-3559872TheLinks01c.jpg?fit=800%2C600&ssl=1","jetpack-related-posts":[{"id":433460,"url":"https:\/\/casadecampoliving.com\/es\/no-se-pierdan-el-increible-tributo-a-frank-sinatra-para-celebrar-el-40-aniversario-del-anfiteatro-altos-de-chavon\/","url_meta":{"origin":533093,"position":0},"title":"No se pierdan el incre\u00edble tributo a Frank Sinatra para celebrar el 40 aniversario del\u00a0Anfiteatro Altos de Chav\u00f3n","author":"Casa de Campo Living","date":"20 Oct, 2022","format":false,"excerpt":"Siendo uno de los escenarios m\u00e1s emblem\u00e1ticos del pa\u00eds, Casa de Campo Resort\u00ae & Villas celebra las cuatro d\u00e9cadas de aniversario de Altos de Chav\u00f3n con un tributo al gran Frank Sinatra, protagonizado por artistas invitados y una big band tal cual la que acompa\u00f1\u00f3 al artista hace 40 a\u00f1os\u2026","rel":"","context":"En \u00abUncategorized @es\u00bb","block_context":{"text":"Uncategorized @es","link":"https:\/\/casadecampoliving.com\/es\/category\/uncategorized-es\/"},"img":{"alt_text":"","src":"https:\/\/i0.wp.com\/casadecampoliving.com\/wp-content\/uploads\/2022\/10\/Tributo-Frank-Sinatra-Foto-Principal-Amaury-Sanchez-Danilo-Ginebra-Andres-Pichardo-y-Jose-Gabriel-Perez-.jpg?fit=1200%2C873&ssl=1&resize=350%2C200","width":350,"height":200,"srcset":"https:\/\/i0.wp.com\/casadecampoliving.com\/wp-content\/uploads\/2022\/10\/Tributo-Frank-Sinatra-Foto-Principal-Amaury-Sanchez-Danilo-Ginebra-Andres-Pichardo-y-Jose-Gabriel-Perez-.jpg?fit=1200%2C873&ssl=1&resize=350%2C200 1x, https:\/\/i0.wp.com\/casadecampoliving.com\/wp-content\/uploads\/2022\/10\/Tributo-Frank-Sinatra-Foto-Principal-Amaury-Sanchez-Danilo-Ginebra-Andres-Pichardo-y-Jose-Gabriel-Perez-.jpg?fit=1200%2C873&ssl=1&resize=525%2C300 1.5x, https:\/\/i0.wp.com\/casadecampoliving.com\/wp-content\/uploads\/2022\/10\/Tributo-Frank-Sinatra-Foto-Principal-Amaury-Sanchez-Danilo-Ginebra-Andres-Pichardo-y-Jose-Gabriel-Perez-.jpg?fit=1200%2C873&ssl=1&resize=700%2C400 2x, https:\/\/i0.wp.com\/casadecampoliving.com\/wp-content\/uploads\/2022\/10\/Tributo-Frank-Sinatra-Foto-Principal-Amaury-Sanchez-Danilo-Ginebra-Andres-Pichardo-y-Jose-Gabriel-Perez-.jpg?fit=1200%2C873&ssl=1&resize=1050%2C600 3x"},"classes":[]},{"id":351216,"url":"https:\/\/casadecampoliving.com\/es\/30o-torneo-anual-de-golf-caribbean-international-pro-am-ii\/","url_meta":{"origin":533093,"position":1},"title":"El 30\u00ba torneo anual de golf Caribbean International Pro-Am II cerr\u00f3 la serie Casa de Campo ProAm de este a\u00f1o","author":"Marlenys Guzm\u00e1n Casta\u00f1os","date":"7 Mar, 2017","format":false,"excerpt":"Del 26 de febrero al 3 de marzo de 2017 se celebr\u00f3 en la Casa de Campo la 30\u00aa edici\u00f3n del Caribbean International Pro-Am II, con muchos golfistas de Estados Unidos y del mundo disfrutando de una magn\u00edfica semana de golf en los impresionantes campos dise\u00f1ados por Pete Dye :\u2026","rel":"","context":"En \u00abDeportes\u00bb","block_context":{"text":"Deportes","link":"https:\/\/casadecampoliving.com\/es\/category\/golf-deportes-es\/"},"img":{"alt_text":"30th annual Caribbean International Pro-Am II","src":"https:\/\/i0.wp.com\/casadecampoliving.com\/wp-content\/uploads\/2022\/10\/3-e1488919471801.jpg?fit=1000%2C600&ssl=1&resize=350%2C200","width":350,"height":200,"srcset":"https:\/\/i0.wp.com\/casadecampoliving.com\/wp-content\/uploads\/2022\/10\/3-e1488919471801.jpg?fit=1000%2C600&ssl=1&resize=350%2C200 1x, https:\/\/i0.wp.com\/casadecampoliving.com\/wp-content\/uploads\/2022\/10\/3-e1488919471801.jpg?fit=1000%2C600&ssl=1&resize=525%2C300 1.5x, https:\/\/i0.wp.com\/casadecampoliving.com\/wp-content\/uploads\/2022\/10\/3-e1488919471801.jpg?fit=1000%2C600&ssl=1&resize=700%2C400 2x"},"classes":[]},{"id":336990,"url":"https:\/\/casadecampoliving.com\/es\/30-aniversario-torneo-de-golf-casa-de-campo-open-con-la-participacion-de-275-jugadores-internacionales\/","url_meta":{"origin":533093,"position":2},"title":"30 Aniversario Torneo de Golf \u00abCasa de Campo Open\u00bb con la participaci\u00f3n de 275 jugadores internacionales","author":"Rebecca Silvestri","date":"10 Sep, 2011","format":false,"excerpt":"Con el patrocinio de American Express, del 14 al 18 de septiembre se realizar\u00e1 en Casa de Campo el tradicional torneo de golf \u201cCasa de Campo Open\u201d en su edici\u00f3n n\u00famero 30. Este magnifico evento se realizar\u00e1 en los hoyos correspondientes a los campos de golf, Teeth of the Dog,\u2026","rel":"","context":"En \u00abDeportes\u00bb","block_context":{"text":"Deportes","link":"https:\/\/casadecampoliving.com\/es\/category\/golf-deportes-es\/"},"img":{"alt_text":"","src":"https:\/\/i0.wp.com\/casadecampoliving.com\/wp-content\/uploads\/2022\/10\/golf_casa_de_campo-34.jpg?fit=565%2C477&ssl=1&resize=350%2C200","width":350,"height":200,"srcset":"https:\/\/i0.wp.com\/casadecampoliving.com\/wp-content\/uploads\/2022\/10\/golf_casa_de_campo-34.jpg?fit=565%2C477&ssl=1&resize=350%2C200 1x, https:\/\/i0.wp.com\/casadecampoliving.com\/wp-content\/uploads\/2022\/10\/golf_casa_de_campo-34.jpg?fit=565%2C477&ssl=1&resize=525%2C300 1.5x"},"classes":[]},{"id":354144,"url":"https:\/\/casadecampoliving.com\/es\/casa-de-campo-resort-villas-organiza-el-primer-torneo-de-golf-interclub-de-caddies\/","url_meta":{"origin":533093,"position":3},"title":"\u00a1Casa de Campo Resort &#038; Villas organiza el primer Torneo de Golf Interclub de Caddies!","author":"Casa de Campo Living","date":"1 Sep, 2021","format":false,"excerpt":"La semana pasada, Casa de Campo Resort & Villas fue sede del primer Torneo de Golf Interclub Caddy. El torneo fue organizado por Joel Ortiz con la participaci\u00f3n de caddies de Corales, Metro Country Club, Punta Cana, Guavaberry y Casa de Campo. El evento se llev\u00f3 a cabo en el\u2026","rel":"","context":"En \u00abCasa de Campo Living @es\u00bb","block_context":{"text":"Casa de Campo Living @es","link":"https:\/\/casadecampoliving.com\/category\/casa-de-campo-living-es\/"},"img":{"alt_text":"","src":"https:\/\/i0.wp.com\/casadecampoliving.com\/wp-content\/uploads\/2022\/10\/WhatsApp-Image-2021-08-31-at-10.04.59-AM-2.jpeg?fit=1000%2C563&ssl=1&resize=350%2C200","width":350,"height":200,"srcset":"https:\/\/i0.wp.com\/casadecampoliving.com\/wp-content\/uploads\/2022\/10\/WhatsApp-Image-2021-08-31-at-10.04.59-AM-2.jpeg?fit=1000%2C563&ssl=1&resize=350%2C200 1x, https:\/\/i0.wp.com\/casadecampoliving.com\/wp-content\/uploads\/2022\/10\/WhatsApp-Image-2021-08-31-at-10.04.59-AM-2.jpeg?fit=1000%2C563&ssl=1&resize=525%2C300 1.5x, https:\/\/i0.wp.com\/casadecampoliving.com\/wp-content\/uploads\/2022\/10\/WhatsApp-Image-2021-08-31-at-10.04.59-AM-2.jpeg?fit=1000%2C563&ssl=1&resize=700%2C400 2x"},"classes":[]},{"id":533085,"url":"https:\/\/casadecampoliving.com\/es\/mexico-y-puerto-rico-triunfan-en-el-latin-america-pro-am-2024\/","url_meta":{"origin":533093,"position":4},"title":"M\u00e9xico y Puerto Rico triunfan en el Latin America Pro-Am 2024","author":"Casa de Campo Living","date":"6 Sep, 2024","format":false,"excerpt":"El Latin America Pro-Am se llev\u00f3 a cabo del 19 al 24 de agosto de 2024 en Casa de Campo Resort & Villas, en la Rep\u00fablica Dominicana. Golfistas de toda la regi\u00f3n compitieron en los campos Teeth of the Dog y Dye Fore, conocidos por sus vistas impresionantes y sus\u2026","rel":"","context":"En \u00abCasa de Campo Resort &amp; Villas\u00bb","block_context":{"text":"Casa de Campo Resort &amp; Villas","link":"https:\/\/casadecampoliving.com\/es\/category\/casa-de-campo-resort-villas\/"},"img":{"alt_text":"","src":"https:\/\/i0.wp.com\/casadecampoliving.com\/wp-content\/uploads\/2024\/09\/Latin-America-Pro-Am-2024.jpg?fit=1200%2C800&ssl=1&resize=350%2C200","width":350,"height":200,"srcset":"https:\/\/i0.wp.com\/casadecampoliving.com\/wp-content\/uploads\/2024\/09\/Latin-America-Pro-Am-2024.jpg?fit=1200%2C800&ssl=1&resize=350%2C200 1x, https:\/\/i0.wp.com\/casadecampoliving.com\/wp-content\/uploads\/2024\/09\/Latin-America-Pro-Am-2024.jpg?fit=1200%2C800&ssl=1&resize=525%2C300 1.5x, https:\/\/i0.wp.com\/casadecampoliving.com\/wp-content\/uploads\/2024\/09\/Latin-America-Pro-Am-2024.jpg?fit=1200%2C800&ssl=1&resize=700%2C400 2x, https:\/\/i0.wp.com\/casadecampoliving.com\/wp-content\/uploads\/2024\/09\/Latin-America-Pro-Am-2024.jpg?fit=1200%2C800&ssl=1&resize=1050%2C600 3x"},"classes":[]},{"id":532257,"url":"https:\/\/casadecampoliving.com\/es\/todo-listo-para-la-10ma-edicion-del-latin-america-pro-am\/","url_meta":{"origin":533093,"position":5},"title":"Todo listo para la 10ma edici\u00f3n del Latin America Pro Am","author":"Casa de Campo Living","date":"24 Jul, 2024","format":false,"excerpt":"Casa de Campo Resort & Villas ser\u00e1 el escenario de la 10\u00aa edici\u00f3n del Latin America Pro Am, que se llevar\u00e1 a cabo del 19 al 24 de agosto de 2024. Este prestigioso torneo, uno de los eventos destacados en el calendario de golf del Caribe, se jugar\u00e1 en los\u2026","rel":"","context":"En \u00abCasa de Campo Resort &amp; Villas\u00bb","block_context":{"text":"Casa de Campo Resort &amp; Villas","link":"https:\/\/casadecampoliving.com\/es\/category\/casa-de-campo-resort-villas\/"},"img":{"alt_text":"","src":"https:\/\/i0.wp.com\/casadecampoliving.com\/wp-content\/uploads\/2024\/07\/Latin-America-Pro-Am-20216014361CDCLAPA21c-scaled.jpg?fit=1200%2C676&ssl=1&resize=350%2C200","width":350,"height":200,"srcset":"https:\/\/i0.wp.com\/casadecampoliving.com\/wp-content\/uploads\/2024\/07\/Latin-America-Pro-Am-20216014361CDCLAPA21c-scaled.jpg?fit=1200%2C676&ssl=1&resize=350%2C200 1x, https:\/\/i0.wp.com\/casadecampoliving.com\/wp-content\/uploads\/2024\/07\/Latin-America-Pro-Am-20216014361CDCLAPA21c-scaled.jpg?fit=1200%2C676&ssl=1&resize=525%2C300 1.5x, https:\/\/i0.wp.com\/casadecampoliving.com\/wp-content\/uploads\/2024\/07\/Latin-America-Pro-Am-20216014361CDCLAPA21c-scaled.jpg?fit=1200%2C676&ssl=1&resize=700%2C400 2x, https:\/\/i0.wp.com\/casadecampoliving.com\/wp-content\/uploads\/2024\/07\/Latin-America-Pro-Am-20216014361CDCLAPA21c-scaled.jpg?fit=1200%2C676&ssl=1&resize=1050%2C600 3x"},"classes":[]}],"jetpack_sharing_enabled":true,"_links":{"self":[{"href":"https:\/\/casadecampoliving.com\/es\/wp-json\/wp\/v2\/posts\/533093","targetHints":{"allow":["GET"]}}],"collection":[{"href":"https:\/\/casadecampoliving.com\/es\/wp-json\/wp\/v2\/posts"}],"about":[{"href":"https:\/\/casadecampoliving.com\/es\/wp-json\/wp\/v2\/types\/post"}],"author":[{"embeddable":true,"href":"https:\/\/casadecampoliving.com\/es\/wp-json\/wp\/v2\/users\/36791"}],"replies":[{"embeddable":true,"href":"https:\/\/casadecampoliving.com\/es\/wp-json\/wp\/v2\/comments?post=533093"}],"version-history":[{"count":2,"href":"https:\/\/casadecampoliving.com\/es\/wp-json\/wp\/v2\/posts\/533093\/revisions"}],"predecessor-version":[{"id":533353,"href":"https:\/\/casadecampoliving.com\/es\/wp-json\/wp\/v2\/posts\/533093\/revisions\/533353"}],"wp:featuredmedia":[{"embeddable":true,"href":"https:\/\/casadecampoliving.com\/es\/wp-json\/wp\/v2\/media\/533091"}],"wp:attachment":[{"href":"https:\/\/casadecampoliving.com\/es\/wp-json\/wp\/v2\/media?parent=533093"}],"wp:term":[{"taxonomy":"category","embeddable":true,"href":"https:\/\/casadecampoliving.com\/es\/wp-json\/wp\/v2\/categories?post=533093"},{"taxonomy":"post_tag","embeddable":true,"href":"https:\/\/casadecampoliving.com\/es\/wp-json\/wp\/v2\/tags?post=533093"},{"taxonomy":"newspack_spnsrs_tax","embeddable":true,"href":"https:\/\/casadecampoliving.com\/es\/wp-json\/wp\/v2\/newspack_spnsrs_tax?post=533093"}],"curies":[{"name":"wp","href":"https:\/\/api.w.org\/{rel}","templated":true}]}}