{"id":532638,"date":"2024-08-26T12:21:41","date_gmt":"2024-08-26T16:21:41","guid":{"rendered":"https:\/\/casadecampoliving.com\/?p=532638"},"modified":"2024-09-03T18:31:48","modified_gmt":"2024-09-03T22:31:48","slug":"paz-vega-brilla-en-netflix-con-filme-no-puedo-vivir-sin-ti","status":"publish","type":"post","link":"https:\/\/casadecampoliving.com\/es\/paz-vega-brilla-en-netflix-con-filme-no-puedo-vivir-sin-ti\/","title":{"rendered":"Paz Vega brilla en Netflix con filme \u201cNo Puedo Vivir Sin Ti\u201d"},"content":{"rendered":"\n<p>&nbsp;La actriz espa\u00f1ola Paz Vega, residente en la exclusiva comunidad de Casa de Campo, acaba de protagonizar el nuevo \u00e9xito cinematogr\u00e1fico de Netflix, \u201cNo Puedo Vivir Sin Ti\u201d. Esta comedia, que tambi\u00e9n cuenta con la participaci\u00f3n del reconocido productor y actor argentino Adri\u00e1n Suar, est\u00e1 capturando la atenci\u00f3n del p\u00fablico dominicano, coloc\u00e1ndose en estos momentos en el top 6 de las 10 pel\u00edculas m\u00e1s populares del pa\u00eds.<\/p>\n\n\n\n<p>La pel\u00edcula aborda con humor una tem\u00e1tica moderna y relevante: la adicci\u00f3n al tel\u00e9fono m\u00f3vil. En \u201cNo Puedo Vivir Sin Ti\u201d, Suar interpreta a \u2018Carlos\u2019, un hombre de negocios cuya dependencia del celular desencadena una crisis en su vida personal. Su obsesi\u00f3n lo lleva a descuidar a su esposa, \u2018Adela\u2019, papel interpretado por Vega, quien se siente relegada y menospreciada. La situaci\u00f3n llega a un punto cr\u00edtico cuando \u2018Adela\u2019 solicita el divorcio, lo que impulsa a \u2018Carlos\u2019 a buscar terapia y luchar por salvar su relaci\u00f3n.<\/p>\n\n\n\n<figure class=\"wp-block-embed is-type-video is-provider-youtube wp-block-embed-youtube wp-embed-aspect-16-9 wp-has-aspect-ratio\"><div class=\"wp-block-embed__wrapper\">\n<iframe loading=\"lazy\" title=\"No puedo vivir sin ti | Tr\u00e1iler oficial | Netflix\" width=\"500\" height=\"281\" src=\"https:\/\/www.youtube.com\/embed\/jO2qb76Eszw?start=1&#038;feature=oembed\" frameborder=\"0\" allow=\"accelerometer; autoplay; clipboard-write; encrypted-media; gyroscope; picture-in-picture; web-share\" referrerpolicy=\"strict-origin-when-cross-origin\" allowfullscreen><\/iframe>\n<\/div><figcaption class=\"wp-element-caption\">Trailer oficial de la pel\u00edcula en Netflix<\/figcaption><\/figure>\n\n\n\n<p>Vega, conocida por su impresionante trayectoria en el cine, comparte con entusiasmo su experiencia en este proyecto. En una entrevista exclusiva a Casa de Campo Living, explic\u00f3 qu\u00e9 la motiv\u00f3 a unirse a la pel\u00edcula: \u201cMe pareci\u00f3 una historia que habla en clave de humor de un problema muy com\u00fan en el que todos estamos, de alg\u00fan modo, inmersos. Es una idea brillante\u201d, coment\u00f3. Adem\u00e1s, la oportunidad de trabajar con Adri\u00e1n Suar fue un factor decisivo para ella.<\/p>\n\n\n\n<p>Sobre su experiencia interpretando a \u2018Adela\u2019, Vega destac\u00f3 el desaf\u00edo de equilibrar la comedia con la gravedad de la situaci\u00f3n familiar. \u201cEl desaf\u00edo era encontrar el equilibrio entre la comedia y la tragedia. Un divorcio es una situaci\u00f3n seria, y es importante abordarla con sensibilidad\u201d, afirm\u00f3.<\/p>\n\n\n\n<figure class=\"wp-block-image size-large\"><img data-recalc-dims=\"1\" loading=\"lazy\" decoding=\"async\" width=\"1024\" height=\"709\" data-attachment-id=\"532641\" data-permalink=\"https:\/\/casadecampoliving.com\/es\/paz-vega-brilla-en-netflix-con-filme-no-puedo-vivir-sin-ti\/npvst_adrian-suar-y-paz-vega_2\/\" data-orig-file=\"https:\/\/i0.wp.com\/casadecampoliving.com\/wp-content\/uploads\/2024\/08\/NPVST_Adrian-Suar-y-Paz-Vega_2-scaled.jpg?fit=2560%2C1772&amp;ssl=1\" data-orig-size=\"2560,1772\" data-comments-opened=\"0\" data-image-meta=\"{&quot;aperture&quot;:&quot;0&quot;,&quot;credit&quot;:&quot;David Herranz \/ Netflix&quot;,&quot;camera&quot;:&quot;&quot;,&quot;caption&quot;:&quot;No Puedo Vivir Sin Ti. (L to R) Adri\\u00e1n Suar, Paz Vega in No Puedo Vivir Sin Ti. Cr. David Herranz \/ Netflix \\u00a92024&quot;,&quot;created_timestamp&quot;:&quot;0&quot;,&quot;copyright&quot;:&quot;\\u00a92024 Netflix, inc&quot;,&quot;focal_length&quot;:&quot;0&quot;,&quot;iso&quot;:&quot;0&quot;,&quot;shutter_speed&quot;:&quot;0&quot;,&quot;title&quot;:&quot;&quot;,&quot;orientation&quot;:&quot;0&quot;}\" data-image-title=\"NPVST_Adri\u00e1n Suar y Paz Vega_2\" data-image-description=\"\" data-image-caption=\"&lt;p&gt;No Puedo Vivir Sin Ti. (L to R) Adri\u00e1n Suar, Paz Vega in No Puedo Vivir Sin Ti. Cr. David Herranz \/ Netflix \u00a92024&lt;\/p&gt;\n\" data-large-file=\"https:\/\/i0.wp.com\/casadecampoliving.com\/wp-content\/uploads\/2024\/08\/NPVST_Adrian-Suar-y-Paz-Vega_2-scaled.jpg?fit=1024%2C709&amp;ssl=1\" src=\"https:\/\/i0.wp.com\/casadecampoliving.com\/wp-content\/uploads\/2024\/08\/NPVST_Adrian-Suar-y-Paz-Vega_2.jpg?resize=1024%2C709&#038;ssl=1\" alt=\"\" class=\"wp-image-532641\" srcset=\"https:\/\/i0.wp.com\/casadecampoliving.com\/wp-content\/uploads\/2024\/08\/NPVST_Adrian-Suar-y-Paz-Vega_2-scaled.jpg?resize=1024%2C709&amp;ssl=1 1024w, https:\/\/i0.wp.com\/casadecampoliving.com\/wp-content\/uploads\/2024\/08\/NPVST_Adrian-Suar-y-Paz-Vega_2-scaled.jpg?resize=300%2C208&amp;ssl=1 300w, https:\/\/i0.wp.com\/casadecampoliving.com\/wp-content\/uploads\/2024\/08\/NPVST_Adrian-Suar-y-Paz-Vega_2-scaled.jpg?resize=768%2C532&amp;ssl=1 768w, https:\/\/i0.wp.com\/casadecampoliving.com\/wp-content\/uploads\/2024\/08\/NPVST_Adrian-Suar-y-Paz-Vega_2-scaled.jpg?resize=1536%2C1063&amp;ssl=1 1536w, https:\/\/i0.wp.com\/casadecampoliving.com\/wp-content\/uploads\/2024\/08\/NPVST_Adrian-Suar-y-Paz-Vega_2-scaled.jpg?resize=2048%2C1418&amp;ssl=1 2048w, https:\/\/i0.wp.com\/casadecampoliving.com\/wp-content\/uploads\/2024\/08\/NPVST_Adrian-Suar-y-Paz-Vega_2-scaled.jpg?resize=1200%2C831&amp;ssl=1 1200w, https:\/\/i0.wp.com\/casadecampoliving.com\/wp-content\/uploads\/2024\/08\/NPVST_Adrian-Suar-y-Paz-Vega_2-scaled.jpg?resize=1568%2C1086&amp;ssl=1 1568w, https:\/\/i0.wp.com\/casadecampoliving.com\/wp-content\/uploads\/2024\/08\/NPVST_Adrian-Suar-y-Paz-Vega_2-scaled.jpg?resize=2000%2C1385&amp;ssl=1 2000w, https:\/\/i0.wp.com\/casadecampoliving.com\/wp-content\/uploads\/2024\/08\/NPVST_Adrian-Suar-y-Paz-Vega_2-scaled.jpg?resize=400%2C277&amp;ssl=1 400w, https:\/\/i0.wp.com\/casadecampoliving.com\/wp-content\/uploads\/2024\/08\/NPVST_Adrian-Suar-y-Paz-Vega_2-scaled.jpg?resize=1320%2C914&amp;ssl=1 1320w, https:\/\/i0.wp.com\/casadecampoliving.com\/wp-content\/uploads\/2024\/08\/NPVST_Adrian-Suar-y-Paz-Vega_2-scaled.jpg?resize=150%2C104&amp;ssl=1 150w, https:\/\/i0.wp.com\/casadecampoliving.com\/wp-content\/uploads\/2024\/08\/NPVST_Adrian-Suar-y-Paz-Vega_2-1024x709.jpg?w=370&amp;ssl=1 370w\" sizes=\"auto, (max-width: 1000px) 100vw, 1000px\" \/><figcaption class=\"wp-element-caption\">No Puedo Vivir Sin Ti. (L to R) Adri\u00e1n Suar, Paz Vega in No Puedo Vivir Sin Ti. Cr. David Herranz \/ Netflix \u00a92024<\/figcaption><\/figure>\n\n\n\n<p>La actriz tambi\u00e9n ofreci\u00f3 algunos consejos para quienes luchan con la adicci\u00f3n al celular: \u201cNo soy quien para dar consejos, pero hay peque\u00f1os gestos que pueden ayudar a reducir el tiempo que pasamos con el tel\u00e9fono. Por ejemplo, apagarlo tres horas antes de irte a dormir puede ser un buen comienzo.\u201d<\/p>\n\n\n\n<p>Compartir el set con Suar, seg\u00fan Vega, fue una experiencia enriquecedora. \u201cTrabajar con Adri\u00e1n fue muy divertido y f\u00e1cil. Tiene un gran dominio de la comedia y es un excelente compa\u00f1ero. Disfrutamos mucho cada escena\u201d, coment\u00f3.<\/p>\n\n\n\n<p>El \u00e9xito de \u201cNo Puedo Vivir Sin Ti\u201d en Netflix es un motivo de orgullo para Vega. \u201cQue tu trabajo sea visto es siempre un motivo de alegr\u00eda. Me alegra mucho por Santiago, el director, quien le puso mucho amor a esta historia. El mejor premio es que el p\u00fablico responda bien\u201d, expres\u00f3.<\/p>\n\n\n\n<figure class=\"wp-block-image size-large\"><img data-recalc-dims=\"1\" loading=\"lazy\" decoding=\"async\" width=\"1024\" height=\"709\" data-attachment-id=\"532643\" data-permalink=\"https:\/\/casadecampoliving.com\/es\/paz-vega-brilla-en-netflix-con-filme-no-puedo-vivir-sin-ti\/npvst_17102023_unaimateo_03937-editar_r\/\" data-orig-file=\"https:\/\/i0.wp.com\/casadecampoliving.com\/wp-content\/uploads\/2024\/08\/NPVST_17102023_unaimateo_03937-Editar_R-scaled.jpg?fit=2560%2C1772&amp;ssl=1\" data-orig-size=\"2560,1772\" data-comments-opened=\"0\" data-image-meta=\"{&quot;aperture&quot;:&quot;0&quot;,&quot;credit&quot;:&quot;Unai Mateo \/Netflix&quot;,&quot;camera&quot;:&quot;&quot;,&quot;caption&quot;:&quot;No Puedo Vivir Sin Ti. (L to R) Adri\\u00e1n Suar, Paz Vega in No Puedo Vivir Sin Ti. Cr. Unai Mateo\/ Netflix \\u00a92024&quot;,&quot;created_timestamp&quot;:&quot;0&quot;,&quot;copyright&quot;:&quot;\\u00a9 2024\/ Netflix, Inc.&quot;,&quot;focal_length&quot;:&quot;0&quot;,&quot;iso&quot;:&quot;0&quot;,&quot;shutter_speed&quot;:&quot;0&quot;,&quot;title&quot;:&quot;&quot;,&quot;orientation&quot;:&quot;0&quot;}\" data-image-title=\"NPVST_17102023_unaimateo_03937-Editar_R\" data-image-description=\"\" data-image-caption=\"&lt;p&gt;No Puedo Vivir Sin Ti. (L to R) Adri\u00e1n Suar, Paz Vega in No Puedo Vivir Sin Ti. Cr. Unai Mateo\/ Netflix \u00a92024&lt;\/p&gt;\n\" data-large-file=\"https:\/\/i0.wp.com\/casadecampoliving.com\/wp-content\/uploads\/2024\/08\/NPVST_17102023_unaimateo_03937-Editar_R-scaled.jpg?fit=1024%2C709&amp;ssl=1\" src=\"https:\/\/i0.wp.com\/casadecampoliving.com\/wp-content\/uploads\/2024\/08\/NPVST_17102023_unaimateo_03937-Editar_R.jpg?resize=1024%2C709&#038;ssl=1\" alt=\"\" class=\"wp-image-532643\" srcset=\"https:\/\/i0.wp.com\/casadecampoliving.com\/wp-content\/uploads\/2024\/08\/NPVST_17102023_unaimateo_03937-Editar_R-scaled.jpg?resize=1024%2C709&amp;ssl=1 1024w, https:\/\/i0.wp.com\/casadecampoliving.com\/wp-content\/uploads\/2024\/08\/NPVST_17102023_unaimateo_03937-Editar_R-scaled.jpg?resize=300%2C208&amp;ssl=1 300w, https:\/\/i0.wp.com\/casadecampoliving.com\/wp-content\/uploads\/2024\/08\/NPVST_17102023_unaimateo_03937-Editar_R-scaled.jpg?resize=768%2C532&amp;ssl=1 768w, https:\/\/i0.wp.com\/casadecampoliving.com\/wp-content\/uploads\/2024\/08\/NPVST_17102023_unaimateo_03937-Editar_R-scaled.jpg?resize=1536%2C1063&amp;ssl=1 1536w, https:\/\/i0.wp.com\/casadecampoliving.com\/wp-content\/uploads\/2024\/08\/NPVST_17102023_unaimateo_03937-Editar_R-scaled.jpg?resize=2048%2C1418&amp;ssl=1 2048w, https:\/\/i0.wp.com\/casadecampoliving.com\/wp-content\/uploads\/2024\/08\/NPVST_17102023_unaimateo_03937-Editar_R-scaled.jpg?resize=1200%2C831&amp;ssl=1 1200w, https:\/\/i0.wp.com\/casadecampoliving.com\/wp-content\/uploads\/2024\/08\/NPVST_17102023_unaimateo_03937-Editar_R-scaled.jpg?resize=1568%2C1085&amp;ssl=1 1568w, https:\/\/i0.wp.com\/casadecampoliving.com\/wp-content\/uploads\/2024\/08\/NPVST_17102023_unaimateo_03937-Editar_R-scaled.jpg?resize=2000%2C1384&amp;ssl=1 2000w, https:\/\/i0.wp.com\/casadecampoliving.com\/wp-content\/uploads\/2024\/08\/NPVST_17102023_unaimateo_03937-Editar_R-scaled.jpg?resize=400%2C277&amp;ssl=1 400w, https:\/\/i0.wp.com\/casadecampoliving.com\/wp-content\/uploads\/2024\/08\/NPVST_17102023_unaimateo_03937-Editar_R-scaled.jpg?resize=1320%2C914&amp;ssl=1 1320w, https:\/\/i0.wp.com\/casadecampoliving.com\/wp-content\/uploads\/2024\/08\/NPVST_17102023_unaimateo_03937-Editar_R-scaled.jpg?resize=150%2C104&amp;ssl=1 150w, https:\/\/i0.wp.com\/casadecampoliving.com\/wp-content\/uploads\/2024\/08\/NPVST_17102023_unaimateo_03937-Editar_R-1024x709.jpg?w=370&amp;ssl=1 370w\" sizes=\"auto, (max-width: 1000px) 100vw, 1000px\" \/><figcaption class=\"wp-element-caption\">No Puedo Vivir Sin Ti. (L to R) Adri\u00e1n Suar, Paz Vega in No Puedo Vivir Sin Ti. Cr. Unai Mateo\/ Netflix \u00a92024<\/figcaption><\/figure>\n\n\n\n<p>Adem\u00e1s de su \u00e9xito actual, Paz Vega est\u00e1 emocionada por el estreno de su \u00f3pera prima, \u201cRITA\u201d, programado para el 25 de octubre. Mientras tanto, est\u00e1 inmersa en la escritura de su pr\u00f3ximo proyecto. \u201cEl verano lo he pasado entre Ibiza, Cerde\u00f1a y la sierra de Gredos en \u00c1vila. Ahora estoy disfrutando unos d\u00edas en Casa de Campo, el lugar ideal para escribir\u201d, revel\u00f3.<\/p>\n\n\n\n<p>Con su participaci\u00f3n en \u201cNo Puedo Vivir Sin Ti\u201d, Paz Vega sigue consolidando su carrera y demostrando su versatilidad como actriz. Su \u00e9xito en Netflix es solo una muestra de su talento en constante crecimiento.<\/p>\n\n\n\n<p><em>Im\u00e1genes ofrecidas por el equipo de Paz Vega.<\/em><\/p>\n\n\n\n<p><strong>Para todo lo que sucede en\u00a0<em>Casa<\/em>,\u00a0<a href=\"https:\/\/casadecampoliving.com\/es\/sucribirsealsemanal\/\" target=\"_blank\" rel=\"noreferrer noopener\">suscr\u00edbete<\/a>\u00a0a nuestro bolet\u00edn gratuito.<\/strong><br><\/p>\n","protected":false},"excerpt":{"rendered":"<p>&nbsp;La actriz espa\u00f1ola Paz Vega, residente en la exclusiva comunidad de Casa de Campo, acaba de protagonizar el nuevo \u00e9xito cinematogr\u00e1fico de Netflix, \u201cNo Puedo Vivir Sin Ti\u201d. Esta comedia, que tambi\u00e9n cuenta con la participaci\u00f3n del reconocido productor y actor argentino Adri\u00e1n Suar, est\u00e1 capturando la atenci\u00f3n del p\u00fablico dominicano, coloc\u00e1ndose en estos momentos [&hellip;]<\/p>\n","protected":false},"author":431,"featured_media":532639,"comment_status":"closed","ping_status":"closed","sticky":false,"template":"","format":"standard","meta":{"newspack_ads_suppress_ads":false,"newspack_popups_has_disabled_popups":false,"newspack_sponsor_sponsorship_scope":"","newspack_sponsor_native_byline_display":"inherit","newspack_sponsor_native_category_display":"inherit","newspack_sponsor_underwriter_style":"inherit","newspack_sponsor_underwriter_placement":"inherit","_newspack_byline_active":false,"_newspack_byline":"","newspack_hide_updated_date":false,"newspack_show_updated_date":false,"newspack_content_restriction_is_exempt":false,"newspack_featured_image_position":"","newspack_post_subtitle":"La actriz residente en Casa de Campo se encuentra prepar\u00e1ndose para el estreno de su \u00f3pera prima \u201cRITA\u201d","newspack_article_summary_title":"Overview:","newspack_article_summary":"","_jetpack_memberships_contains_paid_content":false,"footnotes":"","jetpack_publicize_message":"","jetpack_publicize_feature_enabled":true,"jetpack_social_post_already_shared":true,"jetpack_social_options":{"image_generator_settings":{"template":"highway","enabled":false},"version":2},"_wpas_customize_per_network":false},"categories":[2510,3126,24554,2506],"tags":[2559,14736,27712],"newspack_spnsrs_tax":[],"class_list":["post-532638","post","type-post","status-publish","format-standard","has-post-thumbnail","hentry","category-ccl-recomienda-es","category-cine-3","category-comunidad","category-mas-alla-de-casa-es","tag-cine","tag-featured-topview-es","tag-netflixes","entry"],"yoast_head":"<!-- This site is optimized with the Yoast SEO plugin v27.4 - https:\/\/yoast.com\/product\/yoast-seo-wordpress\/ -->\n<title>Paz Vega brilla en Netflix con filme \u201cNo Puedo Vivir Sin Ti\u201d | Casa de Campo Living<\/title>\n<meta name=\"description\" content=\"&nbsp;La actriz espa\u00f1ola Paz Vega, residente en la exclusiva comunidad de Casa de Campo, acaba de protagonizar el nuevo \u00e9xito cinematogr\u00e1fico de Netflix,\" \/>\n<meta name=\"robots\" content=\"index, follow, max-snippet:-1, max-image-preview:large, max-video-preview:-1\" \/>\n<link rel=\"canonical\" href=\"https:\/\/casadecampoliving.com\/es\/paz-vega-brilla-en-netflix-con-filme-no-puedo-vivir-sin-ti\/\" \/>\n<meta property=\"og:locale\" content=\"es_ES\" \/>\n<meta property=\"og:type\" content=\"article\" \/>\n<meta property=\"og:title\" content=\"Paz Vega brilla en Netflix con filme \u201cNo Puedo Vivir Sin Ti\u201d | Casa de Campo Living\" \/>\n<meta property=\"og:description\" content=\"&nbsp;La actriz espa\u00f1ola Paz Vega, residente en la exclusiva comunidad de Casa de Campo, acaba de protagonizar el nuevo \u00e9xito cinematogr\u00e1fico de Netflix,\" \/>\n<meta property=\"og:url\" content=\"https:\/\/casadecampoliving.com\/es\/paz-vega-brilla-en-netflix-con-filme-no-puedo-vivir-sin-ti\/\" \/>\n<meta property=\"og:site_name\" content=\"Casa de Campo Living\" \/>\n<meta property=\"article:publisher\" content=\"https:\/\/www.facebook.com\/casadecampoliving\" \/>\n<meta property=\"article:published_time\" content=\"2024-08-26T16:21:41+00:00\" \/>\n<meta property=\"article:modified_time\" content=\"2024-09-03T22:31:48+00:00\" \/>\n<meta property=\"og:image\" content=\"https:\/\/casadecampoliving.com\/wp-content\/uploads\/2024\/08\/NPVST_Paz-Vega_5-scaled.jpg\" \/>\n\t<meta property=\"og:image:width\" content=\"2560\" \/>\n\t<meta property=\"og:image:height\" content=\"1440\" \/>\n\t<meta property=\"og:image:type\" content=\"image\/jpeg\" \/>\n<meta name=\"author\" content=\"Mairobi Herrera\" \/>\n<meta name=\"twitter:card\" content=\"summary_large_image\" \/>\n<meta name=\"twitter:creator\" content=\"@cdcliving\" \/>\n<meta name=\"twitter:site\" content=\"@cdcliving\" \/>\n<meta name=\"twitter:label1\" content=\"Escrito por\" \/>\n\t<meta name=\"twitter:data1\" content=\"Mairobi Herrera\" \/>\n\t<meta name=\"twitter:label2\" content=\"Tiempo de lectura\" \/>\n\t<meta name=\"twitter:data2\" content=\"4 minutos\" \/>\n<script type=\"application\/ld+json\" class=\"yoast-schema-graph\">{\"@context\":\"https:\\\/\\\/schema.org\",\"@graph\":[{\"@type\":\"Article\",\"@id\":\"https:\\\/\\\/casadecampoliving.com\\\/es\\\/paz-vega-brilla-en-netflix-con-filme-no-puedo-vivir-sin-ti\\\/#article\",\"isPartOf\":{\"@id\":\"https:\\\/\\\/casadecampoliving.com\\\/es\\\/paz-vega-brilla-en-netflix-con-filme-no-puedo-vivir-sin-ti\\\/\"},\"author\":{\"name\":\"Mairobi Herrera\",\"@id\":\"https:\\\/\\\/casadecampoliving.com\\\/es\\\/#\\\/schema\\\/person\\\/932e594484c49168ad37fbb9141bf699\"},\"headline\":\"Paz Vega brilla en Netflix con filme \u201cNo Puedo Vivir Sin Ti\u201d\",\"datePublished\":\"2024-08-26T16:21:41+00:00\",\"dateModified\":\"2024-09-03T22:31:48+00:00\",\"mainEntityOfPage\":{\"@id\":\"https:\\\/\\\/casadecampoliving.com\\\/es\\\/paz-vega-brilla-en-netflix-con-filme-no-puedo-vivir-sin-ti\\\/\"},\"wordCount\":659,\"publisher\":{\"@id\":\"https:\\\/\\\/casadecampoliving.com\\\/es\\\/#organization\"},\"image\":{\"@id\":\"https:\\\/\\\/casadecampoliving.com\\\/es\\\/paz-vega-brilla-en-netflix-con-filme-no-puedo-vivir-sin-ti\\\/#primaryimage\"},\"thumbnailUrl\":\"https:\\\/\\\/i0.wp.com\\\/casadecampoliving.com\\\/wp-content\\\/uploads\\\/2024\\\/08\\\/NPVST_Paz-Vega_5-scaled.jpg?fit=2560%2C1440&ssl=1\",\"keywords\":[\"cine\",\"Featured-TopView @es\",\"Netflix@es\"],\"articleSection\":[\"CCL recomienda\",\"Cine @es\",\"Comunidad\",\"M\u00e1s all\u00e1 de Casa\"],\"inLanguage\":\"es\"},{\"@type\":\"WebPage\",\"@id\":\"https:\\\/\\\/casadecampoliving.com\\\/es\\\/paz-vega-brilla-en-netflix-con-filme-no-puedo-vivir-sin-ti\\\/\",\"url\":\"https:\\\/\\\/casadecampoliving.com\\\/es\\\/paz-vega-brilla-en-netflix-con-filme-no-puedo-vivir-sin-ti\\\/\",\"name\":\"Paz Vega brilla en Netflix con filme \u201cNo Puedo Vivir Sin Ti\u201d | Casa de Campo Living\",\"isPartOf\":{\"@id\":\"https:\\\/\\\/casadecampoliving.com\\\/es\\\/#website\"},\"primaryImageOfPage\":{\"@id\":\"https:\\\/\\\/casadecampoliving.com\\\/es\\\/paz-vega-brilla-en-netflix-con-filme-no-puedo-vivir-sin-ti\\\/#primaryimage\"},\"image\":{\"@id\":\"https:\\\/\\\/casadecampoliving.com\\\/es\\\/paz-vega-brilla-en-netflix-con-filme-no-puedo-vivir-sin-ti\\\/#primaryimage\"},\"thumbnailUrl\":\"https:\\\/\\\/i0.wp.com\\\/casadecampoliving.com\\\/wp-content\\\/uploads\\\/2024\\\/08\\\/NPVST_Paz-Vega_5-scaled.jpg?fit=2560%2C1440&ssl=1\",\"datePublished\":\"2024-08-26T16:21:41+00:00\",\"dateModified\":\"2024-09-03T22:31:48+00:00\",\"description\":\"&nbsp;La actriz espa\u00f1ola Paz Vega, residente en la exclusiva comunidad de Casa de Campo, acaba de protagonizar el nuevo \u00e9xito cinematogr\u00e1fico de Netflix,\",\"breadcrumb\":{\"@id\":\"https:\\\/\\\/casadecampoliving.com\\\/es\\\/paz-vega-brilla-en-netflix-con-filme-no-puedo-vivir-sin-ti\\\/#breadcrumb\"},\"inLanguage\":\"es\",\"potentialAction\":[{\"@type\":\"ReadAction\",\"target\":[\"https:\\\/\\\/casadecampoliving.com\\\/es\\\/paz-vega-brilla-en-netflix-con-filme-no-puedo-vivir-sin-ti\\\/\"]}]},{\"@type\":\"ImageObject\",\"inLanguage\":\"es\",\"@id\":\"https:\\\/\\\/casadecampoliving.com\\\/es\\\/paz-vega-brilla-en-netflix-con-filme-no-puedo-vivir-sin-ti\\\/#primaryimage\",\"url\":\"https:\\\/\\\/i0.wp.com\\\/casadecampoliving.com\\\/wp-content\\\/uploads\\\/2024\\\/08\\\/NPVST_Paz-Vega_5-scaled.jpg?fit=2560%2C1440&ssl=1\",\"contentUrl\":\"https:\\\/\\\/i0.wp.com\\\/casadecampoliving.com\\\/wp-content\\\/uploads\\\/2024\\\/08\\\/NPVST_Paz-Vega_5-scaled.jpg?fit=2560%2C1440&ssl=1\",\"width\":2560,\"height\":1440,\"caption\":\"No Puedo Vivir Sin Ti. Paz Vega in No Puedo Vivir Sin Ti. Cr. Courtesy of Netflix \u00a92024\"},{\"@type\":\"BreadcrumbList\",\"@id\":\"https:\\\/\\\/casadecampoliving.com\\\/es\\\/paz-vega-brilla-en-netflix-con-filme-no-puedo-vivir-sin-ti\\\/#breadcrumb\",\"itemListElement\":[{\"@type\":\"ListItem\",\"position\":1,\"name\":\"Home\",\"item\":\"https:\\\/\\\/casadecampoliving.com\\\/es\\\/\"},{\"@type\":\"ListItem\",\"position\":2,\"name\":\"Paz Vega brilla en Netflix con filme \u201cNo Puedo Vivir Sin Ti\u201d\"}]},{\"@type\":\"WebSite\",\"@id\":\"https:\\\/\\\/casadecampoliving.com\\\/es\\\/#website\",\"url\":\"https:\\\/\\\/casadecampoliving.com\\\/es\\\/\",\"name\":\"Casa de Campo Living\",\"description\":\"Resort community news and resources.\",\"publisher\":{\"@id\":\"https:\\\/\\\/casadecampoliving.com\\\/es\\\/#organization\"},\"potentialAction\":[{\"@type\":\"SearchAction\",\"target\":{\"@type\":\"EntryPoint\",\"urlTemplate\":\"https:\\\/\\\/casadecampoliving.com\\\/es\\\/?s={search_term_string}\"},\"query-input\":{\"@type\":\"PropertyValueSpecification\",\"valueRequired\":true,\"valueName\":\"search_term_string\"}}],\"inLanguage\":\"es\"},{\"@type\":\"Organization\",\"@id\":\"https:\\\/\\\/casadecampoliving.com\\\/es\\\/#organization\",\"name\":\"Casa de Campo Living\",\"url\":\"https:\\\/\\\/casadecampoliving.com\\\/es\\\/\",\"logo\":{\"@type\":\"ImageObject\",\"inLanguage\":\"es\",\"@id\":\"https:\\\/\\\/casadecampoliving.com\\\/es\\\/#\\\/schema\\\/logo\\\/image\\\/\",\"url\":\"https:\\\/\\\/i0.wp.com\\\/casadecampoliving.com\\\/wp-content\\\/uploads\\\/2022\\\/07\\\/CDCLivingLogo_V1-white-sized.png?fit=800%2C214&ssl=1\",\"contentUrl\":\"https:\\\/\\\/i0.wp.com\\\/casadecampoliving.com\\\/wp-content\\\/uploads\\\/2022\\\/07\\\/CDCLivingLogo_V1-white-sized.png?fit=800%2C214&ssl=1\",\"width\":800,\"height\":214,\"caption\":\"Casa de Campo Living\"},\"image\":{\"@id\":\"https:\\\/\\\/casadecampoliving.com\\\/es\\\/#\\\/schema\\\/logo\\\/image\\\/\"},\"sameAs\":[\"https:\\\/\\\/www.facebook.com\\\/casadecampoliving\",\"https:\\\/\\\/x.com\\\/cdcliving\"]},{\"@type\":\"Person\",\"@id\":\"https:\\\/\\\/casadecampoliving.com\\\/es\\\/#\\\/schema\\\/person\\\/932e594484c49168ad37fbb9141bf699\",\"name\":\"Mairobi Herrera\",\"image\":{\"@type\":\"ImageObject\",\"inLanguage\":\"es\",\"@id\":\"https:\\\/\\\/secure.gravatar.com\\\/avatar\\\/d0bf6c19470eb55d83c719e39672f670b2c4412339af1eb8a08f86427ba98ee8?s=96&d=mm&r=g\",\"url\":\"https:\\\/\\\/secure.gravatar.com\\\/avatar\\\/d0bf6c19470eb55d83c719e39672f670b2c4412339af1eb8a08f86427ba98ee8?s=96&d=mm&r=g\",\"contentUrl\":\"https:\\\/\\\/secure.gravatar.com\\\/avatar\\\/d0bf6c19470eb55d83c719e39672f670b2c4412339af1eb8a08f86427ba98ee8?s=96&d=mm&r=g\",\"caption\":\"Mairobi Herrera\"},\"sameAs\":[\"https:\\\/\\\/casadecampoliving.com\\\/\"],\"url\":\"https:\\\/\\\/casadecampoliving.com\\\/es\\\/author\\\/mherrera\\\/\"}]}<\/script>\n<!-- \/ Yoast SEO plugin. -->","yoast_head_json":{"title":"Paz Vega brilla en Netflix con filme \u201cNo Puedo Vivir Sin Ti\u201d | Casa de Campo Living","description":"&nbsp;La actriz espa\u00f1ola Paz Vega, residente en la exclusiva comunidad de Casa de Campo, acaba de protagonizar el nuevo \u00e9xito cinematogr\u00e1fico de Netflix,","robots":{"index":"index","follow":"follow","max-snippet":"max-snippet:-1","max-image-preview":"max-image-preview:large","max-video-preview":"max-video-preview:-1"},"canonical":"https:\/\/casadecampoliving.com\/es\/paz-vega-brilla-en-netflix-con-filme-no-puedo-vivir-sin-ti\/","og_locale":"es_ES","og_type":"article","og_title":"Paz Vega brilla en Netflix con filme \u201cNo Puedo Vivir Sin Ti\u201d | Casa de Campo Living","og_description":"&nbsp;La actriz espa\u00f1ola Paz Vega, residente en la exclusiva comunidad de Casa de Campo, acaba de protagonizar el nuevo \u00e9xito cinematogr\u00e1fico de Netflix,","og_url":"https:\/\/casadecampoliving.com\/es\/paz-vega-brilla-en-netflix-con-filme-no-puedo-vivir-sin-ti\/","og_site_name":"Casa de Campo Living","article_publisher":"https:\/\/www.facebook.com\/casadecampoliving","article_published_time":"2024-08-26T16:21:41+00:00","article_modified_time":"2024-09-03T22:31:48+00:00","og_image":[{"width":2560,"height":1440,"url":"https:\/\/casadecampoliving.com\/wp-content\/uploads\/2024\/08\/NPVST_Paz-Vega_5-scaled.jpg","type":"image\/jpeg"}],"author":"Mairobi Herrera","twitter_card":"summary_large_image","twitter_creator":"@cdcliving","twitter_site":"@cdcliving","twitter_misc":{"Escrito por":"Mairobi Herrera","Tiempo de lectura":"4 minutos"},"schema":{"@context":"https:\/\/schema.org","@graph":[{"@type":"Article","@id":"https:\/\/casadecampoliving.com\/es\/paz-vega-brilla-en-netflix-con-filme-no-puedo-vivir-sin-ti\/#article","isPartOf":{"@id":"https:\/\/casadecampoliving.com\/es\/paz-vega-brilla-en-netflix-con-filme-no-puedo-vivir-sin-ti\/"},"author":{"name":"Mairobi Herrera","@id":"https:\/\/casadecampoliving.com\/es\/#\/schema\/person\/932e594484c49168ad37fbb9141bf699"},"headline":"Paz Vega brilla en Netflix con filme \u201cNo Puedo Vivir Sin Ti\u201d","datePublished":"2024-08-26T16:21:41+00:00","dateModified":"2024-09-03T22:31:48+00:00","mainEntityOfPage":{"@id":"https:\/\/casadecampoliving.com\/es\/paz-vega-brilla-en-netflix-con-filme-no-puedo-vivir-sin-ti\/"},"wordCount":659,"publisher":{"@id":"https:\/\/casadecampoliving.com\/es\/#organization"},"image":{"@id":"https:\/\/casadecampoliving.com\/es\/paz-vega-brilla-en-netflix-con-filme-no-puedo-vivir-sin-ti\/#primaryimage"},"thumbnailUrl":"https:\/\/i0.wp.com\/casadecampoliving.com\/wp-content\/uploads\/2024\/08\/NPVST_Paz-Vega_5-scaled.jpg?fit=2560%2C1440&ssl=1","keywords":["cine","Featured-TopView @es","Netflix@es"],"articleSection":["CCL recomienda","Cine @es","Comunidad","M\u00e1s all\u00e1 de Casa"],"inLanguage":"es"},{"@type":"WebPage","@id":"https:\/\/casadecampoliving.com\/es\/paz-vega-brilla-en-netflix-con-filme-no-puedo-vivir-sin-ti\/","url":"https:\/\/casadecampoliving.com\/es\/paz-vega-brilla-en-netflix-con-filme-no-puedo-vivir-sin-ti\/","name":"Paz Vega brilla en Netflix con filme \u201cNo Puedo Vivir Sin Ti\u201d | Casa de Campo Living","isPartOf":{"@id":"https:\/\/casadecampoliving.com\/es\/#website"},"primaryImageOfPage":{"@id":"https:\/\/casadecampoliving.com\/es\/paz-vega-brilla-en-netflix-con-filme-no-puedo-vivir-sin-ti\/#primaryimage"},"image":{"@id":"https:\/\/casadecampoliving.com\/es\/paz-vega-brilla-en-netflix-con-filme-no-puedo-vivir-sin-ti\/#primaryimage"},"thumbnailUrl":"https:\/\/i0.wp.com\/casadecampoliving.com\/wp-content\/uploads\/2024\/08\/NPVST_Paz-Vega_5-scaled.jpg?fit=2560%2C1440&ssl=1","datePublished":"2024-08-26T16:21:41+00:00","dateModified":"2024-09-03T22:31:48+00:00","description":"&nbsp;La actriz espa\u00f1ola Paz Vega, residente en la exclusiva comunidad de Casa de Campo, acaba de protagonizar el nuevo \u00e9xito cinematogr\u00e1fico de Netflix,","breadcrumb":{"@id":"https:\/\/casadecampoliving.com\/es\/paz-vega-brilla-en-netflix-con-filme-no-puedo-vivir-sin-ti\/#breadcrumb"},"inLanguage":"es","potentialAction":[{"@type":"ReadAction","target":["https:\/\/casadecampoliving.com\/es\/paz-vega-brilla-en-netflix-con-filme-no-puedo-vivir-sin-ti\/"]}]},{"@type":"ImageObject","inLanguage":"es","@id":"https:\/\/casadecampoliving.com\/es\/paz-vega-brilla-en-netflix-con-filme-no-puedo-vivir-sin-ti\/#primaryimage","url":"https:\/\/i0.wp.com\/casadecampoliving.com\/wp-content\/uploads\/2024\/08\/NPVST_Paz-Vega_5-scaled.jpg?fit=2560%2C1440&ssl=1","contentUrl":"https:\/\/i0.wp.com\/casadecampoliving.com\/wp-content\/uploads\/2024\/08\/NPVST_Paz-Vega_5-scaled.jpg?fit=2560%2C1440&ssl=1","width":2560,"height":1440,"caption":"No Puedo Vivir Sin Ti. Paz Vega in No Puedo Vivir Sin Ti. Cr. Courtesy of Netflix \u00a92024"},{"@type":"BreadcrumbList","@id":"https:\/\/casadecampoliving.com\/es\/paz-vega-brilla-en-netflix-con-filme-no-puedo-vivir-sin-ti\/#breadcrumb","itemListElement":[{"@type":"ListItem","position":1,"name":"Home","item":"https:\/\/casadecampoliving.com\/es\/"},{"@type":"ListItem","position":2,"name":"Paz Vega brilla en Netflix con filme \u201cNo Puedo Vivir Sin Ti\u201d"}]},{"@type":"WebSite","@id":"https:\/\/casadecampoliving.com\/es\/#website","url":"https:\/\/casadecampoliving.com\/es\/","name":"Casa de Campo Living","description":"Resort community news and resources.","publisher":{"@id":"https:\/\/casadecampoliving.com\/es\/#organization"},"potentialAction":[{"@type":"SearchAction","target":{"@type":"EntryPoint","urlTemplate":"https:\/\/casadecampoliving.com\/es\/?s={search_term_string}"},"query-input":{"@type":"PropertyValueSpecification","valueRequired":true,"valueName":"search_term_string"}}],"inLanguage":"es"},{"@type":"Organization","@id":"https:\/\/casadecampoliving.com\/es\/#organization","name":"Casa de Campo Living","url":"https:\/\/casadecampoliving.com\/es\/","logo":{"@type":"ImageObject","inLanguage":"es","@id":"https:\/\/casadecampoliving.com\/es\/#\/schema\/logo\/image\/","url":"https:\/\/i0.wp.com\/casadecampoliving.com\/wp-content\/uploads\/2022\/07\/CDCLivingLogo_V1-white-sized.png?fit=800%2C214&ssl=1","contentUrl":"https:\/\/i0.wp.com\/casadecampoliving.com\/wp-content\/uploads\/2022\/07\/CDCLivingLogo_V1-white-sized.png?fit=800%2C214&ssl=1","width":800,"height":214,"caption":"Casa de Campo Living"},"image":{"@id":"https:\/\/casadecampoliving.com\/es\/#\/schema\/logo\/image\/"},"sameAs":["https:\/\/www.facebook.com\/casadecampoliving","https:\/\/x.com\/cdcliving"]},{"@type":"Person","@id":"https:\/\/casadecampoliving.com\/es\/#\/schema\/person\/932e594484c49168ad37fbb9141bf699","name":"Mairobi Herrera","image":{"@type":"ImageObject","inLanguage":"es","@id":"https:\/\/secure.gravatar.com\/avatar\/d0bf6c19470eb55d83c719e39672f670b2c4412339af1eb8a08f86427ba98ee8?s=96&d=mm&r=g","url":"https:\/\/secure.gravatar.com\/avatar\/d0bf6c19470eb55d83c719e39672f670b2c4412339af1eb8a08f86427ba98ee8?s=96&d=mm&r=g","contentUrl":"https:\/\/secure.gravatar.com\/avatar\/d0bf6c19470eb55d83c719e39672f670b2c4412339af1eb8a08f86427ba98ee8?s=96&d=mm&r=g","caption":"Mairobi Herrera"},"sameAs":["https:\/\/casadecampoliving.com\/"],"url":"https:\/\/casadecampoliving.com\/es\/author\/mherrera\/"}]}},"parsely":{"version":"1.1.0","canonical_url":"https:\/\/casadecampoliving.com\/es\/paz-vega-brilla-en-netflix-con-filme-no-puedo-vivir-sin-ti\/","smart_links":{"inbound":0,"outbound":0},"traffic_boost_suggestions_count":0,"meta":{"@context":"https:\/\/schema.org","@type":"NewsArticle","headline":"Paz Vega brilla en Netflix con filme \u201cNo Puedo Vivir Sin Ti\u201d","url":"http:\/\/casadecampoliving.com\/es\/paz-vega-brilla-en-netflix-con-filme-no-puedo-vivir-sin-ti\/","mainEntityOfPage":{"@type":"WebPage","@id":"http:\/\/casadecampoliving.com\/es\/paz-vega-brilla-en-netflix-con-filme-no-puedo-vivir-sin-ti\/"},"thumbnailUrl":"https:\/\/i0.wp.com\/casadecampoliving.com\/wp-content\/uploads\/2024\/08\/NPVST_Paz-Vega_5-scaled.jpg?resize=150%2C150&ssl=1","image":{"@type":"ImageObject","url":"https:\/\/i0.wp.com\/casadecampoliving.com\/wp-content\/uploads\/2024\/08\/NPVST_Paz-Vega_5-scaled.jpg?fit=2560%2C1440&ssl=1"},"articleSection":"CCL recomienda","author":[{"@type":"Person","name":"Mairobi Herrera"}],"creator":["Mairobi Herrera"],"publisher":{"@type":"Organization","name":"Casa de Campo Living","logo":"https:\/\/casadecampoliving.com\/wp-content\/uploads\/2022\/07\/CDCLivingLogo_V1-white-sized.png"},"keywords":["cine","featured-topview @es","netflix@es"],"dateCreated":"2024-08-26T16:21:41Z","datePublished":"2024-08-26T16:21:41Z","dateModified":"2024-09-03T22:31:48Z"},"rendered":"<script type=\"application\/ld+json\" class=\"wp-parsely-metadata\">{\"@context\":\"https:\\\/\\\/schema.org\",\"@type\":\"NewsArticle\",\"headline\":\"Paz Vega brilla en Netflix con filme \\u201cNo Puedo Vivir Sin Ti\\u201d\",\"url\":\"http:\\\/\\\/casadecampoliving.com\\\/es\\\/paz-vega-brilla-en-netflix-con-filme-no-puedo-vivir-sin-ti\\\/\",\"mainEntityOfPage\":{\"@type\":\"WebPage\",\"@id\":\"http:\\\/\\\/casadecampoliving.com\\\/es\\\/paz-vega-brilla-en-netflix-con-filme-no-puedo-vivir-sin-ti\\\/\"},\"thumbnailUrl\":\"https:\\\/\\\/i0.wp.com\\\/casadecampoliving.com\\\/wp-content\\\/uploads\\\/2024\\\/08\\\/NPVST_Paz-Vega_5-scaled.jpg?resize=150%2C150&ssl=1\",\"image\":{\"@type\":\"ImageObject\",\"url\":\"https:\\\/\\\/i0.wp.com\\\/casadecampoliving.com\\\/wp-content\\\/uploads\\\/2024\\\/08\\\/NPVST_Paz-Vega_5-scaled.jpg?fit=2560%2C1440&ssl=1\"},\"articleSection\":\"CCL recomienda\",\"author\":[{\"@type\":\"Person\",\"name\":\"Mairobi Herrera\"}],\"creator\":[\"Mairobi Herrera\"],\"publisher\":{\"@type\":\"Organization\",\"name\":\"Casa de Campo Living\",\"logo\":\"https:\\\/\\\/casadecampoliving.com\\\/wp-content\\\/uploads\\\/2022\\\/07\\\/CDCLivingLogo_V1-white-sized.png\"},\"keywords\":[\"cine\",\"featured-topview @es\",\"netflix@es\"],\"dateCreated\":\"2024-08-26T16:21:41Z\",\"datePublished\":\"2024-08-26T16:21:41Z\",\"dateModified\":\"2024-09-03T22:31:48Z\"}<\/script>","tracker_url":"https:\/\/cdn.parsely.com\/keys\/casadecampoliving.com\/p.js"},"jetpack_publicize_connections":[],"jetpack_featured_media_url":"https:\/\/i0.wp.com\/casadecampoliving.com\/wp-content\/uploads\/2024\/08\/NPVST_Paz-Vega_5-scaled.jpg?fit=2560%2C1440&ssl=1","jetpack-related-posts":[{"id":532646,"url":"https:\/\/casadecampoliving.com\/paz-vega-shines-on-netflix-with-no-puedo-vivir-sin-ti\/","url_meta":{"origin":532638,"position":0},"title":"Paz Vega Shines on Netflix with \u00abNo Puedo Vivir Sin Ti\u00bb","author":"Mairobi Herrera","date":"26 Ago, 2024","format":false,"excerpt":"Spanish actress Paz Vega, a resident of the exclusive Casa de Campo community, has just starred in Netflix's latest hit, \"No Puedo Vivir Sin Ti.\" This comedy, which also features renowned Argentine producer and actor Adri\u00e1n Suar, is capturing the attention of Dominican audiences, currently ranking in the top 6\u2026","rel":"","context":"En \u00abBeyond Casa\u00bb","block_context":{"text":"Beyond Casa","link":"https:\/\/casadecampoliving.com\/category\/beyond-casa\/"},"img":{"alt_text":"","src":"https:\/\/i0.wp.com\/casadecampoliving.com\/wp-content\/uploads\/2024\/08\/NPVST_Paz-Vega_5-scaled.jpg?fit=1200%2C675&ssl=1&resize=350%2C200","width":350,"height":200,"srcset":"https:\/\/i0.wp.com\/casadecampoliving.com\/wp-content\/uploads\/2024\/08\/NPVST_Paz-Vega_5-scaled.jpg?fit=1200%2C675&ssl=1&resize=350%2C200 1x, https:\/\/i0.wp.com\/casadecampoliving.com\/wp-content\/uploads\/2024\/08\/NPVST_Paz-Vega_5-scaled.jpg?fit=1200%2C675&ssl=1&resize=525%2C300 1.5x, https:\/\/i0.wp.com\/casadecampoliving.com\/wp-content\/uploads\/2024\/08\/NPVST_Paz-Vega_5-scaled.jpg?fit=1200%2C675&ssl=1&resize=700%2C400 2x, https:\/\/i0.wp.com\/casadecampoliving.com\/wp-content\/uploads\/2024\/08\/NPVST_Paz-Vega_5-scaled.jpg?fit=1200%2C675&ssl=1&resize=1050%2C600 3x"},"classes":[]},{"id":433460,"url":"https:\/\/casadecampoliving.com\/es\/no-se-pierdan-el-increible-tributo-a-frank-sinatra-para-celebrar-el-40-aniversario-del-anfiteatro-altos-de-chavon\/","url_meta":{"origin":532638,"position":1},"title":"No se pierdan el incre\u00edble tributo a Frank Sinatra para celebrar el 40 aniversario del\u00a0Anfiteatro Altos de Chav\u00f3n","author":"Casa de Campo Living","date":"20 Oct, 2022","format":false,"excerpt":"Siendo uno de los escenarios m\u00e1s emblem\u00e1ticos del pa\u00eds, Casa de Campo Resort\u00ae & Villas celebra las cuatro d\u00e9cadas de aniversario de Altos de Chav\u00f3n con un tributo al gran Frank Sinatra, protagonizado por artistas invitados y una big band tal cual la que acompa\u00f1\u00f3 al artista hace 40 a\u00f1os\u2026","rel":"","context":"En \u00abUncategorized @es\u00bb","block_context":{"text":"Uncategorized @es","link":"https:\/\/casadecampoliving.com\/es\/category\/uncategorized-es\/"},"img":{"alt_text":"","src":"https:\/\/i0.wp.com\/casadecampoliving.com\/wp-content\/uploads\/2022\/10\/Tributo-Frank-Sinatra-Foto-Principal-Amaury-Sanchez-Danilo-Ginebra-Andres-Pichardo-y-Jose-Gabriel-Perez-.jpg?fit=1200%2C873&ssl=1&resize=350%2C200","width":350,"height":200,"srcset":"https:\/\/i0.wp.com\/casadecampoliving.com\/wp-content\/uploads\/2022\/10\/Tributo-Frank-Sinatra-Foto-Principal-Amaury-Sanchez-Danilo-Ginebra-Andres-Pichardo-y-Jose-Gabriel-Perez-.jpg?fit=1200%2C873&ssl=1&resize=350%2C200 1x, https:\/\/i0.wp.com\/casadecampoliving.com\/wp-content\/uploads\/2022\/10\/Tributo-Frank-Sinatra-Foto-Principal-Amaury-Sanchez-Danilo-Ginebra-Andres-Pichardo-y-Jose-Gabriel-Perez-.jpg?fit=1200%2C873&ssl=1&resize=525%2C300 1.5x, https:\/\/i0.wp.com\/casadecampoliving.com\/wp-content\/uploads\/2022\/10\/Tributo-Frank-Sinatra-Foto-Principal-Amaury-Sanchez-Danilo-Ginebra-Andres-Pichardo-y-Jose-Gabriel-Perez-.jpg?fit=1200%2C873&ssl=1&resize=700%2C400 2x, https:\/\/i0.wp.com\/casadecampoliving.com\/wp-content\/uploads\/2022\/10\/Tributo-Frank-Sinatra-Foto-Principal-Amaury-Sanchez-Danilo-Ginebra-Andres-Pichardo-y-Jose-Gabriel-Perez-.jpg?fit=1200%2C873&ssl=1&resize=1050%2C600 3x"},"classes":[]},{"id":345519,"url":"https:\/\/casadecampoliving.com\/es\/codigo-paz-llega-al-cine-de-la-marina-casa-de-campo\/","url_meta":{"origin":532638,"position":2},"title":"C\u00f3digo Paz llega al cine de la Marina Casa de Campo","author":"Perkin Agramonte","date":"3 Oct, 2014","format":false,"excerpt":"\u00bfQu\u00e9 a\u00fan no ha visto la nueva pel\u00edcula de David Maler? Pues esta es su oportunidad porque AHORA se est\u00e1 proyectando en el cine de la Marina Casa de Campo. David Maler es hijo de nuestro querido artista argentino Leopoldo Maler, quien ha sido miembro de la comunidad Casa de\u2026","rel":"","context":"En \u00abCasa de Campo Living @es\u00bb","block_context":{"text":"Casa de Campo Living @es","link":"https:\/\/casadecampoliving.com\/category\/casa-de-campo-living-es\/"},"img":{"alt_text":"","src":"https:\/\/i0.wp.com\/casadecampoliving.com\/wp-content\/uploads\/2022\/10\/Codigo-Paz-e1413291515173.png?fit=350%2C395&ssl=1&resize=350%2C200","width":350,"height":200},"classes":[]},{"id":345392,"url":"https:\/\/casadecampoliving.com\/es\/la-estrella-de-casa-de-campo-david-maler-estrena-su-pelicula-dominicana\/","url_meta":{"origin":532638,"position":3},"title":"\u00a1La estrella de Casa de Campo, David Maler, estrena su pel\u00edcula Dominicana!","author":"Daniela Medina","date":"18 Sep, 2014","format":false,"excerpt":"La pel\u00edcula C\u00f3digo Paz, con la estrella de Casa de Campo, David Maler junto a su esposa, Nashla Bogaert, estrena hoy (18 de Septiembre) en cines alrededor de la Rep\u00fablica Dominicana. C\u00f3digo Paz\u00a0\u2013\u00a0Pel\u00edcula Dominicana\u00a0que narra la historia de\u00a0Pedro (David Maler), un impaciente\u00a0ladronzuelo\u00a0de extracci\u00f3n humilde, nacido en\u00a0Villa Consuelo, lleva una doble\u2026","rel":"","context":"En \u00abCasa de Campo Living @es\u00bb","block_context":{"text":"Casa de Campo Living @es","link":"https:\/\/casadecampoliving.com\/category\/casa-de-campo-living-es\/"},"img":{"alt_text":"","src":"https:\/\/i0.wp.com\/casadecampoliving.com\/wp-content\/uploads\/2022\/10\/photo-10.jpg?fit=798%2C344&ssl=1&resize=350%2C200","width":350,"height":200,"srcset":"https:\/\/i0.wp.com\/casadecampoliving.com\/wp-content\/uploads\/2022\/10\/photo-10.jpg?fit=798%2C344&ssl=1&resize=350%2C200 1x, https:\/\/i0.wp.com\/casadecampoliving.com\/wp-content\/uploads\/2022\/10\/photo-10.jpg?fit=798%2C344&ssl=1&resize=525%2C300 1.5x, https:\/\/i0.wp.com\/casadecampoliving.com\/wp-content\/uploads\/2022\/10\/photo-10.jpg?fit=798%2C344&ssl=1&resize=700%2C400 2x"},"classes":[]},{"id":345503,"url":"https:\/\/casadecampoliving.com\/es\/cartelera-de-cine-del-2-al-8-de-octubre\/","url_meta":{"origin":532638,"position":4},"title":"Cartelera de cine: del 2 al 8 de Octubre","author":"Maria Isabel B\u00e1ez","date":"2 Oct, 2014","format":false,"excerpt":"Para esta semana el cine de la Marina Casa de Campo nos trae en cartelera 3 pel\u00edculas nuevas: \u201cLos Boxtrolls\u201d,\u201dC\u00f3digo Paz\u201d y\u00a0\u201cHasta que la muerte los junt\u00f3\u201d,\u00a0mientras todav\u00eda en sala tenemos\u00a0\u201cDolphin Tale 2\u201d y\u00a0\u201cEl corredor de laberinto\u201d.\u00a0Salvedad:\u00a0A partir de ahora el cine de la Marina Casa de Campo estar\u00e1 abierto\u00a0todos\u2026","rel":"","context":"En \u00abArte y cultura\u00bb","block_context":{"text":"Arte y cultura","link":"https:\/\/casadecampoliving.com\/category\/arte-y-cultura\/"},"img":{"alt_text":"","src":"https:\/\/i0.wp.com\/casadecampoliving.com\/wp-content\/uploads\/2022\/10\/CDCAMP-OCT-2-1.jpg?fit=799%2C348&ssl=1&resize=350%2C200","width":350,"height":200,"srcset":"https:\/\/i0.wp.com\/casadecampoliving.com\/wp-content\/uploads\/2022\/10\/CDCAMP-OCT-2-1.jpg?fit=799%2C348&ssl=1&resize=350%2C200 1x, https:\/\/i0.wp.com\/casadecampoliving.com\/wp-content\/uploads\/2022\/10\/CDCAMP-OCT-2-1.jpg?fit=799%2C348&ssl=1&resize=525%2C300 1.5x, https:\/\/i0.wp.com\/casadecampoliving.com\/wp-content\/uploads\/2022\/10\/CDCAMP-OCT-2-1.jpg?fit=799%2C348&ssl=1&resize=700%2C400 2x"},"classes":[]},{"id":350473,"url":"https:\/\/casadecampoliving.com\/es\/marina-casa-de-campo-cartelera-de-cine-8-15-septiembre\/","url_meta":{"origin":532638,"position":5},"title":"Marina Casa de Campo cartelera de cine: 8-15 Septiembre","author":"Marlenys Guzm\u00e1n Casta\u00f1os","date":"8 Sep, 2016","format":false,"excerpt":"Esta semana el cine de la Marina Casa de Campo nos trae su cartelera con dos nuevas pel\u00edculas: \u201cEl club de las madres rebeldes\u201d y\u00a0\u201cUn juego sin reglas: Nerve\u201d. Mientras se siguen proyectando:\u00a0 \u201cMi amigo el gigante\u201d\u00a0y\u00a0\u201cLa Vida secreta de tus mascotas\u201d. \u201cEl club de las madres rebeldes\u201cProyecciones: Lunes\u00a0\u2013 Viernes,\u2026","rel":"","context":"En \u00abCine @es\u00bb","block_context":{"text":"Cine @es","link":"https:\/\/casadecampoliving.com\/es\/category\/cine-3\/"},"img":{"alt_text":"","src":"https:\/\/i0.wp.com\/casadecampoliving.com\/wp-content\/uploads\/2022\/10\/CDCAMP-08-de-Septiembre.jpg?fit=793%2C346&ssl=1&resize=350%2C200","width":350,"height":200,"srcset":"https:\/\/i0.wp.com\/casadecampoliving.com\/wp-content\/uploads\/2022\/10\/CDCAMP-08-de-Septiembre.jpg?fit=793%2C346&ssl=1&resize=350%2C200 1x, https:\/\/i0.wp.com\/casadecampoliving.com\/wp-content\/uploads\/2022\/10\/CDCAMP-08-de-Septiembre.jpg?fit=793%2C346&ssl=1&resize=525%2C300 1.5x, https:\/\/i0.wp.com\/casadecampoliving.com\/wp-content\/uploads\/2022\/10\/CDCAMP-08-de-Septiembre.jpg?fit=793%2C346&ssl=1&resize=700%2C400 2x"},"classes":[]}],"jetpack_sharing_enabled":true,"_links":{"self":[{"href":"https:\/\/casadecampoliving.com\/es\/wp-json\/wp\/v2\/posts\/532638","targetHints":{"allow":["GET"]}}],"collection":[{"href":"https:\/\/casadecampoliving.com\/es\/wp-json\/wp\/v2\/posts"}],"about":[{"href":"https:\/\/casadecampoliving.com\/es\/wp-json\/wp\/v2\/types\/post"}],"author":[{"embeddable":true,"href":"https:\/\/casadecampoliving.com\/es\/wp-json\/wp\/v2\/users\/431"}],"replies":[{"embeddable":true,"href":"https:\/\/casadecampoliving.com\/es\/wp-json\/wp\/v2\/comments?post=532638"}],"version-history":[{"count":2,"href":"https:\/\/casadecampoliving.com\/es\/wp-json\/wp\/v2\/posts\/532638\/revisions"}],"predecessor-version":[{"id":532880,"href":"https:\/\/casadecampoliving.com\/es\/wp-json\/wp\/v2\/posts\/532638\/revisions\/532880"}],"wp:featuredmedia":[{"embeddable":true,"href":"https:\/\/casadecampoliving.com\/es\/wp-json\/wp\/v2\/media\/532639"}],"wp:attachment":[{"href":"https:\/\/casadecampoliving.com\/es\/wp-json\/wp\/v2\/media?parent=532638"}],"wp:term":[{"taxonomy":"category","embeddable":true,"href":"https:\/\/casadecampoliving.com\/es\/wp-json\/wp\/v2\/categories?post=532638"},{"taxonomy":"post_tag","embeddable":true,"href":"https:\/\/casadecampoliving.com\/es\/wp-json\/wp\/v2\/tags?post=532638"},{"taxonomy":"newspack_spnsrs_tax","embeddable":true,"href":"https:\/\/casadecampoliving.com\/es\/wp-json\/wp\/v2\/newspack_spnsrs_tax?post=532638"}],"curies":[{"name":"wp","href":"https:\/\/api.w.org\/{rel}","templated":true}]}}