{"id":530941,"date":"2024-05-06T08:18:56","date_gmt":"2024-05-06T12:18:56","guid":{"rendered":"https:\/\/casadecampoliving.com\/?p=530941"},"modified":"2024-05-06T08:19:00","modified_gmt":"2024-05-06T12:19:00","slug":"museo-arqueologico-de-chavon-expondra-coleccion-de-plateria-sevillana","status":"publish","type":"post","link":"https:\/\/casadecampoliving.com\/es\/museo-arqueologico-de-chavon-expondra-coleccion-de-plateria-sevillana\/","title":{"rendered":"Museo Arqueol\u00f3gico de Chav\u00f3n expondr\u00e1 colecci\u00f3n de plater\u00eda sevillana"},"content":{"rendered":"\n<p>El Museo Arqueol\u00f3gico Regional Altos de Chav\u00f3n se viste de gala para recibir una muestra sin igual: la exposici\u00f3n itinerante \u00abEl Esplendor de la Plater\u00eda Sevillana\u00bb, cortes\u00eda de la prestigiosa Fundaci\u00f3n Arte Castilleja. Desde los talleres de orfebrer\u00eda sevillana, esta colecci\u00f3n trae consigo una tradici\u00f3n centenaria llena de talento y maestr\u00eda, ganando renombre a nivel mundial en el \u00e1mbito de la orfebrer\u00eda religiosa.<\/p>\n\n\n<div class=\"wp-block-image\">\n<figure class=\"alignright size-large\"><img data-recalc-dims=\"1\" loading=\"lazy\" decoding=\"async\" width=\"770\" height=\"1024\" data-attachment-id=\"530944\" data-permalink=\"https:\/\/casadecampoliving.com\/es\/museo-arqueologico-de-chavon-expondra-coleccion-de-plateria-sevillana\/imagen-de-whatsapp-2024-04-30-a-las-14-45-41_93137ee8-1\/\" data-orig-file=\"https:\/\/i0.wp.com\/casadecampoliving.com\/wp-content\/uploads\/2024\/05\/Imagen-de-WhatsApp-2024-04-30-a-las-14.45.41_93137ee8-1.jpg?fit=1203%2C1600&amp;ssl=1\" data-orig-size=\"1203,1600\" data-comments-opened=\"0\" data-image-meta=\"{&quot;aperture&quot;:&quot;0&quot;,&quot;credit&quot;:&quot;&quot;,&quot;camera&quot;:&quot;&quot;,&quot;caption&quot;:&quot;&quot;,&quot;created_timestamp&quot;:&quot;0&quot;,&quot;copyright&quot;:&quot;&quot;,&quot;focal_length&quot;:&quot;0&quot;,&quot;iso&quot;:&quot;0&quot;,&quot;shutter_speed&quot;:&quot;0&quot;,&quot;title&quot;:&quot;&quot;,&quot;orientation&quot;:&quot;0&quot;}\" data-image-title=\"Imagen-de-WhatsApp-2024-04-30-a-las-14.45.41_93137ee8-1\" data-image-description=\"\" data-image-caption=\"\" data-large-file=\"https:\/\/i0.wp.com\/casadecampoliving.com\/wp-content\/uploads\/2024\/05\/Imagen-de-WhatsApp-2024-04-30-a-las-14.45.41_93137ee8-1.jpg?fit=770%2C1024&amp;ssl=1\" src=\"https:\/\/i0.wp.com\/casadecampoliving.com\/wp-content\/uploads\/2024\/05\/Imagen-de-WhatsApp-2024-04-30-a-las-14.45.41_93137ee8-1.jpg?resize=770%2C1024&#038;ssl=1\" alt=\"\" class=\"wp-image-530944\" srcset=\"https:\/\/i0.wp.com\/casadecampoliving.com\/wp-content\/uploads\/2024\/05\/Imagen-de-WhatsApp-2024-04-30-a-las-14.45.41_93137ee8-1.jpg?resize=770%2C1024&amp;ssl=1 770w, https:\/\/i0.wp.com\/casadecampoliving.com\/wp-content\/uploads\/2024\/05\/Imagen-de-WhatsApp-2024-04-30-a-las-14.45.41_93137ee8-1.jpg?resize=226%2C300&amp;ssl=1 226w, https:\/\/i0.wp.com\/casadecampoliving.com\/wp-content\/uploads\/2024\/05\/Imagen-de-WhatsApp-2024-04-30-a-las-14.45.41_93137ee8-1.jpg?resize=768%2C1021&amp;ssl=1 768w, https:\/\/i0.wp.com\/casadecampoliving.com\/wp-content\/uploads\/2024\/05\/Imagen-de-WhatsApp-2024-04-30-a-las-14.45.41_93137ee8-1.jpg?resize=1155%2C1536&amp;ssl=1 1155w, https:\/\/i0.wp.com\/casadecampoliving.com\/wp-content\/uploads\/2024\/05\/Imagen-de-WhatsApp-2024-04-30-a-las-14.45.41_93137ee8-1.jpg?resize=300%2C400&amp;ssl=1 300w, https:\/\/i0.wp.com\/casadecampoliving.com\/wp-content\/uploads\/2024\/05\/Imagen-de-WhatsApp-2024-04-30-a-las-14.45.41_93137ee8-1.jpg?resize=150%2C200&amp;ssl=1 150w, https:\/\/i0.wp.com\/casadecampoliving.com\/wp-content\/uploads\/2024\/05\/Imagen-de-WhatsApp-2024-04-30-a-las-14.45.41_93137ee8-1.jpg?resize=1200%2C1596&amp;ssl=1 1200w, https:\/\/i0.wp.com\/casadecampoliving.com\/wp-content\/uploads\/2024\/05\/Imagen-de-WhatsApp-2024-04-30-a-las-14.45.41_93137ee8-1.jpg?resize=400%2C532&amp;ssl=1 400w, https:\/\/i0.wp.com\/casadecampoliving.com\/wp-content\/uploads\/2024\/05\/Imagen-de-WhatsApp-2024-04-30-a-las-14.45.41_93137ee8-1.jpg?w=1203&amp;ssl=1 1203w, https:\/\/i0.wp.com\/casadecampoliving.com\/wp-content\/uploads\/2024\/05\/Imagen-de-WhatsApp-2024-04-30-a-las-14.45.41_93137ee8-1-770x1024.jpg?w=370&amp;ssl=1 370w\" sizes=\"auto, (max-width: 770px) 100vw, 770px\" \/><\/figure>\n<\/div>\n\n\n<p>La historia de la plater\u00eda sevillana se remonta al siglo XV, cuando Espa\u00f1a, bajo el mandato de los Reyes Cat\u00f3licos, emprendi\u00f3 la evangelizaci\u00f3n de los nuevos territorios descubiertos en Am\u00e9rica. Esta tradici\u00f3n arraigada se traslad\u00f3 a iglesias, catedrales y palacios del continente americano, como parte del legado de la colonizaci\u00f3n espa\u00f1ola.<\/p>\n\n\n\n<p>La religi\u00f3n cat\u00f3lica, instrumento central de la evangelizaci\u00f3n, lleg\u00f3 a tierras americanas con el primer viaje de Crist\u00f3bal Col\u00f3n en 1492. En la isla de Quisqueya, actual Rep\u00fablica Dominicana, se fund\u00f3 la primera iglesia del continente en la ciudad de La Isabela. Los Reyes Cat\u00f3licos, inmersos en la reconquista de la pen\u00ednsula ib\u00e9rica, hicieron de la evangelizaci\u00f3n uno de los pilares de su reinado.<\/p>\n\n\n\n<p>La exposici\u00f3n presentar\u00e1 treinta exquisitos objetos de orfebrer\u00eda religiosa, elaborados en plata y oro mediante diversas t\u00e9cnicas. Estas piezas, verdaderas obras de arte, reflejan la devoci\u00f3n a la iglesia cat\u00f3lica y el poder de las clases nobles de la \u00e9poca, adornando con opulencia los espacios sagrados.<\/p>\n\n\n\n<p>El Museo Arqueol\u00f3gico Regional Altos de Chav\u00f3n, parte de los programas culturales y sociales del Patronato Ben\u00e9fico Oriental (PBO), se enorgullece de acoger esta muestra excepcional. El PBO, mediante sus programas, apoya iniciativas sostenibles de impacto social, como esta exposici\u00f3n, que complementa con las actividades de WAO Chav\u00f3n, WAO Galer\u00eda y Wao Hub. Los ingresos generados por estos programas permiten replicar iniciativas culturales y sociales en comunidades vulnerables, como parte de los esfuerzos de empoderamiento del PBO.<\/p>\n\n\n<div class=\"wp-block-image\">\n<figure class=\"alignleft size-large\"><img data-recalc-dims=\"1\" loading=\"lazy\" decoding=\"async\" width=\"768\" height=\"1024\" data-attachment-id=\"530946\" data-permalink=\"https:\/\/casadecampoliving.com\/es\/museo-arqueologico-de-chavon-expondra-coleccion-de-plateria-sevillana\/imagen-de-whatsapp-2024-04-30-a-las-14-57-06_c55c591a\/\" data-orig-file=\"https:\/\/i0.wp.com\/casadecampoliving.com\/wp-content\/uploads\/2024\/05\/Imagen-de-WhatsApp-2024-04-30-a-las-14.57.06_c55c591a.jpg?fit=1200%2C1600&amp;ssl=1\" data-orig-size=\"1200,1600\" data-comments-opened=\"0\" data-image-meta=\"{&quot;aperture&quot;:&quot;0&quot;,&quot;credit&quot;:&quot;&quot;,&quot;camera&quot;:&quot;&quot;,&quot;caption&quot;:&quot;&quot;,&quot;created_timestamp&quot;:&quot;0&quot;,&quot;copyright&quot;:&quot;&quot;,&quot;focal_length&quot;:&quot;0&quot;,&quot;iso&quot;:&quot;0&quot;,&quot;shutter_speed&quot;:&quot;0&quot;,&quot;title&quot;:&quot;&quot;,&quot;orientation&quot;:&quot;0&quot;}\" data-image-title=\"Imagen-de-WhatsApp-2024-04-30-a-las-14.57.06_c55c591a\" data-image-description=\"\" data-image-caption=\"\" data-large-file=\"https:\/\/i0.wp.com\/casadecampoliving.com\/wp-content\/uploads\/2024\/05\/Imagen-de-WhatsApp-2024-04-30-a-las-14.57.06_c55c591a.jpg?fit=768%2C1024&amp;ssl=1\" src=\"https:\/\/i0.wp.com\/casadecampoliving.com\/wp-content\/uploads\/2024\/05\/Imagen-de-WhatsApp-2024-04-30-a-las-14.57.06_c55c591a.jpg?resize=768%2C1024&#038;ssl=1\" alt=\"\" class=\"wp-image-530946\" srcset=\"https:\/\/i0.wp.com\/casadecampoliving.com\/wp-content\/uploads\/2024\/05\/Imagen-de-WhatsApp-2024-04-30-a-las-14.57.06_c55c591a.jpg?resize=768%2C1024&amp;ssl=1 768w, https:\/\/i0.wp.com\/casadecampoliving.com\/wp-content\/uploads\/2024\/05\/Imagen-de-WhatsApp-2024-04-30-a-las-14.57.06_c55c591a.jpg?resize=225%2C300&amp;ssl=1 225w, https:\/\/i0.wp.com\/casadecampoliving.com\/wp-content\/uploads\/2024\/05\/Imagen-de-WhatsApp-2024-04-30-a-las-14.57.06_c55c591a.jpg?resize=1152%2C1536&amp;ssl=1 1152w, https:\/\/i0.wp.com\/casadecampoliving.com\/wp-content\/uploads\/2024\/05\/Imagen-de-WhatsApp-2024-04-30-a-las-14.57.06_c55c591a.jpg?resize=900%2C1200&amp;ssl=1 900w, https:\/\/i0.wp.com\/casadecampoliving.com\/wp-content\/uploads\/2024\/05\/Imagen-de-WhatsApp-2024-04-30-a-las-14.57.06_c55c591a.jpg?resize=600%2C800&amp;ssl=1 600w, https:\/\/i0.wp.com\/casadecampoliving.com\/wp-content\/uploads\/2024\/05\/Imagen-de-WhatsApp-2024-04-30-a-las-14.57.06_c55c591a.jpg?resize=450%2C600&amp;ssl=1 450w, https:\/\/i0.wp.com\/casadecampoliving.com\/wp-content\/uploads\/2024\/05\/Imagen-de-WhatsApp-2024-04-30-a-las-14.57.06_c55c591a.jpg?resize=300%2C400&amp;ssl=1 300w, https:\/\/i0.wp.com\/casadecampoliving.com\/wp-content\/uploads\/2024\/05\/Imagen-de-WhatsApp-2024-04-30-a-las-14.57.06_c55c591a.jpg?resize=150%2C200&amp;ssl=1 150w, https:\/\/i0.wp.com\/casadecampoliving.com\/wp-content\/uploads\/2024\/05\/Imagen-de-WhatsApp-2024-04-30-a-las-14.57.06_c55c591a.jpg?resize=400%2C533&amp;ssl=1 400w, https:\/\/i0.wp.com\/casadecampoliving.com\/wp-content\/uploads\/2024\/05\/Imagen-de-WhatsApp-2024-04-30-a-las-14.57.06_c55c591a.jpg?resize=640%2C853&amp;ssl=1 640w, https:\/\/i0.wp.com\/casadecampoliving.com\/wp-content\/uploads\/2024\/05\/Imagen-de-WhatsApp-2024-04-30-a-las-14.57.06_c55c591a.jpg?w=1200&amp;ssl=1 1200w, https:\/\/i0.wp.com\/casadecampoliving.com\/wp-content\/uploads\/2024\/05\/Imagen-de-WhatsApp-2024-04-30-a-las-14.57.06_c55c591a-768x1024.jpg?w=370&amp;ssl=1 370w\" sizes=\"auto, (max-width: 768px) 100vw, 768px\" \/><\/figure>\n<\/div>\n\n\n<p>\u00abEl Esplendor de la Plater\u00eda Sevillana\u00bb ser\u00e1 inaugurado el s\u00e1bado 11 de mayo a las 7pm y estar\u00e1 abierto al p\u00fablico hasta el domingo 9 de junio, de martes a domingo de 9am a 5pm. Se invita cordialmente a reservar su asistencia llamando al (809) 532 8554 o contactando a trav\u00e9s de Instagram en Museo_Chavon.<\/p>\n\n\n\n<p><strong>Orfebrer\u00eda, Plater\u00eda y Sevilla<\/strong><\/p>\n\n\n\n<p>La orfebrer\u00eda es un arte ancestral, que consiste en la elaboraci\u00f3n de objetos en metales preciosos como el oro y la plata. La habilidad del artista, el dise\u00f1o original y la calidad de los materiales confieren a cada pieza un valor \u00fanico y patrimonial.<\/p>\n\n\n\n<p>Este arte tiene sus ra\u00edces en la prehistoria, durante la edad de los metales, donde los primeros objetos en cobre fueron trabajados para ser tanto adornos como objetos de valor ritual. El taller de orfebrer\u00eda \u00abArte Castilleja\u00bb, responsable de la colecci\u00f3n que visita Altos de Chav\u00f3n, representa una tradici\u00f3n de arte y religiosidad de siglos en la ciudad de Sevilla. Con un equipo de orfebres y una tradici\u00f3n familiar de 100 a\u00f1os, este taller, encabezado en la actualidad por Mar\u00eda Brihuega, es un s\u00edmbolo vivo de la excelencia artesanal.<\/p>\n\n\n\n<p><strong>Patronato Ben\u00e9fico Oriental (PBO)<\/strong><\/p>\n\n\n\n<p>El Museo Arqueol\u00f3gico Regional Altos de Chav\u00f3n, como parte de los programas culturales y sociales del Patronato Ben\u00e9fico Oriental, se compromete a promover valores como el respeto, la solidaridad, la integridad y las oportunidades equitativas. A trav\u00e9s de iniciativas como la exposici\u00f3n \u00abEl Esplendor de la Plater\u00eda Sevillana\u00bb, el PBO busca no solo preservar el patrimonio cultural, sino tambi\u00e9n generar impacto social en comunidades vulnerables, creando oportunidades para un futuro m\u00e1s prometedor.<\/p>\n\n\n\n<figure class=\"wp-block-image size-large\"><img data-recalc-dims=\"1\" loading=\"lazy\" decoding=\"async\" width=\"1024\" height=\"1024\" data-attachment-id=\"530948\" data-permalink=\"https:\/\/casadecampoliving.com\/es\/museo-arqueologico-de-chavon-expondra-coleccion-de-plateria-sevillana\/plateria-01\/\" data-orig-file=\"https:\/\/i0.wp.com\/casadecampoliving.com\/wp-content\/uploads\/2024\/05\/PLATERIA-01.jpg?fit=2250%2C2250&amp;ssl=1\" data-orig-size=\"2250,2250\" data-comments-opened=\"0\" data-image-meta=\"{&quot;aperture&quot;:&quot;0&quot;,&quot;credit&quot;:&quot;&quot;,&quot;camera&quot;:&quot;&quot;,&quot;caption&quot;:&quot;&quot;,&quot;created_timestamp&quot;:&quot;0&quot;,&quot;copyright&quot;:&quot;&quot;,&quot;focal_length&quot;:&quot;0&quot;,&quot;iso&quot;:&quot;0&quot;,&quot;shutter_speed&quot;:&quot;0&quot;,&quot;title&quot;:&quot;&quot;,&quot;orientation&quot;:&quot;0&quot;}\" data-image-title=\"PLATERIA-01\" data-image-description=\"\" data-image-caption=\"\" data-large-file=\"https:\/\/i0.wp.com\/casadecampoliving.com\/wp-content\/uploads\/2024\/05\/PLATERIA-01.jpg?fit=1024%2C1024&amp;ssl=1\" src=\"https:\/\/i0.wp.com\/casadecampoliving.com\/wp-content\/uploads\/2024\/05\/PLATERIA-01.jpg?resize=1024%2C1024&#038;ssl=1\" alt=\"\" class=\"wp-image-530948\" srcset=\"https:\/\/i0.wp.com\/casadecampoliving.com\/wp-content\/uploads\/2024\/05\/PLATERIA-01.jpg?resize=1024%2C1024&amp;ssl=1 1024w, https:\/\/i0.wp.com\/casadecampoliving.com\/wp-content\/uploads\/2024\/05\/PLATERIA-01.jpg?resize=300%2C300&amp;ssl=1 300w, https:\/\/i0.wp.com\/casadecampoliving.com\/wp-content\/uploads\/2024\/05\/PLATERIA-01.jpg?resize=150%2C150&amp;ssl=1 150w, https:\/\/i0.wp.com\/casadecampoliving.com\/wp-content\/uploads\/2024\/05\/PLATERIA-01.jpg?resize=768%2C768&amp;ssl=1 768w, https:\/\/i0.wp.com\/casadecampoliving.com\/wp-content\/uploads\/2024\/05\/PLATERIA-01.jpg?resize=1536%2C1536&amp;ssl=1 1536w, https:\/\/i0.wp.com\/casadecampoliving.com\/wp-content\/uploads\/2024\/05\/PLATERIA-01.jpg?resize=2048%2C2048&amp;ssl=1 2048w, https:\/\/i0.wp.com\/casadecampoliving.com\/wp-content\/uploads\/2024\/05\/PLATERIA-01.jpg?resize=1200%2C1200&amp;ssl=1 1200w, https:\/\/i0.wp.com\/casadecampoliving.com\/wp-content\/uploads\/2024\/05\/PLATERIA-01.jpg?resize=800%2C800&amp;ssl=1 800w, https:\/\/i0.wp.com\/casadecampoliving.com\/wp-content\/uploads\/2024\/05\/PLATERIA-01.jpg?resize=600%2C600&amp;ssl=1 600w, https:\/\/i0.wp.com\/casadecampoliving.com\/wp-content\/uploads\/2024\/05\/PLATERIA-01.jpg?resize=400%2C400&amp;ssl=1 400w, https:\/\/i0.wp.com\/casadecampoliving.com\/wp-content\/uploads\/2024\/05\/PLATERIA-01.jpg?resize=200%2C200&amp;ssl=1 200w, https:\/\/i0.wp.com\/casadecampoliving.com\/wp-content\/uploads\/2024\/05\/PLATERIA-01.jpg?resize=1568%2C1568&amp;ssl=1 1568w, https:\/\/i0.wp.com\/casadecampoliving.com\/wp-content\/uploads\/2024\/05\/PLATERIA-01.jpg?resize=2000%2C2000&amp;ssl=1 2000w, https:\/\/i0.wp.com\/casadecampoliving.com\/wp-content\/uploads\/2024\/05\/PLATERIA-01.jpg?resize=1320%2C1320&amp;ssl=1 1320w, https:\/\/i0.wp.com\/casadecampoliving.com\/wp-content\/uploads\/2024\/05\/PLATERIA-01.jpg?resize=96%2C96&amp;ssl=1 96w, https:\/\/i0.wp.com\/casadecampoliving.com\/wp-content\/uploads\/2024\/05\/PLATERIA-01-1024x1024.jpg?w=370&amp;ssl=1 370w\" sizes=\"auto, (max-width: 1000px) 100vw, 1000px\" \/><\/figure>\n","protected":false},"excerpt":{"rendered":"<p>El Museo Arqueol\u00f3gico Regional Altos de Chav\u00f3n se viste de gala para recibir una muestra sin igual: la exposici\u00f3n itinerante \u00abEl Esplendor de la Plater\u00eda Sevillana\u00bb, cortes\u00eda de la prestigiosa Fundaci\u00f3n Arte Castilleja. Desde los talleres de orfebrer\u00eda sevillana, esta colecci\u00f3n trae consigo una tradici\u00f3n centenaria llena de talento y maestr\u00eda, ganando renombre a nivel [&hellip;]<\/p>\n","protected":false},"author":431,"featured_media":530942,"comment_status":"closed","ping_status":"closed","sticky":false,"template":"","format":"standard","meta":{"newspack_ads_suppress_ads":false,"newspack_popups_has_disabled_popups":false,"newspack_sponsor_sponsorship_scope":"","newspack_sponsor_native_byline_display":"inherit","newspack_sponsor_native_category_display":"inherit","newspack_sponsor_underwriter_style":"inherit","newspack_sponsor_underwriter_placement":"inherit","_newspack_byline_active":false,"_newspack_byline":"","newspack_hide_updated_date":false,"newspack_show_updated_date":false,"newspack_content_restriction_is_exempt":false,"newspack_featured_image_position":"","newspack_post_subtitle":"La exposici\u00f3n \"El Esplendor de la Plater\u00eda Sevillana\" ser\u00e1 inaugurada el s\u00e1bado 11 de mayo a las 7 de la noche","newspack_article_summary_title":"Overview:","newspack_article_summary":"","_jetpack_memberships_contains_paid_content":false,"footnotes":"","jetpack_publicize_message":"","jetpack_publicize_feature_enabled":true,"jetpack_social_post_already_shared":true,"jetpack_social_options":{"image_generator_settings":{"template":"highway","default_image_id":0,"font":"","enabled":false},"version":2},"_wpas_customize_per_network":false},"categories":[26577,2509,2514,2516,21682],"tags":[15387,3626,14736,4048,6547],"newspack_spnsrs_tax":[],"class_list":["post-530941","post","type-post","status-publish","format-standard","has-post-thumbnail","hentry","category-altos-de-chavon-6","category-ccl-presenta-es","category-fundaciones-es","category-hogar-del-nino-es","category-religion-3","tag-altos-de-chavon-es","tag-casa-de-campo-es","tag-featured-topview-es","tag-museo-arquelogico-regional-de-altos-de-chavon","tag-patronato-benefico-orientales","entry"],"yoast_head":"<!-- This site is optimized with the Yoast SEO plugin v27.5 - https:\/\/yoast.com\/product\/yoast-seo-wordpress\/ -->\n<title>Museo Arqueol\u00f3gico de Chav\u00f3n expondr\u00e1 colecci\u00f3n de plater\u00eda sevillana | Casa de Campo Living<\/title>\n<meta name=\"description\" content=\"El Museo Arqueol\u00f3gico Regional Altos de Chav\u00f3n se viste de gala para recibir una muestra sin igual: la exposici\u00f3n itinerante &quot;El Esplendor de la Plater\u00eda\" \/>\n<meta name=\"robots\" content=\"index, follow, max-snippet:-1, max-image-preview:large, max-video-preview:-1\" \/>\n<link rel=\"canonical\" href=\"https:\/\/casadecampoliving.com\/es\/museo-arqueologico-de-chavon-expondra-coleccion-de-plateria-sevillana\/\" \/>\n<meta property=\"og:locale\" content=\"es_ES\" \/>\n<meta property=\"og:type\" content=\"article\" \/>\n<meta property=\"og:title\" content=\"Museo Arqueol\u00f3gico de Chav\u00f3n expondr\u00e1 colecci\u00f3n de plater\u00eda sevillana | Casa de Campo Living\" \/>\n<meta property=\"og:description\" content=\"El Museo Arqueol\u00f3gico Regional Altos de Chav\u00f3n se viste de gala para recibir una muestra sin igual: la exposici\u00f3n itinerante &quot;El Esplendor de la Plater\u00eda\" \/>\n<meta property=\"og:url\" content=\"https:\/\/casadecampoliving.com\/es\/museo-arqueologico-de-chavon-expondra-coleccion-de-plateria-sevillana\/\" \/>\n<meta property=\"og:site_name\" content=\"Casa de Campo Living\" \/>\n<meta property=\"article:publisher\" content=\"https:\/\/www.facebook.com\/casadecampoliving\" \/>\n<meta property=\"article:published_time\" content=\"2024-05-06T12:18:56+00:00\" \/>\n<meta property=\"article:modified_time\" content=\"2024-05-06T12:19:00+00:00\" \/>\n<meta property=\"og:image\" content=\"https:\/\/casadecampoliving.com\/wp-content\/uploads\/2024\/05\/Imagen-de-WhatsApp-2024-04-30-a-las-14.50.35_9c0f2772-1.jpg\" \/>\n\t<meta property=\"og:image:width\" content=\"1518\" \/>\n\t<meta property=\"og:image:height\" content=\"1560\" \/>\n\t<meta property=\"og:image:type\" content=\"image\/jpeg\" \/>\n<meta name=\"author\" content=\"Mairobi Herrera\" \/>\n<meta name=\"twitter:card\" content=\"summary_large_image\" \/>\n<meta name=\"twitter:creator\" content=\"@cdcliving\" \/>\n<meta name=\"twitter:site\" content=\"@cdcliving\" \/>\n<meta name=\"twitter:label1\" content=\"Escrito por\" \/>\n\t<meta name=\"twitter:data1\" content=\"Mairobi Herrera\" \/>\n\t<meta name=\"twitter:label2\" content=\"Tiempo de lectura\" \/>\n\t<meta name=\"twitter:data2\" content=\"4 minutos\" \/>\n<script type=\"application\/ld+json\" class=\"yoast-schema-graph\">{\"@context\":\"https:\\\/\\\/schema.org\",\"@graph\":[{\"@type\":\"Article\",\"@id\":\"https:\\\/\\\/casadecampoliving.com\\\/es\\\/museo-arqueologico-de-chavon-expondra-coleccion-de-plateria-sevillana\\\/#article\",\"isPartOf\":{\"@id\":\"https:\\\/\\\/casadecampoliving.com\\\/es\\\/museo-arqueologico-de-chavon-expondra-coleccion-de-plateria-sevillana\\\/\"},\"author\":{\"name\":\"Mairobi Herrera\",\"@id\":\"https:\\\/\\\/casadecampoliving.com\\\/es\\\/#\\\/schema\\\/person\\\/932e594484c49168ad37fbb9141bf699\"},\"headline\":\"Museo Arqueol\u00f3gico de Chav\u00f3n expondr\u00e1 colecci\u00f3n de plater\u00eda sevillana\",\"datePublished\":\"2024-05-06T12:18:56+00:00\",\"dateModified\":\"2024-05-06T12:19:00+00:00\",\"mainEntityOfPage\":{\"@id\":\"https:\\\/\\\/casadecampoliving.com\\\/es\\\/museo-arqueologico-de-chavon-expondra-coleccion-de-plateria-sevillana\\\/\"},\"wordCount\":643,\"publisher\":{\"@id\":\"https:\\\/\\\/casadecampoliving.com\\\/es\\\/#organization\"},\"image\":{\"@id\":\"https:\\\/\\\/casadecampoliving.com\\\/es\\\/museo-arqueologico-de-chavon-expondra-coleccion-de-plateria-sevillana\\\/#primaryimage\"},\"thumbnailUrl\":\"https:\\\/\\\/i0.wp.com\\\/casadecampoliving.com\\\/wp-content\\\/uploads\\\/2024\\\/05\\\/Imagen-de-WhatsApp-2024-04-30-a-las-14.50.35_9c0f2772-1.jpg?fit=1518%2C1560&ssl=1\",\"keywords\":[\"Altos de Chavon\",\"casa de campo @es\",\"Featured-TopView @es\",\"museo arquelogico regional de altos de chavon\",\"patronato benefico oriental@es\"],\"articleSection\":[\"Altos de Chav\u00f3n\",\"CCL presenta\",\"Fundaciones\",\"Hogar del Ni\u00f1o @es\",\"Religion\"],\"inLanguage\":\"es\"},{\"@type\":\"WebPage\",\"@id\":\"https:\\\/\\\/casadecampoliving.com\\\/es\\\/museo-arqueologico-de-chavon-expondra-coleccion-de-plateria-sevillana\\\/\",\"url\":\"https:\\\/\\\/casadecampoliving.com\\\/es\\\/museo-arqueologico-de-chavon-expondra-coleccion-de-plateria-sevillana\\\/\",\"name\":\"Museo Arqueol\u00f3gico de Chav\u00f3n expondr\u00e1 colecci\u00f3n de plater\u00eda sevillana | Casa de Campo Living\",\"isPartOf\":{\"@id\":\"https:\\\/\\\/casadecampoliving.com\\\/es\\\/#website\"},\"primaryImageOfPage\":{\"@id\":\"https:\\\/\\\/casadecampoliving.com\\\/es\\\/museo-arqueologico-de-chavon-expondra-coleccion-de-plateria-sevillana\\\/#primaryimage\"},\"image\":{\"@id\":\"https:\\\/\\\/casadecampoliving.com\\\/es\\\/museo-arqueologico-de-chavon-expondra-coleccion-de-plateria-sevillana\\\/#primaryimage\"},\"thumbnailUrl\":\"https:\\\/\\\/i0.wp.com\\\/casadecampoliving.com\\\/wp-content\\\/uploads\\\/2024\\\/05\\\/Imagen-de-WhatsApp-2024-04-30-a-las-14.50.35_9c0f2772-1.jpg?fit=1518%2C1560&ssl=1\",\"datePublished\":\"2024-05-06T12:18:56+00:00\",\"dateModified\":\"2024-05-06T12:19:00+00:00\",\"description\":\"El Museo Arqueol\u00f3gico Regional Altos de Chav\u00f3n se viste de gala para recibir una muestra sin igual: la exposici\u00f3n itinerante \\\"El Esplendor de la Plater\u00eda\",\"breadcrumb\":{\"@id\":\"https:\\\/\\\/casadecampoliving.com\\\/es\\\/museo-arqueologico-de-chavon-expondra-coleccion-de-plateria-sevillana\\\/#breadcrumb\"},\"inLanguage\":\"es\",\"potentialAction\":[{\"@type\":\"ReadAction\",\"target\":[\"https:\\\/\\\/casadecampoliving.com\\\/es\\\/museo-arqueologico-de-chavon-expondra-coleccion-de-plateria-sevillana\\\/\"]}]},{\"@type\":\"ImageObject\",\"inLanguage\":\"es\",\"@id\":\"https:\\\/\\\/casadecampoliving.com\\\/es\\\/museo-arqueologico-de-chavon-expondra-coleccion-de-plateria-sevillana\\\/#primaryimage\",\"url\":\"https:\\\/\\\/i0.wp.com\\\/casadecampoliving.com\\\/wp-content\\\/uploads\\\/2024\\\/05\\\/Imagen-de-WhatsApp-2024-04-30-a-las-14.50.35_9c0f2772-1.jpg?fit=1518%2C1560&ssl=1\",\"contentUrl\":\"https:\\\/\\\/i0.wp.com\\\/casadecampoliving.com\\\/wp-content\\\/uploads\\\/2024\\\/05\\\/Imagen-de-WhatsApp-2024-04-30-a-las-14.50.35_9c0f2772-1.jpg?fit=1518%2C1560&ssl=1\",\"width\":1518,\"height\":1560},{\"@type\":\"BreadcrumbList\",\"@id\":\"https:\\\/\\\/casadecampoliving.com\\\/es\\\/museo-arqueologico-de-chavon-expondra-coleccion-de-plateria-sevillana\\\/#breadcrumb\",\"itemListElement\":[{\"@type\":\"ListItem\",\"position\":1,\"name\":\"Home\",\"item\":\"https:\\\/\\\/casadecampoliving.com\\\/es\\\/\"},{\"@type\":\"ListItem\",\"position\":2,\"name\":\"Museo Arqueol\u00f3gico de Chav\u00f3n expondr\u00e1 colecci\u00f3n de plater\u00eda sevillana\"}]},{\"@type\":\"WebSite\",\"@id\":\"https:\\\/\\\/casadecampoliving.com\\\/es\\\/#website\",\"url\":\"https:\\\/\\\/casadecampoliving.com\\\/es\\\/\",\"name\":\"Casa de Campo Living\",\"description\":\"Resort community news and resources.\",\"publisher\":{\"@id\":\"https:\\\/\\\/casadecampoliving.com\\\/es\\\/#organization\"},\"potentialAction\":[{\"@type\":\"SearchAction\",\"target\":{\"@type\":\"EntryPoint\",\"urlTemplate\":\"https:\\\/\\\/casadecampoliving.com\\\/es\\\/?s={search_term_string}\"},\"query-input\":{\"@type\":\"PropertyValueSpecification\",\"valueRequired\":true,\"valueName\":\"search_term_string\"}}],\"inLanguage\":\"es\"},{\"@type\":\"Organization\",\"@id\":\"https:\\\/\\\/casadecampoliving.com\\\/es\\\/#organization\",\"name\":\"Casa de Campo Living\",\"url\":\"https:\\\/\\\/casadecampoliving.com\\\/es\\\/\",\"logo\":{\"@type\":\"ImageObject\",\"inLanguage\":\"es\",\"@id\":\"https:\\\/\\\/casadecampoliving.com\\\/es\\\/#\\\/schema\\\/logo\\\/image\\\/\",\"url\":\"https:\\\/\\\/i0.wp.com\\\/casadecampoliving.com\\\/wp-content\\\/uploads\\\/2022\\\/07\\\/CDCLivingLogo_V1-white-sized.png?fit=800%2C214&ssl=1\",\"contentUrl\":\"https:\\\/\\\/i0.wp.com\\\/casadecampoliving.com\\\/wp-content\\\/uploads\\\/2022\\\/07\\\/CDCLivingLogo_V1-white-sized.png?fit=800%2C214&ssl=1\",\"width\":800,\"height\":214,\"caption\":\"Casa de Campo Living\"},\"image\":{\"@id\":\"https:\\\/\\\/casadecampoliving.com\\\/es\\\/#\\\/schema\\\/logo\\\/image\\\/\"},\"sameAs\":[\"https:\\\/\\\/www.facebook.com\\\/casadecampoliving\",\"https:\\\/\\\/x.com\\\/cdcliving\"]},{\"@type\":\"Person\",\"@id\":\"https:\\\/\\\/casadecampoliving.com\\\/es\\\/#\\\/schema\\\/person\\\/932e594484c49168ad37fbb9141bf699\",\"name\":\"Mairobi Herrera\",\"image\":{\"@type\":\"ImageObject\",\"inLanguage\":\"es\",\"@id\":\"https:\\\/\\\/secure.gravatar.com\\\/avatar\\\/d0bf6c19470eb55d83c719e39672f670b2c4412339af1eb8a08f86427ba98ee8?s=96&d=mm&r=g\",\"url\":\"https:\\\/\\\/secure.gravatar.com\\\/avatar\\\/d0bf6c19470eb55d83c719e39672f670b2c4412339af1eb8a08f86427ba98ee8?s=96&d=mm&r=g\",\"contentUrl\":\"https:\\\/\\\/secure.gravatar.com\\\/avatar\\\/d0bf6c19470eb55d83c719e39672f670b2c4412339af1eb8a08f86427ba98ee8?s=96&d=mm&r=g\",\"caption\":\"Mairobi Herrera\"},\"sameAs\":[\"https:\\\/\\\/casadecampoliving.com\\\/\"],\"url\":\"https:\\\/\\\/casadecampoliving.com\\\/es\\\/author\\\/mherrera\\\/\"}]}<\/script>\n<!-- \/ Yoast SEO plugin. -->","yoast_head_json":{"title":"Museo Arqueol\u00f3gico de Chav\u00f3n expondr\u00e1 colecci\u00f3n de plater\u00eda sevillana | Casa de Campo Living","description":"El Museo Arqueol\u00f3gico Regional Altos de Chav\u00f3n se viste de gala para recibir una muestra sin igual: la exposici\u00f3n itinerante \"El Esplendor de la Plater\u00eda","robots":{"index":"index","follow":"follow","max-snippet":"max-snippet:-1","max-image-preview":"max-image-preview:large","max-video-preview":"max-video-preview:-1"},"canonical":"https:\/\/casadecampoliving.com\/es\/museo-arqueologico-de-chavon-expondra-coleccion-de-plateria-sevillana\/","og_locale":"es_ES","og_type":"article","og_title":"Museo Arqueol\u00f3gico de Chav\u00f3n expondr\u00e1 colecci\u00f3n de plater\u00eda sevillana | Casa de Campo Living","og_description":"El Museo Arqueol\u00f3gico Regional Altos de Chav\u00f3n se viste de gala para recibir una muestra sin igual: la exposici\u00f3n itinerante \"El Esplendor de la Plater\u00eda","og_url":"https:\/\/casadecampoliving.com\/es\/museo-arqueologico-de-chavon-expondra-coleccion-de-plateria-sevillana\/","og_site_name":"Casa de Campo Living","article_publisher":"https:\/\/www.facebook.com\/casadecampoliving","article_published_time":"2024-05-06T12:18:56+00:00","article_modified_time":"2024-05-06T12:19:00+00:00","og_image":[{"width":1518,"height":1560,"url":"https:\/\/casadecampoliving.com\/wp-content\/uploads\/2024\/05\/Imagen-de-WhatsApp-2024-04-30-a-las-14.50.35_9c0f2772-1.jpg","type":"image\/jpeg"}],"author":"Mairobi Herrera","twitter_card":"summary_large_image","twitter_creator":"@cdcliving","twitter_site":"@cdcliving","twitter_misc":{"Escrito por":"Mairobi Herrera","Tiempo de lectura":"4 minutos"},"schema":{"@context":"https:\/\/schema.org","@graph":[{"@type":"Article","@id":"https:\/\/casadecampoliving.com\/es\/museo-arqueologico-de-chavon-expondra-coleccion-de-plateria-sevillana\/#article","isPartOf":{"@id":"https:\/\/casadecampoliving.com\/es\/museo-arqueologico-de-chavon-expondra-coleccion-de-plateria-sevillana\/"},"author":{"name":"Mairobi Herrera","@id":"https:\/\/casadecampoliving.com\/es\/#\/schema\/person\/932e594484c49168ad37fbb9141bf699"},"headline":"Museo Arqueol\u00f3gico de Chav\u00f3n expondr\u00e1 colecci\u00f3n de plater\u00eda sevillana","datePublished":"2024-05-06T12:18:56+00:00","dateModified":"2024-05-06T12:19:00+00:00","mainEntityOfPage":{"@id":"https:\/\/casadecampoliving.com\/es\/museo-arqueologico-de-chavon-expondra-coleccion-de-plateria-sevillana\/"},"wordCount":643,"publisher":{"@id":"https:\/\/casadecampoliving.com\/es\/#organization"},"image":{"@id":"https:\/\/casadecampoliving.com\/es\/museo-arqueologico-de-chavon-expondra-coleccion-de-plateria-sevillana\/#primaryimage"},"thumbnailUrl":"https:\/\/i0.wp.com\/casadecampoliving.com\/wp-content\/uploads\/2024\/05\/Imagen-de-WhatsApp-2024-04-30-a-las-14.50.35_9c0f2772-1.jpg?fit=1518%2C1560&ssl=1","keywords":["Altos de Chavon","casa de campo @es","Featured-TopView @es","museo arquelogico regional de altos de chavon","patronato benefico oriental@es"],"articleSection":["Altos de Chav\u00f3n","CCL presenta","Fundaciones","Hogar del Ni\u00f1o @es","Religion"],"inLanguage":"es"},{"@type":"WebPage","@id":"https:\/\/casadecampoliving.com\/es\/museo-arqueologico-de-chavon-expondra-coleccion-de-plateria-sevillana\/","url":"https:\/\/casadecampoliving.com\/es\/museo-arqueologico-de-chavon-expondra-coleccion-de-plateria-sevillana\/","name":"Museo Arqueol\u00f3gico de Chav\u00f3n expondr\u00e1 colecci\u00f3n de plater\u00eda sevillana | Casa de Campo Living","isPartOf":{"@id":"https:\/\/casadecampoliving.com\/es\/#website"},"primaryImageOfPage":{"@id":"https:\/\/casadecampoliving.com\/es\/museo-arqueologico-de-chavon-expondra-coleccion-de-plateria-sevillana\/#primaryimage"},"image":{"@id":"https:\/\/casadecampoliving.com\/es\/museo-arqueologico-de-chavon-expondra-coleccion-de-plateria-sevillana\/#primaryimage"},"thumbnailUrl":"https:\/\/i0.wp.com\/casadecampoliving.com\/wp-content\/uploads\/2024\/05\/Imagen-de-WhatsApp-2024-04-30-a-las-14.50.35_9c0f2772-1.jpg?fit=1518%2C1560&ssl=1","datePublished":"2024-05-06T12:18:56+00:00","dateModified":"2024-05-06T12:19:00+00:00","description":"El Museo Arqueol\u00f3gico Regional Altos de Chav\u00f3n se viste de gala para recibir una muestra sin igual: la exposici\u00f3n itinerante \"El Esplendor de la Plater\u00eda","breadcrumb":{"@id":"https:\/\/casadecampoliving.com\/es\/museo-arqueologico-de-chavon-expondra-coleccion-de-plateria-sevillana\/#breadcrumb"},"inLanguage":"es","potentialAction":[{"@type":"ReadAction","target":["https:\/\/casadecampoliving.com\/es\/museo-arqueologico-de-chavon-expondra-coleccion-de-plateria-sevillana\/"]}]},{"@type":"ImageObject","inLanguage":"es","@id":"https:\/\/casadecampoliving.com\/es\/museo-arqueologico-de-chavon-expondra-coleccion-de-plateria-sevillana\/#primaryimage","url":"https:\/\/i0.wp.com\/casadecampoliving.com\/wp-content\/uploads\/2024\/05\/Imagen-de-WhatsApp-2024-04-30-a-las-14.50.35_9c0f2772-1.jpg?fit=1518%2C1560&ssl=1","contentUrl":"https:\/\/i0.wp.com\/casadecampoliving.com\/wp-content\/uploads\/2024\/05\/Imagen-de-WhatsApp-2024-04-30-a-las-14.50.35_9c0f2772-1.jpg?fit=1518%2C1560&ssl=1","width":1518,"height":1560},{"@type":"BreadcrumbList","@id":"https:\/\/casadecampoliving.com\/es\/museo-arqueologico-de-chavon-expondra-coleccion-de-plateria-sevillana\/#breadcrumb","itemListElement":[{"@type":"ListItem","position":1,"name":"Home","item":"https:\/\/casadecampoliving.com\/es\/"},{"@type":"ListItem","position":2,"name":"Museo Arqueol\u00f3gico de Chav\u00f3n expondr\u00e1 colecci\u00f3n de plater\u00eda sevillana"}]},{"@type":"WebSite","@id":"https:\/\/casadecampoliving.com\/es\/#website","url":"https:\/\/casadecampoliving.com\/es\/","name":"Casa de Campo Living","description":"Resort community news and resources.","publisher":{"@id":"https:\/\/casadecampoliving.com\/es\/#organization"},"potentialAction":[{"@type":"SearchAction","target":{"@type":"EntryPoint","urlTemplate":"https:\/\/casadecampoliving.com\/es\/?s={search_term_string}"},"query-input":{"@type":"PropertyValueSpecification","valueRequired":true,"valueName":"search_term_string"}}],"inLanguage":"es"},{"@type":"Organization","@id":"https:\/\/casadecampoliving.com\/es\/#organization","name":"Casa de Campo Living","url":"https:\/\/casadecampoliving.com\/es\/","logo":{"@type":"ImageObject","inLanguage":"es","@id":"https:\/\/casadecampoliving.com\/es\/#\/schema\/logo\/image\/","url":"https:\/\/i0.wp.com\/casadecampoliving.com\/wp-content\/uploads\/2022\/07\/CDCLivingLogo_V1-white-sized.png?fit=800%2C214&ssl=1","contentUrl":"https:\/\/i0.wp.com\/casadecampoliving.com\/wp-content\/uploads\/2022\/07\/CDCLivingLogo_V1-white-sized.png?fit=800%2C214&ssl=1","width":800,"height":214,"caption":"Casa de Campo Living"},"image":{"@id":"https:\/\/casadecampoliving.com\/es\/#\/schema\/logo\/image\/"},"sameAs":["https:\/\/www.facebook.com\/casadecampoliving","https:\/\/x.com\/cdcliving"]},{"@type":"Person","@id":"https:\/\/casadecampoliving.com\/es\/#\/schema\/person\/932e594484c49168ad37fbb9141bf699","name":"Mairobi Herrera","image":{"@type":"ImageObject","inLanguage":"es","@id":"https:\/\/secure.gravatar.com\/avatar\/d0bf6c19470eb55d83c719e39672f670b2c4412339af1eb8a08f86427ba98ee8?s=96&d=mm&r=g","url":"https:\/\/secure.gravatar.com\/avatar\/d0bf6c19470eb55d83c719e39672f670b2c4412339af1eb8a08f86427ba98ee8?s=96&d=mm&r=g","contentUrl":"https:\/\/secure.gravatar.com\/avatar\/d0bf6c19470eb55d83c719e39672f670b2c4412339af1eb8a08f86427ba98ee8?s=96&d=mm&r=g","caption":"Mairobi Herrera"},"sameAs":["https:\/\/casadecampoliving.com\/"],"url":"https:\/\/casadecampoliving.com\/es\/author\/mherrera\/"}]}},"parsely":{"version":"1.1.0","canonical_url":"https:\/\/casadecampoliving.com\/es\/museo-arqueologico-de-chavon-expondra-coleccion-de-plateria-sevillana\/","smart_links":{"inbound":0,"outbound":0},"traffic_boost_suggestions_count":0,"meta":{"@context":"https:\/\/schema.org","@type":"NewsArticle","headline":"Museo Arqueol\u00f3gico de Chav\u00f3n expondr\u00e1 colecci\u00f3n de plater\u00eda sevillana","url":"http:\/\/casadecampoliving.com\/es\/museo-arqueologico-de-chavon-expondra-coleccion-de-plateria-sevillana\/","mainEntityOfPage":{"@type":"WebPage","@id":"http:\/\/casadecampoliving.com\/es\/museo-arqueologico-de-chavon-expondra-coleccion-de-plateria-sevillana\/"},"thumbnailUrl":"https:\/\/i0.wp.com\/casadecampoliving.com\/wp-content\/uploads\/2024\/05\/Imagen-de-WhatsApp-2024-04-30-a-las-14.50.35_9c0f2772-1.jpg?resize=150%2C150&ssl=1","image":{"@type":"ImageObject","url":"https:\/\/i0.wp.com\/casadecampoliving.com\/wp-content\/uploads\/2024\/05\/Imagen-de-WhatsApp-2024-04-30-a-las-14.50.35_9c0f2772-1.jpg?fit=1518%2C1560&ssl=1"},"articleSection":"Altos de Chav\u00f3n","author":[{"@type":"Person","name":"Mairobi Herrera"}],"creator":["Mairobi Herrera"],"publisher":{"@type":"Organization","name":"Casa de Campo Living","logo":"https:\/\/casadecampoliving.com\/wp-content\/uploads\/2022\/07\/CDCLivingLogo_V1-white-sized.png"},"keywords":["altos de chavon","casa de campo @es","featured-topview @es","museo arquelogico regional de altos de chavon","patronato benefico oriental@es"],"dateCreated":"2024-05-06T12:18:56Z","datePublished":"2024-05-06T12:18:56Z","dateModified":"2024-05-06T12:19:00Z"},"rendered":"<script type=\"application\/ld+json\" class=\"wp-parsely-metadata\">{\"@context\":\"https:\\\/\\\/schema.org\",\"@type\":\"NewsArticle\",\"headline\":\"Museo Arqueol\\u00f3gico de Chav\\u00f3n expondr\\u00e1 colecci\\u00f3n de plater\\u00eda sevillana\",\"url\":\"http:\\\/\\\/casadecampoliving.com\\\/es\\\/museo-arqueologico-de-chavon-expondra-coleccion-de-plateria-sevillana\\\/\",\"mainEntityOfPage\":{\"@type\":\"WebPage\",\"@id\":\"http:\\\/\\\/casadecampoliving.com\\\/es\\\/museo-arqueologico-de-chavon-expondra-coleccion-de-plateria-sevillana\\\/\"},\"thumbnailUrl\":\"https:\\\/\\\/i0.wp.com\\\/casadecampoliving.com\\\/wp-content\\\/uploads\\\/2024\\\/05\\\/Imagen-de-WhatsApp-2024-04-30-a-las-14.50.35_9c0f2772-1.jpg?resize=150%2C150&ssl=1\",\"image\":{\"@type\":\"ImageObject\",\"url\":\"https:\\\/\\\/i0.wp.com\\\/casadecampoliving.com\\\/wp-content\\\/uploads\\\/2024\\\/05\\\/Imagen-de-WhatsApp-2024-04-30-a-las-14.50.35_9c0f2772-1.jpg?fit=1518%2C1560&ssl=1\"},\"articleSection\":\"Altos de Chav\\u00f3n\",\"author\":[{\"@type\":\"Person\",\"name\":\"Mairobi Herrera\"}],\"creator\":[\"Mairobi Herrera\"],\"publisher\":{\"@type\":\"Organization\",\"name\":\"Casa de Campo Living\",\"logo\":\"https:\\\/\\\/casadecampoliving.com\\\/wp-content\\\/uploads\\\/2022\\\/07\\\/CDCLivingLogo_V1-white-sized.png\"},\"keywords\":[\"altos de chavon\",\"casa de campo @es\",\"featured-topview @es\",\"museo arquelogico regional de altos de chavon\",\"patronato benefico oriental@es\"],\"dateCreated\":\"2024-05-06T12:18:56Z\",\"datePublished\":\"2024-05-06T12:18:56Z\",\"dateModified\":\"2024-05-06T12:19:00Z\"}<\/script>","tracker_url":"https:\/\/cdn.parsely.com\/keys\/casadecampoliving.com\/p.js"},"jetpack_publicize_connections":[],"jetpack_featured_media_url":"https:\/\/i0.wp.com\/casadecampoliving.com\/wp-content\/uploads\/2024\/05\/Imagen-de-WhatsApp-2024-04-30-a-las-14.50.35_9c0f2772-1.jpg?fit=1518%2C1560&ssl=1","jetpack-related-posts":[{"id":531697,"url":"https:\/\/casadecampoliving.com\/es\/el-museo-arqueologico-regional-altos-de-chavon-inaugura-la-exposicion-el-esplendor-de-la-plateria-sevillana\/","url_meta":{"origin":530941,"position":0},"title":"El Museo Arqueol\u00f3gico Regional Altos de Chav\u00f3n inaugura la exposici\u00f3n \u00abEl Esplendor de la Plater\u00eda Sevillana\u00bb","author":"Casa de Campo Living","date":"14 May, 2024","format":false,"excerpt":"El pasado s\u00e1bado 11 de mayo, a las 7 p.m., el Museo Arqueol\u00f3gico Regional Altos de Chav\u00f3n ilumin\u00f3 su sal\u00f3n principal con el brillo de la plater\u00eda sevillana, inaugurando la esperada exposici\u00f3n \"El Esplendor de la Plater\u00eda Sevillana\". Esta muestra, cedida gentilmente por la Fundaci\u00f3n de Arte Castilleja y Fomcae,\u2026","rel":"","context":"En \u00abAltos de Chav\u00f3n\u00bb","block_context":{"text":"Altos de Chav\u00f3n","link":"https:\/\/casadecampoliving.com\/es\/category\/altos-de-chavon-6\/"},"img":{"alt_text":"","src":"https:\/\/i0.wp.com\/casadecampoliving.com\/wp-content\/uploads\/2024\/05\/El-Esplendor-de-la-Plateria-Sevillana-Altos-de-Chavon-Museum-8.jpg?fit=1200%2C800&ssl=1&resize=350%2C200","width":350,"height":200,"srcset":"https:\/\/i0.wp.com\/casadecampoliving.com\/wp-content\/uploads\/2024\/05\/El-Esplendor-de-la-Plateria-Sevillana-Altos-de-Chavon-Museum-8.jpg?fit=1200%2C800&ssl=1&resize=350%2C200 1x, https:\/\/i0.wp.com\/casadecampoliving.com\/wp-content\/uploads\/2024\/05\/El-Esplendor-de-la-Plateria-Sevillana-Altos-de-Chavon-Museum-8.jpg?fit=1200%2C800&ssl=1&resize=525%2C300 1.5x, https:\/\/i0.wp.com\/casadecampoliving.com\/wp-content\/uploads\/2024\/05\/El-Esplendor-de-la-Plateria-Sevillana-Altos-de-Chavon-Museum-8.jpg?fit=1200%2C800&ssl=1&resize=700%2C400 2x, https:\/\/i0.wp.com\/casadecampoliving.com\/wp-content\/uploads\/2024\/05\/El-Esplendor-de-la-Plateria-Sevillana-Altos-de-Chavon-Museum-8.jpg?fit=1200%2C800&ssl=1&resize=1050%2C600 3x"},"classes":[]},{"id":531198,"url":"https:\/\/casadecampoliving.com\/altos-de-chavon-museum-unveils-el-esplendor-de-la-plateria-sevillana-exhibition\/","url_meta":{"origin":530941,"position":1},"title":"Altos de Chav\u00f3n Museum Unveils \u00abEl Esplendor de la Plater\u00eda Sevillana\u00bb Exhibition","author":"Casa de Campo Living","date":"14 May, 2024","format":false,"excerpt":"Last Saturday, May 11, at 7 p.m., the Regional Archaeological Museum Altos de Chav\u00f3n illuminated its main hall with the brilliance of Sevillian silverware, inaugurating the highly anticipated exhibition \"El Esplendor de la Plater\u00eda Sevillana.\" This showcase, graciously provided by the esteemed Castilleja Art Foundation and Fomcae, presents a journey\u2026","rel":"","context":"En \u00abAltos de Chav\u00f3n\u00bb","block_context":{"text":"Altos de Chav\u00f3n","link":"https:\/\/casadecampoliving.com\/category\/altos-de-chavon-6-2\/"},"img":{"alt_text":"","src":"https:\/\/i0.wp.com\/casadecampoliving.com\/wp-content\/uploads\/2024\/05\/El-Esplendor-de-la-Plateria-Sevillana-Altos-de-Chavon-Museum-8.jpg?fit=1200%2C800&ssl=1&resize=350%2C200","width":350,"height":200,"srcset":"https:\/\/i0.wp.com\/casadecampoliving.com\/wp-content\/uploads\/2024\/05\/El-Esplendor-de-la-Plateria-Sevillana-Altos-de-Chavon-Museum-8.jpg?fit=1200%2C800&ssl=1&resize=350%2C200 1x, https:\/\/i0.wp.com\/casadecampoliving.com\/wp-content\/uploads\/2024\/05\/El-Esplendor-de-la-Plateria-Sevillana-Altos-de-Chavon-Museum-8.jpg?fit=1200%2C800&ssl=1&resize=525%2C300 1.5x, https:\/\/i0.wp.com\/casadecampoliving.com\/wp-content\/uploads\/2024\/05\/El-Esplendor-de-la-Plateria-Sevillana-Altos-de-Chavon-Museum-8.jpg?fit=1200%2C800&ssl=1&resize=700%2C400 2x, https:\/\/i0.wp.com\/casadecampoliving.com\/wp-content\/uploads\/2024\/05\/El-Esplendor-de-la-Plateria-Sevillana-Altos-de-Chavon-Museum-8.jpg?fit=1200%2C800&ssl=1&resize=1050%2C600 3x"},"classes":[]},{"id":530951,"url":"https:\/\/casadecampoliving.com\/the-chavon-archaeological-museum-will-exhibit-a-collection-of-sevillian-silverware\/","url_meta":{"origin":530941,"position":2},"title":"The Chav\u00f3n Archaeological Museum will exhibit a collection of Sevillian silverware","author":"Mairobi Herrera","date":"6 May, 2024","format":false,"excerpt":"The Regional Archaeological Museum Altos de Chav\u00f3n dons its finest attire to welcome an unparalleled display: the traveling exhibition \"El Esplendor de la Plater\u00eda Sevillana,\" courtesy of the prestigious Castilleja Art Foundation. From the workshops of Sevillian silversmiths, this collection brings forth a centuries-old tradition brimming with talent and mastery,\u2026","rel":"","context":"En \u00abAltos de Chav\u00f3n\u00bb","block_context":{"text":"Altos de Chav\u00f3n","link":"https:\/\/casadecampoliving.com\/category\/altos-de-chavon-6-2\/"},"img":{"alt_text":"","src":"https:\/\/i0.wp.com\/casadecampoliving.com\/wp-content\/uploads\/2024\/05\/Imagen-de-WhatsApp-2024-04-30-a-las-14.50.35_9c0f2772-1.jpg?fit=1168%2C1200&ssl=1&resize=350%2C200","width":350,"height":200,"srcset":"https:\/\/i0.wp.com\/casadecampoliving.com\/wp-content\/uploads\/2024\/05\/Imagen-de-WhatsApp-2024-04-30-a-las-14.50.35_9c0f2772-1.jpg?fit=1168%2C1200&ssl=1&resize=350%2C200 1x, https:\/\/i0.wp.com\/casadecampoliving.com\/wp-content\/uploads\/2024\/05\/Imagen-de-WhatsApp-2024-04-30-a-las-14.50.35_9c0f2772-1.jpg?fit=1168%2C1200&ssl=1&resize=525%2C300 1.5x, https:\/\/i0.wp.com\/casadecampoliving.com\/wp-content\/uploads\/2024\/05\/Imagen-de-WhatsApp-2024-04-30-a-las-14.50.35_9c0f2772-1.jpg?fit=1168%2C1200&ssl=1&resize=700%2C400 2x, https:\/\/i0.wp.com\/casadecampoliving.com\/wp-content\/uploads\/2024\/05\/Imagen-de-WhatsApp-2024-04-30-a-las-14.50.35_9c0f2772-1.jpg?fit=1168%2C1200&ssl=1&resize=1050%2C600 3x"},"classes":[]},{"id":433460,"url":"https:\/\/casadecampoliving.com\/es\/no-se-pierdan-el-increible-tributo-a-frank-sinatra-para-celebrar-el-40-aniversario-del-anfiteatro-altos-de-chavon\/","url_meta":{"origin":530941,"position":3},"title":"No se pierdan el incre\u00edble tributo a Frank Sinatra para celebrar el 40 aniversario del\u00a0Anfiteatro Altos de Chav\u00f3n","author":"Casa de Campo Living","date":"20 Oct, 2022","format":false,"excerpt":"Siendo uno de los escenarios m\u00e1s emblem\u00e1ticos del pa\u00eds, Casa de Campo Resort\u00ae & Villas celebra las cuatro d\u00e9cadas de aniversario de Altos de Chav\u00f3n con un tributo al gran Frank Sinatra, protagonizado por artistas invitados y una big band tal cual la que acompa\u00f1\u00f3 al artista hace 40 a\u00f1os\u2026","rel":"","context":"En \u00abUncategorized @es\u00bb","block_context":{"text":"Uncategorized @es","link":"https:\/\/casadecampoliving.com\/es\/category\/uncategorized-es\/"},"img":{"alt_text":"","src":"https:\/\/i0.wp.com\/casadecampoliving.com\/wp-content\/uploads\/2022\/10\/Tributo-Frank-Sinatra-Foto-Principal-Amaury-Sanchez-Danilo-Ginebra-Andres-Pichardo-y-Jose-Gabriel-Perez-.jpg?fit=1200%2C873&ssl=1&resize=350%2C200","width":350,"height":200,"srcset":"https:\/\/i0.wp.com\/casadecampoliving.com\/wp-content\/uploads\/2022\/10\/Tributo-Frank-Sinatra-Foto-Principal-Amaury-Sanchez-Danilo-Ginebra-Andres-Pichardo-y-Jose-Gabriel-Perez-.jpg?fit=1200%2C873&ssl=1&resize=350%2C200 1x, https:\/\/i0.wp.com\/casadecampoliving.com\/wp-content\/uploads\/2022\/10\/Tributo-Frank-Sinatra-Foto-Principal-Amaury-Sanchez-Danilo-Ginebra-Andres-Pichardo-y-Jose-Gabriel-Perez-.jpg?fit=1200%2C873&ssl=1&resize=525%2C300 1.5x, https:\/\/i0.wp.com\/casadecampoliving.com\/wp-content\/uploads\/2022\/10\/Tributo-Frank-Sinatra-Foto-Principal-Amaury-Sanchez-Danilo-Ginebra-Andres-Pichardo-y-Jose-Gabriel-Perez-.jpg?fit=1200%2C873&ssl=1&resize=700%2C400 2x, https:\/\/i0.wp.com\/casadecampoliving.com\/wp-content\/uploads\/2022\/10\/Tributo-Frank-Sinatra-Foto-Principal-Amaury-Sanchez-Danilo-Ginebra-Andres-Pichardo-y-Jose-Gabriel-Perez-.jpg?fit=1200%2C873&ssl=1&resize=1050%2C600 3x"},"classes":[]},{"id":347480,"url":"https:\/\/casadecampoliving.com\/es\/renovacion-museo-altos-de-chavon\/","url_meta":{"origin":530941,"position":4},"title":"Renovaci\u00f3n del Museo Regional Arqueol\u00f3gico Altos de Chav\u00f3n","author":"Perkin Agramonte","date":"5 Jun, 2015","format":false,"excerpt":"El Museo Regional Arqueol\u00f3gico Altos de Chav\u00f3n est\u00e1 actualmente cerrado por reparaciones, y permanecer\u00e1 cerrado hasta el 20 de julio. Situado detr\u00e1s de la iglesia San Estanislao en Altos de Chav\u00f3n, el Museo Regional Arqueol\u00f3gico Altos de Chav\u00f3n es el lugar perfecto para aprender sobre la rica herencia ancestral de\u2026","rel":"","context":"En \u00abAltos de Chavon @es\u00bb","block_context":{"text":"Altos de Chavon @es","link":"https:\/\/casadecampoliving.com\/category\/altos-de-chavon-es\/"},"img":{"alt_text":"","src":"https:\/\/i0.wp.com\/casadecampoliving.com\/wp-content\/uploads\/2022\/10\/Museo-Regional-Arqueologico-Altos-de-Chavon.jpg?fit=1024%2C683&ssl=1&resize=350%2C200","width":350,"height":200,"srcset":"https:\/\/i0.wp.com\/casadecampoliving.com\/wp-content\/uploads\/2022\/10\/Museo-Regional-Arqueologico-Altos-de-Chavon.jpg?fit=1024%2C683&ssl=1&resize=350%2C200 1x, https:\/\/i0.wp.com\/casadecampoliving.com\/wp-content\/uploads\/2022\/10\/Museo-Regional-Arqueologico-Altos-de-Chavon.jpg?fit=1024%2C683&ssl=1&resize=525%2C300 1.5x, https:\/\/i0.wp.com\/casadecampoliving.com\/wp-content\/uploads\/2022\/10\/Museo-Regional-Arqueologico-Altos-de-Chavon.jpg?fit=1024%2C683&ssl=1&resize=700%2C400 2x"},"classes":[]},{"id":527206,"url":"https:\/\/casadecampoliving.com\/es\/el-museo-arqueologico-regional-altos-de-chavon-celebra-su-43-aniversario\/","url_meta":{"origin":530941,"position":5},"title":"El Museo Arqueol\u00f3gico Regional Altos de Chav\u00f3n celebra su 43\u00b0 aniversario","author":"Mairobi Herrera","date":"1 Mar, 2024","format":false,"excerpt":"El Museo Arqueol\u00f3gico Regional Altos de Chav\u00f3n est\u00e1 de fiesta, \u00a1cumple 43 a\u00f1os de historia, cultura y legado! En honor a este importante hito, la administraci\u00f3n anuncia una serie de eventos dise\u00f1ados para toda la familia, que destacar\u00e1n la riqueza cultural de Altos de Chav\u00f3n y su impacto en la\u2026","rel":"","context":"En \u00abAltos de Chav\u00f3n\u00bb","block_context":{"text":"Altos de Chav\u00f3n","link":"https:\/\/casadecampoliving.com\/es\/category\/altos-de-chavon-6\/"},"img":{"alt_text":"","src":"https:\/\/i0.wp.com\/casadecampoliving.com\/wp-content\/uploads\/2024\/03\/WhatsApp-Image-2024-02-29-at-12.23.24-PM.jpeg?fit=1200%2C1200&ssl=1&resize=350%2C200","width":350,"height":200,"srcset":"https:\/\/i0.wp.com\/casadecampoliving.com\/wp-content\/uploads\/2024\/03\/WhatsApp-Image-2024-02-29-at-12.23.24-PM.jpeg?fit=1200%2C1200&ssl=1&resize=350%2C200 1x, https:\/\/i0.wp.com\/casadecampoliving.com\/wp-content\/uploads\/2024\/03\/WhatsApp-Image-2024-02-29-at-12.23.24-PM.jpeg?fit=1200%2C1200&ssl=1&resize=525%2C300 1.5x, https:\/\/i0.wp.com\/casadecampoliving.com\/wp-content\/uploads\/2024\/03\/WhatsApp-Image-2024-02-29-at-12.23.24-PM.jpeg?fit=1200%2C1200&ssl=1&resize=700%2C400 2x, https:\/\/i0.wp.com\/casadecampoliving.com\/wp-content\/uploads\/2024\/03\/WhatsApp-Image-2024-02-29-at-12.23.24-PM.jpeg?fit=1200%2C1200&ssl=1&resize=1050%2C600 3x"},"classes":[]}],"jetpack_sharing_enabled":true,"_links":{"self":[{"href":"https:\/\/casadecampoliving.com\/es\/wp-json\/wp\/v2\/posts\/530941","targetHints":{"allow":["GET"]}}],"collection":[{"href":"https:\/\/casadecampoliving.com\/es\/wp-json\/wp\/v2\/posts"}],"about":[{"href":"https:\/\/casadecampoliving.com\/es\/wp-json\/wp\/v2\/types\/post"}],"author":[{"embeddable":true,"href":"https:\/\/casadecampoliving.com\/es\/wp-json\/wp\/v2\/users\/431"}],"replies":[{"embeddable":true,"href":"https:\/\/casadecampoliving.com\/es\/wp-json\/wp\/v2\/comments?post=530941"}],"version-history":[{"count":1,"href":"https:\/\/casadecampoliving.com\/es\/wp-json\/wp\/v2\/posts\/530941\/revisions"}],"predecessor-version":[{"id":530950,"href":"https:\/\/casadecampoliving.com\/es\/wp-json\/wp\/v2\/posts\/530941\/revisions\/530950"}],"wp:featuredmedia":[{"embeddable":true,"href":"https:\/\/casadecampoliving.com\/es\/wp-json\/wp\/v2\/media\/530942"}],"wp:attachment":[{"href":"https:\/\/casadecampoliving.com\/es\/wp-json\/wp\/v2\/media?parent=530941"}],"wp:term":[{"taxonomy":"category","embeddable":true,"href":"https:\/\/casadecampoliving.com\/es\/wp-json\/wp\/v2\/categories?post=530941"},{"taxonomy":"post_tag","embeddable":true,"href":"https:\/\/casadecampoliving.com\/es\/wp-json\/wp\/v2\/tags?post=530941"},{"taxonomy":"newspack_spnsrs_tax","embeddable":true,"href":"https:\/\/casadecampoliving.com\/es\/wp-json\/wp\/v2\/newspack_spnsrs_tax?post=530941"}],"curies":[{"name":"wp","href":"https:\/\/api.w.org\/{rel}","templated":true}]}}