{"id":529304,"date":"2024-03-26T13:12:02","date_gmt":"2024-03-26T17:12:02","guid":{"rendered":"https:\/\/casadecampoliving.com\/?p=529304"},"modified":"2024-03-26T13:12:26","modified_gmt":"2024-03-26T17:12:26","slug":"vibrante-atardecer-electronico-en-casa-de-campo-con-la-fiesta-caribena-quimbara","status":"publish","type":"post","link":"https:\/\/casadecampoliving.com\/es\/vibrante-atardecer-electronico-en-casa-de-campo-con-la-fiesta-caribena-quimbara\/","title":{"rendered":"Vibrante atardecer electr\u00f3nico en Casa de Campo con la fiesta caribe\u00f1a \u00abQUIMBARA\u00bb"},"content":{"rendered":"\n<p>La emoci\u00f3n alcanz\u00f3 su punto m\u00e1ximo el pasado s\u00e1bado 23 de marzo en el Minitas Beach Club de Casa de Campo con el evento \u00abQUIMBARA\u00bb, una fusi\u00f3n perfecta de <em>\u201csunset vibes\u201d<\/em> y <em>\u201celectronic beats\u201d<\/em> que hizo vibrar a todos los presentes. Esta fiesta, en colaboraci\u00f3n con los productores Orson Salazar y Paz Vega, marc\u00f3 un hito en la celebraci\u00f3n del \u201cSpring Break\u201d y se convirti\u00f3 en el epicentro de la diversi\u00f3n y la energ\u00eda positiva.<\/p>\n\n\n<div class=\"wp-block-image\">\n<figure class=\"alignright size-large is-resized\"><img data-recalc-dims=\"1\" loading=\"lazy\" decoding=\"async\" width=\"683\" height=\"1024\" data-attachment-id=\"529305\" data-permalink=\"https:\/\/casadecampoliving.com\/es\/vibrante-atardecer-electronico-en-casa-de-campo-con-la-fiesta-caribena-quimbara\/dj-omar-andino\/\" data-orig-file=\"https:\/\/i0.wp.com\/casadecampoliving.com\/wp-content\/uploads\/2024\/03\/Dj-Omar-Andino--scaled.jpg?fit=1707%2C2560&amp;ssl=1\" data-orig-size=\"1707,2560\" data-comments-opened=\"0\" data-image-meta=\"{&quot;aperture&quot;:&quot;9&quot;,&quot;credit&quot;:&quot;&quot;,&quot;camera&quot;:&quot;ILCE-7M4&quot;,&quot;caption&quot;:&quot;&quot;,&quot;created_timestamp&quot;:&quot;1711240247&quot;,&quot;copyright&quot;:&quot;\\u00a9 Daniel Garc\\u00eda&quot;,&quot;focal_length&quot;:&quot;24&quot;,&quot;iso&quot;:&quot;500&quot;,&quot;shutter_speed&quot;:&quot;0.2&quot;,&quot;title&quot;:&quot;&quot;,&quot;orientation&quot;:&quot;0&quot;}\" data-image-title=\"Dj-Omar-Andino-\" data-image-description=\"\" data-image-caption=\"\" data-large-file=\"https:\/\/i0.wp.com\/casadecampoliving.com\/wp-content\/uploads\/2024\/03\/Dj-Omar-Andino--scaled.jpg?fit=683%2C1024&amp;ssl=1\" src=\"https:\/\/i0.wp.com\/casadecampoliving.com\/wp-content\/uploads\/2024\/03\/Dj-Omar-Andino-.jpg?resize=683%2C1024&#038;ssl=1\" alt=\"\" class=\"wp-image-529305\" style=\"width:400px;height:auto\" srcset=\"https:\/\/i0.wp.com\/casadecampoliving.com\/wp-content\/uploads\/2024\/03\/Dj-Omar-Andino--scaled.jpg?resize=683%2C1024&amp;ssl=1 683w, https:\/\/i0.wp.com\/casadecampoliving.com\/wp-content\/uploads\/2024\/03\/Dj-Omar-Andino--scaled.jpg?resize=200%2C300&amp;ssl=1 200w, https:\/\/i0.wp.com\/casadecampoliving.com\/wp-content\/uploads\/2024\/03\/Dj-Omar-Andino--scaled.jpg?resize=768%2C1152&amp;ssl=1 768w, https:\/\/i0.wp.com\/casadecampoliving.com\/wp-content\/uploads\/2024\/03\/Dj-Omar-Andino--scaled.jpg?resize=1024%2C1536&amp;ssl=1 1024w, https:\/\/i0.wp.com\/casadecampoliving.com\/wp-content\/uploads\/2024\/03\/Dj-Omar-Andino--scaled.jpg?resize=1365%2C2048&amp;ssl=1 1365w, https:\/\/i0.wp.com\/casadecampoliving.com\/wp-content\/uploads\/2024\/03\/Dj-Omar-Andino--scaled.jpg?resize=1200%2C1800&amp;ssl=1 1200w, https:\/\/i0.wp.com\/casadecampoliving.com\/wp-content\/uploads\/2024\/03\/Dj-Omar-Andino--scaled.jpg?resize=1568%2C2352&amp;ssl=1 1568w, https:\/\/i0.wp.com\/casadecampoliving.com\/wp-content\/uploads\/2024\/03\/Dj-Omar-Andino--scaled.jpg?resize=2000%2C3000&amp;ssl=1 2000w, https:\/\/i0.wp.com\/casadecampoliving.com\/wp-content\/uploads\/2024\/03\/Dj-Omar-Andino--scaled.jpg?resize=400%2C600&amp;ssl=1 400w, https:\/\/i0.wp.com\/casadecampoliving.com\/wp-content\/uploads\/2024\/03\/Dj-Omar-Andino--scaled.jpg?resize=1320%2C1980&amp;ssl=1 1320w, https:\/\/i0.wp.com\/casadecampoliving.com\/wp-content\/uploads\/2024\/03\/Dj-Omar-Andino--scaled.jpg?resize=150%2C225&amp;ssl=1 150w, https:\/\/i0.wp.com\/casadecampoliving.com\/wp-content\/uploads\/2024\/03\/Dj-Omar-Andino--scaled.jpg?w=1707&amp;ssl=1 1707w, https:\/\/i0.wp.com\/casadecampoliving.com\/wp-content\/uploads\/2024\/03\/Dj-Omar-Andino--683x1024.jpg?w=370&amp;ssl=1 370w\" sizes=\"auto, (max-width: 683px) 100vw, 683px\" \/><figcaption class=\"wp-element-caption\">DJ Omar Andino.<\/figcaption><\/figure>\n<\/div>\n\n\n<p>Desde el atardecer, los asistentes fueron envueltos por la atm\u00f3sfera vibrante del Caribe, mezclada con la vitalidad que ofrecieron los DJs Omar Andino y Luvo con su amplio repertorio musical. La fiesta se prolong\u00f3 hasta la media noche, culminando con un espect\u00e1culo de fuegos artificiales que iluminaron el cielo y a\u00f1adieron un toque m\u00e1gico al evento.&nbsp;<\/p>\n\n\n\n<p>Adem\u00e1s de la m\u00fasica electrificante y el baile al aire libre, los asistentes pudieron deleitarse con una variedad de exquisitas delicias dominicanas, expertamente preparadas por el equipo culinario de Casa de Campo. Tambi\u00e9n por degustaciones especiales a cargo de exclusivos patrocinadores como el tequila Clase Azul y la Champagne Perrier Jouet, que proporcionaron el maridaje perfecto para la ocasi\u00f3n.<\/p>\n\n\n\n<p><strong>Asociaci\u00f3n estrat\u00e9gica<\/strong><\/p>\n\n\n\n<p>Ambientada en la belleza pr\u00edstina de Casa de Campo, conocida por sus lujosas comodidades y vistas impresionantes, la asociaci\u00f3n de Orson Salazar y Paz Vega con Casa de Campo Resort and Villas brinda una experiencia sin igual para los asistentes que buscan disfrutar de la buena m\u00fasica y la cultura dominicana.<\/p>\n\n\n<div class=\"wp-block-image\">\n<figure class=\"alignright size-large is-resized\"><img data-recalc-dims=\"1\" loading=\"lazy\" decoding=\"async\" width=\"683\" height=\"1024\" data-attachment-id=\"529307\" data-permalink=\"https:\/\/casadecampoliving.com\/es\/vibrante-atardecer-electronico-en-casa-de-campo-con-la-fiesta-caribena-quimbara\/orson-salazar-y-paz-vega\/\" data-orig-file=\"https:\/\/i0.wp.com\/casadecampoliving.com\/wp-content\/uploads\/2024\/03\/Orson-Salazar-y-Paz-Vega-scaled.jpg?fit=1707%2C2560&amp;ssl=1\" data-orig-size=\"1707,2560\" data-comments-opened=\"0\" data-image-meta=\"{&quot;aperture&quot;:&quot;4&quot;,&quot;credit&quot;:&quot;&quot;,&quot;camera&quot;:&quot;ILCE-7M4&quot;,&quot;caption&quot;:&quot;&quot;,&quot;created_timestamp&quot;:&quot;1711236438&quot;,&quot;copyright&quot;:&quot;\\u00a9 Daniel Garc\\u00eda&quot;,&quot;focal_length&quot;:&quot;37&quot;,&quot;iso&quot;:&quot;200&quot;,&quot;shutter_speed&quot;:&quot;0.005&quot;,&quot;title&quot;:&quot;&quot;,&quot;orientation&quot;:&quot;0&quot;}\" data-image-title=\"Orson-Salazar-y-Paz-Vega\" data-image-description=\"\" data-image-caption=\"\" data-large-file=\"https:\/\/i0.wp.com\/casadecampoliving.com\/wp-content\/uploads\/2024\/03\/Orson-Salazar-y-Paz-Vega-scaled.jpg?fit=683%2C1024&amp;ssl=1\" src=\"https:\/\/i0.wp.com\/casadecampoliving.com\/wp-content\/uploads\/2024\/03\/Orson-Salazar-y-Paz-Vega.jpg?resize=683%2C1024&#038;ssl=1\" alt=\"\" class=\"wp-image-529307\" style=\"width:400px;height:auto\" srcset=\"https:\/\/i0.wp.com\/casadecampoliving.com\/wp-content\/uploads\/2024\/03\/Orson-Salazar-y-Paz-Vega-scaled.jpg?resize=683%2C1024&amp;ssl=1 683w, https:\/\/i0.wp.com\/casadecampoliving.com\/wp-content\/uploads\/2024\/03\/Orson-Salazar-y-Paz-Vega-scaled.jpg?resize=200%2C300&amp;ssl=1 200w, https:\/\/i0.wp.com\/casadecampoliving.com\/wp-content\/uploads\/2024\/03\/Orson-Salazar-y-Paz-Vega-scaled.jpg?resize=768%2C1152&amp;ssl=1 768w, https:\/\/i0.wp.com\/casadecampoliving.com\/wp-content\/uploads\/2024\/03\/Orson-Salazar-y-Paz-Vega-scaled.jpg?resize=1024%2C1536&amp;ssl=1 1024w, https:\/\/i0.wp.com\/casadecampoliving.com\/wp-content\/uploads\/2024\/03\/Orson-Salazar-y-Paz-Vega-scaled.jpg?resize=1365%2C2048&amp;ssl=1 1365w, https:\/\/i0.wp.com\/casadecampoliving.com\/wp-content\/uploads\/2024\/03\/Orson-Salazar-y-Paz-Vega-scaled.jpg?resize=1200%2C1800&amp;ssl=1 1200w, https:\/\/i0.wp.com\/casadecampoliving.com\/wp-content\/uploads\/2024\/03\/Orson-Salazar-y-Paz-Vega-scaled.jpg?resize=1568%2C2352&amp;ssl=1 1568w, https:\/\/i0.wp.com\/casadecampoliving.com\/wp-content\/uploads\/2024\/03\/Orson-Salazar-y-Paz-Vega-scaled.jpg?resize=2000%2C3000&amp;ssl=1 2000w, https:\/\/i0.wp.com\/casadecampoliving.com\/wp-content\/uploads\/2024\/03\/Orson-Salazar-y-Paz-Vega-scaled.jpg?resize=400%2C600&amp;ssl=1 400w, https:\/\/i0.wp.com\/casadecampoliving.com\/wp-content\/uploads\/2024\/03\/Orson-Salazar-y-Paz-Vega-scaled.jpg?resize=1320%2C1980&amp;ssl=1 1320w, https:\/\/i0.wp.com\/casadecampoliving.com\/wp-content\/uploads\/2024\/03\/Orson-Salazar-y-Paz-Vega-scaled.jpg?resize=150%2C225&amp;ssl=1 150w, https:\/\/i0.wp.com\/casadecampoliving.com\/wp-content\/uploads\/2024\/03\/Orson-Salazar-y-Paz-Vega-scaled.jpg?w=1707&amp;ssl=1 1707w, https:\/\/i0.wp.com\/casadecampoliving.com\/wp-content\/uploads\/2024\/03\/Orson-Salazar-y-Paz-Vega-683x1024.jpg?w=370&amp;ssl=1 370w\" sizes=\"auto, (max-width: 683px) 100vw, 683px\" \/><figcaption class=\"wp-element-caption\">Los productores de la fiesta Quimbara Orson Salazar y Paz Vega.<\/figcaption><\/figure>\n<\/div>\n\n\n<p>\u00abEstamos encantados de asociarnos con Casa de Campo Resort and Villas para llevar la experiencia de la fiesta Quimbara a este impresionante lugar\u00bb, dijo el productor Orson Salazar. \u00abNuestro objetivo es crear momentos inolvidables que celebren la vitalidad y calidez de la cultura dominicana y Casa de Campo proporciona el escenario perfecto para que nuestra visi\u00f3n cobre vida\u00bb, asegur\u00f3.<\/p>\n\n\n\n<p>Por su parte, el vicepresidente senior de Ventas y Mercadeo de Casa de Campo, Jason Kycek, expres\u00f3 que: \u00abNuestra colaboraci\u00f3n con la fiesta Quimbara representa una fusi\u00f3n de dos marcas ic\u00f3nicas dedicadas a ofrecer experiencias excepcionales. En Casa de Campo nos esforzamos por ofrecer a nuestros hu\u00e9spedes momentos de pura alegr\u00eda y relajaci\u00f3n, y la fiesta Quimbara encarna perfectamente el esp\u00edritu de celebraci\u00f3n y comunidad que define el Caribe\u00bb. \u201cSeguiremos trabajando con el equipo de Quimbara para llevar a cabo eventos de calidad constantes y que trasciendan\u201d, indic\u00f3.<\/p>\n\n\n\n<p>QUIMBARA se est\u00e1 consolidando como el evento imprescindible para aquellos que buscan una experiencia \u00fanica, llena de buena vibra y momentos inolvidables. Se recuerda que en diciembre pasado se llev\u00f3 a cabo la primera edici\u00f3n de esta fiesta, la cual es comparable a los grandes festivales de m\u00fasica en Ibiza.<\/p>\n\n\n\n<p><strong>Fotograf\u00edas de Mairobi Herrera y los productores del evento.<\/strong><\/p>\n\n\n\n<figure class=\"wp-block-gallery has-nested-images columns-default is-cropped wp-block-gallery-1 is-layout-flex wp-block-gallery-is-layout-flex\">\n<figure class=\"wp-block-image size-large\"><img data-recalc-dims=\"1\" loading=\"lazy\" decoding=\"async\" width=\"1024\" height=\"683\" data-attachment-id=\"529311\" data-permalink=\"https:\/\/casadecampoliving.com\/es\/vibrante-atardecer-electronico-en-casa-de-campo-con-la-fiesta-caribena-quimbara\/vanessa-mcclay-estefani-santini-francesca-profis\/\" data-orig-file=\"https:\/\/i0.wp.com\/casadecampoliving.com\/wp-content\/uploads\/2024\/03\/Vanessa-McClay-Estefani-Santini-Francesca-Profis-scaled.jpg?fit=2560%2C1706&amp;ssl=1\" data-orig-size=\"2560,1706\" data-comments-opened=\"0\" data-image-meta=\"{&quot;aperture&quot;:&quot;8&quot;,&quot;credit&quot;:&quot;MairobiHerrera&quot;,&quot;camera&quot;:&quot;Canon EOS R6m2&quot;,&quot;caption&quot;:&quot;&quot;,&quot;created_timestamp&quot;:&quot;1711231599&quot;,&quot;copyright&quot;:&quot;&quot;,&quot;focal_length&quot;:&quot;35&quot;,&quot;iso&quot;:&quot;320&quot;,&quot;shutter_speed&quot;:&quot;0.004&quot;,&quot;title&quot;:&quot;&quot;,&quot;orientation&quot;:&quot;0&quot;}\" data-image-title=\"Vanessa-McClay-Estefani-Santini-Francesca-Profis\" data-image-description=\"\" data-image-caption=\"\" data-large-file=\"https:\/\/i0.wp.com\/casadecampoliving.com\/wp-content\/uploads\/2024\/03\/Vanessa-McClay-Estefani-Santini-Francesca-Profis-scaled.jpg?fit=1024%2C683&amp;ssl=1\" data-id=\"529311\" src=\"https:\/\/i0.wp.com\/casadecampoliving.com\/wp-content\/uploads\/2024\/03\/Vanessa-McClay-Estefani-Santini-Francesca-Profis.jpg?resize=1024%2C683&#038;ssl=1\" alt=\"\" class=\"wp-image-529311\" srcset=\"https:\/\/i0.wp.com\/casadecampoliving.com\/wp-content\/uploads\/2024\/03\/Vanessa-McClay-Estefani-Santini-Francesca-Profis-scaled.jpg?resize=1024%2C683&amp;ssl=1 1024w, https:\/\/i0.wp.com\/casadecampoliving.com\/wp-content\/uploads\/2024\/03\/Vanessa-McClay-Estefani-Santini-Francesca-Profis-scaled.jpg?resize=300%2C200&amp;ssl=1 300w, https:\/\/i0.wp.com\/casadecampoliving.com\/wp-content\/uploads\/2024\/03\/Vanessa-McClay-Estefani-Santini-Francesca-Profis-scaled.jpg?resize=768%2C512&amp;ssl=1 768w, https:\/\/i0.wp.com\/casadecampoliving.com\/wp-content\/uploads\/2024\/03\/Vanessa-McClay-Estefani-Santini-Francesca-Profis-scaled.jpg?resize=1536%2C1024&amp;ssl=1 1536w, https:\/\/i0.wp.com\/casadecampoliving.com\/wp-content\/uploads\/2024\/03\/Vanessa-McClay-Estefani-Santini-Francesca-Profis-scaled.jpg?resize=2048%2C1365&amp;ssl=1 2048w, https:\/\/i0.wp.com\/casadecampoliving.com\/wp-content\/uploads\/2024\/03\/Vanessa-McClay-Estefani-Santini-Francesca-Profis-scaled.jpg?resize=1200%2C800&amp;ssl=1 1200w, https:\/\/i0.wp.com\/casadecampoliving.com\/wp-content\/uploads\/2024\/03\/Vanessa-McClay-Estefani-Santini-Francesca-Profis-scaled.jpg?resize=1568%2C1045&amp;ssl=1 1568w, https:\/\/i0.wp.com\/casadecampoliving.com\/wp-content\/uploads\/2024\/03\/Vanessa-McClay-Estefani-Santini-Francesca-Profis-scaled.jpg?resize=2000%2C1333&amp;ssl=1 2000w, https:\/\/i0.wp.com\/casadecampoliving.com\/wp-content\/uploads\/2024\/03\/Vanessa-McClay-Estefani-Santini-Francesca-Profis-scaled.jpg?resize=400%2C267&amp;ssl=1 400w, https:\/\/i0.wp.com\/casadecampoliving.com\/wp-content\/uploads\/2024\/03\/Vanessa-McClay-Estefani-Santini-Francesca-Profis-scaled.jpg?resize=1320%2C880&amp;ssl=1 1320w, https:\/\/i0.wp.com\/casadecampoliving.com\/wp-content\/uploads\/2024\/03\/Vanessa-McClay-Estefani-Santini-Francesca-Profis-scaled.jpg?resize=150%2C100&amp;ssl=1 150w, https:\/\/i0.wp.com\/casadecampoliving.com\/wp-content\/uploads\/2024\/03\/Vanessa-McClay-Estefani-Santini-Francesca-Profis-1024x683.jpg?w=370&amp;ssl=1 370w\" sizes=\"auto, (max-width: 1000px) 100vw, 1000px\" \/><\/figure>\n\n\n\n<figure class=\"wp-block-image size-large\"><img data-recalc-dims=\"1\" loading=\"lazy\" decoding=\"async\" width=\"683\" height=\"1024\" data-attachment-id=\"529330\" data-permalink=\"https:\/\/casadecampoliving.com\/es\/vibrante-atardecer-electronico-en-casa-de-campo-con-la-fiesta-caribena-quimbara\/rosa-maria-eugeniomarta-bravo-raquel-ginebra-y-amber-zahorchak\/\" data-orig-file=\"https:\/\/i0.wp.com\/casadecampoliving.com\/wp-content\/uploads\/2024\/03\/Rosa-Maria-EugenioMarta-Bravo-Raquel-Ginebra-y-Amber-Zahorchak-scaled.jpg?fit=1706%2C2560&amp;ssl=1\" data-orig-size=\"1706,2560\" data-comments-opened=\"0\" data-image-meta=\"{&quot;aperture&quot;:&quot;5.6&quot;,&quot;credit&quot;:&quot;MairobiHerrera&quot;,&quot;camera&quot;:&quot;Canon EOS R6m2&quot;,&quot;caption&quot;:&quot;&quot;,&quot;created_timestamp&quot;:&quot;1711231969&quot;,&quot;copyright&quot;:&quot;&quot;,&quot;focal_length&quot;:&quot;24&quot;,&quot;iso&quot;:&quot;320&quot;,&quot;shutter_speed&quot;:&quot;0.004&quot;,&quot;title&quot;:&quot;&quot;,&quot;orientation&quot;:&quot;0&quot;}\" data-image-title=\"Rosa-Maria-EugenioMarta-Bravo-Raquel-Ginebra-y-Amber-Zahorchak\" data-image-description=\"\" data-image-caption=\"\" data-large-file=\"https:\/\/i0.wp.com\/casadecampoliving.com\/wp-content\/uploads\/2024\/03\/Rosa-Maria-EugenioMarta-Bravo-Raquel-Ginebra-y-Amber-Zahorchak-scaled.jpg?fit=683%2C1024&amp;ssl=1\" data-id=\"529330\" src=\"https:\/\/i0.wp.com\/casadecampoliving.com\/wp-content\/uploads\/2024\/03\/Rosa-Maria-EugenioMarta-Bravo-Raquel-Ginebra-y-Amber-Zahorchak.jpg?resize=683%2C1024&#038;ssl=1\" alt=\"\" class=\"wp-image-529330\" srcset=\"https:\/\/i0.wp.com\/casadecampoliving.com\/wp-content\/uploads\/2024\/03\/Rosa-Maria-EugenioMarta-Bravo-Raquel-Ginebra-y-Amber-Zahorchak-scaled.jpg?resize=683%2C1024&amp;ssl=1 683w, https:\/\/i0.wp.com\/casadecampoliving.com\/wp-content\/uploads\/2024\/03\/Rosa-Maria-EugenioMarta-Bravo-Raquel-Ginebra-y-Amber-Zahorchak-scaled.jpg?resize=200%2C300&amp;ssl=1 200w, https:\/\/i0.wp.com\/casadecampoliving.com\/wp-content\/uploads\/2024\/03\/Rosa-Maria-EugenioMarta-Bravo-Raquel-Ginebra-y-Amber-Zahorchak-scaled.jpg?resize=768%2C1152&amp;ssl=1 768w, https:\/\/i0.wp.com\/casadecampoliving.com\/wp-content\/uploads\/2024\/03\/Rosa-Maria-EugenioMarta-Bravo-Raquel-Ginebra-y-Amber-Zahorchak-scaled.jpg?resize=1024%2C1536&amp;ssl=1 1024w, https:\/\/i0.wp.com\/casadecampoliving.com\/wp-content\/uploads\/2024\/03\/Rosa-Maria-EugenioMarta-Bravo-Raquel-Ginebra-y-Amber-Zahorchak-scaled.jpg?resize=1365%2C2048&amp;ssl=1 1365w, https:\/\/i0.wp.com\/casadecampoliving.com\/wp-content\/uploads\/2024\/03\/Rosa-Maria-EugenioMarta-Bravo-Raquel-Ginebra-y-Amber-Zahorchak-scaled.jpg?resize=1200%2C1800&amp;ssl=1 1200w, https:\/\/i0.wp.com\/casadecampoliving.com\/wp-content\/uploads\/2024\/03\/Rosa-Maria-EugenioMarta-Bravo-Raquel-Ginebra-y-Amber-Zahorchak-scaled.jpg?resize=1568%2C2352&amp;ssl=1 1568w, https:\/\/i0.wp.com\/casadecampoliving.com\/wp-content\/uploads\/2024\/03\/Rosa-Maria-EugenioMarta-Bravo-Raquel-Ginebra-y-Amber-Zahorchak-scaled.jpg?resize=2000%2C3000&amp;ssl=1 2000w, https:\/\/i0.wp.com\/casadecampoliving.com\/wp-content\/uploads\/2024\/03\/Rosa-Maria-EugenioMarta-Bravo-Raquel-Ginebra-y-Amber-Zahorchak-scaled.jpg?resize=400%2C600&amp;ssl=1 400w, https:\/\/i0.wp.com\/casadecampoliving.com\/wp-content\/uploads\/2024\/03\/Rosa-Maria-EugenioMarta-Bravo-Raquel-Ginebra-y-Amber-Zahorchak-scaled.jpg?resize=1320%2C1980&amp;ssl=1 1320w, https:\/\/i0.wp.com\/casadecampoliving.com\/wp-content\/uploads\/2024\/03\/Rosa-Maria-EugenioMarta-Bravo-Raquel-Ginebra-y-Amber-Zahorchak-scaled.jpg?resize=150%2C225&amp;ssl=1 150w, https:\/\/i0.wp.com\/casadecampoliving.com\/wp-content\/uploads\/2024\/03\/Rosa-Maria-EugenioMarta-Bravo-Raquel-Ginebra-y-Amber-Zahorchak-scaled.jpg?w=1706&amp;ssl=1 1706w, https:\/\/i0.wp.com\/casadecampoliving.com\/wp-content\/uploads\/2024\/03\/Rosa-Maria-EugenioMarta-Bravo-Raquel-Ginebra-y-Amber-Zahorchak-683x1024.jpg?w=370&amp;ssl=1 370w\" sizes=\"auto, (max-width: 683px) 100vw, 683px\" \/><\/figure>\n\n\n\n<figure class=\"wp-block-image size-large\"><img data-recalc-dims=\"1\" loading=\"lazy\" decoding=\"async\" width=\"683\" height=\"1024\" data-attachment-id=\"529327\" data-permalink=\"https:\/\/casadecampoliving.com\/es\/vibrante-atardecer-electronico-en-casa-de-campo-con-la-fiesta-caribena-quimbara\/thea-van-der-werf-erwin-reusink-y-anne-van-der-werf\/\" data-orig-file=\"https:\/\/i0.wp.com\/casadecampoliving.com\/wp-content\/uploads\/2024\/03\/Thea-van-der-Werf-Erwin-Reusink-y-Anne-van-der-Werf-scaled.jpg?fit=1706%2C2560&amp;ssl=1\" data-orig-size=\"1706,2560\" data-comments-opened=\"0\" data-image-meta=\"{&quot;aperture&quot;:&quot;6.3&quot;,&quot;credit&quot;:&quot;MairobiHerrera&quot;,&quot;camera&quot;:&quot;Canon EOS R6m2&quot;,&quot;caption&quot;:&quot;&quot;,&quot;created_timestamp&quot;:&quot;1711234741&quot;,&quot;copyright&quot;:&quot;&quot;,&quot;focal_length&quot;:&quot;28&quot;,&quot;iso&quot;:&quot;640&quot;,&quot;shutter_speed&quot;:&quot;0.00625&quot;,&quot;title&quot;:&quot;&quot;,&quot;orientation&quot;:&quot;0&quot;}\" data-image-title=\"Thea-van-der-Werf-Erwin-Reusink-y-Anne-van-der-Werf\" data-image-description=\"\" data-image-caption=\"\" data-large-file=\"https:\/\/i0.wp.com\/casadecampoliving.com\/wp-content\/uploads\/2024\/03\/Thea-van-der-Werf-Erwin-Reusink-y-Anne-van-der-Werf-scaled.jpg?fit=683%2C1024&amp;ssl=1\" data-id=\"529327\" src=\"https:\/\/i0.wp.com\/casadecampoliving.com\/wp-content\/uploads\/2024\/03\/Thea-van-der-Werf-Erwin-Reusink-y-Anne-van-der-Werf.jpg?resize=683%2C1024&#038;ssl=1\" alt=\"\" class=\"wp-image-529327\" srcset=\"https:\/\/i0.wp.com\/casadecampoliving.com\/wp-content\/uploads\/2024\/03\/Thea-van-der-Werf-Erwin-Reusink-y-Anne-van-der-Werf-scaled.jpg?resize=683%2C1024&amp;ssl=1 683w, https:\/\/i0.wp.com\/casadecampoliving.com\/wp-content\/uploads\/2024\/03\/Thea-van-der-Werf-Erwin-Reusink-y-Anne-van-der-Werf-scaled.jpg?resize=200%2C300&amp;ssl=1 200w, https:\/\/i0.wp.com\/casadecampoliving.com\/wp-content\/uploads\/2024\/03\/Thea-van-der-Werf-Erwin-Reusink-y-Anne-van-der-Werf-scaled.jpg?resize=768%2C1152&amp;ssl=1 768w, https:\/\/i0.wp.com\/casadecampoliving.com\/wp-content\/uploads\/2024\/03\/Thea-van-der-Werf-Erwin-Reusink-y-Anne-van-der-Werf-scaled.jpg?resize=1024%2C1536&amp;ssl=1 1024w, https:\/\/i0.wp.com\/casadecampoliving.com\/wp-content\/uploads\/2024\/03\/Thea-van-der-Werf-Erwin-Reusink-y-Anne-van-der-Werf-scaled.jpg?resize=1365%2C2048&amp;ssl=1 1365w, https:\/\/i0.wp.com\/casadecampoliving.com\/wp-content\/uploads\/2024\/03\/Thea-van-der-Werf-Erwin-Reusink-y-Anne-van-der-Werf-scaled.jpg?resize=1200%2C1800&amp;ssl=1 1200w, https:\/\/i0.wp.com\/casadecampoliving.com\/wp-content\/uploads\/2024\/03\/Thea-van-der-Werf-Erwin-Reusink-y-Anne-van-der-Werf-scaled.jpg?resize=1568%2C2352&amp;ssl=1 1568w, https:\/\/i0.wp.com\/casadecampoliving.com\/wp-content\/uploads\/2024\/03\/Thea-van-der-Werf-Erwin-Reusink-y-Anne-van-der-Werf-scaled.jpg?resize=2000%2C3000&amp;ssl=1 2000w, https:\/\/i0.wp.com\/casadecampoliving.com\/wp-content\/uploads\/2024\/03\/Thea-van-der-Werf-Erwin-Reusink-y-Anne-van-der-Werf-scaled.jpg?resize=400%2C600&amp;ssl=1 400w, https:\/\/i0.wp.com\/casadecampoliving.com\/wp-content\/uploads\/2024\/03\/Thea-van-der-Werf-Erwin-Reusink-y-Anne-van-der-Werf-scaled.jpg?resize=1320%2C1980&amp;ssl=1 1320w, https:\/\/i0.wp.com\/casadecampoliving.com\/wp-content\/uploads\/2024\/03\/Thea-van-der-Werf-Erwin-Reusink-y-Anne-van-der-Werf-scaled.jpg?resize=150%2C225&amp;ssl=1 150w, https:\/\/i0.wp.com\/casadecampoliving.com\/wp-content\/uploads\/2024\/03\/Thea-van-der-Werf-Erwin-Reusink-y-Anne-van-der-Werf-scaled.jpg?w=1706&amp;ssl=1 1706w, https:\/\/i0.wp.com\/casadecampoliving.com\/wp-content\/uploads\/2024\/03\/Thea-van-der-Werf-Erwin-Reusink-y-Anne-van-der-Werf-683x1024.jpg?w=370&amp;ssl=1 370w\" sizes=\"auto, (max-width: 683px) 100vw, 683px\" \/><\/figure>\n\n\n\n<figure class=\"wp-block-image size-large\"><img data-recalc-dims=\"1\" loading=\"lazy\" decoding=\"async\" width=\"683\" height=\"1024\" data-attachment-id=\"529332\" data-permalink=\"https:\/\/casadecampoliving.com\/es\/vibrante-atardecer-electronico-en-casa-de-campo-con-la-fiesta-caribena-quimbara\/raquel-y-eduardomartinez-lima\/\" data-orig-file=\"https:\/\/i0.wp.com\/casadecampoliving.com\/wp-content\/uploads\/2024\/03\/Raquel-y-EduardoMartinez-Lima-scaled.jpg?fit=1706%2C2560&amp;ssl=1\" data-orig-size=\"1706,2560\" data-comments-opened=\"0\" data-image-meta=\"{&quot;aperture&quot;:&quot;7.1&quot;,&quot;credit&quot;:&quot;MairobiHerrera&quot;,&quot;camera&quot;:&quot;Canon EOS R6m2&quot;,&quot;caption&quot;:&quot;&quot;,&quot;created_timestamp&quot;:&quot;1711229859&quot;,&quot;copyright&quot;:&quot;&quot;,&quot;focal_length&quot;:&quot;35&quot;,&quot;iso&quot;:&quot;320&quot;,&quot;shutter_speed&quot;:&quot;0.005&quot;,&quot;title&quot;:&quot;&quot;,&quot;orientation&quot;:&quot;0&quot;}\" data-image-title=\"Raquel-y-EduardoMartinez-Lima\" data-image-description=\"\" data-image-caption=\"\" data-large-file=\"https:\/\/i0.wp.com\/casadecampoliving.com\/wp-content\/uploads\/2024\/03\/Raquel-y-EduardoMartinez-Lima-scaled.jpg?fit=683%2C1024&amp;ssl=1\" data-id=\"529332\" src=\"https:\/\/i0.wp.com\/casadecampoliving.com\/wp-content\/uploads\/2024\/03\/Raquel-y-EduardoMartinez-Lima.jpg?resize=683%2C1024&#038;ssl=1\" alt=\"\" class=\"wp-image-529332\" srcset=\"https:\/\/i0.wp.com\/casadecampoliving.com\/wp-content\/uploads\/2024\/03\/Raquel-y-EduardoMartinez-Lima-scaled.jpg?resize=683%2C1024&amp;ssl=1 683w, https:\/\/i0.wp.com\/casadecampoliving.com\/wp-content\/uploads\/2024\/03\/Raquel-y-EduardoMartinez-Lima-scaled.jpg?resize=200%2C300&amp;ssl=1 200w, https:\/\/i0.wp.com\/casadecampoliving.com\/wp-content\/uploads\/2024\/03\/Raquel-y-EduardoMartinez-Lima-scaled.jpg?resize=768%2C1152&amp;ssl=1 768w, https:\/\/i0.wp.com\/casadecampoliving.com\/wp-content\/uploads\/2024\/03\/Raquel-y-EduardoMartinez-Lima-scaled.jpg?resize=1024%2C1536&amp;ssl=1 1024w, https:\/\/i0.wp.com\/casadecampoliving.com\/wp-content\/uploads\/2024\/03\/Raquel-y-EduardoMartinez-Lima-scaled.jpg?resize=1365%2C2048&amp;ssl=1 1365w, https:\/\/i0.wp.com\/casadecampoliving.com\/wp-content\/uploads\/2024\/03\/Raquel-y-EduardoMartinez-Lima-scaled.jpg?resize=1200%2C1800&amp;ssl=1 1200w, https:\/\/i0.wp.com\/casadecampoliving.com\/wp-content\/uploads\/2024\/03\/Raquel-y-EduardoMartinez-Lima-scaled.jpg?resize=1568%2C2352&amp;ssl=1 1568w, https:\/\/i0.wp.com\/casadecampoliving.com\/wp-content\/uploads\/2024\/03\/Raquel-y-EduardoMartinez-Lima-scaled.jpg?resize=2000%2C3000&amp;ssl=1 2000w, https:\/\/i0.wp.com\/casadecampoliving.com\/wp-content\/uploads\/2024\/03\/Raquel-y-EduardoMartinez-Lima-scaled.jpg?resize=400%2C600&amp;ssl=1 400w, https:\/\/i0.wp.com\/casadecampoliving.com\/wp-content\/uploads\/2024\/03\/Raquel-y-EduardoMartinez-Lima-scaled.jpg?resize=1320%2C1980&amp;ssl=1 1320w, https:\/\/i0.wp.com\/casadecampoliving.com\/wp-content\/uploads\/2024\/03\/Raquel-y-EduardoMartinez-Lima-scaled.jpg?resize=150%2C225&amp;ssl=1 150w, https:\/\/i0.wp.com\/casadecampoliving.com\/wp-content\/uploads\/2024\/03\/Raquel-y-EduardoMartinez-Lima-scaled.jpg?w=1706&amp;ssl=1 1706w, https:\/\/i0.wp.com\/casadecampoliving.com\/wp-content\/uploads\/2024\/03\/Raquel-y-EduardoMartinez-Lima-683x1024.jpg?w=370&amp;ssl=1 370w\" sizes=\"auto, (max-width: 683px) 100vw, 683px\" \/><\/figure>\n\n\n\n<figure class=\"wp-block-image size-large\"><img data-recalc-dims=\"1\" loading=\"lazy\" decoding=\"async\" width=\"1024\" height=\"683\" data-attachment-id=\"529315\" data-permalink=\"https:\/\/casadecampoliving.com\/es\/vibrante-atardecer-electronico-en-casa-de-campo-con-la-fiesta-caribena-quimbara\/omarandinoymarcialgarcia\/\" data-orig-file=\"https:\/\/i0.wp.com\/casadecampoliving.com\/wp-content\/uploads\/2024\/03\/OmarAndinoyMarcialGarcia-scaled.jpg?fit=2560%2C1706&amp;ssl=1\" data-orig-size=\"2560,1706\" data-comments-opened=\"0\" data-image-meta=\"{&quot;aperture&quot;:&quot;5&quot;,&quot;credit&quot;:&quot;MairobiHerrera&quot;,&quot;camera&quot;:&quot;Canon EOS R6m2&quot;,&quot;caption&quot;:&quot;&quot;,&quot;created_timestamp&quot;:&quot;1711233308&quot;,&quot;copyright&quot;:&quot;&quot;,&quot;focal_length&quot;:&quot;47&quot;,&quot;iso&quot;:&quot;320&quot;,&quot;shutter_speed&quot;:&quot;0.00625&quot;,&quot;title&quot;:&quot;&quot;,&quot;orientation&quot;:&quot;0&quot;}\" data-image-title=\"OmarAndinoyMarcialGarcia\" data-image-description=\"\" data-image-caption=\"\" data-large-file=\"https:\/\/i0.wp.com\/casadecampoliving.com\/wp-content\/uploads\/2024\/03\/OmarAndinoyMarcialGarcia-scaled.jpg?fit=1024%2C683&amp;ssl=1\" data-id=\"529315\" src=\"https:\/\/i0.wp.com\/casadecampoliving.com\/wp-content\/uploads\/2024\/03\/OmarAndinoyMarcialGarcia.jpg?resize=1024%2C683&#038;ssl=1\" alt=\"\" class=\"wp-image-529315\" srcset=\"https:\/\/i0.wp.com\/casadecampoliving.com\/wp-content\/uploads\/2024\/03\/OmarAndinoyMarcialGarcia-scaled.jpg?resize=1024%2C683&amp;ssl=1 1024w, https:\/\/i0.wp.com\/casadecampoliving.com\/wp-content\/uploads\/2024\/03\/OmarAndinoyMarcialGarcia-scaled.jpg?resize=300%2C200&amp;ssl=1 300w, https:\/\/i0.wp.com\/casadecampoliving.com\/wp-content\/uploads\/2024\/03\/OmarAndinoyMarcialGarcia-scaled.jpg?resize=768%2C512&amp;ssl=1 768w, https:\/\/i0.wp.com\/casadecampoliving.com\/wp-content\/uploads\/2024\/03\/OmarAndinoyMarcialGarcia-scaled.jpg?resize=1536%2C1024&amp;ssl=1 1536w, https:\/\/i0.wp.com\/casadecampoliving.com\/wp-content\/uploads\/2024\/03\/OmarAndinoyMarcialGarcia-scaled.jpg?resize=2048%2C1365&amp;ssl=1 2048w, https:\/\/i0.wp.com\/casadecampoliving.com\/wp-content\/uploads\/2024\/03\/OmarAndinoyMarcialGarcia-scaled.jpg?resize=1200%2C800&amp;ssl=1 1200w, https:\/\/i0.wp.com\/casadecampoliving.com\/wp-content\/uploads\/2024\/03\/OmarAndinoyMarcialGarcia-scaled.jpg?resize=1568%2C1045&amp;ssl=1 1568w, https:\/\/i0.wp.com\/casadecampoliving.com\/wp-content\/uploads\/2024\/03\/OmarAndinoyMarcialGarcia-scaled.jpg?resize=2000%2C1333&amp;ssl=1 2000w, https:\/\/i0.wp.com\/casadecampoliving.com\/wp-content\/uploads\/2024\/03\/OmarAndinoyMarcialGarcia-scaled.jpg?resize=400%2C267&amp;ssl=1 400w, https:\/\/i0.wp.com\/casadecampoliving.com\/wp-content\/uploads\/2024\/03\/OmarAndinoyMarcialGarcia-scaled.jpg?resize=1320%2C880&amp;ssl=1 1320w, https:\/\/i0.wp.com\/casadecampoliving.com\/wp-content\/uploads\/2024\/03\/OmarAndinoyMarcialGarcia-scaled.jpg?resize=150%2C100&amp;ssl=1 150w, https:\/\/i0.wp.com\/casadecampoliving.com\/wp-content\/uploads\/2024\/03\/OmarAndinoyMarcialGarcia-1024x683.jpg?w=370&amp;ssl=1 370w\" sizes=\"auto, (max-width: 1000px) 100vw, 1000px\" \/><\/figure>\n\n\n\n<figure class=\"wp-block-image size-large\"><img data-recalc-dims=\"1\" loading=\"lazy\" decoding=\"async\" width=\"683\" height=\"1024\" data-attachment-id=\"529319\" data-permalink=\"https:\/\/casadecampoliving.com\/es\/vibrante-atardecer-electronico-en-casa-de-campo-con-la-fiesta-caribena-quimbara\/miriam-figueroa-y-eduardo-arias\/\" data-orig-file=\"https:\/\/i0.wp.com\/casadecampoliving.com\/wp-content\/uploads\/2024\/03\/Miriam-Figueroa-y-Eduardo-Arias--scaled.jpg?fit=1706%2C2560&amp;ssl=1\" data-orig-size=\"1706,2560\" data-comments-opened=\"0\" data-image-meta=\"{&quot;aperture&quot;:&quot;11&quot;,&quot;credit&quot;:&quot;MairobiHerrera&quot;,&quot;camera&quot;:&quot;Canon EOS R6m2&quot;,&quot;caption&quot;:&quot;&quot;,&quot;created_timestamp&quot;:&quot;1711230996&quot;,&quot;copyright&quot;:&quot;&quot;,&quot;focal_length&quot;:&quot;50&quot;,&quot;iso&quot;:&quot;320&quot;,&quot;shutter_speed&quot;:&quot;0.004&quot;,&quot;title&quot;:&quot;&quot;,&quot;orientation&quot;:&quot;0&quot;}\" data-image-title=\"Miriam-Figueroa-y-Eduardo-Arias-\" data-image-description=\"\" data-image-caption=\"\" data-large-file=\"https:\/\/i0.wp.com\/casadecampoliving.com\/wp-content\/uploads\/2024\/03\/Miriam-Figueroa-y-Eduardo-Arias--scaled.jpg?fit=683%2C1024&amp;ssl=1\" data-id=\"529319\" src=\"https:\/\/i0.wp.com\/casadecampoliving.com\/wp-content\/uploads\/2024\/03\/Miriam-Figueroa-y-Eduardo-Arias-.jpg?resize=683%2C1024&#038;ssl=1\" alt=\"\" class=\"wp-image-529319\" srcset=\"https:\/\/i0.wp.com\/casadecampoliving.com\/wp-content\/uploads\/2024\/03\/Miriam-Figueroa-y-Eduardo-Arias--scaled.jpg?resize=683%2C1024&amp;ssl=1 683w, https:\/\/i0.wp.com\/casadecampoliving.com\/wp-content\/uploads\/2024\/03\/Miriam-Figueroa-y-Eduardo-Arias--scaled.jpg?resize=200%2C300&amp;ssl=1 200w, https:\/\/i0.wp.com\/casadecampoliving.com\/wp-content\/uploads\/2024\/03\/Miriam-Figueroa-y-Eduardo-Arias--scaled.jpg?resize=768%2C1152&amp;ssl=1 768w, https:\/\/i0.wp.com\/casadecampoliving.com\/wp-content\/uploads\/2024\/03\/Miriam-Figueroa-y-Eduardo-Arias--scaled.jpg?resize=1024%2C1536&amp;ssl=1 1024w, https:\/\/i0.wp.com\/casadecampoliving.com\/wp-content\/uploads\/2024\/03\/Miriam-Figueroa-y-Eduardo-Arias--scaled.jpg?resize=1365%2C2048&amp;ssl=1 1365w, https:\/\/i0.wp.com\/casadecampoliving.com\/wp-content\/uploads\/2024\/03\/Miriam-Figueroa-y-Eduardo-Arias--scaled.jpg?resize=1200%2C1800&amp;ssl=1 1200w, https:\/\/i0.wp.com\/casadecampoliving.com\/wp-content\/uploads\/2024\/03\/Miriam-Figueroa-y-Eduardo-Arias--scaled.jpg?resize=1568%2C2352&amp;ssl=1 1568w, https:\/\/i0.wp.com\/casadecampoliving.com\/wp-content\/uploads\/2024\/03\/Miriam-Figueroa-y-Eduardo-Arias--scaled.jpg?resize=2000%2C3000&amp;ssl=1 2000w, https:\/\/i0.wp.com\/casadecampoliving.com\/wp-content\/uploads\/2024\/03\/Miriam-Figueroa-y-Eduardo-Arias--scaled.jpg?resize=400%2C600&amp;ssl=1 400w, https:\/\/i0.wp.com\/casadecampoliving.com\/wp-content\/uploads\/2024\/03\/Miriam-Figueroa-y-Eduardo-Arias--scaled.jpg?resize=1320%2C1980&amp;ssl=1 1320w, https:\/\/i0.wp.com\/casadecampoliving.com\/wp-content\/uploads\/2024\/03\/Miriam-Figueroa-y-Eduardo-Arias--scaled.jpg?resize=150%2C225&amp;ssl=1 150w, https:\/\/i0.wp.com\/casadecampoliving.com\/wp-content\/uploads\/2024\/03\/Miriam-Figueroa-y-Eduardo-Arias--scaled.jpg?w=1706&amp;ssl=1 1706w, https:\/\/i0.wp.com\/casadecampoliving.com\/wp-content\/uploads\/2024\/03\/Miriam-Figueroa-y-Eduardo-Arias--683x1024.jpg?w=370&amp;ssl=1 370w\" sizes=\"auto, (max-width: 683px) 100vw, 683px\" \/><\/figure>\n\n\n\n<figure class=\"wp-block-image size-large\"><img data-recalc-dims=\"1\" loading=\"lazy\" decoding=\"async\" width=\"1024\" height=\"683\" data-attachment-id=\"529313\" data-permalink=\"https:\/\/casadecampoliving.com\/es\/vibrante-atardecer-electronico-en-casa-de-campo-con-la-fiesta-caribena-quimbara\/juanbuitronelsamaldonadonicolebainovymateovarela\/\" data-orig-file=\"https:\/\/i0.wp.com\/casadecampoliving.com\/wp-content\/uploads\/2024\/03\/JuanBuitronElsaMaldonadoNicoleBainovyMateoVarela-scaled.jpg?fit=2560%2C1706&amp;ssl=1\" data-orig-size=\"2560,1706\" data-comments-opened=\"0\" data-image-meta=\"{&quot;aperture&quot;:&quot;11&quot;,&quot;credit&quot;:&quot;MairobiHerrera&quot;,&quot;camera&quot;:&quot;Canon EOS R6m2&quot;,&quot;caption&quot;:&quot;&quot;,&quot;created_timestamp&quot;:&quot;1711230856&quot;,&quot;copyright&quot;:&quot;&quot;,&quot;focal_length&quot;:&quot;28&quot;,&quot;iso&quot;:&quot;320&quot;,&quot;shutter_speed&quot;:&quot;0.004&quot;,&quot;title&quot;:&quot;&quot;,&quot;orientation&quot;:&quot;0&quot;}\" data-image-title=\"JuanBuitronElsaMaldonadoNicoleBainovyMateoVarela\" data-image-description=\"\" data-image-caption=\"\" data-large-file=\"https:\/\/i0.wp.com\/casadecampoliving.com\/wp-content\/uploads\/2024\/03\/JuanBuitronElsaMaldonadoNicoleBainovyMateoVarela-scaled.jpg?fit=1024%2C683&amp;ssl=1\" data-id=\"529313\" src=\"https:\/\/i0.wp.com\/casadecampoliving.com\/wp-content\/uploads\/2024\/03\/JuanBuitronElsaMaldonadoNicoleBainovyMateoVarela.jpg?resize=1024%2C683&#038;ssl=1\" alt=\"\" class=\"wp-image-529313\" srcset=\"https:\/\/i0.wp.com\/casadecampoliving.com\/wp-content\/uploads\/2024\/03\/JuanBuitronElsaMaldonadoNicoleBainovyMateoVarela-scaled.jpg?resize=1024%2C683&amp;ssl=1 1024w, https:\/\/i0.wp.com\/casadecampoliving.com\/wp-content\/uploads\/2024\/03\/JuanBuitronElsaMaldonadoNicoleBainovyMateoVarela-scaled.jpg?resize=300%2C200&amp;ssl=1 300w, https:\/\/i0.wp.com\/casadecampoliving.com\/wp-content\/uploads\/2024\/03\/JuanBuitronElsaMaldonadoNicoleBainovyMateoVarela-scaled.jpg?resize=768%2C512&amp;ssl=1 768w, https:\/\/i0.wp.com\/casadecampoliving.com\/wp-content\/uploads\/2024\/03\/JuanBuitronElsaMaldonadoNicoleBainovyMateoVarela-scaled.jpg?resize=1536%2C1024&amp;ssl=1 1536w, https:\/\/i0.wp.com\/casadecampoliving.com\/wp-content\/uploads\/2024\/03\/JuanBuitronElsaMaldonadoNicoleBainovyMateoVarela-scaled.jpg?resize=2048%2C1365&amp;ssl=1 2048w, https:\/\/i0.wp.com\/casadecampoliving.com\/wp-content\/uploads\/2024\/03\/JuanBuitronElsaMaldonadoNicoleBainovyMateoVarela-scaled.jpg?resize=1200%2C800&amp;ssl=1 1200w, https:\/\/i0.wp.com\/casadecampoliving.com\/wp-content\/uploads\/2024\/03\/JuanBuitronElsaMaldonadoNicoleBainovyMateoVarela-scaled.jpg?resize=1568%2C1045&amp;ssl=1 1568w, https:\/\/i0.wp.com\/casadecampoliving.com\/wp-content\/uploads\/2024\/03\/JuanBuitronElsaMaldonadoNicoleBainovyMateoVarela-scaled.jpg?resize=2000%2C1333&amp;ssl=1 2000w, https:\/\/i0.wp.com\/casadecampoliving.com\/wp-content\/uploads\/2024\/03\/JuanBuitronElsaMaldonadoNicoleBainovyMateoVarela-scaled.jpg?resize=400%2C267&amp;ssl=1 400w, https:\/\/i0.wp.com\/casadecampoliving.com\/wp-content\/uploads\/2024\/03\/JuanBuitronElsaMaldonadoNicoleBainovyMateoVarela-scaled.jpg?resize=1320%2C880&amp;ssl=1 1320w, https:\/\/i0.wp.com\/casadecampoliving.com\/wp-content\/uploads\/2024\/03\/JuanBuitronElsaMaldonadoNicoleBainovyMateoVarela-scaled.jpg?resize=150%2C100&amp;ssl=1 150w, https:\/\/i0.wp.com\/casadecampoliving.com\/wp-content\/uploads\/2024\/03\/JuanBuitronElsaMaldonadoNicoleBainovyMateoVarela-1024x683.jpg?w=370&amp;ssl=1 370w\" sizes=\"auto, (max-width: 1000px) 100vw, 1000px\" \/><\/figure>\n\n\n\n<figure class=\"wp-block-image size-large\"><img data-recalc-dims=\"1\" loading=\"lazy\" decoding=\"async\" width=\"683\" height=\"1024\" data-attachment-id=\"529321\" data-permalink=\"https:\/\/casadecampoliving.com\/es\/vibrante-atardecer-electronico-en-casa-de-campo-con-la-fiesta-caribena-quimbara\/jorien-y-arturo-quezada\/\" data-orig-file=\"https:\/\/i0.wp.com\/casadecampoliving.com\/wp-content\/uploads\/2024\/03\/Jorien-y-Arturo-Quezada-scaled.jpg?fit=1706%2C2560&amp;ssl=1\" data-orig-size=\"1706,2560\" data-comments-opened=\"0\" data-image-meta=\"{&quot;aperture&quot;:&quot;7.1&quot;,&quot;credit&quot;:&quot;MairobiHerrera&quot;,&quot;camera&quot;:&quot;Canon EOS R6m2&quot;,&quot;caption&quot;:&quot;&quot;,&quot;created_timestamp&quot;:&quot;1711229882&quot;,&quot;copyright&quot;:&quot;&quot;,&quot;focal_length&quot;:&quot;28&quot;,&quot;iso&quot;:&quot;320&quot;,&quot;shutter_speed&quot;:&quot;0.005&quot;,&quot;title&quot;:&quot;&quot;,&quot;orientation&quot;:&quot;0&quot;}\" data-image-title=\"Jorien-y-Arturo-Quezada\" data-image-description=\"\" data-image-caption=\"\" data-large-file=\"https:\/\/i0.wp.com\/casadecampoliving.com\/wp-content\/uploads\/2024\/03\/Jorien-y-Arturo-Quezada-scaled.jpg?fit=683%2C1024&amp;ssl=1\" data-id=\"529321\" src=\"https:\/\/i0.wp.com\/casadecampoliving.com\/wp-content\/uploads\/2024\/03\/Jorien-y-Arturo-Quezada.jpg?resize=683%2C1024&#038;ssl=1\" alt=\"\" class=\"wp-image-529321\" srcset=\"https:\/\/i0.wp.com\/casadecampoliving.com\/wp-content\/uploads\/2024\/03\/Jorien-y-Arturo-Quezada-scaled.jpg?resize=683%2C1024&amp;ssl=1 683w, https:\/\/i0.wp.com\/casadecampoliving.com\/wp-content\/uploads\/2024\/03\/Jorien-y-Arturo-Quezada-scaled.jpg?resize=200%2C300&amp;ssl=1 200w, https:\/\/i0.wp.com\/casadecampoliving.com\/wp-content\/uploads\/2024\/03\/Jorien-y-Arturo-Quezada-scaled.jpg?resize=768%2C1152&amp;ssl=1 768w, https:\/\/i0.wp.com\/casadecampoliving.com\/wp-content\/uploads\/2024\/03\/Jorien-y-Arturo-Quezada-scaled.jpg?resize=1024%2C1536&amp;ssl=1 1024w, https:\/\/i0.wp.com\/casadecampoliving.com\/wp-content\/uploads\/2024\/03\/Jorien-y-Arturo-Quezada-scaled.jpg?resize=1365%2C2048&amp;ssl=1 1365w, https:\/\/i0.wp.com\/casadecampoliving.com\/wp-content\/uploads\/2024\/03\/Jorien-y-Arturo-Quezada-scaled.jpg?resize=1200%2C1800&amp;ssl=1 1200w, https:\/\/i0.wp.com\/casadecampoliving.com\/wp-content\/uploads\/2024\/03\/Jorien-y-Arturo-Quezada-scaled.jpg?resize=1568%2C2352&amp;ssl=1 1568w, https:\/\/i0.wp.com\/casadecampoliving.com\/wp-content\/uploads\/2024\/03\/Jorien-y-Arturo-Quezada-scaled.jpg?resize=2000%2C3000&amp;ssl=1 2000w, https:\/\/i0.wp.com\/casadecampoliving.com\/wp-content\/uploads\/2024\/03\/Jorien-y-Arturo-Quezada-scaled.jpg?resize=400%2C600&amp;ssl=1 400w, https:\/\/i0.wp.com\/casadecampoliving.com\/wp-content\/uploads\/2024\/03\/Jorien-y-Arturo-Quezada-scaled.jpg?resize=1320%2C1980&amp;ssl=1 1320w, https:\/\/i0.wp.com\/casadecampoliving.com\/wp-content\/uploads\/2024\/03\/Jorien-y-Arturo-Quezada-scaled.jpg?resize=150%2C225&amp;ssl=1 150w, https:\/\/i0.wp.com\/casadecampoliving.com\/wp-content\/uploads\/2024\/03\/Jorien-y-Arturo-Quezada-scaled.jpg?w=1706&amp;ssl=1 1706w, https:\/\/i0.wp.com\/casadecampoliving.com\/wp-content\/uploads\/2024\/03\/Jorien-y-Arturo-Quezada-683x1024.jpg?w=370&amp;ssl=1 370w\" sizes=\"auto, (max-width: 683px) 100vw, 683px\" \/><\/figure>\n\n\n\n<figure class=\"wp-block-image size-large\"><img data-recalc-dims=\"1\" loading=\"lazy\" decoding=\"async\" width=\"1024\" height=\"683\" data-attachment-id=\"529322\" data-permalink=\"https:\/\/casadecampoliving.com\/es\/vibrante-atardecer-electronico-en-casa-de-campo-con-la-fiesta-caribena-quimbara\/gladys-alvarez-paula-dominguez-hilda-geraldino-leticia-coudray-ashley-inchaustegui-rita-russo-2\/\" data-orig-file=\"https:\/\/i0.wp.com\/casadecampoliving.com\/wp-content\/uploads\/2024\/03\/Gladys-Alvarez-Paula-Dominguez-Hilda-Geraldino-Leticia-Coudray-Ashley-Inchaustegui-Rita-Russo-2-scaled.jpg?fit=2560%2C1706&amp;ssl=1\" data-orig-size=\"2560,1706\" data-comments-opened=\"0\" data-image-meta=\"{&quot;aperture&quot;:&quot;8&quot;,&quot;credit&quot;:&quot;MairobiHerrera&quot;,&quot;camera&quot;:&quot;Canon EOS R6m2&quot;,&quot;caption&quot;:&quot;&quot;,&quot;created_timestamp&quot;:&quot;1711232469&quot;,&quot;copyright&quot;:&quot;&quot;,&quot;focal_length&quot;:&quot;26&quot;,&quot;iso&quot;:&quot;320&quot;,&quot;shutter_speed&quot;:&quot;0.004&quot;,&quot;title&quot;:&quot;&quot;,&quot;orientation&quot;:&quot;0&quot;}\" data-image-title=\"Gladys-Alvarez-Paula-Dominguez-Hilda-Geraldino-Leticia-Coudray-Ashley-Inchaustegui-Rita-Russo-2\" data-image-description=\"\" data-image-caption=\"\" data-large-file=\"https:\/\/i0.wp.com\/casadecampoliving.com\/wp-content\/uploads\/2024\/03\/Gladys-Alvarez-Paula-Dominguez-Hilda-Geraldino-Leticia-Coudray-Ashley-Inchaustegui-Rita-Russo-2-scaled.jpg?fit=1024%2C683&amp;ssl=1\" data-id=\"529322\" src=\"https:\/\/i0.wp.com\/casadecampoliving.com\/wp-content\/uploads\/2024\/03\/Gladys-Alvarez-Paula-Dominguez-Hilda-Geraldino-Leticia-Coudray-Ashley-Inchaustegui-Rita-Russo-2.jpg?resize=1024%2C683&#038;ssl=1\" alt=\"\" class=\"wp-image-529322\" srcset=\"https:\/\/i0.wp.com\/casadecampoliving.com\/wp-content\/uploads\/2024\/03\/Gladys-Alvarez-Paula-Dominguez-Hilda-Geraldino-Leticia-Coudray-Ashley-Inchaustegui-Rita-Russo-2-scaled.jpg?resize=1024%2C683&amp;ssl=1 1024w, https:\/\/i0.wp.com\/casadecampoliving.com\/wp-content\/uploads\/2024\/03\/Gladys-Alvarez-Paula-Dominguez-Hilda-Geraldino-Leticia-Coudray-Ashley-Inchaustegui-Rita-Russo-2-scaled.jpg?resize=300%2C200&amp;ssl=1 300w, https:\/\/i0.wp.com\/casadecampoliving.com\/wp-content\/uploads\/2024\/03\/Gladys-Alvarez-Paula-Dominguez-Hilda-Geraldino-Leticia-Coudray-Ashley-Inchaustegui-Rita-Russo-2-scaled.jpg?resize=768%2C512&amp;ssl=1 768w, https:\/\/i0.wp.com\/casadecampoliving.com\/wp-content\/uploads\/2024\/03\/Gladys-Alvarez-Paula-Dominguez-Hilda-Geraldino-Leticia-Coudray-Ashley-Inchaustegui-Rita-Russo-2-scaled.jpg?resize=1536%2C1024&amp;ssl=1 1536w, https:\/\/i0.wp.com\/casadecampoliving.com\/wp-content\/uploads\/2024\/03\/Gladys-Alvarez-Paula-Dominguez-Hilda-Geraldino-Leticia-Coudray-Ashley-Inchaustegui-Rita-Russo-2-scaled.jpg?resize=2048%2C1365&amp;ssl=1 2048w, https:\/\/i0.wp.com\/casadecampoliving.com\/wp-content\/uploads\/2024\/03\/Gladys-Alvarez-Paula-Dominguez-Hilda-Geraldino-Leticia-Coudray-Ashley-Inchaustegui-Rita-Russo-2-scaled.jpg?resize=1200%2C800&amp;ssl=1 1200w, https:\/\/i0.wp.com\/casadecampoliving.com\/wp-content\/uploads\/2024\/03\/Gladys-Alvarez-Paula-Dominguez-Hilda-Geraldino-Leticia-Coudray-Ashley-Inchaustegui-Rita-Russo-2-scaled.jpg?resize=1568%2C1045&amp;ssl=1 1568w, https:\/\/i0.wp.com\/casadecampoliving.com\/wp-content\/uploads\/2024\/03\/Gladys-Alvarez-Paula-Dominguez-Hilda-Geraldino-Leticia-Coudray-Ashley-Inchaustegui-Rita-Russo-2-scaled.jpg?resize=2000%2C1333&amp;ssl=1 2000w, https:\/\/i0.wp.com\/casadecampoliving.com\/wp-content\/uploads\/2024\/03\/Gladys-Alvarez-Paula-Dominguez-Hilda-Geraldino-Leticia-Coudray-Ashley-Inchaustegui-Rita-Russo-2-scaled.jpg?resize=400%2C267&amp;ssl=1 400w, https:\/\/i0.wp.com\/casadecampoliving.com\/wp-content\/uploads\/2024\/03\/Gladys-Alvarez-Paula-Dominguez-Hilda-Geraldino-Leticia-Coudray-Ashley-Inchaustegui-Rita-Russo-2-scaled.jpg?resize=1320%2C880&amp;ssl=1 1320w, https:\/\/i0.wp.com\/casadecampoliving.com\/wp-content\/uploads\/2024\/03\/Gladys-Alvarez-Paula-Dominguez-Hilda-Geraldino-Leticia-Coudray-Ashley-Inchaustegui-Rita-Russo-2-scaled.jpg?resize=150%2C100&amp;ssl=1 150w, https:\/\/i0.wp.com\/casadecampoliving.com\/wp-content\/uploads\/2024\/03\/Gladys-Alvarez-Paula-Dominguez-Hilda-Geraldino-Leticia-Coudray-Ashley-Inchaustegui-Rita-Russo-2-1024x683.jpg?w=370&amp;ssl=1 370w\" sizes=\"auto, (max-width: 1000px) 100vw, 1000px\" \/><\/figure>\n\n\n\n<figure class=\"wp-block-image size-large\"><img data-recalc-dims=\"1\" loading=\"lazy\" decoding=\"async\" width=\"683\" height=\"1024\" data-attachment-id=\"529324\" data-permalink=\"https:\/\/casadecampoliving.com\/es\/vibrante-atardecer-electronico-en-casa-de-campo-con-la-fiesta-caribena-quimbara\/alvarodejuanychrystianenagamatsu\/\" data-orig-file=\"https:\/\/i0.wp.com\/casadecampoliving.com\/wp-content\/uploads\/2024\/03\/AlvaroDeJuanyChrystianeNagamatsu-scaled.jpg?fit=1706%2C2560&amp;ssl=1\" data-orig-size=\"1706,2560\" data-comments-opened=\"0\" data-image-meta=\"{&quot;aperture&quot;:&quot;6.3&quot;,&quot;credit&quot;:&quot;MairobiHerrera&quot;,&quot;camera&quot;:&quot;Canon EOS R6m2&quot;,&quot;caption&quot;:&quot;&quot;,&quot;created_timestamp&quot;:&quot;1711234179&quot;,&quot;copyright&quot;:&quot;&quot;,&quot;focal_length&quot;:&quot;27&quot;,&quot;iso&quot;:&quot;640&quot;,&quot;shutter_speed&quot;:&quot;0.00625&quot;,&quot;title&quot;:&quot;&quot;,&quot;orientation&quot;:&quot;0&quot;}\" data-image-title=\"AlvaroDeJuanyChrystianeNagamatsu\" data-image-description=\"\" data-image-caption=\"\" data-large-file=\"https:\/\/i0.wp.com\/casadecampoliving.com\/wp-content\/uploads\/2024\/03\/AlvaroDeJuanyChrystianeNagamatsu-scaled.jpg?fit=683%2C1024&amp;ssl=1\" data-id=\"529324\" src=\"https:\/\/i0.wp.com\/casadecampoliving.com\/wp-content\/uploads\/2024\/03\/AlvaroDeJuanyChrystianeNagamatsu.jpg?resize=683%2C1024&#038;ssl=1\" alt=\"\" class=\"wp-image-529324\" srcset=\"https:\/\/i0.wp.com\/casadecampoliving.com\/wp-content\/uploads\/2024\/03\/AlvaroDeJuanyChrystianeNagamatsu-scaled.jpg?resize=683%2C1024&amp;ssl=1 683w, https:\/\/i0.wp.com\/casadecampoliving.com\/wp-content\/uploads\/2024\/03\/AlvaroDeJuanyChrystianeNagamatsu-scaled.jpg?resize=200%2C300&amp;ssl=1 200w, https:\/\/i0.wp.com\/casadecampoliving.com\/wp-content\/uploads\/2024\/03\/AlvaroDeJuanyChrystianeNagamatsu-scaled.jpg?resize=768%2C1152&amp;ssl=1 768w, https:\/\/i0.wp.com\/casadecampoliving.com\/wp-content\/uploads\/2024\/03\/AlvaroDeJuanyChrystianeNagamatsu-scaled.jpg?resize=1024%2C1536&amp;ssl=1 1024w, https:\/\/i0.wp.com\/casadecampoliving.com\/wp-content\/uploads\/2024\/03\/AlvaroDeJuanyChrystianeNagamatsu-scaled.jpg?resize=1365%2C2048&amp;ssl=1 1365w, https:\/\/i0.wp.com\/casadecampoliving.com\/wp-content\/uploads\/2024\/03\/AlvaroDeJuanyChrystianeNagamatsu-scaled.jpg?resize=1200%2C1800&amp;ssl=1 1200w, https:\/\/i0.wp.com\/casadecampoliving.com\/wp-content\/uploads\/2024\/03\/AlvaroDeJuanyChrystianeNagamatsu-scaled.jpg?resize=1568%2C2352&amp;ssl=1 1568w, https:\/\/i0.wp.com\/casadecampoliving.com\/wp-content\/uploads\/2024\/03\/AlvaroDeJuanyChrystianeNagamatsu-scaled.jpg?resize=2000%2C3000&amp;ssl=1 2000w, https:\/\/i0.wp.com\/casadecampoliving.com\/wp-content\/uploads\/2024\/03\/AlvaroDeJuanyChrystianeNagamatsu-scaled.jpg?resize=400%2C600&amp;ssl=1 400w, https:\/\/i0.wp.com\/casadecampoliving.com\/wp-content\/uploads\/2024\/03\/AlvaroDeJuanyChrystianeNagamatsu-scaled.jpg?resize=1320%2C1980&amp;ssl=1 1320w, https:\/\/i0.wp.com\/casadecampoliving.com\/wp-content\/uploads\/2024\/03\/AlvaroDeJuanyChrystianeNagamatsu-scaled.jpg?resize=150%2C225&amp;ssl=1 150w, https:\/\/i0.wp.com\/casadecampoliving.com\/wp-content\/uploads\/2024\/03\/AlvaroDeJuanyChrystianeNagamatsu-scaled.jpg?w=1706&amp;ssl=1 1706w, https:\/\/i0.wp.com\/casadecampoliving.com\/wp-content\/uploads\/2024\/03\/AlvaroDeJuanyChrystianeNagamatsu-683x1024.jpg?w=370&amp;ssl=1 370w\" sizes=\"auto, (max-width: 683px) 100vw, 683px\" \/><\/figure>\n\n\n\n<figure class=\"wp-block-image size-large\"><img data-recalc-dims=\"1\" loading=\"lazy\" decoding=\"async\" width=\"1024\" height=\"682\" data-attachment-id=\"529329\" data-permalink=\"https:\/\/casadecampoliving.com\/es\/vibrante-atardecer-electronico-en-casa-de-campo-con-la-fiesta-caribena-quimbara\/amber-zahorchak-nicola-fini-y-pilar-camarero\/\" data-orig-file=\"https:\/\/i0.wp.com\/casadecampoliving.com\/wp-content\/uploads\/2024\/03\/Amber-Zahorchak-Nicola-Fini-y-Pilar-Camarero-scaled.jpg?fit=2560%2C1705&amp;ssl=1\" data-orig-size=\"2560,1705\" data-comments-opened=\"0\" data-image-meta=\"{&quot;aperture&quot;:&quot;13&quot;,&quot;credit&quot;:&quot;MairobiHerrera&quot;,&quot;camera&quot;:&quot;Canon EOS R6m2&quot;,&quot;caption&quot;:&quot;&quot;,&quot;created_timestamp&quot;:&quot;1711230511&quot;,&quot;copyright&quot;:&quot;&quot;,&quot;focal_length&quot;:&quot;35&quot;,&quot;iso&quot;:&quot;320&quot;,&quot;shutter_speed&quot;:&quot;0.004&quot;,&quot;title&quot;:&quot;&quot;,&quot;orientation&quot;:&quot;0&quot;}\" data-image-title=\"Amber-Zahorchak-Nicola-Fini-y-Pilar-Camarero\" data-image-description=\"\" data-image-caption=\"\" data-large-file=\"https:\/\/i0.wp.com\/casadecampoliving.com\/wp-content\/uploads\/2024\/03\/Amber-Zahorchak-Nicola-Fini-y-Pilar-Camarero-scaled.jpg?fit=1024%2C682&amp;ssl=1\" data-id=\"529329\" src=\"https:\/\/i0.wp.com\/casadecampoliving.com\/wp-content\/uploads\/2024\/03\/Amber-Zahorchak-Nicola-Fini-y-Pilar-Camarero.jpg?resize=1024%2C682&#038;ssl=1\" alt=\"\" class=\"wp-image-529329\" srcset=\"https:\/\/i0.wp.com\/casadecampoliving.com\/wp-content\/uploads\/2024\/03\/Amber-Zahorchak-Nicola-Fini-y-Pilar-Camarero-scaled.jpg?resize=1024%2C682&amp;ssl=1 1024w, https:\/\/i0.wp.com\/casadecampoliving.com\/wp-content\/uploads\/2024\/03\/Amber-Zahorchak-Nicola-Fini-y-Pilar-Camarero-scaled.jpg?resize=300%2C200&amp;ssl=1 300w, https:\/\/i0.wp.com\/casadecampoliving.com\/wp-content\/uploads\/2024\/03\/Amber-Zahorchak-Nicola-Fini-y-Pilar-Camarero-scaled.jpg?resize=768%2C512&amp;ssl=1 768w, https:\/\/i0.wp.com\/casadecampoliving.com\/wp-content\/uploads\/2024\/03\/Amber-Zahorchak-Nicola-Fini-y-Pilar-Camarero-scaled.jpg?resize=1536%2C1023&amp;ssl=1 1536w, https:\/\/i0.wp.com\/casadecampoliving.com\/wp-content\/uploads\/2024\/03\/Amber-Zahorchak-Nicola-Fini-y-Pilar-Camarero-scaled.jpg?resize=2048%2C1364&amp;ssl=1 2048w, https:\/\/i0.wp.com\/casadecampoliving.com\/wp-content\/uploads\/2024\/03\/Amber-Zahorchak-Nicola-Fini-y-Pilar-Camarero-scaled.jpg?resize=1200%2C799&amp;ssl=1 1200w, https:\/\/i0.wp.com\/casadecampoliving.com\/wp-content\/uploads\/2024\/03\/Amber-Zahorchak-Nicola-Fini-y-Pilar-Camarero-scaled.jpg?resize=1568%2C1045&amp;ssl=1 1568w, https:\/\/i0.wp.com\/casadecampoliving.com\/wp-content\/uploads\/2024\/03\/Amber-Zahorchak-Nicola-Fini-y-Pilar-Camarero-scaled.jpg?resize=2000%2C1332&amp;ssl=1 2000w, https:\/\/i0.wp.com\/casadecampoliving.com\/wp-content\/uploads\/2024\/03\/Amber-Zahorchak-Nicola-Fini-y-Pilar-Camarero-scaled.jpg?resize=400%2C266&amp;ssl=1 400w, https:\/\/i0.wp.com\/casadecampoliving.com\/wp-content\/uploads\/2024\/03\/Amber-Zahorchak-Nicola-Fini-y-Pilar-Camarero-scaled.jpg?resize=1320%2C879&amp;ssl=1 1320w, https:\/\/i0.wp.com\/casadecampoliving.com\/wp-content\/uploads\/2024\/03\/Amber-Zahorchak-Nicola-Fini-y-Pilar-Camarero-scaled.jpg?resize=150%2C100&amp;ssl=1 150w, https:\/\/i0.wp.com\/casadecampoliving.com\/wp-content\/uploads\/2024\/03\/Amber-Zahorchak-Nicola-Fini-y-Pilar-Camarero-1024x682.jpg?w=370&amp;ssl=1 370w\" sizes=\"auto, (max-width: 1000px) 100vw, 1000px\" \/><\/figure>\n\n\n\n<figure class=\"wp-block-image size-large\"><img data-recalc-dims=\"1\" loading=\"lazy\" decoding=\"async\" width=\"1024\" height=\"683\" data-attachment-id=\"529345\" data-permalink=\"https:\/\/casadecampoliving.com\/es\/vibrante-atardecer-electronico-en-casa-de-campo-con-la-fiesta-caribena-quimbara\/carolina-roa-orson-salazar-paz-vega-hugo-davila\/\" data-orig-file=\"https:\/\/i0.wp.com\/casadecampoliving.com\/wp-content\/uploads\/2024\/03\/Carolina-Roa-Orson-Salazar-Paz-Vega-Hugo-Davila-scaled.jpg?fit=2560%2C1707&amp;ssl=1\" data-orig-size=\"2560,1707\" data-comments-opened=\"0\" data-image-meta=\"{&quot;aperture&quot;:&quot;2.8&quot;,&quot;credit&quot;:&quot;&quot;,&quot;camera&quot;:&quot;ILCE-7M4&quot;,&quot;caption&quot;:&quot;&quot;,&quot;created_timestamp&quot;:&quot;1711245198&quot;,&quot;copyright&quot;:&quot;\\u00a9 Daniel Garc\\u00eda&quot;,&quot;focal_length&quot;:&quot;36&quot;,&quot;iso&quot;:&quot;1600&quot;,&quot;shutter_speed&quot;:&quot;0.005&quot;,&quot;title&quot;:&quot;&quot;,&quot;orientation&quot;:&quot;0&quot;}\" data-image-title=\"Carolina-Roa-Orson-Salazar-Paz-Vega-Hugo-Davila\" data-image-description=\"\" data-image-caption=\"\" data-large-file=\"https:\/\/i0.wp.com\/casadecampoliving.com\/wp-content\/uploads\/2024\/03\/Carolina-Roa-Orson-Salazar-Paz-Vega-Hugo-Davila-scaled.jpg?fit=1024%2C683&amp;ssl=1\" data-id=\"529345\" src=\"https:\/\/i0.wp.com\/casadecampoliving.com\/wp-content\/uploads\/2024\/03\/Carolina-Roa-Orson-Salazar-Paz-Vega-Hugo-Davila.jpg?resize=1024%2C683&#038;ssl=1\" alt=\"\" class=\"wp-image-529345\" srcset=\"https:\/\/i0.wp.com\/casadecampoliving.com\/wp-content\/uploads\/2024\/03\/Carolina-Roa-Orson-Salazar-Paz-Vega-Hugo-Davila-scaled.jpg?resize=1024%2C683&amp;ssl=1 1024w, https:\/\/i0.wp.com\/casadecampoliving.com\/wp-content\/uploads\/2024\/03\/Carolina-Roa-Orson-Salazar-Paz-Vega-Hugo-Davila-scaled.jpg?resize=300%2C200&amp;ssl=1 300w, https:\/\/i0.wp.com\/casadecampoliving.com\/wp-content\/uploads\/2024\/03\/Carolina-Roa-Orson-Salazar-Paz-Vega-Hugo-Davila-scaled.jpg?resize=768%2C512&amp;ssl=1 768w, https:\/\/i0.wp.com\/casadecampoliving.com\/wp-content\/uploads\/2024\/03\/Carolina-Roa-Orson-Salazar-Paz-Vega-Hugo-Davila-scaled.jpg?resize=1536%2C1024&amp;ssl=1 1536w, https:\/\/i0.wp.com\/casadecampoliving.com\/wp-content\/uploads\/2024\/03\/Carolina-Roa-Orson-Salazar-Paz-Vega-Hugo-Davila-scaled.jpg?resize=2048%2C1365&amp;ssl=1 2048w, https:\/\/i0.wp.com\/casadecampoliving.com\/wp-content\/uploads\/2024\/03\/Carolina-Roa-Orson-Salazar-Paz-Vega-Hugo-Davila-scaled.jpg?resize=1200%2C800&amp;ssl=1 1200w, https:\/\/i0.wp.com\/casadecampoliving.com\/wp-content\/uploads\/2024\/03\/Carolina-Roa-Orson-Salazar-Paz-Vega-Hugo-Davila-scaled.jpg?resize=1568%2C1045&amp;ssl=1 1568w, https:\/\/i0.wp.com\/casadecampoliving.com\/wp-content\/uploads\/2024\/03\/Carolina-Roa-Orson-Salazar-Paz-Vega-Hugo-Davila-scaled.jpg?resize=2000%2C1333&amp;ssl=1 2000w, https:\/\/i0.wp.com\/casadecampoliving.com\/wp-content\/uploads\/2024\/03\/Carolina-Roa-Orson-Salazar-Paz-Vega-Hugo-Davila-scaled.jpg?resize=400%2C267&amp;ssl=1 400w, https:\/\/i0.wp.com\/casadecampoliving.com\/wp-content\/uploads\/2024\/03\/Carolina-Roa-Orson-Salazar-Paz-Vega-Hugo-Davila-scaled.jpg?resize=1320%2C880&amp;ssl=1 1320w, https:\/\/i0.wp.com\/casadecampoliving.com\/wp-content\/uploads\/2024\/03\/Carolina-Roa-Orson-Salazar-Paz-Vega-Hugo-Davila-scaled.jpg?resize=150%2C100&amp;ssl=1 150w, https:\/\/i0.wp.com\/casadecampoliving.com\/wp-content\/uploads\/2024\/03\/Carolina-Roa-Orson-Salazar-Paz-Vega-Hugo-Davila-1024x683.jpg?w=370&amp;ssl=1 370w\" sizes=\"auto, (max-width: 1000px) 100vw, 1000px\" \/><\/figure>\n\n\n\n<figure class=\"wp-block-image size-large\"><img data-recalc-dims=\"1\" loading=\"lazy\" decoding=\"async\" width=\"683\" height=\"1024\" data-attachment-id=\"529347\" data-permalink=\"https:\/\/casadecampoliving.com\/es\/vibrante-atardecer-electronico-en-casa-de-campo-con-la-fiesta-caribena-quimbara\/dg_07243\/\" data-orig-file=\"https:\/\/i0.wp.com\/casadecampoliving.com\/wp-content\/uploads\/2024\/03\/DG_07243-scaled.jpg?fit=1707%2C2560&amp;ssl=1\" data-orig-size=\"1707,2560\" data-comments-opened=\"0\" data-image-meta=\"{&quot;aperture&quot;:&quot;6.3&quot;,&quot;credit&quot;:&quot;&quot;,&quot;camera&quot;:&quot;ILCE-7M4&quot;,&quot;caption&quot;:&quot;&quot;,&quot;created_timestamp&quot;:&quot;1711229933&quot;,&quot;copyright&quot;:&quot;\\u00a9 Daniel Garc\\u00eda&quot;,&quot;focal_length&quot;:&quot;14&quot;,&quot;iso&quot;:&quot;200&quot;,&quot;shutter_speed&quot;:&quot;0.002&quot;,&quot;title&quot;:&quot;&quot;,&quot;orientation&quot;:&quot;0&quot;}\" data-image-title=\"DG_07243\" data-image-description=\"\" data-image-caption=\"\" data-large-file=\"https:\/\/i0.wp.com\/casadecampoliving.com\/wp-content\/uploads\/2024\/03\/DG_07243-scaled.jpg?fit=683%2C1024&amp;ssl=1\" data-id=\"529347\" src=\"https:\/\/i0.wp.com\/casadecampoliving.com\/wp-content\/uploads\/2024\/03\/DG_07243.jpg?resize=683%2C1024&#038;ssl=1\" alt=\"\" class=\"wp-image-529347\" srcset=\"https:\/\/i0.wp.com\/casadecampoliving.com\/wp-content\/uploads\/2024\/03\/DG_07243-scaled.jpg?resize=683%2C1024&amp;ssl=1 683w, https:\/\/i0.wp.com\/casadecampoliving.com\/wp-content\/uploads\/2024\/03\/DG_07243-scaled.jpg?resize=200%2C300&amp;ssl=1 200w, https:\/\/i0.wp.com\/casadecampoliving.com\/wp-content\/uploads\/2024\/03\/DG_07243-scaled.jpg?resize=768%2C1152&amp;ssl=1 768w, https:\/\/i0.wp.com\/casadecampoliving.com\/wp-content\/uploads\/2024\/03\/DG_07243-scaled.jpg?resize=1024%2C1536&amp;ssl=1 1024w, https:\/\/i0.wp.com\/casadecampoliving.com\/wp-content\/uploads\/2024\/03\/DG_07243-scaled.jpg?resize=1365%2C2048&amp;ssl=1 1365w, https:\/\/i0.wp.com\/casadecampoliving.com\/wp-content\/uploads\/2024\/03\/DG_07243-scaled.jpg?resize=1200%2C1800&amp;ssl=1 1200w, https:\/\/i0.wp.com\/casadecampoliving.com\/wp-content\/uploads\/2024\/03\/DG_07243-scaled.jpg?resize=1568%2C2352&amp;ssl=1 1568w, https:\/\/i0.wp.com\/casadecampoliving.com\/wp-content\/uploads\/2024\/03\/DG_07243-scaled.jpg?resize=2000%2C3000&amp;ssl=1 2000w, https:\/\/i0.wp.com\/casadecampoliving.com\/wp-content\/uploads\/2024\/03\/DG_07243-scaled.jpg?resize=400%2C600&amp;ssl=1 400w, https:\/\/i0.wp.com\/casadecampoliving.com\/wp-content\/uploads\/2024\/03\/DG_07243-scaled.jpg?resize=1320%2C1980&amp;ssl=1 1320w, https:\/\/i0.wp.com\/casadecampoliving.com\/wp-content\/uploads\/2024\/03\/DG_07243-scaled.jpg?resize=150%2C225&amp;ssl=1 150w, https:\/\/i0.wp.com\/casadecampoliving.com\/wp-content\/uploads\/2024\/03\/DG_07243-scaled.jpg?w=1707&amp;ssl=1 1707w, https:\/\/i0.wp.com\/casadecampoliving.com\/wp-content\/uploads\/2024\/03\/DG_07243-683x1024.jpg?w=370&amp;ssl=1 370w\" sizes=\"auto, (max-width: 683px) 100vw, 683px\" \/><\/figure>\n\n\n\n<figure class=\"wp-block-image size-large\"><img data-recalc-dims=\"1\" loading=\"lazy\" decoding=\"async\" width=\"683\" height=\"1024\" data-attachment-id=\"529339\" data-permalink=\"https:\/\/casadecampoliving.com\/es\/vibrante-atardecer-electronico-en-casa-de-campo-con-la-fiesta-caribena-quimbara\/dg_07676\/\" data-orig-file=\"https:\/\/i0.wp.com\/casadecampoliving.com\/wp-content\/uploads\/2024\/03\/DG_07676-scaled.jpg?fit=1707%2C2560&amp;ssl=1\" data-orig-size=\"1707,2560\" data-comments-opened=\"0\" data-image-meta=\"{&quot;aperture&quot;:&quot;2.8&quot;,&quot;credit&quot;:&quot;&quot;,&quot;camera&quot;:&quot;ILCE-7M4&quot;,&quot;caption&quot;:&quot;&quot;,&quot;created_timestamp&quot;:&quot;1711236655&quot;,&quot;copyright&quot;:&quot;\\u00a9 Daniel Garc\\u00eda&quot;,&quot;focal_length&quot;:&quot;42&quot;,&quot;iso&quot;:&quot;200&quot;,&quot;shutter_speed&quot;:&quot;0.004&quot;,&quot;title&quot;:&quot;&quot;,&quot;orientation&quot;:&quot;0&quot;}\" data-image-title=\"DG_07676\" data-image-description=\"\" data-image-caption=\"\" data-large-file=\"https:\/\/i0.wp.com\/casadecampoliving.com\/wp-content\/uploads\/2024\/03\/DG_07676-scaled.jpg?fit=683%2C1024&amp;ssl=1\" data-id=\"529339\" src=\"https:\/\/i0.wp.com\/casadecampoliving.com\/wp-content\/uploads\/2024\/03\/DG_07676.jpg?resize=683%2C1024&#038;ssl=1\" alt=\"\" class=\"wp-image-529339\" srcset=\"https:\/\/i0.wp.com\/casadecampoliving.com\/wp-content\/uploads\/2024\/03\/DG_07676-scaled.jpg?resize=683%2C1024&amp;ssl=1 683w, https:\/\/i0.wp.com\/casadecampoliving.com\/wp-content\/uploads\/2024\/03\/DG_07676-scaled.jpg?resize=200%2C300&amp;ssl=1 200w, https:\/\/i0.wp.com\/casadecampoliving.com\/wp-content\/uploads\/2024\/03\/DG_07676-scaled.jpg?resize=768%2C1152&amp;ssl=1 768w, https:\/\/i0.wp.com\/casadecampoliving.com\/wp-content\/uploads\/2024\/03\/DG_07676-scaled.jpg?resize=1024%2C1536&amp;ssl=1 1024w, https:\/\/i0.wp.com\/casadecampoliving.com\/wp-content\/uploads\/2024\/03\/DG_07676-scaled.jpg?resize=1365%2C2048&amp;ssl=1 1365w, https:\/\/i0.wp.com\/casadecampoliving.com\/wp-content\/uploads\/2024\/03\/DG_07676-scaled.jpg?resize=1200%2C1800&amp;ssl=1 1200w, https:\/\/i0.wp.com\/casadecampoliving.com\/wp-content\/uploads\/2024\/03\/DG_07676-scaled.jpg?resize=1568%2C2352&amp;ssl=1 1568w, https:\/\/i0.wp.com\/casadecampoliving.com\/wp-content\/uploads\/2024\/03\/DG_07676-scaled.jpg?resize=2000%2C3000&amp;ssl=1 2000w, https:\/\/i0.wp.com\/casadecampoliving.com\/wp-content\/uploads\/2024\/03\/DG_07676-scaled.jpg?resize=400%2C600&amp;ssl=1 400w, https:\/\/i0.wp.com\/casadecampoliving.com\/wp-content\/uploads\/2024\/03\/DG_07676-scaled.jpg?resize=1320%2C1980&amp;ssl=1 1320w, https:\/\/i0.wp.com\/casadecampoliving.com\/wp-content\/uploads\/2024\/03\/DG_07676-scaled.jpg?resize=150%2C225&amp;ssl=1 150w, https:\/\/i0.wp.com\/casadecampoliving.com\/wp-content\/uploads\/2024\/03\/DG_07676-scaled.jpg?w=1707&amp;ssl=1 1707w, https:\/\/i0.wp.com\/casadecampoliving.com\/wp-content\/uploads\/2024\/03\/DG_07676-683x1024.jpg?w=370&amp;ssl=1 370w\" sizes=\"auto, (max-width: 683px) 100vw, 683px\" \/><\/figure>\n\n\n\n<figure class=\"wp-block-image size-large\"><img data-recalc-dims=\"1\" loading=\"lazy\" decoding=\"async\" width=\"683\" height=\"1024\" data-attachment-id=\"529337\" data-permalink=\"https:\/\/casadecampoliving.com\/es\/vibrante-atardecer-electronico-en-casa-de-campo-con-la-fiesta-caribena-quimbara\/giulio-bellia-y-carlys-anez\/\" data-orig-file=\"https:\/\/i0.wp.com\/casadecampoliving.com\/wp-content\/uploads\/2024\/03\/Giulio-Bellia-y-Carlys-Anez-scaled.jpg?fit=1706%2C2560&amp;ssl=1\" data-orig-size=\"1706,2560\" data-comments-opened=\"0\" data-image-meta=\"{&quot;aperture&quot;:&quot;5.6&quot;,&quot;credit&quot;:&quot;MairobiHerrera&quot;,&quot;camera&quot;:&quot;Canon EOS R6m2&quot;,&quot;caption&quot;:&quot;&quot;,&quot;created_timestamp&quot;:&quot;1711231800&quot;,&quot;copyright&quot;:&quot;&quot;,&quot;focal_length&quot;:&quot;50&quot;,&quot;iso&quot;:&quot;320&quot;,&quot;shutter_speed&quot;:&quot;0.004&quot;,&quot;title&quot;:&quot;&quot;,&quot;orientation&quot;:&quot;0&quot;}\" data-image-title=\"Giulio-Bellia-y-Carlys-Anez\" data-image-description=\"\" data-image-caption=\"\" data-large-file=\"https:\/\/i0.wp.com\/casadecampoliving.com\/wp-content\/uploads\/2024\/03\/Giulio-Bellia-y-Carlys-Anez-scaled.jpg?fit=683%2C1024&amp;ssl=1\" data-id=\"529337\" src=\"https:\/\/i0.wp.com\/casadecampoliving.com\/wp-content\/uploads\/2024\/03\/Giulio-Bellia-y-Carlys-Anez.jpg?resize=683%2C1024&#038;ssl=1\" alt=\"\" class=\"wp-image-529337\" srcset=\"https:\/\/i0.wp.com\/casadecampoliving.com\/wp-content\/uploads\/2024\/03\/Giulio-Bellia-y-Carlys-Anez-scaled.jpg?resize=683%2C1024&amp;ssl=1 683w, https:\/\/i0.wp.com\/casadecampoliving.com\/wp-content\/uploads\/2024\/03\/Giulio-Bellia-y-Carlys-Anez-scaled.jpg?resize=200%2C300&amp;ssl=1 200w, https:\/\/i0.wp.com\/casadecampoliving.com\/wp-content\/uploads\/2024\/03\/Giulio-Bellia-y-Carlys-Anez-scaled.jpg?resize=768%2C1152&amp;ssl=1 768w, https:\/\/i0.wp.com\/casadecampoliving.com\/wp-content\/uploads\/2024\/03\/Giulio-Bellia-y-Carlys-Anez-scaled.jpg?resize=1024%2C1536&amp;ssl=1 1024w, https:\/\/i0.wp.com\/casadecampoliving.com\/wp-content\/uploads\/2024\/03\/Giulio-Bellia-y-Carlys-Anez-scaled.jpg?resize=1365%2C2048&amp;ssl=1 1365w, https:\/\/i0.wp.com\/casadecampoliving.com\/wp-content\/uploads\/2024\/03\/Giulio-Bellia-y-Carlys-Anez-scaled.jpg?resize=1200%2C1800&amp;ssl=1 1200w, https:\/\/i0.wp.com\/casadecampoliving.com\/wp-content\/uploads\/2024\/03\/Giulio-Bellia-y-Carlys-Anez-scaled.jpg?resize=1568%2C2352&amp;ssl=1 1568w, https:\/\/i0.wp.com\/casadecampoliving.com\/wp-content\/uploads\/2024\/03\/Giulio-Bellia-y-Carlys-Anez-scaled.jpg?resize=2000%2C3000&amp;ssl=1 2000w, https:\/\/i0.wp.com\/casadecampoliving.com\/wp-content\/uploads\/2024\/03\/Giulio-Bellia-y-Carlys-Anez-scaled.jpg?resize=400%2C600&amp;ssl=1 400w, https:\/\/i0.wp.com\/casadecampoliving.com\/wp-content\/uploads\/2024\/03\/Giulio-Bellia-y-Carlys-Anez-scaled.jpg?resize=1320%2C1980&amp;ssl=1 1320w, https:\/\/i0.wp.com\/casadecampoliving.com\/wp-content\/uploads\/2024\/03\/Giulio-Bellia-y-Carlys-Anez-scaled.jpg?resize=150%2C225&amp;ssl=1 150w, https:\/\/i0.wp.com\/casadecampoliving.com\/wp-content\/uploads\/2024\/03\/Giulio-Bellia-y-Carlys-Anez-scaled.jpg?w=1706&amp;ssl=1 1706w, https:\/\/i0.wp.com\/casadecampoliving.com\/wp-content\/uploads\/2024\/03\/Giulio-Bellia-y-Carlys-Anez-683x1024.jpg?w=370&amp;ssl=1 370w\" sizes=\"auto, (max-width: 683px) 100vw, 683px\" \/><\/figure>\n\n\n\n<figure class=\"wp-block-image size-large\"><img data-recalc-dims=\"1\" loading=\"lazy\" decoding=\"async\" width=\"683\" height=\"1024\" data-attachment-id=\"529341\" data-permalink=\"https:\/\/casadecampoliving.com\/es\/vibrante-atardecer-electronico-en-casa-de-campo-con-la-fiesta-caribena-quimbara\/dg_08463\/\" data-orig-file=\"https:\/\/i0.wp.com\/casadecampoliving.com\/wp-content\/uploads\/2024\/03\/DG_08463-scaled.jpg?fit=1706%2C2560&amp;ssl=1\" data-orig-size=\"1706,2560\" data-comments-opened=\"0\" data-image-meta=\"{&quot;aperture&quot;:&quot;2.8&quot;,&quot;credit&quot;:&quot;&quot;,&quot;camera&quot;:&quot;ILCE-7M4&quot;,&quot;caption&quot;:&quot;&quot;,&quot;created_timestamp&quot;:&quot;1711241101&quot;,&quot;copyright&quot;:&quot;\\u00a9 Daniel Garc\\u00eda&quot;,&quot;focal_length&quot;:&quot;52&quot;,&quot;iso&quot;:&quot;3200&quot;,&quot;shutter_speed&quot;:&quot;0.01&quot;,&quot;title&quot;:&quot;&quot;,&quot;orientation&quot;:&quot;0&quot;}\" data-image-title=\"DG_08463\" data-image-description=\"\" data-image-caption=\"\" data-large-file=\"https:\/\/i0.wp.com\/casadecampoliving.com\/wp-content\/uploads\/2024\/03\/DG_08463-scaled.jpg?fit=683%2C1024&amp;ssl=1\" data-id=\"529341\" src=\"https:\/\/i0.wp.com\/casadecampoliving.com\/wp-content\/uploads\/2024\/03\/DG_08463.jpg?resize=683%2C1024&#038;ssl=1\" alt=\"\" class=\"wp-image-529341\" srcset=\"https:\/\/i0.wp.com\/casadecampoliving.com\/wp-content\/uploads\/2024\/03\/DG_08463-scaled.jpg?resize=683%2C1024&amp;ssl=1 683w, https:\/\/i0.wp.com\/casadecampoliving.com\/wp-content\/uploads\/2024\/03\/DG_08463-scaled.jpg?resize=200%2C300&amp;ssl=1 200w, https:\/\/i0.wp.com\/casadecampoliving.com\/wp-content\/uploads\/2024\/03\/DG_08463-scaled.jpg?resize=768%2C1152&amp;ssl=1 768w, https:\/\/i0.wp.com\/casadecampoliving.com\/wp-content\/uploads\/2024\/03\/DG_08463-scaled.jpg?resize=1024%2C1536&amp;ssl=1 1024w, https:\/\/i0.wp.com\/casadecampoliving.com\/wp-content\/uploads\/2024\/03\/DG_08463-scaled.jpg?resize=1365%2C2048&amp;ssl=1 1365w, https:\/\/i0.wp.com\/casadecampoliving.com\/wp-content\/uploads\/2024\/03\/DG_08463-scaled.jpg?resize=1200%2C1800&amp;ssl=1 1200w, https:\/\/i0.wp.com\/casadecampoliving.com\/wp-content\/uploads\/2024\/03\/DG_08463-scaled.jpg?resize=1568%2C2352&amp;ssl=1 1568w, https:\/\/i0.wp.com\/casadecampoliving.com\/wp-content\/uploads\/2024\/03\/DG_08463-scaled.jpg?resize=2000%2C3000&amp;ssl=1 2000w, https:\/\/i0.wp.com\/casadecampoliving.com\/wp-content\/uploads\/2024\/03\/DG_08463-scaled.jpg?resize=400%2C600&amp;ssl=1 400w, https:\/\/i0.wp.com\/casadecampoliving.com\/wp-content\/uploads\/2024\/03\/DG_08463-scaled.jpg?resize=1320%2C1980&amp;ssl=1 1320w, https:\/\/i0.wp.com\/casadecampoliving.com\/wp-content\/uploads\/2024\/03\/DG_08463-scaled.jpg?resize=150%2C225&amp;ssl=1 150w, https:\/\/i0.wp.com\/casadecampoliving.com\/wp-content\/uploads\/2024\/03\/DG_08463-scaled.jpg?w=1706&amp;ssl=1 1706w, https:\/\/i0.wp.com\/casadecampoliving.com\/wp-content\/uploads\/2024\/03\/DG_08463-683x1024.jpg?w=370&amp;ssl=1 370w\" sizes=\"auto, (max-width: 683px) 100vw, 683px\" \/><\/figure>\n\n\n\n<figure class=\"wp-block-image size-large\"><img data-recalc-dims=\"1\" loading=\"lazy\" decoding=\"async\" width=\"683\" height=\"1024\" data-attachment-id=\"529335\" data-permalink=\"https:\/\/casadecampoliving.com\/es\/vibrante-atardecer-electronico-en-casa-de-campo-con-la-fiesta-caribena-quimbara\/elsa-maldonado-y-juanbuitron\/\" data-orig-file=\"https:\/\/i0.wp.com\/casadecampoliving.com\/wp-content\/uploads\/2024\/03\/Elsa-Maldonado-y-JuanBuitron-scaled.jpg?fit=1706%2C2560&amp;ssl=1\" data-orig-size=\"1706,2560\" data-comments-opened=\"0\" data-image-meta=\"{&quot;aperture&quot;:&quot;11&quot;,&quot;credit&quot;:&quot;MairobiHerrera&quot;,&quot;camera&quot;:&quot;Canon EOS R6m2&quot;,&quot;caption&quot;:&quot;&quot;,&quot;created_timestamp&quot;:&quot;1711230751&quot;,&quot;copyright&quot;:&quot;&quot;,&quot;focal_length&quot;:&quot;31&quot;,&quot;iso&quot;:&quot;320&quot;,&quot;shutter_speed&quot;:&quot;0.004&quot;,&quot;title&quot;:&quot;&quot;,&quot;orientation&quot;:&quot;0&quot;}\" data-image-title=\"Elsa-Maldonado-y-JuanBuitron\" data-image-description=\"\" data-image-caption=\"\" data-large-file=\"https:\/\/i0.wp.com\/casadecampoliving.com\/wp-content\/uploads\/2024\/03\/Elsa-Maldonado-y-JuanBuitron-scaled.jpg?fit=683%2C1024&amp;ssl=1\" data-id=\"529335\" src=\"https:\/\/i0.wp.com\/casadecampoliving.com\/wp-content\/uploads\/2024\/03\/Elsa-Maldonado-y-JuanBuitron.jpg?resize=683%2C1024&#038;ssl=1\" alt=\"\" class=\"wp-image-529335\" srcset=\"https:\/\/i0.wp.com\/casadecampoliving.com\/wp-content\/uploads\/2024\/03\/Elsa-Maldonado-y-JuanBuitron-scaled.jpg?resize=683%2C1024&amp;ssl=1 683w, https:\/\/i0.wp.com\/casadecampoliving.com\/wp-content\/uploads\/2024\/03\/Elsa-Maldonado-y-JuanBuitron-scaled.jpg?resize=200%2C300&amp;ssl=1 200w, https:\/\/i0.wp.com\/casadecampoliving.com\/wp-content\/uploads\/2024\/03\/Elsa-Maldonado-y-JuanBuitron-scaled.jpg?resize=768%2C1152&amp;ssl=1 768w, https:\/\/i0.wp.com\/casadecampoliving.com\/wp-content\/uploads\/2024\/03\/Elsa-Maldonado-y-JuanBuitron-scaled.jpg?resize=1024%2C1536&amp;ssl=1 1024w, https:\/\/i0.wp.com\/casadecampoliving.com\/wp-content\/uploads\/2024\/03\/Elsa-Maldonado-y-JuanBuitron-scaled.jpg?resize=1365%2C2048&amp;ssl=1 1365w, https:\/\/i0.wp.com\/casadecampoliving.com\/wp-content\/uploads\/2024\/03\/Elsa-Maldonado-y-JuanBuitron-scaled.jpg?resize=1200%2C1800&amp;ssl=1 1200w, https:\/\/i0.wp.com\/casadecampoliving.com\/wp-content\/uploads\/2024\/03\/Elsa-Maldonado-y-JuanBuitron-scaled.jpg?resize=1568%2C2352&amp;ssl=1 1568w, https:\/\/i0.wp.com\/casadecampoliving.com\/wp-content\/uploads\/2024\/03\/Elsa-Maldonado-y-JuanBuitron-scaled.jpg?resize=2000%2C3000&amp;ssl=1 2000w, https:\/\/i0.wp.com\/casadecampoliving.com\/wp-content\/uploads\/2024\/03\/Elsa-Maldonado-y-JuanBuitron-scaled.jpg?resize=400%2C600&amp;ssl=1 400w, https:\/\/i0.wp.com\/casadecampoliving.com\/wp-content\/uploads\/2024\/03\/Elsa-Maldonado-y-JuanBuitron-scaled.jpg?resize=1320%2C1980&amp;ssl=1 1320w, https:\/\/i0.wp.com\/casadecampoliving.com\/wp-content\/uploads\/2024\/03\/Elsa-Maldonado-y-JuanBuitron-scaled.jpg?resize=150%2C225&amp;ssl=1 150w, https:\/\/i0.wp.com\/casadecampoliving.com\/wp-content\/uploads\/2024\/03\/Elsa-Maldonado-y-JuanBuitron-scaled.jpg?w=1706&amp;ssl=1 1706w, https:\/\/i0.wp.com\/casadecampoliving.com\/wp-content\/uploads\/2024\/03\/Elsa-Maldonado-y-JuanBuitron-683x1024.jpg?w=370&amp;ssl=1 370w\" sizes=\"auto, (max-width: 683px) 100vw, 683px\" \/><\/figure>\n\n\n\n<figure class=\"wp-block-image size-large\"><img data-recalc-dims=\"1\" loading=\"lazy\" decoding=\"async\" width=\"683\" height=\"1024\" data-attachment-id=\"529343\" data-permalink=\"https:\/\/casadecampoliving.com\/es\/vibrante-atardecer-electronico-en-casa-de-campo-con-la-fiesta-caribena-quimbara\/dg_09206\/\" data-orig-file=\"https:\/\/i0.wp.com\/casadecampoliving.com\/wp-content\/uploads\/2024\/03\/DG_09206-scaled.jpg?fit=1707%2C2560&amp;ssl=1\" data-orig-size=\"1707,2560\" data-comments-opened=\"0\" data-image-meta=\"{&quot;aperture&quot;:&quot;2.8&quot;,&quot;credit&quot;:&quot;&quot;,&quot;camera&quot;:&quot;ILCE-7M4&quot;,&quot;caption&quot;:&quot;&quot;,&quot;created_timestamp&quot;:&quot;1711245631&quot;,&quot;copyright&quot;:&quot;\\u00a9 Daniel Garc\\u00eda&quot;,&quot;focal_length&quot;:&quot;14&quot;,&quot;iso&quot;:&quot;4000&quot;,&quot;shutter_speed&quot;:&quot;0.01&quot;,&quot;title&quot;:&quot;&quot;,&quot;orientation&quot;:&quot;0&quot;}\" data-image-title=\"DG_09206\" data-image-description=\"\" data-image-caption=\"\" data-large-file=\"https:\/\/i0.wp.com\/casadecampoliving.com\/wp-content\/uploads\/2024\/03\/DG_09206-scaled.jpg?fit=683%2C1024&amp;ssl=1\" data-id=\"529343\" src=\"https:\/\/i0.wp.com\/casadecampoliving.com\/wp-content\/uploads\/2024\/03\/DG_09206.jpg?resize=683%2C1024&#038;ssl=1\" alt=\"\" class=\"wp-image-529343\" srcset=\"https:\/\/i0.wp.com\/casadecampoliving.com\/wp-content\/uploads\/2024\/03\/DG_09206-scaled.jpg?resize=683%2C1024&amp;ssl=1 683w, https:\/\/i0.wp.com\/casadecampoliving.com\/wp-content\/uploads\/2024\/03\/DG_09206-scaled.jpg?resize=200%2C300&amp;ssl=1 200w, https:\/\/i0.wp.com\/casadecampoliving.com\/wp-content\/uploads\/2024\/03\/DG_09206-scaled.jpg?resize=768%2C1152&amp;ssl=1 768w, https:\/\/i0.wp.com\/casadecampoliving.com\/wp-content\/uploads\/2024\/03\/DG_09206-scaled.jpg?resize=1024%2C1536&amp;ssl=1 1024w, https:\/\/i0.wp.com\/casadecampoliving.com\/wp-content\/uploads\/2024\/03\/DG_09206-scaled.jpg?resize=1366%2C2048&amp;ssl=1 1366w, https:\/\/i0.wp.com\/casadecampoliving.com\/wp-content\/uploads\/2024\/03\/DG_09206-scaled.jpg?resize=1200%2C1800&amp;ssl=1 1200w, https:\/\/i0.wp.com\/casadecampoliving.com\/wp-content\/uploads\/2024\/03\/DG_09206-scaled.jpg?resize=1568%2C2352&amp;ssl=1 1568w, https:\/\/i0.wp.com\/casadecampoliving.com\/wp-content\/uploads\/2024\/03\/DG_09206-scaled.jpg?resize=2000%2C3000&amp;ssl=1 2000w, https:\/\/i0.wp.com\/casadecampoliving.com\/wp-content\/uploads\/2024\/03\/DG_09206-scaled.jpg?resize=400%2C600&amp;ssl=1 400w, https:\/\/i0.wp.com\/casadecampoliving.com\/wp-content\/uploads\/2024\/03\/DG_09206-scaled.jpg?resize=1320%2C1980&amp;ssl=1 1320w, https:\/\/i0.wp.com\/casadecampoliving.com\/wp-content\/uploads\/2024\/03\/DG_09206-scaled.jpg?resize=150%2C225&amp;ssl=1 150w, https:\/\/i0.wp.com\/casadecampoliving.com\/wp-content\/uploads\/2024\/03\/DG_09206-scaled.jpg?w=1707&amp;ssl=1 1707w, https:\/\/i0.wp.com\/casadecampoliving.com\/wp-content\/uploads\/2024\/03\/DG_09206-683x1024.jpg?w=370&amp;ssl=1 370w\" sizes=\"auto, (max-width: 683px) 100vw, 683px\" \/><\/figure>\n<\/figure>\n","protected":false},"excerpt":{"rendered":"<p>La emoci\u00f3n alcanz\u00f3 su punto m\u00e1ximo el pasado s\u00e1bado 23 de marzo en el Minitas Beach Club de Casa de Campo con el evento \u00abQUIMBARA\u00bb, una fusi\u00f3n perfecta de \u201csunset vibes\u201d y \u201celectronic beats\u201d que hizo vibrar a todos los presentes. Esta fiesta, en colaboraci\u00f3n con los productores Orson Salazar y Paz Vega, marc\u00f3 un [&hellip;]<\/p>\n","protected":false},"author":431,"featured_media":529309,"comment_status":"closed","ping_status":"closed","sticky":false,"template":"","format":"standard","meta":{"newspack_ads_suppress_ads":false,"newspack_popups_has_disabled_popups":false,"newspack_sponsor_sponsorship_scope":"","newspack_sponsor_native_byline_display":"inherit","newspack_sponsor_native_category_display":"inherit","newspack_sponsor_underwriter_style":"inherit","newspack_sponsor_underwriter_placement":"inherit","_newspack_byline_active":false,"_newspack_byline":"","newspack_hide_updated_date":false,"newspack_show_updated_date":false,"newspack_content_restriction_is_exempt":false,"newspack_featured_image_position":"","newspack_post_subtitle":"Esta celebraci\u00f3n super\u00f3 todas las expectativas y dej\u00f3 a los asistentes ansiosos por la pr\u00f3xima edici\u00f3n","newspack_article_summary_title":"Overview:","newspack_article_summary":"","_jetpack_memberships_contains_paid_content":false,"footnotes":"","jetpack_publicize_message":"","jetpack_publicize_feature_enabled":true,"jetpack_social_post_already_shared":true,"jetpack_social_options":{"image_generator_settings":{"template":"highway","default_image_id":0,"font":"","enabled":false},"version":2},"_wpas_customize_per_network":false},"categories":[26392,2518,2522,23889,2501],"tags":[3626,14736,22154,27662,27677],"newspack_spnsrs_tax":[],"class_list":["post-529304","post","type-post","status-publish","format-standard","has-post-thumbnail","hentry","category-casa-de-campo-resort-villas","category-conciertos-es","category-eventos-es","category-lifestyle-2","category-vida-nocturna-es","tag-casa-de-campo-es","tag-featured-topview-es","tag-minitas-beach-club-es","tag-minitas-beach-clubes","tag-quimbara","entry"],"yoast_head":"<!-- This site is optimized with the Yoast SEO plugin v27.5 - https:\/\/yoast.com\/product\/yoast-seo-wordpress\/ -->\n<title>Vibrante atardecer electr\u00f3nico en Casa de Campo con la fiesta caribe\u00f1a &quot;QUIMBARA&quot; | Casa de Campo Living<\/title>\n<meta name=\"description\" content=\"La emoci\u00f3n alcanz\u00f3 su punto m\u00e1ximo el pasado s\u00e1bado 23 de marzo en el Minitas Beach Club de Casa de Campo con el evento &quot;QUIMBARA&quot;, una fusi\u00f3n perfecta de\" \/>\n<meta name=\"robots\" content=\"index, follow, max-snippet:-1, max-image-preview:large, max-video-preview:-1\" \/>\n<link rel=\"canonical\" href=\"https:\/\/casadecampoliving.com\/es\/vibrante-atardecer-electronico-en-casa-de-campo-con-la-fiesta-caribena-quimbara\/\" \/>\n<meta property=\"og:locale\" content=\"es_ES\" \/>\n<meta property=\"og:type\" content=\"article\" \/>\n<meta property=\"og:title\" content=\"Vibrante atardecer electr\u00f3nico en Casa de Campo con la fiesta caribe\u00f1a &quot;QUIMBARA&quot; | Casa de Campo Living\" \/>\n<meta property=\"og:description\" content=\"La emoci\u00f3n alcanz\u00f3 su punto m\u00e1ximo el pasado s\u00e1bado 23 de marzo en el Minitas Beach Club de Casa de Campo con el evento &quot;QUIMBARA&quot;, una fusi\u00f3n perfecta de\" \/>\n<meta property=\"og:url\" content=\"https:\/\/casadecampoliving.com\/es\/vibrante-atardecer-electronico-en-casa-de-campo-con-la-fiesta-caribena-quimbara\/\" \/>\n<meta property=\"og:site_name\" content=\"Casa de Campo Living\" \/>\n<meta property=\"article:publisher\" content=\"https:\/\/www.facebook.com\/casadecampoliving\" \/>\n<meta property=\"article:published_time\" content=\"2024-03-26T17:12:02+00:00\" \/>\n<meta property=\"article:modified_time\" content=\"2024-03-26T17:12:26+00:00\" \/>\n<meta property=\"og:image\" content=\"https:\/\/casadecampoliving.com\/wp-content\/uploads\/2024\/03\/Loida-de-Kycek-Jason-Kycek-Thea-van-der-Werf-scaled.jpg\" \/>\n\t<meta property=\"og:image:width\" content=\"2560\" \/>\n\t<meta property=\"og:image:height\" content=\"1706\" \/>\n\t<meta property=\"og:image:type\" content=\"image\/jpeg\" \/>\n<meta name=\"author\" content=\"Mairobi Herrera\" \/>\n<meta name=\"twitter:card\" content=\"summary_large_image\" \/>\n<meta name=\"twitter:creator\" content=\"@cdcliving\" \/>\n<meta name=\"twitter:site\" content=\"@cdcliving\" \/>\n<meta name=\"twitter:label1\" content=\"Escrito por\" \/>\n\t<meta name=\"twitter:data1\" content=\"Mairobi Herrera\" \/>\n\t<meta name=\"twitter:label2\" content=\"Tiempo de lectura\" \/>\n\t<meta name=\"twitter:data2\" content=\"7 minutos\" \/>\n<script type=\"application\/ld+json\" class=\"yoast-schema-graph\">{\"@context\":\"https:\\\/\\\/schema.org\",\"@graph\":[{\"@type\":\"Article\",\"@id\":\"https:\\\/\\\/casadecampoliving.com\\\/es\\\/vibrante-atardecer-electronico-en-casa-de-campo-con-la-fiesta-caribena-quimbara\\\/#article\",\"isPartOf\":{\"@id\":\"https:\\\/\\\/casadecampoliving.com\\\/es\\\/vibrante-atardecer-electronico-en-casa-de-campo-con-la-fiesta-caribena-quimbara\\\/\"},\"author\":{\"name\":\"Mairobi Herrera\",\"@id\":\"https:\\\/\\\/casadecampoliving.com\\\/es\\\/#\\\/schema\\\/person\\\/932e594484c49168ad37fbb9141bf699\"},\"headline\":\"Vibrante atardecer electr\u00f3nico en Casa de Campo con la fiesta caribe\u00f1a \u00abQUIMBARA\u00bb\",\"datePublished\":\"2024-03-26T17:12:02+00:00\",\"dateModified\":\"2024-03-26T17:12:26+00:00\",\"mainEntityOfPage\":{\"@id\":\"https:\\\/\\\/casadecampoliving.com\\\/es\\\/vibrante-atardecer-electronico-en-casa-de-campo-con-la-fiesta-caribena-quimbara\\\/\"},\"wordCount\":510,\"publisher\":{\"@id\":\"https:\\\/\\\/casadecampoliving.com\\\/es\\\/#organization\"},\"image\":{\"@id\":\"https:\\\/\\\/casadecampoliving.com\\\/es\\\/vibrante-atardecer-electronico-en-casa-de-campo-con-la-fiesta-caribena-quimbara\\\/#primaryimage\"},\"thumbnailUrl\":\"https:\\\/\\\/i0.wp.com\\\/casadecampoliving.com\\\/wp-content\\\/uploads\\\/2024\\\/03\\\/Loida-de-Kycek-Jason-Kycek-Thea-van-der-Werf-scaled.jpg?fit=2560%2C1706&ssl=1\",\"keywords\":[\"casa de campo @es\",\"Featured-TopView @es\",\"minitas beach club @es\",\"Minitas Beach Club@es\",\"Quimbara\"],\"articleSection\":[\"Casa de Campo Resort &amp; Villas\",\"Conciertos\",\"Eventos\",\"Lifestyle\",\"Vida Nocturna\"],\"inLanguage\":\"es\"},{\"@type\":\"WebPage\",\"@id\":\"https:\\\/\\\/casadecampoliving.com\\\/es\\\/vibrante-atardecer-electronico-en-casa-de-campo-con-la-fiesta-caribena-quimbara\\\/\",\"url\":\"https:\\\/\\\/casadecampoliving.com\\\/es\\\/vibrante-atardecer-electronico-en-casa-de-campo-con-la-fiesta-caribena-quimbara\\\/\",\"name\":\"Vibrante atardecer electr\u00f3nico en Casa de Campo con la fiesta caribe\u00f1a \\\"QUIMBARA\\\" | Casa de Campo Living\",\"isPartOf\":{\"@id\":\"https:\\\/\\\/casadecampoliving.com\\\/es\\\/#website\"},\"primaryImageOfPage\":{\"@id\":\"https:\\\/\\\/casadecampoliving.com\\\/es\\\/vibrante-atardecer-electronico-en-casa-de-campo-con-la-fiesta-caribena-quimbara\\\/#primaryimage\"},\"image\":{\"@id\":\"https:\\\/\\\/casadecampoliving.com\\\/es\\\/vibrante-atardecer-electronico-en-casa-de-campo-con-la-fiesta-caribena-quimbara\\\/#primaryimage\"},\"thumbnailUrl\":\"https:\\\/\\\/i0.wp.com\\\/casadecampoliving.com\\\/wp-content\\\/uploads\\\/2024\\\/03\\\/Loida-de-Kycek-Jason-Kycek-Thea-van-der-Werf-scaled.jpg?fit=2560%2C1706&ssl=1\",\"datePublished\":\"2024-03-26T17:12:02+00:00\",\"dateModified\":\"2024-03-26T17:12:26+00:00\",\"description\":\"La emoci\u00f3n alcanz\u00f3 su punto m\u00e1ximo el pasado s\u00e1bado 23 de marzo en el Minitas Beach Club de Casa de Campo con el evento \\\"QUIMBARA\\\", una fusi\u00f3n perfecta de\",\"breadcrumb\":{\"@id\":\"https:\\\/\\\/casadecampoliving.com\\\/es\\\/vibrante-atardecer-electronico-en-casa-de-campo-con-la-fiesta-caribena-quimbara\\\/#breadcrumb\"},\"inLanguage\":\"es\",\"potentialAction\":[{\"@type\":\"ReadAction\",\"target\":[\"https:\\\/\\\/casadecampoliving.com\\\/es\\\/vibrante-atardecer-electronico-en-casa-de-campo-con-la-fiesta-caribena-quimbara\\\/\"]}]},{\"@type\":\"ImageObject\",\"inLanguage\":\"es\",\"@id\":\"https:\\\/\\\/casadecampoliving.com\\\/es\\\/vibrante-atardecer-electronico-en-casa-de-campo-con-la-fiesta-caribena-quimbara\\\/#primaryimage\",\"url\":\"https:\\\/\\\/i0.wp.com\\\/casadecampoliving.com\\\/wp-content\\\/uploads\\\/2024\\\/03\\\/Loida-de-Kycek-Jason-Kycek-Thea-van-der-Werf-scaled.jpg?fit=2560%2C1706&ssl=1\",\"contentUrl\":\"https:\\\/\\\/i0.wp.com\\\/casadecampoliving.com\\\/wp-content\\\/uploads\\\/2024\\\/03\\\/Loida-de-Kycek-Jason-Kycek-Thea-van-der-Werf-scaled.jpg?fit=2560%2C1706&ssl=1\",\"width\":2560,\"height\":1706},{\"@type\":\"BreadcrumbList\",\"@id\":\"https:\\\/\\\/casadecampoliving.com\\\/es\\\/vibrante-atardecer-electronico-en-casa-de-campo-con-la-fiesta-caribena-quimbara\\\/#breadcrumb\",\"itemListElement\":[{\"@type\":\"ListItem\",\"position\":1,\"name\":\"Home\",\"item\":\"https:\\\/\\\/casadecampoliving.com\\\/es\\\/\"},{\"@type\":\"ListItem\",\"position\":2,\"name\":\"Vibrante atardecer electr\u00f3nico en Casa de Campo con la fiesta caribe\u00f1a \u00abQUIMBARA\u00bb\"}]},{\"@type\":\"WebSite\",\"@id\":\"https:\\\/\\\/casadecampoliving.com\\\/es\\\/#website\",\"url\":\"https:\\\/\\\/casadecampoliving.com\\\/es\\\/\",\"name\":\"Casa de Campo Living\",\"description\":\"Resort community news and resources.\",\"publisher\":{\"@id\":\"https:\\\/\\\/casadecampoliving.com\\\/es\\\/#organization\"},\"potentialAction\":[{\"@type\":\"SearchAction\",\"target\":{\"@type\":\"EntryPoint\",\"urlTemplate\":\"https:\\\/\\\/casadecampoliving.com\\\/es\\\/?s={search_term_string}\"},\"query-input\":{\"@type\":\"PropertyValueSpecification\",\"valueRequired\":true,\"valueName\":\"search_term_string\"}}],\"inLanguage\":\"es\"},{\"@type\":\"Organization\",\"@id\":\"https:\\\/\\\/casadecampoliving.com\\\/es\\\/#organization\",\"name\":\"Casa de Campo Living\",\"url\":\"https:\\\/\\\/casadecampoliving.com\\\/es\\\/\",\"logo\":{\"@type\":\"ImageObject\",\"inLanguage\":\"es\",\"@id\":\"https:\\\/\\\/casadecampoliving.com\\\/es\\\/#\\\/schema\\\/logo\\\/image\\\/\",\"url\":\"https:\\\/\\\/i0.wp.com\\\/casadecampoliving.com\\\/wp-content\\\/uploads\\\/2022\\\/07\\\/CDCLivingLogo_V1-white-sized.png?fit=800%2C214&ssl=1\",\"contentUrl\":\"https:\\\/\\\/i0.wp.com\\\/casadecampoliving.com\\\/wp-content\\\/uploads\\\/2022\\\/07\\\/CDCLivingLogo_V1-white-sized.png?fit=800%2C214&ssl=1\",\"width\":800,\"height\":214,\"caption\":\"Casa de Campo Living\"},\"image\":{\"@id\":\"https:\\\/\\\/casadecampoliving.com\\\/es\\\/#\\\/schema\\\/logo\\\/image\\\/\"},\"sameAs\":[\"https:\\\/\\\/www.facebook.com\\\/casadecampoliving\",\"https:\\\/\\\/x.com\\\/cdcliving\"]},{\"@type\":\"Person\",\"@id\":\"https:\\\/\\\/casadecampoliving.com\\\/es\\\/#\\\/schema\\\/person\\\/932e594484c49168ad37fbb9141bf699\",\"name\":\"Mairobi Herrera\",\"image\":{\"@type\":\"ImageObject\",\"inLanguage\":\"es\",\"@id\":\"https:\\\/\\\/secure.gravatar.com\\\/avatar\\\/d0bf6c19470eb55d83c719e39672f670b2c4412339af1eb8a08f86427ba98ee8?s=96&d=mm&r=g\",\"url\":\"https:\\\/\\\/secure.gravatar.com\\\/avatar\\\/d0bf6c19470eb55d83c719e39672f670b2c4412339af1eb8a08f86427ba98ee8?s=96&d=mm&r=g\",\"contentUrl\":\"https:\\\/\\\/secure.gravatar.com\\\/avatar\\\/d0bf6c19470eb55d83c719e39672f670b2c4412339af1eb8a08f86427ba98ee8?s=96&d=mm&r=g\",\"caption\":\"Mairobi Herrera\"},\"sameAs\":[\"https:\\\/\\\/casadecampoliving.com\\\/\"],\"url\":\"https:\\\/\\\/casadecampoliving.com\\\/es\\\/author\\\/mherrera\\\/\"}]}<\/script>\n<!-- \/ Yoast SEO plugin. -->","yoast_head_json":{"title":"Vibrante atardecer electr\u00f3nico en Casa de Campo con la fiesta caribe\u00f1a \"QUIMBARA\" | Casa de Campo Living","description":"La emoci\u00f3n alcanz\u00f3 su punto m\u00e1ximo el pasado s\u00e1bado 23 de marzo en el Minitas Beach Club de Casa de Campo con el evento \"QUIMBARA\", una fusi\u00f3n perfecta de","robots":{"index":"index","follow":"follow","max-snippet":"max-snippet:-1","max-image-preview":"max-image-preview:large","max-video-preview":"max-video-preview:-1"},"canonical":"https:\/\/casadecampoliving.com\/es\/vibrante-atardecer-electronico-en-casa-de-campo-con-la-fiesta-caribena-quimbara\/","og_locale":"es_ES","og_type":"article","og_title":"Vibrante atardecer electr\u00f3nico en Casa de Campo con la fiesta caribe\u00f1a \"QUIMBARA\" | Casa de Campo Living","og_description":"La emoci\u00f3n alcanz\u00f3 su punto m\u00e1ximo el pasado s\u00e1bado 23 de marzo en el Minitas Beach Club de Casa de Campo con el evento \"QUIMBARA\", una fusi\u00f3n perfecta de","og_url":"https:\/\/casadecampoliving.com\/es\/vibrante-atardecer-electronico-en-casa-de-campo-con-la-fiesta-caribena-quimbara\/","og_site_name":"Casa de Campo Living","article_publisher":"https:\/\/www.facebook.com\/casadecampoliving","article_published_time":"2024-03-26T17:12:02+00:00","article_modified_time":"2024-03-26T17:12:26+00:00","og_image":[{"width":2560,"height":1706,"url":"https:\/\/casadecampoliving.com\/wp-content\/uploads\/2024\/03\/Loida-de-Kycek-Jason-Kycek-Thea-van-der-Werf-scaled.jpg","type":"image\/jpeg"}],"author":"Mairobi Herrera","twitter_card":"summary_large_image","twitter_creator":"@cdcliving","twitter_site":"@cdcliving","twitter_misc":{"Escrito por":"Mairobi Herrera","Tiempo de lectura":"7 minutos"},"schema":{"@context":"https:\/\/schema.org","@graph":[{"@type":"Article","@id":"https:\/\/casadecampoliving.com\/es\/vibrante-atardecer-electronico-en-casa-de-campo-con-la-fiesta-caribena-quimbara\/#article","isPartOf":{"@id":"https:\/\/casadecampoliving.com\/es\/vibrante-atardecer-electronico-en-casa-de-campo-con-la-fiesta-caribena-quimbara\/"},"author":{"name":"Mairobi Herrera","@id":"https:\/\/casadecampoliving.com\/es\/#\/schema\/person\/932e594484c49168ad37fbb9141bf699"},"headline":"Vibrante atardecer electr\u00f3nico en Casa de Campo con la fiesta caribe\u00f1a \u00abQUIMBARA\u00bb","datePublished":"2024-03-26T17:12:02+00:00","dateModified":"2024-03-26T17:12:26+00:00","mainEntityOfPage":{"@id":"https:\/\/casadecampoliving.com\/es\/vibrante-atardecer-electronico-en-casa-de-campo-con-la-fiesta-caribena-quimbara\/"},"wordCount":510,"publisher":{"@id":"https:\/\/casadecampoliving.com\/es\/#organization"},"image":{"@id":"https:\/\/casadecampoliving.com\/es\/vibrante-atardecer-electronico-en-casa-de-campo-con-la-fiesta-caribena-quimbara\/#primaryimage"},"thumbnailUrl":"https:\/\/i0.wp.com\/casadecampoliving.com\/wp-content\/uploads\/2024\/03\/Loida-de-Kycek-Jason-Kycek-Thea-van-der-Werf-scaled.jpg?fit=2560%2C1706&ssl=1","keywords":["casa de campo @es","Featured-TopView @es","minitas beach club @es","Minitas Beach Club@es","Quimbara"],"articleSection":["Casa de Campo Resort &amp; Villas","Conciertos","Eventos","Lifestyle","Vida Nocturna"],"inLanguage":"es"},{"@type":"WebPage","@id":"https:\/\/casadecampoliving.com\/es\/vibrante-atardecer-electronico-en-casa-de-campo-con-la-fiesta-caribena-quimbara\/","url":"https:\/\/casadecampoliving.com\/es\/vibrante-atardecer-electronico-en-casa-de-campo-con-la-fiesta-caribena-quimbara\/","name":"Vibrante atardecer electr\u00f3nico en Casa de Campo con la fiesta caribe\u00f1a \"QUIMBARA\" | Casa de Campo Living","isPartOf":{"@id":"https:\/\/casadecampoliving.com\/es\/#website"},"primaryImageOfPage":{"@id":"https:\/\/casadecampoliving.com\/es\/vibrante-atardecer-electronico-en-casa-de-campo-con-la-fiesta-caribena-quimbara\/#primaryimage"},"image":{"@id":"https:\/\/casadecampoliving.com\/es\/vibrante-atardecer-electronico-en-casa-de-campo-con-la-fiesta-caribena-quimbara\/#primaryimage"},"thumbnailUrl":"https:\/\/i0.wp.com\/casadecampoliving.com\/wp-content\/uploads\/2024\/03\/Loida-de-Kycek-Jason-Kycek-Thea-van-der-Werf-scaled.jpg?fit=2560%2C1706&ssl=1","datePublished":"2024-03-26T17:12:02+00:00","dateModified":"2024-03-26T17:12:26+00:00","description":"La emoci\u00f3n alcanz\u00f3 su punto m\u00e1ximo el pasado s\u00e1bado 23 de marzo en el Minitas Beach Club de Casa de Campo con el evento \"QUIMBARA\", una fusi\u00f3n perfecta de","breadcrumb":{"@id":"https:\/\/casadecampoliving.com\/es\/vibrante-atardecer-electronico-en-casa-de-campo-con-la-fiesta-caribena-quimbara\/#breadcrumb"},"inLanguage":"es","potentialAction":[{"@type":"ReadAction","target":["https:\/\/casadecampoliving.com\/es\/vibrante-atardecer-electronico-en-casa-de-campo-con-la-fiesta-caribena-quimbara\/"]}]},{"@type":"ImageObject","inLanguage":"es","@id":"https:\/\/casadecampoliving.com\/es\/vibrante-atardecer-electronico-en-casa-de-campo-con-la-fiesta-caribena-quimbara\/#primaryimage","url":"https:\/\/i0.wp.com\/casadecampoliving.com\/wp-content\/uploads\/2024\/03\/Loida-de-Kycek-Jason-Kycek-Thea-van-der-Werf-scaled.jpg?fit=2560%2C1706&ssl=1","contentUrl":"https:\/\/i0.wp.com\/casadecampoliving.com\/wp-content\/uploads\/2024\/03\/Loida-de-Kycek-Jason-Kycek-Thea-van-der-Werf-scaled.jpg?fit=2560%2C1706&ssl=1","width":2560,"height":1706},{"@type":"BreadcrumbList","@id":"https:\/\/casadecampoliving.com\/es\/vibrante-atardecer-electronico-en-casa-de-campo-con-la-fiesta-caribena-quimbara\/#breadcrumb","itemListElement":[{"@type":"ListItem","position":1,"name":"Home","item":"https:\/\/casadecampoliving.com\/es\/"},{"@type":"ListItem","position":2,"name":"Vibrante atardecer electr\u00f3nico en Casa de Campo con la fiesta caribe\u00f1a \u00abQUIMBARA\u00bb"}]},{"@type":"WebSite","@id":"https:\/\/casadecampoliving.com\/es\/#website","url":"https:\/\/casadecampoliving.com\/es\/","name":"Casa de Campo Living","description":"Resort community news and resources.","publisher":{"@id":"https:\/\/casadecampoliving.com\/es\/#organization"},"potentialAction":[{"@type":"SearchAction","target":{"@type":"EntryPoint","urlTemplate":"https:\/\/casadecampoliving.com\/es\/?s={search_term_string}"},"query-input":{"@type":"PropertyValueSpecification","valueRequired":true,"valueName":"search_term_string"}}],"inLanguage":"es"},{"@type":"Organization","@id":"https:\/\/casadecampoliving.com\/es\/#organization","name":"Casa de Campo Living","url":"https:\/\/casadecampoliving.com\/es\/","logo":{"@type":"ImageObject","inLanguage":"es","@id":"https:\/\/casadecampoliving.com\/es\/#\/schema\/logo\/image\/","url":"https:\/\/i0.wp.com\/casadecampoliving.com\/wp-content\/uploads\/2022\/07\/CDCLivingLogo_V1-white-sized.png?fit=800%2C214&ssl=1","contentUrl":"https:\/\/i0.wp.com\/casadecampoliving.com\/wp-content\/uploads\/2022\/07\/CDCLivingLogo_V1-white-sized.png?fit=800%2C214&ssl=1","width":800,"height":214,"caption":"Casa de Campo Living"},"image":{"@id":"https:\/\/casadecampoliving.com\/es\/#\/schema\/logo\/image\/"},"sameAs":["https:\/\/www.facebook.com\/casadecampoliving","https:\/\/x.com\/cdcliving"]},{"@type":"Person","@id":"https:\/\/casadecampoliving.com\/es\/#\/schema\/person\/932e594484c49168ad37fbb9141bf699","name":"Mairobi Herrera","image":{"@type":"ImageObject","inLanguage":"es","@id":"https:\/\/secure.gravatar.com\/avatar\/d0bf6c19470eb55d83c719e39672f670b2c4412339af1eb8a08f86427ba98ee8?s=96&d=mm&r=g","url":"https:\/\/secure.gravatar.com\/avatar\/d0bf6c19470eb55d83c719e39672f670b2c4412339af1eb8a08f86427ba98ee8?s=96&d=mm&r=g","contentUrl":"https:\/\/secure.gravatar.com\/avatar\/d0bf6c19470eb55d83c719e39672f670b2c4412339af1eb8a08f86427ba98ee8?s=96&d=mm&r=g","caption":"Mairobi Herrera"},"sameAs":["https:\/\/casadecampoliving.com\/"],"url":"https:\/\/casadecampoliving.com\/es\/author\/mherrera\/"}]}},"parsely":{"version":"1.1.0","canonical_url":"https:\/\/casadecampoliving.com\/es\/vibrante-atardecer-electronico-en-casa-de-campo-con-la-fiesta-caribena-quimbara\/","smart_links":{"inbound":0,"outbound":0},"traffic_boost_suggestions_count":0,"meta":{"@context":"https:\/\/schema.org","@type":"NewsArticle","headline":"Vibrante atardecer electr\u00f3nico en Casa de Campo con la fiesta caribe\u00f1a \u00abQUIMBARA\u00bb","url":"http:\/\/casadecampoliving.com\/es\/vibrante-atardecer-electronico-en-casa-de-campo-con-la-fiesta-caribena-quimbara\/","mainEntityOfPage":{"@type":"WebPage","@id":"http:\/\/casadecampoliving.com\/es\/vibrante-atardecer-electronico-en-casa-de-campo-con-la-fiesta-caribena-quimbara\/"},"thumbnailUrl":"https:\/\/i0.wp.com\/casadecampoliving.com\/wp-content\/uploads\/2024\/03\/Loida-de-Kycek-Jason-Kycek-Thea-van-der-Werf-scaled.jpg?resize=150%2C150&ssl=1","image":{"@type":"ImageObject","url":"https:\/\/i0.wp.com\/casadecampoliving.com\/wp-content\/uploads\/2024\/03\/Loida-de-Kycek-Jason-Kycek-Thea-van-der-Werf-scaled.jpg?fit=2560%2C1706&ssl=1"},"articleSection":"Casa de Campo Resort &amp; Villas","author":[{"@type":"Person","name":"Mairobi Herrera"}],"creator":["Mairobi Herrera"],"publisher":{"@type":"Organization","name":"Casa de Campo Living","logo":"https:\/\/casadecampoliving.com\/wp-content\/uploads\/2022\/07\/CDCLivingLogo_V1-white-sized.png"},"keywords":["casa de campo @es","featured-topview @es","minitas beach club @es","minitas beach club@es","quimbara"],"dateCreated":"2024-03-26T17:12:02Z","datePublished":"2024-03-26T17:12:02Z","dateModified":"2024-03-26T17:12:26Z"},"rendered":"<script type=\"application\/ld+json\" class=\"wp-parsely-metadata\">{\"@context\":\"https:\\\/\\\/schema.org\",\"@type\":\"NewsArticle\",\"headline\":\"Vibrante atardecer electr\\u00f3nico en Casa de Campo con la fiesta caribe\\u00f1a \\u00abQUIMBARA\\u00bb\",\"url\":\"http:\\\/\\\/casadecampoliving.com\\\/es\\\/vibrante-atardecer-electronico-en-casa-de-campo-con-la-fiesta-caribena-quimbara\\\/\",\"mainEntityOfPage\":{\"@type\":\"WebPage\",\"@id\":\"http:\\\/\\\/casadecampoliving.com\\\/es\\\/vibrante-atardecer-electronico-en-casa-de-campo-con-la-fiesta-caribena-quimbara\\\/\"},\"thumbnailUrl\":\"https:\\\/\\\/i0.wp.com\\\/casadecampoliving.com\\\/wp-content\\\/uploads\\\/2024\\\/03\\\/Loida-de-Kycek-Jason-Kycek-Thea-van-der-Werf-scaled.jpg?resize=150%2C150&ssl=1\",\"image\":{\"@type\":\"ImageObject\",\"url\":\"https:\\\/\\\/i0.wp.com\\\/casadecampoliving.com\\\/wp-content\\\/uploads\\\/2024\\\/03\\\/Loida-de-Kycek-Jason-Kycek-Thea-van-der-Werf-scaled.jpg?fit=2560%2C1706&ssl=1\"},\"articleSection\":\"Casa de Campo Resort &amp; Villas\",\"author\":[{\"@type\":\"Person\",\"name\":\"Mairobi Herrera\"}],\"creator\":[\"Mairobi Herrera\"],\"publisher\":{\"@type\":\"Organization\",\"name\":\"Casa de Campo Living\",\"logo\":\"https:\\\/\\\/casadecampoliving.com\\\/wp-content\\\/uploads\\\/2022\\\/07\\\/CDCLivingLogo_V1-white-sized.png\"},\"keywords\":[\"casa de campo @es\",\"featured-topview @es\",\"minitas beach club @es\",\"minitas beach club@es\",\"quimbara\"],\"dateCreated\":\"2024-03-26T17:12:02Z\",\"datePublished\":\"2024-03-26T17:12:02Z\",\"dateModified\":\"2024-03-26T17:12:26Z\"}<\/script>","tracker_url":"https:\/\/cdn.parsely.com\/keys\/casadecampoliving.com\/p.js"},"jetpack_publicize_connections":[],"jetpack_featured_media_url":"https:\/\/i0.wp.com\/casadecampoliving.com\/wp-content\/uploads\/2024\/03\/Loida-de-Kycek-Jason-Kycek-Thea-van-der-Werf-scaled.jpg?fit=2560%2C1706&ssl=1","jetpack-related-posts":[{"id":536349,"url":"https:\/\/casadecampoliving.com\/es\/quimbara-la-fiesta-exclusiva-que-enamora-en-casa-de-campo\/","url_meta":{"origin":529304,"position":0},"title":"Quimbara: La fiesta exclusiva que enamora en Casa de Campo","author":"Mairobi Herrera","date":"22 Ene, 2025","format":false,"excerpt":"Desde hace tres a\u00f1os, Quimbara, la fiesta de m\u00fasica electr\u00f3nica organizada por el empresario\u00a0 Orson Salazar, ha conquistado el coraz\u00f3n de la comunidad de Casa de Campo y los j\u00f3venes m\u00e1s exclusivos de la capital. Este evento, que tiene lugar en los impresionantes escenarios de Casa de Campo, se ha\u2026","rel":"","context":"En \u00abComunidad\u00bb","block_context":{"text":"Comunidad","link":"https:\/\/casadecampoliving.com\/es\/category\/comunidad\/"},"img":{"alt_text":"","src":"https:\/\/i0.wp.com\/casadecampoliving.com\/wp-content\/uploads\/2025\/01\/DSC04070-Mejorado-NR-scaled.jpg?fit=1200%2C767&ssl=1&resize=350%2C200","width":350,"height":200,"srcset":"https:\/\/i0.wp.com\/casadecampoliving.com\/wp-content\/uploads\/2025\/01\/DSC04070-Mejorado-NR-scaled.jpg?fit=1200%2C767&ssl=1&resize=350%2C200 1x, https:\/\/i0.wp.com\/casadecampoliving.com\/wp-content\/uploads\/2025\/01\/DSC04070-Mejorado-NR-scaled.jpg?fit=1200%2C767&ssl=1&resize=525%2C300 1.5x, https:\/\/i0.wp.com\/casadecampoliving.com\/wp-content\/uploads\/2025\/01\/DSC04070-Mejorado-NR-scaled.jpg?fit=1200%2C767&ssl=1&resize=700%2C400 2x, https:\/\/i0.wp.com\/casadecampoliving.com\/wp-content\/uploads\/2025\/01\/DSC04070-Mejorado-NR-scaled.jpg?fit=1200%2C767&ssl=1&resize=1050%2C600 3x"},"classes":[]},{"id":536255,"url":"https:\/\/casadecampoliving.com\/es\/quimbara-regresa-a-playa-minitas-el-18-de-enero-de-2025\/","url_meta":{"origin":529304,"position":1},"title":"Quimbara Regresa a Playa Minitas el 18 de Enero de 2025","author":"Casa de Campo Living","date":"14 Ene, 2025","format":false,"excerpt":"Despu\u00e9s de un aplazamiento debido a las inclemencias del tiempo en diciembre, la esperada fiesta en la playa Quimbara est\u00e1 lista para iluminar Playa Minitas el 18 de enero de 2025. Desde las 4 p.m., este evento reinventado promete una fusi\u00f3n inolvidable de sol, arena y beats electrizantes. Con los\u2026","rel":"","context":"En \u00abCasa de Campo Resort &amp; Villas\u00bb","block_context":{"text":"Casa de Campo Resort &amp; Villas","link":"https:\/\/casadecampoliving.com\/es\/category\/casa-de-campo-resort-villas\/"},"img":{"alt_text":"","src":"https:\/\/i0.wp.com\/casadecampoliving.com\/wp-content\/uploads\/2025\/01\/QUIMBARA-rsw_1280h_1921.png?fit=1200%2C960&ssl=1&resize=350%2C200","width":350,"height":200,"srcset":"https:\/\/i0.wp.com\/casadecampoliving.com\/wp-content\/uploads\/2025\/01\/QUIMBARA-rsw_1280h_1921.png?fit=1200%2C960&ssl=1&resize=350%2C200 1x, https:\/\/i0.wp.com\/casadecampoliving.com\/wp-content\/uploads\/2025\/01\/QUIMBARA-rsw_1280h_1921.png?fit=1200%2C960&ssl=1&resize=525%2C300 1.5x, https:\/\/i0.wp.com\/casadecampoliving.com\/wp-content\/uploads\/2025\/01\/QUIMBARA-rsw_1280h_1921.png?fit=1200%2C960&ssl=1&resize=700%2C400 2x, https:\/\/i0.wp.com\/casadecampoliving.com\/wp-content\/uploads\/2025\/01\/QUIMBARA-rsw_1280h_1921.png?fit=1200%2C960&ssl=1&resize=1050%2C600 3x"},"classes":[]},{"id":539495,"url":"https:\/\/casadecampoliving.com\/es\/fiesta-quimbara-enciende-playa-minitas\/","url_meta":{"origin":529304,"position":2},"title":"Fiesta Quimbara enciende Playa Minitas","author":"Mairobi Herrera","date":"25 Mar, 2025","format":false,"excerpt":"El pasado 22 de marzo, el bar Coco Mar de Playa Minitas se transform\u00f3 en el epicentro de la fiesta m\u00e1s \u00e9pica de la temporada. Quimbara no solo cumpli\u00f3 su promesa: demostr\u00f3 por qu\u00e9 es una cita consolidada en la comunidad de Casa de Campo y una revelaci\u00f3n dentro de\u2026","rel":"","context":"En \u00abCasa de Campo Resort &amp; Villas\u00bb","block_context":{"text":"Casa de Campo Resort &amp; Villas","link":"https:\/\/casadecampoliving.com\/es\/category\/casa-de-campo-resort-villas\/"},"img":{"alt_text":"","src":"https:\/\/i0.wp.com\/casadecampoliving.com\/wp-content\/uploads\/2025\/03\/DSC04818-scaled.jpeg?fit=1200%2C800&ssl=1&resize=350%2C200","width":350,"height":200,"srcset":"https:\/\/i0.wp.com\/casadecampoliving.com\/wp-content\/uploads\/2025\/03\/DSC04818-scaled.jpeg?fit=1200%2C800&ssl=1&resize=350%2C200 1x, https:\/\/i0.wp.com\/casadecampoliving.com\/wp-content\/uploads\/2025\/03\/DSC04818-scaled.jpeg?fit=1200%2C800&ssl=1&resize=525%2C300 1.5x, https:\/\/i0.wp.com\/casadecampoliving.com\/wp-content\/uploads\/2025\/03\/DSC04818-scaled.jpeg?fit=1200%2C800&ssl=1&resize=700%2C400 2x, https:\/\/i0.wp.com\/casadecampoliving.com\/wp-content\/uploads\/2025\/03\/DSC04818-scaled.jpeg?fit=1200%2C800&ssl=1&resize=1050%2C600 3x"},"classes":[]},{"id":528797,"url":"https:\/\/casadecampoliving.com\/es\/casa-de-campo-se-prepara-para-una-electrizante-fiesta-en-la-playa\/","url_meta":{"origin":529304,"position":3},"title":"Casa de Campo se prepara para una electrizante fiesta en la playa","author":"Casa de Campo Living","date":"18 Mar, 2024","format":false,"excerpt":"\u00a1Reserva la fecha para una extravagancia electrizante en la Playa Minitas el 23 de marzo -\u00a1Quimbara est\u00e1 de vuelta! El evento promete ser una vibrante celebraci\u00f3n de m\u00fasica electr\u00f3nica de \u00e9lite. Presenta una destacada alineaci\u00f3n de DJs de clase mundial listos para encender la noche con sus ritmos y beats\u2026","rel":"","context":"En \u00abCasa de Campo Resort &amp; Villas\u00bb","block_context":{"text":"Casa de Campo Resort &amp; Villas","link":"https:\/\/casadecampoliving.com\/es\/category\/casa-de-campo-resort-villas\/"},"img":{"alt_text":"","src":"https:\/\/i0.wp.com\/casadecampoliving.com\/wp-content\/uploads\/2024\/03\/Quimbara-final-2890.jpg?fit=1080%2C864&ssl=1&resize=350%2C200","width":350,"height":200,"srcset":"https:\/\/i0.wp.com\/casadecampoliving.com\/wp-content\/uploads\/2024\/03\/Quimbara-final-2890.jpg?fit=1080%2C864&ssl=1&resize=350%2C200 1x, https:\/\/i0.wp.com\/casadecampoliving.com\/wp-content\/uploads\/2024\/03\/Quimbara-final-2890.jpg?fit=1080%2C864&ssl=1&resize=525%2C300 1.5x, https:\/\/i0.wp.com\/casadecampoliving.com\/wp-content\/uploads\/2024\/03\/Quimbara-final-2890.jpg?fit=1080%2C864&ssl=1&resize=700%2C400 2x, https:\/\/i0.wp.com\/casadecampoliving.com\/wp-content\/uploads\/2024\/03\/Quimbara-final-2890.jpg?fit=1080%2C864&ssl=1&resize=1050%2C600 3x"},"classes":[]},{"id":538581,"url":"https:\/\/casadecampoliving.com\/es\/quimbara-sunset-party-iluminara-playa-minitas-el-22-de-marzo\/","url_meta":{"origin":529304,"position":4},"title":"Quimbara Sunset Party Iluminar\u00e1 Playa Minitas el 22 de Marzo","author":"Casa de Campo Living","date":"7 Mar, 2025","format":false,"excerpt":"El 22 de marzo de 2025, la Quimbara Sunset Party volver\u00e1 a transformar Minitas Beach en una vibrante celebraci\u00f3n de m\u00fasica y comunidad. A partir de las 4 p.m. en Coco Mar, este evento promete una noche inolvidable donde los ritmos de la m\u00fasica electr\u00f3nica se fusionan con el sereno\u2026","rel":"","context":"En \u00abCasa de Campo Resort &amp; Villas\u00bb","block_context":{"text":"Casa de Campo Resort &amp; Villas","link":"https:\/\/casadecampoliving.com\/es\/category\/casa-de-campo-resort-villas\/"},"img":{"alt_text":"","src":"https:\/\/i0.wp.com\/casadecampoliving.com\/wp-content\/uploads\/2025\/03\/Quimabara_Enero_January_2025_SC04332-Mejorado-NR-2.jpg?fit=1200%2C840&ssl=1&resize=350%2C200","width":350,"height":200,"srcset":"https:\/\/i0.wp.com\/casadecampoliving.com\/wp-content\/uploads\/2025\/03\/Quimabara_Enero_January_2025_SC04332-Mejorado-NR-2.jpg?fit=1200%2C840&ssl=1&resize=350%2C200 1x, https:\/\/i0.wp.com\/casadecampoliving.com\/wp-content\/uploads\/2025\/03\/Quimabara_Enero_January_2025_SC04332-Mejorado-NR-2.jpg?fit=1200%2C840&ssl=1&resize=525%2C300 1.5x, https:\/\/i0.wp.com\/casadecampoliving.com\/wp-content\/uploads\/2025\/03\/Quimabara_Enero_January_2025_SC04332-Mejorado-NR-2.jpg?fit=1200%2C840&ssl=1&resize=700%2C400 2x, https:\/\/i0.wp.com\/casadecampoliving.com\/wp-content\/uploads\/2025\/03\/Quimabara_Enero_January_2025_SC04332-Mejorado-NR-2.jpg?fit=1200%2C840&ssl=1&resize=1050%2C600 3x"},"classes":[]},{"id":536247,"url":"https:\/\/casadecampoliving.com\/quimbara-returns-to-minitas-beach-on-jan-18-2025\/","url_meta":{"origin":529304,"position":5},"title":"Quimbara Returns to Minitas Beach on Jan. 18, 2025","author":"Casa de Campo Living","date":"14 Ene, 2025","format":false,"excerpt":"After a weather postponement in December, the highly anticipated Quimbara beach party is set to light up Minitas Beach on Jan. 18, 2025. Starting at 4 p.m., this reimagined event promises an unforgettable fusion of sun, sand and electrifying beats. Headlined by DJs Conrad Wittkop and Jarp, Quimbara will deliver\u2026","rel":"","context":"En \u00abCasa de Campo Living\u00bb","block_context":{"text":"Casa de Campo Living","link":"https:\/\/casadecampoliving.com\/category\/casa-de-campo-living\/"},"img":{"alt_text":"","src":"https:\/\/i0.wp.com\/casadecampoliving.com\/wp-content\/uploads\/2025\/01\/QUIMBARA-rsw_1280h_1921.png?fit=1200%2C960&ssl=1&resize=350%2C200","width":350,"height":200,"srcset":"https:\/\/i0.wp.com\/casadecampoliving.com\/wp-content\/uploads\/2025\/01\/QUIMBARA-rsw_1280h_1921.png?fit=1200%2C960&ssl=1&resize=350%2C200 1x, https:\/\/i0.wp.com\/casadecampoliving.com\/wp-content\/uploads\/2025\/01\/QUIMBARA-rsw_1280h_1921.png?fit=1200%2C960&ssl=1&resize=525%2C300 1.5x, https:\/\/i0.wp.com\/casadecampoliving.com\/wp-content\/uploads\/2025\/01\/QUIMBARA-rsw_1280h_1921.png?fit=1200%2C960&ssl=1&resize=700%2C400 2x, https:\/\/i0.wp.com\/casadecampoliving.com\/wp-content\/uploads\/2025\/01\/QUIMBARA-rsw_1280h_1921.png?fit=1200%2C960&ssl=1&resize=1050%2C600 3x"},"classes":[]}],"jetpack_sharing_enabled":true,"_links":{"self":[{"href":"https:\/\/casadecampoliving.com\/es\/wp-json\/wp\/v2\/posts\/529304","targetHints":{"allow":["GET"]}}],"collection":[{"href":"https:\/\/casadecampoliving.com\/es\/wp-json\/wp\/v2\/posts"}],"about":[{"href":"https:\/\/casadecampoliving.com\/es\/wp-json\/wp\/v2\/types\/post"}],"author":[{"embeddable":true,"href":"https:\/\/casadecampoliving.com\/es\/wp-json\/wp\/v2\/users\/431"}],"replies":[{"embeddable":true,"href":"https:\/\/casadecampoliving.com\/es\/wp-json\/wp\/v2\/comments?post=529304"}],"version-history":[{"count":2,"href":"https:\/\/casadecampoliving.com\/es\/wp-json\/wp\/v2\/posts\/529304\/revisions"}],"predecessor-version":[{"id":529350,"href":"https:\/\/casadecampoliving.com\/es\/wp-json\/wp\/v2\/posts\/529304\/revisions\/529350"}],"wp:featuredmedia":[{"embeddable":true,"href":"https:\/\/casadecampoliving.com\/es\/wp-json\/wp\/v2\/media\/529309"}],"wp:attachment":[{"href":"https:\/\/casadecampoliving.com\/es\/wp-json\/wp\/v2\/media?parent=529304"}],"wp:term":[{"taxonomy":"category","embeddable":true,"href":"https:\/\/casadecampoliving.com\/es\/wp-json\/wp\/v2\/categories?post=529304"},{"taxonomy":"post_tag","embeddable":true,"href":"https:\/\/casadecampoliving.com\/es\/wp-json\/wp\/v2\/tags?post=529304"},{"taxonomy":"newspack_spnsrs_tax","embeddable":true,"href":"https:\/\/casadecampoliving.com\/es\/wp-json\/wp\/v2\/newspack_spnsrs_tax?post=529304"}],"curies":[{"name":"wp","href":"https:\/\/api.w.org\/{rel}","templated":true}]}}