{"id":528778,"date":"2024-03-16T13:26:47","date_gmt":"2024-03-16T17:26:47","guid":{"rendered":"https:\/\/casadecampoliving.com\/?p=528778"},"modified":"2024-03-18T20:07:47","modified_gmt":"2024-03-19T00:07:47","slug":"ala-von-auersperg-trunk-show-5-dias-de-elegancia","status":"publish","type":"post","link":"https:\/\/casadecampoliving.com\/es\/ala-von-auersperg-trunk-show-5-dias-de-elegancia\/","title":{"rendered":"Ala von Auersperg Trunk Show: 5 D\u00edas de Elegancia"},"content":{"rendered":"\n<p>Disfrute de cinco d\u00edas de elegancia en el Ala von Auersperg Trunk Show, que se llevar\u00e1 a cabo en la Suite VIP de The Spa Casa de Campo del 19 al 23 de marzo. Descubre una exquisita variedad de dise\u00f1os que combinan elegancia con un toque contempor\u00e1neo, reflejando la est\u00e9tica caracter\u00edstica del dise\u00f1ador.<\/p>\n\n\n<div class=\"wp-block-image\">\n<figure class=\"alignright size-large\"><img data-recalc-dims=\"1\" loading=\"lazy\" decoding=\"async\" width=\"791\" height=\"1024\" src=\"https:\/\/i0.wp.com\/casadecampoliving.com\/wp-content\/uploads\/2024\/03\/Shot-32_2795.jpg?resize=791%2C1024&#038;ssl=1\" alt=\"\" class=\"wp-image-528767\" srcset=\"https:\/\/i0.wp.com\/casadecampoliving.com\/wp-content\/uploads\/2024\/03\/Shot-32_2795-scaled.jpg?resize=791%2C1024&amp;ssl=1 791w, https:\/\/i0.wp.com\/casadecampoliving.com\/wp-content\/uploads\/2024\/03\/Shot-32_2795-scaled.jpg?resize=232%2C300&amp;ssl=1 232w, https:\/\/i0.wp.com\/casadecampoliving.com\/wp-content\/uploads\/2024\/03\/Shot-32_2795-scaled.jpg?resize=768%2C994&amp;ssl=1 768w, https:\/\/i0.wp.com\/casadecampoliving.com\/wp-content\/uploads\/2024\/03\/Shot-32_2795-scaled.jpg?resize=1187%2C1536&amp;ssl=1 1187w, https:\/\/i0.wp.com\/casadecampoliving.com\/wp-content\/uploads\/2024\/03\/Shot-32_2795-scaled.jpg?resize=1582%2C2048&amp;ssl=1 1582w, https:\/\/i0.wp.com\/casadecampoliving.com\/wp-content\/uploads\/2024\/03\/Shot-32_2795-scaled.jpg?resize=1200%2C1553&amp;ssl=1 1200w, https:\/\/i0.wp.com\/casadecampoliving.com\/wp-content\/uploads\/2024\/03\/Shot-32_2795-scaled.jpg?resize=1568%2C2029&amp;ssl=1 1568w, https:\/\/i0.wp.com\/casadecampoliving.com\/wp-content\/uploads\/2024\/03\/Shot-32_2795-scaled.jpg?resize=400%2C518&amp;ssl=1 400w, https:\/\/i0.wp.com\/casadecampoliving.com\/wp-content\/uploads\/2024\/03\/Shot-32_2795-scaled.jpg?resize=1320%2C1708&amp;ssl=1 1320w, https:\/\/i0.wp.com\/casadecampoliving.com\/wp-content\/uploads\/2024\/03\/Shot-32_2795-scaled.jpg?resize=150%2C194&amp;ssl=1 150w, https:\/\/i0.wp.com\/casadecampoliving.com\/wp-content\/uploads\/2024\/03\/Shot-32_2795-scaled.jpg?w=1978&amp;ssl=1 1978w, https:\/\/i0.wp.com\/casadecampoliving.com\/wp-content\/uploads\/2024\/03\/Shot-32_2795-791x1024.jpg?w=370&amp;ssl=1 370w\" sizes=\"auto, (max-width: 791px) 100vw, 791px\" \/><\/figure>\n<\/div>\n\n\n<p>Uno de los puntos destacados del evento ser\u00e1 el desfile de pasarela el 19 de marzo, que contar\u00e1 con las piezas ic\u00f3nicas de Ala von Auersperg. El a\u00f1o pasado, el trabajo del dise\u00f1ador cautiv\u00f3 a la audiencia en el <a href=\"https:\/\/casadecampoliving.com\/es\/un-encuentro-con-estilo-el-mir-sugar-bazaar-y-almuerzo-de-dama-2023\/\" target=\"_blank\" rel=\"noreferrer noopener nofollow\">MIR Sugar Bazaar<\/a>; cinco modelos impactaron a todos a trav\u00e9s de seis cambios de atuendo con estampados vibrantes y siluetas fluidas.<\/p>\n\n\n\n<p>Originaria de Palm Springs y fundada en 2015 por Ala Isham, el proceso creativo de Ala von Auersperg est\u00e1 profundamente arraigado en la artesan\u00eda. A menudo comienza con sus pinturas o bocetos, que su dedicado equipo transforma en estampados cautivadores. Este enfoque \u00fanico resulta en prendas que combinan moda y arte de manera perfecta, exudando un sentido de belleza natural y sofisticaci\u00f3n.<\/p>\n\n\n\n<p>Celebrando la feminidad y la alegr\u00eda, la colecci\u00f3n de Ala von Auersperg est\u00e1 inspirada en viajes globales y en una apreciaci\u00f3n por la artesan\u00eda. Con su elegancia atemporal y estampados vibrantes, encarna el estilo y la confianza sin esfuerzo.<\/p>\n\n\n\n<p>No te pierdas esta ocasi\u00f3n \u00fanica \u2014 \u00a1marca tu calendario ahora!<\/p>\n\n\n<div class=\"wp-block-image\">\n<figure class=\"aligncenter size-large\"><img data-recalc-dims=\"1\" loading=\"lazy\" decoding=\"async\" width=\"1022\" height=\"1024\" data-attachment-id=\"528806\" data-permalink=\"https:\/\/casadecampoliving.com\/es\/ala-von-auersperg-trunk-show-5-dias-de-elegancia\/ala-von-auersperg-trunk-show-2\/\" data-orig-file=\"https:\/\/i0.wp.com\/casadecampoliving.com\/wp-content\/uploads\/2024\/03\/Ala-Von-Auersperg-Trunk-Show.jpg?fit=1073%2C1075&amp;ssl=1\" data-orig-size=\"1073,1075\" data-comments-opened=\"0\" data-image-meta=\"{&quot;aperture&quot;:&quot;0&quot;,&quot;credit&quot;:&quot;&quot;,&quot;camera&quot;:&quot;&quot;,&quot;caption&quot;:&quot;&quot;,&quot;created_timestamp&quot;:&quot;0&quot;,&quot;copyright&quot;:&quot;&quot;,&quot;focal_length&quot;:&quot;0&quot;,&quot;iso&quot;:&quot;0&quot;,&quot;shutter_speed&quot;:&quot;0&quot;,&quot;title&quot;:&quot;&quot;,&quot;orientation&quot;:&quot;1&quot;}\" data-image-title=\"Ala-Von-Auersperg-Trunk-Show\" data-image-description=\"\" data-image-caption=\"\" data-large-file=\"https:\/\/i0.wp.com\/casadecampoliving.com\/wp-content\/uploads\/2024\/03\/Ala-Von-Auersperg-Trunk-Show.jpg?fit=1022%2C1024&amp;ssl=1\" src=\"https:\/\/i0.wp.com\/casadecampoliving.com\/wp-content\/uploads\/2024\/03\/Ala-Von-Auersperg-Trunk-Show.jpg?resize=1022%2C1024&#038;ssl=1\" alt=\"\" class=\"wp-image-528806\" srcset=\"https:\/\/i0.wp.com\/casadecampoliving.com\/wp-content\/uploads\/2024\/03\/Ala-Von-Auersperg-Trunk-Show.jpg?resize=1022%2C1024&amp;ssl=1 1022w, https:\/\/i0.wp.com\/casadecampoliving.com\/wp-content\/uploads\/2024\/03\/Ala-Von-Auersperg-Trunk-Show.jpg?resize=300%2C300&amp;ssl=1 300w, https:\/\/i0.wp.com\/casadecampoliving.com\/wp-content\/uploads\/2024\/03\/Ala-Von-Auersperg-Trunk-Show.jpg?resize=150%2C150&amp;ssl=1 150w, https:\/\/i0.wp.com\/casadecampoliving.com\/wp-content\/uploads\/2024\/03\/Ala-Von-Auersperg-Trunk-Show.jpg?resize=768%2C769&amp;ssl=1 768w, https:\/\/i0.wp.com\/casadecampoliving.com\/wp-content\/uploads\/2024\/03\/Ala-Von-Auersperg-Trunk-Show.jpg?resize=600%2C600&amp;ssl=1 600w, https:\/\/i0.wp.com\/casadecampoliving.com\/wp-content\/uploads\/2024\/03\/Ala-Von-Auersperg-Trunk-Show.jpg?resize=400%2C401&amp;ssl=1 400w, https:\/\/i0.wp.com\/casadecampoliving.com\/wp-content\/uploads\/2024\/03\/Ala-Von-Auersperg-Trunk-Show.jpg?resize=200%2C200&amp;ssl=1 200w, https:\/\/i0.wp.com\/casadecampoliving.com\/wp-content\/uploads\/2024\/03\/Ala-Von-Auersperg-Trunk-Show.jpg?resize=96%2C96&amp;ssl=1 96w, https:\/\/i0.wp.com\/casadecampoliving.com\/wp-content\/uploads\/2024\/03\/Ala-Von-Auersperg-Trunk-Show.jpg?w=1073&amp;ssl=1 1073w, https:\/\/i0.wp.com\/casadecampoliving.com\/wp-content\/uploads\/2024\/03\/Ala-Von-Auersperg-Trunk-Show-1022x1024.jpg?w=370&amp;ssl=1 370w\" sizes=\"auto, (max-width: 1000px) 100vw, 1000px\" \/><\/figure>\n<\/div>","protected":false},"excerpt":{"rendered":"<p>Disfrute de cinco d\u00edas de elegancia en el Ala von Auersperg Trunk Show, que se llevar\u00e1 a cabo en la Suite VIP de The Spa Casa de Campo del 19 al 23 de marzo. Descubre una exquisita variedad de dise\u00f1os que combinan elegancia con un toque contempor\u00e1neo, reflejando la est\u00e9tica caracter\u00edstica del dise\u00f1ador. Uno de [&hellip;]<\/p>\n","protected":false},"author":36791,"featured_media":528764,"comment_status":"closed","ping_status":"closed","sticky":false,"template":"","format":"standard","meta":{"newspack_ads_suppress_ads":false,"newspack_popups_has_disabled_popups":false,"newspack_sponsor_sponsorship_scope":"","newspack_sponsor_native_byline_display":"inherit","newspack_sponsor_native_category_display":"inherit","newspack_sponsor_underwriter_style":"inherit","newspack_sponsor_underwriter_placement":"inherit","_newspack_byline_active":false,"_newspack_byline":"","newspack_hide_updated_date":false,"newspack_show_updated_date":false,"newspack_content_restriction_is_exempt":false,"newspack_featured_image_position":"large","newspack_post_subtitle":"Del 19 al 23 de marzo disfrute de una exhibici\u00f3n exclusiva de dise\u00f1os elegantes que combinan tradici\u00f3n con modernidad","newspack_article_summary_title":"Overview:","newspack_article_summary":"","_jetpack_memberships_contains_paid_content":false,"footnotes":"","jetpack_publicize_message":"","jetpack_publicize_feature_enabled":true,"jetpack_social_post_already_shared":false,"jetpack_social_options":{"image_generator_settings":{"template":"highway","default_image_id":0,"font":"","enabled":false},"version":2},"_wpas_customize_per_network":false},"categories":[26392,2522],"tags":[23815,23815,3626,21648,3375,14736,3229,27670],"newspack_spnsrs_tax":[],"class_list":{"0":"post-528778","1":"post","2":"type-post","3":"status-publish","4":"format-standard","5":"has-post-thumbnail","6":"hentry","7":"category-casa-de-campo-resort-villas","8":"category-eventos-es","9":"tag-casa-de-campo-es-17","11":"tag-casa-de-campo-es","12":"tag-estilo-de-vida","13":"tag-eventos-y-actividades","14":"tag-featured-topview-es","15":"tag-moda","16":"tag-the-spa-casa-de-campo-es","17":"entry"},"yoast_head":"<!-- This site is optimized with the Yoast SEO plugin v27.4 - https:\/\/yoast.com\/product\/yoast-seo-wordpress\/ -->\n<title>Ala von Auersperg Trunk Show: 5 D\u00edas de Elegancia | Casa de Campo Living<\/title>\n<meta name=\"description\" content=\"Disfrute de cinco d\u00edas de elegancia en el Ala von Auersperg Trunk Show, que se llevar\u00e1 a cabo en la Suite VIP de The Spa Casa de Campo del 19 al 23 de\" \/>\n<meta name=\"robots\" content=\"index, follow, max-snippet:-1, max-image-preview:large, max-video-preview:-1\" \/>\n<link rel=\"canonical\" href=\"https:\/\/casadecampoliving.com\/es\/ala-von-auersperg-trunk-show-5-dias-de-elegancia\/\" \/>\n<meta property=\"og:locale\" content=\"es_ES\" \/>\n<meta property=\"og:type\" content=\"article\" \/>\n<meta property=\"og:title\" content=\"Ala von Auersperg Trunk Show: 5 D\u00edas de Elegancia | Casa de Campo Living\" \/>\n<meta property=\"og:description\" content=\"Disfrute de cinco d\u00edas de elegancia en el Ala von Auersperg Trunk Show, que se llevar\u00e1 a cabo en la Suite VIP de The Spa Casa de Campo del 19 al 23 de\" \/>\n<meta property=\"og:url\" content=\"https:\/\/casadecampoliving.com\/es\/ala-von-auersperg-trunk-show-5-dias-de-elegancia\/\" \/>\n<meta property=\"og:site_name\" content=\"Casa de Campo Living\" \/>\n<meta property=\"article:publisher\" content=\"https:\/\/www.facebook.com\/casadecampoliving\" \/>\n<meta property=\"article:published_time\" content=\"2024-03-16T17:26:47+00:00\" \/>\n<meta property=\"article:modified_time\" content=\"2024-03-19T00:07:47+00:00\" \/>\n<meta property=\"og:image\" content=\"https:\/\/casadecampoliving.com\/wp-content\/uploads\/2024\/03\/Shot-20_1874-scaled.jpg\" \/>\n\t<meta property=\"og:image:width\" content=\"2560\" \/>\n\t<meta property=\"og:image:height\" content=\"1707\" \/>\n\t<meta property=\"og:image:type\" content=\"image\/jpeg\" \/>\n<meta name=\"author\" content=\"Casa de Campo Living\" \/>\n<meta name=\"twitter:card\" content=\"summary_large_image\" \/>\n<meta name=\"twitter:creator\" content=\"@cdcliving\" \/>\n<meta name=\"twitter:site\" content=\"@cdcliving\" \/>\n<meta name=\"twitter:label1\" content=\"Escrito por\" \/>\n\t<meta name=\"twitter:data1\" content=\"Casa de Campo Living\" \/>\n\t<meta name=\"twitter:label2\" content=\"Tiempo de lectura\" \/>\n\t<meta name=\"twitter:data2\" content=\"2 minutos\" \/>\n<script type=\"application\/ld+json\" class=\"yoast-schema-graph\">{\"@context\":\"https:\\\/\\\/schema.org\",\"@graph\":[{\"@type\":\"Article\",\"@id\":\"https:\\\/\\\/casadecampoliving.com\\\/es\\\/ala-von-auersperg-trunk-show-5-dias-de-elegancia\\\/#article\",\"isPartOf\":{\"@id\":\"https:\\\/\\\/casadecampoliving.com\\\/es\\\/ala-von-auersperg-trunk-show-5-dias-de-elegancia\\\/\"},\"author\":{\"name\":\"Casa de Campo Living\",\"@id\":\"https:\\\/\\\/casadecampoliving.com\\\/es\\\/#\\\/schema\\\/person\\\/5d2171637a9d11e0e43ce6b8555f9422\"},\"headline\":\"Ala von Auersperg Trunk Show: 5 D\u00edas de Elegancia\",\"datePublished\":\"2024-03-16T17:26:47+00:00\",\"dateModified\":\"2024-03-19T00:07:47+00:00\",\"mainEntityOfPage\":{\"@id\":\"https:\\\/\\\/casadecampoliving.com\\\/es\\\/ala-von-auersperg-trunk-show-5-dias-de-elegancia\\\/\"},\"wordCount\":246,\"publisher\":{\"@id\":\"https:\\\/\\\/casadecampoliving.com\\\/es\\\/#organization\"},\"image\":{\"@id\":\"https:\\\/\\\/casadecampoliving.com\\\/es\\\/ala-von-auersperg-trunk-show-5-dias-de-elegancia\\\/#primaryimage\"},\"thumbnailUrl\":\"https:\\\/\\\/i0.wp.com\\\/casadecampoliving.com\\\/wp-content\\\/uploads\\\/2024\\\/03\\\/Shot-20_1874-scaled.jpg?fit=2560%2C1707&ssl=1\",\"keywords\":[\"Casa de Campo\",\"Casa de Campo\",\"casa de campo @es\",\"estilo de vida\",\"eventos y actividades\",\"Featured-TopView @es\",\"moda\",\"The Spa Casa de Campo @es\"],\"articleSection\":[\"Casa de Campo Resort &amp; Villas\",\"Eventos\"],\"inLanguage\":\"es\"},{\"@type\":\"WebPage\",\"@id\":\"https:\\\/\\\/casadecampoliving.com\\\/es\\\/ala-von-auersperg-trunk-show-5-dias-de-elegancia\\\/\",\"url\":\"https:\\\/\\\/casadecampoliving.com\\\/es\\\/ala-von-auersperg-trunk-show-5-dias-de-elegancia\\\/\",\"name\":\"Ala von Auersperg Trunk Show: 5 D\u00edas de Elegancia | Casa de Campo Living\",\"isPartOf\":{\"@id\":\"https:\\\/\\\/casadecampoliving.com\\\/es\\\/#website\"},\"primaryImageOfPage\":{\"@id\":\"https:\\\/\\\/casadecampoliving.com\\\/es\\\/ala-von-auersperg-trunk-show-5-dias-de-elegancia\\\/#primaryimage\"},\"image\":{\"@id\":\"https:\\\/\\\/casadecampoliving.com\\\/es\\\/ala-von-auersperg-trunk-show-5-dias-de-elegancia\\\/#primaryimage\"},\"thumbnailUrl\":\"https:\\\/\\\/i0.wp.com\\\/casadecampoliving.com\\\/wp-content\\\/uploads\\\/2024\\\/03\\\/Shot-20_1874-scaled.jpg?fit=2560%2C1707&ssl=1\",\"datePublished\":\"2024-03-16T17:26:47+00:00\",\"dateModified\":\"2024-03-19T00:07:47+00:00\",\"description\":\"Disfrute de cinco d\u00edas de elegancia en el Ala von Auersperg Trunk Show, que se llevar\u00e1 a cabo en la Suite VIP de The Spa Casa de Campo del 19 al 23 de\",\"breadcrumb\":{\"@id\":\"https:\\\/\\\/casadecampoliving.com\\\/es\\\/ala-von-auersperg-trunk-show-5-dias-de-elegancia\\\/#breadcrumb\"},\"inLanguage\":\"es\",\"potentialAction\":[{\"@type\":\"ReadAction\",\"target\":[\"https:\\\/\\\/casadecampoliving.com\\\/es\\\/ala-von-auersperg-trunk-show-5-dias-de-elegancia\\\/\"]}]},{\"@type\":\"ImageObject\",\"inLanguage\":\"es\",\"@id\":\"https:\\\/\\\/casadecampoliving.com\\\/es\\\/ala-von-auersperg-trunk-show-5-dias-de-elegancia\\\/#primaryimage\",\"url\":\"https:\\\/\\\/i0.wp.com\\\/casadecampoliving.com\\\/wp-content\\\/uploads\\\/2024\\\/03\\\/Shot-20_1874-scaled.jpg?fit=2560%2C1707&ssl=1\",\"contentUrl\":\"https:\\\/\\\/i0.wp.com\\\/casadecampoliving.com\\\/wp-content\\\/uploads\\\/2024\\\/03\\\/Shot-20_1874-scaled.jpg?fit=2560%2C1707&ssl=1\",\"width\":2560,\"height\":1707},{\"@type\":\"BreadcrumbList\",\"@id\":\"https:\\\/\\\/casadecampoliving.com\\\/es\\\/ala-von-auersperg-trunk-show-5-dias-de-elegancia\\\/#breadcrumb\",\"itemListElement\":[{\"@type\":\"ListItem\",\"position\":1,\"name\":\"Home\",\"item\":\"https:\\\/\\\/casadecampoliving.com\\\/es\\\/\"},{\"@type\":\"ListItem\",\"position\":2,\"name\":\"Ala von Auersperg Trunk Show: 5 D\u00edas de Elegancia\"}]},{\"@type\":\"WebSite\",\"@id\":\"https:\\\/\\\/casadecampoliving.com\\\/es\\\/#website\",\"url\":\"https:\\\/\\\/casadecampoliving.com\\\/es\\\/\",\"name\":\"Casa de Campo Living\",\"description\":\"Resort community news and resources.\",\"publisher\":{\"@id\":\"https:\\\/\\\/casadecampoliving.com\\\/es\\\/#organization\"},\"potentialAction\":[{\"@type\":\"SearchAction\",\"target\":{\"@type\":\"EntryPoint\",\"urlTemplate\":\"https:\\\/\\\/casadecampoliving.com\\\/es\\\/?s={search_term_string}\"},\"query-input\":{\"@type\":\"PropertyValueSpecification\",\"valueRequired\":true,\"valueName\":\"search_term_string\"}}],\"inLanguage\":\"es\"},{\"@type\":\"Organization\",\"@id\":\"https:\\\/\\\/casadecampoliving.com\\\/es\\\/#organization\",\"name\":\"Casa de Campo Living\",\"url\":\"https:\\\/\\\/casadecampoliving.com\\\/es\\\/\",\"logo\":{\"@type\":\"ImageObject\",\"inLanguage\":\"es\",\"@id\":\"https:\\\/\\\/casadecampoliving.com\\\/es\\\/#\\\/schema\\\/logo\\\/image\\\/\",\"url\":\"https:\\\/\\\/i0.wp.com\\\/casadecampoliving.com\\\/wp-content\\\/uploads\\\/2022\\\/07\\\/CDCLivingLogo_V1-white-sized.png?fit=800%2C214&ssl=1\",\"contentUrl\":\"https:\\\/\\\/i0.wp.com\\\/casadecampoliving.com\\\/wp-content\\\/uploads\\\/2022\\\/07\\\/CDCLivingLogo_V1-white-sized.png?fit=800%2C214&ssl=1\",\"width\":800,\"height\":214,\"caption\":\"Casa de Campo Living\"},\"image\":{\"@id\":\"https:\\\/\\\/casadecampoliving.com\\\/es\\\/#\\\/schema\\\/logo\\\/image\\\/\"},\"sameAs\":[\"https:\\\/\\\/www.facebook.com\\\/casadecampoliving\",\"https:\\\/\\\/x.com\\\/cdcliving\"]},{\"@type\":\"Person\",\"@id\":\"https:\\\/\\\/casadecampoliving.com\\\/es\\\/#\\\/schema\\\/person\\\/5d2171637a9d11e0e43ce6b8555f9422\",\"name\":\"Casa de Campo Living\",\"image\":{\"@type\":\"ImageObject\",\"inLanguage\":\"es\",\"@id\":\"https:\\\/\\\/secure.gravatar.com\\\/avatar\\\/d04101fa4a9fd431e939953b1500fdc7a73cd35029f86d98712fd8ccdaebaf9a?s=96&d=mm&r=g\",\"url\":\"https:\\\/\\\/secure.gravatar.com\\\/avatar\\\/d04101fa4a9fd431e939953b1500fdc7a73cd35029f86d98712fd8ccdaebaf9a?s=96&d=mm&r=g\",\"contentUrl\":\"https:\\\/\\\/secure.gravatar.com\\\/avatar\\\/d04101fa4a9fd431e939953b1500fdc7a73cd35029f86d98712fd8ccdaebaf9a?s=96&d=mm&r=g\",\"caption\":\"Casa de Campo Living\"},\"url\":\"https:\\\/\\\/casadecampoliving.com\\\/es\\\/author\\\/casa-de-campo-living\\\/\"}]}<\/script>\n<!-- \/ Yoast SEO plugin. -->","yoast_head_json":{"title":"Ala von Auersperg Trunk Show: 5 D\u00edas de Elegancia | Casa de Campo Living","description":"Disfrute de cinco d\u00edas de elegancia en el Ala von Auersperg Trunk Show, que se llevar\u00e1 a cabo en la Suite VIP de The Spa Casa de Campo del 19 al 23 de","robots":{"index":"index","follow":"follow","max-snippet":"max-snippet:-1","max-image-preview":"max-image-preview:large","max-video-preview":"max-video-preview:-1"},"canonical":"https:\/\/casadecampoliving.com\/es\/ala-von-auersperg-trunk-show-5-dias-de-elegancia\/","og_locale":"es_ES","og_type":"article","og_title":"Ala von Auersperg Trunk Show: 5 D\u00edas de Elegancia | Casa de Campo Living","og_description":"Disfrute de cinco d\u00edas de elegancia en el Ala von Auersperg Trunk Show, que se llevar\u00e1 a cabo en la Suite VIP de The Spa Casa de Campo del 19 al 23 de","og_url":"https:\/\/casadecampoliving.com\/es\/ala-von-auersperg-trunk-show-5-dias-de-elegancia\/","og_site_name":"Casa de Campo Living","article_publisher":"https:\/\/www.facebook.com\/casadecampoliving","article_published_time":"2024-03-16T17:26:47+00:00","article_modified_time":"2024-03-19T00:07:47+00:00","og_image":[{"width":2560,"height":1707,"url":"https:\/\/casadecampoliving.com\/wp-content\/uploads\/2024\/03\/Shot-20_1874-scaled.jpg","type":"image\/jpeg"}],"author":"Casa de Campo Living","twitter_card":"summary_large_image","twitter_creator":"@cdcliving","twitter_site":"@cdcliving","twitter_misc":{"Escrito por":"Casa de Campo Living","Tiempo de lectura":"2 minutos"},"schema":{"@context":"https:\/\/schema.org","@graph":[{"@type":"Article","@id":"https:\/\/casadecampoliving.com\/es\/ala-von-auersperg-trunk-show-5-dias-de-elegancia\/#article","isPartOf":{"@id":"https:\/\/casadecampoliving.com\/es\/ala-von-auersperg-trunk-show-5-dias-de-elegancia\/"},"author":{"name":"Casa de Campo Living","@id":"https:\/\/casadecampoliving.com\/es\/#\/schema\/person\/5d2171637a9d11e0e43ce6b8555f9422"},"headline":"Ala von Auersperg Trunk Show: 5 D\u00edas de Elegancia","datePublished":"2024-03-16T17:26:47+00:00","dateModified":"2024-03-19T00:07:47+00:00","mainEntityOfPage":{"@id":"https:\/\/casadecampoliving.com\/es\/ala-von-auersperg-trunk-show-5-dias-de-elegancia\/"},"wordCount":246,"publisher":{"@id":"https:\/\/casadecampoliving.com\/es\/#organization"},"image":{"@id":"https:\/\/casadecampoliving.com\/es\/ala-von-auersperg-trunk-show-5-dias-de-elegancia\/#primaryimage"},"thumbnailUrl":"https:\/\/i0.wp.com\/casadecampoliving.com\/wp-content\/uploads\/2024\/03\/Shot-20_1874-scaled.jpg?fit=2560%2C1707&ssl=1","keywords":["Casa de Campo","Casa de Campo","casa de campo @es","estilo de vida","eventos y actividades","Featured-TopView @es","moda","The Spa Casa de Campo @es"],"articleSection":["Casa de Campo Resort &amp; Villas","Eventos"],"inLanguage":"es"},{"@type":"WebPage","@id":"https:\/\/casadecampoliving.com\/es\/ala-von-auersperg-trunk-show-5-dias-de-elegancia\/","url":"https:\/\/casadecampoliving.com\/es\/ala-von-auersperg-trunk-show-5-dias-de-elegancia\/","name":"Ala von Auersperg Trunk Show: 5 D\u00edas de Elegancia | Casa de Campo Living","isPartOf":{"@id":"https:\/\/casadecampoliving.com\/es\/#website"},"primaryImageOfPage":{"@id":"https:\/\/casadecampoliving.com\/es\/ala-von-auersperg-trunk-show-5-dias-de-elegancia\/#primaryimage"},"image":{"@id":"https:\/\/casadecampoliving.com\/es\/ala-von-auersperg-trunk-show-5-dias-de-elegancia\/#primaryimage"},"thumbnailUrl":"https:\/\/i0.wp.com\/casadecampoliving.com\/wp-content\/uploads\/2024\/03\/Shot-20_1874-scaled.jpg?fit=2560%2C1707&ssl=1","datePublished":"2024-03-16T17:26:47+00:00","dateModified":"2024-03-19T00:07:47+00:00","description":"Disfrute de cinco d\u00edas de elegancia en el Ala von Auersperg Trunk Show, que se llevar\u00e1 a cabo en la Suite VIP de The Spa Casa de Campo del 19 al 23 de","breadcrumb":{"@id":"https:\/\/casadecampoliving.com\/es\/ala-von-auersperg-trunk-show-5-dias-de-elegancia\/#breadcrumb"},"inLanguage":"es","potentialAction":[{"@type":"ReadAction","target":["https:\/\/casadecampoliving.com\/es\/ala-von-auersperg-trunk-show-5-dias-de-elegancia\/"]}]},{"@type":"ImageObject","inLanguage":"es","@id":"https:\/\/casadecampoliving.com\/es\/ala-von-auersperg-trunk-show-5-dias-de-elegancia\/#primaryimage","url":"https:\/\/i0.wp.com\/casadecampoliving.com\/wp-content\/uploads\/2024\/03\/Shot-20_1874-scaled.jpg?fit=2560%2C1707&ssl=1","contentUrl":"https:\/\/i0.wp.com\/casadecampoliving.com\/wp-content\/uploads\/2024\/03\/Shot-20_1874-scaled.jpg?fit=2560%2C1707&ssl=1","width":2560,"height":1707},{"@type":"BreadcrumbList","@id":"https:\/\/casadecampoliving.com\/es\/ala-von-auersperg-trunk-show-5-dias-de-elegancia\/#breadcrumb","itemListElement":[{"@type":"ListItem","position":1,"name":"Home","item":"https:\/\/casadecampoliving.com\/es\/"},{"@type":"ListItem","position":2,"name":"Ala von Auersperg Trunk Show: 5 D\u00edas de Elegancia"}]},{"@type":"WebSite","@id":"https:\/\/casadecampoliving.com\/es\/#website","url":"https:\/\/casadecampoliving.com\/es\/","name":"Casa de Campo Living","description":"Resort community news and resources.","publisher":{"@id":"https:\/\/casadecampoliving.com\/es\/#organization"},"potentialAction":[{"@type":"SearchAction","target":{"@type":"EntryPoint","urlTemplate":"https:\/\/casadecampoliving.com\/es\/?s={search_term_string}"},"query-input":{"@type":"PropertyValueSpecification","valueRequired":true,"valueName":"search_term_string"}}],"inLanguage":"es"},{"@type":"Organization","@id":"https:\/\/casadecampoliving.com\/es\/#organization","name":"Casa de Campo Living","url":"https:\/\/casadecampoliving.com\/es\/","logo":{"@type":"ImageObject","inLanguage":"es","@id":"https:\/\/casadecampoliving.com\/es\/#\/schema\/logo\/image\/","url":"https:\/\/i0.wp.com\/casadecampoliving.com\/wp-content\/uploads\/2022\/07\/CDCLivingLogo_V1-white-sized.png?fit=800%2C214&ssl=1","contentUrl":"https:\/\/i0.wp.com\/casadecampoliving.com\/wp-content\/uploads\/2022\/07\/CDCLivingLogo_V1-white-sized.png?fit=800%2C214&ssl=1","width":800,"height":214,"caption":"Casa de Campo Living"},"image":{"@id":"https:\/\/casadecampoliving.com\/es\/#\/schema\/logo\/image\/"},"sameAs":["https:\/\/www.facebook.com\/casadecampoliving","https:\/\/x.com\/cdcliving"]},{"@type":"Person","@id":"https:\/\/casadecampoliving.com\/es\/#\/schema\/person\/5d2171637a9d11e0e43ce6b8555f9422","name":"Casa de Campo Living","image":{"@type":"ImageObject","inLanguage":"es","@id":"https:\/\/secure.gravatar.com\/avatar\/d04101fa4a9fd431e939953b1500fdc7a73cd35029f86d98712fd8ccdaebaf9a?s=96&d=mm&r=g","url":"https:\/\/secure.gravatar.com\/avatar\/d04101fa4a9fd431e939953b1500fdc7a73cd35029f86d98712fd8ccdaebaf9a?s=96&d=mm&r=g","contentUrl":"https:\/\/secure.gravatar.com\/avatar\/d04101fa4a9fd431e939953b1500fdc7a73cd35029f86d98712fd8ccdaebaf9a?s=96&d=mm&r=g","caption":"Casa de Campo Living"},"url":"https:\/\/casadecampoliving.com\/es\/author\/casa-de-campo-living\/"}]}},"parsely":{"version":"1.1.0","canonical_url":"https:\/\/casadecampoliving.com\/es\/ala-von-auersperg-trunk-show-5-dias-de-elegancia\/","smart_links":{"inbound":0,"outbound":0},"traffic_boost_suggestions_count":0,"meta":{"@context":"https:\/\/schema.org","@type":"NewsArticle","headline":"Ala von Auersperg Trunk Show: 5 D\u00edas de Elegancia","url":"http:\/\/casadecampoliving.com\/es\/ala-von-auersperg-trunk-show-5-dias-de-elegancia\/","mainEntityOfPage":{"@type":"WebPage","@id":"http:\/\/casadecampoliving.com\/es\/ala-von-auersperg-trunk-show-5-dias-de-elegancia\/"},"thumbnailUrl":"https:\/\/i0.wp.com\/casadecampoliving.com\/wp-content\/uploads\/2024\/03\/Shot-20_1874-scaled.jpg?resize=150%2C150&ssl=1","image":{"@type":"ImageObject","url":"https:\/\/i0.wp.com\/casadecampoliving.com\/wp-content\/uploads\/2024\/03\/Shot-20_1874-scaled.jpg?fit=2560%2C1707&ssl=1"},"articleSection":"Casa de Campo Resort &amp; Villas","author":[{"@type":"Person","name":"Casa de Campo Living"}],"creator":["Casa de Campo Living"],"publisher":{"@type":"Organization","name":"Casa de Campo Living","logo":"https:\/\/casadecampoliving.com\/wp-content\/uploads\/2022\/07\/CDCLivingLogo_V1-white-sized.png"},"keywords":["casa de campo","casa de campo @es","estilo de vida","eventos y actividades","featured-topview @es","moda","the spa casa de campo @es"],"dateCreated":"2024-03-16T17:26:47Z","datePublished":"2024-03-16T17:26:47Z","dateModified":"2024-03-19T00:07:47Z"},"rendered":"<script type=\"application\/ld+json\" class=\"wp-parsely-metadata\">{\"@context\":\"https:\\\/\\\/schema.org\",\"@type\":\"NewsArticle\",\"headline\":\"Ala von Auersperg Trunk Show: 5 D\\u00edas de Elegancia\",\"url\":\"http:\\\/\\\/casadecampoliving.com\\\/es\\\/ala-von-auersperg-trunk-show-5-dias-de-elegancia\\\/\",\"mainEntityOfPage\":{\"@type\":\"WebPage\",\"@id\":\"http:\\\/\\\/casadecampoliving.com\\\/es\\\/ala-von-auersperg-trunk-show-5-dias-de-elegancia\\\/\"},\"thumbnailUrl\":\"https:\\\/\\\/i0.wp.com\\\/casadecampoliving.com\\\/wp-content\\\/uploads\\\/2024\\\/03\\\/Shot-20_1874-scaled.jpg?resize=150%2C150&ssl=1\",\"image\":{\"@type\":\"ImageObject\",\"url\":\"https:\\\/\\\/i0.wp.com\\\/casadecampoliving.com\\\/wp-content\\\/uploads\\\/2024\\\/03\\\/Shot-20_1874-scaled.jpg?fit=2560%2C1707&ssl=1\"},\"articleSection\":\"Casa de Campo Resort &amp; Villas\",\"author\":[{\"@type\":\"Person\",\"name\":\"Casa de Campo Living\"}],\"creator\":[\"Casa de Campo Living\"],\"publisher\":{\"@type\":\"Organization\",\"name\":\"Casa de Campo Living\",\"logo\":\"https:\\\/\\\/casadecampoliving.com\\\/wp-content\\\/uploads\\\/2022\\\/07\\\/CDCLivingLogo_V1-white-sized.png\"},\"keywords\":[\"casa de campo\",\"casa de campo @es\",\"estilo de vida\",\"eventos y actividades\",\"featured-topview @es\",\"moda\",\"the spa casa de campo @es\"],\"dateCreated\":\"2024-03-16T17:26:47Z\",\"datePublished\":\"2024-03-16T17:26:47Z\",\"dateModified\":\"2024-03-19T00:07:47Z\"}<\/script>","tracker_url":"https:\/\/cdn.parsely.com\/keys\/casadecampoliving.com\/p.js"},"jetpack_publicize_connections":[],"jetpack_featured_media_url":"https:\/\/i0.wp.com\/casadecampoliving.com\/wp-content\/uploads\/2024\/03\/Shot-20_1874-scaled.jpg?fit=2560%2C1707&ssl=1","jetpack-related-posts":[{"id":528911,"url":"https:\/\/casadecampoliving.com\/es\/la-disenadora-ala-von-auersperg-presenta-su-coleccion-indigo\/","url_meta":{"origin":528778,"position":0},"title":"La dise\u00f1adora Ala von Auersperg presenta su colecci\u00f3n \u00cdndigo","author":"Mairobi Herrera","date":"20 Mar, 2024","format":false,"excerpt":"Ayer, martes 19 de marzo, residentes de la comunidad de Casa de Campo y sus invitados fueron testigos de un espect\u00e1culo de moda, a cargo de la reconocida dise\u00f1adora estadounidense, Ala von Auersperg. Desde las 5:30 de la tarde, la fuente del patio trasero del centro de bienestar The Spa\u2026","rel":"","context":"En \u00abCompras\u00bb","block_context":{"text":"Compras","link":"https:\/\/casadecampoliving.com\/es\/category\/compras-es\/"},"img":{"alt_text":"","src":"https:\/\/i0.wp.com\/casadecampoliving.com\/wp-content\/uploads\/2024\/03\/FN3A1450-1-scaled.jpg?fit=1200%2C800&ssl=1&resize=350%2C200","width":350,"height":200,"srcset":"https:\/\/i0.wp.com\/casadecampoliving.com\/wp-content\/uploads\/2024\/03\/FN3A1450-1-scaled.jpg?fit=1200%2C800&ssl=1&resize=350%2C200 1x, https:\/\/i0.wp.com\/casadecampoliving.com\/wp-content\/uploads\/2024\/03\/FN3A1450-1-scaled.jpg?fit=1200%2C800&ssl=1&resize=525%2C300 1.5x, https:\/\/i0.wp.com\/casadecampoliving.com\/wp-content\/uploads\/2024\/03\/FN3A1450-1-scaled.jpg?fit=1200%2C800&ssl=1&resize=700%2C400 2x, https:\/\/i0.wp.com\/casadecampoliving.com\/wp-content\/uploads\/2024\/03\/FN3A1450-1-scaled.jpg?fit=1200%2C800&ssl=1&resize=1050%2C600 3x"},"classes":[]},{"id":528746,"url":"https:\/\/casadecampoliving.com\/ala-von-auersperg-trunk-show-5-days-of-elegance\/","url_meta":{"origin":528778,"position":1},"title":"Ala von Auersperg Trunk Show: 5 Days of Elegance","author":"Casa de Campo Living","date":"16 Mar, 2024","format":false,"excerpt":"Experience five days of elegance at the Ala von Auersperg Trunk Show, hosted in the VIP Suite at The Spa Casa de Campo from March 19 to 23. Discover an exquisite array of designs marrying elegance with contemporary flair, reflecting the designer's signature aesthetic while supporting a good cause. One\u2026","rel":"","context":"En \u00abCasa de Campo Resort &amp; Villas\u00bb","block_context":{"text":"Casa de Campo Resort &amp; Villas","link":"https:\/\/casadecampoliving.com\/category\/casa-de-campo-resort-villas-2\/"},"img":{"alt_text":"","src":"https:\/\/i0.wp.com\/casadecampoliving.com\/wp-content\/uploads\/2024\/03\/Shot-20_1874-scaled.jpg?fit=1200%2C800&ssl=1&resize=350%2C200","width":350,"height":200,"srcset":"https:\/\/i0.wp.com\/casadecampoliving.com\/wp-content\/uploads\/2024\/03\/Shot-20_1874-scaled.jpg?fit=1200%2C800&ssl=1&resize=350%2C200 1x, https:\/\/i0.wp.com\/casadecampoliving.com\/wp-content\/uploads\/2024\/03\/Shot-20_1874-scaled.jpg?fit=1200%2C800&ssl=1&resize=525%2C300 1.5x, https:\/\/i0.wp.com\/casadecampoliving.com\/wp-content\/uploads\/2024\/03\/Shot-20_1874-scaled.jpg?fit=1200%2C800&ssl=1&resize=700%2C400 2x, https:\/\/i0.wp.com\/casadecampoliving.com\/wp-content\/uploads\/2024\/03\/Shot-20_1874-scaled.jpg?fit=1200%2C800&ssl=1&resize=1050%2C600 3x"},"classes":[]},{"id":528996,"url":"https:\/\/casadecampoliving.com\/fashion-designer-ala-von-auersperg-unveils-her-indigo-collection\/","url_meta":{"origin":528778,"position":2},"title":"Fashion designer Ala von Auersperg unveils her Indigo collection","author":"Mairobi Herrera","date":"20 Mar, 2024","format":false,"excerpt":"Residents of the Casa de Campo community and their guests were treated to a fashion show and cocktail on Tuesday, March 19, courtesy of renowned American designer Ala von Auersperg. From 5:30 in the afternoon, the fountain in the backyard of The Spa Casa de Campo wellness center turned into\u2026","rel":"","context":"En \u00abComunidad\u00bb","block_context":{"text":"Comunidad","link":"https:\/\/casadecampoliving.com\/category\/comunidad-2\/"},"img":{"alt_text":"","src":"https:\/\/i0.wp.com\/casadecampoliving.com\/wp-content\/uploads\/2024\/03\/FN3A1450-1-scaled.jpg?fit=1200%2C800&ssl=1&resize=350%2C200","width":350,"height":200,"srcset":"https:\/\/i0.wp.com\/casadecampoliving.com\/wp-content\/uploads\/2024\/03\/FN3A1450-1-scaled.jpg?fit=1200%2C800&ssl=1&resize=350%2C200 1x, https:\/\/i0.wp.com\/casadecampoliving.com\/wp-content\/uploads\/2024\/03\/FN3A1450-1-scaled.jpg?fit=1200%2C800&ssl=1&resize=525%2C300 1.5x, https:\/\/i0.wp.com\/casadecampoliving.com\/wp-content\/uploads\/2024\/03\/FN3A1450-1-scaled.jpg?fit=1200%2C800&ssl=1&resize=700%2C400 2x, https:\/\/i0.wp.com\/casadecampoliving.com\/wp-content\/uploads\/2024\/03\/FN3A1450-1-scaled.jpg?fit=1200%2C800&ssl=1&resize=1050%2C600 3x"},"classes":[]},{"id":433460,"url":"https:\/\/casadecampoliving.com\/es\/no-se-pierdan-el-increible-tributo-a-frank-sinatra-para-celebrar-el-40-aniversario-del-anfiteatro-altos-de-chavon\/","url_meta":{"origin":528778,"position":3},"title":"No se pierdan el incre\u00edble tributo a Frank Sinatra para celebrar el 40 aniversario del\u00a0Anfiteatro Altos de Chav\u00f3n","author":"Casa de Campo Living","date":"20 Oct, 2022","format":false,"excerpt":"Siendo uno de los escenarios m\u00e1s emblem\u00e1ticos del pa\u00eds, Casa de Campo Resort\u00ae & Villas celebra las cuatro d\u00e9cadas de aniversario de Altos de Chav\u00f3n con un tributo al gran Frank Sinatra, protagonizado por artistas invitados y una big band tal cual la que acompa\u00f1\u00f3 al artista hace 40 a\u00f1os\u2026","rel":"","context":"En \u00abUncategorized @es\u00bb","block_context":{"text":"Uncategorized @es","link":"https:\/\/casadecampoliving.com\/es\/category\/uncategorized-es\/"},"img":{"alt_text":"","src":"https:\/\/i0.wp.com\/casadecampoliving.com\/wp-content\/uploads\/2022\/10\/Tributo-Frank-Sinatra-Foto-Principal-Amaury-Sanchez-Danilo-Ginebra-Andres-Pichardo-y-Jose-Gabriel-Perez-.jpg?fit=1200%2C873&ssl=1&resize=350%2C200","width":350,"height":200,"srcset":"https:\/\/i0.wp.com\/casadecampoliving.com\/wp-content\/uploads\/2022\/10\/Tributo-Frank-Sinatra-Foto-Principal-Amaury-Sanchez-Danilo-Ginebra-Andres-Pichardo-y-Jose-Gabriel-Perez-.jpg?fit=1200%2C873&ssl=1&resize=350%2C200 1x, https:\/\/i0.wp.com\/casadecampoliving.com\/wp-content\/uploads\/2022\/10\/Tributo-Frank-Sinatra-Foto-Principal-Amaury-Sanchez-Danilo-Ginebra-Andres-Pichardo-y-Jose-Gabriel-Perez-.jpg?fit=1200%2C873&ssl=1&resize=525%2C300 1.5x, https:\/\/i0.wp.com\/casadecampoliving.com\/wp-content\/uploads\/2022\/10\/Tributo-Frank-Sinatra-Foto-Principal-Amaury-Sanchez-Danilo-Ginebra-Andres-Pichardo-y-Jose-Gabriel-Perez-.jpg?fit=1200%2C873&ssl=1&resize=700%2C400 2x, https:\/\/i0.wp.com\/casadecampoliving.com\/wp-content\/uploads\/2022\/10\/Tributo-Frank-Sinatra-Foto-Principal-Amaury-Sanchez-Danilo-Ginebra-Andres-Pichardo-y-Jose-Gabriel-Perez-.jpg?fit=1200%2C873&ssl=1&resize=1050%2C600 3x"},"classes":[]},{"id":516650,"url":"https:\/\/casadecampoliving.com\/es\/un-encuentro-con-estilo-el-mir-sugar-bazaar-y-almuerzo-de-dama-2023\/","url_meta":{"origin":528778,"position":4},"title":"Un Encuentro con Estilo: El MIR Sugar Bazaar y Almuerzo de Dama 2023","author":"Casa de Campo Living","date":"17 Abr, 2023","format":false,"excerpt":"El evento anual \"MIR Sugar Bazaar\" tuvo lugar en Casa de Campo desde el jueves 13 de abril hasta el domingo 16 de abril, recaudando fondos para apoyar las escuelas de la Fundaci\u00f3n MIR en La Romana. Una de las actividades m\u00e1s esperadas del evento fue el \"Ladies Luncheon\" y\u2026","rel":"","context":"En \u00abEstilo de Vida\u00bb","block_context":{"text":"Estilo de Vida","link":"https:\/\/casadecampoliving.com\/es\/category\/estilo-de-vida\/"},"img":{"alt_text":"","src":"https:\/\/i0.wp.com\/casadecampoliving.com\/wp-content\/uploads\/2023\/04\/MIR-Sugar-Luncheon-and-fashion-show-36.jpg?fit=1200%2C800&ssl=1&resize=350%2C200","width":350,"height":200,"srcset":"https:\/\/i0.wp.com\/casadecampoliving.com\/wp-content\/uploads\/2023\/04\/MIR-Sugar-Luncheon-and-fashion-show-36.jpg?fit=1200%2C800&ssl=1&resize=350%2C200 1x, https:\/\/i0.wp.com\/casadecampoliving.com\/wp-content\/uploads\/2023\/04\/MIR-Sugar-Luncheon-and-fashion-show-36.jpg?fit=1200%2C800&ssl=1&resize=525%2C300 1.5x, https:\/\/i0.wp.com\/casadecampoliving.com\/wp-content\/uploads\/2023\/04\/MIR-Sugar-Luncheon-and-fashion-show-36.jpg?fit=1200%2C800&ssl=1&resize=700%2C400 2x, https:\/\/i0.wp.com\/casadecampoliving.com\/wp-content\/uploads\/2023\/04\/MIR-Sugar-Luncheon-and-fashion-show-36.jpg?fit=1200%2C800&ssl=1&resize=1050%2C600 3x"},"classes":[]},{"id":338949,"url":"https:\/\/casadecampoliving.com\/es\/el-xxv-torneo-de-tiro-sugar-de-casa-de-campo-el-colombaire-pigeon-race\/","url_meta":{"origin":528778,"position":5},"title":"El XXV Torneo de Tiro Sugar de Casa de Campo: El \u00abColombaire Pigeon Race\u00bb","author":"","date":"11 May, 2012","format":false,"excerpt":"Durante el Torneo de Tiro Sugar celebrado este a\u00f1o en Casa de Campo, Casa de Campo Living due invitado a fotografiar todas las actividades realizadas en el evento, en donde se descubrieron todas las impresionantes y m\u00faltiples facilidades ofrecidas por el Centro de Tiro de Casa de Campo, incluso para\u2026","rel":"","context":"En \u00abEventos\u00bb","block_context":{"text":"Eventos","link":"https:\/\/casadecampoliving.com\/es\/category\/eventos-es\/"},"img":{"alt_text":"casa de campo shooting","src":"https:\/\/i0.wp.com\/casadecampoliving.com\/wp-content\/uploads\/2022\/10\/casa_de_campo_shooting24-1.jpg?fit=650%2C353&ssl=1&resize=350%2C200","width":350,"height":200,"srcset":"https:\/\/i0.wp.com\/casadecampoliving.com\/wp-content\/uploads\/2022\/10\/casa_de_campo_shooting24-1.jpg?fit=650%2C353&ssl=1&resize=350%2C200 1x, https:\/\/i0.wp.com\/casadecampoliving.com\/wp-content\/uploads\/2022\/10\/casa_de_campo_shooting24-1.jpg?fit=650%2C353&ssl=1&resize=525%2C300 1.5x"},"classes":[]}],"jetpack_sharing_enabled":true,"_links":{"self":[{"href":"https:\/\/casadecampoliving.com\/es\/wp-json\/wp\/v2\/posts\/528778","targetHints":{"allow":["GET"]}}],"collection":[{"href":"https:\/\/casadecampoliving.com\/es\/wp-json\/wp\/v2\/posts"}],"about":[{"href":"https:\/\/casadecampoliving.com\/es\/wp-json\/wp\/v2\/types\/post"}],"author":[{"embeddable":true,"href":"https:\/\/casadecampoliving.com\/es\/wp-json\/wp\/v2\/users\/36791"}],"replies":[{"embeddable":true,"href":"https:\/\/casadecampoliving.com\/es\/wp-json\/wp\/v2\/comments?post=528778"}],"version-history":[{"count":2,"href":"https:\/\/casadecampoliving.com\/es\/wp-json\/wp\/v2\/posts\/528778\/revisions"}],"predecessor-version":[{"id":528808,"href":"https:\/\/casadecampoliving.com\/es\/wp-json\/wp\/v2\/posts\/528778\/revisions\/528808"}],"wp:featuredmedia":[{"embeddable":true,"href":"https:\/\/casadecampoliving.com\/es\/wp-json\/wp\/v2\/media\/528764"}],"wp:attachment":[{"href":"https:\/\/casadecampoliving.com\/es\/wp-json\/wp\/v2\/media?parent=528778"}],"wp:term":[{"taxonomy":"category","embeddable":true,"href":"https:\/\/casadecampoliving.com\/es\/wp-json\/wp\/v2\/categories?post=528778"},{"taxonomy":"post_tag","embeddable":true,"href":"https:\/\/casadecampoliving.com\/es\/wp-json\/wp\/v2\/tags?post=528778"},{"taxonomy":"newspack_spnsrs_tax","embeddable":true,"href":"https:\/\/casadecampoliving.com\/es\/wp-json\/wp\/v2\/newspack_spnsrs_tax?post=528778"}],"curies":[{"name":"wp","href":"https:\/\/api.w.org\/{rel}","templated":true}]}}