{"id":528739,"date":"2024-03-15T13:23:00","date_gmt":"2024-03-15T17:23:00","guid":{"rendered":"https:\/\/casadecampoliving.com\/?p=528739"},"modified":"2024-03-17T21:38:49","modified_gmt":"2024-03-18T01:38:49","slug":"wao-galeria-y-centro-cultural-presenta-otras-aguas-de-thelma-leonor-espinal","status":"publish","type":"post","link":"https:\/\/casadecampoliving.com\/es\/wao-galeria-y-centro-cultural-presenta-otras-aguas-de-thelma-leonor-espinal\/","title":{"rendered":"WAO Galer\u00eda y Centro Cultural presenta \u00abOtras Aguas\u00bb de Thelma Leonor Espinal"},"content":{"rendered":"\n<p>WAO Galer\u00eda y Centro Cultural desvelar\u00e1 una cautivadora exposici\u00f3n titulada \u00abOtras Aguas\u00bb de la multifac\u00e9tica artista Thelma Leonor Espinal el viernes 22 de marzo. El viaje art\u00edstico de Espinal, que abarca 25 a\u00f1os, personifica una b\u00fasqueda implacable de experimentaci\u00f3n y una aguda apertura a medios novedosos.<\/p>\n\n\n<div class=\"wp-block-image\">\n<figure class=\"alignright size-large\"><img data-recalc-dims=\"1\" loading=\"lazy\" decoding=\"async\" width=\"682\" height=\"1024\" src=\"https:\/\/i0.wp.com\/casadecampoliving.com\/wp-content\/uploads\/2024\/03\/WAO-Gallery-Thelma-Leonor-Espinal-4.jpeg?resize=682%2C1024&#038;ssl=1\" alt=\"\" class=\"wp-image-528732\" srcset=\"https:\/\/i0.wp.com\/casadecampoliving.com\/wp-content\/uploads\/2024\/03\/WAO-Gallery-Thelma-Leonor-Espinal-4.jpeg?resize=682%2C1024&amp;ssl=1 682w, https:\/\/i0.wp.com\/casadecampoliving.com\/wp-content\/uploads\/2024\/03\/WAO-Gallery-Thelma-Leonor-Espinal-4.jpeg?resize=200%2C300&amp;ssl=1 200w, https:\/\/i0.wp.com\/casadecampoliving.com\/wp-content\/uploads\/2024\/03\/WAO-Gallery-Thelma-Leonor-Espinal-4.jpeg?resize=768%2C1153&amp;ssl=1 768w, https:\/\/i0.wp.com\/casadecampoliving.com\/wp-content\/uploads\/2024\/03\/WAO-Gallery-Thelma-Leonor-Espinal-4.jpeg?resize=1023%2C1536&amp;ssl=1 1023w, https:\/\/i0.wp.com\/casadecampoliving.com\/wp-content\/uploads\/2024\/03\/WAO-Gallery-Thelma-Leonor-Espinal-4.jpeg?resize=400%2C600&amp;ssl=1 400w, https:\/\/i0.wp.com\/casadecampoliving.com\/wp-content\/uploads\/2024\/03\/WAO-Gallery-Thelma-Leonor-Espinal-4.jpeg?resize=150%2C225&amp;ssl=1 150w, https:\/\/i0.wp.com\/casadecampoliving.com\/wp-content\/uploads\/2024\/03\/WAO-Gallery-Thelma-Leonor-Espinal-4.jpeg?w=1066&amp;ssl=1 1066w, https:\/\/i0.wp.com\/casadecampoliving.com\/wp-content\/uploads\/2024\/03\/WAO-Gallery-Thelma-Leonor-Espinal-4-682x1024.jpeg?w=370&amp;ssl=1 370w\" sizes=\"auto, (max-width: 682px) 100vw, 682px\" \/><\/figure>\n<\/div>\n\n\n<p>El trabajo de Espinal es una fusi\u00f3n de acci\u00f3n e introspecci\u00f3n, invitando a los espectadores a sumergirse en sus profundidades y contemplar su significado. Arraigadas en su identidad caribe\u00f1a, sus piezas a menudo generan conversaciones sobre derechos humanos y problemas de la mujer, tocando temas de g\u00e9nero, violencia e identidad cultural.<\/p>\n\n\n\n<p>\u00abOtras Aguas\u00bb representa un hito significativo en el viaje art\u00edstico de Espinal, exhibiendo 22 piezas curadas por el arquitecto Ysmael Jim\u00e9nez. La exposici\u00f3n decorar\u00e1 los pasillos de WAO Galer\u00eda &amp; Centro Cultural hasta el 22 de abril de 2024, dando la bienvenida a visitantes de martes a s\u00e1bado, de 11:00 am a 7:00 pm, con los domingos y lunes reservados para la reflexi\u00f3n.<\/p>\n\n\n\n<p>El repertorio art\u00edstico de Espinal muestra un caleidoscopio de medios, desde la pintura hasta la cer\u00e1mica, la escultura y la fotograf\u00eda, subrayando su versatilidad e ingenio. Fortaleciendo tales esfuerzos culturales, el Patronato Ben\u00e9fico Oriental, Inc. (PBO) contin\u00faa su apoyo inquebrantable a iniciativas sostenibles de impacto social, incluyendo aquellas lideradas por WAO Chav\u00f3n. Estos esfuerzos personifican un compromiso con el fomento de la cultura, incluyendo WAO Innovation HUB, WAO Galer\u00eda &amp; Centro Cultural, y el Museo Arqueol\u00f3gico Regional de Altos de Chav\u00f3n.<\/p>\n\n\n\n<figure class=\"wp-block-image size-large\"><img data-recalc-dims=\"1\" loading=\"lazy\" decoding=\"async\" width=\"1024\" height=\"682\" src=\"https:\/\/i0.wp.com\/casadecampoliving.com\/wp-content\/uploads\/2024\/03\/WAO-Gallery-Thelma-Leonor-Espinal-1.jpeg?resize=1024%2C682&#038;ssl=1\" alt=\"\" class=\"wp-image-528734\" srcset=\"https:\/\/i0.wp.com\/casadecampoliving.com\/wp-content\/uploads\/2024\/03\/WAO-Gallery-Thelma-Leonor-Espinal-1.jpeg?resize=1024%2C682&amp;ssl=1 1024w, https:\/\/i0.wp.com\/casadecampoliving.com\/wp-content\/uploads\/2024\/03\/WAO-Gallery-Thelma-Leonor-Espinal-1.jpeg?resize=300%2C200&amp;ssl=1 300w, https:\/\/i0.wp.com\/casadecampoliving.com\/wp-content\/uploads\/2024\/03\/WAO-Gallery-Thelma-Leonor-Espinal-1.jpeg?resize=768%2C512&amp;ssl=1 768w, https:\/\/i0.wp.com\/casadecampoliving.com\/wp-content\/uploads\/2024\/03\/WAO-Gallery-Thelma-Leonor-Espinal-1.jpeg?resize=1536%2C1023&amp;ssl=1 1536w, https:\/\/i0.wp.com\/casadecampoliving.com\/wp-content\/uploads\/2024\/03\/WAO-Gallery-Thelma-Leonor-Espinal-1.jpeg?resize=1200%2C800&amp;ssl=1 1200w, https:\/\/i0.wp.com\/casadecampoliving.com\/wp-content\/uploads\/2024\/03\/WAO-Gallery-Thelma-Leonor-Espinal-1.jpeg?resize=1568%2C1045&amp;ssl=1 1568w, https:\/\/i0.wp.com\/casadecampoliving.com\/wp-content\/uploads\/2024\/03\/WAO-Gallery-Thelma-Leonor-Espinal-1.jpeg?resize=400%2C267&amp;ssl=1 400w, https:\/\/i0.wp.com\/casadecampoliving.com\/wp-content\/uploads\/2024\/03\/WAO-Gallery-Thelma-Leonor-Espinal-1.jpeg?resize=1320%2C879&amp;ssl=1 1320w, https:\/\/i0.wp.com\/casadecampoliving.com\/wp-content\/uploads\/2024\/03\/WAO-Gallery-Thelma-Leonor-Espinal-1.jpeg?resize=150%2C100&amp;ssl=1 150w, https:\/\/i0.wp.com\/casadecampoliving.com\/wp-content\/uploads\/2024\/03\/WAO-Gallery-Thelma-Leonor-Espinal-1.jpeg?w=1600&amp;ssl=1 1600w, https:\/\/i0.wp.com\/casadecampoliving.com\/wp-content\/uploads\/2024\/03\/WAO-Gallery-Thelma-Leonor-Espinal-1-1024x682.jpeg?w=370&amp;ssl=1 370w\" sizes=\"auto, (max-width: 1000px) 100vw, 1000px\" \/><\/figure>\n\n\n\n<p>Los ingresos de estos emprendimientos se canalizan hacia programas sociales, enriqueciendo comunidades que luchan contra la vulnerabilidad como parte de las iniciativas de empoderamiento comunitario de PBO. Al mantener valores de respeto, solidaridad, integridad e igualdad de oportunidades, estos esfuerzos hacen eco de la misi\u00f3n general de PBO de fomentar el crecimiento inclusivo y el enriquecimiento cultural.<\/p>\n\n\n\n<h2 class=\"wp-block-heading\">Sobre la artista<\/h2>\n\n\n<div class=\"wp-block-image\">\n<figure class=\"alignright size-large\"><img data-recalc-dims=\"1\" loading=\"lazy\" decoding=\"async\" width=\"613\" height=\"1024\" src=\"https:\/\/i0.wp.com\/casadecampoliving.com\/wp-content\/uploads\/2024\/03\/WAO-Gallery-Thelma-Leonor-Espinal-613x1024.jpeg?resize=613%2C1024&#038;ssl=1\" alt=\"\" class=\"wp-image-528730\" srcset=\"https:\/\/i0.wp.com\/casadecampoliving.com\/wp-content\/uploads\/2024\/03\/WAO-Gallery-Thelma-Leonor-Espinal.jpeg?resize=613%2C1024&amp;ssl=1 613w, https:\/\/i0.wp.com\/casadecampoliving.com\/wp-content\/uploads\/2024\/03\/WAO-Gallery-Thelma-Leonor-Espinal.jpeg?resize=180%2C300&amp;ssl=1 180w, https:\/\/i0.wp.com\/casadecampoliving.com\/wp-content\/uploads\/2024\/03\/WAO-Gallery-Thelma-Leonor-Espinal.jpeg?resize=768%2C1283&amp;ssl=1 768w, https:\/\/i0.wp.com\/casadecampoliving.com\/wp-content\/uploads\/2024\/03\/WAO-Gallery-Thelma-Leonor-Espinal.jpeg?resize=919%2C1536&amp;ssl=1 919w, https:\/\/i0.wp.com\/casadecampoliving.com\/wp-content\/uploads\/2024\/03\/WAO-Gallery-Thelma-Leonor-Espinal.jpeg?resize=400%2C668&amp;ssl=1 400w, https:\/\/i0.wp.com\/casadecampoliving.com\/wp-content\/uploads\/2024\/03\/WAO-Gallery-Thelma-Leonor-Espinal.jpeg?resize=150%2C251&amp;ssl=1 150w, https:\/\/i0.wp.com\/casadecampoliving.com\/wp-content\/uploads\/2024\/03\/WAO-Gallery-Thelma-Leonor-Espinal.jpeg?w=927&amp;ssl=1 927w, https:\/\/i0.wp.com\/casadecampoliving.com\/wp-content\/uploads\/2024\/03\/WAO-Gallery-Thelma-Leonor-Espinal-613x1024.jpeg?w=370&amp;ssl=1 370w\" sizes=\"auto, (max-width: 613px) 100vw, 613px\" \/><\/figure>\n<\/div>\n\n\n<p>Thelma Leonor, una renombrada artista de la generaci\u00f3n de los a\u00f1os 90, ha dejado una marca indeleble en la escena art\u00edstica contempor\u00e1nea de la Rep\u00fablica Dominicana y a nivel internacional. Con m\u00e1s de 60 exposiciones en su tierra natal y en el extranjero, incluyendo Espa\u00f1a, Argentina y Jap\u00f3n, su carrera abarca diversos paisajes culturales. Exposiciones individuales destacadas incluyen \u00abLa casa de todos nosotros\u00bb (2000), \u00abEn la isla\u00bb (2006) y \u00abDejarse encontrar, reconstruir la utop\u00eda\u00bb (2023).<\/p>\n\n\n\n<p>Leonor tambi\u00e9n ha participado en prestigiosas bienales y competiciones nacionales, ganando reconocimientos como finalista en el Premio Arte Laguna (2014) y ganando el Primer Premio Juan Jos\u00e9 Bellapart (2022). Junto a sus esfuerzos art\u00edsticos, posee t\u00edtulos en Marketing y Gesti\u00f3n Cultural y ha ocupado roles de liderazgo dentro del Ministerio de Cultura de la Rep\u00fablica Dominicana. Hoy en d\u00eda, sigue contribuyendo a su patrimonio cultural mientras reside entre Santiago y Santo Domingo, apoyando instituciones como el Centro Le\u00f3n y Casa de Arte.<\/p>\n\n\n<div class=\"wp-block-image\">\n<figure class=\"aligncenter size-large\"><img data-recalc-dims=\"1\" loading=\"lazy\" decoding=\"async\" width=\"1024\" height=\"1024\" src=\"https:\/\/i0.wp.com\/casadecampoliving.com\/wp-content\/uploads\/2024\/03\/WAO-Gallery-Thelma-Leonor-Espinal-3.jpeg?resize=1024%2C1024&#038;ssl=1\" alt=\"\" class=\"wp-image-528742\" srcset=\"https:\/\/i0.wp.com\/casadecampoliving.com\/wp-content\/uploads\/2024\/03\/WAO-Gallery-Thelma-Leonor-Espinal-3.jpeg?resize=1024%2C1024&amp;ssl=1 1024w, https:\/\/i0.wp.com\/casadecampoliving.com\/wp-content\/uploads\/2024\/03\/WAO-Gallery-Thelma-Leonor-Espinal-3.jpeg?resize=300%2C300&amp;ssl=1 300w, https:\/\/i0.wp.com\/casadecampoliving.com\/wp-content\/uploads\/2024\/03\/WAO-Gallery-Thelma-Leonor-Espinal-3.jpeg?resize=150%2C150&amp;ssl=1 150w, https:\/\/i0.wp.com\/casadecampoliving.com\/wp-content\/uploads\/2024\/03\/WAO-Gallery-Thelma-Leonor-Espinal-3.jpeg?resize=768%2C768&amp;ssl=1 768w, https:\/\/i0.wp.com\/casadecampoliving.com\/wp-content\/uploads\/2024\/03\/WAO-Gallery-Thelma-Leonor-Espinal-3.jpeg?resize=1536%2C1536&amp;ssl=1 1536w, https:\/\/i0.wp.com\/casadecampoliving.com\/wp-content\/uploads\/2024\/03\/WAO-Gallery-Thelma-Leonor-Espinal-3.jpeg?resize=1200%2C1200&amp;ssl=1 1200w, https:\/\/i0.wp.com\/casadecampoliving.com\/wp-content\/uploads\/2024\/03\/WAO-Gallery-Thelma-Leonor-Espinal-3.jpeg?resize=800%2C800&amp;ssl=1 800w, https:\/\/i0.wp.com\/casadecampoliving.com\/wp-content\/uploads\/2024\/03\/WAO-Gallery-Thelma-Leonor-Espinal-3.jpeg?resize=600%2C600&amp;ssl=1 600w, https:\/\/i0.wp.com\/casadecampoliving.com\/wp-content\/uploads\/2024\/03\/WAO-Gallery-Thelma-Leonor-Espinal-3.jpeg?resize=400%2C400&amp;ssl=1 400w, https:\/\/i0.wp.com\/casadecampoliving.com\/wp-content\/uploads\/2024\/03\/WAO-Gallery-Thelma-Leonor-Espinal-3.jpeg?resize=200%2C200&amp;ssl=1 200w, https:\/\/i0.wp.com\/casadecampoliving.com\/wp-content\/uploads\/2024\/03\/WAO-Gallery-Thelma-Leonor-Espinal-3.jpeg?resize=1568%2C1568&amp;ssl=1 1568w, https:\/\/i0.wp.com\/casadecampoliving.com\/wp-content\/uploads\/2024\/03\/WAO-Gallery-Thelma-Leonor-Espinal-3.jpeg?resize=1320%2C1320&amp;ssl=1 1320w, https:\/\/i0.wp.com\/casadecampoliving.com\/wp-content\/uploads\/2024\/03\/WAO-Gallery-Thelma-Leonor-Espinal-3.jpeg?resize=96%2C96&amp;ssl=1 96w, https:\/\/i0.wp.com\/casadecampoliving.com\/wp-content\/uploads\/2024\/03\/WAO-Gallery-Thelma-Leonor-Espinal-3.jpeg?w=1600&amp;ssl=1 1600w, https:\/\/i0.wp.com\/casadecampoliving.com\/wp-content\/uploads\/2024\/03\/WAO-Gallery-Thelma-Leonor-Espinal-3-1024x1024.jpeg?w=370&amp;ssl=1 370w\" sizes=\"auto, (max-width: 1000px) 100vw, 1000px\" \/><\/figure>\n<\/div>","protected":false},"excerpt":{"rendered":"<p>WAO Galer\u00eda y Centro Cultural desvelar\u00e1 una cautivadora exposici\u00f3n titulada \u00abOtras Aguas\u00bb de la multifac\u00e9tica artista Thelma Leonor Espinal el viernes 22 de marzo. El viaje art\u00edstico de Espinal, que abarca 25 a\u00f1os, personifica una b\u00fasqueda implacable de experimentaci\u00f3n y una aguda apertura a medios novedosos. El trabajo de Espinal es una fusi\u00f3n de acci\u00f3n [&hellip;]<\/p>\n","protected":false},"author":36791,"featured_media":528737,"comment_status":"closed","ping_status":"closed","sticky":false,"template":"","format":"standard","meta":{"newspack_ads_suppress_ads":false,"newspack_popups_has_disabled_popups":false,"newspack_sponsor_sponsorship_scope":"","newspack_sponsor_native_byline_display":"inherit","newspack_sponsor_native_category_display":"inherit","newspack_sponsor_underwriter_style":"inherit","newspack_sponsor_underwriter_placement":"inherit","_newspack_byline_active":false,"_newspack_byline":"","newspack_hide_updated_date":false,"newspack_show_updated_date":false,"newspack_content_restriction_is_exempt":false,"newspack_featured_image_position":"","newspack_post_subtitle":"Mostrando 22 piezas curadas por el arquitecto Ysmael Jim\u00e9nez, la exposici\u00f3n abrir\u00e1 el 22 de marzo","newspack_article_summary_title":"Overview:","newspack_article_summary":"","_jetpack_memberships_contains_paid_content":false,"footnotes":"","jetpack_publicize_message":"","jetpack_publicize_feature_enabled":true,"jetpack_social_post_already_shared":false,"jetpack_social_options":{"image_generator_settings":{"template":"highway","default_image_id":0,"font":"","enabled":false},"version":2},"_wpas_customize_per_network":false},"categories":[26577,24554,14627],"tags":[27545,2536,21588,3375,15091,27001],"newspack_spnsrs_tax":[],"class_list":["post-528739","post","type-post","status-publish","format-standard","has-post-thumbnail","hentry","category-altos-de-chavon-6","category-comunidad","category-proximamente","tag-altos-de-chavon-2","tag-arte","tag-coctel-de-apertura","tag-eventos-y-actividades","tag-proximamente","tag-wao-galeria","entry"],"yoast_head":"<!-- This site is optimized with the Yoast SEO plugin v27.4 - https:\/\/yoast.com\/product\/yoast-seo-wordpress\/ -->\n<title>WAO Galer\u00eda y Centro Cultural presenta &quot;Otras Aguas&quot; de Thelma Leonor Espinal | Casa de Campo Living<\/title>\n<meta name=\"description\" content=\"WAO Galer\u00eda y Centro Cultural desvelar\u00e1 una cautivadora exposici\u00f3n titulada &quot;Otras Aguas&quot; de la multifac\u00e9tica artista Thelma Leonor Espinal el viernes 22\" \/>\n<meta name=\"robots\" content=\"index, follow, max-snippet:-1, max-image-preview:large, max-video-preview:-1\" \/>\n<link rel=\"canonical\" href=\"https:\/\/casadecampoliving.com\/es\/wao-galeria-y-centro-cultural-presenta-otras-aguas-de-thelma-leonor-espinal\/\" \/>\n<meta property=\"og:locale\" content=\"es_ES\" \/>\n<meta property=\"og:type\" content=\"article\" \/>\n<meta property=\"og:title\" content=\"WAO Galer\u00eda y Centro Cultural presenta &quot;Otras Aguas&quot; de Thelma Leonor Espinal | Casa de Campo Living\" \/>\n<meta property=\"og:description\" content=\"WAO Galer\u00eda y Centro Cultural desvelar\u00e1 una cautivadora exposici\u00f3n titulada &quot;Otras Aguas&quot; de la multifac\u00e9tica artista Thelma Leonor Espinal el viernes 22\" \/>\n<meta property=\"og:url\" content=\"https:\/\/casadecampoliving.com\/es\/wao-galeria-y-centro-cultural-presenta-otras-aguas-de-thelma-leonor-espinal\/\" \/>\n<meta property=\"og:site_name\" content=\"Casa de Campo Living\" \/>\n<meta property=\"article:publisher\" content=\"https:\/\/www.facebook.com\/casadecampoliving\" \/>\n<meta property=\"article:published_time\" content=\"2024-03-15T17:23:00+00:00\" \/>\n<meta property=\"article:modified_time\" content=\"2024-03-18T01:38:49+00:00\" \/>\n<meta property=\"og:image\" content=\"https:\/\/casadecampoliving.com\/wp-content\/uploads\/2024\/03\/WAO-Gallery-Thelma-Leonor-Espinal-2.jpeg\" \/>\n\t<meta property=\"og:image:width\" content=\"1600\" \/>\n\t<meta property=\"og:image:height\" content=\"1066\" \/>\n\t<meta property=\"og:image:type\" content=\"image\/jpeg\" \/>\n<meta name=\"author\" content=\"Casa de Campo Living\" \/>\n<meta name=\"twitter:card\" content=\"summary_large_image\" \/>\n<meta name=\"twitter:creator\" content=\"@cdcliving\" \/>\n<meta name=\"twitter:site\" content=\"@cdcliving\" \/>\n<meta name=\"twitter:label1\" content=\"Escrito por\" \/>\n\t<meta name=\"twitter:data1\" content=\"Casa de Campo Living\" \/>\n\t<meta name=\"twitter:label2\" content=\"Tiempo de lectura\" \/>\n\t<meta name=\"twitter:data2\" content=\"3 minutos\" \/>\n<script type=\"application\/ld+json\" class=\"yoast-schema-graph\">{\"@context\":\"https:\\\/\\\/schema.org\",\"@graph\":[{\"@type\":\"Article\",\"@id\":\"https:\\\/\\\/casadecampoliving.com\\\/es\\\/wao-galeria-y-centro-cultural-presenta-otras-aguas-de-thelma-leonor-espinal\\\/#article\",\"isPartOf\":{\"@id\":\"https:\\\/\\\/casadecampoliving.com\\\/es\\\/wao-galeria-y-centro-cultural-presenta-otras-aguas-de-thelma-leonor-espinal\\\/\"},\"author\":{\"name\":\"Casa de Campo Living\",\"@id\":\"https:\\\/\\\/casadecampoliving.com\\\/es\\\/#\\\/schema\\\/person\\\/5d2171637a9d11e0e43ce6b8555f9422\"},\"headline\":\"WAO Galer\u00eda y Centro Cultural presenta \u00abOtras Aguas\u00bb de Thelma Leonor Espinal\",\"datePublished\":\"2024-03-15T17:23:00+00:00\",\"dateModified\":\"2024-03-18T01:38:49+00:00\",\"mainEntityOfPage\":{\"@id\":\"https:\\\/\\\/casadecampoliving.com\\\/es\\\/wao-galeria-y-centro-cultural-presenta-otras-aguas-de-thelma-leonor-espinal\\\/\"},\"wordCount\":501,\"publisher\":{\"@id\":\"https:\\\/\\\/casadecampoliving.com\\\/es\\\/#organization\"},\"image\":{\"@id\":\"https:\\\/\\\/casadecampoliving.com\\\/es\\\/wao-galeria-y-centro-cultural-presenta-otras-aguas-de-thelma-leonor-espinal\\\/#primaryimage\"},\"thumbnailUrl\":\"https:\\\/\\\/i0.wp.com\\\/casadecampoliving.com\\\/wp-content\\\/uploads\\\/2024\\\/03\\\/WAO-Gallery-Thelma-Leonor-Espinal-2.jpeg?fit=1600%2C1066&ssl=1\",\"keywords\":[\"Altos de Chav\u00f3n\",\"arte\",\"coctel de apertura\",\"eventos y actividades\",\"Proximamente\",\"wao galeria\"],\"articleSection\":[\"Altos de Chav\u00f3n\",\"Comunidad\",\"Proximamente\"],\"inLanguage\":\"es\"},{\"@type\":\"WebPage\",\"@id\":\"https:\\\/\\\/casadecampoliving.com\\\/es\\\/wao-galeria-y-centro-cultural-presenta-otras-aguas-de-thelma-leonor-espinal\\\/\",\"url\":\"https:\\\/\\\/casadecampoliving.com\\\/es\\\/wao-galeria-y-centro-cultural-presenta-otras-aguas-de-thelma-leonor-espinal\\\/\",\"name\":\"WAO Galer\u00eda y Centro Cultural presenta \\\"Otras Aguas\\\" de Thelma Leonor Espinal | Casa de Campo Living\",\"isPartOf\":{\"@id\":\"https:\\\/\\\/casadecampoliving.com\\\/es\\\/#website\"},\"primaryImageOfPage\":{\"@id\":\"https:\\\/\\\/casadecampoliving.com\\\/es\\\/wao-galeria-y-centro-cultural-presenta-otras-aguas-de-thelma-leonor-espinal\\\/#primaryimage\"},\"image\":{\"@id\":\"https:\\\/\\\/casadecampoliving.com\\\/es\\\/wao-galeria-y-centro-cultural-presenta-otras-aguas-de-thelma-leonor-espinal\\\/#primaryimage\"},\"thumbnailUrl\":\"https:\\\/\\\/i0.wp.com\\\/casadecampoliving.com\\\/wp-content\\\/uploads\\\/2024\\\/03\\\/WAO-Gallery-Thelma-Leonor-Espinal-2.jpeg?fit=1600%2C1066&ssl=1\",\"datePublished\":\"2024-03-15T17:23:00+00:00\",\"dateModified\":\"2024-03-18T01:38:49+00:00\",\"description\":\"WAO Galer\u00eda y Centro Cultural desvelar\u00e1 una cautivadora exposici\u00f3n titulada \\\"Otras Aguas\\\" de la multifac\u00e9tica artista Thelma Leonor Espinal el viernes 22\",\"breadcrumb\":{\"@id\":\"https:\\\/\\\/casadecampoliving.com\\\/es\\\/wao-galeria-y-centro-cultural-presenta-otras-aguas-de-thelma-leonor-espinal\\\/#breadcrumb\"},\"inLanguage\":\"es\",\"potentialAction\":[{\"@type\":\"ReadAction\",\"target\":[\"https:\\\/\\\/casadecampoliving.com\\\/es\\\/wao-galeria-y-centro-cultural-presenta-otras-aguas-de-thelma-leonor-espinal\\\/\"]}]},{\"@type\":\"ImageObject\",\"inLanguage\":\"es\",\"@id\":\"https:\\\/\\\/casadecampoliving.com\\\/es\\\/wao-galeria-y-centro-cultural-presenta-otras-aguas-de-thelma-leonor-espinal\\\/#primaryimage\",\"url\":\"https:\\\/\\\/i0.wp.com\\\/casadecampoliving.com\\\/wp-content\\\/uploads\\\/2024\\\/03\\\/WAO-Gallery-Thelma-Leonor-Espinal-2.jpeg?fit=1600%2C1066&ssl=1\",\"contentUrl\":\"https:\\\/\\\/i0.wp.com\\\/casadecampoliving.com\\\/wp-content\\\/uploads\\\/2024\\\/03\\\/WAO-Gallery-Thelma-Leonor-Espinal-2.jpeg?fit=1600%2C1066&ssl=1\",\"width\":1600,\"height\":1066},{\"@type\":\"BreadcrumbList\",\"@id\":\"https:\\\/\\\/casadecampoliving.com\\\/es\\\/wao-galeria-y-centro-cultural-presenta-otras-aguas-de-thelma-leonor-espinal\\\/#breadcrumb\",\"itemListElement\":[{\"@type\":\"ListItem\",\"position\":1,\"name\":\"Home\",\"item\":\"https:\\\/\\\/casadecampoliving.com\\\/es\\\/\"},{\"@type\":\"ListItem\",\"position\":2,\"name\":\"WAO Galer\u00eda y Centro Cultural presenta &#8220;Otras Aguas&#8221; de Thelma Leonor Espinal\"}]},{\"@type\":\"WebSite\",\"@id\":\"https:\\\/\\\/casadecampoliving.com\\\/es\\\/#website\",\"url\":\"https:\\\/\\\/casadecampoliving.com\\\/es\\\/\",\"name\":\"Casa de Campo Living\",\"description\":\"Resort community news and resources.\",\"publisher\":{\"@id\":\"https:\\\/\\\/casadecampoliving.com\\\/es\\\/#organization\"},\"potentialAction\":[{\"@type\":\"SearchAction\",\"target\":{\"@type\":\"EntryPoint\",\"urlTemplate\":\"https:\\\/\\\/casadecampoliving.com\\\/es\\\/?s={search_term_string}\"},\"query-input\":{\"@type\":\"PropertyValueSpecification\",\"valueRequired\":true,\"valueName\":\"search_term_string\"}}],\"inLanguage\":\"es\"},{\"@type\":\"Organization\",\"@id\":\"https:\\\/\\\/casadecampoliving.com\\\/es\\\/#organization\",\"name\":\"Casa de Campo Living\",\"url\":\"https:\\\/\\\/casadecampoliving.com\\\/es\\\/\",\"logo\":{\"@type\":\"ImageObject\",\"inLanguage\":\"es\",\"@id\":\"https:\\\/\\\/casadecampoliving.com\\\/es\\\/#\\\/schema\\\/logo\\\/image\\\/\",\"url\":\"https:\\\/\\\/i0.wp.com\\\/casadecampoliving.com\\\/wp-content\\\/uploads\\\/2022\\\/07\\\/CDCLivingLogo_V1-white-sized.png?fit=800%2C214&ssl=1\",\"contentUrl\":\"https:\\\/\\\/i0.wp.com\\\/casadecampoliving.com\\\/wp-content\\\/uploads\\\/2022\\\/07\\\/CDCLivingLogo_V1-white-sized.png?fit=800%2C214&ssl=1\",\"width\":800,\"height\":214,\"caption\":\"Casa de Campo Living\"},\"image\":{\"@id\":\"https:\\\/\\\/casadecampoliving.com\\\/es\\\/#\\\/schema\\\/logo\\\/image\\\/\"},\"sameAs\":[\"https:\\\/\\\/www.facebook.com\\\/casadecampoliving\",\"https:\\\/\\\/x.com\\\/cdcliving\"]},{\"@type\":\"Person\",\"@id\":\"https:\\\/\\\/casadecampoliving.com\\\/es\\\/#\\\/schema\\\/person\\\/5d2171637a9d11e0e43ce6b8555f9422\",\"name\":\"Casa de Campo Living\",\"image\":{\"@type\":\"ImageObject\",\"inLanguage\":\"es\",\"@id\":\"https:\\\/\\\/secure.gravatar.com\\\/avatar\\\/d04101fa4a9fd431e939953b1500fdc7a73cd35029f86d98712fd8ccdaebaf9a?s=96&d=mm&r=g\",\"url\":\"https:\\\/\\\/secure.gravatar.com\\\/avatar\\\/d04101fa4a9fd431e939953b1500fdc7a73cd35029f86d98712fd8ccdaebaf9a?s=96&d=mm&r=g\",\"contentUrl\":\"https:\\\/\\\/secure.gravatar.com\\\/avatar\\\/d04101fa4a9fd431e939953b1500fdc7a73cd35029f86d98712fd8ccdaebaf9a?s=96&d=mm&r=g\",\"caption\":\"Casa de Campo Living\"},\"url\":\"https:\\\/\\\/casadecampoliving.com\\\/es\\\/author\\\/casa-de-campo-living\\\/\"}]}<\/script>\n<!-- \/ Yoast SEO plugin. -->","yoast_head_json":{"title":"WAO Galer\u00eda y Centro Cultural presenta \"Otras Aguas\" de Thelma Leonor Espinal | Casa de Campo Living","description":"WAO Galer\u00eda y Centro Cultural desvelar\u00e1 una cautivadora exposici\u00f3n titulada \"Otras Aguas\" de la multifac\u00e9tica artista Thelma Leonor Espinal el viernes 22","robots":{"index":"index","follow":"follow","max-snippet":"max-snippet:-1","max-image-preview":"max-image-preview:large","max-video-preview":"max-video-preview:-1"},"canonical":"https:\/\/casadecampoliving.com\/es\/wao-galeria-y-centro-cultural-presenta-otras-aguas-de-thelma-leonor-espinal\/","og_locale":"es_ES","og_type":"article","og_title":"WAO Galer\u00eda y Centro Cultural presenta \"Otras Aguas\" de Thelma Leonor Espinal | Casa de Campo Living","og_description":"WAO Galer\u00eda y Centro Cultural desvelar\u00e1 una cautivadora exposici\u00f3n titulada \"Otras Aguas\" de la multifac\u00e9tica artista Thelma Leonor Espinal el viernes 22","og_url":"https:\/\/casadecampoliving.com\/es\/wao-galeria-y-centro-cultural-presenta-otras-aguas-de-thelma-leonor-espinal\/","og_site_name":"Casa de Campo Living","article_publisher":"https:\/\/www.facebook.com\/casadecampoliving","article_published_time":"2024-03-15T17:23:00+00:00","article_modified_time":"2024-03-18T01:38:49+00:00","og_image":[{"width":1600,"height":1066,"url":"https:\/\/casadecampoliving.com\/wp-content\/uploads\/2024\/03\/WAO-Gallery-Thelma-Leonor-Espinal-2.jpeg","type":"image\/jpeg"}],"author":"Casa de Campo Living","twitter_card":"summary_large_image","twitter_creator":"@cdcliving","twitter_site":"@cdcliving","twitter_misc":{"Escrito por":"Casa de Campo Living","Tiempo de lectura":"3 minutos"},"schema":{"@context":"https:\/\/schema.org","@graph":[{"@type":"Article","@id":"https:\/\/casadecampoliving.com\/es\/wao-galeria-y-centro-cultural-presenta-otras-aguas-de-thelma-leonor-espinal\/#article","isPartOf":{"@id":"https:\/\/casadecampoliving.com\/es\/wao-galeria-y-centro-cultural-presenta-otras-aguas-de-thelma-leonor-espinal\/"},"author":{"name":"Casa de Campo Living","@id":"https:\/\/casadecampoliving.com\/es\/#\/schema\/person\/5d2171637a9d11e0e43ce6b8555f9422"},"headline":"WAO Galer\u00eda y Centro Cultural presenta \u00abOtras Aguas\u00bb de Thelma Leonor Espinal","datePublished":"2024-03-15T17:23:00+00:00","dateModified":"2024-03-18T01:38:49+00:00","mainEntityOfPage":{"@id":"https:\/\/casadecampoliving.com\/es\/wao-galeria-y-centro-cultural-presenta-otras-aguas-de-thelma-leonor-espinal\/"},"wordCount":501,"publisher":{"@id":"https:\/\/casadecampoliving.com\/es\/#organization"},"image":{"@id":"https:\/\/casadecampoliving.com\/es\/wao-galeria-y-centro-cultural-presenta-otras-aguas-de-thelma-leonor-espinal\/#primaryimage"},"thumbnailUrl":"https:\/\/i0.wp.com\/casadecampoliving.com\/wp-content\/uploads\/2024\/03\/WAO-Gallery-Thelma-Leonor-Espinal-2.jpeg?fit=1600%2C1066&ssl=1","keywords":["Altos de Chav\u00f3n","arte","coctel de apertura","eventos y actividades","Proximamente","wao galeria"],"articleSection":["Altos de Chav\u00f3n","Comunidad","Proximamente"],"inLanguage":"es"},{"@type":"WebPage","@id":"https:\/\/casadecampoliving.com\/es\/wao-galeria-y-centro-cultural-presenta-otras-aguas-de-thelma-leonor-espinal\/","url":"https:\/\/casadecampoliving.com\/es\/wao-galeria-y-centro-cultural-presenta-otras-aguas-de-thelma-leonor-espinal\/","name":"WAO Galer\u00eda y Centro Cultural presenta \"Otras Aguas\" de Thelma Leonor Espinal | Casa de Campo Living","isPartOf":{"@id":"https:\/\/casadecampoliving.com\/es\/#website"},"primaryImageOfPage":{"@id":"https:\/\/casadecampoliving.com\/es\/wao-galeria-y-centro-cultural-presenta-otras-aguas-de-thelma-leonor-espinal\/#primaryimage"},"image":{"@id":"https:\/\/casadecampoliving.com\/es\/wao-galeria-y-centro-cultural-presenta-otras-aguas-de-thelma-leonor-espinal\/#primaryimage"},"thumbnailUrl":"https:\/\/i0.wp.com\/casadecampoliving.com\/wp-content\/uploads\/2024\/03\/WAO-Gallery-Thelma-Leonor-Espinal-2.jpeg?fit=1600%2C1066&ssl=1","datePublished":"2024-03-15T17:23:00+00:00","dateModified":"2024-03-18T01:38:49+00:00","description":"WAO Galer\u00eda y Centro Cultural desvelar\u00e1 una cautivadora exposici\u00f3n titulada \"Otras Aguas\" de la multifac\u00e9tica artista Thelma Leonor Espinal el viernes 22","breadcrumb":{"@id":"https:\/\/casadecampoliving.com\/es\/wao-galeria-y-centro-cultural-presenta-otras-aguas-de-thelma-leonor-espinal\/#breadcrumb"},"inLanguage":"es","potentialAction":[{"@type":"ReadAction","target":["https:\/\/casadecampoliving.com\/es\/wao-galeria-y-centro-cultural-presenta-otras-aguas-de-thelma-leonor-espinal\/"]}]},{"@type":"ImageObject","inLanguage":"es","@id":"https:\/\/casadecampoliving.com\/es\/wao-galeria-y-centro-cultural-presenta-otras-aguas-de-thelma-leonor-espinal\/#primaryimage","url":"https:\/\/i0.wp.com\/casadecampoliving.com\/wp-content\/uploads\/2024\/03\/WAO-Gallery-Thelma-Leonor-Espinal-2.jpeg?fit=1600%2C1066&ssl=1","contentUrl":"https:\/\/i0.wp.com\/casadecampoliving.com\/wp-content\/uploads\/2024\/03\/WAO-Gallery-Thelma-Leonor-Espinal-2.jpeg?fit=1600%2C1066&ssl=1","width":1600,"height":1066},{"@type":"BreadcrumbList","@id":"https:\/\/casadecampoliving.com\/es\/wao-galeria-y-centro-cultural-presenta-otras-aguas-de-thelma-leonor-espinal\/#breadcrumb","itemListElement":[{"@type":"ListItem","position":1,"name":"Home","item":"https:\/\/casadecampoliving.com\/es\/"},{"@type":"ListItem","position":2,"name":"WAO Galer\u00eda y Centro Cultural presenta &#8220;Otras Aguas&#8221; de Thelma Leonor Espinal"}]},{"@type":"WebSite","@id":"https:\/\/casadecampoliving.com\/es\/#website","url":"https:\/\/casadecampoliving.com\/es\/","name":"Casa de Campo Living","description":"Resort community news and resources.","publisher":{"@id":"https:\/\/casadecampoliving.com\/es\/#organization"},"potentialAction":[{"@type":"SearchAction","target":{"@type":"EntryPoint","urlTemplate":"https:\/\/casadecampoliving.com\/es\/?s={search_term_string}"},"query-input":{"@type":"PropertyValueSpecification","valueRequired":true,"valueName":"search_term_string"}}],"inLanguage":"es"},{"@type":"Organization","@id":"https:\/\/casadecampoliving.com\/es\/#organization","name":"Casa de Campo Living","url":"https:\/\/casadecampoliving.com\/es\/","logo":{"@type":"ImageObject","inLanguage":"es","@id":"https:\/\/casadecampoliving.com\/es\/#\/schema\/logo\/image\/","url":"https:\/\/i0.wp.com\/casadecampoliving.com\/wp-content\/uploads\/2022\/07\/CDCLivingLogo_V1-white-sized.png?fit=800%2C214&ssl=1","contentUrl":"https:\/\/i0.wp.com\/casadecampoliving.com\/wp-content\/uploads\/2022\/07\/CDCLivingLogo_V1-white-sized.png?fit=800%2C214&ssl=1","width":800,"height":214,"caption":"Casa de Campo Living"},"image":{"@id":"https:\/\/casadecampoliving.com\/es\/#\/schema\/logo\/image\/"},"sameAs":["https:\/\/www.facebook.com\/casadecampoliving","https:\/\/x.com\/cdcliving"]},{"@type":"Person","@id":"https:\/\/casadecampoliving.com\/es\/#\/schema\/person\/5d2171637a9d11e0e43ce6b8555f9422","name":"Casa de Campo Living","image":{"@type":"ImageObject","inLanguage":"es","@id":"https:\/\/secure.gravatar.com\/avatar\/d04101fa4a9fd431e939953b1500fdc7a73cd35029f86d98712fd8ccdaebaf9a?s=96&d=mm&r=g","url":"https:\/\/secure.gravatar.com\/avatar\/d04101fa4a9fd431e939953b1500fdc7a73cd35029f86d98712fd8ccdaebaf9a?s=96&d=mm&r=g","contentUrl":"https:\/\/secure.gravatar.com\/avatar\/d04101fa4a9fd431e939953b1500fdc7a73cd35029f86d98712fd8ccdaebaf9a?s=96&d=mm&r=g","caption":"Casa de Campo Living"},"url":"https:\/\/casadecampoliving.com\/es\/author\/casa-de-campo-living\/"}]}},"parsely":{"version":"1.1.0","canonical_url":"https:\/\/casadecampoliving.com\/es\/wao-galeria-y-centro-cultural-presenta-otras-aguas-de-thelma-leonor-espinal\/","smart_links":{"inbound":0,"outbound":0},"traffic_boost_suggestions_count":0,"meta":{"@context":"https:\/\/schema.org","@type":"NewsArticle","headline":"WAO Galer\u00eda y Centro Cultural presenta \u00abOtras Aguas\u00bb de Thelma Leonor Espinal","url":"http:\/\/casadecampoliving.com\/es\/wao-galeria-y-centro-cultural-presenta-otras-aguas-de-thelma-leonor-espinal\/","mainEntityOfPage":{"@type":"WebPage","@id":"http:\/\/casadecampoliving.com\/es\/wao-galeria-y-centro-cultural-presenta-otras-aguas-de-thelma-leonor-espinal\/"},"thumbnailUrl":"https:\/\/i0.wp.com\/casadecampoliving.com\/wp-content\/uploads\/2024\/03\/WAO-Gallery-Thelma-Leonor-Espinal-2.jpeg?resize=150%2C150&ssl=1","image":{"@type":"ImageObject","url":"https:\/\/i0.wp.com\/casadecampoliving.com\/wp-content\/uploads\/2024\/03\/WAO-Gallery-Thelma-Leonor-Espinal-2.jpeg?fit=1600%2C1066&ssl=1"},"articleSection":"Altos de Chav\u00f3n","author":[{"@type":"Person","name":"Casa de Campo Living"}],"creator":["Casa de Campo Living"],"publisher":{"@type":"Organization","name":"Casa de Campo Living","logo":"https:\/\/casadecampoliving.com\/wp-content\/uploads\/2022\/07\/CDCLivingLogo_V1-white-sized.png"},"keywords":["altos de chav\u00f3n","arte","coctel de apertura","eventos y actividades","proximamente","wao galeria"],"dateCreated":"2024-03-15T17:23:00Z","datePublished":"2024-03-15T17:23:00Z","dateModified":"2024-03-18T01:38:49Z"},"rendered":"<script type=\"application\/ld+json\" class=\"wp-parsely-metadata\">{\"@context\":\"https:\\\/\\\/schema.org\",\"@type\":\"NewsArticle\",\"headline\":\"WAO Galer\\u00eda y Centro Cultural presenta \\u00abOtras Aguas\\u00bb de Thelma Leonor Espinal\",\"url\":\"http:\\\/\\\/casadecampoliving.com\\\/es\\\/wao-galeria-y-centro-cultural-presenta-otras-aguas-de-thelma-leonor-espinal\\\/\",\"mainEntityOfPage\":{\"@type\":\"WebPage\",\"@id\":\"http:\\\/\\\/casadecampoliving.com\\\/es\\\/wao-galeria-y-centro-cultural-presenta-otras-aguas-de-thelma-leonor-espinal\\\/\"},\"thumbnailUrl\":\"https:\\\/\\\/i0.wp.com\\\/casadecampoliving.com\\\/wp-content\\\/uploads\\\/2024\\\/03\\\/WAO-Gallery-Thelma-Leonor-Espinal-2.jpeg?resize=150%2C150&ssl=1\",\"image\":{\"@type\":\"ImageObject\",\"url\":\"https:\\\/\\\/i0.wp.com\\\/casadecampoliving.com\\\/wp-content\\\/uploads\\\/2024\\\/03\\\/WAO-Gallery-Thelma-Leonor-Espinal-2.jpeg?fit=1600%2C1066&ssl=1\"},\"articleSection\":\"Altos de Chav\\u00f3n\",\"author\":[{\"@type\":\"Person\",\"name\":\"Casa de Campo Living\"}],\"creator\":[\"Casa de Campo Living\"],\"publisher\":{\"@type\":\"Organization\",\"name\":\"Casa de Campo Living\",\"logo\":\"https:\\\/\\\/casadecampoliving.com\\\/wp-content\\\/uploads\\\/2022\\\/07\\\/CDCLivingLogo_V1-white-sized.png\"},\"keywords\":[\"altos de chav\\u00f3n\",\"arte\",\"coctel de apertura\",\"eventos y actividades\",\"proximamente\",\"wao galeria\"],\"dateCreated\":\"2024-03-15T17:23:00Z\",\"datePublished\":\"2024-03-15T17:23:00Z\",\"dateModified\":\"2024-03-18T01:38:49Z\"}<\/script>","tracker_url":"https:\/\/cdn.parsely.com\/keys\/casadecampoliving.com\/p.js"},"jetpack_publicize_connections":[],"jetpack_featured_media_url":"https:\/\/i0.wp.com\/casadecampoliving.com\/wp-content\/uploads\/2024\/03\/WAO-Gallery-Thelma-Leonor-Espinal-2.jpeg?fit=1600%2C1066&ssl=1","jetpack-related-posts":[{"id":529301,"url":"https:\/\/casadecampoliving.com\/es\/thelma-leonor-espinal-presenta-su-exhibicion-otras-aguas-en-wao-galeria-centro-cultural\/","url_meta":{"origin":528739,"position":0},"title":"Thelma Leonor Espinal presenta su exhibici\u00f3n \u00abOtras Aguas\u00bb en WAO Galer\u00eda &#038; Centro Cultural","author":"Casa de Campo Living","date":"25 Mar, 2024","format":false,"excerpt":"El 22 de marzo, la artista multidisciplinaria Thelma Leonor Espinal present\u00f3 su \u00faltimo esfuerzo art\u00edstico, \"Otras Aguas\", en la Galer\u00eda y Centro Cultural WAO. Esta exposici\u00f3n marca su octava exhibici\u00f3n en solitario, en la que se aventura en la experimentaci\u00f3n y abraza nuevos medios, mostrando su destreza en pintura, cer\u00e1mica,\u2026","rel":"","context":"En \u00abAltos de Chav\u00f3n\u00bb","block_context":{"text":"Altos de Chav\u00f3n","link":"https:\/\/casadecampoliving.com\/es\/category\/altos-de-chavon-6\/"},"img":{"alt_text":"","src":"https:\/\/i0.wp.com\/casadecampoliving.com\/wp-content\/uploads\/2024\/03\/ThelmaLeonor-scaled.jpg?fit=1200%2C800&ssl=1&resize=350%2C200","width":350,"height":200,"srcset":"https:\/\/i0.wp.com\/casadecampoliving.com\/wp-content\/uploads\/2024\/03\/ThelmaLeonor-scaled.jpg?fit=1200%2C800&ssl=1&resize=350%2C200 1x, https:\/\/i0.wp.com\/casadecampoliving.com\/wp-content\/uploads\/2024\/03\/ThelmaLeonor-scaled.jpg?fit=1200%2C800&ssl=1&resize=525%2C300 1.5x, https:\/\/i0.wp.com\/casadecampoliving.com\/wp-content\/uploads\/2024\/03\/ThelmaLeonor-scaled.jpg?fit=1200%2C800&ssl=1&resize=700%2C400 2x, https:\/\/i0.wp.com\/casadecampoliving.com\/wp-content\/uploads\/2024\/03\/ThelmaLeonor-scaled.jpg?fit=1200%2C800&ssl=1&resize=1050%2C600 3x"},"classes":[]},{"id":528723,"url":"https:\/\/casadecampoliving.com\/wao-gallery-cultural-center-presents-otras-aguas-by-thelma-leonor-espinal\/","url_meta":{"origin":528739,"position":1},"title":"WAO Gallery &#038; Cultural Center presents \u00abOtras Aguas\u00bb by Thelma Leonor Espinal","author":"Casa de Campo Living","date":"15 Mar, 2024","format":false,"excerpt":"WAO Gallery & Cultural Center will unveil a captivating exhibition titled \"Otras Aguas\" by the multifaceted artist Thelma Leonor Espinal on Friday, March 22. Espinal's artistic journey, spanning a remarkable 25 years, epitomizes a relentless pursuit of experimentation and a keen openness to novel mediums. Espinal's work is a fusion\u2026","rel":"","context":"En \u00abAltos de Chavon\u00bb","block_context":{"text":"Altos de Chavon","link":"https:\/\/casadecampoliving.com\/category\/altos-de-chavon\/"},"img":{"alt_text":"","src":"https:\/\/i0.wp.com\/casadecampoliving.com\/wp-content\/uploads\/2024\/03\/WAO-Gallery-Thelma-Leonor-Espinal-2.jpeg?fit=1200%2C800&ssl=1&resize=350%2C200","width":350,"height":200,"srcset":"https:\/\/i0.wp.com\/casadecampoliving.com\/wp-content\/uploads\/2024\/03\/WAO-Gallery-Thelma-Leonor-Espinal-2.jpeg?fit=1200%2C800&ssl=1&resize=350%2C200 1x, https:\/\/i0.wp.com\/casadecampoliving.com\/wp-content\/uploads\/2024\/03\/WAO-Gallery-Thelma-Leonor-Espinal-2.jpeg?fit=1200%2C800&ssl=1&resize=525%2C300 1.5x, https:\/\/i0.wp.com\/casadecampoliving.com\/wp-content\/uploads\/2024\/03\/WAO-Gallery-Thelma-Leonor-Espinal-2.jpeg?fit=1200%2C800&ssl=1&resize=700%2C400 2x, https:\/\/i0.wp.com\/casadecampoliving.com\/wp-content\/uploads\/2024\/03\/WAO-Gallery-Thelma-Leonor-Espinal-2.jpeg?fit=1200%2C800&ssl=1&resize=1050%2C600 3x"},"classes":[]},{"id":529222,"url":"https:\/\/casadecampoliving.com\/thelma-leonor-espinals-other-waters-exhibition-opens-at-wao-gallery-cultural-center\/","url_meta":{"origin":528739,"position":2},"title":"Thelma Leonor Espinal&#8217;s \u00abOther Waters\u00bb Exhibition Opens at WAO Gallery &amp; Cultural Center","author":"Casa de Campo Living","date":"25 Mar, 2024","format":false,"excerpt":"On March 22, the multidisciplinary artist Thelma Leonor Espinal presented her latest artistic endeavor, \"Other Waters,\" at WAO Gallery & Cultural Center. This exhibition marks her eighth solo showcase, in which she ventures into experimentation and embraces new media, showcasing her adeptness in painting, ceramics, sculpture, photography, and more. With\u2026","rel":"","context":"En \u00abAltos de Chav\u00f3n\u00bb","block_context":{"text":"Altos de Chav\u00f3n","link":"https:\/\/casadecampoliving.com\/category\/altos-de-chavon-6-2\/"},"img":{"alt_text":"","src":"https:\/\/i0.wp.com\/casadecampoliving.com\/wp-content\/uploads\/2024\/03\/ThelmaLeonor-scaled.jpg?fit=1200%2C800&ssl=1&resize=350%2C200","width":350,"height":200,"srcset":"https:\/\/i0.wp.com\/casadecampoliving.com\/wp-content\/uploads\/2024\/03\/ThelmaLeonor-scaled.jpg?fit=1200%2C800&ssl=1&resize=350%2C200 1x, https:\/\/i0.wp.com\/casadecampoliving.com\/wp-content\/uploads\/2024\/03\/ThelmaLeonor-scaled.jpg?fit=1200%2C800&ssl=1&resize=525%2C300 1.5x, https:\/\/i0.wp.com\/casadecampoliving.com\/wp-content\/uploads\/2024\/03\/ThelmaLeonor-scaled.jpg?fit=1200%2C800&ssl=1&resize=700%2C400 2x, https:\/\/i0.wp.com\/casadecampoliving.com\/wp-content\/uploads\/2024\/03\/ThelmaLeonor-scaled.jpg?fit=1200%2C800&ssl=1&resize=1050%2C600 3x"},"classes":[]},{"id":317142,"url":"https:\/\/casadecampoliving.com\/es\/thelma-leonor-espinal-art-exhibition-at-the-altos-de-chavon-gallery\/","url_meta":{"origin":528739,"position":3},"title":"Thelma Leonor Espinal Art Exhibition at the Altos de Chavon Gallery","author":"Mr B","date":"13 Jul, 2009","format":false,"excerpt":"The Altos de Chavon Cultural Center cordially invites you to the inauguration of their upcoming exhibition \u201cinter-VERSIONES\u201d by the artist Thelma Leonor Espinal. The inauguration of the new exhibition will take place this Friday the 17th of July at 7.30pm at the main art gallery in Altos de Chavon. The\u2026","rel":"","context":"En \u00abAltos de Chavon\u00bb","block_context":{"text":"Altos de Chavon","link":"https:\/\/casadecampoliving.com\/category\/altos-de-chavon\/"},"img":{"alt_text":"","src":"https:\/\/i0.wp.com\/casadecampoliving.com\/wp-content\/uploads\/2022\/10\/thelma-1.jpg?fit=580%2C414&ssl=1&resize=350%2C200","width":350,"height":200,"srcset":"https:\/\/i0.wp.com\/casadecampoliving.com\/wp-content\/uploads\/2022\/10\/thelma-1.jpg?fit=580%2C414&ssl=1&resize=350%2C200 1x, https:\/\/i0.wp.com\/casadecampoliving.com\/wp-content\/uploads\/2022\/10\/thelma-1.jpg?fit=580%2C414&ssl=1&resize=525%2C300 1.5x"},"classes":[]},{"id":317166,"url":"https:\/\/casadecampoliving.com\/es\/thelma-leonor-espinal-art-exhibition-at-the-altos-de-chavon-gallery-2\/","url_meta":{"origin":528739,"position":4},"title":"Thelma Leonor Espinal Art Exhibition at the Altos de Chavon Gallery","author":"Mr B","date":"28 Jul, 2009","format":false,"excerpt":"How about ceramic shoes? Having been to many art shows and exhibitions, the work of Dominican Artists does not cease to interest and amuse me. This week the Altos de Chavon main art gallery showcased an exhibition by Thelma Leonor Espinal, and within it's 23 pieces; to me, the most\u2026","rel":"","context":"En \u00abAltos de Chavon\u00bb","block_context":{"text":"Altos de Chavon","link":"https:\/\/casadecampoliving.com\/category\/altos-de-chavon\/"},"img":{"alt_text":"","src":"https:\/\/i0.wp.com\/casadecampoliving.com\/wp-content\/uploads\/2022\/10\/leonor_top-1.jpg?fit=580%2C228&ssl=1&resize=350%2C200","width":350,"height":200,"srcset":"https:\/\/i0.wp.com\/casadecampoliving.com\/wp-content\/uploads\/2022\/10\/leonor_top-1.jpg?fit=580%2C228&ssl=1&resize=350%2C200 1x, https:\/\/i0.wp.com\/casadecampoliving.com\/wp-content\/uploads\/2022\/10\/leonor_top-1.jpg?fit=580%2C228&ssl=1&resize=525%2C300 1.5x"},"classes":[]},{"id":354480,"url":"https:\/\/casadecampoliving.com\/es\/el-arte-naif-engalana-wao-galeria-y-centro-cultural-en-altos-de-chavon-en-una-armonia-espiritual\/","url_meta":{"origin":528739,"position":5},"title":"El arte Naif engalana WAO Galeria y Centro Cultural en Altos de Chav\u00f3n en una Armon\u00eda Espiritual","author":"Casa de Campo Living","date":"23 Ago, 2022","format":false,"excerpt":"Wao Galeria & Centro Cultural en Altos de Chav\u00f3n di\u00f3 apertura la noche de este s\u00e1bado 20 de agosto a la exposici\u00f3n conjunta de los artistas Jos\u00e9 Morillo y Frantz Zeph\u00edrin, \"ARMON\u00cdA ESPIRITUAL\". Una noche m\u00e1gica, donde la uni\u00f3n de dos culturas llenas de un recorrido art\u00edstico y una enriquecida\u2026","rel":"","context":"En \u00abAltos de Chavon @es\u00bb","block_context":{"text":"Altos de Chavon @es","link":"https:\/\/casadecampoliving.com\/category\/altos-de-chavon-es\/"},"img":{"alt_text":"","src":"https:\/\/i0.wp.com\/casadecampoliving.com\/wp-content\/uploads\/2022\/10\/Armonia-Espiritual-WAO-Gallery-10-1.jpg?fit=1000%2C667&ssl=1&resize=350%2C200","width":350,"height":200,"srcset":"https:\/\/i0.wp.com\/casadecampoliving.com\/wp-content\/uploads\/2022\/10\/Armonia-Espiritual-WAO-Gallery-10-1.jpg?fit=1000%2C667&ssl=1&resize=350%2C200 1x, https:\/\/i0.wp.com\/casadecampoliving.com\/wp-content\/uploads\/2022\/10\/Armonia-Espiritual-WAO-Gallery-10-1.jpg?fit=1000%2C667&ssl=1&resize=525%2C300 1.5x, https:\/\/i0.wp.com\/casadecampoliving.com\/wp-content\/uploads\/2022\/10\/Armonia-Espiritual-WAO-Gallery-10-1.jpg?fit=1000%2C667&ssl=1&resize=700%2C400 2x"},"classes":[]}],"jetpack_sharing_enabled":true,"_links":{"self":[{"href":"https:\/\/casadecampoliving.com\/es\/wp-json\/wp\/v2\/posts\/528739","targetHints":{"allow":["GET"]}}],"collection":[{"href":"https:\/\/casadecampoliving.com\/es\/wp-json\/wp\/v2\/posts"}],"about":[{"href":"https:\/\/casadecampoliving.com\/es\/wp-json\/wp\/v2\/types\/post"}],"author":[{"embeddable":true,"href":"https:\/\/casadecampoliving.com\/es\/wp-json\/wp\/v2\/users\/36791"}],"replies":[{"embeddable":true,"href":"https:\/\/casadecampoliving.com\/es\/wp-json\/wp\/v2\/comments?post=528739"}],"version-history":[{"count":1,"href":"https:\/\/casadecampoliving.com\/es\/wp-json\/wp\/v2\/posts\/528739\/revisions"}],"predecessor-version":[{"id":528745,"href":"https:\/\/casadecampoliving.com\/es\/wp-json\/wp\/v2\/posts\/528739\/revisions\/528745"}],"wp:featuredmedia":[{"embeddable":true,"href":"https:\/\/casadecampoliving.com\/es\/wp-json\/wp\/v2\/media\/528737"}],"wp:attachment":[{"href":"https:\/\/casadecampoliving.com\/es\/wp-json\/wp\/v2\/media?parent=528739"}],"wp:term":[{"taxonomy":"category","embeddable":true,"href":"https:\/\/casadecampoliving.com\/es\/wp-json\/wp\/v2\/categories?post=528739"},{"taxonomy":"post_tag","embeddable":true,"href":"https:\/\/casadecampoliving.com\/es\/wp-json\/wp\/v2\/tags?post=528739"},{"taxonomy":"newspack_spnsrs_tax","embeddable":true,"href":"https:\/\/casadecampoliving.com\/es\/wp-json\/wp\/v2\/newspack_spnsrs_tax?post=528739"}],"curies":[{"name":"wp","href":"https:\/\/api.w.org\/{rel}","templated":true}]}}