{"id":527708,"date":"2024-03-11T17:25:57","date_gmt":"2024-03-11T21:25:57","guid":{"rendered":"https:\/\/casadecampoliving.com\/?p=527708"},"modified":"2024-03-11T18:59:13","modified_gmt":"2024-03-11T22:59:13","slug":"via-galeria-showroom-presenta-get-the-look-un-encuentro-de-moda-con-proposito","status":"publish","type":"post","link":"https:\/\/casadecampoliving.com\/es\/via-galeria-showroom-presenta-get-the-look-un-encuentro-de-moda-con-proposito\/","title":{"rendered":"V\u00eda Galer\u00eda Showroom Presenta &#8216;GET THE LOOK&#8217;: Un Encuentro de Moda con Prop\u00f3sito"},"content":{"rendered":"\n<p>El 2 de marzo, Voal\u00e1 Caf\u00e9 March\u00e9 fue el anfitri\u00f3n del evento inaugural &#8216;GET THE LOOK&#8217; de V\u00eda Galer\u00eda Showroom. Esta reuni\u00f3n \u00fanica fusion\u00f3 moda y filantrop\u00eda, presentando la \u00faltima colecci\u00f3n c\u00e1psula de Angie Polanco y exhibiendo marcas disponibles en V\u00eda Galer\u00eda Showroom: joyer\u00eda MinaRomina, calzado House of Loja y aromas de AB Home Scents. Los asistentes aprendieron formas vers\u00e1tiles de combinar piezas para diversas ocasiones.<\/p>\n\n\n\n<figure class=\"wp-block-image size-large\"><img data-recalc-dims=\"1\" loading=\"lazy\" decoding=\"async\" width=\"1024\" height=\"683\" src=\"https:\/\/i0.wp.com\/casadecampoliving.com\/wp-content\/uploads\/2024\/03\/Get-the-Look-Voala-Cafe-Marche-11.jpg?resize=1024%2C683&#038;ssl=1\" alt=\"\" class=\"wp-image-527658\" srcset=\"https:\/\/i0.wp.com\/casadecampoliving.com\/wp-content\/uploads\/2024\/03\/Get-the-Look-Voala-Cafe-Marche-11.jpg?resize=1024%2C683&amp;ssl=1 1024w, https:\/\/i0.wp.com\/casadecampoliving.com\/wp-content\/uploads\/2024\/03\/Get-the-Look-Voala-Cafe-Marche-11.jpg?resize=300%2C200&amp;ssl=1 300w, https:\/\/i0.wp.com\/casadecampoliving.com\/wp-content\/uploads\/2024\/03\/Get-the-Look-Voala-Cafe-Marche-11.jpg?resize=768%2C512&amp;ssl=1 768w, https:\/\/i0.wp.com\/casadecampoliving.com\/wp-content\/uploads\/2024\/03\/Get-the-Look-Voala-Cafe-Marche-11.jpg?resize=400%2C267&amp;ssl=1 400w, https:\/\/i0.wp.com\/casadecampoliving.com\/wp-content\/uploads\/2024\/03\/Get-the-Look-Voala-Cafe-Marche-11.jpg?resize=150%2C100&amp;ssl=1 150w, https:\/\/i0.wp.com\/casadecampoliving.com\/wp-content\/uploads\/2024\/03\/Get-the-Look-Voala-Cafe-Marche-11.jpg?w=1200&amp;ssl=1 1200w, https:\/\/i0.wp.com\/casadecampoliving.com\/wp-content\/uploads\/2024\/03\/Get-the-Look-Voala-Cafe-Marche-11-1024x683.jpg?w=370&amp;ssl=1 370w\" sizes=\"auto, (max-width: 1000px) 100vw, 1000px\" \/><\/figure>\n\n\n\n<p>El evento comenz\u00f3 con un desfile de moda de Angie Polanco, seguido por una charla interactiva de la estilista Adriana Boscarolo. Los invitados tambi\u00e9n disfrutaron de delicias culinarias preparadas por Gabriella Reginato, propietaria de Voal\u00e1 Caf\u00e9 March\u00e9, y de c\u00f3cteles con Ron Brugal.<\/p>\n\n\n\n<p>&#8216;GET THE LOOK&#8217; no se trataba solo de moda; ten\u00eda como objetivo recaudar fondos para el Hogar de Ancianos Padre Abreu en La Romana, apoyando a la comunidad local de personas mayores. Las generosas contribuciones de los asistentes y patrocinadores aseguraron el \u00e9xito de esta noble causa.<\/p>\n\n\n\n<figure class=\"wp-block-image size-large\"><img data-recalc-dims=\"1\" loading=\"lazy\" decoding=\"async\" width=\"1024\" height=\"683\" src=\"https:\/\/i0.wp.com\/casadecampoliving.com\/wp-content\/uploads\/2024\/03\/Get-the-Look-Voala-Cafe-Marche-12.jpg?resize=1024%2C683&#038;ssl=1\" alt=\"\" class=\"wp-image-527690\" srcset=\"https:\/\/i0.wp.com\/casadecampoliving.com\/wp-content\/uploads\/2024\/03\/Get-the-Look-Voala-Cafe-Marche-12.jpg?resize=1024%2C683&amp;ssl=1 1024w, https:\/\/i0.wp.com\/casadecampoliving.com\/wp-content\/uploads\/2024\/03\/Get-the-Look-Voala-Cafe-Marche-12.jpg?resize=300%2C200&amp;ssl=1 300w, https:\/\/i0.wp.com\/casadecampoliving.com\/wp-content\/uploads\/2024\/03\/Get-the-Look-Voala-Cafe-Marche-12.jpg?resize=768%2C512&amp;ssl=1 768w, https:\/\/i0.wp.com\/casadecampoliving.com\/wp-content\/uploads\/2024\/03\/Get-the-Look-Voala-Cafe-Marche-12.jpg?resize=400%2C267&amp;ssl=1 400w, https:\/\/i0.wp.com\/casadecampoliving.com\/wp-content\/uploads\/2024\/03\/Get-the-Look-Voala-Cafe-Marche-12.jpg?resize=150%2C100&amp;ssl=1 150w, https:\/\/i0.wp.com\/casadecampoliving.com\/wp-content\/uploads\/2024\/03\/Get-the-Look-Voala-Cafe-Marche-12.jpg?w=1200&amp;ssl=1 1200w, https:\/\/i0.wp.com\/casadecampoliving.com\/wp-content\/uploads\/2024\/03\/Get-the-Look-Voala-Cafe-Marche-12-1024x683.jpg?w=370&amp;ssl=1 370w\" sizes=\"auto, (max-width: 1000px) 100vw, 1000px\" \/><\/figure>\n\n\n\n<p>A trav\u00e9s de &#8216;GET THE LOOK&#8217;, V\u00eda Galer\u00eda Showroom establece un precedente para eventos con prop\u00f3sito que combinan estilo con responsabilidad social, dejando un impacto duradero en la comunidad y en el mundo de la moda.<\/p>\n\n\n\n<p><em>*Fotos por Mairobi Herrera<\/em><\/p>\n\n\n\n<figure class=\"wp-block-gallery has-nested-images columns-4 is-cropped wp-block-gallery-1 is-layout-flex wp-block-gallery-is-layout-flex\">\n<figure class=\"wp-block-image size-large\"><img data-recalc-dims=\"1\" loading=\"lazy\" decoding=\"async\" width=\"683\" height=\"1024\" data-id=\"527652\" src=\"https:\/\/i0.wp.com\/casadecampoliving.com\/wp-content\/uploads\/2024\/03\/Get-the-Look-Voala-Cafe-Marche.jpg?resize=683%2C1024&#038;ssl=1\" alt=\"\" class=\"wp-image-527652\" srcset=\"https:\/\/i0.wp.com\/casadecampoliving.com\/wp-content\/uploads\/2024\/03\/Get-the-Look-Voala-Cafe-Marche.jpg?resize=683%2C1024&amp;ssl=1 683w, https:\/\/i0.wp.com\/casadecampoliving.com\/wp-content\/uploads\/2024\/03\/Get-the-Look-Voala-Cafe-Marche.jpg?resize=200%2C300&amp;ssl=1 200w, https:\/\/i0.wp.com\/casadecampoliving.com\/wp-content\/uploads\/2024\/03\/Get-the-Look-Voala-Cafe-Marche.jpg?resize=768%2C1152&amp;ssl=1 768w, https:\/\/i0.wp.com\/casadecampoliving.com\/wp-content\/uploads\/2024\/03\/Get-the-Look-Voala-Cafe-Marche.jpg?resize=400%2C600&amp;ssl=1 400w, https:\/\/i0.wp.com\/casadecampoliving.com\/wp-content\/uploads\/2024\/03\/Get-the-Look-Voala-Cafe-Marche.jpg?resize=150%2C225&amp;ssl=1 150w, https:\/\/i0.wp.com\/casadecampoliving.com\/wp-content\/uploads\/2024\/03\/Get-the-Look-Voala-Cafe-Marche.jpg?w=800&amp;ssl=1 800w, https:\/\/i0.wp.com\/casadecampoliving.com\/wp-content\/uploads\/2024\/03\/Get-the-Look-Voala-Cafe-Marche-683x1024.jpg?w=370&amp;ssl=1 370w\" sizes=\"auto, (max-width: 683px) 100vw, 683px\" \/><\/figure>\n\n\n\n<figure class=\"wp-block-image size-large\"><img data-recalc-dims=\"1\" loading=\"lazy\" decoding=\"async\" width=\"683\" height=\"1024\" data-id=\"527684\" src=\"https:\/\/i0.wp.com\/casadecampoliving.com\/wp-content\/uploads\/2024\/03\/Get-the-Look-Voala-Cafe-Marche-30.jpg?resize=683%2C1024&#038;ssl=1\" alt=\"\" class=\"wp-image-527684\" srcset=\"https:\/\/i0.wp.com\/casadecampoliving.com\/wp-content\/uploads\/2024\/03\/Get-the-Look-Voala-Cafe-Marche-30.jpg?resize=683%2C1024&amp;ssl=1 683w, https:\/\/i0.wp.com\/casadecampoliving.com\/wp-content\/uploads\/2024\/03\/Get-the-Look-Voala-Cafe-Marche-30.jpg?resize=200%2C300&amp;ssl=1 200w, https:\/\/i0.wp.com\/casadecampoliving.com\/wp-content\/uploads\/2024\/03\/Get-the-Look-Voala-Cafe-Marche-30.jpg?resize=768%2C1152&amp;ssl=1 768w, https:\/\/i0.wp.com\/casadecampoliving.com\/wp-content\/uploads\/2024\/03\/Get-the-Look-Voala-Cafe-Marche-30.jpg?resize=400%2C600&amp;ssl=1 400w, https:\/\/i0.wp.com\/casadecampoliving.com\/wp-content\/uploads\/2024\/03\/Get-the-Look-Voala-Cafe-Marche-30.jpg?resize=150%2C225&amp;ssl=1 150w, https:\/\/i0.wp.com\/casadecampoliving.com\/wp-content\/uploads\/2024\/03\/Get-the-Look-Voala-Cafe-Marche-30.jpg?w=800&amp;ssl=1 800w, https:\/\/i0.wp.com\/casadecampoliving.com\/wp-content\/uploads\/2024\/03\/Get-the-Look-Voala-Cafe-Marche-30-683x1024.jpg?w=370&amp;ssl=1 370w\" sizes=\"auto, (max-width: 683px) 100vw, 683px\" \/><\/figure>\n\n\n\n<figure class=\"wp-block-image size-large\"><img data-recalc-dims=\"1\" loading=\"lazy\" decoding=\"async\" width=\"1024\" height=\"683\" data-id=\"527697\" src=\"https:\/\/i0.wp.com\/casadecampoliving.com\/wp-content\/uploads\/2024\/03\/Get-the-Look-Voala-Cafe-Marche-29.jpg?resize=1024%2C683&#038;ssl=1\" alt=\"\" class=\"wp-image-527697\" srcset=\"https:\/\/i0.wp.com\/casadecampoliving.com\/wp-content\/uploads\/2024\/03\/Get-the-Look-Voala-Cafe-Marche-29.jpg?resize=1024%2C683&amp;ssl=1 1024w, https:\/\/i0.wp.com\/casadecampoliving.com\/wp-content\/uploads\/2024\/03\/Get-the-Look-Voala-Cafe-Marche-29.jpg?resize=300%2C200&amp;ssl=1 300w, https:\/\/i0.wp.com\/casadecampoliving.com\/wp-content\/uploads\/2024\/03\/Get-the-Look-Voala-Cafe-Marche-29.jpg?resize=768%2C512&amp;ssl=1 768w, https:\/\/i0.wp.com\/casadecampoliving.com\/wp-content\/uploads\/2024\/03\/Get-the-Look-Voala-Cafe-Marche-29.jpg?resize=400%2C267&amp;ssl=1 400w, https:\/\/i0.wp.com\/casadecampoliving.com\/wp-content\/uploads\/2024\/03\/Get-the-Look-Voala-Cafe-Marche-29.jpg?resize=150%2C100&amp;ssl=1 150w, https:\/\/i0.wp.com\/casadecampoliving.com\/wp-content\/uploads\/2024\/03\/Get-the-Look-Voala-Cafe-Marche-29.jpg?w=1200&amp;ssl=1 1200w, https:\/\/i0.wp.com\/casadecampoliving.com\/wp-content\/uploads\/2024\/03\/Get-the-Look-Voala-Cafe-Marche-29-1024x683.jpg?w=370&amp;ssl=1 370w\" sizes=\"auto, (max-width: 1000px) 100vw, 1000px\" \/><\/figure>\n\n\n\n<figure class=\"wp-block-image size-large\"><img data-recalc-dims=\"1\" loading=\"lazy\" decoding=\"async\" width=\"683\" height=\"1024\" data-id=\"527648\" src=\"https:\/\/i0.wp.com\/casadecampoliving.com\/wp-content\/uploads\/2024\/03\/Get-the-Look-Voala-Cafe-Marche-28.jpg?resize=683%2C1024&#038;ssl=1\" alt=\"\" class=\"wp-image-527648\" srcset=\"https:\/\/i0.wp.com\/casadecampoliving.com\/wp-content\/uploads\/2024\/03\/Get-the-Look-Voala-Cafe-Marche-28.jpg?resize=683%2C1024&amp;ssl=1 683w, https:\/\/i0.wp.com\/casadecampoliving.com\/wp-content\/uploads\/2024\/03\/Get-the-Look-Voala-Cafe-Marche-28.jpg?resize=200%2C300&amp;ssl=1 200w, https:\/\/i0.wp.com\/casadecampoliving.com\/wp-content\/uploads\/2024\/03\/Get-the-Look-Voala-Cafe-Marche-28.jpg?resize=768%2C1152&amp;ssl=1 768w, https:\/\/i0.wp.com\/casadecampoliving.com\/wp-content\/uploads\/2024\/03\/Get-the-Look-Voala-Cafe-Marche-28.jpg?resize=400%2C600&amp;ssl=1 400w, https:\/\/i0.wp.com\/casadecampoliving.com\/wp-content\/uploads\/2024\/03\/Get-the-Look-Voala-Cafe-Marche-28.jpg?resize=150%2C225&amp;ssl=1 150w, https:\/\/i0.wp.com\/casadecampoliving.com\/wp-content\/uploads\/2024\/03\/Get-the-Look-Voala-Cafe-Marche-28.jpg?w=800&amp;ssl=1 800w, https:\/\/i0.wp.com\/casadecampoliving.com\/wp-content\/uploads\/2024\/03\/Get-the-Look-Voala-Cafe-Marche-28-683x1024.jpg?w=370&amp;ssl=1 370w\" sizes=\"auto, (max-width: 683px) 100vw, 683px\" \/><\/figure>\n\n\n\n<figure class=\"wp-block-image size-large\"><img data-recalc-dims=\"1\" loading=\"lazy\" decoding=\"async\" width=\"1024\" height=\"683\" data-id=\"527644\" src=\"https:\/\/i0.wp.com\/casadecampoliving.com\/wp-content\/uploads\/2024\/03\/Get-the-Look-Voala-Cafe-Marche-27.jpg?resize=1024%2C683&#038;ssl=1\" alt=\"\" class=\"wp-image-527644\" srcset=\"https:\/\/i0.wp.com\/casadecampoliving.com\/wp-content\/uploads\/2024\/03\/Get-the-Look-Voala-Cafe-Marche-27.jpg?resize=1024%2C683&amp;ssl=1 1024w, https:\/\/i0.wp.com\/casadecampoliving.com\/wp-content\/uploads\/2024\/03\/Get-the-Look-Voala-Cafe-Marche-27.jpg?resize=300%2C200&amp;ssl=1 300w, https:\/\/i0.wp.com\/casadecampoliving.com\/wp-content\/uploads\/2024\/03\/Get-the-Look-Voala-Cafe-Marche-27.jpg?resize=768%2C512&amp;ssl=1 768w, https:\/\/i0.wp.com\/casadecampoliving.com\/wp-content\/uploads\/2024\/03\/Get-the-Look-Voala-Cafe-Marche-27.jpg?resize=400%2C267&amp;ssl=1 400w, https:\/\/i0.wp.com\/casadecampoliving.com\/wp-content\/uploads\/2024\/03\/Get-the-Look-Voala-Cafe-Marche-27.jpg?resize=150%2C100&amp;ssl=1 150w, https:\/\/i0.wp.com\/casadecampoliving.com\/wp-content\/uploads\/2024\/03\/Get-the-Look-Voala-Cafe-Marche-27.jpg?w=1200&amp;ssl=1 1200w, https:\/\/i0.wp.com\/casadecampoliving.com\/wp-content\/uploads\/2024\/03\/Get-the-Look-Voala-Cafe-Marche-27-1024x683.jpg?w=370&amp;ssl=1 370w\" sizes=\"auto, (max-width: 1000px) 100vw, 1000px\" \/><\/figure>\n\n\n\n<figure class=\"wp-block-image size-large\"><img data-recalc-dims=\"1\" loading=\"lazy\" decoding=\"async\" width=\"1024\" height=\"683\" data-id=\"527642\" src=\"https:\/\/i0.wp.com\/casadecampoliving.com\/wp-content\/uploads\/2024\/03\/Get-the-Look-Voala-Cafe-Marche-26.jpg?resize=1024%2C683&#038;ssl=1\" alt=\"\" class=\"wp-image-527642\" srcset=\"https:\/\/i0.wp.com\/casadecampoliving.com\/wp-content\/uploads\/2024\/03\/Get-the-Look-Voala-Cafe-Marche-26.jpg?resize=1024%2C683&amp;ssl=1 1024w, https:\/\/i0.wp.com\/casadecampoliving.com\/wp-content\/uploads\/2024\/03\/Get-the-Look-Voala-Cafe-Marche-26.jpg?resize=300%2C200&amp;ssl=1 300w, https:\/\/i0.wp.com\/casadecampoliving.com\/wp-content\/uploads\/2024\/03\/Get-the-Look-Voala-Cafe-Marche-26.jpg?resize=768%2C512&amp;ssl=1 768w, https:\/\/i0.wp.com\/casadecampoliving.com\/wp-content\/uploads\/2024\/03\/Get-the-Look-Voala-Cafe-Marche-26.jpg?resize=400%2C267&amp;ssl=1 400w, https:\/\/i0.wp.com\/casadecampoliving.com\/wp-content\/uploads\/2024\/03\/Get-the-Look-Voala-Cafe-Marche-26.jpg?resize=150%2C100&amp;ssl=1 150w, https:\/\/i0.wp.com\/casadecampoliving.com\/wp-content\/uploads\/2024\/03\/Get-the-Look-Voala-Cafe-Marche-26.jpg?w=1200&amp;ssl=1 1200w, https:\/\/i0.wp.com\/casadecampoliving.com\/wp-content\/uploads\/2024\/03\/Get-the-Look-Voala-Cafe-Marche-26-1024x683.jpg?w=370&amp;ssl=1 370w\" sizes=\"auto, (max-width: 1000px) 100vw, 1000px\" \/><\/figure>\n\n\n\n<figure class=\"wp-block-image size-large\"><img data-recalc-dims=\"1\" loading=\"lazy\" decoding=\"async\" width=\"1024\" height=\"683\" data-id=\"527680\" src=\"https:\/\/i0.wp.com\/casadecampoliving.com\/wp-content\/uploads\/2024\/03\/Get-the-Look-Voala-Cafe-Marche-25.jpg?resize=1024%2C683&#038;ssl=1\" alt=\"\" class=\"wp-image-527680\" srcset=\"https:\/\/i0.wp.com\/casadecampoliving.com\/wp-content\/uploads\/2024\/03\/Get-the-Look-Voala-Cafe-Marche-25.jpg?resize=1024%2C683&amp;ssl=1 1024w, https:\/\/i0.wp.com\/casadecampoliving.com\/wp-content\/uploads\/2024\/03\/Get-the-Look-Voala-Cafe-Marche-25.jpg?resize=300%2C200&amp;ssl=1 300w, https:\/\/i0.wp.com\/casadecampoliving.com\/wp-content\/uploads\/2024\/03\/Get-the-Look-Voala-Cafe-Marche-25.jpg?resize=768%2C512&amp;ssl=1 768w, https:\/\/i0.wp.com\/casadecampoliving.com\/wp-content\/uploads\/2024\/03\/Get-the-Look-Voala-Cafe-Marche-25.jpg?resize=400%2C267&amp;ssl=1 400w, https:\/\/i0.wp.com\/casadecampoliving.com\/wp-content\/uploads\/2024\/03\/Get-the-Look-Voala-Cafe-Marche-25.jpg?resize=150%2C100&amp;ssl=1 150w, https:\/\/i0.wp.com\/casadecampoliving.com\/wp-content\/uploads\/2024\/03\/Get-the-Look-Voala-Cafe-Marche-25.jpg?w=1200&amp;ssl=1 1200w, https:\/\/i0.wp.com\/casadecampoliving.com\/wp-content\/uploads\/2024\/03\/Get-the-Look-Voala-Cafe-Marche-25-1024x683.jpg?w=370&amp;ssl=1 370w\" sizes=\"auto, (max-width: 1000px) 100vw, 1000px\" \/><\/figure>\n\n\n\n<figure class=\"wp-block-image size-large\"><img data-recalc-dims=\"1\" loading=\"lazy\" decoding=\"async\" width=\"1024\" height=\"683\" data-id=\"527673\" src=\"https:\/\/i0.wp.com\/casadecampoliving.com\/wp-content\/uploads\/2024\/03\/Get-the-Look-Voala-Cafe-Marche-24.jpg?resize=1024%2C683&#038;ssl=1\" alt=\"\" class=\"wp-image-527673\" srcset=\"https:\/\/i0.wp.com\/casadecampoliving.com\/wp-content\/uploads\/2024\/03\/Get-the-Look-Voala-Cafe-Marche-24.jpg?resize=1024%2C683&amp;ssl=1 1024w, https:\/\/i0.wp.com\/casadecampoliving.com\/wp-content\/uploads\/2024\/03\/Get-the-Look-Voala-Cafe-Marche-24.jpg?resize=300%2C200&amp;ssl=1 300w, https:\/\/i0.wp.com\/casadecampoliving.com\/wp-content\/uploads\/2024\/03\/Get-the-Look-Voala-Cafe-Marche-24.jpg?resize=768%2C512&amp;ssl=1 768w, https:\/\/i0.wp.com\/casadecampoliving.com\/wp-content\/uploads\/2024\/03\/Get-the-Look-Voala-Cafe-Marche-24.jpg?resize=400%2C267&amp;ssl=1 400w, https:\/\/i0.wp.com\/casadecampoliving.com\/wp-content\/uploads\/2024\/03\/Get-the-Look-Voala-Cafe-Marche-24.jpg?resize=150%2C100&amp;ssl=1 150w, https:\/\/i0.wp.com\/casadecampoliving.com\/wp-content\/uploads\/2024\/03\/Get-the-Look-Voala-Cafe-Marche-24.jpg?w=1200&amp;ssl=1 1200w, https:\/\/i0.wp.com\/casadecampoliving.com\/wp-content\/uploads\/2024\/03\/Get-the-Look-Voala-Cafe-Marche-24-1024x683.jpg?w=370&amp;ssl=1 370w\" sizes=\"auto, (max-width: 1000px) 100vw, 1000px\" \/><\/figure>\n\n\n\n<figure class=\"wp-block-image size-large\"><img data-recalc-dims=\"1\" loading=\"lazy\" decoding=\"async\" width=\"1024\" height=\"683\" data-id=\"527682\" src=\"https:\/\/i0.wp.com\/casadecampoliving.com\/wp-content\/uploads\/2024\/03\/Get-the-Look-Voala-Cafe-Marche-22.jpg?resize=1024%2C683&#038;ssl=1\" alt=\"\" class=\"wp-image-527682\" srcset=\"https:\/\/i0.wp.com\/casadecampoliving.com\/wp-content\/uploads\/2024\/03\/Get-the-Look-Voala-Cafe-Marche-22.jpg?resize=1024%2C683&amp;ssl=1 1024w, https:\/\/i0.wp.com\/casadecampoliving.com\/wp-content\/uploads\/2024\/03\/Get-the-Look-Voala-Cafe-Marche-22.jpg?resize=300%2C200&amp;ssl=1 300w, https:\/\/i0.wp.com\/casadecampoliving.com\/wp-content\/uploads\/2024\/03\/Get-the-Look-Voala-Cafe-Marche-22.jpg?resize=768%2C512&amp;ssl=1 768w, https:\/\/i0.wp.com\/casadecampoliving.com\/wp-content\/uploads\/2024\/03\/Get-the-Look-Voala-Cafe-Marche-22.jpg?resize=400%2C267&amp;ssl=1 400w, https:\/\/i0.wp.com\/casadecampoliving.com\/wp-content\/uploads\/2024\/03\/Get-the-Look-Voala-Cafe-Marche-22.jpg?resize=150%2C100&amp;ssl=1 150w, https:\/\/i0.wp.com\/casadecampoliving.com\/wp-content\/uploads\/2024\/03\/Get-the-Look-Voala-Cafe-Marche-22.jpg?w=1200&amp;ssl=1 1200w, https:\/\/i0.wp.com\/casadecampoliving.com\/wp-content\/uploads\/2024\/03\/Get-the-Look-Voala-Cafe-Marche-22-1024x683.jpg?w=370&amp;ssl=1 370w\" sizes=\"auto, (max-width: 1000px) 100vw, 1000px\" \/><\/figure>\n\n\n\n<figure class=\"wp-block-image size-large\"><img data-recalc-dims=\"1\" loading=\"lazy\" decoding=\"async\" width=\"1024\" height=\"683\" data-id=\"527670\" src=\"https:\/\/i0.wp.com\/casadecampoliving.com\/wp-content\/uploads\/2024\/03\/Get-the-Look-Voala-Cafe-Marche-21.jpg?resize=1024%2C683&#038;ssl=1\" alt=\"\" class=\"wp-image-527670\" srcset=\"https:\/\/i0.wp.com\/casadecampoliving.com\/wp-content\/uploads\/2024\/03\/Get-the-Look-Voala-Cafe-Marche-21.jpg?resize=1024%2C683&amp;ssl=1 1024w, https:\/\/i0.wp.com\/casadecampoliving.com\/wp-content\/uploads\/2024\/03\/Get-the-Look-Voala-Cafe-Marche-21.jpg?resize=300%2C200&amp;ssl=1 300w, https:\/\/i0.wp.com\/casadecampoliving.com\/wp-content\/uploads\/2024\/03\/Get-the-Look-Voala-Cafe-Marche-21.jpg?resize=768%2C512&amp;ssl=1 768w, https:\/\/i0.wp.com\/casadecampoliving.com\/wp-content\/uploads\/2024\/03\/Get-the-Look-Voala-Cafe-Marche-21.jpg?resize=400%2C267&amp;ssl=1 400w, https:\/\/i0.wp.com\/casadecampoliving.com\/wp-content\/uploads\/2024\/03\/Get-the-Look-Voala-Cafe-Marche-21.jpg?resize=150%2C100&amp;ssl=1 150w, https:\/\/i0.wp.com\/casadecampoliving.com\/wp-content\/uploads\/2024\/03\/Get-the-Look-Voala-Cafe-Marche-21.jpg?w=1200&amp;ssl=1 1200w, https:\/\/i0.wp.com\/casadecampoliving.com\/wp-content\/uploads\/2024\/03\/Get-the-Look-Voala-Cafe-Marche-21-1024x683.jpg?w=370&amp;ssl=1 370w\" sizes=\"auto, (max-width: 1000px) 100vw, 1000px\" \/><\/figure>\n\n\n\n<figure class=\"wp-block-image size-large\"><img data-recalc-dims=\"1\" loading=\"lazy\" decoding=\"async\" width=\"683\" height=\"1024\" data-id=\"527678\" src=\"https:\/\/i0.wp.com\/casadecampoliving.com\/wp-content\/uploads\/2024\/03\/Get-the-Look-Voala-Cafe-Marche-20.jpg?resize=683%2C1024&#038;ssl=1\" alt=\"\" class=\"wp-image-527678\" srcset=\"https:\/\/i0.wp.com\/casadecampoliving.com\/wp-content\/uploads\/2024\/03\/Get-the-Look-Voala-Cafe-Marche-20.jpg?resize=683%2C1024&amp;ssl=1 683w, https:\/\/i0.wp.com\/casadecampoliving.com\/wp-content\/uploads\/2024\/03\/Get-the-Look-Voala-Cafe-Marche-20.jpg?resize=200%2C300&amp;ssl=1 200w, https:\/\/i0.wp.com\/casadecampoliving.com\/wp-content\/uploads\/2024\/03\/Get-the-Look-Voala-Cafe-Marche-20.jpg?resize=768%2C1152&amp;ssl=1 768w, https:\/\/i0.wp.com\/casadecampoliving.com\/wp-content\/uploads\/2024\/03\/Get-the-Look-Voala-Cafe-Marche-20.jpg?resize=400%2C600&amp;ssl=1 400w, https:\/\/i0.wp.com\/casadecampoliving.com\/wp-content\/uploads\/2024\/03\/Get-the-Look-Voala-Cafe-Marche-20.jpg?resize=150%2C225&amp;ssl=1 150w, https:\/\/i0.wp.com\/casadecampoliving.com\/wp-content\/uploads\/2024\/03\/Get-the-Look-Voala-Cafe-Marche-20.jpg?w=800&amp;ssl=1 800w, https:\/\/i0.wp.com\/casadecampoliving.com\/wp-content\/uploads\/2024\/03\/Get-the-Look-Voala-Cafe-Marche-20-683x1024.jpg?w=370&amp;ssl=1 370w\" sizes=\"auto, (max-width: 683px) 100vw, 683px\" \/><\/figure>\n\n\n\n<figure class=\"wp-block-image size-large\"><img data-recalc-dims=\"1\" loading=\"lazy\" decoding=\"async\" width=\"1024\" height=\"683\" data-id=\"527662\" src=\"https:\/\/i0.wp.com\/casadecampoliving.com\/wp-content\/uploads\/2024\/03\/Get-the-Look-Voala-Cafe-Marche-19.jpg?resize=1024%2C683&#038;ssl=1\" alt=\"\" class=\"wp-image-527662\" srcset=\"https:\/\/i0.wp.com\/casadecampoliving.com\/wp-content\/uploads\/2024\/03\/Get-the-Look-Voala-Cafe-Marche-19.jpg?resize=1024%2C683&amp;ssl=1 1024w, https:\/\/i0.wp.com\/casadecampoliving.com\/wp-content\/uploads\/2024\/03\/Get-the-Look-Voala-Cafe-Marche-19.jpg?resize=300%2C200&amp;ssl=1 300w, https:\/\/i0.wp.com\/casadecampoliving.com\/wp-content\/uploads\/2024\/03\/Get-the-Look-Voala-Cafe-Marche-19.jpg?resize=768%2C512&amp;ssl=1 768w, https:\/\/i0.wp.com\/casadecampoliving.com\/wp-content\/uploads\/2024\/03\/Get-the-Look-Voala-Cafe-Marche-19.jpg?resize=400%2C267&amp;ssl=1 400w, https:\/\/i0.wp.com\/casadecampoliving.com\/wp-content\/uploads\/2024\/03\/Get-the-Look-Voala-Cafe-Marche-19.jpg?resize=150%2C100&amp;ssl=1 150w, https:\/\/i0.wp.com\/casadecampoliving.com\/wp-content\/uploads\/2024\/03\/Get-the-Look-Voala-Cafe-Marche-19.jpg?w=1200&amp;ssl=1 1200w, https:\/\/i0.wp.com\/casadecampoliving.com\/wp-content\/uploads\/2024\/03\/Get-the-Look-Voala-Cafe-Marche-19-1024x683.jpg?w=370&amp;ssl=1 370w\" sizes=\"auto, (max-width: 1000px) 100vw, 1000px\" \/><\/figure>\n\n\n\n<figure class=\"wp-block-image size-large\"><img data-recalc-dims=\"1\" loading=\"lazy\" decoding=\"async\" width=\"1024\" height=\"683\" data-id=\"527654\" src=\"https:\/\/i0.wp.com\/casadecampoliving.com\/wp-content\/uploads\/2024\/03\/Get-the-Look-Voala-Cafe-Marche-18.jpg?resize=1024%2C683&#038;ssl=1\" alt=\"\" class=\"wp-image-527654\" srcset=\"https:\/\/i0.wp.com\/casadecampoliving.com\/wp-content\/uploads\/2024\/03\/Get-the-Look-Voala-Cafe-Marche-18.jpg?resize=1024%2C683&amp;ssl=1 1024w, https:\/\/i0.wp.com\/casadecampoliving.com\/wp-content\/uploads\/2024\/03\/Get-the-Look-Voala-Cafe-Marche-18.jpg?resize=300%2C200&amp;ssl=1 300w, https:\/\/i0.wp.com\/casadecampoliving.com\/wp-content\/uploads\/2024\/03\/Get-the-Look-Voala-Cafe-Marche-18.jpg?resize=768%2C512&amp;ssl=1 768w, https:\/\/i0.wp.com\/casadecampoliving.com\/wp-content\/uploads\/2024\/03\/Get-the-Look-Voala-Cafe-Marche-18.jpg?resize=400%2C267&amp;ssl=1 400w, https:\/\/i0.wp.com\/casadecampoliving.com\/wp-content\/uploads\/2024\/03\/Get-the-Look-Voala-Cafe-Marche-18.jpg?resize=150%2C100&amp;ssl=1 150w, https:\/\/i0.wp.com\/casadecampoliving.com\/wp-content\/uploads\/2024\/03\/Get-the-Look-Voala-Cafe-Marche-18.jpg?w=1200&amp;ssl=1 1200w, https:\/\/i0.wp.com\/casadecampoliving.com\/wp-content\/uploads\/2024\/03\/Get-the-Look-Voala-Cafe-Marche-18-1024x683.jpg?w=370&amp;ssl=1 370w\" sizes=\"auto, (max-width: 1000px) 100vw, 1000px\" \/><\/figure>\n\n\n\n<figure class=\"wp-block-image size-large\"><img data-recalc-dims=\"1\" loading=\"lazy\" decoding=\"async\" width=\"1024\" height=\"683\" data-id=\"527650\" src=\"https:\/\/i0.wp.com\/casadecampoliving.com\/wp-content\/uploads\/2024\/03\/Get-the-Look-Voala-Cafe-Marche-17.jpg?resize=1024%2C683&#038;ssl=1\" alt=\"\" class=\"wp-image-527650\" srcset=\"https:\/\/i0.wp.com\/casadecampoliving.com\/wp-content\/uploads\/2024\/03\/Get-the-Look-Voala-Cafe-Marche-17.jpg?resize=1024%2C683&amp;ssl=1 1024w, https:\/\/i0.wp.com\/casadecampoliving.com\/wp-content\/uploads\/2024\/03\/Get-the-Look-Voala-Cafe-Marche-17.jpg?resize=300%2C200&amp;ssl=1 300w, https:\/\/i0.wp.com\/casadecampoliving.com\/wp-content\/uploads\/2024\/03\/Get-the-Look-Voala-Cafe-Marche-17.jpg?resize=768%2C512&amp;ssl=1 768w, https:\/\/i0.wp.com\/casadecampoliving.com\/wp-content\/uploads\/2024\/03\/Get-the-Look-Voala-Cafe-Marche-17.jpg?resize=400%2C267&amp;ssl=1 400w, https:\/\/i0.wp.com\/casadecampoliving.com\/wp-content\/uploads\/2024\/03\/Get-the-Look-Voala-Cafe-Marche-17.jpg?resize=150%2C100&amp;ssl=1 150w, https:\/\/i0.wp.com\/casadecampoliving.com\/wp-content\/uploads\/2024\/03\/Get-the-Look-Voala-Cafe-Marche-17.jpg?w=1200&amp;ssl=1 1200w, https:\/\/i0.wp.com\/casadecampoliving.com\/wp-content\/uploads\/2024\/03\/Get-the-Look-Voala-Cafe-Marche-17-1024x683.jpg?w=370&amp;ssl=1 370w\" sizes=\"auto, (max-width: 1000px) 100vw, 1000px\" \/><\/figure>\n\n\n\n<figure class=\"wp-block-image size-large\"><img data-recalc-dims=\"1\" loading=\"lazy\" decoding=\"async\" width=\"1024\" height=\"683\" data-id=\"527656\" src=\"https:\/\/i0.wp.com\/casadecampoliving.com\/wp-content\/uploads\/2024\/03\/Get-the-Look-Voala-Cafe-Marche-16.jpg?resize=1024%2C683&#038;ssl=1\" alt=\"\" class=\"wp-image-527656\" srcset=\"https:\/\/i0.wp.com\/casadecampoliving.com\/wp-content\/uploads\/2024\/03\/Get-the-Look-Voala-Cafe-Marche-16.jpg?resize=1024%2C683&amp;ssl=1 1024w, https:\/\/i0.wp.com\/casadecampoliving.com\/wp-content\/uploads\/2024\/03\/Get-the-Look-Voala-Cafe-Marche-16.jpg?resize=300%2C200&amp;ssl=1 300w, https:\/\/i0.wp.com\/casadecampoliving.com\/wp-content\/uploads\/2024\/03\/Get-the-Look-Voala-Cafe-Marche-16.jpg?resize=768%2C512&amp;ssl=1 768w, https:\/\/i0.wp.com\/casadecampoliving.com\/wp-content\/uploads\/2024\/03\/Get-the-Look-Voala-Cafe-Marche-16.jpg?resize=400%2C267&amp;ssl=1 400w, https:\/\/i0.wp.com\/casadecampoliving.com\/wp-content\/uploads\/2024\/03\/Get-the-Look-Voala-Cafe-Marche-16.jpg?resize=150%2C100&amp;ssl=1 150w, https:\/\/i0.wp.com\/casadecampoliving.com\/wp-content\/uploads\/2024\/03\/Get-the-Look-Voala-Cafe-Marche-16.jpg?w=1200&amp;ssl=1 1200w, https:\/\/i0.wp.com\/casadecampoliving.com\/wp-content\/uploads\/2024\/03\/Get-the-Look-Voala-Cafe-Marche-16-1024x683.jpg?w=370&amp;ssl=1 370w\" sizes=\"auto, (max-width: 1000px) 100vw, 1000px\" \/><\/figure>\n\n\n\n<figure class=\"wp-block-image size-large\"><img data-recalc-dims=\"1\" loading=\"lazy\" decoding=\"async\" width=\"1024\" height=\"683\" data-id=\"527664\" src=\"https:\/\/i0.wp.com\/casadecampoliving.com\/wp-content\/uploads\/2024\/03\/Get-the-Look-Voala-Cafe-Marche-15.jpg?resize=1024%2C683&#038;ssl=1\" alt=\"\" class=\"wp-image-527664\" srcset=\"https:\/\/i0.wp.com\/casadecampoliving.com\/wp-content\/uploads\/2024\/03\/Get-the-Look-Voala-Cafe-Marche-15.jpg?resize=1024%2C683&amp;ssl=1 1024w, https:\/\/i0.wp.com\/casadecampoliving.com\/wp-content\/uploads\/2024\/03\/Get-the-Look-Voala-Cafe-Marche-15.jpg?resize=300%2C200&amp;ssl=1 300w, https:\/\/i0.wp.com\/casadecampoliving.com\/wp-content\/uploads\/2024\/03\/Get-the-Look-Voala-Cafe-Marche-15.jpg?resize=768%2C512&amp;ssl=1 768w, https:\/\/i0.wp.com\/casadecampoliving.com\/wp-content\/uploads\/2024\/03\/Get-the-Look-Voala-Cafe-Marche-15.jpg?resize=400%2C267&amp;ssl=1 400w, https:\/\/i0.wp.com\/casadecampoliving.com\/wp-content\/uploads\/2024\/03\/Get-the-Look-Voala-Cafe-Marche-15.jpg?resize=150%2C100&amp;ssl=1 150w, https:\/\/i0.wp.com\/casadecampoliving.com\/wp-content\/uploads\/2024\/03\/Get-the-Look-Voala-Cafe-Marche-15.jpg?w=1200&amp;ssl=1 1200w, https:\/\/i0.wp.com\/casadecampoliving.com\/wp-content\/uploads\/2024\/03\/Get-the-Look-Voala-Cafe-Marche-15-1024x683.jpg?w=370&amp;ssl=1 370w\" sizes=\"auto, (max-width: 1000px) 100vw, 1000px\" \/><\/figure>\n\n\n\n<figure class=\"wp-block-image size-large\"><img data-recalc-dims=\"1\" loading=\"lazy\" decoding=\"async\" width=\"1024\" height=\"683\" data-id=\"527666\" src=\"https:\/\/i0.wp.com\/casadecampoliving.com\/wp-content\/uploads\/2024\/03\/Get-the-Look-Voala-Cafe-Marche-14.jpg?resize=1024%2C683&#038;ssl=1\" alt=\"\" class=\"wp-image-527666\" srcset=\"https:\/\/i0.wp.com\/casadecampoliving.com\/wp-content\/uploads\/2024\/03\/Get-the-Look-Voala-Cafe-Marche-14.jpg?resize=1024%2C683&amp;ssl=1 1024w, https:\/\/i0.wp.com\/casadecampoliving.com\/wp-content\/uploads\/2024\/03\/Get-the-Look-Voala-Cafe-Marche-14.jpg?resize=300%2C200&amp;ssl=1 300w, https:\/\/i0.wp.com\/casadecampoliving.com\/wp-content\/uploads\/2024\/03\/Get-the-Look-Voala-Cafe-Marche-14.jpg?resize=768%2C512&amp;ssl=1 768w, https:\/\/i0.wp.com\/casadecampoliving.com\/wp-content\/uploads\/2024\/03\/Get-the-Look-Voala-Cafe-Marche-14.jpg?resize=400%2C267&amp;ssl=1 400w, https:\/\/i0.wp.com\/casadecampoliving.com\/wp-content\/uploads\/2024\/03\/Get-the-Look-Voala-Cafe-Marche-14.jpg?resize=150%2C100&amp;ssl=1 150w, https:\/\/i0.wp.com\/casadecampoliving.com\/wp-content\/uploads\/2024\/03\/Get-the-Look-Voala-Cafe-Marche-14.jpg?w=1200&amp;ssl=1 1200w, https:\/\/i0.wp.com\/casadecampoliving.com\/wp-content\/uploads\/2024\/03\/Get-the-Look-Voala-Cafe-Marche-14-1024x683.jpg?w=370&amp;ssl=1 370w\" sizes=\"auto, (max-width: 1000px) 100vw, 1000px\" \/><\/figure>\n\n\n\n<figure class=\"wp-block-image size-large\"><img data-recalc-dims=\"1\" loading=\"lazy\" decoding=\"async\" width=\"1024\" height=\"683\" data-id=\"527658\" src=\"https:\/\/i0.wp.com\/casadecampoliving.com\/wp-content\/uploads\/2024\/03\/Get-the-Look-Voala-Cafe-Marche-11.jpg?resize=1024%2C683&#038;ssl=1\" alt=\"\" class=\"wp-image-527658\" srcset=\"https:\/\/i0.wp.com\/casadecampoliving.com\/wp-content\/uploads\/2024\/03\/Get-the-Look-Voala-Cafe-Marche-11.jpg?resize=1024%2C683&amp;ssl=1 1024w, https:\/\/i0.wp.com\/casadecampoliving.com\/wp-content\/uploads\/2024\/03\/Get-the-Look-Voala-Cafe-Marche-11.jpg?resize=300%2C200&amp;ssl=1 300w, https:\/\/i0.wp.com\/casadecampoliving.com\/wp-content\/uploads\/2024\/03\/Get-the-Look-Voala-Cafe-Marche-11.jpg?resize=768%2C512&amp;ssl=1 768w, https:\/\/i0.wp.com\/casadecampoliving.com\/wp-content\/uploads\/2024\/03\/Get-the-Look-Voala-Cafe-Marche-11.jpg?resize=400%2C267&amp;ssl=1 400w, https:\/\/i0.wp.com\/casadecampoliving.com\/wp-content\/uploads\/2024\/03\/Get-the-Look-Voala-Cafe-Marche-11.jpg?resize=150%2C100&amp;ssl=1 150w, https:\/\/i0.wp.com\/casadecampoliving.com\/wp-content\/uploads\/2024\/03\/Get-the-Look-Voala-Cafe-Marche-11.jpg?w=1200&amp;ssl=1 1200w, https:\/\/i0.wp.com\/casadecampoliving.com\/wp-content\/uploads\/2024\/03\/Get-the-Look-Voala-Cafe-Marche-11-1024x683.jpg?w=370&amp;ssl=1 370w\" sizes=\"auto, (max-width: 1000px) 100vw, 1000px\" \/><\/figure>\n\n\n\n<figure class=\"wp-block-image size-large\"><img data-recalc-dims=\"1\" loading=\"lazy\" decoding=\"async\" width=\"1024\" height=\"683\" data-id=\"527676\" src=\"https:\/\/i0.wp.com\/casadecampoliving.com\/wp-content\/uploads\/2024\/03\/Get-the-Look-Voala-Cafe-Marche-10.jpg?resize=1024%2C683&#038;ssl=1\" alt=\"\" class=\"wp-image-527676\" srcset=\"https:\/\/i0.wp.com\/casadecampoliving.com\/wp-content\/uploads\/2024\/03\/Get-the-Look-Voala-Cafe-Marche-10.jpg?resize=1024%2C683&amp;ssl=1 1024w, https:\/\/i0.wp.com\/casadecampoliving.com\/wp-content\/uploads\/2024\/03\/Get-the-Look-Voala-Cafe-Marche-10.jpg?resize=300%2C200&amp;ssl=1 300w, https:\/\/i0.wp.com\/casadecampoliving.com\/wp-content\/uploads\/2024\/03\/Get-the-Look-Voala-Cafe-Marche-10.jpg?resize=768%2C512&amp;ssl=1 768w, https:\/\/i0.wp.com\/casadecampoliving.com\/wp-content\/uploads\/2024\/03\/Get-the-Look-Voala-Cafe-Marche-10.jpg?resize=400%2C267&amp;ssl=1 400w, https:\/\/i0.wp.com\/casadecampoliving.com\/wp-content\/uploads\/2024\/03\/Get-the-Look-Voala-Cafe-Marche-10.jpg?resize=150%2C100&amp;ssl=1 150w, https:\/\/i0.wp.com\/casadecampoliving.com\/wp-content\/uploads\/2024\/03\/Get-the-Look-Voala-Cafe-Marche-10.jpg?w=1200&amp;ssl=1 1200w, https:\/\/i0.wp.com\/casadecampoliving.com\/wp-content\/uploads\/2024\/03\/Get-the-Look-Voala-Cafe-Marche-10-1024x683.jpg?w=370&amp;ssl=1 370w\" sizes=\"auto, (max-width: 1000px) 100vw, 1000px\" \/><\/figure>\n\n\n\n<figure class=\"wp-block-image size-large\"><img data-recalc-dims=\"1\" loading=\"lazy\" decoding=\"async\" width=\"1024\" height=\"683\" data-id=\"527698\" src=\"https:\/\/i0.wp.com\/casadecampoliving.com\/wp-content\/uploads\/2024\/03\/Get-the-Look-Voala-Cafe-Marche-9.jpg?resize=1024%2C683&#038;ssl=1\" alt=\"\" class=\"wp-image-527698\" srcset=\"https:\/\/i0.wp.com\/casadecampoliving.com\/wp-content\/uploads\/2024\/03\/Get-the-Look-Voala-Cafe-Marche-9.jpg?resize=1024%2C683&amp;ssl=1 1024w, https:\/\/i0.wp.com\/casadecampoliving.com\/wp-content\/uploads\/2024\/03\/Get-the-Look-Voala-Cafe-Marche-9.jpg?resize=300%2C200&amp;ssl=1 300w, https:\/\/i0.wp.com\/casadecampoliving.com\/wp-content\/uploads\/2024\/03\/Get-the-Look-Voala-Cafe-Marche-9.jpg?resize=768%2C512&amp;ssl=1 768w, https:\/\/i0.wp.com\/casadecampoliving.com\/wp-content\/uploads\/2024\/03\/Get-the-Look-Voala-Cafe-Marche-9.jpg?resize=400%2C267&amp;ssl=1 400w, https:\/\/i0.wp.com\/casadecampoliving.com\/wp-content\/uploads\/2024\/03\/Get-the-Look-Voala-Cafe-Marche-9.jpg?resize=150%2C100&amp;ssl=1 150w, https:\/\/i0.wp.com\/casadecampoliving.com\/wp-content\/uploads\/2024\/03\/Get-the-Look-Voala-Cafe-Marche-9.jpg?w=1200&amp;ssl=1 1200w, https:\/\/i0.wp.com\/casadecampoliving.com\/wp-content\/uploads\/2024\/03\/Get-the-Look-Voala-Cafe-Marche-9-1024x683.jpg?w=370&amp;ssl=1 370w\" sizes=\"auto, (max-width: 1000px) 100vw, 1000px\" \/><\/figure>\n\n\n\n<figure class=\"wp-block-image size-large\"><img data-recalc-dims=\"1\" loading=\"lazy\" decoding=\"async\" width=\"1024\" height=\"683\" data-id=\"527688\" src=\"https:\/\/i0.wp.com\/casadecampoliving.com\/wp-content\/uploads\/2024\/03\/Get-the-Look-Voala-Cafe-Marche-8.jpg?resize=1024%2C683&#038;ssl=1\" alt=\"\" class=\"wp-image-527688\" srcset=\"https:\/\/i0.wp.com\/casadecampoliving.com\/wp-content\/uploads\/2024\/03\/Get-the-Look-Voala-Cafe-Marche-8.jpg?resize=1024%2C683&amp;ssl=1 1024w, https:\/\/i0.wp.com\/casadecampoliving.com\/wp-content\/uploads\/2024\/03\/Get-the-Look-Voala-Cafe-Marche-8.jpg?resize=300%2C200&amp;ssl=1 300w, https:\/\/i0.wp.com\/casadecampoliving.com\/wp-content\/uploads\/2024\/03\/Get-the-Look-Voala-Cafe-Marche-8.jpg?resize=768%2C512&amp;ssl=1 768w, https:\/\/i0.wp.com\/casadecampoliving.com\/wp-content\/uploads\/2024\/03\/Get-the-Look-Voala-Cafe-Marche-8.jpg?resize=400%2C267&amp;ssl=1 400w, https:\/\/i0.wp.com\/casadecampoliving.com\/wp-content\/uploads\/2024\/03\/Get-the-Look-Voala-Cafe-Marche-8.jpg?resize=150%2C100&amp;ssl=1 150w, https:\/\/i0.wp.com\/casadecampoliving.com\/wp-content\/uploads\/2024\/03\/Get-the-Look-Voala-Cafe-Marche-8.jpg?w=1200&amp;ssl=1 1200w, https:\/\/i0.wp.com\/casadecampoliving.com\/wp-content\/uploads\/2024\/03\/Get-the-Look-Voala-Cafe-Marche-8-1024x683.jpg?w=370&amp;ssl=1 370w\" sizes=\"auto, (max-width: 1000px) 100vw, 1000px\" \/><\/figure>\n\n\n\n<figure class=\"wp-block-image size-large\"><img data-recalc-dims=\"1\" loading=\"lazy\" decoding=\"async\" width=\"1024\" height=\"683\" data-id=\"527693\" src=\"https:\/\/i0.wp.com\/casadecampoliving.com\/wp-content\/uploads\/2024\/03\/Get-the-Look-Voala-Cafe-Marche-7.jpg?resize=1024%2C683&#038;ssl=1\" alt=\"\" class=\"wp-image-527693\" srcset=\"https:\/\/i0.wp.com\/casadecampoliving.com\/wp-content\/uploads\/2024\/03\/Get-the-Look-Voala-Cafe-Marche-7.jpg?resize=1024%2C683&amp;ssl=1 1024w, https:\/\/i0.wp.com\/casadecampoliving.com\/wp-content\/uploads\/2024\/03\/Get-the-Look-Voala-Cafe-Marche-7.jpg?resize=300%2C200&amp;ssl=1 300w, https:\/\/i0.wp.com\/casadecampoliving.com\/wp-content\/uploads\/2024\/03\/Get-the-Look-Voala-Cafe-Marche-7.jpg?resize=768%2C512&amp;ssl=1 768w, https:\/\/i0.wp.com\/casadecampoliving.com\/wp-content\/uploads\/2024\/03\/Get-the-Look-Voala-Cafe-Marche-7.jpg?resize=400%2C267&amp;ssl=1 400w, https:\/\/i0.wp.com\/casadecampoliving.com\/wp-content\/uploads\/2024\/03\/Get-the-Look-Voala-Cafe-Marche-7.jpg?resize=150%2C100&amp;ssl=1 150w, https:\/\/i0.wp.com\/casadecampoliving.com\/wp-content\/uploads\/2024\/03\/Get-the-Look-Voala-Cafe-Marche-7.jpg?w=1200&amp;ssl=1 1200w, https:\/\/i0.wp.com\/casadecampoliving.com\/wp-content\/uploads\/2024\/03\/Get-the-Look-Voala-Cafe-Marche-7-1024x683.jpg?w=370&amp;ssl=1 370w\" sizes=\"auto, (max-width: 1000px) 100vw, 1000px\" \/><\/figure>\n\n\n\n<figure class=\"wp-block-image size-large\"><img data-recalc-dims=\"1\" loading=\"lazy\" decoding=\"async\" width=\"683\" height=\"1024\" data-id=\"527660\" src=\"https:\/\/i0.wp.com\/casadecampoliving.com\/wp-content\/uploads\/2024\/03\/Get-the-Look-Voala-Cafe-Marche-6.jpg?resize=683%2C1024&#038;ssl=1\" alt=\"\" class=\"wp-image-527660\" srcset=\"https:\/\/i0.wp.com\/casadecampoliving.com\/wp-content\/uploads\/2024\/03\/Get-the-Look-Voala-Cafe-Marche-6.jpg?resize=683%2C1024&amp;ssl=1 683w, https:\/\/i0.wp.com\/casadecampoliving.com\/wp-content\/uploads\/2024\/03\/Get-the-Look-Voala-Cafe-Marche-6.jpg?resize=200%2C300&amp;ssl=1 200w, https:\/\/i0.wp.com\/casadecampoliving.com\/wp-content\/uploads\/2024\/03\/Get-the-Look-Voala-Cafe-Marche-6.jpg?resize=768%2C1152&amp;ssl=1 768w, https:\/\/i0.wp.com\/casadecampoliving.com\/wp-content\/uploads\/2024\/03\/Get-the-Look-Voala-Cafe-Marche-6.jpg?resize=400%2C600&amp;ssl=1 400w, https:\/\/i0.wp.com\/casadecampoliving.com\/wp-content\/uploads\/2024\/03\/Get-the-Look-Voala-Cafe-Marche-6.jpg?resize=150%2C225&amp;ssl=1 150w, https:\/\/i0.wp.com\/casadecampoliving.com\/wp-content\/uploads\/2024\/03\/Get-the-Look-Voala-Cafe-Marche-6.jpg?w=800&amp;ssl=1 800w, https:\/\/i0.wp.com\/casadecampoliving.com\/wp-content\/uploads\/2024\/03\/Get-the-Look-Voala-Cafe-Marche-6-683x1024.jpg?w=370&amp;ssl=1 370w\" sizes=\"auto, (max-width: 683px) 100vw, 683px\" \/><\/figure>\n\n\n\n<figure class=\"wp-block-image size-large\"><img data-recalc-dims=\"1\" loading=\"lazy\" decoding=\"async\" width=\"1024\" height=\"683\" data-id=\"527668\" src=\"https:\/\/i0.wp.com\/casadecampoliving.com\/wp-content\/uploads\/2024\/03\/Get-the-Look-Voala-Cafe-Marche-5.jpg?resize=1024%2C683&#038;ssl=1\" alt=\"\" class=\"wp-image-527668\" srcset=\"https:\/\/i0.wp.com\/casadecampoliving.com\/wp-content\/uploads\/2024\/03\/Get-the-Look-Voala-Cafe-Marche-5.jpg?resize=1024%2C683&amp;ssl=1 1024w, https:\/\/i0.wp.com\/casadecampoliving.com\/wp-content\/uploads\/2024\/03\/Get-the-Look-Voala-Cafe-Marche-5.jpg?resize=300%2C200&amp;ssl=1 300w, https:\/\/i0.wp.com\/casadecampoliving.com\/wp-content\/uploads\/2024\/03\/Get-the-Look-Voala-Cafe-Marche-5.jpg?resize=768%2C512&amp;ssl=1 768w, https:\/\/i0.wp.com\/casadecampoliving.com\/wp-content\/uploads\/2024\/03\/Get-the-Look-Voala-Cafe-Marche-5.jpg?resize=400%2C267&amp;ssl=1 400w, https:\/\/i0.wp.com\/casadecampoliving.com\/wp-content\/uploads\/2024\/03\/Get-the-Look-Voala-Cafe-Marche-5.jpg?resize=150%2C100&amp;ssl=1 150w, https:\/\/i0.wp.com\/casadecampoliving.com\/wp-content\/uploads\/2024\/03\/Get-the-Look-Voala-Cafe-Marche-5.jpg?w=1200&amp;ssl=1 1200w, https:\/\/i0.wp.com\/casadecampoliving.com\/wp-content\/uploads\/2024\/03\/Get-the-Look-Voala-Cafe-Marche-5-1024x683.jpg?w=370&amp;ssl=1 370w\" sizes=\"auto, (max-width: 1000px) 100vw, 1000px\" \/><\/figure>\n\n\n\n<figure class=\"wp-block-image size-large\"><img data-recalc-dims=\"1\" loading=\"lazy\" decoding=\"async\" width=\"683\" height=\"1024\" data-id=\"527691\" src=\"https:\/\/i0.wp.com\/casadecampoliving.com\/wp-content\/uploads\/2024\/03\/Get-the-Look-Voala-Cafe-Marche-4.jpg?resize=683%2C1024&#038;ssl=1\" alt=\"\" class=\"wp-image-527691\" srcset=\"https:\/\/i0.wp.com\/casadecampoliving.com\/wp-content\/uploads\/2024\/03\/Get-the-Look-Voala-Cafe-Marche-4.jpg?resize=683%2C1024&amp;ssl=1 683w, https:\/\/i0.wp.com\/casadecampoliving.com\/wp-content\/uploads\/2024\/03\/Get-the-Look-Voala-Cafe-Marche-4.jpg?resize=200%2C300&amp;ssl=1 200w, https:\/\/i0.wp.com\/casadecampoliving.com\/wp-content\/uploads\/2024\/03\/Get-the-Look-Voala-Cafe-Marche-4.jpg?resize=768%2C1152&amp;ssl=1 768w, https:\/\/i0.wp.com\/casadecampoliving.com\/wp-content\/uploads\/2024\/03\/Get-the-Look-Voala-Cafe-Marche-4.jpg?resize=400%2C600&amp;ssl=1 400w, https:\/\/i0.wp.com\/casadecampoliving.com\/wp-content\/uploads\/2024\/03\/Get-the-Look-Voala-Cafe-Marche-4.jpg?resize=150%2C225&amp;ssl=1 150w, https:\/\/i0.wp.com\/casadecampoliving.com\/wp-content\/uploads\/2024\/03\/Get-the-Look-Voala-Cafe-Marche-4.jpg?w=800&amp;ssl=1 800w, https:\/\/i0.wp.com\/casadecampoliving.com\/wp-content\/uploads\/2024\/03\/Get-the-Look-Voala-Cafe-Marche-4-683x1024.jpg?w=370&amp;ssl=1 370w\" sizes=\"auto, (max-width: 683px) 100vw, 683px\" \/><\/figure>\n\n\n\n<figure class=\"wp-block-image size-large\"><img data-recalc-dims=\"1\" loading=\"lazy\" decoding=\"async\" width=\"683\" height=\"1024\" data-id=\"527686\" src=\"https:\/\/i0.wp.com\/casadecampoliving.com\/wp-content\/uploads\/2024\/03\/Get-the-Look-Voala-Cafe-Marche-3.jpg?resize=683%2C1024&#038;ssl=1\" alt=\"\" class=\"wp-image-527686\" srcset=\"https:\/\/i0.wp.com\/casadecampoliving.com\/wp-content\/uploads\/2024\/03\/Get-the-Look-Voala-Cafe-Marche-3.jpg?resize=683%2C1024&amp;ssl=1 683w, https:\/\/i0.wp.com\/casadecampoliving.com\/wp-content\/uploads\/2024\/03\/Get-the-Look-Voala-Cafe-Marche-3.jpg?resize=200%2C300&amp;ssl=1 200w, https:\/\/i0.wp.com\/casadecampoliving.com\/wp-content\/uploads\/2024\/03\/Get-the-Look-Voala-Cafe-Marche-3.jpg?resize=768%2C1152&amp;ssl=1 768w, https:\/\/i0.wp.com\/casadecampoliving.com\/wp-content\/uploads\/2024\/03\/Get-the-Look-Voala-Cafe-Marche-3.jpg?resize=400%2C600&amp;ssl=1 400w, https:\/\/i0.wp.com\/casadecampoliving.com\/wp-content\/uploads\/2024\/03\/Get-the-Look-Voala-Cafe-Marche-3.jpg?resize=150%2C225&amp;ssl=1 150w, https:\/\/i0.wp.com\/casadecampoliving.com\/wp-content\/uploads\/2024\/03\/Get-the-Look-Voala-Cafe-Marche-3.jpg?w=800&amp;ssl=1 800w, https:\/\/i0.wp.com\/casadecampoliving.com\/wp-content\/uploads\/2024\/03\/Get-the-Look-Voala-Cafe-Marche-3-683x1024.jpg?w=370&amp;ssl=1 370w\" sizes=\"auto, (max-width: 683px) 100vw, 683px\" \/><\/figure>\n\n\n\n<figure class=\"wp-block-image size-large\"><img data-recalc-dims=\"1\" loading=\"lazy\" decoding=\"async\" width=\"683\" height=\"1024\" data-id=\"527646\" src=\"https:\/\/i0.wp.com\/casadecampoliving.com\/wp-content\/uploads\/2024\/03\/Get-the-Look-Voala-Cafe-Marche-2.jpg?resize=683%2C1024&#038;ssl=1\" alt=\"\" class=\"wp-image-527646\" srcset=\"https:\/\/i0.wp.com\/casadecampoliving.com\/wp-content\/uploads\/2024\/03\/Get-the-Look-Voala-Cafe-Marche-2.jpg?resize=683%2C1024&amp;ssl=1 683w, https:\/\/i0.wp.com\/casadecampoliving.com\/wp-content\/uploads\/2024\/03\/Get-the-Look-Voala-Cafe-Marche-2.jpg?resize=200%2C300&amp;ssl=1 200w, https:\/\/i0.wp.com\/casadecampoliving.com\/wp-content\/uploads\/2024\/03\/Get-the-Look-Voala-Cafe-Marche-2.jpg?resize=768%2C1152&amp;ssl=1 768w, https:\/\/i0.wp.com\/casadecampoliving.com\/wp-content\/uploads\/2024\/03\/Get-the-Look-Voala-Cafe-Marche-2.jpg?resize=400%2C600&amp;ssl=1 400w, https:\/\/i0.wp.com\/casadecampoliving.com\/wp-content\/uploads\/2024\/03\/Get-the-Look-Voala-Cafe-Marche-2.jpg?resize=150%2C225&amp;ssl=1 150w, https:\/\/i0.wp.com\/casadecampoliving.com\/wp-content\/uploads\/2024\/03\/Get-the-Look-Voala-Cafe-Marche-2.jpg?w=800&amp;ssl=1 800w, https:\/\/i0.wp.com\/casadecampoliving.com\/wp-content\/uploads\/2024\/03\/Get-the-Look-Voala-Cafe-Marche-2-683x1024.jpg?w=370&amp;ssl=1 370w\" sizes=\"auto, (max-width: 683px) 100vw, 683px\" \/><\/figure>\n\n\n\n<figure class=\"wp-block-image size-large\"><img data-recalc-dims=\"1\" loading=\"lazy\" decoding=\"async\" width=\"683\" height=\"1024\" data-id=\"527701\" src=\"https:\/\/i0.wp.com\/casadecampoliving.com\/wp-content\/uploads\/2024\/03\/Get-the-Look-Voala-Cafe-Marche-1.jpg?resize=683%2C1024&#038;ssl=1\" alt=\"\" class=\"wp-image-527701\" srcset=\"https:\/\/i0.wp.com\/casadecampoliving.com\/wp-content\/uploads\/2024\/03\/Get-the-Look-Voala-Cafe-Marche-1.jpg?resize=683%2C1024&amp;ssl=1 683w, https:\/\/i0.wp.com\/casadecampoliving.com\/wp-content\/uploads\/2024\/03\/Get-the-Look-Voala-Cafe-Marche-1.jpg?resize=200%2C300&amp;ssl=1 200w, https:\/\/i0.wp.com\/casadecampoliving.com\/wp-content\/uploads\/2024\/03\/Get-the-Look-Voala-Cafe-Marche-1.jpg?resize=768%2C1152&amp;ssl=1 768w, https:\/\/i0.wp.com\/casadecampoliving.com\/wp-content\/uploads\/2024\/03\/Get-the-Look-Voala-Cafe-Marche-1.jpg?resize=400%2C600&amp;ssl=1 400w, https:\/\/i0.wp.com\/casadecampoliving.com\/wp-content\/uploads\/2024\/03\/Get-the-Look-Voala-Cafe-Marche-1.jpg?resize=150%2C225&amp;ssl=1 150w, https:\/\/i0.wp.com\/casadecampoliving.com\/wp-content\/uploads\/2024\/03\/Get-the-Look-Voala-Cafe-Marche-1.jpg?w=800&amp;ssl=1 800w, https:\/\/i0.wp.com\/casadecampoliving.com\/wp-content\/uploads\/2024\/03\/Get-the-Look-Voala-Cafe-Marche-1-683x1024.jpg?w=370&amp;ssl=1 370w\" sizes=\"auto, (max-width: 683px) 100vw, 683px\" \/><\/figure>\n<\/figure>\n","protected":false},"excerpt":{"rendered":"<p>El 2 de marzo, Voal\u00e1 Caf\u00e9 March\u00e9 fue el anfitri\u00f3n del evento inaugural &#8216;GET THE LOOK&#8217; de V\u00eda Galer\u00eda Showroom. Esta reuni\u00f3n \u00fanica fusion\u00f3 moda y filantrop\u00eda, presentando la \u00faltima colecci\u00f3n c\u00e1psula de Angie Polanco y exhibiendo marcas disponibles en V\u00eda Galer\u00eda Showroom: joyer\u00eda MinaRomina, calzado House of Loja y aromas de AB Home Scents. [&hellip;]<\/p>\n","protected":false},"author":36791,"featured_media":527696,"comment_status":"closed","ping_status":"closed","sticky":false,"template":"","format":"standard","meta":{"newspack_ads_suppress_ads":false,"newspack_popups_has_disabled_popups":false,"newspack_sponsor_sponsorship_scope":"","newspack_sponsor_native_byline_display":"inherit","newspack_sponsor_native_category_display":"inherit","newspack_sponsor_underwriter_style":"inherit","newspack_sponsor_underwriter_placement":"inherit","_newspack_byline_active":false,"_newspack_byline":"","newspack_hide_updated_date":false,"newspack_show_updated_date":false,"newspack_content_restriction_is_exempt":false,"newspack_featured_image_position":"large","newspack_post_subtitle":"","newspack_article_summary_title":"Overview:","newspack_article_summary":"","_jetpack_memberships_contains_paid_content":false,"footnotes":"","jetpack_publicize_message":"","jetpack_publicize_feature_enabled":true,"jetpack_social_post_already_shared":true,"jetpack_social_options":{"image_generator_settings":{"template":"highway","default_image_id":0,"font":"","enabled":false},"version":2},"_wpas_customize_per_network":false},"categories":[26577,2522,2514,23889,2523],"tags":[27100,3626,3375,14736,27428],"newspack_spnsrs_tax":[],"class_list":["post-527708","post","type-post","status-publish","format-standard","has-post-thumbnail","hentry","category-altos-de-chavon-6","category-eventos-es","category-fundaciones-es","category-lifestyle-2","category-moda-es","tag-altos-de-chavon-es-7","tag-casa-de-campo-es","tag-eventos-y-actividades","tag-featured-topview-es","tag-filantropia","entry"],"yoast_head":"<!-- This site is optimized with the Yoast SEO plugin v27.4 - https:\/\/yoast.com\/product\/yoast-seo-wordpress\/ -->\n<title>V\u00eda Galer\u00eda Showroom Presenta &#039;GET THE LOOK&#039;: Un Encuentro de Moda con Prop\u00f3sito | Casa de Campo Living<\/title>\n<meta name=\"description\" content=\"El 2 de marzo, Voal\u00e1 Caf\u00e9 March\u00e9 fue el anfitri\u00f3n del evento inaugural &#039;GET THE LOOK&#039; de V\u00eda Galer\u00eda Showroom. Esta reuni\u00f3n \u00fanica fusion\u00f3 moda y\" \/>\n<meta name=\"robots\" content=\"index, follow, max-snippet:-1, max-image-preview:large, max-video-preview:-1\" \/>\n<link rel=\"canonical\" href=\"https:\/\/casadecampoliving.com\/es\/via-galeria-showroom-presenta-get-the-look-un-encuentro-de-moda-con-proposito\/\" \/>\n<meta property=\"og:locale\" content=\"es_ES\" \/>\n<meta property=\"og:type\" content=\"article\" \/>\n<meta property=\"og:title\" content=\"V\u00eda Galer\u00eda Showroom Presenta &#039;GET THE LOOK&#039;: Un Encuentro de Moda con Prop\u00f3sito | Casa de Campo Living\" \/>\n<meta property=\"og:description\" content=\"El 2 de marzo, Voal\u00e1 Caf\u00e9 March\u00e9 fue el anfitri\u00f3n del evento inaugural &#039;GET THE LOOK&#039; de V\u00eda Galer\u00eda Showroom. Esta reuni\u00f3n \u00fanica fusion\u00f3 moda y\" \/>\n<meta property=\"og:url\" content=\"https:\/\/casadecampoliving.com\/es\/via-galeria-showroom-presenta-get-the-look-un-encuentro-de-moda-con-proposito\/\" \/>\n<meta property=\"og:site_name\" content=\"Casa de Campo Living\" \/>\n<meta property=\"article:publisher\" content=\"https:\/\/www.facebook.com\/casadecampoliving\" \/>\n<meta property=\"article:published_time\" content=\"2024-03-11T21:25:57+00:00\" \/>\n<meta property=\"article:modified_time\" content=\"2024-03-11T22:59:13+00:00\" \/>\n<meta property=\"og:image\" content=\"https:\/\/casadecampoliving.com\/wp-content\/uploads\/2024\/03\/Get-the-Look-Voala-Cafe-Marche-13.jpg\" \/>\n\t<meta property=\"og:image:width\" content=\"1200\" \/>\n\t<meta property=\"og:image:height\" content=\"800\" \/>\n\t<meta property=\"og:image:type\" content=\"image\/jpeg\" \/>\n<meta name=\"author\" content=\"Casa de Campo Living\" \/>\n<meta name=\"twitter:card\" content=\"summary_large_image\" \/>\n<meta name=\"twitter:creator\" content=\"@cdcliving\" \/>\n<meta name=\"twitter:site\" content=\"@cdcliving\" \/>\n<meta name=\"twitter:label1\" content=\"Escrito por\" \/>\n\t<meta name=\"twitter:data1\" content=\"Casa de Campo Living\" \/>\n\t<meta name=\"twitter:label2\" content=\"Tiempo de lectura\" \/>\n\t<meta name=\"twitter:data2\" content=\"8 minutos\" \/>\n<script type=\"application\/ld+json\" class=\"yoast-schema-graph\">{\"@context\":\"https:\\\/\\\/schema.org\",\"@graph\":[{\"@type\":\"Article\",\"@id\":\"https:\\\/\\\/casadecampoliving.com\\\/es\\\/via-galeria-showroom-presenta-get-the-look-un-encuentro-de-moda-con-proposito\\\/#article\",\"isPartOf\":{\"@id\":\"https:\\\/\\\/casadecampoliving.com\\\/es\\\/via-galeria-showroom-presenta-get-the-look-un-encuentro-de-moda-con-proposito\\\/\"},\"author\":{\"name\":\"Casa de Campo Living\",\"@id\":\"https:\\\/\\\/casadecampoliving.com\\\/es\\\/#\\\/schema\\\/person\\\/5d2171637a9d11e0e43ce6b8555f9422\"},\"headline\":\"V\u00eda Galer\u00eda Showroom Presenta &#8216;GET THE LOOK&#8217;: Un Encuentro de Moda con Prop\u00f3sito\",\"datePublished\":\"2024-03-11T21:25:57+00:00\",\"dateModified\":\"2024-03-11T22:59:13+00:00\",\"mainEntityOfPage\":{\"@id\":\"https:\\\/\\\/casadecampoliving.com\\\/es\\\/via-galeria-showroom-presenta-get-the-look-un-encuentro-de-moda-con-proposito\\\/\"},\"wordCount\":229,\"publisher\":{\"@id\":\"https:\\\/\\\/casadecampoliving.com\\\/es\\\/#organization\"},\"image\":{\"@id\":\"https:\\\/\\\/casadecampoliving.com\\\/es\\\/via-galeria-showroom-presenta-get-the-look-un-encuentro-de-moda-con-proposito\\\/#primaryimage\"},\"thumbnailUrl\":\"https:\\\/\\\/i0.wp.com\\\/casadecampoliving.com\\\/wp-content\\\/uploads\\\/2024\\\/03\\\/Get-the-Look-Voala-Cafe-Marche-13.jpg?fit=1200%2C800&ssl=1\",\"keywords\":[\"Altos de Chav\u00f3n @es\",\"casa de campo @es\",\"eventos y actividades\",\"Featured-TopView @es\",\"filantropia\"],\"articleSection\":[\"Altos de Chav\u00f3n\",\"Eventos\",\"Fundaciones\",\"Lifestyle\",\"Moda\"],\"inLanguage\":\"es\"},{\"@type\":\"WebPage\",\"@id\":\"https:\\\/\\\/casadecampoliving.com\\\/es\\\/via-galeria-showroom-presenta-get-the-look-un-encuentro-de-moda-con-proposito\\\/\",\"url\":\"https:\\\/\\\/casadecampoliving.com\\\/es\\\/via-galeria-showroom-presenta-get-the-look-un-encuentro-de-moda-con-proposito\\\/\",\"name\":\"V\u00eda Galer\u00eda Showroom Presenta 'GET THE LOOK': Un Encuentro de Moda con Prop\u00f3sito | Casa de Campo Living\",\"isPartOf\":{\"@id\":\"https:\\\/\\\/casadecampoliving.com\\\/es\\\/#website\"},\"primaryImageOfPage\":{\"@id\":\"https:\\\/\\\/casadecampoliving.com\\\/es\\\/via-galeria-showroom-presenta-get-the-look-un-encuentro-de-moda-con-proposito\\\/#primaryimage\"},\"image\":{\"@id\":\"https:\\\/\\\/casadecampoliving.com\\\/es\\\/via-galeria-showroom-presenta-get-the-look-un-encuentro-de-moda-con-proposito\\\/#primaryimage\"},\"thumbnailUrl\":\"https:\\\/\\\/i0.wp.com\\\/casadecampoliving.com\\\/wp-content\\\/uploads\\\/2024\\\/03\\\/Get-the-Look-Voala-Cafe-Marche-13.jpg?fit=1200%2C800&ssl=1\",\"datePublished\":\"2024-03-11T21:25:57+00:00\",\"dateModified\":\"2024-03-11T22:59:13+00:00\",\"description\":\"El 2 de marzo, Voal\u00e1 Caf\u00e9 March\u00e9 fue el anfitri\u00f3n del evento inaugural 'GET THE LOOK' de V\u00eda Galer\u00eda Showroom. Esta reuni\u00f3n \u00fanica fusion\u00f3 moda y\",\"breadcrumb\":{\"@id\":\"https:\\\/\\\/casadecampoliving.com\\\/es\\\/via-galeria-showroom-presenta-get-the-look-un-encuentro-de-moda-con-proposito\\\/#breadcrumb\"},\"inLanguage\":\"es\",\"potentialAction\":[{\"@type\":\"ReadAction\",\"target\":[\"https:\\\/\\\/casadecampoliving.com\\\/es\\\/via-galeria-showroom-presenta-get-the-look-un-encuentro-de-moda-con-proposito\\\/\"]}]},{\"@type\":\"ImageObject\",\"inLanguage\":\"es\",\"@id\":\"https:\\\/\\\/casadecampoliving.com\\\/es\\\/via-galeria-showroom-presenta-get-the-look-un-encuentro-de-moda-con-proposito\\\/#primaryimage\",\"url\":\"https:\\\/\\\/i0.wp.com\\\/casadecampoliving.com\\\/wp-content\\\/uploads\\\/2024\\\/03\\\/Get-the-Look-Voala-Cafe-Marche-13.jpg?fit=1200%2C800&ssl=1\",\"contentUrl\":\"https:\\\/\\\/i0.wp.com\\\/casadecampoliving.com\\\/wp-content\\\/uploads\\\/2024\\\/03\\\/Get-the-Look-Voala-Cafe-Marche-13.jpg?fit=1200%2C800&ssl=1\",\"width\":1200,\"height\":800},{\"@type\":\"BreadcrumbList\",\"@id\":\"https:\\\/\\\/casadecampoliving.com\\\/es\\\/via-galeria-showroom-presenta-get-the-look-un-encuentro-de-moda-con-proposito\\\/#breadcrumb\",\"itemListElement\":[{\"@type\":\"ListItem\",\"position\":1,\"name\":\"Home\",\"item\":\"https:\\\/\\\/casadecampoliving.com\\\/es\\\/\"},{\"@type\":\"ListItem\",\"position\":2,\"name\":\"V\u00eda Galer\u00eda Showroom Presenta &#8216;GET THE LOOK&#8217;: Un Encuentro de Moda con Prop\u00f3sito\"}]},{\"@type\":\"WebSite\",\"@id\":\"https:\\\/\\\/casadecampoliving.com\\\/es\\\/#website\",\"url\":\"https:\\\/\\\/casadecampoliving.com\\\/es\\\/\",\"name\":\"Casa de Campo Living\",\"description\":\"Resort community news and resources.\",\"publisher\":{\"@id\":\"https:\\\/\\\/casadecampoliving.com\\\/es\\\/#organization\"},\"potentialAction\":[{\"@type\":\"SearchAction\",\"target\":{\"@type\":\"EntryPoint\",\"urlTemplate\":\"https:\\\/\\\/casadecampoliving.com\\\/es\\\/?s={search_term_string}\"},\"query-input\":{\"@type\":\"PropertyValueSpecification\",\"valueRequired\":true,\"valueName\":\"search_term_string\"}}],\"inLanguage\":\"es\"},{\"@type\":\"Organization\",\"@id\":\"https:\\\/\\\/casadecampoliving.com\\\/es\\\/#organization\",\"name\":\"Casa de Campo Living\",\"url\":\"https:\\\/\\\/casadecampoliving.com\\\/es\\\/\",\"logo\":{\"@type\":\"ImageObject\",\"inLanguage\":\"es\",\"@id\":\"https:\\\/\\\/casadecampoliving.com\\\/es\\\/#\\\/schema\\\/logo\\\/image\\\/\",\"url\":\"https:\\\/\\\/i0.wp.com\\\/casadecampoliving.com\\\/wp-content\\\/uploads\\\/2022\\\/07\\\/CDCLivingLogo_V1-white-sized.png?fit=800%2C214&ssl=1\",\"contentUrl\":\"https:\\\/\\\/i0.wp.com\\\/casadecampoliving.com\\\/wp-content\\\/uploads\\\/2022\\\/07\\\/CDCLivingLogo_V1-white-sized.png?fit=800%2C214&ssl=1\",\"width\":800,\"height\":214,\"caption\":\"Casa de Campo Living\"},\"image\":{\"@id\":\"https:\\\/\\\/casadecampoliving.com\\\/es\\\/#\\\/schema\\\/logo\\\/image\\\/\"},\"sameAs\":[\"https:\\\/\\\/www.facebook.com\\\/casadecampoliving\",\"https:\\\/\\\/x.com\\\/cdcliving\"]},{\"@type\":\"Person\",\"@id\":\"https:\\\/\\\/casadecampoliving.com\\\/es\\\/#\\\/schema\\\/person\\\/5d2171637a9d11e0e43ce6b8555f9422\",\"name\":\"Casa de Campo Living\",\"image\":{\"@type\":\"ImageObject\",\"inLanguage\":\"es\",\"@id\":\"https:\\\/\\\/secure.gravatar.com\\\/avatar\\\/d04101fa4a9fd431e939953b1500fdc7a73cd35029f86d98712fd8ccdaebaf9a?s=96&d=mm&r=g\",\"url\":\"https:\\\/\\\/secure.gravatar.com\\\/avatar\\\/d04101fa4a9fd431e939953b1500fdc7a73cd35029f86d98712fd8ccdaebaf9a?s=96&d=mm&r=g\",\"contentUrl\":\"https:\\\/\\\/secure.gravatar.com\\\/avatar\\\/d04101fa4a9fd431e939953b1500fdc7a73cd35029f86d98712fd8ccdaebaf9a?s=96&d=mm&r=g\",\"caption\":\"Casa de Campo Living\"},\"url\":\"https:\\\/\\\/casadecampoliving.com\\\/es\\\/author\\\/casa-de-campo-living\\\/\"}]}<\/script>\n<!-- \/ Yoast SEO plugin. -->","yoast_head_json":{"title":"V\u00eda Galer\u00eda Showroom Presenta 'GET THE LOOK': Un Encuentro de Moda con Prop\u00f3sito | Casa de Campo Living","description":"El 2 de marzo, Voal\u00e1 Caf\u00e9 March\u00e9 fue el anfitri\u00f3n del evento inaugural 'GET THE LOOK' de V\u00eda Galer\u00eda Showroom. Esta reuni\u00f3n \u00fanica fusion\u00f3 moda y","robots":{"index":"index","follow":"follow","max-snippet":"max-snippet:-1","max-image-preview":"max-image-preview:large","max-video-preview":"max-video-preview:-1"},"canonical":"https:\/\/casadecampoliving.com\/es\/via-galeria-showroom-presenta-get-the-look-un-encuentro-de-moda-con-proposito\/","og_locale":"es_ES","og_type":"article","og_title":"V\u00eda Galer\u00eda Showroom Presenta 'GET THE LOOK': Un Encuentro de Moda con Prop\u00f3sito | Casa de Campo Living","og_description":"El 2 de marzo, Voal\u00e1 Caf\u00e9 March\u00e9 fue el anfitri\u00f3n del evento inaugural 'GET THE LOOK' de V\u00eda Galer\u00eda Showroom. Esta reuni\u00f3n \u00fanica fusion\u00f3 moda y","og_url":"https:\/\/casadecampoliving.com\/es\/via-galeria-showroom-presenta-get-the-look-un-encuentro-de-moda-con-proposito\/","og_site_name":"Casa de Campo Living","article_publisher":"https:\/\/www.facebook.com\/casadecampoliving","article_published_time":"2024-03-11T21:25:57+00:00","article_modified_time":"2024-03-11T22:59:13+00:00","og_image":[{"width":1200,"height":800,"url":"https:\/\/casadecampoliving.com\/wp-content\/uploads\/2024\/03\/Get-the-Look-Voala-Cafe-Marche-13.jpg","type":"image\/jpeg"}],"author":"Casa de Campo Living","twitter_card":"summary_large_image","twitter_creator":"@cdcliving","twitter_site":"@cdcliving","twitter_misc":{"Escrito por":"Casa de Campo Living","Tiempo de lectura":"8 minutos"},"schema":{"@context":"https:\/\/schema.org","@graph":[{"@type":"Article","@id":"https:\/\/casadecampoliving.com\/es\/via-galeria-showroom-presenta-get-the-look-un-encuentro-de-moda-con-proposito\/#article","isPartOf":{"@id":"https:\/\/casadecampoliving.com\/es\/via-galeria-showroom-presenta-get-the-look-un-encuentro-de-moda-con-proposito\/"},"author":{"name":"Casa de Campo Living","@id":"https:\/\/casadecampoliving.com\/es\/#\/schema\/person\/5d2171637a9d11e0e43ce6b8555f9422"},"headline":"V\u00eda Galer\u00eda Showroom Presenta &#8216;GET THE LOOK&#8217;: Un Encuentro de Moda con Prop\u00f3sito","datePublished":"2024-03-11T21:25:57+00:00","dateModified":"2024-03-11T22:59:13+00:00","mainEntityOfPage":{"@id":"https:\/\/casadecampoliving.com\/es\/via-galeria-showroom-presenta-get-the-look-un-encuentro-de-moda-con-proposito\/"},"wordCount":229,"publisher":{"@id":"https:\/\/casadecampoliving.com\/es\/#organization"},"image":{"@id":"https:\/\/casadecampoliving.com\/es\/via-galeria-showroom-presenta-get-the-look-un-encuentro-de-moda-con-proposito\/#primaryimage"},"thumbnailUrl":"https:\/\/i0.wp.com\/casadecampoliving.com\/wp-content\/uploads\/2024\/03\/Get-the-Look-Voala-Cafe-Marche-13.jpg?fit=1200%2C800&ssl=1","keywords":["Altos de Chav\u00f3n @es","casa de campo @es","eventos y actividades","Featured-TopView @es","filantropia"],"articleSection":["Altos de Chav\u00f3n","Eventos","Fundaciones","Lifestyle","Moda"],"inLanguage":"es"},{"@type":"WebPage","@id":"https:\/\/casadecampoliving.com\/es\/via-galeria-showroom-presenta-get-the-look-un-encuentro-de-moda-con-proposito\/","url":"https:\/\/casadecampoliving.com\/es\/via-galeria-showroom-presenta-get-the-look-un-encuentro-de-moda-con-proposito\/","name":"V\u00eda Galer\u00eda Showroom Presenta 'GET THE LOOK': Un Encuentro de Moda con Prop\u00f3sito | Casa de Campo Living","isPartOf":{"@id":"https:\/\/casadecampoliving.com\/es\/#website"},"primaryImageOfPage":{"@id":"https:\/\/casadecampoliving.com\/es\/via-galeria-showroom-presenta-get-the-look-un-encuentro-de-moda-con-proposito\/#primaryimage"},"image":{"@id":"https:\/\/casadecampoliving.com\/es\/via-galeria-showroom-presenta-get-the-look-un-encuentro-de-moda-con-proposito\/#primaryimage"},"thumbnailUrl":"https:\/\/i0.wp.com\/casadecampoliving.com\/wp-content\/uploads\/2024\/03\/Get-the-Look-Voala-Cafe-Marche-13.jpg?fit=1200%2C800&ssl=1","datePublished":"2024-03-11T21:25:57+00:00","dateModified":"2024-03-11T22:59:13+00:00","description":"El 2 de marzo, Voal\u00e1 Caf\u00e9 March\u00e9 fue el anfitri\u00f3n del evento inaugural 'GET THE LOOK' de V\u00eda Galer\u00eda Showroom. Esta reuni\u00f3n \u00fanica fusion\u00f3 moda y","breadcrumb":{"@id":"https:\/\/casadecampoliving.com\/es\/via-galeria-showroom-presenta-get-the-look-un-encuentro-de-moda-con-proposito\/#breadcrumb"},"inLanguage":"es","potentialAction":[{"@type":"ReadAction","target":["https:\/\/casadecampoliving.com\/es\/via-galeria-showroom-presenta-get-the-look-un-encuentro-de-moda-con-proposito\/"]}]},{"@type":"ImageObject","inLanguage":"es","@id":"https:\/\/casadecampoliving.com\/es\/via-galeria-showroom-presenta-get-the-look-un-encuentro-de-moda-con-proposito\/#primaryimage","url":"https:\/\/i0.wp.com\/casadecampoliving.com\/wp-content\/uploads\/2024\/03\/Get-the-Look-Voala-Cafe-Marche-13.jpg?fit=1200%2C800&ssl=1","contentUrl":"https:\/\/i0.wp.com\/casadecampoliving.com\/wp-content\/uploads\/2024\/03\/Get-the-Look-Voala-Cafe-Marche-13.jpg?fit=1200%2C800&ssl=1","width":1200,"height":800},{"@type":"BreadcrumbList","@id":"https:\/\/casadecampoliving.com\/es\/via-galeria-showroom-presenta-get-the-look-un-encuentro-de-moda-con-proposito\/#breadcrumb","itemListElement":[{"@type":"ListItem","position":1,"name":"Home","item":"https:\/\/casadecampoliving.com\/es\/"},{"@type":"ListItem","position":2,"name":"V\u00eda Galer\u00eda Showroom Presenta &#8216;GET THE LOOK&#8217;: Un Encuentro de Moda con Prop\u00f3sito"}]},{"@type":"WebSite","@id":"https:\/\/casadecampoliving.com\/es\/#website","url":"https:\/\/casadecampoliving.com\/es\/","name":"Casa de Campo Living","description":"Resort community news and resources.","publisher":{"@id":"https:\/\/casadecampoliving.com\/es\/#organization"},"potentialAction":[{"@type":"SearchAction","target":{"@type":"EntryPoint","urlTemplate":"https:\/\/casadecampoliving.com\/es\/?s={search_term_string}"},"query-input":{"@type":"PropertyValueSpecification","valueRequired":true,"valueName":"search_term_string"}}],"inLanguage":"es"},{"@type":"Organization","@id":"https:\/\/casadecampoliving.com\/es\/#organization","name":"Casa de Campo Living","url":"https:\/\/casadecampoliving.com\/es\/","logo":{"@type":"ImageObject","inLanguage":"es","@id":"https:\/\/casadecampoliving.com\/es\/#\/schema\/logo\/image\/","url":"https:\/\/i0.wp.com\/casadecampoliving.com\/wp-content\/uploads\/2022\/07\/CDCLivingLogo_V1-white-sized.png?fit=800%2C214&ssl=1","contentUrl":"https:\/\/i0.wp.com\/casadecampoliving.com\/wp-content\/uploads\/2022\/07\/CDCLivingLogo_V1-white-sized.png?fit=800%2C214&ssl=1","width":800,"height":214,"caption":"Casa de Campo Living"},"image":{"@id":"https:\/\/casadecampoliving.com\/es\/#\/schema\/logo\/image\/"},"sameAs":["https:\/\/www.facebook.com\/casadecampoliving","https:\/\/x.com\/cdcliving"]},{"@type":"Person","@id":"https:\/\/casadecampoliving.com\/es\/#\/schema\/person\/5d2171637a9d11e0e43ce6b8555f9422","name":"Casa de Campo Living","image":{"@type":"ImageObject","inLanguage":"es","@id":"https:\/\/secure.gravatar.com\/avatar\/d04101fa4a9fd431e939953b1500fdc7a73cd35029f86d98712fd8ccdaebaf9a?s=96&d=mm&r=g","url":"https:\/\/secure.gravatar.com\/avatar\/d04101fa4a9fd431e939953b1500fdc7a73cd35029f86d98712fd8ccdaebaf9a?s=96&d=mm&r=g","contentUrl":"https:\/\/secure.gravatar.com\/avatar\/d04101fa4a9fd431e939953b1500fdc7a73cd35029f86d98712fd8ccdaebaf9a?s=96&d=mm&r=g","caption":"Casa de Campo Living"},"url":"https:\/\/casadecampoliving.com\/es\/author\/casa-de-campo-living\/"}]}},"parsely":{"version":"1.1.0","canonical_url":"https:\/\/casadecampoliving.com\/es\/via-galeria-showroom-presenta-get-the-look-un-encuentro-de-moda-con-proposito\/","smart_links":{"inbound":0,"outbound":0},"traffic_boost_suggestions_count":0,"meta":{"@context":"https:\/\/schema.org","@type":"NewsArticle","headline":"V\u00eda Galer\u00eda Showroom Presenta &#8216;GET THE LOOK&#8217;: Un Encuentro de Moda con Prop\u00f3sito","url":"http:\/\/casadecampoliving.com\/es\/via-galeria-showroom-presenta-get-the-look-un-encuentro-de-moda-con-proposito\/","mainEntityOfPage":{"@type":"WebPage","@id":"http:\/\/casadecampoliving.com\/es\/via-galeria-showroom-presenta-get-the-look-un-encuentro-de-moda-con-proposito\/"},"thumbnailUrl":"https:\/\/i0.wp.com\/casadecampoliving.com\/wp-content\/uploads\/2024\/03\/Get-the-Look-Voala-Cafe-Marche-13.jpg?resize=150%2C150&ssl=1","image":{"@type":"ImageObject","url":"https:\/\/i0.wp.com\/casadecampoliving.com\/wp-content\/uploads\/2024\/03\/Get-the-Look-Voala-Cafe-Marche-13.jpg?fit=1200%2C800&ssl=1"},"articleSection":"Altos de Chav\u00f3n","author":[{"@type":"Person","name":"Casa de Campo Living"}],"creator":["Casa de Campo Living"],"publisher":{"@type":"Organization","name":"Casa de Campo Living","logo":"https:\/\/casadecampoliving.com\/wp-content\/uploads\/2022\/07\/CDCLivingLogo_V1-white-sized.png"},"keywords":["altos de chav\u00f3n @es","casa de campo @es","eventos y actividades","featured-topview @es","filantropia"],"dateCreated":"2024-03-11T21:25:57Z","datePublished":"2024-03-11T21:25:57Z","dateModified":"2024-03-11T22:59:13Z"},"rendered":"<script type=\"application\/ld+json\" class=\"wp-parsely-metadata\">{\"@context\":\"https:\\\/\\\/schema.org\",\"@type\":\"NewsArticle\",\"headline\":\"V\\u00eda Galer\\u00eda Showroom Presenta &#8216;GET THE LOOK&#8217;: Un Encuentro de Moda con Prop\\u00f3sito\",\"url\":\"http:\\\/\\\/casadecampoliving.com\\\/es\\\/via-galeria-showroom-presenta-get-the-look-un-encuentro-de-moda-con-proposito\\\/\",\"mainEntityOfPage\":{\"@type\":\"WebPage\",\"@id\":\"http:\\\/\\\/casadecampoliving.com\\\/es\\\/via-galeria-showroom-presenta-get-the-look-un-encuentro-de-moda-con-proposito\\\/\"},\"thumbnailUrl\":\"https:\\\/\\\/i0.wp.com\\\/casadecampoliving.com\\\/wp-content\\\/uploads\\\/2024\\\/03\\\/Get-the-Look-Voala-Cafe-Marche-13.jpg?resize=150%2C150&ssl=1\",\"image\":{\"@type\":\"ImageObject\",\"url\":\"https:\\\/\\\/i0.wp.com\\\/casadecampoliving.com\\\/wp-content\\\/uploads\\\/2024\\\/03\\\/Get-the-Look-Voala-Cafe-Marche-13.jpg?fit=1200%2C800&ssl=1\"},\"articleSection\":\"Altos de Chav\\u00f3n\",\"author\":[{\"@type\":\"Person\",\"name\":\"Casa de Campo Living\"}],\"creator\":[\"Casa de Campo Living\"],\"publisher\":{\"@type\":\"Organization\",\"name\":\"Casa de Campo Living\",\"logo\":\"https:\\\/\\\/casadecampoliving.com\\\/wp-content\\\/uploads\\\/2022\\\/07\\\/CDCLivingLogo_V1-white-sized.png\"},\"keywords\":[\"altos de chav\\u00f3n @es\",\"casa de campo @es\",\"eventos y actividades\",\"featured-topview @es\",\"filantropia\"],\"dateCreated\":\"2024-03-11T21:25:57Z\",\"datePublished\":\"2024-03-11T21:25:57Z\",\"dateModified\":\"2024-03-11T22:59:13Z\"}<\/script>","tracker_url":"https:\/\/cdn.parsely.com\/keys\/casadecampoliving.com\/p.js"},"jetpack_publicize_connections":[],"jetpack_featured_media_url":"https:\/\/i0.wp.com\/casadecampoliving.com\/wp-content\/uploads\/2024\/03\/Get-the-Look-Voala-Cafe-Marche-13.jpg?fit=1200%2C800&ssl=1","jetpack-related-posts":[{"id":527640,"url":"https:\/\/casadecampoliving.com\/via-galeria-showroom-presents-get-the-look-a-fashion-affair-with-purpose\/","url_meta":{"origin":527708,"position":0},"title":"V\u00eda Galer\u00eda Showroom Presents &#8216;GET THE LOOK&#8217;: A Fashion Affair with Purpose","author":"Casa de Campo Living","date":"11 Mar, 2024","format":false,"excerpt":"On March 2, Voal\u00e1 Caf\u00e9 March\u00e9 hosted the inaugural 'GET THE LOOK' event by V\u00eda Galer\u00eda Showroom. This unique gathering merged fashion and philanthropy, featuring Angie Polanco's latest capsule collection and showcasing brands available at V\u00eda Galer\u00eda Showroom: MinaRomina jewelry, House of Loja footwear, and Aromas by AB Home Scents.\u2026","rel":"","context":"En \u00abAltos de Chav\u00f3n\u00bb","block_context":{"text":"Altos de Chav\u00f3n","link":"https:\/\/casadecampoliving.com\/category\/altos-de-chavon-6-2\/"},"img":{"alt_text":"","src":"https:\/\/i0.wp.com\/casadecampoliving.com\/wp-content\/uploads\/2024\/03\/Get-the-Look-Voala-Cafe-Marche-13.jpg?fit=1200%2C800&ssl=1&resize=350%2C200","width":350,"height":200,"srcset":"https:\/\/i0.wp.com\/casadecampoliving.com\/wp-content\/uploads\/2024\/03\/Get-the-Look-Voala-Cafe-Marche-13.jpg?fit=1200%2C800&ssl=1&resize=350%2C200 1x, https:\/\/i0.wp.com\/casadecampoliving.com\/wp-content\/uploads\/2024\/03\/Get-the-Look-Voala-Cafe-Marche-13.jpg?fit=1200%2C800&ssl=1&resize=525%2C300 1.5x, https:\/\/i0.wp.com\/casadecampoliving.com\/wp-content\/uploads\/2024\/03\/Get-the-Look-Voala-Cafe-Marche-13.jpg?fit=1200%2C800&ssl=1&resize=700%2C400 2x, https:\/\/i0.wp.com\/casadecampoliving.com\/wp-content\/uploads\/2024\/03\/Get-the-Look-Voala-Cafe-Marche-13.jpg?fit=1200%2C800&ssl=1&resize=1050%2C600 3x"},"classes":[]},{"id":345087,"url":"https:\/\/casadecampoliving.com\/es\/jenny-polanco-y-yael-duval-presentan-good-bad-hair\/","url_meta":{"origin":527708,"position":1},"title":"Jenny Polanco y Yael Duval presentan \u00abGood&#8230;Bad Hair\u00bb","author":"Daniela Medina","date":"9 Ago, 2014","format":false,"excerpt":"La dise\u00f1adora de modas dominicana,\u00a0defensora cultural y due\u00f1a de villa de Casa de Campo, Jenny Polanco, lo hace de nuevo! Viernes 15 de agosto, Jenny Polanco les invita a la apertura de su ultima exhibici\u00f3n de arte \u201cGood\u2026Bad Hair\u201d una combinaci\u00f3n de arte, moda y fotograf\u00eda encantadora. Esta nueva exhibici\u00f3n,\u2026","rel":"","context":"En \u00abAltos de Chavon @es\u00bb","block_context":{"text":"Altos de Chavon @es","link":"https:\/\/casadecampoliving.com\/category\/altos-de-chavon-es\/"},"img":{"alt_text":"","src":"https:\/\/i0.wp.com\/casadecampoliving.com\/wp-content\/uploads\/2022\/10\/Jenny_Polanco_2-1.jpg?fit=650%2C464&ssl=1&resize=350%2C200","width":350,"height":200,"srcset":"https:\/\/i0.wp.com\/casadecampoliving.com\/wp-content\/uploads\/2022\/10\/Jenny_Polanco_2-1.jpg?fit=650%2C464&ssl=1&resize=350%2C200 1x, https:\/\/i0.wp.com\/casadecampoliving.com\/wp-content\/uploads\/2022\/10\/Jenny_Polanco_2-1.jpg?fit=650%2C464&ssl=1&resize=525%2C300 1.5x"},"classes":[]},{"id":347762,"url":"https:\/\/casadecampoliving.com\/es\/jenny-polanco-tiziano-de-stefano-presentan-el-diseno-como-muestra-de-identidad\/","url_meta":{"origin":527708,"position":2},"title":"Jenny Polanco &#038; Tiziano de Stefano presentan \u00abEl Dise\u00f1o Como Muestra de Identidad\u00bb","author":"Perkin Agramonte","date":"12 Jul, 2015","format":false,"excerpt":"La dise\u00f1adora de moda dominicana, defensora cultural y due\u00f1a de villa de Casa de Campo, Jenny Polanco, se encuentra muy activa. El s\u00e1bado 22 de agosto, Jenny Polanco invita a la inauguraci\u00f3n de su m\u00e1s reciente exposici\u00f3n de arte \u201cEl Dise\u00f1o Como Muestra de identidad\u201d, una colaboraci\u00f3n con el fot\u00f3grafo\u2026","rel":"","context":"En \u00abAltos de Chavon @es\u00bb","block_context":{"text":"Altos de Chavon @es","link":"https:\/\/casadecampoliving.com\/category\/altos-de-chavon-es\/"},"img":{"alt_text":"","src":"https:\/\/i0.wp.com\/casadecampoliving.com\/wp-content\/uploads\/2022\/10\/JennyPolanco-1.jpg?fit=800%2C554&ssl=1&resize=350%2C200","width":350,"height":200,"srcset":"https:\/\/i0.wp.com\/casadecampoliving.com\/wp-content\/uploads\/2022\/10\/JennyPolanco-1.jpg?fit=800%2C554&ssl=1&resize=350%2C200 1x, https:\/\/i0.wp.com\/casadecampoliving.com\/wp-content\/uploads\/2022\/10\/JennyPolanco-1.jpg?fit=800%2C554&ssl=1&resize=525%2C300 1.5x, https:\/\/i0.wp.com\/casadecampoliving.com\/wp-content\/uploads\/2022\/10\/JennyPolanco-1.jpg?fit=800%2C554&ssl=1&resize=700%2C400 2x"},"classes":[]},{"id":339407,"url":"https:\/\/casadecampoliving.com\/es\/reserve-la-fecha-coctel-de-apertura-de-la-nueva-exhibicion-de-arte-buscando-escencias-10-de-agosto\/","url_meta":{"origin":527708,"position":3},"title":"Reserve la fecha! C\u00f3ctel de apertura de la nueva exhibici\u00f3n de arte \u00abBuscando Esencias\u00bb &#8211; 10 de agosto!","author":"","date":"20 Jul, 2012","format":false,"excerpt":"Reserve la fecha! El evento perfecto para los amantes de la moda y del arte, se llevar\u00e1 a cabo este viernes 10 de agosto \u2013 con la apertura de la nueva exhibici\u00f3n de arte y fotos \u201cBuscando Esencias\u201d en la galer\u00eda de arte de Altos de Chav\u00f3n en Casa de\u2026","rel":"","context":"En \u00abAltos de Chavon @es\u00bb","block_context":{"text":"Altos de Chavon @es","link":"https:\/\/casadecampoliving.com\/category\/altos-de-chavon-es\/"},"img":{"alt_text":"jenny polanco","src":"https:\/\/i0.wp.com\/casadecampoliving.com\/wp-content\/uploads\/2022\/10\/jenny_polanco9-1.jpg?fit=650%2C372&ssl=1&resize=350%2C200","width":350,"height":200,"srcset":"https:\/\/i0.wp.com\/casadecampoliving.com\/wp-content\/uploads\/2022\/10\/jenny_polanco9-1.jpg?fit=650%2C372&ssl=1&resize=350%2C200 1x, https:\/\/i0.wp.com\/casadecampoliving.com\/wp-content\/uploads\/2022\/10\/jenny_polanco9-1.jpg?fit=650%2C372&ssl=1&resize=525%2C300 1.5x"},"classes":[]},{"id":433460,"url":"https:\/\/casadecampoliving.com\/es\/no-se-pierdan-el-increible-tributo-a-frank-sinatra-para-celebrar-el-40-aniversario-del-anfiteatro-altos-de-chavon\/","url_meta":{"origin":527708,"position":4},"title":"No se pierdan el incre\u00edble tributo a Frank Sinatra para celebrar el 40 aniversario del\u00a0Anfiteatro Altos de Chav\u00f3n","author":"Casa de Campo Living","date":"20 Oct, 2022","format":false,"excerpt":"Siendo uno de los escenarios m\u00e1s emblem\u00e1ticos del pa\u00eds, Casa de Campo Resort\u00ae & Villas celebra las cuatro d\u00e9cadas de aniversario de Altos de Chav\u00f3n con un tributo al gran Frank Sinatra, protagonizado por artistas invitados y una big band tal cual la que acompa\u00f1\u00f3 al artista hace 40 a\u00f1os\u2026","rel":"","context":"En \u00abUncategorized @es\u00bb","block_context":{"text":"Uncategorized @es","link":"https:\/\/casadecampoliving.com\/es\/category\/uncategorized-es\/"},"img":{"alt_text":"","src":"https:\/\/i0.wp.com\/casadecampoliving.com\/wp-content\/uploads\/2022\/10\/Tributo-Frank-Sinatra-Foto-Principal-Amaury-Sanchez-Danilo-Ginebra-Andres-Pichardo-y-Jose-Gabriel-Perez-.jpg?fit=1200%2C873&ssl=1&resize=350%2C200","width":350,"height":200,"srcset":"https:\/\/i0.wp.com\/casadecampoliving.com\/wp-content\/uploads\/2022\/10\/Tributo-Frank-Sinatra-Foto-Principal-Amaury-Sanchez-Danilo-Ginebra-Andres-Pichardo-y-Jose-Gabriel-Perez-.jpg?fit=1200%2C873&ssl=1&resize=350%2C200 1x, https:\/\/i0.wp.com\/casadecampoliving.com\/wp-content\/uploads\/2022\/10\/Tributo-Frank-Sinatra-Foto-Principal-Amaury-Sanchez-Danilo-Ginebra-Andres-Pichardo-y-Jose-Gabriel-Perez-.jpg?fit=1200%2C873&ssl=1&resize=525%2C300 1.5x, https:\/\/i0.wp.com\/casadecampoliving.com\/wp-content\/uploads\/2022\/10\/Tributo-Frank-Sinatra-Foto-Principal-Amaury-Sanchez-Danilo-Ginebra-Andres-Pichardo-y-Jose-Gabriel-Perez-.jpg?fit=1200%2C873&ssl=1&resize=700%2C400 2x, https:\/\/i0.wp.com\/casadecampoliving.com\/wp-content\/uploads\/2022\/10\/Tributo-Frank-Sinatra-Foto-Principal-Amaury-Sanchez-Danilo-Ginebra-Andres-Pichardo-y-Jose-Gabriel-Perez-.jpg?fit=1200%2C873&ssl=1&resize=1050%2C600 3x"},"classes":[]},{"id":526171,"url":"https:\/\/casadecampoliving.com\/es\/artesania-con-un-proposito-wao-galeria-centro-cultural-presenta-macrame-por-un-sueno-con-gilda-strano\/","url_meta":{"origin":527708,"position":5},"title":"Artesan\u00eda con un Prop\u00f3sito: WAO Galer\u00eda &amp; Centro Cultural Presenta &#8216;Macram\u00e9 por un Sue\u00f1o&#8217; con Gilda Strano","author":"Casa de Campo Living","date":"18 Ene, 2024","format":false,"excerpt":"Embarca en un viaje creativo y contribuye a una noble causa mientras WAO Galer\u00eda & Centro Cultural presenta \"Macram\u00e9 por un Sue\u00f1o\". Este atractivo taller de tres horas, dedicado al arte del macram\u00e9, se llevar\u00e1 a cabo el viernes 26 de enero, a partir de las 4:00 pm. Dirigido por\u2026","rel":"","context":"En \u00abAltos de Chav\u00f3n\u00bb","block_context":{"text":"Altos de Chav\u00f3n","link":"https:\/\/casadecampoliving.com\/es\/category\/altos-de-chavon-6\/"},"img":{"alt_text":"","src":"https:\/\/i0.wp.com\/casadecampoliving.com\/wp-content\/uploads\/2024\/01\/WhatsApp-Image-2024-01-17-at-10.25.42-AM.jpeg?fit=1194%2C1200&ssl=1&resize=350%2C200","width":350,"height":200,"srcset":"https:\/\/i0.wp.com\/casadecampoliving.com\/wp-content\/uploads\/2024\/01\/WhatsApp-Image-2024-01-17-at-10.25.42-AM.jpeg?fit=1194%2C1200&ssl=1&resize=350%2C200 1x, https:\/\/i0.wp.com\/casadecampoliving.com\/wp-content\/uploads\/2024\/01\/WhatsApp-Image-2024-01-17-at-10.25.42-AM.jpeg?fit=1194%2C1200&ssl=1&resize=525%2C300 1.5x, https:\/\/i0.wp.com\/casadecampoliving.com\/wp-content\/uploads\/2024\/01\/WhatsApp-Image-2024-01-17-at-10.25.42-AM.jpeg?fit=1194%2C1200&ssl=1&resize=700%2C400 2x, https:\/\/i0.wp.com\/casadecampoliving.com\/wp-content\/uploads\/2024\/01\/WhatsApp-Image-2024-01-17-at-10.25.42-AM.jpeg?fit=1194%2C1200&ssl=1&resize=1050%2C600 3x"},"classes":[]}],"jetpack_sharing_enabled":true,"_links":{"self":[{"href":"https:\/\/casadecampoliving.com\/es\/wp-json\/wp\/v2\/posts\/527708","targetHints":{"allow":["GET"]}}],"collection":[{"href":"https:\/\/casadecampoliving.com\/es\/wp-json\/wp\/v2\/posts"}],"about":[{"href":"https:\/\/casadecampoliving.com\/es\/wp-json\/wp\/v2\/types\/post"}],"author":[{"embeddable":true,"href":"https:\/\/casadecampoliving.com\/es\/wp-json\/wp\/v2\/users\/36791"}],"replies":[{"embeddable":true,"href":"https:\/\/casadecampoliving.com\/es\/wp-json\/wp\/v2\/comments?post=527708"}],"version-history":[{"count":3,"href":"https:\/\/casadecampoliving.com\/es\/wp-json\/wp\/v2\/posts\/527708\/revisions"}],"predecessor-version":[{"id":527711,"href":"https:\/\/casadecampoliving.com\/es\/wp-json\/wp\/v2\/posts\/527708\/revisions\/527711"}],"wp:featuredmedia":[{"embeddable":true,"href":"https:\/\/casadecampoliving.com\/es\/wp-json\/wp\/v2\/media\/527696"}],"wp:attachment":[{"href":"https:\/\/casadecampoliving.com\/es\/wp-json\/wp\/v2\/media?parent=527708"}],"wp:term":[{"taxonomy":"category","embeddable":true,"href":"https:\/\/casadecampoliving.com\/es\/wp-json\/wp\/v2\/categories?post=527708"},{"taxonomy":"post_tag","embeddable":true,"href":"https:\/\/casadecampoliving.com\/es\/wp-json\/wp\/v2\/tags?post=527708"},{"taxonomy":"newspack_spnsrs_tax","embeddable":true,"href":"https:\/\/casadecampoliving.com\/es\/wp-json\/wp\/v2\/newspack_spnsrs_tax?post=527708"}],"curies":[{"name":"wp","href":"https:\/\/api.w.org\/{rel}","templated":true}]}}