{"id":527083,"date":"2024-02-21T13:03:57","date_gmt":"2024-02-21T17:03:57","guid":{"rendered":"https:\/\/casadecampoliving.com\/?p=527083"},"modified":"2024-02-26T13:09:43","modified_gmt":"2024-02-26T17:09:43","slug":"fundacion-familiar-pincus-y-chop-visitan-la-clinica-de-familia-la-romana","status":"publish","type":"post","link":"https:\/\/casadecampoliving.com\/es\/fundacion-familiar-pincus-y-chop-visitan-la-clinica-de-familia-la-romana\/","title":{"rendered":"Fundaci\u00f3n Familiar Pincus y CHOP Visitan la Cl\u00ednica de Familia La Romana"},"content":{"rendered":"\n<p>El lunes 12 de febrero, la Cl\u00ednica de Familia La Romana recibi\u00f3 a representantes de la Fundaci\u00f3n Familiar Pincus y del Hospital Infantil de Filadelfia (CHOP). Esta visita marc\u00f3 un momento significativo en la asociaci\u00f3n entre instituciones de salud, con el objetivo de mejorar el acceso y la calidad de los servicios m\u00e9dicos en la regi\u00f3n.<\/p>\n\n\n\n<p>Durante la visita, los representantes de la Fundaci\u00f3n Familiar Pincus y CHOP realizaron un exhaustivo recorrido por las instalaciones de la Cl\u00ednica de Familia La Romana. Estuvieron acompa\u00f1ados por la Directora Ejecutiva de la cl\u00ednica, Mina Halpern Lozada, y Jeffrey Gonz\u00e1lez, coordinador del programa para estudiantes y voluntarios. El recorrido permiti\u00f3 discusiones profundas con representantes de los departamentos, quienes mostraron el trabajo impactante que se realiza para satisfacer las necesidades de salud de los usuarios de la cl\u00ednica. Este intercambio brind\u00f3 valiosas ideas y oportunidades para futuras colaboraciones.<\/p>\n\n\n\n<figure class=\"wp-block-image size-large\"><img data-recalc-dims=\"1\" loading=\"lazy\" decoding=\"async\" width=\"1024\" height=\"768\" src=\"https:\/\/i0.wp.com\/casadecampoliving.com\/wp-content\/uploads\/2024\/02\/IMG_6015.jpeg?resize=1024%2C768&#038;ssl=1\" alt=\"\" class=\"wp-image-527078\" srcset=\"https:\/\/i0.wp.com\/casadecampoliving.com\/wp-content\/uploads\/2024\/02\/IMG_6015-scaled.jpeg?resize=1024%2C768&amp;ssl=1 1024w, https:\/\/i0.wp.com\/casadecampoliving.com\/wp-content\/uploads\/2024\/02\/IMG_6015-scaled.jpeg?resize=300%2C225&amp;ssl=1 300w, https:\/\/i0.wp.com\/casadecampoliving.com\/wp-content\/uploads\/2024\/02\/IMG_6015-scaled.jpeg?resize=768%2C576&amp;ssl=1 768w, https:\/\/i0.wp.com\/casadecampoliving.com\/wp-content\/uploads\/2024\/02\/IMG_6015-scaled.jpeg?resize=1536%2C1152&amp;ssl=1 1536w, https:\/\/i0.wp.com\/casadecampoliving.com\/wp-content\/uploads\/2024\/02\/IMG_6015-scaled.jpeg?resize=2048%2C1536&amp;ssl=1 2048w, https:\/\/i0.wp.com\/casadecampoliving.com\/wp-content\/uploads\/2024\/02\/IMG_6015-scaled.jpeg?resize=1200%2C900&amp;ssl=1 1200w, https:\/\/i0.wp.com\/casadecampoliving.com\/wp-content\/uploads\/2024\/02\/IMG_6015-scaled.jpeg?resize=800%2C600&amp;ssl=1 800w, https:\/\/i0.wp.com\/casadecampoliving.com\/wp-content\/uploads\/2024\/02\/IMG_6015-scaled.jpeg?resize=600%2C450&amp;ssl=1 600w, https:\/\/i0.wp.com\/casadecampoliving.com\/wp-content\/uploads\/2024\/02\/IMG_6015-scaled.jpeg?resize=400%2C300&amp;ssl=1 400w, https:\/\/i0.wp.com\/casadecampoliving.com\/wp-content\/uploads\/2024\/02\/IMG_6015-scaled.jpeg?resize=200%2C150&amp;ssl=1 200w, https:\/\/i0.wp.com\/casadecampoliving.com\/wp-content\/uploads\/2024\/02\/IMG_6015-scaled.jpeg?resize=1568%2C1176&amp;ssl=1 1568w, https:\/\/i0.wp.com\/casadecampoliving.com\/wp-content\/uploads\/2024\/02\/IMG_6015-scaled.jpeg?resize=1320%2C990&amp;ssl=1 1320w, https:\/\/i0.wp.com\/casadecampoliving.com\/wp-content\/uploads\/2024\/02\/IMG_6015-scaled.jpeg?resize=150%2C113&amp;ssl=1 150w, https:\/\/i0.wp.com\/casadecampoliving.com\/wp-content\/uploads\/2024\/02\/IMG_6015-1024x768.jpeg?w=370&amp;ssl=1 370w\" sizes=\"auto, (max-width: 1000px) 100vw, 1000px\" \/><\/figure>\n\n\n\n<p>Adem\u00e1s de explorar las instalaciones existentes, los visitantes inspeccionaron el sitio designado para la construcci\u00f3n de la nueva Cl\u00ednica de Familia La Romana. Esta expansi\u00f3n tiene como objetivo aumentar significativamente la disponibilidad de servicios y programas, beneficiando a los residentes de La Romana y la regi\u00f3n este del pa\u00eds.<\/p>\n\n\n\n<p>La interacci\u00f3n entre representantes de la Fundaci\u00f3n Familiar Pincus, CHOP y el equipo de la Cl\u00ednica de Familia La Romana fue altamente productiva. Se compartieron ideas con el objetivo com\u00fan de mejorar la salud y el bienestar de la comunidad.<\/p>\n\n\n\n<p>La Cl\u00ednica de Familia La Romana extiende su sincero agradecimiento a la Fundaci\u00f3n Familiar Pincus y CHOP por su visita y su continuo apoyo a su misi\u00f3n de proporcionar atenci\u00f3n m\u00e9dica integral y de calidad a quienes la necesitan en la regi\u00f3n.<\/p>\n\n\n\n<p>Para obtener m\u00e1s informaci\u00f3n sobre el trabajo de la Cl\u00ednica de Familia La Romana, visite su sitio web en <a href=\"http:\/\/www.clinicadefamilia.org.do\/\" target=\"_blank\" rel=\"noreferrer noopener nofollow\">www.clinicadefamilia.org.do<\/a>. Tambi\u00e9n puede encontrar detalles sobre los servicios principales a trav\u00e9s de sus redes sociales en @clinicadefamilia, escribiendo a <a href=\"mailto:info@clinicadefamilia.org.do\" target=\"_blank\" rel=\"noreferrer noopener nofollow\">info@clinicadefamilia.org.do<\/a>, o llamando\/WhatsApp al 809-813-2934.<\/p>\n","protected":false},"excerpt":{"rendered":"<p>El lunes 12 de febrero, la Cl\u00ednica de Familia La Romana recibi\u00f3 a representantes de la Fundaci\u00f3n Familiar Pincus y del Hospital Infantil de Filadelfia (CHOP). Esta visita marc\u00f3 un momento significativo en la asociaci\u00f3n entre instituciones de salud, con el objetivo de mejorar el acceso y la calidad de los servicios m\u00e9dicos en la [&hellip;]<\/p>\n","protected":false},"author":36791,"featured_media":527080,"comment_status":"closed","ping_status":"closed","sticky":false,"template":"","format":"standard","meta":{"newspack_ads_suppress_ads":false,"newspack_popups_has_disabled_popups":false,"newspack_sponsor_sponsorship_scope":"","newspack_sponsor_native_byline_display":"inherit","newspack_sponsor_native_category_display":"inherit","newspack_sponsor_underwriter_style":"inherit","newspack_sponsor_underwriter_placement":"inherit","_newspack_byline_active":false,"_newspack_byline":"","newspack_hide_updated_date":false,"newspack_show_updated_date":false,"newspack_content_restriction_is_exempt":false,"newspack_featured_image_position":"large","newspack_post_subtitle":"","newspack_article_summary_title":"Overview:","newspack_article_summary":"","_jetpack_memberships_contains_paid_content":false,"footnotes":"","jetpack_publicize_message":"","jetpack_publicize_feature_enabled":true,"jetpack_social_post_already_shared":false,"jetpack_social_options":{"image_generator_settings":{"template":"highway","default_image_id":0,"font":"","enabled":false},"version":2},"_wpas_customize_per_network":false},"categories":[2506,2521,2527],"tags":[8478,14542,24323,3891],"newspack_spnsrs_tax":[],"class_list":["post-527083","post","type-post","status-publish","format-standard","has-post-thumbnail","hentry","category-mas-alla-de-casa-es","category-republica-dominicana-2","category-salud","tag-clinica-de-familia-la-romana-es","tag-la-romana-es","tag-la-romana-family-clinic","tag-salud-2","entry"],"yoast_head":"<!-- This site is optimized with the Yoast SEO plugin v27.4 - https:\/\/yoast.com\/product\/yoast-seo-wordpress\/ -->\n<title>Fundaci\u00f3n Familiar Pincus y CHOP Visitan la Cl\u00ednica de Familia La Romana | Casa de Campo Living<\/title>\n<meta name=\"description\" content=\"El lunes 12 de febrero, la Cl\u00ednica de Familia La Romana recibi\u00f3 a representantes de la Fundaci\u00f3n Familiar Pincus y del Hospital Infantil de Filadelfia\" \/>\n<meta name=\"robots\" content=\"index, follow, max-snippet:-1, max-image-preview:large, max-video-preview:-1\" \/>\n<link rel=\"canonical\" href=\"https:\/\/casadecampoliving.com\/es\/fundacion-familiar-pincus-y-chop-visitan-la-clinica-de-familia-la-romana\/\" \/>\n<meta property=\"og:locale\" content=\"es_ES\" \/>\n<meta property=\"og:type\" content=\"article\" \/>\n<meta property=\"og:title\" content=\"Fundaci\u00f3n Familiar Pincus y CHOP Visitan la Cl\u00ednica de Familia La Romana | Casa de Campo Living\" \/>\n<meta property=\"og:description\" content=\"El lunes 12 de febrero, la Cl\u00ednica de Familia La Romana recibi\u00f3 a representantes de la Fundaci\u00f3n Familiar Pincus y del Hospital Infantil de Filadelfia\" \/>\n<meta property=\"og:url\" content=\"https:\/\/casadecampoliving.com\/es\/fundacion-familiar-pincus-y-chop-visitan-la-clinica-de-familia-la-romana\/\" \/>\n<meta property=\"og:site_name\" content=\"Casa de Campo Living\" \/>\n<meta property=\"article:publisher\" content=\"https:\/\/www.facebook.com\/casadecampoliving\" \/>\n<meta property=\"article:published_time\" content=\"2024-02-21T17:03:57+00:00\" \/>\n<meta property=\"article:modified_time\" content=\"2024-02-26T17:09:43+00:00\" \/>\n<meta property=\"og:image\" content=\"https:\/\/casadecampoliving.com\/wp-content\/uploads\/2024\/02\/IMG_5673-scaled.jpeg\" \/>\n\t<meta property=\"og:image:width\" content=\"2560\" \/>\n\t<meta property=\"og:image:height\" content=\"1920\" \/>\n\t<meta property=\"og:image:type\" content=\"image\/jpeg\" \/>\n<meta name=\"author\" content=\"Casa de Campo Living\" \/>\n<meta name=\"twitter:card\" content=\"summary_large_image\" \/>\n<meta name=\"twitter:creator\" content=\"@cdcliving\" \/>\n<meta name=\"twitter:site\" content=\"@cdcliving\" \/>\n<meta name=\"twitter:label1\" content=\"Escrito por\" \/>\n\t<meta name=\"twitter:data1\" content=\"Casa de Campo Living\" \/>\n\t<meta name=\"twitter:label2\" content=\"Tiempo de lectura\" \/>\n\t<meta name=\"twitter:data2\" content=\"2 minutos\" \/>\n<script type=\"application\/ld+json\" class=\"yoast-schema-graph\">{\"@context\":\"https:\\\/\\\/schema.org\",\"@graph\":[{\"@type\":\"Article\",\"@id\":\"https:\\\/\\\/casadecampoliving.com\\\/es\\\/fundacion-familiar-pincus-y-chop-visitan-la-clinica-de-familia-la-romana\\\/#article\",\"isPartOf\":{\"@id\":\"https:\\\/\\\/casadecampoliving.com\\\/es\\\/fundacion-familiar-pincus-y-chop-visitan-la-clinica-de-familia-la-romana\\\/\"},\"author\":{\"name\":\"Casa de Campo Living\",\"@id\":\"https:\\\/\\\/casadecampoliving.com\\\/es\\\/#\\\/schema\\\/person\\\/5d2171637a9d11e0e43ce6b8555f9422\"},\"headline\":\"Fundaci\u00f3n Familiar Pincus y CHOP Visitan la Cl\u00ednica de Familia La Romana\",\"datePublished\":\"2024-02-21T17:03:57+00:00\",\"dateModified\":\"2024-02-26T17:09:43+00:00\",\"mainEntityOfPage\":{\"@id\":\"https:\\\/\\\/casadecampoliving.com\\\/es\\\/fundacion-familiar-pincus-y-chop-visitan-la-clinica-de-familia-la-romana\\\/\"},\"wordCount\":371,\"publisher\":{\"@id\":\"https:\\\/\\\/casadecampoliving.com\\\/es\\\/#organization\"},\"image\":{\"@id\":\"https:\\\/\\\/casadecampoliving.com\\\/es\\\/fundacion-familiar-pincus-y-chop-visitan-la-clinica-de-familia-la-romana\\\/#primaryimage\"},\"thumbnailUrl\":\"https:\\\/\\\/i0.wp.com\\\/casadecampoliving.com\\\/wp-content\\\/uploads\\\/2024\\\/02\\\/IMG_5673-scaled.jpeg?fit=2560%2C1920&ssl=1\",\"keywords\":[\"Clinica de Familia la Romana @es\",\"La Romana @es\",\"La Romana Family Clinic\",\"salud\"],\"articleSection\":[\"M\u00e1s all\u00e1 de Casa\",\"Rep\u00fablica Dominicana @es\",\"Salud\"],\"inLanguage\":\"es\"},{\"@type\":\"WebPage\",\"@id\":\"https:\\\/\\\/casadecampoliving.com\\\/es\\\/fundacion-familiar-pincus-y-chop-visitan-la-clinica-de-familia-la-romana\\\/\",\"url\":\"https:\\\/\\\/casadecampoliving.com\\\/es\\\/fundacion-familiar-pincus-y-chop-visitan-la-clinica-de-familia-la-romana\\\/\",\"name\":\"Fundaci\u00f3n Familiar Pincus y CHOP Visitan la Cl\u00ednica de Familia La Romana | Casa de Campo Living\",\"isPartOf\":{\"@id\":\"https:\\\/\\\/casadecampoliving.com\\\/es\\\/#website\"},\"primaryImageOfPage\":{\"@id\":\"https:\\\/\\\/casadecampoliving.com\\\/es\\\/fundacion-familiar-pincus-y-chop-visitan-la-clinica-de-familia-la-romana\\\/#primaryimage\"},\"image\":{\"@id\":\"https:\\\/\\\/casadecampoliving.com\\\/es\\\/fundacion-familiar-pincus-y-chop-visitan-la-clinica-de-familia-la-romana\\\/#primaryimage\"},\"thumbnailUrl\":\"https:\\\/\\\/i0.wp.com\\\/casadecampoliving.com\\\/wp-content\\\/uploads\\\/2024\\\/02\\\/IMG_5673-scaled.jpeg?fit=2560%2C1920&ssl=1\",\"datePublished\":\"2024-02-21T17:03:57+00:00\",\"dateModified\":\"2024-02-26T17:09:43+00:00\",\"description\":\"El lunes 12 de febrero, la Cl\u00ednica de Familia La Romana recibi\u00f3 a representantes de la Fundaci\u00f3n Familiar Pincus y del Hospital Infantil de Filadelfia\",\"breadcrumb\":{\"@id\":\"https:\\\/\\\/casadecampoliving.com\\\/es\\\/fundacion-familiar-pincus-y-chop-visitan-la-clinica-de-familia-la-romana\\\/#breadcrumb\"},\"inLanguage\":\"es\",\"potentialAction\":[{\"@type\":\"ReadAction\",\"target\":[\"https:\\\/\\\/casadecampoliving.com\\\/es\\\/fundacion-familiar-pincus-y-chop-visitan-la-clinica-de-familia-la-romana\\\/\"]}]},{\"@type\":\"ImageObject\",\"inLanguage\":\"es\",\"@id\":\"https:\\\/\\\/casadecampoliving.com\\\/es\\\/fundacion-familiar-pincus-y-chop-visitan-la-clinica-de-familia-la-romana\\\/#primaryimage\",\"url\":\"https:\\\/\\\/i0.wp.com\\\/casadecampoliving.com\\\/wp-content\\\/uploads\\\/2024\\\/02\\\/IMG_5673-scaled.jpeg?fit=2560%2C1920&ssl=1\",\"contentUrl\":\"https:\\\/\\\/i0.wp.com\\\/casadecampoliving.com\\\/wp-content\\\/uploads\\\/2024\\\/02\\\/IMG_5673-scaled.jpeg?fit=2560%2C1920&ssl=1\",\"width\":2560,\"height\":1920},{\"@type\":\"BreadcrumbList\",\"@id\":\"https:\\\/\\\/casadecampoliving.com\\\/es\\\/fundacion-familiar-pincus-y-chop-visitan-la-clinica-de-familia-la-romana\\\/#breadcrumb\",\"itemListElement\":[{\"@type\":\"ListItem\",\"position\":1,\"name\":\"Home\",\"item\":\"https:\\\/\\\/casadecampoliving.com\\\/es\\\/\"},{\"@type\":\"ListItem\",\"position\":2,\"name\":\"Fundaci\u00f3n Familiar Pincus y CHOP Visitan la Cl\u00ednica de Familia La Romana\"}]},{\"@type\":\"WebSite\",\"@id\":\"https:\\\/\\\/casadecampoliving.com\\\/es\\\/#website\",\"url\":\"https:\\\/\\\/casadecampoliving.com\\\/es\\\/\",\"name\":\"Casa de Campo Living\",\"description\":\"Resort community news and resources.\",\"publisher\":{\"@id\":\"https:\\\/\\\/casadecampoliving.com\\\/es\\\/#organization\"},\"potentialAction\":[{\"@type\":\"SearchAction\",\"target\":{\"@type\":\"EntryPoint\",\"urlTemplate\":\"https:\\\/\\\/casadecampoliving.com\\\/es\\\/?s={search_term_string}\"},\"query-input\":{\"@type\":\"PropertyValueSpecification\",\"valueRequired\":true,\"valueName\":\"search_term_string\"}}],\"inLanguage\":\"es\"},{\"@type\":\"Organization\",\"@id\":\"https:\\\/\\\/casadecampoliving.com\\\/es\\\/#organization\",\"name\":\"Casa de Campo Living\",\"url\":\"https:\\\/\\\/casadecampoliving.com\\\/es\\\/\",\"logo\":{\"@type\":\"ImageObject\",\"inLanguage\":\"es\",\"@id\":\"https:\\\/\\\/casadecampoliving.com\\\/es\\\/#\\\/schema\\\/logo\\\/image\\\/\",\"url\":\"https:\\\/\\\/i0.wp.com\\\/casadecampoliving.com\\\/wp-content\\\/uploads\\\/2022\\\/07\\\/CDCLivingLogo_V1-white-sized.png?fit=800%2C214&ssl=1\",\"contentUrl\":\"https:\\\/\\\/i0.wp.com\\\/casadecampoliving.com\\\/wp-content\\\/uploads\\\/2022\\\/07\\\/CDCLivingLogo_V1-white-sized.png?fit=800%2C214&ssl=1\",\"width\":800,\"height\":214,\"caption\":\"Casa de Campo Living\"},\"image\":{\"@id\":\"https:\\\/\\\/casadecampoliving.com\\\/es\\\/#\\\/schema\\\/logo\\\/image\\\/\"},\"sameAs\":[\"https:\\\/\\\/www.facebook.com\\\/casadecampoliving\",\"https:\\\/\\\/x.com\\\/cdcliving\"]},{\"@type\":\"Person\",\"@id\":\"https:\\\/\\\/casadecampoliving.com\\\/es\\\/#\\\/schema\\\/person\\\/5d2171637a9d11e0e43ce6b8555f9422\",\"name\":\"Casa de Campo Living\",\"image\":{\"@type\":\"ImageObject\",\"inLanguage\":\"es\",\"@id\":\"https:\\\/\\\/secure.gravatar.com\\\/avatar\\\/d04101fa4a9fd431e939953b1500fdc7a73cd35029f86d98712fd8ccdaebaf9a?s=96&d=mm&r=g\",\"url\":\"https:\\\/\\\/secure.gravatar.com\\\/avatar\\\/d04101fa4a9fd431e939953b1500fdc7a73cd35029f86d98712fd8ccdaebaf9a?s=96&d=mm&r=g\",\"contentUrl\":\"https:\\\/\\\/secure.gravatar.com\\\/avatar\\\/d04101fa4a9fd431e939953b1500fdc7a73cd35029f86d98712fd8ccdaebaf9a?s=96&d=mm&r=g\",\"caption\":\"Casa de Campo Living\"},\"url\":\"https:\\\/\\\/casadecampoliving.com\\\/es\\\/author\\\/casa-de-campo-living\\\/\"}]}<\/script>\n<!-- \/ Yoast SEO plugin. -->","yoast_head_json":{"title":"Fundaci\u00f3n Familiar Pincus y CHOP Visitan la Cl\u00ednica de Familia La Romana | Casa de Campo Living","description":"El lunes 12 de febrero, la Cl\u00ednica de Familia La Romana recibi\u00f3 a representantes de la Fundaci\u00f3n Familiar Pincus y del Hospital Infantil de Filadelfia","robots":{"index":"index","follow":"follow","max-snippet":"max-snippet:-1","max-image-preview":"max-image-preview:large","max-video-preview":"max-video-preview:-1"},"canonical":"https:\/\/casadecampoliving.com\/es\/fundacion-familiar-pincus-y-chop-visitan-la-clinica-de-familia-la-romana\/","og_locale":"es_ES","og_type":"article","og_title":"Fundaci\u00f3n Familiar Pincus y CHOP Visitan la Cl\u00ednica de Familia La Romana | Casa de Campo Living","og_description":"El lunes 12 de febrero, la Cl\u00ednica de Familia La Romana recibi\u00f3 a representantes de la Fundaci\u00f3n Familiar Pincus y del Hospital Infantil de Filadelfia","og_url":"https:\/\/casadecampoliving.com\/es\/fundacion-familiar-pincus-y-chop-visitan-la-clinica-de-familia-la-romana\/","og_site_name":"Casa de Campo Living","article_publisher":"https:\/\/www.facebook.com\/casadecampoliving","article_published_time":"2024-02-21T17:03:57+00:00","article_modified_time":"2024-02-26T17:09:43+00:00","og_image":[{"width":2560,"height":1920,"url":"https:\/\/casadecampoliving.com\/wp-content\/uploads\/2024\/02\/IMG_5673-scaled.jpeg","type":"image\/jpeg"}],"author":"Casa de Campo Living","twitter_card":"summary_large_image","twitter_creator":"@cdcliving","twitter_site":"@cdcliving","twitter_misc":{"Escrito por":"Casa de Campo Living","Tiempo de lectura":"2 minutos"},"schema":{"@context":"https:\/\/schema.org","@graph":[{"@type":"Article","@id":"https:\/\/casadecampoliving.com\/es\/fundacion-familiar-pincus-y-chop-visitan-la-clinica-de-familia-la-romana\/#article","isPartOf":{"@id":"https:\/\/casadecampoliving.com\/es\/fundacion-familiar-pincus-y-chop-visitan-la-clinica-de-familia-la-romana\/"},"author":{"name":"Casa de Campo Living","@id":"https:\/\/casadecampoliving.com\/es\/#\/schema\/person\/5d2171637a9d11e0e43ce6b8555f9422"},"headline":"Fundaci\u00f3n Familiar Pincus y CHOP Visitan la Cl\u00ednica de Familia La Romana","datePublished":"2024-02-21T17:03:57+00:00","dateModified":"2024-02-26T17:09:43+00:00","mainEntityOfPage":{"@id":"https:\/\/casadecampoliving.com\/es\/fundacion-familiar-pincus-y-chop-visitan-la-clinica-de-familia-la-romana\/"},"wordCount":371,"publisher":{"@id":"https:\/\/casadecampoliving.com\/es\/#organization"},"image":{"@id":"https:\/\/casadecampoliving.com\/es\/fundacion-familiar-pincus-y-chop-visitan-la-clinica-de-familia-la-romana\/#primaryimage"},"thumbnailUrl":"https:\/\/i0.wp.com\/casadecampoliving.com\/wp-content\/uploads\/2024\/02\/IMG_5673-scaled.jpeg?fit=2560%2C1920&ssl=1","keywords":["Clinica de Familia la Romana @es","La Romana @es","La Romana Family Clinic","salud"],"articleSection":["M\u00e1s all\u00e1 de Casa","Rep\u00fablica Dominicana @es","Salud"],"inLanguage":"es"},{"@type":"WebPage","@id":"https:\/\/casadecampoliving.com\/es\/fundacion-familiar-pincus-y-chop-visitan-la-clinica-de-familia-la-romana\/","url":"https:\/\/casadecampoliving.com\/es\/fundacion-familiar-pincus-y-chop-visitan-la-clinica-de-familia-la-romana\/","name":"Fundaci\u00f3n Familiar Pincus y CHOP Visitan la Cl\u00ednica de Familia La Romana | Casa de Campo Living","isPartOf":{"@id":"https:\/\/casadecampoliving.com\/es\/#website"},"primaryImageOfPage":{"@id":"https:\/\/casadecampoliving.com\/es\/fundacion-familiar-pincus-y-chop-visitan-la-clinica-de-familia-la-romana\/#primaryimage"},"image":{"@id":"https:\/\/casadecampoliving.com\/es\/fundacion-familiar-pincus-y-chop-visitan-la-clinica-de-familia-la-romana\/#primaryimage"},"thumbnailUrl":"https:\/\/i0.wp.com\/casadecampoliving.com\/wp-content\/uploads\/2024\/02\/IMG_5673-scaled.jpeg?fit=2560%2C1920&ssl=1","datePublished":"2024-02-21T17:03:57+00:00","dateModified":"2024-02-26T17:09:43+00:00","description":"El lunes 12 de febrero, la Cl\u00ednica de Familia La Romana recibi\u00f3 a representantes de la Fundaci\u00f3n Familiar Pincus y del Hospital Infantil de Filadelfia","breadcrumb":{"@id":"https:\/\/casadecampoliving.com\/es\/fundacion-familiar-pincus-y-chop-visitan-la-clinica-de-familia-la-romana\/#breadcrumb"},"inLanguage":"es","potentialAction":[{"@type":"ReadAction","target":["https:\/\/casadecampoliving.com\/es\/fundacion-familiar-pincus-y-chop-visitan-la-clinica-de-familia-la-romana\/"]}]},{"@type":"ImageObject","inLanguage":"es","@id":"https:\/\/casadecampoliving.com\/es\/fundacion-familiar-pincus-y-chop-visitan-la-clinica-de-familia-la-romana\/#primaryimage","url":"https:\/\/i0.wp.com\/casadecampoliving.com\/wp-content\/uploads\/2024\/02\/IMG_5673-scaled.jpeg?fit=2560%2C1920&ssl=1","contentUrl":"https:\/\/i0.wp.com\/casadecampoliving.com\/wp-content\/uploads\/2024\/02\/IMG_5673-scaled.jpeg?fit=2560%2C1920&ssl=1","width":2560,"height":1920},{"@type":"BreadcrumbList","@id":"https:\/\/casadecampoliving.com\/es\/fundacion-familiar-pincus-y-chop-visitan-la-clinica-de-familia-la-romana\/#breadcrumb","itemListElement":[{"@type":"ListItem","position":1,"name":"Home","item":"https:\/\/casadecampoliving.com\/es\/"},{"@type":"ListItem","position":2,"name":"Fundaci\u00f3n Familiar Pincus y CHOP Visitan la Cl\u00ednica de Familia La Romana"}]},{"@type":"WebSite","@id":"https:\/\/casadecampoliving.com\/es\/#website","url":"https:\/\/casadecampoliving.com\/es\/","name":"Casa de Campo Living","description":"Resort community news and resources.","publisher":{"@id":"https:\/\/casadecampoliving.com\/es\/#organization"},"potentialAction":[{"@type":"SearchAction","target":{"@type":"EntryPoint","urlTemplate":"https:\/\/casadecampoliving.com\/es\/?s={search_term_string}"},"query-input":{"@type":"PropertyValueSpecification","valueRequired":true,"valueName":"search_term_string"}}],"inLanguage":"es"},{"@type":"Organization","@id":"https:\/\/casadecampoliving.com\/es\/#organization","name":"Casa de Campo Living","url":"https:\/\/casadecampoliving.com\/es\/","logo":{"@type":"ImageObject","inLanguage":"es","@id":"https:\/\/casadecampoliving.com\/es\/#\/schema\/logo\/image\/","url":"https:\/\/i0.wp.com\/casadecampoliving.com\/wp-content\/uploads\/2022\/07\/CDCLivingLogo_V1-white-sized.png?fit=800%2C214&ssl=1","contentUrl":"https:\/\/i0.wp.com\/casadecampoliving.com\/wp-content\/uploads\/2022\/07\/CDCLivingLogo_V1-white-sized.png?fit=800%2C214&ssl=1","width":800,"height":214,"caption":"Casa de Campo Living"},"image":{"@id":"https:\/\/casadecampoliving.com\/es\/#\/schema\/logo\/image\/"},"sameAs":["https:\/\/www.facebook.com\/casadecampoliving","https:\/\/x.com\/cdcliving"]},{"@type":"Person","@id":"https:\/\/casadecampoliving.com\/es\/#\/schema\/person\/5d2171637a9d11e0e43ce6b8555f9422","name":"Casa de Campo Living","image":{"@type":"ImageObject","inLanguage":"es","@id":"https:\/\/secure.gravatar.com\/avatar\/d04101fa4a9fd431e939953b1500fdc7a73cd35029f86d98712fd8ccdaebaf9a?s=96&d=mm&r=g","url":"https:\/\/secure.gravatar.com\/avatar\/d04101fa4a9fd431e939953b1500fdc7a73cd35029f86d98712fd8ccdaebaf9a?s=96&d=mm&r=g","contentUrl":"https:\/\/secure.gravatar.com\/avatar\/d04101fa4a9fd431e939953b1500fdc7a73cd35029f86d98712fd8ccdaebaf9a?s=96&d=mm&r=g","caption":"Casa de Campo Living"},"url":"https:\/\/casadecampoliving.com\/es\/author\/casa-de-campo-living\/"}]}},"parsely":{"version":"1.1.0","canonical_url":"https:\/\/casadecampoliving.com\/es\/fundacion-familiar-pincus-y-chop-visitan-la-clinica-de-familia-la-romana\/","smart_links":{"inbound":0,"outbound":0},"traffic_boost_suggestions_count":0,"meta":{"@context":"https:\/\/schema.org","@type":"NewsArticle","headline":"Fundaci\u00f3n Familiar Pincus y CHOP Visitan la Cl\u00ednica de Familia La Romana","url":"http:\/\/casadecampoliving.com\/es\/fundacion-familiar-pincus-y-chop-visitan-la-clinica-de-familia-la-romana\/","mainEntityOfPage":{"@type":"WebPage","@id":"http:\/\/casadecampoliving.com\/es\/fundacion-familiar-pincus-y-chop-visitan-la-clinica-de-familia-la-romana\/"},"thumbnailUrl":"https:\/\/i0.wp.com\/casadecampoliving.com\/wp-content\/uploads\/2024\/02\/IMG_5673-scaled.jpeg?resize=150%2C150&ssl=1","image":{"@type":"ImageObject","url":"https:\/\/i0.wp.com\/casadecampoliving.com\/wp-content\/uploads\/2024\/02\/IMG_5673-scaled.jpeg?fit=2560%2C1920&ssl=1"},"articleSection":"M\u00e1s all\u00e1 de Casa","author":[{"@type":"Person","name":"Casa de Campo Living"}],"creator":["Casa de Campo Living"],"publisher":{"@type":"Organization","name":"Casa de Campo Living","logo":"https:\/\/casadecampoliving.com\/wp-content\/uploads\/2022\/07\/CDCLivingLogo_V1-white-sized.png"},"keywords":["clinica de familia la romana @es","la romana @es","la romana family clinic","salud"],"dateCreated":"2024-02-21T17:03:57Z","datePublished":"2024-02-21T17:03:57Z","dateModified":"2024-02-26T17:09:43Z"},"rendered":"<script type=\"application\/ld+json\" class=\"wp-parsely-metadata\">{\"@context\":\"https:\\\/\\\/schema.org\",\"@type\":\"NewsArticle\",\"headline\":\"Fundaci\\u00f3n Familiar Pincus y CHOP Visitan la Cl\\u00ednica de Familia La Romana\",\"url\":\"http:\\\/\\\/casadecampoliving.com\\\/es\\\/fundacion-familiar-pincus-y-chop-visitan-la-clinica-de-familia-la-romana\\\/\",\"mainEntityOfPage\":{\"@type\":\"WebPage\",\"@id\":\"http:\\\/\\\/casadecampoliving.com\\\/es\\\/fundacion-familiar-pincus-y-chop-visitan-la-clinica-de-familia-la-romana\\\/\"},\"thumbnailUrl\":\"https:\\\/\\\/i0.wp.com\\\/casadecampoliving.com\\\/wp-content\\\/uploads\\\/2024\\\/02\\\/IMG_5673-scaled.jpeg?resize=150%2C150&ssl=1\",\"image\":{\"@type\":\"ImageObject\",\"url\":\"https:\\\/\\\/i0.wp.com\\\/casadecampoliving.com\\\/wp-content\\\/uploads\\\/2024\\\/02\\\/IMG_5673-scaled.jpeg?fit=2560%2C1920&ssl=1\"},\"articleSection\":\"M\\u00e1s all\\u00e1 de Casa\",\"author\":[{\"@type\":\"Person\",\"name\":\"Casa de Campo Living\"}],\"creator\":[\"Casa de Campo Living\"],\"publisher\":{\"@type\":\"Organization\",\"name\":\"Casa de Campo Living\",\"logo\":\"https:\\\/\\\/casadecampoliving.com\\\/wp-content\\\/uploads\\\/2022\\\/07\\\/CDCLivingLogo_V1-white-sized.png\"},\"keywords\":[\"clinica de familia la romana @es\",\"la romana @es\",\"la romana family clinic\",\"salud\"],\"dateCreated\":\"2024-02-21T17:03:57Z\",\"datePublished\":\"2024-02-21T17:03:57Z\",\"dateModified\":\"2024-02-26T17:09:43Z\"}<\/script>","tracker_url":"https:\/\/cdn.parsely.com\/keys\/casadecampoliving.com\/p.js"},"jetpack_publicize_connections":[],"jetpack_featured_media_url":"https:\/\/i0.wp.com\/casadecampoliving.com\/wp-content\/uploads\/2024\/02\/IMG_5673-scaled.jpeg?fit=2560%2C1920&ssl=1","jetpack-related-posts":[{"id":345398,"url":"https:\/\/casadecampoliving.com\/es\/visita-del-embajador-james-brewster-clinica-de-familia\/","url_meta":{"origin":527083,"position":0},"title":"Visita del Embajador James Brewster a Cl\u00ednica de Familia","author":"Perkin Agramonte","date":"19 Sep, 2014","format":false,"excerpt":"El viernes de la semana pasada, el Embajador de los Estados Unidos en la Rep\u00fablica Dominicana, James Brewster, visit\u00f3 la ciudad de La Romana, espec\u00edficamente la Cl\u00ednica de Familia, para conocer sus instalaciones y observar el buen trabajo que esta cl\u00ednica ha venido realizando en los \u00faltimos a\u00f1os. Tras su\u2026","rel":"","context":"En \u00abCasa de Campo Living @es\u00bb","block_context":{"text":"Casa de Campo Living @es","link":"https:\/\/casadecampoliving.com\/category\/casa-de-campo-living-es\/"},"img":{"alt_text":"","src":"https:\/\/i0.wp.com\/casadecampoliving.com\/wp-content\/uploads\/2022\/10\/Embajador_Clinica-de-Familia-La-Romana-scaled.jpg?fit=1200%2C900&ssl=1&resize=350%2C200","width":350,"height":200,"srcset":"https:\/\/i0.wp.com\/casadecampoliving.com\/wp-content\/uploads\/2022\/10\/Embajador_Clinica-de-Familia-La-Romana-scaled.jpg?fit=1200%2C900&ssl=1&resize=350%2C200 1x, https:\/\/i0.wp.com\/casadecampoliving.com\/wp-content\/uploads\/2022\/10\/Embajador_Clinica-de-Familia-La-Romana-scaled.jpg?fit=1200%2C900&ssl=1&resize=525%2C300 1.5x, https:\/\/i0.wp.com\/casadecampoliving.com\/wp-content\/uploads\/2022\/10\/Embajador_Clinica-de-Familia-La-Romana-scaled.jpg?fit=1200%2C900&ssl=1&resize=700%2C400 2x, https:\/\/i0.wp.com\/casadecampoliving.com\/wp-content\/uploads\/2022\/10\/Embajador_Clinica-de-Familia-La-Romana-scaled.jpg?fit=1200%2C900&ssl=1&resize=1050%2C600 3x"},"classes":[]},{"id":534119,"url":"https:\/\/casadecampoliving.com\/es\/clinica-de-familia-la-romana-celebra-25-anos-e-inicia-construccion-de-nuevas-instalaciones\/","url_meta":{"origin":527083,"position":1},"title":"Cl\u00ednica de Familia La Romana Celebra 25 A\u00f1os e Inicia Construcci\u00f3n de Nuevas Instalaciones","author":"Marlenys Guzm\u00e1n Casta\u00f1os","date":"29 Oct, 2024","format":false,"excerpt":"Cl\u00ednica de Familia La Romana celebr\u00f3 recientemente su 25\u00ba aniversario con una ceremonia de inicio de obras para nuevas instalaciones que ampliar\u00e1n los servicios de salud en la regi\u00f3n. Este importante evento reafirm\u00f3 el compromiso de la cl\u00ednica con la mejora de la salud y el bienestar de la comunidad\u2026","rel":"","context":"En \u00abM\u00e1s all\u00e1 de Casa\u00bb","block_context":{"text":"M\u00e1s all\u00e1 de Casa","link":"https:\/\/casadecampoliving.com\/es\/category\/mas-alla-de-casa-es\/"},"img":{"alt_text":"","src":"https:\/\/i0.wp.com\/casadecampoliving.com\/wp-content\/uploads\/2024\/11\/Clinica-de-Familia-La-Romana_IMG_6960-scaled.jpg?fit=1200%2C800&ssl=1&resize=350%2C200","width":350,"height":200,"srcset":"https:\/\/i0.wp.com\/casadecampoliving.com\/wp-content\/uploads\/2024\/11\/Clinica-de-Familia-La-Romana_IMG_6960-scaled.jpg?fit=1200%2C800&ssl=1&resize=350%2C200 1x, https:\/\/i0.wp.com\/casadecampoliving.com\/wp-content\/uploads\/2024\/11\/Clinica-de-Familia-La-Romana_IMG_6960-scaled.jpg?fit=1200%2C800&ssl=1&resize=525%2C300 1.5x, https:\/\/i0.wp.com\/casadecampoliving.com\/wp-content\/uploads\/2024\/11\/Clinica-de-Familia-La-Romana_IMG_6960-scaled.jpg?fit=1200%2C800&ssl=1&resize=700%2C400 2x, https:\/\/i0.wp.com\/casadecampoliving.com\/wp-content\/uploads\/2024\/11\/Clinica-de-Familia-La-Romana_IMG_6960-scaled.jpg?fit=1200%2C800&ssl=1&resize=1050%2C600 3x"},"classes":[]},{"id":348319,"url":"https:\/\/casadecampoliving.com\/es\/nuevo-centro-de-diagnostico-e-imagenes-a-la-clinica-de-familia\/","url_meta":{"origin":527083,"position":2},"title":"Gobierno de Jap\u00f3n don\u00f3 un nuevo centro de Diagn\u00f3stico e Im\u00e1genes a la Cl\u00ednica de Familia","author":"Perkin Agramonte","date":"27 Sep, 2015","format":false,"excerpt":"El pasado 23 de septiembre celebramos la apertura de los nuevos servicios de im\u00e1genes y diagn\u00f3stico en la Cl\u00ednica de Familia La Romana. Estos ayudar\u00e1n con la visi\u00f3n de esta instituci\u00f3n, que es tener una comunidad en donde todas las familias tienen acceso a servicios de salud, para disfrutar una\u2026","rel":"","context":"En \u00abCasa de Campo Living @es\u00bb","block_context":{"text":"Casa de Campo Living @es","link":"https:\/\/casadecampoliving.com\/category\/casa-de-campo-living-es\/"},"img":{"alt_text":"","src":"https:\/\/i0.wp.com\/casadecampoliving.com\/wp-content\/uploads\/2022\/10\/Clinica_De_Familia_La_Romana-1-scaled.jpg?fit=1200%2C795&ssl=1&resize=350%2C200","width":350,"height":200,"srcset":"https:\/\/i0.wp.com\/casadecampoliving.com\/wp-content\/uploads\/2022\/10\/Clinica_De_Familia_La_Romana-1-scaled.jpg?fit=1200%2C795&ssl=1&resize=350%2C200 1x, https:\/\/i0.wp.com\/casadecampoliving.com\/wp-content\/uploads\/2022\/10\/Clinica_De_Familia_La_Romana-1-scaled.jpg?fit=1200%2C795&ssl=1&resize=525%2C300 1.5x, https:\/\/i0.wp.com\/casadecampoliving.com\/wp-content\/uploads\/2022\/10\/Clinica_De_Familia_La_Romana-1-scaled.jpg?fit=1200%2C795&ssl=1&resize=700%2C400 2x, https:\/\/i0.wp.com\/casadecampoliving.com\/wp-content\/uploads\/2022\/10\/Clinica_De_Familia_La_Romana-1-scaled.jpg?fit=1200%2C795&ssl=1&resize=1050%2C600 3x"},"classes":[]},{"id":343855,"url":"https:\/\/casadecampoliving.com\/es\/clinica-de-familia-la-romana-somos-familia\/","url_meta":{"origin":527083,"position":3},"title":"Cl\u00ednica de Familia La Romana: Somos Familia","author":"Perkin Agramonte","date":"26 Feb, 2014","format":false,"excerpt":"La Cl\u00ednica de Familia es una organizaci\u00f3n comprensiva que brinda servicios de salud a la comunidad de La Romana, la cual dirige una de las cl\u00ednicas m\u00e1s grandes para el tratamiento del VIH en La Rep\u00fablica Dominicana, tambi\u00e9n con servicios de cuidados primarios, una cl\u00ednica de salud reproductiva en adolescentes,\u2026","rel":"","context":"En \u00abCasa de Campo Living @es\u00bb","block_context":{"text":"Casa de Campo Living @es","link":"https:\/\/casadecampoliving.com\/category\/casa-de-campo-living-es\/"},"img":{"alt_text":"","src":"https:\/\/i0.wp.com\/casadecampoliving.com\/wp-content\/uploads\/2022\/10\/Personal_Clinica-de-Familia_2013-c-1.jpg?fit=650%2C311&ssl=1&resize=350%2C200","width":350,"height":200,"srcset":"https:\/\/i0.wp.com\/casadecampoliving.com\/wp-content\/uploads\/2022\/10\/Personal_Clinica-de-Familia_2013-c-1.jpg?fit=650%2C311&ssl=1&resize=350%2C200 1x, https:\/\/i0.wp.com\/casadecampoliving.com\/wp-content\/uploads\/2022\/10\/Personal_Clinica-de-Familia_2013-c-1.jpg?fit=650%2C311&ssl=1&resize=525%2C300 1.5x"},"classes":[]},{"id":343100,"url":"https:\/\/casadecampoliving.com\/es\/un-reconocimiento-clinica-de-familia\/","url_meta":{"origin":527083,"position":4},"title":"Un reconocimiento a Cl\u00ednica de Familia","author":"Lenny Castillo","date":"21 Oct, 2013","format":false,"excerpt":"La Fundaci\u00f3n Brugal (de Ron Brugal), celebr\u00f3 recientemente los premios \u201cBrugal Cree En Su Gente\u201d. Evento en el cual, La Cl\u00ednica de Familia de La Romana, recibi\u00f3 su premio en la categor\u00eda de salud. Los premios Brugal\u00a0\u201cCree En Su de Gente\u201d, en reconocimiento a los mayores logros en la Rep\u00fablica\u2026","rel":"","context":"En \u00abDestacados\u00bb","block_context":{"text":"Destacados","link":"https:\/\/casadecampoliving.com\/es\/category\/destacados\/"},"img":{"alt_text":"Clinica Familia de La Romana","src":"https:\/\/i0.wp.com\/casadecampoliving.com\/wp-content\/uploads\/2022\/10\/clinica_familia_la_romana-1.jpg?fit=650%2C410&ssl=1&resize=350%2C200","width":350,"height":200,"srcset":"https:\/\/i0.wp.com\/casadecampoliving.com\/wp-content\/uploads\/2022\/10\/clinica_familia_la_romana-1.jpg?fit=650%2C410&ssl=1&resize=350%2C200 1x, https:\/\/i0.wp.com\/casadecampoliving.com\/wp-content\/uploads\/2022\/10\/clinica_familia_la_romana-1.jpg?fit=650%2C410&ssl=1&resize=525%2C300 1.5x"},"classes":[]},{"id":353902,"url":"https:\/\/casadecampoliving.com\/es\/clinica-de-familia-recibe-premio-brugal-cree-en-su-gente-2020\/","url_meta":{"origin":527083,"position":5},"title":"Cl\u00ednica de Familia Recibe Premio Brugal Cree en Su Gente 2020","author":"Casa de Campo Living","date":"4 Nov, 2020","format":false,"excerpt":"El pasado 30 de octubre, Cl\u00ednica de Familia fue distinguida por la Fundaci\u00f3n Brugal en una entrega virtual de los Premios Brugal Cree en su Gente para 2020. La Fundaci\u00f3n Brugal y los miembros del jurado de los Premios Brugal Cree en su Gente reconocieron en esta ocasi\u00f3n la labor\u2026","rel":"","context":"En \u00abFundaciones\u00bb","block_context":{"text":"Fundaciones","link":"https:\/\/casadecampoliving.com\/es\/category\/fundaciones-es\/"},"img":{"alt_text":"","src":"https:\/\/i0.wp.com\/casadecampoliving.com\/wp-content\/uploads\/2022\/10\/DSC07536-1.jpg?fit=1000%2C600&ssl=1&resize=350%2C200","width":350,"height":200,"srcset":"https:\/\/i0.wp.com\/casadecampoliving.com\/wp-content\/uploads\/2022\/10\/DSC07536-1.jpg?fit=1000%2C600&ssl=1&resize=350%2C200 1x, https:\/\/i0.wp.com\/casadecampoliving.com\/wp-content\/uploads\/2022\/10\/DSC07536-1.jpg?fit=1000%2C600&ssl=1&resize=525%2C300 1.5x, https:\/\/i0.wp.com\/casadecampoliving.com\/wp-content\/uploads\/2022\/10\/DSC07536-1.jpg?fit=1000%2C600&ssl=1&resize=700%2C400 2x"},"classes":[]}],"jetpack_sharing_enabled":true,"_links":{"self":[{"href":"https:\/\/casadecampoliving.com\/es\/wp-json\/wp\/v2\/posts\/527083","targetHints":{"allow":["GET"]}}],"collection":[{"href":"https:\/\/casadecampoliving.com\/es\/wp-json\/wp\/v2\/posts"}],"about":[{"href":"https:\/\/casadecampoliving.com\/es\/wp-json\/wp\/v2\/types\/post"}],"author":[{"embeddable":true,"href":"https:\/\/casadecampoliving.com\/es\/wp-json\/wp\/v2\/users\/36791"}],"replies":[{"embeddable":true,"href":"https:\/\/casadecampoliving.com\/es\/wp-json\/wp\/v2\/comments?post=527083"}],"version-history":[{"count":1,"href":"https:\/\/casadecampoliving.com\/es\/wp-json\/wp\/v2\/posts\/527083\/revisions"}],"predecessor-version":[{"id":527084,"href":"https:\/\/casadecampoliving.com\/es\/wp-json\/wp\/v2\/posts\/527083\/revisions\/527084"}],"wp:featuredmedia":[{"embeddable":true,"href":"https:\/\/casadecampoliving.com\/es\/wp-json\/wp\/v2\/media\/527080"}],"wp:attachment":[{"href":"https:\/\/casadecampoliving.com\/es\/wp-json\/wp\/v2\/media?parent=527083"}],"wp:term":[{"taxonomy":"category","embeddable":true,"href":"https:\/\/casadecampoliving.com\/es\/wp-json\/wp\/v2\/categories?post=527083"},{"taxonomy":"post_tag","embeddable":true,"href":"https:\/\/casadecampoliving.com\/es\/wp-json\/wp\/v2\/tags?post=527083"},{"taxonomy":"newspack_spnsrs_tax","embeddable":true,"href":"https:\/\/casadecampoliving.com\/es\/wp-json\/wp\/v2\/newspack_spnsrs_tax?post=527083"}],"curies":[{"name":"wp","href":"https:\/\/api.w.org\/{rel}","templated":true}]}}