{"id":526923,"date":"2024-02-20T11:59:12","date_gmt":"2024-02-20T15:59:12","guid":{"rendered":"https:\/\/casadecampoliving.com\/?p=526923"},"modified":"2024-02-20T13:04:59","modified_gmt":"2024-02-20T17:04:59","slug":"la-segunda-copa-internacional-de-polo-femenino-de-casa-de-campo-sera-este-16-de-marzo","status":"publish","type":"post","link":"https:\/\/casadecampoliving.com\/es\/la-segunda-copa-internacional-de-polo-femenino-de-casa-de-campo-sera-este-16-de-marzo\/","title":{"rendered":"La segunda Copa Internacional de Polo Femenino de Casa de Campo ser\u00e1 este 16 de marzo"},"content":{"rendered":"\n<p>La emoci\u00f3n y la elegancia del polo femenino regresan a Rep\u00fablica Dominicana con la celebraci\u00f3n de la Segunda Copa Internacional Femenina de Polo, programada para el 16 de marzo de 2023, en el prestigioso Casa de Campo Polo Club. Este evento deportivo de renombre mundial contar\u00e1 con la participaci\u00f3n de talentosas jugadoras de Argentina, Italia, Paraguay, Estados Unidos y Venezuela.<\/p>\n\n\n<div class=\"wp-block-image\">\n<figure class=\"alignright size-large\"><img data-recalc-dims=\"1\" loading=\"lazy\" decoding=\"async\" width=\"682\" height=\"1024\" data-attachment-id=\"526928\" data-permalink=\"https:\/\/casadecampoliving.com\/es\/la-segunda-copa-internacional-de-polo-femenino-de-casa-de-campo-sera-este-16-de-marzo\/stephaniaspitale\/\" data-orig-file=\"https:\/\/i0.wp.com\/casadecampoliving.com\/wp-content\/uploads\/2024\/02\/StephaniaSpitale-scaled.jpg?fit=1706%2C2560&amp;ssl=1\" data-orig-size=\"1706,2560\" data-comments-opened=\"0\" data-image-meta=\"{&quot;aperture&quot;:&quot;0&quot;,&quot;credit&quot;:&quot;&quot;,&quot;camera&quot;:&quot;&quot;,&quot;caption&quot;:&quot;&quot;,&quot;created_timestamp&quot;:&quot;0&quot;,&quot;copyright&quot;:&quot;Can&#039;t use or distribuit without express autorization from owner&quot;,&quot;focal_length&quot;:&quot;0&quot;,&quot;iso&quot;:&quot;0&quot;,&quot;shutter_speed&quot;:&quot;0&quot;,&quot;title&quot;:&quot;&quot;,&quot;orientation&quot;:&quot;0&quot;}\" data-image-title=\"StephaniaSpitale\" data-image-description=\"\" data-image-caption=\"\" data-large-file=\"https:\/\/i0.wp.com\/casadecampoliving.com\/wp-content\/uploads\/2024\/02\/StephaniaSpitale-scaled.jpg?fit=682%2C1024&amp;ssl=1\" src=\"https:\/\/i0.wp.com\/casadecampoliving.com\/wp-content\/uploads\/2024\/02\/StephaniaSpitale.jpg?resize=682%2C1024&#038;ssl=1\" alt=\"\" class=\"wp-image-526928\" srcset=\"https:\/\/i0.wp.com\/casadecampoliving.com\/wp-content\/uploads\/2024\/02\/StephaniaSpitale-scaled.jpg?resize=682%2C1024&amp;ssl=1 682w, https:\/\/i0.wp.com\/casadecampoliving.com\/wp-content\/uploads\/2024\/02\/StephaniaSpitale-scaled.jpg?resize=200%2C300&amp;ssl=1 200w, https:\/\/i0.wp.com\/casadecampoliving.com\/wp-content\/uploads\/2024\/02\/StephaniaSpitale-scaled.jpg?resize=768%2C1152&amp;ssl=1 768w, https:\/\/i0.wp.com\/casadecampoliving.com\/wp-content\/uploads\/2024\/02\/StephaniaSpitale-scaled.jpg?resize=1024%2C1536&amp;ssl=1 1024w, https:\/\/i0.wp.com\/casadecampoliving.com\/wp-content\/uploads\/2024\/02\/StephaniaSpitale-scaled.jpg?resize=1365%2C2048&amp;ssl=1 1365w, https:\/\/i0.wp.com\/casadecampoliving.com\/wp-content\/uploads\/2024\/02\/StephaniaSpitale-scaled.jpg?resize=1200%2C1801&amp;ssl=1 1200w, https:\/\/i0.wp.com\/casadecampoliving.com\/wp-content\/uploads\/2024\/02\/StephaniaSpitale-scaled.jpg?resize=1568%2C2353&amp;ssl=1 1568w, https:\/\/i0.wp.com\/casadecampoliving.com\/wp-content\/uploads\/2024\/02\/StephaniaSpitale-scaled.jpg?resize=400%2C600&amp;ssl=1 400w, https:\/\/i0.wp.com\/casadecampoliving.com\/wp-content\/uploads\/2024\/02\/StephaniaSpitale-scaled.jpg?resize=1320%2C1981&amp;ssl=1 1320w, https:\/\/i0.wp.com\/casadecampoliving.com\/wp-content\/uploads\/2024\/02\/StephaniaSpitale-scaled.jpg?resize=150%2C225&amp;ssl=1 150w, https:\/\/i0.wp.com\/casadecampoliving.com\/wp-content\/uploads\/2024\/02\/StephaniaSpitale-scaled.jpg?w=1706&amp;ssl=1 1706w, https:\/\/i0.wp.com\/casadecampoliving.com\/wp-content\/uploads\/2024\/02\/StephaniaSpitale-682x1024.jpg?w=370&amp;ssl=1 370w\" sizes=\"auto, (max-width: 682px) 100vw, 682px\" \/><\/figure>\n<\/div>\n\n\n<p>Recordando el \u00e9xito del a\u00f1o anterior, donde el T Pack Ladies Polo Team se coron\u00f3 campe\u00f3n al vencer al American Express en un emocionante partido de 4-3, este a\u00f1o promete superar todas las expectativas. Las mismas jugadoras destacadas del torneo pasado, incluyendo a Malena Colombo, Clelia Crespo, Stephania Spitale, Veronica Posse, Guillermina Suffern, Arianna van Schermbeek y Praxilla Trabattoni, volver\u00e1n a competir en la cancha con su habilidad y destreza \u00fanicas. <a href=\"https:\/\/casadecampoliving.com\/es\/apoyando-y-empoderando-a-las-mujeres-lo-mas-destacado-de-la-1era-copa-de-polo-femenino-de-la-republica-dominicana\/\">Leer art\u00edculo de cobertura aqu\u00ed<\/a>.<\/p>\n\n\n\n<p>Adem\u00e1s de la acci\u00f3n en la cancha, la Copa Internacional de Polo Femenino de Rep\u00fablica Dominicana tambi\u00e9n tiene un prop\u00f3sito solidario. En apoyo al programa del Patronato Ben\u00e9fico Oriental conocido como \u00abMadres Maravillas\u00bb, el evento busca hacer una diferencia real en la vida de 167 madres y m\u00e1s de 500 hijos e hijas en condiciones de extrema vulnerabilidad debido a la pandemia.<\/p>\n\n\n\n<p>El torneo es concebido por la empresaria y amante del polo, la argentina Carolina Rainer de Matos, en colaboraci\u00f3n con el director de Casa de Campo Polo, Fernando Arata, y Patricia Panzarasa, directora del Circuito de Polo Femenino en Argentina.<\/p>\n\n\n\n<figure class=\"wp-block-image size-large\"><img data-recalc-dims=\"1\" loading=\"lazy\" decoding=\"async\" width=\"1024\" height=\"683\" data-attachment-id=\"526930\" data-permalink=\"https:\/\/casadecampoliving.com\/es\/la-segunda-copa-internacional-de-polo-femenino-de-casa-de-campo-sera-este-16-de-marzo\/e1a4078\/\" data-orig-file=\"https:\/\/i0.wp.com\/casadecampoliving.com\/wp-content\/uploads\/2024\/02\/E1A4078-scaled.jpg?fit=2560%2C1707&amp;ssl=1\" data-orig-size=\"2560,1707\" data-comments-opened=\"0\" data-image-meta=\"{&quot;aperture&quot;:&quot;0&quot;,&quot;credit&quot;:&quot;&quot;,&quot;camera&quot;:&quot;&quot;,&quot;caption&quot;:&quot;&quot;,&quot;created_timestamp&quot;:&quot;0&quot;,&quot;copyright&quot;:&quot;&quot;,&quot;focal_length&quot;:&quot;0&quot;,&quot;iso&quot;:&quot;0&quot;,&quot;shutter_speed&quot;:&quot;0&quot;,&quot;title&quot;:&quot;&quot;,&quot;orientation&quot;:&quot;0&quot;}\" data-image-title=\"E1A4078\" data-image-description=\"\" data-image-caption=\"\" data-large-file=\"https:\/\/i0.wp.com\/casadecampoliving.com\/wp-content\/uploads\/2024\/02\/E1A4078-scaled.jpg?fit=1024%2C683&amp;ssl=1\" src=\"https:\/\/i0.wp.com\/casadecampoliving.com\/wp-content\/uploads\/2024\/02\/E1A4078.jpg?resize=1024%2C683&#038;ssl=1\" alt=\"\" class=\"wp-image-526930\" srcset=\"https:\/\/i0.wp.com\/casadecampoliving.com\/wp-content\/uploads\/2024\/02\/E1A4078-scaled.jpg?resize=1024%2C683&amp;ssl=1 1024w, https:\/\/i0.wp.com\/casadecampoliving.com\/wp-content\/uploads\/2024\/02\/E1A4078-scaled.jpg?resize=300%2C200&amp;ssl=1 300w, https:\/\/i0.wp.com\/casadecampoliving.com\/wp-content\/uploads\/2024\/02\/E1A4078-scaled.jpg?resize=768%2C512&amp;ssl=1 768w, https:\/\/i0.wp.com\/casadecampoliving.com\/wp-content\/uploads\/2024\/02\/E1A4078-scaled.jpg?resize=1536%2C1024&amp;ssl=1 1536w, https:\/\/i0.wp.com\/casadecampoliving.com\/wp-content\/uploads\/2024\/02\/E1A4078-scaled.jpg?resize=2048%2C1365&amp;ssl=1 2048w, https:\/\/i0.wp.com\/casadecampoliving.com\/wp-content\/uploads\/2024\/02\/E1A4078-scaled.jpg?resize=1200%2C800&amp;ssl=1 1200w, https:\/\/i0.wp.com\/casadecampoliving.com\/wp-content\/uploads\/2024\/02\/E1A4078-scaled.jpg?resize=1568%2C1045&amp;ssl=1 1568w, https:\/\/i0.wp.com\/casadecampoliving.com\/wp-content\/uploads\/2024\/02\/E1A4078-scaled.jpg?resize=400%2C267&amp;ssl=1 400w, https:\/\/i0.wp.com\/casadecampoliving.com\/wp-content\/uploads\/2024\/02\/E1A4078-scaled.jpg?resize=1320%2C880&amp;ssl=1 1320w, https:\/\/i0.wp.com\/casadecampoliving.com\/wp-content\/uploads\/2024\/02\/E1A4078-scaled.jpg?resize=150%2C100&amp;ssl=1 150w, https:\/\/i0.wp.com\/casadecampoliving.com\/wp-content\/uploads\/2024\/02\/E1A4078-1024x683.jpg?w=370&amp;ssl=1 370w\" sizes=\"auto, (max-width: 1000px) 100vw, 1000px\" \/><figcaption class=\"wp-element-caption\">Equipo ganador de la primera Copa Internacional Femenina de Polo junto a Carolina Rainer de Matos (centro), Patricia Panzarasa y Jessica Bernardi.<\/figcaption><\/figure>\n\n\n\n<p>Carolina Rainer de Matos, la mente maestra detr\u00e1s de esta segunda edici\u00f3n, anticipa un evento a\u00fan m\u00e1s grande y emocionante que el a\u00f1o pasado, con sorpresas preparadas para los asistentes, incluyendo un elegante c\u00f3ctel al atardecer. Adem\u00e1s, destaca el creciente apoyo de patrocinadores nacionales e internacionales, as\u00ed como el respaldo incondicional de Casa de Campo y la comunidad local.<\/p>\n\n\n\n<p>Este evento no solo celebra la excelencia deportiva, sino que tambi\u00e9n promueve la solidaridad y la inclusi\u00f3n, inspirando a m\u00e1s mujeres a participar en este deporte apasionante y gratificante.<\/p>\n\n\n\n<p>\u00a1No se pierdan la Segunda Copa Internacional Femenina de Polo de Rep\u00fablica Dominicana y \u00fananse a esta experiencia \u00fanica de deporte y solidaridad en Casa de Campo Polo Club el 16 de marzo de 2023!<\/p>\n\n\n\n<figure class=\"wp-block-image size-large\"><img data-recalc-dims=\"1\" loading=\"lazy\" decoding=\"async\" width=\"1024\" height=\"1024\" data-attachment-id=\"526939\" data-permalink=\"https:\/\/casadecampoliving.com\/es\/la-segunda-copa-internacional-de-polo-femenino-de-casa-de-campo-sera-este-16-de-marzo\/whatsapp-image-2024-02-20-at-1-00-50-pm-2\/\" data-orig-file=\"https:\/\/i0.wp.com\/casadecampoliving.com\/wp-content\/uploads\/2024\/02\/WhatsApp-Image-2024-02-20-at-1.00.50-PM.jpeg?fit=1200%2C1200&amp;ssl=1\" data-orig-size=\"1200,1200\" data-comments-opened=\"0\" data-image-meta=\"{&quot;aperture&quot;:&quot;0&quot;,&quot;credit&quot;:&quot;&quot;,&quot;camera&quot;:&quot;&quot;,&quot;caption&quot;:&quot;&quot;,&quot;created_timestamp&quot;:&quot;0&quot;,&quot;copyright&quot;:&quot;&quot;,&quot;focal_length&quot;:&quot;0&quot;,&quot;iso&quot;:&quot;0&quot;,&quot;shutter_speed&quot;:&quot;0&quot;,&quot;title&quot;:&quot;&quot;,&quot;orientation&quot;:&quot;0&quot;}\" data-image-title=\"WhatsApp-Image-2024-02-20-at-1.00.50-PM\" data-image-description=\"\" data-image-caption=\"\" data-large-file=\"https:\/\/i0.wp.com\/casadecampoliving.com\/wp-content\/uploads\/2024\/02\/WhatsApp-Image-2024-02-20-at-1.00.50-PM.jpeg?fit=1024%2C1024&amp;ssl=1\" src=\"https:\/\/i0.wp.com\/casadecampoliving.com\/wp-content\/uploads\/2024\/02\/WhatsApp-Image-2024-02-20-at-1.00.50-PM.jpeg?resize=1024%2C1024&#038;ssl=1\" alt=\"\" class=\"wp-image-526939\" srcset=\"https:\/\/i0.wp.com\/casadecampoliving.com\/wp-content\/uploads\/2024\/02\/WhatsApp-Image-2024-02-20-at-1.00.50-PM.jpeg?resize=1024%2C1024&amp;ssl=1 1024w, https:\/\/i0.wp.com\/casadecampoliving.com\/wp-content\/uploads\/2024\/02\/WhatsApp-Image-2024-02-20-at-1.00.50-PM.jpeg?resize=300%2C300&amp;ssl=1 300w, https:\/\/i0.wp.com\/casadecampoliving.com\/wp-content\/uploads\/2024\/02\/WhatsApp-Image-2024-02-20-at-1.00.50-PM.jpeg?resize=150%2C150&amp;ssl=1 150w, https:\/\/i0.wp.com\/casadecampoliving.com\/wp-content\/uploads\/2024\/02\/WhatsApp-Image-2024-02-20-at-1.00.50-PM.jpeg?resize=768%2C768&amp;ssl=1 768w, https:\/\/i0.wp.com\/casadecampoliving.com\/wp-content\/uploads\/2024\/02\/WhatsApp-Image-2024-02-20-at-1.00.50-PM.jpeg?resize=800%2C800&amp;ssl=1 800w, https:\/\/i0.wp.com\/casadecampoliving.com\/wp-content\/uploads\/2024\/02\/WhatsApp-Image-2024-02-20-at-1.00.50-PM.jpeg?resize=600%2C600&amp;ssl=1 600w, https:\/\/i0.wp.com\/casadecampoliving.com\/wp-content\/uploads\/2024\/02\/WhatsApp-Image-2024-02-20-at-1.00.50-PM.jpeg?resize=400%2C400&amp;ssl=1 400w, https:\/\/i0.wp.com\/casadecampoliving.com\/wp-content\/uploads\/2024\/02\/WhatsApp-Image-2024-02-20-at-1.00.50-PM.jpeg?resize=200%2C200&amp;ssl=1 200w, https:\/\/i0.wp.com\/casadecampoliving.com\/wp-content\/uploads\/2024\/02\/WhatsApp-Image-2024-02-20-at-1.00.50-PM.jpeg?resize=96%2C96&amp;ssl=1 96w, https:\/\/i0.wp.com\/casadecampoliving.com\/wp-content\/uploads\/2024\/02\/WhatsApp-Image-2024-02-20-at-1.00.50-PM.jpeg?w=1200&amp;ssl=1 1200w, https:\/\/i0.wp.com\/casadecampoliving.com\/wp-content\/uploads\/2024\/02\/WhatsApp-Image-2024-02-20-at-1.00.50-PM-1024x1024.jpeg?w=370&amp;ssl=1 370w\" sizes=\"auto, (max-width: 1000px) 100vw, 1000px\" \/><\/figure>\n","protected":false},"excerpt":{"rendered":"<p>La emoci\u00f3n y la elegancia del polo femenino regresan a Rep\u00fablica Dominicana con la celebraci\u00f3n de la Segunda Copa Internacional Femenina de Polo, programada para el 16 de marzo de 2023, en el prestigioso Casa de Campo Polo Club. Este evento deportivo de renombre mundial contar\u00e1 con la participaci\u00f3n de talentosas jugadoras de Argentina, Italia, [&hellip;]<\/p>\n","protected":false},"author":431,"featured_media":526924,"comment_status":"closed","ping_status":"closed","sticky":false,"template":"","format":"standard","meta":{"newspack_ads_suppress_ads":false,"newspack_popups_has_disabled_popups":false,"newspack_sponsor_sponsorship_scope":"","newspack_sponsor_native_byline_display":"inherit","newspack_sponsor_native_category_display":"inherit","newspack_sponsor_underwriter_style":"inherit","newspack_sponsor_underwriter_placement":"inherit","_newspack_byline_active":false,"_newspack_byline":"","newspack_hide_updated_date":false,"newspack_show_updated_date":false,"newspack_content_restriction_is_exempt":false,"newspack_featured_image_position":"large","newspack_post_subtitle":"Este evento destaca el talento y la pasi\u00f3n de las mujeres en el deporte del polo, adem\u00e1s de que tambi\u00e9n tiene un prop\u00f3sito solidario","newspack_article_summary_title":"Overview:","newspack_article_summary":"","_jetpack_memberships_contains_paid_content":false,"footnotes":"","jetpack_publicize_message":"","jetpack_publicize_feature_enabled":true,"jetpack_social_post_already_shared":true,"jetpack_social_options":{"image_generator_settings":{"template":"highway","default_image_id":0,"font":"","enabled":false},"version":2},"_wpas_customize_per_network":false},"categories":[2525],"tags":[3626,14736,27654,3778],"newspack_spnsrs_tax":[],"class_list":["post-526923","post","type-post","status-publish","format-standard","has-post-thumbnail","hentry","category-golf-deportes-es","tag-casa-de-campo-es","tag-featured-topview-es","tag-ladies-polo-cupes","tag-polo-es","entry"],"yoast_head":"<!-- This site is optimized with the Yoast SEO plugin v27.4 - https:\/\/yoast.com\/product\/yoast-seo-wordpress\/ -->\n<title>La segunda Copa Internacional de Polo Femenino de Casa de Campo ser\u00e1 este 16 de marzo | Casa de Campo Living<\/title>\n<meta name=\"description\" content=\"La emoci\u00f3n y la elegancia del polo femenino regresan a Rep\u00fablica Dominicana con la celebraci\u00f3n de la Segunda Copa Internacional Femenina de Polo,\" \/>\n<meta name=\"robots\" content=\"index, follow, max-snippet:-1, max-image-preview:large, max-video-preview:-1\" \/>\n<link rel=\"canonical\" href=\"https:\/\/casadecampoliving.com\/es\/la-segunda-copa-internacional-de-polo-femenino-de-casa-de-campo-sera-este-16-de-marzo\/\" \/>\n<meta property=\"og:locale\" content=\"es_ES\" \/>\n<meta property=\"og:type\" content=\"article\" \/>\n<meta property=\"og:title\" content=\"La segunda Copa Internacional de Polo Femenino de Casa de Campo ser\u00e1 este 16 de marzo | Casa de Campo Living\" \/>\n<meta property=\"og:description\" content=\"La emoci\u00f3n y la elegancia del polo femenino regresan a Rep\u00fablica Dominicana con la celebraci\u00f3n de la Segunda Copa Internacional Femenina de Polo,\" \/>\n<meta property=\"og:url\" content=\"https:\/\/casadecampoliving.com\/es\/la-segunda-copa-internacional-de-polo-femenino-de-casa-de-campo-sera-este-16-de-marzo\/\" \/>\n<meta property=\"og:site_name\" content=\"Casa de Campo Living\" \/>\n<meta property=\"article:publisher\" content=\"https:\/\/www.facebook.com\/casadecampoliving\" \/>\n<meta property=\"article:published_time\" content=\"2024-02-20T15:59:12+00:00\" \/>\n<meta property=\"article:modified_time\" content=\"2024-02-20T17:04:59+00:00\" \/>\n<meta property=\"og:image\" content=\"https:\/\/casadecampoliving.com\/wp-content\/uploads\/2024\/02\/Ladies-Polo-Cup-2024_-Ig-Post.jpg\" \/>\n\t<meta property=\"og:image:width\" content=\"1080\" \/>\n\t<meta property=\"og:image:height\" content=\"1080\" \/>\n\t<meta property=\"og:image:type\" content=\"image\/jpeg\" \/>\n<meta name=\"author\" content=\"Mairobi Herrera\" \/>\n<meta name=\"twitter:card\" content=\"summary_large_image\" \/>\n<meta name=\"twitter:creator\" content=\"@cdcliving\" \/>\n<meta name=\"twitter:site\" content=\"@cdcliving\" \/>\n<meta name=\"twitter:label1\" content=\"Escrito por\" \/>\n\t<meta name=\"twitter:data1\" content=\"Mairobi Herrera\" \/>\n\t<meta name=\"twitter:label2\" content=\"Tiempo de lectura\" \/>\n\t<meta name=\"twitter:data2\" content=\"3 minutos\" \/>\n<script type=\"application\/ld+json\" class=\"yoast-schema-graph\">{\"@context\":\"https:\\\/\\\/schema.org\",\"@graph\":[{\"@type\":\"Article\",\"@id\":\"https:\\\/\\\/casadecampoliving.com\\\/es\\\/la-segunda-copa-internacional-de-polo-femenino-de-casa-de-campo-sera-este-16-de-marzo\\\/#article\",\"isPartOf\":{\"@id\":\"https:\\\/\\\/casadecampoliving.com\\\/es\\\/la-segunda-copa-internacional-de-polo-femenino-de-casa-de-campo-sera-este-16-de-marzo\\\/\"},\"author\":{\"name\":\"Mairobi Herrera\",\"@id\":\"https:\\\/\\\/casadecampoliving.com\\\/es\\\/#\\\/schema\\\/person\\\/932e594484c49168ad37fbb9141bf699\"},\"headline\":\"La segunda Copa Internacional de Polo Femenino de Casa de Campo ser\u00e1 este 16 de marzo\",\"datePublished\":\"2024-02-20T15:59:12+00:00\",\"dateModified\":\"2024-02-20T17:04:59+00:00\",\"mainEntityOfPage\":{\"@id\":\"https:\\\/\\\/casadecampoliving.com\\\/es\\\/la-segunda-copa-internacional-de-polo-femenino-de-casa-de-campo-sera-este-16-de-marzo\\\/\"},\"wordCount\":420,\"publisher\":{\"@id\":\"https:\\\/\\\/casadecampoliving.com\\\/es\\\/#organization\"},\"image\":{\"@id\":\"https:\\\/\\\/casadecampoliving.com\\\/es\\\/la-segunda-copa-internacional-de-polo-femenino-de-casa-de-campo-sera-este-16-de-marzo\\\/#primaryimage\"},\"thumbnailUrl\":\"https:\\\/\\\/i0.wp.com\\\/casadecampoliving.com\\\/wp-content\\\/uploads\\\/2024\\\/02\\\/Ladies-Polo-Cup-2024_-Ig-Post.jpg?fit=1080%2C1080&ssl=1\",\"keywords\":[\"casa de campo @es\",\"Featured-TopView @es\",\"Ladies Polo Cup@es\",\"polo @es\"],\"articleSection\":[\"Deportes\"],\"inLanguage\":\"es\"},{\"@type\":\"WebPage\",\"@id\":\"https:\\\/\\\/casadecampoliving.com\\\/es\\\/la-segunda-copa-internacional-de-polo-femenino-de-casa-de-campo-sera-este-16-de-marzo\\\/\",\"url\":\"https:\\\/\\\/casadecampoliving.com\\\/es\\\/la-segunda-copa-internacional-de-polo-femenino-de-casa-de-campo-sera-este-16-de-marzo\\\/\",\"name\":\"La segunda Copa Internacional de Polo Femenino de Casa de Campo ser\u00e1 este 16 de marzo | Casa de Campo Living\",\"isPartOf\":{\"@id\":\"https:\\\/\\\/casadecampoliving.com\\\/es\\\/#website\"},\"primaryImageOfPage\":{\"@id\":\"https:\\\/\\\/casadecampoliving.com\\\/es\\\/la-segunda-copa-internacional-de-polo-femenino-de-casa-de-campo-sera-este-16-de-marzo\\\/#primaryimage\"},\"image\":{\"@id\":\"https:\\\/\\\/casadecampoliving.com\\\/es\\\/la-segunda-copa-internacional-de-polo-femenino-de-casa-de-campo-sera-este-16-de-marzo\\\/#primaryimage\"},\"thumbnailUrl\":\"https:\\\/\\\/i0.wp.com\\\/casadecampoliving.com\\\/wp-content\\\/uploads\\\/2024\\\/02\\\/Ladies-Polo-Cup-2024_-Ig-Post.jpg?fit=1080%2C1080&ssl=1\",\"datePublished\":\"2024-02-20T15:59:12+00:00\",\"dateModified\":\"2024-02-20T17:04:59+00:00\",\"description\":\"La emoci\u00f3n y la elegancia del polo femenino regresan a Rep\u00fablica Dominicana con la celebraci\u00f3n de la Segunda Copa Internacional Femenina de Polo,\",\"breadcrumb\":{\"@id\":\"https:\\\/\\\/casadecampoliving.com\\\/es\\\/la-segunda-copa-internacional-de-polo-femenino-de-casa-de-campo-sera-este-16-de-marzo\\\/#breadcrumb\"},\"inLanguage\":\"es\",\"potentialAction\":[{\"@type\":\"ReadAction\",\"target\":[\"https:\\\/\\\/casadecampoliving.com\\\/es\\\/la-segunda-copa-internacional-de-polo-femenino-de-casa-de-campo-sera-este-16-de-marzo\\\/\"]}]},{\"@type\":\"ImageObject\",\"inLanguage\":\"es\",\"@id\":\"https:\\\/\\\/casadecampoliving.com\\\/es\\\/la-segunda-copa-internacional-de-polo-femenino-de-casa-de-campo-sera-este-16-de-marzo\\\/#primaryimage\",\"url\":\"https:\\\/\\\/i0.wp.com\\\/casadecampoliving.com\\\/wp-content\\\/uploads\\\/2024\\\/02\\\/Ladies-Polo-Cup-2024_-Ig-Post.jpg?fit=1080%2C1080&ssl=1\",\"contentUrl\":\"https:\\\/\\\/i0.wp.com\\\/casadecampoliving.com\\\/wp-content\\\/uploads\\\/2024\\\/02\\\/Ladies-Polo-Cup-2024_-Ig-Post.jpg?fit=1080%2C1080&ssl=1\",\"width\":1080,\"height\":1080},{\"@type\":\"BreadcrumbList\",\"@id\":\"https:\\\/\\\/casadecampoliving.com\\\/es\\\/la-segunda-copa-internacional-de-polo-femenino-de-casa-de-campo-sera-este-16-de-marzo\\\/#breadcrumb\",\"itemListElement\":[{\"@type\":\"ListItem\",\"position\":1,\"name\":\"Home\",\"item\":\"https:\\\/\\\/casadecampoliving.com\\\/es\\\/\"},{\"@type\":\"ListItem\",\"position\":2,\"name\":\"La segunda Copa Internacional de Polo Femenino de Casa de Campo ser\u00e1 este 16 de marzo\"}]},{\"@type\":\"WebSite\",\"@id\":\"https:\\\/\\\/casadecampoliving.com\\\/es\\\/#website\",\"url\":\"https:\\\/\\\/casadecampoliving.com\\\/es\\\/\",\"name\":\"Casa de Campo Living\",\"description\":\"Resort community news and resources.\",\"publisher\":{\"@id\":\"https:\\\/\\\/casadecampoliving.com\\\/es\\\/#organization\"},\"potentialAction\":[{\"@type\":\"SearchAction\",\"target\":{\"@type\":\"EntryPoint\",\"urlTemplate\":\"https:\\\/\\\/casadecampoliving.com\\\/es\\\/?s={search_term_string}\"},\"query-input\":{\"@type\":\"PropertyValueSpecification\",\"valueRequired\":true,\"valueName\":\"search_term_string\"}}],\"inLanguage\":\"es\"},{\"@type\":\"Organization\",\"@id\":\"https:\\\/\\\/casadecampoliving.com\\\/es\\\/#organization\",\"name\":\"Casa de Campo Living\",\"url\":\"https:\\\/\\\/casadecampoliving.com\\\/es\\\/\",\"logo\":{\"@type\":\"ImageObject\",\"inLanguage\":\"es\",\"@id\":\"https:\\\/\\\/casadecampoliving.com\\\/es\\\/#\\\/schema\\\/logo\\\/image\\\/\",\"url\":\"https:\\\/\\\/i0.wp.com\\\/casadecampoliving.com\\\/wp-content\\\/uploads\\\/2022\\\/07\\\/CDCLivingLogo_V1-white-sized.png?fit=800%2C214&ssl=1\",\"contentUrl\":\"https:\\\/\\\/i0.wp.com\\\/casadecampoliving.com\\\/wp-content\\\/uploads\\\/2022\\\/07\\\/CDCLivingLogo_V1-white-sized.png?fit=800%2C214&ssl=1\",\"width\":800,\"height\":214,\"caption\":\"Casa de Campo Living\"},\"image\":{\"@id\":\"https:\\\/\\\/casadecampoliving.com\\\/es\\\/#\\\/schema\\\/logo\\\/image\\\/\"},\"sameAs\":[\"https:\\\/\\\/www.facebook.com\\\/casadecampoliving\",\"https:\\\/\\\/x.com\\\/cdcliving\"]},{\"@type\":\"Person\",\"@id\":\"https:\\\/\\\/casadecampoliving.com\\\/es\\\/#\\\/schema\\\/person\\\/932e594484c49168ad37fbb9141bf699\",\"name\":\"Mairobi Herrera\",\"image\":{\"@type\":\"ImageObject\",\"inLanguage\":\"es\",\"@id\":\"https:\\\/\\\/secure.gravatar.com\\\/avatar\\\/d0bf6c19470eb55d83c719e39672f670b2c4412339af1eb8a08f86427ba98ee8?s=96&d=mm&r=g\",\"url\":\"https:\\\/\\\/secure.gravatar.com\\\/avatar\\\/d0bf6c19470eb55d83c719e39672f670b2c4412339af1eb8a08f86427ba98ee8?s=96&d=mm&r=g\",\"contentUrl\":\"https:\\\/\\\/secure.gravatar.com\\\/avatar\\\/d0bf6c19470eb55d83c719e39672f670b2c4412339af1eb8a08f86427ba98ee8?s=96&d=mm&r=g\",\"caption\":\"Mairobi Herrera\"},\"sameAs\":[\"https:\\\/\\\/casadecampoliving.com\\\/\"],\"url\":\"https:\\\/\\\/casadecampoliving.com\\\/es\\\/author\\\/mherrera\\\/\"}]}<\/script>\n<!-- \/ Yoast SEO plugin. -->","yoast_head_json":{"title":"La segunda Copa Internacional de Polo Femenino de Casa de Campo ser\u00e1 este 16 de marzo | Casa de Campo Living","description":"La emoci\u00f3n y la elegancia del polo femenino regresan a Rep\u00fablica Dominicana con la celebraci\u00f3n de la Segunda Copa Internacional Femenina de Polo,","robots":{"index":"index","follow":"follow","max-snippet":"max-snippet:-1","max-image-preview":"max-image-preview:large","max-video-preview":"max-video-preview:-1"},"canonical":"https:\/\/casadecampoliving.com\/es\/la-segunda-copa-internacional-de-polo-femenino-de-casa-de-campo-sera-este-16-de-marzo\/","og_locale":"es_ES","og_type":"article","og_title":"La segunda Copa Internacional de Polo Femenino de Casa de Campo ser\u00e1 este 16 de marzo | Casa de Campo Living","og_description":"La emoci\u00f3n y la elegancia del polo femenino regresan a Rep\u00fablica Dominicana con la celebraci\u00f3n de la Segunda Copa Internacional Femenina de Polo,","og_url":"https:\/\/casadecampoliving.com\/es\/la-segunda-copa-internacional-de-polo-femenino-de-casa-de-campo-sera-este-16-de-marzo\/","og_site_name":"Casa de Campo Living","article_publisher":"https:\/\/www.facebook.com\/casadecampoliving","article_published_time":"2024-02-20T15:59:12+00:00","article_modified_time":"2024-02-20T17:04:59+00:00","og_image":[{"width":1080,"height":1080,"url":"https:\/\/casadecampoliving.com\/wp-content\/uploads\/2024\/02\/Ladies-Polo-Cup-2024_-Ig-Post.jpg","type":"image\/jpeg"}],"author":"Mairobi Herrera","twitter_card":"summary_large_image","twitter_creator":"@cdcliving","twitter_site":"@cdcliving","twitter_misc":{"Escrito por":"Mairobi Herrera","Tiempo de lectura":"3 minutos"},"schema":{"@context":"https:\/\/schema.org","@graph":[{"@type":"Article","@id":"https:\/\/casadecampoliving.com\/es\/la-segunda-copa-internacional-de-polo-femenino-de-casa-de-campo-sera-este-16-de-marzo\/#article","isPartOf":{"@id":"https:\/\/casadecampoliving.com\/es\/la-segunda-copa-internacional-de-polo-femenino-de-casa-de-campo-sera-este-16-de-marzo\/"},"author":{"name":"Mairobi Herrera","@id":"https:\/\/casadecampoliving.com\/es\/#\/schema\/person\/932e594484c49168ad37fbb9141bf699"},"headline":"La segunda Copa Internacional de Polo Femenino de Casa de Campo ser\u00e1 este 16 de marzo","datePublished":"2024-02-20T15:59:12+00:00","dateModified":"2024-02-20T17:04:59+00:00","mainEntityOfPage":{"@id":"https:\/\/casadecampoliving.com\/es\/la-segunda-copa-internacional-de-polo-femenino-de-casa-de-campo-sera-este-16-de-marzo\/"},"wordCount":420,"publisher":{"@id":"https:\/\/casadecampoliving.com\/es\/#organization"},"image":{"@id":"https:\/\/casadecampoliving.com\/es\/la-segunda-copa-internacional-de-polo-femenino-de-casa-de-campo-sera-este-16-de-marzo\/#primaryimage"},"thumbnailUrl":"https:\/\/i0.wp.com\/casadecampoliving.com\/wp-content\/uploads\/2024\/02\/Ladies-Polo-Cup-2024_-Ig-Post.jpg?fit=1080%2C1080&ssl=1","keywords":["casa de campo @es","Featured-TopView @es","Ladies Polo Cup@es","polo @es"],"articleSection":["Deportes"],"inLanguage":"es"},{"@type":"WebPage","@id":"https:\/\/casadecampoliving.com\/es\/la-segunda-copa-internacional-de-polo-femenino-de-casa-de-campo-sera-este-16-de-marzo\/","url":"https:\/\/casadecampoliving.com\/es\/la-segunda-copa-internacional-de-polo-femenino-de-casa-de-campo-sera-este-16-de-marzo\/","name":"La segunda Copa Internacional de Polo Femenino de Casa de Campo ser\u00e1 este 16 de marzo | Casa de Campo Living","isPartOf":{"@id":"https:\/\/casadecampoliving.com\/es\/#website"},"primaryImageOfPage":{"@id":"https:\/\/casadecampoliving.com\/es\/la-segunda-copa-internacional-de-polo-femenino-de-casa-de-campo-sera-este-16-de-marzo\/#primaryimage"},"image":{"@id":"https:\/\/casadecampoliving.com\/es\/la-segunda-copa-internacional-de-polo-femenino-de-casa-de-campo-sera-este-16-de-marzo\/#primaryimage"},"thumbnailUrl":"https:\/\/i0.wp.com\/casadecampoliving.com\/wp-content\/uploads\/2024\/02\/Ladies-Polo-Cup-2024_-Ig-Post.jpg?fit=1080%2C1080&ssl=1","datePublished":"2024-02-20T15:59:12+00:00","dateModified":"2024-02-20T17:04:59+00:00","description":"La emoci\u00f3n y la elegancia del polo femenino regresan a Rep\u00fablica Dominicana con la celebraci\u00f3n de la Segunda Copa Internacional Femenina de Polo,","breadcrumb":{"@id":"https:\/\/casadecampoliving.com\/es\/la-segunda-copa-internacional-de-polo-femenino-de-casa-de-campo-sera-este-16-de-marzo\/#breadcrumb"},"inLanguage":"es","potentialAction":[{"@type":"ReadAction","target":["https:\/\/casadecampoliving.com\/es\/la-segunda-copa-internacional-de-polo-femenino-de-casa-de-campo-sera-este-16-de-marzo\/"]}]},{"@type":"ImageObject","inLanguage":"es","@id":"https:\/\/casadecampoliving.com\/es\/la-segunda-copa-internacional-de-polo-femenino-de-casa-de-campo-sera-este-16-de-marzo\/#primaryimage","url":"https:\/\/i0.wp.com\/casadecampoliving.com\/wp-content\/uploads\/2024\/02\/Ladies-Polo-Cup-2024_-Ig-Post.jpg?fit=1080%2C1080&ssl=1","contentUrl":"https:\/\/i0.wp.com\/casadecampoliving.com\/wp-content\/uploads\/2024\/02\/Ladies-Polo-Cup-2024_-Ig-Post.jpg?fit=1080%2C1080&ssl=1","width":1080,"height":1080},{"@type":"BreadcrumbList","@id":"https:\/\/casadecampoliving.com\/es\/la-segunda-copa-internacional-de-polo-femenino-de-casa-de-campo-sera-este-16-de-marzo\/#breadcrumb","itemListElement":[{"@type":"ListItem","position":1,"name":"Home","item":"https:\/\/casadecampoliving.com\/es\/"},{"@type":"ListItem","position":2,"name":"La segunda Copa Internacional de Polo Femenino de Casa de Campo ser\u00e1 este 16 de marzo"}]},{"@type":"WebSite","@id":"https:\/\/casadecampoliving.com\/es\/#website","url":"https:\/\/casadecampoliving.com\/es\/","name":"Casa de Campo Living","description":"Resort community news and resources.","publisher":{"@id":"https:\/\/casadecampoliving.com\/es\/#organization"},"potentialAction":[{"@type":"SearchAction","target":{"@type":"EntryPoint","urlTemplate":"https:\/\/casadecampoliving.com\/es\/?s={search_term_string}"},"query-input":{"@type":"PropertyValueSpecification","valueRequired":true,"valueName":"search_term_string"}}],"inLanguage":"es"},{"@type":"Organization","@id":"https:\/\/casadecampoliving.com\/es\/#organization","name":"Casa de Campo Living","url":"https:\/\/casadecampoliving.com\/es\/","logo":{"@type":"ImageObject","inLanguage":"es","@id":"https:\/\/casadecampoliving.com\/es\/#\/schema\/logo\/image\/","url":"https:\/\/i0.wp.com\/casadecampoliving.com\/wp-content\/uploads\/2022\/07\/CDCLivingLogo_V1-white-sized.png?fit=800%2C214&ssl=1","contentUrl":"https:\/\/i0.wp.com\/casadecampoliving.com\/wp-content\/uploads\/2022\/07\/CDCLivingLogo_V1-white-sized.png?fit=800%2C214&ssl=1","width":800,"height":214,"caption":"Casa de Campo Living"},"image":{"@id":"https:\/\/casadecampoliving.com\/es\/#\/schema\/logo\/image\/"},"sameAs":["https:\/\/www.facebook.com\/casadecampoliving","https:\/\/x.com\/cdcliving"]},{"@type":"Person","@id":"https:\/\/casadecampoliving.com\/es\/#\/schema\/person\/932e594484c49168ad37fbb9141bf699","name":"Mairobi Herrera","image":{"@type":"ImageObject","inLanguage":"es","@id":"https:\/\/secure.gravatar.com\/avatar\/d0bf6c19470eb55d83c719e39672f670b2c4412339af1eb8a08f86427ba98ee8?s=96&d=mm&r=g","url":"https:\/\/secure.gravatar.com\/avatar\/d0bf6c19470eb55d83c719e39672f670b2c4412339af1eb8a08f86427ba98ee8?s=96&d=mm&r=g","contentUrl":"https:\/\/secure.gravatar.com\/avatar\/d0bf6c19470eb55d83c719e39672f670b2c4412339af1eb8a08f86427ba98ee8?s=96&d=mm&r=g","caption":"Mairobi Herrera"},"sameAs":["https:\/\/casadecampoliving.com\/"],"url":"https:\/\/casadecampoliving.com\/es\/author\/mherrera\/"}]}},"parsely":{"version":"1.1.0","canonical_url":"https:\/\/casadecampoliving.com\/es\/la-segunda-copa-internacional-de-polo-femenino-de-casa-de-campo-sera-este-16-de-marzo\/","smart_links":{"inbound":0,"outbound":0},"traffic_boost_suggestions_count":0,"meta":{"@context":"https:\/\/schema.org","@type":"NewsArticle","headline":"La segunda Copa Internacional de Polo Femenino de Casa de Campo ser\u00e1 este 16 de marzo","url":"http:\/\/casadecampoliving.com\/es\/la-segunda-copa-internacional-de-polo-femenino-de-casa-de-campo-sera-este-16-de-marzo\/","mainEntityOfPage":{"@type":"WebPage","@id":"http:\/\/casadecampoliving.com\/es\/la-segunda-copa-internacional-de-polo-femenino-de-casa-de-campo-sera-este-16-de-marzo\/"},"thumbnailUrl":"https:\/\/i0.wp.com\/casadecampoliving.com\/wp-content\/uploads\/2024\/02\/Ladies-Polo-Cup-2024_-Ig-Post.jpg?resize=150%2C150&ssl=1","image":{"@type":"ImageObject","url":"https:\/\/i0.wp.com\/casadecampoliving.com\/wp-content\/uploads\/2024\/02\/Ladies-Polo-Cup-2024_-Ig-Post.jpg?fit=1080%2C1080&ssl=1"},"articleSection":"Deportes","author":[{"@type":"Person","name":"Mairobi Herrera"}],"creator":["Mairobi Herrera"],"publisher":{"@type":"Organization","name":"Casa de Campo Living","logo":"https:\/\/casadecampoliving.com\/wp-content\/uploads\/2022\/07\/CDCLivingLogo_V1-white-sized.png"},"keywords":["casa de campo @es","featured-topview @es","ladies polo cup@es","polo @es"],"dateCreated":"2024-02-20T15:59:12Z","datePublished":"2024-02-20T15:59:12Z","dateModified":"2024-02-20T17:04:59Z"},"rendered":"<script type=\"application\/ld+json\" class=\"wp-parsely-metadata\">{\"@context\":\"https:\\\/\\\/schema.org\",\"@type\":\"NewsArticle\",\"headline\":\"La segunda Copa Internacional de Polo Femenino de Casa de Campo ser\\u00e1 este 16 de marzo\",\"url\":\"http:\\\/\\\/casadecampoliving.com\\\/es\\\/la-segunda-copa-internacional-de-polo-femenino-de-casa-de-campo-sera-este-16-de-marzo\\\/\",\"mainEntityOfPage\":{\"@type\":\"WebPage\",\"@id\":\"http:\\\/\\\/casadecampoliving.com\\\/es\\\/la-segunda-copa-internacional-de-polo-femenino-de-casa-de-campo-sera-este-16-de-marzo\\\/\"},\"thumbnailUrl\":\"https:\\\/\\\/i0.wp.com\\\/casadecampoliving.com\\\/wp-content\\\/uploads\\\/2024\\\/02\\\/Ladies-Polo-Cup-2024_-Ig-Post.jpg?resize=150%2C150&ssl=1\",\"image\":{\"@type\":\"ImageObject\",\"url\":\"https:\\\/\\\/i0.wp.com\\\/casadecampoliving.com\\\/wp-content\\\/uploads\\\/2024\\\/02\\\/Ladies-Polo-Cup-2024_-Ig-Post.jpg?fit=1080%2C1080&ssl=1\"},\"articleSection\":\"Deportes\",\"author\":[{\"@type\":\"Person\",\"name\":\"Mairobi Herrera\"}],\"creator\":[\"Mairobi Herrera\"],\"publisher\":{\"@type\":\"Organization\",\"name\":\"Casa de Campo Living\",\"logo\":\"https:\\\/\\\/casadecampoliving.com\\\/wp-content\\\/uploads\\\/2022\\\/07\\\/CDCLivingLogo_V1-white-sized.png\"},\"keywords\":[\"casa de campo @es\",\"featured-topview @es\",\"ladies polo cup@es\",\"polo @es\"],\"dateCreated\":\"2024-02-20T15:59:12Z\",\"datePublished\":\"2024-02-20T15:59:12Z\",\"dateModified\":\"2024-02-20T17:04:59Z\"}<\/script>","tracker_url":"https:\/\/cdn.parsely.com\/keys\/casadecampoliving.com\/p.js"},"jetpack_publicize_connections":[],"jetpack_featured_media_url":"https:\/\/i0.wp.com\/casadecampoliving.com\/wp-content\/uploads\/2024\/02\/Ladies-Polo-Cup-2024_-Ig-Post.jpg?fit=1080%2C1080&ssl=1","jetpack-related-posts":[{"id":514468,"url":"https:\/\/casadecampoliving.com\/es\/preparate-para-la-primera-copa-internacional-de-polo-femenino-de-republica-dominicana\/","url_meta":{"origin":526923,"position":0},"title":"\u00a1Prep\u00e1rate para la Primera Copa Internacional de Polo Femenino de Rep\u00fablica Dominicana!","author":"Casa de Campo Living","date":"20 Feb, 2023","format":false,"excerpt":"El 11 de marzo de 2023, Casa de Campo Polo Club ser\u00e1 la sede de la Primera Copa Internacional Femenina de Polo de Rep\u00fablica Dominicana en honor al D\u00eda Internacional de la Mujer. El evento contar\u00e1 con jugadores de Argentina, Italia, Paraguay, Estados Unidos y Venezuela, convirti\u00e9ndolo en un evento\u2026","rel":"","context":"En \u00abComunidad\u00bb","block_context":{"text":"Comunidad","link":"https:\/\/casadecampoliving.com\/es\/category\/casa-de-campo-living-es\/comunidad-casa-de-campo-living-es\/"},"img":{"alt_text":"","src":"https:\/\/i0.wp.com\/casadecampoliving.com\/wp-content\/uploads\/2023\/02\/MG_9924-1-Womens-Polo-scaled.jpg?fit=1200%2C800&ssl=1&resize=350%2C200","width":350,"height":200,"srcset":"https:\/\/i0.wp.com\/casadecampoliving.com\/wp-content\/uploads\/2023\/02\/MG_9924-1-Womens-Polo-scaled.jpg?fit=1200%2C800&ssl=1&resize=350%2C200 1x, https:\/\/i0.wp.com\/casadecampoliving.com\/wp-content\/uploads\/2023\/02\/MG_9924-1-Womens-Polo-scaled.jpg?fit=1200%2C800&ssl=1&resize=525%2C300 1.5x, https:\/\/i0.wp.com\/casadecampoliving.com\/wp-content\/uploads\/2023\/02\/MG_9924-1-Womens-Polo-scaled.jpg?fit=1200%2C800&ssl=1&resize=700%2C400 2x, https:\/\/i0.wp.com\/casadecampoliving.com\/wp-content\/uploads\/2023\/02\/MG_9924-1-Womens-Polo-scaled.jpg?fit=1200%2C800&ssl=1&resize=1050%2C600 3x"},"classes":[]},{"id":515041,"url":"https:\/\/casadecampoliving.com\/es\/historico-evento-en-casa-de-campo-primera-copa-internacional-femenino-de-polo-en-republica-dominicana-este-sabado\/","url_meta":{"origin":526923,"position":1},"title":"\u00a1Hist\u00f3rico evento en Casa de Campo! Primera Copa Internacional Femenino de Polo en Rep\u00fablica Dominicana ESTE s\u00e1bado","author":"Casa de Campo Living","date":"9 Mar, 2023","format":false,"excerpt":"Casa de Campo se prepara para una jornada hist\u00f3rica en la que se celebrar\u00e1 la Primera Copa Internacional Femenino de Polo de la Rep\u00fablica Dominicana. La celebraci\u00f3n comenz\u00f3 ayer con un c\u00f3ctel de bienvenida que dio inicio a la Primera Copa Internacional Femenino de Polo de la Rep\u00fablica Dominicana en\u2026","rel":"","context":"En \u00abUncategorized @es\u00bb","block_context":{"text":"Uncategorized @es","link":"https:\/\/casadecampoliving.com\/es\/category\/uncategorized-es\/"},"img":{"alt_text":"","src":"https:\/\/i0.wp.com\/casadecampoliving.com\/wp-content\/uploads\/2023\/03\/1st-Ladies-Polo-Cup-welcome-cocktail10.jpeg?fit=1200%2C800&ssl=1&resize=350%2C200","width":350,"height":200,"srcset":"https:\/\/i0.wp.com\/casadecampoliving.com\/wp-content\/uploads\/2023\/03\/1st-Ladies-Polo-Cup-welcome-cocktail10.jpeg?fit=1200%2C800&ssl=1&resize=350%2C200 1x, https:\/\/i0.wp.com\/casadecampoliving.com\/wp-content\/uploads\/2023\/03\/1st-Ladies-Polo-Cup-welcome-cocktail10.jpeg?fit=1200%2C800&ssl=1&resize=525%2C300 1.5x, https:\/\/i0.wp.com\/casadecampoliving.com\/wp-content\/uploads\/2023\/03\/1st-Ladies-Polo-Cup-welcome-cocktail10.jpeg?fit=1200%2C800&ssl=1&resize=700%2C400 2x, https:\/\/i0.wp.com\/casadecampoliving.com\/wp-content\/uploads\/2023\/03\/1st-Ladies-Polo-Cup-welcome-cocktail10.jpeg?fit=1200%2C800&ssl=1&resize=1050%2C600 3x"},"classes":[]},{"id":527436,"url":"https:\/\/casadecampoliving.com\/es\/unete-al-coctel-de-bienvenida-de-la-segunda-copa-internacional-femenina-de-polo\/","url_meta":{"origin":526923,"position":2},"title":"\u00a1\u00danete al Coctel de Bienvenida de la Segunda Copa Internacional Femenina de Polo!","author":"Mairobi Herrera","date":"11 Mar, 2024","format":false,"excerpt":"\u00a1La emoci\u00f3n est\u00e1 en el aire y la adrenalina est\u00e1 por desatarse! La Segunda Copa Internacional Femenina de Polo est\u00e1 a punto de comenzar, y \u00bfqu\u00e9 mejor manera de darle la bienvenida que con un elegante coctel en el impresionante Minitas Beach Club? Fecha y Hora: Viernes, 15 de marzo,\u2026","rel":"","context":"En \u00abComunidad\u00bb","block_context":{"text":"Comunidad","link":"https:\/\/casadecampoliving.com\/es\/category\/comunidad\/"},"img":{"alt_text":"","src":"https:\/\/i0.wp.com\/casadecampoliving.com\/wp-content\/uploads\/2024\/03\/EJ4B0360-scaled.jpg?fit=1200%2C800&ssl=1&resize=350%2C200","width":350,"height":200,"srcset":"https:\/\/i0.wp.com\/casadecampoliving.com\/wp-content\/uploads\/2024\/03\/EJ4B0360-scaled.jpg?fit=1200%2C800&ssl=1&resize=350%2C200 1x, https:\/\/i0.wp.com\/casadecampoliving.com\/wp-content\/uploads\/2024\/03\/EJ4B0360-scaled.jpg?fit=1200%2C800&ssl=1&resize=525%2C300 1.5x, https:\/\/i0.wp.com\/casadecampoliving.com\/wp-content\/uploads\/2024\/03\/EJ4B0360-scaled.jpg?fit=1200%2C800&ssl=1&resize=700%2C400 2x, https:\/\/i0.wp.com\/casadecampoliving.com\/wp-content\/uploads\/2024\/03\/EJ4B0360-scaled.jpg?fit=1200%2C800&ssl=1&resize=1050%2C600 3x"},"classes":[]},{"id":515457,"url":"https:\/\/casadecampoliving.com\/es\/apoyando-y-empoderando-a-las-mujeres-lo-mas-destacado-de-la-1era-copa-de-polo-femenino-de-la-republica-dominicana\/","url_meta":{"origin":526923,"position":3},"title":"Apoyando y Empoderando a las Mujeres: Lo m\u00e1s destacado de la 1era Copa de Polo Femenino de la Rep\u00fablica Dominicana","author":"Casa de Campo Living","date":"13 Mar, 2023","format":false,"excerpt":"El 11 de marzo se celebr\u00f3 La primera Copa de Polo Femenino presentada por Patricia Robalino en el Club de Polo Casa de Campo. Fue un d\u00eda emocionante de polo lleno de gran energ\u00eda mientras que las jugadoras, espectadores y empresas patrocinadoras se reunieron para disfrutar de una tarde soleada\u2026","rel":"","context":"En \u00abDeportes\u00bb","block_context":{"text":"Deportes","link":"https:\/\/casadecampoliving.com\/es\/category\/golf-deportes-es\/"},"img":{"alt_text":"","src":"https:\/\/i0.wp.com\/casadecampoliving.com\/wp-content\/uploads\/2023\/03\/1ST-LADIES-POLO-CUP-8.jpg?fit=1200%2C800&ssl=1&resize=350%2C200","width":350,"height":200,"srcset":"https:\/\/i0.wp.com\/casadecampoliving.com\/wp-content\/uploads\/2023\/03\/1ST-LADIES-POLO-CUP-8.jpg?fit=1200%2C800&ssl=1&resize=350%2C200 1x, https:\/\/i0.wp.com\/casadecampoliving.com\/wp-content\/uploads\/2023\/03\/1ST-LADIES-POLO-CUP-8.jpg?fit=1200%2C800&ssl=1&resize=525%2C300 1.5x, https:\/\/i0.wp.com\/casadecampoliving.com\/wp-content\/uploads\/2023\/03\/1ST-LADIES-POLO-CUP-8.jpg?fit=1200%2C800&ssl=1&resize=700%2C400 2x, https:\/\/i0.wp.com\/casadecampoliving.com\/wp-content\/uploads\/2023\/03\/1ST-LADIES-POLO-CUP-8.jpg?fit=1200%2C800&ssl=1&resize=1050%2C600 3x"},"classes":[]},{"id":537272,"url":"https:\/\/casadecampoliving.com\/es\/casa-de-campo-presenta-la-tercera-edicion-de-la-copa-de-polo-femenina\/","url_meta":{"origin":526923,"position":4},"title":"Casa de Campo presenta la tercera edici\u00f3n de la Copa de Polo Femenina","author":"Mairobi Herrera","date":"11 Feb, 2025","format":false,"excerpt":"Casa de Campo Resort & Villas se enorgullece en anunciar la tercera edici\u00f3n de la Copa de Polo Femenina, un evento de \u00e9lite que se llevar\u00e1 a cabo el 22 de marzo, a las 4:00 de la tarde, en el prestigioso\u00a0Casa\u00a0de\u00a0Campo\u00a0Polo Club. Organizado por Carolina Rainer de Matos, este torneo\u2026","rel":"","context":"En \u00abCasa de Campo Resort &amp; Villas\u00bb","block_context":{"text":"Casa de Campo Resort &amp; Villas","link":"https:\/\/casadecampoliving.com\/es\/category\/casa-de-campo-resort-villas\/"},"img":{"alt_text":"","src":"https:\/\/i0.wp.com\/casadecampoliving.com\/wp-content\/uploads\/2025\/02\/FN3A9725-scaled.jpg?fit=1200%2C800&ssl=1&resize=350%2C200","width":350,"height":200,"srcset":"https:\/\/i0.wp.com\/casadecampoliving.com\/wp-content\/uploads\/2025\/02\/FN3A9725-scaled.jpg?fit=1200%2C800&ssl=1&resize=350%2C200 1x, https:\/\/i0.wp.com\/casadecampoliving.com\/wp-content\/uploads\/2025\/02\/FN3A9725-scaled.jpg?fit=1200%2C800&ssl=1&resize=525%2C300 1.5x, https:\/\/i0.wp.com\/casadecampoliving.com\/wp-content\/uploads\/2025\/02\/FN3A9725-scaled.jpg?fit=1200%2C800&ssl=1&resize=700%2C400 2x, https:\/\/i0.wp.com\/casadecampoliving.com\/wp-content\/uploads\/2025\/02\/FN3A9725-scaled.jpg?fit=1200%2C800&ssl=1&resize=1050%2C600 3x"},"classes":[]},{"id":538013,"url":"https:\/\/casadecampoliving.com\/es\/casa-de-campo-kicks-off-10th-british-cup-polo-tournament-feb-13\/","url_meta":{"origin":526923,"position":5},"title":"Casa de Campo se prepara para la 10ma Copa Brit\u00e1nica de Polo 2025","author":"Casa de Campo Living","date":"12 Feb, 2025","format":false,"excerpt":"Casa de Campo ser\u00e1 el escenario de la 10\u00aa edici\u00f3n de la Copa Brit\u00e1nica del 15 de febrero al 1 de marzo. Con equipos en la categor\u00eda de 8-12 goles, el torneo promete partidos emocionantes y un alto nivel de competencia. El a\u00f1o pasado, La Carmela se llev\u00f3 el t\u00edtulo.\u2026","rel":"","context":"En \u00abCasa de Campo Resort &amp; Villas\u00bb","block_context":{"text":"Casa de Campo Resort &amp; Villas","link":"https:\/\/casadecampoliving.com\/es\/category\/casa-de-campo-resort-villas\/"},"img":{"alt_text":"","src":"https:\/\/i0.wp.com\/casadecampoliving.com\/wp-content\/uploads\/2024\/04\/FN3A5156-scaled.jpg?fit=1200%2C800&ssl=1&resize=350%2C200","width":350,"height":200,"srcset":"https:\/\/i0.wp.com\/casadecampoliving.com\/wp-content\/uploads\/2024\/04\/FN3A5156-scaled.jpg?fit=1200%2C800&ssl=1&resize=350%2C200 1x, https:\/\/i0.wp.com\/casadecampoliving.com\/wp-content\/uploads\/2024\/04\/FN3A5156-scaled.jpg?fit=1200%2C800&ssl=1&resize=525%2C300 1.5x, https:\/\/i0.wp.com\/casadecampoliving.com\/wp-content\/uploads\/2024\/04\/FN3A5156-scaled.jpg?fit=1200%2C800&ssl=1&resize=700%2C400 2x, https:\/\/i0.wp.com\/casadecampoliving.com\/wp-content\/uploads\/2024\/04\/FN3A5156-scaled.jpg?fit=1200%2C800&ssl=1&resize=1050%2C600 3x"},"classes":[]}],"jetpack_sharing_enabled":true,"_links":{"self":[{"href":"https:\/\/casadecampoliving.com\/es\/wp-json\/wp\/v2\/posts\/526923","targetHints":{"allow":["GET"]}}],"collection":[{"href":"https:\/\/casadecampoliving.com\/es\/wp-json\/wp\/v2\/posts"}],"about":[{"href":"https:\/\/casadecampoliving.com\/es\/wp-json\/wp\/v2\/types\/post"}],"author":[{"embeddable":true,"href":"https:\/\/casadecampoliving.com\/es\/wp-json\/wp\/v2\/users\/431"}],"replies":[{"embeddable":true,"href":"https:\/\/casadecampoliving.com\/es\/wp-json\/wp\/v2\/comments?post=526923"}],"version-history":[{"count":3,"href":"https:\/\/casadecampoliving.com\/es\/wp-json\/wp\/v2\/posts\/526923\/revisions"}],"predecessor-version":[{"id":526941,"href":"https:\/\/casadecampoliving.com\/es\/wp-json\/wp\/v2\/posts\/526923\/revisions\/526941"}],"wp:featuredmedia":[{"embeddable":true,"href":"https:\/\/casadecampoliving.com\/es\/wp-json\/wp\/v2\/media\/526924"}],"wp:attachment":[{"href":"https:\/\/casadecampoliving.com\/es\/wp-json\/wp\/v2\/media?parent=526923"}],"wp:term":[{"taxonomy":"category","embeddable":true,"href":"https:\/\/casadecampoliving.com\/es\/wp-json\/wp\/v2\/categories?post=526923"},{"taxonomy":"post_tag","embeddable":true,"href":"https:\/\/casadecampoliving.com\/es\/wp-json\/wp\/v2\/tags?post=526923"},{"taxonomy":"newspack_spnsrs_tax","embeddable":true,"href":"https:\/\/casadecampoliving.com\/es\/wp-json\/wp\/v2\/newspack_spnsrs_tax?post=526923"}],"curies":[{"name":"wp","href":"https:\/\/api.w.org\/{rel}","templated":true}]}}