{"id":524492,"date":"2023-11-22T12:31:43","date_gmt":"2023-11-22T16:31:43","guid":{"rendered":"https:\/\/casadecampoliving.com\/?p=524492"},"modified":"2023-11-27T12:42:10","modified_gmt":"2023-11-27T16:42:10","slug":"la-tienda-artisan-reabre-sus-puertas-en-altos-de-chavon","status":"publish","type":"post","link":"https:\/\/casadecampoliving.com\/es\/la-tienda-artisan-reabre-sus-puertas-en-altos-de-chavon\/","title":{"rendered":"La tienda Artisan reabre sus puertas en Altos de Chav\u00f3n"},"content":{"rendered":"\n<p>La tienda Artisan Chav\u00f3n celebr\u00f3 su gran reapertura el s\u00e1bado 11 de noviembre con un evento de c\u00f3ctel en su ubicaci\u00f3n en Altos de Chav\u00f3n. Presentada como el pin\u00e1culo de la artesan\u00eda exquisita en la regi\u00f3n este de la Rep\u00fablica Dominicana, Artisan Chav\u00f3n presume del respaldo de maestros artesanos que han contribuido a la comunidad de Casa de Campo durante d\u00e9cadas, destacando el rico patrimonio artesanal de Altos de Chav\u00f3n.<\/p>\n\n\n\n<figure class=\"wp-block-image size-large\"><img data-recalc-dims=\"1\" loading=\"lazy\" decoding=\"async\" width=\"1024\" height=\"683\" src=\"https:\/\/i0.wp.com\/casadecampoliving.com\/wp-content\/uploads\/2023\/11\/Artisan-Chavon-reopens-16.jpg?resize=1024%2C683&#038;ssl=1\" alt=\"\" class=\"wp-image-524478\" srcset=\"https:\/\/i0.wp.com\/casadecampoliving.com\/wp-content\/uploads\/2023\/11\/Artisan-Chavon-reopens-16.jpg?resize=1024%2C683&amp;ssl=1 1024w, https:\/\/i0.wp.com\/casadecampoliving.com\/wp-content\/uploads\/2023\/11\/Artisan-Chavon-reopens-16.jpg?resize=300%2C200&amp;ssl=1 300w, https:\/\/i0.wp.com\/casadecampoliving.com\/wp-content\/uploads\/2023\/11\/Artisan-Chavon-reopens-16.jpg?resize=768%2C512&amp;ssl=1 768w, https:\/\/i0.wp.com\/casadecampoliving.com\/wp-content\/uploads\/2023\/11\/Artisan-Chavon-reopens-16.jpg?resize=400%2C267&amp;ssl=1 400w, https:\/\/i0.wp.com\/casadecampoliving.com\/wp-content\/uploads\/2023\/11\/Artisan-Chavon-reopens-16.jpg?resize=150%2C100&amp;ssl=1 150w, https:\/\/i0.wp.com\/casadecampoliving.com\/wp-content\/uploads\/2023\/11\/Artisan-Chavon-reopens-16.jpg?w=1200&amp;ssl=1 1200w, https:\/\/i0.wp.com\/casadecampoliving.com\/wp-content\/uploads\/2023\/11\/Artisan-Chavon-reopens-16-1024x683.jpg?w=370&amp;ssl=1 370w\" sizes=\"auto, (max-width: 1000px) 100vw, 1000px\" \/><\/figure>\n\n\n\n<p>Cada pieza exhibida encapsula una esencia inquebrantable, dedicaci\u00f3n y pasi\u00f3n que han alimentado generaciones de tradici\u00f3n artesanal. Situada en el coraz\u00f3n de Altos de Chav\u00f3n, la tienda Artisan se transforma en un enclave de autenticidad, permitiendo a los visitantes explorar y adquirir art\u00edculos verdaderamente \u00fanicos, meticulosamente elaborados por h\u00e1biles artesanos dominicanos en talleres locales. La tienda se enorgullece de su compromiso con el uso de materias primas premium, evitando procesos industriales que puedan comprometer la esencia de la artesan\u00eda hecha a mano.<\/p>\n\n\n\n<p>Artisan Chav\u00f3n no solo ofrece productos excepcionales; tambi\u00e9n ofrece una experiencia de compra inigualable. Los clientes pueden disfrutar de asistencia personalizada, orientaci\u00f3n de expertos y env\u00edo internacional sin complicaciones. Atendiendo a compradores individuales y hoteles que buscan piezas a medida, la tienda tambi\u00e9n ofrece servicios especializados para requerimientos de regalos corporativos.<\/p>\n\n\n\n<figure class=\"wp-block-image size-large\"><img data-recalc-dims=\"1\" loading=\"lazy\" decoding=\"async\" width=\"1024\" height=\"683\" src=\"https:\/\/i0.wp.com\/casadecampoliving.com\/wp-content\/uploads\/2023\/11\/Artisan-Chavon-reopens-27.jpg?resize=1024%2C683&#038;ssl=1\" alt=\"\" class=\"wp-image-524482\" srcset=\"https:\/\/i0.wp.com\/casadecampoliving.com\/wp-content\/uploads\/2023\/11\/Artisan-Chavon-reopens-27.jpg?resize=1024%2C683&amp;ssl=1 1024w, https:\/\/i0.wp.com\/casadecampoliving.com\/wp-content\/uploads\/2023\/11\/Artisan-Chavon-reopens-27.jpg?resize=300%2C200&amp;ssl=1 300w, https:\/\/i0.wp.com\/casadecampoliving.com\/wp-content\/uploads\/2023\/11\/Artisan-Chavon-reopens-27.jpg?resize=768%2C512&amp;ssl=1 768w, https:\/\/i0.wp.com\/casadecampoliving.com\/wp-content\/uploads\/2023\/11\/Artisan-Chavon-reopens-27.jpg?resize=400%2C267&amp;ssl=1 400w, https:\/\/i0.wp.com\/casadecampoliving.com\/wp-content\/uploads\/2023\/11\/Artisan-Chavon-reopens-27.jpg?resize=150%2C100&amp;ssl=1 150w, https:\/\/i0.wp.com\/casadecampoliving.com\/wp-content\/uploads\/2023\/11\/Artisan-Chavon-reopens-27.jpg?w=1200&amp;ssl=1 1200w, https:\/\/i0.wp.com\/casadecampoliving.com\/wp-content\/uploads\/2023\/11\/Artisan-Chavon-reopens-27-1024x683.jpg?w=370&amp;ssl=1 370w\" sizes=\"auto, (max-width: 1000px) 100vw, 1000px\" \/><\/figure>\n\n\n\n<p>Artisan Chav\u00f3n extiende una invitaci\u00f3n abierta a todos para sumergirse en la historia y celebrar la vida a trav\u00e9s del arte. La tienda abre todos los d\u00edas de 9:00 AM a 7:00 PM.<\/p>\n\n\n\n<p>Para consultas y pedidos, pueden contactar a Artisan Chav\u00f3n por correo electr\u00f3nico a <a href=\"mailto:tiendas.chavon@costasur.com.do\" target=\"_blank\" rel=\"noreferrer noopener\">tiendas.chavon@costasur.com.do<\/a>.<\/p>\n\n\n\n<p>Fotos tomadas durante la inauguraci\u00f3n e informaci\u00f3n cortes\u00eda de Costasur.<em> <\/em><\/p>\n\n\n\n<figure class=\"wp-block-gallery has-nested-images columns-default is-cropped wp-block-gallery-1 is-layout-flex wp-block-gallery-is-layout-flex\">\n<figure class=\"wp-block-image size-large\"><img data-recalc-dims=\"1\" loading=\"lazy\" decoding=\"async\" width=\"1024\" height=\"683\" data-id=\"524470\" src=\"https:\/\/i0.wp.com\/casadecampoliving.com\/wp-content\/uploads\/2023\/11\/Artisan-Chavon-reopens.jpg?resize=1024%2C683&#038;ssl=1\" alt=\"\" class=\"wp-image-524470\" srcset=\"https:\/\/i0.wp.com\/casadecampoliving.com\/wp-content\/uploads\/2023\/11\/Artisan-Chavon-reopens.jpg?resize=1024%2C683&amp;ssl=1 1024w, https:\/\/i0.wp.com\/casadecampoliving.com\/wp-content\/uploads\/2023\/11\/Artisan-Chavon-reopens.jpg?resize=300%2C200&amp;ssl=1 300w, https:\/\/i0.wp.com\/casadecampoliving.com\/wp-content\/uploads\/2023\/11\/Artisan-Chavon-reopens.jpg?resize=768%2C512&amp;ssl=1 768w, https:\/\/i0.wp.com\/casadecampoliving.com\/wp-content\/uploads\/2023\/11\/Artisan-Chavon-reopens.jpg?resize=400%2C267&amp;ssl=1 400w, https:\/\/i0.wp.com\/casadecampoliving.com\/wp-content\/uploads\/2023\/11\/Artisan-Chavon-reopens.jpg?resize=150%2C100&amp;ssl=1 150w, https:\/\/i0.wp.com\/casadecampoliving.com\/wp-content\/uploads\/2023\/11\/Artisan-Chavon-reopens.jpg?w=1200&amp;ssl=1 1200w, https:\/\/i0.wp.com\/casadecampoliving.com\/wp-content\/uploads\/2023\/11\/Artisan-Chavon-reopens-1024x683.jpg?w=370&amp;ssl=1 370w\" sizes=\"auto, (max-width: 1000px) 100vw, 1000px\" \/><\/figure>\n\n\n\n<figure class=\"wp-block-image size-large\"><img data-recalc-dims=\"1\" loading=\"lazy\" decoding=\"async\" width=\"1024\" height=\"683\" data-id=\"524415\" src=\"https:\/\/i0.wp.com\/casadecampoliving.com\/wp-content\/uploads\/2023\/11\/Artisan-Chavon-reopens-36.jpg?resize=1024%2C683&#038;ssl=1\" alt=\"\" class=\"wp-image-524415\" srcset=\"https:\/\/i0.wp.com\/casadecampoliving.com\/wp-content\/uploads\/2023\/11\/Artisan-Chavon-reopens-36.jpg?resize=1024%2C683&amp;ssl=1 1024w, https:\/\/i0.wp.com\/casadecampoliving.com\/wp-content\/uploads\/2023\/11\/Artisan-Chavon-reopens-36.jpg?resize=300%2C200&amp;ssl=1 300w, https:\/\/i0.wp.com\/casadecampoliving.com\/wp-content\/uploads\/2023\/11\/Artisan-Chavon-reopens-36.jpg?resize=768%2C512&amp;ssl=1 768w, https:\/\/i0.wp.com\/casadecampoliving.com\/wp-content\/uploads\/2023\/11\/Artisan-Chavon-reopens-36.jpg?resize=400%2C267&amp;ssl=1 400w, https:\/\/i0.wp.com\/casadecampoliving.com\/wp-content\/uploads\/2023\/11\/Artisan-Chavon-reopens-36.jpg?resize=150%2C100&amp;ssl=1 150w, https:\/\/i0.wp.com\/casadecampoliving.com\/wp-content\/uploads\/2023\/11\/Artisan-Chavon-reopens-36.jpg?w=1200&amp;ssl=1 1200w, https:\/\/i0.wp.com\/casadecampoliving.com\/wp-content\/uploads\/2023\/11\/Artisan-Chavon-reopens-36-1024x683.jpg?w=370&amp;ssl=1 370w\" sizes=\"auto, (max-width: 1000px) 100vw, 1000px\" \/><\/figure>\n\n\n\n<figure class=\"wp-block-image size-large\"><img data-recalc-dims=\"1\" loading=\"lazy\" decoding=\"async\" width=\"1024\" height=\"683\" data-id=\"524471\" src=\"https:\/\/i0.wp.com\/casadecampoliving.com\/wp-content\/uploads\/2023\/11\/Artisan-Chavon-reopens-35.jpg?resize=1024%2C683&#038;ssl=1\" alt=\"\" class=\"wp-image-524471\" srcset=\"https:\/\/i0.wp.com\/casadecampoliving.com\/wp-content\/uploads\/2023\/11\/Artisan-Chavon-reopens-35.jpg?resize=1024%2C683&amp;ssl=1 1024w, https:\/\/i0.wp.com\/casadecampoliving.com\/wp-content\/uploads\/2023\/11\/Artisan-Chavon-reopens-35.jpg?resize=300%2C200&amp;ssl=1 300w, https:\/\/i0.wp.com\/casadecampoliving.com\/wp-content\/uploads\/2023\/11\/Artisan-Chavon-reopens-35.jpg?resize=768%2C512&amp;ssl=1 768w, https:\/\/i0.wp.com\/casadecampoliving.com\/wp-content\/uploads\/2023\/11\/Artisan-Chavon-reopens-35.jpg?resize=400%2C267&amp;ssl=1 400w, https:\/\/i0.wp.com\/casadecampoliving.com\/wp-content\/uploads\/2023\/11\/Artisan-Chavon-reopens-35.jpg?resize=150%2C100&amp;ssl=1 150w, https:\/\/i0.wp.com\/casadecampoliving.com\/wp-content\/uploads\/2023\/11\/Artisan-Chavon-reopens-35.jpg?w=1200&amp;ssl=1 1200w, https:\/\/i0.wp.com\/casadecampoliving.com\/wp-content\/uploads\/2023\/11\/Artisan-Chavon-reopens-35-1024x683.jpg?w=370&amp;ssl=1 370w\" sizes=\"auto, (max-width: 1000px) 100vw, 1000px\" \/><\/figure>\n\n\n\n<figure class=\"wp-block-image size-large\"><img data-recalc-dims=\"1\" loading=\"lazy\" decoding=\"async\" width=\"1024\" height=\"683\" data-id=\"524486\" src=\"https:\/\/i0.wp.com\/casadecampoliving.com\/wp-content\/uploads\/2023\/11\/Artisan-Chavon-reopens-34.jpg?resize=1024%2C683&#038;ssl=1\" alt=\"\" class=\"wp-image-524486\" srcset=\"https:\/\/i0.wp.com\/casadecampoliving.com\/wp-content\/uploads\/2023\/11\/Artisan-Chavon-reopens-34.jpg?resize=1024%2C683&amp;ssl=1 1024w, https:\/\/i0.wp.com\/casadecampoliving.com\/wp-content\/uploads\/2023\/11\/Artisan-Chavon-reopens-34.jpg?resize=300%2C200&amp;ssl=1 300w, https:\/\/i0.wp.com\/casadecampoliving.com\/wp-content\/uploads\/2023\/11\/Artisan-Chavon-reopens-34.jpg?resize=768%2C512&amp;ssl=1 768w, https:\/\/i0.wp.com\/casadecampoliving.com\/wp-content\/uploads\/2023\/11\/Artisan-Chavon-reopens-34.jpg?resize=400%2C267&amp;ssl=1 400w, https:\/\/i0.wp.com\/casadecampoliving.com\/wp-content\/uploads\/2023\/11\/Artisan-Chavon-reopens-34.jpg?resize=150%2C100&amp;ssl=1 150w, https:\/\/i0.wp.com\/casadecampoliving.com\/wp-content\/uploads\/2023\/11\/Artisan-Chavon-reopens-34.jpg?w=1200&amp;ssl=1 1200w, https:\/\/i0.wp.com\/casadecampoliving.com\/wp-content\/uploads\/2023\/11\/Artisan-Chavon-reopens-34-1024x683.jpg?w=370&amp;ssl=1 370w\" sizes=\"auto, (max-width: 1000px) 100vw, 1000px\" \/><\/figure>\n\n\n\n<figure class=\"wp-block-image size-large\"><img data-recalc-dims=\"1\" loading=\"lazy\" decoding=\"async\" width=\"1024\" height=\"683\" data-id=\"524467\" src=\"https:\/\/i0.wp.com\/casadecampoliving.com\/wp-content\/uploads\/2023\/11\/Artisan-Chavon-reopens-33.jpg?resize=1024%2C683&#038;ssl=1\" alt=\"\" class=\"wp-image-524467\" srcset=\"https:\/\/i0.wp.com\/casadecampoliving.com\/wp-content\/uploads\/2023\/11\/Artisan-Chavon-reopens-33.jpg?resize=1024%2C683&amp;ssl=1 1024w, https:\/\/i0.wp.com\/casadecampoliving.com\/wp-content\/uploads\/2023\/11\/Artisan-Chavon-reopens-33.jpg?resize=300%2C200&amp;ssl=1 300w, https:\/\/i0.wp.com\/casadecampoliving.com\/wp-content\/uploads\/2023\/11\/Artisan-Chavon-reopens-33.jpg?resize=768%2C512&amp;ssl=1 768w, https:\/\/i0.wp.com\/casadecampoliving.com\/wp-content\/uploads\/2023\/11\/Artisan-Chavon-reopens-33.jpg?resize=400%2C267&amp;ssl=1 400w, https:\/\/i0.wp.com\/casadecampoliving.com\/wp-content\/uploads\/2023\/11\/Artisan-Chavon-reopens-33.jpg?resize=150%2C100&amp;ssl=1 150w, https:\/\/i0.wp.com\/casadecampoliving.com\/wp-content\/uploads\/2023\/11\/Artisan-Chavon-reopens-33.jpg?w=1200&amp;ssl=1 1200w, https:\/\/i0.wp.com\/casadecampoliving.com\/wp-content\/uploads\/2023\/11\/Artisan-Chavon-reopens-33-1024x683.jpg?w=370&amp;ssl=1 370w\" sizes=\"auto, (max-width: 1000px) 100vw, 1000px\" \/><\/figure>\n\n\n\n<figure class=\"wp-block-image size-large\"><img data-recalc-dims=\"1\" loading=\"lazy\" decoding=\"async\" width=\"1024\" height=\"683\" data-id=\"524433\" src=\"https:\/\/i0.wp.com\/casadecampoliving.com\/wp-content\/uploads\/2023\/11\/Artisan-Chavon-reopens-31.jpg?resize=1024%2C683&#038;ssl=1\" alt=\"\" class=\"wp-image-524433\" srcset=\"https:\/\/i0.wp.com\/casadecampoliving.com\/wp-content\/uploads\/2023\/11\/Artisan-Chavon-reopens-31.jpg?resize=1024%2C683&amp;ssl=1 1024w, https:\/\/i0.wp.com\/casadecampoliving.com\/wp-content\/uploads\/2023\/11\/Artisan-Chavon-reopens-31.jpg?resize=300%2C200&amp;ssl=1 300w, https:\/\/i0.wp.com\/casadecampoliving.com\/wp-content\/uploads\/2023\/11\/Artisan-Chavon-reopens-31.jpg?resize=768%2C512&amp;ssl=1 768w, https:\/\/i0.wp.com\/casadecampoliving.com\/wp-content\/uploads\/2023\/11\/Artisan-Chavon-reopens-31.jpg?resize=400%2C267&amp;ssl=1 400w, https:\/\/i0.wp.com\/casadecampoliving.com\/wp-content\/uploads\/2023\/11\/Artisan-Chavon-reopens-31.jpg?resize=150%2C100&amp;ssl=1 150w, https:\/\/i0.wp.com\/casadecampoliving.com\/wp-content\/uploads\/2023\/11\/Artisan-Chavon-reopens-31.jpg?w=1200&amp;ssl=1 1200w, https:\/\/i0.wp.com\/casadecampoliving.com\/wp-content\/uploads\/2023\/11\/Artisan-Chavon-reopens-31-1024x683.jpg?w=370&amp;ssl=1 370w\" sizes=\"auto, (max-width: 1000px) 100vw, 1000px\" \/><\/figure>\n\n\n\n<figure class=\"wp-block-image size-large\"><img data-recalc-dims=\"1\" loading=\"lazy\" decoding=\"async\" width=\"1024\" height=\"683\" data-id=\"524468\" src=\"https:\/\/i0.wp.com\/casadecampoliving.com\/wp-content\/uploads\/2023\/11\/Artisan-Chavon-reopens-30.jpg?resize=1024%2C683&#038;ssl=1\" alt=\"\" class=\"wp-image-524468\" srcset=\"https:\/\/i0.wp.com\/casadecampoliving.com\/wp-content\/uploads\/2023\/11\/Artisan-Chavon-reopens-30.jpg?resize=1024%2C683&amp;ssl=1 1024w, https:\/\/i0.wp.com\/casadecampoliving.com\/wp-content\/uploads\/2023\/11\/Artisan-Chavon-reopens-30.jpg?resize=300%2C200&amp;ssl=1 300w, https:\/\/i0.wp.com\/casadecampoliving.com\/wp-content\/uploads\/2023\/11\/Artisan-Chavon-reopens-30.jpg?resize=768%2C512&amp;ssl=1 768w, https:\/\/i0.wp.com\/casadecampoliving.com\/wp-content\/uploads\/2023\/11\/Artisan-Chavon-reopens-30.jpg?resize=400%2C267&amp;ssl=1 400w, https:\/\/i0.wp.com\/casadecampoliving.com\/wp-content\/uploads\/2023\/11\/Artisan-Chavon-reopens-30.jpg?resize=150%2C100&amp;ssl=1 150w, https:\/\/i0.wp.com\/casadecampoliving.com\/wp-content\/uploads\/2023\/11\/Artisan-Chavon-reopens-30.jpg?w=1200&amp;ssl=1 1200w, https:\/\/i0.wp.com\/casadecampoliving.com\/wp-content\/uploads\/2023\/11\/Artisan-Chavon-reopens-30-1024x683.jpg?w=370&amp;ssl=1 370w\" sizes=\"auto, (max-width: 1000px) 100vw, 1000px\" \/><\/figure>\n\n\n\n<figure class=\"wp-block-image size-large\"><img data-recalc-dims=\"1\" loading=\"lazy\" decoding=\"async\" width=\"1024\" height=\"683\" data-id=\"524451\" src=\"https:\/\/i0.wp.com\/casadecampoliving.com\/wp-content\/uploads\/2023\/11\/Artisan-Chavon-reopens-29.jpg?resize=1024%2C683&#038;ssl=1\" alt=\"\" class=\"wp-image-524451\" srcset=\"https:\/\/i0.wp.com\/casadecampoliving.com\/wp-content\/uploads\/2023\/11\/Artisan-Chavon-reopens-29.jpg?resize=1024%2C683&amp;ssl=1 1024w, https:\/\/i0.wp.com\/casadecampoliving.com\/wp-content\/uploads\/2023\/11\/Artisan-Chavon-reopens-29.jpg?resize=300%2C200&amp;ssl=1 300w, https:\/\/i0.wp.com\/casadecampoliving.com\/wp-content\/uploads\/2023\/11\/Artisan-Chavon-reopens-29.jpg?resize=768%2C512&amp;ssl=1 768w, https:\/\/i0.wp.com\/casadecampoliving.com\/wp-content\/uploads\/2023\/11\/Artisan-Chavon-reopens-29.jpg?resize=400%2C267&amp;ssl=1 400w, https:\/\/i0.wp.com\/casadecampoliving.com\/wp-content\/uploads\/2023\/11\/Artisan-Chavon-reopens-29.jpg?resize=150%2C100&amp;ssl=1 150w, https:\/\/i0.wp.com\/casadecampoliving.com\/wp-content\/uploads\/2023\/11\/Artisan-Chavon-reopens-29.jpg?w=1200&amp;ssl=1 1200w, https:\/\/i0.wp.com\/casadecampoliving.com\/wp-content\/uploads\/2023\/11\/Artisan-Chavon-reopens-29-1024x683.jpg?w=370&amp;ssl=1 370w\" sizes=\"auto, (max-width: 1000px) 100vw, 1000px\" \/><\/figure>\n\n\n\n<figure class=\"wp-block-image size-large\"><img data-recalc-dims=\"1\" loading=\"lazy\" decoding=\"async\" width=\"1024\" height=\"683\" data-id=\"524458\" src=\"https:\/\/i0.wp.com\/casadecampoliving.com\/wp-content\/uploads\/2023\/11\/Artisan-Chavon-reopens-28.jpg?resize=1024%2C683&#038;ssl=1\" alt=\"\" class=\"wp-image-524458\" srcset=\"https:\/\/i0.wp.com\/casadecampoliving.com\/wp-content\/uploads\/2023\/11\/Artisan-Chavon-reopens-28.jpg?resize=1024%2C683&amp;ssl=1 1024w, https:\/\/i0.wp.com\/casadecampoliving.com\/wp-content\/uploads\/2023\/11\/Artisan-Chavon-reopens-28.jpg?resize=300%2C200&amp;ssl=1 300w, https:\/\/i0.wp.com\/casadecampoliving.com\/wp-content\/uploads\/2023\/11\/Artisan-Chavon-reopens-28.jpg?resize=768%2C512&amp;ssl=1 768w, https:\/\/i0.wp.com\/casadecampoliving.com\/wp-content\/uploads\/2023\/11\/Artisan-Chavon-reopens-28.jpg?resize=400%2C267&amp;ssl=1 400w, https:\/\/i0.wp.com\/casadecampoliving.com\/wp-content\/uploads\/2023\/11\/Artisan-Chavon-reopens-28.jpg?resize=150%2C100&amp;ssl=1 150w, https:\/\/i0.wp.com\/casadecampoliving.com\/wp-content\/uploads\/2023\/11\/Artisan-Chavon-reopens-28.jpg?w=1200&amp;ssl=1 1200w, https:\/\/i0.wp.com\/casadecampoliving.com\/wp-content\/uploads\/2023\/11\/Artisan-Chavon-reopens-28-1024x683.jpg?w=370&amp;ssl=1 370w\" sizes=\"auto, (max-width: 1000px) 100vw, 1000px\" \/><\/figure>\n\n\n\n<figure class=\"wp-block-image size-large\"><img data-recalc-dims=\"1\" loading=\"lazy\" decoding=\"async\" width=\"1024\" height=\"683\" data-id=\"524455\" src=\"https:\/\/i0.wp.com\/casadecampoliving.com\/wp-content\/uploads\/2023\/11\/Artisan-Chavon-reopens-26.jpg?resize=1024%2C683&#038;ssl=1\" alt=\"\" class=\"wp-image-524455\" srcset=\"https:\/\/i0.wp.com\/casadecampoliving.com\/wp-content\/uploads\/2023\/11\/Artisan-Chavon-reopens-26.jpg?resize=1024%2C683&amp;ssl=1 1024w, https:\/\/i0.wp.com\/casadecampoliving.com\/wp-content\/uploads\/2023\/11\/Artisan-Chavon-reopens-26.jpg?resize=300%2C200&amp;ssl=1 300w, https:\/\/i0.wp.com\/casadecampoliving.com\/wp-content\/uploads\/2023\/11\/Artisan-Chavon-reopens-26.jpg?resize=768%2C512&amp;ssl=1 768w, https:\/\/i0.wp.com\/casadecampoliving.com\/wp-content\/uploads\/2023\/11\/Artisan-Chavon-reopens-26.jpg?resize=400%2C267&amp;ssl=1 400w, https:\/\/i0.wp.com\/casadecampoliving.com\/wp-content\/uploads\/2023\/11\/Artisan-Chavon-reopens-26.jpg?resize=150%2C100&amp;ssl=1 150w, https:\/\/i0.wp.com\/casadecampoliving.com\/wp-content\/uploads\/2023\/11\/Artisan-Chavon-reopens-26.jpg?w=1200&amp;ssl=1 1200w, https:\/\/i0.wp.com\/casadecampoliving.com\/wp-content\/uploads\/2023\/11\/Artisan-Chavon-reopens-26-1024x683.jpg?w=370&amp;ssl=1 370w\" sizes=\"auto, (max-width: 1000px) 100vw, 1000px\" \/><\/figure>\n\n\n\n<figure class=\"wp-block-image size-large\"><img data-recalc-dims=\"1\" loading=\"lazy\" decoding=\"async\" width=\"1024\" height=\"683\" data-id=\"524441\" src=\"https:\/\/i0.wp.com\/casadecampoliving.com\/wp-content\/uploads\/2023\/11\/Artisan-Chavon-reopens-25.jpg?resize=1024%2C683&#038;ssl=1\" alt=\"\" class=\"wp-image-524441\" srcset=\"https:\/\/i0.wp.com\/casadecampoliving.com\/wp-content\/uploads\/2023\/11\/Artisan-Chavon-reopens-25.jpg?resize=1024%2C683&amp;ssl=1 1024w, https:\/\/i0.wp.com\/casadecampoliving.com\/wp-content\/uploads\/2023\/11\/Artisan-Chavon-reopens-25.jpg?resize=300%2C200&amp;ssl=1 300w, https:\/\/i0.wp.com\/casadecampoliving.com\/wp-content\/uploads\/2023\/11\/Artisan-Chavon-reopens-25.jpg?resize=768%2C512&amp;ssl=1 768w, https:\/\/i0.wp.com\/casadecampoliving.com\/wp-content\/uploads\/2023\/11\/Artisan-Chavon-reopens-25.jpg?resize=400%2C267&amp;ssl=1 400w, https:\/\/i0.wp.com\/casadecampoliving.com\/wp-content\/uploads\/2023\/11\/Artisan-Chavon-reopens-25.jpg?resize=150%2C100&amp;ssl=1 150w, https:\/\/i0.wp.com\/casadecampoliving.com\/wp-content\/uploads\/2023\/11\/Artisan-Chavon-reopens-25.jpg?w=1200&amp;ssl=1 1200w, https:\/\/i0.wp.com\/casadecampoliving.com\/wp-content\/uploads\/2023\/11\/Artisan-Chavon-reopens-25-1024x683.jpg?w=370&amp;ssl=1 370w\" sizes=\"auto, (max-width: 1000px) 100vw, 1000px\" \/><\/figure>\n\n\n\n<figure class=\"wp-block-image size-large\"><img data-recalc-dims=\"1\" loading=\"lazy\" decoding=\"async\" width=\"1024\" height=\"683\" data-id=\"524421\" src=\"https:\/\/i0.wp.com\/casadecampoliving.com\/wp-content\/uploads\/2023\/11\/Artisan-Chavon-reopens-24.jpg?resize=1024%2C683&#038;ssl=1\" alt=\"\" class=\"wp-image-524421\" srcset=\"https:\/\/i0.wp.com\/casadecampoliving.com\/wp-content\/uploads\/2023\/11\/Artisan-Chavon-reopens-24.jpg?resize=1024%2C683&amp;ssl=1 1024w, https:\/\/i0.wp.com\/casadecampoliving.com\/wp-content\/uploads\/2023\/11\/Artisan-Chavon-reopens-24.jpg?resize=300%2C200&amp;ssl=1 300w, https:\/\/i0.wp.com\/casadecampoliving.com\/wp-content\/uploads\/2023\/11\/Artisan-Chavon-reopens-24.jpg?resize=768%2C512&amp;ssl=1 768w, https:\/\/i0.wp.com\/casadecampoliving.com\/wp-content\/uploads\/2023\/11\/Artisan-Chavon-reopens-24.jpg?resize=400%2C267&amp;ssl=1 400w, https:\/\/i0.wp.com\/casadecampoliving.com\/wp-content\/uploads\/2023\/11\/Artisan-Chavon-reopens-24.jpg?resize=150%2C100&amp;ssl=1 150w, https:\/\/i0.wp.com\/casadecampoliving.com\/wp-content\/uploads\/2023\/11\/Artisan-Chavon-reopens-24.jpg?w=1200&amp;ssl=1 1200w, https:\/\/i0.wp.com\/casadecampoliving.com\/wp-content\/uploads\/2023\/11\/Artisan-Chavon-reopens-24-1024x683.jpg?w=370&amp;ssl=1 370w\" sizes=\"auto, (max-width: 1000px) 100vw, 1000px\" \/><\/figure>\n\n\n\n<figure class=\"wp-block-image size-large\"><img data-recalc-dims=\"1\" loading=\"lazy\" decoding=\"async\" width=\"1024\" height=\"683\" data-id=\"524445\" src=\"https:\/\/i0.wp.com\/casadecampoliving.com\/wp-content\/uploads\/2023\/11\/Artisan-Chavon-reopens-23.jpg?resize=1024%2C683&#038;ssl=1\" alt=\"\" class=\"wp-image-524445\" srcset=\"https:\/\/i0.wp.com\/casadecampoliving.com\/wp-content\/uploads\/2023\/11\/Artisan-Chavon-reopens-23.jpg?resize=1024%2C683&amp;ssl=1 1024w, https:\/\/i0.wp.com\/casadecampoliving.com\/wp-content\/uploads\/2023\/11\/Artisan-Chavon-reopens-23.jpg?resize=300%2C200&amp;ssl=1 300w, https:\/\/i0.wp.com\/casadecampoliving.com\/wp-content\/uploads\/2023\/11\/Artisan-Chavon-reopens-23.jpg?resize=768%2C512&amp;ssl=1 768w, https:\/\/i0.wp.com\/casadecampoliving.com\/wp-content\/uploads\/2023\/11\/Artisan-Chavon-reopens-23.jpg?resize=400%2C267&amp;ssl=1 400w, https:\/\/i0.wp.com\/casadecampoliving.com\/wp-content\/uploads\/2023\/11\/Artisan-Chavon-reopens-23.jpg?resize=150%2C100&amp;ssl=1 150w, https:\/\/i0.wp.com\/casadecampoliving.com\/wp-content\/uploads\/2023\/11\/Artisan-Chavon-reopens-23.jpg?w=1200&amp;ssl=1 1200w, https:\/\/i0.wp.com\/casadecampoliving.com\/wp-content\/uploads\/2023\/11\/Artisan-Chavon-reopens-23-1024x683.jpg?w=370&amp;ssl=1 370w\" sizes=\"auto, (max-width: 1000px) 100vw, 1000px\" \/><\/figure>\n\n\n\n<figure class=\"wp-block-image size-large\"><img data-recalc-dims=\"1\" loading=\"lazy\" decoding=\"async\" width=\"1024\" height=\"683\" data-id=\"524462\" src=\"https:\/\/i0.wp.com\/casadecampoliving.com\/wp-content\/uploads\/2023\/11\/Artisan-Chavon-reopens-22.jpg?resize=1024%2C683&#038;ssl=1\" alt=\"\" class=\"wp-image-524462\" srcset=\"https:\/\/i0.wp.com\/casadecampoliving.com\/wp-content\/uploads\/2023\/11\/Artisan-Chavon-reopens-22.jpg?resize=1024%2C683&amp;ssl=1 1024w, https:\/\/i0.wp.com\/casadecampoliving.com\/wp-content\/uploads\/2023\/11\/Artisan-Chavon-reopens-22.jpg?resize=300%2C200&amp;ssl=1 300w, https:\/\/i0.wp.com\/casadecampoliving.com\/wp-content\/uploads\/2023\/11\/Artisan-Chavon-reopens-22.jpg?resize=768%2C512&amp;ssl=1 768w, https:\/\/i0.wp.com\/casadecampoliving.com\/wp-content\/uploads\/2023\/11\/Artisan-Chavon-reopens-22.jpg?resize=400%2C267&amp;ssl=1 400w, https:\/\/i0.wp.com\/casadecampoliving.com\/wp-content\/uploads\/2023\/11\/Artisan-Chavon-reopens-22.jpg?resize=150%2C100&amp;ssl=1 150w, https:\/\/i0.wp.com\/casadecampoliving.com\/wp-content\/uploads\/2023\/11\/Artisan-Chavon-reopens-22.jpg?w=1200&amp;ssl=1 1200w, https:\/\/i0.wp.com\/casadecampoliving.com\/wp-content\/uploads\/2023\/11\/Artisan-Chavon-reopens-22-1024x683.jpg?w=370&amp;ssl=1 370w\" sizes=\"auto, (max-width: 1000px) 100vw, 1000px\" \/><\/figure>\n\n\n\n<figure class=\"wp-block-image size-large\"><img data-recalc-dims=\"1\" loading=\"lazy\" decoding=\"async\" width=\"1024\" height=\"683\" data-id=\"524431\" src=\"https:\/\/i0.wp.com\/casadecampoliving.com\/wp-content\/uploads\/2023\/11\/Artisan-Chavon-reopens-21.jpg?resize=1024%2C683&#038;ssl=1\" alt=\"\" class=\"wp-image-524431\" srcset=\"https:\/\/i0.wp.com\/casadecampoliving.com\/wp-content\/uploads\/2023\/11\/Artisan-Chavon-reopens-21.jpg?resize=1024%2C683&amp;ssl=1 1024w, https:\/\/i0.wp.com\/casadecampoliving.com\/wp-content\/uploads\/2023\/11\/Artisan-Chavon-reopens-21.jpg?resize=300%2C200&amp;ssl=1 300w, https:\/\/i0.wp.com\/casadecampoliving.com\/wp-content\/uploads\/2023\/11\/Artisan-Chavon-reopens-21.jpg?resize=768%2C512&amp;ssl=1 768w, https:\/\/i0.wp.com\/casadecampoliving.com\/wp-content\/uploads\/2023\/11\/Artisan-Chavon-reopens-21.jpg?resize=400%2C267&amp;ssl=1 400w, https:\/\/i0.wp.com\/casadecampoliving.com\/wp-content\/uploads\/2023\/11\/Artisan-Chavon-reopens-21.jpg?resize=150%2C100&amp;ssl=1 150w, https:\/\/i0.wp.com\/casadecampoliving.com\/wp-content\/uploads\/2023\/11\/Artisan-Chavon-reopens-21.jpg?w=1200&amp;ssl=1 1200w, https:\/\/i0.wp.com\/casadecampoliving.com\/wp-content\/uploads\/2023\/11\/Artisan-Chavon-reopens-21-1024x683.jpg?w=370&amp;ssl=1 370w\" sizes=\"auto, (max-width: 1000px) 100vw, 1000px\" \/><\/figure>\n\n\n\n<figure class=\"wp-block-image size-large\"><img data-recalc-dims=\"1\" loading=\"lazy\" decoding=\"async\" width=\"1024\" height=\"683\" data-id=\"524480\" src=\"https:\/\/i0.wp.com\/casadecampoliving.com\/wp-content\/uploads\/2023\/11\/Artisan-Chavon-reopens-20.jpg?resize=1024%2C683&#038;ssl=1\" alt=\"\" class=\"wp-image-524480\" srcset=\"https:\/\/i0.wp.com\/casadecampoliving.com\/wp-content\/uploads\/2023\/11\/Artisan-Chavon-reopens-20.jpg?resize=1024%2C683&amp;ssl=1 1024w, https:\/\/i0.wp.com\/casadecampoliving.com\/wp-content\/uploads\/2023\/11\/Artisan-Chavon-reopens-20.jpg?resize=300%2C200&amp;ssl=1 300w, https:\/\/i0.wp.com\/casadecampoliving.com\/wp-content\/uploads\/2023\/11\/Artisan-Chavon-reopens-20.jpg?resize=768%2C512&amp;ssl=1 768w, https:\/\/i0.wp.com\/casadecampoliving.com\/wp-content\/uploads\/2023\/11\/Artisan-Chavon-reopens-20.jpg?resize=400%2C267&amp;ssl=1 400w, https:\/\/i0.wp.com\/casadecampoliving.com\/wp-content\/uploads\/2023\/11\/Artisan-Chavon-reopens-20.jpg?resize=150%2C100&amp;ssl=1 150w, https:\/\/i0.wp.com\/casadecampoliving.com\/wp-content\/uploads\/2023\/11\/Artisan-Chavon-reopens-20.jpg?w=1200&amp;ssl=1 1200w, https:\/\/i0.wp.com\/casadecampoliving.com\/wp-content\/uploads\/2023\/11\/Artisan-Chavon-reopens-20-1024x683.jpg?w=370&amp;ssl=1 370w\" sizes=\"auto, (max-width: 1000px) 100vw, 1000px\" \/><\/figure>\n\n\n\n<figure class=\"wp-block-image size-large\"><img data-recalc-dims=\"1\" loading=\"lazy\" decoding=\"async\" width=\"1024\" height=\"683\" data-id=\"524439\" src=\"https:\/\/i0.wp.com\/casadecampoliving.com\/wp-content\/uploads\/2023\/11\/Artisan-Chavon-reopens-19.jpg?resize=1024%2C683&#038;ssl=1\" alt=\"\" class=\"wp-image-524439\" srcset=\"https:\/\/i0.wp.com\/casadecampoliving.com\/wp-content\/uploads\/2023\/11\/Artisan-Chavon-reopens-19.jpg?resize=1024%2C683&amp;ssl=1 1024w, https:\/\/i0.wp.com\/casadecampoliving.com\/wp-content\/uploads\/2023\/11\/Artisan-Chavon-reopens-19.jpg?resize=300%2C200&amp;ssl=1 300w, https:\/\/i0.wp.com\/casadecampoliving.com\/wp-content\/uploads\/2023\/11\/Artisan-Chavon-reopens-19.jpg?resize=768%2C512&amp;ssl=1 768w, https:\/\/i0.wp.com\/casadecampoliving.com\/wp-content\/uploads\/2023\/11\/Artisan-Chavon-reopens-19.jpg?resize=400%2C267&amp;ssl=1 400w, https:\/\/i0.wp.com\/casadecampoliving.com\/wp-content\/uploads\/2023\/11\/Artisan-Chavon-reopens-19.jpg?resize=150%2C100&amp;ssl=1 150w, https:\/\/i0.wp.com\/casadecampoliving.com\/wp-content\/uploads\/2023\/11\/Artisan-Chavon-reopens-19.jpg?w=1200&amp;ssl=1 1200w, https:\/\/i0.wp.com\/casadecampoliving.com\/wp-content\/uploads\/2023\/11\/Artisan-Chavon-reopens-19-1024x683.jpg?w=370&amp;ssl=1 370w\" sizes=\"auto, (max-width: 1000px) 100vw, 1000px\" \/><\/figure>\n\n\n\n<figure class=\"wp-block-image size-large\"><img data-recalc-dims=\"1\" loading=\"lazy\" decoding=\"async\" width=\"1024\" height=\"683\" data-id=\"524435\" src=\"https:\/\/i0.wp.com\/casadecampoliving.com\/wp-content\/uploads\/2023\/11\/Artisan-Chavon-reopens-18.jpg?resize=1024%2C683&#038;ssl=1\" alt=\"\" class=\"wp-image-524435\" srcset=\"https:\/\/i0.wp.com\/casadecampoliving.com\/wp-content\/uploads\/2023\/11\/Artisan-Chavon-reopens-18.jpg?resize=1024%2C683&amp;ssl=1 1024w, https:\/\/i0.wp.com\/casadecampoliving.com\/wp-content\/uploads\/2023\/11\/Artisan-Chavon-reopens-18.jpg?resize=300%2C200&amp;ssl=1 300w, https:\/\/i0.wp.com\/casadecampoliving.com\/wp-content\/uploads\/2023\/11\/Artisan-Chavon-reopens-18.jpg?resize=768%2C512&amp;ssl=1 768w, https:\/\/i0.wp.com\/casadecampoliving.com\/wp-content\/uploads\/2023\/11\/Artisan-Chavon-reopens-18.jpg?resize=400%2C267&amp;ssl=1 400w, https:\/\/i0.wp.com\/casadecampoliving.com\/wp-content\/uploads\/2023\/11\/Artisan-Chavon-reopens-18.jpg?resize=150%2C100&amp;ssl=1 150w, https:\/\/i0.wp.com\/casadecampoliving.com\/wp-content\/uploads\/2023\/11\/Artisan-Chavon-reopens-18.jpg?w=1200&amp;ssl=1 1200w, https:\/\/i0.wp.com\/casadecampoliving.com\/wp-content\/uploads\/2023\/11\/Artisan-Chavon-reopens-18-1024x683.jpg?w=370&amp;ssl=1 370w\" sizes=\"auto, (max-width: 1000px) 100vw, 1000px\" \/><\/figure>\n\n\n\n<figure class=\"wp-block-image size-large\"><img data-recalc-dims=\"1\" loading=\"lazy\" decoding=\"async\" width=\"1024\" height=\"683\" data-id=\"524425\" src=\"https:\/\/i0.wp.com\/casadecampoliving.com\/wp-content\/uploads\/2023\/11\/Artisan-Chavon-reopens-17.jpg?resize=1024%2C683&#038;ssl=1\" alt=\"\" class=\"wp-image-524425\" srcset=\"https:\/\/i0.wp.com\/casadecampoliving.com\/wp-content\/uploads\/2023\/11\/Artisan-Chavon-reopens-17.jpg?resize=1024%2C683&amp;ssl=1 1024w, https:\/\/i0.wp.com\/casadecampoliving.com\/wp-content\/uploads\/2023\/11\/Artisan-Chavon-reopens-17.jpg?resize=300%2C200&amp;ssl=1 300w, https:\/\/i0.wp.com\/casadecampoliving.com\/wp-content\/uploads\/2023\/11\/Artisan-Chavon-reopens-17.jpg?resize=768%2C512&amp;ssl=1 768w, https:\/\/i0.wp.com\/casadecampoliving.com\/wp-content\/uploads\/2023\/11\/Artisan-Chavon-reopens-17.jpg?resize=400%2C267&amp;ssl=1 400w, https:\/\/i0.wp.com\/casadecampoliving.com\/wp-content\/uploads\/2023\/11\/Artisan-Chavon-reopens-17.jpg?resize=150%2C100&amp;ssl=1 150w, https:\/\/i0.wp.com\/casadecampoliving.com\/wp-content\/uploads\/2023\/11\/Artisan-Chavon-reopens-17.jpg?w=1200&amp;ssl=1 1200w, https:\/\/i0.wp.com\/casadecampoliving.com\/wp-content\/uploads\/2023\/11\/Artisan-Chavon-reopens-17-1024x683.jpg?w=370&amp;ssl=1 370w\" sizes=\"auto, (max-width: 1000px) 100vw, 1000px\" \/><\/figure>\n\n\n\n<figure class=\"wp-block-image size-large\"><img data-recalc-dims=\"1\" loading=\"lazy\" decoding=\"async\" width=\"1024\" height=\"683\" data-id=\"524446\" src=\"https:\/\/i0.wp.com\/casadecampoliving.com\/wp-content\/uploads\/2023\/11\/Artisan-Chavon-reopens-14.jpg?resize=1024%2C683&#038;ssl=1\" alt=\"\" class=\"wp-image-524446\" srcset=\"https:\/\/i0.wp.com\/casadecampoliving.com\/wp-content\/uploads\/2023\/11\/Artisan-Chavon-reopens-14.jpg?resize=1024%2C683&amp;ssl=1 1024w, https:\/\/i0.wp.com\/casadecampoliving.com\/wp-content\/uploads\/2023\/11\/Artisan-Chavon-reopens-14.jpg?resize=300%2C200&amp;ssl=1 300w, https:\/\/i0.wp.com\/casadecampoliving.com\/wp-content\/uploads\/2023\/11\/Artisan-Chavon-reopens-14.jpg?resize=768%2C512&amp;ssl=1 768w, https:\/\/i0.wp.com\/casadecampoliving.com\/wp-content\/uploads\/2023\/11\/Artisan-Chavon-reopens-14.jpg?resize=400%2C267&amp;ssl=1 400w, https:\/\/i0.wp.com\/casadecampoliving.com\/wp-content\/uploads\/2023\/11\/Artisan-Chavon-reopens-14.jpg?resize=150%2C100&amp;ssl=1 150w, https:\/\/i0.wp.com\/casadecampoliving.com\/wp-content\/uploads\/2023\/11\/Artisan-Chavon-reopens-14.jpg?w=1200&amp;ssl=1 1200w, https:\/\/i0.wp.com\/casadecampoliving.com\/wp-content\/uploads\/2023\/11\/Artisan-Chavon-reopens-14-1024x683.jpg?w=370&amp;ssl=1 370w\" sizes=\"auto, (max-width: 1000px) 100vw, 1000px\" \/><\/figure>\n\n\n\n<figure class=\"wp-block-image size-large\"><img data-recalc-dims=\"1\" loading=\"lazy\" decoding=\"async\" width=\"1024\" height=\"683\" data-id=\"524442\" src=\"https:\/\/i0.wp.com\/casadecampoliving.com\/wp-content\/uploads\/2023\/11\/Artisan-Chavon-reopens-13.jpg?resize=1024%2C683&#038;ssl=1\" alt=\"\" class=\"wp-image-524442\" srcset=\"https:\/\/i0.wp.com\/casadecampoliving.com\/wp-content\/uploads\/2023\/11\/Artisan-Chavon-reopens-13.jpg?resize=1024%2C683&amp;ssl=1 1024w, https:\/\/i0.wp.com\/casadecampoliving.com\/wp-content\/uploads\/2023\/11\/Artisan-Chavon-reopens-13.jpg?resize=300%2C200&amp;ssl=1 300w, https:\/\/i0.wp.com\/casadecampoliving.com\/wp-content\/uploads\/2023\/11\/Artisan-Chavon-reopens-13.jpg?resize=768%2C512&amp;ssl=1 768w, https:\/\/i0.wp.com\/casadecampoliving.com\/wp-content\/uploads\/2023\/11\/Artisan-Chavon-reopens-13.jpg?resize=400%2C267&amp;ssl=1 400w, https:\/\/i0.wp.com\/casadecampoliving.com\/wp-content\/uploads\/2023\/11\/Artisan-Chavon-reopens-13.jpg?resize=150%2C100&amp;ssl=1 150w, https:\/\/i0.wp.com\/casadecampoliving.com\/wp-content\/uploads\/2023\/11\/Artisan-Chavon-reopens-13.jpg?w=1200&amp;ssl=1 1200w, https:\/\/i0.wp.com\/casadecampoliving.com\/wp-content\/uploads\/2023\/11\/Artisan-Chavon-reopens-13-1024x683.jpg?w=370&amp;ssl=1 370w\" sizes=\"auto, (max-width: 1000px) 100vw, 1000px\" \/><\/figure>\n\n\n\n<figure class=\"wp-block-image size-large\"><img data-recalc-dims=\"1\" loading=\"lazy\" decoding=\"async\" width=\"1024\" height=\"683\" data-id=\"524419\" src=\"https:\/\/i0.wp.com\/casadecampoliving.com\/wp-content\/uploads\/2023\/11\/Artisan-Chavon-reopens-12.jpg?resize=1024%2C683&#038;ssl=1\" alt=\"\" class=\"wp-image-524419\" srcset=\"https:\/\/i0.wp.com\/casadecampoliving.com\/wp-content\/uploads\/2023\/11\/Artisan-Chavon-reopens-12.jpg?resize=1024%2C683&amp;ssl=1 1024w, https:\/\/i0.wp.com\/casadecampoliving.com\/wp-content\/uploads\/2023\/11\/Artisan-Chavon-reopens-12.jpg?resize=300%2C200&amp;ssl=1 300w, https:\/\/i0.wp.com\/casadecampoliving.com\/wp-content\/uploads\/2023\/11\/Artisan-Chavon-reopens-12.jpg?resize=768%2C512&amp;ssl=1 768w, https:\/\/i0.wp.com\/casadecampoliving.com\/wp-content\/uploads\/2023\/11\/Artisan-Chavon-reopens-12.jpg?resize=400%2C267&amp;ssl=1 400w, https:\/\/i0.wp.com\/casadecampoliving.com\/wp-content\/uploads\/2023\/11\/Artisan-Chavon-reopens-12.jpg?resize=150%2C100&amp;ssl=1 150w, https:\/\/i0.wp.com\/casadecampoliving.com\/wp-content\/uploads\/2023\/11\/Artisan-Chavon-reopens-12.jpg?w=1200&amp;ssl=1 1200w, https:\/\/i0.wp.com\/casadecampoliving.com\/wp-content\/uploads\/2023\/11\/Artisan-Chavon-reopens-12-1024x683.jpg?w=370&amp;ssl=1 370w\" sizes=\"auto, (max-width: 1000px) 100vw, 1000px\" \/><\/figure>\n\n\n\n<figure class=\"wp-block-image size-large\"><img data-recalc-dims=\"1\" loading=\"lazy\" decoding=\"async\" width=\"1024\" height=\"683\" data-id=\"524423\" src=\"https:\/\/i0.wp.com\/casadecampoliving.com\/wp-content\/uploads\/2023\/11\/Artisan-Chavon-reopens-11.jpg?resize=1024%2C683&#038;ssl=1\" alt=\"\" class=\"wp-image-524423\" srcset=\"https:\/\/i0.wp.com\/casadecampoliving.com\/wp-content\/uploads\/2023\/11\/Artisan-Chavon-reopens-11.jpg?resize=1024%2C683&amp;ssl=1 1024w, https:\/\/i0.wp.com\/casadecampoliving.com\/wp-content\/uploads\/2023\/11\/Artisan-Chavon-reopens-11.jpg?resize=300%2C200&amp;ssl=1 300w, https:\/\/i0.wp.com\/casadecampoliving.com\/wp-content\/uploads\/2023\/11\/Artisan-Chavon-reopens-11.jpg?resize=768%2C512&amp;ssl=1 768w, https:\/\/i0.wp.com\/casadecampoliving.com\/wp-content\/uploads\/2023\/11\/Artisan-Chavon-reopens-11.jpg?resize=400%2C267&amp;ssl=1 400w, https:\/\/i0.wp.com\/casadecampoliving.com\/wp-content\/uploads\/2023\/11\/Artisan-Chavon-reopens-11.jpg?resize=150%2C100&amp;ssl=1 150w, https:\/\/i0.wp.com\/casadecampoliving.com\/wp-content\/uploads\/2023\/11\/Artisan-Chavon-reopens-11.jpg?w=1200&amp;ssl=1 1200w, https:\/\/i0.wp.com\/casadecampoliving.com\/wp-content\/uploads\/2023\/11\/Artisan-Chavon-reopens-11-1024x683.jpg?w=370&amp;ssl=1 370w\" sizes=\"auto, (max-width: 1000px) 100vw, 1000px\" \/><\/figure>\n\n\n\n<figure class=\"wp-block-image size-large\"><img data-recalc-dims=\"1\" loading=\"lazy\" decoding=\"async\" width=\"1024\" height=\"683\" data-id=\"524450\" src=\"https:\/\/i0.wp.com\/casadecampoliving.com\/wp-content\/uploads\/2023\/11\/Artisan-Chavon-reopens-10.jpg?resize=1024%2C683&#038;ssl=1\" alt=\"\" class=\"wp-image-524450\" srcset=\"https:\/\/i0.wp.com\/casadecampoliving.com\/wp-content\/uploads\/2023\/11\/Artisan-Chavon-reopens-10.jpg?resize=1024%2C683&amp;ssl=1 1024w, https:\/\/i0.wp.com\/casadecampoliving.com\/wp-content\/uploads\/2023\/11\/Artisan-Chavon-reopens-10.jpg?resize=300%2C200&amp;ssl=1 300w, https:\/\/i0.wp.com\/casadecampoliving.com\/wp-content\/uploads\/2023\/11\/Artisan-Chavon-reopens-10.jpg?resize=768%2C512&amp;ssl=1 768w, https:\/\/i0.wp.com\/casadecampoliving.com\/wp-content\/uploads\/2023\/11\/Artisan-Chavon-reopens-10.jpg?resize=400%2C267&amp;ssl=1 400w, https:\/\/i0.wp.com\/casadecampoliving.com\/wp-content\/uploads\/2023\/11\/Artisan-Chavon-reopens-10.jpg?resize=150%2C100&amp;ssl=1 150w, https:\/\/i0.wp.com\/casadecampoliving.com\/wp-content\/uploads\/2023\/11\/Artisan-Chavon-reopens-10.jpg?w=1200&amp;ssl=1 1200w, https:\/\/i0.wp.com\/casadecampoliving.com\/wp-content\/uploads\/2023\/11\/Artisan-Chavon-reopens-10-1024x683.jpg?w=370&amp;ssl=1 370w\" sizes=\"auto, (max-width: 1000px) 100vw, 1000px\" \/><\/figure>\n\n\n\n<figure class=\"wp-block-image size-large\"><img data-recalc-dims=\"1\" loading=\"lazy\" decoding=\"async\" width=\"1024\" height=\"683\" data-id=\"524426\" src=\"https:\/\/i0.wp.com\/casadecampoliving.com\/wp-content\/uploads\/2023\/11\/Artisan-Chavon-reopens-9.jpg?resize=1024%2C683&#038;ssl=1\" alt=\"\" class=\"wp-image-524426\" srcset=\"https:\/\/i0.wp.com\/casadecampoliving.com\/wp-content\/uploads\/2023\/11\/Artisan-Chavon-reopens-9.jpg?resize=1024%2C683&amp;ssl=1 1024w, https:\/\/i0.wp.com\/casadecampoliving.com\/wp-content\/uploads\/2023\/11\/Artisan-Chavon-reopens-9.jpg?resize=300%2C200&amp;ssl=1 300w, https:\/\/i0.wp.com\/casadecampoliving.com\/wp-content\/uploads\/2023\/11\/Artisan-Chavon-reopens-9.jpg?resize=768%2C512&amp;ssl=1 768w, https:\/\/i0.wp.com\/casadecampoliving.com\/wp-content\/uploads\/2023\/11\/Artisan-Chavon-reopens-9.jpg?resize=400%2C267&amp;ssl=1 400w, https:\/\/i0.wp.com\/casadecampoliving.com\/wp-content\/uploads\/2023\/11\/Artisan-Chavon-reopens-9.jpg?resize=150%2C100&amp;ssl=1 150w, https:\/\/i0.wp.com\/casadecampoliving.com\/wp-content\/uploads\/2023\/11\/Artisan-Chavon-reopens-9.jpg?w=1200&amp;ssl=1 1200w, https:\/\/i0.wp.com\/casadecampoliving.com\/wp-content\/uploads\/2023\/11\/Artisan-Chavon-reopens-9-1024x683.jpg?w=370&amp;ssl=1 370w\" sizes=\"auto, (max-width: 1000px) 100vw, 1000px\" \/><\/figure>\n\n\n\n<figure class=\"wp-block-image size-large\"><img data-recalc-dims=\"1\" loading=\"lazy\" decoding=\"async\" width=\"1024\" height=\"683\" data-id=\"524417\" src=\"https:\/\/i0.wp.com\/casadecampoliving.com\/wp-content\/uploads\/2023\/11\/Artisan-Chavon-reopens-8.jpg?resize=1024%2C683&#038;ssl=1\" alt=\"\" class=\"wp-image-524417\" srcset=\"https:\/\/i0.wp.com\/casadecampoliving.com\/wp-content\/uploads\/2023\/11\/Artisan-Chavon-reopens-8.jpg?resize=1024%2C683&amp;ssl=1 1024w, https:\/\/i0.wp.com\/casadecampoliving.com\/wp-content\/uploads\/2023\/11\/Artisan-Chavon-reopens-8.jpg?resize=300%2C200&amp;ssl=1 300w, https:\/\/i0.wp.com\/casadecampoliving.com\/wp-content\/uploads\/2023\/11\/Artisan-Chavon-reopens-8.jpg?resize=768%2C512&amp;ssl=1 768w, https:\/\/i0.wp.com\/casadecampoliving.com\/wp-content\/uploads\/2023\/11\/Artisan-Chavon-reopens-8.jpg?resize=400%2C267&amp;ssl=1 400w, https:\/\/i0.wp.com\/casadecampoliving.com\/wp-content\/uploads\/2023\/11\/Artisan-Chavon-reopens-8.jpg?resize=150%2C100&amp;ssl=1 150w, https:\/\/i0.wp.com\/casadecampoliving.com\/wp-content\/uploads\/2023\/11\/Artisan-Chavon-reopens-8.jpg?w=1200&amp;ssl=1 1200w, https:\/\/i0.wp.com\/casadecampoliving.com\/wp-content\/uploads\/2023\/11\/Artisan-Chavon-reopens-8-1024x683.jpg?w=370&amp;ssl=1 370w\" sizes=\"auto, (max-width: 1000px) 100vw, 1000px\" \/><\/figure>\n\n\n\n<figure class=\"wp-block-image size-large\"><img data-recalc-dims=\"1\" loading=\"lazy\" decoding=\"async\" width=\"1024\" height=\"683\" data-id=\"524449\" src=\"https:\/\/i0.wp.com\/casadecampoliving.com\/wp-content\/uploads\/2023\/11\/Artisan-Chavon-reopens-7.jpg?resize=1024%2C683&#038;ssl=1\" alt=\"\" class=\"wp-image-524449\" srcset=\"https:\/\/i0.wp.com\/casadecampoliving.com\/wp-content\/uploads\/2023\/11\/Artisan-Chavon-reopens-7.jpg?resize=1024%2C683&amp;ssl=1 1024w, https:\/\/i0.wp.com\/casadecampoliving.com\/wp-content\/uploads\/2023\/11\/Artisan-Chavon-reopens-7.jpg?resize=300%2C200&amp;ssl=1 300w, https:\/\/i0.wp.com\/casadecampoliving.com\/wp-content\/uploads\/2023\/11\/Artisan-Chavon-reopens-7.jpg?resize=768%2C512&amp;ssl=1 768w, https:\/\/i0.wp.com\/casadecampoliving.com\/wp-content\/uploads\/2023\/11\/Artisan-Chavon-reopens-7.jpg?resize=400%2C267&amp;ssl=1 400w, https:\/\/i0.wp.com\/casadecampoliving.com\/wp-content\/uploads\/2023\/11\/Artisan-Chavon-reopens-7.jpg?resize=150%2C100&amp;ssl=1 150w, https:\/\/i0.wp.com\/casadecampoliving.com\/wp-content\/uploads\/2023\/11\/Artisan-Chavon-reopens-7.jpg?w=1200&amp;ssl=1 1200w, https:\/\/i0.wp.com\/casadecampoliving.com\/wp-content\/uploads\/2023\/11\/Artisan-Chavon-reopens-7-1024x683.jpg?w=370&amp;ssl=1 370w\" sizes=\"auto, (max-width: 1000px) 100vw, 1000px\" \/><\/figure>\n\n\n\n<figure class=\"wp-block-image size-large\"><img data-recalc-dims=\"1\" loading=\"lazy\" decoding=\"async\" width=\"1024\" height=\"683\" data-id=\"524437\" src=\"https:\/\/i0.wp.com\/casadecampoliving.com\/wp-content\/uploads\/2023\/11\/Artisan-Chavon-reopens-6.jpg?resize=1024%2C683&#038;ssl=1\" alt=\"\" class=\"wp-image-524437\" srcset=\"https:\/\/i0.wp.com\/casadecampoliving.com\/wp-content\/uploads\/2023\/11\/Artisan-Chavon-reopens-6.jpg?resize=1024%2C683&amp;ssl=1 1024w, https:\/\/i0.wp.com\/casadecampoliving.com\/wp-content\/uploads\/2023\/11\/Artisan-Chavon-reopens-6.jpg?resize=300%2C200&amp;ssl=1 300w, https:\/\/i0.wp.com\/casadecampoliving.com\/wp-content\/uploads\/2023\/11\/Artisan-Chavon-reopens-6.jpg?resize=768%2C512&amp;ssl=1 768w, https:\/\/i0.wp.com\/casadecampoliving.com\/wp-content\/uploads\/2023\/11\/Artisan-Chavon-reopens-6.jpg?resize=400%2C267&amp;ssl=1 400w, https:\/\/i0.wp.com\/casadecampoliving.com\/wp-content\/uploads\/2023\/11\/Artisan-Chavon-reopens-6.jpg?resize=150%2C100&amp;ssl=1 150w, https:\/\/i0.wp.com\/casadecampoliving.com\/wp-content\/uploads\/2023\/11\/Artisan-Chavon-reopens-6.jpg?w=1200&amp;ssl=1 1200w, https:\/\/i0.wp.com\/casadecampoliving.com\/wp-content\/uploads\/2023\/11\/Artisan-Chavon-reopens-6-1024x683.jpg?w=370&amp;ssl=1 370w\" sizes=\"auto, (max-width: 1000px) 100vw, 1000px\" \/><\/figure>\n\n\n\n<figure class=\"wp-block-image size-large\"><img data-recalc-dims=\"1\" loading=\"lazy\" decoding=\"async\" width=\"1024\" height=\"683\" data-id=\"524474\" src=\"https:\/\/i0.wp.com\/casadecampoliving.com\/wp-content\/uploads\/2023\/11\/Artisan-Chavon-reopens-5.jpg?resize=1024%2C683&#038;ssl=1\" alt=\"\" class=\"wp-image-524474\" srcset=\"https:\/\/i0.wp.com\/casadecampoliving.com\/wp-content\/uploads\/2023\/11\/Artisan-Chavon-reopens-5.jpg?resize=1024%2C683&amp;ssl=1 1024w, https:\/\/i0.wp.com\/casadecampoliving.com\/wp-content\/uploads\/2023\/11\/Artisan-Chavon-reopens-5.jpg?resize=300%2C200&amp;ssl=1 300w, https:\/\/i0.wp.com\/casadecampoliving.com\/wp-content\/uploads\/2023\/11\/Artisan-Chavon-reopens-5.jpg?resize=768%2C512&amp;ssl=1 768w, https:\/\/i0.wp.com\/casadecampoliving.com\/wp-content\/uploads\/2023\/11\/Artisan-Chavon-reopens-5.jpg?resize=400%2C267&amp;ssl=1 400w, https:\/\/i0.wp.com\/casadecampoliving.com\/wp-content\/uploads\/2023\/11\/Artisan-Chavon-reopens-5.jpg?resize=150%2C100&amp;ssl=1 150w, https:\/\/i0.wp.com\/casadecampoliving.com\/wp-content\/uploads\/2023\/11\/Artisan-Chavon-reopens-5.jpg?w=1200&amp;ssl=1 1200w, https:\/\/i0.wp.com\/casadecampoliving.com\/wp-content\/uploads\/2023\/11\/Artisan-Chavon-reopens-5-1024x683.jpg?w=370&amp;ssl=1 370w\" sizes=\"auto, (max-width: 1000px) 100vw, 1000px\" \/><\/figure>\n\n\n\n<figure class=\"wp-block-image size-large\"><img data-recalc-dims=\"1\" loading=\"lazy\" decoding=\"async\" width=\"1024\" height=\"683\" data-id=\"524484\" src=\"https:\/\/i0.wp.com\/casadecampoliving.com\/wp-content\/uploads\/2023\/11\/Artisan-Chavon-reopens-4.jpg?resize=1024%2C683&#038;ssl=1\" alt=\"\" class=\"wp-image-524484\" srcset=\"https:\/\/i0.wp.com\/casadecampoliving.com\/wp-content\/uploads\/2023\/11\/Artisan-Chavon-reopens-4.jpg?resize=1024%2C683&amp;ssl=1 1024w, https:\/\/i0.wp.com\/casadecampoliving.com\/wp-content\/uploads\/2023\/11\/Artisan-Chavon-reopens-4.jpg?resize=300%2C200&amp;ssl=1 300w, https:\/\/i0.wp.com\/casadecampoliving.com\/wp-content\/uploads\/2023\/11\/Artisan-Chavon-reopens-4.jpg?resize=768%2C512&amp;ssl=1 768w, https:\/\/i0.wp.com\/casadecampoliving.com\/wp-content\/uploads\/2023\/11\/Artisan-Chavon-reopens-4.jpg?resize=400%2C267&amp;ssl=1 400w, https:\/\/i0.wp.com\/casadecampoliving.com\/wp-content\/uploads\/2023\/11\/Artisan-Chavon-reopens-4.jpg?resize=150%2C100&amp;ssl=1 150w, https:\/\/i0.wp.com\/casadecampoliving.com\/wp-content\/uploads\/2023\/11\/Artisan-Chavon-reopens-4.jpg?w=1200&amp;ssl=1 1200w, https:\/\/i0.wp.com\/casadecampoliving.com\/wp-content\/uploads\/2023\/11\/Artisan-Chavon-reopens-4-1024x683.jpg?w=370&amp;ssl=1 370w\" sizes=\"auto, (max-width: 1000px) 100vw, 1000px\" \/><\/figure>\n\n\n\n<figure class=\"wp-block-image size-large\"><img data-recalc-dims=\"1\" loading=\"lazy\" decoding=\"async\" width=\"1024\" height=\"683\" data-id=\"524465\" src=\"https:\/\/i0.wp.com\/casadecampoliving.com\/wp-content\/uploads\/2023\/11\/Artisan-Chavon-reopens-3.jpg?resize=1024%2C683&#038;ssl=1\" alt=\"\" class=\"wp-image-524465\" srcset=\"https:\/\/i0.wp.com\/casadecampoliving.com\/wp-content\/uploads\/2023\/11\/Artisan-Chavon-reopens-3.jpg?resize=1024%2C683&amp;ssl=1 1024w, https:\/\/i0.wp.com\/casadecampoliving.com\/wp-content\/uploads\/2023\/11\/Artisan-Chavon-reopens-3.jpg?resize=300%2C200&amp;ssl=1 300w, https:\/\/i0.wp.com\/casadecampoliving.com\/wp-content\/uploads\/2023\/11\/Artisan-Chavon-reopens-3.jpg?resize=768%2C512&amp;ssl=1 768w, https:\/\/i0.wp.com\/casadecampoliving.com\/wp-content\/uploads\/2023\/11\/Artisan-Chavon-reopens-3.jpg?resize=400%2C267&amp;ssl=1 400w, https:\/\/i0.wp.com\/casadecampoliving.com\/wp-content\/uploads\/2023\/11\/Artisan-Chavon-reopens-3.jpg?resize=150%2C100&amp;ssl=1 150w, https:\/\/i0.wp.com\/casadecampoliving.com\/wp-content\/uploads\/2023\/11\/Artisan-Chavon-reopens-3.jpg?w=1200&amp;ssl=1 1200w, https:\/\/i0.wp.com\/casadecampoliving.com\/wp-content\/uploads\/2023\/11\/Artisan-Chavon-reopens-3-1024x683.jpg?w=370&amp;ssl=1 370w\" sizes=\"auto, (max-width: 1000px) 100vw, 1000px\" \/><\/figure>\n\n\n\n<figure class=\"wp-block-image size-large\"><img data-recalc-dims=\"1\" loading=\"lazy\" decoding=\"async\" width=\"1024\" height=\"683\" data-id=\"524476\" src=\"https:\/\/i0.wp.com\/casadecampoliving.com\/wp-content\/uploads\/2023\/11\/Artisan-Chavon-reopens-2.jpg?resize=1024%2C683&#038;ssl=1\" alt=\"\" class=\"wp-image-524476\" srcset=\"https:\/\/i0.wp.com\/casadecampoliving.com\/wp-content\/uploads\/2023\/11\/Artisan-Chavon-reopens-2.jpg?resize=1024%2C683&amp;ssl=1 1024w, https:\/\/i0.wp.com\/casadecampoliving.com\/wp-content\/uploads\/2023\/11\/Artisan-Chavon-reopens-2.jpg?resize=300%2C200&amp;ssl=1 300w, https:\/\/i0.wp.com\/casadecampoliving.com\/wp-content\/uploads\/2023\/11\/Artisan-Chavon-reopens-2.jpg?resize=768%2C512&amp;ssl=1 768w, https:\/\/i0.wp.com\/casadecampoliving.com\/wp-content\/uploads\/2023\/11\/Artisan-Chavon-reopens-2.jpg?resize=400%2C267&amp;ssl=1 400w, https:\/\/i0.wp.com\/casadecampoliving.com\/wp-content\/uploads\/2023\/11\/Artisan-Chavon-reopens-2.jpg?resize=150%2C100&amp;ssl=1 150w, https:\/\/i0.wp.com\/casadecampoliving.com\/wp-content\/uploads\/2023\/11\/Artisan-Chavon-reopens-2.jpg?w=1200&amp;ssl=1 1200w, https:\/\/i0.wp.com\/casadecampoliving.com\/wp-content\/uploads\/2023\/11\/Artisan-Chavon-reopens-2-1024x683.jpg?w=370&amp;ssl=1 370w\" sizes=\"auto, (max-width: 1000px) 100vw, 1000px\" \/><\/figure>\n\n\n\n<figure class=\"wp-block-image size-large\"><img data-recalc-dims=\"1\" loading=\"lazy\" decoding=\"async\" width=\"1024\" height=\"683\" data-id=\"524457\" src=\"https:\/\/i0.wp.com\/casadecampoliving.com\/wp-content\/uploads\/2023\/11\/Artisan-Chavon-reopens-1.jpg?resize=1024%2C683&#038;ssl=1\" alt=\"\" class=\"wp-image-524457\" srcset=\"https:\/\/i0.wp.com\/casadecampoliving.com\/wp-content\/uploads\/2023\/11\/Artisan-Chavon-reopens-1.jpg?resize=1024%2C683&amp;ssl=1 1024w, https:\/\/i0.wp.com\/casadecampoliving.com\/wp-content\/uploads\/2023\/11\/Artisan-Chavon-reopens-1.jpg?resize=300%2C200&amp;ssl=1 300w, https:\/\/i0.wp.com\/casadecampoliving.com\/wp-content\/uploads\/2023\/11\/Artisan-Chavon-reopens-1.jpg?resize=768%2C512&amp;ssl=1 768w, https:\/\/i0.wp.com\/casadecampoliving.com\/wp-content\/uploads\/2023\/11\/Artisan-Chavon-reopens-1.jpg?resize=400%2C267&amp;ssl=1 400w, https:\/\/i0.wp.com\/casadecampoliving.com\/wp-content\/uploads\/2023\/11\/Artisan-Chavon-reopens-1.jpg?resize=150%2C100&amp;ssl=1 150w, https:\/\/i0.wp.com\/casadecampoliving.com\/wp-content\/uploads\/2023\/11\/Artisan-Chavon-reopens-1.jpg?w=1200&amp;ssl=1 1200w, https:\/\/i0.wp.com\/casadecampoliving.com\/wp-content\/uploads\/2023\/11\/Artisan-Chavon-reopens-1-1024x683.jpg?w=370&amp;ssl=1 370w\" sizes=\"auto, (max-width: 1000px) 100vw, 1000px\" \/><\/figure>\n<\/figure>\n","protected":false},"excerpt":{"rendered":"<p>La tienda Artisan Chav\u00f3n celebr\u00f3 su gran reapertura el s\u00e1bado 11 de noviembre con un evento de c\u00f3ctel en su ubicaci\u00f3n en Altos de Chav\u00f3n. Presentada como el pin\u00e1culo de la artesan\u00eda exquisita en la regi\u00f3n este de la Rep\u00fablica Dominicana, Artisan Chav\u00f3n presume del respaldo de maestros artesanos que han contribuido a la comunidad [&hellip;]<\/p>\n","protected":false},"author":36791,"featured_media":524461,"comment_status":"closed","ping_status":"closed","sticky":false,"template":"","format":"standard","meta":{"newspack_ads_suppress_ads":false,"newspack_popups_has_disabled_popups":false,"newspack_sponsor_sponsorship_scope":"","newspack_sponsor_native_byline_display":"inherit","newspack_sponsor_native_category_display":"inherit","newspack_sponsor_underwriter_style":"inherit","newspack_sponsor_underwriter_placement":"inherit","_newspack_byline_active":false,"_newspack_byline":"","newspack_hide_updated_date":false,"newspack_show_updated_date":false,"newspack_content_restriction_is_exempt":false,"newspack_featured_image_position":"large","newspack_post_subtitle":"","newspack_article_summary_title":"Overview:","newspack_article_summary":"","_jetpack_memberships_contains_paid_content":false,"footnotes":"","jetpack_publicize_message":"","jetpack_publicize_feature_enabled":true,"jetpack_social_post_already_shared":false,"jetpack_social_options":{"image_generator_settings":{"template":"highway","default_image_id":0,"font":"","enabled":false},"version":2},"_wpas_customize_per_network":false},"categories":[26577,2530,2519,2522],"tags":[15387,3575,27100,27630,13838,14736],"newspack_spnsrs_tax":[],"class_list":["post-524492","post","type-post","status-publish","format-standard","has-post-thumbnail","hentry","category-altos-de-chavon-6","category-compras-es","category-costasur-dominicana-es","category-eventos-es","tag-altos-de-chavon-es","tag-altos-de-chavon-es-2","tag-altos-de-chavon-es-7","tag-artisan-chavon-es","tag-costasur-dominicana-es","tag-featured-topview-es","entry"],"yoast_head":"<!-- This site is optimized with the Yoast SEO plugin v27.4 - https:\/\/yoast.com\/product\/yoast-seo-wordpress\/ -->\n<title>La tienda Artisan reabre sus puertas en Altos de Chav\u00f3n | Casa de Campo Living<\/title>\n<meta name=\"description\" content=\"La tienda Artisan Chav\u00f3n celebr\u00f3 su gran reapertura el s\u00e1bado 11 de noviembre con un evento de c\u00f3ctel en su ubicaci\u00f3n en Altos de Chav\u00f3n. Presentada como\" \/>\n<meta name=\"robots\" content=\"index, follow, max-snippet:-1, max-image-preview:large, max-video-preview:-1\" \/>\n<link rel=\"canonical\" href=\"https:\/\/casadecampoliving.com\/es\/la-tienda-artisan-reabre-sus-puertas-en-altos-de-chavon\/\" \/>\n<meta property=\"og:locale\" content=\"es_ES\" \/>\n<meta property=\"og:type\" content=\"article\" \/>\n<meta property=\"og:title\" content=\"La tienda Artisan reabre sus puertas en Altos de Chav\u00f3n | Casa de Campo Living\" \/>\n<meta property=\"og:description\" content=\"La tienda Artisan Chav\u00f3n celebr\u00f3 su gran reapertura el s\u00e1bado 11 de noviembre con un evento de c\u00f3ctel en su ubicaci\u00f3n en Altos de Chav\u00f3n. Presentada como\" \/>\n<meta property=\"og:url\" content=\"https:\/\/casadecampoliving.com\/es\/la-tienda-artisan-reabre-sus-puertas-en-altos-de-chavon\/\" \/>\n<meta property=\"og:site_name\" content=\"Casa de Campo Living\" \/>\n<meta property=\"article:publisher\" content=\"https:\/\/www.facebook.com\/casadecampoliving\" \/>\n<meta property=\"article:published_time\" content=\"2023-11-22T16:31:43+00:00\" \/>\n<meta property=\"article:modified_time\" content=\"2023-11-27T16:42:10+00:00\" \/>\n<meta property=\"og:image\" content=\"https:\/\/casadecampoliving.com\/wp-content\/uploads\/2023\/11\/Artisan-Chavon-reopens-32.jpg\" \/>\n\t<meta property=\"og:image:width\" content=\"1200\" \/>\n\t<meta property=\"og:image:height\" content=\"800\" \/>\n\t<meta property=\"og:image:type\" content=\"image\/jpeg\" \/>\n<meta name=\"author\" content=\"Casa de Campo Living\" \/>\n<meta name=\"twitter:card\" content=\"summary_large_image\" \/>\n<meta name=\"twitter:creator\" content=\"@cdcliving\" \/>\n<meta name=\"twitter:site\" content=\"@cdcliving\" \/>\n<meta name=\"twitter:label1\" content=\"Escrito por\" \/>\n\t<meta name=\"twitter:data1\" content=\"Casa de Campo Living\" \/>\n\t<meta name=\"twitter:label2\" content=\"Tiempo de lectura\" \/>\n\t<meta name=\"twitter:data2\" content=\"9 minutos\" \/>\n<script type=\"application\/ld+json\" class=\"yoast-schema-graph\">{\"@context\":\"https:\\\/\\\/schema.org\",\"@graph\":[{\"@type\":\"Article\",\"@id\":\"https:\\\/\\\/casadecampoliving.com\\\/es\\\/la-tienda-artisan-reabre-sus-puertas-en-altos-de-chavon\\\/#article\",\"isPartOf\":{\"@id\":\"https:\\\/\\\/casadecampoliving.com\\\/es\\\/la-tienda-artisan-reabre-sus-puertas-en-altos-de-chavon\\\/\"},\"author\":{\"name\":\"Casa de Campo Living\",\"@id\":\"https:\\\/\\\/casadecampoliving.com\\\/es\\\/#\\\/schema\\\/person\\\/5d2171637a9d11e0e43ce6b8555f9422\"},\"headline\":\"La tienda Artisan reabre sus puertas en Altos de Chav\u00f3n\",\"datePublished\":\"2023-11-22T16:31:43+00:00\",\"dateModified\":\"2023-11-27T16:42:10+00:00\",\"mainEntityOfPage\":{\"@id\":\"https:\\\/\\\/casadecampoliving.com\\\/es\\\/la-tienda-artisan-reabre-sus-puertas-en-altos-de-chavon\\\/\"},\"wordCount\":306,\"publisher\":{\"@id\":\"https:\\\/\\\/casadecampoliving.com\\\/es\\\/#organization\"},\"image\":{\"@id\":\"https:\\\/\\\/casadecampoliving.com\\\/es\\\/la-tienda-artisan-reabre-sus-puertas-en-altos-de-chavon\\\/#primaryimage\"},\"thumbnailUrl\":\"https:\\\/\\\/i0.wp.com\\\/casadecampoliving.com\\\/wp-content\\\/uploads\\\/2023\\\/11\\\/Artisan-Chavon-reopens-32.jpg?fit=1200%2C800&ssl=1\",\"keywords\":[\"Altos de Chavon\",\"Altos de Chavon -es\",\"Altos de Chav\u00f3n @es\",\"Artisan Chav\u00f3n @es\",\"Costasur Dominicana @es\",\"Featured-TopView @es\"],\"articleSection\":[\"Altos de Chav\u00f3n\",\"Compras\",\"Costasur Dominicana @es\",\"Eventos\"],\"inLanguage\":\"es\"},{\"@type\":\"WebPage\",\"@id\":\"https:\\\/\\\/casadecampoliving.com\\\/es\\\/la-tienda-artisan-reabre-sus-puertas-en-altos-de-chavon\\\/\",\"url\":\"https:\\\/\\\/casadecampoliving.com\\\/es\\\/la-tienda-artisan-reabre-sus-puertas-en-altos-de-chavon\\\/\",\"name\":\"La tienda Artisan reabre sus puertas en Altos de Chav\u00f3n | Casa de Campo Living\",\"isPartOf\":{\"@id\":\"https:\\\/\\\/casadecampoliving.com\\\/es\\\/#website\"},\"primaryImageOfPage\":{\"@id\":\"https:\\\/\\\/casadecampoliving.com\\\/es\\\/la-tienda-artisan-reabre-sus-puertas-en-altos-de-chavon\\\/#primaryimage\"},\"image\":{\"@id\":\"https:\\\/\\\/casadecampoliving.com\\\/es\\\/la-tienda-artisan-reabre-sus-puertas-en-altos-de-chavon\\\/#primaryimage\"},\"thumbnailUrl\":\"https:\\\/\\\/i0.wp.com\\\/casadecampoliving.com\\\/wp-content\\\/uploads\\\/2023\\\/11\\\/Artisan-Chavon-reopens-32.jpg?fit=1200%2C800&ssl=1\",\"datePublished\":\"2023-11-22T16:31:43+00:00\",\"dateModified\":\"2023-11-27T16:42:10+00:00\",\"description\":\"La tienda Artisan Chav\u00f3n celebr\u00f3 su gran reapertura el s\u00e1bado 11 de noviembre con un evento de c\u00f3ctel en su ubicaci\u00f3n en Altos de Chav\u00f3n. Presentada como\",\"breadcrumb\":{\"@id\":\"https:\\\/\\\/casadecampoliving.com\\\/es\\\/la-tienda-artisan-reabre-sus-puertas-en-altos-de-chavon\\\/#breadcrumb\"},\"inLanguage\":\"es\",\"potentialAction\":[{\"@type\":\"ReadAction\",\"target\":[\"https:\\\/\\\/casadecampoliving.com\\\/es\\\/la-tienda-artisan-reabre-sus-puertas-en-altos-de-chavon\\\/\"]}]},{\"@type\":\"ImageObject\",\"inLanguage\":\"es\",\"@id\":\"https:\\\/\\\/casadecampoliving.com\\\/es\\\/la-tienda-artisan-reabre-sus-puertas-en-altos-de-chavon\\\/#primaryimage\",\"url\":\"https:\\\/\\\/i0.wp.com\\\/casadecampoliving.com\\\/wp-content\\\/uploads\\\/2023\\\/11\\\/Artisan-Chavon-reopens-32.jpg?fit=1200%2C800&ssl=1\",\"contentUrl\":\"https:\\\/\\\/i0.wp.com\\\/casadecampoliving.com\\\/wp-content\\\/uploads\\\/2023\\\/11\\\/Artisan-Chavon-reopens-32.jpg?fit=1200%2C800&ssl=1\",\"width\":1200,\"height\":800},{\"@type\":\"BreadcrumbList\",\"@id\":\"https:\\\/\\\/casadecampoliving.com\\\/es\\\/la-tienda-artisan-reabre-sus-puertas-en-altos-de-chavon\\\/#breadcrumb\",\"itemListElement\":[{\"@type\":\"ListItem\",\"position\":1,\"name\":\"Home\",\"item\":\"https:\\\/\\\/casadecampoliving.com\\\/es\\\/\"},{\"@type\":\"ListItem\",\"position\":2,\"name\":\"La tienda Artisan reabre sus puertas en Altos de Chav\u00f3n\"}]},{\"@type\":\"WebSite\",\"@id\":\"https:\\\/\\\/casadecampoliving.com\\\/es\\\/#website\",\"url\":\"https:\\\/\\\/casadecampoliving.com\\\/es\\\/\",\"name\":\"Casa de Campo Living\",\"description\":\"Resort community news and resources.\",\"publisher\":{\"@id\":\"https:\\\/\\\/casadecampoliving.com\\\/es\\\/#organization\"},\"potentialAction\":[{\"@type\":\"SearchAction\",\"target\":{\"@type\":\"EntryPoint\",\"urlTemplate\":\"https:\\\/\\\/casadecampoliving.com\\\/es\\\/?s={search_term_string}\"},\"query-input\":{\"@type\":\"PropertyValueSpecification\",\"valueRequired\":true,\"valueName\":\"search_term_string\"}}],\"inLanguage\":\"es\"},{\"@type\":\"Organization\",\"@id\":\"https:\\\/\\\/casadecampoliving.com\\\/es\\\/#organization\",\"name\":\"Casa de Campo Living\",\"url\":\"https:\\\/\\\/casadecampoliving.com\\\/es\\\/\",\"logo\":{\"@type\":\"ImageObject\",\"inLanguage\":\"es\",\"@id\":\"https:\\\/\\\/casadecampoliving.com\\\/es\\\/#\\\/schema\\\/logo\\\/image\\\/\",\"url\":\"https:\\\/\\\/i0.wp.com\\\/casadecampoliving.com\\\/wp-content\\\/uploads\\\/2022\\\/07\\\/CDCLivingLogo_V1-white-sized.png?fit=800%2C214&ssl=1\",\"contentUrl\":\"https:\\\/\\\/i0.wp.com\\\/casadecampoliving.com\\\/wp-content\\\/uploads\\\/2022\\\/07\\\/CDCLivingLogo_V1-white-sized.png?fit=800%2C214&ssl=1\",\"width\":800,\"height\":214,\"caption\":\"Casa de Campo Living\"},\"image\":{\"@id\":\"https:\\\/\\\/casadecampoliving.com\\\/es\\\/#\\\/schema\\\/logo\\\/image\\\/\"},\"sameAs\":[\"https:\\\/\\\/www.facebook.com\\\/casadecampoliving\",\"https:\\\/\\\/x.com\\\/cdcliving\"]},{\"@type\":\"Person\",\"@id\":\"https:\\\/\\\/casadecampoliving.com\\\/es\\\/#\\\/schema\\\/person\\\/5d2171637a9d11e0e43ce6b8555f9422\",\"name\":\"Casa de Campo Living\",\"image\":{\"@type\":\"ImageObject\",\"inLanguage\":\"es\",\"@id\":\"https:\\\/\\\/secure.gravatar.com\\\/avatar\\\/d04101fa4a9fd431e939953b1500fdc7a73cd35029f86d98712fd8ccdaebaf9a?s=96&d=mm&r=g\",\"url\":\"https:\\\/\\\/secure.gravatar.com\\\/avatar\\\/d04101fa4a9fd431e939953b1500fdc7a73cd35029f86d98712fd8ccdaebaf9a?s=96&d=mm&r=g\",\"contentUrl\":\"https:\\\/\\\/secure.gravatar.com\\\/avatar\\\/d04101fa4a9fd431e939953b1500fdc7a73cd35029f86d98712fd8ccdaebaf9a?s=96&d=mm&r=g\",\"caption\":\"Casa de Campo Living\"},\"url\":\"https:\\\/\\\/casadecampoliving.com\\\/es\\\/author\\\/casa-de-campo-living\\\/\"}]}<\/script>\n<!-- \/ Yoast SEO plugin. -->","yoast_head_json":{"title":"La tienda Artisan reabre sus puertas en Altos de Chav\u00f3n | Casa de Campo Living","description":"La tienda Artisan Chav\u00f3n celebr\u00f3 su gran reapertura el s\u00e1bado 11 de noviembre con un evento de c\u00f3ctel en su ubicaci\u00f3n en Altos de Chav\u00f3n. Presentada como","robots":{"index":"index","follow":"follow","max-snippet":"max-snippet:-1","max-image-preview":"max-image-preview:large","max-video-preview":"max-video-preview:-1"},"canonical":"https:\/\/casadecampoliving.com\/es\/la-tienda-artisan-reabre-sus-puertas-en-altos-de-chavon\/","og_locale":"es_ES","og_type":"article","og_title":"La tienda Artisan reabre sus puertas en Altos de Chav\u00f3n | Casa de Campo Living","og_description":"La tienda Artisan Chav\u00f3n celebr\u00f3 su gran reapertura el s\u00e1bado 11 de noviembre con un evento de c\u00f3ctel en su ubicaci\u00f3n en Altos de Chav\u00f3n. Presentada como","og_url":"https:\/\/casadecampoliving.com\/es\/la-tienda-artisan-reabre-sus-puertas-en-altos-de-chavon\/","og_site_name":"Casa de Campo Living","article_publisher":"https:\/\/www.facebook.com\/casadecampoliving","article_published_time":"2023-11-22T16:31:43+00:00","article_modified_time":"2023-11-27T16:42:10+00:00","og_image":[{"width":1200,"height":800,"url":"https:\/\/casadecampoliving.com\/wp-content\/uploads\/2023\/11\/Artisan-Chavon-reopens-32.jpg","type":"image\/jpeg"}],"author":"Casa de Campo Living","twitter_card":"summary_large_image","twitter_creator":"@cdcliving","twitter_site":"@cdcliving","twitter_misc":{"Escrito por":"Casa de Campo Living","Tiempo de lectura":"9 minutos"},"schema":{"@context":"https:\/\/schema.org","@graph":[{"@type":"Article","@id":"https:\/\/casadecampoliving.com\/es\/la-tienda-artisan-reabre-sus-puertas-en-altos-de-chavon\/#article","isPartOf":{"@id":"https:\/\/casadecampoliving.com\/es\/la-tienda-artisan-reabre-sus-puertas-en-altos-de-chavon\/"},"author":{"name":"Casa de Campo Living","@id":"https:\/\/casadecampoliving.com\/es\/#\/schema\/person\/5d2171637a9d11e0e43ce6b8555f9422"},"headline":"La tienda Artisan reabre sus puertas en Altos de Chav\u00f3n","datePublished":"2023-11-22T16:31:43+00:00","dateModified":"2023-11-27T16:42:10+00:00","mainEntityOfPage":{"@id":"https:\/\/casadecampoliving.com\/es\/la-tienda-artisan-reabre-sus-puertas-en-altos-de-chavon\/"},"wordCount":306,"publisher":{"@id":"https:\/\/casadecampoliving.com\/es\/#organization"},"image":{"@id":"https:\/\/casadecampoliving.com\/es\/la-tienda-artisan-reabre-sus-puertas-en-altos-de-chavon\/#primaryimage"},"thumbnailUrl":"https:\/\/i0.wp.com\/casadecampoliving.com\/wp-content\/uploads\/2023\/11\/Artisan-Chavon-reopens-32.jpg?fit=1200%2C800&ssl=1","keywords":["Altos de Chavon","Altos de Chavon -es","Altos de Chav\u00f3n @es","Artisan Chav\u00f3n @es","Costasur Dominicana @es","Featured-TopView @es"],"articleSection":["Altos de Chav\u00f3n","Compras","Costasur Dominicana @es","Eventos"],"inLanguage":"es"},{"@type":"WebPage","@id":"https:\/\/casadecampoliving.com\/es\/la-tienda-artisan-reabre-sus-puertas-en-altos-de-chavon\/","url":"https:\/\/casadecampoliving.com\/es\/la-tienda-artisan-reabre-sus-puertas-en-altos-de-chavon\/","name":"La tienda Artisan reabre sus puertas en Altos de Chav\u00f3n | Casa de Campo Living","isPartOf":{"@id":"https:\/\/casadecampoliving.com\/es\/#website"},"primaryImageOfPage":{"@id":"https:\/\/casadecampoliving.com\/es\/la-tienda-artisan-reabre-sus-puertas-en-altos-de-chavon\/#primaryimage"},"image":{"@id":"https:\/\/casadecampoliving.com\/es\/la-tienda-artisan-reabre-sus-puertas-en-altos-de-chavon\/#primaryimage"},"thumbnailUrl":"https:\/\/i0.wp.com\/casadecampoliving.com\/wp-content\/uploads\/2023\/11\/Artisan-Chavon-reopens-32.jpg?fit=1200%2C800&ssl=1","datePublished":"2023-11-22T16:31:43+00:00","dateModified":"2023-11-27T16:42:10+00:00","description":"La tienda Artisan Chav\u00f3n celebr\u00f3 su gran reapertura el s\u00e1bado 11 de noviembre con un evento de c\u00f3ctel en su ubicaci\u00f3n en Altos de Chav\u00f3n. Presentada como","breadcrumb":{"@id":"https:\/\/casadecampoliving.com\/es\/la-tienda-artisan-reabre-sus-puertas-en-altos-de-chavon\/#breadcrumb"},"inLanguage":"es","potentialAction":[{"@type":"ReadAction","target":["https:\/\/casadecampoliving.com\/es\/la-tienda-artisan-reabre-sus-puertas-en-altos-de-chavon\/"]}]},{"@type":"ImageObject","inLanguage":"es","@id":"https:\/\/casadecampoliving.com\/es\/la-tienda-artisan-reabre-sus-puertas-en-altos-de-chavon\/#primaryimage","url":"https:\/\/i0.wp.com\/casadecampoliving.com\/wp-content\/uploads\/2023\/11\/Artisan-Chavon-reopens-32.jpg?fit=1200%2C800&ssl=1","contentUrl":"https:\/\/i0.wp.com\/casadecampoliving.com\/wp-content\/uploads\/2023\/11\/Artisan-Chavon-reopens-32.jpg?fit=1200%2C800&ssl=1","width":1200,"height":800},{"@type":"BreadcrumbList","@id":"https:\/\/casadecampoliving.com\/es\/la-tienda-artisan-reabre-sus-puertas-en-altos-de-chavon\/#breadcrumb","itemListElement":[{"@type":"ListItem","position":1,"name":"Home","item":"https:\/\/casadecampoliving.com\/es\/"},{"@type":"ListItem","position":2,"name":"La tienda Artisan reabre sus puertas en Altos de Chav\u00f3n"}]},{"@type":"WebSite","@id":"https:\/\/casadecampoliving.com\/es\/#website","url":"https:\/\/casadecampoliving.com\/es\/","name":"Casa de Campo Living","description":"Resort community news and resources.","publisher":{"@id":"https:\/\/casadecampoliving.com\/es\/#organization"},"potentialAction":[{"@type":"SearchAction","target":{"@type":"EntryPoint","urlTemplate":"https:\/\/casadecampoliving.com\/es\/?s={search_term_string}"},"query-input":{"@type":"PropertyValueSpecification","valueRequired":true,"valueName":"search_term_string"}}],"inLanguage":"es"},{"@type":"Organization","@id":"https:\/\/casadecampoliving.com\/es\/#organization","name":"Casa de Campo Living","url":"https:\/\/casadecampoliving.com\/es\/","logo":{"@type":"ImageObject","inLanguage":"es","@id":"https:\/\/casadecampoliving.com\/es\/#\/schema\/logo\/image\/","url":"https:\/\/i0.wp.com\/casadecampoliving.com\/wp-content\/uploads\/2022\/07\/CDCLivingLogo_V1-white-sized.png?fit=800%2C214&ssl=1","contentUrl":"https:\/\/i0.wp.com\/casadecampoliving.com\/wp-content\/uploads\/2022\/07\/CDCLivingLogo_V1-white-sized.png?fit=800%2C214&ssl=1","width":800,"height":214,"caption":"Casa de Campo Living"},"image":{"@id":"https:\/\/casadecampoliving.com\/es\/#\/schema\/logo\/image\/"},"sameAs":["https:\/\/www.facebook.com\/casadecampoliving","https:\/\/x.com\/cdcliving"]},{"@type":"Person","@id":"https:\/\/casadecampoliving.com\/es\/#\/schema\/person\/5d2171637a9d11e0e43ce6b8555f9422","name":"Casa de Campo Living","image":{"@type":"ImageObject","inLanguage":"es","@id":"https:\/\/secure.gravatar.com\/avatar\/d04101fa4a9fd431e939953b1500fdc7a73cd35029f86d98712fd8ccdaebaf9a?s=96&d=mm&r=g","url":"https:\/\/secure.gravatar.com\/avatar\/d04101fa4a9fd431e939953b1500fdc7a73cd35029f86d98712fd8ccdaebaf9a?s=96&d=mm&r=g","contentUrl":"https:\/\/secure.gravatar.com\/avatar\/d04101fa4a9fd431e939953b1500fdc7a73cd35029f86d98712fd8ccdaebaf9a?s=96&d=mm&r=g","caption":"Casa de Campo Living"},"url":"https:\/\/casadecampoliving.com\/es\/author\/casa-de-campo-living\/"}]}},"parsely":{"version":"1.1.0","canonical_url":"https:\/\/casadecampoliving.com\/es\/la-tienda-artisan-reabre-sus-puertas-en-altos-de-chavon\/","smart_links":{"inbound":0,"outbound":0},"traffic_boost_suggestions_count":0,"meta":{"@context":"https:\/\/schema.org","@type":"NewsArticle","headline":"La tienda Artisan reabre sus puertas en Altos de Chav\u00f3n","url":"http:\/\/casadecampoliving.com\/es\/la-tienda-artisan-reabre-sus-puertas-en-altos-de-chavon\/","mainEntityOfPage":{"@type":"WebPage","@id":"http:\/\/casadecampoliving.com\/es\/la-tienda-artisan-reabre-sus-puertas-en-altos-de-chavon\/"},"thumbnailUrl":"https:\/\/i0.wp.com\/casadecampoliving.com\/wp-content\/uploads\/2023\/11\/Artisan-Chavon-reopens-32.jpg?resize=150%2C150&ssl=1","image":{"@type":"ImageObject","url":"https:\/\/i0.wp.com\/casadecampoliving.com\/wp-content\/uploads\/2023\/11\/Artisan-Chavon-reopens-32.jpg?fit=1200%2C800&ssl=1"},"articleSection":"Altos de Chav\u00f3n","author":[{"@type":"Person","name":"Casa de Campo Living"}],"creator":["Casa de Campo Living"],"publisher":{"@type":"Organization","name":"Casa de Campo Living","logo":"https:\/\/casadecampoliving.com\/wp-content\/uploads\/2022\/07\/CDCLivingLogo_V1-white-sized.png"},"keywords":["altos de chavon","altos de chavon -es","altos de chav\u00f3n @es","artisan chav\u00f3n @es","costasur dominicana @es","featured-topview @es"],"dateCreated":"2023-11-22T16:31:43Z","datePublished":"2023-11-22T16:31:43Z","dateModified":"2023-11-27T16:42:10Z"},"rendered":"<script type=\"application\/ld+json\" class=\"wp-parsely-metadata\">{\"@context\":\"https:\\\/\\\/schema.org\",\"@type\":\"NewsArticle\",\"headline\":\"La tienda Artisan reabre sus puertas en Altos de Chav\\u00f3n\",\"url\":\"http:\\\/\\\/casadecampoliving.com\\\/es\\\/la-tienda-artisan-reabre-sus-puertas-en-altos-de-chavon\\\/\",\"mainEntityOfPage\":{\"@type\":\"WebPage\",\"@id\":\"http:\\\/\\\/casadecampoliving.com\\\/es\\\/la-tienda-artisan-reabre-sus-puertas-en-altos-de-chavon\\\/\"},\"thumbnailUrl\":\"https:\\\/\\\/i0.wp.com\\\/casadecampoliving.com\\\/wp-content\\\/uploads\\\/2023\\\/11\\\/Artisan-Chavon-reopens-32.jpg?resize=150%2C150&ssl=1\",\"image\":{\"@type\":\"ImageObject\",\"url\":\"https:\\\/\\\/i0.wp.com\\\/casadecampoliving.com\\\/wp-content\\\/uploads\\\/2023\\\/11\\\/Artisan-Chavon-reopens-32.jpg?fit=1200%2C800&ssl=1\"},\"articleSection\":\"Altos de Chav\\u00f3n\",\"author\":[{\"@type\":\"Person\",\"name\":\"Casa de Campo Living\"}],\"creator\":[\"Casa de Campo Living\"],\"publisher\":{\"@type\":\"Organization\",\"name\":\"Casa de Campo Living\",\"logo\":\"https:\\\/\\\/casadecampoliving.com\\\/wp-content\\\/uploads\\\/2022\\\/07\\\/CDCLivingLogo_V1-white-sized.png\"},\"keywords\":[\"altos de chavon\",\"altos de chavon -es\",\"altos de chav\\u00f3n @es\",\"artisan chav\\u00f3n @es\",\"costasur dominicana @es\",\"featured-topview @es\"],\"dateCreated\":\"2023-11-22T16:31:43Z\",\"datePublished\":\"2023-11-22T16:31:43Z\",\"dateModified\":\"2023-11-27T16:42:10Z\"}<\/script>","tracker_url":"https:\/\/cdn.parsely.com\/keys\/casadecampoliving.com\/p.js"},"jetpack_publicize_connections":[],"jetpack_featured_media_url":"https:\/\/i0.wp.com\/casadecampoliving.com\/wp-content\/uploads\/2023\/11\/Artisan-Chavon-reopens-32.jpg?fit=1200%2C800&ssl=1","jetpack-related-posts":[{"id":433460,"url":"https:\/\/casadecampoliving.com\/es\/no-se-pierdan-el-increible-tributo-a-frank-sinatra-para-celebrar-el-40-aniversario-del-anfiteatro-altos-de-chavon\/","url_meta":{"origin":524492,"position":0},"title":"No se pierdan el incre\u00edble tributo a Frank Sinatra para celebrar el 40 aniversario del\u00a0Anfiteatro Altos de Chav\u00f3n","author":"Casa de Campo Living","date":"20 Oct, 2022","format":false,"excerpt":"Siendo uno de los escenarios m\u00e1s emblem\u00e1ticos del pa\u00eds, Casa de Campo Resort\u00ae & Villas celebra las cuatro d\u00e9cadas de aniversario de Altos de Chav\u00f3n con un tributo al gran Frank Sinatra, protagonizado por artistas invitados y una big band tal cual la que acompa\u00f1\u00f3 al artista hace 40 a\u00f1os\u2026","rel":"","context":"En \u00abUncategorized @es\u00bb","block_context":{"text":"Uncategorized @es","link":"https:\/\/casadecampoliving.com\/es\/category\/uncategorized-es\/"},"img":{"alt_text":"","src":"https:\/\/i0.wp.com\/casadecampoliving.com\/wp-content\/uploads\/2022\/10\/Tributo-Frank-Sinatra-Foto-Principal-Amaury-Sanchez-Danilo-Ginebra-Andres-Pichardo-y-Jose-Gabriel-Perez-.jpg?fit=1200%2C873&ssl=1&resize=350%2C200","width":350,"height":200,"srcset":"https:\/\/i0.wp.com\/casadecampoliving.com\/wp-content\/uploads\/2022\/10\/Tributo-Frank-Sinatra-Foto-Principal-Amaury-Sanchez-Danilo-Ginebra-Andres-Pichardo-y-Jose-Gabriel-Perez-.jpg?fit=1200%2C873&ssl=1&resize=350%2C200 1x, https:\/\/i0.wp.com\/casadecampoliving.com\/wp-content\/uploads\/2022\/10\/Tributo-Frank-Sinatra-Foto-Principal-Amaury-Sanchez-Danilo-Ginebra-Andres-Pichardo-y-Jose-Gabriel-Perez-.jpg?fit=1200%2C873&ssl=1&resize=525%2C300 1.5x, https:\/\/i0.wp.com\/casadecampoliving.com\/wp-content\/uploads\/2022\/10\/Tributo-Frank-Sinatra-Foto-Principal-Amaury-Sanchez-Danilo-Ginebra-Andres-Pichardo-y-Jose-Gabriel-Perez-.jpg?fit=1200%2C873&ssl=1&resize=700%2C400 2x, https:\/\/i0.wp.com\/casadecampoliving.com\/wp-content\/uploads\/2022\/10\/Tributo-Frank-Sinatra-Foto-Principal-Amaury-Sanchez-Danilo-Ginebra-Andres-Pichardo-y-Jose-Gabriel-Perez-.jpg?fit=1200%2C873&ssl=1&resize=1050%2C600 3x"},"classes":[]},{"id":535112,"url":"https:\/\/casadecampoliving.com\/es\/artisan-chavon-festeja-su-aniversario-con-un-ameno-coctel\/","url_meta":{"origin":524492,"position":1},"title":"Artisan Chav\u00f3n festeja su aniversario con un ameno c\u00f3ctel","author":"Casa de Campo Living","date":"18 Nov, 2024","format":false,"excerpt":"En un ambiente lleno de cordialidad y entusiasmo, amigos, colaboradores y miembros de la comunidad de Casa de Campo se reunieron en Artisan Chav\u00f3n para celebrar el aniversario de su reapertura. Durante el evento, los asistentes disfrutaron de un brindis en agradecimiento por su apoyo continuo y tuvieron la oportunidad\u2026","rel":"","context":"En \u00abUncategorized @es\u00bb","block_context":{"text":"Uncategorized @es","link":"https:\/\/casadecampoliving.com\/es\/category\/uncategorized-es\/"},"img":{"alt_text":"","src":"https:\/\/i0.wp.com\/casadecampoliving.com\/wp-content\/uploads\/2024\/11\/ART-19-scaled.jpg?fit=1200%2C800&ssl=1&resize=350%2C200","width":350,"height":200,"srcset":"https:\/\/i0.wp.com\/casadecampoliving.com\/wp-content\/uploads\/2024\/11\/ART-19-scaled.jpg?fit=1200%2C800&ssl=1&resize=350%2C200 1x, https:\/\/i0.wp.com\/casadecampoliving.com\/wp-content\/uploads\/2024\/11\/ART-19-scaled.jpg?fit=1200%2C800&ssl=1&resize=525%2C300 1.5x, https:\/\/i0.wp.com\/casadecampoliving.com\/wp-content\/uploads\/2024\/11\/ART-19-scaled.jpg?fit=1200%2C800&ssl=1&resize=700%2C400 2x, https:\/\/i0.wp.com\/casadecampoliving.com\/wp-content\/uploads\/2024\/11\/ART-19-scaled.jpg?fit=1200%2C800&ssl=1&resize=1050%2C600 3x"},"classes":[]},{"id":533314,"url":"https:\/\/casadecampoliving.com\/es\/artisan-chavon-organiza-mercadillo-de-verano-en-altos-de-chavon\/","url_meta":{"origin":524492,"position":2},"title":"Artisan Chav\u00f3n organiza Mercadillo de Verano en Altos de Chav\u00f3n","author":"Casa de Campo Living","date":"28 Ago, 2024","format":false,"excerpt":"Artisan Chav\u00f3n celebr\u00f3 su Mercado de Verano anual el s\u00e1bado 17 de agosto de 2024, en el pintoresco Altos de Chav\u00f3n. El evento, que se llev\u00f3 a cabo de 9 a.m. a 1 p.m., reuni\u00f3 a la comunidad de Casa de Campo para un d\u00eda de camarader\u00eda y celebraci\u00f3n de\u2026","rel":"","context":"En \u00abCompras\u00bb","block_context":{"text":"Compras","link":"https:\/\/casadecampoliving.com\/es\/category\/compras-es\/"},"img":{"alt_text":"","src":"https:\/\/i0.wp.com\/casadecampoliving.com\/wp-content\/uploads\/2024\/09\/Artisan-Summer-Market-IMG_0948.jpg?fit=1200%2C900&ssl=1&resize=350%2C200","width":350,"height":200,"srcset":"https:\/\/i0.wp.com\/casadecampoliving.com\/wp-content\/uploads\/2024\/09\/Artisan-Summer-Market-IMG_0948.jpg?fit=1200%2C900&ssl=1&resize=350%2C200 1x, https:\/\/i0.wp.com\/casadecampoliving.com\/wp-content\/uploads\/2024\/09\/Artisan-Summer-Market-IMG_0948.jpg?fit=1200%2C900&ssl=1&resize=525%2C300 1.5x, https:\/\/i0.wp.com\/casadecampoliving.com\/wp-content\/uploads\/2024\/09\/Artisan-Summer-Market-IMG_0948.jpg?fit=1200%2C900&ssl=1&resize=700%2C400 2x, https:\/\/i0.wp.com\/casadecampoliving.com\/wp-content\/uploads\/2024\/09\/Artisan-Summer-Market-IMG_0948.jpg?fit=1200%2C900&ssl=1&resize=1050%2C600 3x"},"classes":[]},{"id":524413,"url":"https:\/\/casadecampoliving.com\/artisan-chavon-unveils-its-redesigned-storefront-in-altos-de-chavon\/","url_meta":{"origin":524492,"position":3},"title":"Artisan Chav\u00f3n Unveils Its Redesigned Storefront in Altos de Chav\u00f3n","author":"Casa de Campo Living","date":"22 Nov, 2023","format":false,"excerpt":"Artisan Chav\u00f3n store celebrated its grand reopening on Saturday, November 11th, with a cocktail event at its location in Altos de Chav\u00f3n. Positioned as the pinnacle of exquisite craftsmanship in the eastern region of the Dominican Republic, Artisan Chav\u00f3n boasts the support of master artisans who have contributed to the\u2026","rel":"","context":"En \u00abAltos de Chav\u00f3n\u00bb","block_context":{"text":"Altos de Chav\u00f3n","link":"https:\/\/casadecampoliving.com\/category\/altos-de-chavon-6-2\/"},"img":{"alt_text":"","src":"https:\/\/i0.wp.com\/casadecampoliving.com\/wp-content\/uploads\/2023\/11\/Artisan-Chavon-reopens-32.jpg?fit=1200%2C800&ssl=1&resize=350%2C200","width":350,"height":200,"srcset":"https:\/\/i0.wp.com\/casadecampoliving.com\/wp-content\/uploads\/2023\/11\/Artisan-Chavon-reopens-32.jpg?fit=1200%2C800&ssl=1&resize=350%2C200 1x, https:\/\/i0.wp.com\/casadecampoliving.com\/wp-content\/uploads\/2023\/11\/Artisan-Chavon-reopens-32.jpg?fit=1200%2C800&ssl=1&resize=525%2C300 1.5x, https:\/\/i0.wp.com\/casadecampoliving.com\/wp-content\/uploads\/2023\/11\/Artisan-Chavon-reopens-32.jpg?fit=1200%2C800&ssl=1&resize=700%2C400 2x, https:\/\/i0.wp.com\/casadecampoliving.com\/wp-content\/uploads\/2023\/11\/Artisan-Chavon-reopens-32.jpg?fit=1200%2C800&ssl=1&resize=1050%2C600 3x"},"classes":[]},{"id":541939,"url":"https:\/\/casadecampoliving.com\/es\/un-mercado-del-dia-de-las-madres-para-recordar-en-altos-de-chavon\/","url_meta":{"origin":524492,"position":4},"title":"Un Mercado del D\u00eda de las Madres para Recordar en Altos de Chav\u00f3n","author":"Casa de Campo Living","date":"5 Jun, 2025","format":false,"excerpt":"El Altos de Chav\u00f3n Market celebr\u00f3 el fin de semana del D\u00eda de las Madres con una vibrante muestra del talento dominicano, energ\u00eda festiva y detalles llenos de cari\u00f1o. Realizado en los pintorescos jardines de la villa de los artistas, esta edici\u00f3n especial del mercado atrajo a locales y visitantes\u2026","rel":"","context":"En \u00abAltos de Chav\u00f3n\u00bb","block_context":{"text":"Altos de Chav\u00f3n","link":"https:\/\/casadecampoliving.com\/es\/category\/altos-de-chavon-6\/"},"img":{"alt_text":"","src":"https:\/\/i0.wp.com\/casadecampoliving.com\/wp-content\/uploads\/2025\/06\/Altos-de-Chavon-Market-May-2025-19.jpg?fit=1200%2C800&ssl=1&resize=350%2C200","width":350,"height":200,"srcset":"https:\/\/i0.wp.com\/casadecampoliving.com\/wp-content\/uploads\/2025\/06\/Altos-de-Chavon-Market-May-2025-19.jpg?fit=1200%2C800&ssl=1&resize=350%2C200 1x, https:\/\/i0.wp.com\/casadecampoliving.com\/wp-content\/uploads\/2025\/06\/Altos-de-Chavon-Market-May-2025-19.jpg?fit=1200%2C800&ssl=1&resize=525%2C300 1.5x, https:\/\/i0.wp.com\/casadecampoliving.com\/wp-content\/uploads\/2025\/06\/Altos-de-Chavon-Market-May-2025-19.jpg?fit=1200%2C800&ssl=1&resize=700%2C400 2x, https:\/\/i0.wp.com\/casadecampoliving.com\/wp-content\/uploads\/2025\/06\/Altos-de-Chavon-Market-May-2025-19.jpg?fit=1200%2C800&ssl=1&resize=1050%2C600 3x"},"classes":[]},{"id":329323,"url":"https:\/\/casadecampoliving.com\/get-ready-ultimate-mothers-day-sale-emilio-robba-la-tienda\/","url_meta":{"origin":524492,"position":5},"title":"Now&#8217;s the time to shop the ultimate Mother&#8217;s Day Sale with Altos de Chav\u00f3n&#8217;s artisan workshops!","author":"Heather Lincoln","date":"24 May, 2017","format":false,"excerpt":"Moms abound love a good discount, who doesn\u2019t?! Starting tomorrow, the stores and workshops of Altos de Chav\u00f3n are having a HUGE SALE\u00a0just in time for Mother\u2019s Day! Handmade ceramic vases, planters, lamps and more from Emilio Robba will be available at Costasur\u2019s warehouse in La Romana.\u00a0Delight in a pair\u2026","rel":"","context":"En \u00abAltos de Chavon\u00bb","block_context":{"text":"Altos de Chavon","link":"https:\/\/casadecampoliving.com\/category\/altos-de-chavon\/"},"img":{"alt_text":"Handmade Gifts - Mother's Day Sale","src":"https:\/\/i0.wp.com\/casadecampoliving.com\/wp-content\/uploads\/2022\/10\/IMG_6165-e1495643640238.jpg?fit=1000%2C561&ssl=1&resize=350%2C200","width":350,"height":200,"srcset":"https:\/\/i0.wp.com\/casadecampoliving.com\/wp-content\/uploads\/2022\/10\/IMG_6165-e1495643640238.jpg?fit=1000%2C561&ssl=1&resize=350%2C200 1x, https:\/\/i0.wp.com\/casadecampoliving.com\/wp-content\/uploads\/2022\/10\/IMG_6165-e1495643640238.jpg?fit=1000%2C561&ssl=1&resize=525%2C300 1.5x, https:\/\/i0.wp.com\/casadecampoliving.com\/wp-content\/uploads\/2022\/10\/IMG_6165-e1495643640238.jpg?fit=1000%2C561&ssl=1&resize=700%2C400 2x"},"classes":[]}],"jetpack_sharing_enabled":true,"_links":{"self":[{"href":"https:\/\/casadecampoliving.com\/es\/wp-json\/wp\/v2\/posts\/524492","targetHints":{"allow":["GET"]}}],"collection":[{"href":"https:\/\/casadecampoliving.com\/es\/wp-json\/wp\/v2\/posts"}],"about":[{"href":"https:\/\/casadecampoliving.com\/es\/wp-json\/wp\/v2\/types\/post"}],"author":[{"embeddable":true,"href":"https:\/\/casadecampoliving.com\/es\/wp-json\/wp\/v2\/users\/36791"}],"replies":[{"embeddable":true,"href":"https:\/\/casadecampoliving.com\/es\/wp-json\/wp\/v2\/comments?post=524492"}],"version-history":[{"count":1,"href":"https:\/\/casadecampoliving.com\/es\/wp-json\/wp\/v2\/posts\/524492\/revisions"}],"predecessor-version":[{"id":524493,"href":"https:\/\/casadecampoliving.com\/es\/wp-json\/wp\/v2\/posts\/524492\/revisions\/524493"}],"wp:featuredmedia":[{"embeddable":true,"href":"https:\/\/casadecampoliving.com\/es\/wp-json\/wp\/v2\/media\/524461"}],"wp:attachment":[{"href":"https:\/\/casadecampoliving.com\/es\/wp-json\/wp\/v2\/media?parent=524492"}],"wp:term":[{"taxonomy":"category","embeddable":true,"href":"https:\/\/casadecampoliving.com\/es\/wp-json\/wp\/v2\/categories?post=524492"},{"taxonomy":"post_tag","embeddable":true,"href":"https:\/\/casadecampoliving.com\/es\/wp-json\/wp\/v2\/tags?post=524492"},{"taxonomy":"newspack_spnsrs_tax","embeddable":true,"href":"https:\/\/casadecampoliving.com\/es\/wp-json\/wp\/v2\/newspack_spnsrs_tax?post=524492"}],"curies":[{"name":"wp","href":"https:\/\/api.w.org\/{rel}","templated":true}]}}