{"id":524370,"date":"2023-11-17T14:21:33","date_gmt":"2023-11-17T18:21:33","guid":{"rendered":"https:\/\/casadecampoliving.com\/?p=524370"},"modified":"2023-11-22T09:20:41","modified_gmt":"2023-11-22T13:20:41","slug":"casa-de-campo-presenta-su-menu-para-accion-de-gracias-para-un-banquete-memorable","status":"publish","type":"post","link":"https:\/\/casadecampoliving.com\/es\/casa-de-campo-presenta-su-menu-para-accion-de-gracias-para-un-banquete-memorable\/","title":{"rendered":"Casa de Campo presenta su men\u00fa de Acci\u00f3n de Gracias para un banquete memorable"},"content":{"rendered":"\n<p>El D\u00eda de Acci\u00f3n de Gracias, una tradici\u00f3n estadounidense de larga data, se abre paso en el tapiz cultural de la Rep\u00fablica Dominicana a pesar de no ser un feriado oficial. El 24 de noviembre es un d\u00eda para rodearte de tus seres queridos y disfrutar de un fest\u00edn que trasciende fronteras, y Casa de Campo abraza con entusiasmo esta tradici\u00f3n con una amplia variedad de deliciosas ofertas.<\/p>\n\n\n\n<p>Casa de Campo invita a sus residentes y hu\u00e9spedes a saborear las festividades en sus diversos restaurantes, ofreciendo especiales de cena exquisitos y creando un ambiente para momentos memorables compartidos entre seres queridos.<\/p>\n\n\n\n<p>Los men\u00fas especiales para las ofertas de Acci\u00f3n de Gracias de Casa de Campo en <strong>Minitas Beach Club | La Piazzetta | La Casita | La Ca\u00f1a<\/strong> se pueden ver a continuaci\u00f3n para m\u00e1s detalles y planificaci\u00f3n.<\/p>\n\n\n\n<p>Para hacer reservaciones, por favor llame al departamento de Conserjer\u00eda al Ext. 3165 \/ 3166.<\/p>\n\n\n\n<div data-wp-interactive=\"core\/file\" class=\"wp-block-file\"><object data-wp-bind--hidden=\"!state.hasPdfPreview\" hidden class=\"wp-block-file__embed\" data=\"https:\/\/casadecampoliving.com\/wp-content\/uploads\/2023\/11\/Propuesta-de-Menus-para-Restaurante-Thanksgiving-2023.pdf\" type=\"application\/pdf\" style=\"width:100%;height:600px\" aria-label=\"Incrustado de Restaurant Menus Thanksgiving 2023.\"><\/object><a id=\"wp-block-file--media-9e912cae-3622-47cf-b433-45245a0201a8\" href=\"https:\/\/casadecampoliving.com\/wp-content\/uploads\/2023\/11\/Propuesta-de-Menus-para-Restaurante-Thanksgiving-2023.pdf\">Restaurant Menus Thanksgiving 2023<\/a><\/div>\n\n\n\n<p>Para aquellos que prefieren una reuni\u00f3n acogedora en casa, pueden encargarse f\u00e1cilmente de los arreglos para la cena con el <strong>servicio de Catering de Acci\u00f3n de Gracias de Casa de Campo<\/strong>, lo que les permite elevar las celebraciones con experiencia culinaria. Elija entre el relleno Tradicional o el inspirado en la cocina dominicana, que ofrece una tentadora variedad de platos como el pavo acompa\u00f1ado de relleno de mofongo, coles de Bruselas y una sabrosa ensalada de jud\u00edas verdes complementada con ajo confitado y almendras tostadas. Culmine las festividades con la elecci\u00f3n entre tarta de nueces, tarta de manzana o cheesecake de auyama.<\/p>\n\n\n\n<p>Para asegurar un lugar en esta mesa indulgente, se alienta a los invitados a planificar con anticipaci\u00f3n y hacer reservaciones comunic\u00e1ndose con Ana Karen, la Gerente de Ventas de Catering de Casa de Campo, al 809-523-2095 o mediante correo electr\u00f3nico a <a href=\"mailto:a.fulgencio@ccampo.com.do\" target=\"_blank\" rel=\"noreferrer noopener\">a.fulgencio@ccampo.com.do<\/a>.<\/p>\n\n\n\n<div data-wp-interactive=\"core\/file\" class=\"wp-block-file\"><object data-wp-bind--hidden=\"!state.hasPdfPreview\" hidden class=\"wp-block-file__embed\" data=\"https:\/\/casadecampoliving.com\/wp-content\/uploads\/2023\/11\/Propuesta-de-Menus-Thanksgiving-2023.pdf\" type=\"application\/pdf\" style=\"width:100%;height:600px\" aria-label=\"Incrustado de Catering Menus Thanksgiving 2023.\"><\/object><a id=\"wp-block-file--media-cf9714e7-d529-4bdb-b937-de6d11db7d1d\" href=\"https:\/\/casadecampoliving.com\/wp-content\/uploads\/2023\/11\/Propuesta-de-Menus-Thanksgiving-2023.pdf\">Catering Menus Thanksgiving 2023<\/a><\/div>\n\n\n\n<p>El D\u00eda de Acci\u00f3n de Gracias en Casa de Campo promete ser un fest\u00edn para el paladar y una celebraci\u00f3n de uni\u00f3n; \u00a1haga sus reservaciones ahora!<\/p>\n","protected":false},"excerpt":{"rendered":"<p>El D\u00eda de Acci\u00f3n de Gracias, una tradici\u00f3n estadounidense de larga data, se abre paso en el tapiz cultural de la Rep\u00fablica Dominicana a pesar de no ser un feriado oficial. El 24 de noviembre es un d\u00eda para rodearte de tus seres queridos y disfrutar de un fest\u00edn que trasciende fronteras, y Casa de [&hellip;]<\/p>\n","protected":false},"author":36791,"featured_media":524368,"comment_status":"closed","ping_status":"closed","sticky":false,"template":"","format":"standard","meta":{"newspack_ads_suppress_ads":false,"newspack_popups_has_disabled_popups":false,"newspack_sponsor_sponsorship_scope":"","newspack_sponsor_native_byline_display":"inherit","newspack_sponsor_native_category_display":"inherit","newspack_sponsor_underwriter_style":"inherit","newspack_sponsor_underwriter_placement":"inherit","_newspack_byline_active":false,"_newspack_byline":"","newspack_hide_updated_date":false,"newspack_show_updated_date":false,"newspack_content_restriction_is_exempt":false,"newspack_featured_image_position":"beside","newspack_post_subtitle":"","newspack_article_summary_title":"Overview:","newspack_article_summary":"","_jetpack_memberships_contains_paid_content":false,"footnotes":"","jetpack_publicize_message":"","jetpack_publicize_feature_enabled":true,"jetpack_social_post_already_shared":false,"jetpack_social_options":{"image_generator_settings":{"template":"highway","default_image_id":0,"font":"","enabled":false},"version":2},"_wpas_customize_per_network":false},"categories":[26392,14629,24554,14627],"tags":[23815,3626,2731,5687,18929,15091,2744],"newspack_spnsrs_tax":[],"class_list":["post-524370","post","type-post","status-publish","format-standard","has-post-thumbnail","hentry","category-casa-de-campo-resort-villas","category-comidas-bebidas","category-comunidad","category-proximamente","tag-casa-de-campo-es-17","tag-casa-de-campo-es","tag-cena","tag-comida","tag-dining-es","tag-proximamente","tag-restaurante","entry"],"yoast_head":"<!-- This site is optimized with the Yoast SEO plugin v27.5 - https:\/\/yoast.com\/product\/yoast-seo-wordpress\/ -->\n<title>Casa de Campo presenta su men\u00fa de Acci\u00f3n de Gracias para un banquete memorable | Casa de Campo Living<\/title>\n<meta name=\"description\" content=\"El D\u00eda de Acci\u00f3n de Gracias, una tradici\u00f3n estadounidense de larga data, se abre paso en el tapiz cultural de la Rep\u00fablica Dominicana a pesar de no ser un\" \/>\n<meta name=\"robots\" content=\"index, follow, max-snippet:-1, max-image-preview:large, max-video-preview:-1\" \/>\n<link rel=\"canonical\" href=\"https:\/\/casadecampoliving.com\/es\/casa-de-campo-presenta-su-menu-para-accion-de-gracias-para-un-banquete-memorable\/\" \/>\n<meta property=\"og:locale\" content=\"es_ES\" \/>\n<meta property=\"og:type\" content=\"article\" \/>\n<meta property=\"og:title\" content=\"Casa de Campo presenta su men\u00fa de Acci\u00f3n de Gracias para un banquete memorable | Casa de Campo Living\" \/>\n<meta property=\"og:description\" content=\"El D\u00eda de Acci\u00f3n de Gracias, una tradici\u00f3n estadounidense de larga data, se abre paso en el tapiz cultural de la Rep\u00fablica Dominicana a pesar de no ser un\" \/>\n<meta property=\"og:url\" content=\"https:\/\/casadecampoliving.com\/es\/casa-de-campo-presenta-su-menu-para-accion-de-gracias-para-un-banquete-memorable\/\" \/>\n<meta property=\"og:site_name\" content=\"Casa de Campo Living\" \/>\n<meta property=\"article:publisher\" content=\"https:\/\/www.facebook.com\/casadecampoliving\" \/>\n<meta property=\"article:published_time\" content=\"2023-11-17T18:21:33+00:00\" \/>\n<meta property=\"article:modified_time\" content=\"2023-11-22T13:20:41+00:00\" \/>\n<meta property=\"og:image\" content=\"https:\/\/casadecampoliving.com\/wp-content\/uploads\/2023\/11\/Thanksgiving_pexels-karolina-grabowska-5718024-scaled-e1700505234831.jpg\" \/>\n\t<meta property=\"og:image:width\" content=\"1707\" \/>\n\t<meta property=\"og:image:height\" content=\"2560\" \/>\n\t<meta property=\"og:image:type\" content=\"image\/jpeg\" \/>\n<meta name=\"author\" content=\"Casa de Campo Living\" \/>\n<meta name=\"twitter:card\" content=\"summary_large_image\" \/>\n<meta name=\"twitter:creator\" content=\"@cdcliving\" \/>\n<meta name=\"twitter:site\" content=\"@cdcliving\" \/>\n<meta name=\"twitter:label1\" content=\"Escrito por\" \/>\n\t<meta name=\"twitter:data1\" content=\"Casa de Campo Living\" \/>\n\t<meta name=\"twitter:label2\" content=\"Tiempo de lectura\" \/>\n\t<meta name=\"twitter:data2\" content=\"2 minutos\" \/>\n<script type=\"application\/ld+json\" class=\"yoast-schema-graph\">{\"@context\":\"https:\\\/\\\/schema.org\",\"@graph\":[{\"@type\":\"Article\",\"@id\":\"https:\\\/\\\/casadecampoliving.com\\\/es\\\/casa-de-campo-presenta-su-menu-para-accion-de-gracias-para-un-banquete-memorable\\\/#article\",\"isPartOf\":{\"@id\":\"https:\\\/\\\/casadecampoliving.com\\\/es\\\/casa-de-campo-presenta-su-menu-para-accion-de-gracias-para-un-banquete-memorable\\\/\"},\"author\":{\"name\":\"Casa de Campo Living\",\"@id\":\"https:\\\/\\\/casadecampoliving.com\\\/es\\\/#\\\/schema\\\/person\\\/5d2171637a9d11e0e43ce6b8555f9422\"},\"headline\":\"Casa de Campo presenta su men\u00fa de Acci\u00f3n de Gracias para un banquete memorable\",\"datePublished\":\"2023-11-17T18:21:33+00:00\",\"dateModified\":\"2023-11-22T13:20:41+00:00\",\"mainEntityOfPage\":{\"@id\":\"https:\\\/\\\/casadecampoliving.com\\\/es\\\/casa-de-campo-presenta-su-menu-para-accion-de-gracias-para-un-banquete-memorable\\\/\"},\"wordCount\":371,\"publisher\":{\"@id\":\"https:\\\/\\\/casadecampoliving.com\\\/es\\\/#organization\"},\"image\":{\"@id\":\"https:\\\/\\\/casadecampoliving.com\\\/es\\\/casa-de-campo-presenta-su-menu-para-accion-de-gracias-para-un-banquete-memorable\\\/#primaryimage\"},\"thumbnailUrl\":\"https:\\\/\\\/i0.wp.com\\\/casadecampoliving.com\\\/wp-content\\\/uploads\\\/2023\\\/11\\\/Thanksgiving_pexels-karolina-grabowska-5718024-scaled-e1700505234831.jpg?fit=1707%2C2560&ssl=1\",\"keywords\":[\"Casa de Campo\",\"casa de campo @es\",\"cena\",\"comida\",\"Dining\",\"Proximamente\",\"restaurante\"],\"articleSection\":[\"Casa de Campo Resort &amp; Villas\",\"Comidas &amp; Bebidas\",\"Comunidad\",\"Proximamente\"],\"inLanguage\":\"es\"},{\"@type\":\"WebPage\",\"@id\":\"https:\\\/\\\/casadecampoliving.com\\\/es\\\/casa-de-campo-presenta-su-menu-para-accion-de-gracias-para-un-banquete-memorable\\\/\",\"url\":\"https:\\\/\\\/casadecampoliving.com\\\/es\\\/casa-de-campo-presenta-su-menu-para-accion-de-gracias-para-un-banquete-memorable\\\/\",\"name\":\"Casa de Campo presenta su men\u00fa de Acci\u00f3n de Gracias para un banquete memorable | Casa de Campo Living\",\"isPartOf\":{\"@id\":\"https:\\\/\\\/casadecampoliving.com\\\/es\\\/#website\"},\"primaryImageOfPage\":{\"@id\":\"https:\\\/\\\/casadecampoliving.com\\\/es\\\/casa-de-campo-presenta-su-menu-para-accion-de-gracias-para-un-banquete-memorable\\\/#primaryimage\"},\"image\":{\"@id\":\"https:\\\/\\\/casadecampoliving.com\\\/es\\\/casa-de-campo-presenta-su-menu-para-accion-de-gracias-para-un-banquete-memorable\\\/#primaryimage\"},\"thumbnailUrl\":\"https:\\\/\\\/i0.wp.com\\\/casadecampoliving.com\\\/wp-content\\\/uploads\\\/2023\\\/11\\\/Thanksgiving_pexels-karolina-grabowska-5718024-scaled-e1700505234831.jpg?fit=1707%2C2560&ssl=1\",\"datePublished\":\"2023-11-17T18:21:33+00:00\",\"dateModified\":\"2023-11-22T13:20:41+00:00\",\"description\":\"El D\u00eda de Acci\u00f3n de Gracias, una tradici\u00f3n estadounidense de larga data, se abre paso en el tapiz cultural de la Rep\u00fablica Dominicana a pesar de no ser un\",\"breadcrumb\":{\"@id\":\"https:\\\/\\\/casadecampoliving.com\\\/es\\\/casa-de-campo-presenta-su-menu-para-accion-de-gracias-para-un-banquete-memorable\\\/#breadcrumb\"},\"inLanguage\":\"es\",\"potentialAction\":[{\"@type\":\"ReadAction\",\"target\":[\"https:\\\/\\\/casadecampoliving.com\\\/es\\\/casa-de-campo-presenta-su-menu-para-accion-de-gracias-para-un-banquete-memorable\\\/\"]}]},{\"@type\":\"ImageObject\",\"inLanguage\":\"es\",\"@id\":\"https:\\\/\\\/casadecampoliving.com\\\/es\\\/casa-de-campo-presenta-su-menu-para-accion-de-gracias-para-un-banquete-memorable\\\/#primaryimage\",\"url\":\"https:\\\/\\\/i0.wp.com\\\/casadecampoliving.com\\\/wp-content\\\/uploads\\\/2023\\\/11\\\/Thanksgiving_pexels-karolina-grabowska-5718024-scaled-e1700505234831.jpg?fit=1707%2C2560&ssl=1\",\"contentUrl\":\"https:\\\/\\\/i0.wp.com\\\/casadecampoliving.com\\\/wp-content\\\/uploads\\\/2023\\\/11\\\/Thanksgiving_pexels-karolina-grabowska-5718024-scaled-e1700505234831.jpg?fit=1707%2C2560&ssl=1\",\"width\":1707,\"height\":2560},{\"@type\":\"BreadcrumbList\",\"@id\":\"https:\\\/\\\/casadecampoliving.com\\\/es\\\/casa-de-campo-presenta-su-menu-para-accion-de-gracias-para-un-banquete-memorable\\\/#breadcrumb\",\"itemListElement\":[{\"@type\":\"ListItem\",\"position\":1,\"name\":\"Home\",\"item\":\"https:\\\/\\\/casadecampoliving.com\\\/es\\\/\"},{\"@type\":\"ListItem\",\"position\":2,\"name\":\"Casa de Campo presenta su men\u00fa de Acci\u00f3n de Gracias para un banquete memorable\"}]},{\"@type\":\"WebSite\",\"@id\":\"https:\\\/\\\/casadecampoliving.com\\\/es\\\/#website\",\"url\":\"https:\\\/\\\/casadecampoliving.com\\\/es\\\/\",\"name\":\"Casa de Campo Living\",\"description\":\"Resort community news and resources.\",\"publisher\":{\"@id\":\"https:\\\/\\\/casadecampoliving.com\\\/es\\\/#organization\"},\"potentialAction\":[{\"@type\":\"SearchAction\",\"target\":{\"@type\":\"EntryPoint\",\"urlTemplate\":\"https:\\\/\\\/casadecampoliving.com\\\/es\\\/?s={search_term_string}\"},\"query-input\":{\"@type\":\"PropertyValueSpecification\",\"valueRequired\":true,\"valueName\":\"search_term_string\"}}],\"inLanguage\":\"es\"},{\"@type\":\"Organization\",\"@id\":\"https:\\\/\\\/casadecampoliving.com\\\/es\\\/#organization\",\"name\":\"Casa de Campo Living\",\"url\":\"https:\\\/\\\/casadecampoliving.com\\\/es\\\/\",\"logo\":{\"@type\":\"ImageObject\",\"inLanguage\":\"es\",\"@id\":\"https:\\\/\\\/casadecampoliving.com\\\/es\\\/#\\\/schema\\\/logo\\\/image\\\/\",\"url\":\"https:\\\/\\\/i0.wp.com\\\/casadecampoliving.com\\\/wp-content\\\/uploads\\\/2022\\\/07\\\/CDCLivingLogo_V1-white-sized.png?fit=800%2C214&ssl=1\",\"contentUrl\":\"https:\\\/\\\/i0.wp.com\\\/casadecampoliving.com\\\/wp-content\\\/uploads\\\/2022\\\/07\\\/CDCLivingLogo_V1-white-sized.png?fit=800%2C214&ssl=1\",\"width\":800,\"height\":214,\"caption\":\"Casa de Campo Living\"},\"image\":{\"@id\":\"https:\\\/\\\/casadecampoliving.com\\\/es\\\/#\\\/schema\\\/logo\\\/image\\\/\"},\"sameAs\":[\"https:\\\/\\\/www.facebook.com\\\/casadecampoliving\",\"https:\\\/\\\/x.com\\\/cdcliving\"]},{\"@type\":\"Person\",\"@id\":\"https:\\\/\\\/casadecampoliving.com\\\/es\\\/#\\\/schema\\\/person\\\/5d2171637a9d11e0e43ce6b8555f9422\",\"name\":\"Casa de Campo Living\",\"image\":{\"@type\":\"ImageObject\",\"inLanguage\":\"es\",\"@id\":\"https:\\\/\\\/secure.gravatar.com\\\/avatar\\\/d04101fa4a9fd431e939953b1500fdc7a73cd35029f86d98712fd8ccdaebaf9a?s=96&d=mm&r=g\",\"url\":\"https:\\\/\\\/secure.gravatar.com\\\/avatar\\\/d04101fa4a9fd431e939953b1500fdc7a73cd35029f86d98712fd8ccdaebaf9a?s=96&d=mm&r=g\",\"contentUrl\":\"https:\\\/\\\/secure.gravatar.com\\\/avatar\\\/d04101fa4a9fd431e939953b1500fdc7a73cd35029f86d98712fd8ccdaebaf9a?s=96&d=mm&r=g\",\"caption\":\"Casa de Campo Living\"},\"url\":\"https:\\\/\\\/casadecampoliving.com\\\/es\\\/author\\\/casa-de-campo-living\\\/\"}]}<\/script>\n<!-- \/ Yoast SEO plugin. -->","yoast_head_json":{"title":"Casa de Campo presenta su men\u00fa de Acci\u00f3n de Gracias para un banquete memorable | Casa de Campo Living","description":"El D\u00eda de Acci\u00f3n de Gracias, una tradici\u00f3n estadounidense de larga data, se abre paso en el tapiz cultural de la Rep\u00fablica Dominicana a pesar de no ser un","robots":{"index":"index","follow":"follow","max-snippet":"max-snippet:-1","max-image-preview":"max-image-preview:large","max-video-preview":"max-video-preview:-1"},"canonical":"https:\/\/casadecampoliving.com\/es\/casa-de-campo-presenta-su-menu-para-accion-de-gracias-para-un-banquete-memorable\/","og_locale":"es_ES","og_type":"article","og_title":"Casa de Campo presenta su men\u00fa de Acci\u00f3n de Gracias para un banquete memorable | Casa de Campo Living","og_description":"El D\u00eda de Acci\u00f3n de Gracias, una tradici\u00f3n estadounidense de larga data, se abre paso en el tapiz cultural de la Rep\u00fablica Dominicana a pesar de no ser un","og_url":"https:\/\/casadecampoliving.com\/es\/casa-de-campo-presenta-su-menu-para-accion-de-gracias-para-un-banquete-memorable\/","og_site_name":"Casa de Campo Living","article_publisher":"https:\/\/www.facebook.com\/casadecampoliving","article_published_time":"2023-11-17T18:21:33+00:00","article_modified_time":"2023-11-22T13:20:41+00:00","og_image":[{"width":1707,"height":2560,"url":"https:\/\/casadecampoliving.com\/wp-content\/uploads\/2023\/11\/Thanksgiving_pexels-karolina-grabowska-5718024-scaled-e1700505234831.jpg","type":"image\/jpeg"}],"author":"Casa de Campo Living","twitter_card":"summary_large_image","twitter_creator":"@cdcliving","twitter_site":"@cdcliving","twitter_misc":{"Escrito por":"Casa de Campo Living","Tiempo de lectura":"2 minutos"},"schema":{"@context":"https:\/\/schema.org","@graph":[{"@type":"Article","@id":"https:\/\/casadecampoliving.com\/es\/casa-de-campo-presenta-su-menu-para-accion-de-gracias-para-un-banquete-memorable\/#article","isPartOf":{"@id":"https:\/\/casadecampoliving.com\/es\/casa-de-campo-presenta-su-menu-para-accion-de-gracias-para-un-banquete-memorable\/"},"author":{"name":"Casa de Campo Living","@id":"https:\/\/casadecampoliving.com\/es\/#\/schema\/person\/5d2171637a9d11e0e43ce6b8555f9422"},"headline":"Casa de Campo presenta su men\u00fa de Acci\u00f3n de Gracias para un banquete memorable","datePublished":"2023-11-17T18:21:33+00:00","dateModified":"2023-11-22T13:20:41+00:00","mainEntityOfPage":{"@id":"https:\/\/casadecampoliving.com\/es\/casa-de-campo-presenta-su-menu-para-accion-de-gracias-para-un-banquete-memorable\/"},"wordCount":371,"publisher":{"@id":"https:\/\/casadecampoliving.com\/es\/#organization"},"image":{"@id":"https:\/\/casadecampoliving.com\/es\/casa-de-campo-presenta-su-menu-para-accion-de-gracias-para-un-banquete-memorable\/#primaryimage"},"thumbnailUrl":"https:\/\/i0.wp.com\/casadecampoliving.com\/wp-content\/uploads\/2023\/11\/Thanksgiving_pexels-karolina-grabowska-5718024-scaled-e1700505234831.jpg?fit=1707%2C2560&ssl=1","keywords":["Casa de Campo","casa de campo @es","cena","comida","Dining","Proximamente","restaurante"],"articleSection":["Casa de Campo Resort &amp; Villas","Comidas &amp; Bebidas","Comunidad","Proximamente"],"inLanguage":"es"},{"@type":"WebPage","@id":"https:\/\/casadecampoliving.com\/es\/casa-de-campo-presenta-su-menu-para-accion-de-gracias-para-un-banquete-memorable\/","url":"https:\/\/casadecampoliving.com\/es\/casa-de-campo-presenta-su-menu-para-accion-de-gracias-para-un-banquete-memorable\/","name":"Casa de Campo presenta su men\u00fa de Acci\u00f3n de Gracias para un banquete memorable | Casa de Campo Living","isPartOf":{"@id":"https:\/\/casadecampoliving.com\/es\/#website"},"primaryImageOfPage":{"@id":"https:\/\/casadecampoliving.com\/es\/casa-de-campo-presenta-su-menu-para-accion-de-gracias-para-un-banquete-memorable\/#primaryimage"},"image":{"@id":"https:\/\/casadecampoliving.com\/es\/casa-de-campo-presenta-su-menu-para-accion-de-gracias-para-un-banquete-memorable\/#primaryimage"},"thumbnailUrl":"https:\/\/i0.wp.com\/casadecampoliving.com\/wp-content\/uploads\/2023\/11\/Thanksgiving_pexels-karolina-grabowska-5718024-scaled-e1700505234831.jpg?fit=1707%2C2560&ssl=1","datePublished":"2023-11-17T18:21:33+00:00","dateModified":"2023-11-22T13:20:41+00:00","description":"El D\u00eda de Acci\u00f3n de Gracias, una tradici\u00f3n estadounidense de larga data, se abre paso en el tapiz cultural de la Rep\u00fablica Dominicana a pesar de no ser un","breadcrumb":{"@id":"https:\/\/casadecampoliving.com\/es\/casa-de-campo-presenta-su-menu-para-accion-de-gracias-para-un-banquete-memorable\/#breadcrumb"},"inLanguage":"es","potentialAction":[{"@type":"ReadAction","target":["https:\/\/casadecampoliving.com\/es\/casa-de-campo-presenta-su-menu-para-accion-de-gracias-para-un-banquete-memorable\/"]}]},{"@type":"ImageObject","inLanguage":"es","@id":"https:\/\/casadecampoliving.com\/es\/casa-de-campo-presenta-su-menu-para-accion-de-gracias-para-un-banquete-memorable\/#primaryimage","url":"https:\/\/i0.wp.com\/casadecampoliving.com\/wp-content\/uploads\/2023\/11\/Thanksgiving_pexels-karolina-grabowska-5718024-scaled-e1700505234831.jpg?fit=1707%2C2560&ssl=1","contentUrl":"https:\/\/i0.wp.com\/casadecampoliving.com\/wp-content\/uploads\/2023\/11\/Thanksgiving_pexels-karolina-grabowska-5718024-scaled-e1700505234831.jpg?fit=1707%2C2560&ssl=1","width":1707,"height":2560},{"@type":"BreadcrumbList","@id":"https:\/\/casadecampoliving.com\/es\/casa-de-campo-presenta-su-menu-para-accion-de-gracias-para-un-banquete-memorable\/#breadcrumb","itemListElement":[{"@type":"ListItem","position":1,"name":"Home","item":"https:\/\/casadecampoliving.com\/es\/"},{"@type":"ListItem","position":2,"name":"Casa de Campo presenta su men\u00fa de Acci\u00f3n de Gracias para un banquete memorable"}]},{"@type":"WebSite","@id":"https:\/\/casadecampoliving.com\/es\/#website","url":"https:\/\/casadecampoliving.com\/es\/","name":"Casa de Campo Living","description":"Resort community news and resources.","publisher":{"@id":"https:\/\/casadecampoliving.com\/es\/#organization"},"potentialAction":[{"@type":"SearchAction","target":{"@type":"EntryPoint","urlTemplate":"https:\/\/casadecampoliving.com\/es\/?s={search_term_string}"},"query-input":{"@type":"PropertyValueSpecification","valueRequired":true,"valueName":"search_term_string"}}],"inLanguage":"es"},{"@type":"Organization","@id":"https:\/\/casadecampoliving.com\/es\/#organization","name":"Casa de Campo Living","url":"https:\/\/casadecampoliving.com\/es\/","logo":{"@type":"ImageObject","inLanguage":"es","@id":"https:\/\/casadecampoliving.com\/es\/#\/schema\/logo\/image\/","url":"https:\/\/i0.wp.com\/casadecampoliving.com\/wp-content\/uploads\/2022\/07\/CDCLivingLogo_V1-white-sized.png?fit=800%2C214&ssl=1","contentUrl":"https:\/\/i0.wp.com\/casadecampoliving.com\/wp-content\/uploads\/2022\/07\/CDCLivingLogo_V1-white-sized.png?fit=800%2C214&ssl=1","width":800,"height":214,"caption":"Casa de Campo Living"},"image":{"@id":"https:\/\/casadecampoliving.com\/es\/#\/schema\/logo\/image\/"},"sameAs":["https:\/\/www.facebook.com\/casadecampoliving","https:\/\/x.com\/cdcliving"]},{"@type":"Person","@id":"https:\/\/casadecampoliving.com\/es\/#\/schema\/person\/5d2171637a9d11e0e43ce6b8555f9422","name":"Casa de Campo Living","image":{"@type":"ImageObject","inLanguage":"es","@id":"https:\/\/secure.gravatar.com\/avatar\/d04101fa4a9fd431e939953b1500fdc7a73cd35029f86d98712fd8ccdaebaf9a?s=96&d=mm&r=g","url":"https:\/\/secure.gravatar.com\/avatar\/d04101fa4a9fd431e939953b1500fdc7a73cd35029f86d98712fd8ccdaebaf9a?s=96&d=mm&r=g","contentUrl":"https:\/\/secure.gravatar.com\/avatar\/d04101fa4a9fd431e939953b1500fdc7a73cd35029f86d98712fd8ccdaebaf9a?s=96&d=mm&r=g","caption":"Casa de Campo Living"},"url":"https:\/\/casadecampoliving.com\/es\/author\/casa-de-campo-living\/"}]}},"parsely":{"version":"1.1.0","canonical_url":"https:\/\/casadecampoliving.com\/es\/casa-de-campo-presenta-su-menu-para-accion-de-gracias-para-un-banquete-memorable\/","smart_links":{"inbound":0,"outbound":0},"traffic_boost_suggestions_count":0,"meta":{"@context":"https:\/\/schema.org","@type":"NewsArticle","headline":"Casa de Campo presenta su men\u00fa de Acci\u00f3n de Gracias para un banquete memorable","url":"http:\/\/casadecampoliving.com\/es\/casa-de-campo-presenta-su-menu-para-accion-de-gracias-para-un-banquete-memorable\/","mainEntityOfPage":{"@type":"WebPage","@id":"http:\/\/casadecampoliving.com\/es\/casa-de-campo-presenta-su-menu-para-accion-de-gracias-para-un-banquete-memorable\/"},"thumbnailUrl":"https:\/\/i0.wp.com\/casadecampoliving.com\/wp-content\/uploads\/2023\/11\/Thanksgiving_pexels-karolina-grabowska-5718024-scaled-e1700505234831.jpg?resize=150%2C150&ssl=1","image":{"@type":"ImageObject","url":"https:\/\/i0.wp.com\/casadecampoliving.com\/wp-content\/uploads\/2023\/11\/Thanksgiving_pexels-karolina-grabowska-5718024-scaled-e1700505234831.jpg?fit=1707%2C2560&ssl=1"},"articleSection":"Casa de Campo Resort &amp; Villas","author":[{"@type":"Person","name":"Casa de Campo Living"}],"creator":["Casa de Campo Living"],"publisher":{"@type":"Organization","name":"Casa de Campo Living","logo":"https:\/\/casadecampoliving.com\/wp-content\/uploads\/2022\/07\/CDCLivingLogo_V1-white-sized.png"},"keywords":["casa de campo","casa de campo @es","cena","comida","dining","proximamente","restaurante"],"dateCreated":"2023-11-17T18:21:33Z","datePublished":"2023-11-17T18:21:33Z","dateModified":"2023-11-22T13:20:41Z"},"rendered":"<script type=\"application\/ld+json\" class=\"wp-parsely-metadata\">{\"@context\":\"https:\\\/\\\/schema.org\",\"@type\":\"NewsArticle\",\"headline\":\"Casa de Campo presenta su men\\u00fa de Acci\\u00f3n de Gracias para un banquete memorable\",\"url\":\"http:\\\/\\\/casadecampoliving.com\\\/es\\\/casa-de-campo-presenta-su-menu-para-accion-de-gracias-para-un-banquete-memorable\\\/\",\"mainEntityOfPage\":{\"@type\":\"WebPage\",\"@id\":\"http:\\\/\\\/casadecampoliving.com\\\/es\\\/casa-de-campo-presenta-su-menu-para-accion-de-gracias-para-un-banquete-memorable\\\/\"},\"thumbnailUrl\":\"https:\\\/\\\/i0.wp.com\\\/casadecampoliving.com\\\/wp-content\\\/uploads\\\/2023\\\/11\\\/Thanksgiving_pexels-karolina-grabowska-5718024-scaled-e1700505234831.jpg?resize=150%2C150&ssl=1\",\"image\":{\"@type\":\"ImageObject\",\"url\":\"https:\\\/\\\/i0.wp.com\\\/casadecampoliving.com\\\/wp-content\\\/uploads\\\/2023\\\/11\\\/Thanksgiving_pexels-karolina-grabowska-5718024-scaled-e1700505234831.jpg?fit=1707%2C2560&ssl=1\"},\"articleSection\":\"Casa de Campo Resort &amp; Villas\",\"author\":[{\"@type\":\"Person\",\"name\":\"Casa de Campo Living\"}],\"creator\":[\"Casa de Campo Living\"],\"publisher\":{\"@type\":\"Organization\",\"name\":\"Casa de Campo Living\",\"logo\":\"https:\\\/\\\/casadecampoliving.com\\\/wp-content\\\/uploads\\\/2022\\\/07\\\/CDCLivingLogo_V1-white-sized.png\"},\"keywords\":[\"casa de campo\",\"casa de campo @es\",\"cena\",\"comida\",\"dining\",\"proximamente\",\"restaurante\"],\"dateCreated\":\"2023-11-17T18:21:33Z\",\"datePublished\":\"2023-11-17T18:21:33Z\",\"dateModified\":\"2023-11-22T13:20:41Z\"}<\/script>","tracker_url":"https:\/\/cdn.parsely.com\/keys\/casadecampoliving.com\/p.js"},"jetpack_publicize_connections":[],"jetpack_featured_media_url":"https:\/\/i0.wp.com\/casadecampoliving.com\/wp-content\/uploads\/2023\/11\/Thanksgiving_pexels-karolina-grabowska-5718024-scaled-e1700505234831.jpg?fit=1707%2C2560&ssl=1","jetpack-related-posts":[{"id":353908,"url":"https:\/\/casadecampoliving.com\/es\/ordene-una-increible-comida-de-accion-de-gracias-con-los-menus-especiales-y-los-servicios-de-catering-de-casa-de-campo\/","url_meta":{"origin":524370,"position":0},"title":"Ordene una incre\u00edble comida de Acci\u00f3n de Gracias con los men\u00fas especiales y los servicios de catering de Casa de Campo","author":"Casa de Campo Living","date":"12 Nov, 2020","format":false,"excerpt":"Acci\u00f3n de Gracias ya casi est\u00e1 aqu\u00ed. Algunos han elegido no celebrar, celebrar en grupos m\u00e1s peque\u00f1os, utilizar medidas de distanciamiento social y m\u00e1s. Este a\u00f1o ha sido difrente, y estamos seguros de que todos hemos tenido nuestros altibajos, pero estamos seguros de que todos tenemos cosas por las que\u2026","rel":"","context":"En \u00abCasa de Campo Living @es\u00bb","block_context":{"text":"Casa de Campo Living @es","link":"https:\/\/casadecampoliving.com\/category\/casa-de-campo-living-es\/"},"img":{"alt_text":"Thanksgiving in Casa de Campo","src":"https:\/\/i0.wp.com\/casadecampoliving.com\/wp-content\/uploads\/2022\/10\/Thanksgiving_Casa_de_Campo01.jpg?fit=1000%2C667&ssl=1&resize=350%2C200","width":350,"height":200,"srcset":"https:\/\/i0.wp.com\/casadecampoliving.com\/wp-content\/uploads\/2022\/10\/Thanksgiving_Casa_de_Campo01.jpg?fit=1000%2C667&ssl=1&resize=350%2C200 1x, https:\/\/i0.wp.com\/casadecampoliving.com\/wp-content\/uploads\/2022\/10\/Thanksgiving_Casa_de_Campo01.jpg?fit=1000%2C667&ssl=1&resize=525%2C300 1.5x, https:\/\/i0.wp.com\/casadecampoliving.com\/wp-content\/uploads\/2022\/10\/Thanksgiving_Casa_de_Campo01.jpg?fit=1000%2C667&ssl=1&resize=700%2C400 2x"},"classes":[]},{"id":510986,"url":"https:\/\/casadecampoliving.com\/es\/este-ano-ordene-una-increible-comida-de-accion-de-gracias-con-los-menus-especiales-y-servicios-de-catering-de-casa-de-campo\/","url_meta":{"origin":524370,"position":1},"title":"Este a\u00f1o ordene una incre\u00edble comida de Acci\u00f3n de Gracias con los men\u00fas especiales y Servicios de Catering de Casa de Campo","author":"Casa de Campo Living","date":"15 Nov, 2022","format":false,"excerpt":"El D\u00eda de Acci\u00f3n de Gracias puede no ser una tradici\u00f3n dominicana y ciertamente no es un d\u00eda festivo dominicano (lo que significa que no tenemos un d\u00eda libre), PERO, es un d\u00eda que todav\u00eda se celebra en la Rep\u00fablica Dominicana, \u00a1por muchas personas y de muchas maneras diferentes! Si\u2026","rel":"","context":"En \u00abUncategorized @es\u00bb","block_context":{"text":"Uncategorized @es","link":"https:\/\/casadecampoliving.com\/es\/category\/uncategorized-es\/"},"img":{"alt_text":"Thanksgiving in Casa de Campo","src":"https:\/\/i0.wp.com\/casadecampoliving.com\/wp-content\/uploads\/2022\/10\/Thanksgiving_Casa_de_Campo01.jpg?fit=1000%2C667&ssl=1&resize=350%2C200","width":350,"height":200,"srcset":"https:\/\/i0.wp.com\/casadecampoliving.com\/wp-content\/uploads\/2022\/10\/Thanksgiving_Casa_de_Campo01.jpg?fit=1000%2C667&ssl=1&resize=350%2C200 1x, https:\/\/i0.wp.com\/casadecampoliving.com\/wp-content\/uploads\/2022\/10\/Thanksgiving_Casa_de_Campo01.jpg?fit=1000%2C667&ssl=1&resize=525%2C300 1.5x, https:\/\/i0.wp.com\/casadecampoliving.com\/wp-content\/uploads\/2022\/10\/Thanksgiving_Casa_de_Campo01.jpg?fit=1000%2C667&ssl=1&resize=700%2C400 2x"},"classes":[]},{"id":353610,"url":"https:\/\/casadecampoliving.com\/es\/celebre-el-dia-de-accion-de-gracias-en-casa-de-campo-aproveche-los-especiales-en-restaurantes-y-para-su-hogar\/","url_meta":{"origin":524370,"position":2},"title":"Celebre el D\u00eda de Acci\u00f3n de Gracias en Casa de Campo: \u00a1Aproveche los especiales en restaurantes y para su hogar!","author":"Casa de Campo Living","date":"25 Nov, 2019","format":false,"excerpt":"El\u00a0d\u00eda\u00a0de\u00a0Acci\u00f3n\u00a0de Gracias puede que no sea una\u00a0tradici\u00f3n\u00a0dominicana y mucho menos un\u00a0d\u00eda\u00a0feriado (ya que no tenemos el\u00a0d\u00eda\u00a0libre), PERO, el\u00a0d\u00eda\u00a0de\u00a0Acci\u00f3n\u00a0de Gracias aun\u00a0as\u00ed\u00a0se celebra por muchas personas y de\u00a0m\u00faltiples\u00a0maneras en la\u00a0Rep\u00fablica\u00a0Dominicana. Mientras que la competencia de Mejor Pavo de la semana pasada prepar\u00f3 nuestros barrigas para el D\u00eda de Acci\u00f3n de Gracias, \u00a1el\u2026","rel":"","context":"En \u00abComidas &amp; Bebidas\u00bb","block_context":{"text":"Comidas &amp; Bebidas","link":"https:\/\/casadecampoliving.com\/es\/category\/comidas-bebidas\/"},"img":{"alt_text":"Thanksgiving in Casa de Campo","src":"https:\/\/i0.wp.com\/casadecampoliving.com\/wp-content\/uploads\/2022\/10\/Thanksgiving_Casa_de_Campo01.jpg?fit=1000%2C667&ssl=1&resize=350%2C200","width":350,"height":200,"srcset":"https:\/\/i0.wp.com\/casadecampoliving.com\/wp-content\/uploads\/2022\/10\/Thanksgiving_Casa_de_Campo01.jpg?fit=1000%2C667&ssl=1&resize=350%2C200 1x, https:\/\/i0.wp.com\/casadecampoliving.com\/wp-content\/uploads\/2022\/10\/Thanksgiving_Casa_de_Campo01.jpg?fit=1000%2C667&ssl=1&resize=525%2C300 1.5x, https:\/\/i0.wp.com\/casadecampoliving.com\/wp-content\/uploads\/2022\/10\/Thanksgiving_Casa_de_Campo01.jpg?fit=1000%2C667&ssl=1&resize=700%2C400 2x"},"classes":[]},{"id":337410,"url":"https:\/\/casadecampoliving.com\/es\/thanksgiving-2011-en-casa-de-campo-eventos-actividades-y-ofertas\/","url_meta":{"origin":524370,"position":3},"title":"Thanksgiving 2011 en Casa de Campo: Eventos, actividades y ofertas!","author":"Rebecca Silvestri","date":"21 Nov, 2011","format":false,"excerpt":"Esta semana en Casa de Campo es la semana de\u00a0\u201cAcci\u00f3n de Gracias\u201c\u2013\u00a0por lo que\u00a0aqu\u00ed les traemos todas las actividades, cenas especiales y ofertas, que los negocios de Casa de Campo estar\u00e1n ofreciendo! Thanksgiving en Gino in TrastevereEste a\u00f1o, el restaurante Italiano, \u201cGino\u00a0in\u00a0Trastevere\u201d les invita a disfrutar la Cena Acci\u00f3n de\u2026","rel":"","context":"En \u00abCasa de Campo Living @es\u00bb","block_context":{"text":"Casa de Campo Living @es","link":"https:\/\/casadecampoliving.com\/category\/casa-de-campo-living-es\/"},"img":{"alt_text":"","src":"https:\/\/i0.wp.com\/casadecampoliving.com\/wp-content\/uploads\/2022\/10\/thanksgiving_casa_de_campo6-1.jpg?fit=650%2C359&ssl=1&resize=350%2C200","width":350,"height":200,"srcset":"https:\/\/i0.wp.com\/casadecampoliving.com\/wp-content\/uploads\/2022\/10\/thanksgiving_casa_de_campo6-1.jpg?fit=650%2C359&ssl=1&resize=350%2C200 1x, https:\/\/i0.wp.com\/casadecampoliving.com\/wp-content\/uploads\/2022\/10\/thanksgiving_casa_de_campo6-1.jpg?fit=650%2C359&ssl=1&resize=525%2C300 1.5x"},"classes":[]},{"id":354187,"url":"https:\/\/casadecampoliving.com\/es\/celebre-el-dia-de-accion-de-gracias-en-casa-de-campo-con-sus-deliciosos-menus-festivos-y-servicio-de-catering\/","url_meta":{"origin":524370,"position":4},"title":"Celebre el D\u00eda de Acci\u00f3n de Gracias en Casa de Campo con sus deliciosos men\u00fas festivos y servicio de catering","author":"Casa de Campo Living","date":"29 Oct, 2021","format":false,"excerpt":"\u00bfPuede creer que es el 1ro de noviembre? Acci\u00f3n de Gracias ya casi est\u00e1 aqu\u00ed. Si bien algunas familias y amigos todav\u00eda dudan un poco y eligen no celebrar, otros han optado por celebrar en grupos m\u00e1s peque\u00f1os de lo habitual. Si bien puede que no sea una tradici\u00f3n dominicana\u2026","rel":"","context":"En \u00abCasa de Campo Living @es\u00bb","block_context":{"text":"Casa de Campo Living @es","link":"https:\/\/casadecampoliving.com\/category\/casa-de-campo-living-es\/"},"img":{"alt_text":"Thanksgiving in Casa de Campo","src":"https:\/\/i0.wp.com\/casadecampoliving.com\/wp-content\/uploads\/2022\/10\/Thanksgiving_Casa_de_Campo01.jpg?fit=1000%2C667&ssl=1&resize=350%2C200","width":350,"height":200,"srcset":"https:\/\/i0.wp.com\/casadecampoliving.com\/wp-content\/uploads\/2022\/10\/Thanksgiving_Casa_de_Campo01.jpg?fit=1000%2C667&ssl=1&resize=350%2C200 1x, https:\/\/i0.wp.com\/casadecampoliving.com\/wp-content\/uploads\/2022\/10\/Thanksgiving_Casa_de_Campo01.jpg?fit=1000%2C667&ssl=1&resize=525%2C300 1.5x, https:\/\/i0.wp.com\/casadecampoliving.com\/wp-content\/uploads\/2022\/10\/Thanksgiving_Casa_de_Campo01.jpg?fit=1000%2C667&ssl=1&resize=700%2C400 2x"},"classes":[]},{"id":353938,"url":"https:\/\/casadecampoliving.com\/es\/los-menu-especiales-de-navidad-y-ano-nuevo-en-casa-de-campo-hacen-que-las-fiestas-sean-aun-mas-felices\/","url_meta":{"origin":524370,"position":5},"title":"\u00a1Los men\u00fa especiales de Navidad y A\u00f1o Nuevo en Casa de Campo hacen que las fiestas sean a\u00fan m\u00e1s felices!","author":"Casa de Campo Living","date":"11 Dic, 2020","format":false,"excerpt":"Ha montado las decoraciones navide\u00f1as, ha puesto luces en el exterior y adornos en el \u00e1rbol, y ya ha reservado la fecha para todas las maravillosas actividades navide\u00f1as que tienen lugar en Casa. Aunque este a\u00f1o el grupo puede estar limitado a los m\u00e1s cercanos a ti, rod\u00e9ate de tus\u2026","rel":"","context":"En \u00abCasa de Campo Living @es\u00bb","block_context":{"text":"Casa de Campo Living @es","link":"https:\/\/casadecampoliving.com\/category\/casa-de-campo-living-es\/"},"img":{"alt_text":"","src":"https:\/\/i0.wp.com\/casadecampoliving.com\/wp-content\/uploads\/2022\/10\/libby-penner-tu0nCdW7V4o-unsplash-1.jpg?fit=1000%2C668&ssl=1&resize=350%2C200","width":350,"height":200,"srcset":"https:\/\/i0.wp.com\/casadecampoliving.com\/wp-content\/uploads\/2022\/10\/libby-penner-tu0nCdW7V4o-unsplash-1.jpg?fit=1000%2C668&ssl=1&resize=350%2C200 1x, https:\/\/i0.wp.com\/casadecampoliving.com\/wp-content\/uploads\/2022\/10\/libby-penner-tu0nCdW7V4o-unsplash-1.jpg?fit=1000%2C668&ssl=1&resize=525%2C300 1.5x, https:\/\/i0.wp.com\/casadecampoliving.com\/wp-content\/uploads\/2022\/10\/libby-penner-tu0nCdW7V4o-unsplash-1.jpg?fit=1000%2C668&ssl=1&resize=700%2C400 2x"},"classes":[]}],"jetpack_sharing_enabled":true,"_links":{"self":[{"href":"https:\/\/casadecampoliving.com\/es\/wp-json\/wp\/v2\/posts\/524370","targetHints":{"allow":["GET"]}}],"collection":[{"href":"https:\/\/casadecampoliving.com\/es\/wp-json\/wp\/v2\/posts"}],"about":[{"href":"https:\/\/casadecampoliving.com\/es\/wp-json\/wp\/v2\/types\/post"}],"author":[{"embeddable":true,"href":"https:\/\/casadecampoliving.com\/es\/wp-json\/wp\/v2\/users\/36791"}],"replies":[{"embeddable":true,"href":"https:\/\/casadecampoliving.com\/es\/wp-json\/wp\/v2\/comments?post=524370"}],"version-history":[{"count":5,"href":"https:\/\/casadecampoliving.com\/es\/wp-json\/wp\/v2\/posts\/524370\/revisions"}],"predecessor-version":[{"id":524402,"href":"https:\/\/casadecampoliving.com\/es\/wp-json\/wp\/v2\/posts\/524370\/revisions\/524402"}],"wp:featuredmedia":[{"embeddable":true,"href":"https:\/\/casadecampoliving.com\/es\/wp-json\/wp\/v2\/media\/524368"}],"wp:attachment":[{"href":"https:\/\/casadecampoliving.com\/es\/wp-json\/wp\/v2\/media?parent=524370"}],"wp:term":[{"taxonomy":"category","embeddable":true,"href":"https:\/\/casadecampoliving.com\/es\/wp-json\/wp\/v2\/categories?post=524370"},{"taxonomy":"post_tag","embeddable":true,"href":"https:\/\/casadecampoliving.com\/es\/wp-json\/wp\/v2\/tags?post=524370"},{"taxonomy":"newspack_spnsrs_tax","embeddable":true,"href":"https:\/\/casadecampoliving.com\/es\/wp-json\/wp\/v2\/newspack_spnsrs_tax?post=524370"}],"curies":[{"name":"wp","href":"https:\/\/api.w.org\/{rel}","templated":true}]}}