{"id":523933,"date":"2023-11-02T17:40:41","date_gmt":"2023-11-02T21:40:41","guid":{"rendered":"https:\/\/casadecampoliving.com\/?p=523933"},"modified":"2023-11-07T10:46:35","modified_gmt":"2023-11-07T14:46:35","slug":"celebracion-anual-de-halloween-de-la-escuela-abraham-lincoln","status":"publish","type":"post","link":"https:\/\/casadecampoliving.com\/es\/celebracion-anual-de-halloween-de-la-escuela-abraham-lincoln\/","title":{"rendered":"Celebraci\u00f3n Anual de Halloween de la Escuela Abraham Lincoln"},"content":{"rendered":"\n<p>El 31 de octubre, d\u00eda de Halloween, la Escuela Abraham Lincoln cobr\u00f3 vida con una celebraci\u00f3n llena de entusiasmo, ya que los estudiantes de Pre-Kinder y Kindergarten se reunieron para su Fiesta Anual de Halloween.<\/p>\n\n\n\n<p>En una animada exhibici\u00f3n de alegr\u00eda juvenil, tanto los estudiantes como los maestros abrazaron el esp\u00edritu festivo vistiendo una variedad de disfraces creativos. El d\u00eda estuvo lleno de emociones y diversi\u00f3n.<\/p>\n\n\n\n<p>La dicha llen\u00f3 el ambiente mientras los estudiantes saboreaban deliciosos bocados y refrescantes bebidas. Fue un d\u00eda en el que la camarader\u00eda y la creatividad florecieron, creando recuerdos que los estudiantes atesorar\u00e1n durante a\u00f1os.<\/p>\n\n\n\n<p>*<em>Fotos tomadas por Dibenchi de los Santos<\/em><\/p>\n\n\n\n<figure class=\"wp-block-gallery has-nested-images columns-default is-cropped wp-block-gallery-1 is-layout-flex wp-block-gallery-is-layout-flex\">\n<figure class=\"wp-block-image size-large\"><img data-recalc-dims=\"1\" loading=\"lazy\" decoding=\"async\" width=\"1024\" height=\"768\" data-id=\"523881\" src=\"https:\/\/i0.wp.com\/casadecampoliving.com\/wp-content\/uploads\/2023\/11\/Abraham-Lincoln-School-Halloween-2023-3.jpg?resize=1024%2C768&#038;ssl=1\" alt=\"\" class=\"wp-image-523881\" srcset=\"https:\/\/i0.wp.com\/casadecampoliving.com\/wp-content\/uploads\/2023\/11\/Abraham-Lincoln-School-Halloween-2023-3.jpg?resize=1024%2C768&amp;ssl=1 1024w, https:\/\/i0.wp.com\/casadecampoliving.com\/wp-content\/uploads\/2023\/11\/Abraham-Lincoln-School-Halloween-2023-3.jpg?resize=300%2C225&amp;ssl=1 300w, https:\/\/i0.wp.com\/casadecampoliving.com\/wp-content\/uploads\/2023\/11\/Abraham-Lincoln-School-Halloween-2023-3.jpg?resize=768%2C576&amp;ssl=1 768w, https:\/\/i0.wp.com\/casadecampoliving.com\/wp-content\/uploads\/2023\/11\/Abraham-Lincoln-School-Halloween-2023-3.jpg?resize=1536%2C1152&amp;ssl=1 1536w, https:\/\/i0.wp.com\/casadecampoliving.com\/wp-content\/uploads\/2023\/11\/Abraham-Lincoln-School-Halloween-2023-3.jpg?resize=2048%2C1536&amp;ssl=1 2048w, https:\/\/i0.wp.com\/casadecampoliving.com\/wp-content\/uploads\/2023\/11\/Abraham-Lincoln-School-Halloween-2023-3.jpg?resize=1200%2C900&amp;ssl=1 1200w, https:\/\/i0.wp.com\/casadecampoliving.com\/wp-content\/uploads\/2023\/11\/Abraham-Lincoln-School-Halloween-2023-3.jpg?resize=800%2C600&amp;ssl=1 800w, https:\/\/i0.wp.com\/casadecampoliving.com\/wp-content\/uploads\/2023\/11\/Abraham-Lincoln-School-Halloween-2023-3.jpg?resize=600%2C450&amp;ssl=1 600w, https:\/\/i0.wp.com\/casadecampoliving.com\/wp-content\/uploads\/2023\/11\/Abraham-Lincoln-School-Halloween-2023-3.jpg?resize=400%2C300&amp;ssl=1 400w, https:\/\/i0.wp.com\/casadecampoliving.com\/wp-content\/uploads\/2023\/11\/Abraham-Lincoln-School-Halloween-2023-3.jpg?resize=200%2C150&amp;ssl=1 200w, https:\/\/i0.wp.com\/casadecampoliving.com\/wp-content\/uploads\/2023\/11\/Abraham-Lincoln-School-Halloween-2023-3.jpg?resize=1568%2C1176&amp;ssl=1 1568w, https:\/\/i0.wp.com\/casadecampoliving.com\/wp-content\/uploads\/2023\/11\/Abraham-Lincoln-School-Halloween-2023-3.jpg?resize=1320%2C990&amp;ssl=1 1320w, https:\/\/i0.wp.com\/casadecampoliving.com\/wp-content\/uploads\/2023\/11\/Abraham-Lincoln-School-Halloween-2023-3.jpg?resize=150%2C113&amp;ssl=1 150w, https:\/\/i0.wp.com\/casadecampoliving.com\/wp-content\/uploads\/2023\/11\/Abraham-Lincoln-School-Halloween-2023-3-1024x768.jpg?w=370&amp;ssl=1 370w\" sizes=\"auto, (max-width: 1000px) 100vw, 1000px\" \/><\/figure>\n\n\n\n<figure class=\"wp-block-image size-large\"><img data-recalc-dims=\"1\" loading=\"lazy\" decoding=\"async\" width=\"1024\" height=\"768\" data-id=\"523879\" src=\"https:\/\/i0.wp.com\/casadecampoliving.com\/wp-content\/uploads\/2023\/11\/Abraham-Lincoln-School-Halloween-2023-2.jpg?resize=1024%2C768&#038;ssl=1\" alt=\"\" class=\"wp-image-523879\" srcset=\"https:\/\/i0.wp.com\/casadecampoliving.com\/wp-content\/uploads\/2023\/11\/Abraham-Lincoln-School-Halloween-2023-2.jpg?resize=1024%2C768&amp;ssl=1 1024w, https:\/\/i0.wp.com\/casadecampoliving.com\/wp-content\/uploads\/2023\/11\/Abraham-Lincoln-School-Halloween-2023-2.jpg?resize=300%2C225&amp;ssl=1 300w, https:\/\/i0.wp.com\/casadecampoliving.com\/wp-content\/uploads\/2023\/11\/Abraham-Lincoln-School-Halloween-2023-2.jpg?resize=768%2C576&amp;ssl=1 768w, https:\/\/i0.wp.com\/casadecampoliving.com\/wp-content\/uploads\/2023\/11\/Abraham-Lincoln-School-Halloween-2023-2.jpg?resize=1536%2C1152&amp;ssl=1 1536w, https:\/\/i0.wp.com\/casadecampoliving.com\/wp-content\/uploads\/2023\/11\/Abraham-Lincoln-School-Halloween-2023-2.jpg?resize=2048%2C1536&amp;ssl=1 2048w, https:\/\/i0.wp.com\/casadecampoliving.com\/wp-content\/uploads\/2023\/11\/Abraham-Lincoln-School-Halloween-2023-2.jpg?resize=1200%2C900&amp;ssl=1 1200w, https:\/\/i0.wp.com\/casadecampoliving.com\/wp-content\/uploads\/2023\/11\/Abraham-Lincoln-School-Halloween-2023-2.jpg?resize=800%2C600&amp;ssl=1 800w, https:\/\/i0.wp.com\/casadecampoliving.com\/wp-content\/uploads\/2023\/11\/Abraham-Lincoln-School-Halloween-2023-2.jpg?resize=600%2C450&amp;ssl=1 600w, https:\/\/i0.wp.com\/casadecampoliving.com\/wp-content\/uploads\/2023\/11\/Abraham-Lincoln-School-Halloween-2023-2.jpg?resize=400%2C300&amp;ssl=1 400w, https:\/\/i0.wp.com\/casadecampoliving.com\/wp-content\/uploads\/2023\/11\/Abraham-Lincoln-School-Halloween-2023-2.jpg?resize=200%2C150&amp;ssl=1 200w, https:\/\/i0.wp.com\/casadecampoliving.com\/wp-content\/uploads\/2023\/11\/Abraham-Lincoln-School-Halloween-2023-2.jpg?resize=1568%2C1176&amp;ssl=1 1568w, https:\/\/i0.wp.com\/casadecampoliving.com\/wp-content\/uploads\/2023\/11\/Abraham-Lincoln-School-Halloween-2023-2.jpg?resize=1320%2C990&amp;ssl=1 1320w, https:\/\/i0.wp.com\/casadecampoliving.com\/wp-content\/uploads\/2023\/11\/Abraham-Lincoln-School-Halloween-2023-2.jpg?resize=150%2C113&amp;ssl=1 150w, https:\/\/i0.wp.com\/casadecampoliving.com\/wp-content\/uploads\/2023\/11\/Abraham-Lincoln-School-Halloween-2023-2-1024x768.jpg?w=370&amp;ssl=1 370w\" sizes=\"auto, (max-width: 1000px) 100vw, 1000px\" \/><\/figure>\n<\/figure>\n\n\n\n<p> <\/p>\n","protected":false},"excerpt":{"rendered":"<p>El 31 de octubre, d\u00eda de Halloween, la Escuela Abraham Lincoln cobr\u00f3 vida con una celebraci\u00f3n llena de entusiasmo, ya que los estudiantes de Pre-Kinder y Kindergarten se reunieron para su Fiesta Anual de Halloween. En una animada exhibici\u00f3n de alegr\u00eda juvenil, tanto los estudiantes como los maestros abrazaron el esp\u00edritu festivo vistiendo una variedad [&hellip;]<\/p>\n","protected":false},"author":36791,"featured_media":523883,"comment_status":"closed","ping_status":"closed","sticky":false,"template":"","format":"standard","meta":{"newspack_ads_suppress_ads":false,"newspack_popups_has_disabled_popups":false,"newspack_sponsor_sponsorship_scope":"","newspack_sponsor_native_byline_display":"inherit","newspack_sponsor_native_category_display":"inherit","newspack_sponsor_underwriter_style":"inherit","newspack_sponsor_underwriter_placement":"inherit","_newspack_byline_active":false,"_newspack_byline":"","newspack_hide_updated_date":false,"newspack_show_updated_date":false,"newspack_content_restriction_is_exempt":false,"newspack_featured_image_position":"large","newspack_post_subtitle":"","newspack_article_summary_title":"Overview:","newspack_article_summary":"","_jetpack_memberships_contains_paid_content":false,"footnotes":"","jetpack_publicize_message":"","jetpack_publicize_feature_enabled":true,"jetpack_social_post_already_shared":false,"jetpack_social_options":{"image_generator_settings":{"template":"highway","default_image_id":0,"font":"","enabled":false},"version":2},"_wpas_customize_per_network":false},"categories":[2522,2506],"tags":[4485,24346,18932],"newspack_spnsrs_tax":[],"class_list":["post-523933","post","type-post","status-publish","format-standard","has-post-thumbnail","hentry","category-eventos-es","category-mas-alla-de-casa-es","tag-abraham-lincoln-school-es","tag-featured-es","tag-la-romana-es-4","entry"],"yoast_head":"<!-- This site is optimized with the Yoast SEO plugin v27.5 - https:\/\/yoast.com\/product\/yoast-seo-wordpress\/ -->\n<title>Celebraci\u00f3n Anual de Halloween de la Escuela Abraham Lincoln | Casa de Campo Living<\/title>\n<meta name=\"description\" content=\"El 31 de octubre, d\u00eda de Halloween, la Escuela Abraham Lincoln cobr\u00f3 vida con una celebraci\u00f3n llena de entusiasmo, ya que los estudiantes de Pre-Kinder y\" \/>\n<meta name=\"robots\" content=\"index, follow, max-snippet:-1, max-image-preview:large, max-video-preview:-1\" \/>\n<link rel=\"canonical\" href=\"https:\/\/casadecampoliving.com\/es\/celebracion-anual-de-halloween-de-la-escuela-abraham-lincoln\/\" \/>\n<meta property=\"og:locale\" content=\"es_ES\" \/>\n<meta property=\"og:type\" content=\"article\" \/>\n<meta property=\"og:title\" content=\"Celebraci\u00f3n Anual de Halloween de la Escuela Abraham Lincoln | Casa de Campo Living\" \/>\n<meta property=\"og:description\" content=\"El 31 de octubre, d\u00eda de Halloween, la Escuela Abraham Lincoln cobr\u00f3 vida con una celebraci\u00f3n llena de entusiasmo, ya que los estudiantes de Pre-Kinder y\" \/>\n<meta property=\"og:url\" content=\"https:\/\/casadecampoliving.com\/es\/celebracion-anual-de-halloween-de-la-escuela-abraham-lincoln\/\" \/>\n<meta property=\"og:site_name\" content=\"Casa de Campo Living\" \/>\n<meta property=\"article:publisher\" content=\"https:\/\/www.facebook.com\/casadecampoliving\" \/>\n<meta property=\"article:published_time\" content=\"2023-11-02T21:40:41+00:00\" \/>\n<meta property=\"article:modified_time\" content=\"2023-11-07T14:46:35+00:00\" \/>\n<meta property=\"og:image\" content=\"https:\/\/casadecampoliving.com\/wp-content\/uploads\/2023\/11\/Abraham-Lincoln-School-Halloween-2023-1.jpg\" \/>\n\t<meta property=\"og:image:width\" content=\"2400\" \/>\n\t<meta property=\"og:image:height\" content=\"1800\" \/>\n\t<meta property=\"og:image:type\" content=\"image\/jpeg\" \/>\n<meta name=\"author\" content=\"Casa de Campo Living\" \/>\n<meta name=\"twitter:card\" content=\"summary_large_image\" \/>\n<meta name=\"twitter:creator\" content=\"@cdcliving\" \/>\n<meta name=\"twitter:site\" content=\"@cdcliving\" \/>\n<meta name=\"twitter:label1\" content=\"Escrito por\" \/>\n\t<meta name=\"twitter:data1\" content=\"Casa de Campo Living\" \/>\n\t<meta name=\"twitter:label2\" content=\"Tiempo de lectura\" \/>\n\t<meta name=\"twitter:data2\" content=\"1 minuto\" \/>\n<script type=\"application\/ld+json\" class=\"yoast-schema-graph\">{\"@context\":\"https:\\\/\\\/schema.org\",\"@graph\":[{\"@type\":\"Article\",\"@id\":\"https:\\\/\\\/casadecampoliving.com\\\/es\\\/celebracion-anual-de-halloween-de-la-escuela-abraham-lincoln\\\/#article\",\"isPartOf\":{\"@id\":\"https:\\\/\\\/casadecampoliving.com\\\/es\\\/celebracion-anual-de-halloween-de-la-escuela-abraham-lincoln\\\/\"},\"author\":{\"name\":\"Casa de Campo Living\",\"@id\":\"https:\\\/\\\/casadecampoliving.com\\\/es\\\/#\\\/schema\\\/person\\\/5d2171637a9d11e0e43ce6b8555f9422\"},\"headline\":\"Celebraci\u00f3n Anual de Halloween de la Escuela Abraham Lincoln\",\"datePublished\":\"2023-11-02T21:40:41+00:00\",\"dateModified\":\"2023-11-07T14:46:35+00:00\",\"mainEntityOfPage\":{\"@id\":\"https:\\\/\\\/casadecampoliving.com\\\/es\\\/celebracion-anual-de-halloween-de-la-escuela-abraham-lincoln\\\/\"},\"wordCount\":127,\"publisher\":{\"@id\":\"https:\\\/\\\/casadecampoliving.com\\\/es\\\/#organization\"},\"image\":{\"@id\":\"https:\\\/\\\/casadecampoliving.com\\\/es\\\/celebracion-anual-de-halloween-de-la-escuela-abraham-lincoln\\\/#primaryimage\"},\"thumbnailUrl\":\"https:\\\/\\\/i0.wp.com\\\/casadecampoliving.com\\\/wp-content\\\/uploads\\\/2023\\\/11\\\/Abraham-Lincoln-School-Halloween-2023-1.jpg?fit=2400%2C1800&ssl=1\",\"keywords\":[\"Abraham Lincoln School @es\",\"Featured\",\"La Romana\"],\"articleSection\":[\"Eventos\",\"M\u00e1s all\u00e1 de Casa\"],\"inLanguage\":\"es\"},{\"@type\":\"WebPage\",\"@id\":\"https:\\\/\\\/casadecampoliving.com\\\/es\\\/celebracion-anual-de-halloween-de-la-escuela-abraham-lincoln\\\/\",\"url\":\"https:\\\/\\\/casadecampoliving.com\\\/es\\\/celebracion-anual-de-halloween-de-la-escuela-abraham-lincoln\\\/\",\"name\":\"Celebraci\u00f3n Anual de Halloween de la Escuela Abraham Lincoln | Casa de Campo Living\",\"isPartOf\":{\"@id\":\"https:\\\/\\\/casadecampoliving.com\\\/es\\\/#website\"},\"primaryImageOfPage\":{\"@id\":\"https:\\\/\\\/casadecampoliving.com\\\/es\\\/celebracion-anual-de-halloween-de-la-escuela-abraham-lincoln\\\/#primaryimage\"},\"image\":{\"@id\":\"https:\\\/\\\/casadecampoliving.com\\\/es\\\/celebracion-anual-de-halloween-de-la-escuela-abraham-lincoln\\\/#primaryimage\"},\"thumbnailUrl\":\"https:\\\/\\\/i0.wp.com\\\/casadecampoliving.com\\\/wp-content\\\/uploads\\\/2023\\\/11\\\/Abraham-Lincoln-School-Halloween-2023-1.jpg?fit=2400%2C1800&ssl=1\",\"datePublished\":\"2023-11-02T21:40:41+00:00\",\"dateModified\":\"2023-11-07T14:46:35+00:00\",\"description\":\"El 31 de octubre, d\u00eda de Halloween, la Escuela Abraham Lincoln cobr\u00f3 vida con una celebraci\u00f3n llena de entusiasmo, ya que los estudiantes de Pre-Kinder y\",\"breadcrumb\":{\"@id\":\"https:\\\/\\\/casadecampoliving.com\\\/es\\\/celebracion-anual-de-halloween-de-la-escuela-abraham-lincoln\\\/#breadcrumb\"},\"inLanguage\":\"es\",\"potentialAction\":[{\"@type\":\"ReadAction\",\"target\":[\"https:\\\/\\\/casadecampoliving.com\\\/es\\\/celebracion-anual-de-halloween-de-la-escuela-abraham-lincoln\\\/\"]}]},{\"@type\":\"ImageObject\",\"inLanguage\":\"es\",\"@id\":\"https:\\\/\\\/casadecampoliving.com\\\/es\\\/celebracion-anual-de-halloween-de-la-escuela-abraham-lincoln\\\/#primaryimage\",\"url\":\"https:\\\/\\\/i0.wp.com\\\/casadecampoliving.com\\\/wp-content\\\/uploads\\\/2023\\\/11\\\/Abraham-Lincoln-School-Halloween-2023-1.jpg?fit=2400%2C1800&ssl=1\",\"contentUrl\":\"https:\\\/\\\/i0.wp.com\\\/casadecampoliving.com\\\/wp-content\\\/uploads\\\/2023\\\/11\\\/Abraham-Lincoln-School-Halloween-2023-1.jpg?fit=2400%2C1800&ssl=1\",\"width\":2400,\"height\":1800},{\"@type\":\"BreadcrumbList\",\"@id\":\"https:\\\/\\\/casadecampoliving.com\\\/es\\\/celebracion-anual-de-halloween-de-la-escuela-abraham-lincoln\\\/#breadcrumb\",\"itemListElement\":[{\"@type\":\"ListItem\",\"position\":1,\"name\":\"Home\",\"item\":\"https:\\\/\\\/casadecampoliving.com\\\/es\\\/\"},{\"@type\":\"ListItem\",\"position\":2,\"name\":\"Celebraci\u00f3n Anual de Halloween de la Escuela Abraham Lincoln\"}]},{\"@type\":\"WebSite\",\"@id\":\"https:\\\/\\\/casadecampoliving.com\\\/es\\\/#website\",\"url\":\"https:\\\/\\\/casadecampoliving.com\\\/es\\\/\",\"name\":\"Casa de Campo Living\",\"description\":\"Resort community news and resources.\",\"publisher\":{\"@id\":\"https:\\\/\\\/casadecampoliving.com\\\/es\\\/#organization\"},\"potentialAction\":[{\"@type\":\"SearchAction\",\"target\":{\"@type\":\"EntryPoint\",\"urlTemplate\":\"https:\\\/\\\/casadecampoliving.com\\\/es\\\/?s={search_term_string}\"},\"query-input\":{\"@type\":\"PropertyValueSpecification\",\"valueRequired\":true,\"valueName\":\"search_term_string\"}}],\"inLanguage\":\"es\"},{\"@type\":\"Organization\",\"@id\":\"https:\\\/\\\/casadecampoliving.com\\\/es\\\/#organization\",\"name\":\"Casa de Campo Living\",\"url\":\"https:\\\/\\\/casadecampoliving.com\\\/es\\\/\",\"logo\":{\"@type\":\"ImageObject\",\"inLanguage\":\"es\",\"@id\":\"https:\\\/\\\/casadecampoliving.com\\\/es\\\/#\\\/schema\\\/logo\\\/image\\\/\",\"url\":\"https:\\\/\\\/i0.wp.com\\\/casadecampoliving.com\\\/wp-content\\\/uploads\\\/2022\\\/07\\\/CDCLivingLogo_V1-white-sized.png?fit=800%2C214&ssl=1\",\"contentUrl\":\"https:\\\/\\\/i0.wp.com\\\/casadecampoliving.com\\\/wp-content\\\/uploads\\\/2022\\\/07\\\/CDCLivingLogo_V1-white-sized.png?fit=800%2C214&ssl=1\",\"width\":800,\"height\":214,\"caption\":\"Casa de Campo Living\"},\"image\":{\"@id\":\"https:\\\/\\\/casadecampoliving.com\\\/es\\\/#\\\/schema\\\/logo\\\/image\\\/\"},\"sameAs\":[\"https:\\\/\\\/www.facebook.com\\\/casadecampoliving\",\"https:\\\/\\\/x.com\\\/cdcliving\"]},{\"@type\":\"Person\",\"@id\":\"https:\\\/\\\/casadecampoliving.com\\\/es\\\/#\\\/schema\\\/person\\\/5d2171637a9d11e0e43ce6b8555f9422\",\"name\":\"Casa de Campo Living\",\"image\":{\"@type\":\"ImageObject\",\"inLanguage\":\"es\",\"@id\":\"https:\\\/\\\/secure.gravatar.com\\\/avatar\\\/d04101fa4a9fd431e939953b1500fdc7a73cd35029f86d98712fd8ccdaebaf9a?s=96&d=mm&r=g\",\"url\":\"https:\\\/\\\/secure.gravatar.com\\\/avatar\\\/d04101fa4a9fd431e939953b1500fdc7a73cd35029f86d98712fd8ccdaebaf9a?s=96&d=mm&r=g\",\"contentUrl\":\"https:\\\/\\\/secure.gravatar.com\\\/avatar\\\/d04101fa4a9fd431e939953b1500fdc7a73cd35029f86d98712fd8ccdaebaf9a?s=96&d=mm&r=g\",\"caption\":\"Casa de Campo Living\"},\"url\":\"https:\\\/\\\/casadecampoliving.com\\\/es\\\/author\\\/casa-de-campo-living\\\/\"}]}<\/script>\n<!-- \/ Yoast SEO plugin. -->","yoast_head_json":{"title":"Celebraci\u00f3n Anual de Halloween de la Escuela Abraham Lincoln | Casa de Campo Living","description":"El 31 de octubre, d\u00eda de Halloween, la Escuela Abraham Lincoln cobr\u00f3 vida con una celebraci\u00f3n llena de entusiasmo, ya que los estudiantes de Pre-Kinder y","robots":{"index":"index","follow":"follow","max-snippet":"max-snippet:-1","max-image-preview":"max-image-preview:large","max-video-preview":"max-video-preview:-1"},"canonical":"https:\/\/casadecampoliving.com\/es\/celebracion-anual-de-halloween-de-la-escuela-abraham-lincoln\/","og_locale":"es_ES","og_type":"article","og_title":"Celebraci\u00f3n Anual de Halloween de la Escuela Abraham Lincoln | Casa de Campo Living","og_description":"El 31 de octubre, d\u00eda de Halloween, la Escuela Abraham Lincoln cobr\u00f3 vida con una celebraci\u00f3n llena de entusiasmo, ya que los estudiantes de Pre-Kinder y","og_url":"https:\/\/casadecampoliving.com\/es\/celebracion-anual-de-halloween-de-la-escuela-abraham-lincoln\/","og_site_name":"Casa de Campo Living","article_publisher":"https:\/\/www.facebook.com\/casadecampoliving","article_published_time":"2023-11-02T21:40:41+00:00","article_modified_time":"2023-11-07T14:46:35+00:00","og_image":[{"width":2400,"height":1800,"url":"https:\/\/casadecampoliving.com\/wp-content\/uploads\/2023\/11\/Abraham-Lincoln-School-Halloween-2023-1.jpg","type":"image\/jpeg"}],"author":"Casa de Campo Living","twitter_card":"summary_large_image","twitter_creator":"@cdcliving","twitter_site":"@cdcliving","twitter_misc":{"Escrito por":"Casa de Campo Living","Tiempo de lectura":"1 minuto"},"schema":{"@context":"https:\/\/schema.org","@graph":[{"@type":"Article","@id":"https:\/\/casadecampoliving.com\/es\/celebracion-anual-de-halloween-de-la-escuela-abraham-lincoln\/#article","isPartOf":{"@id":"https:\/\/casadecampoliving.com\/es\/celebracion-anual-de-halloween-de-la-escuela-abraham-lincoln\/"},"author":{"name":"Casa de Campo Living","@id":"https:\/\/casadecampoliving.com\/es\/#\/schema\/person\/5d2171637a9d11e0e43ce6b8555f9422"},"headline":"Celebraci\u00f3n Anual de Halloween de la Escuela Abraham Lincoln","datePublished":"2023-11-02T21:40:41+00:00","dateModified":"2023-11-07T14:46:35+00:00","mainEntityOfPage":{"@id":"https:\/\/casadecampoliving.com\/es\/celebracion-anual-de-halloween-de-la-escuela-abraham-lincoln\/"},"wordCount":127,"publisher":{"@id":"https:\/\/casadecampoliving.com\/es\/#organization"},"image":{"@id":"https:\/\/casadecampoliving.com\/es\/celebracion-anual-de-halloween-de-la-escuela-abraham-lincoln\/#primaryimage"},"thumbnailUrl":"https:\/\/i0.wp.com\/casadecampoliving.com\/wp-content\/uploads\/2023\/11\/Abraham-Lincoln-School-Halloween-2023-1.jpg?fit=2400%2C1800&ssl=1","keywords":["Abraham Lincoln School @es","Featured","La Romana"],"articleSection":["Eventos","M\u00e1s all\u00e1 de Casa"],"inLanguage":"es"},{"@type":"WebPage","@id":"https:\/\/casadecampoliving.com\/es\/celebracion-anual-de-halloween-de-la-escuela-abraham-lincoln\/","url":"https:\/\/casadecampoliving.com\/es\/celebracion-anual-de-halloween-de-la-escuela-abraham-lincoln\/","name":"Celebraci\u00f3n Anual de Halloween de la Escuela Abraham Lincoln | Casa de Campo Living","isPartOf":{"@id":"https:\/\/casadecampoliving.com\/es\/#website"},"primaryImageOfPage":{"@id":"https:\/\/casadecampoliving.com\/es\/celebracion-anual-de-halloween-de-la-escuela-abraham-lincoln\/#primaryimage"},"image":{"@id":"https:\/\/casadecampoliving.com\/es\/celebracion-anual-de-halloween-de-la-escuela-abraham-lincoln\/#primaryimage"},"thumbnailUrl":"https:\/\/i0.wp.com\/casadecampoliving.com\/wp-content\/uploads\/2023\/11\/Abraham-Lincoln-School-Halloween-2023-1.jpg?fit=2400%2C1800&ssl=1","datePublished":"2023-11-02T21:40:41+00:00","dateModified":"2023-11-07T14:46:35+00:00","description":"El 31 de octubre, d\u00eda de Halloween, la Escuela Abraham Lincoln cobr\u00f3 vida con una celebraci\u00f3n llena de entusiasmo, ya que los estudiantes de Pre-Kinder y","breadcrumb":{"@id":"https:\/\/casadecampoliving.com\/es\/celebracion-anual-de-halloween-de-la-escuela-abraham-lincoln\/#breadcrumb"},"inLanguage":"es","potentialAction":[{"@type":"ReadAction","target":["https:\/\/casadecampoliving.com\/es\/celebracion-anual-de-halloween-de-la-escuela-abraham-lincoln\/"]}]},{"@type":"ImageObject","inLanguage":"es","@id":"https:\/\/casadecampoliving.com\/es\/celebracion-anual-de-halloween-de-la-escuela-abraham-lincoln\/#primaryimage","url":"https:\/\/i0.wp.com\/casadecampoliving.com\/wp-content\/uploads\/2023\/11\/Abraham-Lincoln-School-Halloween-2023-1.jpg?fit=2400%2C1800&ssl=1","contentUrl":"https:\/\/i0.wp.com\/casadecampoliving.com\/wp-content\/uploads\/2023\/11\/Abraham-Lincoln-School-Halloween-2023-1.jpg?fit=2400%2C1800&ssl=1","width":2400,"height":1800},{"@type":"BreadcrumbList","@id":"https:\/\/casadecampoliving.com\/es\/celebracion-anual-de-halloween-de-la-escuela-abraham-lincoln\/#breadcrumb","itemListElement":[{"@type":"ListItem","position":1,"name":"Home","item":"https:\/\/casadecampoliving.com\/es\/"},{"@type":"ListItem","position":2,"name":"Celebraci\u00f3n Anual de Halloween de la Escuela Abraham Lincoln"}]},{"@type":"WebSite","@id":"https:\/\/casadecampoliving.com\/es\/#website","url":"https:\/\/casadecampoliving.com\/es\/","name":"Casa de Campo Living","description":"Resort community news and resources.","publisher":{"@id":"https:\/\/casadecampoliving.com\/es\/#organization"},"potentialAction":[{"@type":"SearchAction","target":{"@type":"EntryPoint","urlTemplate":"https:\/\/casadecampoliving.com\/es\/?s={search_term_string}"},"query-input":{"@type":"PropertyValueSpecification","valueRequired":true,"valueName":"search_term_string"}}],"inLanguage":"es"},{"@type":"Organization","@id":"https:\/\/casadecampoliving.com\/es\/#organization","name":"Casa de Campo Living","url":"https:\/\/casadecampoliving.com\/es\/","logo":{"@type":"ImageObject","inLanguage":"es","@id":"https:\/\/casadecampoliving.com\/es\/#\/schema\/logo\/image\/","url":"https:\/\/i0.wp.com\/casadecampoliving.com\/wp-content\/uploads\/2022\/07\/CDCLivingLogo_V1-white-sized.png?fit=800%2C214&ssl=1","contentUrl":"https:\/\/i0.wp.com\/casadecampoliving.com\/wp-content\/uploads\/2022\/07\/CDCLivingLogo_V1-white-sized.png?fit=800%2C214&ssl=1","width":800,"height":214,"caption":"Casa de Campo Living"},"image":{"@id":"https:\/\/casadecampoliving.com\/es\/#\/schema\/logo\/image\/"},"sameAs":["https:\/\/www.facebook.com\/casadecampoliving","https:\/\/x.com\/cdcliving"]},{"@type":"Person","@id":"https:\/\/casadecampoliving.com\/es\/#\/schema\/person\/5d2171637a9d11e0e43ce6b8555f9422","name":"Casa de Campo Living","image":{"@type":"ImageObject","inLanguage":"es","@id":"https:\/\/secure.gravatar.com\/avatar\/d04101fa4a9fd431e939953b1500fdc7a73cd35029f86d98712fd8ccdaebaf9a?s=96&d=mm&r=g","url":"https:\/\/secure.gravatar.com\/avatar\/d04101fa4a9fd431e939953b1500fdc7a73cd35029f86d98712fd8ccdaebaf9a?s=96&d=mm&r=g","contentUrl":"https:\/\/secure.gravatar.com\/avatar\/d04101fa4a9fd431e939953b1500fdc7a73cd35029f86d98712fd8ccdaebaf9a?s=96&d=mm&r=g","caption":"Casa de Campo Living"},"url":"https:\/\/casadecampoliving.com\/es\/author\/casa-de-campo-living\/"}]}},"parsely":{"version":"1.1.0","canonical_url":"https:\/\/casadecampoliving.com\/es\/celebracion-anual-de-halloween-de-la-escuela-abraham-lincoln\/","smart_links":{"inbound":0,"outbound":0},"traffic_boost_suggestions_count":0,"meta":{"@context":"https:\/\/schema.org","@type":"NewsArticle","headline":"Celebraci\u00f3n Anual de Halloween de la Escuela Abraham Lincoln","url":"http:\/\/casadecampoliving.com\/es\/celebracion-anual-de-halloween-de-la-escuela-abraham-lincoln\/","mainEntityOfPage":{"@type":"WebPage","@id":"http:\/\/casadecampoliving.com\/es\/celebracion-anual-de-halloween-de-la-escuela-abraham-lincoln\/"},"thumbnailUrl":"https:\/\/i0.wp.com\/casadecampoliving.com\/wp-content\/uploads\/2023\/11\/Abraham-Lincoln-School-Halloween-2023-1.jpg?resize=150%2C150&ssl=1","image":{"@type":"ImageObject","url":"https:\/\/i0.wp.com\/casadecampoliving.com\/wp-content\/uploads\/2023\/11\/Abraham-Lincoln-School-Halloween-2023-1.jpg?fit=2400%2C1800&ssl=1"},"articleSection":"Eventos","author":[{"@type":"Person","name":"Casa de Campo Living"}],"creator":["Casa de Campo Living"],"publisher":{"@type":"Organization","name":"Casa de Campo Living","logo":"https:\/\/casadecampoliving.com\/wp-content\/uploads\/2022\/07\/CDCLivingLogo_V1-white-sized.png"},"keywords":["abraham lincoln school @es","featured","la romana"],"dateCreated":"2023-11-02T21:40:41Z","datePublished":"2023-11-02T21:40:41Z","dateModified":"2023-11-07T14:46:35Z"},"rendered":"<script type=\"application\/ld+json\" class=\"wp-parsely-metadata\">{\"@context\":\"https:\\\/\\\/schema.org\",\"@type\":\"NewsArticle\",\"headline\":\"Celebraci\\u00f3n Anual de Halloween de la Escuela Abraham Lincoln\",\"url\":\"http:\\\/\\\/casadecampoliving.com\\\/es\\\/celebracion-anual-de-halloween-de-la-escuela-abraham-lincoln\\\/\",\"mainEntityOfPage\":{\"@type\":\"WebPage\",\"@id\":\"http:\\\/\\\/casadecampoliving.com\\\/es\\\/celebracion-anual-de-halloween-de-la-escuela-abraham-lincoln\\\/\"},\"thumbnailUrl\":\"https:\\\/\\\/i0.wp.com\\\/casadecampoliving.com\\\/wp-content\\\/uploads\\\/2023\\\/11\\\/Abraham-Lincoln-School-Halloween-2023-1.jpg?resize=150%2C150&ssl=1\",\"image\":{\"@type\":\"ImageObject\",\"url\":\"https:\\\/\\\/i0.wp.com\\\/casadecampoliving.com\\\/wp-content\\\/uploads\\\/2023\\\/11\\\/Abraham-Lincoln-School-Halloween-2023-1.jpg?fit=2400%2C1800&ssl=1\"},\"articleSection\":\"Eventos\",\"author\":[{\"@type\":\"Person\",\"name\":\"Casa de Campo Living\"}],\"creator\":[\"Casa de Campo Living\"],\"publisher\":{\"@type\":\"Organization\",\"name\":\"Casa de Campo Living\",\"logo\":\"https:\\\/\\\/casadecampoliving.com\\\/wp-content\\\/uploads\\\/2022\\\/07\\\/CDCLivingLogo_V1-white-sized.png\"},\"keywords\":[\"abraham lincoln school @es\",\"featured\",\"la romana\"],\"dateCreated\":\"2023-11-02T21:40:41Z\",\"datePublished\":\"2023-11-02T21:40:41Z\",\"dateModified\":\"2023-11-07T14:46:35Z\"}<\/script>","tracker_url":"https:\/\/cdn.parsely.com\/keys\/casadecampoliving.com\/p.js"},"jetpack_publicize_connections":[],"jetpack_featured_media_url":"https:\/\/i0.wp.com\/casadecampoliving.com\/wp-content\/uploads\/2023\/11\/Abraham-Lincoln-School-Halloween-2023-1.jpg?fit=2400%2C1800&ssl=1","jetpack-related-posts":[{"id":433460,"url":"https:\/\/casadecampoliving.com\/es\/no-se-pierdan-el-increible-tributo-a-frank-sinatra-para-celebrar-el-40-aniversario-del-anfiteatro-altos-de-chavon\/","url_meta":{"origin":523933,"position":0},"title":"No se pierdan el incre\u00edble tributo a Frank Sinatra para celebrar el 40 aniversario del\u00a0Anfiteatro Altos de Chav\u00f3n","author":"Casa de Campo Living","date":"20 Oct, 2022","format":false,"excerpt":"Siendo uno de los escenarios m\u00e1s emblem\u00e1ticos del pa\u00eds, Casa de Campo Resort\u00ae & Villas celebra las cuatro d\u00e9cadas de aniversario de Altos de Chav\u00f3n con un tributo al gran Frank Sinatra, protagonizado por artistas invitados y una big band tal cual la que acompa\u00f1\u00f3 al artista hace 40 a\u00f1os\u2026","rel":"","context":"En \u00abUncategorized @es\u00bb","block_context":{"text":"Uncategorized @es","link":"https:\/\/casadecampoliving.com\/es\/category\/uncategorized-es\/"},"img":{"alt_text":"","src":"https:\/\/i0.wp.com\/casadecampoliving.com\/wp-content\/uploads\/2022\/10\/Tributo-Frank-Sinatra-Foto-Principal-Amaury-Sanchez-Danilo-Ginebra-Andres-Pichardo-y-Jose-Gabriel-Perez-.jpg?fit=1200%2C873&ssl=1&resize=350%2C200","width":350,"height":200,"srcset":"https:\/\/i0.wp.com\/casadecampoliving.com\/wp-content\/uploads\/2022\/10\/Tributo-Frank-Sinatra-Foto-Principal-Amaury-Sanchez-Danilo-Ginebra-Andres-Pichardo-y-Jose-Gabriel-Perez-.jpg?fit=1200%2C873&ssl=1&resize=350%2C200 1x, https:\/\/i0.wp.com\/casadecampoliving.com\/wp-content\/uploads\/2022\/10\/Tributo-Frank-Sinatra-Foto-Principal-Amaury-Sanchez-Danilo-Ginebra-Andres-Pichardo-y-Jose-Gabriel-Perez-.jpg?fit=1200%2C873&ssl=1&resize=525%2C300 1.5x, https:\/\/i0.wp.com\/casadecampoliving.com\/wp-content\/uploads\/2022\/10\/Tributo-Frank-Sinatra-Foto-Principal-Amaury-Sanchez-Danilo-Ginebra-Andres-Pichardo-y-Jose-Gabriel-Perez-.jpg?fit=1200%2C873&ssl=1&resize=700%2C400 2x, https:\/\/i0.wp.com\/casadecampoliving.com\/wp-content\/uploads\/2022\/10\/Tributo-Frank-Sinatra-Foto-Principal-Amaury-Sanchez-Danilo-Ginebra-Andres-Pichardo-y-Jose-Gabriel-Perez-.jpg?fit=1200%2C873&ssl=1&resize=1050%2C600 3x"},"classes":[]},{"id":349834,"url":"https:\/\/casadecampoliving.com\/es\/escuela-abraham-lincoln-presenta-su-exposicion-anual-de-arte-llena-de-color-y-vida-en-la-galeria\/","url_meta":{"origin":523933,"position":1},"title":"Escuela Abraham Lincoln presenta su exposici\u00f3n anual de arte llena de color y vida en La Galer\u00eda","author":"Marlenys Guzm\u00e1n Casta\u00f1os","date":"18 May, 2016","format":false,"excerpt":"Este viernes 20 de mayo, la Escuela Abraham Lincoln en La Romana celebrar\u00e1 el c\u00f3ctel de apertura de su exposici\u00f3n de arte anual en La Galer\u00eda de Altos de Chav\u00f3n y usted est\u00e1 cordialmente invitado a unirse a la celebraci\u00f3n. La exposici\u00f3n de arte anual presentado por los alumnos de\u2026","rel":"","context":"En \u00abAltos de Chavon @es\u00bb","block_context":{"text":"Altos de Chavon @es","link":"https:\/\/casadecampoliving.com\/category\/altos-de-chavon-es\/"},"img":{"alt_text":"","src":"https:\/\/i0.wp.com\/casadecampoliving.com\/wp-content\/uploads\/2022\/10\/DSC_0724-2-scaled.jpg?fit=1200%2C800&ssl=1&resize=350%2C200","width":350,"height":200,"srcset":"https:\/\/i0.wp.com\/casadecampoliving.com\/wp-content\/uploads\/2022\/10\/DSC_0724-2-scaled.jpg?fit=1200%2C800&ssl=1&resize=350%2C200 1x, https:\/\/i0.wp.com\/casadecampoliving.com\/wp-content\/uploads\/2022\/10\/DSC_0724-2-scaled.jpg?fit=1200%2C800&ssl=1&resize=525%2C300 1.5x, https:\/\/i0.wp.com\/casadecampoliving.com\/wp-content\/uploads\/2022\/10\/DSC_0724-2-scaled.jpg?fit=1200%2C800&ssl=1&resize=700%2C400 2x, https:\/\/i0.wp.com\/casadecampoliving.com\/wp-content\/uploads\/2022\/10\/DSC_0724-2-scaled.jpg?fit=1200%2C800&ssl=1&resize=1050%2C600 3x"},"classes":[]},{"id":346110,"url":"https:\/\/casadecampoliving.com\/es\/el-colegio-abraham-licoln-celebra-halloween\/","url_meta":{"origin":523933,"position":2},"title":"El Colegio Abraham Lincoln celebra Halloween","author":"Rebecca Hughes","date":"2 Dic, 2014","format":false,"excerpt":"El viernes 31 de octubre, el Colegio Abraham Lincoln en La Romana celebr\u00f3 su fiesta anual de Halloween con la participaci\u00f3n de los alumnos del Pre-Kinder y el Kinder. Todos los estudiantes y sus profesores se disfrazaron. Comida y bebidas fueron servidas y todos los ni\u00f1os que estuvieron se la\u2026","rel":"","context":"En \u00abArte y cultura\u00bb","block_context":{"text":"Arte y cultura","link":"https:\/\/casadecampoliving.com\/category\/arte-y-cultura\/"},"img":{"alt_text":"","src":"https:\/\/i0.wp.com\/casadecampoliving.com\/wp-content\/uploads\/2022\/10\/IMG_2949-FILEminimizer-1.jpg?fit=800%2C533&ssl=1&resize=350%2C200","width":350,"height":200,"srcset":"https:\/\/i0.wp.com\/casadecampoliving.com\/wp-content\/uploads\/2022\/10\/IMG_2949-FILEminimizer-1.jpg?fit=800%2C533&ssl=1&resize=350%2C200 1x, https:\/\/i0.wp.com\/casadecampoliving.com\/wp-content\/uploads\/2022\/10\/IMG_2949-FILEminimizer-1.jpg?fit=800%2C533&ssl=1&resize=525%2C300 1.5x, https:\/\/i0.wp.com\/casadecampoliving.com\/wp-content\/uploads\/2022\/10\/IMG_2949-FILEminimizer-1.jpg?fit=800%2C533&ssl=1&resize=700%2C400 2x"},"classes":[]},{"id":346112,"url":"https:\/\/casadecampoliving.com\/es\/celebrando-el-final-del-1er-trimestre-en-el-colegio-abraham-lincoln\/","url_meta":{"origin":523933,"position":3},"title":"Celebrando el final del 1er trimestre en el Colegio Abraham Lincoln","author":"Rebecca Hughes","date":"7 Dic, 2014","format":false,"excerpt":"La\u00a0Escuela Primaria de Abraham Lincoln celebr\u00f3 el final del trimestre con una asamblea especial el jueves 6 de noviembre. El director Mr. Magee y Mrs. De La Rosa premiaron con diplomas a aquellos estudiantes que anotaron m\u00e1s puntos en su primer trimestre, as\u00ed como a aquellos estudiantes que hicieron el\u2026","rel":"","context":"En \u00abCasa de Campo Living @es\u00bb","block_context":{"text":"Casa de Campo Living @es","link":"https:\/\/casadecampoliving.com\/category\/casa-de-campo-living-es\/"},"img":{"alt_text":"","src":"https:\/\/i0.wp.com\/casadecampoliving.com\/wp-content\/uploads\/2022\/10\/IMG_5729-FILEminimizer-1.jpg?fit=1200%2C594&ssl=1&resize=350%2C200","width":350,"height":200,"srcset":"https:\/\/i0.wp.com\/casadecampoliving.com\/wp-content\/uploads\/2022\/10\/IMG_5729-FILEminimizer-1.jpg?fit=1200%2C594&ssl=1&resize=350%2C200 1x, https:\/\/i0.wp.com\/casadecampoliving.com\/wp-content\/uploads\/2022\/10\/IMG_5729-FILEminimizer-1.jpg?fit=1200%2C594&ssl=1&resize=525%2C300 1.5x, https:\/\/i0.wp.com\/casadecampoliving.com\/wp-content\/uploads\/2022\/10\/IMG_5729-FILEminimizer-1.jpg?fit=1200%2C594&ssl=1&resize=700%2C400 2x, https:\/\/i0.wp.com\/casadecampoliving.com\/wp-content\/uploads\/2022\/10\/IMG_5729-FILEminimizer-1.jpg?fit=1200%2C594&ssl=1&resize=1050%2C600 3x"},"classes":[]},{"id":521715,"url":"https:\/\/casadecampoliving.com\/es\/coctel-de-bienvenida-anual-de-la-escuela-abraham-lincoln-para-nuevos-profesores\/","url_meta":{"origin":523933,"position":4},"title":"C\u00f3ctel de bienvenida anual de la Escuela Abraham Lincoln para nuevos profesores","author":"Casa de Campo Living","date":"15 Sep, 2023","format":false,"excerpt":"La Escuela Abraham Lincoln, reconocida por su firme compromiso de brindar educaci\u00f3n de calidad, recibi\u00f3 recientemente a sus \u00faltimos miembros del cuerpo docente en un c\u00f3ctel celebrado en el Bar La Ca\u00f1a en Casa de Campo. El Dr. Leonardo Matos, Presidente de la Junta Escolar, y el Sr. Harry Magee,\u2026","rel":"","context":"En \u00abComunidad\u00bb","block_context":{"text":"Comunidad","link":"https:\/\/casadecampoliving.com\/es\/category\/comunidad\/"},"img":{"alt_text":"","src":"https:\/\/i0.wp.com\/casadecampoliving.com\/wp-content\/uploads\/2023\/09\/IMG_9423-scaled.jpg?fit=1200%2C800&ssl=1&resize=350%2C200","width":350,"height":200,"srcset":"https:\/\/i0.wp.com\/casadecampoliving.com\/wp-content\/uploads\/2023\/09\/IMG_9423-scaled.jpg?fit=1200%2C800&ssl=1&resize=350%2C200 1x, https:\/\/i0.wp.com\/casadecampoliving.com\/wp-content\/uploads\/2023\/09\/IMG_9423-scaled.jpg?fit=1200%2C800&ssl=1&resize=525%2C300 1.5x, https:\/\/i0.wp.com\/casadecampoliving.com\/wp-content\/uploads\/2023\/09\/IMG_9423-scaled.jpg?fit=1200%2C800&ssl=1&resize=700%2C400 2x, https:\/\/i0.wp.com\/casadecampoliving.com\/wp-content\/uploads\/2023\/09\/IMG_9423-scaled.jpg?fit=1200%2C800&ssl=1&resize=1050%2C600 3x"},"classes":[]},{"id":353490,"url":"https:\/\/casadecampoliving.com\/es\/ceremonia-de-graduacion-anual-de-la-escuela-abraham-lincoln-2019\/","url_meta":{"origin":523933,"position":5},"title":"Ceremonia de graduaci\u00f3n anual de la escuela Abraham Lincoln 2019","author":"Casa de Campo Living","date":"1 Jul, 2019","format":false,"excerpt":"El viernes 14 de junio, la Escuela Abraham Lincoln celebr\u00f3 su 37\u00aa ceremonia de graduaci\u00f3n de la escuela secundaria en el Sal\u00f3n Flamboyan en Casa de Campo. Fue una hermosa velada en todos los aspectos, comenzando con la entrada de los 19 estudiantes graduados a la m\u00fasica de \"La historia\u2026","rel":"","context":"En \u00abRep\u00fablica Dominicana @es\u00bb","block_context":{"text":"Rep\u00fablica Dominicana @es","link":"https:\/\/casadecampoliving.com\/es\/category\/republica-dominicana-2\/"},"img":{"alt_text":"","src":"https:\/\/i0.wp.com\/casadecampoliving.com\/wp-content\/uploads\/2022\/10\/BDC_5727.jpg?fit=1000%2C786&ssl=1&resize=350%2C200","width":350,"height":200,"srcset":"https:\/\/i0.wp.com\/casadecampoliving.com\/wp-content\/uploads\/2022\/10\/BDC_5727.jpg?fit=1000%2C786&ssl=1&resize=350%2C200 1x, https:\/\/i0.wp.com\/casadecampoliving.com\/wp-content\/uploads\/2022\/10\/BDC_5727.jpg?fit=1000%2C786&ssl=1&resize=525%2C300 1.5x, https:\/\/i0.wp.com\/casadecampoliving.com\/wp-content\/uploads\/2022\/10\/BDC_5727.jpg?fit=1000%2C786&ssl=1&resize=700%2C400 2x"},"classes":[]}],"jetpack_sharing_enabled":true,"_links":{"self":[{"href":"https:\/\/casadecampoliving.com\/es\/wp-json\/wp\/v2\/posts\/523933","targetHints":{"allow":["GET"]}}],"collection":[{"href":"https:\/\/casadecampoliving.com\/es\/wp-json\/wp\/v2\/posts"}],"about":[{"href":"https:\/\/casadecampoliving.com\/es\/wp-json\/wp\/v2\/types\/post"}],"author":[{"embeddable":true,"href":"https:\/\/casadecampoliving.com\/es\/wp-json\/wp\/v2\/users\/36791"}],"replies":[{"embeddable":true,"href":"https:\/\/casadecampoliving.com\/es\/wp-json\/wp\/v2\/comments?post=523933"}],"version-history":[{"count":1,"href":"https:\/\/casadecampoliving.com\/es\/wp-json\/wp\/v2\/posts\/523933\/revisions"}],"predecessor-version":[{"id":523934,"href":"https:\/\/casadecampoliving.com\/es\/wp-json\/wp\/v2\/posts\/523933\/revisions\/523934"}],"wp:featuredmedia":[{"embeddable":true,"href":"https:\/\/casadecampoliving.com\/es\/wp-json\/wp\/v2\/media\/523883"}],"wp:attachment":[{"href":"https:\/\/casadecampoliving.com\/es\/wp-json\/wp\/v2\/media?parent=523933"}],"wp:term":[{"taxonomy":"category","embeddable":true,"href":"https:\/\/casadecampoliving.com\/es\/wp-json\/wp\/v2\/categories?post=523933"},{"taxonomy":"post_tag","embeddable":true,"href":"https:\/\/casadecampoliving.com\/es\/wp-json\/wp\/v2\/tags?post=523933"},{"taxonomy":"newspack_spnsrs_tax","embeddable":true,"href":"https:\/\/casadecampoliving.com\/es\/wp-json\/wp\/v2\/newspack_spnsrs_tax?post=523933"}],"curies":[{"name":"wp","href":"https:\/\/api.w.org\/{rel}","templated":true}]}}