{"id":523373,"date":"2023-10-30T12:40:47","date_gmt":"2023-10-30T16:40:47","guid":{"rendered":"https:\/\/casadecampoliving.com\/?p=523373"},"modified":"2023-10-31T13:14:34","modified_gmt":"2023-10-31T17:14:34","slug":"no-te-pierdas-la-2da-edicion-del-bellamar-food-fest-el-5-y-6-de-noviembre","status":"publish","type":"post","link":"https:\/\/casadecampoliving.com\/es\/no-te-pierdas-la-2da-edicion-del-bellamar-food-fest-el-5-y-6-de-noviembre\/","title":{"rendered":"No te pierdas la 2da edici\u00f3n del Bellamar Food Fest el 5 y 6 de noviembre"},"content":{"rendered":"\n<p>La segunda edici\u00f3n del <strong>Bellamar Food Fest<\/strong> en el Bellamar Food Park est\u00e1 programada para el 5 y 6 de noviembre de 2023. Despu\u00e9s del <a href=\"https:\/\/casadecampoliving.com\/es\/el-primer-food-fest-de-bellamar-foodpark-fue-todo-un-exito\/\" target=\"_blank\" rel=\"noreferrer noopener nofollow\">\u00e9xito de su edici\u00f3n inaugural,<\/a> donde los visitantes disfrutaron de una experiencia culinaria excepcional acompa\u00f1ada de m\u00fasica en vivo en un ambiente seguro y acogedor, este a\u00f1o promete ser a\u00fan m\u00e1s extraordinario.<\/p>\n\n\n<div class=\"wp-block-image\">\n<figure class=\"aligncenter size-full\"><img data-recalc-dims=\"1\" loading=\"lazy\" decoding=\"async\" width=\"675\" height=\"611\" src=\"https:\/\/i0.wp.com\/casadecampoliving.com\/wp-content\/uploads\/2022\/11\/Bellamar-Food-Fest-Nov-202221-1.jpeg?resize=675%2C611&#038;ssl=1\" alt=\"\" class=\"wp-image-510573\" srcset=\"https:\/\/i0.wp.com\/casadecampoliving.com\/wp-content\/uploads\/2022\/11\/Bellamar-Food-Fest-Nov-202221-1.jpeg?w=675&amp;ssl=1 675w, https:\/\/i0.wp.com\/casadecampoliving.com\/wp-content\/uploads\/2022\/11\/Bellamar-Food-Fest-Nov-202221-1.jpeg?resize=300%2C272&amp;ssl=1 300w, https:\/\/i0.wp.com\/casadecampoliving.com\/wp-content\/uploads\/2022\/11\/Bellamar-Food-Fest-Nov-202221-1.jpeg?resize=400%2C362&amp;ssl=1 400w, https:\/\/i0.wp.com\/casadecampoliving.com\/wp-content\/uploads\/2022\/11\/Bellamar-Food-Fest-Nov-202221-1.jpeg?resize=150%2C136&amp;ssl=1 150w, https:\/\/i0.wp.com\/casadecampoliving.com\/wp-content\/uploads\/2022\/11\/Bellamar-Food-Fest-Nov-202221-1.jpeg?w=370&amp;ssl=1 370w\" sizes=\"auto, (max-width: 675px) 100vw, 675px\" \/><\/figure>\n<\/div>\n\n\n<p>Situado a solo diez minutos de Casa de Campo, el <strong>Bellamar Food Park<\/strong> ha llamado la atenci\u00f3n notablemente, especialmente por su renombrado \u00abBellamar Dominican Smokehouse\u00bb, famoso por sus costillas cocinadas a la le\u00f1a y una variada selecci\u00f3n de platos de barbacoa al estilo dominicano, y la conveniente tienda BMART. Sin embargo, no es solo la comida lo que atrae a las multitudes; el dise\u00f1o distintivo del parque es todo un espect\u00e1culo. Conformado por contenedores de env\u00edo reutilizados, alberga una variedad de establecimientos, incluyendo restaurantes, tiendas de conveniencia, ba\u00f1os, oficinas y almacenes.<\/p>\n\n\n\n<div class=\"wp-block-jetpack-slideshow aligncenter\" data-effect=\"slide\"><div class=\"wp-block-jetpack-slideshow_container swiper-container\"><ul class=\"wp-block-jetpack-slideshow_swiper-wrapper swiper-wrapper\"><li class=\"wp-block-jetpack-slideshow_slide swiper-slide\"><figure><img data-recalc-dims=\"1\" loading=\"lazy\" decoding=\"async\" width=\"1024\" height=\"1024\" alt=\"\" class=\"wp-block-jetpack-slideshow_image wp-image-523463\" data-id=\"523463\" src=\"https:\/\/i0.wp.com\/casadecampoliving.com\/wp-content\/uploads\/2023\/10\/Bellamar-Food-Park.png?resize=1024%2C1024&#038;ssl=1\" srcset=\"https:\/\/i0.wp.com\/casadecampoliving.com\/wp-content\/uploads\/2023\/10\/Bellamar-Food-Park.png?resize=1024%2C1024&amp;ssl=1 1024w, https:\/\/i0.wp.com\/casadecampoliving.com\/wp-content\/uploads\/2023\/10\/Bellamar-Food-Park.png?resize=300%2C300&amp;ssl=1 300w, https:\/\/i0.wp.com\/casadecampoliving.com\/wp-content\/uploads\/2023\/10\/Bellamar-Food-Park.png?resize=150%2C150&amp;ssl=1 150w, https:\/\/i0.wp.com\/casadecampoliving.com\/wp-content\/uploads\/2023\/10\/Bellamar-Food-Park.png?resize=768%2C768&amp;ssl=1 768w, https:\/\/i0.wp.com\/casadecampoliving.com\/wp-content\/uploads\/2023\/10\/Bellamar-Food-Park.png?resize=1536%2C1536&amp;ssl=1 1536w, https:\/\/i0.wp.com\/casadecampoliving.com\/wp-content\/uploads\/2023\/10\/Bellamar-Food-Park.png?resize=2048%2C2048&amp;ssl=1 2048w, https:\/\/i0.wp.com\/casadecampoliving.com\/wp-content\/uploads\/2023\/10\/Bellamar-Food-Park.png?resize=1200%2C1200&amp;ssl=1 1200w, https:\/\/i0.wp.com\/casadecampoliving.com\/wp-content\/uploads\/2023\/10\/Bellamar-Food-Park.png?resize=800%2C800&amp;ssl=1 800w, https:\/\/i0.wp.com\/casadecampoliving.com\/wp-content\/uploads\/2023\/10\/Bellamar-Food-Park.png?resize=600%2C600&amp;ssl=1 600w, https:\/\/i0.wp.com\/casadecampoliving.com\/wp-content\/uploads\/2023\/10\/Bellamar-Food-Park.png?resize=400%2C400&amp;ssl=1 400w, https:\/\/i0.wp.com\/casadecampoliving.com\/wp-content\/uploads\/2023\/10\/Bellamar-Food-Park.png?resize=200%2C200&amp;ssl=1 200w, https:\/\/i0.wp.com\/casadecampoliving.com\/wp-content\/uploads\/2023\/10\/Bellamar-Food-Park.png?resize=1568%2C1568&amp;ssl=1 1568w, https:\/\/i0.wp.com\/casadecampoliving.com\/wp-content\/uploads\/2023\/10\/Bellamar-Food-Park.png?resize=1320%2C1320&amp;ssl=1 1320w, https:\/\/i0.wp.com\/casadecampoliving.com\/wp-content\/uploads\/2023\/10\/Bellamar-Food-Park.png?resize=96%2C96&amp;ssl=1 96w, https:\/\/i0.wp.com\/casadecampoliving.com\/wp-content\/uploads\/2023\/10\/Bellamar-Food-Park-1024x1024.png?w=370&amp;ssl=1 370w\" sizes=\"(max-width: 1000px) 100vw, 1000px\" \/><\/figure><\/li><li class=\"wp-block-jetpack-slideshow_slide swiper-slide\"><figure><img data-recalc-dims=\"1\" loading=\"lazy\" decoding=\"async\" width=\"1024\" height=\"1024\" alt=\"\" class=\"wp-block-jetpack-slideshow_image wp-image-523465\" data-id=\"523465\" src=\"https:\/\/i0.wp.com\/casadecampoliving.com\/wp-content\/uploads\/2023\/10\/Bellamar-Food-Park.jpeg?resize=1024%2C1024&#038;ssl=1\" srcset=\"https:\/\/i0.wp.com\/casadecampoliving.com\/wp-content\/uploads\/2023\/10\/Bellamar-Food-Park.jpeg?resize=1024%2C1024&amp;ssl=1 1024w, https:\/\/i0.wp.com\/casadecampoliving.com\/wp-content\/uploads\/2023\/10\/Bellamar-Food-Park.jpeg?resize=300%2C300&amp;ssl=1 300w, https:\/\/i0.wp.com\/casadecampoliving.com\/wp-content\/uploads\/2023\/10\/Bellamar-Food-Park.jpeg?resize=150%2C150&amp;ssl=1 150w, https:\/\/i0.wp.com\/casadecampoliving.com\/wp-content\/uploads\/2023\/10\/Bellamar-Food-Park.jpeg?resize=768%2C768&amp;ssl=1 768w, https:\/\/i0.wp.com\/casadecampoliving.com\/wp-content\/uploads\/2023\/10\/Bellamar-Food-Park.jpeg?resize=1536%2C1536&amp;ssl=1 1536w, https:\/\/i0.wp.com\/casadecampoliving.com\/wp-content\/uploads\/2023\/10\/Bellamar-Food-Park.jpeg?resize=1200%2C1200&amp;ssl=1 1200w, https:\/\/i0.wp.com\/casadecampoliving.com\/wp-content\/uploads\/2023\/10\/Bellamar-Food-Park.jpeg?resize=800%2C800&amp;ssl=1 800w, https:\/\/i0.wp.com\/casadecampoliving.com\/wp-content\/uploads\/2023\/10\/Bellamar-Food-Park.jpeg?resize=600%2C600&amp;ssl=1 600w, https:\/\/i0.wp.com\/casadecampoliving.com\/wp-content\/uploads\/2023\/10\/Bellamar-Food-Park.jpeg?resize=400%2C400&amp;ssl=1 400w, https:\/\/i0.wp.com\/casadecampoliving.com\/wp-content\/uploads\/2023\/10\/Bellamar-Food-Park.jpeg?resize=200%2C200&amp;ssl=1 200w, https:\/\/i0.wp.com\/casadecampoliving.com\/wp-content\/uploads\/2023\/10\/Bellamar-Food-Park.jpeg?resize=1568%2C1568&amp;ssl=1 1568w, https:\/\/i0.wp.com\/casadecampoliving.com\/wp-content\/uploads\/2023\/10\/Bellamar-Food-Park.jpeg?resize=1320%2C1320&amp;ssl=1 1320w, https:\/\/i0.wp.com\/casadecampoliving.com\/wp-content\/uploads\/2023\/10\/Bellamar-Food-Park.jpeg?resize=96%2C96&amp;ssl=1 96w, https:\/\/i0.wp.com\/casadecampoliving.com\/wp-content\/uploads\/2023\/10\/Bellamar-Food-Park.jpeg?w=1600&amp;ssl=1 1600w, https:\/\/i0.wp.com\/casadecampoliving.com\/wp-content\/uploads\/2023\/10\/Bellamar-Food-Park-1024x1024.jpeg?w=370&amp;ssl=1 370w\" sizes=\"(max-width: 1000px) 100vw, 1000px\" \/><\/figure><\/li><li class=\"wp-block-jetpack-slideshow_slide swiper-slide\"><figure><img data-recalc-dims=\"1\" loading=\"lazy\" decoding=\"async\" width=\"1024\" height=\"1024\" alt=\"\" class=\"wp-block-jetpack-slideshow_image wp-image-523467\" data-id=\"523467\" src=\"https:\/\/i0.wp.com\/casadecampoliving.com\/wp-content\/uploads\/2023\/10\/Bellamar-Food-Park-2.jpeg?resize=1024%2C1024&#038;ssl=1\" srcset=\"https:\/\/i0.wp.com\/casadecampoliving.com\/wp-content\/uploads\/2023\/10\/Bellamar-Food-Park-2.jpeg?resize=1024%2C1024&amp;ssl=1 1024w, https:\/\/i0.wp.com\/casadecampoliving.com\/wp-content\/uploads\/2023\/10\/Bellamar-Food-Park-2.jpeg?resize=300%2C300&amp;ssl=1 300w, https:\/\/i0.wp.com\/casadecampoliving.com\/wp-content\/uploads\/2023\/10\/Bellamar-Food-Park-2.jpeg?resize=150%2C150&amp;ssl=1 150w, https:\/\/i0.wp.com\/casadecampoliving.com\/wp-content\/uploads\/2023\/10\/Bellamar-Food-Park-2.jpeg?resize=768%2C768&amp;ssl=1 768w, https:\/\/i0.wp.com\/casadecampoliving.com\/wp-content\/uploads\/2023\/10\/Bellamar-Food-Park-2.jpeg?resize=1536%2C1536&amp;ssl=1 1536w, https:\/\/i0.wp.com\/casadecampoliving.com\/wp-content\/uploads\/2023\/10\/Bellamar-Food-Park-2.jpeg?resize=1200%2C1200&amp;ssl=1 1200w, https:\/\/i0.wp.com\/casadecampoliving.com\/wp-content\/uploads\/2023\/10\/Bellamar-Food-Park-2.jpeg?resize=800%2C800&amp;ssl=1 800w, https:\/\/i0.wp.com\/casadecampoliving.com\/wp-content\/uploads\/2023\/10\/Bellamar-Food-Park-2.jpeg?resize=600%2C600&amp;ssl=1 600w, https:\/\/i0.wp.com\/casadecampoliving.com\/wp-content\/uploads\/2023\/10\/Bellamar-Food-Park-2.jpeg?resize=400%2C400&amp;ssl=1 400w, https:\/\/i0.wp.com\/casadecampoliving.com\/wp-content\/uploads\/2023\/10\/Bellamar-Food-Park-2.jpeg?resize=200%2C200&amp;ssl=1 200w, https:\/\/i0.wp.com\/casadecampoliving.com\/wp-content\/uploads\/2023\/10\/Bellamar-Food-Park-2.jpeg?resize=1568%2C1568&amp;ssl=1 1568w, https:\/\/i0.wp.com\/casadecampoliving.com\/wp-content\/uploads\/2023\/10\/Bellamar-Food-Park-2.jpeg?resize=1320%2C1320&amp;ssl=1 1320w, https:\/\/i0.wp.com\/casadecampoliving.com\/wp-content\/uploads\/2023\/10\/Bellamar-Food-Park-2.jpeg?resize=96%2C96&amp;ssl=1 96w, https:\/\/i0.wp.com\/casadecampoliving.com\/wp-content\/uploads\/2023\/10\/Bellamar-Food-Park-2.jpeg?w=1600&amp;ssl=1 1600w, https:\/\/i0.wp.com\/casadecampoliving.com\/wp-content\/uploads\/2023\/10\/Bellamar-Food-Park-2-1024x1024.jpeg?w=370&amp;ssl=1 370w\" sizes=\"(max-width: 1000px) 100vw, 1000px\" \/><\/figure><\/li><li class=\"wp-block-jetpack-slideshow_slide swiper-slide\"><figure><img data-recalc-dims=\"1\" loading=\"lazy\" decoding=\"async\" width=\"1024\" height=\"1024\" alt=\"\" class=\"wp-block-jetpack-slideshow_image wp-image-523469\" data-id=\"523469\" src=\"https:\/\/i0.wp.com\/casadecampoliving.com\/wp-content\/uploads\/2023\/10\/Bellamar-Food-Park-1.jpeg?resize=1024%2C1024&#038;ssl=1\" srcset=\"https:\/\/i0.wp.com\/casadecampoliving.com\/wp-content\/uploads\/2023\/10\/Bellamar-Food-Park-1.jpeg?resize=1024%2C1024&amp;ssl=1 1024w, https:\/\/i0.wp.com\/casadecampoliving.com\/wp-content\/uploads\/2023\/10\/Bellamar-Food-Park-1.jpeg?resize=300%2C300&amp;ssl=1 300w, https:\/\/i0.wp.com\/casadecampoliving.com\/wp-content\/uploads\/2023\/10\/Bellamar-Food-Park-1.jpeg?resize=150%2C150&amp;ssl=1 150w, https:\/\/i0.wp.com\/casadecampoliving.com\/wp-content\/uploads\/2023\/10\/Bellamar-Food-Park-1.jpeg?resize=768%2C768&amp;ssl=1 768w, https:\/\/i0.wp.com\/casadecampoliving.com\/wp-content\/uploads\/2023\/10\/Bellamar-Food-Park-1.jpeg?resize=1536%2C1536&amp;ssl=1 1536w, https:\/\/i0.wp.com\/casadecampoliving.com\/wp-content\/uploads\/2023\/10\/Bellamar-Food-Park-1.jpeg?resize=1200%2C1200&amp;ssl=1 1200w, https:\/\/i0.wp.com\/casadecampoliving.com\/wp-content\/uploads\/2023\/10\/Bellamar-Food-Park-1.jpeg?resize=800%2C800&amp;ssl=1 800w, https:\/\/i0.wp.com\/casadecampoliving.com\/wp-content\/uploads\/2023\/10\/Bellamar-Food-Park-1.jpeg?resize=600%2C600&amp;ssl=1 600w, https:\/\/i0.wp.com\/casadecampoliving.com\/wp-content\/uploads\/2023\/10\/Bellamar-Food-Park-1.jpeg?resize=400%2C400&amp;ssl=1 400w, https:\/\/i0.wp.com\/casadecampoliving.com\/wp-content\/uploads\/2023\/10\/Bellamar-Food-Park-1.jpeg?resize=200%2C200&amp;ssl=1 200w, https:\/\/i0.wp.com\/casadecampoliving.com\/wp-content\/uploads\/2023\/10\/Bellamar-Food-Park-1.jpeg?resize=1568%2C1568&amp;ssl=1 1568w, https:\/\/i0.wp.com\/casadecampoliving.com\/wp-content\/uploads\/2023\/10\/Bellamar-Food-Park-1.jpeg?resize=1320%2C1320&amp;ssl=1 1320w, https:\/\/i0.wp.com\/casadecampoliving.com\/wp-content\/uploads\/2023\/10\/Bellamar-Food-Park-1.jpeg?resize=96%2C96&amp;ssl=1 96w, https:\/\/i0.wp.com\/casadecampoliving.com\/wp-content\/uploads\/2023\/10\/Bellamar-Food-Park-1.jpeg?w=1600&amp;ssl=1 1600w, https:\/\/i0.wp.com\/casadecampoliving.com\/wp-content\/uploads\/2023\/10\/Bellamar-Food-Park-1-1024x1024.jpeg?w=370&amp;ssl=1 370w\" sizes=\"(max-width: 1000px) 100vw, 1000px\" \/><\/figure><\/li><\/ul><a class=\"wp-block-jetpack-slideshow_button-prev swiper-button-prev swiper-button-white\" role=\"button\"><\/a><a class=\"wp-block-jetpack-slideshow_button-next swiper-button-next swiper-button-white\" role=\"button\"><\/a><a aria-label=\"Pause Slideshow\" class=\"wp-block-jetpack-slideshow_button-pause\" role=\"button\"><\/a><div class=\"wp-block-jetpack-slideshow_pagination swiper-pagination swiper-pagination-white\"><\/div><\/div><\/div>\n\n\n\n<p>A medida que se acerca <strong>la segunda edici\u00f3n del Bellamar Food Fest<\/strong>, promete ser una oportunidad encantadora para disfrutar en compa\u00f1\u00eda de amigos y familiares, saborear una variedad de platos deliciosos, disfrutar de bebidas y postres, todo ello acompa\u00f1ado de m\u00fasica animada y caricaturas para toda la familia a cargo de Mr. Cartoon, numerosos juegos y mucho m\u00e1s. El evento presenta una destacada alineaci\u00f3n de establecimientos gastron\u00f3micos locales como Come Arepa, Hambre de Perro, Jams Burgers, Paletas bajo cero, Pizzitalia y Super churros, convirti\u00e9ndolo en un destino ideal para los amantes de la comida.<\/p>\n\n\n\n<p>\u00a1Encuentra a continuaci\u00f3n el volante oficial del evento y guarda las fechas!<\/p>\n\n\n\n<div class=\"wp-block-group is-style-border has-light-gray-background-color has-background\"><div class=\"wp-block-group__inner-container is-layout-constrained wp-block-group-is-layout-constrained\">\n<h2 class=\"wp-block-heading\"><strong>Bellamar Food Fest<\/strong> <\/h2>\n\n\n\n<p><strong>\u00bfQu\u00e9?<\/strong> Un festival gastron\u00f3mico que presenta una variedad de alimentos deliciosos, bebidas, postres, helados, m\u00fasica en vivo, actuaciones de DJ, actividades para toda la familia y mucho m\u00e1s.<\/p>\n\n\n\n<p><strong>Cu\u00e1ndo:<\/strong><\/p>\n\n\n\n<ul class=\"wp-block-list\">\n<li>Domingo, 5 de noviembre &#8211; 12:00 PM a 9:30 PM<\/li>\n\n\n\n<li>Lunes, 6 de noviembre &#8211; 12:00 PM a 9:30 PM<\/li>\n<\/ul>\n\n\n\n<p><strong>D\u00f3nde:<\/strong> Bellamar Food Park &#8211; Autopista Coral del Este, Villa Hermosa, La Romana<\/p>\n\n\n\n<p><strong>Contactos:<\/strong><a href=\"https:\/\/www.instagram.com\/bellamarfoodpark\/?hl=es-la\" target=\"_blank\" rel=\"noreferrer noopener\"> @bellamarfoodpark<\/a>,&nbsp;<a href=\"mailto:romana@grupobellamar.com\" target=\"_blank\" rel=\"noreferrer noopener\">romana@grupobellamar.com<\/a><\/p>\n\n\n<div class=\"wp-block-image\">\n<figure class=\"aligncenter size-large\"><img data-recalc-dims=\"1\" loading=\"lazy\" decoding=\"async\" width=\"1024\" height=\"1024\" src=\"https:\/\/i0.wp.com\/casadecampoliving.com\/wp-content\/uploads\/2023\/10\/Bellamar-2nd-Food-Fest-2023.jpg?resize=1024%2C1024&#038;ssl=1\" alt=\"\" class=\"wp-image-523351\" srcset=\"https:\/\/i0.wp.com\/casadecampoliving.com\/wp-content\/uploads\/2023\/10\/Bellamar-2nd-Food-Fest-2023.jpg?resize=1024%2C1024&amp;ssl=1 1024w, https:\/\/i0.wp.com\/casadecampoliving.com\/wp-content\/uploads\/2023\/10\/Bellamar-2nd-Food-Fest-2023.jpg?resize=300%2C300&amp;ssl=1 300w, https:\/\/i0.wp.com\/casadecampoliving.com\/wp-content\/uploads\/2023\/10\/Bellamar-2nd-Food-Fest-2023.jpg?resize=150%2C150&amp;ssl=1 150w, https:\/\/i0.wp.com\/casadecampoliving.com\/wp-content\/uploads\/2023\/10\/Bellamar-2nd-Food-Fest-2023.jpg?resize=768%2C768&amp;ssl=1 768w, https:\/\/i0.wp.com\/casadecampoliving.com\/wp-content\/uploads\/2023\/10\/Bellamar-2nd-Food-Fest-2023.jpg?resize=800%2C800&amp;ssl=1 800w, https:\/\/i0.wp.com\/casadecampoliving.com\/wp-content\/uploads\/2023\/10\/Bellamar-2nd-Food-Fest-2023.jpg?resize=600%2C600&amp;ssl=1 600w, https:\/\/i0.wp.com\/casadecampoliving.com\/wp-content\/uploads\/2023\/10\/Bellamar-2nd-Food-Fest-2023.jpg?resize=400%2C400&amp;ssl=1 400w, https:\/\/i0.wp.com\/casadecampoliving.com\/wp-content\/uploads\/2023\/10\/Bellamar-2nd-Food-Fest-2023.jpg?resize=200%2C200&amp;ssl=1 200w, https:\/\/i0.wp.com\/casadecampoliving.com\/wp-content\/uploads\/2023\/10\/Bellamar-2nd-Food-Fest-2023.jpg?resize=96%2C96&amp;ssl=1 96w, https:\/\/i0.wp.com\/casadecampoliving.com\/wp-content\/uploads\/2023\/10\/Bellamar-2nd-Food-Fest-2023.jpg?w=1080&amp;ssl=1 1080w, https:\/\/i0.wp.com\/casadecampoliving.com\/wp-content\/uploads\/2023\/10\/Bellamar-2nd-Food-Fest-2023-1024x1024.jpg?w=370&amp;ssl=1 370w\" sizes=\"auto, (max-width: 1000px) 100vw, 1000px\" \/><\/figure>\n<\/div><\/div><\/div>\n","protected":false},"excerpt":{"rendered":"<p>La segunda edici\u00f3n del Bellamar Food Fest en el Bellamar Food Park est\u00e1 programada para el 5 y 6 de noviembre de 2023. Despu\u00e9s del \u00e9xito de su edici\u00f3n inaugural, donde los visitantes disfrutaron de una experiencia culinaria excepcional acompa\u00f1ada de m\u00fasica en vivo en un ambiente seguro y acogedor, este a\u00f1o promete ser a\u00fan [&hellip;]<\/p>\n","protected":false},"author":36791,"featured_media":517978,"comment_status":"closed","ping_status":"closed","sticky":false,"template":"","format":"standard","meta":{"newspack_ads_suppress_ads":false,"newspack_popups_has_disabled_popups":false,"newspack_sponsor_sponsorship_scope":"","newspack_sponsor_native_byline_display":"inherit","newspack_sponsor_native_category_display":"inherit","newspack_sponsor_underwriter_style":"inherit","newspack_sponsor_underwriter_placement":"inherit","_newspack_byline_active":false,"_newspack_byline":"","newspack_hide_updated_date":false,"newspack_show_updated_date":false,"newspack_content_restriction_is_exempt":false,"newspack_featured_image_position":"beside","newspack_post_subtitle":"El Bellamar Food Park ser\u00e1 sede de un evento gastron\u00f3mico con una amplia variedad de alimentos, bebidas, m\u00fasica en vivo y actividades para toda la familia","newspack_article_summary_title":"Overview:","newspack_article_summary":"","_jetpack_memberships_contains_paid_content":false,"footnotes":"","jetpack_publicize_message":"","jetpack_publicize_feature_enabled":true,"jetpack_social_post_already_shared":false,"jetpack_social_options":{"image_generator_settings":{"template":"highway","default_image_id":0,"font":"","enabled":false},"version":2},"_wpas_customize_per_network":false},"categories":[2506,14627],"tags":[14736,18932,14542,15091],"newspack_spnsrs_tax":[],"class_list":["post-523373","post","type-post","status-publish","format-standard","has-post-thumbnail","hentry","category-mas-alla-de-casa-es","category-proximamente","tag-featured-topview-es","tag-la-romana-es-4","tag-la-romana-es","tag-proximamente","entry"],"yoast_head":"<!-- This site is optimized with the Yoast SEO plugin v27.5 - https:\/\/yoast.com\/product\/yoast-seo-wordpress\/ -->\n<title>No te pierdas la 2da edici\u00f3n del Bellamar Food Fest el 5 y 6 de noviembre | Casa de Campo Living<\/title>\n<meta name=\"description\" content=\"La segunda edici\u00f3n del Bellamar Food Fest en el Bellamar Food Park est\u00e1 programada para el 5 y 6 de noviembre de 2023. Despu\u00e9s del \u00e9xito de su edici\u00f3n\" \/>\n<meta name=\"robots\" content=\"index, follow, max-snippet:-1, max-image-preview:large, max-video-preview:-1\" \/>\n<link rel=\"canonical\" href=\"https:\/\/casadecampoliving.com\/es\/no-te-pierdas-la-2da-edicion-del-bellamar-food-fest-el-5-y-6-de-noviembre\/\" \/>\n<meta property=\"og:locale\" content=\"es_ES\" \/>\n<meta property=\"og:type\" content=\"article\" \/>\n<meta property=\"og:title\" content=\"No te pierdas la 2da edici\u00f3n del Bellamar Food Fest el 5 y 6 de noviembre | Casa de Campo Living\" \/>\n<meta property=\"og:description\" content=\"La segunda edici\u00f3n del Bellamar Food Fest en el Bellamar Food Park est\u00e1 programada para el 5 y 6 de noviembre de 2023. Despu\u00e9s del \u00e9xito de su edici\u00f3n\" \/>\n<meta property=\"og:url\" content=\"https:\/\/casadecampoliving.com\/es\/no-te-pierdas-la-2da-edicion-del-bellamar-food-fest-el-5-y-6-de-noviembre\/\" \/>\n<meta property=\"og:site_name\" content=\"Casa de Campo Living\" \/>\n<meta property=\"article:publisher\" content=\"https:\/\/www.facebook.com\/casadecampoliving\" \/>\n<meta property=\"article:published_time\" content=\"2023-10-30T16:40:47+00:00\" \/>\n<meta property=\"article:modified_time\" content=\"2023-10-31T17:14:34+00:00\" \/>\n<meta property=\"og:image\" content=\"https:\/\/casadecampoliving.com\/wp-content\/uploads\/2023\/05\/Bellamar-Food-Fest-Nov-20225.webp\" \/>\n\t<meta property=\"og:image:width\" content=\"746\" \/>\n\t<meta property=\"og:image:height\" content=\"766\" \/>\n\t<meta property=\"og:image:type\" content=\"image\/webp\" \/>\n<meta name=\"author\" content=\"Casa de Campo Living\" \/>\n<meta name=\"twitter:card\" content=\"summary_large_image\" \/>\n<meta name=\"twitter:creator\" content=\"@cdcliving\" \/>\n<meta name=\"twitter:site\" content=\"@cdcliving\" \/>\n<meta name=\"twitter:label1\" content=\"Escrito por\" \/>\n\t<meta name=\"twitter:data1\" content=\"Casa de Campo Living\" \/>\n\t<meta name=\"twitter:label2\" content=\"Tiempo de lectura\" \/>\n\t<meta name=\"twitter:data2\" content=\"3 minutos\" \/>\n<script type=\"application\/ld+json\" class=\"yoast-schema-graph\">{\"@context\":\"https:\\\/\\\/schema.org\",\"@graph\":[{\"@type\":\"Article\",\"@id\":\"https:\\\/\\\/casadecampoliving.com\\\/es\\\/no-te-pierdas-la-2da-edicion-del-bellamar-food-fest-el-5-y-6-de-noviembre\\\/#article\",\"isPartOf\":{\"@id\":\"https:\\\/\\\/casadecampoliving.com\\\/es\\\/no-te-pierdas-la-2da-edicion-del-bellamar-food-fest-el-5-y-6-de-noviembre\\\/\"},\"author\":{\"name\":\"Casa de Campo Living\",\"@id\":\"https:\\\/\\\/casadecampoliving.com\\\/es\\\/#\\\/schema\\\/person\\\/5d2171637a9d11e0e43ce6b8555f9422\"},\"headline\":\"No te pierdas la 2da edici\u00f3n del Bellamar Food Fest el 5 y 6 de noviembre\",\"datePublished\":\"2023-10-30T16:40:47+00:00\",\"dateModified\":\"2023-10-31T17:14:34+00:00\",\"mainEntityOfPage\":{\"@id\":\"https:\\\/\\\/casadecampoliving.com\\\/es\\\/no-te-pierdas-la-2da-edicion-del-bellamar-food-fest-el-5-y-6-de-noviembre\\\/\"},\"wordCount\":360,\"publisher\":{\"@id\":\"https:\\\/\\\/casadecampoliving.com\\\/es\\\/#organization\"},\"image\":{\"@id\":\"https:\\\/\\\/casadecampoliving.com\\\/es\\\/no-te-pierdas-la-2da-edicion-del-bellamar-food-fest-el-5-y-6-de-noviembre\\\/#primaryimage\"},\"thumbnailUrl\":\"https:\\\/\\\/i0.wp.com\\\/casadecampoliving.com\\\/wp-content\\\/uploads\\\/2023\\\/05\\\/Bellamar-Food-Fest-Nov-20225.webp?fit=746%2C766&ssl=1\",\"keywords\":[\"Featured-TopView @es\",\"La Romana\",\"La Romana @es\",\"Proximamente\"],\"articleSection\":[\"M\u00e1s all\u00e1 de Casa\",\"Proximamente\"],\"inLanguage\":\"es\"},{\"@type\":\"WebPage\",\"@id\":\"https:\\\/\\\/casadecampoliving.com\\\/es\\\/no-te-pierdas-la-2da-edicion-del-bellamar-food-fest-el-5-y-6-de-noviembre\\\/\",\"url\":\"https:\\\/\\\/casadecampoliving.com\\\/es\\\/no-te-pierdas-la-2da-edicion-del-bellamar-food-fest-el-5-y-6-de-noviembre\\\/\",\"name\":\"No te pierdas la 2da edici\u00f3n del Bellamar Food Fest el 5 y 6 de noviembre | Casa de Campo Living\",\"isPartOf\":{\"@id\":\"https:\\\/\\\/casadecampoliving.com\\\/es\\\/#website\"},\"primaryImageOfPage\":{\"@id\":\"https:\\\/\\\/casadecampoliving.com\\\/es\\\/no-te-pierdas-la-2da-edicion-del-bellamar-food-fest-el-5-y-6-de-noviembre\\\/#primaryimage\"},\"image\":{\"@id\":\"https:\\\/\\\/casadecampoliving.com\\\/es\\\/no-te-pierdas-la-2da-edicion-del-bellamar-food-fest-el-5-y-6-de-noviembre\\\/#primaryimage\"},\"thumbnailUrl\":\"https:\\\/\\\/i0.wp.com\\\/casadecampoliving.com\\\/wp-content\\\/uploads\\\/2023\\\/05\\\/Bellamar-Food-Fest-Nov-20225.webp?fit=746%2C766&ssl=1\",\"datePublished\":\"2023-10-30T16:40:47+00:00\",\"dateModified\":\"2023-10-31T17:14:34+00:00\",\"description\":\"La segunda edici\u00f3n del Bellamar Food Fest en el Bellamar Food Park est\u00e1 programada para el 5 y 6 de noviembre de 2023. Despu\u00e9s del \u00e9xito de su edici\u00f3n\",\"breadcrumb\":{\"@id\":\"https:\\\/\\\/casadecampoliving.com\\\/es\\\/no-te-pierdas-la-2da-edicion-del-bellamar-food-fest-el-5-y-6-de-noviembre\\\/#breadcrumb\"},\"inLanguage\":\"es\",\"potentialAction\":[{\"@type\":\"ReadAction\",\"target\":[\"https:\\\/\\\/casadecampoliving.com\\\/es\\\/no-te-pierdas-la-2da-edicion-del-bellamar-food-fest-el-5-y-6-de-noviembre\\\/\"]}]},{\"@type\":\"ImageObject\",\"inLanguage\":\"es\",\"@id\":\"https:\\\/\\\/casadecampoliving.com\\\/es\\\/no-te-pierdas-la-2da-edicion-del-bellamar-food-fest-el-5-y-6-de-noviembre\\\/#primaryimage\",\"url\":\"https:\\\/\\\/i0.wp.com\\\/casadecampoliving.com\\\/wp-content\\\/uploads\\\/2023\\\/05\\\/Bellamar-Food-Fest-Nov-20225.webp?fit=746%2C766&ssl=1\",\"contentUrl\":\"https:\\\/\\\/i0.wp.com\\\/casadecampoliving.com\\\/wp-content\\\/uploads\\\/2023\\\/05\\\/Bellamar-Food-Fest-Nov-20225.webp?fit=746%2C766&ssl=1\",\"width\":746,\"height\":766},{\"@type\":\"BreadcrumbList\",\"@id\":\"https:\\\/\\\/casadecampoliving.com\\\/es\\\/no-te-pierdas-la-2da-edicion-del-bellamar-food-fest-el-5-y-6-de-noviembre\\\/#breadcrumb\",\"itemListElement\":[{\"@type\":\"ListItem\",\"position\":1,\"name\":\"Home\",\"item\":\"https:\\\/\\\/casadecampoliving.com\\\/es\\\/\"},{\"@type\":\"ListItem\",\"position\":2,\"name\":\"No te pierdas la 2da edici\u00f3n del Bellamar Food Fest el 5 y 6 de noviembre\"}]},{\"@type\":\"WebSite\",\"@id\":\"https:\\\/\\\/casadecampoliving.com\\\/es\\\/#website\",\"url\":\"https:\\\/\\\/casadecampoliving.com\\\/es\\\/\",\"name\":\"Casa de Campo Living\",\"description\":\"Resort community news and resources.\",\"publisher\":{\"@id\":\"https:\\\/\\\/casadecampoliving.com\\\/es\\\/#organization\"},\"potentialAction\":[{\"@type\":\"SearchAction\",\"target\":{\"@type\":\"EntryPoint\",\"urlTemplate\":\"https:\\\/\\\/casadecampoliving.com\\\/es\\\/?s={search_term_string}\"},\"query-input\":{\"@type\":\"PropertyValueSpecification\",\"valueRequired\":true,\"valueName\":\"search_term_string\"}}],\"inLanguage\":\"es\"},{\"@type\":\"Organization\",\"@id\":\"https:\\\/\\\/casadecampoliving.com\\\/es\\\/#organization\",\"name\":\"Casa de Campo Living\",\"url\":\"https:\\\/\\\/casadecampoliving.com\\\/es\\\/\",\"logo\":{\"@type\":\"ImageObject\",\"inLanguage\":\"es\",\"@id\":\"https:\\\/\\\/casadecampoliving.com\\\/es\\\/#\\\/schema\\\/logo\\\/image\\\/\",\"url\":\"https:\\\/\\\/i0.wp.com\\\/casadecampoliving.com\\\/wp-content\\\/uploads\\\/2022\\\/07\\\/CDCLivingLogo_V1-white-sized.png?fit=800%2C214&ssl=1\",\"contentUrl\":\"https:\\\/\\\/i0.wp.com\\\/casadecampoliving.com\\\/wp-content\\\/uploads\\\/2022\\\/07\\\/CDCLivingLogo_V1-white-sized.png?fit=800%2C214&ssl=1\",\"width\":800,\"height\":214,\"caption\":\"Casa de Campo Living\"},\"image\":{\"@id\":\"https:\\\/\\\/casadecampoliving.com\\\/es\\\/#\\\/schema\\\/logo\\\/image\\\/\"},\"sameAs\":[\"https:\\\/\\\/www.facebook.com\\\/casadecampoliving\",\"https:\\\/\\\/x.com\\\/cdcliving\"]},{\"@type\":\"Person\",\"@id\":\"https:\\\/\\\/casadecampoliving.com\\\/es\\\/#\\\/schema\\\/person\\\/5d2171637a9d11e0e43ce6b8555f9422\",\"name\":\"Casa de Campo Living\",\"image\":{\"@type\":\"ImageObject\",\"inLanguage\":\"es\",\"@id\":\"https:\\\/\\\/secure.gravatar.com\\\/avatar\\\/d04101fa4a9fd431e939953b1500fdc7a73cd35029f86d98712fd8ccdaebaf9a?s=96&d=mm&r=g\",\"url\":\"https:\\\/\\\/secure.gravatar.com\\\/avatar\\\/d04101fa4a9fd431e939953b1500fdc7a73cd35029f86d98712fd8ccdaebaf9a?s=96&d=mm&r=g\",\"contentUrl\":\"https:\\\/\\\/secure.gravatar.com\\\/avatar\\\/d04101fa4a9fd431e939953b1500fdc7a73cd35029f86d98712fd8ccdaebaf9a?s=96&d=mm&r=g\",\"caption\":\"Casa de Campo Living\"},\"url\":\"https:\\\/\\\/casadecampoliving.com\\\/es\\\/author\\\/casa-de-campo-living\\\/\"}]}<\/script>\n<!-- \/ Yoast SEO plugin. -->","yoast_head_json":{"title":"No te pierdas la 2da edici\u00f3n del Bellamar Food Fest el 5 y 6 de noviembre | Casa de Campo Living","description":"La segunda edici\u00f3n del Bellamar Food Fest en el Bellamar Food Park est\u00e1 programada para el 5 y 6 de noviembre de 2023. Despu\u00e9s del \u00e9xito de su edici\u00f3n","robots":{"index":"index","follow":"follow","max-snippet":"max-snippet:-1","max-image-preview":"max-image-preview:large","max-video-preview":"max-video-preview:-1"},"canonical":"https:\/\/casadecampoliving.com\/es\/no-te-pierdas-la-2da-edicion-del-bellamar-food-fest-el-5-y-6-de-noviembre\/","og_locale":"es_ES","og_type":"article","og_title":"No te pierdas la 2da edici\u00f3n del Bellamar Food Fest el 5 y 6 de noviembre | Casa de Campo Living","og_description":"La segunda edici\u00f3n del Bellamar Food Fest en el Bellamar Food Park est\u00e1 programada para el 5 y 6 de noviembre de 2023. Despu\u00e9s del \u00e9xito de su edici\u00f3n","og_url":"https:\/\/casadecampoliving.com\/es\/no-te-pierdas-la-2da-edicion-del-bellamar-food-fest-el-5-y-6-de-noviembre\/","og_site_name":"Casa de Campo Living","article_publisher":"https:\/\/www.facebook.com\/casadecampoliving","article_published_time":"2023-10-30T16:40:47+00:00","article_modified_time":"2023-10-31T17:14:34+00:00","og_image":[{"width":746,"height":766,"url":"https:\/\/casadecampoliving.com\/wp-content\/uploads\/2023\/05\/Bellamar-Food-Fest-Nov-20225.webp","type":"image\/webp"}],"author":"Casa de Campo Living","twitter_card":"summary_large_image","twitter_creator":"@cdcliving","twitter_site":"@cdcliving","twitter_misc":{"Escrito por":"Casa de Campo Living","Tiempo de lectura":"3 minutos"},"schema":{"@context":"https:\/\/schema.org","@graph":[{"@type":"Article","@id":"https:\/\/casadecampoliving.com\/es\/no-te-pierdas-la-2da-edicion-del-bellamar-food-fest-el-5-y-6-de-noviembre\/#article","isPartOf":{"@id":"https:\/\/casadecampoliving.com\/es\/no-te-pierdas-la-2da-edicion-del-bellamar-food-fest-el-5-y-6-de-noviembre\/"},"author":{"name":"Casa de Campo Living","@id":"https:\/\/casadecampoliving.com\/es\/#\/schema\/person\/5d2171637a9d11e0e43ce6b8555f9422"},"headline":"No te pierdas la 2da edici\u00f3n del Bellamar Food Fest el 5 y 6 de noviembre","datePublished":"2023-10-30T16:40:47+00:00","dateModified":"2023-10-31T17:14:34+00:00","mainEntityOfPage":{"@id":"https:\/\/casadecampoliving.com\/es\/no-te-pierdas-la-2da-edicion-del-bellamar-food-fest-el-5-y-6-de-noviembre\/"},"wordCount":360,"publisher":{"@id":"https:\/\/casadecampoliving.com\/es\/#organization"},"image":{"@id":"https:\/\/casadecampoliving.com\/es\/no-te-pierdas-la-2da-edicion-del-bellamar-food-fest-el-5-y-6-de-noviembre\/#primaryimage"},"thumbnailUrl":"https:\/\/i0.wp.com\/casadecampoliving.com\/wp-content\/uploads\/2023\/05\/Bellamar-Food-Fest-Nov-20225.webp?fit=746%2C766&ssl=1","keywords":["Featured-TopView @es","La Romana","La Romana @es","Proximamente"],"articleSection":["M\u00e1s all\u00e1 de Casa","Proximamente"],"inLanguage":"es"},{"@type":"WebPage","@id":"https:\/\/casadecampoliving.com\/es\/no-te-pierdas-la-2da-edicion-del-bellamar-food-fest-el-5-y-6-de-noviembre\/","url":"https:\/\/casadecampoliving.com\/es\/no-te-pierdas-la-2da-edicion-del-bellamar-food-fest-el-5-y-6-de-noviembre\/","name":"No te pierdas la 2da edici\u00f3n del Bellamar Food Fest el 5 y 6 de noviembre | Casa de Campo Living","isPartOf":{"@id":"https:\/\/casadecampoliving.com\/es\/#website"},"primaryImageOfPage":{"@id":"https:\/\/casadecampoliving.com\/es\/no-te-pierdas-la-2da-edicion-del-bellamar-food-fest-el-5-y-6-de-noviembre\/#primaryimage"},"image":{"@id":"https:\/\/casadecampoliving.com\/es\/no-te-pierdas-la-2da-edicion-del-bellamar-food-fest-el-5-y-6-de-noviembre\/#primaryimage"},"thumbnailUrl":"https:\/\/i0.wp.com\/casadecampoliving.com\/wp-content\/uploads\/2023\/05\/Bellamar-Food-Fest-Nov-20225.webp?fit=746%2C766&ssl=1","datePublished":"2023-10-30T16:40:47+00:00","dateModified":"2023-10-31T17:14:34+00:00","description":"La segunda edici\u00f3n del Bellamar Food Fest en el Bellamar Food Park est\u00e1 programada para el 5 y 6 de noviembre de 2023. Despu\u00e9s del \u00e9xito de su edici\u00f3n","breadcrumb":{"@id":"https:\/\/casadecampoliving.com\/es\/no-te-pierdas-la-2da-edicion-del-bellamar-food-fest-el-5-y-6-de-noviembre\/#breadcrumb"},"inLanguage":"es","potentialAction":[{"@type":"ReadAction","target":["https:\/\/casadecampoliving.com\/es\/no-te-pierdas-la-2da-edicion-del-bellamar-food-fest-el-5-y-6-de-noviembre\/"]}]},{"@type":"ImageObject","inLanguage":"es","@id":"https:\/\/casadecampoliving.com\/es\/no-te-pierdas-la-2da-edicion-del-bellamar-food-fest-el-5-y-6-de-noviembre\/#primaryimage","url":"https:\/\/i0.wp.com\/casadecampoliving.com\/wp-content\/uploads\/2023\/05\/Bellamar-Food-Fest-Nov-20225.webp?fit=746%2C766&ssl=1","contentUrl":"https:\/\/i0.wp.com\/casadecampoliving.com\/wp-content\/uploads\/2023\/05\/Bellamar-Food-Fest-Nov-20225.webp?fit=746%2C766&ssl=1","width":746,"height":766},{"@type":"BreadcrumbList","@id":"https:\/\/casadecampoliving.com\/es\/no-te-pierdas-la-2da-edicion-del-bellamar-food-fest-el-5-y-6-de-noviembre\/#breadcrumb","itemListElement":[{"@type":"ListItem","position":1,"name":"Home","item":"https:\/\/casadecampoliving.com\/es\/"},{"@type":"ListItem","position":2,"name":"No te pierdas la 2da edici\u00f3n del Bellamar Food Fest el 5 y 6 de noviembre"}]},{"@type":"WebSite","@id":"https:\/\/casadecampoliving.com\/es\/#website","url":"https:\/\/casadecampoliving.com\/es\/","name":"Casa de Campo Living","description":"Resort community news and resources.","publisher":{"@id":"https:\/\/casadecampoliving.com\/es\/#organization"},"potentialAction":[{"@type":"SearchAction","target":{"@type":"EntryPoint","urlTemplate":"https:\/\/casadecampoliving.com\/es\/?s={search_term_string}"},"query-input":{"@type":"PropertyValueSpecification","valueRequired":true,"valueName":"search_term_string"}}],"inLanguage":"es"},{"@type":"Organization","@id":"https:\/\/casadecampoliving.com\/es\/#organization","name":"Casa de Campo Living","url":"https:\/\/casadecampoliving.com\/es\/","logo":{"@type":"ImageObject","inLanguage":"es","@id":"https:\/\/casadecampoliving.com\/es\/#\/schema\/logo\/image\/","url":"https:\/\/i0.wp.com\/casadecampoliving.com\/wp-content\/uploads\/2022\/07\/CDCLivingLogo_V1-white-sized.png?fit=800%2C214&ssl=1","contentUrl":"https:\/\/i0.wp.com\/casadecampoliving.com\/wp-content\/uploads\/2022\/07\/CDCLivingLogo_V1-white-sized.png?fit=800%2C214&ssl=1","width":800,"height":214,"caption":"Casa de Campo Living"},"image":{"@id":"https:\/\/casadecampoliving.com\/es\/#\/schema\/logo\/image\/"},"sameAs":["https:\/\/www.facebook.com\/casadecampoliving","https:\/\/x.com\/cdcliving"]},{"@type":"Person","@id":"https:\/\/casadecampoliving.com\/es\/#\/schema\/person\/5d2171637a9d11e0e43ce6b8555f9422","name":"Casa de Campo Living","image":{"@type":"ImageObject","inLanguage":"es","@id":"https:\/\/secure.gravatar.com\/avatar\/d04101fa4a9fd431e939953b1500fdc7a73cd35029f86d98712fd8ccdaebaf9a?s=96&d=mm&r=g","url":"https:\/\/secure.gravatar.com\/avatar\/d04101fa4a9fd431e939953b1500fdc7a73cd35029f86d98712fd8ccdaebaf9a?s=96&d=mm&r=g","contentUrl":"https:\/\/secure.gravatar.com\/avatar\/d04101fa4a9fd431e939953b1500fdc7a73cd35029f86d98712fd8ccdaebaf9a?s=96&d=mm&r=g","caption":"Casa de Campo Living"},"url":"https:\/\/casadecampoliving.com\/es\/author\/casa-de-campo-living\/"}]}},"parsely":{"version":"1.1.0","canonical_url":"https:\/\/casadecampoliving.com\/es\/no-te-pierdas-la-2da-edicion-del-bellamar-food-fest-el-5-y-6-de-noviembre\/","smart_links":{"inbound":0,"outbound":0},"traffic_boost_suggestions_count":0,"meta":{"@context":"https:\/\/schema.org","@type":"NewsArticle","headline":"No te pierdas la 2da edici\u00f3n del Bellamar Food Fest el 5 y 6 de noviembre","url":"http:\/\/casadecampoliving.com\/es\/no-te-pierdas-la-2da-edicion-del-bellamar-food-fest-el-5-y-6-de-noviembre\/","mainEntityOfPage":{"@type":"WebPage","@id":"http:\/\/casadecampoliving.com\/es\/no-te-pierdas-la-2da-edicion-del-bellamar-food-fest-el-5-y-6-de-noviembre\/"},"thumbnailUrl":"https:\/\/i0.wp.com\/casadecampoliving.com\/wp-content\/uploads\/2023\/05\/Bellamar-Food-Fest-Nov-20225.webp?resize=150%2C150&ssl=1","image":{"@type":"ImageObject","url":"https:\/\/i0.wp.com\/casadecampoliving.com\/wp-content\/uploads\/2023\/05\/Bellamar-Food-Fest-Nov-20225.webp?fit=746%2C766&ssl=1"},"articleSection":"M\u00e1s all\u00e1 de Casa","author":[{"@type":"Person","name":"Casa de Campo Living"}],"creator":["Casa de Campo Living"],"publisher":{"@type":"Organization","name":"Casa de Campo Living","logo":"https:\/\/casadecampoliving.com\/wp-content\/uploads\/2022\/07\/CDCLivingLogo_V1-white-sized.png"},"keywords":["featured-topview @es","la romana","la romana @es","proximamente"],"dateCreated":"2023-10-30T16:40:47Z","datePublished":"2023-10-30T16:40:47Z","dateModified":"2023-10-31T17:14:34Z"},"rendered":"<script type=\"application\/ld+json\" class=\"wp-parsely-metadata\">{\"@context\":\"https:\\\/\\\/schema.org\",\"@type\":\"NewsArticle\",\"headline\":\"No te pierdas la 2da edici\\u00f3n del Bellamar Food Fest el 5 y 6 de noviembre\",\"url\":\"http:\\\/\\\/casadecampoliving.com\\\/es\\\/no-te-pierdas-la-2da-edicion-del-bellamar-food-fest-el-5-y-6-de-noviembre\\\/\",\"mainEntityOfPage\":{\"@type\":\"WebPage\",\"@id\":\"http:\\\/\\\/casadecampoliving.com\\\/es\\\/no-te-pierdas-la-2da-edicion-del-bellamar-food-fest-el-5-y-6-de-noviembre\\\/\"},\"thumbnailUrl\":\"https:\\\/\\\/i0.wp.com\\\/casadecampoliving.com\\\/wp-content\\\/uploads\\\/2023\\\/05\\\/Bellamar-Food-Fest-Nov-20225.webp?resize=150%2C150&ssl=1\",\"image\":{\"@type\":\"ImageObject\",\"url\":\"https:\\\/\\\/i0.wp.com\\\/casadecampoliving.com\\\/wp-content\\\/uploads\\\/2023\\\/05\\\/Bellamar-Food-Fest-Nov-20225.webp?fit=746%2C766&ssl=1\"},\"articleSection\":\"M\\u00e1s all\\u00e1 de Casa\",\"author\":[{\"@type\":\"Person\",\"name\":\"Casa de Campo Living\"}],\"creator\":[\"Casa de Campo Living\"],\"publisher\":{\"@type\":\"Organization\",\"name\":\"Casa de Campo Living\",\"logo\":\"https:\\\/\\\/casadecampoliving.com\\\/wp-content\\\/uploads\\\/2022\\\/07\\\/CDCLivingLogo_V1-white-sized.png\"},\"keywords\":[\"featured-topview @es\",\"la romana\",\"la romana @es\",\"proximamente\"],\"dateCreated\":\"2023-10-30T16:40:47Z\",\"datePublished\":\"2023-10-30T16:40:47Z\",\"dateModified\":\"2023-10-31T17:14:34Z\"}<\/script>","tracker_url":"https:\/\/cdn.parsely.com\/keys\/casadecampoliving.com\/p.js"},"jetpack_publicize_connections":[],"jetpack_featured_media_url":"https:\/\/i0.wp.com\/casadecampoliving.com\/wp-content\/uploads\/2023\/05\/Bellamar-Food-Fest-Nov-20225.webp?fit=746%2C766&ssl=1","jetpack-related-posts":[{"id":502371,"url":"https:\/\/casadecampoliving.com\/es\/nueva-fecha-anunciada-no-te-pierdas-el-primer-bellamar-food-fest-a-minutos-de-casa-de-campo-2\/","url_meta":{"origin":523373,"position":0},"title":"*Nueva fecha anunciada* No te pierdas el primer Bellamar Food Fest, a minutos de Casa de Campo","author":"Casa de Campo Living","date":"17 Oct, 2022","format":false,"excerpt":"\u00bfBuscas nuevas opciones gastron\u00f3micas? \u00a1Est\u00e1 invitado al primer Bellamar Food Fest de Bellamar Food Park que tendr\u00e1 lugar el 5 y 6 de noviembre de 2022! Tras ser pospuesto por el paso del hurac\u00e1n Fiona, Bellamar ha fijado una nueva fecha para su primer \u201cFood Fest\u201d que nos dar\u00e1 la\u2026","rel":"","context":"En \u00abComidas &amp; Bebidas\u00bb","block_context":{"text":"Comidas &amp; Bebidas","link":"https:\/\/casadecampoliving.com\/es\/category\/comidas-bebidas\/"},"img":{"alt_text":"","src":"https:\/\/i0.wp.com\/casadecampoliving.com\/wp-content\/uploads\/2022\/10\/screen.00_00_17_02.still002-e1662407703348-2.jpg?fit=1000%2C800&ssl=1&resize=350%2C200","width":350,"height":200,"srcset":"https:\/\/i0.wp.com\/casadecampoliving.com\/wp-content\/uploads\/2022\/10\/screen.00_00_17_02.still002-e1662407703348-2.jpg?fit=1000%2C800&ssl=1&resize=350%2C200 1x, https:\/\/i0.wp.com\/casadecampoliving.com\/wp-content\/uploads\/2022\/10\/screen.00_00_17_02.still002-e1662407703348-2.jpg?fit=1000%2C800&ssl=1&resize=525%2C300 1.5x, https:\/\/i0.wp.com\/casadecampoliving.com\/wp-content\/uploads\/2022\/10\/screen.00_00_17_02.still002-e1662407703348-2.jpg?fit=1000%2C800&ssl=1&resize=700%2C400 2x"},"classes":[]},{"id":510491,"url":"https:\/\/casadecampoliving.com\/es\/el-primer-food-fest-de-bellamar-foodpark-fue-todo-un-exito\/","url_meta":{"origin":523373,"position":1},"title":"\u00a1El Primer Food Fest de Bellamar FoodPark fue todo un \u00e9xito!","author":"Casa de Campo Living","date":"14 Nov, 2022","format":false,"excerpt":"El pasado 5 y 6 de este mes se celebr\u00f3 de la primera edici\u00f3n del Bellamar Food Fest; un evento que tiene como prop\u00f3sito que todos sus visitantes puedan disfrutar de la mejor experiencia gastron\u00f3mica, acompa\u00f1ada de buena m\u00fasica en vivo en un ambiente familiar y seguro. Durante estos dos\u2026","rel":"","context":"En \u00abComidas &amp; Bebidas\u00bb","block_context":{"text":"Comidas &amp; Bebidas","link":"https:\/\/casadecampoliving.com\/es\/category\/comidas-bebidas\/"},"img":{"alt_text":"","src":"https:\/\/i0.wp.com\/casadecampoliving.com\/wp-content\/uploads\/2022\/11\/Bellamar-Food-Fest-Nov-202221.jpeg?fit=675%2C1200&ssl=1&resize=350%2C200","width":350,"height":200,"srcset":"https:\/\/i0.wp.com\/casadecampoliving.com\/wp-content\/uploads\/2022\/11\/Bellamar-Food-Fest-Nov-202221.jpeg?fit=675%2C1200&ssl=1&resize=350%2C200 1x, https:\/\/i0.wp.com\/casadecampoliving.com\/wp-content\/uploads\/2022\/11\/Bellamar-Food-Fest-Nov-202221.jpeg?fit=675%2C1200&ssl=1&resize=525%2C300 1.5x"},"classes":[]},{"id":354493,"url":"https:\/\/casadecampoliving.com\/es\/no-se-pierda-el-primer-bellamar-food-fest-a-solo-minutos-de-casa-de-campo\/","url_meta":{"origin":523373,"position":2},"title":"*Aplazado* No se pierda el primer Bellamar Food Fest, a solo minutos de Casa de Campo","author":"Casa de Campo Living","date":"5 Sep, 2022","format":false,"excerpt":"*Aplazado por el fallecimiento de Fiona* \u00bfEn busca de una nueva opcion gastronomica? \u00a1Est\u00e1n invitados al primer Bellamar Food Fest de Bellamar Food Park! Bellamar Food Park, ubicada a solo unos minutos de Casa de Campo, est\u00e1 atrayendo mucha atenci\u00f3n no solo por su restaurant \u201cBellamar Dominican Smokehouse\u201d conocidos por\u2026","rel":"","context":"En \u00abEstilo de Vida\u00bb","block_context":{"text":"Estilo de Vida","link":"https:\/\/casadecampoliving.com\/es\/category\/estilo-de-vida\/"},"img":{"alt_text":"","src":"https:\/\/i0.wp.com\/casadecampoliving.com\/wp-content\/uploads\/2022\/10\/DSC_0008-2-1.jpg?fit=1000%2C686&ssl=1&resize=350%2C200","width":350,"height":200,"srcset":"https:\/\/i0.wp.com\/casadecampoliving.com\/wp-content\/uploads\/2022\/10\/DSC_0008-2-1.jpg?fit=1000%2C686&ssl=1&resize=350%2C200 1x, https:\/\/i0.wp.com\/casadecampoliving.com\/wp-content\/uploads\/2022\/10\/DSC_0008-2-1.jpg?fit=1000%2C686&ssl=1&resize=525%2C300 1.5x, https:\/\/i0.wp.com\/casadecampoliving.com\/wp-content\/uploads\/2022\/10\/DSC_0008-2-1.jpg?fit=1000%2C686&ssl=1&resize=700%2C400 2x"},"classes":[]},{"id":523350,"url":"https:\/\/casadecampoliving.com\/dont-miss-bellamar-food-fests-2nd-edition\/","url_meta":{"origin":523373,"position":3},"title":"Don&#8217;t Miss Bellamar Food Fest&#8217;s 2nd Edition on November 5 and 6","author":"Casa de Campo Living","date":"30 Oct, 2023","format":false,"excerpt":"Bellamar Food Park's second edition of Bellamar Food Fest is set to take place on November 5 and 6, 2023. Building upon the success of its inaugural edition, where visitors savored a remarkable culinary experience accompanied by delightful live music in a secure and welcoming ambiance, this year promises to\u2026","rel":"","context":"En \u00abBeyond Casa\u00bb","block_context":{"text":"Beyond Casa","link":"https:\/\/casadecampoliving.com\/category\/beyond-casa\/"},"img":{"alt_text":"","src":"https:\/\/i0.wp.com\/casadecampoliving.com\/wp-content\/uploads\/2023\/05\/Bellamar-Food-Fest-Nov-20225.webp?fit=746%2C766&ssl=1&resize=350%2C200","width":350,"height":200,"srcset":"https:\/\/i0.wp.com\/casadecampoliving.com\/wp-content\/uploads\/2023\/05\/Bellamar-Food-Fest-Nov-20225.webp?fit=746%2C766&ssl=1&resize=350%2C200 1x, https:\/\/i0.wp.com\/casadecampoliving.com\/wp-content\/uploads\/2023\/05\/Bellamar-Food-Fest-Nov-20225.webp?fit=746%2C766&ssl=1&resize=525%2C300 1.5x, https:\/\/i0.wp.com\/casadecampoliving.com\/wp-content\/uploads\/2023\/05\/Bellamar-Food-Fest-Nov-20225.webp?fit=746%2C766&ssl=1&resize=700%2C400 2x"},"classes":[]},{"id":354653,"url":"https:\/\/casadecampoliving.com\/new-date-announced-dont-miss-the-first-bellamar-food-fest-just-minutes-from-casa-de-campo\/","url_meta":{"origin":523373,"position":4},"title":"*New date announced* Don&#8217;t miss the first Bellamar Food Fest, just minutes from Casa de Campo","author":"Casa de Campo Living","date":"17 Oct, 2022","format":false,"excerpt":"Looking for new gastronomic options? You are invited to Bellamar Food Park\u2019s first-ever Bellamar Food Fest that will take place on November 5th and 6th, 2022! After being postponed due to the passing of Hurricane Fiona, Bellamar has set a new date for their first \u201cFood Fest\u201d which will give\u2026","rel":"","context":"En \u00abBeyond Casa\u00bb","block_context":{"text":"Beyond Casa","link":"https:\/\/casadecampoliving.com\/category\/beyond-casa\/"},"img":{"alt_text":"","src":"https:\/\/i0.wp.com\/casadecampoliving.com\/wp-content\/uploads\/2022\/10\/screen.00_00_17_02.still002-e1662407703348-2.jpg?fit=1000%2C800&ssl=1&resize=350%2C200","width":350,"height":200,"srcset":"https:\/\/i0.wp.com\/casadecampoliving.com\/wp-content\/uploads\/2022\/10\/screen.00_00_17_02.still002-e1662407703348-2.jpg?fit=1000%2C800&ssl=1&resize=350%2C200 1x, https:\/\/i0.wp.com\/casadecampoliving.com\/wp-content\/uploads\/2022\/10\/screen.00_00_17_02.still002-e1662407703348-2.jpg?fit=1000%2C800&ssl=1&resize=525%2C300 1.5x, https:\/\/i0.wp.com\/casadecampoliving.com\/wp-content\/uploads\/2022\/10\/screen.00_00_17_02.still002-e1662407703348-2.jpg?fit=1000%2C800&ssl=1&resize=700%2C400 2x"},"classes":[]},{"id":335678,"url":"https:\/\/casadecampoliving.com\/dont-miss-the-first-bellamar-food-fest-just-minutes-from-casa-de-campo\/","url_meta":{"origin":523373,"position":5},"title":"*Postponed* Don&#8217;t miss the first Bellamar Food Fest, just minutes from Casa de Campo","author":"Casa de Campo Living","date":"5 Sep, 2022","format":false,"excerpt":"*Postponed due to the passing of Fiona* Looking for new gastronomic options? You are invited to Bellamar Food Park\u2019s first-ever Bellamar Food Fest! Bellamar Food Park, located just a few minutes from Casa de Campo, is attracting a lot of attention not only for its \u201cBellamar Dominican Smokehouse\u201d restaurant, known\u2026","rel":"","context":"En \u00abBeyond Casa\u00bb","block_context":{"text":"Beyond Casa","link":"https:\/\/casadecampoliving.com\/category\/beyond-casa\/"},"img":{"alt_text":"","src":"https:\/\/i0.wp.com\/casadecampoliving.com\/wp-content\/uploads\/2022\/10\/screen.00_00_17_02.still002-e1662407703348-1.jpg?fit=1000%2C800&ssl=1&resize=350%2C200","width":350,"height":200,"srcset":"https:\/\/i0.wp.com\/casadecampoliving.com\/wp-content\/uploads\/2022\/10\/screen.00_00_17_02.still002-e1662407703348-1.jpg?fit=1000%2C800&ssl=1&resize=350%2C200 1x, https:\/\/i0.wp.com\/casadecampoliving.com\/wp-content\/uploads\/2022\/10\/screen.00_00_17_02.still002-e1662407703348-1.jpg?fit=1000%2C800&ssl=1&resize=525%2C300 1.5x, https:\/\/i0.wp.com\/casadecampoliving.com\/wp-content\/uploads\/2022\/10\/screen.00_00_17_02.still002-e1662407703348-1.jpg?fit=1000%2C800&ssl=1&resize=700%2C400 2x"},"classes":[]}],"jetpack_sharing_enabled":true,"_links":{"self":[{"href":"https:\/\/casadecampoliving.com\/es\/wp-json\/wp\/v2\/posts\/523373","targetHints":{"allow":["GET"]}}],"collection":[{"href":"https:\/\/casadecampoliving.com\/es\/wp-json\/wp\/v2\/posts"}],"about":[{"href":"https:\/\/casadecampoliving.com\/es\/wp-json\/wp\/v2\/types\/post"}],"author":[{"embeddable":true,"href":"https:\/\/casadecampoliving.com\/es\/wp-json\/wp\/v2\/users\/36791"}],"replies":[{"embeddable":true,"href":"https:\/\/casadecampoliving.com\/es\/wp-json\/wp\/v2\/comments?post=523373"}],"version-history":[{"count":3,"href":"https:\/\/casadecampoliving.com\/es\/wp-json\/wp\/v2\/posts\/523373\/revisions"}],"predecessor-version":[{"id":523472,"href":"https:\/\/casadecampoliving.com\/es\/wp-json\/wp\/v2\/posts\/523373\/revisions\/523472"}],"wp:featuredmedia":[{"embeddable":true,"href":"https:\/\/casadecampoliving.com\/es\/wp-json\/wp\/v2\/media\/517978"}],"wp:attachment":[{"href":"https:\/\/casadecampoliving.com\/es\/wp-json\/wp\/v2\/media?parent=523373"}],"wp:term":[{"taxonomy":"category","embeddable":true,"href":"https:\/\/casadecampoliving.com\/es\/wp-json\/wp\/v2\/categories?post=523373"},{"taxonomy":"post_tag","embeddable":true,"href":"https:\/\/casadecampoliving.com\/es\/wp-json\/wp\/v2\/tags?post=523373"},{"taxonomy":"newspack_spnsrs_tax","embeddable":true,"href":"https:\/\/casadecampoliving.com\/es\/wp-json\/wp\/v2\/newspack_spnsrs_tax?post=523373"}],"curies":[{"name":"wp","href":"https:\/\/api.w.org\/{rel}","templated":true}]}}