{"id":523006,"date":"2023-10-03T12:46:24","date_gmt":"2023-10-03T16:46:24","guid":{"rendered":"https:\/\/casadecampoliving.com\/?p=523006"},"modified":"2023-10-09T12:55:07","modified_gmt":"2023-10-09T16:55:07","slug":"altos-de-chavon-se-prepara-para-celebrar-oktoberfest-2023","status":"publish","type":"post","link":"https:\/\/casadecampoliving.com\/es\/altos-de-chavon-se-prepara-para-celebrar-oktoberfest-2023\/","title":{"rendered":"Altos de Chav\u00f3n se prepara para celebrar Oktoberfest 2023"},"content":{"rendered":"\n<p>Mientras el aire fresco del oto\u00f1o puede sentirse a miles de kil\u00f3metros de las encantadoras calles de M\u00fanich, el 14 de octubre, Altos de Chav\u00f3n volver\u00e1 a abrazar el esp\u00edritu de Oktoberfest. Conocido en todo el mundo por su celebraci\u00f3n de la comida, la cerveza y la alegr\u00eda, el festival alem\u00e1n de oto\u00f1o est\u00e1 listo para regresar con fuerza a Casa de Campo.<\/p>\n\n\n\n<p>Aunque el Oktoberfest original se celebra oficialmente en M\u00fanich, Baviera, y atrae t\u00edpicamente a m\u00e1s de seis millones de juerguistas al a\u00f1o, Altos de Chav\u00f3n est\u00e1 listo para darle su toque \u00fanico a las festividades, capturando la esencia de esta celebraci\u00f3n global.<\/p>\n\n\n\n<figure class=\"wp-block-image size-large\"><img data-recalc-dims=\"1\" loading=\"lazy\" decoding=\"async\" width=\"1024\" height=\"682\" src=\"https:\/\/i0.wp.com\/casadecampoliving.com\/wp-content\/uploads\/2023\/10\/Oktoberfest4.jpg?resize=1024%2C682&#038;ssl=1\" alt=\"\" class=\"wp-image-522999\" srcset=\"https:\/\/i0.wp.com\/casadecampoliving.com\/wp-content\/uploads\/2023\/10\/Oktoberfest4.jpg?resize=1024%2C682&amp;ssl=1 1024w, https:\/\/i0.wp.com\/casadecampoliving.com\/wp-content\/uploads\/2023\/10\/Oktoberfest4.jpg?resize=300%2C200&amp;ssl=1 300w, https:\/\/i0.wp.com\/casadecampoliving.com\/wp-content\/uploads\/2023\/10\/Oktoberfest4.jpg?resize=768%2C512&amp;ssl=1 768w, https:\/\/i0.wp.com\/casadecampoliving.com\/wp-content\/uploads\/2023\/10\/Oktoberfest4.jpg?resize=1536%2C1024&amp;ssl=1 1536w, https:\/\/i0.wp.com\/casadecampoliving.com\/wp-content\/uploads\/2023\/10\/Oktoberfest4.jpg?resize=1200%2C800&amp;ssl=1 1200w, https:\/\/i0.wp.com\/casadecampoliving.com\/wp-content\/uploads\/2023\/10\/Oktoberfest4.jpg?resize=1568%2C1045&amp;ssl=1 1568w, https:\/\/i0.wp.com\/casadecampoliving.com\/wp-content\/uploads\/2023\/10\/Oktoberfest4.jpg?resize=400%2C267&amp;ssl=1 400w, https:\/\/i0.wp.com\/casadecampoliving.com\/wp-content\/uploads\/2023\/10\/Oktoberfest4.jpg?resize=1320%2C880&amp;ssl=1 1320w, https:\/\/i0.wp.com\/casadecampoliving.com\/wp-content\/uploads\/2023\/10\/Oktoberfest4.jpg?resize=150%2C100&amp;ssl=1 150w, https:\/\/i0.wp.com\/casadecampoliving.com\/wp-content\/uploads\/2023\/10\/Oktoberfest4.jpg?w=2000&amp;ssl=1 2000w, https:\/\/i0.wp.com\/casadecampoliving.com\/wp-content\/uploads\/2023\/10\/Oktoberfest4-1024x682.jpg?w=370&amp;ssl=1 370w\" sizes=\"auto, (max-width: 1000px) 100vw, 1000px\" \/><\/figure>\n\n\n\n<p>Dando inicio a las festividades a las 7:00 p.m., tanto los invitados como los residentes pueden anticipar una noche llena de m\u00fasica en vivo, actividades familiares, una variedad de cervezas nacionales e internacionales, y negocios locales que mejorar\u00e1n la experiencia con men\u00fas especiales en sus restaurantes.<\/p>\n\n\n\n<p>Pueden esperar una variedad de opciones de cerveza, un fest\u00edn de barbacoa y horarios extendidos en museos y tiendas, todo agregando un toque local al evento.<\/p>\n\n\n\n<p>El reciente 188\u00ba Oktoberfest en Alemania presenci\u00f3 una asistencia impresionante, atrayendo a un estimado de 7.2 millones de asistentes de todo el mundo. Ahora, mientras Altos de Chav\u00f3n se prepara para su propia extravagancia festivalera, la pregunta es: \u00bfest\u00e1n listos para que comience la diversi\u00f3n?<\/p>\n\n\n\n<figure class=\"wp-block-image size-large\"><img data-recalc-dims=\"1\" loading=\"lazy\" decoding=\"async\" width=\"1024\" height=\"682\" src=\"https:\/\/i0.wp.com\/casadecampoliving.com\/wp-content\/uploads\/2023\/10\/Oktoberfest3.jpg?resize=1024%2C682&#038;ssl=1\" alt=\"\" class=\"wp-image-522994\" srcset=\"https:\/\/i0.wp.com\/casadecampoliving.com\/wp-content\/uploads\/2023\/10\/Oktoberfest3.jpg?resize=1024%2C682&amp;ssl=1 1024w, https:\/\/i0.wp.com\/casadecampoliving.com\/wp-content\/uploads\/2023\/10\/Oktoberfest3.jpg?resize=300%2C200&amp;ssl=1 300w, https:\/\/i0.wp.com\/casadecampoliving.com\/wp-content\/uploads\/2023\/10\/Oktoberfest3.jpg?resize=768%2C512&amp;ssl=1 768w, https:\/\/i0.wp.com\/casadecampoliving.com\/wp-content\/uploads\/2023\/10\/Oktoberfest3.jpg?resize=1536%2C1024&amp;ssl=1 1536w, https:\/\/i0.wp.com\/casadecampoliving.com\/wp-content\/uploads\/2023\/10\/Oktoberfest3.jpg?resize=1200%2C800&amp;ssl=1 1200w, https:\/\/i0.wp.com\/casadecampoliving.com\/wp-content\/uploads\/2023\/10\/Oktoberfest3.jpg?resize=1568%2C1045&amp;ssl=1 1568w, https:\/\/i0.wp.com\/casadecampoliving.com\/wp-content\/uploads\/2023\/10\/Oktoberfest3.jpg?resize=400%2C267&amp;ssl=1 400w, https:\/\/i0.wp.com\/casadecampoliving.com\/wp-content\/uploads\/2023\/10\/Oktoberfest3.jpg?resize=1320%2C880&amp;ssl=1 1320w, https:\/\/i0.wp.com\/casadecampoliving.com\/wp-content\/uploads\/2023\/10\/Oktoberfest3.jpg?resize=150%2C100&amp;ssl=1 150w, https:\/\/i0.wp.com\/casadecampoliving.com\/wp-content\/uploads\/2023\/10\/Oktoberfest3.jpg?w=2000&amp;ssl=1 2000w, https:\/\/i0.wp.com\/casadecampoliving.com\/wp-content\/uploads\/2023\/10\/Oktoberfest3-1024x682.jpg?w=370&amp;ssl=1 370w\" sizes=\"auto, (max-width: 1000px) 100vw, 1000px\" \/><\/figure>\n\n\n\n<p>Donde sea que se celebre Oktoberfest, una cosa permanece constante: la trinidad de m\u00fasica en vivo, exquisita comida y generosas jarras de cerveza. As\u00ed que, queridos juerguistas, marquen sus calendarios y memoricen la frase \u00abEin Bier, bitte!\u00bb \u2013 significa \u00ab\u00a1Una cerveza, por favor!\u00bb<\/p>\n\n\n\n<p>Para sumergirse por completo en Oktoberfest, aqu\u00ed hay cinco palabras esenciales en alem\u00e1n para familiarizarse:<\/p>\n\n\n\n<ol class=\"wp-block-list\">\n<li><em>Bier<\/em>: La palabra alemana para cerveza.<\/li>\n\n\n\n<li><em>Dirndl<\/em>: Atuendo tradicional para mujeres com\u00fanmente visto en Oktoberfest, que incluye cors\u00e9, blusa, falda y delantal.<\/li>\n\n\n\n<li><em>Lederhosen<\/em>: El atuendo tradicional para hombres que incluye pantalones de cuero, una camisa blanca y calcetines hasta la rodilla.<\/li>\n\n\n\n<li><em>Ma\u00dfkrug<\/em>: Una jarra alemana quintessential dise\u00f1ada para contener exactamente un litro de cerveza. Pida un \u00abMa\u00df\u00bb para una porci\u00f3n generosa.<\/li>\n\n\n\n<li><em>Prost<\/em>: El equivalente alem\u00e1n de \u00ab\u00a1Salud!\u00bb Alternativamente, puede decir \u00abZum Wohl.\u00bb<\/li>\n<\/ol>\n\n\n\n<p>Mientras Altos de Chav\u00f3n se prepara para esta vibrante celebraci\u00f3n, los entusiastas de Oktoberfest pueden anticipar una fusi\u00f3n de encanto local y tradici\u00f3n alemana, prometiendo una noche placentera para todos. Reserven la fecha y prep\u00e1rense para disfrutar del eterno encanto de este querido festival.<\/p>\n\n\n\n<figure class=\"wp-block-image size-large\"><img data-recalc-dims=\"1\" loading=\"lazy\" decoding=\"async\" width=\"1024\" height=\"682\" src=\"https:\/\/i0.wp.com\/casadecampoliving.com\/wp-content\/uploads\/2023\/10\/Oktoberfest1.jpg?resize=1024%2C682&#038;ssl=1\" alt=\"\" class=\"wp-image-522992\" srcset=\"https:\/\/i0.wp.com\/casadecampoliving.com\/wp-content\/uploads\/2023\/10\/Oktoberfest1.jpg?resize=1024%2C682&amp;ssl=1 1024w, https:\/\/i0.wp.com\/casadecampoliving.com\/wp-content\/uploads\/2023\/10\/Oktoberfest1.jpg?resize=300%2C200&amp;ssl=1 300w, https:\/\/i0.wp.com\/casadecampoliving.com\/wp-content\/uploads\/2023\/10\/Oktoberfest1.jpg?resize=768%2C512&amp;ssl=1 768w, https:\/\/i0.wp.com\/casadecampoliving.com\/wp-content\/uploads\/2023\/10\/Oktoberfest1.jpg?resize=1536%2C1024&amp;ssl=1 1536w, https:\/\/i0.wp.com\/casadecampoliving.com\/wp-content\/uploads\/2023\/10\/Oktoberfest1.jpg?resize=1200%2C800&amp;ssl=1 1200w, https:\/\/i0.wp.com\/casadecampoliving.com\/wp-content\/uploads\/2023\/10\/Oktoberfest1.jpg?resize=1568%2C1045&amp;ssl=1 1568w, https:\/\/i0.wp.com\/casadecampoliving.com\/wp-content\/uploads\/2023\/10\/Oktoberfest1.jpg?resize=400%2C267&amp;ssl=1 400w, https:\/\/i0.wp.com\/casadecampoliving.com\/wp-content\/uploads\/2023\/10\/Oktoberfest1.jpg?resize=1320%2C880&amp;ssl=1 1320w, https:\/\/i0.wp.com\/casadecampoliving.com\/wp-content\/uploads\/2023\/10\/Oktoberfest1.jpg?resize=150%2C100&amp;ssl=1 150w, https:\/\/i0.wp.com\/casadecampoliving.com\/wp-content\/uploads\/2023\/10\/Oktoberfest1.jpg?w=2000&amp;ssl=1 2000w, https:\/\/i0.wp.com\/casadecampoliving.com\/wp-content\/uploads\/2023\/10\/Oktoberfest1-1024x682.jpg?w=370&amp;ssl=1 370w\" sizes=\"auto, (max-width: 1000px) 100vw, 1000px\" \/><\/figure>\n\n\n\n<p><em>Estad\u00edsticas para Oktoberfest 2023 obtenidas de <a href=\"https:\/\/www.oktoberfest.de\/en\/magazine\/oktoberfest-news\/preliminary-final-report\" target=\"_blank\" rel=\"noreferrer noopener nofollow\">oktoberfest.de<\/a><\/em><\/p>\n\n\n\n<p><em>Im\u00e1genes tomadas por Mairobi Herrera durante Oktoberfest 2022 en Altos de Chav\u00f3n.<\/em><\/p>\n\n\n<div class=\"wp-block-image\">\n<figure class=\"aligncenter size-full\"><img data-recalc-dims=\"1\" loading=\"lazy\" decoding=\"async\" width=\"768\" height=\"960\" src=\"https:\/\/i0.wp.com\/casadecampoliving.com\/wp-content\/uploads\/2023\/10\/Oktoberfest2023Flyer.jpg?resize=768%2C960&#038;ssl=1\" alt=\"\" class=\"wp-image-523003\" srcset=\"https:\/\/i0.wp.com\/casadecampoliving.com\/wp-content\/uploads\/2023\/10\/Oktoberfest2023Flyer.jpg?w=768&amp;ssl=1 768w, https:\/\/i0.wp.com\/casadecampoliving.com\/wp-content\/uploads\/2023\/10\/Oktoberfest2023Flyer.jpg?resize=240%2C300&amp;ssl=1 240w, https:\/\/i0.wp.com\/casadecampoliving.com\/wp-content\/uploads\/2023\/10\/Oktoberfest2023Flyer.jpg?resize=400%2C500&amp;ssl=1 400w, https:\/\/i0.wp.com\/casadecampoliving.com\/wp-content\/uploads\/2023\/10\/Oktoberfest2023Flyer.jpg?resize=150%2C188&amp;ssl=1 150w, https:\/\/i0.wp.com\/casadecampoliving.com\/wp-content\/uploads\/2023\/10\/Oktoberfest2023Flyer.jpg?w=370&amp;ssl=1 370w\" sizes=\"auto, (max-width: 768px) 100vw, 768px\" \/><\/figure>\n<\/div>","protected":false},"excerpt":{"rendered":"<p>Mientras el aire fresco del oto\u00f1o puede sentirse a miles de kil\u00f3metros de las encantadoras calles de M\u00fanich, el 14 de octubre, Altos de Chav\u00f3n volver\u00e1 a abrazar el esp\u00edritu de Oktoberfest. Conocido en todo el mundo por su celebraci\u00f3n de la comida, la cerveza y la alegr\u00eda, el festival alem\u00e1n de oto\u00f1o est\u00e1 listo [&hellip;]<\/p>\n","protected":false},"author":36791,"featured_media":522996,"comment_status":"closed","ping_status":"closed","sticky":false,"template":"","format":"standard","meta":{"newspack_ads_suppress_ads":false,"newspack_popups_has_disabled_popups":false,"newspack_sponsor_sponsorship_scope":"","newspack_sponsor_native_byline_display":"inherit","newspack_sponsor_native_category_display":"inherit","newspack_sponsor_underwriter_style":"inherit","newspack_sponsor_underwriter_placement":"inherit","_newspack_byline_active":false,"_newspack_byline":"","newspack_hide_updated_date":false,"newspack_show_updated_date":false,"newspack_content_restriction_is_exempt":false,"newspack_featured_image_position":"large","newspack_post_subtitle":"","newspack_article_summary_title":"Overview:","newspack_article_summary":"","_jetpack_memberships_contains_paid_content":false,"footnotes":"","jetpack_publicize_message":"","jetpack_publicize_feature_enabled":true,"jetpack_social_post_already_shared":false,"jetpack_social_options":{"image_generator_settings":{"template":"highway","default_image_id":0,"font":"","enabled":false},"version":2},"_wpas_customize_per_network":false},"categories":[26577,26954,2522,14625],"tags":[2911,15387,27100,23815,18627,3375,14736,4501,8676,21887,15091],"newspack_spnsrs_tax":[],"class_list":["post-523006","post","type-post","status-publish","format-standard","has-post-thumbnail","hentry","category-altos-de-chavon-6","category-comunidad-casa-de-campo-living-es","category-eventos-es","category-noticias-locales","tag-alemania","tag-altos-de-chavon-es","tag-altos-de-chavon-es-7","tag-casa-de-campo-es-17","tag-cerveza","tag-eventos-y-actividades","tag-featured-topview-es","tag-musica-en-vivo","tag-ninos","tag-oktoberfest-es","tag-proximamente","entry"],"yoast_head":"<!-- This site is optimized with the Yoast SEO plugin v27.5 - https:\/\/yoast.com\/product\/yoast-seo-wordpress\/ -->\n<title>Altos de Chav\u00f3n se prepara para celebrar Oktoberfest 2023 | Casa de Campo Living<\/title>\n<meta name=\"description\" content=\"Mientras el aire fresco del oto\u00f1o puede sentirse a miles de kil\u00f3metros de las encantadoras calles de M\u00fanich, el 14 de octubre, Altos de Chav\u00f3n volver\u00e1 a\" \/>\n<meta name=\"robots\" content=\"index, follow, max-snippet:-1, max-image-preview:large, max-video-preview:-1\" \/>\n<link rel=\"canonical\" href=\"https:\/\/casadecampoliving.com\/es\/altos-de-chavon-se-prepara-para-celebrar-oktoberfest-2023\/\" \/>\n<meta property=\"og:locale\" content=\"es_ES\" \/>\n<meta property=\"og:type\" content=\"article\" \/>\n<meta property=\"og:title\" content=\"Altos de Chav\u00f3n se prepara para celebrar Oktoberfest 2023 | Casa de Campo Living\" \/>\n<meta property=\"og:description\" content=\"Mientras el aire fresco del oto\u00f1o puede sentirse a miles de kil\u00f3metros de las encantadoras calles de M\u00fanich, el 14 de octubre, Altos de Chav\u00f3n volver\u00e1 a\" \/>\n<meta property=\"og:url\" content=\"https:\/\/casadecampoliving.com\/es\/altos-de-chavon-se-prepara-para-celebrar-oktoberfest-2023\/\" \/>\n<meta property=\"og:site_name\" content=\"Casa de Campo Living\" \/>\n<meta property=\"article:publisher\" content=\"https:\/\/www.facebook.com\/casadecampoliving\" \/>\n<meta property=\"article:published_time\" content=\"2023-10-03T16:46:24+00:00\" \/>\n<meta property=\"article:modified_time\" content=\"2023-10-09T16:55:07+00:00\" \/>\n<meta property=\"og:image\" content=\"https:\/\/casadecampoliving.com\/wp-content\/uploads\/2023\/10\/Oktoberfest2.jpg\" \/>\n\t<meta property=\"og:image:width\" content=\"2000\" \/>\n\t<meta property=\"og:image:height\" content=\"1333\" \/>\n\t<meta property=\"og:image:type\" content=\"image\/jpeg\" \/>\n<meta name=\"author\" content=\"Casa de Campo Living\" \/>\n<meta name=\"twitter:card\" content=\"summary_large_image\" \/>\n<meta name=\"twitter:creator\" content=\"@cdcliving\" \/>\n<meta name=\"twitter:site\" content=\"@cdcliving\" \/>\n<meta name=\"twitter:label1\" content=\"Escrito por\" \/>\n\t<meta name=\"twitter:data1\" content=\"Casa de Campo Living\" \/>\n\t<meta name=\"twitter:label2\" content=\"Tiempo de lectura\" \/>\n\t<meta name=\"twitter:data2\" content=\"3 minutos\" \/>\n<script type=\"application\/ld+json\" class=\"yoast-schema-graph\">{\"@context\":\"https:\\\/\\\/schema.org\",\"@graph\":[{\"@type\":\"Article\",\"@id\":\"https:\\\/\\\/casadecampoliving.com\\\/es\\\/altos-de-chavon-se-prepara-para-celebrar-oktoberfest-2023\\\/#article\",\"isPartOf\":{\"@id\":\"https:\\\/\\\/casadecampoliving.com\\\/es\\\/altos-de-chavon-se-prepara-para-celebrar-oktoberfest-2023\\\/\"},\"author\":{\"name\":\"Casa de Campo Living\",\"@id\":\"https:\\\/\\\/casadecampoliving.com\\\/es\\\/#\\\/schema\\\/person\\\/5d2171637a9d11e0e43ce6b8555f9422\"},\"headline\":\"Altos de Chav\u00f3n se prepara para celebrar Oktoberfest 2023\",\"datePublished\":\"2023-10-03T16:46:24+00:00\",\"dateModified\":\"2023-10-09T16:55:07+00:00\",\"mainEntityOfPage\":{\"@id\":\"https:\\\/\\\/casadecampoliving.com\\\/es\\\/altos-de-chavon-se-prepara-para-celebrar-oktoberfest-2023\\\/\"},\"wordCount\":456,\"publisher\":{\"@id\":\"https:\\\/\\\/casadecampoliving.com\\\/es\\\/#organization\"},\"image\":{\"@id\":\"https:\\\/\\\/casadecampoliving.com\\\/es\\\/altos-de-chavon-se-prepara-para-celebrar-oktoberfest-2023\\\/#primaryimage\"},\"thumbnailUrl\":\"https:\\\/\\\/i0.wp.com\\\/casadecampoliving.com\\\/wp-content\\\/uploads\\\/2023\\\/10\\\/Oktoberfest2.jpg?fit=2000%2C1333&ssl=1\",\"keywords\":[\"alemania\",\"Altos de Chavon\",\"Altos de Chav\u00f3n @es\",\"Casa de Campo\",\"cerveza\",\"eventos y actividades\",\"Featured-TopView @es\",\"musica en vivo\",\"ni\u00f1os\",\"oktoberfest @es\",\"Proximamente\"],\"articleSection\":[\"Altos de Chav\u00f3n\",\"Comunidad\",\"Eventos\",\"Noticias Locales\"],\"inLanguage\":\"es\"},{\"@type\":\"WebPage\",\"@id\":\"https:\\\/\\\/casadecampoliving.com\\\/es\\\/altos-de-chavon-se-prepara-para-celebrar-oktoberfest-2023\\\/\",\"url\":\"https:\\\/\\\/casadecampoliving.com\\\/es\\\/altos-de-chavon-se-prepara-para-celebrar-oktoberfest-2023\\\/\",\"name\":\"Altos de Chav\u00f3n se prepara para celebrar Oktoberfest 2023 | Casa de Campo Living\",\"isPartOf\":{\"@id\":\"https:\\\/\\\/casadecampoliving.com\\\/es\\\/#website\"},\"primaryImageOfPage\":{\"@id\":\"https:\\\/\\\/casadecampoliving.com\\\/es\\\/altos-de-chavon-se-prepara-para-celebrar-oktoberfest-2023\\\/#primaryimage\"},\"image\":{\"@id\":\"https:\\\/\\\/casadecampoliving.com\\\/es\\\/altos-de-chavon-se-prepara-para-celebrar-oktoberfest-2023\\\/#primaryimage\"},\"thumbnailUrl\":\"https:\\\/\\\/i0.wp.com\\\/casadecampoliving.com\\\/wp-content\\\/uploads\\\/2023\\\/10\\\/Oktoberfest2.jpg?fit=2000%2C1333&ssl=1\",\"datePublished\":\"2023-10-03T16:46:24+00:00\",\"dateModified\":\"2023-10-09T16:55:07+00:00\",\"description\":\"Mientras el aire fresco del oto\u00f1o puede sentirse a miles de kil\u00f3metros de las encantadoras calles de M\u00fanich, el 14 de octubre, Altos de Chav\u00f3n volver\u00e1 a\",\"breadcrumb\":{\"@id\":\"https:\\\/\\\/casadecampoliving.com\\\/es\\\/altos-de-chavon-se-prepara-para-celebrar-oktoberfest-2023\\\/#breadcrumb\"},\"inLanguage\":\"es\",\"potentialAction\":[{\"@type\":\"ReadAction\",\"target\":[\"https:\\\/\\\/casadecampoliving.com\\\/es\\\/altos-de-chavon-se-prepara-para-celebrar-oktoberfest-2023\\\/\"]}]},{\"@type\":\"ImageObject\",\"inLanguage\":\"es\",\"@id\":\"https:\\\/\\\/casadecampoliving.com\\\/es\\\/altos-de-chavon-se-prepara-para-celebrar-oktoberfest-2023\\\/#primaryimage\",\"url\":\"https:\\\/\\\/i0.wp.com\\\/casadecampoliving.com\\\/wp-content\\\/uploads\\\/2023\\\/10\\\/Oktoberfest2.jpg?fit=2000%2C1333&ssl=1\",\"contentUrl\":\"https:\\\/\\\/i0.wp.com\\\/casadecampoliving.com\\\/wp-content\\\/uploads\\\/2023\\\/10\\\/Oktoberfest2.jpg?fit=2000%2C1333&ssl=1\",\"width\":2000,\"height\":1333},{\"@type\":\"BreadcrumbList\",\"@id\":\"https:\\\/\\\/casadecampoliving.com\\\/es\\\/altos-de-chavon-se-prepara-para-celebrar-oktoberfest-2023\\\/#breadcrumb\",\"itemListElement\":[{\"@type\":\"ListItem\",\"position\":1,\"name\":\"Home\",\"item\":\"https:\\\/\\\/casadecampoliving.com\\\/es\\\/\"},{\"@type\":\"ListItem\",\"position\":2,\"name\":\"Altos de Chav\u00f3n se prepara para celebrar Oktoberfest 2023\"}]},{\"@type\":\"WebSite\",\"@id\":\"https:\\\/\\\/casadecampoliving.com\\\/es\\\/#website\",\"url\":\"https:\\\/\\\/casadecampoliving.com\\\/es\\\/\",\"name\":\"Casa de Campo Living\",\"description\":\"Resort community news and resources.\",\"publisher\":{\"@id\":\"https:\\\/\\\/casadecampoliving.com\\\/es\\\/#organization\"},\"potentialAction\":[{\"@type\":\"SearchAction\",\"target\":{\"@type\":\"EntryPoint\",\"urlTemplate\":\"https:\\\/\\\/casadecampoliving.com\\\/es\\\/?s={search_term_string}\"},\"query-input\":{\"@type\":\"PropertyValueSpecification\",\"valueRequired\":true,\"valueName\":\"search_term_string\"}}],\"inLanguage\":\"es\"},{\"@type\":\"Organization\",\"@id\":\"https:\\\/\\\/casadecampoliving.com\\\/es\\\/#organization\",\"name\":\"Casa de Campo Living\",\"url\":\"https:\\\/\\\/casadecampoliving.com\\\/es\\\/\",\"logo\":{\"@type\":\"ImageObject\",\"inLanguage\":\"es\",\"@id\":\"https:\\\/\\\/casadecampoliving.com\\\/es\\\/#\\\/schema\\\/logo\\\/image\\\/\",\"url\":\"https:\\\/\\\/i0.wp.com\\\/casadecampoliving.com\\\/wp-content\\\/uploads\\\/2022\\\/07\\\/CDCLivingLogo_V1-white-sized.png?fit=800%2C214&ssl=1\",\"contentUrl\":\"https:\\\/\\\/i0.wp.com\\\/casadecampoliving.com\\\/wp-content\\\/uploads\\\/2022\\\/07\\\/CDCLivingLogo_V1-white-sized.png?fit=800%2C214&ssl=1\",\"width\":800,\"height\":214,\"caption\":\"Casa de Campo Living\"},\"image\":{\"@id\":\"https:\\\/\\\/casadecampoliving.com\\\/es\\\/#\\\/schema\\\/logo\\\/image\\\/\"},\"sameAs\":[\"https:\\\/\\\/www.facebook.com\\\/casadecampoliving\",\"https:\\\/\\\/x.com\\\/cdcliving\"]},{\"@type\":\"Person\",\"@id\":\"https:\\\/\\\/casadecampoliving.com\\\/es\\\/#\\\/schema\\\/person\\\/5d2171637a9d11e0e43ce6b8555f9422\",\"name\":\"Casa de Campo Living\",\"image\":{\"@type\":\"ImageObject\",\"inLanguage\":\"es\",\"@id\":\"https:\\\/\\\/secure.gravatar.com\\\/avatar\\\/d04101fa4a9fd431e939953b1500fdc7a73cd35029f86d98712fd8ccdaebaf9a?s=96&d=mm&r=g\",\"url\":\"https:\\\/\\\/secure.gravatar.com\\\/avatar\\\/d04101fa4a9fd431e939953b1500fdc7a73cd35029f86d98712fd8ccdaebaf9a?s=96&d=mm&r=g\",\"contentUrl\":\"https:\\\/\\\/secure.gravatar.com\\\/avatar\\\/d04101fa4a9fd431e939953b1500fdc7a73cd35029f86d98712fd8ccdaebaf9a?s=96&d=mm&r=g\",\"caption\":\"Casa de Campo Living\"},\"url\":\"https:\\\/\\\/casadecampoliving.com\\\/es\\\/author\\\/casa-de-campo-living\\\/\"}]}<\/script>\n<!-- \/ Yoast SEO plugin. -->","yoast_head_json":{"title":"Altos de Chav\u00f3n se prepara para celebrar Oktoberfest 2023 | Casa de Campo Living","description":"Mientras el aire fresco del oto\u00f1o puede sentirse a miles de kil\u00f3metros de las encantadoras calles de M\u00fanich, el 14 de octubre, Altos de Chav\u00f3n volver\u00e1 a","robots":{"index":"index","follow":"follow","max-snippet":"max-snippet:-1","max-image-preview":"max-image-preview:large","max-video-preview":"max-video-preview:-1"},"canonical":"https:\/\/casadecampoliving.com\/es\/altos-de-chavon-se-prepara-para-celebrar-oktoberfest-2023\/","og_locale":"es_ES","og_type":"article","og_title":"Altos de Chav\u00f3n se prepara para celebrar Oktoberfest 2023 | Casa de Campo Living","og_description":"Mientras el aire fresco del oto\u00f1o puede sentirse a miles de kil\u00f3metros de las encantadoras calles de M\u00fanich, el 14 de octubre, Altos de Chav\u00f3n volver\u00e1 a","og_url":"https:\/\/casadecampoliving.com\/es\/altos-de-chavon-se-prepara-para-celebrar-oktoberfest-2023\/","og_site_name":"Casa de Campo Living","article_publisher":"https:\/\/www.facebook.com\/casadecampoliving","article_published_time":"2023-10-03T16:46:24+00:00","article_modified_time":"2023-10-09T16:55:07+00:00","og_image":[{"width":2000,"height":1333,"url":"https:\/\/casadecampoliving.com\/wp-content\/uploads\/2023\/10\/Oktoberfest2.jpg","type":"image\/jpeg"}],"author":"Casa de Campo Living","twitter_card":"summary_large_image","twitter_creator":"@cdcliving","twitter_site":"@cdcliving","twitter_misc":{"Escrito por":"Casa de Campo Living","Tiempo de lectura":"3 minutos"},"schema":{"@context":"https:\/\/schema.org","@graph":[{"@type":"Article","@id":"https:\/\/casadecampoliving.com\/es\/altos-de-chavon-se-prepara-para-celebrar-oktoberfest-2023\/#article","isPartOf":{"@id":"https:\/\/casadecampoliving.com\/es\/altos-de-chavon-se-prepara-para-celebrar-oktoberfest-2023\/"},"author":{"name":"Casa de Campo Living","@id":"https:\/\/casadecampoliving.com\/es\/#\/schema\/person\/5d2171637a9d11e0e43ce6b8555f9422"},"headline":"Altos de Chav\u00f3n se prepara para celebrar Oktoberfest 2023","datePublished":"2023-10-03T16:46:24+00:00","dateModified":"2023-10-09T16:55:07+00:00","mainEntityOfPage":{"@id":"https:\/\/casadecampoliving.com\/es\/altos-de-chavon-se-prepara-para-celebrar-oktoberfest-2023\/"},"wordCount":456,"publisher":{"@id":"https:\/\/casadecampoliving.com\/es\/#organization"},"image":{"@id":"https:\/\/casadecampoliving.com\/es\/altos-de-chavon-se-prepara-para-celebrar-oktoberfest-2023\/#primaryimage"},"thumbnailUrl":"https:\/\/i0.wp.com\/casadecampoliving.com\/wp-content\/uploads\/2023\/10\/Oktoberfest2.jpg?fit=2000%2C1333&ssl=1","keywords":["alemania","Altos de Chavon","Altos de Chav\u00f3n @es","Casa de Campo","cerveza","eventos y actividades","Featured-TopView @es","musica en vivo","ni\u00f1os","oktoberfest @es","Proximamente"],"articleSection":["Altos de Chav\u00f3n","Comunidad","Eventos","Noticias Locales"],"inLanguage":"es"},{"@type":"WebPage","@id":"https:\/\/casadecampoliving.com\/es\/altos-de-chavon-se-prepara-para-celebrar-oktoberfest-2023\/","url":"https:\/\/casadecampoliving.com\/es\/altos-de-chavon-se-prepara-para-celebrar-oktoberfest-2023\/","name":"Altos de Chav\u00f3n se prepara para celebrar Oktoberfest 2023 | Casa de Campo Living","isPartOf":{"@id":"https:\/\/casadecampoliving.com\/es\/#website"},"primaryImageOfPage":{"@id":"https:\/\/casadecampoliving.com\/es\/altos-de-chavon-se-prepara-para-celebrar-oktoberfest-2023\/#primaryimage"},"image":{"@id":"https:\/\/casadecampoliving.com\/es\/altos-de-chavon-se-prepara-para-celebrar-oktoberfest-2023\/#primaryimage"},"thumbnailUrl":"https:\/\/i0.wp.com\/casadecampoliving.com\/wp-content\/uploads\/2023\/10\/Oktoberfest2.jpg?fit=2000%2C1333&ssl=1","datePublished":"2023-10-03T16:46:24+00:00","dateModified":"2023-10-09T16:55:07+00:00","description":"Mientras el aire fresco del oto\u00f1o puede sentirse a miles de kil\u00f3metros de las encantadoras calles de M\u00fanich, el 14 de octubre, Altos de Chav\u00f3n volver\u00e1 a","breadcrumb":{"@id":"https:\/\/casadecampoliving.com\/es\/altos-de-chavon-se-prepara-para-celebrar-oktoberfest-2023\/#breadcrumb"},"inLanguage":"es","potentialAction":[{"@type":"ReadAction","target":["https:\/\/casadecampoliving.com\/es\/altos-de-chavon-se-prepara-para-celebrar-oktoberfest-2023\/"]}]},{"@type":"ImageObject","inLanguage":"es","@id":"https:\/\/casadecampoliving.com\/es\/altos-de-chavon-se-prepara-para-celebrar-oktoberfest-2023\/#primaryimage","url":"https:\/\/i0.wp.com\/casadecampoliving.com\/wp-content\/uploads\/2023\/10\/Oktoberfest2.jpg?fit=2000%2C1333&ssl=1","contentUrl":"https:\/\/i0.wp.com\/casadecampoliving.com\/wp-content\/uploads\/2023\/10\/Oktoberfest2.jpg?fit=2000%2C1333&ssl=1","width":2000,"height":1333},{"@type":"BreadcrumbList","@id":"https:\/\/casadecampoliving.com\/es\/altos-de-chavon-se-prepara-para-celebrar-oktoberfest-2023\/#breadcrumb","itemListElement":[{"@type":"ListItem","position":1,"name":"Home","item":"https:\/\/casadecampoliving.com\/es\/"},{"@type":"ListItem","position":2,"name":"Altos de Chav\u00f3n se prepara para celebrar Oktoberfest 2023"}]},{"@type":"WebSite","@id":"https:\/\/casadecampoliving.com\/es\/#website","url":"https:\/\/casadecampoliving.com\/es\/","name":"Casa de Campo Living","description":"Resort community news and resources.","publisher":{"@id":"https:\/\/casadecampoliving.com\/es\/#organization"},"potentialAction":[{"@type":"SearchAction","target":{"@type":"EntryPoint","urlTemplate":"https:\/\/casadecampoliving.com\/es\/?s={search_term_string}"},"query-input":{"@type":"PropertyValueSpecification","valueRequired":true,"valueName":"search_term_string"}}],"inLanguage":"es"},{"@type":"Organization","@id":"https:\/\/casadecampoliving.com\/es\/#organization","name":"Casa de Campo Living","url":"https:\/\/casadecampoliving.com\/es\/","logo":{"@type":"ImageObject","inLanguage":"es","@id":"https:\/\/casadecampoliving.com\/es\/#\/schema\/logo\/image\/","url":"https:\/\/i0.wp.com\/casadecampoliving.com\/wp-content\/uploads\/2022\/07\/CDCLivingLogo_V1-white-sized.png?fit=800%2C214&ssl=1","contentUrl":"https:\/\/i0.wp.com\/casadecampoliving.com\/wp-content\/uploads\/2022\/07\/CDCLivingLogo_V1-white-sized.png?fit=800%2C214&ssl=1","width":800,"height":214,"caption":"Casa de Campo Living"},"image":{"@id":"https:\/\/casadecampoliving.com\/es\/#\/schema\/logo\/image\/"},"sameAs":["https:\/\/www.facebook.com\/casadecampoliving","https:\/\/x.com\/cdcliving"]},{"@type":"Person","@id":"https:\/\/casadecampoliving.com\/es\/#\/schema\/person\/5d2171637a9d11e0e43ce6b8555f9422","name":"Casa de Campo Living","image":{"@type":"ImageObject","inLanguage":"es","@id":"https:\/\/secure.gravatar.com\/avatar\/d04101fa4a9fd431e939953b1500fdc7a73cd35029f86d98712fd8ccdaebaf9a?s=96&d=mm&r=g","url":"https:\/\/secure.gravatar.com\/avatar\/d04101fa4a9fd431e939953b1500fdc7a73cd35029f86d98712fd8ccdaebaf9a?s=96&d=mm&r=g","contentUrl":"https:\/\/secure.gravatar.com\/avatar\/d04101fa4a9fd431e939953b1500fdc7a73cd35029f86d98712fd8ccdaebaf9a?s=96&d=mm&r=g","caption":"Casa de Campo Living"},"url":"https:\/\/casadecampoliving.com\/es\/author\/casa-de-campo-living\/"}]}},"parsely":{"version":"1.1.0","canonical_url":"https:\/\/casadecampoliving.com\/es\/altos-de-chavon-se-prepara-para-celebrar-oktoberfest-2023\/","smart_links":{"inbound":0,"outbound":0},"traffic_boost_suggestions_count":0,"meta":{"@context":"https:\/\/schema.org","@type":"NewsArticle","headline":"Altos de Chav\u00f3n se prepara para celebrar Oktoberfest 2023","url":"http:\/\/casadecampoliving.com\/es\/altos-de-chavon-se-prepara-para-celebrar-oktoberfest-2023\/","mainEntityOfPage":{"@type":"WebPage","@id":"http:\/\/casadecampoliving.com\/es\/altos-de-chavon-se-prepara-para-celebrar-oktoberfest-2023\/"},"thumbnailUrl":"https:\/\/i0.wp.com\/casadecampoliving.com\/wp-content\/uploads\/2023\/10\/Oktoberfest2.jpg?resize=150%2C150&ssl=1","image":{"@type":"ImageObject","url":"https:\/\/i0.wp.com\/casadecampoliving.com\/wp-content\/uploads\/2023\/10\/Oktoberfest2.jpg?fit=2000%2C1333&ssl=1"},"articleSection":"Altos de Chav\u00f3n","author":[{"@type":"Person","name":"Casa de Campo Living"}],"creator":["Casa de Campo Living"],"publisher":{"@type":"Organization","name":"Casa de Campo Living","logo":"https:\/\/casadecampoliving.com\/wp-content\/uploads\/2022\/07\/CDCLivingLogo_V1-white-sized.png"},"keywords":["alemania","altos de chavon","altos de chav\u00f3n @es","casa de campo","cerveza","eventos y actividades","featured-topview @es","musica en vivo","ni\u00f1os","oktoberfest @es","proximamente"],"dateCreated":"2023-10-03T16:46:24Z","datePublished":"2023-10-03T16:46:24Z","dateModified":"2023-10-09T16:55:07Z"},"rendered":"<script type=\"application\/ld+json\" class=\"wp-parsely-metadata\">{\"@context\":\"https:\\\/\\\/schema.org\",\"@type\":\"NewsArticle\",\"headline\":\"Altos de Chav\\u00f3n se prepara para celebrar Oktoberfest 2023\",\"url\":\"http:\\\/\\\/casadecampoliving.com\\\/es\\\/altos-de-chavon-se-prepara-para-celebrar-oktoberfest-2023\\\/\",\"mainEntityOfPage\":{\"@type\":\"WebPage\",\"@id\":\"http:\\\/\\\/casadecampoliving.com\\\/es\\\/altos-de-chavon-se-prepara-para-celebrar-oktoberfest-2023\\\/\"},\"thumbnailUrl\":\"https:\\\/\\\/i0.wp.com\\\/casadecampoliving.com\\\/wp-content\\\/uploads\\\/2023\\\/10\\\/Oktoberfest2.jpg?resize=150%2C150&ssl=1\",\"image\":{\"@type\":\"ImageObject\",\"url\":\"https:\\\/\\\/i0.wp.com\\\/casadecampoliving.com\\\/wp-content\\\/uploads\\\/2023\\\/10\\\/Oktoberfest2.jpg?fit=2000%2C1333&ssl=1\"},\"articleSection\":\"Altos de Chav\\u00f3n\",\"author\":[{\"@type\":\"Person\",\"name\":\"Casa de Campo Living\"}],\"creator\":[\"Casa de Campo Living\"],\"publisher\":{\"@type\":\"Organization\",\"name\":\"Casa de Campo Living\",\"logo\":\"https:\\\/\\\/casadecampoliving.com\\\/wp-content\\\/uploads\\\/2022\\\/07\\\/CDCLivingLogo_V1-white-sized.png\"},\"keywords\":[\"alemania\",\"altos de chavon\",\"altos de chav\\u00f3n @es\",\"casa de campo\",\"cerveza\",\"eventos y actividades\",\"featured-topview @es\",\"musica en vivo\",\"ni\\u00f1os\",\"oktoberfest @es\",\"proximamente\"],\"dateCreated\":\"2023-10-03T16:46:24Z\",\"datePublished\":\"2023-10-03T16:46:24Z\",\"dateModified\":\"2023-10-09T16:55:07Z\"}<\/script>","tracker_url":"https:\/\/cdn.parsely.com\/keys\/casadecampoliving.com\/p.js"},"jetpack_publicize_connections":[],"jetpack_featured_media_url":"https:\/\/i0.wp.com\/casadecampoliving.com\/wp-content\/uploads\/2023\/10\/Oktoberfest2.jpg?fit=2000%2C1333&ssl=1","jetpack-related-posts":[{"id":433460,"url":"https:\/\/casadecampoliving.com\/es\/no-se-pierdan-el-increible-tributo-a-frank-sinatra-para-celebrar-el-40-aniversario-del-anfiteatro-altos-de-chavon\/","url_meta":{"origin":523006,"position":0},"title":"No se pierdan el incre\u00edble tributo a Frank Sinatra para celebrar el 40 aniversario del\u00a0Anfiteatro Altos de Chav\u00f3n","author":"Casa de Campo Living","date":"20 Oct, 2022","format":false,"excerpt":"Siendo uno de los escenarios m\u00e1s emblem\u00e1ticos del pa\u00eds, Casa de Campo Resort\u00ae & Villas celebra las cuatro d\u00e9cadas de aniversario de Altos de Chav\u00f3n con un tributo al gran Frank Sinatra, protagonizado por artistas invitados y una big band tal cual la que acompa\u00f1\u00f3 al artista hace 40 a\u00f1os\u2026","rel":"","context":"En \u00abUncategorized @es\u00bb","block_context":{"text":"Uncategorized @es","link":"https:\/\/casadecampoliving.com\/es\/category\/uncategorized-es\/"},"img":{"alt_text":"","src":"https:\/\/i0.wp.com\/casadecampoliving.com\/wp-content\/uploads\/2022\/10\/Tributo-Frank-Sinatra-Foto-Principal-Amaury-Sanchez-Danilo-Ginebra-Andres-Pichardo-y-Jose-Gabriel-Perez-.jpg?fit=1200%2C873&ssl=1&resize=350%2C200","width":350,"height":200,"srcset":"https:\/\/i0.wp.com\/casadecampoliving.com\/wp-content\/uploads\/2022\/10\/Tributo-Frank-Sinatra-Foto-Principal-Amaury-Sanchez-Danilo-Ginebra-Andres-Pichardo-y-Jose-Gabriel-Perez-.jpg?fit=1200%2C873&ssl=1&resize=350%2C200 1x, https:\/\/i0.wp.com\/casadecampoliving.com\/wp-content\/uploads\/2022\/10\/Tributo-Frank-Sinatra-Foto-Principal-Amaury-Sanchez-Danilo-Ginebra-Andres-Pichardo-y-Jose-Gabriel-Perez-.jpg?fit=1200%2C873&ssl=1&resize=525%2C300 1.5x, https:\/\/i0.wp.com\/casadecampoliving.com\/wp-content\/uploads\/2022\/10\/Tributo-Frank-Sinatra-Foto-Principal-Amaury-Sanchez-Danilo-Ginebra-Andres-Pichardo-y-Jose-Gabriel-Perez-.jpg?fit=1200%2C873&ssl=1&resize=700%2C400 2x, https:\/\/i0.wp.com\/casadecampoliving.com\/wp-content\/uploads\/2022\/10\/Tributo-Frank-Sinatra-Foto-Principal-Amaury-Sanchez-Danilo-Ginebra-Andres-Pichardo-y-Jose-Gabriel-Perez-.jpg?fit=1200%2C873&ssl=1&resize=1050%2C600 3x"},"classes":[]},{"id":354509,"url":"https:\/\/casadecampoliving.com\/es\/oktoberfest-regresa-a-altos-de-chavon-el-proximo-mes\/","url_meta":{"origin":523006,"position":1},"title":"\u00a1Oktoberfest regresa a Altos de Chav\u00f3n EL PR\u00d3XIMO mes!","author":"Casa de Campo Living","date":"26 Sep, 2022","format":false,"excerpt":"Oktoberfest, el festival de oto\u00f1o alem\u00e1n que celebra las cosas favoritas de todos: comida, cerveza y jolgorio, \u00a1regresa a Altos de Chav\u00f3n el PR\u00d3XIMO mes! Aunque la celebraci\u00f3n oficial del Oktoberfest se lleva a cabo en Munich, Bavaria, un festival anual que atrae a m\u00e1s de seis millones de personas,\u2026","rel":"","context":"En \u00abAltos de Chavon @es\u00bb","block_context":{"text":"Altos de Chavon @es","link":"https:\/\/casadecampoliving.com\/category\/altos-de-chavon-es\/"},"img":{"alt_text":"","src":"https:\/\/i0.wp.com\/casadecampoliving.com\/wp-content\/uploads\/2022\/10\/IMG_0092-1.jpg?fit=1000%2C667&ssl=1&resize=350%2C200","width":350,"height":200,"srcset":"https:\/\/i0.wp.com\/casadecampoliving.com\/wp-content\/uploads\/2022\/10\/IMG_0092-1.jpg?fit=1000%2C667&ssl=1&resize=350%2C200 1x, https:\/\/i0.wp.com\/casadecampoliving.com\/wp-content\/uploads\/2022\/10\/IMG_0092-1.jpg?fit=1000%2C667&ssl=1&resize=525%2C300 1.5x, https:\/\/i0.wp.com\/casadecampoliving.com\/wp-content\/uploads\/2022\/10\/IMG_0092-1.jpg?fit=1000%2C667&ssl=1&resize=700%2C400 2x"},"classes":[]},{"id":353878,"url":"https:\/\/casadecampoliving.com\/es\/el-oktoberfest-volvera-a-altos-de-chavon-este-sabado\/","url_meta":{"origin":523006,"position":2},"title":"\u00a1El Oktoberfest volver\u00e1 a Altos de Chav\u00f3n este s\u00e1bado!","author":"Casa de Campo Living","date":"12 Oct, 2020","format":false,"excerpt":"Oktoberfest, el festival de oto\u00f1o alem\u00e1n que celebra las cosas favoritas de todos: comida, cerveza y festejos, regresa a Altos de Chav\u00f3n este fin de semana. Aunque la celebraci\u00f3n oficial del Oktoberfest que se lleva a cabo en Munich, Baviera fue cancelada este a\u00f1o, Casa de Campo celebrar\u00e1 lo que\u2026","rel":"","context":"En \u00abEstilo de Vida\u00bb","block_context":{"text":"Estilo de Vida","link":"https:\/\/casadecampoliving.com\/es\/category\/estilo-de-vida\/"},"img":{"alt_text":"","src":"https:\/\/i0.wp.com\/casadecampoliving.com\/wp-content\/uploads\/2022\/10\/IMG_0056-3.jpg?fit=1000%2C667&ssl=1&resize=350%2C200","width":350,"height":200,"srcset":"https:\/\/i0.wp.com\/casadecampoliving.com\/wp-content\/uploads\/2022\/10\/IMG_0056-3.jpg?fit=1000%2C667&ssl=1&resize=350%2C200 1x, https:\/\/i0.wp.com\/casadecampoliving.com\/wp-content\/uploads\/2022\/10\/IMG_0056-3.jpg?fit=1000%2C667&ssl=1&resize=525%2C300 1.5x, https:\/\/i0.wp.com\/casadecampoliving.com\/wp-content\/uploads\/2022\/10\/IMG_0056-3.jpg?fit=1000%2C667&ssl=1&resize=700%2C400 2x"},"classes":[]},{"id":353537,"url":"https:\/\/casadecampoliving.com\/es\/oktoberfest-regresa-a-altos-de-chavon-este-mes\/","url_meta":{"origin":523006,"position":3},"title":"\u00a1Oktoberfest regresa a Altos de Chav\u00f3n este mes!","author":"Casa de Campo Living","date":"2 Sep, 2019","format":false,"excerpt":"\u00a1Oktoberfest, el festival de oto\u00f1o alem\u00e1n que celebra las cosas favoritas de todos: comida, cerveza y festejos, regresar\u00e1 a Altos de Chav\u00f3n este mes! Aunque la celebraci\u00f3n oficial del Oktoberfest tiene lugar en Munich, Baviera, un festival anual que atrae a m\u00e1s de seis millones de personas, hay celebraciones inspiradas\u2026","rel":"","context":"En \u00abAltos de Chavon @es\u00bb","block_context":{"text":"Altos de Chavon @es","link":"https:\/\/casadecampoliving.com\/category\/altos-de-chavon-es\/"},"img":{"alt_text":"","src":"https:\/\/i0.wp.com\/casadecampoliving.com\/wp-content\/uploads\/2022\/10\/EJ4B6269-1-1.jpg?fit=1000%2C600&ssl=1&resize=350%2C200","width":350,"height":200,"srcset":"https:\/\/i0.wp.com\/casadecampoliving.com\/wp-content\/uploads\/2022\/10\/EJ4B6269-1-1.jpg?fit=1000%2C600&ssl=1&resize=350%2C200 1x, https:\/\/i0.wp.com\/casadecampoliving.com\/wp-content\/uploads\/2022\/10\/EJ4B6269-1-1.jpg?fit=1000%2C600&ssl=1&resize=525%2C300 1.5x, https:\/\/i0.wp.com\/casadecampoliving.com\/wp-content\/uploads\/2022\/10\/EJ4B6269-1-1.jpg?fit=1000%2C600&ssl=1&resize=700%2C400 2x"},"classes":[]},{"id":546651,"url":"https:\/\/casadecampoliving.com\/es\/alza-tu-jarra-oktoberfest-regresa-a-altos-de-chavon-el-18-de-octubre\/","url_meta":{"origin":523006,"position":4},"title":"\u00a1Alza tu Jarra! Oktoberfest Regresa a Altos de Chav\u00f3n el 18 de Octubre","author":"Casa de Campo Living","date":"7 Oct, 2025","format":false,"excerpt":"Prep\u00e1rate para alzar tus jarras: Oktoberfest regresa a Altos de Chav\u00f3n. El 18 de octubre de 2025, la Plaza Chav\u00f3n se transformar\u00e1 en un animado jard\u00edn cervecero desde las 7 p.m. hasta la medianoche, reuniendo cervezas artesanales, platos abundantes y una noche de m\u00fasica sin pausa. Qu\u00e9 Esperar Esta celebraci\u00f3n\u2026","rel":"","context":"En \u00abAltos de Chav\u00f3n\u00bb","block_context":{"text":"Altos de Chav\u00f3n","link":"https:\/\/casadecampoliving.com\/es\/category\/altos-de-chavon-6\/"},"img":{"alt_text":"","src":"https:\/\/i0.wp.com\/casadecampoliving.com\/wp-content\/uploads\/2025\/10\/IMG_0029-Oktoberfest.jpg?fit=1200%2C800&ssl=1&resize=350%2C200","width":350,"height":200,"srcset":"https:\/\/i0.wp.com\/casadecampoliving.com\/wp-content\/uploads\/2025\/10\/IMG_0029-Oktoberfest.jpg?fit=1200%2C800&ssl=1&resize=350%2C200 1x, https:\/\/i0.wp.com\/casadecampoliving.com\/wp-content\/uploads\/2025\/10\/IMG_0029-Oktoberfest.jpg?fit=1200%2C800&ssl=1&resize=525%2C300 1.5x, https:\/\/i0.wp.com\/casadecampoliving.com\/wp-content\/uploads\/2025\/10\/IMG_0029-Oktoberfest.jpg?fit=1200%2C800&ssl=1&resize=700%2C400 2x, https:\/\/i0.wp.com\/casadecampoliving.com\/wp-content\/uploads\/2025\/10\/IMG_0029-Oktoberfest.jpg?fit=1200%2C800&ssl=1&resize=1050%2C600 3x"},"classes":[]},{"id":532303,"url":"https:\/\/casadecampoliving.com\/es\/reserva-la-fecha-oktoberfest-regresa-a-altos-de-chavon-el-5-de-octubre\/","url_meta":{"origin":523006,"position":5},"title":"Reserva la Fecha: Oktoberfest Regresa a Altos de Chav\u00f3n el 5 de Octubre","author":"Casa de Campo Living","date":"26 Jul, 2024","format":false,"excerpt":"Casa de Campo y Altos de Chav\u00f3n volver\u00e1n a celebrar su versi\u00f3n unica del popular festival Oktoberfest el 5 de octubre. Este animado evento, conocido por su comida, cerveza y alegr\u00eda, se llevar\u00e1 a cabo en la plaza principal a partir de las 7 p.m. Los asistentes podr\u00e1n disfrutar de\u2026","rel":"","context":"En \u00abAltos de Chav\u00f3n\u00bb","block_context":{"text":"Altos de Chav\u00f3n","link":"https:\/\/casadecampoliving.com\/es\/category\/altos-de-chavon-6\/"},"img":{"alt_text":"","src":"https:\/\/i0.wp.com\/casadecampoliving.com\/wp-content\/uploads\/2024\/07\/EJ4B9677-scaled.jpg?fit=1200%2C800&ssl=1&resize=350%2C200","width":350,"height":200,"srcset":"https:\/\/i0.wp.com\/casadecampoliving.com\/wp-content\/uploads\/2024\/07\/EJ4B9677-scaled.jpg?fit=1200%2C800&ssl=1&resize=350%2C200 1x, https:\/\/i0.wp.com\/casadecampoliving.com\/wp-content\/uploads\/2024\/07\/EJ4B9677-scaled.jpg?fit=1200%2C800&ssl=1&resize=525%2C300 1.5x, https:\/\/i0.wp.com\/casadecampoliving.com\/wp-content\/uploads\/2024\/07\/EJ4B9677-scaled.jpg?fit=1200%2C800&ssl=1&resize=700%2C400 2x, https:\/\/i0.wp.com\/casadecampoliving.com\/wp-content\/uploads\/2024\/07\/EJ4B9677-scaled.jpg?fit=1200%2C800&ssl=1&resize=1050%2C600 3x"},"classes":[]}],"jetpack_sharing_enabled":true,"_links":{"self":[{"href":"https:\/\/casadecampoliving.com\/es\/wp-json\/wp\/v2\/posts\/523006","targetHints":{"allow":["GET"]}}],"collection":[{"href":"https:\/\/casadecampoliving.com\/es\/wp-json\/wp\/v2\/posts"}],"about":[{"href":"https:\/\/casadecampoliving.com\/es\/wp-json\/wp\/v2\/types\/post"}],"author":[{"embeddable":true,"href":"https:\/\/casadecampoliving.com\/es\/wp-json\/wp\/v2\/users\/36791"}],"replies":[{"embeddable":true,"href":"https:\/\/casadecampoliving.com\/es\/wp-json\/wp\/v2\/comments?post=523006"}],"version-history":[{"count":2,"href":"https:\/\/casadecampoliving.com\/es\/wp-json\/wp\/v2\/posts\/523006\/revisions"}],"predecessor-version":[{"id":523008,"href":"https:\/\/casadecampoliving.com\/es\/wp-json\/wp\/v2\/posts\/523006\/revisions\/523008"}],"wp:featuredmedia":[{"embeddable":true,"href":"https:\/\/casadecampoliving.com\/es\/wp-json\/wp\/v2\/media\/522996"}],"wp:attachment":[{"href":"https:\/\/casadecampoliving.com\/es\/wp-json\/wp\/v2\/media?parent=523006"}],"wp:term":[{"taxonomy":"category","embeddable":true,"href":"https:\/\/casadecampoliving.com\/es\/wp-json\/wp\/v2\/categories?post=523006"},{"taxonomy":"post_tag","embeddable":true,"href":"https:\/\/casadecampoliving.com\/es\/wp-json\/wp\/v2\/tags?post=523006"},{"taxonomy":"newspack_spnsrs_tax","embeddable":true,"href":"https:\/\/casadecampoliving.com\/es\/wp-json\/wp\/v2\/newspack_spnsrs_tax?post=523006"}],"curies":[{"name":"wp","href":"https:\/\/api.w.org\/{rel}","templated":true}]}}