{"id":522680,"date":"2023-09-27T17:52:46","date_gmt":"2023-09-27T21:52:46","guid":{"rendered":"https:\/\/casadecampoliving.com\/?p=522680"},"modified":"2023-10-02T12:05:31","modified_gmt":"2023-10-02T16:05:31","slug":"la-nueva-edicion-de-otono-de-la-revista-casa-de-campo-living-ya-esta-disponible","status":"publish","type":"post","link":"https:\/\/casadecampoliving.com\/es\/la-nueva-edicion-de-otono-de-la-revista-casa-de-campo-living-ya-esta-disponible\/","title":{"rendered":"La nueva edici\u00f3n de oto\u00f1o de la revista Casa de Campo Living ya est\u00e1 disponible"},"content":{"rendered":"\n<p>La revista <em>Casa de Campo Living<\/em> se complace en anunciar el lanzamiento de su \u00faltima edici\u00f3n de oto\u00f1o, dise\u00f1ada exclusivamente para la vibrante comunidad de Casa de Campo.<\/p>\n\n\n\n<div class=\"wp-block-media-text has-media-on-the-right is-stacked-on-mobile\"><div class=\"wp-block-media-text__content\">\n<p>La 44\u00aa edici\u00f3n de la revista Casa de Campo Living est\u00e1 repleta de cautivadores art\u00edculos y deslumbrantes im\u00e1genes cuidadosamente seleccionadas para entretener, iluminar e inspirar. Aqu\u00ed tienes solo algunos de los aspectos m\u00e1s destacados:<\/p>\n\n\n\n<p>Tuvimos el placer de conversar con Rosal\u00eda G\u00f3mez de Caro, una destacada miembro de la sociedad dominicana que ha convertido el arte de la decoraci\u00f3n de mesas en una parte fundamental de su vida. Ella cree apasionadamente que una mesa bien preparada y un men\u00fa cuidadosamente seleccionado muestran el impecable gusto del anfitri\u00f3n y enfatizan el valor otorgado a los invitados.<\/p>\n<\/div><figure class=\"wp-block-media-text__media\"><img data-recalc-dims=\"1\" loading=\"lazy\" decoding=\"async\" width=\"551\" height=\"798\" src=\"https:\/\/i0.wp.com\/casadecampoliving.com\/wp-content\/uploads\/2023\/09\/Screenshot-2023-09-27-17.40.52.png?resize=551%2C798&#038;ssl=1\" alt=\"\" class=\"wp-image-522555 size-full\" srcset=\"https:\/\/i0.wp.com\/casadecampoliving.com\/wp-content\/uploads\/2023\/09\/Screenshot-2023-09-27-17.40.52.png?w=551&amp;ssl=1 551w, https:\/\/i0.wp.com\/casadecampoliving.com\/wp-content\/uploads\/2023\/09\/Screenshot-2023-09-27-17.40.52.png?resize=207%2C300&amp;ssl=1 207w, https:\/\/i0.wp.com\/casadecampoliving.com\/wp-content\/uploads\/2023\/09\/Screenshot-2023-09-27-17.40.52.png?resize=400%2C579&amp;ssl=1 400w, https:\/\/i0.wp.com\/casadecampoliving.com\/wp-content\/uploads\/2023\/09\/Screenshot-2023-09-27-17.40.52.png?resize=150%2C217&amp;ssl=1 150w, https:\/\/i0.wp.com\/casadecampoliving.com\/wp-content\/uploads\/2023\/09\/Screenshot-2023-09-27-17.40.52.png?w=370&amp;ssl=1 370w\" sizes=\"auto, (max-width: 551px) 100vw, 551px\" \/><\/figure><\/div>\n\n\n\n<figure class=\"wp-block-image size-large\"><img data-recalc-dims=\"1\" loading=\"lazy\" decoding=\"async\" width=\"1024\" height=\"729\" src=\"https:\/\/i0.wp.com\/casadecampoliving.com\/wp-content\/uploads\/2023\/09\/Casa-de-Campo-Living-Magazine-Fall-2023-spreads-1.png?resize=1024%2C729&#038;ssl=1\" alt=\"\" class=\"wp-image-522549\" srcset=\"https:\/\/i0.wp.com\/casadecampoliving.com\/wp-content\/uploads\/2023\/09\/Casa-de-Campo-Living-Magazine-Fall-2023-spreads-1.png?resize=1024%2C729&amp;ssl=1 1024w, https:\/\/i0.wp.com\/casadecampoliving.com\/wp-content\/uploads\/2023\/09\/Casa-de-Campo-Living-Magazine-Fall-2023-spreads-1.png?resize=300%2C214&amp;ssl=1 300w, https:\/\/i0.wp.com\/casadecampoliving.com\/wp-content\/uploads\/2023\/09\/Casa-de-Campo-Living-Magazine-Fall-2023-spreads-1.png?resize=768%2C547&amp;ssl=1 768w, https:\/\/i0.wp.com\/casadecampoliving.com\/wp-content\/uploads\/2023\/09\/Casa-de-Campo-Living-Magazine-Fall-2023-spreads-1.png?resize=400%2C285&amp;ssl=1 400w, https:\/\/i0.wp.com\/casadecampoliving.com\/wp-content\/uploads\/2023\/09\/Casa-de-Campo-Living-Magazine-Fall-2023-spreads-1.png?resize=150%2C107&amp;ssl=1 150w, https:\/\/i0.wp.com\/casadecampoliving.com\/wp-content\/uploads\/2023\/09\/Casa-de-Campo-Living-Magazine-Fall-2023-spreads-1.png?w=1121&amp;ssl=1 1121w, https:\/\/i0.wp.com\/casadecampoliving.com\/wp-content\/uploads\/2023\/09\/Casa-de-Campo-Living-Magazine-Fall-2023-spreads-1-1024x729.png?w=370&amp;ssl=1 370w\" sizes=\"auto, (max-width: 1000px) 100vw, 1000px\" \/><\/figure>\n\n\n\n<p>Conoce a Luciana Goldfain, la nueva Directora General de Altos de Chav\u00f3n. En una entrevista exclusiva, comparte su visi\u00f3n y su compromiso inquebrantable de elevar este singular centro cultural dentro de Casa de Campo. Est\u00e1 decidida a construir s\u00f3lidas relaciones con la comunidad y llevar Altos de Chav\u00f3n a la luz p\u00fablica mientras preserva su identidad distintiva.<\/p>\n\n\n\n<div class=\"wp-block-media-text has-media-on-the-right is-stacked-on-mobile\"><div class=\"wp-block-media-text__content\">\n<p>Tambi\u00e9n te presentamos a Spencer Power, el nuevo Gerente del Centro de Tiro de Casa de Campo. Con solo 23 a\u00f1os, Power aporta una gran experiencia en tiro y una apasionada pasi\u00f3n por el deporte a Casa de Campo. Comparte su trayectoria desde convertirse en campe\u00f3n estatal de Carolina del Sur hasta gestionar el centro de tiro de clase mundial de Casa de Campo. Con responsabilidades que incluyen garantizar el funcionamiento sin problemas y el mantenimiento de las m\u00e1quinas trampa Promatic, Power est\u00e1 dedicado a llevar el centro a nuevas alturas.<\/p>\n<\/div><figure class=\"wp-block-media-text__media\"><img data-recalc-dims=\"1\" loading=\"lazy\" decoding=\"async\" width=\"551\" height=\"798\" src=\"https:\/\/i0.wp.com\/casadecampoliving.com\/wp-content\/uploads\/2023\/09\/Casa-de-Campo-Living-Magazine-Fall-23.png?resize=551%2C798&#038;ssl=1\" alt=\"\" class=\"wp-image-522551 size-full\" srcset=\"https:\/\/i0.wp.com\/casadecampoliving.com\/wp-content\/uploads\/2023\/09\/Casa-de-Campo-Living-Magazine-Fall-23.png?w=551&amp;ssl=1 551w, https:\/\/i0.wp.com\/casadecampoliving.com\/wp-content\/uploads\/2023\/09\/Casa-de-Campo-Living-Magazine-Fall-23.png?resize=207%2C300&amp;ssl=1 207w, https:\/\/i0.wp.com\/casadecampoliving.com\/wp-content\/uploads\/2023\/09\/Casa-de-Campo-Living-Magazine-Fall-23.png?resize=400%2C579&amp;ssl=1 400w, https:\/\/i0.wp.com\/casadecampoliving.com\/wp-content\/uploads\/2023\/09\/Casa-de-Campo-Living-Magazine-Fall-23.png?resize=150%2C217&amp;ssl=1 150w, https:\/\/i0.wp.com\/casadecampoliving.com\/wp-content\/uploads\/2023\/09\/Casa-de-Campo-Living-Magazine-Fall-23.png?w=370&amp;ssl=1 370w\" sizes=\"auto, (max-width: 551px) 100vw, 551px\" \/><\/figure><\/div>\n\n\n\n<p>Ad\u00e9ntrate en el mundo de Silvia L\u00f3pez Chavez, una talentosa artista dominicana y exalumna de la Escuela de Dise\u00f1o de Chav\u00f3n, conocida por sus vibrantes murales que trascienden las fronteras culturales y arrojan luz sobre cuestiones sociales y ambientales. En nuestra entrevista con Casa de Campo Living, comparte su trayectoria art\u00edstica, sus experiencias en Chav\u00f3n y su colaboraci\u00f3n con Am\u00e9rica Olivo en un mural para el Proyecto de Mural The Outlaw Ocean en La Romana.<\/p>\n\n\n\n<p>Tambi\u00e9n estamos encantados de asociarnos con Crista Ryan y Casa de Campo Real Estate para mostrar algunas impresionantes villas disponibles para aquellos que buscan una segunda residencia o una residencia principal en el para\u00edso. No es solo una inversi\u00f3n inteligente; es una forma de hacer de Casa de Campo tu propio hogar.<\/p>\n\n\n\n<figure class=\"wp-block-image size-large\"><img data-recalc-dims=\"1\" loading=\"lazy\" decoding=\"async\" width=\"1024\" height=\"729\" src=\"https:\/\/i0.wp.com\/casadecampoliving.com\/wp-content\/uploads\/2023\/09\/Casa-de-Campo-Living-Magazine-Fall-2023-spreads-3.png?resize=1024%2C729&#038;ssl=1\" alt=\"\" class=\"wp-image-522545\" srcset=\"https:\/\/i0.wp.com\/casadecampoliving.com\/wp-content\/uploads\/2023\/09\/Casa-de-Campo-Living-Magazine-Fall-2023-spreads-3.png?resize=1024%2C729&amp;ssl=1 1024w, https:\/\/i0.wp.com\/casadecampoliving.com\/wp-content\/uploads\/2023\/09\/Casa-de-Campo-Living-Magazine-Fall-2023-spreads-3.png?resize=300%2C214&amp;ssl=1 300w, https:\/\/i0.wp.com\/casadecampoliving.com\/wp-content\/uploads\/2023\/09\/Casa-de-Campo-Living-Magazine-Fall-2023-spreads-3.png?resize=768%2C547&amp;ssl=1 768w, https:\/\/i0.wp.com\/casadecampoliving.com\/wp-content\/uploads\/2023\/09\/Casa-de-Campo-Living-Magazine-Fall-2023-spreads-3.png?resize=400%2C285&amp;ssl=1 400w, https:\/\/i0.wp.com\/casadecampoliving.com\/wp-content\/uploads\/2023\/09\/Casa-de-Campo-Living-Magazine-Fall-2023-spreads-3.png?resize=150%2C107&amp;ssl=1 150w, https:\/\/i0.wp.com\/casadecampoliving.com\/wp-content\/uploads\/2023\/09\/Casa-de-Campo-Living-Magazine-Fall-2023-spreads-3.png?w=1121&amp;ssl=1 1121w, https:\/\/i0.wp.com\/casadecampoliving.com\/wp-content\/uploads\/2023\/09\/Casa-de-Campo-Living-Magazine-Fall-2023-spreads-3-1024x729.png?w=370&amp;ssl=1 370w\" sizes=\"auto, (max-width: 1000px) 100vw, 1000px\" \/><\/figure>\n\n\n\n<p>Extendemos nuestro sincero agradecimiento a nuestros colaboradores, anunciantes y, sobre todo, a nuestros lectores, cuyo apoyo inquebrantable nos permite dar vida al esp\u00edritu de Casa de Campo en estas p\u00e1ginas.<\/p>\n\n\n\n<p>Mantente atento a la revista; sinceramente esperamos que disfrutes de las historias que hemos llevado a la impresi\u00f3n, y recuerda que <a href=\"https:\/\/issuu.com\/communityprofile\/docs\/casa_de_campo_living_magazine_fall_2023\" target=\"_blank\" rel=\"noreferrer noopener nofollow\">tambi\u00e9n puedes encontrarla en l\u00ednea.<\/a><\/p>\n\n\n\n<figure class=\"wp-block-embed aligncenter is-type-rich is-provider-issuu wp-block-embed-issuu\"><div class=\"wp-block-embed__wrapper\">\n<div data-url=\"https:\/\/issuu.com\/communityprofile\/docs\/casa_de_campo_living_magazine_fall_2023\" style=\"width: 500px; height: 356px;\" class=\"issuuembed\"><\/div><script type=\"text\/javascript\" src=\"\/\/e.issuu.com\/embed.js\" async=\"true\"><\/script>\n<\/div><\/figure>\n","protected":false},"excerpt":{"rendered":"<p>La revista Casa de Campo Living se complace en anunciar el lanzamiento de su \u00faltima edici\u00f3n de oto\u00f1o, dise\u00f1ada exclusivamente para la vibrante comunidad de Casa de Campo. La 44\u00aa edici\u00f3n de la revista Casa de Campo Living est\u00e1 repleta de cautivadores art\u00edculos y deslumbrantes im\u00e1genes cuidadosamente seleccionadas para entretener, iluminar e inspirar. Aqu\u00ed tienes [&hellip;]<\/p>\n","protected":false},"author":36791,"featured_media":522539,"comment_status":"closed","ping_status":"closed","sticky":false,"template":"","format":"standard","meta":{"newspack_ads_suppress_ads":false,"newspack_popups_has_disabled_popups":false,"newspack_sponsor_sponsorship_scope":"","newspack_sponsor_native_byline_display":"inherit","newspack_sponsor_native_category_display":"inherit","newspack_sponsor_underwriter_style":"inherit","newspack_sponsor_underwriter_placement":"inherit","_newspack_byline_active":false,"_newspack_byline":"","newspack_hide_updated_date":false,"newspack_show_updated_date":false,"newspack_content_restriction_is_exempt":false,"newspack_featured_image_position":"large","newspack_post_subtitle":"","newspack_article_summary_title":"Overview:","newspack_article_summary":"","_jetpack_memberships_contains_paid_content":false,"footnotes":"","jetpack_publicize_message":"","jetpack_publicize_feature_enabled":true,"jetpack_social_post_already_shared":false,"jetpack_social_options":{"image_generator_settings":{"template":"highway","default_image_id":0,"font":"","enabled":false},"version":2},"_wpas_customize_per_network":false},"categories":[26392,23889],"tags":[15387,23815,24346,14736,3573],"newspack_spnsrs_tax":[],"class_list":["post-522680","post","type-post","status-publish","format-standard","has-post-thumbnail","hentry","category-casa-de-campo-resort-villas","category-lifestyle-2","tag-altos-de-chavon-es","tag-casa-de-campo-es-17","tag-featured-es","tag-featured-topview-es","tag-marina-casa-de-campo-es","entry"],"yoast_head":"<!-- This site is optimized with the Yoast SEO plugin v27.4 - https:\/\/yoast.com\/product\/yoast-seo-wordpress\/ -->\n<title>La nueva edici\u00f3n de oto\u00f1o de la revista Casa de Campo Living ya est\u00e1 disponible | Casa de Campo Living<\/title>\n<meta name=\"description\" content=\"La revista Casa de Campo Living se complace en anunciar el lanzamiento de su \u00faltima edici\u00f3n de oto\u00f1o, dise\u00f1ada exclusivamente para la vibrante comunidad\" \/>\n<meta name=\"robots\" content=\"index, follow, max-snippet:-1, max-image-preview:large, max-video-preview:-1\" \/>\n<link rel=\"canonical\" href=\"https:\/\/casadecampoliving.com\/es\/la-nueva-edicion-de-otono-de-la-revista-casa-de-campo-living-ya-esta-disponible\/\" \/>\n<meta property=\"og:locale\" content=\"es_ES\" \/>\n<meta property=\"og:type\" content=\"article\" \/>\n<meta property=\"og:title\" content=\"La nueva edici\u00f3n de oto\u00f1o de la revista Casa de Campo Living ya est\u00e1 disponible | Casa de Campo Living\" \/>\n<meta property=\"og:description\" content=\"La revista Casa de Campo Living se complace en anunciar el lanzamiento de su \u00faltima edici\u00f3n de oto\u00f1o, dise\u00f1ada exclusivamente para la vibrante comunidad\" \/>\n<meta property=\"og:url\" content=\"https:\/\/casadecampoliving.com\/es\/la-nueva-edicion-de-otono-de-la-revista-casa-de-campo-living-ya-esta-disponible\/\" \/>\n<meta property=\"og:site_name\" content=\"Casa de Campo Living\" \/>\n<meta property=\"article:publisher\" content=\"https:\/\/www.facebook.com\/casadecampoliving\" \/>\n<meta property=\"article:published_time\" content=\"2023-09-27T21:52:46+00:00\" \/>\n<meta property=\"article:modified_time\" content=\"2023-10-02T16:05:31+00:00\" \/>\n<meta property=\"og:image\" content=\"https:\/\/casadecampoliving.com\/wp-content\/uploads\/2023\/09\/Casa-de-Campo-Living-Magazine-Fall-2023-scaled.jpg\" \/>\n\t<meta property=\"og:image:width\" content=\"2560\" \/>\n\t<meta property=\"og:image:height\" content=\"1707\" \/>\n\t<meta property=\"og:image:type\" content=\"image\/jpeg\" \/>\n<meta name=\"author\" content=\"Casa de Campo Living\" \/>\n<meta name=\"twitter:card\" content=\"summary_large_image\" \/>\n<meta name=\"twitter:creator\" content=\"@cdcliving\" \/>\n<meta name=\"twitter:site\" content=\"@cdcliving\" \/>\n<meta name=\"twitter:label1\" content=\"Escrito por\" \/>\n\t<meta name=\"twitter:data1\" content=\"Casa de Campo Living\" \/>\n\t<meta name=\"twitter:label2\" content=\"Tiempo de lectura\" \/>\n\t<meta name=\"twitter:data2\" content=\"3 minutos\" \/>\n<script type=\"application\/ld+json\" class=\"yoast-schema-graph\">{\"@context\":\"https:\\\/\\\/schema.org\",\"@graph\":[{\"@type\":\"Article\",\"@id\":\"https:\\\/\\\/casadecampoliving.com\\\/es\\\/la-nueva-edicion-de-otono-de-la-revista-casa-de-campo-living-ya-esta-disponible\\\/#article\",\"isPartOf\":{\"@id\":\"https:\\\/\\\/casadecampoliving.com\\\/es\\\/la-nueva-edicion-de-otono-de-la-revista-casa-de-campo-living-ya-esta-disponible\\\/\"},\"author\":{\"name\":\"Casa de Campo Living\",\"@id\":\"https:\\\/\\\/casadecampoliving.com\\\/es\\\/#\\\/schema\\\/person\\\/5d2171637a9d11e0e43ce6b8555f9422\"},\"headline\":\"La nueva edici\u00f3n de oto\u00f1o de la revista Casa de Campo Living ya est\u00e1 disponible\",\"datePublished\":\"2023-09-27T21:52:46+00:00\",\"dateModified\":\"2023-10-02T16:05:31+00:00\",\"mainEntityOfPage\":{\"@id\":\"https:\\\/\\\/casadecampoliving.com\\\/es\\\/la-nueva-edicion-de-otono-de-la-revista-casa-de-campo-living-ya-esta-disponible\\\/\"},\"wordCount\":517,\"publisher\":{\"@id\":\"https:\\\/\\\/casadecampoliving.com\\\/es\\\/#organization\"},\"image\":{\"@id\":\"https:\\\/\\\/casadecampoliving.com\\\/es\\\/la-nueva-edicion-de-otono-de-la-revista-casa-de-campo-living-ya-esta-disponible\\\/#primaryimage\"},\"thumbnailUrl\":\"https:\\\/\\\/i0.wp.com\\\/casadecampoliving.com\\\/wp-content\\\/uploads\\\/2023\\\/09\\\/Casa-de-Campo-Living-Magazine-Fall-2023-scaled.jpg?fit=2560%2C1707&ssl=1\",\"keywords\":[\"Altos de Chavon\",\"Casa de Campo\",\"Featured\",\"Featured-TopView @es\",\"Marina Casa de Campo @es\"],\"articleSection\":[\"Casa de Campo Resort &amp; Villas\",\"Lifestyle\"],\"inLanguage\":\"es\"},{\"@type\":\"WebPage\",\"@id\":\"https:\\\/\\\/casadecampoliving.com\\\/es\\\/la-nueva-edicion-de-otono-de-la-revista-casa-de-campo-living-ya-esta-disponible\\\/\",\"url\":\"https:\\\/\\\/casadecampoliving.com\\\/es\\\/la-nueva-edicion-de-otono-de-la-revista-casa-de-campo-living-ya-esta-disponible\\\/\",\"name\":\"La nueva edici\u00f3n de oto\u00f1o de la revista Casa de Campo Living ya est\u00e1 disponible | Casa de Campo Living\",\"isPartOf\":{\"@id\":\"https:\\\/\\\/casadecampoliving.com\\\/es\\\/#website\"},\"primaryImageOfPage\":{\"@id\":\"https:\\\/\\\/casadecampoliving.com\\\/es\\\/la-nueva-edicion-de-otono-de-la-revista-casa-de-campo-living-ya-esta-disponible\\\/#primaryimage\"},\"image\":{\"@id\":\"https:\\\/\\\/casadecampoliving.com\\\/es\\\/la-nueva-edicion-de-otono-de-la-revista-casa-de-campo-living-ya-esta-disponible\\\/#primaryimage\"},\"thumbnailUrl\":\"https:\\\/\\\/i0.wp.com\\\/casadecampoliving.com\\\/wp-content\\\/uploads\\\/2023\\\/09\\\/Casa-de-Campo-Living-Magazine-Fall-2023-scaled.jpg?fit=2560%2C1707&ssl=1\",\"datePublished\":\"2023-09-27T21:52:46+00:00\",\"dateModified\":\"2023-10-02T16:05:31+00:00\",\"description\":\"La revista Casa de Campo Living se complace en anunciar el lanzamiento de su \u00faltima edici\u00f3n de oto\u00f1o, dise\u00f1ada exclusivamente para la vibrante comunidad\",\"breadcrumb\":{\"@id\":\"https:\\\/\\\/casadecampoliving.com\\\/es\\\/la-nueva-edicion-de-otono-de-la-revista-casa-de-campo-living-ya-esta-disponible\\\/#breadcrumb\"},\"inLanguage\":\"es\",\"potentialAction\":[{\"@type\":\"ReadAction\",\"target\":[\"https:\\\/\\\/casadecampoliving.com\\\/es\\\/la-nueva-edicion-de-otono-de-la-revista-casa-de-campo-living-ya-esta-disponible\\\/\"]}]},{\"@type\":\"ImageObject\",\"inLanguage\":\"es\",\"@id\":\"https:\\\/\\\/casadecampoliving.com\\\/es\\\/la-nueva-edicion-de-otono-de-la-revista-casa-de-campo-living-ya-esta-disponible\\\/#primaryimage\",\"url\":\"https:\\\/\\\/i0.wp.com\\\/casadecampoliving.com\\\/wp-content\\\/uploads\\\/2023\\\/09\\\/Casa-de-Campo-Living-Magazine-Fall-2023-scaled.jpg?fit=2560%2C1707&ssl=1\",\"contentUrl\":\"https:\\\/\\\/i0.wp.com\\\/casadecampoliving.com\\\/wp-content\\\/uploads\\\/2023\\\/09\\\/Casa-de-Campo-Living-Magazine-Fall-2023-scaled.jpg?fit=2560%2C1707&ssl=1\",\"width\":2560,\"height\":1707,\"caption\":\"OLYMPUS DIGITAL CAMERA\"},{\"@type\":\"BreadcrumbList\",\"@id\":\"https:\\\/\\\/casadecampoliving.com\\\/es\\\/la-nueva-edicion-de-otono-de-la-revista-casa-de-campo-living-ya-esta-disponible\\\/#breadcrumb\",\"itemListElement\":[{\"@type\":\"ListItem\",\"position\":1,\"name\":\"Home\",\"item\":\"https:\\\/\\\/casadecampoliving.com\\\/es\\\/\"},{\"@type\":\"ListItem\",\"position\":2,\"name\":\"La nueva edici\u00f3n de oto\u00f1o de la revista Casa de Campo Living ya est\u00e1 disponible\"}]},{\"@type\":\"WebSite\",\"@id\":\"https:\\\/\\\/casadecampoliving.com\\\/es\\\/#website\",\"url\":\"https:\\\/\\\/casadecampoliving.com\\\/es\\\/\",\"name\":\"Casa de Campo Living\",\"description\":\"Resort community news and resources.\",\"publisher\":{\"@id\":\"https:\\\/\\\/casadecampoliving.com\\\/es\\\/#organization\"},\"potentialAction\":[{\"@type\":\"SearchAction\",\"target\":{\"@type\":\"EntryPoint\",\"urlTemplate\":\"https:\\\/\\\/casadecampoliving.com\\\/es\\\/?s={search_term_string}\"},\"query-input\":{\"@type\":\"PropertyValueSpecification\",\"valueRequired\":true,\"valueName\":\"search_term_string\"}}],\"inLanguage\":\"es\"},{\"@type\":\"Organization\",\"@id\":\"https:\\\/\\\/casadecampoliving.com\\\/es\\\/#organization\",\"name\":\"Casa de Campo Living\",\"url\":\"https:\\\/\\\/casadecampoliving.com\\\/es\\\/\",\"logo\":{\"@type\":\"ImageObject\",\"inLanguage\":\"es\",\"@id\":\"https:\\\/\\\/casadecampoliving.com\\\/es\\\/#\\\/schema\\\/logo\\\/image\\\/\",\"url\":\"https:\\\/\\\/i0.wp.com\\\/casadecampoliving.com\\\/wp-content\\\/uploads\\\/2022\\\/07\\\/CDCLivingLogo_V1-white-sized.png?fit=800%2C214&ssl=1\",\"contentUrl\":\"https:\\\/\\\/i0.wp.com\\\/casadecampoliving.com\\\/wp-content\\\/uploads\\\/2022\\\/07\\\/CDCLivingLogo_V1-white-sized.png?fit=800%2C214&ssl=1\",\"width\":800,\"height\":214,\"caption\":\"Casa de Campo Living\"},\"image\":{\"@id\":\"https:\\\/\\\/casadecampoliving.com\\\/es\\\/#\\\/schema\\\/logo\\\/image\\\/\"},\"sameAs\":[\"https:\\\/\\\/www.facebook.com\\\/casadecampoliving\",\"https:\\\/\\\/x.com\\\/cdcliving\"]},{\"@type\":\"Person\",\"@id\":\"https:\\\/\\\/casadecampoliving.com\\\/es\\\/#\\\/schema\\\/person\\\/5d2171637a9d11e0e43ce6b8555f9422\",\"name\":\"Casa de Campo Living\",\"image\":{\"@type\":\"ImageObject\",\"inLanguage\":\"es\",\"@id\":\"https:\\\/\\\/secure.gravatar.com\\\/avatar\\\/d04101fa4a9fd431e939953b1500fdc7a73cd35029f86d98712fd8ccdaebaf9a?s=96&d=mm&r=g\",\"url\":\"https:\\\/\\\/secure.gravatar.com\\\/avatar\\\/d04101fa4a9fd431e939953b1500fdc7a73cd35029f86d98712fd8ccdaebaf9a?s=96&d=mm&r=g\",\"contentUrl\":\"https:\\\/\\\/secure.gravatar.com\\\/avatar\\\/d04101fa4a9fd431e939953b1500fdc7a73cd35029f86d98712fd8ccdaebaf9a?s=96&d=mm&r=g\",\"caption\":\"Casa de Campo Living\"},\"url\":\"https:\\\/\\\/casadecampoliving.com\\\/es\\\/author\\\/casa-de-campo-living\\\/\"}]}<\/script>\n<!-- \/ Yoast SEO plugin. -->","yoast_head_json":{"title":"La nueva edici\u00f3n de oto\u00f1o de la revista Casa de Campo Living ya est\u00e1 disponible | Casa de Campo Living","description":"La revista Casa de Campo Living se complace en anunciar el lanzamiento de su \u00faltima edici\u00f3n de oto\u00f1o, dise\u00f1ada exclusivamente para la vibrante comunidad","robots":{"index":"index","follow":"follow","max-snippet":"max-snippet:-1","max-image-preview":"max-image-preview:large","max-video-preview":"max-video-preview:-1"},"canonical":"https:\/\/casadecampoliving.com\/es\/la-nueva-edicion-de-otono-de-la-revista-casa-de-campo-living-ya-esta-disponible\/","og_locale":"es_ES","og_type":"article","og_title":"La nueva edici\u00f3n de oto\u00f1o de la revista Casa de Campo Living ya est\u00e1 disponible | Casa de Campo Living","og_description":"La revista Casa de Campo Living se complace en anunciar el lanzamiento de su \u00faltima edici\u00f3n de oto\u00f1o, dise\u00f1ada exclusivamente para la vibrante comunidad","og_url":"https:\/\/casadecampoliving.com\/es\/la-nueva-edicion-de-otono-de-la-revista-casa-de-campo-living-ya-esta-disponible\/","og_site_name":"Casa de Campo Living","article_publisher":"https:\/\/www.facebook.com\/casadecampoliving","article_published_time":"2023-09-27T21:52:46+00:00","article_modified_time":"2023-10-02T16:05:31+00:00","og_image":[{"width":2560,"height":1707,"url":"https:\/\/casadecampoliving.com\/wp-content\/uploads\/2023\/09\/Casa-de-Campo-Living-Magazine-Fall-2023-scaled.jpg","type":"image\/jpeg"}],"author":"Casa de Campo Living","twitter_card":"summary_large_image","twitter_creator":"@cdcliving","twitter_site":"@cdcliving","twitter_misc":{"Escrito por":"Casa de Campo Living","Tiempo de lectura":"3 minutos"},"schema":{"@context":"https:\/\/schema.org","@graph":[{"@type":"Article","@id":"https:\/\/casadecampoliving.com\/es\/la-nueva-edicion-de-otono-de-la-revista-casa-de-campo-living-ya-esta-disponible\/#article","isPartOf":{"@id":"https:\/\/casadecampoliving.com\/es\/la-nueva-edicion-de-otono-de-la-revista-casa-de-campo-living-ya-esta-disponible\/"},"author":{"name":"Casa de Campo Living","@id":"https:\/\/casadecampoliving.com\/es\/#\/schema\/person\/5d2171637a9d11e0e43ce6b8555f9422"},"headline":"La nueva edici\u00f3n de oto\u00f1o de la revista Casa de Campo Living ya est\u00e1 disponible","datePublished":"2023-09-27T21:52:46+00:00","dateModified":"2023-10-02T16:05:31+00:00","mainEntityOfPage":{"@id":"https:\/\/casadecampoliving.com\/es\/la-nueva-edicion-de-otono-de-la-revista-casa-de-campo-living-ya-esta-disponible\/"},"wordCount":517,"publisher":{"@id":"https:\/\/casadecampoliving.com\/es\/#organization"},"image":{"@id":"https:\/\/casadecampoliving.com\/es\/la-nueva-edicion-de-otono-de-la-revista-casa-de-campo-living-ya-esta-disponible\/#primaryimage"},"thumbnailUrl":"https:\/\/i0.wp.com\/casadecampoliving.com\/wp-content\/uploads\/2023\/09\/Casa-de-Campo-Living-Magazine-Fall-2023-scaled.jpg?fit=2560%2C1707&ssl=1","keywords":["Altos de Chavon","Casa de Campo","Featured","Featured-TopView @es","Marina Casa de Campo @es"],"articleSection":["Casa de Campo Resort &amp; Villas","Lifestyle"],"inLanguage":"es"},{"@type":"WebPage","@id":"https:\/\/casadecampoliving.com\/es\/la-nueva-edicion-de-otono-de-la-revista-casa-de-campo-living-ya-esta-disponible\/","url":"https:\/\/casadecampoliving.com\/es\/la-nueva-edicion-de-otono-de-la-revista-casa-de-campo-living-ya-esta-disponible\/","name":"La nueva edici\u00f3n de oto\u00f1o de la revista Casa de Campo Living ya est\u00e1 disponible | Casa de Campo Living","isPartOf":{"@id":"https:\/\/casadecampoliving.com\/es\/#website"},"primaryImageOfPage":{"@id":"https:\/\/casadecampoliving.com\/es\/la-nueva-edicion-de-otono-de-la-revista-casa-de-campo-living-ya-esta-disponible\/#primaryimage"},"image":{"@id":"https:\/\/casadecampoliving.com\/es\/la-nueva-edicion-de-otono-de-la-revista-casa-de-campo-living-ya-esta-disponible\/#primaryimage"},"thumbnailUrl":"https:\/\/i0.wp.com\/casadecampoliving.com\/wp-content\/uploads\/2023\/09\/Casa-de-Campo-Living-Magazine-Fall-2023-scaled.jpg?fit=2560%2C1707&ssl=1","datePublished":"2023-09-27T21:52:46+00:00","dateModified":"2023-10-02T16:05:31+00:00","description":"La revista Casa de Campo Living se complace en anunciar el lanzamiento de su \u00faltima edici\u00f3n de oto\u00f1o, dise\u00f1ada exclusivamente para la vibrante comunidad","breadcrumb":{"@id":"https:\/\/casadecampoliving.com\/es\/la-nueva-edicion-de-otono-de-la-revista-casa-de-campo-living-ya-esta-disponible\/#breadcrumb"},"inLanguage":"es","potentialAction":[{"@type":"ReadAction","target":["https:\/\/casadecampoliving.com\/es\/la-nueva-edicion-de-otono-de-la-revista-casa-de-campo-living-ya-esta-disponible\/"]}]},{"@type":"ImageObject","inLanguage":"es","@id":"https:\/\/casadecampoliving.com\/es\/la-nueva-edicion-de-otono-de-la-revista-casa-de-campo-living-ya-esta-disponible\/#primaryimage","url":"https:\/\/i0.wp.com\/casadecampoliving.com\/wp-content\/uploads\/2023\/09\/Casa-de-Campo-Living-Magazine-Fall-2023-scaled.jpg?fit=2560%2C1707&ssl=1","contentUrl":"https:\/\/i0.wp.com\/casadecampoliving.com\/wp-content\/uploads\/2023\/09\/Casa-de-Campo-Living-Magazine-Fall-2023-scaled.jpg?fit=2560%2C1707&ssl=1","width":2560,"height":1707,"caption":"OLYMPUS DIGITAL CAMERA"},{"@type":"BreadcrumbList","@id":"https:\/\/casadecampoliving.com\/es\/la-nueva-edicion-de-otono-de-la-revista-casa-de-campo-living-ya-esta-disponible\/#breadcrumb","itemListElement":[{"@type":"ListItem","position":1,"name":"Home","item":"https:\/\/casadecampoliving.com\/es\/"},{"@type":"ListItem","position":2,"name":"La nueva edici\u00f3n de oto\u00f1o de la revista Casa de Campo Living ya est\u00e1 disponible"}]},{"@type":"WebSite","@id":"https:\/\/casadecampoliving.com\/es\/#website","url":"https:\/\/casadecampoliving.com\/es\/","name":"Casa de Campo Living","description":"Resort community news and resources.","publisher":{"@id":"https:\/\/casadecampoliving.com\/es\/#organization"},"potentialAction":[{"@type":"SearchAction","target":{"@type":"EntryPoint","urlTemplate":"https:\/\/casadecampoliving.com\/es\/?s={search_term_string}"},"query-input":{"@type":"PropertyValueSpecification","valueRequired":true,"valueName":"search_term_string"}}],"inLanguage":"es"},{"@type":"Organization","@id":"https:\/\/casadecampoliving.com\/es\/#organization","name":"Casa de Campo Living","url":"https:\/\/casadecampoliving.com\/es\/","logo":{"@type":"ImageObject","inLanguage":"es","@id":"https:\/\/casadecampoliving.com\/es\/#\/schema\/logo\/image\/","url":"https:\/\/i0.wp.com\/casadecampoliving.com\/wp-content\/uploads\/2022\/07\/CDCLivingLogo_V1-white-sized.png?fit=800%2C214&ssl=1","contentUrl":"https:\/\/i0.wp.com\/casadecampoliving.com\/wp-content\/uploads\/2022\/07\/CDCLivingLogo_V1-white-sized.png?fit=800%2C214&ssl=1","width":800,"height":214,"caption":"Casa de Campo Living"},"image":{"@id":"https:\/\/casadecampoliving.com\/es\/#\/schema\/logo\/image\/"},"sameAs":["https:\/\/www.facebook.com\/casadecampoliving","https:\/\/x.com\/cdcliving"]},{"@type":"Person","@id":"https:\/\/casadecampoliving.com\/es\/#\/schema\/person\/5d2171637a9d11e0e43ce6b8555f9422","name":"Casa de Campo Living","image":{"@type":"ImageObject","inLanguage":"es","@id":"https:\/\/secure.gravatar.com\/avatar\/d04101fa4a9fd431e939953b1500fdc7a73cd35029f86d98712fd8ccdaebaf9a?s=96&d=mm&r=g","url":"https:\/\/secure.gravatar.com\/avatar\/d04101fa4a9fd431e939953b1500fdc7a73cd35029f86d98712fd8ccdaebaf9a?s=96&d=mm&r=g","contentUrl":"https:\/\/secure.gravatar.com\/avatar\/d04101fa4a9fd431e939953b1500fdc7a73cd35029f86d98712fd8ccdaebaf9a?s=96&d=mm&r=g","caption":"Casa de Campo Living"},"url":"https:\/\/casadecampoliving.com\/es\/author\/casa-de-campo-living\/"}]}},"parsely":{"version":"1.1.0","canonical_url":"https:\/\/casadecampoliving.com\/es\/la-nueva-edicion-de-otono-de-la-revista-casa-de-campo-living-ya-esta-disponible\/","smart_links":{"inbound":0,"outbound":0},"traffic_boost_suggestions_count":0,"meta":{"@context":"https:\/\/schema.org","@type":"NewsArticle","headline":"La nueva edici\u00f3n de oto\u00f1o de la revista Casa de Campo Living ya est\u00e1 disponible","url":"http:\/\/casadecampoliving.com\/es\/la-nueva-edicion-de-otono-de-la-revista-casa-de-campo-living-ya-esta-disponible\/","mainEntityOfPage":{"@type":"WebPage","@id":"http:\/\/casadecampoliving.com\/es\/la-nueva-edicion-de-otono-de-la-revista-casa-de-campo-living-ya-esta-disponible\/"},"thumbnailUrl":"https:\/\/i0.wp.com\/casadecampoliving.com\/wp-content\/uploads\/2023\/09\/Casa-de-Campo-Living-Magazine-Fall-2023-scaled.jpg?resize=150%2C150&ssl=1","image":{"@type":"ImageObject","url":"https:\/\/i0.wp.com\/casadecampoliving.com\/wp-content\/uploads\/2023\/09\/Casa-de-Campo-Living-Magazine-Fall-2023-scaled.jpg?fit=2560%2C1707&ssl=1"},"articleSection":"Casa de Campo Resort &amp; Villas","author":[{"@type":"Person","name":"Casa de Campo Living"}],"creator":["Casa de Campo Living"],"publisher":{"@type":"Organization","name":"Casa de Campo Living","logo":"https:\/\/casadecampoliving.com\/wp-content\/uploads\/2022\/07\/CDCLivingLogo_V1-white-sized.png"},"keywords":["altos de chavon","casa de campo","featured","featured-topview @es","marina casa de campo @es"],"dateCreated":"2023-09-27T21:52:46Z","datePublished":"2023-09-27T21:52:46Z","dateModified":"2023-10-02T16:05:31Z"},"rendered":"<script type=\"application\/ld+json\" class=\"wp-parsely-metadata\">{\"@context\":\"https:\\\/\\\/schema.org\",\"@type\":\"NewsArticle\",\"headline\":\"La nueva edici\\u00f3n de oto\\u00f1o de la revista Casa de Campo Living ya est\\u00e1 disponible\",\"url\":\"http:\\\/\\\/casadecampoliving.com\\\/es\\\/la-nueva-edicion-de-otono-de-la-revista-casa-de-campo-living-ya-esta-disponible\\\/\",\"mainEntityOfPage\":{\"@type\":\"WebPage\",\"@id\":\"http:\\\/\\\/casadecampoliving.com\\\/es\\\/la-nueva-edicion-de-otono-de-la-revista-casa-de-campo-living-ya-esta-disponible\\\/\"},\"thumbnailUrl\":\"https:\\\/\\\/i0.wp.com\\\/casadecampoliving.com\\\/wp-content\\\/uploads\\\/2023\\\/09\\\/Casa-de-Campo-Living-Magazine-Fall-2023-scaled.jpg?resize=150%2C150&ssl=1\",\"image\":{\"@type\":\"ImageObject\",\"url\":\"https:\\\/\\\/i0.wp.com\\\/casadecampoliving.com\\\/wp-content\\\/uploads\\\/2023\\\/09\\\/Casa-de-Campo-Living-Magazine-Fall-2023-scaled.jpg?fit=2560%2C1707&ssl=1\"},\"articleSection\":\"Casa de Campo Resort &amp; Villas\",\"author\":[{\"@type\":\"Person\",\"name\":\"Casa de Campo Living\"}],\"creator\":[\"Casa de Campo Living\"],\"publisher\":{\"@type\":\"Organization\",\"name\":\"Casa de Campo Living\",\"logo\":\"https:\\\/\\\/casadecampoliving.com\\\/wp-content\\\/uploads\\\/2022\\\/07\\\/CDCLivingLogo_V1-white-sized.png\"},\"keywords\":[\"altos de chavon\",\"casa de campo\",\"featured\",\"featured-topview @es\",\"marina casa de campo @es\"],\"dateCreated\":\"2023-09-27T21:52:46Z\",\"datePublished\":\"2023-09-27T21:52:46Z\",\"dateModified\":\"2023-10-02T16:05:31Z\"}<\/script>","tracker_url":"https:\/\/cdn.parsely.com\/keys\/casadecampoliving.com\/p.js"},"jetpack_publicize_connections":[],"jetpack_featured_media_url":"https:\/\/i0.wp.com\/casadecampoliving.com\/wp-content\/uploads\/2023\/09\/Casa-de-Campo-Living-Magazine-Fall-2023-scaled.jpg?fit=2560%2C1707&ssl=1","jetpack-related-posts":[{"id":352919,"url":"https:\/\/casadecampoliving.com\/es\/recien-salida-de-la-prensa-casalife-magazine-otono-2018-ha-llegado\/","url_meta":{"origin":522680,"position":0},"title":"Reci\u00e9n salida de la prensa: \u00a1CasaLife Magazine oto\u00f1o 2018 ha llegado!","author":"Casa de Campo Living","date":"3 Oct, 2018","format":false,"excerpt":"\u00a1Nos da un inmenso placer anunciar que nuestra edici\u00f3n de oto\u00f1o de la revista CasaLife est\u00e1 aqu\u00ed! En el interior encontrar\u00e1 una rese\u00f1a de los eventos sociales y filantr\u00f3picos de la temporada pasada, una hermosa boda en Chav\u00f3n, una entrevista con uno de los miembros de la comunidad de Casa\u2026","rel":"","context":"En \u00abEstilo de Vida\u00bb","block_context":{"text":"Estilo de Vida","link":"https:\/\/casadecampoliving.com\/es\/category\/estilo-de-vida\/"},"img":{"alt_text":"","src":"https:\/\/i0.wp.com\/casadecampoliving.com\/wp-content\/uploads\/2018\/10\/Rectangle-FB-casalife-fall-renata-sone-2018.jpg?resize=350%2C200&ssl=1","width":350,"height":200,"srcset":"https:\/\/i0.wp.com\/casadecampoliving.com\/wp-content\/uploads\/2018\/10\/Rectangle-FB-casalife-fall-renata-sone-2018.jpg?resize=350%2C200&ssl=1 1x, https:\/\/i0.wp.com\/casadecampoliving.com\/wp-content\/uploads\/2018\/10\/Rectangle-FB-casalife-fall-renata-sone-2018.jpg?resize=525%2C300&ssl=1 1.5x, https:\/\/i0.wp.com\/casadecampoliving.com\/wp-content\/uploads\/2018\/10\/Rectangle-FB-casalife-fall-renata-sone-2018.jpg?resize=700%2C400&ssl=1 2x"},"classes":[]},{"id":348384,"url":"https:\/\/casadecampoliving.com\/es\/la-edicion-de-otono-de-casalife-ya-esta-aqui\/","url_meta":{"origin":522680,"position":1},"title":"\u00a1La edici\u00f3n de oto\u00f1o de CasaLife ya est\u00e1 aqu\u00ed!","author":"Felix Guerrero","date":"9 Oct, 2015","format":false,"excerpt":"\u00a1La edici\u00f3n m\u00e1s reciente de CasaLife Magazine acaba de llegar! El oto\u00f1o esa aqu\u00ed, \u00a1y ya estamos empezando sentir\u00a0la brisa que trae consigo esta\u00a0temporada de vacaciones que est\u00e1 por venir! Y mientras tenemos la oportunidad de enfriarnos de un verano bastante caluroso, tenemos que tener en cuenta que el oto\u00f1o\u2026","rel":"","context":"En \u00abCasa de Campo Living @es\u00bb","block_context":{"text":"Casa de Campo Living @es","link":"https:\/\/casadecampoliving.com\/category\/casa-de-campo-living-es\/"},"img":{"alt_text":"CasaLife is here","src":"https:\/\/i0.wp.com\/casadecampoliving.com\/wp-content\/uploads\/2022\/10\/CasaLife-is-here-1.jpg?fit=650%2C450&ssl=1&resize=350%2C200","width":350,"height":200,"srcset":"https:\/\/i0.wp.com\/casadecampoliving.com\/wp-content\/uploads\/2022\/10\/CasaLife-is-here-1.jpg?fit=650%2C450&ssl=1&resize=350%2C200 1x, https:\/\/i0.wp.com\/casadecampoliving.com\/wp-content\/uploads\/2022\/10\/CasaLife-is-here-1.jpg?fit=650%2C450&ssl=1&resize=525%2C300 1.5x"},"classes":[]},{"id":353086,"url":"https:\/\/casadecampoliving.com\/es\/consigue-la-hermosa-edicion-de-invierno-2018-de-casalife\/","url_meta":{"origin":522680,"position":2},"title":"\u00a1Consigue la hermosa edici\u00f3n de Invierno 2018 de CasaLife!","author":"Casa de Campo Living","date":"31 Dic, 2018","format":false,"excerpt":"La edici\u00f3n de invierno de la revista CasaLife 2018, la exclusiva Casa de Campo Resort & Resident Magazine, \u00a1ya est\u00e1 aqu\u00ed! En Casa de Campo nos encanta celebrar, especialmente en esta \u00e9poca del a\u00f1o, por lo que mientras se relaja en la piscina de Minitas Beach Club de Family, lo\u2026","rel":"","context":"En \u00abCasa de Campo Living @es\u00bb","block_context":{"text":"Casa de Campo Living @es","link":"https:\/\/casadecampoliving.com\/category\/casa-de-campo-living-es\/"},"img":{"alt_text":"","src":"https:\/\/i0.wp.com\/casadecampoliving.com\/wp-content\/uploads\/2018\/12\/casalifewinter2018_Magazine-MockUp-2.jpg?resize=350%2C200&ssl=1","width":350,"height":200,"srcset":"https:\/\/i0.wp.com\/casadecampoliving.com\/wp-content\/uploads\/2018\/12\/casalifewinter2018_Magazine-MockUp-2.jpg?resize=350%2C200&ssl=1 1x, https:\/\/i0.wp.com\/casadecampoliving.com\/wp-content\/uploads\/2018\/12\/casalifewinter2018_Magazine-MockUp-2.jpg?resize=525%2C300&ssl=1 1.5x, https:\/\/i0.wp.com\/casadecampoliving.com\/wp-content\/uploads\/2018\/12\/casalifewinter2018_Magazine-MockUp-2.jpg?resize=700%2C400&ssl=1 2x"},"classes":[]},{"id":352043,"url":"https:\/\/casadecampoliving.com\/es\/la-edicion-de-otono-de-la-revista-casa-de-campo-living-dedicada-los-amantes-del-buen-comer-ya-esta-aqui\/","url_meta":{"origin":522680,"position":3},"title":"\u00a1La revista Casa de Campo Living de oto\u00f1o dedicada a los amantes del buen comer ya est\u00e1 aqu\u00ed!","author":"Heather Lincoln","date":"2 Oct, 2017","format":false,"excerpt":"La edici\u00f3n de oto\u00f1o de la revista Casa de Campo Living est\u00e1 dedicado a los amantes del buen comer. Casa de Campo cuentan con algunos de los mejores restaurantes del pa\u00eds y nos adentramos en ellos mostrando nuestros lugares favoritos y deliciosos platillos que no deben dejar de probar. Comer\u2026","rel":"","context":"En \u00abCasa de Campo Living @es\u00bb","block_context":{"text":"Casa de Campo Living @es","link":"https:\/\/casadecampoliving.com\/category\/casa-de-campo-living-es\/"},"img":{"alt_text":"Casa de Campo Living fall magazine","src":"https:\/\/i0.wp.com\/casadecampoliving.com\/wp-content\/uploads\/2022\/10\/CCL_fall_magazine-e1506964525343.jpg?fit=1000%2C667&ssl=1&resize=350%2C200","width":350,"height":200,"srcset":"https:\/\/i0.wp.com\/casadecampoliving.com\/wp-content\/uploads\/2022\/10\/CCL_fall_magazine-e1506964525343.jpg?fit=1000%2C667&ssl=1&resize=350%2C200 1x, https:\/\/i0.wp.com\/casadecampoliving.com\/wp-content\/uploads\/2022\/10\/CCL_fall_magazine-e1506964525343.jpg?fit=1000%2C667&ssl=1&resize=525%2C300 1.5x, https:\/\/i0.wp.com\/casadecampoliving.com\/wp-content\/uploads\/2022\/10\/CCL_fall_magazine-e1506964525343.jpg?fit=1000%2C667&ssl=1&resize=700%2C400 2x"},"classes":[]},{"id":345388,"url":"https:\/\/casadecampoliving.com\/es\/la-revista-casalife-acaba-de-hacer-su-entrada-triunfal\/","url_meta":{"origin":522680,"position":4},"title":"\u00a1La revista CasaLife acaba de hacer su entrada triunfal!","author":"Daniela Medina","date":"18 Sep, 2014","format":false,"excerpt":"\u00a1La m\u00e1s reciente edici\u00f3n de la revista CasaLife acaba de hacer su entrada triunfal! El oto\u00f1o ha llegado, esta es la \u00e9poca del a\u00f1o donde el clima se torna un poco m\u00e1s agradable, \u00a0anunciando que la temporada alta de nuestro querido resort se encuentra al doblar de la esquina, lo\u2026","rel":"","context":"En \u00abCasa de Campo Living @es\u00bb","block_context":{"text":"Casa de Campo Living @es","link":"https:\/\/casadecampoliving.com\/category\/casa-de-campo-living-es\/"},"img":{"alt_text":"","src":"https:\/\/i0.wp.com\/casadecampoliving.com\/wp-content\/uploads\/2022\/10\/CasaLife-header.jpg?fit=650%2C397&ssl=1&resize=350%2C200","width":350,"height":200,"srcset":"https:\/\/i0.wp.com\/casadecampoliving.com\/wp-content\/uploads\/2022\/10\/CasaLife-header.jpg?fit=650%2C397&ssl=1&resize=350%2C200 1x, https:\/\/i0.wp.com\/casadecampoliving.com\/wp-content\/uploads\/2022\/10\/CasaLife-header.jpg?fit=650%2C397&ssl=1&resize=525%2C300 1.5x"},"classes":[]},{"id":351703,"url":"https:\/\/casadecampoliving.com\/es\/para-los-amantes-de-la-comida-la-edicion-de-otono-de-la-revista-casa-de-campo-living-sera-sobre-comida\/","url_meta":{"origin":522680,"position":5},"title":"Para los amantes del buen comer: La edici\u00f3n de oto\u00f1o de la revista Casa de Campo Living ser\u00e1 sobre comida","author":"Heather Lincoln","date":"10 Jul, 2017","format":false,"excerpt":"Escoger un nuevo restaurante para probar o conocer m\u00e1s sobre su lugar favorito es tan f\u00e1cil como pasar las p\u00e1ginas de nuestra pr\u00f3xima edici\u00f3n. La revista Casa de Campo Living de oto\u00f1o, ser\u00e1 dedicada al buen comer y estamos seguros que les dar\u00e1n ganas de probar los mejores platos alrededor\u2026","rel":"","context":"En \u00abCasa de Campo Living @es\u00bb","block_context":{"text":"Casa de Campo Living @es","link":"https:\/\/casadecampoliving.com\/category\/casa-de-campo-living-es\/"},"img":{"alt_text":"SBG","src":"https:\/\/i0.wp.com\/casadecampoliving.com\/wp-content\/uploads\/2022\/10\/IMG_5543-e1499706278883.jpg?fit=1000%2C600&ssl=1&resize=350%2C200","width":350,"height":200,"srcset":"https:\/\/i0.wp.com\/casadecampoliving.com\/wp-content\/uploads\/2022\/10\/IMG_5543-e1499706278883.jpg?fit=1000%2C600&ssl=1&resize=350%2C200 1x, https:\/\/i0.wp.com\/casadecampoliving.com\/wp-content\/uploads\/2022\/10\/IMG_5543-e1499706278883.jpg?fit=1000%2C600&ssl=1&resize=525%2C300 1.5x, https:\/\/i0.wp.com\/casadecampoliving.com\/wp-content\/uploads\/2022\/10\/IMG_5543-e1499706278883.jpg?fit=1000%2C600&ssl=1&resize=700%2C400 2x"},"classes":[]}],"jetpack_sharing_enabled":true,"_links":{"self":[{"href":"https:\/\/casadecampoliving.com\/es\/wp-json\/wp\/v2\/posts\/522680","targetHints":{"allow":["GET"]}}],"collection":[{"href":"https:\/\/casadecampoliving.com\/es\/wp-json\/wp\/v2\/posts"}],"about":[{"href":"https:\/\/casadecampoliving.com\/es\/wp-json\/wp\/v2\/types\/post"}],"author":[{"embeddable":true,"href":"https:\/\/casadecampoliving.com\/es\/wp-json\/wp\/v2\/users\/36791"}],"replies":[{"embeddable":true,"href":"https:\/\/casadecampoliving.com\/es\/wp-json\/wp\/v2\/comments?post=522680"}],"version-history":[{"count":1,"href":"https:\/\/casadecampoliving.com\/es\/wp-json\/wp\/v2\/posts\/522680\/revisions"}],"predecessor-version":[{"id":522681,"href":"https:\/\/casadecampoliving.com\/es\/wp-json\/wp\/v2\/posts\/522680\/revisions\/522681"}],"wp:featuredmedia":[{"embeddable":true,"href":"https:\/\/casadecampoliving.com\/es\/wp-json\/wp\/v2\/media\/522539"}],"wp:attachment":[{"href":"https:\/\/casadecampoliving.com\/es\/wp-json\/wp\/v2\/media?parent=522680"}],"wp:term":[{"taxonomy":"category","embeddable":true,"href":"https:\/\/casadecampoliving.com\/es\/wp-json\/wp\/v2\/categories?post=522680"},{"taxonomy":"post_tag","embeddable":true,"href":"https:\/\/casadecampoliving.com\/es\/wp-json\/wp\/v2\/tags?post=522680"},{"taxonomy":"newspack_spnsrs_tax","embeddable":true,"href":"https:\/\/casadecampoliving.com\/es\/wp-json\/wp\/v2\/newspack_spnsrs_tax?post=522680"}],"curies":[{"name":"wp","href":"https:\/\/api.w.org\/{rel}","templated":true}]}}