{"id":522293,"date":"2023-09-20T15:56:27","date_gmt":"2023-09-20T19:56:27","guid":{"rendered":"https:\/\/casadecampoliving.com\/?p=522293"},"modified":"2023-09-20T16:13:17","modified_gmt":"2023-09-20T20:13:17","slug":"wao-galeria-presenta-abstraccion-espontanea-por-el-artista-digital-jose-rainer","status":"publish","type":"post","link":"https:\/\/casadecampoliving.com\/es\/wao-galeria-presenta-abstraccion-espontanea-por-el-artista-digital-jose-rainer\/","title":{"rendered":"WAO Galer\u00eda presenta \u00abAbstracci\u00f3n Espont\u00e1nea\u00bb por el artista digital Jos\u00e9 Rainer"},"content":{"rendered":"\n<p>WAO Galer\u00eda &amp; Centro Cultural les invita cordialmente a la inauguraci\u00f3n de la exposici\u00f3n \u00abAbstracci\u00f3n Espont\u00e1nea\u00bb del artista digital Jos\u00e9 Rainer el 29 de septiembre. Esta exposici\u00f3n combina de manera fluida la pasi\u00f3n de Rainer por crear arte abstracto, fusionando h\u00e1bilmente formas y colores para evocar emociones y sentimientos en el observador perspicaz.<\/p>\n\n\n\n<div class=\"wp-block-media-text is-stacked-on-mobile is-image-fill\"><figure class=\"wp-block-media-text__media\" style=\"background-image:url(https:\/\/casadecampoliving.com\/wp-content\/uploads\/2023\/09\/Jose-Rainer-art3-1024x1024.jpeg);background-position:50% 50%\"><img data-recalc-dims=\"1\" loading=\"lazy\" decoding=\"async\" width=\"1024\" height=\"1024\" src=\"https:\/\/i0.wp.com\/casadecampoliving.com\/wp-content\/uploads\/2023\/09\/Jose-Rainer-art3.jpeg?resize=1024%2C1024&#038;ssl=1\" alt=\"\" class=\"wp-image-522288 size-full\" srcset=\"https:\/\/i0.wp.com\/casadecampoliving.com\/wp-content\/uploads\/2023\/09\/Jose-Rainer-art3.jpeg?resize=1024%2C1024&amp;ssl=1 1024w, https:\/\/i0.wp.com\/casadecampoliving.com\/wp-content\/uploads\/2023\/09\/Jose-Rainer-art3.jpeg?resize=300%2C300&amp;ssl=1 300w, https:\/\/i0.wp.com\/casadecampoliving.com\/wp-content\/uploads\/2023\/09\/Jose-Rainer-art3.jpeg?resize=150%2C150&amp;ssl=1 150w, https:\/\/i0.wp.com\/casadecampoliving.com\/wp-content\/uploads\/2023\/09\/Jose-Rainer-art3.jpeg?resize=768%2C768&amp;ssl=1 768w, https:\/\/i0.wp.com\/casadecampoliving.com\/wp-content\/uploads\/2023\/09\/Jose-Rainer-art3.jpeg?resize=1536%2C1536&amp;ssl=1 1536w, https:\/\/i0.wp.com\/casadecampoliving.com\/wp-content\/uploads\/2023\/09\/Jose-Rainer-art3.jpeg?resize=1200%2C1199&amp;ssl=1 1200w, https:\/\/i0.wp.com\/casadecampoliving.com\/wp-content\/uploads\/2023\/09\/Jose-Rainer-art3.jpeg?resize=800%2C800&amp;ssl=1 800w, https:\/\/i0.wp.com\/casadecampoliving.com\/wp-content\/uploads\/2023\/09\/Jose-Rainer-art3.jpeg?resize=600%2C600&amp;ssl=1 600w, https:\/\/i0.wp.com\/casadecampoliving.com\/wp-content\/uploads\/2023\/09\/Jose-Rainer-art3.jpeg?resize=400%2C400&amp;ssl=1 400w, https:\/\/i0.wp.com\/casadecampoliving.com\/wp-content\/uploads\/2023\/09\/Jose-Rainer-art3.jpeg?resize=200%2C200&amp;ssl=1 200w, https:\/\/i0.wp.com\/casadecampoliving.com\/wp-content\/uploads\/2023\/09\/Jose-Rainer-art3.jpeg?resize=1568%2C1567&amp;ssl=1 1568w, https:\/\/i0.wp.com\/casadecampoliving.com\/wp-content\/uploads\/2023\/09\/Jose-Rainer-art3.jpeg?resize=1320%2C1319&amp;ssl=1 1320w, https:\/\/i0.wp.com\/casadecampoliving.com\/wp-content\/uploads\/2023\/09\/Jose-Rainer-art3.jpeg?resize=96%2C96&amp;ssl=1 96w, https:\/\/i0.wp.com\/casadecampoliving.com\/wp-content\/uploads\/2023\/09\/Jose-Rainer-art3.jpeg?w=1600&amp;ssl=1 1600w, https:\/\/i0.wp.com\/casadecampoliving.com\/wp-content\/uploads\/2023\/09\/Jose-Rainer-art3-1024x1024.jpeg?w=370&amp;ssl=1 370w\" sizes=\"auto, (max-width: 1000px) 100vw, 1000px\" \/><\/figure><div class=\"wp-block-media-text__content\">\n<p>Con una inclinaci\u00f3n por enfoques experimentales y en constante evoluci\u00f3n, Rainer emplea diversas herramientas y t\u00e9cnicas digitales para crear obras de arte originales. Su trayecto art\u00edstico, marcado por la espontaneidad y la imaginaci\u00f3n, ofrece a los espectadores un portal a un mundo alternativo donde lo impensable se vuelve tangible a trav\u00e9s de una impresionante exhibici\u00f3n de colores brillantes y provocativos.<\/p>\n\n\n\n<p>La exposici\u00f3n consta de 21 piezas que capturan la rebeld\u00eda perpetua y la inquebrantable no conformidad que alimentan las empresas art\u00edsticas de Rainer. Cada obra es un testimonio \u00fanico e irrepetible de su firme compromiso de empujar los l\u00edmites de la creatividad.<\/p>\n<\/div><\/div>\n\n\n\n<p>Del 29 de septiembre al 30 de octubre de 2023, los entusiastas del arte y aficionados podr\u00e1n sumergirse en la exposici\u00f3n \u00abAbstracci\u00f3n Espont\u00e1nea\u00bb. WAO Galer\u00eda &amp; Centro Cultural da la bienvenida a los visitantes de mi\u00e9rcoles a s\u00e1bado, de 9:00 a.m. a 9:00 p.m., y los domingos y martes de 9:00 a.m. a 5:00 p.m. La galer\u00eda permanecer\u00e1 cerrada los lunes.<\/p>\n\n\n\n<p>El Patronato Ben\u00e9fico Oriental, Inc. (PBO) contin\u00faa respaldando iniciativas sostenibles de impacto social, reafirmando su compromiso de promover la cultura. La colaboraci\u00f3n de PBO con WAO Chav\u00f3n, que abarca el WAO Innovation HUB, WAO Galer\u00eda &amp; Centro Cultural y el Museo Arqueol\u00f3gico Regional Altos de Chav\u00f3n, refuerza su dedicaci\u00f3n a fomentar valores como el respeto, la solidaridad, la integridad y la igualdad de oportunidades en comunidades vulnerables a trav\u00e9s de programas de empoderamiento comunitario.<\/p>\n\n\n<div class=\"wp-block-image\">\n<figure class=\"aligncenter size-large\"><img data-recalc-dims=\"1\" loading=\"lazy\" decoding=\"async\" width=\"1024\" height=\"1024\" src=\"https:\/\/i0.wp.com\/casadecampoliving.com\/wp-content\/uploads\/2023\/09\/Jose-Rainer-Art.jpeg?resize=1024%2C1024&#038;ssl=1\" alt=\"\" class=\"wp-image-522286\" srcset=\"https:\/\/i0.wp.com\/casadecampoliving.com\/wp-content\/uploads\/2023\/09\/Jose-Rainer-Art.jpeg?resize=1024%2C1024&amp;ssl=1 1024w, https:\/\/i0.wp.com\/casadecampoliving.com\/wp-content\/uploads\/2023\/09\/Jose-Rainer-Art.jpeg?resize=300%2C300&amp;ssl=1 300w, https:\/\/i0.wp.com\/casadecampoliving.com\/wp-content\/uploads\/2023\/09\/Jose-Rainer-Art.jpeg?resize=150%2C150&amp;ssl=1 150w, https:\/\/i0.wp.com\/casadecampoliving.com\/wp-content\/uploads\/2023\/09\/Jose-Rainer-Art.jpeg?resize=768%2C768&amp;ssl=1 768w, https:\/\/i0.wp.com\/casadecampoliving.com\/wp-content\/uploads\/2023\/09\/Jose-Rainer-Art.jpeg?resize=800%2C800&amp;ssl=1 800w, https:\/\/i0.wp.com\/casadecampoliving.com\/wp-content\/uploads\/2023\/09\/Jose-Rainer-Art.jpeg?resize=600%2C600&amp;ssl=1 600w, https:\/\/i0.wp.com\/casadecampoliving.com\/wp-content\/uploads\/2023\/09\/Jose-Rainer-Art.jpeg?resize=400%2C400&amp;ssl=1 400w, https:\/\/i0.wp.com\/casadecampoliving.com\/wp-content\/uploads\/2023\/09\/Jose-Rainer-Art.jpeg?resize=200%2C200&amp;ssl=1 200w, https:\/\/i0.wp.com\/casadecampoliving.com\/wp-content\/uploads\/2023\/09\/Jose-Rainer-Art.jpeg?resize=96%2C96&amp;ssl=1 96w, https:\/\/i0.wp.com\/casadecampoliving.com\/wp-content\/uploads\/2023\/09\/Jose-Rainer-Art.jpeg?w=1080&amp;ssl=1 1080w, https:\/\/i0.wp.com\/casadecampoliving.com\/wp-content\/uploads\/2023\/09\/Jose-Rainer-Art-1024x1024.jpeg?w=370&amp;ssl=1 370w\" sizes=\"auto, (max-width: 1000px) 100vw, 1000px\" \/><\/figure>\n<\/div>\n\n\n<div class=\"wp-block-group is-style-border has-light-gray-background-color has-background\"><div class=\"wp-block-group__inner-container is-layout-constrained wp-block-group-is-layout-constrained\">\n<h3 class=\"wp-block-heading\">Acerca del Artista:<\/h3>\n\n\n\n<p>Jos\u00e9 Rainer, un artista multifac\u00e9tico, director de arte y dise\u00f1ador gr\u00e1fico, ve el mundo a trav\u00e9s del prisma del arte. Su amplia experiencia abarca todos los aspectos de la industria de la publicidad y el dise\u00f1o, desde los primeros pasos hasta convertirse en propietario de su propio negocio. Adem\u00e1s, Rainer ha ocupado el lado del cliente en el negocio, sirviendo como asesor y consejero de su agencia de publicidad. La reinversi\u00f3n es un requisito diario en este campo exigente, un testimonio de su firme compromiso con el crecimiento art\u00edstico.<\/p>\n<\/div><\/div>\n","protected":false},"excerpt":{"rendered":"<p>WAO Galer\u00eda &amp; Centro Cultural les invita cordialmente a la inauguraci\u00f3n de la exposici\u00f3n \u00abAbstracci\u00f3n Espont\u00e1nea\u00bb del artista digital Jos\u00e9 Rainer el 29 de septiembre. Esta exposici\u00f3n combina de manera fluida la pasi\u00f3n de Rainer por crear arte abstracto, fusionando h\u00e1bilmente formas y colores para evocar emociones y sentimientos en el observador perspicaz. Con una [&hellip;]<\/p>\n","protected":false},"author":36791,"featured_media":522291,"comment_status":"closed","ping_status":"closed","sticky":false,"template":"","format":"standard","meta":{"newspack_ads_suppress_ads":false,"newspack_popups_has_disabled_popups":false,"newspack_sponsor_sponsorship_scope":"","newspack_sponsor_native_byline_display":"inherit","newspack_sponsor_native_category_display":"inherit","newspack_sponsor_underwriter_style":"inherit","newspack_sponsor_underwriter_placement":"inherit","_newspack_byline_active":false,"_newspack_byline":"","newspack_hide_updated_date":false,"newspack_show_updated_date":false,"newspack_content_restriction_is_exempt":false,"newspack_featured_image_position":"large","newspack_post_subtitle":"","newspack_article_summary_title":"Overview:","newspack_article_summary":"","_jetpack_memberships_contains_paid_content":false,"footnotes":"","jetpack_publicize_message":"","jetpack_publicize_feature_enabled":true,"jetpack_social_post_already_shared":false,"jetpack_social_options":{"image_generator_settings":{"template":"highway","default_image_id":0,"font":"","enabled":false},"version":2},"_wpas_customize_per_network":false},"categories":[26577,24554,2522,2521],"tags":[3575,15387,27100,3469,2575,24346,15091,27001],"newspack_spnsrs_tax":[],"class_list":["post-522293","post","type-post","status-publish","format-standard","has-post-thumbnail","hentry","category-altos-de-chavon-6","category-comunidad","category-eventos-es","category-republica-dominicana-2","tag-altos-de-chavon-es-2","tag-altos-de-chavon-es","tag-altos-de-chavon-es-7","tag-arte-y-cultura","tag-comunidad-de-casa-de-campo","tag-featured-es","tag-proximamente","tag-wao-galeria","entry"],"yoast_head":"<!-- This site is optimized with the Yoast SEO plugin v27.5 - https:\/\/yoast.com\/product\/yoast-seo-wordpress\/ -->\n<title>WAO Galer\u00eda presenta &quot;Abstracci\u00f3n Espont\u00e1nea&quot; por el artista digital Jos\u00e9 Rainer | Casa de Campo Living<\/title>\n<meta name=\"description\" content=\"WAO Galer\u00eda &amp; Centro Cultural les invita cordialmente a la inauguraci\u00f3n de la exposici\u00f3n &quot;Abstracci\u00f3n Espont\u00e1nea&quot; del artista digital Jos\u00e9 Rainer el\" \/>\n<meta name=\"robots\" content=\"index, follow, max-snippet:-1, max-image-preview:large, max-video-preview:-1\" \/>\n<link rel=\"canonical\" href=\"https:\/\/casadecampoliving.com\/es\/wao-galeria-presenta-abstraccion-espontanea-por-el-artista-digital-jose-rainer\/\" \/>\n<meta property=\"og:locale\" content=\"es_ES\" \/>\n<meta property=\"og:type\" content=\"article\" \/>\n<meta property=\"og:title\" content=\"WAO Galer\u00eda presenta &quot;Abstracci\u00f3n Espont\u00e1nea&quot; por el artista digital Jos\u00e9 Rainer | Casa de Campo Living\" \/>\n<meta property=\"og:description\" content=\"WAO Galer\u00eda &amp; Centro Cultural les invita cordialmente a la inauguraci\u00f3n de la exposici\u00f3n &quot;Abstracci\u00f3n Espont\u00e1nea&quot; del artista digital Jos\u00e9 Rainer el\" \/>\n<meta property=\"og:url\" content=\"https:\/\/casadecampoliving.com\/es\/wao-galeria-presenta-abstraccion-espontanea-por-el-artista-digital-jose-rainer\/\" \/>\n<meta property=\"og:site_name\" content=\"Casa de Campo Living\" \/>\n<meta property=\"article:publisher\" content=\"https:\/\/www.facebook.com\/casadecampoliving\" \/>\n<meta property=\"article:published_time\" content=\"2023-09-20T19:56:27+00:00\" \/>\n<meta property=\"article:modified_time\" content=\"2023-09-20T20:13:17+00:00\" \/>\n<meta property=\"og:image\" content=\"https:\/\/casadecampoliving.com\/wp-content\/uploads\/2023\/09\/Jose-Rainer-Featured.png\" \/>\n\t<meta property=\"og:image:width\" content=\"1200\" \/>\n\t<meta property=\"og:image:height\" content=\"800\" \/>\n\t<meta property=\"og:image:type\" content=\"image\/png\" \/>\n<meta name=\"author\" content=\"Casa de Campo Living\" \/>\n<meta name=\"twitter:card\" content=\"summary_large_image\" \/>\n<meta name=\"twitter:creator\" content=\"@cdcliving\" \/>\n<meta name=\"twitter:site\" content=\"@cdcliving\" \/>\n<meta name=\"twitter:label1\" content=\"Escrito por\" \/>\n\t<meta name=\"twitter:data1\" content=\"Casa de Campo Living\" \/>\n\t<meta name=\"twitter:label2\" content=\"Tiempo de lectura\" \/>\n\t<meta name=\"twitter:data2\" content=\"3 minutos\" \/>\n<script type=\"application\/ld+json\" class=\"yoast-schema-graph\">{\"@context\":\"https:\\\/\\\/schema.org\",\"@graph\":[{\"@type\":\"Article\",\"@id\":\"https:\\\/\\\/casadecampoliving.com\\\/es\\\/wao-galeria-presenta-abstraccion-espontanea-por-el-artista-digital-jose-rainer\\\/#article\",\"isPartOf\":{\"@id\":\"https:\\\/\\\/casadecampoliving.com\\\/es\\\/wao-galeria-presenta-abstraccion-espontanea-por-el-artista-digital-jose-rainer\\\/\"},\"author\":{\"name\":\"Casa de Campo Living\",\"@id\":\"https:\\\/\\\/casadecampoliving.com\\\/es\\\/#\\\/schema\\\/person\\\/5d2171637a9d11e0e43ce6b8555f9422\"},\"headline\":\"WAO Galer\u00eda presenta \u00abAbstracci\u00f3n Espont\u00e1nea\u00bb por el artista digital Jos\u00e9 Rainer\",\"datePublished\":\"2023-09-20T19:56:27+00:00\",\"dateModified\":\"2023-09-20T20:13:17+00:00\",\"mainEntityOfPage\":{\"@id\":\"https:\\\/\\\/casadecampoliving.com\\\/es\\\/wao-galeria-presenta-abstraccion-espontanea-por-el-artista-digital-jose-rainer\\\/\"},\"wordCount\":435,\"publisher\":{\"@id\":\"https:\\\/\\\/casadecampoliving.com\\\/es\\\/#organization\"},\"image\":{\"@id\":\"https:\\\/\\\/casadecampoliving.com\\\/es\\\/wao-galeria-presenta-abstraccion-espontanea-por-el-artista-digital-jose-rainer\\\/#primaryimage\"},\"thumbnailUrl\":\"https:\\\/\\\/i0.wp.com\\\/casadecampoliving.com\\\/wp-content\\\/uploads\\\/2023\\\/09\\\/Jose-Rainer-Featured.png?fit=1200%2C800&ssl=1\",\"keywords\":[\"Altos de Chavon -es\",\"Altos de Chavon\",\"Altos de Chav\u00f3n @es\",\"arte y cultura\",\"comunidad de casa de campo\",\"Featured\",\"Proximamente\",\"wao galeria\"],\"articleSection\":[\"Altos de Chav\u00f3n\",\"Comunidad\",\"Eventos\",\"Rep\u00fablica Dominicana @es\"],\"inLanguage\":\"es\"},{\"@type\":\"WebPage\",\"@id\":\"https:\\\/\\\/casadecampoliving.com\\\/es\\\/wao-galeria-presenta-abstraccion-espontanea-por-el-artista-digital-jose-rainer\\\/\",\"url\":\"https:\\\/\\\/casadecampoliving.com\\\/es\\\/wao-galeria-presenta-abstraccion-espontanea-por-el-artista-digital-jose-rainer\\\/\",\"name\":\"WAO Galer\u00eda presenta \\\"Abstracci\u00f3n Espont\u00e1nea\\\" por el artista digital Jos\u00e9 Rainer | Casa de Campo Living\",\"isPartOf\":{\"@id\":\"https:\\\/\\\/casadecampoliving.com\\\/es\\\/#website\"},\"primaryImageOfPage\":{\"@id\":\"https:\\\/\\\/casadecampoliving.com\\\/es\\\/wao-galeria-presenta-abstraccion-espontanea-por-el-artista-digital-jose-rainer\\\/#primaryimage\"},\"image\":{\"@id\":\"https:\\\/\\\/casadecampoliving.com\\\/es\\\/wao-galeria-presenta-abstraccion-espontanea-por-el-artista-digital-jose-rainer\\\/#primaryimage\"},\"thumbnailUrl\":\"https:\\\/\\\/i0.wp.com\\\/casadecampoliving.com\\\/wp-content\\\/uploads\\\/2023\\\/09\\\/Jose-Rainer-Featured.png?fit=1200%2C800&ssl=1\",\"datePublished\":\"2023-09-20T19:56:27+00:00\",\"dateModified\":\"2023-09-20T20:13:17+00:00\",\"description\":\"WAO Galer\u00eda &amp; Centro Cultural les invita cordialmente a la inauguraci\u00f3n de la exposici\u00f3n \\\"Abstracci\u00f3n Espont\u00e1nea\\\" del artista digital Jos\u00e9 Rainer el\",\"breadcrumb\":{\"@id\":\"https:\\\/\\\/casadecampoliving.com\\\/es\\\/wao-galeria-presenta-abstraccion-espontanea-por-el-artista-digital-jose-rainer\\\/#breadcrumb\"},\"inLanguage\":\"es\",\"potentialAction\":[{\"@type\":\"ReadAction\",\"target\":[\"https:\\\/\\\/casadecampoliving.com\\\/es\\\/wao-galeria-presenta-abstraccion-espontanea-por-el-artista-digital-jose-rainer\\\/\"]}]},{\"@type\":\"ImageObject\",\"inLanguage\":\"es\",\"@id\":\"https:\\\/\\\/casadecampoliving.com\\\/es\\\/wao-galeria-presenta-abstraccion-espontanea-por-el-artista-digital-jose-rainer\\\/#primaryimage\",\"url\":\"https:\\\/\\\/i0.wp.com\\\/casadecampoliving.com\\\/wp-content\\\/uploads\\\/2023\\\/09\\\/Jose-Rainer-Featured.png?fit=1200%2C800&ssl=1\",\"contentUrl\":\"https:\\\/\\\/i0.wp.com\\\/casadecampoliving.com\\\/wp-content\\\/uploads\\\/2023\\\/09\\\/Jose-Rainer-Featured.png?fit=1200%2C800&ssl=1\",\"width\":1200,\"height\":800},{\"@type\":\"BreadcrumbList\",\"@id\":\"https:\\\/\\\/casadecampoliving.com\\\/es\\\/wao-galeria-presenta-abstraccion-espontanea-por-el-artista-digital-jose-rainer\\\/#breadcrumb\",\"itemListElement\":[{\"@type\":\"ListItem\",\"position\":1,\"name\":\"Home\",\"item\":\"https:\\\/\\\/casadecampoliving.com\\\/es\\\/\"},{\"@type\":\"ListItem\",\"position\":2,\"name\":\"WAO Galer\u00eda presenta &#8220;Abstracci\u00f3n Espont\u00e1nea&#8221; por el artista digital Jos\u00e9 Rainer\"}]},{\"@type\":\"WebSite\",\"@id\":\"https:\\\/\\\/casadecampoliving.com\\\/es\\\/#website\",\"url\":\"https:\\\/\\\/casadecampoliving.com\\\/es\\\/\",\"name\":\"Casa de Campo Living\",\"description\":\"Resort community news and resources.\",\"publisher\":{\"@id\":\"https:\\\/\\\/casadecampoliving.com\\\/es\\\/#organization\"},\"potentialAction\":[{\"@type\":\"SearchAction\",\"target\":{\"@type\":\"EntryPoint\",\"urlTemplate\":\"https:\\\/\\\/casadecampoliving.com\\\/es\\\/?s={search_term_string}\"},\"query-input\":{\"@type\":\"PropertyValueSpecification\",\"valueRequired\":true,\"valueName\":\"search_term_string\"}}],\"inLanguage\":\"es\"},{\"@type\":\"Organization\",\"@id\":\"https:\\\/\\\/casadecampoliving.com\\\/es\\\/#organization\",\"name\":\"Casa de Campo Living\",\"url\":\"https:\\\/\\\/casadecampoliving.com\\\/es\\\/\",\"logo\":{\"@type\":\"ImageObject\",\"inLanguage\":\"es\",\"@id\":\"https:\\\/\\\/casadecampoliving.com\\\/es\\\/#\\\/schema\\\/logo\\\/image\\\/\",\"url\":\"https:\\\/\\\/i0.wp.com\\\/casadecampoliving.com\\\/wp-content\\\/uploads\\\/2022\\\/07\\\/CDCLivingLogo_V1-white-sized.png?fit=800%2C214&ssl=1\",\"contentUrl\":\"https:\\\/\\\/i0.wp.com\\\/casadecampoliving.com\\\/wp-content\\\/uploads\\\/2022\\\/07\\\/CDCLivingLogo_V1-white-sized.png?fit=800%2C214&ssl=1\",\"width\":800,\"height\":214,\"caption\":\"Casa de Campo Living\"},\"image\":{\"@id\":\"https:\\\/\\\/casadecampoliving.com\\\/es\\\/#\\\/schema\\\/logo\\\/image\\\/\"},\"sameAs\":[\"https:\\\/\\\/www.facebook.com\\\/casadecampoliving\",\"https:\\\/\\\/x.com\\\/cdcliving\"]},{\"@type\":\"Person\",\"@id\":\"https:\\\/\\\/casadecampoliving.com\\\/es\\\/#\\\/schema\\\/person\\\/5d2171637a9d11e0e43ce6b8555f9422\",\"name\":\"Casa de Campo Living\",\"image\":{\"@type\":\"ImageObject\",\"inLanguage\":\"es\",\"@id\":\"https:\\\/\\\/secure.gravatar.com\\\/avatar\\\/d04101fa4a9fd431e939953b1500fdc7a73cd35029f86d98712fd8ccdaebaf9a?s=96&d=mm&r=g\",\"url\":\"https:\\\/\\\/secure.gravatar.com\\\/avatar\\\/d04101fa4a9fd431e939953b1500fdc7a73cd35029f86d98712fd8ccdaebaf9a?s=96&d=mm&r=g\",\"contentUrl\":\"https:\\\/\\\/secure.gravatar.com\\\/avatar\\\/d04101fa4a9fd431e939953b1500fdc7a73cd35029f86d98712fd8ccdaebaf9a?s=96&d=mm&r=g\",\"caption\":\"Casa de Campo Living\"},\"url\":\"https:\\\/\\\/casadecampoliving.com\\\/es\\\/author\\\/casa-de-campo-living\\\/\"}]}<\/script>\n<!-- \/ Yoast SEO plugin. -->","yoast_head_json":{"title":"WAO Galer\u00eda presenta \"Abstracci\u00f3n Espont\u00e1nea\" por el artista digital Jos\u00e9 Rainer | Casa de Campo Living","description":"WAO Galer\u00eda &amp; Centro Cultural les invita cordialmente a la inauguraci\u00f3n de la exposici\u00f3n \"Abstracci\u00f3n Espont\u00e1nea\" del artista digital Jos\u00e9 Rainer el","robots":{"index":"index","follow":"follow","max-snippet":"max-snippet:-1","max-image-preview":"max-image-preview:large","max-video-preview":"max-video-preview:-1"},"canonical":"https:\/\/casadecampoliving.com\/es\/wao-galeria-presenta-abstraccion-espontanea-por-el-artista-digital-jose-rainer\/","og_locale":"es_ES","og_type":"article","og_title":"WAO Galer\u00eda presenta \"Abstracci\u00f3n Espont\u00e1nea\" por el artista digital Jos\u00e9 Rainer | Casa de Campo Living","og_description":"WAO Galer\u00eda &amp; Centro Cultural les invita cordialmente a la inauguraci\u00f3n de la exposici\u00f3n \"Abstracci\u00f3n Espont\u00e1nea\" del artista digital Jos\u00e9 Rainer el","og_url":"https:\/\/casadecampoliving.com\/es\/wao-galeria-presenta-abstraccion-espontanea-por-el-artista-digital-jose-rainer\/","og_site_name":"Casa de Campo Living","article_publisher":"https:\/\/www.facebook.com\/casadecampoliving","article_published_time":"2023-09-20T19:56:27+00:00","article_modified_time":"2023-09-20T20:13:17+00:00","og_image":[{"width":1200,"height":800,"url":"https:\/\/casadecampoliving.com\/wp-content\/uploads\/2023\/09\/Jose-Rainer-Featured.png","type":"image\/png"}],"author":"Casa de Campo Living","twitter_card":"summary_large_image","twitter_creator":"@cdcliving","twitter_site":"@cdcliving","twitter_misc":{"Escrito por":"Casa de Campo Living","Tiempo de lectura":"3 minutos"},"schema":{"@context":"https:\/\/schema.org","@graph":[{"@type":"Article","@id":"https:\/\/casadecampoliving.com\/es\/wao-galeria-presenta-abstraccion-espontanea-por-el-artista-digital-jose-rainer\/#article","isPartOf":{"@id":"https:\/\/casadecampoliving.com\/es\/wao-galeria-presenta-abstraccion-espontanea-por-el-artista-digital-jose-rainer\/"},"author":{"name":"Casa de Campo Living","@id":"https:\/\/casadecampoliving.com\/es\/#\/schema\/person\/5d2171637a9d11e0e43ce6b8555f9422"},"headline":"WAO Galer\u00eda presenta \u00abAbstracci\u00f3n Espont\u00e1nea\u00bb por el artista digital Jos\u00e9 Rainer","datePublished":"2023-09-20T19:56:27+00:00","dateModified":"2023-09-20T20:13:17+00:00","mainEntityOfPage":{"@id":"https:\/\/casadecampoliving.com\/es\/wao-galeria-presenta-abstraccion-espontanea-por-el-artista-digital-jose-rainer\/"},"wordCount":435,"publisher":{"@id":"https:\/\/casadecampoliving.com\/es\/#organization"},"image":{"@id":"https:\/\/casadecampoliving.com\/es\/wao-galeria-presenta-abstraccion-espontanea-por-el-artista-digital-jose-rainer\/#primaryimage"},"thumbnailUrl":"https:\/\/i0.wp.com\/casadecampoliving.com\/wp-content\/uploads\/2023\/09\/Jose-Rainer-Featured.png?fit=1200%2C800&ssl=1","keywords":["Altos de Chavon -es","Altos de Chavon","Altos de Chav\u00f3n @es","arte y cultura","comunidad de casa de campo","Featured","Proximamente","wao galeria"],"articleSection":["Altos de Chav\u00f3n","Comunidad","Eventos","Rep\u00fablica Dominicana @es"],"inLanguage":"es"},{"@type":"WebPage","@id":"https:\/\/casadecampoliving.com\/es\/wao-galeria-presenta-abstraccion-espontanea-por-el-artista-digital-jose-rainer\/","url":"https:\/\/casadecampoliving.com\/es\/wao-galeria-presenta-abstraccion-espontanea-por-el-artista-digital-jose-rainer\/","name":"WAO Galer\u00eda presenta \"Abstracci\u00f3n Espont\u00e1nea\" por el artista digital Jos\u00e9 Rainer | Casa de Campo Living","isPartOf":{"@id":"https:\/\/casadecampoliving.com\/es\/#website"},"primaryImageOfPage":{"@id":"https:\/\/casadecampoliving.com\/es\/wao-galeria-presenta-abstraccion-espontanea-por-el-artista-digital-jose-rainer\/#primaryimage"},"image":{"@id":"https:\/\/casadecampoliving.com\/es\/wao-galeria-presenta-abstraccion-espontanea-por-el-artista-digital-jose-rainer\/#primaryimage"},"thumbnailUrl":"https:\/\/i0.wp.com\/casadecampoliving.com\/wp-content\/uploads\/2023\/09\/Jose-Rainer-Featured.png?fit=1200%2C800&ssl=1","datePublished":"2023-09-20T19:56:27+00:00","dateModified":"2023-09-20T20:13:17+00:00","description":"WAO Galer\u00eda &amp; Centro Cultural les invita cordialmente a la inauguraci\u00f3n de la exposici\u00f3n \"Abstracci\u00f3n Espont\u00e1nea\" del artista digital Jos\u00e9 Rainer el","breadcrumb":{"@id":"https:\/\/casadecampoliving.com\/es\/wao-galeria-presenta-abstraccion-espontanea-por-el-artista-digital-jose-rainer\/#breadcrumb"},"inLanguage":"es","potentialAction":[{"@type":"ReadAction","target":["https:\/\/casadecampoliving.com\/es\/wao-galeria-presenta-abstraccion-espontanea-por-el-artista-digital-jose-rainer\/"]}]},{"@type":"ImageObject","inLanguage":"es","@id":"https:\/\/casadecampoliving.com\/es\/wao-galeria-presenta-abstraccion-espontanea-por-el-artista-digital-jose-rainer\/#primaryimage","url":"https:\/\/i0.wp.com\/casadecampoliving.com\/wp-content\/uploads\/2023\/09\/Jose-Rainer-Featured.png?fit=1200%2C800&ssl=1","contentUrl":"https:\/\/i0.wp.com\/casadecampoliving.com\/wp-content\/uploads\/2023\/09\/Jose-Rainer-Featured.png?fit=1200%2C800&ssl=1","width":1200,"height":800},{"@type":"BreadcrumbList","@id":"https:\/\/casadecampoliving.com\/es\/wao-galeria-presenta-abstraccion-espontanea-por-el-artista-digital-jose-rainer\/#breadcrumb","itemListElement":[{"@type":"ListItem","position":1,"name":"Home","item":"https:\/\/casadecampoliving.com\/es\/"},{"@type":"ListItem","position":2,"name":"WAO Galer\u00eda presenta &#8220;Abstracci\u00f3n Espont\u00e1nea&#8221; por el artista digital Jos\u00e9 Rainer"}]},{"@type":"WebSite","@id":"https:\/\/casadecampoliving.com\/es\/#website","url":"https:\/\/casadecampoliving.com\/es\/","name":"Casa de Campo Living","description":"Resort community news and resources.","publisher":{"@id":"https:\/\/casadecampoliving.com\/es\/#organization"},"potentialAction":[{"@type":"SearchAction","target":{"@type":"EntryPoint","urlTemplate":"https:\/\/casadecampoliving.com\/es\/?s={search_term_string}"},"query-input":{"@type":"PropertyValueSpecification","valueRequired":true,"valueName":"search_term_string"}}],"inLanguage":"es"},{"@type":"Organization","@id":"https:\/\/casadecampoliving.com\/es\/#organization","name":"Casa de Campo Living","url":"https:\/\/casadecampoliving.com\/es\/","logo":{"@type":"ImageObject","inLanguage":"es","@id":"https:\/\/casadecampoliving.com\/es\/#\/schema\/logo\/image\/","url":"https:\/\/i0.wp.com\/casadecampoliving.com\/wp-content\/uploads\/2022\/07\/CDCLivingLogo_V1-white-sized.png?fit=800%2C214&ssl=1","contentUrl":"https:\/\/i0.wp.com\/casadecampoliving.com\/wp-content\/uploads\/2022\/07\/CDCLivingLogo_V1-white-sized.png?fit=800%2C214&ssl=1","width":800,"height":214,"caption":"Casa de Campo Living"},"image":{"@id":"https:\/\/casadecampoliving.com\/es\/#\/schema\/logo\/image\/"},"sameAs":["https:\/\/www.facebook.com\/casadecampoliving","https:\/\/x.com\/cdcliving"]},{"@type":"Person","@id":"https:\/\/casadecampoliving.com\/es\/#\/schema\/person\/5d2171637a9d11e0e43ce6b8555f9422","name":"Casa de Campo Living","image":{"@type":"ImageObject","inLanguage":"es","@id":"https:\/\/secure.gravatar.com\/avatar\/d04101fa4a9fd431e939953b1500fdc7a73cd35029f86d98712fd8ccdaebaf9a?s=96&d=mm&r=g","url":"https:\/\/secure.gravatar.com\/avatar\/d04101fa4a9fd431e939953b1500fdc7a73cd35029f86d98712fd8ccdaebaf9a?s=96&d=mm&r=g","contentUrl":"https:\/\/secure.gravatar.com\/avatar\/d04101fa4a9fd431e939953b1500fdc7a73cd35029f86d98712fd8ccdaebaf9a?s=96&d=mm&r=g","caption":"Casa de Campo Living"},"url":"https:\/\/casadecampoliving.com\/es\/author\/casa-de-campo-living\/"}]}},"parsely":{"version":"1.1.0","canonical_url":"https:\/\/casadecampoliving.com\/es\/wao-galeria-presenta-abstraccion-espontanea-por-el-artista-digital-jose-rainer\/","smart_links":{"inbound":0,"outbound":0},"traffic_boost_suggestions_count":0,"meta":{"@context":"https:\/\/schema.org","@type":"NewsArticle","headline":"WAO Galer\u00eda presenta \u00abAbstracci\u00f3n Espont\u00e1nea\u00bb por el artista digital Jos\u00e9 Rainer","url":"http:\/\/casadecampoliving.com\/es\/wao-galeria-presenta-abstraccion-espontanea-por-el-artista-digital-jose-rainer\/","mainEntityOfPage":{"@type":"WebPage","@id":"http:\/\/casadecampoliving.com\/es\/wao-galeria-presenta-abstraccion-espontanea-por-el-artista-digital-jose-rainer\/"},"thumbnailUrl":"https:\/\/i0.wp.com\/casadecampoliving.com\/wp-content\/uploads\/2023\/09\/Jose-Rainer-Featured.png?resize=150%2C150&ssl=1","image":{"@type":"ImageObject","url":"https:\/\/i0.wp.com\/casadecampoliving.com\/wp-content\/uploads\/2023\/09\/Jose-Rainer-Featured.png?fit=1200%2C800&ssl=1"},"articleSection":"Altos de Chav\u00f3n","author":[{"@type":"Person","name":"Casa de Campo Living"}],"creator":["Casa de Campo Living"],"publisher":{"@type":"Organization","name":"Casa de Campo Living","logo":"https:\/\/casadecampoliving.com\/wp-content\/uploads\/2022\/07\/CDCLivingLogo_V1-white-sized.png"},"keywords":["altos de chavon","altos de chavon -es","altos de chav\u00f3n @es","arte y cultura","comunidad de casa de campo","featured","proximamente","wao galeria"],"dateCreated":"2023-09-20T19:56:27Z","datePublished":"2023-09-20T19:56:27Z","dateModified":"2023-09-20T20:13:17Z"},"rendered":"<script type=\"application\/ld+json\" class=\"wp-parsely-metadata\">{\"@context\":\"https:\\\/\\\/schema.org\",\"@type\":\"NewsArticle\",\"headline\":\"WAO Galer\\u00eda presenta \\u00abAbstracci\\u00f3n Espont\\u00e1nea\\u00bb por el artista digital Jos\\u00e9 Rainer\",\"url\":\"http:\\\/\\\/casadecampoliving.com\\\/es\\\/wao-galeria-presenta-abstraccion-espontanea-por-el-artista-digital-jose-rainer\\\/\",\"mainEntityOfPage\":{\"@type\":\"WebPage\",\"@id\":\"http:\\\/\\\/casadecampoliving.com\\\/es\\\/wao-galeria-presenta-abstraccion-espontanea-por-el-artista-digital-jose-rainer\\\/\"},\"thumbnailUrl\":\"https:\\\/\\\/i0.wp.com\\\/casadecampoliving.com\\\/wp-content\\\/uploads\\\/2023\\\/09\\\/Jose-Rainer-Featured.png?resize=150%2C150&ssl=1\",\"image\":{\"@type\":\"ImageObject\",\"url\":\"https:\\\/\\\/i0.wp.com\\\/casadecampoliving.com\\\/wp-content\\\/uploads\\\/2023\\\/09\\\/Jose-Rainer-Featured.png?fit=1200%2C800&ssl=1\"},\"articleSection\":\"Altos de Chav\\u00f3n\",\"author\":[{\"@type\":\"Person\",\"name\":\"Casa de Campo Living\"}],\"creator\":[\"Casa de Campo Living\"],\"publisher\":{\"@type\":\"Organization\",\"name\":\"Casa de Campo Living\",\"logo\":\"https:\\\/\\\/casadecampoliving.com\\\/wp-content\\\/uploads\\\/2022\\\/07\\\/CDCLivingLogo_V1-white-sized.png\"},\"keywords\":[\"altos de chavon\",\"altos de chavon -es\",\"altos de chav\\u00f3n @es\",\"arte y cultura\",\"comunidad de casa de campo\",\"featured\",\"proximamente\",\"wao galeria\"],\"dateCreated\":\"2023-09-20T19:56:27Z\",\"datePublished\":\"2023-09-20T19:56:27Z\",\"dateModified\":\"2023-09-20T20:13:17Z\"}<\/script>","tracker_url":"https:\/\/cdn.parsely.com\/keys\/casadecampoliving.com\/p.js"},"jetpack_publicize_connections":[],"jetpack_featured_media_url":"https:\/\/i0.wp.com\/casadecampoliving.com\/wp-content\/uploads\/2023\/09\/Jose-Rainer-Featured.png?fit=1200%2C800&ssl=1","jetpack-related-posts":[{"id":522858,"url":"https:\/\/casadecampoliving.com\/es\/la-wao-galeria-centro-cultural-presenta-abstraccion-espontanea-del-artista-jose-rainer\/","url_meta":{"origin":522293,"position":0},"title":"WAO Galer\u00eda &#038; Centro Cultural presenta \u00abAbstracci\u00f3n Espont\u00e1nea\u00bb del artista Jos\u00e9 Rainer","author":"Casa de Campo Living","date":"2 Oct, 2023","format":false,"excerpt":"Con un rotundo \u00e9xito WAO Galer\u00eda & Centro cultural dio apertura el pasado Viernes 29 de Septiembre a la exposici\u00f3n\u00a0\u201cAbstracci\u00f3n Espont\u00e1nea\u201d\u00a0del artista Jos\u00e9 Rainer. 24 obras se muestran de manera magistral en la sala principal de WAO Galer\u00eda y Centro Cultural, 23 de las cuales son completamente digitales y una\u2026","rel":"","context":"En \u00abCasa de Campo Resort &amp; Villas\u00bb","block_context":{"text":"Casa de Campo Resort &amp; Villas","link":"https:\/\/casadecampoliving.com\/es\/category\/casa-de-campo-resort-villas\/"},"img":{"alt_text":"","src":"https:\/\/i0.wp.com\/casadecampoliving.com\/wp-content\/uploads\/2023\/10\/Jose-Rainer-exhibitopening26.jpg?fit=1200%2C800&ssl=1&resize=350%2C200","width":350,"height":200,"srcset":"https:\/\/i0.wp.com\/casadecampoliving.com\/wp-content\/uploads\/2023\/10\/Jose-Rainer-exhibitopening26.jpg?fit=1200%2C800&ssl=1&resize=350%2C200 1x, https:\/\/i0.wp.com\/casadecampoliving.com\/wp-content\/uploads\/2023\/10\/Jose-Rainer-exhibitopening26.jpg?fit=1200%2C800&ssl=1&resize=525%2C300 1.5x, https:\/\/i0.wp.com\/casadecampoliving.com\/wp-content\/uploads\/2023\/10\/Jose-Rainer-exhibitopening26.jpg?fit=1200%2C800&ssl=1&resize=700%2C400 2x, https:\/\/i0.wp.com\/casadecampoliving.com\/wp-content\/uploads\/2023\/10\/Jose-Rainer-exhibitopening26.jpg?fit=1200%2C800&ssl=1&resize=1050%2C600 3x"},"classes":[]},{"id":522284,"url":"https:\/\/casadecampoliving.com\/wao-galeria-presents-spontaneous-abstraction-by-digital-artist-jose-rainer\/","url_meta":{"origin":522293,"position":1},"title":"WAO Galer\u00eda Presents \u00abSpontaneous Abstraction\u00bb By Digital Artist Jos\u00e9 Rainer","author":"Casa de Campo Living","date":"20 Sep, 2023","format":false,"excerpt":"WAO Galer\u00eda & Centro Cultural cordially invites you to the opening of the \"Spontaneous Abstraction\" exhibition by digital artist Jos\u00e9 Rainer on September 29. This exhibition seamlessly combines Rainer's passion for crafting abstract art, skillfully merging shapes and colors to elicit emotions and sentiments in the discerning observer. With a\u2026","rel":"","context":"En \u00abAltos de Chav\u00f3n\u00bb","block_context":{"text":"Altos de Chav\u00f3n","link":"https:\/\/casadecampoliving.com\/category\/altos-de-chavon-6-2\/"},"img":{"alt_text":"","src":"https:\/\/i0.wp.com\/casadecampoliving.com\/wp-content\/uploads\/2023\/09\/Jose-Rainer-Featured.png?fit=1200%2C800&ssl=1&resize=350%2C200","width":350,"height":200,"srcset":"https:\/\/i0.wp.com\/casadecampoliving.com\/wp-content\/uploads\/2023\/09\/Jose-Rainer-Featured.png?fit=1200%2C800&ssl=1&resize=350%2C200 1x, https:\/\/i0.wp.com\/casadecampoliving.com\/wp-content\/uploads\/2023\/09\/Jose-Rainer-Featured.png?fit=1200%2C800&ssl=1&resize=525%2C300 1.5x, https:\/\/i0.wp.com\/casadecampoliving.com\/wp-content\/uploads\/2023\/09\/Jose-Rainer-Featured.png?fit=1200%2C800&ssl=1&resize=700%2C400 2x, https:\/\/i0.wp.com\/casadecampoliving.com\/wp-content\/uploads\/2023\/09\/Jose-Rainer-Featured.png?fit=1200%2C800&ssl=1&resize=1050%2C600 3x"},"classes":[]},{"id":522794,"url":"https:\/\/casadecampoliving.com\/wao-galeria-centro-cultural-unveils-spontaneous-abstraction-exhibition-by-artist-jose-rainer\/","url_meta":{"origin":522293,"position":2},"title":"WAO Gallery &amp; Cultural Center Unveils \u00abSpontaneous Abstraction\u00bb By Artist Jos\u00e9 Rainer","author":"Casa de Campo Living","date":"2 Oct, 2023","format":false,"excerpt":"With a resounding success, WAO Gallery & Cultural Center opened its doors on Friday, September 29, to showcase the exhibition Spontaneous Abstraction by the artist Jos\u00e9 Rainer. Twenty-four works are masterfully displayed in the main hall of WAO Gallery & Cultural Center, 23 of which are entirely digital, and a\u2026","rel":"","context":"En \u00abAltos de Chavon\u00bb","block_context":{"text":"Altos de Chavon","link":"https:\/\/casadecampoliving.com\/category\/altos-de-chavon\/"},"img":{"alt_text":"","src":"https:\/\/i0.wp.com\/casadecampoliving.com\/wp-content\/uploads\/2023\/10\/Jose-Rainer-exhibitopening26.jpg?fit=1200%2C800&ssl=1&resize=350%2C200","width":350,"height":200,"srcset":"https:\/\/i0.wp.com\/casadecampoliving.com\/wp-content\/uploads\/2023\/10\/Jose-Rainer-exhibitopening26.jpg?fit=1200%2C800&ssl=1&resize=350%2C200 1x, https:\/\/i0.wp.com\/casadecampoliving.com\/wp-content\/uploads\/2023\/10\/Jose-Rainer-exhibitopening26.jpg?fit=1200%2C800&ssl=1&resize=525%2C300 1.5x, https:\/\/i0.wp.com\/casadecampoliving.com\/wp-content\/uploads\/2023\/10\/Jose-Rainer-exhibitopening26.jpg?fit=1200%2C800&ssl=1&resize=700%2C400 2x, https:\/\/i0.wp.com\/casadecampoliving.com\/wp-content\/uploads\/2023\/10\/Jose-Rainer-exhibitopening26.jpg?fit=1200%2C800&ssl=1&resize=1050%2C600 3x"},"classes":[]},{"id":433460,"url":"https:\/\/casadecampoliving.com\/es\/no-se-pierdan-el-increible-tributo-a-frank-sinatra-para-celebrar-el-40-aniversario-del-anfiteatro-altos-de-chavon\/","url_meta":{"origin":522293,"position":3},"title":"No se pierdan el incre\u00edble tributo a Frank Sinatra para celebrar el 40 aniversario del\u00a0Anfiteatro Altos de Chav\u00f3n","author":"Casa de Campo Living","date":"20 Oct, 2022","format":false,"excerpt":"Siendo uno de los escenarios m\u00e1s emblem\u00e1ticos del pa\u00eds, Casa de Campo Resort\u00ae & Villas celebra las cuatro d\u00e9cadas de aniversario de Altos de Chav\u00f3n con un tributo al gran Frank Sinatra, protagonizado por artistas invitados y una big band tal cual la que acompa\u00f1\u00f3 al artista hace 40 a\u00f1os\u2026","rel":"","context":"En \u00abUncategorized @es\u00bb","block_context":{"text":"Uncategorized @es","link":"https:\/\/casadecampoliving.com\/es\/category\/uncategorized-es\/"},"img":{"alt_text":"","src":"https:\/\/i0.wp.com\/casadecampoliving.com\/wp-content\/uploads\/2022\/10\/Tributo-Frank-Sinatra-Foto-Principal-Amaury-Sanchez-Danilo-Ginebra-Andres-Pichardo-y-Jose-Gabriel-Perez-.jpg?fit=1200%2C873&ssl=1&resize=350%2C200","width":350,"height":200,"srcset":"https:\/\/i0.wp.com\/casadecampoliving.com\/wp-content\/uploads\/2022\/10\/Tributo-Frank-Sinatra-Foto-Principal-Amaury-Sanchez-Danilo-Ginebra-Andres-Pichardo-y-Jose-Gabriel-Perez-.jpg?fit=1200%2C873&ssl=1&resize=350%2C200 1x, https:\/\/i0.wp.com\/casadecampoliving.com\/wp-content\/uploads\/2022\/10\/Tributo-Frank-Sinatra-Foto-Principal-Amaury-Sanchez-Danilo-Ginebra-Andres-Pichardo-y-Jose-Gabriel-Perez-.jpg?fit=1200%2C873&ssl=1&resize=525%2C300 1.5x, https:\/\/i0.wp.com\/casadecampoliving.com\/wp-content\/uploads\/2022\/10\/Tributo-Frank-Sinatra-Foto-Principal-Amaury-Sanchez-Danilo-Ginebra-Andres-Pichardo-y-Jose-Gabriel-Perez-.jpg?fit=1200%2C873&ssl=1&resize=700%2C400 2x, https:\/\/i0.wp.com\/casadecampoliving.com\/wp-content\/uploads\/2022\/10\/Tributo-Frank-Sinatra-Foto-Principal-Amaury-Sanchez-Danilo-Ginebra-Andres-Pichardo-y-Jose-Gabriel-Perez-.jpg?fit=1200%2C873&ssl=1&resize=1050%2C600 3x"},"classes":[]},{"id":354480,"url":"https:\/\/casadecampoliving.com\/es\/el-arte-naif-engalana-wao-galeria-y-centro-cultural-en-altos-de-chavon-en-una-armonia-espiritual\/","url_meta":{"origin":522293,"position":4},"title":"El arte Naif engalana WAO Galeria y Centro Cultural en Altos de Chav\u00f3n en una Armon\u00eda Espiritual","author":"Casa de Campo Living","date":"23 Ago, 2022","format":false,"excerpt":"Wao Galeria & Centro Cultural en Altos de Chav\u00f3n di\u00f3 apertura la noche de este s\u00e1bado 20 de agosto a la exposici\u00f3n conjunta de los artistas Jos\u00e9 Morillo y Frantz Zeph\u00edrin, \"ARMON\u00cdA ESPIRITUAL\". Una noche m\u00e1gica, donde la uni\u00f3n de dos culturas llenas de un recorrido art\u00edstico y una enriquecida\u2026","rel":"","context":"En \u00abAltos de Chavon @es\u00bb","block_context":{"text":"Altos de Chavon @es","link":"https:\/\/casadecampoliving.com\/category\/altos-de-chavon-es\/"},"img":{"alt_text":"","src":"https:\/\/i0.wp.com\/casadecampoliving.com\/wp-content\/uploads\/2022\/10\/Armonia-Espiritual-WAO-Gallery-10-1.jpg?fit=1000%2C667&ssl=1&resize=350%2C200","width":350,"height":200,"srcset":"https:\/\/i0.wp.com\/casadecampoliving.com\/wp-content\/uploads\/2022\/10\/Armonia-Espiritual-WAO-Gallery-10-1.jpg?fit=1000%2C667&ssl=1&resize=350%2C200 1x, https:\/\/i0.wp.com\/casadecampoliving.com\/wp-content\/uploads\/2022\/10\/Armonia-Espiritual-WAO-Gallery-10-1.jpg?fit=1000%2C667&ssl=1&resize=525%2C300 1.5x, https:\/\/i0.wp.com\/casadecampoliving.com\/wp-content\/uploads\/2022\/10\/Armonia-Espiritual-WAO-Gallery-10-1.jpg?fit=1000%2C667&ssl=1&resize=700%2C400 2x"},"classes":[]},{"id":524009,"url":"https:\/\/casadecampoliving.com\/es\/artista-dominicano-jose-almonte-presenta-memoria-ludica-en-wao-galeria-centro-cultural\/","url_meta":{"origin":522293,"position":5},"title":"Artista dominicano Jos\u00e9 Almonte presenta &#8216;Memoria L\u00fadica&#8217; en WAO Galer\u00eda &#038; Centro Cultural","author":"Casa de Campo Living","date":"7 Nov, 2023","format":false,"excerpt":"Con rotundo \u00e9xito WAO Galer\u00eda & Centro Cultural ubicada en Altos de Chav\u00f3n, dej\u00f3 formalmente abierta el pasado viernes 3 de los corrientes, la exposici\u00f3n \u201cMemoria L\u00fadica\u201d del artista dominicano Jos\u00e9 Almonte, en un acto en el que se dieron cita decenas de personalidades del mundo del arte, amigos y\u2026","rel":"","context":"En \u00abAltos de Chav\u00f3n\u00bb","block_context":{"text":"Altos de Chav\u00f3n","link":"https:\/\/casadecampoliving.com\/es\/category\/altos-de-chavon-6\/"},"img":{"alt_text":"","src":"https:\/\/i0.wp.com\/casadecampoliving.com\/wp-content\/uploads\/2023\/11\/Jose-Almonte-Playful-Memory-EXhibit-WAO-Gallery-17.jpeg?fit=1080%2C720&ssl=1&resize=350%2C200","width":350,"height":200,"srcset":"https:\/\/i0.wp.com\/casadecampoliving.com\/wp-content\/uploads\/2023\/11\/Jose-Almonte-Playful-Memory-EXhibit-WAO-Gallery-17.jpeg?fit=1080%2C720&ssl=1&resize=350%2C200 1x, https:\/\/i0.wp.com\/casadecampoliving.com\/wp-content\/uploads\/2023\/11\/Jose-Almonte-Playful-Memory-EXhibit-WAO-Gallery-17.jpeg?fit=1080%2C720&ssl=1&resize=525%2C300 1.5x, https:\/\/i0.wp.com\/casadecampoliving.com\/wp-content\/uploads\/2023\/11\/Jose-Almonte-Playful-Memory-EXhibit-WAO-Gallery-17.jpeg?fit=1080%2C720&ssl=1&resize=700%2C400 2x, https:\/\/i0.wp.com\/casadecampoliving.com\/wp-content\/uploads\/2023\/11\/Jose-Almonte-Playful-Memory-EXhibit-WAO-Gallery-17.jpeg?fit=1080%2C720&ssl=1&resize=1050%2C600 3x"},"classes":[]}],"jetpack_sharing_enabled":true,"_links":{"self":[{"href":"https:\/\/casadecampoliving.com\/es\/wp-json\/wp\/v2\/posts\/522293","targetHints":{"allow":["GET"]}}],"collection":[{"href":"https:\/\/casadecampoliving.com\/es\/wp-json\/wp\/v2\/posts"}],"about":[{"href":"https:\/\/casadecampoliving.com\/es\/wp-json\/wp\/v2\/types\/post"}],"author":[{"embeddable":true,"href":"https:\/\/casadecampoliving.com\/es\/wp-json\/wp\/v2\/users\/36791"}],"replies":[{"embeddable":true,"href":"https:\/\/casadecampoliving.com\/es\/wp-json\/wp\/v2\/comments?post=522293"}],"version-history":[{"count":1,"href":"https:\/\/casadecampoliving.com\/es\/wp-json\/wp\/v2\/posts\/522293\/revisions"}],"predecessor-version":[{"id":522294,"href":"https:\/\/casadecampoliving.com\/es\/wp-json\/wp\/v2\/posts\/522293\/revisions\/522294"}],"wp:featuredmedia":[{"embeddable":true,"href":"https:\/\/casadecampoliving.com\/es\/wp-json\/wp\/v2\/media\/522291"}],"wp:attachment":[{"href":"https:\/\/casadecampoliving.com\/es\/wp-json\/wp\/v2\/media?parent=522293"}],"wp:term":[{"taxonomy":"category","embeddable":true,"href":"https:\/\/casadecampoliving.com\/es\/wp-json\/wp\/v2\/categories?post=522293"},{"taxonomy":"post_tag","embeddable":true,"href":"https:\/\/casadecampoliving.com\/es\/wp-json\/wp\/v2\/tags?post=522293"},{"taxonomy":"newspack_spnsrs_tax","embeddable":true,"href":"https:\/\/casadecampoliving.com\/es\/wp-json\/wp\/v2\/newspack_spnsrs_tax?post=522293"}],"curies":[{"name":"wp","href":"https:\/\/api.w.org\/{rel}","templated":true}]}}