{"id":521469,"date":"2023-09-05T13:18:30","date_gmt":"2023-09-05T17:18:30","guid":{"rendered":"https:\/\/casadecampoliving.com\/?p=521469"},"modified":"2023-09-05T14:06:43","modified_gmt":"2023-09-05T18:06:43","slug":"ricky-martin-triunfa-en-altos-de-chavon-con-concierto-sinfonico","status":"publish","type":"post","link":"https:\/\/casadecampoliving.com\/es\/ricky-martin-triunfa-en-altos-de-chavon-con-concierto-sinfonico\/","title":{"rendered":"Ricky Martin triunfa en Altos de Chav\u00f3n con concierto sinf\u00f3nico"},"content":{"rendered":"\n<p>En una actuaci\u00f3n resonante que dej\u00f3 a los fan\u00e1ticos extasiados, Ricky Martin llen\u00f3 el anfiteatro de Altos de Chav\u00f3n durante su concierto sinf\u00f3nico, estableciendo una conexi\u00f3n inmediata con el p\u00fablico tan pronto como pis\u00f3 el escenario. El s\u00e1bado 2 de septiembre, el artista puertorrique\u00f1o irradi\u00f3 alegr\u00eda, tranquilidad y profesionalismo, desvelando coreograf\u00edas minuciosamente ensayadas.<\/p>\n\n\n\n<p>Martin apareci\u00f3 vestido de negro y con zapatillas blancas a las 9:35 PM, abriendo con \u00ab<em>P\u00e9gate<\/em>\u00ab. Acompa\u00f1ado por tres pantallas que mostraban im\u00e1genes apropiadas, la multitud cant\u00f3 \u00e9xitos como <em>\u00abVolver\u00e1s\u00bb, \u00abGracias por Pensar\u00bb y \u00abFuego de Noche\u00bb.<\/em><\/p>\n\n\n\n<figure class=\"wp-block-image size-large\"><img data-recalc-dims=\"1\" loading=\"lazy\" decoding=\"async\" width=\"2560\" height=\"1599\" src=\"https:\/\/i0.wp.com\/casadecampoliving.com\/wp-content\/uploads\/2023\/09\/Ricky-Martin-Concert-2023-11-edited-scaled.jpg?resize=2560%2C1599&#038;ssl=1\" alt=\"\" class=\"wp-image-521465\" srcset=\"https:\/\/i0.wp.com\/casadecampoliving.com\/wp-content\/uploads\/2023\/09\/Ricky-Martin-Concert-2023-11-edited-scaled.jpg?w=2560&amp;ssl=1 2560w, https:\/\/i0.wp.com\/casadecampoliving.com\/wp-content\/uploads\/2023\/09\/Ricky-Martin-Concert-2023-11-edited-scaled.jpg?resize=300%2C187&amp;ssl=1 300w, https:\/\/i0.wp.com\/casadecampoliving.com\/wp-content\/uploads\/2023\/09\/Ricky-Martin-Concert-2023-11-edited-scaled.jpg?resize=1024%2C640&amp;ssl=1 1024w, https:\/\/i0.wp.com\/casadecampoliving.com\/wp-content\/uploads\/2023\/09\/Ricky-Martin-Concert-2023-11-edited-scaled.jpg?resize=768%2C480&amp;ssl=1 768w, https:\/\/i0.wp.com\/casadecampoliving.com\/wp-content\/uploads\/2023\/09\/Ricky-Martin-Concert-2023-11-edited-scaled.jpg?resize=1536%2C960&amp;ssl=1 1536w, https:\/\/i0.wp.com\/casadecampoliving.com\/wp-content\/uploads\/2023\/09\/Ricky-Martin-Concert-2023-11-edited-scaled.jpg?resize=2048%2C1279&amp;ssl=1 2048w, https:\/\/i0.wp.com\/casadecampoliving.com\/wp-content\/uploads\/2023\/09\/Ricky-Martin-Concert-2023-11-edited-scaled.jpg?resize=1200%2C750&amp;ssl=1 1200w, https:\/\/i0.wp.com\/casadecampoliving.com\/wp-content\/uploads\/2023\/09\/Ricky-Martin-Concert-2023-11-edited-scaled.jpg?resize=1568%2C980&amp;ssl=1 1568w, https:\/\/i0.wp.com\/casadecampoliving.com\/wp-content\/uploads\/2023\/09\/Ricky-Martin-Concert-2023-11-edited-scaled.jpg?resize=400%2C250&amp;ssl=1 400w, https:\/\/i0.wp.com\/casadecampoliving.com\/wp-content\/uploads\/2023\/09\/Ricky-Martin-Concert-2023-11-edited-scaled.jpg?resize=1320%2C825&amp;ssl=1 1320w, https:\/\/i0.wp.com\/casadecampoliving.com\/wp-content\/uploads\/2023\/09\/Ricky-Martin-Concert-2023-11-edited-scaled.jpg?resize=150%2C94&amp;ssl=1 150w, https:\/\/i0.wp.com\/casadecampoliving.com\/wp-content\/uploads\/2023\/09\/Ricky-Martin-Concert-2023-11-edited-scaled.jpg?w=370&amp;ssl=1 370w\" sizes=\"auto, (max-width: 1000px) 100vw, 1000px\" \/><\/figure>\n\n\n\n<p>El maestro Jos\u00e9 Antonio Molina, nativo dominicano, lider\u00f3 a un grupo de 54 m\u00fasicos de la Orquesta Sinf\u00f3nica Nacional que acompa\u00f1aron a Ricky Martin en el escenario. Su sonido impecable, arreglos, elegancia y disciplina le valieron a Martin m\u00faltiples \u00abgracias\u00bb a lo largo de la noche.<\/p>\n\n\n\n<p>La base de fans fue notablemente diversa. Adem\u00e1s de dominicanos, hab\u00eda puertorrique\u00f1os, venezolanos, brasile\u00f1os y otras nacionalidades esparcidos entre las butacas de piedra.<\/p>\n\n\n\n<p>\u00abGracias por su amor; que esto sea el primero de muchos\u00bb, expres\u00f3 Ricky Martin durante su concierto, que incluy\u00f3 cuatro cambios de vestuario, incluyendo dos camisas blancas, durante el segundo intermedio. El repertorio incluy\u00f3<em> \u00abDisparo al Coraz\u00f3n\u00bb, \u00abCasi un Bolero\u00bb, \u00abVuelo\u00bb, \u00abEl Amor de Mi Vida\u00bb, \u00abTe extra\u00f1o\u00bb, \u00abAsignatura pendiente\u00bb y \u00abVuelve\u00bb.<\/em><\/p>\n\n\n\n<figure class=\"wp-block-image size-full\"><img data-recalc-dims=\"1\" loading=\"lazy\" decoding=\"async\" width=\"2560\" height=\"1601\" src=\"https:\/\/i0.wp.com\/casadecampoliving.com\/wp-content\/uploads\/2023\/09\/Ricky-Martin-Concert-2023-16-edited-scaled.jpg?resize=2560%2C1601&#038;ssl=1\" alt=\"\" class=\"wp-image-521463\" srcset=\"https:\/\/i0.wp.com\/casadecampoliving.com\/wp-content\/uploads\/2023\/09\/Ricky-Martin-Concert-2023-16-edited-scaled.jpg?w=2560&amp;ssl=1 2560w, https:\/\/i0.wp.com\/casadecampoliving.com\/wp-content\/uploads\/2023\/09\/Ricky-Martin-Concert-2023-16-edited-scaled.jpg?resize=300%2C188&amp;ssl=1 300w, https:\/\/i0.wp.com\/casadecampoliving.com\/wp-content\/uploads\/2023\/09\/Ricky-Martin-Concert-2023-16-edited-scaled.jpg?resize=1024%2C640&amp;ssl=1 1024w, https:\/\/i0.wp.com\/casadecampoliving.com\/wp-content\/uploads\/2023\/09\/Ricky-Martin-Concert-2023-16-edited-scaled.jpg?resize=768%2C480&amp;ssl=1 768w, https:\/\/i0.wp.com\/casadecampoliving.com\/wp-content\/uploads\/2023\/09\/Ricky-Martin-Concert-2023-16-edited-scaled.jpg?resize=1536%2C960&amp;ssl=1 1536w, https:\/\/i0.wp.com\/casadecampoliving.com\/wp-content\/uploads\/2023\/09\/Ricky-Martin-Concert-2023-16-edited-scaled.jpg?resize=2048%2C1280&amp;ssl=1 2048w, https:\/\/i0.wp.com\/casadecampoliving.com\/wp-content\/uploads\/2023\/09\/Ricky-Martin-Concert-2023-16-edited-scaled.jpg?resize=1200%2C750&amp;ssl=1 1200w, https:\/\/i0.wp.com\/casadecampoliving.com\/wp-content\/uploads\/2023\/09\/Ricky-Martin-Concert-2023-16-edited-scaled.jpg?resize=1568%2C980&amp;ssl=1 1568w, https:\/\/i0.wp.com\/casadecampoliving.com\/wp-content\/uploads\/2023\/09\/Ricky-Martin-Concert-2023-16-edited-scaled.jpg?resize=400%2C250&amp;ssl=1 400w, https:\/\/i0.wp.com\/casadecampoliving.com\/wp-content\/uploads\/2023\/09\/Ricky-Martin-Concert-2023-16-edited-scaled.jpg?resize=1320%2C825&amp;ssl=1 1320w, https:\/\/i0.wp.com\/casadecampoliving.com\/wp-content\/uploads\/2023\/09\/Ricky-Martin-Concert-2023-16-edited-scaled.jpg?resize=150%2C94&amp;ssl=1 150w, https:\/\/i0.wp.com\/casadecampoliving.com\/wp-content\/uploads\/2023\/09\/Ricky-Martin-Concert-2023-16-edited-scaled.jpg?w=370&amp;ssl=1 370w\" sizes=\"auto, (max-width: 1000px) 100vw, 1000px\" \/><\/figure>\n\n\n\n<p>A lo largo de la actuaci\u00f3n, los miembros de la orquesta mostraron sus talentos musicales, incluyendo trompetistas, trombonistas, bajistas y violinistas, que tomaron el centro del escenario para mostrar sus habilidades, ganando aplausos y ovaciones del p\u00fablico. Ricky Martin tambi\u00e9n agradeci\u00f3 al director musical de su banda, David Cabrera.<\/p>\n\n\n\n<p>Uno de los momentos emocionales fue cuando Martin mostr\u00f3 con orgullo la bandera dominicana, expresando su amor por el pa\u00eds.<\/p>\n\n\n\n<p>La noche hist\u00f3rica de Ricky Martin concluy\u00f3 con <em>\u00abTal Vez\u00bb y \u00abT\u00fa recuerdo\u00bb<\/em>, cumpliendo su promesa de un espect\u00e1culo memorable.<\/p>\n\n\n\n<figure class=\"wp-block-gallery has-nested-images columns-default is-cropped wp-block-gallery-1 is-layout-flex wp-block-gallery-is-layout-flex\">\n<figure class=\"wp-block-image size-large\"><img data-recalc-dims=\"1\" loading=\"lazy\" decoding=\"async\" width=\"683\" height=\"1024\" data-id=\"521446\" src=\"https:\/\/i0.wp.com\/casadecampoliving.com\/wp-content\/uploads\/2023\/09\/Ricky-Martin-Concert-2023-6-1.jpg?resize=683%2C1024&#038;ssl=1\" alt=\"\" class=\"wp-image-521446\" srcset=\"https:\/\/i0.wp.com\/casadecampoliving.com\/wp-content\/uploads\/2023\/09\/Ricky-Martin-Concert-2023-6-1-scaled.jpg?resize=683%2C1024&amp;ssl=1 683w, https:\/\/i0.wp.com\/casadecampoliving.com\/wp-content\/uploads\/2023\/09\/Ricky-Martin-Concert-2023-6-1-scaled.jpg?resize=200%2C300&amp;ssl=1 200w, https:\/\/i0.wp.com\/casadecampoliving.com\/wp-content\/uploads\/2023\/09\/Ricky-Martin-Concert-2023-6-1-scaled.jpg?resize=768%2C1152&amp;ssl=1 768w, https:\/\/i0.wp.com\/casadecampoliving.com\/wp-content\/uploads\/2023\/09\/Ricky-Martin-Concert-2023-6-1-scaled.jpg?resize=1024%2C1536&amp;ssl=1 1024w, https:\/\/i0.wp.com\/casadecampoliving.com\/wp-content\/uploads\/2023\/09\/Ricky-Martin-Concert-2023-6-1-scaled.jpg?resize=1365%2C2048&amp;ssl=1 1365w, https:\/\/i0.wp.com\/casadecampoliving.com\/wp-content\/uploads\/2023\/09\/Ricky-Martin-Concert-2023-6-1-scaled.jpg?resize=1200%2C1800&amp;ssl=1 1200w, https:\/\/i0.wp.com\/casadecampoliving.com\/wp-content\/uploads\/2023\/09\/Ricky-Martin-Concert-2023-6-1-scaled.jpg?resize=1568%2C2352&amp;ssl=1 1568w, https:\/\/i0.wp.com\/casadecampoliving.com\/wp-content\/uploads\/2023\/09\/Ricky-Martin-Concert-2023-6-1-scaled.jpg?resize=400%2C600&amp;ssl=1 400w, https:\/\/i0.wp.com\/casadecampoliving.com\/wp-content\/uploads\/2023\/09\/Ricky-Martin-Concert-2023-6-1-scaled.jpg?resize=1320%2C1980&amp;ssl=1 1320w, https:\/\/i0.wp.com\/casadecampoliving.com\/wp-content\/uploads\/2023\/09\/Ricky-Martin-Concert-2023-6-1-scaled.jpg?resize=150%2C225&amp;ssl=1 150w, https:\/\/i0.wp.com\/casadecampoliving.com\/wp-content\/uploads\/2023\/09\/Ricky-Martin-Concert-2023-6-1-scaled.jpg?w=1707&amp;ssl=1 1707w, https:\/\/i0.wp.com\/casadecampoliving.com\/wp-content\/uploads\/2023\/09\/Ricky-Martin-Concert-2023-6-1-683x1024.jpg?w=370&amp;ssl=1 370w\" sizes=\"auto, (max-width: 683px) 100vw, 683px\" \/><\/figure>\n\n\n\n<figure class=\"wp-block-image size-large\"><img data-recalc-dims=\"1\" loading=\"lazy\" decoding=\"async\" width=\"683\" height=\"1024\" data-id=\"521450\" src=\"https:\/\/i0.wp.com\/casadecampoliving.com\/wp-content\/uploads\/2023\/09\/Ricky-Martin-Concert-2023-3.jpg?resize=683%2C1024&#038;ssl=1\" alt=\"\" class=\"wp-image-521450\" srcset=\"https:\/\/i0.wp.com\/casadecampoliving.com\/wp-content\/uploads\/2023\/09\/Ricky-Martin-Concert-2023-3-scaled.jpg?resize=683%2C1024&amp;ssl=1 683w, https:\/\/i0.wp.com\/casadecampoliving.com\/wp-content\/uploads\/2023\/09\/Ricky-Martin-Concert-2023-3-scaled.jpg?resize=200%2C300&amp;ssl=1 200w, https:\/\/i0.wp.com\/casadecampoliving.com\/wp-content\/uploads\/2023\/09\/Ricky-Martin-Concert-2023-3-scaled.jpg?resize=768%2C1152&amp;ssl=1 768w, https:\/\/i0.wp.com\/casadecampoliving.com\/wp-content\/uploads\/2023\/09\/Ricky-Martin-Concert-2023-3-scaled.jpg?resize=1024%2C1536&amp;ssl=1 1024w, https:\/\/i0.wp.com\/casadecampoliving.com\/wp-content\/uploads\/2023\/09\/Ricky-Martin-Concert-2023-3-scaled.jpg?resize=1365%2C2048&amp;ssl=1 1365w, https:\/\/i0.wp.com\/casadecampoliving.com\/wp-content\/uploads\/2023\/09\/Ricky-Martin-Concert-2023-3-scaled.jpg?resize=1200%2C1800&amp;ssl=1 1200w, https:\/\/i0.wp.com\/casadecampoliving.com\/wp-content\/uploads\/2023\/09\/Ricky-Martin-Concert-2023-3-scaled.jpg?resize=1568%2C2352&amp;ssl=1 1568w, https:\/\/i0.wp.com\/casadecampoliving.com\/wp-content\/uploads\/2023\/09\/Ricky-Martin-Concert-2023-3-scaled.jpg?resize=400%2C600&amp;ssl=1 400w, https:\/\/i0.wp.com\/casadecampoliving.com\/wp-content\/uploads\/2023\/09\/Ricky-Martin-Concert-2023-3-scaled.jpg?resize=1320%2C1980&amp;ssl=1 1320w, https:\/\/i0.wp.com\/casadecampoliving.com\/wp-content\/uploads\/2023\/09\/Ricky-Martin-Concert-2023-3-scaled.jpg?resize=150%2C225&amp;ssl=1 150w, https:\/\/i0.wp.com\/casadecampoliving.com\/wp-content\/uploads\/2023\/09\/Ricky-Martin-Concert-2023-3-scaled.jpg?w=1707&amp;ssl=1 1707w, https:\/\/i0.wp.com\/casadecampoliving.com\/wp-content\/uploads\/2023\/09\/Ricky-Martin-Concert-2023-3-683x1024.jpg?w=370&amp;ssl=1 370w\" sizes=\"auto, (max-width: 683px) 100vw, 683px\" \/><\/figure>\n\n\n\n<figure class=\"wp-block-image size-large\"><img data-recalc-dims=\"1\" loading=\"lazy\" decoding=\"async\" width=\"683\" height=\"1024\" data-id=\"521452\" src=\"https:\/\/i0.wp.com\/casadecampoliving.com\/wp-content\/uploads\/2023\/09\/Ricky-Martin-Concert-2023-8-1.jpg?resize=683%2C1024&#038;ssl=1\" alt=\"\" class=\"wp-image-521452\" srcset=\"https:\/\/i0.wp.com\/casadecampoliving.com\/wp-content\/uploads\/2023\/09\/Ricky-Martin-Concert-2023-8-1-scaled.jpg?resize=683%2C1024&amp;ssl=1 683w, https:\/\/i0.wp.com\/casadecampoliving.com\/wp-content\/uploads\/2023\/09\/Ricky-Martin-Concert-2023-8-1-scaled.jpg?resize=200%2C300&amp;ssl=1 200w, https:\/\/i0.wp.com\/casadecampoliving.com\/wp-content\/uploads\/2023\/09\/Ricky-Martin-Concert-2023-8-1-scaled.jpg?resize=768%2C1152&amp;ssl=1 768w, https:\/\/i0.wp.com\/casadecampoliving.com\/wp-content\/uploads\/2023\/09\/Ricky-Martin-Concert-2023-8-1-scaled.jpg?resize=1024%2C1536&amp;ssl=1 1024w, https:\/\/i0.wp.com\/casadecampoliving.com\/wp-content\/uploads\/2023\/09\/Ricky-Martin-Concert-2023-8-1-scaled.jpg?resize=1365%2C2048&amp;ssl=1 1365w, https:\/\/i0.wp.com\/casadecampoliving.com\/wp-content\/uploads\/2023\/09\/Ricky-Martin-Concert-2023-8-1-scaled.jpg?resize=1200%2C1800&amp;ssl=1 1200w, https:\/\/i0.wp.com\/casadecampoliving.com\/wp-content\/uploads\/2023\/09\/Ricky-Martin-Concert-2023-8-1-scaled.jpg?resize=1568%2C2352&amp;ssl=1 1568w, https:\/\/i0.wp.com\/casadecampoliving.com\/wp-content\/uploads\/2023\/09\/Ricky-Martin-Concert-2023-8-1-scaled.jpg?resize=400%2C600&amp;ssl=1 400w, https:\/\/i0.wp.com\/casadecampoliving.com\/wp-content\/uploads\/2023\/09\/Ricky-Martin-Concert-2023-8-1-scaled.jpg?resize=1320%2C1980&amp;ssl=1 1320w, https:\/\/i0.wp.com\/casadecampoliving.com\/wp-content\/uploads\/2023\/09\/Ricky-Martin-Concert-2023-8-1-scaled.jpg?resize=150%2C225&amp;ssl=1 150w, https:\/\/i0.wp.com\/casadecampoliving.com\/wp-content\/uploads\/2023\/09\/Ricky-Martin-Concert-2023-8-1-scaled.jpg?w=1707&amp;ssl=1 1707w, https:\/\/i0.wp.com\/casadecampoliving.com\/wp-content\/uploads\/2023\/09\/Ricky-Martin-Concert-2023-8-1-683x1024.jpg?w=370&amp;ssl=1 370w\" sizes=\"auto, (max-width: 683px) 100vw, 683px\" \/><\/figure>\n\n\n\n<figure class=\"wp-block-image size-large\"><img data-recalc-dims=\"1\" loading=\"lazy\" decoding=\"async\" width=\"1024\" height=\"576\" data-id=\"521426\" src=\"https:\/\/i0.wp.com\/casadecampoliving.com\/wp-content\/uploads\/2023\/09\/Ricky-Martin-Concert-2023-9.jpg?resize=1024%2C576&#038;ssl=1\" alt=\"\" class=\"wp-image-521426\" srcset=\"https:\/\/i0.wp.com\/casadecampoliving.com\/wp-content\/uploads\/2023\/09\/Ricky-Martin-Concert-2023-9-scaled.jpg?resize=1024%2C576&amp;ssl=1 1024w, https:\/\/i0.wp.com\/casadecampoliving.com\/wp-content\/uploads\/2023\/09\/Ricky-Martin-Concert-2023-9-scaled.jpg?resize=300%2C169&amp;ssl=1 300w, https:\/\/i0.wp.com\/casadecampoliving.com\/wp-content\/uploads\/2023\/09\/Ricky-Martin-Concert-2023-9-scaled.jpg?resize=768%2C432&amp;ssl=1 768w, https:\/\/i0.wp.com\/casadecampoliving.com\/wp-content\/uploads\/2023\/09\/Ricky-Martin-Concert-2023-9-scaled.jpg?resize=1536%2C864&amp;ssl=1 1536w, https:\/\/i0.wp.com\/casadecampoliving.com\/wp-content\/uploads\/2023\/09\/Ricky-Martin-Concert-2023-9-scaled.jpg?resize=2048%2C1152&amp;ssl=1 2048w, https:\/\/i0.wp.com\/casadecampoliving.com\/wp-content\/uploads\/2023\/09\/Ricky-Martin-Concert-2023-9-scaled.jpg?resize=1200%2C675&amp;ssl=1 1200w, https:\/\/i0.wp.com\/casadecampoliving.com\/wp-content\/uploads\/2023\/09\/Ricky-Martin-Concert-2023-9-scaled.jpg?resize=1568%2C882&amp;ssl=1 1568w, https:\/\/i0.wp.com\/casadecampoliving.com\/wp-content\/uploads\/2023\/09\/Ricky-Martin-Concert-2023-9-scaled.jpg?resize=400%2C225&amp;ssl=1 400w, https:\/\/i0.wp.com\/casadecampoliving.com\/wp-content\/uploads\/2023\/09\/Ricky-Martin-Concert-2023-9-scaled.jpg?resize=1320%2C742&amp;ssl=1 1320w, https:\/\/i0.wp.com\/casadecampoliving.com\/wp-content\/uploads\/2023\/09\/Ricky-Martin-Concert-2023-9-scaled.jpg?resize=150%2C84&amp;ssl=1 150w, https:\/\/i0.wp.com\/casadecampoliving.com\/wp-content\/uploads\/2023\/09\/Ricky-Martin-Concert-2023-9-1024x576.jpg?w=370&amp;ssl=1 370w\" sizes=\"auto, (max-width: 1000px) 100vw, 1000px\" \/><\/figure>\n\n\n\n<figure class=\"wp-block-image size-large\"><img data-recalc-dims=\"1\" loading=\"lazy\" decoding=\"async\" width=\"1024\" height=\"576\" data-id=\"521414\" src=\"https:\/\/i0.wp.com\/casadecampoliving.com\/wp-content\/uploads\/2023\/09\/Ricky-Martin-Concert-2023-10.jpg?resize=1024%2C576&#038;ssl=1\" alt=\"\" class=\"wp-image-521414\" srcset=\"https:\/\/i0.wp.com\/casadecampoliving.com\/wp-content\/uploads\/2023\/09\/Ricky-Martin-Concert-2023-10-scaled.jpg?resize=1024%2C576&amp;ssl=1 1024w, https:\/\/i0.wp.com\/casadecampoliving.com\/wp-content\/uploads\/2023\/09\/Ricky-Martin-Concert-2023-10-scaled.jpg?resize=300%2C169&amp;ssl=1 300w, https:\/\/i0.wp.com\/casadecampoliving.com\/wp-content\/uploads\/2023\/09\/Ricky-Martin-Concert-2023-10-scaled.jpg?resize=768%2C432&amp;ssl=1 768w, https:\/\/i0.wp.com\/casadecampoliving.com\/wp-content\/uploads\/2023\/09\/Ricky-Martin-Concert-2023-10-scaled.jpg?resize=1536%2C864&amp;ssl=1 1536w, https:\/\/i0.wp.com\/casadecampoliving.com\/wp-content\/uploads\/2023\/09\/Ricky-Martin-Concert-2023-10-scaled.jpg?resize=2048%2C1152&amp;ssl=1 2048w, https:\/\/i0.wp.com\/casadecampoliving.com\/wp-content\/uploads\/2023\/09\/Ricky-Martin-Concert-2023-10-scaled.jpg?resize=1200%2C675&amp;ssl=1 1200w, https:\/\/i0.wp.com\/casadecampoliving.com\/wp-content\/uploads\/2023\/09\/Ricky-Martin-Concert-2023-10-scaled.jpg?resize=1568%2C882&amp;ssl=1 1568w, https:\/\/i0.wp.com\/casadecampoliving.com\/wp-content\/uploads\/2023\/09\/Ricky-Martin-Concert-2023-10-scaled.jpg?resize=400%2C225&amp;ssl=1 400w, https:\/\/i0.wp.com\/casadecampoliving.com\/wp-content\/uploads\/2023\/09\/Ricky-Martin-Concert-2023-10-scaled.jpg?resize=1320%2C742&amp;ssl=1 1320w, https:\/\/i0.wp.com\/casadecampoliving.com\/wp-content\/uploads\/2023\/09\/Ricky-Martin-Concert-2023-10-scaled.jpg?resize=150%2C84&amp;ssl=1 150w, https:\/\/i0.wp.com\/casadecampoliving.com\/wp-content\/uploads\/2023\/09\/Ricky-Martin-Concert-2023-10-1024x576.jpg?w=370&amp;ssl=1 370w\" sizes=\"auto, (max-width: 1000px) 100vw, 1000px\" \/><\/figure>\n\n\n\n<figure class=\"wp-block-image size-large\"><img data-recalc-dims=\"1\" loading=\"lazy\" decoding=\"async\" width=\"1024\" height=\"576\" data-id=\"521424\" src=\"https:\/\/i0.wp.com\/casadecampoliving.com\/wp-content\/uploads\/2023\/09\/Ricky-Martin-Concert-2023-11-1.jpg?resize=1024%2C576&#038;ssl=1\" alt=\"\" class=\"wp-image-521424\" srcset=\"https:\/\/i0.wp.com\/casadecampoliving.com\/wp-content\/uploads\/2023\/09\/Ricky-Martin-Concert-2023-11-1-scaled.jpg?resize=1024%2C576&amp;ssl=1 1024w, https:\/\/i0.wp.com\/casadecampoliving.com\/wp-content\/uploads\/2023\/09\/Ricky-Martin-Concert-2023-11-1-scaled.jpg?resize=300%2C169&amp;ssl=1 300w, https:\/\/i0.wp.com\/casadecampoliving.com\/wp-content\/uploads\/2023\/09\/Ricky-Martin-Concert-2023-11-1-scaled.jpg?resize=768%2C432&amp;ssl=1 768w, https:\/\/i0.wp.com\/casadecampoliving.com\/wp-content\/uploads\/2023\/09\/Ricky-Martin-Concert-2023-11-1-scaled.jpg?resize=1536%2C864&amp;ssl=1 1536w, https:\/\/i0.wp.com\/casadecampoliving.com\/wp-content\/uploads\/2023\/09\/Ricky-Martin-Concert-2023-11-1-scaled.jpg?resize=2048%2C1152&amp;ssl=1 2048w, https:\/\/i0.wp.com\/casadecampoliving.com\/wp-content\/uploads\/2023\/09\/Ricky-Martin-Concert-2023-11-1-scaled.jpg?resize=1200%2C675&amp;ssl=1 1200w, https:\/\/i0.wp.com\/casadecampoliving.com\/wp-content\/uploads\/2023\/09\/Ricky-Martin-Concert-2023-11-1-scaled.jpg?resize=1568%2C882&amp;ssl=1 1568w, https:\/\/i0.wp.com\/casadecampoliving.com\/wp-content\/uploads\/2023\/09\/Ricky-Martin-Concert-2023-11-1-scaled.jpg?resize=400%2C225&amp;ssl=1 400w, https:\/\/i0.wp.com\/casadecampoliving.com\/wp-content\/uploads\/2023\/09\/Ricky-Martin-Concert-2023-11-1-scaled.jpg?resize=1320%2C742&amp;ssl=1 1320w, https:\/\/i0.wp.com\/casadecampoliving.com\/wp-content\/uploads\/2023\/09\/Ricky-Martin-Concert-2023-11-1-scaled.jpg?resize=150%2C84&amp;ssl=1 150w, https:\/\/i0.wp.com\/casadecampoliving.com\/wp-content\/uploads\/2023\/09\/Ricky-Martin-Concert-2023-11-1-1024x576.jpg?w=370&amp;ssl=1 370w\" sizes=\"auto, (max-width: 1000px) 100vw, 1000px\" \/><\/figure>\n\n\n\n<figure class=\"wp-block-image size-large\"><img data-recalc-dims=\"1\" loading=\"lazy\" decoding=\"async\" width=\"1024\" height=\"576\" data-id=\"521402\" src=\"https:\/\/i0.wp.com\/casadecampoliving.com\/wp-content\/uploads\/2023\/09\/Ricky-Martin-Concert-2023-12.jpg?resize=1024%2C576&#038;ssl=1\" alt=\"\" class=\"wp-image-521402\" srcset=\"https:\/\/i0.wp.com\/casadecampoliving.com\/wp-content\/uploads\/2023\/09\/Ricky-Martin-Concert-2023-12-scaled.jpg?resize=1024%2C576&amp;ssl=1 1024w, https:\/\/i0.wp.com\/casadecampoliving.com\/wp-content\/uploads\/2023\/09\/Ricky-Martin-Concert-2023-12-scaled.jpg?resize=300%2C169&amp;ssl=1 300w, https:\/\/i0.wp.com\/casadecampoliving.com\/wp-content\/uploads\/2023\/09\/Ricky-Martin-Concert-2023-12-scaled.jpg?resize=768%2C432&amp;ssl=1 768w, https:\/\/i0.wp.com\/casadecampoliving.com\/wp-content\/uploads\/2023\/09\/Ricky-Martin-Concert-2023-12-scaled.jpg?resize=1536%2C864&amp;ssl=1 1536w, https:\/\/i0.wp.com\/casadecampoliving.com\/wp-content\/uploads\/2023\/09\/Ricky-Martin-Concert-2023-12-scaled.jpg?resize=2048%2C1152&amp;ssl=1 2048w, https:\/\/i0.wp.com\/casadecampoliving.com\/wp-content\/uploads\/2023\/09\/Ricky-Martin-Concert-2023-12-scaled.jpg?resize=1200%2C675&amp;ssl=1 1200w, https:\/\/i0.wp.com\/casadecampoliving.com\/wp-content\/uploads\/2023\/09\/Ricky-Martin-Concert-2023-12-scaled.jpg?resize=1568%2C882&amp;ssl=1 1568w, https:\/\/i0.wp.com\/casadecampoliving.com\/wp-content\/uploads\/2023\/09\/Ricky-Martin-Concert-2023-12-scaled.jpg?resize=400%2C225&amp;ssl=1 400w, https:\/\/i0.wp.com\/casadecampoliving.com\/wp-content\/uploads\/2023\/09\/Ricky-Martin-Concert-2023-12-scaled.jpg?resize=1320%2C742&amp;ssl=1 1320w, https:\/\/i0.wp.com\/casadecampoliving.com\/wp-content\/uploads\/2023\/09\/Ricky-Martin-Concert-2023-12-scaled.jpg?resize=150%2C84&amp;ssl=1 150w, https:\/\/i0.wp.com\/casadecampoliving.com\/wp-content\/uploads\/2023\/09\/Ricky-Martin-Concert-2023-12-1024x576.jpg?w=370&amp;ssl=1 370w\" sizes=\"auto, (max-width: 1000px) 100vw, 1000px\" \/><\/figure>\n\n\n\n<figure class=\"wp-block-image size-large\"><img data-recalc-dims=\"1\" loading=\"lazy\" decoding=\"async\" width=\"1024\" height=\"576\" data-id=\"521398\" src=\"https:\/\/i0.wp.com\/casadecampoliving.com\/wp-content\/uploads\/2023\/09\/Ricky-Martin-Concert-2023-13.jpg?resize=1024%2C576&#038;ssl=1\" alt=\"\" class=\"wp-image-521398\" srcset=\"https:\/\/i0.wp.com\/casadecampoliving.com\/wp-content\/uploads\/2023\/09\/Ricky-Martin-Concert-2023-13-scaled.jpg?resize=1024%2C576&amp;ssl=1 1024w, https:\/\/i0.wp.com\/casadecampoliving.com\/wp-content\/uploads\/2023\/09\/Ricky-Martin-Concert-2023-13-scaled.jpg?resize=300%2C169&amp;ssl=1 300w, https:\/\/i0.wp.com\/casadecampoliving.com\/wp-content\/uploads\/2023\/09\/Ricky-Martin-Concert-2023-13-scaled.jpg?resize=768%2C432&amp;ssl=1 768w, https:\/\/i0.wp.com\/casadecampoliving.com\/wp-content\/uploads\/2023\/09\/Ricky-Martin-Concert-2023-13-scaled.jpg?resize=1536%2C864&amp;ssl=1 1536w, https:\/\/i0.wp.com\/casadecampoliving.com\/wp-content\/uploads\/2023\/09\/Ricky-Martin-Concert-2023-13-scaled.jpg?resize=2048%2C1152&amp;ssl=1 2048w, https:\/\/i0.wp.com\/casadecampoliving.com\/wp-content\/uploads\/2023\/09\/Ricky-Martin-Concert-2023-13-scaled.jpg?resize=1200%2C675&amp;ssl=1 1200w, https:\/\/i0.wp.com\/casadecampoliving.com\/wp-content\/uploads\/2023\/09\/Ricky-Martin-Concert-2023-13-scaled.jpg?resize=1568%2C882&amp;ssl=1 1568w, https:\/\/i0.wp.com\/casadecampoliving.com\/wp-content\/uploads\/2023\/09\/Ricky-Martin-Concert-2023-13-scaled.jpg?resize=400%2C225&amp;ssl=1 400w, https:\/\/i0.wp.com\/casadecampoliving.com\/wp-content\/uploads\/2023\/09\/Ricky-Martin-Concert-2023-13-scaled.jpg?resize=1320%2C742&amp;ssl=1 1320w, https:\/\/i0.wp.com\/casadecampoliving.com\/wp-content\/uploads\/2023\/09\/Ricky-Martin-Concert-2023-13-scaled.jpg?resize=150%2C84&amp;ssl=1 150w, https:\/\/i0.wp.com\/casadecampoliving.com\/wp-content\/uploads\/2023\/09\/Ricky-Martin-Concert-2023-13-1024x576.jpg?w=370&amp;ssl=1 370w\" sizes=\"auto, (max-width: 1000px) 100vw, 1000px\" \/><\/figure>\n\n\n\n<figure class=\"wp-block-image size-large\"><img data-recalc-dims=\"1\" loading=\"lazy\" decoding=\"async\" width=\"1024\" height=\"576\" data-id=\"521394\" src=\"https:\/\/i0.wp.com\/casadecampoliving.com\/wp-content\/uploads\/2023\/09\/Ricky-Martin-Concert-2023-14.jpg?resize=1024%2C576&#038;ssl=1\" alt=\"\" class=\"wp-image-521394\" srcset=\"https:\/\/i0.wp.com\/casadecampoliving.com\/wp-content\/uploads\/2023\/09\/Ricky-Martin-Concert-2023-14-scaled.jpg?resize=1024%2C576&amp;ssl=1 1024w, https:\/\/i0.wp.com\/casadecampoliving.com\/wp-content\/uploads\/2023\/09\/Ricky-Martin-Concert-2023-14-scaled.jpg?resize=300%2C169&amp;ssl=1 300w, https:\/\/i0.wp.com\/casadecampoliving.com\/wp-content\/uploads\/2023\/09\/Ricky-Martin-Concert-2023-14-scaled.jpg?resize=768%2C432&amp;ssl=1 768w, https:\/\/i0.wp.com\/casadecampoliving.com\/wp-content\/uploads\/2023\/09\/Ricky-Martin-Concert-2023-14-scaled.jpg?resize=1536%2C864&amp;ssl=1 1536w, https:\/\/i0.wp.com\/casadecampoliving.com\/wp-content\/uploads\/2023\/09\/Ricky-Martin-Concert-2023-14-scaled.jpg?resize=2048%2C1152&amp;ssl=1 2048w, https:\/\/i0.wp.com\/casadecampoliving.com\/wp-content\/uploads\/2023\/09\/Ricky-Martin-Concert-2023-14-scaled.jpg?resize=1200%2C675&amp;ssl=1 1200w, https:\/\/i0.wp.com\/casadecampoliving.com\/wp-content\/uploads\/2023\/09\/Ricky-Martin-Concert-2023-14-scaled.jpg?resize=1568%2C882&amp;ssl=1 1568w, https:\/\/i0.wp.com\/casadecampoliving.com\/wp-content\/uploads\/2023\/09\/Ricky-Martin-Concert-2023-14-scaled.jpg?resize=400%2C225&amp;ssl=1 400w, https:\/\/i0.wp.com\/casadecampoliving.com\/wp-content\/uploads\/2023\/09\/Ricky-Martin-Concert-2023-14-scaled.jpg?resize=1320%2C742&amp;ssl=1 1320w, https:\/\/i0.wp.com\/casadecampoliving.com\/wp-content\/uploads\/2023\/09\/Ricky-Martin-Concert-2023-14-scaled.jpg?resize=150%2C84&amp;ssl=1 150w, https:\/\/i0.wp.com\/casadecampoliving.com\/wp-content\/uploads\/2023\/09\/Ricky-Martin-Concert-2023-14-1024x576.jpg?w=370&amp;ssl=1 370w\" sizes=\"auto, (max-width: 1000px) 100vw, 1000px\" \/><\/figure>\n\n\n\n<figure class=\"wp-block-image size-large\"><img data-recalc-dims=\"1\" loading=\"lazy\" decoding=\"async\" width=\"1024\" height=\"576\" data-id=\"521392\" src=\"https:\/\/i0.wp.com\/casadecampoliving.com\/wp-content\/uploads\/2023\/09\/Ricky-Martin-Concert-2023-15.jpg?resize=1024%2C576&#038;ssl=1\" alt=\"\" class=\"wp-image-521392\" srcset=\"https:\/\/i0.wp.com\/casadecampoliving.com\/wp-content\/uploads\/2023\/09\/Ricky-Martin-Concert-2023-15-scaled.jpg?resize=1024%2C576&amp;ssl=1 1024w, https:\/\/i0.wp.com\/casadecampoliving.com\/wp-content\/uploads\/2023\/09\/Ricky-Martin-Concert-2023-15-scaled.jpg?resize=300%2C169&amp;ssl=1 300w, https:\/\/i0.wp.com\/casadecampoliving.com\/wp-content\/uploads\/2023\/09\/Ricky-Martin-Concert-2023-15-scaled.jpg?resize=768%2C432&amp;ssl=1 768w, https:\/\/i0.wp.com\/casadecampoliving.com\/wp-content\/uploads\/2023\/09\/Ricky-Martin-Concert-2023-15-scaled.jpg?resize=1536%2C864&amp;ssl=1 1536w, https:\/\/i0.wp.com\/casadecampoliving.com\/wp-content\/uploads\/2023\/09\/Ricky-Martin-Concert-2023-15-scaled.jpg?resize=2048%2C1152&amp;ssl=1 2048w, https:\/\/i0.wp.com\/casadecampoliving.com\/wp-content\/uploads\/2023\/09\/Ricky-Martin-Concert-2023-15-scaled.jpg?resize=1200%2C675&amp;ssl=1 1200w, https:\/\/i0.wp.com\/casadecampoliving.com\/wp-content\/uploads\/2023\/09\/Ricky-Martin-Concert-2023-15-scaled.jpg?resize=1568%2C882&amp;ssl=1 1568w, https:\/\/i0.wp.com\/casadecampoliving.com\/wp-content\/uploads\/2023\/09\/Ricky-Martin-Concert-2023-15-scaled.jpg?resize=400%2C225&amp;ssl=1 400w, https:\/\/i0.wp.com\/casadecampoliving.com\/wp-content\/uploads\/2023\/09\/Ricky-Martin-Concert-2023-15-scaled.jpg?resize=1320%2C742&amp;ssl=1 1320w, https:\/\/i0.wp.com\/casadecampoliving.com\/wp-content\/uploads\/2023\/09\/Ricky-Martin-Concert-2023-15-scaled.jpg?resize=150%2C84&amp;ssl=1 150w, https:\/\/i0.wp.com\/casadecampoliving.com\/wp-content\/uploads\/2023\/09\/Ricky-Martin-Concert-2023-15-1024x576.jpg?w=370&amp;ssl=1 370w\" sizes=\"auto, (max-width: 1000px) 100vw, 1000px\" \/><\/figure>\n\n\n\n<figure class=\"wp-block-image size-large\"><img data-recalc-dims=\"1\" loading=\"lazy\" decoding=\"async\" width=\"1024\" height=\"576\" data-id=\"521410\" src=\"https:\/\/i0.wp.com\/casadecampoliving.com\/wp-content\/uploads\/2023\/09\/Ricky-Martin-Concert-2023-16.jpg?resize=1024%2C576&#038;ssl=1\" alt=\"\" class=\"wp-image-521410\" srcset=\"https:\/\/i0.wp.com\/casadecampoliving.com\/wp-content\/uploads\/2023\/09\/Ricky-Martin-Concert-2023-16-scaled.jpg?resize=1024%2C576&amp;ssl=1 1024w, https:\/\/i0.wp.com\/casadecampoliving.com\/wp-content\/uploads\/2023\/09\/Ricky-Martin-Concert-2023-16-scaled.jpg?resize=300%2C169&amp;ssl=1 300w, https:\/\/i0.wp.com\/casadecampoliving.com\/wp-content\/uploads\/2023\/09\/Ricky-Martin-Concert-2023-16-scaled.jpg?resize=768%2C432&amp;ssl=1 768w, https:\/\/i0.wp.com\/casadecampoliving.com\/wp-content\/uploads\/2023\/09\/Ricky-Martin-Concert-2023-16-scaled.jpg?resize=1536%2C864&amp;ssl=1 1536w, https:\/\/i0.wp.com\/casadecampoliving.com\/wp-content\/uploads\/2023\/09\/Ricky-Martin-Concert-2023-16-scaled.jpg?resize=2048%2C1152&amp;ssl=1 2048w, https:\/\/i0.wp.com\/casadecampoliving.com\/wp-content\/uploads\/2023\/09\/Ricky-Martin-Concert-2023-16-scaled.jpg?resize=1200%2C675&amp;ssl=1 1200w, https:\/\/i0.wp.com\/casadecampoliving.com\/wp-content\/uploads\/2023\/09\/Ricky-Martin-Concert-2023-16-scaled.jpg?resize=1568%2C882&amp;ssl=1 1568w, https:\/\/i0.wp.com\/casadecampoliving.com\/wp-content\/uploads\/2023\/09\/Ricky-Martin-Concert-2023-16-scaled.jpg?resize=400%2C225&amp;ssl=1 400w, https:\/\/i0.wp.com\/casadecampoliving.com\/wp-content\/uploads\/2023\/09\/Ricky-Martin-Concert-2023-16-scaled.jpg?resize=1320%2C742&amp;ssl=1 1320w, https:\/\/i0.wp.com\/casadecampoliving.com\/wp-content\/uploads\/2023\/09\/Ricky-Martin-Concert-2023-16-scaled.jpg?resize=150%2C84&amp;ssl=1 150w, https:\/\/i0.wp.com\/casadecampoliving.com\/wp-content\/uploads\/2023\/09\/Ricky-Martin-Concert-2023-16-1024x576.jpg?w=370&amp;ssl=1 370w\" sizes=\"auto, (max-width: 1000px) 100vw, 1000px\" \/><\/figure>\n\n\n\n<figure class=\"wp-block-image size-large\"><img data-recalc-dims=\"1\" loading=\"lazy\" decoding=\"async\" width=\"1024\" height=\"576\" data-id=\"521420\" src=\"https:\/\/i0.wp.com\/casadecampoliving.com\/wp-content\/uploads\/2023\/09\/Ricky-Martin-Concert-2023-17.jpg?resize=1024%2C576&#038;ssl=1\" alt=\"\" class=\"wp-image-521420\" srcset=\"https:\/\/i0.wp.com\/casadecampoliving.com\/wp-content\/uploads\/2023\/09\/Ricky-Martin-Concert-2023-17-scaled.jpg?resize=1024%2C576&amp;ssl=1 1024w, https:\/\/i0.wp.com\/casadecampoliving.com\/wp-content\/uploads\/2023\/09\/Ricky-Martin-Concert-2023-17-scaled.jpg?resize=300%2C169&amp;ssl=1 300w, https:\/\/i0.wp.com\/casadecampoliving.com\/wp-content\/uploads\/2023\/09\/Ricky-Martin-Concert-2023-17-scaled.jpg?resize=768%2C432&amp;ssl=1 768w, https:\/\/i0.wp.com\/casadecampoliving.com\/wp-content\/uploads\/2023\/09\/Ricky-Martin-Concert-2023-17-scaled.jpg?resize=1536%2C864&amp;ssl=1 1536w, https:\/\/i0.wp.com\/casadecampoliving.com\/wp-content\/uploads\/2023\/09\/Ricky-Martin-Concert-2023-17-scaled.jpg?resize=2048%2C1152&amp;ssl=1 2048w, https:\/\/i0.wp.com\/casadecampoliving.com\/wp-content\/uploads\/2023\/09\/Ricky-Martin-Concert-2023-17-scaled.jpg?resize=1200%2C675&amp;ssl=1 1200w, https:\/\/i0.wp.com\/casadecampoliving.com\/wp-content\/uploads\/2023\/09\/Ricky-Martin-Concert-2023-17-scaled.jpg?resize=1568%2C882&amp;ssl=1 1568w, https:\/\/i0.wp.com\/casadecampoliving.com\/wp-content\/uploads\/2023\/09\/Ricky-Martin-Concert-2023-17-scaled.jpg?resize=400%2C225&amp;ssl=1 400w, https:\/\/i0.wp.com\/casadecampoliving.com\/wp-content\/uploads\/2023\/09\/Ricky-Martin-Concert-2023-17-scaled.jpg?resize=1320%2C742&amp;ssl=1 1320w, https:\/\/i0.wp.com\/casadecampoliving.com\/wp-content\/uploads\/2023\/09\/Ricky-Martin-Concert-2023-17-scaled.jpg?resize=150%2C84&amp;ssl=1 150w, https:\/\/i0.wp.com\/casadecampoliving.com\/wp-content\/uploads\/2023\/09\/Ricky-Martin-Concert-2023-17-1024x576.jpg?w=370&amp;ssl=1 370w\" sizes=\"auto, (max-width: 1000px) 100vw, 1000px\" \/><\/figure>\n\n\n\n<figure class=\"wp-block-image size-large\"><img data-recalc-dims=\"1\" loading=\"lazy\" decoding=\"async\" width=\"1024\" height=\"576\" data-id=\"521416\" src=\"https:\/\/i0.wp.com\/casadecampoliving.com\/wp-content\/uploads\/2023\/09\/Ricky-Martin-Concert-2023-18.jpg?resize=1024%2C576&#038;ssl=1\" alt=\"\" class=\"wp-image-521416\" srcset=\"https:\/\/i0.wp.com\/casadecampoliving.com\/wp-content\/uploads\/2023\/09\/Ricky-Martin-Concert-2023-18-scaled.jpg?resize=1024%2C576&amp;ssl=1 1024w, https:\/\/i0.wp.com\/casadecampoliving.com\/wp-content\/uploads\/2023\/09\/Ricky-Martin-Concert-2023-18-scaled.jpg?resize=300%2C169&amp;ssl=1 300w, https:\/\/i0.wp.com\/casadecampoliving.com\/wp-content\/uploads\/2023\/09\/Ricky-Martin-Concert-2023-18-scaled.jpg?resize=768%2C432&amp;ssl=1 768w, https:\/\/i0.wp.com\/casadecampoliving.com\/wp-content\/uploads\/2023\/09\/Ricky-Martin-Concert-2023-18-scaled.jpg?resize=1536%2C864&amp;ssl=1 1536w, https:\/\/i0.wp.com\/casadecampoliving.com\/wp-content\/uploads\/2023\/09\/Ricky-Martin-Concert-2023-18-scaled.jpg?resize=2048%2C1152&amp;ssl=1 2048w, https:\/\/i0.wp.com\/casadecampoliving.com\/wp-content\/uploads\/2023\/09\/Ricky-Martin-Concert-2023-18-scaled.jpg?resize=1200%2C675&amp;ssl=1 1200w, https:\/\/i0.wp.com\/casadecampoliving.com\/wp-content\/uploads\/2023\/09\/Ricky-Martin-Concert-2023-18-scaled.jpg?resize=1568%2C882&amp;ssl=1 1568w, https:\/\/i0.wp.com\/casadecampoliving.com\/wp-content\/uploads\/2023\/09\/Ricky-Martin-Concert-2023-18-scaled.jpg?resize=400%2C225&amp;ssl=1 400w, https:\/\/i0.wp.com\/casadecampoliving.com\/wp-content\/uploads\/2023\/09\/Ricky-Martin-Concert-2023-18-scaled.jpg?resize=1320%2C742&amp;ssl=1 1320w, https:\/\/i0.wp.com\/casadecampoliving.com\/wp-content\/uploads\/2023\/09\/Ricky-Martin-Concert-2023-18-scaled.jpg?resize=150%2C84&amp;ssl=1 150w, https:\/\/i0.wp.com\/casadecampoliving.com\/wp-content\/uploads\/2023\/09\/Ricky-Martin-Concert-2023-18-1024x576.jpg?w=370&amp;ssl=1 370w\" sizes=\"auto, (max-width: 1000px) 100vw, 1000px\" \/><\/figure>\n\n\n\n<figure class=\"wp-block-image size-large\"><img data-recalc-dims=\"1\" loading=\"lazy\" decoding=\"async\" width=\"1024\" height=\"576\" data-id=\"521400\" src=\"https:\/\/i0.wp.com\/casadecampoliving.com\/wp-content\/uploads\/2023\/09\/Ricky-Martin-Concert-2023-19.jpg?resize=1024%2C576&#038;ssl=1\" alt=\"\" class=\"wp-image-521400\" srcset=\"https:\/\/i0.wp.com\/casadecampoliving.com\/wp-content\/uploads\/2023\/09\/Ricky-Martin-Concert-2023-19-scaled.jpg?resize=1024%2C576&amp;ssl=1 1024w, https:\/\/i0.wp.com\/casadecampoliving.com\/wp-content\/uploads\/2023\/09\/Ricky-Martin-Concert-2023-19-scaled.jpg?resize=300%2C169&amp;ssl=1 300w, https:\/\/i0.wp.com\/casadecampoliving.com\/wp-content\/uploads\/2023\/09\/Ricky-Martin-Concert-2023-19-scaled.jpg?resize=768%2C432&amp;ssl=1 768w, https:\/\/i0.wp.com\/casadecampoliving.com\/wp-content\/uploads\/2023\/09\/Ricky-Martin-Concert-2023-19-scaled.jpg?resize=1536%2C864&amp;ssl=1 1536w, https:\/\/i0.wp.com\/casadecampoliving.com\/wp-content\/uploads\/2023\/09\/Ricky-Martin-Concert-2023-19-scaled.jpg?resize=2048%2C1152&amp;ssl=1 2048w, https:\/\/i0.wp.com\/casadecampoliving.com\/wp-content\/uploads\/2023\/09\/Ricky-Martin-Concert-2023-19-scaled.jpg?resize=1200%2C675&amp;ssl=1 1200w, https:\/\/i0.wp.com\/casadecampoliving.com\/wp-content\/uploads\/2023\/09\/Ricky-Martin-Concert-2023-19-scaled.jpg?resize=1568%2C882&amp;ssl=1 1568w, https:\/\/i0.wp.com\/casadecampoliving.com\/wp-content\/uploads\/2023\/09\/Ricky-Martin-Concert-2023-19-scaled.jpg?resize=400%2C225&amp;ssl=1 400w, https:\/\/i0.wp.com\/casadecampoliving.com\/wp-content\/uploads\/2023\/09\/Ricky-Martin-Concert-2023-19-scaled.jpg?resize=1320%2C742&amp;ssl=1 1320w, https:\/\/i0.wp.com\/casadecampoliving.com\/wp-content\/uploads\/2023\/09\/Ricky-Martin-Concert-2023-19-scaled.jpg?resize=150%2C84&amp;ssl=1 150w, https:\/\/i0.wp.com\/casadecampoliving.com\/wp-content\/uploads\/2023\/09\/Ricky-Martin-Concert-2023-19-1024x576.jpg?w=370&amp;ssl=1 370w\" sizes=\"auto, (max-width: 1000px) 100vw, 1000px\" \/><\/figure>\n\n\n\n<figure class=\"wp-block-image size-large\"><img data-recalc-dims=\"1\" loading=\"lazy\" decoding=\"async\" width=\"1024\" height=\"576\" data-id=\"521412\" src=\"https:\/\/i0.wp.com\/casadecampoliving.com\/wp-content\/uploads\/2023\/09\/Ricky-Martin-Concert-2023-20-1.jpg?resize=1024%2C576&#038;ssl=1\" alt=\"\" class=\"wp-image-521412\" srcset=\"https:\/\/i0.wp.com\/casadecampoliving.com\/wp-content\/uploads\/2023\/09\/Ricky-Martin-Concert-2023-20-1-scaled.jpg?resize=1024%2C576&amp;ssl=1 1024w, https:\/\/i0.wp.com\/casadecampoliving.com\/wp-content\/uploads\/2023\/09\/Ricky-Martin-Concert-2023-20-1-scaled.jpg?resize=300%2C169&amp;ssl=1 300w, https:\/\/i0.wp.com\/casadecampoliving.com\/wp-content\/uploads\/2023\/09\/Ricky-Martin-Concert-2023-20-1-scaled.jpg?resize=768%2C432&amp;ssl=1 768w, https:\/\/i0.wp.com\/casadecampoliving.com\/wp-content\/uploads\/2023\/09\/Ricky-Martin-Concert-2023-20-1-scaled.jpg?resize=1536%2C864&amp;ssl=1 1536w, https:\/\/i0.wp.com\/casadecampoliving.com\/wp-content\/uploads\/2023\/09\/Ricky-Martin-Concert-2023-20-1-scaled.jpg?resize=2048%2C1152&amp;ssl=1 2048w, https:\/\/i0.wp.com\/casadecampoliving.com\/wp-content\/uploads\/2023\/09\/Ricky-Martin-Concert-2023-20-1-scaled.jpg?resize=1200%2C675&amp;ssl=1 1200w, https:\/\/i0.wp.com\/casadecampoliving.com\/wp-content\/uploads\/2023\/09\/Ricky-Martin-Concert-2023-20-1-scaled.jpg?resize=1568%2C882&amp;ssl=1 1568w, https:\/\/i0.wp.com\/casadecampoliving.com\/wp-content\/uploads\/2023\/09\/Ricky-Martin-Concert-2023-20-1-scaled.jpg?resize=400%2C225&amp;ssl=1 400w, https:\/\/i0.wp.com\/casadecampoliving.com\/wp-content\/uploads\/2023\/09\/Ricky-Martin-Concert-2023-20-1-scaled.jpg?resize=1320%2C742&amp;ssl=1 1320w, https:\/\/i0.wp.com\/casadecampoliving.com\/wp-content\/uploads\/2023\/09\/Ricky-Martin-Concert-2023-20-1-scaled.jpg?resize=150%2C84&amp;ssl=1 150w, https:\/\/i0.wp.com\/casadecampoliving.com\/wp-content\/uploads\/2023\/09\/Ricky-Martin-Concert-2023-20-1-1024x576.jpg?w=370&amp;ssl=1 370w\" sizes=\"auto, (max-width: 1000px) 100vw, 1000px\" \/><\/figure>\n\n\n\n<figure class=\"wp-block-image size-large\"><img data-recalc-dims=\"1\" loading=\"lazy\" decoding=\"async\" width=\"683\" height=\"1024\" data-id=\"521444\" src=\"https:\/\/i0.wp.com\/casadecampoliving.com\/wp-content\/uploads\/2023\/09\/Ricky-Martin-Concert-2023-2.jpg?resize=683%2C1024&#038;ssl=1\" alt=\"\" class=\"wp-image-521444\" srcset=\"https:\/\/i0.wp.com\/casadecampoliving.com\/wp-content\/uploads\/2023\/09\/Ricky-Martin-Concert-2023-2-scaled.jpg?resize=683%2C1024&amp;ssl=1 683w, https:\/\/i0.wp.com\/casadecampoliving.com\/wp-content\/uploads\/2023\/09\/Ricky-Martin-Concert-2023-2-scaled.jpg?resize=200%2C300&amp;ssl=1 200w, https:\/\/i0.wp.com\/casadecampoliving.com\/wp-content\/uploads\/2023\/09\/Ricky-Martin-Concert-2023-2-scaled.jpg?resize=768%2C1152&amp;ssl=1 768w, https:\/\/i0.wp.com\/casadecampoliving.com\/wp-content\/uploads\/2023\/09\/Ricky-Martin-Concert-2023-2-scaled.jpg?resize=1024%2C1536&amp;ssl=1 1024w, https:\/\/i0.wp.com\/casadecampoliving.com\/wp-content\/uploads\/2023\/09\/Ricky-Martin-Concert-2023-2-scaled.jpg?resize=1365%2C2048&amp;ssl=1 1365w, https:\/\/i0.wp.com\/casadecampoliving.com\/wp-content\/uploads\/2023\/09\/Ricky-Martin-Concert-2023-2-scaled.jpg?resize=1200%2C1800&amp;ssl=1 1200w, https:\/\/i0.wp.com\/casadecampoliving.com\/wp-content\/uploads\/2023\/09\/Ricky-Martin-Concert-2023-2-scaled.jpg?resize=1568%2C2352&amp;ssl=1 1568w, https:\/\/i0.wp.com\/casadecampoliving.com\/wp-content\/uploads\/2023\/09\/Ricky-Martin-Concert-2023-2-scaled.jpg?resize=400%2C600&amp;ssl=1 400w, https:\/\/i0.wp.com\/casadecampoliving.com\/wp-content\/uploads\/2023\/09\/Ricky-Martin-Concert-2023-2-scaled.jpg?resize=1320%2C1980&amp;ssl=1 1320w, https:\/\/i0.wp.com\/casadecampoliving.com\/wp-content\/uploads\/2023\/09\/Ricky-Martin-Concert-2023-2-scaled.jpg?resize=150%2C225&amp;ssl=1 150w, https:\/\/i0.wp.com\/casadecampoliving.com\/wp-content\/uploads\/2023\/09\/Ricky-Martin-Concert-2023-2-scaled.jpg?w=1707&amp;ssl=1 1707w, https:\/\/i0.wp.com\/casadecampoliving.com\/wp-content\/uploads\/2023\/09\/Ricky-Martin-Concert-2023-2-683x1024.jpg?w=370&amp;ssl=1 370w\" sizes=\"auto, (max-width: 683px) 100vw, 683px\" \/><\/figure>\n\n\n\n<figure class=\"wp-block-image size-large\"><img data-recalc-dims=\"1\" loading=\"lazy\" decoding=\"async\" width=\"1024\" height=\"576\" data-id=\"521422\" src=\"https:\/\/i0.wp.com\/casadecampoliving.com\/wp-content\/uploads\/2023\/09\/Ricky-Martin-Concert-2023-22.jpg?resize=1024%2C576&#038;ssl=1\" alt=\"\" class=\"wp-image-521422\" srcset=\"https:\/\/i0.wp.com\/casadecampoliving.com\/wp-content\/uploads\/2023\/09\/Ricky-Martin-Concert-2023-22-scaled.jpg?resize=1024%2C576&amp;ssl=1 1024w, https:\/\/i0.wp.com\/casadecampoliving.com\/wp-content\/uploads\/2023\/09\/Ricky-Martin-Concert-2023-22-scaled.jpg?resize=300%2C169&amp;ssl=1 300w, https:\/\/i0.wp.com\/casadecampoliving.com\/wp-content\/uploads\/2023\/09\/Ricky-Martin-Concert-2023-22-scaled.jpg?resize=768%2C432&amp;ssl=1 768w, https:\/\/i0.wp.com\/casadecampoliving.com\/wp-content\/uploads\/2023\/09\/Ricky-Martin-Concert-2023-22-scaled.jpg?resize=1536%2C864&amp;ssl=1 1536w, https:\/\/i0.wp.com\/casadecampoliving.com\/wp-content\/uploads\/2023\/09\/Ricky-Martin-Concert-2023-22-scaled.jpg?resize=2048%2C1152&amp;ssl=1 2048w, https:\/\/i0.wp.com\/casadecampoliving.com\/wp-content\/uploads\/2023\/09\/Ricky-Martin-Concert-2023-22-scaled.jpg?resize=1200%2C675&amp;ssl=1 1200w, https:\/\/i0.wp.com\/casadecampoliving.com\/wp-content\/uploads\/2023\/09\/Ricky-Martin-Concert-2023-22-scaled.jpg?resize=1568%2C882&amp;ssl=1 1568w, https:\/\/i0.wp.com\/casadecampoliving.com\/wp-content\/uploads\/2023\/09\/Ricky-Martin-Concert-2023-22-scaled.jpg?resize=400%2C225&amp;ssl=1 400w, https:\/\/i0.wp.com\/casadecampoliving.com\/wp-content\/uploads\/2023\/09\/Ricky-Martin-Concert-2023-22-scaled.jpg?resize=1320%2C742&amp;ssl=1 1320w, https:\/\/i0.wp.com\/casadecampoliving.com\/wp-content\/uploads\/2023\/09\/Ricky-Martin-Concert-2023-22-scaled.jpg?resize=150%2C84&amp;ssl=1 150w, https:\/\/i0.wp.com\/casadecampoliving.com\/wp-content\/uploads\/2023\/09\/Ricky-Martin-Concert-2023-22-1024x576.jpg?w=370&amp;ssl=1 370w\" sizes=\"auto, (max-width: 1000px) 100vw, 1000px\" \/><\/figure>\n\n\n\n<figure class=\"wp-block-image size-large\"><img data-recalc-dims=\"1\" loading=\"lazy\" decoding=\"async\" width=\"1024\" height=\"576\" data-id=\"521404\" src=\"https:\/\/i0.wp.com\/casadecampoliving.com\/wp-content\/uploads\/2023\/09\/Ricky-Martin-Concert-2023-23.jpg?resize=1024%2C576&#038;ssl=1\" alt=\"\" class=\"wp-image-521404\" srcset=\"https:\/\/i0.wp.com\/casadecampoliving.com\/wp-content\/uploads\/2023\/09\/Ricky-Martin-Concert-2023-23-scaled.jpg?resize=1024%2C576&amp;ssl=1 1024w, https:\/\/i0.wp.com\/casadecampoliving.com\/wp-content\/uploads\/2023\/09\/Ricky-Martin-Concert-2023-23-scaled.jpg?resize=300%2C169&amp;ssl=1 300w, https:\/\/i0.wp.com\/casadecampoliving.com\/wp-content\/uploads\/2023\/09\/Ricky-Martin-Concert-2023-23-scaled.jpg?resize=768%2C432&amp;ssl=1 768w, https:\/\/i0.wp.com\/casadecampoliving.com\/wp-content\/uploads\/2023\/09\/Ricky-Martin-Concert-2023-23-scaled.jpg?resize=1536%2C864&amp;ssl=1 1536w, https:\/\/i0.wp.com\/casadecampoliving.com\/wp-content\/uploads\/2023\/09\/Ricky-Martin-Concert-2023-23-scaled.jpg?resize=2048%2C1152&amp;ssl=1 2048w, https:\/\/i0.wp.com\/casadecampoliving.com\/wp-content\/uploads\/2023\/09\/Ricky-Martin-Concert-2023-23-scaled.jpg?resize=1200%2C675&amp;ssl=1 1200w, https:\/\/i0.wp.com\/casadecampoliving.com\/wp-content\/uploads\/2023\/09\/Ricky-Martin-Concert-2023-23-scaled.jpg?resize=1568%2C882&amp;ssl=1 1568w, https:\/\/i0.wp.com\/casadecampoliving.com\/wp-content\/uploads\/2023\/09\/Ricky-Martin-Concert-2023-23-scaled.jpg?resize=400%2C225&amp;ssl=1 400w, https:\/\/i0.wp.com\/casadecampoliving.com\/wp-content\/uploads\/2023\/09\/Ricky-Martin-Concert-2023-23-scaled.jpg?resize=1320%2C742&amp;ssl=1 1320w, https:\/\/i0.wp.com\/casadecampoliving.com\/wp-content\/uploads\/2023\/09\/Ricky-Martin-Concert-2023-23-scaled.jpg?resize=150%2C84&amp;ssl=1 150w, https:\/\/i0.wp.com\/casadecampoliving.com\/wp-content\/uploads\/2023\/09\/Ricky-Martin-Concert-2023-23-1024x576.jpg?w=370&amp;ssl=1 370w\" sizes=\"auto, (max-width: 1000px) 100vw, 1000px\" \/><\/figure>\n\n\n\n<figure class=\"wp-block-image size-large\"><img data-recalc-dims=\"1\" loading=\"lazy\" decoding=\"async\" width=\"1024\" height=\"576\" data-id=\"521390\" src=\"https:\/\/i0.wp.com\/casadecampoliving.com\/wp-content\/uploads\/2023\/09\/Ricky-Martin-Concert-2023-24.jpg?resize=1024%2C576&#038;ssl=1\" alt=\"\" class=\"wp-image-521390\" srcset=\"https:\/\/i0.wp.com\/casadecampoliving.com\/wp-content\/uploads\/2023\/09\/Ricky-Martin-Concert-2023-24-scaled.jpg?resize=1024%2C576&amp;ssl=1 1024w, https:\/\/i0.wp.com\/casadecampoliving.com\/wp-content\/uploads\/2023\/09\/Ricky-Martin-Concert-2023-24-scaled.jpg?resize=300%2C169&amp;ssl=1 300w, https:\/\/i0.wp.com\/casadecampoliving.com\/wp-content\/uploads\/2023\/09\/Ricky-Martin-Concert-2023-24-scaled.jpg?resize=768%2C432&amp;ssl=1 768w, https:\/\/i0.wp.com\/casadecampoliving.com\/wp-content\/uploads\/2023\/09\/Ricky-Martin-Concert-2023-24-scaled.jpg?resize=1536%2C864&amp;ssl=1 1536w, https:\/\/i0.wp.com\/casadecampoliving.com\/wp-content\/uploads\/2023\/09\/Ricky-Martin-Concert-2023-24-scaled.jpg?resize=2048%2C1152&amp;ssl=1 2048w, https:\/\/i0.wp.com\/casadecampoliving.com\/wp-content\/uploads\/2023\/09\/Ricky-Martin-Concert-2023-24-scaled.jpg?resize=1200%2C675&amp;ssl=1 1200w, https:\/\/i0.wp.com\/casadecampoliving.com\/wp-content\/uploads\/2023\/09\/Ricky-Martin-Concert-2023-24-scaled.jpg?resize=1568%2C882&amp;ssl=1 1568w, https:\/\/i0.wp.com\/casadecampoliving.com\/wp-content\/uploads\/2023\/09\/Ricky-Martin-Concert-2023-24-scaled.jpg?resize=400%2C225&amp;ssl=1 400w, https:\/\/i0.wp.com\/casadecampoliving.com\/wp-content\/uploads\/2023\/09\/Ricky-Martin-Concert-2023-24-scaled.jpg?resize=1320%2C742&amp;ssl=1 1320w, https:\/\/i0.wp.com\/casadecampoliving.com\/wp-content\/uploads\/2023\/09\/Ricky-Martin-Concert-2023-24-scaled.jpg?resize=150%2C84&amp;ssl=1 150w, https:\/\/i0.wp.com\/casadecampoliving.com\/wp-content\/uploads\/2023\/09\/Ricky-Martin-Concert-2023-24-1024x576.jpg?w=370&amp;ssl=1 370w\" sizes=\"auto, (max-width: 1000px) 100vw, 1000px\" \/><\/figure>\n\n\n\n<figure class=\"wp-block-image size-large\"><img data-recalc-dims=\"1\" loading=\"lazy\" decoding=\"async\" width=\"1024\" height=\"576\" data-id=\"521396\" src=\"https:\/\/i0.wp.com\/casadecampoliving.com\/wp-content\/uploads\/2023\/09\/Ricky-Martin-Concert-2023-25.jpg?resize=1024%2C576&#038;ssl=1\" alt=\"\" class=\"wp-image-521396\" srcset=\"https:\/\/i0.wp.com\/casadecampoliving.com\/wp-content\/uploads\/2023\/09\/Ricky-Martin-Concert-2023-25-scaled.jpg?resize=1024%2C576&amp;ssl=1 1024w, https:\/\/i0.wp.com\/casadecampoliving.com\/wp-content\/uploads\/2023\/09\/Ricky-Martin-Concert-2023-25-scaled.jpg?resize=300%2C169&amp;ssl=1 300w, https:\/\/i0.wp.com\/casadecampoliving.com\/wp-content\/uploads\/2023\/09\/Ricky-Martin-Concert-2023-25-scaled.jpg?resize=768%2C432&amp;ssl=1 768w, https:\/\/i0.wp.com\/casadecampoliving.com\/wp-content\/uploads\/2023\/09\/Ricky-Martin-Concert-2023-25-scaled.jpg?resize=1536%2C864&amp;ssl=1 1536w, https:\/\/i0.wp.com\/casadecampoliving.com\/wp-content\/uploads\/2023\/09\/Ricky-Martin-Concert-2023-25-scaled.jpg?resize=2048%2C1152&amp;ssl=1 2048w, https:\/\/i0.wp.com\/casadecampoliving.com\/wp-content\/uploads\/2023\/09\/Ricky-Martin-Concert-2023-25-scaled.jpg?resize=1200%2C675&amp;ssl=1 1200w, https:\/\/i0.wp.com\/casadecampoliving.com\/wp-content\/uploads\/2023\/09\/Ricky-Martin-Concert-2023-25-scaled.jpg?resize=1568%2C882&amp;ssl=1 1568w, https:\/\/i0.wp.com\/casadecampoliving.com\/wp-content\/uploads\/2023\/09\/Ricky-Martin-Concert-2023-25-scaled.jpg?resize=400%2C225&amp;ssl=1 400w, https:\/\/i0.wp.com\/casadecampoliving.com\/wp-content\/uploads\/2023\/09\/Ricky-Martin-Concert-2023-25-scaled.jpg?resize=1320%2C742&amp;ssl=1 1320w, https:\/\/i0.wp.com\/casadecampoliving.com\/wp-content\/uploads\/2023\/09\/Ricky-Martin-Concert-2023-25-scaled.jpg?resize=150%2C84&amp;ssl=1 150w, https:\/\/i0.wp.com\/casadecampoliving.com\/wp-content\/uploads\/2023\/09\/Ricky-Martin-Concert-2023-25-1024x576.jpg?w=370&amp;ssl=1 370w\" sizes=\"auto, (max-width: 1000px) 100vw, 1000px\" \/><\/figure>\n\n\n\n<figure class=\"wp-block-image size-large\"><img data-recalc-dims=\"1\" loading=\"lazy\" decoding=\"async\" width=\"1024\" height=\"576\" data-id=\"521406\" src=\"https:\/\/i0.wp.com\/casadecampoliving.com\/wp-content\/uploads\/2023\/09\/Ricky-Martin-Concert-2023-26.jpg?resize=1024%2C576&#038;ssl=1\" alt=\"\" class=\"wp-image-521406\" srcset=\"https:\/\/i0.wp.com\/casadecampoliving.com\/wp-content\/uploads\/2023\/09\/Ricky-Martin-Concert-2023-26-scaled.jpg?resize=1024%2C576&amp;ssl=1 1024w, https:\/\/i0.wp.com\/casadecampoliving.com\/wp-content\/uploads\/2023\/09\/Ricky-Martin-Concert-2023-26-scaled.jpg?resize=300%2C169&amp;ssl=1 300w, https:\/\/i0.wp.com\/casadecampoliving.com\/wp-content\/uploads\/2023\/09\/Ricky-Martin-Concert-2023-26-scaled.jpg?resize=768%2C432&amp;ssl=1 768w, https:\/\/i0.wp.com\/casadecampoliving.com\/wp-content\/uploads\/2023\/09\/Ricky-Martin-Concert-2023-26-scaled.jpg?resize=1536%2C864&amp;ssl=1 1536w, https:\/\/i0.wp.com\/casadecampoliving.com\/wp-content\/uploads\/2023\/09\/Ricky-Martin-Concert-2023-26-scaled.jpg?resize=2048%2C1152&amp;ssl=1 2048w, https:\/\/i0.wp.com\/casadecampoliving.com\/wp-content\/uploads\/2023\/09\/Ricky-Martin-Concert-2023-26-scaled.jpg?resize=1200%2C675&amp;ssl=1 1200w, https:\/\/i0.wp.com\/casadecampoliving.com\/wp-content\/uploads\/2023\/09\/Ricky-Martin-Concert-2023-26-scaled.jpg?resize=1568%2C882&amp;ssl=1 1568w, https:\/\/i0.wp.com\/casadecampoliving.com\/wp-content\/uploads\/2023\/09\/Ricky-Martin-Concert-2023-26-scaled.jpg?resize=400%2C225&amp;ssl=1 400w, https:\/\/i0.wp.com\/casadecampoliving.com\/wp-content\/uploads\/2023\/09\/Ricky-Martin-Concert-2023-26-scaled.jpg?resize=1320%2C742&amp;ssl=1 1320w, https:\/\/i0.wp.com\/casadecampoliving.com\/wp-content\/uploads\/2023\/09\/Ricky-Martin-Concert-2023-26-scaled.jpg?resize=150%2C84&amp;ssl=1 150w, https:\/\/i0.wp.com\/casadecampoliving.com\/wp-content\/uploads\/2023\/09\/Ricky-Martin-Concert-2023-26-1024x576.jpg?w=370&amp;ssl=1 370w\" sizes=\"auto, (max-width: 1000px) 100vw, 1000px\" \/><\/figure>\n\n\n\n<figure class=\"wp-block-image size-large\"><img data-recalc-dims=\"1\" loading=\"lazy\" decoding=\"async\" width=\"1024\" height=\"576\" data-id=\"521408\" src=\"https:\/\/i0.wp.com\/casadecampoliving.com\/wp-content\/uploads\/2023\/09\/Ricky-Martin-Concert-2023-27.jpg?resize=1024%2C576&#038;ssl=1\" alt=\"\" class=\"wp-image-521408\" srcset=\"https:\/\/i0.wp.com\/casadecampoliving.com\/wp-content\/uploads\/2023\/09\/Ricky-Martin-Concert-2023-27-scaled.jpg?resize=1024%2C576&amp;ssl=1 1024w, https:\/\/i0.wp.com\/casadecampoliving.com\/wp-content\/uploads\/2023\/09\/Ricky-Martin-Concert-2023-27-scaled.jpg?resize=300%2C169&amp;ssl=1 300w, https:\/\/i0.wp.com\/casadecampoliving.com\/wp-content\/uploads\/2023\/09\/Ricky-Martin-Concert-2023-27-scaled.jpg?resize=768%2C432&amp;ssl=1 768w, https:\/\/i0.wp.com\/casadecampoliving.com\/wp-content\/uploads\/2023\/09\/Ricky-Martin-Concert-2023-27-scaled.jpg?resize=1536%2C864&amp;ssl=1 1536w, https:\/\/i0.wp.com\/casadecampoliving.com\/wp-content\/uploads\/2023\/09\/Ricky-Martin-Concert-2023-27-scaled.jpg?resize=2048%2C1152&amp;ssl=1 2048w, https:\/\/i0.wp.com\/casadecampoliving.com\/wp-content\/uploads\/2023\/09\/Ricky-Martin-Concert-2023-27-scaled.jpg?resize=1200%2C675&amp;ssl=1 1200w, https:\/\/i0.wp.com\/casadecampoliving.com\/wp-content\/uploads\/2023\/09\/Ricky-Martin-Concert-2023-27-scaled.jpg?resize=1568%2C882&amp;ssl=1 1568w, https:\/\/i0.wp.com\/casadecampoliving.com\/wp-content\/uploads\/2023\/09\/Ricky-Martin-Concert-2023-27-scaled.jpg?resize=400%2C225&amp;ssl=1 400w, https:\/\/i0.wp.com\/casadecampoliving.com\/wp-content\/uploads\/2023\/09\/Ricky-Martin-Concert-2023-27-scaled.jpg?resize=1320%2C742&amp;ssl=1 1320w, https:\/\/i0.wp.com\/casadecampoliving.com\/wp-content\/uploads\/2023\/09\/Ricky-Martin-Concert-2023-27-scaled.jpg?resize=150%2C84&amp;ssl=1 150w, https:\/\/i0.wp.com\/casadecampoliving.com\/wp-content\/uploads\/2023\/09\/Ricky-Martin-Concert-2023-27-1024x576.jpg?w=370&amp;ssl=1 370w\" sizes=\"auto, (max-width: 1000px) 100vw, 1000px\" \/><\/figure>\n\n\n\n<figure class=\"wp-block-image size-large\"><img data-recalc-dims=\"1\" loading=\"lazy\" decoding=\"async\" width=\"1024\" height=\"576\" data-id=\"521417\" src=\"https:\/\/i0.wp.com\/casadecampoliving.com\/wp-content\/uploads\/2023\/09\/Ricky-Martin-Concert-2023-28.jpg?resize=1024%2C576&#038;ssl=1\" alt=\"\" class=\"wp-image-521417\" srcset=\"https:\/\/i0.wp.com\/casadecampoliving.com\/wp-content\/uploads\/2023\/09\/Ricky-Martin-Concert-2023-28-scaled.jpg?resize=1024%2C576&amp;ssl=1 1024w, https:\/\/i0.wp.com\/casadecampoliving.com\/wp-content\/uploads\/2023\/09\/Ricky-Martin-Concert-2023-28-scaled.jpg?resize=300%2C169&amp;ssl=1 300w, https:\/\/i0.wp.com\/casadecampoliving.com\/wp-content\/uploads\/2023\/09\/Ricky-Martin-Concert-2023-28-scaled.jpg?resize=768%2C432&amp;ssl=1 768w, https:\/\/i0.wp.com\/casadecampoliving.com\/wp-content\/uploads\/2023\/09\/Ricky-Martin-Concert-2023-28-scaled.jpg?resize=1536%2C864&amp;ssl=1 1536w, https:\/\/i0.wp.com\/casadecampoliving.com\/wp-content\/uploads\/2023\/09\/Ricky-Martin-Concert-2023-28-scaled.jpg?resize=2048%2C1152&amp;ssl=1 2048w, https:\/\/i0.wp.com\/casadecampoliving.com\/wp-content\/uploads\/2023\/09\/Ricky-Martin-Concert-2023-28-scaled.jpg?resize=1200%2C675&amp;ssl=1 1200w, https:\/\/i0.wp.com\/casadecampoliving.com\/wp-content\/uploads\/2023\/09\/Ricky-Martin-Concert-2023-28-scaled.jpg?resize=1568%2C882&amp;ssl=1 1568w, https:\/\/i0.wp.com\/casadecampoliving.com\/wp-content\/uploads\/2023\/09\/Ricky-Martin-Concert-2023-28-scaled.jpg?resize=400%2C225&amp;ssl=1 400w, https:\/\/i0.wp.com\/casadecampoliving.com\/wp-content\/uploads\/2023\/09\/Ricky-Martin-Concert-2023-28-scaled.jpg?resize=1320%2C742&amp;ssl=1 1320w, https:\/\/i0.wp.com\/casadecampoliving.com\/wp-content\/uploads\/2023\/09\/Ricky-Martin-Concert-2023-28-scaled.jpg?resize=150%2C84&amp;ssl=1 150w, https:\/\/i0.wp.com\/casadecampoliving.com\/wp-content\/uploads\/2023\/09\/Ricky-Martin-Concert-2023-28-1024x576.jpg?w=370&amp;ssl=1 370w\" sizes=\"auto, (max-width: 1000px) 100vw, 1000px\" \/><\/figure>\n\n\n\n<figure class=\"wp-block-image size-large\"><img data-recalc-dims=\"1\" loading=\"lazy\" decoding=\"async\" width=\"1024\" height=\"576\" data-id=\"521428\" src=\"https:\/\/i0.wp.com\/casadecampoliving.com\/wp-content\/uploads\/2023\/09\/Ricky-Martin-Concert-2023-29.jpg?resize=1024%2C576&#038;ssl=1\" alt=\"\" class=\"wp-image-521428\" srcset=\"https:\/\/i0.wp.com\/casadecampoliving.com\/wp-content\/uploads\/2023\/09\/Ricky-Martin-Concert-2023-29-scaled.jpg?resize=1024%2C576&amp;ssl=1 1024w, https:\/\/i0.wp.com\/casadecampoliving.com\/wp-content\/uploads\/2023\/09\/Ricky-Martin-Concert-2023-29-scaled.jpg?resize=300%2C169&amp;ssl=1 300w, https:\/\/i0.wp.com\/casadecampoliving.com\/wp-content\/uploads\/2023\/09\/Ricky-Martin-Concert-2023-29-scaled.jpg?resize=768%2C432&amp;ssl=1 768w, https:\/\/i0.wp.com\/casadecampoliving.com\/wp-content\/uploads\/2023\/09\/Ricky-Martin-Concert-2023-29-scaled.jpg?resize=1536%2C864&amp;ssl=1 1536w, https:\/\/i0.wp.com\/casadecampoliving.com\/wp-content\/uploads\/2023\/09\/Ricky-Martin-Concert-2023-29-scaled.jpg?resize=2048%2C1152&amp;ssl=1 2048w, https:\/\/i0.wp.com\/casadecampoliving.com\/wp-content\/uploads\/2023\/09\/Ricky-Martin-Concert-2023-29-scaled.jpg?resize=1200%2C675&amp;ssl=1 1200w, https:\/\/i0.wp.com\/casadecampoliving.com\/wp-content\/uploads\/2023\/09\/Ricky-Martin-Concert-2023-29-scaled.jpg?resize=1568%2C882&amp;ssl=1 1568w, https:\/\/i0.wp.com\/casadecampoliving.com\/wp-content\/uploads\/2023\/09\/Ricky-Martin-Concert-2023-29-scaled.jpg?resize=400%2C225&amp;ssl=1 400w, https:\/\/i0.wp.com\/casadecampoliving.com\/wp-content\/uploads\/2023\/09\/Ricky-Martin-Concert-2023-29-scaled.jpg?resize=1320%2C742&amp;ssl=1 1320w, https:\/\/i0.wp.com\/casadecampoliving.com\/wp-content\/uploads\/2023\/09\/Ricky-Martin-Concert-2023-29-scaled.jpg?resize=150%2C84&amp;ssl=1 150w, https:\/\/i0.wp.com\/casadecampoliving.com\/wp-content\/uploads\/2023\/09\/Ricky-Martin-Concert-2023-29-1024x576.jpg?w=370&amp;ssl=1 370w\" sizes=\"auto, (max-width: 1000px) 100vw, 1000px\" \/><\/figure>\n<\/figure>\n","protected":false},"excerpt":{"rendered":"<p>En una actuaci\u00f3n resonante que dej\u00f3 a los fan\u00e1ticos extasiados, Ricky Martin llen\u00f3 el anfiteatro de Altos de Chav\u00f3n durante su concierto sinf\u00f3nico, estableciendo una conexi\u00f3n inmediata con el p\u00fablico tan pronto como pis\u00f3 el escenario. El s\u00e1bado 2 de septiembre, el artista puertorrique\u00f1o irradi\u00f3 alegr\u00eda, tranquilidad y profesionalismo, desvelando coreograf\u00edas minuciosamente ensayadas. Martin apareci\u00f3 [&hellip;]<\/p>\n","protected":false},"author":36791,"featured_media":521443,"comment_status":"closed","ping_status":"closed","sticky":false,"template":"","format":"standard","meta":{"newspack_ads_suppress_ads":false,"newspack_popups_has_disabled_popups":false,"newspack_sponsor_sponsorship_scope":"","newspack_sponsor_native_byline_display":"inherit","newspack_sponsor_native_category_display":"inherit","newspack_sponsor_underwriter_style":"inherit","newspack_sponsor_underwriter_placement":"inherit","_newspack_byline_active":false,"_newspack_byline":"","newspack_hide_updated_date":false,"newspack_show_updated_date":false,"newspack_content_restriction_is_exempt":false,"newspack_featured_image_position":"beside","newspack_post_subtitle":"La hist\u00f3rica noche de Ricky Martin cumpli\u00f3 su promesa de una actuaci\u00f3n inolvidable","newspack_article_summary_title":"Overview:","newspack_article_summary":"","_jetpack_memberships_contains_paid_content":false,"footnotes":"","jetpack_publicize_message":"","jetpack_publicize_feature_enabled":true,"jetpack_social_post_already_shared":false,"jetpack_social_options":{"image_generator_settings":{"template":"highway","default_image_id":0,"font":"","enabled":false},"version":2},"_wpas_customize_per_network":false},"categories":[26577,2513,2518,14631,2522,23889,14625],"tags":[15387,27100,2604,23815,14736],"newspack_spnsrs_tax":[],"class_list":["post-521469","post","type-post","status-publish","format-standard","has-post-thumbnail","hentry","category-altos-de-chavon-6","category-celebridades-es","category-conciertos-es","category-estilo-de-vida","category-eventos-es","category-lifestyle-2","category-noticias-locales","tag-altos-de-chavon-es","tag-altos-de-chavon-es-7","tag-anfiteatro-altos-de-chavon","tag-casa-de-campo-es-17","tag-featured-topview-es","entry"],"yoast_head":"<!-- This site is optimized with the Yoast SEO plugin v27.5 - https:\/\/yoast.com\/product\/yoast-seo-wordpress\/ -->\n<title>Ricky Martin triunfa en Altos de Chav\u00f3n con concierto sinf\u00f3nico | Casa de Campo Living<\/title>\n<meta name=\"description\" content=\"En una actuaci\u00f3n resonante que dej\u00f3 a los fan\u00e1ticos extasiados, Ricky Martin llen\u00f3 el anfiteatro de Altos de Chav\u00f3n durante su concierto sinf\u00f3nico,\" \/>\n<meta name=\"robots\" content=\"index, follow, max-snippet:-1, max-image-preview:large, max-video-preview:-1\" \/>\n<link rel=\"canonical\" href=\"https:\/\/casadecampoliving.com\/es\/ricky-martin-triunfa-en-altos-de-chavon-con-concierto-sinfonico\/\" \/>\n<meta property=\"og:locale\" content=\"es_ES\" \/>\n<meta property=\"og:type\" content=\"article\" \/>\n<meta property=\"og:title\" content=\"Ricky Martin triunfa en Altos de Chav\u00f3n con concierto sinf\u00f3nico | Casa de Campo Living\" \/>\n<meta property=\"og:description\" content=\"En una actuaci\u00f3n resonante que dej\u00f3 a los fan\u00e1ticos extasiados, Ricky Martin llen\u00f3 el anfiteatro de Altos de Chav\u00f3n durante su concierto sinf\u00f3nico,\" \/>\n<meta property=\"og:url\" content=\"https:\/\/casadecampoliving.com\/es\/ricky-martin-triunfa-en-altos-de-chavon-con-concierto-sinfonico\/\" \/>\n<meta property=\"og:site_name\" content=\"Casa de Campo Living\" \/>\n<meta property=\"article:publisher\" content=\"https:\/\/www.facebook.com\/casadecampoliving\" \/>\n<meta property=\"article:published_time\" content=\"2023-09-05T17:18:30+00:00\" \/>\n<meta property=\"article:modified_time\" content=\"2023-09-05T18:06:43+00:00\" \/>\n<meta property=\"og:image\" content=\"https:\/\/casadecampoliving.com\/wp-content\/uploads\/2023\/09\/Ricky-Martin-Concert-2023-1-scaled-e1693934131337.jpg\" \/>\n\t<meta property=\"og:image:width\" content=\"1707\" \/>\n\t<meta property=\"og:image:height\" content=\"2560\" \/>\n\t<meta property=\"og:image:type\" content=\"image\/jpeg\" \/>\n<meta name=\"author\" content=\"Casa de Campo Living\" \/>\n<meta name=\"twitter:card\" content=\"summary_large_image\" \/>\n<meta name=\"twitter:creator\" content=\"@cdcliving\" \/>\n<meta name=\"twitter:site\" content=\"@cdcliving\" \/>\n<meta name=\"twitter:label1\" content=\"Escrito por\" \/>\n\t<meta name=\"twitter:data1\" content=\"Casa de Campo Living\" \/>\n\t<meta name=\"twitter:label2\" content=\"Tiempo de lectura\" \/>\n\t<meta name=\"twitter:data2\" content=\"7 minutos\" \/>\n<script type=\"application\/ld+json\" class=\"yoast-schema-graph\">{\"@context\":\"https:\\\/\\\/schema.org\",\"@graph\":[{\"@type\":\"Article\",\"@id\":\"https:\\\/\\\/casadecampoliving.com\\\/es\\\/ricky-martin-triunfa-en-altos-de-chavon-con-concierto-sinfonico\\\/#article\",\"isPartOf\":{\"@id\":\"https:\\\/\\\/casadecampoliving.com\\\/es\\\/ricky-martin-triunfa-en-altos-de-chavon-con-concierto-sinfonico\\\/\"},\"author\":{\"name\":\"Casa de Campo Living\",\"@id\":\"https:\\\/\\\/casadecampoliving.com\\\/es\\\/#\\\/schema\\\/person\\\/5d2171637a9d11e0e43ce6b8555f9422\"},\"headline\":\"Ricky Martin triunfa en Altos de Chav\u00f3n con concierto sinf\u00f3nico\",\"datePublished\":\"2023-09-05T17:18:30+00:00\",\"dateModified\":\"2023-09-05T18:06:43+00:00\",\"mainEntityOfPage\":{\"@id\":\"https:\\\/\\\/casadecampoliving.com\\\/es\\\/ricky-martin-triunfa-en-altos-de-chavon-con-concierto-sinfonico\\\/\"},\"wordCount\":339,\"publisher\":{\"@id\":\"https:\\\/\\\/casadecampoliving.com\\\/es\\\/#organization\"},\"image\":{\"@id\":\"https:\\\/\\\/casadecampoliving.com\\\/es\\\/ricky-martin-triunfa-en-altos-de-chavon-con-concierto-sinfonico\\\/#primaryimage\"},\"thumbnailUrl\":\"https:\\\/\\\/i0.wp.com\\\/casadecampoliving.com\\\/wp-content\\\/uploads\\\/2023\\\/09\\\/Ricky-Martin-Concert-2023-1-scaled-e1693934131337.jpg?fit=1707%2C2560&ssl=1\",\"keywords\":[\"Altos de Chavon\",\"Altos de Chav\u00f3n @es\",\"anfiteatro altos de chavon\",\"Casa de Campo\",\"Featured-TopView @es\"],\"articleSection\":[\"Altos de Chav\u00f3n\",\"Celebridades\",\"Conciertos\",\"Estilo de Vida\",\"Eventos\",\"Lifestyle\",\"Noticias Locales\"],\"inLanguage\":\"es\"},{\"@type\":\"WebPage\",\"@id\":\"https:\\\/\\\/casadecampoliving.com\\\/es\\\/ricky-martin-triunfa-en-altos-de-chavon-con-concierto-sinfonico\\\/\",\"url\":\"https:\\\/\\\/casadecampoliving.com\\\/es\\\/ricky-martin-triunfa-en-altos-de-chavon-con-concierto-sinfonico\\\/\",\"name\":\"Ricky Martin triunfa en Altos de Chav\u00f3n con concierto sinf\u00f3nico | Casa de Campo Living\",\"isPartOf\":{\"@id\":\"https:\\\/\\\/casadecampoliving.com\\\/es\\\/#website\"},\"primaryImageOfPage\":{\"@id\":\"https:\\\/\\\/casadecampoliving.com\\\/es\\\/ricky-martin-triunfa-en-altos-de-chavon-con-concierto-sinfonico\\\/#primaryimage\"},\"image\":{\"@id\":\"https:\\\/\\\/casadecampoliving.com\\\/es\\\/ricky-martin-triunfa-en-altos-de-chavon-con-concierto-sinfonico\\\/#primaryimage\"},\"thumbnailUrl\":\"https:\\\/\\\/i0.wp.com\\\/casadecampoliving.com\\\/wp-content\\\/uploads\\\/2023\\\/09\\\/Ricky-Martin-Concert-2023-1-scaled-e1693934131337.jpg?fit=1707%2C2560&ssl=1\",\"datePublished\":\"2023-09-05T17:18:30+00:00\",\"dateModified\":\"2023-09-05T18:06:43+00:00\",\"description\":\"En una actuaci\u00f3n resonante que dej\u00f3 a los fan\u00e1ticos extasiados, Ricky Martin llen\u00f3 el anfiteatro de Altos de Chav\u00f3n durante su concierto sinf\u00f3nico,\",\"breadcrumb\":{\"@id\":\"https:\\\/\\\/casadecampoliving.com\\\/es\\\/ricky-martin-triunfa-en-altos-de-chavon-con-concierto-sinfonico\\\/#breadcrumb\"},\"inLanguage\":\"es\",\"potentialAction\":[{\"@type\":\"ReadAction\",\"target\":[\"https:\\\/\\\/casadecampoliving.com\\\/es\\\/ricky-martin-triunfa-en-altos-de-chavon-con-concierto-sinfonico\\\/\"]}]},{\"@type\":\"ImageObject\",\"inLanguage\":\"es\",\"@id\":\"https:\\\/\\\/casadecampoliving.com\\\/es\\\/ricky-martin-triunfa-en-altos-de-chavon-con-concierto-sinfonico\\\/#primaryimage\",\"url\":\"https:\\\/\\\/i0.wp.com\\\/casadecampoliving.com\\\/wp-content\\\/uploads\\\/2023\\\/09\\\/Ricky-Martin-Concert-2023-1-scaled-e1693934131337.jpg?fit=1707%2C2560&ssl=1\",\"contentUrl\":\"https:\\\/\\\/i0.wp.com\\\/casadecampoliving.com\\\/wp-content\\\/uploads\\\/2023\\\/09\\\/Ricky-Martin-Concert-2023-1-scaled-e1693934131337.jpg?fit=1707%2C2560&ssl=1\",\"width\":1707,\"height\":2560},{\"@type\":\"BreadcrumbList\",\"@id\":\"https:\\\/\\\/casadecampoliving.com\\\/es\\\/ricky-martin-triunfa-en-altos-de-chavon-con-concierto-sinfonico\\\/#breadcrumb\",\"itemListElement\":[{\"@type\":\"ListItem\",\"position\":1,\"name\":\"Home\",\"item\":\"https:\\\/\\\/casadecampoliving.com\\\/es\\\/\"},{\"@type\":\"ListItem\",\"position\":2,\"name\":\"Ricky Martin triunfa en Altos de Chav\u00f3n con concierto sinf\u00f3nico\"}]},{\"@type\":\"WebSite\",\"@id\":\"https:\\\/\\\/casadecampoliving.com\\\/es\\\/#website\",\"url\":\"https:\\\/\\\/casadecampoliving.com\\\/es\\\/\",\"name\":\"Casa de Campo Living\",\"description\":\"Resort community news and resources.\",\"publisher\":{\"@id\":\"https:\\\/\\\/casadecampoliving.com\\\/es\\\/#organization\"},\"potentialAction\":[{\"@type\":\"SearchAction\",\"target\":{\"@type\":\"EntryPoint\",\"urlTemplate\":\"https:\\\/\\\/casadecampoliving.com\\\/es\\\/?s={search_term_string}\"},\"query-input\":{\"@type\":\"PropertyValueSpecification\",\"valueRequired\":true,\"valueName\":\"search_term_string\"}}],\"inLanguage\":\"es\"},{\"@type\":\"Organization\",\"@id\":\"https:\\\/\\\/casadecampoliving.com\\\/es\\\/#organization\",\"name\":\"Casa de Campo Living\",\"url\":\"https:\\\/\\\/casadecampoliving.com\\\/es\\\/\",\"logo\":{\"@type\":\"ImageObject\",\"inLanguage\":\"es\",\"@id\":\"https:\\\/\\\/casadecampoliving.com\\\/es\\\/#\\\/schema\\\/logo\\\/image\\\/\",\"url\":\"https:\\\/\\\/i0.wp.com\\\/casadecampoliving.com\\\/wp-content\\\/uploads\\\/2022\\\/07\\\/CDCLivingLogo_V1-white-sized.png?fit=800%2C214&ssl=1\",\"contentUrl\":\"https:\\\/\\\/i0.wp.com\\\/casadecampoliving.com\\\/wp-content\\\/uploads\\\/2022\\\/07\\\/CDCLivingLogo_V1-white-sized.png?fit=800%2C214&ssl=1\",\"width\":800,\"height\":214,\"caption\":\"Casa de Campo Living\"},\"image\":{\"@id\":\"https:\\\/\\\/casadecampoliving.com\\\/es\\\/#\\\/schema\\\/logo\\\/image\\\/\"},\"sameAs\":[\"https:\\\/\\\/www.facebook.com\\\/casadecampoliving\",\"https:\\\/\\\/x.com\\\/cdcliving\"]},{\"@type\":\"Person\",\"@id\":\"https:\\\/\\\/casadecampoliving.com\\\/es\\\/#\\\/schema\\\/person\\\/5d2171637a9d11e0e43ce6b8555f9422\",\"name\":\"Casa de Campo Living\",\"image\":{\"@type\":\"ImageObject\",\"inLanguage\":\"es\",\"@id\":\"https:\\\/\\\/secure.gravatar.com\\\/avatar\\\/d04101fa4a9fd431e939953b1500fdc7a73cd35029f86d98712fd8ccdaebaf9a?s=96&d=mm&r=g\",\"url\":\"https:\\\/\\\/secure.gravatar.com\\\/avatar\\\/d04101fa4a9fd431e939953b1500fdc7a73cd35029f86d98712fd8ccdaebaf9a?s=96&d=mm&r=g\",\"contentUrl\":\"https:\\\/\\\/secure.gravatar.com\\\/avatar\\\/d04101fa4a9fd431e939953b1500fdc7a73cd35029f86d98712fd8ccdaebaf9a?s=96&d=mm&r=g\",\"caption\":\"Casa de Campo Living\"},\"url\":\"https:\\\/\\\/casadecampoliving.com\\\/es\\\/author\\\/casa-de-campo-living\\\/\"}]}<\/script>\n<!-- \/ Yoast SEO plugin. -->","yoast_head_json":{"title":"Ricky Martin triunfa en Altos de Chav\u00f3n con concierto sinf\u00f3nico | Casa de Campo Living","description":"En una actuaci\u00f3n resonante que dej\u00f3 a los fan\u00e1ticos extasiados, Ricky Martin llen\u00f3 el anfiteatro de Altos de Chav\u00f3n durante su concierto sinf\u00f3nico,","robots":{"index":"index","follow":"follow","max-snippet":"max-snippet:-1","max-image-preview":"max-image-preview:large","max-video-preview":"max-video-preview:-1"},"canonical":"https:\/\/casadecampoliving.com\/es\/ricky-martin-triunfa-en-altos-de-chavon-con-concierto-sinfonico\/","og_locale":"es_ES","og_type":"article","og_title":"Ricky Martin triunfa en Altos de Chav\u00f3n con concierto sinf\u00f3nico | Casa de Campo Living","og_description":"En una actuaci\u00f3n resonante que dej\u00f3 a los fan\u00e1ticos extasiados, Ricky Martin llen\u00f3 el anfiteatro de Altos de Chav\u00f3n durante su concierto sinf\u00f3nico,","og_url":"https:\/\/casadecampoliving.com\/es\/ricky-martin-triunfa-en-altos-de-chavon-con-concierto-sinfonico\/","og_site_name":"Casa de Campo Living","article_publisher":"https:\/\/www.facebook.com\/casadecampoliving","article_published_time":"2023-09-05T17:18:30+00:00","article_modified_time":"2023-09-05T18:06:43+00:00","og_image":[{"width":1707,"height":2560,"url":"https:\/\/casadecampoliving.com\/wp-content\/uploads\/2023\/09\/Ricky-Martin-Concert-2023-1-scaled-e1693934131337.jpg","type":"image\/jpeg"}],"author":"Casa de Campo Living","twitter_card":"summary_large_image","twitter_creator":"@cdcliving","twitter_site":"@cdcliving","twitter_misc":{"Escrito por":"Casa de Campo Living","Tiempo de lectura":"7 minutos"},"schema":{"@context":"https:\/\/schema.org","@graph":[{"@type":"Article","@id":"https:\/\/casadecampoliving.com\/es\/ricky-martin-triunfa-en-altos-de-chavon-con-concierto-sinfonico\/#article","isPartOf":{"@id":"https:\/\/casadecampoliving.com\/es\/ricky-martin-triunfa-en-altos-de-chavon-con-concierto-sinfonico\/"},"author":{"name":"Casa de Campo Living","@id":"https:\/\/casadecampoliving.com\/es\/#\/schema\/person\/5d2171637a9d11e0e43ce6b8555f9422"},"headline":"Ricky Martin triunfa en Altos de Chav\u00f3n con concierto sinf\u00f3nico","datePublished":"2023-09-05T17:18:30+00:00","dateModified":"2023-09-05T18:06:43+00:00","mainEntityOfPage":{"@id":"https:\/\/casadecampoliving.com\/es\/ricky-martin-triunfa-en-altos-de-chavon-con-concierto-sinfonico\/"},"wordCount":339,"publisher":{"@id":"https:\/\/casadecampoliving.com\/es\/#organization"},"image":{"@id":"https:\/\/casadecampoliving.com\/es\/ricky-martin-triunfa-en-altos-de-chavon-con-concierto-sinfonico\/#primaryimage"},"thumbnailUrl":"https:\/\/i0.wp.com\/casadecampoliving.com\/wp-content\/uploads\/2023\/09\/Ricky-Martin-Concert-2023-1-scaled-e1693934131337.jpg?fit=1707%2C2560&ssl=1","keywords":["Altos de Chavon","Altos de Chav\u00f3n @es","anfiteatro altos de chavon","Casa de Campo","Featured-TopView @es"],"articleSection":["Altos de Chav\u00f3n","Celebridades","Conciertos","Estilo de Vida","Eventos","Lifestyle","Noticias Locales"],"inLanguage":"es"},{"@type":"WebPage","@id":"https:\/\/casadecampoliving.com\/es\/ricky-martin-triunfa-en-altos-de-chavon-con-concierto-sinfonico\/","url":"https:\/\/casadecampoliving.com\/es\/ricky-martin-triunfa-en-altos-de-chavon-con-concierto-sinfonico\/","name":"Ricky Martin triunfa en Altos de Chav\u00f3n con concierto sinf\u00f3nico | Casa de Campo Living","isPartOf":{"@id":"https:\/\/casadecampoliving.com\/es\/#website"},"primaryImageOfPage":{"@id":"https:\/\/casadecampoliving.com\/es\/ricky-martin-triunfa-en-altos-de-chavon-con-concierto-sinfonico\/#primaryimage"},"image":{"@id":"https:\/\/casadecampoliving.com\/es\/ricky-martin-triunfa-en-altos-de-chavon-con-concierto-sinfonico\/#primaryimage"},"thumbnailUrl":"https:\/\/i0.wp.com\/casadecampoliving.com\/wp-content\/uploads\/2023\/09\/Ricky-Martin-Concert-2023-1-scaled-e1693934131337.jpg?fit=1707%2C2560&ssl=1","datePublished":"2023-09-05T17:18:30+00:00","dateModified":"2023-09-05T18:06:43+00:00","description":"En una actuaci\u00f3n resonante que dej\u00f3 a los fan\u00e1ticos extasiados, Ricky Martin llen\u00f3 el anfiteatro de Altos de Chav\u00f3n durante su concierto sinf\u00f3nico,","breadcrumb":{"@id":"https:\/\/casadecampoliving.com\/es\/ricky-martin-triunfa-en-altos-de-chavon-con-concierto-sinfonico\/#breadcrumb"},"inLanguage":"es","potentialAction":[{"@type":"ReadAction","target":["https:\/\/casadecampoliving.com\/es\/ricky-martin-triunfa-en-altos-de-chavon-con-concierto-sinfonico\/"]}]},{"@type":"ImageObject","inLanguage":"es","@id":"https:\/\/casadecampoliving.com\/es\/ricky-martin-triunfa-en-altos-de-chavon-con-concierto-sinfonico\/#primaryimage","url":"https:\/\/i0.wp.com\/casadecampoliving.com\/wp-content\/uploads\/2023\/09\/Ricky-Martin-Concert-2023-1-scaled-e1693934131337.jpg?fit=1707%2C2560&ssl=1","contentUrl":"https:\/\/i0.wp.com\/casadecampoliving.com\/wp-content\/uploads\/2023\/09\/Ricky-Martin-Concert-2023-1-scaled-e1693934131337.jpg?fit=1707%2C2560&ssl=1","width":1707,"height":2560},{"@type":"BreadcrumbList","@id":"https:\/\/casadecampoliving.com\/es\/ricky-martin-triunfa-en-altos-de-chavon-con-concierto-sinfonico\/#breadcrumb","itemListElement":[{"@type":"ListItem","position":1,"name":"Home","item":"https:\/\/casadecampoliving.com\/es\/"},{"@type":"ListItem","position":2,"name":"Ricky Martin triunfa en Altos de Chav\u00f3n con concierto sinf\u00f3nico"}]},{"@type":"WebSite","@id":"https:\/\/casadecampoliving.com\/es\/#website","url":"https:\/\/casadecampoliving.com\/es\/","name":"Casa de Campo Living","description":"Resort community news and resources.","publisher":{"@id":"https:\/\/casadecampoliving.com\/es\/#organization"},"potentialAction":[{"@type":"SearchAction","target":{"@type":"EntryPoint","urlTemplate":"https:\/\/casadecampoliving.com\/es\/?s={search_term_string}"},"query-input":{"@type":"PropertyValueSpecification","valueRequired":true,"valueName":"search_term_string"}}],"inLanguage":"es"},{"@type":"Organization","@id":"https:\/\/casadecampoliving.com\/es\/#organization","name":"Casa de Campo Living","url":"https:\/\/casadecampoliving.com\/es\/","logo":{"@type":"ImageObject","inLanguage":"es","@id":"https:\/\/casadecampoliving.com\/es\/#\/schema\/logo\/image\/","url":"https:\/\/i0.wp.com\/casadecampoliving.com\/wp-content\/uploads\/2022\/07\/CDCLivingLogo_V1-white-sized.png?fit=800%2C214&ssl=1","contentUrl":"https:\/\/i0.wp.com\/casadecampoliving.com\/wp-content\/uploads\/2022\/07\/CDCLivingLogo_V1-white-sized.png?fit=800%2C214&ssl=1","width":800,"height":214,"caption":"Casa de Campo Living"},"image":{"@id":"https:\/\/casadecampoliving.com\/es\/#\/schema\/logo\/image\/"},"sameAs":["https:\/\/www.facebook.com\/casadecampoliving","https:\/\/x.com\/cdcliving"]},{"@type":"Person","@id":"https:\/\/casadecampoliving.com\/es\/#\/schema\/person\/5d2171637a9d11e0e43ce6b8555f9422","name":"Casa de Campo Living","image":{"@type":"ImageObject","inLanguage":"es","@id":"https:\/\/secure.gravatar.com\/avatar\/d04101fa4a9fd431e939953b1500fdc7a73cd35029f86d98712fd8ccdaebaf9a?s=96&d=mm&r=g","url":"https:\/\/secure.gravatar.com\/avatar\/d04101fa4a9fd431e939953b1500fdc7a73cd35029f86d98712fd8ccdaebaf9a?s=96&d=mm&r=g","contentUrl":"https:\/\/secure.gravatar.com\/avatar\/d04101fa4a9fd431e939953b1500fdc7a73cd35029f86d98712fd8ccdaebaf9a?s=96&d=mm&r=g","caption":"Casa de Campo Living"},"url":"https:\/\/casadecampoliving.com\/es\/author\/casa-de-campo-living\/"}]}},"parsely":{"version":"1.1.0","canonical_url":"https:\/\/casadecampoliving.com\/es\/ricky-martin-triunfa-en-altos-de-chavon-con-concierto-sinfonico\/","smart_links":{"inbound":0,"outbound":0},"traffic_boost_suggestions_count":0,"meta":{"@context":"https:\/\/schema.org","@type":"NewsArticle","headline":"Ricky Martin triunfa en Altos de Chav\u00f3n con concierto sinf\u00f3nico","url":"http:\/\/casadecampoliving.com\/es\/ricky-martin-triunfa-en-altos-de-chavon-con-concierto-sinfonico\/","mainEntityOfPage":{"@type":"WebPage","@id":"http:\/\/casadecampoliving.com\/es\/ricky-martin-triunfa-en-altos-de-chavon-con-concierto-sinfonico\/"},"thumbnailUrl":"https:\/\/i0.wp.com\/casadecampoliving.com\/wp-content\/uploads\/2023\/09\/Ricky-Martin-Concert-2023-1-scaled-e1693934131337.jpg?resize=150%2C150&ssl=1","image":{"@type":"ImageObject","url":"https:\/\/i0.wp.com\/casadecampoliving.com\/wp-content\/uploads\/2023\/09\/Ricky-Martin-Concert-2023-1-scaled-e1693934131337.jpg?fit=1707%2C2560&ssl=1"},"articleSection":"Altos de Chav\u00f3n","author":[{"@type":"Person","name":"Casa de Campo Living"}],"creator":["Casa de Campo Living"],"publisher":{"@type":"Organization","name":"Casa de Campo Living","logo":"https:\/\/casadecampoliving.com\/wp-content\/uploads\/2022\/07\/CDCLivingLogo_V1-white-sized.png"},"keywords":["altos de chavon","altos de chav\u00f3n @es","anfiteatro altos de chavon","casa de campo","featured-topview @es"],"dateCreated":"2023-09-05T17:18:30Z","datePublished":"2023-09-05T17:18:30Z","dateModified":"2023-09-05T18:06:43Z"},"rendered":"<script type=\"application\/ld+json\" class=\"wp-parsely-metadata\">{\"@context\":\"https:\\\/\\\/schema.org\",\"@type\":\"NewsArticle\",\"headline\":\"Ricky Martin triunfa en Altos de Chav\\u00f3n con concierto sinf\\u00f3nico\",\"url\":\"http:\\\/\\\/casadecampoliving.com\\\/es\\\/ricky-martin-triunfa-en-altos-de-chavon-con-concierto-sinfonico\\\/\",\"mainEntityOfPage\":{\"@type\":\"WebPage\",\"@id\":\"http:\\\/\\\/casadecampoliving.com\\\/es\\\/ricky-martin-triunfa-en-altos-de-chavon-con-concierto-sinfonico\\\/\"},\"thumbnailUrl\":\"https:\\\/\\\/i0.wp.com\\\/casadecampoliving.com\\\/wp-content\\\/uploads\\\/2023\\\/09\\\/Ricky-Martin-Concert-2023-1-scaled-e1693934131337.jpg?resize=150%2C150&ssl=1\",\"image\":{\"@type\":\"ImageObject\",\"url\":\"https:\\\/\\\/i0.wp.com\\\/casadecampoliving.com\\\/wp-content\\\/uploads\\\/2023\\\/09\\\/Ricky-Martin-Concert-2023-1-scaled-e1693934131337.jpg?fit=1707%2C2560&ssl=1\"},\"articleSection\":\"Altos de Chav\\u00f3n\",\"author\":[{\"@type\":\"Person\",\"name\":\"Casa de Campo Living\"}],\"creator\":[\"Casa de Campo Living\"],\"publisher\":{\"@type\":\"Organization\",\"name\":\"Casa de Campo Living\",\"logo\":\"https:\\\/\\\/casadecampoliving.com\\\/wp-content\\\/uploads\\\/2022\\\/07\\\/CDCLivingLogo_V1-white-sized.png\"},\"keywords\":[\"altos de chavon\",\"altos de chav\\u00f3n @es\",\"anfiteatro altos de chavon\",\"casa de campo\",\"featured-topview @es\"],\"dateCreated\":\"2023-09-05T17:18:30Z\",\"datePublished\":\"2023-09-05T17:18:30Z\",\"dateModified\":\"2023-09-05T18:06:43Z\"}<\/script>","tracker_url":"https:\/\/cdn.parsely.com\/keys\/casadecampoliving.com\/p.js"},"jetpack_publicize_connections":[],"jetpack_featured_media_url":"https:\/\/i0.wp.com\/casadecampoliving.com\/wp-content\/uploads\/2023\/09\/Ricky-Martin-Concert-2023-1-scaled-e1693934131337.jpg?fit=1707%2C2560&ssl=1","jetpack-related-posts":[{"id":433460,"url":"https:\/\/casadecampoliving.com\/es\/no-se-pierdan-el-increible-tributo-a-frank-sinatra-para-celebrar-el-40-aniversario-del-anfiteatro-altos-de-chavon\/","url_meta":{"origin":521469,"position":0},"title":"No se pierdan el incre\u00edble tributo a Frank Sinatra para celebrar el 40 aniversario del\u00a0Anfiteatro Altos de Chav\u00f3n","author":"Casa de Campo Living","date":"20 Oct, 2022","format":false,"excerpt":"Siendo uno de los escenarios m\u00e1s emblem\u00e1ticos del pa\u00eds, Casa de Campo Resort\u00ae & Villas celebra las cuatro d\u00e9cadas de aniversario de Altos de Chav\u00f3n con un tributo al gran Frank Sinatra, protagonizado por artistas invitados y una big band tal cual la que acompa\u00f1\u00f3 al artista hace 40 a\u00f1os\u2026","rel":"","context":"En \u00abUncategorized @es\u00bb","block_context":{"text":"Uncategorized @es","link":"https:\/\/casadecampoliving.com\/es\/category\/uncategorized-es\/"},"img":{"alt_text":"","src":"https:\/\/i0.wp.com\/casadecampoliving.com\/wp-content\/uploads\/2022\/10\/Tributo-Frank-Sinatra-Foto-Principal-Amaury-Sanchez-Danilo-Ginebra-Andres-Pichardo-y-Jose-Gabriel-Perez-.jpg?fit=1200%2C873&ssl=1&resize=350%2C200","width":350,"height":200,"srcset":"https:\/\/i0.wp.com\/casadecampoliving.com\/wp-content\/uploads\/2022\/10\/Tributo-Frank-Sinatra-Foto-Principal-Amaury-Sanchez-Danilo-Ginebra-Andres-Pichardo-y-Jose-Gabriel-Perez-.jpg?fit=1200%2C873&ssl=1&resize=350%2C200 1x, https:\/\/i0.wp.com\/casadecampoliving.com\/wp-content\/uploads\/2022\/10\/Tributo-Frank-Sinatra-Foto-Principal-Amaury-Sanchez-Danilo-Ginebra-Andres-Pichardo-y-Jose-Gabriel-Perez-.jpg?fit=1200%2C873&ssl=1&resize=525%2C300 1.5x, https:\/\/i0.wp.com\/casadecampoliving.com\/wp-content\/uploads\/2022\/10\/Tributo-Frank-Sinatra-Foto-Principal-Amaury-Sanchez-Danilo-Ginebra-Andres-Pichardo-y-Jose-Gabriel-Perez-.jpg?fit=1200%2C873&ssl=1&resize=700%2C400 2x, https:\/\/i0.wp.com\/casadecampoliving.com\/wp-content\/uploads\/2022\/10\/Tributo-Frank-Sinatra-Foto-Principal-Amaury-Sanchez-Danilo-Ginebra-Andres-Pichardo-y-Jose-Gabriel-Perez-.jpg?fit=1200%2C873&ssl=1&resize=1050%2C600 3x"},"classes":[]},{"id":520131,"url":"https:\/\/casadecampoliving.com\/es\/concierto-sinfonico-de-ricky-martin-en-altos-de-chavon-el-2-de-septiembre\/","url_meta":{"origin":521469,"position":1},"title":"Concierto Sinf\u00f3nico de Ricky Martin en Altos de Chav\u00f3n el 2 de septiembre","author":"Casa de Campo Living","date":"19 Jul, 2023","format":false,"excerpt":"El esperado momento para los fan\u00e1ticos dominicanos finalmente ha llegado, ya que el superastro puertorrique\u00f1o Ricky Martin trae su espect\u00e1culo espectacular \"Ricky Martin Sinf\u00f3nico\" a Altos de Chav\u00f3n el 2 de septiembre. El concierto promete ser una extravagancia musical, con m\u00e1s de 50 m\u00fasicos acompa\u00f1ando a Ricky Martin, todos bajo\u2026","rel":"","context":"En \u00abUncategorized @es\u00bb","block_context":{"text":"Uncategorized @es","link":"https:\/\/casadecampoliving.com\/es\/category\/uncategorized-es\/"},"img":{"alt_text":"","src":"https:\/\/i0.wp.com\/casadecampoliving.com\/wp-content\/uploads\/2023\/07\/RickyMartinLVC00433-scaled.jpg?fit=1138%2C1200&ssl=1&resize=350%2C200","width":350,"height":200,"srcset":"https:\/\/i0.wp.com\/casadecampoliving.com\/wp-content\/uploads\/2023\/07\/RickyMartinLVC00433-scaled.jpg?fit=1138%2C1200&ssl=1&resize=350%2C200 1x, https:\/\/i0.wp.com\/casadecampoliving.com\/wp-content\/uploads\/2023\/07\/RickyMartinLVC00433-scaled.jpg?fit=1138%2C1200&ssl=1&resize=525%2C300 1.5x, https:\/\/i0.wp.com\/casadecampoliving.com\/wp-content\/uploads\/2023\/07\/RickyMartinLVC00433-scaled.jpg?fit=1138%2C1200&ssl=1&resize=700%2C400 2x, https:\/\/i0.wp.com\/casadecampoliving.com\/wp-content\/uploads\/2023\/07\/RickyMartinLVC00433-scaled.jpg?fit=1138%2C1200&ssl=1&resize=1050%2C600 3x"},"classes":[]},{"id":546380,"url":"https:\/\/casadecampoliving.com\/es\/yandel-presentara-en-altos-de-chavon-su-espectaculo-sinfonico-el-28-de-febrero\/","url_meta":{"origin":521469,"position":2},"title":"Yandel presentar\u00e1 en Altos de Chav\u00f3n su espect\u00e1culo \u201cSinf\u00f3nico\u201d el 28 de  febrero","author":"Mairobi Herrera","date":"16 Dic, 2025","format":false,"excerpt":"Despu\u00e9s de m\u00e1s de dos d\u00e9cadas marcando la historia de la m\u00fasica urbana, Yandel, leyenda del reguet\u00f3n y uno de los creadores del g\u00e9nero, llegar\u00e1 a la Rep\u00fablica Dominicana con su espect\u00e1culo \u201cYandel Sinf\u00f3nico\u201d, una propuesta innovadora que reinterpreta sus grandes \u00e9xitos acompa\u00f1ado de La Orquesta Sinf\u00f3nica Nacional en vivo.\u2026","rel":"","context":"En \u00abCasa de Campo Resort &amp; Villas\u00bb","block_context":{"text":"Casa de Campo Resort &amp; Villas","link":"https:\/\/casadecampoliving.com\/es\/category\/casa-de-campo-resort-villas\/"},"img":{"alt_text":"","src":"https:\/\/i0.wp.com\/casadecampoliving.com\/wp-content\/uploads\/2025\/12\/Feed-1.jpg?fit=1200%2C1007&ssl=1&resize=350%2C200","width":350,"height":200,"srcset":"https:\/\/i0.wp.com\/casadecampoliving.com\/wp-content\/uploads\/2025\/12\/Feed-1.jpg?fit=1200%2C1007&ssl=1&resize=350%2C200 1x, https:\/\/i0.wp.com\/casadecampoliving.com\/wp-content\/uploads\/2025\/12\/Feed-1.jpg?fit=1200%2C1007&ssl=1&resize=525%2C300 1.5x, https:\/\/i0.wp.com\/casadecampoliving.com\/wp-content\/uploads\/2025\/12\/Feed-1.jpg?fit=1200%2C1007&ssl=1&resize=700%2C400 2x, https:\/\/i0.wp.com\/casadecampoliving.com\/wp-content\/uploads\/2025\/12\/Feed-1.jpg?fit=1200%2C1007&ssl=1&resize=1050%2C600 3x"},"classes":[]},{"id":526575,"url":"https:\/\/casadecampoliving.com\/es\/concierto-fernando-villona-vuelve-a-altos-de-chavon-nominado-a-premios-soberano\/","url_meta":{"origin":521469,"position":3},"title":"Concierto \u201cFernando Villona Vuelve a Altos de Chav\u00f3n\u201d nominado a premios Soberano","author":"Mairobi Herrera","date":"8 Feb, 2024","format":false,"excerpt":"El pasado a\u00f1o 2023 fue testigo de un evento sin precedentes en el \u00e1mbito musical dominicano: el regreso triunfal de Fernando Villalona al emblem\u00e1tico escenario de Altos de Chav\u00f3n. Este concierto, producido magistralmente por el presidente de la empresa, Big Show Pro, N\u00e9stor Caro, ha sido merecidamente nominado por Acroarte\u2026","rel":"","context":"En \u00abAltos de Chav\u00f3n\u00bb","block_context":{"text":"Altos de Chav\u00f3n","link":"https:\/\/casadecampoliving.com\/es\/category\/altos-de-chavon-6\/"},"img":{"alt_text":"","src":"https:\/\/i0.wp.com\/casadecampoliving.com\/wp-content\/uploads\/2024\/02\/DG-04300-scaled.jpg?fit=1200%2C800&ssl=1&resize=350%2C200","width":350,"height":200,"srcset":"https:\/\/i0.wp.com\/casadecampoliving.com\/wp-content\/uploads\/2024\/02\/DG-04300-scaled.jpg?fit=1200%2C800&ssl=1&resize=350%2C200 1x, https:\/\/i0.wp.com\/casadecampoliving.com\/wp-content\/uploads\/2024\/02\/DG-04300-scaled.jpg?fit=1200%2C800&ssl=1&resize=525%2C300 1.5x, https:\/\/i0.wp.com\/casadecampoliving.com\/wp-content\/uploads\/2024\/02\/DG-04300-scaled.jpg?fit=1200%2C800&ssl=1&resize=700%2C400 2x, https:\/\/i0.wp.com\/casadecampoliving.com\/wp-content\/uploads\/2024\/02\/DG-04300-scaled.jpg?fit=1200%2C800&ssl=1&resize=1050%2C600 3x"},"classes":[]},{"id":348487,"url":"https:\/\/casadecampoliving.com\/es\/2016-altos-de-chavon-ricky-martin-chris-brown-juan-luis-guerra\/","url_meta":{"origin":521469,"position":4},"title":"2016 en Altos de Chav\u00f3n: Ricky Martin, Chris Brown y Juan Luis Guerra","author":"Carla Campos","date":"27 Oct, 2015","format":false,"excerpt":"\u00a1Ricky Martin, Chris Brown y Juan Luis Guerra vendr\u00e1n\u00a0al Anfiteatro de Altos de Chav\u00f3n! Gamal Hach\u00e9, co-productor del concierto de Enrique Iglesias programado para el pr\u00f3ximo s\u00e1bado, 7 de noviembre, ha confirmado que los tres artistas han reservado fecha para el 2016 a trav\u00e9s de su cuenta de Twitter. Casa\u2026","rel":"","context":"En \u00abAltos de Chavon @es\u00bb","block_context":{"text":"Altos de Chavon @es","link":"https:\/\/casadecampoliving.com\/category\/altos-de-chavon-es\/"},"img":{"alt_text":"concerts chavon 2016","src":"https:\/\/i0.wp.com\/casadecampoliving.com\/wp-content\/uploads\/2022\/10\/20125TourCCLV1-1.jpg?fit=650%2C450&ssl=1&resize=350%2C200","width":350,"height":200,"srcset":"https:\/\/i0.wp.com\/casadecampoliving.com\/wp-content\/uploads\/2022\/10\/20125TourCCLV1-1.jpg?fit=650%2C450&ssl=1&resize=350%2C200 1x, https:\/\/i0.wp.com\/casadecampoliving.com\/wp-content\/uploads\/2022\/10\/20125TourCCLV1-1.jpg?fit=650%2C450&ssl=1&resize=525%2C300 1.5x"},"classes":[]},{"id":349158,"url":"https:\/\/casadecampoliving.com\/es\/increible-inicio-gira-one-world-ricky-martin\/","url_meta":{"origin":521469,"position":5},"title":"Incre\u00edble inicio de la Gira \u00abOne World\u00bb de Ricky Martin en Am\u00e9rica Latina","author":"Marlenys Guzm\u00e1n Casta\u00f1os","date":"9 Feb, 2016","format":false,"excerpt":"El s\u00e1bado pasado, luego de escuchar a Ricky Martin durante sus pruebas de sonido, \u00a1tuvimos la oportunidad de verlo en VIVO en el\u00a0primer concierto para Am\u00e9rica Latina de su One World Tour! Como estamos seguros todos saben, el concierto de Ricky Martin en el anfiteatro de Altos de Chav\u00f3n fue\u2026","rel":"","context":"En \u00abAltos de Chavon @es\u00bb","block_context":{"text":"Altos de Chavon @es","link":"https:\/\/casadecampoliving.com\/category\/altos-de-chavon-es\/"},"img":{"alt_text":"Ricky Martin Concert Featured","src":"https:\/\/i0.wp.com\/casadecampoliving.com\/wp-content\/uploads\/2022\/10\/Ricky-Martin-Concert-Featured-1.jpg?fit=650%2C400&ssl=1&resize=350%2C200","width":350,"height":200,"srcset":"https:\/\/i0.wp.com\/casadecampoliving.com\/wp-content\/uploads\/2022\/10\/Ricky-Martin-Concert-Featured-1.jpg?fit=650%2C400&ssl=1&resize=350%2C200 1x, https:\/\/i0.wp.com\/casadecampoliving.com\/wp-content\/uploads\/2022\/10\/Ricky-Martin-Concert-Featured-1.jpg?fit=650%2C400&ssl=1&resize=525%2C300 1.5x"},"classes":[]}],"jetpack_sharing_enabled":true,"_links":{"self":[{"href":"https:\/\/casadecampoliving.com\/es\/wp-json\/wp\/v2\/posts\/521469","targetHints":{"allow":["GET"]}}],"collection":[{"href":"https:\/\/casadecampoliving.com\/es\/wp-json\/wp\/v2\/posts"}],"about":[{"href":"https:\/\/casadecampoliving.com\/es\/wp-json\/wp\/v2\/types\/post"}],"author":[{"embeddable":true,"href":"https:\/\/casadecampoliving.com\/es\/wp-json\/wp\/v2\/users\/36791"}],"replies":[{"embeddable":true,"href":"https:\/\/casadecampoliving.com\/es\/wp-json\/wp\/v2\/comments?post=521469"}],"version-history":[{"count":1,"href":"https:\/\/casadecampoliving.com\/es\/wp-json\/wp\/v2\/posts\/521469\/revisions"}],"predecessor-version":[{"id":521470,"href":"https:\/\/casadecampoliving.com\/es\/wp-json\/wp\/v2\/posts\/521469\/revisions\/521470"}],"wp:featuredmedia":[{"embeddable":true,"href":"https:\/\/casadecampoliving.com\/es\/wp-json\/wp\/v2\/media\/521443"}],"wp:attachment":[{"href":"https:\/\/casadecampoliving.com\/es\/wp-json\/wp\/v2\/media?parent=521469"}],"wp:term":[{"taxonomy":"category","embeddable":true,"href":"https:\/\/casadecampoliving.com\/es\/wp-json\/wp\/v2\/categories?post=521469"},{"taxonomy":"post_tag","embeddable":true,"href":"https:\/\/casadecampoliving.com\/es\/wp-json\/wp\/v2\/tags?post=521469"},{"taxonomy":"newspack_spnsrs_tax","embeddable":true,"href":"https:\/\/casadecampoliving.com\/es\/wp-json\/wp\/v2\/newspack_spnsrs_tax?post=521469"}],"curies":[{"name":"wp","href":"https:\/\/api.w.org\/{rel}","templated":true}]}}