{"id":520235,"date":"2023-07-26T12:47:23","date_gmt":"2023-07-26T16:47:23","guid":{"rendered":"https:\/\/casadecampoliving.com\/?p=520235"},"modified":"2023-07-31T10:02:49","modified_gmt":"2023-07-31T14:02:49","slug":"wao-galeria-y-centro-cultural-dio-apertura-a-la-exposicion-bachata-de-humo-y-flores","status":"publish","type":"post","link":"https:\/\/casadecampoliving.com\/es\/wao-galeria-y-centro-cultural-dio-apertura-a-la-exposicion-bachata-de-humo-y-flores\/","title":{"rendered":"WAO Galer\u00eda y Centro Cultural dio apertura a la exposici\u00f3n \u00abBachata De Humo Y Flores\u00bb"},"content":{"rendered":"\n<p>El pasado viernes, el 21 de julio, tuvo lugar la muy esperada inauguraci\u00f3n de la exposici\u00f3n de arte \u00abBachata de Humo y Flores\u00bb en WAO Galer\u00eda y Centro Cultural de Altos de Chav\u00f3n. La muestra present\u00f3 las obras del estimado artista espa\u00f1ol Carlos Alvares Las Heras.<\/p>\n\n\n\n<p>El evento atrajo a una multitud animada y entusiasta que se congreg\u00f3 desde las 7 pm hasta bien pasadas las 10 pm, creando un ambiente lleno de aprecio tanto por las obras de arte como por el talentoso artista mismo. Los asistentes tuvieron la oportunidad \u00fanica de entablar conversar con Carlos Alvares Las Heras, intercambiando ideas y perspectivas sobre sus procesos creativos, todo mientras celebraban la cultura dominicana.<\/p>\n\n\n\n<div class=\"wp-block-jetpack-slideshow aligncenter\" data-effect=\"slide\"><div class=\"wp-block-jetpack-slideshow_container swiper-container\"><ul class=\"wp-block-jetpack-slideshow_swiper-wrapper swiper-wrapper\"><li class=\"wp-block-jetpack-slideshow_slide swiper-slide\"><figure><img data-recalc-dims=\"1\" loading=\"lazy\" decoding=\"async\" width=\"1024\" height=\"683\" alt=\"\" class=\"wp-block-jetpack-slideshow_image wp-image-520192\" data-id=\"520192\" src=\"https:\/\/i0.wp.com\/casadecampoliving.com\/wp-content\/uploads\/2023\/07\/Bachata-de-humo-y-flores-6.jpg?resize=1024%2C683&#038;ssl=1\" srcset=\"https:\/\/i0.wp.com\/casadecampoliving.com\/wp-content\/uploads\/2023\/07\/Bachata-de-humo-y-flores-6.jpg?resize=1024%2C683&amp;ssl=1 1024w, https:\/\/i0.wp.com\/casadecampoliving.com\/wp-content\/uploads\/2023\/07\/Bachata-de-humo-y-flores-6.jpg?resize=300%2C200&amp;ssl=1 300w, https:\/\/i0.wp.com\/casadecampoliving.com\/wp-content\/uploads\/2023\/07\/Bachata-de-humo-y-flores-6.jpg?resize=768%2C512&amp;ssl=1 768w, https:\/\/i0.wp.com\/casadecampoliving.com\/wp-content\/uploads\/2023\/07\/Bachata-de-humo-y-flores-6.jpg?resize=400%2C267&amp;ssl=1 400w, https:\/\/i0.wp.com\/casadecampoliving.com\/wp-content\/uploads\/2023\/07\/Bachata-de-humo-y-flores-6.jpg?resize=150%2C100&amp;ssl=1 150w, https:\/\/i0.wp.com\/casadecampoliving.com\/wp-content\/uploads\/2023\/07\/Bachata-de-humo-y-flores-6.jpg?w=1200&amp;ssl=1 1200w, https:\/\/i0.wp.com\/casadecampoliving.com\/wp-content\/uploads\/2023\/07\/Bachata-de-humo-y-flores-6-1024x683.jpg?w=370&amp;ssl=1 370w\" sizes=\"(max-width: 1000px) 100vw, 1000px\" \/><\/figure><\/li><li class=\"wp-block-jetpack-slideshow_slide swiper-slide\"><figure><img data-recalc-dims=\"1\" loading=\"lazy\" decoding=\"async\" width=\"1024\" height=\"683\" alt=\"\" class=\"wp-block-jetpack-slideshow_image wp-image-520193\" data-id=\"520193\" src=\"https:\/\/i0.wp.com\/casadecampoliving.com\/wp-content\/uploads\/2023\/07\/Bachata-de-humo-y-flores-12.jpg?resize=1024%2C683&#038;ssl=1\" srcset=\"https:\/\/i0.wp.com\/casadecampoliving.com\/wp-content\/uploads\/2023\/07\/Bachata-de-humo-y-flores-12.jpg?resize=1024%2C683&amp;ssl=1 1024w, https:\/\/i0.wp.com\/casadecampoliving.com\/wp-content\/uploads\/2023\/07\/Bachata-de-humo-y-flores-12.jpg?resize=300%2C200&amp;ssl=1 300w, https:\/\/i0.wp.com\/casadecampoliving.com\/wp-content\/uploads\/2023\/07\/Bachata-de-humo-y-flores-12.jpg?resize=768%2C512&amp;ssl=1 768w, https:\/\/i0.wp.com\/casadecampoliving.com\/wp-content\/uploads\/2023\/07\/Bachata-de-humo-y-flores-12.jpg?resize=400%2C267&amp;ssl=1 400w, https:\/\/i0.wp.com\/casadecampoliving.com\/wp-content\/uploads\/2023\/07\/Bachata-de-humo-y-flores-12.jpg?resize=150%2C100&amp;ssl=1 150w, https:\/\/i0.wp.com\/casadecampoliving.com\/wp-content\/uploads\/2023\/07\/Bachata-de-humo-y-flores-12.jpg?w=1200&amp;ssl=1 1200w, https:\/\/i0.wp.com\/casadecampoliving.com\/wp-content\/uploads\/2023\/07\/Bachata-de-humo-y-flores-12-1024x683.jpg?w=370&amp;ssl=1 370w\" sizes=\"(max-width: 1000px) 100vw, 1000px\" \/><\/figure><\/li><li class=\"wp-block-jetpack-slideshow_slide swiper-slide\"><figure><img data-recalc-dims=\"1\" loading=\"lazy\" decoding=\"async\" width=\"1024\" height=\"683\" alt=\"\" class=\"wp-block-jetpack-slideshow_image wp-image-520194\" data-id=\"520194\" src=\"https:\/\/i0.wp.com\/casadecampoliving.com\/wp-content\/uploads\/2023\/07\/Bachata-de-humo-y-flores-13.jpg?resize=1024%2C683&#038;ssl=1\" srcset=\"https:\/\/i0.wp.com\/casadecampoliving.com\/wp-content\/uploads\/2023\/07\/Bachata-de-humo-y-flores-13.jpg?resize=1024%2C683&amp;ssl=1 1024w, https:\/\/i0.wp.com\/casadecampoliving.com\/wp-content\/uploads\/2023\/07\/Bachata-de-humo-y-flores-13.jpg?resize=300%2C200&amp;ssl=1 300w, https:\/\/i0.wp.com\/casadecampoliving.com\/wp-content\/uploads\/2023\/07\/Bachata-de-humo-y-flores-13.jpg?resize=768%2C512&amp;ssl=1 768w, https:\/\/i0.wp.com\/casadecampoliving.com\/wp-content\/uploads\/2023\/07\/Bachata-de-humo-y-flores-13.jpg?resize=400%2C267&amp;ssl=1 400w, https:\/\/i0.wp.com\/casadecampoliving.com\/wp-content\/uploads\/2023\/07\/Bachata-de-humo-y-flores-13.jpg?resize=150%2C100&amp;ssl=1 150w, https:\/\/i0.wp.com\/casadecampoliving.com\/wp-content\/uploads\/2023\/07\/Bachata-de-humo-y-flores-13.jpg?w=1200&amp;ssl=1 1200w, https:\/\/i0.wp.com\/casadecampoliving.com\/wp-content\/uploads\/2023\/07\/Bachata-de-humo-y-flores-13-1024x683.jpg?w=370&amp;ssl=1 370w\" sizes=\"(max-width: 1000px) 100vw, 1000px\" \/><\/figure><\/li><li class=\"wp-block-jetpack-slideshow_slide swiper-slide\"><figure><img data-recalc-dims=\"1\" loading=\"lazy\" decoding=\"async\" width=\"1024\" height=\"683\" alt=\"\" class=\"wp-block-jetpack-slideshow_image wp-image-520196\" data-id=\"520196\" src=\"https:\/\/i0.wp.com\/casadecampoliving.com\/wp-content\/uploads\/2023\/07\/Bachata-de-humo-y-flores-11.jpg?resize=1024%2C683&#038;ssl=1\" srcset=\"https:\/\/i0.wp.com\/casadecampoliving.com\/wp-content\/uploads\/2023\/07\/Bachata-de-humo-y-flores-11.jpg?resize=1024%2C683&amp;ssl=1 1024w, https:\/\/i0.wp.com\/casadecampoliving.com\/wp-content\/uploads\/2023\/07\/Bachata-de-humo-y-flores-11.jpg?resize=300%2C200&amp;ssl=1 300w, https:\/\/i0.wp.com\/casadecampoliving.com\/wp-content\/uploads\/2023\/07\/Bachata-de-humo-y-flores-11.jpg?resize=768%2C512&amp;ssl=1 768w, https:\/\/i0.wp.com\/casadecampoliving.com\/wp-content\/uploads\/2023\/07\/Bachata-de-humo-y-flores-11.jpg?resize=400%2C267&amp;ssl=1 400w, https:\/\/i0.wp.com\/casadecampoliving.com\/wp-content\/uploads\/2023\/07\/Bachata-de-humo-y-flores-11.jpg?resize=150%2C100&amp;ssl=1 150w, https:\/\/i0.wp.com\/casadecampoliving.com\/wp-content\/uploads\/2023\/07\/Bachata-de-humo-y-flores-11.jpg?w=1200&amp;ssl=1 1200w, https:\/\/i0.wp.com\/casadecampoliving.com\/wp-content\/uploads\/2023\/07\/Bachata-de-humo-y-flores-11-1024x683.jpg?w=370&amp;ssl=1 370w\" sizes=\"(max-width: 1000px) 100vw, 1000px\" \/><\/figure><\/li><li class=\"wp-block-jetpack-slideshow_slide swiper-slide\"><figure><img data-recalc-dims=\"1\" loading=\"lazy\" decoding=\"async\" width=\"1024\" height=\"683\" alt=\"\" class=\"wp-block-jetpack-slideshow_image wp-image-520185\" data-id=\"520185\" src=\"https:\/\/i0.wp.com\/casadecampoliving.com\/wp-content\/uploads\/2023\/07\/Bachata-de-humo-y-flores-15.jpg?resize=1024%2C683&#038;ssl=1\" srcset=\"https:\/\/i0.wp.com\/casadecampoliving.com\/wp-content\/uploads\/2023\/07\/Bachata-de-humo-y-flores-15.jpg?resize=1024%2C683&amp;ssl=1 1024w, https:\/\/i0.wp.com\/casadecampoliving.com\/wp-content\/uploads\/2023\/07\/Bachata-de-humo-y-flores-15.jpg?resize=300%2C200&amp;ssl=1 300w, https:\/\/i0.wp.com\/casadecampoliving.com\/wp-content\/uploads\/2023\/07\/Bachata-de-humo-y-flores-15.jpg?resize=768%2C512&amp;ssl=1 768w, https:\/\/i0.wp.com\/casadecampoliving.com\/wp-content\/uploads\/2023\/07\/Bachata-de-humo-y-flores-15.jpg?resize=400%2C267&amp;ssl=1 400w, https:\/\/i0.wp.com\/casadecampoliving.com\/wp-content\/uploads\/2023\/07\/Bachata-de-humo-y-flores-15.jpg?resize=150%2C100&amp;ssl=1 150w, https:\/\/i0.wp.com\/casadecampoliving.com\/wp-content\/uploads\/2023\/07\/Bachata-de-humo-y-flores-15.jpg?w=1200&amp;ssl=1 1200w, https:\/\/i0.wp.com\/casadecampoliving.com\/wp-content\/uploads\/2023\/07\/Bachata-de-humo-y-flores-15-1024x683.jpg?w=370&amp;ssl=1 370w\" sizes=\"(max-width: 1000px) 100vw, 1000px\" \/><\/figure><\/li><li class=\"wp-block-jetpack-slideshow_slide swiper-slide\"><figure><img data-recalc-dims=\"1\" loading=\"lazy\" decoding=\"async\" width=\"1024\" height=\"683\" alt=\"\" class=\"wp-block-jetpack-slideshow_image wp-image-520204\" data-id=\"520204\" src=\"https:\/\/i0.wp.com\/casadecampoliving.com\/wp-content\/uploads\/2023\/07\/Bachata-de-humo-y-flores-17.jpg?resize=1024%2C683&#038;ssl=1\" srcset=\"https:\/\/i0.wp.com\/casadecampoliving.com\/wp-content\/uploads\/2023\/07\/Bachata-de-humo-y-flores-17.jpg?resize=1024%2C683&amp;ssl=1 1024w, https:\/\/i0.wp.com\/casadecampoliving.com\/wp-content\/uploads\/2023\/07\/Bachata-de-humo-y-flores-17.jpg?resize=300%2C200&amp;ssl=1 300w, https:\/\/i0.wp.com\/casadecampoliving.com\/wp-content\/uploads\/2023\/07\/Bachata-de-humo-y-flores-17.jpg?resize=768%2C512&amp;ssl=1 768w, https:\/\/i0.wp.com\/casadecampoliving.com\/wp-content\/uploads\/2023\/07\/Bachata-de-humo-y-flores-17.jpg?resize=400%2C267&amp;ssl=1 400w, https:\/\/i0.wp.com\/casadecampoliving.com\/wp-content\/uploads\/2023\/07\/Bachata-de-humo-y-flores-17.jpg?resize=150%2C100&amp;ssl=1 150w, https:\/\/i0.wp.com\/casadecampoliving.com\/wp-content\/uploads\/2023\/07\/Bachata-de-humo-y-flores-17.jpg?w=1200&amp;ssl=1 1200w, https:\/\/i0.wp.com\/casadecampoliving.com\/wp-content\/uploads\/2023\/07\/Bachata-de-humo-y-flores-17-1024x683.jpg?w=370&amp;ssl=1 370w\" sizes=\"(max-width: 1000px) 100vw, 1000px\" \/><\/figure><\/li><li class=\"wp-block-jetpack-slideshow_slide swiper-slide\"><figure><img data-recalc-dims=\"1\" loading=\"lazy\" decoding=\"async\" width=\"1024\" height=\"683\" alt=\"\" class=\"wp-block-jetpack-slideshow_image wp-image-520202\" data-id=\"520202\" src=\"https:\/\/i0.wp.com\/casadecampoliving.com\/wp-content\/uploads\/2023\/07\/Bachata-de-humo-y-flores-22.jpg?resize=1024%2C683&#038;ssl=1\" srcset=\"https:\/\/i0.wp.com\/casadecampoliving.com\/wp-content\/uploads\/2023\/07\/Bachata-de-humo-y-flores-22.jpg?resize=1024%2C683&amp;ssl=1 1024w, https:\/\/i0.wp.com\/casadecampoliving.com\/wp-content\/uploads\/2023\/07\/Bachata-de-humo-y-flores-22.jpg?resize=300%2C200&amp;ssl=1 300w, https:\/\/i0.wp.com\/casadecampoliving.com\/wp-content\/uploads\/2023\/07\/Bachata-de-humo-y-flores-22.jpg?resize=768%2C512&amp;ssl=1 768w, https:\/\/i0.wp.com\/casadecampoliving.com\/wp-content\/uploads\/2023\/07\/Bachata-de-humo-y-flores-22.jpg?resize=400%2C267&amp;ssl=1 400w, https:\/\/i0.wp.com\/casadecampoliving.com\/wp-content\/uploads\/2023\/07\/Bachata-de-humo-y-flores-22.jpg?resize=150%2C100&amp;ssl=1 150w, https:\/\/i0.wp.com\/casadecampoliving.com\/wp-content\/uploads\/2023\/07\/Bachata-de-humo-y-flores-22.jpg?w=1200&amp;ssl=1 1200w, https:\/\/i0.wp.com\/casadecampoliving.com\/wp-content\/uploads\/2023\/07\/Bachata-de-humo-y-flores-22-1024x683.jpg?w=370&amp;ssl=1 370w\" sizes=\"(max-width: 1000px) 100vw, 1000px\" \/><\/figure><\/li><li class=\"wp-block-jetpack-slideshow_slide swiper-slide\"><figure><img data-recalc-dims=\"1\" loading=\"lazy\" decoding=\"async\" width=\"1024\" height=\"683\" alt=\"\" class=\"wp-block-jetpack-slideshow_image wp-image-520219\" data-id=\"520219\" src=\"https:\/\/i0.wp.com\/casadecampoliving.com\/wp-content\/uploads\/2023\/07\/Bachata-de-humo-y-flores-8.jpg?resize=1024%2C683&#038;ssl=1\" srcset=\"https:\/\/i0.wp.com\/casadecampoliving.com\/wp-content\/uploads\/2023\/07\/Bachata-de-humo-y-flores-8.jpg?resize=1024%2C683&amp;ssl=1 1024w, https:\/\/i0.wp.com\/casadecampoliving.com\/wp-content\/uploads\/2023\/07\/Bachata-de-humo-y-flores-8.jpg?resize=300%2C200&amp;ssl=1 300w, https:\/\/i0.wp.com\/casadecampoliving.com\/wp-content\/uploads\/2023\/07\/Bachata-de-humo-y-flores-8.jpg?resize=768%2C512&amp;ssl=1 768w, https:\/\/i0.wp.com\/casadecampoliving.com\/wp-content\/uploads\/2023\/07\/Bachata-de-humo-y-flores-8.jpg?resize=400%2C267&amp;ssl=1 400w, https:\/\/i0.wp.com\/casadecampoliving.com\/wp-content\/uploads\/2023\/07\/Bachata-de-humo-y-flores-8.jpg?resize=150%2C100&amp;ssl=1 150w, https:\/\/i0.wp.com\/casadecampoliving.com\/wp-content\/uploads\/2023\/07\/Bachata-de-humo-y-flores-8.jpg?w=1200&amp;ssl=1 1200w, https:\/\/i0.wp.com\/casadecampoliving.com\/wp-content\/uploads\/2023\/07\/Bachata-de-humo-y-flores-8-1024x683.jpg?w=370&amp;ssl=1 370w\" sizes=\"(max-width: 1000px) 100vw, 1000px\" \/><\/figure><\/li><li class=\"wp-block-jetpack-slideshow_slide swiper-slide\"><figure><img data-recalc-dims=\"1\" loading=\"lazy\" decoding=\"async\" width=\"1024\" height=\"683\" alt=\"\" class=\"wp-block-jetpack-slideshow_image wp-image-520227\" data-id=\"520227\" src=\"https:\/\/i0.wp.com\/casadecampoliving.com\/wp-content\/uploads\/2023\/07\/Bachata-de-humo-y-flores-21.jpg?resize=1024%2C683&#038;ssl=1\" srcset=\"https:\/\/i0.wp.com\/casadecampoliving.com\/wp-content\/uploads\/2023\/07\/Bachata-de-humo-y-flores-21.jpg?resize=1024%2C683&amp;ssl=1 1024w, https:\/\/i0.wp.com\/casadecampoliving.com\/wp-content\/uploads\/2023\/07\/Bachata-de-humo-y-flores-21.jpg?resize=300%2C200&amp;ssl=1 300w, https:\/\/i0.wp.com\/casadecampoliving.com\/wp-content\/uploads\/2023\/07\/Bachata-de-humo-y-flores-21.jpg?resize=768%2C512&amp;ssl=1 768w, https:\/\/i0.wp.com\/casadecampoliving.com\/wp-content\/uploads\/2023\/07\/Bachata-de-humo-y-flores-21.jpg?resize=400%2C267&amp;ssl=1 400w, https:\/\/i0.wp.com\/casadecampoliving.com\/wp-content\/uploads\/2023\/07\/Bachata-de-humo-y-flores-21.jpg?resize=150%2C100&amp;ssl=1 150w, https:\/\/i0.wp.com\/casadecampoliving.com\/wp-content\/uploads\/2023\/07\/Bachata-de-humo-y-flores-21.jpg?w=1200&amp;ssl=1 1200w, https:\/\/i0.wp.com\/casadecampoliving.com\/wp-content\/uploads\/2023\/07\/Bachata-de-humo-y-flores-21-1024x683.jpg?w=370&amp;ssl=1 370w\" sizes=\"(max-width: 1000px) 100vw, 1000px\" \/><\/figure><\/li><li class=\"wp-block-jetpack-slideshow_slide swiper-slide\"><figure><img data-recalc-dims=\"1\" loading=\"lazy\" decoding=\"async\" width=\"1024\" height=\"683\" alt=\"\" class=\"wp-block-jetpack-slideshow_image wp-image-520229\" data-id=\"520229\" src=\"https:\/\/i0.wp.com\/casadecampoliving.com\/wp-content\/uploads\/2023\/07\/Bachata-de-humo-y-flores-18.jpg?resize=1024%2C683&#038;ssl=1\" srcset=\"https:\/\/i0.wp.com\/casadecampoliving.com\/wp-content\/uploads\/2023\/07\/Bachata-de-humo-y-flores-18.jpg?resize=1024%2C683&amp;ssl=1 1024w, https:\/\/i0.wp.com\/casadecampoliving.com\/wp-content\/uploads\/2023\/07\/Bachata-de-humo-y-flores-18.jpg?resize=300%2C200&amp;ssl=1 300w, https:\/\/i0.wp.com\/casadecampoliving.com\/wp-content\/uploads\/2023\/07\/Bachata-de-humo-y-flores-18.jpg?resize=768%2C512&amp;ssl=1 768w, https:\/\/i0.wp.com\/casadecampoliving.com\/wp-content\/uploads\/2023\/07\/Bachata-de-humo-y-flores-18.jpg?resize=400%2C267&amp;ssl=1 400w, https:\/\/i0.wp.com\/casadecampoliving.com\/wp-content\/uploads\/2023\/07\/Bachata-de-humo-y-flores-18.jpg?resize=150%2C100&amp;ssl=1 150w, https:\/\/i0.wp.com\/casadecampoliving.com\/wp-content\/uploads\/2023\/07\/Bachata-de-humo-y-flores-18.jpg?w=1200&amp;ssl=1 1200w, https:\/\/i0.wp.com\/casadecampoliving.com\/wp-content\/uploads\/2023\/07\/Bachata-de-humo-y-flores-18-1024x683.jpg?w=370&amp;ssl=1 370w\" sizes=\"(max-width: 1000px) 100vw, 1000px\" \/><\/figure><\/li><li class=\"wp-block-jetpack-slideshow_slide swiper-slide\"><figure><img data-recalc-dims=\"1\" loading=\"lazy\" decoding=\"async\" width=\"1024\" height=\"683\" alt=\"\" class=\"wp-block-jetpack-slideshow_image wp-image-520218\" data-id=\"520218\" src=\"https:\/\/i0.wp.com\/casadecampoliving.com\/wp-content\/uploads\/2023\/07\/Bachata-de-humo-y-flores-9.jpg?resize=1024%2C683&#038;ssl=1\" srcset=\"https:\/\/i0.wp.com\/casadecampoliving.com\/wp-content\/uploads\/2023\/07\/Bachata-de-humo-y-flores-9.jpg?resize=1024%2C683&amp;ssl=1 1024w, https:\/\/i0.wp.com\/casadecampoliving.com\/wp-content\/uploads\/2023\/07\/Bachata-de-humo-y-flores-9.jpg?resize=300%2C200&amp;ssl=1 300w, https:\/\/i0.wp.com\/casadecampoliving.com\/wp-content\/uploads\/2023\/07\/Bachata-de-humo-y-flores-9.jpg?resize=768%2C512&amp;ssl=1 768w, https:\/\/i0.wp.com\/casadecampoliving.com\/wp-content\/uploads\/2023\/07\/Bachata-de-humo-y-flores-9.jpg?resize=400%2C267&amp;ssl=1 400w, https:\/\/i0.wp.com\/casadecampoliving.com\/wp-content\/uploads\/2023\/07\/Bachata-de-humo-y-flores-9.jpg?resize=150%2C100&amp;ssl=1 150w, https:\/\/i0.wp.com\/casadecampoliving.com\/wp-content\/uploads\/2023\/07\/Bachata-de-humo-y-flores-9.jpg?w=1200&amp;ssl=1 1200w, https:\/\/i0.wp.com\/casadecampoliving.com\/wp-content\/uploads\/2023\/07\/Bachata-de-humo-y-flores-9-1024x683.jpg?w=370&amp;ssl=1 370w\" sizes=\"(max-width: 1000px) 100vw, 1000px\" \/><\/figure><\/li><li class=\"wp-block-jetpack-slideshow_slide swiper-slide\"><figure><img data-recalc-dims=\"1\" loading=\"lazy\" decoding=\"async\" width=\"1024\" height=\"683\" alt=\"\" class=\"wp-block-jetpack-slideshow_image wp-image-520216\" data-id=\"520216\" src=\"https:\/\/i0.wp.com\/casadecampoliving.com\/wp-content\/uploads\/2023\/07\/Bachata-de-humo-y-flores-10.jpg?resize=1024%2C683&#038;ssl=1\" srcset=\"https:\/\/i0.wp.com\/casadecampoliving.com\/wp-content\/uploads\/2023\/07\/Bachata-de-humo-y-flores-10.jpg?resize=1024%2C683&amp;ssl=1 1024w, https:\/\/i0.wp.com\/casadecampoliving.com\/wp-content\/uploads\/2023\/07\/Bachata-de-humo-y-flores-10.jpg?resize=300%2C200&amp;ssl=1 300w, https:\/\/i0.wp.com\/casadecampoliving.com\/wp-content\/uploads\/2023\/07\/Bachata-de-humo-y-flores-10.jpg?resize=768%2C512&amp;ssl=1 768w, https:\/\/i0.wp.com\/casadecampoliving.com\/wp-content\/uploads\/2023\/07\/Bachata-de-humo-y-flores-10.jpg?resize=400%2C267&amp;ssl=1 400w, https:\/\/i0.wp.com\/casadecampoliving.com\/wp-content\/uploads\/2023\/07\/Bachata-de-humo-y-flores-10.jpg?resize=150%2C100&amp;ssl=1 150w, https:\/\/i0.wp.com\/casadecampoliving.com\/wp-content\/uploads\/2023\/07\/Bachata-de-humo-y-flores-10.jpg?w=1200&amp;ssl=1 1200w, https:\/\/i0.wp.com\/casadecampoliving.com\/wp-content\/uploads\/2023\/07\/Bachata-de-humo-y-flores-10-1024x683.jpg?w=370&amp;ssl=1 370w\" sizes=\"(max-width: 1000px) 100vw, 1000px\" \/><\/figure><\/li><li class=\"wp-block-jetpack-slideshow_slide swiper-slide\"><figure><img data-recalc-dims=\"1\" loading=\"lazy\" decoding=\"async\" width=\"1024\" height=\"683\" alt=\"\" class=\"wp-block-jetpack-slideshow_image wp-image-520214\" data-id=\"520214\" src=\"https:\/\/i0.wp.com\/casadecampoliving.com\/wp-content\/uploads\/2023\/07\/Bachata-de-humo-y-flores-16.jpg?resize=1024%2C683&#038;ssl=1\" srcset=\"https:\/\/i0.wp.com\/casadecampoliving.com\/wp-content\/uploads\/2023\/07\/Bachata-de-humo-y-flores-16.jpg?resize=1024%2C683&amp;ssl=1 1024w, https:\/\/i0.wp.com\/casadecampoliving.com\/wp-content\/uploads\/2023\/07\/Bachata-de-humo-y-flores-16.jpg?resize=300%2C200&amp;ssl=1 300w, https:\/\/i0.wp.com\/casadecampoliving.com\/wp-content\/uploads\/2023\/07\/Bachata-de-humo-y-flores-16.jpg?resize=768%2C512&amp;ssl=1 768w, https:\/\/i0.wp.com\/casadecampoliving.com\/wp-content\/uploads\/2023\/07\/Bachata-de-humo-y-flores-16.jpg?resize=400%2C267&amp;ssl=1 400w, https:\/\/i0.wp.com\/casadecampoliving.com\/wp-content\/uploads\/2023\/07\/Bachata-de-humo-y-flores-16.jpg?resize=150%2C100&amp;ssl=1 150w, https:\/\/i0.wp.com\/casadecampoliving.com\/wp-content\/uploads\/2023\/07\/Bachata-de-humo-y-flores-16.jpg?w=1200&amp;ssl=1 1200w, https:\/\/i0.wp.com\/casadecampoliving.com\/wp-content\/uploads\/2023\/07\/Bachata-de-humo-y-flores-16-1024x683.jpg?w=370&amp;ssl=1 370w\" sizes=\"(max-width: 1000px) 100vw, 1000px\" \/><\/figure><\/li><\/ul><a class=\"wp-block-jetpack-slideshow_button-prev swiper-button-prev swiper-button-white\" role=\"button\"><\/a><a class=\"wp-block-jetpack-slideshow_button-next swiper-button-next swiper-button-white\" role=\"button\"><\/a><a aria-label=\"Pause Slideshow\" class=\"wp-block-jetpack-slideshow_button-pause\" role=\"button\"><\/a><div class=\"wp-block-jetpack-slideshow_pagination swiper-pagination swiper-pagination-white\"><\/div><\/div><\/div>\n\n\n\n<p>La exposici\u00f3n consiste en 15 obras de arte, cada una aparentemente bailando al ritmo de la m\u00fasica de bachata, en di\u00e1logo constante con el entorno: el ambiente caribe\u00f1o, la calidez y la admiraci\u00f3n del p\u00fablico.<\/p>\n\n\n\n<p>Las obras invitaban a los espectadores a analizar las figuras y s\u00edmbolos intrincados que representaban las complejidades de la sociedad del siglo XXI, yuxtaponiendo temas de desapego, iron\u00eda y superficialidad contra los colores vibrantes de los tr\u00f3picos y el abrazo exuberante de la naturaleza. A trav\u00e9s de esta cautivadora fusi\u00f3n, los mensajes genuinos detr\u00e1s de las piezas permanecieron velados, invitando a los espectadores a reflexionar y contemplar.<\/p>\n\n\n\n<p>El equipo de WAO Galer\u00eda ejecut\u00f3 h\u00e1bilmente la curadur\u00eda e instalaci\u00f3n de la exhibici\u00f3n. Al mismo tiempo, los comentarios de apertura fueron pronunciados por Margarita Gonz\u00e1lez Auffant, la curadora, junto con el artista Carlos \u00c1lvarez Las Heras.<\/p>\n\n\n\n<p>Para aquellos ansiosos por sumergirse m\u00e1s en el mundo del artista, Carlos \u00c1lvarez Las Heras ofrecer\u00e1 un recorrido guiado y comentarios de su exposici\u00f3n el 28 de julio, a partir de las 7pm.<\/p>\n\n\n\n<figure class=\"wp-block-image size-large\"><img data-recalc-dims=\"1\" loading=\"lazy\" decoding=\"async\" width=\"1024\" height=\"683\" src=\"https:\/\/i0.wp.com\/casadecampoliving.com\/wp-content\/uploads\/2023\/07\/Bachata-de-humo-y-flores-3.jpg?resize=1024%2C683&#038;ssl=1\" alt=\"\" class=\"wp-image-520208\" srcset=\"https:\/\/i0.wp.com\/casadecampoliving.com\/wp-content\/uploads\/2023\/07\/Bachata-de-humo-y-flores-3.jpg?resize=1024%2C683&amp;ssl=1 1024w, https:\/\/i0.wp.com\/casadecampoliving.com\/wp-content\/uploads\/2023\/07\/Bachata-de-humo-y-flores-3.jpg?resize=300%2C200&amp;ssl=1 300w, https:\/\/i0.wp.com\/casadecampoliving.com\/wp-content\/uploads\/2023\/07\/Bachata-de-humo-y-flores-3.jpg?resize=768%2C512&amp;ssl=1 768w, https:\/\/i0.wp.com\/casadecampoliving.com\/wp-content\/uploads\/2023\/07\/Bachata-de-humo-y-flores-3.jpg?resize=400%2C267&amp;ssl=1 400w, https:\/\/i0.wp.com\/casadecampoliving.com\/wp-content\/uploads\/2023\/07\/Bachata-de-humo-y-flores-3.jpg?resize=150%2C100&amp;ssl=1 150w, https:\/\/i0.wp.com\/casadecampoliving.com\/wp-content\/uploads\/2023\/07\/Bachata-de-humo-y-flores-3.jpg?w=1200&amp;ssl=1 1200w, https:\/\/i0.wp.com\/casadecampoliving.com\/wp-content\/uploads\/2023\/07\/Bachata-de-humo-y-flores-3-1024x683.jpg?w=370&amp;ssl=1 370w\" sizes=\"auto, (max-width: 1000px) 100vw, 1000px\" \/><\/figure>\n\n\n\n<p>Detr\u00e1s de escena, el Patronato Ben\u00e9fico Oriental, Inc. (PBO) ha sido una fuerza impulsora en el apoyo de iniciativas sostenibles con un impacto social dirigidas a promover la cultura y complementar sus programas existentes. Entre estas iniciativas se encuentran el WAO Innovaci\u00f3n HUB, WAO Galer\u00eda &amp; Centro Cultural, y el Museo Arqueol\u00f3gico Regional Altos de Chav\u00f3n en Altos de Chav\u00f3n.<\/p>\n\n\n\n<p>Los ingresos generados por diversos proyectos y actividades se destinan a financiar sus programas sociales, lo que les permite replicar estas iniciativas en comunidades vulnerables como parte de los programas de empoderamiento comunitario de PBO. Estos esfuerzos promueven el respeto, la solidaridad, la integridad y la igualdad de oportunidades, en l\u00ednea con su misi\u00f3n.<\/p>\n\n\n\n<figure class=\"wp-block-image size-large\"><img data-recalc-dims=\"1\" loading=\"lazy\" decoding=\"async\" width=\"1024\" height=\"683\" src=\"https:\/\/i0.wp.com\/casadecampoliving.com\/wp-content\/uploads\/2023\/07\/Bachata-de-humo-y-flores-2.jpg?resize=1024%2C683&#038;ssl=1\" alt=\"\" class=\"wp-image-520225\" srcset=\"https:\/\/i0.wp.com\/casadecampoliving.com\/wp-content\/uploads\/2023\/07\/Bachata-de-humo-y-flores-2.jpg?resize=1024%2C683&amp;ssl=1 1024w, https:\/\/i0.wp.com\/casadecampoliving.com\/wp-content\/uploads\/2023\/07\/Bachata-de-humo-y-flores-2.jpg?resize=300%2C200&amp;ssl=1 300w, https:\/\/i0.wp.com\/casadecampoliving.com\/wp-content\/uploads\/2023\/07\/Bachata-de-humo-y-flores-2.jpg?resize=768%2C512&amp;ssl=1 768w, https:\/\/i0.wp.com\/casadecampoliving.com\/wp-content\/uploads\/2023\/07\/Bachata-de-humo-y-flores-2.jpg?resize=400%2C267&amp;ssl=1 400w, https:\/\/i0.wp.com\/casadecampoliving.com\/wp-content\/uploads\/2023\/07\/Bachata-de-humo-y-flores-2.jpg?resize=150%2C100&amp;ssl=1 150w, https:\/\/i0.wp.com\/casadecampoliving.com\/wp-content\/uploads\/2023\/07\/Bachata-de-humo-y-flores-2.jpg?w=1200&amp;ssl=1 1200w, https:\/\/i0.wp.com\/casadecampoliving.com\/wp-content\/uploads\/2023\/07\/Bachata-de-humo-y-flores-2-1024x683.jpg?w=370&amp;ssl=1 370w\" sizes=\"auto, (max-width: 1000px) 100vw, 1000px\" \/><\/figure>\n\n\n\n<p>Si a\u00fan no ha tenido la oportunidad de experimentar \u00abBachata de Humo y Flores\u00bb, no se lo pierda. La exhibici\u00f3n estar\u00e1 abierta desde el 21 de julio hasta el 21 de agosto, recibiendo visitantes de mi\u00e9rcoles a s\u00e1bado, de 9 a. m. a 9 p. m., y los martes y domingos de 9 p. m. a 5 p. m.<\/p>\n\n\n\n<p>Dir\u00edjase a WAO Galer\u00eda y Centro Cultural en Altos de Chav\u00f3n para vivir una experiencia visualmente impactante y socialmente significativa. Celebremos juntos el arte, la cultura y la comunidad.<\/p>\n\n\n\n<p>A continuaci\u00f3n, encontrar\u00e1s fotos tomadas por Mairobi Herrera durante la noche de apertura el 21 de julio:<\/p>\n\n\n\n<figure class=\"wp-block-gallery has-nested-images columns-5 is-cropped wp-block-gallery-1 is-layout-flex wp-block-gallery-is-layout-flex\">\n<figure class=\"wp-block-image size-large\"><img data-recalc-dims=\"1\" loading=\"lazy\" decoding=\"async\" width=\"1024\" height=\"683\" data-id=\"520181\" src=\"https:\/\/i0.wp.com\/casadecampoliving.com\/wp-content\/uploads\/2023\/07\/Bachata-de-humo-y-flores.jpg?resize=1024%2C683&#038;ssl=1\" alt=\"\" class=\"wp-image-520181\" srcset=\"https:\/\/i0.wp.com\/casadecampoliving.com\/wp-content\/uploads\/2023\/07\/Bachata-de-humo-y-flores.jpg?resize=1024%2C683&amp;ssl=1 1024w, https:\/\/i0.wp.com\/casadecampoliving.com\/wp-content\/uploads\/2023\/07\/Bachata-de-humo-y-flores.jpg?resize=300%2C200&amp;ssl=1 300w, https:\/\/i0.wp.com\/casadecampoliving.com\/wp-content\/uploads\/2023\/07\/Bachata-de-humo-y-flores.jpg?resize=768%2C512&amp;ssl=1 768w, https:\/\/i0.wp.com\/casadecampoliving.com\/wp-content\/uploads\/2023\/07\/Bachata-de-humo-y-flores.jpg?resize=400%2C267&amp;ssl=1 400w, https:\/\/i0.wp.com\/casadecampoliving.com\/wp-content\/uploads\/2023\/07\/Bachata-de-humo-y-flores.jpg?resize=150%2C100&amp;ssl=1 150w, https:\/\/i0.wp.com\/casadecampoliving.com\/wp-content\/uploads\/2023\/07\/Bachata-de-humo-y-flores.jpg?w=1200&amp;ssl=1 1200w, https:\/\/i0.wp.com\/casadecampoliving.com\/wp-content\/uploads\/2023\/07\/Bachata-de-humo-y-flores-1024x683.jpg?w=370&amp;ssl=1 370w\" sizes=\"auto, (max-width: 1000px) 100vw, 1000px\" \/><\/figure>\n\n\n\n<figure class=\"wp-block-image size-large\"><img data-recalc-dims=\"1\" loading=\"lazy\" decoding=\"async\" width=\"683\" height=\"1024\" data-id=\"520177\" src=\"https:\/\/i0.wp.com\/casadecampoliving.com\/wp-content\/uploads\/2023\/07\/Bachata-de-humo-y-flores-29.jpg?resize=683%2C1024&#038;ssl=1\" alt=\"\" class=\"wp-image-520177\" srcset=\"https:\/\/i0.wp.com\/casadecampoliving.com\/wp-content\/uploads\/2023\/07\/Bachata-de-humo-y-flores-29.jpg?resize=683%2C1024&amp;ssl=1 683w, https:\/\/i0.wp.com\/casadecampoliving.com\/wp-content\/uploads\/2023\/07\/Bachata-de-humo-y-flores-29.jpg?resize=200%2C300&amp;ssl=1 200w, https:\/\/i0.wp.com\/casadecampoliving.com\/wp-content\/uploads\/2023\/07\/Bachata-de-humo-y-flores-29.jpg?resize=768%2C1152&amp;ssl=1 768w, https:\/\/i0.wp.com\/casadecampoliving.com\/wp-content\/uploads\/2023\/07\/Bachata-de-humo-y-flores-29.jpg?resize=400%2C600&amp;ssl=1 400w, https:\/\/i0.wp.com\/casadecampoliving.com\/wp-content\/uploads\/2023\/07\/Bachata-de-humo-y-flores-29.jpg?resize=150%2C225&amp;ssl=1 150w, https:\/\/i0.wp.com\/casadecampoliving.com\/wp-content\/uploads\/2023\/07\/Bachata-de-humo-y-flores-29.jpg?w=800&amp;ssl=1 800w, https:\/\/i0.wp.com\/casadecampoliving.com\/wp-content\/uploads\/2023\/07\/Bachata-de-humo-y-flores-29-683x1024.jpg?w=370&amp;ssl=1 370w\" sizes=\"auto, (max-width: 683px) 100vw, 683px\" \/><\/figure>\n\n\n\n<figure class=\"wp-block-image size-large\"><img data-recalc-dims=\"1\" loading=\"lazy\" decoding=\"async\" width=\"683\" height=\"1024\" data-id=\"520186\" src=\"https:\/\/i0.wp.com\/casadecampoliving.com\/wp-content\/uploads\/2023\/07\/Bachata-de-humo-y-flores-28.jpg?resize=683%2C1024&#038;ssl=1\" alt=\"\" class=\"wp-image-520186\" srcset=\"https:\/\/i0.wp.com\/casadecampoliving.com\/wp-content\/uploads\/2023\/07\/Bachata-de-humo-y-flores-28.jpg?resize=683%2C1024&amp;ssl=1 683w, https:\/\/i0.wp.com\/casadecampoliving.com\/wp-content\/uploads\/2023\/07\/Bachata-de-humo-y-flores-28.jpg?resize=200%2C300&amp;ssl=1 200w, https:\/\/i0.wp.com\/casadecampoliving.com\/wp-content\/uploads\/2023\/07\/Bachata-de-humo-y-flores-28.jpg?resize=768%2C1152&amp;ssl=1 768w, https:\/\/i0.wp.com\/casadecampoliving.com\/wp-content\/uploads\/2023\/07\/Bachata-de-humo-y-flores-28.jpg?resize=400%2C600&amp;ssl=1 400w, https:\/\/i0.wp.com\/casadecampoliving.com\/wp-content\/uploads\/2023\/07\/Bachata-de-humo-y-flores-28.jpg?resize=150%2C225&amp;ssl=1 150w, https:\/\/i0.wp.com\/casadecampoliving.com\/wp-content\/uploads\/2023\/07\/Bachata-de-humo-y-flores-28.jpg?w=800&amp;ssl=1 800w, https:\/\/i0.wp.com\/casadecampoliving.com\/wp-content\/uploads\/2023\/07\/Bachata-de-humo-y-flores-28-683x1024.jpg?w=370&amp;ssl=1 370w\" sizes=\"auto, (max-width: 683px) 100vw, 683px\" \/><\/figure>\n\n\n\n<figure class=\"wp-block-image size-large\"><img data-recalc-dims=\"1\" loading=\"lazy\" decoding=\"async\" width=\"1024\" height=\"683\" data-id=\"520175\" src=\"https:\/\/i0.wp.com\/casadecampoliving.com\/wp-content\/uploads\/2023\/07\/Bachata-de-humo-y-flores-27.jpg?resize=1024%2C683&#038;ssl=1\" alt=\"\" class=\"wp-image-520175\" srcset=\"https:\/\/i0.wp.com\/casadecampoliving.com\/wp-content\/uploads\/2023\/07\/Bachata-de-humo-y-flores-27.jpg?resize=1024%2C683&amp;ssl=1 1024w, https:\/\/i0.wp.com\/casadecampoliving.com\/wp-content\/uploads\/2023\/07\/Bachata-de-humo-y-flores-27.jpg?resize=300%2C200&amp;ssl=1 300w, https:\/\/i0.wp.com\/casadecampoliving.com\/wp-content\/uploads\/2023\/07\/Bachata-de-humo-y-flores-27.jpg?resize=768%2C512&amp;ssl=1 768w, https:\/\/i0.wp.com\/casadecampoliving.com\/wp-content\/uploads\/2023\/07\/Bachata-de-humo-y-flores-27.jpg?resize=400%2C267&amp;ssl=1 400w, https:\/\/i0.wp.com\/casadecampoliving.com\/wp-content\/uploads\/2023\/07\/Bachata-de-humo-y-flores-27.jpg?resize=150%2C100&amp;ssl=1 150w, https:\/\/i0.wp.com\/casadecampoliving.com\/wp-content\/uploads\/2023\/07\/Bachata-de-humo-y-flores-27.jpg?w=1200&amp;ssl=1 1200w, https:\/\/i0.wp.com\/casadecampoliving.com\/wp-content\/uploads\/2023\/07\/Bachata-de-humo-y-flores-27-1024x683.jpg?w=370&amp;ssl=1 370w\" sizes=\"auto, (max-width: 1000px) 100vw, 1000px\" \/><\/figure>\n\n\n\n<figure class=\"wp-block-image size-large\"><img data-recalc-dims=\"1\" loading=\"lazy\" decoding=\"async\" width=\"1024\" height=\"683\" data-id=\"520183\" src=\"https:\/\/i0.wp.com\/casadecampoliving.com\/wp-content\/uploads\/2023\/07\/Bachata-de-humo-y-flores-26.jpg?resize=1024%2C683&#038;ssl=1\" alt=\"\" class=\"wp-image-520183\" srcset=\"https:\/\/i0.wp.com\/casadecampoliving.com\/wp-content\/uploads\/2023\/07\/Bachata-de-humo-y-flores-26.jpg?resize=1024%2C683&amp;ssl=1 1024w, https:\/\/i0.wp.com\/casadecampoliving.com\/wp-content\/uploads\/2023\/07\/Bachata-de-humo-y-flores-26.jpg?resize=300%2C200&amp;ssl=1 300w, https:\/\/i0.wp.com\/casadecampoliving.com\/wp-content\/uploads\/2023\/07\/Bachata-de-humo-y-flores-26.jpg?resize=768%2C512&amp;ssl=1 768w, https:\/\/i0.wp.com\/casadecampoliving.com\/wp-content\/uploads\/2023\/07\/Bachata-de-humo-y-flores-26.jpg?resize=400%2C267&amp;ssl=1 400w, https:\/\/i0.wp.com\/casadecampoliving.com\/wp-content\/uploads\/2023\/07\/Bachata-de-humo-y-flores-26.jpg?resize=150%2C100&amp;ssl=1 150w, https:\/\/i0.wp.com\/casadecampoliving.com\/wp-content\/uploads\/2023\/07\/Bachata-de-humo-y-flores-26.jpg?w=1200&amp;ssl=1 1200w, https:\/\/i0.wp.com\/casadecampoliving.com\/wp-content\/uploads\/2023\/07\/Bachata-de-humo-y-flores-26-1024x683.jpg?w=370&amp;ssl=1 370w\" sizes=\"auto, (max-width: 1000px) 100vw, 1000px\" \/><\/figure>\n\n\n\n<figure class=\"wp-block-image size-large\"><img data-recalc-dims=\"1\" loading=\"lazy\" decoding=\"async\" width=\"1024\" height=\"683\" data-id=\"520179\" src=\"https:\/\/i0.wp.com\/casadecampoliving.com\/wp-content\/uploads\/2023\/07\/Bachata-de-humo-y-flores-25.jpg?resize=1024%2C683&#038;ssl=1\" alt=\"\" class=\"wp-image-520179\" srcset=\"https:\/\/i0.wp.com\/casadecampoliving.com\/wp-content\/uploads\/2023\/07\/Bachata-de-humo-y-flores-25.jpg?resize=1024%2C683&amp;ssl=1 1024w, https:\/\/i0.wp.com\/casadecampoliving.com\/wp-content\/uploads\/2023\/07\/Bachata-de-humo-y-flores-25.jpg?resize=300%2C200&amp;ssl=1 300w, https:\/\/i0.wp.com\/casadecampoliving.com\/wp-content\/uploads\/2023\/07\/Bachata-de-humo-y-flores-25.jpg?resize=768%2C512&amp;ssl=1 768w, https:\/\/i0.wp.com\/casadecampoliving.com\/wp-content\/uploads\/2023\/07\/Bachata-de-humo-y-flores-25.jpg?resize=400%2C267&amp;ssl=1 400w, https:\/\/i0.wp.com\/casadecampoliving.com\/wp-content\/uploads\/2023\/07\/Bachata-de-humo-y-flores-25.jpg?resize=150%2C100&amp;ssl=1 150w, https:\/\/i0.wp.com\/casadecampoliving.com\/wp-content\/uploads\/2023\/07\/Bachata-de-humo-y-flores-25.jpg?w=1200&amp;ssl=1 1200w, https:\/\/i0.wp.com\/casadecampoliving.com\/wp-content\/uploads\/2023\/07\/Bachata-de-humo-y-flores-25-1024x683.jpg?w=370&amp;ssl=1 370w\" sizes=\"auto, (max-width: 1000px) 100vw, 1000px\" \/><\/figure>\n\n\n\n<figure class=\"wp-block-image size-large\"><img data-recalc-dims=\"1\" loading=\"lazy\" decoding=\"async\" width=\"1024\" height=\"683\" data-id=\"520199\" src=\"https:\/\/i0.wp.com\/casadecampoliving.com\/wp-content\/uploads\/2023\/07\/Bachata-de-humo-y-flores-20.jpg?resize=1024%2C683&#038;ssl=1\" alt=\"\" class=\"wp-image-520199\" srcset=\"https:\/\/i0.wp.com\/casadecampoliving.com\/wp-content\/uploads\/2023\/07\/Bachata-de-humo-y-flores-20.jpg?resize=1024%2C683&amp;ssl=1 1024w, https:\/\/i0.wp.com\/casadecampoliving.com\/wp-content\/uploads\/2023\/07\/Bachata-de-humo-y-flores-20.jpg?resize=300%2C200&amp;ssl=1 300w, https:\/\/i0.wp.com\/casadecampoliving.com\/wp-content\/uploads\/2023\/07\/Bachata-de-humo-y-flores-20.jpg?resize=768%2C512&amp;ssl=1 768w, https:\/\/i0.wp.com\/casadecampoliving.com\/wp-content\/uploads\/2023\/07\/Bachata-de-humo-y-flores-20.jpg?resize=400%2C267&amp;ssl=1 400w, https:\/\/i0.wp.com\/casadecampoliving.com\/wp-content\/uploads\/2023\/07\/Bachata-de-humo-y-flores-20.jpg?resize=150%2C100&amp;ssl=1 150w, https:\/\/i0.wp.com\/casadecampoliving.com\/wp-content\/uploads\/2023\/07\/Bachata-de-humo-y-flores-20.jpg?w=1200&amp;ssl=1 1200w, https:\/\/i0.wp.com\/casadecampoliving.com\/wp-content\/uploads\/2023\/07\/Bachata-de-humo-y-flores-20-1024x683.jpg?w=370&amp;ssl=1 370w\" sizes=\"auto, (max-width: 1000px) 100vw, 1000px\" \/><\/figure>\n\n\n\n<figure class=\"wp-block-image size-large\"><img data-recalc-dims=\"1\" loading=\"lazy\" decoding=\"async\" width=\"1024\" height=\"683\" data-id=\"520173\" src=\"https:\/\/i0.wp.com\/casadecampoliving.com\/wp-content\/uploads\/2023\/07\/Bachata-de-humo-y-flores-7.jpg?resize=1024%2C683&#038;ssl=1\" alt=\"\" class=\"wp-image-520173\" srcset=\"https:\/\/i0.wp.com\/casadecampoliving.com\/wp-content\/uploads\/2023\/07\/Bachata-de-humo-y-flores-7.jpg?resize=1024%2C683&amp;ssl=1 1024w, https:\/\/i0.wp.com\/casadecampoliving.com\/wp-content\/uploads\/2023\/07\/Bachata-de-humo-y-flores-7.jpg?resize=300%2C200&amp;ssl=1 300w, https:\/\/i0.wp.com\/casadecampoliving.com\/wp-content\/uploads\/2023\/07\/Bachata-de-humo-y-flores-7.jpg?resize=768%2C512&amp;ssl=1 768w, https:\/\/i0.wp.com\/casadecampoliving.com\/wp-content\/uploads\/2023\/07\/Bachata-de-humo-y-flores-7.jpg?resize=400%2C267&amp;ssl=1 400w, https:\/\/i0.wp.com\/casadecampoliving.com\/wp-content\/uploads\/2023\/07\/Bachata-de-humo-y-flores-7.jpg?resize=150%2C100&amp;ssl=1 150w, https:\/\/i0.wp.com\/casadecampoliving.com\/wp-content\/uploads\/2023\/07\/Bachata-de-humo-y-flores-7.jpg?w=1200&amp;ssl=1 1200w, https:\/\/i0.wp.com\/casadecampoliving.com\/wp-content\/uploads\/2023\/07\/Bachata-de-humo-y-flores-7-1024x683.jpg?w=370&amp;ssl=1 370w\" sizes=\"auto, (max-width: 1000px) 100vw, 1000px\" \/><\/figure>\n\n\n\n<figure class=\"wp-block-image size-large\"><img data-recalc-dims=\"1\" loading=\"lazy\" decoding=\"async\" width=\"1024\" height=\"683\" data-id=\"520206\" src=\"https:\/\/i0.wp.com\/casadecampoliving.com\/wp-content\/uploads\/2023\/07\/Bachata-de-humo-y-flores-5.jpg?resize=1024%2C683&#038;ssl=1\" alt=\"\" class=\"wp-image-520206\" srcset=\"https:\/\/i0.wp.com\/casadecampoliving.com\/wp-content\/uploads\/2023\/07\/Bachata-de-humo-y-flores-5.jpg?resize=1024%2C683&amp;ssl=1 1024w, https:\/\/i0.wp.com\/casadecampoliving.com\/wp-content\/uploads\/2023\/07\/Bachata-de-humo-y-flores-5.jpg?resize=300%2C200&amp;ssl=1 300w, https:\/\/i0.wp.com\/casadecampoliving.com\/wp-content\/uploads\/2023\/07\/Bachata-de-humo-y-flores-5.jpg?resize=768%2C512&amp;ssl=1 768w, https:\/\/i0.wp.com\/casadecampoliving.com\/wp-content\/uploads\/2023\/07\/Bachata-de-humo-y-flores-5.jpg?resize=400%2C267&amp;ssl=1 400w, https:\/\/i0.wp.com\/casadecampoliving.com\/wp-content\/uploads\/2023\/07\/Bachata-de-humo-y-flores-5.jpg?resize=150%2C100&amp;ssl=1 150w, https:\/\/i0.wp.com\/casadecampoliving.com\/wp-content\/uploads\/2023\/07\/Bachata-de-humo-y-flores-5.jpg?w=1200&amp;ssl=1 1200w, https:\/\/i0.wp.com\/casadecampoliving.com\/wp-content\/uploads\/2023\/07\/Bachata-de-humo-y-flores-5-1024x683.jpg?w=370&amp;ssl=1 370w\" sizes=\"auto, (max-width: 1000px) 100vw, 1000px\" \/><\/figure>\n\n\n\n<figure class=\"wp-block-image size-large\"><img data-recalc-dims=\"1\" loading=\"lazy\" decoding=\"async\" width=\"1024\" height=\"683\" data-id=\"520210\" src=\"https:\/\/i0.wp.com\/casadecampoliving.com\/wp-content\/uploads\/2023\/07\/Bachata-de-humo-y-flores-4.jpg?resize=1024%2C683&#038;ssl=1\" alt=\"\" class=\"wp-image-520210\" srcset=\"https:\/\/i0.wp.com\/casadecampoliving.com\/wp-content\/uploads\/2023\/07\/Bachata-de-humo-y-flores-4.jpg?resize=1024%2C683&amp;ssl=1 1024w, https:\/\/i0.wp.com\/casadecampoliving.com\/wp-content\/uploads\/2023\/07\/Bachata-de-humo-y-flores-4.jpg?resize=300%2C200&amp;ssl=1 300w, https:\/\/i0.wp.com\/casadecampoliving.com\/wp-content\/uploads\/2023\/07\/Bachata-de-humo-y-flores-4.jpg?resize=768%2C512&amp;ssl=1 768w, https:\/\/i0.wp.com\/casadecampoliving.com\/wp-content\/uploads\/2023\/07\/Bachata-de-humo-y-flores-4.jpg?resize=400%2C267&amp;ssl=1 400w, https:\/\/i0.wp.com\/casadecampoliving.com\/wp-content\/uploads\/2023\/07\/Bachata-de-humo-y-flores-4.jpg?resize=150%2C100&amp;ssl=1 150w, https:\/\/i0.wp.com\/casadecampoliving.com\/wp-content\/uploads\/2023\/07\/Bachata-de-humo-y-flores-4.jpg?w=1200&amp;ssl=1 1200w, https:\/\/i0.wp.com\/casadecampoliving.com\/wp-content\/uploads\/2023\/07\/Bachata-de-humo-y-flores-4-1024x683.jpg?w=370&amp;ssl=1 370w\" sizes=\"auto, (max-width: 1000px) 100vw, 1000px\" \/><\/figure>\n\n\n\n<figure class=\"wp-block-image size-large\"><img data-recalc-dims=\"1\" loading=\"lazy\" decoding=\"async\" width=\"1024\" height=\"683\" data-id=\"520208\" src=\"https:\/\/i0.wp.com\/casadecampoliving.com\/wp-content\/uploads\/2023\/07\/Bachata-de-humo-y-flores-3.jpg?resize=1024%2C683&#038;ssl=1\" alt=\"\" class=\"wp-image-520208\" srcset=\"https:\/\/i0.wp.com\/casadecampoliving.com\/wp-content\/uploads\/2023\/07\/Bachata-de-humo-y-flores-3.jpg?resize=1024%2C683&amp;ssl=1 1024w, https:\/\/i0.wp.com\/casadecampoliving.com\/wp-content\/uploads\/2023\/07\/Bachata-de-humo-y-flores-3.jpg?resize=300%2C200&amp;ssl=1 300w, https:\/\/i0.wp.com\/casadecampoliving.com\/wp-content\/uploads\/2023\/07\/Bachata-de-humo-y-flores-3.jpg?resize=768%2C512&amp;ssl=1 768w, https:\/\/i0.wp.com\/casadecampoliving.com\/wp-content\/uploads\/2023\/07\/Bachata-de-humo-y-flores-3.jpg?resize=400%2C267&amp;ssl=1 400w, https:\/\/i0.wp.com\/casadecampoliving.com\/wp-content\/uploads\/2023\/07\/Bachata-de-humo-y-flores-3.jpg?resize=150%2C100&amp;ssl=1 150w, https:\/\/i0.wp.com\/casadecampoliving.com\/wp-content\/uploads\/2023\/07\/Bachata-de-humo-y-flores-3.jpg?w=1200&amp;ssl=1 1200w, https:\/\/i0.wp.com\/casadecampoliving.com\/wp-content\/uploads\/2023\/07\/Bachata-de-humo-y-flores-3-1024x683.jpg?w=370&amp;ssl=1 370w\" sizes=\"auto, (max-width: 1000px) 100vw, 1000px\" \/><\/figure>\n\n\n\n<figure class=\"wp-block-image size-large\"><img data-recalc-dims=\"1\" loading=\"lazy\" decoding=\"async\" width=\"1024\" height=\"683\" data-id=\"520225\" src=\"https:\/\/i0.wp.com\/casadecampoliving.com\/wp-content\/uploads\/2023\/07\/Bachata-de-humo-y-flores-2.jpg?resize=1024%2C683&#038;ssl=1\" alt=\"\" class=\"wp-image-520225\" srcset=\"https:\/\/i0.wp.com\/casadecampoliving.com\/wp-content\/uploads\/2023\/07\/Bachata-de-humo-y-flores-2.jpg?resize=1024%2C683&amp;ssl=1 1024w, https:\/\/i0.wp.com\/casadecampoliving.com\/wp-content\/uploads\/2023\/07\/Bachata-de-humo-y-flores-2.jpg?resize=300%2C200&amp;ssl=1 300w, https:\/\/i0.wp.com\/casadecampoliving.com\/wp-content\/uploads\/2023\/07\/Bachata-de-humo-y-flores-2.jpg?resize=768%2C512&amp;ssl=1 768w, https:\/\/i0.wp.com\/casadecampoliving.com\/wp-content\/uploads\/2023\/07\/Bachata-de-humo-y-flores-2.jpg?resize=400%2C267&amp;ssl=1 400w, https:\/\/i0.wp.com\/casadecampoliving.com\/wp-content\/uploads\/2023\/07\/Bachata-de-humo-y-flores-2.jpg?resize=150%2C100&amp;ssl=1 150w, https:\/\/i0.wp.com\/casadecampoliving.com\/wp-content\/uploads\/2023\/07\/Bachata-de-humo-y-flores-2.jpg?w=1200&amp;ssl=1 1200w, https:\/\/i0.wp.com\/casadecampoliving.com\/wp-content\/uploads\/2023\/07\/Bachata-de-humo-y-flores-2-1024x683.jpg?w=370&amp;ssl=1 370w\" sizes=\"auto, (max-width: 1000px) 100vw, 1000px\" \/><\/figure>\n\n\n\n<figure class=\"wp-block-image size-large\"><img data-recalc-dims=\"1\" loading=\"lazy\" decoding=\"async\" width=\"1024\" height=\"683\" data-id=\"520223\" src=\"https:\/\/i0.wp.com\/casadecampoliving.com\/wp-content\/uploads\/2023\/07\/Bachata-de-humo-y-flores-1.jpg?resize=1024%2C683&#038;ssl=1\" alt=\"\" class=\"wp-image-520223\" srcset=\"https:\/\/i0.wp.com\/casadecampoliving.com\/wp-content\/uploads\/2023\/07\/Bachata-de-humo-y-flores-1.jpg?resize=1024%2C683&amp;ssl=1 1024w, https:\/\/i0.wp.com\/casadecampoliving.com\/wp-content\/uploads\/2023\/07\/Bachata-de-humo-y-flores-1.jpg?resize=300%2C200&amp;ssl=1 300w, https:\/\/i0.wp.com\/casadecampoliving.com\/wp-content\/uploads\/2023\/07\/Bachata-de-humo-y-flores-1.jpg?resize=768%2C512&amp;ssl=1 768w, https:\/\/i0.wp.com\/casadecampoliving.com\/wp-content\/uploads\/2023\/07\/Bachata-de-humo-y-flores-1.jpg?resize=400%2C267&amp;ssl=1 400w, https:\/\/i0.wp.com\/casadecampoliving.com\/wp-content\/uploads\/2023\/07\/Bachata-de-humo-y-flores-1.jpg?resize=150%2C100&amp;ssl=1 150w, https:\/\/i0.wp.com\/casadecampoliving.com\/wp-content\/uploads\/2023\/07\/Bachata-de-humo-y-flores-1.jpg?w=1200&amp;ssl=1 1200w, https:\/\/i0.wp.com\/casadecampoliving.com\/wp-content\/uploads\/2023\/07\/Bachata-de-humo-y-flores-1-1024x683.jpg?w=370&amp;ssl=1 370w\" sizes=\"auto, (max-width: 1000px) 100vw, 1000px\" \/><\/figure>\n<\/figure>\n","protected":false},"excerpt":{"rendered":"<p>El pasado viernes, el 21 de julio, tuvo lugar la muy esperada inauguraci\u00f3n de la exposici\u00f3n de arte \u00abBachata de Humo y Flores\u00bb en WAO Galer\u00eda y Centro Cultural de Altos de Chav\u00f3n. La muestra present\u00f3 las obras del estimado artista espa\u00f1ol Carlos Alvares Las Heras. El evento atrajo a una multitud animada y entusiasta [&hellip;]<\/p>\n","protected":false},"author":36791,"featured_media":520224,"comment_status":"closed","ping_status":"closed","sticky":false,"template":"","format":"standard","meta":{"newspack_ads_suppress_ads":false,"newspack_popups_has_disabled_popups":false,"newspack_sponsor_sponsorship_scope":"","newspack_sponsor_native_byline_display":"inherit","newspack_sponsor_native_category_display":"inherit","newspack_sponsor_underwriter_style":"inherit","newspack_sponsor_underwriter_placement":"inherit","_newspack_byline_active":false,"_newspack_byline":"","newspack_hide_updated_date":false,"newspack_show_updated_date":false,"newspack_content_restriction_is_exempt":false,"newspack_featured_image_position":"large","newspack_post_subtitle":"La exposici\u00f3n consiste en 15 obras de arte por el artista espa\u00f1ol Carlos Alvares Las Heras","newspack_article_summary_title":"Overview:","newspack_article_summary":"","_jetpack_memberships_contains_paid_content":false,"footnotes":"","jetpack_publicize_message":"","jetpack_publicize_feature_enabled":true,"jetpack_social_post_already_shared":false,"jetpack_social_options":{"image_generator_settings":{"template":"highway","default_image_id":0,"font":"","enabled":false},"version":2},"_wpas_customize_per_network":false},"categories":[26577,2522,23889,14625,2521],"tags":[15387,27100,2536,3469,21588,3375,14736,27001],"newspack_spnsrs_tax":[],"class_list":["post-520235","post","type-post","status-publish","format-standard","has-post-thumbnail","hentry","category-altos-de-chavon-6","category-eventos-es","category-lifestyle-2","category-noticias-locales","category-republica-dominicana-2","tag-altos-de-chavon-es","tag-altos-de-chavon-es-7","tag-arte","tag-arte-y-cultura","tag-coctel-de-apertura","tag-eventos-y-actividades","tag-featured-topview-es","tag-wao-galeria","entry"],"yoast_head":"<!-- This site is optimized with the Yoast SEO plugin v27.4 - https:\/\/yoast.com\/product\/yoast-seo-wordpress\/ -->\n<title>WAO Galer\u00eda y Centro Cultural dio apertura a la exposici\u00f3n &quot;Bachata De Humo Y Flores&quot; | Casa de Campo Living<\/title>\n<meta name=\"description\" content=\"El pasado viernes, el 21 de julio, tuvo lugar la muy esperada inauguraci\u00f3n de la exposici\u00f3n de arte &quot;Bachata de Humo y Flores&quot; en WAO Galer\u00eda y Centro\" \/>\n<meta name=\"robots\" content=\"index, follow, max-snippet:-1, max-image-preview:large, max-video-preview:-1\" \/>\n<link rel=\"canonical\" href=\"https:\/\/casadecampoliving.com\/es\/wao-galeria-y-centro-cultural-dio-apertura-a-la-exposicion-bachata-de-humo-y-flores\/\" \/>\n<meta property=\"og:locale\" content=\"es_ES\" \/>\n<meta property=\"og:type\" content=\"article\" \/>\n<meta property=\"og:title\" content=\"WAO Galer\u00eda y Centro Cultural dio apertura a la exposici\u00f3n &quot;Bachata De Humo Y Flores&quot; | Casa de Campo Living\" \/>\n<meta property=\"og:description\" content=\"El pasado viernes, el 21 de julio, tuvo lugar la muy esperada inauguraci\u00f3n de la exposici\u00f3n de arte &quot;Bachata de Humo y Flores&quot; en WAO Galer\u00eda y Centro\" \/>\n<meta property=\"og:url\" content=\"https:\/\/casadecampoliving.com\/es\/wao-galeria-y-centro-cultural-dio-apertura-a-la-exposicion-bachata-de-humo-y-flores\/\" \/>\n<meta property=\"og:site_name\" content=\"Casa de Campo Living\" \/>\n<meta property=\"article:publisher\" content=\"https:\/\/www.facebook.com\/casadecampoliving\" \/>\n<meta property=\"article:published_time\" content=\"2023-07-26T16:47:23+00:00\" \/>\n<meta property=\"article:modified_time\" content=\"2023-07-31T14:02:49+00:00\" \/>\n<meta property=\"og:image\" content=\"https:\/\/casadecampoliving.com\/wp-content\/uploads\/2023\/07\/Bachata-de-humo-y-flores-19.jpg\" \/>\n\t<meta property=\"og:image:width\" content=\"1200\" \/>\n\t<meta property=\"og:image:height\" content=\"800\" \/>\n\t<meta property=\"og:image:type\" content=\"image\/jpeg\" \/>\n<meta name=\"author\" content=\"Casa de Campo Living\" \/>\n<meta name=\"twitter:card\" content=\"summary_large_image\" \/>\n<meta name=\"twitter:creator\" content=\"@cdcliving\" \/>\n<meta name=\"twitter:site\" content=\"@cdcliving\" \/>\n<meta name=\"twitter:label1\" content=\"Escrito por\" \/>\n\t<meta name=\"twitter:data1\" content=\"Casa de Campo Living\" \/>\n\t<meta name=\"twitter:label2\" content=\"Tiempo de lectura\" \/>\n\t<meta name=\"twitter:data2\" content=\"8 minutos\" \/>\n<script type=\"application\/ld+json\" class=\"yoast-schema-graph\">{\"@context\":\"https:\\\/\\\/schema.org\",\"@graph\":[{\"@type\":\"Article\",\"@id\":\"https:\\\/\\\/casadecampoliving.com\\\/es\\\/wao-galeria-y-centro-cultural-dio-apertura-a-la-exposicion-bachata-de-humo-y-flores\\\/#article\",\"isPartOf\":{\"@id\":\"https:\\\/\\\/casadecampoliving.com\\\/es\\\/wao-galeria-y-centro-cultural-dio-apertura-a-la-exposicion-bachata-de-humo-y-flores\\\/\"},\"author\":{\"name\":\"Casa de Campo Living\",\"@id\":\"https:\\\/\\\/casadecampoliving.com\\\/es\\\/#\\\/schema\\\/person\\\/5d2171637a9d11e0e43ce6b8555f9422\"},\"headline\":\"WAO Galer\u00eda y Centro Cultural dio apertura a la exposici\u00f3n \u00abBachata De Humo Y Flores\u00bb\",\"datePublished\":\"2023-07-26T16:47:23+00:00\",\"dateModified\":\"2023-07-31T14:02:49+00:00\",\"mainEntityOfPage\":{\"@id\":\"https:\\\/\\\/casadecampoliving.com\\\/es\\\/wao-galeria-y-centro-cultural-dio-apertura-a-la-exposicion-bachata-de-humo-y-flores\\\/\"},\"wordCount\":553,\"publisher\":{\"@id\":\"https:\\\/\\\/casadecampoliving.com\\\/es\\\/#organization\"},\"image\":{\"@id\":\"https:\\\/\\\/casadecampoliving.com\\\/es\\\/wao-galeria-y-centro-cultural-dio-apertura-a-la-exposicion-bachata-de-humo-y-flores\\\/#primaryimage\"},\"thumbnailUrl\":\"https:\\\/\\\/i0.wp.com\\\/casadecampoliving.com\\\/wp-content\\\/uploads\\\/2023\\\/07\\\/Bachata-de-humo-y-flores-19.jpg?fit=1200%2C800&ssl=1\",\"keywords\":[\"Altos de Chavon\",\"Altos de Chav\u00f3n @es\",\"arte\",\"arte y cultura\",\"coctel de apertura\",\"eventos y actividades\",\"Featured-TopView @es\",\"wao galeria\"],\"articleSection\":[\"Altos de Chav\u00f3n\",\"Eventos\",\"Lifestyle\",\"Noticias Locales\",\"Rep\u00fablica Dominicana @es\"],\"inLanguage\":\"es\"},{\"@type\":\"WebPage\",\"@id\":\"https:\\\/\\\/casadecampoliving.com\\\/es\\\/wao-galeria-y-centro-cultural-dio-apertura-a-la-exposicion-bachata-de-humo-y-flores\\\/\",\"url\":\"https:\\\/\\\/casadecampoliving.com\\\/es\\\/wao-galeria-y-centro-cultural-dio-apertura-a-la-exposicion-bachata-de-humo-y-flores\\\/\",\"name\":\"WAO Galer\u00eda y Centro Cultural dio apertura a la exposici\u00f3n \\\"Bachata De Humo Y Flores\\\" | Casa de Campo Living\",\"isPartOf\":{\"@id\":\"https:\\\/\\\/casadecampoliving.com\\\/es\\\/#website\"},\"primaryImageOfPage\":{\"@id\":\"https:\\\/\\\/casadecampoliving.com\\\/es\\\/wao-galeria-y-centro-cultural-dio-apertura-a-la-exposicion-bachata-de-humo-y-flores\\\/#primaryimage\"},\"image\":{\"@id\":\"https:\\\/\\\/casadecampoliving.com\\\/es\\\/wao-galeria-y-centro-cultural-dio-apertura-a-la-exposicion-bachata-de-humo-y-flores\\\/#primaryimage\"},\"thumbnailUrl\":\"https:\\\/\\\/i0.wp.com\\\/casadecampoliving.com\\\/wp-content\\\/uploads\\\/2023\\\/07\\\/Bachata-de-humo-y-flores-19.jpg?fit=1200%2C800&ssl=1\",\"datePublished\":\"2023-07-26T16:47:23+00:00\",\"dateModified\":\"2023-07-31T14:02:49+00:00\",\"description\":\"El pasado viernes, el 21 de julio, tuvo lugar la muy esperada inauguraci\u00f3n de la exposici\u00f3n de arte \\\"Bachata de Humo y Flores\\\" en WAO Galer\u00eda y Centro\",\"breadcrumb\":{\"@id\":\"https:\\\/\\\/casadecampoliving.com\\\/es\\\/wao-galeria-y-centro-cultural-dio-apertura-a-la-exposicion-bachata-de-humo-y-flores\\\/#breadcrumb\"},\"inLanguage\":\"es\",\"potentialAction\":[{\"@type\":\"ReadAction\",\"target\":[\"https:\\\/\\\/casadecampoliving.com\\\/es\\\/wao-galeria-y-centro-cultural-dio-apertura-a-la-exposicion-bachata-de-humo-y-flores\\\/\"]}]},{\"@type\":\"ImageObject\",\"inLanguage\":\"es\",\"@id\":\"https:\\\/\\\/casadecampoliving.com\\\/es\\\/wao-galeria-y-centro-cultural-dio-apertura-a-la-exposicion-bachata-de-humo-y-flores\\\/#primaryimage\",\"url\":\"https:\\\/\\\/i0.wp.com\\\/casadecampoliving.com\\\/wp-content\\\/uploads\\\/2023\\\/07\\\/Bachata-de-humo-y-flores-19.jpg?fit=1200%2C800&ssl=1\",\"contentUrl\":\"https:\\\/\\\/i0.wp.com\\\/casadecampoliving.com\\\/wp-content\\\/uploads\\\/2023\\\/07\\\/Bachata-de-humo-y-flores-19.jpg?fit=1200%2C800&ssl=1\",\"width\":1200,\"height\":800},{\"@type\":\"BreadcrumbList\",\"@id\":\"https:\\\/\\\/casadecampoliving.com\\\/es\\\/wao-galeria-y-centro-cultural-dio-apertura-a-la-exposicion-bachata-de-humo-y-flores\\\/#breadcrumb\",\"itemListElement\":[{\"@type\":\"ListItem\",\"position\":1,\"name\":\"Home\",\"item\":\"https:\\\/\\\/casadecampoliving.com\\\/es\\\/\"},{\"@type\":\"ListItem\",\"position\":2,\"name\":\"WAO Galer\u00eda y Centro Cultural dio apertura a la exposici\u00f3n &#8220;Bachata De Humo Y Flores&#8221;\"}]},{\"@type\":\"WebSite\",\"@id\":\"https:\\\/\\\/casadecampoliving.com\\\/es\\\/#website\",\"url\":\"https:\\\/\\\/casadecampoliving.com\\\/es\\\/\",\"name\":\"Casa de Campo Living\",\"description\":\"Resort community news and resources.\",\"publisher\":{\"@id\":\"https:\\\/\\\/casadecampoliving.com\\\/es\\\/#organization\"},\"potentialAction\":[{\"@type\":\"SearchAction\",\"target\":{\"@type\":\"EntryPoint\",\"urlTemplate\":\"https:\\\/\\\/casadecampoliving.com\\\/es\\\/?s={search_term_string}\"},\"query-input\":{\"@type\":\"PropertyValueSpecification\",\"valueRequired\":true,\"valueName\":\"search_term_string\"}}],\"inLanguage\":\"es\"},{\"@type\":\"Organization\",\"@id\":\"https:\\\/\\\/casadecampoliving.com\\\/es\\\/#organization\",\"name\":\"Casa de Campo Living\",\"url\":\"https:\\\/\\\/casadecampoliving.com\\\/es\\\/\",\"logo\":{\"@type\":\"ImageObject\",\"inLanguage\":\"es\",\"@id\":\"https:\\\/\\\/casadecampoliving.com\\\/es\\\/#\\\/schema\\\/logo\\\/image\\\/\",\"url\":\"https:\\\/\\\/i0.wp.com\\\/casadecampoliving.com\\\/wp-content\\\/uploads\\\/2022\\\/07\\\/CDCLivingLogo_V1-white-sized.png?fit=800%2C214&ssl=1\",\"contentUrl\":\"https:\\\/\\\/i0.wp.com\\\/casadecampoliving.com\\\/wp-content\\\/uploads\\\/2022\\\/07\\\/CDCLivingLogo_V1-white-sized.png?fit=800%2C214&ssl=1\",\"width\":800,\"height\":214,\"caption\":\"Casa de Campo Living\"},\"image\":{\"@id\":\"https:\\\/\\\/casadecampoliving.com\\\/es\\\/#\\\/schema\\\/logo\\\/image\\\/\"},\"sameAs\":[\"https:\\\/\\\/www.facebook.com\\\/casadecampoliving\",\"https:\\\/\\\/x.com\\\/cdcliving\"]},{\"@type\":\"Person\",\"@id\":\"https:\\\/\\\/casadecampoliving.com\\\/es\\\/#\\\/schema\\\/person\\\/5d2171637a9d11e0e43ce6b8555f9422\",\"name\":\"Casa de Campo Living\",\"image\":{\"@type\":\"ImageObject\",\"inLanguage\":\"es\",\"@id\":\"https:\\\/\\\/secure.gravatar.com\\\/avatar\\\/d04101fa4a9fd431e939953b1500fdc7a73cd35029f86d98712fd8ccdaebaf9a?s=96&d=mm&r=g\",\"url\":\"https:\\\/\\\/secure.gravatar.com\\\/avatar\\\/d04101fa4a9fd431e939953b1500fdc7a73cd35029f86d98712fd8ccdaebaf9a?s=96&d=mm&r=g\",\"contentUrl\":\"https:\\\/\\\/secure.gravatar.com\\\/avatar\\\/d04101fa4a9fd431e939953b1500fdc7a73cd35029f86d98712fd8ccdaebaf9a?s=96&d=mm&r=g\",\"caption\":\"Casa de Campo Living\"},\"url\":\"https:\\\/\\\/casadecampoliving.com\\\/es\\\/author\\\/casa-de-campo-living\\\/\"}]}<\/script>\n<!-- \/ Yoast SEO plugin. -->","yoast_head_json":{"title":"WAO Galer\u00eda y Centro Cultural dio apertura a la exposici\u00f3n \"Bachata De Humo Y Flores\" | Casa de Campo Living","description":"El pasado viernes, el 21 de julio, tuvo lugar la muy esperada inauguraci\u00f3n de la exposici\u00f3n de arte \"Bachata de Humo y Flores\" en WAO Galer\u00eda y Centro","robots":{"index":"index","follow":"follow","max-snippet":"max-snippet:-1","max-image-preview":"max-image-preview:large","max-video-preview":"max-video-preview:-1"},"canonical":"https:\/\/casadecampoliving.com\/es\/wao-galeria-y-centro-cultural-dio-apertura-a-la-exposicion-bachata-de-humo-y-flores\/","og_locale":"es_ES","og_type":"article","og_title":"WAO Galer\u00eda y Centro Cultural dio apertura a la exposici\u00f3n \"Bachata De Humo Y Flores\" | Casa de Campo Living","og_description":"El pasado viernes, el 21 de julio, tuvo lugar la muy esperada inauguraci\u00f3n de la exposici\u00f3n de arte \"Bachata de Humo y Flores\" en WAO Galer\u00eda y Centro","og_url":"https:\/\/casadecampoliving.com\/es\/wao-galeria-y-centro-cultural-dio-apertura-a-la-exposicion-bachata-de-humo-y-flores\/","og_site_name":"Casa de Campo Living","article_publisher":"https:\/\/www.facebook.com\/casadecampoliving","article_published_time":"2023-07-26T16:47:23+00:00","article_modified_time":"2023-07-31T14:02:49+00:00","og_image":[{"width":1200,"height":800,"url":"https:\/\/casadecampoliving.com\/wp-content\/uploads\/2023\/07\/Bachata-de-humo-y-flores-19.jpg","type":"image\/jpeg"}],"author":"Casa de Campo Living","twitter_card":"summary_large_image","twitter_creator":"@cdcliving","twitter_site":"@cdcliving","twitter_misc":{"Escrito por":"Casa de Campo Living","Tiempo de lectura":"8 minutos"},"schema":{"@context":"https:\/\/schema.org","@graph":[{"@type":"Article","@id":"https:\/\/casadecampoliving.com\/es\/wao-galeria-y-centro-cultural-dio-apertura-a-la-exposicion-bachata-de-humo-y-flores\/#article","isPartOf":{"@id":"https:\/\/casadecampoliving.com\/es\/wao-galeria-y-centro-cultural-dio-apertura-a-la-exposicion-bachata-de-humo-y-flores\/"},"author":{"name":"Casa de Campo Living","@id":"https:\/\/casadecampoliving.com\/es\/#\/schema\/person\/5d2171637a9d11e0e43ce6b8555f9422"},"headline":"WAO Galer\u00eda y Centro Cultural dio apertura a la exposici\u00f3n \u00abBachata De Humo Y Flores\u00bb","datePublished":"2023-07-26T16:47:23+00:00","dateModified":"2023-07-31T14:02:49+00:00","mainEntityOfPage":{"@id":"https:\/\/casadecampoliving.com\/es\/wao-galeria-y-centro-cultural-dio-apertura-a-la-exposicion-bachata-de-humo-y-flores\/"},"wordCount":553,"publisher":{"@id":"https:\/\/casadecampoliving.com\/es\/#organization"},"image":{"@id":"https:\/\/casadecampoliving.com\/es\/wao-galeria-y-centro-cultural-dio-apertura-a-la-exposicion-bachata-de-humo-y-flores\/#primaryimage"},"thumbnailUrl":"https:\/\/i0.wp.com\/casadecampoliving.com\/wp-content\/uploads\/2023\/07\/Bachata-de-humo-y-flores-19.jpg?fit=1200%2C800&ssl=1","keywords":["Altos de Chavon","Altos de Chav\u00f3n @es","arte","arte y cultura","coctel de apertura","eventos y actividades","Featured-TopView @es","wao galeria"],"articleSection":["Altos de Chav\u00f3n","Eventos","Lifestyle","Noticias Locales","Rep\u00fablica Dominicana @es"],"inLanguage":"es"},{"@type":"WebPage","@id":"https:\/\/casadecampoliving.com\/es\/wao-galeria-y-centro-cultural-dio-apertura-a-la-exposicion-bachata-de-humo-y-flores\/","url":"https:\/\/casadecampoliving.com\/es\/wao-galeria-y-centro-cultural-dio-apertura-a-la-exposicion-bachata-de-humo-y-flores\/","name":"WAO Galer\u00eda y Centro Cultural dio apertura a la exposici\u00f3n \"Bachata De Humo Y Flores\" | Casa de Campo Living","isPartOf":{"@id":"https:\/\/casadecampoliving.com\/es\/#website"},"primaryImageOfPage":{"@id":"https:\/\/casadecampoliving.com\/es\/wao-galeria-y-centro-cultural-dio-apertura-a-la-exposicion-bachata-de-humo-y-flores\/#primaryimage"},"image":{"@id":"https:\/\/casadecampoliving.com\/es\/wao-galeria-y-centro-cultural-dio-apertura-a-la-exposicion-bachata-de-humo-y-flores\/#primaryimage"},"thumbnailUrl":"https:\/\/i0.wp.com\/casadecampoliving.com\/wp-content\/uploads\/2023\/07\/Bachata-de-humo-y-flores-19.jpg?fit=1200%2C800&ssl=1","datePublished":"2023-07-26T16:47:23+00:00","dateModified":"2023-07-31T14:02:49+00:00","description":"El pasado viernes, el 21 de julio, tuvo lugar la muy esperada inauguraci\u00f3n de la exposici\u00f3n de arte \"Bachata de Humo y Flores\" en WAO Galer\u00eda y Centro","breadcrumb":{"@id":"https:\/\/casadecampoliving.com\/es\/wao-galeria-y-centro-cultural-dio-apertura-a-la-exposicion-bachata-de-humo-y-flores\/#breadcrumb"},"inLanguage":"es","potentialAction":[{"@type":"ReadAction","target":["https:\/\/casadecampoliving.com\/es\/wao-galeria-y-centro-cultural-dio-apertura-a-la-exposicion-bachata-de-humo-y-flores\/"]}]},{"@type":"ImageObject","inLanguage":"es","@id":"https:\/\/casadecampoliving.com\/es\/wao-galeria-y-centro-cultural-dio-apertura-a-la-exposicion-bachata-de-humo-y-flores\/#primaryimage","url":"https:\/\/i0.wp.com\/casadecampoliving.com\/wp-content\/uploads\/2023\/07\/Bachata-de-humo-y-flores-19.jpg?fit=1200%2C800&ssl=1","contentUrl":"https:\/\/i0.wp.com\/casadecampoliving.com\/wp-content\/uploads\/2023\/07\/Bachata-de-humo-y-flores-19.jpg?fit=1200%2C800&ssl=1","width":1200,"height":800},{"@type":"BreadcrumbList","@id":"https:\/\/casadecampoliving.com\/es\/wao-galeria-y-centro-cultural-dio-apertura-a-la-exposicion-bachata-de-humo-y-flores\/#breadcrumb","itemListElement":[{"@type":"ListItem","position":1,"name":"Home","item":"https:\/\/casadecampoliving.com\/es\/"},{"@type":"ListItem","position":2,"name":"WAO Galer\u00eda y Centro Cultural dio apertura a la exposici\u00f3n &#8220;Bachata De Humo Y Flores&#8221;"}]},{"@type":"WebSite","@id":"https:\/\/casadecampoliving.com\/es\/#website","url":"https:\/\/casadecampoliving.com\/es\/","name":"Casa de Campo Living","description":"Resort community news and resources.","publisher":{"@id":"https:\/\/casadecampoliving.com\/es\/#organization"},"potentialAction":[{"@type":"SearchAction","target":{"@type":"EntryPoint","urlTemplate":"https:\/\/casadecampoliving.com\/es\/?s={search_term_string}"},"query-input":{"@type":"PropertyValueSpecification","valueRequired":true,"valueName":"search_term_string"}}],"inLanguage":"es"},{"@type":"Organization","@id":"https:\/\/casadecampoliving.com\/es\/#organization","name":"Casa de Campo Living","url":"https:\/\/casadecampoliving.com\/es\/","logo":{"@type":"ImageObject","inLanguage":"es","@id":"https:\/\/casadecampoliving.com\/es\/#\/schema\/logo\/image\/","url":"https:\/\/i0.wp.com\/casadecampoliving.com\/wp-content\/uploads\/2022\/07\/CDCLivingLogo_V1-white-sized.png?fit=800%2C214&ssl=1","contentUrl":"https:\/\/i0.wp.com\/casadecampoliving.com\/wp-content\/uploads\/2022\/07\/CDCLivingLogo_V1-white-sized.png?fit=800%2C214&ssl=1","width":800,"height":214,"caption":"Casa de Campo Living"},"image":{"@id":"https:\/\/casadecampoliving.com\/es\/#\/schema\/logo\/image\/"},"sameAs":["https:\/\/www.facebook.com\/casadecampoliving","https:\/\/x.com\/cdcliving"]},{"@type":"Person","@id":"https:\/\/casadecampoliving.com\/es\/#\/schema\/person\/5d2171637a9d11e0e43ce6b8555f9422","name":"Casa de Campo Living","image":{"@type":"ImageObject","inLanguage":"es","@id":"https:\/\/secure.gravatar.com\/avatar\/d04101fa4a9fd431e939953b1500fdc7a73cd35029f86d98712fd8ccdaebaf9a?s=96&d=mm&r=g","url":"https:\/\/secure.gravatar.com\/avatar\/d04101fa4a9fd431e939953b1500fdc7a73cd35029f86d98712fd8ccdaebaf9a?s=96&d=mm&r=g","contentUrl":"https:\/\/secure.gravatar.com\/avatar\/d04101fa4a9fd431e939953b1500fdc7a73cd35029f86d98712fd8ccdaebaf9a?s=96&d=mm&r=g","caption":"Casa de Campo Living"},"url":"https:\/\/casadecampoliving.com\/es\/author\/casa-de-campo-living\/"}]}},"parsely":{"version":"1.1.0","canonical_url":"https:\/\/casadecampoliving.com\/es\/wao-galeria-y-centro-cultural-dio-apertura-a-la-exposicion-bachata-de-humo-y-flores\/","smart_links":{"inbound":0,"outbound":0},"traffic_boost_suggestions_count":0,"meta":{"@context":"https:\/\/schema.org","@type":"NewsArticle","headline":"WAO Galer\u00eda y Centro Cultural dio apertura a la exposici\u00f3n \u00abBachata De Humo Y Flores\u00bb","url":"http:\/\/casadecampoliving.com\/es\/wao-galeria-y-centro-cultural-dio-apertura-a-la-exposicion-bachata-de-humo-y-flores\/","mainEntityOfPage":{"@type":"WebPage","@id":"http:\/\/casadecampoliving.com\/es\/wao-galeria-y-centro-cultural-dio-apertura-a-la-exposicion-bachata-de-humo-y-flores\/"},"thumbnailUrl":"https:\/\/i0.wp.com\/casadecampoliving.com\/wp-content\/uploads\/2023\/07\/Bachata-de-humo-y-flores-19.jpg?resize=150%2C150&ssl=1","image":{"@type":"ImageObject","url":"https:\/\/i0.wp.com\/casadecampoliving.com\/wp-content\/uploads\/2023\/07\/Bachata-de-humo-y-flores-19.jpg?fit=1200%2C800&ssl=1"},"articleSection":"Altos de Chav\u00f3n","author":[{"@type":"Person","name":"Casa de Campo Living"}],"creator":["Casa de Campo Living"],"publisher":{"@type":"Organization","name":"Casa de Campo Living","logo":"https:\/\/casadecampoliving.com\/wp-content\/uploads\/2022\/07\/CDCLivingLogo_V1-white-sized.png"},"keywords":["altos de chavon","altos de chav\u00f3n @es","arte","arte y cultura","coctel de apertura","eventos y actividades","featured-topview @es","wao galeria"],"dateCreated":"2023-07-26T16:47:23Z","datePublished":"2023-07-26T16:47:23Z","dateModified":"2023-07-31T14:02:49Z"},"rendered":"<script type=\"application\/ld+json\" class=\"wp-parsely-metadata\">{\"@context\":\"https:\\\/\\\/schema.org\",\"@type\":\"NewsArticle\",\"headline\":\"WAO Galer\\u00eda y Centro Cultural dio apertura a la exposici\\u00f3n \\u00abBachata De Humo Y Flores\\u00bb\",\"url\":\"http:\\\/\\\/casadecampoliving.com\\\/es\\\/wao-galeria-y-centro-cultural-dio-apertura-a-la-exposicion-bachata-de-humo-y-flores\\\/\",\"mainEntityOfPage\":{\"@type\":\"WebPage\",\"@id\":\"http:\\\/\\\/casadecampoliving.com\\\/es\\\/wao-galeria-y-centro-cultural-dio-apertura-a-la-exposicion-bachata-de-humo-y-flores\\\/\"},\"thumbnailUrl\":\"https:\\\/\\\/i0.wp.com\\\/casadecampoliving.com\\\/wp-content\\\/uploads\\\/2023\\\/07\\\/Bachata-de-humo-y-flores-19.jpg?resize=150%2C150&ssl=1\",\"image\":{\"@type\":\"ImageObject\",\"url\":\"https:\\\/\\\/i0.wp.com\\\/casadecampoliving.com\\\/wp-content\\\/uploads\\\/2023\\\/07\\\/Bachata-de-humo-y-flores-19.jpg?fit=1200%2C800&ssl=1\"},\"articleSection\":\"Altos de Chav\\u00f3n\",\"author\":[{\"@type\":\"Person\",\"name\":\"Casa de Campo Living\"}],\"creator\":[\"Casa de Campo Living\"],\"publisher\":{\"@type\":\"Organization\",\"name\":\"Casa de Campo Living\",\"logo\":\"https:\\\/\\\/casadecampoliving.com\\\/wp-content\\\/uploads\\\/2022\\\/07\\\/CDCLivingLogo_V1-white-sized.png\"},\"keywords\":[\"altos de chavon\",\"altos de chav\\u00f3n @es\",\"arte\",\"arte y cultura\",\"coctel de apertura\",\"eventos y actividades\",\"featured-topview @es\",\"wao galeria\"],\"dateCreated\":\"2023-07-26T16:47:23Z\",\"datePublished\":\"2023-07-26T16:47:23Z\",\"dateModified\":\"2023-07-31T14:02:49Z\"}<\/script>","tracker_url":"https:\/\/cdn.parsely.com\/keys\/casadecampoliving.com\/p.js"},"jetpack_publicize_connections":[],"jetpack_featured_media_url":"https:\/\/i0.wp.com\/casadecampoliving.com\/wp-content\/uploads\/2023\/07\/Bachata-de-humo-y-flores-19.jpg?fit=1200%2C800&ssl=1","jetpack-related-posts":[{"id":519614,"url":"https:\/\/casadecampoliving.com\/es\/wao-galeria-y-centro-cultural-presentara-la-exposicion-bachata-de-humo-y-flores\/","url_meta":{"origin":520235,"position":0},"title":"WAO Galer\u00eda y Centro Cultural presentar\u00e1 la exposici\u00f3n \u00abBachata de Humo y Flores\u00bb","author":"Casa de Campo Living","date":"7 Jul, 2023","format":false,"excerpt":"El 21 de julio, la Galer\u00eda WAO & Centro Cultural presentar\u00e1 las obras de Carlos \u00c1lvarez Las Heras. El t\u00edtulo de la exposici\u00f3n, \"Bachata de Humo y Flores\", se inspira en la bachata y sirve como elemento unificador en estas obras de arte, que se dividen en dos categor\u00edas: noche\u2026","rel":"","context":"En \u00abAltos de Chavon -es\u00bb","block_context":{"text":"Altos de Chavon -es","link":"https:\/\/casadecampoliving.com\/es\/tag\/altos-de-chavon-es-2\/"},"img":{"alt_text":"","src":"https:\/\/i0.wp.com\/casadecampoliving.com\/wp-content\/uploads\/2023\/07\/352438156_247318971322225_1392657142132578222_n.jpg?fit=960%2C1200&ssl=1&resize=350%2C200","width":350,"height":200,"srcset":"https:\/\/i0.wp.com\/casadecampoliving.com\/wp-content\/uploads\/2023\/07\/352438156_247318971322225_1392657142132578222_n.jpg?fit=960%2C1200&ssl=1&resize=350%2C200 1x, https:\/\/i0.wp.com\/casadecampoliving.com\/wp-content\/uploads\/2023\/07\/352438156_247318971322225_1392657142132578222_n.jpg?fit=960%2C1200&ssl=1&resize=525%2C300 1.5x, https:\/\/i0.wp.com\/casadecampoliving.com\/wp-content\/uploads\/2023\/07\/352438156_247318971322225_1392657142132578222_n.jpg?fit=960%2C1200&ssl=1&resize=700%2C400 2x"},"classes":[]},{"id":520158,"url":"https:\/\/casadecampoliving.com\/wao-gallery-cultural-center-unveils-bachata-de-humo-y-flores-exhibition\/","url_meta":{"origin":520235,"position":1},"title":"WAO Gallery &amp; Cultural Center Unveils \u00abBachata De Humo Y Flores\u00bb Exhibition","author":"Casa de Campo Living","date":"26 Jul, 2023","format":false,"excerpt":"Last Friday, July 21st, WAO Gallery & Cultural Center in Altos de Chav\u00f3n opened the art exhibition \"Bachata de Humo y Flores.\" The show features works by Spanish artist Carlos Alvares Las Heras. The event attracted a lively and enthusiastic crowd, gathering from 7 pm well into the night, creating\u2026","rel":"","context":"En \u00abAltos de Chav\u00f3n\u00bb","block_context":{"text":"Altos de Chav\u00f3n","link":"https:\/\/casadecampoliving.com\/category\/altos-de-chavon-6-2\/"},"img":{"alt_text":"","src":"https:\/\/i0.wp.com\/casadecampoliving.com\/wp-content\/uploads\/2023\/07\/Bachata-de-humo-y-flores-19.jpg?fit=1200%2C800&ssl=1&resize=350%2C200","width":350,"height":200,"srcset":"https:\/\/i0.wp.com\/casadecampoliving.com\/wp-content\/uploads\/2023\/07\/Bachata-de-humo-y-flores-19.jpg?fit=1200%2C800&ssl=1&resize=350%2C200 1x, https:\/\/i0.wp.com\/casadecampoliving.com\/wp-content\/uploads\/2023\/07\/Bachata-de-humo-y-flores-19.jpg?fit=1200%2C800&ssl=1&resize=525%2C300 1.5x, https:\/\/i0.wp.com\/casadecampoliving.com\/wp-content\/uploads\/2023\/07\/Bachata-de-humo-y-flores-19.jpg?fit=1200%2C800&ssl=1&resize=700%2C400 2x, https:\/\/i0.wp.com\/casadecampoliving.com\/wp-content\/uploads\/2023\/07\/Bachata-de-humo-y-flores-19.jpg?fit=1200%2C800&ssl=1&resize=1050%2C600 3x"},"classes":[]},{"id":519602,"url":"https:\/\/casadecampoliving.com\/wao-gallery-cultural-center-to-showcase-bachata-de-humo-y-flores-exhibition\/","url_meta":{"origin":520235,"position":2},"title":"WAO Gallery &#038; Cultural Center To Showcase \u00abBachata De Humo Y Flores\u00bb Exhibition","author":"Casa de Campo Living","date":"7 Jul, 2023","format":false,"excerpt":"On July 21st, WAO Galer\u00eda & Centro Cultural will showcase the artwork of Carlos Alvarez Las Heras. The exhibition's title, \"Bachata de Humo y Flores,\" draws inspiration from the bachata, serving as a unifying element in these artworks, which are divided into two categories: night and day, or, as the\u2026","rel":"","context":"En \u00abAltos de Chavon\u00bb","block_context":{"text":"Altos de Chavon","link":"https:\/\/casadecampoliving.com\/category\/altos-de-chavon\/"},"img":{"alt_text":"","src":"https:\/\/i0.wp.com\/casadecampoliving.com\/wp-content\/uploads\/2023\/07\/352438156_247318971322225_1392657142132578222_n.jpg?fit=960%2C1200&ssl=1&resize=350%2C200","width":350,"height":200,"srcset":"https:\/\/i0.wp.com\/casadecampoliving.com\/wp-content\/uploads\/2023\/07\/352438156_247318971322225_1392657142132578222_n.jpg?fit=960%2C1200&ssl=1&resize=350%2C200 1x, https:\/\/i0.wp.com\/casadecampoliving.com\/wp-content\/uploads\/2023\/07\/352438156_247318971322225_1392657142132578222_n.jpg?fit=960%2C1200&ssl=1&resize=525%2C300 1.5x, https:\/\/i0.wp.com\/casadecampoliving.com\/wp-content\/uploads\/2023\/07\/352438156_247318971322225_1392657142132578222_n.jpg?fit=960%2C1200&ssl=1&resize=700%2C400 2x"},"classes":[]},{"id":354480,"url":"https:\/\/casadecampoliving.com\/es\/el-arte-naif-engalana-wao-galeria-y-centro-cultural-en-altos-de-chavon-en-una-armonia-espiritual\/","url_meta":{"origin":520235,"position":3},"title":"El arte Naif engalana WAO Galeria y Centro Cultural en Altos de Chav\u00f3n en una Armon\u00eda Espiritual","author":"Casa de Campo Living","date":"23 Ago, 2022","format":false,"excerpt":"Wao Galeria & Centro Cultural en Altos de Chav\u00f3n di\u00f3 apertura la noche de este s\u00e1bado 20 de agosto a la exposici\u00f3n conjunta de los artistas Jos\u00e9 Morillo y Frantz Zeph\u00edrin, \"ARMON\u00cdA ESPIRITUAL\". Una noche m\u00e1gica, donde la uni\u00f3n de dos culturas llenas de un recorrido art\u00edstico y una enriquecida\u2026","rel":"","context":"En \u00abAltos de Chavon @es\u00bb","block_context":{"text":"Altos de Chavon @es","link":"https:\/\/casadecampoliving.com\/category\/altos-de-chavon-es\/"},"img":{"alt_text":"","src":"https:\/\/i0.wp.com\/casadecampoliving.com\/wp-content\/uploads\/2022\/10\/Armonia-Espiritual-WAO-Gallery-10-1.jpg?fit=1000%2C667&ssl=1&resize=350%2C200","width":350,"height":200,"srcset":"https:\/\/i0.wp.com\/casadecampoliving.com\/wp-content\/uploads\/2022\/10\/Armonia-Espiritual-WAO-Gallery-10-1.jpg?fit=1000%2C667&ssl=1&resize=350%2C200 1x, https:\/\/i0.wp.com\/casadecampoliving.com\/wp-content\/uploads\/2022\/10\/Armonia-Espiritual-WAO-Gallery-10-1.jpg?fit=1000%2C667&ssl=1&resize=525%2C300 1.5x, https:\/\/i0.wp.com\/casadecampoliving.com\/wp-content\/uploads\/2022\/10\/Armonia-Espiritual-WAO-Gallery-10-1.jpg?fit=1000%2C667&ssl=1&resize=700%2C400 2x"},"classes":[]},{"id":513903,"url":"https:\/\/casadecampoliving.com\/es\/wao-galeria-centro-cultural-dio-apertura-a-la-exposicion-trabajos-recientes-del-artista-fernando-tamburini\/","url_meta":{"origin":520235,"position":4},"title":"Wao Galer\u00eda &#038; Centro Cultural di\u00f3 apertura a la exposici\u00f3n \u201cTrabajos Recientes\u201d del artista Fern\u00e1ndo Tamburini.","author":"Casa de Campo Living","date":"6 Feb, 2023","format":false,"excerpt":"Una noche donde el colorido de las obras de Tamburini llen\u00f3 de magia la sala principal de Wao Galer\u00eda, mostrando piezas maduras, con producciones sublimes y colores que atrapan y embrujan al espectador.\u00a0\u00a0\u00a0Una concurrida y entusiasta asistencia se di\u00f3 cita para disfrutar de esta nueva propuesta que nos presenta Tamburini.\u2026","rel":"","context":"En \u00abAltos de Chav\u00f3n\u00bb","block_context":{"text":"Altos de Chav\u00f3n","link":"https:\/\/casadecampoliving.com\/es\/category\/altos-de-chavon-6\/"},"img":{"alt_text":"","src":"https:\/\/i0.wp.com\/casadecampoliving.com\/wp-content\/uploads\/2023\/02\/Recent-works-opening-Fernando-Tamburini-16.png?fit=1200%2C800&ssl=1&resize=350%2C200","width":350,"height":200,"srcset":"https:\/\/i0.wp.com\/casadecampoliving.com\/wp-content\/uploads\/2023\/02\/Recent-works-opening-Fernando-Tamburini-16.png?fit=1200%2C800&ssl=1&resize=350%2C200 1x, https:\/\/i0.wp.com\/casadecampoliving.com\/wp-content\/uploads\/2023\/02\/Recent-works-opening-Fernando-Tamburini-16.png?fit=1200%2C800&ssl=1&resize=525%2C300 1.5x, https:\/\/i0.wp.com\/casadecampoliving.com\/wp-content\/uploads\/2023\/02\/Recent-works-opening-Fernando-Tamburini-16.png?fit=1200%2C800&ssl=1&resize=700%2C400 2x, https:\/\/i0.wp.com\/casadecampoliving.com\/wp-content\/uploads\/2023\/02\/Recent-works-opening-Fernando-Tamburini-16.png?fit=1200%2C800&ssl=1&resize=1050%2C600 3x"},"classes":[]},{"id":522858,"url":"https:\/\/casadecampoliving.com\/es\/la-wao-galeria-centro-cultural-presenta-abstraccion-espontanea-del-artista-jose-rainer\/","url_meta":{"origin":520235,"position":5},"title":"WAO Galer\u00eda &#038; Centro Cultural presenta \u00abAbstracci\u00f3n Espont\u00e1nea\u00bb del artista Jos\u00e9 Rainer","author":"Casa de Campo Living","date":"2 Oct, 2023","format":false,"excerpt":"Con un rotundo \u00e9xito WAO Galer\u00eda & Centro cultural dio apertura el pasado Viernes 29 de Septiembre a la exposici\u00f3n\u00a0\u201cAbstracci\u00f3n Espont\u00e1nea\u201d\u00a0del artista Jos\u00e9 Rainer. 24 obras se muestran de manera magistral en la sala principal de WAO Galer\u00eda y Centro Cultural, 23 de las cuales son completamente digitales y una\u2026","rel":"","context":"En \u00abCasa de Campo Resort &amp; Villas\u00bb","block_context":{"text":"Casa de Campo Resort &amp; Villas","link":"https:\/\/casadecampoliving.com\/es\/category\/casa-de-campo-resort-villas\/"},"img":{"alt_text":"","src":"https:\/\/i0.wp.com\/casadecampoliving.com\/wp-content\/uploads\/2023\/10\/Jose-Rainer-exhibitopening26.jpg?fit=1200%2C800&ssl=1&resize=350%2C200","width":350,"height":200,"srcset":"https:\/\/i0.wp.com\/casadecampoliving.com\/wp-content\/uploads\/2023\/10\/Jose-Rainer-exhibitopening26.jpg?fit=1200%2C800&ssl=1&resize=350%2C200 1x, https:\/\/i0.wp.com\/casadecampoliving.com\/wp-content\/uploads\/2023\/10\/Jose-Rainer-exhibitopening26.jpg?fit=1200%2C800&ssl=1&resize=525%2C300 1.5x, https:\/\/i0.wp.com\/casadecampoliving.com\/wp-content\/uploads\/2023\/10\/Jose-Rainer-exhibitopening26.jpg?fit=1200%2C800&ssl=1&resize=700%2C400 2x, https:\/\/i0.wp.com\/casadecampoliving.com\/wp-content\/uploads\/2023\/10\/Jose-Rainer-exhibitopening26.jpg?fit=1200%2C800&ssl=1&resize=1050%2C600 3x"},"classes":[]}],"jetpack_sharing_enabled":true,"_links":{"self":[{"href":"https:\/\/casadecampoliving.com\/es\/wp-json\/wp\/v2\/posts\/520235","targetHints":{"allow":["GET"]}}],"collection":[{"href":"https:\/\/casadecampoliving.com\/es\/wp-json\/wp\/v2\/posts"}],"about":[{"href":"https:\/\/casadecampoliving.com\/es\/wp-json\/wp\/v2\/types\/post"}],"author":[{"embeddable":true,"href":"https:\/\/casadecampoliving.com\/es\/wp-json\/wp\/v2\/users\/36791"}],"replies":[{"embeddable":true,"href":"https:\/\/casadecampoliving.com\/es\/wp-json\/wp\/v2\/comments?post=520235"}],"version-history":[{"count":1,"href":"https:\/\/casadecampoliving.com\/es\/wp-json\/wp\/v2\/posts\/520235\/revisions"}],"predecessor-version":[{"id":520236,"href":"https:\/\/casadecampoliving.com\/es\/wp-json\/wp\/v2\/posts\/520235\/revisions\/520236"}],"wp:featuredmedia":[{"embeddable":true,"href":"https:\/\/casadecampoliving.com\/es\/wp-json\/wp\/v2\/media\/520224"}],"wp:attachment":[{"href":"https:\/\/casadecampoliving.com\/es\/wp-json\/wp\/v2\/media?parent=520235"}],"wp:term":[{"taxonomy":"category","embeddable":true,"href":"https:\/\/casadecampoliving.com\/es\/wp-json\/wp\/v2\/categories?post=520235"},{"taxonomy":"post_tag","embeddable":true,"href":"https:\/\/casadecampoliving.com\/es\/wp-json\/wp\/v2\/tags?post=520235"},{"taxonomy":"newspack_spnsrs_tax","embeddable":true,"href":"https:\/\/casadecampoliving.com\/es\/wp-json\/wp\/v2\/newspack_spnsrs_tax?post=520235"}],"curies":[{"name":"wp","href":"https:\/\/api.w.org\/{rel}","templated":true}]}}