{"id":520133,"date":"2023-07-24T15:28:40","date_gmt":"2023-07-24T19:28:40","guid":{"rendered":"https:\/\/casadecampoliving.com\/?p=520133"},"modified":"2023-07-27T11:28:08","modified_gmt":"2023-07-27T15:28:08","slug":"casa-de-campo-resort-villas-presenta-planes-para-el-primer-festival-anual-de-comida-y-vino","status":"publish","type":"post","link":"https:\/\/casadecampoliving.com\/es\/casa-de-campo-resort-villas-presenta-planes-para-el-primer-festival-anual-de-comida-y-vino\/","title":{"rendered":"Casa de Campo Resort &#038; Villas presenta planes para el primer Food and Wine Festival"},"content":{"rendered":"\n<p>Casa de Campo Resort &amp; Villas tiene excelentes noticias para todos los entusiastas de la gastronom\u00eda. El prestigioso resort acaba de anunciar planes para su primer <strong><em>Food and Wine Festival,<\/em><\/strong> que se llevar\u00e1 a cabo del 17 al 22 de octubre de 2023, en asociaci\u00f3n con Invited, una prestigiosa colecci\u00f3n de clubes de golf y country, clubes de la ciudad, clubes deportivos, estadios y ubicaciones de BigShots Golf en 27 estados.<\/p>\n\n\n\n<p>Jason Kycek, Vicepresidente Senior de Ventas y Marketing en Casa de Campo Resort &amp; Villas, expres\u00f3 su entusiasmo por este extravagante evento, destacando la diversa e inspiradora escena culinaria de la isla, a menudo pasada por alto. <strong><em>\u00abQuer\u00edamos crear un evento completo para que nuestros hu\u00e9spedes puedan disfrutar de todo lo que este destino ofrece en el \u00e1mbito culinario y permitir que nuestro talento brille verdaderamente\u00bb<\/em><\/strong>, dijo Kycek.<\/p>\n\n\n\n<div class=\"wp-block-media-text alignwide is-stacked-on-mobile\"><figure class=\"wp-block-media-text__media\"><img data-recalc-dims=\"1\" loading=\"lazy\" decoding=\"async\" width=\"1024\" height=\"1024\" src=\"https:\/\/i0.wp.com\/casadecampoliving.com\/wp-content\/uploads\/2023\/07\/Akira-Back-2.jpg?resize=1024%2C1024&#038;ssl=1\" alt=\"\" class=\"wp-image-520122 size-full\" srcset=\"https:\/\/i0.wp.com\/casadecampoliving.com\/wp-content\/uploads\/2023\/07\/Akira-Back-2.jpg?resize=1024%2C1024&amp;ssl=1 1024w, https:\/\/i0.wp.com\/casadecampoliving.com\/wp-content\/uploads\/2023\/07\/Akira-Back-2.jpg?resize=300%2C300&amp;ssl=1 300w, https:\/\/i0.wp.com\/casadecampoliving.com\/wp-content\/uploads\/2023\/07\/Akira-Back-2.jpg?resize=150%2C150&amp;ssl=1 150w, https:\/\/i0.wp.com\/casadecampoliving.com\/wp-content\/uploads\/2023\/07\/Akira-Back-2.jpg?resize=768%2C768&amp;ssl=1 768w, https:\/\/i0.wp.com\/casadecampoliving.com\/wp-content\/uploads\/2023\/07\/Akira-Back-2.jpg?resize=1200%2C1200&amp;ssl=1 1200w, https:\/\/i0.wp.com\/casadecampoliving.com\/wp-content\/uploads\/2023\/07\/Akira-Back-2.jpg?resize=800%2C800&amp;ssl=1 800w, https:\/\/i0.wp.com\/casadecampoliving.com\/wp-content\/uploads\/2023\/07\/Akira-Back-2.jpg?resize=600%2C600&amp;ssl=1 600w, https:\/\/i0.wp.com\/casadecampoliving.com\/wp-content\/uploads\/2023\/07\/Akira-Back-2.jpg?resize=400%2C400&amp;ssl=1 400w, https:\/\/i0.wp.com\/casadecampoliving.com\/wp-content\/uploads\/2023\/07\/Akira-Back-2.jpg?resize=200%2C200&amp;ssl=1 200w, https:\/\/i0.wp.com\/casadecampoliving.com\/wp-content\/uploads\/2023\/07\/Akira-Back-2.jpg?resize=1320%2C1320&amp;ssl=1 1320w, https:\/\/i0.wp.com\/casadecampoliving.com\/wp-content\/uploads\/2023\/07\/Akira-Back-2.jpg?resize=96%2C96&amp;ssl=1 96w, https:\/\/i0.wp.com\/casadecampoliving.com\/wp-content\/uploads\/2023\/07\/Akira-Back-2.jpg?w=1536&amp;ssl=1 1536w, https:\/\/i0.wp.com\/casadecampoliving.com\/wp-content\/uploads\/2023\/07\/Akira-Back-2-1024x1024.jpg?w=370&amp;ssl=1 370w\" sizes=\"auto, (max-width: 1000px) 100vw, 1000px\" \/><\/figure><div class=\"wp-block-media-text__content\">\n<p>Con la colaboraci\u00f3n de Invited y la participaci\u00f3n de algunos de los chefs m\u00e1s destacados de la industria, este festival tiene como objetivo sumergir a los asistentes en una experiencia culinaria tanto local como internacional, fresca y emocionante.<\/p>\n\n\n\n<p>El <strong><em>Food and Wine Festival<\/em><\/strong> contar\u00e1 con una impresionante lista de asistentes, que incluye a los reconocidos chefs Hubert Keller y Akira Back, junto con los talentosos chefs y mix\u00f3logos de Invited.<\/p>\n<\/div><\/div>\n\n\n\n<div class=\"wp-block-media-text alignwide has-media-on-the-right is-stacked-on-mobile\"><div class=\"wp-block-media-text__content\">\n<p>Uno de los aspectos m\u00e1s destacados del evento ser\u00e1 la competencia de Chef Invitado del A\u00f1o, donde los Chefs Invitados competir\u00e1n por el prestigioso t\u00edtulo, un honor que Casa de Campo ha ayudado a destacar desde 2021.<\/p>\n\n\n\n<p>A lo largo del festival de cinco d\u00edas, los asistentes podr\u00e1n deleitarse con exquisitas degustaciones de comida y vino de reconocidos nombres gastron\u00f3micos. Adem\u00e1s, los participantes podr\u00e1n explorar las nuevas y lujosas instalaciones de alojamiento en el The Premier Club de Casa de Campo y disfrutar del nuevo y moderno centro de spa y bienestar.<\/p>\n<\/div><figure class=\"wp-block-media-text__media\"><img data-recalc-dims=\"1\" loading=\"lazy\" decoding=\"async\" width=\"815\" height=\"1024\" src=\"https:\/\/i0.wp.com\/casadecampoliving.com\/wp-content\/uploads\/2023\/07\/Chef-Hubert-Keller.jpg?resize=815%2C1024&#038;ssl=1\" alt=\"\" class=\"wp-image-520124 size-full\" srcset=\"https:\/\/i0.wp.com\/casadecampoliving.com\/wp-content\/uploads\/2023\/07\/Chef-Hubert-Keller-scaled.jpg?resize=815%2C1024&amp;ssl=1 815w, https:\/\/i0.wp.com\/casadecampoliving.com\/wp-content\/uploads\/2023\/07\/Chef-Hubert-Keller-scaled.jpg?resize=239%2C300&amp;ssl=1 239w, https:\/\/i0.wp.com\/casadecampoliving.com\/wp-content\/uploads\/2023\/07\/Chef-Hubert-Keller-scaled.jpg?resize=768%2C965&amp;ssl=1 768w, https:\/\/i0.wp.com\/casadecampoliving.com\/wp-content\/uploads\/2023\/07\/Chef-Hubert-Keller-scaled.jpg?resize=1223%2C1536&amp;ssl=1 1223w, https:\/\/i0.wp.com\/casadecampoliving.com\/wp-content\/uploads\/2023\/07\/Chef-Hubert-Keller-scaled.jpg?resize=1630%2C2048&amp;ssl=1 1630w, https:\/\/i0.wp.com\/casadecampoliving.com\/wp-content\/uploads\/2023\/07\/Chef-Hubert-Keller-scaled.jpg?resize=1200%2C1508&amp;ssl=1 1200w, https:\/\/i0.wp.com\/casadecampoliving.com\/wp-content\/uploads\/2023\/07\/Chef-Hubert-Keller-scaled.jpg?resize=1568%2C1970&amp;ssl=1 1568w, https:\/\/i0.wp.com\/casadecampoliving.com\/wp-content\/uploads\/2023\/07\/Chef-Hubert-Keller-scaled.jpg?resize=400%2C503&amp;ssl=1 400w, https:\/\/i0.wp.com\/casadecampoliving.com\/wp-content\/uploads\/2023\/07\/Chef-Hubert-Keller-scaled.jpg?resize=1320%2C1658&amp;ssl=1 1320w, https:\/\/i0.wp.com\/casadecampoliving.com\/wp-content\/uploads\/2023\/07\/Chef-Hubert-Keller-scaled.jpg?resize=150%2C188&amp;ssl=1 150w, https:\/\/i0.wp.com\/casadecampoliving.com\/wp-content\/uploads\/2023\/07\/Chef-Hubert-Keller-scaled.jpg?w=2038&amp;ssl=1 2038w, https:\/\/i0.wp.com\/casadecampoliving.com\/wp-content\/uploads\/2023\/07\/Chef-Hubert-Keller-815x1024.jpg?w=370&amp;ssl=1 370w\" sizes=\"auto, (max-width: 815px) 100vw, 815px\" \/><\/figure><\/div>\n\n\n\n<p>El programa de eventos promete una emocionante lista de actividades:<\/p>\n\n\n\n<div class=\"wp-block-group is-style-border has-light-gray-background-color has-background\"><div class=\"wp-block-group__inner-container is-layout-constrained wp-block-group-is-layout-constrained\">\n<p><strong>Oct 17 &#8211;<\/strong> Cena de bienvenida del Chef Invitado del A\u00f1o en la Playa Minitas<\/p>\n\n\n\n<p><strong>Oct 18 &#8211;<\/strong> Cena de maridaje del Chef Invitado del A\u00f1o en el Restaurante Minitas Beach Club<\/p>\n\n\n\n<p><strong>Oct 19 &#8211;<\/strong> Competencia de cocina del Chef Invitado del A\u00f1o y Fiesta de Golf de Luz en el Driving Range Teeth of the Dog<\/p>\n\n\n\n<p><strong>Oct 20 &#8211;<\/strong> Sesi\u00f3n 1 del Pabell\u00f3n de Degustaci\u00f3n Principal del <strong><em>Food and Wine Festival<\/em><\/strong> de Casa de Campo en el Centro de la Marina Riverside y Recepci\u00f3n de Exhibici\u00f3n de Chefs Celebridades bajo las Estrellas en el Minitas Beach Club<\/p>\n\n\n\n<p><strong>Oct 21 &#8211;<\/strong> Sesi\u00f3n 2 del Pabell\u00f3n de Degustaci\u00f3n Principal del <strong><em>Food and Wine Festival<\/em><\/strong> de Casa de Campo en el Centro de la Marina Riverside y Cena de Revelaci\u00f3n del Chef Invitado del A\u00f1o en el Sal\u00f3n Flamboyan<\/p>\n<\/div><\/div>\n\n\n\n<figure class=\"wp-block-image size-large\"><img data-recalc-dims=\"1\" loading=\"lazy\" decoding=\"async\" width=\"1024\" height=\"683\" src=\"https:\/\/i0.wp.com\/casadecampoliving.com\/wp-content\/uploads\/2022\/10\/DSC3606.jpg?resize=1024%2C683&#038;ssl=1\" alt=\"\" class=\"wp-image-502424\" srcset=\"https:\/\/i0.wp.com\/casadecampoliving.com\/wp-content\/uploads\/2022\/10\/DSC3606.jpg?resize=1024%2C683&amp;ssl=1 1024w, https:\/\/i0.wp.com\/casadecampoliving.com\/wp-content\/uploads\/2022\/10\/DSC3606.jpg?resize=300%2C200&amp;ssl=1 300w, https:\/\/i0.wp.com\/casadecampoliving.com\/wp-content\/uploads\/2022\/10\/DSC3606.jpg?resize=768%2C512&amp;ssl=1 768w, https:\/\/i0.wp.com\/casadecampoliving.com\/wp-content\/uploads\/2022\/10\/DSC3606.jpg?resize=400%2C267&amp;ssl=1 400w, https:\/\/i0.wp.com\/casadecampoliving.com\/wp-content\/uploads\/2022\/10\/DSC3606.jpg?resize=706%2C471&amp;ssl=1 706w, https:\/\/i0.wp.com\/casadecampoliving.com\/wp-content\/uploads\/2022\/10\/DSC3606.jpg?resize=150%2C100&amp;ssl=1 150w, https:\/\/i0.wp.com\/casadecampoliving.com\/wp-content\/uploads\/2022\/10\/DSC3606.jpg?w=1200&amp;ssl=1 1200w, https:\/\/i0.wp.com\/casadecampoliving.com\/wp-content\/uploads\/2022\/10\/DSC3606-1024x683.jpg?w=370&amp;ssl=1 370w\" sizes=\"auto, (max-width: 1000px) 100vw, 1000px\" \/><figcaption class=\"wp-element-caption\">2022 Invited Clubs Chef of the Year at Casa de Campo<\/figcaption><\/figure>\n\n\n\n<p>Sean DiCicco, Vicepresidente Senior de Operaciones de Alimentos y Bebidas de Invited, expres\u00f3 su entusiasmo por la colaboraci\u00f3n, calificando a Casa de Campo como un <strong><em>\u00abasombroso resort de destino con fant\u00e1sticas ofertas gastron\u00f3micas.\u00bb<\/em><\/strong> Hizo hincapi\u00e9 en que el festival presenta una oportunidad \u00fanica para que los asistentes se sumerjan en las excepcionales propuestas del resort y disfruten de experiencias gastron\u00f3micas, demostraciones y eventos sociales \u00fanicos con algunos de los chefs y mix\u00f3logos m\u00e1s talentosos de Invited junto al equipo culinario de Casa de Campo.<\/p>\n\n\n\n<p>Los boletos y paquetes del <strong><em>Food and Wine Festival<\/em><\/strong> de Casa de Campo se pueden reservar <a href=\"http:\/\/www.casadecampo.com.do\/food-and-wine-festival\/\">en l\u00ednea haciendo clic aqu\u00ed<\/a>.<\/p>\n\n\n\n<p>A medida que las fechas se acercan, la anticipaci\u00f3n crece por lo que promete ser un fin de semana culinario extraordinario e inolvidable en el ic\u00f3nico Casa de Campo Resort &amp; Villas.<\/p>\n\n\n\n<p>Entusiastas de la comida y el vino, marquen sus calendarios y preparen sus papilas gustativas para un viaje excepcional al mundo de la gastronom\u00eda.<\/p>\n\n\n\n<p><em>*Imagen destacada del Invited Clubs Chef of the Year 2022 en Casa de Campo<\/em><\/p>\n","protected":false},"excerpt":{"rendered":"<p>Casa de Campo Resort &amp; Villas tiene excelentes noticias para todos los entusiastas de la gastronom\u00eda. El prestigioso resort acaba de anunciar planes para su primer Food and Wine Festival, que se llevar\u00e1 a cabo del 17 al 22 de octubre de 2023, en asociaci\u00f3n con Invited, una prestigiosa colecci\u00f3n de clubes de golf y [&hellip;]<\/p>\n","protected":false},"author":36791,"featured_media":502408,"comment_status":"closed","ping_status":"closed","sticky":false,"template":"","format":"standard","meta":{"newspack_ads_suppress_ads":false,"newspack_popups_has_disabled_popups":false,"newspack_sponsor_sponsorship_scope":"","newspack_sponsor_native_byline_display":"inherit","newspack_sponsor_native_category_display":"inherit","newspack_sponsor_underwriter_style":"inherit","newspack_sponsor_underwriter_placement":"inherit","_newspack_byline_active":false,"_newspack_byline":"","newspack_hide_updated_date":false,"newspack_show_updated_date":false,"newspack_content_restriction_is_exempt":false,"newspack_featured_image_position":"large","newspack_post_subtitle":"El evento est\u00e1 programado para llevarse a cabo del 17 al 22 de octubre de 2023, con la participaci\u00f3n de los chefs famosos Hubert Keller y Akira Back","newspack_article_summary_title":"Overview:","newspack_article_summary":"","_jetpack_memberships_contains_paid_content":false,"footnotes":"","jetpack_publicize_message":"","jetpack_publicize_feature_enabled":true,"jetpack_social_post_already_shared":false,"jetpack_social_options":{"image_generator_settings":{"template":"highway","default_image_id":0,"font":"","enabled":false},"version":2},"_wpas_customize_per_network":false},"categories":[26392,14629,14631,2522,14627],"tags":[23815,23815,3626,5687,18929,14736,3573,15091],"newspack_spnsrs_tax":[],"class_list":{"0":"post-520133","1":"post","2":"type-post","3":"status-publish","4":"format-standard","5":"has-post-thumbnail","6":"hentry","7":"category-casa-de-campo-resort-villas","8":"category-comidas-bebidas","9":"category-estilo-de-vida","10":"category-eventos-es","11":"category-proximamente","12":"tag-casa-de-campo-es-17","14":"tag-casa-de-campo-es","15":"tag-comida","16":"tag-dining-es","17":"tag-featured-topview-es","18":"tag-marina-casa-de-campo-es","19":"tag-proximamente","20":"entry"},"yoast_head":"<!-- This site is optimized with the Yoast SEO plugin v27.5 - https:\/\/yoast.com\/product\/yoast-seo-wordpress\/ -->\n<title>Casa de Campo Resort &amp; Villas presenta planes para el primer Food and Wine Festival | Casa de Campo Living<\/title>\n<meta name=\"description\" content=\"Casa de Campo Resort &amp; Villas tiene excelentes noticias para todos los entusiastas de la gastronom\u00eda. El prestigioso resort acaba de anunciar planes\" \/>\n<meta name=\"robots\" content=\"index, follow, max-snippet:-1, max-image-preview:large, max-video-preview:-1\" \/>\n<link rel=\"canonical\" href=\"https:\/\/casadecampoliving.com\/es\/casa-de-campo-resort-villas-presenta-planes-para-el-primer-festival-anual-de-comida-y-vino\/\" \/>\n<meta property=\"og:locale\" content=\"es_ES\" \/>\n<meta property=\"og:type\" content=\"article\" \/>\n<meta property=\"og:title\" content=\"Casa de Campo Resort &amp; Villas presenta planes para el primer Food and Wine Festival | Casa de Campo Living\" \/>\n<meta property=\"og:description\" content=\"Casa de Campo Resort &amp; Villas tiene excelentes noticias para todos los entusiastas de la gastronom\u00eda. El prestigioso resort acaba de anunciar planes\" \/>\n<meta property=\"og:url\" content=\"https:\/\/casadecampoliving.com\/es\/casa-de-campo-resort-villas-presenta-planes-para-el-primer-festival-anual-de-comida-y-vino\/\" \/>\n<meta property=\"og:site_name\" content=\"Casa de Campo Living\" \/>\n<meta property=\"article:publisher\" content=\"https:\/\/www.facebook.com\/casadecampoliving\" \/>\n<meta property=\"article:published_time\" content=\"2023-07-24T19:28:40+00:00\" \/>\n<meta property=\"article:modified_time\" content=\"2023-07-27T15:28:08+00:00\" \/>\n<meta property=\"og:image\" content=\"https:\/\/casadecampoliving.com\/wp-content\/uploads\/2022\/10\/A2_1529-1.jpg\" \/>\n\t<meta property=\"og:image:width\" content=\"1200\" \/>\n\t<meta property=\"og:image:height\" content=\"800\" \/>\n\t<meta property=\"og:image:type\" content=\"image\/jpeg\" \/>\n<meta name=\"author\" content=\"Casa de Campo Living\" \/>\n<meta name=\"twitter:card\" content=\"summary_large_image\" \/>\n<meta name=\"twitter:creator\" content=\"@cdcliving\" \/>\n<meta name=\"twitter:site\" content=\"@cdcliving\" \/>\n<meta name=\"twitter:label1\" content=\"Escrito por\" \/>\n\t<meta name=\"twitter:data1\" content=\"Casa de Campo Living\" \/>\n\t<meta name=\"twitter:label2\" content=\"Tiempo de lectura\" \/>\n\t<meta name=\"twitter:data2\" content=\"4 minutos\" \/>\n<script type=\"application\/ld+json\" class=\"yoast-schema-graph\">{\"@context\":\"https:\\\/\\\/schema.org\",\"@graph\":[{\"@type\":\"Article\",\"@id\":\"https:\\\/\\\/casadecampoliving.com\\\/es\\\/casa-de-campo-resort-villas-presenta-planes-para-el-primer-festival-anual-de-comida-y-vino\\\/#article\",\"isPartOf\":{\"@id\":\"https:\\\/\\\/casadecampoliving.com\\\/es\\\/casa-de-campo-resort-villas-presenta-planes-para-el-primer-festival-anual-de-comida-y-vino\\\/\"},\"author\":{\"name\":\"Casa de Campo Living\",\"@id\":\"https:\\\/\\\/casadecampoliving.com\\\/es\\\/#\\\/schema\\\/person\\\/5d2171637a9d11e0e43ce6b8555f9422\"},\"headline\":\"Casa de Campo Resort &#038; Villas presenta planes para el primer Food and Wine Festival\",\"datePublished\":\"2023-07-24T19:28:40+00:00\",\"dateModified\":\"2023-07-27T15:28:08+00:00\",\"mainEntityOfPage\":{\"@id\":\"https:\\\/\\\/casadecampoliving.com\\\/es\\\/casa-de-campo-resort-villas-presenta-planes-para-el-primer-festival-anual-de-comida-y-vino\\\/\"},\"wordCount\":676,\"publisher\":{\"@id\":\"https:\\\/\\\/casadecampoliving.com\\\/es\\\/#organization\"},\"image\":{\"@id\":\"https:\\\/\\\/casadecampoliving.com\\\/es\\\/casa-de-campo-resort-villas-presenta-planes-para-el-primer-festival-anual-de-comida-y-vino\\\/#primaryimage\"},\"thumbnailUrl\":\"https:\\\/\\\/i0.wp.com\\\/casadecampoliving.com\\\/wp-content\\\/uploads\\\/2022\\\/10\\\/A2_1529-1.jpg?fit=1200%2C800&ssl=1\",\"keywords\":[\"Casa de Campo\",\"Casa de Campo\",\"casa de campo @es\",\"comida\",\"Dining\",\"Featured-TopView @es\",\"Marina Casa de Campo @es\",\"Proximamente\"],\"articleSection\":[\"Casa de Campo Resort &amp; Villas\",\"Comidas &amp; Bebidas\",\"Estilo de Vida\",\"Eventos\",\"Proximamente\"],\"inLanguage\":\"es\"},{\"@type\":\"WebPage\",\"@id\":\"https:\\\/\\\/casadecampoliving.com\\\/es\\\/casa-de-campo-resort-villas-presenta-planes-para-el-primer-festival-anual-de-comida-y-vino\\\/\",\"url\":\"https:\\\/\\\/casadecampoliving.com\\\/es\\\/casa-de-campo-resort-villas-presenta-planes-para-el-primer-festival-anual-de-comida-y-vino\\\/\",\"name\":\"Casa de Campo Resort & Villas presenta planes para el primer Food and Wine Festival | Casa de Campo Living\",\"isPartOf\":{\"@id\":\"https:\\\/\\\/casadecampoliving.com\\\/es\\\/#website\"},\"primaryImageOfPage\":{\"@id\":\"https:\\\/\\\/casadecampoliving.com\\\/es\\\/casa-de-campo-resort-villas-presenta-planes-para-el-primer-festival-anual-de-comida-y-vino\\\/#primaryimage\"},\"image\":{\"@id\":\"https:\\\/\\\/casadecampoliving.com\\\/es\\\/casa-de-campo-resort-villas-presenta-planes-para-el-primer-festival-anual-de-comida-y-vino\\\/#primaryimage\"},\"thumbnailUrl\":\"https:\\\/\\\/i0.wp.com\\\/casadecampoliving.com\\\/wp-content\\\/uploads\\\/2022\\\/10\\\/A2_1529-1.jpg?fit=1200%2C800&ssl=1\",\"datePublished\":\"2023-07-24T19:28:40+00:00\",\"dateModified\":\"2023-07-27T15:28:08+00:00\",\"description\":\"Casa de Campo Resort &amp; Villas tiene excelentes noticias para todos los entusiastas de la gastronom\u00eda. El prestigioso resort acaba de anunciar planes\",\"breadcrumb\":{\"@id\":\"https:\\\/\\\/casadecampoliving.com\\\/es\\\/casa-de-campo-resort-villas-presenta-planes-para-el-primer-festival-anual-de-comida-y-vino\\\/#breadcrumb\"},\"inLanguage\":\"es\",\"potentialAction\":[{\"@type\":\"ReadAction\",\"target\":[\"https:\\\/\\\/casadecampoliving.com\\\/es\\\/casa-de-campo-resort-villas-presenta-planes-para-el-primer-festival-anual-de-comida-y-vino\\\/\"]}]},{\"@type\":\"ImageObject\",\"inLanguage\":\"es\",\"@id\":\"https:\\\/\\\/casadecampoliving.com\\\/es\\\/casa-de-campo-resort-villas-presenta-planes-para-el-primer-festival-anual-de-comida-y-vino\\\/#primaryimage\",\"url\":\"https:\\\/\\\/i0.wp.com\\\/casadecampoliving.com\\\/wp-content\\\/uploads\\\/2022\\\/10\\\/A2_1529-1.jpg?fit=1200%2C800&ssl=1\",\"contentUrl\":\"https:\\\/\\\/i0.wp.com\\\/casadecampoliving.com\\\/wp-content\\\/uploads\\\/2022\\\/10\\\/A2_1529-1.jpg?fit=1200%2C800&ssl=1\",\"width\":1200,\"height\":800},{\"@type\":\"BreadcrumbList\",\"@id\":\"https:\\\/\\\/casadecampoliving.com\\\/es\\\/casa-de-campo-resort-villas-presenta-planes-para-el-primer-festival-anual-de-comida-y-vino\\\/#breadcrumb\",\"itemListElement\":[{\"@type\":\"ListItem\",\"position\":1,\"name\":\"Home\",\"item\":\"https:\\\/\\\/casadecampoliving.com\\\/es\\\/\"},{\"@type\":\"ListItem\",\"position\":2,\"name\":\"Casa de Campo Resort &#038; Villas presenta planes para el primer Food and Wine Festival\"}]},{\"@type\":\"WebSite\",\"@id\":\"https:\\\/\\\/casadecampoliving.com\\\/es\\\/#website\",\"url\":\"https:\\\/\\\/casadecampoliving.com\\\/es\\\/\",\"name\":\"Casa de Campo Living\",\"description\":\"Resort community news and resources.\",\"publisher\":{\"@id\":\"https:\\\/\\\/casadecampoliving.com\\\/es\\\/#organization\"},\"potentialAction\":[{\"@type\":\"SearchAction\",\"target\":{\"@type\":\"EntryPoint\",\"urlTemplate\":\"https:\\\/\\\/casadecampoliving.com\\\/es\\\/?s={search_term_string}\"},\"query-input\":{\"@type\":\"PropertyValueSpecification\",\"valueRequired\":true,\"valueName\":\"search_term_string\"}}],\"inLanguage\":\"es\"},{\"@type\":\"Organization\",\"@id\":\"https:\\\/\\\/casadecampoliving.com\\\/es\\\/#organization\",\"name\":\"Casa de Campo Living\",\"url\":\"https:\\\/\\\/casadecampoliving.com\\\/es\\\/\",\"logo\":{\"@type\":\"ImageObject\",\"inLanguage\":\"es\",\"@id\":\"https:\\\/\\\/casadecampoliving.com\\\/es\\\/#\\\/schema\\\/logo\\\/image\\\/\",\"url\":\"https:\\\/\\\/i0.wp.com\\\/casadecampoliving.com\\\/wp-content\\\/uploads\\\/2022\\\/07\\\/CDCLivingLogo_V1-white-sized.png?fit=800%2C214&ssl=1\",\"contentUrl\":\"https:\\\/\\\/i0.wp.com\\\/casadecampoliving.com\\\/wp-content\\\/uploads\\\/2022\\\/07\\\/CDCLivingLogo_V1-white-sized.png?fit=800%2C214&ssl=1\",\"width\":800,\"height\":214,\"caption\":\"Casa de Campo Living\"},\"image\":{\"@id\":\"https:\\\/\\\/casadecampoliving.com\\\/es\\\/#\\\/schema\\\/logo\\\/image\\\/\"},\"sameAs\":[\"https:\\\/\\\/www.facebook.com\\\/casadecampoliving\",\"https:\\\/\\\/x.com\\\/cdcliving\"]},{\"@type\":\"Person\",\"@id\":\"https:\\\/\\\/casadecampoliving.com\\\/es\\\/#\\\/schema\\\/person\\\/5d2171637a9d11e0e43ce6b8555f9422\",\"name\":\"Casa de Campo Living\",\"image\":{\"@type\":\"ImageObject\",\"inLanguage\":\"es\",\"@id\":\"https:\\\/\\\/secure.gravatar.com\\\/avatar\\\/d04101fa4a9fd431e939953b1500fdc7a73cd35029f86d98712fd8ccdaebaf9a?s=96&d=mm&r=g\",\"url\":\"https:\\\/\\\/secure.gravatar.com\\\/avatar\\\/d04101fa4a9fd431e939953b1500fdc7a73cd35029f86d98712fd8ccdaebaf9a?s=96&d=mm&r=g\",\"contentUrl\":\"https:\\\/\\\/secure.gravatar.com\\\/avatar\\\/d04101fa4a9fd431e939953b1500fdc7a73cd35029f86d98712fd8ccdaebaf9a?s=96&d=mm&r=g\",\"caption\":\"Casa de Campo Living\"},\"url\":\"https:\\\/\\\/casadecampoliving.com\\\/es\\\/author\\\/casa-de-campo-living\\\/\"}]}<\/script>\n<!-- \/ Yoast SEO plugin. -->","yoast_head_json":{"title":"Casa de Campo Resort & Villas presenta planes para el primer Food and Wine Festival | Casa de Campo Living","description":"Casa de Campo Resort &amp; Villas tiene excelentes noticias para todos los entusiastas de la gastronom\u00eda. El prestigioso resort acaba de anunciar planes","robots":{"index":"index","follow":"follow","max-snippet":"max-snippet:-1","max-image-preview":"max-image-preview:large","max-video-preview":"max-video-preview:-1"},"canonical":"https:\/\/casadecampoliving.com\/es\/casa-de-campo-resort-villas-presenta-planes-para-el-primer-festival-anual-de-comida-y-vino\/","og_locale":"es_ES","og_type":"article","og_title":"Casa de Campo Resort & Villas presenta planes para el primer Food and Wine Festival | Casa de Campo Living","og_description":"Casa de Campo Resort &amp; Villas tiene excelentes noticias para todos los entusiastas de la gastronom\u00eda. El prestigioso resort acaba de anunciar planes","og_url":"https:\/\/casadecampoliving.com\/es\/casa-de-campo-resort-villas-presenta-planes-para-el-primer-festival-anual-de-comida-y-vino\/","og_site_name":"Casa de Campo Living","article_publisher":"https:\/\/www.facebook.com\/casadecampoliving","article_published_time":"2023-07-24T19:28:40+00:00","article_modified_time":"2023-07-27T15:28:08+00:00","og_image":[{"width":1200,"height":800,"url":"https:\/\/casadecampoliving.com\/wp-content\/uploads\/2022\/10\/A2_1529-1.jpg","type":"image\/jpeg"}],"author":"Casa de Campo Living","twitter_card":"summary_large_image","twitter_creator":"@cdcliving","twitter_site":"@cdcliving","twitter_misc":{"Escrito por":"Casa de Campo Living","Tiempo de lectura":"4 minutos"},"schema":{"@context":"https:\/\/schema.org","@graph":[{"@type":"Article","@id":"https:\/\/casadecampoliving.com\/es\/casa-de-campo-resort-villas-presenta-planes-para-el-primer-festival-anual-de-comida-y-vino\/#article","isPartOf":{"@id":"https:\/\/casadecampoliving.com\/es\/casa-de-campo-resort-villas-presenta-planes-para-el-primer-festival-anual-de-comida-y-vino\/"},"author":{"name":"Casa de Campo Living","@id":"https:\/\/casadecampoliving.com\/es\/#\/schema\/person\/5d2171637a9d11e0e43ce6b8555f9422"},"headline":"Casa de Campo Resort &#038; Villas presenta planes para el primer Food and Wine Festival","datePublished":"2023-07-24T19:28:40+00:00","dateModified":"2023-07-27T15:28:08+00:00","mainEntityOfPage":{"@id":"https:\/\/casadecampoliving.com\/es\/casa-de-campo-resort-villas-presenta-planes-para-el-primer-festival-anual-de-comida-y-vino\/"},"wordCount":676,"publisher":{"@id":"https:\/\/casadecampoliving.com\/es\/#organization"},"image":{"@id":"https:\/\/casadecampoliving.com\/es\/casa-de-campo-resort-villas-presenta-planes-para-el-primer-festival-anual-de-comida-y-vino\/#primaryimage"},"thumbnailUrl":"https:\/\/i0.wp.com\/casadecampoliving.com\/wp-content\/uploads\/2022\/10\/A2_1529-1.jpg?fit=1200%2C800&ssl=1","keywords":["Casa de Campo","Casa de Campo","casa de campo @es","comida","Dining","Featured-TopView @es","Marina Casa de Campo @es","Proximamente"],"articleSection":["Casa de Campo Resort &amp; Villas","Comidas &amp; Bebidas","Estilo de Vida","Eventos","Proximamente"],"inLanguage":"es"},{"@type":"WebPage","@id":"https:\/\/casadecampoliving.com\/es\/casa-de-campo-resort-villas-presenta-planes-para-el-primer-festival-anual-de-comida-y-vino\/","url":"https:\/\/casadecampoliving.com\/es\/casa-de-campo-resort-villas-presenta-planes-para-el-primer-festival-anual-de-comida-y-vino\/","name":"Casa de Campo Resort & Villas presenta planes para el primer Food and Wine Festival | Casa de Campo Living","isPartOf":{"@id":"https:\/\/casadecampoliving.com\/es\/#website"},"primaryImageOfPage":{"@id":"https:\/\/casadecampoliving.com\/es\/casa-de-campo-resort-villas-presenta-planes-para-el-primer-festival-anual-de-comida-y-vino\/#primaryimage"},"image":{"@id":"https:\/\/casadecampoliving.com\/es\/casa-de-campo-resort-villas-presenta-planes-para-el-primer-festival-anual-de-comida-y-vino\/#primaryimage"},"thumbnailUrl":"https:\/\/i0.wp.com\/casadecampoliving.com\/wp-content\/uploads\/2022\/10\/A2_1529-1.jpg?fit=1200%2C800&ssl=1","datePublished":"2023-07-24T19:28:40+00:00","dateModified":"2023-07-27T15:28:08+00:00","description":"Casa de Campo Resort &amp; Villas tiene excelentes noticias para todos los entusiastas de la gastronom\u00eda. El prestigioso resort acaba de anunciar planes","breadcrumb":{"@id":"https:\/\/casadecampoliving.com\/es\/casa-de-campo-resort-villas-presenta-planes-para-el-primer-festival-anual-de-comida-y-vino\/#breadcrumb"},"inLanguage":"es","potentialAction":[{"@type":"ReadAction","target":["https:\/\/casadecampoliving.com\/es\/casa-de-campo-resort-villas-presenta-planes-para-el-primer-festival-anual-de-comida-y-vino\/"]}]},{"@type":"ImageObject","inLanguage":"es","@id":"https:\/\/casadecampoliving.com\/es\/casa-de-campo-resort-villas-presenta-planes-para-el-primer-festival-anual-de-comida-y-vino\/#primaryimage","url":"https:\/\/i0.wp.com\/casadecampoliving.com\/wp-content\/uploads\/2022\/10\/A2_1529-1.jpg?fit=1200%2C800&ssl=1","contentUrl":"https:\/\/i0.wp.com\/casadecampoliving.com\/wp-content\/uploads\/2022\/10\/A2_1529-1.jpg?fit=1200%2C800&ssl=1","width":1200,"height":800},{"@type":"BreadcrumbList","@id":"https:\/\/casadecampoliving.com\/es\/casa-de-campo-resort-villas-presenta-planes-para-el-primer-festival-anual-de-comida-y-vino\/#breadcrumb","itemListElement":[{"@type":"ListItem","position":1,"name":"Home","item":"https:\/\/casadecampoliving.com\/es\/"},{"@type":"ListItem","position":2,"name":"Casa de Campo Resort &#038; Villas presenta planes para el primer Food and Wine Festival"}]},{"@type":"WebSite","@id":"https:\/\/casadecampoliving.com\/es\/#website","url":"https:\/\/casadecampoliving.com\/es\/","name":"Casa de Campo Living","description":"Resort community news and resources.","publisher":{"@id":"https:\/\/casadecampoliving.com\/es\/#organization"},"potentialAction":[{"@type":"SearchAction","target":{"@type":"EntryPoint","urlTemplate":"https:\/\/casadecampoliving.com\/es\/?s={search_term_string}"},"query-input":{"@type":"PropertyValueSpecification","valueRequired":true,"valueName":"search_term_string"}}],"inLanguage":"es"},{"@type":"Organization","@id":"https:\/\/casadecampoliving.com\/es\/#organization","name":"Casa de Campo Living","url":"https:\/\/casadecampoliving.com\/es\/","logo":{"@type":"ImageObject","inLanguage":"es","@id":"https:\/\/casadecampoliving.com\/es\/#\/schema\/logo\/image\/","url":"https:\/\/i0.wp.com\/casadecampoliving.com\/wp-content\/uploads\/2022\/07\/CDCLivingLogo_V1-white-sized.png?fit=800%2C214&ssl=1","contentUrl":"https:\/\/i0.wp.com\/casadecampoliving.com\/wp-content\/uploads\/2022\/07\/CDCLivingLogo_V1-white-sized.png?fit=800%2C214&ssl=1","width":800,"height":214,"caption":"Casa de Campo Living"},"image":{"@id":"https:\/\/casadecampoliving.com\/es\/#\/schema\/logo\/image\/"},"sameAs":["https:\/\/www.facebook.com\/casadecampoliving","https:\/\/x.com\/cdcliving"]},{"@type":"Person","@id":"https:\/\/casadecampoliving.com\/es\/#\/schema\/person\/5d2171637a9d11e0e43ce6b8555f9422","name":"Casa de Campo Living","image":{"@type":"ImageObject","inLanguage":"es","@id":"https:\/\/secure.gravatar.com\/avatar\/d04101fa4a9fd431e939953b1500fdc7a73cd35029f86d98712fd8ccdaebaf9a?s=96&d=mm&r=g","url":"https:\/\/secure.gravatar.com\/avatar\/d04101fa4a9fd431e939953b1500fdc7a73cd35029f86d98712fd8ccdaebaf9a?s=96&d=mm&r=g","contentUrl":"https:\/\/secure.gravatar.com\/avatar\/d04101fa4a9fd431e939953b1500fdc7a73cd35029f86d98712fd8ccdaebaf9a?s=96&d=mm&r=g","caption":"Casa de Campo Living"},"url":"https:\/\/casadecampoliving.com\/es\/author\/casa-de-campo-living\/"}]}},"parsely":{"version":"1.1.0","canonical_url":"https:\/\/casadecampoliving.com\/es\/casa-de-campo-resort-villas-presenta-planes-para-el-primer-festival-anual-de-comida-y-vino\/","smart_links":{"inbound":0,"outbound":0},"traffic_boost_suggestions_count":0,"meta":{"@context":"https:\/\/schema.org","@type":"NewsArticle","headline":"Casa de Campo Resort &#038; Villas presenta planes para el primer Food and Wine Festival","url":"http:\/\/casadecampoliving.com\/es\/casa-de-campo-resort-villas-presenta-planes-para-el-primer-festival-anual-de-comida-y-vino\/","mainEntityOfPage":{"@type":"WebPage","@id":"http:\/\/casadecampoliving.com\/es\/casa-de-campo-resort-villas-presenta-planes-para-el-primer-festival-anual-de-comida-y-vino\/"},"thumbnailUrl":"https:\/\/i0.wp.com\/casadecampoliving.com\/wp-content\/uploads\/2022\/10\/A2_1529-1.jpg?resize=150%2C150&ssl=1","image":{"@type":"ImageObject","url":"https:\/\/i0.wp.com\/casadecampoliving.com\/wp-content\/uploads\/2022\/10\/A2_1529-1.jpg?fit=1200%2C800&ssl=1"},"articleSection":"Casa de Campo Resort &amp; Villas","author":[{"@type":"Person","name":"Casa de Campo Living"}],"creator":["Casa de Campo Living"],"publisher":{"@type":"Organization","name":"Casa de Campo Living","logo":"https:\/\/casadecampoliving.com\/wp-content\/uploads\/2022\/07\/CDCLivingLogo_V1-white-sized.png"},"keywords":["casa de campo","casa de campo @es","comida","dining","featured-topview @es","marina casa de campo @es","proximamente"],"dateCreated":"2023-07-24T19:28:40Z","datePublished":"2023-07-24T19:28:40Z","dateModified":"2023-07-27T15:28:08Z"},"rendered":"<script type=\"application\/ld+json\" class=\"wp-parsely-metadata\">{\"@context\":\"https:\\\/\\\/schema.org\",\"@type\":\"NewsArticle\",\"headline\":\"Casa de Campo Resort &#038; Villas presenta planes para el primer Food and Wine Festival\",\"url\":\"http:\\\/\\\/casadecampoliving.com\\\/es\\\/casa-de-campo-resort-villas-presenta-planes-para-el-primer-festival-anual-de-comida-y-vino\\\/\",\"mainEntityOfPage\":{\"@type\":\"WebPage\",\"@id\":\"http:\\\/\\\/casadecampoliving.com\\\/es\\\/casa-de-campo-resort-villas-presenta-planes-para-el-primer-festival-anual-de-comida-y-vino\\\/\"},\"thumbnailUrl\":\"https:\\\/\\\/i0.wp.com\\\/casadecampoliving.com\\\/wp-content\\\/uploads\\\/2022\\\/10\\\/A2_1529-1.jpg?resize=150%2C150&ssl=1\",\"image\":{\"@type\":\"ImageObject\",\"url\":\"https:\\\/\\\/i0.wp.com\\\/casadecampoliving.com\\\/wp-content\\\/uploads\\\/2022\\\/10\\\/A2_1529-1.jpg?fit=1200%2C800&ssl=1\"},\"articleSection\":\"Casa de Campo Resort &amp; Villas\",\"author\":[{\"@type\":\"Person\",\"name\":\"Casa de Campo Living\"}],\"creator\":[\"Casa de Campo Living\"],\"publisher\":{\"@type\":\"Organization\",\"name\":\"Casa de Campo Living\",\"logo\":\"https:\\\/\\\/casadecampoliving.com\\\/wp-content\\\/uploads\\\/2022\\\/07\\\/CDCLivingLogo_V1-white-sized.png\"},\"keywords\":[\"casa de campo\",\"casa de campo @es\",\"comida\",\"dining\",\"featured-topview @es\",\"marina casa de campo @es\",\"proximamente\"],\"dateCreated\":\"2023-07-24T19:28:40Z\",\"datePublished\":\"2023-07-24T19:28:40Z\",\"dateModified\":\"2023-07-27T15:28:08Z\"}<\/script>","tracker_url":"https:\/\/cdn.parsely.com\/keys\/casadecampoliving.com\/p.js"},"jetpack_publicize_connections":[],"jetpack_featured_media_url":"https:\/\/i0.wp.com\/casadecampoliving.com\/wp-content\/uploads\/2022\/10\/A2_1529-1.jpg?fit=1200%2C800&ssl=1","jetpack-related-posts":[{"id":532242,"url":"https:\/\/casadecampoliving.com\/es\/el-casa-de-campo-food-and-festival-regresa-con-tres-chefs-estrellas\/","url_meta":{"origin":520133,"position":0},"title":"El Casa de Campo Food and Festival regresa con tres chefs estrellas","author":"Casa de Campo Living","date":"21 Jul, 2024","format":false,"excerpt":"Casa de Campo Resort & Villas se prepara para celebrar la segunda edici\u00f3n del Casa de Campo Food and Wine del 10 al 12 de octubre de 2024. El evento contar\u00e1 con chefs renombrados como Scott Conant, Hubert Keller y Shawn McClain, ganador del James Beard Award, en colaboraci\u00f3n con\u2026","rel":"","context":"En \u00abCasa de Campo Resort &amp; Villas\u00bb","block_context":{"text":"Casa de Campo Resort &amp; Villas","link":"https:\/\/casadecampoliving.com\/es\/category\/casa-de-campo-resort-villas\/"},"img":{"alt_text":"","src":"https:\/\/i0.wp.com\/casadecampoliving.com\/wp-content\/uploads\/2024\/07\/Food-and-Wine-Festival-2023-EJ4B0651.jpg?fit=1200%2C787&ssl=1&resize=350%2C200","width":350,"height":200,"srcset":"https:\/\/i0.wp.com\/casadecampoliving.com\/wp-content\/uploads\/2024\/07\/Food-and-Wine-Festival-2023-EJ4B0651.jpg?fit=1200%2C787&ssl=1&resize=350%2C200 1x, https:\/\/i0.wp.com\/casadecampoliving.com\/wp-content\/uploads\/2024\/07\/Food-and-Wine-Festival-2023-EJ4B0651.jpg?fit=1200%2C787&ssl=1&resize=525%2C300 1.5x, https:\/\/i0.wp.com\/casadecampoliving.com\/wp-content\/uploads\/2024\/07\/Food-and-Wine-Festival-2023-EJ4B0651.jpg?fit=1200%2C787&ssl=1&resize=700%2C400 2x, https:\/\/i0.wp.com\/casadecampoliving.com\/wp-content\/uploads\/2024\/07\/Food-and-Wine-Festival-2023-EJ4B0651.jpg?fit=1200%2C787&ssl=1&resize=1050%2C600 3x"},"classes":[]},{"id":354501,"url":"https:\/\/casadecampoliving.com\/es\/casa-de-campo-resort-villas-sera-el-anfitrion-de-la-competencia-chef-del-ano-de-invited-clubs-de-este-ano\/","url_meta":{"origin":520133,"position":1},"title":"Casa de Campo Resort &#038; Villas ser\u00e1 el anfitri\u00f3n de la competencia \u2018Chef del A\u00f1o\u2019 de Invited Clubs de este a\u00f1o","author":"Casa de Campo Living","date":"15 Sep, 2022","format":false,"excerpt":"Casa de Campo Resort & Villas, hogar de las experiencias de golf de lujo m\u00e1s importantes del Caribe, incluido el ic\u00f3nico campo Teeth of the Dog, ser\u00e1 el anfitri\u00f3n de las finales de la competencia anual \u201cChef del A\u00f1o de Invited Clubs\u201d en una celebraci\u00f3n culinaria, en octubre 11-16, 2022.\u2026","rel":"","context":"En \u00abCasa de Campo Living @es\u00bb","block_context":{"text":"Casa de Campo Living @es","link":"https:\/\/casadecampoliving.com\/category\/casa-de-campo-living-es\/"},"img":{"alt_text":"","src":"https:\/\/i0.wp.com\/casadecampoliving.com\/wp-content\/uploads\/2022\/10\/300625581_5599789453374363_3965599859196581520_n-e1663674411202-1.jpg?fit=1000%2C667&ssl=1&resize=350%2C200","width":350,"height":200,"srcset":"https:\/\/i0.wp.com\/casadecampoliving.com\/wp-content\/uploads\/2022\/10\/300625581_5599789453374363_3965599859196581520_n-e1663674411202-1.jpg?fit=1000%2C667&ssl=1&resize=350%2C200 1x, https:\/\/i0.wp.com\/casadecampoliving.com\/wp-content\/uploads\/2022\/10\/300625581_5599789453374363_3965599859196581520_n-e1663674411202-1.jpg?fit=1000%2C667&ssl=1&resize=525%2C300 1.5x, https:\/\/i0.wp.com\/casadecampoliving.com\/wp-content\/uploads\/2022\/10\/300625581_5599789453374363_3965599859196581520_n-e1663674411202-1.jpg?fit=1000%2C667&ssl=1&resize=700%2C400 2x"},"classes":[]},{"id":433460,"url":"https:\/\/casadecampoliving.com\/es\/no-se-pierdan-el-increible-tributo-a-frank-sinatra-para-celebrar-el-40-aniversario-del-anfiteatro-altos-de-chavon\/","url_meta":{"origin":520133,"position":2},"title":"No se pierdan el incre\u00edble tributo a Frank Sinatra para celebrar el 40 aniversario del\u00a0Anfiteatro Altos de Chav\u00f3n","author":"Casa de Campo Living","date":"20 Oct, 2022","format":false,"excerpt":"Siendo uno de los escenarios m\u00e1s emblem\u00e1ticos del pa\u00eds, Casa de Campo Resort\u00ae & Villas celebra las cuatro d\u00e9cadas de aniversario de Altos de Chav\u00f3n con un tributo al gran Frank Sinatra, protagonizado por artistas invitados y una big band tal cual la que acompa\u00f1\u00f3 al artista hace 40 a\u00f1os\u2026","rel":"","context":"En \u00abUncategorized @es\u00bb","block_context":{"text":"Uncategorized @es","link":"https:\/\/casadecampoliving.com\/es\/category\/uncategorized-es\/"},"img":{"alt_text":"","src":"https:\/\/i0.wp.com\/casadecampoliving.com\/wp-content\/uploads\/2022\/10\/Tributo-Frank-Sinatra-Foto-Principal-Amaury-Sanchez-Danilo-Ginebra-Andres-Pichardo-y-Jose-Gabriel-Perez-.jpg?fit=1200%2C873&ssl=1&resize=350%2C200","width":350,"height":200,"srcset":"https:\/\/i0.wp.com\/casadecampoliving.com\/wp-content\/uploads\/2022\/10\/Tributo-Frank-Sinatra-Foto-Principal-Amaury-Sanchez-Danilo-Ginebra-Andres-Pichardo-y-Jose-Gabriel-Perez-.jpg?fit=1200%2C873&ssl=1&resize=350%2C200 1x, https:\/\/i0.wp.com\/casadecampoliving.com\/wp-content\/uploads\/2022\/10\/Tributo-Frank-Sinatra-Foto-Principal-Amaury-Sanchez-Danilo-Ginebra-Andres-Pichardo-y-Jose-Gabriel-Perez-.jpg?fit=1200%2C873&ssl=1&resize=525%2C300 1.5x, https:\/\/i0.wp.com\/casadecampoliving.com\/wp-content\/uploads\/2022\/10\/Tributo-Frank-Sinatra-Foto-Principal-Amaury-Sanchez-Danilo-Ginebra-Andres-Pichardo-y-Jose-Gabriel-Perez-.jpg?fit=1200%2C873&ssl=1&resize=700%2C400 2x, https:\/\/i0.wp.com\/casadecampoliving.com\/wp-content\/uploads\/2022\/10\/Tributo-Frank-Sinatra-Foto-Principal-Amaury-Sanchez-Danilo-Ginebra-Andres-Pichardo-y-Jose-Gabriel-Perez-.jpg?fit=1200%2C873&ssl=1&resize=1050%2C600 3x"},"classes":[]},{"id":347692,"url":"https:\/\/casadecampoliving.com\/es\/se-acerca-el-casa-de-campo-food-wine-festival\/","url_meta":{"origin":520133,"position":3},"title":"Se acerca el Casa de Campo Food &#038; Wine Festival","author":"Rebecca Silvestri","date":"6 Jul, 2015","format":false,"excerpt":"El Resort Casa de Campo se prepara para su primer festival de vino y comida, el Casa de Campo Food & Wine Festival 2015, y aqu\u00ed les traemos los detalles preliminares. El Casa de Campo Food & Wine Festival 2015 se llevar\u00e1 a cabo del 21 al 23 de agosto\u2026","rel":"","context":"En \u00abAltos de Chavon @es\u00bb","block_context":{"text":"Altos de Chavon @es","link":"https:\/\/casadecampoliving.com\/category\/altos-de-chavon-es\/"},"img":{"alt_text":"","src":"https:\/\/i0.wp.com\/casadecampoliving.com\/wp-content\/uploads\/2022\/10\/Food_Wine_Festival_2015-1.jpg?fit=800%2C600&ssl=1&resize=350%2C200","width":350,"height":200,"srcset":"https:\/\/i0.wp.com\/casadecampoliving.com\/wp-content\/uploads\/2022\/10\/Food_Wine_Festival_2015-1.jpg?fit=800%2C600&ssl=1&resize=350%2C200 1x, https:\/\/i0.wp.com\/casadecampoliving.com\/wp-content\/uploads\/2022\/10\/Food_Wine_Festival_2015-1.jpg?fit=800%2C600&ssl=1&resize=525%2C300 1.5x, https:\/\/i0.wp.com\/casadecampoliving.com\/wp-content\/uploads\/2022\/10\/Food_Wine_Festival_2015-1.jpg?fit=800%2C600&ssl=1&resize=700%2C400 2x"},"classes":[]},{"id":533554,"url":"https:\/\/casadecampoliving.com\/es\/cena-de-gala-bajo-las-estrellas-con-los-chefs-saverio-stassi-joaquin-renovales-y-rodrigo-menendez-en-el-food-and-wine-festival\/","url_meta":{"origin":520133,"position":4},"title":"Cena de gala bajo las estrellas con los chefs Saverio Stassi, Joaquin Renovales y Rodrigo Men\u00e9ndez en el Food and Wine Festival","author":"Mairobi Herrera","date":"1 Oct, 2024","format":false,"excerpt":"Casa de Campo Resort & Villas se enorgullece en anunciar que los chefs Rodrigo Men\u00e9ndez, Saverio Stassi y Joaqu\u00edn Renovales se unir\u00e1n para ofrecer una cena magistral bajo las estrellas, en Minitas Beach Club, como parte del Food and Wine Festival, que se llevar\u00e1 a cabo del 11 y 12\u2026","rel":"","context":"En \u00abCasa de Campo Resort &amp; Villas\u00bb","block_context":{"text":"Casa de Campo Resort &amp; Villas","link":"https:\/\/casadecampoliving.com\/es\/category\/casa-de-campo-resort-villas\/"},"img":{"alt_text":"","src":"https:\/\/i0.wp.com\/casadecampoliving.com\/wp-content\/uploads\/2024\/10\/joaquin-3.jpg?resize=350%2C200&ssl=1","width":350,"height":200,"srcset":"https:\/\/i0.wp.com\/casadecampoliving.com\/wp-content\/uploads\/2024\/10\/joaquin-3.jpg?resize=350%2C200&ssl=1 1x, https:\/\/i0.wp.com\/casadecampoliving.com\/wp-content\/uploads\/2024\/10\/joaquin-3.jpg?resize=525%2C300&ssl=1 1.5x, https:\/\/i0.wp.com\/casadecampoliving.com\/wp-content\/uploads\/2024\/10\/joaquin-3.jpg?resize=700%2C400&ssl=1 2x, https:\/\/i0.wp.com\/casadecampoliving.com\/wp-content\/uploads\/2024\/10\/joaquin-3.jpg?resize=1050%2C600&ssl=1 3x, https:\/\/i0.wp.com\/casadecampoliving.com\/wp-content\/uploads\/2024\/10\/joaquin-3.jpg?resize=1400%2C800&ssl=1 4x"},"classes":[]},{"id":502400,"url":"https:\/\/casadecampoliving.com\/es\/casa-de-campo-resort-villas-es-sede-de-la-competencia-chef-del-ano-de-invited-club\/","url_meta":{"origin":520133,"position":5},"title":"Casa de Campo Resort &#038; Villas es sede de la competencia \u201cChef del a\u00f1o\u00bb de Invited Club","author":"Casa de Campo Living","date":"25 Oct, 2022","format":false,"excerpt":"Del 11 al 16 de octubre, del presente a\u00f1o, Casa de Campo Resort & Villas acogi\u00f3 las finales de la competencia anual \u201cChef del a\u00f1o\u201d la cual atrae m\u00e1s de 200 clubes de golf miembros de la exclusiva organizaci\u00f3n INVITED con m\u00e1s de 1,000 nominaciones.\u00a0 Michael Dobias de White Columns\u2026","rel":"","context":"En \u00abCasa de Campo Resort &amp; Villas\u00bb","block_context":{"text":"Casa de Campo Resort &amp; Villas","link":"https:\/\/casadecampoliving.com\/es\/category\/casa-de-campo-resort-villas\/"},"img":{"alt_text":"","src":"https:\/\/i0.wp.com\/casadecampoliving.com\/wp-content\/uploads\/2022\/10\/A2_2248.jpg?fit=1200%2C800&ssl=1&resize=350%2C200","width":350,"height":200,"srcset":"https:\/\/i0.wp.com\/casadecampoliving.com\/wp-content\/uploads\/2022\/10\/A2_2248.jpg?fit=1200%2C800&ssl=1&resize=350%2C200 1x, https:\/\/i0.wp.com\/casadecampoliving.com\/wp-content\/uploads\/2022\/10\/A2_2248.jpg?fit=1200%2C800&ssl=1&resize=525%2C300 1.5x, https:\/\/i0.wp.com\/casadecampoliving.com\/wp-content\/uploads\/2022\/10\/A2_2248.jpg?fit=1200%2C800&ssl=1&resize=700%2C400 2x, https:\/\/i0.wp.com\/casadecampoliving.com\/wp-content\/uploads\/2022\/10\/A2_2248.jpg?fit=1200%2C800&ssl=1&resize=1050%2C600 3x"},"classes":[]}],"jetpack_sharing_enabled":true,"_links":{"self":[{"href":"https:\/\/casadecampoliving.com\/es\/wp-json\/wp\/v2\/posts\/520133","targetHints":{"allow":["GET"]}}],"collection":[{"href":"https:\/\/casadecampoliving.com\/es\/wp-json\/wp\/v2\/posts"}],"about":[{"href":"https:\/\/casadecampoliving.com\/es\/wp-json\/wp\/v2\/types\/post"}],"author":[{"embeddable":true,"href":"https:\/\/casadecampoliving.com\/es\/wp-json\/wp\/v2\/users\/36791"}],"replies":[{"embeddable":true,"href":"https:\/\/casadecampoliving.com\/es\/wp-json\/wp\/v2\/comments?post=520133"}],"version-history":[{"count":4,"href":"https:\/\/casadecampoliving.com\/es\/wp-json\/wp\/v2\/posts\/520133\/revisions"}],"predecessor-version":[{"id":520146,"href":"https:\/\/casadecampoliving.com\/es\/wp-json\/wp\/v2\/posts\/520133\/revisions\/520146"}],"wp:featuredmedia":[{"embeddable":true,"href":"https:\/\/casadecampoliving.com\/es\/wp-json\/wp\/v2\/media\/502408"}],"wp:attachment":[{"href":"https:\/\/casadecampoliving.com\/es\/wp-json\/wp\/v2\/media?parent=520133"}],"wp:term":[{"taxonomy":"category","embeddable":true,"href":"https:\/\/casadecampoliving.com\/es\/wp-json\/wp\/v2\/categories?post=520133"},{"taxonomy":"post_tag","embeddable":true,"href":"https:\/\/casadecampoliving.com\/es\/wp-json\/wp\/v2\/tags?post=520133"},{"taxonomy":"newspack_spnsrs_tax","embeddable":true,"href":"https:\/\/casadecampoliving.com\/es\/wp-json\/wp\/v2\/newspack_spnsrs_tax?post=520133"}],"curies":[{"name":"wp","href":"https:\/\/api.w.org\/{rel}","templated":true}]}}