{"id":519956,"date":"2023-07-19T17:02:34","date_gmt":"2023-07-19T21:02:34","guid":{"rendered":"https:\/\/casadecampoliving.com\/?p=519956"},"modified":"2023-07-27T11:30:14","modified_gmt":"2023-07-27T15:30:14","slug":"latin-american-fashion-awards-celebrates-international-launch-in-milan","status":"publish","type":"post","link":"https:\/\/casadecampoliving.com\/es\/latin-american-fashion-awards-celebrates-international-launch-in-milan\/","title":{"rendered":"Los Premios de la Moda Latinoamericana celebran su lanzamiento internacional en Mil\u00e1n"},"content":{"rendered":"\n<p>El mes pasado se llev\u00f3 a cabo el lanzamiento internacional de los Latin American Fashion Awards. Estos premios, fundados por Constanza Etro y Silvia Arg\u00fcello, tienen como objetivo reconocer y mostrar el talento de los dise\u00f1adores de moda latinoamericanos en todo el mundo.<\/p>\n\n\n\n<p>La gran celebraci\u00f3n ocurri\u00f3 el 18 de junio de 2023, en la majestuosa Piazza del Quadrilatero en el exclusivo Portrait Hotel, coincidiendo con la Semana de la Moda de Mil\u00e1n. Este notable evento tuvo como objetivo establecer una conexi\u00f3n directa entre Am\u00e9rica Latina y el coraz\u00f3n de la industria de la moda, Mil\u00e1n.<\/p>\n\n\n\n<p>Uno de los momentos destacados de la noche fue la proyecci\u00f3n del Video Manifiesto de los Latin American Fashion Awards. Esta poderosa declaraci\u00f3n enfatiza los valores de inclusi\u00f3n, diversidad y sostenibilidad promovidos por el proyecto.<\/p>\n\n\n\n<figure class=\"wp-block-video wp-block-embed is-type-video is-provider-videopress\"><div class=\"wp-block-embed__wrapper\">\n<iframe title=\"VideoPress Video Player\" aria-label='VideoPress Video Player' width='500' height='281' src='https:\/\/videopress.com\/embed\/Ylpt4uMA?cover=1&amp;preloadContent=metadata&amp;useAverageColor=1&amp;hd=0' frameborder='0' allowfullscreen data-resize-to-parent=\"true\" allow='clipboard-write'><\/iframe><script src='https:\/\/v0.wordpress.com\/js\/next\/videopress-iframe.js?m=1674852142'><\/script>\n<\/div><\/figure>\n\n\n\n<p>La destacada Influencer de Moda argentina, Candela Pelizza, fue la anfitriona del evento, agregando un toque de elegancia a los acontecimientos.<\/p>\n\n\n\n<p>Acompa\u00f1ando a los cofundadores estaban miembros del prestigioso Jurado Internacional, una constelaci\u00f3n de luminarias de la moda. El jurado, compuesto por figuras influyentes como Anna Dello Russo, Nina Garc\u00eda, Carmen Busquets, Carlo Capasa, Steven Kolb y otros m\u00e1s, garantiza que los Latin American Fashion Awards servir\u00e1n como una plataforma para nutrir y promover los mejores talentos latinoamericanos en la industria.<\/p>\n\n\n\n<div class=\"wp-block-media-text alignwide is-stacked-on-mobile\"><figure class=\"wp-block-media-text__media\"><img data-recalc-dims=\"1\" loading=\"lazy\" decoding=\"async\" width=\"683\" height=\"1024\" src=\"https:\/\/i0.wp.com\/casadecampoliving.com\/wp-content\/uploads\/2023\/07\/Silvia_Arguello_Constanza_Etro_Latin_American_Fashion_Awards.jpg?resize=683%2C1024&#038;ssl=1\" alt=\"\" class=\"wp-image-519934 size-full\" srcset=\"https:\/\/i0.wp.com\/casadecampoliving.com\/wp-content\/uploads\/2023\/07\/Silvia_Arguello_Constanza_Etro_Latin_American_Fashion_Awards.jpg?resize=683%2C1024&amp;ssl=1 683w, https:\/\/i0.wp.com\/casadecampoliving.com\/wp-content\/uploads\/2023\/07\/Silvia_Arguello_Constanza_Etro_Latin_American_Fashion_Awards.jpg?resize=200%2C300&amp;ssl=1 200w, https:\/\/i0.wp.com\/casadecampoliving.com\/wp-content\/uploads\/2023\/07\/Silvia_Arguello_Constanza_Etro_Latin_American_Fashion_Awards.jpg?resize=768%2C1152&amp;ssl=1 768w, https:\/\/i0.wp.com\/casadecampoliving.com\/wp-content\/uploads\/2023\/07\/Silvia_Arguello_Constanza_Etro_Latin_American_Fashion_Awards.jpg?resize=400%2C600&amp;ssl=1 400w, https:\/\/i0.wp.com\/casadecampoliving.com\/wp-content\/uploads\/2023\/07\/Silvia_Arguello_Constanza_Etro_Latin_American_Fashion_Awards.jpg?resize=150%2C225&amp;ssl=1 150w, https:\/\/i0.wp.com\/casadecampoliving.com\/wp-content\/uploads\/2023\/07\/Silvia_Arguello_Constanza_Etro_Latin_American_Fashion_Awards.jpg?w=800&amp;ssl=1 800w, https:\/\/i0.wp.com\/casadecampoliving.com\/wp-content\/uploads\/2023\/07\/Silvia_Arguello_Constanza_Etro_Latin_American_Fashion_Awards-683x1024.jpg?w=370&amp;ssl=1 370w\" sizes=\"auto, (max-width: 683px) 100vw, 683px\" \/><\/figure><div class=\"wp-block-media-text__content\">\n<p>Los Latin American Fashion Awards tienen como objetivo honrar la herencia de la regi\u00f3n, celebrar la diversidad y fomentar el futuro de los destacados talentos latinoamericanos, consolidando su presencia en la industria de la moda a nivel global. Los premios se llevar\u00e1n a cabo en el ic\u00f3nico Anfiteatro Altos de Chav\u00f3n en Casa de Campo, Rep\u00fablica Dominicana, del 2 al 5 de noviembre de 2023.<\/p>\n\n\n\n<p>Con asociaciones estrat\u00e9gicas establecidas en toda la industria de la moda, los Latin American Fashion Awards brindar\u00e1n a los ganadores oportunidades sin precedentes, que incluyen exhibiciones en la Semana de la Moda de Mil\u00e1n, alojamiento de comercio electr\u00f3nico en Farfetch, programas de mentor\u00eda y mucho m\u00e1s.<\/p>\n<\/div><\/div>\n\n\n\n<p>Constanza Etro y Silvia Arg\u00fcello demuestran su pasi\u00f3n por empoderar a j\u00f3venes talentos y promover la sostenibilidad y el empoderamiento de la mujer a trav\u00e9s de sus esfuerzos por posicionar el talento latinoamericano en la vanguardia de la escena internacional de la moda.<\/p>\n\n\n\n<p>Concluyeron el evento con su contundente mensaje: \u00ab\u00a1Los Latinos Estamos de Moda!\u00bb, qued\u00f3 claro que los Latin American Fashion Awards abrir\u00edan una nueva era de reconocimiento y celebraci\u00f3n para el brillante talento de la regi\u00f3n.<\/p>\n\n\n\n<p>Los Latin American Fashion Awards han establecido un nuevo hito en el mundo de la moda al reconocer y elevar los talentos de la regi\u00f3n. Con una emocionante agenda de eventos y alianzas estrat\u00e9gicas, los premios prometen transformar la moda latinoamericana, celebrando la libertad, la expresi\u00f3n, el arte y la revoluci\u00f3n en la industria global.<\/p>\n\n\n\n<p><em>*Fotos e im\u00e1genes cortes\u00eda de los Latin American Fashion Awards<\/em><\/p>\n\n\n\n<figure class=\"wp-block-gallery has-nested-images columns-5 is-cropped wp-block-gallery-1 is-layout-flex wp-block-gallery-is-layout-flex\">\n<figure class=\"wp-block-image size-large\"><img data-recalc-dims=\"1\" loading=\"lazy\" decoding=\"async\" width=\"683\" height=\"1024\" data-id=\"519950\" src=\"https:\/\/i0.wp.com\/casadecampoliving.com\/wp-content\/uploads\/2023\/07\/Stephanie-Grullon_Manuel_Diez_Silvia_Arguello_Constanza_Etro_Claudia_Calcagno_Rainieri_Latin_American_Fashion_Awards.jpg?resize=683%2C1024&#038;ssl=1\" alt=\"\" class=\"wp-image-519950\" srcset=\"https:\/\/i0.wp.com\/casadecampoliving.com\/wp-content\/uploads\/2023\/07\/Stephanie-Grullon_Manuel_Diez_Silvia_Arguello_Constanza_Etro_Claudia_Calcagno_Rainieri_Latin_American_Fashion_Awards.jpg?resize=683%2C1024&amp;ssl=1 683w, https:\/\/i0.wp.com\/casadecampoliving.com\/wp-content\/uploads\/2023\/07\/Stephanie-Grullon_Manuel_Diez_Silvia_Arguello_Constanza_Etro_Claudia_Calcagno_Rainieri_Latin_American_Fashion_Awards.jpg?resize=200%2C300&amp;ssl=1 200w, https:\/\/i0.wp.com\/casadecampoliving.com\/wp-content\/uploads\/2023\/07\/Stephanie-Grullon_Manuel_Diez_Silvia_Arguello_Constanza_Etro_Claudia_Calcagno_Rainieri_Latin_American_Fashion_Awards.jpg?resize=768%2C1152&amp;ssl=1 768w, https:\/\/i0.wp.com\/casadecampoliving.com\/wp-content\/uploads\/2023\/07\/Stephanie-Grullon_Manuel_Diez_Silvia_Arguello_Constanza_Etro_Claudia_Calcagno_Rainieri_Latin_American_Fashion_Awards.jpg?resize=400%2C600&amp;ssl=1 400w, https:\/\/i0.wp.com\/casadecampoliving.com\/wp-content\/uploads\/2023\/07\/Stephanie-Grullon_Manuel_Diez_Silvia_Arguello_Constanza_Etro_Claudia_Calcagno_Rainieri_Latin_American_Fashion_Awards.jpg?resize=150%2C225&amp;ssl=1 150w, https:\/\/i0.wp.com\/casadecampoliving.com\/wp-content\/uploads\/2023\/07\/Stephanie-Grullon_Manuel_Diez_Silvia_Arguello_Constanza_Etro_Claudia_Calcagno_Rainieri_Latin_American_Fashion_Awards.jpg?w=800&amp;ssl=1 800w, https:\/\/i0.wp.com\/casadecampoliving.com\/wp-content\/uploads\/2023\/07\/Stephanie-Grullon_Manuel_Diez_Silvia_Arguello_Constanza_Etro_Claudia_Calcagno_Rainieri_Latin_American_Fashion_Awards-683x1024.jpg?w=370&amp;ssl=1 370w\" sizes=\"auto, (max-width: 683px) 100vw, 683px\" \/><\/figure>\n\n\n\n<figure class=\"wp-block-image size-large\"><img data-recalc-dims=\"1\" loading=\"lazy\" decoding=\"async\" width=\"683\" height=\"1024\" data-id=\"519934\" src=\"https:\/\/i0.wp.com\/casadecampoliving.com\/wp-content\/uploads\/2023\/07\/Silvia_Arguello_Constanza_Etro_Latin_American_Fashion_Awards.jpg?resize=683%2C1024&#038;ssl=1\" alt=\"\" class=\"wp-image-519934\" srcset=\"https:\/\/i0.wp.com\/casadecampoliving.com\/wp-content\/uploads\/2023\/07\/Silvia_Arguello_Constanza_Etro_Latin_American_Fashion_Awards.jpg?resize=683%2C1024&amp;ssl=1 683w, https:\/\/i0.wp.com\/casadecampoliving.com\/wp-content\/uploads\/2023\/07\/Silvia_Arguello_Constanza_Etro_Latin_American_Fashion_Awards.jpg?resize=200%2C300&amp;ssl=1 200w, https:\/\/i0.wp.com\/casadecampoliving.com\/wp-content\/uploads\/2023\/07\/Silvia_Arguello_Constanza_Etro_Latin_American_Fashion_Awards.jpg?resize=768%2C1152&amp;ssl=1 768w, https:\/\/i0.wp.com\/casadecampoliving.com\/wp-content\/uploads\/2023\/07\/Silvia_Arguello_Constanza_Etro_Latin_American_Fashion_Awards.jpg?resize=400%2C600&amp;ssl=1 400w, https:\/\/i0.wp.com\/casadecampoliving.com\/wp-content\/uploads\/2023\/07\/Silvia_Arguello_Constanza_Etro_Latin_American_Fashion_Awards.jpg?resize=150%2C225&amp;ssl=1 150w, https:\/\/i0.wp.com\/casadecampoliving.com\/wp-content\/uploads\/2023\/07\/Silvia_Arguello_Constanza_Etro_Latin_American_Fashion_Awards.jpg?w=800&amp;ssl=1 800w, https:\/\/i0.wp.com\/casadecampoliving.com\/wp-content\/uploads\/2023\/07\/Silvia_Arguello_Constanza_Etro_Latin_American_Fashion_Awards-683x1024.jpg?w=370&amp;ssl=1 370w\" sizes=\"auto, (max-width: 683px) 100vw, 683px\" \/><\/figure>\n\n\n\n<figure class=\"wp-block-image size-large\"><img data-recalc-dims=\"1\" loading=\"lazy\" decoding=\"async\" width=\"683\" height=\"1024\" data-id=\"519908\" src=\"https:\/\/i0.wp.com\/casadecampoliving.com\/wp-content\/uploads\/2023\/07\/Marva-Griffin_Latin_American_Fashion_Awards.jpg?resize=683%2C1024&#038;ssl=1\" alt=\"\" class=\"wp-image-519908\" srcset=\"https:\/\/i0.wp.com\/casadecampoliving.com\/wp-content\/uploads\/2023\/07\/Marva-Griffin_Latin_American_Fashion_Awards.jpg?resize=683%2C1024&amp;ssl=1 683w, https:\/\/i0.wp.com\/casadecampoliving.com\/wp-content\/uploads\/2023\/07\/Marva-Griffin_Latin_American_Fashion_Awards.jpg?resize=200%2C300&amp;ssl=1 200w, https:\/\/i0.wp.com\/casadecampoliving.com\/wp-content\/uploads\/2023\/07\/Marva-Griffin_Latin_American_Fashion_Awards.jpg?resize=768%2C1152&amp;ssl=1 768w, https:\/\/i0.wp.com\/casadecampoliving.com\/wp-content\/uploads\/2023\/07\/Marva-Griffin_Latin_American_Fashion_Awards.jpg?resize=400%2C600&amp;ssl=1 400w, https:\/\/i0.wp.com\/casadecampoliving.com\/wp-content\/uploads\/2023\/07\/Marva-Griffin_Latin_American_Fashion_Awards.jpg?resize=150%2C225&amp;ssl=1 150w, https:\/\/i0.wp.com\/casadecampoliving.com\/wp-content\/uploads\/2023\/07\/Marva-Griffin_Latin_American_Fashion_Awards.jpg?w=800&amp;ssl=1 800w, https:\/\/i0.wp.com\/casadecampoliving.com\/wp-content\/uploads\/2023\/07\/Marva-Griffin_Latin_American_Fashion_Awards-683x1024.jpg?w=370&amp;ssl=1 370w\" sizes=\"auto, (max-width: 683px) 100vw, 683px\" \/><\/figure>\n\n\n\n<figure class=\"wp-block-image size-large\"><img data-recalc-dims=\"1\" loading=\"lazy\" decoding=\"async\" width=\"683\" height=\"1024\" data-id=\"519946\" src=\"https:\/\/i0.wp.com\/casadecampoliving.com\/wp-content\/uploads\/2023\/07\/Mario_Cader_Constanza_Etro_Silvia_Arguello_Robert_Wennett_Latin_American_Fashion_Awards.jpg?resize=683%2C1024&#038;ssl=1\" alt=\"\" class=\"wp-image-519946\" srcset=\"https:\/\/i0.wp.com\/casadecampoliving.com\/wp-content\/uploads\/2023\/07\/Mario_Cader_Constanza_Etro_Silvia_Arguello_Robert_Wennett_Latin_American_Fashion_Awards.jpg?resize=683%2C1024&amp;ssl=1 683w, https:\/\/i0.wp.com\/casadecampoliving.com\/wp-content\/uploads\/2023\/07\/Mario_Cader_Constanza_Etro_Silvia_Arguello_Robert_Wennett_Latin_American_Fashion_Awards.jpg?resize=200%2C300&amp;ssl=1 200w, https:\/\/i0.wp.com\/casadecampoliving.com\/wp-content\/uploads\/2023\/07\/Mario_Cader_Constanza_Etro_Silvia_Arguello_Robert_Wennett_Latin_American_Fashion_Awards.jpg?resize=768%2C1152&amp;ssl=1 768w, https:\/\/i0.wp.com\/casadecampoliving.com\/wp-content\/uploads\/2023\/07\/Mario_Cader_Constanza_Etro_Silvia_Arguello_Robert_Wennett_Latin_American_Fashion_Awards.jpg?resize=400%2C600&amp;ssl=1 400w, https:\/\/i0.wp.com\/casadecampoliving.com\/wp-content\/uploads\/2023\/07\/Mario_Cader_Constanza_Etro_Silvia_Arguello_Robert_Wennett_Latin_American_Fashion_Awards.jpg?resize=150%2C225&amp;ssl=1 150w, https:\/\/i0.wp.com\/casadecampoliving.com\/wp-content\/uploads\/2023\/07\/Mario_Cader_Constanza_Etro_Silvia_Arguello_Robert_Wennett_Latin_American_Fashion_Awards.jpg?w=800&amp;ssl=1 800w, https:\/\/i0.wp.com\/casadecampoliving.com\/wp-content\/uploads\/2023\/07\/Mario_Cader_Constanza_Etro_Silvia_Arguello_Robert_Wennett_Latin_American_Fashion_Awards-683x1024.jpg?w=370&amp;ssl=1 370w\" sizes=\"auto, (max-width: 683px) 100vw, 683px\" \/><\/figure>\n\n\n\n<figure class=\"wp-block-image size-large\"><img data-recalc-dims=\"1\" loading=\"lazy\" decoding=\"async\" width=\"683\" height=\"1024\" data-id=\"519924\" src=\"https:\/\/i0.wp.com\/casadecampoliving.com\/wp-content\/uploads\/2023\/07\/Marina_Spadafora_Latin_American_Fashion_Awards.jpg?resize=683%2C1024&#038;ssl=1\" alt=\"\" class=\"wp-image-519924\" srcset=\"https:\/\/i0.wp.com\/casadecampoliving.com\/wp-content\/uploads\/2023\/07\/Marina_Spadafora_Latin_American_Fashion_Awards.jpg?resize=683%2C1024&amp;ssl=1 683w, https:\/\/i0.wp.com\/casadecampoliving.com\/wp-content\/uploads\/2023\/07\/Marina_Spadafora_Latin_American_Fashion_Awards.jpg?resize=200%2C300&amp;ssl=1 200w, https:\/\/i0.wp.com\/casadecampoliving.com\/wp-content\/uploads\/2023\/07\/Marina_Spadafora_Latin_American_Fashion_Awards.jpg?resize=768%2C1152&amp;ssl=1 768w, https:\/\/i0.wp.com\/casadecampoliving.com\/wp-content\/uploads\/2023\/07\/Marina_Spadafora_Latin_American_Fashion_Awards.jpg?resize=400%2C600&amp;ssl=1 400w, https:\/\/i0.wp.com\/casadecampoliving.com\/wp-content\/uploads\/2023\/07\/Marina_Spadafora_Latin_American_Fashion_Awards.jpg?resize=150%2C225&amp;ssl=1 150w, https:\/\/i0.wp.com\/casadecampoliving.com\/wp-content\/uploads\/2023\/07\/Marina_Spadafora_Latin_American_Fashion_Awards.jpg?w=800&amp;ssl=1 800w, https:\/\/i0.wp.com\/casadecampoliving.com\/wp-content\/uploads\/2023\/07\/Marina_Spadafora_Latin_American_Fashion_Awards-683x1024.jpg?w=370&amp;ssl=1 370w\" sizes=\"auto, (max-width: 683px) 100vw, 683px\" \/><\/figure>\n\n\n\n<figure class=\"wp-block-image size-large\"><img data-recalc-dims=\"1\" loading=\"lazy\" decoding=\"async\" width=\"683\" height=\"1024\" data-id=\"519948\" src=\"https:\/\/i0.wp.com\/casadecampoliving.com\/wp-content\/uploads\/2023\/07\/Manuel_Diez_Silvia_Arguello_Constanza_Etro_Kean_Etro_Latin_American_Fashion_Awards.jpg?resize=683%2C1024&#038;ssl=1\" alt=\"\" class=\"wp-image-519948\" srcset=\"https:\/\/i0.wp.com\/casadecampoliving.com\/wp-content\/uploads\/2023\/07\/Manuel_Diez_Silvia_Arguello_Constanza_Etro_Kean_Etro_Latin_American_Fashion_Awards.jpg?resize=683%2C1024&amp;ssl=1 683w, https:\/\/i0.wp.com\/casadecampoliving.com\/wp-content\/uploads\/2023\/07\/Manuel_Diez_Silvia_Arguello_Constanza_Etro_Kean_Etro_Latin_American_Fashion_Awards.jpg?resize=200%2C300&amp;ssl=1 200w, https:\/\/i0.wp.com\/casadecampoliving.com\/wp-content\/uploads\/2023\/07\/Manuel_Diez_Silvia_Arguello_Constanza_Etro_Kean_Etro_Latin_American_Fashion_Awards.jpg?resize=768%2C1152&amp;ssl=1 768w, https:\/\/i0.wp.com\/casadecampoliving.com\/wp-content\/uploads\/2023\/07\/Manuel_Diez_Silvia_Arguello_Constanza_Etro_Kean_Etro_Latin_American_Fashion_Awards.jpg?resize=400%2C600&amp;ssl=1 400w, https:\/\/i0.wp.com\/casadecampoliving.com\/wp-content\/uploads\/2023\/07\/Manuel_Diez_Silvia_Arguello_Constanza_Etro_Kean_Etro_Latin_American_Fashion_Awards.jpg?resize=150%2C225&amp;ssl=1 150w, https:\/\/i0.wp.com\/casadecampoliving.com\/wp-content\/uploads\/2023\/07\/Manuel_Diez_Silvia_Arguello_Constanza_Etro_Kean_Etro_Latin_American_Fashion_Awards.jpg?w=800&amp;ssl=1 800w, https:\/\/i0.wp.com\/casadecampoliving.com\/wp-content\/uploads\/2023\/07\/Manuel_Diez_Silvia_Arguello_Constanza_Etro_Kean_Etro_Latin_American_Fashion_Awards-683x1024.jpg?w=370&amp;ssl=1 370w\" sizes=\"auto, (max-width: 683px) 100vw, 683px\" \/><\/figure>\n\n\n\n<figure class=\"wp-block-image size-large\"><img data-recalc-dims=\"1\" loading=\"lazy\" decoding=\"async\" width=\"683\" height=\"1024\" data-id=\"519935\" src=\"https:\/\/i0.wp.com\/casadecampoliving.com\/wp-content\/uploads\/2023\/07\/Kean_Etro_Veronica_Etro_Constanza_Etro_Alessandro_Frigerio_Latin_American_Fashion_Awards.jpg?resize=683%2C1024&#038;ssl=1\" alt=\"\" class=\"wp-image-519935\" srcset=\"https:\/\/i0.wp.com\/casadecampoliving.com\/wp-content\/uploads\/2023\/07\/Kean_Etro_Veronica_Etro_Constanza_Etro_Alessandro_Frigerio_Latin_American_Fashion_Awards.jpg?resize=683%2C1024&amp;ssl=1 683w, https:\/\/i0.wp.com\/casadecampoliving.com\/wp-content\/uploads\/2023\/07\/Kean_Etro_Veronica_Etro_Constanza_Etro_Alessandro_Frigerio_Latin_American_Fashion_Awards.jpg?resize=200%2C300&amp;ssl=1 200w, https:\/\/i0.wp.com\/casadecampoliving.com\/wp-content\/uploads\/2023\/07\/Kean_Etro_Veronica_Etro_Constanza_Etro_Alessandro_Frigerio_Latin_American_Fashion_Awards.jpg?resize=768%2C1152&amp;ssl=1 768w, https:\/\/i0.wp.com\/casadecampoliving.com\/wp-content\/uploads\/2023\/07\/Kean_Etro_Veronica_Etro_Constanza_Etro_Alessandro_Frigerio_Latin_American_Fashion_Awards.jpg?resize=400%2C600&amp;ssl=1 400w, https:\/\/i0.wp.com\/casadecampoliving.com\/wp-content\/uploads\/2023\/07\/Kean_Etro_Veronica_Etro_Constanza_Etro_Alessandro_Frigerio_Latin_American_Fashion_Awards.jpg?resize=150%2C225&amp;ssl=1 150w, https:\/\/i0.wp.com\/casadecampoliving.com\/wp-content\/uploads\/2023\/07\/Kean_Etro_Veronica_Etro_Constanza_Etro_Alessandro_Frigerio_Latin_American_Fashion_Awards.jpg?w=800&amp;ssl=1 800w, https:\/\/i0.wp.com\/casadecampoliving.com\/wp-content\/uploads\/2023\/07\/Kean_Etro_Veronica_Etro_Constanza_Etro_Alessandro_Frigerio_Latin_American_Fashion_Awards-683x1024.jpg?w=370&amp;ssl=1 370w\" sizes=\"auto, (max-width: 683px) 100vw, 683px\" \/><\/figure>\n\n\n\n<figure class=\"wp-block-image size-large\"><img data-recalc-dims=\"1\" loading=\"lazy\" decoding=\"async\" width=\"683\" height=\"1024\" data-id=\"519922\" src=\"https:\/\/i0.wp.com\/casadecampoliving.com\/wp-content\/uploads\/2023\/07\/Kean_Etro_Cosntanza_Etro_Latin_American_Fashion_Awards.jpg?resize=683%2C1024&#038;ssl=1\" alt=\"\" class=\"wp-image-519922\" srcset=\"https:\/\/i0.wp.com\/casadecampoliving.com\/wp-content\/uploads\/2023\/07\/Kean_Etro_Cosntanza_Etro_Latin_American_Fashion_Awards.jpg?resize=683%2C1024&amp;ssl=1 683w, https:\/\/i0.wp.com\/casadecampoliving.com\/wp-content\/uploads\/2023\/07\/Kean_Etro_Cosntanza_Etro_Latin_American_Fashion_Awards.jpg?resize=200%2C300&amp;ssl=1 200w, https:\/\/i0.wp.com\/casadecampoliving.com\/wp-content\/uploads\/2023\/07\/Kean_Etro_Cosntanza_Etro_Latin_American_Fashion_Awards.jpg?resize=768%2C1152&amp;ssl=1 768w, https:\/\/i0.wp.com\/casadecampoliving.com\/wp-content\/uploads\/2023\/07\/Kean_Etro_Cosntanza_Etro_Latin_American_Fashion_Awards.jpg?resize=400%2C600&amp;ssl=1 400w, https:\/\/i0.wp.com\/casadecampoliving.com\/wp-content\/uploads\/2023\/07\/Kean_Etro_Cosntanza_Etro_Latin_American_Fashion_Awards.jpg?resize=150%2C225&amp;ssl=1 150w, https:\/\/i0.wp.com\/casadecampoliving.com\/wp-content\/uploads\/2023\/07\/Kean_Etro_Cosntanza_Etro_Latin_American_Fashion_Awards.jpg?w=800&amp;ssl=1 800w, https:\/\/i0.wp.com\/casadecampoliving.com\/wp-content\/uploads\/2023\/07\/Kean_Etro_Cosntanza_Etro_Latin_American_Fashion_Awards-683x1024.jpg?w=370&amp;ssl=1 370w\" sizes=\"auto, (max-width: 683px) 100vw, 683px\" \/><\/figure>\n\n\n\n<figure class=\"wp-block-image size-large\"><img data-recalc-dims=\"1\" loading=\"lazy\" decoding=\"async\" width=\"683\" height=\"1024\" data-id=\"519926\" src=\"https:\/\/i0.wp.com\/casadecampoliving.com\/wp-content\/uploads\/2023\/07\/Jenny-_Lopez_Latin_American_Fashion_Awards.jpg?resize=683%2C1024&#038;ssl=1\" alt=\"\" class=\"wp-image-519926\" srcset=\"https:\/\/i0.wp.com\/casadecampoliving.com\/wp-content\/uploads\/2023\/07\/Jenny-_Lopez_Latin_American_Fashion_Awards.jpg?resize=683%2C1024&amp;ssl=1 683w, https:\/\/i0.wp.com\/casadecampoliving.com\/wp-content\/uploads\/2023\/07\/Jenny-_Lopez_Latin_American_Fashion_Awards.jpg?resize=200%2C300&amp;ssl=1 200w, https:\/\/i0.wp.com\/casadecampoliving.com\/wp-content\/uploads\/2023\/07\/Jenny-_Lopez_Latin_American_Fashion_Awards.jpg?resize=768%2C1152&amp;ssl=1 768w, https:\/\/i0.wp.com\/casadecampoliving.com\/wp-content\/uploads\/2023\/07\/Jenny-_Lopez_Latin_American_Fashion_Awards.jpg?resize=400%2C600&amp;ssl=1 400w, https:\/\/i0.wp.com\/casadecampoliving.com\/wp-content\/uploads\/2023\/07\/Jenny-_Lopez_Latin_American_Fashion_Awards.jpg?resize=150%2C225&amp;ssl=1 150w, https:\/\/i0.wp.com\/casadecampoliving.com\/wp-content\/uploads\/2023\/07\/Jenny-_Lopez_Latin_American_Fashion_Awards.jpg?w=800&amp;ssl=1 800w, https:\/\/i0.wp.com\/casadecampoliving.com\/wp-content\/uploads\/2023\/07\/Jenny-_Lopez_Latin_American_Fashion_Awards-683x1024.jpg?w=370&amp;ssl=1 370w\" sizes=\"auto, (max-width: 683px) 100vw, 683px\" \/><\/figure>\n\n\n\n<figure class=\"wp-block-image size-large\"><img data-recalc-dims=\"1\" loading=\"lazy\" decoding=\"async\" width=\"683\" height=\"1024\" data-id=\"519914\" src=\"https:\/\/i0.wp.com\/casadecampoliving.com\/wp-content\/uploads\/2023\/07\/Constanza_Etro_Margherita_Macappani_Missoni_Silvia_Arguello_Latin_American_Fashion_Awards.jpg?resize=683%2C1024&#038;ssl=1\" alt=\"\" class=\"wp-image-519914\" srcset=\"https:\/\/i0.wp.com\/casadecampoliving.com\/wp-content\/uploads\/2023\/07\/Constanza_Etro_Margherita_Macappani_Missoni_Silvia_Arguello_Latin_American_Fashion_Awards.jpg?resize=683%2C1024&amp;ssl=1 683w, https:\/\/i0.wp.com\/casadecampoliving.com\/wp-content\/uploads\/2023\/07\/Constanza_Etro_Margherita_Macappani_Missoni_Silvia_Arguello_Latin_American_Fashion_Awards.jpg?resize=200%2C300&amp;ssl=1 200w, https:\/\/i0.wp.com\/casadecampoliving.com\/wp-content\/uploads\/2023\/07\/Constanza_Etro_Margherita_Macappani_Missoni_Silvia_Arguello_Latin_American_Fashion_Awards.jpg?resize=768%2C1152&amp;ssl=1 768w, https:\/\/i0.wp.com\/casadecampoliving.com\/wp-content\/uploads\/2023\/07\/Constanza_Etro_Margherita_Macappani_Missoni_Silvia_Arguello_Latin_American_Fashion_Awards.jpg?resize=400%2C600&amp;ssl=1 400w, https:\/\/i0.wp.com\/casadecampoliving.com\/wp-content\/uploads\/2023\/07\/Constanza_Etro_Margherita_Macappani_Missoni_Silvia_Arguello_Latin_American_Fashion_Awards.jpg?resize=150%2C225&amp;ssl=1 150w, https:\/\/i0.wp.com\/casadecampoliving.com\/wp-content\/uploads\/2023\/07\/Constanza_Etro_Margherita_Macappani_Missoni_Silvia_Arguello_Latin_American_Fashion_Awards.jpg?w=800&amp;ssl=1 800w, https:\/\/i0.wp.com\/casadecampoliving.com\/wp-content\/uploads\/2023\/07\/Constanza_Etro_Margherita_Macappani_Missoni_Silvia_Arguello_Latin_American_Fashion_Awards-683x1024.jpg?w=370&amp;ssl=1 370w\" sizes=\"auto, (max-width: 683px) 100vw, 683px\" \/><\/figure>\n\n\n\n<figure class=\"wp-block-image size-large\"><img data-recalc-dims=\"1\" loading=\"lazy\" decoding=\"async\" width=\"683\" height=\"1024\" data-id=\"519940\" src=\"https:\/\/i0.wp.com\/casadecampoliving.com\/wp-content\/uploads\/2023\/07\/Constanza_Etro_Alessia_Glaviano_Silvia_Arguello_Latin_Amertican_Fashion_Awards.jpg?resize=683%2C1024&#038;ssl=1\" alt=\"\" class=\"wp-image-519940\" srcset=\"https:\/\/i0.wp.com\/casadecampoliving.com\/wp-content\/uploads\/2023\/07\/Constanza_Etro_Alessia_Glaviano_Silvia_Arguello_Latin_Amertican_Fashion_Awards.jpg?resize=683%2C1024&amp;ssl=1 683w, https:\/\/i0.wp.com\/casadecampoliving.com\/wp-content\/uploads\/2023\/07\/Constanza_Etro_Alessia_Glaviano_Silvia_Arguello_Latin_Amertican_Fashion_Awards.jpg?resize=200%2C300&amp;ssl=1 200w, https:\/\/i0.wp.com\/casadecampoliving.com\/wp-content\/uploads\/2023\/07\/Constanza_Etro_Alessia_Glaviano_Silvia_Arguello_Latin_Amertican_Fashion_Awards.jpg?resize=768%2C1152&amp;ssl=1 768w, https:\/\/i0.wp.com\/casadecampoliving.com\/wp-content\/uploads\/2023\/07\/Constanza_Etro_Alessia_Glaviano_Silvia_Arguello_Latin_Amertican_Fashion_Awards.jpg?resize=400%2C600&amp;ssl=1 400w, https:\/\/i0.wp.com\/casadecampoliving.com\/wp-content\/uploads\/2023\/07\/Constanza_Etro_Alessia_Glaviano_Silvia_Arguello_Latin_Amertican_Fashion_Awards.jpg?resize=150%2C225&amp;ssl=1 150w, https:\/\/i0.wp.com\/casadecampoliving.com\/wp-content\/uploads\/2023\/07\/Constanza_Etro_Alessia_Glaviano_Silvia_Arguello_Latin_Amertican_Fashion_Awards.jpg?w=800&amp;ssl=1 800w, https:\/\/i0.wp.com\/casadecampoliving.com\/wp-content\/uploads\/2023\/07\/Constanza_Etro_Alessia_Glaviano_Silvia_Arguello_Latin_Amertican_Fashion_Awards-683x1024.jpg?w=370&amp;ssl=1 370w\" sizes=\"auto, (max-width: 683px) 100vw, 683px\" \/><\/figure>\n\n\n\n<figure class=\"wp-block-image size-large\"><img data-recalc-dims=\"1\" loading=\"lazy\" decoding=\"async\" width=\"683\" height=\"1024\" data-id=\"519912\" src=\"https:\/\/i0.wp.com\/casadecampoliving.com\/wp-content\/uploads\/2023\/07\/Claudia_Calcagno_Rainieri_Latin_American_Fashion_Awards.jpg?resize=683%2C1024&#038;ssl=1\" alt=\"\" class=\"wp-image-519912\" srcset=\"https:\/\/i0.wp.com\/casadecampoliving.com\/wp-content\/uploads\/2023\/07\/Claudia_Calcagno_Rainieri_Latin_American_Fashion_Awards.jpg?resize=683%2C1024&amp;ssl=1 683w, https:\/\/i0.wp.com\/casadecampoliving.com\/wp-content\/uploads\/2023\/07\/Claudia_Calcagno_Rainieri_Latin_American_Fashion_Awards.jpg?resize=200%2C300&amp;ssl=1 200w, https:\/\/i0.wp.com\/casadecampoliving.com\/wp-content\/uploads\/2023\/07\/Claudia_Calcagno_Rainieri_Latin_American_Fashion_Awards.jpg?resize=768%2C1152&amp;ssl=1 768w, https:\/\/i0.wp.com\/casadecampoliving.com\/wp-content\/uploads\/2023\/07\/Claudia_Calcagno_Rainieri_Latin_American_Fashion_Awards.jpg?resize=400%2C600&amp;ssl=1 400w, https:\/\/i0.wp.com\/casadecampoliving.com\/wp-content\/uploads\/2023\/07\/Claudia_Calcagno_Rainieri_Latin_American_Fashion_Awards.jpg?resize=150%2C225&amp;ssl=1 150w, https:\/\/i0.wp.com\/casadecampoliving.com\/wp-content\/uploads\/2023\/07\/Claudia_Calcagno_Rainieri_Latin_American_Fashion_Awards.jpg?w=800&amp;ssl=1 800w, https:\/\/i0.wp.com\/casadecampoliving.com\/wp-content\/uploads\/2023\/07\/Claudia_Calcagno_Rainieri_Latin_American_Fashion_Awards-683x1024.jpg?w=370&amp;ssl=1 370w\" sizes=\"auto, (max-width: 683px) 100vw, 683px\" \/><\/figure>\n\n\n\n<figure class=\"wp-block-image size-large\"><img data-recalc-dims=\"1\" loading=\"lazy\" decoding=\"async\" width=\"683\" height=\"1024\" data-id=\"519904\" src=\"https:\/\/i0.wp.com\/casadecampoliving.com\/wp-content\/uploads\/2023\/07\/Brenda_Bizzi_Constanza_Etro_Latin_American_Fashion_Awards.jpg?resize=683%2C1024&#038;ssl=1\" alt=\"\" class=\"wp-image-519904\" srcset=\"https:\/\/i0.wp.com\/casadecampoliving.com\/wp-content\/uploads\/2023\/07\/Brenda_Bizzi_Constanza_Etro_Latin_American_Fashion_Awards.jpg?resize=683%2C1024&amp;ssl=1 683w, https:\/\/i0.wp.com\/casadecampoliving.com\/wp-content\/uploads\/2023\/07\/Brenda_Bizzi_Constanza_Etro_Latin_American_Fashion_Awards.jpg?resize=200%2C300&amp;ssl=1 200w, https:\/\/i0.wp.com\/casadecampoliving.com\/wp-content\/uploads\/2023\/07\/Brenda_Bizzi_Constanza_Etro_Latin_American_Fashion_Awards.jpg?resize=768%2C1152&amp;ssl=1 768w, https:\/\/i0.wp.com\/casadecampoliving.com\/wp-content\/uploads\/2023\/07\/Brenda_Bizzi_Constanza_Etro_Latin_American_Fashion_Awards.jpg?resize=400%2C600&amp;ssl=1 400w, https:\/\/i0.wp.com\/casadecampoliving.com\/wp-content\/uploads\/2023\/07\/Brenda_Bizzi_Constanza_Etro_Latin_American_Fashion_Awards.jpg?resize=150%2C225&amp;ssl=1 150w, https:\/\/i0.wp.com\/casadecampoliving.com\/wp-content\/uploads\/2023\/07\/Brenda_Bizzi_Constanza_Etro_Latin_American_Fashion_Awards.jpg?w=800&amp;ssl=1 800w, https:\/\/i0.wp.com\/casadecampoliving.com\/wp-content\/uploads\/2023\/07\/Brenda_Bizzi_Constanza_Etro_Latin_American_Fashion_Awards-683x1024.jpg?w=370&amp;ssl=1 370w\" sizes=\"auto, (max-width: 683px) 100vw, 683px\" \/><\/figure>\n\n\n\n<figure class=\"wp-block-image size-large\"><img data-recalc-dims=\"1\" loading=\"lazy\" decoding=\"async\" width=\"683\" height=\"1024\" data-id=\"519890\" src=\"https:\/\/i0.wp.com\/casadecampoliving.com\/wp-content\/uploads\/2023\/07\/Tamu_McPherson_Latin_American_Fashion_Awards.jpg?resize=683%2C1024&#038;ssl=1\" alt=\"\" class=\"wp-image-519890\" srcset=\"https:\/\/i0.wp.com\/casadecampoliving.com\/wp-content\/uploads\/2023\/07\/Tamu_McPherson_Latin_American_Fashion_Awards.jpg?resize=683%2C1024&amp;ssl=1 683w, https:\/\/i0.wp.com\/casadecampoliving.com\/wp-content\/uploads\/2023\/07\/Tamu_McPherson_Latin_American_Fashion_Awards.jpg?resize=200%2C300&amp;ssl=1 200w, https:\/\/i0.wp.com\/casadecampoliving.com\/wp-content\/uploads\/2023\/07\/Tamu_McPherson_Latin_American_Fashion_Awards.jpg?resize=768%2C1152&amp;ssl=1 768w, https:\/\/i0.wp.com\/casadecampoliving.com\/wp-content\/uploads\/2023\/07\/Tamu_McPherson_Latin_American_Fashion_Awards.jpg?resize=400%2C600&amp;ssl=1 400w, https:\/\/i0.wp.com\/casadecampoliving.com\/wp-content\/uploads\/2023\/07\/Tamu_McPherson_Latin_American_Fashion_Awards.jpg?resize=150%2C225&amp;ssl=1 150w, https:\/\/i0.wp.com\/casadecampoliving.com\/wp-content\/uploads\/2023\/07\/Tamu_McPherson_Latin_American_Fashion_Awards.jpg?w=800&amp;ssl=1 800w, https:\/\/i0.wp.com\/casadecampoliving.com\/wp-content\/uploads\/2023\/07\/Tamu_McPherson_Latin_American_Fashion_Awards-683x1024.jpg?w=370&amp;ssl=1 370w\" sizes=\"auto, (max-width: 683px) 100vw, 683px\" \/><\/figure>\n\n\n\n<figure class=\"wp-block-image size-large\"><img data-recalc-dims=\"1\" loading=\"lazy\" decoding=\"async\" width=\"683\" height=\"1024\" data-id=\"519898\" src=\"https:\/\/i0.wp.com\/casadecampoliving.com\/wp-content\/uploads\/2023\/07\/Sofia_Etro_Latin_American_Fashion_awards.jpg?resize=683%2C1024&#038;ssl=1\" alt=\"\" class=\"wp-image-519898\" srcset=\"https:\/\/i0.wp.com\/casadecampoliving.com\/wp-content\/uploads\/2023\/07\/Sofia_Etro_Latin_American_Fashion_awards.jpg?resize=683%2C1024&amp;ssl=1 683w, https:\/\/i0.wp.com\/casadecampoliving.com\/wp-content\/uploads\/2023\/07\/Sofia_Etro_Latin_American_Fashion_awards.jpg?resize=200%2C300&amp;ssl=1 200w, https:\/\/i0.wp.com\/casadecampoliving.com\/wp-content\/uploads\/2023\/07\/Sofia_Etro_Latin_American_Fashion_awards.jpg?resize=768%2C1152&amp;ssl=1 768w, https:\/\/i0.wp.com\/casadecampoliving.com\/wp-content\/uploads\/2023\/07\/Sofia_Etro_Latin_American_Fashion_awards.jpg?resize=400%2C600&amp;ssl=1 400w, https:\/\/i0.wp.com\/casadecampoliving.com\/wp-content\/uploads\/2023\/07\/Sofia_Etro_Latin_American_Fashion_awards.jpg?resize=150%2C225&amp;ssl=1 150w, https:\/\/i0.wp.com\/casadecampoliving.com\/wp-content\/uploads\/2023\/07\/Sofia_Etro_Latin_American_Fashion_awards.jpg?w=800&amp;ssl=1 800w, https:\/\/i0.wp.com\/casadecampoliving.com\/wp-content\/uploads\/2023\/07\/Sofia_Etro_Latin_American_Fashion_awards-683x1024.jpg?w=370&amp;ssl=1 370w\" sizes=\"auto, (max-width: 683px) 100vw, 683px\" \/><\/figure>\n\n\n\n<figure class=\"wp-block-image size-large\"><img data-recalc-dims=\"1\" loading=\"lazy\" decoding=\"async\" width=\"683\" height=\"1024\" data-id=\"519900\" src=\"https:\/\/i0.wp.com\/casadecampoliving.com\/wp-content\/uploads\/2023\/07\/Sofia_Espinosa_Tcherassi_Latin_American_Fashion_Awards.jpg?resize=683%2C1024&#038;ssl=1\" alt=\"\" class=\"wp-image-519900\" srcset=\"https:\/\/i0.wp.com\/casadecampoliving.com\/wp-content\/uploads\/2023\/07\/Sofia_Espinosa_Tcherassi_Latin_American_Fashion_Awards.jpg?resize=683%2C1024&amp;ssl=1 683w, https:\/\/i0.wp.com\/casadecampoliving.com\/wp-content\/uploads\/2023\/07\/Sofia_Espinosa_Tcherassi_Latin_American_Fashion_Awards.jpg?resize=200%2C300&amp;ssl=1 200w, https:\/\/i0.wp.com\/casadecampoliving.com\/wp-content\/uploads\/2023\/07\/Sofia_Espinosa_Tcherassi_Latin_American_Fashion_Awards.jpg?resize=768%2C1152&amp;ssl=1 768w, https:\/\/i0.wp.com\/casadecampoliving.com\/wp-content\/uploads\/2023\/07\/Sofia_Espinosa_Tcherassi_Latin_American_Fashion_Awards.jpg?resize=400%2C600&amp;ssl=1 400w, https:\/\/i0.wp.com\/casadecampoliving.com\/wp-content\/uploads\/2023\/07\/Sofia_Espinosa_Tcherassi_Latin_American_Fashion_Awards.jpg?resize=150%2C225&amp;ssl=1 150w, https:\/\/i0.wp.com\/casadecampoliving.com\/wp-content\/uploads\/2023\/07\/Sofia_Espinosa_Tcherassi_Latin_American_Fashion_Awards.jpg?w=800&amp;ssl=1 800w, https:\/\/i0.wp.com\/casadecampoliving.com\/wp-content\/uploads\/2023\/07\/Sofia_Espinosa_Tcherassi_Latin_American_Fashion_Awards-683x1024.jpg?w=370&amp;ssl=1 370w\" sizes=\"auto, (max-width: 683px) 100vw, 683px\" \/><\/figure>\n\n\n\n<figure class=\"wp-block-image size-large\"><img data-recalc-dims=\"1\" loading=\"lazy\" decoding=\"async\" width=\"683\" height=\"1024\" data-id=\"519892\" src=\"https:\/\/i0.wp.com\/casadecampoliving.com\/wp-content\/uploads\/2023\/07\/Sara_Sozzani_Maino_Latin_American_Fashion_Awards.jpg?resize=683%2C1024&#038;ssl=1\" alt=\"\" class=\"wp-image-519892\" srcset=\"https:\/\/i0.wp.com\/casadecampoliving.com\/wp-content\/uploads\/2023\/07\/Sara_Sozzani_Maino_Latin_American_Fashion_Awards.jpg?resize=683%2C1024&amp;ssl=1 683w, https:\/\/i0.wp.com\/casadecampoliving.com\/wp-content\/uploads\/2023\/07\/Sara_Sozzani_Maino_Latin_American_Fashion_Awards.jpg?resize=200%2C300&amp;ssl=1 200w, https:\/\/i0.wp.com\/casadecampoliving.com\/wp-content\/uploads\/2023\/07\/Sara_Sozzani_Maino_Latin_American_Fashion_Awards.jpg?resize=768%2C1152&amp;ssl=1 768w, https:\/\/i0.wp.com\/casadecampoliving.com\/wp-content\/uploads\/2023\/07\/Sara_Sozzani_Maino_Latin_American_Fashion_Awards.jpg?resize=400%2C600&amp;ssl=1 400w, https:\/\/i0.wp.com\/casadecampoliving.com\/wp-content\/uploads\/2023\/07\/Sara_Sozzani_Maino_Latin_American_Fashion_Awards.jpg?resize=150%2C225&amp;ssl=1 150w, https:\/\/i0.wp.com\/casadecampoliving.com\/wp-content\/uploads\/2023\/07\/Sara_Sozzani_Maino_Latin_American_Fashion_Awards.jpg?w=800&amp;ssl=1 800w, https:\/\/i0.wp.com\/casadecampoliving.com\/wp-content\/uploads\/2023\/07\/Sara_Sozzani_Maino_Latin_American_Fashion_Awards-683x1024.jpg?w=370&amp;ssl=1 370w\" sizes=\"auto, (max-width: 683px) 100vw, 683px\" \/><\/figure>\n\n\n\n<figure class=\"wp-block-image size-large\"><img data-recalc-dims=\"1\" loading=\"lazy\" decoding=\"async\" width=\"683\" height=\"1024\" data-id=\"519938\" src=\"https:\/\/i0.wp.com\/casadecampoliving.com\/wp-content\/uploads\/2023\/07\/Naty_Abascal_Guido_Taroni_Amigas_Latin_American_Fashion_Awards.jpg?resize=683%2C1024&#038;ssl=1\" alt=\"\" class=\"wp-image-519938\" srcset=\"https:\/\/i0.wp.com\/casadecampoliving.com\/wp-content\/uploads\/2023\/07\/Naty_Abascal_Guido_Taroni_Amigas_Latin_American_Fashion_Awards.jpg?resize=683%2C1024&amp;ssl=1 683w, https:\/\/i0.wp.com\/casadecampoliving.com\/wp-content\/uploads\/2023\/07\/Naty_Abascal_Guido_Taroni_Amigas_Latin_American_Fashion_Awards.jpg?resize=200%2C300&amp;ssl=1 200w, https:\/\/i0.wp.com\/casadecampoliving.com\/wp-content\/uploads\/2023\/07\/Naty_Abascal_Guido_Taroni_Amigas_Latin_American_Fashion_Awards.jpg?resize=768%2C1152&amp;ssl=1 768w, https:\/\/i0.wp.com\/casadecampoliving.com\/wp-content\/uploads\/2023\/07\/Naty_Abascal_Guido_Taroni_Amigas_Latin_American_Fashion_Awards.jpg?resize=400%2C600&amp;ssl=1 400w, https:\/\/i0.wp.com\/casadecampoliving.com\/wp-content\/uploads\/2023\/07\/Naty_Abascal_Guido_Taroni_Amigas_Latin_American_Fashion_Awards.jpg?resize=150%2C225&amp;ssl=1 150w, https:\/\/i0.wp.com\/casadecampoliving.com\/wp-content\/uploads\/2023\/07\/Naty_Abascal_Guido_Taroni_Amigas_Latin_American_Fashion_Awards.jpg?w=800&amp;ssl=1 800w, https:\/\/i0.wp.com\/casadecampoliving.com\/wp-content\/uploads\/2023\/07\/Naty_Abascal_Guido_Taroni_Amigas_Latin_American_Fashion_Awards-683x1024.jpg?w=370&amp;ssl=1 370w\" sizes=\"auto, (max-width: 683px) 100vw, 683px\" \/><\/figure>\n\n\n\n<figure class=\"wp-block-image size-large\"><img data-recalc-dims=\"1\" loading=\"lazy\" decoding=\"async\" width=\"683\" height=\"1024\" data-id=\"519944\" src=\"https:\/\/i0.wp.com\/casadecampoliving.com\/wp-content\/uploads\/2023\/07\/Kean_Etro_Luis_Gonzalez-Bunster_Jacopo_Etro_Latin_American_Latin_Awards.jpg?resize=683%2C1024&#038;ssl=1\" alt=\"\" class=\"wp-image-519944\" srcset=\"https:\/\/i0.wp.com\/casadecampoliving.com\/wp-content\/uploads\/2023\/07\/Kean_Etro_Luis_Gonzalez-Bunster_Jacopo_Etro_Latin_American_Latin_Awards.jpg?resize=683%2C1024&amp;ssl=1 683w, https:\/\/i0.wp.com\/casadecampoliving.com\/wp-content\/uploads\/2023\/07\/Kean_Etro_Luis_Gonzalez-Bunster_Jacopo_Etro_Latin_American_Latin_Awards.jpg?resize=200%2C300&amp;ssl=1 200w, https:\/\/i0.wp.com\/casadecampoliving.com\/wp-content\/uploads\/2023\/07\/Kean_Etro_Luis_Gonzalez-Bunster_Jacopo_Etro_Latin_American_Latin_Awards.jpg?resize=768%2C1152&amp;ssl=1 768w, https:\/\/i0.wp.com\/casadecampoliving.com\/wp-content\/uploads\/2023\/07\/Kean_Etro_Luis_Gonzalez-Bunster_Jacopo_Etro_Latin_American_Latin_Awards.jpg?resize=400%2C600&amp;ssl=1 400w, https:\/\/i0.wp.com\/casadecampoliving.com\/wp-content\/uploads\/2023\/07\/Kean_Etro_Luis_Gonzalez-Bunster_Jacopo_Etro_Latin_American_Latin_Awards.jpg?resize=150%2C225&amp;ssl=1 150w, https:\/\/i0.wp.com\/casadecampoliving.com\/wp-content\/uploads\/2023\/07\/Kean_Etro_Luis_Gonzalez-Bunster_Jacopo_Etro_Latin_American_Latin_Awards.jpg?w=800&amp;ssl=1 800w, https:\/\/i0.wp.com\/casadecampoliving.com\/wp-content\/uploads\/2023\/07\/Kean_Etro_Luis_Gonzalez-Bunster_Jacopo_Etro_Latin_American_Latin_Awards-683x1024.jpg?w=370&amp;ssl=1 370w\" sizes=\"auto, (max-width: 683px) 100vw, 683px\" \/><\/figure>\n\n\n\n<figure class=\"wp-block-image size-large\"><img data-recalc-dims=\"1\" loading=\"lazy\" decoding=\"async\" width=\"683\" height=\"1024\" data-id=\"519886\" src=\"https:\/\/i0.wp.com\/casadecampoliving.com\/wp-content\/uploads\/2023\/07\/Johannes_Huebl_Latin_American_Fashion_Awards.jpg?resize=683%2C1024&#038;ssl=1\" alt=\"\" class=\"wp-image-519886\" srcset=\"https:\/\/i0.wp.com\/casadecampoliving.com\/wp-content\/uploads\/2023\/07\/Johannes_Huebl_Latin_American_Fashion_Awards.jpg?resize=683%2C1024&amp;ssl=1 683w, https:\/\/i0.wp.com\/casadecampoliving.com\/wp-content\/uploads\/2023\/07\/Johannes_Huebl_Latin_American_Fashion_Awards.jpg?resize=200%2C300&amp;ssl=1 200w, https:\/\/i0.wp.com\/casadecampoliving.com\/wp-content\/uploads\/2023\/07\/Johannes_Huebl_Latin_American_Fashion_Awards.jpg?resize=768%2C1152&amp;ssl=1 768w, https:\/\/i0.wp.com\/casadecampoliving.com\/wp-content\/uploads\/2023\/07\/Johannes_Huebl_Latin_American_Fashion_Awards.jpg?resize=400%2C600&amp;ssl=1 400w, https:\/\/i0.wp.com\/casadecampoliving.com\/wp-content\/uploads\/2023\/07\/Johannes_Huebl_Latin_American_Fashion_Awards.jpg?resize=150%2C225&amp;ssl=1 150w, https:\/\/i0.wp.com\/casadecampoliving.com\/wp-content\/uploads\/2023\/07\/Johannes_Huebl_Latin_American_Fashion_Awards.jpg?w=800&amp;ssl=1 800w, https:\/\/i0.wp.com\/casadecampoliving.com\/wp-content\/uploads\/2023\/07\/Johannes_Huebl_Latin_American_Fashion_Awards-683x1024.jpg?w=370&amp;ssl=1 370w\" sizes=\"auto, (max-width: 683px) 100vw, 683px\" \/><\/figure>\n\n\n\n<figure class=\"wp-block-image size-large\"><img data-recalc-dims=\"1\" loading=\"lazy\" decoding=\"async\" width=\"683\" height=\"1024\" data-id=\"519917\" src=\"https:\/\/i0.wp.com\/casadecampoliving.com\/wp-content\/uploads\/2023\/07\/Francisco_Leal_Karen_Daccarett_Latin_American_Fashion_Awards.jpg?resize=683%2C1024&#038;ssl=1\" alt=\"\" class=\"wp-image-519917\" srcset=\"https:\/\/i0.wp.com\/casadecampoliving.com\/wp-content\/uploads\/2023\/07\/Francisco_Leal_Karen_Daccarett_Latin_American_Fashion_Awards.jpg?resize=683%2C1024&amp;ssl=1 683w, https:\/\/i0.wp.com\/casadecampoliving.com\/wp-content\/uploads\/2023\/07\/Francisco_Leal_Karen_Daccarett_Latin_American_Fashion_Awards.jpg?resize=200%2C300&amp;ssl=1 200w, https:\/\/i0.wp.com\/casadecampoliving.com\/wp-content\/uploads\/2023\/07\/Francisco_Leal_Karen_Daccarett_Latin_American_Fashion_Awards.jpg?resize=768%2C1152&amp;ssl=1 768w, https:\/\/i0.wp.com\/casadecampoliving.com\/wp-content\/uploads\/2023\/07\/Francisco_Leal_Karen_Daccarett_Latin_American_Fashion_Awards.jpg?resize=400%2C600&amp;ssl=1 400w, https:\/\/i0.wp.com\/casadecampoliving.com\/wp-content\/uploads\/2023\/07\/Francisco_Leal_Karen_Daccarett_Latin_American_Fashion_Awards.jpg?resize=150%2C225&amp;ssl=1 150w, https:\/\/i0.wp.com\/casadecampoliving.com\/wp-content\/uploads\/2023\/07\/Francisco_Leal_Karen_Daccarett_Latin_American_Fashion_Awards.jpg?w=800&amp;ssl=1 800w, https:\/\/i0.wp.com\/casadecampoliving.com\/wp-content\/uploads\/2023\/07\/Francisco_Leal_Karen_Daccarett_Latin_American_Fashion_Awards-683x1024.jpg?w=370&amp;ssl=1 370w\" sizes=\"auto, (max-width: 683px) 100vw, 683px\" \/><\/figure>\n\n\n\n<figure class=\"wp-block-image size-large\"><img data-recalc-dims=\"1\" loading=\"lazy\" decoding=\"async\" width=\"683\" height=\"1024\" data-id=\"519952\" src=\"https:\/\/i0.wp.com\/casadecampoliving.com\/wp-content\/uploads\/2023\/07\/Constanza_Etro_Sofia_Espinosa_Tcherassi_Silvia_Arguello_Latin_American_Fashion_Awards.jpg?resize=683%2C1024&#038;ssl=1\" alt=\"\" class=\"wp-image-519952\" srcset=\"https:\/\/i0.wp.com\/casadecampoliving.com\/wp-content\/uploads\/2023\/07\/Constanza_Etro_Sofia_Espinosa_Tcherassi_Silvia_Arguello_Latin_American_Fashion_Awards.jpg?resize=683%2C1024&amp;ssl=1 683w, https:\/\/i0.wp.com\/casadecampoliving.com\/wp-content\/uploads\/2023\/07\/Constanza_Etro_Sofia_Espinosa_Tcherassi_Silvia_Arguello_Latin_American_Fashion_Awards.jpg?resize=200%2C300&amp;ssl=1 200w, https:\/\/i0.wp.com\/casadecampoliving.com\/wp-content\/uploads\/2023\/07\/Constanza_Etro_Sofia_Espinosa_Tcherassi_Silvia_Arguello_Latin_American_Fashion_Awards.jpg?resize=768%2C1152&amp;ssl=1 768w, https:\/\/i0.wp.com\/casadecampoliving.com\/wp-content\/uploads\/2023\/07\/Constanza_Etro_Sofia_Espinosa_Tcherassi_Silvia_Arguello_Latin_American_Fashion_Awards.jpg?resize=400%2C600&amp;ssl=1 400w, https:\/\/i0.wp.com\/casadecampoliving.com\/wp-content\/uploads\/2023\/07\/Constanza_Etro_Sofia_Espinosa_Tcherassi_Silvia_Arguello_Latin_American_Fashion_Awards.jpg?resize=150%2C225&amp;ssl=1 150w, https:\/\/i0.wp.com\/casadecampoliving.com\/wp-content\/uploads\/2023\/07\/Constanza_Etro_Sofia_Espinosa_Tcherassi_Silvia_Arguello_Latin_American_Fashion_Awards.jpg?w=800&amp;ssl=1 800w, https:\/\/i0.wp.com\/casadecampoliving.com\/wp-content\/uploads\/2023\/07\/Constanza_Etro_Sofia_Espinosa_Tcherassi_Silvia_Arguello_Latin_American_Fashion_Awards-683x1024.jpg?w=370&amp;ssl=1 370w\" sizes=\"auto, (max-width: 683px) 100vw, 683px\" \/><\/figure>\n\n\n\n<figure class=\"wp-block-image size-large\"><img data-recalc-dims=\"1\" loading=\"lazy\" decoding=\"async\" width=\"683\" height=\"1024\" data-id=\"519906\" src=\"https:\/\/i0.wp.com\/casadecampoliving.com\/wp-content\/uploads\/2023\/07\/Constanza_Etro_Sara_Sozzani_Maino_Silvia_Arguello_Latin_American_Fashion_Awards.jpg?resize=683%2C1024&#038;ssl=1\" alt=\"\" class=\"wp-image-519906\" srcset=\"https:\/\/i0.wp.com\/casadecampoliving.com\/wp-content\/uploads\/2023\/07\/Constanza_Etro_Sara_Sozzani_Maino_Silvia_Arguello_Latin_American_Fashion_Awards.jpg?resize=683%2C1024&amp;ssl=1 683w, https:\/\/i0.wp.com\/casadecampoliving.com\/wp-content\/uploads\/2023\/07\/Constanza_Etro_Sara_Sozzani_Maino_Silvia_Arguello_Latin_American_Fashion_Awards.jpg?resize=200%2C300&amp;ssl=1 200w, https:\/\/i0.wp.com\/casadecampoliving.com\/wp-content\/uploads\/2023\/07\/Constanza_Etro_Sara_Sozzani_Maino_Silvia_Arguello_Latin_American_Fashion_Awards.jpg?resize=768%2C1152&amp;ssl=1 768w, https:\/\/i0.wp.com\/casadecampoliving.com\/wp-content\/uploads\/2023\/07\/Constanza_Etro_Sara_Sozzani_Maino_Silvia_Arguello_Latin_American_Fashion_Awards.jpg?resize=400%2C600&amp;ssl=1 400w, https:\/\/i0.wp.com\/casadecampoliving.com\/wp-content\/uploads\/2023\/07\/Constanza_Etro_Sara_Sozzani_Maino_Silvia_Arguello_Latin_American_Fashion_Awards.jpg?resize=150%2C225&amp;ssl=1 150w, https:\/\/i0.wp.com\/casadecampoliving.com\/wp-content\/uploads\/2023\/07\/Constanza_Etro_Sara_Sozzani_Maino_Silvia_Arguello_Latin_American_Fashion_Awards.jpg?w=800&amp;ssl=1 800w, https:\/\/i0.wp.com\/casadecampoliving.com\/wp-content\/uploads\/2023\/07\/Constanza_Etro_Sara_Sozzani_Maino_Silvia_Arguello_Latin_American_Fashion_Awards-683x1024.jpg?w=370&amp;ssl=1 370w\" sizes=\"auto, (max-width: 683px) 100vw, 683px\" \/><\/figure>\n\n\n\n<figure class=\"wp-block-image size-large\"><img data-recalc-dims=\"1\" loading=\"lazy\" decoding=\"async\" width=\"683\" height=\"1024\" data-id=\"519920\" src=\"https:\/\/i0.wp.com\/casadecampoliving.com\/wp-content\/uploads\/2023\/07\/Constanza_Etro_Jacopo_Etro_Naty_Abascal_Latin_American_Fashion_Awards.jpg?resize=683%2C1024&#038;ssl=1\" alt=\"\" class=\"wp-image-519920\" srcset=\"https:\/\/i0.wp.com\/casadecampoliving.com\/wp-content\/uploads\/2023\/07\/Constanza_Etro_Jacopo_Etro_Naty_Abascal_Latin_American_Fashion_Awards.jpg?resize=683%2C1024&amp;ssl=1 683w, https:\/\/i0.wp.com\/casadecampoliving.com\/wp-content\/uploads\/2023\/07\/Constanza_Etro_Jacopo_Etro_Naty_Abascal_Latin_American_Fashion_Awards.jpg?resize=200%2C300&amp;ssl=1 200w, https:\/\/i0.wp.com\/casadecampoliving.com\/wp-content\/uploads\/2023\/07\/Constanza_Etro_Jacopo_Etro_Naty_Abascal_Latin_American_Fashion_Awards.jpg?resize=768%2C1152&amp;ssl=1 768w, https:\/\/i0.wp.com\/casadecampoliving.com\/wp-content\/uploads\/2023\/07\/Constanza_Etro_Jacopo_Etro_Naty_Abascal_Latin_American_Fashion_Awards.jpg?resize=400%2C600&amp;ssl=1 400w, https:\/\/i0.wp.com\/casadecampoliving.com\/wp-content\/uploads\/2023\/07\/Constanza_Etro_Jacopo_Etro_Naty_Abascal_Latin_American_Fashion_Awards.jpg?resize=150%2C225&amp;ssl=1 150w, https:\/\/i0.wp.com\/casadecampoliving.com\/wp-content\/uploads\/2023\/07\/Constanza_Etro_Jacopo_Etro_Naty_Abascal_Latin_American_Fashion_Awards.jpg?w=800&amp;ssl=1 800w, https:\/\/i0.wp.com\/casadecampoliving.com\/wp-content\/uploads\/2023\/07\/Constanza_Etro_Jacopo_Etro_Naty_Abascal_Latin_American_Fashion_Awards-683x1024.jpg?w=370&amp;ssl=1 370w\" sizes=\"auto, (max-width: 683px) 100vw, 683px\" \/><\/figure>\n\n\n\n<figure class=\"wp-block-image size-large\"><img data-recalc-dims=\"1\" loading=\"lazy\" decoding=\"async\" width=\"683\" height=\"1024\" data-id=\"519916\" src=\"https:\/\/i0.wp.com\/casadecampoliving.com\/wp-content\/uploads\/2023\/07\/Adriana-y-Luciana_Toledo_Latin_American_Fashion_Awards.jpg?resize=683%2C1024&#038;ssl=1\" alt=\"\" class=\"wp-image-519916\" srcset=\"https:\/\/i0.wp.com\/casadecampoliving.com\/wp-content\/uploads\/2023\/07\/Adriana-y-Luciana_Toledo_Latin_American_Fashion_Awards.jpg?resize=683%2C1024&amp;ssl=1 683w, https:\/\/i0.wp.com\/casadecampoliving.com\/wp-content\/uploads\/2023\/07\/Adriana-y-Luciana_Toledo_Latin_American_Fashion_Awards.jpg?resize=200%2C300&amp;ssl=1 200w, https:\/\/i0.wp.com\/casadecampoliving.com\/wp-content\/uploads\/2023\/07\/Adriana-y-Luciana_Toledo_Latin_American_Fashion_Awards.jpg?resize=768%2C1152&amp;ssl=1 768w, https:\/\/i0.wp.com\/casadecampoliving.com\/wp-content\/uploads\/2023\/07\/Adriana-y-Luciana_Toledo_Latin_American_Fashion_Awards.jpg?resize=400%2C600&amp;ssl=1 400w, https:\/\/i0.wp.com\/casadecampoliving.com\/wp-content\/uploads\/2023\/07\/Adriana-y-Luciana_Toledo_Latin_American_Fashion_Awards.jpg?resize=150%2C225&amp;ssl=1 150w, https:\/\/i0.wp.com\/casadecampoliving.com\/wp-content\/uploads\/2023\/07\/Adriana-y-Luciana_Toledo_Latin_American_Fashion_Awards.jpg?w=800&amp;ssl=1 800w, https:\/\/i0.wp.com\/casadecampoliving.com\/wp-content\/uploads\/2023\/07\/Adriana-y-Luciana_Toledo_Latin_American_Fashion_Awards-683x1024.jpg?w=370&amp;ssl=1 370w\" sizes=\"auto, (max-width: 683px) 100vw, 683px\" \/><\/figure>\n\n\n\n<figure class=\"wp-block-image size-large\"><img data-recalc-dims=\"1\" loading=\"lazy\" decoding=\"async\" width=\"683\" height=\"1024\" data-id=\"519931\" src=\"https:\/\/i0.wp.com\/casadecampoliving.com\/wp-content\/uploads\/2023\/07\/Valeria_Shad_Jacqueline_Then_Silvia_Arguello_Claudia_Calcagno_Rainieri_Stephanie-Grullon_Latin_American_Fashion_Awards.jpg?resize=683%2C1024&#038;ssl=1\" alt=\"\" class=\"wp-image-519931\" srcset=\"https:\/\/i0.wp.com\/casadecampoliving.com\/wp-content\/uploads\/2023\/07\/Valeria_Shad_Jacqueline_Then_Silvia_Arguello_Claudia_Calcagno_Rainieri_Stephanie-Grullon_Latin_American_Fashion_Awards.jpg?resize=683%2C1024&amp;ssl=1 683w, https:\/\/i0.wp.com\/casadecampoliving.com\/wp-content\/uploads\/2023\/07\/Valeria_Shad_Jacqueline_Then_Silvia_Arguello_Claudia_Calcagno_Rainieri_Stephanie-Grullon_Latin_American_Fashion_Awards.jpg?resize=200%2C300&amp;ssl=1 200w, https:\/\/i0.wp.com\/casadecampoliving.com\/wp-content\/uploads\/2023\/07\/Valeria_Shad_Jacqueline_Then_Silvia_Arguello_Claudia_Calcagno_Rainieri_Stephanie-Grullon_Latin_American_Fashion_Awards.jpg?resize=768%2C1152&amp;ssl=1 768w, https:\/\/i0.wp.com\/casadecampoliving.com\/wp-content\/uploads\/2023\/07\/Valeria_Shad_Jacqueline_Then_Silvia_Arguello_Claudia_Calcagno_Rainieri_Stephanie-Grullon_Latin_American_Fashion_Awards.jpg?resize=400%2C600&amp;ssl=1 400w, https:\/\/i0.wp.com\/casadecampoliving.com\/wp-content\/uploads\/2023\/07\/Valeria_Shad_Jacqueline_Then_Silvia_Arguello_Claudia_Calcagno_Rainieri_Stephanie-Grullon_Latin_American_Fashion_Awards.jpg?resize=150%2C225&amp;ssl=1 150w, https:\/\/i0.wp.com\/casadecampoliving.com\/wp-content\/uploads\/2023\/07\/Valeria_Shad_Jacqueline_Then_Silvia_Arguello_Claudia_Calcagno_Rainieri_Stephanie-Grullon_Latin_American_Fashion_Awards.jpg?w=800&amp;ssl=1 800w, https:\/\/i0.wp.com\/casadecampoliving.com\/wp-content\/uploads\/2023\/07\/Valeria_Shad_Jacqueline_Then_Silvia_Arguello_Claudia_Calcagno_Rainieri_Stephanie-Grullon_Latin_American_Fashion_Awards-683x1024.jpg?w=370&amp;ssl=1 370w\" sizes=\"auto, (max-width: 683px) 100vw, 683px\" \/><\/figure>\n\n\n\n<figure class=\"wp-block-image size-large\"><img data-recalc-dims=\"1\" loading=\"lazy\" decoding=\"async\" width=\"683\" height=\"1024\" data-id=\"519930\" src=\"https:\/\/i0.wp.com\/casadecampoliving.com\/wp-content\/uploads\/2023\/07\/Soshanna_Arguello_Stephanie-Grullon_Latin_American_Fashion_Awards.jpg?resize=683%2C1024&#038;ssl=1\" alt=\"\" class=\"wp-image-519930\" srcset=\"https:\/\/i0.wp.com\/casadecampoliving.com\/wp-content\/uploads\/2023\/07\/Soshanna_Arguello_Stephanie-Grullon_Latin_American_Fashion_Awards.jpg?resize=683%2C1024&amp;ssl=1 683w, https:\/\/i0.wp.com\/casadecampoliving.com\/wp-content\/uploads\/2023\/07\/Soshanna_Arguello_Stephanie-Grullon_Latin_American_Fashion_Awards.jpg?resize=200%2C300&amp;ssl=1 200w, https:\/\/i0.wp.com\/casadecampoliving.com\/wp-content\/uploads\/2023\/07\/Soshanna_Arguello_Stephanie-Grullon_Latin_American_Fashion_Awards.jpg?resize=768%2C1152&amp;ssl=1 768w, https:\/\/i0.wp.com\/casadecampoliving.com\/wp-content\/uploads\/2023\/07\/Soshanna_Arguello_Stephanie-Grullon_Latin_American_Fashion_Awards.jpg?resize=400%2C600&amp;ssl=1 400w, https:\/\/i0.wp.com\/casadecampoliving.com\/wp-content\/uploads\/2023\/07\/Soshanna_Arguello_Stephanie-Grullon_Latin_American_Fashion_Awards.jpg?resize=150%2C225&amp;ssl=1 150w, https:\/\/i0.wp.com\/casadecampoliving.com\/wp-content\/uploads\/2023\/07\/Soshanna_Arguello_Stephanie-Grullon_Latin_American_Fashion_Awards.jpg?w=800&amp;ssl=1 800w, https:\/\/i0.wp.com\/casadecampoliving.com\/wp-content\/uploads\/2023\/07\/Soshanna_Arguello_Stephanie-Grullon_Latin_American_Fashion_Awards-683x1024.jpg?w=370&amp;ssl=1 370w\" sizes=\"auto, (max-width: 683px) 100vw, 683px\" \/><\/figure>\n\n\n\n<figure class=\"wp-block-image size-large\"><img data-recalc-dims=\"1\" loading=\"lazy\" decoding=\"async\" width=\"683\" height=\"1024\" data-id=\"519894\" src=\"https:\/\/i0.wp.com\/casadecampoliving.com\/wp-content\/uploads\/2023\/07\/Sofia_Achaval_Lucila_Sperber_Latin_American_Fashion_Awards.jpg?resize=683%2C1024&#038;ssl=1\" alt=\"\" class=\"wp-image-519894\" srcset=\"https:\/\/i0.wp.com\/casadecampoliving.com\/wp-content\/uploads\/2023\/07\/Sofia_Achaval_Lucila_Sperber_Latin_American_Fashion_Awards.jpg?resize=683%2C1024&amp;ssl=1 683w, https:\/\/i0.wp.com\/casadecampoliving.com\/wp-content\/uploads\/2023\/07\/Sofia_Achaval_Lucila_Sperber_Latin_American_Fashion_Awards.jpg?resize=200%2C300&amp;ssl=1 200w, https:\/\/i0.wp.com\/casadecampoliving.com\/wp-content\/uploads\/2023\/07\/Sofia_Achaval_Lucila_Sperber_Latin_American_Fashion_Awards.jpg?resize=768%2C1152&amp;ssl=1 768w, https:\/\/i0.wp.com\/casadecampoliving.com\/wp-content\/uploads\/2023\/07\/Sofia_Achaval_Lucila_Sperber_Latin_American_Fashion_Awards.jpg?resize=400%2C600&amp;ssl=1 400w, https:\/\/i0.wp.com\/casadecampoliving.com\/wp-content\/uploads\/2023\/07\/Sofia_Achaval_Lucila_Sperber_Latin_American_Fashion_Awards.jpg?resize=150%2C225&amp;ssl=1 150w, https:\/\/i0.wp.com\/casadecampoliving.com\/wp-content\/uploads\/2023\/07\/Sofia_Achaval_Lucila_Sperber_Latin_American_Fashion_Awards.jpg?w=800&amp;ssl=1 800w, https:\/\/i0.wp.com\/casadecampoliving.com\/wp-content\/uploads\/2023\/07\/Sofia_Achaval_Lucila_Sperber_Latin_American_Fashion_Awards-683x1024.jpg?w=370&amp;ssl=1 370w\" sizes=\"auto, (max-width: 683px) 100vw, 683px\" \/><\/figure>\n\n\n\n<figure class=\"wp-block-image size-large\"><img data-recalc-dims=\"1\" loading=\"lazy\" decoding=\"async\" width=\"683\" height=\"1024\" data-id=\"519910\" src=\"https:\/\/i0.wp.com\/casadecampoliving.com\/wp-content\/uploads\/2023\/07\/Siliva-Arguello_Carlo-Capasa_Cosntanza-Etro-Latin-American-Fashion-Awards.jpg?resize=683%2C1024&#038;ssl=1\" alt=\"\" class=\"wp-image-519910\" srcset=\"https:\/\/i0.wp.com\/casadecampoliving.com\/wp-content\/uploads\/2023\/07\/Siliva-Arguello_Carlo-Capasa_Cosntanza-Etro-Latin-American-Fashion-Awards.jpg?resize=683%2C1024&amp;ssl=1 683w, https:\/\/i0.wp.com\/casadecampoliving.com\/wp-content\/uploads\/2023\/07\/Siliva-Arguello_Carlo-Capasa_Cosntanza-Etro-Latin-American-Fashion-Awards.jpg?resize=200%2C300&amp;ssl=1 200w, https:\/\/i0.wp.com\/casadecampoliving.com\/wp-content\/uploads\/2023\/07\/Siliva-Arguello_Carlo-Capasa_Cosntanza-Etro-Latin-American-Fashion-Awards.jpg?resize=768%2C1152&amp;ssl=1 768w, https:\/\/i0.wp.com\/casadecampoliving.com\/wp-content\/uploads\/2023\/07\/Siliva-Arguello_Carlo-Capasa_Cosntanza-Etro-Latin-American-Fashion-Awards.jpg?resize=400%2C600&amp;ssl=1 400w, https:\/\/i0.wp.com\/casadecampoliving.com\/wp-content\/uploads\/2023\/07\/Siliva-Arguello_Carlo-Capasa_Cosntanza-Etro-Latin-American-Fashion-Awards.jpg?resize=150%2C225&amp;ssl=1 150w, https:\/\/i0.wp.com\/casadecampoliving.com\/wp-content\/uploads\/2023\/07\/Siliva-Arguello_Carlo-Capasa_Cosntanza-Etro-Latin-American-Fashion-Awards.jpg?w=800&amp;ssl=1 800w, https:\/\/i0.wp.com\/casadecampoliving.com\/wp-content\/uploads\/2023\/07\/Siliva-Arguello_Carlo-Capasa_Cosntanza-Etro-Latin-American-Fashion-Awards-683x1024.jpg?w=370&amp;ssl=1 370w\" sizes=\"auto, (max-width: 683px) 100vw, 683px\" \/><\/figure>\n\n\n\n<figure class=\"wp-block-image size-large\"><img data-recalc-dims=\"1\" loading=\"lazy\" decoding=\"async\" width=\"683\" height=\"1024\" data-id=\"519902\" src=\"https:\/\/i0.wp.com\/casadecampoliving.com\/wp-content\/uploads\/2023\/07\/Paolo-Stella_Candela_Pelizza_Latin_American_Fashion_Awards.jpg?resize=683%2C1024&#038;ssl=1\" alt=\"\" class=\"wp-image-519902\" srcset=\"https:\/\/i0.wp.com\/casadecampoliving.com\/wp-content\/uploads\/2023\/07\/Paolo-Stella_Candela_Pelizza_Latin_American_Fashion_Awards.jpg?resize=683%2C1024&amp;ssl=1 683w, https:\/\/i0.wp.com\/casadecampoliving.com\/wp-content\/uploads\/2023\/07\/Paolo-Stella_Candela_Pelizza_Latin_American_Fashion_Awards.jpg?resize=200%2C300&amp;ssl=1 200w, https:\/\/i0.wp.com\/casadecampoliving.com\/wp-content\/uploads\/2023\/07\/Paolo-Stella_Candela_Pelizza_Latin_American_Fashion_Awards.jpg?resize=768%2C1152&amp;ssl=1 768w, https:\/\/i0.wp.com\/casadecampoliving.com\/wp-content\/uploads\/2023\/07\/Paolo-Stella_Candela_Pelizza_Latin_American_Fashion_Awards.jpg?resize=400%2C600&amp;ssl=1 400w, https:\/\/i0.wp.com\/casadecampoliving.com\/wp-content\/uploads\/2023\/07\/Paolo-Stella_Candela_Pelizza_Latin_American_Fashion_Awards.jpg?resize=150%2C225&amp;ssl=1 150w, https:\/\/i0.wp.com\/casadecampoliving.com\/wp-content\/uploads\/2023\/07\/Paolo-Stella_Candela_Pelizza_Latin_American_Fashion_Awards.jpg?w=800&amp;ssl=1 800w, https:\/\/i0.wp.com\/casadecampoliving.com\/wp-content\/uploads\/2023\/07\/Paolo-Stella_Candela_Pelizza_Latin_American_Fashion_Awards-683x1024.jpg?w=370&amp;ssl=1 370w\" sizes=\"auto, (max-width: 683px) 100vw, 683px\" \/><\/figure>\n\n\n\n<figure class=\"wp-block-image size-large\"><img data-recalc-dims=\"1\" loading=\"lazy\" decoding=\"async\" width=\"683\" height=\"1024\" data-id=\"519928\" src=\"https:\/\/i0.wp.com\/casadecampoliving.com\/wp-content\/uploads\/2023\/07\/Margherita-Missoni_Constanza-Etro_Anna-dello-Russo_Silvia-Arguello-Latin-American-Fashion-Awards.jpg?resize=683%2C1024&#038;ssl=1\" alt=\"\" class=\"wp-image-519928\" srcset=\"https:\/\/i0.wp.com\/casadecampoliving.com\/wp-content\/uploads\/2023\/07\/Margherita-Missoni_Constanza-Etro_Anna-dello-Russo_Silvia-Arguello-Latin-American-Fashion-Awards.jpg?resize=683%2C1024&amp;ssl=1 683w, https:\/\/i0.wp.com\/casadecampoliving.com\/wp-content\/uploads\/2023\/07\/Margherita-Missoni_Constanza-Etro_Anna-dello-Russo_Silvia-Arguello-Latin-American-Fashion-Awards.jpg?resize=200%2C300&amp;ssl=1 200w, https:\/\/i0.wp.com\/casadecampoliving.com\/wp-content\/uploads\/2023\/07\/Margherita-Missoni_Constanza-Etro_Anna-dello-Russo_Silvia-Arguello-Latin-American-Fashion-Awards.jpg?resize=768%2C1152&amp;ssl=1 768w, https:\/\/i0.wp.com\/casadecampoliving.com\/wp-content\/uploads\/2023\/07\/Margherita-Missoni_Constanza-Etro_Anna-dello-Russo_Silvia-Arguello-Latin-American-Fashion-Awards.jpg?resize=400%2C600&amp;ssl=1 400w, https:\/\/i0.wp.com\/casadecampoliving.com\/wp-content\/uploads\/2023\/07\/Margherita-Missoni_Constanza-Etro_Anna-dello-Russo_Silvia-Arguello-Latin-American-Fashion-Awards.jpg?resize=150%2C225&amp;ssl=1 150w, https:\/\/i0.wp.com\/casadecampoliving.com\/wp-content\/uploads\/2023\/07\/Margherita-Missoni_Constanza-Etro_Anna-dello-Russo_Silvia-Arguello-Latin-American-Fashion-Awards.jpg?w=800&amp;ssl=1 800w, https:\/\/i0.wp.com\/casadecampoliving.com\/wp-content\/uploads\/2023\/07\/Margherita-Missoni_Constanza-Etro_Anna-dello-Russo_Silvia-Arguello-Latin-American-Fashion-Awards-683x1024.jpg?w=370&amp;ssl=1 370w\" sizes=\"auto, (max-width: 683px) 100vw, 683px\" \/><\/figure>\n\n\n\n<figure class=\"wp-block-image size-large\"><img data-recalc-dims=\"1\" loading=\"lazy\" decoding=\"async\" width=\"683\" height=\"1024\" data-id=\"519888\" src=\"https:\/\/i0.wp.com\/casadecampoliving.com\/wp-content\/uploads\/2023\/07\/Kay_Kamakhya_Latin_American_Fashion_Awards.jpg?resize=683%2C1024&#038;ssl=1\" alt=\"\" class=\"wp-image-519888\" srcset=\"https:\/\/i0.wp.com\/casadecampoliving.com\/wp-content\/uploads\/2023\/07\/Kay_Kamakhya_Latin_American_Fashion_Awards.jpg?resize=683%2C1024&amp;ssl=1 683w, https:\/\/i0.wp.com\/casadecampoliving.com\/wp-content\/uploads\/2023\/07\/Kay_Kamakhya_Latin_American_Fashion_Awards.jpg?resize=200%2C300&amp;ssl=1 200w, https:\/\/i0.wp.com\/casadecampoliving.com\/wp-content\/uploads\/2023\/07\/Kay_Kamakhya_Latin_American_Fashion_Awards.jpg?resize=768%2C1152&amp;ssl=1 768w, https:\/\/i0.wp.com\/casadecampoliving.com\/wp-content\/uploads\/2023\/07\/Kay_Kamakhya_Latin_American_Fashion_Awards.jpg?resize=400%2C600&amp;ssl=1 400w, https:\/\/i0.wp.com\/casadecampoliving.com\/wp-content\/uploads\/2023\/07\/Kay_Kamakhya_Latin_American_Fashion_Awards.jpg?resize=150%2C225&amp;ssl=1 150w, https:\/\/i0.wp.com\/casadecampoliving.com\/wp-content\/uploads\/2023\/07\/Kay_Kamakhya_Latin_American_Fashion_Awards.jpg?w=800&amp;ssl=1 800w, https:\/\/i0.wp.com\/casadecampoliving.com\/wp-content\/uploads\/2023\/07\/Kay_Kamakhya_Latin_American_Fashion_Awards-683x1024.jpg?w=370&amp;ssl=1 370w\" sizes=\"auto, (max-width: 683px) 100vw, 683px\" \/><\/figure>\n\n\n\n<figure class=\"wp-block-image size-large\"><img data-recalc-dims=\"1\" loading=\"lazy\" decoding=\"async\" width=\"683\" height=\"1024\" data-id=\"519884\" src=\"https:\/\/i0.wp.com\/casadecampoliving.com\/wp-content\/uploads\/2023\/07\/Giorgio_Ciccone_Latin_American_Fashion_Awards.jpg?resize=683%2C1024&#038;ssl=1\" alt=\"\" class=\"wp-image-519884\" srcset=\"https:\/\/i0.wp.com\/casadecampoliving.com\/wp-content\/uploads\/2023\/07\/Giorgio_Ciccone_Latin_American_Fashion_Awards.jpg?resize=683%2C1024&amp;ssl=1 683w, https:\/\/i0.wp.com\/casadecampoliving.com\/wp-content\/uploads\/2023\/07\/Giorgio_Ciccone_Latin_American_Fashion_Awards.jpg?resize=200%2C300&amp;ssl=1 200w, https:\/\/i0.wp.com\/casadecampoliving.com\/wp-content\/uploads\/2023\/07\/Giorgio_Ciccone_Latin_American_Fashion_Awards.jpg?resize=768%2C1152&amp;ssl=1 768w, https:\/\/i0.wp.com\/casadecampoliving.com\/wp-content\/uploads\/2023\/07\/Giorgio_Ciccone_Latin_American_Fashion_Awards.jpg?resize=400%2C600&amp;ssl=1 400w, https:\/\/i0.wp.com\/casadecampoliving.com\/wp-content\/uploads\/2023\/07\/Giorgio_Ciccone_Latin_American_Fashion_Awards.jpg?resize=150%2C225&amp;ssl=1 150w, https:\/\/i0.wp.com\/casadecampoliving.com\/wp-content\/uploads\/2023\/07\/Giorgio_Ciccone_Latin_American_Fashion_Awards.jpg?w=800&amp;ssl=1 800w, https:\/\/i0.wp.com\/casadecampoliving.com\/wp-content\/uploads\/2023\/07\/Giorgio_Ciccone_Latin_American_Fashion_Awards-683x1024.jpg?w=370&amp;ssl=1 370w\" sizes=\"auto, (max-width: 683px) 100vw, 683px\" \/><\/figure>\n\n\n\n<figure class=\"wp-block-image size-large\"><img data-recalc-dims=\"1\" loading=\"lazy\" decoding=\"async\" width=\"683\" height=\"1024\" data-id=\"519942\" src=\"https:\/\/i0.wp.com\/casadecampoliving.com\/wp-content\/uploads\/2023\/07\/Carolina_Bunster_Constanza_Etro_Cecilia_Karen_Daccarett.jpg?resize=683%2C1024&#038;ssl=1\" alt=\"\" class=\"wp-image-519942\" srcset=\"https:\/\/i0.wp.com\/casadecampoliving.com\/wp-content\/uploads\/2023\/07\/Carolina_Bunster_Constanza_Etro_Cecilia_Karen_Daccarett.jpg?resize=683%2C1024&amp;ssl=1 683w, https:\/\/i0.wp.com\/casadecampoliving.com\/wp-content\/uploads\/2023\/07\/Carolina_Bunster_Constanza_Etro_Cecilia_Karen_Daccarett.jpg?resize=200%2C300&amp;ssl=1 200w, https:\/\/i0.wp.com\/casadecampoliving.com\/wp-content\/uploads\/2023\/07\/Carolina_Bunster_Constanza_Etro_Cecilia_Karen_Daccarett.jpg?resize=768%2C1152&amp;ssl=1 768w, https:\/\/i0.wp.com\/casadecampoliving.com\/wp-content\/uploads\/2023\/07\/Carolina_Bunster_Constanza_Etro_Cecilia_Karen_Daccarett.jpg?resize=400%2C600&amp;ssl=1 400w, https:\/\/i0.wp.com\/casadecampoliving.com\/wp-content\/uploads\/2023\/07\/Carolina_Bunster_Constanza_Etro_Cecilia_Karen_Daccarett.jpg?resize=150%2C225&amp;ssl=1 150w, https:\/\/i0.wp.com\/casadecampoliving.com\/wp-content\/uploads\/2023\/07\/Carolina_Bunster_Constanza_Etro_Cecilia_Karen_Daccarett.jpg?w=800&amp;ssl=1 800w, https:\/\/i0.wp.com\/casadecampoliving.com\/wp-content\/uploads\/2023\/07\/Carolina_Bunster_Constanza_Etro_Cecilia_Karen_Daccarett-683x1024.jpg?w=370&amp;ssl=1 370w\" sizes=\"auto, (max-width: 683px) 100vw, 683px\" \/><\/figure>\n\n\n\n<figure class=\"wp-block-image size-large\"><img data-recalc-dims=\"1\" loading=\"lazy\" decoding=\"async\" width=\"683\" height=\"1024\" data-id=\"519896\" src=\"https:\/\/i0.wp.com\/casadecampoliving.com\/wp-content\/uploads\/2023\/07\/Alex_Sanchez_De_Mora_Latin_American_Fashion_Awards.jpg?resize=683%2C1024&#038;ssl=1\" alt=\"\" class=\"wp-image-519896\" srcset=\"https:\/\/i0.wp.com\/casadecampoliving.com\/wp-content\/uploads\/2023\/07\/Alex_Sanchez_De_Mora_Latin_American_Fashion_Awards.jpg?resize=683%2C1024&amp;ssl=1 683w, https:\/\/i0.wp.com\/casadecampoliving.com\/wp-content\/uploads\/2023\/07\/Alex_Sanchez_De_Mora_Latin_American_Fashion_Awards.jpg?resize=200%2C300&amp;ssl=1 200w, https:\/\/i0.wp.com\/casadecampoliving.com\/wp-content\/uploads\/2023\/07\/Alex_Sanchez_De_Mora_Latin_American_Fashion_Awards.jpg?resize=768%2C1152&amp;ssl=1 768w, https:\/\/i0.wp.com\/casadecampoliving.com\/wp-content\/uploads\/2023\/07\/Alex_Sanchez_De_Mora_Latin_American_Fashion_Awards.jpg?resize=400%2C600&amp;ssl=1 400w, https:\/\/i0.wp.com\/casadecampoliving.com\/wp-content\/uploads\/2023\/07\/Alex_Sanchez_De_Mora_Latin_American_Fashion_Awards.jpg?resize=150%2C225&amp;ssl=1 150w, https:\/\/i0.wp.com\/casadecampoliving.com\/wp-content\/uploads\/2023\/07\/Alex_Sanchez_De_Mora_Latin_American_Fashion_Awards.jpg?w=800&amp;ssl=1 800w, https:\/\/i0.wp.com\/casadecampoliving.com\/wp-content\/uploads\/2023\/07\/Alex_Sanchez_De_Mora_Latin_American_Fashion_Awards-683x1024.jpg?w=370&amp;ssl=1 370w\" sizes=\"auto, (max-width: 683px) 100vw, 683px\" \/><\/figure>\n<\/figure>\n","protected":false},"excerpt":{"rendered":"<p>El mes pasado se llev\u00f3 a cabo el lanzamiento internacional de los Latin American Fashion Awards. Estos premios, fundados por Constanza Etro y Silvia Arg\u00fcello, tienen como objetivo reconocer y mostrar el talento de los dise\u00f1adores de moda latinoamericanos en todo el mundo. La gran celebraci\u00f3n ocurri\u00f3 el 18 de junio de 2023, en la [&hellip;]<\/p>\n","protected":false},"author":36791,"featured_media":519943,"comment_status":"closed","ping_status":"closed","sticky":false,"template":"","format":"standard","meta":{"newspack_ads_suppress_ads":false,"newspack_popups_has_disabled_popups":false,"newspack_sponsor_sponsorship_scope":"","newspack_sponsor_native_byline_display":"inherit","newspack_sponsor_native_category_display":"inherit","newspack_sponsor_underwriter_style":"inherit","newspack_sponsor_underwriter_placement":"inherit","_newspack_byline_active":false,"_newspack_byline":"","newspack_hide_updated_date":false,"newspack_show_updated_date":false,"newspack_content_restriction_is_exempt":false,"newspack_featured_image_position":"beside","newspack_post_subtitle":"Los premios se llevar\u00e1n a cabo en el Anfiteatro Altos de Chav\u00f3n en Casa de Campo, del 2 al 5 de noviembre de 2023","newspack_article_summary_title":"Overview:","newspack_article_summary":"","_jetpack_memberships_contains_paid_content":false,"footnotes":"","jetpack_publicize_message":"","jetpack_publicize_feature_enabled":true,"jetpack_social_post_already_shared":true,"jetpack_social_options":{"image_generator_settings":{"template":"highway","default_image_id":0,"font":"","enabled":false},"version":2},"_wpas_customize_per_network":false},"categories":[26392,2522,2523,14627],"tags":[15387,27100,2545,23815,14736,15091],"newspack_spnsrs_tax":[],"class_list":["post-519956","post","type-post","status-publish","format-standard","has-post-thumbnail","hentry","category-casa-de-campo-resort-villas","category-eventos-es","category-moda-es","category-proximamente","tag-altos-de-chavon-es","tag-altos-de-chavon-es-7","tag-anfiteatro-de-altos-de-chavon","tag-casa-de-campo-es-17","tag-featured-topview-es","tag-proximamente","entry"],"yoast_head":"<!-- This site is optimized with the Yoast SEO plugin v27.5 - https:\/\/yoast.com\/product\/yoast-seo-wordpress\/ -->\n<title>Los Premios de la Moda Latinoamericana celebran su lanzamiento internacional en Mil\u00e1n | Casa de Campo Living<\/title>\n<meta name=\"description\" content=\"El mes pasado se llev\u00f3 a cabo el lanzamiento internacional de los Latin American Fashion Awards. Estos premios, fundados por Constanza Etro y Silvia\" \/>\n<meta name=\"robots\" content=\"index, follow, max-snippet:-1, max-image-preview:large, max-video-preview:-1\" \/>\n<link rel=\"canonical\" href=\"https:\/\/casadecampoliving.com\/es\/latin-american-fashion-awards-celebrates-international-launch-in-milan\/\" \/>\n<meta property=\"og:locale\" content=\"es_ES\" \/>\n<meta property=\"og:type\" content=\"article\" \/>\n<meta property=\"og:title\" content=\"Los Premios de la Moda Latinoamericana celebran su lanzamiento internacional en Mil\u00e1n | Casa de Campo Living\" \/>\n<meta property=\"og:description\" content=\"El mes pasado se llev\u00f3 a cabo el lanzamiento internacional de los Latin American Fashion Awards. Estos premios, fundados por Constanza Etro y Silvia\" \/>\n<meta property=\"og:url\" content=\"https:\/\/casadecampoliving.com\/es\/latin-american-fashion-awards-celebrates-international-launch-in-milan\/\" \/>\n<meta property=\"og:site_name\" content=\"Casa de Campo Living\" \/>\n<meta property=\"article:publisher\" content=\"https:\/\/www.facebook.com\/casadecampoliving\" \/>\n<meta property=\"article:published_time\" content=\"2023-07-19T21:02:34+00:00\" \/>\n<meta property=\"article:modified_time\" content=\"2023-07-27T15:30:14+00:00\" \/>\n<meta property=\"og:image\" content=\"https:\/\/casadecampoliving.com\/wp-content\/uploads\/2023\/07\/Carolina_Bunster_Constanza_Etro_Cecilia_Karen_Daccarett.jpg\" \/>\n\t<meta property=\"og:image:width\" content=\"800\" \/>\n\t<meta property=\"og:image:height\" content=\"1200\" \/>\n\t<meta property=\"og:image:type\" content=\"image\/jpeg\" \/>\n<meta name=\"author\" content=\"Casa de Campo Living\" \/>\n<meta name=\"twitter:card\" content=\"summary_large_image\" \/>\n<meta name=\"twitter:creator\" content=\"@cdcliving\" \/>\n<meta name=\"twitter:site\" content=\"@cdcliving\" \/>\n<meta name=\"twitter:label1\" content=\"Escrito por\" \/>\n\t<meta name=\"twitter:data1\" content=\"Casa de Campo Living\" \/>\n\t<meta name=\"twitter:label2\" content=\"Tiempo de lectura\" \/>\n\t<meta name=\"twitter:data2\" content=\"10 minutos\" \/>\n<script type=\"application\/ld+json\" class=\"yoast-schema-graph\">{\"@context\":\"https:\\\/\\\/schema.org\",\"@graph\":[{\"@type\":\"Article\",\"@id\":\"https:\\\/\\\/casadecampoliving.com\\\/es\\\/latin-american-fashion-awards-celebrates-international-launch-in-milan\\\/#article\",\"isPartOf\":{\"@id\":\"https:\\\/\\\/casadecampoliving.com\\\/es\\\/latin-american-fashion-awards-celebrates-international-launch-in-milan\\\/\"},\"author\":{\"name\":\"Casa de Campo Living\",\"@id\":\"https:\\\/\\\/casadecampoliving.com\\\/es\\\/#\\\/schema\\\/person\\\/5d2171637a9d11e0e43ce6b8555f9422\"},\"headline\":\"Los Premios de la Moda Latinoamericana celebran su lanzamiento internacional en Mil\u00e1n\",\"datePublished\":\"2023-07-19T21:02:34+00:00\",\"dateModified\":\"2023-07-27T15:30:14+00:00\",\"mainEntityOfPage\":{\"@id\":\"https:\\\/\\\/casadecampoliving.com\\\/es\\\/latin-american-fashion-awards-celebrates-international-launch-in-milan\\\/\"},\"wordCount\":531,\"publisher\":{\"@id\":\"https:\\\/\\\/casadecampoliving.com\\\/es\\\/#organization\"},\"image\":{\"@id\":\"https:\\\/\\\/casadecampoliving.com\\\/es\\\/latin-american-fashion-awards-celebrates-international-launch-in-milan\\\/#primaryimage\"},\"thumbnailUrl\":\"https:\\\/\\\/i0.wp.com\\\/casadecampoliving.com\\\/wp-content\\\/uploads\\\/2023\\\/07\\\/Carolina_Bunster_Constanza_Etro_Cecilia_Karen_Daccarett.jpg?fit=800%2C1200&ssl=1\",\"keywords\":[\"Altos de Chavon\",\"Altos de Chav\u00f3n @es\",\"anfiteatro de altos de chavon\",\"Casa de Campo\",\"Featured-TopView @es\",\"Proximamente\"],\"articleSection\":[\"Casa de Campo Resort &amp; Villas\",\"Eventos\",\"Moda\",\"Proximamente\"],\"inLanguage\":\"es\"},{\"@type\":\"WebPage\",\"@id\":\"https:\\\/\\\/casadecampoliving.com\\\/es\\\/latin-american-fashion-awards-celebrates-international-launch-in-milan\\\/\",\"url\":\"https:\\\/\\\/casadecampoliving.com\\\/es\\\/latin-american-fashion-awards-celebrates-international-launch-in-milan\\\/\",\"name\":\"Los Premios de la Moda Latinoamericana celebran su lanzamiento internacional en Mil\u00e1n | Casa de Campo Living\",\"isPartOf\":{\"@id\":\"https:\\\/\\\/casadecampoliving.com\\\/es\\\/#website\"},\"primaryImageOfPage\":{\"@id\":\"https:\\\/\\\/casadecampoliving.com\\\/es\\\/latin-american-fashion-awards-celebrates-international-launch-in-milan\\\/#primaryimage\"},\"image\":{\"@id\":\"https:\\\/\\\/casadecampoliving.com\\\/es\\\/latin-american-fashion-awards-celebrates-international-launch-in-milan\\\/#primaryimage\"},\"thumbnailUrl\":\"https:\\\/\\\/i0.wp.com\\\/casadecampoliving.com\\\/wp-content\\\/uploads\\\/2023\\\/07\\\/Carolina_Bunster_Constanza_Etro_Cecilia_Karen_Daccarett.jpg?fit=800%2C1200&ssl=1\",\"datePublished\":\"2023-07-19T21:02:34+00:00\",\"dateModified\":\"2023-07-27T15:30:14+00:00\",\"description\":\"El mes pasado se llev\u00f3 a cabo el lanzamiento internacional de los Latin American Fashion Awards. Estos premios, fundados por Constanza Etro y Silvia\",\"breadcrumb\":{\"@id\":\"https:\\\/\\\/casadecampoliving.com\\\/es\\\/latin-american-fashion-awards-celebrates-international-launch-in-milan\\\/#breadcrumb\"},\"inLanguage\":\"es\",\"potentialAction\":[{\"@type\":\"ReadAction\",\"target\":[\"https:\\\/\\\/casadecampoliving.com\\\/es\\\/latin-american-fashion-awards-celebrates-international-launch-in-milan\\\/\"]}]},{\"@type\":\"ImageObject\",\"inLanguage\":\"es\",\"@id\":\"https:\\\/\\\/casadecampoliving.com\\\/es\\\/latin-american-fashion-awards-celebrates-international-launch-in-milan\\\/#primaryimage\",\"url\":\"https:\\\/\\\/i0.wp.com\\\/casadecampoliving.com\\\/wp-content\\\/uploads\\\/2023\\\/07\\\/Carolina_Bunster_Constanza_Etro_Cecilia_Karen_Daccarett.jpg?fit=800%2C1200&ssl=1\",\"contentUrl\":\"https:\\\/\\\/i0.wp.com\\\/casadecampoliving.com\\\/wp-content\\\/uploads\\\/2023\\\/07\\\/Carolina_Bunster_Constanza_Etro_Cecilia_Karen_Daccarett.jpg?fit=800%2C1200&ssl=1\",\"width\":800,\"height\":1200},{\"@type\":\"BreadcrumbList\",\"@id\":\"https:\\\/\\\/casadecampoliving.com\\\/es\\\/latin-american-fashion-awards-celebrates-international-launch-in-milan\\\/#breadcrumb\",\"itemListElement\":[{\"@type\":\"ListItem\",\"position\":1,\"name\":\"Home\",\"item\":\"https:\\\/\\\/casadecampoliving.com\\\/es\\\/\"},{\"@type\":\"ListItem\",\"position\":2,\"name\":\"Los Premios de la Moda Latinoamericana celebran su lanzamiento internacional en Mil\u00e1n\"}]},{\"@type\":\"WebSite\",\"@id\":\"https:\\\/\\\/casadecampoliving.com\\\/es\\\/#website\",\"url\":\"https:\\\/\\\/casadecampoliving.com\\\/es\\\/\",\"name\":\"Casa de Campo Living\",\"description\":\"Resort community news and resources.\",\"publisher\":{\"@id\":\"https:\\\/\\\/casadecampoliving.com\\\/es\\\/#organization\"},\"potentialAction\":[{\"@type\":\"SearchAction\",\"target\":{\"@type\":\"EntryPoint\",\"urlTemplate\":\"https:\\\/\\\/casadecampoliving.com\\\/es\\\/?s={search_term_string}\"},\"query-input\":{\"@type\":\"PropertyValueSpecification\",\"valueRequired\":true,\"valueName\":\"search_term_string\"}}],\"inLanguage\":\"es\"},{\"@type\":\"Organization\",\"@id\":\"https:\\\/\\\/casadecampoliving.com\\\/es\\\/#organization\",\"name\":\"Casa de Campo Living\",\"url\":\"https:\\\/\\\/casadecampoliving.com\\\/es\\\/\",\"logo\":{\"@type\":\"ImageObject\",\"inLanguage\":\"es\",\"@id\":\"https:\\\/\\\/casadecampoliving.com\\\/es\\\/#\\\/schema\\\/logo\\\/image\\\/\",\"url\":\"https:\\\/\\\/i0.wp.com\\\/casadecampoliving.com\\\/wp-content\\\/uploads\\\/2022\\\/07\\\/CDCLivingLogo_V1-white-sized.png?fit=800%2C214&ssl=1\",\"contentUrl\":\"https:\\\/\\\/i0.wp.com\\\/casadecampoliving.com\\\/wp-content\\\/uploads\\\/2022\\\/07\\\/CDCLivingLogo_V1-white-sized.png?fit=800%2C214&ssl=1\",\"width\":800,\"height\":214,\"caption\":\"Casa de Campo Living\"},\"image\":{\"@id\":\"https:\\\/\\\/casadecampoliving.com\\\/es\\\/#\\\/schema\\\/logo\\\/image\\\/\"},\"sameAs\":[\"https:\\\/\\\/www.facebook.com\\\/casadecampoliving\",\"https:\\\/\\\/x.com\\\/cdcliving\"]},{\"@type\":\"Person\",\"@id\":\"https:\\\/\\\/casadecampoliving.com\\\/es\\\/#\\\/schema\\\/person\\\/5d2171637a9d11e0e43ce6b8555f9422\",\"name\":\"Casa de Campo Living\",\"image\":{\"@type\":\"ImageObject\",\"inLanguage\":\"es\",\"@id\":\"https:\\\/\\\/secure.gravatar.com\\\/avatar\\\/d04101fa4a9fd431e939953b1500fdc7a73cd35029f86d98712fd8ccdaebaf9a?s=96&d=mm&r=g\",\"url\":\"https:\\\/\\\/secure.gravatar.com\\\/avatar\\\/d04101fa4a9fd431e939953b1500fdc7a73cd35029f86d98712fd8ccdaebaf9a?s=96&d=mm&r=g\",\"contentUrl\":\"https:\\\/\\\/secure.gravatar.com\\\/avatar\\\/d04101fa4a9fd431e939953b1500fdc7a73cd35029f86d98712fd8ccdaebaf9a?s=96&d=mm&r=g\",\"caption\":\"Casa de Campo Living\"},\"url\":\"https:\\\/\\\/casadecampoliving.com\\\/es\\\/author\\\/casa-de-campo-living\\\/\"}]}<\/script>\n<!-- \/ Yoast SEO plugin. -->","yoast_head_json":{"title":"Los Premios de la Moda Latinoamericana celebran su lanzamiento internacional en Mil\u00e1n | Casa de Campo Living","description":"El mes pasado se llev\u00f3 a cabo el lanzamiento internacional de los Latin American Fashion Awards. Estos premios, fundados por Constanza Etro y Silvia","robots":{"index":"index","follow":"follow","max-snippet":"max-snippet:-1","max-image-preview":"max-image-preview:large","max-video-preview":"max-video-preview:-1"},"canonical":"https:\/\/casadecampoliving.com\/es\/latin-american-fashion-awards-celebrates-international-launch-in-milan\/","og_locale":"es_ES","og_type":"article","og_title":"Los Premios de la Moda Latinoamericana celebran su lanzamiento internacional en Mil\u00e1n | Casa de Campo Living","og_description":"El mes pasado se llev\u00f3 a cabo el lanzamiento internacional de los Latin American Fashion Awards. Estos premios, fundados por Constanza Etro y Silvia","og_url":"https:\/\/casadecampoliving.com\/es\/latin-american-fashion-awards-celebrates-international-launch-in-milan\/","og_site_name":"Casa de Campo Living","article_publisher":"https:\/\/www.facebook.com\/casadecampoliving","article_published_time":"2023-07-19T21:02:34+00:00","article_modified_time":"2023-07-27T15:30:14+00:00","og_image":[{"width":800,"height":1200,"url":"https:\/\/casadecampoliving.com\/wp-content\/uploads\/2023\/07\/Carolina_Bunster_Constanza_Etro_Cecilia_Karen_Daccarett.jpg","type":"image\/jpeg"}],"author":"Casa de Campo Living","twitter_card":"summary_large_image","twitter_creator":"@cdcliving","twitter_site":"@cdcliving","twitter_misc":{"Escrito por":"Casa de Campo Living","Tiempo de lectura":"10 minutos"},"schema":{"@context":"https:\/\/schema.org","@graph":[{"@type":"Article","@id":"https:\/\/casadecampoliving.com\/es\/latin-american-fashion-awards-celebrates-international-launch-in-milan\/#article","isPartOf":{"@id":"https:\/\/casadecampoliving.com\/es\/latin-american-fashion-awards-celebrates-international-launch-in-milan\/"},"author":{"name":"Casa de Campo Living","@id":"https:\/\/casadecampoliving.com\/es\/#\/schema\/person\/5d2171637a9d11e0e43ce6b8555f9422"},"headline":"Los Premios de la Moda Latinoamericana celebran su lanzamiento internacional en Mil\u00e1n","datePublished":"2023-07-19T21:02:34+00:00","dateModified":"2023-07-27T15:30:14+00:00","mainEntityOfPage":{"@id":"https:\/\/casadecampoliving.com\/es\/latin-american-fashion-awards-celebrates-international-launch-in-milan\/"},"wordCount":531,"publisher":{"@id":"https:\/\/casadecampoliving.com\/es\/#organization"},"image":{"@id":"https:\/\/casadecampoliving.com\/es\/latin-american-fashion-awards-celebrates-international-launch-in-milan\/#primaryimage"},"thumbnailUrl":"https:\/\/i0.wp.com\/casadecampoliving.com\/wp-content\/uploads\/2023\/07\/Carolina_Bunster_Constanza_Etro_Cecilia_Karen_Daccarett.jpg?fit=800%2C1200&ssl=1","keywords":["Altos de Chavon","Altos de Chav\u00f3n @es","anfiteatro de altos de chavon","Casa de Campo","Featured-TopView @es","Proximamente"],"articleSection":["Casa de Campo Resort &amp; Villas","Eventos","Moda","Proximamente"],"inLanguage":"es"},{"@type":"WebPage","@id":"https:\/\/casadecampoliving.com\/es\/latin-american-fashion-awards-celebrates-international-launch-in-milan\/","url":"https:\/\/casadecampoliving.com\/es\/latin-american-fashion-awards-celebrates-international-launch-in-milan\/","name":"Los Premios de la Moda Latinoamericana celebran su lanzamiento internacional en Mil\u00e1n | Casa de Campo Living","isPartOf":{"@id":"https:\/\/casadecampoliving.com\/es\/#website"},"primaryImageOfPage":{"@id":"https:\/\/casadecampoliving.com\/es\/latin-american-fashion-awards-celebrates-international-launch-in-milan\/#primaryimage"},"image":{"@id":"https:\/\/casadecampoliving.com\/es\/latin-american-fashion-awards-celebrates-international-launch-in-milan\/#primaryimage"},"thumbnailUrl":"https:\/\/i0.wp.com\/casadecampoliving.com\/wp-content\/uploads\/2023\/07\/Carolina_Bunster_Constanza_Etro_Cecilia_Karen_Daccarett.jpg?fit=800%2C1200&ssl=1","datePublished":"2023-07-19T21:02:34+00:00","dateModified":"2023-07-27T15:30:14+00:00","description":"El mes pasado se llev\u00f3 a cabo el lanzamiento internacional de los Latin American Fashion Awards. Estos premios, fundados por Constanza Etro y Silvia","breadcrumb":{"@id":"https:\/\/casadecampoliving.com\/es\/latin-american-fashion-awards-celebrates-international-launch-in-milan\/#breadcrumb"},"inLanguage":"es","potentialAction":[{"@type":"ReadAction","target":["https:\/\/casadecampoliving.com\/es\/latin-american-fashion-awards-celebrates-international-launch-in-milan\/"]}]},{"@type":"ImageObject","inLanguage":"es","@id":"https:\/\/casadecampoliving.com\/es\/latin-american-fashion-awards-celebrates-international-launch-in-milan\/#primaryimage","url":"https:\/\/i0.wp.com\/casadecampoliving.com\/wp-content\/uploads\/2023\/07\/Carolina_Bunster_Constanza_Etro_Cecilia_Karen_Daccarett.jpg?fit=800%2C1200&ssl=1","contentUrl":"https:\/\/i0.wp.com\/casadecampoliving.com\/wp-content\/uploads\/2023\/07\/Carolina_Bunster_Constanza_Etro_Cecilia_Karen_Daccarett.jpg?fit=800%2C1200&ssl=1","width":800,"height":1200},{"@type":"BreadcrumbList","@id":"https:\/\/casadecampoliving.com\/es\/latin-american-fashion-awards-celebrates-international-launch-in-milan\/#breadcrumb","itemListElement":[{"@type":"ListItem","position":1,"name":"Home","item":"https:\/\/casadecampoliving.com\/es\/"},{"@type":"ListItem","position":2,"name":"Los Premios de la Moda Latinoamericana celebran su lanzamiento internacional en Mil\u00e1n"}]},{"@type":"WebSite","@id":"https:\/\/casadecampoliving.com\/es\/#website","url":"https:\/\/casadecampoliving.com\/es\/","name":"Casa de Campo Living","description":"Resort community news and resources.","publisher":{"@id":"https:\/\/casadecampoliving.com\/es\/#organization"},"potentialAction":[{"@type":"SearchAction","target":{"@type":"EntryPoint","urlTemplate":"https:\/\/casadecampoliving.com\/es\/?s={search_term_string}"},"query-input":{"@type":"PropertyValueSpecification","valueRequired":true,"valueName":"search_term_string"}}],"inLanguage":"es"},{"@type":"Organization","@id":"https:\/\/casadecampoliving.com\/es\/#organization","name":"Casa de Campo Living","url":"https:\/\/casadecampoliving.com\/es\/","logo":{"@type":"ImageObject","inLanguage":"es","@id":"https:\/\/casadecampoliving.com\/es\/#\/schema\/logo\/image\/","url":"https:\/\/i0.wp.com\/casadecampoliving.com\/wp-content\/uploads\/2022\/07\/CDCLivingLogo_V1-white-sized.png?fit=800%2C214&ssl=1","contentUrl":"https:\/\/i0.wp.com\/casadecampoliving.com\/wp-content\/uploads\/2022\/07\/CDCLivingLogo_V1-white-sized.png?fit=800%2C214&ssl=1","width":800,"height":214,"caption":"Casa de Campo Living"},"image":{"@id":"https:\/\/casadecampoliving.com\/es\/#\/schema\/logo\/image\/"},"sameAs":["https:\/\/www.facebook.com\/casadecampoliving","https:\/\/x.com\/cdcliving"]},{"@type":"Person","@id":"https:\/\/casadecampoliving.com\/es\/#\/schema\/person\/5d2171637a9d11e0e43ce6b8555f9422","name":"Casa de Campo Living","image":{"@type":"ImageObject","inLanguage":"es","@id":"https:\/\/secure.gravatar.com\/avatar\/d04101fa4a9fd431e939953b1500fdc7a73cd35029f86d98712fd8ccdaebaf9a?s=96&d=mm&r=g","url":"https:\/\/secure.gravatar.com\/avatar\/d04101fa4a9fd431e939953b1500fdc7a73cd35029f86d98712fd8ccdaebaf9a?s=96&d=mm&r=g","contentUrl":"https:\/\/secure.gravatar.com\/avatar\/d04101fa4a9fd431e939953b1500fdc7a73cd35029f86d98712fd8ccdaebaf9a?s=96&d=mm&r=g","caption":"Casa de Campo Living"},"url":"https:\/\/casadecampoliving.com\/es\/author\/casa-de-campo-living\/"}]}},"parsely":{"version":"1.1.0","canonical_url":"https:\/\/casadecampoliving.com\/es\/latin-american-fashion-awards-celebrates-international-launch-in-milan\/","smart_links":{"inbound":0,"outbound":0},"traffic_boost_suggestions_count":0,"meta":{"@context":"https:\/\/schema.org","@type":"NewsArticle","headline":"Los Premios de la Moda Latinoamericana celebran su lanzamiento internacional en Mil\u00e1n","url":"http:\/\/casadecampoliving.com\/es\/latin-american-fashion-awards-celebrates-international-launch-in-milan\/","mainEntityOfPage":{"@type":"WebPage","@id":"http:\/\/casadecampoliving.com\/es\/latin-american-fashion-awards-celebrates-international-launch-in-milan\/"},"thumbnailUrl":"https:\/\/i0.wp.com\/casadecampoliving.com\/wp-content\/uploads\/2023\/07\/Carolina_Bunster_Constanza_Etro_Cecilia_Karen_Daccarett.jpg?resize=150%2C150&ssl=1","image":{"@type":"ImageObject","url":"https:\/\/i0.wp.com\/casadecampoliving.com\/wp-content\/uploads\/2023\/07\/Carolina_Bunster_Constanza_Etro_Cecilia_Karen_Daccarett.jpg?fit=800%2C1200&ssl=1"},"articleSection":"Casa de Campo Resort &amp; Villas","author":[{"@type":"Person","name":"Casa de Campo Living"}],"creator":["Casa de Campo Living"],"publisher":{"@type":"Organization","name":"Casa de Campo Living","logo":"https:\/\/casadecampoliving.com\/wp-content\/uploads\/2022\/07\/CDCLivingLogo_V1-white-sized.png"},"keywords":["altos de chavon","altos de chav\u00f3n @es","anfiteatro de altos de chavon","casa de campo","featured-topview @es","proximamente"],"dateCreated":"2023-07-19T21:02:34Z","datePublished":"2023-07-19T21:02:34Z","dateModified":"2023-07-27T15:30:14Z"},"rendered":"<script type=\"application\/ld+json\" class=\"wp-parsely-metadata\">{\"@context\":\"https:\\\/\\\/schema.org\",\"@type\":\"NewsArticle\",\"headline\":\"Los Premios de la Moda Latinoamericana celebran su lanzamiento internacional en Mil\\u00e1n\",\"url\":\"http:\\\/\\\/casadecampoliving.com\\\/es\\\/latin-american-fashion-awards-celebrates-international-launch-in-milan\\\/\",\"mainEntityOfPage\":{\"@type\":\"WebPage\",\"@id\":\"http:\\\/\\\/casadecampoliving.com\\\/es\\\/latin-american-fashion-awards-celebrates-international-launch-in-milan\\\/\"},\"thumbnailUrl\":\"https:\\\/\\\/i0.wp.com\\\/casadecampoliving.com\\\/wp-content\\\/uploads\\\/2023\\\/07\\\/Carolina_Bunster_Constanza_Etro_Cecilia_Karen_Daccarett.jpg?resize=150%2C150&ssl=1\",\"image\":{\"@type\":\"ImageObject\",\"url\":\"https:\\\/\\\/i0.wp.com\\\/casadecampoliving.com\\\/wp-content\\\/uploads\\\/2023\\\/07\\\/Carolina_Bunster_Constanza_Etro_Cecilia_Karen_Daccarett.jpg?fit=800%2C1200&ssl=1\"},\"articleSection\":\"Casa de Campo Resort &amp; Villas\",\"author\":[{\"@type\":\"Person\",\"name\":\"Casa de Campo Living\"}],\"creator\":[\"Casa de Campo Living\"],\"publisher\":{\"@type\":\"Organization\",\"name\":\"Casa de Campo Living\",\"logo\":\"https:\\\/\\\/casadecampoliving.com\\\/wp-content\\\/uploads\\\/2022\\\/07\\\/CDCLivingLogo_V1-white-sized.png\"},\"keywords\":[\"altos de chavon\",\"altos de chav\\u00f3n @es\",\"anfiteatro de altos de chavon\",\"casa de campo\",\"featured-topview @es\",\"proximamente\"],\"dateCreated\":\"2023-07-19T21:02:34Z\",\"datePublished\":\"2023-07-19T21:02:34Z\",\"dateModified\":\"2023-07-27T15:30:14Z\"}<\/script>","tracker_url":"https:\/\/cdn.parsely.com\/keys\/casadecampoliving.com\/p.js"},"jetpack_publicize_connections":[],"jetpack_featured_media_url":"https:\/\/i0.wp.com\/casadecampoliving.com\/wp-content\/uploads\/2023\/07\/Carolina_Bunster_Constanza_Etro_Cecilia_Karen_Daccarett.jpg?fit=800%2C1200&ssl=1","jetpack-related-posts":[{"id":433460,"url":"https:\/\/casadecampoliving.com\/es\/no-se-pierdan-el-increible-tributo-a-frank-sinatra-para-celebrar-el-40-aniversario-del-anfiteatro-altos-de-chavon\/","url_meta":{"origin":519956,"position":0},"title":"No se pierdan el incre\u00edble tributo a Frank Sinatra para celebrar el 40 aniversario del\u00a0Anfiteatro Altos de Chav\u00f3n","author":"Casa de Campo Living","date":"20 Oct, 2022","format":false,"excerpt":"Siendo uno de los escenarios m\u00e1s emblem\u00e1ticos del pa\u00eds, Casa de Campo Resort\u00ae & Villas celebra las cuatro d\u00e9cadas de aniversario de Altos de Chav\u00f3n con un tributo al gran Frank Sinatra, protagonizado por artistas invitados y una big band tal cual la que acompa\u00f1\u00f3 al artista hace 40 a\u00f1os\u2026","rel":"","context":"En \u00abUncategorized @es\u00bb","block_context":{"text":"Uncategorized @es","link":"https:\/\/casadecampoliving.com\/es\/category\/uncategorized-es\/"},"img":{"alt_text":"","src":"https:\/\/i0.wp.com\/casadecampoliving.com\/wp-content\/uploads\/2022\/10\/Tributo-Frank-Sinatra-Foto-Principal-Amaury-Sanchez-Danilo-Ginebra-Andres-Pichardo-y-Jose-Gabriel-Perez-.jpg?fit=1200%2C873&ssl=1&resize=350%2C200","width":350,"height":200,"srcset":"https:\/\/i0.wp.com\/casadecampoliving.com\/wp-content\/uploads\/2022\/10\/Tributo-Frank-Sinatra-Foto-Principal-Amaury-Sanchez-Danilo-Ginebra-Andres-Pichardo-y-Jose-Gabriel-Perez-.jpg?fit=1200%2C873&ssl=1&resize=350%2C200 1x, https:\/\/i0.wp.com\/casadecampoliving.com\/wp-content\/uploads\/2022\/10\/Tributo-Frank-Sinatra-Foto-Principal-Amaury-Sanchez-Danilo-Ginebra-Andres-Pichardo-y-Jose-Gabriel-Perez-.jpg?fit=1200%2C873&ssl=1&resize=525%2C300 1.5x, https:\/\/i0.wp.com\/casadecampoliving.com\/wp-content\/uploads\/2022\/10\/Tributo-Frank-Sinatra-Foto-Principal-Amaury-Sanchez-Danilo-Ginebra-Andres-Pichardo-y-Jose-Gabriel-Perez-.jpg?fit=1200%2C873&ssl=1&resize=700%2C400 2x, https:\/\/i0.wp.com\/casadecampoliving.com\/wp-content\/uploads\/2022\/10\/Tributo-Frank-Sinatra-Foto-Principal-Amaury-Sanchez-Danilo-Ginebra-Andres-Pichardo-y-Jose-Gabriel-Perez-.jpg?fit=1200%2C873&ssl=1&resize=1050%2C600 3x"},"classes":[]},{"id":514418,"url":"https:\/\/casadecampoliving.com\/es\/experimente-el-brillo-y-el-glamour-de-los-primeros-latin-american-fashion-awards-en-casa-de-campo\/","url_meta":{"origin":519956,"position":1},"title":"Experimente el brillo y el glamour de los primeros Latin American Fashion Awards en Casa de Campo","author":"Casa de Campo Living","date":"15 Feb, 2023","format":false,"excerpt":"La primera edici\u00f3n de los Latin American Fashion Awards se llevar\u00e1 a cabo el 4 de noviembre de 2023 en el ic\u00f3nico Anfiteatro Altos de Chav\u00f3n en Casa de Campo, Rep\u00fablica Dominicana. Su misi\u00f3n es honrar la herencia de la regi\u00f3n, celebrar la diversidad y la inclusi\u00f3n, y reforzar el\u2026","rel":"","context":"En \u00abEstilo de Vida\u00bb","block_context":{"text":"Estilo de Vida","link":"https:\/\/casadecampoliving.com\/es\/category\/estilo-de-vida\/"},"img":{"alt_text":"","src":"https:\/\/i0.wp.com\/casadecampoliving.com\/wp-content\/uploads\/2023\/02\/Latin-American-Fashion-Awards-2.png?fit=1200%2C800&ssl=1&resize=350%2C200","width":350,"height":200,"srcset":"https:\/\/i0.wp.com\/casadecampoliving.com\/wp-content\/uploads\/2023\/02\/Latin-American-Fashion-Awards-2.png?fit=1200%2C800&ssl=1&resize=350%2C200 1x, https:\/\/i0.wp.com\/casadecampoliving.com\/wp-content\/uploads\/2023\/02\/Latin-American-Fashion-Awards-2.png?fit=1200%2C800&ssl=1&resize=525%2C300 1.5x, https:\/\/i0.wp.com\/casadecampoliving.com\/wp-content\/uploads\/2023\/02\/Latin-American-Fashion-Awards-2.png?fit=1200%2C800&ssl=1&resize=700%2C400 2x, https:\/\/i0.wp.com\/casadecampoliving.com\/wp-content\/uploads\/2023\/02\/Latin-American-Fashion-Awards-2.png?fit=1200%2C800&ssl=1&resize=1050%2C600 3x"},"classes":[]},{"id":524225,"url":"https:\/\/casadecampoliving.com\/es\/debut-de-los-latin-american-fashion-awards-en-el-anfiteatro-de-altos-de-chavon\/","url_meta":{"origin":519956,"position":2},"title":"Debut de los Latin American Fashion Awards en el Anfiteatro de Altos de Chav\u00f3n","author":"Casa de Campo Living","date":"9 Nov, 2023","format":false,"excerpt":"Los Latin American Fashion Awards, un evento de moda innovador fundado por las ic\u00f3nicas figuras de la moda latinoamericana Constanza Etro y Silvia Arg\u00fcello, dejaron su huella en la historia con su ceremonia inaugural en la Rep\u00fablica Dominicana. El evento tan esperado tuvo lugar en el ic\u00f3nico Anfiteatro de Altos\u2026","rel":"","context":"En \u00abAltos de Chav\u00f3n\u00bb","block_context":{"text":"Altos de Chav\u00f3n","link":"https:\/\/casadecampoliving.com\/es\/category\/altos-de-chavon-6\/"},"img":{"alt_text":"","src":"https:\/\/i0.wp.com\/casadecampoliving.com\/wp-content\/uploads\/2023\/11\/Latin-American-Fashion-Awards-Debut-20-scaled.jpg?fit=800%2C1200&ssl=1&resize=350%2C200","width":350,"height":200,"srcset":"https:\/\/i0.wp.com\/casadecampoliving.com\/wp-content\/uploads\/2023\/11\/Latin-American-Fashion-Awards-Debut-20-scaled.jpg?fit=800%2C1200&ssl=1&resize=350%2C200 1x, https:\/\/i0.wp.com\/casadecampoliving.com\/wp-content\/uploads\/2023\/11\/Latin-American-Fashion-Awards-Debut-20-scaled.jpg?fit=800%2C1200&ssl=1&resize=525%2C300 1.5x, https:\/\/i0.wp.com\/casadecampoliving.com\/wp-content\/uploads\/2023\/11\/Latin-American-Fashion-Awards-Debut-20-scaled.jpg?fit=800%2C1200&ssl=1&resize=700%2C400 2x"},"classes":[]},{"id":523029,"url":"https:\/\/casadecampoliving.com\/es\/j-balvin-encendera-el-escenario-en-la-primera-entrega-de-los-premios-de-la-moda-latinoamericana\/","url_meta":{"origin":519956,"position":3},"title":"J Balvin encender\u00e1 el escenario en la primera entrega de los Premios de la Moda Latinoamericana","author":"Casa de Campo Living","date":"12 Oct, 2023","format":false,"excerpt":"La primera entrega de los Premios de la Moda Latinoamericana, fundada por las ic\u00f3nicas figuras de la moda latinoamericana Constanza Etro y Silvia Arg\u00fcello, rendir\u00e1 homenaje a la influencia cultural y art\u00edstica del artista nacido en Colombia, J Balvin, nombr\u00e1ndolo \"\u00cdcono de la Moda Latina del A\u00f1o\". La ceremonia, programada\u2026","rel":"","context":"En \u00abCasa de Campo Resort &amp; Villas\u00bb","block_context":{"text":"Casa de Campo Resort &amp; Villas","link":"https:\/\/casadecampoliving.com\/es\/category\/casa-de-campo-resort-villas\/"},"img":{"alt_text":"","src":"https:\/\/i0.wp.com\/casadecampoliving.com\/wp-content\/uploads\/2023\/10\/J-BALVIN-x-Latin-American-Fashion-Awards_-1-scaled.jpg?fit=1200%2C1175&ssl=1&resize=350%2C200","width":350,"height":200,"srcset":"https:\/\/i0.wp.com\/casadecampoliving.com\/wp-content\/uploads\/2023\/10\/J-BALVIN-x-Latin-American-Fashion-Awards_-1-scaled.jpg?fit=1200%2C1175&ssl=1&resize=350%2C200 1x, https:\/\/i0.wp.com\/casadecampoliving.com\/wp-content\/uploads\/2023\/10\/J-BALVIN-x-Latin-American-Fashion-Awards_-1-scaled.jpg?fit=1200%2C1175&ssl=1&resize=525%2C300 1.5x, https:\/\/i0.wp.com\/casadecampoliving.com\/wp-content\/uploads\/2023\/10\/J-BALVIN-x-Latin-American-Fashion-Awards_-1-scaled.jpg?fit=1200%2C1175&ssl=1&resize=700%2C400 2x, https:\/\/i0.wp.com\/casadecampoliving.com\/wp-content\/uploads\/2023\/10\/J-BALVIN-x-Latin-American-Fashion-Awards_-1-scaled.jpg?fit=1200%2C1175&ssl=1&resize=1050%2C600 3x"},"classes":[]},{"id":348078,"url":"https:\/\/casadecampoliving.com\/es\/marina-spadafora-nueva-directora-de-diseno-de-modas-en-chavon\/","url_meta":{"origin":519956,"position":4},"title":"Marina Spadafora: Nueva Directora de Dise\u00f1o de Modas en Chav\u00f3n","author":"Perkin Agramonte","date":"21 Ago, 2015","format":false,"excerpt":"La Escuela de Dise\u00f1o Altos de Chav\u00f3n siempre se ha caracterizado por incluir dentro de su facultad una comunidad de dise\u00f1adores y artistas dedicados a la excelencia acad\u00e9mica, quienes logran ampliar la visi\u00f3n humana y creativa de los participantes, con la intenci\u00f3n de formar profesionales exitosos en un mundo cambiante\u2026","rel":"","context":"En \u00abAltos de Chavon @es\u00bb","block_context":{"text":"Altos de Chavon @es","link":"https:\/\/casadecampoliving.com\/category\/altos-de-chavon-es\/"},"img":{"alt_text":"","src":"https:\/\/i0.wp.com\/casadecampoliving.com\/wp-content\/uploads\/2022\/10\/Marina_Spafadora_Altos_de_Chavon-1.jpg?fit=650%2C400&ssl=1&resize=350%2C200","width":350,"height":200,"srcset":"https:\/\/i0.wp.com\/casadecampoliving.com\/wp-content\/uploads\/2022\/10\/Marina_Spafadora_Altos_de_Chavon-1.jpg?fit=650%2C400&ssl=1&resize=350%2C200 1x, https:\/\/i0.wp.com\/casadecampoliving.com\/wp-content\/uploads\/2022\/10\/Marina_Spafadora_Altos_de_Chavon-1.jpg?fit=650%2C400&ssl=1&resize=525%2C300 1.5x"},"classes":[]},{"id":345418,"url":"https:\/\/casadecampoliving.com\/es\/desfile-de-moda-en-altos-de-chavon\/","url_meta":{"origin":519956,"position":5},"title":"\u00bfDesfile de Moda en Altos de Chav\u00f3n?","author":"Daniela Medina","date":"24 Sep, 2014","format":false,"excerpt":"\u00bfHabr\u00e1 un desfile de modas pr\u00f3ximamente en Altos de Chav\u00f3n? Robert Garc\u00eda del Robert Garc\u00eda Sal\u00f3n en Altos de Chav\u00f3n, acaba de anunciar via Facebook que un desfile de modas vendr\u00e1 pr\u00f3ximamente a Altos de Chav\u00f3n. Mientras Robert Garc\u00eda y su equipo trabajan en los detalles, todo lo que podemos\u2026","rel":"","context":"En \u00abAltos de Chavon @es\u00bb","block_context":{"text":"Altos de Chavon @es","link":"https:\/\/casadecampoliving.com\/category\/altos-de-chavon-es\/"},"img":{"alt_text":"Fashion show Altos de Chav\u00f3n","src":"https:\/\/i0.wp.com\/casadecampoliving.com\/wp-content\/uploads\/2022\/10\/Fashion-show-Altos-de-Chavon-e1411396950222-1.png?fit=852%2C351&ssl=1&resize=350%2C200","width":350,"height":200,"srcset":"https:\/\/i0.wp.com\/casadecampoliving.com\/wp-content\/uploads\/2022\/10\/Fashion-show-Altos-de-Chavon-e1411396950222-1.png?fit=852%2C351&ssl=1&resize=350%2C200 1x, https:\/\/i0.wp.com\/casadecampoliving.com\/wp-content\/uploads\/2022\/10\/Fashion-show-Altos-de-Chavon-e1411396950222-1.png?fit=852%2C351&ssl=1&resize=525%2C300 1.5x, https:\/\/i0.wp.com\/casadecampoliving.com\/wp-content\/uploads\/2022\/10\/Fashion-show-Altos-de-Chavon-e1411396950222-1.png?fit=852%2C351&ssl=1&resize=700%2C400 2x"},"classes":[]}],"jetpack_sharing_enabled":true,"_links":{"self":[{"href":"https:\/\/casadecampoliving.com\/es\/wp-json\/wp\/v2\/posts\/519956","targetHints":{"allow":["GET"]}}],"collection":[{"href":"https:\/\/casadecampoliving.com\/es\/wp-json\/wp\/v2\/posts"}],"about":[{"href":"https:\/\/casadecampoliving.com\/es\/wp-json\/wp\/v2\/types\/post"}],"author":[{"embeddable":true,"href":"https:\/\/casadecampoliving.com\/es\/wp-json\/wp\/v2\/users\/36791"}],"replies":[{"embeddable":true,"href":"https:\/\/casadecampoliving.com\/es\/wp-json\/wp\/v2\/comments?post=519956"}],"version-history":[{"count":3,"href":"https:\/\/casadecampoliving.com\/es\/wp-json\/wp\/v2\/posts\/519956\/revisions"}],"predecessor-version":[{"id":519960,"href":"https:\/\/casadecampoliving.com\/es\/wp-json\/wp\/v2\/posts\/519956\/revisions\/519960"}],"wp:featuredmedia":[{"embeddable":true,"href":"https:\/\/casadecampoliving.com\/es\/wp-json\/wp\/v2\/media\/519943"}],"wp:attachment":[{"href":"https:\/\/casadecampoliving.com\/es\/wp-json\/wp\/v2\/media?parent=519956"}],"wp:term":[{"taxonomy":"category","embeddable":true,"href":"https:\/\/casadecampoliving.com\/es\/wp-json\/wp\/v2\/categories?post=519956"},{"taxonomy":"post_tag","embeddable":true,"href":"https:\/\/casadecampoliving.com\/es\/wp-json\/wp\/v2\/tags?post=519956"},{"taxonomy":"newspack_spnsrs_tax","embeddable":true,"href":"https:\/\/casadecampoliving.com\/es\/wp-json\/wp\/v2\/newspack_spnsrs_tax?post=519956"}],"curies":[{"name":"wp","href":"https:\/\/api.w.org\/{rel}","templated":true}]}}