{"id":518877,"date":"2023-06-19T12:10:38","date_gmt":"2023-06-19T16:10:38","guid":{"rendered":"https:\/\/casadecampoliving.com\/?p=518877"},"modified":"2023-06-26T18:04:15","modified_gmt":"2023-06-26T22:04:15","slug":"announcing-the-xliii-casa-de-campo-international-tennis-cup","status":"publish","type":"post","link":"https:\/\/casadecampoliving.com\/es\/announcing-the-xliii-casa-de-campo-international-tennis-cup\/","title":{"rendered":"Anunciando la XLIII Copa Internacional de Tenis Casa de Campo"},"content":{"rendered":"\n<p>El XLIII Torneo Internacional De Tenis Copa Casa De Campo ser\u00e1 celebrado del 20 al 23 julio del presente a\u00f1o, en el Centro de Tenis La Terraza, de Casa de Campo\u00ae Resort &amp; Villas.<\/p>\n\n\n\n<p>Matias Territoriale, director de tenis de Casa de Campo, anunci\u00f3: <strong><em>\u00abEste a\u00f1o, participar\u00e1n en el torneo jugadores dominicanos e internacionales, mayores de 21 a\u00f1os, tanto en las categor\u00edas de individuales masculinas y femeninas como en las de dobles\u00bb.<\/em><\/strong><\/p>\n\n\n\n<figure class=\"wp-block-image size-large\"><img data-recalc-dims=\"1\" loading=\"lazy\" decoding=\"async\" width=\"1024\" height=\"683\" src=\"https:\/\/i0.wp.com\/casadecampoliving.com\/wp-content\/uploads\/2023\/06\/42nd-International-Tennis-Tournament-IMG_0110.jpg?resize=1024%2C683&#038;ssl=1\" alt=\"\" class=\"wp-image-518872\" srcset=\"https:\/\/i0.wp.com\/casadecampoliving.com\/wp-content\/uploads\/2023\/06\/42nd-International-Tennis-Tournament-IMG_0110.jpg?resize=1024%2C683&amp;ssl=1 1024w, https:\/\/i0.wp.com\/casadecampoliving.com\/wp-content\/uploads\/2023\/06\/42nd-International-Tennis-Tournament-IMG_0110.jpg?resize=300%2C200&amp;ssl=1 300w, https:\/\/i0.wp.com\/casadecampoliving.com\/wp-content\/uploads\/2023\/06\/42nd-International-Tennis-Tournament-IMG_0110.jpg?resize=768%2C512&amp;ssl=1 768w, https:\/\/i0.wp.com\/casadecampoliving.com\/wp-content\/uploads\/2023\/06\/42nd-International-Tennis-Tournament-IMG_0110.jpg?resize=400%2C267&amp;ssl=1 400w, https:\/\/i0.wp.com\/casadecampoliving.com\/wp-content\/uploads\/2023\/06\/42nd-International-Tennis-Tournament-IMG_0110.jpg?resize=150%2C100&amp;ssl=1 150w, https:\/\/i0.wp.com\/casadecampoliving.com\/wp-content\/uploads\/2023\/06\/42nd-International-Tennis-Tournament-IMG_0110.jpg?w=1200&amp;ssl=1 1200w, https:\/\/i0.wp.com\/casadecampoliving.com\/wp-content\/uploads\/2023\/06\/42nd-International-Tennis-Tournament-IMG_0110-1024x683.jpg?w=370&amp;ssl=1 370w\" sizes=\"auto, (max-width: 1000px) 100vw, 1000px\" \/><\/figure>\n\n\n\n<p>El Centro de Tenis La Terraza en Casa de Campo, sede del torneo, cuenta con 13 canchas de Har-Tru con vistas espectaculares. Ha albergado a reconocidos tenistas de clase mundial como Tony Roche, Ivan Lendl, Nicola Pietrangeli, Manolo Orantes, John McEnroe, Jim Courier, Nicolas Almagro y el jugador dominicano V\u00edctor Estrella, as\u00ed como a celebridades como Robert Redford, Michael Douglas, Laz Alonzo y Oscar de la Renta, entre otros.<\/p>\n\n\n\n<p>Jason Kycek, vicepresidente de ventas y mercadeo, destac\u00f3: <strong><em>\u00abNos sentimos muy orgullosos de ser nuevamente anfitriones de este evento tradicional, y animamos a los tenistas nacionales e internacionales, especialmente a los de nuestra comunidad, a inscribirse en el torneo y disfrutar de las ofertas y actividades que hemos preparado para todos los participantes y sus familias\u00bb.<\/em><\/strong><\/p>\n\n\n\n<p>Los jugadores que se inscriben en el torneo provienen de Puerto Rico, Aruba, Curazao, Bonaire, Venezuela, Colombia, Espa\u00f1a, Italia, Guatemala, Estados Unidos (Nueva York y Miami) y Rep\u00fablica Dominicana. Se espera la participaci\u00f3n de alrededor de 200 tenistas de nuestro pa\u00eds, en las modalidades de individuales y dobles.<\/p>\n\n\n\n<h3 class=\"wp-block-heading\">Cronograma del XLIII Torneo Internacional De Tenis Copa Casa De Campo<\/h3>\n\n\n\n<figure class=\"wp-block-image size-large\"><img data-recalc-dims=\"1\" loading=\"lazy\" decoding=\"async\" width=\"1024\" height=\"683\" src=\"https:\/\/i0.wp.com\/casadecampoliving.com\/wp-content\/uploads\/2023\/06\/42nd-International-Tennis-Tournament4-1.jpg?resize=1024%2C683&#038;ssl=1\" alt=\"\" class=\"wp-image-518853\" srcset=\"https:\/\/i0.wp.com\/casadecampoliving.com\/wp-content\/uploads\/2023\/06\/42nd-International-Tennis-Tournament4-1.jpg?resize=1024%2C683&amp;ssl=1 1024w, https:\/\/i0.wp.com\/casadecampoliving.com\/wp-content\/uploads\/2023\/06\/42nd-International-Tennis-Tournament4-1.jpg?resize=300%2C200&amp;ssl=1 300w, https:\/\/i0.wp.com\/casadecampoliving.com\/wp-content\/uploads\/2023\/06\/42nd-International-Tennis-Tournament4-1.jpg?resize=768%2C512&amp;ssl=1 768w, https:\/\/i0.wp.com\/casadecampoliving.com\/wp-content\/uploads\/2023\/06\/42nd-International-Tennis-Tournament4-1.jpg?resize=400%2C267&amp;ssl=1 400w, https:\/\/i0.wp.com\/casadecampoliving.com\/wp-content\/uploads\/2023\/06\/42nd-International-Tennis-Tournament4-1.jpg?resize=150%2C100&amp;ssl=1 150w, https:\/\/i0.wp.com\/casadecampoliving.com\/wp-content\/uploads\/2023\/06\/42nd-International-Tennis-Tournament4-1.jpg?w=1200&amp;ssl=1 1200w, https:\/\/i0.wp.com\/casadecampoliving.com\/wp-content\/uploads\/2023\/06\/42nd-International-Tennis-Tournament4-1-1024x683.jpg?w=370&amp;ssl=1 370w\" sizes=\"auto, (max-width: 1000px) 100vw, 1000px\" \/><\/figure>\n\n\n\n<p>Los primeros partidos de individuales comenzar\u00e1n a las 9:00 a.m. del jueves 20 de julio, y la inauguraci\u00f3n oficial est\u00e1 programada para las 6:00 p.m. de ese mismo d\u00eda.<\/p>\n\n\n\n<p>Los partidos de individuales continuar\u00e1n el viernes y el s\u00e1bado, y se iniciar\u00e1n los partidos de dobles. Las finales en ambas categor\u00edas se llevar\u00e1n a cabo el domingo 23 de julio, a partir de las 9:00 a.m.<\/p>\n\n\n\n<p>La ceremonia de entrega de premios y clausura del torneo se realizar\u00e1 el domingo a las 2:00 p.m.<\/p>\n\n\n\n<p>Tambi\u00e9n se ha programado un c\u00f3ctel y fiesta de baile para la noche del s\u00e1bado, cuyo costo est\u00e1 incluido en la inscripci\u00f3n del torneo.<\/p>\n\n\n\n<p>Para inscribirse en el torneo o obtener informaci\u00f3n adicional sobre el 43\u00ba aniversario de la Torneo Internacional De Tenis Copa Casa De Campo, llame al 809-523-8698 o env\u00ede un correo electr\u00f3nico a <a href=\"mailto:teniscasa@ccampo.com.do\" target=\"_blank\" rel=\"noreferrer noopener nofollow\">teniscasa@ccampo.com.do<\/a>.<\/p>\n\n\n\n<p><em>*Fotos tomadas durante el 42\u00ba Torneo Internacional De Tenis Copa Casa De Campo.<\/em><\/p>\n","protected":false},"excerpt":{"rendered":"<p>El XLIII Torneo Internacional De Tenis Copa Casa De Campo ser\u00e1 celebrado del 20 al 23 julio del presente a\u00f1o, en el Centro de Tenis La Terraza, de Casa de Campo\u00ae Resort &amp; Villas. Matias Territoriale, director de tenis de Casa de Campo, anunci\u00f3: \u00abEste a\u00f1o, participar\u00e1n en el torneo jugadores dominicanos e internacionales, mayores [&hellip;]<\/p>\n","protected":false},"author":36791,"featured_media":518875,"comment_status":"closed","ping_status":"closed","sticky":false,"template":"","format":"standard","meta":{"newspack_ads_suppress_ads":false,"newspack_popups_has_disabled_popups":false,"newspack_sponsor_sponsorship_scope":"","newspack_sponsor_native_byline_display":"inherit","newspack_sponsor_native_category_display":"inherit","newspack_sponsor_underwriter_style":"inherit","newspack_sponsor_underwriter_placement":"inherit","_newspack_byline_active":false,"_newspack_byline":"","newspack_hide_updated_date":false,"newspack_show_updated_date":false,"newspack_content_restriction_is_exempt":false,"newspack_featured_image_position":"large","newspack_post_subtitle":"El torneo se llevar\u00e1 a cabo del 20 al 23 de julio e contar\u00e1 con la participaci\u00f3n de jugadores dominicanos e internacionales en las categor\u00edas de individuales y dobles, y se llevar\u00e1 a cabo en el prestigioso Centro de Tenis La Terraza en Casa de Campo\u00ae Resort & Villas","newspack_article_summary_title":"Overview:","newspack_article_summary":"","_jetpack_memberships_contains_paid_content":false,"footnotes":"","jetpack_publicize_message":"","jetpack_publicize_feature_enabled":true,"jetpack_social_post_already_shared":false,"jetpack_social_options":{"image_generator_settings":{"template":"highway","default_image_id":0,"font":"","enabled":false},"version":2},"_wpas_customize_per_network":false},"categories":[26392,26954,2525,23888,2522,14631,2521],"tags":[23815,3626,6371,14736,14542,15091,2641,18813],"newspack_spnsrs_tax":[],"class_list":["post-518877","post","type-post","status-publish","format-standard","has-post-thumbnail","hentry","category-casa-de-campo-resort-villas","category-comunidad-casa-de-campo-living-es","category-golf-deportes-es","category-dominican-republic-2","category-eventos-es","category-estilo-de-vida","category-republica-dominicana-2","tag-casa-de-campo-es-17","tag-casa-de-campo-es","tag-casa-de-campo-resort-es","tag-featured-topview-es","tag-la-romana-es","tag-proximamente","tag-torneo-de-tenis","tag-torneo-internacional-de-tenis","entry"],"yoast_head":"<!-- This site is optimized with the Yoast SEO plugin v27.4 - https:\/\/yoast.com\/product\/yoast-seo-wordpress\/ -->\n<title>Anunciando la XLIII Copa Internacional de Tenis Casa de Campo | Casa de Campo Living<\/title>\n<meta name=\"description\" content=\"El XLIII Torneo Internacional De Tenis Copa Casa De Campo ser\u00e1 celebrado del 20 al 23 julio del presente a\u00f1o, en el Centro de Tenis La Terraza, de Casa de\" \/>\n<meta name=\"robots\" content=\"index, follow, max-snippet:-1, max-image-preview:large, max-video-preview:-1\" \/>\n<link rel=\"canonical\" href=\"https:\/\/casadecampoliving.com\/es\/announcing-the-xliii-casa-de-campo-international-tennis-cup\/\" \/>\n<meta property=\"og:locale\" content=\"es_ES\" \/>\n<meta property=\"og:type\" content=\"article\" \/>\n<meta property=\"og:title\" content=\"Anunciando la XLIII Copa Internacional de Tenis Casa de Campo | Casa de Campo Living\" \/>\n<meta property=\"og:description\" content=\"El XLIII Torneo Internacional De Tenis Copa Casa De Campo ser\u00e1 celebrado del 20 al 23 julio del presente a\u00f1o, en el Centro de Tenis La Terraza, de Casa de\" \/>\n<meta property=\"og:url\" content=\"https:\/\/casadecampoliving.com\/es\/announcing-the-xliii-casa-de-campo-international-tennis-cup\/\" \/>\n<meta property=\"og:site_name\" content=\"Casa de Campo Living\" \/>\n<meta property=\"article:publisher\" content=\"https:\/\/www.facebook.com\/casadecampoliving\" \/>\n<meta property=\"article:published_time\" content=\"2023-06-19T16:10:38+00:00\" \/>\n<meta property=\"article:modified_time\" content=\"2023-06-26T22:04:15+00:00\" \/>\n<meta property=\"og:image\" content=\"https:\/\/casadecampoliving.com\/wp-content\/uploads\/2023\/06\/42nd-International-Tennis-Tournament-IMG_0077.jpg\" \/>\n\t<meta property=\"og:image:width\" content=\"1200\" \/>\n\t<meta property=\"og:image:height\" content=\"880\" \/>\n\t<meta property=\"og:image:type\" content=\"image\/jpeg\" \/>\n<meta name=\"author\" content=\"Casa de Campo Living\" \/>\n<meta name=\"twitter:card\" content=\"summary_large_image\" \/>\n<meta name=\"twitter:creator\" content=\"@cdcliving\" \/>\n<meta name=\"twitter:site\" content=\"@cdcliving\" \/>\n<meta name=\"twitter:label1\" content=\"Escrito por\" \/>\n\t<meta name=\"twitter:data1\" content=\"Casa de Campo Living\" \/>\n\t<meta name=\"twitter:label2\" content=\"Tiempo de lectura\" \/>\n\t<meta name=\"twitter:data2\" content=\"3 minutos\" \/>\n<script type=\"application\/ld+json\" class=\"yoast-schema-graph\">{\"@context\":\"https:\\\/\\\/schema.org\",\"@graph\":[{\"@type\":\"Article\",\"@id\":\"https:\\\/\\\/casadecampoliving.com\\\/es\\\/announcing-the-xliii-casa-de-campo-international-tennis-cup\\\/#article\",\"isPartOf\":{\"@id\":\"https:\\\/\\\/casadecampoliving.com\\\/es\\\/announcing-the-xliii-casa-de-campo-international-tennis-cup\\\/\"},\"author\":{\"name\":\"Casa de Campo Living\",\"@id\":\"https:\\\/\\\/casadecampoliving.com\\\/es\\\/#\\\/schema\\\/person\\\/5d2171637a9d11e0e43ce6b8555f9422\"},\"headline\":\"Anunciando la XLIII Copa Internacional de Tenis Casa de Campo\",\"datePublished\":\"2023-06-19T16:10:38+00:00\",\"dateModified\":\"2023-06-26T22:04:15+00:00\",\"mainEntityOfPage\":{\"@id\":\"https:\\\/\\\/casadecampoliving.com\\\/es\\\/announcing-the-xliii-casa-de-campo-international-tennis-cup\\\/\"},\"wordCount\":440,\"publisher\":{\"@id\":\"https:\\\/\\\/casadecampoliving.com\\\/es\\\/#organization\"},\"image\":{\"@id\":\"https:\\\/\\\/casadecampoliving.com\\\/es\\\/announcing-the-xliii-casa-de-campo-international-tennis-cup\\\/#primaryimage\"},\"thumbnailUrl\":\"https:\\\/\\\/i0.wp.com\\\/casadecampoliving.com\\\/wp-content\\\/uploads\\\/2023\\\/06\\\/42nd-International-Tennis-Tournament-IMG_0077.jpg?fit=1200%2C880&ssl=1\",\"keywords\":[\"Casa de Campo\",\"casa de campo @es\",\"casa de campo resort @es\",\"Featured-TopView @es\",\"La Romana @es\",\"Proximamente\",\"torneo de tenis\",\"Torneo internacional de tenis\"],\"articleSection\":[\"Casa de Campo Resort &amp; Villas\",\"Comunidad\",\"Deportes\",\"Dominican Republic\",\"Eventos\",\"Estilo de Vida\",\"Rep\u00fablica Dominicana @es\"],\"inLanguage\":\"es\"},{\"@type\":\"WebPage\",\"@id\":\"https:\\\/\\\/casadecampoliving.com\\\/es\\\/announcing-the-xliii-casa-de-campo-international-tennis-cup\\\/\",\"url\":\"https:\\\/\\\/casadecampoliving.com\\\/es\\\/announcing-the-xliii-casa-de-campo-international-tennis-cup\\\/\",\"name\":\"Anunciando la XLIII Copa Internacional de Tenis Casa de Campo | Casa de Campo Living\",\"isPartOf\":{\"@id\":\"https:\\\/\\\/casadecampoliving.com\\\/es\\\/#website\"},\"primaryImageOfPage\":{\"@id\":\"https:\\\/\\\/casadecampoliving.com\\\/es\\\/announcing-the-xliii-casa-de-campo-international-tennis-cup\\\/#primaryimage\"},\"image\":{\"@id\":\"https:\\\/\\\/casadecampoliving.com\\\/es\\\/announcing-the-xliii-casa-de-campo-international-tennis-cup\\\/#primaryimage\"},\"thumbnailUrl\":\"https:\\\/\\\/i0.wp.com\\\/casadecampoliving.com\\\/wp-content\\\/uploads\\\/2023\\\/06\\\/42nd-International-Tennis-Tournament-IMG_0077.jpg?fit=1200%2C880&ssl=1\",\"datePublished\":\"2023-06-19T16:10:38+00:00\",\"dateModified\":\"2023-06-26T22:04:15+00:00\",\"description\":\"El XLIII Torneo Internacional De Tenis Copa Casa De Campo ser\u00e1 celebrado del 20 al 23 julio del presente a\u00f1o, en el Centro de Tenis La Terraza, de Casa de\",\"breadcrumb\":{\"@id\":\"https:\\\/\\\/casadecampoliving.com\\\/es\\\/announcing-the-xliii-casa-de-campo-international-tennis-cup\\\/#breadcrumb\"},\"inLanguage\":\"es\",\"potentialAction\":[{\"@type\":\"ReadAction\",\"target\":[\"https:\\\/\\\/casadecampoliving.com\\\/es\\\/announcing-the-xliii-casa-de-campo-international-tennis-cup\\\/\"]}]},{\"@type\":\"ImageObject\",\"inLanguage\":\"es\",\"@id\":\"https:\\\/\\\/casadecampoliving.com\\\/es\\\/announcing-the-xliii-casa-de-campo-international-tennis-cup\\\/#primaryimage\",\"url\":\"https:\\\/\\\/i0.wp.com\\\/casadecampoliving.com\\\/wp-content\\\/uploads\\\/2023\\\/06\\\/42nd-International-Tennis-Tournament-IMG_0077.jpg?fit=1200%2C880&ssl=1\",\"contentUrl\":\"https:\\\/\\\/i0.wp.com\\\/casadecampoliving.com\\\/wp-content\\\/uploads\\\/2023\\\/06\\\/42nd-International-Tennis-Tournament-IMG_0077.jpg?fit=1200%2C880&ssl=1\",\"width\":1200,\"height\":880},{\"@type\":\"BreadcrumbList\",\"@id\":\"https:\\\/\\\/casadecampoliving.com\\\/es\\\/announcing-the-xliii-casa-de-campo-international-tennis-cup\\\/#breadcrumb\",\"itemListElement\":[{\"@type\":\"ListItem\",\"position\":1,\"name\":\"Home\",\"item\":\"https:\\\/\\\/casadecampoliving.com\\\/es\\\/\"},{\"@type\":\"ListItem\",\"position\":2,\"name\":\"Anunciando la XLIII Copa Internacional de Tenis Casa de Campo\"}]},{\"@type\":\"WebSite\",\"@id\":\"https:\\\/\\\/casadecampoliving.com\\\/es\\\/#website\",\"url\":\"https:\\\/\\\/casadecampoliving.com\\\/es\\\/\",\"name\":\"Casa de Campo Living\",\"description\":\"Resort community news and resources.\",\"publisher\":{\"@id\":\"https:\\\/\\\/casadecampoliving.com\\\/es\\\/#organization\"},\"potentialAction\":[{\"@type\":\"SearchAction\",\"target\":{\"@type\":\"EntryPoint\",\"urlTemplate\":\"https:\\\/\\\/casadecampoliving.com\\\/es\\\/?s={search_term_string}\"},\"query-input\":{\"@type\":\"PropertyValueSpecification\",\"valueRequired\":true,\"valueName\":\"search_term_string\"}}],\"inLanguage\":\"es\"},{\"@type\":\"Organization\",\"@id\":\"https:\\\/\\\/casadecampoliving.com\\\/es\\\/#organization\",\"name\":\"Casa de Campo Living\",\"url\":\"https:\\\/\\\/casadecampoliving.com\\\/es\\\/\",\"logo\":{\"@type\":\"ImageObject\",\"inLanguage\":\"es\",\"@id\":\"https:\\\/\\\/casadecampoliving.com\\\/es\\\/#\\\/schema\\\/logo\\\/image\\\/\",\"url\":\"https:\\\/\\\/i0.wp.com\\\/casadecampoliving.com\\\/wp-content\\\/uploads\\\/2022\\\/07\\\/CDCLivingLogo_V1-white-sized.png?fit=800%2C214&ssl=1\",\"contentUrl\":\"https:\\\/\\\/i0.wp.com\\\/casadecampoliving.com\\\/wp-content\\\/uploads\\\/2022\\\/07\\\/CDCLivingLogo_V1-white-sized.png?fit=800%2C214&ssl=1\",\"width\":800,\"height\":214,\"caption\":\"Casa de Campo Living\"},\"image\":{\"@id\":\"https:\\\/\\\/casadecampoliving.com\\\/es\\\/#\\\/schema\\\/logo\\\/image\\\/\"},\"sameAs\":[\"https:\\\/\\\/www.facebook.com\\\/casadecampoliving\",\"https:\\\/\\\/x.com\\\/cdcliving\"]},{\"@type\":\"Person\",\"@id\":\"https:\\\/\\\/casadecampoliving.com\\\/es\\\/#\\\/schema\\\/person\\\/5d2171637a9d11e0e43ce6b8555f9422\",\"name\":\"Casa de Campo Living\",\"image\":{\"@type\":\"ImageObject\",\"inLanguage\":\"es\",\"@id\":\"https:\\\/\\\/secure.gravatar.com\\\/avatar\\\/d04101fa4a9fd431e939953b1500fdc7a73cd35029f86d98712fd8ccdaebaf9a?s=96&d=mm&r=g\",\"url\":\"https:\\\/\\\/secure.gravatar.com\\\/avatar\\\/d04101fa4a9fd431e939953b1500fdc7a73cd35029f86d98712fd8ccdaebaf9a?s=96&d=mm&r=g\",\"contentUrl\":\"https:\\\/\\\/secure.gravatar.com\\\/avatar\\\/d04101fa4a9fd431e939953b1500fdc7a73cd35029f86d98712fd8ccdaebaf9a?s=96&d=mm&r=g\",\"caption\":\"Casa de Campo Living\"},\"url\":\"https:\\\/\\\/casadecampoliving.com\\\/es\\\/author\\\/casa-de-campo-living\\\/\"}]}<\/script>\n<!-- \/ Yoast SEO plugin. -->","yoast_head_json":{"title":"Anunciando la XLIII Copa Internacional de Tenis Casa de Campo | Casa de Campo Living","description":"El XLIII Torneo Internacional De Tenis Copa Casa De Campo ser\u00e1 celebrado del 20 al 23 julio del presente a\u00f1o, en el Centro de Tenis La Terraza, de Casa de","robots":{"index":"index","follow":"follow","max-snippet":"max-snippet:-1","max-image-preview":"max-image-preview:large","max-video-preview":"max-video-preview:-1"},"canonical":"https:\/\/casadecampoliving.com\/es\/announcing-the-xliii-casa-de-campo-international-tennis-cup\/","og_locale":"es_ES","og_type":"article","og_title":"Anunciando la XLIII Copa Internacional de Tenis Casa de Campo | Casa de Campo Living","og_description":"El XLIII Torneo Internacional De Tenis Copa Casa De Campo ser\u00e1 celebrado del 20 al 23 julio del presente a\u00f1o, en el Centro de Tenis La Terraza, de Casa de","og_url":"https:\/\/casadecampoliving.com\/es\/announcing-the-xliii-casa-de-campo-international-tennis-cup\/","og_site_name":"Casa de Campo Living","article_publisher":"https:\/\/www.facebook.com\/casadecampoliving","article_published_time":"2023-06-19T16:10:38+00:00","article_modified_time":"2023-06-26T22:04:15+00:00","og_image":[{"width":1200,"height":880,"url":"https:\/\/casadecampoliving.com\/wp-content\/uploads\/2023\/06\/42nd-International-Tennis-Tournament-IMG_0077.jpg","type":"image\/jpeg"}],"author":"Casa de Campo Living","twitter_card":"summary_large_image","twitter_creator":"@cdcliving","twitter_site":"@cdcliving","twitter_misc":{"Escrito por":"Casa de Campo Living","Tiempo de lectura":"3 minutos"},"schema":{"@context":"https:\/\/schema.org","@graph":[{"@type":"Article","@id":"https:\/\/casadecampoliving.com\/es\/announcing-the-xliii-casa-de-campo-international-tennis-cup\/#article","isPartOf":{"@id":"https:\/\/casadecampoliving.com\/es\/announcing-the-xliii-casa-de-campo-international-tennis-cup\/"},"author":{"name":"Casa de Campo Living","@id":"https:\/\/casadecampoliving.com\/es\/#\/schema\/person\/5d2171637a9d11e0e43ce6b8555f9422"},"headline":"Anunciando la XLIII Copa Internacional de Tenis Casa de Campo","datePublished":"2023-06-19T16:10:38+00:00","dateModified":"2023-06-26T22:04:15+00:00","mainEntityOfPage":{"@id":"https:\/\/casadecampoliving.com\/es\/announcing-the-xliii-casa-de-campo-international-tennis-cup\/"},"wordCount":440,"publisher":{"@id":"https:\/\/casadecampoliving.com\/es\/#organization"},"image":{"@id":"https:\/\/casadecampoliving.com\/es\/announcing-the-xliii-casa-de-campo-international-tennis-cup\/#primaryimage"},"thumbnailUrl":"https:\/\/i0.wp.com\/casadecampoliving.com\/wp-content\/uploads\/2023\/06\/42nd-International-Tennis-Tournament-IMG_0077.jpg?fit=1200%2C880&ssl=1","keywords":["Casa de Campo","casa de campo @es","casa de campo resort @es","Featured-TopView @es","La Romana @es","Proximamente","torneo de tenis","Torneo internacional de tenis"],"articleSection":["Casa de Campo Resort &amp; Villas","Comunidad","Deportes","Dominican Republic","Eventos","Estilo de Vida","Rep\u00fablica Dominicana @es"],"inLanguage":"es"},{"@type":"WebPage","@id":"https:\/\/casadecampoliving.com\/es\/announcing-the-xliii-casa-de-campo-international-tennis-cup\/","url":"https:\/\/casadecampoliving.com\/es\/announcing-the-xliii-casa-de-campo-international-tennis-cup\/","name":"Anunciando la XLIII Copa Internacional de Tenis Casa de Campo | Casa de Campo Living","isPartOf":{"@id":"https:\/\/casadecampoliving.com\/es\/#website"},"primaryImageOfPage":{"@id":"https:\/\/casadecampoliving.com\/es\/announcing-the-xliii-casa-de-campo-international-tennis-cup\/#primaryimage"},"image":{"@id":"https:\/\/casadecampoliving.com\/es\/announcing-the-xliii-casa-de-campo-international-tennis-cup\/#primaryimage"},"thumbnailUrl":"https:\/\/i0.wp.com\/casadecampoliving.com\/wp-content\/uploads\/2023\/06\/42nd-International-Tennis-Tournament-IMG_0077.jpg?fit=1200%2C880&ssl=1","datePublished":"2023-06-19T16:10:38+00:00","dateModified":"2023-06-26T22:04:15+00:00","description":"El XLIII Torneo Internacional De Tenis Copa Casa De Campo ser\u00e1 celebrado del 20 al 23 julio del presente a\u00f1o, en el Centro de Tenis La Terraza, de Casa de","breadcrumb":{"@id":"https:\/\/casadecampoliving.com\/es\/announcing-the-xliii-casa-de-campo-international-tennis-cup\/#breadcrumb"},"inLanguage":"es","potentialAction":[{"@type":"ReadAction","target":["https:\/\/casadecampoliving.com\/es\/announcing-the-xliii-casa-de-campo-international-tennis-cup\/"]}]},{"@type":"ImageObject","inLanguage":"es","@id":"https:\/\/casadecampoliving.com\/es\/announcing-the-xliii-casa-de-campo-international-tennis-cup\/#primaryimage","url":"https:\/\/i0.wp.com\/casadecampoliving.com\/wp-content\/uploads\/2023\/06\/42nd-International-Tennis-Tournament-IMG_0077.jpg?fit=1200%2C880&ssl=1","contentUrl":"https:\/\/i0.wp.com\/casadecampoliving.com\/wp-content\/uploads\/2023\/06\/42nd-International-Tennis-Tournament-IMG_0077.jpg?fit=1200%2C880&ssl=1","width":1200,"height":880},{"@type":"BreadcrumbList","@id":"https:\/\/casadecampoliving.com\/es\/announcing-the-xliii-casa-de-campo-international-tennis-cup\/#breadcrumb","itemListElement":[{"@type":"ListItem","position":1,"name":"Home","item":"https:\/\/casadecampoliving.com\/es\/"},{"@type":"ListItem","position":2,"name":"Anunciando la XLIII Copa Internacional de Tenis Casa de Campo"}]},{"@type":"WebSite","@id":"https:\/\/casadecampoliving.com\/es\/#website","url":"https:\/\/casadecampoliving.com\/es\/","name":"Casa de Campo Living","description":"Resort community news and resources.","publisher":{"@id":"https:\/\/casadecampoliving.com\/es\/#organization"},"potentialAction":[{"@type":"SearchAction","target":{"@type":"EntryPoint","urlTemplate":"https:\/\/casadecampoliving.com\/es\/?s={search_term_string}"},"query-input":{"@type":"PropertyValueSpecification","valueRequired":true,"valueName":"search_term_string"}}],"inLanguage":"es"},{"@type":"Organization","@id":"https:\/\/casadecampoliving.com\/es\/#organization","name":"Casa de Campo Living","url":"https:\/\/casadecampoliving.com\/es\/","logo":{"@type":"ImageObject","inLanguage":"es","@id":"https:\/\/casadecampoliving.com\/es\/#\/schema\/logo\/image\/","url":"https:\/\/i0.wp.com\/casadecampoliving.com\/wp-content\/uploads\/2022\/07\/CDCLivingLogo_V1-white-sized.png?fit=800%2C214&ssl=1","contentUrl":"https:\/\/i0.wp.com\/casadecampoliving.com\/wp-content\/uploads\/2022\/07\/CDCLivingLogo_V1-white-sized.png?fit=800%2C214&ssl=1","width":800,"height":214,"caption":"Casa de Campo Living"},"image":{"@id":"https:\/\/casadecampoliving.com\/es\/#\/schema\/logo\/image\/"},"sameAs":["https:\/\/www.facebook.com\/casadecampoliving","https:\/\/x.com\/cdcliving"]},{"@type":"Person","@id":"https:\/\/casadecampoliving.com\/es\/#\/schema\/person\/5d2171637a9d11e0e43ce6b8555f9422","name":"Casa de Campo Living","image":{"@type":"ImageObject","inLanguage":"es","@id":"https:\/\/secure.gravatar.com\/avatar\/d04101fa4a9fd431e939953b1500fdc7a73cd35029f86d98712fd8ccdaebaf9a?s=96&d=mm&r=g","url":"https:\/\/secure.gravatar.com\/avatar\/d04101fa4a9fd431e939953b1500fdc7a73cd35029f86d98712fd8ccdaebaf9a?s=96&d=mm&r=g","contentUrl":"https:\/\/secure.gravatar.com\/avatar\/d04101fa4a9fd431e939953b1500fdc7a73cd35029f86d98712fd8ccdaebaf9a?s=96&d=mm&r=g","caption":"Casa de Campo Living"},"url":"https:\/\/casadecampoliving.com\/es\/author\/casa-de-campo-living\/"}]}},"parsely":{"version":"1.1.0","canonical_url":"https:\/\/casadecampoliving.com\/es\/announcing-the-xliii-casa-de-campo-international-tennis-cup\/","smart_links":{"inbound":0,"outbound":0},"traffic_boost_suggestions_count":0,"meta":{"@context":"https:\/\/schema.org","@type":"NewsArticle","headline":"Anunciando la XLIII Copa Internacional de Tenis Casa de Campo","url":"http:\/\/casadecampoliving.com\/es\/announcing-the-xliii-casa-de-campo-international-tennis-cup\/","mainEntityOfPage":{"@type":"WebPage","@id":"http:\/\/casadecampoliving.com\/es\/announcing-the-xliii-casa-de-campo-international-tennis-cup\/"},"thumbnailUrl":"https:\/\/i0.wp.com\/casadecampoliving.com\/wp-content\/uploads\/2023\/06\/42nd-International-Tennis-Tournament-IMG_0077.jpg?resize=150%2C150&ssl=1","image":{"@type":"ImageObject","url":"https:\/\/i0.wp.com\/casadecampoliving.com\/wp-content\/uploads\/2023\/06\/42nd-International-Tennis-Tournament-IMG_0077.jpg?fit=1200%2C880&ssl=1"},"articleSection":"Casa de Campo Resort &amp; Villas","author":[{"@type":"Person","name":"Casa de Campo Living"}],"creator":["Casa de Campo Living"],"publisher":{"@type":"Organization","name":"Casa de Campo Living","logo":"https:\/\/casadecampoliving.com\/wp-content\/uploads\/2022\/07\/CDCLivingLogo_V1-white-sized.png"},"keywords":["casa de campo","casa de campo @es","casa de campo resort @es","featured-topview @es","la romana @es","proximamente","torneo de tenis","torneo internacional de tenis"],"dateCreated":"2023-06-19T16:10:38Z","datePublished":"2023-06-19T16:10:38Z","dateModified":"2023-06-26T22:04:15Z"},"rendered":"<script type=\"application\/ld+json\" class=\"wp-parsely-metadata\">{\"@context\":\"https:\\\/\\\/schema.org\",\"@type\":\"NewsArticle\",\"headline\":\"Anunciando la XLIII Copa Internacional de Tenis Casa de Campo\",\"url\":\"http:\\\/\\\/casadecampoliving.com\\\/es\\\/announcing-the-xliii-casa-de-campo-international-tennis-cup\\\/\",\"mainEntityOfPage\":{\"@type\":\"WebPage\",\"@id\":\"http:\\\/\\\/casadecampoliving.com\\\/es\\\/announcing-the-xliii-casa-de-campo-international-tennis-cup\\\/\"},\"thumbnailUrl\":\"https:\\\/\\\/i0.wp.com\\\/casadecampoliving.com\\\/wp-content\\\/uploads\\\/2023\\\/06\\\/42nd-International-Tennis-Tournament-IMG_0077.jpg?resize=150%2C150&ssl=1\",\"image\":{\"@type\":\"ImageObject\",\"url\":\"https:\\\/\\\/i0.wp.com\\\/casadecampoliving.com\\\/wp-content\\\/uploads\\\/2023\\\/06\\\/42nd-International-Tennis-Tournament-IMG_0077.jpg?fit=1200%2C880&ssl=1\"},\"articleSection\":\"Casa de Campo Resort &amp; Villas\",\"author\":[{\"@type\":\"Person\",\"name\":\"Casa de Campo Living\"}],\"creator\":[\"Casa de Campo Living\"],\"publisher\":{\"@type\":\"Organization\",\"name\":\"Casa de Campo Living\",\"logo\":\"https:\\\/\\\/casadecampoliving.com\\\/wp-content\\\/uploads\\\/2022\\\/07\\\/CDCLivingLogo_V1-white-sized.png\"},\"keywords\":[\"casa de campo\",\"casa de campo @es\",\"casa de campo resort @es\",\"featured-topview @es\",\"la romana @es\",\"proximamente\",\"torneo de tenis\",\"torneo internacional de tenis\"],\"dateCreated\":\"2023-06-19T16:10:38Z\",\"datePublished\":\"2023-06-19T16:10:38Z\",\"dateModified\":\"2023-06-26T22:04:15Z\"}<\/script>","tracker_url":"https:\/\/cdn.parsely.com\/keys\/casadecampoliving.com\/p.js"},"jetpack_publicize_connections":[],"jetpack_featured_media_url":"https:\/\/i0.wp.com\/casadecampoliving.com\/wp-content\/uploads\/2023\/06\/42nd-International-Tennis-Tournament-IMG_0077.jpg?fit=1200%2C880&ssl=1","jetpack-related-posts":[{"id":519962,"url":"https:\/\/casadecampoliving.com\/es\/la-xliii-copa-internacional-de-tenis-casa-de-campo-rompe-record-de-participantes\/","url_meta":{"origin":518877,"position":0},"title":"La XLIII Copa Internacional de Tenis Casa de Campo rompe r\u00e9cord de participantes","author":"Mairobi Herrera","date":"24 Jul, 2023","format":false,"excerpt":"El Centro de Tenis La Terraza en Casa de Campo culmin\u00f3 con \u00e9xito su XLIII Torneo Internacional de Tenis Copa Casa de Campo, en el cual participaron alrededor de 180 jugadores procedentes de varios pa\u00edses, quienes se disputaron en las categor\u00edas individuales y dobles. El dominicano Yerry Zorrilla se coron\u00f3\u2026","rel":"","context":"En \u00abCasa de Campo Resort &amp; Villas\u00bb","block_context":{"text":"Casa de Campo Resort &amp; Villas","link":"https:\/\/casadecampoliving.com\/es\/category\/casa-de-campo-resort-villas\/"},"img":{"alt_text":"","src":"https:\/\/i0.wp.com\/casadecampoliving.com\/wp-content\/uploads\/2023\/07\/XLIII-Torneo-Internacional-de-Tenis-Copa-Casa-de-Campo-33-scaled.jpg?fit=1200%2C800&ssl=1&resize=350%2C200","width":350,"height":200,"srcset":"https:\/\/i0.wp.com\/casadecampoliving.com\/wp-content\/uploads\/2023\/07\/XLIII-Torneo-Internacional-de-Tenis-Copa-Casa-de-Campo-33-scaled.jpg?fit=1200%2C800&ssl=1&resize=350%2C200 1x, https:\/\/i0.wp.com\/casadecampoliving.com\/wp-content\/uploads\/2023\/07\/XLIII-Torneo-Internacional-de-Tenis-Copa-Casa-de-Campo-33-scaled.jpg?fit=1200%2C800&ssl=1&resize=525%2C300 1.5x, https:\/\/i0.wp.com\/casadecampoliving.com\/wp-content\/uploads\/2023\/07\/XLIII-Torneo-Internacional-de-Tenis-Copa-Casa-de-Campo-33-scaled.jpg?fit=1200%2C800&ssl=1&resize=700%2C400 2x, https:\/\/i0.wp.com\/casadecampoliving.com\/wp-content\/uploads\/2023\/07\/XLIII-Torneo-Internacional-de-Tenis-Copa-Casa-de-Campo-33-scaled.jpg?fit=1200%2C800&ssl=1&resize=1050%2C600 3x"},"classes":[]},{"id":353532,"url":"https:\/\/casadecampoliving.com\/es\/posponen-celebracion-del-xlii-torneo-internacional-de-tenis-copa-casa-de-campo-por-paso-tormenta-dorian\/","url_meta":{"origin":518877,"position":1},"title":"Posponen celebraci\u00f3n del XLII Torneo Internacional de Tenis Copa Casa de Campo por paso tormenta Dorian","author":"Casa de Campo Resort","date":"28 Ago, 2019","format":false,"excerpt":"El XLII Torneo Internacional de Tenis Copa Casa de Campo, programado para celebrarse a partir de este jueves 29 de agosto, hasta el domingo 1 de septiembre, en el Centro de Tenis La Terraza, de Casa de Campo, Resort & Villas, de esta ciudad, ha sido pospuesto a causa del\u2026","rel":"","context":"En \u00abCasa de Campo Resort\u00bb","block_context":{"text":"Casa de Campo Resort","link":"https:\/\/casadecampoliving.com\/category\/casa-de-campo-resort\/"},"img":{"alt_text":"","src":"https:\/\/i0.wp.com\/casadecampoliving.com\/wp-content\/uploads\/2022\/10\/DSC_3937-Diego-Sanchez-de-Leon-Sofia-Renedo-Martha-de-Marchena-Juan-Suarez-Emilio-Vasquez-y-Alex-Rosamo.jpg?fit=1000%2C601&ssl=1&resize=350%2C200","width":350,"height":200,"srcset":"https:\/\/i0.wp.com\/casadecampoliving.com\/wp-content\/uploads\/2022\/10\/DSC_3937-Diego-Sanchez-de-Leon-Sofia-Renedo-Martha-de-Marchena-Juan-Suarez-Emilio-Vasquez-y-Alex-Rosamo.jpg?fit=1000%2C601&ssl=1&resize=350%2C200 1x, https:\/\/i0.wp.com\/casadecampoliving.com\/wp-content\/uploads\/2022\/10\/DSC_3937-Diego-Sanchez-de-Leon-Sofia-Renedo-Martha-de-Marchena-Juan-Suarez-Emilio-Vasquez-y-Alex-Rosamo.jpg?fit=1000%2C601&ssl=1&resize=525%2C300 1.5x, https:\/\/i0.wp.com\/casadecampoliving.com\/wp-content\/uploads\/2022\/10\/DSC_3937-Diego-Sanchez-de-Leon-Sofia-Renedo-Martha-de-Marchena-Juan-Suarez-Emilio-Vasquez-y-Alex-Rosamo.jpg?fit=1000%2C601&ssl=1&resize=700%2C400 2x"},"classes":[]},{"id":353505,"url":"https:\/\/casadecampoliving.com\/es\/anuncian-celebracion-del-42-aniversario-torneo-internacional-de-tenis-copa-casa-de-campo\/","url_meta":{"origin":518877,"position":2},"title":"Anuncian celebraci\u00f3n del 42 aniversario Torneo Internacional De Tenis Copa Casa De Campo","author":"Casa de Campo Resort","date":"26 Jul, 2019","format":false,"excerpt":"El Cuadrag\u00e9simo Segundo Torneo Internacional de Tenis Copa Casa de Campo ser\u00e1 celebrado del 29 de agosto al 1 de septiembre\u00a0del presente a\u00f1o, en el Centro de Tenis La Terraza, de Casa de Campo, Resort & Villas, de esta ciudad. Los detalles del certamen, fundado por el empresario \u00edtalo-dominicano Vincenzo\u2026","rel":"","context":"En \u00abCasa de Campo Resort\u00bb","block_context":{"text":"Casa de Campo Resort","link":"https:\/\/casadecampoliving.com\/category\/casa-de-campo-resort\/"},"img":{"alt_text":"","src":"https:\/\/i0.wp.com\/casadecampoliving.com\/wp-content\/uploads\/2022\/10\/IMG_1639.jpg?fit=1000%2C561&ssl=1&resize=350%2C200","width":350,"height":200,"srcset":"https:\/\/i0.wp.com\/casadecampoliving.com\/wp-content\/uploads\/2022\/10\/IMG_1639.jpg?fit=1000%2C561&ssl=1&resize=350%2C200 1x, https:\/\/i0.wp.com\/casadecampoliving.com\/wp-content\/uploads\/2022\/10\/IMG_1639.jpg?fit=1000%2C561&ssl=1&resize=525%2C300 1.5x, https:\/\/i0.wp.com\/casadecampoliving.com\/wp-content\/uploads\/2022\/10\/IMG_1639.jpg?fit=1000%2C561&ssl=1&resize=700%2C400 2x"},"classes":[]},{"id":352805,"url":"https:\/\/casadecampoliving.com\/es\/inscribete-para-el-41-torneo-internacional-de-copa-de-tenis-casa-de-campo\/","url_meta":{"origin":518877,"position":3},"title":"\u00a1Inscr\u00edbete para el 41\u00b0 Torneo Internacional de Tenis Casa de Campo!","author":"Casa de Campo Resort","date":"6 Ago, 2018","format":false,"excerpt":"El 41\u00ba Torneo Internacional de Tenis Copa Casa de Campo ser\u00e1 celebrado del 30 de agosto al 2 de septiembre del presente a\u00f1o, en el Centro de Tenis La Terraza, de Casa de Campo, Resort & Villas, de esta ciudad.\u00a0Los detalles del certamen, fundado por el empresario \u00edtalo-dominicano Vincenzo Mastrolilli\u2026","rel":"","context":"En \u00abDeportes\u00bb","block_context":{"text":"Deportes","link":"https:\/\/casadecampoliving.com\/es\/category\/golf-deportes-es\/"},"img":{"alt_text":"","src":"https:\/\/i0.wp.com\/casadecampoliving.com\/wp-content\/uploads\/2018\/08\/IMG_2895_for-press.jpg?resize=350%2C200&ssl=1","width":350,"height":200,"srcset":"https:\/\/i0.wp.com\/casadecampoliving.com\/wp-content\/uploads\/2018\/08\/IMG_2895_for-press.jpg?resize=350%2C200&ssl=1 1x, https:\/\/i0.wp.com\/casadecampoliving.com\/wp-content\/uploads\/2018\/08\/IMG_2895_for-press.jpg?resize=525%2C300&ssl=1 1.5x, https:\/\/i0.wp.com\/casadecampoliving.com\/wp-content\/uploads\/2018\/08\/IMG_2895_for-press.jpg?resize=700%2C400&ssl=1 2x"},"classes":[]},{"id":351855,"url":"https:\/\/casadecampoliving.com\/es\/40-aniversario-del-torneo-internacional-de-tenis-copa-casa-de-campo\/","url_meta":{"origin":518877,"position":4},"title":"Anuncian celebraci\u00f3n de 40 aniversario del Torneo Internacional de Tenis Copa Casa de Campo","author":"Casa de Campo Resort","date":"15 Ago, 2017","format":false,"excerpt":"Nos complace anunciar la celebraci\u00f3n de 40 aniversario edici\u00f3n del tradicional Torneo Internacional de Tenis Copa Casa de Campo, evento que ser\u00e1 inaugurado el pr\u00f3ximo jueves 31 agosto , en el Centro de Tenis La Terraza. El Torneo Internacional de Tenis Copa Casa de Campo fue fundado por el empresario\u2026","rel":"","context":"En \u00abDeportes\u00bb","block_context":{"text":"Deportes","link":"https:\/\/casadecampoliving.com\/es\/category\/golf-deportes-es\/"},"img":{"alt_text":"","src":"https:\/\/i0.wp.com\/casadecampoliving.com\/wp-content\/uploads\/2022\/10\/Frank-Michelli-Andres-Pichardo-Rosenberg-Matias-Territoriales-y-Mario-Emilio-Guerrero-e1502835460240.jpg?fit=1000%2C583&ssl=1&resize=350%2C200","width":350,"height":200,"srcset":"https:\/\/i0.wp.com\/casadecampoliving.com\/wp-content\/uploads\/2022\/10\/Frank-Michelli-Andres-Pichardo-Rosenberg-Matias-Territoriales-y-Mario-Emilio-Guerrero-e1502835460240.jpg?fit=1000%2C583&ssl=1&resize=350%2C200 1x, https:\/\/i0.wp.com\/casadecampoliving.com\/wp-content\/uploads\/2022\/10\/Frank-Michelli-Andres-Pichardo-Rosenberg-Matias-Territoriales-y-Mario-Emilio-Guerrero-e1502835460240.jpg?fit=1000%2C583&ssl=1&resize=525%2C300 1.5x, https:\/\/i0.wp.com\/casadecampoliving.com\/wp-content\/uploads\/2022\/10\/Frank-Michelli-Andres-Pichardo-Rosenberg-Matias-Territoriales-y-Mario-Emilio-Guerrero-e1502835460240.jpg?fit=1000%2C583&ssl=1&resize=700%2C400 2x"},"classes":[]},{"id":348176,"url":"https:\/\/casadecampoliving.com\/es\/torneo-internacional-de-tenis-casa-de-campo\/","url_meta":{"origin":518877,"position":5},"title":"Torneo Internacional de Tenis Casa de Campo empieza hoy en memoria a Enzo Mastrolilli","author":"Perkin Agramonte","date":"3 Sep, 2015","format":false,"excerpt":"El XXXVIII Torneo Internacional de Tenis de Casa de Campo Copa BDI ser\u00e1\u00a0inaugurado HOY,\u00a0\u00a0jueves, 3 de septiembre a las 5:00 de la tarde, en el centro de tenis La Terraza del Hotel Casa de Campo, de la Romana. \u201cEste a\u00f1o el torneo est\u00e1 dedicado a la memoria de don Enzo\u2026","rel":"","context":"En \u00abCasa de Campo Living @es\u00bb","block_context":{"text":"Casa de Campo Living @es","link":"https:\/\/casadecampoliving.com\/category\/casa-de-campo-living-es\/"},"img":{"alt_text":"","src":"https:\/\/i0.wp.com\/casadecampoliving.com\/wp-content\/uploads\/2022\/10\/tennis_Casa_de_Campo1.jpg?fit=1200%2C800&ssl=1&resize=350%2C200","width":350,"height":200,"srcset":"https:\/\/i0.wp.com\/casadecampoliving.com\/wp-content\/uploads\/2022\/10\/tennis_Casa_de_Campo1.jpg?fit=1200%2C800&ssl=1&resize=350%2C200 1x, https:\/\/i0.wp.com\/casadecampoliving.com\/wp-content\/uploads\/2022\/10\/tennis_Casa_de_Campo1.jpg?fit=1200%2C800&ssl=1&resize=525%2C300 1.5x, https:\/\/i0.wp.com\/casadecampoliving.com\/wp-content\/uploads\/2022\/10\/tennis_Casa_de_Campo1.jpg?fit=1200%2C800&ssl=1&resize=700%2C400 2x, https:\/\/i0.wp.com\/casadecampoliving.com\/wp-content\/uploads\/2022\/10\/tennis_Casa_de_Campo1.jpg?fit=1200%2C800&ssl=1&resize=1050%2C600 3x"},"classes":[]}],"jetpack_sharing_enabled":true,"_links":{"self":[{"href":"https:\/\/casadecampoliving.com\/es\/wp-json\/wp\/v2\/posts\/518877","targetHints":{"allow":["GET"]}}],"collection":[{"href":"https:\/\/casadecampoliving.com\/es\/wp-json\/wp\/v2\/posts"}],"about":[{"href":"https:\/\/casadecampoliving.com\/es\/wp-json\/wp\/v2\/types\/post"}],"author":[{"embeddable":true,"href":"https:\/\/casadecampoliving.com\/es\/wp-json\/wp\/v2\/users\/36791"}],"replies":[{"embeddable":true,"href":"https:\/\/casadecampoliving.com\/es\/wp-json\/wp\/v2\/comments?post=518877"}],"version-history":[{"count":2,"href":"https:\/\/casadecampoliving.com\/es\/wp-json\/wp\/v2\/posts\/518877\/revisions"}],"predecessor-version":[{"id":518879,"href":"https:\/\/casadecampoliving.com\/es\/wp-json\/wp\/v2\/posts\/518877\/revisions\/518879"}],"wp:featuredmedia":[{"embeddable":true,"href":"https:\/\/casadecampoliving.com\/es\/wp-json\/wp\/v2\/media\/518875"}],"wp:attachment":[{"href":"https:\/\/casadecampoliving.com\/es\/wp-json\/wp\/v2\/media?parent=518877"}],"wp:term":[{"taxonomy":"category","embeddable":true,"href":"https:\/\/casadecampoliving.com\/es\/wp-json\/wp\/v2\/categories?post=518877"},{"taxonomy":"post_tag","embeddable":true,"href":"https:\/\/casadecampoliving.com\/es\/wp-json\/wp\/v2\/tags?post=518877"},{"taxonomy":"newspack_spnsrs_tax","embeddable":true,"href":"https:\/\/casadecampoliving.com\/es\/wp-json\/wp\/v2\/newspack_spnsrs_tax?post=518877"}],"curies":[{"name":"wp","href":"https:\/\/api.w.org\/{rel}","templated":true}]}}