{"id":518687,"date":"2023-06-12T18:51:49","date_gmt":"2023-06-12T22:51:49","guid":{"rendered":"https:\/\/casadecampoliving.com\/?p=518687"},"modified":"2023-06-12T19:44:34","modified_gmt":"2023-06-12T23:44:34","slug":"no-te-pierdas-el-evento-de-entrenamiento-de-yoga-de-casa-de-campo-para-el-dia-internacional-del-yoga","status":"publish","type":"post","link":"https:\/\/casadecampoliving.com\/es\/no-te-pierdas-el-evento-de-entrenamiento-de-yoga-de-casa-de-campo-para-el-dia-internacional-del-yoga\/","title":{"rendered":"No te pierdas el evento de entrenamiento de yoga de Casa de Campo para el D\u00eda Internacional del Yoga"},"content":{"rendered":"\n<p>Casa de Campo anuncia con entusiasmo el evento de entrenamiento de yoga de este a\u00f1o en celebraci\u00f3n del D\u00eda Internacional del Yoga el s\u00e1bado 18 de junio, de 9 a 11 de la ma\u00f1ana. El evento se llevar\u00e1 a cabo en la pintoresca Playa Minitas, brindando el entorno perfecto para una ma\u00f1ana rejuvenecedora de yoga dirigida por la destacada instructora, Kira Montagu.<\/p>\n\n\n\n<p>Kira Montagu es una renombrada experta en yoga Hatha, pranayama y meditaci\u00f3n. Bajo su gu\u00eda, los participantes emprender\u00e1n una sesi\u00f3n de yoga transformadora. El yoga Hatha se enfoca en posturas f\u00edsicas, ejercicios de respiraci\u00f3n y t\u00e9cnicas de meditaci\u00f3n, ofreciendo numerosos beneficios para el cuerpo y la mente.<\/p>\n\n\n\n<figure class=\"wp-block-image size-large\"><img data-recalc-dims=\"1\" loading=\"lazy\" decoding=\"async\" width=\"1024\" height=\"682\" src=\"https:\/\/i0.wp.com\/casadecampoliving.com\/wp-content\/uploads\/2023\/06\/Yoga-Day-2022-1.jpg?resize=1024%2C682&#038;ssl=1\" alt=\"\" class=\"wp-image-518678\" srcset=\"https:\/\/i0.wp.com\/casadecampoliving.com\/wp-content\/uploads\/2023\/06\/Yoga-Day-2022-1.jpg?resize=1024%2C682&amp;ssl=1 1024w, https:\/\/i0.wp.com\/casadecampoliving.com\/wp-content\/uploads\/2023\/06\/Yoga-Day-2022-1.jpg?resize=300%2C200&amp;ssl=1 300w, https:\/\/i0.wp.com\/casadecampoliving.com\/wp-content\/uploads\/2023\/06\/Yoga-Day-2022-1.jpg?resize=768%2C512&amp;ssl=1 768w, https:\/\/i0.wp.com\/casadecampoliving.com\/wp-content\/uploads\/2023\/06\/Yoga-Day-2022-1.jpg?resize=1536%2C1024&amp;ssl=1 1536w, https:\/\/i0.wp.com\/casadecampoliving.com\/wp-content\/uploads\/2023\/06\/Yoga-Day-2022-1.jpg?resize=1200%2C800&amp;ssl=1 1200w, https:\/\/i0.wp.com\/casadecampoliving.com\/wp-content\/uploads\/2023\/06\/Yoga-Day-2022-1.jpg?resize=1568%2C1045&amp;ssl=1 1568w, https:\/\/i0.wp.com\/casadecampoliving.com\/wp-content\/uploads\/2023\/06\/Yoga-Day-2022-1.jpg?resize=400%2C267&amp;ssl=1 400w, https:\/\/i0.wp.com\/casadecampoliving.com\/wp-content\/uploads\/2023\/06\/Yoga-Day-2022-1.jpg?resize=1320%2C880&amp;ssl=1 1320w, https:\/\/i0.wp.com\/casadecampoliving.com\/wp-content\/uploads\/2023\/06\/Yoga-Day-2022-1.jpg?resize=150%2C100&amp;ssl=1 150w, https:\/\/i0.wp.com\/casadecampoliving.com\/wp-content\/uploads\/2023\/06\/Yoga-Day-2022-1.jpg?w=2000&amp;ssl=1 2000w, https:\/\/i0.wp.com\/casadecampoliving.com\/wp-content\/uploads\/2023\/06\/Yoga-Day-2022-1-1024x682.jpg?w=370&amp;ssl=1 370w\" sizes=\"auto, (max-width: 1000px) 100vw, 1000px\" \/><\/figure>\n\n\n\n<p>Solo necesita traer su mat de yoga y ropa c\u00f3moda para participar en este evento. El entorno sereno de la Playa Minitas y el relajante sonido de las olas rompiendo en la orilla proporcionar\u00e1n el tel\u00f3n de fondo ideal para su experiencia de yoga.<\/p>\n\n\n\n<p>Aproveche esta oportunidad para conectar con personas afines e sumergase en la belleza de la naturaleza mientras te embarcas en un viaje de autodescubrimiento y bienestar.<\/p>\n\n\n\n<p>El yoga ha sido celebrado por sus beneficios para la salud durante miles de a\u00f1os, origin\u00e1ndose en India y extendi\u00e9ndose por todo el mundo. Engloba ejercicios f\u00edsicos y un enfoque hol\u00edstico hacia el bienestar mental y espiritual.<\/p>\n\n\n\n<figure class=\"wp-block-image size-large\"><img data-recalc-dims=\"1\" loading=\"lazy\" decoding=\"async\" width=\"1024\" height=\"682\" src=\"https:\/\/i0.wp.com\/casadecampoliving.com\/wp-content\/uploads\/2023\/06\/Yoga-Day-2022-3.jpg?resize=1024%2C682&#038;ssl=1\" alt=\"\" class=\"wp-image-518682\" srcset=\"https:\/\/i0.wp.com\/casadecampoliving.com\/wp-content\/uploads\/2023\/06\/Yoga-Day-2022-3.jpg?resize=1024%2C682&amp;ssl=1 1024w, https:\/\/i0.wp.com\/casadecampoliving.com\/wp-content\/uploads\/2023\/06\/Yoga-Day-2022-3.jpg?resize=300%2C200&amp;ssl=1 300w, https:\/\/i0.wp.com\/casadecampoliving.com\/wp-content\/uploads\/2023\/06\/Yoga-Day-2022-3.jpg?resize=768%2C512&amp;ssl=1 768w, https:\/\/i0.wp.com\/casadecampoliving.com\/wp-content\/uploads\/2023\/06\/Yoga-Day-2022-3.jpg?resize=1536%2C1024&amp;ssl=1 1536w, https:\/\/i0.wp.com\/casadecampoliving.com\/wp-content\/uploads\/2023\/06\/Yoga-Day-2022-3.jpg?resize=1200%2C800&amp;ssl=1 1200w, https:\/\/i0.wp.com\/casadecampoliving.com\/wp-content\/uploads\/2023\/06\/Yoga-Day-2022-3.jpg?resize=1568%2C1045&amp;ssl=1 1568w, https:\/\/i0.wp.com\/casadecampoliving.com\/wp-content\/uploads\/2023\/06\/Yoga-Day-2022-3.jpg?resize=400%2C267&amp;ssl=1 400w, https:\/\/i0.wp.com\/casadecampoliving.com\/wp-content\/uploads\/2023\/06\/Yoga-Day-2022-3.jpg?resize=1320%2C880&amp;ssl=1 1320w, https:\/\/i0.wp.com\/casadecampoliving.com\/wp-content\/uploads\/2023\/06\/Yoga-Day-2022-3.jpg?resize=150%2C100&amp;ssl=1 150w, https:\/\/i0.wp.com\/casadecampoliving.com\/wp-content\/uploads\/2023\/06\/Yoga-Day-2022-3.jpg?w=2000&amp;ssl=1 2000w, https:\/\/i0.wp.com\/casadecampoliving.com\/wp-content\/uploads\/2023\/06\/Yoga-Day-2022-3-1024x682.jpg?w=370&amp;ssl=1 370w\" sizes=\"auto, (max-width: 1000px) 100vw, 1000px\" \/><\/figure>\n\n\n\n<p>Ya sea un yogui experimentado o nuevo en la pr\u00e1ctica, la instrucci\u00f3n de Kira Montagu te dejar\u00e1 sinti\u00e9ndote renovado, centrado y lleno de energ\u00eda.<\/p>\n\n\n\n<p>Marque su calendario para el 18 de junio y \u00fanase a nosotros en esta celebraci\u00f3n global del yoga, promoviendo el bienestar, la unidad y la armon\u00eda en nuestras vidas y en el mundo que nos rodea.<\/p>\n\n\n\n<p>\u00a1Esperamos verlos all\u00ed!<\/p>\n\n\n<div class=\"wp-block-image\">\n<figure class=\"aligncenter size-full\"><img data-recalc-dims=\"1\" loading=\"lazy\" decoding=\"async\" width=\"1024\" height=\"1024\" src=\"https:\/\/i0.wp.com\/casadecampoliving.com\/wp-content\/uploads\/2023\/06\/WhatsApp-Image-2023-06-03-at-3.07.32-PM.jpeg?resize=1024%2C1024&#038;ssl=1\" alt=\"\" class=\"wp-image-518672\" srcset=\"https:\/\/i0.wp.com\/casadecampoliving.com\/wp-content\/uploads\/2023\/06\/WhatsApp-Image-2023-06-03-at-3.07.32-PM.jpeg?w=1024&amp;ssl=1 1024w, https:\/\/i0.wp.com\/casadecampoliving.com\/wp-content\/uploads\/2023\/06\/WhatsApp-Image-2023-06-03-at-3.07.32-PM.jpeg?resize=300%2C300&amp;ssl=1 300w, https:\/\/i0.wp.com\/casadecampoliving.com\/wp-content\/uploads\/2023\/06\/WhatsApp-Image-2023-06-03-at-3.07.32-PM.jpeg?resize=150%2C150&amp;ssl=1 150w, https:\/\/i0.wp.com\/casadecampoliving.com\/wp-content\/uploads\/2023\/06\/WhatsApp-Image-2023-06-03-at-3.07.32-PM.jpeg?resize=768%2C768&amp;ssl=1 768w, https:\/\/i0.wp.com\/casadecampoliving.com\/wp-content\/uploads\/2023\/06\/WhatsApp-Image-2023-06-03-at-3.07.32-PM.jpeg?resize=800%2C800&amp;ssl=1 800w, https:\/\/i0.wp.com\/casadecampoliving.com\/wp-content\/uploads\/2023\/06\/WhatsApp-Image-2023-06-03-at-3.07.32-PM.jpeg?resize=600%2C600&amp;ssl=1 600w, https:\/\/i0.wp.com\/casadecampoliving.com\/wp-content\/uploads\/2023\/06\/WhatsApp-Image-2023-06-03-at-3.07.32-PM.jpeg?resize=400%2C400&amp;ssl=1 400w, https:\/\/i0.wp.com\/casadecampoliving.com\/wp-content\/uploads\/2023\/06\/WhatsApp-Image-2023-06-03-at-3.07.32-PM.jpeg?resize=200%2C200&amp;ssl=1 200w, https:\/\/i0.wp.com\/casadecampoliving.com\/wp-content\/uploads\/2023\/06\/WhatsApp-Image-2023-06-03-at-3.07.32-PM.jpeg?resize=96%2C96&amp;ssl=1 96w, https:\/\/i0.wp.com\/casadecampoliving.com\/wp-content\/uploads\/2023\/06\/WhatsApp-Image-2023-06-03-at-3.07.32-PM.jpeg?w=370&amp;ssl=1 370w\" sizes=\"auto, (max-width: 1000px) 100vw, 1000px\" \/><\/figure>\n<\/div>\n\n\n<div class=\"wp-block-group is-style-border has-light-gray-background-color has-background\"><div class=\"wp-block-group__inner-container is-layout-constrained wp-block-group-is-layout-constrained\">\n<h2 class=\"wp-block-heading\">ACERCA DEL D\u00cdA INTERNACIONAL DEL YOGA<\/h2>\n\n\n\n<p>Este a\u00f1o marca la novena celebraci\u00f3n anual del D\u00eda Internacional del Yoga. El primer ministro de la India, Narendra Modi, propuso inicialmente el concepto de un d\u00eda global del yoga. Se eligi\u00f3 el 21 de junio como fecha, coincidiendo con el solsticio de verano en el Hemisferio Norte, el d\u00eda m\u00e1s largo del a\u00f1o.<\/p>\n\n\n\n<p>El primer ministro Narendra Modi declar\u00f3 una vez: \u00abEl yoga es un regalo invaluable de la antigua tradici\u00f3n de la India. Encarna la unidad de la mente y el cuerpo, el pensamiento y la acci\u00f3n, la moderaci\u00f3n y el cumplimiento, y la armon\u00eda entre la humanidad y la naturaleza. No se trata solo de ejercicio f\u00edsico, sino tambi\u00e9n de un medio para descubrir un sentido de unidad con uno mismo, el mundo y la naturaleza. Al cambiar nuestro estilo de vida y fomentar la conciencia, podemos contribuir a abordar el cambio clim\u00e1tico. Esforc\u00e9monos por abrazar el D\u00eda Internacional del Yoga como un esfuerzo colectivo\u00bb.<\/p>\n<\/div><\/div>\n","protected":false},"excerpt":{"rendered":"<p>Casa de Campo anuncia con entusiasmo el evento de entrenamiento de yoga de este a\u00f1o en celebraci\u00f3n del D\u00eda Internacional del Yoga el s\u00e1bado 18 de junio, de 9 a 11 de la ma\u00f1ana. El evento se llevar\u00e1 a cabo en la pintoresca Playa Minitas, brindando el entorno perfecto para una ma\u00f1ana rejuvenecedora de yoga [&hellip;]<\/p>\n","protected":false},"author":36791,"featured_media":518685,"comment_status":"closed","ping_status":"closed","sticky":false,"template":"","format":"standard","meta":{"newspack_ads_suppress_ads":false,"newspack_popups_has_disabled_popups":false,"newspack_sponsor_sponsorship_scope":"","newspack_sponsor_native_byline_display":"inherit","newspack_sponsor_native_category_display":"inherit","newspack_sponsor_underwriter_style":"inherit","newspack_sponsor_underwriter_placement":"inherit","_newspack_byline_active":false,"_newspack_byline":"","newspack_hide_updated_date":false,"newspack_show_updated_date":false,"newspack_content_restriction_is_exempt":false,"newspack_featured_image_position":"large","newspack_post_subtitle":"\u00danete a Kira Montagu para una sesi\u00f3n de yoga transformadora en la Playa Minitas el 18 de junio","newspack_article_summary_title":"Overview:","newspack_article_summary":"","_jetpack_memberships_contains_paid_content":false,"footnotes":"","jetpack_publicize_message":"","jetpack_publicize_feature_enabled":true,"jetpack_social_post_already_shared":false,"jetpack_social_options":{"image_generator_settings":{"template":"highway","default_image_id":0,"font":"","enabled":false},"version":2},"_wpas_customize_per_network":false},"categories":[14631,2522,14627,2521],"tags":[23815,3626,2575,22980,3375,24346,27474,15091,12837],"newspack_spnsrs_tax":[],"class_list":["post-518687","post","type-post","status-publish","format-standard","has-post-thumbnail","hentry","category-estilo-de-vida","category-eventos-es","category-proximamente","category-republica-dominicana-2","tag-casa-de-campo-es-17","tag-casa-de-campo-es","tag-comunidad-de-casa-de-campo","tag-dia-internacional-de-yoga","tag-eventos-y-actividades","tag-featured-es","tag-playa-minitas-2","tag-proximamente","tag-yoga-es","entry"],"yoast_head":"<!-- This site is optimized with the Yoast SEO plugin v27.4 - https:\/\/yoast.com\/product\/yoast-seo-wordpress\/ -->\n<title>No te pierdas el evento de entrenamiento de yoga de Casa de Campo para el D\u00eda Internacional del Yoga | Casa de Campo Living<\/title>\n<meta name=\"description\" content=\"Casa de Campo anuncia con entusiasmo el evento de entrenamiento de yoga de este a\u00f1o en celebraci\u00f3n del D\u00eda Internacional del Yoga el s\u00e1bado 18 de junio,\" \/>\n<meta name=\"robots\" content=\"index, follow, max-snippet:-1, max-image-preview:large, max-video-preview:-1\" \/>\n<link rel=\"canonical\" href=\"https:\/\/casadecampoliving.com\/es\/no-te-pierdas-el-evento-de-entrenamiento-de-yoga-de-casa-de-campo-para-el-dia-internacional-del-yoga\/\" \/>\n<meta property=\"og:locale\" content=\"es_ES\" \/>\n<meta property=\"og:type\" content=\"article\" \/>\n<meta property=\"og:title\" content=\"No te pierdas el evento de entrenamiento de yoga de Casa de Campo para el D\u00eda Internacional del Yoga | Casa de Campo Living\" \/>\n<meta property=\"og:description\" content=\"Casa de Campo anuncia con entusiasmo el evento de entrenamiento de yoga de este a\u00f1o en celebraci\u00f3n del D\u00eda Internacional del Yoga el s\u00e1bado 18 de junio,\" \/>\n<meta property=\"og:url\" content=\"https:\/\/casadecampoliving.com\/es\/no-te-pierdas-el-evento-de-entrenamiento-de-yoga-de-casa-de-campo-para-el-dia-internacional-del-yoga\/\" \/>\n<meta property=\"og:site_name\" content=\"Casa de Campo Living\" \/>\n<meta property=\"article:publisher\" content=\"https:\/\/www.facebook.com\/casadecampoliving\" \/>\n<meta property=\"article:published_time\" content=\"2023-06-12T22:51:49+00:00\" \/>\n<meta property=\"article:modified_time\" content=\"2023-06-12T23:44:34+00:00\" \/>\n<meta property=\"og:image\" content=\"https:\/\/casadecampoliving.com\/wp-content\/uploads\/2023\/06\/Yoga-Day-2022.jpg\" \/>\n\t<meta property=\"og:image:width\" content=\"2000\" \/>\n\t<meta property=\"og:image:height\" content=\"1333\" \/>\n\t<meta property=\"og:image:type\" content=\"image\/jpeg\" \/>\n<meta name=\"author\" content=\"Casa de Campo Living\" \/>\n<meta name=\"twitter:card\" content=\"summary_large_image\" \/>\n<meta name=\"twitter:creator\" content=\"@cdcliving\" \/>\n<meta name=\"twitter:site\" content=\"@cdcliving\" \/>\n<meta name=\"twitter:label1\" content=\"Escrito por\" \/>\n\t<meta name=\"twitter:data1\" content=\"Casa de Campo Living\" \/>\n\t<meta name=\"twitter:label2\" content=\"Tiempo de lectura\" \/>\n\t<meta name=\"twitter:data2\" content=\"3 minutos\" \/>\n<script type=\"application\/ld+json\" class=\"yoast-schema-graph\">{\"@context\":\"https:\\\/\\\/schema.org\",\"@graph\":[{\"@type\":\"Article\",\"@id\":\"https:\\\/\\\/casadecampoliving.com\\\/es\\\/no-te-pierdas-el-evento-de-entrenamiento-de-yoga-de-casa-de-campo-para-el-dia-internacional-del-yoga\\\/#article\",\"isPartOf\":{\"@id\":\"https:\\\/\\\/casadecampoliving.com\\\/es\\\/no-te-pierdas-el-evento-de-entrenamiento-de-yoga-de-casa-de-campo-para-el-dia-internacional-del-yoga\\\/\"},\"author\":{\"name\":\"Casa de Campo Living\",\"@id\":\"https:\\\/\\\/casadecampoliving.com\\\/es\\\/#\\\/schema\\\/person\\\/5d2171637a9d11e0e43ce6b8555f9422\"},\"headline\":\"No te pierdas el evento de entrenamiento de yoga de Casa de Campo para el D\u00eda Internacional del Yoga\",\"datePublished\":\"2023-06-12T22:51:49+00:00\",\"dateModified\":\"2023-06-12T23:44:34+00:00\",\"mainEntityOfPage\":{\"@id\":\"https:\\\/\\\/casadecampoliving.com\\\/es\\\/no-te-pierdas-el-evento-de-entrenamiento-de-yoga-de-casa-de-campo-para-el-dia-internacional-del-yoga\\\/\"},\"wordCount\":503,\"publisher\":{\"@id\":\"https:\\\/\\\/casadecampoliving.com\\\/es\\\/#organization\"},\"image\":{\"@id\":\"https:\\\/\\\/casadecampoliving.com\\\/es\\\/no-te-pierdas-el-evento-de-entrenamiento-de-yoga-de-casa-de-campo-para-el-dia-internacional-del-yoga\\\/#primaryimage\"},\"thumbnailUrl\":\"https:\\\/\\\/i0.wp.com\\\/casadecampoliving.com\\\/wp-content\\\/uploads\\\/2023\\\/06\\\/Yoga-Day-2022.jpg?fit=2000%2C1333&ssl=1\",\"keywords\":[\"Casa de Campo\",\"casa de campo @es\",\"comunidad de casa de campo\",\"dia internacional de yoga\",\"eventos y actividades\",\"Featured\",\"playa minitas\",\"Proximamente\",\"Yoga @es\"],\"articleSection\":[\"Estilo de Vida\",\"Eventos\",\"Proximamente\",\"Rep\u00fablica Dominicana @es\"],\"inLanguage\":\"es\"},{\"@type\":\"WebPage\",\"@id\":\"https:\\\/\\\/casadecampoliving.com\\\/es\\\/no-te-pierdas-el-evento-de-entrenamiento-de-yoga-de-casa-de-campo-para-el-dia-internacional-del-yoga\\\/\",\"url\":\"https:\\\/\\\/casadecampoliving.com\\\/es\\\/no-te-pierdas-el-evento-de-entrenamiento-de-yoga-de-casa-de-campo-para-el-dia-internacional-del-yoga\\\/\",\"name\":\"No te pierdas el evento de entrenamiento de yoga de Casa de Campo para el D\u00eda Internacional del Yoga | Casa de Campo Living\",\"isPartOf\":{\"@id\":\"https:\\\/\\\/casadecampoliving.com\\\/es\\\/#website\"},\"primaryImageOfPage\":{\"@id\":\"https:\\\/\\\/casadecampoliving.com\\\/es\\\/no-te-pierdas-el-evento-de-entrenamiento-de-yoga-de-casa-de-campo-para-el-dia-internacional-del-yoga\\\/#primaryimage\"},\"image\":{\"@id\":\"https:\\\/\\\/casadecampoliving.com\\\/es\\\/no-te-pierdas-el-evento-de-entrenamiento-de-yoga-de-casa-de-campo-para-el-dia-internacional-del-yoga\\\/#primaryimage\"},\"thumbnailUrl\":\"https:\\\/\\\/i0.wp.com\\\/casadecampoliving.com\\\/wp-content\\\/uploads\\\/2023\\\/06\\\/Yoga-Day-2022.jpg?fit=2000%2C1333&ssl=1\",\"datePublished\":\"2023-06-12T22:51:49+00:00\",\"dateModified\":\"2023-06-12T23:44:34+00:00\",\"description\":\"Casa de Campo anuncia con entusiasmo el evento de entrenamiento de yoga de este a\u00f1o en celebraci\u00f3n del D\u00eda Internacional del Yoga el s\u00e1bado 18 de junio,\",\"breadcrumb\":{\"@id\":\"https:\\\/\\\/casadecampoliving.com\\\/es\\\/no-te-pierdas-el-evento-de-entrenamiento-de-yoga-de-casa-de-campo-para-el-dia-internacional-del-yoga\\\/#breadcrumb\"},\"inLanguage\":\"es\",\"potentialAction\":[{\"@type\":\"ReadAction\",\"target\":[\"https:\\\/\\\/casadecampoliving.com\\\/es\\\/no-te-pierdas-el-evento-de-entrenamiento-de-yoga-de-casa-de-campo-para-el-dia-internacional-del-yoga\\\/\"]}]},{\"@type\":\"ImageObject\",\"inLanguage\":\"es\",\"@id\":\"https:\\\/\\\/casadecampoliving.com\\\/es\\\/no-te-pierdas-el-evento-de-entrenamiento-de-yoga-de-casa-de-campo-para-el-dia-internacional-del-yoga\\\/#primaryimage\",\"url\":\"https:\\\/\\\/i0.wp.com\\\/casadecampoliving.com\\\/wp-content\\\/uploads\\\/2023\\\/06\\\/Yoga-Day-2022.jpg?fit=2000%2C1333&ssl=1\",\"contentUrl\":\"https:\\\/\\\/i0.wp.com\\\/casadecampoliving.com\\\/wp-content\\\/uploads\\\/2023\\\/06\\\/Yoga-Day-2022.jpg?fit=2000%2C1333&ssl=1\",\"width\":2000,\"height\":1333},{\"@type\":\"BreadcrumbList\",\"@id\":\"https:\\\/\\\/casadecampoliving.com\\\/es\\\/no-te-pierdas-el-evento-de-entrenamiento-de-yoga-de-casa-de-campo-para-el-dia-internacional-del-yoga\\\/#breadcrumb\",\"itemListElement\":[{\"@type\":\"ListItem\",\"position\":1,\"name\":\"Home\",\"item\":\"https:\\\/\\\/casadecampoliving.com\\\/es\\\/\"},{\"@type\":\"ListItem\",\"position\":2,\"name\":\"No te pierdas el evento de entrenamiento de yoga de Casa de Campo para el D\u00eda Internacional del Yoga\"}]},{\"@type\":\"WebSite\",\"@id\":\"https:\\\/\\\/casadecampoliving.com\\\/es\\\/#website\",\"url\":\"https:\\\/\\\/casadecampoliving.com\\\/es\\\/\",\"name\":\"Casa de Campo Living\",\"description\":\"Resort community news and resources.\",\"publisher\":{\"@id\":\"https:\\\/\\\/casadecampoliving.com\\\/es\\\/#organization\"},\"potentialAction\":[{\"@type\":\"SearchAction\",\"target\":{\"@type\":\"EntryPoint\",\"urlTemplate\":\"https:\\\/\\\/casadecampoliving.com\\\/es\\\/?s={search_term_string}\"},\"query-input\":{\"@type\":\"PropertyValueSpecification\",\"valueRequired\":true,\"valueName\":\"search_term_string\"}}],\"inLanguage\":\"es\"},{\"@type\":\"Organization\",\"@id\":\"https:\\\/\\\/casadecampoliving.com\\\/es\\\/#organization\",\"name\":\"Casa de Campo Living\",\"url\":\"https:\\\/\\\/casadecampoliving.com\\\/es\\\/\",\"logo\":{\"@type\":\"ImageObject\",\"inLanguage\":\"es\",\"@id\":\"https:\\\/\\\/casadecampoliving.com\\\/es\\\/#\\\/schema\\\/logo\\\/image\\\/\",\"url\":\"https:\\\/\\\/i0.wp.com\\\/casadecampoliving.com\\\/wp-content\\\/uploads\\\/2022\\\/07\\\/CDCLivingLogo_V1-white-sized.png?fit=800%2C214&ssl=1\",\"contentUrl\":\"https:\\\/\\\/i0.wp.com\\\/casadecampoliving.com\\\/wp-content\\\/uploads\\\/2022\\\/07\\\/CDCLivingLogo_V1-white-sized.png?fit=800%2C214&ssl=1\",\"width\":800,\"height\":214,\"caption\":\"Casa de Campo Living\"},\"image\":{\"@id\":\"https:\\\/\\\/casadecampoliving.com\\\/es\\\/#\\\/schema\\\/logo\\\/image\\\/\"},\"sameAs\":[\"https:\\\/\\\/www.facebook.com\\\/casadecampoliving\",\"https:\\\/\\\/x.com\\\/cdcliving\"]},{\"@type\":\"Person\",\"@id\":\"https:\\\/\\\/casadecampoliving.com\\\/es\\\/#\\\/schema\\\/person\\\/5d2171637a9d11e0e43ce6b8555f9422\",\"name\":\"Casa de Campo Living\",\"image\":{\"@type\":\"ImageObject\",\"inLanguage\":\"es\",\"@id\":\"https:\\\/\\\/secure.gravatar.com\\\/avatar\\\/d04101fa4a9fd431e939953b1500fdc7a73cd35029f86d98712fd8ccdaebaf9a?s=96&d=mm&r=g\",\"url\":\"https:\\\/\\\/secure.gravatar.com\\\/avatar\\\/d04101fa4a9fd431e939953b1500fdc7a73cd35029f86d98712fd8ccdaebaf9a?s=96&d=mm&r=g\",\"contentUrl\":\"https:\\\/\\\/secure.gravatar.com\\\/avatar\\\/d04101fa4a9fd431e939953b1500fdc7a73cd35029f86d98712fd8ccdaebaf9a?s=96&d=mm&r=g\",\"caption\":\"Casa de Campo Living\"},\"url\":\"https:\\\/\\\/casadecampoliving.com\\\/es\\\/author\\\/casa-de-campo-living\\\/\"}]}<\/script>\n<!-- \/ Yoast SEO plugin. -->","yoast_head_json":{"title":"No te pierdas el evento de entrenamiento de yoga de Casa de Campo para el D\u00eda Internacional del Yoga | Casa de Campo Living","description":"Casa de Campo anuncia con entusiasmo el evento de entrenamiento de yoga de este a\u00f1o en celebraci\u00f3n del D\u00eda Internacional del Yoga el s\u00e1bado 18 de junio,","robots":{"index":"index","follow":"follow","max-snippet":"max-snippet:-1","max-image-preview":"max-image-preview:large","max-video-preview":"max-video-preview:-1"},"canonical":"https:\/\/casadecampoliving.com\/es\/no-te-pierdas-el-evento-de-entrenamiento-de-yoga-de-casa-de-campo-para-el-dia-internacional-del-yoga\/","og_locale":"es_ES","og_type":"article","og_title":"No te pierdas el evento de entrenamiento de yoga de Casa de Campo para el D\u00eda Internacional del Yoga | Casa de Campo Living","og_description":"Casa de Campo anuncia con entusiasmo el evento de entrenamiento de yoga de este a\u00f1o en celebraci\u00f3n del D\u00eda Internacional del Yoga el s\u00e1bado 18 de junio,","og_url":"https:\/\/casadecampoliving.com\/es\/no-te-pierdas-el-evento-de-entrenamiento-de-yoga-de-casa-de-campo-para-el-dia-internacional-del-yoga\/","og_site_name":"Casa de Campo Living","article_publisher":"https:\/\/www.facebook.com\/casadecampoliving","article_published_time":"2023-06-12T22:51:49+00:00","article_modified_time":"2023-06-12T23:44:34+00:00","og_image":[{"width":2000,"height":1333,"url":"https:\/\/casadecampoliving.com\/wp-content\/uploads\/2023\/06\/Yoga-Day-2022.jpg","type":"image\/jpeg"}],"author":"Casa de Campo Living","twitter_card":"summary_large_image","twitter_creator":"@cdcliving","twitter_site":"@cdcliving","twitter_misc":{"Escrito por":"Casa de Campo Living","Tiempo de lectura":"3 minutos"},"schema":{"@context":"https:\/\/schema.org","@graph":[{"@type":"Article","@id":"https:\/\/casadecampoliving.com\/es\/no-te-pierdas-el-evento-de-entrenamiento-de-yoga-de-casa-de-campo-para-el-dia-internacional-del-yoga\/#article","isPartOf":{"@id":"https:\/\/casadecampoliving.com\/es\/no-te-pierdas-el-evento-de-entrenamiento-de-yoga-de-casa-de-campo-para-el-dia-internacional-del-yoga\/"},"author":{"name":"Casa de Campo Living","@id":"https:\/\/casadecampoliving.com\/es\/#\/schema\/person\/5d2171637a9d11e0e43ce6b8555f9422"},"headline":"No te pierdas el evento de entrenamiento de yoga de Casa de Campo para el D\u00eda Internacional del Yoga","datePublished":"2023-06-12T22:51:49+00:00","dateModified":"2023-06-12T23:44:34+00:00","mainEntityOfPage":{"@id":"https:\/\/casadecampoliving.com\/es\/no-te-pierdas-el-evento-de-entrenamiento-de-yoga-de-casa-de-campo-para-el-dia-internacional-del-yoga\/"},"wordCount":503,"publisher":{"@id":"https:\/\/casadecampoliving.com\/es\/#organization"},"image":{"@id":"https:\/\/casadecampoliving.com\/es\/no-te-pierdas-el-evento-de-entrenamiento-de-yoga-de-casa-de-campo-para-el-dia-internacional-del-yoga\/#primaryimage"},"thumbnailUrl":"https:\/\/i0.wp.com\/casadecampoliving.com\/wp-content\/uploads\/2023\/06\/Yoga-Day-2022.jpg?fit=2000%2C1333&ssl=1","keywords":["Casa de Campo","casa de campo @es","comunidad de casa de campo","dia internacional de yoga","eventos y actividades","Featured","playa minitas","Proximamente","Yoga @es"],"articleSection":["Estilo de Vida","Eventos","Proximamente","Rep\u00fablica Dominicana @es"],"inLanguage":"es"},{"@type":"WebPage","@id":"https:\/\/casadecampoliving.com\/es\/no-te-pierdas-el-evento-de-entrenamiento-de-yoga-de-casa-de-campo-para-el-dia-internacional-del-yoga\/","url":"https:\/\/casadecampoliving.com\/es\/no-te-pierdas-el-evento-de-entrenamiento-de-yoga-de-casa-de-campo-para-el-dia-internacional-del-yoga\/","name":"No te pierdas el evento de entrenamiento de yoga de Casa de Campo para el D\u00eda Internacional del Yoga | Casa de Campo Living","isPartOf":{"@id":"https:\/\/casadecampoliving.com\/es\/#website"},"primaryImageOfPage":{"@id":"https:\/\/casadecampoliving.com\/es\/no-te-pierdas-el-evento-de-entrenamiento-de-yoga-de-casa-de-campo-para-el-dia-internacional-del-yoga\/#primaryimage"},"image":{"@id":"https:\/\/casadecampoliving.com\/es\/no-te-pierdas-el-evento-de-entrenamiento-de-yoga-de-casa-de-campo-para-el-dia-internacional-del-yoga\/#primaryimage"},"thumbnailUrl":"https:\/\/i0.wp.com\/casadecampoliving.com\/wp-content\/uploads\/2023\/06\/Yoga-Day-2022.jpg?fit=2000%2C1333&ssl=1","datePublished":"2023-06-12T22:51:49+00:00","dateModified":"2023-06-12T23:44:34+00:00","description":"Casa de Campo anuncia con entusiasmo el evento de entrenamiento de yoga de este a\u00f1o en celebraci\u00f3n del D\u00eda Internacional del Yoga el s\u00e1bado 18 de junio,","breadcrumb":{"@id":"https:\/\/casadecampoliving.com\/es\/no-te-pierdas-el-evento-de-entrenamiento-de-yoga-de-casa-de-campo-para-el-dia-internacional-del-yoga\/#breadcrumb"},"inLanguage":"es","potentialAction":[{"@type":"ReadAction","target":["https:\/\/casadecampoliving.com\/es\/no-te-pierdas-el-evento-de-entrenamiento-de-yoga-de-casa-de-campo-para-el-dia-internacional-del-yoga\/"]}]},{"@type":"ImageObject","inLanguage":"es","@id":"https:\/\/casadecampoliving.com\/es\/no-te-pierdas-el-evento-de-entrenamiento-de-yoga-de-casa-de-campo-para-el-dia-internacional-del-yoga\/#primaryimage","url":"https:\/\/i0.wp.com\/casadecampoliving.com\/wp-content\/uploads\/2023\/06\/Yoga-Day-2022.jpg?fit=2000%2C1333&ssl=1","contentUrl":"https:\/\/i0.wp.com\/casadecampoliving.com\/wp-content\/uploads\/2023\/06\/Yoga-Day-2022.jpg?fit=2000%2C1333&ssl=1","width":2000,"height":1333},{"@type":"BreadcrumbList","@id":"https:\/\/casadecampoliving.com\/es\/no-te-pierdas-el-evento-de-entrenamiento-de-yoga-de-casa-de-campo-para-el-dia-internacional-del-yoga\/#breadcrumb","itemListElement":[{"@type":"ListItem","position":1,"name":"Home","item":"https:\/\/casadecampoliving.com\/es\/"},{"@type":"ListItem","position":2,"name":"No te pierdas el evento de entrenamiento de yoga de Casa de Campo para el D\u00eda Internacional del Yoga"}]},{"@type":"WebSite","@id":"https:\/\/casadecampoliving.com\/es\/#website","url":"https:\/\/casadecampoliving.com\/es\/","name":"Casa de Campo Living","description":"Resort community news and resources.","publisher":{"@id":"https:\/\/casadecampoliving.com\/es\/#organization"},"potentialAction":[{"@type":"SearchAction","target":{"@type":"EntryPoint","urlTemplate":"https:\/\/casadecampoliving.com\/es\/?s={search_term_string}"},"query-input":{"@type":"PropertyValueSpecification","valueRequired":true,"valueName":"search_term_string"}}],"inLanguage":"es"},{"@type":"Organization","@id":"https:\/\/casadecampoliving.com\/es\/#organization","name":"Casa de Campo Living","url":"https:\/\/casadecampoliving.com\/es\/","logo":{"@type":"ImageObject","inLanguage":"es","@id":"https:\/\/casadecampoliving.com\/es\/#\/schema\/logo\/image\/","url":"https:\/\/i0.wp.com\/casadecampoliving.com\/wp-content\/uploads\/2022\/07\/CDCLivingLogo_V1-white-sized.png?fit=800%2C214&ssl=1","contentUrl":"https:\/\/i0.wp.com\/casadecampoliving.com\/wp-content\/uploads\/2022\/07\/CDCLivingLogo_V1-white-sized.png?fit=800%2C214&ssl=1","width":800,"height":214,"caption":"Casa de Campo Living"},"image":{"@id":"https:\/\/casadecampoliving.com\/es\/#\/schema\/logo\/image\/"},"sameAs":["https:\/\/www.facebook.com\/casadecampoliving","https:\/\/x.com\/cdcliving"]},{"@type":"Person","@id":"https:\/\/casadecampoliving.com\/es\/#\/schema\/person\/5d2171637a9d11e0e43ce6b8555f9422","name":"Casa de Campo Living","image":{"@type":"ImageObject","inLanguage":"es","@id":"https:\/\/secure.gravatar.com\/avatar\/d04101fa4a9fd431e939953b1500fdc7a73cd35029f86d98712fd8ccdaebaf9a?s=96&d=mm&r=g","url":"https:\/\/secure.gravatar.com\/avatar\/d04101fa4a9fd431e939953b1500fdc7a73cd35029f86d98712fd8ccdaebaf9a?s=96&d=mm&r=g","contentUrl":"https:\/\/secure.gravatar.com\/avatar\/d04101fa4a9fd431e939953b1500fdc7a73cd35029f86d98712fd8ccdaebaf9a?s=96&d=mm&r=g","caption":"Casa de Campo Living"},"url":"https:\/\/casadecampoliving.com\/es\/author\/casa-de-campo-living\/"}]}},"parsely":{"version":"1.1.0","canonical_url":"https:\/\/casadecampoliving.com\/es\/no-te-pierdas-el-evento-de-entrenamiento-de-yoga-de-casa-de-campo-para-el-dia-internacional-del-yoga\/","smart_links":{"inbound":0,"outbound":0},"traffic_boost_suggestions_count":0,"meta":{"@context":"https:\/\/schema.org","@type":"NewsArticle","headline":"No te pierdas el evento de entrenamiento de yoga de Casa de Campo para el D\u00eda Internacional del Yoga","url":"http:\/\/casadecampoliving.com\/es\/no-te-pierdas-el-evento-de-entrenamiento-de-yoga-de-casa-de-campo-para-el-dia-internacional-del-yoga\/","mainEntityOfPage":{"@type":"WebPage","@id":"http:\/\/casadecampoliving.com\/es\/no-te-pierdas-el-evento-de-entrenamiento-de-yoga-de-casa-de-campo-para-el-dia-internacional-del-yoga\/"},"thumbnailUrl":"https:\/\/i0.wp.com\/casadecampoliving.com\/wp-content\/uploads\/2023\/06\/Yoga-Day-2022.jpg?resize=150%2C150&ssl=1","image":{"@type":"ImageObject","url":"https:\/\/i0.wp.com\/casadecampoliving.com\/wp-content\/uploads\/2023\/06\/Yoga-Day-2022.jpg?fit=2000%2C1333&ssl=1"},"articleSection":"Estilo de Vida","author":[{"@type":"Person","name":"Casa de Campo Living"}],"creator":["Casa de Campo Living"],"publisher":{"@type":"Organization","name":"Casa de Campo Living","logo":"https:\/\/casadecampoliving.com\/wp-content\/uploads\/2022\/07\/CDCLivingLogo_V1-white-sized.png"},"keywords":["casa de campo","casa de campo @es","comunidad de casa de campo","dia internacional de yoga","eventos y actividades","featured","playa minitas","proximamente","yoga @es"],"dateCreated":"2023-06-12T22:51:49Z","datePublished":"2023-06-12T22:51:49Z","dateModified":"2023-06-12T23:44:34Z"},"rendered":"<script type=\"application\/ld+json\" class=\"wp-parsely-metadata\">{\"@context\":\"https:\\\/\\\/schema.org\",\"@type\":\"NewsArticle\",\"headline\":\"No te pierdas el evento de entrenamiento de yoga de Casa de Campo para el D\\u00eda Internacional del Yoga\",\"url\":\"http:\\\/\\\/casadecampoliving.com\\\/es\\\/no-te-pierdas-el-evento-de-entrenamiento-de-yoga-de-casa-de-campo-para-el-dia-internacional-del-yoga\\\/\",\"mainEntityOfPage\":{\"@type\":\"WebPage\",\"@id\":\"http:\\\/\\\/casadecampoliving.com\\\/es\\\/no-te-pierdas-el-evento-de-entrenamiento-de-yoga-de-casa-de-campo-para-el-dia-internacional-del-yoga\\\/\"},\"thumbnailUrl\":\"https:\\\/\\\/i0.wp.com\\\/casadecampoliving.com\\\/wp-content\\\/uploads\\\/2023\\\/06\\\/Yoga-Day-2022.jpg?resize=150%2C150&ssl=1\",\"image\":{\"@type\":\"ImageObject\",\"url\":\"https:\\\/\\\/i0.wp.com\\\/casadecampoliving.com\\\/wp-content\\\/uploads\\\/2023\\\/06\\\/Yoga-Day-2022.jpg?fit=2000%2C1333&ssl=1\"},\"articleSection\":\"Estilo de Vida\",\"author\":[{\"@type\":\"Person\",\"name\":\"Casa de Campo Living\"}],\"creator\":[\"Casa de Campo Living\"],\"publisher\":{\"@type\":\"Organization\",\"name\":\"Casa de Campo Living\",\"logo\":\"https:\\\/\\\/casadecampoliving.com\\\/wp-content\\\/uploads\\\/2022\\\/07\\\/CDCLivingLogo_V1-white-sized.png\"},\"keywords\":[\"casa de campo\",\"casa de campo @es\",\"comunidad de casa de campo\",\"dia internacional de yoga\",\"eventos y actividades\",\"featured\",\"playa minitas\",\"proximamente\",\"yoga @es\"],\"dateCreated\":\"2023-06-12T22:51:49Z\",\"datePublished\":\"2023-06-12T22:51:49Z\",\"dateModified\":\"2023-06-12T23:44:34Z\"}<\/script>","tracker_url":"https:\/\/cdn.parsely.com\/keys\/casadecampoliving.com\/p.js"},"jetpack_publicize_connections":[],"jetpack_featured_media_url":"https:\/\/i0.wp.com\/casadecampoliving.com\/wp-content\/uploads\/2023\/06\/Yoga-Day-2022.jpg?fit=2000%2C1333&ssl=1","jetpack-related-posts":[{"id":531705,"url":"https:\/\/casadecampoliving.com\/es\/casa-de-campo-celebra-el-dia-internacional-del-yoga-2024-con-una-sesion-especial\/","url_meta":{"origin":518687,"position":0},"title":"Casa de Campo celebra el D\u00eda Internacional del Yoga 2024 con una sesi\u00f3n especial","author":"Casa de Campo Living","date":"4 Jun, 2024","format":false,"excerpt":"Casa de Campo invita a los amantes del yoga a una sesi\u00f3n especial de entrenamiento dirigida por las reconocidas instructoras Kira Montagu y Jackie Arvelo, en honor al D\u00eda Internacional del Yoga. El evento comienza a las 5:00 p.m. del s\u00e1bado 8 de junio en Playa Minitas. Los participantes podr\u00e1n\u2026","rel":"","context":"En \u00abCasa de Campo Resort &amp; Villas\u00bb","block_context":{"text":"Casa de Campo Resort &amp; Villas","link":"https:\/\/casadecampoliving.com\/es\/category\/casa-de-campo-resort-villas\/"},"img":{"alt_text":"","src":"https:\/\/i0.wp.com\/casadecampoliving.com\/wp-content\/uploads\/2023\/06\/Dia-Internacional-del-Yoga-6.jpg?fit=1200%2C800&ssl=1&resize=350%2C200","width":350,"height":200,"srcset":"https:\/\/i0.wp.com\/casadecampoliving.com\/wp-content\/uploads\/2023\/06\/Dia-Internacional-del-Yoga-6.jpg?fit=1200%2C800&ssl=1&resize=350%2C200 1x, https:\/\/i0.wp.com\/casadecampoliving.com\/wp-content\/uploads\/2023\/06\/Dia-Internacional-del-Yoga-6.jpg?fit=1200%2C800&ssl=1&resize=525%2C300 1.5x, https:\/\/i0.wp.com\/casadecampoliving.com\/wp-content\/uploads\/2023\/06\/Dia-Internacional-del-Yoga-6.jpg?fit=1200%2C800&ssl=1&resize=700%2C400 2x, https:\/\/i0.wp.com\/casadecampoliving.com\/wp-content\/uploads\/2023\/06\/Dia-Internacional-del-Yoga-6.jpg?fit=1200%2C800&ssl=1&resize=1050%2C600 3x"},"classes":[]},{"id":542308,"url":"https:\/\/casadecampoliving.com\/es\/celebra-el-dia-internacional-del-yoga-en-casa-de-campo\/","url_meta":{"origin":518687,"position":1},"title":"Celebra el D\u00eda Internacional del Yoga en Casa de Campo","author":"Casa de Campo Living","date":"19 Jun, 2025","format":false,"excerpt":"Casa de Campo invita a sus hu\u00e9spedes y residentes a conmemorar el D\u00eda Internacional del Yoga con una sesi\u00f3n especial al amanecer. El evento se llevar\u00e1 a cabo el 21 de junio a las 8:15 a.m. en la playa de Minitas, bajo la gu\u00eda de Kyra Montagu y Jackie Arvelo.\u2026","rel":"","context":"En \u00abEstilo de Vida\u00bb","block_context":{"text":"Estilo de Vida","link":"https:\/\/casadecampoliving.com\/es\/category\/estilo-de-vida\/"},"img":{"alt_text":"","src":"https:\/\/i0.wp.com\/casadecampoliving.com\/wp-content\/uploads\/2024\/06\/World-Yoga-Day-2024-CDC-25.jpg?fit=1200%2C800&ssl=1&resize=350%2C200","width":350,"height":200,"srcset":"https:\/\/i0.wp.com\/casadecampoliving.com\/wp-content\/uploads\/2024\/06\/World-Yoga-Day-2024-CDC-25.jpg?fit=1200%2C800&ssl=1&resize=350%2C200 1x, https:\/\/i0.wp.com\/casadecampoliving.com\/wp-content\/uploads\/2024\/06\/World-Yoga-Day-2024-CDC-25.jpg?fit=1200%2C800&ssl=1&resize=525%2C300 1.5x, https:\/\/i0.wp.com\/casadecampoliving.com\/wp-content\/uploads\/2024\/06\/World-Yoga-Day-2024-CDC-25.jpg?fit=1200%2C800&ssl=1&resize=700%2C400 2x, https:\/\/i0.wp.com\/casadecampoliving.com\/wp-content\/uploads\/2024\/06\/World-Yoga-Day-2024-CDC-25.jpg?fit=1200%2C800&ssl=1&resize=1050%2C600 3x"},"classes":[]},{"id":354421,"url":"https:\/\/casadecampoliving.com\/es\/unase-al-entrenamiento-gratuito-de-yoga-de-esta-semana-en-playa-minitas\/","url_meta":{"origin":518687,"position":2},"title":"\u00danase al entrenamiento gratuito de yoga de esta semana en Playa Minitas","author":"Casa de Campo Living","date":"14 Jun, 2022","format":false,"excerpt":"Este a\u00f1o celebraremos anticipadamente el D\u00eda Internacional del Yoga 2022. El s\u00e1bado 18 de junio est\u00e1 invitado a una tarde de yoga en Playa Minitas, la manera perfecta de descansar, relajarse, revitalizarse y recargar energ\u00edas junto con amigos y compa\u00f1eros de ideas afines. Esta actividad de yoga estar\u00e1 dirigida por\u2026","rel":"","context":"En \u00abCasa de Campo Living @es\u00bb","block_context":{"text":"Casa de Campo Living @es","link":"https:\/\/casadecampoliving.com\/category\/casa-de-campo-living-es\/"},"img":{"alt_text":"","src":"https:\/\/i0.wp.com\/casadecampoliving.com\/wp-content\/uploads\/2022\/10\/EJ4B0220-1.jpg?fit=1000%2C667&ssl=1&resize=350%2C200","width":350,"height":200,"srcset":"https:\/\/i0.wp.com\/casadecampoliving.com\/wp-content\/uploads\/2022\/10\/EJ4B0220-1.jpg?fit=1000%2C667&ssl=1&resize=350%2C200 1x, https:\/\/i0.wp.com\/casadecampoliving.com\/wp-content\/uploads\/2022\/10\/EJ4B0220-1.jpg?fit=1000%2C667&ssl=1&resize=525%2C300 1.5x, https:\/\/i0.wp.com\/casadecampoliving.com\/wp-content\/uploads\/2022\/10\/EJ4B0220-1.jpg?fit=1000%2C667&ssl=1&resize=700%2C400 2x"},"classes":[]},{"id":542449,"url":"https:\/\/casadecampoliving.com\/es\/casa-de-campo-celebra-el-dia-internacional-del-yoga-con-una-revitalizante-sesion-en-la-playa\/","url_meta":{"origin":518687,"position":3},"title":"Casa de Campo Celebra el D\u00eda Internacional del Yoga con una Revitalizante Sesi\u00f3n en la Playa","author":"Casa de Campo Living","date":"1 Jul, 2025","format":false,"excerpt":"Casa de Campo Resort & Villas celebr\u00f3 el D\u00eda Internacional del Yoga el pasado 21 de junio con una sesi\u00f3n matutina de yoga y meditaci\u00f3n frente al mar, en la playa Minitas. Guiado por las expertas en bienestar Kira Montagu y Jackie Arvelo, el evento reuni\u00f3 a hu\u00e9spedes y residentes\u2026","rel":"","context":"En \u00abCasa de Campo Resort &amp; Villas\u00bb","block_context":{"text":"Casa de Campo Resort &amp; Villas","link":"https:\/\/casadecampoliving.com\/es\/category\/casa-de-campo-resort-villas\/"},"img":{"alt_text":"","src":"https:\/\/i0.wp.com\/casadecampoliving.com\/wp-content\/uploads\/2025\/07\/FN3A7576-scaled.jpg?fit=1200%2C800&ssl=1&resize=350%2C200","width":350,"height":200,"srcset":"https:\/\/i0.wp.com\/casadecampoliving.com\/wp-content\/uploads\/2025\/07\/FN3A7576-scaled.jpg?fit=1200%2C800&ssl=1&resize=350%2C200 1x, https:\/\/i0.wp.com\/casadecampoliving.com\/wp-content\/uploads\/2025\/07\/FN3A7576-scaled.jpg?fit=1200%2C800&ssl=1&resize=525%2C300 1.5x, https:\/\/i0.wp.com\/casadecampoliving.com\/wp-content\/uploads\/2025\/07\/FN3A7576-scaled.jpg?fit=1200%2C800&ssl=1&resize=700%2C400 2x, https:\/\/i0.wp.com\/casadecampoliving.com\/wp-content\/uploads\/2025\/07\/FN3A7576-scaled.jpg?fit=1200%2C800&ssl=1&resize=1050%2C600 3x"},"classes":[]},{"id":518883,"url":"https:\/\/casadecampoliving.com\/es\/una-conversacion-sobre-yoga-con-kyra-montagu\/","url_meta":{"origin":518687,"position":4},"title":"Una conversaci\u00f3n sobre Yoga con Kyra Montagu","author":"Mairobi Herrera","date":"19 Jun, 2023","format":false,"excerpt":"Este pr\u00f3ximo mi\u00e9rcoles 21 de junio se celebra el D\u00eda Internacional del Yoga, y como una manera de rendir tributo a esta importante disciplina hol\u00edstica, Casa de Campo Living entrevist\u00f3 a la m\u00e9dico natur\u00f3pata Kyra Montagu sobre los beneficios del yoga y sus programas de bienestar en Casa de Campo.\u2026","rel":"","context":"En \u00abCCL presenta\u00bb","block_context":{"text":"CCL presenta","link":"https:\/\/casadecampoliving.com\/es\/category\/ccl-presenta-es\/"},"img":{"alt_text":"","src":"https:\/\/i0.wp.com\/casadecampoliving.com\/wp-content\/uploads\/2023\/06\/7E1A8351.jpg?fit=800%2C1200&ssl=1&resize=350%2C200","width":350,"height":200,"srcset":"https:\/\/i0.wp.com\/casadecampoliving.com\/wp-content\/uploads\/2023\/06\/7E1A8351.jpg?fit=800%2C1200&ssl=1&resize=350%2C200 1x, https:\/\/i0.wp.com\/casadecampoliving.com\/wp-content\/uploads\/2023\/06\/7E1A8351.jpg?fit=800%2C1200&ssl=1&resize=525%2C300 1.5x, https:\/\/i0.wp.com\/casadecampoliving.com\/wp-content\/uploads\/2023\/06\/7E1A8351.jpg?fit=800%2C1200&ssl=1&resize=700%2C400 2x"},"classes":[]},{"id":354491,"url":"https:\/\/casadecampoliving.com\/es\/clases-de-yoga-3-dias-a-la-semana-en-minitas-beach-club\/","url_meta":{"origin":518687,"position":5},"title":"\u00a1Clases de yoga 3 d\u00edas a la semana en Minitas Beach Club!","author":"Casa de Campo Living","date":"3 Sep, 2022","format":false,"excerpt":"Namaste Casa de Campo Yogis \u00a1Nos complace anunciar que Casa de Campo se ha asociado con Kyra Montagu y organizar\u00e1 sesiones de yoga tres veces por semana en Playa Minitas! Las clases comenzar\u00e1n el 5 de septiembre a las 8 am con Hatha Yoga los lunes y mi\u00e9rcoles y Vinyasa\u2026","rel":"","context":"En \u00abCasa de Campo Living @es\u00bb","block_context":{"text":"Casa de Campo Living @es","link":"https:\/\/casadecampoliving.com\/category\/casa-de-campo-living-es\/"},"img":{"alt_text":"","src":"https:\/\/i0.wp.com\/casadecampoliving.com\/wp-content\/uploads\/2022\/10\/unnamed-13-e1662159972953-1.jpg?fit=1000%2C750&ssl=1&resize=350%2C200","width":350,"height":200,"srcset":"https:\/\/i0.wp.com\/casadecampoliving.com\/wp-content\/uploads\/2022\/10\/unnamed-13-e1662159972953-1.jpg?fit=1000%2C750&ssl=1&resize=350%2C200 1x, https:\/\/i0.wp.com\/casadecampoliving.com\/wp-content\/uploads\/2022\/10\/unnamed-13-e1662159972953-1.jpg?fit=1000%2C750&ssl=1&resize=525%2C300 1.5x, https:\/\/i0.wp.com\/casadecampoliving.com\/wp-content\/uploads\/2022\/10\/unnamed-13-e1662159972953-1.jpg?fit=1000%2C750&ssl=1&resize=700%2C400 2x"},"classes":[]}],"jetpack_sharing_enabled":true,"_links":{"self":[{"href":"https:\/\/casadecampoliving.com\/es\/wp-json\/wp\/v2\/posts\/518687","targetHints":{"allow":["GET"]}}],"collection":[{"href":"https:\/\/casadecampoliving.com\/es\/wp-json\/wp\/v2\/posts"}],"about":[{"href":"https:\/\/casadecampoliving.com\/es\/wp-json\/wp\/v2\/types\/post"}],"author":[{"embeddable":true,"href":"https:\/\/casadecampoliving.com\/es\/wp-json\/wp\/v2\/users\/36791"}],"replies":[{"embeddable":true,"href":"https:\/\/casadecampoliving.com\/es\/wp-json\/wp\/v2\/comments?post=518687"}],"version-history":[{"count":3,"href":"https:\/\/casadecampoliving.com\/es\/wp-json\/wp\/v2\/posts\/518687\/revisions"}],"predecessor-version":[{"id":518690,"href":"https:\/\/casadecampoliving.com\/es\/wp-json\/wp\/v2\/posts\/518687\/revisions\/518690"}],"wp:featuredmedia":[{"embeddable":true,"href":"https:\/\/casadecampoliving.com\/es\/wp-json\/wp\/v2\/media\/518685"}],"wp:attachment":[{"href":"https:\/\/casadecampoliving.com\/es\/wp-json\/wp\/v2\/media?parent=518687"}],"wp:term":[{"taxonomy":"category","embeddable":true,"href":"https:\/\/casadecampoliving.com\/es\/wp-json\/wp\/v2\/categories?post=518687"},{"taxonomy":"post_tag","embeddable":true,"href":"https:\/\/casadecampoliving.com\/es\/wp-json\/wp\/v2\/tags?post=518687"},{"taxonomy":"newspack_spnsrs_tax","embeddable":true,"href":"https:\/\/casadecampoliving.com\/es\/wp-json\/wp\/v2\/newspack_spnsrs_tax?post=518687"}],"curies":[{"name":"wp","href":"https:\/\/api.w.org\/{rel}","templated":true}]}}