{"id":518115,"date":"2023-05-29T12:54:43","date_gmt":"2023-05-29T16:54:43","guid":{"rendered":"https:\/\/casadecampoliving.com\/?p=518115"},"modified":"2023-05-29T13:04:11","modified_gmt":"2023-05-29T17:04:11","slug":"maternidad-en-casa","status":"publish","type":"post","link":"https:\/\/casadecampoliving.com\/es\/maternidad-en-casa\/","title":{"rendered":"Celebrando la Maternidad en Casa de Campo"},"content":{"rendered":"\n<p>Ayer se celebr\u00f3 formalmente el D\u00eda de las Madres en Rep\u00fablica Dominicana. Aunque la celebraci\u00f3n de las madres no deber\u00eda ser de un solo d\u00eda, cada a\u00f1o esta es una ocasi\u00f3n muy especial para los dominicanos, ya que reconocen el esfuerzo y sacrificio que realizan por sus hijos.<\/p>\n\n\n\n<p>La comunidad de Casa de Campo est\u00e1 llena de madres especulares, trabajadoras y muy dedicadas a sus hijos.<\/p>\n\n\n\n<p>En estos \u00faltimos a\u00f1os, luego de la pandemia del covid-19, en Casa de Campo ha surgido una nueva generaci\u00f3n de familias, quienes han elegido este destino id\u00edlico para criar a sus hijos y vivir una vida plena.<\/p>\n\n\n\n<p>Tal es el caso de la familia de Bienchy S\u00e1nchez, quien en mayo 2020 vino a la comunidad con su esposo e hijos a pasar la cuarentena, sin embargo, al ver lo feliz y relajado que pasaban los d\u00edas y el tiempo de calidad que ten\u00edan junto a su familia, decidieron quedarse de manera definitiva.<\/p>\n\n\n\n<p>Los Huertas-S\u00e1nchez tienen dos ni\u00f1os, Amanda, de 5 a\u00f1os y Roberto, de 08 a\u00f1os. Ambos nacieron en Santo Domingo, pero desde peque\u00f1os visitaban la comunidad.<\/p>\n\n\n\n<p>Ella nos cuenta que entre sus actividades favoritas para hacer con sus hijos est\u00e1 ir a la playa, dar paseos en carrito de golf y leer libros antes de dormir.<\/p>\n\n\n\n<p>Bienchy S\u00e1nchez es una madre emprendedora. Actualmente es la directora de Wao Lab by Kids Create, un programa educativo en el Museo Arqueol\u00f3gico de Altos de Chav\u00f3n.<\/p>\n\n\n\n<p>Como madre, nos explica que el reto m\u00e1s dif\u00edcil es dividir su tiempo para dedicar a sus hijos, ser esposa, amiga y profesional.<\/p>\n\n\n\n<p>\u201cEspero ser la madre en la cual ellos pueden confiar para contarme sus inquietudes. Que sientan la libertad de contarme lo bueno y lo malo. Espero ser una madre divertida y aventurera\u201d, se\u00f1ala S\u00e1nchez.<\/p>\n\n\n\n<p><strong>Una experiencia gratificante<\/strong><\/p>\n\n\n\n<figure class=\"wp-block-image size-large\"><img data-recalc-dims=\"1\" loading=\"lazy\" decoding=\"async\" width=\"1024\" height=\"756\" data-attachment-id=\"518118\" data-permalink=\"https:\/\/casadecampoliving.com\/es\/maternidad-en-casa\/cindy-ramos\/\" data-orig-file=\"https:\/\/i0.wp.com\/casadecampoliving.com\/wp-content\/uploads\/2023\/05\/Cindy-Ramos.jpg?fit=1600%2C1181&amp;ssl=1\" data-orig-size=\"1600,1181\" data-comments-opened=\"0\" data-image-meta=\"{&quot;aperture&quot;:&quot;0&quot;,&quot;credit&quot;:&quot;&quot;,&quot;camera&quot;:&quot;&quot;,&quot;caption&quot;:&quot;&quot;,&quot;created_timestamp&quot;:&quot;0&quot;,&quot;copyright&quot;:&quot;&quot;,&quot;focal_length&quot;:&quot;0&quot;,&quot;iso&quot;:&quot;0&quot;,&quot;shutter_speed&quot;:&quot;0&quot;,&quot;title&quot;:&quot;&quot;,&quot;orientation&quot;:&quot;0&quot;}\" data-image-title=\"Cindy-Ramos\" data-image-description=\"\" data-image-caption=\"\" data-large-file=\"https:\/\/i0.wp.com\/casadecampoliving.com\/wp-content\/uploads\/2023\/05\/Cindy-Ramos.jpg?fit=1024%2C756&amp;ssl=1\" src=\"https:\/\/i0.wp.com\/casadecampoliving.com\/wp-content\/uploads\/2023\/05\/Cindy-Ramos.jpg?resize=1024%2C756&#038;ssl=1\" alt=\"\" class=\"wp-image-518118\" srcset=\"https:\/\/i0.wp.com\/casadecampoliving.com\/wp-content\/uploads\/2023\/05\/Cindy-Ramos.jpg?resize=1024%2C756&amp;ssl=1 1024w, https:\/\/i0.wp.com\/casadecampoliving.com\/wp-content\/uploads\/2023\/05\/Cindy-Ramos.jpg?resize=300%2C221&amp;ssl=1 300w, https:\/\/i0.wp.com\/casadecampoliving.com\/wp-content\/uploads\/2023\/05\/Cindy-Ramos.jpg?resize=768%2C567&amp;ssl=1 768w, https:\/\/i0.wp.com\/casadecampoliving.com\/wp-content\/uploads\/2023\/05\/Cindy-Ramos.jpg?resize=1536%2C1134&amp;ssl=1 1536w, https:\/\/i0.wp.com\/casadecampoliving.com\/wp-content\/uploads\/2023\/05\/Cindy-Ramos.jpg?resize=1200%2C886&amp;ssl=1 1200w, https:\/\/i0.wp.com\/casadecampoliving.com\/wp-content\/uploads\/2023\/05\/Cindy-Ramos.jpg?resize=1568%2C1157&amp;ssl=1 1568w, https:\/\/i0.wp.com\/casadecampoliving.com\/wp-content\/uploads\/2023\/05\/Cindy-Ramos.jpg?resize=400%2C295&amp;ssl=1 400w, https:\/\/i0.wp.com\/casadecampoliving.com\/wp-content\/uploads\/2023\/05\/Cindy-Ramos.jpg?resize=1320%2C974&amp;ssl=1 1320w, https:\/\/i0.wp.com\/casadecampoliving.com\/wp-content\/uploads\/2023\/05\/Cindy-Ramos.jpg?resize=150%2C111&amp;ssl=1 150w, https:\/\/i0.wp.com\/casadecampoliving.com\/wp-content\/uploads\/2023\/05\/Cindy-Ramos.jpg?w=1600&amp;ssl=1 1600w, https:\/\/i0.wp.com\/casadecampoliving.com\/wp-content\/uploads\/2023\/05\/Cindy-Ramos-1024x756.jpg?w=370&amp;ssl=1 370w\" sizes=\"auto, (max-width: 1000px) 100vw, 1000px\" \/><\/figure>\n\n\n\n<p>Cindy Ramos es otra joven madre de la comunidad de Casa de Campo. Al igual que Bienchy, tiene dos ni\u00f1os: Oliver, de 4 a\u00f1os y Theodore, de 1 a\u00f1o y 8 meses de edad.<\/p>\n\n\n\n<p>Cindy lleva muchos a\u00f1os perteneciendo a la comunidad de Casa de Campo, a la cual ella asegura que ha visto crecer y florecer. Sus hijos, incluso, nacieron aqu\u00ed.<\/p>\n\n\n\n<p>Ramos opina que la maternidad ha sido una experiencia desafiante, pero al mismo tiempo gratificante. Est\u00e1 llena de aprendizajes y desaf\u00edos.<\/p>\n\n\n\n<p>Ella afirma que lo que m\u00e1s le gusta hacer con su familia es ir de paseo todos juntos.<\/p>\n\n\n\n<p>En Casa de Campo, el lugar favorito de sus hijos es Onnos Bar, porque le encantan las pizzas y las pastas que hacen all\u00ed. \u201cSiempre me lo piden\u201d, asegura.<\/p>\n\n\n\n<p>Ramos se\u00f1ala que el reto m\u00e1s dif\u00edcil como madre es lograr balancear todas sus responsabilidades. Ella es gerente de una empresa en el Aeropuerto de La Romana y tambi\u00e9n es emprendedora como creadora de accesorios.<\/p>\n\n\n\n<p>\u201cComo madre, espero ser un modelo para seguir positivo, ser una animadora continua para cada hito que mis hijos experimentar\u00e1n, demostrar la abundancia de amor incondicional que no tiene fin y apreciar los recuerdos que realmente no tiene precio\u201d, dice.<\/p>\n\n\n\n<p>Tanto Bienchy S\u00e1nchez como Cindy Ramos pasaron el d\u00eda de ayer en familia. S\u00e1nchez fue a la playa Minitas con sus ni\u00f1os (su lugar favorito) y Ramos disfrut\u00f3 de un delicioso BBQ que prepar\u00f3 su esposo en su hogar.<\/p>\n","protected":false},"excerpt":{"rendered":"<p>Ayer se celebr\u00f3 formalmente el D\u00eda de las Madres en Rep\u00fablica Dominicana. Aunque la celebraci\u00f3n de las madres no deber\u00eda ser de un solo d\u00eda, cada a\u00f1o esta es una ocasi\u00f3n muy especial para los dominicanos, ya que reconocen el esfuerzo y sacrificio que realizan por sus hijos. La comunidad de Casa de Campo est\u00e1 [&hellip;]<\/p>\n","protected":false},"author":431,"featured_media":518116,"comment_status":"closed","ping_status":"closed","sticky":false,"template":"","format":"standard","meta":{"newspack_ads_suppress_ads":false,"newspack_popups_has_disabled_popups":false,"newspack_sponsor_sponsorship_scope":"","newspack_sponsor_native_byline_display":"inherit","newspack_sponsor_native_category_display":"inherit","newspack_sponsor_underwriter_style":"inherit","newspack_sponsor_underwriter_placement":"inherit","_newspack_byline_active":false,"_newspack_byline":"","newspack_hide_updated_date":false,"newspack_show_updated_date":false,"newspack_content_restriction_is_exempt":false,"newspack_featured_image_position":"","newspack_post_subtitle":"Bienchy S\u00e1nchez y Cindy Ramos nos hablan de sus lugares favoritos para disfrutar con su familia en Casa de Campo y los retos que tienen como madres","newspack_article_summary_title":"Overview:","newspack_article_summary":"","_jetpack_memberships_contains_paid_content":false,"footnotes":"","jetpack_publicize_message":"","jetpack_publicize_feature_enabled":false,"jetpack_social_post_already_shared":false,"jetpack_social_options":{"image_generator_settings":{"template":"highway","default_image_id":0,"font":"","enabled":false},"version":2},"_wpas_customize_per_network":false},"categories":[2498],"tags":[3626,8094,27461,27448,14736],"newspack_spnsrs_tax":[],"class_list":["post-518115","post","type-post","status-publish","format-standard","has-post-thumbnail","hentry","category-uncategorized-es","tag-casa-de-campo-es","tag-casa-de-campo-community-es","tag-casa-de-campo-living-es-2","tag-dia-de-las-madres-2","tag-featured-topview-es","entry"],"yoast_head":"<!-- This site is optimized with the Yoast SEO plugin v27.4 - https:\/\/yoast.com\/product\/yoast-seo-wordpress\/ -->\n<title>Celebrando la Maternidad en Casa de Campo | Casa de Campo Living<\/title>\n<meta name=\"description\" content=\"Ayer se celebr\u00f3 formalmente el D\u00eda de las Madres en Rep\u00fablica Dominicana. Aunque la celebraci\u00f3n de las madres no deber\u00eda ser de un solo d\u00eda, cada a\u00f1o esta\" \/>\n<meta name=\"robots\" content=\"index, follow, max-snippet:-1, max-image-preview:large, max-video-preview:-1\" \/>\n<link rel=\"canonical\" href=\"https:\/\/casadecampoliving.com\/es\/maternidad-en-casa\/\" \/>\n<meta property=\"og:locale\" content=\"es_ES\" \/>\n<meta property=\"og:type\" content=\"article\" \/>\n<meta property=\"og:title\" content=\"Celebrando la Maternidad en Casa de Campo | Casa de Campo Living\" \/>\n<meta property=\"og:description\" content=\"Ayer se celebr\u00f3 formalmente el D\u00eda de las Madres en Rep\u00fablica Dominicana. Aunque la celebraci\u00f3n de las madres no deber\u00eda ser de un solo d\u00eda, cada a\u00f1o esta\" \/>\n<meta property=\"og:url\" content=\"https:\/\/casadecampoliving.com\/es\/maternidad-en-casa\/\" \/>\n<meta property=\"og:site_name\" content=\"Casa de Campo Living\" \/>\n<meta property=\"article:publisher\" content=\"https:\/\/www.facebook.com\/casadecampoliving\" \/>\n<meta property=\"article:published_time\" content=\"2023-05-29T16:54:43+00:00\" \/>\n<meta property=\"article:modified_time\" content=\"2023-05-29T17:04:11+00:00\" \/>\n<meta property=\"og:image\" content=\"https:\/\/casadecampoliving.com\/wp-content\/uploads\/2023\/05\/Bienchy-Sanchez.jpg\" \/>\n\t<meta property=\"og:image:width\" content=\"2000\" \/>\n\t<meta property=\"og:image:height\" content=\"1333\" \/>\n\t<meta property=\"og:image:type\" content=\"image\/jpeg\" \/>\n<meta name=\"author\" content=\"Mairobi Herrera\" \/>\n<meta name=\"twitter:card\" content=\"summary_large_image\" \/>\n<meta name=\"twitter:creator\" content=\"@cdcliving\" \/>\n<meta name=\"twitter:site\" content=\"@cdcliving\" \/>\n<meta name=\"twitter:label1\" content=\"Escrito por\" \/>\n\t<meta name=\"twitter:data1\" content=\"Mairobi Herrera\" \/>\n\t<meta name=\"twitter:label2\" content=\"Tiempo de lectura\" \/>\n\t<meta name=\"twitter:data2\" content=\"3 minutos\" \/>\n<script type=\"application\/ld+json\" class=\"yoast-schema-graph\">{\"@context\":\"https:\\\/\\\/schema.org\",\"@graph\":[{\"@type\":\"Article\",\"@id\":\"https:\\\/\\\/casadecampoliving.com\\\/es\\\/maternidad-en-casa\\\/#article\",\"isPartOf\":{\"@id\":\"https:\\\/\\\/casadecampoliving.com\\\/es\\\/maternidad-en-casa\\\/\"},\"author\":{\"name\":\"Mairobi Herrera\",\"@id\":\"https:\\\/\\\/casadecampoliving.com\\\/es\\\/#\\\/schema\\\/person\\\/932e594484c49168ad37fbb9141bf699\"},\"headline\":\"Celebrando la Maternidad en Casa de Campo\",\"datePublished\":\"2023-05-29T16:54:43+00:00\",\"dateModified\":\"2023-05-29T17:04:11+00:00\",\"mainEntityOfPage\":{\"@id\":\"https:\\\/\\\/casadecampoliving.com\\\/es\\\/maternidad-en-casa\\\/\"},\"wordCount\":585,\"publisher\":{\"@id\":\"https:\\\/\\\/casadecampoliving.com\\\/es\\\/#organization\"},\"image\":{\"@id\":\"https:\\\/\\\/casadecampoliving.com\\\/es\\\/maternidad-en-casa\\\/#primaryimage\"},\"thumbnailUrl\":\"https:\\\/\\\/i0.wp.com\\\/casadecampoliving.com\\\/wp-content\\\/uploads\\\/2023\\\/05\\\/Bienchy-Sanchez.jpg?fit=2000%2C1333&ssl=1\",\"keywords\":[\"casa de campo @es\",\"Casa de Campo Community @es\",\"Casa de Campo Living @es\",\"Dia de las madres\",\"Featured-TopView @es\"],\"articleSection\":[\"Uncategorized @es\"],\"inLanguage\":\"es\"},{\"@type\":\"WebPage\",\"@id\":\"https:\\\/\\\/casadecampoliving.com\\\/es\\\/maternidad-en-casa\\\/\",\"url\":\"https:\\\/\\\/casadecampoliving.com\\\/es\\\/maternidad-en-casa\\\/\",\"name\":\"Celebrando la Maternidad en Casa de Campo | Casa de Campo Living\",\"isPartOf\":{\"@id\":\"https:\\\/\\\/casadecampoliving.com\\\/es\\\/#website\"},\"primaryImageOfPage\":{\"@id\":\"https:\\\/\\\/casadecampoliving.com\\\/es\\\/maternidad-en-casa\\\/#primaryimage\"},\"image\":{\"@id\":\"https:\\\/\\\/casadecampoliving.com\\\/es\\\/maternidad-en-casa\\\/#primaryimage\"},\"thumbnailUrl\":\"https:\\\/\\\/i0.wp.com\\\/casadecampoliving.com\\\/wp-content\\\/uploads\\\/2023\\\/05\\\/Bienchy-Sanchez.jpg?fit=2000%2C1333&ssl=1\",\"datePublished\":\"2023-05-29T16:54:43+00:00\",\"dateModified\":\"2023-05-29T17:04:11+00:00\",\"description\":\"Ayer se celebr\u00f3 formalmente el D\u00eda de las Madres en Rep\u00fablica Dominicana. Aunque la celebraci\u00f3n de las madres no deber\u00eda ser de un solo d\u00eda, cada a\u00f1o esta\",\"breadcrumb\":{\"@id\":\"https:\\\/\\\/casadecampoliving.com\\\/es\\\/maternidad-en-casa\\\/#breadcrumb\"},\"inLanguage\":\"es\",\"potentialAction\":[{\"@type\":\"ReadAction\",\"target\":[\"https:\\\/\\\/casadecampoliving.com\\\/es\\\/maternidad-en-casa\\\/\"]}]},{\"@type\":\"ImageObject\",\"inLanguage\":\"es\",\"@id\":\"https:\\\/\\\/casadecampoliving.com\\\/es\\\/maternidad-en-casa\\\/#primaryimage\",\"url\":\"https:\\\/\\\/i0.wp.com\\\/casadecampoliving.com\\\/wp-content\\\/uploads\\\/2023\\\/05\\\/Bienchy-Sanchez.jpg?fit=2000%2C1333&ssl=1\",\"contentUrl\":\"https:\\\/\\\/i0.wp.com\\\/casadecampoliving.com\\\/wp-content\\\/uploads\\\/2023\\\/05\\\/Bienchy-Sanchez.jpg?fit=2000%2C1333&ssl=1\",\"width\":2000,\"height\":1333},{\"@type\":\"BreadcrumbList\",\"@id\":\"https:\\\/\\\/casadecampoliving.com\\\/es\\\/maternidad-en-casa\\\/#breadcrumb\",\"itemListElement\":[{\"@type\":\"ListItem\",\"position\":1,\"name\":\"Home\",\"item\":\"https:\\\/\\\/casadecampoliving.com\\\/es\\\/\"},{\"@type\":\"ListItem\",\"position\":2,\"name\":\"Celebrando la Maternidad en Casa de Campo\"}]},{\"@type\":\"WebSite\",\"@id\":\"https:\\\/\\\/casadecampoliving.com\\\/es\\\/#website\",\"url\":\"https:\\\/\\\/casadecampoliving.com\\\/es\\\/\",\"name\":\"Casa de Campo Living\",\"description\":\"Resort community news and resources.\",\"publisher\":{\"@id\":\"https:\\\/\\\/casadecampoliving.com\\\/es\\\/#organization\"},\"potentialAction\":[{\"@type\":\"SearchAction\",\"target\":{\"@type\":\"EntryPoint\",\"urlTemplate\":\"https:\\\/\\\/casadecampoliving.com\\\/es\\\/?s={search_term_string}\"},\"query-input\":{\"@type\":\"PropertyValueSpecification\",\"valueRequired\":true,\"valueName\":\"search_term_string\"}}],\"inLanguage\":\"es\"},{\"@type\":\"Organization\",\"@id\":\"https:\\\/\\\/casadecampoliving.com\\\/es\\\/#organization\",\"name\":\"Casa de Campo Living\",\"url\":\"https:\\\/\\\/casadecampoliving.com\\\/es\\\/\",\"logo\":{\"@type\":\"ImageObject\",\"inLanguage\":\"es\",\"@id\":\"https:\\\/\\\/casadecampoliving.com\\\/es\\\/#\\\/schema\\\/logo\\\/image\\\/\",\"url\":\"https:\\\/\\\/i0.wp.com\\\/casadecampoliving.com\\\/wp-content\\\/uploads\\\/2022\\\/07\\\/CDCLivingLogo_V1-white-sized.png?fit=800%2C214&ssl=1\",\"contentUrl\":\"https:\\\/\\\/i0.wp.com\\\/casadecampoliving.com\\\/wp-content\\\/uploads\\\/2022\\\/07\\\/CDCLivingLogo_V1-white-sized.png?fit=800%2C214&ssl=1\",\"width\":800,\"height\":214,\"caption\":\"Casa de Campo Living\"},\"image\":{\"@id\":\"https:\\\/\\\/casadecampoliving.com\\\/es\\\/#\\\/schema\\\/logo\\\/image\\\/\"},\"sameAs\":[\"https:\\\/\\\/www.facebook.com\\\/casadecampoliving\",\"https:\\\/\\\/x.com\\\/cdcliving\"]},{\"@type\":\"Person\",\"@id\":\"https:\\\/\\\/casadecampoliving.com\\\/es\\\/#\\\/schema\\\/person\\\/932e594484c49168ad37fbb9141bf699\",\"name\":\"Mairobi Herrera\",\"image\":{\"@type\":\"ImageObject\",\"inLanguage\":\"es\",\"@id\":\"https:\\\/\\\/secure.gravatar.com\\\/avatar\\\/d0bf6c19470eb55d83c719e39672f670b2c4412339af1eb8a08f86427ba98ee8?s=96&d=mm&r=g\",\"url\":\"https:\\\/\\\/secure.gravatar.com\\\/avatar\\\/d0bf6c19470eb55d83c719e39672f670b2c4412339af1eb8a08f86427ba98ee8?s=96&d=mm&r=g\",\"contentUrl\":\"https:\\\/\\\/secure.gravatar.com\\\/avatar\\\/d0bf6c19470eb55d83c719e39672f670b2c4412339af1eb8a08f86427ba98ee8?s=96&d=mm&r=g\",\"caption\":\"Mairobi Herrera\"},\"sameAs\":[\"https:\\\/\\\/casadecampoliving.com\\\/\"],\"url\":\"https:\\\/\\\/casadecampoliving.com\\\/es\\\/author\\\/mherrera\\\/\"}]}<\/script>\n<!-- \/ Yoast SEO plugin. -->","yoast_head_json":{"title":"Celebrando la Maternidad en Casa de Campo | Casa de Campo Living","description":"Ayer se celebr\u00f3 formalmente el D\u00eda de las Madres en Rep\u00fablica Dominicana. Aunque la celebraci\u00f3n de las madres no deber\u00eda ser de un solo d\u00eda, cada a\u00f1o esta","robots":{"index":"index","follow":"follow","max-snippet":"max-snippet:-1","max-image-preview":"max-image-preview:large","max-video-preview":"max-video-preview:-1"},"canonical":"https:\/\/casadecampoliving.com\/es\/maternidad-en-casa\/","og_locale":"es_ES","og_type":"article","og_title":"Celebrando la Maternidad en Casa de Campo | Casa de Campo Living","og_description":"Ayer se celebr\u00f3 formalmente el D\u00eda de las Madres en Rep\u00fablica Dominicana. Aunque la celebraci\u00f3n de las madres no deber\u00eda ser de un solo d\u00eda, cada a\u00f1o esta","og_url":"https:\/\/casadecampoliving.com\/es\/maternidad-en-casa\/","og_site_name":"Casa de Campo Living","article_publisher":"https:\/\/www.facebook.com\/casadecampoliving","article_published_time":"2023-05-29T16:54:43+00:00","article_modified_time":"2023-05-29T17:04:11+00:00","og_image":[{"width":2000,"height":1333,"url":"https:\/\/casadecampoliving.com\/wp-content\/uploads\/2023\/05\/Bienchy-Sanchez.jpg","type":"image\/jpeg"}],"author":"Mairobi Herrera","twitter_card":"summary_large_image","twitter_creator":"@cdcliving","twitter_site":"@cdcliving","twitter_misc":{"Escrito por":"Mairobi Herrera","Tiempo de lectura":"3 minutos"},"schema":{"@context":"https:\/\/schema.org","@graph":[{"@type":"Article","@id":"https:\/\/casadecampoliving.com\/es\/maternidad-en-casa\/#article","isPartOf":{"@id":"https:\/\/casadecampoliving.com\/es\/maternidad-en-casa\/"},"author":{"name":"Mairobi Herrera","@id":"https:\/\/casadecampoliving.com\/es\/#\/schema\/person\/932e594484c49168ad37fbb9141bf699"},"headline":"Celebrando la Maternidad en Casa de Campo","datePublished":"2023-05-29T16:54:43+00:00","dateModified":"2023-05-29T17:04:11+00:00","mainEntityOfPage":{"@id":"https:\/\/casadecampoliving.com\/es\/maternidad-en-casa\/"},"wordCount":585,"publisher":{"@id":"https:\/\/casadecampoliving.com\/es\/#organization"},"image":{"@id":"https:\/\/casadecampoliving.com\/es\/maternidad-en-casa\/#primaryimage"},"thumbnailUrl":"https:\/\/i0.wp.com\/casadecampoliving.com\/wp-content\/uploads\/2023\/05\/Bienchy-Sanchez.jpg?fit=2000%2C1333&ssl=1","keywords":["casa de campo @es","Casa de Campo Community @es","Casa de Campo Living @es","Dia de las madres","Featured-TopView @es"],"articleSection":["Uncategorized @es"],"inLanguage":"es"},{"@type":"WebPage","@id":"https:\/\/casadecampoliving.com\/es\/maternidad-en-casa\/","url":"https:\/\/casadecampoliving.com\/es\/maternidad-en-casa\/","name":"Celebrando la Maternidad en Casa de Campo | Casa de Campo Living","isPartOf":{"@id":"https:\/\/casadecampoliving.com\/es\/#website"},"primaryImageOfPage":{"@id":"https:\/\/casadecampoliving.com\/es\/maternidad-en-casa\/#primaryimage"},"image":{"@id":"https:\/\/casadecampoliving.com\/es\/maternidad-en-casa\/#primaryimage"},"thumbnailUrl":"https:\/\/i0.wp.com\/casadecampoliving.com\/wp-content\/uploads\/2023\/05\/Bienchy-Sanchez.jpg?fit=2000%2C1333&ssl=1","datePublished":"2023-05-29T16:54:43+00:00","dateModified":"2023-05-29T17:04:11+00:00","description":"Ayer se celebr\u00f3 formalmente el D\u00eda de las Madres en Rep\u00fablica Dominicana. Aunque la celebraci\u00f3n de las madres no deber\u00eda ser de un solo d\u00eda, cada a\u00f1o esta","breadcrumb":{"@id":"https:\/\/casadecampoliving.com\/es\/maternidad-en-casa\/#breadcrumb"},"inLanguage":"es","potentialAction":[{"@type":"ReadAction","target":["https:\/\/casadecampoliving.com\/es\/maternidad-en-casa\/"]}]},{"@type":"ImageObject","inLanguage":"es","@id":"https:\/\/casadecampoliving.com\/es\/maternidad-en-casa\/#primaryimage","url":"https:\/\/i0.wp.com\/casadecampoliving.com\/wp-content\/uploads\/2023\/05\/Bienchy-Sanchez.jpg?fit=2000%2C1333&ssl=1","contentUrl":"https:\/\/i0.wp.com\/casadecampoliving.com\/wp-content\/uploads\/2023\/05\/Bienchy-Sanchez.jpg?fit=2000%2C1333&ssl=1","width":2000,"height":1333},{"@type":"BreadcrumbList","@id":"https:\/\/casadecampoliving.com\/es\/maternidad-en-casa\/#breadcrumb","itemListElement":[{"@type":"ListItem","position":1,"name":"Home","item":"https:\/\/casadecampoliving.com\/es\/"},{"@type":"ListItem","position":2,"name":"Celebrando la Maternidad en Casa de Campo"}]},{"@type":"WebSite","@id":"https:\/\/casadecampoliving.com\/es\/#website","url":"https:\/\/casadecampoliving.com\/es\/","name":"Casa de Campo Living","description":"Resort community news and resources.","publisher":{"@id":"https:\/\/casadecampoliving.com\/es\/#organization"},"potentialAction":[{"@type":"SearchAction","target":{"@type":"EntryPoint","urlTemplate":"https:\/\/casadecampoliving.com\/es\/?s={search_term_string}"},"query-input":{"@type":"PropertyValueSpecification","valueRequired":true,"valueName":"search_term_string"}}],"inLanguage":"es"},{"@type":"Organization","@id":"https:\/\/casadecampoliving.com\/es\/#organization","name":"Casa de Campo Living","url":"https:\/\/casadecampoliving.com\/es\/","logo":{"@type":"ImageObject","inLanguage":"es","@id":"https:\/\/casadecampoliving.com\/es\/#\/schema\/logo\/image\/","url":"https:\/\/i0.wp.com\/casadecampoliving.com\/wp-content\/uploads\/2022\/07\/CDCLivingLogo_V1-white-sized.png?fit=800%2C214&ssl=1","contentUrl":"https:\/\/i0.wp.com\/casadecampoliving.com\/wp-content\/uploads\/2022\/07\/CDCLivingLogo_V1-white-sized.png?fit=800%2C214&ssl=1","width":800,"height":214,"caption":"Casa de Campo Living"},"image":{"@id":"https:\/\/casadecampoliving.com\/es\/#\/schema\/logo\/image\/"},"sameAs":["https:\/\/www.facebook.com\/casadecampoliving","https:\/\/x.com\/cdcliving"]},{"@type":"Person","@id":"https:\/\/casadecampoliving.com\/es\/#\/schema\/person\/932e594484c49168ad37fbb9141bf699","name":"Mairobi Herrera","image":{"@type":"ImageObject","inLanguage":"es","@id":"https:\/\/secure.gravatar.com\/avatar\/d0bf6c19470eb55d83c719e39672f670b2c4412339af1eb8a08f86427ba98ee8?s=96&d=mm&r=g","url":"https:\/\/secure.gravatar.com\/avatar\/d0bf6c19470eb55d83c719e39672f670b2c4412339af1eb8a08f86427ba98ee8?s=96&d=mm&r=g","contentUrl":"https:\/\/secure.gravatar.com\/avatar\/d0bf6c19470eb55d83c719e39672f670b2c4412339af1eb8a08f86427ba98ee8?s=96&d=mm&r=g","caption":"Mairobi Herrera"},"sameAs":["https:\/\/casadecampoliving.com\/"],"url":"https:\/\/casadecampoliving.com\/es\/author\/mherrera\/"}]}},"parsely":{"version":"1.1.0","canonical_url":"https:\/\/casadecampoliving.com\/es\/maternidad-en-casa\/","smart_links":{"inbound":0,"outbound":0},"traffic_boost_suggestions_count":0,"meta":{"@context":"https:\/\/schema.org","@type":"NewsArticle","headline":"Celebrando la Maternidad en Casa de Campo","url":"http:\/\/casadecampoliving.com\/es\/maternidad-en-casa\/","mainEntityOfPage":{"@type":"WebPage","@id":"http:\/\/casadecampoliving.com\/es\/maternidad-en-casa\/"},"thumbnailUrl":"https:\/\/i0.wp.com\/casadecampoliving.com\/wp-content\/uploads\/2023\/05\/Bienchy-Sanchez.jpg?resize=150%2C150&ssl=1","image":{"@type":"ImageObject","url":"https:\/\/i0.wp.com\/casadecampoliving.com\/wp-content\/uploads\/2023\/05\/Bienchy-Sanchez.jpg?fit=2000%2C1333&ssl=1"},"articleSection":"Uncategorized @es","author":[{"@type":"Person","name":"Mairobi Herrera"}],"creator":["Mairobi Herrera"],"publisher":{"@type":"Organization","name":"Casa de Campo Living","logo":"https:\/\/casadecampoliving.com\/wp-content\/uploads\/2022\/07\/CDCLivingLogo_V1-white-sized.png"},"keywords":["casa de campo @es","casa de campo community @es","casa de campo living @es","dia de las madres","featured-topview @es"],"dateCreated":"2023-05-29T16:54:43Z","datePublished":"2023-05-29T16:54:43Z","dateModified":"2023-05-29T17:04:11Z"},"rendered":"<script type=\"application\/ld+json\" class=\"wp-parsely-metadata\">{\"@context\":\"https:\\\/\\\/schema.org\",\"@type\":\"NewsArticle\",\"headline\":\"Celebrando la Maternidad en Casa de Campo\",\"url\":\"http:\\\/\\\/casadecampoliving.com\\\/es\\\/maternidad-en-casa\\\/\",\"mainEntityOfPage\":{\"@type\":\"WebPage\",\"@id\":\"http:\\\/\\\/casadecampoliving.com\\\/es\\\/maternidad-en-casa\\\/\"},\"thumbnailUrl\":\"https:\\\/\\\/i0.wp.com\\\/casadecampoliving.com\\\/wp-content\\\/uploads\\\/2023\\\/05\\\/Bienchy-Sanchez.jpg?resize=150%2C150&ssl=1\",\"image\":{\"@type\":\"ImageObject\",\"url\":\"https:\\\/\\\/i0.wp.com\\\/casadecampoliving.com\\\/wp-content\\\/uploads\\\/2023\\\/05\\\/Bienchy-Sanchez.jpg?fit=2000%2C1333&ssl=1\"},\"articleSection\":\"Uncategorized @es\",\"author\":[{\"@type\":\"Person\",\"name\":\"Mairobi Herrera\"}],\"creator\":[\"Mairobi Herrera\"],\"publisher\":{\"@type\":\"Organization\",\"name\":\"Casa de Campo Living\",\"logo\":\"https:\\\/\\\/casadecampoliving.com\\\/wp-content\\\/uploads\\\/2022\\\/07\\\/CDCLivingLogo_V1-white-sized.png\"},\"keywords\":[\"casa de campo @es\",\"casa de campo community @es\",\"casa de campo living @es\",\"dia de las madres\",\"featured-topview @es\"],\"dateCreated\":\"2023-05-29T16:54:43Z\",\"datePublished\":\"2023-05-29T16:54:43Z\",\"dateModified\":\"2023-05-29T17:04:11Z\"}<\/script>","tracker_url":"https:\/\/cdn.parsely.com\/keys\/casadecampoliving.com\/p.js"},"jetpack_publicize_connections":[],"jetpack_featured_media_url":"https:\/\/i0.wp.com\/casadecampoliving.com\/wp-content\/uploads\/2023\/05\/Bienchy-Sanchez.jpg?fit=2000%2C1333&ssl=1","jetpack-related-posts":[{"id":433460,"url":"https:\/\/casadecampoliving.com\/es\/no-se-pierdan-el-increible-tributo-a-frank-sinatra-para-celebrar-el-40-aniversario-del-anfiteatro-altos-de-chavon\/","url_meta":{"origin":518115,"position":0},"title":"No se pierdan el incre\u00edble tributo a Frank Sinatra para celebrar el 40 aniversario del\u00a0Anfiteatro Altos de Chav\u00f3n","author":"Casa de Campo Living","date":"20 Oct, 2022","format":false,"excerpt":"Siendo uno de los escenarios m\u00e1s emblem\u00e1ticos del pa\u00eds, Casa de Campo Resort\u00ae & Villas celebra las cuatro d\u00e9cadas de aniversario de Altos de Chav\u00f3n con un tributo al gran Frank Sinatra, protagonizado por artistas invitados y una big band tal cual la que acompa\u00f1\u00f3 al artista hace 40 a\u00f1os\u2026","rel":"","context":"En \u00abUncategorized @es\u00bb","block_context":{"text":"Uncategorized @es","link":"https:\/\/casadecampoliving.com\/es\/category\/uncategorized-es\/"},"img":{"alt_text":"","src":"https:\/\/i0.wp.com\/casadecampoliving.com\/wp-content\/uploads\/2022\/10\/Tributo-Frank-Sinatra-Foto-Principal-Amaury-Sanchez-Danilo-Ginebra-Andres-Pichardo-y-Jose-Gabriel-Perez-.jpg?fit=1200%2C873&ssl=1&resize=350%2C200","width":350,"height":200,"srcset":"https:\/\/i0.wp.com\/casadecampoliving.com\/wp-content\/uploads\/2022\/10\/Tributo-Frank-Sinatra-Foto-Principal-Amaury-Sanchez-Danilo-Ginebra-Andres-Pichardo-y-Jose-Gabriel-Perez-.jpg?fit=1200%2C873&ssl=1&resize=350%2C200 1x, https:\/\/i0.wp.com\/casadecampoliving.com\/wp-content\/uploads\/2022\/10\/Tributo-Frank-Sinatra-Foto-Principal-Amaury-Sanchez-Danilo-Ginebra-Andres-Pichardo-y-Jose-Gabriel-Perez-.jpg?fit=1200%2C873&ssl=1&resize=525%2C300 1.5x, https:\/\/i0.wp.com\/casadecampoliving.com\/wp-content\/uploads\/2022\/10\/Tributo-Frank-Sinatra-Foto-Principal-Amaury-Sanchez-Danilo-Ginebra-Andres-Pichardo-y-Jose-Gabriel-Perez-.jpg?fit=1200%2C873&ssl=1&resize=700%2C400 2x, https:\/\/i0.wp.com\/casadecampoliving.com\/wp-content\/uploads\/2022\/10\/Tributo-Frank-Sinatra-Foto-Principal-Amaury-Sanchez-Danilo-Ginebra-Andres-Pichardo-y-Jose-Gabriel-Perez-.jpg?fit=1200%2C873&ssl=1&resize=1050%2C600 3x"},"classes":[]},{"id":344415,"url":"https:\/\/casadecampoliving.com\/es\/juan-geraldino-nos-dice-que-tan-especial-es-su-madre\/","url_meta":{"origin":518115,"position":1},"title":"Juan Geraldino nos dice que tan especial es su madre","author":"Perkin Agramonte","date":"20 May, 2014","format":false,"excerpt":"Este domingo 25 de mayo se celebra el D\u00eda de las Madres en la Rep\u00fablica Dominicana, as\u00ed que para celebrar con todas las fabulosas mam\u00e1s de Casa de Campo, le preguntamos a varios miembros de la comunidad, \u201c\u00bfQu\u00e9 es lo que hace a tu madre tan especial?\u201d Esperamos que puedan\u2026","rel":"","context":"En \u00abCasa de Campo Living @es\u00bb","block_context":{"text":"Casa de Campo Living @es","link":"https:\/\/casadecampoliving.com\/category\/casa-de-campo-living-es\/"},"img":{"alt_text":"Juan_Geraldino_mothers_day","src":"https:\/\/i0.wp.com\/casadecampoliving.com\/wp-content\/uploads\/2022\/10\/i-BtXbKGn-XL-1.jpg?fit=650%2C432&ssl=1&resize=350%2C200","width":350,"height":200,"srcset":"https:\/\/i0.wp.com\/casadecampoliving.com\/wp-content\/uploads\/2022\/10\/i-BtXbKGn-XL-1.jpg?fit=650%2C432&ssl=1&resize=350%2C200 1x, https:\/\/i0.wp.com\/casadecampoliving.com\/wp-content\/uploads\/2022\/10\/i-BtXbKGn-XL-1.jpg?fit=650%2C432&ssl=1&resize=525%2C300 1.5x"},"classes":[]},{"id":517832,"url":"https:\/\/casadecampoliving.com\/es\/madre-y-abuela-por-primera-vez\/","url_meta":{"origin":518115,"position":2},"title":"Madre y abuela por primera vez","author":"Mairobi Herrera","date":"22 May, 2023","format":false,"excerpt":"Mayo es el mes de las madres. En casi todo el mundo se celebra en esta temporada esta dicha que tienen las mujeres que as\u00ed lo desean. Por motivo de esta celebraci\u00f3n tan hermosa, Casa de Campo Living trae una serie de historias de madres de la comunidad de Casa\u2026","rel":"","context":"En \u00abUncategorized @es\u00bb","block_context":{"text":"Uncategorized @es","link":"https:\/\/casadecampoliving.com\/es\/category\/uncategorized-es\/"},"img":{"alt_text":"","src":"https:\/\/i0.wp.com\/casadecampoliving.com\/wp-content\/uploads\/2023\/05\/Andrea-Brenes-y-Erika-Vilain.jpg?fit=768%2C1024&ssl=1&resize=350%2C200","width":350,"height":200,"srcset":"https:\/\/i0.wp.com\/casadecampoliving.com\/wp-content\/uploads\/2023\/05\/Andrea-Brenes-y-Erika-Vilain.jpg?fit=768%2C1024&ssl=1&resize=350%2C200 1x, https:\/\/i0.wp.com\/casadecampoliving.com\/wp-content\/uploads\/2023\/05\/Andrea-Brenes-y-Erika-Vilain.jpg?fit=768%2C1024&ssl=1&resize=525%2C300 1.5x, https:\/\/i0.wp.com\/casadecampoliving.com\/wp-content\/uploads\/2023\/05\/Andrea-Brenes-y-Erika-Vilain.jpg?fit=768%2C1024&ssl=1&resize=700%2C400 2x"},"classes":[]},{"id":339083,"url":"https:\/\/casadecampoliving.com\/es\/hoy-se-celebra-el-dia-de-las-madres-en-la-republica-dominicana\/","url_meta":{"origin":518115,"position":3},"title":"Hoy se celebra el D\u00eda de las Madres en la R\u00e9p\u00fablica Dominicana!","author":"","date":"27 May, 2012","format":false,"excerpt":"Cada a\u00f1o, en el \u00faltimo domingo del mes de mayo, la Rep\u00fablica Dominicana celebra a un especial miembro de cada familia; las madres! Y no quisimos dejar pasar la oportunidad sin desearles todo lo mejor! Hoy domingo 27 de mayo, comprendido como el \u00faltimo domingo de este mes en el\u2026","rel":"","context":"En \u00abDestacados\u00bb","block_context":{"text":"Destacados","link":"https:\/\/casadecampoliving.com\/es\/category\/destacados\/"},"img":{"alt_text":"mothers","src":"https:\/\/i0.wp.com\/casadecampoliving.com\/wp-content\/uploads\/2022\/10\/mothers8-1.jpg?fit=650%2C415&ssl=1&resize=350%2C200","width":350,"height":200,"srcset":"https:\/\/i0.wp.com\/casadecampoliving.com\/wp-content\/uploads\/2022\/10\/mothers8-1.jpg?fit=650%2C415&ssl=1&resize=350%2C200 1x, https:\/\/i0.wp.com\/casadecampoliving.com\/wp-content\/uploads\/2022\/10\/mothers8-1.jpg?fit=650%2C415&ssl=1&resize=525%2C300 1.5x"},"classes":[]},{"id":338997,"url":"https:\/\/casadecampoliving.com\/es\/feliz-dia-de-las-madres-2\/","url_meta":{"origin":518115,"position":4},"title":"Feliz D\u00eda de las Madres!","author":"","date":"13 May, 2012","format":false,"excerpt":"Hoy, domingo 13 de mayo (segundo domingo de mayo), los Estados Unidos de Am\u00e9rica y la mayor\u00eda de los pa\u00edses del mundo, celebran el d\u00eda de las madres. A\u00fan cuando la Rep\u00fablica Dominicana no celebra este d\u00eda especial hasta el \u00faltimo domingo del mes de mayo (27 de mayo), nosotros\u2026","rel":"","context":"En \u00abEstilo de Vida\u00bb","block_context":{"text":"Estilo de Vida","link":"https:\/\/casadecampoliving.com\/es\/category\/estilo-de-vida\/"},"img":{"alt_text":"","src":"https:\/\/i0.wp.com\/casadecampoliving.com\/wp-content\/uploads\/2022\/10\/mothers-day.jpg?fit=447%2C326&ssl=1&resize=350%2C200","width":350,"height":200},"classes":[]},{"id":340234,"url":"https:\/\/casadecampoliving.com\/es\/fernando-flaquer-celebra-la-graduacion-de-sus-hijos-con-una-cena-en-santo-domingo\/","url_meta":{"origin":518115,"position":5},"title":"Fernando Flaquer celebra la graduaci\u00f3n de sus hijos con una cena en Santo Domingo!","author":"","date":"8 Dic, 2012","format":false,"excerpt":"La familia Flaquer han sido propietarios de una villa en Casa de Campo durante los \u00faltimos 22 a\u00f1os, y en ese tiempo, se han convertido en queridos miembros de la comunidad, por lo que, cuando recientemente celebrada la graduaci\u00f3n de sus dos hijos mayores; Carlos Andres y Fernando\u00a0Arturo, nos result\u00f3\u2026","rel":"","context":"En \u00abCasa de Campo Living @es\u00bb","block_context":{"text":"Casa de Campo Living @es","link":"https:\/\/casadecampoliving.com\/category\/casa-de-campo-living-es\/"},"img":{"alt_text":"flaquer","src":"https:\/\/i0.wp.com\/casadecampoliving.com\/wp-content\/uploads\/2022\/10\/flaquer-1.jpg?fit=650%2C407&ssl=1&resize=350%2C200","width":350,"height":200,"srcset":"https:\/\/i0.wp.com\/casadecampoliving.com\/wp-content\/uploads\/2022\/10\/flaquer-1.jpg?fit=650%2C407&ssl=1&resize=350%2C200 1x, https:\/\/i0.wp.com\/casadecampoliving.com\/wp-content\/uploads\/2022\/10\/flaquer-1.jpg?fit=650%2C407&ssl=1&resize=525%2C300 1.5x"},"classes":[]}],"jetpack_sharing_enabled":true,"_links":{"self":[{"href":"https:\/\/casadecampoliving.com\/es\/wp-json\/wp\/v2\/posts\/518115","targetHints":{"allow":["GET"]}}],"collection":[{"href":"https:\/\/casadecampoliving.com\/es\/wp-json\/wp\/v2\/posts"}],"about":[{"href":"https:\/\/casadecampoliving.com\/es\/wp-json\/wp\/v2\/types\/post"}],"author":[{"embeddable":true,"href":"https:\/\/casadecampoliving.com\/es\/wp-json\/wp\/v2\/users\/431"}],"replies":[{"embeddable":true,"href":"https:\/\/casadecampoliving.com\/es\/wp-json\/wp\/v2\/comments?post=518115"}],"version-history":[{"count":4,"href":"https:\/\/casadecampoliving.com\/es\/wp-json\/wp\/v2\/posts\/518115\/revisions"}],"predecessor-version":[{"id":518143,"href":"https:\/\/casadecampoliving.com\/es\/wp-json\/wp\/v2\/posts\/518115\/revisions\/518143"}],"wp:featuredmedia":[{"embeddable":true,"href":"https:\/\/casadecampoliving.com\/es\/wp-json\/wp\/v2\/media\/518116"}],"wp:attachment":[{"href":"https:\/\/casadecampoliving.com\/es\/wp-json\/wp\/v2\/media?parent=518115"}],"wp:term":[{"taxonomy":"category","embeddable":true,"href":"https:\/\/casadecampoliving.com\/es\/wp-json\/wp\/v2\/categories?post=518115"},{"taxonomy":"post_tag","embeddable":true,"href":"https:\/\/casadecampoliving.com\/es\/wp-json\/wp\/v2\/tags?post=518115"},{"taxonomy":"newspack_spnsrs_tax","embeddable":true,"href":"https:\/\/casadecampoliving.com\/es\/wp-json\/wp\/v2\/newspack_spnsrs_tax?post=518115"}],"curies":[{"name":"wp","href":"https:\/\/api.w.org\/{rel}","templated":true}]}}