{"id":518107,"date":"2023-05-24T16:57:47","date_gmt":"2023-05-24T20:57:47","guid":{"rendered":"https:\/\/casadecampoliving.com\/?p=518107"},"modified":"2023-05-29T10:14:26","modified_gmt":"2023-05-29T14:14:26","slug":"colores-creatividad-y-comunidad-no-te-pierdas-la-exhibicion-de-arte-de-fin-de-ano-de-la-escuela-abraham-lincoln","status":"publish","type":"post","link":"https:\/\/casadecampoliving.com\/es\/colores-creatividad-y-comunidad-no-te-pierdas-la-exhibicion-de-arte-de-fin-de-ano-de-la-escuela-abraham-lincoln\/","title":{"rendered":"\u00a1Colores, Creatividad y Comunidad: No te Pierdas la Exhibici\u00f3n de Arte de Fin de A\u00f1o de la Escuela Abraham Lincoln!"},"content":{"rendered":"\n<p>\u00a1\u00danete a nosotros para una encantadora noche llena de creatividad e imaginaci\u00f3n mientras la Escuela Abraham Lincoln presenta con orgullo su esperada exhibici\u00f3n anual de arte! El viernes 26 de mayo, invitamos cordialmente a toda la comunidad de Casa de Campo y La Romana a unirse a nosotros en WAO Galer\u00eda en Altos de Chav\u00f3n para la gran inauguraci\u00f3n de la muestra de este a\u00f1o.<\/p>\n\n\n\n<figure class=\"wp-block-image size-large\"><img data-recalc-dims=\"1\" loading=\"lazy\" decoding=\"async\" width=\"1024\" height=\"683\" src=\"https:\/\/i0.wp.com\/casadecampoliving.com\/wp-content\/uploads\/2023\/05\/Abraham-Lincoln-School-2019-exhibit-3-1.jpg?resize=1024%2C683&#038;ssl=1\" alt=\"\" class=\"wp-image-518062\" srcset=\"https:\/\/i0.wp.com\/casadecampoliving.com\/wp-content\/uploads\/2023\/05\/Abraham-Lincoln-School-2019-exhibit-3-1.jpg?resize=1024%2C683&amp;ssl=1 1024w, https:\/\/i0.wp.com\/casadecampoliving.com\/wp-content\/uploads\/2023\/05\/Abraham-Lincoln-School-2019-exhibit-3-1.jpg?resize=300%2C200&amp;ssl=1 300w, https:\/\/i0.wp.com\/casadecampoliving.com\/wp-content\/uploads\/2023\/05\/Abraham-Lincoln-School-2019-exhibit-3-1.jpg?resize=768%2C512&amp;ssl=1 768w, https:\/\/i0.wp.com\/casadecampoliving.com\/wp-content\/uploads\/2023\/05\/Abraham-Lincoln-School-2019-exhibit-3-1.jpg?resize=1200%2C800&amp;ssl=1 1200w, https:\/\/i0.wp.com\/casadecampoliving.com\/wp-content\/uploads\/2023\/05\/Abraham-Lincoln-School-2019-exhibit-3-1.jpg?resize=400%2C267&amp;ssl=1 400w, https:\/\/i0.wp.com\/casadecampoliving.com\/wp-content\/uploads\/2023\/05\/Abraham-Lincoln-School-2019-exhibit-3-1.jpg?resize=150%2C100&amp;ssl=1 150w, https:\/\/i0.wp.com\/casadecampoliving.com\/wp-content\/uploads\/2023\/05\/Abraham-Lincoln-School-2019-exhibit-3-1.jpg?w=1249&amp;ssl=1 1249w, https:\/\/i0.wp.com\/casadecampoliving.com\/wp-content\/uploads\/2023\/05\/Abraham-Lincoln-School-2019-exhibit-3-1-1024x683.jpg?w=370&amp;ssl=1 370w\" sizes=\"auto, (max-width: 1000px) 100vw, 1000px\" \/><\/figure>\n\n\n\n<p>Prep\u00e1rate para quedar cautivado por el incre\u00edble talento art\u00edstico de los estudiantes, que abarcan desde los m\u00e1s peque\u00f1os en las clases de Pre-Kinder hasta los talentosos alumnos de \u00faltimo a\u00f1o de secundaria. La exhibici\u00f3n contar\u00e1 con una variedad de obras de arte, que incluyen vibrantes autorretratos, cautivadoras pinturas de animales, bocetos intrincados e impresionantes esculturas. Cada pieza refleja la dedicaci\u00f3n, pasi\u00f3n y creatividad que los estudiantes han volcado en su trabajo a lo largo del a\u00f1o.<\/p>\n\n\n\n<div class=\"wp-block-media-text alignwide is-stacked-on-mobile\"><figure class=\"wp-block-media-text__media\"><img data-recalc-dims=\"1\" loading=\"lazy\" decoding=\"async\" width=\"628\" height=\"833\" src=\"https:\/\/i0.wp.com\/casadecampoliving.com\/wp-content\/uploads\/2023\/05\/Abraham-Lincoln-School-2019-exhibit-4-.jpg?resize=628%2C833&#038;ssl=1\" alt=\"\" class=\"wp-image-518068 size-full\" srcset=\"https:\/\/i0.wp.com\/casadecampoliving.com\/wp-content\/uploads\/2023\/05\/Abraham-Lincoln-School-2019-exhibit-4-.jpg?w=628&amp;ssl=1 628w, https:\/\/i0.wp.com\/casadecampoliving.com\/wp-content\/uploads\/2023\/05\/Abraham-Lincoln-School-2019-exhibit-4-.jpg?resize=226%2C300&amp;ssl=1 226w, https:\/\/i0.wp.com\/casadecampoliving.com\/wp-content\/uploads\/2023\/05\/Abraham-Lincoln-School-2019-exhibit-4-.jpg?resize=150%2C199&amp;ssl=1 150w, https:\/\/i0.wp.com\/casadecampoliving.com\/wp-content\/uploads\/2023\/05\/Abraham-Lincoln-School-2019-exhibit-4-.jpg?resize=400%2C531&amp;ssl=1 400w, https:\/\/i0.wp.com\/casadecampoliving.com\/wp-content\/uploads\/2023\/05\/Abraham-Lincoln-School-2019-exhibit-4-.jpg?w=370&amp;ssl=1 370w\" sizes=\"auto, (max-width: 628px) 100vw, 628px\" \/><\/figure><div class=\"wp-block-media-text__content\">\n<p>La apertura comenzar\u00e1 a las 7:00 p.m. y promete ser una noche llena de emoci\u00f3n, inspiraci\u00f3n y esp\u00edritu comunitario. Conoce a los j\u00f3venes artistas que han puesto su coraz\u00f3n en sus creaciones. Participa en conversaciones con sus profesores, quienes han cultivado sus talentos y los han guiado en sus esfuerzos art\u00edsticos.<\/p>\n<\/div><\/div>\n\n\n\n<p>Reserva la fecha, correa la voz y prep\u00e1rate para maravillarte con los extraordinarios talentos art\u00edsticos de los estudiantes de la Escuela Abraham Lincoln.<\/p>\n\n\n\n<p>\u00a1Nos vemos el viernes 26 de mayo, a las 7:00 p.m., en WAO Galer\u00eda en Altos de Chav\u00f3n!<\/p>\n\n\n\n<p class=\"has-small-font-size\"><em>*Fotos de una exhibici\u00f3n de arte anterior de la Escuela Abraham Lincoln.<\/em><\/p>\n\n\n<div class=\"wp-block-image\">\n<figure class=\"aligncenter size-large\"><img data-recalc-dims=\"1\" loading=\"lazy\" decoding=\"async\" width=\"576\" height=\"1024\" src=\"https:\/\/i0.wp.com\/casadecampoliving.com\/wp-content\/uploads\/2023\/05\/Abraham-Lincoln-School-2023-Art-Exhibit-576x1024.jpeg?resize=576%2C1024&#038;ssl=1\" alt=\"\" class=\"wp-image-518048\" srcset=\"https:\/\/i0.wp.com\/casadecampoliving.com\/wp-content\/uploads\/2023\/05\/Abraham-Lincoln-School-2023-Art-Exhibit.jpeg?resize=576%2C1024&amp;ssl=1 576w, https:\/\/i0.wp.com\/casadecampoliving.com\/wp-content\/uploads\/2023\/05\/Abraham-Lincoln-School-2023-Art-Exhibit.jpeg?resize=169%2C300&amp;ssl=1 169w, https:\/\/i0.wp.com\/casadecampoliving.com\/wp-content\/uploads\/2023\/05\/Abraham-Lincoln-School-2023-Art-Exhibit.jpeg?resize=400%2C711&amp;ssl=1 400w, https:\/\/i0.wp.com\/casadecampoliving.com\/wp-content\/uploads\/2023\/05\/Abraham-Lincoln-School-2023-Art-Exhibit.jpeg?resize=150%2C267&amp;ssl=1 150w, https:\/\/i0.wp.com\/casadecampoliving.com\/wp-content\/uploads\/2023\/05\/Abraham-Lincoln-School-2023-Art-Exhibit.jpeg?w=720&amp;ssl=1 720w, https:\/\/i0.wp.com\/casadecampoliving.com\/wp-content\/uploads\/2023\/05\/Abraham-Lincoln-School-2023-Art-Exhibit-576x1024.jpeg?w=370&amp;ssl=1 370w\" sizes=\"auto, (max-width: 576px) 100vw, 576px\" \/><\/figure>\n<\/div>","protected":false},"excerpt":{"rendered":"<p>\u00a1\u00danete a nosotros para una encantadora noche llena de creatividad e imaginaci\u00f3n mientras la Escuela Abraham Lincoln presenta con orgullo su esperada exhibici\u00f3n anual de arte! El viernes 26 de mayo, invitamos cordialmente a toda la comunidad de Casa de Campo y La Romana a unirse a nosotros en WAO Galer\u00eda en Altos de Chav\u00f3n [&hellip;]<\/p>\n","protected":false},"author":36791,"featured_media":518076,"comment_status":"closed","ping_status":"closed","sticky":false,"template":"","format":"standard","meta":{"newspack_ads_suppress_ads":false,"newspack_popups_has_disabled_popups":false,"newspack_sponsor_sponsorship_scope":"","newspack_sponsor_native_byline_display":"inherit","newspack_sponsor_native_category_display":"inherit","newspack_sponsor_underwriter_style":"inherit","newspack_sponsor_underwriter_placement":"inherit","_newspack_byline_active":false,"_newspack_byline":"","newspack_hide_updated_date":false,"newspack_show_updated_date":false,"newspack_content_restriction_is_exempt":false,"newspack_featured_image_position":"large","newspack_post_subtitle":"","newspack_article_summary_title":"Overview:","newspack_article_summary":"","_jetpack_memberships_contains_paid_content":false,"footnotes":"","jetpack_publicize_message":"","jetpack_publicize_feature_enabled":false,"jetpack_social_post_already_shared":false,"jetpack_social_options":{"image_generator_settings":{"template":"highway","default_image_id":0,"font":"","enabled":false},"version":2},"_wpas_customize_per_network":false},"categories":[14631,2522,14627],"tags":[4485,3575,27100,2536,27454,2557,4431,14736,15091,27001],"newspack_spnsrs_tax":[],"class_list":["post-518107","post","type-post","status-publish","format-standard","has-post-thumbnail","hentry","category-estilo-de-vida","category-eventos-es","category-proximamente","tag-abraham-lincoln-school-es","tag-altos-de-chavon-es-2","tag-altos-de-chavon-es-7","tag-arte","tag-escuela-abraham-lincoln-2","tag-exhibicion-de-arte","tag-exhibicion-de-arte-escuela-abraham-lincoln","tag-featured-topview-es","tag-proximamente","tag-wao-galeria","entry"],"yoast_head":"<!-- This site is optimized with the Yoast SEO plugin v27.5 - https:\/\/yoast.com\/product\/yoast-seo-wordpress\/ -->\n<title>\u00a1Colores, Creatividad y Comunidad: No te Pierdas la Exhibici\u00f3n de Arte de Fin de A\u00f1o de la Escuela Abraham Lincoln! | Casa de Campo Living<\/title>\n<meta name=\"description\" content=\"\u00a1\u00danete a nosotros para una encantadora noche llena de creatividad e imaginaci\u00f3n mientras la Escuela Abraham Lincoln presenta con orgullo su esperada\" \/>\n<meta name=\"robots\" content=\"index, follow, max-snippet:-1, max-image-preview:large, max-video-preview:-1\" \/>\n<link rel=\"canonical\" href=\"https:\/\/casadecampoliving.com\/es\/colores-creatividad-y-comunidad-no-te-pierdas-la-exhibicion-de-arte-de-fin-de-ano-de-la-escuela-abraham-lincoln\/\" \/>\n<meta property=\"og:locale\" content=\"es_ES\" \/>\n<meta property=\"og:type\" content=\"article\" \/>\n<meta property=\"og:title\" content=\"\u00a1Colores, Creatividad y Comunidad: No te Pierdas la Exhibici\u00f3n de Arte de Fin de A\u00f1o de la Escuela Abraham Lincoln! | Casa de Campo Living\" \/>\n<meta property=\"og:description\" content=\"\u00a1\u00danete a nosotros para una encantadora noche llena de creatividad e imaginaci\u00f3n mientras la Escuela Abraham Lincoln presenta con orgullo su esperada\" \/>\n<meta property=\"og:url\" content=\"https:\/\/casadecampoliving.com\/es\/colores-creatividad-y-comunidad-no-te-pierdas-la-exhibicion-de-arte-de-fin-de-ano-de-la-escuela-abraham-lincoln\/\" \/>\n<meta property=\"og:site_name\" content=\"Casa de Campo Living\" \/>\n<meta property=\"article:publisher\" content=\"https:\/\/www.facebook.com\/casadecampoliving\" \/>\n<meta property=\"article:published_time\" content=\"2023-05-24T20:57:47+00:00\" \/>\n<meta property=\"article:modified_time\" content=\"2023-05-29T14:14:26+00:00\" \/>\n<meta property=\"og:image\" content=\"https:\/\/casadecampoliving.com\/wp-content\/uploads\/2023\/05\/Abraham-Lincoln-School-2019-exhibit-7-.jpg\" \/>\n\t<meta property=\"og:image:width\" content=\"2000\" \/>\n\t<meta property=\"og:image:height\" content=\"1333\" \/>\n\t<meta property=\"og:image:type\" content=\"image\/jpeg\" \/>\n<meta name=\"author\" content=\"Casa de Campo Living\" \/>\n<meta name=\"twitter:card\" content=\"summary_large_image\" \/>\n<meta name=\"twitter:creator\" content=\"@cdcliving\" \/>\n<meta name=\"twitter:site\" content=\"@cdcliving\" \/>\n<meta name=\"twitter:label1\" content=\"Escrito por\" \/>\n\t<meta name=\"twitter:data1\" content=\"Casa de Campo Living\" \/>\n\t<meta name=\"twitter:label2\" content=\"Tiempo de lectura\" \/>\n\t<meta name=\"twitter:data2\" content=\"2 minutos\" \/>\n<script type=\"application\/ld+json\" class=\"yoast-schema-graph\">{\"@context\":\"https:\\\/\\\/schema.org\",\"@graph\":[{\"@type\":\"Article\",\"@id\":\"https:\\\/\\\/casadecampoliving.com\\\/es\\\/colores-creatividad-y-comunidad-no-te-pierdas-la-exhibicion-de-arte-de-fin-de-ano-de-la-escuela-abraham-lincoln\\\/#article\",\"isPartOf\":{\"@id\":\"https:\\\/\\\/casadecampoliving.com\\\/es\\\/colores-creatividad-y-comunidad-no-te-pierdas-la-exhibicion-de-arte-de-fin-de-ano-de-la-escuela-abraham-lincoln\\\/\"},\"author\":{\"name\":\"Casa de Campo Living\",\"@id\":\"https:\\\/\\\/casadecampoliving.com\\\/es\\\/#\\\/schema\\\/person\\\/5d2171637a9d11e0e43ce6b8555f9422\"},\"headline\":\"\u00a1Colores, Creatividad y Comunidad: No te Pierdas la Exhibici\u00f3n de Arte de Fin de A\u00f1o de la Escuela Abraham Lincoln!\",\"datePublished\":\"2023-05-24T20:57:47+00:00\",\"dateModified\":\"2023-05-29T14:14:26+00:00\",\"mainEntityOfPage\":{\"@id\":\"https:\\\/\\\/casadecampoliving.com\\\/es\\\/colores-creatividad-y-comunidad-no-te-pierdas-la-exhibicion-de-arte-de-fin-de-ano-de-la-escuela-abraham-lincoln\\\/\"},\"wordCount\":292,\"publisher\":{\"@id\":\"https:\\\/\\\/casadecampoliving.com\\\/es\\\/#organization\"},\"image\":{\"@id\":\"https:\\\/\\\/casadecampoliving.com\\\/es\\\/colores-creatividad-y-comunidad-no-te-pierdas-la-exhibicion-de-arte-de-fin-de-ano-de-la-escuela-abraham-lincoln\\\/#primaryimage\"},\"thumbnailUrl\":\"https:\\\/\\\/i0.wp.com\\\/casadecampoliving.com\\\/wp-content\\\/uploads\\\/2023\\\/05\\\/Abraham-Lincoln-School-2019-exhibit-7-.jpg?fit=2000%2C1333&ssl=1\",\"keywords\":[\"Abraham Lincoln School @es\",\"Altos de Chavon -es\",\"Altos de Chav\u00f3n @es\",\"arte\",\"Escuela Abraham Lincoln\",\"exhibicion de arte\",\"exhibicion de arte escuela abraham lincoln\",\"Featured-TopView @es\",\"Proximamente\",\"wao galeria\"],\"articleSection\":[\"Estilo de Vida\",\"Eventos\",\"Proximamente\"],\"inLanguage\":\"es\"},{\"@type\":\"WebPage\",\"@id\":\"https:\\\/\\\/casadecampoliving.com\\\/es\\\/colores-creatividad-y-comunidad-no-te-pierdas-la-exhibicion-de-arte-de-fin-de-ano-de-la-escuela-abraham-lincoln\\\/\",\"url\":\"https:\\\/\\\/casadecampoliving.com\\\/es\\\/colores-creatividad-y-comunidad-no-te-pierdas-la-exhibicion-de-arte-de-fin-de-ano-de-la-escuela-abraham-lincoln\\\/\",\"name\":\"\u00a1Colores, Creatividad y Comunidad: No te Pierdas la Exhibici\u00f3n de Arte de Fin de A\u00f1o de la Escuela Abraham Lincoln! | Casa de Campo Living\",\"isPartOf\":{\"@id\":\"https:\\\/\\\/casadecampoliving.com\\\/es\\\/#website\"},\"primaryImageOfPage\":{\"@id\":\"https:\\\/\\\/casadecampoliving.com\\\/es\\\/colores-creatividad-y-comunidad-no-te-pierdas-la-exhibicion-de-arte-de-fin-de-ano-de-la-escuela-abraham-lincoln\\\/#primaryimage\"},\"image\":{\"@id\":\"https:\\\/\\\/casadecampoliving.com\\\/es\\\/colores-creatividad-y-comunidad-no-te-pierdas-la-exhibicion-de-arte-de-fin-de-ano-de-la-escuela-abraham-lincoln\\\/#primaryimage\"},\"thumbnailUrl\":\"https:\\\/\\\/i0.wp.com\\\/casadecampoliving.com\\\/wp-content\\\/uploads\\\/2023\\\/05\\\/Abraham-Lincoln-School-2019-exhibit-7-.jpg?fit=2000%2C1333&ssl=1\",\"datePublished\":\"2023-05-24T20:57:47+00:00\",\"dateModified\":\"2023-05-29T14:14:26+00:00\",\"description\":\"\u00a1\u00danete a nosotros para una encantadora noche llena de creatividad e imaginaci\u00f3n mientras la Escuela Abraham Lincoln presenta con orgullo su esperada\",\"breadcrumb\":{\"@id\":\"https:\\\/\\\/casadecampoliving.com\\\/es\\\/colores-creatividad-y-comunidad-no-te-pierdas-la-exhibicion-de-arte-de-fin-de-ano-de-la-escuela-abraham-lincoln\\\/#breadcrumb\"},\"inLanguage\":\"es\",\"potentialAction\":[{\"@type\":\"ReadAction\",\"target\":[\"https:\\\/\\\/casadecampoliving.com\\\/es\\\/colores-creatividad-y-comunidad-no-te-pierdas-la-exhibicion-de-arte-de-fin-de-ano-de-la-escuela-abraham-lincoln\\\/\"]}]},{\"@type\":\"ImageObject\",\"inLanguage\":\"es\",\"@id\":\"https:\\\/\\\/casadecampoliving.com\\\/es\\\/colores-creatividad-y-comunidad-no-te-pierdas-la-exhibicion-de-arte-de-fin-de-ano-de-la-escuela-abraham-lincoln\\\/#primaryimage\",\"url\":\"https:\\\/\\\/i0.wp.com\\\/casadecampoliving.com\\\/wp-content\\\/uploads\\\/2023\\\/05\\\/Abraham-Lincoln-School-2019-exhibit-7-.jpg?fit=2000%2C1333&ssl=1\",\"contentUrl\":\"https:\\\/\\\/i0.wp.com\\\/casadecampoliving.com\\\/wp-content\\\/uploads\\\/2023\\\/05\\\/Abraham-Lincoln-School-2019-exhibit-7-.jpg?fit=2000%2C1333&ssl=1\",\"width\":2000,\"height\":1333},{\"@type\":\"BreadcrumbList\",\"@id\":\"https:\\\/\\\/casadecampoliving.com\\\/es\\\/colores-creatividad-y-comunidad-no-te-pierdas-la-exhibicion-de-arte-de-fin-de-ano-de-la-escuela-abraham-lincoln\\\/#breadcrumb\",\"itemListElement\":[{\"@type\":\"ListItem\",\"position\":1,\"name\":\"Home\",\"item\":\"https:\\\/\\\/casadecampoliving.com\\\/es\\\/\"},{\"@type\":\"ListItem\",\"position\":2,\"name\":\"\u00a1Colores, Creatividad y Comunidad: No te Pierdas la Exhibici\u00f3n de Arte de Fin de A\u00f1o de la Escuela Abraham Lincoln!\"}]},{\"@type\":\"WebSite\",\"@id\":\"https:\\\/\\\/casadecampoliving.com\\\/es\\\/#website\",\"url\":\"https:\\\/\\\/casadecampoliving.com\\\/es\\\/\",\"name\":\"Casa de Campo Living\",\"description\":\"Resort community news and resources.\",\"publisher\":{\"@id\":\"https:\\\/\\\/casadecampoliving.com\\\/es\\\/#organization\"},\"potentialAction\":[{\"@type\":\"SearchAction\",\"target\":{\"@type\":\"EntryPoint\",\"urlTemplate\":\"https:\\\/\\\/casadecampoliving.com\\\/es\\\/?s={search_term_string}\"},\"query-input\":{\"@type\":\"PropertyValueSpecification\",\"valueRequired\":true,\"valueName\":\"search_term_string\"}}],\"inLanguage\":\"es\"},{\"@type\":\"Organization\",\"@id\":\"https:\\\/\\\/casadecampoliving.com\\\/es\\\/#organization\",\"name\":\"Casa de Campo Living\",\"url\":\"https:\\\/\\\/casadecampoliving.com\\\/es\\\/\",\"logo\":{\"@type\":\"ImageObject\",\"inLanguage\":\"es\",\"@id\":\"https:\\\/\\\/casadecampoliving.com\\\/es\\\/#\\\/schema\\\/logo\\\/image\\\/\",\"url\":\"https:\\\/\\\/i0.wp.com\\\/casadecampoliving.com\\\/wp-content\\\/uploads\\\/2022\\\/07\\\/CDCLivingLogo_V1-white-sized.png?fit=800%2C214&ssl=1\",\"contentUrl\":\"https:\\\/\\\/i0.wp.com\\\/casadecampoliving.com\\\/wp-content\\\/uploads\\\/2022\\\/07\\\/CDCLivingLogo_V1-white-sized.png?fit=800%2C214&ssl=1\",\"width\":800,\"height\":214,\"caption\":\"Casa de Campo Living\"},\"image\":{\"@id\":\"https:\\\/\\\/casadecampoliving.com\\\/es\\\/#\\\/schema\\\/logo\\\/image\\\/\"},\"sameAs\":[\"https:\\\/\\\/www.facebook.com\\\/casadecampoliving\",\"https:\\\/\\\/x.com\\\/cdcliving\"]},{\"@type\":\"Person\",\"@id\":\"https:\\\/\\\/casadecampoliving.com\\\/es\\\/#\\\/schema\\\/person\\\/5d2171637a9d11e0e43ce6b8555f9422\",\"name\":\"Casa de Campo Living\",\"image\":{\"@type\":\"ImageObject\",\"inLanguage\":\"es\",\"@id\":\"https:\\\/\\\/secure.gravatar.com\\\/avatar\\\/d04101fa4a9fd431e939953b1500fdc7a73cd35029f86d98712fd8ccdaebaf9a?s=96&d=mm&r=g\",\"url\":\"https:\\\/\\\/secure.gravatar.com\\\/avatar\\\/d04101fa4a9fd431e939953b1500fdc7a73cd35029f86d98712fd8ccdaebaf9a?s=96&d=mm&r=g\",\"contentUrl\":\"https:\\\/\\\/secure.gravatar.com\\\/avatar\\\/d04101fa4a9fd431e939953b1500fdc7a73cd35029f86d98712fd8ccdaebaf9a?s=96&d=mm&r=g\",\"caption\":\"Casa de Campo Living\"},\"url\":\"https:\\\/\\\/casadecampoliving.com\\\/es\\\/author\\\/casa-de-campo-living\\\/\"}]}<\/script>\n<!-- \/ Yoast SEO plugin. -->","yoast_head_json":{"title":"\u00a1Colores, Creatividad y Comunidad: No te Pierdas la Exhibici\u00f3n de Arte de Fin de A\u00f1o de la Escuela Abraham Lincoln! | Casa de Campo Living","description":"\u00a1\u00danete a nosotros para una encantadora noche llena de creatividad e imaginaci\u00f3n mientras la Escuela Abraham Lincoln presenta con orgullo su esperada","robots":{"index":"index","follow":"follow","max-snippet":"max-snippet:-1","max-image-preview":"max-image-preview:large","max-video-preview":"max-video-preview:-1"},"canonical":"https:\/\/casadecampoliving.com\/es\/colores-creatividad-y-comunidad-no-te-pierdas-la-exhibicion-de-arte-de-fin-de-ano-de-la-escuela-abraham-lincoln\/","og_locale":"es_ES","og_type":"article","og_title":"\u00a1Colores, Creatividad y Comunidad: No te Pierdas la Exhibici\u00f3n de Arte de Fin de A\u00f1o de la Escuela Abraham Lincoln! | Casa de Campo Living","og_description":"\u00a1\u00danete a nosotros para una encantadora noche llena de creatividad e imaginaci\u00f3n mientras la Escuela Abraham Lincoln presenta con orgullo su esperada","og_url":"https:\/\/casadecampoliving.com\/es\/colores-creatividad-y-comunidad-no-te-pierdas-la-exhibicion-de-arte-de-fin-de-ano-de-la-escuela-abraham-lincoln\/","og_site_name":"Casa de Campo Living","article_publisher":"https:\/\/www.facebook.com\/casadecampoliving","article_published_time":"2023-05-24T20:57:47+00:00","article_modified_time":"2023-05-29T14:14:26+00:00","og_image":[{"width":2000,"height":1333,"url":"https:\/\/casadecampoliving.com\/wp-content\/uploads\/2023\/05\/Abraham-Lincoln-School-2019-exhibit-7-.jpg","type":"image\/jpeg"}],"author":"Casa de Campo Living","twitter_card":"summary_large_image","twitter_creator":"@cdcliving","twitter_site":"@cdcliving","twitter_misc":{"Escrito por":"Casa de Campo Living","Tiempo de lectura":"2 minutos"},"schema":{"@context":"https:\/\/schema.org","@graph":[{"@type":"Article","@id":"https:\/\/casadecampoliving.com\/es\/colores-creatividad-y-comunidad-no-te-pierdas-la-exhibicion-de-arte-de-fin-de-ano-de-la-escuela-abraham-lincoln\/#article","isPartOf":{"@id":"https:\/\/casadecampoliving.com\/es\/colores-creatividad-y-comunidad-no-te-pierdas-la-exhibicion-de-arte-de-fin-de-ano-de-la-escuela-abraham-lincoln\/"},"author":{"name":"Casa de Campo Living","@id":"https:\/\/casadecampoliving.com\/es\/#\/schema\/person\/5d2171637a9d11e0e43ce6b8555f9422"},"headline":"\u00a1Colores, Creatividad y Comunidad: No te Pierdas la Exhibici\u00f3n de Arte de Fin de A\u00f1o de la Escuela Abraham Lincoln!","datePublished":"2023-05-24T20:57:47+00:00","dateModified":"2023-05-29T14:14:26+00:00","mainEntityOfPage":{"@id":"https:\/\/casadecampoliving.com\/es\/colores-creatividad-y-comunidad-no-te-pierdas-la-exhibicion-de-arte-de-fin-de-ano-de-la-escuela-abraham-lincoln\/"},"wordCount":292,"publisher":{"@id":"https:\/\/casadecampoliving.com\/es\/#organization"},"image":{"@id":"https:\/\/casadecampoliving.com\/es\/colores-creatividad-y-comunidad-no-te-pierdas-la-exhibicion-de-arte-de-fin-de-ano-de-la-escuela-abraham-lincoln\/#primaryimage"},"thumbnailUrl":"https:\/\/i0.wp.com\/casadecampoliving.com\/wp-content\/uploads\/2023\/05\/Abraham-Lincoln-School-2019-exhibit-7-.jpg?fit=2000%2C1333&ssl=1","keywords":["Abraham Lincoln School @es","Altos de Chavon -es","Altos de Chav\u00f3n @es","arte","Escuela Abraham Lincoln","exhibicion de arte","exhibicion de arte escuela abraham lincoln","Featured-TopView @es","Proximamente","wao galeria"],"articleSection":["Estilo de Vida","Eventos","Proximamente"],"inLanguage":"es"},{"@type":"WebPage","@id":"https:\/\/casadecampoliving.com\/es\/colores-creatividad-y-comunidad-no-te-pierdas-la-exhibicion-de-arte-de-fin-de-ano-de-la-escuela-abraham-lincoln\/","url":"https:\/\/casadecampoliving.com\/es\/colores-creatividad-y-comunidad-no-te-pierdas-la-exhibicion-de-arte-de-fin-de-ano-de-la-escuela-abraham-lincoln\/","name":"\u00a1Colores, Creatividad y Comunidad: No te Pierdas la Exhibici\u00f3n de Arte de Fin de A\u00f1o de la Escuela Abraham Lincoln! | Casa de Campo Living","isPartOf":{"@id":"https:\/\/casadecampoliving.com\/es\/#website"},"primaryImageOfPage":{"@id":"https:\/\/casadecampoliving.com\/es\/colores-creatividad-y-comunidad-no-te-pierdas-la-exhibicion-de-arte-de-fin-de-ano-de-la-escuela-abraham-lincoln\/#primaryimage"},"image":{"@id":"https:\/\/casadecampoliving.com\/es\/colores-creatividad-y-comunidad-no-te-pierdas-la-exhibicion-de-arte-de-fin-de-ano-de-la-escuela-abraham-lincoln\/#primaryimage"},"thumbnailUrl":"https:\/\/i0.wp.com\/casadecampoliving.com\/wp-content\/uploads\/2023\/05\/Abraham-Lincoln-School-2019-exhibit-7-.jpg?fit=2000%2C1333&ssl=1","datePublished":"2023-05-24T20:57:47+00:00","dateModified":"2023-05-29T14:14:26+00:00","description":"\u00a1\u00danete a nosotros para una encantadora noche llena de creatividad e imaginaci\u00f3n mientras la Escuela Abraham Lincoln presenta con orgullo su esperada","breadcrumb":{"@id":"https:\/\/casadecampoliving.com\/es\/colores-creatividad-y-comunidad-no-te-pierdas-la-exhibicion-de-arte-de-fin-de-ano-de-la-escuela-abraham-lincoln\/#breadcrumb"},"inLanguage":"es","potentialAction":[{"@type":"ReadAction","target":["https:\/\/casadecampoliving.com\/es\/colores-creatividad-y-comunidad-no-te-pierdas-la-exhibicion-de-arte-de-fin-de-ano-de-la-escuela-abraham-lincoln\/"]}]},{"@type":"ImageObject","inLanguage":"es","@id":"https:\/\/casadecampoliving.com\/es\/colores-creatividad-y-comunidad-no-te-pierdas-la-exhibicion-de-arte-de-fin-de-ano-de-la-escuela-abraham-lincoln\/#primaryimage","url":"https:\/\/i0.wp.com\/casadecampoliving.com\/wp-content\/uploads\/2023\/05\/Abraham-Lincoln-School-2019-exhibit-7-.jpg?fit=2000%2C1333&ssl=1","contentUrl":"https:\/\/i0.wp.com\/casadecampoliving.com\/wp-content\/uploads\/2023\/05\/Abraham-Lincoln-School-2019-exhibit-7-.jpg?fit=2000%2C1333&ssl=1","width":2000,"height":1333},{"@type":"BreadcrumbList","@id":"https:\/\/casadecampoliving.com\/es\/colores-creatividad-y-comunidad-no-te-pierdas-la-exhibicion-de-arte-de-fin-de-ano-de-la-escuela-abraham-lincoln\/#breadcrumb","itemListElement":[{"@type":"ListItem","position":1,"name":"Home","item":"https:\/\/casadecampoliving.com\/es\/"},{"@type":"ListItem","position":2,"name":"\u00a1Colores, Creatividad y Comunidad: No te Pierdas la Exhibici\u00f3n de Arte de Fin de A\u00f1o de la Escuela Abraham Lincoln!"}]},{"@type":"WebSite","@id":"https:\/\/casadecampoliving.com\/es\/#website","url":"https:\/\/casadecampoliving.com\/es\/","name":"Casa de Campo Living","description":"Resort community news and resources.","publisher":{"@id":"https:\/\/casadecampoliving.com\/es\/#organization"},"potentialAction":[{"@type":"SearchAction","target":{"@type":"EntryPoint","urlTemplate":"https:\/\/casadecampoliving.com\/es\/?s={search_term_string}"},"query-input":{"@type":"PropertyValueSpecification","valueRequired":true,"valueName":"search_term_string"}}],"inLanguage":"es"},{"@type":"Organization","@id":"https:\/\/casadecampoliving.com\/es\/#organization","name":"Casa de Campo Living","url":"https:\/\/casadecampoliving.com\/es\/","logo":{"@type":"ImageObject","inLanguage":"es","@id":"https:\/\/casadecampoliving.com\/es\/#\/schema\/logo\/image\/","url":"https:\/\/i0.wp.com\/casadecampoliving.com\/wp-content\/uploads\/2022\/07\/CDCLivingLogo_V1-white-sized.png?fit=800%2C214&ssl=1","contentUrl":"https:\/\/i0.wp.com\/casadecampoliving.com\/wp-content\/uploads\/2022\/07\/CDCLivingLogo_V1-white-sized.png?fit=800%2C214&ssl=1","width":800,"height":214,"caption":"Casa de Campo Living"},"image":{"@id":"https:\/\/casadecampoliving.com\/es\/#\/schema\/logo\/image\/"},"sameAs":["https:\/\/www.facebook.com\/casadecampoliving","https:\/\/x.com\/cdcliving"]},{"@type":"Person","@id":"https:\/\/casadecampoliving.com\/es\/#\/schema\/person\/5d2171637a9d11e0e43ce6b8555f9422","name":"Casa de Campo Living","image":{"@type":"ImageObject","inLanguage":"es","@id":"https:\/\/secure.gravatar.com\/avatar\/d04101fa4a9fd431e939953b1500fdc7a73cd35029f86d98712fd8ccdaebaf9a?s=96&d=mm&r=g","url":"https:\/\/secure.gravatar.com\/avatar\/d04101fa4a9fd431e939953b1500fdc7a73cd35029f86d98712fd8ccdaebaf9a?s=96&d=mm&r=g","contentUrl":"https:\/\/secure.gravatar.com\/avatar\/d04101fa4a9fd431e939953b1500fdc7a73cd35029f86d98712fd8ccdaebaf9a?s=96&d=mm&r=g","caption":"Casa de Campo Living"},"url":"https:\/\/casadecampoliving.com\/es\/author\/casa-de-campo-living\/"}]}},"parsely":{"version":"1.1.0","canonical_url":"https:\/\/casadecampoliving.com\/es\/colores-creatividad-y-comunidad-no-te-pierdas-la-exhibicion-de-arte-de-fin-de-ano-de-la-escuela-abraham-lincoln\/","smart_links":{"inbound":0,"outbound":0},"traffic_boost_suggestions_count":0,"meta":{"@context":"https:\/\/schema.org","@type":"NewsArticle","headline":"\u00a1Colores, Creatividad y Comunidad: No te Pierdas la Exhibici\u00f3n de Arte de Fin de A\u00f1o de la Escuela Abraham Lincoln!","url":"http:\/\/casadecampoliving.com\/es\/colores-creatividad-y-comunidad-no-te-pierdas-la-exhibicion-de-arte-de-fin-de-ano-de-la-escuela-abraham-lincoln\/","mainEntityOfPage":{"@type":"WebPage","@id":"http:\/\/casadecampoliving.com\/es\/colores-creatividad-y-comunidad-no-te-pierdas-la-exhibicion-de-arte-de-fin-de-ano-de-la-escuela-abraham-lincoln\/"},"thumbnailUrl":"https:\/\/i0.wp.com\/casadecampoliving.com\/wp-content\/uploads\/2023\/05\/Abraham-Lincoln-School-2019-exhibit-7-.jpg?resize=150%2C150&ssl=1","image":{"@type":"ImageObject","url":"https:\/\/i0.wp.com\/casadecampoliving.com\/wp-content\/uploads\/2023\/05\/Abraham-Lincoln-School-2019-exhibit-7-.jpg?fit=2000%2C1333&ssl=1"},"articleSection":"Estilo de Vida","author":[{"@type":"Person","name":"Casa de Campo Living"}],"creator":["Casa de Campo Living"],"publisher":{"@type":"Organization","name":"Casa de Campo Living","logo":"https:\/\/casadecampoliving.com\/wp-content\/uploads\/2022\/07\/CDCLivingLogo_V1-white-sized.png"},"keywords":["abraham lincoln school @es","altos de chavon -es","altos de chav\u00f3n @es","arte","escuela abraham lincoln","exhibicion de arte","exhibicion de arte escuela abraham lincoln","featured-topview @es","proximamente","wao galeria"],"dateCreated":"2023-05-24T20:57:47Z","datePublished":"2023-05-24T20:57:47Z","dateModified":"2023-05-29T14:14:26Z"},"rendered":"<script type=\"application\/ld+json\" class=\"wp-parsely-metadata\">{\"@context\":\"https:\\\/\\\/schema.org\",\"@type\":\"NewsArticle\",\"headline\":\"\\u00a1Colores, Creatividad y Comunidad: No te Pierdas la Exhibici\\u00f3n de Arte de Fin de A\\u00f1o de la Escuela Abraham Lincoln!\",\"url\":\"http:\\\/\\\/casadecampoliving.com\\\/es\\\/colores-creatividad-y-comunidad-no-te-pierdas-la-exhibicion-de-arte-de-fin-de-ano-de-la-escuela-abraham-lincoln\\\/\",\"mainEntityOfPage\":{\"@type\":\"WebPage\",\"@id\":\"http:\\\/\\\/casadecampoliving.com\\\/es\\\/colores-creatividad-y-comunidad-no-te-pierdas-la-exhibicion-de-arte-de-fin-de-ano-de-la-escuela-abraham-lincoln\\\/\"},\"thumbnailUrl\":\"https:\\\/\\\/i0.wp.com\\\/casadecampoliving.com\\\/wp-content\\\/uploads\\\/2023\\\/05\\\/Abraham-Lincoln-School-2019-exhibit-7-.jpg?resize=150%2C150&ssl=1\",\"image\":{\"@type\":\"ImageObject\",\"url\":\"https:\\\/\\\/i0.wp.com\\\/casadecampoliving.com\\\/wp-content\\\/uploads\\\/2023\\\/05\\\/Abraham-Lincoln-School-2019-exhibit-7-.jpg?fit=2000%2C1333&ssl=1\"},\"articleSection\":\"Estilo de Vida\",\"author\":[{\"@type\":\"Person\",\"name\":\"Casa de Campo Living\"}],\"creator\":[\"Casa de Campo Living\"],\"publisher\":{\"@type\":\"Organization\",\"name\":\"Casa de Campo Living\",\"logo\":\"https:\\\/\\\/casadecampoliving.com\\\/wp-content\\\/uploads\\\/2022\\\/07\\\/CDCLivingLogo_V1-white-sized.png\"},\"keywords\":[\"abraham lincoln school @es\",\"altos de chavon -es\",\"altos de chav\\u00f3n @es\",\"arte\",\"escuela abraham lincoln\",\"exhibicion de arte\",\"exhibicion de arte escuela abraham lincoln\",\"featured-topview @es\",\"proximamente\",\"wao galeria\"],\"dateCreated\":\"2023-05-24T20:57:47Z\",\"datePublished\":\"2023-05-24T20:57:47Z\",\"dateModified\":\"2023-05-29T14:14:26Z\"}<\/script>","tracker_url":"https:\/\/cdn.parsely.com\/keys\/casadecampoliving.com\/p.js"},"jetpack_publicize_connections":[],"jetpack_featured_media_url":"https:\/\/i0.wp.com\/casadecampoliving.com\/wp-content\/uploads\/2023\/05\/Abraham-Lincoln-School-2019-exhibit-7-.jpg?fit=2000%2C1333&ssl=1","jetpack-related-posts":[{"id":347448,"url":"https:\/\/casadecampoliving.com\/es\/apertura-de-exhibicion-de-arte-escuela-abraham-lincoln-29-de-mayo\/","url_meta":{"origin":518107,"position":0},"title":"Apertura de Exhibici\u00f3n de Arte Escuela Abraham Lincoln &#8211; 29 de mayo","author":"Perkin Agramonte","date":"27 May, 2015","format":false,"excerpt":"La Escuela Abraham Lincoln extiende una invitaci\u00f3n especial a todos los miembros de la comunidad Casa de Campo, as\u00ed como a los visitantes a su exhibici\u00f3n de arte anual, la cual ser\u00e1 inaugurada con un c\u00f3ctel de apertura el viernes 29 de mayo en La Galer\u00eda ubicada en la locaci\u00f3n\u2026","rel":"","context":"En \u00abAltos de Chavon @es\u00bb","block_context":{"text":"Altos de Chavon @es","link":"https:\/\/casadecampoliving.com\/category\/altos-de-chavon-es\/"},"img":{"alt_text":"Abraham Lincoln School art exhibit","src":"https:\/\/i0.wp.com\/casadecampoliving.com\/wp-content\/uploads\/2022\/10\/Abraham_Lincoln_School_art_exhibit-1.jpg?fit=650%2C436&ssl=1&resize=350%2C200","width":350,"height":200,"srcset":"https:\/\/i0.wp.com\/casadecampoliving.com\/wp-content\/uploads\/2022\/10\/Abraham_Lincoln_School_art_exhibit-1.jpg?fit=650%2C436&ssl=1&resize=350%2C200 1x, https:\/\/i0.wp.com\/casadecampoliving.com\/wp-content\/uploads\/2022\/10\/Abraham_Lincoln_School_art_exhibit-1.jpg?fit=650%2C436&ssl=1&resize=525%2C300 1.5x"},"classes":[]},{"id":353439,"url":"https:\/\/casadecampoliving.com\/es\/la-exhibicion-de-arte-de-la-escuela-abraham-lincoln-abrira-este-viernes-24-de-mayo\/","url_meta":{"origin":518107,"position":1},"title":"\u00a1La exhibici\u00f3n de arte de la Escuela Abraham Lincoln abrir\u00e1 este viernes 24 de mayo!","author":"Casa de Campo Living","date":"20 May, 2019","format":false,"excerpt":"El viernes 24 de mayo, la Escuela Abraham Lincoln en La Romana est\u00e1 invitando a todos los miembros de la comunidad de Casa de Campo y La Romana a unirse a ellos en un c\u00f3ctel de apertura para su exposici\u00f3n anual de arte en Altos De Chav\u00f3n. La exhibici\u00f3n anual\u2026","rel":"","context":"En \u00abAltos de Chavon @es\u00bb","block_context":{"text":"Altos de Chavon @es","link":"https:\/\/casadecampoliving.com\/category\/altos-de-chavon-es\/"},"img":{"alt_text":"","src":"https:\/\/i0.wp.com\/casadecampoliving.com\/wp-content\/uploads\/2022\/10\/IMG_9204-1.jpg?fit=1000%2C561&ssl=1&resize=350%2C200","width":350,"height":200,"srcset":"https:\/\/i0.wp.com\/casadecampoliving.com\/wp-content\/uploads\/2022\/10\/IMG_9204-1.jpg?fit=1000%2C561&ssl=1&resize=350%2C200 1x, https:\/\/i0.wp.com\/casadecampoliving.com\/wp-content\/uploads\/2022\/10\/IMG_9204-1.jpg?fit=1000%2C561&ssl=1&resize=525%2C300 1.5x, https:\/\/i0.wp.com\/casadecampoliving.com\/wp-content\/uploads\/2022\/10\/IMG_9204-1.jpg?fit=1000%2C561&ssl=1&resize=700%2C400 2x"},"classes":[]},{"id":531708,"url":"https:\/\/casadecampoliving.com\/es\/jovenes-artistas-brillan-en-la-exposicion-de-fin-de-ano-de-la-escuela-abraham-lincoln-2024\/","url_meta":{"origin":518107,"position":2},"title":"J\u00f3venes Artistas Brillan en la Exposici\u00f3n de Fin de A\u00f1o de la Escuela Abraham Lincoln 2024","author":"Casa de Campo Living","date":"4 Jun, 2024","format":false,"excerpt":"El viernes 24 de mayo, la comunidad de la Escuela Abraham Lincoln celebr\u00f3 la culminaci\u00f3n de un a\u00f1o de exploraci\u00f3n art\u00edstica en la gran inauguraci\u00f3n de su exhibici\u00f3n anual de arte en WAO Galer\u00eda. A partir de las 7:00 p.m., los dos pisos de la galer\u00eda se llenaron de creatividad,\u2026","rel":"","context":"En \u00abAltos de Chav\u00f3n\u00bb","block_context":{"text":"Altos de Chav\u00f3n","link":"https:\/\/casadecampoliving.com\/es\/category\/altos-de-chavon-6\/"},"img":{"alt_text":"","src":"https:\/\/i0.wp.com\/casadecampoliving.com\/wp-content\/uploads\/2024\/06\/Abraham-Lincoln-School-End-of-Year-Exhibit-2024-18.jpg?fit=1200%2C800&ssl=1&resize=350%2C200","width":350,"height":200,"srcset":"https:\/\/i0.wp.com\/casadecampoliving.com\/wp-content\/uploads\/2024\/06\/Abraham-Lincoln-School-End-of-Year-Exhibit-2024-18.jpg?fit=1200%2C800&ssl=1&resize=350%2C200 1x, https:\/\/i0.wp.com\/casadecampoliving.com\/wp-content\/uploads\/2024\/06\/Abraham-Lincoln-School-End-of-Year-Exhibit-2024-18.jpg?fit=1200%2C800&ssl=1&resize=525%2C300 1.5x, https:\/\/i0.wp.com\/casadecampoliving.com\/wp-content\/uploads\/2024\/06\/Abraham-Lincoln-School-End-of-Year-Exhibit-2024-18.jpg?fit=1200%2C800&ssl=1&resize=700%2C400 2x, https:\/\/i0.wp.com\/casadecampoliving.com\/wp-content\/uploads\/2024\/06\/Abraham-Lincoln-School-End-of-Year-Exhibit-2024-18.jpg?fit=1200%2C800&ssl=1&resize=1050%2C600 3x"},"classes":[]},{"id":339035,"url":"https:\/\/casadecampoliving.com\/es\/la-apertura-de-la-exhibicion-de-arte-de-la-escuela-abraham-lincoln-sera-este-viernes-25-de-mayo\/","url_meta":{"origin":518107,"position":3},"title":"La apertura de la exhibici\u00f3n de arte de la Escuela Abraham Lincoln ser\u00e1 este viernes 25 de mayo!","author":"","date":"21 May, 2012","format":false,"excerpt":"El pr\u00f3ximo viernes 25 de mayo, la Escuela Abraham Lincoln de La Romana, celebrar\u00e1 la apertura de su exhibici\u00f3n de arte en la galer\u00eda de arte de Altos de Chav\u00f3n, a la cual todos est\u00e1n invitados a asistir para el disfrute de un c\u00f3ctel y \u00a0excelentes obras de arte! La\u2026","rel":"","context":"En \u00abAltos de Chavon @es\u00bb","block_context":{"text":"Altos de Chavon @es","link":"https:\/\/casadecampoliving.com\/category\/altos-de-chavon-es\/"},"img":{"alt_text":"","src":"https:\/\/i0.wp.com\/casadecampoliving.com\/wp-content\/uploads\/2022\/10\/altosdechavon_casadecampo_abraham_lincoln_school_la_romana-1.jpg?fit=565%2C298&ssl=1&resize=350%2C200","width":350,"height":200,"srcset":"https:\/\/i0.wp.com\/casadecampoliving.com\/wp-content\/uploads\/2022\/10\/altosdechavon_casadecampo_abraham_lincoln_school_la_romana-1.jpg?fit=565%2C298&ssl=1&resize=350%2C200 1x, https:\/\/i0.wp.com\/casadecampoliving.com\/wp-content\/uploads\/2022\/10\/altosdechavon_casadecampo_abraham_lincoln_school_la_romana-1.jpg?fit=565%2C298&ssl=1&resize=525%2C300 1.5x"},"classes":[]},{"id":344360,"url":"https:\/\/casadecampoliving.com\/es\/apertura-de-exhibicion-de-arte-escuela-abraham-lincoln-23-de-mayo\/","url_meta":{"origin":518107,"position":4},"title":"Apertura de Exhibici\u00f3n de Arte Escuela Abraham Lincoln &#8211; 23 de mayo","author":"Perkin Agramonte","date":"11 May, 2014","format":false,"excerpt":"La Escuela Abraham Lincoln extiende una invitaci\u00f3n especial a todos los miembros de la comunidad Casa de Campo, as\u00ed como a los visitantes a su exhibici\u00f3n de arte anual, la cual ser\u00e1 inaugurada con un c\u00f3ctel de apertura el viernes 23 de mayo en La Galer\u00eda ubicada en la locaci\u00f3n\u2026","rel":"","context":"En \u00abAltos de Chavon @es\u00bb","block_context":{"text":"Altos de Chavon @es","link":"https:\/\/casadecampoliving.com\/category\/altos-de-chavon-es\/"},"img":{"alt_text":"","src":"https:\/\/i0.wp.com\/casadecampoliving.com\/wp-content\/uploads\/2022\/10\/abraham_lincoln_art_school-1.jpg?fit=650%2C488&ssl=1&resize=350%2C200","width":350,"height":200,"srcset":"https:\/\/i0.wp.com\/casadecampoliving.com\/wp-content\/uploads\/2022\/10\/abraham_lincoln_art_school-1.jpg?fit=650%2C488&ssl=1&resize=350%2C200 1x, https:\/\/i0.wp.com\/casadecampoliving.com\/wp-content\/uploads\/2022\/10\/abraham_lincoln_art_school-1.jpg?fit=650%2C488&ssl=1&resize=525%2C300 1.5x"},"classes":[]},{"id":349834,"url":"https:\/\/casadecampoliving.com\/es\/escuela-abraham-lincoln-presenta-su-exposicion-anual-de-arte-llena-de-color-y-vida-en-la-galeria\/","url_meta":{"origin":518107,"position":5},"title":"Escuela Abraham Lincoln presenta su exposici\u00f3n anual de arte llena de color y vida en La Galer\u00eda","author":"Marlenys Guzm\u00e1n Casta\u00f1os","date":"18 May, 2016","format":false,"excerpt":"Este viernes 20 de mayo, la Escuela Abraham Lincoln en La Romana celebrar\u00e1 el c\u00f3ctel de apertura de su exposici\u00f3n de arte anual en La Galer\u00eda de Altos de Chav\u00f3n y usted est\u00e1 cordialmente invitado a unirse a la celebraci\u00f3n. La exposici\u00f3n de arte anual presentado por los alumnos de\u2026","rel":"","context":"En \u00abAltos de Chavon @es\u00bb","block_context":{"text":"Altos de Chavon @es","link":"https:\/\/casadecampoliving.com\/category\/altos-de-chavon-es\/"},"img":{"alt_text":"","src":"https:\/\/i0.wp.com\/casadecampoliving.com\/wp-content\/uploads\/2022\/10\/DSC_0724-2-scaled.jpg?fit=1200%2C800&ssl=1&resize=350%2C200","width":350,"height":200,"srcset":"https:\/\/i0.wp.com\/casadecampoliving.com\/wp-content\/uploads\/2022\/10\/DSC_0724-2-scaled.jpg?fit=1200%2C800&ssl=1&resize=350%2C200 1x, https:\/\/i0.wp.com\/casadecampoliving.com\/wp-content\/uploads\/2022\/10\/DSC_0724-2-scaled.jpg?fit=1200%2C800&ssl=1&resize=525%2C300 1.5x, https:\/\/i0.wp.com\/casadecampoliving.com\/wp-content\/uploads\/2022\/10\/DSC_0724-2-scaled.jpg?fit=1200%2C800&ssl=1&resize=700%2C400 2x, https:\/\/i0.wp.com\/casadecampoliving.com\/wp-content\/uploads\/2022\/10\/DSC_0724-2-scaled.jpg?fit=1200%2C800&ssl=1&resize=1050%2C600 3x"},"classes":[]}],"jetpack_sharing_enabled":true,"_links":{"self":[{"href":"https:\/\/casadecampoliving.com\/es\/wp-json\/wp\/v2\/posts\/518107","targetHints":{"allow":["GET"]}}],"collection":[{"href":"https:\/\/casadecampoliving.com\/es\/wp-json\/wp\/v2\/posts"}],"about":[{"href":"https:\/\/casadecampoliving.com\/es\/wp-json\/wp\/v2\/types\/post"}],"author":[{"embeddable":true,"href":"https:\/\/casadecampoliving.com\/es\/wp-json\/wp\/v2\/users\/36791"}],"replies":[{"embeddable":true,"href":"https:\/\/casadecampoliving.com\/es\/wp-json\/wp\/v2\/comments?post=518107"}],"version-history":[{"count":1,"href":"https:\/\/casadecampoliving.com\/es\/wp-json\/wp\/v2\/posts\/518107\/revisions"}],"predecessor-version":[{"id":518108,"href":"https:\/\/casadecampoliving.com\/es\/wp-json\/wp\/v2\/posts\/518107\/revisions\/518108"}],"wp:featuredmedia":[{"embeddable":true,"href":"https:\/\/casadecampoliving.com\/es\/wp-json\/wp\/v2\/media\/518076"}],"wp:attachment":[{"href":"https:\/\/casadecampoliving.com\/es\/wp-json\/wp\/v2\/media?parent=518107"}],"wp:term":[{"taxonomy":"category","embeddable":true,"href":"https:\/\/casadecampoliving.com\/es\/wp-json\/wp\/v2\/categories?post=518107"},{"taxonomy":"post_tag","embeddable":true,"href":"https:\/\/casadecampoliving.com\/es\/wp-json\/wp\/v2\/tags?post=518107"},{"taxonomy":"newspack_spnsrs_tax","embeddable":true,"href":"https:\/\/casadecampoliving.com\/es\/wp-json\/wp\/v2\/newspack_spnsrs_tax?post=518107"}],"curies":[{"name":"wp","href":"https:\/\/api.w.org\/{rel}","templated":true}]}}