{"id":517832,"date":"2023-05-22T19:47:49","date_gmt":"2023-05-22T23:47:49","guid":{"rendered":"https:\/\/casadecampoliving.com\/?p=517832"},"modified":"2023-05-22T19:48:16","modified_gmt":"2023-05-22T23:48:16","slug":"madre-y-abuela-por-primera-vez","status":"publish","type":"post","link":"https:\/\/casadecampoliving.com\/es\/madre-y-abuela-por-primera-vez\/","title":{"rendered":"Madre y abuela por primera vez"},"content":{"rendered":"\n<p>Mayo es el mes de las madres. En casi todo el mundo se celebra en esta temporada esta dicha que tienen las mujeres que as\u00ed lo desean.<\/p>\n\n\n\n<p>Por motivo de esta celebraci\u00f3n tan hermosa, Casa de Campo Living trae una serie de historias de madres de la comunidad de Casa de Campo, quienes por medio de peque\u00f1os relatos nos comparten sus vivencias en el mundo de la maternidad.<\/p>\n\n\n\n<p>En esta primera entrega, conversamos con Andrea Brenes y Erika Vilain, quienes en marzo de este a\u00f1o se convirtieron en madre y abuela por primera vez, respectivamente.<\/p>\n\n\n<div class=\"wp-block-image\">\n<figure class=\"alignright size-full\"><img data-recalc-dims=\"1\" loading=\"lazy\" decoding=\"async\" width=\"685\" height=\"1024\" data-attachment-id=\"517833\" data-permalink=\"https:\/\/casadecampoliving.com\/es\/madre-y-abuela-por-primera-vez\/andrea-brenes-y-gustavo-cartagena\/\" data-orig-file=\"https:\/\/i0.wp.com\/casadecampoliving.com\/wp-content\/uploads\/2023\/05\/Andrea-Brenes-y-Gustavo-Cartagena.jpeg?fit=685%2C1024&amp;ssl=1\" data-orig-size=\"685,1024\" data-comments-opened=\"0\" data-image-meta=\"{&quot;aperture&quot;:&quot;0&quot;,&quot;credit&quot;:&quot;&quot;,&quot;camera&quot;:&quot;&quot;,&quot;caption&quot;:&quot;&quot;,&quot;created_timestamp&quot;:&quot;0&quot;,&quot;copyright&quot;:&quot;&quot;,&quot;focal_length&quot;:&quot;0&quot;,&quot;iso&quot;:&quot;0&quot;,&quot;shutter_speed&quot;:&quot;0&quot;,&quot;title&quot;:&quot;&quot;,&quot;orientation&quot;:&quot;0&quot;}\" data-image-title=\"Andrea-Brenes-y-Gustavo-Cartagena\" data-image-description=\"\" data-image-caption=\"\" data-large-file=\"https:\/\/i0.wp.com\/casadecampoliving.com\/wp-content\/uploads\/2023\/05\/Andrea-Brenes-y-Gustavo-Cartagena.jpeg?fit=685%2C1024&amp;ssl=1\" src=\"https:\/\/i0.wp.com\/casadecampoliving.com\/wp-content\/uploads\/2023\/05\/Andrea-Brenes-y-Gustavo-Cartagena.jpeg?resize=685%2C1024&#038;ssl=1\" alt=\"\" class=\"wp-image-517833\" srcset=\"https:\/\/i0.wp.com\/casadecampoliving.com\/wp-content\/uploads\/2023\/05\/Andrea-Brenes-y-Gustavo-Cartagena.jpeg?w=685&amp;ssl=1 685w, https:\/\/i0.wp.com\/casadecampoliving.com\/wp-content\/uploads\/2023\/05\/Andrea-Brenes-y-Gustavo-Cartagena.jpeg?resize=201%2C300&amp;ssl=1 201w, https:\/\/i0.wp.com\/casadecampoliving.com\/wp-content\/uploads\/2023\/05\/Andrea-Brenes-y-Gustavo-Cartagena.jpeg?resize=400%2C598&amp;ssl=1 400w, https:\/\/i0.wp.com\/casadecampoliving.com\/wp-content\/uploads\/2023\/05\/Andrea-Brenes-y-Gustavo-Cartagena.jpeg?resize=150%2C224&amp;ssl=1 150w, https:\/\/i0.wp.com\/casadecampoliving.com\/wp-content\/uploads\/2023\/05\/Andrea-Brenes-y-Gustavo-Cartagena.jpeg?w=370&amp;ssl=1 370w\" sizes=\"auto, (max-width: 685px) 100vw, 685px\" \/><\/figure>\n<\/div>\n\n\n<p>Andrea Brenes Vilain y su esposo Gustavo Cartagena V\u00e1squez son dos j\u00f3venes entusiastas que han decidido formar una familia. Fruto de esta bella uni\u00f3n han procreado a Lucia Pastora, una beb\u00e9 que este a\u00f1o ha tra\u00eddo felicidad a ambas familias.<\/p>\n\n\n\n<p>Andrea nos cuenta que hizo un buen embarazo, ya que tuvo muy pocos malestares. Sin embargo, el parto les tom\u00f3 por sorpresa unas cuantas semanas antes de lo que ten\u00edan previsto. Luc\u00eda naci\u00f3 en La Romana y por suerte, aunque fue un poco antes de tiempo, todo sali\u00f3 perfecto.<\/p>\n\n\n\n<p>La joven, quien junto a su pap\u00e1 y su hermano llevan la franquicia McDonald\u2019s en el pa\u00eds, indica que, hasta el momento, su experiencia como madre ha sido incre\u00edble.<\/p>\n\n\n\n<p>\u201cNo pens\u00e9 que se pod\u00eda amar tanto a un ser. Con Luc\u00eda han dejado de existir los malhumores y todos los d\u00edas son buenos. Cada momento aprendo algo nuevo. He recibido mucho amor y apoyo de mi familia, especialmente de mi mam\u00e1. No s\u00e9 qu\u00e9 har\u00eda sin ella. Mi \u00fanica queja hasta el momento es que mi chiquitica est\u00e1 creciendo muy r\u00e1pido, quisiera parar el tiempo\u201d, se\u00f1ala Brenes.<\/p>\n\n\n\n<p>En cuanto a su esposo, Gustavo Cartagena, entiende que \u00e9l est\u00e1 perdidamente enamorado de la peque\u00f1a. Considera que \u00e9l ha sido un gran apoyo para ella a todas horas, piensa que juntos hacen el mejor equipo para la beb\u00e9 Luc\u00eda Pastora.&nbsp;<\/p>\n\n\n<div class=\"wp-block-image\">\n<figure class=\"alignright size-large\"><img data-recalc-dims=\"1\" loading=\"lazy\" decoding=\"async\" width=\"756\" height=\"1024\" data-attachment-id=\"517962\" data-permalink=\"https:\/\/casadecampoliving.com\/es\/madre-y-abuela-por-primera-vez\/andrea-brenes-y-lucia\/\" data-orig-file=\"https:\/\/i0.wp.com\/casadecampoliving.com\/wp-content\/uploads\/2023\/05\/Andrea-Brenes-y-Lucia.jpg?fit=1351%2C1829&amp;ssl=1\" data-orig-size=\"1351,1829\" data-comments-opened=\"0\" data-image-meta=\"{&quot;aperture&quot;:&quot;0&quot;,&quot;credit&quot;:&quot;&quot;,&quot;camera&quot;:&quot;&quot;,&quot;caption&quot;:&quot;&quot;,&quot;created_timestamp&quot;:&quot;0&quot;,&quot;copyright&quot;:&quot;&quot;,&quot;focal_length&quot;:&quot;0&quot;,&quot;iso&quot;:&quot;0&quot;,&quot;shutter_speed&quot;:&quot;0&quot;,&quot;title&quot;:&quot;&quot;,&quot;orientation&quot;:&quot;0&quot;}\" data-image-title=\"Andrea Brenes y Lucia\" data-image-description=\"\" data-image-caption=\"\" data-large-file=\"https:\/\/i0.wp.com\/casadecampoliving.com\/wp-content\/uploads\/2023\/05\/Andrea-Brenes-y-Lucia.jpg?fit=756%2C1024&amp;ssl=1\" src=\"https:\/\/i0.wp.com\/casadecampoliving.com\/wp-content\/uploads\/2023\/05\/Andrea-Brenes-y-Lucia.jpg?resize=756%2C1024&#038;ssl=1\" alt=\"\" class=\"wp-image-517962\" srcset=\"https:\/\/i0.wp.com\/casadecampoliving.com\/wp-content\/uploads\/2023\/05\/Andrea-Brenes-y-Lucia.jpg?resize=756%2C1024&amp;ssl=1 756w, https:\/\/i0.wp.com\/casadecampoliving.com\/wp-content\/uploads\/2023\/05\/Andrea-Brenes-y-Lucia.jpg?resize=222%2C300&amp;ssl=1 222w, https:\/\/i0.wp.com\/casadecampoliving.com\/wp-content\/uploads\/2023\/05\/Andrea-Brenes-y-Lucia.jpg?resize=768%2C1040&amp;ssl=1 768w, https:\/\/i0.wp.com\/casadecampoliving.com\/wp-content\/uploads\/2023\/05\/Andrea-Brenes-y-Lucia.jpg?resize=1135%2C1536&amp;ssl=1 1135w, https:\/\/i0.wp.com\/casadecampoliving.com\/wp-content\/uploads\/2023\/05\/Andrea-Brenes-y-Lucia.jpg?resize=1200%2C1625&amp;ssl=1 1200w, https:\/\/i0.wp.com\/casadecampoliving.com\/wp-content\/uploads\/2023\/05\/Andrea-Brenes-y-Lucia.jpg?resize=400%2C542&amp;ssl=1 400w, https:\/\/i0.wp.com\/casadecampoliving.com\/wp-content\/uploads\/2023\/05\/Andrea-Brenes-y-Lucia.jpg?resize=1320%2C1787&amp;ssl=1 1320w, https:\/\/i0.wp.com\/casadecampoliving.com\/wp-content\/uploads\/2023\/05\/Andrea-Brenes-y-Lucia.jpg?resize=150%2C203&amp;ssl=1 150w, https:\/\/i0.wp.com\/casadecampoliving.com\/wp-content\/uploads\/2023\/05\/Andrea-Brenes-y-Lucia.jpg?w=1351&amp;ssl=1 1351w, https:\/\/i0.wp.com\/casadecampoliving.com\/wp-content\/uploads\/2023\/05\/Andrea-Brenes-y-Lucia-756x1024.jpg?w=370&amp;ssl=1 370w\" sizes=\"auto, (max-width: 756px) 100vw, 756px\" \/><\/figure>\n<\/div>\n\n\n<p>Al ser cuestionada sobre qu\u00e9 tipo de madre espera ser, Andrea explica que valora que sus padres siempre han estado muy presentes y cerca toda su vida. \u201cS\u00e9 que puedo contar con ellos a cualquier hora. La comunicaci\u00f3n, la honestidad y el amor nunca nos han faltado y espero poder tener esto con mis hijos\u201d, asegura.<\/p>\n\n\n\n<p>Adem\u00e1s, comenta que una de sus relaciones preferidas es la que ella sostiene con su hermano, Ram\u00f3n Brenes. Y as\u00ed siempre ha imaginado a sus hijos: un ni\u00f1o y una ni\u00f1a con un a\u00f1o de diferencia.<\/p>\n\n\n\n<blockquote class=\"wp-block-quote is-layout-flow wp-block-quote-is-layout-flow\">\n<p>\u201cMi familia est\u00e1 en las nubes. Luc\u00eda es la primera bisnieta, nieta, sobrina e hija. De mis mejores amigas tambi\u00e9n es la primera beb\u00e9. Es la mu\u00f1equita de todos. Desde el momento que dimos la noticia he recibido todo el amor del mundo y apoyo incondicional de parte de todos\u201d.<\/p>\n<cite>Andrea Brenes<\/cite><\/blockquote>\n\n\n\n<h3 class=\"wp-block-heading\"><strong>Una abuela emocionada<\/strong><\/h3>\n\n\n\n<p>Quiz\u00e1s la gran mayor\u00eda de la comunidad de Casa de Campo conoce a Erika Vilain, quien por su carisma y personalidad destaca entre multitudes.<\/p>\n\n\n<div class=\"wp-block-image\">\n<figure class=\"alignright size-large\"><img data-recalc-dims=\"1\" loading=\"lazy\" decoding=\"async\" width=\"768\" height=\"1024\" data-attachment-id=\"517835\" data-permalink=\"https:\/\/casadecampoliving.com\/es\/madre-y-abuela-por-primera-vez\/erika-vilain\/\" data-orig-file=\"https:\/\/i0.wp.com\/casadecampoliving.com\/wp-content\/uploads\/2023\/05\/Erika-Vilain.jpg?fit=1536%2C2048&amp;ssl=1\" data-orig-size=\"1536,2048\" data-comments-opened=\"0\" data-image-meta=\"{&quot;aperture&quot;:&quot;0&quot;,&quot;credit&quot;:&quot;&quot;,&quot;camera&quot;:&quot;&quot;,&quot;caption&quot;:&quot;&quot;,&quot;created_timestamp&quot;:&quot;0&quot;,&quot;copyright&quot;:&quot;&quot;,&quot;focal_length&quot;:&quot;0&quot;,&quot;iso&quot;:&quot;0&quot;,&quot;shutter_speed&quot;:&quot;0&quot;,&quot;title&quot;:&quot;&quot;,&quot;orientation&quot;:&quot;0&quot;}\" data-image-title=\"Erika-Vilain\" data-image-description=\"\" data-image-caption=\"\" data-large-file=\"https:\/\/i0.wp.com\/casadecampoliving.com\/wp-content\/uploads\/2023\/05\/Erika-Vilain.jpg?fit=768%2C1024&amp;ssl=1\" src=\"https:\/\/i0.wp.com\/casadecampoliving.com\/wp-content\/uploads\/2023\/05\/Erika-Vilain.jpg?resize=768%2C1024&#038;ssl=1\" alt=\"\" class=\"wp-image-517835\" srcset=\"https:\/\/i0.wp.com\/casadecampoliving.com\/wp-content\/uploads\/2023\/05\/Erika-Vilain.jpg?resize=768%2C1024&amp;ssl=1 768w, https:\/\/i0.wp.com\/casadecampoliving.com\/wp-content\/uploads\/2023\/05\/Erika-Vilain.jpg?resize=225%2C300&amp;ssl=1 225w, https:\/\/i0.wp.com\/casadecampoliving.com\/wp-content\/uploads\/2023\/05\/Erika-Vilain.jpg?resize=1152%2C1536&amp;ssl=1 1152w, https:\/\/i0.wp.com\/casadecampoliving.com\/wp-content\/uploads\/2023\/05\/Erika-Vilain.jpg?resize=900%2C1200&amp;ssl=1 900w, https:\/\/i0.wp.com\/casadecampoliving.com\/wp-content\/uploads\/2023\/05\/Erika-Vilain.jpg?resize=600%2C800&amp;ssl=1 600w, https:\/\/i0.wp.com\/casadecampoliving.com\/wp-content\/uploads\/2023\/05\/Erika-Vilain.jpg?resize=450%2C600&amp;ssl=1 450w, https:\/\/i0.wp.com\/casadecampoliving.com\/wp-content\/uploads\/2023\/05\/Erika-Vilain.jpg?resize=300%2C400&amp;ssl=1 300w, https:\/\/i0.wp.com\/casadecampoliving.com\/wp-content\/uploads\/2023\/05\/Erika-Vilain.jpg?resize=150%2C200&amp;ssl=1 150w, https:\/\/i0.wp.com\/casadecampoliving.com\/wp-content\/uploads\/2023\/05\/Erika-Vilain.jpg?resize=1200%2C1600&amp;ssl=1 1200w, https:\/\/i0.wp.com\/casadecampoliving.com\/wp-content\/uploads\/2023\/05\/Erika-Vilain.jpg?resize=400%2C533&amp;ssl=1 400w, https:\/\/i0.wp.com\/casadecampoliving.com\/wp-content\/uploads\/2023\/05\/Erika-Vilain.jpg?resize=1320%2C1760&amp;ssl=1 1320w, https:\/\/i0.wp.com\/casadecampoliving.com\/wp-content\/uploads\/2023\/05\/Erika-Vilain.jpg?resize=640%2C853&amp;ssl=1 640w, https:\/\/i0.wp.com\/casadecampoliving.com\/wp-content\/uploads\/2023\/05\/Erika-Vilain.jpg?w=1536&amp;ssl=1 1536w, https:\/\/i0.wp.com\/casadecampoliving.com\/wp-content\/uploads\/2023\/05\/Erika-Vilain-768x1024.jpg?w=370&amp;ssl=1 370w\" sizes=\"auto, (max-width: 768px) 100vw, 768px\" \/><\/figure>\n<\/div>\n\n\n<p>El nacimiento de Lucia Pastora tambi\u00e9n es de mucha trascendencia para ella, ya que la convierte en abuela por primera vez.<\/p>\n\n\n\n<p>\u201cLa perdimos por completo\u201d, fue la respuesta de Andrea al preguntarle sobre c\u00f3mo ha reaccionado su madre ante tan maravilloso acontecimiento.<\/p>\n\n\n\n<p>Andrea comenta que Erika ha sido la segunda mam\u00e1 de Luc\u00eda desde el primer d\u00eda. \u201cLuc\u00eda es su pedacito de cielo y el resto del mundo ha dejado de existir para ella\u201d, agrega.<\/p>\n\n\n\n<p>En tanto que, Erika nos cuenta que desde que Gustavo y Andrea le dieron la noticia de que iba a ser abuela, salt\u00f3 de alegr\u00eda y gast\u00f3 una caja de kleenex instant\u00e1neamente por la inmensa felicidad que sinti\u00f3 en su coraz\u00f3n. <\/p>\n\n\n\n<p>\u201cCorrimos a donde los bisabuelos con sonrisas a dar la maravillosa noticia. Yo, rebuscando todo lo que hab\u00eda guardado de cuando eran chiquitos, cada pieza una historia llena de maravillosos recuerdos\u2026 buscamos gineco-obstetra y pediatra en santo domingo y empezamos, digo empezamos porque no me he perdido ni los anuncios, los preparativos para recibirla\u201d, a\u00f1ade.<\/p>\n\n\n\n<p>Su respuesta sobre qu\u00e9 tipo de abuela desea ser, explica que ella desea poder ser la que dibuje sonrisas y alegr\u00eda en su hermosa carita, ser su refugio, su apoyo cuando la necesite, la que complazca sus deseos, la que la llene de caricias y mimos, su juguete preferido, la respuesta a sus preguntas, la que disfrute agradecida todas sus ocurrencias mientras vuelve a ser ni\u00f1a para ella.<\/p>\n\n\n\n<p>Erika considera que Andrea es una tremenda madre, paciente, dulce y disfruta cada uno de los cambios en el crecimiento de Luc\u00eda Pastora. \u201cSu dedicaci\u00f3n es admirable y estoy segura de que ser\u00e1 un ejemplo para sus hijos, nietos y, si Dios quiere, bisnietos\u201d, a\u00f1ade.<\/p>\n\n\n\n<p>No hay dudas de que para esta celebraci\u00f3n de las madres Andrea y Erika ya tienen el mejor regalo, no necesitan nada m\u00e1s.<\/p>\n","protected":false},"excerpt":{"rendered":"<p>Mayo es el mes de las madres. En casi todo el mundo se celebra en esta temporada esta dicha que tienen las mujeres que as\u00ed lo desean. Por motivo de esta celebraci\u00f3n tan hermosa, Casa de Campo Living trae una serie de historias de madres de la comunidad de Casa de Campo, quienes por medio [&hellip;]<\/p>\n","protected":false},"author":431,"featured_media":517838,"comment_status":"closed","ping_status":"closed","sticky":false,"template":"","format":"standard","meta":{"newspack_ads_suppress_ads":false,"newspack_popups_has_disabled_popups":false,"newspack_sponsor_sponsorship_scope":"","newspack_sponsor_native_byline_display":"inherit","newspack_sponsor_native_category_display":"inherit","newspack_sponsor_underwriter_style":"inherit","newspack_sponsor_underwriter_placement":"inherit","_newspack_byline_active":false,"_newspack_byline":"","newspack_hide_updated_date":false,"newspack_show_updated_date":false,"newspack_content_restriction_is_exempt":false,"newspack_featured_image_position":"large","newspack_post_subtitle":"Andrea Brenes y Erika Vilain nos relatan c\u00f3mo han recibido la llegada de Luc\u00eda Pastora","newspack_article_summary_title":"Overview:","newspack_article_summary":"","_jetpack_memberships_contains_paid_content":false,"footnotes":"","jetpack_publicize_message":"","jetpack_publicize_feature_enabled":true,"jetpack_social_post_already_shared":true,"jetpack_social_options":{"image_generator_settings":{"template":"highway","default_image_id":0,"font":"","enabled":false},"version":2},"_wpas_customize_per_network":false},"categories":[2498],"tags":[8094,24387,27448],"newspack_spnsrs_tax":[],"class_list":["post-517832","post","type-post","status-publish","format-standard","has-post-thumbnail","hentry","category-uncategorized-es","tag-casa-de-campo-community-es","tag-casa-de-campo-living-es","tag-dia-de-las-madres-2","entry"],"yoast_head":"<!-- This site is optimized with the Yoast SEO plugin v27.5 - https:\/\/yoast.com\/product\/yoast-seo-wordpress\/ -->\n<title>Madre y abuela por primera vez | Casa de Campo Living<\/title>\n<meta name=\"description\" content=\"Mayo es el mes de las madres. En casi todo el mundo se celebra en esta temporada esta dicha que tienen las mujeres que as\u00ed lo desean. Por motivo de esta\" \/>\n<meta name=\"robots\" content=\"index, follow, max-snippet:-1, max-image-preview:large, max-video-preview:-1\" \/>\n<link rel=\"canonical\" href=\"https:\/\/casadecampoliving.com\/es\/madre-y-abuela-por-primera-vez\/\" \/>\n<meta property=\"og:locale\" content=\"es_ES\" \/>\n<meta property=\"og:type\" content=\"article\" \/>\n<meta property=\"og:title\" content=\"Madre y abuela por primera vez | Casa de Campo Living\" \/>\n<meta property=\"og:description\" content=\"Mayo es el mes de las madres. En casi todo el mundo se celebra en esta temporada esta dicha que tienen las mujeres que as\u00ed lo desean. Por motivo de esta\" \/>\n<meta property=\"og:url\" content=\"https:\/\/casadecampoliving.com\/es\/madre-y-abuela-por-primera-vez\/\" \/>\n<meta property=\"og:site_name\" content=\"Casa de Campo Living\" \/>\n<meta property=\"article:publisher\" content=\"https:\/\/www.facebook.com\/casadecampoliving\" \/>\n<meta property=\"article:published_time\" content=\"2023-05-22T23:47:49+00:00\" \/>\n<meta property=\"article:modified_time\" content=\"2023-05-22T23:48:16+00:00\" \/>\n<meta property=\"og:image\" content=\"https:\/\/casadecampoliving.com\/wp-content\/uploads\/2023\/05\/Andrea-Brenes-y-Erika-Vilain.jpg\" \/>\n\t<meta property=\"og:image:width\" content=\"768\" \/>\n\t<meta property=\"og:image:height\" content=\"1024\" \/>\n\t<meta property=\"og:image:type\" content=\"image\/jpeg\" \/>\n<meta name=\"author\" content=\"Mairobi Herrera\" \/>\n<meta name=\"twitter:card\" content=\"summary_large_image\" \/>\n<meta name=\"twitter:creator\" content=\"@cdcliving\" \/>\n<meta name=\"twitter:site\" content=\"@cdcliving\" \/>\n<meta name=\"twitter:label1\" content=\"Escrito por\" \/>\n\t<meta name=\"twitter:data1\" content=\"Mairobi Herrera\" \/>\n\t<meta name=\"twitter:label2\" content=\"Tiempo de lectura\" \/>\n\t<meta name=\"twitter:data2\" content=\"5 minutos\" \/>\n<script type=\"application\/ld+json\" class=\"yoast-schema-graph\">{\"@context\":\"https:\\\/\\\/schema.org\",\"@graph\":[{\"@type\":\"Article\",\"@id\":\"https:\\\/\\\/casadecampoliving.com\\\/es\\\/madre-y-abuela-por-primera-vez\\\/#article\",\"isPartOf\":{\"@id\":\"https:\\\/\\\/casadecampoliving.com\\\/es\\\/madre-y-abuela-por-primera-vez\\\/\"},\"author\":{\"name\":\"Mairobi Herrera\",\"@id\":\"https:\\\/\\\/casadecampoliving.com\\\/es\\\/#\\\/schema\\\/person\\\/932e594484c49168ad37fbb9141bf699\"},\"headline\":\"Madre y abuela por primera vez\",\"datePublished\":\"2023-05-22T23:47:49+00:00\",\"dateModified\":\"2023-05-22T23:48:16+00:00\",\"mainEntityOfPage\":{\"@id\":\"https:\\\/\\\/casadecampoliving.com\\\/es\\\/madre-y-abuela-por-primera-vez\\\/\"},\"wordCount\":856,\"publisher\":{\"@id\":\"https:\\\/\\\/casadecampoliving.com\\\/es\\\/#organization\"},\"image\":{\"@id\":\"https:\\\/\\\/casadecampoliving.com\\\/es\\\/madre-y-abuela-por-primera-vez\\\/#primaryimage\"},\"thumbnailUrl\":\"https:\\\/\\\/i0.wp.com\\\/casadecampoliving.com\\\/wp-content\\\/uploads\\\/2023\\\/05\\\/Andrea-Brenes-y-Erika-Vilain.jpg?fit=768%2C1024&ssl=1\",\"keywords\":[\"Casa de Campo Community @es\",\"Casa de Campo Living\",\"Dia de las madres\"],\"articleSection\":[\"Uncategorized @es\"],\"inLanguage\":\"es\"},{\"@type\":\"WebPage\",\"@id\":\"https:\\\/\\\/casadecampoliving.com\\\/es\\\/madre-y-abuela-por-primera-vez\\\/\",\"url\":\"https:\\\/\\\/casadecampoliving.com\\\/es\\\/madre-y-abuela-por-primera-vez\\\/\",\"name\":\"Madre y abuela por primera vez | Casa de Campo Living\",\"isPartOf\":{\"@id\":\"https:\\\/\\\/casadecampoliving.com\\\/es\\\/#website\"},\"primaryImageOfPage\":{\"@id\":\"https:\\\/\\\/casadecampoliving.com\\\/es\\\/madre-y-abuela-por-primera-vez\\\/#primaryimage\"},\"image\":{\"@id\":\"https:\\\/\\\/casadecampoliving.com\\\/es\\\/madre-y-abuela-por-primera-vez\\\/#primaryimage\"},\"thumbnailUrl\":\"https:\\\/\\\/i0.wp.com\\\/casadecampoliving.com\\\/wp-content\\\/uploads\\\/2023\\\/05\\\/Andrea-Brenes-y-Erika-Vilain.jpg?fit=768%2C1024&ssl=1\",\"datePublished\":\"2023-05-22T23:47:49+00:00\",\"dateModified\":\"2023-05-22T23:48:16+00:00\",\"description\":\"Mayo es el mes de las madres. En casi todo el mundo se celebra en esta temporada esta dicha que tienen las mujeres que as\u00ed lo desean. Por motivo de esta\",\"breadcrumb\":{\"@id\":\"https:\\\/\\\/casadecampoliving.com\\\/es\\\/madre-y-abuela-por-primera-vez\\\/#breadcrumb\"},\"inLanguage\":\"es\",\"potentialAction\":[{\"@type\":\"ReadAction\",\"target\":[\"https:\\\/\\\/casadecampoliving.com\\\/es\\\/madre-y-abuela-por-primera-vez\\\/\"]}]},{\"@type\":\"ImageObject\",\"inLanguage\":\"es\",\"@id\":\"https:\\\/\\\/casadecampoliving.com\\\/es\\\/madre-y-abuela-por-primera-vez\\\/#primaryimage\",\"url\":\"https:\\\/\\\/i0.wp.com\\\/casadecampoliving.com\\\/wp-content\\\/uploads\\\/2023\\\/05\\\/Andrea-Brenes-y-Erika-Vilain.jpg?fit=768%2C1024&ssl=1\",\"contentUrl\":\"https:\\\/\\\/i0.wp.com\\\/casadecampoliving.com\\\/wp-content\\\/uploads\\\/2023\\\/05\\\/Andrea-Brenes-y-Erika-Vilain.jpg?fit=768%2C1024&ssl=1\",\"width\":768,\"height\":1024},{\"@type\":\"BreadcrumbList\",\"@id\":\"https:\\\/\\\/casadecampoliving.com\\\/es\\\/madre-y-abuela-por-primera-vez\\\/#breadcrumb\",\"itemListElement\":[{\"@type\":\"ListItem\",\"position\":1,\"name\":\"Home\",\"item\":\"https:\\\/\\\/casadecampoliving.com\\\/es\\\/\"},{\"@type\":\"ListItem\",\"position\":2,\"name\":\"Madre y abuela por primera vez\"}]},{\"@type\":\"WebSite\",\"@id\":\"https:\\\/\\\/casadecampoliving.com\\\/es\\\/#website\",\"url\":\"https:\\\/\\\/casadecampoliving.com\\\/es\\\/\",\"name\":\"Casa de Campo Living\",\"description\":\"Resort community news and resources.\",\"publisher\":{\"@id\":\"https:\\\/\\\/casadecampoliving.com\\\/es\\\/#organization\"},\"potentialAction\":[{\"@type\":\"SearchAction\",\"target\":{\"@type\":\"EntryPoint\",\"urlTemplate\":\"https:\\\/\\\/casadecampoliving.com\\\/es\\\/?s={search_term_string}\"},\"query-input\":{\"@type\":\"PropertyValueSpecification\",\"valueRequired\":true,\"valueName\":\"search_term_string\"}}],\"inLanguage\":\"es\"},{\"@type\":\"Organization\",\"@id\":\"https:\\\/\\\/casadecampoliving.com\\\/es\\\/#organization\",\"name\":\"Casa de Campo Living\",\"url\":\"https:\\\/\\\/casadecampoliving.com\\\/es\\\/\",\"logo\":{\"@type\":\"ImageObject\",\"inLanguage\":\"es\",\"@id\":\"https:\\\/\\\/casadecampoliving.com\\\/es\\\/#\\\/schema\\\/logo\\\/image\\\/\",\"url\":\"https:\\\/\\\/i0.wp.com\\\/casadecampoliving.com\\\/wp-content\\\/uploads\\\/2022\\\/07\\\/CDCLivingLogo_V1-white-sized.png?fit=800%2C214&ssl=1\",\"contentUrl\":\"https:\\\/\\\/i0.wp.com\\\/casadecampoliving.com\\\/wp-content\\\/uploads\\\/2022\\\/07\\\/CDCLivingLogo_V1-white-sized.png?fit=800%2C214&ssl=1\",\"width\":800,\"height\":214,\"caption\":\"Casa de Campo Living\"},\"image\":{\"@id\":\"https:\\\/\\\/casadecampoliving.com\\\/es\\\/#\\\/schema\\\/logo\\\/image\\\/\"},\"sameAs\":[\"https:\\\/\\\/www.facebook.com\\\/casadecampoliving\",\"https:\\\/\\\/x.com\\\/cdcliving\"]},{\"@type\":\"Person\",\"@id\":\"https:\\\/\\\/casadecampoliving.com\\\/es\\\/#\\\/schema\\\/person\\\/932e594484c49168ad37fbb9141bf699\",\"name\":\"Mairobi Herrera\",\"image\":{\"@type\":\"ImageObject\",\"inLanguage\":\"es\",\"@id\":\"https:\\\/\\\/secure.gravatar.com\\\/avatar\\\/d0bf6c19470eb55d83c719e39672f670b2c4412339af1eb8a08f86427ba98ee8?s=96&d=mm&r=g\",\"url\":\"https:\\\/\\\/secure.gravatar.com\\\/avatar\\\/d0bf6c19470eb55d83c719e39672f670b2c4412339af1eb8a08f86427ba98ee8?s=96&d=mm&r=g\",\"contentUrl\":\"https:\\\/\\\/secure.gravatar.com\\\/avatar\\\/d0bf6c19470eb55d83c719e39672f670b2c4412339af1eb8a08f86427ba98ee8?s=96&d=mm&r=g\",\"caption\":\"Mairobi Herrera\"},\"sameAs\":[\"https:\\\/\\\/casadecampoliving.com\\\/\"],\"url\":\"https:\\\/\\\/casadecampoliving.com\\\/es\\\/author\\\/mherrera\\\/\"}]}<\/script>\n<!-- \/ Yoast SEO plugin. -->","yoast_head_json":{"title":"Madre y abuela por primera vez | Casa de Campo Living","description":"Mayo es el mes de las madres. En casi todo el mundo se celebra en esta temporada esta dicha que tienen las mujeres que as\u00ed lo desean. Por motivo de esta","robots":{"index":"index","follow":"follow","max-snippet":"max-snippet:-1","max-image-preview":"max-image-preview:large","max-video-preview":"max-video-preview:-1"},"canonical":"https:\/\/casadecampoliving.com\/es\/madre-y-abuela-por-primera-vez\/","og_locale":"es_ES","og_type":"article","og_title":"Madre y abuela por primera vez | Casa de Campo Living","og_description":"Mayo es el mes de las madres. En casi todo el mundo se celebra en esta temporada esta dicha que tienen las mujeres que as\u00ed lo desean. Por motivo de esta","og_url":"https:\/\/casadecampoliving.com\/es\/madre-y-abuela-por-primera-vez\/","og_site_name":"Casa de Campo Living","article_publisher":"https:\/\/www.facebook.com\/casadecampoliving","article_published_time":"2023-05-22T23:47:49+00:00","article_modified_time":"2023-05-22T23:48:16+00:00","og_image":[{"width":768,"height":1024,"url":"https:\/\/casadecampoliving.com\/wp-content\/uploads\/2023\/05\/Andrea-Brenes-y-Erika-Vilain.jpg","type":"image\/jpeg"}],"author":"Mairobi Herrera","twitter_card":"summary_large_image","twitter_creator":"@cdcliving","twitter_site":"@cdcliving","twitter_misc":{"Escrito por":"Mairobi Herrera","Tiempo de lectura":"5 minutos"},"schema":{"@context":"https:\/\/schema.org","@graph":[{"@type":"Article","@id":"https:\/\/casadecampoliving.com\/es\/madre-y-abuela-por-primera-vez\/#article","isPartOf":{"@id":"https:\/\/casadecampoliving.com\/es\/madre-y-abuela-por-primera-vez\/"},"author":{"name":"Mairobi Herrera","@id":"https:\/\/casadecampoliving.com\/es\/#\/schema\/person\/932e594484c49168ad37fbb9141bf699"},"headline":"Madre y abuela por primera vez","datePublished":"2023-05-22T23:47:49+00:00","dateModified":"2023-05-22T23:48:16+00:00","mainEntityOfPage":{"@id":"https:\/\/casadecampoliving.com\/es\/madre-y-abuela-por-primera-vez\/"},"wordCount":856,"publisher":{"@id":"https:\/\/casadecampoliving.com\/es\/#organization"},"image":{"@id":"https:\/\/casadecampoliving.com\/es\/madre-y-abuela-por-primera-vez\/#primaryimage"},"thumbnailUrl":"https:\/\/i0.wp.com\/casadecampoliving.com\/wp-content\/uploads\/2023\/05\/Andrea-Brenes-y-Erika-Vilain.jpg?fit=768%2C1024&ssl=1","keywords":["Casa de Campo Community @es","Casa de Campo Living","Dia de las madres"],"articleSection":["Uncategorized @es"],"inLanguage":"es"},{"@type":"WebPage","@id":"https:\/\/casadecampoliving.com\/es\/madre-y-abuela-por-primera-vez\/","url":"https:\/\/casadecampoliving.com\/es\/madre-y-abuela-por-primera-vez\/","name":"Madre y abuela por primera vez | Casa de Campo Living","isPartOf":{"@id":"https:\/\/casadecampoliving.com\/es\/#website"},"primaryImageOfPage":{"@id":"https:\/\/casadecampoliving.com\/es\/madre-y-abuela-por-primera-vez\/#primaryimage"},"image":{"@id":"https:\/\/casadecampoliving.com\/es\/madre-y-abuela-por-primera-vez\/#primaryimage"},"thumbnailUrl":"https:\/\/i0.wp.com\/casadecampoliving.com\/wp-content\/uploads\/2023\/05\/Andrea-Brenes-y-Erika-Vilain.jpg?fit=768%2C1024&ssl=1","datePublished":"2023-05-22T23:47:49+00:00","dateModified":"2023-05-22T23:48:16+00:00","description":"Mayo es el mes de las madres. En casi todo el mundo se celebra en esta temporada esta dicha que tienen las mujeres que as\u00ed lo desean. Por motivo de esta","breadcrumb":{"@id":"https:\/\/casadecampoliving.com\/es\/madre-y-abuela-por-primera-vez\/#breadcrumb"},"inLanguage":"es","potentialAction":[{"@type":"ReadAction","target":["https:\/\/casadecampoliving.com\/es\/madre-y-abuela-por-primera-vez\/"]}]},{"@type":"ImageObject","inLanguage":"es","@id":"https:\/\/casadecampoliving.com\/es\/madre-y-abuela-por-primera-vez\/#primaryimage","url":"https:\/\/i0.wp.com\/casadecampoliving.com\/wp-content\/uploads\/2023\/05\/Andrea-Brenes-y-Erika-Vilain.jpg?fit=768%2C1024&ssl=1","contentUrl":"https:\/\/i0.wp.com\/casadecampoliving.com\/wp-content\/uploads\/2023\/05\/Andrea-Brenes-y-Erika-Vilain.jpg?fit=768%2C1024&ssl=1","width":768,"height":1024},{"@type":"BreadcrumbList","@id":"https:\/\/casadecampoliving.com\/es\/madre-y-abuela-por-primera-vez\/#breadcrumb","itemListElement":[{"@type":"ListItem","position":1,"name":"Home","item":"https:\/\/casadecampoliving.com\/es\/"},{"@type":"ListItem","position":2,"name":"Madre y abuela por primera vez"}]},{"@type":"WebSite","@id":"https:\/\/casadecampoliving.com\/es\/#website","url":"https:\/\/casadecampoliving.com\/es\/","name":"Casa de Campo Living","description":"Resort community news and resources.","publisher":{"@id":"https:\/\/casadecampoliving.com\/es\/#organization"},"potentialAction":[{"@type":"SearchAction","target":{"@type":"EntryPoint","urlTemplate":"https:\/\/casadecampoliving.com\/es\/?s={search_term_string}"},"query-input":{"@type":"PropertyValueSpecification","valueRequired":true,"valueName":"search_term_string"}}],"inLanguage":"es"},{"@type":"Organization","@id":"https:\/\/casadecampoliving.com\/es\/#organization","name":"Casa de Campo Living","url":"https:\/\/casadecampoliving.com\/es\/","logo":{"@type":"ImageObject","inLanguage":"es","@id":"https:\/\/casadecampoliving.com\/es\/#\/schema\/logo\/image\/","url":"https:\/\/i0.wp.com\/casadecampoliving.com\/wp-content\/uploads\/2022\/07\/CDCLivingLogo_V1-white-sized.png?fit=800%2C214&ssl=1","contentUrl":"https:\/\/i0.wp.com\/casadecampoliving.com\/wp-content\/uploads\/2022\/07\/CDCLivingLogo_V1-white-sized.png?fit=800%2C214&ssl=1","width":800,"height":214,"caption":"Casa de Campo Living"},"image":{"@id":"https:\/\/casadecampoliving.com\/es\/#\/schema\/logo\/image\/"},"sameAs":["https:\/\/www.facebook.com\/casadecampoliving","https:\/\/x.com\/cdcliving"]},{"@type":"Person","@id":"https:\/\/casadecampoliving.com\/es\/#\/schema\/person\/932e594484c49168ad37fbb9141bf699","name":"Mairobi Herrera","image":{"@type":"ImageObject","inLanguage":"es","@id":"https:\/\/secure.gravatar.com\/avatar\/d0bf6c19470eb55d83c719e39672f670b2c4412339af1eb8a08f86427ba98ee8?s=96&d=mm&r=g","url":"https:\/\/secure.gravatar.com\/avatar\/d0bf6c19470eb55d83c719e39672f670b2c4412339af1eb8a08f86427ba98ee8?s=96&d=mm&r=g","contentUrl":"https:\/\/secure.gravatar.com\/avatar\/d0bf6c19470eb55d83c719e39672f670b2c4412339af1eb8a08f86427ba98ee8?s=96&d=mm&r=g","caption":"Mairobi Herrera"},"sameAs":["https:\/\/casadecampoliving.com\/"],"url":"https:\/\/casadecampoliving.com\/es\/author\/mherrera\/"}]}},"parsely":{"version":"1.1.0","canonical_url":"https:\/\/casadecampoliving.com\/es\/madre-y-abuela-por-primera-vez\/","smart_links":{"inbound":0,"outbound":0},"traffic_boost_suggestions_count":0,"meta":{"@context":"https:\/\/schema.org","@type":"NewsArticle","headline":"Madre y abuela por primera vez","url":"http:\/\/casadecampoliving.com\/es\/madre-y-abuela-por-primera-vez\/","mainEntityOfPage":{"@type":"WebPage","@id":"http:\/\/casadecampoliving.com\/es\/madre-y-abuela-por-primera-vez\/"},"thumbnailUrl":"https:\/\/i0.wp.com\/casadecampoliving.com\/wp-content\/uploads\/2023\/05\/Andrea-Brenes-y-Erika-Vilain.jpg?resize=150%2C150&ssl=1","image":{"@type":"ImageObject","url":"https:\/\/i0.wp.com\/casadecampoliving.com\/wp-content\/uploads\/2023\/05\/Andrea-Brenes-y-Erika-Vilain.jpg?fit=768%2C1024&ssl=1"},"articleSection":"Uncategorized @es","author":[{"@type":"Person","name":"Mairobi Herrera"}],"creator":["Mairobi Herrera"],"publisher":{"@type":"Organization","name":"Casa de Campo Living","logo":"https:\/\/casadecampoliving.com\/wp-content\/uploads\/2022\/07\/CDCLivingLogo_V1-white-sized.png"},"keywords":["casa de campo community @es","casa de campo living","dia de las madres"],"dateCreated":"2023-05-22T23:47:49Z","datePublished":"2023-05-22T23:47:49Z","dateModified":"2023-05-22T23:48:16Z"},"rendered":"<script type=\"application\/ld+json\" class=\"wp-parsely-metadata\">{\"@context\":\"https:\\\/\\\/schema.org\",\"@type\":\"NewsArticle\",\"headline\":\"Madre y abuela por primera vez\",\"url\":\"http:\\\/\\\/casadecampoliving.com\\\/es\\\/madre-y-abuela-por-primera-vez\\\/\",\"mainEntityOfPage\":{\"@type\":\"WebPage\",\"@id\":\"http:\\\/\\\/casadecampoliving.com\\\/es\\\/madre-y-abuela-por-primera-vez\\\/\"},\"thumbnailUrl\":\"https:\\\/\\\/i0.wp.com\\\/casadecampoliving.com\\\/wp-content\\\/uploads\\\/2023\\\/05\\\/Andrea-Brenes-y-Erika-Vilain.jpg?resize=150%2C150&ssl=1\",\"image\":{\"@type\":\"ImageObject\",\"url\":\"https:\\\/\\\/i0.wp.com\\\/casadecampoliving.com\\\/wp-content\\\/uploads\\\/2023\\\/05\\\/Andrea-Brenes-y-Erika-Vilain.jpg?fit=768%2C1024&ssl=1\"},\"articleSection\":\"Uncategorized @es\",\"author\":[{\"@type\":\"Person\",\"name\":\"Mairobi Herrera\"}],\"creator\":[\"Mairobi Herrera\"],\"publisher\":{\"@type\":\"Organization\",\"name\":\"Casa de Campo Living\",\"logo\":\"https:\\\/\\\/casadecampoliving.com\\\/wp-content\\\/uploads\\\/2022\\\/07\\\/CDCLivingLogo_V1-white-sized.png\"},\"keywords\":[\"casa de campo community @es\",\"casa de campo living\",\"dia de las madres\"],\"dateCreated\":\"2023-05-22T23:47:49Z\",\"datePublished\":\"2023-05-22T23:47:49Z\",\"dateModified\":\"2023-05-22T23:48:16Z\"}<\/script>","tracker_url":"https:\/\/cdn.parsely.com\/keys\/casadecampoliving.com\/p.js"},"jetpack_publicize_connections":[],"jetpack_featured_media_url":"https:\/\/i0.wp.com\/casadecampoliving.com\/wp-content\/uploads\/2023\/05\/Andrea-Brenes-y-Erika-Vilain.jpg?fit=768%2C1024&ssl=1","jetpack-related-posts":[{"id":433460,"url":"https:\/\/casadecampoliving.com\/es\/no-se-pierdan-el-increible-tributo-a-frank-sinatra-para-celebrar-el-40-aniversario-del-anfiteatro-altos-de-chavon\/","url_meta":{"origin":517832,"position":0},"title":"No se pierdan el incre\u00edble tributo a Frank Sinatra para celebrar el 40 aniversario del\u00a0Anfiteatro Altos de Chav\u00f3n","author":"Casa de Campo Living","date":"20 Oct, 2022","format":false,"excerpt":"Siendo uno de los escenarios m\u00e1s emblem\u00e1ticos del pa\u00eds, Casa de Campo Resort\u00ae & Villas celebra las cuatro d\u00e9cadas de aniversario de Altos de Chav\u00f3n con un tributo al gran Frank Sinatra, protagonizado por artistas invitados y una big band tal cual la que acompa\u00f1\u00f3 al artista hace 40 a\u00f1os\u2026","rel":"","context":"En \u00abUncategorized @es\u00bb","block_context":{"text":"Uncategorized @es","link":"https:\/\/casadecampoliving.com\/es\/category\/uncategorized-es\/"},"img":{"alt_text":"","src":"https:\/\/i0.wp.com\/casadecampoliving.com\/wp-content\/uploads\/2022\/10\/Tributo-Frank-Sinatra-Foto-Principal-Amaury-Sanchez-Danilo-Ginebra-Andres-Pichardo-y-Jose-Gabriel-Perez-.jpg?fit=1200%2C873&ssl=1&resize=350%2C200","width":350,"height":200,"srcset":"https:\/\/i0.wp.com\/casadecampoliving.com\/wp-content\/uploads\/2022\/10\/Tributo-Frank-Sinatra-Foto-Principal-Amaury-Sanchez-Danilo-Ginebra-Andres-Pichardo-y-Jose-Gabriel-Perez-.jpg?fit=1200%2C873&ssl=1&resize=350%2C200 1x, https:\/\/i0.wp.com\/casadecampoliving.com\/wp-content\/uploads\/2022\/10\/Tributo-Frank-Sinatra-Foto-Principal-Amaury-Sanchez-Danilo-Ginebra-Andres-Pichardo-y-Jose-Gabriel-Perez-.jpg?fit=1200%2C873&ssl=1&resize=525%2C300 1.5x, https:\/\/i0.wp.com\/casadecampoliving.com\/wp-content\/uploads\/2022\/10\/Tributo-Frank-Sinatra-Foto-Principal-Amaury-Sanchez-Danilo-Ginebra-Andres-Pichardo-y-Jose-Gabriel-Perez-.jpg?fit=1200%2C873&ssl=1&resize=700%2C400 2x, https:\/\/i0.wp.com\/casadecampoliving.com\/wp-content\/uploads\/2022\/10\/Tributo-Frank-Sinatra-Foto-Principal-Amaury-Sanchez-Danilo-Ginebra-Andres-Pichardo-y-Jose-Gabriel-Perez-.jpg?fit=1200%2C873&ssl=1&resize=1050%2C600 3x"},"classes":[]},{"id":344847,"url":"https:\/\/casadecampoliving.com\/es\/cafe-de-la-luau-2\/","url_meta":{"origin":517832,"position":1},"title":"\u00a1Caf\u00e9 de la LUAU!","author":"Perkin Agramonte","date":"15 Jul, 2014","format":false,"excerpt":"Bueno, bueno, bueno. \u00bfQuieres saber qu\u00e9 tal estuvo el Caf\u00e9 de la Leche, edici\u00f3n LUAU organizado por Ana Maria (Malele) Strofer? Est\u00e1 demostrado que a las damas de Casa de Campo, nos encantan las fiestas de disfraces, y \u00bfqu\u00e9 mejor que una fiesta hawaiana en estos d\u00edas calurosos de verano?\u2026","rel":"","context":"En \u00abCasa de Campo Living @es\u00bb","block_context":{"text":"Casa de Campo Living @es","link":"https:\/\/casadecampoliving.com\/category\/casa-de-campo-living-es\/"},"img":{"alt_text":"Adriana Feaugas, Malele Strofer","src":"https:\/\/i0.wp.com\/casadecampoliving.com\/wp-content\/uploads\/2022\/10\/Adriana_Feaugas-Malele_Strofer-1.jpg?fit=650%2C431&ssl=1&resize=350%2C200","width":350,"height":200,"srcset":"https:\/\/i0.wp.com\/casadecampoliving.com\/wp-content\/uploads\/2022\/10\/Adriana_Feaugas-Malele_Strofer-1.jpg?fit=650%2C431&ssl=1&resize=350%2C200 1x, https:\/\/i0.wp.com\/casadecampoliving.com\/wp-content\/uploads\/2022\/10\/Adriana_Feaugas-Malele_Strofer-1.jpg?fit=650%2C431&ssl=1&resize=525%2C300 1.5x"},"classes":[]},{"id":338859,"url":"https:\/\/casadecampoliving.com\/es\/personaliza-tus-zapatillas-de-lona-y-contribuye-con-el-hogar-del-nino\/","url_meta":{"origin":517832,"position":2},"title":"Personaliza tus zapatillas de lona y contribuye con el Hogar del Ni\u00f1o!","author":"","date":"26 Abr, 2012","format":false,"excerpt":"Alguna vez has querido dise\u00f1ar tus zapatillas a tu gusto, con tus colores y dise\u00f1os favoritos? Esta es una sensacional oportunidad! Decora y personaliza tu calzado y a la vez contribuye con una excelente causa! Con el paso de los a\u00f1os, han sido muchas las personas generosas que han colaborado\u2026","rel":"","context":"En \u00abTitulares\u00bb","block_context":{"text":"Titulares","link":"https:\/\/casadecampoliving.com\/es\/category\/titulares-es\/"},"img":{"alt_text":"colored shoes","src":"https:\/\/i0.wp.com\/casadecampoliving.com\/wp-content\/uploads\/2022\/10\/colored_shoe1-1.jpg?fit=650%2C343&ssl=1&resize=350%2C200","width":350,"height":200,"srcset":"https:\/\/i0.wp.com\/casadecampoliving.com\/wp-content\/uploads\/2022\/10\/colored_shoe1-1.jpg?fit=650%2C343&ssl=1&resize=350%2C200 1x, https:\/\/i0.wp.com\/casadecampoliving.com\/wp-content\/uploads\/2022\/10\/colored_shoe1-1.jpg?fit=650%2C343&ssl=1&resize=525%2C300 1.5x"},"classes":[]},{"id":349880,"url":"https:\/\/casadecampoliving.com\/es\/especial-dia-de-las-madres\/","url_meta":{"origin":517832,"position":3},"title":"Especial D\u00eda de las Madres: Nuestros amigos nos dicen lo que hace a sus madres especiales","author":"Marlenys Guzm\u00e1n Casta\u00f1os","date":"26 May, 2016","format":false,"excerpt":"Con la celebraci\u00f3n de D\u00eda de las Madres en la Rep\u00fablica Dominicana este domingo 29, nos estamos preparando para pasar ese d\u00eda tan especial con nuestras madres, dentro o fuera de Casa. Ya sea que le compre un regalo especial de Everett Designs o la lleves a cenar al Restaurante\u2026","rel":"","context":"En \u00abCasa de Campo Living @es\u00bb","block_context":{"text":"Casa de Campo Living @es","link":"https:\/\/casadecampoliving.com\/category\/casa-de-campo-living-es\/"},"img":{"alt_text":"Featured Image Mothers Day Featured","src":"https:\/\/i0.wp.com\/casadecampoliving.com\/wp-content\/uploads\/2022\/10\/Featured-Image-Mothers-Day-Featured.jpg?fit=1000%2C600&ssl=1&resize=350%2C200","width":350,"height":200,"srcset":"https:\/\/i0.wp.com\/casadecampoliving.com\/wp-content\/uploads\/2022\/10\/Featured-Image-Mothers-Day-Featured.jpg?fit=1000%2C600&ssl=1&resize=350%2C200 1x, https:\/\/i0.wp.com\/casadecampoliving.com\/wp-content\/uploads\/2022\/10\/Featured-Image-Mothers-Day-Featured.jpg?fit=1000%2C600&ssl=1&resize=525%2C300 1.5x, https:\/\/i0.wp.com\/casadecampoliving.com\/wp-content\/uploads\/2022\/10\/Featured-Image-Mothers-Day-Featured.jpg?fit=1000%2C600&ssl=1&resize=700%2C400 2x"},"classes":[]},{"id":339113,"url":"https:\/\/casadecampoliving.com\/es\/los-jovenes-artistas-andrea-rafi-lebron-y-modesto-se-unen-para-apoyar-al-hogar-del-nino\/","url_meta":{"origin":517832,"position":4},"title":"Los j\u00f3venes artistas; Andrea, Rafi, Lebron y Modesto se unen para apoyar al Hogar del Ni\u00f1o!","author":"","date":"30 May, 2012","format":false,"excerpt":"Este viernes 1 de junio, las damas de la comunidad de Casa de Campo se reunir\u00e1n para disfrutar de un singular evento del Caf\u00e9 de la Leche en el Club de Yates de Casa de Campo \u2013 con el entusiasta apoyo de algunos de los m\u00e1s talentosos artistas emergentes de\u2026","rel":"","context":"En \u00abDestacados\u00bb","block_context":{"text":"Destacados","link":"https:\/\/casadecampoliving.com\/es\/category\/destacados\/"},"img":{"alt_text":"hogar del nino","src":"https:\/\/i0.wp.com\/casadecampoliving.com\/wp-content\/uploads\/2022\/10\/hogar_del_nino4-1.jpg?fit=600%2C504&ssl=1&resize=350%2C200","width":350,"height":200,"srcset":"https:\/\/i0.wp.com\/casadecampoliving.com\/wp-content\/uploads\/2022\/10\/hogar_del_nino4-1.jpg?fit=600%2C504&ssl=1&resize=350%2C200 1x, https:\/\/i0.wp.com\/casadecampoliving.com\/wp-content\/uploads\/2022\/10\/hogar_del_nino4-1.jpg?fit=600%2C504&ssl=1&resize=525%2C300 1.5x"},"classes":[]},{"id":344473,"url":"https:\/\/casadecampoliving.com\/es\/feliz-dia-de-las-madres-que-hace-tu-madre-especial\/","url_meta":{"origin":517832,"position":5},"title":"\u00a1Feliz d\u00eda de las madres! \u00bfQu\u00e9 hace a tu madre especial?","author":"Gerolis Lagrage Zabala","date":"25 May, 2014","format":false,"excerpt":"\u00bfQu\u00e9 hace a tu madre especial? Hoy en honor a las madres de todas partes, te traemos un tributo desde nuestra comunidad para todas sus maravillosas madres. \u00a0Entonces\u2026 \u00bfQu\u00e9 hace a tu tan madre especial? Perm\u00edtanme comenzar, Rebecca Hughes.Aunque ya celebramos el D\u00eda de la Madre en Inglaterra, no pude\u2026","rel":"","context":"En \u00abAltos de Chavon @es\u00bb","block_context":{"text":"Altos de Chavon @es","link":"https:\/\/casadecampoliving.com\/category\/altos-de-chavon-es\/"},"img":{"alt_text":"Rebecca Hughes","src":"https:\/\/i0.wp.com\/casadecampoliving.com\/wp-content\/uploads\/2022\/10\/rebecca_hughes-6.jpg?fit=800%2C534&ssl=1&resize=350%2C200","width":350,"height":200,"srcset":"https:\/\/i0.wp.com\/casadecampoliving.com\/wp-content\/uploads\/2022\/10\/rebecca_hughes-6.jpg?fit=800%2C534&ssl=1&resize=350%2C200 1x, https:\/\/i0.wp.com\/casadecampoliving.com\/wp-content\/uploads\/2022\/10\/rebecca_hughes-6.jpg?fit=800%2C534&ssl=1&resize=525%2C300 1.5x, https:\/\/i0.wp.com\/casadecampoliving.com\/wp-content\/uploads\/2022\/10\/rebecca_hughes-6.jpg?fit=800%2C534&ssl=1&resize=700%2C400 2x"},"classes":[]}],"jetpack_sharing_enabled":true,"_links":{"self":[{"href":"https:\/\/casadecampoliving.com\/es\/wp-json\/wp\/v2\/posts\/517832","targetHints":{"allow":["GET"]}}],"collection":[{"href":"https:\/\/casadecampoliving.com\/es\/wp-json\/wp\/v2\/posts"}],"about":[{"href":"https:\/\/casadecampoliving.com\/es\/wp-json\/wp\/v2\/types\/post"}],"author":[{"embeddable":true,"href":"https:\/\/casadecampoliving.com\/es\/wp-json\/wp\/v2\/users\/431"}],"replies":[{"embeddable":true,"href":"https:\/\/casadecampoliving.com\/es\/wp-json\/wp\/v2\/comments?post=517832"}],"version-history":[{"count":7,"href":"https:\/\/casadecampoliving.com\/es\/wp-json\/wp\/v2\/posts\/517832\/revisions"}],"predecessor-version":[{"id":517969,"href":"https:\/\/casadecampoliving.com\/es\/wp-json\/wp\/v2\/posts\/517832\/revisions\/517969"}],"wp:featuredmedia":[{"embeddable":true,"href":"https:\/\/casadecampoliving.com\/es\/wp-json\/wp\/v2\/media\/517838"}],"wp:attachment":[{"href":"https:\/\/casadecampoliving.com\/es\/wp-json\/wp\/v2\/media?parent=517832"}],"wp:term":[{"taxonomy":"category","embeddable":true,"href":"https:\/\/casadecampoliving.com\/es\/wp-json\/wp\/v2\/categories?post=517832"},{"taxonomy":"post_tag","embeddable":true,"href":"https:\/\/casadecampoliving.com\/es\/wp-json\/wp\/v2\/tags?post=517832"},{"taxonomy":"newspack_spnsrs_tax","embeddable":true,"href":"https:\/\/casadecampoliving.com\/es\/wp-json\/wp\/v2\/newspack_spnsrs_tax?post=517832"}],"curies":[{"name":"wp","href":"https:\/\/api.w.org\/{rel}","templated":true}]}}