{"id":515792,"date":"2023-03-24T08:57:51","date_gmt":"2023-03-24T12:57:51","guid":{"rendered":"https:\/\/casadecampoliving.com\/?p=515792"},"modified":"2023-03-27T09:07:42","modified_gmt":"2023-03-27T13:07:42","slug":"horario-de-misas-de-semana-santa-en-la-iglesia-de-san-estanislao-de-altos-de-chavon-para-2023","status":"publish","type":"post","link":"https:\/\/casadecampoliving.com\/es\/horario-de-misas-de-semana-santa-en-la-iglesia-de-san-estanislao-de-altos-de-chavon-para-2023\/","title":{"rendered":"Horario de misas de Semana Santa en la Iglesia de San Estanislao de Altos de Chav\u00f3n para 2023"},"content":{"rendered":"\n<p>A pesar de ser una atracci\u00f3n tur\u00edstica popular, la Iglesia de San Estanislao de Altos de Chav\u00f3n siempre ha sido una instituci\u00f3n religiosa. Con la Semana Santa a la vuelta de la esquina, entendemos que aunque es un momento festivo, tambi\u00e9n es una celebraci\u00f3n religiosa. Por lo tanto, queremos informarle sobre el horario especial de misas de Semana Santa de esta semana en Casa de Campo.<\/p>\n\n\n\n<p>Horario de misas de Semana Santa 2023: <\/p>\n\n\n\n<ul class=\"wp-block-list\">\n<li>S\u00e1bado 1 de abril &#8211; No hay misa <\/li>\n\n\n\n<li>Domingo 2 de abril &#8211; Misa del Domingo de Ramos a las 5 pm <\/li>\n\n\n\n<li>Mi\u00e9rcoles 5 de abril &#8211; Misa a las 5 pm <\/li>\n\n\n\n<li>Jueves 6 de abril &#8211; JUEVES SANTO, Misa a las 5 pm &#8211; Adoraci\u00f3n del Sant\u00edsimo Sacramento hasta las 8 pm <\/li>\n\n\n\n<li>Viernes 7 de abril &#8211; VIERNES SANTO, Adoraci\u00f3n de la Cruz | Rito del Viernes Santo a las 5 pm <\/li>\n\n\n\n<li>S\u00e1bado 8 de abril &#8211; S\u00c1BADO SANTO &#8211; No hay misa <\/li>\n\n\n\n<li>Domingo 9 de abril &#8211; DOMINGO DE RESURRECCI\u00d3N, a las 6 pm <\/li>\n<\/ul>\n\n\n\n<p>El horario regular de misas es todos los s\u00e1bados a las 5 pm y los domingos a las 6 pm.<\/p>\n\n\n\n<h4 class=\"wp-block-heading\">\u00bfSab\u00edas que\u2026?<\/h4>\n\n\n\n<p>La Iglesia de San Estanislao fue consagrada en 1979, tres a\u00f1os antes de la inauguraci\u00f3n del anfiteatro de Altos de Chav\u00f3n en 1982? Para conmemorar la ocasi\u00f3n, el Papa Juan Pablo II envi\u00f3 las cenizas del santo patr\u00f3n de Polonia, San Estanislao, junto con una estatua tallada a mano desde Cracovia.<\/p>\n\n\n\n<h4 class=\"wp-block-heading\">\u00bfAlguna vez te has preguntado por qu\u00e9 la fecha de Semana Santa cambia cada a\u00f1o? <\/h4>\n\n\n\n<p>De acuerdo a la Biblia, la muerte y resurrecci\u00f3n de Jesucristo ocurrieron durante la Pascua Jud\u00eda, celebrada en la primera luna llena despu\u00e9s del equinoccio de primavera. Esto llev\u00f3 a que los cristianos celebraran la Pascua en diferentes fechas basadas en el ciclo lunar. En el a\u00f1o 325 d.C., se decidi\u00f3 que todas las iglesias cat\u00f3licas celebrar\u00edan la Pascua el domingo siguiente a la primera luna llena despu\u00e9s del equinoccio de primavera, que cae el 21 de marzo en el calendario gregoriano.<\/p>\n\n\n\n<p>La Semana Santa del pr\u00f3ximo a\u00f1o ser\u00e1 del 24 al 31 de marzo.<\/p>\n","protected":false},"excerpt":{"rendered":"<p>A pesar de ser una atracci\u00f3n tur\u00edstica popular, la Iglesia de San Estanislao de Altos de Chav\u00f3n siempre ha sido una instituci\u00f3n religiosa. Con la Semana Santa a la vuelta de la esquina, entendemos que aunque es un momento festivo, tambi\u00e9n es una celebraci\u00f3n religiosa. Por lo tanto, queremos informarle sobre el horario especial de [&hellip;]<\/p>\n","protected":false},"author":36791,"featured_media":515789,"comment_status":"closed","ping_status":"closed","sticky":false,"template":"","format":"standard","meta":{"newspack_ads_suppress_ads":false,"newspack_popups_has_disabled_popups":false,"newspack_sponsor_sponsorship_scope":"","newspack_sponsor_native_byline_display":"inherit","newspack_sponsor_native_category_display":"inherit","newspack_sponsor_underwriter_style":"inherit","newspack_sponsor_underwriter_placement":"inherit","_newspack_byline_active":false,"_newspack_byline":"","newspack_content_restriction_is_exempt":false,"newspack_featured_image_position":"large","newspack_post_subtitle":"","newspack_article_summary_title":"Overview:","newspack_article_summary":"","newspack_hide_updated_date":false,"newspack_show_updated_date":false,"_jetpack_memberships_contains_paid_content":false,"footnotes":"","jetpack_publicize_message":"","jetpack_publicize_feature_enabled":false,"jetpack_social_post_already_shared":false,"jetpack_social_options":{"image_generator_settings":{"template":"highway","default_image_id":0,"font":"","enabled":false},"version":2},"_wpas_customize_per_network":false},"categories":[14625,14627,2521,14627],"tags":[3575,27100,23815,23815,3626,2575,24346,3382,15091],"newspack_spnsrs_tax":[],"class_list":{"0":"post-515792","1":"post","2":"type-post","3":"status-publish","4":"format-standard","5":"has-post-thumbnail","6":"hentry","7":"category-noticias-locales","8":"category-proximamente","9":"category-republica-dominicana-2","11":"tag-altos-de-chavon-es-2","12":"tag-altos-de-chavon-es-7","13":"tag-casa-de-campo-es-17","15":"tag-casa-de-campo-es","16":"tag-comunidad-de-casa-de-campo","17":"tag-featured-es","18":"tag-iglesia-san-estanislao","19":"tag-proximamente","20":"entry"},"yoast_head":"<!-- This site is optimized with the Yoast SEO plugin v27.3 - https:\/\/yoast.com\/product\/yoast-seo-wordpress\/ -->\n<title>Horario de misas de Semana Santa en la Iglesia de San Estanislao de Altos de Chav\u00f3n para 2023 | Casa de Campo Living<\/title>\n<meta name=\"description\" content=\"A pesar de ser una atracci\u00f3n tur\u00edstica popular, la Iglesia de San Estanislao de Altos de Chav\u00f3n siempre ha sido una instituci\u00f3n religiosa. Con la Semana\" \/>\n<meta name=\"robots\" content=\"index, follow, max-snippet:-1, max-image-preview:large, max-video-preview:-1\" \/>\n<link rel=\"canonical\" href=\"https:\/\/casadecampoliving.com\/es\/horario-de-misas-de-semana-santa-en-la-iglesia-de-san-estanislao-de-altos-de-chavon-para-2023\/\" \/>\n<meta property=\"og:locale\" content=\"es_ES\" \/>\n<meta property=\"og:type\" content=\"article\" \/>\n<meta property=\"og:title\" content=\"Horario de misas de Semana Santa en la Iglesia de San Estanislao de Altos de Chav\u00f3n para 2023 | Casa de Campo Living\" \/>\n<meta property=\"og:description\" content=\"A pesar de ser una atracci\u00f3n tur\u00edstica popular, la Iglesia de San Estanislao de Altos de Chav\u00f3n siempre ha sido una instituci\u00f3n religiosa. Con la Semana\" \/>\n<meta property=\"og:url\" content=\"https:\/\/casadecampoliving.com\/es\/horario-de-misas-de-semana-santa-en-la-iglesia-de-san-estanislao-de-altos-de-chavon-para-2023\/\" \/>\n<meta property=\"og:site_name\" content=\"Casa de Campo Living\" \/>\n<meta property=\"article:publisher\" content=\"https:\/\/www.facebook.com\/casadecampoliving\" \/>\n<meta property=\"article:published_time\" content=\"2023-03-24T12:57:51+00:00\" \/>\n<meta property=\"article:modified_time\" content=\"2023-03-27T13:07:42+00:00\" \/>\n<meta property=\"og:image\" content=\"https:\/\/casadecampoliving.com\/wp-content\/uploads\/2023\/03\/Altos-de-Chavon-St.-Stanislaus-Church-scaled.jpg\" \/>\n\t<meta property=\"og:image:width\" content=\"2560\" \/>\n\t<meta property=\"og:image:height\" content=\"1669\" \/>\n\t<meta property=\"og:image:type\" content=\"image\/jpeg\" \/>\n<meta name=\"author\" content=\"Casa de Campo Living\" \/>\n<meta name=\"twitter:card\" content=\"summary_large_image\" \/>\n<meta name=\"twitter:creator\" content=\"@cdcliving\" \/>\n<meta name=\"twitter:site\" content=\"@cdcliving\" \/>\n<meta name=\"twitter:label1\" content=\"Escrito por\" \/>\n\t<meta name=\"twitter:data1\" content=\"Casa de Campo Living\" \/>\n\t<meta name=\"twitter:label2\" content=\"Tiempo de lectura\" \/>\n\t<meta name=\"twitter:data2\" content=\"2 minutos\" \/>\n<script type=\"application\/ld+json\" class=\"yoast-schema-graph\">{\"@context\":\"https:\\\/\\\/schema.org\",\"@graph\":[{\"@type\":\"Article\",\"@id\":\"https:\\\/\\\/casadecampoliving.com\\\/es\\\/horario-de-misas-de-semana-santa-en-la-iglesia-de-san-estanislao-de-altos-de-chavon-para-2023\\\/#article\",\"isPartOf\":{\"@id\":\"https:\\\/\\\/casadecampoliving.com\\\/es\\\/horario-de-misas-de-semana-santa-en-la-iglesia-de-san-estanislao-de-altos-de-chavon-para-2023\\\/\"},\"author\":{\"name\":\"Casa de Campo Living\",\"@id\":\"https:\\\/\\\/casadecampoliving.com\\\/es\\\/#\\\/schema\\\/person\\\/5d2171637a9d11e0e43ce6b8555f9422\"},\"headline\":\"Horario de misas de Semana Santa en la Iglesia de San Estanislao de Altos de Chav\u00f3n para 2023\",\"datePublished\":\"2023-03-24T12:57:51+00:00\",\"dateModified\":\"2023-03-27T13:07:42+00:00\",\"mainEntityOfPage\":{\"@id\":\"https:\\\/\\\/casadecampoliving.com\\\/es\\\/horario-de-misas-de-semana-santa-en-la-iglesia-de-san-estanislao-de-altos-de-chavon-para-2023\\\/\"},\"wordCount\":379,\"publisher\":{\"@id\":\"https:\\\/\\\/casadecampoliving.com\\\/es\\\/#organization\"},\"image\":{\"@id\":\"https:\\\/\\\/casadecampoliving.com\\\/es\\\/horario-de-misas-de-semana-santa-en-la-iglesia-de-san-estanislao-de-altos-de-chavon-para-2023\\\/#primaryimage\"},\"thumbnailUrl\":\"https:\\\/\\\/i0.wp.com\\\/casadecampoliving.com\\\/wp-content\\\/uploads\\\/2023\\\/03\\\/Altos-de-Chavon-St.-Stanislaus-Church-scaled.jpg?fit=2560%2C1669&ssl=1\",\"keywords\":[\"Altos de Chavon -es\",\"Altos de Chav\u00f3n @es\",\"Casa de Campo\",\"Casa de Campo\",\"casa de campo @es\",\"comunidad de casa de campo\",\"Featured\",\"iglesia san estanislao\",\"Proximamente\"],\"articleSection\":[\"Noticias Locales\",\"Proximamente\",\"Rep\u00fablica Dominicana @es\",\"Proximamente\"],\"inLanguage\":\"es\"},{\"@type\":\"WebPage\",\"@id\":\"https:\\\/\\\/casadecampoliving.com\\\/es\\\/horario-de-misas-de-semana-santa-en-la-iglesia-de-san-estanislao-de-altos-de-chavon-para-2023\\\/\",\"url\":\"https:\\\/\\\/casadecampoliving.com\\\/es\\\/horario-de-misas-de-semana-santa-en-la-iglesia-de-san-estanislao-de-altos-de-chavon-para-2023\\\/\",\"name\":\"Horario de misas de Semana Santa en la Iglesia de San Estanislao de Altos de Chav\u00f3n para 2023 | Casa de Campo Living\",\"isPartOf\":{\"@id\":\"https:\\\/\\\/casadecampoliving.com\\\/es\\\/#website\"},\"primaryImageOfPage\":{\"@id\":\"https:\\\/\\\/casadecampoliving.com\\\/es\\\/horario-de-misas-de-semana-santa-en-la-iglesia-de-san-estanislao-de-altos-de-chavon-para-2023\\\/#primaryimage\"},\"image\":{\"@id\":\"https:\\\/\\\/casadecampoliving.com\\\/es\\\/horario-de-misas-de-semana-santa-en-la-iglesia-de-san-estanislao-de-altos-de-chavon-para-2023\\\/#primaryimage\"},\"thumbnailUrl\":\"https:\\\/\\\/i0.wp.com\\\/casadecampoliving.com\\\/wp-content\\\/uploads\\\/2023\\\/03\\\/Altos-de-Chavon-St.-Stanislaus-Church-scaled.jpg?fit=2560%2C1669&ssl=1\",\"datePublished\":\"2023-03-24T12:57:51+00:00\",\"dateModified\":\"2023-03-27T13:07:42+00:00\",\"description\":\"A pesar de ser una atracci\u00f3n tur\u00edstica popular, la Iglesia de San Estanislao de Altos de Chav\u00f3n siempre ha sido una instituci\u00f3n religiosa. Con la Semana\",\"breadcrumb\":{\"@id\":\"https:\\\/\\\/casadecampoliving.com\\\/es\\\/horario-de-misas-de-semana-santa-en-la-iglesia-de-san-estanislao-de-altos-de-chavon-para-2023\\\/#breadcrumb\"},\"inLanguage\":\"es\",\"potentialAction\":[{\"@type\":\"ReadAction\",\"target\":[\"https:\\\/\\\/casadecampoliving.com\\\/es\\\/horario-de-misas-de-semana-santa-en-la-iglesia-de-san-estanislao-de-altos-de-chavon-para-2023\\\/\"]}]},{\"@type\":\"ImageObject\",\"inLanguage\":\"es\",\"@id\":\"https:\\\/\\\/casadecampoliving.com\\\/es\\\/horario-de-misas-de-semana-santa-en-la-iglesia-de-san-estanislao-de-altos-de-chavon-para-2023\\\/#primaryimage\",\"url\":\"https:\\\/\\\/i0.wp.com\\\/casadecampoliving.com\\\/wp-content\\\/uploads\\\/2023\\\/03\\\/Altos-de-Chavon-St.-Stanislaus-Church-scaled.jpg?fit=2560%2C1669&ssl=1\",\"contentUrl\":\"https:\\\/\\\/i0.wp.com\\\/casadecampoliving.com\\\/wp-content\\\/uploads\\\/2023\\\/03\\\/Altos-de-Chavon-St.-Stanislaus-Church-scaled.jpg?fit=2560%2C1669&ssl=1\",\"width\":2560,\"height\":1669},{\"@type\":\"BreadcrumbList\",\"@id\":\"https:\\\/\\\/casadecampoliving.com\\\/es\\\/horario-de-misas-de-semana-santa-en-la-iglesia-de-san-estanislao-de-altos-de-chavon-para-2023\\\/#breadcrumb\",\"itemListElement\":[{\"@type\":\"ListItem\",\"position\":1,\"name\":\"Home\",\"item\":\"https:\\\/\\\/casadecampoliving.com\\\/es\\\/\"},{\"@type\":\"ListItem\",\"position\":2,\"name\":\"Horario de misas de Semana Santa en la Iglesia de San Estanislao de Altos de Chav\u00f3n para 2023\"}]},{\"@type\":\"WebSite\",\"@id\":\"https:\\\/\\\/casadecampoliving.com\\\/es\\\/#website\",\"url\":\"https:\\\/\\\/casadecampoliving.com\\\/es\\\/\",\"name\":\"Casa de Campo Living\",\"description\":\"Resort community news and resources.\",\"publisher\":{\"@id\":\"https:\\\/\\\/casadecampoliving.com\\\/es\\\/#organization\"},\"potentialAction\":[{\"@type\":\"SearchAction\",\"target\":{\"@type\":\"EntryPoint\",\"urlTemplate\":\"https:\\\/\\\/casadecampoliving.com\\\/es\\\/?s={search_term_string}\"},\"query-input\":{\"@type\":\"PropertyValueSpecification\",\"valueRequired\":true,\"valueName\":\"search_term_string\"}}],\"inLanguage\":\"es\"},{\"@type\":\"Organization\",\"@id\":\"https:\\\/\\\/casadecampoliving.com\\\/es\\\/#organization\",\"name\":\"Casa de Campo Living\",\"url\":\"https:\\\/\\\/casadecampoliving.com\\\/es\\\/\",\"logo\":{\"@type\":\"ImageObject\",\"inLanguage\":\"es\",\"@id\":\"https:\\\/\\\/casadecampoliving.com\\\/es\\\/#\\\/schema\\\/logo\\\/image\\\/\",\"url\":\"https:\\\/\\\/i0.wp.com\\\/casadecampoliving.com\\\/wp-content\\\/uploads\\\/2022\\\/07\\\/CDCLivingLogo_V1-white-sized.png?fit=800%2C214&ssl=1\",\"contentUrl\":\"https:\\\/\\\/i0.wp.com\\\/casadecampoliving.com\\\/wp-content\\\/uploads\\\/2022\\\/07\\\/CDCLivingLogo_V1-white-sized.png?fit=800%2C214&ssl=1\",\"width\":800,\"height\":214,\"caption\":\"Casa de Campo Living\"},\"image\":{\"@id\":\"https:\\\/\\\/casadecampoliving.com\\\/es\\\/#\\\/schema\\\/logo\\\/image\\\/\"},\"sameAs\":[\"https:\\\/\\\/www.facebook.com\\\/casadecampoliving\",\"https:\\\/\\\/x.com\\\/cdcliving\"]},{\"@type\":\"Person\",\"@id\":\"https:\\\/\\\/casadecampoliving.com\\\/es\\\/#\\\/schema\\\/person\\\/5d2171637a9d11e0e43ce6b8555f9422\",\"name\":\"Casa de Campo Living\",\"image\":{\"@type\":\"ImageObject\",\"inLanguage\":\"es\",\"@id\":\"https:\\\/\\\/secure.gravatar.com\\\/avatar\\\/d04101fa4a9fd431e939953b1500fdc7a73cd35029f86d98712fd8ccdaebaf9a?s=96&d=mm&r=g\",\"url\":\"https:\\\/\\\/secure.gravatar.com\\\/avatar\\\/d04101fa4a9fd431e939953b1500fdc7a73cd35029f86d98712fd8ccdaebaf9a?s=96&d=mm&r=g\",\"contentUrl\":\"https:\\\/\\\/secure.gravatar.com\\\/avatar\\\/d04101fa4a9fd431e939953b1500fdc7a73cd35029f86d98712fd8ccdaebaf9a?s=96&d=mm&r=g\",\"caption\":\"Casa de Campo Living\"},\"url\":\"https:\\\/\\\/casadecampoliving.com\\\/es\\\/author\\\/casa-de-campo-living\\\/\"}]}<\/script>\n<!-- \/ Yoast SEO plugin. -->","yoast_head_json":{"title":"Horario de misas de Semana Santa en la Iglesia de San Estanislao de Altos de Chav\u00f3n para 2023 | Casa de Campo Living","description":"A pesar de ser una atracci\u00f3n tur\u00edstica popular, la Iglesia de San Estanislao de Altos de Chav\u00f3n siempre ha sido una instituci\u00f3n religiosa. Con la Semana","robots":{"index":"index","follow":"follow","max-snippet":"max-snippet:-1","max-image-preview":"max-image-preview:large","max-video-preview":"max-video-preview:-1"},"canonical":"https:\/\/casadecampoliving.com\/es\/horario-de-misas-de-semana-santa-en-la-iglesia-de-san-estanislao-de-altos-de-chavon-para-2023\/","og_locale":"es_ES","og_type":"article","og_title":"Horario de misas de Semana Santa en la Iglesia de San Estanislao de Altos de Chav\u00f3n para 2023 | Casa de Campo Living","og_description":"A pesar de ser una atracci\u00f3n tur\u00edstica popular, la Iglesia de San Estanislao de Altos de Chav\u00f3n siempre ha sido una instituci\u00f3n religiosa. Con la Semana","og_url":"https:\/\/casadecampoliving.com\/es\/horario-de-misas-de-semana-santa-en-la-iglesia-de-san-estanislao-de-altos-de-chavon-para-2023\/","og_site_name":"Casa de Campo Living","article_publisher":"https:\/\/www.facebook.com\/casadecampoliving","article_published_time":"2023-03-24T12:57:51+00:00","article_modified_time":"2023-03-27T13:07:42+00:00","og_image":[{"width":2560,"height":1669,"url":"https:\/\/casadecampoliving.com\/wp-content\/uploads\/2023\/03\/Altos-de-Chavon-St.-Stanislaus-Church-scaled.jpg","type":"image\/jpeg"}],"author":"Casa de Campo Living","twitter_card":"summary_large_image","twitter_creator":"@cdcliving","twitter_site":"@cdcliving","twitter_misc":{"Escrito por":"Casa de Campo Living","Tiempo de lectura":"2 minutos"},"schema":{"@context":"https:\/\/schema.org","@graph":[{"@type":"Article","@id":"https:\/\/casadecampoliving.com\/es\/horario-de-misas-de-semana-santa-en-la-iglesia-de-san-estanislao-de-altos-de-chavon-para-2023\/#article","isPartOf":{"@id":"https:\/\/casadecampoliving.com\/es\/horario-de-misas-de-semana-santa-en-la-iglesia-de-san-estanislao-de-altos-de-chavon-para-2023\/"},"author":{"name":"Casa de Campo Living","@id":"https:\/\/casadecampoliving.com\/es\/#\/schema\/person\/5d2171637a9d11e0e43ce6b8555f9422"},"headline":"Horario de misas de Semana Santa en la Iglesia de San Estanislao de Altos de Chav\u00f3n para 2023","datePublished":"2023-03-24T12:57:51+00:00","dateModified":"2023-03-27T13:07:42+00:00","mainEntityOfPage":{"@id":"https:\/\/casadecampoliving.com\/es\/horario-de-misas-de-semana-santa-en-la-iglesia-de-san-estanislao-de-altos-de-chavon-para-2023\/"},"wordCount":379,"publisher":{"@id":"https:\/\/casadecampoliving.com\/es\/#organization"},"image":{"@id":"https:\/\/casadecampoliving.com\/es\/horario-de-misas-de-semana-santa-en-la-iglesia-de-san-estanislao-de-altos-de-chavon-para-2023\/#primaryimage"},"thumbnailUrl":"https:\/\/i0.wp.com\/casadecampoliving.com\/wp-content\/uploads\/2023\/03\/Altos-de-Chavon-St.-Stanislaus-Church-scaled.jpg?fit=2560%2C1669&ssl=1","keywords":["Altos de Chavon -es","Altos de Chav\u00f3n @es","Casa de Campo","Casa de Campo","casa de campo @es","comunidad de casa de campo","Featured","iglesia san estanislao","Proximamente"],"articleSection":["Noticias Locales","Proximamente","Rep\u00fablica Dominicana @es","Proximamente"],"inLanguage":"es"},{"@type":"WebPage","@id":"https:\/\/casadecampoliving.com\/es\/horario-de-misas-de-semana-santa-en-la-iglesia-de-san-estanislao-de-altos-de-chavon-para-2023\/","url":"https:\/\/casadecampoliving.com\/es\/horario-de-misas-de-semana-santa-en-la-iglesia-de-san-estanislao-de-altos-de-chavon-para-2023\/","name":"Horario de misas de Semana Santa en la Iglesia de San Estanislao de Altos de Chav\u00f3n para 2023 | Casa de Campo Living","isPartOf":{"@id":"https:\/\/casadecampoliving.com\/es\/#website"},"primaryImageOfPage":{"@id":"https:\/\/casadecampoliving.com\/es\/horario-de-misas-de-semana-santa-en-la-iglesia-de-san-estanislao-de-altos-de-chavon-para-2023\/#primaryimage"},"image":{"@id":"https:\/\/casadecampoliving.com\/es\/horario-de-misas-de-semana-santa-en-la-iglesia-de-san-estanislao-de-altos-de-chavon-para-2023\/#primaryimage"},"thumbnailUrl":"https:\/\/i0.wp.com\/casadecampoliving.com\/wp-content\/uploads\/2023\/03\/Altos-de-Chavon-St.-Stanislaus-Church-scaled.jpg?fit=2560%2C1669&ssl=1","datePublished":"2023-03-24T12:57:51+00:00","dateModified":"2023-03-27T13:07:42+00:00","description":"A pesar de ser una atracci\u00f3n tur\u00edstica popular, la Iglesia de San Estanislao de Altos de Chav\u00f3n siempre ha sido una instituci\u00f3n religiosa. Con la Semana","breadcrumb":{"@id":"https:\/\/casadecampoliving.com\/es\/horario-de-misas-de-semana-santa-en-la-iglesia-de-san-estanislao-de-altos-de-chavon-para-2023\/#breadcrumb"},"inLanguage":"es","potentialAction":[{"@type":"ReadAction","target":["https:\/\/casadecampoliving.com\/es\/horario-de-misas-de-semana-santa-en-la-iglesia-de-san-estanislao-de-altos-de-chavon-para-2023\/"]}]},{"@type":"ImageObject","inLanguage":"es","@id":"https:\/\/casadecampoliving.com\/es\/horario-de-misas-de-semana-santa-en-la-iglesia-de-san-estanislao-de-altos-de-chavon-para-2023\/#primaryimage","url":"https:\/\/i0.wp.com\/casadecampoliving.com\/wp-content\/uploads\/2023\/03\/Altos-de-Chavon-St.-Stanislaus-Church-scaled.jpg?fit=2560%2C1669&ssl=1","contentUrl":"https:\/\/i0.wp.com\/casadecampoliving.com\/wp-content\/uploads\/2023\/03\/Altos-de-Chavon-St.-Stanislaus-Church-scaled.jpg?fit=2560%2C1669&ssl=1","width":2560,"height":1669},{"@type":"BreadcrumbList","@id":"https:\/\/casadecampoliving.com\/es\/horario-de-misas-de-semana-santa-en-la-iglesia-de-san-estanislao-de-altos-de-chavon-para-2023\/#breadcrumb","itemListElement":[{"@type":"ListItem","position":1,"name":"Home","item":"https:\/\/casadecampoliving.com\/es\/"},{"@type":"ListItem","position":2,"name":"Horario de misas de Semana Santa en la Iglesia de San Estanislao de Altos de Chav\u00f3n para 2023"}]},{"@type":"WebSite","@id":"https:\/\/casadecampoliving.com\/es\/#website","url":"https:\/\/casadecampoliving.com\/es\/","name":"Casa de Campo Living","description":"Resort community news and resources.","publisher":{"@id":"https:\/\/casadecampoliving.com\/es\/#organization"},"potentialAction":[{"@type":"SearchAction","target":{"@type":"EntryPoint","urlTemplate":"https:\/\/casadecampoliving.com\/es\/?s={search_term_string}"},"query-input":{"@type":"PropertyValueSpecification","valueRequired":true,"valueName":"search_term_string"}}],"inLanguage":"es"},{"@type":"Organization","@id":"https:\/\/casadecampoliving.com\/es\/#organization","name":"Casa de Campo Living","url":"https:\/\/casadecampoliving.com\/es\/","logo":{"@type":"ImageObject","inLanguage":"es","@id":"https:\/\/casadecampoliving.com\/es\/#\/schema\/logo\/image\/","url":"https:\/\/i0.wp.com\/casadecampoliving.com\/wp-content\/uploads\/2022\/07\/CDCLivingLogo_V1-white-sized.png?fit=800%2C214&ssl=1","contentUrl":"https:\/\/i0.wp.com\/casadecampoliving.com\/wp-content\/uploads\/2022\/07\/CDCLivingLogo_V1-white-sized.png?fit=800%2C214&ssl=1","width":800,"height":214,"caption":"Casa de Campo Living"},"image":{"@id":"https:\/\/casadecampoliving.com\/es\/#\/schema\/logo\/image\/"},"sameAs":["https:\/\/www.facebook.com\/casadecampoliving","https:\/\/x.com\/cdcliving"]},{"@type":"Person","@id":"https:\/\/casadecampoliving.com\/es\/#\/schema\/person\/5d2171637a9d11e0e43ce6b8555f9422","name":"Casa de Campo Living","image":{"@type":"ImageObject","inLanguage":"es","@id":"https:\/\/secure.gravatar.com\/avatar\/d04101fa4a9fd431e939953b1500fdc7a73cd35029f86d98712fd8ccdaebaf9a?s=96&d=mm&r=g","url":"https:\/\/secure.gravatar.com\/avatar\/d04101fa4a9fd431e939953b1500fdc7a73cd35029f86d98712fd8ccdaebaf9a?s=96&d=mm&r=g","contentUrl":"https:\/\/secure.gravatar.com\/avatar\/d04101fa4a9fd431e939953b1500fdc7a73cd35029f86d98712fd8ccdaebaf9a?s=96&d=mm&r=g","caption":"Casa de Campo Living"},"url":"https:\/\/casadecampoliving.com\/es\/author\/casa-de-campo-living\/"}]}},"parsely":{"version":"1.1.0","canonical_url":"https:\/\/casadecampoliving.com\/es\/horario-de-misas-de-semana-santa-en-la-iglesia-de-san-estanislao-de-altos-de-chavon-para-2023\/","smart_links":{"inbound":0,"outbound":0},"traffic_boost_suggestions_count":0,"meta":{"@context":"https:\/\/schema.org","@type":"NewsArticle","headline":"Horario de misas de Semana Santa en la Iglesia de San Estanislao de Altos de Chav\u00f3n para 2023","url":"http:\/\/casadecampoliving.com\/es\/horario-de-misas-de-semana-santa-en-la-iglesia-de-san-estanislao-de-altos-de-chavon-para-2023\/","mainEntityOfPage":{"@type":"WebPage","@id":"http:\/\/casadecampoliving.com\/es\/horario-de-misas-de-semana-santa-en-la-iglesia-de-san-estanislao-de-altos-de-chavon-para-2023\/"},"thumbnailUrl":"https:\/\/i0.wp.com\/casadecampoliving.com\/wp-content\/uploads\/2023\/03\/Altos-de-Chavon-St.-Stanislaus-Church-scaled.jpg?resize=150%2C150&ssl=1","image":{"@type":"ImageObject","url":"https:\/\/i0.wp.com\/casadecampoliving.com\/wp-content\/uploads\/2023\/03\/Altos-de-Chavon-St.-Stanislaus-Church-scaled.jpg?fit=2560%2C1669&ssl=1"},"articleSection":"Noticias Locales","author":[{"@type":"Person","name":"Casa de Campo Living"}],"creator":["Casa de Campo Living"],"publisher":{"@type":"Organization","name":"Casa de Campo Living","logo":"https:\/\/casadecampoliving.com\/wp-content\/uploads\/2022\/07\/CDCLivingLogo_V1-white-sized.png"},"keywords":["altos de chavon -es","altos de chav\u00f3n @es","casa de campo","casa de campo @es","comunidad de casa de campo","featured","iglesia san estanislao","proximamente"],"dateCreated":"2023-03-24T12:57:51Z","datePublished":"2023-03-24T12:57:51Z","dateModified":"2023-03-27T13:07:42Z"},"rendered":"<script type=\"application\/ld+json\" class=\"wp-parsely-metadata\">{\"@context\":\"https:\\\/\\\/schema.org\",\"@type\":\"NewsArticle\",\"headline\":\"Horario de misas de Semana Santa en la Iglesia de San Estanislao de Altos de Chav\\u00f3n para 2023\",\"url\":\"http:\\\/\\\/casadecampoliving.com\\\/es\\\/horario-de-misas-de-semana-santa-en-la-iglesia-de-san-estanislao-de-altos-de-chavon-para-2023\\\/\",\"mainEntityOfPage\":{\"@type\":\"WebPage\",\"@id\":\"http:\\\/\\\/casadecampoliving.com\\\/es\\\/horario-de-misas-de-semana-santa-en-la-iglesia-de-san-estanislao-de-altos-de-chavon-para-2023\\\/\"},\"thumbnailUrl\":\"https:\\\/\\\/i0.wp.com\\\/casadecampoliving.com\\\/wp-content\\\/uploads\\\/2023\\\/03\\\/Altos-de-Chavon-St.-Stanislaus-Church-scaled.jpg?resize=150%2C150&ssl=1\",\"image\":{\"@type\":\"ImageObject\",\"url\":\"https:\\\/\\\/i0.wp.com\\\/casadecampoliving.com\\\/wp-content\\\/uploads\\\/2023\\\/03\\\/Altos-de-Chavon-St.-Stanislaus-Church-scaled.jpg?fit=2560%2C1669&ssl=1\"},\"articleSection\":\"Noticias Locales\",\"author\":[{\"@type\":\"Person\",\"name\":\"Casa de Campo Living\"}],\"creator\":[\"Casa de Campo Living\"],\"publisher\":{\"@type\":\"Organization\",\"name\":\"Casa de Campo Living\",\"logo\":\"https:\\\/\\\/casadecampoliving.com\\\/wp-content\\\/uploads\\\/2022\\\/07\\\/CDCLivingLogo_V1-white-sized.png\"},\"keywords\":[\"altos de chavon -es\",\"altos de chav\\u00f3n @es\",\"casa de campo\",\"casa de campo @es\",\"comunidad de casa de campo\",\"featured\",\"iglesia san estanislao\",\"proximamente\"],\"dateCreated\":\"2023-03-24T12:57:51Z\",\"datePublished\":\"2023-03-24T12:57:51Z\",\"dateModified\":\"2023-03-27T13:07:42Z\"}<\/script>","tracker_url":"https:\/\/cdn.parsely.com\/keys\/casadecampoliving.com\/p.js"},"jetpack_publicize_connections":[],"jetpack_featured_media_url":"https:\/\/i0.wp.com\/casadecampoliving.com\/wp-content\/uploads\/2023\/03\/Altos-de-Chavon-St.-Stanislaus-Church-scaled.jpg?fit=2560%2C1669&ssl=1","jetpack-related-posts":[{"id":540697,"url":"https:\/\/casadecampoliving.com\/es\/misa-semana-santa-2025-iglesia-san-estanislao-de-altos-de-chavon\/","url_meta":{"origin":515792,"position":0},"title":"Horario de Misas de Semana Santa 2025 en la Iglesia San Estanislao de Altos de Chav\u00f3n","author":"Casa de Campo Living","date":"13 Abr, 2025","format":false,"excerpt":"Aunque es uno de los atractivos tur\u00edsticos m\u00e1s visitados de Casa de Campo, la Iglesia San Estanislao en Altos de Chav\u00f3n siempre ha sido, ante todo, un espacio de devoci\u00f3n religiosa. Con la Semana Santa a la vuelta de la esquina, entendemos que adem\u00e1s de ser una \u00e9poca festiva, es\u2026","rel":"","context":"En \u00abAltos de Chav\u00f3n\u00bb","block_context":{"text":"Altos de Chav\u00f3n","link":"https:\/\/casadecampoliving.com\/es\/category\/altos-de-chavon-6\/"},"img":{"alt_text":"","src":"https:\/\/i0.wp.com\/casadecampoliving.com\/wp-content\/uploads\/2023\/03\/Altos-de-Chavon-St.-Stanislaus-Church-scaled.jpg?fit=1200%2C782&ssl=1&resize=350%2C200","width":350,"height":200,"srcset":"https:\/\/i0.wp.com\/casadecampoliving.com\/wp-content\/uploads\/2023\/03\/Altos-de-Chavon-St.-Stanislaus-Church-scaled.jpg?fit=1200%2C782&ssl=1&resize=350%2C200 1x, https:\/\/i0.wp.com\/casadecampoliving.com\/wp-content\/uploads\/2023\/03\/Altos-de-Chavon-St.-Stanislaus-Church-scaled.jpg?fit=1200%2C782&ssl=1&resize=525%2C300 1.5x, https:\/\/i0.wp.com\/casadecampoliving.com\/wp-content\/uploads\/2023\/03\/Altos-de-Chavon-St.-Stanislaus-Church-scaled.jpg?fit=1200%2C782&ssl=1&resize=700%2C400 2x, https:\/\/i0.wp.com\/casadecampoliving.com\/wp-content\/uploads\/2023\/03\/Altos-de-Chavon-St.-Stanislaus-Church-scaled.jpg?fit=1200%2C782&ssl=1&resize=1050%2C600 3x"},"classes":[]},{"id":351349,"url":"https:\/\/casadecampoliving.com\/es\/horario-de-misas-de-pascua-2017-en-la-iglesia-san-estanislao-en-altos-de-chavon\/","url_meta":{"origin":515792,"position":1},"title":"Horario de Misas de Pascua 2017 en la Iglesia San Estanislao en Altos de Chav\u00f3n","author":"Marlenys Guzm\u00e1n Casta\u00f1os","date":"10 Abr, 2017","format":false,"excerpt":"La iglesia de San Estanislao en Altos de Chav\u00f3n es una de las m\u00e1s bellas atracciones tur\u00edsticas de la \u00e1rea. Pero ante todo, es una iglesia. Y Semana Santa (Pascua), m\u00e1s que una \u00e9poca de fiesta es tambi\u00e9n una celebraci\u00f3n religiosa por lo que pensamos que estar\u00eda interesado en saber\u2026","rel":"","context":"En \u00abAltos de Chavon @es\u00bb","block_context":{"text":"Altos de Chavon @es","link":"https:\/\/casadecampoliving.com\/category\/altos-de-chavon-es\/"},"img":{"alt_text":"","src":"https:\/\/i0.wp.com\/casadecampoliving.com\/wp-content\/uploads\/2022\/10\/shutterstock_179993753-e1491792483969.jpg?fit=1000%2C652&ssl=1&resize=350%2C200","width":350,"height":200,"srcset":"https:\/\/i0.wp.com\/casadecampoliving.com\/wp-content\/uploads\/2022\/10\/shutterstock_179993753-e1491792483969.jpg?fit=1000%2C652&ssl=1&resize=350%2C200 1x, https:\/\/i0.wp.com\/casadecampoliving.com\/wp-content\/uploads\/2022\/10\/shutterstock_179993753-e1491792483969.jpg?fit=1000%2C652&ssl=1&resize=525%2C300 1.5x, https:\/\/i0.wp.com\/casadecampoliving.com\/wp-content\/uploads\/2022\/10\/shutterstock_179993753-e1491792483969.jpg?fit=1000%2C652&ssl=1&resize=700%2C400 2x"},"classes":[]},{"id":353353,"url":"https:\/\/casadecampoliving.com\/es\/easter-2019-mass-schedule-at-st-stanislaus-church-in-altos-de-chavon\/","url_meta":{"origin":515792,"position":2},"title":"Horario de Misas de Pascua 2019 en la Iglesia San Estanislao en Altos de Chav\u00f3n","author":"Casa de Campo Living","date":"8 Abr, 2019","format":false,"excerpt":"La iglesia de San Estanislao en Altos de Chav\u00f3n es una de las m\u00e1s bellas atracciones tur\u00edsticas de la \u00e1rea. Pero ante todo, es una iglesia. Y Semana Santa (Pascua), m\u00e1s que una \u00e9poca de fiesta es tambi\u00e9n una celebraci\u00f3n religiosa por lo que pensamos que estar\u00eda interesado en saber\u2026","rel":"","context":"En \u00abAltos de Chavon @es\u00bb","block_context":{"text":"Altos de Chavon @es","link":"https:\/\/casadecampoliving.com\/category\/altos-de-chavon-es\/"},"img":{"alt_text":"Featured Image \u2014 Easter mass at St Stanislaus Church 2016","src":"https:\/\/i0.wp.com\/casadecampoliving.com\/wp-content\/uploads\/2022\/10\/Featured-Image-%E2%80%94-Easter-mass-at-St-Stanislaus-Church-2016.jpg?fit=1000%2C600&ssl=1&resize=350%2C200","width":350,"height":200,"srcset":"https:\/\/i0.wp.com\/casadecampoliving.com\/wp-content\/uploads\/2022\/10\/Featured-Image-%E2%80%94-Easter-mass-at-St-Stanislaus-Church-2016.jpg?fit=1000%2C600&ssl=1&resize=350%2C200 1x, https:\/\/i0.wp.com\/casadecampoliving.com\/wp-content\/uploads\/2022\/10\/Featured-Image-%E2%80%94-Easter-mass-at-St-Stanislaus-Church-2016.jpg?fit=1000%2C600&ssl=1&resize=525%2C300 1.5x, https:\/\/i0.wp.com\/casadecampoliving.com\/wp-content\/uploads\/2022\/10\/Featured-Image-%E2%80%94-Easter-mass-at-St-Stanislaus-Church-2016.jpg?fit=1000%2C600&ssl=1&resize=700%2C400 2x"},"classes":[]},{"id":352561,"url":"https:\/\/casadecampoliving.com\/es\/horario-de-misas-de-pascua-en-la-iglesia-san-estanislao-en-altos-de-chavon\/","url_meta":{"origin":515792,"position":3},"title":"Horario de Misas de Pascua en la Iglesia San Estanislao en Altos de Chav\u00f3n","author":"Marlenys Guzm\u00e1n Casta\u00f1os","date":"28 Mar, 2018","format":false,"excerpt":"La iglesia de San Estanislao en Altos de Chav\u00f3n es una de las m\u00e1s bellas atracciones tur\u00edsticas de la \u00e1rea. Pero ante todo, es una iglesia. Y Semana Santa (Pascua), m\u00e1s que una \u00e9poca de fiesta es tambi\u00e9n una celebraci\u00f3n religiosa por lo que pensamos que estar\u00eda interesado en saber\u2026","rel":"","context":"En \u00abAltos de Chavon @es\u00bb","block_context":{"text":"Altos de Chavon @es","link":"https:\/\/casadecampoliving.com\/category\/altos-de-chavon-es\/"},"img":{"alt_text":"St. Stanislaus Church Altos de Chavo\u0301n","src":"https:\/\/i0.wp.com\/casadecampoliving.com\/wp-content\/uploads\/2022\/10\/St.-Stanislaus-Church-Altos-de-Chavo%CC%81n-1.jpg?fit=650%2C434&ssl=1&resize=350%2C200","width":350,"height":200,"srcset":"https:\/\/i0.wp.com\/casadecampoliving.com\/wp-content\/uploads\/2022\/10\/St.-Stanislaus-Church-Altos-de-Chavo%CC%81n-1.jpg?fit=650%2C434&ssl=1&resize=350%2C200 1x, https:\/\/i0.wp.com\/casadecampoliving.com\/wp-content\/uploads\/2022\/10\/St.-Stanislaus-Church-Altos-de-Chavo%CC%81n-1.jpg?fit=650%2C434&ssl=1&resize=525%2C300 1.5x"},"classes":[]},{"id":354008,"url":"https:\/\/casadecampoliving.com\/es\/misa-semana-santa-2021-en-la-iglesia-san-estanislao-en-altos-de-chavon\/","url_meta":{"origin":515792,"position":4},"title":"Misa Semana Santa 2021 en la Iglesia San Estanislao en Altos de Chav\u00f3n","author":"Casa de Campo Living","date":"30 Mar, 2021","format":false,"excerpt":"La iglesia de San Estanislao en Altos de Chav\u00f3n es una de las m\u00e1s bellas atracciones tur\u00edsticas de la \u00e1rea. Pero ante todo, es una iglesia. Y Semana Santa (Pascua), m\u00e1s que una \u00e9poca de fiesta es tambi\u00e9n una celebraci\u00f3n religiosa por lo que pensamos que estar\u00eda interesado en saber\u2026","rel":"","context":"En \u00abEstilo de Vida\u00bb","block_context":{"text":"Estilo de Vida","link":"https:\/\/casadecampoliving.com\/es\/category\/estilo-de-vida\/"},"img":{"alt_text":"","src":"https:\/\/i0.wp.com\/casadecampoliving.com\/wp-content\/uploads\/2022\/10\/Stanislaus-Church-Altos-de-Chavo%CC%81n-2.jpg?fit=1000%2C600&ssl=1&resize=350%2C200","width":350,"height":200,"srcset":"https:\/\/i0.wp.com\/casadecampoliving.com\/wp-content\/uploads\/2022\/10\/Stanislaus-Church-Altos-de-Chavo%CC%81n-2.jpg?fit=1000%2C600&ssl=1&resize=350%2C200 1x, https:\/\/i0.wp.com\/casadecampoliving.com\/wp-content\/uploads\/2022\/10\/Stanislaus-Church-Altos-de-Chavo%CC%81n-2.jpg?fit=1000%2C600&ssl=1&resize=525%2C300 1.5x, https:\/\/i0.wp.com\/casadecampoliving.com\/wp-content\/uploads\/2022\/10\/Stanislaus-Church-Altos-de-Chavo%CC%81n-2.jpg?fit=1000%2C600&ssl=1&resize=700%2C400 2x"},"classes":[]},{"id":347131,"url":"https:\/\/casadecampoliving.com\/es\/horario-de-misa-de-pascua-en-altos-de-chavon\/","url_meta":{"origin":515792,"position":5},"title":"Horario de misa de Pascua en Altos de Chav\u00f3n","author":"Rebecca Silvestri","date":"2 Abr, 2015","format":false,"excerpt":"La iglesia San Estanislao en Altos de Chav\u00f3n es una de las atracciones m\u00e1s hermosas y favorita por los turistas del \u00e1rea. Primero que\u00a0nada, es una iglesia. Y Semana Santa (Pascua), m\u00e1s que una \u00e9poca de fiesta es tambi\u00e9n una celebraci\u00f3n religiosa por lo que pensamos que estar\u00eda interesado en\u2026","rel":"","context":"En \u00abAltos de Chavon @es\u00bb","block_context":{"text":"Altos de Chavon @es","link":"https:\/\/casadecampoliving.com\/category\/altos-de-chavon-es\/"},"img":{"alt_text":"Altos de Chavon church Casa de Campo","src":"https:\/\/i0.wp.com\/casadecampoliving.com\/wp-content\/uploads\/2022\/10\/altos-de-chavon-church-casa-de-campo-1.jpg?fit=650%2C498&ssl=1&resize=350%2C200","width":350,"height":200,"srcset":"https:\/\/i0.wp.com\/casadecampoliving.com\/wp-content\/uploads\/2022\/10\/altos-de-chavon-church-casa-de-campo-1.jpg?fit=650%2C498&ssl=1&resize=350%2C200 1x, https:\/\/i0.wp.com\/casadecampoliving.com\/wp-content\/uploads\/2022\/10\/altos-de-chavon-church-casa-de-campo-1.jpg?fit=650%2C498&ssl=1&resize=525%2C300 1.5x"},"classes":[]}],"jetpack_sharing_enabled":true,"_links":{"self":[{"href":"https:\/\/casadecampoliving.com\/es\/wp-json\/wp\/v2\/posts\/515792","targetHints":{"allow":["GET"]}}],"collection":[{"href":"https:\/\/casadecampoliving.com\/es\/wp-json\/wp\/v2\/posts"}],"about":[{"href":"https:\/\/casadecampoliving.com\/es\/wp-json\/wp\/v2\/types\/post"}],"author":[{"embeddable":true,"href":"https:\/\/casadecampoliving.com\/es\/wp-json\/wp\/v2\/users\/36791"}],"replies":[{"embeddable":true,"href":"https:\/\/casadecampoliving.com\/es\/wp-json\/wp\/v2\/comments?post=515792"}],"version-history":[{"count":1,"href":"https:\/\/casadecampoliving.com\/es\/wp-json\/wp\/v2\/posts\/515792\/revisions"}],"predecessor-version":[{"id":515795,"href":"https:\/\/casadecampoliving.com\/es\/wp-json\/wp\/v2\/posts\/515792\/revisions\/515795"}],"wp:featuredmedia":[{"embeddable":true,"href":"https:\/\/casadecampoliving.com\/es\/wp-json\/wp\/v2\/media\/515789"}],"wp:attachment":[{"href":"https:\/\/casadecampoliving.com\/es\/wp-json\/wp\/v2\/media?parent=515792"}],"wp:term":[{"taxonomy":"category","embeddable":true,"href":"https:\/\/casadecampoliving.com\/es\/wp-json\/wp\/v2\/categories?post=515792"},{"taxonomy":"post_tag","embeddable":true,"href":"https:\/\/casadecampoliving.com\/es\/wp-json\/wp\/v2\/tags?post=515792"},{"taxonomy":"newspack_spnsrs_tax","embeddable":true,"href":"https:\/\/casadecampoliving.com\/es\/wp-json\/wp\/v2\/newspack_spnsrs_tax?post=515792"}],"curies":[{"name":"wp","href":"https:\/\/api.w.org\/{rel}","templated":true}]}}