{"id":515777,"date":"2024-03-01T15:08:41","date_gmt":"2024-03-01T19:08:41","guid":{"rendered":"https:\/\/casadecampoliving.com\/?p=515777"},"modified":"2024-03-01T15:22:43","modified_gmt":"2024-03-01T19:22:43","slug":"diga-no-al-consumo-de-langosta-hasta-el-30-de-junio-la-veda-anual-esta-en-pleno-efecto","status":"publish","type":"post","link":"https:\/\/casadecampoliving.com\/es\/diga-no-al-consumo-de-langosta-hasta-el-30-de-junio-la-veda-anual-esta-en-pleno-efecto\/","title":{"rendered":"Diga NO al consumo de langosta hasta el 30 de junio: la veda anual est\u00e1 en pleno efecto"},"content":{"rendered":"\n<p>La veda anual de la pesca y venta de langostas, vigente desde el 1 de marzo hasta el 30 de junio, ha sido reinstaurada en la Rep\u00fablica Dominicana y pa\u00edses vecinos del Caribe y Am\u00e9rica Central. Esta prohibici\u00f3n, en vigor desde hace quince a\u00f1os, se extiende m\u00e1s all\u00e1 de la pesca de langostas, abarcando su procesamiento, distribuci\u00f3n, posesi\u00f3n a granel y comercializaci\u00f3n. En consecuencia, restaurantes y operadores tur\u00edsticos tienen prohibidos acumular suministros de langostas durante este per\u00edodo.<\/p>\n\n\n\n<figure class=\"wp-block-image size-full\"><img data-recalc-dims=\"1\" loading=\"lazy\" decoding=\"async\" width=\"1000\" height=\"600\" src=\"https:\/\/i0.wp.com\/casadecampoliving.com\/wp-content\/uploads\/2022\/10\/Fishers-Lobster-Ban-1.jpg?resize=1000%2C600&#038;ssl=1\" alt=\"\" class=\"wp-image-299970\" srcset=\"https:\/\/i0.wp.com\/casadecampoliving.com\/wp-content\/uploads\/2022\/10\/Fishers-Lobster-Ban-1.jpg?w=1000&amp;ssl=1 1000w, https:\/\/i0.wp.com\/casadecampoliving.com\/wp-content\/uploads\/2022\/10\/Fishers-Lobster-Ban-1.jpg?resize=706%2C424&amp;ssl=1 706w, https:\/\/i0.wp.com\/casadecampoliving.com\/wp-content\/uploads\/2022\/10\/Fishers-Lobster-Ban-1.jpg?resize=300%2C180&amp;ssl=1 300w, https:\/\/i0.wp.com\/casadecampoliving.com\/wp-content\/uploads\/2022\/10\/Fishers-Lobster-Ban-1.jpg?resize=768%2C461&amp;ssl=1 768w, https:\/\/i0.wp.com\/casadecampoliving.com\/wp-content\/uploads\/2022\/10\/Fishers-Lobster-Ban-1.jpg?resize=400%2C240&amp;ssl=1 400w, https:\/\/i0.wp.com\/casadecampoliving.com\/wp-content\/uploads\/2022\/10\/Fishers-Lobster-Ban-1.jpg?resize=150%2C90&amp;ssl=1 150w, https:\/\/i0.wp.com\/casadecampoliving.com\/wp-content\/uploads\/2022\/10\/Fishers-Lobster-Ban-1.jpg?w=370&amp;ssl=1 370w\" sizes=\"auto, (max-width: 1000px) 100vw, 1000px\" \/><\/figure>\n\n\n\n<p>La raz\u00f3n detr\u00e1s de esta prohibici\u00f3n radica en el estado precario de las langostas espinosas del Caribe, que enfrentan amenazas inminentes debido a la sobrepesca y la caza furtiva. Con su temporada de apareamiento coincidiendo con los meses de la veda, estos crust\u00e1ceos requieren un per\u00edodo sin perturbaciones para su repoblaci\u00f3n, subrayando as\u00ed la imperiosa necesidad de la veda para salvaguardar su supervivencia.<\/p>\n\n\n\n<p>CODOPESCA, el Consejo Dominicano de Pesca y Acuicultura, exige una estricta adherencia a la veda entre supermercados, restaurantes y pescader\u00edas, prohibiendo la adquisici\u00f3n, comercio o servicio de langostas durante este per\u00edodo. Adem\u00e1s, se exige a los establecimientos que presenten informes exhaustivos sobre sus inventarios de langostas dentro de los primeros diez d\u00edas h\u00e1biles de la prohibici\u00f3n, tras lo cual se otorga un per\u00edodo de gracia de 20 d\u00edas para el consumo, venta o eliminaci\u00f3n de su inventario existente, sujeto a verificaci\u00f3n por parte de CODOPESCA.<\/p>\n\n\n\n<div class=\"wp-block-media-text alignwide is-stacked-on-mobile\"><figure class=\"wp-block-media-text__media\"><img data-recalc-dims=\"1\" loading=\"lazy\" decoding=\"async\" width=\"600\" height=\"400\" src=\"https:\/\/i0.wp.com\/casadecampoliving.com\/wp-content\/uploads\/2022\/10\/Spiny_Lobster-1.jpg?resize=600%2C400&#038;ssl=1\" alt=\"\" class=\"wp-image-281765 size-full\" srcset=\"https:\/\/i0.wp.com\/casadecampoliving.com\/wp-content\/uploads\/2022\/10\/Spiny_Lobster-1.jpg?w=600&amp;ssl=1 600w, https:\/\/i0.wp.com\/casadecampoliving.com\/wp-content\/uploads\/2022\/10\/Spiny_Lobster-1.jpg?resize=300%2C200&amp;ssl=1 300w, https:\/\/i0.wp.com\/casadecampoliving.com\/wp-content\/uploads\/2022\/10\/Spiny_Lobster-1.jpg?resize=400%2C267&amp;ssl=1 400w, https:\/\/i0.wp.com\/casadecampoliving.com\/wp-content\/uploads\/2022\/10\/Spiny_Lobster-1.jpg?resize=150%2C100&amp;ssl=1 150w, https:\/\/i0.wp.com\/casadecampoliving.com\/wp-content\/uploads\/2022\/10\/Spiny_Lobster-1.jpg?w=370&amp;ssl=1 370w\" sizes=\"auto, (max-width: 600px) 100vw, 600px\" \/><\/figure><div class=\"wp-block-media-text__content\">\n<p>La veda ayuda a preservar la especie y mejorar la calidad de las langostas para la exportaci\u00f3n. El no cumplimiento de la prohibici\u00f3n puede resultar en multas de hasta US$50,000 y sentencias de c\u00e1rcel de hasta 10 a\u00f1os.<\/p>\n<\/div><\/div>\n\n\n\n<p>Es esencial que todos nos comprometamos a respetar la veda de la langosta, haciendo un llamado a los consumidores para que eviten comprar y consumir langostas durante el per\u00edodo de prohibici\u00f3n. Todos debemos asumir la responsabilidad de conservar estas criaturas, garantizando su existencia y podamos seguir disfrutando de ellas durante muchos a\u00f1os m\u00e1s. En \u00faltima instancia, \u00bfqu\u00e9 son unos meses sin langosta comparados con la supervivencia de la especie?<\/p>\n","protected":false},"excerpt":{"rendered":"<p>La veda anual de la pesca y venta de langostas, vigente desde el 1 de marzo hasta el 30 de junio, ha sido reinstaurada en la Rep\u00fablica Dominicana y pa\u00edses vecinos del Caribe y Am\u00e9rica Central. Esta prohibici\u00f3n, en vigor desde hace quince a\u00f1os, se extiende m\u00e1s all\u00e1 de la pesca de langostas, abarcando su [&hellip;]<\/p>\n","protected":false},"author":36791,"featured_media":515729,"comment_status":"closed","ping_status":"closed","sticky":false,"template":"","format":"standard","meta":{"newspack_ads_suppress_ads":false,"newspack_popups_has_disabled_popups":false,"newspack_sponsor_sponsorship_scope":"","newspack_sponsor_native_byline_display":"inherit","newspack_sponsor_native_category_display":"inherit","newspack_sponsor_underwriter_style":"inherit","newspack_sponsor_underwriter_placement":"inherit","_newspack_byline_active":false,"_newspack_byline":"","newspack_hide_updated_date":false,"newspack_show_updated_date":false,"newspack_content_restriction_is_exempt":false,"newspack_featured_image_position":"large","newspack_post_subtitle":"","newspack_article_summary_title":"Overview:","newspack_article_summary":"","_jetpack_memberships_contains_paid_content":false,"footnotes":"","jetpack_publicize_message":"","jetpack_publicize_feature_enabled":false,"jetpack_social_post_already_shared":false,"jetpack_social_options":{"image_generator_settings":{"template":"highway","default_image_id":0,"font":"","enabled":false},"version":2},"_wpas_customize_per_network":false},"categories":[14627,2521],"tags":[14777,16048],"newspack_spnsrs_tax":[],"class_list":["post-515777","post","type-post","status-publish","format-standard","has-post-thumbnail","hentry","category-proximamente","category-republica-dominicana-2","tag-republica-dominicana-es-18","tag-veda-a-langostas","entry"],"yoast_head":"<!-- This site is optimized with the Yoast SEO plugin v27.4 - https:\/\/yoast.com\/product\/yoast-seo-wordpress\/ -->\n<title>Diga NO al consumo de langosta hasta el 30 de junio: la veda anual est\u00e1 en pleno efecto | Casa de Campo Living<\/title>\n<meta name=\"description\" content=\"La veda anual de la pesca y venta de langostas, vigente desde el 1 de marzo hasta el 30 de junio, ha sido reinstaurada en la Rep\u00fablica Dominicana y pa\u00edses\" \/>\n<meta name=\"robots\" content=\"index, follow, max-snippet:-1, max-image-preview:large, max-video-preview:-1\" \/>\n<link rel=\"canonical\" href=\"https:\/\/casadecampoliving.com\/es\/diga-no-al-consumo-de-langosta-hasta-el-30-de-junio-la-veda-anual-esta-en-pleno-efecto\/\" \/>\n<meta property=\"og:locale\" content=\"es_ES\" \/>\n<meta property=\"og:type\" content=\"article\" \/>\n<meta property=\"og:title\" content=\"Diga NO al consumo de langosta hasta el 30 de junio: la veda anual est\u00e1 en pleno efecto | Casa de Campo Living\" \/>\n<meta property=\"og:description\" content=\"La veda anual de la pesca y venta de langostas, vigente desde el 1 de marzo hasta el 30 de junio, ha sido reinstaurada en la Rep\u00fablica Dominicana y pa\u00edses\" \/>\n<meta property=\"og:url\" content=\"https:\/\/casadecampoliving.com\/es\/diga-no-al-consumo-de-langosta-hasta-el-30-de-junio-la-veda-anual-esta-en-pleno-efecto\/\" \/>\n<meta property=\"og:site_name\" content=\"Casa de Campo Living\" \/>\n<meta property=\"article:publisher\" content=\"https:\/\/www.facebook.com\/casadecampoliving\" \/>\n<meta property=\"article:published_time\" content=\"2024-03-01T19:08:41+00:00\" \/>\n<meta property=\"article:modified_time\" content=\"2024-03-01T19:22:43+00:00\" \/>\n<meta property=\"og:image\" content=\"https:\/\/casadecampoliving.com\/wp-content\/uploads\/2023\/03\/3346228bcac1a9788.71353801-2048x1365-1.jpeg\" \/>\n\t<meta property=\"og:image:width\" content=\"2048\" \/>\n\t<meta property=\"og:image:height\" content=\"1365\" \/>\n\t<meta property=\"og:image:type\" content=\"image\/jpeg\" \/>\n<meta name=\"author\" content=\"Casa de Campo Living\" \/>\n<meta name=\"twitter:card\" content=\"summary_large_image\" \/>\n<meta name=\"twitter:creator\" content=\"@cdcliving\" \/>\n<meta name=\"twitter:site\" content=\"@cdcliving\" \/>\n<meta name=\"twitter:label1\" content=\"Escrito por\" \/>\n\t<meta name=\"twitter:data1\" content=\"Casa de Campo Living\" \/>\n\t<meta name=\"twitter:label2\" content=\"Tiempo de lectura\" \/>\n\t<meta name=\"twitter:data2\" content=\"3 minutos\" \/>\n<script type=\"application\/ld+json\" class=\"yoast-schema-graph\">{\"@context\":\"https:\\\/\\\/schema.org\",\"@graph\":[{\"@type\":\"Article\",\"@id\":\"https:\\\/\\\/casadecampoliving.com\\\/es\\\/diga-no-al-consumo-de-langosta-hasta-el-30-de-junio-la-veda-anual-esta-en-pleno-efecto\\\/#article\",\"isPartOf\":{\"@id\":\"https:\\\/\\\/casadecampoliving.com\\\/es\\\/diga-no-al-consumo-de-langosta-hasta-el-30-de-junio-la-veda-anual-esta-en-pleno-efecto\\\/\"},\"author\":{\"name\":\"Casa de Campo Living\",\"@id\":\"https:\\\/\\\/casadecampoliving.com\\\/es\\\/#\\\/schema\\\/person\\\/5d2171637a9d11e0e43ce6b8555f9422\"},\"headline\":\"Diga NO al consumo de langosta hasta el 30 de junio: la veda anual est\u00e1 en pleno efecto\",\"datePublished\":\"2024-03-01T19:08:41+00:00\",\"dateModified\":\"2024-03-01T19:22:43+00:00\",\"mainEntityOfPage\":{\"@id\":\"https:\\\/\\\/casadecampoliving.com\\\/es\\\/diga-no-al-consumo-de-langosta-hasta-el-30-de-junio-la-veda-anual-esta-en-pleno-efecto\\\/\"},\"wordCount\":381,\"publisher\":{\"@id\":\"https:\\\/\\\/casadecampoliving.com\\\/es\\\/#organization\"},\"image\":{\"@id\":\"https:\\\/\\\/casadecampoliving.com\\\/es\\\/diga-no-al-consumo-de-langosta-hasta-el-30-de-junio-la-veda-anual-esta-en-pleno-efecto\\\/#primaryimage\"},\"thumbnailUrl\":\"https:\\\/\\\/i0.wp.com\\\/casadecampoliving.com\\\/wp-content\\\/uploads\\\/2023\\\/03\\\/3346228bcac1a9788.71353801-2048x1365-1.jpeg?fit=2048%2C1365&ssl=1\",\"keywords\":[\"Republica Dominicana\",\"Veda a Langostas\"],\"articleSection\":[\"Proximamente\",\"Rep\u00fablica Dominicana @es\"],\"inLanguage\":\"es\"},{\"@type\":\"WebPage\",\"@id\":\"https:\\\/\\\/casadecampoliving.com\\\/es\\\/diga-no-al-consumo-de-langosta-hasta-el-30-de-junio-la-veda-anual-esta-en-pleno-efecto\\\/\",\"url\":\"https:\\\/\\\/casadecampoliving.com\\\/es\\\/diga-no-al-consumo-de-langosta-hasta-el-30-de-junio-la-veda-anual-esta-en-pleno-efecto\\\/\",\"name\":\"Diga NO al consumo de langosta hasta el 30 de junio: la veda anual est\u00e1 en pleno efecto | Casa de Campo Living\",\"isPartOf\":{\"@id\":\"https:\\\/\\\/casadecampoliving.com\\\/es\\\/#website\"},\"primaryImageOfPage\":{\"@id\":\"https:\\\/\\\/casadecampoliving.com\\\/es\\\/diga-no-al-consumo-de-langosta-hasta-el-30-de-junio-la-veda-anual-esta-en-pleno-efecto\\\/#primaryimage\"},\"image\":{\"@id\":\"https:\\\/\\\/casadecampoliving.com\\\/es\\\/diga-no-al-consumo-de-langosta-hasta-el-30-de-junio-la-veda-anual-esta-en-pleno-efecto\\\/#primaryimage\"},\"thumbnailUrl\":\"https:\\\/\\\/i0.wp.com\\\/casadecampoliving.com\\\/wp-content\\\/uploads\\\/2023\\\/03\\\/3346228bcac1a9788.71353801-2048x1365-1.jpeg?fit=2048%2C1365&ssl=1\",\"datePublished\":\"2024-03-01T19:08:41+00:00\",\"dateModified\":\"2024-03-01T19:22:43+00:00\",\"description\":\"La veda anual de la pesca y venta de langostas, vigente desde el 1 de marzo hasta el 30 de junio, ha sido reinstaurada en la Rep\u00fablica Dominicana y pa\u00edses\",\"breadcrumb\":{\"@id\":\"https:\\\/\\\/casadecampoliving.com\\\/es\\\/diga-no-al-consumo-de-langosta-hasta-el-30-de-junio-la-veda-anual-esta-en-pleno-efecto\\\/#breadcrumb\"},\"inLanguage\":\"es\",\"potentialAction\":[{\"@type\":\"ReadAction\",\"target\":[\"https:\\\/\\\/casadecampoliving.com\\\/es\\\/diga-no-al-consumo-de-langosta-hasta-el-30-de-junio-la-veda-anual-esta-en-pleno-efecto\\\/\"]}]},{\"@type\":\"ImageObject\",\"inLanguage\":\"es\",\"@id\":\"https:\\\/\\\/casadecampoliving.com\\\/es\\\/diga-no-al-consumo-de-langosta-hasta-el-30-de-junio-la-veda-anual-esta-en-pleno-efecto\\\/#primaryimage\",\"url\":\"https:\\\/\\\/i0.wp.com\\\/casadecampoliving.com\\\/wp-content\\\/uploads\\\/2023\\\/03\\\/3346228bcac1a9788.71353801-2048x1365-1.jpeg?fit=2048%2C1365&ssl=1\",\"contentUrl\":\"https:\\\/\\\/i0.wp.com\\\/casadecampoliving.com\\\/wp-content\\\/uploads\\\/2023\\\/03\\\/3346228bcac1a9788.71353801-2048x1365-1.jpeg?fit=2048%2C1365&ssl=1\",\"width\":2048,\"height\":1365},{\"@type\":\"BreadcrumbList\",\"@id\":\"https:\\\/\\\/casadecampoliving.com\\\/es\\\/diga-no-al-consumo-de-langosta-hasta-el-30-de-junio-la-veda-anual-esta-en-pleno-efecto\\\/#breadcrumb\",\"itemListElement\":[{\"@type\":\"ListItem\",\"position\":1,\"name\":\"Home\",\"item\":\"https:\\\/\\\/casadecampoliving.com\\\/es\\\/\"},{\"@type\":\"ListItem\",\"position\":2,\"name\":\"Diga NO al consumo de langosta hasta el 30 de junio: la veda anual est\u00e1 en pleno efecto\"}]},{\"@type\":\"WebSite\",\"@id\":\"https:\\\/\\\/casadecampoliving.com\\\/es\\\/#website\",\"url\":\"https:\\\/\\\/casadecampoliving.com\\\/es\\\/\",\"name\":\"Casa de Campo Living\",\"description\":\"Resort community news and resources.\",\"publisher\":{\"@id\":\"https:\\\/\\\/casadecampoliving.com\\\/es\\\/#organization\"},\"potentialAction\":[{\"@type\":\"SearchAction\",\"target\":{\"@type\":\"EntryPoint\",\"urlTemplate\":\"https:\\\/\\\/casadecampoliving.com\\\/es\\\/?s={search_term_string}\"},\"query-input\":{\"@type\":\"PropertyValueSpecification\",\"valueRequired\":true,\"valueName\":\"search_term_string\"}}],\"inLanguage\":\"es\"},{\"@type\":\"Organization\",\"@id\":\"https:\\\/\\\/casadecampoliving.com\\\/es\\\/#organization\",\"name\":\"Casa de Campo Living\",\"url\":\"https:\\\/\\\/casadecampoliving.com\\\/es\\\/\",\"logo\":{\"@type\":\"ImageObject\",\"inLanguage\":\"es\",\"@id\":\"https:\\\/\\\/casadecampoliving.com\\\/es\\\/#\\\/schema\\\/logo\\\/image\\\/\",\"url\":\"https:\\\/\\\/i0.wp.com\\\/casadecampoliving.com\\\/wp-content\\\/uploads\\\/2022\\\/07\\\/CDCLivingLogo_V1-white-sized.png?fit=800%2C214&ssl=1\",\"contentUrl\":\"https:\\\/\\\/i0.wp.com\\\/casadecampoliving.com\\\/wp-content\\\/uploads\\\/2022\\\/07\\\/CDCLivingLogo_V1-white-sized.png?fit=800%2C214&ssl=1\",\"width\":800,\"height\":214,\"caption\":\"Casa de Campo Living\"},\"image\":{\"@id\":\"https:\\\/\\\/casadecampoliving.com\\\/es\\\/#\\\/schema\\\/logo\\\/image\\\/\"},\"sameAs\":[\"https:\\\/\\\/www.facebook.com\\\/casadecampoliving\",\"https:\\\/\\\/x.com\\\/cdcliving\"]},{\"@type\":\"Person\",\"@id\":\"https:\\\/\\\/casadecampoliving.com\\\/es\\\/#\\\/schema\\\/person\\\/5d2171637a9d11e0e43ce6b8555f9422\",\"name\":\"Casa de Campo Living\",\"image\":{\"@type\":\"ImageObject\",\"inLanguage\":\"es\",\"@id\":\"https:\\\/\\\/secure.gravatar.com\\\/avatar\\\/d04101fa4a9fd431e939953b1500fdc7a73cd35029f86d98712fd8ccdaebaf9a?s=96&d=mm&r=g\",\"url\":\"https:\\\/\\\/secure.gravatar.com\\\/avatar\\\/d04101fa4a9fd431e939953b1500fdc7a73cd35029f86d98712fd8ccdaebaf9a?s=96&d=mm&r=g\",\"contentUrl\":\"https:\\\/\\\/secure.gravatar.com\\\/avatar\\\/d04101fa4a9fd431e939953b1500fdc7a73cd35029f86d98712fd8ccdaebaf9a?s=96&d=mm&r=g\",\"caption\":\"Casa de Campo Living\"},\"url\":\"https:\\\/\\\/casadecampoliving.com\\\/es\\\/author\\\/casa-de-campo-living\\\/\"}]}<\/script>\n<!-- \/ Yoast SEO plugin. -->","yoast_head_json":{"title":"Diga NO al consumo de langosta hasta el 30 de junio: la veda anual est\u00e1 en pleno efecto | Casa de Campo Living","description":"La veda anual de la pesca y venta de langostas, vigente desde el 1 de marzo hasta el 30 de junio, ha sido reinstaurada en la Rep\u00fablica Dominicana y pa\u00edses","robots":{"index":"index","follow":"follow","max-snippet":"max-snippet:-1","max-image-preview":"max-image-preview:large","max-video-preview":"max-video-preview:-1"},"canonical":"https:\/\/casadecampoliving.com\/es\/diga-no-al-consumo-de-langosta-hasta-el-30-de-junio-la-veda-anual-esta-en-pleno-efecto\/","og_locale":"es_ES","og_type":"article","og_title":"Diga NO al consumo de langosta hasta el 30 de junio: la veda anual est\u00e1 en pleno efecto | Casa de Campo Living","og_description":"La veda anual de la pesca y venta de langostas, vigente desde el 1 de marzo hasta el 30 de junio, ha sido reinstaurada en la Rep\u00fablica Dominicana y pa\u00edses","og_url":"https:\/\/casadecampoliving.com\/es\/diga-no-al-consumo-de-langosta-hasta-el-30-de-junio-la-veda-anual-esta-en-pleno-efecto\/","og_site_name":"Casa de Campo Living","article_publisher":"https:\/\/www.facebook.com\/casadecampoliving","article_published_time":"2024-03-01T19:08:41+00:00","article_modified_time":"2024-03-01T19:22:43+00:00","og_image":[{"width":2048,"height":1365,"url":"https:\/\/casadecampoliving.com\/wp-content\/uploads\/2023\/03\/3346228bcac1a9788.71353801-2048x1365-1.jpeg","type":"image\/jpeg"}],"author":"Casa de Campo Living","twitter_card":"summary_large_image","twitter_creator":"@cdcliving","twitter_site":"@cdcliving","twitter_misc":{"Escrito por":"Casa de Campo Living","Tiempo de lectura":"3 minutos"},"schema":{"@context":"https:\/\/schema.org","@graph":[{"@type":"Article","@id":"https:\/\/casadecampoliving.com\/es\/diga-no-al-consumo-de-langosta-hasta-el-30-de-junio-la-veda-anual-esta-en-pleno-efecto\/#article","isPartOf":{"@id":"https:\/\/casadecampoliving.com\/es\/diga-no-al-consumo-de-langosta-hasta-el-30-de-junio-la-veda-anual-esta-en-pleno-efecto\/"},"author":{"name":"Casa de Campo Living","@id":"https:\/\/casadecampoliving.com\/es\/#\/schema\/person\/5d2171637a9d11e0e43ce6b8555f9422"},"headline":"Diga NO al consumo de langosta hasta el 30 de junio: la veda anual est\u00e1 en pleno efecto","datePublished":"2024-03-01T19:08:41+00:00","dateModified":"2024-03-01T19:22:43+00:00","mainEntityOfPage":{"@id":"https:\/\/casadecampoliving.com\/es\/diga-no-al-consumo-de-langosta-hasta-el-30-de-junio-la-veda-anual-esta-en-pleno-efecto\/"},"wordCount":381,"publisher":{"@id":"https:\/\/casadecampoliving.com\/es\/#organization"},"image":{"@id":"https:\/\/casadecampoliving.com\/es\/diga-no-al-consumo-de-langosta-hasta-el-30-de-junio-la-veda-anual-esta-en-pleno-efecto\/#primaryimage"},"thumbnailUrl":"https:\/\/i0.wp.com\/casadecampoliving.com\/wp-content\/uploads\/2023\/03\/3346228bcac1a9788.71353801-2048x1365-1.jpeg?fit=2048%2C1365&ssl=1","keywords":["Republica Dominicana","Veda a Langostas"],"articleSection":["Proximamente","Rep\u00fablica Dominicana @es"],"inLanguage":"es"},{"@type":"WebPage","@id":"https:\/\/casadecampoliving.com\/es\/diga-no-al-consumo-de-langosta-hasta-el-30-de-junio-la-veda-anual-esta-en-pleno-efecto\/","url":"https:\/\/casadecampoliving.com\/es\/diga-no-al-consumo-de-langosta-hasta-el-30-de-junio-la-veda-anual-esta-en-pleno-efecto\/","name":"Diga NO al consumo de langosta hasta el 30 de junio: la veda anual est\u00e1 en pleno efecto | Casa de Campo Living","isPartOf":{"@id":"https:\/\/casadecampoliving.com\/es\/#website"},"primaryImageOfPage":{"@id":"https:\/\/casadecampoliving.com\/es\/diga-no-al-consumo-de-langosta-hasta-el-30-de-junio-la-veda-anual-esta-en-pleno-efecto\/#primaryimage"},"image":{"@id":"https:\/\/casadecampoliving.com\/es\/diga-no-al-consumo-de-langosta-hasta-el-30-de-junio-la-veda-anual-esta-en-pleno-efecto\/#primaryimage"},"thumbnailUrl":"https:\/\/i0.wp.com\/casadecampoliving.com\/wp-content\/uploads\/2023\/03\/3346228bcac1a9788.71353801-2048x1365-1.jpeg?fit=2048%2C1365&ssl=1","datePublished":"2024-03-01T19:08:41+00:00","dateModified":"2024-03-01T19:22:43+00:00","description":"La veda anual de la pesca y venta de langostas, vigente desde el 1 de marzo hasta el 30 de junio, ha sido reinstaurada en la Rep\u00fablica Dominicana y pa\u00edses","breadcrumb":{"@id":"https:\/\/casadecampoliving.com\/es\/diga-no-al-consumo-de-langosta-hasta-el-30-de-junio-la-veda-anual-esta-en-pleno-efecto\/#breadcrumb"},"inLanguage":"es","potentialAction":[{"@type":"ReadAction","target":["https:\/\/casadecampoliving.com\/es\/diga-no-al-consumo-de-langosta-hasta-el-30-de-junio-la-veda-anual-esta-en-pleno-efecto\/"]}]},{"@type":"ImageObject","inLanguage":"es","@id":"https:\/\/casadecampoliving.com\/es\/diga-no-al-consumo-de-langosta-hasta-el-30-de-junio-la-veda-anual-esta-en-pleno-efecto\/#primaryimage","url":"https:\/\/i0.wp.com\/casadecampoliving.com\/wp-content\/uploads\/2023\/03\/3346228bcac1a9788.71353801-2048x1365-1.jpeg?fit=2048%2C1365&ssl=1","contentUrl":"https:\/\/i0.wp.com\/casadecampoliving.com\/wp-content\/uploads\/2023\/03\/3346228bcac1a9788.71353801-2048x1365-1.jpeg?fit=2048%2C1365&ssl=1","width":2048,"height":1365},{"@type":"BreadcrumbList","@id":"https:\/\/casadecampoliving.com\/es\/diga-no-al-consumo-de-langosta-hasta-el-30-de-junio-la-veda-anual-esta-en-pleno-efecto\/#breadcrumb","itemListElement":[{"@type":"ListItem","position":1,"name":"Home","item":"https:\/\/casadecampoliving.com\/es\/"},{"@type":"ListItem","position":2,"name":"Diga NO al consumo de langosta hasta el 30 de junio: la veda anual est\u00e1 en pleno efecto"}]},{"@type":"WebSite","@id":"https:\/\/casadecampoliving.com\/es\/#website","url":"https:\/\/casadecampoliving.com\/es\/","name":"Casa de Campo Living","description":"Resort community news and resources.","publisher":{"@id":"https:\/\/casadecampoliving.com\/es\/#organization"},"potentialAction":[{"@type":"SearchAction","target":{"@type":"EntryPoint","urlTemplate":"https:\/\/casadecampoliving.com\/es\/?s={search_term_string}"},"query-input":{"@type":"PropertyValueSpecification","valueRequired":true,"valueName":"search_term_string"}}],"inLanguage":"es"},{"@type":"Organization","@id":"https:\/\/casadecampoliving.com\/es\/#organization","name":"Casa de Campo Living","url":"https:\/\/casadecampoliving.com\/es\/","logo":{"@type":"ImageObject","inLanguage":"es","@id":"https:\/\/casadecampoliving.com\/es\/#\/schema\/logo\/image\/","url":"https:\/\/i0.wp.com\/casadecampoliving.com\/wp-content\/uploads\/2022\/07\/CDCLivingLogo_V1-white-sized.png?fit=800%2C214&ssl=1","contentUrl":"https:\/\/i0.wp.com\/casadecampoliving.com\/wp-content\/uploads\/2022\/07\/CDCLivingLogo_V1-white-sized.png?fit=800%2C214&ssl=1","width":800,"height":214,"caption":"Casa de Campo Living"},"image":{"@id":"https:\/\/casadecampoliving.com\/es\/#\/schema\/logo\/image\/"},"sameAs":["https:\/\/www.facebook.com\/casadecampoliving","https:\/\/x.com\/cdcliving"]},{"@type":"Person","@id":"https:\/\/casadecampoliving.com\/es\/#\/schema\/person\/5d2171637a9d11e0e43ce6b8555f9422","name":"Casa de Campo Living","image":{"@type":"ImageObject","inLanguage":"es","@id":"https:\/\/secure.gravatar.com\/avatar\/d04101fa4a9fd431e939953b1500fdc7a73cd35029f86d98712fd8ccdaebaf9a?s=96&d=mm&r=g","url":"https:\/\/secure.gravatar.com\/avatar\/d04101fa4a9fd431e939953b1500fdc7a73cd35029f86d98712fd8ccdaebaf9a?s=96&d=mm&r=g","contentUrl":"https:\/\/secure.gravatar.com\/avatar\/d04101fa4a9fd431e939953b1500fdc7a73cd35029f86d98712fd8ccdaebaf9a?s=96&d=mm&r=g","caption":"Casa de Campo Living"},"url":"https:\/\/casadecampoliving.com\/es\/author\/casa-de-campo-living\/"}]}},"parsely":{"version":"1.1.0","canonical_url":"https:\/\/casadecampoliving.com\/es\/diga-no-al-consumo-de-langosta-hasta-el-30-de-junio-la-veda-anual-esta-en-pleno-efecto\/","smart_links":{"inbound":0,"outbound":0},"traffic_boost_suggestions_count":0,"meta":{"@context":"https:\/\/schema.org","@type":"NewsArticle","headline":"Diga NO al consumo de langosta hasta el 30 de junio: la veda anual est\u00e1 en pleno efecto","url":"http:\/\/casadecampoliving.com\/es\/diga-no-al-consumo-de-langosta-hasta-el-30-de-junio-la-veda-anual-esta-en-pleno-efecto\/","mainEntityOfPage":{"@type":"WebPage","@id":"http:\/\/casadecampoliving.com\/es\/diga-no-al-consumo-de-langosta-hasta-el-30-de-junio-la-veda-anual-esta-en-pleno-efecto\/"},"thumbnailUrl":"https:\/\/i0.wp.com\/casadecampoliving.com\/wp-content\/uploads\/2023\/03\/3346228bcac1a9788.71353801-2048x1365-1.jpeg?resize=150%2C150&ssl=1","image":{"@type":"ImageObject","url":"https:\/\/i0.wp.com\/casadecampoliving.com\/wp-content\/uploads\/2023\/03\/3346228bcac1a9788.71353801-2048x1365-1.jpeg?fit=2048%2C1365&ssl=1"},"articleSection":"Proximamente","author":[{"@type":"Person","name":"Casa de Campo Living"}],"creator":["Casa de Campo Living"],"publisher":{"@type":"Organization","name":"Casa de Campo Living","logo":"https:\/\/casadecampoliving.com\/wp-content\/uploads\/2022\/07\/CDCLivingLogo_V1-white-sized.png"},"keywords":["republica dominicana","veda a langostas"],"dateCreated":"2024-03-01T19:08:41Z","datePublished":"2024-03-01T19:08:41Z","dateModified":"2024-03-01T19:22:43Z"},"rendered":"<script type=\"application\/ld+json\" class=\"wp-parsely-metadata\">{\"@context\":\"https:\\\/\\\/schema.org\",\"@type\":\"NewsArticle\",\"headline\":\"Diga NO al consumo de langosta hasta el 30 de junio: la veda anual est\\u00e1 en pleno efecto\",\"url\":\"http:\\\/\\\/casadecampoliving.com\\\/es\\\/diga-no-al-consumo-de-langosta-hasta-el-30-de-junio-la-veda-anual-esta-en-pleno-efecto\\\/\",\"mainEntityOfPage\":{\"@type\":\"WebPage\",\"@id\":\"http:\\\/\\\/casadecampoliving.com\\\/es\\\/diga-no-al-consumo-de-langosta-hasta-el-30-de-junio-la-veda-anual-esta-en-pleno-efecto\\\/\"},\"thumbnailUrl\":\"https:\\\/\\\/i0.wp.com\\\/casadecampoliving.com\\\/wp-content\\\/uploads\\\/2023\\\/03\\\/3346228bcac1a9788.71353801-2048x1365-1.jpeg?resize=150%2C150&ssl=1\",\"image\":{\"@type\":\"ImageObject\",\"url\":\"https:\\\/\\\/i0.wp.com\\\/casadecampoliving.com\\\/wp-content\\\/uploads\\\/2023\\\/03\\\/3346228bcac1a9788.71353801-2048x1365-1.jpeg?fit=2048%2C1365&ssl=1\"},\"articleSection\":\"Proximamente\",\"author\":[{\"@type\":\"Person\",\"name\":\"Casa de Campo Living\"}],\"creator\":[\"Casa de Campo Living\"],\"publisher\":{\"@type\":\"Organization\",\"name\":\"Casa de Campo Living\",\"logo\":\"https:\\\/\\\/casadecampoliving.com\\\/wp-content\\\/uploads\\\/2022\\\/07\\\/CDCLivingLogo_V1-white-sized.png\"},\"keywords\":[\"republica dominicana\",\"veda a langostas\"],\"dateCreated\":\"2024-03-01T19:08:41Z\",\"datePublished\":\"2024-03-01T19:08:41Z\",\"dateModified\":\"2024-03-01T19:22:43Z\"}<\/script>","tracker_url":"https:\/\/cdn.parsely.com\/keys\/casadecampoliving.com\/p.js"},"jetpack_publicize_connections":[],"jetpack_featured_media_url":"https:\/\/i0.wp.com\/casadecampoliving.com\/wp-content\/uploads\/2023\/03\/3346228bcac1a9788.71353801-2048x1365-1.jpeg?fit=2048%2C1365&ssl=1","jetpack-related-posts":[{"id":353990,"url":"https:\/\/casadecampoliving.com\/es\/comenzo-la-veda-anual-de-la-langosta-aqui-le-explicamos-por-que-no-debe-comer-ni-comprar-langosta-hasta-el-30-de-junio\/","url_meta":{"origin":515777,"position":0},"title":"Comenz\u00f3 la veda anual de la langosta\u2026 Aqu\u00ed le explicamos por qu\u00e9 NO debe comer ni comprar langosta hasta el 30 de junio","author":"Casa de Campo Living","date":"3 Mar, 2022","format":false,"excerpt":"La Rep\u00fablica Dominicana, junto con otros pa\u00edses del Caribe y Centroam\u00e9rica, ha prohibido a sus residentes y visitantes la pesca y la venta de langostas desde el 1 de marzo hasta el 30 de junio. Es por eso que cuando est\u00e9s en un barco, en la playa o en un\u2026","rel":"","context":"En \u00abEl Semanal\u00bb","block_context":{"text":"El Semanal","link":"https:\/\/casadecampoliving.com\/es\/category\/el-semanal\/"},"img":{"alt_text":"","src":"https:\/\/i0.wp.com\/casadecampoliving.com\/wp-content\/uploads\/2022\/10\/pexels-roger-brown-5147257-lobster-1.jpg?fit=1000%2C667&ssl=1&resize=350%2C200","width":350,"height":200,"srcset":"https:\/\/i0.wp.com\/casadecampoliving.com\/wp-content\/uploads\/2022\/10\/pexels-roger-brown-5147257-lobster-1.jpg?fit=1000%2C667&ssl=1&resize=350%2C200 1x, https:\/\/i0.wp.com\/casadecampoliving.com\/wp-content\/uploads\/2022\/10\/pexels-roger-brown-5147257-lobster-1.jpg?fit=1000%2C667&ssl=1&resize=525%2C300 1.5x, https:\/\/i0.wp.com\/casadecampoliving.com\/wp-content\/uploads\/2022\/10\/pexels-roger-brown-5147257-lobster-1.jpg?fit=1000%2C667&ssl=1&resize=700%2C400 2x"},"classes":[]},{"id":338614,"url":"https:\/\/casadecampoliving.com\/es\/prohibicion-de-la-pesca-y-comercializacion-de-langostas-en-la-republica-dominicana-del-1-de-marzo-al-30-de-junio\/","url_meta":{"origin":515777,"position":1},"title":"Prohibici\u00f3n de la pesca y comercializaci\u00f3n de langostas en la Rep\u00fablica Dominicana: Del 1 de marzo al 30 de junio","author":"","date":"23 Mar, 2012","format":false,"excerpt":"La Rep\u00fablica Dominicana se ha unido a la aplicaci\u00f3n de la tercera veda de la pesca y comercializaci\u00f3n de langostas en el Caribe y Centroam\u00e9rica \u2013 y es por esta raz\u00f3n que les recordamos NO hacerlo dentro del per\u00edodo establecido del 1 de marzo al 30 de junio! Si bien\u2026","rel":"","context":"En \u00abDestacados\u00bb","block_context":{"text":"Destacados","link":"https:\/\/casadecampoliving.com\/es\/category\/destacados\/"},"img":{"alt_text":"lobster dominican republic","src":"https:\/\/i0.wp.com\/casadecampoliving.com\/wp-content\/uploads\/2022\/10\/lobster_dominican_republic-1.jpg?fit=650%2C388&ssl=1&resize=350%2C200","width":350,"height":200,"srcset":"https:\/\/i0.wp.com\/casadecampoliving.com\/wp-content\/uploads\/2022\/10\/lobster_dominican_republic-1.jpg?fit=650%2C388&ssl=1&resize=350%2C200 1x, https:\/\/i0.wp.com\/casadecampoliving.com\/wp-content\/uploads\/2022\/10\/lobster_dominican_republic-1.jpg?fit=650%2C388&ssl=1&resize=525%2C300 1.5x"},"classes":[]},{"id":351204,"url":"https:\/\/casadecampoliving.com\/es\/la-veda-anual-de-la-langosta-2017-esta-en-efecto\/","url_meta":{"origin":515777,"position":2},"title":"Comenz\u00f3 la veda anual de la langosta&#8230; \u00a1Diga NO al consumo y a la pesca de la langosta!","author":"Marlenys Guzm\u00e1n Casta\u00f1os","date":"3 Mar, 2017","format":false,"excerpt":"Ya estamos en esa \u00e9poca del a\u00f1o otra vez\u2026 La Rep\u00fablica Dominicana, junto con otros pa\u00edses del Caribe y Centroam\u00e9rica, ha prohibido a sus residentes y visitantes la pesca y la venta de langostas \u00a1desde el 1 de marzo hasta el 30 de junio! Es por eso que cuando est\u00e9s\u2026","rel":"","context":"En \u00abComidas &amp; Bebidas\u00bb","block_context":{"text":"Comidas &amp; Bebidas","link":"https:\/\/casadecampoliving.com\/es\/category\/comidas-bebidas\/"},"img":{"alt_text":"","src":"https:\/\/i0.wp.com\/casadecampoliving.com\/wp-content\/uploads\/2022\/10\/Fishers-Lobster-Ban.jpg?fit=1000%2C600&ssl=1&resize=350%2C200","width":350,"height":200,"srcset":"https:\/\/i0.wp.com\/casadecampoliving.com\/wp-content\/uploads\/2022\/10\/Fishers-Lobster-Ban.jpg?fit=1000%2C600&ssl=1&resize=350%2C200 1x, https:\/\/i0.wp.com\/casadecampoliving.com\/wp-content\/uploads\/2022\/10\/Fishers-Lobster-Ban.jpg?fit=1000%2C600&ssl=1&resize=525%2C300 1.5x, https:\/\/i0.wp.com\/casadecampoliving.com\/wp-content\/uploads\/2022\/10\/Fishers-Lobster-Ban.jpg?fit=1000%2C600&ssl=1&resize=700%2C400 2x"},"classes":[]},{"id":344024,"url":"https:\/\/casadecampoliving.com\/es\/diga-las-langostas\/","url_meta":{"origin":515777,"position":3},"title":"Diga NO a las langostas","author":"Perkin Agramonte","date":"18 Mar, 2014","format":false,"excerpt":"\u00bfTe gusta la langosta? Bueno, si tu respuesta es \u201cs\u00ed\u201d, desafortunadamente tendr\u00e9 que decirte que tendr\u00e1s que esperar hasta finales de junio para volver a comer una de estas. \u00bfPor qu\u00e9? Porque hay una prohibici\u00f3n de PESCAR y PROCESAR langostas en la regi\u00f3n del Caribe desde el 1ro de marzo\u2026","rel":"","context":"En \u00abCasa de Campo Living @es\u00bb","block_context":{"text":"Casa de Campo Living @es","link":"https:\/\/casadecampoliving.com\/category\/casa-de-campo-living-es\/"},"img":{"alt_text":"lobster dominican republic","src":"https:\/\/i0.wp.com\/casadecampoliving.com\/wp-content\/uploads\/2022\/10\/lobster_dominican_republic1-1.jpg?fit=650%2C365&ssl=1&resize=350%2C200","width":350,"height":200,"srcset":"https:\/\/i0.wp.com\/casadecampoliving.com\/wp-content\/uploads\/2022\/10\/lobster_dominican_republic1-1.jpg?fit=650%2C365&ssl=1&resize=350%2C200 1x, https:\/\/i0.wp.com\/casadecampoliving.com\/wp-content\/uploads\/2022\/10\/lobster_dominican_republic1-1.jpg?fit=650%2C365&ssl=1&resize=525%2C300 1.5x"},"classes":[]},{"id":349551,"url":"https:\/\/casadecampoliving.com\/es\/rd-establece-veda-de-langosta-especie-en-peligro-de-extincion\/","url_meta":{"origin":515777,"position":4},"title":"Di NO a la langosta: RD establece una veda de langostas para ayudar a proteger a las especies en peligro de extinci\u00f3n","author":"Anna Pavilsova","date":"6 Abr, 2016","format":false,"excerpt":"\u00bfTe gusta la langosta? A nosotros tambi\u00e9n; Sin embargo, por el momento tenemos que decir que no a consumir langostas locales. Nos encontramos en medio de una veda de langosta en la Rep\u00fablica Dominicana. La prohibici\u00f3n de su\u00a0PESCA \u00a0y PROCESAMIENTO en el Caribe se extiende desde el 1ero de marzo\u2026","rel":"","context":"En \u00abCasa de Campo Living @es\u00bb","block_context":{"text":"Casa de Campo Living @es","link":"https:\/\/casadecampoliving.com\/category\/casa-de-campo-living-es\/"},"img":{"alt_text":"lobster dominican republic","src":"https:\/\/i0.wp.com\/casadecampoliving.com\/wp-content\/uploads\/2022\/10\/lobster_dominican_republic1-1.jpg?fit=650%2C365&ssl=1&resize=350%2C200","width":350,"height":200,"srcset":"https:\/\/i0.wp.com\/casadecampoliving.com\/wp-content\/uploads\/2022\/10\/lobster_dominican_republic1-1.jpg?fit=650%2C365&ssl=1&resize=350%2C200 1x, https:\/\/i0.wp.com\/casadecampoliving.com\/wp-content\/uploads\/2022\/10\/lobster_dominican_republic1-1.jpg?fit=650%2C365&ssl=1&resize=525%2C300 1.5x"},"classes":[]},{"id":340767,"url":"https:\/\/casadecampoliving.com\/es\/la-veda-de-la-pesca-de-langostas-en-vigencia-entre-marzo-a-junio\/","url_meta":{"origin":515777,"position":5},"title":"\u00a1La veda de la pesca de langostas en vigencia entre marzo a junio!","author":"","date":"11 Mar, 2013","format":false,"excerpt":"A partir del 1 de marzo hasta el 30 de junio, entrar\u00e1 en vigencia la veda de la pesca de langostas en la Rep\u00fablica Dominicana, as\u00ed como en el resto de los pa\u00edses del Caribe y Am\u00e9rica Central, con el prop\u00f3sito de contribuir a preservar esta especie en peligro de\u2026","rel":"","context":"En \u00abComidas &amp; Bebidas\u00bb","block_context":{"text":"Comidas &amp; Bebidas","link":"https:\/\/casadecampoliving.com\/es\/category\/comidas-bebidas\/"},"img":{"alt_text":"lobster dominican republic","src":"https:\/\/i0.wp.com\/casadecampoliving.com\/wp-content\/uploads\/2022\/10\/lobster_dominican_republic2-1.jpg?fit=650%2C304&ssl=1&resize=350%2C200","width":350,"height":200,"srcset":"https:\/\/i0.wp.com\/casadecampoliving.com\/wp-content\/uploads\/2022\/10\/lobster_dominican_republic2-1.jpg?fit=650%2C304&ssl=1&resize=350%2C200 1x, https:\/\/i0.wp.com\/casadecampoliving.com\/wp-content\/uploads\/2022\/10\/lobster_dominican_republic2-1.jpg?fit=650%2C304&ssl=1&resize=525%2C300 1.5x"},"classes":[]}],"jetpack_sharing_enabled":true,"_links":{"self":[{"href":"https:\/\/casadecampoliving.com\/es\/wp-json\/wp\/v2\/posts\/515777","targetHints":{"allow":["GET"]}}],"collection":[{"href":"https:\/\/casadecampoliving.com\/es\/wp-json\/wp\/v2\/posts"}],"about":[{"href":"https:\/\/casadecampoliving.com\/es\/wp-json\/wp\/v2\/types\/post"}],"author":[{"embeddable":true,"href":"https:\/\/casadecampoliving.com\/es\/wp-json\/wp\/v2\/users\/36791"}],"replies":[{"embeddable":true,"href":"https:\/\/casadecampoliving.com\/es\/wp-json\/wp\/v2\/comments?post=515777"}],"version-history":[{"count":3,"href":"https:\/\/casadecampoliving.com\/es\/wp-json\/wp\/v2\/posts\/515777\/revisions"}],"predecessor-version":[{"id":527243,"href":"https:\/\/casadecampoliving.com\/es\/wp-json\/wp\/v2\/posts\/515777\/revisions\/527243"}],"wp:featuredmedia":[{"embeddable":true,"href":"https:\/\/casadecampoliving.com\/es\/wp-json\/wp\/v2\/media\/515729"}],"wp:attachment":[{"href":"https:\/\/casadecampoliving.com\/es\/wp-json\/wp\/v2\/media?parent=515777"}],"wp:term":[{"taxonomy":"category","embeddable":true,"href":"https:\/\/casadecampoliving.com\/es\/wp-json\/wp\/v2\/categories?post=515777"},{"taxonomy":"post_tag","embeddable":true,"href":"https:\/\/casadecampoliving.com\/es\/wp-json\/wp\/v2\/tags?post=515777"},{"taxonomy":"newspack_spnsrs_tax","embeddable":true,"href":"https:\/\/casadecampoliving.com\/es\/wp-json\/wp\/v2\/newspack_spnsrs_tax?post=515777"}],"curies":[{"name":"wp","href":"https:\/\/api.w.org\/{rel}","templated":true}]}}